{"id":11110,"date":"2019-02-05T07:00:43","date_gmt":"2019-02-05T06:00:43","guid":{"rendered":"http:\/\/coeser.de\/blog\/?p=11110"},"modified":"2022-10-04T10:50:39","modified_gmt":"2022-10-04T08:50:39","slug":"cesky-krumlov-die-5-schoensten-fotospots","status":"publish","type":"post","link":"https:\/\/coeser.de\/blog\/index.php\/2019\/02\/05\/cesky-krumlov-die-5-schoensten-fotospots\/","title":{"rendered":"\u010cesk\u00fd Krumlov: Die 5 sch\u00f6nsten Fotospots"},"content":{"rendered":"<p><strong>\u010cesk\u00fd Krumlov geh\u00f6rt dank seines mittelalterlichen Stadtbildes, das unheimlich attraktiv aussieht, zu den absoluten Topzielen in Tschechien. Ich wollte mir davon einmal selbst ein Bild machen und nahm in der s\u00fcdb\u00f6hmischen Stadt einen fotografischen Besuch vor. F\u00fcr euch habe ich in diesem Blogartikel die aus meiner Sicht f\u00fcnf sch\u00f6nsten Fotospots (plus Bonustipp!) in \u010cesk\u00fd Krumlov zusammengeschrieben, die ihr unbedingt selbst einmal erleben m\u00fcsst!<\/strong><br \/>\n<!--more--><\/p>\n<hr \/>\n<div class=\"highlights\">\n<h3>DIE H\u00d6HEPUNKTE AUS\u00a0\u010cESK\u00dd KRUMLOV IN DIESEM REISEBERICHT<\/h3>\n<p>Die Aussicht vom Seminargarten auf die Stadt, wo ihr abends auch ohne Stativ gute Fotos schie\u00dfen k\u00f6nnt<\/p>\n<p>Die Aussicht vom Schlossturm, wo sich \u010cesk\u00fd Krumlov bis weit in das Hinterland \u00fcberblicken l\u00e4sst<\/p>\n<p>Die Aussicht vom Schlossgel\u00e4nde, wo ihr durch eine kleine versteckte Nische einen tollen Blick habt<\/p>\n<p>Die Aussicht von der Mantelbr\u00fccke, die eine Sehensw\u00fcrdigkeit und auch ein super Fotospot ist<\/p>\n<p>Die Aussicht von der Plattform beim Schloss als absolut sch\u00f6nster unter den Fotospots in \u010cesk\u00fd Krumlov<\/p>\n<\/div>\n<p>&nbsp;<\/p>\n<p><em><span style=\"color: #0000ff;\">Dieser Artikel wurde zuletzt am 4. Oktober 2022 aktualisiert.<\/span><\/em><\/p>\n\n<hr \/>\n<div class=\"fakten\">\n<h2><strong>FOTOSPOTS IN \u010cESK\u00dd KRUMLOV<\/strong> (KRUMAU)<\/h2>\n<h3>FAKTEN<\/h3>\n<p><strong>Reisezeit: <\/strong>Oktober (1 1\/2 Tage, 1 \u00dcbernachtung)<br \/>\n<strong>Anreise mit dem Auto: <\/strong>von <em>Wien<\/em> \u00fcber die A22, S5, B37, B38, L71 zur tschechischen Grenze bei <em>Weitra<\/em>, dann weiter auf der B154 und B157 nach <em>\u010cesk\u00fd Krumlov<\/em> (ca. 3:00h)<br \/>\n<strong>Anreise mit dem Zug:<\/strong> von <em>Wien<\/em> entweder ab <em>Franz-Josefs-Bahnhof<\/em> \u00fcber <span class=\"mat-content ng-tns-c301-21\"><em>Ceske Velenice<\/em> <\/span>und <span class=\"mat-content ng-tns-c301-25\"><em>Ceske Budejovice<\/em> <\/span>nach <em>\u010cesk\u00fd Krumlov<\/em> (4:43h) oder alternativ ab <em>Wien Hauptbahnhof<\/em> \u00fcber <em>Linz\/Donau<\/em> und <span class=\"mat-content ng-tns-c301-25\"><em>Ceske Budejovice<\/em> <\/span>nach <em>\u010cesk\u00fd Krumlov<\/em> (4:41h)<br \/>\n<strong>Unterkunft: <a href=\"https:\/\/www.booking.com\/hotel\/cz\/pension-teddy.de.html?aid=1634405\" target=\"_blank\" rel=\"noopener noreferrer\">Penzion Teddy<\/a>*<\/strong> (<em>Rooseveltova 38<\/em>): kleine Pension am Rand der Altstadt, sehr gut mit dem Auto zu erreichen, eigener kostenpflichtiger Garagenplatz, rustikale einfache Zimmer, sch\u00f6nes neues Bad, sehr gute Dusche, einige Zimmer mit von au\u00dfen begehbarem Balkon und tollem Ausblick, WLAN-Geschwindigkeit gut, Fr\u00fchst\u00fccksraum sehr klein, Fr\u00fchst\u00fccksbuffet ausreichend). <em>Weiterempfehlung?<\/em> <strong>JA<br \/>\n<strong>Auf der Hotelsuchmaschine booking.com findest du weitere <a href=\"https:\/\/www.booking.com\/searchresults.de.html?city=-542911&amp;aid=1634405&amp;no_rooms=1&amp;group_adults=1\" target=\"_blank\" rel=\"noopener\">sch\u00f6ne Unterk\u00fcnfte in \u010cesk\u00fd Krumlov<\/a>*.<\/strong><br \/>\n<\/strong><\/p>\n<div id='gallery-1' class='gallery galleryid-11110 gallery-columns-7 gallery-size-thumbnail'><figure class='gallery-item'>\n\t\t\t<div class='gallery-icon landscape'>\n\t\t\t\t<a href='https:\/\/coeser.de\/blog\/wp-content\/uploads\/2016\/11\/cesky-krumlov-penzion-teddy-gal04-christian-oeser.jpg' title=\"Eingang der Penzion Teddy\" data-rl_title=\"Eingang der Penzion Teddy\" class=\"rl-gallery-link\" data-rl_caption=\"Aufnahmeort anzeigen\" data-rel=\"lightbox-gallery-1\"><img loading=\"lazy\" decoding=\"async\" width=\"150\" height=\"150\" src=\"https:\/\/coeser.de\/blog\/wp-content\/uploads\/2016\/11\/cesky-krumlov-penzion-teddy-gal04-christian-oeser-150x150.jpg\" class=\"attachment-thumbnail size-thumbnail\" alt=\"Eingang der Penzion Teddy\" aria-describedby=\"gallery-1-1278\" \/><\/a>\n\t\t\t<\/div>\n\t\t\t\t<figcaption class='wp-caption-text gallery-caption' id='gallery-1-1278'>\n\t\t\t\tEingang der Penzion Teddy\n\t\t\t\t<\/figcaption><\/figure><figure class='gallery-item'>\n\t\t\t<div class='gallery-icon landscape'>\n\t\t\t\t<a href='https:\/\/coeser.de\/blog\/wp-content\/uploads\/2016\/11\/cesky-krumlov-penzion-teddy-gal01-christian-oeser.jpg' title=\"Mein Zimmer in der Penzion Teddy\" data-rl_title=\"Mein Zimmer in der Penzion Teddy\" class=\"rl-gallery-link\" data-rl_caption=\"Aufnahmeort anzeigen\" data-rel=\"lightbox-gallery-1\"><img loading=\"lazy\" decoding=\"async\" width=\"150\" height=\"150\" src=\"https:\/\/coeser.de\/blog\/wp-content\/uploads\/2016\/11\/cesky-krumlov-penzion-teddy-gal01-christian-oeser-150x150.jpg\" class=\"attachment-thumbnail size-thumbnail\" alt=\"Mein Zimmer in der Penzion Teddy\" aria-describedby=\"gallery-1-1275\" \/><\/a>\n\t\t\t<\/div>\n\t\t\t\t<figcaption class='wp-caption-text gallery-caption' id='gallery-1-1275'>\n\t\t\t\tMein Zimmer in der Penzion Teddy\n\t\t\t\t<\/figcaption><\/figure><figure class='gallery-item'>\n\t\t\t<div class='gallery-icon portrait'>\n\t\t\t\t<a href='https:\/\/coeser.de\/blog\/wp-content\/uploads\/2016\/11\/cesky-krumlov-penzion-teddy-gal02-christian-oeser.jpg' title=\"Das Bad in meinem Zimmer in der Penzion Teddy\" data-rl_title=\"Das Bad in meinem Zimmer in der Penzion Teddy\" class=\"rl-gallery-link\" data-rl_caption=\"Aufnahmeort anzeigen\" data-rel=\"lightbox-gallery-1\"><img loading=\"lazy\" decoding=\"async\" width=\"150\" height=\"150\" src=\"https:\/\/coeser.de\/blog\/wp-content\/uploads\/2016\/11\/cesky-krumlov-penzion-teddy-gal02-christian-oeser-150x150.jpg\" class=\"attachment-thumbnail size-thumbnail\" alt=\"Das Bad in meinem Zimmer in der Penzion Teddy\" aria-describedby=\"gallery-1-1276\" \/><\/a>\n\t\t\t<\/div>\n\t\t\t\t<figcaption class='wp-caption-text gallery-caption' id='gallery-1-1276'>\n\t\t\t\tDas Bad in meinem Zimmer in der Penzion Teddy\n\t\t\t\t<\/figcaption><\/figure>\n\t\t<\/div>\n\n<\/div>\n<div class=\"extern\">\n<h3>TRANSPARENZHINWEIS<\/h3>\n<p>*Die mit Stern gekennzeichneten Verweise in diesem Blogartikel sind sogenannte Affiliate-Links. Wenn dir mein Blogartikel bei der Planung deiner Reise geholfen hat, freue ich mich, wenn du \u00fcber diese Links deine Unterkunft oder Freizeitaktivit\u00e4ten buchst. Ich erhalte dadurch eine kleine Provision und du unterst\u00fctzt den Erhalt dieses Blogs. F\u00fcr dich entstehen dabei selbstverst\u00e4ndlich keine Nachteile. Vielen Dank! \ud83d\ude42<\/p>\n<\/div>\n<p>&nbsp;<\/p>\n<h2><img loading=\"lazy\" decoding=\"async\" class=\"alignnone size-full wp-image-11120\" src=\"https:\/\/coeser.de\/blog\/wp-content\/uploads\/2019\/01\/cesky-krumlov-fotospots-aufmacher1-christian-oeser.jpg\" alt=\"Tourist fotografiert das Schloss in \u010cesk\u00fd Krumlov\" width=\"970\" height=\"323\" srcset=\"https:\/\/coeser.de\/blog\/wp-content\/uploads\/2019\/01\/cesky-krumlov-fotospots-aufmacher1-christian-oeser.jpg 970w, https:\/\/coeser.de\/blog\/wp-content\/uploads\/2019\/01\/cesky-krumlov-fotospots-aufmacher1-christian-oeser-300x100.jpg 300w, https:\/\/coeser.de\/blog\/wp-content\/uploads\/2019\/01\/cesky-krumlov-fotospots-aufmacher1-christian-oeser-768x256.jpg 768w\" sizes=\"auto, (max-width: 970px) 100vw, 970px\" \/><\/h2>\n<h2>Fotografieren in \u010cesk\u00fd Krumlov<\/h2>\n<p>Ein bisschen verwundert hat mich \u010cesk\u00fd Krumlov ja doch ein wenig. Die Stadt ist mit rund 13.000 Einwohnern schon relativ gro\u00df in der Ausdehnung, aber nur ein verschwindend kleiner Ortsteil im Zentrum ist jedes Jahr das Ziel von Tausenden Touristen aus aller Welt. Wenn man aber dann pers\u00f6nlich eine Runde durch die Innenstadt dreht, die \u00fcbrigens seit 1992 zum UNESCO-Welterbe geh\u00f6rt, versteht man sofort die Begeisterung. Die Fotospots in \u010cesk\u00fd Krumlov pr\u00e4sentieren sich im historischen Kern von den Wohngeb\u00e4uden \u00fcber das Schloss bis hin zum Fluss durch die Stadt als sensationell harmonische Gesamtkulisse.<\/p>\n<h3>Kleiner Stadtkern mit gro\u00dfer Wirkung<\/h3>\n<p>Der Vorteil des kleinen Stadtkerns liegt vor allem (aber nicht nur) f\u00fcr Fotografen auf der Hand: man kann sowohl untertags als auch abends nach Einbruch der Dunkelheit bequem eine Runde entlang der sch\u00f6nsten Route drehen und die besten Fotospots von \u010cesk\u00fd Krumlov im passendsten Licht ansteuern. Ich habe genau das an einem Tag im Herbst gemacht und dabei schlie\u00dflich f\u00fcnf Fotospots (und einen Bonustipp) als wirklich perfekt empfunden. Diese stelle ich euch nun nachfolgend vor, die GPS-Koordinaten dazu findet ihr jeweils unter dem Bild. Viel Spa\u00df beim Fotografieren! \ud83d\ude42<\/p>\n<hr \/>\n<div class=\"tipps\">\n<h3>TIPP: Reisebericht zu \u010cesk\u00fd Krumlov<\/h3>\n<p>In einem weiteren Blogartikel habe ich euch in Form eines Reiseberichts alles \u00fcber \u010cesk\u00fd Krumlov zusammengefasst, was ihr bei einem erstmaligen Besuch in der s\u00fcdb\u00f6hmischen Stadt wissen m\u00fcsst. Ihr findet darin Infos zur Geschichte, die interessantesten Sehensw\u00fcrdigkeiten und Pl\u00e4tze sowie Tipps f\u00fcr Restaurants und Caf\u00e9s. Den Beitrag k\u00f6nnt ihr hier lesen: <a href=\"https:\/\/coeser.de\/blog\/index.php\/2016\/11\/08\/cesky-krumlov-willkommen-im-mittelalter\/\" target=\"_blank\" rel=\"noopener noreferrer\"><strong>\u010cesk\u00fd Krumlov \u2013 Willkommen im Mittelalter<\/strong><\/a><\/p>\n<\/div>\n<p>&nbsp;<\/p>\n<hr \/>\n<h2>DIE 5 BESTEN FOTOSPOTS IN \u010cESK\u00dd KRUMLOV<\/h2>\n<div class=\"fakten\">\n<h2>1) Aussicht vom Seminargarten<\/h2>\n<p>Wenn ihr die Altstadt von \u00f6stlicher Himmelsrichtung aus betretet, f\u00e4llt euch sicherlich nach wenigen Schritten gleich der kleine Park direkt vor dem <strong><a href=\"https:\/\/www.booking.com\/hotel\/cz\/ruze.de.html?aid=1634405\" target=\"_blank\" rel=\"noopener noreferrer\">Luxushotel Hotel R\u016f\u017ee<\/a><\/strong>* (sehr sch\u00f6ne Zimmer mit Mittelalter-Flair) auf. Im sogenannten <strong>Seminargarten (<em>Semin\u00e1rn\u00ed zahrada<\/em>)<\/strong> habt ihr den ersten genialen Blick auf das Schloss, den bunten Schlossturm und davor die liebevollen H\u00e4user inklusive der sich wunderbar ins Stadtbild einf\u00fcgenden Kirche St. Jobst. Das Sch\u00f6ne hier ist, dass ihr abends eure Kamera auch ohne Stativ gut stabilisieren k\u00f6nnt, da der Mauervorsprung gro\u00df genug ist. Wenn ihr wissen wollt, wie ich ohne Stativ perfekte Langzeitbelichtungen mache, dann seht euch einmal meinen Beitrag <strong><a href=\"https:\/\/coeser.de\/blog\/index.php\/2018\/07\/17\/5-tipps-fuer-scharfe-fotos-im-urlaub\/\" target=\"_blank\" rel=\"noopener noreferrer\">5 Tipps f\u00fcr scharfe Fotos im Urlaub<\/a> <\/strong>an!<\/p>\n<figure id=\"attachment_11118\" class=\"thumbnail wp-caption alignnone\" style=\"width: 970px\"><img loading=\"lazy\" decoding=\"async\" class=\"wp-image-11118 size-full\" src=\"https:\/\/coeser.de\/blog\/wp-content\/uploads\/2019\/01\/cesky-krumlov-fotospots-gal01-christian-oeser.jpg\" alt=\"Der mittelalterliche Stadtkern von \u010cesk\u00fd Krumlov untertags\" width=\"960\" height=\"640\" srcset=\"https:\/\/coeser.de\/blog\/wp-content\/uploads\/2019\/01\/cesky-krumlov-fotospots-gal01-christian-oeser.jpg 960w, https:\/\/coeser.de\/blog\/wp-content\/uploads\/2019\/01\/cesky-krumlov-fotospots-gal01-christian-oeser-300x200.jpg 300w, https:\/\/coeser.de\/blog\/wp-content\/uploads\/2019\/01\/cesky-krumlov-fotospots-gal01-christian-oeser-768x512.jpg 768w, https:\/\/coeser.de\/blog\/wp-content\/uploads\/2019\/01\/cesky-krumlov-fotospots-gal01-christian-oeser-330x220.jpg 330w\" sizes=\"auto, (max-width: 960px) 100vw, 960px\" \/><figcaption class=\"caption wp-caption-text\">Der mittelalterliche Stadtkern von \u010cesk\u00fd Krumlov untertags<br \/><a href=\"https:\/\/www.google.de\/maps\/place\/48.810714,14.317302\" target=\"_blank\" rel=\"noopener noreferrer\">Aufnahmeort anzeigen<\/a><\/figcaption><\/figure>\n<figure id=\"attachment_11119\" class=\"thumbnail wp-caption alignnone\" style=\"width: 970px\"><img loading=\"lazy\" decoding=\"async\" class=\"wp-image-11119 size-full\" src=\"https:\/\/coeser.de\/blog\/wp-content\/uploads\/2019\/01\/cesky-krumlov-fotospots-gal02-christian-oeser.jpg\" alt=\"Der mittelalterliche Stadtkern von \u010cesk\u00fd Krumlov nach Einbruch der Dunkelheit\" width=\"960\" height=\"640\" srcset=\"https:\/\/coeser.de\/blog\/wp-content\/uploads\/2019\/01\/cesky-krumlov-fotospots-gal02-christian-oeser.jpg 960w, https:\/\/coeser.de\/blog\/wp-content\/uploads\/2019\/01\/cesky-krumlov-fotospots-gal02-christian-oeser-300x200.jpg 300w, https:\/\/coeser.de\/blog\/wp-content\/uploads\/2019\/01\/cesky-krumlov-fotospots-gal02-christian-oeser-768x512.jpg 768w, https:\/\/coeser.de\/blog\/wp-content\/uploads\/2019\/01\/cesky-krumlov-fotospots-gal02-christian-oeser-330x220.jpg 330w\" sizes=\"auto, (max-width: 960px) 100vw, 960px\" \/><figcaption class=\"caption wp-caption-text\">Der mittelalterliche Stadtkern von \u010cesk\u00fd Krumlov nach Einbruch der Dunkelheit<br \/><a href=\"https:\/\/www.google.de\/maps\/place\/48.810714,14.317302\" target=\"_blank\" rel=\"noopener noreferrer\">Aufnahmeort anzeigen<\/a><\/figcaption><\/figure>\n<\/div>\n<hr \/>\n<div class=\"fakten\">\n<h2>2) Aussicht vom Schlossturm<\/h2>\n<p>Die Hauptattraktion ist nat\u00fcrlich unbestritten das Schloss \u010cesk\u00fd Krumlov (<em>St\u00e1tn\u00ed hrad a z\u00e1mek<\/em>), welches im Laufe der Jahrhunderte mehrere Um- sowie Zubauten erlebte und dabei eine bunte Mischung mehrerer Architekturstile erhielt. Im Schlosshof befindet sich der Zugang zum <strong>Schlossturm (Z\u00e1meck\u00e1 v\u011b\u017e)<\/strong>, von dessen Spitze ihr wenig \u00fcberraschend die gesamte Stadt bis in das Hinterland \u00fcberblicken k\u00f6nnt \u2013 zuvor gilt es nur 162 Stufen zu \u00fcberwinden. \ud83d\ude42<\/p>\n<figure id=\"attachment_11121\" class=\"thumbnail wp-caption alignnone\" style=\"width: 970px\"><img loading=\"lazy\" decoding=\"async\" class=\"wp-image-11121 size-full\" src=\"https:\/\/coeser.de\/blog\/wp-content\/uploads\/2019\/01\/cesky-krumlov-fotospots-gal03-christian-oeser.jpg\" alt=\"Die Innenstadt von \u010cesk\u00fd Krumlov vom Schlossturm aus gesehen\" width=\"960\" height=\"640\" srcset=\"https:\/\/coeser.de\/blog\/wp-content\/uploads\/2019\/01\/cesky-krumlov-fotospots-gal03-christian-oeser.jpg 960w, https:\/\/coeser.de\/blog\/wp-content\/uploads\/2019\/01\/cesky-krumlov-fotospots-gal03-christian-oeser-300x200.jpg 300w, https:\/\/coeser.de\/blog\/wp-content\/uploads\/2019\/01\/cesky-krumlov-fotospots-gal03-christian-oeser-768x512.jpg 768w, https:\/\/coeser.de\/blog\/wp-content\/uploads\/2019\/01\/cesky-krumlov-fotospots-gal03-christian-oeser-330x220.jpg 330w\" sizes=\"auto, (max-width: 960px) 100vw, 960px\" \/><figcaption class=\"caption wp-caption-text\">Die Innenstadt von \u010cesk\u00fd Krumlov vom Schlossturm aus gesehen<br \/><a href=\"https:\/\/www.google.de\/maps\/place\/48.812326,14.315936\" target=\"_blank\" rel=\"noopener noreferrer\">Aufnahmeort anzeigen<\/a><\/figcaption><\/figure>\n<figure id=\"attachment_11122\" class=\"thumbnail wp-caption alignnone\" style=\"width: 970px\"><img loading=\"lazy\" decoding=\"async\" class=\"wp-image-11122 size-full\" src=\"https:\/\/coeser.de\/blog\/wp-content\/uploads\/2019\/01\/cesky-krumlov-fotospots-gal04-christian-oeser.jpg\" alt=\"Blick auf \u010cesk\u00fd Krumlov vom Schlossturm aus gesehen\" width=\"960\" height=\"640\" srcset=\"https:\/\/coeser.de\/blog\/wp-content\/uploads\/2019\/01\/cesky-krumlov-fotospots-gal04-christian-oeser.jpg 960w, https:\/\/coeser.de\/blog\/wp-content\/uploads\/2019\/01\/cesky-krumlov-fotospots-gal04-christian-oeser-300x200.jpg 300w, https:\/\/coeser.de\/blog\/wp-content\/uploads\/2019\/01\/cesky-krumlov-fotospots-gal04-christian-oeser-768x512.jpg 768w, https:\/\/coeser.de\/blog\/wp-content\/uploads\/2019\/01\/cesky-krumlov-fotospots-gal04-christian-oeser-330x220.jpg 330w\" sizes=\"auto, (max-width: 960px) 100vw, 960px\" \/><figcaption class=\"caption wp-caption-text\">Vom Schlossturm sieht man auch das Schlossareal selbst sehr gut<br \/><a href=\"https:\/\/www.google.de\/maps\/place\/48.812326,14.315936\" target=\"_blank\" rel=\"noopener noreferrer\">Aufnahmeort anzeigen<\/a><\/figcaption><\/figure>\n<\/div>\n<hr \/>\n<div class=\"fakten\">\n<h2>3) Aussicht vom Schlossgel\u00e4nde<\/h2>\n<p>Einen lohnenswerten Aussichtspunkt gibt es weiters direkt innerhalb des Schlossgel\u00e4ndes \u2013 diesen \u00fcbersieht man aber sehr leicht. Es handelt sich dabei n\u00e4mlich nur um eine <strong>kleine Nische innerhalb eines Durchgangs<\/strong>, der eine leichte Steigung aufweist. Noch dazu ist vor der Nische eine T\u00fcr, die eventuell geschlossen ist. Haltet auf jeden Fall danach Ausschau, denn der Ausblick von dort ist erneut ph\u00e4nomenal!<\/p>\n<figure id=\"attachment_11123\" class=\"thumbnail wp-caption alignnone\" style=\"width: 970px\"><img loading=\"lazy\" decoding=\"async\" class=\"wp-image-11123 size-full\" src=\"https:\/\/coeser.de\/blog\/wp-content\/uploads\/2019\/01\/cesky-krumlov-fotospots-gal05-christian-oeser.jpg\" alt=\"Blick vom Schloss auf \u010cesk\u00fd Krumlov\" width=\"960\" height=\"640\" srcset=\"https:\/\/coeser.de\/blog\/wp-content\/uploads\/2019\/01\/cesky-krumlov-fotospots-gal05-christian-oeser.jpg 960w, https:\/\/coeser.de\/blog\/wp-content\/uploads\/2019\/01\/cesky-krumlov-fotospots-gal05-christian-oeser-300x200.jpg 300w, https:\/\/coeser.de\/blog\/wp-content\/uploads\/2019\/01\/cesky-krumlov-fotospots-gal05-christian-oeser-768x512.jpg 768w, https:\/\/coeser.de\/blog\/wp-content\/uploads\/2019\/01\/cesky-krumlov-fotospots-gal05-christian-oeser-330x220.jpg 330w\" sizes=\"auto, (max-width: 960px) 100vw, 960px\" \/><figcaption class=\"caption wp-caption-text\">Eine kleine Nische im Schloss erlaubt diesen herrlichen Blick<br \/><a href=\"https:\/\/www.google.de\/maps\/place\/48.812820,14.314509\" target=\"_blank\" rel=\"noopener noreferrer\">Aufnahmeort anzeigen<\/a><\/figcaption><\/figure>\n<figure id=\"attachment_11124\" class=\"thumbnail wp-caption alignnone\" style=\"width: 970px\"><img loading=\"lazy\" decoding=\"async\" class=\"wp-image-11124 size-full\" src=\"https:\/\/coeser.de\/blog\/wp-content\/uploads\/2019\/01\/cesky-krumlov-fotospots-gal06-christian-oeser.jpg\" alt=\"Blick vom Schloss auf \u010cesk\u00fd Krumlov\" width=\"960\" height=\"640\" srcset=\"https:\/\/coeser.de\/blog\/wp-content\/uploads\/2019\/01\/cesky-krumlov-fotospots-gal06-christian-oeser.jpg 960w, https:\/\/coeser.de\/blog\/wp-content\/uploads\/2019\/01\/cesky-krumlov-fotospots-gal06-christian-oeser-300x200.jpg 300w, https:\/\/coeser.de\/blog\/wp-content\/uploads\/2019\/01\/cesky-krumlov-fotospots-gal06-christian-oeser-768x512.jpg 768w, https:\/\/coeser.de\/blog\/wp-content\/uploads\/2019\/01\/cesky-krumlov-fotospots-gal06-christian-oeser-330x220.jpg 330w\" sizes=\"auto, (max-width: 960px) 100vw, 960px\" \/><figcaption class=\"caption wp-caption-text\">Die Innenstadt und Teile des Schlosses sind von diesem Aussichtspunkt hervorragend zu \u00fcberblicken<br \/><a href=\"https:\/\/www.google.de\/maps\/place\/48.812820,14.314509\" target=\"_blank\" rel=\"noopener noreferrer\">Aufnahmeort anzeigen<\/a><\/figcaption><\/figure>\n<\/div>\n<hr \/>\n<div class=\"fakten\">\n<h2>4) Aussicht von der Mantelbr\u00fccke<\/h2>\n<p>Folgt ihr dem Weg durch das Schlossgel\u00e4nde weiter, sto\u00dft ihr irgendwann an bzw. auf die mehrst\u00f6ckige <strong>Mantelbr\u00fccke (Pl\u00e1\u0161\u0165ov\u00fd most)<\/strong>. Die Br\u00fccke selbst ist eine eigene Sehensw\u00fcrdigkeit, seht euch einmal in Ruhe die Statuen an. Untertags ist es durch die vielen Menschen leider etwas m\u00fchsam, den Ort zu genie\u00dfen. Deshalb empfehle ich euch eine R\u00fcckkehr nach Sonnenuntergang, wenn die Tagestouristen alle weg sind und man die Mantelbr\u00fccke fast f\u00fcr sich alleine hat!<\/p>\n<figure id=\"attachment_11125\" class=\"thumbnail wp-caption alignnone\" style=\"width: 970px\"><img loading=\"lazy\" decoding=\"async\" class=\"wp-image-11125 size-full\" src=\"https:\/\/coeser.de\/blog\/wp-content\/uploads\/2019\/01\/cesky-krumlov-fotospots-gal07-christian-oeser.jpg\" alt=\"Blick von der Mantelbr\u00fccke auf \u010cesk\u00fd Krumlov\" width=\"960\" height=\"640\" srcset=\"https:\/\/coeser.de\/blog\/wp-content\/uploads\/2019\/01\/cesky-krumlov-fotospots-gal07-christian-oeser.jpg 960w, https:\/\/coeser.de\/blog\/wp-content\/uploads\/2019\/01\/cesky-krumlov-fotospots-gal07-christian-oeser-300x200.jpg 300w, https:\/\/coeser.de\/blog\/wp-content\/uploads\/2019\/01\/cesky-krumlov-fotospots-gal07-christian-oeser-768x512.jpg 768w, https:\/\/coeser.de\/blog\/wp-content\/uploads\/2019\/01\/cesky-krumlov-fotospots-gal07-christian-oeser-330x220.jpg 330w\" sizes=\"auto, (max-width: 960px) 100vw, 960px\" \/><figcaption class=\"caption wp-caption-text\">Von der Mantelbr\u00fccke aus erkennt man sehr gut die Schleife der Moldau rund um die Altstadt von \u010cesk\u00fd Krumlov<br \/><a href=\"https:\/\/www.google.de\/maps\/place\/48.812612,14.312915\" target=\"_blank\" rel=\"noopener noreferrer\">Aufnahmeort anzeigen<\/a><\/figcaption><\/figure>\n<figure id=\"attachment_11126\" class=\"thumbnail wp-caption alignnone\" style=\"width: 970px\"><img loading=\"lazy\" decoding=\"async\" class=\"wp-image-11126 size-full\" src=\"https:\/\/coeser.de\/blog\/wp-content\/uploads\/2019\/01\/cesky-krumlov-fotospots-gal08-christian-oeser.jpg\" alt=\"Beleuchtete Mantelbr\u00fccke in \u010cesk\u00fd Krumlov\" width=\"960\" height=\"640\" srcset=\"https:\/\/coeser.de\/blog\/wp-content\/uploads\/2019\/01\/cesky-krumlov-fotospots-gal08-christian-oeser.jpg 960w, https:\/\/coeser.de\/blog\/wp-content\/uploads\/2019\/01\/cesky-krumlov-fotospots-gal08-christian-oeser-300x200.jpg 300w, https:\/\/coeser.de\/blog\/wp-content\/uploads\/2019\/01\/cesky-krumlov-fotospots-gal08-christian-oeser-768x512.jpg 768w, https:\/\/coeser.de\/blog\/wp-content\/uploads\/2019\/01\/cesky-krumlov-fotospots-gal08-christian-oeser-330x220.jpg 330w\" sizes=\"auto, (max-width: 960px) 100vw, 960px\" \/><figcaption class=\"caption wp-caption-text\">Nach Sonnenuntergang ist man auf der Mantelbr\u00fccke fast alleine \u2013 die Br\u00fccke wird dann selbst zur Sehensw\u00fcrdigkeit<br \/><a href=\"https:\/\/www.google.de\/maps\/place\/48.812612,14.312915\" target=\"_blank\" rel=\"noopener noreferrer\">Aufnahmeort anzeigen<\/a><\/figcaption><\/figure>\n<\/div>\n<hr \/>\n<div class=\"fakten\">\n<h2>5) Aussicht von der Plattform beim Schloss<\/h2>\n<p>Der unter den Fotospots in \u010cesk\u00fd Krumlov wohl prominenteste Ausblick auf die Stadt ist westlich des Schlosses m\u00f6glich. Die dort befindliche <strong>Aussichtsplattform<\/strong> wird leider \u00fcber Nacht bis zum Vormittag zugesperrt, sodass man von dort keine Aufnahmen zum Sonnenaufgang machen kann. Daf\u00fcr ist der Bereich aber bis weit nach Sonnenuntergang zug\u00e4nglich und die Fotos, die ihr von dort schie\u00dfen k\u00f6nnt, werden grandios. Seht euch das Aufmacherfoto dieses Beitrags oder die Beispielbilder unten an \u2013 dieser Ort ist sicherlich der K\u00f6nig unter den Aussichtspunkten!<\/p>\n<figure id=\"attachment_11127\" class=\"thumbnail wp-caption alignnone\" style=\"width: 970px\"><img loading=\"lazy\" decoding=\"async\" class=\"wp-image-11127 size-full\" src=\"https:\/\/coeser.de\/blog\/wp-content\/uploads\/2019\/01\/cesky-krumlov-fotospots-gal09-christian-oeser.jpg\" alt=\"Panorama von \u010cesk\u00fd Krumlov\" width=\"960\" height=\"388\" srcset=\"https:\/\/coeser.de\/blog\/wp-content\/uploads\/2019\/01\/cesky-krumlov-fotospots-gal09-christian-oeser.jpg 960w, https:\/\/coeser.de\/blog\/wp-content\/uploads\/2019\/01\/cesky-krumlov-fotospots-gal09-christian-oeser-300x121.jpg 300w, https:\/\/coeser.de\/blog\/wp-content\/uploads\/2019\/01\/cesky-krumlov-fotospots-gal09-christian-oeser-768x310.jpg 768w\" sizes=\"auto, (max-width: 960px) 100vw, 960px\" \/><figcaption class=\"caption wp-caption-text\">Von der Aussichtsplattform westlich des Schlosses kann man mittels Panorama die gesamte Innenstadt von \u010cesk\u00fd Krumlov fotografieren<br \/><a href=\"https:\/\/www.google.de\/maps\/place\/48.812114,14.312442\" target=\"_blank\" rel=\"noopener noreferrer\">Aufnahmeort anzeigen<\/a><\/figcaption><\/figure>\n<figure id=\"attachment_11128\" class=\"thumbnail wp-caption alignnone\" style=\"width: 970px\"><img loading=\"lazy\" decoding=\"async\" class=\"wp-image-11128 size-full\" src=\"https:\/\/coeser.de\/blog\/wp-content\/uploads\/2019\/01\/cesky-krumlov-fotospots-gal10-christian-oeser.jpg\" alt=\"Beleuchtetes Schloss und Altstadt von \u010cesk\u00fd Krumlov\" width=\"960\" height=\"640\" srcset=\"https:\/\/coeser.de\/blog\/wp-content\/uploads\/2019\/01\/cesky-krumlov-fotospots-gal10-christian-oeser.jpg 960w, https:\/\/coeser.de\/blog\/wp-content\/uploads\/2019\/01\/cesky-krumlov-fotospots-gal10-christian-oeser-300x200.jpg 300w, https:\/\/coeser.de\/blog\/wp-content\/uploads\/2019\/01\/cesky-krumlov-fotospots-gal10-christian-oeser-768x512.jpg 768w, https:\/\/coeser.de\/blog\/wp-content\/uploads\/2019\/01\/cesky-krumlov-fotospots-gal10-christian-oeser-330x220.jpg 330w\" sizes=\"auto, (max-width: 960px) 100vw, 960px\" \/><figcaption class=\"caption wp-caption-text\">Abends offenbart sich hier eine Mischung aus Mondschein und Lichtermeer der Kleinstadt<br \/><a href=\"https:\/\/www.google.de\/maps\/place\/48.812114,14.312442\" target=\"_blank\" rel=\"noopener noreferrer\">Aufnahmeort anzeigen<\/a><\/figcaption><\/figure>\n<\/div>\n<hr \/>\n<div class=\"fakten\">\n<h2>Bonustipp: Aussicht vom Zimmer<\/h2>\n<p>Einen Bonustipp habe ich nat\u00fcrlich auch noch f\u00fcr euch! Der Ausblick von diesem Ort ist allerdings nicht \u00f6ffentlich zug\u00e4nglich, es handelt sich um meine gebuchte Unterkunft. Ich war in der <strong><a href=\"https:\/\/www.booking.com\/hotel\/cz\/pension-teddy.de.html?aid=1634405\" target=\"_blank\" rel=\"noopener noreferrer\">Penzion Teddy<\/a><\/strong>* untergebracht und hatte ein Zimmer in Richtung der Moldau. Vom Gemeinschaftsbalkon der Pension konnte ich ein perfektes Foto des Flusses mit einer Spiegelung des alten Klosters (in das das <a href=\"https:\/\/www.booking.com\/hotel\/cz\/ruze.de.html?aid=1634405\" target=\"_blank\" rel=\"noopener noreferrer\"><strong>Luxushotel Hotel R\u016f\u017ee<\/strong><\/a>* eingezogen ist) und der ber\u00fchmten St.-Veit-Kirche machen. Wenn ihr auch so eine tolle Aussicht w\u00e4hrend eures Aufenthalts haben wollt, dann m\u00fcsst ihr die <em>Penzion Teddy<\/em> w\u00e4hlen, denn ansonsten gibt es keinen Zugang zu diesem Aussichtspunkt.<\/p>\n<figure id=\"attachment_11129\" class=\"thumbnail wp-caption alignnone\" style=\"width: 970px\"><img loading=\"lazy\" decoding=\"async\" class=\"wp-image-11129 size-full\" src=\"https:\/\/coeser.de\/blog\/wp-content\/uploads\/2019\/01\/cesky-krumlov-fotospots-gal11-christian-oeser.jpg\" alt=\"Ausblick von meinem Zimmer in der Penzion Teddy auf das alte Kloster in \u010cesk\u00fd Krumlov\" width=\"960\" height=\"640\" srcset=\"https:\/\/coeser.de\/blog\/wp-content\/uploads\/2019\/01\/cesky-krumlov-fotospots-gal11-christian-oeser.jpg 960w, https:\/\/coeser.de\/blog\/wp-content\/uploads\/2019\/01\/cesky-krumlov-fotospots-gal11-christian-oeser-300x200.jpg 300w, https:\/\/coeser.de\/blog\/wp-content\/uploads\/2019\/01\/cesky-krumlov-fotospots-gal11-christian-oeser-768x512.jpg 768w, https:\/\/coeser.de\/blog\/wp-content\/uploads\/2019\/01\/cesky-krumlov-fotospots-gal11-christian-oeser-330x220.jpg 330w\" sizes=\"auto, (max-width: 960px) 100vw, 960px\" \/><figcaption class=\"caption wp-caption-text\">Der Ausblick von meinem Zimmer in der Penzion Teddy war wirklich umwerfend<br \/><a href=\"https:\/\/www.google.de\/maps\/place\/48.809792,14.319358\" target=\"_blank\" rel=\"noopener noreferrer\">Aufnahmeort anzeigen<\/a><\/figcaption><\/figure>\n<figure id=\"attachment_11130\" class=\"thumbnail wp-caption alignnone\" style=\"width: 970px\"><img loading=\"lazy\" decoding=\"async\" class=\"wp-image-11130 size-full\" src=\"https:\/\/coeser.de\/blog\/wp-content\/uploads\/2019\/01\/cesky-krumlov-fotospots-gal12-christian-oeser.jpg\" alt=\"Ausblick von meinem Zimmer in der Penzion Teddy auf das beleuchtete alte Kloster in \u010cesk\u00fd Krumlov\" width=\"960\" height=\"640\" srcset=\"https:\/\/coeser.de\/blog\/wp-content\/uploads\/2019\/01\/cesky-krumlov-fotospots-gal12-christian-oeser.jpg 960w, https:\/\/coeser.de\/blog\/wp-content\/uploads\/2019\/01\/cesky-krumlov-fotospots-gal12-christian-oeser-300x200.jpg 300w, https:\/\/coeser.de\/blog\/wp-content\/uploads\/2019\/01\/cesky-krumlov-fotospots-gal12-christian-oeser-768x512.jpg 768w, https:\/\/coeser.de\/blog\/wp-content\/uploads\/2019\/01\/cesky-krumlov-fotospots-gal12-christian-oeser-330x220.jpg 330w\" sizes=\"auto, (max-width: 960px) 100vw, 960px\" \/><figcaption class=\"caption wp-caption-text\">Auch in der Nacht konnte ich diese ganz besondere Lichtstimmung vom Balkon vor meinem Zimmer einfangen<br \/><a href=\"https:\/\/www.google.de\/maps\/place\/48.809792,14.319358\" target=\"_blank\" rel=\"noopener noreferrer\">Aufnahmeort anzeigen<\/a><\/figcaption><\/figure>\n<\/div>\n<div class=\"fazit\">\n<h2>FAZIT<\/h2>\n<p>Mit diesem Blogartikel zu den f\u00fcnf sch\u00f6nsten Fotospots in \u010cesk\u00fd Krumlov (plus Bonustipp) habe ich hoffentlich nicht nur den Fotografen unter euch Lust auf einen baldigen Besuch der s\u00fcdb\u00f6hmischen Stadt gemacht. Auch alle anderen Besucherinnern und Besucher sollten die Ausblicke auf den mittelalterlichen Stadtkern gemeinsam oder alleine genie\u00dfen. Die vorgestellten Pl\u00e4tze erlauben es euch sowohl bei Tageslicht als auch in der D\u00e4mmerung zur blauen Stunde, wertvolle Erinnerungen an einen besonderen Ausflug oder Urlaub in Tschechien mitzunehmen. Schreibt mir doch einen Kommentar, ob euch die Aussichtspunkte auch so gut gefallen haben wie mir! \ud83d\ude42<\/p>\n<\/div>\n<p>&nbsp;<\/p>\n<div style=\"display: none;\">\n<p><img loading=\"lazy\" decoding=\"async\" class=\"alignnone size-full wp-image-11131\" src=\"https:\/\/coeser.de\/blog\/wp-content\/uploads\/2019\/01\/cesky-krumlov-fotospots-p01-christian-oeser.jpg\" alt=\"\u010cesk\u00fd Krumlov: Die f\u00fcnf sch\u00f6nsten Fotospots in der tschechischen Stadt mit Erfahrungen zu Sehensw\u00fcrdigkeiten und allgemeinen Tipps.\" width=\"735\" height=\"1102\" srcset=\"https:\/\/coeser.de\/blog\/wp-content\/uploads\/2019\/01\/cesky-krumlov-fotospots-p01-christian-oeser.jpg 735w, https:\/\/coeser.de\/blog\/wp-content\/uploads\/2019\/01\/cesky-krumlov-fotospots-p01-christian-oeser-200x300.jpg 200w, https:\/\/coeser.de\/blog\/wp-content\/uploads\/2019\/01\/cesky-krumlov-fotospots-p01-christian-oeser-683x1024.jpg 683w\" sizes=\"auto, (max-width: 735px) 100vw, 735px\" \/><img loading=\"lazy\" decoding=\"async\" class=\"alignnone size-full wp-image-11132\" src=\"https:\/\/coeser.de\/blog\/wp-content\/uploads\/2019\/01\/cesky-krumlov-fotospots-p02-christian-oeser.jpg\" alt=\"\u010cesk\u00fd Krumlov: Die f\u00fcnf sch\u00f6nsten Fotospots in der tschechischen Stadt mit Erfahrungen zu Sehensw\u00fcrdigkeiten und allgemeinen Tipps.\" width=\"735\" height=\"1102\" srcset=\"https:\/\/coeser.de\/blog\/wp-content\/uploads\/2019\/01\/cesky-krumlov-fotospots-p02-christian-oeser.jpg 735w, https:\/\/coeser.de\/blog\/wp-content\/uploads\/2019\/01\/cesky-krumlov-fotospots-p02-christian-oeser-200x300.jpg 200w, https:\/\/coeser.de\/blog\/wp-content\/uploads\/2019\/01\/cesky-krumlov-fotospots-p02-christian-oeser-683x1024.jpg 683w\" sizes=\"auto, (max-width: 735px) 100vw, 735px\" \/><\/p>\n<\/div>\n<p>&nbsp;<\/p>\n","protected":false},"excerpt":{"rendered":"<p>\u010cesk\u00fd Krumlov geh\u00f6rt dank seines mittelalterlichen Stadtbildes, das unheimlich attraktiv aussieht, zu den absoluten Topzielen in Tschechien. Ich wollte mir davon einmal selbst ein Bild machen und nahm in der s\u00fcdb\u00f6hmischen Stadt einen fotografischen Besuch vor. F\u00fcr euch habe ich in diesem Blogartikel die aus meiner Sicht f\u00fcnf sch\u00f6nsten Fotospots (plus Bonustipp!) in \u010cesk\u00fd Krumlov [&hellip;]<\/p>\n","protected":false},"author":1,"featured_media":11135,"comment_status":"open","ping_status":"open","sticky":false,"template":"","format":"standard","meta":{"_jetpack_memberships_contains_paid_content":false,"footnotes":""},"categories":[5],"tags":[25,67,9,11,12,41,68,10,13],"class_list":["post-11110","post","type-post","status-publish","format-standard","has-post-thumbnail","hentry","category-tschechien","tag-ausflug","tag-cesky-krumlov","tag-cityguide","tag-fotospots","tag-fototipps","tag-reisebericht","tag-reisefuehrer","tag-staedtereise","tag-tschechien"],"yoast_head":"<!-- This site is optimized with the Yoast SEO plugin v27.5 - https:\/\/yoast.com\/product\/yoast-seo-wordpress\/ -->\n<title>\u010cesk\u00fd Krumlov: Die 5 sch\u00f6nsten Fotospots<\/title>\n<meta name=\"description\" content=\"\u010cesk\u00fd Krumlov: Die f\u00fcnf sch\u00f6nsten Fotospots in der tschechischen Stadt mit Erfahrungen zu Sehensw\u00fcrdigkeiten und allgemeinen Tipps.\" \/>\n<meta name=\"robots\" content=\"index, follow, max-snippet:-1, max-image-preview:large, max-video-preview:-1\" \/>\n<link rel=\"canonical\" href=\"https:\/\/coeser.de\/blog\/index.php\/2019\/02\/05\/cesky-krumlov-die-5-schoensten-fotospots\/\" \/>\n<meta property=\"og:locale\" content=\"de_DE\" \/>\n<meta property=\"og:type\" content=\"article\" \/>\n<meta property=\"og:title\" content=\"\u010cesk\u00fd Krumlov: Die 5 sch\u00f6nsten Fotospots\" \/>\n<meta property=\"og:description\" content=\"\u010cesk\u00fd Krumlov: Die f\u00fcnf sch\u00f6nsten Fotospots in der tschechischen Stadt mit Erfahrungen zu Sehensw\u00fcrdigkeiten und allgemeinen Tipps.\" \/>\n<meta property=\"og:url\" content=\"https:\/\/coeser.de\/blog\/index.php\/2019\/02\/05\/cesky-krumlov-die-5-schoensten-fotospots\/\" \/>\n<meta property=\"og:site_name\" content=\"fern &amp; nah - Reiseblog und Fotostories von Christian \u00d6ser\" \/>\n<meta property=\"article:publisher\" content=\"Christian \u00d6ser\" \/>\n<meta property=\"article:author\" content=\"Christian \u00d6ser\" \/>\n<meta property=\"article:published_time\" content=\"2019-02-05T06:00:43+00:00\" \/>\n<meta property=\"article:modified_time\" content=\"2022-10-04T08:50:39+00:00\" \/>\n<meta property=\"og:image\" content=\"https:\/\/coeser.de\/blog\/wp-content\/uploads\/2019\/01\/cesky-krumlov-fotospots-aufmacher-christian-oeser.jpg\" \/>\n\t<meta property=\"og:image:width\" content=\"978\" \/>\n\t<meta property=\"og:image:height\" content=\"550\" \/>\n\t<meta property=\"og:image:type\" content=\"image\/jpeg\" \/>\n<meta name=\"author\" content=\"Christian \u00d6ser\" \/>\n<meta name=\"twitter:card\" content=\"summary_large_image\" \/>\n<meta name=\"twitter:label1\" content=\"Verfasst von\" \/>\n\t<meta name=\"twitter:data1\" content=\"Christian \u00d6ser\" \/>\n\t<meta name=\"twitter:label2\" content=\"Gesch\u00e4tzte Lesezeit\" \/>\n\t<meta name=\"twitter:data2\" content=\"12\u00a0Minuten\" \/>\n<script type=\"application\/ld+json\" class=\"yoast-schema-graph\">{\"@context\":\"https:\\\/\\\/schema.org\",\"@graph\":[{\"@type\":\"Article\",\"@id\":\"https:\\\/\\\/coeser.de\\\/blog\\\/index.php\\\/2019\\\/02\\\/05\\\/cesky-krumlov-die-5-schoensten-fotospots\\\/#article\",\"isPartOf\":{\"@id\":\"https:\\\/\\\/coeser.de\\\/blog\\\/index.php\\\/2019\\\/02\\\/05\\\/cesky-krumlov-die-5-schoensten-fotospots\\\/\"},\"author\":{\"name\":\"Christian \u00d6ser\",\"@id\":\"https:\\\/\\\/coeser.de\\\/blog\\\/#\\\/schema\\\/person\\\/fda1d253389076b2cadc3d47018cf315\"},\"headline\":\"\u010cesk\u00fd Krumlov: Die 5 sch\u00f6nsten Fotospots\",\"datePublished\":\"2019-02-05T06:00:43+00:00\",\"dateModified\":\"2022-10-04T08:50:39+00:00\",\"mainEntityOfPage\":{\"@id\":\"https:\\\/\\\/coeser.de\\\/blog\\\/index.php\\\/2019\\\/02\\\/05\\\/cesky-krumlov-die-5-schoensten-fotospots\\\/\"},\"wordCount\":1578,\"commentCount\":3,\"publisher\":{\"@id\":\"https:\\\/\\\/coeser.de\\\/blog\\\/#\\\/schema\\\/person\\\/fda1d253389076b2cadc3d47018cf315\"},\"image\":{\"@id\":\"https:\\\/\\\/coeser.de\\\/blog\\\/index.php\\\/2019\\\/02\\\/05\\\/cesky-krumlov-die-5-schoensten-fotospots\\\/#primaryimage\"},\"thumbnailUrl\":\"https:\\\/\\\/coeser.de\\\/blog\\\/wp-content\\\/uploads\\\/2019\\\/01\\\/cesky-krumlov-fotospots-aufmacher-christian-oeser.jpg\",\"keywords\":[\"Ausflug\",\"\u010cesk\u00fd Krumlov\",\"Cityguide\",\"Fotospots\",\"Fototipps\",\"Reisebericht\",\"Reisef\u00fchrer\",\"St\u00e4dtereise\",\"Tschechien\"],\"articleSection\":[\"TSCHECHIEN\"],\"inLanguage\":\"de\",\"potentialAction\":[{\"@type\":\"CommentAction\",\"name\":\"Comment\",\"target\":[\"https:\\\/\\\/coeser.de\\\/blog\\\/index.php\\\/2019\\\/02\\\/05\\\/cesky-krumlov-die-5-schoensten-fotospots\\\/#respond\"]}]},{\"@type\":\"WebPage\",\"@id\":\"https:\\\/\\\/coeser.de\\\/blog\\\/index.php\\\/2019\\\/02\\\/05\\\/cesky-krumlov-die-5-schoensten-fotospots\\\/\",\"url\":\"https:\\\/\\\/coeser.de\\\/blog\\\/index.php\\\/2019\\\/02\\\/05\\\/cesky-krumlov-die-5-schoensten-fotospots\\\/\",\"name\":\"\u010cesk\u00fd Krumlov: Die 5 sch\u00f6nsten Fotospots\",\"isPartOf\":{\"@id\":\"https:\\\/\\\/coeser.de\\\/blog\\\/#website\"},\"primaryImageOfPage\":{\"@id\":\"https:\\\/\\\/coeser.de\\\/blog\\\/index.php\\\/2019\\\/02\\\/05\\\/cesky-krumlov-die-5-schoensten-fotospots\\\/#primaryimage\"},\"image\":{\"@id\":\"https:\\\/\\\/coeser.de\\\/blog\\\/index.php\\\/2019\\\/02\\\/05\\\/cesky-krumlov-die-5-schoensten-fotospots\\\/#primaryimage\"},\"thumbnailUrl\":\"https:\\\/\\\/coeser.de\\\/blog\\\/wp-content\\\/uploads\\\/2019\\\/01\\\/cesky-krumlov-fotospots-aufmacher-christian-oeser.jpg\",\"datePublished\":\"2019-02-05T06:00:43+00:00\",\"dateModified\":\"2022-10-04T08:50:39+00:00\",\"description\":\"\u010cesk\u00fd Krumlov: Die f\u00fcnf sch\u00f6nsten Fotospots in der tschechischen Stadt mit Erfahrungen zu Sehensw\u00fcrdigkeiten und allgemeinen Tipps.\",\"breadcrumb\":{\"@id\":\"https:\\\/\\\/coeser.de\\\/blog\\\/index.php\\\/2019\\\/02\\\/05\\\/cesky-krumlov-die-5-schoensten-fotospots\\\/#breadcrumb\"},\"inLanguage\":\"de\",\"potentialAction\":[{\"@type\":\"ReadAction\",\"target\":[\"https:\\\/\\\/coeser.de\\\/blog\\\/index.php\\\/2019\\\/02\\\/05\\\/cesky-krumlov-die-5-schoensten-fotospots\\\/\"]}]},{\"@type\":\"ImageObject\",\"inLanguage\":\"de\",\"@id\":\"https:\\\/\\\/coeser.de\\\/blog\\\/index.php\\\/2019\\\/02\\\/05\\\/cesky-krumlov-die-5-schoensten-fotospots\\\/#primaryimage\",\"url\":\"https:\\\/\\\/coeser.de\\\/blog\\\/wp-content\\\/uploads\\\/2019\\\/01\\\/cesky-krumlov-fotospots-aufmacher-christian-oeser.jpg\",\"contentUrl\":\"https:\\\/\\\/coeser.de\\\/blog\\\/wp-content\\\/uploads\\\/2019\\\/01\\\/cesky-krumlov-fotospots-aufmacher-christian-oeser.jpg\",\"width\":978,\"height\":550,\"caption\":\"Nachtaufnahme von \u010cesk\u00fd Krumlov\"},{\"@type\":\"BreadcrumbList\",\"@id\":\"https:\\\/\\\/coeser.de\\\/blog\\\/index.php\\\/2019\\\/02\\\/05\\\/cesky-krumlov-die-5-schoensten-fotospots\\\/#breadcrumb\",\"itemListElement\":[{\"@type\":\"ListItem\",\"position\":1,\"name\":\"Startseite\",\"item\":\"https:\\\/\\\/coeser.de\\\/blog\\\/\"},{\"@type\":\"ListItem\",\"position\":2,\"name\":\"\u010cesk\u00fd Krumlov: Die 5 sch\u00f6nsten Fotospots\"}]},{\"@type\":\"WebSite\",\"@id\":\"https:\\\/\\\/coeser.de\\\/blog\\\/#website\",\"url\":\"https:\\\/\\\/coeser.de\\\/blog\\\/\",\"name\":\"fern &amp; nah - Reiseblog und Fotostories von Christian \u00d6ser\",\"description\":\"Reiseblog und Fotostories von Christian \u00d6ser\",\"publisher\":{\"@id\":\"https:\\\/\\\/coeser.de\\\/blog\\\/#\\\/schema\\\/person\\\/fda1d253389076b2cadc3d47018cf315\"},\"potentialAction\":[{\"@type\":\"SearchAction\",\"target\":{\"@type\":\"EntryPoint\",\"urlTemplate\":\"https:\\\/\\\/coeser.de\\\/blog\\\/?s={search_term_string}\"},\"query-input\":{\"@type\":\"PropertyValueSpecification\",\"valueRequired\":true,\"valueName\":\"search_term_string\"}}],\"inLanguage\":\"de\"},{\"@type\":[\"Person\",\"Organization\"],\"@id\":\"https:\\\/\\\/coeser.de\\\/blog\\\/#\\\/schema\\\/person\\\/fda1d253389076b2cadc3d47018cf315\",\"name\":\"Christian \u00d6ser\",\"image\":{\"@type\":\"ImageObject\",\"inLanguage\":\"de\",\"@id\":\"https:\\\/\\\/coeser.de\\\/blog\\\/wp-content\\\/uploads\\\/2016\\\/08\\\/logo-fern-und-nah-christian-oeser-4.jpg\",\"url\":\"https:\\\/\\\/coeser.de\\\/blog\\\/wp-content\\\/uploads\\\/2016\\\/08\\\/logo-fern-und-nah-christian-oeser-4.jpg\",\"contentUrl\":\"https:\\\/\\\/coeser.de\\\/blog\\\/wp-content\\\/uploads\\\/2016\\\/08\\\/logo-fern-und-nah-christian-oeser-4.jpg\",\"width\":1090,\"height\":245,\"caption\":\"Christian \u00d6ser\"},\"logo\":{\"@id\":\"https:\\\/\\\/coeser.de\\\/blog\\\/wp-content\\\/uploads\\\/2016\\\/08\\\/logo-fern-und-nah-christian-oeser-4.jpg\"},\"sameAs\":[\"http:\\\/\\\/www.coeser.de\",\"Christian \u00d6ser\",\"https:\\\/\\\/www.instagram.com\\\/coeser_de\\\/\",\"https:\\\/\\\/www.pinterest.at\\\/nightline5\\\/\"],\"url\":\"https:\\\/\\\/coeser.de\\\/blog\\\/index.php\\\/author\\\/coeser\\\/\"}]}<\/script>\n<!-- \/ Yoast SEO plugin. -->","yoast_head_json":{"title":"\u010cesk\u00fd Krumlov: Die 5 sch\u00f6nsten Fotospots","description":"\u010cesk\u00fd Krumlov: Die f\u00fcnf sch\u00f6nsten Fotospots in der tschechischen Stadt mit Erfahrungen zu Sehensw\u00fcrdigkeiten und allgemeinen Tipps.","robots":{"index":"index","follow":"follow","max-snippet":"max-snippet:-1","max-image-preview":"max-image-preview:large","max-video-preview":"max-video-preview:-1"},"canonical":"https:\/\/coeser.de\/blog\/index.php\/2019\/02\/05\/cesky-krumlov-die-5-schoensten-fotospots\/","og_locale":"de_DE","og_type":"article","og_title":"\u010cesk\u00fd Krumlov: Die 5 sch\u00f6nsten Fotospots","og_description":"\u010cesk\u00fd Krumlov: Die f\u00fcnf sch\u00f6nsten Fotospots in der tschechischen Stadt mit Erfahrungen zu Sehensw\u00fcrdigkeiten und allgemeinen Tipps.","og_url":"https:\/\/coeser.de\/blog\/index.php\/2019\/02\/05\/cesky-krumlov-die-5-schoensten-fotospots\/","og_site_name":"fern &amp; nah - Reiseblog und Fotostories von Christian \u00d6ser","article_publisher":"Christian \u00d6ser","article_author":"Christian \u00d6ser","article_published_time":"2019-02-05T06:00:43+00:00","article_modified_time":"2022-10-04T08:50:39+00:00","og_image":[{"width":978,"height":550,"url":"https:\/\/coeser.de\/blog\/wp-content\/uploads\/2019\/01\/cesky-krumlov-fotospots-aufmacher-christian-oeser.jpg","type":"image\/jpeg"}],"author":"Christian \u00d6ser","twitter_card":"summary_large_image","twitter_misc":{"Verfasst von":"Christian \u00d6ser","Gesch\u00e4tzte Lesezeit":"12\u00a0Minuten"},"schema":{"@context":"https:\/\/schema.org","@graph":[{"@type":"Article","@id":"https:\/\/coeser.de\/blog\/index.php\/2019\/02\/05\/cesky-krumlov-die-5-schoensten-fotospots\/#article","isPartOf":{"@id":"https:\/\/coeser.de\/blog\/index.php\/2019\/02\/05\/cesky-krumlov-die-5-schoensten-fotospots\/"},"author":{"name":"Christian \u00d6ser","@id":"https:\/\/coeser.de\/blog\/#\/schema\/person\/fda1d253389076b2cadc3d47018cf315"},"headline":"\u010cesk\u00fd Krumlov: Die 5 sch\u00f6nsten Fotospots","datePublished":"2019-02-05T06:00:43+00:00","dateModified":"2022-10-04T08:50:39+00:00","mainEntityOfPage":{"@id":"https:\/\/coeser.de\/blog\/index.php\/2019\/02\/05\/cesky-krumlov-die-5-schoensten-fotospots\/"},"wordCount":1578,"commentCount":3,"publisher":{"@id":"https:\/\/coeser.de\/blog\/#\/schema\/person\/fda1d253389076b2cadc3d47018cf315"},"image":{"@id":"https:\/\/coeser.de\/blog\/index.php\/2019\/02\/05\/cesky-krumlov-die-5-schoensten-fotospots\/#primaryimage"},"thumbnailUrl":"https:\/\/coeser.de\/blog\/wp-content\/uploads\/2019\/01\/cesky-krumlov-fotospots-aufmacher-christian-oeser.jpg","keywords":["Ausflug","\u010cesk\u00fd Krumlov","Cityguide","Fotospots","Fototipps","Reisebericht","Reisef\u00fchrer","St\u00e4dtereise","Tschechien"],"articleSection":["TSCHECHIEN"],"inLanguage":"de","potentialAction":[{"@type":"CommentAction","name":"Comment","target":["https:\/\/coeser.de\/blog\/index.php\/2019\/02\/05\/cesky-krumlov-die-5-schoensten-fotospots\/#respond"]}]},{"@type":"WebPage","@id":"https:\/\/coeser.de\/blog\/index.php\/2019\/02\/05\/cesky-krumlov-die-5-schoensten-fotospots\/","url":"https:\/\/coeser.de\/blog\/index.php\/2019\/02\/05\/cesky-krumlov-die-5-schoensten-fotospots\/","name":"\u010cesk\u00fd Krumlov: Die 5 sch\u00f6nsten Fotospots","isPartOf":{"@id":"https:\/\/coeser.de\/blog\/#website"},"primaryImageOfPage":{"@id":"https:\/\/coeser.de\/blog\/index.php\/2019\/02\/05\/cesky-krumlov-die-5-schoensten-fotospots\/#primaryimage"},"image":{"@id":"https:\/\/coeser.de\/blog\/index.php\/2019\/02\/05\/cesky-krumlov-die-5-schoensten-fotospots\/#primaryimage"},"thumbnailUrl":"https:\/\/coeser.de\/blog\/wp-content\/uploads\/2019\/01\/cesky-krumlov-fotospots-aufmacher-christian-oeser.jpg","datePublished":"2019-02-05T06:00:43+00:00","dateModified":"2022-10-04T08:50:39+00:00","description":"\u010cesk\u00fd Krumlov: Die f\u00fcnf sch\u00f6nsten Fotospots in der tschechischen Stadt mit Erfahrungen zu Sehensw\u00fcrdigkeiten und allgemeinen Tipps.","breadcrumb":{"@id":"https:\/\/coeser.de\/blog\/index.php\/2019\/02\/05\/cesky-krumlov-die-5-schoensten-fotospots\/#breadcrumb"},"inLanguage":"de","potentialAction":[{"@type":"ReadAction","target":["https:\/\/coeser.de\/blog\/index.php\/2019\/02\/05\/cesky-krumlov-die-5-schoensten-fotospots\/"]}]},{"@type":"ImageObject","inLanguage":"de","@id":"https:\/\/coeser.de\/blog\/index.php\/2019\/02\/05\/cesky-krumlov-die-5-schoensten-fotospots\/#primaryimage","url":"https:\/\/coeser.de\/blog\/wp-content\/uploads\/2019\/01\/cesky-krumlov-fotospots-aufmacher-christian-oeser.jpg","contentUrl":"https:\/\/coeser.de\/blog\/wp-content\/uploads\/2019\/01\/cesky-krumlov-fotospots-aufmacher-christian-oeser.jpg","width":978,"height":550,"caption":"Nachtaufnahme von \u010cesk\u00fd Krumlov"},{"@type":"BreadcrumbList","@id":"https:\/\/coeser.de\/blog\/index.php\/2019\/02\/05\/cesky-krumlov-die-5-schoensten-fotospots\/#breadcrumb","itemListElement":[{"@type":"ListItem","position":1,"name":"Startseite","item":"https:\/\/coeser.de\/blog\/"},{"@type":"ListItem","position":2,"name":"\u010cesk\u00fd Krumlov: Die 5 sch\u00f6nsten Fotospots"}]},{"@type":"WebSite","@id":"https:\/\/coeser.de\/blog\/#website","url":"https:\/\/coeser.de\/blog\/","name":"fern &amp; nah - Reiseblog und Fotostories von Christian \u00d6ser","description":"Reiseblog und Fotostories von Christian \u00d6ser","publisher":{"@id":"https:\/\/coeser.de\/blog\/#\/schema\/person\/fda1d253389076b2cadc3d47018cf315"},"potentialAction":[{"@type":"SearchAction","target":{"@type":"EntryPoint","urlTemplate":"https:\/\/coeser.de\/blog\/?s={search_term_string}"},"query-input":{"@type":"PropertyValueSpecification","valueRequired":true,"valueName":"search_term_string"}}],"inLanguage":"de"},{"@type":["Person","Organization"],"@id":"https:\/\/coeser.de\/blog\/#\/schema\/person\/fda1d253389076b2cadc3d47018cf315","name":"Christian \u00d6ser","image":{"@type":"ImageObject","inLanguage":"de","@id":"https:\/\/coeser.de\/blog\/wp-content\/uploads\/2016\/08\/logo-fern-und-nah-christian-oeser-4.jpg","url":"https:\/\/coeser.de\/blog\/wp-content\/uploads\/2016\/08\/logo-fern-und-nah-christian-oeser-4.jpg","contentUrl":"https:\/\/coeser.de\/blog\/wp-content\/uploads\/2016\/08\/logo-fern-und-nah-christian-oeser-4.jpg","width":1090,"height":245,"caption":"Christian \u00d6ser"},"logo":{"@id":"https:\/\/coeser.de\/blog\/wp-content\/uploads\/2016\/08\/logo-fern-und-nah-christian-oeser-4.jpg"},"sameAs":["http:\/\/www.coeser.de","Christian \u00d6ser","https:\/\/www.instagram.com\/coeser_de\/","https:\/\/www.pinterest.at\/nightline5\/"],"url":"https:\/\/coeser.de\/blog\/index.php\/author\/coeser\/"}]}},"jetpack_featured_media_url":"https:\/\/coeser.de\/blog\/wp-content\/uploads\/2019\/01\/cesky-krumlov-fotospots-aufmacher-christian-oeser.jpg","jetpack-related-posts":[{"id":1254,"url":"https:\/\/coeser.de\/blog\/index.php\/2016\/11\/08\/cesky-krumlov-willkommen-im-mittelalter\/","url_meta":{"origin":11110,"position":0},"title":"\u010cesk\u00fd Krumlov \u2013 Willkommen im Mittelalter","author":"Christian \u00d6ser","date":"8. November 2016","format":false,"excerpt":"Das ober\u00f6sterreichische Hallstatt kennen wahrscheinlich wegen seines kitschigen Ortsbildes und der Beliebtheit bei asiatischen Touristen viele von euch. Nicht weniger sch\u00f6n und ebenfalls \u00e4u\u00dferst begehrt ist aber das s\u00fcdb\u00f6hmische \u010cesk\u00fd Krumlov. Dorthin verschl\u00e4gt es jedes Jahr in der Hochsaison Unmengen an Menschen, die das mittelalterliche Stadtzentrum mit eigenen Augen sehen\u2026","rel":"","context":"In &quot;TSCHECHIEN&quot;","block_context":{"text":"TSCHECHIEN","link":"https:\/\/coeser.de\/blog\/index.php\/category\/europa\/tschechien\/"},"img":{"alt_text":"Schloss Cesky Krumlov","src":"https:\/\/i0.wp.com\/coeser.de\/blog\/wp-content\/uploads\/2016\/11\/cesky-krumlov_aufmacher.jpg?resize=350%2C200&ssl=1","width":350,"height":200,"srcset":"https:\/\/i0.wp.com\/coeser.de\/blog\/wp-content\/uploads\/2016\/11\/cesky-krumlov_aufmacher.jpg?resize=350%2C200&ssl=1 1x, https:\/\/i0.wp.com\/coeser.de\/blog\/wp-content\/uploads\/2016\/11\/cesky-krumlov_aufmacher.jpg?resize=525%2C300&ssl=1 1.5x, https:\/\/i0.wp.com\/coeser.de\/blog\/wp-content\/uploads\/2016\/11\/cesky-krumlov_aufmacher.jpg?resize=700%2C400&ssl=1 2x"},"classes":[]},{"id":1639,"url":"https:\/\/coeser.de\/blog\/index.php\/2016\/12\/27\/das-war-mein-reisejahr-2016\/","url_meta":{"origin":11110,"position":1},"title":"Das war mein Reisejahr 2016","author":"Christian \u00d6ser","date":"27. Dezember 2016","format":false,"excerpt":"Am Ende eines jeden Jahres blicke ich immer zur\u00fcck auf meine besuchten St\u00e4dte, Orte und Pl\u00e4tze. 2016 war nach l\u00e4ngerer Durststrecke wieder einmal ein recht starkes Reisejahr f\u00fcr mich, 19 Destinationen bleiben in meiner Erinnerung. In diesem Blogbeitrag gebe ich euch einen \u00dcberblick und ein kurzes R\u00e9sum\u00e9 zu jedem Ort.\u2026","rel":"","context":"In &quot;EUROPA&quot;","block_context":{"text":"EUROPA","link":"https:\/\/coeser.de\/blog\/index.php\/category\/europa\/"},"img":{"alt_text":"Fotos der Reisen 2016","src":"https:\/\/i0.wp.com\/coeser.de\/blog\/wp-content\/uploads\/2016\/12\/reisejahr-2016-aufmacher-christian-oeser.jpg?resize=350%2C200&ssl=1","width":350,"height":200,"srcset":"https:\/\/i0.wp.com\/coeser.de\/blog\/wp-content\/uploads\/2016\/12\/reisejahr-2016-aufmacher-christian-oeser.jpg?resize=350%2C200&ssl=1 1x, https:\/\/i0.wp.com\/coeser.de\/blog\/wp-content\/uploads\/2016\/12\/reisejahr-2016-aufmacher-christian-oeser.jpg?resize=525%2C300&ssl=1 1.5x, https:\/\/i0.wp.com\/coeser.de\/blog\/wp-content\/uploads\/2016\/12\/reisejahr-2016-aufmacher-christian-oeser.jpg?resize=700%2C400&ssl=1 2x"},"classes":[]},{"id":10259,"url":"https:\/\/coeser.de\/blog\/index.php\/2019\/01\/01\/europa-26-geniale-reiseziele-2019\/","url_meta":{"origin":11110,"position":2},"title":"Europa: 26 geniale Reiseziele f\u00fcr 2019","author":"Christian \u00d6ser","date":"1. Januar 2019","format":false,"excerpt":"Seid ihr so wie ich immer auf der Suche nach neuen Destinationen? Egal ob Ausfl\u00fcge, St\u00e4dtetrips oder Tagestouren \u2013 ich habe 26 Ideen f\u00fcr eure n\u00e4chste Reise in Europa! Alle meine Tipps habe ich im letzten Jahr zusammengesammelt und auch pers\u00f6nlich ausprobiert. Ihr bekommt also mit diesem Beitrag keine Theorie,\u2026","rel":"","context":"In &quot;EUROPA&quot;","block_context":{"text":"EUROPA","link":"https:\/\/coeser.de\/blog\/index.php\/category\/europa\/"},"img":{"alt_text":"","src":"https:\/\/i0.wp.com\/coeser.de\/blog\/wp-content\/uploads\/2018\/12\/reisetipps-reiseinspiration-fotospots-2018-aufmacher-christian-oeser.jpg?resize=350%2C200&ssl=1","width":350,"height":200,"srcset":"https:\/\/i0.wp.com\/coeser.de\/blog\/wp-content\/uploads\/2018\/12\/reisetipps-reiseinspiration-fotospots-2018-aufmacher-christian-oeser.jpg?resize=350%2C200&ssl=1 1x, https:\/\/i0.wp.com\/coeser.de\/blog\/wp-content\/uploads\/2018\/12\/reisetipps-reiseinspiration-fotospots-2018-aufmacher-christian-oeser.jpg?resize=525%2C300&ssl=1 1.5x, https:\/\/i0.wp.com\/coeser.de\/blog\/wp-content\/uploads\/2018\/12\/reisetipps-reiseinspiration-fotospots-2018-aufmacher-christian-oeser.jpg?resize=700%2C400&ssl=1 2x"},"classes":[]},{"id":5700,"url":"https:\/\/coeser.de\/blog\/index.php\/2018\/01\/02\/das-war-mein-reisejahr-2017\/","url_meta":{"origin":11110,"position":3},"title":"Das war mein Reisejahr 2017","author":"Christian \u00d6ser","date":"2. Januar 2018","format":false,"excerpt":"Wieder einmal ist ein Jahr in gef\u00fchlter Windeseile vor\u00fcbergezogen, was nicht zuletzt an den zahlreichen Orten liegt, die ich mir angesehen und erkundet habe. In diesem Blogbeitrag blicke ich nochmals auf 2017 zur\u00fcck und gehe kurz alle Destinationen durch, wo ich zumindest eine Nacht verbracht habe oder die etwas weiter\u2026","rel":"","context":"In &quot;EUROPA&quot;","block_context":{"text":"EUROPA","link":"https:\/\/coeser.de\/blog\/index.php\/category\/europa\/"},"img":{"alt_text":"Reiseempfehlungen und Reiseinspirationen 2017","src":"https:\/\/i0.wp.com\/coeser.de\/blog\/wp-content\/uploads\/2017\/12\/reisejahr-2017-inspiration-aufmacher-christian-oeser.jpg?resize=350%2C200&ssl=1","width":350,"height":200,"srcset":"https:\/\/i0.wp.com\/coeser.de\/blog\/wp-content\/uploads\/2017\/12\/reisejahr-2017-inspiration-aufmacher-christian-oeser.jpg?resize=350%2C200&ssl=1 1x, https:\/\/i0.wp.com\/coeser.de\/blog\/wp-content\/uploads\/2017\/12\/reisejahr-2017-inspiration-aufmacher-christian-oeser.jpg?resize=525%2C300&ssl=1 1.5x, https:\/\/i0.wp.com\/coeser.de\/blog\/wp-content\/uploads\/2017\/12\/reisejahr-2017-inspiration-aufmacher-christian-oeser.jpg?resize=700%2C400&ssl=1 2x"},"classes":[]},{"id":19254,"url":"https:\/\/coeser.de\/blog\/index.php\/2023\/01\/01\/europa-12-ideen-staedtereise\/","url_meta":{"origin":11110,"position":4},"title":"Europa: 12 Ideen f\u00fcr deine St\u00e4dtereise 2023","author":"Christian \u00d6ser","date":"1. Januar 2023","format":false,"excerpt":"\"Same procedure as every year\" \u2013 so geht es dir vielleicht, wenn du wieder einmal am \u00dcberlegen bist, wo du im n\u00e4chsten Jahr gerne \u00fcberall hinreisen und neue Eindr\u00fccke gewinnen willst. Ich helfe gerne und verrate dir in diesem Artikel meine pers\u00f6nlichen 12 Tipps f\u00fcr eine St\u00e4dtereise in Europa, die\u2026","rel":"","context":"In &quot;EUROPA&quot;","block_context":{"text":"EUROPA","link":"https:\/\/coeser.de\/blog\/index.php\/category\/europa\/"},"img":{"alt_text":"Collage von Reisezielen f\u00fcr St\u00e4dtereisen in Europa","src":"https:\/\/i0.wp.com\/coeser.de\/blog\/wp-content\/uploads\/2022\/12\/europa-staedtereise-tipps-aufmacher-christian-oeser.jpg?resize=350%2C200&ssl=1","width":350,"height":200,"srcset":"https:\/\/i0.wp.com\/coeser.de\/blog\/wp-content\/uploads\/2022\/12\/europa-staedtereise-tipps-aufmacher-christian-oeser.jpg?resize=350%2C200&ssl=1 1x, https:\/\/i0.wp.com\/coeser.de\/blog\/wp-content\/uploads\/2022\/12\/europa-staedtereise-tipps-aufmacher-christian-oeser.jpg?resize=525%2C300&ssl=1 1.5x, https:\/\/i0.wp.com\/coeser.de\/blog\/wp-content\/uploads\/2022\/12\/europa-staedtereise-tipps-aufmacher-christian-oeser.jpg?resize=700%2C400&ssl=1 2x"},"classes":[]},{"id":15914,"url":"https:\/\/coeser.de\/blog\/index.php\/2022\/08\/11\/so-planst-du-die-perfekte-staedtereise\/","url_meta":{"origin":11110,"position":5},"title":"Planung der perfekten St\u00e4dtereise","author":"Christian \u00d6ser","date":"11. August 2022","format":false,"excerpt":"Lange vorbei sind die Zeiten, als man sich noch ausschlie\u00dflich im Reiseb\u00fcro einen Trip an einen anderen Ort organisieren lie\u00df. Heute kannst du die Planung deiner n\u00e4chsten St\u00e4dtereise bequem am Computer oder auf dem Smartphone selbst zusammenstellen. Die Erf\u00fcllung deiner Tr\u00e4ume und W\u00fcnsche hast du dabei selbst in der Hand!\u2026","rel":"","context":"In &quot;ALLGEMEIN&quot;","block_context":{"text":"ALLGEMEIN","link":"https:\/\/coeser.de\/blog\/index.php\/category\/allgemein\/"},"img":{"alt_text":"Planung einer St\u00e4dtereise","src":"https:\/\/i0.wp.com\/coeser.de\/blog\/wp-content\/uploads\/2020\/07\/staedtereise-planung-aufmacher-christian-oeser.jpg?resize=350%2C200&ssl=1","width":350,"height":200,"srcset":"https:\/\/i0.wp.com\/coeser.de\/blog\/wp-content\/uploads\/2020\/07\/staedtereise-planung-aufmacher-christian-oeser.jpg?resize=350%2C200&ssl=1 1x, https:\/\/i0.wp.com\/coeser.de\/blog\/wp-content\/uploads\/2020\/07\/staedtereise-planung-aufmacher-christian-oeser.jpg?resize=525%2C300&ssl=1 1.5x, https:\/\/i0.wp.com\/coeser.de\/blog\/wp-content\/uploads\/2020\/07\/staedtereise-planung-aufmacher-christian-oeser.jpg?resize=700%2C400&ssl=1 2x"},"classes":[]}],"jetpack_sharing_enabled":true,"_links":{"self":[{"href":"https:\/\/coeser.de\/blog\/index.php\/wp-json\/wp\/v2\/posts\/11110","targetHints":{"allow":["GET"]}}],"collection":[{"href":"https:\/\/coeser.de\/blog\/index.php\/wp-json\/wp\/v2\/posts"}],"about":[{"href":"https:\/\/coeser.de\/blog\/index.php\/wp-json\/wp\/v2\/types\/post"}],"author":[{"embeddable":true,"href":"https:\/\/coeser.de\/blog\/index.php\/wp-json\/wp\/v2\/users\/1"}],"replies":[{"embeddable":true,"href":"https:\/\/coeser.de\/blog\/index.php\/wp-json\/wp\/v2\/comments?post=11110"}],"version-history":[{"count":0,"href":"https:\/\/coeser.de\/blog\/index.php\/wp-json\/wp\/v2\/posts\/11110\/revisions"}],"wp:featuredmedia":[{"embeddable":true,"href":"https:\/\/coeser.de\/blog\/index.php\/wp-json\/wp\/v2\/media\/11135"}],"wp:attachment":[{"href":"https:\/\/coeser.de\/blog\/index.php\/wp-json\/wp\/v2\/media?parent=11110"}],"wp:term":[{"taxonomy":"category","embeddable":true,"href":"https:\/\/coeser.de\/blog\/index.php\/wp-json\/wp\/v2\/categories?post=11110"},{"taxonomy":"post_tag","embeddable":true,"href":"https:\/\/coeser.de\/blog\/index.php\/wp-json\/wp\/v2\/tags?post=11110"}],"curies":[{"name":"wp","href":"https:\/\/api.w.org\/{rel}","templated":true}]}}