{"id":11882,"date":"2019-05-07T07:00:48","date_gmt":"2019-05-07T05:00:48","guid":{"rendered":"http:\/\/coeser.de\/blog\/?p=11882"},"modified":"2022-06-02T14:36:26","modified_gmt":"2022-06-02T12:36:26","slug":"barcelona-sightseeing-ohne-massen","status":"publish","type":"post","link":"https:\/\/coeser.de\/blog\/index.php\/2019\/05\/07\/barcelona-sightseeing-ohne-massen\/","title":{"rendered":"Barcelona: Sightseeing ohne Massen"},"content":{"rendered":"<p><strong>Barcelona z\u00e4hlt dank seiner Lage direkt am Meer, den unglaublich vielen Sehensw\u00fcrdigkeiten und wegen der kulinarischen Gaumenfreuden zu den interessantesten St\u00e4dten der Welt. Diese Umst\u00e4nde sind nat\u00fcrlich auch den Touristen nicht verborgen geblieben: unfassbare 32 Millionen Besucherinnen und Besucher zog es beispielsweise 2017 nach Barcelona. Nachdem ich Menschenmassen absolut nicht ausstehen kann, kam f\u00fcr mich und meine Freundin deshalb nur eine Reise in der Nebensaison in Frage. Mit Erfolg, denn die Touristenhorden sind uns gro\u00dfteils erspart geblieben!<\/strong><br \/>\n<!--more--><\/p>\n<div class=\"highlights\">\n<h3>H\u00d6HEPUNKTE AUS BARCELONA IN DIESEM REISEBERICHT<\/h3>\n<p>Tipps, zu welcher Zeit ihr Barcelona besuchen solltet, ohne von Massen \u00fcberlaufen zu werden<\/p>\n<p>Die acht wichtigsten Sehensw\u00fcrdigkeiten in Barcelona, die ihr nicht verpassen solltet<\/p>\n<p>Ein vielf\u00e4ltiges Programm von Besichtigungen, Spazierg\u00e4ngen und Entspannung am Stadtstrand<\/p>\n<p>Zahlreiche Lokaltipps f\u00fcr Tapas, Churros und weitere spanische und katalanische K\u00f6stlichkeiten<\/p>\n<p>Allgemeine Tipps und Hinweise, damit ihr das Beste aus eurem St\u00e4dtetip nach Barcelona macht<\/p>\n<\/div>\n<p>&nbsp;<\/p>\n<p><em><span style=\"color: #0000ff;\">Dieser Artikel wurde zuletzt am 2. Juni 2022 aktualisiert.<\/span><\/em><\/p>\n<div class=\"fakten\">\n<h1>Barcelona<\/h1>\n<h3>FAKTEN<\/h3>\n<p><strong>Reisezeit: <\/strong>Februar 2019 (4 Tage, 3 \u00dcbernachtungen); M\u00e4rz 2010 (3 Tage, 2 \u00dcbernachtungen)<br \/>\n<strong>Anreise: <\/strong>Mit Eurowings von <em>Flughafen Wien-Schwechat <\/em>nach <em>Flughafen Barcelona-El Prat<\/em> (ca. 2:10 h)<\/p>\n<p><strong>Unterk\u00fcnfte (pers\u00f6nliche Tipps):<\/strong><\/p>\n<p><strong><a href=\"https:\/\/www.booking.com\/hotel\/es\/h10-art-gallery.de.html?aid=1634405\" target=\"_blank\" rel=\"noopener\">Hotel H10 Art Gallery<\/a>*<\/strong> (<em><span class=\"LrzXr\">64, Carrer d&#8217;Enric Granados<\/span><\/em>): Modern gestaltetes Hotel in sehr guter Lage n\u00f6rdlich der Altstadt, Metro-Station <em>Diagonal<\/em> (Linien L3 und L5) sowie S-Bahn-Station <em>Proven\u00e7a<\/em> zwei Minuten entfernt, Casa Mil\u00e0 von Antoni Gaud\u00ec liegt in Gehweite. Jedes Stockwerk in anderem Design gestaltet, unser Zimmer war extrem klein (12m\u00b2) aber trotzdem nicht beengend, ruhig dank Innenhoflage, Bad mit ger\u00e4umiger und ausgezeichneter Dusche, Pflegeprodukte von Rituals, Nespresso-Maschine mit t\u00e4glicher Nachf\u00fcllung der Kaffeekapseln, bequemes Bett, jedoch keine Steckdosen daneben, unglaublich m\u00fchsames WLAN mit umst\u00e4ndlicher Anmeldeprozedur, die alle zehn Minuten von neuem notwendig wurde, generell schwaches WLAN-Netz. Fr\u00fchst\u00fcck nicht gebucht, da viele Caf\u00e9s und Lokale in unmittelbarer Umgebung. <em>Weiterempfehlung?<\/em> <strong>JA<\/strong>, sofern ihr nicht auf schnelles und verl\u00e4ssliches WLAN angewiesen seid!<strong><br \/>\n<\/strong><\/p>\n<p><strong><a href=\"https:\/\/www.booking.com\/hotel\/es\/barcelona-skipper.de.html?aid=1634405\" target=\"_blank\" rel=\"noopener\">Hotel Pullman Barcelona Skipper<\/a>*<\/strong> (<em>10, <span class=\"LrzXr\">Av. del Litoral<\/span><\/em>): Lage etwas \u00f6stlich des Zentrums in unmittelbarer N\u00e4he zum Strand, Metro-Station <em>Ciutadella Vila Ol\u00edmpica<\/em> (Linie L4) zwei Minuten entfernt, sch\u00f6ne stilvolle Zimmer, ger\u00e4umiges Bad mit Dusche und Badewanne, bequeme Betten, Balkon mit Blick auf das Meer und die goldene Fischskulptur <em>Peix Ol\u00edmpic<\/em> von Stararchitekt Frank Gehry, WLAN gut, Fr\u00fchst\u00fcck nicht gebucht. <em>Weiterempfehlung? <\/em><strong><strong>JA<\/strong><br \/>\n<\/strong><\/p>\n<p><strong>Auf meiner bevorzugten Hotelsuchmaschine booking.com findest du weitere <a href=\"https:\/\/www.booking.com\/searchresults.de.html?city=-372490&amp;aid=1634405&amp;no_rooms=1&amp;group_adults=1\" target=\"_blank\" rel=\"noopener\">sch\u00f6ne Unterk\u00fcnfte in Barcelona<\/a>*.<\/strong><\/p>\n<div id='gallery-1' class='gallery galleryid-11882 gallery-columns-7 gallery-size-thumbnail'><figure class='gallery-item'>\n\t\t\t<div class='gallery-icon portrait'>\n\t\t\t\t<a href='https:\/\/coeser.de\/blog\/wp-content\/uploads\/2019\/03\/barcelona-hotel-h10-art-gallery-gal01-christian-oeser.jpg' title=\"Au\u00dfenansicht des Hotel H10 Art Gallery in Barcelona\" data-rl_title=\"Au\u00dfenansicht des Hotel H10 Art Gallery in Barcelona\" class=\"rl-gallery-link\" data-rl_caption=\"Aufnahmeort anzeigen\" data-rel=\"lightbox-gallery-1\"><img loading=\"lazy\" decoding=\"async\" width=\"150\" height=\"150\" src=\"https:\/\/coeser.de\/blog\/wp-content\/uploads\/2019\/03\/barcelona-hotel-h10-art-gallery-gal01-christian-oeser-150x150.jpg\" class=\"attachment-thumbnail size-thumbnail\" alt=\"Au\u00dfenansicht des Hotel H10 Art Gallery in Barcelona\" aria-describedby=\"gallery-1-11738\" \/><\/a>\n\t\t\t<\/div>\n\t\t\t\t<figcaption class='wp-caption-text gallery-caption' id='gallery-1-11738'>\n\t\t\t\tAu\u00dfenansicht des Hotel H10 Art Gallery in Barcelona\n\t\t\t\t<\/figcaption><\/figure><figure class='gallery-item'>\n\t\t\t<div class='gallery-icon landscape'>\n\t\t\t\t<a href='https:\/\/coeser.de\/blog\/wp-content\/uploads\/2019\/03\/barcelona-hotel-h10-art-gallery-gal02-christian-oeser.jpg' title=\"Doppelzimmer im Hotel H10 Art Gallery in Barcelona\" data-rl_title=\"Doppelzimmer im Hotel H10 Art Gallery in Barcelona\" class=\"rl-gallery-link\" data-rl_caption=\"Aufnahmeort anzeigen\" data-rel=\"lightbox-gallery-1\"><img loading=\"lazy\" decoding=\"async\" width=\"150\" height=\"150\" src=\"https:\/\/coeser.de\/blog\/wp-content\/uploads\/2019\/03\/barcelona-hotel-h10-art-gallery-gal02-christian-oeser-150x150.jpg\" class=\"attachment-thumbnail size-thumbnail\" alt=\"Doppelzimmer im Hotel H10 Art Gallery in Barcelona\" aria-describedby=\"gallery-1-11739\" \/><\/a>\n\t\t\t<\/div>\n\t\t\t\t<figcaption class='wp-caption-text gallery-caption' id='gallery-1-11739'>\n\t\t\t\tDoppelzimmer im Hotel H10 Art Gallery in Barcelona\n\t\t\t\t<\/figcaption><\/figure><figure class='gallery-item'>\n\t\t\t<div class='gallery-icon portrait'>\n\t\t\t\t<a href='https:\/\/coeser.de\/blog\/wp-content\/uploads\/2019\/03\/barcelona-hotel-h10-art-gallery-gal03-christian-oeser.jpg' title=\"Bad im Doppelzimmer im Hotel H10 Art Gallery in Barcelona\" data-rl_title=\"Bad im Doppelzimmer im Hotel H10 Art Gallery in Barcelona\" class=\"rl-gallery-link\" data-rl_caption=\"Aufnahmeort anzeigen\" data-rel=\"lightbox-gallery-1\"><img loading=\"lazy\" decoding=\"async\" width=\"150\" height=\"150\" src=\"https:\/\/coeser.de\/blog\/wp-content\/uploads\/2019\/03\/barcelona-hotel-h10-art-gallery-gal03-christian-oeser-150x150.jpg\" class=\"attachment-thumbnail size-thumbnail\" alt=\"Bad im Doppelzimmer im Hotel H10 Art Gallery in Barcelona\" aria-describedby=\"gallery-1-11740\" \/><\/a>\n\t\t\t<\/div>\n\t\t\t\t<figcaption class='wp-caption-text gallery-caption' id='gallery-1-11740'>\n\t\t\t\tBad im Doppelzimmer im Hotel H10 Art Gallery in Barcelona\n\t\t\t\t<\/figcaption><\/figure><figure class='gallery-item'>\n\t\t\t<div class='gallery-icon landscape'>\n\t\t\t\t<a href='https:\/\/coeser.de\/blog\/wp-content\/uploads\/2019\/03\/barcelona-hotel-h10-art-gallery-gal04-christian-oeser.jpg' title=\"Dachterrasse mit Pool im Hotel H10 Art Gallery in Barcelona\" data-rl_title=\"Dachterrasse mit Pool im Hotel H10 Art Gallery in Barcelona\" class=\"rl-gallery-link\" data-rl_caption=\"Aufnahmeort anzeigen\" data-rel=\"lightbox-gallery-1\"><img loading=\"lazy\" decoding=\"async\" width=\"150\" height=\"150\" src=\"https:\/\/coeser.de\/blog\/wp-content\/uploads\/2019\/03\/barcelona-hotel-h10-art-gallery-gal04-christian-oeser-150x150.jpg\" class=\"attachment-thumbnail size-thumbnail\" alt=\"Dachterrasse mit Pool im Hotel H10 Art Gallery in Barcelona\" aria-describedby=\"gallery-1-11741\" \/><\/a>\n\t\t\t<\/div>\n\t\t\t\t<figcaption class='wp-caption-text gallery-caption' id='gallery-1-11741'>\n\t\t\t\tDachterrasse mit Pool im Hotel H10 Art Gallery in Barcelona\n\t\t\t\t<\/figcaption><\/figure><figure class='gallery-item'>\n\t\t\t<div class='gallery-icon landscape'>\n\t\t\t\t<a href='https:\/\/coeser.de\/blog\/wp-content\/uploads\/2019\/03\/barcelona-hotel-pullman-skipper-gal01-christian-oeser.jpg' title=\"Doppelzimmer im Hotel Pullman Barcelona Skipper\" data-rl_title=\"Doppelzimmer im Hotel Pullman Barcelona Skipper\" class=\"rl-gallery-link\" data-rl_caption=\"Aufnahmeort anzeigen\" data-rel=\"lightbox-gallery-1\"><img loading=\"lazy\" decoding=\"async\" width=\"150\" height=\"150\" src=\"https:\/\/coeser.de\/blog\/wp-content\/uploads\/2019\/03\/barcelona-hotel-pullman-skipper-gal01-christian-oeser-150x150.jpg\" class=\"attachment-thumbnail size-thumbnail\" alt=\"Doppelzimmer im Hotel Pullman Barcelona Skipper\" aria-describedby=\"gallery-1-11742\" \/><\/a>\n\t\t\t<\/div>\n\t\t\t\t<figcaption class='wp-caption-text gallery-caption' id='gallery-1-11742'>\n\t\t\t\tDoppelzimmer im Hotel Pullman Barcelona Skipper (mittlerweile neues modernes Design)\n\t\t\t\t<\/figcaption><\/figure><figure class='gallery-item'>\n\t\t\t<div class='gallery-icon landscape'>\n\t\t\t\t<a href='https:\/\/coeser.de\/blog\/wp-content\/uploads\/2019\/03\/barcelona-hotel-pullman-skipper-gal02-christian-oeser.jpg' title=\"Bad im Doppelzimmer im Hotel Pullman Barcelona Skipper\" data-rl_title=\"Bad im Doppelzimmer im Hotel Pullman Barcelona Skipper\" class=\"rl-gallery-link\" data-rl_caption=\"Aufnahmeort anzeigen\" data-rel=\"lightbox-gallery-1\"><img loading=\"lazy\" decoding=\"async\" width=\"150\" height=\"150\" src=\"https:\/\/coeser.de\/blog\/wp-content\/uploads\/2019\/03\/barcelona-hotel-pullman-skipper-gal02-christian-oeser-150x150.jpg\" class=\"attachment-thumbnail size-thumbnail\" alt=\"Bad im Doppelzimmer im Hotel Pullman Barcelona Skipper\" aria-describedby=\"gallery-1-11743\" \/><\/a>\n\t\t\t<\/div>\n\t\t\t\t<figcaption class='wp-caption-text gallery-caption' id='gallery-1-11743'>\n\t\t\t\tBad im Doppelzimmer im Hotel Pullman Barcelona Skipper\n\t\t\t\t<\/figcaption><\/figure><figure class='gallery-item'>\n\t\t\t<div class='gallery-icon landscape'>\n\t\t\t\t<a href='https:\/\/coeser.de\/blog\/wp-content\/uploads\/2019\/03\/barcelona-hotel-pullman-skipper-gal03-christian-oeser.jpg' title=\"Ausblick auf das Meer und das Kunstwerk Peix Ol\u00edmpic vom Balkon eines Doppelzimmers im Hotel Pullman Barcelona Skipper\" data-rl_title=\"Ausblick auf das Meer und das Kunstwerk Peix Ol\u00edmpic vom Balkon eines Doppelzimmers im Hotel Pullman Barcelona Skipper\" class=\"rl-gallery-link\" data-rl_caption=\"Aufnahmeort anzeigen\" data-rel=\"lightbox-gallery-1\"><img loading=\"lazy\" decoding=\"async\" width=\"150\" height=\"150\" src=\"https:\/\/coeser.de\/blog\/wp-content\/uploads\/2019\/03\/barcelona-hotel-pullman-skipper-gal03-christian-oeser-150x150.jpg\" class=\"attachment-thumbnail size-thumbnail\" alt=\"Ausblick auf das Meer und das Kunstwerk Peix Ol\u00edmpic vom Balkon eines Doppelzimmers im Hotel Pullman Barcelona Skipper\" aria-describedby=\"gallery-1-11744\" \/><\/a>\n\t\t\t<\/div>\n\t\t\t\t<figcaption class='wp-caption-text gallery-caption' id='gallery-1-11744'>\n\t\t\t\tAusblick auf das Meer und das Kunstwerk Peix Ol\u00edmpic vom Balkon eines Doppelzimmers im Hotel Pullman Barcelona Skipper\n\t\t\t\t<\/figcaption><\/figure>\n\t\t<\/div>\n\n<\/div>\n<div class=\"extern\">\n<h3>TRANSPARENZHINWEIS<\/h3>\n<p>*Die mit Stern gekennzeichneten Verweise in diesem Blogartikel sind sogenannte Affiliate-Links. Wenn euch mein Blogartikel bei der Planung eurer Reise geholfen hat, freue ich mich, wenn ihr \u00fcber diese Links eure Unterkunft oder Freizeitaktivit\u00e4ten bucht. Ich erhalte dadurch eine kleine Provision und ihr unterst\u00fctzt den Erhalt dieses Blogs. F\u00fcr euch entstehen dabei selbstverst\u00e4ndlich keine Nachteile. Vielen Dank! \ud83d\ude42<\/p>\n<\/div>\n<p>&nbsp;<\/p>\n<h2><img loading=\"lazy\" decoding=\"async\" class=\"alignnone size-full wp-image-11895\" src=\"https:\/\/coeser.de\/blog\/wp-content\/uploads\/2019\/04\/barcelona-sightseeing-aufmacher1-sagrada-familia-christian-oeser.jpg\" alt=\"Silhouette der Sagrada Familia in Barcelona\" width=\"970\" height=\"323\" srcset=\"https:\/\/coeser.de\/blog\/wp-content\/uploads\/2019\/04\/barcelona-sightseeing-aufmacher1-sagrada-familia-christian-oeser.jpg 970w, https:\/\/coeser.de\/blog\/wp-content\/uploads\/2019\/04\/barcelona-sightseeing-aufmacher1-sagrada-familia-christian-oeser-300x100.jpg 300w, https:\/\/coeser.de\/blog\/wp-content\/uploads\/2019\/04\/barcelona-sightseeing-aufmacher1-sagrada-familia-christian-oeser-768x256.jpg 768w\" sizes=\"auto, (max-width: 970px) 100vw, 970px\" \/><\/h2>\n<h2>Barcelona in den F\u00e4ngen des Tourismus<\/h2>\n<p>Eigentlich wollte ich euch in diesem Artikel einfach nur von den Highlights \u00fcber meinen Aufenthalt in Barcelona erz\u00e4hlen. Wie ihr aber aus dem Titel herauslesen k\u00f6nnt, will ich den Umstand des Massentourismus nicht ignorieren \u2013 ich bin ja wie jeder andere Reiseliebhaber selbst ebenfalls Teil des Problems. In die katalonische Stadt am Meer hat es mich bereits im Jahr 2010 verschlagen und schon damals fielen mir die irrsinnig vielen Menschen in der ganzen Stadt auf.<\/p>\n<p>Der Trend setzte sich in den folgenden Jahren allerdings rasant und besorgniserregend fort. Billigfl\u00fcge, alternative Unterkunftsformen wie Airbnb, g\u00fcnstige Kreuzfahrten, der Selbstinszenierungswahn auf Instagram und die wachsende Mittelschicht in Asien sorgten f\u00fcr Besucherzahlen jenseits von Gut und B\u00f6se. Die Wirtschaft mag vielleicht jubeln, die Bev\u00f6lkerung protestiert allerdings seit 2018 medienwirksam gegen den sogenannten &#8222;\u00dcbertourismus&#8220; (overtourism).<\/p>\n<h3>Die Vorz\u00fcge von Barcelona<\/h3>\n<p>Um aber nun wieder auf das eigentliche Thema, n\u00e4mlich die interessantesten Orte und Pl\u00e4tze in Barcelona, zu kommen, schlie\u00dfe ich den Schwenk zum Massentourismus mit einem Zitat zum Nachdenken aus dem lesenwerten Artikel &#8222;<a href=\"https:\/\/www.zeit.de\/2018\/30\/tourismus-overtourism-massen-sehenswuerdigkeiten-alternativ-reisen\/komplettansicht\" target=\"_blank\" rel=\"noopener noreferrer\">Gehen Sie weiter<\/a>&#8220; von ZEIT ONLINE: &#8222;<em>[Wir] Suchen Landschaften danach aus, ob sie als instagrammable gelten. Und wundern uns, warum da immer schon so viele Leute sind.<\/em>&#8220;<\/p>\n<p>Barcelona ist nicht grundlos so beliebt. Mir pers\u00f6nlich imponiert die h\u00fcgelige Stadtlandschaft mit ihren vielen Palmen sowie Gr\u00fcnfl\u00e4chen, den glamour\u00f6s anzusehenden Geb\u00e4uden, den dazwischen liegenden architektonischen Sch\u00e4tzen von Antoni Gaud\u00ed, den zarten Kl\u00e4ngen der Wellen und dem mediterranen Geruch des Meeres. Das alles gepaart mit verf\u00fchrerischen Tapas und anderen K\u00f6stlichkeiten \u2013 Herz, was willst du mehr? \ud83d\ude42<\/p>\n<h3>Weg von der Hochsaison!<\/h3>\n<p>Es geht auch ohne Massen habe ich euch im Titel versprochen \u2013 und das ist im Grunde ganz einfach: vermeidet die Hochsaison! Das klingt zwar wie ein billiger Ratschlag, in der Praxis ist er aber extrem wertvoll, spart er euch doch Nerven und schenkt euch eine grandiose Zeit in Barcelona. Meine Freundin und ich haben uns ganz bewusst f\u00fcr einen Aufenthalt im Februar entschieden \u2013 auch um dem nasskalten Wetter in Wien zu entkommen. Schon bei der Recherche im November fiel uns auf, dass sehr viele Hotels noch Kapazit\u00e4ten hatten und auch die Preise nicht \u00fcbertrieben waren. Dazu noch der (oben kritisierte, ich wei\u00df &#8230;) Billigflug um 90 Euro hin und retour aus Wien, schon hatten wir gebucht.<\/p>\n<p>In den folgenden Abs\u00e4tzen fasse ich euch nun meine Erfahrungen mit den sehenswerten Orten zusammen, die ihr unbedingt aufsuchen und etwas Zeit dort verbringen solltet. In einem weiteren Artikel \u2013\u00a0<a href=\"https:\/\/coeser.de\/blog\/index.php\/2019\/05\/14\/barcelona-7-orte-falls-du-noch-zeit-hast\/\" target=\"_blank\" rel=\"noopener noreferrer\"><strong>Barcelona: 7 Tipps, falls du noch Zeit hast<\/strong><\/a> \u2013 gebe ich euch sieben weitere Tipps zu Pl\u00e4tzen und Orten, falls euch noch etwas Zeit \u00fcbrig bleibt. Dazu verrate ich euch alle unsere getesteten Restaurants, Tapas-Bars, B\u00e4ckereien und sonstigen kulinarischen Erlebnisse. Viel Spa\u00df beim Lesen! \ud83d\ude42<\/p>\n<div class=\"tipps\">\n<h3>ALLE REISEBERICHTE ZU BARCELONA AUF EINEN BLICK<\/h3>\n<p><a href=\"https:\/\/coeser.de\/blog\/index.php\/2019\/04\/16\/barcelona-die-neun-unesco-schaetze\/\" target=\"_blank\" rel=\"noopener\"><strong>Barcelona: Die neun UNESCO-Sch\u00e4tze<\/strong><\/a><\/p>\n<p><strong>Barcelona: Sightseeing ohne Massen<\/strong><\/p>\n<p><a href=\"https:\/\/coeser.de\/blog\/index.php\/2019\/05\/14\/barcelona-7-orte-falls-du-noch-zeit-hast\/\" target=\"_blank\" rel=\"noopener\"><strong>Barcelona: 7 Tipps, falls du noch Zeit hast<\/strong><\/a><\/p>\n<\/div>\n<p>&nbsp;<\/p>\n<hr \/>\n<h2><img loading=\"lazy\" decoding=\"async\" class=\"alignnone size-full wp-image-11896\" src=\"https:\/\/coeser.de\/blog\/wp-content\/uploads\/2019\/04\/barcelona-sightseeing-aufmacher2-pedrera-casa-mila-christian-oeser.jpg\" alt=\"Dach der Casa Mila (La Pedrera) in Barcelona\" width=\"970\" height=\"323\" srcset=\"https:\/\/coeser.de\/blog\/wp-content\/uploads\/2019\/04\/barcelona-sightseeing-aufmacher2-pedrera-casa-mila-christian-oeser.jpg 970w, https:\/\/coeser.de\/blog\/wp-content\/uploads\/2019\/04\/barcelona-sightseeing-aufmacher2-pedrera-casa-mila-christian-oeser-300x100.jpg 300w, https:\/\/coeser.de\/blog\/wp-content\/uploads\/2019\/04\/barcelona-sightseeing-aufmacher2-pedrera-casa-mila-christian-oeser-768x256.jpg 768w\" sizes=\"auto, (max-width: 970px) 100vw, 970px\" \/><\/h2>\n<h2>8 ORTE IN BARCELONA, DIE DU SEHEN MUSST<\/h2>\n<h2>1) UNESCO-Bauwerke von Gaud\u00ec und Dom\u00e8nech i Montaner<\/h2>\n<p>Die unbestritten wichtigsten und bekanntesten Geb\u00e4ude in Barcelona gehen auf das Werk des Ausnahmearchitekten Antoni Gaud\u00ec zur\u00fcck. Gleich sieben Bauwerke sind als UNESCO-Welterbe ausgezeichnet, darunter die <strong>Sagrada Fam\u00edlia<\/strong>. Die seit \u00fcber 100 Jahren in Bau befindliche Basilika ist auch die mit Abstand meistbesuchte Sehensw\u00fcrdigkeit der Stadt. Nicht weniger bekannt und beliebt sind noch der <strong>Park G\u00fcell<\/strong>, <strong>La Pedrera (Casa Mil\u00e0)<\/strong> und <strong>Casa Batll\u00f3<\/strong>. Drei weitere Werke von Gaud\u00ec sind bei Touristen noch nicht so in den Vordergrund ger\u00fcckt, obwohl sie auch absolut sehenswert sind: <strong>Casa Vicens<\/strong>, <strong>Palau G\u00fcell<\/strong> und <strong>Col\u00f2nia G\u00fcell<\/strong>.<\/p>\n<h3>Architektonische Sch\u00e4tze in ganz Barcelona<\/h3>\n<p>Der zweite wichtige Architekt aus Barcelona ist Llu\u00eds Dom\u00e8nech i Montaner. Neben dem beeindruckenden Spitalskomplex <strong>Hospital de la Santa Creu i Sant Pau<\/strong> ist es vor allem das mitten in der Innenstadt liegende Konzerthaus <strong>Palau de la M\u00fasica Catalana<\/strong>, das mich mit seiner Sch\u00f6nheit wirklich umgeworfen hat. In den Fotos unten zeige ich euch nur sieben Eindr\u00fccke der erw\u00e4hnten Bauten. Eine ausf\u00fchrliche Beschreibung mit vielen weiteren Fotos aller neun UNESCO-Geb\u00e4ude k\u00f6nnt ihr in meinem Artikel <a href=\"https:\/\/coeser.de\/blog\/index.php\/2019\/04\/16\/barcelona-die-neun-unesco-schaetze\/\" target=\"_blank\" rel=\"noopener noreferrer\"><strong>Barcelona: Die neun UNESCO-Sch\u00e4tze<\/strong><\/a> nachlesen.<\/p>\n<div class=\"fotospots\">\n<h3>Fotospots<\/h3>\n<div id='gallery-2' class='gallery galleryid-11882 gallery-columns-7 gallery-size-thumbnail'><figure class='gallery-item'>\n\t\t\t<div class='gallery-icon portrait'>\n\t\t\t\t<a href='https:\/\/coeser.de\/blog\/wp-content\/uploads\/2019\/03\/barcelona-unesco-sagrada-familia-gal08-christian-oeser.jpg' title=\"Die bunten Fenster in der Sagrada Fam\u00edlia von Antoni Gaud\u00ec in Barcelona\" data-rl_title=\"Die bunten Fenster in der Sagrada Fam\u00edlia von Antoni Gaud\u00ec in Barcelona\" class=\"rl-gallery-link\" data-rl_caption=\"Aufnahmeort anzeigen\" data-rel=\"lightbox-gallery-2\"><img loading=\"lazy\" decoding=\"async\" width=\"150\" height=\"150\" src=\"https:\/\/coeser.de\/blog\/wp-content\/uploads\/2019\/03\/barcelona-unesco-sagrada-familia-gal08-christian-oeser-150x150.jpg\" class=\"attachment-thumbnail size-thumbnail\" alt=\"Die bunten Fenster in der Sagrada Fam\u00edlia von Antoni Gaud\u00ec in Barcelona\" aria-describedby=\"gallery-2-11631\" \/><\/a>\n\t\t\t<\/div>\n\t\t\t\t<figcaption class='wp-caption-text gallery-caption' id='gallery-2-11631'>\n\t\t\t\tDie bunten Fenster in der Sagrada Fam\u00edlia von Antoni Gaud\u00ec in Barcelona\n\t\t\t\t<\/figcaption><\/figure><figure class='gallery-item'>\n\t\t\t<div class='gallery-icon landscape'>\n\t\t\t\t<a href='https:\/\/coeser.de\/blog\/wp-content\/uploads\/2019\/03\/barcelona-unesco-palau-musica-catalana-gal09-christian-oeser.jpg' title=\"Konzertsaal im Palau de la M\u00fasica Catalana von Llu\u00eds Dom\u00e8nech i Montaner in Barcelona\" data-rl_title=\"Konzertsaal im Palau de la M\u00fasica Catalana von Llu\u00eds Dom\u00e8nech i Montaner in Barcelona\" class=\"rl-gallery-link\" data-rl_caption=\"Aufnahmeort anzeigen\" data-rel=\"lightbox-gallery-2\"><img loading=\"lazy\" decoding=\"async\" width=\"150\" height=\"150\" src=\"https:\/\/coeser.de\/blog\/wp-content\/uploads\/2019\/03\/barcelona-unesco-palau-musica-catalana-gal09-christian-oeser-150x150.jpg\" class=\"attachment-thumbnail size-thumbnail\" alt=\"Konzertsaal im Palau de la M\u00fasica Catalana von Llu\u00eds Dom\u00e8nech i Montaner in Barcelona\" aria-describedby=\"gallery-2-11648\" \/><\/a>\n\t\t\t<\/div>\n\t\t\t\t<figcaption class='wp-caption-text gallery-caption' id='gallery-2-11648'>\n\t\t\t\tKonzertsaal im Palau de la M\u00fasica Catalana von Llu\u00eds Dom\u00e8nech i Montaner in Barcelona\n\t\t\t\t<\/figcaption><\/figure><figure class='gallery-item'>\n\t\t\t<div class='gallery-icon landscape'>\n\t\t\t\t<a href='https:\/\/coeser.de\/blog\/wp-content\/uploads\/2019\/03\/barcelona-unesco-casa-battlo-gal11-christian-oeser.jpg' title=\"Blaues Treppenhaus der Casa Batll\u00f3 von Antoni Gaud\u00ec\" data-rl_title=\"Blaues Treppenhaus der Casa Batll\u00f3 von Antoni Gaud\u00ec\" class=\"rl-gallery-link\" data-rl_caption=\"Aufnahmeort anzeigen\" data-rel=\"lightbox-gallery-2\"><img loading=\"lazy\" decoding=\"async\" width=\"150\" height=\"150\" src=\"https:\/\/coeser.de\/blog\/wp-content\/uploads\/2019\/03\/barcelona-unesco-casa-battlo-gal11-christian-oeser-150x150.jpg\" class=\"attachment-thumbnail size-thumbnail\" alt=\"Blaues Treppenhaus der Casa Batll\u00f3 von Antoni Gaud\u00ec\" aria-describedby=\"gallery-2-11665\" \/><\/a>\n\t\t\t<\/div>\n\t\t\t\t<figcaption class='wp-caption-text gallery-caption' id='gallery-2-11665'>\n\t\t\t\tBlaues Treppenhaus der Casa Batll\u00f3 von Antoni Gaud\u00ec\n\t\t\t\t<\/figcaption><\/figure><figure class='gallery-item'>\n\t\t\t<div class='gallery-icon landscape'>\n\t\t\t\t<a href='https:\/\/coeser.de\/blog\/wp-content\/uploads\/2019\/03\/barcelona-unesco-colonia-guell-gal05-christian-oeser.jpg' title=\"Panorama der Krypta von Antoni Gaud\u00ec in der Col\u00f2nia G\u00fcell nahe Barcelona\" data-rl_title=\"Panorama der Krypta von Antoni Gaud\u00ec in der Col\u00f2nia G\u00fcell nahe Barcelona\" class=\"rl-gallery-link\" data-rl_caption=\"Aufnahmeort anzeigen\" data-rel=\"lightbox-gallery-2\"><img loading=\"lazy\" decoding=\"async\" width=\"150\" height=\"150\" src=\"https:\/\/coeser.de\/blog\/wp-content\/uploads\/2019\/03\/barcelona-unesco-colonia-guell-gal05-christian-oeser-150x150.jpg\" class=\"attachment-thumbnail size-thumbnail\" alt=\"Panorama der Krypta von Antoni Gaud\u00ec in der Col\u00f2nia G\u00fcell nahe Barcelona\" aria-describedby=\"gallery-2-11697\" \/><\/a>\n\t\t\t<\/div>\n\t\t\t\t<figcaption class='wp-caption-text gallery-caption' id='gallery-2-11697'>\n\t\t\t\tPanorama der Krypta von Antoni Gaud\u00ec in der Col\u00f2nia G\u00fcell nahe Barcelona\n\t\t\t\t<\/figcaption><\/figure><figure class='gallery-item'>\n\t\t\t<div class='gallery-icon landscape'>\n\t\t\t\t<a href='https:\/\/coeser.de\/blog\/wp-content\/uploads\/2019\/03\/barcelona-unesco-casa-mila-gal06-christian-oeser.jpg' title=\"Schornsteine auf der Dachterrasse in der Casa Mil\u00e0 von Antoni Gaud\u00ec in Barcelona\" data-rl_title=\"Schornsteine auf der Dachterrasse in der Casa Mil\u00e0 von Antoni Gaud\u00ec in Barcelona\" class=\"rl-gallery-link\" data-rl_caption=\"Aufnahmeort anzeigen\" data-rel=\"lightbox-gallery-2\"><img loading=\"lazy\" decoding=\"async\" width=\"150\" height=\"150\" src=\"https:\/\/coeser.de\/blog\/wp-content\/uploads\/2019\/03\/barcelona-unesco-casa-mila-gal06-christian-oeser-150x150.jpg\" class=\"attachment-thumbnail size-thumbnail\" alt=\"Schornsteine auf der Dachterrasse in der Casa Mil\u00e0 von Antoni Gaud\u00ec in Barcelona\" aria-describedby=\"gallery-2-11706\" \/><\/a>\n\t\t\t<\/div>\n\t\t\t\t<figcaption class='wp-caption-text gallery-caption' id='gallery-2-11706'>\n\t\t\t\tSchornsteine auf der Dachterrasse in der Casa Mil\u00e0 von Antoni Gaud\u00ec in Barcelona\n\t\t\t\t<\/figcaption><\/figure><figure class='gallery-item'>\n\t\t\t<div class='gallery-icon landscape'>\n\t\t\t\t<a href='https:\/\/coeser.de\/blog\/wp-content\/uploads\/2019\/03\/barcelona-unesco-casa-vicens-gal08-christian-oeser.jpg' title=\"Blauer Rauchersalon in der Casa Vicens von Antoni Gaud\u00ec in Barcelona\" data-rl_title=\"Blauer Rauchersalon in der Casa Vicens von Antoni Gaud\u00ec in Barcelona\" class=\"rl-gallery-link\" data-rl_caption=\"Aufnahmeort anzeigen\" data-rel=\"lightbox-gallery-2\"><img loading=\"lazy\" decoding=\"async\" width=\"150\" height=\"150\" src=\"https:\/\/coeser.de\/blog\/wp-content\/uploads\/2019\/03\/barcelona-unesco-casa-vicens-gal08-christian-oeser-150x150.jpg\" class=\"attachment-thumbnail size-thumbnail\" alt=\"Blauer Rauchersalon in der Casa Vicens von Antoni Gaud\u00ec in Barcelona\" aria-describedby=\"gallery-2-11685\" \/><\/a>\n\t\t\t<\/div>\n\t\t\t\t<figcaption class='wp-caption-text gallery-caption' id='gallery-2-11685'>\n\t\t\t\tBlauer Rauchersalon in der Casa Vicens von Antoni Gaud\u00ec in Barcelona\n\t\t\t\t<\/figcaption><\/figure><figure class='gallery-item'>\n\t\t\t<div class='gallery-icon portrait'>\n\t\t\t\t<a href='https:\/\/coeser.de\/blog\/wp-content\/uploads\/2019\/03\/barcelona-unesco-palau-guell-gal05-christian-oeser.jpg' title=\"Salon mit Parabolkuppel, Orgel und hier versteckter Kapelle des Palau G\u00fcell von Antoni Gaud\u00ec in Barcelona\" data-rl_title=\"Salon mit Parabolkuppel, Orgel und hier versteckter Kapelle des Palau G\u00fcell von Antoni Gaud\u00ec in Barcelona\" class=\"rl-gallery-link\" data-rl_caption=\"Aufnahmeort anzeigen\" data-rel=\"lightbox-gallery-2\"><img loading=\"lazy\" decoding=\"async\" width=\"150\" height=\"150\" src=\"https:\/\/coeser.de\/blog\/wp-content\/uploads\/2019\/03\/barcelona-unesco-palau-guell-gal05-christian-oeser-150x150.jpg\" class=\"attachment-thumbnail size-thumbnail\" alt=\"Salon mit Parabolkuppel, Orgel und hier versteckter Kapelle des Palau G\u00fcell von Antoni Gaud\u00ec in Barcelona\" aria-describedby=\"gallery-2-11674\" \/><\/a>\n\t\t\t<\/div>\n\t\t\t\t<figcaption class='wp-caption-text gallery-caption' id='gallery-2-11674'>\n\t\t\t\tSalon mit Parabolkuppel, Orgel und hier versteckter Kapelle des Palau G\u00fcell von Antoni Gaud\u00ec in Barcelona\n\t\t\t\t<\/figcaption><\/figure>\n\t\t<\/div>\n\n<\/div>\n<p>&nbsp;<\/p>\n<hr \/>\n<h2><img loading=\"lazy\" decoding=\"async\" class=\"alignnone size-full wp-image-11897\" src=\"https:\/\/coeser.de\/blog\/wp-content\/uploads\/2019\/04\/barcelona-sightseeing-aufmacher3-catedral-christian-oeser.jpg\" alt=\"Innenansicht der Catedral de Barcelona\" width=\"970\" height=\"323\" srcset=\"https:\/\/coeser.de\/blog\/wp-content\/uploads\/2019\/04\/barcelona-sightseeing-aufmacher3-catedral-christian-oeser.jpg 970w, https:\/\/coeser.de\/blog\/wp-content\/uploads\/2019\/04\/barcelona-sightseeing-aufmacher3-catedral-christian-oeser-300x100.jpg 300w, https:\/\/coeser.de\/blog\/wp-content\/uploads\/2019\/04\/barcelona-sightseeing-aufmacher3-catedral-christian-oeser-768x256.jpg 768w\" sizes=\"auto, (max-width: 970px) 100vw, 970px\" \/><\/h2>\n<h2>2) Catedral de Barcelona<\/h2>\n<p>Neben der Sagrada Fam\u00edlia steht mit der <strong>Kathedrale von Barcelona<\/strong> eine weitere Kirche in der Stadt, die ihr nicht verpassen d\u00fcrft. Sie befindet sich im zentralen Viertel <em>Barri G\u00f2tic <\/em>(siehe n\u00e4chster Punkt),\u00a0 das f\u00fcr sich genommen wegen der engen Gassen und vielen interessanten Gesch\u00e4fte auch eine eigene Sehensw\u00fcrdigkeit ist. Der Eintritt in die Kathedrale kostet zwar EUR 9,-, inkludiert ist dabei aber neben dem Zugang zu allen wichtigen Bereichen der Kirche auch die Fahrt mit dem Aufzug auf das Dach. Von dort aus bietet sich ein fantastischer Blick \u00fcber Barcelona!<\/p>\n<h3>Prachtvolle Kirche und 13 wei\u00dfe G\u00e4nse<\/h3>\n<p>Schon von au\u00dfen lohnt sich ein genaueres Hinsehen auf die mit vielen Details gespickte Fassade. Im Inneren sorgt goldenes Licht f\u00fcr eine angenehme Atmosph\u00e4re und bestrahlt den Chor in faszinierender Weise. Nicht zu \u00fcbersehen ist die prachtvolle Krypta, die der M\u00e4rtyrerin Santa Eul\u00e0lia (Schutzpatronin von Barcelona) gewidmet ist. Eine Besonderheit findet ihr im Innenhof gelegenen Kreuzgang, wo 13 wei\u00dfe G\u00e4nse leben \u2013 diese symbolisieren das Todesalter von Eul\u00e0lia, hatten aber auch die Aufgabe, mit ihrem lautstarken Geschnatter vor Einbrechern zu warnen.<\/p>\n<div class=\"fotospots\">\n<h3>Fotospots<\/h3>\n<div id='gallery-3' class='gallery galleryid-11882 gallery-columns-7 gallery-size-thumbnail'><figure class='gallery-item'>\n\t\t\t<div class='gallery-icon landscape'>\n\t\t\t\t<a href='https:\/\/coeser.de\/blog\/wp-content\/uploads\/2019\/04\/barcelona-sightseeing-catedral-gal01-christian-oeser.jpg' title=\"Au\u00dfenansicht der Kathedrale von Barcelona\" data-rl_title=\"Au\u00dfenansicht der Kathedrale von Barcelona\" class=\"rl-gallery-link\" data-rl_caption=\"Aufnahmeort anzeigen\" data-rel=\"lightbox-gallery-3\"><img loading=\"lazy\" decoding=\"async\" width=\"150\" height=\"150\" src=\"https:\/\/coeser.de\/blog\/wp-content\/uploads\/2019\/04\/barcelona-sightseeing-catedral-gal01-christian-oeser-150x150.jpg\" class=\"attachment-thumbnail size-thumbnail\" alt=\"Au\u00dfenansicht der Kathedrale von Barcelona\" aria-describedby=\"gallery-3-11898\" \/><\/a>\n\t\t\t<\/div>\n\t\t\t\t<figcaption class='wp-caption-text gallery-caption' id='gallery-3-11898'>\n\t\t\t\tAu\u00dfenansicht der Kathedrale von Barcelona\n\t\t\t\t<\/figcaption><\/figure><figure class='gallery-item'>\n\t\t\t<div class='gallery-icon landscape'>\n\t\t\t\t<a href='https:\/\/coeser.de\/blog\/wp-content\/uploads\/2019\/04\/barcelona-sightseeing-catedral-gal02-christian-oeser.jpg' title=\"Innenansicht der Kathedrale von Barcelona\" data-rl_title=\"Innenansicht der Kathedrale von Barcelona\" class=\"rl-gallery-link\" data-rl_caption=\"Aufnahmeort anzeigen\" data-rel=\"lightbox-gallery-3\"><img loading=\"lazy\" decoding=\"async\" width=\"150\" height=\"150\" src=\"https:\/\/coeser.de\/blog\/wp-content\/uploads\/2019\/04\/barcelona-sightseeing-catedral-gal02-christian-oeser-150x150.jpg\" class=\"attachment-thumbnail size-thumbnail\" alt=\"Innenansicht der Kathedrale von Barcelona\" aria-describedby=\"gallery-3-11899\" \/><\/a>\n\t\t\t<\/div>\n\t\t\t\t<figcaption class='wp-caption-text gallery-caption' id='gallery-3-11899'>\n\t\t\t\tInnenansicht der Kathedrale von Barcelona\n\t\t\t\t<\/figcaption><\/figure><figure class='gallery-item'>\n\t\t\t<div class='gallery-icon landscape'>\n\t\t\t\t<a href='https:\/\/coeser.de\/blog\/wp-content\/uploads\/2019\/04\/barcelona-sightseeing-catedral-gal03-christian-oeser.jpg' title=\"Die Krypta in der Kathedrale von Barcelona\" data-rl_title=\"Die Krypta in der Kathedrale von Barcelona\" class=\"rl-gallery-link\" data-rl_caption=\"Aufnahmeort anzeigen\" data-rel=\"lightbox-gallery-3\"><img loading=\"lazy\" decoding=\"async\" width=\"150\" height=\"150\" src=\"https:\/\/coeser.de\/blog\/wp-content\/uploads\/2019\/04\/barcelona-sightseeing-catedral-gal03-christian-oeser-150x150.jpg\" class=\"attachment-thumbnail size-thumbnail\" alt=\"Die Krypta in der Kathedrale von Barcelona\" aria-describedby=\"gallery-3-11900\" \/><\/a>\n\t\t\t<\/div>\n\t\t\t\t<figcaption class='wp-caption-text gallery-caption' id='gallery-3-11900'>\n\t\t\t\tDie Krypta in der Kathedrale von Barcelona\n\t\t\t\t<\/figcaption><\/figure><figure class='gallery-item'>\n\t\t\t<div class='gallery-icon landscape'>\n\t\t\t\t<a href='https:\/\/coeser.de\/blog\/wp-content\/uploads\/2019\/04\/barcelona-sightseeing-catedral-gal04-christian-oeser.jpg' title=\"Ausblick auf Barcelona vom Dach der Kathedrale\" data-rl_title=\"Ausblick auf Barcelona vom Dach der Kathedrale\" class=\"rl-gallery-link\" data-rl_caption=\"Aufnahmeort anzeigen\" data-rel=\"lightbox-gallery-3\"><img loading=\"lazy\" decoding=\"async\" width=\"150\" height=\"150\" src=\"https:\/\/coeser.de\/blog\/wp-content\/uploads\/2019\/04\/barcelona-sightseeing-catedral-gal04-christian-oeser-150x150.jpg\" class=\"attachment-thumbnail size-thumbnail\" alt=\"Ausblick auf Barcelona vom Dach der Kathedrale\" aria-describedby=\"gallery-3-11901\" \/><\/a>\n\t\t\t<\/div>\n\t\t\t\t<figcaption class='wp-caption-text gallery-caption' id='gallery-3-11901'>\n\t\t\t\tAusblick auf Barcelona vom Dach der Kathedrale\n\t\t\t\t<\/figcaption><\/figure><figure class='gallery-item'>\n\t\t\t<div class='gallery-icon landscape'>\n\t\t\t\t<a href='https:\/\/coeser.de\/blog\/wp-content\/uploads\/2019\/04\/barcelona-sightseeing-catedral-gal05-christian-oeser.jpg' title=\"Dachterrasse der Kathedrale von Barcelona\" data-rl_title=\"Dachterrasse der Kathedrale von Barcelona\" class=\"rl-gallery-link\" data-rl_caption=\"Aufnahmeort anzeigen\" data-rel=\"lightbox-gallery-3\"><img loading=\"lazy\" decoding=\"async\" width=\"150\" height=\"150\" src=\"https:\/\/coeser.de\/blog\/wp-content\/uploads\/2019\/04\/barcelona-sightseeing-catedral-gal05-christian-oeser-150x150.jpg\" class=\"attachment-thumbnail size-thumbnail\" alt=\"Dachterrasse der Kathedrale von Barcelona\" aria-describedby=\"gallery-3-11902\" \/><\/a>\n\t\t\t<\/div>\n\t\t\t\t<figcaption class='wp-caption-text gallery-caption' id='gallery-3-11902'>\n\t\t\t\tDachterrasse der Kathedrale von Barcelona\n\t\t\t\t<\/figcaption><\/figure><figure class='gallery-item'>\n\t\t\t<div class='gallery-icon landscape'>\n\t\t\t\t<a href='https:\/\/coeser.de\/blog\/wp-content\/uploads\/2019\/04\/barcelona-sightseeing-catedral-gal06-christian-oeser.jpg' title=\"Innenansicht der Kathedrale von Barcelona\" data-rl_title=\"Innenansicht der Kathedrale von Barcelona\" class=\"rl-gallery-link\" data-rl_caption=\"Aufnahmeort anzeigen\" data-rel=\"lightbox-gallery-3\"><img loading=\"lazy\" decoding=\"async\" width=\"150\" height=\"150\" src=\"https:\/\/coeser.de\/blog\/wp-content\/uploads\/2019\/04\/barcelona-sightseeing-catedral-gal06-christian-oeser-150x150.jpg\" class=\"attachment-thumbnail size-thumbnail\" alt=\"Innenansicht der Kathedrale von Barcelona\" aria-describedby=\"gallery-3-11903\" \/><\/a>\n\t\t\t<\/div>\n\t\t\t\t<figcaption class='wp-caption-text gallery-caption' id='gallery-3-11903'>\n\t\t\t\tInnenansicht der Kathedrale von Barcelona\n\t\t\t\t<\/figcaption><\/figure><figure class='gallery-item'>\n\t\t\t<div class='gallery-icon landscape'>\n\t\t\t\t<a href='https:\/\/coeser.de\/blog\/wp-content\/uploads\/2019\/04\/barcelona-sightseeing-catedral-gal07-christian-oeser.jpg' title=\"Wei\u00dfe G\u00e4nse in der Kathedrale von Barcelona\" data-rl_title=\"Wei\u00dfe G\u00e4nse in der Kathedrale von Barcelona\" class=\"rl-gallery-link\" data-rl_caption=\"Aufnahmeort anzeigen\" data-rel=\"lightbox-gallery-3\"><img loading=\"lazy\" decoding=\"async\" width=\"150\" height=\"150\" src=\"https:\/\/coeser.de\/blog\/wp-content\/uploads\/2019\/04\/barcelona-sightseeing-catedral-gal07-christian-oeser-150x150.jpg\" class=\"attachment-thumbnail size-thumbnail\" alt=\"Wei\u00dfe G\u00e4nse in der Kathedrale von Barcelona\" aria-describedby=\"gallery-3-11904\" \/><\/a>\n\t\t\t<\/div>\n\t\t\t\t<figcaption class='wp-caption-text gallery-caption' id='gallery-3-11904'>\n\t\t\t\tWei\u00dfe G\u00e4nse in der Kathedrale von Barcelona\n\t\t\t\t<\/figcaption><\/figure>\n\t\t<\/div>\n\n<\/div>\n<p>&nbsp;<\/p>\n<hr \/>\n<h2><img loading=\"lazy\" decoding=\"async\" class=\"alignnone wp-image-11912 size-full\" src=\"https:\/\/coeser.de\/blog\/wp-content\/uploads\/2019\/04\/barcelona-sightseeing-aufmacher4-barri-gotic-christian-oeser.jpg\" alt=\"Das Viertel Barri G\u00f2tic (Gotisches Viertel) in Barcelona\" width=\"970\" height=\"323\" srcset=\"https:\/\/coeser.de\/blog\/wp-content\/uploads\/2019\/04\/barcelona-sightseeing-aufmacher4-barri-gotic-christian-oeser.jpg 970w, https:\/\/coeser.de\/blog\/wp-content\/uploads\/2019\/04\/barcelona-sightseeing-aufmacher4-barri-gotic-christian-oeser-300x100.jpg 300w, https:\/\/coeser.de\/blog\/wp-content\/uploads\/2019\/04\/barcelona-sightseeing-aufmacher4-barri-gotic-christian-oeser-768x256.jpg 768w\" sizes=\"auto, (max-width: 970px) 100vw, 970px\" \/><\/h2>\n<h2>3) Barri G\u00f2tic<\/h2>\n<p>Das Viertel <strong>Barri G\u00f2tic (Gotisches Viertel)<\/strong> war einst ein r\u00f6misches Viertel und ist einer der \u00e4ltesten Teile Barcelonas. Bei Besucherinnen und Besuchern ist dieser Stadtteil extrem beliebt und dementsprechend Tag und Nacht bev\u00f6lkert. Im vorigen Absatz habt ihr schon die Kathedrale kennengelernt, die sich im Barri G\u00f2tic befindet. Nicht weit davon entfernt solltet ihr auch einen Abstecher zum <em>Pla\u00e7a de Sant Jaume<\/em> machen, wo sich zwei wichtige Geb\u00e4ude gegen\u00fcberstehen. Einerseits das <strong>Rathaus (Ajuntament)<\/strong> und anderseits der <strong>Pr\u00e4sidentschaftspalast (Palau de la Generalitat de Catalunya)<\/strong>. In einer kleinen Seitengasse versteckt sich weiters die <strong>Pont G\u00f2tic<\/strong>, welche an die Seufzerbr\u00fccke in <a href=\"https:\/\/coeser.de\/blog\/index.php\/2017\/02\/14\/der-karnevals-wahnsinn-von-venedig\/\" target=\"_blank\" rel=\"noopener noreferrer\"><strong>Venedig<\/strong><\/a> erinnert.<\/p>\n<h3>Ein Viertel zum Verlieben<\/h3>\n<p>Gerne h\u00e4tte ich mehr Zeit in diesem wirklich entz\u00fcckenden Gewirr aus Gassen, versteckten Innenh\u00f6fen und sch\u00f6nen Pl\u00e4tzen verbracht. Alle paar Meter bleibt man an den Schaufenstern der diversen Gesch\u00e4fte h\u00e4ngen, denn neben den Ramschl\u00e4den f\u00fcr Touristen findet sich doch immer wieder eine gro\u00dfe Anzahl an qualitativ wertvolleren Lokalen. F\u00fcr eine Pause zwischendurch zahlt sich \u00fcbrigens das Aufsuchen des <strong>Pla\u00e7a Reial<\/strong> aus, der an die ber\u00fchmte Flaniermeile <em>La Rambla<\/em> grenzt (siehe Punkt 8). Dort g\u00f6nnten meine Freundin und ich uns ein spanisches Bier in einem der Lokale mit Blick auf den tollen Brunnen mit von Antoni Gaud\u00ec entworfenen Lampen, den pr\u00e4chtigen Hausfassaden und den vielen Palmen. Detaillierte Tipps f\u00fcr Pausen, Tapas-Bars und Restaurants findet ihr weiter unten im blauen Infokasten! \ud83d\ude42<\/p>\n<div class=\"fotospots\">\n<h3>Fotospots<\/h3>\n<div id='gallery-4' class='gallery galleryid-11882 gallery-columns-7 gallery-size-thumbnail'><figure class='gallery-item'>\n\t\t\t<div class='gallery-icon landscape'>\n\t\t\t\t<a href='https:\/\/coeser.de\/blog\/wp-content\/uploads\/2019\/04\/barcelona-sightseeing-barri-gotic-gal01-christian-oeser.jpg' title=\"Pla\u00e7a Reial im Barri G\u00f2tic (Gotisches Viertel) in Barcelona\" data-rl_title=\"Pla\u00e7a Reial im Barri G\u00f2tic (Gotisches Viertel) in Barcelona\" class=\"rl-gallery-link\" data-rl_caption=\"Aufnahmeort anzeigen\" data-rel=\"lightbox-gallery-4\"><img loading=\"lazy\" decoding=\"async\" width=\"150\" height=\"150\" src=\"https:\/\/coeser.de\/blog\/wp-content\/uploads\/2019\/04\/barcelona-sightseeing-barri-gotic-gal01-christian-oeser-150x150.jpg\" class=\"attachment-thumbnail size-thumbnail\" alt=\"Pla\u00e7a Reial im Barri G\u00f2tic (Gotisches Viertel) in Barcelona\" aria-describedby=\"gallery-4-11905\" \/><\/a>\n\t\t\t<\/div>\n\t\t\t\t<figcaption class='wp-caption-text gallery-caption' id='gallery-4-11905'>\n\t\t\t\tPla\u00e7a Reial im Barri G\u00f2tic (Gotisches Viertel) in Barcelona\n\t\t\t\t<\/figcaption><\/figure><figure class='gallery-item'>\n\t\t\t<div class='gallery-icon landscape'>\n\t\t\t\t<a href='https:\/\/coeser.de\/blog\/wp-content\/uploads\/2019\/04\/barcelona-sightseeing-barri-gotic-gal02-christian-oeser.jpg' title=\"Von Gaud\u00ec entworfene Lampe auf dem Pla\u00e7a Reial im Barri G\u00f2tic (Gotisches Viertel) in Barcelona\" data-rl_title=\"Von Gaud\u00ec entworfene Lampe auf dem Pla\u00e7a Reial im Barri G\u00f2tic (Gotisches Viertel) in Barcelona\" class=\"rl-gallery-link\" data-rl_caption=\"Aufnahmeort anzeigen\" data-rel=\"lightbox-gallery-4\"><img loading=\"lazy\" decoding=\"async\" width=\"150\" height=\"150\" src=\"https:\/\/coeser.de\/blog\/wp-content\/uploads\/2019\/04\/barcelona-sightseeing-barri-gotic-gal02-christian-oeser-150x150.jpg\" class=\"attachment-thumbnail size-thumbnail\" alt=\"Von Gaud\u00ec entworfene Lampe auf dem Pla\u00e7a Reial im Barri G\u00f2tic (Gotisches Viertel) in Barcelona\" aria-describedby=\"gallery-4-11906\" \/><\/a>\n\t\t\t<\/div>\n\t\t\t\t<figcaption class='wp-caption-text gallery-caption' id='gallery-4-11906'>\n\t\t\t\tVon Gaud\u00ec entworfene Lampe auf dem Pla\u00e7a Reial im Barri G\u00f2tic (Gotisches Viertel) in Barcelona\n\t\t\t\t<\/figcaption><\/figure><figure class='gallery-item'>\n\t\t\t<div class='gallery-icon landscape'>\n\t\t\t\t<a href='https:\/\/coeser.de\/blog\/wp-content\/uploads\/2019\/04\/barcelona-sightseeing-barri-gotic-gal03-christian-oeser.jpg' title=\"Alltagstreiben in der Carrer de Ferran im Barri G\u00f2tic (Gotisches Viertel) in Barcelona\" data-rl_title=\"Alltagstreiben in der Carrer de Ferran im Barri G\u00f2tic (Gotisches Viertel) in Barcelona\" class=\"rl-gallery-link\" data-rl_caption=\"Aufnahmeort anzeigen\" data-rel=\"lightbox-gallery-4\"><img loading=\"lazy\" decoding=\"async\" width=\"150\" height=\"150\" src=\"https:\/\/coeser.de\/blog\/wp-content\/uploads\/2019\/04\/barcelona-sightseeing-barri-gotic-gal03-christian-oeser-150x150.jpg\" class=\"attachment-thumbnail size-thumbnail\" alt=\"Alltagstreiben in der Carrer de Ferran im Barri G\u00f2tic (Gotisches Viertel) in Barcelona\" aria-describedby=\"gallery-4-11907\" \/><\/a>\n\t\t\t<\/div>\n\t\t\t\t<figcaption class='wp-caption-text gallery-caption' id='gallery-4-11907'>\n\t\t\t\tAlltagstreiben in der Carrer de Ferran im Barri G\u00f2tic (Gotisches Viertel) in Barcelona\n\t\t\t\t<\/figcaption><\/figure><figure class='gallery-item'>\n\t\t\t<div class='gallery-icon landscape'>\n\t\t\t\t<a href='https:\/\/coeser.de\/blog\/wp-content\/uploads\/2019\/04\/barcelona-sightseeing-barri-gotic-gal04-christian-oeser.jpg' title=\"Panorama des Pla\u00e7a de Sant Jaume im Barri G\u00f2tic (Gotisches Viertel) in Barcelona\" data-rl_title=\"Panorama des Pla\u00e7a de Sant Jaume im Barri G\u00f2tic (Gotisches Viertel) in Barcelona\" class=\"rl-gallery-link\" data-rl_caption=\"Aufnahmeort anzeigen\" data-rel=\"lightbox-gallery-4\"><img loading=\"lazy\" decoding=\"async\" width=\"150\" height=\"150\" src=\"https:\/\/coeser.de\/blog\/wp-content\/uploads\/2019\/04\/barcelona-sightseeing-barri-gotic-gal04-christian-oeser-150x150.jpg\" class=\"attachment-thumbnail size-thumbnail\" alt=\"Panorama des Pla\u00e7a de Sant Jaume im Barri G\u00f2tic (Gotisches Viertel) in Barcelona\" aria-describedby=\"gallery-4-11908\" \/><\/a>\n\t\t\t<\/div>\n\t\t\t\t<figcaption class='wp-caption-text gallery-caption' id='gallery-4-11908'>\n\t\t\t\tPanorama des Pla\u00e7a de Sant Jaume im Barri G\u00f2tic (Gotisches Viertel) in Barcelona\n\t\t\t\t<\/figcaption><\/figure><figure class='gallery-item'>\n\t\t\t<div class='gallery-icon landscape'>\n\t\t\t\t<a href='https:\/\/coeser.de\/blog\/wp-content\/uploads\/2019\/04\/barcelona-sightseeing-barri-gotic-gal05-christian-oeser.jpg' title=\"Pr\u00e4sidentschaftspalast auf dem Pla\u00e7a de Sant Jaume im Barri G\u00f2tic (Gotisches Viertel) in Barcelona\" data-rl_title=\"Pr\u00e4sidentschaftspalast auf dem Pla\u00e7a de Sant Jaume im Barri G\u00f2tic (Gotisches Viertel) in Barcelona\" class=\"rl-gallery-link\" data-rl_caption=\"Aufnahmeort anzeigen\" data-rel=\"lightbox-gallery-4\"><img loading=\"lazy\" decoding=\"async\" width=\"150\" height=\"150\" src=\"https:\/\/coeser.de\/blog\/wp-content\/uploads\/2019\/04\/barcelona-sightseeing-barri-gotic-gal05-christian-oeser-150x150.jpg\" class=\"attachment-thumbnail size-thumbnail\" alt=\"Pr\u00e4sidentschaftspalast auf dem Pla\u00e7a de Sant Jaume im Barri G\u00f2tic (Gotisches Viertel) in Barcelona\" aria-describedby=\"gallery-4-11909\" \/><\/a>\n\t\t\t<\/div>\n\t\t\t\t<figcaption class='wp-caption-text gallery-caption' id='gallery-4-11909'>\n\t\t\t\tPr\u00e4sidentschaftspalast auf dem Pla\u00e7a de Sant Jaume im Barri G\u00f2tic (Gotisches Viertel) in Barcelona\n\t\t\t\t<\/figcaption><\/figure><figure class='gallery-item'>\n\t\t\t<div class='gallery-icon landscape'>\n\t\t\t\t<a href='https:\/\/coeser.de\/blog\/wp-content\/uploads\/2019\/04\/barcelona-sightseeing-barri-gotic-gal06-christian-oeser.jpg' title=\"Rathaus auf dem Pla\u00e7a de Sant Jaume im Barri G\u00f2tic (Gotisches Viertel) in Barcelona\" data-rl_title=\"Rathaus auf dem Pla\u00e7a de Sant Jaume im Barri G\u00f2tic (Gotisches Viertel) in Barcelona\" class=\"rl-gallery-link\" data-rl_caption=\"Aufnahmeort anzeigen\" data-rel=\"lightbox-gallery-4\"><img loading=\"lazy\" decoding=\"async\" width=\"150\" height=\"150\" src=\"https:\/\/coeser.de\/blog\/wp-content\/uploads\/2019\/04\/barcelona-sightseeing-barri-gotic-gal06-christian-oeser-150x150.jpg\" class=\"attachment-thumbnail size-thumbnail\" alt=\"Rathaus auf dem Pla\u00e7a de Sant Jaume im Barri G\u00f2tic (Gotisches Viertel) in Barcelona\" aria-describedby=\"gallery-4-11910\" \/><\/a>\n\t\t\t<\/div>\n\t\t\t\t<figcaption class='wp-caption-text gallery-caption' id='gallery-4-11910'>\n\t\t\t\tRathaus auf dem Pla\u00e7a de Sant Jaume im Barri G\u00f2tic (Gotisches Viertel) in Barcelona\n\t\t\t\t<\/figcaption><\/figure><figure class='gallery-item'>\n\t\t\t<div class='gallery-icon landscape'>\n\t\t\t\t<a href='https:\/\/coeser.de\/blog\/wp-content\/uploads\/2019\/04\/barcelona-sightseeing-barri-gotic-gal07-christian-oeser.jpg' title=\"Pont G\u00f2tic im Barri G\u00f2tic (Gotisches Viertel) in Barcelona\" data-rl_title=\"Pont G\u00f2tic im Barri G\u00f2tic (Gotisches Viertel) in Barcelona\" class=\"rl-gallery-link\" data-rl_caption=\"Aufnahmeort anzeigen\" data-rel=\"lightbox-gallery-4\"><img loading=\"lazy\" decoding=\"async\" width=\"150\" height=\"150\" src=\"https:\/\/coeser.de\/blog\/wp-content\/uploads\/2019\/04\/barcelona-sightseeing-barri-gotic-gal07-christian-oeser-150x150.jpg\" class=\"attachment-thumbnail size-thumbnail\" alt=\"Pont G\u00f2tic im Barri G\u00f2tic (Gotisches Viertel) in Barcelona\" aria-describedby=\"gallery-4-11911\" \/><\/a>\n\t\t\t<\/div>\n\t\t\t\t<figcaption class='wp-caption-text gallery-caption' id='gallery-4-11911'>\n\t\t\t\tPont G\u00f2tic im Barri G\u00f2tic (Gotisches Viertel) in Barcelona\n\t\t\t\t<\/figcaption><\/figure>\n\t\t<\/div>\n\n<\/div>\n<p>&nbsp;<\/p>\n<hr \/>\n<h2><img loading=\"lazy\" decoding=\"async\" class=\"alignnone size-full wp-image-11913\" src=\"https:\/\/coeser.de\/blog\/wp-content\/uploads\/2019\/04\/barcelona-sightseeing-aufmacher5-strand-christian-oeser.jpg\" alt=\"Strand La Barceloneta in Barcelona\" width=\"970\" height=\"323\" srcset=\"https:\/\/coeser.de\/blog\/wp-content\/uploads\/2019\/04\/barcelona-sightseeing-aufmacher5-strand-christian-oeser.jpg 970w, https:\/\/coeser.de\/blog\/wp-content\/uploads\/2019\/04\/barcelona-sightseeing-aufmacher5-strand-christian-oeser-300x100.jpg 300w, https:\/\/coeser.de\/blog\/wp-content\/uploads\/2019\/04\/barcelona-sightseeing-aufmacher5-strand-christian-oeser-768x256.jpg 768w\" sizes=\"auto, (max-width: 970px) 100vw, 970px\" \/><\/h2>\n<h2>4) Spaziergang am Strand<\/h2>\n<p>Barcelona hat etwas, wovon wohl viele Menschen in St\u00e4dten tr\u00e4umen \u2013 einen eigenen <strong>Stadtstrand<\/strong>. Genau genommen ist es nicht einer, sondern gleich sieben, die auf einer L\u00e4nge von rund vier Kilometern liegen. W\u00e4hrend unseres Aufenthaltes im Februar konnten meine Freundin und ich problemlos durch den Sand flanieren, den Wellen zuschauen und den Sonnenuntergang genie\u00dfen \u2013 nur zum Baden selbst war es etwas zu kalt. \ud83d\ude09 Ihr k\u00f6nnt euch aber sicherlich vorstellen, dass in den Sommermonaten hier die absolute H\u00f6lle los ist. Ich habe im Internet jede Menge Fotos und Videos von v\u00f6llig \u00fcberf\u00fcllten Strandabschnitten in Barcelona gesehen, die wenig Lust auf einen Besuch machen.<\/p>\n<h3>Sonne, Sand und Meer<\/h3>\n<p>Der beliebteste und am einfachsten zu erreichende Strand nennt sich <strong>La Barceloneta<\/strong>. Dieser liegt sehr zentral, ist mit allen Verkehrsmitteln einfach anzufahren und zieht dementsprechend die Massen an. F\u00fcr die Fotografen unter euch ist sicherlich auch das <strong><a href=\"https:\/\/www.booking.com\/hotel\/es\/w-barcelona.de.html?aid=1634405\" target=\"_blank\" rel=\"noopener noreferrer\">W Hotel<\/a><\/strong>* mit seiner ungew\u00f6hnlichen Form ein Blickfang und gutes Motiv. Ich selbst liebe zwar das Meer, bin aber kein gro\u00dfer Badefan und besch\u00e4ftige mich deshalb auch nicht mit den Vor- und Nachteilen der verschiedenen Str\u00e4nde. Ihr findet aber auf dem Blog <strong><a href=\"https:\/\/www.barcelonatipps.com\/barcelona-strand\/\" target=\"_blank\" rel=\"noopener noreferrer\">barcelonatipps.com<\/a><\/strong> viele Infos, die euch beim Finden des f\u00fcr euch richtigen Strandes helfen werden.<\/p>\n<div class=\"fotospots\">\n<h3>Fotospots<\/h3>\n<div id='gallery-5' class='gallery galleryid-11882 gallery-columns-7 gallery-size-thumbnail'><figure class='gallery-item'>\n\t\t\t<div class='gallery-icon landscape'>\n\t\t\t\t<a href='https:\/\/coeser.de\/blog\/wp-content\/uploads\/2019\/04\/barcelona-sightseeing-strand-gal01-christian-oeser.jpg' title=\"Der beleuchtete Stadtstrand La Barceloneta\" data-rl_title=\"Der beleuchtete Stadtstrand La Barceloneta\" class=\"rl-gallery-link\" data-rl_caption=\"Aufnahmeort anzeigen\" data-rel=\"lightbox-gallery-5\"><img loading=\"lazy\" decoding=\"async\" width=\"150\" height=\"150\" src=\"https:\/\/coeser.de\/blog\/wp-content\/uploads\/2019\/04\/barcelona-sightseeing-strand-gal01-christian-oeser-150x150.jpg\" class=\"attachment-thumbnail size-thumbnail\" alt=\"Der beleuchtete Stadtstrand La Barceloneta\" aria-describedby=\"gallery-5-11914\" \/><\/a>\n\t\t\t<\/div>\n\t\t\t\t<figcaption class='wp-caption-text gallery-caption' id='gallery-5-11914'>\n\t\t\t\tDer beleuchtete Stadtstrand La Barceloneta\n\t\t\t\t<\/figcaption><\/figure><figure class='gallery-item'>\n\t\t\t<div class='gallery-icon landscape'>\n\t\t\t\t<a href='https:\/\/coeser.de\/blog\/wp-content\/uploads\/2019\/04\/barcelona-sightseeing-strand-gal02-christian-oeser.jpg' title=\"Der beleuchtete Stadtstrand La Barceloneta mit Blick auf das W Barcelona Hotel\" data-rl_title=\"Der beleuchtete Stadtstrand La Barceloneta mit Blick auf das W Barcelona Hotel\" class=\"rl-gallery-link\" data-rl_caption=\"Aufnahmeort anzeigen\" data-rel=\"lightbox-gallery-5\"><img loading=\"lazy\" decoding=\"async\" width=\"150\" height=\"150\" src=\"https:\/\/coeser.de\/blog\/wp-content\/uploads\/2019\/04\/barcelona-sightseeing-strand-gal02-christian-oeser-150x150.jpg\" class=\"attachment-thumbnail size-thumbnail\" alt=\"Der beleuchtete Stadtstrand La Barceloneta mit Blick auf das W Barcelona Hotel\" aria-describedby=\"gallery-5-11915\" \/><\/a>\n\t\t\t<\/div>\n\t\t\t\t<figcaption class='wp-caption-text gallery-caption' id='gallery-5-11915'>\n\t\t\t\tDer beleuchtete Stadtstrand La Barceloneta mit Blick auf das W Barcelona Hotel\n\t\t\t\t<\/figcaption><\/figure>\n\t\t<\/div>\n\n<\/div>\n<p>&nbsp;<\/p>\n<hr \/>\n<div class=\"tipps\">\n<h3>ESSEN UND TRINKEN IN BARCELONA<\/h3>\n<p>In Barcelona erwartet euch eine schier unendliche Auswahl an Restaurants und Tapas-Bars! Meine Freundin und ich haben zweimal Tapas probiert, einmal mit ausgezeichneten und einmal mit sehr durchschnittlichen Gef\u00fchlen. Eine echte Empfehlung kann ich aussprechen f\u00fcr die <strong>Bar del Pla<\/strong> (<em>Carrer de Montcada, 2<\/em>), wo wir in gem\u00fctlicher Atmosph\u00e4re kreative Tapas-Variationen wie <em>Octopus Bombs<\/em> (gebackene Tintenfisch-Kartoffel-Kugeln), <em>King Prawns Uramaki<\/em> (genial!), knuspriger Ochsenschwanz mit Foie Gras, nat\u00fcrlich <em>Patatas bravas<\/em> und am Schluss <em>Crema Catalana<\/em> genossen. Fazit: unbedingt hingehen! Weniger beeindruckt waren wir dagegen von der Tapas-Bar <strong>Cu-Cut Taverna Gastronomica<\/strong> (<em>Carrer d&#8217;Enric Granados, 68<\/em>) gleich neben unserem Hotel: die Atmosph\u00e4re ist auch sehr sch\u00f6n, das Essen war aber ein Auf und Ab. Die Garnelen im Tontopf sowie Ziegenk\u00e4se mit Ofengem\u00fcse und Salat schmeckten hervorragend. Bei den bestellten Muscheln waren \u00fcberdurchschnittlich viele nicht ge\u00f6ffnet und das dazu gereichte Tomatenbrot war eiskalt. Immerhin gab es mit <em>Cruzcampo<\/em> ein ausgezeichnetes spanisches Bier. Fazit: bei akuten Hungergef\u00fchlen in Ordnung, aber sonst gibt es sicher bessere Lokale.<\/p>\n<p>In der Markthalle <em>Mercat de Sant Antoni<\/em> lachte uns das Fischlokal <strong>Bar i Cafeteria Casa Blanca<\/strong> (<em>Parada 78, Mercat de Sant Antoni, Carrer Comte d&#8217;Urgell, n\u00ba1<\/em>) an und es war eine grandiose Entscheidung an unserem letzten Nachmittag in Barcelona. Wir bestellten <em>Scampi<\/em> sowie <em>Calamari fritti<\/em>, erg\u00e4nzend gab es perfektes warmes Tomatenbrot und als Vorspeise eine Auswahl kleiner Fische. Dazu tranken wir den typisch katalonischen <em>Cava<\/em> (ein volles Sektglas EUR 5,-, sehr in Ordnung!)<\/p>\n<p><em>Paella<\/em> ist zwar keine typische Speise f\u00fcr Barcelona, aber trotzdem sehr verbreitet. Durch einen Tipp einer Einheimischen verschlug es uns in das kleine Lokal <strong>Bar Cal Chusco<\/strong> (<em>Carrer de l&#8217;Almirall Aixada, 5<\/em>) nahe des Strandes <em>Barceloneta<\/em>. Die sehr einfache Einrichtung lie\u00df nicht erahnen, was f\u00fcr eine geniale Meeresfr\u00fcchtepaella uns erwarten w\u00fcrde. Sicherlich ein Geheimtipp!<\/p>\n<p>Da wir meistens kein Fr\u00fchst\u00fcck dazubuchen, schauen meine Freundin und ich uns immer in der N\u00e4he unserer Unterkunft nach leckeren B\u00e4ckereien oder Caf\u00e9s um. Gleich neben unserem <strong><a href=\"https:\/\/www.booking.com\/hotel\/es\/h10-art-gallery.de.html?aid=1634405\" target=\"_blank\" rel=\"noopener noreferrer\">Hotel H10 Art Gallery<\/a><\/strong>* fanden wir das entz\u00fcckende <strong>La Cuina d\u2019en Garriga Enric Granados<\/strong> (<em>Carrer d&#8217;Enric Granados, 58<\/em>) \u2013 kleines Restaurant, Feinkostladen und Caf\u00e9 in einem. Wir tranken einen wirklich perfekten Cappucchino und genossen dazu ein Focaccia mit Iberico-Schinken, herrlich! Wir waren so begeistert, dass es uns an einem anderen Tag gleich nochmal dorthin verschlug. \ud83d\ude09<\/p>\n<p>Nicht vergessen solltet ihr das Ausprobieren der k\u00f6stlichen <strong>Churros<\/strong>. Die herausgebackene iberische Spezialit\u00e4t wird an St\u00e4nden und in vielen Lokalen angeboten. Sie schmecken sowohl einfach nur mit Zucker, als auch mit fl\u00fcssiger Schokolade hervorragend, sind aber nat\u00fcrlich auch dementsprechend s\u00e4ttigend.<\/p>\n<p>Wenn ihr auf den Ramblas spazieren geht, dann werft einen Blick in die <strong>Pastisseria Escrib\u00e0<\/strong> (<em>La Rambla, 83<\/em>). Die Jugendstilfassade ist wundersch\u00f6n anzusehen und auch das Innere der B\u00e4ckerei wirkt wie ein zauberhafter Laden aus einem M\u00e4rchen.<\/p>\n<p>Und ein letzter Tipp, ebenfalls wenn ihr auf den Ramblas unterwegs seid: eine (Bier)pause empfiehlt sich auf dem <em>Pla\u00e7a Reial<\/em>. Dort tranken wir bei der <strong>Cerveseria Can\u00e0ries<\/strong> (<em>Pla\u00e7a Reial, 4<\/em>) ein spanisches <em>San Miguel<\/em> mit Blick auf Palmen, sch\u00f6ne Hausfassaden und einen faszinierenden Brunnen. Das Lokal ist zwar offensichtlich sehr touristisch, die Preise waren aber nicht \u00fcberh\u00f6ht.<\/p>\n<div id='gallery-6' class='gallery galleryid-11882 gallery-columns-7 gallery-size-thumbnail'><figure class='gallery-item'>\n\t\t\t<div class='gallery-icon landscape'>\n\t\t\t\t<a href='https:\/\/coeser.de\/blog\/wp-content\/uploads\/2019\/04\/barcelona-sightseeing-tapas-bar-del-pla-gal06-christian-oeser.jpg' title=\"Das Tapas-Lokal Bar del Pla in Barcelona\" data-rl_title=\"Das Tapas-Lokal Bar del Pla in Barcelona\" class=\"rl-gallery-link\" data-rl_caption=\"Aufnahmeort anzeigen\" data-rel=\"lightbox-gallery-6\"><img loading=\"lazy\" decoding=\"async\" width=\"150\" height=\"150\" src=\"https:\/\/coeser.de\/blog\/wp-content\/uploads\/2019\/04\/barcelona-sightseeing-tapas-bar-del-pla-gal06-christian-oeser-150x150.jpg\" class=\"attachment-thumbnail size-thumbnail\" alt=\"Das Tapas-Lokal Bar del Pla in Barcelona\" aria-describedby=\"gallery-6-11943\" \/><\/a>\n\t\t\t<\/div>\n\t\t\t\t<figcaption class='wp-caption-text gallery-caption' id='gallery-6-11943'>\n\t\t\t\tDas Tapas-Lokal Bar del Pla in Barcelona\n\t\t\t\t<\/figcaption><\/figure><figure class='gallery-item'>\n\t\t\t<div class='gallery-icon portrait'>\n\t\t\t\t<a href='https:\/\/coeser.de\/blog\/wp-content\/uploads\/2019\/04\/barcelona-sightseeing-tapas-bar-del-pla-gal04-christian-oeser.jpg' title=\"Speisekarte im Tapas-Lokal Bar del Pla in Barcelona\" data-rl_title=\"Speisekarte im Tapas-Lokal Bar del Pla in Barcelona\" class=\"rl-gallery-link\" data-rl_caption=\"Aufnahmeort anzeigen\" data-rel=\"lightbox-gallery-6\"><img loading=\"lazy\" decoding=\"async\" width=\"150\" height=\"150\" src=\"https:\/\/coeser.de\/blog\/wp-content\/uploads\/2019\/04\/barcelona-sightseeing-tapas-bar-del-pla-gal04-christian-oeser-150x150.jpg\" class=\"attachment-thumbnail size-thumbnail\" alt=\"Speisekarte im Tapas-Lokal Bar del Pla in Barcelona\" aria-describedby=\"gallery-6-11941\" \/><\/a>\n\t\t\t<\/div>\n\t\t\t\t<figcaption class='wp-caption-text gallery-caption' id='gallery-6-11941'>\n\t\t\t\tSpeisekarte im Tapas-Lokal Bar del Pla in Barcelona\n\t\t\t\t<\/figcaption><\/figure><figure class='gallery-item'>\n\t\t\t<div class='gallery-icon landscape'>\n\t\t\t\t<a href='https:\/\/coeser.de\/blog\/wp-content\/uploads\/2019\/04\/barcelona-sightseeing-tapas-bar-del-pla-gal01-christian-oeser.jpg' title=\"Patatas Bravas im Tapas-Lokal Bar del Pla in Barcelona\" data-rl_title=\"Patatas Bravas im Tapas-Lokal Bar del Pla in Barcelona\" class=\"rl-gallery-link\" data-rl_caption=\"Aufnahmeort anzeigen\" data-rel=\"lightbox-gallery-6\"><img loading=\"lazy\" decoding=\"async\" width=\"150\" height=\"150\" src=\"https:\/\/coeser.de\/blog\/wp-content\/uploads\/2019\/04\/barcelona-sightseeing-tapas-bar-del-pla-gal01-christian-oeser-150x150.jpg\" class=\"attachment-thumbnail size-thumbnail\" alt=\"Patatas Bravas im Tapas-Lokal Bar del Pla in Barcelona\" aria-describedby=\"gallery-6-11938\" \/><\/a>\n\t\t\t<\/div>\n\t\t\t\t<figcaption class='wp-caption-text gallery-caption' id='gallery-6-11938'>\n\t\t\t\tPatatas Bravas im Tapas-Lokal Bar del Pla in Barcelona\n\t\t\t\t<\/figcaption><\/figure><figure class='gallery-item'>\n\t\t\t<div class='gallery-icon landscape'>\n\t\t\t\t<a href='https:\/\/coeser.de\/blog\/wp-content\/uploads\/2019\/04\/barcelona-sightseeing-tapas-bar-del-pla-gal02-christian-oeser.jpg' title=\"King Prawns Uramaki im Tapas-Lokal Bar del Pla in Barcelona\" data-rl_title=\"King Prawns Uramaki im Tapas-Lokal Bar del Pla in Barcelona\" class=\"rl-gallery-link\" data-rl_caption=\"Aufnahmeort anzeigen\" data-rel=\"lightbox-gallery-6\"><img loading=\"lazy\" decoding=\"async\" width=\"150\" height=\"150\" src=\"https:\/\/coeser.de\/blog\/wp-content\/uploads\/2019\/04\/barcelona-sightseeing-tapas-bar-del-pla-gal02-christian-oeser-150x150.jpg\" class=\"attachment-thumbnail size-thumbnail\" alt=\"King Prawns Uramaki im Tapas-Lokal Bar del Pla in Barcelona\" aria-describedby=\"gallery-6-11939\" \/><\/a>\n\t\t\t<\/div>\n\t\t\t\t<figcaption class='wp-caption-text gallery-caption' id='gallery-6-11939'>\n\t\t\t\tKing Prawns Uramaki im Tapas-Lokal Bar del Pla in Barcelona\n\t\t\t\t<\/figcaption><\/figure><figure class='gallery-item'>\n\t\t\t<div class='gallery-icon landscape'>\n\t\t\t\t<a href='https:\/\/coeser.de\/blog\/wp-content\/uploads\/2019\/04\/barcelona-sightseeing-tapas-bar-del-pla-gal03-christian-oeser.jpg' title=\"Knuspriger Ochsenschwanz mit Foie Gras im Tapas-Lokal Bar del Pla in Barcelona\" data-rl_title=\"Knuspriger Ochsenschwanz mit Foie Gras im Tapas-Lokal Bar del Pla in Barcelona\" class=\"rl-gallery-link\" data-rl_caption=\"Aufnahmeort anzeigen\" data-rel=\"lightbox-gallery-6\"><img loading=\"lazy\" decoding=\"async\" width=\"150\" height=\"150\" src=\"https:\/\/coeser.de\/blog\/wp-content\/uploads\/2019\/04\/barcelona-sightseeing-tapas-bar-del-pla-gal03-christian-oeser-150x150.jpg\" class=\"attachment-thumbnail size-thumbnail\" alt=\"Knuspriger Ochsenschwanz mit Foie Gras im Tapas-Lokal Bar del Pla in Barcelona\" aria-describedby=\"gallery-6-11940\" \/><\/a>\n\t\t\t<\/div>\n\t\t\t\t<figcaption class='wp-caption-text gallery-caption' id='gallery-6-11940'>\n\t\t\t\tKnuspriger Ochsenschwanz mit Foie Gras im Tapas-Lokal Bar del Pla in Barcelona\n\t\t\t\t<\/figcaption><\/figure><figure class='gallery-item'>\n\t\t\t<div class='gallery-icon landscape'>\n\t\t\t\t<a href='https:\/\/coeser.de\/blog\/wp-content\/uploads\/2019\/04\/barcelona-sightseeing-tapas-bar-del-pla-gal05-christian-oeser.jpg' title=\"Crema Catalana im Tapas-Lokal Bar del Pla in Barcelona\" data-rl_title=\"Crema Catalana im Tapas-Lokal Bar del Pla in Barcelona\" class=\"rl-gallery-link\" data-rl_caption=\"Aufnahmeort anzeigen\" data-rel=\"lightbox-gallery-6\"><img loading=\"lazy\" decoding=\"async\" width=\"150\" height=\"150\" src=\"https:\/\/coeser.de\/blog\/wp-content\/uploads\/2019\/04\/barcelona-sightseeing-tapas-bar-del-pla-gal05-christian-oeser-150x150.jpg\" class=\"attachment-thumbnail size-thumbnail\" alt=\"Crema Catalana im Tapas-Lokal Bar del Pla in Barcelona\" aria-describedby=\"gallery-6-11942\" \/><\/a>\n\t\t\t<\/div>\n\t\t\t\t<figcaption class='wp-caption-text gallery-caption' id='gallery-6-11942'>\n\t\t\t\tCrema Catalana im Tapas-Lokal Bar del Pla in Barcelona\n\t\t\t\t<\/figcaption><\/figure><figure class='gallery-item'>\n\t\t\t<div class='gallery-icon portrait'>\n\t\t\t\t<a href='https:\/\/coeser.de\/blog\/wp-content\/uploads\/2019\/04\/barcelona-sightseeing-tapas-cu-cut-taverna-gastronomica-gal01-christian-oeser.jpg' title=\"Spanisches Bier Cruzcampo in der Tapas-Bar Cu-Cut Taverna Gastronomica in Barcelona\" data-rl_title=\"Spanisches Bier Cruzcampo in der Tapas-Bar Cu-Cut Taverna Gastronomica in Barcelona\" class=\"rl-gallery-link\" data-rl_caption=\"Aufnahmeort anzeigen\" data-rel=\"lightbox-gallery-6\"><img loading=\"lazy\" decoding=\"async\" width=\"150\" height=\"150\" src=\"https:\/\/coeser.de\/blog\/wp-content\/uploads\/2019\/04\/barcelona-sightseeing-tapas-cu-cut-taverna-gastronomica-gal01-christian-oeser-150x150.jpg\" class=\"attachment-thumbnail size-thumbnail\" alt=\"Spanisches Bier Cruzcampo in der Tapas-Bar Cu-Cut Taverna Gastronomica in Barcelona\" aria-describedby=\"gallery-6-11944\" \/><\/a>\n\t\t\t<\/div>\n\t\t\t\t<figcaption class='wp-caption-text gallery-caption' id='gallery-6-11944'>\n\t\t\t\tSpanisches Bier Cruzcampo in der Tapas-Bar Cu-Cut Taverna Gastronomica in Barcelona\n\t\t\t\t<\/figcaption><\/figure><figure class='gallery-item'>\n\t\t\t<div class='gallery-icon landscape'>\n\t\t\t\t<a href='https:\/\/coeser.de\/blog\/wp-content\/uploads\/2019\/04\/barcelona-sightseeing-tapas-cu-cut-taverna-gastronomica-gal02-christian-oeser.jpg' title=\"Garnelen im Tontopf, Muscheln und Tomatenbrot in der Tapas-Bar Cu-Cut Taverna Gastronomica in Barcelona\" data-rl_title=\"Garnelen im Tontopf, Muscheln und Tomatenbrot in der Tapas-Bar Cu-Cut Taverna Gastronomica in Barcelona\" class=\"rl-gallery-link\" data-rl_caption=\"Aufnahmeort anzeigen\" data-rel=\"lightbox-gallery-6\"><img loading=\"lazy\" decoding=\"async\" width=\"150\" height=\"150\" src=\"https:\/\/coeser.de\/blog\/wp-content\/uploads\/2019\/04\/barcelona-sightseeing-tapas-cu-cut-taverna-gastronomica-gal02-christian-oeser-150x150.jpg\" class=\"attachment-thumbnail size-thumbnail\" alt=\"Garnelen im Tontopf, Muscheln und Tomatenbrot in der Tapas-Bar Cu-Cut Taverna Gastronomica in Barcelona\" aria-describedby=\"gallery-6-11945\" \/><\/a>\n\t\t\t<\/div>\n\t\t\t\t<figcaption class='wp-caption-text gallery-caption' id='gallery-6-11945'>\n\t\t\t\tGarnelen im Tontopf, Muscheln und Tomatenbrot in der Tapas-Bar Cu-Cut Taverna Gastronomica in Barcelona\n\t\t\t\t<\/figcaption><\/figure><figure class='gallery-item'>\n\t\t\t<div class='gallery-icon landscape'>\n\t\t\t\t<a href='https:\/\/coeser.de\/blog\/wp-content\/uploads\/2019\/04\/barcelona-sightseeing-tapas-cu-cut-taverna-gastronomica-gal03-christian-oeser.jpg' title=\"Ziegenk\u00e4se mit Gem\u00fcse in der Tapas-Bar Cu-Cut Taverna Gastronomica in Barcelona\" data-rl_title=\"Ziegenk\u00e4se mit Gem\u00fcse in der Tapas-Bar Cu-Cut Taverna Gastronomica in Barcelona\" class=\"rl-gallery-link\" data-rl_caption=\"Aufnahmeort anzeigen\" data-rel=\"lightbox-gallery-6\"><img loading=\"lazy\" decoding=\"async\" width=\"150\" height=\"150\" src=\"https:\/\/coeser.de\/blog\/wp-content\/uploads\/2019\/04\/barcelona-sightseeing-tapas-cu-cut-taverna-gastronomica-gal03-christian-oeser-150x150.jpg\" class=\"attachment-thumbnail size-thumbnail\" alt=\"Ziegenk\u00e4se mit Gem\u00fcse in der Tapas-Bar Cu-Cut Taverna Gastronomica in Barcelona\" aria-describedby=\"gallery-6-11946\" \/><\/a>\n\t\t\t<\/div>\n\t\t\t\t<figcaption class='wp-caption-text gallery-caption' id='gallery-6-11946'>\n\t\t\t\tZiegenk\u00e4se mit Gem\u00fcse in der Tapas-Bar Cu-Cut Taverna Gastronomica in Barcelona\n\t\t\t\t<\/figcaption><\/figure><figure class='gallery-item'>\n\t\t\t<div class='gallery-icon landscape'>\n\t\t\t\t<a href='https:\/\/coeser.de\/blog\/wp-content\/uploads\/2019\/04\/barcelona-sightseeing-tapas-cu-cut-taverna-gastronomica-gal04-christian-oeser.jpg' title=\"Die Tapas-Bar Cu-Cut Taverna Gastronomica in Barcelona\" data-rl_title=\"Die Tapas-Bar Cu-Cut Taverna Gastronomica in Barcelona\" class=\"rl-gallery-link\" data-rl_caption=\"Aufnahmeort anzeigen\" data-rel=\"lightbox-gallery-6\"><img loading=\"lazy\" decoding=\"async\" width=\"150\" height=\"150\" src=\"https:\/\/coeser.de\/blog\/wp-content\/uploads\/2019\/04\/barcelona-sightseeing-tapas-cu-cut-taverna-gastronomica-gal04-christian-oeser-150x150.jpg\" class=\"attachment-thumbnail size-thumbnail\" alt=\"Die Tapas-Bar Cu-Cut Taverna Gastronomica in Barcelona\" aria-describedby=\"gallery-6-11947\" \/><\/a>\n\t\t\t<\/div>\n\t\t\t\t<figcaption class='wp-caption-text gallery-caption' id='gallery-6-11947'>\n\t\t\t\tDie Tapas-Bar Cu-Cut Taverna Gastronomica in Barcelona\n\t\t\t\t<\/figcaption><\/figure><figure class='gallery-item'>\n\t\t\t<div class='gallery-icon landscape'>\n\t\t\t\t<a href='https:\/\/coeser.de\/blog\/wp-content\/uploads\/2019\/04\/barcelona-sightseeing-sant-antoni-bar-cafeteria-casa-blanca-gal01-christian-oeser.jpg' title=\"Fischvariation und Tomatenbrot im Lokal Bar i Cafeteria Casa Blanca in der Markthalle Mercat de Sant Antoni\" data-rl_title=\"Fischvariation und Tomatenbrot im Lokal Bar i Cafeteria Casa Blanca in der Markthalle Mercat de Sant Antoni\" class=\"rl-gallery-link\" data-rl_caption=\"Aufnahmeort anzeigen\" data-rel=\"lightbox-gallery-6\"><img loading=\"lazy\" decoding=\"async\" width=\"150\" height=\"150\" src=\"https:\/\/coeser.de\/blog\/wp-content\/uploads\/2019\/04\/barcelona-sightseeing-sant-antoni-bar-cafeteria-casa-blanca-gal01-christian-oeser-150x150.jpg\" class=\"attachment-thumbnail size-thumbnail\" alt=\"Fischvariation und Tomatenbrot im Lokal Bar i Cafeteria Casa Blanca in der Markthalle Mercat de Sant Antoni\" aria-describedby=\"gallery-6-11948\" \/><\/a>\n\t\t\t<\/div>\n\t\t\t\t<figcaption class='wp-caption-text gallery-caption' id='gallery-6-11948'>\n\t\t\t\tFischvariation und Tomatenbrot im Lokal Bar i Cafeteria Casa Blanca in der Markthalle Mercat de Sant Antoni\n\t\t\t\t<\/figcaption><\/figure><figure class='gallery-item'>\n\t\t\t<div class='gallery-icon landscape'>\n\t\t\t\t<a href='https:\/\/coeser.de\/blog\/wp-content\/uploads\/2019\/04\/barcelona-sightseeing-sant-antoni-bar-cafeteria-casa-blanca-gal02-christian-oeser.jpg' title=\"Scampi und Calamari fritti im Lokal Bar i Cafeteria Casa Blanca in der Markthalle Mercat de Sant Antoni\" data-rl_title=\"Scampi und Calamari fritti im Lokal Bar i Cafeteria Casa Blanca in der Markthalle Mercat de Sant Antoni\" class=\"rl-gallery-link\" data-rl_caption=\"Aufnahmeort anzeigen\" data-rel=\"lightbox-gallery-6\"><img loading=\"lazy\" decoding=\"async\" width=\"150\" height=\"150\" src=\"https:\/\/coeser.de\/blog\/wp-content\/uploads\/2019\/04\/barcelona-sightseeing-sant-antoni-bar-cafeteria-casa-blanca-gal02-christian-oeser-150x150.jpg\" class=\"attachment-thumbnail size-thumbnail\" alt=\"Scampi und Calamari fritti im Lokal Bar i Cafeteria Casa Blanca in der Markthalle Mercat de Sant Antoni\" aria-describedby=\"gallery-6-11949\" \/><\/a>\n\t\t\t<\/div>\n\t\t\t\t<figcaption class='wp-caption-text gallery-caption' id='gallery-6-11949'>\n\t\t\t\tScampi und Calamari fritti im Lokal Bar i Cafeteria Casa Blanca in der Markthalle Mercat de Sant Antoni\n\t\t\t\t<\/figcaption><\/figure><figure class='gallery-item'>\n\t\t\t<div class='gallery-icon landscape'>\n\t\t\t\t<a href='https:\/\/coeser.de\/blog\/wp-content\/uploads\/2019\/04\/barcelona-sightseeing-sant-antoni-bar-cafeteria-casa-blanca-gal03-christian-oeser.jpg' title=\"Das Fischlokal Bar i Cafeteria Casa Blanca in der Markthalle Mercat de Sant Antoni\" data-rl_title=\"Das Fischlokal Bar i Cafeteria Casa Blanca in der Markthalle Mercat de Sant Antoni\" class=\"rl-gallery-link\" data-rl_caption=\"Aufnahmeort anzeigen\" data-rel=\"lightbox-gallery-6\"><img loading=\"lazy\" decoding=\"async\" width=\"150\" height=\"150\" src=\"https:\/\/coeser.de\/blog\/wp-content\/uploads\/2019\/04\/barcelona-sightseeing-sant-antoni-bar-cafeteria-casa-blanca-gal03-christian-oeser-150x150.jpg\" class=\"attachment-thumbnail size-thumbnail\" alt=\"Das Fischlokal Bar i Cafeteria Casa Blanca in der Markthalle Mercat de Sant Antoni\" aria-describedby=\"gallery-6-11950\" \/><\/a>\n\t\t\t<\/div>\n\t\t\t\t<figcaption class='wp-caption-text gallery-caption' id='gallery-6-11950'>\n\t\t\t\tDas Fischlokal Bar i Cafeteria Casa Blanca in der Markthalle Mercat de Sant Antoni\n\t\t\t\t<\/figcaption><\/figure><figure class='gallery-item'>\n\t\t\t<div class='gallery-icon landscape'>\n\t\t\t\t<a href='https:\/\/coeser.de\/blog\/wp-content\/uploads\/2019\/04\/barcelona-sightseeing-paella-bar-cal-chusco-gal01-christian-oeser.jpg' title=\"Meeresfr\u00fcchtepaella in der Bar Cal Chusco in Barcelona\" data-rl_title=\"Meeresfr\u00fcchtepaella in der Bar Cal Chusco in Barcelona\" class=\"rl-gallery-link\" data-rl_caption=\"Aufnahmeort anzeigen\" data-rel=\"lightbox-gallery-6\"><img loading=\"lazy\" decoding=\"async\" width=\"150\" height=\"150\" src=\"https:\/\/coeser.de\/blog\/wp-content\/uploads\/2019\/04\/barcelona-sightseeing-paella-bar-cal-chusco-gal01-christian-oeser-150x150.jpg\" class=\"attachment-thumbnail size-thumbnail\" alt=\"Meeresfr\u00fcchtepaella in der Bar Cal Chusco in Barcelona\" aria-describedby=\"gallery-6-11951\" \/><\/a>\n\t\t\t<\/div>\n\t\t\t\t<figcaption class='wp-caption-text gallery-caption' id='gallery-6-11951'>\n\t\t\t\tMeeresfr\u00fcchtepaella in der Bar Cal Chusco in Barcelona\n\t\t\t\t<\/figcaption><\/figure><figure class='gallery-item'>\n\t\t\t<div class='gallery-icon landscape'>\n\t\t\t\t<a href='https:\/\/coeser.de\/blog\/wp-content\/uploads\/2019\/04\/barcelona-sightseeing-paella-bar-cal-chusco-gal02-christian-oeser.jpg' title=\"Die Bar Cal Chusco in Barcelona\" data-rl_title=\"Die Bar Cal Chusco in Barcelona\" class=\"rl-gallery-link\" data-rl_caption=\"Aufnahmeort anzeigen\" data-rel=\"lightbox-gallery-6\"><img loading=\"lazy\" decoding=\"async\" width=\"150\" height=\"150\" src=\"https:\/\/coeser.de\/blog\/wp-content\/uploads\/2019\/04\/barcelona-sightseeing-paella-bar-cal-chusco-gal02-christian-oeser-150x150.jpg\" class=\"attachment-thumbnail size-thumbnail\" alt=\"Die Bar Cal Chusco in Barcelona\" aria-describedby=\"gallery-6-11952\" \/><\/a>\n\t\t\t<\/div>\n\t\t\t\t<figcaption class='wp-caption-text gallery-caption' id='gallery-6-11952'>\n\t\t\t\tDie Bar Cal Chusco in Barcelona\n\t\t\t\t<\/figcaption><\/figure><figure class='gallery-item'>\n\t\t\t<div class='gallery-icon landscape'>\n\t\t\t\t<a href='https:\/\/coeser.de\/blog\/wp-content\/uploads\/2019\/04\/barcelona-sightseeing-cuina-garriga-enric-granados-gal01-christian-oeser.jpg' title=\"Das Lokal La Cuina d\u2019en Garriga Enric Granados in Barcelona\" data-rl_title=\"Das Lokal La Cuina d\u2019en Garriga Enric Granados in Barcelona\" class=\"rl-gallery-link\" data-rl_caption=\"Aufnahmeort anzeigen\" data-rel=\"lightbox-gallery-6\"><img loading=\"lazy\" decoding=\"async\" width=\"150\" height=\"150\" src=\"https:\/\/coeser.de\/blog\/wp-content\/uploads\/2019\/04\/barcelona-sightseeing-cuina-garriga-enric-granados-gal01-christian-oeser-150x150.jpg\" class=\"attachment-thumbnail size-thumbnail\" alt=\"Das Lokal La Cuina d\u2019en Garriga Enric Granados in Barcelona\" aria-describedby=\"gallery-6-11954\" \/><\/a>\n\t\t\t<\/div>\n\t\t\t\t<figcaption class='wp-caption-text gallery-caption' id='gallery-6-11954'>\n\t\t\t\tDas Lokal La Cuina d\u2019en Garriga Enric Granados in Barcelona\n\t\t\t\t<\/figcaption><\/figure><figure class='gallery-item'>\n\t\t\t<div class='gallery-icon landscape'>\n\t\t\t\t<a href='https:\/\/coeser.de\/blog\/wp-content\/uploads\/2019\/04\/barcelona-sightseeing-cuina-garriga-enric-granados-gal02-christian-oeser.jpg' title=\"Focaccia mit Iberico-Schinken im Lokal La Cuina d\u2019en Garriga Enric Granados in Barcelona\" data-rl_title=\"Focaccia mit Iberico-Schinken im Lokal La Cuina d\u2019en Garriga Enric Granados in Barcelona\" class=\"rl-gallery-link\" data-rl_caption=\"Aufnahmeort anzeigen\" data-rel=\"lightbox-gallery-6\"><img loading=\"lazy\" decoding=\"async\" width=\"150\" height=\"150\" src=\"https:\/\/coeser.de\/blog\/wp-content\/uploads\/2019\/04\/barcelona-sightseeing-cuina-garriga-enric-granados-gal02-christian-oeser-150x150.jpg\" class=\"attachment-thumbnail size-thumbnail\" alt=\"Focaccia mit Iberico-Schinken im Lokal La Cuina d\u2019en Garriga Enric Granados in Barcelona\" aria-describedby=\"gallery-6-11955\" \/><\/a>\n\t\t\t<\/div>\n\t\t\t\t<figcaption class='wp-caption-text gallery-caption' id='gallery-6-11955'>\n\t\t\t\tFocaccia mit Iberico-Schinken im Lokal La Cuina d\u2019en Garriga Enric Granados in Barcelona\n\t\t\t\t<\/figcaption><\/figure><figure class='gallery-item'>\n\t\t\t<div class='gallery-icon landscape'>\n\t\t\t\t<a href='https:\/\/coeser.de\/blog\/wp-content\/uploads\/2019\/04\/barcelona-sightseeing-churros-gal01-christian-oeser.jpg' title=\"Gebackene Churros mit fl\u00fcssiger Schokolade\" data-rl_title=\"Gebackene Churros mit fl\u00fcssiger Schokolade\" class=\"rl-gallery-link\" data-rl_caption=\"Aufnahmeort anzeigen\" data-rel=\"lightbox-gallery-6\"><img loading=\"lazy\" decoding=\"async\" width=\"150\" height=\"150\" src=\"https:\/\/coeser.de\/blog\/wp-content\/uploads\/2019\/04\/barcelona-sightseeing-churros-gal01-christian-oeser-150x150.jpg\" class=\"attachment-thumbnail size-thumbnail\" alt=\"Gebackene Churros mit fl\u00fcssiger Schokolade\" aria-describedby=\"gallery-6-11953\" \/><\/a>\n\t\t\t<\/div>\n\t\t\t\t<figcaption class='wp-caption-text gallery-caption' id='gallery-6-11953'>\n\t\t\t\tGebackene Churros mit fl\u00fcssiger Schokolade\n\t\t\t\t<\/figcaption><\/figure><figure class='gallery-item'>\n\t\t\t<div class='gallery-icon landscape'>\n\t\t\t\t<a href='https:\/\/coeser.de\/blog\/wp-content\/uploads\/2019\/04\/barcelona-sightseeing-pastisseria-escriba-gal01-christian-oeser.jpg' title=\"Jugendstilfassade der Pastisseria Escrib\u00e0\" data-rl_title=\"Jugendstilfassade der Pastisseria Escrib\u00e0\" class=\"rl-gallery-link\" data-rl_caption=\"Aufnahmeort anzeigen\" data-rel=\"lightbox-gallery-6\"><img loading=\"lazy\" decoding=\"async\" width=\"150\" height=\"150\" src=\"https:\/\/coeser.de\/blog\/wp-content\/uploads\/2019\/04\/barcelona-sightseeing-pastisseria-escriba-gal01-christian-oeser-150x150.jpg\" class=\"attachment-thumbnail size-thumbnail\" alt=\"Jugendstilfassade der Pastisseria Escrib\u00e0\" aria-describedby=\"gallery-6-11957\" \/><\/a>\n\t\t\t<\/div>\n\t\t\t\t<figcaption class='wp-caption-text gallery-caption' id='gallery-6-11957'>\n\t\t\t\tJugendstilfassade der Pastisseria Escrib\u00e0\n\t\t\t\t<\/figcaption><\/figure><figure class='gallery-item'>\n\t\t\t<div class='gallery-icon landscape'>\n\t\t\t\t<a href='https:\/\/coeser.de\/blog\/wp-content\/uploads\/2019\/04\/barcelona-sightseeing-pastisseria-escriba-gal02-christian-oeser.jpg' title=\"Innenansicht der Pastisseria Escrib\u00e0\" data-rl_title=\"Innenansicht der Pastisseria Escrib\u00e0\" class=\"rl-gallery-link\" data-rl_caption=\"Aufnahmeort anzeigen\" data-rel=\"lightbox-gallery-6\"><img loading=\"lazy\" decoding=\"async\" width=\"150\" height=\"150\" src=\"https:\/\/coeser.de\/blog\/wp-content\/uploads\/2019\/04\/barcelona-sightseeing-pastisseria-escriba-gal02-christian-oeser-150x150.jpg\" class=\"attachment-thumbnail size-thumbnail\" alt=\"Innenansicht der Pastisseria Escrib\u00e0\" aria-describedby=\"gallery-6-11958\" \/><\/a>\n\t\t\t<\/div>\n\t\t\t\t<figcaption class='wp-caption-text gallery-caption' id='gallery-6-11958'>\n\t\t\t\tInnenansicht der Pastisseria Escrib\u00e0\n\t\t\t\t<\/figcaption><\/figure><figure class='gallery-item'>\n\t\t\t<div class='gallery-icon landscape'>\n\t\t\t\t<a href='https:\/\/coeser.de\/blog\/wp-content\/uploads\/2019\/04\/barcelona-sightseeing-cerveseria-canaries-gal01-christian-oeser.jpg' title=\"Bierpause im Lokal Cerveseria Can\u00e0ries auf dem Pla\u00e7a Reial\" data-rl_title=\"Bierpause im Lokal Cerveseria Can\u00e0ries auf dem Pla\u00e7a Reial\" class=\"rl-gallery-link\" data-rl_caption=\"Aufnahmeort anzeigen\" data-rel=\"lightbox-gallery-6\"><img loading=\"lazy\" decoding=\"async\" width=\"150\" height=\"150\" src=\"https:\/\/coeser.de\/blog\/wp-content\/uploads\/2019\/04\/barcelona-sightseeing-cerveseria-canaries-gal01-christian-oeser-150x150.jpg\" class=\"attachment-thumbnail size-thumbnail\" alt=\"Bierpause im Lokal Cerveseria Can\u00e0ries auf dem Pla\u00e7a Reial\" aria-describedby=\"gallery-6-11956\" \/><\/a>\n\t\t\t<\/div>\n\t\t\t\t<figcaption class='wp-caption-text gallery-caption' id='gallery-6-11956'>\n\t\t\t\tBierpause im Lokal Cerveseria Can\u00e0ries auf dem Pla\u00e7a Reial\n\t\t\t\t<\/figcaption><\/figure>\n\t\t<\/div>\n\n<\/div>\n<p>&nbsp;<\/p>\n<hr \/>\n<h2><img loading=\"lazy\" decoding=\"async\" class=\"alignnone size-full wp-image-11916\" src=\"https:\/\/coeser.de\/blog\/wp-content\/uploads\/2019\/04\/barcelona-sightseeing-aufmacher6-placa-espanya-christian-oeser.jpg\" alt=\"Pla\u00e7a d'Espanya in Barcelona\" width=\"970\" height=\"323\" srcset=\"https:\/\/coeser.de\/blog\/wp-content\/uploads\/2019\/04\/barcelona-sightseeing-aufmacher6-placa-espanya-christian-oeser.jpg 970w, https:\/\/coeser.de\/blog\/wp-content\/uploads\/2019\/04\/barcelona-sightseeing-aufmacher6-placa-espanya-christian-oeser-300x100.jpg 300w, https:\/\/coeser.de\/blog\/wp-content\/uploads\/2019\/04\/barcelona-sightseeing-aufmacher6-placa-espanya-christian-oeser-768x256.jpg 768w\" sizes=\"auto, (max-width: 970px) 100vw, 970px\" \/><\/h2>\n<h2>5) Rund um den Pla\u00e7a d&#8217;Espanya<\/h2>\n<p>Der <strong>Pla\u00e7a d&#8217;Espanya<\/strong> selbst ist ein wenig berauschender gro\u00dfer Kreisverkehr und Verkehrsknotenpunkt. Lasst euch aber davon nicht abschrecken, denn rund um diese Verkehrsh\u00f6lle gibt es einige interessante Dinge zu entdecken. Die ehemalige, riesige Stierkampfarena ist zum Gl\u00fcck schon lange kein grausamer Ort mehr, sondern wurde \u00fcber die letzten Jahre zum gro\u00dfen Einkaufszentrum <strong>Las Arenas<\/strong> umgebaut. Mit einem au\u00dfen angebauten Aufzug kann man auf das Dach fahren und die Aussicht genie\u00dfen \u2013 leider hatten wir keine Zeit, dies selbst zu \u00fcberpr\u00fcfen.<\/p>\n<h3>Sehenswertes auf jeder Seite<\/h3>\n<p>Auf der s\u00fcdlichen Seite des <em>Pla\u00e7a d&#8217;Espanya<\/em> stechen die <strong>Torres Venecianes<\/strong> hevor, zwei an <strong><a href=\"https:\/\/coeser.de\/blog\/index.php\/2017\/02\/14\/der-karnevals-wahnsinn-von-venedig\/\" target=\"_blank\" rel=\"noopener noreferrer\">Venedig<\/a><\/strong> erinnernde T\u00fcrme. Diese stellen des Beginn des Messegel\u00e4ndes dar und rahmen zwei weitere Sehensw\u00fcrdigkeiten ein, die sich ein St\u00fcck dahinter aufreihen. Einerseits der pomp\u00f6s anzusehende Nationalpalast <strong>MNAC (Museu Nacional d&#8217;Art de Catalunya)<\/strong>, von dessen Vorplatz man eine tolle Sicht erh\u00e4lt. Andererseits der Brunnen <strong>Font M\u00e0gica<\/strong>, den ich leider aufgrund der Nebensaison noch nicht in Betrieb sehen konnte. Eine choreografierte Licht-, Musik- und Wassershow lockt aber in den Sommermonaten t\u00e4glich Tausende Leute an diesen Ort, um das Spektakel zu verfolgen.<\/p>\n<div class=\"fotospots\">\n<h3>Fotospots<\/h3>\n<div id='gallery-7' class='gallery galleryid-11882 gallery-columns-7 gallery-size-thumbnail'><figure class='gallery-item'>\n\t\t\t<div class='gallery-icon landscape'>\n\t\t\t\t<a href='https:\/\/coeser.de\/blog\/wp-content\/uploads\/2019\/04\/barcelona-sightseeing-placa-espanya-gal03-christian-oeser.jpg' title=\"Pla\u00e7a d&#039;Espanya mit Brunnen und den Torres Venecianes\" data-rl_title=\"Pla\u00e7a d&#039;Espanya mit Brunnen und den Torres Venecianes\" class=\"rl-gallery-link\" data-rl_caption=\"Aufnahmeort anzeigen\" data-rel=\"lightbox-gallery-7\"><img loading=\"lazy\" decoding=\"async\" width=\"150\" height=\"150\" src=\"https:\/\/coeser.de\/blog\/wp-content\/uploads\/2019\/04\/barcelona-sightseeing-placa-espanya-gal03-christian-oeser-150x150.jpg\" class=\"attachment-thumbnail size-thumbnail\" alt=\"Pla\u00e7a d&#039;Espanya mit Brunnen und den Torres Venecianes\" aria-describedby=\"gallery-7-11919\" \/><\/a>\n\t\t\t<\/div>\n\t\t\t\t<figcaption class='wp-caption-text gallery-caption' id='gallery-7-11919'>\n\t\t\t\tPla\u00e7a d&#8217;Espanya mit Brunnen und den Torres Venecianes\n\t\t\t\t<\/figcaption><\/figure><figure class='gallery-item'>\n\t\t\t<div class='gallery-icon landscape'>\n\t\t\t\t<a href='https:\/\/coeser.de\/blog\/wp-content\/uploads\/2019\/04\/barcelona-sightseeing-placa-espanya-gal04-christian-oeser.jpg' title=\"Ehemalige Stierkampfarena Las Arenas auf dem Pla\u00e7a d&#039;Espanya in Barcelona\" data-rl_title=\"Ehemalige Stierkampfarena Las Arenas auf dem Pla\u00e7a d&#039;Espanya in Barcelona\" class=\"rl-gallery-link\" data-rl_caption=\"Aufnahmeort anzeigen\" data-rel=\"lightbox-gallery-7\"><img loading=\"lazy\" decoding=\"async\" width=\"150\" height=\"150\" src=\"https:\/\/coeser.de\/blog\/wp-content\/uploads\/2019\/04\/barcelona-sightseeing-placa-espanya-gal04-christian-oeser-150x150.jpg\" class=\"attachment-thumbnail size-thumbnail\" alt=\"Ehemalige Stierkampfarena Las Arenas auf dem Pla\u00e7a d&#039;Espanya in Barcelona\" aria-describedby=\"gallery-7-11920\" \/><\/a>\n\t\t\t<\/div>\n\t\t\t\t<figcaption class='wp-caption-text gallery-caption' id='gallery-7-11920'>\n\t\t\t\tEhemalige Stierkampfarena Las Arenas auf dem Pla\u00e7a d&#8217;Espanya in Barcelona\n\t\t\t\t<\/figcaption><\/figure><figure class='gallery-item'>\n\t\t\t<div class='gallery-icon landscape'>\n\t\t\t\t<a href='https:\/\/coeser.de\/blog\/wp-content\/uploads\/2019\/04\/barcelona-sightseeing-placa-espanya-gal01-christian-oeser.jpg' title=\"Nationalpalast MNAC (Museu Nacional d\u2019Art de Catalunya) in Barcelona\" data-rl_title=\"Nationalpalast MNAC (Museu Nacional d\u2019Art de Catalunya) in Barcelona\" class=\"rl-gallery-link\" data-rl_caption=\"Aufnahmeort anzeigen\" data-rel=\"lightbox-gallery-7\"><img loading=\"lazy\" decoding=\"async\" width=\"150\" height=\"150\" src=\"https:\/\/coeser.de\/blog\/wp-content\/uploads\/2019\/04\/barcelona-sightseeing-placa-espanya-gal01-christian-oeser-150x150.jpg\" class=\"attachment-thumbnail size-thumbnail\" alt=\"Nationalpalast MNAC (Museu Nacional d\u2019Art de Catalunya) in Barcelona\" aria-describedby=\"gallery-7-11917\" \/><\/a>\n\t\t\t<\/div>\n\t\t\t\t<figcaption class='wp-caption-text gallery-caption' id='gallery-7-11917'>\n\t\t\t\tNationalpalast MNAC (Museu Nacional d\u2019Art de Catalunya) in Barcelona\n\t\t\t\t<\/figcaption><\/figure><figure class='gallery-item'>\n\t\t\t<div class='gallery-icon landscape'>\n\t\t\t\t<a href='https:\/\/coeser.de\/blog\/wp-content\/uploads\/2019\/04\/barcelona-sightseeing-placa-espanya-gal05-christian-oeser.jpg' title=\"Panorama-Ausblick auf den Brunnen Font M\u00e0gica und den Pla\u00e7a d&#039;Espanya vom Nationalpalast aus gesehen\" data-rl_title=\"Panorama-Ausblick auf den Brunnen Font M\u00e0gica und den Pla\u00e7a d&#039;Espanya vom Nationalpalast aus gesehen\" class=\"rl-gallery-link\" data-rl_caption=\"Aufnahmeort anzeigen\" data-rel=\"lightbox-gallery-7\"><img loading=\"lazy\" decoding=\"async\" width=\"150\" height=\"150\" src=\"https:\/\/coeser.de\/blog\/wp-content\/uploads\/2019\/04\/barcelona-sightseeing-placa-espanya-gal05-christian-oeser-150x150.jpg\" class=\"attachment-thumbnail size-thumbnail\" alt=\"Panorama-Ausblick auf den Brunnen Font M\u00e0gica und den Pla\u00e7a d&#039;Espanya vom Nationalpalast aus gesehen\" aria-describedby=\"gallery-7-12005\" \/><\/a>\n\t\t\t<\/div>\n\t\t\t\t<figcaption class='wp-caption-text gallery-caption' id='gallery-7-12005'>\n\t\t\t\tPanorama-Ausblick auf den Brunnen Font M\u00e0gica und den Pla\u00e7a d&#8217;Espanya vom Nationalpalast aus gesehen\n\t\t\t\t<\/figcaption><\/figure>\n\t\t<\/div>\n\n<\/div>\n<p>&nbsp;<\/p>\n<hr \/>\n<h2><img loading=\"lazy\" decoding=\"async\" class=\"alignnone size-full wp-image-11921\" src=\"https:\/\/coeser.de\/blog\/wp-content\/uploads\/2019\/04\/barcelona-sightseeing-aufmacher7-panorama-christian-oeser.jpg\" alt=\"Panorama von Barcelona\" width=\"970\" height=\"323\" srcset=\"https:\/\/coeser.de\/blog\/wp-content\/uploads\/2019\/04\/barcelona-sightseeing-aufmacher7-panorama-christian-oeser.jpg 970w, https:\/\/coeser.de\/blog\/wp-content\/uploads\/2019\/04\/barcelona-sightseeing-aufmacher7-panorama-christian-oeser-300x100.jpg 300w, https:\/\/coeser.de\/blog\/wp-content\/uploads\/2019\/04\/barcelona-sightseeing-aufmacher7-panorama-christian-oeser-768x256.jpg 768w\" sizes=\"auto, (max-width: 970px) 100vw, 970px\" \/><\/h2>\n<h2>6) Ausblicke auf Barcelona<\/h2>\n<p>In Barcelona mangelt es wahrlich nicht an M\u00f6glichkeiten, tolle Ausblicke von oben auf die Stadt zu erhaschen. Zwei besonders sch\u00f6ne haben meine Freundin und ich auf dem Weg vom <em>Castell de Montju\u00efc<\/em> (siehe mein Artikel <strong><a href=\"https:\/\/coeser.de\/blog\/index.php\/2019\/05\/14\/barcelona-7-orte-falls-du-noch-zeit-hast\/\" target=\"_blank\" rel=\"noopener noreferrer\">Barcelona: 7 Tipps, falls du noch Zeit hast<\/a><\/strong>) zur Bergstation der Hafenseilbahn (<em>Telef\u00e9rico Del Puerto<\/em>) entdeckt. Der Fu\u00dfweg durch mehrere Parkanlagen ist durch die sch\u00f6nen Wege und das Vogelgezwitscher ohnehin entspannend, dazu kommen als Bonus dann eben auch noch super Panoramen dazu. Die exakten Koordinaten der Aufnahmeorte erfahrt ihr \u00fcbrigens in der Bildbeschreibung der Fotos unten. \ud83d\ude42<\/p>\n<h3>Die Stadt im Abendlicht \u00fcberblicken<\/h3>\n<p>In Richtung S\u00fcden blickt man auf das industrielle Hafengel\u00e4nde, wo sich Hunderte bunte Container stapeln und einige Kreuzfahrtschiffe vor Anker liegen. Weitaus interessanter wird es dann nach einigen Minuten Marsch in Richtung Seilbahn: zuerst kommt man zu einer Aussichtsplattform, die bereits ausgezeichnete Fotos von Barcelona erm\u00f6glicht. Folgt man dem Weg weiter, gibt es unmittelbar vor der Bergstation nochmals die Gelegenheit, die Stadt aus einem flacheren Winkel zu \u00fcberblicken. Durch die Abendsonne ergaben sich so geniale Momente und Erinnerungsfotos f\u00fcr meine Freundin und mich! Ach ja, theoretisch erh\u00e4lt man w\u00e4hrend der Fahrt mit der Seilbahn ebenfalls sehr gute Ansichten der Stadt \u2013 der Verkaufsstand f\u00fcr die Tickets war allerdings 20 Minuten vor Betriebsende schon nicht mehr besetzt &#8230;<\/p>\n<div class=\"fotospots\">\n<h3>Fotospots<\/h3>\n<div id='gallery-8' class='gallery galleryid-11882 gallery-columns-7 gallery-size-thumbnail'><figure class='gallery-item'>\n\t\t\t<div class='gallery-icon landscape'>\n\t\t\t\t<a href='https:\/\/coeser.de\/blog\/wp-content\/uploads\/2019\/04\/barcelona-sightseeing-aussicht-panorama-gal01-christian-oeser.jpg' title=\"Ausblick auf den Industriehafen von Barcelona\" data-rl_title=\"Ausblick auf den Industriehafen von Barcelona\" class=\"rl-gallery-link\" data-rl_caption=\"Aufnahmeort anzeigen\" data-rel=\"lightbox-gallery-8\"><img loading=\"lazy\" decoding=\"async\" width=\"150\" height=\"150\" src=\"https:\/\/coeser.de\/blog\/wp-content\/uploads\/2019\/04\/barcelona-sightseeing-aussicht-panorama-gal01-christian-oeser-150x150.jpg\" class=\"attachment-thumbnail size-thumbnail\" alt=\"Ausblick auf den Industriehafen von Barcelona\" aria-describedby=\"gallery-8-11922\" \/><\/a>\n\t\t\t<\/div>\n\t\t\t\t<figcaption class='wp-caption-text gallery-caption' id='gallery-8-11922'>\n\t\t\t\tAusblick auf den Industriehafen von Barcelona\n\t\t\t\t<\/figcaption><\/figure><figure class='gallery-item'>\n\t\t\t<div class='gallery-icon landscape'>\n\t\t\t\t<a href='https:\/\/coeser.de\/blog\/wp-content\/uploads\/2019\/04\/barcelona-sightseeing-aussicht-panorama-gal02-christian-oeser.jpg' title=\"Sch\u00f6ner Fu\u00dfweg vom Castell de Montju\u00efc zur Hafenseilbahn in Barcelona\" data-rl_title=\"Sch\u00f6ner Fu\u00dfweg vom Castell de Montju\u00efc zur Hafenseilbahn in Barcelona\" class=\"rl-gallery-link\" data-rl_caption=\"Aufnahmeort anzeigen\" data-rel=\"lightbox-gallery-8\"><img loading=\"lazy\" decoding=\"async\" width=\"150\" height=\"150\" src=\"https:\/\/coeser.de\/blog\/wp-content\/uploads\/2019\/04\/barcelona-sightseeing-aussicht-panorama-gal02-christian-oeser-150x150.jpg\" class=\"attachment-thumbnail size-thumbnail\" alt=\"Sch\u00f6ner Fu\u00dfweg vom Castell de Montju\u00efc zur Hafenseilbahn in Barcelona\" aria-describedby=\"gallery-8-11923\" \/><\/a>\n\t\t\t<\/div>\n\t\t\t\t<figcaption class='wp-caption-text gallery-caption' id='gallery-8-11923'>\n\t\t\t\tSch\u00f6ner Fu\u00dfweg vom Castell de Montju\u00efc zur Hafenseilbahn in Barcelona\n\t\t\t\t<\/figcaption><\/figure><figure class='gallery-item'>\n\t\t\t<div class='gallery-icon landscape'>\n\t\t\t\t<a href='https:\/\/coeser.de\/blog\/wp-content\/uploads\/2019\/04\/barcelona-sightseeing-aussicht-panorama-gal03-christian-oeser.jpg' title=\"Ausblick auf die Stadt Barcelona in der Nachmittagssonne\" data-rl_title=\"Ausblick auf die Stadt Barcelona in der Nachmittagssonne\" class=\"rl-gallery-link\" data-rl_caption=\"Aufnahmeort anzeigen\" data-rel=\"lightbox-gallery-8\"><img loading=\"lazy\" decoding=\"async\" width=\"150\" height=\"150\" src=\"https:\/\/coeser.de\/blog\/wp-content\/uploads\/2019\/04\/barcelona-sightseeing-aussicht-panorama-gal03-christian-oeser-150x150.jpg\" class=\"attachment-thumbnail size-thumbnail\" alt=\"Ausblick auf die Stadt Barcelona in der Nachmittagssonne\" aria-describedby=\"gallery-8-11924\" \/><\/a>\n\t\t\t<\/div>\n\t\t\t\t<figcaption class='wp-caption-text gallery-caption' id='gallery-8-11924'>\n\t\t\t\tAusblick auf die Stadt Barcelona in der Nachmittagssonne\n\t\t\t\t<\/figcaption><\/figure><figure class='gallery-item'>\n\t\t\t<div class='gallery-icon landscape'>\n\t\t\t\t<a href='https:\/\/coeser.de\/blog\/wp-content\/uploads\/2019\/04\/barcelona-sightseeing-aussicht-panorama-gal04-christian-oeser.jpg' title=\"Ausblick auf die Stadt Barcelona und die Hafenseilbahn (Telef\u00e9rico Del Puerto)\" data-rl_title=\"Ausblick auf die Stadt Barcelona und die Hafenseilbahn (Telef\u00e9rico Del Puerto)\" class=\"rl-gallery-link\" data-rl_caption=\"Aufnahmeort anzeigen\" data-rel=\"lightbox-gallery-8\"><img loading=\"lazy\" decoding=\"async\" width=\"150\" height=\"150\" src=\"https:\/\/coeser.de\/blog\/wp-content\/uploads\/2019\/04\/barcelona-sightseeing-aussicht-panorama-gal04-christian-oeser-150x150.jpg\" class=\"attachment-thumbnail size-thumbnail\" alt=\"Ausblick auf die Stadt Barcelona und die Hafenseilbahn (Telef\u00e9rico Del Puerto)\" aria-describedby=\"gallery-8-11925\" \/><\/a>\n\t\t\t<\/div>\n\t\t\t\t<figcaption class='wp-caption-text gallery-caption' id='gallery-8-11925'>\n\t\t\t\tAusblick auf die Stadt Barcelona und die Hafenseilbahn (Telef\u00e9rico Del Puerto)\n\t\t\t\t<\/figcaption><\/figure><figure class='gallery-item'>\n\t\t\t<div class='gallery-icon landscape'>\n\t\t\t\t<a href='https:\/\/coeser.de\/blog\/wp-content\/uploads\/2019\/04\/barcelona-sightseeing-aussicht-panorama-gal05-christian-oeser.jpg' title=\"Ausblick auf die Stadt Barcelona in der Nachmittagssonne\" data-rl_title=\"Ausblick auf die Stadt Barcelona in der Nachmittagssonne\" class=\"rl-gallery-link\" data-rl_caption=\"Aufnahmeort anzeigen\" data-rel=\"lightbox-gallery-8\"><img loading=\"lazy\" decoding=\"async\" width=\"150\" height=\"150\" src=\"https:\/\/coeser.de\/blog\/wp-content\/uploads\/2019\/04\/barcelona-sightseeing-aussicht-panorama-gal05-christian-oeser-150x150.jpg\" class=\"attachment-thumbnail size-thumbnail\" alt=\"Ausblick auf die Stadt Barcelona in der Nachmittagssonne\" aria-describedby=\"gallery-8-11926\" \/><\/a>\n\t\t\t<\/div>\n\t\t\t\t<figcaption class='wp-caption-text gallery-caption' id='gallery-8-11926'>\n\t\t\t\tAusblick auf die Stadt Barcelona in der Nachmittagssonne\n\t\t\t\t<\/figcaption><\/figure><figure class='gallery-item'>\n\t\t\t<div class='gallery-icon landscape'>\n\t\t\t\t<a href='https:\/\/coeser.de\/blog\/wp-content\/uploads\/2019\/04\/barcelona-sightseeing-aussicht-panorama-gal06-christian-oeser.jpg' title=\"Ausblick auf die Stadt Barcelona in der Nachmittagssonne\" data-rl_title=\"Ausblick auf die Stadt Barcelona in der Nachmittagssonne\" class=\"rl-gallery-link\" data-rl_caption=\"Aufnahmeort anzeigen\" data-rel=\"lightbox-gallery-8\"><img loading=\"lazy\" decoding=\"async\" width=\"150\" height=\"150\" src=\"https:\/\/coeser.de\/blog\/wp-content\/uploads\/2019\/04\/barcelona-sightseeing-aussicht-panorama-gal06-christian-oeser-150x150.jpg\" class=\"attachment-thumbnail size-thumbnail\" alt=\"Ausblick auf die Stadt Barcelona in der Nachmittagssonne\" aria-describedby=\"gallery-8-11927\" \/><\/a>\n\t\t\t<\/div>\n\t\t\t\t<figcaption class='wp-caption-text gallery-caption' id='gallery-8-11927'>\n\t\t\t\tAusblick auf die Stadt Barcelona in der Nachmittagssonne\n\t\t\t\t<\/figcaption><\/figure><figure class='gallery-item'>\n\t\t\t<div class='gallery-icon landscape'>\n\t\t\t\t<a href='https:\/\/coeser.de\/blog\/wp-content\/uploads\/2019\/04\/barcelona-sightseeing-aussicht-panorama-gal07-christian-oeser.jpg' title=\"Ausblick auf die Stadt Barcelona in der Nachmittagssonne\" data-rl_title=\"Ausblick auf die Stadt Barcelona in der Nachmittagssonne\" class=\"rl-gallery-link\" data-rl_caption=\"Aufnahmeort anzeigen\" data-rel=\"lightbox-gallery-8\"><img loading=\"lazy\" decoding=\"async\" width=\"150\" height=\"150\" src=\"https:\/\/coeser.de\/blog\/wp-content\/uploads\/2019\/04\/barcelona-sightseeing-aussicht-panorama-gal07-christian-oeser-150x150.jpg\" class=\"attachment-thumbnail size-thumbnail\" alt=\"Ausblick auf die Stadt Barcelona in der Nachmittagssonne\" aria-describedby=\"gallery-8-11928\" \/><\/a>\n\t\t\t<\/div>\n\t\t\t\t<figcaption class='wp-caption-text gallery-caption' id='gallery-8-11928'>\n\t\t\t\tAusblick auf die Stadt Barcelona in der Nachmittagssonne\n\t\t\t\t<\/figcaption><\/figure>\n\t\t<\/div>\n\n<\/div>\n<p>&nbsp;<\/p>\n<hr \/>\n<h2><img loading=\"lazy\" decoding=\"async\" class=\"alignnone size-full wp-image-11929\" src=\"https:\/\/coeser.de\/blog\/wp-content\/uploads\/2019\/04\/barcelona-sightseeing-aufmacher8-nou-camp-stadion-christian-oeser.jpg\" alt=\"Stadion Camp Nou des FC Barcelona\" width=\"970\" height=\"323\" srcset=\"https:\/\/coeser.de\/blog\/wp-content\/uploads\/2019\/04\/barcelona-sightseeing-aufmacher8-nou-camp-stadion-christian-oeser.jpg 970w, https:\/\/coeser.de\/blog\/wp-content\/uploads\/2019\/04\/barcelona-sightseeing-aufmacher8-nou-camp-stadion-christian-oeser-300x100.jpg 300w, https:\/\/coeser.de\/blog\/wp-content\/uploads\/2019\/04\/barcelona-sightseeing-aufmacher8-nou-camp-stadion-christian-oeser-768x256.jpg 768w\" sizes=\"auto, (max-width: 970px) 100vw, 970px\" \/><\/h2>\n<h2>7) Stadion Camp Nou (FC Barcelona)<\/h2>\n<p>F\u00fcr Fu\u00dfballfans ist nat\u00fcrlich das ber\u00fchmte Stadion <strong>Camp Nou<\/strong> des FC Barcelona ein absoluter Pflichtpunkt. Aber auch wenn ihr euch nicht f\u00fcr das Nachjagen der runden Lederkugel interessiert, ist ein Rundgang durch das imposante Stadion sicherlich ein unvergessliches Erlebnis. Die knapp 100.000 Zuschauer fassende Arena &#8222;versteckt&#8220; sich geradezu inmitten der H\u00e4userschluchten Barcelonas und ist erst sichtbar, wenn man unmittelbar davor steht. Von au\u00dfen ist das Bauwerk keine wirkliche Sch\u00f6nheit, von innen aber durch die Dimensionen einsch\u00fcchternd.<\/p>\n<h3>Eine Tour durch das Stadion<\/h3>\n<p>Ich war bei meinem Besuch 2019 nicht im Stadion, da ich bereits 2010 sowohl eine Stadiontour als auch ein Spiel selbst gesehen habe. Damals bezahlte man f\u00fcr einen selbstgef\u00fchrten Rundgang durch die Arena noch EUR 18,-, mittlerweile gibt es aber kr\u00e4ftig angezogene Preise und mehrere Besichtigungsm\u00f6glichkeiten. Hier findet ihr alle <a href=\"https:\/\/www.getyourguide.de\/barcelona-l45\/camp-nou-erlebnis-fc-barcelona-museum-und-tour-t201295\/?partner_id=04M0MCT&amp;utm_medium=online_publisher&amp;placement=content-middle\" target=\"_blank\" rel=\"noopener\"><strong>Tickets f\u00fcr eine selbstgef\u00fchrte Tour durch das Stadion Nou Camp<\/strong><\/a>*.<\/p>\n<h3>So kommst du zu Karten f\u00fcr den FC Barcelona<\/h3>\n<p>Wenn ihr euch ein Spiel ansehen wollt, dann kauft ihr die Karten am besten auf der offiziellen Webseite <strong><a href=\"https:\/\/www.fcbarcelona.com\/en\/tickets\/football\" target=\"_blank\" rel=\"noopener noreferrer\">fcbarcelona.com<\/a><\/strong> und nicht auf Webseiten von Drittanbietern. Stellt euch auf jeden Fall auf saftige Preise auch f\u00fcr die Pl\u00e4tze weit oben auf den Trib\u00fcnen ein. 2010 sah ich beispielsweise um EUR 90,- das damalige Spitzenspiel FC Barcelona &#8211; Valencia CF. F\u00fcr normale Spiele m\u00fcsst ihr aber nicht so tief in die Tasche greifen: Barbara von <a href=\"https:\/\/reisepsycho.com\/9-tipps-fuer-deinen-besuch-in-barcelona\/\" target=\"_blank\" rel=\"noopener noreferrer\"><strong>reisepsycho.com<\/strong><\/a> berichtet etwa von einem spontanen Stadionbesuch um EUR 27,-! \u00dcberrascht war ich \u00fcbrigens von der Stimmung auf den R\u00e4ngen: trotz ausverkauftem Haus herrschte teilweise Stille wie auf einem Friedhof. Sehr stimmungsvoll war daf\u00fcr der Sonnenuntergang in den Farben des FC Barcelona, welcher mir Fotos f\u00fcr die Ewigkeit bescherte!<\/p>\n<div class=\"fotospots\">\n<h3>Fotospots<\/h3>\n<div id='gallery-9' class='gallery galleryid-11882 gallery-columns-7 gallery-size-thumbnail'><figure class='gallery-item'>\n\t\t\t<div class='gallery-icon landscape'>\n\t\t\t\t<a href='https:\/\/coeser.de\/blog\/wp-content\/uploads\/2019\/04\/barcelona-sightseeing-nou-camp-stadion-gal01-christian-oeser.jpg' title=\"Die Kapelle im Stadion Camp Nou des FC Barcelona\" data-rl_title=\"Die Kapelle im Stadion Camp Nou des FC Barcelona\" class=\"rl-gallery-link\" data-rl_caption=\"Aufnahmeort anzeigen\" data-rel=\"lightbox-gallery-9\"><img loading=\"lazy\" decoding=\"async\" width=\"150\" height=\"150\" src=\"https:\/\/coeser.de\/blog\/wp-content\/uploads\/2019\/04\/barcelona-sightseeing-nou-camp-stadion-gal01-christian-oeser-150x150.jpg\" class=\"attachment-thumbnail size-thumbnail\" alt=\"Die Kapelle im Stadion Camp Nou des FC Barcelona\" aria-describedby=\"gallery-9-11930\" \/><\/a>\n\t\t\t<\/div>\n\t\t\t\t<figcaption class='wp-caption-text gallery-caption' id='gallery-9-11930'>\n\t\t\t\tDie Kapelle im Stadion Camp Nou des FC Barcelona\n\t\t\t\t<\/figcaption><\/figure><figure class='gallery-item'>\n\t\t\t<div class='gallery-icon landscape'>\n\t\t\t\t<a href='https:\/\/coeser.de\/blog\/wp-content\/uploads\/2019\/04\/barcelona-sightseeing-nou-camp-stadion-gal06-christian-oeser.jpg' title=\"Panorama des Stadions Camp Nou des FC Barcelona\" data-rl_title=\"Panorama des Stadions Camp Nou des FC Barcelona\" class=\"rl-gallery-link\" data-rl_caption=\"Aufnahmeort anzeigen\" data-rel=\"lightbox-gallery-9\"><img loading=\"lazy\" decoding=\"async\" width=\"150\" height=\"150\" src=\"https:\/\/coeser.de\/blog\/wp-content\/uploads\/2019\/04\/barcelona-sightseeing-nou-camp-stadion-gal06-christian-oeser-150x150.jpg\" class=\"attachment-thumbnail size-thumbnail\" alt=\"Panorama des Stadions Camp Nou des FC Barcelona\" aria-describedby=\"gallery-9-12004\" \/><\/a>\n\t\t\t<\/div>\n\t\t\t\t<figcaption class='wp-caption-text gallery-caption' id='gallery-9-12004'>\n\t\t\t\tPanorama des Stadions Camp Nou des FC Barcelona\n\t\t\t\t<\/figcaption><\/figure><figure class='gallery-item'>\n\t\t\t<div class='gallery-icon landscape'>\n\t\t\t\t<a href='https:\/\/coeser.de\/blog\/wp-content\/uploads\/2019\/04\/barcelona-sightseeing-nou-camp-stadion-gal05-christian-oeser.jpg' title=\"Panorama des Stadions Camp Nou des FC Barcelona\" data-rl_title=\"Panorama des Stadions Camp Nou des FC Barcelona\" class=\"rl-gallery-link\" data-rl_caption=\"Aufnahmeort anzeigen\" data-rel=\"lightbox-gallery-9\"><img loading=\"lazy\" decoding=\"async\" width=\"150\" height=\"150\" src=\"https:\/\/coeser.de\/blog\/wp-content\/uploads\/2019\/04\/barcelona-sightseeing-nou-camp-stadion-gal05-christian-oeser-150x150.jpg\" class=\"attachment-thumbnail size-thumbnail\" alt=\"Panorama des Stadions Camp Nou des FC Barcelona\" aria-describedby=\"gallery-9-12003\" \/><\/a>\n\t\t\t<\/div>\n\t\t\t\t<figcaption class='wp-caption-text gallery-caption' id='gallery-9-12003'>\n\t\t\t\tPanorama des Stadions Camp Nou des FC Barcelona\n\t\t\t\t<\/figcaption><\/figure><figure class='gallery-item'>\n\t\t\t<div class='gallery-icon landscape'>\n\t\t\t\t<a href='https:\/\/coeser.de\/blog\/wp-content\/uploads\/2019\/04\/barcelona-sightseeing-nou-camp-stadion-gal03-christian-oeser.jpg' title=\"Pokale im Museum im Stadion Camp Nou des FC Barcelona\" data-rl_title=\"Pokale im Museum im Stadion Camp Nou des FC Barcelona\" class=\"rl-gallery-link\" data-rl_caption=\"Aufnahmeort anzeigen\" data-rel=\"lightbox-gallery-9\"><img loading=\"lazy\" decoding=\"async\" width=\"150\" height=\"150\" src=\"https:\/\/coeser.de\/blog\/wp-content\/uploads\/2019\/04\/barcelona-sightseeing-nou-camp-stadion-gal03-christian-oeser-150x150.jpg\" class=\"attachment-thumbnail size-thumbnail\" alt=\"Pokale im Museum im Stadion Camp Nou des FC Barcelona\" aria-describedby=\"gallery-9-11932\" \/><\/a>\n\t\t\t<\/div>\n\t\t\t\t<figcaption class='wp-caption-text gallery-caption' id='gallery-9-11932'>\n\t\t\t\tPokale im Museum im Stadion Camp Nou des FC Barcelona\n\t\t\t\t<\/figcaption><\/figure><figure class='gallery-item'>\n\t\t\t<div class='gallery-icon landscape'>\n\t\t\t\t<a href='https:\/\/coeser.de\/blog\/wp-content\/uploads\/2019\/04\/barcelona-sightseeing-nou-camp-stadion-gal04-christian-oeser.jpg' title=\"Sonnenuntergang \u00fcber dem ausverkauften Stadion Camp Nou in den Farben des FC Barcelona\" data-rl_title=\"Sonnenuntergang \u00fcber dem ausverkauften Stadion Camp Nou in den Farben des FC Barcelona\" class=\"rl-gallery-link\" data-rl_caption=\"Aufnahmeort anzeigen\" data-rel=\"lightbox-gallery-9\"><img loading=\"lazy\" decoding=\"async\" width=\"150\" height=\"150\" src=\"https:\/\/coeser.de\/blog\/wp-content\/uploads\/2019\/04\/barcelona-sightseeing-nou-camp-stadion-gal04-christian-oeser-150x150.jpg\" class=\"attachment-thumbnail size-thumbnail\" alt=\"Sonnenuntergang \u00fcber dem ausverkauften Stadion Camp Nou in den Farben des FC Barcelona\" aria-describedby=\"gallery-9-11933\" \/><\/a>\n\t\t\t<\/div>\n\t\t\t\t<figcaption class='wp-caption-text gallery-caption' id='gallery-9-11933'>\n\t\t\t\tSonnenuntergang \u00fcber dem ausverkauften Stadion Camp Nou in den Farben des FC Barcelona\n\t\t\t\t<\/figcaption><\/figure>\n\t\t<\/div>\n\n<\/div>\n<p>&nbsp;<\/p>\n<hr \/>\n<h2><img loading=\"lazy\" decoding=\"async\" class=\"alignnone size-full wp-image-11987\" src=\"https:\/\/coeser.de\/blog\/wp-content\/uploads\/2019\/04\/barcelona-bonus-aufmacher5-ramblas-christian-oeser.jpg\" alt=\"La Rambla in Barcelona\" width=\"970\" height=\"323\" srcset=\"https:\/\/coeser.de\/blog\/wp-content\/uploads\/2019\/04\/barcelona-bonus-aufmacher5-ramblas-christian-oeser.jpg 970w, https:\/\/coeser.de\/blog\/wp-content\/uploads\/2019\/04\/barcelona-bonus-aufmacher5-ramblas-christian-oeser-300x100.jpg 300w, https:\/\/coeser.de\/blog\/wp-content\/uploads\/2019\/04\/barcelona-bonus-aufmacher5-ramblas-christian-oeser-768x256.jpg 768w\" sizes=\"auto, (max-width: 970px) 100vw, 970px\" \/><\/h2>\n<h2>8) La Rambla und Mercat de la Boqueria<\/h2>\n<p>Wer an Barcelona denkt, denkt automatisch an die Flaniermeile <strong>La Rambla<\/strong> (oder einfach <strong>Ramblas<\/strong> genannt). Jeder will auf der 1,3 Kilometer langen Fu\u00dfg\u00e4ngerzone (Autos fahren nur an den R\u00e4ndern) entlangspazieren, sehen und gesehen werden. In jedem Reisef\u00fchrer werden die Ramblas als Topattraktionen beworben und man muss sie wohl \u2013 leider \u2013 einmal auch tats\u00e4chlich erlebt haben.<\/p>\n<h3>Laut, voll, eng, langweilig<\/h3>\n<p>Ich muss euch ehrlich sagen: es gibt in Barcelona keinen anderen Ort, der mich weniger interessiert hat als die Ramblas. Ich verstehe die Faszination dieser Stra\u00dfe gar nicht und empfinde sie eher als Belastung. 2019 war es im Februar zwar recht ruhig, aber 2010 konnte ich an einem warmen M\u00e4rz-Tag den Wahnsinn hautnah miterleben: Es dr\u00e4ngten sich Unmengen an Menschen aneinander, an jeder Ecke warteten Stra\u00dfenk\u00fcnstler, Verk\u00e4ufer mit Schwachsinnsprodukten, \u00fcberteuerte Touristenlokale \u2013 und man muss andauernd extrem auf seine Wertsachen achtgeben. Gerne lasse ich mich aber von euch in den Kommentaren von den Vorz\u00fcgen der Ramblas \u00fcberzeugen! \ud83d\ude09 Jedenfalls gibt es in Barcelona noch viele weitere Flaniermeilen, die weniger bev\u00f6lkert und ansprechender sind.<\/p>\n<h3>Mercat de la Boqueria<\/h3>\n<p>Das Gleiche wie gerade f\u00fcr die Ramblas beschrieben gilt in Ans\u00e4tzen auch f\u00fcr die ber\u00fchmte Markthalle <strong>Mercat de la Boqueria<\/strong>. Dieser an und f\u00fcr sich tolle Ort grenzt leider direkt an die Flaniermeile und wird von den Touristen regelrecht gest\u00fcrmt. Die Besucherzahlen sind so schlimm, dass Gruppen keinen Zutritt mehr in das Innere erhalten. Versteht mich bitte nicht falsch: ein Besuch der Markthalle geh\u00f6rt zu einer Barcelona-Reise prinzipiell unbedingt dazu und es gibt auch wirklich viel zu entdecken. Nur Spa\u00df hat man dort unm\u00f6glich, es ist einfach zu viel los. Geht einmal durch und schnappt die Atmosph\u00e4re auf, aber plant lieber noch Zeit f\u00fcr einen der anderen M\u00e4rkte ein, die authentischer und ebenfalls sehenswert sind. Einen fantastischen Markt empfehle ich euch beispielsweise in meinem Artikel <strong><a href=\"https:\/\/coeser.de\/blog\/index.php\/2019\/05\/14\/barcelona-7-orte-falls-du-noch-zeit-hast\/\" target=\"_blank\" rel=\"noopener noreferrer\">Barcelona: 7 Tipps, falls du noch Zeit hast<\/a><\/strong>.<\/p>\n<div class=\"fotospots\">\n<h3>Fotospots<\/h3>\n<div id='gallery-10' class='gallery galleryid-11882 gallery-columns-7 gallery-size-thumbnail'><figure class='gallery-item'>\n\t\t\t<div class='gallery-icon landscape'>\n\t\t\t\t<a href='https:\/\/coeser.de\/blog\/wp-content\/uploads\/2019\/04\/barcelona-bonus-ramblas-gal01-christian-oeser.jpg' title=\"Flaniermeile La Rambla in der Nebensaison ohne Massen an Touristen\" data-rl_title=\"Flaniermeile La Rambla in der Nebensaison ohne Massen an Touristen\" class=\"rl-gallery-link\" data-rl_caption=\"Aufnahmeort anzeigen\" data-rel=\"lightbox-gallery-10\"><img loading=\"lazy\" decoding=\"async\" width=\"150\" height=\"150\" src=\"https:\/\/coeser.de\/blog\/wp-content\/uploads\/2019\/04\/barcelona-bonus-ramblas-gal01-christian-oeser-150x150.jpg\" class=\"attachment-thumbnail size-thumbnail\" alt=\"Flaniermeile La Rambla in der Nebensaison ohne Massen an Touristen\" aria-describedby=\"gallery-10-11993\" \/><\/a>\n\t\t\t<\/div>\n\t\t\t\t<figcaption class='wp-caption-text gallery-caption' id='gallery-10-11993'>\n\t\t\t\tFlaniermeile La Rambla in der Nebensaison ohne Massen an Touristen\n\t\t\t\t<\/figcaption><\/figure><figure class='gallery-item'>\n\t\t\t<div class='gallery-icon landscape'>\n\t\t\t\t<a href='https:\/\/coeser.de\/blog\/wp-content\/uploads\/2019\/04\/barcelona-bonus-ramblas-gal02-christian-oeser.jpg' title=\"Bethlehem-Kirche an der Flaniermeile La Rambla in Barcelona\" data-rl_title=\"Bethlehem-Kirche an der Flaniermeile La Rambla in Barcelona\" class=\"rl-gallery-link\" data-rl_caption=\"Aufnahmeort anzeigen\" data-rel=\"lightbox-gallery-10\"><img loading=\"lazy\" decoding=\"async\" width=\"150\" height=\"150\" src=\"https:\/\/coeser.de\/blog\/wp-content\/uploads\/2019\/04\/barcelona-bonus-ramblas-gal02-christian-oeser-150x150.jpg\" class=\"attachment-thumbnail size-thumbnail\" alt=\"Bethlehem-Kirche an der Flaniermeile La Rambla in Barcelona\" aria-describedby=\"gallery-10-11994\" \/><\/a>\n\t\t\t<\/div>\n\t\t\t\t<figcaption class='wp-caption-text gallery-caption' id='gallery-10-11994'>\n\t\t\t\tBethlehem-Kirche an der Flaniermeile La Rambla in Barcelona\n\t\t\t\t<\/figcaption><\/figure><figure class='gallery-item'>\n\t\t\t<div class='gallery-icon landscape'>\n\t\t\t\t<a href='https:\/\/coeser.de\/blog\/wp-content\/uploads\/2019\/04\/barcelona-bonus-mercat-de-boqueria-gal01-christian-oeser.jpg' title=\"Au\u00dfenansicht der Markthalle Mercat de la Boqueria\" data-rl_title=\"Au\u00dfenansicht der Markthalle Mercat de la Boqueria\" class=\"rl-gallery-link\" data-rl_caption=\"Aufnahmeort anzeigen\" data-rel=\"lightbox-gallery-10\"><img loading=\"lazy\" decoding=\"async\" width=\"150\" height=\"150\" src=\"https:\/\/coeser.de\/blog\/wp-content\/uploads\/2019\/04\/barcelona-bonus-mercat-de-boqueria-gal01-christian-oeser-150x150.jpg\" class=\"attachment-thumbnail size-thumbnail\" alt=\"Au\u00dfenansicht der Markthalle Mercat de la Boqueria\" aria-describedby=\"gallery-10-11988\" \/><\/a>\n\t\t\t<\/div>\n\t\t\t\t<figcaption class='wp-caption-text gallery-caption' id='gallery-10-11988'>\n\t\t\t\tAu\u00dfenansicht der Markthalle Mercat de la Boqueria\n\t\t\t\t<\/figcaption><\/figure><figure class='gallery-item'>\n\t\t\t<div class='gallery-icon landscape'>\n\t\t\t\t<a href='https:\/\/coeser.de\/blog\/wp-content\/uploads\/2019\/04\/barcelona-bonus-mercat-de-boqueria-gal02-christian-oeser.jpg' title=\"Innenansicht der Markthalle Mercat de la Boqueria\" data-rl_title=\"Innenansicht der Markthalle Mercat de la Boqueria\" class=\"rl-gallery-link\" data-rl_caption=\"Aufnahmeort anzeigen\" data-rel=\"lightbox-gallery-10\"><img loading=\"lazy\" decoding=\"async\" width=\"150\" height=\"150\" src=\"https:\/\/coeser.de\/blog\/wp-content\/uploads\/2019\/04\/barcelona-bonus-mercat-de-boqueria-gal02-christian-oeser-150x150.jpg\" class=\"attachment-thumbnail size-thumbnail\" alt=\"Innenansicht der Markthalle Mercat de la Boqueria\" aria-describedby=\"gallery-10-11989\" \/><\/a>\n\t\t\t<\/div>\n\t\t\t\t<figcaption class='wp-caption-text gallery-caption' id='gallery-10-11989'>\n\t\t\t\tInnenansicht der Markthalle Mercat de la Boqueria\n\t\t\t\t<\/figcaption><\/figure><figure class='gallery-item'>\n\t\t\t<div class='gallery-icon landscape'>\n\t\t\t\t<a href='https:\/\/coeser.de\/blog\/wp-content\/uploads\/2019\/04\/barcelona-bonus-mercat-de-boqueria-gal03-christian-oeser.jpg' title=\"Fischstand in der Markthalle Mercat de la Boqueria\" data-rl_title=\"Fischstand in der Markthalle Mercat de la Boqueria\" class=\"rl-gallery-link\" data-rl_caption=\"Aufnahmeort anzeigen\" data-rel=\"lightbox-gallery-10\"><img loading=\"lazy\" decoding=\"async\" width=\"150\" height=\"150\" src=\"https:\/\/coeser.de\/blog\/wp-content\/uploads\/2019\/04\/barcelona-bonus-mercat-de-boqueria-gal03-christian-oeser-150x150.jpg\" class=\"attachment-thumbnail size-thumbnail\" alt=\"Fischstand in der Markthalle Mercat de la Boqueria\" aria-describedby=\"gallery-10-11990\" \/><\/a>\n\t\t\t<\/div>\n\t\t\t\t<figcaption class='wp-caption-text gallery-caption' id='gallery-10-11990'>\n\t\t\t\tFischstand in der Markthalle Mercat de la Boqueria\n\t\t\t\t<\/figcaption><\/figure><figure class='gallery-item'>\n\t\t\t<div class='gallery-icon landscape'>\n\t\t\t\t<a href='https:\/\/coeser.de\/blog\/wp-content\/uploads\/2019\/04\/barcelona-bonus-mercat-de-boqueria-gal04-christian-oeser.jpg' title=\"Innenansicht der Markthalle Mercat de la Boqueria\" data-rl_title=\"Innenansicht der Markthalle Mercat de la Boqueria\" class=\"rl-gallery-link\" data-rl_caption=\"Aufnahmeort anzeigen\" data-rel=\"lightbox-gallery-10\"><img loading=\"lazy\" decoding=\"async\" width=\"150\" height=\"150\" src=\"https:\/\/coeser.de\/blog\/wp-content\/uploads\/2019\/04\/barcelona-bonus-mercat-de-boqueria-gal04-christian-oeser-150x150.jpg\" class=\"attachment-thumbnail size-thumbnail\" alt=\"Innenansicht der Markthalle Mercat de la Boqueria\" aria-describedby=\"gallery-10-11991\" \/><\/a>\n\t\t\t<\/div>\n\t\t\t\t<figcaption class='wp-caption-text gallery-caption' id='gallery-10-11991'>\n\t\t\t\tInnenansicht der Markthalle Mercat de la Boqueria\n\t\t\t\t<\/figcaption><\/figure><figure class='gallery-item'>\n\t\t\t<div class='gallery-icon landscape'>\n\t\t\t\t<a href='https:\/\/coeser.de\/blog\/wp-content\/uploads\/2019\/04\/barcelona-bonus-mercat-de-boqueria-gal05-christian-oeser.jpg' title=\"Jam\u00f3n Ib\u00e9rico in der Markthalle Mercat de la Boqueria\" data-rl_title=\"Jam\u00f3n Ib\u00e9rico in der Markthalle Mercat de la Boqueria\" class=\"rl-gallery-link\" data-rl_caption=\"Aufnahmeort anzeigen\" data-rel=\"lightbox-gallery-10\"><img loading=\"lazy\" decoding=\"async\" width=\"150\" height=\"150\" src=\"https:\/\/coeser.de\/blog\/wp-content\/uploads\/2019\/04\/barcelona-bonus-mercat-de-boqueria-gal05-christian-oeser-150x150.jpg\" class=\"attachment-thumbnail size-thumbnail\" alt=\"Jam\u00f3n Ib\u00e9rico in der Markthalle Mercat de la Boqueria\" aria-describedby=\"gallery-10-11992\" \/><\/a>\n\t\t\t<\/div>\n\t\t\t\t<figcaption class='wp-caption-text gallery-caption' id='gallery-10-11992'>\n\t\t\t\tJam\u00f3n Ib\u00e9rico in der Markthalle Mercat de la Boqueria\n\t\t\t\t<\/figcaption><\/figure>\n\t\t<\/div>\n\n<\/div>\n<p>&nbsp;<\/p>\n<hr \/>\n<div class=\"tipps\">\n<h3>ALLGEMEINE TIPPS<\/h3>\n<p>Wenn ihr beim Landeanflug auf der rechten Seite sitzt, bekommt ihr schon erste tolle Eindr\u00fccke von Barcelona aus der Luft! Vom Flughafen <em>Barcelona El Prat<\/em> gelangt ihr dann am einfachsten <strong>mit der orangen Metro L9 in Richtung Stadt<\/strong>, die alle paar Minuten verkehrt. Die vollautomatische U-Bahn f\u00e4hrt von beiden Terminals rund 20 Minuten in den Westen von Barcelona, wo ihr an den drei letzten Stationen in Richtung Innenstadt umsteigen k\u00f6nnt \u2013 je nachdem wo eure Unterkunft liegt: bei der Station <em>Torrassa<\/em> in die rote L1, bei der Station <em>Collblanc<\/em> in die blaue L5 (diese Bahn ben\u00f6tigten wir) und bei der Station <em>Zona Universit\u00e0ria<\/em> in die gr\u00fcne L3. Zum Thema Tickets siehe n\u00e4chster Punkt.<\/p>\n<p>Wirklich empfehlen w\u00fcrde ich euch die <strong><a href=\"https:\/\/www.getyourguide.de\/barcelona-l45\/barcelona-travel-card-fur-2-3-4-oder-5-tage-t50000\/?partner_id=04M0MCT&amp;utm_medium=online_publisher&amp;placement=content-middle\" target=\"_blank\" rel=\"noopener noreferrer\">Hola Barcelona Card<\/a><\/strong>* (Voucher einfach am Flughafen gegen die Karte umtauschen), mit der ihr die <strong>\u00f6ffentlichen Verkehrsmittel in Barcelona f\u00fcr 2, 3, 4 oder 5 Tage<\/strong> nutzen k\u00f6nnt. Der Flughafentransfer ist dabei schon inkludiert und ihr k\u00f6nnt mit der Karte sogar raus aus Barcelona zur Krypta <em>Col\u00f2nia G\u00fcell<\/em> von Antoni Gaud\u00ec (siehe mein Artikel <strong><a href=\"https:\/\/coeser.de\/blog\/index.php\/2019\/04\/16\/barcelona-die-neun-unesco-schaetze\/\" target=\"_blank\" rel=\"noopener noreferrer\">Barcelona: Die neun UNESCO-Sch\u00e4tze<\/a><\/strong>) fahren. Meine Freundin und ich sind in den vier Tagen Aufenthalt Dutzende Kilometer gegangen und waren echt froh, zus\u00e4tzlich auch Bus und U-Bahn nutzen zu k\u00f6nnen, vor allem abends. N\u00fctzliche Streckennetzpl\u00e4ne findet ihr auf der Webseite <a href=\"https:\/\/www.tmb.cat\/en\/barcelona-transport\/map\/metro\" target=\"_blank\" rel=\"noopener noreferrer\"><strong>tmb.cat<\/strong><\/a>.<\/p>\n<p>Wenn ihr lieber mit den klassischen <a href=\"https:\/\/www.getyourguide.de\/barcelona-l45\/hop-on-hop-off-tour-durch-barcelona-1-oder-2-tage-t4241\/?partner_id=04M0MCT&amp;utm_medium=online_publisher&amp;placement=content-middle\" target=\"_blank\" rel=\"noopener\"><strong>Hop-on-Hop-off-Bussen<\/strong><\/a>* Barcelona erkunden wollt, ist das nat\u00fcrlich ebenso problemlos m\u00f6glich.<\/p>\n<p>Barcelona ist eine Hochburg, was <strong>Taschendiebe und Trickbetr\u00fcger<\/strong> angeht. Wir hatten in der Nebensaison im Februar zwar keine negativen Erlebnisse, aber ich kenne viele andere Geschichten. Achtet penibel auf eure Wertgegenst\u00e4nde, wenn ihr in die volle Metro steigt oder bei anderen Menschenansammlungen! Lasst generell keine Smartphones aus den Taschen rausschauen, habt immer eine Hand auf eurer Handtasche und stellt in einem Lokal nichts einfach so neben euch ab! Au\u00dferdem ist es ein guter Tipp, sich von niemanden anreden zu lassen \u2013 meistens handelt es sich um Ablenkungsman\u00f6ver von Trickdieben.<\/p>\n<p>Was mir in den Stra\u00dfen von Barcelona neben den vielen Palmen so gut gef\u00e4llt, sind vor allem die verschiedenen sch\u00f6nen <strong>Bodenmuster und Fliesen<\/strong> \u2013 achtet mal bewusst darauf beim Umherflanieren! \ud83d\ude42<\/p>\n<div id='gallery-11' class='gallery galleryid-11882 gallery-columns-7 gallery-size-thumbnail'><figure class='gallery-item'>\n\t\t\t<div class='gallery-icon landscape'>\n\t\t\t\t<a href='https:\/\/coeser.de\/blog\/wp-content\/uploads\/2019\/04\/barcelona-sightseeing-anflug-gal01-christian-oeser.jpg' title=\"Blick auf Barcelona w\u00e4hrend des Landeanflugs auf den Flughafen El Prat\" data-rl_title=\"Blick auf Barcelona w\u00e4hrend des Landeanflugs auf den Flughafen El Prat\" class=\"rl-gallery-link\" data-rl_caption=\"Aufnahmeort anzeigen\" data-rel=\"lightbox-gallery-11\"><img loading=\"lazy\" decoding=\"async\" width=\"150\" height=\"150\" src=\"https:\/\/coeser.de\/blog\/wp-content\/uploads\/2019\/04\/barcelona-sightseeing-anflug-gal01-christian-oeser-150x150.jpg\" class=\"attachment-thumbnail size-thumbnail\" alt=\"Blick auf Barcelona w\u00e4hrend des Landeanflugs auf den Flughafen El Prat\" aria-describedby=\"gallery-11-11959\" \/><\/a>\n\t\t\t<\/div>\n\t\t\t\t<figcaption class='wp-caption-text gallery-caption' id='gallery-11-11959'>\n\t\t\t\tBlick auf Barcelona w\u00e4hrend des Landeanflugs auf den Flughafen El Prat\n\t\t\t\t<\/figcaption><\/figure><figure class='gallery-item'>\n\t\t\t<div class='gallery-icon landscape'>\n\t\t\t\t<a href='https:\/\/coeser.de\/blog\/wp-content\/uploads\/2019\/04\/barcelona-sightseeing-oepnv-gal01-christian-oeser.jpg' title=\"Metro L7 in der Endstation Avinguda del Tibidabo in Barcelona\" data-rl_title=\"Metro L7 in der Endstation Avinguda del Tibidabo in Barcelona\" class=\"rl-gallery-link\" data-rl_caption=\"Aufnahmeort anzeigen\" data-rel=\"lightbox-gallery-11\"><img loading=\"lazy\" decoding=\"async\" width=\"150\" height=\"150\" src=\"https:\/\/coeser.de\/blog\/wp-content\/uploads\/2019\/04\/barcelona-sightseeing-oepnv-gal01-christian-oeser-150x150.jpg\" class=\"attachment-thumbnail size-thumbnail\" alt=\"Metro L7 in der Endstation Avinguda del Tibidabo in Barcelona\" aria-describedby=\"gallery-11-11961\" \/><\/a>\n\t\t\t<\/div>\n\t\t\t\t<figcaption class='wp-caption-text gallery-caption' id='gallery-11-11961'>\n\t\t\t\tMetro L7 in der Endstation Avinguda del Tibidabo in Barcelona\n\t\t\t\t<\/figcaption><\/figure><figure class='gallery-item'>\n\t\t\t<div class='gallery-icon landscape'>\n\t\t\t\t<a href='https:\/\/coeser.de\/blog\/wp-content\/uploads\/2019\/04\/barcelona-sightseeing-oepnv-gal02-christian-oeser.jpg' title=\"Buslinie 150 vor dem Castell de Montju\u00efc in Barcelona\" data-rl_title=\"Buslinie 150 vor dem Castell de Montju\u00efc in Barcelona\" class=\"rl-gallery-link\" data-rl_caption=\"Aufnahmeort anzeigen\" data-rel=\"lightbox-gallery-11\"><img loading=\"lazy\" decoding=\"async\" width=\"150\" height=\"150\" src=\"https:\/\/coeser.de\/blog\/wp-content\/uploads\/2019\/04\/barcelona-sightseeing-oepnv-gal02-christian-oeser-150x150.jpg\" class=\"attachment-thumbnail size-thumbnail\" alt=\"Buslinie 150 vor dem Castell de Montju\u00efc in Barcelona\" aria-describedby=\"gallery-11-11962\" \/><\/a>\n\t\t\t<\/div>\n\t\t\t\t<figcaption class='wp-caption-text gallery-caption' id='gallery-11-11962'>\n\t\t\t\tBuslinie 150 vor dem Castell de Montju\u00efc in Barcelona\n\t\t\t\t<\/figcaption><\/figure><figure class='gallery-item'>\n\t\t\t<div class='gallery-icon landscape'>\n\t\t\t\t<a href='https:\/\/coeser.de\/blog\/wp-content\/uploads\/2019\/04\/barcelona-sightseeing-oepnv-gal03-christian-oeser.jpg' title=\"Metro L2 in der Station Sant Antoni in Barcelona\" data-rl_title=\"Metro L2 in der Station Sant Antoni in Barcelona\" class=\"rl-gallery-link\" data-rl_caption=\"Aufnahmeort anzeigen\" data-rel=\"lightbox-gallery-11\"><img loading=\"lazy\" decoding=\"async\" width=\"150\" height=\"150\" src=\"https:\/\/coeser.de\/blog\/wp-content\/uploads\/2019\/04\/barcelona-sightseeing-oepnv-gal03-christian-oeser-150x150.jpg\" class=\"attachment-thumbnail size-thumbnail\" alt=\"Metro L2 in der Station Sant Antoni in Barcelona\" aria-describedby=\"gallery-11-11963\" \/><\/a>\n\t\t\t<\/div>\n\t\t\t\t<figcaption class='wp-caption-text gallery-caption' id='gallery-11-11963'>\n\t\t\t\tMetro L2 in der Station Sant Antoni in Barcelona\n\t\t\t\t<\/figcaption><\/figure><figure class='gallery-item'>\n\t\t\t<div class='gallery-icon landscape'>\n\t\t\t\t<a href='https:\/\/coeser.de\/blog\/wp-content\/uploads\/2019\/04\/barcelona-sightseeing-bodenmuster-gal01-christian-oeser.jpg' title=\"Bodenmuster auf einem Gehsteig in Barcelona\" data-rl_title=\"Bodenmuster auf einem Gehsteig in Barcelona\" class=\"rl-gallery-link\" data-rl_caption=\"Aufnahmeort anzeigen\" data-rel=\"lightbox-gallery-11\"><img loading=\"lazy\" decoding=\"async\" width=\"150\" height=\"150\" src=\"https:\/\/coeser.de\/blog\/wp-content\/uploads\/2019\/04\/barcelona-sightseeing-bodenmuster-gal01-christian-oeser-150x150.jpg\" class=\"attachment-thumbnail size-thumbnail\" alt=\"Bodenmuster auf einem Gehsteig in Barcelona\" aria-describedby=\"gallery-11-11960\" \/><\/a>\n\t\t\t<\/div>\n\t\t\t\t<figcaption class='wp-caption-text gallery-caption' id='gallery-11-11960'>\n\t\t\t\tBodenmuster auf einem Gehsteig in Barcelona\n\t\t\t\t<\/figcaption><\/figure>\n\t\t<\/div>\n\n<\/div>\n<p>&nbsp;<\/p>\n<div class=\"fazit\">\n<h3>FAZIT<\/h3>\n<p>In diesem ausf\u00fchrlichen Blogbeitrag habe ich euch meine pers\u00f6nlichen Highlights in Barcelona vorgestellt. Barcelona ist durch seine Lage direkt am Meer, das gem\u00e4\u00dfigte ozeanische Klima, die kulinarischen K\u00f6stlichkeiten und nat\u00fcrlich die schier unendliche Zahl an Sehensw\u00fcrdigkeiten immer eine Reise wert. Unbedingt nicht au\u00dfer Acht lassen solltet ihr aber den Umstand, dass j\u00e4hrlich \u00fcber 30 Millionen Besucherinnen und Besucher in die katalonische Metropole kommen. Um also einen halbwegs entspannten Urlaub vor Ort verbringen zu k\u00f6nnen, empfehle ich euch zwingend einen Aufenthalt in der Nebensaison. Dann k\u00f6nnt ihr wie meine Freundin und ich auch im Februar eine geniale Zeit in Barcelona verbringen! \ud83d\ude42 Wie ist eure Meinung dazu?<\/p>\n<\/div>\n<p>&nbsp;<\/p>\n<div style=\"display: none;\">\n<p><img loading=\"lazy\" decoding=\"async\" class=\"alignnone size-full wp-image-12034\" src=\"https:\/\/coeser.de\/blog\/wp-content\/uploads\/2019\/04\/barcelona-sightseeing-p02-christian-oeser.jpg\" alt=\"Barcelona, Spanien: Reisebericht mit allen Sehensw\u00fcrdigkeiten, den besten Fotospots sowie allgemeinen Tipps und Restaurantempfehlungen.\" width=\"735\" height=\"1102\" srcset=\"https:\/\/coeser.de\/blog\/wp-content\/uploads\/2019\/04\/barcelona-sightseeing-p02-christian-oeser.jpg 735w, https:\/\/coeser.de\/blog\/wp-content\/uploads\/2019\/04\/barcelona-sightseeing-p02-christian-oeser-200x300.jpg 200w, https:\/\/coeser.de\/blog\/wp-content\/uploads\/2019\/04\/barcelona-sightseeing-p02-christian-oeser-683x1024.jpg 683w\" sizes=\"auto, (max-width: 735px) 100vw, 735px\" \/><img loading=\"lazy\" decoding=\"async\" class=\"alignnone size-full wp-image-12035\" src=\"https:\/\/coeser.de\/blog\/wp-content\/uploads\/2019\/04\/barcelona-sightseeing-p01-christian-oeser.jpg\" alt=\"Barcelona, Spanien: Reisebericht mit allen Sehensw\u00fcrdigkeiten, den besten Fotospots sowie allgemeinen Tipps und Restaurantempfehlungen.\" width=\"735\" height=\"1102\" srcset=\"https:\/\/coeser.de\/blog\/wp-content\/uploads\/2019\/04\/barcelona-sightseeing-p01-christian-oeser.jpg 735w, https:\/\/coeser.de\/blog\/wp-content\/uploads\/2019\/04\/barcelona-sightseeing-p01-christian-oeser-200x300.jpg 200w, https:\/\/coeser.de\/blog\/wp-content\/uploads\/2019\/04\/barcelona-sightseeing-p01-christian-oeser-683x1024.jpg 683w\" sizes=\"auto, (max-width: 735px) 100vw, 735px\" \/><\/p>\n<\/div>\n","protected":false},"excerpt":{"rendered":"<p>Barcelona z\u00e4hlt dank seiner Lage direkt am Meer, den unglaublich vielen Sehensw\u00fcrdigkeiten und wegen der kulinarischen Gaumenfreuden zu den interessantesten St\u00e4dten der Welt. Diese Umst\u00e4nde sind nat\u00fcrlich auch den Touristen nicht verborgen geblieben: unfassbare 32 Millionen Besucherinnen und Besucher zog es beispielsweise 2017 nach Barcelona. Nachdem ich Menschenmassen absolut nicht ausstehen kann, kam f\u00fcr mich [&hellip;]<\/p>\n","protected":false},"author":1,"featured_media":11894,"comment_status":"open","ping_status":"open","sticky":false,"template":"","format":"standard","meta":{"_jetpack_memberships_contains_paid_content":false,"footnotes":""},"categories":[107],"tags":[43,25,322,9,11,12,321,41,68,112,10],"class_list":["post-11882","post","type-post","status-publish","format-standard","has-post-thumbnail","hentry","category-spanien","tag-architektur","tag-ausflug","tag-barcelona","tag-cityguide","tag-fotospots","tag-fototipps","tag-katalonien","tag-reisebericht","tag-reisefuehrer","tag-spanien","tag-staedtereise"],"yoast_head":"<!-- This site is optimized with the Yoast SEO plugin v27.4 - https:\/\/yoast.com\/product\/yoast-seo-wordpress\/ -->\n<title>Barcelona: Sightseeing ohne Massen - Reiseblog und Fotostories von Christian \u00d6ser<\/title>\n<meta name=\"description\" content=\"Barcelona, Spanien: Reisebericht mit allen Sehensw\u00fcrdigkeiten, den besten Fotospots sowie allgemeinen Tipps und Restaurantempfehlungen.\" \/>\n<meta name=\"robots\" content=\"index, follow, max-snippet:-1, max-image-preview:large, max-video-preview:-1\" \/>\n<link rel=\"canonical\" href=\"https:\/\/coeser.de\/blog\/index.php\/2019\/05\/07\/barcelona-sightseeing-ohne-massen\/\" \/>\n<meta property=\"og:locale\" content=\"de_DE\" \/>\n<meta property=\"og:type\" content=\"article\" \/>\n<meta property=\"og:title\" content=\"Barcelona: Sightseeing ohne Massen - Reiseblog und Fotostories von Christian \u00d6ser\" \/>\n<meta property=\"og:description\" content=\"Barcelona, Spanien: Reisebericht mit allen Sehensw\u00fcrdigkeiten, den besten Fotospots sowie allgemeinen Tipps und Restaurantempfehlungen.\" \/>\n<meta property=\"og:url\" content=\"https:\/\/coeser.de\/blog\/index.php\/2019\/05\/07\/barcelona-sightseeing-ohne-massen\/\" \/>\n<meta property=\"og:site_name\" content=\"fern &amp; nah - Reiseblog und Fotostories von Christian \u00d6ser\" \/>\n<meta property=\"article:publisher\" content=\"Christian \u00d6ser\" \/>\n<meta property=\"article:author\" content=\"Christian \u00d6ser\" \/>\n<meta property=\"article:published_time\" content=\"2019-05-07T05:00:48+00:00\" \/>\n<meta property=\"article:modified_time\" content=\"2022-06-02T12:36:26+00:00\" \/>\n<meta property=\"og:image\" content=\"https:\/\/coeser.de\/blog\/wp-content\/uploads\/2019\/04\/barcelona-sightseeing-aufmacher-park-guell-christian-oeser.jpg\" \/>\n\t<meta property=\"og:image:width\" content=\"978\" \/>\n\t<meta property=\"og:image:height\" content=\"550\" \/>\n\t<meta property=\"og:image:type\" content=\"image\/jpeg\" \/>\n<meta name=\"author\" content=\"Christian \u00d6ser\" \/>\n<meta name=\"twitter:card\" content=\"summary_large_image\" \/>\n<meta name=\"twitter:label1\" content=\"Verfasst von\" \/>\n\t<meta name=\"twitter:data1\" content=\"Christian \u00d6ser\" \/>\n\t<meta name=\"twitter:label2\" content=\"Gesch\u00e4tzte Lesezeit\" \/>\n\t<meta name=\"twitter:data2\" content=\"24\u00a0Minuten\" \/>\n<script type=\"application\/ld+json\" class=\"yoast-schema-graph\">{\"@context\":\"https:\\\/\\\/schema.org\",\"@graph\":[{\"@type\":\"Article\",\"@id\":\"https:\\\/\\\/coeser.de\\\/blog\\\/index.php\\\/2019\\\/05\\\/07\\\/barcelona-sightseeing-ohne-massen\\\/#article\",\"isPartOf\":{\"@id\":\"https:\\\/\\\/coeser.de\\\/blog\\\/index.php\\\/2019\\\/05\\\/07\\\/barcelona-sightseeing-ohne-massen\\\/\"},\"author\":{\"name\":\"Christian \u00d6ser\",\"@id\":\"https:\\\/\\\/coeser.de\\\/blog\\\/#\\\/schema\\\/person\\\/fda1d253389076b2cadc3d47018cf315\"},\"headline\":\"Barcelona: Sightseeing ohne Massen\",\"datePublished\":\"2019-05-07T05:00:48+00:00\",\"dateModified\":\"2022-06-02T12:36:26+00:00\",\"mainEntityOfPage\":{\"@id\":\"https:\\\/\\\/coeser.de\\\/blog\\\/index.php\\\/2019\\\/05\\\/07\\\/barcelona-sightseeing-ohne-massen\\\/\"},\"wordCount\":3996,\"commentCount\":7,\"publisher\":{\"@id\":\"https:\\\/\\\/coeser.de\\\/blog\\\/#\\\/schema\\\/person\\\/fda1d253389076b2cadc3d47018cf315\"},\"image\":{\"@id\":\"https:\\\/\\\/coeser.de\\\/blog\\\/index.php\\\/2019\\\/05\\\/07\\\/barcelona-sightseeing-ohne-massen\\\/#primaryimage\"},\"thumbnailUrl\":\"https:\\\/\\\/coeser.de\\\/blog\\\/wp-content\\\/uploads\\\/2019\\\/04\\\/barcelona-sightseeing-aufmacher-park-guell-christian-oeser.jpg\",\"keywords\":[\"Architektur\",\"Ausflug\",\"Barcelona\",\"Cityguide\",\"Fotospots\",\"Fototipps\",\"Katalonien\",\"Reisebericht\",\"Reisef\u00fchrer\",\"Spanien\",\"St\u00e4dtereise\"],\"articleSection\":[\"SPANIEN\"],\"inLanguage\":\"de\",\"potentialAction\":[{\"@type\":\"CommentAction\",\"name\":\"Comment\",\"target\":[\"https:\\\/\\\/coeser.de\\\/blog\\\/index.php\\\/2019\\\/05\\\/07\\\/barcelona-sightseeing-ohne-massen\\\/#respond\"]}]},{\"@type\":\"WebPage\",\"@id\":\"https:\\\/\\\/coeser.de\\\/blog\\\/index.php\\\/2019\\\/05\\\/07\\\/barcelona-sightseeing-ohne-massen\\\/\",\"url\":\"https:\\\/\\\/coeser.de\\\/blog\\\/index.php\\\/2019\\\/05\\\/07\\\/barcelona-sightseeing-ohne-massen\\\/\",\"name\":\"Barcelona: Sightseeing ohne Massen - Reiseblog und Fotostories von Christian \u00d6ser\",\"isPartOf\":{\"@id\":\"https:\\\/\\\/coeser.de\\\/blog\\\/#website\"},\"primaryImageOfPage\":{\"@id\":\"https:\\\/\\\/coeser.de\\\/blog\\\/index.php\\\/2019\\\/05\\\/07\\\/barcelona-sightseeing-ohne-massen\\\/#primaryimage\"},\"image\":{\"@id\":\"https:\\\/\\\/coeser.de\\\/blog\\\/index.php\\\/2019\\\/05\\\/07\\\/barcelona-sightseeing-ohne-massen\\\/#primaryimage\"},\"thumbnailUrl\":\"https:\\\/\\\/coeser.de\\\/blog\\\/wp-content\\\/uploads\\\/2019\\\/04\\\/barcelona-sightseeing-aufmacher-park-guell-christian-oeser.jpg\",\"datePublished\":\"2019-05-07T05:00:48+00:00\",\"dateModified\":\"2022-06-02T12:36:26+00:00\",\"description\":\"Barcelona, Spanien: Reisebericht mit allen Sehensw\u00fcrdigkeiten, den besten Fotospots sowie allgemeinen Tipps und Restaurantempfehlungen.\",\"breadcrumb\":{\"@id\":\"https:\\\/\\\/coeser.de\\\/blog\\\/index.php\\\/2019\\\/05\\\/07\\\/barcelona-sightseeing-ohne-massen\\\/#breadcrumb\"},\"inLanguage\":\"de\",\"potentialAction\":[{\"@type\":\"ReadAction\",\"target\":[\"https:\\\/\\\/coeser.de\\\/blog\\\/index.php\\\/2019\\\/05\\\/07\\\/barcelona-sightseeing-ohne-massen\\\/\"]}]},{\"@type\":\"ImageObject\",\"inLanguage\":\"de\",\"@id\":\"https:\\\/\\\/coeser.de\\\/blog\\\/index.php\\\/2019\\\/05\\\/07\\\/barcelona-sightseeing-ohne-massen\\\/#primaryimage\",\"url\":\"https:\\\/\\\/coeser.de\\\/blog\\\/wp-content\\\/uploads\\\/2019\\\/04\\\/barcelona-sightseeing-aufmacher-park-guell-christian-oeser.jpg\",\"contentUrl\":\"https:\\\/\\\/coeser.de\\\/blog\\\/wp-content\\\/uploads\\\/2019\\\/04\\\/barcelona-sightseeing-aufmacher-park-guell-christian-oeser.jpg\",\"width\":978,\"height\":550,\"caption\":\"Sonnenaufgang \u00fcber dem Park G\u00fcell in Barcelona\"},{\"@type\":\"BreadcrumbList\",\"@id\":\"https:\\\/\\\/coeser.de\\\/blog\\\/index.php\\\/2019\\\/05\\\/07\\\/barcelona-sightseeing-ohne-massen\\\/#breadcrumb\",\"itemListElement\":[{\"@type\":\"ListItem\",\"position\":1,\"name\":\"Startseite\",\"item\":\"https:\\\/\\\/coeser.de\\\/blog\\\/\"},{\"@type\":\"ListItem\",\"position\":2,\"name\":\"Barcelona: Sightseeing ohne Massen\"}]},{\"@type\":\"WebSite\",\"@id\":\"https:\\\/\\\/coeser.de\\\/blog\\\/#website\",\"url\":\"https:\\\/\\\/coeser.de\\\/blog\\\/\",\"name\":\"fern &amp; nah - Reiseblog und Fotostories von Christian \u00d6ser\",\"description\":\"Reiseblog und Fotostories von Christian \u00d6ser\",\"publisher\":{\"@id\":\"https:\\\/\\\/coeser.de\\\/blog\\\/#\\\/schema\\\/person\\\/fda1d253389076b2cadc3d47018cf315\"},\"potentialAction\":[{\"@type\":\"SearchAction\",\"target\":{\"@type\":\"EntryPoint\",\"urlTemplate\":\"https:\\\/\\\/coeser.de\\\/blog\\\/?s={search_term_string}\"},\"query-input\":{\"@type\":\"PropertyValueSpecification\",\"valueRequired\":true,\"valueName\":\"search_term_string\"}}],\"inLanguage\":\"de\"},{\"@type\":[\"Person\",\"Organization\"],\"@id\":\"https:\\\/\\\/coeser.de\\\/blog\\\/#\\\/schema\\\/person\\\/fda1d253389076b2cadc3d47018cf315\",\"name\":\"Christian \u00d6ser\",\"image\":{\"@type\":\"ImageObject\",\"inLanguage\":\"de\",\"@id\":\"https:\\\/\\\/coeser.de\\\/blog\\\/wp-content\\\/uploads\\\/2016\\\/08\\\/logo-fern-und-nah-christian-oeser-4.jpg\",\"url\":\"https:\\\/\\\/coeser.de\\\/blog\\\/wp-content\\\/uploads\\\/2016\\\/08\\\/logo-fern-und-nah-christian-oeser-4.jpg\",\"contentUrl\":\"https:\\\/\\\/coeser.de\\\/blog\\\/wp-content\\\/uploads\\\/2016\\\/08\\\/logo-fern-und-nah-christian-oeser-4.jpg\",\"width\":1090,\"height\":245,\"caption\":\"Christian \u00d6ser\"},\"logo\":{\"@id\":\"https:\\\/\\\/coeser.de\\\/blog\\\/wp-content\\\/uploads\\\/2016\\\/08\\\/logo-fern-und-nah-christian-oeser-4.jpg\"},\"sameAs\":[\"http:\\\/\\\/www.coeser.de\",\"Christian \u00d6ser\",\"https:\\\/\\\/www.instagram.com\\\/coeser_de\\\/\",\"https:\\\/\\\/www.pinterest.at\\\/nightline5\\\/\"],\"url\":\"https:\\\/\\\/coeser.de\\\/blog\\\/index.php\\\/author\\\/coeser\\\/\"}]}<\/script>\n<!-- \/ Yoast SEO plugin. -->","yoast_head_json":{"title":"Barcelona: Sightseeing ohne Massen - Reiseblog und Fotostories von Christian \u00d6ser","description":"Barcelona, Spanien: Reisebericht mit allen Sehensw\u00fcrdigkeiten, den besten Fotospots sowie allgemeinen Tipps und Restaurantempfehlungen.","robots":{"index":"index","follow":"follow","max-snippet":"max-snippet:-1","max-image-preview":"max-image-preview:large","max-video-preview":"max-video-preview:-1"},"canonical":"https:\/\/coeser.de\/blog\/index.php\/2019\/05\/07\/barcelona-sightseeing-ohne-massen\/","og_locale":"de_DE","og_type":"article","og_title":"Barcelona: Sightseeing ohne Massen - Reiseblog und Fotostories von Christian \u00d6ser","og_description":"Barcelona, Spanien: Reisebericht mit allen Sehensw\u00fcrdigkeiten, den besten Fotospots sowie allgemeinen Tipps und Restaurantempfehlungen.","og_url":"https:\/\/coeser.de\/blog\/index.php\/2019\/05\/07\/barcelona-sightseeing-ohne-massen\/","og_site_name":"fern &amp; nah - Reiseblog und Fotostories von Christian \u00d6ser","article_publisher":"Christian \u00d6ser","article_author":"Christian \u00d6ser","article_published_time":"2019-05-07T05:00:48+00:00","article_modified_time":"2022-06-02T12:36:26+00:00","og_image":[{"width":978,"height":550,"url":"https:\/\/coeser.de\/blog\/wp-content\/uploads\/2019\/04\/barcelona-sightseeing-aufmacher-park-guell-christian-oeser.jpg","type":"image\/jpeg"}],"author":"Christian \u00d6ser","twitter_card":"summary_large_image","twitter_misc":{"Verfasst von":"Christian \u00d6ser","Gesch\u00e4tzte Lesezeit":"24\u00a0Minuten"},"schema":{"@context":"https:\/\/schema.org","@graph":[{"@type":"Article","@id":"https:\/\/coeser.de\/blog\/index.php\/2019\/05\/07\/barcelona-sightseeing-ohne-massen\/#article","isPartOf":{"@id":"https:\/\/coeser.de\/blog\/index.php\/2019\/05\/07\/barcelona-sightseeing-ohne-massen\/"},"author":{"name":"Christian \u00d6ser","@id":"https:\/\/coeser.de\/blog\/#\/schema\/person\/fda1d253389076b2cadc3d47018cf315"},"headline":"Barcelona: Sightseeing ohne Massen","datePublished":"2019-05-07T05:00:48+00:00","dateModified":"2022-06-02T12:36:26+00:00","mainEntityOfPage":{"@id":"https:\/\/coeser.de\/blog\/index.php\/2019\/05\/07\/barcelona-sightseeing-ohne-massen\/"},"wordCount":3996,"commentCount":7,"publisher":{"@id":"https:\/\/coeser.de\/blog\/#\/schema\/person\/fda1d253389076b2cadc3d47018cf315"},"image":{"@id":"https:\/\/coeser.de\/blog\/index.php\/2019\/05\/07\/barcelona-sightseeing-ohne-massen\/#primaryimage"},"thumbnailUrl":"https:\/\/coeser.de\/blog\/wp-content\/uploads\/2019\/04\/barcelona-sightseeing-aufmacher-park-guell-christian-oeser.jpg","keywords":["Architektur","Ausflug","Barcelona","Cityguide","Fotospots","Fototipps","Katalonien","Reisebericht","Reisef\u00fchrer","Spanien","St\u00e4dtereise"],"articleSection":["SPANIEN"],"inLanguage":"de","potentialAction":[{"@type":"CommentAction","name":"Comment","target":["https:\/\/coeser.de\/blog\/index.php\/2019\/05\/07\/barcelona-sightseeing-ohne-massen\/#respond"]}]},{"@type":"WebPage","@id":"https:\/\/coeser.de\/blog\/index.php\/2019\/05\/07\/barcelona-sightseeing-ohne-massen\/","url":"https:\/\/coeser.de\/blog\/index.php\/2019\/05\/07\/barcelona-sightseeing-ohne-massen\/","name":"Barcelona: Sightseeing ohne Massen - Reiseblog und Fotostories von Christian \u00d6ser","isPartOf":{"@id":"https:\/\/coeser.de\/blog\/#website"},"primaryImageOfPage":{"@id":"https:\/\/coeser.de\/blog\/index.php\/2019\/05\/07\/barcelona-sightseeing-ohne-massen\/#primaryimage"},"image":{"@id":"https:\/\/coeser.de\/blog\/index.php\/2019\/05\/07\/barcelona-sightseeing-ohne-massen\/#primaryimage"},"thumbnailUrl":"https:\/\/coeser.de\/blog\/wp-content\/uploads\/2019\/04\/barcelona-sightseeing-aufmacher-park-guell-christian-oeser.jpg","datePublished":"2019-05-07T05:00:48+00:00","dateModified":"2022-06-02T12:36:26+00:00","description":"Barcelona, Spanien: Reisebericht mit allen Sehensw\u00fcrdigkeiten, den besten Fotospots sowie allgemeinen Tipps und Restaurantempfehlungen.","breadcrumb":{"@id":"https:\/\/coeser.de\/blog\/index.php\/2019\/05\/07\/barcelona-sightseeing-ohne-massen\/#breadcrumb"},"inLanguage":"de","potentialAction":[{"@type":"ReadAction","target":["https:\/\/coeser.de\/blog\/index.php\/2019\/05\/07\/barcelona-sightseeing-ohne-massen\/"]}]},{"@type":"ImageObject","inLanguage":"de","@id":"https:\/\/coeser.de\/blog\/index.php\/2019\/05\/07\/barcelona-sightseeing-ohne-massen\/#primaryimage","url":"https:\/\/coeser.de\/blog\/wp-content\/uploads\/2019\/04\/barcelona-sightseeing-aufmacher-park-guell-christian-oeser.jpg","contentUrl":"https:\/\/coeser.de\/blog\/wp-content\/uploads\/2019\/04\/barcelona-sightseeing-aufmacher-park-guell-christian-oeser.jpg","width":978,"height":550,"caption":"Sonnenaufgang \u00fcber dem Park G\u00fcell in Barcelona"},{"@type":"BreadcrumbList","@id":"https:\/\/coeser.de\/blog\/index.php\/2019\/05\/07\/barcelona-sightseeing-ohne-massen\/#breadcrumb","itemListElement":[{"@type":"ListItem","position":1,"name":"Startseite","item":"https:\/\/coeser.de\/blog\/"},{"@type":"ListItem","position":2,"name":"Barcelona: Sightseeing ohne Massen"}]},{"@type":"WebSite","@id":"https:\/\/coeser.de\/blog\/#website","url":"https:\/\/coeser.de\/blog\/","name":"fern &amp; nah - Reiseblog und Fotostories von Christian \u00d6ser","description":"Reiseblog und Fotostories von Christian \u00d6ser","publisher":{"@id":"https:\/\/coeser.de\/blog\/#\/schema\/person\/fda1d253389076b2cadc3d47018cf315"},"potentialAction":[{"@type":"SearchAction","target":{"@type":"EntryPoint","urlTemplate":"https:\/\/coeser.de\/blog\/?s={search_term_string}"},"query-input":{"@type":"PropertyValueSpecification","valueRequired":true,"valueName":"search_term_string"}}],"inLanguage":"de"},{"@type":["Person","Organization"],"@id":"https:\/\/coeser.de\/blog\/#\/schema\/person\/fda1d253389076b2cadc3d47018cf315","name":"Christian \u00d6ser","image":{"@type":"ImageObject","inLanguage":"de","@id":"https:\/\/coeser.de\/blog\/wp-content\/uploads\/2016\/08\/logo-fern-und-nah-christian-oeser-4.jpg","url":"https:\/\/coeser.de\/blog\/wp-content\/uploads\/2016\/08\/logo-fern-und-nah-christian-oeser-4.jpg","contentUrl":"https:\/\/coeser.de\/blog\/wp-content\/uploads\/2016\/08\/logo-fern-und-nah-christian-oeser-4.jpg","width":1090,"height":245,"caption":"Christian \u00d6ser"},"logo":{"@id":"https:\/\/coeser.de\/blog\/wp-content\/uploads\/2016\/08\/logo-fern-und-nah-christian-oeser-4.jpg"},"sameAs":["http:\/\/www.coeser.de","Christian \u00d6ser","https:\/\/www.instagram.com\/coeser_de\/","https:\/\/www.pinterest.at\/nightline5\/"],"url":"https:\/\/coeser.de\/blog\/index.php\/author\/coeser\/"}]}},"jetpack_featured_media_url":"https:\/\/coeser.de\/blog\/wp-content\/uploads\/2019\/04\/barcelona-sightseeing-aufmacher-park-guell-christian-oeser.jpg","jetpack-related-posts":[{"id":12022,"url":"https:\/\/coeser.de\/blog\/index.php\/2019\/05\/14\/barcelona-7-orte-falls-du-noch-zeit-hast\/","url_meta":{"origin":11882,"position":0},"title":"Barcelona: 7 Tipps, falls du noch Zeit hast","author":"Christian \u00d6ser","date":"14. Mai 2019","format":false,"excerpt":"Barcelona ist eine der St\u00e4dte, in die man jederzeit problemlos zur\u00fcckkehren kann, ohne dass man Angst vor Langeweile haben muss. Beim ersten Besuch stehen sicherlich einmal die bekanntesten Sehensw\u00fcrdigkeiten auf dem Programm, welche ohnehin schon eine Menge Zeit in Anspruch nehmen. Hat man die Bauwerke von Antoni Gaud\u00ec, die Erkundung\u2026","rel":"","context":"In &quot;SPANIEN&quot;","block_context":{"text":"SPANIEN","link":"https:\/\/coeser.de\/blog\/index.php\/category\/europa\/spanien\/"},"img":{"alt_text":"","src":"https:\/\/i0.wp.com\/coeser.de\/blog\/wp-content\/uploads\/2019\/04\/barcelona-bonus-aufmacher-triumphbogen-christian-oeser.jpg?resize=350%2C200&ssl=1","width":350,"height":200,"srcset":"https:\/\/i0.wp.com\/coeser.de\/blog\/wp-content\/uploads\/2019\/04\/barcelona-bonus-aufmacher-triumphbogen-christian-oeser.jpg?resize=350%2C200&ssl=1 1x, https:\/\/i0.wp.com\/coeser.de\/blog\/wp-content\/uploads\/2019\/04\/barcelona-bonus-aufmacher-triumphbogen-christian-oeser.jpg?resize=525%2C300&ssl=1 1.5x, https:\/\/i0.wp.com\/coeser.de\/blog\/wp-content\/uploads\/2019\/04\/barcelona-bonus-aufmacher-triumphbogen-christian-oeser.jpg?resize=700%2C400&ssl=1 2x"},"classes":[]},{"id":11599,"url":"https:\/\/coeser.de\/blog\/index.php\/2019\/04\/16\/barcelona-die-neun-unesco-schaetze\/","url_meta":{"origin":11882,"position":1},"title":"Barcelona: Die neun UNESCO-Sch\u00e4tze","author":"Christian \u00d6ser","date":"16. April 2019","format":false,"excerpt":"In der UNESCO-Welterbeliste sind die bedeutendsten Bauwerke und Orte zusammengefasst, die vom Menschen oder der Natur erschaffen wurden und besonders erhaltenswert sind. Barcelona alleine kann gleich neun UNESCO-Geb\u00e4ude vorweisen, die diese Auszeichnung stolz tragen d\u00fcrfen. Fast alle Bauwerke \u2013 n\u00e4mlich sieben \u2013 gehen auf das K\u00f6nnen des Ausnahmearchitekten Antoni Gaud\u00ec\u2026","rel":"","context":"In &quot;SPANIEN&quot;","block_context":{"text":"SPANIEN","link":"https:\/\/coeser.de\/blog\/index.php\/category\/europa\/spanien\/"},"img":{"alt_text":"Panorama des Palau de la M\u00fasica Catalana in Barcelona","src":"https:\/\/i0.wp.com\/coeser.de\/blog\/wp-content\/uploads\/2019\/03\/barcelona-unesco-aufmacher-hospital-sant-pau-christian-oeser.jpg?resize=350%2C200&ssl=1","width":350,"height":200,"srcset":"https:\/\/i0.wp.com\/coeser.de\/blog\/wp-content\/uploads\/2019\/03\/barcelona-unesco-aufmacher-hospital-sant-pau-christian-oeser.jpg?resize=350%2C200&ssl=1 1x, https:\/\/i0.wp.com\/coeser.de\/blog\/wp-content\/uploads\/2019\/03\/barcelona-unesco-aufmacher-hospital-sant-pau-christian-oeser.jpg?resize=525%2C300&ssl=1 1.5x, https:\/\/i0.wp.com\/coeser.de\/blog\/wp-content\/uploads\/2019\/03\/barcelona-unesco-aufmacher-hospital-sant-pau-christian-oeser.jpg?resize=700%2C400&ssl=1 2x"},"classes":[]},{"id":13892,"url":"https:\/\/coeser.de\/blog\/index.php\/2019\/12\/31\/europa-26-grandiose-reiseideen-fuer-2020\/","url_meta":{"origin":11882,"position":2},"title":"Europa: 26 grandiose Reiseideen f\u00fcr 2020","author":"Christian \u00d6ser","date":"31. Dezember 2019","format":false,"excerpt":"Alle Jahre wieder neigt sich das aktuelle Jahr zu Ende. Doch jedes Ende ist auch ein Anfang \u2013 und zwar f\u00fcr den Start der zuk\u00fcnftigen Reiseplanungen! Wie sieht es bei euch aus, habt ihr schon jede Menge Reiseziele im Kopf, die ihr unbedingt bald einmal mit eigenen Augen sehen wollt?\u2026","rel":"","context":"In &quot;EUROPA&quot;","block_context":{"text":"EUROPA","link":"https:\/\/coeser.de\/blog\/index.php\/category\/europa\/"},"img":{"alt_text":"","src":"https:\/\/i0.wp.com\/coeser.de\/blog\/wp-content\/uploads\/2019\/12\/reisetipps-reiseinspiration-fotospots-2020-aufmacher-christian-oeser.jpg?resize=350%2C200&ssl=1","width":350,"height":200,"srcset":"https:\/\/i0.wp.com\/coeser.de\/blog\/wp-content\/uploads\/2019\/12\/reisetipps-reiseinspiration-fotospots-2020-aufmacher-christian-oeser.jpg?resize=350%2C200&ssl=1 1x, https:\/\/i0.wp.com\/coeser.de\/blog\/wp-content\/uploads\/2019\/12\/reisetipps-reiseinspiration-fotospots-2020-aufmacher-christian-oeser.jpg?resize=525%2C300&ssl=1 1.5x, https:\/\/i0.wp.com\/coeser.de\/blog\/wp-content\/uploads\/2019\/12\/reisetipps-reiseinspiration-fotospots-2020-aufmacher-christian-oeser.jpg?resize=700%2C400&ssl=1 2x"},"classes":[]},{"id":2339,"url":"https:\/\/coeser.de\/blog\/index.php\/2017\/03\/14\/madrid-zwischen-architektur-tapas-und-fussball\/","url_meta":{"origin":11882,"position":3},"title":"Madrid: Architektur, Tapas und Fu\u00dfball","author":"Christian \u00d6ser","date":"14. M\u00e4rz 2017","format":false,"excerpt":"Madrid stand schon lange auf meiner \"Diese St\u00e4dte muss ich unbedingt einmal sehen\"-Liste. W\u00e4hrend ich Barcelona schon mehrmals intensiv besichtigte, stellte eine St\u00e4dtereise nach Madrid komplettes Neuland f\u00fcr mich dar. Wenn du zuvor nur Barcelona mit seinen saftigen Palmen, dem rauschenden Meer und den architektonischen Sch\u00e4tzen Gaud\u00eds kennst, ist Madrid\u2026","rel":"","context":"In &quot;SPANIEN&quot;","block_context":{"text":"SPANIEN","link":"https:\/\/coeser.de\/blog\/index.php\/category\/europa\/spanien\/"},"img":{"alt_text":"Aussicht auf Madrid von der Dachterrase des C\u00edrculo de Bellas Artes","src":"https:\/\/i0.wp.com\/coeser.de\/blog\/wp-content\/uploads\/2017\/02\/madrid-aufmacher-christian-oeser.jpg?resize=350%2C200&ssl=1","width":350,"height":200,"srcset":"https:\/\/i0.wp.com\/coeser.de\/blog\/wp-content\/uploads\/2017\/02\/madrid-aufmacher-christian-oeser.jpg?resize=350%2C200&ssl=1 1x, https:\/\/i0.wp.com\/coeser.de\/blog\/wp-content\/uploads\/2017\/02\/madrid-aufmacher-christian-oeser.jpg?resize=525%2C300&ssl=1 1.5x, https:\/\/i0.wp.com\/coeser.de\/blog\/wp-content\/uploads\/2017\/02\/madrid-aufmacher-christian-oeser.jpg?resize=700%2C400&ssl=1 2x"},"classes":[]},{"id":3834,"url":"https:\/\/coeser.de\/blog\/index.php\/2017\/07\/18\/valencia-barcelona-war-gestern\/","url_meta":{"origin":11882,"position":4},"title":"\u00a1Valencia! Barcelona war gestern","author":"Christian \u00d6ser","date":"18. Juli 2017","format":false,"excerpt":"Wenn es um die erstmalige Reise nach Spanien geht, steht f\u00fcr viele Urlauber wohl Barcelona an oberster Stelle. Die Metropole ist die mit Abstand meistbesuchte Stadt und quellt in der Hochsaison vor Menschenmassen geradezu \u00fcber. Wer fast dasselbe Angebot genie\u00dfen m\u00f6chte, dabei aber mehr Ruhe bevorzugt, ist im rund 350\u2026","rel":"","context":"In &quot;SPANIEN&quot;","block_context":{"text":"SPANIEN","link":"https:\/\/coeser.de\/blog\/index.php\/category\/europa\/spanien\/"},"img":{"alt_text":"Plaza de la Virgen in Valencia","src":"https:\/\/i0.wp.com\/coeser.de\/blog\/wp-content\/uploads\/2017\/06\/valencia-aufmacher-plaza-virgen-christian-oeser.jpg?resize=350%2C200&ssl=1","width":350,"height":200,"srcset":"https:\/\/i0.wp.com\/coeser.de\/blog\/wp-content\/uploads\/2017\/06\/valencia-aufmacher-plaza-virgen-christian-oeser.jpg?resize=350%2C200&ssl=1 1x, https:\/\/i0.wp.com\/coeser.de\/blog\/wp-content\/uploads\/2017\/06\/valencia-aufmacher-plaza-virgen-christian-oeser.jpg?resize=525%2C300&ssl=1 1.5x, https:\/\/i0.wp.com\/coeser.de\/blog\/wp-content\/uploads\/2017\/06\/valencia-aufmacher-plaza-virgen-christian-oeser.jpg?resize=700%2C400&ssl=1 2x"},"classes":[]},{"id":2126,"url":"https:\/\/coeser.de\/blog\/index.php\/2017\/02\/07\/ein-abstecher-nach-toledo\/","url_meta":{"origin":11882,"position":5},"title":"Ein Abstecher nach Toledo","author":"Christian \u00d6ser","date":"7. Februar 2017","format":false,"excerpt":"Wenn ich einen St\u00e4dtetrip mache, plane ich normalerweise nur Zeit f\u00fcr die Stadt selbst ein, um alles Wichtige in Ruhe erleben zu k\u00f6nnen. So war es auch bei meinem Besuch in Madrid gedacht. Doch meine Eltern und Freunde haben mir eindringlich dazu geraten, unbedingt auch einen Tagesausflug nach Toledo einzuplanen\u2026","rel":"","context":"In &quot;SPANIEN&quot;","block_context":{"text":"SPANIEN","link":"https:\/\/coeser.de\/blog\/index.php\/category\/europa\/spanien\/"},"img":{"alt_text":"","src":"https:\/\/i0.wp.com\/coeser.de\/blog\/wp-content\/uploads\/2017\/01\/toledo-aufmacher-christian-oeser.jpg?resize=350%2C200&ssl=1","width":350,"height":200,"srcset":"https:\/\/i0.wp.com\/coeser.de\/blog\/wp-content\/uploads\/2017\/01\/toledo-aufmacher-christian-oeser.jpg?resize=350%2C200&ssl=1 1x, https:\/\/i0.wp.com\/coeser.de\/blog\/wp-content\/uploads\/2017\/01\/toledo-aufmacher-christian-oeser.jpg?resize=525%2C300&ssl=1 1.5x, https:\/\/i0.wp.com\/coeser.de\/blog\/wp-content\/uploads\/2017\/01\/toledo-aufmacher-christian-oeser.jpg?resize=700%2C400&ssl=1 2x"},"classes":[]}],"jetpack_sharing_enabled":true,"_links":{"self":[{"href":"https:\/\/coeser.de\/blog\/index.php\/wp-json\/wp\/v2\/posts\/11882","targetHints":{"allow":["GET"]}}],"collection":[{"href":"https:\/\/coeser.de\/blog\/index.php\/wp-json\/wp\/v2\/posts"}],"about":[{"href":"https:\/\/coeser.de\/blog\/index.php\/wp-json\/wp\/v2\/types\/post"}],"author":[{"embeddable":true,"href":"https:\/\/coeser.de\/blog\/index.php\/wp-json\/wp\/v2\/users\/1"}],"replies":[{"embeddable":true,"href":"https:\/\/coeser.de\/blog\/index.php\/wp-json\/wp\/v2\/comments?post=11882"}],"version-history":[{"count":1,"href":"https:\/\/coeser.de\/blog\/index.php\/wp-json\/wp\/v2\/posts\/11882\/revisions"}],"predecessor-version":[{"id":21742,"href":"https:\/\/coeser.de\/blog\/index.php\/wp-json\/wp\/v2\/posts\/11882\/revisions\/21742"}],"wp:featuredmedia":[{"embeddable":true,"href":"https:\/\/coeser.de\/blog\/index.php\/wp-json\/wp\/v2\/media\/11894"}],"wp:attachment":[{"href":"https:\/\/coeser.de\/blog\/index.php\/wp-json\/wp\/v2\/media?parent=11882"}],"wp:term":[{"taxonomy":"category","embeddable":true,"href":"https:\/\/coeser.de\/blog\/index.php\/wp-json\/wp\/v2\/categories?post=11882"},{"taxonomy":"post_tag","embeddable":true,"href":"https:\/\/coeser.de\/blog\/index.php\/wp-json\/wp\/v2\/tags?post=11882"}],"curies":[{"name":"wp","href":"https:\/\/api.w.org\/{rel}","templated":true}]}}