{"id":1261,"date":"2017-01-10T07:00:21","date_gmt":"2017-01-10T06:00:21","guid":{"rendered":"http:\/\/coeser.de\/blog\/?p=1261"},"modified":"2023-09-07T10:02:25","modified_gmt":"2023-09-07T08:02:25","slug":"48-stunden-krakau-kirchen-wodka-und-pierogi","status":"publish","type":"post","link":"https:\/\/coeser.de\/blog\/index.php\/2017\/01\/10\/48-stunden-krakau-kirchen-wodka-und-pierogi\/","title":{"rendered":"Krakau: Kirchen, Wodka und Pierogi"},"content":{"rendered":"<p><strong>Aus der Sicht eines Besuchers hat Krakau alles, was das Touristenherz begehrt. Die faszinierende Legende eines feuerspeienden Drachens, ein imposantes K\u00f6nigsschloss, eine mehr als sehenswerte Altstadt aus dem Mittelalter und nicht zuletzt kulinarische Gaumenfreuden ohne Ende. Ich habe die zweitgr\u00f6\u00dfte Stadt Polens in zwei Tagen bei k\u00fchlem Wetter mit einem Mix aus Sonne, Wind und Regen genauer unter die Lupe genommen und berichte euch in diesem Artikel \u00fcber alles Sehenswerte!<\/strong><\/p>\n<p><!--more--><\/p>\n<hr \/>\n<div class=\"highlights\">\n<h3>DIE H\u00d6HEPUNKTE AUS KRAKAU IN DIESEM REISEBERICHT<\/h3>\n<p>Eine Auflistung der besten Attraktionen und sch\u00f6nsten Sehensw\u00fcrdigkeiten in Krakau<\/p>\n<p>Alle Highlights rund um den Hauptmarkt mit der Marienkirche und den Tuchhallen<\/p>\n<p>Die beeindruckende Burganlage Wawel mit seinen Ausstellungen und der Drachenh\u00f6hle<\/p>\n<p>Das j\u00fcdische Krakau mit seinem Stadtteil Kaszimierz, den Synagogen und Schindlers Fabrik<\/p>\n<p>Viele allgemeine Tipps zu Krakau und konkrete Lokalempfehlungen f\u00fcr polnische Spezialit\u00e4ten<\/p>\n<\/div>\n<p>&nbsp;<\/p>\n<p><em><span style=\"color: #0000ff;\">Dieser Artikel wurde zuletzt am 7. September 2023 aktualisiert.<\/span><\/em><\/p>\n\n<hr \/>\n<div class=\"fakten\">\n<h2>KRAKAU (KRAK\u00d3W)<\/h2>\n<h3>FAKTEN<\/h3>\n<p><strong>Reisezeit: <\/strong>Ende Oktober (2 Tage, 2 \u00dcbernachtungen)<br \/>\n<strong>Anreise: <\/strong>Mit dem Flugzeug vom Flughafen <em>Wien-Schwechat<\/em> zum Flughafen <em>Warschau Chopin<\/em> (<em>Lotnisko Chopina w Warszawie<\/em>, 1:10h), mit der S-Bahn zum Hauptbahnhof <em>Warszawa Centralna<\/em> (0:20h) und von dort mit dem Zug nach <em>Krakau Hauptbahnhof<\/em> (<em>Krak\u00f3w G\u0142\u00f3wny<\/em>, 2:17h)<\/p>\n<p><strong>Unterkunft: <a href=\"https:\/\/www.booking.com\/hotel\/pl\/art-amp-garden-residence.de.html?aid=1634405\" target=\"_blank\" rel=\"noopener noreferrer\">Aparthotel Art &amp; Garden Residence<\/a>*<\/strong> (<em><span class=\"_Xbe\">Krowoderska 71<\/span><\/em>): ruhige Lage etwas abseits der Altstadt, 15 Minuten Fu\u00dfweg zum Zentrum, Begr\u00fc\u00dfungssekt, moderne und stilvolle Zimmer, sehr sch\u00f6nes Bad, bequeme Betten, gro\u00dfes Fr\u00fchst\u00fccksbuffet, schnelles und kostenloses WLAN). <em>Weiterempfehlung?<\/em> <strong>JA<\/strong>.<\/p>\n<p><strong>Auf meiner bevorzugten Hotelsuchmaschine booking.com findest du weitere <a href=\"https:\/\/www.booking.com\/searchresults.de.html?city=-510625&amp;aid=1634405&amp;no_rooms=1&amp;group_adults=1\" target=\"_blank\" rel=\"noopener noreferrer\">sch\u00f6ne Unterk\u00fcnfte in Krakau<\/a>.*<\/strong><\/p>\n<div id='gallery-1' class='gallery galleryid-1261 gallery-columns-7 gallery-size-thumbnail'><figure class='gallery-item'>\n\t\t\t<div class='gallery-icon landscape'>\n\t\t\t\t<a href='https:\/\/coeser.de\/blog\/wp-content\/uploads\/2016\/11\/krakau-hotel-art-garden-residence-01-christian-oeser.jpg' title=\"Doppelzimmer im Hotel Art &amp; Garden Residence in Krakau\" data-rl_title=\"Doppelzimmer im Hotel Art &amp; Garden Residence in Krakau\" class=\"rl-gallery-link\" data-rl_caption=\"Aufnahmeort anzeigen\" data-rel=\"lightbox-gallery-1\"><img loading=\"lazy\" decoding=\"async\" width=\"150\" height=\"150\" src=\"https:\/\/coeser.de\/blog\/wp-content\/uploads\/2016\/11\/krakau-hotel-art-garden-residence-01-christian-oeser-150x150.jpg\" class=\"attachment-thumbnail size-thumbnail\" alt=\"Doppelzimmer im Hotel Art &amp; Garden Residence in Krakau\" aria-describedby=\"gallery-1-1693\" \/><\/a>\n\t\t\t<\/div>\n\t\t\t\t<figcaption class='wp-caption-text gallery-caption' id='gallery-1-1693'>\n\t\t\t\tDoppelzimmer im Hotel Art &#038; Garden Residence in Krakau\n\t\t\t\t<\/figcaption><\/figure><figure class='gallery-item'>\n\t\t\t<div class='gallery-icon landscape'>\n\t\t\t\t<a href='https:\/\/coeser.de\/blog\/wp-content\/uploads\/2016\/11\/krakau-hotel-art-garden-residence-02-christian-oeser.jpg' title=\"Badezimmer im Doppelzimmer im Hotel Art &amp; Garden Residence in Krakau\" data-rl_title=\"Badezimmer im Doppelzimmer im Hotel Art &amp; Garden Residence in Krakau\" class=\"rl-gallery-link\" data-rl_caption=\"Aufnahmeort anzeigen\" data-rel=\"lightbox-gallery-1\"><img loading=\"lazy\" decoding=\"async\" width=\"150\" height=\"150\" src=\"https:\/\/coeser.de\/blog\/wp-content\/uploads\/2016\/11\/krakau-hotel-art-garden-residence-02-christian-oeser-150x150.jpg\" class=\"attachment-thumbnail size-thumbnail\" alt=\"Badezimmer im Doppelzimmer im Hotel Art &amp; Garden Residence in Krakau\" aria-describedby=\"gallery-1-1694\" \/><\/a>\n\t\t\t<\/div>\n\t\t\t\t<figcaption class='wp-caption-text gallery-caption' id='gallery-1-1694'>\n\t\t\t\tBadezimmer im Doppelzimmer im Hotel Art &#038; Garden Residence in Krakau\n\t\t\t\t<\/figcaption><\/figure>\n\t\t<\/div>\n\n<\/div>\n<div class=\"extern\">\n<h3>TRANSPARENZHINWEIS<\/h3>\n<p>*Die mit Stern gekennzeichneten Verweise in diesem Blogartikel sind sogenannte Affiliate-Links. Wenn dir mein Blogartikel bei der Planung deiner Reise geholfen hat, freue ich mich, wenn du \u00fcber diese Links deine Unterkunft oder Freizeitaktivit\u00e4ten buchst. Ich erhalte dadurch eine kleine Provision und du unterst\u00fctzt den Erhalt dieses Blogs. F\u00fcr dich entstehen dabei selbstverst\u00e4ndlich keine Nachteile. Vielen Dank! \ud83d\ude42<\/p>\n<\/div>\n<p>&nbsp;<\/p>\n<hr \/>\n<div class=\"tipps\">\n<h2>Weitere Stationen dieser Reise<\/h2>\n<p>Krakau habe ich mit der polnischen Hauptstadt Warschau kombiniert, meinen Reisebericht dazu k\u00f6nnt ihr hier lesen: <a href=\"https:\/\/coeser.de\/blog\/index.php\/2017\/03\/07\/warschau-polens-unzerstoerbare-stadt\/\" target=\"_blank\" rel=\"noopener noreferrer\"><strong>Warschau: Polens unzerst\u00f6rbare Stadt<\/strong><\/a><\/p>\n<p>Reiseverlauf (5 Tage): Wien &#8211;&gt; Chopin-Flughafen Warschau (<em>Flug LOT<\/em>) \/\/ Warschau Centralna&#8211;&gt; Krakau G\u0142\u00f3wny (<em>Zug<\/em>) \/\/ Krakau G\u0142\u00f3wny &#8211;&gt; Warschau Centralna (<em>Zug<\/em>) \/\/ Chopin-Flughafen Warschau &#8211;&gt; Wien (<em>Flug LOT<\/em>)<\/p>\n<\/div>\n<p>&nbsp;<\/p>\n<hr \/>\n<h2><img loading=\"lazy\" decoding=\"async\" class=\"alignnone size-full wp-image-1687\" src=\"https:\/\/coeser.de\/blog\/wp-content\/uploads\/2016\/11\/krakau-aufmacher1-christian-oeser.jpg\" alt=\"Die Stra\u00dfe Florianska mit Blick auf die Marienkirche in Krakau\" width=\"978\" height=\"326\" srcset=\"https:\/\/coeser.de\/blog\/wp-content\/uploads\/2016\/11\/krakau-aufmacher1-christian-oeser.jpg 978w, https:\/\/coeser.de\/blog\/wp-content\/uploads\/2016\/11\/krakau-aufmacher1-christian-oeser-300x100.jpg 300w, https:\/\/coeser.de\/blog\/wp-content\/uploads\/2016\/11\/krakau-aufmacher1-christian-oeser-768x256.jpg 768w\" sizes=\"auto, (max-width: 978px) 100vw, 978px\" \/><\/h2>\n<h2>Krakau, die alte Hauptstadt<\/h2>\n<p>Krakau, bis 1596 noch die Hauptstadt Polens (seitdem ist es Warschau), ist die mit Abstand meistbesuchte Stadt des Landes. Im Jahr 2000 wurde sie zur Kulturhauptstadt Europas ernannt. Die Stadt gilt mit ihren Dutzenden Museen, Theatern und Galerien als Zentrum der polnischen Kultur. Weltbekannt ist sie auch f\u00fcr die Jagiellonische Universit\u00e4t, die im Jahr 1364 gegr\u00fcndet wurde und die \u00e4lteste Lehranstalt in Polen sowie die zweit\u00e4lteste in Mitteleuropa ist &#8211; nicht umsonst gilt Krakau als beliebte Studentenstadt. Im Folgenden nehme ich euch mit auf meine Reise durch die Stadt, wobei ich allerhand Faszinierendes erfahren und gelernt habe.<\/p>\n<h2>Auf k\u00f6niglichem Wege durch die Altstadt<\/h2>\n<p>Im Gegensatz zu Warschau ist Krakau im Zweiten Weltkrieg nicht zerst\u00f6rt worden, weswegen man als Besucher noch eine Vielzahl an Bauten von der Romantik bis zum Jugendstil und Denkm\u00e4ler aus der Gotik und Renaissance bewundern kann. Die Altstadt ist von der rund vier Kilometer langen <strong>Parkanlage Planty<\/strong> umschlossen \u2013 diese steht anstelle der alten Maueranlage. Am n\u00f6rdlichen Ende der Innenstadt liegt die <strong>Barbakane<\/strong>, eine m\u00e4chtige historische Wehranlage, die zur damaligen Zeit (Ende des 15. Jahrhunderts) als un\u00fcberwindbar galt. Unmittelbar daneben betritt man durch das letzte erhaltene mittelalterliche <strong>Florianstor\u00a0<span class=\"st\">(Brama Florianska)<\/span><\/strong> die Altstadt und steht mitten auf der Stra\u00dfe <em>Florianska<\/em>, auf der sich Dutzende Gesch\u00e4fte aneinanderreihen.\u00a0Dort beginnt mit dem <strong>K\u00f6nigsweg<\/strong> die Hauptachse Krakaus, an der sich die bedeutendsten Sehensw\u00fcrdigkeiten der Stadt befinden.<\/p>\n<h3>Wundersch\u00f6ner Hauptplatz<\/h3>\n<p>Nach wenigen Minuten gilt es das Highlight von Krakau zu \u00fcberblicken: den <strong>Hauptmarkt Rynek G\u0142\u00f3wny<\/strong>, der gr\u00f6\u00dfte europ\u00e4ische Marktplatz des Mittelalters. Durch die auf dem Platz verteilten Bauten wirkt er allerdings auf den ersten Blick nicht so gigantisch, wie man annehmen k\u00f6nnte. Drei Geb\u00e4ude stechen dem Besucher sofort ins Auge: die <strong>Tuchhallen<\/strong>, die <strong>Marienkirche<\/strong> und der <strong>Rathausturm<\/strong> \u2013 dazu aber im n\u00e4chsten Absatz mehr. Etwas abseits des Platzes verteilt verdienen sich drei Kirchen einen Besuch: die <strong>Bernhardinerkirche (Ko\u015bci\u00f3\u0142 \u015bw. Bernardyna ze Sieny)<\/strong>, die <strong>Franziskanerkirche (Ko\u015bci\u00f3\u0142 Franciszkan\u00f3w)<\/strong> und die <strong>Dominikanerkirche (Bazylika \u015awi\u0119tej Tr\u00f3jcy w Krakowie)<\/strong>. Krakau ist auch als Universit\u00e4tsstadt weltweit bekannt, weswegen man sich die <strong>Jagiellonen-Universit\u00e4t<\/strong> und das anschlie\u00dfende <strong>Collegium Maius<\/strong> ebenfalls nicht entgehen lassen sollte.<\/p>\n<div class=\"fotospots\">\n<h3>Fotospots<\/h3>\n<div id='gallery-2' class='gallery galleryid-1261 gallery-columns-7 gallery-size-thumbnail'><figure class='gallery-item'>\n\t\t\t<div class='gallery-icon landscape'>\n\t\t\t\t<a href='https:\/\/coeser.de\/blog\/wp-content\/uploads\/2016\/11\/krakau-altstadt-14-christian-oeser.jpg' title=\"Blick auf die Barbakane und das Florianstor von au\u00dferhalb der Altstadt\" data-rl_title=\"Blick auf die Barbakane und das Florianstor von au\u00dferhalb der Altstadt\" class=\"rl-gallery-link\" data-rl_caption=\"Aufnahmeort anzeigen\" data-rel=\"lightbox-gallery-2\"><img loading=\"lazy\" decoding=\"async\" width=\"150\" height=\"150\" src=\"https:\/\/coeser.de\/blog\/wp-content\/uploads\/2016\/11\/krakau-altstadt-14-christian-oeser-150x150.jpg\" class=\"attachment-thumbnail size-thumbnail\" alt=\"Blick auf die Barbakane und das Florianstor von au\u00dferhalb der Altstadt\" aria-describedby=\"gallery-2-1708\" \/><\/a>\n\t\t\t<\/div>\n\t\t\t\t<figcaption class='wp-caption-text gallery-caption' id='gallery-2-1708'>\n\t\t\t\tBlick auf die Barbakane und das Florianstor von au\u00dferhalb der Altstadt\n\t\t\t\t<\/figcaption><\/figure><figure class='gallery-item'>\n\t\t\t<div class='gallery-icon landscape'>\n\t\t\t\t<a href='https:\/\/coeser.de\/blog\/wp-content\/uploads\/2016\/11\/krakau-altstadt-01-christian-oeser.jpg' title=\"Die Barbakane im herbstlichen Laub\" data-rl_title=\"Die Barbakane im herbstlichen Laub\" class=\"rl-gallery-link\" data-rl_caption=\"Aufnahmeort anzeigen\" data-rel=\"lightbox-gallery-2\"><img loading=\"lazy\" decoding=\"async\" width=\"150\" height=\"150\" src=\"https:\/\/coeser.de\/blog\/wp-content\/uploads\/2016\/11\/krakau-altstadt-01-christian-oeser-150x150.jpg\" class=\"attachment-thumbnail size-thumbnail\" alt=\"Die Barbakane im herbstlichen Laub\" \/><\/a>\n\t\t\t<\/div><\/figure><figure class='gallery-item'>\n\t\t\t<div class='gallery-icon landscape'>\n\t\t\t\t<a href='https:\/\/coeser.de\/blog\/wp-content\/uploads\/2016\/11\/krakau-altstadt-02-christian-oeser.jpg' title=\"Der Durchgang des Florianstors mit Blick auf die Stra\u00dfe Florianska\" data-rl_title=\"Der Durchgang des Florianstors mit Blick auf die Stra\u00dfe Florianska\" class=\"rl-gallery-link\" data-rl_caption=\"Aufnahmeort anzeigen\" data-rel=\"lightbox-gallery-2\"><img loading=\"lazy\" decoding=\"async\" width=\"150\" height=\"150\" src=\"https:\/\/coeser.de\/blog\/wp-content\/uploads\/2016\/11\/krakau-altstadt-02-christian-oeser-150x150.jpg\" class=\"attachment-thumbnail size-thumbnail\" alt=\"Der Durchgang des Florianstors mit Blick auf die Stra\u00dfe Florianska\" aria-describedby=\"gallery-2-1696\" \/><\/a>\n\t\t\t<\/div>\n\t\t\t\t<figcaption class='wp-caption-text gallery-caption' id='gallery-2-1696'>\n\t\t\t\tDer Durchgang des Florianstors mit Blick auf die Stra\u00dfe Florianska\n\t\t\t\t<\/figcaption><\/figure><figure class='gallery-item'>\n\t\t\t<div class='gallery-icon landscape'>\n\t\t\t\t<a href='https:\/\/coeser.de\/blog\/wp-content\/uploads\/2016\/11\/krakau-altstadt-03-christian-oeser.jpg' title=\"Blick auf das Florianstor\" data-rl_title=\"Blick auf das Florianstor\" class=\"rl-gallery-link\" data-rl_caption=\"Aufnahmeort anzeigen\" data-rel=\"lightbox-gallery-2\"><img loading=\"lazy\" decoding=\"async\" width=\"150\" height=\"150\" src=\"https:\/\/coeser.de\/blog\/wp-content\/uploads\/2016\/11\/krakau-altstadt-03-christian-oeser-150x150.jpg\" class=\"attachment-thumbnail size-thumbnail\" alt=\"Blick auf das Florianstor\" aria-describedby=\"gallery-2-1697\" \/><\/a>\n\t\t\t<\/div>\n\t\t\t\t<figcaption class='wp-caption-text gallery-caption' id='gallery-2-1697'>\n\t\t\t\tBlick auf das Florianstor\n\t\t\t\t<\/figcaption><\/figure><figure class='gallery-item'>\n\t\t\t<div class='gallery-icon landscape'>\n\t\t\t\t<a href='https:\/\/coeser.de\/blog\/wp-content\/uploads\/2016\/11\/krakau-altstadt-04-christian-oeser.jpg' title=\"Bunte H\u00e4user auf der Stra\u00dfe Florianska mit Blick auf die Marienkirche\" data-rl_title=\"Bunte H\u00e4user auf der Stra\u00dfe Florianska mit Blick auf die Marienkirche\" class=\"rl-gallery-link\" data-rl_caption=\"Aufnahmeort anzeigen\" data-rel=\"lightbox-gallery-2\"><img loading=\"lazy\" decoding=\"async\" width=\"150\" height=\"150\" src=\"https:\/\/coeser.de\/blog\/wp-content\/uploads\/2016\/11\/krakau-altstadt-04-christian-oeser-150x150.jpg\" class=\"attachment-thumbnail size-thumbnail\" alt=\"Bunte H\u00e4user auf der Stra\u00dfe Florianska mit Blick auf die Marienkirche\" aria-describedby=\"gallery-2-1698\" \/><\/a>\n\t\t\t<\/div>\n\t\t\t\t<figcaption class='wp-caption-text gallery-caption' id='gallery-2-1698'>\n\t\t\t\tBunte H\u00e4user auf der Stra\u00dfe Florianska mit Blick auf die Marienkirche\n\t\t\t\t<\/figcaption><\/figure><figure class='gallery-item'>\n\t\t\t<div class='gallery-icon landscape'>\n\t\t\t\t<a href='https:\/\/coeser.de\/blog\/wp-content\/uploads\/2016\/11\/krakau-altstadt-06-christian-oeser.jpg' title=\"Au\u00dfenansicht der Bernhardinerkirche in der D\u00e4mmerung\" data-rl_title=\"Au\u00dfenansicht der Bernhardinerkirche in der D\u00e4mmerung\" class=\"rl-gallery-link\" data-rl_caption=\"Aufnahmeort anzeigen\" data-rel=\"lightbox-gallery-2\"><img loading=\"lazy\" decoding=\"async\" width=\"150\" height=\"150\" src=\"https:\/\/coeser.de\/blog\/wp-content\/uploads\/2016\/11\/krakau-altstadt-06-christian-oeser-150x150.jpg\" class=\"attachment-thumbnail size-thumbnail\" alt=\"Au\u00dfenansicht der Bernhardinerkirche in der D\u00e4mmerung\" aria-describedby=\"gallery-2-1700\" \/><\/a>\n\t\t\t<\/div>\n\t\t\t\t<figcaption class='wp-caption-text gallery-caption' id='gallery-2-1700'>\n\t\t\t\tAu\u00dfenansicht der Bernhardinerkirche in der D\u00e4mmerung\n\t\t\t\t<\/figcaption><\/figure><figure class='gallery-item'>\n\t\t\t<div class='gallery-icon landscape'>\n\t\t\t\t<a href='https:\/\/coeser.de\/blog\/wp-content\/uploads\/2016\/11\/krakau-altstadt-05-christian-oeser.jpg' title=\"Innenansicht der Bernhardinerkirche\" data-rl_title=\"Innenansicht der Bernhardinerkirche\" class=\"rl-gallery-link\" data-rl_caption=\"Aufnahmeort anzeigen\" data-rel=\"lightbox-gallery-2\"><img loading=\"lazy\" decoding=\"async\" width=\"150\" height=\"150\" src=\"https:\/\/coeser.de\/blog\/wp-content\/uploads\/2016\/11\/krakau-altstadt-05-christian-oeser-150x150.jpg\" class=\"attachment-thumbnail size-thumbnail\" alt=\"Innenansicht der Bernhardinerkirche\" aria-describedby=\"gallery-2-1699\" \/><\/a>\n\t\t\t<\/div>\n\t\t\t\t<figcaption class='wp-caption-text gallery-caption' id='gallery-2-1699'>\n\t\t\t\tInnenansicht der Bernhardinerkirche\n\t\t\t\t<\/figcaption><\/figure><figure class='gallery-item'>\n\t\t\t<div class='gallery-icon landscape'>\n\t\t\t\t<a href='https:\/\/coeser.de\/blog\/wp-content\/uploads\/2016\/11\/krakau-altstadt-07-christian-oeser.jpg' title=\"Au\u00dfenansicht der Jagiellonen-Universit\u00e4t\" data-rl_title=\"Au\u00dfenansicht der Jagiellonen-Universit\u00e4t\" class=\"rl-gallery-link\" data-rl_caption=\"Aufnahmeort anzeigen\" data-rel=\"lightbox-gallery-2\"><img loading=\"lazy\" decoding=\"async\" width=\"150\" height=\"150\" src=\"https:\/\/coeser.de\/blog\/wp-content\/uploads\/2016\/11\/krakau-altstadt-07-christian-oeser-150x150.jpg\" class=\"attachment-thumbnail size-thumbnail\" alt=\"Au\u00dfenansicht der Jagiellonen-Universit\u00e4t\" aria-describedby=\"gallery-2-1701\" \/><\/a>\n\t\t\t<\/div>\n\t\t\t\t<figcaption class='wp-caption-text gallery-caption' id='gallery-2-1701'>\n\t\t\t\tAu\u00dfenansicht der Jagiellonen-Universit\u00e4t\n\t\t\t\t<\/figcaption><\/figure><figure class='gallery-item'>\n\t\t\t<div class='gallery-icon landscape'>\n\t\t\t\t<a href='https:\/\/coeser.de\/blog\/wp-content\/uploads\/2016\/11\/krakau-altstadt-08-christian-oeser.jpg' title=\"Das Collegium Maius der Jagiellonen-Universit\u00e4t\" data-rl_title=\"Das Collegium Maius der Jagiellonen-Universit\u00e4t\" class=\"rl-gallery-link\" data-rl_caption=\"Aufnahmeort anzeigen\" data-rel=\"lightbox-gallery-2\"><img loading=\"lazy\" decoding=\"async\" width=\"150\" height=\"150\" src=\"https:\/\/coeser.de\/blog\/wp-content\/uploads\/2016\/11\/krakau-altstadt-08-christian-oeser-150x150.jpg\" class=\"attachment-thumbnail size-thumbnail\" alt=\"Das Collegium Maius der Jagiellonen-Universit\u00e4t\" aria-describedby=\"gallery-2-1702\" \/><\/a>\n\t\t\t<\/div>\n\t\t\t\t<figcaption class='wp-caption-text gallery-caption' id='gallery-2-1702'>\n\t\t\t\tDas Collegium Maius der Jagiellonen-Universit\u00e4t\n\t\t\t\t<\/figcaption><\/figure><figure class='gallery-item'>\n\t\t\t<div class='gallery-icon landscape'>\n\t\t\t\t<a href='https:\/\/coeser.de\/blog\/wp-content\/uploads\/2016\/11\/krakau-altstadt-09-christian-oeser.jpg' title=\"Innenansicht der Franziskanerkirche\" data-rl_title=\"Innenansicht der Franziskanerkirche\" class=\"rl-gallery-link\" data-rl_caption=\"Aufnahmeort anzeigen\" data-rel=\"lightbox-gallery-2\"><img loading=\"lazy\" decoding=\"async\" width=\"150\" height=\"150\" src=\"https:\/\/coeser.de\/blog\/wp-content\/uploads\/2016\/11\/krakau-altstadt-09-christian-oeser-150x150.jpg\" class=\"attachment-thumbnail size-thumbnail\" alt=\"Innenansicht der Franziskanerkirche\" aria-describedby=\"gallery-2-1703\" \/><\/a>\n\t\t\t<\/div>\n\t\t\t\t<figcaption class='wp-caption-text gallery-caption' id='gallery-2-1703'>\n\t\t\t\tInnenansicht der Franziskanerkirche\n\t\t\t\t<\/figcaption><\/figure><figure class='gallery-item'>\n\t\t\t<div class='gallery-icon landscape'>\n\t\t\t\t<a href='https:\/\/coeser.de\/blog\/wp-content\/uploads\/2016\/11\/krakau-altstadt-10-christian-oeser.jpg' title=\"Innenansicht der Franziskanerkirche\" data-rl_title=\"Innenansicht der Franziskanerkirche\" class=\"rl-gallery-link\" data-rl_caption=\"Aufnahmeort anzeigen\" data-rel=\"lightbox-gallery-2\"><img loading=\"lazy\" decoding=\"async\" width=\"150\" height=\"150\" src=\"https:\/\/coeser.de\/blog\/wp-content\/uploads\/2016\/11\/krakau-altstadt-10-christian-oeser-150x150.jpg\" class=\"attachment-thumbnail size-thumbnail\" alt=\"Innenansicht der Franziskanerkirche\" aria-describedby=\"gallery-2-1704\" \/><\/a>\n\t\t\t<\/div>\n\t\t\t\t<figcaption class='wp-caption-text gallery-caption' id='gallery-2-1704'>\n\t\t\t\tInnenansicht der Franziskanerkirche\n\t\t\t\t<\/figcaption><\/figure><figure class='gallery-item'>\n\t\t\t<div class='gallery-icon landscape'>\n\t\t\t\t<a href='https:\/\/coeser.de\/blog\/wp-content\/uploads\/2016\/11\/krakau-altstadt-11-christian-oeser.jpg' title=\"Au\u00dfenansicht der Dominikanerkirche\" data-rl_title=\"Au\u00dfenansicht der Dominikanerkirche\" class=\"rl-gallery-link\" data-rl_caption=\"Aufnahmeort anzeigen\" data-rel=\"lightbox-gallery-2\"><img loading=\"lazy\" decoding=\"async\" width=\"150\" height=\"150\" src=\"https:\/\/coeser.de\/blog\/wp-content\/uploads\/2016\/11\/krakau-altstadt-11-christian-oeser-150x150.jpg\" class=\"attachment-thumbnail size-thumbnail\" alt=\"Au\u00dfenansicht der Dominikanerkirche\" aria-describedby=\"gallery-2-1705\" \/><\/a>\n\t\t\t<\/div>\n\t\t\t\t<figcaption class='wp-caption-text gallery-caption' id='gallery-2-1705'>\n\t\t\t\tAu\u00dfenansicht der Dominikanerkirche\n\t\t\t\t<\/figcaption><\/figure><figure class='gallery-item'>\n\t\t\t<div class='gallery-icon landscape'>\n\t\t\t\t<a href='https:\/\/coeser.de\/blog\/wp-content\/uploads\/2016\/11\/krakau-altstadt-12-christian-oeser.jpg' title=\"Innenansicht der Dominikanerkirche\" data-rl_title=\"Innenansicht der Dominikanerkirche\" class=\"rl-gallery-link\" data-rl_caption=\"Aufnahmeort anzeigen\" data-rel=\"lightbox-gallery-2\"><img loading=\"lazy\" decoding=\"async\" width=\"150\" height=\"150\" src=\"https:\/\/coeser.de\/blog\/wp-content\/uploads\/2016\/11\/krakau-altstadt-12-christian-oeser-150x150.jpg\" class=\"attachment-thumbnail size-thumbnail\" alt=\"Innenansicht der Dominikanerkirche\" aria-describedby=\"gallery-2-1706\" \/><\/a>\n\t\t\t<\/div>\n\t\t\t\t<figcaption class='wp-caption-text gallery-caption' id='gallery-2-1706'>\n\t\t\t\tInnenansicht der Dominikanerkirche\n\t\t\t\t<\/figcaption><\/figure><figure class='gallery-item'>\n\t\t\t<div class='gallery-icon portrait'>\n\t\t\t\t<a href='https:\/\/coeser.de\/blog\/wp-content\/uploads\/2016\/11\/krakau-altstadt-13-christian-oeser.jpg' title=\"Innenansicht der Dominikanerkirche\" data-rl_title=\"Innenansicht der Dominikanerkirche\" class=\"rl-gallery-link\" data-rl_caption=\"Aufnahmeort anzeigen\" data-rel=\"lightbox-gallery-2\"><img loading=\"lazy\" decoding=\"async\" width=\"150\" height=\"150\" src=\"https:\/\/coeser.de\/blog\/wp-content\/uploads\/2016\/11\/krakau-altstadt-13-christian-oeser-150x150.jpg\" class=\"attachment-thumbnail size-thumbnail\" alt=\"Innenansicht der Dominikanerkirche\" aria-describedby=\"gallery-2-1707\" \/><\/a>\n\t\t\t<\/div>\n\t\t\t\t<figcaption class='wp-caption-text gallery-caption' id='gallery-2-1707'>\n\t\t\t\tInnenansicht der Dominikanerkirche\n\t\t\t\t<\/figcaption><\/figure>\n\t\t<\/div>\n\n<\/div>\n<p>&nbsp;<\/p>\n<hr \/>\n<h2><img loading=\"lazy\" decoding=\"async\" class=\"alignnone size-full wp-image-1688\" src=\"https:\/\/coeser.de\/blog\/wp-content\/uploads\/2016\/11\/krakau-aufmacher2-christian-oeser.jpg\" alt=\"Der Hauptmarkt in Krakau vom Turm der Marienkirche aus gesehen\" width=\"978\" height=\"326\" srcset=\"https:\/\/coeser.de\/blog\/wp-content\/uploads\/2016\/11\/krakau-aufmacher2-christian-oeser.jpg 978w, https:\/\/coeser.de\/blog\/wp-content\/uploads\/2016\/11\/krakau-aufmacher2-christian-oeser-300x100.jpg 300w, https:\/\/coeser.de\/blog\/wp-content\/uploads\/2016\/11\/krakau-aufmacher2-christian-oeser-768x256.jpg 768w\" sizes=\"auto, (max-width: 978px) 100vw, 978px\" \/><\/h2>\n<h2>Die Highlights auf dem Hauptmarkt<\/h2>\n<p>Die <strong>Tuchhallen\u00a0<span class=\"st\">(Sukiennice)<\/span><\/strong> sind ein langgezogenes, einst\u00f6ckiges Geb\u00e4ude aus der Renaissance \u2013 der Name stammt vom fr\u00fcheren Handel mit Tuchen. Heute reihen sich im inneren Durchgang Dutzende kleine Gesch\u00e4fte aneinander und verkaufen allerhand Touristisches. Mit viel Fantasie hat mich das Ganze an den Gro\u00dfen Bazar von Istanbul erinnert. Auf der hinteren Seite steht der <strong>Rathausturm <span class=\"st\">(Wie\u017ca Ratuszowa)<\/span><\/strong>, den man theoretisch besteigen und die Aussicht genie\u00dfen k\u00f6nnte. Bei meinem Besuch war allerdings st\u00fcrmisches Wetter und der Turm daher geschlossen, au\u00dferdem wollte ich sowieso lieber die Aussicht vom Nordturm der <strong>Marienkirche (Ko\u015bci\u00f3\u0142 Mariacki w Krakowie)<\/strong> sehen. Die Kirche mit den zwei ungleichen T\u00fcrmen liegt gegen\u00fcber den Tuchhallen und stellt einen Pflichtbesuch dar.<\/p>\n<h3>Tickets f\u00fcr die Marienkirche<\/h3>\n<p>Ich empfehle euch, rechts neben der Kirche in einem kleinen Laden Tickets f\u00fcr die Besichtigung des weltber\u00fchmten <strong>Krakauer Hochaltars<\/strong> des gotischen Bildhauers Veit Sto\u00df mit einer Fotogenehmigung (wird streng kontrolliert!) und sofern m\u00f6glich, Karten f\u00fcr eine <strong>Turmbesteigung<\/strong> zu erwerben (alle \u00d6ffnungszeiten und Ticketpreise findet ihr auf <strong><a href=\"http:\/\/mariacki.com\/en\/tourists\/\" target=\"_blank\" rel=\"noopener noreferrer\">mariacki.com<\/a><\/strong>). Vor allem f\u00fcr die Turmbesteigung muss man zeitig vor Ort sein, da die Tickets zeitgebunden sind und pro Tag nur eine relativ geringe Anzahl an Personen in die T\u00fcrmerstube darf.<\/p>\n<h3>Umwerfende Sch\u00f6nheit in der Marienkirche<\/h3>\n<p>Betritt man die Marienkirche, wird man sofort f\u00f6rmlich erschlagen von der prachtvollen Ausstattung \u2013 bescheiden war man hier beim Bau wahrlich nicht. Der Kontrast aus blau bemalten W\u00e4nden und jeder Menge vergoldeter Figuren und Statuen hat mich v\u00f6llig in den Bann gezogen, am besten setzt man sich einige Minuten hin und staunt einfach nur. Der <strong>Hochaltar von Veit Sto\u00df<\/strong> ist \u00fcbrigens t\u00e4glich erst ab 11.50 Uhr ge\u00f6ffnet, sollte aber aufgrund seiner Sch\u00f6nheit unbedingt besichtigt werden.<\/p>\n<h3>Aussicht auf Krakau<\/h3>\n<p>Links au\u00dferhalb der Kirche ist der Eingang zur Turmbesteigung, die an der Spitze in der beschaulichen T\u00fcrmerstube eine au\u00dfergew\u00f6hnliche Aussicht zul\u00e4sst. Es handelt sich dabei nicht um eine klassische Aussichtsplattform, man muss zum Hinausblicken extra immer ein Fenster \u00f6ffnen, was dem Ganzen ein besonderes Flair verleiht und auch erkl\u00e4rt, warum aus Sicherheitsgr\u00fcnden nur eine kleine Anzahl an Menschen gleichzeitig oben sein darf. Ich hatte dann noch das Gl\u00fcck, den <strong>Turmbl\u00e4ser<\/strong> live erleben zu k\u00f6nnen. Zu jeder vollen Stunde spielt ein Mitglied der Feuerwehr mit einer Trompete das\u00a0nach wenigen Sekunden abrupt endende <strong>Signal \u201eHejna\u0142\u201c<\/strong> in alle vier Himmelsrichtungen. Es erinnert an einen T\u00fcrmer, der laut einer Legende w\u00e4hrend des Blasens des Alarmsignals 1241 von einem Tatarenpfeil get\u00f6tet wurde.<\/p>\n<h3>Die Sage der ungleichen T\u00fcrme<\/h3>\n<p>Interessant ist \u00fcbrigens auch die Geschichte hinter den ungleichen T\u00fcrmen. Einer Sage nach sollen sie von zwei Br\u00fcdern in Konkurrenz erbaut worden sein. W\u00e4hrend der \u00e4ltere Bruder seinen n\u00f6rdlichen, 81 Meter hohen Turm bereits fertiggestellt hatte, war sein j\u00fcngerer Bruder noch mit dem Bau des s\u00fcdlichen, 69 Meter hohen Turms besch\u00e4ftigt. Aus Angst, sein Bruder k\u00f6nne einen h\u00f6heren Turm bauen, erstach er ihn. Danach bereute er die Entscheidung und st\u00fcrzte sich selbst vom Nordturm in den Tod.<\/p>\n<div class=\"fotospots\">\n<h3>Fotospots<\/h3>\n<div id='gallery-3' class='gallery galleryid-1261 gallery-columns-7 gallery-size-thumbnail'><figure class='gallery-item'>\n\t\t\t<div class='gallery-icon landscape'>\n\t\t\t\t<a href='https:\/\/coeser.de\/blog\/wp-content\/uploads\/2016\/11\/krakau-hauptmarkt-tuchhallen-marienkirche-01-christian-oeser.jpg' title=\"Ein Fiaker vor den Tuchhallen in der Nachmittagssonne\" data-rl_title=\"Ein Fiaker vor den Tuchhallen in der Nachmittagssonne\" class=\"rl-gallery-link\" data-rl_caption=\"Aufnahmeort anzeigen\" data-rel=\"lightbox-gallery-3\"><img loading=\"lazy\" decoding=\"async\" width=\"150\" height=\"150\" src=\"https:\/\/coeser.de\/blog\/wp-content\/uploads\/2016\/11\/krakau-hauptmarkt-tuchhallen-marienkirche-01-christian-oeser-150x150.jpg\" class=\"attachment-thumbnail size-thumbnail\" alt=\"Ein Fiaker vor den Tuchhallen in der Nachmittagssonne\" aria-describedby=\"gallery-3-1709\" \/><\/a>\n\t\t\t<\/div>\n\t\t\t\t<figcaption class='wp-caption-text gallery-caption' id='gallery-3-1709'>\n\t\t\t\tEin Fiaker vor den Tuchhallen in der Nachmittagssonne\n\t\t\t\t<\/figcaption><\/figure><figure class='gallery-item'>\n\t\t\t<div class='gallery-icon landscape'>\n\t\t\t\t<a href='https:\/\/coeser.de\/blog\/wp-content\/uploads\/2016\/11\/krakau-hauptmarkt-tuchhallen-marienkirche-14-christian-oeser.jpg' title=\"Zahlreiche Fiaker warten auf dem Hauptmarkt vor der Marienkirche auf Kundschaft\" data-rl_title=\"Zahlreiche Fiaker warten auf dem Hauptmarkt vor der Marienkirche auf Kundschaft\" class=\"rl-gallery-link\" data-rl_caption=\"Aufnahmeort anzeigen\" data-rel=\"lightbox-gallery-3\"><img loading=\"lazy\" decoding=\"async\" width=\"150\" height=\"150\" src=\"https:\/\/coeser.de\/blog\/wp-content\/uploads\/2016\/11\/krakau-hauptmarkt-tuchhallen-marienkirche-14-christian-oeser-150x150.jpg\" class=\"attachment-thumbnail size-thumbnail\" alt=\"Zahlreiche Fiaker warten auf dem Hauptmarkt vor der Marienkirche auf Kundschaft\" aria-describedby=\"gallery-3-1722\" \/><\/a>\n\t\t\t<\/div>\n\t\t\t\t<figcaption class='wp-caption-text gallery-caption' id='gallery-3-1722'>\n\t\t\t\tZahlreiche Fiaker warten auf dem Hauptmarkt vor der Marienkirche auf Kundschaft\n\t\t\t\t<\/figcaption><\/figure><figure class='gallery-item'>\n\t\t\t<div class='gallery-icon landscape'>\n\t\t\t\t<a href='https:\/\/coeser.de\/blog\/wp-content\/uploads\/2016\/11\/krakau-hauptmarkt-tuchhallen-marienkirche-03-christian-oeser.jpg' title=\"Die beleuchteten Tuchhallen spiegeln sich im regennassen Boden\" data-rl_title=\"Die beleuchteten Tuchhallen spiegeln sich im regennassen Boden\" class=\"rl-gallery-link\" data-rl_caption=\"Aufnahmeort anzeigen\" data-rel=\"lightbox-gallery-3\"><img loading=\"lazy\" decoding=\"async\" width=\"150\" height=\"150\" src=\"https:\/\/coeser.de\/blog\/wp-content\/uploads\/2016\/11\/krakau-hauptmarkt-tuchhallen-marienkirche-03-christian-oeser-150x150.jpg\" class=\"attachment-thumbnail size-thumbnail\" alt=\"Die beleuchteten Tuchhallen spiegeln sich im regennassen Boden\" aria-describedby=\"gallery-3-1711\" \/><\/a>\n\t\t\t<\/div>\n\t\t\t\t<figcaption class='wp-caption-text gallery-caption' id='gallery-3-1711'>\n\t\t\t\tDie beleuchteten Tuchhallen spiegeln sich im regennassen Boden\n\t\t\t\t<\/figcaption><\/figure><figure class='gallery-item'>\n\t\t\t<div class='gallery-icon landscape'>\n\t\t\t\t<a href='https:\/\/coeser.de\/blog\/wp-content\/uploads\/2016\/11\/krakau-hauptmarkt-tuchhallen-marienkirche-02-christian-oeser.jpg' title=\"Dutzende Gesch\u00e4fte im Innenraum der Tuchhallen\" data-rl_title=\"Dutzende Gesch\u00e4fte im Innenraum der Tuchhallen\" class=\"rl-gallery-link\" data-rl_caption=\"Aufnahmeort anzeigen\" data-rel=\"lightbox-gallery-3\"><img loading=\"lazy\" decoding=\"async\" width=\"150\" height=\"150\" src=\"https:\/\/coeser.de\/blog\/wp-content\/uploads\/2016\/11\/krakau-hauptmarkt-tuchhallen-marienkirche-02-christian-oeser-150x150.jpg\" class=\"attachment-thumbnail size-thumbnail\" alt=\"Dutzende Gesch\u00e4fte im Innenraum der Tuchhallen\" aria-describedby=\"gallery-3-1710\" \/><\/a>\n\t\t\t<\/div>\n\t\t\t\t<figcaption class='wp-caption-text gallery-caption' id='gallery-3-1710'>\n\t\t\t\tDutzende Gesch\u00e4fte im Innenraum der Tuchhallen\n\t\t\t\t<\/figcaption><\/figure><figure class='gallery-item'>\n\t\t\t<div class='gallery-icon landscape'>\n\t\t\t\t<a href='https:\/\/coeser.de\/blog\/wp-content\/uploads\/2016\/11\/krakau-hauptmarkt-tuchhallen-marienkirche-04-christian-oeser.jpg' title=\"Blick auf die beleuchtete Marienkirche von den Arkaden der Tuchhallen\" data-rl_title=\"Blick auf die beleuchtete Marienkirche von den Arkaden der Tuchhallen\" class=\"rl-gallery-link\" data-rl_caption=\"Aufnahmeort anzeigen\" data-rel=\"lightbox-gallery-3\"><img loading=\"lazy\" decoding=\"async\" width=\"150\" height=\"150\" src=\"https:\/\/coeser.de\/blog\/wp-content\/uploads\/2016\/11\/krakau-hauptmarkt-tuchhallen-marienkirche-04-christian-oeser-150x150.jpg\" class=\"attachment-thumbnail size-thumbnail\" alt=\"Blick auf die beleuchtete Marienkirche von den Arkaden der Tuchhallen\" aria-describedby=\"gallery-3-1712\" \/><\/a>\n\t\t\t<\/div>\n\t\t\t\t<figcaption class='wp-caption-text gallery-caption' id='gallery-3-1712'>\n\t\t\t\tBlick auf die beleuchtete Marienkirche von den Arkaden der Tuchhallen\n\t\t\t\t<\/figcaption><\/figure><figure class='gallery-item'>\n\t\t\t<div class='gallery-icon landscape'>\n\t\t\t\t<a href='https:\/\/coeser.de\/blog\/wp-content\/uploads\/2016\/11\/krakau-hauptmarkt-tuchhallen-marienkirche-05-christian-oeser.jpg' title=\"Panoramablick auf den Hauptmarkt vom Nordturm der Marienkirche aus gesehen\" data-rl_title=\"Panoramablick auf den Hauptmarkt vom Nordturm der Marienkirche aus gesehen\" class=\"rl-gallery-link\" data-rl_caption=\"Aufnahmeort anzeigen\" data-rel=\"lightbox-gallery-3\"><img loading=\"lazy\" decoding=\"async\" width=\"150\" height=\"150\" src=\"https:\/\/coeser.de\/blog\/wp-content\/uploads\/2016\/11\/krakau-hauptmarkt-tuchhallen-marienkirche-05-christian-oeser-150x150.jpg\" class=\"attachment-thumbnail size-thumbnail\" alt=\"Panoramablick auf den Hauptmarkt vom Nordturm der Marienkirche aus gesehen\" aria-describedby=\"gallery-3-1713\" \/><\/a>\n\t\t\t<\/div>\n\t\t\t\t<figcaption class='wp-caption-text gallery-caption' id='gallery-3-1713'>\n\t\t\t\tPanoramablick auf den Hauptmarkt vom Nordturm der Marienkirche aus gesehen\n\t\t\t\t<\/figcaption><\/figure><figure class='gallery-item'>\n\t\t\t<div class='gallery-icon landscape'>\n\t\t\t\t<a href='https:\/\/coeser.de\/blog\/wp-content\/uploads\/2016\/11\/krakau-hauptmarkt-tuchhallen-marienkirche-09-christian-oeser.jpg' title=\"Der Turmbl\u00e4ser spielt das Signal \u201eHejna\u0142\u201c in alle vier Himmelsrichtungen\" data-rl_title=\"Der Turmbl\u00e4ser spielt das Signal \u201eHejna\u0142\u201c in alle vier Himmelsrichtungen\" class=\"rl-gallery-link\" data-rl_caption=\"Aufnahmeort anzeigen\" data-rel=\"lightbox-gallery-3\"><img loading=\"lazy\" decoding=\"async\" width=\"150\" height=\"150\" src=\"https:\/\/coeser.de\/blog\/wp-content\/uploads\/2016\/11\/krakau-hauptmarkt-tuchhallen-marienkirche-09-christian-oeser-150x150.jpg\" class=\"attachment-thumbnail size-thumbnail\" alt=\"Der Turmbl\u00e4ser spielt das Signal \u201eHejna\u0142\u201c in alle vier Himmelsrichtungen\" aria-describedby=\"gallery-3-1717\" \/><\/a>\n\t\t\t<\/div>\n\t\t\t\t<figcaption class='wp-caption-text gallery-caption' id='gallery-3-1717'>\n\t\t\t\tDer Turmbl\u00e4ser spielt das Signal \u201eHejna\u0142\u201c in alle vier Himmelsrichtungen\n\t\t\t\t<\/figcaption><\/figure><figure class='gallery-item'>\n\t\t\t<div class='gallery-icon landscape'>\n\t\t\t\t<a href='https:\/\/coeser.de\/blog\/wp-content\/uploads\/2016\/11\/krakau-hauptmarkt-tuchhallen-marienkirche-06-christian-oeser.jpg' title=\"Wer die Aussicht genie\u00dfen will, muss erst eines der Fenster \u00f6ffnen\" data-rl_title=\"Wer die Aussicht genie\u00dfen will, muss erst eines der Fenster \u00f6ffnen\" class=\"rl-gallery-link\" data-rl_caption=\"Aufnahmeort anzeigen\" data-rel=\"lightbox-gallery-3\"><img loading=\"lazy\" decoding=\"async\" width=\"150\" height=\"150\" src=\"https:\/\/coeser.de\/blog\/wp-content\/uploads\/2016\/11\/krakau-hauptmarkt-tuchhallen-marienkirche-06-christian-oeser-150x150.jpg\" class=\"attachment-thumbnail size-thumbnail\" alt=\"Wer die Aussicht genie\u00dfen will, muss erst eines der Fenster \u00f6ffnen\" aria-describedby=\"gallery-3-1714\" \/><\/a>\n\t\t\t<\/div>\n\t\t\t\t<figcaption class='wp-caption-text gallery-caption' id='gallery-3-1714'>\n\t\t\t\tWer die Aussicht genie\u00dfen will, muss erst eines der Fenster \u00f6ffnen\n\t\t\t\t<\/figcaption><\/figure><figure class='gallery-item'>\n\t\t\t<div class='gallery-icon landscape'>\n\t\t\t\t<a href='https:\/\/coeser.de\/blog\/wp-content\/uploads\/2016\/11\/krakau-hauptmarkt-tuchhallen-marienkirche-07-christian-oeser.jpg' title=\"Panoramablick auf den Wawel vom Nordturm der Marienkirche aus gesehen\" data-rl_title=\"Panoramablick auf den Wawel vom Nordturm der Marienkirche aus gesehen\" class=\"rl-gallery-link\" data-rl_caption=\"Aufnahmeort anzeigen\" data-rel=\"lightbox-gallery-3\"><img loading=\"lazy\" decoding=\"async\" width=\"150\" height=\"150\" src=\"https:\/\/coeser.de\/blog\/wp-content\/uploads\/2016\/11\/krakau-hauptmarkt-tuchhallen-marienkirche-07-christian-oeser-150x150.jpg\" class=\"attachment-thumbnail size-thumbnail\" alt=\"Panoramablick auf den Wawel vom Nordturm der Marienkirche aus gesehen\" aria-describedby=\"gallery-3-1715\" \/><\/a>\n\t\t\t<\/div>\n\t\t\t\t<figcaption class='wp-caption-text gallery-caption' id='gallery-3-1715'>\n\t\t\t\tPanoramablick auf den Wawel vom Nordturm der Marienkirche aus gesehen\n\t\t\t\t<\/figcaption><\/figure><figure class='gallery-item'>\n\t\t\t<div class='gallery-icon landscape'>\n\t\t\t\t<a href='https:\/\/coeser.de\/blog\/wp-content\/uploads\/2016\/11\/krakau-hauptmarkt-tuchhallen-marienkirche-08-christian-oeser.jpg' title=\"Panoramablick auf historische Geb\u00e4ude des Hauptmarkts vom Nordturm der Marienkirche aus gesehen\" data-rl_title=\"Panoramablick auf historische Geb\u00e4ude des Hauptmarkts vom Nordturm der Marienkirche aus gesehen\" class=\"rl-gallery-link\" data-rl_caption=\"Aufnahmeort anzeigen\" data-rel=\"lightbox-gallery-3\"><img loading=\"lazy\" decoding=\"async\" width=\"150\" height=\"150\" src=\"https:\/\/coeser.de\/blog\/wp-content\/uploads\/2016\/11\/krakau-hauptmarkt-tuchhallen-marienkirche-08-christian-oeser-150x150.jpg\" class=\"attachment-thumbnail size-thumbnail\" alt=\"Panoramablick auf historische Geb\u00e4ude des Hauptmarkts vom Nordturm der Marienkirche aus gesehen\" aria-describedby=\"gallery-3-1716\" \/><\/a>\n\t\t\t<\/div>\n\t\t\t\t<figcaption class='wp-caption-text gallery-caption' id='gallery-3-1716'>\n\t\t\t\tPanoramablick auf historische Geb\u00e4ude des Hauptmarkts vom Nordturm der Marienkirche aus gesehen\n\t\t\t\t<\/figcaption><\/figure><figure class='gallery-item'>\n\t\t\t<div class='gallery-icon portrait'>\n\t\t\t\t<a href='https:\/\/coeser.de\/blog\/wp-content\/uploads\/2016\/11\/krakau-hauptmarkt-tuchhallen-marienkirche-13-christian-oeser.jpg' title=\"Die T\u00fcrme der Marienkirche spiegeln sich in einer Lacke neben den Tuchhallen\" data-rl_title=\"Die T\u00fcrme der Marienkirche spiegeln sich in einer Lacke neben den Tuchhallen\" class=\"rl-gallery-link\" data-rl_caption=\"Aufnahmeort anzeigen\" data-rel=\"lightbox-gallery-3\"><img loading=\"lazy\" decoding=\"async\" width=\"150\" height=\"150\" src=\"https:\/\/coeser.de\/blog\/wp-content\/uploads\/2016\/11\/krakau-hauptmarkt-tuchhallen-marienkirche-13-christian-oeser-150x150.jpg\" class=\"attachment-thumbnail size-thumbnail\" alt=\"Die T\u00fcrme der Marienkirche spiegeln sich in einer Lacke neben den Tuchhallen\" aria-describedby=\"gallery-3-1721\" \/><\/a>\n\t\t\t<\/div>\n\t\t\t\t<figcaption class='wp-caption-text gallery-caption' id='gallery-3-1721'>\n\t\t\t\tDie T\u00fcrme der Marienkirche spiegeln sich in einer Lacke neben den Tuchhallen\n\t\t\t\t<\/figcaption><\/figure><figure class='gallery-item'>\n\t\t\t<div class='gallery-icon landscape'>\n\t\t\t\t<a href='https:\/\/coeser.de\/blog\/wp-content\/uploads\/2016\/11\/krakau-hauptmarkt-tuchhallen-marienkirche-10-christian-oeser.jpg' title=\"Die prachtvolle Innenausstattung der Marienkirche\" data-rl_title=\"Die prachtvolle Innenausstattung der Marienkirche\" class=\"rl-gallery-link\" data-rl_caption=\"Aufnahmeort anzeigen\" data-rel=\"lightbox-gallery-3\"><img loading=\"lazy\" decoding=\"async\" width=\"150\" height=\"150\" src=\"https:\/\/coeser.de\/blog\/wp-content\/uploads\/2016\/11\/krakau-hauptmarkt-tuchhallen-marienkirche-10-christian-oeser-150x150.jpg\" class=\"attachment-thumbnail size-thumbnail\" alt=\"Die prachtvolle Innenausstattung der Marienkirche\" aria-describedby=\"gallery-3-1718\" \/><\/a>\n\t\t\t<\/div>\n\t\t\t\t<figcaption class='wp-caption-text gallery-caption' id='gallery-3-1718'>\n\t\t\t\tDie prachtvolle Innenausstattung der Marienkirche\n\t\t\t\t<\/figcaption><\/figure><figure class='gallery-item'>\n\t\t\t<div class='gallery-icon landscape'>\n\t\t\t\t<a href='https:\/\/coeser.de\/blog\/wp-content\/uploads\/2016\/11\/krakau-hauptmarkt-tuchhallen-marienkirche-11-christian-oeser.jpg' title=\"Der ber\u00fchmte Krakauer Hochaltar des gotischen Bildhauers Veit Sto\u00df in der Marienkirche\" data-rl_title=\"Der ber\u00fchmte Krakauer Hochaltar des gotischen Bildhauers Veit Sto\u00df in der Marienkirche\" class=\"rl-gallery-link\" data-rl_caption=\"Aufnahmeort anzeigen\" data-rel=\"lightbox-gallery-3\"><img loading=\"lazy\" decoding=\"async\" width=\"150\" height=\"150\" src=\"https:\/\/coeser.de\/blog\/wp-content\/uploads\/2016\/11\/krakau-hauptmarkt-tuchhallen-marienkirche-11-christian-oeser-150x150.jpg\" class=\"attachment-thumbnail size-thumbnail\" alt=\"Der ber\u00fchmte Krakauer Hochaltar des gotischen Bildhauers Veit Sto\u00df in der Marienkirche\" aria-describedby=\"gallery-3-1719\" \/><\/a>\n\t\t\t<\/div>\n\t\t\t\t<figcaption class='wp-caption-text gallery-caption' id='gallery-3-1719'>\n\t\t\t\tDer ber\u00fchmte Krakauer Hochaltar des gotischen Bildhauers Veit Sto\u00df in der Marienkirche\n\t\t\t\t<\/figcaption><\/figure><figure class='gallery-item'>\n\t\t\t<div class='gallery-icon portrait'>\n\t\t\t\t<a href='https:\/\/coeser.de\/blog\/wp-content\/uploads\/2016\/11\/krakau-hauptmarkt-tuchhallen-marienkirche-12-christian-oeser.jpg' title=\"Blick nach oben an die prachtvoll verzierte Decke der Marienkirche\" data-rl_title=\"Blick nach oben an die prachtvoll verzierte Decke der Marienkirche\" class=\"rl-gallery-link\" data-rl_caption=\"Aufnahmeort anzeigen\" data-rel=\"lightbox-gallery-3\"><img loading=\"lazy\" decoding=\"async\" width=\"150\" height=\"150\" src=\"https:\/\/coeser.de\/blog\/wp-content\/uploads\/2016\/11\/krakau-hauptmarkt-tuchhallen-marienkirche-12-christian-oeser-150x150.jpg\" class=\"attachment-thumbnail size-thumbnail\" alt=\"Blick nach oben an die prachtvoll verzierte Decke der Marienkirche\" aria-describedby=\"gallery-3-1720\" \/><\/a>\n\t\t\t<\/div>\n\t\t\t\t<figcaption class='wp-caption-text gallery-caption' id='gallery-3-1720'>\n\t\t\t\tBlick nach oben an die prachtvoll verzierte Decke der Marienkirche\n\t\t\t\t<\/figcaption><\/figure>\n\t\t<\/div>\n\n<\/div>\n<p>&nbsp;<\/p>\n<hr \/>\n<div class=\"tipps\">\n<h2>TIPP: Ausfl\u00fcge und Touren ab Krakau<\/h2>\n<p>Hier findest du ausgew\u00e4hlte Ausfl\u00fcge und Unternehmungen vom Tourvermittler GetYourGuide:<\/p>\n<p><strong><a href=\"https:\/\/www.getyourguide.de\/krakau-l40\/ab-krakau-gefuhrte-tagestour-auschwitz-birkenau-t78097\/?partner_id=04M0MCT&amp;utm_medium=online_publisher\" target=\"_blank\" rel=\"noopener\">Ab Krakau: Auschwitz-Birkenau-Tour mit Hotelabholung<\/a>*<\/strong><\/p>\n<p><strong><a href=\"https:\/\/www.getyourguide.de\/krakau-l40\/krakow-nachtliche-historische-sightseeing-flusskreuzfahrt-t435967\/?partner_id=04M0MCT&amp;utm_medium=online_publisher\" target=\"_blank\" rel=\"noopener\">Krakau: Flussrundfahrt am Abend oder bei Nacht<\/a>*<\/strong><\/p>\n<p><strong><a href=\"https:\/\/www.getyourguide.de\/krakau-l40\/salzbergwerk-wieliczka-4-stundige-gefuhrte-tour-ab-krakau-t54914\/?partner_id=04M0MCT&amp;utm_medium=online_publisher\" target=\"_blank\" rel=\"noopener\">Ab Krakau: Tour durch das Salzbergwerk Wieliczka<\/a>*<\/strong><\/p>\n<p><strong><a href=\"https:\/\/www.getyourguide.de\/krakau-l40\/krakau-wow-krakau-sightseeing-bus-tour-t454491\/?partner_id=04M0MCT&amp;utm_medium=online_publisher\" target=\"_blank\" rel=\"noopener\">Krakau: Sightseeing per Hop-On-Hop-Off-Bus<\/a>*<\/strong><\/p>\n<p><strong><a href=\"https:\/\/www.getyourguide.de\/krakau-l40\/4-stundige-fahrradtour-durch-krakau-t19137\/?partner_id=04M0MCT&amp;utm_medium=online_publisher\" target=\"_blank\" rel=\"noopener\">Krakau: Fahrradtour durch die Altstadt und das j\u00fcdische Viertel<\/a>*<\/strong><\/p>\n<\/div>\n<p>&nbsp;<\/p>\n<hr \/>\n<h2><img loading=\"lazy\" decoding=\"async\" class=\"alignnone size-full wp-image-1689\" src=\"https:\/\/coeser.de\/blog\/wp-content\/uploads\/2016\/11\/krakau-aufmacher3-christian-oeser.jpg\" alt=\"Der beleuchtete Wawel in Krakau\" width=\"978\" height=\"326\" srcset=\"https:\/\/coeser.de\/blog\/wp-content\/uploads\/2016\/11\/krakau-aufmacher3-christian-oeser.jpg 978w, https:\/\/coeser.de\/blog\/wp-content\/uploads\/2016\/11\/krakau-aufmacher3-christian-oeser-300x100.jpg 300w, https:\/\/coeser.de\/blog\/wp-content\/uploads\/2016\/11\/krakau-aufmacher3-christian-oeser-768x256.jpg 768w\" sizes=\"auto, (max-width: 978px) 100vw, 978px\" \/><\/h2>\n<h2>Die Burganlage Wawel &#8211; ein Wahrzeichen der Stadt<\/h2>\n<p>Der Krakauer <strong>Wawel<\/strong> ist die ehemalige Residenz der polnischen K\u00f6nige in Krakau. Die Burganlage liegt auf dem Krakauer H\u00fcgel \u00fcber der Weichsel (<em>Wis\u0142a<\/em>) und wurde durch seine strategisch gute Lage schon fr\u00fch besiedelt. Der Sage nach lebte fr\u00fcher ein Drache auf dem Wawel, der vom Ritter Krak get\u00f6tet wurde &#8211; danach wurde die Stadt Krakau gegr\u00fcndet. Das Burggel\u00e4nde kann au\u00dfen frei besichtigt werden, f\u00fcr eine Besichtigung innen ben\u00f6tigt ihr <a href=\"https:\/\/www.getyourguide.de\/krakau-l40\/krakau-wawel-schloss-skip-the-line-fuhrung-t414337\/?partner_id=04M0MCT&amp;utm_medium=online_publisher\" target=\"_blank\" rel=\"noopener noreferrer\"><strong>Tickets f\u00fcr eine F\u00fchrung durch den Wawel ohne Anstehen<\/strong><\/a>*. Direkt vor Ort k\u00f6nnt ihr auch Eintrittskarten kaufen, diese sind aber pro Tag begrenzt \u2013 also entweder fr\u00fch kommen oder online buchen. Alle Infos zu den \u00d6ffnungszeiten und was es eigentlich im Burggel\u00e4nde zu besichtigen gibt, findet ihr auf der <a href=\"https:\/\/wawel.krakow.pl\/en\/hours-tickets-reservations-luggage\" target=\"_blank\" rel=\"noopener\"><strong>offiziellen Webseite<\/strong><\/a>.<\/p>\n<h3>Imposante Wawel-Kathedrale<\/h3>\n<p>Ein Rundgang in der wundersch\u00f6nen <strong>Wawel-Katedrale (Katedra Wawelska)<\/strong> darf bei einem Besuch in Krakau nicht fehlen. In der Kathedrale liegen zahlreiche polnische K\u00f6nige sowie nationale Helden begraben &#8211; und der 2010 beim Flugzeugabsturz von Smolensk ums Leben gekommene Pr\u00e4sident Lech Kaczy\u0144ski, was damals f\u00fcr heftige Proteste in der Bev\u00f6lkerung sorgte.<\/p>\n<h3>Die Drachenh\u00f6hle<\/h3>\n<p>Die <strong>Drachenh\u00f6hle (Jaskinia Smocza)<\/strong> aus der Sage kann auch durchwandert werden &#8211; es ist allerdings ein extrem kurzes und wenig spannendes Unterfangen. Am Ausgang der H\u00f6hle steht die <strong>Statue des Drachen (Smok wawelski)<\/strong>, die normalerweise alle paar Minuten Feuer speien sollte. Bei meinem Besuch verhinderte das allerdings ein technischer Defekt.<\/p>\n<div class=\"fotospots\">\n<h3>Fotospots<\/h3>\n<p>Den Wawel in seinen gesamten Ausma\u00dfen fotografiert man optimalerweise vom gegen\u00fcber liegenden Ufer der Weichsel. Das ist zwar ein zeitlich geh\u00f6riger Umweg, bietet aber den besten Blick auf die Burganlage.<\/p>\n<div id='gallery-4' class='gallery galleryid-1261 gallery-columns-7 gallery-size-thumbnail'><figure class='gallery-item'>\n\t\t\t<div class='gallery-icon landscape'>\n\t\t\t\t<a href='https:\/\/coeser.de\/blog\/wp-content\/uploads\/2016\/11\/krakau-wawel-01-christian-oeser.jpg' title=\"Der beleuchtete Krakauer Wawel in der blauen Stunde\" data-rl_title=\"Der beleuchtete Krakauer Wawel in der blauen Stunde\" class=\"rl-gallery-link\" data-rl_caption=\"Aufnahmeort anzeigen\" data-rel=\"lightbox-gallery-4\"><img loading=\"lazy\" decoding=\"async\" width=\"150\" height=\"150\" src=\"https:\/\/coeser.de\/blog\/wp-content\/uploads\/2016\/11\/krakau-wawel-01-christian-oeser-150x150.jpg\" class=\"attachment-thumbnail size-thumbnail\" alt=\"Der beleuchtete Krakauer Wawel in der blauen Stunde\" aria-describedby=\"gallery-4-1723\" \/><\/a>\n\t\t\t<\/div>\n\t\t\t\t<figcaption class='wp-caption-text gallery-caption' id='gallery-4-1723'>\n\t\t\t\tDer beleuchtete Krakauer Wawel in der blauen Stunde\n\t\t\t\t<\/figcaption><\/figure><figure class='gallery-item'>\n\t\t\t<div class='gallery-icon landscape'>\n\t\t\t\t<a href='https:\/\/coeser.de\/blog\/wp-content\/uploads\/2016\/11\/krakau-wawel-03-christian-oeser.jpg' title=\"Der beleuchtete Krakauer Wawel in der blauen Stunde\" data-rl_title=\"Der beleuchtete Krakauer Wawel in der blauen Stunde\" class=\"rl-gallery-link\" data-rl_caption=\"Aufnahmeort anzeigen\" data-rel=\"lightbox-gallery-4\"><img loading=\"lazy\" decoding=\"async\" width=\"150\" height=\"150\" src=\"https:\/\/coeser.de\/blog\/wp-content\/uploads\/2016\/11\/krakau-wawel-03-christian-oeser-150x150.jpg\" class=\"attachment-thumbnail size-thumbnail\" alt=\"Der beleuchtete Krakauer Wawel in der blauen Stunde\" aria-describedby=\"gallery-4-1725\" \/><\/a>\n\t\t\t<\/div>\n\t\t\t\t<figcaption class='wp-caption-text gallery-caption' id='gallery-4-1725'>\n\t\t\t\tDer beleuchtete Krakauer Wawel in der blauen Stunde\n\t\t\t\t<\/figcaption><\/figure><figure class='gallery-item'>\n\t\t\t<div class='gallery-icon landscape'>\n\t\t\t\t<a href='https:\/\/coeser.de\/blog\/wp-content\/uploads\/2016\/11\/krakau-wawel-02-christian-oeser.jpg' title=\"Spiegelung des beleuchteten Krakauer Wawel in der blauen Stunde\" data-rl_title=\"Spiegelung des beleuchteten Krakauer Wawel in der blauen Stunde\" class=\"rl-gallery-link\" data-rl_caption=\"Aufnahmeort anzeigen\" data-rel=\"lightbox-gallery-4\"><img loading=\"lazy\" decoding=\"async\" width=\"150\" height=\"150\" src=\"https:\/\/coeser.de\/blog\/wp-content\/uploads\/2016\/11\/krakau-wawel-02-christian-oeser-150x150.jpg\" class=\"attachment-thumbnail size-thumbnail\" alt=\"Spiegelung des beleuchteten Krakauer Wawel in der blauen Stunde\" aria-describedby=\"gallery-4-1724\" \/><\/a>\n\t\t\t<\/div>\n\t\t\t\t<figcaption class='wp-caption-text gallery-caption' id='gallery-4-1724'>\n\t\t\t\tSpiegelung des beleuchteten Krakauer Wawel in der blauen Stunde\n\t\t\t\t<\/figcaption><\/figure><figure class='gallery-item'>\n\t\t\t<div class='gallery-icon landscape'>\n\t\t\t\t<a href='https:\/\/coeser.de\/blog\/wp-content\/uploads\/2016\/11\/krakau-wawel-04-christian-oeser.jpg' title=\"Festungsmauer vor der Wawel-Kathedrale\" data-rl_title=\"Festungsmauer vor der Wawel-Kathedrale\" class=\"rl-gallery-link\" data-rl_caption=\"Aufnahmeort anzeigen\" data-rel=\"lightbox-gallery-4\"><img loading=\"lazy\" decoding=\"async\" width=\"150\" height=\"150\" src=\"https:\/\/coeser.de\/blog\/wp-content\/uploads\/2016\/11\/krakau-wawel-04-christian-oeser-150x150.jpg\" class=\"attachment-thumbnail size-thumbnail\" alt=\"Festungsmauer vor der Wawel-Kathedrale\" aria-describedby=\"gallery-4-1726\" \/><\/a>\n\t\t\t<\/div>\n\t\t\t\t<figcaption class='wp-caption-text gallery-caption' id='gallery-4-1726'>\n\t\t\t\tFestungsmauer vor der Wawel-Kathedrale\n\t\t\t\t<\/figcaption><\/figure><figure class='gallery-item'>\n\t\t\t<div class='gallery-icon landscape'>\n\t\t\t\t<a href='https:\/\/coeser.de\/blog\/wp-content\/uploads\/2016\/11\/krakau-wawel-05-christian-oeser.jpg' title=\"Blick auf den Turm der Wawel-Kathedrale\" data-rl_title=\"Blick auf den Turm der Wawel-Kathedrale\" class=\"rl-gallery-link\" data-rl_caption=\"Aufnahmeort anzeigen\" data-rel=\"lightbox-gallery-4\"><img loading=\"lazy\" decoding=\"async\" width=\"150\" height=\"150\" src=\"https:\/\/coeser.de\/blog\/wp-content\/uploads\/2016\/11\/krakau-wawel-05-christian-oeser-150x150.jpg\" class=\"attachment-thumbnail size-thumbnail\" alt=\"Blick auf den Turm der Wawel-Kathedrale\" aria-describedby=\"gallery-4-1727\" \/><\/a>\n\t\t\t<\/div>\n\t\t\t\t<figcaption class='wp-caption-text gallery-caption' id='gallery-4-1727'>\n\t\t\t\tBlick auf den Turm der Wawel-Kathedrale\n\t\t\t\t<\/figcaption><\/figure><figure class='gallery-item'>\n\t\t\t<div class='gallery-icon landscape'>\n\t\t\t\t<a href='https:\/\/coeser.de\/blog\/wp-content\/uploads\/2016\/11\/krakau-wawel-06-christian-oeser.jpg' title=\"Innenansicht der Wawel-Kathedrale\" data-rl_title=\"Innenansicht der Wawel-Kathedrale\" class=\"rl-gallery-link\" data-rl_caption=\"Aufnahmeort anzeigen\" data-rel=\"lightbox-gallery-4\"><img loading=\"lazy\" decoding=\"async\" width=\"150\" height=\"150\" src=\"https:\/\/coeser.de\/blog\/wp-content\/uploads\/2016\/11\/krakau-wawel-06-christian-oeser-150x150.jpg\" class=\"attachment-thumbnail size-thumbnail\" alt=\"Innenansicht der Wawel-Kathedrale\" aria-describedby=\"gallery-4-1728\" \/><\/a>\n\t\t\t<\/div>\n\t\t\t\t<figcaption class='wp-caption-text gallery-caption' id='gallery-4-1728'>\n\t\t\t\tInnenansicht der Wawel-Kathedrale\n\t\t\t\t<\/figcaption><\/figure><figure class='gallery-item'>\n\t\t\t<div class='gallery-icon landscape'>\n\t\t\t\t<a href='https:\/\/coeser.de\/blog\/wp-content\/uploads\/2016\/11\/krakau-wawel-07-christian-oeser.jpg' title=\"Innenansicht der Wawel-Kathedrale\" data-rl_title=\"Innenansicht der Wawel-Kathedrale\" class=\"rl-gallery-link\" data-rl_caption=\"Aufnahmeort anzeigen\" data-rel=\"lightbox-gallery-4\"><img loading=\"lazy\" decoding=\"async\" width=\"150\" height=\"150\" src=\"https:\/\/coeser.de\/blog\/wp-content\/uploads\/2016\/11\/krakau-wawel-07-christian-oeser-150x150.jpg\" class=\"attachment-thumbnail size-thumbnail\" alt=\"Innenansicht der Wawel-Kathedrale\" aria-describedby=\"gallery-4-1729\" \/><\/a>\n\t\t\t<\/div>\n\t\t\t\t<figcaption class='wp-caption-text gallery-caption' id='gallery-4-1729'>\n\t\t\t\tInnenansicht der Wawel-Kathedrale\n\t\t\t\t<\/figcaption><\/figure><figure class='gallery-item'>\n\t\t\t<div class='gallery-icon landscape'>\n\t\t\t\t<a href='https:\/\/coeser.de\/blog\/wp-content\/uploads\/2016\/11\/krakau-wawel-08-christian-oeser.jpg' title=\"Innenansicht der Wawel-Kathedrale\" data-rl_title=\"Innenansicht der Wawel-Kathedrale\" class=\"rl-gallery-link\" data-rl_caption=\"Aufnahmeort anzeigen\" data-rel=\"lightbox-gallery-4\"><img loading=\"lazy\" decoding=\"async\" width=\"150\" height=\"150\" src=\"https:\/\/coeser.de\/blog\/wp-content\/uploads\/2016\/11\/krakau-wawel-08-christian-oeser-150x150.jpg\" class=\"attachment-thumbnail size-thumbnail\" alt=\"Innenansicht der Wawel-Kathedrale\" aria-describedby=\"gallery-4-1730\" \/><\/a>\n\t\t\t<\/div>\n\t\t\t\t<figcaption class='wp-caption-text gallery-caption' id='gallery-4-1730'>\n\t\t\t\tInnenansicht der Wawel-Kathedrale\n\t\t\t\t<\/figcaption><\/figure><figure class='gallery-item'>\n\t\t\t<div class='gallery-icon landscape'>\n\t\t\t\t<a href='https:\/\/coeser.de\/blog\/wp-content\/uploads\/2016\/11\/krakau-wawel-09-christian-oeser.jpg' title=\"Au\u00dfenansicht der Wawel-Kathedrale und des Burggel\u00e4ndes\" data-rl_title=\"Au\u00dfenansicht der Wawel-Kathedrale und des Burggel\u00e4ndes\" class=\"rl-gallery-link\" data-rl_caption=\"Aufnahmeort anzeigen\" data-rel=\"lightbox-gallery-4\"><img loading=\"lazy\" decoding=\"async\" width=\"150\" height=\"150\" src=\"https:\/\/coeser.de\/blog\/wp-content\/uploads\/2016\/11\/krakau-wawel-09-christian-oeser-150x150.jpg\" class=\"attachment-thumbnail size-thumbnail\" alt=\"Au\u00dfenansicht der Wawel-Kathedrale und des Burggel\u00e4ndes\" aria-describedby=\"gallery-4-1731\" \/><\/a>\n\t\t\t<\/div>\n\t\t\t\t<figcaption class='wp-caption-text gallery-caption' id='gallery-4-1731'>\n\t\t\t\tAu\u00dfenansicht der Wawel-Kathedrale und des Burggel\u00e4ndes\n\t\t\t\t<\/figcaption><\/figure><figure class='gallery-item'>\n\t\t\t<div class='gallery-icon landscape'>\n\t\t\t\t<a href='https:\/\/coeser.de\/blog\/wp-content\/uploads\/2016\/11\/krakau-wawel-10-christian-oeser.jpg' title=\"Menschen genie\u00dfen vom Wawel-Burggel\u00e4nde aus den Sonnenuntergang\" data-rl_title=\"Menschen genie\u00dfen vom Wawel-Burggel\u00e4nde aus den Sonnenuntergang\" class=\"rl-gallery-link\" data-rl_caption=\"Aufnahmeort anzeigen\" data-rel=\"lightbox-gallery-4\"><img loading=\"lazy\" decoding=\"async\" width=\"150\" height=\"150\" src=\"https:\/\/coeser.de\/blog\/wp-content\/uploads\/2016\/11\/krakau-wawel-10-christian-oeser-150x150.jpg\" class=\"attachment-thumbnail size-thumbnail\" alt=\"Menschen genie\u00dfen vom Wawel-Burggel\u00e4nde aus den Sonnenuntergang\" aria-describedby=\"gallery-4-1732\" \/><\/a>\n\t\t\t<\/div>\n\t\t\t\t<figcaption class='wp-caption-text gallery-caption' id='gallery-4-1732'>\n\t\t\t\tMenschen genie\u00dfen vom Wawel-Burggel\u00e4nde aus den Sonnenuntergang \n\t\t\t\t<\/figcaption><\/figure><figure class='gallery-item'>\n\t\t\t<div class='gallery-icon landscape'>\n\t\t\t\t<a href='https:\/\/coeser.de\/blog\/wp-content\/uploads\/2016\/11\/krakau-wawel-11-christian-oeser.jpg' title=\"Im Inneren der Drachenh\u00f6hle\" data-rl_title=\"Im Inneren der Drachenh\u00f6hle\" class=\"rl-gallery-link\" data-rl_caption=\"Aufnahmeort anzeigen\" data-rel=\"lightbox-gallery-4\"><img loading=\"lazy\" decoding=\"async\" width=\"150\" height=\"150\" src=\"https:\/\/coeser.de\/blog\/wp-content\/uploads\/2016\/11\/krakau-wawel-11-christian-oeser-150x150.jpg\" class=\"attachment-thumbnail size-thumbnail\" alt=\"Im Inneren der Drachenh\u00f6hle\" aria-describedby=\"gallery-4-1733\" \/><\/a>\n\t\t\t<\/div>\n\t\t\t\t<figcaption class='wp-caption-text gallery-caption' id='gallery-4-1733'>\n\t\t\t\tIm Inneren der Drachenh\u00f6hle\n\t\t\t\t<\/figcaption><\/figure><figure class='gallery-item'>\n\t\t\t<div class='gallery-icon landscape'>\n\t\t\t\t<a href='https:\/\/coeser.de\/blog\/wp-content\/uploads\/2016\/11\/krakau-wawel-12-christian-oeser.jpg' title=\"Im Inneren der Drachenh\u00f6hle\" data-rl_title=\"Im Inneren der Drachenh\u00f6hle\" class=\"rl-gallery-link\" data-rl_caption=\"Aufnahmeort anzeigen\" data-rel=\"lightbox-gallery-4\"><img loading=\"lazy\" decoding=\"async\" width=\"150\" height=\"150\" src=\"https:\/\/coeser.de\/blog\/wp-content\/uploads\/2016\/11\/krakau-wawel-12-christian-oeser-150x150.jpg\" class=\"attachment-thumbnail size-thumbnail\" alt=\"Im Inneren der Drachenh\u00f6hle\" aria-describedby=\"gallery-4-1734\" \/><\/a>\n\t\t\t<\/div>\n\t\t\t\t<figcaption class='wp-caption-text gallery-caption' id='gallery-4-1734'>\n\t\t\t\tIm Inneren der Drachenh\u00f6hle\n\t\t\t\t<\/figcaption><\/figure><figure class='gallery-item'>\n\t\t\t<div class='gallery-icon portrait'>\n\t\t\t\t<a href='https:\/\/coeser.de\/blog\/wp-content\/uploads\/2016\/11\/krakau-wawel-13-christian-oeser.jpg' title=\"Ausgang der Drachenh\u00f6hle\" data-rl_title=\"Ausgang der Drachenh\u00f6hle\" class=\"rl-gallery-link\" data-rl_caption=\"Aufnahmeort anzeigen\" data-rel=\"lightbox-gallery-4\"><img loading=\"lazy\" decoding=\"async\" width=\"150\" height=\"150\" src=\"https:\/\/coeser.de\/blog\/wp-content\/uploads\/2016\/11\/krakau-wawel-13-christian-oeser-150x150.jpg\" class=\"attachment-thumbnail size-thumbnail\" alt=\"Ausgang der Drachenh\u00f6hle\" aria-describedby=\"gallery-4-1735\" \/><\/a>\n\t\t\t<\/div>\n\t\t\t\t<figcaption class='wp-caption-text gallery-caption' id='gallery-4-1735'>\n\t\t\t\tAusgang der Drachenh\u00f6hle\n\t\t\t\t<\/figcaption><\/figure><figure class='gallery-item'>\n\t\t\t<div class='gallery-icon landscape'>\n\t\t\t\t<a href='https:\/\/coeser.de\/blog\/wp-content\/uploads\/2016\/11\/krakau-wawel-14-christian-oeser.jpg' title=\"Die Statue des feuerspeienden Drachen vor dem Wawel\" data-rl_title=\"Die Statue des feuerspeienden Drachen vor dem Wawel\" class=\"rl-gallery-link\" data-rl_caption=\"Aufnahmeort anzeigen\" data-rel=\"lightbox-gallery-4\"><img loading=\"lazy\" decoding=\"async\" width=\"150\" height=\"150\" src=\"https:\/\/coeser.de\/blog\/wp-content\/uploads\/2016\/11\/krakau-wawel-14-christian-oeser-150x150.jpg\" class=\"attachment-thumbnail size-thumbnail\" alt=\"Die Statue des feuerspeienden Drachen vor dem Wawel\" aria-describedby=\"gallery-4-1736\" \/><\/a>\n\t\t\t<\/div>\n\t\t\t\t<figcaption class='wp-caption-text gallery-caption' id='gallery-4-1736'>\n\t\t\t\tDie Statue des feuerspeienden Drachen vor dem Wawel\n\t\t\t\t<\/figcaption><\/figure>\n\t\t<\/div>\n\n<\/div>\n<p>&nbsp;<\/p>\n<hr \/>\n<div class=\"tipps\">\n<h2>ESSEN UND TRINKEN IN KRAKAU<\/h2>\n<p>Die Kulinarik in Krakau verdient sich einen eigenen Punkt. Wen der kleine Hunger \u00fcberkommt, findet an vielen Ecken der Stadt mobile blaue Verkaufsst\u00e4nde f\u00fcr das Kringelgeb\u00e4ck <strong>Obwarzanek<\/strong> (Plural: <em>Obwarzanki<\/em>). Der runde Kringel ist eine typische Krakauer Spezialit\u00e4t und ein Symbol der Stadt.<\/p>\n<p>Die Kette <strong>Ch\u0142opskie Jad\u0142o<\/strong> (unter anderem an der Adresse <em>\u015bw. Agnieszki 1<\/em>) bietet herrlich authentische polnische K\u00fcche, ich hatte Brot mit Schmalz und Essiggurkerl als kostenlose Vorspeise, danach <em>Pierogi<\/em> (gef\u00fcllte Teigtaschen) und <em>Golabki<\/em> (Krautrouladen). Dazu ein helles <em>Tyskie<\/em> und das Weizenbier <em>Ksi\u0105\u017c\u0119ce Z\u0142ote Pszeniczne<\/em>. Ein Verdauungswodka geh\u00f6rt nat\u00fcrlich in Polen ebenfalls dazu.<\/p>\n<p>Wer nach Polen kommt, muss unbedingt zumindest einmal in eine <strong>Milchbar<\/strong> (<strong>Bar mleczny<\/strong>, z.B. &#8222;<em>Pod Temid\u0105<\/em>&#8220; an der Adresse <em>Grodzka 43<\/em>) essen gehen. Es handelt sich dabei um aus der Zeit des Sozialismus stammende, kleine Selbstbedienungsrestaurants, die polnische Hausmannskost zu unschlagbaren Preisen ausgeben. Das Motto damals wie heute: jeder soll sich pro Tag eine ordentliche warme Mahlzeit leisten k\u00f6nnen, der Staat subventioniert deshalb die Milchbars. Ich probierte den Sauerkrauteintopf <em>Bigos<\/em>, eine wunderbare Erfahrung.<\/p>\n<p>Das j\u00fcdische Viertel Kazimierz hat sich in den letzten Jahren zu einem Touristenmagnet entwickelt und punktet abends durch eine Vielzahl an netten Lokalen und Bars. Eine davon habe ich auf dem Neuen Platz (<em>plac Nowy 6<\/em>) probiert. In der Bar <strong>Pijalnia w\u00f3dki i piwa<\/strong> wird Bier und Wodka um sagenhafte Preise f\u00fcr einen westeurop\u00e4ischen Touristen ausgeschenkt. \ud83d\ude09<\/p>\n<p>Um nach oder vor dem Trinken eine deftige Unterlage aufzubauen, geht man am besten ein <strong>Zapiekanki<\/strong> essen, zum Beispiel bei &#8222;<em>Endzior<\/em>&#8220; (<em>Plac Nowy 4<\/em>). Hier hatte ich ein \u00fcberbackenes Baguette mit pikanter Wurst, K\u00e4se, Champignons, Tomaten und Zwiebeln.<\/p>\n<p>Ebenfalls auf dem Plac Nowy steht ein Marktstand, der am Abend zu einem <strong>W\u00fcrstelstand<\/strong> umfunktioniert wird. Probiert mal eine Krakauer Grillwurst mit Senf und Brot (<em>Kie\u0142basa z grilla z musztard\u0105 i chlebem<\/em>), gro\u00dfartig!<\/p>\n<p>Wer Pralinen liebt, stattet am besten der zentral gelegenen <strong>Confiserie Karmello<\/strong> (<strong>Czekoladki Karmello<\/strong>, <em>plac Wszystkich \u015awi\u0119tych 11<\/em>) einen Besuch ab. Es werden exzellente Pralinen und Tr\u00fcffel angeboten, was sich vielleicht auch als Mitbringsel eignet.<\/p>\n<div id='gallery-5' class='gallery galleryid-1261 gallery-columns-7 gallery-size-thumbnail'><figure class='gallery-item'>\n\t\t\t<div class='gallery-icon landscape'>\n\t\t\t\t<a href='https:\/\/coeser.de\/blog\/wp-content\/uploads\/2016\/11\/krakau-essen-trinken-01-christian-oeser.jpg' title=\"Einer der zahlreichen mobilen blauen Verkaufsst\u00e4nde f\u00fcr das Kringelgeb\u00e4ck Obwarzanek\" data-rl_title=\"Einer der zahlreichen mobilen blauen Verkaufsst\u00e4nde f\u00fcr das Kringelgeb\u00e4ck Obwarzanek\" class=\"rl-gallery-link\" data-rl_caption=\"Aufnahmeort anzeigen\" data-rel=\"lightbox-gallery-5\"><img loading=\"lazy\" decoding=\"async\" width=\"150\" height=\"150\" src=\"https:\/\/coeser.de\/blog\/wp-content\/uploads\/2016\/11\/krakau-essen-trinken-01-christian-oeser-150x150.jpg\" class=\"attachment-thumbnail size-thumbnail\" alt=\"Einer der zahlreichen mobilen blauen Verkaufsst\u00e4nde f\u00fcr das Kringelgeb\u00e4ck Obwarzanek\" aria-describedby=\"gallery-5-1779\" \/><\/a>\n\t\t\t<\/div>\n\t\t\t\t<figcaption class='wp-caption-text gallery-caption' id='gallery-5-1779'>\n\t\t\t\tEiner der zahlreichen mobilen blauen Verkaufsst\u00e4nde f\u00fcr das Kringelgeb\u00e4ck Obwarzanek\n\t\t\t\t<\/figcaption><\/figure><figure class='gallery-item'>\n\t\t\t<div class='gallery-icon landscape'>\n\t\t\t\t<a href='https:\/\/coeser.de\/blog\/wp-content\/uploads\/2016\/11\/krakau-essen-trinken-02-christian-oeser.jpg' title=\"Detailansicht des Kringelgeb\u00e4cks Obwarzanek\" data-rl_title=\"Detailansicht des Kringelgeb\u00e4cks Obwarzanek\" class=\"rl-gallery-link\" data-rl_caption=\"Aufnahmeort anzeigen\" data-rel=\"lightbox-gallery-5\"><img loading=\"lazy\" decoding=\"async\" width=\"150\" height=\"150\" src=\"https:\/\/coeser.de\/blog\/wp-content\/uploads\/2016\/11\/krakau-essen-trinken-02-christian-oeser-150x150.jpg\" class=\"attachment-thumbnail size-thumbnail\" alt=\"Detailansicht des Kringelgeb\u00e4cks Obwarzanek\" aria-describedby=\"gallery-5-1780\" \/><\/a>\n\t\t\t<\/div>\n\t\t\t\t<figcaption class='wp-caption-text gallery-caption' id='gallery-5-1780'>\n\t\t\t\tDetailansicht des Kringelgeb\u00e4cks Obwarzanek\n\t\t\t\t<\/figcaption><\/figure><figure class='gallery-item'>\n\t\t\t<div class='gallery-icon landscape'>\n\t\t\t\t<a href='https:\/\/coeser.de\/blog\/wp-content\/uploads\/2016\/11\/krakau-essen-trinken-03-christian-oeser.jpg' title=\"Innenansicht des Restaurants Ch\u0142opskie Jad\u0142o an der Adresse \u015bw. Agnieszki 1\" data-rl_title=\"Innenansicht des Restaurants Ch\u0142opskie Jad\u0142o an der Adresse \u015bw. Agnieszki 1\" class=\"rl-gallery-link\" data-rl_caption=\"Aufnahmeort anzeigen\" data-rel=\"lightbox-gallery-5\"><img loading=\"lazy\" decoding=\"async\" width=\"150\" height=\"150\" src=\"https:\/\/coeser.de\/blog\/wp-content\/uploads\/2016\/11\/krakau-essen-trinken-03-christian-oeser-150x150.jpg\" class=\"attachment-thumbnail size-thumbnail\" alt=\"Innenansicht des Restaurants Ch\u0142opskie Jad\u0142o an der Adresse \u015bw. Agnieszki 1\" aria-describedby=\"gallery-5-1781\" \/><\/a>\n\t\t\t<\/div>\n\t\t\t\t<figcaption class='wp-caption-text gallery-caption' id='gallery-5-1781'>\n\t\t\t\tInnenansicht des Restaurants Ch\u0142opskie Jad\u0142o an der Adresse \u015bw. Agnieszki 1\n\t\t\t\t<\/figcaption><\/figure><figure class='gallery-item'>\n\t\t\t<div class='gallery-icon landscape'>\n\t\t\t\t<a href='https:\/\/coeser.de\/blog\/wp-content\/uploads\/2016\/11\/krakau-essen-trinken-04-christian-oeser.jpg' title=\"Brot mit Schmalz und Essiggurkerl im Restaurant Ch\u0142opskie Jad\u0142o\" data-rl_title=\"Brot mit Schmalz und Essiggurkerl im Restaurant Ch\u0142opskie Jad\u0142o\" class=\"rl-gallery-link\" data-rl_caption=\"Aufnahmeort anzeigen\" data-rel=\"lightbox-gallery-5\"><img loading=\"lazy\" decoding=\"async\" width=\"150\" height=\"150\" src=\"https:\/\/coeser.de\/blog\/wp-content\/uploads\/2016\/11\/krakau-essen-trinken-04-christian-oeser-150x150.jpg\" class=\"attachment-thumbnail size-thumbnail\" alt=\"Brot mit Schmalz und Essiggurkerl im Restaurant Ch\u0142opskie Jad\u0142o\" aria-describedby=\"gallery-5-1782\" \/><\/a>\n\t\t\t<\/div>\n\t\t\t\t<figcaption class='wp-caption-text gallery-caption' id='gallery-5-1782'>\n\t\t\t\tBrot mit Schmalz und Essiggurkerl im Restaurant Ch\u0142opskie Jad\u0142o\n\t\t\t\t<\/figcaption><\/figure><figure class='gallery-item'>\n\t\t\t<div class='gallery-icon landscape'>\n\t\t\t\t<a href='https:\/\/coeser.de\/blog\/wp-content\/uploads\/2016\/11\/krakau-essen-trinken-05-christian-oeser.jpg' title=\"Pierogi im Restaurant Ch\u0142opskie Jad\u0142o\" data-rl_title=\"Pierogi im Restaurant Ch\u0142opskie Jad\u0142o\" class=\"rl-gallery-link\" data-rl_caption=\"Aufnahmeort anzeigen\" data-rel=\"lightbox-gallery-5\"><img loading=\"lazy\" decoding=\"async\" width=\"150\" height=\"150\" src=\"https:\/\/coeser.de\/blog\/wp-content\/uploads\/2016\/11\/krakau-essen-trinken-05-christian-oeser-150x150.jpg\" class=\"attachment-thumbnail size-thumbnail\" alt=\"Pierogi im Restaurant Ch\u0142opskie Jad\u0142o\" aria-describedby=\"gallery-5-1783\" \/><\/a>\n\t\t\t<\/div>\n\t\t\t\t<figcaption class='wp-caption-text gallery-caption' id='gallery-5-1783'>\n\t\t\t\tPierogi im Restaurant Ch\u0142opskie Jad\u0142o\n\t\t\t\t<\/figcaption><\/figure><figure class='gallery-item'>\n\t\t\t<div class='gallery-icon landscape'>\n\t\t\t\t<a href='https:\/\/coeser.de\/blog\/wp-content\/uploads\/2016\/11\/krakau-essen-trinken-06-christian-oeser.jpg' title=\"Golabki im Restaurant Ch\u0142opskie Jad\u0142o\" data-rl_title=\"Golabki im Restaurant Ch\u0142opskie Jad\u0142o\" class=\"rl-gallery-link\" data-rl_caption=\"Aufnahmeort anzeigen\" data-rel=\"lightbox-gallery-5\"><img loading=\"lazy\" decoding=\"async\" width=\"150\" height=\"150\" src=\"https:\/\/coeser.de\/blog\/wp-content\/uploads\/2016\/11\/krakau-essen-trinken-06-christian-oeser-150x150.jpg\" class=\"attachment-thumbnail size-thumbnail\" alt=\"Golabki im Restaurant Ch\u0142opskie Jad\u0142o\" aria-describedby=\"gallery-5-1784\" \/><\/a>\n\t\t\t<\/div>\n\t\t\t\t<figcaption class='wp-caption-text gallery-caption' id='gallery-5-1784'>\n\t\t\t\tGolabki im Restaurant Ch\u0142opskie Jad\u0142o\n\t\t\t\t<\/figcaption><\/figure><figure class='gallery-item'>\n\t\t\t<div class='gallery-icon landscape'>\n\t\t\t\t<a href='https:\/\/coeser.de\/blog\/wp-content\/uploads\/2016\/11\/krakau-essen-trinken-09-christian-oeser.jpg' title=\"Eingang der Milchbar (Bar mleczny) \u201ePod Temid\u0105\u201c an der Adresse Grodzka 43\" data-rl_title=\"Eingang der Milchbar (Bar mleczny) \u201ePod Temid\u0105\u201c an der Adresse Grodzka 43\" class=\"rl-gallery-link\" data-rl_caption=\"Aufnahmeort anzeigen\" data-rel=\"lightbox-gallery-5\"><img loading=\"lazy\" decoding=\"async\" width=\"150\" height=\"150\" src=\"https:\/\/coeser.de\/blog\/wp-content\/uploads\/2016\/11\/krakau-essen-trinken-09-christian-oeser-150x150.jpg\" class=\"attachment-thumbnail size-thumbnail\" alt=\"Eingang der Milchbar (Bar mleczny) \u201ePod Temid\u0105\u201c an der Adresse Grodzka 43\" aria-describedby=\"gallery-5-1787\" \/><\/a>\n\t\t\t<\/div>\n\t\t\t\t<figcaption class='wp-caption-text gallery-caption' id='gallery-5-1787'>\n\t\t\t\tEingang der Milchbar (Bar mleczny) \u201ePod Temid\u0105\u201c an der Adresse Grodzka 43\n\t\t\t\t<\/figcaption><\/figure><figure class='gallery-item'>\n\t\t\t<div class='gallery-icon landscape'>\n\t\t\t\t<a href='https:\/\/coeser.de\/blog\/wp-content\/uploads\/2016\/11\/krakau-essen-trinken-08-christian-oeser.jpg' title=\"Speisekarte in der Milchbar (Bar mleczny) \u201ePod Temid\u0105\u201c an der Adresse Grodzka 43\" data-rl_title=\"Speisekarte in der Milchbar (Bar mleczny) \u201ePod Temid\u0105\u201c an der Adresse Grodzka 43\" class=\"rl-gallery-link\" data-rl_caption=\"Aufnahmeort anzeigen\" data-rel=\"lightbox-gallery-5\"><img loading=\"lazy\" decoding=\"async\" width=\"150\" height=\"150\" src=\"https:\/\/coeser.de\/blog\/wp-content\/uploads\/2016\/11\/krakau-essen-trinken-08-christian-oeser-150x150.jpg\" class=\"attachment-thumbnail size-thumbnail\" alt=\"Speisekarte in der Milchbar (Bar mleczny) \u201ePod Temid\u0105\u201c an der Adresse Grodzka 43\" aria-describedby=\"gallery-5-1786\" \/><\/a>\n\t\t\t<\/div>\n\t\t\t\t<figcaption class='wp-caption-text gallery-caption' id='gallery-5-1786'>\n\t\t\t\tSpeisekarte in der Milchbar (Bar mleczny) \u201ePod Temid\u0105\u201c an der Adresse Grodzka 43\n\t\t\t\t<\/figcaption><\/figure><figure class='gallery-item'>\n\t\t\t<div class='gallery-icon landscape'>\n\t\t\t\t<a href='https:\/\/coeser.de\/blog\/wp-content\/uploads\/2016\/11\/krakau-essen-trinken-07-christian-oeser.jpg' title=\"Der Sauerkrauteintopf Bigos in der Speisekarte in der Milchbar (Bar mleczny) \u201ePod Temid\u0105\u201c\" data-rl_title=\"Der Sauerkrauteintopf Bigos in der Speisekarte in der Milchbar (Bar mleczny) \u201ePod Temid\u0105\u201c\" class=\"rl-gallery-link\" data-rl_caption=\"Aufnahmeort anzeigen\" data-rel=\"lightbox-gallery-5\"><img loading=\"lazy\" decoding=\"async\" width=\"150\" height=\"150\" src=\"https:\/\/coeser.de\/blog\/wp-content\/uploads\/2016\/11\/krakau-essen-trinken-07-christian-oeser-150x150.jpg\" class=\"attachment-thumbnail size-thumbnail\" alt=\"Der Sauerkrauteintopf Bigos in der Speisekarte in der Milchbar (Bar mleczny) \u201ePod Temid\u0105\u201c\" aria-describedby=\"gallery-5-1785\" \/><\/a>\n\t\t\t<\/div>\n\t\t\t\t<figcaption class='wp-caption-text gallery-caption' id='gallery-5-1785'>\n\t\t\t\tDer Sauerkrauteintopf Bigos in der Speisekarte in der Milchbar (Bar mleczny) \u201ePod Temid\u0105\u201c\n\t\t\t\t<\/figcaption><\/figure><figure class='gallery-item'>\n\t\t\t<div class='gallery-icon landscape'>\n\t\t\t\t<a href='https:\/\/coeser.de\/blog\/wp-content\/uploads\/2016\/11\/krakau-essen-trinken-10-christian-oeser.jpg' title=\"Zwei belegte Baguettes Zapiekanki beim Stand von Endzior auf dem Plac Nowy 4\" data-rl_title=\"Zwei belegte Baguettes Zapiekanki beim Stand von Endzior auf dem Plac Nowy 4\" class=\"rl-gallery-link\" data-rl_caption=\"Aufnahmeort anzeigen\" data-rel=\"lightbox-gallery-5\"><img loading=\"lazy\" decoding=\"async\" width=\"150\" height=\"150\" src=\"https:\/\/coeser.de\/blog\/wp-content\/uploads\/2016\/11\/krakau-essen-trinken-10-christian-oeser-150x150.jpg\" class=\"attachment-thumbnail size-thumbnail\" alt=\"Zwei belegte Baguettes Zapiekanki beim Stand von Endzior auf dem Plac Nowy 4\" aria-describedby=\"gallery-5-1788\" \/><\/a>\n\t\t\t<\/div>\n\t\t\t\t<figcaption class='wp-caption-text gallery-caption' id='gallery-5-1788'>\n\t\t\t\tZwei belegte Baguettes Zapiekanki beim Stand von Endzior auf dem Plac Nowy 4\n\t\t\t\t<\/figcaption><\/figure><figure class='gallery-item'>\n\t\t\t<div class='gallery-icon landscape'>\n\t\t\t\t<a href='https:\/\/coeser.de\/blog\/wp-content\/uploads\/2016\/11\/krakau-essen-trinken-13-christian-oeser.jpg' title=\"Polnische Grillw\u00fcrste an einem Stand auf dem Plac Nowy 4\" data-rl_title=\"Polnische Grillw\u00fcrste an einem Stand auf dem Plac Nowy 4\" class=\"rl-gallery-link\" data-rl_caption=\"Aufnahmeort anzeigen\" data-rel=\"lightbox-gallery-5\"><img loading=\"lazy\" decoding=\"async\" width=\"150\" height=\"150\" src=\"https:\/\/coeser.de\/blog\/wp-content\/uploads\/2016\/11\/krakau-essen-trinken-13-christian-oeser-150x150.jpg\" class=\"attachment-thumbnail size-thumbnail\" alt=\"Polnische Grillw\u00fcrste an einem Stand auf dem Plac Nowy 4\" aria-describedby=\"gallery-5-1791\" \/><\/a>\n\t\t\t<\/div>\n\t\t\t\t<figcaption class='wp-caption-text gallery-caption' id='gallery-5-1791'>\n\t\t\t\tPolnische Grillw\u00fcrste an einem Stand auf dem Plac Nowy 4\n\t\t\t\t<\/figcaption><\/figure><figure class='gallery-item'>\n\t\t\t<div class='gallery-icon landscape'>\n\t\t\t\t<a href='https:\/\/coeser.de\/blog\/wp-content\/uploads\/2016\/11\/krakau-essen-trinken-12-christian-oeser.jpg' title=\"Innenansicht der Bar Pijalnia w\u00f3dki i piwa auf dem plac Nowy 6\" data-rl_title=\"Innenansicht der Bar Pijalnia w\u00f3dki i piwa auf dem plac Nowy 6\" class=\"rl-gallery-link\" data-rl_caption=\"Aufnahmeort anzeigen\" data-rel=\"lightbox-gallery-5\"><img loading=\"lazy\" decoding=\"async\" width=\"150\" height=\"150\" src=\"https:\/\/coeser.de\/blog\/wp-content\/uploads\/2016\/11\/krakau-essen-trinken-12-christian-oeser-150x150.jpg\" class=\"attachment-thumbnail size-thumbnail\" alt=\"Innenansicht der Bar Pijalnia w\u00f3dki i piwa auf dem plac Nowy 6\" aria-describedby=\"gallery-5-1790\" \/><\/a>\n\t\t\t<\/div>\n\t\t\t\t<figcaption class='wp-caption-text gallery-caption' id='gallery-5-1790'>\n\t\t\t\tInnenansicht der Bar Pijalnia w\u00f3dki i piwa auf dem plac Nowy 6\n\t\t\t\t<\/figcaption><\/figure><figure class='gallery-item'>\n\t\t\t<div class='gallery-icon landscape'>\n\t\t\t\t<a href='https:\/\/coeser.de\/blog\/wp-content\/uploads\/2016\/11\/krakau-essen-trinken-11-christian-oeser.jpg' title=\"Unschlagbar billiges Bier und Wodka gibt es in der Bar Pijalnia w\u00f3dki i piwa auf dem plac Nowy 6\" data-rl_title=\"Unschlagbar billiges Bier und Wodka gibt es in der Bar Pijalnia w\u00f3dki i piwa auf dem plac Nowy 6\" class=\"rl-gallery-link\" data-rl_caption=\"Aufnahmeort anzeigen\" data-rel=\"lightbox-gallery-5\"><img loading=\"lazy\" decoding=\"async\" width=\"150\" height=\"150\" src=\"https:\/\/coeser.de\/blog\/wp-content\/uploads\/2016\/11\/krakau-essen-trinken-11-christian-oeser-150x150.jpg\" class=\"attachment-thumbnail size-thumbnail\" alt=\"Unschlagbar billiges Bier und Wodka gibt es in der Bar Pijalnia w\u00f3dki i piwa auf dem plac Nowy 6\" aria-describedby=\"gallery-5-1789\" \/><\/a>\n\t\t\t<\/div>\n\t\t\t\t<figcaption class='wp-caption-text gallery-caption' id='gallery-5-1789'>\n\t\t\t\tUnschlagbar billiges Bier und Wodka gibt es in der Bar Pijalnia w\u00f3dki i piwa auf dem plac Nowy 6\n\t\t\t\t<\/figcaption><\/figure><figure class='gallery-item'>\n\t\t\t<div class='gallery-icon landscape'>\n\t\t\t\t<a href='https:\/\/coeser.de\/blog\/wp-content\/uploads\/2016\/11\/krakau-essen-trinken-14-christian-oeser.jpg' title=\"Innenansicht der Confiserie Karmello auf dem plac Wszystkich \u015awi\u0119tych 11\" data-rl_title=\"Innenansicht der Confiserie Karmello auf dem plac Wszystkich \u015awi\u0119tych 11\" class=\"rl-gallery-link\" data-rl_caption=\"Aufnahmeort anzeigen\" data-rel=\"lightbox-gallery-5\"><img loading=\"lazy\" decoding=\"async\" width=\"150\" height=\"150\" src=\"https:\/\/coeser.de\/blog\/wp-content\/uploads\/2016\/11\/krakau-essen-trinken-14-christian-oeser-150x150.jpg\" class=\"attachment-thumbnail size-thumbnail\" alt=\"Innenansicht der Confiserie Karmello auf dem plac Wszystkich \u015awi\u0119tych 11\" aria-describedby=\"gallery-5-1792\" \/><\/a>\n\t\t\t<\/div>\n\t\t\t\t<figcaption class='wp-caption-text gallery-caption' id='gallery-5-1792'>\n\t\t\t\tInnenansicht der Confiserie Karmello auf dem plac Wszystkich \u015awi\u0119tych 11\n\t\t\t\t<\/figcaption><\/figure>\n\t\t<\/div>\n\n<\/div>\n<p>&nbsp;<\/p>\n<hr \/>\n<h2><img loading=\"lazy\" decoding=\"async\" class=\"alignnone size-full wp-image-1690\" src=\"https:\/\/coeser.de\/blog\/wp-content\/uploads\/2016\/11\/krakau-aufmacher4-christian-oeser.jpg\" alt=\"Das Restaurant Ariel im j\u00fcdischen Viertel Kazimierz in Krakau\" width=\"978\" height=\"326\" srcset=\"https:\/\/coeser.de\/blog\/wp-content\/uploads\/2016\/11\/krakau-aufmacher4-christian-oeser.jpg 978w, https:\/\/coeser.de\/blog\/wp-content\/uploads\/2016\/11\/krakau-aufmacher4-christian-oeser-300x100.jpg 300w, https:\/\/coeser.de\/blog\/wp-content\/uploads\/2016\/11\/krakau-aufmacher4-christian-oeser-768x256.jpg 768w\" sizes=\"auto, (max-width: 978px) 100vw, 978px\" \/><\/h2>\n<h2>Das j\u00fcdische Krakau<\/h2>\n<p>Mit einem St\u00e4dtetrip nach Krakau verbinden die meisten Menschen wohl auch eine Besichtigung des rund 50 Kilometer entfernten Konzentrationslagers Auschwitz-Birkenau. Nachdem man dort jedoch einen ganzen Tag einplanen sollte, habe ich mich aus Zeitgr\u00fcnden dagegen entschieden und auf eine sp\u00e4tere Reise verschoben. Falls ihr auf jeden Fall einen Ausflug eingeplant habt, dann k\u00f6nnt ihr ausgehend von Krakau eine <a href=\"https:\/\/www.getyourguide.de\/krakau-l40\/auschwitz-birkenau-ganztagige-gefuhrte-tour-ab-krakau-t54910\/?partner_id=04M0MCT&amp;utm_medium=online_publisher\" target=\"_blank\" rel=\"noopener noreferrer\"><strong>Tagestour nach Auschwitz-Birkenau mit Transfer und F\u00fchrung<\/strong><\/a>* buchen.<\/p>\n<h3>Der Stadtteil Kaszimierz<\/h3>\n<p>Stattdessen habe ich mir den j\u00fcdischen Krakauer <strong>Stadtteil Kazimierz<\/strong> n\u00e4her angeschaut. Nachdem er nicht sonderlich gro\u00df ist, kann man ruhig einfach ohne Plan umherschlendern und kommt fast automatisch an den wichtigsten Punkten vorbei. Es gibt mehrere Synagogen zu sehen, darunter die <strong>Tempel-Synagoge (Synagoga Tempel)<\/strong> und mit der <strong>Alten Synagoge (Stara Synagoga)<\/strong> die \u00e4lteste erhaltene in Polen. Neben der <strong>Remuh-Synagoge (Synagoga Remuh)<\/strong> kann der \u00e4lteste j\u00fcdische Friedhof Krakaus durchquert werden. Sehenswert ist aber auch die christliche <strong>Pfarrkirche Corpus Christi (Ko\u015bci\u00f3\u0142 Bo\u017cego Cia\u0142a)<\/strong>.<\/p>\n<h3>Ein Platz f\u00fcr Nachtschw\u00e4rmer<\/h3>\n<p>Nicht verpassen darf man als Besucher \u00fcbrigens den <strong>Neuen Platz (Plac Nowy)<\/strong>, der in Reisef\u00fchrern vor allem Nachtschw\u00e4rmern ans Herz gelegt wird. Es gibt hier neben Marktst\u00e4nden unter anderem den herrlich schmackhaften Snack <em>Zapiekanki<\/em> zu probieren &#8211; ein mit allerhand verschiedener Belege \u00fcberbackenes Baguette. \u00dcber den Steg <em>K\u0142adka Ojca Bernatka<\/em> gelangt man \u00fcber die Weichsel in den Krakauer <strong>Stadtteil Podg\u00f3rze<\/strong>. Dort befinden sich zwei wichtige Erinnerungsst\u00e4tten an die Judenverfolgung: der <strong>Platz der Ghettohelden (Plac Bohater\u00f3w Getta)<\/strong> mit seinen symbolischen leeren St\u00fchlen und die <strong>Fabrik Oskar Schindlers (Fabryka Emalia Oskara Schindlera)<\/strong>. Ein Besuch der in ein Museum umgewandelten Fabrik ist Pflicht und beleuchtet die tragische Zeit der Krakauer j\u00fcdischen Bev\u00f6lkerung im Zweiten Weltkrieg.<\/p>\n<div class=\"fotospots\">\n<h3>Fotospots<\/h3>\n<div id='gallery-6' class='gallery galleryid-1261 gallery-columns-7 gallery-size-thumbnail'><figure class='gallery-item'>\n\t\t\t<div class='gallery-icon landscape'>\n\t\t\t\t<a href='https:\/\/coeser.de\/blog\/wp-content\/uploads\/2016\/11\/krakau-kazimierz-podgorze02-christian-oeser.jpg' title=\"Vergittertes Metallfenster am \u00e4ltesten j\u00fcdischen Friedhof Krakaus\" data-rl_title=\"Vergittertes Metallfenster am \u00e4ltesten j\u00fcdischen Friedhof Krakaus\" class=\"rl-gallery-link\" data-rl_caption=\"Aufnahmeort anzeigen\" data-rel=\"lightbox-gallery-6\"><img loading=\"lazy\" decoding=\"async\" width=\"150\" height=\"150\" src=\"https:\/\/coeser.de\/blog\/wp-content\/uploads\/2016\/11\/krakau-kazimierz-podgorze02-christian-oeser-150x150.jpg\" class=\"attachment-thumbnail size-thumbnail\" alt=\"Vergittertes Metallfenster am \u00e4ltesten j\u00fcdischen Friedhof Krakaus\" aria-describedby=\"gallery-6-1738\" \/><\/a>\n\t\t\t<\/div>\n\t\t\t\t<figcaption class='wp-caption-text gallery-caption' id='gallery-6-1738'>\n\t\t\t\tVergittertes Metallfenster am \u00e4ltesten j\u00fcdischen Friedhof Krakaus\n\t\t\t\t<\/figcaption><\/figure><figure class='gallery-item'>\n\t\t\t<div class='gallery-icon landscape'>\n\t\t\t\t<a href='https:\/\/coeser.de\/blog\/wp-content\/uploads\/2016\/11\/krakau-kazimierz-podgorze03-christian-oeser.jpg' title=\"Der \u00e4lteste j\u00fcdische Friedhof Krakaus neben der Remuh-Synagoge\" data-rl_title=\"Der \u00e4lteste j\u00fcdische Friedhof Krakaus neben der Remuh-Synagoge\" class=\"rl-gallery-link\" data-rl_caption=\"Aufnahmeort anzeigen\" data-rel=\"lightbox-gallery-6\"><img loading=\"lazy\" decoding=\"async\" width=\"150\" height=\"150\" src=\"https:\/\/coeser.de\/blog\/wp-content\/uploads\/2016\/11\/krakau-kazimierz-podgorze03-christian-oeser-150x150.jpg\" class=\"attachment-thumbnail size-thumbnail\" alt=\"Der \u00e4lteste j\u00fcdische Friedhof Krakaus neben der Remuh-Synagoge\" aria-describedby=\"gallery-6-1739\" \/><\/a>\n\t\t\t<\/div>\n\t\t\t\t<figcaption class='wp-caption-text gallery-caption' id='gallery-6-1739'>\n\t\t\t\tDer \u00e4lteste j\u00fcdische Friedhof Krakaus neben der Remuh-Synagoge\n\t\t\t\t<\/figcaption><\/figure><figure class='gallery-item'>\n\t\t\t<div class='gallery-icon landscape'>\n\t\t\t\t<a href='https:\/\/coeser.de\/blog\/wp-content\/uploads\/2016\/11\/krakau-kazimierz-podgorze01-christian-oeser.jpg' title=\"Au\u00dfenansicht der Tempel-Synagoge\" data-rl_title=\"Au\u00dfenansicht der Tempel-Synagoge\" class=\"rl-gallery-link\" data-rl_caption=\"Aufnahmeort anzeigen\" data-rel=\"lightbox-gallery-6\"><img loading=\"lazy\" decoding=\"async\" width=\"150\" height=\"150\" src=\"https:\/\/coeser.de\/blog\/wp-content\/uploads\/2016\/11\/krakau-kazimierz-podgorze01-christian-oeser-150x150.jpg\" class=\"attachment-thumbnail size-thumbnail\" alt=\"Au\u00dfenansicht der Tempel-Synagoge\" aria-describedby=\"gallery-6-1737\" \/><\/a>\n\t\t\t<\/div>\n\t\t\t\t<figcaption class='wp-caption-text gallery-caption' id='gallery-6-1737'>\n\t\t\t\tAu\u00dfenansicht der Tempel-Synagoge\n\t\t\t\t<\/figcaption><\/figure><figure class='gallery-item'>\n\t\t\t<div class='gallery-icon landscape'>\n\t\t\t\t<a href='https:\/\/coeser.de\/blog\/wp-content\/uploads\/2016\/11\/krakau-kazimierz-podgorze04-christian-oeser.jpg' title=\"Historisches j\u00fcdisches Haus im Stadtteil Kazimierz\" data-rl_title=\"Historisches j\u00fcdisches Haus im Stadtteil Kazimierz\" class=\"rl-gallery-link\" data-rl_caption=\"Aufnahmeort anzeigen\" data-rel=\"lightbox-gallery-6\"><img loading=\"lazy\" decoding=\"async\" width=\"150\" height=\"150\" src=\"https:\/\/coeser.de\/blog\/wp-content\/uploads\/2016\/11\/krakau-kazimierz-podgorze04-christian-oeser-150x150.jpg\" class=\"attachment-thumbnail size-thumbnail\" alt=\"Historisches j\u00fcdisches Haus im Stadtteil Kazimierz\" aria-describedby=\"gallery-6-1740\" \/><\/a>\n\t\t\t<\/div>\n\t\t\t\t<figcaption class='wp-caption-text gallery-caption' id='gallery-6-1740'>\n\t\t\t\tHistorisches j\u00fcdisches Haus im Stadtteil Kazimierz\n\t\t\t\t<\/figcaption><\/figure><figure class='gallery-item'>\n\t\t\t<div class='gallery-icon landscape'>\n\t\t\t\t<a href='https:\/\/coeser.de\/blog\/wp-content\/uploads\/2016\/11\/krakau-kazimierz-podgorze05-christian-oeser.jpg' title=\"Blick auf die Alte Synagoge, die \u00e4lteste erhaltene in Polen\" data-rl_title=\"Blick auf die Alte Synagoge, die \u00e4lteste erhaltene in Polen\" class=\"rl-gallery-link\" data-rl_caption=\"Aufnahmeort anzeigen\" data-rel=\"lightbox-gallery-6\"><img loading=\"lazy\" decoding=\"async\" width=\"150\" height=\"150\" src=\"https:\/\/coeser.de\/blog\/wp-content\/uploads\/2016\/11\/krakau-kazimierz-podgorze05-christian-oeser-150x150.jpg\" class=\"attachment-thumbnail size-thumbnail\" alt=\"Blick auf die Alte Synagoge, die \u00e4lteste erhaltene in Polen\" aria-describedby=\"gallery-6-1741\" \/><\/a>\n\t\t\t<\/div>\n\t\t\t\t<figcaption class='wp-caption-text gallery-caption' id='gallery-6-1741'>\n\t\t\t\tBlick auf die Alte Synagoge, die \u00e4lteste erhaltene in Polen\n\t\t\t\t<\/figcaption><\/figure><figure class='gallery-item'>\n\t\t\t<div class='gallery-icon landscape'>\n\t\t\t\t<a href='https:\/\/coeser.de\/blog\/wp-content\/uploads\/2016\/11\/krakau-kazimierz-podgorze09-christian-oeser.jpg' title=\"Innenansicht der Alten Synagoge, die \u00e4lteste erhaltene in Polen\" data-rl_title=\"Innenansicht der Alten Synagoge, die \u00e4lteste erhaltene in Polen\" class=\"rl-gallery-link\" data-rl_caption=\"Aufnahmeort anzeigen\" data-rel=\"lightbox-gallery-6\"><img loading=\"lazy\" decoding=\"async\" width=\"150\" height=\"150\" src=\"https:\/\/coeser.de\/blog\/wp-content\/uploads\/2016\/11\/krakau-kazimierz-podgorze09-christian-oeser-150x150.jpg\" class=\"attachment-thumbnail size-thumbnail\" alt=\"Innenansicht der Alten Synagoge, die \u00e4lteste erhaltene in Polen\" aria-describedby=\"gallery-6-1745\" \/><\/a>\n\t\t\t<\/div>\n\t\t\t\t<figcaption class='wp-caption-text gallery-caption' id='gallery-6-1745'>\n\t\t\t\tInnenansicht der Alten Synagoge, die \u00e4lteste erhaltene in Polen\n\t\t\t\t<\/figcaption><\/figure><figure class='gallery-item'>\n\t\t\t<div class='gallery-icon landscape'>\n\t\t\t\t<a href='https:\/\/coeser.de\/blog\/wp-content\/uploads\/2016\/11\/krakau-kazimierz-podgorze06-christian-oeser.jpg' title=\"Das j\u00fcdische Restaurant Ariel\" data-rl_title=\"Das j\u00fcdische Restaurant Ariel\" class=\"rl-gallery-link\" data-rl_caption=\"Aufnahmeort anzeigen\" data-rel=\"lightbox-gallery-6\"><img loading=\"lazy\" decoding=\"async\" width=\"150\" height=\"150\" src=\"https:\/\/coeser.de\/blog\/wp-content\/uploads\/2016\/11\/krakau-kazimierz-podgorze06-christian-oeser-150x150.jpg\" class=\"attachment-thumbnail size-thumbnail\" alt=\"Das j\u00fcdische Restaurant Ariel\" aria-describedby=\"gallery-6-1742\" \/><\/a>\n\t\t\t<\/div>\n\t\t\t\t<figcaption class='wp-caption-text gallery-caption' id='gallery-6-1742'>\n\t\t\t\tDas j\u00fcdische Restaurant Ariel\n\t\t\t\t<\/figcaption><\/figure><figure class='gallery-item'>\n\t\t\t<div class='gallery-icon landscape'>\n\t\t\t\t<a href='https:\/\/coeser.de\/blog\/wp-content\/uploads\/2016\/11\/krakau-kazimierz-podgorze07-christian-oeser.jpg' title=\"Gedenkaufschrift an einem alten j\u00fcdischen Haus im Stadtteil Kazimierz\" data-rl_title=\"Gedenkaufschrift an einem alten j\u00fcdischen Haus im Stadtteil Kazimierz\" class=\"rl-gallery-link\" data-rl_caption=\"Aufnahmeort anzeigen\" data-rel=\"lightbox-gallery-6\"><img loading=\"lazy\" decoding=\"async\" width=\"150\" height=\"150\" src=\"https:\/\/coeser.de\/blog\/wp-content\/uploads\/2016\/11\/krakau-kazimierz-podgorze07-christian-oeser-150x150.jpg\" class=\"attachment-thumbnail size-thumbnail\" alt=\"Gedenkaufschrift an einem alten j\u00fcdischen Haus im Stadtteil Kazimierz\" aria-describedby=\"gallery-6-1743\" \/><\/a>\n\t\t\t<\/div>\n\t\t\t\t<figcaption class='wp-caption-text gallery-caption' id='gallery-6-1743'>\n\t\t\t\tGedenkaufschrift an einem alten j\u00fcdischen Haus im Stadtteil Kazimierz\n\t\t\t\t<\/figcaption><\/figure><figure class='gallery-item'>\n\t\t\t<div class='gallery-icon landscape'>\n\t\t\t\t<a href='https:\/\/coeser.de\/blog\/wp-content\/uploads\/2016\/11\/krakau-kazimierz-podgorze08-christian-oeser.jpg' title=\"Sehenswert bemalte Hausfassade an einem alten j\u00fcdischen Haus im Stadtteil Kazimierz\" data-rl_title=\"Sehenswert bemalte Hausfassade an einem alten j\u00fcdischen Haus im Stadtteil Kazimierz\" class=\"rl-gallery-link\" data-rl_caption=\"Aufnahmeort anzeigen\" data-rel=\"lightbox-gallery-6\"><img loading=\"lazy\" decoding=\"async\" width=\"150\" height=\"150\" src=\"https:\/\/coeser.de\/blog\/wp-content\/uploads\/2016\/11\/krakau-kazimierz-podgorze08-christian-oeser-150x150.jpg\" class=\"attachment-thumbnail size-thumbnail\" alt=\"Sehenswert bemalte Hausfassade an einem alten j\u00fcdischen Haus im Stadtteil Kazimierz\" aria-describedby=\"gallery-6-1744\" \/><\/a>\n\t\t\t<\/div>\n\t\t\t\t<figcaption class='wp-caption-text gallery-caption' id='gallery-6-1744'>\n\t\t\t\tSehenswert bemalte Hausfassade an einem alten j\u00fcdischen Haus im Stadtteil Kazimierz\n\t\t\t\t<\/figcaption><\/figure><figure class='gallery-item'>\n\t\t\t<div class='gallery-icon landscape'>\n\t\t\t\t<a href='https:\/\/coeser.de\/blog\/wp-content\/uploads\/2016\/11\/krakau-kazimierz-podgorze11-christian-oeser.jpg' title=\"Au\u00dfenansicht der christlichen Pfarrkirche Corpus Christi\" data-rl_title=\"Au\u00dfenansicht der christlichen Pfarrkirche Corpus Christi\" class=\"rl-gallery-link\" data-rl_caption=\"Aufnahmeort anzeigen\" data-rel=\"lightbox-gallery-6\"><img loading=\"lazy\" decoding=\"async\" width=\"150\" height=\"150\" src=\"https:\/\/coeser.de\/blog\/wp-content\/uploads\/2016\/11\/krakau-kazimierz-podgorze11-christian-oeser-150x150.jpg\" class=\"attachment-thumbnail size-thumbnail\" alt=\"Au\u00dfenansicht der christlichen Pfarrkirche Corpus Christi\" aria-describedby=\"gallery-6-1747\" \/><\/a>\n\t\t\t<\/div>\n\t\t\t\t<figcaption class='wp-caption-text gallery-caption' id='gallery-6-1747'>\n\t\t\t\tAu\u00dfenansicht der christlichen Pfarrkirche Corpus Christi\n\t\t\t\t<\/figcaption><\/figure><figure class='gallery-item'>\n\t\t\t<div class='gallery-icon landscape'>\n\t\t\t\t<a href='https:\/\/coeser.de\/blog\/wp-content\/uploads\/2016\/11\/krakau-kazimierz-podgorze10-christian-oeser.jpg' title=\"Innenansicht der christlichen Pfarrkirche Corpus Christi\" data-rl_title=\"Innenansicht der christlichen Pfarrkirche Corpus Christi\" class=\"rl-gallery-link\" data-rl_caption=\"Aufnahmeort anzeigen\" data-rel=\"lightbox-gallery-6\"><img loading=\"lazy\" decoding=\"async\" width=\"150\" height=\"150\" src=\"https:\/\/coeser.de\/blog\/wp-content\/uploads\/2016\/11\/krakau-kazimierz-podgorze10-christian-oeser-150x150.jpg\" class=\"attachment-thumbnail size-thumbnail\" alt=\"Innenansicht der christlichen Pfarrkirche Corpus Christi\" aria-describedby=\"gallery-6-1746\" \/><\/a>\n\t\t\t<\/div>\n\t\t\t\t<figcaption class='wp-caption-text gallery-caption' id='gallery-6-1746'>\n\t\t\t\tInnenansicht der christlichen Pfarrkirche Corpus Christi\n\t\t\t\t<\/figcaption><\/figure><figure class='gallery-item'>\n\t\t\t<div class='gallery-icon landscape'>\n\t\t\t\t<a href='https:\/\/coeser.de\/blog\/wp-content\/uploads\/2016\/11\/krakau-kazimierz-podgorze12-christian-oeser.jpg' title=\"Der Steg K\u0142adka Ojca Bernatka verbindet die beiden Stadtteile Kazimierz und Podg\u00f3rze\" data-rl_title=\"Der Steg K\u0142adka Ojca Bernatka verbindet die beiden Stadtteile Kazimierz und Podg\u00f3rze\" class=\"rl-gallery-link\" data-rl_caption=\"Aufnahmeort anzeigen\" data-rel=\"lightbox-gallery-6\"><img loading=\"lazy\" decoding=\"async\" width=\"150\" height=\"150\" src=\"https:\/\/coeser.de\/blog\/wp-content\/uploads\/2016\/11\/krakau-kazimierz-podgorze12-christian-oeser-150x150.jpg\" class=\"attachment-thumbnail size-thumbnail\" alt=\"Der Steg K\u0142adka Ojca Bernatka verbindet die beiden Stadtteile Kazimierz und Podg\u00f3rze\" aria-describedby=\"gallery-6-1748\" \/><\/a>\n\t\t\t<\/div>\n\t\t\t\t<figcaption class='wp-caption-text gallery-caption' id='gallery-6-1748'>\n\t\t\t\tDer Steg K\u0142adka Ojca Bernatka verbindet die beiden Stadtteile Kazimierz und Podg\u00f3rze\n\t\t\t\t<\/figcaption><\/figure><figure class='gallery-item'>\n\t\t\t<div class='gallery-icon landscape'>\n\t\t\t\t<a href='https:\/\/coeser.de\/blog\/wp-content\/uploads\/2016\/11\/krakau-kazimierz-podgorze13-christian-oeser.jpg' title=\"Leere St\u00fchle als Mahnmal auf dem Platz der Ghettohelden\" data-rl_title=\"Leere St\u00fchle als Mahnmal auf dem Platz der Ghettohelden\" class=\"rl-gallery-link\" data-rl_caption=\"Aufnahmeort anzeigen\" data-rel=\"lightbox-gallery-6\"><img loading=\"lazy\" decoding=\"async\" width=\"150\" height=\"150\" src=\"https:\/\/coeser.de\/blog\/wp-content\/uploads\/2016\/11\/krakau-kazimierz-podgorze13-christian-oeser-150x150.jpg\" class=\"attachment-thumbnail size-thumbnail\" alt=\"Leere St\u00fchle als Mahnmal auf dem Platz der Ghettohelden\" aria-describedby=\"gallery-6-1749\" \/><\/a>\n\t\t\t<\/div>\n\t\t\t\t<figcaption class='wp-caption-text gallery-caption' id='gallery-6-1749'>\n\t\t\t\tLeere St\u00fchle als Mahnmal auf dem Platz der Ghettohelden\n\t\t\t\t<\/figcaption><\/figure><figure class='gallery-item'>\n\t\t\t<div class='gallery-icon landscape'>\n\t\t\t\t<a href='https:\/\/coeser.de\/blog\/wp-content\/uploads\/2016\/11\/krakau-kazimierz-podgorze14-christian-oeser.jpg' title=\"Eingang der Fabrik von Oskar Schindler\" data-rl_title=\"Eingang der Fabrik von Oskar Schindler\" class=\"rl-gallery-link\" data-rl_caption=\"Aufnahmeort anzeigen\" data-rel=\"lightbox-gallery-6\"><img loading=\"lazy\" decoding=\"async\" width=\"150\" height=\"150\" src=\"https:\/\/coeser.de\/blog\/wp-content\/uploads\/2016\/11\/krakau-kazimierz-podgorze14-christian-oeser-150x150.jpg\" class=\"attachment-thumbnail size-thumbnail\" alt=\"Eingang der Fabrik von Oskar Schindler\" aria-describedby=\"gallery-6-1750\" \/><\/a>\n\t\t\t<\/div>\n\t\t\t\t<figcaption class='wp-caption-text gallery-caption' id='gallery-6-1750'>\n\t\t\t\tEingang der Fabrik von Oskar Schindler\n\t\t\t\t<\/figcaption><\/figure><figure class='gallery-item'>\n\t\t\t<div class='gallery-icon landscape'>\n\t\t\t\t<a href='https:\/\/coeser.de\/blog\/wp-content\/uploads\/2016\/11\/krakau-kazimierz-podgorze15-christian-oeser.jpg' title=\"Portr\u00e4ts von Arbeitern in der Fabrik von Oskar Schindler\" data-rl_title=\"Portr\u00e4ts von Arbeitern in der Fabrik von Oskar Schindler\" class=\"rl-gallery-link\" data-rl_caption=\"Aufnahmeort anzeigen\" data-rel=\"lightbox-gallery-6\"><img loading=\"lazy\" decoding=\"async\" width=\"150\" height=\"150\" src=\"https:\/\/coeser.de\/blog\/wp-content\/uploads\/2016\/11\/krakau-kazimierz-podgorze15-christian-oeser-150x150.jpg\" class=\"attachment-thumbnail size-thumbnail\" alt=\"Portr\u00e4ts von Arbeitern in der Fabrik von Oskar Schindler\" aria-describedby=\"gallery-6-1751\" \/><\/a>\n\t\t\t<\/div>\n\t\t\t\t<figcaption class='wp-caption-text gallery-caption' id='gallery-6-1751'>\n\t\t\t\tPortr\u00e4ts von Arbeitern in der Fabrik von Oskar Schindler\n\t\t\t\t<\/figcaption><\/figure><figure class='gallery-item'>\n\t\t\t<div class='gallery-icon landscape'>\n\t\t\t\t<a href='https:\/\/coeser.de\/blog\/wp-content\/uploads\/2016\/11\/krakau-kazimierz-podgorze16-christian-oeser.jpg' title=\"Ausstellungsst\u00fcck in der Fabrik von Oskar Schindler\" data-rl_title=\"Ausstellungsst\u00fcck in der Fabrik von Oskar Schindler\" class=\"rl-gallery-link\" data-rl_caption=\"Aufnahmeort anzeigen\" data-rel=\"lightbox-gallery-6\"><img loading=\"lazy\" decoding=\"async\" width=\"150\" height=\"150\" src=\"https:\/\/coeser.de\/blog\/wp-content\/uploads\/2016\/11\/krakau-kazimierz-podgorze16-christian-oeser-150x150.jpg\" class=\"attachment-thumbnail size-thumbnail\" alt=\"Ausstellungsst\u00fcck in der Fabrik von Oskar Schindler\" aria-describedby=\"gallery-6-1752\" \/><\/a>\n\t\t\t<\/div>\n\t\t\t\t<figcaption class='wp-caption-text gallery-caption' id='gallery-6-1752'>\n\t\t\t\tAusstellungsst\u00fcck in der Fabrik von Oskar Schindler\n\t\t\t\t<\/figcaption><\/figure><figure class='gallery-item'>\n\t\t\t<div class='gallery-icon landscape'>\n\t\t\t\t<a href='https:\/\/coeser.de\/blog\/wp-content\/uploads\/2016\/11\/krakau-kazimierz-podgorze17-christian-oeser.jpg' title=\"Ein Selfie vor einer Hakenkreuzflagge in der Fabrik von Oskar Schindler \u2013 kann man machen, muss man aber nicht\" data-rl_title=\"Ein Selfie vor einer Hakenkreuzflagge in der Fabrik von Oskar Schindler \u2013 kann man machen, muss man aber nicht\" class=\"rl-gallery-link\" data-rl_caption=\"Aufnahmeort anzeigen\" data-rel=\"lightbox-gallery-6\"><img loading=\"lazy\" decoding=\"async\" width=\"150\" height=\"150\" src=\"https:\/\/coeser.de\/blog\/wp-content\/uploads\/2016\/11\/krakau-kazimierz-podgorze17-christian-oeser-150x150.jpg\" class=\"attachment-thumbnail size-thumbnail\" alt=\"Ein Selfie vor einer Hakenkreuzflagge in der Fabrik von Oskar Schindler \u2013 kann man machen, muss man aber nicht\" aria-describedby=\"gallery-6-1753\" \/><\/a>\n\t\t\t<\/div>\n\t\t\t\t<figcaption class='wp-caption-text gallery-caption' id='gallery-6-1753'>\n\t\t\t\tEin Selfie vor einer Hakenkreuzflagge in der Fabrik von Oskar Schindler \u2013 kann man machen, muss man aber nicht\n\t\t\t\t<\/figcaption><\/figure><figure class='gallery-item'>\n\t\t\t<div class='gallery-icon landscape'>\n\t\t\t\t<a href='https:\/\/coeser.de\/blog\/wp-content\/uploads\/2016\/11\/krakau-kazimierz-podgorze18-christian-oeser.jpg' title=\"Fu\u00dfboden mit Hakenkreuzen in der Fabrik von Oskar Schindler\" data-rl_title=\"Fu\u00dfboden mit Hakenkreuzen in der Fabrik von Oskar Schindler\" class=\"rl-gallery-link\" data-rl_caption=\"Aufnahmeort anzeigen\" data-rel=\"lightbox-gallery-6\"><img loading=\"lazy\" decoding=\"async\" width=\"150\" height=\"150\" src=\"https:\/\/coeser.de\/blog\/wp-content\/uploads\/2016\/11\/krakau-kazimierz-podgorze18-christian-oeser-150x150.jpg\" class=\"attachment-thumbnail size-thumbnail\" alt=\"Fu\u00dfboden mit Hakenkreuzen in der Fabrik von Oskar Schindler\" aria-describedby=\"gallery-6-1754\" \/><\/a>\n\t\t\t<\/div>\n\t\t\t\t<figcaption class='wp-caption-text gallery-caption' id='gallery-6-1754'>\n\t\t\t\tFu\u00dfboden mit Hakenkreuzen in der Fabrik von Oskar Schindler\n\t\t\t\t<\/figcaption><\/figure><figure class='gallery-item'>\n\t\t\t<div class='gallery-icon landscape'>\n\t\t\t\t<a href='https:\/\/coeser.de\/blog\/wp-content\/uploads\/2016\/11\/krakau-kazimierz-podgorze19-christian-oeser.jpg' title=\"Ausstellungsst\u00fcck in der Fabrik von Oskar Schindler\" data-rl_title=\"Ausstellungsst\u00fcck in der Fabrik von Oskar Schindler\" class=\"rl-gallery-link\" data-rl_caption=\"Aufnahmeort anzeigen\" data-rel=\"lightbox-gallery-6\"><img loading=\"lazy\" decoding=\"async\" width=\"150\" height=\"150\" src=\"https:\/\/coeser.de\/blog\/wp-content\/uploads\/2016\/11\/krakau-kazimierz-podgorze19-christian-oeser-150x150.jpg\" class=\"attachment-thumbnail size-thumbnail\" alt=\"Ausstellungsst\u00fcck in der Fabrik von Oskar Schindler\" aria-describedby=\"gallery-6-1755\" \/><\/a>\n\t\t\t<\/div>\n\t\t\t\t<figcaption class='wp-caption-text gallery-caption' id='gallery-6-1755'>\n\t\t\t\tAusstellungsst\u00fcck in der Fabrik von Oskar Schindler\n\t\t\t\t<\/figcaption><\/figure><figure class='gallery-item'>\n\t\t\t<div class='gallery-icon landscape'>\n\t\t\t\t<a href='https:\/\/coeser.de\/blog\/wp-content\/uploads\/2016\/11\/krakau-kazimierz-podgorze20-christian-oeser.jpg' title=\"Ausstellungsst\u00fcck in der Fabrik von Oskar Schindler\" data-rl_title=\"Ausstellungsst\u00fcck in der Fabrik von Oskar Schindler\" class=\"rl-gallery-link\" data-rl_caption=\"Aufnahmeort anzeigen\" data-rel=\"lightbox-gallery-6\"><img loading=\"lazy\" decoding=\"async\" width=\"150\" height=\"150\" src=\"https:\/\/coeser.de\/blog\/wp-content\/uploads\/2016\/11\/krakau-kazimierz-podgorze20-christian-oeser-150x150.jpg\" class=\"attachment-thumbnail size-thumbnail\" alt=\"Ausstellungsst\u00fcck in der Fabrik von Oskar Schindler\" aria-describedby=\"gallery-6-1756\" \/><\/a>\n\t\t\t<\/div>\n\t\t\t\t<figcaption class='wp-caption-text gallery-caption' id='gallery-6-1756'>\n\t\t\t\tAusstellungsst\u00fcck in der Fabrik von Oskar Schindler\n\t\t\t\t<\/figcaption><\/figure><figure class='gallery-item'>\n\t\t\t<div class='gallery-icon landscape'>\n\t\t\t\t<a href='https:\/\/coeser.de\/blog\/wp-content\/uploads\/2016\/11\/krakau-kazimierz-podgorze21-christian-oeser.jpg' title=\"Ausstellungsst\u00fcck in der Fabrik von Oskar Schindler\" data-rl_title=\"Ausstellungsst\u00fcck in der Fabrik von Oskar Schindler\" class=\"rl-gallery-link\" data-rl_caption=\"Aufnahmeort anzeigen\" data-rel=\"lightbox-gallery-6\"><img loading=\"lazy\" decoding=\"async\" width=\"150\" height=\"150\" src=\"https:\/\/coeser.de\/blog\/wp-content\/uploads\/2016\/11\/krakau-kazimierz-podgorze21-christian-oeser-150x150.jpg\" class=\"attachment-thumbnail size-thumbnail\" alt=\"Ausstellungsst\u00fcck in der Fabrik von Oskar Schindler\" aria-describedby=\"gallery-6-1757\" \/><\/a>\n\t\t\t<\/div>\n\t\t\t\t<figcaption class='wp-caption-text gallery-caption' id='gallery-6-1757'>\n\t\t\t\tAusstellungsst\u00fcck in der Fabrik von Oskar Schindler\n\t\t\t\t<\/figcaption><\/figure>\n\t\t<\/div>\n\n<\/div>\n<p>&nbsp;<\/p>\n<hr \/>\n<h2><img loading=\"lazy\" decoding=\"async\" class=\"alignnone size-full wp-image-1691\" src=\"https:\/\/coeser.de\/blog\/wp-content\/uploads\/2016\/11\/krakau-aufmacher5-christian-oeser.jpg\" alt=\"Innenansicht des Salzbergwerks Wieliczka in Krakau\" width=\"978\" height=\"326\" srcset=\"https:\/\/coeser.de\/blog\/wp-content\/uploads\/2016\/11\/krakau-aufmacher5-christian-oeser.jpg 978w, https:\/\/coeser.de\/blog\/wp-content\/uploads\/2016\/11\/krakau-aufmacher5-christian-oeser-300x100.jpg 300w, https:\/\/coeser.de\/blog\/wp-content\/uploads\/2016\/11\/krakau-aufmacher5-christian-oeser-768x256.jpg 768w\" sizes=\"auto, (max-width: 978px) 100vw, 978px\" \/><\/h2>\n<h2>Ein Salzbergwerk vor der T\u00fcr Krakaus<\/h2>\n<p>Ein ganz hei\u00dfer Besuchstipp ist die Salzmine <strong>Kopalnia Soli Wieliczka<\/strong> etwas au\u00dferhalb Krakaus. Ich habe in \u00d6sterreich und Deutschland schon einige Salzbergwerke gesehen, aber keines ist auch nur ann\u00e4hernd vergleichbar mit dem im Krakauer Vorort Wieliczka. Die rund 20-min\u00fctige Anfahrt mit dem Zug vom Krakauer Hauptbahnhof ist wirklich unkompliziert und nach dem Aussteigen an der Endstation ist man nach wenigen Schritten auch schon auf dem Bergwerksgel\u00e4nde. Nach der Abholung meiner vorreservierten Tickets und einer kurzen Wartezeit hat die gef\u00fchrte Tour auch schon begonnen. Was euch dabei alles erwartet \u2013 und das ist einiges \u2013 erfahrt ihr in meinem umfassenden Artikel<strong> <a href=\"https:\/\/coeser.de\/blog\/index.php\/2020\/01\/28\/krakau-das-salzbergwerk-wieliczka\/\" target=\"_blank\" rel=\"noopener noreferrer\">Krakau: Das Salzbergwerk Wieliczka<\/a><\/strong>.<\/p>\n<hr \/>\n<div class=\"tipps\">\n<h2>Allgemeine Tipps f\u00fcr Krakau<\/h2>\n<p>Die Altstadt Krakaus ist zwar nicht riesig und kann gut zu Fu\u00df erkundet werden, dennoch ist es nach einem langen Tag angenehm, mit der <strong>Stra\u00dfenbahn<\/strong> in die Unterkunft zur\u00fcckzufahren. F\u00fcr die von der Altstadt doch etwas entfernteren Stadtteile Kazimierz und Podg\u00f3rze ist es generell ratsam, mit der Tram zu fahren. Linienp\u00e4ne und Infos zu den Ticketpreisen findet ihr auf der Webseite <strong><a href=\"https:\/\/ztp.krakow.pl\/en\/public-transport\/kmk-public-transport\/kmk-maps\" target=\"_blank\" rel=\"noopener\">ztp.krakow.pl<\/a>.<\/strong> F\u00fcr die meisten Fahrten reicht ein 20-Minuten-Ticket, das ihr an den Fahrkartenautomaten auch bequem in deutscher Sprache kaufen k\u00f6nnt. Auffallend ist \u00fcbrigens die bunte Mischung an verschiedenen Stra\u00dfenbahntypen: es fahren neben alten, robusten polnischen Wagen auch gebrauchte Trams aus Wien, N\u00fcrnberg und D\u00fcsseldorf.<\/p>\n<p>F\u00fcr viele von euch ist sicherlich die <a href=\"https:\/\/www.getyourguide.de\/krakau-l40\/krakau-2-tagiger-city-pass-t52451\/?partner_id=04M0MCT&amp;utm_medium=online_publisher\" target=\"_blank\" rel=\"noopener noreferrer\"><strong>Krakau City Pass<\/strong><\/a>* von gro\u00dfem Interesse. Mit dieser Karte k\u00f6nnt ihr an zwei Tagen alle \u00f6ffentlichen Verkehrsmittel benutzen und habt Eintritt in fast 40 Museen sowie Attraktionen.<\/p>\n<p>Um kurz etwas Ruhe zu genie\u00dfen, bietet sich ein Spaziergang durch den wundersch\u00f6nen <strong>Park Planty<\/strong> an, der auf vier Kilometern L\u00e4nge rund um die Altstadt verl\u00e4uft.<\/p>\n<p><strong>Kirchen<\/strong> gibt es in Krakau wahrlich viele, und die meisten davon sind auch von der Innenausstattung sehr sch\u00f6n anzusehen. Beim Besuch sollte man nur die gef\u00fchlt hohe Anzahl an Messen beachten, w\u00e4hrend denen das Fotografieren in den Kirchen verboten und ein Umhergehen nat\u00fcrlich unerw\u00fcnscht ist. So musste ich unter anderem die Franziskanerkirche ein zweites Mal aufsuchen, um sie in Ruhe besichtigen zu k\u00f6nnen.<\/p>\n<p>Wenn ihr an einem <strong>Montag in Krakau<\/strong> seid, hei\u00dft es Sightseeing von au\u00dfen zu betreiben. Die meisten Museen und Attraktionen haben dann n\u00e4mlich geschlossen.<\/p>\n<p>F\u00fcr durstige Seelen und feierw\u00fctige Leute ist Krakau ein Paradies, denn an vielen Ecken findet man <strong>Alkoholshops<\/strong>, die 24 Stunden ge\u00f6ffnet haben.<\/p>\n<div id='gallery-7' class='gallery galleryid-1261 gallery-columns-7 gallery-size-thumbnail'><figure class='gallery-item'>\n\t\t\t<div class='gallery-icon landscape'>\n\t\t\t\t<a href='https:\/\/coeser.de\/blog\/wp-content\/uploads\/2016\/11\/krakau-allgemeine-tipps-06-christian-oeser.jpg' title=\"Der robuste polnische Stra\u00dfenbahntyp Konstal 105N verleiht Krakau ein liebevolles Ostblockfeeling\" data-rl_title=\"Der robuste polnische Stra\u00dfenbahntyp Konstal 105N verleiht Krakau ein liebevolles Ostblockfeeling\" class=\"rl-gallery-link\" data-rl_caption=\"Aufnahmeort anzeigen\" data-rel=\"lightbox-gallery-7\"><img loading=\"lazy\" decoding=\"async\" width=\"150\" height=\"150\" src=\"https:\/\/coeser.de\/blog\/wp-content\/uploads\/2016\/11\/krakau-allgemeine-tipps-06-christian-oeser-150x150.jpg\" class=\"attachment-thumbnail size-thumbnail\" alt=\"Der robuste polnische Stra\u00dfenbahntyp Konstal 105N verleiht Krakau ein liebevolles Ostblockfeeling\" aria-describedby=\"gallery-7-1777\" \/><\/a>\n\t\t\t<\/div>\n\t\t\t\t<figcaption class='wp-caption-text gallery-caption' id='gallery-7-1777'>\n\t\t\t\tDer robuste polnische Stra\u00dfenbahntyp Konstal 105N verleiht Krakau ein liebevolles Ostblockfeeling\n\t\t\t\t<\/figcaption><\/figure><figure class='gallery-item'>\n\t\t\t<div class='gallery-icon landscape'>\n\t\t\t\t<a href='https:\/\/coeser.de\/blog\/wp-content\/uploads\/2016\/11\/krakau-allgemeine-tipps-05-christian-oeser.jpg' title=\"Der alte Stra\u00dfenbahntyp E1 aus Wien, umlackiert und general\u00fcberholt seit 2004 in Krakau unterwegs\" data-rl_title=\"Der alte Stra\u00dfenbahntyp E1 aus Wien, umlackiert und general\u00fcberholt seit 2004 in Krakau unterwegs\" class=\"rl-gallery-link\" data-rl_caption=\"Aufnahmeort anzeigen\" data-rel=\"lightbox-gallery-7\"><img loading=\"lazy\" decoding=\"async\" width=\"150\" height=\"150\" src=\"https:\/\/coeser.de\/blog\/wp-content\/uploads\/2016\/11\/krakau-allgemeine-tipps-05-christian-oeser-150x150.jpg\" class=\"attachment-thumbnail size-thumbnail\" alt=\"Der alte Stra\u00dfenbahntyp E1 aus Wien, umlackiert und general\u00fcberholt seit 2004 in Krakau unterwegs\" aria-describedby=\"gallery-7-1776\" \/><\/a>\n\t\t\t<\/div>\n\t\t\t\t<figcaption class='wp-caption-text gallery-caption' id='gallery-7-1776'>\n\t\t\t\tDer alte Stra\u00dfenbahntyp E1 aus Wien, umlackiert und general\u00fcberholt seit 2004 in Krakau unterwegs\n\t\t\t\t<\/figcaption><\/figure><figure class='gallery-item'>\n\t\t\t<div class='gallery-icon landscape'>\n\t\t\t\t<a href='https:\/\/coeser.de\/blog\/wp-content\/uploads\/2016\/11\/krakau-allgemeine-tipps-07-christian-oeser.jpg' title=\"Entspannen kann man sehr gut in der Parkanlage Planty\" data-rl_title=\"Entspannen kann man sehr gut in der Parkanlage Planty\" class=\"rl-gallery-link\" data-rl_caption=\"Aufnahmeort anzeigen\" data-rel=\"lightbox-gallery-7\"><img loading=\"lazy\" decoding=\"async\" width=\"150\" height=\"150\" src=\"https:\/\/coeser.de\/blog\/wp-content\/uploads\/2016\/11\/krakau-allgemeine-tipps-07-christian-oeser-150x150.jpg\" class=\"attachment-thumbnail size-thumbnail\" alt=\"Entspannen kann man sehr gut in der Parkanlage Planty\" aria-describedby=\"gallery-7-1778\" \/><\/a>\n\t\t\t<\/div>\n\t\t\t\t<figcaption class='wp-caption-text gallery-caption' id='gallery-7-1778'>\n\t\t\t\tEntspannen kann man sehr gut in der Parkanlage Planty\n\t\t\t\t<\/figcaption><\/figure><figure class='gallery-item'>\n\t\t\t<div class='gallery-icon landscape'>\n\t\t\t\t<a href='https:\/\/coeser.de\/blog\/wp-content\/uploads\/2016\/11\/krakau-allgemeine-tipps-01-christian-oeser.jpg' title=\"Entspannen kann man sehr gut in der Parkanlage Planty\" data-rl_title=\"Entspannen kann man sehr gut in der Parkanlage Planty\" class=\"rl-gallery-link\" data-rl_caption=\"Aufnahmeort anzeigen\" data-rel=\"lightbox-gallery-7\"><img loading=\"lazy\" decoding=\"async\" width=\"150\" height=\"150\" src=\"https:\/\/coeser.de\/blog\/wp-content\/uploads\/2016\/11\/krakau-allgemeine-tipps-01-christian-oeser-150x150.jpg\" class=\"attachment-thumbnail size-thumbnail\" alt=\"Entspannen kann man sehr gut in der Parkanlage Planty\" aria-describedby=\"gallery-7-1772\" \/><\/a>\n\t\t\t<\/div>\n\t\t\t\t<figcaption class='wp-caption-text gallery-caption' id='gallery-7-1772'>\n\t\t\t\tEntspannen kann man sehr gut in der Parkanlage Planty\n\t\t\t\t<\/figcaption><\/figure><figure class='gallery-item'>\n\t\t\t<div class='gallery-icon landscape'>\n\t\t\t\t<a href='https:\/\/coeser.de\/blog\/wp-content\/uploads\/2016\/11\/krakau-allgemeine-tipps-04-christian-oeser.jpg' title=\"Entspannen kann man sehr gut in der Parkanlage Planty\" data-rl_title=\"Entspannen kann man sehr gut in der Parkanlage Planty\" class=\"rl-gallery-link\" data-rl_caption=\"Aufnahmeort anzeigen\" data-rel=\"lightbox-gallery-7\"><img loading=\"lazy\" decoding=\"async\" width=\"150\" height=\"150\" src=\"https:\/\/coeser.de\/blog\/wp-content\/uploads\/2016\/11\/krakau-allgemeine-tipps-04-christian-oeser-150x150.jpg\" class=\"attachment-thumbnail size-thumbnail\" alt=\"Entspannen kann man sehr gut in der Parkanlage Planty\" aria-describedby=\"gallery-7-1775\" \/><\/a>\n\t\t\t<\/div>\n\t\t\t\t<figcaption class='wp-caption-text gallery-caption' id='gallery-7-1775'>\n\t\t\t\tEntspannen kann man sehr gut in der Parkanlage Planty\n\t\t\t\t<\/figcaption><\/figure><figure class='gallery-item'>\n\t\t\t<div class='gallery-icon portrait'>\n\t\t\t\t<a href='https:\/\/coeser.de\/blog\/wp-content\/uploads\/2016\/11\/krakau-allgemeine-tipps-03-christian-oeser.jpg' title=\"Zahlreiche Shops bieten Alkohol 24 Stunden an\" data-rl_title=\"Zahlreiche Shops bieten Alkohol 24 Stunden an\" class=\"rl-gallery-link\" data-rl_caption=\"Aufnahmeort anzeigen\" data-rel=\"lightbox-gallery-7\"><img loading=\"lazy\" decoding=\"async\" width=\"150\" height=\"150\" src=\"https:\/\/coeser.de\/blog\/wp-content\/uploads\/2016\/11\/krakau-allgemeine-tipps-03-christian-oeser-150x150.jpg\" class=\"attachment-thumbnail size-thumbnail\" alt=\"Zahlreiche Shops bieten Alkohol 24 Stunden an\" aria-describedby=\"gallery-7-1774\" \/><\/a>\n\t\t\t<\/div>\n\t\t\t\t<figcaption class='wp-caption-text gallery-caption' id='gallery-7-1774'>\n\t\t\t\tZahlreiche Shops bieten Alkohol 24 Stunden an\n\t\t\t\t<\/figcaption><\/figure><figure class='gallery-item'>\n\t\t\t<div class='gallery-icon portrait'>\n\t\t\t\t<a href='https:\/\/coeser.de\/blog\/wp-content\/uploads\/2016\/11\/krakau-allgemeine-tipps-02-christian-oeser.jpg' title=\"Zahlreiche Shops bieten Alkohol 24 Stunden an\" data-rl_title=\"Zahlreiche Shops bieten Alkohol 24 Stunden an\" class=\"rl-gallery-link\" data-rl_caption=\"Aufnahmeort anzeigen\" data-rel=\"lightbox-gallery-7\"><img loading=\"lazy\" decoding=\"async\" width=\"150\" height=\"150\" src=\"https:\/\/coeser.de\/blog\/wp-content\/uploads\/2016\/11\/krakau-allgemeine-tipps-02-christian-oeser-150x150.jpg\" class=\"attachment-thumbnail size-thumbnail\" alt=\"Zahlreiche Shops bieten Alkohol 24 Stunden an\" aria-describedby=\"gallery-7-1773\" \/><\/a>\n\t\t\t<\/div>\n\t\t\t\t<figcaption class='wp-caption-text gallery-caption' id='gallery-7-1773'>\n\t\t\t\tZahlreiche Shops bieten Alkohol 24 Stunden an\n\t\t\t\t<\/figcaption><\/figure>\n\t\t<\/div>\n\n<\/div>\n<p>&nbsp;<\/p>\n<hr \/>\n<div class=\"fazit\">\n<h2>FAZIT<\/h2>\n<p>Viele Jahre wollte ich unbedingt einmal nach Krakau reisen, und nach meinem zweit\u00e4gigen Besuch in der polnischen K\u00f6nigsstadt war ich vollends begeistert. Die Altstadt ist \u00fcberschaubar und gut zu Fu\u00df erkundbar, die Burg Wawel verleiht Krakau etwas Majest\u00e4tisches. Auf den Spuren der Judenverfolgung im Zweiten Weltkrieg taucht man in den Stadtteilen Kazimierz und Podg\u00f3rze in die bedr\u00fcckende Geschichte ein. Kulinarisch kommt man in Krakau voll auf seine Kosten, die einheimische K\u00fcche ist ein absoluter Gaumenschmaus &#8211; dazu ein bek\u00f6mmlicher Wodka und man ist f\u00f6rmlich eingetaucht in das polnische Leben. \ud83d\ude42<\/p>\n<\/div>\n<p>&nbsp;<\/p>\n<div style=\"display: none;\">\n<p><img loading=\"lazy\" decoding=\"async\" class=\"alignnone size-full wp-image-7236\" src=\"https:\/\/coeser.de\/blog\/wp-content\/uploads\/2017\/01\/krakau-p01-christian-oeser.jpg\" alt=\"Krakau: Reisebericht mit Erfahrungen zu Sehensw\u00fcrdigkeiten, den besten Fotospots sowie allgemeinen Tipps und Restaurantempfehlungen.\" width=\"735\" height=\"1102\" srcset=\"https:\/\/coeser.de\/blog\/wp-content\/uploads\/2017\/01\/krakau-p01-christian-oeser.jpg 735w, https:\/\/coeser.de\/blog\/wp-content\/uploads\/2017\/01\/krakau-p01-christian-oeser-200x300.jpg 200w, https:\/\/coeser.de\/blog\/wp-content\/uploads\/2017\/01\/krakau-p01-christian-oeser-683x1024.jpg 683w\" sizes=\"auto, (max-width: 735px) 100vw, 735px\" \/><img loading=\"lazy\" decoding=\"async\" class=\"alignnone size-full wp-image-7237\" src=\"https:\/\/coeser.de\/blog\/wp-content\/uploads\/2017\/01\/krakau-p02-christian-oeser.jpg\" alt=\"Krakau: Reisebericht mit Erfahrungen zu Sehensw\u00fcrdigkeiten, den besten Fotospots sowie allgemeinen Tipps und Restaurantempfehlungen.\" width=\"735\" height=\"1102\" srcset=\"https:\/\/coeser.de\/blog\/wp-content\/uploads\/2017\/01\/krakau-p02-christian-oeser.jpg 735w, https:\/\/coeser.de\/blog\/wp-content\/uploads\/2017\/01\/krakau-p02-christian-oeser-200x300.jpg 200w, https:\/\/coeser.de\/blog\/wp-content\/uploads\/2017\/01\/krakau-p02-christian-oeser-683x1024.jpg 683w\" sizes=\"auto, (max-width: 735px) 100vw, 735px\" \/><\/p>\n<\/div>\n","protected":false},"excerpt":{"rendered":"<p>Aus der Sicht eines Besuchers hat Krakau alles, was das Touristenherz begehrt. Die faszinierende Legende eines feuerspeienden Drachens, ein imposantes K\u00f6nigsschloss, eine mehr als sehenswerte Altstadt aus dem Mittelalter und nicht zuletzt kulinarische Gaumenfreuden ohne Ende. Ich habe die zweitgr\u00f6\u00dfte Stadt Polens in zwei Tagen bei k\u00fchlem Wetter mit einem Mix aus Sonne, Wind und [&hellip;]<\/p>\n","protected":false},"author":1,"featured_media":1686,"comment_status":"open","ping_status":"open","sticky":false,"template":"","format":"standard","meta":{"_jetpack_memberships_contains_paid_content":false,"footnotes":""},"categories":[65],"tags":[9,11,12,66,71,41,68,10],"class_list":["post-1261","post","type-post","status-publish","format-standard","has-post-thumbnail","hentry","category-polen","tag-cityguide","tag-fotospots","tag-fototipps","tag-krakau","tag-polen","tag-reisebericht","tag-reisefuehrer","tag-staedtereise"],"yoast_head":"<!-- This site is optimized with the Yoast SEO plugin v27.4 - https:\/\/yoast.com\/product\/yoast-seo-wordpress\/ -->\n<title>Krakau: Kirchen, Wodka und Pierogi<\/title>\n<meta name=\"description\" content=\"Krakau: Reisebericht mit Erfahrungen zu Sehensw\u00fcrdigkeiten, den besten Fotospots sowie allgemeinen Tipps und Restaurantempfehlungen.\" \/>\n<meta name=\"robots\" content=\"index, follow, max-snippet:-1, max-image-preview:large, max-video-preview:-1\" \/>\n<link rel=\"canonical\" href=\"https:\/\/coeser.de\/blog\/index.php\/2017\/01\/10\/48-stunden-krakau-kirchen-wodka-und-pierogi\/\" \/>\n<meta property=\"og:locale\" content=\"de_DE\" \/>\n<meta property=\"og:type\" content=\"article\" \/>\n<meta property=\"og:title\" content=\"Krakau: Kirchen, Wodka und Pierogi\" \/>\n<meta property=\"og:description\" content=\"Krakau: Reisebericht mit Erfahrungen zu Sehensw\u00fcrdigkeiten, den besten Fotospots sowie allgemeinen Tipps und Restaurantempfehlungen.\" \/>\n<meta property=\"og:url\" content=\"https:\/\/coeser.de\/blog\/index.php\/2017\/01\/10\/48-stunden-krakau-kirchen-wodka-und-pierogi\/\" \/>\n<meta property=\"og:site_name\" content=\"fern &amp; nah - Reiseblog und Fotostories von Christian \u00d6ser\" \/>\n<meta property=\"article:publisher\" content=\"Christian \u00d6ser\" \/>\n<meta property=\"article:author\" content=\"Christian \u00d6ser\" \/>\n<meta property=\"article:published_time\" content=\"2017-01-10T06:00:21+00:00\" \/>\n<meta property=\"article:modified_time\" content=\"2023-09-07T08:02:25+00:00\" \/>\n<meta property=\"og:image\" content=\"https:\/\/coeser.de\/blog\/wp-content\/uploads\/2016\/11\/krakau-aufmacher-christian-oeser.jpg\" \/>\n\t<meta property=\"og:image:width\" content=\"978\" \/>\n\t<meta property=\"og:image:height\" content=\"550\" \/>\n\t<meta property=\"og:image:type\" content=\"image\/jpeg\" \/>\n<meta name=\"author\" content=\"Christian \u00d6ser\" \/>\n<meta name=\"twitter:card\" content=\"summary_large_image\" \/>\n<meta name=\"twitter:label1\" content=\"Verfasst von\" \/>\n\t<meta name=\"twitter:data1\" content=\"Christian \u00d6ser\" \/>\n\t<meta name=\"twitter:label2\" content=\"Gesch\u00e4tzte Lesezeit\" \/>\n\t<meta name=\"twitter:data2\" content=\"16\u00a0Minuten\" \/>\n<script type=\"application\/ld+json\" class=\"yoast-schema-graph\">{\"@context\":\"https:\\\/\\\/schema.org\",\"@graph\":[{\"@type\":\"Article\",\"@id\":\"https:\\\/\\\/coeser.de\\\/blog\\\/index.php\\\/2017\\\/01\\\/10\\\/48-stunden-krakau-kirchen-wodka-und-pierogi\\\/#article\",\"isPartOf\":{\"@id\":\"https:\\\/\\\/coeser.de\\\/blog\\\/index.php\\\/2017\\\/01\\\/10\\\/48-stunden-krakau-kirchen-wodka-und-pierogi\\\/\"},\"author\":{\"name\":\"Christian \u00d6ser\",\"@id\":\"https:\\\/\\\/coeser.de\\\/blog\\\/#\\\/schema\\\/person\\\/fda1d253389076b2cadc3d47018cf315\"},\"headline\":\"Krakau: Kirchen, Wodka und Pierogi\",\"datePublished\":\"2017-01-10T06:00:21+00:00\",\"dateModified\":\"2023-09-07T08:02:25+00:00\",\"mainEntityOfPage\":{\"@id\":\"https:\\\/\\\/coeser.de\\\/blog\\\/index.php\\\/2017\\\/01\\\/10\\\/48-stunden-krakau-kirchen-wodka-und-pierogi\\\/\"},\"wordCount\":2829,\"commentCount\":4,\"publisher\":{\"@id\":\"https:\\\/\\\/coeser.de\\\/blog\\\/#\\\/schema\\\/person\\\/fda1d253389076b2cadc3d47018cf315\"},\"image\":{\"@id\":\"https:\\\/\\\/coeser.de\\\/blog\\\/index.php\\\/2017\\\/01\\\/10\\\/48-stunden-krakau-kirchen-wodka-und-pierogi\\\/#primaryimage\"},\"thumbnailUrl\":\"https:\\\/\\\/coeser.de\\\/blog\\\/wp-content\\\/uploads\\\/2016\\\/11\\\/krakau-aufmacher-christian-oeser.jpg\",\"keywords\":[\"Cityguide\",\"Fotospots\",\"Fototipps\",\"Krakau\",\"Polen\",\"Reisebericht\",\"Reisef\u00fchrer\",\"St\u00e4dtereise\"],\"articleSection\":[\"POLEN\"],\"inLanguage\":\"de\",\"potentialAction\":[{\"@type\":\"CommentAction\",\"name\":\"Comment\",\"target\":[\"https:\\\/\\\/coeser.de\\\/blog\\\/index.php\\\/2017\\\/01\\\/10\\\/48-stunden-krakau-kirchen-wodka-und-pierogi\\\/#respond\"]}]},{\"@type\":\"WebPage\",\"@id\":\"https:\\\/\\\/coeser.de\\\/blog\\\/index.php\\\/2017\\\/01\\\/10\\\/48-stunden-krakau-kirchen-wodka-und-pierogi\\\/\",\"url\":\"https:\\\/\\\/coeser.de\\\/blog\\\/index.php\\\/2017\\\/01\\\/10\\\/48-stunden-krakau-kirchen-wodka-und-pierogi\\\/\",\"name\":\"Krakau: Kirchen, Wodka und Pierogi\",\"isPartOf\":{\"@id\":\"https:\\\/\\\/coeser.de\\\/blog\\\/#website\"},\"primaryImageOfPage\":{\"@id\":\"https:\\\/\\\/coeser.de\\\/blog\\\/index.php\\\/2017\\\/01\\\/10\\\/48-stunden-krakau-kirchen-wodka-und-pierogi\\\/#primaryimage\"},\"image\":{\"@id\":\"https:\\\/\\\/coeser.de\\\/blog\\\/index.php\\\/2017\\\/01\\\/10\\\/48-stunden-krakau-kirchen-wodka-und-pierogi\\\/#primaryimage\"},\"thumbnailUrl\":\"https:\\\/\\\/coeser.de\\\/blog\\\/wp-content\\\/uploads\\\/2016\\\/11\\\/krakau-aufmacher-christian-oeser.jpg\",\"datePublished\":\"2017-01-10T06:00:21+00:00\",\"dateModified\":\"2023-09-07T08:02:25+00:00\",\"description\":\"Krakau: Reisebericht mit Erfahrungen zu Sehensw\u00fcrdigkeiten, den besten Fotospots sowie allgemeinen Tipps und Restaurantempfehlungen.\",\"breadcrumb\":{\"@id\":\"https:\\\/\\\/coeser.de\\\/blog\\\/index.php\\\/2017\\\/01\\\/10\\\/48-stunden-krakau-kirchen-wodka-und-pierogi\\\/#breadcrumb\"},\"inLanguage\":\"de\",\"potentialAction\":[{\"@type\":\"ReadAction\",\"target\":[\"https:\\\/\\\/coeser.de\\\/blog\\\/index.php\\\/2017\\\/01\\\/10\\\/48-stunden-krakau-kirchen-wodka-und-pierogi\\\/\"]}]},{\"@type\":\"ImageObject\",\"inLanguage\":\"de\",\"@id\":\"https:\\\/\\\/coeser.de\\\/blog\\\/index.php\\\/2017\\\/01\\\/10\\\/48-stunden-krakau-kirchen-wodka-und-pierogi\\\/#primaryimage\",\"url\":\"https:\\\/\\\/coeser.de\\\/blog\\\/wp-content\\\/uploads\\\/2016\\\/11\\\/krakau-aufmacher-christian-oeser.jpg\",\"contentUrl\":\"https:\\\/\\\/coeser.de\\\/blog\\\/wp-content\\\/uploads\\\/2016\\\/11\\\/krakau-aufmacher-christian-oeser.jpg\",\"width\":978,\"height\":550,\"caption\":\"Ein Fiaker vor den Tuchhallen in Krakau\"},{\"@type\":\"BreadcrumbList\",\"@id\":\"https:\\\/\\\/coeser.de\\\/blog\\\/index.php\\\/2017\\\/01\\\/10\\\/48-stunden-krakau-kirchen-wodka-und-pierogi\\\/#breadcrumb\",\"itemListElement\":[{\"@type\":\"ListItem\",\"position\":1,\"name\":\"Startseite\",\"item\":\"https:\\\/\\\/coeser.de\\\/blog\\\/\"},{\"@type\":\"ListItem\",\"position\":2,\"name\":\"Krakau: Kirchen, Wodka und Pierogi\"}]},{\"@type\":\"WebSite\",\"@id\":\"https:\\\/\\\/coeser.de\\\/blog\\\/#website\",\"url\":\"https:\\\/\\\/coeser.de\\\/blog\\\/\",\"name\":\"fern &amp; nah - Reiseblog und Fotostories von Christian \u00d6ser\",\"description\":\"Reiseblog und Fotostories von Christian \u00d6ser\",\"publisher\":{\"@id\":\"https:\\\/\\\/coeser.de\\\/blog\\\/#\\\/schema\\\/person\\\/fda1d253389076b2cadc3d47018cf315\"},\"potentialAction\":[{\"@type\":\"SearchAction\",\"target\":{\"@type\":\"EntryPoint\",\"urlTemplate\":\"https:\\\/\\\/coeser.de\\\/blog\\\/?s={search_term_string}\"},\"query-input\":{\"@type\":\"PropertyValueSpecification\",\"valueRequired\":true,\"valueName\":\"search_term_string\"}}],\"inLanguage\":\"de\"},{\"@type\":[\"Person\",\"Organization\"],\"@id\":\"https:\\\/\\\/coeser.de\\\/blog\\\/#\\\/schema\\\/person\\\/fda1d253389076b2cadc3d47018cf315\",\"name\":\"Christian \u00d6ser\",\"image\":{\"@type\":\"ImageObject\",\"inLanguage\":\"de\",\"@id\":\"https:\\\/\\\/coeser.de\\\/blog\\\/wp-content\\\/uploads\\\/2016\\\/08\\\/logo-fern-und-nah-christian-oeser-4.jpg\",\"url\":\"https:\\\/\\\/coeser.de\\\/blog\\\/wp-content\\\/uploads\\\/2016\\\/08\\\/logo-fern-und-nah-christian-oeser-4.jpg\",\"contentUrl\":\"https:\\\/\\\/coeser.de\\\/blog\\\/wp-content\\\/uploads\\\/2016\\\/08\\\/logo-fern-und-nah-christian-oeser-4.jpg\",\"width\":1090,\"height\":245,\"caption\":\"Christian \u00d6ser\"},\"logo\":{\"@id\":\"https:\\\/\\\/coeser.de\\\/blog\\\/wp-content\\\/uploads\\\/2016\\\/08\\\/logo-fern-und-nah-christian-oeser-4.jpg\"},\"sameAs\":[\"http:\\\/\\\/www.coeser.de\",\"Christian \u00d6ser\",\"https:\\\/\\\/www.instagram.com\\\/coeser_de\\\/\",\"https:\\\/\\\/www.pinterest.at\\\/nightline5\\\/\"],\"url\":\"https:\\\/\\\/coeser.de\\\/blog\\\/index.php\\\/author\\\/coeser\\\/\"}]}<\/script>\n<!-- \/ Yoast SEO plugin. -->","yoast_head_json":{"title":"Krakau: Kirchen, Wodka und Pierogi","description":"Krakau: Reisebericht mit Erfahrungen zu Sehensw\u00fcrdigkeiten, den besten Fotospots sowie allgemeinen Tipps und Restaurantempfehlungen.","robots":{"index":"index","follow":"follow","max-snippet":"max-snippet:-1","max-image-preview":"max-image-preview:large","max-video-preview":"max-video-preview:-1"},"canonical":"https:\/\/coeser.de\/blog\/index.php\/2017\/01\/10\/48-stunden-krakau-kirchen-wodka-und-pierogi\/","og_locale":"de_DE","og_type":"article","og_title":"Krakau: Kirchen, Wodka und Pierogi","og_description":"Krakau: Reisebericht mit Erfahrungen zu Sehensw\u00fcrdigkeiten, den besten Fotospots sowie allgemeinen Tipps und Restaurantempfehlungen.","og_url":"https:\/\/coeser.de\/blog\/index.php\/2017\/01\/10\/48-stunden-krakau-kirchen-wodka-und-pierogi\/","og_site_name":"fern &amp; nah - Reiseblog und Fotostories von Christian \u00d6ser","article_publisher":"Christian \u00d6ser","article_author":"Christian \u00d6ser","article_published_time":"2017-01-10T06:00:21+00:00","article_modified_time":"2023-09-07T08:02:25+00:00","og_image":[{"width":978,"height":550,"url":"https:\/\/coeser.de\/blog\/wp-content\/uploads\/2016\/11\/krakau-aufmacher-christian-oeser.jpg","type":"image\/jpeg"}],"author":"Christian \u00d6ser","twitter_card":"summary_large_image","twitter_misc":{"Verfasst von":"Christian \u00d6ser","Gesch\u00e4tzte Lesezeit":"16\u00a0Minuten"},"schema":{"@context":"https:\/\/schema.org","@graph":[{"@type":"Article","@id":"https:\/\/coeser.de\/blog\/index.php\/2017\/01\/10\/48-stunden-krakau-kirchen-wodka-und-pierogi\/#article","isPartOf":{"@id":"https:\/\/coeser.de\/blog\/index.php\/2017\/01\/10\/48-stunden-krakau-kirchen-wodka-und-pierogi\/"},"author":{"name":"Christian \u00d6ser","@id":"https:\/\/coeser.de\/blog\/#\/schema\/person\/fda1d253389076b2cadc3d47018cf315"},"headline":"Krakau: Kirchen, Wodka und Pierogi","datePublished":"2017-01-10T06:00:21+00:00","dateModified":"2023-09-07T08:02:25+00:00","mainEntityOfPage":{"@id":"https:\/\/coeser.de\/blog\/index.php\/2017\/01\/10\/48-stunden-krakau-kirchen-wodka-und-pierogi\/"},"wordCount":2829,"commentCount":4,"publisher":{"@id":"https:\/\/coeser.de\/blog\/#\/schema\/person\/fda1d253389076b2cadc3d47018cf315"},"image":{"@id":"https:\/\/coeser.de\/blog\/index.php\/2017\/01\/10\/48-stunden-krakau-kirchen-wodka-und-pierogi\/#primaryimage"},"thumbnailUrl":"https:\/\/coeser.de\/blog\/wp-content\/uploads\/2016\/11\/krakau-aufmacher-christian-oeser.jpg","keywords":["Cityguide","Fotospots","Fototipps","Krakau","Polen","Reisebericht","Reisef\u00fchrer","St\u00e4dtereise"],"articleSection":["POLEN"],"inLanguage":"de","potentialAction":[{"@type":"CommentAction","name":"Comment","target":["https:\/\/coeser.de\/blog\/index.php\/2017\/01\/10\/48-stunden-krakau-kirchen-wodka-und-pierogi\/#respond"]}]},{"@type":"WebPage","@id":"https:\/\/coeser.de\/blog\/index.php\/2017\/01\/10\/48-stunden-krakau-kirchen-wodka-und-pierogi\/","url":"https:\/\/coeser.de\/blog\/index.php\/2017\/01\/10\/48-stunden-krakau-kirchen-wodka-und-pierogi\/","name":"Krakau: Kirchen, Wodka und Pierogi","isPartOf":{"@id":"https:\/\/coeser.de\/blog\/#website"},"primaryImageOfPage":{"@id":"https:\/\/coeser.de\/blog\/index.php\/2017\/01\/10\/48-stunden-krakau-kirchen-wodka-und-pierogi\/#primaryimage"},"image":{"@id":"https:\/\/coeser.de\/blog\/index.php\/2017\/01\/10\/48-stunden-krakau-kirchen-wodka-und-pierogi\/#primaryimage"},"thumbnailUrl":"https:\/\/coeser.de\/blog\/wp-content\/uploads\/2016\/11\/krakau-aufmacher-christian-oeser.jpg","datePublished":"2017-01-10T06:00:21+00:00","dateModified":"2023-09-07T08:02:25+00:00","description":"Krakau: Reisebericht mit Erfahrungen zu Sehensw\u00fcrdigkeiten, den besten Fotospots sowie allgemeinen Tipps und Restaurantempfehlungen.","breadcrumb":{"@id":"https:\/\/coeser.de\/blog\/index.php\/2017\/01\/10\/48-stunden-krakau-kirchen-wodka-und-pierogi\/#breadcrumb"},"inLanguage":"de","potentialAction":[{"@type":"ReadAction","target":["https:\/\/coeser.de\/blog\/index.php\/2017\/01\/10\/48-stunden-krakau-kirchen-wodka-und-pierogi\/"]}]},{"@type":"ImageObject","inLanguage":"de","@id":"https:\/\/coeser.de\/blog\/index.php\/2017\/01\/10\/48-stunden-krakau-kirchen-wodka-und-pierogi\/#primaryimage","url":"https:\/\/coeser.de\/blog\/wp-content\/uploads\/2016\/11\/krakau-aufmacher-christian-oeser.jpg","contentUrl":"https:\/\/coeser.de\/blog\/wp-content\/uploads\/2016\/11\/krakau-aufmacher-christian-oeser.jpg","width":978,"height":550,"caption":"Ein Fiaker vor den Tuchhallen in Krakau"},{"@type":"BreadcrumbList","@id":"https:\/\/coeser.de\/blog\/index.php\/2017\/01\/10\/48-stunden-krakau-kirchen-wodka-und-pierogi\/#breadcrumb","itemListElement":[{"@type":"ListItem","position":1,"name":"Startseite","item":"https:\/\/coeser.de\/blog\/"},{"@type":"ListItem","position":2,"name":"Krakau: Kirchen, Wodka und Pierogi"}]},{"@type":"WebSite","@id":"https:\/\/coeser.de\/blog\/#website","url":"https:\/\/coeser.de\/blog\/","name":"fern &amp; nah - Reiseblog und Fotostories von Christian \u00d6ser","description":"Reiseblog und Fotostories von Christian \u00d6ser","publisher":{"@id":"https:\/\/coeser.de\/blog\/#\/schema\/person\/fda1d253389076b2cadc3d47018cf315"},"potentialAction":[{"@type":"SearchAction","target":{"@type":"EntryPoint","urlTemplate":"https:\/\/coeser.de\/blog\/?s={search_term_string}"},"query-input":{"@type":"PropertyValueSpecification","valueRequired":true,"valueName":"search_term_string"}}],"inLanguage":"de"},{"@type":["Person","Organization"],"@id":"https:\/\/coeser.de\/blog\/#\/schema\/person\/fda1d253389076b2cadc3d47018cf315","name":"Christian \u00d6ser","image":{"@type":"ImageObject","inLanguage":"de","@id":"https:\/\/coeser.de\/blog\/wp-content\/uploads\/2016\/08\/logo-fern-und-nah-christian-oeser-4.jpg","url":"https:\/\/coeser.de\/blog\/wp-content\/uploads\/2016\/08\/logo-fern-und-nah-christian-oeser-4.jpg","contentUrl":"https:\/\/coeser.de\/blog\/wp-content\/uploads\/2016\/08\/logo-fern-und-nah-christian-oeser-4.jpg","width":1090,"height":245,"caption":"Christian \u00d6ser"},"logo":{"@id":"https:\/\/coeser.de\/blog\/wp-content\/uploads\/2016\/08\/logo-fern-und-nah-christian-oeser-4.jpg"},"sameAs":["http:\/\/www.coeser.de","Christian \u00d6ser","https:\/\/www.instagram.com\/coeser_de\/","https:\/\/www.pinterest.at\/nightline5\/"],"url":"https:\/\/coeser.de\/blog\/index.php\/author\/coeser\/"}]}},"jetpack_featured_media_url":"https:\/\/coeser.de\/blog\/wp-content\/uploads\/2016\/11\/krakau-aufmacher-christian-oeser.jpg","jetpack-related-posts":[{"id":14485,"url":"https:\/\/coeser.de\/blog\/index.php\/2020\/01\/28\/krakau-das-salzbergwerk-wieliczka\/","url_meta":{"origin":1261,"position":0},"title":"Krakau: Das Salzbergwerk Wieliczka","author":"Christian \u00d6ser","date":"28. Januar 2020","format":false,"excerpt":"Krakau ist ja ein ganz hei\u00dfer Tipp, wenn es um St\u00e4dtereisen geht \u2013 davon habe ich euch bereits in einem eigenen Artikel vorgeschw\u00e4rmt. Ein wunderbarer Halbtagesausflug ist dabei das Salzbergwerk Wieliczka nur unweit der polnischen Stadt. Ich habe in \u00d6sterreich und Deutschland schon einige Salzbergwerke gesehen, aber keines davon ist\u2026","rel":"","context":"In &quot;POLEN&quot;","block_context":{"text":"POLEN","link":"https:\/\/coeser.de\/blog\/index.php\/category\/europa\/polen\/"},"img":{"alt_text":"Hl.-Kinga-Kapelle im Salzbergwerk Wieliczka bei Krakau","src":"https:\/\/i0.wp.com\/coeser.de\/blog\/wp-content\/uploads\/2020\/01\/krakau-salzbergwerk-wieliczka-aufmacher-christian-oeser.jpg?resize=350%2C200&ssl=1","width":350,"height":200,"srcset":"https:\/\/i0.wp.com\/coeser.de\/blog\/wp-content\/uploads\/2020\/01\/krakau-salzbergwerk-wieliczka-aufmacher-christian-oeser.jpg?resize=350%2C200&ssl=1 1x, https:\/\/i0.wp.com\/coeser.de\/blog\/wp-content\/uploads\/2020\/01\/krakau-salzbergwerk-wieliczka-aufmacher-christian-oeser.jpg?resize=525%2C300&ssl=1 1.5x, https:\/\/i0.wp.com\/coeser.de\/blog\/wp-content\/uploads\/2020\/01\/krakau-salzbergwerk-wieliczka-aufmacher-christian-oeser.jpg?resize=700%2C400&ssl=1 2x"},"classes":[]},{"id":1639,"url":"https:\/\/coeser.de\/blog\/index.php\/2016\/12\/27\/das-war-mein-reisejahr-2016\/","url_meta":{"origin":1261,"position":1},"title":"Das war mein Reisejahr 2016","author":"Christian \u00d6ser","date":"27. Dezember 2016","format":false,"excerpt":"Am Ende eines jeden Jahres blicke ich immer zur\u00fcck auf meine besuchten St\u00e4dte, Orte und Pl\u00e4tze. 2016 war nach l\u00e4ngerer Durststrecke wieder einmal ein recht starkes Reisejahr f\u00fcr mich, 19 Destinationen bleiben in meiner Erinnerung. In diesem Blogbeitrag gebe ich euch einen \u00dcberblick und ein kurzes R\u00e9sum\u00e9 zu jedem Ort.\u2026","rel":"","context":"In &quot;EUROPA&quot;","block_context":{"text":"EUROPA","link":"https:\/\/coeser.de\/blog\/index.php\/category\/europa\/"},"img":{"alt_text":"Fotos der Reisen 2016","src":"https:\/\/i0.wp.com\/coeser.de\/blog\/wp-content\/uploads\/2016\/12\/reisejahr-2016-aufmacher-christian-oeser.jpg?resize=350%2C200&ssl=1","width":350,"height":200,"srcset":"https:\/\/i0.wp.com\/coeser.de\/blog\/wp-content\/uploads\/2016\/12\/reisejahr-2016-aufmacher-christian-oeser.jpg?resize=350%2C200&ssl=1 1x, https:\/\/i0.wp.com\/coeser.de\/blog\/wp-content\/uploads\/2016\/12\/reisejahr-2016-aufmacher-christian-oeser.jpg?resize=525%2C300&ssl=1 1.5x, https:\/\/i0.wp.com\/coeser.de\/blog\/wp-content\/uploads\/2016\/12\/reisejahr-2016-aufmacher-christian-oeser.jpg?resize=700%2C400&ssl=1 2x"},"classes":[]},{"id":5700,"url":"https:\/\/coeser.de\/blog\/index.php\/2018\/01\/02\/das-war-mein-reisejahr-2017\/","url_meta":{"origin":1261,"position":2},"title":"Das war mein Reisejahr 2017","author":"Christian \u00d6ser","date":"2. Januar 2018","format":false,"excerpt":"Wieder einmal ist ein Jahr in gef\u00fchlter Windeseile vor\u00fcbergezogen, was nicht zuletzt an den zahlreichen Orten liegt, die ich mir angesehen und erkundet habe. In diesem Blogbeitrag blicke ich nochmals auf 2017 zur\u00fcck und gehe kurz alle Destinationen durch, wo ich zumindest eine Nacht verbracht habe oder die etwas weiter\u2026","rel":"","context":"In &quot;EUROPA&quot;","block_context":{"text":"EUROPA","link":"https:\/\/coeser.de\/blog\/index.php\/category\/europa\/"},"img":{"alt_text":"Reiseempfehlungen und Reiseinspirationen 2017","src":"https:\/\/i0.wp.com\/coeser.de\/blog\/wp-content\/uploads\/2017\/12\/reisejahr-2017-inspiration-aufmacher-christian-oeser.jpg?resize=350%2C200&ssl=1","width":350,"height":200,"srcset":"https:\/\/i0.wp.com\/coeser.de\/blog\/wp-content\/uploads\/2017\/12\/reisejahr-2017-inspiration-aufmacher-christian-oeser.jpg?resize=350%2C200&ssl=1 1x, https:\/\/i0.wp.com\/coeser.de\/blog\/wp-content\/uploads\/2017\/12\/reisejahr-2017-inspiration-aufmacher-christian-oeser.jpg?resize=525%2C300&ssl=1 1.5x, https:\/\/i0.wp.com\/coeser.de\/blog\/wp-content\/uploads\/2017\/12\/reisejahr-2017-inspiration-aufmacher-christian-oeser.jpg?resize=700%2C400&ssl=1 2x"},"classes":[]},{"id":1258,"url":"https:\/\/coeser.de\/blog\/index.php\/2017\/03\/07\/warschau-polens-unzerstoerbare-stadt\/","url_meta":{"origin":1261,"position":3},"title":"Warschau: Polens unzerst\u00f6rbare Stadt","author":"Christian \u00d6ser","date":"7. M\u00e4rz 2017","format":false,"excerpt":"Die polnische Hauptstadt Warschau hat eine bewegte Vergangenheit hinter sich. Im zweiten Weltkrieg wurden 80 Prozent der Stadt v\u00f6llig zerst\u00f6rt. Doch die Bev\u00f6lkerung hat in einem jahrzehntelangen Kraftakt etwas Unvorstellbares zustande gebracht und die Stadt nach alten Pl\u00e4nen originalgetreu wieder aufgebaut. Als Besucher kommt man deshalb heute neben dem Gro\u00dfstadtfeeling\u2026","rel":"","context":"In &quot;POLEN&quot;","block_context":{"text":"POLEN","link":"https:\/\/coeser.de\/blog\/index.php\/category\/europa\/polen\/"},"img":{"alt_text":"","src":"https:\/\/i0.wp.com\/coeser.de\/blog\/wp-content\/uploads\/2016\/11\/warschau-warszawa-aufmacher-christian-oeser.jpg?resize=350%2C200&ssl=1","width":350,"height":200,"srcset":"https:\/\/i0.wp.com\/coeser.de\/blog\/wp-content\/uploads\/2016\/11\/warschau-warszawa-aufmacher-christian-oeser.jpg?resize=350%2C200&ssl=1 1x, https:\/\/i0.wp.com\/coeser.de\/blog\/wp-content\/uploads\/2016\/11\/warschau-warszawa-aufmacher-christian-oeser.jpg?resize=525%2C300&ssl=1 1.5x, https:\/\/i0.wp.com\/coeser.de\/blog\/wp-content\/uploads\/2016\/11\/warschau-warszawa-aufmacher-christian-oeser.jpg?resize=700%2C400&ssl=1 2x"},"classes":[]},{"id":10259,"url":"https:\/\/coeser.de\/blog\/index.php\/2019\/01\/01\/europa-26-geniale-reiseziele-2019\/","url_meta":{"origin":1261,"position":4},"title":"Europa: 26 geniale Reiseziele f\u00fcr 2019","author":"Christian \u00d6ser","date":"1. Januar 2019","format":false,"excerpt":"Seid ihr so wie ich immer auf der Suche nach neuen Destinationen? Egal ob Ausfl\u00fcge, St\u00e4dtetrips oder Tagestouren \u2013 ich habe 26 Ideen f\u00fcr eure n\u00e4chste Reise in Europa! Alle meine Tipps habe ich im letzten Jahr zusammengesammelt und auch pers\u00f6nlich ausprobiert. Ihr bekommt also mit diesem Beitrag keine Theorie,\u2026","rel":"","context":"In &quot;EUROPA&quot;","block_context":{"text":"EUROPA","link":"https:\/\/coeser.de\/blog\/index.php\/category\/europa\/"},"img":{"alt_text":"","src":"https:\/\/i0.wp.com\/coeser.de\/blog\/wp-content\/uploads\/2018\/12\/reisetipps-reiseinspiration-fotospots-2018-aufmacher-christian-oeser.jpg?resize=350%2C200&ssl=1","width":350,"height":200,"srcset":"https:\/\/i0.wp.com\/coeser.de\/blog\/wp-content\/uploads\/2018\/12\/reisetipps-reiseinspiration-fotospots-2018-aufmacher-christian-oeser.jpg?resize=350%2C200&ssl=1 1x, https:\/\/i0.wp.com\/coeser.de\/blog\/wp-content\/uploads\/2018\/12\/reisetipps-reiseinspiration-fotospots-2018-aufmacher-christian-oeser.jpg?resize=525%2C300&ssl=1 1.5x, https:\/\/i0.wp.com\/coeser.de\/blog\/wp-content\/uploads\/2018\/12\/reisetipps-reiseinspiration-fotospots-2018-aufmacher-christian-oeser.jpg?resize=700%2C400&ssl=1 2x"},"classes":[]},{"id":13892,"url":"https:\/\/coeser.de\/blog\/index.php\/2019\/12\/31\/europa-26-grandiose-reiseideen-fuer-2020\/","url_meta":{"origin":1261,"position":5},"title":"Europa: 26 grandiose Reiseideen f\u00fcr 2020","author":"Christian \u00d6ser","date":"31. Dezember 2019","format":false,"excerpt":"Alle Jahre wieder neigt sich das aktuelle Jahr zu Ende. Doch jedes Ende ist auch ein Anfang \u2013 und zwar f\u00fcr den Start der zuk\u00fcnftigen Reiseplanungen! Wie sieht es bei euch aus, habt ihr schon jede Menge Reiseziele im Kopf, die ihr unbedingt bald einmal mit eigenen Augen sehen wollt?\u2026","rel":"","context":"In &quot;EUROPA&quot;","block_context":{"text":"EUROPA","link":"https:\/\/coeser.de\/blog\/index.php\/category\/europa\/"},"img":{"alt_text":"","src":"https:\/\/i0.wp.com\/coeser.de\/blog\/wp-content\/uploads\/2019\/12\/reisetipps-reiseinspiration-fotospots-2020-aufmacher-christian-oeser.jpg?resize=350%2C200&ssl=1","width":350,"height":200,"srcset":"https:\/\/i0.wp.com\/coeser.de\/blog\/wp-content\/uploads\/2019\/12\/reisetipps-reiseinspiration-fotospots-2020-aufmacher-christian-oeser.jpg?resize=350%2C200&ssl=1 1x, https:\/\/i0.wp.com\/coeser.de\/blog\/wp-content\/uploads\/2019\/12\/reisetipps-reiseinspiration-fotospots-2020-aufmacher-christian-oeser.jpg?resize=525%2C300&ssl=1 1.5x, https:\/\/i0.wp.com\/coeser.de\/blog\/wp-content\/uploads\/2019\/12\/reisetipps-reiseinspiration-fotospots-2020-aufmacher-christian-oeser.jpg?resize=700%2C400&ssl=1 2x"},"classes":[]}],"jetpack_sharing_enabled":true,"_links":{"self":[{"href":"https:\/\/coeser.de\/blog\/index.php\/wp-json\/wp\/v2\/posts\/1261","targetHints":{"allow":["GET"]}}],"collection":[{"href":"https:\/\/coeser.de\/blog\/index.php\/wp-json\/wp\/v2\/posts"}],"about":[{"href":"https:\/\/coeser.de\/blog\/index.php\/wp-json\/wp\/v2\/types\/post"}],"author":[{"embeddable":true,"href":"https:\/\/coeser.de\/blog\/index.php\/wp-json\/wp\/v2\/users\/1"}],"replies":[{"embeddable":true,"href":"https:\/\/coeser.de\/blog\/index.php\/wp-json\/wp\/v2\/comments?post=1261"}],"version-history":[{"count":0,"href":"https:\/\/coeser.de\/blog\/index.php\/wp-json\/wp\/v2\/posts\/1261\/revisions"}],"wp:featuredmedia":[{"embeddable":true,"href":"https:\/\/coeser.de\/blog\/index.php\/wp-json\/wp\/v2\/media\/1686"}],"wp:attachment":[{"href":"https:\/\/coeser.de\/blog\/index.php\/wp-json\/wp\/v2\/media?parent=1261"}],"wp:term":[{"taxonomy":"category","embeddable":true,"href":"https:\/\/coeser.de\/blog\/index.php\/wp-json\/wp\/v2\/categories?post=1261"},{"taxonomy":"post_tag","embeddable":true,"href":"https:\/\/coeser.de\/blog\/index.php\/wp-json\/wp\/v2\/tags?post=1261"}],"curies":[{"name":"wp","href":"https:\/\/api.w.org\/{rel}","templated":true}]}}