{"id":13691,"date":"2019-10-29T07:00:15","date_gmt":"2019-10-29T06:00:15","guid":{"rendered":"http:\/\/coeser.de\/blog\/?p=13691"},"modified":"2023-09-08T15:21:55","modified_gmt":"2023-09-08T13:21:55","slug":"palma-de-mallorca-15-bilder-die-lust-machen","status":"publish","type":"post","link":"https:\/\/coeser.de\/blog\/index.php\/2019\/10\/29\/palma-de-mallorca-15-bilder-die-lust-machen\/","title":{"rendered":"Palma de Mallorca: 15 Bilder, die Lust machen"},"content":{"rendered":"<p><strong>Ein Urlaub auf Mallorca verspricht verdammt viel: Sonne, Meer, Natur, Erholung, k\u00f6stliches Essen und vieles mehr! All das bot sich mir w\u00e4hrend eines einw\u00f6chigen Trips auf die gr\u00f6\u00dfte Insel der Balearen. Normalerweise nehme ich mir auf Reisen zus\u00e4tzlich auch immer viel Zeit f\u00fcr die Erkundung von St\u00e4dten, doch diesmal stand die Erholung im Vordergrund. Der Hauptstadt Palma de Mallorca stattete ich deshalb nur einen kurzen Besuch ab und lie\u00df mich entspannt treiben. Die 15 sch\u00f6nsten Urlaubsfotos davon zeige ich euch in diesem Blogbeitrag \u2013 Inspiration garantiert!<\/strong><br \/>\n<!--more--><\/p>\n<hr \/>\n<div class=\"highlights\">\n<h3>DIE H\u00d6HEPUNKTE AUS PALMA DE MALLORCA IN DIESEM ARTIKEL<\/h3>\n<p>Ein inspirierender Artikel mit meiner pers\u00f6nlichen Auswahl der 15 besten Fotos aus Palma de Mallorca<\/p>\n<p>Tolle Orte wie die sehenswerte Hafenpromenade, bunte Hausfassaden und erfrischende Springbrunnen<\/p>\n<p>Das enorme Sortiment an frischen Fr\u00fcchten und k\u00f6stlichen Delikatessen auf dem Mercat de l\u2019Olivar<\/p>\n<p>Die Kathedrale von Palma de Mallorca als gro\u00dfartiges Fotomotiv bei Tag und vor allem bei Nacht<\/p>\n<p>Das extreme Farbenspektakel in der Kathedrale von Palma de Mallorca durch das einfallende Licht<\/p>\n<\/div>\n<p>&nbsp;<\/p>\n<p><em><span style=\"color: #0000ff;\">Dieser Artikel wurde zuletzt am 8. September 2023 aktualisiert.<\/span><\/em><\/p>\n\n<hr \/>\n<div class=\"fakten\">\n<h2>PALMA DE MALLORCA<\/h2>\n<h3>FAKTEN<\/h3>\n<p><strong>Reisezeit: <\/strong>Ende August (Tagesausflug w\u00e4hrend eines sechst\u00e4gigen Urlaubs auf Mallorca)<br \/>\n<strong>Anreise: <\/strong>Von <em>Flughafen Wien-Schwechat <\/em>nach <em>Aeroport de Palma<\/em> (ca. 2:00 h)<\/p>\n<p><strong>Unterkunft: <a href=\"https:\/\/www.booking.com\/hotel\/es\/monport.de.html?aid=1634405\" target=\"_blank\" rel=\"noopener\">Mon Port Hotel &amp; Spa<\/a>*<\/strong> (<em><span class=\"LrzXr\">Finca La Noria, Cala d&#8217;Egos, 07157 Andratx<\/span><\/em>): Gro\u00dfe Hotelanlage mit unterschiedlichen Zimmerkategorien, rund zehn Minuten Fu\u00dfweg zum Hafen. Die G\u00e4ste verteilen sich auf dem Gel\u00e4nde sehr gut, sodass nie das Gef\u00fchl von Enge aufkommt. Unser stilvolles Zimmer war ger\u00e4umig mit sch\u00f6nem Bad und Terrasse mit Blick in einen ruhigen Innenbereich. Sehr bequeme Betten, Klimaanlage, schnelles WLAN. Ausgezeichnetes Fr\u00fchst\u00fccksbuffet und exzellente Terrasse. Gro\u00dfz\u00fcgiger Poolbereich, Liegen waren zu jeder Tageszeit vorhanden. <em>Weiterempfehlung?<\/em> <strong>JA<\/strong><\/p>\n<p><strong>Auf der Hotelsuchmaschine booking.com findest du weitere <a href=\"https:\/\/www.booking.com\/searchresults.de.html?region=767&amp;aid=1634405&amp;no_rooms=1&amp;group_adults=1\" target=\"_blank\" rel=\"noopener noreferrer\">sch\u00f6ne Unterk\u00fcnfte in Palma de Mallorca<\/a>*.<\/strong><\/p>\n<div id='gallery-1' class='gallery galleryid-13691 gallery-columns-7 gallery-size-thumbnail'><figure class='gallery-item'>\n\t\t\t<div class='gallery-icon landscape'>\n\t\t\t\t<a href='https:\/\/coeser.de\/blog\/wp-content\/uploads\/2019\/10\/mallorca-port-andratx-hotel-mon-port-gal02-christian-oeser.jpg' title=\"Doppelzimmer im Mon Port Hotel &amp; Spa in Port d&#039;Andratx auf Mallorca\" data-rl_title=\"Doppelzimmer im Mon Port Hotel &amp; Spa in Port d&#039;Andratx auf Mallorca\" class=\"rl-gallery-link\" data-rl_caption=\"Aufnahmeort anzeigen\" data-rel=\"lightbox-gallery-1\"><img loading=\"lazy\" decoding=\"async\" width=\"150\" height=\"150\" src=\"https:\/\/coeser.de\/blog\/wp-content\/uploads\/2019\/10\/mallorca-port-andratx-hotel-mon-port-gal02-christian-oeser-150x150.jpg\" class=\"attachment-thumbnail size-thumbnail\" alt=\"Doppelzimmer im Mon Port Hotel &amp; Spa in Port d&#039;Andratx auf Mallorca\" aria-describedby=\"gallery-1-13574\" \/><\/a>\n\t\t\t<\/div>\n\t\t\t\t<figcaption class='wp-caption-text gallery-caption' id='gallery-1-13574'>\n\t\t\t\tDoppelzimmer im Mon Port Hotel &#038; Spa in Port d&#8217;Andratx auf Mallorca\n\t\t\t\t<\/figcaption><\/figure><figure class='gallery-item'>\n\t\t\t<div class='gallery-icon landscape'>\n\t\t\t\t<a href='https:\/\/coeser.de\/blog\/wp-content\/uploads\/2019\/10\/mallorca-port-andratx-hotel-mon-port-gal03-christian-oeser.jpg' title=\"Terrasse im Doppelzimmer im Mon Port Hotel &amp; Spa in Port d&#039;Andratx auf Mallorca\" data-rl_title=\"Terrasse im Doppelzimmer im Mon Port Hotel &amp; Spa in Port d&#039;Andratx auf Mallorca\" class=\"rl-gallery-link\" data-rl_caption=\"Aufnahmeort anzeigen\" data-rel=\"lightbox-gallery-1\"><img loading=\"lazy\" decoding=\"async\" width=\"150\" height=\"150\" src=\"https:\/\/coeser.de\/blog\/wp-content\/uploads\/2019\/10\/mallorca-port-andratx-hotel-mon-port-gal03-christian-oeser-150x150.jpg\" class=\"attachment-thumbnail size-thumbnail\" alt=\"Terrasse im Doppelzimmer im Mon Port Hotel &amp; Spa in Port d&#039;Andratx auf Mallorca\" aria-describedby=\"gallery-1-13575\" \/><\/a>\n\t\t\t<\/div>\n\t\t\t\t<figcaption class='wp-caption-text gallery-caption' id='gallery-1-13575'>\n\t\t\t\tTerrasse im Doppelzimmer im Mon Port Hotel &#038; Spa in Port d&#8217;Andratx auf Mallorca\n\t\t\t\t<\/figcaption><\/figure><figure class='gallery-item'>\n\t\t\t<div class='gallery-icon landscape'>\n\t\t\t\t<a href='https:\/\/coeser.de\/blog\/wp-content\/uploads\/2019\/10\/mallorca-port-andratx-hotel-mon-port-gal01-christian-oeser.jpg' title=\"Bad im Doppelzimmer im Mon Port Hotel &amp; Spa in Port d&#039;Andratx auf Mallorca\" data-rl_title=\"Bad im Doppelzimmer im Mon Port Hotel &amp; Spa in Port d&#039;Andratx auf Mallorca\" class=\"rl-gallery-link\" data-rl_caption=\"Aufnahmeort anzeigen\" data-rel=\"lightbox-gallery-1\"><img loading=\"lazy\" decoding=\"async\" width=\"150\" height=\"150\" src=\"https:\/\/coeser.de\/blog\/wp-content\/uploads\/2019\/10\/mallorca-port-andratx-hotel-mon-port-gal01-christian-oeser-150x150.jpg\" class=\"attachment-thumbnail size-thumbnail\" alt=\"Bad im Doppelzimmer im Mon Port Hotel &amp; Spa in Port d&#039;Andratx auf Mallorca\" aria-describedby=\"gallery-1-13573\" \/><\/a>\n\t\t\t<\/div>\n\t\t\t\t<figcaption class='wp-caption-text gallery-caption' id='gallery-1-13573'>\n\t\t\t\tBad im Doppelzimmer im Mon Port Hotel &#038; Spa in Port d&#8217;Andratx auf Mallorca\n\t\t\t\t<\/figcaption><\/figure><figure class='gallery-item'>\n\t\t\t<div class='gallery-icon landscape'>\n\t\t\t\t<a href='https:\/\/coeser.de\/blog\/wp-content\/uploads\/2019\/10\/mallorca-port-andratx-hotel-mon-port-gal07-christian-oeser.jpg' title=\"Poolanlage im Mon Port Hotel &amp; Spa in Port d&#039;Andratx auf Mallorca\" data-rl_title=\"Poolanlage im Mon Port Hotel &amp; Spa in Port d&#039;Andratx auf Mallorca\" class=\"rl-gallery-link\" data-rl_caption=\"Aufnahmeort anzeigen\" data-rel=\"lightbox-gallery-1\"><img loading=\"lazy\" decoding=\"async\" width=\"150\" height=\"150\" src=\"https:\/\/coeser.de\/blog\/wp-content\/uploads\/2019\/10\/mallorca-port-andratx-hotel-mon-port-gal07-christian-oeser-150x150.jpg\" class=\"attachment-thumbnail size-thumbnail\" alt=\"Poolanlage im Mon Port Hotel &amp; Spa in Port d&#039;Andratx auf Mallorca\" aria-describedby=\"gallery-1-13579\" \/><\/a>\n\t\t\t<\/div>\n\t\t\t\t<figcaption class='wp-caption-text gallery-caption' id='gallery-1-13579'>\n\t\t\t\tPoolanlage im Mon Port Hotel &#038; Spa in Port d&#8217;Andratx auf Mallorca\n\t\t\t\t<\/figcaption><\/figure><figure class='gallery-item'>\n\t\t\t<div class='gallery-icon landscape'>\n\t\t\t\t<a href='https:\/\/coeser.de\/blog\/wp-content\/uploads\/2019\/10\/mallorca-port-andratx-hotel-mon-port-gal04-christian-oeser.jpg' title=\"Poolanlage im Mon Port Hotel &amp; Spa in Port d&#039;Andratx auf Mallorca\" data-rl_title=\"Poolanlage im Mon Port Hotel &amp; Spa in Port d&#039;Andratx auf Mallorca\" class=\"rl-gallery-link\" data-rl_caption=\"Aufnahmeort anzeigen\" data-rel=\"lightbox-gallery-1\"><img loading=\"lazy\" decoding=\"async\" width=\"150\" height=\"150\" src=\"https:\/\/coeser.de\/blog\/wp-content\/uploads\/2019\/10\/mallorca-port-andratx-hotel-mon-port-gal04-christian-oeser-150x150.jpg\" class=\"attachment-thumbnail size-thumbnail\" alt=\"Poolanlage im Mon Port Hotel &amp; Spa in Port d&#039;Andratx auf Mallorca\" aria-describedby=\"gallery-1-13576\" \/><\/a>\n\t\t\t<\/div>\n\t\t\t\t<figcaption class='wp-caption-text gallery-caption' id='gallery-1-13576'>\n\t\t\t\tPoolanlage im Mon Port Hotel &#038; Spa in Port d&#8217;Andratx auf Mallorca\n\t\t\t\t<\/figcaption><\/figure><figure class='gallery-item'>\n\t\t\t<div class='gallery-icon landscape'>\n\t\t\t\t<a href='https:\/\/coeser.de\/blog\/wp-content\/uploads\/2019\/10\/mallorca-port-andratx-hotel-mon-port-gal05-christian-oeser.jpg' title=\"Poolanlage im Mon Port Hotel &amp; Spa in Port d&#039;Andratx auf Mallorca\" data-rl_title=\"Poolanlage im Mon Port Hotel &amp; Spa in Port d&#039;Andratx auf Mallorca\" class=\"rl-gallery-link\" data-rl_caption=\"Aufnahmeort anzeigen\" data-rel=\"lightbox-gallery-1\"><img loading=\"lazy\" decoding=\"async\" width=\"150\" height=\"150\" src=\"https:\/\/coeser.de\/blog\/wp-content\/uploads\/2019\/10\/mallorca-port-andratx-hotel-mon-port-gal05-christian-oeser-150x150.jpg\" class=\"attachment-thumbnail size-thumbnail\" alt=\"Poolanlage im Mon Port Hotel &amp; Spa in Port d&#039;Andratx auf Mallorca\" aria-describedby=\"gallery-1-13577\" \/><\/a>\n\t\t\t<\/div>\n\t\t\t\t<figcaption class='wp-caption-text gallery-caption' id='gallery-1-13577'>\n\t\t\t\tPoolanlage im Mon Port Hotel &#038; Spa in Port d&#8217;Andratx auf Mallorca\n\t\t\t\t<\/figcaption><\/figure><figure class='gallery-item'>\n\t\t\t<div class='gallery-icon landscape'>\n\t\t\t\t<a href='https:\/\/coeser.de\/blog\/wp-content\/uploads\/2019\/10\/mallorca-port-andratx-hotel-mon-port-gal06-christian-oeser.jpg' title=\"Fr\u00fchst\u00fccksterrasse im Mon Port Hotel &amp; Spa in Port d&#039;Andratx auf Mallorca\" data-rl_title=\"Fr\u00fchst\u00fccksterrasse im Mon Port Hotel &amp; Spa in Port d&#039;Andratx auf Mallorca\" class=\"rl-gallery-link\" data-rl_caption=\"Aufnahmeort anzeigen\" data-rel=\"lightbox-gallery-1\"><img loading=\"lazy\" decoding=\"async\" width=\"150\" height=\"150\" src=\"https:\/\/coeser.de\/blog\/wp-content\/uploads\/2019\/10\/mallorca-port-andratx-hotel-mon-port-gal06-christian-oeser-150x150.jpg\" class=\"attachment-thumbnail size-thumbnail\" alt=\"Fr\u00fchst\u00fccksterrasse im Mon Port Hotel &amp; Spa in Port d&#039;Andratx auf Mallorca\" aria-describedby=\"gallery-1-13578\" \/><\/a>\n\t\t\t<\/div>\n\t\t\t\t<figcaption class='wp-caption-text gallery-caption' id='gallery-1-13578'>\n\t\t\t\tFr\u00fchst\u00fccksterrasse im Mon Port Hotel &#038; Spa in Port d&#8217;Andratx auf Mallorca\n\t\t\t\t<\/figcaption><\/figure>\n\t\t<\/div>\n\n<\/div>\n<div class=\"extern\">\n<h3>TRANSPARENZHINWEIS<\/h3>\n<p>*Die mit Stern gekennzeichneten Verweise in diesem Blogartikel sind sogenannte Affiliate-Links. Wenn dir mein Blogartikel bei der Planung deiner Reise geholfen hat, freue ich mich, wenn du \u00fcber diese Links deine Unterkunft oder Freizeitaktivit\u00e4ten buchst. Ich erhalte dadurch eine kleine Provision und du unterst\u00fctzt den Erhalt dieses Blogs. F\u00fcr dich entstehen dabei selbstverst\u00e4ndlich keine Nachteile. Vielen Dank! \ud83d\ude42<\/p>\n<\/div>\n<p>&nbsp;<\/p>\n<h2><img loading=\"lazy\" decoding=\"async\" class=\"alignnone size-full wp-image-13712\" src=\"https:\/\/coeser.de\/blog\/wp-content\/uploads\/2019\/10\/palma-de-mallorca-aufmacher1-kathedrale-christian-oeser.jpg\" alt=\"Die Kathedrale von Palma de Mallorca im Nachmittagslicht\" width=\"970\" height=\"323\" srcset=\"https:\/\/coeser.de\/blog\/wp-content\/uploads\/2019\/10\/palma-de-mallorca-aufmacher1-kathedrale-christian-oeser.jpg 970w, https:\/\/coeser.de\/blog\/wp-content\/uploads\/2019\/10\/palma-de-mallorca-aufmacher1-kathedrale-christian-oeser-300x100.jpg 300w, https:\/\/coeser.de\/blog\/wp-content\/uploads\/2019\/10\/palma-de-mallorca-aufmacher1-kathedrale-christian-oeser-768x256.jpg 768w\" sizes=\"auto, (max-width: 970px) 100vw, 970px\" \/><\/h2>\n<h2>Abstecher in die Hauptstadt Palma de Mallorca<\/h2>\n<p>Nach einem verregneten Sommer entschieden meine Freundin und ich, Ende August noch einen Urlaub auf Mallorca anzuh\u00e4ngen. Zu gro\u00df war die Verlockung, doch noch etwas Sonne und W\u00e4rme abzubekommen. Wir wurden auch nicht entt\u00e4uscht und konnten einen gro\u00dfartigen, einw\u00f6chigen Aufenthalt auf den Balearen genie\u00dfen. Was wir alles erlebten und welche Ausfl\u00fcge ich euch w\u00e4rmstens ans Herz lege, k\u00f6nnt ihr in meinem umfangreichen Blogartikel <strong><a href=\"https:\/\/coeser.de\/blog\/index.php\/2019\/10\/15\/mallorca-10-traumorte-zum-staunen\/\" target=\"_blank\" rel=\"noopener noreferrer\">Mallorca: 10 Traumorte zum Staunen<\/a> <\/strong>nachlesen. Die Hauptstadt Palma stand zwar auch auf dem Programm, allerdings nur als Abstecher und ohne lang geplante Liste f\u00fcr das Abklappern der Sehensw\u00fcrdigkeiten.<\/p>\n<h3>Ein ungew\u00f6hnlicher St\u00e4dtetrip<\/h3>\n<p>F\u00fcr mich war diese Art eines St\u00e4dtetrips vollkommen neu, denn normalerweise verbringe ich gerne mehrere Tage in einer fremden Stadt, um m\u00f6glichst viel Neues kennenzulernen. Zu verf\u00fchrerisch ist es f\u00fcr mich, die Stra\u00dfen nach guten Restaurants, lokalen Gesch\u00e4ften und sonstigen spannenden Entdeckungen zu durchforsten. Und Palma de Mallorca ist daf\u00fcr eigentlich pr\u00e4destiniert. Die Stadt verspr\u00fcht ein zauberhaftes Flair mit ihrer Architektur, den zahlreichen Palmen zwischen den Gassen und dem Gef\u00fchl, einfach auf Urlaub zu sein!<\/p>\n<h2>Die sch\u00f6nsten Fotospots in Palma de Mallorca<\/h2>\n<p>Mit den nachfolgenden 15 Fotos zeige ich euch meinen Blick auf die Hauptstadt von Mallorca. Wie ihr unschwer erkennen werdet, beeindruckte mich die Kathedrale am meisten \u2013 das imposante Bauwerk ist aber auch einfach ein enormer Blickfang, innen wie au\u00dfen. Gro\u00dfartig empfand ich weiters, wie bunt sich Palma an allen Ecken und Enden f\u00fcr Besucherinnen sowie Besucher pr\u00e4sentiert. Seien es das Obst und sonstige K\u00f6stlichkeiten in der ber\u00fchmten Markthalle <em>Mercat de l\u2019Olivar<\/em>, die durch die Gl\u00fchlampen gelblich beleuchteten Pl\u00e4tze der Stadt oder das Hafengel\u00e4nde mit seinen nach Reichtum schreienden Jachten. Viel Spa\u00df beim Anschauen und Inspiration holen!<\/p>\n<figure class=\"bigpicture\" style=\"width: 970px;\"><img loading=\"lazy\" decoding=\"async\" class=\"wp-image-13697 size-full\" src=\"https:\/\/coeser.de\/blog\/wp-content\/uploads\/2019\/10\/palma-de-mallorca-gal01-christian-oeser.jpg\" alt=\"Der Hafen von Palma de Mallorca\" width=\"960\" height=\"640\" srcset=\"https:\/\/coeser.de\/blog\/wp-content\/uploads\/2019\/10\/palma-de-mallorca-gal01-christian-oeser.jpg 960w, https:\/\/coeser.de\/blog\/wp-content\/uploads\/2019\/10\/palma-de-mallorca-gal01-christian-oeser-300x200.jpg 300w, https:\/\/coeser.de\/blog\/wp-content\/uploads\/2019\/10\/palma-de-mallorca-gal01-christian-oeser-768x512.jpg 768w, https:\/\/coeser.de\/blog\/wp-content\/uploads\/2019\/10\/palma-de-mallorca-gal01-christian-oeser-330x220.jpg 330w\" sizes=\"auto, (max-width: 960px) 100vw, 960px\" \/><figcaption class=\"bigpicture-text\">\n<h3>Der Hafen von Palma de Mallorca<\/h3>\n<p>Den entspannten Besichtigungstag in Palma de Mallorca begannen meine Freundin und ich am Hafen. L\u00e4sst man mal die nervigen, riesigen Kreuzfahrtschiffe beiseite, kann man sich an luxuri\u00f6sen Jachten richtig sch\u00f6n erg\u00f6tzen. Ein Spaziergang an der Uferpromenade ist wirklich etwas f\u00fcrs Auge \u2013 dank der frischen Meeresluft aber auch ein Erlebnis f\u00fcr die Nase!<br \/>\n<a href=\"https:\/\/www.google.de\/maps\/place\/39.562024,2.627501\" target=\"_blank\" rel=\"noopener noreferrer\"><strong>Aufnahmeort anzeigen<\/strong><\/a><\/p>\n<\/figcaption><\/figure>\n<figure class=\"bigpicture\" style=\"width: 970px;\"><img loading=\"lazy\" decoding=\"async\" class=\"wp-image-13698 size-full\" src=\"https:\/\/coeser.de\/blog\/wp-content\/uploads\/2019\/10\/palma-de-mallorca-gal02-christian-oeser.jpg\" alt=\"Springbrunnen und bunte H\u00e4user auf dem Pla\u00e7a de la Reina in Palma de Mallorca\" width=\"960\" height=\"640\" srcset=\"https:\/\/coeser.de\/blog\/wp-content\/uploads\/2019\/10\/palma-de-mallorca-gal02-christian-oeser.jpg 960w, https:\/\/coeser.de\/blog\/wp-content\/uploads\/2019\/10\/palma-de-mallorca-gal02-christian-oeser-300x200.jpg 300w, https:\/\/coeser.de\/blog\/wp-content\/uploads\/2019\/10\/palma-de-mallorca-gal02-christian-oeser-768x512.jpg 768w, https:\/\/coeser.de\/blog\/wp-content\/uploads\/2019\/10\/palma-de-mallorca-gal02-christian-oeser-330x220.jpg 330w\" sizes=\"auto, (max-width: 960px) 100vw, 960px\" \/><figcaption class=\"bigpicture-text\">\n<h3>Springbrunnen und bunte H\u00e4user auf dem Pla\u00e7a de la Reina<\/h3>\n<p>Palma ist bunt, bunt, bunt! Ein Paradebeispiel f\u00fcr den farbenfrohen Alltag in der Hauptstadt ist etwa der <em>Pla\u00e7a de la Reina<\/em>. Dort reihen sich die unterschiedlich gef\u00e4rbten, schmalen Hausfassaden aneinander und ergeben gemeinsam mit dem zauberhaften Springbrunnen im Vordergrund ein tolles Postkartenmotiv.<br \/>\n<a href=\"https:\/\/www.google.de\/maps\/place\/39.568934,2.646618\" target=\"_blank\" rel=\"noopener noreferrer\"><strong>Aufnahmeort anzeigen<\/strong><\/a><\/p>\n<\/figcaption><\/figure>\n<figure class=\"bigpicture\" style=\"width: 970px;\"><img loading=\"lazy\" decoding=\"async\" class=\"wp-image-13699 size-full\" src=\"https:\/\/coeser.de\/blog\/wp-content\/uploads\/2019\/10\/palma-de-mallorca-gal03-christian-oeser.jpg\" alt=\"Frische Fr\u00fcchte und Obst auf dem Mercat de l\u2019Olivar in Palma de Mallorca\" width=\"960\" height=\"640\" srcset=\"https:\/\/coeser.de\/blog\/wp-content\/uploads\/2019\/10\/palma-de-mallorca-gal03-christian-oeser.jpg 960w, https:\/\/coeser.de\/blog\/wp-content\/uploads\/2019\/10\/palma-de-mallorca-gal03-christian-oeser-300x200.jpg 300w, https:\/\/coeser.de\/blog\/wp-content\/uploads\/2019\/10\/palma-de-mallorca-gal03-christian-oeser-768x512.jpg 768w, https:\/\/coeser.de\/blog\/wp-content\/uploads\/2019\/10\/palma-de-mallorca-gal03-christian-oeser-330x220.jpg 330w\" sizes=\"auto, (max-width: 960px) 100vw, 960px\" \/><figcaption class=\"bigpicture-text\">\n<h3>Der Mercat de l\u2019Olivar in Palma de Mallorca<\/h3>\n<p>Farbenfroh geht es auch in der ber\u00fchmten Markthalle <em>Mercat de l\u2019Olivar<\/em> zu. Die Aufmachung von Obst und Gem\u00fcse an den zahlreichen St\u00e4nden erinnerte mich stark an den <a href=\"https:\/\/coeser.de\/blog\/index.php\/2019\/05\/07\/barcelona-sightseeing-ohne-massen\/\" target=\"_blank\" rel=\"noopener noreferrer\"><strong>Mercat de la Boquer\u00eca in Barcelona<\/strong><\/a>.<br \/>\n<strong><a href=\"https:\/\/www.google.de\/maps\/place\/39.573990,2.653216\" target=\"_blank\" rel=\"noopener noreferrer\">Aufnahmeort anzeigen<\/a><\/strong><\/p>\n<\/figcaption><\/figure>\n<figure class=\"bigpicture\" style=\"width: 970px;\"><img loading=\"lazy\" decoding=\"async\" class=\"wp-image-13700 size-full\" src=\"https:\/\/coeser.de\/blog\/wp-content\/uploads\/2019\/10\/palma-de-mallorca-gal04-christian-oeser.jpg\" alt=\"Eine Verk\u00e4uferin auf dem Mercat de l\u2019Olivar in Palma de Mallorca\" width=\"960\" height=\"640\" srcset=\"https:\/\/coeser.de\/blog\/wp-content\/uploads\/2019\/10\/palma-de-mallorca-gal04-christian-oeser.jpg 960w, https:\/\/coeser.de\/blog\/wp-content\/uploads\/2019\/10\/palma-de-mallorca-gal04-christian-oeser-300x200.jpg 300w, https:\/\/coeser.de\/blog\/wp-content\/uploads\/2019\/10\/palma-de-mallorca-gal04-christian-oeser-768x512.jpg 768w, https:\/\/coeser.de\/blog\/wp-content\/uploads\/2019\/10\/palma-de-mallorca-gal04-christian-oeser-330x220.jpg 330w\" sizes=\"auto, (max-width: 960px) 100vw, 960px\" \/><figcaption class=\"bigpicture-text\">\n<h3>Buntes Sortiment auf dem Mercat de l\u2019Olivar in Palma de Mallorca<\/h3>\n<p>L\u00e4uft euch bei diesem Anblick nicht auch das Wasser im Mund zusammen? Die Markthalle <em>Mercat de l\u2019Olivar<\/em> l\u00e4sst wirklich keine W\u00fcnsche offen, wenn es um Kulinarik geht. Es ist wirklich schwierig, nicht andauernd an einem Verkaufsstand h\u00e4ngenzubleiben und eine der K\u00f6stlichkeiten zu probieren.<br \/>\n<a href=\"https:\/\/www.google.de\/maps\/place\/39.573990,2.653216\" target=\"_blank\" rel=\"noopener noreferrer\"><strong>Aufnahmeort anzeigen<\/strong><\/a><\/p>\n<\/figcaption><\/figure>\n<figure class=\"bigpicture\" style=\"width: 970px;\"><img loading=\"lazy\" decoding=\"async\" class=\"wp-image-13701 size-full\" src=\"https:\/\/coeser.de\/blog\/wp-content\/uploads\/2019\/10\/palma-de-mallorca-gal05-christian-oeser.jpg\" alt=\"Spiegelung der Kathedrale von Palma de Mallorca\" width=\"960\" height=\"640\" srcset=\"https:\/\/coeser.de\/blog\/wp-content\/uploads\/2019\/10\/palma-de-mallorca-gal05-christian-oeser.jpg 960w, https:\/\/coeser.de\/blog\/wp-content\/uploads\/2019\/10\/palma-de-mallorca-gal05-christian-oeser-300x200.jpg 300w, https:\/\/coeser.de\/blog\/wp-content\/uploads\/2019\/10\/palma-de-mallorca-gal05-christian-oeser-768x512.jpg 768w, https:\/\/coeser.de\/blog\/wp-content\/uploads\/2019\/10\/palma-de-mallorca-gal05-christian-oeser-330x220.jpg 330w\" sizes=\"auto, (max-width: 960px) 100vw, 960px\" \/><figcaption class=\"bigpicture-text\">\n<h3>Die Kathedrale von Palma de Mallorca<\/h3>\n<p>Der H\u00f6hepunkt in Palma de Mallorca ist zweifelsohne die ber\u00fchmte Kathedrale <em>La Seu<\/em>. Die Kirche l\u00e4sst sich von vielen Punkten aus wundersch\u00f6n und kreativ in Szene setzen. Hier seht ihr eine Spiegelung nach einem Regenschauer in einer am Boden angebrachten Sonnenuhr.<br \/>\n<a href=\"https:\/\/www.google.de\/maps\/place\/39.566952,2.645951\" target=\"_blank\" rel=\"noopener noreferrer\"><strong>Aufnahmeort anzeigen<\/strong><\/a><\/p>\n<\/figcaption><\/figure>\n<figure class=\"bigpicture\" style=\"width: 970px;\"><img loading=\"lazy\" decoding=\"async\" class=\"wp-image-13702 size-full\" src=\"https:\/\/coeser.de\/blog\/wp-content\/uploads\/2019\/10\/palma-de-mallorca-gal06-christian-oeser.jpg\" alt=\"Spiegelung der Kathedrale von Palma de Mallorca\" width=\"960\" height=\"640\" srcset=\"https:\/\/coeser.de\/blog\/wp-content\/uploads\/2019\/10\/palma-de-mallorca-gal06-christian-oeser.jpg 960w, https:\/\/coeser.de\/blog\/wp-content\/uploads\/2019\/10\/palma-de-mallorca-gal06-christian-oeser-300x200.jpg 300w, https:\/\/coeser.de\/blog\/wp-content\/uploads\/2019\/10\/palma-de-mallorca-gal06-christian-oeser-768x512.jpg 768w, https:\/\/coeser.de\/blog\/wp-content\/uploads\/2019\/10\/palma-de-mallorca-gal06-christian-oeser-330x220.jpg 330w\" sizes=\"auto, (max-width: 960px) 100vw, 960px\" \/><figcaption class=\"bigpicture-text\">\n<h3>Die Kathedrale als spektakul\u00e4res Fotomotiv<\/h3>\n<p>Hier seht ihr dieselbe Position wie im Foto davor \u2013 nun wird euch sicher klarer, wie ich das Bild aufgenommen habe. Als ich vor Ort stand, war ich \u00fcber das kurz zuvor abgezogene Gewitter richtig gl\u00fccklich. Es brachte herrliche Wasserlachen zum Vorschein, in denen die Kathedrale <em>La Seu<\/em> im sp\u00e4ten Nachmittagslicht so richtig zur Geltung kam.<br \/>\n<a href=\"https:\/\/www.google.de\/maps\/place\/39.566905,2.646021\" target=\"_blank\" rel=\"noopener noreferrer\"><strong>Aufnahmeort anzeigen<\/strong><\/a><\/p>\n<\/figcaption><\/figure>\n<figure class=\"bigpicture\" style=\"width: 970px;\"><img loading=\"lazy\" decoding=\"async\" class=\"wp-image-13703 size-full\" src=\"https:\/\/coeser.de\/blog\/wp-content\/uploads\/2019\/10\/palma-de-mallorca-gal07-christian-oeser.jpg\" alt=\"Spiegelung der beleuchteten Kathedrale von Palma de Mallorca\" width=\"960\" height=\"640\" srcset=\"https:\/\/coeser.de\/blog\/wp-content\/uploads\/2019\/10\/palma-de-mallorca-gal07-christian-oeser.jpg 960w, https:\/\/coeser.de\/blog\/wp-content\/uploads\/2019\/10\/palma-de-mallorca-gal07-christian-oeser-300x200.jpg 300w, https:\/\/coeser.de\/blog\/wp-content\/uploads\/2019\/10\/palma-de-mallorca-gal07-christian-oeser-768x512.jpg 768w, https:\/\/coeser.de\/blog\/wp-content\/uploads\/2019\/10\/palma-de-mallorca-gal07-christian-oeser-330x220.jpg 330w\" sizes=\"auto, (max-width: 960px) 100vw, 960px\" \/><figcaption class=\"bigpicture-text\">\n<h3>Die beleuchtete Kathedrale von Palma de Mallorca<\/h3>\n<p>Abends nach Einbruch der Dunkelheit erstrahlt die gotische Kathedrale so richtig wundervoll. Ein beliebtes Fotomotiv ist der k\u00fcnstliche See vor der Kirche \u2013 kein Wunder bei diesem Anblick!<br \/>\n<a href=\"https:\/\/www.google.de\/maps\/place\/39.565841,2.648040\" target=\"_blank\" rel=\"noopener noreferrer\"><strong>Aufnahmeort anzeigen<\/strong><\/a><\/p>\n<\/figcaption><\/figure>\n<figure class=\"bigpicture\" style=\"width: 970px;\"><img loading=\"lazy\" decoding=\"async\" class=\"wp-image-13704 size-full\" src=\"https:\/\/coeser.de\/blog\/wp-content\/uploads\/2019\/10\/palma-de-mallorca-gal08-christian-oeser.jpg\" alt=\"Spiegelung der beleuchteten Kathedrale von Palma de Mallorca\" width=\"960\" height=\"640\" srcset=\"https:\/\/coeser.de\/blog\/wp-content\/uploads\/2019\/10\/palma-de-mallorca-gal08-christian-oeser.jpg 960w, https:\/\/coeser.de\/blog\/wp-content\/uploads\/2019\/10\/palma-de-mallorca-gal08-christian-oeser-300x200.jpg 300w, https:\/\/coeser.de\/blog\/wp-content\/uploads\/2019\/10\/palma-de-mallorca-gal08-christian-oeser-768x512.jpg 768w, https:\/\/coeser.de\/blog\/wp-content\/uploads\/2019\/10\/palma-de-mallorca-gal08-christian-oeser-330x220.jpg 330w\" sizes=\"auto, (max-width: 960px) 100vw, 960px\" \/><figcaption class=\"bigpicture-text\">\n<h3>Spiegelung der Kathedrale von Palma de Mallorca<\/h3>\n<p>Aber auch ohne See konnte ich nochmals die Wasserreste des abgezogenen Gewitters ausnutzen, um dieses spezielle Foto zu machen. Merke dir am besten f\u00fcr deine zuk\u00fcnftigen St\u00e4dtereisen, dass sich auch bei Regen exzellente Gelegenheiten f\u00fcr beeindruckende Fotos ergeben k\u00f6nnen.<br \/>\n<a href=\"https:\/\/www.google.de\/maps\/place\/39.566413,2.646662\" target=\"_blank\" rel=\"noopener noreferrer\"><strong>Aufnahmeort anzeigen<\/strong><\/a><\/p>\n<\/figcaption><\/figure>\n<figure class=\"bigpicture\" style=\"width: 970px;\"><img loading=\"lazy\" decoding=\"async\" class=\"wp-image-13705 size-full\" src=\"https:\/\/coeser.de\/blog\/wp-content\/uploads\/2019\/10\/palma-de-mallorca-gal09-christian-oeser.jpg\" alt=\"Innenansicht der Kathedrale von Palma de Mallorca\" width=\"960\" height=\"640\" srcset=\"https:\/\/coeser.de\/blog\/wp-content\/uploads\/2019\/10\/palma-de-mallorca-gal09-christian-oeser.jpg 960w, https:\/\/coeser.de\/blog\/wp-content\/uploads\/2019\/10\/palma-de-mallorca-gal09-christian-oeser-300x200.jpg 300w, https:\/\/coeser.de\/blog\/wp-content\/uploads\/2019\/10\/palma-de-mallorca-gal09-christian-oeser-768x512.jpg 768w, https:\/\/coeser.de\/blog\/wp-content\/uploads\/2019\/10\/palma-de-mallorca-gal09-christian-oeser-330x220.jpg 330w\" sizes=\"auto, (max-width: 960px) 100vw, 960px\" \/><figcaption class=\"bigpicture-text\">\n<h3>Prachtvolle Innenansicht der Kathedrale<\/h3>\n<p>So gro\u00dfartig die Kathedrale <em>La Seu<\/em> schon von au\u00dfen wirkt, so gigantisch pr\u00e4sentiert sie sich von innen. Es kommt unweigerlich ein ehrf\u00fcrchtiges Gef\u00fchl auf, wenn man in das Kirchenschiff und die riesige Fensterrose blickt. Der ber\u00fchmte Architekt Antoni Gaud\u00ed war \u00fcbrigens zwischen 1904 bis 1914 an Restaurierungs- und Dekorationsarbeiten beteiligt. Welche architektonischen Sch\u00e4tze der K\u00fcnstler in Barcelona hinterlassen hat, k\u00f6nnt ihr in meinem Artikel <strong><a href=\"https:\/\/coeser.de\/blog\/index.php\/2019\/04\/16\/barcelona-die-neun-unesco-schaetze\/\" target=\"_blank\" rel=\"noopener noreferrer\">Barcelona: Die neun UNESCO-Sch\u00e4tze<\/a><\/strong> herausfinden.<br \/>\n<a href=\"https:\/\/www.google.de\/maps\/place\/39.567491,2.647974\" target=\"_blank\" rel=\"noopener noreferrer\"><strong>Aufnahmeort anzeigen<\/strong><\/a><\/p>\n<\/figcaption><\/figure>\n<figure class=\"bigpicture\" style=\"width: 970px;\"><img loading=\"lazy\" decoding=\"async\" class=\"wp-image-13706 size-full\" src=\"https:\/\/coeser.de\/blog\/wp-content\/uploads\/2019\/10\/palma-de-mallorca-gal10-christian-oeser.jpg\" alt=\"Bunter Lichtstrahl in der Kathedrale von Palma de Mallorca\" width=\"960\" height=\"640\" srcset=\"https:\/\/coeser.de\/blog\/wp-content\/uploads\/2019\/10\/palma-de-mallorca-gal10-christian-oeser.jpg 960w, https:\/\/coeser.de\/blog\/wp-content\/uploads\/2019\/10\/palma-de-mallorca-gal10-christian-oeser-300x200.jpg 300w, https:\/\/coeser.de\/blog\/wp-content\/uploads\/2019\/10\/palma-de-mallorca-gal10-christian-oeser-768x512.jpg 768w, https:\/\/coeser.de\/blog\/wp-content\/uploads\/2019\/10\/palma-de-mallorca-gal10-christian-oeser-330x220.jpg 330w\" sizes=\"auto, (max-width: 960px) 100vw, 960px\" \/><figcaption class=\"bigpicture-text\">\n<h3>Farbenspektakel in der Kathedrale von Palma de Mallorca<\/h3>\n<p>Eine Besonderheit in der Kathedrale ist das einfallende Licht durch die bunte Fensterrose. Am besten kommt ihr gleich am Vormittag in die Kirche, da die Sonne naturgem\u00e4\u00df nicht den ganzen Tag an derselben Stelle verweilt und der Lichteinfall irgendwann verschwindet. \ud83d\ude09 Die Farben sehen jedenfalls absolut faszinierend aus!<br \/>\n<a href=\"https:\/\/www.google.de\/maps\/place\/39.567491,2.647974\" target=\"_blank\" rel=\"noopener noreferrer\"><strong>Aufnahmeort anzeigen<\/strong><\/a><\/p>\n<\/figcaption><\/figure>\n<figure class=\"bigpicture\" style=\"width: 970px;\"><img loading=\"lazy\" decoding=\"async\" class=\"wp-image-13707 size-full\" src=\"https:\/\/coeser.de\/blog\/wp-content\/uploads\/2019\/10\/palma-de-mallorca-gal11-christian-oeser.jpg\" alt=\"Nachtaufnahme des beleuchteten Pla\u00e7a Major in Palma de Mallorca\" width=\"960\" height=\"640\" srcset=\"https:\/\/coeser.de\/blog\/wp-content\/uploads\/2019\/10\/palma-de-mallorca-gal11-christian-oeser.jpg 960w, https:\/\/coeser.de\/blog\/wp-content\/uploads\/2019\/10\/palma-de-mallorca-gal11-christian-oeser-300x200.jpg 300w, https:\/\/coeser.de\/blog\/wp-content\/uploads\/2019\/10\/palma-de-mallorca-gal11-christian-oeser-768x512.jpg 768w, https:\/\/coeser.de\/blog\/wp-content\/uploads\/2019\/10\/palma-de-mallorca-gal11-christian-oeser-330x220.jpg 330w\" sizes=\"auto, (max-width: 960px) 100vw, 960px\" \/><figcaption class=\"bigpicture-text\">\n<h3>Der Pla\u00e7a Major in Palma de Mallorca<\/h3>\n<p>Keine spanische Stadt kommt ohne einen gro\u00dfen Hauptplatz aus. Auch der <em>Pla\u00e7a Major<\/em> in Palma de Mallorca ist ein herrliches Beispiel f\u00fcr einen repr\u00e4sentativen Platz. Sp\u00e4tabends hatte ich ihn sogar fast komplett ohne Menschen vor der Linse und konnte dieses Bild knippsen.<br \/>\n<a href=\"https:\/\/www.google.de\/maps\/place\/39.571433,2.651896\" target=\"_blank\" rel=\"noopener noreferrer\"><strong>Aufnahmeort anzeigen<\/strong><\/a><\/p>\n<\/figcaption><\/figure>\n<figure class=\"bigpicture\" style=\"width: 970px;\"><img loading=\"lazy\" decoding=\"async\" class=\"wp-image-13708 size-full\" src=\"https:\/\/coeser.de\/blog\/wp-content\/uploads\/2019\/10\/palma-de-mallorca-gal12-christian-oeser.jpg\" alt=\"Beleuchtetes Rathaus (Ajuntament) von Palma de Mallorca\" width=\"960\" height=\"640\" srcset=\"https:\/\/coeser.de\/blog\/wp-content\/uploads\/2019\/10\/palma-de-mallorca-gal12-christian-oeser.jpg 960w, https:\/\/coeser.de\/blog\/wp-content\/uploads\/2019\/10\/palma-de-mallorca-gal12-christian-oeser-300x200.jpg 300w, https:\/\/coeser.de\/blog\/wp-content\/uploads\/2019\/10\/palma-de-mallorca-gal12-christian-oeser-768x512.jpg 768w, https:\/\/coeser.de\/blog\/wp-content\/uploads\/2019\/10\/palma-de-mallorca-gal12-christian-oeser-330x220.jpg 330w\" sizes=\"auto, (max-width: 960px) 100vw, 960px\" \/><figcaption class=\"bigpicture-text\">\n<h3>Das beleuchtete Rathaus von Palma de Mallorca<\/h3>\n<p>Das Rathaus (<em>Ajuntament de Palma<\/em>) \u00fcbte schon untertags eine magische Wirkung auf mich aus. Abends bei einem letzten Spaziergang mit meiner Freundin wollte ich das interessante Bauwerk nochmals fotografieren und mit den Bl\u00e4ttern der umliegenden B\u00e4ume einrahmen.<br \/>\n<a href=\"https:\/\/www.google.de\/maps\/place\/39.569613,2.650093\" target=\"_blank\" rel=\"noopener noreferrer\"><strong>Aufnahmeort anzeigen<\/strong><\/a><\/p>\n<\/figcaption><\/figure>\n<figure class=\"bigpicture\" style=\"width: 970px;\"><img loading=\"lazy\" decoding=\"async\" class=\"wp-image-13709 size-full\" src=\"https:\/\/coeser.de\/blog\/wp-content\/uploads\/2019\/10\/palma-de-mallorca-gal13-christian-oeser.jpg\" alt=\"Jahrhunderte alter Olivenbaum auf dem Pla\u00e7a de Cort in Palma de Mallorca\" width=\"960\" height=\"640\" srcset=\"https:\/\/coeser.de\/blog\/wp-content\/uploads\/2019\/10\/palma-de-mallorca-gal13-christian-oeser.jpg 960w, https:\/\/coeser.de\/blog\/wp-content\/uploads\/2019\/10\/palma-de-mallorca-gal13-christian-oeser-300x200.jpg 300w, https:\/\/coeser.de\/blog\/wp-content\/uploads\/2019\/10\/palma-de-mallorca-gal13-christian-oeser-768x512.jpg 768w, https:\/\/coeser.de\/blog\/wp-content\/uploads\/2019\/10\/palma-de-mallorca-gal13-christian-oeser-330x220.jpg 330w\" sizes=\"auto, (max-width: 960px) 100vw, 960px\" \/><figcaption class=\"bigpicture-text\">\n<h3>Der alte Olivenbaum auf dem Pla\u00e7a de Cort<\/h3>\n<p>Gegen\u00fcber des Rathauses steht auf dem <em>Pla\u00e7a de Cort<\/em> \u00fcbrigens ein heimliches Wahrzeichen von Palma. Ein jahrhundertealter Olivenbaum sorgt mit seinen bizarren Wurzeln f\u00fcr Aufsehen unter Touristen und Einheimischen.<br \/>\n<a href=\"https:\/\/www.google.de\/maps\/place\/39.569580,2.649987\" target=\"_blank\" rel=\"noopener noreferrer\"><strong>Aufnahmeort anzeigen<\/strong><\/a><\/p>\n<\/figcaption><\/figure>\n<figure class=\"bigpicture\" style=\"width: 970px;\"><img loading=\"lazy\" decoding=\"async\" class=\"wp-image-13710 size-full\" src=\"https:\/\/coeser.de\/blog\/wp-content\/uploads\/2019\/10\/palma-de-mallorca-gal14-christian-oeser.jpg\" alt=\"Beleuchteter K\u00f6nigspalast La Almudaina in Palma de Mallorca\" width=\"960\" height=\"640\" srcset=\"https:\/\/coeser.de\/blog\/wp-content\/uploads\/2019\/10\/palma-de-mallorca-gal14-christian-oeser.jpg 960w, https:\/\/coeser.de\/blog\/wp-content\/uploads\/2019\/10\/palma-de-mallorca-gal14-christian-oeser-300x200.jpg 300w, https:\/\/coeser.de\/blog\/wp-content\/uploads\/2019\/10\/palma-de-mallorca-gal14-christian-oeser-768x512.jpg 768w, https:\/\/coeser.de\/blog\/wp-content\/uploads\/2019\/10\/palma-de-mallorca-gal14-christian-oeser-330x220.jpg 330w\" sizes=\"auto, (max-width: 960px) 100vw, 960px\" \/><figcaption class=\"bigpicture-text\">\n<h3>Der beleuchtete K\u00f6nigspalast La Almudaina<\/h3>\n<p>Nicht weit neben der Kathedrale situiert ist der K\u00f6nigspalast <em>La Almudaina<\/em>. Man kann das beeindruckende Bauwerk auch besuchen \u2013 meine Freundin und ich hatten den Palast aber an diesem Tag nicht am Programm. Abends erstrahlte er wie viele andere Geb\u00e4ude in sch\u00f6nstem Licht und lud mich zu einem weiteren Foto ein. \ud83d\ude09<br \/>\n<a href=\"https:\/\/www.google.de\/maps\/place\/39.568627,2.646752\" target=\"_blank\" rel=\"noopener noreferrer\"><strong>Aufnahmeort anzeigen<\/strong><\/a><\/p>\n<\/figcaption><\/figure>\n<figure class=\"bigpicture\" style=\"width: 970px;\"><img loading=\"lazy\" decoding=\"async\" class=\"wp-image-13711 size-full\" src=\"https:\/\/coeser.de\/blog\/wp-content\/uploads\/2019\/10\/palma-de-mallorca-gal15-christian-oeser.jpg\" alt=\"Architektur in Palma de Mallorca\" width=\"960\" height=\"640\" srcset=\"https:\/\/coeser.de\/blog\/wp-content\/uploads\/2019\/10\/palma-de-mallorca-gal15-christian-oeser.jpg 960w, https:\/\/coeser.de\/blog\/wp-content\/uploads\/2019\/10\/palma-de-mallorca-gal15-christian-oeser-300x200.jpg 300w, https:\/\/coeser.de\/blog\/wp-content\/uploads\/2019\/10\/palma-de-mallorca-gal15-christian-oeser-768x512.jpg 768w, https:\/\/coeser.de\/blog\/wp-content\/uploads\/2019\/10\/palma-de-mallorca-gal15-christian-oeser-330x220.jpg 330w\" sizes=\"auto, (max-width: 960px) 100vw, 960px\" \/><figcaption class=\"bigpicture-text\">\n<h3>Die prachtvolle Architektur in Palma de Mallorca<\/h3>\n<p>Das letzte Foto in diesem Blogbeitrag steht f\u00fcr die Architektur der Altstadt. Man muss einmal in Palma gewesen sein, um die unglaubliche Pracht der Wohnh\u00e4user, Stadtpal\u00e4ste und zahlreichen Kirchen begreifen zu k\u00f6nnen!<br \/>\n<a href=\"https:\/\/www.google.de\/maps\/place\/39.569935,2.650365\" target=\"_blank\" rel=\"noopener noreferrer\"><strong>Aufnahmeort anzeigen<\/strong><\/a><\/p>\n<\/figcaption><\/figure>\n<hr \/>\n<div class=\"fazit\">\n<h2>FAZIT<\/h2>\n<p>Auch wenn ich entgegen meiner sonstigen Gewohnheiten Palma de Mallorca nur einen Kurzbesuch ohne viel Sightseeing abstattete, denke ich dennoch mit einem wohlig warmen Gef\u00fchl im Bauch daran zur\u00fcck. Die Stadt \u00fcbt von Beginn an eine immense Faszination aus. Seien es die Luxusjachten im gro\u00dffl\u00e4chigen Hafen, die verf\u00fchrerischen K\u00f6stlichkeiten in der Markthalle oder die Architektur der Kathedrale La Seu \u2013 es machte einfach Spa\u00df, Palma zu durchforsten und zu entdecken. Eines ist f\u00fcr mich aber klar: eine R\u00fcckkehr in die mallorquinische Hauptstadt ist f\u00fcr mich Pflicht, um noch viele weitere Facetten der Altstadt kennenzulernen. Wie hat dir Palma gefallen, hast du besondere Lieblingspl\u00e4tze? \ud83d\ude42<\/p>\n<\/div>\n<p>&nbsp;<\/p>\n<div style=\"display: none;\">\n<p><img loading=\"lazy\" decoding=\"async\" class=\"alignnone size-full wp-image-13695\" src=\"https:\/\/coeser.de\/blog\/wp-content\/uploads\/2019\/10\/palma-de-mallorca-p01-christian-oeser.jpg\" alt=\"Palma de Mallorca: Die 15 sch\u00f6nsten Fotos aus der Hauptstadt. Mit Erfahrungen zu Sehensw\u00fcrdigkeiten, den besten Fotospots sowie allgemeinen Tipps.\" width=\"735\" height=\"1102\" srcset=\"https:\/\/coeser.de\/blog\/wp-content\/uploads\/2019\/10\/palma-de-mallorca-p01-christian-oeser.jpg 735w, https:\/\/coeser.de\/blog\/wp-content\/uploads\/2019\/10\/palma-de-mallorca-p01-christian-oeser-200x300.jpg 200w, https:\/\/coeser.de\/blog\/wp-content\/uploads\/2019\/10\/palma-de-mallorca-p01-christian-oeser-683x1024.jpg 683w\" sizes=\"auto, (max-width: 735px) 100vw, 735px\" \/><img loading=\"lazy\" decoding=\"async\" class=\"alignnone size-full wp-image-13696\" src=\"https:\/\/coeser.de\/blog\/wp-content\/uploads\/2019\/10\/palma-de-mallorca-p02-christian-oeser.jpg\" alt=\"Palma de Mallorca: Die 15 sch\u00f6nsten Fotos aus der Hauptstadt. Mit Erfahrungen zu Sehensw\u00fcrdigkeiten, den besten Fotospots sowie allgemeinen Tipps.\" width=\"735\" height=\"1102\" srcset=\"https:\/\/coeser.de\/blog\/wp-content\/uploads\/2019\/10\/palma-de-mallorca-p02-christian-oeser.jpg 735w, https:\/\/coeser.de\/blog\/wp-content\/uploads\/2019\/10\/palma-de-mallorca-p02-christian-oeser-200x300.jpg 200w, https:\/\/coeser.de\/blog\/wp-content\/uploads\/2019\/10\/palma-de-mallorca-p02-christian-oeser-683x1024.jpg 683w\" sizes=\"auto, (max-width: 735px) 100vw, 735px\" \/><\/p>\n<\/div>\n","protected":false},"excerpt":{"rendered":"<p>Ein Urlaub auf Mallorca verspricht verdammt viel: Sonne, Meer, Natur, Erholung, k\u00f6stliches Essen und vieles mehr! All das bot sich mir w\u00e4hrend eines einw\u00f6chigen Trips auf die gr\u00f6\u00dfte Insel der Balearen. Normalerweise nehme ich mir auf Reisen zus\u00e4tzlich auch immer viel Zeit f\u00fcr die Erkundung von St\u00e4dten, doch diesmal stand die Erholung im Vordergrund. Der [&hellip;]<\/p>\n","protected":false},"author":1,"featured_media":13713,"comment_status":"open","ping_status":"open","sticky":false,"template":"","format":"standard","meta":{"_jetpack_memberships_contains_paid_content":false,"footnotes":""},"categories":[107],"tags":[25,352,353,9,11,12,356,41,68,112,10],"class_list":["post-13691","post","type-post","status-publish","format-standard","has-post-thumbnail","hentry","category-spanien","tag-ausflug","tag-balearen","tag-balearische-inseln","tag-cityguide","tag-fotospots","tag-fototipps","tag-palma-de-mallorca","tag-reisebericht","tag-reisefuehrer","tag-spanien","tag-staedtereise"],"yoast_head":"<!-- This site is optimized with the Yoast SEO plugin v27.4 - https:\/\/yoast.com\/product\/yoast-seo-wordpress\/ -->\n<title>Palma de Mallorca: 15 Bilder, die Lust machen<\/title>\n<meta name=\"description\" content=\"Palma de Mallorca: Die 15 sch\u00f6nsten Fotos aus der Hauptstadt + Sehensw\u00fcrdigkeiten, die besten Fotospots und allgemeine Tipps.\" \/>\n<meta name=\"robots\" content=\"index, follow, max-snippet:-1, max-image-preview:large, max-video-preview:-1\" \/>\n<link rel=\"canonical\" href=\"https:\/\/coeser.de\/blog\/index.php\/2019\/10\/29\/palma-de-mallorca-15-bilder-die-lust-machen\/\" \/>\n<meta property=\"og:locale\" content=\"de_DE\" \/>\n<meta property=\"og:type\" content=\"article\" \/>\n<meta property=\"og:title\" content=\"Palma de Mallorca: 15 Bilder, die Lust machen\" \/>\n<meta property=\"og:description\" content=\"Palma de Mallorca: Die 15 sch\u00f6nsten Fotos aus der Hauptstadt + Sehensw\u00fcrdigkeiten, die besten Fotospots und allgemeine Tipps.\" \/>\n<meta property=\"og:url\" content=\"https:\/\/coeser.de\/blog\/index.php\/2019\/10\/29\/palma-de-mallorca-15-bilder-die-lust-machen\/\" \/>\n<meta property=\"og:site_name\" content=\"fern &amp; nah - Reiseblog und Fotostories von Christian \u00d6ser\" \/>\n<meta property=\"article:publisher\" content=\"Christian \u00d6ser\" \/>\n<meta property=\"article:author\" content=\"Christian \u00d6ser\" \/>\n<meta property=\"article:published_time\" content=\"2019-10-29T06:00:15+00:00\" \/>\n<meta property=\"article:modified_time\" content=\"2023-09-08T13:21:55+00:00\" \/>\n<meta property=\"og:image\" content=\"https:\/\/coeser.de\/blog\/wp-content\/uploads\/2019\/10\/palma-de-mallorca-aufmacher-kathedrale-christian-oeser.jpg\" \/>\n\t<meta property=\"og:image:width\" content=\"978\" \/>\n\t<meta property=\"og:image:height\" content=\"550\" \/>\n\t<meta property=\"og:image:type\" content=\"image\/jpeg\" \/>\n<meta name=\"author\" content=\"Christian \u00d6ser\" \/>\n<meta name=\"twitter:card\" content=\"summary_large_image\" \/>\n<meta name=\"twitter:label1\" content=\"Verfasst von\" \/>\n\t<meta name=\"twitter:data1\" content=\"Christian \u00d6ser\" \/>\n\t<meta name=\"twitter:label2\" content=\"Gesch\u00e4tzte Lesezeit\" \/>\n\t<meta name=\"twitter:data2\" content=\"13\u00a0Minuten\" \/>\n<script type=\"application\/ld+json\" class=\"yoast-schema-graph\">{\"@context\":\"https:\\\/\\\/schema.org\",\"@graph\":[{\"@type\":\"Article\",\"@id\":\"https:\\\/\\\/coeser.de\\\/blog\\\/index.php\\\/2019\\\/10\\\/29\\\/palma-de-mallorca-15-bilder-die-lust-machen\\\/#article\",\"isPartOf\":{\"@id\":\"https:\\\/\\\/coeser.de\\\/blog\\\/index.php\\\/2019\\\/10\\\/29\\\/palma-de-mallorca-15-bilder-die-lust-machen\\\/\"},\"author\":{\"name\":\"Christian \u00d6ser\",\"@id\":\"https:\\\/\\\/coeser.de\\\/blog\\\/#\\\/schema\\\/person\\\/fda1d253389076b2cadc3d47018cf315\"},\"headline\":\"Palma de Mallorca: 15 Bilder, die Lust machen\",\"datePublished\":\"2019-10-29T06:00:15+00:00\",\"dateModified\":\"2023-09-08T13:21:55+00:00\",\"mainEntityOfPage\":{\"@id\":\"https:\\\/\\\/coeser.de\\\/blog\\\/index.php\\\/2019\\\/10\\\/29\\\/palma-de-mallorca-15-bilder-die-lust-machen\\\/\"},\"wordCount\":1656,\"commentCount\":1,\"publisher\":{\"@id\":\"https:\\\/\\\/coeser.de\\\/blog\\\/#\\\/schema\\\/person\\\/fda1d253389076b2cadc3d47018cf315\"},\"image\":{\"@id\":\"https:\\\/\\\/coeser.de\\\/blog\\\/index.php\\\/2019\\\/10\\\/29\\\/palma-de-mallorca-15-bilder-die-lust-machen\\\/#primaryimage\"},\"thumbnailUrl\":\"https:\\\/\\\/coeser.de\\\/blog\\\/wp-content\\\/uploads\\\/2019\\\/10\\\/palma-de-mallorca-aufmacher-kathedrale-christian-oeser.jpg\",\"keywords\":[\"Ausflug\",\"Balearen\",\"Balearische Inseln\",\"Cityguide\",\"Fotospots\",\"Fototipps\",\"Palma de Mallorca\",\"Reisebericht\",\"Reisef\u00fchrer\",\"Spanien\",\"St\u00e4dtereise\"],\"articleSection\":[\"SPANIEN\"],\"inLanguage\":\"de\",\"potentialAction\":[{\"@type\":\"CommentAction\",\"name\":\"Comment\",\"target\":[\"https:\\\/\\\/coeser.de\\\/blog\\\/index.php\\\/2019\\\/10\\\/29\\\/palma-de-mallorca-15-bilder-die-lust-machen\\\/#respond\"]}]},{\"@type\":\"WebPage\",\"@id\":\"https:\\\/\\\/coeser.de\\\/blog\\\/index.php\\\/2019\\\/10\\\/29\\\/palma-de-mallorca-15-bilder-die-lust-machen\\\/\",\"url\":\"https:\\\/\\\/coeser.de\\\/blog\\\/index.php\\\/2019\\\/10\\\/29\\\/palma-de-mallorca-15-bilder-die-lust-machen\\\/\",\"name\":\"Palma de Mallorca: 15 Bilder, die Lust machen\",\"isPartOf\":{\"@id\":\"https:\\\/\\\/coeser.de\\\/blog\\\/#website\"},\"primaryImageOfPage\":{\"@id\":\"https:\\\/\\\/coeser.de\\\/blog\\\/index.php\\\/2019\\\/10\\\/29\\\/palma-de-mallorca-15-bilder-die-lust-machen\\\/#primaryimage\"},\"image\":{\"@id\":\"https:\\\/\\\/coeser.de\\\/blog\\\/index.php\\\/2019\\\/10\\\/29\\\/palma-de-mallorca-15-bilder-die-lust-machen\\\/#primaryimage\"},\"thumbnailUrl\":\"https:\\\/\\\/coeser.de\\\/blog\\\/wp-content\\\/uploads\\\/2019\\\/10\\\/palma-de-mallorca-aufmacher-kathedrale-christian-oeser.jpg\",\"datePublished\":\"2019-10-29T06:00:15+00:00\",\"dateModified\":\"2023-09-08T13:21:55+00:00\",\"description\":\"Palma de Mallorca: Die 15 sch\u00f6nsten Fotos aus der Hauptstadt + Sehensw\u00fcrdigkeiten, die besten Fotospots und allgemeine Tipps.\",\"breadcrumb\":{\"@id\":\"https:\\\/\\\/coeser.de\\\/blog\\\/index.php\\\/2019\\\/10\\\/29\\\/palma-de-mallorca-15-bilder-die-lust-machen\\\/#breadcrumb\"},\"inLanguage\":\"de\",\"potentialAction\":[{\"@type\":\"ReadAction\",\"target\":[\"https:\\\/\\\/coeser.de\\\/blog\\\/index.php\\\/2019\\\/10\\\/29\\\/palma-de-mallorca-15-bilder-die-lust-machen\\\/\"]}]},{\"@type\":\"ImageObject\",\"inLanguage\":\"de\",\"@id\":\"https:\\\/\\\/coeser.de\\\/blog\\\/index.php\\\/2019\\\/10\\\/29\\\/palma-de-mallorca-15-bilder-die-lust-machen\\\/#primaryimage\",\"url\":\"https:\\\/\\\/coeser.de\\\/blog\\\/wp-content\\\/uploads\\\/2019\\\/10\\\/palma-de-mallorca-aufmacher-kathedrale-christian-oeser.jpg\",\"contentUrl\":\"https:\\\/\\\/coeser.de\\\/blog\\\/wp-content\\\/uploads\\\/2019\\\/10\\\/palma-de-mallorca-aufmacher-kathedrale-christian-oeser.jpg\",\"width\":978,\"height\":550},{\"@type\":\"BreadcrumbList\",\"@id\":\"https:\\\/\\\/coeser.de\\\/blog\\\/index.php\\\/2019\\\/10\\\/29\\\/palma-de-mallorca-15-bilder-die-lust-machen\\\/#breadcrumb\",\"itemListElement\":[{\"@type\":\"ListItem\",\"position\":1,\"name\":\"Startseite\",\"item\":\"https:\\\/\\\/coeser.de\\\/blog\\\/\"},{\"@type\":\"ListItem\",\"position\":2,\"name\":\"Palma de Mallorca: 15 Bilder, die Lust machen\"}]},{\"@type\":\"WebSite\",\"@id\":\"https:\\\/\\\/coeser.de\\\/blog\\\/#website\",\"url\":\"https:\\\/\\\/coeser.de\\\/blog\\\/\",\"name\":\"fern &amp; nah - Reiseblog und Fotostories von Christian \u00d6ser\",\"description\":\"Reiseblog und Fotostories von Christian \u00d6ser\",\"publisher\":{\"@id\":\"https:\\\/\\\/coeser.de\\\/blog\\\/#\\\/schema\\\/person\\\/fda1d253389076b2cadc3d47018cf315\"},\"potentialAction\":[{\"@type\":\"SearchAction\",\"target\":{\"@type\":\"EntryPoint\",\"urlTemplate\":\"https:\\\/\\\/coeser.de\\\/blog\\\/?s={search_term_string}\"},\"query-input\":{\"@type\":\"PropertyValueSpecification\",\"valueRequired\":true,\"valueName\":\"search_term_string\"}}],\"inLanguage\":\"de\"},{\"@type\":[\"Person\",\"Organization\"],\"@id\":\"https:\\\/\\\/coeser.de\\\/blog\\\/#\\\/schema\\\/person\\\/fda1d253389076b2cadc3d47018cf315\",\"name\":\"Christian \u00d6ser\",\"image\":{\"@type\":\"ImageObject\",\"inLanguage\":\"de\",\"@id\":\"https:\\\/\\\/coeser.de\\\/blog\\\/wp-content\\\/uploads\\\/2016\\\/08\\\/logo-fern-und-nah-christian-oeser-4.jpg\",\"url\":\"https:\\\/\\\/coeser.de\\\/blog\\\/wp-content\\\/uploads\\\/2016\\\/08\\\/logo-fern-und-nah-christian-oeser-4.jpg\",\"contentUrl\":\"https:\\\/\\\/coeser.de\\\/blog\\\/wp-content\\\/uploads\\\/2016\\\/08\\\/logo-fern-und-nah-christian-oeser-4.jpg\",\"width\":1090,\"height\":245,\"caption\":\"Christian \u00d6ser\"},\"logo\":{\"@id\":\"https:\\\/\\\/coeser.de\\\/blog\\\/wp-content\\\/uploads\\\/2016\\\/08\\\/logo-fern-und-nah-christian-oeser-4.jpg\"},\"sameAs\":[\"http:\\\/\\\/www.coeser.de\",\"Christian \u00d6ser\",\"https:\\\/\\\/www.instagram.com\\\/coeser_de\\\/\",\"https:\\\/\\\/www.pinterest.at\\\/nightline5\\\/\"],\"url\":\"https:\\\/\\\/coeser.de\\\/blog\\\/index.php\\\/author\\\/coeser\\\/\"}]}<\/script>\n<!-- \/ Yoast SEO plugin. -->","yoast_head_json":{"title":"Palma de Mallorca: 15 Bilder, die Lust machen","description":"Palma de Mallorca: Die 15 sch\u00f6nsten Fotos aus der Hauptstadt + Sehensw\u00fcrdigkeiten, die besten Fotospots und allgemeine Tipps.","robots":{"index":"index","follow":"follow","max-snippet":"max-snippet:-1","max-image-preview":"max-image-preview:large","max-video-preview":"max-video-preview:-1"},"canonical":"https:\/\/coeser.de\/blog\/index.php\/2019\/10\/29\/palma-de-mallorca-15-bilder-die-lust-machen\/","og_locale":"de_DE","og_type":"article","og_title":"Palma de Mallorca: 15 Bilder, die Lust machen","og_description":"Palma de Mallorca: Die 15 sch\u00f6nsten Fotos aus der Hauptstadt + Sehensw\u00fcrdigkeiten, die besten Fotospots und allgemeine Tipps.","og_url":"https:\/\/coeser.de\/blog\/index.php\/2019\/10\/29\/palma-de-mallorca-15-bilder-die-lust-machen\/","og_site_name":"fern &amp; nah - Reiseblog und Fotostories von Christian \u00d6ser","article_publisher":"Christian \u00d6ser","article_author":"Christian \u00d6ser","article_published_time":"2019-10-29T06:00:15+00:00","article_modified_time":"2023-09-08T13:21:55+00:00","og_image":[{"width":978,"height":550,"url":"https:\/\/coeser.de\/blog\/wp-content\/uploads\/2019\/10\/palma-de-mallorca-aufmacher-kathedrale-christian-oeser.jpg","type":"image\/jpeg"}],"author":"Christian \u00d6ser","twitter_card":"summary_large_image","twitter_misc":{"Verfasst von":"Christian \u00d6ser","Gesch\u00e4tzte Lesezeit":"13\u00a0Minuten"},"schema":{"@context":"https:\/\/schema.org","@graph":[{"@type":"Article","@id":"https:\/\/coeser.de\/blog\/index.php\/2019\/10\/29\/palma-de-mallorca-15-bilder-die-lust-machen\/#article","isPartOf":{"@id":"https:\/\/coeser.de\/blog\/index.php\/2019\/10\/29\/palma-de-mallorca-15-bilder-die-lust-machen\/"},"author":{"name":"Christian \u00d6ser","@id":"https:\/\/coeser.de\/blog\/#\/schema\/person\/fda1d253389076b2cadc3d47018cf315"},"headline":"Palma de Mallorca: 15 Bilder, die Lust machen","datePublished":"2019-10-29T06:00:15+00:00","dateModified":"2023-09-08T13:21:55+00:00","mainEntityOfPage":{"@id":"https:\/\/coeser.de\/blog\/index.php\/2019\/10\/29\/palma-de-mallorca-15-bilder-die-lust-machen\/"},"wordCount":1656,"commentCount":1,"publisher":{"@id":"https:\/\/coeser.de\/blog\/#\/schema\/person\/fda1d253389076b2cadc3d47018cf315"},"image":{"@id":"https:\/\/coeser.de\/blog\/index.php\/2019\/10\/29\/palma-de-mallorca-15-bilder-die-lust-machen\/#primaryimage"},"thumbnailUrl":"https:\/\/coeser.de\/blog\/wp-content\/uploads\/2019\/10\/palma-de-mallorca-aufmacher-kathedrale-christian-oeser.jpg","keywords":["Ausflug","Balearen","Balearische Inseln","Cityguide","Fotospots","Fototipps","Palma de Mallorca","Reisebericht","Reisef\u00fchrer","Spanien","St\u00e4dtereise"],"articleSection":["SPANIEN"],"inLanguage":"de","potentialAction":[{"@type":"CommentAction","name":"Comment","target":["https:\/\/coeser.de\/blog\/index.php\/2019\/10\/29\/palma-de-mallorca-15-bilder-die-lust-machen\/#respond"]}]},{"@type":"WebPage","@id":"https:\/\/coeser.de\/blog\/index.php\/2019\/10\/29\/palma-de-mallorca-15-bilder-die-lust-machen\/","url":"https:\/\/coeser.de\/blog\/index.php\/2019\/10\/29\/palma-de-mallorca-15-bilder-die-lust-machen\/","name":"Palma de Mallorca: 15 Bilder, die Lust machen","isPartOf":{"@id":"https:\/\/coeser.de\/blog\/#website"},"primaryImageOfPage":{"@id":"https:\/\/coeser.de\/blog\/index.php\/2019\/10\/29\/palma-de-mallorca-15-bilder-die-lust-machen\/#primaryimage"},"image":{"@id":"https:\/\/coeser.de\/blog\/index.php\/2019\/10\/29\/palma-de-mallorca-15-bilder-die-lust-machen\/#primaryimage"},"thumbnailUrl":"https:\/\/coeser.de\/blog\/wp-content\/uploads\/2019\/10\/palma-de-mallorca-aufmacher-kathedrale-christian-oeser.jpg","datePublished":"2019-10-29T06:00:15+00:00","dateModified":"2023-09-08T13:21:55+00:00","description":"Palma de Mallorca: Die 15 sch\u00f6nsten Fotos aus der Hauptstadt + Sehensw\u00fcrdigkeiten, die besten Fotospots und allgemeine Tipps.","breadcrumb":{"@id":"https:\/\/coeser.de\/blog\/index.php\/2019\/10\/29\/palma-de-mallorca-15-bilder-die-lust-machen\/#breadcrumb"},"inLanguage":"de","potentialAction":[{"@type":"ReadAction","target":["https:\/\/coeser.de\/blog\/index.php\/2019\/10\/29\/palma-de-mallorca-15-bilder-die-lust-machen\/"]}]},{"@type":"ImageObject","inLanguage":"de","@id":"https:\/\/coeser.de\/blog\/index.php\/2019\/10\/29\/palma-de-mallorca-15-bilder-die-lust-machen\/#primaryimage","url":"https:\/\/coeser.de\/blog\/wp-content\/uploads\/2019\/10\/palma-de-mallorca-aufmacher-kathedrale-christian-oeser.jpg","contentUrl":"https:\/\/coeser.de\/blog\/wp-content\/uploads\/2019\/10\/palma-de-mallorca-aufmacher-kathedrale-christian-oeser.jpg","width":978,"height":550},{"@type":"BreadcrumbList","@id":"https:\/\/coeser.de\/blog\/index.php\/2019\/10\/29\/palma-de-mallorca-15-bilder-die-lust-machen\/#breadcrumb","itemListElement":[{"@type":"ListItem","position":1,"name":"Startseite","item":"https:\/\/coeser.de\/blog\/"},{"@type":"ListItem","position":2,"name":"Palma de Mallorca: 15 Bilder, die Lust machen"}]},{"@type":"WebSite","@id":"https:\/\/coeser.de\/blog\/#website","url":"https:\/\/coeser.de\/blog\/","name":"fern &amp; nah - Reiseblog und Fotostories von Christian \u00d6ser","description":"Reiseblog und Fotostories von Christian \u00d6ser","publisher":{"@id":"https:\/\/coeser.de\/blog\/#\/schema\/person\/fda1d253389076b2cadc3d47018cf315"},"potentialAction":[{"@type":"SearchAction","target":{"@type":"EntryPoint","urlTemplate":"https:\/\/coeser.de\/blog\/?s={search_term_string}"},"query-input":{"@type":"PropertyValueSpecification","valueRequired":true,"valueName":"search_term_string"}}],"inLanguage":"de"},{"@type":["Person","Organization"],"@id":"https:\/\/coeser.de\/blog\/#\/schema\/person\/fda1d253389076b2cadc3d47018cf315","name":"Christian \u00d6ser","image":{"@type":"ImageObject","inLanguage":"de","@id":"https:\/\/coeser.de\/blog\/wp-content\/uploads\/2016\/08\/logo-fern-und-nah-christian-oeser-4.jpg","url":"https:\/\/coeser.de\/blog\/wp-content\/uploads\/2016\/08\/logo-fern-und-nah-christian-oeser-4.jpg","contentUrl":"https:\/\/coeser.de\/blog\/wp-content\/uploads\/2016\/08\/logo-fern-und-nah-christian-oeser-4.jpg","width":1090,"height":245,"caption":"Christian \u00d6ser"},"logo":{"@id":"https:\/\/coeser.de\/blog\/wp-content\/uploads\/2016\/08\/logo-fern-und-nah-christian-oeser-4.jpg"},"sameAs":["http:\/\/www.coeser.de","Christian \u00d6ser","https:\/\/www.instagram.com\/coeser_de\/","https:\/\/www.pinterest.at\/nightline5\/"],"url":"https:\/\/coeser.de\/blog\/index.php\/author\/coeser\/"}]}},"jetpack_featured_media_url":"https:\/\/coeser.de\/blog\/wp-content\/uploads\/2019\/10\/palma-de-mallorca-aufmacher-kathedrale-christian-oeser.jpg","jetpack-related-posts":[{"id":13536,"url":"https:\/\/coeser.de\/blog\/index.php\/2019\/10\/15\/mallorca-10-traumorte-zum-staunen\/","url_meta":{"origin":13691,"position":0},"title":"Mallorca: 10 Traumorte zum Staunen","author":"Christian \u00d6ser","date":"15. Oktober 2019","format":false,"excerpt":"Mallorca ist ber\u00fchmt-ber\u00fcchtigt f\u00fcr seinen Party- und Sauftourismus. Zum Gl\u00fcck ist das nur eine kleine Seite der Insel, die abseits von Ballermann & Co. fantastische M\u00f6glichkeiten f\u00fcr Sportler sowie Erholungssuchende bietet. In diesem Artikel zeige ich euch deshalb zehn Orte auf Mallorca, die ihr unbedingt sehen und erleben solltet. Was\u2026","rel":"","context":"In &quot;SPANIEN&quot;","block_context":{"text":"SPANIEN","link":"https:\/\/coeser.de\/blog\/index.php\/category\/europa\/spanien\/"},"img":{"alt_text":"Felsentor Mirador Es Pont\u00e0s nach Sonnenuntergang auf Mallorca","src":"https:\/\/i0.wp.com\/coeser.de\/blog\/wp-content\/uploads\/2019\/10\/mallorca-aufmacher-felsentor-es-pontas-christian-oeser.jpg?resize=350%2C200&ssl=1","width":350,"height":200,"srcset":"https:\/\/i0.wp.com\/coeser.de\/blog\/wp-content\/uploads\/2019\/10\/mallorca-aufmacher-felsentor-es-pontas-christian-oeser.jpg?resize=350%2C200&ssl=1 1x, https:\/\/i0.wp.com\/coeser.de\/blog\/wp-content\/uploads\/2019\/10\/mallorca-aufmacher-felsentor-es-pontas-christian-oeser.jpg?resize=525%2C300&ssl=1 1.5x, https:\/\/i0.wp.com\/coeser.de\/blog\/wp-content\/uploads\/2019\/10\/mallorca-aufmacher-felsentor-es-pontas-christian-oeser.jpg?resize=700%2C400&ssl=1 2x"},"classes":[]},{"id":15069,"url":"https:\/\/coeser.de\/blog\/index.php\/2022\/06\/22\/lissabon-fotospots-beste-bilder\/","url_meta":{"origin":13691,"position":1},"title":"Lissabon: 20 Fotospots, die Lust machen","author":"Christian \u00d6ser","date":"22. Juni 2022","format":false,"excerpt":"Wenige St\u00e4dte in Europa lassen mein Herz derart vor Freude h\u00fcpfen wie Lissabon. Die Hauptstadt von Portugal verspr\u00fcht einfach unheimlich viel Charme! Es gibt nicht nur enorm viele sehenswerte Geb\u00e4ude, Pl\u00e4tze und Gassen, sondern auch jede Menge Orte, wo man einfach die Seele baumeln lassen kann. F\u00fcr diesen Artikel habe\u2026","rel":"","context":"In &quot;PORTUGAL&quot;","block_context":{"text":"PORTUGAL","link":"https:\/\/coeser.de\/blog\/index.php\/category\/europa\/portugal\/"},"img":{"alt_text":"Der Triumphbogen Arco da Rua Augusta in Lissabon","src":"https:\/\/i0.wp.com\/coeser.de\/blog\/wp-content\/uploads\/2022\/03\/lissabon-to-do-aufmacher-arco-rua-augusta-christian-oeser.jpg?resize=350%2C200&ssl=1","width":350,"height":200,"srcset":"https:\/\/i0.wp.com\/coeser.de\/blog\/wp-content\/uploads\/2022\/03\/lissabon-to-do-aufmacher-arco-rua-augusta-christian-oeser.jpg?resize=350%2C200&ssl=1 1x, https:\/\/i0.wp.com\/coeser.de\/blog\/wp-content\/uploads\/2022\/03\/lissabon-to-do-aufmacher-arco-rua-augusta-christian-oeser.jpg?resize=525%2C300&ssl=1 1.5x, https:\/\/i0.wp.com\/coeser.de\/blog\/wp-content\/uploads\/2022\/03\/lissabon-to-do-aufmacher-arco-rua-augusta-christian-oeser.jpg?resize=700%2C400&ssl=1 2x"},"classes":[]},{"id":2126,"url":"https:\/\/coeser.de\/blog\/index.php\/2017\/02\/07\/ein-abstecher-nach-toledo\/","url_meta":{"origin":13691,"position":2},"title":"Ein Abstecher nach Toledo","author":"Christian \u00d6ser","date":"7. Februar 2017","format":false,"excerpt":"Wenn ich einen St\u00e4dtetrip mache, plane ich normalerweise nur Zeit f\u00fcr die Stadt selbst ein, um alles Wichtige in Ruhe erleben zu k\u00f6nnen. So war es auch bei meinem Besuch in Madrid gedacht. Doch meine Eltern und Freunde haben mir eindringlich dazu geraten, unbedingt auch einen Tagesausflug nach Toledo einzuplanen\u2026","rel":"","context":"In &quot;SPANIEN&quot;","block_context":{"text":"SPANIEN","link":"https:\/\/coeser.de\/blog\/index.php\/category\/europa\/spanien\/"},"img":{"alt_text":"","src":"https:\/\/i0.wp.com\/coeser.de\/blog\/wp-content\/uploads\/2017\/01\/toledo-aufmacher-christian-oeser.jpg?resize=350%2C200&ssl=1","width":350,"height":200,"srcset":"https:\/\/i0.wp.com\/coeser.de\/blog\/wp-content\/uploads\/2017\/01\/toledo-aufmacher-christian-oeser.jpg?resize=350%2C200&ssl=1 1x, https:\/\/i0.wp.com\/coeser.de\/blog\/wp-content\/uploads\/2017\/01\/toledo-aufmacher-christian-oeser.jpg?resize=525%2C300&ssl=1 1.5x, https:\/\/i0.wp.com\/coeser.de\/blog\/wp-content\/uploads\/2017\/01\/toledo-aufmacher-christian-oeser.jpg?resize=700%2C400&ssl=1 2x"},"classes":[]},{"id":17724,"url":"https:\/\/coeser.de\/blog\/index.php\/2023\/01\/12\/lissabon-15-besten-sehenswuerdigkeiten\/","url_meta":{"origin":13691,"position":3},"title":"Lissabon: Die 15 besten Sehensw\u00fcrdigkeiten","author":"Christian \u00d6ser","date":"12. Januar 2023","format":false,"excerpt":"Lissabon ist eine Stadt, mit der man einfach sofort warm wird und sich wohlf\u00fchlt. Die Liste an Sehensw\u00fcrdigkeiten ist lang und kann beim ersten Besuch der portugiesischen Hauptstadt leicht \u00fcberw\u00e4ltigend sein. Zwischen all den Sehensw\u00fcrdigkeiten, Museen, Aussichtspunkten und sch\u00f6nen Pl\u00e4tzen stellt sich die Frage, was denn nun wirklich wichtig ist.\u2026","rel":"","context":"In &quot;PORTUGAL&quot;","block_context":{"text":"PORTUGAL","link":"https:\/\/coeser.de\/blog\/index.php\/category\/europa\/portugal\/"},"img":{"alt_text":"Das Hieronymitenkloster (Mosteiro dos Jer\u00f3nimos) in Lissabon","src":"https:\/\/i0.wp.com\/coeser.de\/blog\/wp-content\/uploads\/2022\/03\/lissabon-sehenswertes-aufmacher-mosteiro-jeronimos-christian-oeser.jpg?resize=350%2C200&ssl=1","width":350,"height":200,"srcset":"https:\/\/i0.wp.com\/coeser.de\/blog\/wp-content\/uploads\/2022\/03\/lissabon-sehenswertes-aufmacher-mosteiro-jeronimos-christian-oeser.jpg?resize=350%2C200&ssl=1 1x, https:\/\/i0.wp.com\/coeser.de\/blog\/wp-content\/uploads\/2022\/03\/lissabon-sehenswertes-aufmacher-mosteiro-jeronimos-christian-oeser.jpg?resize=525%2C300&ssl=1 1.5x, https:\/\/i0.wp.com\/coeser.de\/blog\/wp-content\/uploads\/2022\/03\/lissabon-sehenswertes-aufmacher-mosteiro-jeronimos-christian-oeser.jpg?resize=700%2C400&ssl=1 2x"},"classes":[]},{"id":12022,"url":"https:\/\/coeser.de\/blog\/index.php\/2019\/05\/14\/barcelona-7-orte-falls-du-noch-zeit-hast\/","url_meta":{"origin":13691,"position":4},"title":"Barcelona: 7 Tipps, falls du noch Zeit hast","author":"Christian \u00d6ser","date":"14. Mai 2019","format":false,"excerpt":"Barcelona ist eine der St\u00e4dte, in die man jederzeit problemlos zur\u00fcckkehren kann, ohne dass man Angst vor Langeweile haben muss. Beim ersten Besuch stehen sicherlich einmal die bekanntesten Sehensw\u00fcrdigkeiten auf dem Programm, welche ohnehin schon eine Menge Zeit in Anspruch nehmen. Hat man die Bauwerke von Antoni Gaud\u00ec, die Erkundung\u2026","rel":"","context":"In &quot;SPANIEN&quot;","block_context":{"text":"SPANIEN","link":"https:\/\/coeser.de\/blog\/index.php\/category\/europa\/spanien\/"},"img":{"alt_text":"","src":"https:\/\/i0.wp.com\/coeser.de\/blog\/wp-content\/uploads\/2019\/04\/barcelona-bonus-aufmacher-triumphbogen-christian-oeser.jpg?resize=350%2C200&ssl=1","width":350,"height":200,"srcset":"https:\/\/i0.wp.com\/coeser.de\/blog\/wp-content\/uploads\/2019\/04\/barcelona-bonus-aufmacher-triumphbogen-christian-oeser.jpg?resize=350%2C200&ssl=1 1x, https:\/\/i0.wp.com\/coeser.de\/blog\/wp-content\/uploads\/2019\/04\/barcelona-bonus-aufmacher-triumphbogen-christian-oeser.jpg?resize=525%2C300&ssl=1 1.5x, https:\/\/i0.wp.com\/coeser.de\/blog\/wp-content\/uploads\/2019\/04\/barcelona-bonus-aufmacher-triumphbogen-christian-oeser.jpg?resize=700%2C400&ssl=1 2x"},"classes":[]},{"id":3834,"url":"https:\/\/coeser.de\/blog\/index.php\/2017\/07\/18\/valencia-barcelona-war-gestern\/","url_meta":{"origin":13691,"position":5},"title":"\u00a1Valencia! Barcelona war gestern","author":"Christian \u00d6ser","date":"18. Juli 2017","format":false,"excerpt":"Wenn es um die erstmalige Reise nach Spanien geht, steht f\u00fcr viele Urlauber wohl Barcelona an oberster Stelle. Die Metropole ist die mit Abstand meistbesuchte Stadt und quellt in der Hochsaison vor Menschenmassen geradezu \u00fcber. Wer fast dasselbe Angebot genie\u00dfen m\u00f6chte, dabei aber mehr Ruhe bevorzugt, ist im rund 350\u2026","rel":"","context":"In &quot;SPANIEN&quot;","block_context":{"text":"SPANIEN","link":"https:\/\/coeser.de\/blog\/index.php\/category\/europa\/spanien\/"},"img":{"alt_text":"Plaza de la Virgen in Valencia","src":"https:\/\/i0.wp.com\/coeser.de\/blog\/wp-content\/uploads\/2017\/06\/valencia-aufmacher-plaza-virgen-christian-oeser.jpg?resize=350%2C200&ssl=1","width":350,"height":200,"srcset":"https:\/\/i0.wp.com\/coeser.de\/blog\/wp-content\/uploads\/2017\/06\/valencia-aufmacher-plaza-virgen-christian-oeser.jpg?resize=350%2C200&ssl=1 1x, https:\/\/i0.wp.com\/coeser.de\/blog\/wp-content\/uploads\/2017\/06\/valencia-aufmacher-plaza-virgen-christian-oeser.jpg?resize=525%2C300&ssl=1 1.5x, https:\/\/i0.wp.com\/coeser.de\/blog\/wp-content\/uploads\/2017\/06\/valencia-aufmacher-plaza-virgen-christian-oeser.jpg?resize=700%2C400&ssl=1 2x"},"classes":[]}],"jetpack_sharing_enabled":true,"_links":{"self":[{"href":"https:\/\/coeser.de\/blog\/index.php\/wp-json\/wp\/v2\/posts\/13691","targetHints":{"allow":["GET"]}}],"collection":[{"href":"https:\/\/coeser.de\/blog\/index.php\/wp-json\/wp\/v2\/posts"}],"about":[{"href":"https:\/\/coeser.de\/blog\/index.php\/wp-json\/wp\/v2\/types\/post"}],"author":[{"embeddable":true,"href":"https:\/\/coeser.de\/blog\/index.php\/wp-json\/wp\/v2\/users\/1"}],"replies":[{"embeddable":true,"href":"https:\/\/coeser.de\/blog\/index.php\/wp-json\/wp\/v2\/comments?post=13691"}],"version-history":[{"count":0,"href":"https:\/\/coeser.de\/blog\/index.php\/wp-json\/wp\/v2\/posts\/13691\/revisions"}],"wp:featuredmedia":[{"embeddable":true,"href":"https:\/\/coeser.de\/blog\/index.php\/wp-json\/wp\/v2\/media\/13713"}],"wp:attachment":[{"href":"https:\/\/coeser.de\/blog\/index.php\/wp-json\/wp\/v2\/media?parent=13691"}],"wp:term":[{"taxonomy":"category","embeddable":true,"href":"https:\/\/coeser.de\/blog\/index.php\/wp-json\/wp\/v2\/categories?post=13691"},{"taxonomy":"post_tag","embeddable":true,"href":"https:\/\/coeser.de\/blog\/index.php\/wp-json\/wp\/v2\/tags?post=13691"}],"curies":[{"name":"wp","href":"https:\/\/api.w.org\/{rel}","templated":true}]}}