{"id":14083,"date":"2019-12-10T07:00:07","date_gmt":"2019-12-10T06:00:07","guid":{"rendered":"http:\/\/coeser.de\/blog\/?p=14083"},"modified":"2023-04-05T13:36:58","modified_gmt":"2023-04-05T11:36:58","slug":"weihnachtsmaerkte-in-linz","status":"publish","type":"post","link":"https:\/\/coeser.de\/blog\/index.php\/2019\/12\/10\/weihnachtsmaerkte-in-linz\/","title":{"rendered":"Ein Weihnachtsbummel durch Linz"},"content":{"rendered":"<p><strong>Im weihnachtlich dekorierten Linz war ich wirklich schon ewig nicht mehr! Als Wiener bin ich zwar mit dem vielf\u00e4ltigen Adventmarktangebot der \u00f6sterreichischen Hauptstadt sicherlich mehr als gesegnet. Trotzdem m\u00f6chte ich jedes Jahr neue Weihnachtsm\u00e4rkte au\u00dferhalb meiner Heimatstadt kennenlernen. Linz ist mit dem Zug nur etwas mehr als eine Stunde entfernt und ein gro\u00dfartiges Ziel f\u00fcr einen Tagesausflug. Alle Highlights der Weihnachtsm\u00e4rkte in Linz erf\u00e4hrst du hier in diesem Artikel!<\/strong><\/p>\n<p><!--more--><\/p>\n<hr \/>\n<div class=\"highlights\">\n<h3>DIE H\u00d6HEPUNKTE AUS LINZ IN DIESEM ARTIKEL<\/h3>\n<p>Erlebnisbericht \u00fcber einen Ausflug von Wien ins stimmungsvolle, weihnachtliche Linz<\/p>\n<p>Der Weihnachtsmarkt im Linzer Volksgarten mit seinen sehenswerten Krippen<\/p>\n<p>Der Christkindlmarkt am Linzer Hauptplatz, der vor allem abends herrlich erstrahlt<\/p>\n<p>Der Wintermarkt am Pfarrplatz als ruhiger und alternativer Weihnachtsmarkt in Linz<\/p>\n<p>Der W\u00e4rmepol als ungew\u00f6hnliche Alternative in der Universit\u00e4t mit dem besten Gl\u00fchwein<\/p>\n<\/div>\n<p>&nbsp;<\/p>\n<p><em><span style=\"color: #0000ff;\">Dieser Artikel wurde zuletzt am 4. April 2023 aktualisiert.<\/span><\/em><\/p>\n\n<hr \/>\n<div class=\"fakten\">\n<h2>WEIHNACHTSM\u00c4RKTE IN LINZ<\/h2>\n<h3>FAKTEN<\/h3>\n<p><strong>Zeitraum:<\/strong> Mitte November bis zum Heiligen Abend (alle Details weiter unten im Text)<br \/>\n<strong>Anreise: <\/strong>Mit dem Zug von <em>Wien Hauptbahnhof<\/em> nach <em>Linz Hauptbahnhof<\/em> (<em>\u00d6BB Railjet<\/em> 1:14 h oder <em>Westbahn<\/em> 1:20 h)<br \/>\n<strong>Unterkunft: <a href=\"https:\/\/www.booking.com\/hotel\/at\/austria-trend-schillerpark.de.html?aid=1634405\" target=\"_blank\" rel=\"noopener noreferrer\">Austria Trend Hotel Schillerpark<\/a>*<\/strong> (<em>Schillerplatz 1<\/em>): Gro\u00dfes und stilvolles Hotel mit angeschlossenem Casino in guter Lage, 10 Minuten Fu\u00dfweg vom Hauptbahnhof bzw. 5-10 Minuten Fu\u00dfweg in die Innenstadt. Sehr ger\u00e4umige, helle und ruhige Zimmer, bequeme Betten, sch\u00f6nes Badezimmer, WLAN-Geschwindigkeit gut, Fr\u00fchst\u00fccksauswahl und -qualit\u00e4t sehr gut, Personal von der Rezeption \u00fcber die Bar bis zum Fr\u00fchst\u00fcck durchwegs m\u00fcrrisch. Empfehlenswert sind die beiden gut frequentierten W\u00fcrstelst\u00e4nde vor dem Hotel f\u00fcr einen Abendsnack. <em>Weiterempfehlung?<\/em> <strong>JA<\/strong>, sofern man sich nicht vom Personal die Stimmung vermiesen l\u00e4sst.<br \/>\n<strong>Auf meiner bevorzugten Hotelsuchmaschine booking.com findet ihr weitere <a href=\"https:\/\/www.booking.com\/searchresults.de.html?city=-1984321&amp;aid=1634405&amp;no_rooms=1&amp;group_adults=1\" target=\"_blank\" rel=\"noopener noreferrer\">sch\u00f6ne Unterk\u00fcnfte in Linz<\/a>*.<\/strong><\/p>\n<div id='gallery-1' class='gallery galleryid-14083 gallery-columns-7 gallery-size-thumbnail'><figure class='gallery-item'>\n\t\t\t<div class='gallery-icon landscape'>\n\t\t\t\t<a href='https:\/\/coeser.de\/blog\/wp-content\/uploads\/2018\/10\/linz-austria-trend-hotel-schillerpark-gal04-christian-oeser.jpg' title=\"Au\u00dfenansicht des Austria Trend Hotel Schillerpark in Linz\" data-rl_title=\"Au\u00dfenansicht des Austria Trend Hotel Schillerpark in Linz\" class=\"rl-gallery-link\" data-rl_caption=\"Aufnahmeort anzeigen\" data-rel=\"lightbox-gallery-1\"><img loading=\"lazy\" decoding=\"async\" width=\"150\" height=\"150\" src=\"https:\/\/coeser.de\/blog\/wp-content\/uploads\/2018\/10\/linz-austria-trend-hotel-schillerpark-gal04-christian-oeser-150x150.jpg\" class=\"attachment-thumbnail size-thumbnail\" alt=\"Au\u00dfenansicht des Austria Trend Hotel Schillerpark in Linz\" aria-describedby=\"gallery-1-9859\" \/><\/a>\n\t\t\t<\/div>\n\t\t\t\t<figcaption class='wp-caption-text gallery-caption' id='gallery-1-9859'>\n\t\t\t\tAu\u00dfenansicht des Austria Trend Hotel Schillerpark in Linz\n\t\t\t\t<\/figcaption><\/figure><figure class='gallery-item'>\n\t\t\t<div class='gallery-icon landscape'>\n\t\t\t\t<a href='https:\/\/coeser.de\/blog\/wp-content\/uploads\/2018\/10\/linz-austria-trend-hotel-schillerpark-gal01-christian-oeser.jpg' title=\"Doppelzimmer im Austria Trend Hotel Schillerpark in Linz\" data-rl_title=\"Doppelzimmer im Austria Trend Hotel Schillerpark in Linz\" class=\"rl-gallery-link\" data-rl_caption=\"Aufnahmeort anzeigen\" data-rel=\"lightbox-gallery-1\"><img loading=\"lazy\" decoding=\"async\" width=\"150\" height=\"150\" src=\"https:\/\/coeser.de\/blog\/wp-content\/uploads\/2018\/10\/linz-austria-trend-hotel-schillerpark-gal01-christian-oeser-150x150.jpg\" class=\"attachment-thumbnail size-thumbnail\" alt=\"Doppelzimmer im Austria Trend Hotel Schillerpark in Linz\" aria-describedby=\"gallery-1-9856\" \/><\/a>\n\t\t\t<\/div>\n\t\t\t\t<figcaption class='wp-caption-text gallery-caption' id='gallery-1-9856'>\n\t\t\t\tDoppelzimmer im Austria Trend Hotel Schillerpark in Linz\n\t\t\t\t<\/figcaption><\/figure><figure class='gallery-item'>\n\t\t\t<div class='gallery-icon landscape'>\n\t\t\t\t<a href='https:\/\/coeser.de\/blog\/wp-content\/uploads\/2018\/10\/linz-austria-trend-hotel-schillerpark-gal03-christian-oeser.jpg' title=\"Doppelzimmer im Austria Trend Hotel Schillerpark in Linz\" data-rl_title=\"Doppelzimmer im Austria Trend Hotel Schillerpark in Linz\" class=\"rl-gallery-link\" data-rl_caption=\"Aufnahmeort anzeigen\" data-rel=\"lightbox-gallery-1\"><img loading=\"lazy\" decoding=\"async\" width=\"150\" height=\"150\" src=\"https:\/\/coeser.de\/blog\/wp-content\/uploads\/2018\/10\/linz-austria-trend-hotel-schillerpark-gal03-christian-oeser-150x150.jpg\" class=\"attachment-thumbnail size-thumbnail\" alt=\"Doppelzimmer im Austria Trend Hotel Schillerpark in Linz\" aria-describedby=\"gallery-1-9858\" \/><\/a>\n\t\t\t<\/div>\n\t\t\t\t<figcaption class='wp-caption-text gallery-caption' id='gallery-1-9858'>\n\t\t\t\tDoppelzimmer im Austria Trend Hotel Schillerpark in Linz\n\t\t\t\t<\/figcaption><\/figure><figure class='gallery-item'>\n\t\t\t<div class='gallery-icon landscape'>\n\t\t\t\t<a href='https:\/\/coeser.de\/blog\/wp-content\/uploads\/2018\/10\/linz-austria-trend-hotel-schillerpark-gal02-christian-oeser.jpg' title=\"Bad im Doppelzimmer im Austria Trend Hotel Schillerpark in Linz\" data-rl_title=\"Bad im Doppelzimmer im Austria Trend Hotel Schillerpark in Linz\" class=\"rl-gallery-link\" data-rl_caption=\"Aufnahmeort anzeigen\" data-rel=\"lightbox-gallery-1\"><img loading=\"lazy\" decoding=\"async\" width=\"150\" height=\"150\" src=\"https:\/\/coeser.de\/blog\/wp-content\/uploads\/2018\/10\/linz-austria-trend-hotel-schillerpark-gal02-christian-oeser-150x150.jpg\" class=\"attachment-thumbnail size-thumbnail\" alt=\"Bad im Doppelzimmer im Austria Trend Hotel Schillerpark in Linz\" aria-describedby=\"gallery-1-9857\" \/><\/a>\n\t\t\t<\/div>\n\t\t\t\t<figcaption class='wp-caption-text gallery-caption' id='gallery-1-9857'>\n\t\t\t\tBad im Doppelzimmer im Austria Trend Hotel Schillerpark in Linz\n\t\t\t\t<\/figcaption><\/figure>\n\t\t<\/div>\n\n<\/div>\n<div class=\"extern\">\n<h3>TRANSPARENZHINWEIS<\/h3>\n<p>*Die mit Stern gekennzeichneten Verweise in diesem Blogartikel sind sogenannte Affiliate-Links. Wenn dir mein Blogartikel bei der Planung deiner Reise geholfen hat, freue ich mich, wenn du \u00fcber diese Links deine Unterkunft oder Freizeitaktivit\u00e4ten buchst. Ich erhalte dadurch eine kleine Provision und du unterst\u00fctzt den Erhalt dieses Blogs. F\u00fcr dich entstehen dabei selbstverst\u00e4ndlich keine Nachteile. Vielen Dank! \ud83d\ude42<\/p>\n<\/div>\n<p>&nbsp;<\/p>\n<h2><img loading=\"lazy\" decoding=\"async\" class=\"alignnone size-full wp-image-14095\" src=\"https:\/\/coeser.de\/blog\/wp-content\/uploads\/2019\/11\/linz-weihnachtsmaerkte-aufmacher1-landstrasse-christian-oeser.jpg\" alt=\"Historische P\u00f6stlingbergbahn in der weihnachtlich beleuchteten Linzer Landstra\u00dfe\" width=\"970\" height=\"323\" srcset=\"https:\/\/coeser.de\/blog\/wp-content\/uploads\/2019\/11\/linz-weihnachtsmaerkte-aufmacher1-landstrasse-christian-oeser.jpg 970w, https:\/\/coeser.de\/blog\/wp-content\/uploads\/2019\/11\/linz-weihnachtsmaerkte-aufmacher1-landstrasse-christian-oeser-300x100.jpg 300w, https:\/\/coeser.de\/blog\/wp-content\/uploads\/2019\/11\/linz-weihnachtsmaerkte-aufmacher1-landstrasse-christian-oeser-768x256.jpg 768w\" sizes=\"auto, (max-width: 970px) 100vw, 970px\" \/><\/h2>\n<h2>R\u00fcckkehr ins weihnachtliche Linz<\/h2>\n<p>\u00dcber ein Jahrzehnt ist es nun her, dass ich das letzte Mal die Weihnachtsm\u00e4rkte in Linz besucht habe. In diesem Jahr war es nun endlich wieder soweit und ich konnte meine Erfahrungen in Sachen &#8222;Advent in Linz&#8220; auf den neuesten Stand bringen. Neugierig wie ich bin, recherchierte ich zuerst im Internet und las mir einige Artikel anderer Blogger durch. Dabei kristallisierte sich ein Umstand klar heraus: es gibt vier Weihnachtsm\u00e4rkte bzw. Orte in Linz, die besonders hervorstechen. F\u00fcr diesen Erfahrungsbericht wollte ich mir ein eigenes Bild machen \u2013 meine Erfahrungen teile ich nat\u00fcrlich mit euch!<\/p>\n<h3>Per Zug in Windeseile nach Linz<\/h3>\n<p>Um von Wien aus nach Linz zu gelangen, kann man sein Auto wunderbar in der Garage stehen lassen. Rund alle 15 Minuten f\u00e4hrt vom Wiener Hauptbahnhof oder Westbahnhof ein Zug in die ober\u00f6sterreichische Landeshauptstadt und ist nach ca. 75 Minuten auch schon wieder am Ankunftsort. F\u00fcr die Besichtigung der Weihnachtsm\u00e4rkte in Linz nahm ich mir nur einen halben Tag vor und fuhr abends dann wieder zur\u00fcck. Aber nat\u00fcrlich macht auch eine \u00dcbernachtung durchaus Sinn, wenn ihr die Stadt l\u00e4nger zelebrieren wollt. Einen Hoteltipp findet ihr oben in der orangen Faktenbox oder ihr sucht euch einfach selbst eine <a href=\"https:\/\/www.booking.com\/searchresults.de.html?city=-1984321&amp;aid=1634405&amp;no_rooms=1&amp;group_adults=1\" target=\"_blank\" rel=\"noopener noreferrer\"><strong>sch\u00f6ne Unterkunft in Linz<\/strong><\/a>* aus.<\/p>\n<hr \/>\n<div class=\"tipps\">\n<h2>TIPP: MEHR ARTIKEL ZU LINZ<\/h2>\n<p>In Linz gibt es ganz sch\u00f6n viel zu besichtigen! Im Artikel <strong><a href=\"https:\/\/coeser.de\/blog\/index.php\/2018\/10\/16\/linz-10-gruende-fuer-einen-pflichtbesuch\/\" target=\"_blank\" rel=\"noopener noreferrer\">Linz: 10 Gr\u00fcnde f\u00fcr einen Pflichtbesuch<\/a> <\/strong>habe ich euch zehn Punkte zusammengefasst, die euch nach einem Besuch garantiert in Erinnerung bleiben. Einige der Punkte lassen sich auch wunderbar mit den Weihnachtsm\u00e4rkten verbinden.<\/p>\n<p>Habt ihr schon vom Linzer H\u00f6henrausch geh\u00f6rt? Bei diesem Kunstprojekt der anderen Art wandelt man mitten in der Innenstadt auf D\u00e4chern, \u00fcber Holzstege, durch den Turm sowie Dachstuhl einer Kirche und bewundert dabei die unterschiedlichen Kunstwerke eines j\u00e4hrlich wechselnden Leitthemas. Und das Beste: all das wird begleitet von wunderbaren Ausblicken \u00fcber Linz. Zweimal habe ich den H\u00f6henrausch bis jetzt besucht und nachfolgend findet ihr meine detaillierten Blogbeitr\u00e4ge dazu: <a href=\"https:\/\/coeser.de\/blog\/index.php\/2018\/08\/21\/linzer-hoehenrausch-2018-kultur-mit-ausblick\/\" target=\"_blank\" rel=\"noopener noreferrer\"><strong>Linzer H\u00f6henrausch 2018 \u2013 Kultur mit Ausblick<\/strong><\/a> und <a href=\"https:\/\/coeser.de\/blog\/index.php\/2016\/10\/18\/das-war-der-linzer-hoehenrausch-2016\/\" target=\"_blank\" rel=\"noopener noreferrer\"><strong>Das war der Linzer H\u00f6henrausch 2016<\/strong><\/a>.<\/p>\n<\/div>\n<p>&nbsp;<\/p>\n<hr \/>\n<h2><img loading=\"lazy\" decoding=\"async\" class=\"alignnone size-full wp-image-14096\" src=\"https:\/\/coeser.de\/blog\/wp-content\/uploads\/2019\/12\/linz-weihnachtsmaerkte-aufmacher2-hauptplatz-christian-oeser.jpg\" alt=\"Der beleuchtete Christkindlmarkt auf dem Hauptplatz in Linz\" width=\"970\" height=\"323\" srcset=\"https:\/\/coeser.de\/blog\/wp-content\/uploads\/2019\/12\/linz-weihnachtsmaerkte-aufmacher2-hauptplatz-christian-oeser.jpg 970w, https:\/\/coeser.de\/blog\/wp-content\/uploads\/2019\/12\/linz-weihnachtsmaerkte-aufmacher2-hauptplatz-christian-oeser-300x100.jpg 300w, https:\/\/coeser.de\/blog\/wp-content\/uploads\/2019\/12\/linz-weihnachtsmaerkte-aufmacher2-hauptplatz-christian-oeser-768x256.jpg 768w\" sizes=\"auto, (max-width: 970px) 100vw, 970px\" \/><\/h2>\n<h2>Spaziergang in Linz mit vier Advent-Stationen<\/h2>\n<p>Vom Hauptbahnhof aus lassen sich die wichtigsten Weihnachtsm\u00e4rkte in Linz perfekt in einem Spaziergang kombinieren. Nur einige Schritte vom Bahnhof entfernt beginnt etwa schon der Weihnachtsmarkt im Volksgarten. Der mit sch\u00f6ner Weihnachtsbeleuchtung gestalteten Landstra\u00dfe folgt ihr dann einfach einige Minuten. Unterwegs kommt ihr an unz\u00e4hligen Gesch\u00e4ften und Lokalen vorbei \u2013 eine Shopping- oder Kaffeepause ist hier nicht ausgeschlossen. \ud83d\ude09 Am Ende der Landstra\u00dfe steht ihr schon mitten am Christkindlmarkt auf dem Hauptplatz, der mit einem riesigen Baum auf sich aufmerksam macht. Der Pfarrplatz und der sogenannte W\u00e4rmepol (mehr dazu unten) liegen dann in unmittelbarer N\u00e4he.<\/p>\n<h3>Nasser Weihnachtsspa\u00df in Linz<\/h3>\n<p>Ich war schon um die Mittagszeit in Linz, um noch das Stadtleben etwas zu genie\u00dfen und mich durch die Stadt treiben zu lassen. Wo ihr gut essen gehen k\u00f6nnt und was es abseits der Weihnachtsm\u00e4rkte in Linz noch so alles zu erleben gibt, habe ich euch in meinem Blogartikel <a href=\"https:\/\/coeser.de\/blog\/index.php\/2018\/10\/16\/linz-10-gruende-fuer-einen-pflichtbesuch\/\" target=\"_blank\" rel=\"noopener noreferrer\">Linz: 10 Gr\u00fcnde f\u00fcr einen Pflichtbesuch<\/a> zusammengefasst. Die Weihnachtsm\u00e4rkte selbst sehe ich mir grunds\u00e4tzlich lieber erst ab Einbruch der D\u00e4mmerung an, wenn die Lichter so richtig sch\u00f6n zum Strahlen beginnen. Leider wurde es am Tag meines Besuchs nach Sonnenuntergang nicht nur finster, sondern auch richtig, richtig nass. Schlecht f\u00fcr mich, aber gut f\u00fcr die Fotos, wie ihr gleich sehen werdet! \ud83d\ude09<\/p>\n<hr \/>\n<div class=\"tipps\">\n<h2>TIPP: NOCH MEHR WEIHNACHTSM\u00c4RKTE IN LINZ<\/h2>\n<p>Nachfolgend stelle ich euch vier Weihnachtsm\u00e4rkte in Linz vor, die ich pers\u00f6nlich besuchte und meine eigenen Erfahrungen dazu geben kann. An den Adventwochenenden werden in Linz aber noch zahlreiche kleinere M\u00e4rkte aufgemacht. Wo diese stattfinden und welchen Themenschwerpunkt sie setzen, erfahrt ihr auf <strong><a href=\"https:\/\/www.linztourismus.at\/freizeit\/linz-entdecken\/veranstaltungen\/advent\/maerkte\/\" target=\"_blank\" rel=\"noopener noreferrer\">linztourismus.at<\/a><\/strong>.<\/p>\n<\/div>\n<p>&nbsp;<\/p>\n<hr \/>\n<div class=\"auflistung\">\n<h1><img loading=\"lazy\" decoding=\"async\" class=\"alignnone size-full wp-image-14097\" src=\"https:\/\/coeser.de\/blog\/wp-content\/uploads\/2019\/12\/linz-weihnachtsmaerkte-aufmacher3-volksgarten-christian-oeser.jpg\" alt=\"Weihnachtsmarkt im Linzer Volksgarten\" width=\"920\" height=\"307\" srcset=\"https:\/\/coeser.de\/blog\/wp-content\/uploads\/2019\/12\/linz-weihnachtsmaerkte-aufmacher3-volksgarten-christian-oeser.jpg 920w, https:\/\/coeser.de\/blog\/wp-content\/uploads\/2019\/12\/linz-weihnachtsmaerkte-aufmacher3-volksgarten-christian-oeser-300x100.jpg 300w, https:\/\/coeser.de\/blog\/wp-content\/uploads\/2019\/12\/linz-weihnachtsmaerkte-aufmacher3-volksgarten-christian-oeser-768x256.jpg 768w\" sizes=\"auto, (max-width: 920px) 100vw, 920px\" \/><\/h1>\n<h2>1) Weihnachtsmarkt im Linzer Volksgarten<\/h2>\n<h3>FAKTEN<\/h3>\n<p><strong>Adresse: <\/strong>Volksgarten<br \/>\n<strong>Erreichbarkeit:<\/strong> Stra\u00dfenbahn-Linien 1, 2, 3, 4 Station <em>Goethekreuzung<\/em> oder zu Fu\u00df vom <em>Hauptbahnhof<\/em><\/p>\n<h2>Weihnachtsmarkt mit Geschichte<\/h2>\n<p>Schon seit 1956 besteht der Weihnachtsmarkt im Volksgarten, damals noch recht spartanisch mit einfach beleuchteten B\u00e4umen und einigen M\u00e4rchenfiguren. Bis heute ist der Ort ein echter Fixpunkt, wenn ihr die Weihnachtsm\u00e4rkte in Linz ansehen wollt. Keine f\u00fcnf Minuten vom Bahnhof entfernt kommt ihr auf dem Weg in die Innenstadt automatisch zum Parkeingang. Ich erinnere mich an meinen letzten Weihnachtsbesuch in Linz im Jahr 2007, als der Markt im Volksgarten noch keinen bleibenden Eindruck hinterlie\u00df. Mittlerweile ist aber direkt daneben das neue Musiktheater entstanden und auch sonst hat sich der Markt doch ziemlich ver\u00e4ndert \u2013 und zwar zum Guten!<\/p>\n<h3>Kein Gedr\u00e4nge trotz vieler Menschen<\/h3>\n<p>Was mir gleich als erstes sehr positiv auffiel, war die Anordnung der St\u00e4nde. Da diese entlang der Wege im Park aufgestellt sind, ist die Gefahr von gro\u00dfem Gedr\u00e4nge theoretisch durchaus gegeben. In der Praxis haben sich die vielen Menschen aber wirklich sehr gut verteilt, sodass sich nirgendwo ein beengtes Gef\u00fchl entwickelte. Einzig bei den Punschh\u00fctten geht es naturgem\u00e4\u00df immer etwas kuscheliger zu. \ud83d\ude09 Der Gl\u00fchwein war \u00fcbrigens recht intensiv und ganz ok \u2013 seht euch dazu aber meinen Tipp unter Punkt 4 weiter unten an. Ins Auge sticht auf jeden Fall das 2019 erstmals aufgebaute Riesenrad, das gleich f\u00fcr Kritik sorgte. Einige Politiker zogen Vergleiche mit dem j\u00e4hrlich stattfindenen Urfahranermarkt und dessen Jahrmarktfeeling. Mich pers\u00f6nlich st\u00f6rte das Riesenrad jetzt nicht unbedingt und beeintr\u00e4chtigte auch nicht meine Weihnachtsstimmung.<\/p>\n<h3>Rostbratw\u00fcrstel gehen immer<\/h3>\n<p>Das Angebot an den vielen St\u00e4nden ist sehr abwechslungsreich: vom klassischen Weihnachtsschmuck \u00fcber Handwerkskunst und S\u00fc\u00dfigkeiten bis hin zu Ramschware und flohmarkt\u00e4hnlicher Billigkleidung am Marktrand ist alles dabei. Aus kulinarischer Sicht geh\u00f6ren f\u00fcr mich die Rostbratw\u00fcrstel mit Sauerkraut und Semmel unbedingt zu einem Besuch auf dem Weihnachtsmarkt im Linzer Volksgarten \u2013 diese verschlang ich auch schon 2007 und sie sind immer noch k\u00f6stlich! Au\u00dferdem sieht man: f\u00fcr gute Rostbratw\u00fcrstel muss man nicht immer nach <strong><a href=\"https:\/\/coeser.de\/blog\/index.php\/2017\/05\/23\/nuernberg-schoenheit-auf-den-zweiten-blick\/\" target=\"_blank\" rel=\"noopener noreferrer\">N\u00fcrnberg<\/a><\/strong> fahren. \ud83d\ude09 Es kann aber auch gut sein, dass ihr vom Duft eines frischen Raclettes oder herausgebackenen Donuts \u00fcberzeugt werdet, eine Essenspause einzulegen.<\/p>\n<h3>Sehenswerte Krippen im Volksgarten<\/h3>\n<p>Aus weihnachtlicher Sicht beeindruckten mich die ausgestellten Miniaturkrippen sowie eine gro\u00dfe Schaukrippe. Diese erz\u00e4hlt t\u00e4glich ab 15 Uhr zu jeder vollen sowie halben Stunde mit Licht- und Toneffekten die Weihnachtgeschichte in einfacher Sprache \u2013 super f\u00fcr Kinder! Auf den Wegen gibt es f\u00fcr die kleinen Besucher auch einige Schauk\u00e4sten zu entdecken, in denen liebevoll animierte Figuren bekannte M\u00e4rchen darstellen. Nicht angesehen habe ich mir \u00fcbrigens die kostenpflichtige Ausstellung &#8222;Ice Magic&#8220;, die in einer gro\u00dfen Halle untergebracht ist und Eiskunstwerke pr\u00e4sentiert. Daf\u00fcr bewunderte ich mit Staunen den riesigen Baum in der Mitte des Marktes, der mit seinen Dutzenden Lichterketten ein echter Blickfang ist!<\/p>\n<figure id=\"attachment_14101\" class=\"thumbnail wp-caption alignnone\" style=\"width: 920px\"><img loading=\"lazy\" decoding=\"async\" class=\"wp-image-14101 size-full\" src=\"https:\/\/coeser.de\/blog\/wp-content\/uploads\/2019\/12\/linz-weihnachtsmaerkte-volksgarten-gal01-christian-oeser.jpg\" alt=\"Weihnachtsmarkt im Linzer Volksgarten\" width=\"910\" height=\"606\" srcset=\"https:\/\/coeser.de\/blog\/wp-content\/uploads\/2019\/12\/linz-weihnachtsmaerkte-volksgarten-gal01-christian-oeser.jpg 910w, https:\/\/coeser.de\/blog\/wp-content\/uploads\/2019\/12\/linz-weihnachtsmaerkte-volksgarten-gal01-christian-oeser-300x200.jpg 300w, https:\/\/coeser.de\/blog\/wp-content\/uploads\/2019\/12\/linz-weihnachtsmaerkte-volksgarten-gal01-christian-oeser-768x511.jpg 768w, https:\/\/coeser.de\/blog\/wp-content\/uploads\/2019\/12\/linz-weihnachtsmaerkte-volksgarten-gal01-christian-oeser-330x220.jpg 330w\" sizes=\"auto, (max-width: 910px) 100vw, 910px\" \/><figcaption class=\"caption wp-caption-text\">Der gro\u00dfe Baum in der Mitte des Weihnachtsmarkts im Linzer Volksgarten ist f\u00fcr mich der heimliche Star. Mit seinen Dutzenden Lichterketten sticht er optisch extrem heraus.<br \/><a href=\"https:\/\/www.google.de\/maps\/place\/48.295118,14.292037\" target=\"_blank\" rel=\"noopener noreferrer\">Aufnahmeort anzeigen<\/a><\/figcaption><\/figure>\n<figure id=\"attachment_14102\" class=\"thumbnail wp-caption alignnone\" style=\"width: 920px\"><img loading=\"lazy\" decoding=\"async\" class=\"wp-image-14102 size-full\" src=\"https:\/\/coeser.de\/blog\/wp-content\/uploads\/2019\/12\/linz-weihnachtsmaerkte-volksgarten-gal02-christian-oeser.jpg\" alt=\"Weihnachtsmarkt im Linzer Volksgarten\" width=\"910\" height=\"606\" srcset=\"https:\/\/coeser.de\/blog\/wp-content\/uploads\/2019\/12\/linz-weihnachtsmaerkte-volksgarten-gal02-christian-oeser.jpg 910w, https:\/\/coeser.de\/blog\/wp-content\/uploads\/2019\/12\/linz-weihnachtsmaerkte-volksgarten-gal02-christian-oeser-300x200.jpg 300w, https:\/\/coeser.de\/blog\/wp-content\/uploads\/2019\/12\/linz-weihnachtsmaerkte-volksgarten-gal02-christian-oeser-768x511.jpg 768w, https:\/\/coeser.de\/blog\/wp-content\/uploads\/2019\/12\/linz-weihnachtsmaerkte-volksgarten-gal02-christian-oeser-330x220.jpg 330w\" sizes=\"auto, (max-width: 910px) 100vw, 910px\" \/><figcaption class=\"caption wp-caption-text\">Die k\u00f6stlichen Rostbratw\u00fcrstel sind f\u00fcr mich im Volksgarten immer ein Fixpunkt (Bild oben links). Das Umherschlendern zwischen den zahlreichen St\u00e4nden geht aufgrund der durchdachten Anordnung ohne gro\u00dfes Gedr\u00e4nge (Bild oben rechts und unten links). Die Krippenausstellung ist mit Sicherheit eine Besonderheit auf dem Weihnachtsmarkt (Bild unten rechts).<br \/>Alle Bilder: <a href=\"https:\/\/www.google.de\/maps\/place\/48.294918,14.291927\" target=\"_blank\" rel=\"noopener noreferrer\">Aufnahmeort anzeigen<\/a><\/figcaption><\/figure>\n<figure id=\"attachment_14103\" class=\"thumbnail wp-caption alignnone\" style=\"width: 920px\"><img loading=\"lazy\" decoding=\"async\" class=\"wp-image-14103 size-full\" src=\"https:\/\/coeser.de\/blog\/wp-content\/uploads\/2019\/12\/linz-weihnachtsmaerkte-volksgarten-gal03-christian-oeser.jpg\" alt=\"Krippe auf dem Weihnachtsmarkt im Linzer Volksgarten\" width=\"910\" height=\"606\" srcset=\"https:\/\/coeser.de\/blog\/wp-content\/uploads\/2019\/12\/linz-weihnachtsmaerkte-volksgarten-gal03-christian-oeser.jpg 910w, https:\/\/coeser.de\/blog\/wp-content\/uploads\/2019\/12\/linz-weihnachtsmaerkte-volksgarten-gal03-christian-oeser-300x200.jpg 300w, https:\/\/coeser.de\/blog\/wp-content\/uploads\/2019\/12\/linz-weihnachtsmaerkte-volksgarten-gal03-christian-oeser-768x511.jpg 768w, https:\/\/coeser.de\/blog\/wp-content\/uploads\/2019\/12\/linz-weihnachtsmaerkte-volksgarten-gal03-christian-oeser-330x220.jpg 330w\" sizes=\"auto, (max-width: 910px) 100vw, 910px\" \/><figcaption class=\"caption wp-caption-text\">Die gro\u00dfe Krippe ist nicht nur toll zum Ansehen, sondern auch f\u00fcr Kinder sehr lehrreich. T\u00e4glich ab 15 Uhr wird jede volle und halbe Stunde mit Audio- und Lichteffekten die Weihnachtsgeschichte nacherz\u00e4hlt.<br \/><a href=\"https:\/\/www.google.de\/maps\/place\/48.294479,14.292568\" target=\"_blank\" rel=\"noopener noreferrer\">Aufnahmeort anzeigen<\/a><\/figcaption><\/figure>\n<figure id=\"attachment_14104\" class=\"thumbnail wp-caption alignnone\" style=\"width: 920px\"><img loading=\"lazy\" decoding=\"async\" class=\"wp-image-14104 size-full\" src=\"https:\/\/coeser.de\/blog\/wp-content\/uploads\/2019\/12\/linz-weihnachtsmaerkte-volksgarten-gal04-christian-oeser.jpg\" alt=\"Weihnachtsmarkt im Linzer Volksgarten\" width=\"910\" height=\"606\" srcset=\"https:\/\/coeser.de\/blog\/wp-content\/uploads\/2019\/12\/linz-weihnachtsmaerkte-volksgarten-gal04-christian-oeser.jpg 910w, https:\/\/coeser.de\/blog\/wp-content\/uploads\/2019\/12\/linz-weihnachtsmaerkte-volksgarten-gal04-christian-oeser-300x200.jpg 300w, https:\/\/coeser.de\/blog\/wp-content\/uploads\/2019\/12\/linz-weihnachtsmaerkte-volksgarten-gal04-christian-oeser-768x511.jpg 768w, https:\/\/coeser.de\/blog\/wp-content\/uploads\/2019\/12\/linz-weihnachtsmaerkte-volksgarten-gal04-christian-oeser-330x220.jpg 330w\" sizes=\"auto, (max-width: 910px) 100vw, 910px\" \/><figcaption class=\"caption wp-caption-text\">Das 2019 erstmals aufgestellte Riesenrad sorgte in der Politik f\u00fcr Unmut \u2013 es soll eher an einen Jahrmarkt als an einen Weihnachtsmarkt erinnern (Bild oben links). Ich pers\u00f6nlich kam dennoch durch das gute Angebot und die sch\u00f6ne Dekoration in Weihnachtsstimmung (Bilder oben und unten rechts). In mehreren Schauk\u00e4sten wurden mit animierten Figuren bekannte M\u00e4rchen dargestellt (Bild unten links).<br \/>Bild oben links: <a href=\"https:\/\/www.google.de\/maps\/place\/48.294602,14.292791\" target=\"_blank\" rel=\"noopener noreferrer\">Aufnahmeort anzeigen<\/a><br \/>Bild oben rechts: <a href=\"https:\/\/www.google.de\/maps\/place\/48.295748,14.291780\" target=\"_blank\" rel=\"noopener noreferrer\">Aufnahmeort anzeigen<\/a><br \/>Bild unten links: <a href=\"https:\/\/www.google.de\/maps\/place\/48.294943,14.292386\" target=\"_blank\" rel=\"noopener noreferrer\">Aufnahmeort anzeigen<\/a><br \/>Bild unten rechts: <a href=\"https:\/\/www.google.de\/maps\/place\/48.294347,14.292233\" target=\"_blank\" rel=\"noopener noreferrer\">Aufnahmeort anzeigen<\/a><\/figcaption><\/figure>\n<figure id=\"attachment_14105\" class=\"thumbnail wp-caption alignnone\" style=\"width: 920px\"><img loading=\"lazy\" decoding=\"async\" class=\"wp-image-14105 size-full\" src=\"https:\/\/coeser.de\/blog\/wp-content\/uploads\/2019\/12\/linz-weihnachtsmaerkte-volksgarten-gal05-christian-oeser.jpg\" alt=\"Weihnachtsmarkt im Linzer Volksgarten\" width=\"910\" height=\"606\" srcset=\"https:\/\/coeser.de\/blog\/wp-content\/uploads\/2019\/12\/linz-weihnachtsmaerkte-volksgarten-gal05-christian-oeser.jpg 910w, https:\/\/coeser.de\/blog\/wp-content\/uploads\/2019\/12\/linz-weihnachtsmaerkte-volksgarten-gal05-christian-oeser-300x200.jpg 300w, https:\/\/coeser.de\/blog\/wp-content\/uploads\/2019\/12\/linz-weihnachtsmaerkte-volksgarten-gal05-christian-oeser-768x511.jpg 768w, https:\/\/coeser.de\/blog\/wp-content\/uploads\/2019\/12\/linz-weihnachtsmaerkte-volksgarten-gal05-christian-oeser-330x220.jpg 330w\" sizes=\"auto, (max-width: 910px) 100vw, 910px\" \/><figcaption class=\"caption wp-caption-text\">Weil er mich derart beeindruckte, hier nochmals der gro\u00dfe und hell beleuchtete Baum in der Mitte des Weihnachtsmarkts im Linzer Volksgarten.<br \/><a href=\"https:\/\/www.google.de\/maps\/place\/48.295118,14.292037\" target=\"_blank\" rel=\"noopener noreferrer\">Aufnahmeort anzeigen<\/a><\/figcaption><\/figure>\n<\/div>\n<hr \/>\n<div class=\"auflistung\">\n<h1><img loading=\"lazy\" decoding=\"async\" class=\"alignnone size-full wp-image-14098\" src=\"https:\/\/coeser.de\/blog\/wp-content\/uploads\/2019\/12\/linz-weihnachtsmaerkte-aufmacher4-hauptplatz-christian-oeser.jpg\" alt=\"Christkindlmarkt am Linzer Hauptplatz\" width=\"920\" height=\"307\" srcset=\"https:\/\/coeser.de\/blog\/wp-content\/uploads\/2019\/12\/linz-weihnachtsmaerkte-aufmacher4-hauptplatz-christian-oeser.jpg 920w, https:\/\/coeser.de\/blog\/wp-content\/uploads\/2019\/12\/linz-weihnachtsmaerkte-aufmacher4-hauptplatz-christian-oeser-300x100.jpg 300w, https:\/\/coeser.de\/blog\/wp-content\/uploads\/2019\/12\/linz-weihnachtsmaerkte-aufmacher4-hauptplatz-christian-oeser-768x256.jpg 768w\" sizes=\"auto, (max-width: 920px) 100vw, 920px\" \/><\/h1>\n<h2>2) Christkindlmarkt am Linzer Hauptplatz<\/h2>\n<h3>FAKTEN<\/h3>\n<p><strong>Adresse: <\/strong>Hauptplatz<br \/>\n<strong>Erreichbarkeit:<\/strong> Stra\u00dfenbahn-Linien 1, 2, 3, 4 Station <em>Hauptplatz<\/em><\/p>\n<h2>Christkindlmarkt: Ein Fall f\u00fcr den Abend<\/h2>\n<p>Wenn ihr vom Weihnachtsmarkt im Linzer Volksgarten genug gesehen habt, dann auf zum zweiten gro\u00dfen Adventmarkt! Folgt ihr der Landstra\u00dfe entweder zu Fu\u00df oder mit der Stra\u00dfenbahn, dann steht ihr nach einigen Minuten mitten auf dem gro\u00dfen Hauptplatz. Eingerahmt von einer Vielzahl an barocken Hausfassaden befindet sich der Christkindlmarkt. Ich muss ehrlich sagen, dass der Markt untertags etwas verloren wirkt. Ohne stimmungsvolle Beleuchtung kommen die St\u00e4nde nicht wirklich zur Geltung und der Hauptplatz ist bis auf die Architektur der H\u00e4user auch kein richtiger sexy Ort. Dass dann zum Zeitpunkt meines Besuchs zus\u00e4tzlich noch die eigentlich sehenswerte Pests\u00e4ule gerade in Sanierung war, trug nicht unbedingt zur Stimmungsaufhellung bei. \ud83d\ude09<\/p>\n<h3>Gro\u00dfer Baum und Lichtermeer<\/h3>\n<p>Sehr schnell besser wurde die Situation aber direkt nach Sonnenuntergang \u2013 paradoxerweise auch dank des einsetzenden Regens. Die Betonw\u00fcste des Hauptplatzes stach dann nicht mehr so ins Auge, sondern wurde von den intensiven Spiegelungen der grellen Lichter des Christkindlmarktes \u00fcbert\u00fcncht. Obwohl ich recht schnell durchn\u00e4sst war, genoss ich diesen Moment sehr! Wunderbar empfand ich die gro\u00dfe Fichte mit ihrem dichten Astwerk und der dezenten Beleuchtung. Wahrlich ein visuell angenehm ruhiger Gegenpol zum Lichtermeer davor.<\/p>\n<h3>Pyramiden auf dem Christkindlmarkt<\/h3>\n<p>Der Christkindlmarkt auf dem Linzer Hauptplatz existiert erst seit 1980 und ben\u00f6tigte einige Jahre Anlaufzeit, um erfolgreich zu werden. Die heutige Form der Adventst\u00e4nde mit ihren charakteristischen, pyramidenf\u00f6rmigen D\u00e4chern besteht seit 2003 \u2013 das Konzept wirkt auf mich stimmig und gef\u00e4llt mir recht gut. Der Markt nimmt ca. ein Viertel des gesamten Platzes ein und l\u00e4sst damit noch gen\u00fcgend Platz f\u00fcr Fu\u00dfg\u00e4nger, Stra\u00dfenbahn und (leider) auch Autos. Mein Rundgang entlang der diversen St\u00e4nde gestaltete sich trotz intensiven Regens als entspannt. Gro\u00dfz\u00fcgige Vord\u00e4cher machten es mir m\u00fchelos m\u00f6glich, das Angebot in Ruhe anzusehen, ohne vom Regen weiter eingeweicht zu werden.<\/p>\n<h3>H\u00f6chste Handwerkskunst<\/h3>\n<p>Der Christkindlmarkt ist besonders bekannt als Ort der K\u00fcnstler und Kunsthandwerker. Nachdem drei Kunstmaler zu den Gr\u00fcndungsmitgliedern z\u00e4hlen, kann man als Besucherin und Besucher also eigentlich davon ausgehen, dass nur hochqualitative Ware verkauft wird. Mein Eindruck best\u00e4tigte das zumindest optisch: was ich zu Gesicht bekam, war h\u00f6chste Handwerkskunst mit jeder Menge kreativer sowie filigraner Waren. An Material gibt es f\u00fcr jeden Geschmack etwas \u2013 von Glasschmuck \u00fcber Metallfiguren bis zu Weihnachtsfiguren aus Stroh und detailreich verarbeiteter Stoffe. Kitsch suchte ich \u00fcberraschend vergebens! Sogar der ausgeschenkte Gl\u00fchwein war nicht der schlechteste, wenn auch nicht \u00fcberragend. Daf\u00fcr gibt es aber eine gute Alternative (siehe Punkt 4 weiter unten).<\/p>\n<figure id=\"attachment_14106\" class=\"thumbnail wp-caption alignnone\" style=\"width: 920px\"><img loading=\"lazy\" decoding=\"async\" class=\"wp-image-14106 size-full\" src=\"https:\/\/coeser.de\/blog\/wp-content\/uploads\/2019\/12\/linz-weihnachtsmaerkte-hauptplatz-gal01-christian-oeser.jpg\" alt=\"Christkindlmarkt am Linzer Hauptplatz\" width=\"910\" height=\"606\" srcset=\"https:\/\/coeser.de\/blog\/wp-content\/uploads\/2019\/12\/linz-weihnachtsmaerkte-hauptplatz-gal01-christian-oeser.jpg 910w, https:\/\/coeser.de\/blog\/wp-content\/uploads\/2019\/12\/linz-weihnachtsmaerkte-hauptplatz-gal01-christian-oeser-300x200.jpg 300w, https:\/\/coeser.de\/blog\/wp-content\/uploads\/2019\/12\/linz-weihnachtsmaerkte-hauptplatz-gal01-christian-oeser-768x511.jpg 768w, https:\/\/coeser.de\/blog\/wp-content\/uploads\/2019\/12\/linz-weihnachtsmaerkte-hauptplatz-gal01-christian-oeser-330x220.jpg 330w\" sizes=\"auto, (max-width: 910px) 100vw, 910px\" \/><figcaption class=\"caption wp-caption-text\">Flachd\u00e4cher mit aufgesetzten Pyramiden \u2013 das ist seit 2003 das Konzept der St\u00e4nde auf dem Christkindlmarkt am Linzer Hauptplatz. Mir gef\u00e4llt es!<br \/><a href=\"https:\/\/www.google.de\/maps\/place\/48.304989,14.286966\" target=\"_blank\" rel=\"noopener noreferrer\">Aufnahmeort anzeigen<\/a><\/figcaption><\/figure>\n<figure id=\"attachment_14107\" class=\"thumbnail wp-caption alignnone\" style=\"width: 920px\"><img loading=\"lazy\" decoding=\"async\" class=\"wp-image-14107 size-full\" src=\"https:\/\/coeser.de\/blog\/wp-content\/uploads\/2019\/12\/linz-weihnachtsmaerkte-hauptplatz-gal02-christian-oeser.jpg\" alt=\"Christkindlmarkt am Linzer Hauptplatz\" width=\"910\" height=\"606\" srcset=\"https:\/\/coeser.de\/blog\/wp-content\/uploads\/2019\/12\/linz-weihnachtsmaerkte-hauptplatz-gal02-christian-oeser.jpg 910w, https:\/\/coeser.de\/blog\/wp-content\/uploads\/2019\/12\/linz-weihnachtsmaerkte-hauptplatz-gal02-christian-oeser-300x200.jpg 300w, https:\/\/coeser.de\/blog\/wp-content\/uploads\/2019\/12\/linz-weihnachtsmaerkte-hauptplatz-gal02-christian-oeser-768x511.jpg 768w, https:\/\/coeser.de\/blog\/wp-content\/uploads\/2019\/12\/linz-weihnachtsmaerkte-hauptplatz-gal02-christian-oeser-330x220.jpg 330w\" sizes=\"auto, (max-width: 910px) 100vw, 910px\" \/><figcaption class=\"caption wp-caption-text\">Trotz intensiven Regens machte mir der Spaziergang durch die St\u00e4nde gro\u00dfen Spa\u00df. Durch die gro\u00dfz\u00fcgig ausgelegten Vord\u00e4cher konnte ich das Angebot durchst\u00f6bern, ohne nass zu werden.<br \/><a href=\"https:\/\/www.google.de\/maps\/place\/48.305196,14.286805\" target=\"_blank\" rel=\"noopener noreferrer\">Aufnahmeort anzeigen<\/a><\/figcaption><\/figure>\n<figure id=\"attachment_14108\" class=\"thumbnail wp-caption alignnone\" style=\"width: 920px\"><img loading=\"lazy\" decoding=\"async\" class=\"wp-image-14108 size-full\" src=\"https:\/\/coeser.de\/blog\/wp-content\/uploads\/2019\/12\/linz-weihnachtsmaerkte-hauptplatz-gal03-christian-oeser.jpg\" alt=\"Christkindlmarkt am Linzer Hauptplatz\" width=\"910\" height=\"606\" srcset=\"https:\/\/coeser.de\/blog\/wp-content\/uploads\/2019\/12\/linz-weihnachtsmaerkte-hauptplatz-gal03-christian-oeser.jpg 910w, https:\/\/coeser.de\/blog\/wp-content\/uploads\/2019\/12\/linz-weihnachtsmaerkte-hauptplatz-gal03-christian-oeser-300x200.jpg 300w, https:\/\/coeser.de\/blog\/wp-content\/uploads\/2019\/12\/linz-weihnachtsmaerkte-hauptplatz-gal03-christian-oeser-768x511.jpg 768w, https:\/\/coeser.de\/blog\/wp-content\/uploads\/2019\/12\/linz-weihnachtsmaerkte-hauptplatz-gal03-christian-oeser-330x220.jpg 330w\" sizes=\"auto, (max-width: 910px) 100vw, 910px\" \/><figcaption class=\"caption wp-caption-text\">Der Christkindlmarkt am Linzer Hauptplatz ist vor allem f\u00fcr sein hochqualitatives Kunsthandwerk bekannt (Bilder rechts oben und links unten). Der von mir verkostete Gl\u00fchwein im stilvollen H\u00e4ferl war ganz ok, aber nicht zu vergleichen mit der Qualit\u00e4t vom im Punkt 4 vorgestellten W\u00e4rmepol (Bilder oben links und unten rechts).<br \/>Alle Bilder: <a href=\"https:\/\/www.google.de\/maps\/place\/48.305196,14.286805\" target=\"_blank\" rel=\"noopener noreferrer\">Aufnahmeort anzeigen<\/a><\/figcaption><\/figure>\n<figure id=\"attachment_14109\" class=\"thumbnail wp-caption alignnone\" style=\"width: 920px\"><img loading=\"lazy\" decoding=\"async\" class=\"wp-image-14109 size-full\" src=\"https:\/\/coeser.de\/blog\/wp-content\/uploads\/2019\/12\/linz-weihnachtsmaerkte-hauptplatz-gal04-christian-oeser.jpg\" alt=\"Christkindlmarkt am Linzer Hauptplatz\" width=\"910\" height=\"606\" srcset=\"https:\/\/coeser.de\/blog\/wp-content\/uploads\/2019\/12\/linz-weihnachtsmaerkte-hauptplatz-gal04-christian-oeser.jpg 910w, https:\/\/coeser.de\/blog\/wp-content\/uploads\/2019\/12\/linz-weihnachtsmaerkte-hauptplatz-gal04-christian-oeser-300x200.jpg 300w, https:\/\/coeser.de\/blog\/wp-content\/uploads\/2019\/12\/linz-weihnachtsmaerkte-hauptplatz-gal04-christian-oeser-768x511.jpg 768w, https:\/\/coeser.de\/blog\/wp-content\/uploads\/2019\/12\/linz-weihnachtsmaerkte-hauptplatz-gal04-christian-oeser-330x220.jpg 330w\" sizes=\"auto, (max-width: 910px) 100vw, 910px\" \/><figcaption class=\"caption wp-caption-text\">Der Christkindlmarkt am Linzer Hauptplatz nimmt trotz seiner Gr\u00f6\u00dfe nur rund ein Viertel des gesamten Platzes ein. Durch den intensiven Regenschauer w\u00e4hrend meines Besuchs spiegelten sich die Lichter des Weihnachtsmarktes wunderbar auf dem Boden.<br \/><a href=\"https:\/\/www.google.de\/maps\/place\/48.305371,14.287215\" target=\"_blank\" rel=\"noopener noreferrer\">Aufnahmeort anzeigen<\/a><\/figcaption><\/figure>\n<\/div>\n<hr \/>\n<div class=\"auflistung\">\n<h1><img loading=\"lazy\" decoding=\"async\" class=\"alignnone size-full wp-image-14099\" src=\"https:\/\/coeser.de\/blog\/wp-content\/uploads\/2019\/12\/linz-weihnachtsmaerkte-aufmacher5-pfarrplatz-christian-oeser.jpg\" alt=\"Wintermarkt am Linzer Pfarrplatz\" width=\"920\" height=\"307\" srcset=\"https:\/\/coeser.de\/blog\/wp-content\/uploads\/2019\/12\/linz-weihnachtsmaerkte-aufmacher5-pfarrplatz-christian-oeser.jpg 920w, https:\/\/coeser.de\/blog\/wp-content\/uploads\/2019\/12\/linz-weihnachtsmaerkte-aufmacher5-pfarrplatz-christian-oeser-300x100.jpg 300w, https:\/\/coeser.de\/blog\/wp-content\/uploads\/2019\/12\/linz-weihnachtsmaerkte-aufmacher5-pfarrplatz-christian-oeser-768x256.jpg 768w\" sizes=\"auto, (max-width: 920px) 100vw, 920px\" \/><\/h1>\n<h2>3) Wintermarkt am Pfarrplatz<\/h2>\n<h3>FAKTEN<\/h3>\n<p><strong>Adresse: <\/strong>Pfarrplatz<br \/>\n<strong>Erreichbarkeit:<\/strong> Stra\u00dfenbahn-Linien 1, 2, 3, 4 Station <em>Hauptplatz<\/em>, dann ein kurzer Fu\u00dfweg<\/p>\n<h2>Ruhig ja, besinnlich nein<\/h2>\n<p>Glaubt man der Beschreibung des Wintermarktes am Pfarrplatz, distanzieren sich die Betreiber von herk\u00f6mmlichen Weihnachtsm\u00e4rkten \u2013 eine ruhige, besinnliche Atmosph\u00e4re soll hier vorherrschen. Es gibt also bis auf Tannenreisig keine Weihnachtsdekoration, um eine bewusste Alternative zum kommerziellen Trubel zu bieten. Verkaufsst\u00e4nde mit authentischem Handwerk und Gastronomie mit qualitativ hochwertigen Speisen sollen dagegen die Besucherinnen und Besucher anlocken. Das ist zwar alles sch\u00f6n und gut, nur in der Realit\u00e4t konnte ich diesen besinnlichen Gedanken vor Ort nicht wirklich sp\u00fcren.<\/p>\n<h3>Viel Essen, wenig Handwerk<\/h3>\n<p>Versteht mich nicht falsch: ich habe mich auf dem Wintermarkt am Pfarrplatz durchaus wohlgef\u00fchlt. Verwundert hat mich allerdings das Verh\u00e4ltnis zwischen Gastronomie- und Handwerksst\u00e4nden. Rein vom Gef\u00fchl her empfand ich es so, dass 80 Prozent des Angebots aus Fress- und Trinkst\u00e4tten bestanden. Die Handwerkskunst dagegen musste ich trotz des kleines Platzes schon fast suchen. Abgesehen davon empfand ich aber die Aufmachung des Wintermarktes als sehr sch\u00f6n. Direkt im Schatten der Stadtpfarrkirche sind die Holzh\u00fctten in Kreisform angeordnet und in der Mitte steht ein \u00fcberdachter Bereich zum Essen und Trinken bereit.<\/p>\n<h3>Nette Alternative<\/h3>\n<p>Mir pers\u00f6nlich haben die nicht \u00fcberdachten Holztische mit Reisig-Verzierung allerdings wesentlich besser gefallen \u2013 sofern das Wetter eben mitspielt. Vom Essen her findet ihr auf dem Wintermarkt am Pfarrplatz neben Klassikern auch ausgefallenere Dinge wie Pastrami-Sandwiches, mexikanische Burritos und Fish &amp; Chips. Die in anderen Blogartikeln hochgepriesenen Bauernkrapfen konnte ich leider nicht probieren, vielleicht habt ihr mehr Gl\u00fcck als ich. Mein Fazit: ein im Vergleich zum Volksgarten und Hauptplatz doch recht ruhiger, alternativer Weihnachtsmarkt \u2013 den gro\u00dfen Mehrwert konnte ich aber nicht erkennen.<\/p>\n<figure id=\"attachment_14110\" class=\"thumbnail wp-caption alignnone\" style=\"width: 920px\"><img loading=\"lazy\" decoding=\"async\" class=\"wp-image-14110 size-full\" src=\"https:\/\/coeser.de\/blog\/wp-content\/uploads\/2019\/12\/linz-weihnachtsmaerkte-pfarrplatz-gal01-christian-oeser.jpg\" alt=\"Wintermarkt am Pfarrplatz\" width=\"910\" height=\"606\" srcset=\"https:\/\/coeser.de\/blog\/wp-content\/uploads\/2019\/12\/linz-weihnachtsmaerkte-pfarrplatz-gal01-christian-oeser.jpg 910w, https:\/\/coeser.de\/blog\/wp-content\/uploads\/2019\/12\/linz-weihnachtsmaerkte-pfarrplatz-gal01-christian-oeser-300x200.jpg 300w, https:\/\/coeser.de\/blog\/wp-content\/uploads\/2019\/12\/linz-weihnachtsmaerkte-pfarrplatz-gal01-christian-oeser-768x511.jpg 768w, https:\/\/coeser.de\/blog\/wp-content\/uploads\/2019\/12\/linz-weihnachtsmaerkte-pfarrplatz-gal01-christian-oeser-330x220.jpg 330w\" sizes=\"auto, (max-width: 910px) 100vw, 910px\" \/><figcaption class=\"caption wp-caption-text\">Der Wintermarkt am Pfarrplatz \u00fcberzeugte mich zwar mit seiner ruhigen Lage, wirklich in Stimmung versetzen konnte er mich aber nicht.<br \/><a href=\"https:\/\/www.google.de\/maps\/place\/48.306372,14.289345\" target=\"_blank\" rel=\"noopener noreferrer\">Aufnahmeort anzeigen<\/a><\/figcaption><\/figure>\n<figure id=\"attachment_14111\" class=\"thumbnail wp-caption alignnone\" style=\"width: 920px\"><img loading=\"lazy\" decoding=\"async\" class=\"wp-image-14111 size-full\" src=\"https:\/\/coeser.de\/blog\/wp-content\/uploads\/2019\/12\/linz-weihnachtsmaerkte-pfarrplatz-gal02-christian-oeser.jpg\" alt=\"Wintermarkt am Pfarrplatz\" width=\"910\" height=\"606\" srcset=\"https:\/\/coeser.de\/blog\/wp-content\/uploads\/2019\/12\/linz-weihnachtsmaerkte-pfarrplatz-gal02-christian-oeser.jpg 910w, https:\/\/coeser.de\/blog\/wp-content\/uploads\/2019\/12\/linz-weihnachtsmaerkte-pfarrplatz-gal02-christian-oeser-300x200.jpg 300w, https:\/\/coeser.de\/blog\/wp-content\/uploads\/2019\/12\/linz-weihnachtsmaerkte-pfarrplatz-gal02-christian-oeser-768x511.jpg 768w, https:\/\/coeser.de\/blog\/wp-content\/uploads\/2019\/12\/linz-weihnachtsmaerkte-pfarrplatz-gal02-christian-oeser-330x220.jpg 330w\" sizes=\"auto, (max-width: 910px) 100vw, 910px\" \/><figcaption class=\"caption wp-caption-text\">Einer der wenigen St\u00e4nde auf dem Wintermarkt am Pfarrplatz mit Handwerkskunst. Daf\u00fcr aber umso beeindruckender zum Ansehen!<br \/><a href=\"https:\/\/www.google.de\/maps\/place\/48.306372,14.289345\" target=\"_blank\" rel=\"noopener noreferrer\">Aufnahmeort anzeigen<\/a><\/figcaption><\/figure>\n<figure id=\"attachment_14112\" class=\"thumbnail wp-caption alignnone\" style=\"width: 920px\"><img loading=\"lazy\" decoding=\"async\" class=\"wp-image-14112 size-full\" src=\"https:\/\/coeser.de\/blog\/wp-content\/uploads\/2019\/12\/linz-weihnachtsmaerkte-pfarrplatz-gal03-christian-oeser.jpg\" alt=\"Schafe auf dem Wintermarkt am Pfarrplatz\" width=\"910\" height=\"606\" srcset=\"https:\/\/coeser.de\/blog\/wp-content\/uploads\/2019\/12\/linz-weihnachtsmaerkte-pfarrplatz-gal03-christian-oeser.jpg 910w, https:\/\/coeser.de\/blog\/wp-content\/uploads\/2019\/12\/linz-weihnachtsmaerkte-pfarrplatz-gal03-christian-oeser-300x200.jpg 300w, https:\/\/coeser.de\/blog\/wp-content\/uploads\/2019\/12\/linz-weihnachtsmaerkte-pfarrplatz-gal03-christian-oeser-768x511.jpg 768w, https:\/\/coeser.de\/blog\/wp-content\/uploads\/2019\/12\/linz-weihnachtsmaerkte-pfarrplatz-gal03-christian-oeser-330x220.jpg 330w\" sizes=\"auto, (max-width: 910px) 100vw, 910px\" \/><figcaption class=\"caption wp-caption-text\">Etwas versteckt gab es sogar drei Schafe zum Beobachten und Streicheln.<br \/><a href=\"https:\/\/www.google.de\/maps\/place\/48.306372,14.289345\" target=\"_blank\" rel=\"noopener noreferrer\">Aufnahmeort anzeigen<\/a><\/figcaption><\/figure>\n<figure id=\"attachment_14113\" class=\"thumbnail wp-caption alignnone\" style=\"width: 920px\"><img loading=\"lazy\" decoding=\"async\" class=\"wp-image-14113 size-full\" src=\"https:\/\/coeser.de\/blog\/wp-content\/uploads\/2019\/12\/linz-weihnachtsmaerkte-pfarrplatz-gal04-christian-oeser.jpg\" alt=\"Wintermarkt am Pfarrplatz\" width=\"910\" height=\"606\" srcset=\"https:\/\/coeser.de\/blog\/wp-content\/uploads\/2019\/12\/linz-weihnachtsmaerkte-pfarrplatz-gal04-christian-oeser.jpg 910w, https:\/\/coeser.de\/blog\/wp-content\/uploads\/2019\/12\/linz-weihnachtsmaerkte-pfarrplatz-gal04-christian-oeser-300x200.jpg 300w, https:\/\/coeser.de\/blog\/wp-content\/uploads\/2019\/12\/linz-weihnachtsmaerkte-pfarrplatz-gal04-christian-oeser-768x511.jpg 768w, https:\/\/coeser.de\/blog\/wp-content\/uploads\/2019\/12\/linz-weihnachtsmaerkte-pfarrplatz-gal04-christian-oeser-330x220.jpg 330w\" sizes=\"auto, (max-width: 910px) 100vw, 910px\" \/><figcaption class=\"caption wp-caption-text\">In der Mitte des Wintermarktes quetschten sich die Besucherinnen und Besucher zusammen. Wesentlich attraktiver empfand ich da die gro\u00dfz\u00fcgigen Au\u00dfenbereiche zum Stehen, um seinen Punsch oder eine der angebotenen Speisen in Ruhe zu genie\u00dfen.<br \/><a href=\"https:\/\/www.google.de\/maps\/place\/48.306372,14.289345\" target=\"_blank\" rel=\"noopener noreferrer\">Aufnahmeort anzeigen<\/a><\/figcaption><\/figure>\n<\/div>\n<hr \/>\n<div class=\"auflistung\">\n<h1><img loading=\"lazy\" decoding=\"async\" class=\"alignnone size-full wp-image-14100\" src=\"https:\/\/coeser.de\/blog\/wp-content\/uploads\/2019\/12\/linz-weihnachtsmaerkte-aufmacher6-waermepol-christian-oeser.jpg\" alt=\"W\u00e4rmepol in der Kunstuniversit\u00e4t Linz\" width=\"920\" height=\"307\" srcset=\"https:\/\/coeser.de\/blog\/wp-content\/uploads\/2019\/12\/linz-weihnachtsmaerkte-aufmacher6-waermepol-christian-oeser.jpg 920w, https:\/\/coeser.de\/blog\/wp-content\/uploads\/2019\/12\/linz-weihnachtsmaerkte-aufmacher6-waermepol-christian-oeser-300x100.jpg 300w, https:\/\/coeser.de\/blog\/wp-content\/uploads\/2019\/12\/linz-weihnachtsmaerkte-aufmacher6-waermepol-christian-oeser-768x256.jpg 768w\" sizes=\"auto, (max-width: 920px) 100vw, 920px\" \/><\/h1>\n<h2>4) W\u00e4rmepol &#8211; Punsch und Kultur<\/h2>\n<h3>FAKTEN<\/h3>\n<p><strong>Adresse: <\/strong>Hauptplatz 6, Innenhof Kunstuniversit\u00e4t Linz<br \/>\n<strong>Erreichbarkeit:<\/strong> Stra\u00dfenbahn-Linien 1, 2, 3, 4 Station <em>Hauptplatz<\/em><\/p>\n<h2>Die Alternative zum Weihnachtstrubel<\/h2>\n<p>Der W\u00e4rmepol ist mir wirklich in jedem Artikel \u00fcber die Weihnachtsm\u00e4rkte in Linz untergekommen. Normalerweise lasse ich mich von so etwas nicht beeinflussen \u2013 aber ich war echt neugierig, was es mit diesem ungew\u00f6hnlichen Namen auf sich hat. Ich kann es gleich vorwegnehmen: dieser Ort sollte ein Fixpunkt bei eurem Besuch sein, sofern ihr einen guten Punsch bzw. Gl\u00fchwein sucht. Genau genommen handelt es sich beim W\u00e4rmepol gar nicht um einen Weihnachtsmarkt, sondern einfach eine Ausschank ohne jeglichen Weihnachtsbezug.<\/p>\n<h3>Ausschank seit 2001<\/h3>\n<p>Veranstaltet wird das Ganze schon seit sage und schreibe 2001 von den Architekturstudierenden der Kunstuniversit\u00e4t Linz. Darauf aufmerksam geworden bin ich allerdings erst dank anderer Blogger. Ziel soll es laut offizieller Beschreibung sein, eine Plattform f\u00fcr Kunst und Kultur zu bieten, die einen angenehmen Rahmen f\u00fcr Ausstellungen, Diskussionen sowie f\u00fcr Musik schafft. Das zweite Vorhaben: einen Ort als Gegenpol zum Weihnachtsstress zu schaffen. Dieses Ziel wurde jedenfalls absolut erreicht!<\/p>\n<h3>Gut versteckt im Uni-Innenhof<\/h3>\n<p>Wenn ihr nicht wisst, wo ihr den W\u00e4rmepol suchen m\u00fcsst, dann ist ein Auffinden auch nur durch Zufall m\u00f6glich. Der Zugang befindet sich am Ende des Hauptplatzes auf der rechten Seite, wenn ihr Richtung Donau blickt. Durch einen sch\u00f6nen Arkadengang gelangt ihr in den Innenhof der Kunstuniversit\u00e4t Linz. Dort f\u00e4llt sofort die grell rot leuchtende Bar auf \u2013 damit habt ihr euer Ziel erreicht. Ich probierte wie immer einen Gl\u00fchwein und war ehrlich gesagt begeistert. Endlich einmal! Wenn auch eine Spur zu s\u00fc\u00df f\u00fcr mich, konnte ich ansonsten keinen unnat\u00fcrlichen oder gar grauenhaften Nebengeschmack erkennen.<\/p>\n<h3>Ein Gl\u00fchwein, der tats\u00e4chlich schmeckt<\/h3>\n<p>Das w\u00e4re auch verwunderlich, denn bei der Herstellung von Punsch und Gl\u00fchwein kommen nur rein biologische Produkte zur Anwendung. Gerade f\u00fcr mich, der auf Weihnachtsm\u00e4rkten regelm\u00e4\u00dfig verzweifelt auf der Suche nach einem qualitativ guten Gl\u00fchwein ist, stellt der W\u00e4rmepol eine grandiose Alternative dar. Probiert es aus \u2013 ihr werdet den Unterschied zu den herk\u00f6mmlichen Fertighei\u00dfgetr\u00e4nken garantiert schmecken. Au\u00dferdem ist der stilvolle Innenhof der Universit\u00e4t ein angenehm ruhiger Ort, um bei einem Glas Punsch einmal in Ruhe ein Gespr\u00e4ch mit seinen Freunden f\u00fchren zu k\u00f6nnen. \ud83d\ude42<\/p>\n<figure id=\"attachment_14114\" class=\"thumbnail wp-caption alignnone\" style=\"width: 920px\"><img loading=\"lazy\" decoding=\"async\" class=\"wp-image-14114 size-full\" src=\"https:\/\/coeser.de\/blog\/wp-content\/uploads\/2019\/12\/linz-weihnachtsmaerkte-waermepol-gal01-christian-oeser.jpg\" alt=\"Die W\u00e4rmepol-Punschbar in der Kunstuniversit\u00e4t Linz\" width=\"910\" height=\"606\" srcset=\"https:\/\/coeser.de\/blog\/wp-content\/uploads\/2019\/12\/linz-weihnachtsmaerkte-waermepol-gal01-christian-oeser.jpg 910w, https:\/\/coeser.de\/blog\/wp-content\/uploads\/2019\/12\/linz-weihnachtsmaerkte-waermepol-gal01-christian-oeser-300x200.jpg 300w, https:\/\/coeser.de\/blog\/wp-content\/uploads\/2019\/12\/linz-weihnachtsmaerkte-waermepol-gal01-christian-oeser-768x511.jpg 768w, https:\/\/coeser.de\/blog\/wp-content\/uploads\/2019\/12\/linz-weihnachtsmaerkte-waermepol-gal01-christian-oeser-330x220.jpg 330w\" sizes=\"auto, (max-width: 910px) 100vw, 910px\" \/><figcaption class=\"caption wp-caption-text\">Die W\u00e4rmepol-Punschbar in der Kunstuniversit\u00e4t Linz \u00fcbersieht man im Vorbeigehen schnell. Dabei strahlen einem schon von Weitem die grellroten Farben entgegen!<br \/><a href=\"https:\/\/www.google.de\/maps\/place\/48.306891,14.286990\" target=\"_blank\" rel=\"noopener noreferrer\">Aufnahmeort anzeigen<\/a><\/figcaption><\/figure>\n<figure id=\"attachment_14115\" class=\"thumbnail wp-caption alignnone\" style=\"width: 920px\"><img loading=\"lazy\" decoding=\"async\" class=\"wp-image-14115 size-full\" src=\"https:\/\/coeser.de\/blog\/wp-content\/uploads\/2019\/12\/linz-weihnachtsmaerkte-waermepol-gal02-christian-oeser.jpg\" alt=\"Die W\u00e4rmepol-Punschbar in der Kunstuniversit\u00e4t Linz\" width=\"910\" height=\"606\" srcset=\"https:\/\/coeser.de\/blog\/wp-content\/uploads\/2019\/12\/linz-weihnachtsmaerkte-waermepol-gal02-christian-oeser.jpg 910w, https:\/\/coeser.de\/blog\/wp-content\/uploads\/2019\/12\/linz-weihnachtsmaerkte-waermepol-gal02-christian-oeser-300x200.jpg 300w, https:\/\/coeser.de\/blog\/wp-content\/uploads\/2019\/12\/linz-weihnachtsmaerkte-waermepol-gal02-christian-oeser-768x511.jpg 768w, https:\/\/coeser.de\/blog\/wp-content\/uploads\/2019\/12\/linz-weihnachtsmaerkte-waermepol-gal02-christian-oeser-330x220.jpg 330w\" sizes=\"auto, (max-width: 910px) 100vw, 910px\" \/><figcaption class=\"caption wp-caption-text\">Punsch und Gl\u00fchwein werden im W\u00e4rmepol von den Studierenden ausnahmslos mit biologischen Zutaten gekocht. Ich kann euch garantieren: ihr schmeckt den Unterschied!<br \/><a href=\"https:\/\/www.google.de\/maps\/place\/48.306891,14.286990\" target=\"_blank\" rel=\"noopener noreferrer\">Aufnahmeort anzeigen<\/a><\/figcaption><\/figure>\n<figure id=\"attachment_14116\" class=\"thumbnail wp-caption alignnone\" style=\"width: 920px\"><img loading=\"lazy\" decoding=\"async\" class=\"wp-image-14116 size-full\" src=\"https:\/\/coeser.de\/blog\/wp-content\/uploads\/2019\/12\/linz-weihnachtsmaerkte-waermepol-gal03-christian-oeser.jpg\" alt=\"Die W\u00e4rmepol-Punschbar in der Kunstuniversit\u00e4t Linz\" width=\"910\" height=\"606\" srcset=\"https:\/\/coeser.de\/blog\/wp-content\/uploads\/2019\/12\/linz-weihnachtsmaerkte-waermepol-gal03-christian-oeser.jpg 910w, https:\/\/coeser.de\/blog\/wp-content\/uploads\/2019\/12\/linz-weihnachtsmaerkte-waermepol-gal03-christian-oeser-300x200.jpg 300w, https:\/\/coeser.de\/blog\/wp-content\/uploads\/2019\/12\/linz-weihnachtsmaerkte-waermepol-gal03-christian-oeser-768x511.jpg 768w, https:\/\/coeser.de\/blog\/wp-content\/uploads\/2019\/12\/linz-weihnachtsmaerkte-waermepol-gal03-christian-oeser-330x220.jpg 330w\" sizes=\"auto, (max-width: 910px) 100vw, 910px\" \/><figcaption class=\"caption wp-caption-text\">Auch wenn es sicherlich \u00f6fters voller ist als hier auf dem Foto: ich war \u00fcber die Ruhe vor Ort richtig gl\u00fccklich und konnte meinen Gl\u00fchwein fernab der Menschenmassen zelebrieren. Der W\u00e4rmepol ist zwar kein klassischer Weihnachtsmarkt, aber f\u00fcr Freunde von guten Getr\u00e4nken ohne Chemie ein Fixpunkt in Linz!<br \/><a href=\"https:\/\/www.google.de\/maps\/place\/48.306891,14.286990\" target=\"_blank\" rel=\"noopener noreferrer\">Aufnahmeort anzeigen<\/a><\/figcaption><\/figure>\n<\/div>\n<hr \/>\n<div class=\"fazit\">\n<h2>FAZIT<\/h2>\n<p>Die Weihnachtsm\u00e4rkte in Linz einmal selbst zu besuchen und auszutesten, war eine ausgezeichnete Idee. Dank der schnellen Anreise mit dem Zug konnte ich untertags stressfrei einen Weihnachtsbummel durch Linz unternehmen und abends dann wieder nach Wien zur\u00fcckkehren. Im Grunde sind es vier Weihnachtsm\u00e4rkte bzw. Orte, die besonders hervorstechen. Der gro\u00dfe Weihnachtsmarkt im Volksgarten und der Christkindlmarkt auf dem Hauptplatz \u00fcberzeugen sowohl in Aufmachung, Stimmung als auch Angebot. Der Wintermarkt am Pfarrplatz l\u00e4sst in meinen Augen etwas Atmosph\u00e4re vermissen, ist ansonsten aber eine angenehme Alternative zum Trubel. Voll \u00fcberzeugt hat mich der W\u00e4rmepol, der eigentlich gar kein Weihnachtsmarkt ist. Wer auf der Suche nach echt gutem Punsch und Gl\u00fchwein ist, kommt dort aber garantiert auf seine Kosten. Wie sieht es bei euch aus, welcher der Weihnachtsm\u00e4rkte in Linz ist euer Favorit?<\/p>\n<\/div>\n<p>&nbsp;<\/p>\n<div style=\"display: none;\">\n<p><img loading=\"lazy\" decoding=\"async\" class=\"alignnone size-full wp-image-14117\" src=\"https:\/\/coeser.de\/blog\/wp-content\/uploads\/2019\/12\/linz-weihnachtsmaerkte-p01-christian-oeser.jpg\" alt=\"Weihnachtsm\u00e4rkte in Linz: Erfahrungsbericht zu den Adventm\u00e4rkten im Volksgarten, auf dem Hauptplatz, auf dem Pfarrplatz und zum W\u00e4rmepol.\" width=\"735\" height=\"1102\" srcset=\"https:\/\/coeser.de\/blog\/wp-content\/uploads\/2019\/12\/linz-weihnachtsmaerkte-p01-christian-oeser.jpg 735w, https:\/\/coeser.de\/blog\/wp-content\/uploads\/2019\/12\/linz-weihnachtsmaerkte-p01-christian-oeser-200x300.jpg 200w, https:\/\/coeser.de\/blog\/wp-content\/uploads\/2019\/12\/linz-weihnachtsmaerkte-p01-christian-oeser-683x1024.jpg 683w\" sizes=\"auto, (max-width: 735px) 100vw, 735px\" \/><img loading=\"lazy\" decoding=\"async\" class=\"alignnone size-full wp-image-14118\" src=\"https:\/\/coeser.de\/blog\/wp-content\/uploads\/2019\/12\/linz-weihnachtsmaerkte-p02-christian-oeser.jpg\" alt=\"Weihnachtsm\u00e4rkte in Linz: Erfahrungsbericht zu den Adventm\u00e4rkten im Volksgarten, auf dem Hauptplatz, auf dem Pfarrplatz und zum W\u00e4rmepol.\" width=\"735\" height=\"1102\" srcset=\"https:\/\/coeser.de\/blog\/wp-content\/uploads\/2019\/12\/linz-weihnachtsmaerkte-p02-christian-oeser.jpg 735w, https:\/\/coeser.de\/blog\/wp-content\/uploads\/2019\/12\/linz-weihnachtsmaerkte-p02-christian-oeser-200x300.jpg 200w, https:\/\/coeser.de\/blog\/wp-content\/uploads\/2019\/12\/linz-weihnachtsmaerkte-p02-christian-oeser-683x1024.jpg 683w\" sizes=\"auto, (max-width: 735px) 100vw, 735px\" \/><\/p>\n<\/div>\n","protected":false},"excerpt":{"rendered":"<p>Im weihnachtlich dekorierten Linz war ich wirklich schon ewig nicht mehr! Als Wiener bin ich zwar mit dem vielf\u00e4ltigen Adventmarktangebot der \u00f6sterreichischen Hauptstadt sicherlich mehr als gesegnet. Trotzdem m\u00f6chte ich jedes Jahr neue Weihnachtsm\u00e4rkte au\u00dferhalb meiner Heimatstadt kennenlernen. Linz ist mit dem Zug nur etwas mehr als eine Stunde entfernt und ein gro\u00dfartiges Ziel f\u00fcr [&hellip;]<\/p>\n","protected":false},"author":1,"featured_media":14094,"comment_status":"open","ping_status":"open","sticky":false,"template":"","format":"standard","meta":{"_jetpack_memberships_contains_paid_content":false,"footnotes":""},"categories":[17],"tags":[25,9,11,12,63,23,41,68,10,89,77],"class_list":["post-14083","post","type-post","status-publish","format-standard","has-post-thumbnail","hentry","category-oesterreich","tag-ausflug","tag-cityguide","tag-fotospots","tag-fototipps","tag-linz","tag-oesterreich","tag-reisebericht","tag-reisefuehrer","tag-staedtereise","tag-weihnachten","tag-weihnachtsmarkt"],"yoast_head":"<!-- This site is optimized with the Yoast SEO plugin v27.4 - https:\/\/yoast.com\/product\/yoast-seo-wordpress\/ -->\n<title>Ein Weihnachtsbummel durch Linz - Reiseblog und Fotostories von Christian \u00d6ser<\/title>\n<meta name=\"description\" content=\"Weihnachtsm\u00e4rkte in Linz: Erfahrungsbericht zu den Adventm\u00e4rkten im Volksgarten, auf dem Hauptplatz, auf dem Pfarrplatz und zum W\u00e4rmepol.\" \/>\n<meta name=\"robots\" content=\"index, follow, max-snippet:-1, max-image-preview:large, max-video-preview:-1\" \/>\n<link rel=\"canonical\" href=\"https:\/\/coeser.de\/blog\/index.php\/2019\/12\/10\/weihnachtsmaerkte-in-linz\/\" \/>\n<meta property=\"og:locale\" content=\"de_DE\" \/>\n<meta property=\"og:type\" content=\"article\" \/>\n<meta property=\"og:title\" content=\"Ein Weihnachtsbummel durch Linz - Reiseblog und Fotostories von Christian \u00d6ser\" \/>\n<meta property=\"og:description\" content=\"Weihnachtsm\u00e4rkte in Linz: Erfahrungsbericht zu den Adventm\u00e4rkten im Volksgarten, auf dem Hauptplatz, auf dem Pfarrplatz und zum W\u00e4rmepol.\" \/>\n<meta property=\"og:url\" content=\"https:\/\/coeser.de\/blog\/index.php\/2019\/12\/10\/weihnachtsmaerkte-in-linz\/\" \/>\n<meta property=\"og:site_name\" content=\"fern &amp; nah - Reiseblog und Fotostories von Christian \u00d6ser\" \/>\n<meta property=\"article:publisher\" content=\"Christian \u00d6ser\" \/>\n<meta property=\"article:author\" content=\"Christian \u00d6ser\" \/>\n<meta property=\"article:published_time\" content=\"2019-12-10T06:00:07+00:00\" \/>\n<meta property=\"article:modified_time\" content=\"2023-04-05T11:36:58+00:00\" \/>\n<meta property=\"og:image\" content=\"https:\/\/coeser.de\/blog\/wp-content\/uploads\/2019\/11\/linz-weihnachtsmaerkte-aufmacher-hauptplatz-christian-oeser.jpg\" \/>\n\t<meta property=\"og:image:width\" content=\"978\" \/>\n\t<meta property=\"og:image:height\" content=\"550\" \/>\n\t<meta property=\"og:image:type\" content=\"image\/jpeg\" \/>\n<meta name=\"author\" content=\"Christian \u00d6ser\" \/>\n<meta name=\"twitter:card\" content=\"summary_large_image\" \/>\n<meta name=\"twitter:label1\" content=\"Verfasst von\" \/>\n\t<meta name=\"twitter:data1\" content=\"Christian \u00d6ser\" \/>\n\t<meta name=\"twitter:label2\" content=\"Gesch\u00e4tzte Lesezeit\" \/>\n\t<meta name=\"twitter:data2\" content=\"23\u00a0Minuten\" \/>\n<script type=\"application\/ld+json\" class=\"yoast-schema-graph\">{\"@context\":\"https:\\\/\\\/schema.org\",\"@graph\":[{\"@type\":\"Article\",\"@id\":\"https:\\\/\\\/coeser.de\\\/blog\\\/index.php\\\/2019\\\/12\\\/10\\\/weihnachtsmaerkte-in-linz\\\/#article\",\"isPartOf\":{\"@id\":\"https:\\\/\\\/coeser.de\\\/blog\\\/index.php\\\/2019\\\/12\\\/10\\\/weihnachtsmaerkte-in-linz\\\/\"},\"author\":{\"name\":\"Christian \u00d6ser\",\"@id\":\"https:\\\/\\\/coeser.de\\\/blog\\\/#\\\/schema\\\/person\\\/fda1d253389076b2cadc3d47018cf315\"},\"headline\":\"Ein Weihnachtsbummel durch Linz\",\"datePublished\":\"2019-12-10T06:00:07+00:00\",\"dateModified\":\"2023-04-05T11:36:58+00:00\",\"mainEntityOfPage\":{\"@id\":\"https:\\\/\\\/coeser.de\\\/blog\\\/index.php\\\/2019\\\/12\\\/10\\\/weihnachtsmaerkte-in-linz\\\/\"},\"wordCount\":3461,\"commentCount\":10,\"publisher\":{\"@id\":\"https:\\\/\\\/coeser.de\\\/blog\\\/#\\\/schema\\\/person\\\/fda1d253389076b2cadc3d47018cf315\"},\"image\":{\"@id\":\"https:\\\/\\\/coeser.de\\\/blog\\\/index.php\\\/2019\\\/12\\\/10\\\/weihnachtsmaerkte-in-linz\\\/#primaryimage\"},\"thumbnailUrl\":\"https:\\\/\\\/coeser.de\\\/blog\\\/wp-content\\\/uploads\\\/2019\\\/11\\\/linz-weihnachtsmaerkte-aufmacher-hauptplatz-christian-oeser.jpg\",\"keywords\":[\"Ausflug\",\"Cityguide\",\"Fotospots\",\"Fototipps\",\"Linz\",\"\u00d6sterreich\",\"Reisebericht\",\"Reisef\u00fchrer\",\"St\u00e4dtereise\",\"Weihnachten\",\"Weihnachtsmarkt\"],\"articleSection\":[\"\u00d6STERREICH\"],\"inLanguage\":\"de\",\"potentialAction\":[{\"@type\":\"CommentAction\",\"name\":\"Comment\",\"target\":[\"https:\\\/\\\/coeser.de\\\/blog\\\/index.php\\\/2019\\\/12\\\/10\\\/weihnachtsmaerkte-in-linz\\\/#respond\"]}]},{\"@type\":\"WebPage\",\"@id\":\"https:\\\/\\\/coeser.de\\\/blog\\\/index.php\\\/2019\\\/12\\\/10\\\/weihnachtsmaerkte-in-linz\\\/\",\"url\":\"https:\\\/\\\/coeser.de\\\/blog\\\/index.php\\\/2019\\\/12\\\/10\\\/weihnachtsmaerkte-in-linz\\\/\",\"name\":\"Ein Weihnachtsbummel durch Linz - Reiseblog und Fotostories von Christian \u00d6ser\",\"isPartOf\":{\"@id\":\"https:\\\/\\\/coeser.de\\\/blog\\\/#website\"},\"primaryImageOfPage\":{\"@id\":\"https:\\\/\\\/coeser.de\\\/blog\\\/index.php\\\/2019\\\/12\\\/10\\\/weihnachtsmaerkte-in-linz\\\/#primaryimage\"},\"image\":{\"@id\":\"https:\\\/\\\/coeser.de\\\/blog\\\/index.php\\\/2019\\\/12\\\/10\\\/weihnachtsmaerkte-in-linz\\\/#primaryimage\"},\"thumbnailUrl\":\"https:\\\/\\\/coeser.de\\\/blog\\\/wp-content\\\/uploads\\\/2019\\\/11\\\/linz-weihnachtsmaerkte-aufmacher-hauptplatz-christian-oeser.jpg\",\"datePublished\":\"2019-12-10T06:00:07+00:00\",\"dateModified\":\"2023-04-05T11:36:58+00:00\",\"description\":\"Weihnachtsm\u00e4rkte in Linz: Erfahrungsbericht zu den Adventm\u00e4rkten im Volksgarten, auf dem Hauptplatz, auf dem Pfarrplatz und zum W\u00e4rmepol.\",\"breadcrumb\":{\"@id\":\"https:\\\/\\\/coeser.de\\\/blog\\\/index.php\\\/2019\\\/12\\\/10\\\/weihnachtsmaerkte-in-linz\\\/#breadcrumb\"},\"inLanguage\":\"de\",\"potentialAction\":[{\"@type\":\"ReadAction\",\"target\":[\"https:\\\/\\\/coeser.de\\\/blog\\\/index.php\\\/2019\\\/12\\\/10\\\/weihnachtsmaerkte-in-linz\\\/\"]}]},{\"@type\":\"ImageObject\",\"inLanguage\":\"de\",\"@id\":\"https:\\\/\\\/coeser.de\\\/blog\\\/index.php\\\/2019\\\/12\\\/10\\\/weihnachtsmaerkte-in-linz\\\/#primaryimage\",\"url\":\"https:\\\/\\\/coeser.de\\\/blog\\\/wp-content\\\/uploads\\\/2019\\\/11\\\/linz-weihnachtsmaerkte-aufmacher-hauptplatz-christian-oeser.jpg\",\"contentUrl\":\"https:\\\/\\\/coeser.de\\\/blog\\\/wp-content\\\/uploads\\\/2019\\\/11\\\/linz-weihnachtsmaerkte-aufmacher-hauptplatz-christian-oeser.jpg\",\"width\":978,\"height\":550,\"caption\":\"Der beleuchtete Christkindlmarkt in Linz\"},{\"@type\":\"BreadcrumbList\",\"@id\":\"https:\\\/\\\/coeser.de\\\/blog\\\/index.php\\\/2019\\\/12\\\/10\\\/weihnachtsmaerkte-in-linz\\\/#breadcrumb\",\"itemListElement\":[{\"@type\":\"ListItem\",\"position\":1,\"name\":\"Startseite\",\"item\":\"https:\\\/\\\/coeser.de\\\/blog\\\/\"},{\"@type\":\"ListItem\",\"position\":2,\"name\":\"Ein Weihnachtsbummel durch Linz\"}]},{\"@type\":\"WebSite\",\"@id\":\"https:\\\/\\\/coeser.de\\\/blog\\\/#website\",\"url\":\"https:\\\/\\\/coeser.de\\\/blog\\\/\",\"name\":\"fern &amp; nah - Reiseblog und Fotostories von Christian \u00d6ser\",\"description\":\"Reiseblog und Fotostories von Christian \u00d6ser\",\"publisher\":{\"@id\":\"https:\\\/\\\/coeser.de\\\/blog\\\/#\\\/schema\\\/person\\\/fda1d253389076b2cadc3d47018cf315\"},\"potentialAction\":[{\"@type\":\"SearchAction\",\"target\":{\"@type\":\"EntryPoint\",\"urlTemplate\":\"https:\\\/\\\/coeser.de\\\/blog\\\/?s={search_term_string}\"},\"query-input\":{\"@type\":\"PropertyValueSpecification\",\"valueRequired\":true,\"valueName\":\"search_term_string\"}}],\"inLanguage\":\"de\"},{\"@type\":[\"Person\",\"Organization\"],\"@id\":\"https:\\\/\\\/coeser.de\\\/blog\\\/#\\\/schema\\\/person\\\/fda1d253389076b2cadc3d47018cf315\",\"name\":\"Christian \u00d6ser\",\"image\":{\"@type\":\"ImageObject\",\"inLanguage\":\"de\",\"@id\":\"https:\\\/\\\/coeser.de\\\/blog\\\/wp-content\\\/uploads\\\/2016\\\/08\\\/logo-fern-und-nah-christian-oeser-4.jpg\",\"url\":\"https:\\\/\\\/coeser.de\\\/blog\\\/wp-content\\\/uploads\\\/2016\\\/08\\\/logo-fern-und-nah-christian-oeser-4.jpg\",\"contentUrl\":\"https:\\\/\\\/coeser.de\\\/blog\\\/wp-content\\\/uploads\\\/2016\\\/08\\\/logo-fern-und-nah-christian-oeser-4.jpg\",\"width\":1090,\"height\":245,\"caption\":\"Christian \u00d6ser\"},\"logo\":{\"@id\":\"https:\\\/\\\/coeser.de\\\/blog\\\/wp-content\\\/uploads\\\/2016\\\/08\\\/logo-fern-und-nah-christian-oeser-4.jpg\"},\"sameAs\":[\"http:\\\/\\\/www.coeser.de\",\"Christian \u00d6ser\",\"https:\\\/\\\/www.instagram.com\\\/coeser_de\\\/\",\"https:\\\/\\\/www.pinterest.at\\\/nightline5\\\/\"],\"url\":\"https:\\\/\\\/coeser.de\\\/blog\\\/index.php\\\/author\\\/coeser\\\/\"}]}<\/script>\n<!-- \/ Yoast SEO plugin. -->","yoast_head_json":{"title":"Ein Weihnachtsbummel durch Linz - Reiseblog und Fotostories von Christian \u00d6ser","description":"Weihnachtsm\u00e4rkte in Linz: Erfahrungsbericht zu den Adventm\u00e4rkten im Volksgarten, auf dem Hauptplatz, auf dem Pfarrplatz und zum W\u00e4rmepol.","robots":{"index":"index","follow":"follow","max-snippet":"max-snippet:-1","max-image-preview":"max-image-preview:large","max-video-preview":"max-video-preview:-1"},"canonical":"https:\/\/coeser.de\/blog\/index.php\/2019\/12\/10\/weihnachtsmaerkte-in-linz\/","og_locale":"de_DE","og_type":"article","og_title":"Ein Weihnachtsbummel durch Linz - Reiseblog und Fotostories von Christian \u00d6ser","og_description":"Weihnachtsm\u00e4rkte in Linz: Erfahrungsbericht zu den Adventm\u00e4rkten im Volksgarten, auf dem Hauptplatz, auf dem Pfarrplatz und zum W\u00e4rmepol.","og_url":"https:\/\/coeser.de\/blog\/index.php\/2019\/12\/10\/weihnachtsmaerkte-in-linz\/","og_site_name":"fern &amp; nah - Reiseblog und Fotostories von Christian \u00d6ser","article_publisher":"Christian \u00d6ser","article_author":"Christian \u00d6ser","article_published_time":"2019-12-10T06:00:07+00:00","article_modified_time":"2023-04-05T11:36:58+00:00","og_image":[{"width":978,"height":550,"url":"https:\/\/coeser.de\/blog\/wp-content\/uploads\/2019\/11\/linz-weihnachtsmaerkte-aufmacher-hauptplatz-christian-oeser.jpg","type":"image\/jpeg"}],"author":"Christian \u00d6ser","twitter_card":"summary_large_image","twitter_misc":{"Verfasst von":"Christian \u00d6ser","Gesch\u00e4tzte Lesezeit":"23\u00a0Minuten"},"schema":{"@context":"https:\/\/schema.org","@graph":[{"@type":"Article","@id":"https:\/\/coeser.de\/blog\/index.php\/2019\/12\/10\/weihnachtsmaerkte-in-linz\/#article","isPartOf":{"@id":"https:\/\/coeser.de\/blog\/index.php\/2019\/12\/10\/weihnachtsmaerkte-in-linz\/"},"author":{"name":"Christian \u00d6ser","@id":"https:\/\/coeser.de\/blog\/#\/schema\/person\/fda1d253389076b2cadc3d47018cf315"},"headline":"Ein Weihnachtsbummel durch Linz","datePublished":"2019-12-10T06:00:07+00:00","dateModified":"2023-04-05T11:36:58+00:00","mainEntityOfPage":{"@id":"https:\/\/coeser.de\/blog\/index.php\/2019\/12\/10\/weihnachtsmaerkte-in-linz\/"},"wordCount":3461,"commentCount":10,"publisher":{"@id":"https:\/\/coeser.de\/blog\/#\/schema\/person\/fda1d253389076b2cadc3d47018cf315"},"image":{"@id":"https:\/\/coeser.de\/blog\/index.php\/2019\/12\/10\/weihnachtsmaerkte-in-linz\/#primaryimage"},"thumbnailUrl":"https:\/\/coeser.de\/blog\/wp-content\/uploads\/2019\/11\/linz-weihnachtsmaerkte-aufmacher-hauptplatz-christian-oeser.jpg","keywords":["Ausflug","Cityguide","Fotospots","Fototipps","Linz","\u00d6sterreich","Reisebericht","Reisef\u00fchrer","St\u00e4dtereise","Weihnachten","Weihnachtsmarkt"],"articleSection":["\u00d6STERREICH"],"inLanguage":"de","potentialAction":[{"@type":"CommentAction","name":"Comment","target":["https:\/\/coeser.de\/blog\/index.php\/2019\/12\/10\/weihnachtsmaerkte-in-linz\/#respond"]}]},{"@type":"WebPage","@id":"https:\/\/coeser.de\/blog\/index.php\/2019\/12\/10\/weihnachtsmaerkte-in-linz\/","url":"https:\/\/coeser.de\/blog\/index.php\/2019\/12\/10\/weihnachtsmaerkte-in-linz\/","name":"Ein Weihnachtsbummel durch Linz - Reiseblog und Fotostories von Christian \u00d6ser","isPartOf":{"@id":"https:\/\/coeser.de\/blog\/#website"},"primaryImageOfPage":{"@id":"https:\/\/coeser.de\/blog\/index.php\/2019\/12\/10\/weihnachtsmaerkte-in-linz\/#primaryimage"},"image":{"@id":"https:\/\/coeser.de\/blog\/index.php\/2019\/12\/10\/weihnachtsmaerkte-in-linz\/#primaryimage"},"thumbnailUrl":"https:\/\/coeser.de\/blog\/wp-content\/uploads\/2019\/11\/linz-weihnachtsmaerkte-aufmacher-hauptplatz-christian-oeser.jpg","datePublished":"2019-12-10T06:00:07+00:00","dateModified":"2023-04-05T11:36:58+00:00","description":"Weihnachtsm\u00e4rkte in Linz: Erfahrungsbericht zu den Adventm\u00e4rkten im Volksgarten, auf dem Hauptplatz, auf dem Pfarrplatz und zum W\u00e4rmepol.","breadcrumb":{"@id":"https:\/\/coeser.de\/blog\/index.php\/2019\/12\/10\/weihnachtsmaerkte-in-linz\/#breadcrumb"},"inLanguage":"de","potentialAction":[{"@type":"ReadAction","target":["https:\/\/coeser.de\/blog\/index.php\/2019\/12\/10\/weihnachtsmaerkte-in-linz\/"]}]},{"@type":"ImageObject","inLanguage":"de","@id":"https:\/\/coeser.de\/blog\/index.php\/2019\/12\/10\/weihnachtsmaerkte-in-linz\/#primaryimage","url":"https:\/\/coeser.de\/blog\/wp-content\/uploads\/2019\/11\/linz-weihnachtsmaerkte-aufmacher-hauptplatz-christian-oeser.jpg","contentUrl":"https:\/\/coeser.de\/blog\/wp-content\/uploads\/2019\/11\/linz-weihnachtsmaerkte-aufmacher-hauptplatz-christian-oeser.jpg","width":978,"height":550,"caption":"Der beleuchtete Christkindlmarkt in Linz"},{"@type":"BreadcrumbList","@id":"https:\/\/coeser.de\/blog\/index.php\/2019\/12\/10\/weihnachtsmaerkte-in-linz\/#breadcrumb","itemListElement":[{"@type":"ListItem","position":1,"name":"Startseite","item":"https:\/\/coeser.de\/blog\/"},{"@type":"ListItem","position":2,"name":"Ein Weihnachtsbummel durch Linz"}]},{"@type":"WebSite","@id":"https:\/\/coeser.de\/blog\/#website","url":"https:\/\/coeser.de\/blog\/","name":"fern &amp; nah - Reiseblog und Fotostories von Christian \u00d6ser","description":"Reiseblog und Fotostories von Christian \u00d6ser","publisher":{"@id":"https:\/\/coeser.de\/blog\/#\/schema\/person\/fda1d253389076b2cadc3d47018cf315"},"potentialAction":[{"@type":"SearchAction","target":{"@type":"EntryPoint","urlTemplate":"https:\/\/coeser.de\/blog\/?s={search_term_string}"},"query-input":{"@type":"PropertyValueSpecification","valueRequired":true,"valueName":"search_term_string"}}],"inLanguage":"de"},{"@type":["Person","Organization"],"@id":"https:\/\/coeser.de\/blog\/#\/schema\/person\/fda1d253389076b2cadc3d47018cf315","name":"Christian \u00d6ser","image":{"@type":"ImageObject","inLanguage":"de","@id":"https:\/\/coeser.de\/blog\/wp-content\/uploads\/2016\/08\/logo-fern-und-nah-christian-oeser-4.jpg","url":"https:\/\/coeser.de\/blog\/wp-content\/uploads\/2016\/08\/logo-fern-und-nah-christian-oeser-4.jpg","contentUrl":"https:\/\/coeser.de\/blog\/wp-content\/uploads\/2016\/08\/logo-fern-und-nah-christian-oeser-4.jpg","width":1090,"height":245,"caption":"Christian \u00d6ser"},"logo":{"@id":"https:\/\/coeser.de\/blog\/wp-content\/uploads\/2016\/08\/logo-fern-und-nah-christian-oeser-4.jpg"},"sameAs":["http:\/\/www.coeser.de","Christian \u00d6ser","https:\/\/www.instagram.com\/coeser_de\/","https:\/\/www.pinterest.at\/nightline5\/"],"url":"https:\/\/coeser.de\/blog\/index.php\/author\/coeser\/"}]}},"jetpack_featured_media_url":"https:\/\/coeser.de\/blog\/wp-content\/uploads\/2019\/11\/linz-weihnachtsmaerkte-aufmacher-hauptplatz-christian-oeser.jpg","jetpack-related-posts":[{"id":21326,"url":"https:\/\/coeser.de\/blog\/index.php\/2023\/12\/05\/garstner-advent-weihnachtszeit-tradition\/","url_meta":{"origin":14083,"position":0},"title":"Garstner Advent: Weihnachtszeit mit Tradition","author":"Christian \u00d6ser","date":"5. Dezember 2023","format":false,"excerpt":"Brauchst du einmal Abwechslung von den Weihnachtsm\u00e4rkten in den \u00f6sterreichischen Gro\u00dfst\u00e4dten? Dann bietet sich ein Ausflug hinaus in die kleine, besinnliche Gemeinde Garsten in Ober\u00f6sterreich an. Schon seit 1977 verspr\u00fcht der Garstner Advent an zwei Wochenenden im Dezember feinsten Weihnachtszauber mit einem bezaubernden Markt vor dem ehemaligen Stift und einer\u2026","rel":"","context":"In &quot;\u00d6STERREICH&quot;","block_context":{"text":"\u00d6STERREICH","link":"https:\/\/coeser.de\/blog\/index.php\/category\/europa\/oesterreich\/"},"img":{"alt_text":"Weihnachtsmarkt vor dem Stift am Garstner Advent","src":"https:\/\/i0.wp.com\/coeser.de\/blog\/wp-content\/uploads\/2023\/12\/garstner-advent-aufmacher-standlmarkt-christian-oeser.jpg?resize=350%2C200&ssl=1","width":350,"height":200,"srcset":"https:\/\/i0.wp.com\/coeser.de\/blog\/wp-content\/uploads\/2023\/12\/garstner-advent-aufmacher-standlmarkt-christian-oeser.jpg?resize=350%2C200&ssl=1 1x, https:\/\/i0.wp.com\/coeser.de\/blog\/wp-content\/uploads\/2023\/12\/garstner-advent-aufmacher-standlmarkt-christian-oeser.jpg?resize=525%2C300&ssl=1 1.5x, https:\/\/i0.wp.com\/coeser.de\/blog\/wp-content\/uploads\/2023\/12\/garstner-advent-aufmacher-standlmarkt-christian-oeser.jpg?resize=700%2C400&ssl=1 2x"},"classes":[]},{"id":13892,"url":"https:\/\/coeser.de\/blog\/index.php\/2019\/12\/31\/europa-26-grandiose-reiseideen-fuer-2020\/","url_meta":{"origin":14083,"position":1},"title":"Europa: 26 grandiose Reiseideen f\u00fcr 2020","author":"Christian \u00d6ser","date":"31. Dezember 2019","format":false,"excerpt":"Alle Jahre wieder neigt sich das aktuelle Jahr zu Ende. Doch jedes Ende ist auch ein Anfang \u2013 und zwar f\u00fcr den Start der zuk\u00fcnftigen Reiseplanungen! Wie sieht es bei euch aus, habt ihr schon jede Menge Reiseziele im Kopf, die ihr unbedingt bald einmal mit eigenen Augen sehen wollt?\u2026","rel":"","context":"In &quot;EUROPA&quot;","block_context":{"text":"EUROPA","link":"https:\/\/coeser.de\/blog\/index.php\/category\/europa\/"},"img":{"alt_text":"","src":"https:\/\/i0.wp.com\/coeser.de\/blog\/wp-content\/uploads\/2019\/12\/reisetipps-reiseinspiration-fotospots-2020-aufmacher-christian-oeser.jpg?resize=350%2C200&ssl=1","width":350,"height":200,"srcset":"https:\/\/i0.wp.com\/coeser.de\/blog\/wp-content\/uploads\/2019\/12\/reisetipps-reiseinspiration-fotospots-2020-aufmacher-christian-oeser.jpg?resize=350%2C200&ssl=1 1x, https:\/\/i0.wp.com\/coeser.de\/blog\/wp-content\/uploads\/2019\/12\/reisetipps-reiseinspiration-fotospots-2020-aufmacher-christian-oeser.jpg?resize=525%2C300&ssl=1 1.5x, https:\/\/i0.wp.com\/coeser.de\/blog\/wp-content\/uploads\/2019\/12\/reisetipps-reiseinspiration-fotospots-2020-aufmacher-christian-oeser.jpg?resize=700%2C400&ssl=1 2x"},"classes":[]},{"id":1213,"url":"https:\/\/coeser.de\/blog\/index.php\/2016\/10\/18\/das-war-der-linzer-hoehenrausch-2016\/","url_meta":{"origin":14083,"position":2},"title":"Das war der Linzer H\u00f6henrausch 2016","author":"Christian \u00d6ser","date":"18. Oktober 2016","format":false,"excerpt":"Er geh\u00f6rt mittlerweile zu Linz wie der P\u00f6stlingberg, das Ars Electronica Center oder die Voestalpine Stahlwelt: der H\u00f6henrausch. Es handelt sich dabei um eine Kunst- und Kulturveranstaltung \u00fcber den D\u00e4chern der Stadt, die seit 2009 jedes Jahr (mit Ausnahme 2010) mit einem anderen Hauptthema die Massen begeistert. Beim H\u00f6henrausch 2016\u2026","rel":"","context":"In &quot;\u00d6STERREICH&quot;","block_context":{"text":"\u00d6STERREICH","link":"https:\/\/coeser.de\/blog\/index.php\/category\/europa\/oesterreich\/"},"img":{"alt_text":"Engelskulptur an der Ursulinenkirche","src":"https:\/\/i0.wp.com\/coeser.de\/blog\/wp-content\/uploads\/2016\/10\/linz-hoehenrausch-aufmacher.jpg?resize=350%2C200&ssl=1","width":350,"height":200,"srcset":"https:\/\/i0.wp.com\/coeser.de\/blog\/wp-content\/uploads\/2016\/10\/linz-hoehenrausch-aufmacher.jpg?resize=350%2C200&ssl=1 1x, https:\/\/i0.wp.com\/coeser.de\/blog\/wp-content\/uploads\/2016\/10\/linz-hoehenrausch-aufmacher.jpg?resize=525%2C300&ssl=1 1.5x, https:\/\/i0.wp.com\/coeser.de\/blog\/wp-content\/uploads\/2016\/10\/linz-hoehenrausch-aufmacher.jpg?resize=700%2C400&ssl=1 2x"},"classes":[]},{"id":9069,"url":"https:\/\/coeser.de\/blog\/index.php\/2018\/08\/21\/linzer-hoehenrausch-2018-kultur-mit-ausblick\/","url_meta":{"origin":14083,"position":3},"title":"Linzer H\u00f6henrausch 2018 \u2013 Kultur mit Ausblick","author":"Christian \u00d6ser","date":"21. August 2018","format":false,"excerpt":"Der H\u00f6henrausch ist zur\u00fcck! Nach der sch\u00f6pferischen Pause 2017 ist das bekannte Linzer Kulturprojekt der besonderen Art 2018 wieder f\u00fcr Besucher ge\u00f6ffnet. Mitten in der Innenstadt wandelt man auf D\u00e4chern, \u00fcber Holzstege, durch den Turm sowie Dachstuhl einer Kirche und bewundert dabei die unterschiedlichen Kunstwerke \u2013 alles begleitet von wunderbaren\u2026","rel":"","context":"In &quot;\u00d6STERREICH&quot;","block_context":{"text":"\u00d6STERREICH","link":"https:\/\/coeser.de\/blog\/index.php\/category\/europa\/oesterreich\/"},"img":{"alt_text":"H\u00f6henrausch 2018 in Linz im Sonnenuntergang","src":"https:\/\/i0.wp.com\/coeser.de\/blog\/wp-content\/uploads\/2018\/08\/linz-hoehenrausch-2018-das-andere-ufer-aufmacher-christian-oeser.jpg?resize=350%2C200&ssl=1","width":350,"height":200,"srcset":"https:\/\/i0.wp.com\/coeser.de\/blog\/wp-content\/uploads\/2018\/08\/linz-hoehenrausch-2018-das-andere-ufer-aufmacher-christian-oeser.jpg?resize=350%2C200&ssl=1 1x, https:\/\/i0.wp.com\/coeser.de\/blog\/wp-content\/uploads\/2018\/08\/linz-hoehenrausch-2018-das-andere-ufer-aufmacher-christian-oeser.jpg?resize=525%2C300&ssl=1 1.5x, https:\/\/i0.wp.com\/coeser.de\/blog\/wp-content\/uploads\/2018\/08\/linz-hoehenrausch-2018-das-andere-ufer-aufmacher-christian-oeser.jpg?resize=700%2C400&ssl=1 2x"},"classes":[]},{"id":10259,"url":"https:\/\/coeser.de\/blog\/index.php\/2019\/01\/01\/europa-26-geniale-reiseziele-2019\/","url_meta":{"origin":14083,"position":4},"title":"Europa: 26 geniale Reiseziele f\u00fcr 2019","author":"Christian \u00d6ser","date":"1. Januar 2019","format":false,"excerpt":"Seid ihr so wie ich immer auf der Suche nach neuen Destinationen? Egal ob Ausfl\u00fcge, St\u00e4dtetrips oder Tagestouren \u2013 ich habe 26 Ideen f\u00fcr eure n\u00e4chste Reise in Europa! Alle meine Tipps habe ich im letzten Jahr zusammengesammelt und auch pers\u00f6nlich ausprobiert. Ihr bekommt also mit diesem Beitrag keine Theorie,\u2026","rel":"","context":"In &quot;EUROPA&quot;","block_context":{"text":"EUROPA","link":"https:\/\/coeser.de\/blog\/index.php\/category\/europa\/"},"img":{"alt_text":"","src":"https:\/\/i0.wp.com\/coeser.de\/blog\/wp-content\/uploads\/2018\/12\/reisetipps-reiseinspiration-fotospots-2018-aufmacher-christian-oeser.jpg?resize=350%2C200&ssl=1","width":350,"height":200,"srcset":"https:\/\/i0.wp.com\/coeser.de\/blog\/wp-content\/uploads\/2018\/12\/reisetipps-reiseinspiration-fotospots-2018-aufmacher-christian-oeser.jpg?resize=350%2C200&ssl=1 1x, https:\/\/i0.wp.com\/coeser.de\/blog\/wp-content\/uploads\/2018\/12\/reisetipps-reiseinspiration-fotospots-2018-aufmacher-christian-oeser.jpg?resize=525%2C300&ssl=1 1.5x, https:\/\/i0.wp.com\/coeser.de\/blog\/wp-content\/uploads\/2018\/12\/reisetipps-reiseinspiration-fotospots-2018-aufmacher-christian-oeser.jpg?resize=700%2C400&ssl=1 2x"},"classes":[]},{"id":9755,"url":"https:\/\/coeser.de\/blog\/index.php\/2018\/10\/16\/linz-10-gruende-fuer-einen-pflichtbesuch\/","url_meta":{"origin":14083,"position":5},"title":"Linz: 10 Gr\u00fcnde f\u00fcr einen Pflichtbesuch","author":"Christian \u00d6ser","date":"16. Oktober 2018","format":false,"excerpt":"Egal ob man mit dem Auto oder dem Zug kommt: der erste Eindruck von Linz ist vielleicht nicht der beste. Die riesigen Stahl- und Chemiebetriebe am Stadtrand mit ihren dampfenden Schornsteinen lassen nicht erahnen, welche kulturellen und architektonischen Sch\u00e4tze im Zentrum auf die Besucher warten. Die ober\u00f6sterreichische Landeshauptstadt konnte jedoch\u2026","rel":"","context":"In &quot;\u00d6STERREICH&quot;","block_context":{"text":"\u00d6STERREICH","link":"https:\/\/coeser.de\/blog\/index.php\/category\/europa\/oesterreich\/"},"img":{"alt_text":"Mann blickt w\u00e4hrend eines Sonnenuntergangs auf Linz","src":"https:\/\/i0.wp.com\/coeser.de\/blog\/wp-content\/uploads\/2018\/10\/linz-aufmacher-cityscape-christian-oeser.jpg?resize=350%2C200&ssl=1","width":350,"height":200,"srcset":"https:\/\/i0.wp.com\/coeser.de\/blog\/wp-content\/uploads\/2018\/10\/linz-aufmacher-cityscape-christian-oeser.jpg?resize=350%2C200&ssl=1 1x, https:\/\/i0.wp.com\/coeser.de\/blog\/wp-content\/uploads\/2018\/10\/linz-aufmacher-cityscape-christian-oeser.jpg?resize=525%2C300&ssl=1 1.5x, https:\/\/i0.wp.com\/coeser.de\/blog\/wp-content\/uploads\/2018\/10\/linz-aufmacher-cityscape-christian-oeser.jpg?resize=700%2C400&ssl=1 2x"},"classes":[]}],"jetpack_sharing_enabled":true,"_links":{"self":[{"href":"https:\/\/coeser.de\/blog\/index.php\/wp-json\/wp\/v2\/posts\/14083","targetHints":{"allow":["GET"]}}],"collection":[{"href":"https:\/\/coeser.de\/blog\/index.php\/wp-json\/wp\/v2\/posts"}],"about":[{"href":"https:\/\/coeser.de\/blog\/index.php\/wp-json\/wp\/v2\/types\/post"}],"author":[{"embeddable":true,"href":"https:\/\/coeser.de\/blog\/index.php\/wp-json\/wp\/v2\/users\/1"}],"replies":[{"embeddable":true,"href":"https:\/\/coeser.de\/blog\/index.php\/wp-json\/wp\/v2\/comments?post=14083"}],"version-history":[{"count":0,"href":"https:\/\/coeser.de\/blog\/index.php\/wp-json\/wp\/v2\/posts\/14083\/revisions"}],"wp:featuredmedia":[{"embeddable":true,"href":"https:\/\/coeser.de\/blog\/index.php\/wp-json\/wp\/v2\/media\/14094"}],"wp:attachment":[{"href":"https:\/\/coeser.de\/blog\/index.php\/wp-json\/wp\/v2\/media?parent=14083"}],"wp:term":[{"taxonomy":"category","embeddable":true,"href":"https:\/\/coeser.de\/blog\/index.php\/wp-json\/wp\/v2\/categories?post=14083"},{"taxonomy":"post_tag","embeddable":true,"href":"https:\/\/coeser.de\/blog\/index.php\/wp-json\/wp\/v2\/tags?post=14083"}],"curies":[{"name":"wp","href":"https:\/\/api.w.org\/{rel}","templated":true}]}}