{"id":14186,"date":"2019-12-24T07:00:35","date_gmt":"2019-12-24T06:00:35","guid":{"rendered":"http:\/\/coeser.de\/blog\/?p=14186"},"modified":"2025-01-03T12:37:25","modified_gmt":"2025-01-03T11:37:25","slug":"wo-das-christkindl-wirklich-wohnt","status":"publish","type":"post","link":"https:\/\/coeser.de\/blog\/index.php\/2019\/12\/24\/wo-das-christkindl-wirklich-wohnt\/","title":{"rendered":"Wo das Christkindl wirklich wohnt"},"content":{"rendered":"<p><strong>Als ich noch klein war, ging es mir zu Weihnachten wohl wie vielen anderen Kindern auch: gespanntes Warten auf den Heiligen Abend und das Christkind. Die Wahrheit kam dann mit zunehmenden Alter zwar rasch ans Tageslicht, die Illusion und Faszination hat das Christkind aber nicht verloren. In diesem Artikel zeige ich euch deshalb, wo es wohnt: n\u00e4mlich in Christkindl! Der kleine Ort in Ober\u00f6sterreich ist jedes Jahr w\u00e4hrend der Adventzeit ein magischer Anziehungspunkt f\u00fcr Gro\u00df und Klein. Euch erwarten eine zauberhafte Geschichte, m\u00e4rchenhafte Krippen, eine sagenhafte Wallfahrtskirche und ein liebevolles Sonderpostamt.<br \/>\n<\/strong><\/p>\n<p><!--more--><\/p>\n<hr \/>\n<div class=\"highlights\">\n<h3>DIE H\u00d6HEPUNKTE AUS CHRISTKINDL IN DIESEM ARTIKEL<\/h3>\n<p>Die faszinierende, mystische Geschichte hinter der Wallfahrtskirche in Christkindl bei Steyr<\/p>\n<p>Einblicke in die sehenswerte Kirche Christkindl mit Fotos der ber\u00fchmten Wachsfigur und Loretokapelle<\/p>\n<p>Die Krippenausstellung neben der Kirche mit beeindruckend detailreich ausgestalteten Szenen<\/p>\n<p>Das Sonderpostamt Christkindl mit seinen speziellen Sonderstempeln, Briefmarken und Briefen<\/p>\n<\/div>\n<p>&nbsp;<\/p>\n<p><em><span style=\"color: #0000ff;\">Dieser Artikel wurde zuletzt am 3. J\u00e4nner 2025 aktualisiert.<\/span><\/em><\/p>\n\n<hr \/>\n<div class=\"fakten\">\n<h2>CHRISTKINDL<\/h2>\n<p><strong>Reisezeit: <\/strong>Dezember (Tagesausflug ab Wien)<strong><br \/>\nOrt:<\/strong> Christkindlweg 6, 4411 Christkindl<br \/>\n<strong>\u00d6ffnungszeiten und Webseite Sonderpostamt:<\/strong> <strong><a href=\"https:\/\/unsere.post.at\/neuigkeiten\/zu-besuch-beim-postamt-christkindl,193.html\" target=\"_blank\" rel=\"noopener noreferrer\">unsere.post.at<\/a><\/strong><br \/>\n<strong>\u00d6ffnungszeiten und Webseite Kirche\/Krippen:<\/strong> <strong><a href=\"https:\/\/www.dioezese-linz.at\/pfarre\/4403\/besucherinfo\" target=\"_blank\" rel=\"noopener noreferrer\">dioezese-linz.at<\/a><\/strong><br \/>\n<strong>Anreise von Wien per Auto:<\/strong> \u00fcber die A1 (<em>Haag<\/em>), B42\/B122 (<em>Steyr<\/em>) den Schildern nach <em>Christkindl<\/em> folgen (ca. 2:10 h)<br \/>\n<strong>Parkplatz:<\/strong> gegen\u00fcber der Volksschule Christkindl (<a href=\"https:\/\/www.google.de\/maps\/place\/48.036323,14.388971\" target=\"_blank\" rel=\"noopener noreferrer\"><strong>Position anzeigen<\/strong><\/a>)<br \/>\n<strong>Anreise von Wien per Zug:<\/strong> Schnellzug nach <em>St. Valentin<\/em> oder <em>Linz<\/em>, Regionalzug nach <em>Steyr<\/em>, weiter per Bus nach Steyr Christkindl (ca. 2:00 &#8211; 2:30h je nach Verbindung). Fahrplanauskunft auf <a href=\"https:\/\/anachb.vor.at\/\" target=\"_blank\" rel=\"noopener\"><strong>anachb.vor.at<\/strong><\/a><\/p>\n<p><strong>Unterkunftstipp 1: <a href=\"https:\/\/www.booking.com\/hotel\/at\/restaurant-christkindlwirt.de.html?aid=1634405\" target=\"_blank\" rel=\"noopener noreferrer\">Hotel Christkindlwirt<\/a><\/strong>* (<em>Christkindlweg 6, 4400 Christkindl\/Steyr<\/em>): tolle, sehr ruhige Lage direkt neben der Wallfahrtskirche an einem Hang, sch\u00f6ne Aussicht, modern eingerichtete, ger\u00e4umige Zimmer, sehr bequeme Betten, super Dusche, kostenloses WLAN, ausgezeichneter Wellnessbereich zum Wohlf\u00fchlen mit Sonnenterrasse, Fr\u00fchst\u00fccksbuffet gut aber nicht umwerfend, Abendessen nicht gebucht, Sonderpostamt von Ende November bis Anfang J\u00e4nner direkt im Hotel. <em>Weiterempfehlung?<\/em> <strong>JA<\/strong><\/p>\n<div id='gallery-1' class='gallery galleryid-14186 gallery-columns-7 gallery-size-thumbnail'><figure class='gallery-item'>\n\t\t\t<div class='gallery-icon landscape'>\n\t\t\t\t<a href='https:\/\/coeser.de\/blog\/wp-content\/uploads\/2019\/12\/christkindl-hotel-christkindlwirt-gal01-christian-oeser.jpg' title=\"Doppelzimmer im Hotel Christkindlwirt in Christkindl\/Steyr\" data-rl_title=\"Doppelzimmer im Hotel Christkindlwirt in Christkindl\/Steyr\" class=\"rl-gallery-link\" data-rl_caption=\"\" data-rel=\"lightbox-gallery-1\"><img loading=\"lazy\" decoding=\"async\" width=\"150\" height=\"150\" src=\"https:\/\/coeser.de\/blog\/wp-content\/uploads\/2019\/12\/christkindl-hotel-christkindlwirt-gal01-christian-oeser-150x150.jpg\" class=\"attachment-thumbnail size-thumbnail\" alt=\"Doppelzimmer im Hotel Christkindlwirt in Christkindl\/Steyr\" aria-describedby=\"gallery-1-14188\" \/><\/a>\n\t\t\t<\/div>\n\t\t\t\t<figcaption class='wp-caption-text gallery-caption' id='gallery-1-14188'>\n\t\t\t\tDoppelzimmer im Hotel Christkindlwirt in Christkindl\/Steyr\n\t\t\t\t<\/figcaption><\/figure><figure class='gallery-item'>\n\t\t\t<div class='gallery-icon landscape'>\n\t\t\t\t<a href='https:\/\/coeser.de\/blog\/wp-content\/uploads\/2019\/12\/christkindl-hotel-christkindlwirt-gal02-christian-oeser.jpg' title=\"Bad im Doppelzimmer im Hotel Christkindlwirt in Christkindl\/Steyr\" data-rl_title=\"Bad im Doppelzimmer im Hotel Christkindlwirt in Christkindl\/Steyr\" class=\"rl-gallery-link\" data-rl_caption=\"\" data-rel=\"lightbox-gallery-1\"><img loading=\"lazy\" decoding=\"async\" width=\"150\" height=\"150\" src=\"https:\/\/coeser.de\/blog\/wp-content\/uploads\/2019\/12\/christkindl-hotel-christkindlwirt-gal02-christian-oeser-150x150.jpg\" class=\"attachment-thumbnail size-thumbnail\" alt=\"Bad im Doppelzimmer im Hotel Christkindlwirt in Christkindl\/Steyr\" aria-describedby=\"gallery-1-14189\" \/><\/a>\n\t\t\t<\/div>\n\t\t\t\t<figcaption class='wp-caption-text gallery-caption' id='gallery-1-14189'>\n\t\t\t\tBad im Doppelzimmer im Hotel Christkindlwirt in Christkindl\/Steyr\n\t\t\t\t<\/figcaption><\/figure>\n\t\t<\/div>\n\n<hr \/>\n<p><strong>Unterkunftstipp 2: <a href=\"https:\/\/www.booking.com\/hotel\/at\/stadthotel-styria.de.html?aid=1634405\" target=\"_blank\" rel=\"noopener\">Stadthotel Styria<\/a>*<\/strong> (<em><span class=\" hp_address_subtitle js-hp_address_subtitle jq_tooltip \" tabindex=\"0\" title=\"\" data-source=\"top_link\" data-coords=\",\" data-component=\"tooltip\" data-tooltip-text=\" &lt;p&gt;&lt;b&gt;Hervorragende&lt;\/b&gt; Lage \u2014 bewertet mit 9,8\/10! &lt;small&gt;(Ergebnis aus &lt;b&gt;1396&lt;\/b&gt; Bewertungen)&lt;\/small&gt;&lt;\/p&gt; &lt;p&gt;Bewertet von G\u00e4sten &lt;b&gt;nach Ihrem Aufenthalt&lt;\/b&gt; in der Unterkunft Stadthotel Styria.&lt;\/p&gt; \" data-tooltip-animation=\"false\" data-bbox=\"14.3917734873246,48.0205051764478,14.4456104981948,48.056436009594\" data-node_tt_id=\"location_score_tooltip\" data-width=\"350\" aria-describedby=\"tooltip-1\">Stadtplatz 40-42, 4400 Steyr<\/span><\/em>): ausgezeichnete zentrale Lage direkt am Stadtplatz, vom Bahnhof aus \u00fcber den Ennssteg in 5-10 Minuten Fu\u00dfweg zu erreichen. Modern eingerichtete, ger\u00e4umige Zimmer, weiche aber sehr bequeme Betten, super Dusche, Safe vorhanden, Minibar gef\u00fcllt mit guter Produktauswahl (kostenpflichtig), Klimaanlage vorhanden (kann abgeschaltet werden), schnelles WLAN, gro\u00dfartiges Fr\u00fchst\u00fccksbuffet, wundersch\u00f6ner privater Wellnessbereich (kostenpflichtig, aber man hat ihn daf\u00fcr zwei Stunden f\u00fcr sich alleine). <em>Weiterempfehlung? <\/em><strong>JA!<\/strong><\/p>\n<div id='gallery-2' class='gallery galleryid-14186 gallery-columns-7 gallery-size-thumbnail'><figure class='gallery-item'>\n\t\t\t<div class='gallery-icon landscape'>\n\t\t\t\t<a href='https:\/\/coeser.de\/blog\/wp-content\/uploads\/2024\/11\/steyr-stadthotel-styria-01-christian-oeser.jpg' title=\"Au\u00dfenansicht des Stadthotel Styria (Mitte) in Steyr\" data-rl_title=\"Au\u00dfenansicht des Stadthotel Styria (Mitte) in Steyr\" class=\"rl-gallery-link\" data-rl_caption=\"Aufnahmeort anzeigen\" data-rel=\"lightbox-gallery-2\"><img loading=\"lazy\" decoding=\"async\" width=\"150\" height=\"150\" src=\"https:\/\/coeser.de\/blog\/wp-content\/uploads\/2024\/11\/steyr-stadthotel-styria-01-christian-oeser-150x150.jpg\" class=\"attachment-thumbnail size-thumbnail\" alt=\"Au\u00dfenansicht des Stadthotel Styria (Mitte) in Steyr\" aria-describedby=\"gallery-2-23500\" \/><\/a>\n\t\t\t<\/div>\n\t\t\t\t<figcaption class='wp-caption-text gallery-caption' id='gallery-2-23500'>\n\t\t\t\tAu\u00dfenansicht des Stadthotel Styria (Mitte) in Steyr\n\t\t\t\t<\/figcaption><\/figure><figure class='gallery-item'>\n\t\t\t<div class='gallery-icon landscape'>\n\t\t\t\t<a href='https:\/\/coeser.de\/blog\/wp-content\/uploads\/2024\/11\/steyr-stadthotel-styria-02-christian-oeser.jpg' title=\"Doppelzimmer im Stadthotel Styria in Steyr\" data-rl_title=\"Doppelzimmer im Stadthotel Styria in Steyr\" class=\"rl-gallery-link\" data-rl_caption=\"Aufnahmeort anzeigen\" data-rel=\"lightbox-gallery-2\"><img loading=\"lazy\" decoding=\"async\" width=\"150\" height=\"150\" src=\"https:\/\/coeser.de\/blog\/wp-content\/uploads\/2024\/11\/steyr-stadthotel-styria-02-christian-oeser-150x150.jpg\" class=\"attachment-thumbnail size-thumbnail\" alt=\"Doppelzimmer im Stadthotel Styria in Steyr\" aria-describedby=\"gallery-2-23501\" \/><\/a>\n\t\t\t<\/div>\n\t\t\t\t<figcaption class='wp-caption-text gallery-caption' id='gallery-2-23501'>\n\t\t\t\tDoppelzimmer im Stadthotel Styria in Steyr\n\t\t\t\t<\/figcaption><\/figure><figure class='gallery-item'>\n\t\t\t<div class='gallery-icon landscape'>\n\t\t\t\t<a href='https:\/\/coeser.de\/blog\/wp-content\/uploads\/2024\/11\/steyr-stadthotel-styria-03-christian-oeser.jpg' title=\"Doppelzimmer im Stadthotel Styria in Steyr\" data-rl_title=\"Doppelzimmer im Stadthotel Styria in Steyr\" class=\"rl-gallery-link\" data-rl_caption=\"Aufnahmeort anzeigen\" data-rel=\"lightbox-gallery-2\"><img loading=\"lazy\" decoding=\"async\" width=\"150\" height=\"150\" src=\"https:\/\/coeser.de\/blog\/wp-content\/uploads\/2024\/11\/steyr-stadthotel-styria-03-christian-oeser-150x150.jpg\" class=\"attachment-thumbnail size-thumbnail\" alt=\"Doppelzimmer im Stadthotel Styria in Steyr\" aria-describedby=\"gallery-2-23502\" \/><\/a>\n\t\t\t<\/div>\n\t\t\t\t<figcaption class='wp-caption-text gallery-caption' id='gallery-2-23502'>\n\t\t\t\tDoppelzimmer im Stadthotel Styria in Steyr\n\t\t\t\t<\/figcaption><\/figure><figure class='gallery-item'>\n\t\t\t<div class='gallery-icon landscape'>\n\t\t\t\t<a href='https:\/\/coeser.de\/blog\/wp-content\/uploads\/2024\/11\/steyr-stadthotel-styria-04-christian-oeser.jpg' title=\"Bad im Doppelzimmer im Stadthotel Styria in Steyr\" data-rl_title=\"Bad im Doppelzimmer im Stadthotel Styria in Steyr\" class=\"rl-gallery-link\" data-rl_caption=\"Aufnahmeort anzeigen\" data-rel=\"lightbox-gallery-2\"><img loading=\"lazy\" decoding=\"async\" width=\"150\" height=\"150\" src=\"https:\/\/coeser.de\/blog\/wp-content\/uploads\/2024\/11\/steyr-stadthotel-styria-04-christian-oeser-150x150.jpg\" class=\"attachment-thumbnail size-thumbnail\" alt=\"Bad im Doppelzimmer im Stadthotel Styria in Steyr\" aria-describedby=\"gallery-2-23503\" \/><\/a>\n\t\t\t<\/div>\n\t\t\t\t<figcaption class='wp-caption-text gallery-caption' id='gallery-2-23503'>\n\t\t\t\tBad im Doppelzimmer im Stadthotel Styria in Steyr\n\t\t\t\t<\/figcaption><\/figure><figure class='gallery-item'>\n\t\t\t<div class='gallery-icon landscape'>\n\t\t\t\t<a href='https:\/\/coeser.de\/blog\/wp-content\/uploads\/2024\/11\/steyr-stadthotel-styria-05-christian-oeser.jpg' title=\"Privater Wellnessbereich im Stadthotel Styria in Steyr\" data-rl_title=\"Privater Wellnessbereich im Stadthotel Styria in Steyr\" class=\"rl-gallery-link\" data-rl_caption=\"Aufnahmeort anzeigen\" data-rel=\"lightbox-gallery-2\"><img loading=\"lazy\" decoding=\"async\" width=\"150\" height=\"150\" src=\"https:\/\/coeser.de\/blog\/wp-content\/uploads\/2024\/11\/steyr-stadthotel-styria-05-christian-oeser-150x150.jpg\" class=\"attachment-thumbnail size-thumbnail\" alt=\"Privater Wellnessbereich im Stadthotel Styria in Steyr\" aria-describedby=\"gallery-2-23504\" \/><\/a>\n\t\t\t<\/div>\n\t\t\t\t<figcaption class='wp-caption-text gallery-caption' id='gallery-2-23504'>\n\t\t\t\tPrivater Wellnessbereich im Stadthotel Styria in Steyr\n\t\t\t\t<\/figcaption><\/figure><figure class='gallery-item'>\n\t\t\t<div class='gallery-icon landscape'>\n\t\t\t\t<a href='https:\/\/coeser.de\/blog\/wp-content\/uploads\/2024\/11\/steyr-stadthotel-styria-06-christian-oeser.jpg' title=\"Fr\u00fchst\u00fccksraum im Stadthotel Styria in Steyr\" data-rl_title=\"Fr\u00fchst\u00fccksraum im Stadthotel Styria in Steyr\" class=\"rl-gallery-link\" data-rl_caption=\"Aufnahmeort anzeigen\" data-rel=\"lightbox-gallery-2\"><img loading=\"lazy\" decoding=\"async\" width=\"150\" height=\"150\" src=\"https:\/\/coeser.de\/blog\/wp-content\/uploads\/2024\/11\/steyr-stadthotel-styria-06-christian-oeser-150x150.jpg\" class=\"attachment-thumbnail size-thumbnail\" alt=\"Fr\u00fchst\u00fccksraum im Stadthotel Styria in Steyr\" aria-describedby=\"gallery-2-23505\" \/><\/a>\n\t\t\t<\/div>\n\t\t\t\t<figcaption class='wp-caption-text gallery-caption' id='gallery-2-23505'>\n\t\t\t\tFr\u00fchst\u00fccksraum im Stadthotel Styria in Steyr\n\t\t\t\t<\/figcaption><\/figure><figure class='gallery-item'>\n\t\t\t<div class='gallery-icon landscape'>\n\t\t\t\t<a href='https:\/\/coeser.de\/blog\/wp-content\/uploads\/2024\/11\/steyr-stadthotel-styria-07-christian-oeser.jpg' title=\"Barbereich im Stadthotel Styria in Steyr\" data-rl_title=\"Barbereich im Stadthotel Styria in Steyr\" class=\"rl-gallery-link\" data-rl_caption=\"Aufnahmeort anzeigen\" data-rel=\"lightbox-gallery-2\"><img loading=\"lazy\" decoding=\"async\" width=\"150\" height=\"150\" src=\"https:\/\/coeser.de\/blog\/wp-content\/uploads\/2024\/11\/steyr-stadthotel-styria-07-christian-oeser-150x150.jpg\" class=\"attachment-thumbnail size-thumbnail\" alt=\"Barbereich im Stadthotel Styria in Steyr\" aria-describedby=\"gallery-2-23506\" \/><\/a>\n\t\t\t<\/div>\n\t\t\t\t<figcaption class='wp-caption-text gallery-caption' id='gallery-2-23506'>\n\t\t\t\tBarbereich im Stadthotel Styria in Steyr\n\t\t\t\t<\/figcaption><\/figure>\n\t\t<\/div>\n\n<p><strong>Weitere Tipps f\u00fcr <a href=\"https:\/\/www.booking.com\/searchresults.de.html?city=-1992480&amp;aid=1634405&amp;no_rooms=1&amp;group_adults=2\" target=\"_blank\" rel=\"noopener\">sch\u00f6ne und zentrale Unterk\u00fcnfte in Steyr<\/a>*:<\/strong><\/p>\n<p><a href=\"https:\/\/www.booking.com\/hotel\/at\/landhotel-mader.de.html?aid=1634405\" target=\"_blank\" rel=\"noopener\"><strong>Hotel Mader<\/strong><\/a>* (<em>Stadtplatz 36<\/em>)<\/p>\n<p><a href=\"https:\/\/www.booking.com\/hotel\/at\/romantik-minichmayr.de.html?aid=1634405\" target=\"_blank\" rel=\"noopener\"><strong>Hotel Minichmayr<\/strong><\/a>* (<em>Haratzm\u00fcllerstra\u00dfe 1-3<\/em>)<\/p>\n<p><a href=\"https:\/\/www.booking.com\/hotel\/at\/harry-39-s-home-steyr.de.html?aid=1634405\" target=\"_blank\" rel=\"noopener\"><strong>harry&#8217;s home Steyr hotel &amp; apartments<\/strong><\/a>* (<em>1 Redtenbachergasse<\/em>)<\/p>\n<\/div>\n<div class=\"extern\">\n<h3>TRANSPARENZHINWEIS<\/h3>\n<p>*Die mit Stern gekennzeichneten Verweise in diesem Blogartikel sind sogenannte Affiliate-Links. Wenn dir mein Blogartikel bei der Planung deiner Reise geholfen hat, freue ich mich, wenn du \u00fcber diese Links deine Unterkunft oder Freizeitaktivit\u00e4ten buchst. Ich erhalte dadurch eine kleine Provision und du unterst\u00fctzt den Erhalt dieses Blogs. F\u00fcr dich entstehen dabei selbstverst\u00e4ndlich keine Nachteile. Vielen Dank! \ud83d\ude42<\/p>\n<\/div>\n<p>&nbsp;<\/p>\n<h2><img loading=\"lazy\" decoding=\"async\" class=\"alignnone size-full wp-image-14193\" src=\"https:\/\/coeser.de\/blog\/wp-content\/uploads\/2019\/12\/christkindl-aufmacher1-strassenschild-christian-oeser.jpg\" alt=\"Stra\u00dfenschild Christkindlstra\u00dfe\" width=\"970\" height=\"323\" srcset=\"https:\/\/coeser.de\/blog\/wp-content\/uploads\/2019\/12\/christkindl-aufmacher1-strassenschild-christian-oeser.jpg 970w, https:\/\/coeser.de\/blog\/wp-content\/uploads\/2019\/12\/christkindl-aufmacher1-strassenschild-christian-oeser-300x100.jpg 300w, https:\/\/coeser.de\/blog\/wp-content\/uploads\/2019\/12\/christkindl-aufmacher1-strassenschild-christian-oeser-768x256.jpg 768w\" sizes=\"auto, (max-width: 970px) 100vw, 970px\" \/><\/h2>\n<h2>Christkindl \u2013 ein Ort mit Anziehungskraft<\/h2>\n<p>Die Wallfahrtskirche in Christkindl z\u00e4hlt zu den bekanntesten Kirchen \u00d6sterreichs und dar\u00fcber hinaus. Der auf einem H\u00fcgel gelegene Ort Christkindl geh\u00f6rt als Stadtteil zu Steyr, das wundersch\u00f6n darunter liegt und sich ebenfalls einen Besuch verdient. Jedes Jahr um die Weihnachtszeit erh\u00f6ht sich das Interesse am Ort extrem: einerseits zieht es zahlreiche Menschen aufgrund der mystischen Geschichte von Christkindl hierher. Andererseits schreiben Tausende Kinder ihre W\u00fcnsche an das Christkind, welche in einem eigenen Sonderpostamt beantwortet werden. Au\u00dferdem locken Sonderbriefmarken und Sonderstempel Sammler an, um die begehrten Exemplare aus der Welt der Philatelie zu erhalten.<\/p>\n<h3>Eine sagenhafte Geschichte<\/h3>\n<p>Selten habe ich eine so faszinierende Geschichte \u00fcber die Entstehung eines Ortes geh\u00f6rt wie die von Christkindl. Die Kurzfassung davon m\u00f6chte ich nat\u00fcrlich mit euch teilen! Laut einer Sage fing alles damit an, dass ein Mann namens Ferdinand Sertl im Jahr 1691 nach Steyr kam und sich als Chorregent sowie als T\u00fcrmer verdiente. Der tiefgl\u00e4ubige Sertl litt an Fallsucht (Epilepsie) und befestigte an einer Fichte im damals noch dichten Wald nahe Steyr das Bild der Heiligen Familie. Mit der Hoffnung, von seiner Krankheit geheilt zu werden, betete er fortan an dieser Stelle \u2013 an der heute die Wallfahrtskirche steht.<\/p>\n<h3>Wundersame Heilung<\/h3>\n<p>Eines Tages kam Sertl zu Ohren, dass eine an den F\u00fc\u00dfen gel\u00e4hmte Chorschwester der Nonnen der Z\u00f6lestinerinnen ein Wunder ereilte. Die Schwester erhielt \u00fcber Umwege von einem Mann aus Rechling in Salzburg ein kleines Christkindl aus Wachs, das sie um Linderung ihrer Not bat. Das Gebet wurde erh\u00f6rt und die Frau konnte pl\u00f6tzlich wieder gehen. Sertl bem\u00fchte sich also ebenfalls um solch ein Christkindl, welches er von den Nonnen dann auch tats\u00e4chlich erhielt. Das Bild der Heiligen Familie im Wald ersetzte er mit der Wachsfigur, f\u00fcr die er eine kleine Aush\u00f6hlung in den Baum schnitzte und das Christkindl hineinstellte.<\/p>\n<h3>Ein Pilgerort entsteht<\/h3>\n<p>Auch die Gebete von Ferdinand Sertl wurden erh\u00f6rt und der Mann konnte alsbald ohne Beschwerden leben. Die Genesung sprach sich nat\u00fcrlich herum und mit der Zeit pilgerten immer mehr Menschen zu dem Fichtenbaum im Wald, um das Christkindl um Hilfe zu bitten. Aufzeichnungen zufolge erfolgten noch viele Heilungen, darunter die eines Kindes des Bauern Rahofers von St. Ulrich. Aus Dankbarkeit errichtete der Bauer eine kleine Kapelle aus Holz, die den Baum sowie das Christkindl einschloss und sch\u00fctzte. Der Platz wurde f\u00fcr die zahlreich erscheinenden Pilger aber rasch zu eng und die Opfergaben in Form von Votivbildern sowie Geld mehrten sich.<\/p>\n<h3>Von der Kapelle zur Kirche<\/h3>\n<p>Der Klosterabt von Garsten, Anselm I., bat deshalb das Ordinariat in Passau um Bewilligung f\u00fcr den Bau einer gr\u00f6\u00dferen, steinernen Kapelle. Davon wollte man in Passau nichts wissen und forderte die Herausgabe der Wachsfigur. Das wiederum verweigerte Anselm aufgrund der mittlerweile enorm religi\u00f6sen Anziehungskraft des Christkindls f\u00fcr die Bev\u00f6lkerung. Einige Jahre dauerte es, bis man schlie\u00dflich doch die Bewilligung erhielt und den Baumeister Antonio Carlone mit dem Bau einer Kirche statt einer Kapelle beauftragte. Carlone verstarb aber noch w\u00e4hrend der Errichtung, sodass Jakob Prandtauer \u2013 bekannt f\u00fcr das weltber\u00fchmte Stift Melk in Nieder\u00f6sterreich \u2013 die Kirche vollendete.<\/p>\n<h3>Pr\u00e4chtiges Zuhause f\u00fcr das Christkindl<\/h3>\n<p>Der Fichtenbaum, in dem das Christkindl stand, wurde an seiner urspr\u00fcnglichen Stelle in den Bau eingeschlossen und wird seitdem von einem prachtvollen Hochaltar umrahmt. Was sagt ihr zu dieser Geschichte, ist sie nicht herrlich? Wenn ihr euch die Wallfahrtskirche pers\u00f6nlich anseht, dann findet ihr das kleine Christkindl in der Mitte des Altars. Es steht in einem goldenen Strahlenkranz und wird garantiert \u00fcbersehen, wenn man nicht wei\u00df, wohin man schauen muss. \ud83d\ude09 Nachfolgend zeige ich euch nun einige Eindr\u00fccke von Christkindl.<\/p>\n<hr \/>\n<div class=\"tipps\">\n<h2><\/h2>\n<h2><img loading=\"lazy\" decoding=\"async\" class=\"alignnone size-full wp-image-23529\" src=\"https:\/\/coeser.de\/blog\/wp-content\/uploads\/2024\/11\/steyr-aufmacher2-stadtplatz-christian-oeser.jpg\" alt=\"Der Stadtplatz in Steyr\" width=\"970\" height=\"323\" srcset=\"https:\/\/coeser.de\/blog\/wp-content\/uploads\/2024\/11\/steyr-aufmacher2-stadtplatz-christian-oeser.jpg 970w, https:\/\/coeser.de\/blog\/wp-content\/uploads\/2024\/11\/steyr-aufmacher2-stadtplatz-christian-oeser-768x256.jpg 768w\" sizes=\"auto, (max-width: 970px) 100vw, 970px\" \/><\/h2>\n<h2>TIPP: Ausflug nach Steyr<\/h2>\n<p>Nur wenige Kilometer von Christkindl entfernt wartet mit Steyr eine der spannendsten historischen Kleinst\u00e4dte in \u00d6sterreich auf deinen Besuch. Neben dem wundersch\u00f6nen Stadtplatz mit seinen B\u00fcrgerh\u00e4usern gibt es jede Menge Aussichtspunkte, von denen du die magische Atmosph\u00e4re dieses besonderen Ortes sehen und sp\u00fcren kannst. In meinem Artikel <a href=\"https:\/\/coeser.de\/blog\/index.php\/2025\/01\/03\/steyr-pittoreske-industriestadt\/\" target=\"_blank\" rel=\"noopener\"><strong>Steyr: Die pittoreske Industriestadt<\/strong><\/a> habe ich dir alle H\u00f6hepunkte inklusive kulinarischer Tipps zusammengefasst.<\/p>\n<\/div>\n<p>&nbsp;<\/p>\n<hr \/>\n<h2>Fotos der Wallfahrtskirche in Christkindl<\/h2>\n<figure class=\"bigpicture\" style=\"width: 970px;\"><img loading=\"lazy\" decoding=\"async\" class=\"wp-image-14198 size-full\" src=\"https:\/\/coeser.de\/blog\/wp-content\/uploads\/2019\/12\/christkindl-wallfahrtskirche-gal01-christian-oeser.jpg\" alt=\"Au\u00dfenansicht der Wallfahrtskirche in Christkindl, Steyr\" width=\"960\" height=\"640\" srcset=\"https:\/\/coeser.de\/blog\/wp-content\/uploads\/2019\/12\/christkindl-wallfahrtskirche-gal01-christian-oeser.jpg 960w, https:\/\/coeser.de\/blog\/wp-content\/uploads\/2019\/12\/christkindl-wallfahrtskirche-gal01-christian-oeser-300x200.jpg 300w, https:\/\/coeser.de\/blog\/wp-content\/uploads\/2019\/12\/christkindl-wallfahrtskirche-gal01-christian-oeser-768x512.jpg 768w, https:\/\/coeser.de\/blog\/wp-content\/uploads\/2019\/12\/christkindl-wallfahrtskirche-gal01-christian-oeser-330x220.jpg 330w\" sizes=\"auto, (max-width: 960px) 100vw, 960px\" \/><figcaption class=\"bigpicture-text\">\n<h3>Au\u00dfenansicht der Wallfahrtskirche in Christkindl<\/h3>\n<p>Wundersch\u00f6n thront die Wallfahrtskirche auf einer Anh\u00f6he \u00fcber Christkindl. Der Bau wurde 1702 von Giovanni Battista Carlone begonnen und nach seinem Tod ab 1708 von Jakob Prandtauer vollendet. Der offizielle Name der Kirche lautet \u00fcbrigens &#8222;Wallfahrtskirche Zum g\u00f6ttlichen Christuskind&#8220;.<br \/>\n<a href=\"https:\/\/www.google.de\/maps\/place\/48.038207,14.387926\" target=\"_blank\" rel=\"noopener noreferrer\"><strong>Aufnahmeort anzeigen<\/strong><\/a><\/p>\n<\/figcaption><\/figure>\n<figure class=\"bigpicture\" style=\"width: 970px;\"><img loading=\"lazy\" decoding=\"async\" class=\"wp-image-14199 size-full\" src=\"https:\/\/coeser.de\/blog\/wp-content\/uploads\/2019\/12\/christkindl-wallfahrtskirche-gal02-christian-oeser.jpg\" alt=\"Innenansicht der Wallfahrtskirche in Christkindl, Steyr\" width=\"960\" height=\"640\" srcset=\"https:\/\/coeser.de\/blog\/wp-content\/uploads\/2019\/12\/christkindl-wallfahrtskirche-gal02-christian-oeser.jpg 960w, https:\/\/coeser.de\/blog\/wp-content\/uploads\/2019\/12\/christkindl-wallfahrtskirche-gal02-christian-oeser-300x200.jpg 300w, https:\/\/coeser.de\/blog\/wp-content\/uploads\/2019\/12\/christkindl-wallfahrtskirche-gal02-christian-oeser-768x512.jpg 768w, https:\/\/coeser.de\/blog\/wp-content\/uploads\/2019\/12\/christkindl-wallfahrtskirche-gal02-christian-oeser-330x220.jpg 330w\" sizes=\"auto, (max-width: 960px) 100vw, 960px\" \/><figcaption class=\"bigpicture-text\">\n<h3>Die Wachsfigur in der Kirche Christkindl<\/h3>\n<p>Wenn ihr unter dem Jahr in die Kirche geht, ist die Wahrscheinlichkeit hoch, dass ein Gitter euch den Weg zum Altar versperrt und ihr diesen nur aus der Distanz bewundern k\u00f6nnt. Schaut deshalb entweder in der Adventzeit oder w\u00e4hrend des Jahres im Rahmen einer F\u00fchrung in Christkindl vorbei. Es w\u00e4re doch schade, die kleine Wachsfigur im goldenen Strahlenkranz nicht aus der N\u00e4he betrachten zu k\u00f6nnen! Immerhin ist sie der Ausl\u00f6ser f\u00fcr den Bau der Kirche und die Entstehung des Ortes Christkindl. \ud83d\ude09<br \/>\n<a href=\"https:\/\/www.google.de\/maps\/place\/48.038301,14.387494\" target=\"_blank\" rel=\"noopener noreferrer\"><strong>Aufnahmeort anzeigen<\/strong><\/a><\/p>\n<\/figcaption><\/figure>\n<figure class=\"bigpicture\" style=\"width: 970px;\"><img loading=\"lazy\" decoding=\"async\" class=\"wp-image-14200 size-full\" src=\"https:\/\/coeser.de\/blog\/wp-content\/uploads\/2019\/12\/christkindl-wallfahrtskirche-gal03-christian-oeser.jpg\" alt=\"Grundstein in der Wallfahrtskirche in Christkindl, Steyr\" width=\"960\" height=\"640\" srcset=\"https:\/\/coeser.de\/blog\/wp-content\/uploads\/2019\/12\/christkindl-wallfahrtskirche-gal03-christian-oeser.jpg 960w, https:\/\/coeser.de\/blog\/wp-content\/uploads\/2019\/12\/christkindl-wallfahrtskirche-gal03-christian-oeser-300x200.jpg 300w, https:\/\/coeser.de\/blog\/wp-content\/uploads\/2019\/12\/christkindl-wallfahrtskirche-gal03-christian-oeser-768x512.jpg 768w, https:\/\/coeser.de\/blog\/wp-content\/uploads\/2019\/12\/christkindl-wallfahrtskirche-gal03-christian-oeser-330x220.jpg 330w\" sizes=\"auto, (max-width: 960px) 100vw, 960px\" \/><figcaption class=\"bigpicture-text\">\n<h3>Grundstein der Wallfahrtskirche<\/h3>\n<p>Wer genau schaut, entdeckt auf der linken Seite den Grundstein der Kirche. Schriftlich erw\u00e4hnt wird darin der Klosterabt von Garsten, Anselm I. \u2013 er startete die Bem\u00fchungen f\u00fcr den Bau der Wallfahrtskirche. Ein interessantes Detail: der Grundstein ist nicht auf Bodenniveau, sondern etwas h\u00f6her eingemauert. Das liegt daran, dass die Grundmauern bereits gesetzt wurden, bevor die Baubewilligung aus Passau einlangte. Erst danach konnte der Grundstein tats\u00e4chlich eingesetzt werden.<br \/>\n<a href=\"https:\/\/www.google.de\/maps\/place\/48.038301,14.387494\" target=\"_blank\" rel=\"noopener noreferrer\"><strong>Aufnahmeort anzeigen<\/strong><\/a><\/p>\n<\/figcaption><\/figure>\n<figure class=\"bigpicture\" style=\"width: 970px;\"><img loading=\"lazy\" decoding=\"async\" class=\"wp-image-14201 size-full\" src=\"https:\/\/coeser.de\/blog\/wp-content\/uploads\/2019\/12\/christkindl-wallfahrtskirche-gal04-christian-oeser.jpg\" alt=\"Loretokapelle an der Wallfahrtskirche in Christkindl, Steyr\" width=\"960\" height=\"640\" srcset=\"https:\/\/coeser.de\/blog\/wp-content\/uploads\/2019\/12\/christkindl-wallfahrtskirche-gal04-christian-oeser.jpg 960w, https:\/\/coeser.de\/blog\/wp-content\/uploads\/2019\/12\/christkindl-wallfahrtskirche-gal04-christian-oeser-300x200.jpg 300w, https:\/\/coeser.de\/blog\/wp-content\/uploads\/2019\/12\/christkindl-wallfahrtskirche-gal04-christian-oeser-768x512.jpg 768w, https:\/\/coeser.de\/blog\/wp-content\/uploads\/2019\/12\/christkindl-wallfahrtskirche-gal04-christian-oeser-330x220.jpg 330w\" sizes=\"auto, (max-width: 960px) 100vw, 960px\" \/><figcaption class=\"bigpicture-text\">\n<h3>Die Loretokapelle<\/h3>\n<p>Au\u00dferhalb der Kirche solltet ihr noch einen kurzen Blick in die sehenswerte Loretokapelle machen. Diese wurde 1876 errichtet und besticht vor allem durch ihren neugotischen Altar. Zahlreiche Menschen nutzten w\u00e4hrend unseres Besuchs die M\u00f6glichkeit, ein Opferlicht f\u00fcr die Verstorbenen anzuz\u00fcnden.<br \/>\n<strong><a href=\"https:\/\/www.google.de\/maps\/place\/48.038105,14.387755\" target=\"_blank\" rel=\"noopener noreferrer\">Aufnahmeort anzeigen<\/a><\/strong><\/p>\n<\/figcaption><\/figure>\n<figure class=\"bigpicture\" style=\"width: 970px;\"><img loading=\"lazy\" decoding=\"async\" class=\"wp-image-14202 size-full\" src=\"https:\/\/coeser.de\/blog\/wp-content\/uploads\/2019\/12\/christkindl-wallfahrtskirche-gal05-christian-oeser.jpg\" alt=\"Au\u00dfenansicht der Wallfahrtskirche und des Pfarrheims in Christkindl, Steyr\" width=\"960\" height=\"640\" srcset=\"https:\/\/coeser.de\/blog\/wp-content\/uploads\/2019\/12\/christkindl-wallfahrtskirche-gal05-christian-oeser.jpg 960w, https:\/\/coeser.de\/blog\/wp-content\/uploads\/2019\/12\/christkindl-wallfahrtskirche-gal05-christian-oeser-300x200.jpg 300w, https:\/\/coeser.de\/blog\/wp-content\/uploads\/2019\/12\/christkindl-wallfahrtskirche-gal05-christian-oeser-768x512.jpg 768w, https:\/\/coeser.de\/blog\/wp-content\/uploads\/2019\/12\/christkindl-wallfahrtskirche-gal05-christian-oeser-330x220.jpg 330w\" sizes=\"auto, (max-width: 960px) 100vw, 960px\" \/><figcaption class=\"bigpicture-text\">\n<h3>Au\u00dfenansicht der Wallfahrtskirche in Christkindl<\/h3>\n<p>Im zauberhaften Licht der untergehenden Sonne seht ihr hier die Wallfahrtskirche und das Pfarrheim von Christkindl. Ganz links befindet sich der Eingang zur Krippenschau.<br \/>\n<a href=\"https:\/\/www.google.de\/maps\/place\/48.037205,14.388165\" target=\"_blank\" rel=\"noopener noreferrer\"><strong>Aufnahmeort anzeigen<\/strong><\/a><\/p>\n<\/figcaption><\/figure>\n<hr \/>\n<div class=\"tipps\">\n<h2><img loading=\"lazy\" decoding=\"async\" class=\"alignnone size-full wp-image-18619\" src=\"https:\/\/coeser.de\/blog\/wp-content\/uploads\/2017\/12\/salzburg-weihnachtsmaerkte-aufmacher1-hellbrunn-christian-oeser.jpg\" alt=\"Weihnachtsmarkt Hellbrunner Adventzauber in Salzburg\" width=\"970\" height=\"323\" srcset=\"https:\/\/coeser.de\/blog\/wp-content\/uploads\/2017\/12\/salzburg-weihnachtsmaerkte-aufmacher1-hellbrunn-christian-oeser.jpg 970w, https:\/\/coeser.de\/blog\/wp-content\/uploads\/2017\/12\/salzburg-weihnachtsmaerkte-aufmacher1-hellbrunn-christian-oeser-768x256.jpg 768w\" sizes=\"auto, (max-width: 970px) 100vw, 970px\" \/><\/h2>\n<h2>TIPP: Weitere Weihnachtsartikel zu \u00d6sterreich<\/h2>\n<p><strong><a href=\"https:\/\/coeser.de\/blog\/index.php\/2017\/12\/12\/salzburg-ansturm-auf-die-weihnachtsmaerkte\/\" target=\"_blank\" rel=\"noopener\">Salzburg: Ansturm auf die Weihnachtsm\u00e4rkte<\/a><\/strong><\/p>\n<p><strong><a href=\"https:\/\/coeser.de\/blog\/index.php\/2016\/12\/06\/2-advent-meine-top-5-wiener-weihnachtsmaerkte\/\" target=\"_blank\" rel=\"noopener\">Wien: Die 5 sch\u00f6nsten Weihnachtsm\u00e4rkte<\/a><\/strong><\/p>\n<p><strong><a href=\"https:\/\/coeser.de\/blog\/index.php\/2016\/12\/06\/2-advent-meine-top-5-wiener-weihnachtsmaerkte\/\" target=\"_blank\" rel=\"noopener\">Wien: Die 5 sch\u00f6nsten Weihnachtsm\u00e4rkte<\/a><\/strong><\/p>\n<p><strong><a href=\"https:\/\/coeser.de\/blog\/index.php\/2019\/12\/10\/weihnachtsmaerkte-in-linz\/\" target=\"_blank\" rel=\"noopener\">Ein Weihnachtsbummel durch Linz<\/a><\/strong><\/p>\n<p><strong><a href=\"https:\/\/coeser.de\/blog\/index.php\/2019\/12\/17\/baden-bei-wien-advent-in-der-kaiserstadt\/\" target=\"_blank\" rel=\"noopener\">Baden bei Wien: Advent in der Kaiserstadt<\/a><\/strong><\/p>\n<p><strong><a href=\"https:\/\/coeser.de\/blog\/index.php\/2018\/12\/18\/oberndorf-zauber-der-stillen-nacht\/\" target=\"_blank\" rel=\"noopener\">Oberndorf: Zauber der &#8222;Stillen Nacht&#8220;<\/a><\/strong><\/p>\n<\/div>\n<p>&nbsp;<\/p>\n<hr \/>\n<h2><img loading=\"lazy\" decoding=\"async\" class=\"alignnone size-full wp-image-14194\" src=\"https:\/\/coeser.de\/blog\/wp-content\/uploads\/2019\/12\/christkindl-aufmacher2-krippen-christian-oeser.jpg\" alt=\"Die P\u00f6ttmesser-Krippe in Christkindl\" width=\"970\" height=\"323\" srcset=\"https:\/\/coeser.de\/blog\/wp-content\/uploads\/2019\/12\/christkindl-aufmacher2-krippen-christian-oeser.jpg 970w, https:\/\/coeser.de\/blog\/wp-content\/uploads\/2019\/12\/christkindl-aufmacher2-krippen-christian-oeser-300x100.jpg 300w, https:\/\/coeser.de\/blog\/wp-content\/uploads\/2019\/12\/christkindl-aufmacher2-krippen-christian-oeser-768x256.jpg 768w\" sizes=\"auto, (max-width: 970px) 100vw, 970px\" \/><\/h2>\n<h2>Die Krippen von Christkindl<\/h2>\n<p>Die Wallfahrtskirche ist nur eines der Highlights in Christkindl. Nur wenige Schritte entfernt findet ihr im Pfarrheim eine Krippenausstellung, die es in sich hat. Eigentlich sind dort nur zwei Krippen ausgestellt, doch jede davon ist in ihrer Art eine erstaunliche Besonderheit. Es sind zwar EUR 3,50 Eintritt zu bezahlen, aber die Ausstellung ist jeden Cent wert! Hervorheben m\u00f6chte ich auch das Engagement und die Begeisterung, mit der die Mitarbeiter aus dem Ort hier ihrer Arbeit nachgehen. Man sp\u00fcrt als Besucher einfach sofort, dass sich jeder der Atmosph\u00e4re von Christkindl bewusst ist.<\/p>\n<h3>Die mechanische Krippe<\/h3>\n<p>Was der Schlosser Karl Klauda (1855-1939) mit der mechanischen Krippe geschaffen hat, kann zurecht als Lebenswerk bezeichnet werden. Stolze 40 Jahre lang arbeitete Klauda an rund 300 Figuren, Dutzenden H\u00e4usern und vielen weiteren Details. Ein genauer Blick auf das Kunstwerk offenbart allerh\u00f6chste Schnitzkunst, perfekte Malerei und vor allem eines: seine F\u00e4higkeit als Schlosser. Ein Zusammenspiel aus Zahnr\u00e4dern, Fahrradketten, Walzen und Wellen sorgt daf\u00fcr, dass gro\u00dfe Teile der Krippe in Bewegung sind und dem Zuschauer etwas bieten. Fr\u00fcher noch mit Muskelkraft angetrieben, werden die Figuren heute mittels Elektromotor bewegt.<\/p>\n<h4>Meisterwerk mit vielen Details<\/h4>\n<p>Zu Lebzeiten noch k\u00fcmmerte sich Klauda darum, einen Nachfolger in die Technik der mechanischen Krippe einzuf\u00fchren, um das Funktionieren und den Fortbestand auch nach seinem Tod zu garantieren. Diese Aufgabe \u00fcbernimmt bis heute Walter Schmidt, der den Spitznamen &#8222;Doktor Kripperl&#8220; verliehen bekam. Er kennt die Krippe ebenfalls in- und auswendig \u2013 immerhin zerlegte er sie bereits mehrmals zur Reinigung und baute die Einzelteile dann wieder passend zusammen. Die mechanische Krippe in Echtzeit ansehen k\u00f6nnt ihr euch \u00fcbrigens ca. alle 15-20 Minuten. Ein ortsans\u00e4ssiger F\u00fchrer erkl\u00e4rt euch die Details und Umst\u00e4nde ganz genau, w\u00e4hrend ihr den liebevollen Drehorgelt\u00f6nen lauschen und den Bewegungen der Figuren zusehen k\u00f6nnt.<\/p>\n<h3>Die P\u00f6ttmesser-Krippe<\/h3>\n<p>Die zweite ausgestellte Krippe im Pfarramt befindet sich im ersten Stock und ist die P\u00f6ttmesser-Krippe. Seht sie euch entweder direkt nach der Vorf\u00fchrung der mechanischen Krippe an oder w\u00e4hrend der Wartezeit auf diese. Tolles Service: ein Lichtsignal im ersten Stock weist darauf hin, sobald die mechanische Krippe im Erdgeschoss wieder zug\u00e4nglich ist. Als ich vor der P\u00f6ttmesser-Krippe stand, blieb mir ehrlich gesagt kurz einmal die Luft weg. Es handelt sich um eine wirklich riesige Anlage! 18 Meter L\u00e4nge und eine Gr\u00f6\u00dfe von 58 m\u00b2 sind absolut beeindruckende Zahlen.<\/p>\n<h4>\u00dcberdimensionales Kunstwerk<\/h4>\n<p>Geschaffen wurde die \u00fcberdimensionale Krippe von Ferdinand P\u00f6ttmesser (1895-1977), der seinen Brotberuf aufgab, um sich komplett der Krippenschnitzerei zu widmen. Die im Pfarrheim dauerhaft aufgestellte Krippe hat schon mehrere Auf- und Abbauten von anderen tempor\u00e4ren Standorten hinter sich. Die dabei entstandenen Sch\u00e4den wurden repariert und dabei das Werk auch eine Spur vergr\u00f6\u00dfert. Die orientalische Krippe ist in vier Bereiche aufgeteilt: die Hirten-Verk\u00fcndigung, die Geburt Jesu, ein Beduinenmarkt und die Heiligen Drei K\u00f6nige samt Gefolgschaft. Nehmt euch gen\u00fcgend Zeit, um die 778 Figuren genau studieren zu k\u00f6nnen! \ud83d\ude09<\/p>\n<h2>Fotos der Krippen von Christkindl<\/h2>\n<figure class=\"bigpicture\" style=\"width: 970px;\"><img loading=\"lazy\" decoding=\"async\" class=\"wp-image-14203 size-full\" src=\"https:\/\/coeser.de\/blog\/wp-content\/uploads\/2019\/12\/christkindl-mechanische-krippe-gal01-christian-oeser.jpg\" alt=\"Die mechanische Krippe in Christkindl, Steyr\" width=\"960\" height=\"640\" srcset=\"https:\/\/coeser.de\/blog\/wp-content\/uploads\/2019\/12\/christkindl-mechanische-krippe-gal01-christian-oeser.jpg 960w, https:\/\/coeser.de\/blog\/wp-content\/uploads\/2019\/12\/christkindl-mechanische-krippe-gal01-christian-oeser-300x200.jpg 300w, https:\/\/coeser.de\/blog\/wp-content\/uploads\/2019\/12\/christkindl-mechanische-krippe-gal01-christian-oeser-768x512.jpg 768w, https:\/\/coeser.de\/blog\/wp-content\/uploads\/2019\/12\/christkindl-mechanische-krippe-gal01-christian-oeser-330x220.jpg 330w\" sizes=\"auto, (max-width: 960px) 100vw, 960px\" \/><figcaption class=\"bigpicture-text\">\n<h3>Die mechanische Krippe<\/h3>\n<p>Die mechanische Krippe von Karl Klauda k\u00f6nnt ihr im Rahmen einer rund 10-\/15-min\u00fctigen F\u00fchrung in Aktion erleben. Ein ortsans\u00e4ssiger F\u00fchrer erkl\u00e4rt mit Freude die zahlreichen kleinen Details, welche sich in der Krippenlandschaft verstecken.<br \/>\n<a href=\"https:\/\/www.google.de\/maps\/place\/48.037767,14.387371\" target=\"_blank\" rel=\"noopener noreferrer\"><strong>Aufnahmeort anzeigen<\/strong><\/a><\/p>\n<\/figcaption><\/figure>\n<figure class=\"bigpicture\" style=\"width: 970px;\"><img loading=\"lazy\" decoding=\"async\" class=\"wp-image-14204 size-full\" src=\"https:\/\/coeser.de\/blog\/wp-content\/uploads\/2019\/12\/christkindl-mechanische-krippe-gal02-christian-oeser.jpg\" alt=\"Die mechanische Krippe in Christkindl, Steyr\" width=\"960\" height=\"640\" srcset=\"https:\/\/coeser.de\/blog\/wp-content\/uploads\/2019\/12\/christkindl-mechanische-krippe-gal02-christian-oeser.jpg 960w, https:\/\/coeser.de\/blog\/wp-content\/uploads\/2019\/12\/christkindl-mechanische-krippe-gal02-christian-oeser-300x200.jpg 300w, https:\/\/coeser.de\/blog\/wp-content\/uploads\/2019\/12\/christkindl-mechanische-krippe-gal02-christian-oeser-768x512.jpg 768w, https:\/\/coeser.de\/blog\/wp-content\/uploads\/2019\/12\/christkindl-mechanische-krippe-gal02-christian-oeser-330x220.jpg 330w\" sizes=\"auto, (max-width: 960px) 100vw, 960px\" \/><figcaption class=\"bigpicture-text\">\n<h3>Detailansicht der mechanischen Krippe<\/h3>\n<p>Dass Klauda rund 40 Jahre seines Lebens mit dem Bau der mechanischen Krippe verbrachte, verwundert nicht. Der Detailreichtum ist unglaublich und zeugt von h\u00f6chster Pr\u00e4zision in den Bereichen Mechanik, Malerei und Schnitzerei.<br \/>\n<a href=\"https:\/\/www.google.de\/maps\/place\/48.037767,14.387371\" target=\"_blank\" rel=\"noopener noreferrer\"><strong>Aufnahmeort anzeigen<\/strong><\/a><\/p>\n<\/figcaption><\/figure>\n<figure class=\"bigpicture\" style=\"width: 970px;\"><img loading=\"lazy\" decoding=\"async\" class=\"wp-image-14205 size-full\" src=\"https:\/\/coeser.de\/blog\/wp-content\/uploads\/2019\/12\/christkindl-poettmesser-krippe-gal01-christian-oeser.jpg\" alt=\"Die P\u00f6ttmesser-Krippe in Christkindl, Steyr\" width=\"960\" height=\"640\" srcset=\"https:\/\/coeser.de\/blog\/wp-content\/uploads\/2019\/12\/christkindl-poettmesser-krippe-gal01-christian-oeser.jpg 960w, https:\/\/coeser.de\/blog\/wp-content\/uploads\/2019\/12\/christkindl-poettmesser-krippe-gal01-christian-oeser-300x200.jpg 300w, https:\/\/coeser.de\/blog\/wp-content\/uploads\/2019\/12\/christkindl-poettmesser-krippe-gal01-christian-oeser-768x512.jpg 768w, https:\/\/coeser.de\/blog\/wp-content\/uploads\/2019\/12\/christkindl-poettmesser-krippe-gal01-christian-oeser-330x220.jpg 330w\" sizes=\"auto, (max-width: 960px) 100vw, 960px\" \/><figcaption class=\"bigpicture-text\">\n<h3>Die P\u00f6ttmesser-Krippe in Christkindl<\/h3>\n<p>Nicht weniger spektakul\u00e4r ist die im ersten Stock des Pfarrheims untergebrachte P\u00f6ttmesser-Krippe von Ferdinand P\u00f6ttmesser. Ganze 58m\u00b2 Fl\u00e4che nimmt die Installation ein.<br \/>\n<a href=\"https:\/\/www.google.de\/maps\/place\/48.037767,14.387371\" target=\"_blank\" rel=\"noopener noreferrer\"><strong>Aufnahmeort anzeigen<\/strong><\/a><\/p>\n<\/figcaption><\/figure>\n<figure class=\"bigpicture\" style=\"width: 970px;\"><img loading=\"lazy\" decoding=\"async\" class=\"wp-image-14206 size-full\" src=\"https:\/\/coeser.de\/blog\/wp-content\/uploads\/2019\/12\/christkindl-poettmesser-krippe-gal02-christian-oeser.jpg\" alt=\"Die P\u00f6ttmesser-Krippe in Christkindl, Steyr\" width=\"960\" height=\"640\" srcset=\"https:\/\/coeser.de\/blog\/wp-content\/uploads\/2019\/12\/christkindl-poettmesser-krippe-gal02-christian-oeser.jpg 960w, https:\/\/coeser.de\/blog\/wp-content\/uploads\/2019\/12\/christkindl-poettmesser-krippe-gal02-christian-oeser-300x200.jpg 300w, https:\/\/coeser.de\/blog\/wp-content\/uploads\/2019\/12\/christkindl-poettmesser-krippe-gal02-christian-oeser-768x512.jpg 768w, https:\/\/coeser.de\/blog\/wp-content\/uploads\/2019\/12\/christkindl-poettmesser-krippe-gal02-christian-oeser-330x220.jpg 330w\" sizes=\"auto, (max-width: 960px) 100vw, 960px\" \/><figcaption class=\"bigpicture-text\">\n<h3>Detailansicht der P\u00f6ttmesser-Krippe<\/h3>\n<p>Die P\u00f6ttmesser-Krippe ist in vier Bereiche unterteilt. Hier seht ihr den Abschnitt, welcher die Geburt Jesu darstellt. Die feinen Details sind erneut einfach nur sensationell anzusehen und verdienen sich eine l\u00e4ngere Betrachtung.<br \/>\n<a href=\"https:\/\/www.google.de\/maps\/place\/48.037767,14.387371\" target=\"_blank\" rel=\"noopener noreferrer\"><strong>Aufnahmeort anzeigen<\/strong><\/a><\/p>\n<\/figcaption><\/figure>\n<figure class=\"bigpicture\" style=\"width: 970px;\"><img loading=\"lazy\" decoding=\"async\" class=\"wp-image-14207 size-full\" src=\"https:\/\/coeser.de\/blog\/wp-content\/uploads\/2019\/12\/christkindl-poettmesser-krippe-gal03-christian-oeser.jpg\" alt=\"Die P\u00f6ttmesser-Krippe in Christkindl, Steyr\" width=\"960\" height=\"640\" srcset=\"https:\/\/coeser.de\/blog\/wp-content\/uploads\/2019\/12\/christkindl-poettmesser-krippe-gal03-christian-oeser.jpg 960w, https:\/\/coeser.de\/blog\/wp-content\/uploads\/2019\/12\/christkindl-poettmesser-krippe-gal03-christian-oeser-300x200.jpg 300w, https:\/\/coeser.de\/blog\/wp-content\/uploads\/2019\/12\/christkindl-poettmesser-krippe-gal03-christian-oeser-768x512.jpg 768w, https:\/\/coeser.de\/blog\/wp-content\/uploads\/2019\/12\/christkindl-poettmesser-krippe-gal03-christian-oeser-330x220.jpg 330w\" sizes=\"auto, (max-width: 960px) 100vw, 960px\" \/><figcaption class=\"bigpicture-text\">\n<h3>Figuren in der P\u00f6ttmesser-Krippe<\/h3>\n<p>778 Figuren und Tiere finden in der P\u00f6ttmesser-Krippe Platz. Dazu kommen liebevolle Nachbildungen von orientalischen D\u00f6rfern mit den charakteristischen H\u00e4usern.<br \/>\n<a href=\"https:\/\/www.google.de\/maps\/place\/48.037767,14.387371\" target=\"_blank\" rel=\"noopener noreferrer\"><strong>Aufnahmeort anzeigen<\/strong><\/a><\/p>\n<\/figcaption><\/figure>\n<hr \/>\n<h2><img loading=\"lazy\" decoding=\"async\" class=\"alignnone size-full wp-image-14195\" src=\"https:\/\/coeser.de\/blog\/wp-content\/uploads\/2019\/12\/christkindl-aufmacher3-sonderpostamt-christian-oeser.jpg\" alt=\"Schild zum Sonderpostamt Christkindl\" width=\"970\" height=\"323\" srcset=\"https:\/\/coeser.de\/blog\/wp-content\/uploads\/2019\/12\/christkindl-aufmacher3-sonderpostamt-christian-oeser.jpg 970w, https:\/\/coeser.de\/blog\/wp-content\/uploads\/2019\/12\/christkindl-aufmacher3-sonderpostamt-christian-oeser-300x100.jpg 300w, https:\/\/coeser.de\/blog\/wp-content\/uploads\/2019\/12\/christkindl-aufmacher3-sonderpostamt-christian-oeser-768x256.jpg 768w\" sizes=\"auto, (max-width: 970px) 100vw, 970px\" \/><\/h2>\n<h2>Das Sonderpostamt Christkindl<\/h2>\n<p>Falls ihr jemals Briefmarken gesammelt habt, dann versteht ihr garantiert die Faszination vieler Leute f\u00fcr das Sonderpostamt. In meiner Jugend landeten nicht nur Briefmarken in Alben, sondern auch Dutzende Sonderstempel, die zu besonderen Anl\u00e4ssen ausgegeben wurden. Nicht fehlen durfte dabei jedes Jahr der Sonderstempel von Christkindl auf der aktuellen Weihnachtsbriefmarke! Diesen kann sich im Grunde jeder auch von Zuhause holen: schickt eure Weihnachtskarten einfach vom Schalter eures Postamts ab und sagt, dass die Karten \u00fcber Christkindl laufen sollen. Dann kommen Sie mit einem sehenswerten Stempel beim Empf\u00e4nger an. \ud83d\ude42<\/p>\n<h3>Postamt im Hotel<\/h3>\n<p>Viel intensiver ist das Erlebnis nat\u00fcrlich direkt vor Ort. Daf\u00fcr suchten meine Freundin und ich uns ein ganz besonderes Jahr aus \u2013 2019 feierte das Sonderpostamt n\u00e4mlich sein 70-j\u00e4hriges Jubil\u00e4um. Am 15. Dezember 1950 \u00f6ffnete das &#8222;Postamt&#8220; erstmals in der K\u00fcche des Mesners der Kirche. Dort stempelte die Postexpedientin Johanna Zeilinger h\u00e4ndisch 42.000 Postsendungen mit dem allerersten Sonderstempel. Durch den gro\u00dfen Zuspruch der Bev\u00f6lkerung \u00fcbersiedelte man das provisorische Postamt bereits im Folgejahr \u2013 bis heute \u2013 in das nebenan liegende Gasthaus &#8222;Zur sch\u00f6nen Aussicht&#8220;, in welchem mittlerweile das <strong><a href=\"https:\/\/www.booking.com\/hotel\/at\/restaurant-christkindlwirt.de.html?aid=1634405\" target=\"_blank\" rel=\"noopener noreferrer\">Hotel Christkindlwirt<\/a><\/strong>* untergebracht ist.<\/p>\n<h3>Zwei Stempel in der Weihnachtszeit<\/h3>\n<p>Seit 1951 werden auch ausl\u00e4ndische Briefe angenommen und so sind es Stand 2018 bereits zwei Millionen Sendungen, die immer noch per Hand mit dem Sonderstempel versehen werden. Nat\u00fcrlich machen dies heute mehrere Personen. \ud83d\ude09 Genau genommen gibt es \u00fcbrigens nicht einen, sondern zwei Stempelversionen. Vom Er\u00f6ffnungstag Ende November bis zum 26. Dezember wird ein Stempel mit Weihnachtsmotiv und vom 27. Dezember bis zum 6. J\u00e4nner ein Stempel mit den Heiligen Drei K\u00f6nigen als Thema verwendet. F\u00fcr Kinder hat das Postamt Christkindl eine besondere Bedeutung: sie k\u00f6nnen n\u00e4mlich ihre Weihnachtsw\u00fcnsche \u00fcbermitteln. Diese werden dann auch tats\u00e4chlich beantwortet \u2013 ein tolles Service!<\/p>\n<h3>Der Christkindl-Laden<\/h3>\n<p>Nicht \u00fcbersehen d\u00fcrft ihr zum Abschluss noch den kleinen Christkindl-Laden neben der Wallfahrtskirche. Auf recht engem Raum wird hier lokales Kunsthandwerk von h\u00f6chster Qualit\u00e4t angeboten. Im hinteren Bereich versteckt sich noch ein richtiger &#8222;Schatz&#8220;. Dort ist n\u00e4mlich die Philatelie-Ecke, in der ihr sogenannte Ersttagsstempel bekommt. Dabei handelt es sich um spezielle Stempel mit dem Datum der erstmaligen Ausgabe einer neuen Briefmarke \u2013 unter Sammlern hei\u00dfbegehrte St\u00fccke! Ich durfte dort Helmut Brandtner kennenlernen, der sich mit Herz und Seele um dieses Hobby k\u00fcmmert. Er kennt jeden einzelnen Sonderstempel seit Anbeginn des Sonderpostamts im Jahr 1950 und kann mit herrlichen Geschichten aufwarten. Ein mehr als grandioser Abschluss eines wundervollen Tags in Christkindl!<\/p>\n<h2>Fotos vom Sonderpostamt Christkindl<\/h2>\n<figure class=\"bigpicture\" style=\"width: 970px;\"><img loading=\"lazy\" decoding=\"async\" class=\"wp-image-14208 size-full\" src=\"https:\/\/coeser.de\/blog\/wp-content\/uploads\/2019\/12\/christkindl-sonderpostamt-gal01-christian-oeser.jpg\" alt=\"Das Sonderpostamt in Christkindl, Steyr\" width=\"960\" height=\"640\" srcset=\"https:\/\/coeser.de\/blog\/wp-content\/uploads\/2019\/12\/christkindl-sonderpostamt-gal01-christian-oeser.jpg 960w, https:\/\/coeser.de\/blog\/wp-content\/uploads\/2019\/12\/christkindl-sonderpostamt-gal01-christian-oeser-300x200.jpg 300w, https:\/\/coeser.de\/blog\/wp-content\/uploads\/2019\/12\/christkindl-sonderpostamt-gal01-christian-oeser-768x512.jpg 768w, https:\/\/coeser.de\/blog\/wp-content\/uploads\/2019\/12\/christkindl-sonderpostamt-gal01-christian-oeser-330x220.jpg 330w\" sizes=\"auto, (max-width: 960px) 100vw, 960px\" \/><figcaption class=\"bigpicture-text\">\n<h3>Das Sonderpostamt in Christkindl<\/h3>\n<p>Das Sonderpostamt in Christkindl befindet sich direkt hinter der Wallfahrtskirche. Es ist seit 1951 im Hotel Christkindlwirt untergebracht, welches fr\u00fcher das Gasthaus &#8222;Zur sch\u00f6nen Aussicht&#8220; beherbergte.<br \/>\n<a href=\"https:\/\/www.google.de\/maps\/place\/48.038261,14.387292\" target=\"_blank\" rel=\"noopener noreferrer\"><strong>Aufnahmeort anzeigen<\/strong><\/a><\/p>\n<\/figcaption><\/figure>\n<figure class=\"bigpicture\" style=\"width: 970px;\"><img loading=\"lazy\" decoding=\"async\" class=\"wp-image-14209 size-full\" src=\"https:\/\/coeser.de\/blog\/wp-content\/uploads\/2019\/12\/christkindl-sonderpostamt-gal02-christian-oeser.jpg\" alt=\"Sonderstempel im Sonderpostamt in Christkindl, Steyr\" width=\"960\" height=\"640\" srcset=\"https:\/\/coeser.de\/blog\/wp-content\/uploads\/2019\/12\/christkindl-sonderpostamt-gal02-christian-oeser.jpg 960w, https:\/\/coeser.de\/blog\/wp-content\/uploads\/2019\/12\/christkindl-sonderpostamt-gal02-christian-oeser-300x200.jpg 300w, https:\/\/coeser.de\/blog\/wp-content\/uploads\/2019\/12\/christkindl-sonderpostamt-gal02-christian-oeser-768x512.jpg 768w, https:\/\/coeser.de\/blog\/wp-content\/uploads\/2019\/12\/christkindl-sonderpostamt-gal02-christian-oeser-330x220.jpg 330w\" sizes=\"auto, (max-width: 960px) 100vw, 960px\" \/><figcaption class=\"bigpicture-text\">\n<h3>Der Sonderstempel im Sonderpostamt Christkindl<\/h3>\n<p>Die j\u00e4hrliche wechselnden Sonderstempel und Weihnachtsbriefmarken sind einerseits f\u00fcr Sammler ein begehrtes Objekt. Andererseits werden sie auch gerne allgemein f\u00fcr die Wehnachtspost genutzt: im Jahr 2018 gingen gleich zwei Millionen Postsendungen \u00fcber das Postamt Christkindl in die Welt hinaus!<br \/>\n<a href=\"https:\/\/www.google.de\/maps\/place\/48.038399,14.387119\" target=\"_blank\" rel=\"noopener noreferrer\"><strong>Aufnahmeort anzeigen<\/strong><\/a><\/p>\n<\/figcaption><\/figure>\n<figure class=\"bigpicture\" style=\"width: 970px;\"><img loading=\"lazy\" decoding=\"async\" class=\"wp-image-14215 size-full\" src=\"https:\/\/coeser.de\/blog\/wp-content\/uploads\/2019\/12\/christkindl-sonderpostamt-gal003-christian-oeser.jpg\" alt=\"Sonderstempel im Sonderpostamt in Christkindl, Steyr\" width=\"960\" height=\"640\" srcset=\"https:\/\/coeser.de\/blog\/wp-content\/uploads\/2019\/12\/christkindl-sonderpostamt-gal003-christian-oeser.jpg 960w, https:\/\/coeser.de\/blog\/wp-content\/uploads\/2019\/12\/christkindl-sonderpostamt-gal003-christian-oeser-300x200.jpg 300w, https:\/\/coeser.de\/blog\/wp-content\/uploads\/2019\/12\/christkindl-sonderpostamt-gal003-christian-oeser-768x512.jpg 768w, https:\/\/coeser.de\/blog\/wp-content\/uploads\/2019\/12\/christkindl-sonderpostamt-gal003-christian-oeser-330x220.jpg 330w\" sizes=\"auto, (max-width: 960px) 100vw, 960px\" \/><figcaption class=\"bigpicture-text\">\n<h3>Detailansicht des Sonderstempels 2019<\/h3>\n<p>Hier seht ihr den Sonderstempel, der im Jahr 2019 anl\u00e4sslich des 70-j\u00e4hrigen Jubil\u00e4ums des Sonderpostamts Christkindl verwendet wurde.<br \/>\n<a href=\"https:\/\/www.google.de\/maps\/place\/48.038399,14.387119\" target=\"_blank\" rel=\"noopener noreferrer\"><strong>Aufnahmeort anzeigen<\/strong><\/a><\/p>\n<\/figcaption><\/figure>\n<figure class=\"bigpicture\" style=\"width: 970px;\"><img loading=\"lazy\" decoding=\"async\" class=\"wp-image-14211 size-full\" src=\"https:\/\/coeser.de\/blog\/wp-content\/uploads\/2019\/12\/christkindl-sonderpostamt-gal04-christian-oeser.jpg\" alt=\"Philatestist Helmut Brandtner im Christkindl-Laden neben der Wallfahrtskirche Christkindl, Steyr\" width=\"960\" height=\"640\" srcset=\"https:\/\/coeser.de\/blog\/wp-content\/uploads\/2019\/12\/christkindl-sonderpostamt-gal04-christian-oeser.jpg 960w, https:\/\/coeser.de\/blog\/wp-content\/uploads\/2019\/12\/christkindl-sonderpostamt-gal04-christian-oeser-300x200.jpg 300w, https:\/\/coeser.de\/blog\/wp-content\/uploads\/2019\/12\/christkindl-sonderpostamt-gal04-christian-oeser-768x512.jpg 768w, https:\/\/coeser.de\/blog\/wp-content\/uploads\/2019\/12\/christkindl-sonderpostamt-gal04-christian-oeser-330x220.jpg 330w\" sizes=\"auto, (max-width: 960px) 100vw, 960px\" \/><figcaption class=\"bigpicture-text\">\n<h3>Philatestist Helmut Brandtner im Christkindl-Laden<\/h3>\n<p>Wenn ihr wie ich selbst einmal Briefmarken oder Sonderstempel gesammelt habt, dann kennt ihr die Faszination f\u00fcr dieses Hobby. Im Christkindl-Laden neben der Wallfahrtskirche wartet versteckt im hinteren Bereich Helmut Brandtner. Er h\u00fctet dort die Ersttagsstempel und -briefe seit Anbeginn des Sonderpostamts im Jahr 1950. Wenn euch ein Exemplar fehlt oder ihr einem Sammler ein besonderes Geschenk machen wollt: hier seid ihr richtig!<br \/>\n<a href=\"https:\/\/www.google.de\/maps\/place\/48.038399,14.387119\" target=\"_blank\" rel=\"noopener noreferrer\"><strong>Aufnahmeort anzeigen<\/strong><\/a><\/p>\n<\/figcaption><\/figure>\n<hr \/>\n<div class=\"fazit\">\n<h2>FAZIT<\/h2>\n<p>Ein Ausflug in den Ort Christkindl nimmt zwar nicht sehr viel Zeit in Anspruch, h\u00e4lt aber in eurer Erinnerung garantiert sehr lange an. Allein die Entstehungsgeschichte von Christkindl ist sagenhaft spannend und nicht nur f\u00fcr Kinder eine sch\u00f6ne Geschichte. Die Wallfahrtskirche besticht durch den pr\u00e4chtig ausgestatteten Hochaltar mit der kleinen Figur des ber\u00fchmten Christkindls in der Mitte. Hinter der Kirche holt ihr euch im Sonderpostamt die aktuelle Weihnachtsbriefmarke, den dazugeh\u00f6rigen Sonderstempel und versendet so eure Gru\u00dfkarten an die Liebsten in alle Welt. Mit der mechanischen Krippe und der P\u00f6ttmesser-Krippe warten zum Schluss noch zwei echte Meisterwerke der Handwerkskunst auf euch. Wenn ihr in Christkindl wart, dann freue ich mich auf eure Meinung in den Kommentaren!<\/p>\n<\/div>\n<p>&nbsp;<\/p>\n<div style=\"display: none;\">\n<p><img loading=\"lazy\" decoding=\"async\" class=\"alignnone size-full wp-image-14196\" src=\"https:\/\/coeser.de\/blog\/wp-content\/uploads\/2019\/12\/christkindl-p02-christian-oeser.jpg\" alt=\"Christkindl: Erfahrungsbericht zum Wallfahrtsort bei Steyr mit der Wallfahrtskirche, der mechanischen Krippe, der P\u00f6ttmesser-Krippe und dem Sonderpostamt.\" width=\"735\" height=\"1102\" srcset=\"https:\/\/coeser.de\/blog\/wp-content\/uploads\/2019\/12\/christkindl-p02-christian-oeser.jpg 735w, https:\/\/coeser.de\/blog\/wp-content\/uploads\/2019\/12\/christkindl-p02-christian-oeser-200x300.jpg 200w, https:\/\/coeser.de\/blog\/wp-content\/uploads\/2019\/12\/christkindl-p02-christian-oeser-683x1024.jpg 683w\" sizes=\"auto, (max-width: 735px) 100vw, 735px\" \/><img loading=\"lazy\" decoding=\"async\" class=\"alignnone size-full wp-image-14197\" src=\"https:\/\/coeser.de\/blog\/wp-content\/uploads\/2019\/12\/christkindl-p01-christian-oeser.jpg\" alt=\"Christkindl: Erfahrungsbericht zum Wallfahrtsort bei Steyr mit der Wallfahrtskirche, der mechanischen Krippe, der P\u00f6ttmesser-Krippe und dem Sonderpostamt.\" width=\"735\" height=\"1102\" srcset=\"https:\/\/coeser.de\/blog\/wp-content\/uploads\/2019\/12\/christkindl-p01-christian-oeser.jpg 735w, https:\/\/coeser.de\/blog\/wp-content\/uploads\/2019\/12\/christkindl-p01-christian-oeser-200x300.jpg 200w, https:\/\/coeser.de\/blog\/wp-content\/uploads\/2019\/12\/christkindl-p01-christian-oeser-683x1024.jpg 683w\" sizes=\"auto, (max-width: 735px) 100vw, 735px\" \/><\/p>\n<\/div>\n","protected":false},"excerpt":{"rendered":"<p>Als ich noch klein war, ging es mir zu Weihnachten wohl wie vielen anderen Kindern auch: gespanntes Warten auf den Heiligen Abend und das Christkind. Die Wahrheit kam dann mit zunehmenden Alter zwar rasch ans Tageslicht, die Illusion und Faszination hat das Christkind aber nicht verloren. In diesem Artikel zeige ich euch deshalb, wo es [&hellip;]<\/p>\n","protected":false},"author":1,"featured_media":14192,"comment_status":"open","ping_status":"open","sticky":false,"template":"","format":"standard","meta":{"_jetpack_memberships_contains_paid_content":false,"footnotes":""},"categories":[17],"tags":[25,362,9,11,12,23,41,68,363,89,77],"class_list":["post-14186","post","type-post","status-publish","format-standard","has-post-thumbnail","hentry","category-oesterreich","tag-ausflug","tag-christkindl","tag-cityguide","tag-fotospots","tag-fototipps","tag-oesterreich","tag-reisebericht","tag-reisefuehrer","tag-steyr","tag-weihnachten","tag-weihnachtsmarkt"],"yoast_head":"<!-- This site is optimized with the Yoast SEO plugin v27.5 - https:\/\/yoast.com\/product\/yoast-seo-wordpress\/ -->\n<title>Wo das Christkindl wirklich wohnt - Reiseblog und Fotostories von Christian \u00d6ser<\/title>\n<meta name=\"description\" content=\"Christkindl bei Steyr: Fotostory zum Wallfahrtsort mit Einblicken in die Wallfahrtskirche, die Krippenausstellung und das Sonderpostamt.\" \/>\n<meta name=\"robots\" content=\"index, follow, max-snippet:-1, max-image-preview:large, max-video-preview:-1\" \/>\n<link rel=\"canonical\" href=\"https:\/\/coeser.de\/blog\/index.php\/2019\/12\/24\/wo-das-christkindl-wirklich-wohnt\/\" \/>\n<meta property=\"og:locale\" content=\"de_DE\" \/>\n<meta property=\"og:type\" content=\"article\" \/>\n<meta property=\"og:title\" content=\"Wo das Christkindl wirklich wohnt - Reiseblog und Fotostories von Christian \u00d6ser\" \/>\n<meta property=\"og:description\" content=\"Christkindl bei Steyr: Fotostory zum Wallfahrtsort mit Einblicken in die Wallfahrtskirche, die Krippenausstellung und das Sonderpostamt.\" \/>\n<meta property=\"og:url\" content=\"https:\/\/coeser.de\/blog\/index.php\/2019\/12\/24\/wo-das-christkindl-wirklich-wohnt\/\" \/>\n<meta property=\"og:site_name\" content=\"fern &amp; nah - Reiseblog und Fotostories von Christian \u00d6ser\" \/>\n<meta property=\"article:publisher\" content=\"Christian \u00d6ser\" \/>\n<meta property=\"article:author\" content=\"Christian \u00d6ser\" \/>\n<meta property=\"article:published_time\" content=\"2019-12-24T06:00:35+00:00\" \/>\n<meta property=\"article:modified_time\" content=\"2025-01-03T11:37:25+00:00\" \/>\n<meta property=\"og:image\" content=\"https:\/\/coeser.de\/blog\/wp-content\/uploads\/2019\/12\/christkindl-aufmacher-wachsfigur-christian-oeser.jpg\" \/>\n\t<meta property=\"og:image:width\" content=\"978\" \/>\n\t<meta property=\"og:image:height\" content=\"550\" \/>\n\t<meta property=\"og:image:type\" content=\"image\/jpeg\" \/>\n<meta name=\"author\" content=\"Christian \u00d6ser\" \/>\n<meta name=\"twitter:card\" content=\"summary_large_image\" \/>\n<meta name=\"twitter:label1\" content=\"Verfasst von\" \/>\n\t<meta name=\"twitter:data1\" content=\"Christian \u00d6ser\" \/>\n\t<meta name=\"twitter:label2\" content=\"Gesch\u00e4tzte Lesezeit\" \/>\n\t<meta name=\"twitter:data2\" content=\"20\u00a0Minuten\" \/>\n<script type=\"application\/ld+json\" class=\"yoast-schema-graph\">{\"@context\":\"https:\\\/\\\/schema.org\",\"@graph\":[{\"@type\":\"Article\",\"@id\":\"https:\\\/\\\/coeser.de\\\/blog\\\/index.php\\\/2019\\\/12\\\/24\\\/wo-das-christkindl-wirklich-wohnt\\\/#article\",\"isPartOf\":{\"@id\":\"https:\\\/\\\/coeser.de\\\/blog\\\/index.php\\\/2019\\\/12\\\/24\\\/wo-das-christkindl-wirklich-wohnt\\\/\"},\"author\":{\"name\":\"Christian \u00d6ser\",\"@id\":\"https:\\\/\\\/coeser.de\\\/blog\\\/#\\\/schema\\\/person\\\/fda1d253389076b2cadc3d47018cf315\"},\"headline\":\"Wo das Christkindl wirklich wohnt\",\"datePublished\":\"2019-12-24T06:00:35+00:00\",\"dateModified\":\"2025-01-03T11:37:25+00:00\",\"mainEntityOfPage\":{\"@id\":\"https:\\\/\\\/coeser.de\\\/blog\\\/index.php\\\/2019\\\/12\\\/24\\\/wo-das-christkindl-wirklich-wohnt\\\/\"},\"wordCount\":2948,\"commentCount\":7,\"publisher\":{\"@id\":\"https:\\\/\\\/coeser.de\\\/blog\\\/#\\\/schema\\\/person\\\/fda1d253389076b2cadc3d47018cf315\"},\"image\":{\"@id\":\"https:\\\/\\\/coeser.de\\\/blog\\\/index.php\\\/2019\\\/12\\\/24\\\/wo-das-christkindl-wirklich-wohnt\\\/#primaryimage\"},\"thumbnailUrl\":\"https:\\\/\\\/coeser.de\\\/blog\\\/wp-content\\\/uploads\\\/2019\\\/12\\\/christkindl-aufmacher-wachsfigur-christian-oeser.jpg\",\"keywords\":[\"Ausflug\",\"Christkindl\",\"Cityguide\",\"Fotospots\",\"Fototipps\",\"\u00d6sterreich\",\"Reisebericht\",\"Reisef\u00fchrer\",\"Steyr\",\"Weihnachten\",\"Weihnachtsmarkt\"],\"articleSection\":[\"\u00d6STERREICH\"],\"inLanguage\":\"de\",\"potentialAction\":[{\"@type\":\"CommentAction\",\"name\":\"Comment\",\"target\":[\"https:\\\/\\\/coeser.de\\\/blog\\\/index.php\\\/2019\\\/12\\\/24\\\/wo-das-christkindl-wirklich-wohnt\\\/#respond\"]}]},{\"@type\":\"WebPage\",\"@id\":\"https:\\\/\\\/coeser.de\\\/blog\\\/index.php\\\/2019\\\/12\\\/24\\\/wo-das-christkindl-wirklich-wohnt\\\/\",\"url\":\"https:\\\/\\\/coeser.de\\\/blog\\\/index.php\\\/2019\\\/12\\\/24\\\/wo-das-christkindl-wirklich-wohnt\\\/\",\"name\":\"Wo das Christkindl wirklich wohnt - Reiseblog und Fotostories von Christian \u00d6ser\",\"isPartOf\":{\"@id\":\"https:\\\/\\\/coeser.de\\\/blog\\\/#website\"},\"primaryImageOfPage\":{\"@id\":\"https:\\\/\\\/coeser.de\\\/blog\\\/index.php\\\/2019\\\/12\\\/24\\\/wo-das-christkindl-wirklich-wohnt\\\/#primaryimage\"},\"image\":{\"@id\":\"https:\\\/\\\/coeser.de\\\/blog\\\/index.php\\\/2019\\\/12\\\/24\\\/wo-das-christkindl-wirklich-wohnt\\\/#primaryimage\"},\"thumbnailUrl\":\"https:\\\/\\\/coeser.de\\\/blog\\\/wp-content\\\/uploads\\\/2019\\\/12\\\/christkindl-aufmacher-wachsfigur-christian-oeser.jpg\",\"datePublished\":\"2019-12-24T06:00:35+00:00\",\"dateModified\":\"2025-01-03T11:37:25+00:00\",\"description\":\"Christkindl bei Steyr: Fotostory zum Wallfahrtsort mit Einblicken in die Wallfahrtskirche, die Krippenausstellung und das Sonderpostamt.\",\"breadcrumb\":{\"@id\":\"https:\\\/\\\/coeser.de\\\/blog\\\/index.php\\\/2019\\\/12\\\/24\\\/wo-das-christkindl-wirklich-wohnt\\\/#breadcrumb\"},\"inLanguage\":\"de\",\"potentialAction\":[{\"@type\":\"ReadAction\",\"target\":[\"https:\\\/\\\/coeser.de\\\/blog\\\/index.php\\\/2019\\\/12\\\/24\\\/wo-das-christkindl-wirklich-wohnt\\\/\"]}]},{\"@type\":\"ImageObject\",\"inLanguage\":\"de\",\"@id\":\"https:\\\/\\\/coeser.de\\\/blog\\\/index.php\\\/2019\\\/12\\\/24\\\/wo-das-christkindl-wirklich-wohnt\\\/#primaryimage\",\"url\":\"https:\\\/\\\/coeser.de\\\/blog\\\/wp-content\\\/uploads\\\/2019\\\/12\\\/christkindl-aufmacher-wachsfigur-christian-oeser.jpg\",\"contentUrl\":\"https:\\\/\\\/coeser.de\\\/blog\\\/wp-content\\\/uploads\\\/2019\\\/12\\\/christkindl-aufmacher-wachsfigur-christian-oeser.jpg\",\"width\":978,\"height\":550,\"caption\":\"Christkindl-Wachsfigur in der Wallfahrtskirche Christkindl\"},{\"@type\":\"BreadcrumbList\",\"@id\":\"https:\\\/\\\/coeser.de\\\/blog\\\/index.php\\\/2019\\\/12\\\/24\\\/wo-das-christkindl-wirklich-wohnt\\\/#breadcrumb\",\"itemListElement\":[{\"@type\":\"ListItem\",\"position\":1,\"name\":\"Startseite\",\"item\":\"https:\\\/\\\/coeser.de\\\/blog\\\/\"},{\"@type\":\"ListItem\",\"position\":2,\"name\":\"Wo das Christkindl wirklich wohnt\"}]},{\"@type\":\"WebSite\",\"@id\":\"https:\\\/\\\/coeser.de\\\/blog\\\/#website\",\"url\":\"https:\\\/\\\/coeser.de\\\/blog\\\/\",\"name\":\"fern &amp; nah - Reiseblog und Fotostories von Christian \u00d6ser\",\"description\":\"Reiseblog und Fotostories von Christian \u00d6ser\",\"publisher\":{\"@id\":\"https:\\\/\\\/coeser.de\\\/blog\\\/#\\\/schema\\\/person\\\/fda1d253389076b2cadc3d47018cf315\"},\"potentialAction\":[{\"@type\":\"SearchAction\",\"target\":{\"@type\":\"EntryPoint\",\"urlTemplate\":\"https:\\\/\\\/coeser.de\\\/blog\\\/?s={search_term_string}\"},\"query-input\":{\"@type\":\"PropertyValueSpecification\",\"valueRequired\":true,\"valueName\":\"search_term_string\"}}],\"inLanguage\":\"de\"},{\"@type\":[\"Person\",\"Organization\"],\"@id\":\"https:\\\/\\\/coeser.de\\\/blog\\\/#\\\/schema\\\/person\\\/fda1d253389076b2cadc3d47018cf315\",\"name\":\"Christian \u00d6ser\",\"image\":{\"@type\":\"ImageObject\",\"inLanguage\":\"de\",\"@id\":\"https:\\\/\\\/coeser.de\\\/blog\\\/wp-content\\\/uploads\\\/2016\\\/08\\\/logo-fern-und-nah-christian-oeser-4.jpg\",\"url\":\"https:\\\/\\\/coeser.de\\\/blog\\\/wp-content\\\/uploads\\\/2016\\\/08\\\/logo-fern-und-nah-christian-oeser-4.jpg\",\"contentUrl\":\"https:\\\/\\\/coeser.de\\\/blog\\\/wp-content\\\/uploads\\\/2016\\\/08\\\/logo-fern-und-nah-christian-oeser-4.jpg\",\"width\":1090,\"height\":245,\"caption\":\"Christian \u00d6ser\"},\"logo\":{\"@id\":\"https:\\\/\\\/coeser.de\\\/blog\\\/wp-content\\\/uploads\\\/2016\\\/08\\\/logo-fern-und-nah-christian-oeser-4.jpg\"},\"sameAs\":[\"http:\\\/\\\/www.coeser.de\",\"Christian \u00d6ser\",\"https:\\\/\\\/www.instagram.com\\\/coeser_de\\\/\",\"https:\\\/\\\/www.pinterest.at\\\/nightline5\\\/\"],\"url\":\"https:\\\/\\\/coeser.de\\\/blog\\\/index.php\\\/author\\\/coeser\\\/\"}]}<\/script>\n<!-- \/ Yoast SEO plugin. -->","yoast_head_json":{"title":"Wo das Christkindl wirklich wohnt - Reiseblog und Fotostories von Christian \u00d6ser","description":"Christkindl bei Steyr: Fotostory zum Wallfahrtsort mit Einblicken in die Wallfahrtskirche, die Krippenausstellung und das Sonderpostamt.","robots":{"index":"index","follow":"follow","max-snippet":"max-snippet:-1","max-image-preview":"max-image-preview:large","max-video-preview":"max-video-preview:-1"},"canonical":"https:\/\/coeser.de\/blog\/index.php\/2019\/12\/24\/wo-das-christkindl-wirklich-wohnt\/","og_locale":"de_DE","og_type":"article","og_title":"Wo das Christkindl wirklich wohnt - Reiseblog und Fotostories von Christian \u00d6ser","og_description":"Christkindl bei Steyr: Fotostory zum Wallfahrtsort mit Einblicken in die Wallfahrtskirche, die Krippenausstellung und das Sonderpostamt.","og_url":"https:\/\/coeser.de\/blog\/index.php\/2019\/12\/24\/wo-das-christkindl-wirklich-wohnt\/","og_site_name":"fern &amp; nah - Reiseblog und Fotostories von Christian \u00d6ser","article_publisher":"Christian \u00d6ser","article_author":"Christian \u00d6ser","article_published_time":"2019-12-24T06:00:35+00:00","article_modified_time":"2025-01-03T11:37:25+00:00","og_image":[{"width":978,"height":550,"url":"https:\/\/coeser.de\/blog\/wp-content\/uploads\/2019\/12\/christkindl-aufmacher-wachsfigur-christian-oeser.jpg","type":"image\/jpeg"}],"author":"Christian \u00d6ser","twitter_card":"summary_large_image","twitter_misc":{"Verfasst von":"Christian \u00d6ser","Gesch\u00e4tzte Lesezeit":"20\u00a0Minuten"},"schema":{"@context":"https:\/\/schema.org","@graph":[{"@type":"Article","@id":"https:\/\/coeser.de\/blog\/index.php\/2019\/12\/24\/wo-das-christkindl-wirklich-wohnt\/#article","isPartOf":{"@id":"https:\/\/coeser.de\/blog\/index.php\/2019\/12\/24\/wo-das-christkindl-wirklich-wohnt\/"},"author":{"name":"Christian \u00d6ser","@id":"https:\/\/coeser.de\/blog\/#\/schema\/person\/fda1d253389076b2cadc3d47018cf315"},"headline":"Wo das Christkindl wirklich wohnt","datePublished":"2019-12-24T06:00:35+00:00","dateModified":"2025-01-03T11:37:25+00:00","mainEntityOfPage":{"@id":"https:\/\/coeser.de\/blog\/index.php\/2019\/12\/24\/wo-das-christkindl-wirklich-wohnt\/"},"wordCount":2948,"commentCount":7,"publisher":{"@id":"https:\/\/coeser.de\/blog\/#\/schema\/person\/fda1d253389076b2cadc3d47018cf315"},"image":{"@id":"https:\/\/coeser.de\/blog\/index.php\/2019\/12\/24\/wo-das-christkindl-wirklich-wohnt\/#primaryimage"},"thumbnailUrl":"https:\/\/coeser.de\/blog\/wp-content\/uploads\/2019\/12\/christkindl-aufmacher-wachsfigur-christian-oeser.jpg","keywords":["Ausflug","Christkindl","Cityguide","Fotospots","Fototipps","\u00d6sterreich","Reisebericht","Reisef\u00fchrer","Steyr","Weihnachten","Weihnachtsmarkt"],"articleSection":["\u00d6STERREICH"],"inLanguage":"de","potentialAction":[{"@type":"CommentAction","name":"Comment","target":["https:\/\/coeser.de\/blog\/index.php\/2019\/12\/24\/wo-das-christkindl-wirklich-wohnt\/#respond"]}]},{"@type":"WebPage","@id":"https:\/\/coeser.de\/blog\/index.php\/2019\/12\/24\/wo-das-christkindl-wirklich-wohnt\/","url":"https:\/\/coeser.de\/blog\/index.php\/2019\/12\/24\/wo-das-christkindl-wirklich-wohnt\/","name":"Wo das Christkindl wirklich wohnt - Reiseblog und Fotostories von Christian \u00d6ser","isPartOf":{"@id":"https:\/\/coeser.de\/blog\/#website"},"primaryImageOfPage":{"@id":"https:\/\/coeser.de\/blog\/index.php\/2019\/12\/24\/wo-das-christkindl-wirklich-wohnt\/#primaryimage"},"image":{"@id":"https:\/\/coeser.de\/blog\/index.php\/2019\/12\/24\/wo-das-christkindl-wirklich-wohnt\/#primaryimage"},"thumbnailUrl":"https:\/\/coeser.de\/blog\/wp-content\/uploads\/2019\/12\/christkindl-aufmacher-wachsfigur-christian-oeser.jpg","datePublished":"2019-12-24T06:00:35+00:00","dateModified":"2025-01-03T11:37:25+00:00","description":"Christkindl bei Steyr: Fotostory zum Wallfahrtsort mit Einblicken in die Wallfahrtskirche, die Krippenausstellung und das Sonderpostamt.","breadcrumb":{"@id":"https:\/\/coeser.de\/blog\/index.php\/2019\/12\/24\/wo-das-christkindl-wirklich-wohnt\/#breadcrumb"},"inLanguage":"de","potentialAction":[{"@type":"ReadAction","target":["https:\/\/coeser.de\/blog\/index.php\/2019\/12\/24\/wo-das-christkindl-wirklich-wohnt\/"]}]},{"@type":"ImageObject","inLanguage":"de","@id":"https:\/\/coeser.de\/blog\/index.php\/2019\/12\/24\/wo-das-christkindl-wirklich-wohnt\/#primaryimage","url":"https:\/\/coeser.de\/blog\/wp-content\/uploads\/2019\/12\/christkindl-aufmacher-wachsfigur-christian-oeser.jpg","contentUrl":"https:\/\/coeser.de\/blog\/wp-content\/uploads\/2019\/12\/christkindl-aufmacher-wachsfigur-christian-oeser.jpg","width":978,"height":550,"caption":"Christkindl-Wachsfigur in der Wallfahrtskirche Christkindl"},{"@type":"BreadcrumbList","@id":"https:\/\/coeser.de\/blog\/index.php\/2019\/12\/24\/wo-das-christkindl-wirklich-wohnt\/#breadcrumb","itemListElement":[{"@type":"ListItem","position":1,"name":"Startseite","item":"https:\/\/coeser.de\/blog\/"},{"@type":"ListItem","position":2,"name":"Wo das Christkindl wirklich wohnt"}]},{"@type":"WebSite","@id":"https:\/\/coeser.de\/blog\/#website","url":"https:\/\/coeser.de\/blog\/","name":"fern &amp; nah - Reiseblog und Fotostories von Christian \u00d6ser","description":"Reiseblog und Fotostories von Christian \u00d6ser","publisher":{"@id":"https:\/\/coeser.de\/blog\/#\/schema\/person\/fda1d253389076b2cadc3d47018cf315"},"potentialAction":[{"@type":"SearchAction","target":{"@type":"EntryPoint","urlTemplate":"https:\/\/coeser.de\/blog\/?s={search_term_string}"},"query-input":{"@type":"PropertyValueSpecification","valueRequired":true,"valueName":"search_term_string"}}],"inLanguage":"de"},{"@type":["Person","Organization"],"@id":"https:\/\/coeser.de\/blog\/#\/schema\/person\/fda1d253389076b2cadc3d47018cf315","name":"Christian \u00d6ser","image":{"@type":"ImageObject","inLanguage":"de","@id":"https:\/\/coeser.de\/blog\/wp-content\/uploads\/2016\/08\/logo-fern-und-nah-christian-oeser-4.jpg","url":"https:\/\/coeser.de\/blog\/wp-content\/uploads\/2016\/08\/logo-fern-und-nah-christian-oeser-4.jpg","contentUrl":"https:\/\/coeser.de\/blog\/wp-content\/uploads\/2016\/08\/logo-fern-und-nah-christian-oeser-4.jpg","width":1090,"height":245,"caption":"Christian \u00d6ser"},"logo":{"@id":"https:\/\/coeser.de\/blog\/wp-content\/uploads\/2016\/08\/logo-fern-und-nah-christian-oeser-4.jpg"},"sameAs":["http:\/\/www.coeser.de","Christian \u00d6ser","https:\/\/www.instagram.com\/coeser_de\/","https:\/\/www.pinterest.at\/nightline5\/"],"url":"https:\/\/coeser.de\/blog\/index.php\/author\/coeser\/"}]}},"jetpack_featured_media_url":"https:\/\/coeser.de\/blog\/wp-content\/uploads\/2019\/12\/christkindl-aufmacher-wachsfigur-christian-oeser.jpg","jetpack-related-posts":[{"id":21326,"url":"https:\/\/coeser.de\/blog\/index.php\/2023\/12\/05\/garstner-advent-weihnachtszeit-tradition\/","url_meta":{"origin":14186,"position":0},"title":"Garstner Advent: Weihnachtszeit mit Tradition","author":"Christian \u00d6ser","date":"5. Dezember 2023","format":false,"excerpt":"Brauchst du einmal Abwechslung von den Weihnachtsm\u00e4rkten in den \u00f6sterreichischen Gro\u00dfst\u00e4dten? Dann bietet sich ein Ausflug hinaus in die kleine, besinnliche Gemeinde Garsten in Ober\u00f6sterreich an. Schon seit 1977 verspr\u00fcht der Garstner Advent an zwei Wochenenden im Dezember feinsten Weihnachtszauber mit einem bezaubernden Markt vor dem ehemaligen Stift und einer\u2026","rel":"","context":"In &quot;\u00d6STERREICH&quot;","block_context":{"text":"\u00d6STERREICH","link":"https:\/\/coeser.de\/blog\/index.php\/category\/europa\/oesterreich\/"},"img":{"alt_text":"Weihnachtsmarkt vor dem Stift am Garstner Advent","src":"https:\/\/i0.wp.com\/coeser.de\/blog\/wp-content\/uploads\/2023\/12\/garstner-advent-aufmacher-standlmarkt-christian-oeser.jpg?resize=350%2C200&ssl=1","width":350,"height":200,"srcset":"https:\/\/i0.wp.com\/coeser.de\/blog\/wp-content\/uploads\/2023\/12\/garstner-advent-aufmacher-standlmarkt-christian-oeser.jpg?resize=350%2C200&ssl=1 1x, https:\/\/i0.wp.com\/coeser.de\/blog\/wp-content\/uploads\/2023\/12\/garstner-advent-aufmacher-standlmarkt-christian-oeser.jpg?resize=525%2C300&ssl=1 1.5x, https:\/\/i0.wp.com\/coeser.de\/blog\/wp-content\/uploads\/2023\/12\/garstner-advent-aufmacher-standlmarkt-christian-oeser.jpg?resize=700%2C400&ssl=1 2x"},"classes":[]},{"id":13892,"url":"https:\/\/coeser.de\/blog\/index.php\/2019\/12\/31\/europa-26-grandiose-reiseideen-fuer-2020\/","url_meta":{"origin":14186,"position":1},"title":"Europa: 26 grandiose Reiseideen f\u00fcr 2020","author":"Christian \u00d6ser","date":"31. Dezember 2019","format":false,"excerpt":"Alle Jahre wieder neigt sich das aktuelle Jahr zu Ende. Doch jedes Ende ist auch ein Anfang \u2013 und zwar f\u00fcr den Start der zuk\u00fcnftigen Reiseplanungen! Wie sieht es bei euch aus, habt ihr schon jede Menge Reiseziele im Kopf, die ihr unbedingt bald einmal mit eigenen Augen sehen wollt?\u2026","rel":"","context":"In &quot;EUROPA&quot;","block_context":{"text":"EUROPA","link":"https:\/\/coeser.de\/blog\/index.php\/category\/europa\/"},"img":{"alt_text":"","src":"https:\/\/i0.wp.com\/coeser.de\/blog\/wp-content\/uploads\/2019\/12\/reisetipps-reiseinspiration-fotospots-2020-aufmacher-christian-oeser.jpg?resize=350%2C200&ssl=1","width":350,"height":200,"srcset":"https:\/\/i0.wp.com\/coeser.de\/blog\/wp-content\/uploads\/2019\/12\/reisetipps-reiseinspiration-fotospots-2020-aufmacher-christian-oeser.jpg?resize=350%2C200&ssl=1 1x, https:\/\/i0.wp.com\/coeser.de\/blog\/wp-content\/uploads\/2019\/12\/reisetipps-reiseinspiration-fotospots-2020-aufmacher-christian-oeser.jpg?resize=525%2C300&ssl=1 1.5x, https:\/\/i0.wp.com\/coeser.de\/blog\/wp-content\/uploads\/2019\/12\/reisetipps-reiseinspiration-fotospots-2020-aufmacher-christian-oeser.jpg?resize=700%2C400&ssl=1 2x"},"classes":[]},{"id":6045,"url":"https:\/\/coeser.de\/blog\/index.php\/2017\/12\/12\/salzburg-ansturm-auf-die-weihnachtsmaerkte\/","url_meta":{"origin":14186,"position":2},"title":"Salzburg: Ansturm auf die Weihnachtsm\u00e4rkte","author":"Christian \u00d6ser","date":"12. Dezember 2017","format":false,"excerpt":"Salzburg ist eine wundersch\u00f6ne Stadt in \u00d6sterreich und ich bin wirklich gerne dort. Diesen Gedanken habe aber nicht nur ich, sondern j\u00e4hrlich Millionen anderer Menschen aus aller Welt. Zur Weihnachtszeit spitzt sich die Lage klarerweise nochmals zu. F\u00fcr diesen Artikel habe ich mich an einem Adventwochenende in das Get\u00fcmmel der\u2026","rel":"","context":"In &quot;\u00d6STERREICH&quot;","block_context":{"text":"\u00d6STERREICH","link":"https:\/\/coeser.de\/blog\/index.php\/category\/europa\/oesterreich\/"},"img":{"alt_text":"Weihnachtsmarkt vor dem Schloss Hellbrunn in Salzburg","src":"https:\/\/i0.wp.com\/coeser.de\/blog\/wp-content\/uploads\/2017\/12\/salzburg-weihnachtsmaerkte-aufmacher-christian-oeser.jpg?resize=350%2C200&ssl=1","width":350,"height":200,"srcset":"https:\/\/i0.wp.com\/coeser.de\/blog\/wp-content\/uploads\/2017\/12\/salzburg-weihnachtsmaerkte-aufmacher-christian-oeser.jpg?resize=350%2C200&ssl=1 1x, https:\/\/i0.wp.com\/coeser.de\/blog\/wp-content\/uploads\/2017\/12\/salzburg-weihnachtsmaerkte-aufmacher-christian-oeser.jpg?resize=525%2C300&ssl=1 1.5x, https:\/\/i0.wp.com\/coeser.de\/blog\/wp-content\/uploads\/2017\/12\/salzburg-weihnachtsmaerkte-aufmacher-christian-oeser.jpg?resize=700%2C400&ssl=1 2x"},"classes":[]},{"id":10675,"url":"https:\/\/coeser.de\/blog\/index.php\/2018\/12\/25\/ganz-wien-in-weihnachtsstimmung\/","url_meta":{"origin":14186,"position":3},"title":"Fotostory: Wien in Weihnachtsstimmung","author":"Christian \u00d6ser","date":"25. Dezember 2018","format":false,"excerpt":"Jedes Jahr zieht es Tausende Besucherinnen und Besucher in meine Heimatstadt Wien, um sich dort w\u00e4hrend der Adventzeit der romantischen Weihnachtsstimmung hinzugeben. Nicht nur, aber vor allem die historische Innenstadt entz\u00fcckt dabei mit einer kreativen und klassischen Weihnachtsbeleuchtung. Ich habe mich auf einen wunderbaren Abendspaziergang begeben, um euch die \u00f6sterreichische\u2026","rel":"","context":"In &quot;\u00d6STERREICH&quot;","block_context":{"text":"\u00d6STERREICH","link":"https:\/\/coeser.de\/blog\/index.php\/category\/europa\/oesterreich\/"},"img":{"alt_text":"Herzerlbaum auf dem Christkindlmarkt vor dem Wiener Rathaus","src":"https:\/\/i0.wp.com\/coeser.de\/blog\/wp-content\/uploads\/2018\/12\/wien-weihnachtsstimmung-aufmacher-rathaus-christian-oeser.jpg?resize=350%2C200&ssl=1","width":350,"height":200,"srcset":"https:\/\/i0.wp.com\/coeser.de\/blog\/wp-content\/uploads\/2018\/12\/wien-weihnachtsstimmung-aufmacher-rathaus-christian-oeser.jpg?resize=350%2C200&ssl=1 1x, https:\/\/i0.wp.com\/coeser.de\/blog\/wp-content\/uploads\/2018\/12\/wien-weihnachtsstimmung-aufmacher-rathaus-christian-oeser.jpg?resize=525%2C300&ssl=1 1.5x, https:\/\/i0.wp.com\/coeser.de\/blog\/wp-content\/uploads\/2018\/12\/wien-weihnachtsstimmung-aufmacher-rathaus-christian-oeser.jpg?resize=700%2C400&ssl=1 2x"},"classes":[]},{"id":1399,"url":"https:\/\/coeser.de\/blog\/index.php\/2016\/12\/06\/2-advent-meine-top-5-wiener-weihnachtsmaerkte\/","url_meta":{"origin":14186,"position":4},"title":"Wien: Die 5 sch\u00f6nsten Weihnachtsm\u00e4rkte","author":"Christian \u00d6ser","date":"6. Dezember 2016","format":false,"excerpt":"Zuhause ist es doch am sch\u00f6nsten - vor allem wenn man in einer wundersch\u00f6nen Stadt wie Wien lebt. Gerade in der Adventzeit wei\u00df ich mein Gl\u00fcck besonders zu sch\u00e4tzen, denn die Weihnachtsm\u00e4rkte der \u00f6sterreichischen Hauptstadt bieten eine Vielzahl an stimmungsvollen St\u00e4nden und unvergesslichen Momenten. In diesem Artikel stelle ich dir\u2026","rel":"","context":"In &quot;\u00d6STERREICH&quot;","block_context":{"text":"\u00d6STERREICH","link":"https:\/\/coeser.de\/blog\/index.php\/category\/europa\/oesterreich\/"},"img":{"alt_text":"Christkindlmarkt Wien","src":"https:\/\/i0.wp.com\/coeser.de\/blog\/wp-content\/uploads\/2016\/12\/weihnachtsmarkt-wien-aufmacher.jpg?resize=350%2C200&ssl=1","width":350,"height":200,"srcset":"https:\/\/i0.wp.com\/coeser.de\/blog\/wp-content\/uploads\/2016\/12\/weihnachtsmarkt-wien-aufmacher.jpg?resize=350%2C200&ssl=1 1x, https:\/\/i0.wp.com\/coeser.de\/blog\/wp-content\/uploads\/2016\/12\/weihnachtsmarkt-wien-aufmacher.jpg?resize=525%2C300&ssl=1 1.5x, https:\/\/i0.wp.com\/coeser.de\/blog\/wp-content\/uploads\/2016\/12\/weihnachtsmarkt-wien-aufmacher.jpg?resize=700%2C400&ssl=1 2x"},"classes":[]},{"id":16616,"url":"https:\/\/coeser.de\/blog\/index.php\/2020\/12\/22\/wien-weihnachtszeit-corona\/","url_meta":{"origin":14186,"position":5},"title":"Wien: Als das Coronavirus Weihnachten stahl","author":"Christian \u00d6ser","date":"22. Dezember 2020","format":false,"excerpt":"Weihnachten 2020, du gehst auf jeden Fall in die Geschichte ein. Bei einem Adventspaziergang durch meine Heimatstadt Wien durchquerte ich zwar prachtvoll leuchtende und dekorierte Stra\u00dfen, doch das konnte nicht \u00fcber die allgegenw\u00e4rtige Krisensituation hinwegt\u00e4uschen. Das Coronavirus lag wie ein dunkler Vorhang \u00fcber der Kaiserstadt: kein Christkindlmarkt, keine Weihnachtsst\u00e4nde, keine\u2026","rel":"","context":"In &quot;\u00d6STERREICH&quot;","block_context":{"text":"\u00d6STERREICH","link":"https:\/\/coeser.de\/blog\/index.php\/category\/europa\/oesterreich\/"},"img":{"alt_text":"Christbaum vor dem Schloss Sch\u00f6nbrunn in Wien","src":"https:\/\/i0.wp.com\/coeser.de\/blog\/wp-content\/uploads\/2020\/12\/wien-weihnachten-corona-aufmacher-schoenbrunn-christian-oeser.jpg?resize=350%2C200&ssl=1","width":350,"height":200,"srcset":"https:\/\/i0.wp.com\/coeser.de\/blog\/wp-content\/uploads\/2020\/12\/wien-weihnachten-corona-aufmacher-schoenbrunn-christian-oeser.jpg?resize=350%2C200&ssl=1 1x, https:\/\/i0.wp.com\/coeser.de\/blog\/wp-content\/uploads\/2020\/12\/wien-weihnachten-corona-aufmacher-schoenbrunn-christian-oeser.jpg?resize=525%2C300&ssl=1 1.5x, https:\/\/i0.wp.com\/coeser.de\/blog\/wp-content\/uploads\/2020\/12\/wien-weihnachten-corona-aufmacher-schoenbrunn-christian-oeser.jpg?resize=700%2C400&ssl=1 2x"},"classes":[]}],"jetpack_sharing_enabled":true,"_links":{"self":[{"href":"https:\/\/coeser.de\/blog\/index.php\/wp-json\/wp\/v2\/posts\/14186","targetHints":{"allow":["GET"]}}],"collection":[{"href":"https:\/\/coeser.de\/blog\/index.php\/wp-json\/wp\/v2\/posts"}],"about":[{"href":"https:\/\/coeser.de\/blog\/index.php\/wp-json\/wp\/v2\/types\/post"}],"author":[{"embeddable":true,"href":"https:\/\/coeser.de\/blog\/index.php\/wp-json\/wp\/v2\/users\/1"}],"replies":[{"embeddable":true,"href":"https:\/\/coeser.de\/blog\/index.php\/wp-json\/wp\/v2\/comments?post=14186"}],"version-history":[{"count":2,"href":"https:\/\/coeser.de\/blog\/index.php\/wp-json\/wp\/v2\/posts\/14186\/revisions"}],"predecessor-version":[{"id":23646,"href":"https:\/\/coeser.de\/blog\/index.php\/wp-json\/wp\/v2\/posts\/14186\/revisions\/23646"}],"wp:featuredmedia":[{"embeddable":true,"href":"https:\/\/coeser.de\/blog\/index.php\/wp-json\/wp\/v2\/media\/14192"}],"wp:attachment":[{"href":"https:\/\/coeser.de\/blog\/index.php\/wp-json\/wp\/v2\/media?parent=14186"}],"wp:term":[{"taxonomy":"category","embeddable":true,"href":"https:\/\/coeser.de\/blog\/index.php\/wp-json\/wp\/v2\/categories?post=14186"},{"taxonomy":"post_tag","embeddable":true,"href":"https:\/\/coeser.de\/blog\/index.php\/wp-json\/wp\/v2\/tags?post=14186"}],"curies":[{"name":"wp","href":"https:\/\/api.w.org\/{rel}","templated":true}]}}