{"id":15560,"date":"2020-06-02T07:00:31","date_gmt":"2020-06-02T05:00:31","guid":{"rendered":"https:\/\/coeser.de\/blog\/?p=15560"},"modified":"2025-03-04T18:26:31","modified_gmt":"2025-03-04T17:26:31","slug":"das-leere-wien-eine-stadt-steht-still","status":"publish","type":"post","link":"https:\/\/coeser.de\/blog\/index.php\/2020\/06\/02\/das-leere-wien-eine-stadt-steht-still\/","title":{"rendered":"Das leere Wien: Eine Stadt steht still"},"content":{"rendered":"<p><strong>Im M\u00e4rz 2020 boten sich in den Metropolen der Welt Bilder, die man sonst nur aus Zombiefilmen kennt. Leere Stra\u00dfen, verwaiste Gesch\u00e4fte, keine Menschenseele weit und breit. Das Coronavirus sorgte f\u00fcr einen noch nie da gewesenen Shutdown und strenge Ausgangsbeschr\u00e4nkungen. Auch Wien blieb davon nicht verschont und pr\u00e4sentierte sich als gespenstischer, unwirklicher Ort der Stille und Leere. In diesem Artikel zeige ich euch das leere Wien mit Fotos einer Zeit, die wohl niemand vergessen wird.<\/strong><br \/>\n<!--more--><\/p>\n<hr \/>\n<p><em><span style=\"color: #0000ff;\">Dieser Artikel wurde zuletzt am 4. M\u00e4rz 2025 aktualisiert.<\/span><\/em><\/p>\n\n<hr \/>\n<h2><img loading=\"lazy\" decoding=\"async\" class=\"alignnone size-full wp-image-15564\" src=\"https:\/\/coeser.de\/blog\/wp-content\/uploads\/2020\/05\/wien-coronavirus-aufmacher1-schloss-schoenbrunn-christian-oeser.jpg\" alt=\"Leerer Platz vor dem Schloss Sch\u00f6nbrunn in Wien w\u00e4hrend der Coronaviruskrise\" width=\"970\" height=\"281\" srcset=\"https:\/\/coeser.de\/blog\/wp-content\/uploads\/2020\/05\/wien-coronavirus-aufmacher1-schloss-schoenbrunn-christian-oeser.jpg 970w, https:\/\/coeser.de\/blog\/wp-content\/uploads\/2020\/05\/wien-coronavirus-aufmacher1-schloss-schoenbrunn-christian-oeser-768x222.jpg 768w\" sizes=\"auto, (max-width: 970px) 100vw, 970px\" \/><\/h2>\n<h2>Wien \u2013 ein Virus fegt die Stra\u00dfen leer<\/h2>\n<p>Dichtes Gedr\u00e4nge auf dem Stephansplatz und in der U-Bahn, lange Schlangen vor dem Schloss Sch\u00f6nbrunn, Buskolonnen auf dem Weg zu den Sehensw\u00fcrdigkeiten \u2013 vor dem Ausbruch des Coronavirus (alle Details dazu auf <a href=\"https:\/\/de.wikipedia.org\/wiki\/COVID-19-Pandemie\" target=\"_blank\" rel=\"noopener noreferrer\"><strong>wikipedia.org<\/strong><\/a>) beherrschte Wien das Thema Massentourismus. Zwar ist die \u00f6sterreichische Hauptstadt nicht so extrem \u00fcberlaufen wie etwa <a href=\"https:\/\/coeser.de\/blog\/index.php\/2019\/05\/07\/barcelona-sightseeing-ohne-massen\/\" target=\"_blank\" rel=\"noopener noreferrer\"><strong>Barcelona<\/strong><\/a>, <a href=\"https:\/\/coeser.de\/blog\/index.php\/2017\/02\/14\/der-karnevals-wahnsinn-von-venedig\/\" target=\"_blank\" rel=\"noopener noreferrer\"><strong>Venedig<\/strong><\/a> oder <strong><a href=\"https:\/\/coeser.de\/blog\/index.php\/2017\/04\/04\/paris-zu-gast-in-frankreichs-herz\/\" target=\"_blank\" rel=\"noopener noreferrer\">Paris<\/a><\/strong>. Dennoch war auch in meiner Heimatstadt deutlich zu sp\u00fcren, dass die Besuchermengen langsam zu viel werden.<\/p>\n<h3>Das leere Wien<\/h3>\n<p>W\u00e4hrend ich diesen Artikel Anfang Juni 2020 schrieb, war die Lage dagegen schon wochenlang komplett ins Gegenteil gekippt. In Wien suchte man Touristen vergebens und selbst die Einheimischen kehrten nur langsam wieder in den Alltag zur\u00fcck. F\u00fcr die vom Tourismus abh\u00e4ngigen Betriebe, aber auch viele andere Gesch\u00e4fte stellte diese Situation nat\u00fcrlich eine wirtschaftliche Katastrophe dar. Ich habe lange \u00fcberlegt, ob ich auf meinem Reiseblog \u00fcberhaupt dar\u00fcber schreiben soll. Ich bin aber \u00fcberzeugt, dass das leere Wien als zeitgeschichtlich bisher beispielloses Ereignis festgehalten werden muss.<\/p>\n<h3>Wien mit anderen Augen<\/h3>\n<p>Um dem ganzen Schlamassel aber auch etwas Positives abzugewinnen: das leere Wien zu sehen, war f\u00fcr mich ehrlich gesagt schon auch sehr attraktiv und speziell. Bei meinen t\u00e4glichen Spazierg\u00e4ngen nahm ich die Stadt mit ganz anderen Augen wahr und sah Dinge, die mir zuvor noch nie aufgefallen waren. Ohne den Stra\u00dfenl\u00e4rm und Menschen wirkte die Metropole direkt wie ein beschaulicher Ort. Mit den folgenden Fotos zeige ich euch nun eine Seite von Wien, die man hoffentlich nicht so schnell wieder sehen wird.<\/p>\n<hr \/>\n<div class=\"fakten\">\n<h3>HOTELTIPPS F\u00dcR WIEN<\/h3>\n<p><strong><a href=\"https:\/\/www.booking.com\/hotel\/at\/25hours-wien.de.html?aid=1634405\" target=\"_blank\" rel=\"noopener noreferrer\">25hours Hotel Wien beim Museumsquartier<\/a>*<\/strong> (Lerchenfelder Stra\u00dfe 1\/3): Meine Lieblingshotelkette mit kreativem Vintage-Touch. Ideale Lage an der Station Volkstheater (U-Bahn U2, U3, Stra\u00dfenbahnen, Bus), 5 Minuten Fu\u00dfweg in die Innenstadt. Detailverliebt und bunt gestaltete Zimmer zum Thema Zirkus, ger\u00e4umig, teils mit Badewanne direkt im Zimmer, sehr bequeme Betten, sch\u00f6ner Ausblick, Soundbox, Klimaanlage (abschaltbar), kostenlose Minibar, schnelles WLAN. Bar und Terrasse auf dem Dachboden mit tollem Panorama auf historische Geb\u00e4ude. Gro\u00dfer Wellnessbereich mit Sauna, Dampfbad, Fitness und einigen Liegen. Ausgezeichnetes Fr\u00fchst\u00fccksbuffet, hauseigenes italienisches Restaurant Ribelli mit gro\u00dfartigen, authentische Pizzen.<\/p>\n<div id='gallery-1' class='gallery galleryid-15560 gallery-columns-7 gallery-size-thumbnail'><figure class='gallery-item'>\n\t\t\t<div class='gallery-icon landscape'>\n\t\t\t\t<a href='https:\/\/coeser.de\/blog\/wp-content\/uploads\/2020\/07\/wien-25hours-hotel-museumsquartier-gal01-christian-oeser.jpg' title=\"Au\u00dfenansicht des 25hours Hotel Wien beim MuseumsQuartier\" data-rl_title=\"Au\u00dfenansicht des 25hours Hotel Wien beim MuseumsQuartier\" class=\"rl-gallery-link\" data-rl_caption=\"Aufnahmeort anzeigen\" data-rel=\"lightbox-gallery-1\"><img loading=\"lazy\" decoding=\"async\" width=\"150\" height=\"150\" src=\"https:\/\/coeser.de\/blog\/wp-content\/uploads\/2020\/07\/wien-25hours-hotel-museumsquartier-gal01-christian-oeser-150x150.jpg\" class=\"attachment-thumbnail size-thumbnail\" alt=\"Au\u00dfenansicht des 25hours Hotel Wien beim MuseumsQuartier\" aria-describedby=\"gallery-1-15799\" \/><\/a>\n\t\t\t<\/div>\n\t\t\t\t<figcaption class='wp-caption-text gallery-caption' id='gallery-1-15799'>\n\t\t\t\tAu\u00dfenansicht des 25hours Hotel Wien beim MuseumsQuartier\n\t\t\t\t<\/figcaption><\/figure><figure class='gallery-item'>\n\t\t\t<div class='gallery-icon landscape'>\n\t\t\t\t<a href='https:\/\/coeser.de\/blog\/wp-content\/uploads\/2020\/07\/wien-25hours-hotel-museumsquartier-gal02-christian-oeser.jpg' title=\"Zimmer der Kategorie Large im 25hours Hotel Wien beim MuseumsQuartier\" data-rl_title=\"Zimmer der Kategorie Large im 25hours Hotel Wien beim MuseumsQuartier\" class=\"rl-gallery-link\" data-rl_caption=\"Aufnahmeort anzeigen\" data-rel=\"lightbox-gallery-1\"><img loading=\"lazy\" decoding=\"async\" width=\"150\" height=\"150\" src=\"https:\/\/coeser.de\/blog\/wp-content\/uploads\/2020\/07\/wien-25hours-hotel-museumsquartier-gal02-christian-oeser-150x150.jpg\" class=\"attachment-thumbnail size-thumbnail\" alt=\"Zimmer der Kategorie Large im 25hours Hotel Wien beim MuseumsQuartier\" aria-describedby=\"gallery-1-15800\" \/><\/a>\n\t\t\t<\/div>\n\t\t\t\t<figcaption class='wp-caption-text gallery-caption' id='gallery-1-15800'>\n\t\t\t\tZimmer der Kategorie Large im 25hours Hotel Wien beim MuseumsQuartier\n\t\t\t\t<\/figcaption><\/figure><figure class='gallery-item'>\n\t\t\t<div class='gallery-icon landscape'>\n\t\t\t\t<a href='https:\/\/coeser.de\/blog\/wp-content\/uploads\/2020\/07\/wien-25hours-hotel-museumsquartier-gal03-christian-oeser.jpg' title=\"Badewanne in der Zimmerkategorie Large im 25hours Hotel Wien beim MuseumsQuartier\" data-rl_title=\"Badewanne in der Zimmerkategorie Large im 25hours Hotel Wien beim MuseumsQuartier\" class=\"rl-gallery-link\" data-rl_caption=\"Aufnahmeort anzeigen\" data-rel=\"lightbox-gallery-1\"><img loading=\"lazy\" decoding=\"async\" width=\"150\" height=\"150\" src=\"https:\/\/coeser.de\/blog\/wp-content\/uploads\/2020\/07\/wien-25hours-hotel-museumsquartier-gal03-christian-oeser-150x150.jpg\" class=\"attachment-thumbnail size-thumbnail\" alt=\"Badewanne in der Zimmerkategorie Large im 25hours Hotel Wien beim MuseumsQuartier\" aria-describedby=\"gallery-1-15801\" \/><\/a>\n\t\t\t<\/div>\n\t\t\t\t<figcaption class='wp-caption-text gallery-caption' id='gallery-1-15801'>\n\t\t\t\tBadewanne in der Zimmerkategorie Large im 25hours Hotel Wien beim MuseumsQuartier\n\t\t\t\t<\/figcaption><\/figure><figure class='gallery-item'>\n\t\t\t<div class='gallery-icon landscape'>\n\t\t\t\t<a href='https:\/\/coeser.de\/blog\/wp-content\/uploads\/2020\/07\/wien-25hours-hotel-museumsquartier-gal04-christian-oeser.jpg' title=\"Wellnessbereich im 25hours Hotel Wien beim MuseumsQuartier\" data-rl_title=\"Wellnessbereich im 25hours Hotel Wien beim MuseumsQuartier\" class=\"rl-gallery-link\" data-rl_caption=\"Aufnahmeort anzeigen\" data-rel=\"lightbox-gallery-1\"><img loading=\"lazy\" decoding=\"async\" width=\"150\" height=\"150\" src=\"https:\/\/coeser.de\/blog\/wp-content\/uploads\/2020\/07\/wien-25hours-hotel-museumsquartier-gal04-christian-oeser-150x150.jpg\" class=\"attachment-thumbnail size-thumbnail\" alt=\"Wellnessbereich im 25hours Hotel Wien beim MuseumsQuartier\" aria-describedby=\"gallery-1-15802\" \/><\/a>\n\t\t\t<\/div>\n\t\t\t\t<figcaption class='wp-caption-text gallery-caption' id='gallery-1-15802'>\n\t\t\t\tWellnessbereich im 25hours Hotel Wien beim MuseumsQuartier\n\t\t\t\t<\/figcaption><\/figure><figure class='gallery-item'>\n\t\t\t<div class='gallery-icon landscape'>\n\t\t\t\t<a href='https:\/\/coeser.de\/blog\/wp-content\/uploads\/2020\/07\/wien-25hours-hotel-museumsquartier-gal05-christian-oeser.jpg' title=\"Aussichtsterrasse und Bar am Dachboden im 25hours Hotel Wien beim MuseumsQuartier\" data-rl_title=\"Aussichtsterrasse und Bar am Dachboden im 25hours Hotel Wien beim MuseumsQuartier\" class=\"rl-gallery-link\" data-rl_caption=\"Aufnahmeort anzeigen\" data-rel=\"lightbox-gallery-1\"><img loading=\"lazy\" decoding=\"async\" width=\"150\" height=\"150\" src=\"https:\/\/coeser.de\/blog\/wp-content\/uploads\/2020\/07\/wien-25hours-hotel-museumsquartier-gal05-christian-oeser-150x150.jpg\" class=\"attachment-thumbnail size-thumbnail\" alt=\"Aussichtsterrasse und Bar am Dachboden im 25hours Hotel Wien beim MuseumsQuartier\" aria-describedby=\"gallery-1-15803\" \/><\/a>\n\t\t\t<\/div>\n\t\t\t\t<figcaption class='wp-caption-text gallery-caption' id='gallery-1-15803'>\n\t\t\t\tAussichtsterrasse und Bar am Dachboden im 25hours Hotel Wien beim MuseumsQuartier\n\t\t\t\t<\/figcaption><\/figure><figure class='gallery-item'>\n\t\t\t<div class='gallery-icon landscape'>\n\t\t\t\t<a href='https:\/\/coeser.de\/blog\/wp-content\/uploads\/2020\/07\/wien-25hours-hotel-museumsquartier-gal06-christian-oeser.jpg' title=\"Italienisches Restaurant Ribelli im 25hours Hotel Wien beim MuseumsQuartier\" data-rl_title=\"Italienisches Restaurant Ribelli im 25hours Hotel Wien beim MuseumsQuartier\" class=\"rl-gallery-link\" data-rl_caption=\"Aufnahmeort anzeigen\" data-rel=\"lightbox-gallery-1\"><img loading=\"lazy\" decoding=\"async\" width=\"150\" height=\"150\" src=\"https:\/\/coeser.de\/blog\/wp-content\/uploads\/2020\/07\/wien-25hours-hotel-museumsquartier-gal06-christian-oeser-150x150.jpg\" class=\"attachment-thumbnail size-thumbnail\" alt=\"Italienisches Restaurant Ribelli im 25hours Hotel Wien beim MuseumsQuartier\" aria-describedby=\"gallery-1-15804\" \/><\/a>\n\t\t\t<\/div>\n\t\t\t\t<figcaption class='wp-caption-text gallery-caption' id='gallery-1-15804'>\n\t\t\t\tItalienisches Restaurant Ribelli im 25hours Hotel Wien beim MuseumsQuartier\n\t\t\t\t<\/figcaption><\/figure><figure class='gallery-item'>\n\t\t\t<div class='gallery-icon landscape'>\n\t\t\t\t<a href='https:\/\/coeser.de\/blog\/wp-content\/uploads\/2020\/07\/wien-25hours-hotel-museumsquartier-gal07-christian-oeser.jpg' title=\"Pizza im italienischen Restaurant Ribelli im 25hours Hotel Wien beim MuseumsQuartier\" data-rl_title=\"Pizza im italienischen Restaurant Ribelli im 25hours Hotel Wien beim MuseumsQuartier\" class=\"rl-gallery-link\" data-rl_caption=\"Aufnahmeort anzeigen\" data-rel=\"lightbox-gallery-1\"><img loading=\"lazy\" decoding=\"async\" width=\"150\" height=\"150\" src=\"https:\/\/coeser.de\/blog\/wp-content\/uploads\/2020\/07\/wien-25hours-hotel-museumsquartier-gal07-christian-oeser-150x150.jpg\" class=\"attachment-thumbnail size-thumbnail\" alt=\"Pizza im italienischen Restaurant Ribelli im 25hours Hotel Wien beim MuseumsQuartier\" aria-describedby=\"gallery-1-15805\" \/><\/a>\n\t\t\t<\/div>\n\t\t\t\t<figcaption class='wp-caption-text gallery-caption' id='gallery-1-15805'>\n\t\t\t\tPizza im italienischen Restaurant Ribelli im 25hours Hotel Wien beim MuseumsQuartier\n\t\t\t\t<\/figcaption><\/figure>\n\t\t<\/div>\n\n<hr \/>\n<p><a href=\"https:\/\/www.booking.com\/hotel\/at\/vienna-stephansdom.de.html?aid=1634405\" target=\"_blank\" rel=\"noopener\"><strong>Hotel SO\/ Vienna<\/strong><\/a>* (<em>Praterstra\u00dfe 1<\/em>): Stilvolles und au\u00dfergew\u00f6hnliches Hotel von Stararchitekt Jean Nouvel. Sehr gute Lage gegen\u00fcber der Station Schwedenplatz (U1, U4 und zwei Stra\u00dfenbahnen), 10 Minuten Fu\u00dfweg ins Zentrum, viele tolle Lokale in unmittelbarer N\u00e4he. Sehr ger\u00e4umige Zimmer mit Blick auf Stephansdom oder Riesenrad. Einrichtung entweder komplett wei\u00df, grau oder schwarz. Sehr bequeme Betten, Regendusche und Badewanne, Pflegeprodukte von Saint Charles, Kaffeemaschine und Teekocher mit Tabs\/Teubeuteln, kostenlose Minibar mit Wasser, S\u00e4ften und Snacks gef\u00fcllt, Soundbox, Klimaanlage (abschaltbar), schnelles WLAN. Zwei Fitnessr\u00e4ume, gro\u00dfer Wellnessbereich mit Sauna, Hamam und Whirlpools. Sehr gutes Fr\u00fchst\u00fccksbuffet im Restaurant und Bar LOFT im 18. Stock mit Panoramablick.<\/p>\n<div id='gallery-2' class='gallery galleryid-15560 gallery-columns-7 gallery-size-thumbnail'><figure class='gallery-item'>\n\t\t\t<div class='gallery-icon landscape'>\n\t\t\t\t<a href='https:\/\/coeser.de\/blog\/wp-content\/uploads\/2023\/07\/wien-hotel-sofitel-so-vienna-01-christian-oeser.jpg' title=\"Au\u00dfenansicht des Hotel SO\/ Vienna in Wien\" data-rl_title=\"Au\u00dfenansicht des Hotel SO\/ Vienna in Wien\" class=\"rl-gallery-link\" data-rl_caption=\"Aufnahmeort anzeigen\" data-rel=\"lightbox-gallery-2\"><img loading=\"lazy\" decoding=\"async\" width=\"150\" height=\"150\" src=\"https:\/\/coeser.de\/blog\/wp-content\/uploads\/2023\/07\/wien-hotel-sofitel-so-vienna-01-christian-oeser-150x150.jpg\" class=\"attachment-thumbnail size-thumbnail\" alt=\"Au\u00dfenansicht des Hotel SO\/ Vienna in Wien\" aria-describedby=\"gallery-2-23844\" \/><\/a>\n\t\t\t<\/div>\n\t\t\t\t<figcaption class='wp-caption-text gallery-caption' id='gallery-2-23844'>\n\t\t\t\tAu\u00dfenansicht des Hotel SO\/ Vienna in Wien\n\t\t\t\t<\/figcaption><\/figure><figure class='gallery-item'>\n\t\t\t<div class='gallery-icon landscape'>\n\t\t\t\t<a href='https:\/\/coeser.de\/blog\/wp-content\/uploads\/2023\/07\/wien-hotel-sofitel-so-vienna-02-christian-oeser.jpg' title=\"Zimmer SO Comfy mit Kingsize-Bett und Stephansdomblick im Hotel SO\/ Vienna in Wien\" data-rl_title=\"Zimmer SO Comfy mit Kingsize-Bett und Stephansdomblick im Hotel SO\/ Vienna in Wien\" class=\"rl-gallery-link\" data-rl_caption=\"Aufnahmeort anzeigen\" data-rel=\"lightbox-gallery-2\"><img loading=\"lazy\" decoding=\"async\" width=\"150\" height=\"150\" src=\"https:\/\/coeser.de\/blog\/wp-content\/uploads\/2023\/07\/wien-hotel-sofitel-so-vienna-02-christian-oeser-150x150.jpg\" class=\"attachment-thumbnail size-thumbnail\" alt=\"Zimmer SO Comfy mit Kingsize-Bett und Stephansdomblick im Hotel SO\/ Vienna in Wien\" aria-describedby=\"gallery-2-23845\" \/><\/a>\n\t\t\t<\/div>\n\t\t\t\t<figcaption class='wp-caption-text gallery-caption' id='gallery-2-23845'>\n\t\t\t\tZimmer SO Comfy mit Kingsize-Bett und Stephansdomblick im Hotel SO\/ Vienna in Wien\n\t\t\t\t<\/figcaption><\/figure><figure class='gallery-item'>\n\t\t\t<div class='gallery-icon landscape'>\n\t\t\t\t<a href='https:\/\/coeser.de\/blog\/wp-content\/uploads\/2023\/07\/wien-hotel-sofitel-so-vienna-03-christian-oeser.jpg' title=\"Bad im Zimmer SO Comfy mit Kingsize-Bett und Stephansdomblick im Hotel SO\/ Vienna in Wien\" data-rl_title=\"Bad im Zimmer SO Comfy mit Kingsize-Bett und Stephansdomblick im Hotel SO\/ Vienna in Wien\" class=\"rl-gallery-link\" data-rl_caption=\"Aufnahmeort anzeigen\" data-rel=\"lightbox-gallery-2\"><img loading=\"lazy\" decoding=\"async\" width=\"150\" height=\"150\" src=\"https:\/\/coeser.de\/blog\/wp-content\/uploads\/2023\/07\/wien-hotel-sofitel-so-vienna-03-christian-oeser-150x150.jpg\" class=\"attachment-thumbnail size-thumbnail\" alt=\"Bad im Zimmer SO Comfy mit Kingsize-Bett und Stephansdomblick im Hotel SO\/ Vienna in Wien\" aria-describedby=\"gallery-2-23846\" \/><\/a>\n\t\t\t<\/div>\n\t\t\t\t<figcaption class='wp-caption-text gallery-caption' id='gallery-2-23846'>\n\t\t\t\tBad im Zimmer SO Comfy mit Kingsize-Bett und Stephansdomblick im Hotel SO\/ Vienna in Wien\n\t\t\t\t<\/figcaption><\/figure><figure class='gallery-item'>\n\t\t\t<div class='gallery-icon landscape'>\n\t\t\t\t<a href='https:\/\/coeser.de\/blog\/wp-content\/uploads\/2023\/07\/wien-hotel-sofitel-so-vienna-04-christian-oeser.jpg' title=\"Blick auf die Wiener Innenstadt und den Stephansdom vom Zimmer SO Comfy im Hotel SO\/ Vienna in Wien\" data-rl_title=\"Blick auf die Wiener Innenstadt und den Stephansdom vom Zimmer SO Comfy im Hotel SO\/ Vienna in Wien\" class=\"rl-gallery-link\" data-rl_caption=\"Aufnahmeort anzeigen\" data-rel=\"lightbox-gallery-2\"><img loading=\"lazy\" decoding=\"async\" width=\"150\" height=\"150\" src=\"https:\/\/coeser.de\/blog\/wp-content\/uploads\/2023\/07\/wien-hotel-sofitel-so-vienna-04-christian-oeser-150x150.jpg\" class=\"attachment-thumbnail size-thumbnail\" alt=\"Blick auf die Wiener Innenstadt und den Stephansdom vom Zimmer SO Comfy im Hotel SO\/ Vienna in Wien\" aria-describedby=\"gallery-2-23847\" \/><\/a>\n\t\t\t<\/div>\n\t\t\t\t<figcaption class='wp-caption-text gallery-caption' id='gallery-2-23847'>\n\t\t\t\tBlick auf die Wiener Innenstadt und den Stephansdom vom Zimmer SO Comfy im Hotel SO\/ Vienna in Wien\n\t\t\t\t<\/figcaption><\/figure><figure class='gallery-item'>\n\t\t\t<div class='gallery-icon landscape'>\n\t\t\t\t<a href='https:\/\/coeser.de\/blog\/wp-content\/uploads\/2023\/07\/wien-hotel-sofitel-so-vienna-05-christian-oeser.jpg' title=\"Restaurant und Bar LOFT im Hotel SO\/ Vienna in Wien\" data-rl_title=\"Restaurant und Bar LOFT im Hotel SO\/ Vienna in Wien\" class=\"rl-gallery-link\" data-rl_caption=\"Aufnahmeort anzeigen\" data-rel=\"lightbox-gallery-2\"><img loading=\"lazy\" decoding=\"async\" width=\"150\" height=\"150\" src=\"https:\/\/coeser.de\/blog\/wp-content\/uploads\/2023\/07\/wien-hotel-sofitel-so-vienna-05-christian-oeser-150x150.jpg\" class=\"attachment-thumbnail size-thumbnail\" alt=\"Restaurant und Bar LOFT im Hotel SO\/ Vienna in Wien\" aria-describedby=\"gallery-2-23848\" \/><\/a>\n\t\t\t<\/div>\n\t\t\t\t<figcaption class='wp-caption-text gallery-caption' id='gallery-2-23848'>\n\t\t\t\tRestaurant und Bar LOFT im Hotel SO\/ Vienna in Wien\n\t\t\t\t<\/figcaption><\/figure><figure class='gallery-item'>\n\t\t\t<div class='gallery-icon landscape'>\n\t\t\t\t<a href='https:\/\/coeser.de\/blog\/wp-content\/uploads\/2023\/07\/wien-hotel-sofitel-so-vienna-06-christian-oeser.jpg' title=\"Doppelzimmer SO Urban im Hotel SO\/ Vienna in Wien\" data-rl_title=\"Doppelzimmer SO Urban im Hotel SO\/ Vienna in Wien\" class=\"rl-gallery-link\" data-rl_caption=\"Aufnahmeort anzeigen\" data-rel=\"lightbox-gallery-2\"><img loading=\"lazy\" decoding=\"async\" width=\"150\" height=\"150\" src=\"https:\/\/coeser.de\/blog\/wp-content\/uploads\/2023\/07\/wien-hotel-sofitel-so-vienna-06-christian-oeser-150x150.jpg\" class=\"attachment-thumbnail size-thumbnail\" alt=\"Doppelzimmer SO Urban im Hotel SO\/ Vienna in Wien\" aria-describedby=\"gallery-2-23849\" \/><\/a>\n\t\t\t<\/div>\n\t\t\t\t<figcaption class='wp-caption-text gallery-caption' id='gallery-2-23849'>\n\t\t\t\tDoppelzimmer SO Urban im Hotel SO\/ Vienna in Wien\n\t\t\t\t<\/figcaption><\/figure><figure class='gallery-item'>\n\t\t\t<div class='gallery-icon landscape'>\n\t\t\t\t<a href='https:\/\/coeser.de\/blog\/wp-content\/uploads\/2023\/07\/wien-hotel-sofitel-so-vienna-07-christian-oeser.jpg' title=\"Sauna im Wellnessebereich des Hotel SO\/ Vienna in Wien\" data-rl_title=\"Sauna im Wellnessebereich des Hotel SO\/ Vienna in Wien\" class=\"rl-gallery-link\" data-rl_caption=\"Aufnahmeort anzeigen\" data-rel=\"lightbox-gallery-2\"><img loading=\"lazy\" decoding=\"async\" width=\"150\" height=\"150\" src=\"https:\/\/coeser.de\/blog\/wp-content\/uploads\/2023\/07\/wien-hotel-sofitel-so-vienna-07-christian-oeser-150x150.jpg\" class=\"attachment-thumbnail size-thumbnail\" alt=\"Sauna im Wellnessebereich des Hotel SO\/ Vienna in Wien\" aria-describedby=\"gallery-2-23850\" \/><\/a>\n\t\t\t<\/div>\n\t\t\t\t<figcaption class='wp-caption-text gallery-caption' id='gallery-2-23850'>\n\t\t\t\tSauna im Wellnessebereich des Hotel SO\/ Vienna in Wien\n\t\t\t\t<\/figcaption><\/figure>\n\t\t<\/div>\n\n<hr \/>\n<p><strong>Auf meiner bevorzugten Hotelsuchmaschine booking.com findest du weitere <a href=\"https:\/\/www.booking.com\/searchresults.de.html?city=-1995499&amp;aid=1634405&amp;no_rooms=1&amp;group_adults=1\" target=\"_blank\" rel=\"noopener noreferrer\">sch\u00f6ne Unterk\u00fcnfte in Wien<\/a>*.<\/strong><\/p>\n<p><em>Transparenzhinweis: Ich wurde vom 25hours Hotel und vom Hotel SO\/ Vienna eine Nacht eingeladen, um pers\u00f6nliche Eindr\u00fccke sammeln zu k\u00f6nnen. Meine Meinung ist davon selbstverst\u00e4ndlich nicht beeinflusst.<\/em><\/p>\n<\/div>\n<hr \/>\n<h2>Fotos vom Rundgang durch das leere Wien<\/h2>\n<figure class=\"bigpicture\" style=\"width: 970px;\"><img loading=\"lazy\" decoding=\"async\" class=\"wp-image-15565 size-full\" src=\"https:\/\/coeser.de\/blog\/wp-content\/uploads\/2020\/05\/wien-coronavirus-gal01-rathausplatz-christian-oeser.jpg\" alt=\"Das leere Wien in der Coronaviruskrise: Rathausplatz\" width=\"960\" height=\"640\" srcset=\"https:\/\/coeser.de\/blog\/wp-content\/uploads\/2020\/05\/wien-coronavirus-gal01-rathausplatz-christian-oeser.jpg 960w, https:\/\/coeser.de\/blog\/wp-content\/uploads\/2020\/05\/wien-coronavirus-gal01-rathausplatz-christian-oeser-768x512.jpg 768w, https:\/\/coeser.de\/blog\/wp-content\/uploads\/2020\/05\/wien-coronavirus-gal01-rathausplatz-christian-oeser-330x220.jpg 330w\" sizes=\"auto, (max-width: 960px) 100vw, 960px\" \/><figcaption class=\"bigpicture-text\">\n<h3>Das leere Wien: Der Rathausplatz<\/h3>\n<p>Den Rathausplatz komplett leer zu erleben, war bisher nur an rund 14 Tagen im Jahr m\u00f6glich. Normalerweise tummeln sich hier immer Hunderte Menschen w\u00e4hrend diverser Veranstaltungen. Die Coronaviruskrise versetzte den Platz jedenfalls f\u00fcr Monate in eine Ruhephase.<br \/>\n<a href=\"https:\/\/www.google.de\/maps\/place\/48.210464,16.360332\" target=\"_blank\" rel=\"noopener noreferrer\"><strong>Aufnahmeort anzeigen<\/strong><\/a><\/p>\n<\/figcaption><\/figure>\n<figure class=\"bigpicture\" style=\"width: 970px;\"><img loading=\"lazy\" decoding=\"async\" class=\"wp-image-15566 size-full\" src=\"https:\/\/coeser.de\/blog\/wp-content\/uploads\/2020\/05\/wien-coronavirus-gal02-schoenbrunn-christian-oeser.jpg\" alt=\"Das leere Wien in der Coronaviruskrise: Schloss Sch\u00f6nbrunn\" width=\"960\" height=\"640\" srcset=\"https:\/\/coeser.de\/blog\/wp-content\/uploads\/2020\/05\/wien-coronavirus-gal02-schoenbrunn-christian-oeser.jpg 960w, https:\/\/coeser.de\/blog\/wp-content\/uploads\/2020\/05\/wien-coronavirus-gal02-schoenbrunn-christian-oeser-768x512.jpg 768w, https:\/\/coeser.de\/blog\/wp-content\/uploads\/2020\/05\/wien-coronavirus-gal02-schoenbrunn-christian-oeser-330x220.jpg 330w\" sizes=\"auto, (max-width: 960px) 100vw, 960px\" \/><figcaption class=\"bigpicture-text\">\n<h3>Das leere Wien: Das Schloss Sch\u00f6nbrunn I<\/h3>\n<p>Dornr\u00f6\u00dfchenschlaf am Eingang zum Schloss Sch\u00f6nbrunn<br \/>\n<a href=\"https:\/\/www.google.de\/maps\/place\/48.186692,16.313226\" target=\"_blank\" rel=\"noopener noreferrer\"><strong>Aufnahmeort anzeigen<\/strong><\/a><\/p>\n<\/figcaption><\/figure>\n<figure class=\"bigpicture\" style=\"width: 970px;\"><img loading=\"lazy\" decoding=\"async\" class=\"wp-image-15567 size-full\" src=\"https:\/\/coeser.de\/blog\/wp-content\/uploads\/2020\/05\/wien-coronavirus-gal03-schoenbrunn-christian-oeser.jpg\" alt=\"Das leere Wien in der Coronaviruskrise: Schloss Sch\u00f6nbrunn\" width=\"960\" height=\"289\" srcset=\"https:\/\/coeser.de\/blog\/wp-content\/uploads\/2020\/05\/wien-coronavirus-gal03-schoenbrunn-christian-oeser.jpg 960w, https:\/\/coeser.de\/blog\/wp-content\/uploads\/2020\/05\/wien-coronavirus-gal03-schoenbrunn-christian-oeser-768x231.jpg 768w\" sizes=\"auto, (max-width: 960px) 100vw, 960px\" \/><figcaption class=\"bigpicture-text\">\n<h3>Das leere Wien: Das Schloss Sch\u00f6nbrunn II<\/h3>\n<p>Das gro\u00dfe Areal vor dem Schloss Sch\u00f6nbrunn erlebte ich nicht einmal an Sonntagen so leer wie auf diesem Panoramafoto. Nur vereinzelt &#8222;st\u00f6rten&#8220; L\u00e4uferinnen und L\u00e4ufer das Bild.<br \/>\n<a href=\"https:\/\/www.google.de\/maps\/place\/48.185485,16.312610\" target=\"_blank\" rel=\"noopener noreferrer\"><strong>Aufnahmeort anzeigen<\/strong><\/a><\/p>\n<\/figcaption><\/figure>\n<figure class=\"bigpicture\" style=\"width: 970px;\"><img loading=\"lazy\" decoding=\"async\" class=\"wp-image-15568 size-full\" src=\"https:\/\/coeser.de\/blog\/wp-content\/uploads\/2020\/05\/wien-coronavirus-gal04-schoenbrunn-christian-oeser.jpg\" alt=\"Das leere Wien in der Coronaviruskrise: Schlosspark Sch\u00f6nbrunn und Gloriette\" width=\"960\" height=\"640\" srcset=\"https:\/\/coeser.de\/blog\/wp-content\/uploads\/2020\/05\/wien-coronavirus-gal04-schoenbrunn-christian-oeser.jpg 960w, https:\/\/coeser.de\/blog\/wp-content\/uploads\/2020\/05\/wien-coronavirus-gal04-schoenbrunn-christian-oeser-768x512.jpg 768w, https:\/\/coeser.de\/blog\/wp-content\/uploads\/2020\/05\/wien-coronavirus-gal04-schoenbrunn-christian-oeser-330x220.jpg 330w\" sizes=\"auto, (max-width: 960px) 100vw, 960px\" \/><figcaption class=\"bigpicture-text\">\n<h3>Das leere Wien: Schlosspark Sch\u00f6nbrunn und Gloriette<\/h3>\n<p>Auch der Schlosspark Sch\u00f6nbrunn mit der Gloriette bot ein verwaistes Bild<br \/>\n<a href=\"https:\/\/www.google.de\/maps\/place\/48.184704,16.312204\" target=\"_blank\" rel=\"noopener noreferrer\"><strong>Aufnahmeort anzeigen<\/strong><\/a><\/p>\n<\/figcaption><\/figure>\n<figure class=\"bigpicture\" style=\"width: 970px;\"><img loading=\"lazy\" decoding=\"async\" class=\"wp-image-15569 size-full\" src=\"https:\/\/coeser.de\/blog\/wp-content\/uploads\/2020\/05\/wien-coronavirus-gal05-stephansplatz-christian-oeser.jpg\" alt=\"Das leere Wien in der Coronaviruskrise: Stephansplatz und Stephansdom\" width=\"960\" height=\"390\" srcset=\"https:\/\/coeser.de\/blog\/wp-content\/uploads\/2020\/05\/wien-coronavirus-gal05-stephansplatz-christian-oeser.jpg 960w, https:\/\/coeser.de\/blog\/wp-content\/uploads\/2020\/05\/wien-coronavirus-gal05-stephansplatz-christian-oeser-768x312.jpg 768w\" sizes=\"auto, (max-width: 960px) 100vw, 960px\" \/><figcaption class=\"bigpicture-text\">\n<h3>Das leere Wien: Stephansplatz und Stephansdom<\/h3>\n<p>Wenn ihr schon einmal in Wien zu Gast wart, dann wird euch dieser Anblick sicher ungewohnt vorkommen. Der Stephansplatz z\u00e4hlt normalerweise zu den meistfrequentierten Pl\u00e4tzen in Wien.<br \/>\n<a href=\"https:\/\/www.google.de\/maps\/place\/48.208445,16.372026\" target=\"_blank\" rel=\"noopener noreferrer\"><strong>Aufnahmeort anzeigen<\/strong><\/a><\/p>\n<\/figcaption><\/figure>\n<figure class=\"bigpicture\" style=\"width: 970px;\"><img loading=\"lazy\" decoding=\"async\" class=\"wp-image-15570 size-full\" src=\"https:\/\/coeser.de\/blog\/wp-content\/uploads\/2020\/05\/wien-coronavirus-gal06-stephansplatz-christian-oeser.jpg\" alt=\"Das leere Wien in der Coronaviruskrise: Stephansplatz und Haas Haus\" width=\"960\" height=\"640\" srcset=\"https:\/\/coeser.de\/blog\/wp-content\/uploads\/2020\/05\/wien-coronavirus-gal06-stephansplatz-christian-oeser.jpg 960w, https:\/\/coeser.de\/blog\/wp-content\/uploads\/2020\/05\/wien-coronavirus-gal06-stephansplatz-christian-oeser-768x512.jpg 768w, https:\/\/coeser.de\/blog\/wp-content\/uploads\/2020\/05\/wien-coronavirus-gal06-stephansplatz-christian-oeser-330x220.jpg 330w\" sizes=\"auto, (max-width: 960px) 100vw, 960px\" \/><figcaption class=\"bigpicture-text\">\n<h3>Das leere Wien: Stephansplatz und Haas Haus<\/h3>\n<p>Selbst an einem Sonntag findet man auf dem Wiener Stephansplatz Dutzende Nachtschw\u00e4rmer, die von den umliegenden Lokalen nach Hause gehen \u2013 nicht so im M\u00e4rz 2020<br \/>\n<a href=\"https:\/\/www.google.de\/maps\/place\/48.208273,16.372462\" target=\"_blank\" rel=\"noopener noreferrer\"><strong>Aufnahmeort anzeigen<\/strong><\/a><\/p>\n<\/figcaption><\/figure>\n<figure class=\"bigpicture\" style=\"width: 970px;\"><img loading=\"lazy\" decoding=\"async\" class=\"wp-image-15571 size-full\" src=\"https:\/\/coeser.de\/blog\/wp-content\/uploads\/2020\/05\/wien-coronavirus-gal07-graben-christian-oeser.jpg\" alt=\"Das leere Wien in der Coronaviruskrise: Innenstadt und Graben\" width=\"960\" height=\"640\" srcset=\"https:\/\/coeser.de\/blog\/wp-content\/uploads\/2020\/05\/wien-coronavirus-gal07-graben-christian-oeser.jpg 960w, https:\/\/coeser.de\/blog\/wp-content\/uploads\/2020\/05\/wien-coronavirus-gal07-graben-christian-oeser-768x512.jpg 768w, https:\/\/coeser.de\/blog\/wp-content\/uploads\/2020\/05\/wien-coronavirus-gal07-graben-christian-oeser-330x220.jpg 330w\" sizes=\"auto, (max-width: 960px) 100vw, 960px\" \/><figcaption class=\"bigpicture-text\">\n<h3>Das leere Wien: Innenstadt und Graben<\/h3>\n<p>Geschlossene Lokale und Gesch\u00e4fte, wohin das Auge blickt \u2013 hier auf dem Graben in der Wiener Innenstadt<br \/>\n<a href=\"https:\/\/www.google.de\/maps\/place\/48.208180,16.370580\" target=\"_blank\" rel=\"noopener noreferrer\"><strong>Aufnahmeort anzeigen<\/strong><\/a><\/p>\n<\/figcaption><\/figure>\n<figure class=\"bigpicture\" style=\"width: 970px;\"><img loading=\"lazy\" decoding=\"async\" class=\"wp-image-15572 size-full\" src=\"https:\/\/coeser.de\/blog\/wp-content\/uploads\/2020\/05\/wien-coronavirus-gal08-stephansplatz-ubahn-christian-oeser.jpg\" alt=\"Das leere Wien in der Coronaviruskrise: U-Bahn-Station Stephansplatz\" width=\"960\" height=\"640\" srcset=\"https:\/\/coeser.de\/blog\/wp-content\/uploads\/2020\/05\/wien-coronavirus-gal08-stephansplatz-ubahn-christian-oeser.jpg 960w, https:\/\/coeser.de\/blog\/wp-content\/uploads\/2020\/05\/wien-coronavirus-gal08-stephansplatz-ubahn-christian-oeser-768x512.jpg 768w, https:\/\/coeser.de\/blog\/wp-content\/uploads\/2020\/05\/wien-coronavirus-gal08-stephansplatz-ubahn-christian-oeser-330x220.jpg 330w\" sizes=\"auto, (max-width: 960px) 100vw, 960px\" \/><figcaption class=\"bigpicture-text\">\n<h3>Das leere Wien: U-Bahn-Station Stephansplatz<\/h3>\n<p>Ein Bild, wie ich es \u00fcberhaupt noch nie erlebte und mir auch nie vorstellen konnte: in der U-Bahn-Station Stephansplatz kam mir w\u00e4hrend des Fotografierens minutenlang kein Mensch entgegen.<br \/>\n<a href=\"https:\/\/www.google.de\/maps\/place\/48.208139,16.371284\" target=\"_blank\" rel=\"noopener noreferrer\"><strong>Aufnahmeort anzeigen<\/strong><\/a><\/p>\n<\/figcaption><\/figure>\n<figure class=\"bigpicture\" style=\"width: 970px;\"><img loading=\"lazy\" decoding=\"async\" class=\"wp-image-15573 size-full\" src=\"https:\/\/coeser.de\/blog\/wp-content\/uploads\/2020\/05\/wien-coronavirus-gal09-kaerntner-strasse-christian-oeser.jpg\" alt=\"Das leere Wien in der Coronaviruskrise: K\u00e4rntner Stra\u00dfe\" width=\"960\" height=\"640\" srcset=\"https:\/\/coeser.de\/blog\/wp-content\/uploads\/2020\/05\/wien-coronavirus-gal09-kaerntner-strasse-christian-oeser.jpg 960w, https:\/\/coeser.de\/blog\/wp-content\/uploads\/2020\/05\/wien-coronavirus-gal09-kaerntner-strasse-christian-oeser-768x512.jpg 768w, https:\/\/coeser.de\/blog\/wp-content\/uploads\/2020\/05\/wien-coronavirus-gal09-kaerntner-strasse-christian-oeser-330x220.jpg 330w\" sizes=\"auto, (max-width: 960px) 100vw, 960px\" \/><figcaption class=\"bigpicture-text\">\n<h3>Das leere Wien: Die K\u00e4rntner Stra\u00dfe<\/h3>\n<p>Die K\u00e4rntner Stra\u00dfe z\u00e4hlt zu den beliebtesten Einkaufsstra\u00dfen in Wien und erinnerte mich aufgrund der ungewohnten Stille eher an eine Zombieapokalypse<br \/>\n<a href=\"https:\/\/www.google.de\/maps\/place\/48.206093,16.371460\" target=\"_blank\" rel=\"noopener noreferrer\"><strong>Aufnahmeort anzeigen<\/strong><\/a><\/p>\n<\/figcaption><\/figure>\n<figure class=\"bigpicture\" style=\"width: 970px;\"><img loading=\"lazy\" decoding=\"async\" class=\"wp-image-15574 size-full\" src=\"https:\/\/coeser.de\/blog\/wp-content\/uploads\/2020\/05\/wien-coronavirus-gal10-karlsplatz-ubahn-christian-oeser.jpg\" alt=\"Das leere Wien in der Coronaviruskrise: Passage U-Bahn-Station Karlsplatz\" width=\"960\" height=\"640\" srcset=\"https:\/\/coeser.de\/blog\/wp-content\/uploads\/2020\/05\/wien-coronavirus-gal10-karlsplatz-ubahn-christian-oeser.jpg 960w, https:\/\/coeser.de\/blog\/wp-content\/uploads\/2020\/05\/wien-coronavirus-gal10-karlsplatz-ubahn-christian-oeser-768x512.jpg 768w, https:\/\/coeser.de\/blog\/wp-content\/uploads\/2020\/05\/wien-coronavirus-gal10-karlsplatz-ubahn-christian-oeser-330x220.jpg 330w\" sizes=\"auto, (max-width: 960px) 100vw, 960px\" \/><figcaption class=\"bigpicture-text\">\n<h3>Das leere Wien: Passage U-Bahn-Station Karlsplatz<\/h3>\n<p>Die architektonisch sehenswerte Passage in der U-Bahn-Station Karlsplatz wirkte ohne Passanten surreal<br \/>\n<a href=\"https:\/\/www.google.de\/maps\/place\/48.202164,16.369425\" target=\"_blank\" rel=\"noopener noreferrer\"><strong>Aufnahmeort anzeigen<\/strong><\/a><\/p>\n<\/figcaption><\/figure>\n<figure class=\"bigpicture\" style=\"width: 970px;\"><img loading=\"lazy\" decoding=\"async\" class=\"wp-image-15575 size-full\" src=\"https:\/\/coeser.de\/blog\/wp-content\/uploads\/2020\/05\/wien-coronavirus-gal11-ubahn-christian-oeser.jpg\" alt=\"Das leere Wien in der Coronaviruskrise: U-Bahn\" width=\"960\" height=\"640\" srcset=\"https:\/\/coeser.de\/blog\/wp-content\/uploads\/2020\/05\/wien-coronavirus-gal11-ubahn-christian-oeser.jpg 960w, https:\/\/coeser.de\/blog\/wp-content\/uploads\/2020\/05\/wien-coronavirus-gal11-ubahn-christian-oeser-768x512.jpg 768w, https:\/\/coeser.de\/blog\/wp-content\/uploads\/2020\/05\/wien-coronavirus-gal11-ubahn-christian-oeser-330x220.jpg 330w\" sizes=\"auto, (max-width: 960px) 100vw, 960px\" \/><figcaption class=\"bigpicture-text\">\n<h3>Das leere Wien: Die U-Bahn<\/h3>\n<p>Die \u00f6ffentlichen Verkehrsmittel waren w\u00e4hrend des Shutdowns in Wien praktisch komplett leer<br \/>\n<a href=\"https:\/\/www.google.de\/maps\/place\/48.202677,16.361298\" target=\"_blank\" rel=\"noopener noreferrer\"><strong>Aufnahmeort anzeigen<\/strong><\/a><\/p>\n<\/figcaption><\/figure>\n<figure class=\"bigpicture\" style=\"width: 970px;\"><img loading=\"lazy\" decoding=\"async\" class=\"wp-image-15576 size-full\" src=\"https:\/\/coeser.de\/blog\/wp-content\/uploads\/2020\/05\/wien-coronavirus-gal12-ringstrasse-christian-oeser.jpg\" alt=\"Das leere Wien in der Coronaviruskrise: Ringstra\u00dfe\" width=\"960\" height=\"640\" srcset=\"https:\/\/coeser.de\/blog\/wp-content\/uploads\/2020\/05\/wien-coronavirus-gal12-ringstrasse-christian-oeser.jpg 960w, https:\/\/coeser.de\/blog\/wp-content\/uploads\/2020\/05\/wien-coronavirus-gal12-ringstrasse-christian-oeser-768x512.jpg 768w, https:\/\/coeser.de\/blog\/wp-content\/uploads\/2020\/05\/wien-coronavirus-gal12-ringstrasse-christian-oeser-330x220.jpg 330w\" sizes=\"auto, (max-width: 960px) 100vw, 960px\" \/><figcaption class=\"bigpicture-text\">\n<h3>Das leere Wien: Die Ringstra\u00dfe<\/h3>\n<p>Vor der Coronaviruskrise war es undenkbar, einige Momente auf der normal vielbefahrenen Ringstra\u00dfe spazieren gehen zu k\u00f6nnen, ohne einem Auto zu begegnen<br \/>\n<a href=\"https:\/\/www.google.de\/maps\/place\/48.213339,16.361508\" target=\"_blank\" rel=\"noopener noreferrer\"><strong>Aufnahmeort anzeigen<\/strong><\/a><\/p>\n<\/figcaption><\/figure>\n<figure class=\"bigpicture\" style=\"width: 970px;\"><img loading=\"lazy\" decoding=\"async\" class=\"wp-image-15577 size-full\" src=\"https:\/\/coeser.de\/blog\/wp-content\/uploads\/2020\/05\/wien-coronavirus-gal13-michaelerplatz-christian-oeser.jpg\" alt=\"Das leere Wien in der Coronaviruskrise: Michaelerplatz\" width=\"960\" height=\"394\" srcset=\"https:\/\/coeser.de\/blog\/wp-content\/uploads\/2020\/05\/wien-coronavirus-gal13-michaelerplatz-christian-oeser.jpg 960w, https:\/\/coeser.de\/blog\/wp-content\/uploads\/2020\/05\/wien-coronavirus-gal13-michaelerplatz-christian-oeser-768x315.jpg 768w\" sizes=\"auto, (max-width: 960px) 100vw, 960px\" \/><figcaption class=\"bigpicture-text\">\n<h3>Der Michaelerplatz<\/h3>\n<p>F\u00fcr mich einer der pr\u00e4gendsten Momente w\u00e4hrend meines Rundgangs durch die Stadt: auf dem Wiener Michaelerplatz h\u00f6rte ich die beiden Brunnen pl\u00e4tschern und die V\u00f6gel zwitschern. Das ist im Regelbetrieb unm\u00f6glich, wenn hier Touristen, Fiaker und Autos aufeinandertreffen.<br \/>\n<a href=\"https:\/\/www.google.de\/maps\/place\/48.208126,16.366868\" target=\"_blank\" rel=\"noopener noreferrer\"><strong>Aufnahmeort anzeigen<\/strong><\/a><\/p>\n<\/figcaption><\/figure>\n<figure class=\"bigpicture\" style=\"width: 970px;\"><img loading=\"lazy\" decoding=\"async\" class=\"wp-image-15578 size-full\" src=\"https:\/\/coeser.de\/blog\/wp-content\/uploads\/2020\/05\/wien-coronavirus-gal14-natur-kunst-museum-christian-oeser.jpg\" alt=\"Das leere Wien in der Coronaviruskrise: Naturhistorisches und Kunsthistorisches Museum\" width=\"960\" height=\"279\" srcset=\"https:\/\/coeser.de\/blog\/wp-content\/uploads\/2020\/05\/wien-coronavirus-gal14-natur-kunst-museum-christian-oeser.jpg 960w, https:\/\/coeser.de\/blog\/wp-content\/uploads\/2020\/05\/wien-coronavirus-gal14-natur-kunst-museum-christian-oeser-768x223.jpg 768w\" sizes=\"auto, (max-width: 960px) 100vw, 960px\" \/><figcaption class=\"bigpicture-text\">\n<h3>Naturhistorisches und Kunsthistorisches Museum<\/h3>\n<p>Ein Gutes hatte die Krise f\u00fcr mich pers\u00f6nlich dann doch, denn ich konnte endlich ein Panorama des Naturhistorischen und Kunsthistorischen Museums anfertigen, ohne auf Menschen achten zu m\u00fcssen.<br \/>\n<a href=\"https:\/\/www.google.de\/maps\/place\/48.204974,16.361578\" target=\"_blank\" rel=\"noopener noreferrer\">Aufnahmeort anzeigen<\/a><\/p>\n<\/figcaption><\/figure>\n<figure class=\"bigpicture\" style=\"width: 970px;\"><img loading=\"lazy\" decoding=\"async\" class=\"wp-image-15579 size-full\" src=\"https:\/\/coeser.de\/blog\/wp-content\/uploads\/2020\/05\/wien-coronavirus-gal15-museumsquartier-christian-oeser.jpg\" alt=\"Das leere Wien in der Coronaviruskrise: Museumsquartier\" width=\"960\" height=\"300\" srcset=\"https:\/\/coeser.de\/blog\/wp-content\/uploads\/2020\/05\/wien-coronavirus-gal15-museumsquartier-christian-oeser.jpg 960w, https:\/\/coeser.de\/blog\/wp-content\/uploads\/2020\/05\/wien-coronavirus-gal15-museumsquartier-christian-oeser-768x240.jpg 768w\" sizes=\"auto, (max-width: 960px) 100vw, 960px\" \/><figcaption class=\"bigpicture-text\">\n<h3>Das Museumsquartier<\/h3>\n<p>Das Museumsquartier ist eigentlich ein Tummelplatz f\u00fcr Kulturbegeisterte und Jugendliche \u2013 Menschen suchte ich hier allerdings vergebens<br \/>\n<a href=\"https:\/\/www.google.de\/maps\/place\/48.203387,16.358802\" target=\"_blank\" rel=\"noopener noreferrer\"><strong>Aufnahmeort anzeigen<\/strong><\/a><\/p>\n<\/figcaption><\/figure>\n<figure class=\"bigpicture\" style=\"width: 970px;\"><img loading=\"lazy\" decoding=\"async\" class=\"wp-image-15580 size-full\" src=\"https:\/\/coeser.de\/blog\/wp-content\/uploads\/2020\/05\/wien-coronavirus-gal16-prater-christian-oeser.jpg\" alt=\"Das leere Wien in der Coronaviruskrise: Wurstelprater\" width=\"960\" height=\"640\" srcset=\"https:\/\/coeser.de\/blog\/wp-content\/uploads\/2020\/05\/wien-coronavirus-gal16-prater-christian-oeser.jpg 960w, https:\/\/coeser.de\/blog\/wp-content\/uploads\/2020\/05\/wien-coronavirus-gal16-prater-christian-oeser-768x512.jpg 768w, https:\/\/coeser.de\/blog\/wp-content\/uploads\/2020\/05\/wien-coronavirus-gal16-prater-christian-oeser-330x220.jpg 330w\" sizes=\"auto, (max-width: 960px) 100vw, 960px\" \/><figcaption class=\"bigpicture-text\">\n<h3>Der Wurstelprater<\/h3>\n<p>Der Wiener Wurstelprater bot als Vergn\u00fcgungspark leider ein trauriges Bild ohne G\u00e4ste<br \/>\n<a href=\"https:\/\/www.google.de\/maps\/place\/48.216615,16.399538\" target=\"_blank\" rel=\"noopener noreferrer\"><strong>Aufnahmeort anzeigen<\/strong><\/a><\/p>\n<\/figcaption><\/figure>\n<figure class=\"bigpicture\" style=\"width: 970px;\"><img loading=\"lazy\" decoding=\"async\" class=\"wp-image-15581 size-full\" src=\"https:\/\/coeser.de\/blog\/wp-content\/uploads\/2020\/05\/wien-coronavirus-gal17-schottentor-ubahn-christian-oeser.jpg\" alt=\"Das leere Wien in der Coronaviruskrise: U-Bahn-Station Schottentor\" width=\"960\" height=\"640\" srcset=\"https:\/\/coeser.de\/blog\/wp-content\/uploads\/2020\/05\/wien-coronavirus-gal17-schottentor-ubahn-christian-oeser.jpg 960w, https:\/\/coeser.de\/blog\/wp-content\/uploads\/2020\/05\/wien-coronavirus-gal17-schottentor-ubahn-christian-oeser-768x512.jpg 768w, https:\/\/coeser.de\/blog\/wp-content\/uploads\/2020\/05\/wien-coronavirus-gal17-schottentor-ubahn-christian-oeser-330x220.jpg 330w\" sizes=\"auto, (max-width: 960px) 100vw, 960px\" \/><figcaption class=\"bigpicture-text\">\n<h3>Das leere Wien: U-Bahn-Station Schottentor<\/h3>\n<p>F\u00fcr Einheimische ein unfassbarer Anblick ist die leere Station Schottentor, wo im Normalfall immer ein reges Treiben beim Umsteigen zwischen U-Bahn und Stra\u00dfenbahn herrscht<br \/>\n<a href=\"https:\/\/www.google.de\/maps\/place\/48.213976,16.361769\" target=\"_blank\" rel=\"noopener noreferrer\"><strong>Aufnahmeort anzeigen<\/strong><\/a><\/p>\n<\/figcaption><\/figure>\n<figure class=\"bigpicture\" style=\"width: 970px;\"><img loading=\"lazy\" decoding=\"async\" class=\"wp-image-15582 size-full\" src=\"https:\/\/coeser.de\/blog\/wp-content\/uploads\/2020\/05\/wien-coronavirus-gal18-volkstheater-ubahn-christian-oeser.jpg\" alt=\"Das leere Wien in der Coronaviruskrise: U-Bahn-Station Volkstheater\" width=\"960\" height=\"640\" srcset=\"https:\/\/coeser.de\/blog\/wp-content\/uploads\/2020\/05\/wien-coronavirus-gal18-volkstheater-ubahn-christian-oeser.jpg 960w, https:\/\/coeser.de\/blog\/wp-content\/uploads\/2020\/05\/wien-coronavirus-gal18-volkstheater-ubahn-christian-oeser-768x512.jpg 768w, https:\/\/coeser.de\/blog\/wp-content\/uploads\/2020\/05\/wien-coronavirus-gal18-volkstheater-ubahn-christian-oeser-330x220.jpg 330w\" sizes=\"auto, (max-width: 960px) 100vw, 960px\" \/><figcaption class=\"bigpicture-text\">\n<h3>Das leere Wien: U-Bahn-Station Volkstheater<\/h3>\n<p>Ebenso ungl\u00e4ubig stand ich in der U-Bahn-Station Volkstheater \u2013 nicht eine Person war anwesend<br \/>\n<a href=\"https:\/\/www.google.de\/maps\/place\/48.205823,16.358956\" target=\"_blank\" rel=\"noopener noreferrer\"><strong>Aufnahmeort anzeigen<\/strong><\/a><\/p>\n<\/figcaption><\/figure>\n<figure class=\"bigpicture\" style=\"width: 970px;\"><img loading=\"lazy\" decoding=\"async\" class=\"wp-image-15583 size-full\" src=\"https:\/\/coeser.de\/blog\/wp-content\/uploads\/2020\/05\/wien-coronavirus-gal19-westbahnhof-christian-oeser.jpg\" alt=\"Das leere Wien in der Coronaviruskrise: Westbahnhof\" width=\"960\" height=\"640\" srcset=\"https:\/\/coeser.de\/blog\/wp-content\/uploads\/2020\/05\/wien-coronavirus-gal19-westbahnhof-christian-oeser.jpg 960w, https:\/\/coeser.de\/blog\/wp-content\/uploads\/2020\/05\/wien-coronavirus-gal19-westbahnhof-christian-oeser-768x512.jpg 768w, https:\/\/coeser.de\/blog\/wp-content\/uploads\/2020\/05\/wien-coronavirus-gal19-westbahnhof-christian-oeser-330x220.jpg 330w\" sizes=\"auto, (max-width: 960px) 100vw, 960px\" \/><figcaption class=\"bigpicture-text\">\n<h3>Der Westbahnhof<\/h3>\n<p>Gespentisch pr\u00e4sentierte sich der Wiener Westbahnhof so ganz ohne Fahrg\u00e4ste<br \/>\n<a href=\"https:\/\/www.google.de\/maps\/place\/48.196706,16.337764\" target=\"_blank\" rel=\"noopener noreferrer\"><strong>Aufnahmeort anzeigen<\/strong><\/a><\/p>\n<\/figcaption><\/figure>\n<figure class=\"bigpicture\" style=\"width: 970px;\"><img loading=\"lazy\" decoding=\"async\" class=\"wp-image-15584 size-full\" src=\"https:\/\/coeser.de\/blog\/wp-content\/uploads\/2020\/05\/wien-coronavirus-gal20-guertel-christian-oeser.jpg\" alt=\"Das leere Wien in der Coronaviruskrise: Westbahnhof, Europaplatz und G\u00fcrtel\" width=\"960\" height=\"640\" srcset=\"https:\/\/coeser.de\/blog\/wp-content\/uploads\/2020\/05\/wien-coronavirus-gal20-guertel-christian-oeser.jpg 960w, https:\/\/coeser.de\/blog\/wp-content\/uploads\/2020\/05\/wien-coronavirus-gal20-guertel-christian-oeser-768x512.jpg 768w, https:\/\/coeser.de\/blog\/wp-content\/uploads\/2020\/05\/wien-coronavirus-gal20-guertel-christian-oeser-330x220.jpg 330w\" sizes=\"auto, (max-width: 960px) 100vw, 960px\" \/><figcaption class=\"bigpicture-text\">\n<h3>Das leere Wien: Westbahnhof, Europaplatz und G\u00fcrtel<\/h3>\n<p>Verkehrsh\u00f6lle Europaplatz vor dem Westbahnhof \u2013 nicht so im M\u00e4rz 2020. Eine Szene, die man nicht so schnell vergisst.<br \/>\n<a href=\"https:\/\/www.google.de\/maps\/place\/48.195715,16.339033\" target=\"_blank\" rel=\"noopener noreferrer\"><strong>Aufnahmeort anzeigen<\/strong><\/a><\/p>\n<\/figcaption><\/figure>\n<hr \/>\n<div class=\"fazit\">\n<h2>FAZIT<\/h2>\n<p>Ihr habt gerade einen Blogartikel gelesen und angeschaut, wie ich ihn nie f\u00fcr m\u00f6glich gehalten h\u00e4tte. Dass meine Sehnsucht, Wien einmal ohne Menschen zu sehen, tats\u00e4chlich Realit\u00e4t werden w\u00fcrde, h\u00e4tte ich mir nie ertr\u00e4umt. Das Coronavirus sorgte allerdings in der \u00f6sterreichischen Hauptstadt, wie auch in allen Metropolen der Welt, f\u00fcr einen pl\u00f6tzlichen Stillstand des \u00f6ffentlichen Lebens. Mit meinen Fotos habe ich ein zeitgeschichtliches Ereignis dokumentiert, das wir hoffentlich so schnell nicht noch einmal durchstehen m\u00fcssen. Wie habt ihr das leere Wien oder eure Heimatstadt erlebt?<\/p>\n<\/div>\n<p>&nbsp;<\/p>\n<div style=\"display: none;\"><img loading=\"lazy\" decoding=\"async\" class=\"alignnone size-full wp-image-15563\" src=\"https:\/\/coeser.de\/blog\/wp-content\/uploads\/2020\/05\/wien-coronavirus-p01-christian-oeser.jpg\" alt=\"Das leere Wien in Zeiten des Coronavirus in Bildern mit vielen Eindr\u00fccken zu leeren Stra\u00dfen und Pl\u00e4tzen wie Stephansplatz, Museumsquartier, Sch\u00f6nbrunn &amp; Co.\" width=\"735\" height=\"1102\" \/><\/div>\n","protected":false},"excerpt":{"rendered":"<p>Im M\u00e4rz 2020 boten sich in den Metropolen der Welt Bilder, die man sonst nur aus Zombiefilmen kennt. Leere Stra\u00dfen, verwaiste Gesch\u00e4fte, keine Menschenseele weit und breit. Das Coronavirus sorgte f\u00fcr einen noch nie da gewesenen Shutdown und strenge Ausgangsbeschr\u00e4nkungen. Auch Wien blieb davon nicht verschont und pr\u00e4sentierte sich als gespenstischer, unwirklicher Ort der Stille [&hellip;]<\/p>\n","protected":false},"author":1,"featured_media":15562,"comment_status":"open","ping_status":"open","sticky":false,"template":"","format":"standard","meta":{"_jetpack_memberships_contains_paid_content":false,"footnotes":""},"categories":[17],"tags":[9,390,11,12,23,41,68,10,76],"class_list":["post-15560","post","type-post","status-publish","format-standard","has-post-thumbnail","hentry","category-oesterreich","tag-cityguide","tag-coronavirus","tag-fotospots","tag-fototipps","tag-oesterreich","tag-reisebericht","tag-reisefuehrer","tag-staedtereise","tag-wien"],"yoast_head":"<!-- This site is optimized with the Yoast SEO plugin v27.4 - https:\/\/yoast.com\/product\/yoast-seo-wordpress\/ -->\n<title>Das leere Wien: Eine Stadt steht still - Reiseblog und Fotostories von Christian \u00d6ser<\/title>\n<meta name=\"description\" content=\"Das leere Wien in Zeiten des Coronavirus in Bildern mit vielen Fotos zu leeren Pl\u00e4tzen wie Stephansplatz, Museumsquartier, Sch\u00f6nbrunn &amp; Co.\" \/>\n<meta name=\"robots\" content=\"index, follow, max-snippet:-1, max-image-preview:large, max-video-preview:-1\" \/>\n<link rel=\"canonical\" href=\"https:\/\/coeser.de\/blog\/index.php\/2020\/06\/02\/das-leere-wien-eine-stadt-steht-still\/\" \/>\n<meta property=\"og:locale\" content=\"de_DE\" \/>\n<meta property=\"og:type\" content=\"article\" \/>\n<meta property=\"og:title\" content=\"Das leere Wien: Eine Stadt steht still - Reiseblog und Fotostories von Christian \u00d6ser\" \/>\n<meta property=\"og:description\" content=\"Das leere Wien in Zeiten des Coronavirus in Bildern mit vielen Fotos zu leeren Pl\u00e4tzen wie Stephansplatz, Museumsquartier, Sch\u00f6nbrunn &amp; Co.\" \/>\n<meta property=\"og:url\" content=\"https:\/\/coeser.de\/blog\/index.php\/2020\/06\/02\/das-leere-wien-eine-stadt-steht-still\/\" \/>\n<meta property=\"og:site_name\" content=\"fern &amp; nah - Reiseblog und Fotostories von Christian \u00d6ser\" \/>\n<meta property=\"article:publisher\" content=\"Christian \u00d6ser\" \/>\n<meta property=\"article:author\" content=\"Christian \u00d6ser\" \/>\n<meta property=\"article:published_time\" content=\"2020-06-02T05:00:31+00:00\" \/>\n<meta property=\"article:modified_time\" content=\"2025-03-04T17:26:31+00:00\" \/>\n<meta property=\"og:image\" content=\"https:\/\/coeser.de\/blog\/wp-content\/uploads\/2020\/05\/wien-coronavirus-aufmacher-stephansplatz-christian-oeser.jpg\" \/>\n\t<meta property=\"og:image:width\" content=\"978\" \/>\n\t<meta property=\"og:image:height\" content=\"550\" \/>\n\t<meta property=\"og:image:type\" content=\"image\/jpeg\" \/>\n<meta name=\"author\" content=\"Christian \u00d6ser\" \/>\n<meta name=\"twitter:card\" content=\"summary_large_image\" \/>\n<meta name=\"twitter:label1\" content=\"Verfasst von\" \/>\n\t<meta name=\"twitter:data1\" content=\"Christian \u00d6ser\" \/>\n\t<meta name=\"twitter:label2\" content=\"Gesch\u00e4tzte Lesezeit\" \/>\n\t<meta name=\"twitter:data2\" content=\"12\u00a0Minuten\" \/>\n<script type=\"application\/ld+json\" class=\"yoast-schema-graph\">{\"@context\":\"https:\\\/\\\/schema.org\",\"@graph\":[{\"@type\":\"Article\",\"@id\":\"https:\\\/\\\/coeser.de\\\/blog\\\/index.php\\\/2020\\\/06\\\/02\\\/das-leere-wien-eine-stadt-steht-still\\\/#article\",\"isPartOf\":{\"@id\":\"https:\\\/\\\/coeser.de\\\/blog\\\/index.php\\\/2020\\\/06\\\/02\\\/das-leere-wien-eine-stadt-steht-still\\\/\"},\"author\":{\"name\":\"Christian \u00d6ser\",\"@id\":\"https:\\\/\\\/coeser.de\\\/blog\\\/#\\\/schema\\\/person\\\/fda1d253389076b2cadc3d47018cf315\"},\"headline\":\"Das leere Wien: Eine Stadt steht still\",\"datePublished\":\"2020-06-02T05:00:31+00:00\",\"dateModified\":\"2025-03-04T17:26:31+00:00\",\"mainEntityOfPage\":{\"@id\":\"https:\\\/\\\/coeser.de\\\/blog\\\/index.php\\\/2020\\\/06\\\/02\\\/das-leere-wien-eine-stadt-steht-still\\\/\"},\"wordCount\":1328,\"commentCount\":3,\"publisher\":{\"@id\":\"https:\\\/\\\/coeser.de\\\/blog\\\/#\\\/schema\\\/person\\\/fda1d253389076b2cadc3d47018cf315\"},\"image\":{\"@id\":\"https:\\\/\\\/coeser.de\\\/blog\\\/index.php\\\/2020\\\/06\\\/02\\\/das-leere-wien-eine-stadt-steht-still\\\/#primaryimage\"},\"thumbnailUrl\":\"https:\\\/\\\/coeser.de\\\/blog\\\/wp-content\\\/uploads\\\/2020\\\/05\\\/wien-coronavirus-aufmacher-stephansplatz-christian-oeser.jpg\",\"keywords\":[\"Cityguide\",\"Coronavirus\",\"Fotospots\",\"Fototipps\",\"\u00d6sterreich\",\"Reisebericht\",\"Reisef\u00fchrer\",\"St\u00e4dtereise\",\"Wien\"],\"articleSection\":[\"\u00d6STERREICH\"],\"inLanguage\":\"de\",\"potentialAction\":[{\"@type\":\"CommentAction\",\"name\":\"Comment\",\"target\":[\"https:\\\/\\\/coeser.de\\\/blog\\\/index.php\\\/2020\\\/06\\\/02\\\/das-leere-wien-eine-stadt-steht-still\\\/#respond\"]}]},{\"@type\":\"WebPage\",\"@id\":\"https:\\\/\\\/coeser.de\\\/blog\\\/index.php\\\/2020\\\/06\\\/02\\\/das-leere-wien-eine-stadt-steht-still\\\/\",\"url\":\"https:\\\/\\\/coeser.de\\\/blog\\\/index.php\\\/2020\\\/06\\\/02\\\/das-leere-wien-eine-stadt-steht-still\\\/\",\"name\":\"Das leere Wien: Eine Stadt steht still - Reiseblog und Fotostories von Christian \u00d6ser\",\"isPartOf\":{\"@id\":\"https:\\\/\\\/coeser.de\\\/blog\\\/#website\"},\"primaryImageOfPage\":{\"@id\":\"https:\\\/\\\/coeser.de\\\/blog\\\/index.php\\\/2020\\\/06\\\/02\\\/das-leere-wien-eine-stadt-steht-still\\\/#primaryimage\"},\"image\":{\"@id\":\"https:\\\/\\\/coeser.de\\\/blog\\\/index.php\\\/2020\\\/06\\\/02\\\/das-leere-wien-eine-stadt-steht-still\\\/#primaryimage\"},\"thumbnailUrl\":\"https:\\\/\\\/coeser.de\\\/blog\\\/wp-content\\\/uploads\\\/2020\\\/05\\\/wien-coronavirus-aufmacher-stephansplatz-christian-oeser.jpg\",\"datePublished\":\"2020-06-02T05:00:31+00:00\",\"dateModified\":\"2025-03-04T17:26:31+00:00\",\"description\":\"Das leere Wien in Zeiten des Coronavirus in Bildern mit vielen Fotos zu leeren Pl\u00e4tzen wie Stephansplatz, Museumsquartier, Sch\u00f6nbrunn & Co.\",\"breadcrumb\":{\"@id\":\"https:\\\/\\\/coeser.de\\\/blog\\\/index.php\\\/2020\\\/06\\\/02\\\/das-leere-wien-eine-stadt-steht-still\\\/#breadcrumb\"},\"inLanguage\":\"de\",\"potentialAction\":[{\"@type\":\"ReadAction\",\"target\":[\"https:\\\/\\\/coeser.de\\\/blog\\\/index.php\\\/2020\\\/06\\\/02\\\/das-leere-wien-eine-stadt-steht-still\\\/\"]}]},{\"@type\":\"ImageObject\",\"inLanguage\":\"de\",\"@id\":\"https:\\\/\\\/coeser.de\\\/blog\\\/index.php\\\/2020\\\/06\\\/02\\\/das-leere-wien-eine-stadt-steht-still\\\/#primaryimage\",\"url\":\"https:\\\/\\\/coeser.de\\\/blog\\\/wp-content\\\/uploads\\\/2020\\\/05\\\/wien-coronavirus-aufmacher-stephansplatz-christian-oeser.jpg\",\"contentUrl\":\"https:\\\/\\\/coeser.de\\\/blog\\\/wp-content\\\/uploads\\\/2020\\\/05\\\/wien-coronavirus-aufmacher-stephansplatz-christian-oeser.jpg\",\"width\":978,\"height\":550,\"caption\":\"Leerer Stephansplatz in Wien w\u00e4hrend der Coronaviruskrise\"},{\"@type\":\"BreadcrumbList\",\"@id\":\"https:\\\/\\\/coeser.de\\\/blog\\\/index.php\\\/2020\\\/06\\\/02\\\/das-leere-wien-eine-stadt-steht-still\\\/#breadcrumb\",\"itemListElement\":[{\"@type\":\"ListItem\",\"position\":1,\"name\":\"Startseite\",\"item\":\"https:\\\/\\\/coeser.de\\\/blog\\\/\"},{\"@type\":\"ListItem\",\"position\":2,\"name\":\"Das leere Wien: Eine Stadt steht still\"}]},{\"@type\":\"WebSite\",\"@id\":\"https:\\\/\\\/coeser.de\\\/blog\\\/#website\",\"url\":\"https:\\\/\\\/coeser.de\\\/blog\\\/\",\"name\":\"fern &amp; nah - Reiseblog und Fotostories von Christian \u00d6ser\",\"description\":\"Reiseblog und Fotostories von Christian \u00d6ser\",\"publisher\":{\"@id\":\"https:\\\/\\\/coeser.de\\\/blog\\\/#\\\/schema\\\/person\\\/fda1d253389076b2cadc3d47018cf315\"},\"potentialAction\":[{\"@type\":\"SearchAction\",\"target\":{\"@type\":\"EntryPoint\",\"urlTemplate\":\"https:\\\/\\\/coeser.de\\\/blog\\\/?s={search_term_string}\"},\"query-input\":{\"@type\":\"PropertyValueSpecification\",\"valueRequired\":true,\"valueName\":\"search_term_string\"}}],\"inLanguage\":\"de\"},{\"@type\":[\"Person\",\"Organization\"],\"@id\":\"https:\\\/\\\/coeser.de\\\/blog\\\/#\\\/schema\\\/person\\\/fda1d253389076b2cadc3d47018cf315\",\"name\":\"Christian \u00d6ser\",\"image\":{\"@type\":\"ImageObject\",\"inLanguage\":\"de\",\"@id\":\"https:\\\/\\\/coeser.de\\\/blog\\\/wp-content\\\/uploads\\\/2016\\\/08\\\/logo-fern-und-nah-christian-oeser-4.jpg\",\"url\":\"https:\\\/\\\/coeser.de\\\/blog\\\/wp-content\\\/uploads\\\/2016\\\/08\\\/logo-fern-und-nah-christian-oeser-4.jpg\",\"contentUrl\":\"https:\\\/\\\/coeser.de\\\/blog\\\/wp-content\\\/uploads\\\/2016\\\/08\\\/logo-fern-und-nah-christian-oeser-4.jpg\",\"width\":1090,\"height\":245,\"caption\":\"Christian \u00d6ser\"},\"logo\":{\"@id\":\"https:\\\/\\\/coeser.de\\\/blog\\\/wp-content\\\/uploads\\\/2016\\\/08\\\/logo-fern-und-nah-christian-oeser-4.jpg\"},\"sameAs\":[\"http:\\\/\\\/www.coeser.de\",\"Christian \u00d6ser\",\"https:\\\/\\\/www.instagram.com\\\/coeser_de\\\/\",\"https:\\\/\\\/www.pinterest.at\\\/nightline5\\\/\"],\"url\":\"https:\\\/\\\/coeser.de\\\/blog\\\/index.php\\\/author\\\/coeser\\\/\"}]}<\/script>\n<!-- \/ Yoast SEO plugin. -->","yoast_head_json":{"title":"Das leere Wien: Eine Stadt steht still - Reiseblog und Fotostories von Christian \u00d6ser","description":"Das leere Wien in Zeiten des Coronavirus in Bildern mit vielen Fotos zu leeren Pl\u00e4tzen wie Stephansplatz, Museumsquartier, Sch\u00f6nbrunn & Co.","robots":{"index":"index","follow":"follow","max-snippet":"max-snippet:-1","max-image-preview":"max-image-preview:large","max-video-preview":"max-video-preview:-1"},"canonical":"https:\/\/coeser.de\/blog\/index.php\/2020\/06\/02\/das-leere-wien-eine-stadt-steht-still\/","og_locale":"de_DE","og_type":"article","og_title":"Das leere Wien: Eine Stadt steht still - Reiseblog und Fotostories von Christian \u00d6ser","og_description":"Das leere Wien in Zeiten des Coronavirus in Bildern mit vielen Fotos zu leeren Pl\u00e4tzen wie Stephansplatz, Museumsquartier, Sch\u00f6nbrunn & Co.","og_url":"https:\/\/coeser.de\/blog\/index.php\/2020\/06\/02\/das-leere-wien-eine-stadt-steht-still\/","og_site_name":"fern &amp; nah - Reiseblog und Fotostories von Christian \u00d6ser","article_publisher":"Christian \u00d6ser","article_author":"Christian \u00d6ser","article_published_time":"2020-06-02T05:00:31+00:00","article_modified_time":"2025-03-04T17:26:31+00:00","og_image":[{"width":978,"height":550,"url":"https:\/\/coeser.de\/blog\/wp-content\/uploads\/2020\/05\/wien-coronavirus-aufmacher-stephansplatz-christian-oeser.jpg","type":"image\/jpeg"}],"author":"Christian \u00d6ser","twitter_card":"summary_large_image","twitter_misc":{"Verfasst von":"Christian \u00d6ser","Gesch\u00e4tzte Lesezeit":"12\u00a0Minuten"},"schema":{"@context":"https:\/\/schema.org","@graph":[{"@type":"Article","@id":"https:\/\/coeser.de\/blog\/index.php\/2020\/06\/02\/das-leere-wien-eine-stadt-steht-still\/#article","isPartOf":{"@id":"https:\/\/coeser.de\/blog\/index.php\/2020\/06\/02\/das-leere-wien-eine-stadt-steht-still\/"},"author":{"name":"Christian \u00d6ser","@id":"https:\/\/coeser.de\/blog\/#\/schema\/person\/fda1d253389076b2cadc3d47018cf315"},"headline":"Das leere Wien: Eine Stadt steht still","datePublished":"2020-06-02T05:00:31+00:00","dateModified":"2025-03-04T17:26:31+00:00","mainEntityOfPage":{"@id":"https:\/\/coeser.de\/blog\/index.php\/2020\/06\/02\/das-leere-wien-eine-stadt-steht-still\/"},"wordCount":1328,"commentCount":3,"publisher":{"@id":"https:\/\/coeser.de\/blog\/#\/schema\/person\/fda1d253389076b2cadc3d47018cf315"},"image":{"@id":"https:\/\/coeser.de\/blog\/index.php\/2020\/06\/02\/das-leere-wien-eine-stadt-steht-still\/#primaryimage"},"thumbnailUrl":"https:\/\/coeser.de\/blog\/wp-content\/uploads\/2020\/05\/wien-coronavirus-aufmacher-stephansplatz-christian-oeser.jpg","keywords":["Cityguide","Coronavirus","Fotospots","Fototipps","\u00d6sterreich","Reisebericht","Reisef\u00fchrer","St\u00e4dtereise","Wien"],"articleSection":["\u00d6STERREICH"],"inLanguage":"de","potentialAction":[{"@type":"CommentAction","name":"Comment","target":["https:\/\/coeser.de\/blog\/index.php\/2020\/06\/02\/das-leere-wien-eine-stadt-steht-still\/#respond"]}]},{"@type":"WebPage","@id":"https:\/\/coeser.de\/blog\/index.php\/2020\/06\/02\/das-leere-wien-eine-stadt-steht-still\/","url":"https:\/\/coeser.de\/blog\/index.php\/2020\/06\/02\/das-leere-wien-eine-stadt-steht-still\/","name":"Das leere Wien: Eine Stadt steht still - Reiseblog und Fotostories von Christian \u00d6ser","isPartOf":{"@id":"https:\/\/coeser.de\/blog\/#website"},"primaryImageOfPage":{"@id":"https:\/\/coeser.de\/blog\/index.php\/2020\/06\/02\/das-leere-wien-eine-stadt-steht-still\/#primaryimage"},"image":{"@id":"https:\/\/coeser.de\/blog\/index.php\/2020\/06\/02\/das-leere-wien-eine-stadt-steht-still\/#primaryimage"},"thumbnailUrl":"https:\/\/coeser.de\/blog\/wp-content\/uploads\/2020\/05\/wien-coronavirus-aufmacher-stephansplatz-christian-oeser.jpg","datePublished":"2020-06-02T05:00:31+00:00","dateModified":"2025-03-04T17:26:31+00:00","description":"Das leere Wien in Zeiten des Coronavirus in Bildern mit vielen Fotos zu leeren Pl\u00e4tzen wie Stephansplatz, Museumsquartier, Sch\u00f6nbrunn & Co.","breadcrumb":{"@id":"https:\/\/coeser.de\/blog\/index.php\/2020\/06\/02\/das-leere-wien-eine-stadt-steht-still\/#breadcrumb"},"inLanguage":"de","potentialAction":[{"@type":"ReadAction","target":["https:\/\/coeser.de\/blog\/index.php\/2020\/06\/02\/das-leere-wien-eine-stadt-steht-still\/"]}]},{"@type":"ImageObject","inLanguage":"de","@id":"https:\/\/coeser.de\/blog\/index.php\/2020\/06\/02\/das-leere-wien-eine-stadt-steht-still\/#primaryimage","url":"https:\/\/coeser.de\/blog\/wp-content\/uploads\/2020\/05\/wien-coronavirus-aufmacher-stephansplatz-christian-oeser.jpg","contentUrl":"https:\/\/coeser.de\/blog\/wp-content\/uploads\/2020\/05\/wien-coronavirus-aufmacher-stephansplatz-christian-oeser.jpg","width":978,"height":550,"caption":"Leerer Stephansplatz in Wien w\u00e4hrend der Coronaviruskrise"},{"@type":"BreadcrumbList","@id":"https:\/\/coeser.de\/blog\/index.php\/2020\/06\/02\/das-leere-wien-eine-stadt-steht-still\/#breadcrumb","itemListElement":[{"@type":"ListItem","position":1,"name":"Startseite","item":"https:\/\/coeser.de\/blog\/"},{"@type":"ListItem","position":2,"name":"Das leere Wien: Eine Stadt steht still"}]},{"@type":"WebSite","@id":"https:\/\/coeser.de\/blog\/#website","url":"https:\/\/coeser.de\/blog\/","name":"fern &amp; nah - Reiseblog und Fotostories von Christian \u00d6ser","description":"Reiseblog und Fotostories von Christian \u00d6ser","publisher":{"@id":"https:\/\/coeser.de\/blog\/#\/schema\/person\/fda1d253389076b2cadc3d47018cf315"},"potentialAction":[{"@type":"SearchAction","target":{"@type":"EntryPoint","urlTemplate":"https:\/\/coeser.de\/blog\/?s={search_term_string}"},"query-input":{"@type":"PropertyValueSpecification","valueRequired":true,"valueName":"search_term_string"}}],"inLanguage":"de"},{"@type":["Person","Organization"],"@id":"https:\/\/coeser.de\/blog\/#\/schema\/person\/fda1d253389076b2cadc3d47018cf315","name":"Christian \u00d6ser","image":{"@type":"ImageObject","inLanguage":"de","@id":"https:\/\/coeser.de\/blog\/wp-content\/uploads\/2016\/08\/logo-fern-und-nah-christian-oeser-4.jpg","url":"https:\/\/coeser.de\/blog\/wp-content\/uploads\/2016\/08\/logo-fern-und-nah-christian-oeser-4.jpg","contentUrl":"https:\/\/coeser.de\/blog\/wp-content\/uploads\/2016\/08\/logo-fern-und-nah-christian-oeser-4.jpg","width":1090,"height":245,"caption":"Christian \u00d6ser"},"logo":{"@id":"https:\/\/coeser.de\/blog\/wp-content\/uploads\/2016\/08\/logo-fern-und-nah-christian-oeser-4.jpg"},"sameAs":["http:\/\/www.coeser.de","Christian \u00d6ser","https:\/\/www.instagram.com\/coeser_de\/","https:\/\/www.pinterest.at\/nightline5\/"],"url":"https:\/\/coeser.de\/blog\/index.php\/author\/coeser\/"}]}},"jetpack_featured_media_url":"https:\/\/coeser.de\/blog\/wp-content\/uploads\/2020\/05\/wien-coronavirus-aufmacher-stephansplatz-christian-oeser.jpg","jetpack-related-posts":[{"id":16616,"url":"https:\/\/coeser.de\/blog\/index.php\/2020\/12\/22\/wien-weihnachtszeit-corona\/","url_meta":{"origin":15560,"position":0},"title":"Wien: Als das Coronavirus Weihnachten stahl","author":"Christian \u00d6ser","date":"22. Dezember 2020","format":false,"excerpt":"Weihnachten 2020, du gehst auf jeden Fall in die Geschichte ein. Bei einem Adventspaziergang durch meine Heimatstadt Wien durchquerte ich zwar prachtvoll leuchtende und dekorierte Stra\u00dfen, doch das konnte nicht \u00fcber die allgegenw\u00e4rtige Krisensituation hinwegt\u00e4uschen. Das Coronavirus lag wie ein dunkler Vorhang \u00fcber der Kaiserstadt: kein Christkindlmarkt, keine Weihnachtsst\u00e4nde, keine\u2026","rel":"","context":"In &quot;\u00d6STERREICH&quot;","block_context":{"text":"\u00d6STERREICH","link":"https:\/\/coeser.de\/blog\/index.php\/category\/europa\/oesterreich\/"},"img":{"alt_text":"Christbaum vor dem Schloss Sch\u00f6nbrunn in Wien","src":"https:\/\/i0.wp.com\/coeser.de\/blog\/wp-content\/uploads\/2020\/12\/wien-weihnachten-corona-aufmacher-schoenbrunn-christian-oeser.jpg?resize=350%2C200&ssl=1","width":350,"height":200,"srcset":"https:\/\/i0.wp.com\/coeser.de\/blog\/wp-content\/uploads\/2020\/12\/wien-weihnachten-corona-aufmacher-schoenbrunn-christian-oeser.jpg?resize=350%2C200&ssl=1 1x, https:\/\/i0.wp.com\/coeser.de\/blog\/wp-content\/uploads\/2020\/12\/wien-weihnachten-corona-aufmacher-schoenbrunn-christian-oeser.jpg?resize=525%2C300&ssl=1 1.5x, https:\/\/i0.wp.com\/coeser.de\/blog\/wp-content\/uploads\/2020\/12\/wien-weihnachten-corona-aufmacher-schoenbrunn-christian-oeser.jpg?resize=700%2C400&ssl=1 2x"},"classes":[]},{"id":15809,"url":"https:\/\/coeser.de\/blog\/index.php\/2020\/07\/14\/muenchen-biertrip-in-corona-zeiten\/","url_meta":{"origin":15560,"position":1},"title":"M\u00fcnchen: Biertrip in Corona-Zeiten","author":"Christian \u00d6ser","date":"14. Juli 2020","format":false,"excerpt":"Den Fr\u00fchling 2020 haben wir uns wohl alle ganz anders vorgestellt. Das Coronavirus beherrschte die Welt und anstatt zu verreisen hie\u00df es erstmal: ab in die eigenen vier W\u00e4nde. Monate sp\u00e4ter war das Virus zwar nicht weg, aber Reisen wieder eingeschr\u00e4nkt m\u00f6glich. Diese Chance nutzte ich f\u00fcr einen kurzen Biertrip\u2026","rel":"","context":"In &quot;DEUTSCHLAND&quot;","block_context":{"text":"DEUTSCHLAND","link":"https:\/\/coeser.de\/blog\/index.php\/category\/europa\/deutschland\/"},"img":{"alt_text":"Maske auf Biergl\u00e4sern in M\u00fcnchen w\u00e4hrend des Coronavirus","src":"https:\/\/i0.wp.com\/coeser.de\/blog\/wp-content\/uploads\/2020\/07\/muenchen-corona-biertrip-aufmacher-christian-oeser.jpg?resize=350%2C200&ssl=1","width":350,"height":200,"srcset":"https:\/\/i0.wp.com\/coeser.de\/blog\/wp-content\/uploads\/2020\/07\/muenchen-corona-biertrip-aufmacher-christian-oeser.jpg?resize=350%2C200&ssl=1 1x, https:\/\/i0.wp.com\/coeser.de\/blog\/wp-content\/uploads\/2020\/07\/muenchen-corona-biertrip-aufmacher-christian-oeser.jpg?resize=525%2C300&ssl=1 1.5x, https:\/\/i0.wp.com\/coeser.de\/blog\/wp-content\/uploads\/2020\/07\/muenchen-corona-biertrip-aufmacher-christian-oeser.jpg?resize=700%2C400&ssl=1 2x"},"classes":[]},{"id":16264,"url":"https:\/\/coeser.de\/blog\/index.php\/2020\/10\/06\/wien-die-10-schoensten-fotospots\/","url_meta":{"origin":15560,"position":2},"title":"Wien: Die 10 sch\u00f6nsten Fotospots","author":"Christian \u00d6ser","date":"6. Oktober 2020","format":false,"excerpt":"Wien wird jedes Jahr zu den lebenswertesten St\u00e4dten der Welt gew\u00e4hlt \u2013 was f\u00fcr ein Gl\u00fcck, dass die \u00f6sterreichische Hauptstadt zugleich mein Heimatort ist! Tagt\u00e4glich komme ich an den imperialen Sch\u00e4tzen der Innenstadt vorbei, erfreue mich toller Aussichten von den Wiener Hausbergen und genie\u00dfe es einfach immer wieder, neue Blickwinkel\u2026","rel":"","context":"In &quot;\u00d6STERREICH&quot;","block_context":{"text":"\u00d6STERREICH","link":"https:\/\/coeser.de\/blog\/index.php\/category\/europa\/oesterreich\/"},"img":{"alt_text":"Sonnenuntergang \u00fcber Wien vom Leopoldsberg aus gesehen","src":"https:\/\/i0.wp.com\/coeser.de\/blog\/wp-content\/uploads\/2020\/10\/wien-schoenste-fotospots-aufmacher0-rathaus-christian-oeser.jpg?resize=350%2C200&ssl=1","width":350,"height":200,"srcset":"https:\/\/i0.wp.com\/coeser.de\/blog\/wp-content\/uploads\/2020\/10\/wien-schoenste-fotospots-aufmacher0-rathaus-christian-oeser.jpg?resize=350%2C200&ssl=1 1x, https:\/\/i0.wp.com\/coeser.de\/blog\/wp-content\/uploads\/2020\/10\/wien-schoenste-fotospots-aufmacher0-rathaus-christian-oeser.jpg?resize=525%2C300&ssl=1 1.5x, https:\/\/i0.wp.com\/coeser.de\/blog\/wp-content\/uploads\/2020\/10\/wien-schoenste-fotospots-aufmacher0-rathaus-christian-oeser.jpg?resize=700%2C400&ssl=1 2x"},"classes":[]},{"id":1619,"url":"https:\/\/coeser.de\/blog\/index.php\/2016\/12\/20\/wien-weihnachtsbeleuchtung\/","url_meta":{"origin":15560,"position":3},"title":"Wien: Weihnachtsbeleuchtung in 15 Fotos","author":"Christian \u00d6ser","date":"20. Dezember 2016","format":false,"excerpt":"Die Weihnachtszeit in meiner Heimatstadt Wien verzaubert nicht nur mich jedes Jahr aufs Neue. Dieser Artikel ist eine Hommage an die \u00f6sterreichische Bundeshauptstadt: bei einem Streifzug durch Wien fing ich die romantische sowie festliche Weihnachtsbeleuchtung ein. Mit glitzernden und sch\u00f6nen Impressionen versetze ich euch garantiert in die richtige Stimmung, um\u2026","rel":"","context":"In &quot;\u00d6STERREICH&quot;","block_context":{"text":"\u00d6STERREICH","link":"https:\/\/coeser.de\/blog\/index.php\/category\/europa\/oesterreich\/"},"img":{"alt_text":"Wiener Stephansplatz mit Stephansdom","src":"https:\/\/i0.wp.com\/coeser.de\/blog\/wp-content\/uploads\/2016\/12\/weihnachtsbeleuchtung-wien-aufmacher-christian-oeser.jpg?resize=350%2C200&ssl=1","width":350,"height":200,"srcset":"https:\/\/i0.wp.com\/coeser.de\/blog\/wp-content\/uploads\/2016\/12\/weihnachtsbeleuchtung-wien-aufmacher-christian-oeser.jpg?resize=350%2C200&ssl=1 1x, https:\/\/i0.wp.com\/coeser.de\/blog\/wp-content\/uploads\/2016\/12\/weihnachtsbeleuchtung-wien-aufmacher-christian-oeser.jpg?resize=525%2C300&ssl=1 1.5x, https:\/\/i0.wp.com\/coeser.de\/blog\/wp-content\/uploads\/2016\/12\/weihnachtsbeleuchtung-wien-aufmacher-christian-oeser.jpg?resize=700%2C400&ssl=1 2x"},"classes":[]},{"id":10675,"url":"https:\/\/coeser.de\/blog\/index.php\/2018\/12\/25\/ganz-wien-in-weihnachtsstimmung\/","url_meta":{"origin":15560,"position":4},"title":"Fotostory: Wien in Weihnachtsstimmung","author":"Christian \u00d6ser","date":"25. Dezember 2018","format":false,"excerpt":"Jedes Jahr zieht es Tausende Besucherinnen und Besucher in meine Heimatstadt Wien, um sich dort w\u00e4hrend der Adventzeit der romantischen Weihnachtsstimmung hinzugeben. Nicht nur, aber vor allem die historische Innenstadt entz\u00fcckt dabei mit einer kreativen und klassischen Weihnachtsbeleuchtung. Ich habe mich auf einen wunderbaren Abendspaziergang begeben, um euch die \u00f6sterreichische\u2026","rel":"","context":"In &quot;\u00d6STERREICH&quot;","block_context":{"text":"\u00d6STERREICH","link":"https:\/\/coeser.de\/blog\/index.php\/category\/europa\/oesterreich\/"},"img":{"alt_text":"Herzerlbaum auf dem Christkindlmarkt vor dem Wiener Rathaus","src":"https:\/\/i0.wp.com\/coeser.de\/blog\/wp-content\/uploads\/2018\/12\/wien-weihnachtsstimmung-aufmacher-rathaus-christian-oeser.jpg?resize=350%2C200&ssl=1","width":350,"height":200,"srcset":"https:\/\/i0.wp.com\/coeser.de\/blog\/wp-content\/uploads\/2018\/12\/wien-weihnachtsstimmung-aufmacher-rathaus-christian-oeser.jpg?resize=350%2C200&ssl=1 1x, https:\/\/i0.wp.com\/coeser.de\/blog\/wp-content\/uploads\/2018\/12\/wien-weihnachtsstimmung-aufmacher-rathaus-christian-oeser.jpg?resize=525%2C300&ssl=1 1.5x, https:\/\/i0.wp.com\/coeser.de\/blog\/wp-content\/uploads\/2018\/12\/wien-weihnachtsstimmung-aufmacher-rathaus-christian-oeser.jpg?resize=700%2C400&ssl=1 2x"},"classes":[]},{"id":13892,"url":"https:\/\/coeser.de\/blog\/index.php\/2019\/12\/31\/europa-26-grandiose-reiseideen-fuer-2020\/","url_meta":{"origin":15560,"position":5},"title":"Europa: 26 grandiose Reiseideen f\u00fcr 2020","author":"Christian \u00d6ser","date":"31. Dezember 2019","format":false,"excerpt":"Alle Jahre wieder neigt sich das aktuelle Jahr zu Ende. Doch jedes Ende ist auch ein Anfang \u2013 und zwar f\u00fcr den Start der zuk\u00fcnftigen Reiseplanungen! Wie sieht es bei euch aus, habt ihr schon jede Menge Reiseziele im Kopf, die ihr unbedingt bald einmal mit eigenen Augen sehen wollt?\u2026","rel":"","context":"In &quot;EUROPA&quot;","block_context":{"text":"EUROPA","link":"https:\/\/coeser.de\/blog\/index.php\/category\/europa\/"},"img":{"alt_text":"","src":"https:\/\/i0.wp.com\/coeser.de\/blog\/wp-content\/uploads\/2019\/12\/reisetipps-reiseinspiration-fotospots-2020-aufmacher-christian-oeser.jpg?resize=350%2C200&ssl=1","width":350,"height":200,"srcset":"https:\/\/i0.wp.com\/coeser.de\/blog\/wp-content\/uploads\/2019\/12\/reisetipps-reiseinspiration-fotospots-2020-aufmacher-christian-oeser.jpg?resize=350%2C200&ssl=1 1x, https:\/\/i0.wp.com\/coeser.de\/blog\/wp-content\/uploads\/2019\/12\/reisetipps-reiseinspiration-fotospots-2020-aufmacher-christian-oeser.jpg?resize=525%2C300&ssl=1 1.5x, https:\/\/i0.wp.com\/coeser.de\/blog\/wp-content\/uploads\/2019\/12\/reisetipps-reiseinspiration-fotospots-2020-aufmacher-christian-oeser.jpg?resize=700%2C400&ssl=1 2x"},"classes":[]}],"jetpack_sharing_enabled":true,"_links":{"self":[{"href":"https:\/\/coeser.de\/blog\/index.php\/wp-json\/wp\/v2\/posts\/15560","targetHints":{"allow":["GET"]}}],"collection":[{"href":"https:\/\/coeser.de\/blog\/index.php\/wp-json\/wp\/v2\/posts"}],"about":[{"href":"https:\/\/coeser.de\/blog\/index.php\/wp-json\/wp\/v2\/types\/post"}],"author":[{"embeddable":true,"href":"https:\/\/coeser.de\/blog\/index.php\/wp-json\/wp\/v2\/users\/1"}],"replies":[{"embeddable":true,"href":"https:\/\/coeser.de\/blog\/index.php\/wp-json\/wp\/v2\/comments?post=15560"}],"version-history":[{"count":3,"href":"https:\/\/coeser.de\/blog\/index.php\/wp-json\/wp\/v2\/posts\/15560\/revisions"}],"predecessor-version":[{"id":23878,"href":"https:\/\/coeser.de\/blog\/index.php\/wp-json\/wp\/v2\/posts\/15560\/revisions\/23878"}],"wp:featuredmedia":[{"embeddable":true,"href":"https:\/\/coeser.de\/blog\/index.php\/wp-json\/wp\/v2\/media\/15562"}],"wp:attachment":[{"href":"https:\/\/coeser.de\/blog\/index.php\/wp-json\/wp\/v2\/media?parent=15560"}],"wp:term":[{"taxonomy":"category","embeddable":true,"href":"https:\/\/coeser.de\/blog\/index.php\/wp-json\/wp\/v2\/categories?post=15560"},{"taxonomy":"post_tag","embeddable":true,"href":"https:\/\/coeser.de\/blog\/index.php\/wp-json\/wp\/v2\/tags?post=15560"}],"curies":[{"name":"wp","href":"https:\/\/api.w.org\/{rel}","templated":true}]}}