{"id":15690,"date":"2020-06-23T07:00:28","date_gmt":"2020-06-23T05:00:28","guid":{"rendered":"https:\/\/coeser.de\/blog\/?p=15690"},"modified":"2023-12-31T09:13:46","modified_gmt":"2023-12-31T08:13:46","slug":"jagd-auf-die-schoensten-treppenhaeuser","status":"publish","type":"post","link":"https:\/\/coeser.de\/blog\/index.php\/2020\/06\/23\/jagd-auf-die-schoensten-treppenhaeuser\/","title":{"rendered":"Jagd auf die sch\u00f6nsten Treppenh\u00e4user"},"content":{"rendered":"<p><strong>W\u00e4hrend ein Gro\u00dfteil der Menschen Treppenh\u00e4user entweder gar nicht oder als Mittel zum Zweck betrachtet, genie\u00dfen sie unter Fotografen eine besondere Stellung. Der Blick von unten nach oben oder von oben nach unten bringt nicht selten architektonische Formen hervor, die auf Fotos ein wahres Kunstwerk ergeben. Mich selbst hat die Leidenschaft der Treppenhausfotografie schon 2004 gepackt. Welche Treppensch\u00e4tze ich auf Reisen bereits entdeckt habe, zeige ich euch in diesem Artikel!<\/strong><br \/>\n<!--more--><\/p>\n<hr \/>\n<div class=\"highlights\">\n<h3>DIE H\u00d6HEPUNKTE IN DIESEM ARTIKEL<\/h3>\n<p>Pers\u00f6nliche Worte zur Faszination Treppenhausfotografie und warum ich weltweit danach &#8222;jage&#8220;<\/p>\n<p>Ein kurzer historischer Einblick in die Geschichte der Treppenh\u00e4user und ihre Entwicklung \u00fcber die Zeit<\/p>\n<p>Meine sch\u00f6nsten Bilder von Treppenh\u00e4usern aus Antwerpen, M\u00fcnchen, Prag, London und mehr<\/p>\n<p>Alle Bilder mit GPS-Koordinaten, damit ihr euch selbst ein Bild des Treppenhauses vor Ort machen k\u00f6nnt<\/p>\n<p>Ein Link zu meiner Webseite <a href=\"https:\/\/staircase-photography.at\/\" target=\"_blank\" rel=\"noopener\"><strong>staircase-photography.at<\/strong><\/a>, wo ihr \u00fcber 700 Fotos von Treppenh\u00e4usern findet<\/p>\n<\/div>\n<p>&nbsp;<\/p>\n<p><em><span style=\"color: #0000ff;\">Dieser Artikel wurde zuletzt am 31. Dezember 2023 aktualisiert.<\/span><\/em><\/p>\n\n<hr \/>\n<h2><img loading=\"lazy\" decoding=\"async\" class=\"alignnone size-full wp-image-15716\" src=\"https:\/\/coeser.de\/blog\/wp-content\/uploads\/2020\/06\/treppenhaeuser-europa-aufmacher1-wien-christian-oeser.jpg\" alt=\"Stiegenhaus in einem Altbau in Wien, \u00d6sterreich\" width=\"970\" height=\"323\" srcset=\"https:\/\/coeser.de\/blog\/wp-content\/uploads\/2020\/06\/treppenhaeuser-europa-aufmacher1-wien-christian-oeser.jpg 970w, https:\/\/coeser.de\/blog\/wp-content\/uploads\/2020\/06\/treppenhaeuser-europa-aufmacher1-wien-christian-oeser-768x256.jpg 768w\" sizes=\"auto, (max-width: 970px) 100vw, 970px\" \/><\/h2>\n<h2>Faszination Treppenhausfotografie<\/h2>\n<p>Ich glaube, jede Fotografin und jeder Fotograf kommt irgendwann in seinem Leben mit der Treppenhausfotografie in Ber\u00fchrung. Auf einige, so auch auf mich, strahlt diese Sparte der Fotografie eine derart gro\u00dfe Anziehungskraft aus, dass einen die Treppenh\u00e4user ewig &#8222;verfolgen&#8220;. \ud83d\ude09 Es ist einfach die Faszination an der Architektur, die mich so anspricht. Obwohl Treppen eigentlich als Zweckobjekte dienen, sind sie bei n\u00e4herer Betrachtung oft der Star des ganzen Bauwerks.<\/p>\n<h3>Kein Urlaub ohne &#8222;Schneckerl&#8220;<\/h3>\n<p>Schon seit vielen Jahren geh\u00f6rt es f\u00fcr mich dazu, vor jeder Reise in eine andere Stadt eine Menge Zeit f\u00fcr die Recherche nach sehenswerten Treppenh\u00e4usern zu investieren. In \u00d6sterreich sagt man \u00fcbrigens Stiegenh\u00e4user und bei schneckenf\u00f6rmigen Treppen im Wienerischen auch gern einfach &#8222;Schneckerl&#8220;. Neben der Internetsuche halte ich nat\u00fcrlich auch vor Ort selbst Ausschau nach interessanten Geb\u00e4uden. Eines habe ich mittlerweile wirklich gelernt: sch\u00f6ne Treppenh\u00e4user sind nicht immer nur in sch\u00f6nen Bauwerken zu finden. Oft \u00fcberrascht selbst ein heruntergekommenes Haus mit einer wundervollen Stiege!<\/p>\n<h2><img loading=\"lazy\" decoding=\"async\" class=\"alignnone size-full wp-image-15717\" src=\"https:\/\/coeser.de\/blog\/wp-content\/uploads\/2020\/06\/treppenhaeuser-europa-aufmacher2-hamburg-christian-oeser.jpg\" alt=\"Treppenhaus im Haus Alstertor in Hamburg, Deutschland\" width=\"970\" height=\"323\" srcset=\"https:\/\/coeser.de\/blog\/wp-content\/uploads\/2020\/06\/treppenhaeuser-europa-aufmacher2-hamburg-christian-oeser.jpg 970w, https:\/\/coeser.de\/blog\/wp-content\/uploads\/2020\/06\/treppenhaeuser-europa-aufmacher2-hamburg-christian-oeser-768x256.jpg 768w\" sizes=\"auto, (max-width: 970px) 100vw, 970px\" \/><\/h2>\n<h2>Die Geschichte der Treppenh\u00e4user<\/h2>\n<p>Die Verwendung von Treppen geht bis in die Steinzeit zur\u00fcck, als in Baumst\u00e4mme geschlagene Stufen die \u00dcberwindung von H\u00f6henunterschieden erm\u00f6glichten. Aus der Bronzezeit ist heute noch die \u00e4lteste Holztreppe Europas im Salzbergwerk Hallstatt konserviert. Mit immer neueren Baumaterialien wie Stein, Beton oder Metall ver\u00e4nderten sich auch die Treppenh\u00e4user markant. Im Mittelalter kam etwa die enge Wendeltreppe auf, um die Ausbreitung von Br\u00e4nden zu verz\u00f6gern und Angriffe von Feinden besser abwehren zu k\u00f6nnen.<\/p>\n<h3>Das Treppenauge als Herz jeder Stiege<\/h3>\n<p>Architektonisch richtig interessant wurde es ab der Renaissancezeit. Erstmals wurden Treppenh\u00e4user mit Fenstern nach au\u00dfen gebaut und das einfallende Licht durch einen Freiraum in der Stiege in alle Etagen geleitet. Dieser Hohlraum ist unter dem Begriff &#8222;Treppenauge&#8220; bekannt und das Objekt der Begierde unter Fotografen. Je nach Art des Treppenauges entsteht beim Blick von unten nach oben der typische Eindruck eines Auges in ovaler, runder, eckiger oder einer anderen kreativen Form. Schaut man hingegen von oben nach unten, pr\u00e4sentiert sich das Stiegenhaus oftmals komplett anders, weil man pl\u00f6tzlich auf die Stufen und den Bodenbelag blickt.<\/p>\n<h3>Die sch\u00f6nsten Treppenh\u00e4user in Europa<\/h3>\n<p>Nachfolgend stelle ich euch nun 20 Treppenh\u00e4user aus Europa vor, die einen ganz besonderen Eindruck bei mir hinterlassen haben. Die gute Nachricht f\u00fcr euch: alle diese Stiegenh\u00e4user sind \u00f6ffentlich zug\u00e4nglich und k\u00f6nnen in Natura bewundert werden. \ud83d\ude42 Wie \u00fcberall im Leben gilt nat\u00fcrlich auch in den Geb\u00e4uden: verhaltet euch so respektvoll, wie ihr es auch von anderen erwarten w\u00fcrdet. Wenn es beim Zutritt etwas besonderes zu beachten gibt, schreibe ich euch das nat\u00fcrlich zu den Fotos dazu. Viel Spa\u00df beim Anschauen \u2013 und vielleicht schon bald selbst bewundern?<\/p>\n<hr \/>\n<div class=\"tipps\">\n<h3>Staircase-Photography.at<\/h3>\n<p>Nachdem ich Treppenh\u00e4user schon seit 2004 fotografiere, ist mit der Zeit nat\u00fcrlich eine gro\u00dfe Sammlung zusammengekommen. Auf meiner Webseite <a href=\"https:\/\/staircase-photography.at\" target=\"_blank\" rel=\"noopener noreferrer\"><strong>staircase-photography.at<\/strong><\/a> k\u00f6nnt ihr deshalb \u00fcber 700 Stiegenh\u00e4user aus aller Welt von oben und von unten bewundern. Die Sammlung wird \u00fcbrigens st\u00e4ndig erweitert!<\/p>\n<\/div>\n<p>&nbsp;<\/p>\n<hr \/>\n<h2>Fotos der sch\u00f6nsten Treppenh\u00e4user in Europa<\/h2>\n<figure class=\"bigpicture\" style=\"width: 970px;\"><img loading=\"lazy\" decoding=\"async\" class=\"wp-image-15694 size-full\" src=\"https:\/\/coeser.de\/blog\/wp-content\/uploads\/2020\/06\/treppenhaeuser-europa-gal01-antwerpen-christian-oeser.jpg\" alt=\"Treppenhaus im Verwaltungsgeb\u00e4ude Den Bell in Antwerpen, Belgien\" width=\"960\" height=\"640\" srcset=\"https:\/\/coeser.de\/blog\/wp-content\/uploads\/2020\/06\/treppenhaeuser-europa-gal01-antwerpen-christian-oeser.jpg 960w, https:\/\/coeser.de\/blog\/wp-content\/uploads\/2020\/06\/treppenhaeuser-europa-gal01-antwerpen-christian-oeser-768x512.jpg 768w, https:\/\/coeser.de\/blog\/wp-content\/uploads\/2020\/06\/treppenhaeuser-europa-gal01-antwerpen-christian-oeser-330x220.jpg 330w\" sizes=\"auto, (max-width: 960px) 100vw, 960px\" \/><figcaption class=\"bigpicture-text\">\n<h3>Treppenhaus im Verwaltungsgeb\u00e4ude Den Bell, Antwerpen<\/h3>\n<p><strong>Den Bell<\/strong> (Antwerpen, Belgien, <em>Francis Wellesplein 1<\/em>)<br \/>\nEines der sch\u00f6nsten Treppenh\u00e4user in Europa befindet sich in <a href=\"https:\/\/coeser.de\/blog\/index.php\/2019\/07\/16\/antwerpen-die-stadt-der-kontraste\/\" target=\"_blank\" rel=\"noopener noreferrer\"><strong>Antwerpen<\/strong><\/a> in einem Geb\u00e4ude aus dem Jahr 1953. Es geh\u00f6rte fr\u00fcher der Telefongesellschaft Bell Telephone Manufacturing Company und wurde vom Architekten Jean-Laurent Hasse geplant. Seit 2009 ist es das zentrale Verwaltungsgeb\u00e4ude der Stadt Antwerpen. Das Treppenhaus im 58 Meter hohen Turm ist absolut beeindruckend und von beiden Seiten aus spektakul\u00e4r anzusehen (siehe auch das Aufmacherfoto dieses Artikels).<br \/>\n<a href=\"https:\/\/www.google.de\/maps\/place\/51.205822,4.398479\" target=\"_blank\" rel=\"noopener noreferrer\"><strong>Aufnahmeort anzeigen<\/strong><\/a><\/p>\n<\/figcaption><\/figure>\n<figure class=\"bigpicture\" style=\"width: 970px;\"><img loading=\"lazy\" decoding=\"async\" class=\"wp-image-15695 size-full\" src=\"https:\/\/coeser.de\/blog\/wp-content\/uploads\/2020\/06\/treppenhaeuser-europa-gal02-hamburg-christian-oeser.jpg\" alt=\"Treppenhaus im Kontorhaus Alsterthor in Hamburg\" width=\"960\" height=\"640\" srcset=\"https:\/\/coeser.de\/blog\/wp-content\/uploads\/2020\/06\/treppenhaeuser-europa-gal02-hamburg-christian-oeser.jpg 960w, https:\/\/coeser.de\/blog\/wp-content\/uploads\/2020\/06\/treppenhaeuser-europa-gal02-hamburg-christian-oeser-768x512.jpg 768w, https:\/\/coeser.de\/blog\/wp-content\/uploads\/2020\/06\/treppenhaeuser-europa-gal02-hamburg-christian-oeser-330x220.jpg 330w\" sizes=\"auto, (max-width: 960px) 100vw, 960px\" \/><figcaption class=\"bigpicture-text\">\n<h3>Treppenhaus im Kontorhaus Alsterthor, Hamburg<\/h3>\n<p><strong>Haus Alsterthor<\/strong> (Hamburg, Deutschland, <em>Alstertor<\/em>)<br \/>\n<strong><a href=\"https:\/\/coeser.de\/blog\/index.php\/2018\/01\/30\/hamburg-hafenstadt-meines-vertrauens\/\" target=\"_blank\" rel=\"noopener noreferrer\">Hamburg<\/a><\/strong> verdankt seinen Charme nicht nur, aber sehr stark den zahlreichen Kontorh\u00e4usern. Ein Kontorhaus bezeichnet ein als reines B\u00fcrogeb\u00e4ude konzipiertes Haus, das in der Zeit zwischen 1886 und 1938 erbaut wurde. Vor allem in Hafenst\u00e4dten ist diese Bauart vorherrschend. Ein beeindruckendes Beispiel daf\u00fcr ist das Haus Alsterthor aus dem Jahr 1900, dessen Treppenhaus einfach sprachlos macht. Als besonders stilvoll empfinde ich das Marmormuster an der Wand und wenn man von unten nach oben blickt.<br \/>\n<a href=\"https:\/\/www.google.de\/maps\/place\/53.552649,9.997415\" target=\"_blank\" rel=\"noopener noreferrer\"><strong>Aufnahmeort anzeigen<\/strong><\/a><\/p>\n<\/figcaption><\/figure>\n<figure class=\"bigpicture\" style=\"width: 970px;\"><img loading=\"lazy\" decoding=\"async\" class=\"wp-image-15710 size-full\" src=\"https:\/\/coeser.de\/blog\/wp-content\/uploads\/2020\/06\/treppenhaeuser-europa-gal17-london-christian-oeser.jpg\" alt=\"Treppenhaus im Einrichtungshaus Heal's in London\" width=\"960\" height=\"640\" srcset=\"https:\/\/coeser.de\/blog\/wp-content\/uploads\/2020\/06\/treppenhaeuser-europa-gal17-london-christian-oeser.jpg 960w, https:\/\/coeser.de\/blog\/wp-content\/uploads\/2020\/06\/treppenhaeuser-europa-gal17-london-christian-oeser-768x512.jpg 768w, https:\/\/coeser.de\/blog\/wp-content\/uploads\/2020\/06\/treppenhaeuser-europa-gal17-london-christian-oeser-330x220.jpg 330w\" sizes=\"auto, (max-width: 960px) 100vw, 960px\" \/><figcaption class=\"bigpicture-text\">\n<h3>Treppenhaus im Einrichtungshaus Heal&#8217;s, London<\/h3>\n<p><strong>Heal&#8217;s<\/strong> (London, Gro\u00dfbritannien, <em>196 Tottenham Court Road<\/em>)<br \/>\nIch bin niemand, der gro\u00dfes Interesse am Shopping zeigt. So gesehen fand ich mit dem Treppenhaus im Londoner Einrichtungshaus Heal&#8217;s die ideale Besch\u00e4ftigung, w\u00e4hrend meine Freundin sich den ausgestellten M\u00f6beln und Lampen widmete. Die Firma Heal&#8217;s ist ein Londoner Traditionsbetrieb und schon seit 1818 auf der Totenham Court Road beheimatet. Das aktuelle Geb\u00e4ude aus dem Jahr 1917 hat das gro\u00dfartige Treppenhaus als zentralen Bestandteil im hinteren Bereich des Gesch\u00e4fts integriert. Lasst euch dieses Schmuckst\u00fcck bei eurem n\u00e4chsten Besuch in <a href=\"https:\/\/coeser.de\/blog\/index.php\/2020\/05\/05\/london-10-orte-fuer-das-zweite-mal\/\" target=\"_blank\" rel=\"noopener noreferrer\"><strong>London<\/strong><\/a> nicht entgehen!<br \/>\n<a href=\"https:\/\/www.google.de\/maps\/place\/51.521319,-0.134255\" target=\"_blank\" rel=\"noopener noreferrer\"><strong>Aufnahmeort anzeigen<\/strong><\/a><\/p>\n<\/figcaption><\/figure>\n<figure class=\"bigpicture\" style=\"width: 970px;\"><img loading=\"lazy\" decoding=\"async\" class=\"wp-image-15697 size-full\" src=\"https:\/\/coeser.de\/blog\/wp-content\/uploads\/2020\/06\/treppenhaeuser-europa-gal04-hamburg-christian-oeser.jpg\" alt=\"Treppenhaus in der Alten Oberpostdirektion in Hamburg\" width=\"960\" height=\"640\" srcset=\"https:\/\/coeser.de\/blog\/wp-content\/uploads\/2020\/06\/treppenhaeuser-europa-gal04-hamburg-christian-oeser.jpg 960w, https:\/\/coeser.de\/blog\/wp-content\/uploads\/2020\/06\/treppenhaeuser-europa-gal04-hamburg-christian-oeser-768x512.jpg 768w, https:\/\/coeser.de\/blog\/wp-content\/uploads\/2020\/06\/treppenhaeuser-europa-gal04-hamburg-christian-oeser-330x220.jpg 330w\" sizes=\"auto, (max-width: 960px) 100vw, 960px\" \/><figcaption class=\"bigpicture-text\">\n<h3>Treppenhaus in der Alten Oberpostdirektion, Hamburg<\/h3>\n<p><strong>Alte Oberpostdirektion<\/strong> (Hamburg, Deutschland, <em>Stephansplatz 3<\/em>)<br \/>\nWas von au\u00dfen wie ein f\u00fcrstliches Schloss aussieht, war in Wirklichkeit 90 Jahre lang die Oberpostdirektion von Hamburg. Erbaut 1883, sollte das vormals gr\u00f6\u00dfte Postgeb\u00e4ude des Deutschen Reichs f\u00fcr geb\u00fchrendes Aufsehen in der \u00d6ffentlichkeit sorgen. Heute befinden sich ein Einkaufszentrum und ein Medizinisches Zentrum darin. Die visuell einsaugende Treppe hat ihren Reiz \u00fcber die Zeit jedenfalls nicht verloren!<br \/>\n<a href=\"https:\/\/www.google.de\/maps\/place\/53.558030,9.988472\" target=\"_blank\" rel=\"noopener noreferrer\"><strong>Aufnahmeort anzeigen<\/strong><\/a><\/p>\n<\/figcaption><\/figure>\n<figure class=\"bigpicture\" style=\"width: 970px;\"><img loading=\"lazy\" decoding=\"async\" class=\"wp-image-15699 size-full\" src=\"https:\/\/coeser.de\/blog\/wp-content\/uploads\/2020\/06\/treppenhaeuser-europa-gal06-muenchen-christian-oeser.jpg\" alt=\"Treppenhaus im St\u00e4dtischen Hochhaus in M\u00fcnchen\" width=\"960\" height=\"640\" srcset=\"https:\/\/coeser.de\/blog\/wp-content\/uploads\/2020\/06\/treppenhaeuser-europa-gal06-muenchen-christian-oeser.jpg 960w, https:\/\/coeser.de\/blog\/wp-content\/uploads\/2020\/06\/treppenhaeuser-europa-gal06-muenchen-christian-oeser-768x512.jpg 768w, https:\/\/coeser.de\/blog\/wp-content\/uploads\/2020\/06\/treppenhaeuser-europa-gal06-muenchen-christian-oeser-330x220.jpg 330w\" sizes=\"auto, (max-width: 960px) 100vw, 960px\" \/><figcaption class=\"bigpicture-text\">\n<h3>Treppenhaus im St\u00e4dtischen Hochhaus, M\u00fcnchen<\/h3>\n<p><strong>St\u00e4dtisches Hochhaus<\/strong> (M\u00fcnchen, Deutschland, <em>Blumenstra\u00dfe 28b<\/em>)<br \/>\nIch habe in meiner Treppenhaus-Sammlung ja so einige architektonische Sch\u00e4tze abgelichtet. Aber das Stiegenhaus im St\u00e4dtischen Hochhaus M\u00fcnchen geh\u00f6rt zu meinen absoluten Favoriten. Es ist an Eleganz und Stil schwer zu \u00fcbertreffen und strahlt einfach Perfektionismus aus. Beim Geb\u00e4ude von Architekt Hermann Leitenstorfer handelt es sich um M\u00fcnchens \u00e4ltestes Hochhaus aus dem Jahr 1929, in dem heute die Stadtverwaltung untergebracht ist. Ihr findet im Haus \u00fcbrigens auch noch einen Paternoster-Aufzug \u2013 ich hoffe, er ist immer noch in Betrieb!<br \/>\n<a href=\"https:\/\/www.google.de\/maps\/place\/48.132204,11.570832\" target=\"_blank\" rel=\"noopener noreferrer\"><strong>Aufnahmeort anzeigen<\/strong><\/a><\/p>\n<\/figcaption><\/figure>\n<figure class=\"bigpicture\" style=\"width: 970px;\"><img loading=\"lazy\" decoding=\"async\" class=\"wp-image-15701 size-full\" src=\"https:\/\/coeser.de\/blog\/wp-content\/uploads\/2020\/06\/treppenhaeuser-europa-gal08-rotterdam-christian-oeser.jpg\" alt=\"Treppenhaus in der Hogeschool Rotterdam\" width=\"960\" height=\"640\" srcset=\"https:\/\/coeser.de\/blog\/wp-content\/uploads\/2020\/06\/treppenhaeuser-europa-gal08-rotterdam-christian-oeser.jpg 960w, https:\/\/coeser.de\/blog\/wp-content\/uploads\/2020\/06\/treppenhaeuser-europa-gal08-rotterdam-christian-oeser-768x512.jpg 768w, https:\/\/coeser.de\/blog\/wp-content\/uploads\/2020\/06\/treppenhaeuser-europa-gal08-rotterdam-christian-oeser-330x220.jpg 330w\" sizes=\"auto, (max-width: 960px) 100vw, 960px\" \/><figcaption class=\"bigpicture-text\">\n<h3>Treppenhaus in der Hogeschool, Rotterdam<\/h3>\n<p><strong>Hogeschool Rotterdam<\/strong> (Rotterdam, Niederlande, <em>Museumpark 40<\/em>)<br \/>\nEin wahres Kleinod verbirgt sich in der Fachhochschule <strong><a href=\"https:\/\/coeser.de\/blog\/index.php\/2018\/06\/19\/rotterdam-moderne-stadt-mit-altem-charme\/\" target=\"_blank\" rel=\"noopener noreferrer\">Rotterdam<\/a> <\/strong>am Standort Museumpark. Der Geb\u00e4udekomplex besteht aus zwei flachen Teilen und einem Hochhaus, in dem sich das Treppenhaus befindet. Entworfen wurde es 1930 vom Industriedesigner Willem Hendrik Gispen. Das Geb\u00e4ude nutzte bis 1993 der Lebensmittelhersteller Unilever, bevor die Hogeschool Rotterdam einzog. Das Treppenhaus besticht nicht nur durch seine Form, sondern vor allem durch die Anbringung von acht Lampen in jedem Stockwerk.<br \/>\n<a href=\"https:\/\/www.google.de\/maps\/place\/51.913522,4.468934\" target=\"_blank\" rel=\"noopener noreferrer\"><strong>Aufnahmeort anzeigen<\/strong><\/a><\/p>\n<\/figcaption><\/figure>\n<figure class=\"bigpicture\" style=\"width: 970px;\"><img loading=\"lazy\" decoding=\"async\" class=\"wp-image-15702 size-full\" src=\"https:\/\/coeser.de\/blog\/wp-content\/uploads\/2020\/06\/treppenhaeuser-europa-gal09-berlin-christian-oeser.jpg\" alt=\"Treppenhaus in den Rosenh\u00f6fen in Berlin\" width=\"960\" height=\"640\" srcset=\"https:\/\/coeser.de\/blog\/wp-content\/uploads\/2020\/06\/treppenhaeuser-europa-gal09-berlin-christian-oeser.jpg 960w, https:\/\/coeser.de\/blog\/wp-content\/uploads\/2020\/06\/treppenhaeuser-europa-gal09-berlin-christian-oeser-768x512.jpg 768w, https:\/\/coeser.de\/blog\/wp-content\/uploads\/2020\/06\/treppenhaeuser-europa-gal09-berlin-christian-oeser-330x220.jpg 330w\" sizes=\"auto, (max-width: 960px) 100vw, 960px\" \/><figcaption class=\"bigpicture-text\">\n<h3>Treppenhaus in den Rosenh\u00f6fen, Berlin<\/h3>\n<p><strong>Rosenh\u00f6fe<\/strong> (Berlin, Deutschland, <em>Rosenthaler Stra\u00dfe 35<\/em>)<br \/>\nDie Rosenh\u00f6fe in <a href=\"https:\/\/coeser.de\/blog\/index.php\/2018\/11\/06\/berlin-fuer-anfaenger-teil-1\/\" target=\"_blank\" rel=\"noopener noreferrer\"><strong>Berlin<\/strong><\/a> grenzen an den Hackeschen Markt an und geh\u00f6ren zu einem Geb\u00e4udekomplex mit mehreren gro\u00dfen H\u00f6fen. Dort haben sich zahlreiche kreative L\u00e4den und Caf\u00e9s angesiedelt, die Touristen wie Einheimische anziehen. Beim Eingang Rosenthaler Stra\u00dfe 35 \u2013 erkennbar am wundersch\u00f6nen Jugendstilschriftzug &#8222;Rosenh\u00f6fe&#8220; \u2013 durchquert ihr einen Durchgang. In diesem f\u00fchrt eine Treppe mit floral gestalteten Gel\u00e4nder zu den Wohnungen in den Obergeschossen. Im ersten Stock ist zwar eine Absperrung, aber der Blick von unten hinauf ist f\u00fcr die \u00d6ffentlichkeit m\u00f6glich und immer wieder aufs Neue ein Leckerbissen!<br \/>\n<a href=\"https:\/\/www.google.de\/maps\/place\/52.524652,13.402727\" target=\"_blank\" rel=\"noopener noreferrer\"><strong>Aufnahmeort anzeigen<\/strong><\/a><\/p>\n<\/figcaption><\/figure>\n<figure class=\"bigpicture\" style=\"width: 970px;\"><img loading=\"lazy\" decoding=\"async\" class=\"wp-image-15696 size-full\" src=\"https:\/\/coeser.de\/blog\/wp-content\/uploads\/2020\/06\/treppenhaeuser-europa-gal03-hamburg-christian-oeser.jpg\" alt=\"Treppenhaus im Kontorhaus Me\u00dfberghof in Hamburg\" width=\"960\" height=\"640\" srcset=\"https:\/\/coeser.de\/blog\/wp-content\/uploads\/2020\/06\/treppenhaeuser-europa-gal03-hamburg-christian-oeser.jpg 960w, https:\/\/coeser.de\/blog\/wp-content\/uploads\/2020\/06\/treppenhaeuser-europa-gal03-hamburg-christian-oeser-768x512.jpg 768w, https:\/\/coeser.de\/blog\/wp-content\/uploads\/2020\/06\/treppenhaeuser-europa-gal03-hamburg-christian-oeser-330x220.jpg 330w\" sizes=\"auto, (max-width: 960px) 100vw, 960px\" \/><figcaption class=\"bigpicture-text\">\n<h3>Treppenhaus im Kontorhaus Me\u00dfberghof, Hamburg<\/h3>\n<p><strong>Me\u00dfberghof<\/strong> (Hamburg, Deutschland, <em>Me\u00dfberg 1<\/em>)<br \/>\nEin weiteres Kontorhaus in <a href=\"https:\/\/coeser.de\/blog\/index.php\/2019\/11\/26\/hamburg-das-perfekte-wochenende\/\" target=\"_blank\" rel=\"noopener noreferrer\"><strong>Hamburg<\/strong><\/a> mit sehenswertem Treppenhaus ist der Me\u00dfberghof aus dem Jahr 1924. Der urspr\u00fcngliche Name lautete Ballinhaus und erinnerte an den 1918 verstorbenen Hamburger Reeder Albert Ballin. In der NS-Zeit erfolgte wegen Ballins j\u00fcdischer Abstammung eine Umbennung in Me\u00dfberghof, die leider bis heute nicht r\u00fcckg\u00e4ngig gemacht wurde.<br \/>\n<a href=\"https:\/\/www.google.de\/maps\/place\/53.547792,10.002515\" target=\"_blank\" rel=\"noopener noreferrer\"><strong>Aufnahmeort anzeigen<\/strong><\/a><\/p>\n<\/figcaption><\/figure>\n<figure class=\"bigpicture\" style=\"width: 970px;\"><img loading=\"lazy\" decoding=\"async\" class=\"wp-image-15703 size-full\" src=\"https:\/\/coeser.de\/blog\/wp-content\/uploads\/2020\/06\/treppenhaeuser-europa-gal10-berlin-christian-oeser.jpg\" alt=\"Treppenhaus im Bayer-Haus in Berlin\" width=\"960\" height=\"640\" srcset=\"https:\/\/coeser.de\/blog\/wp-content\/uploads\/2020\/06\/treppenhaeuser-europa-gal10-berlin-christian-oeser.jpg 960w, https:\/\/coeser.de\/blog\/wp-content\/uploads\/2020\/06\/treppenhaeuser-europa-gal10-berlin-christian-oeser-768x512.jpg 768w, https:\/\/coeser.de\/blog\/wp-content\/uploads\/2020\/06\/treppenhaeuser-europa-gal10-berlin-christian-oeser-330x220.jpg 330w\" sizes=\"auto, (max-width: 960px) 100vw, 960px\" \/><figcaption class=\"bigpicture-text\">\n<h3>Treppenhaus im Bayer-Haus, Berlin<\/h3>\n<p><strong>Bayer-Haus<\/strong> (Berlin, Deutschland, <em>Kurf\u00fcrstendamm 178-179<\/em>)<br \/>\nEin weiteres Beispiel f\u00fcr die architektonische Kunst der 50er-Jahre ist das Bayer-Haus auf dem Kurf\u00fcrstendamm in <a href=\"https:\/\/coeser.de\/blog\/index.php\/2019\/02\/12\/berlin-fuer-fortgeschrittene-teil-1\/\" target=\"_blank\" rel=\"noopener noreferrer\"><strong>Berlin<\/strong><\/a>. Es stammt von den Architekten Hans Geber sowie Otto Risse und war einer der ersten Neubauten nach dem Zweiten Weltkrieg in Berlin. Den Namen verdankt es dem Chemiekonzern Bayer, der dort fr\u00fcher seinen Sitz hatte. Im Empfangsbereich sa\u00df ein Portier, der auf Nachfrage keine Einw\u00e4nde gegen die Besichtigung des Geb\u00e4udes hatte \u2013 ein f\u00fcr mich ungew\u00f6hnlicher und erfreulicher Moment! Die Treppe besticht durch ihre Eleganz sowie dem Kontrast zwischen dunklen Marmorstufen und goldenem Gel\u00e4nder.<br \/>\n<a href=\"https:\/\/www.google.de\/maps\/place\/52.500170,13.311376\" target=\"_blank\" rel=\"noopener noreferrer\"><strong>Aufnahmeort anzeigen<\/strong><\/a><\/p>\n<\/figcaption><\/figure>\n<figure class=\"bigpicture\" style=\"width: 970px;\"><img loading=\"lazy\" decoding=\"async\" class=\"wp-image-15704 size-full\" src=\"https:\/\/coeser.de\/blog\/wp-content\/uploads\/2020\/06\/treppenhaeuser-europa-gal11-zuerich-christian-oeser.jpg\" alt=\"Treppenhaus im Hauptbahnhof von Z\u00fcrich\" width=\"960\" height=\"640\" srcset=\"https:\/\/coeser.de\/blog\/wp-content\/uploads\/2020\/06\/treppenhaeuser-europa-gal11-zuerich-christian-oeser.jpg 960w, https:\/\/coeser.de\/blog\/wp-content\/uploads\/2020\/06\/treppenhaeuser-europa-gal11-zuerich-christian-oeser-768x512.jpg 768w, https:\/\/coeser.de\/blog\/wp-content\/uploads\/2020\/06\/treppenhaeuser-europa-gal11-zuerich-christian-oeser-330x220.jpg 330w\" sizes=\"auto, (max-width: 960px) 100vw, 960px\" \/><figcaption class=\"bigpicture-text\">\n<h3>Treppenhaus im Hauptbahnhof, Z\u00fcrich<\/h3>\n<p><strong>Hauptbahnhof<\/strong> (Z\u00fcrich, Schweiz, <em>Bahnhofplatz 15<\/em>)<br \/>\nNach diesem &#8222;Schneckerl&#8220; habe ich lange gesucht, schlie\u00dflich aber doch gefunden. Es liegt im Hauptbahnhof von <a href=\"https:\/\/coeser.de\/blog\/index.php\/2019\/01\/29\/zuerich-die-teure-genussstadt\/\" target=\"_blank\" rel=\"noopener noreferrer\"><strong>Z\u00fcrich<\/strong><\/a>, der von der Gr\u00f6\u00dfe her ein nicht zu untersch\u00e4tzender Geb\u00e4udekomplex ist. Rund um die historische Bahnhofshalle von 1871 sind mehrere Bauwerke aufgereiht, in denen sich B\u00fcros und sonstige R\u00e4ume befinden. In einem davon versteckt sich das sehenswerte Treppenhaus. Des R\u00e4tsels L\u00f6sung: Haltet einfach Ausschau nach dem Restaurant <em>Au Premier<\/em>, denn dorthin f\u00fchrt die Treppe!<br \/>\n<a href=\"https:\/\/www.google.de\/maps\/place\/47.377478,8.540046\" target=\"_blank\" rel=\"noopener noreferrer\"><strong>Aufnahmeort anzeigen<\/strong><\/a><\/p>\n<\/figcaption><\/figure>\n<figure class=\"bigpicture\" style=\"width: 970px;\"><img loading=\"lazy\" decoding=\"async\" class=\"wp-image-15705 size-full\" src=\"https:\/\/coeser.de\/blog\/wp-content\/uploads\/2020\/06\/treppenhaeuser-europa-gal12-zuerich-christian-oeser.jpg\" alt=\"Treppenhaus in der Hochschule f\u00fcr Wirtschaft in Z\u00fcrich\" width=\"960\" height=\"640\" srcset=\"https:\/\/coeser.de\/blog\/wp-content\/uploads\/2020\/06\/treppenhaeuser-europa-gal12-zuerich-christian-oeser.jpg 960w, https:\/\/coeser.de\/blog\/wp-content\/uploads\/2020\/06\/treppenhaeuser-europa-gal12-zuerich-christian-oeser-768x512.jpg 768w, https:\/\/coeser.de\/blog\/wp-content\/uploads\/2020\/06\/treppenhaeuser-europa-gal12-zuerich-christian-oeser-330x220.jpg 330w\" sizes=\"auto, (max-width: 960px) 100vw, 960px\" \/><figcaption class=\"bigpicture-text\">\n<h3>Treppenhaus in der Hochschule f\u00fcr Wirtschaft, Z\u00fcrich<\/h3>\n<p><strong>Hochschule f\u00fcr Wirtschaft<\/strong> (Z\u00fcrich, Schweiz, <em>Lagerstra\u00dfe 5<\/em>)<br \/>\nEine Art von Treppenhaus darf in meinen Empfehlungen f\u00fcr euch keinesfalls fehlen. Ich liebe die puristisch und brutal anmutenden Stiegenh\u00e4user mit Sichtbeton einfach! Das hier gezeigte Exemplar steht in der Hochschule f\u00fcr Wirtschaft in <a href=\"https:\/\/coeser.de\/blog\/index.php\/2018\/10\/09\/die-10-schoensten-fotospots-in-zuerich\/\" target=\"_blank\" rel=\"noopener noreferrer\"><strong>Z\u00fcrich<\/strong><\/a>. Obwohl das Treppenhaus w\u00e4hrend des Baus keine optische Aufwertung erfahren hat, finde ich gerade seine Einfachheit bezaubernd sch\u00f6n.<br \/>\n<a href=\"https:\/\/www.google.de\/maps\/place\/47.376843,8.533859\" target=\"_blank\" rel=\"noopener noreferrer\"><strong>Aufnahmeort anzeigen<\/strong><\/a><\/p>\n<\/figcaption><\/figure>\n<figure class=\"bigpicture\" style=\"width: 970px;\"><img loading=\"lazy\" decoding=\"async\" class=\"wp-image-15706 size-full\" src=\"https:\/\/coeser.de\/blog\/wp-content\/uploads\/2020\/06\/treppenhaeuser-europa-gal13-lubljana-christian-oeser.jpg\" alt=\"Treppenhaus im Neboti\u010dnik-Hochhaus in Ljubljana\" width=\"960\" height=\"640\" srcset=\"https:\/\/coeser.de\/blog\/wp-content\/uploads\/2020\/06\/treppenhaeuser-europa-gal13-lubljana-christian-oeser.jpg 960w, https:\/\/coeser.de\/blog\/wp-content\/uploads\/2020\/06\/treppenhaeuser-europa-gal13-lubljana-christian-oeser-768x512.jpg 768w, https:\/\/coeser.de\/blog\/wp-content\/uploads\/2020\/06\/treppenhaeuser-europa-gal13-lubljana-christian-oeser-330x220.jpg 330w\" sizes=\"auto, (max-width: 960px) 100vw, 960px\" \/><figcaption class=\"bigpicture-text\">\n<h3>Treppenhaus im Neboti\u010dnik-Hochhaus, Ljubljana<\/h3>\n<p><strong>Neboti\u010dnik-Hochhaus<\/strong> (Ljubljana, Slowenien, <em>\u0160tefanova ulica 1<\/em>)<br \/>\nIn der slowenischen Haupstadt <strong><a href=\"https:\/\/coeser.de\/blog\/index.php\/2018\/09\/25\/fuenf-sommertipps-fuer-ljubljana\/\" target=\"_blank\" rel=\"noopener noreferrer\">Ljubljana<\/a><\/strong> lockt das Hochhaus Neboti\u010dnik mit seiner Bar. Die Aussicht von der Terrasse auf die Stadt und die Burg ist ph\u00e4nomenal! Im Inneren k\u00f6nnt ihr gleich zwei tolle Stiegenh\u00e4user &#8222;mitnehmen&#8220;. Beim Eingang solltet ihr dem Treppenhaus aus dem Jahr 1933 einen Blick g\u00f6nnen. Das hier abgebildete Stiegenhaus ist allerdings ein moderner Zubau an der Spitze des Hochhauses. Es verbindet den Bar- mit dem Restaurantbereich und ist durch die stilvolle Beleuchtung ein grandioses Fotomotiv!<br \/>\n<a href=\"https:\/\/www.google.de\/maps\/place\/46.053235,14.503618\" target=\"_blank\" rel=\"noopener noreferrer\"><strong>Aufnahmeort anzeigen<\/strong><\/a><\/p>\n<\/figcaption><\/figure>\n<figure class=\"bigpicture\" style=\"width: 970px;\"><img loading=\"lazy\" decoding=\"async\" class=\"wp-image-15698 size-full\" src=\"https:\/\/coeser.de\/blog\/wp-content\/uploads\/2020\/06\/treppenhaeuser-europa-gal05-muenchen-christian-oeser.jpg\" alt=\"Treppenhaus in der Neuen Maxburg in M\u00fcnchen\" width=\"960\" height=\"640\" srcset=\"https:\/\/coeser.de\/blog\/wp-content\/uploads\/2020\/06\/treppenhaeuser-europa-gal05-muenchen-christian-oeser.jpg 960w, https:\/\/coeser.de\/blog\/wp-content\/uploads\/2020\/06\/treppenhaeuser-europa-gal05-muenchen-christian-oeser-768x512.jpg 768w, https:\/\/coeser.de\/blog\/wp-content\/uploads\/2020\/06\/treppenhaeuser-europa-gal05-muenchen-christian-oeser-330x220.jpg 330w\" sizes=\"auto, (max-width: 960px) 100vw, 960px\" \/><figcaption class=\"bigpicture-text\">\n<h3>Treppenhaus in der Neuen Maxburg, M\u00fcnchen<\/h3>\n<p><strong>Justizgeb\u00e4ude Neue Maxburg<\/strong> (M\u00fcnchen, Deutschland, <em>Lenbachplatz 7<\/em>)<br \/>\nIch muss gestehen: die Architektur der 50er-Jahre hat es mir angetan. Ein wundervolles Beispiel daf\u00fcr ist die Neue Maxburg in <a href=\"https:\/\/coeser.de\/blog\/index.php\/2017\/08\/15\/eine-liebeserklaerung-an-muenchen\/\" target=\"_blank\" rel=\"noopener noreferrer\"><strong>M\u00fcnchen<\/strong><\/a>, die zwischen 1954 und 1957 anstelle der im Zweiten Weltkrieg zerst\u00f6rten Herzog-Max-Burg errichtet wurde. Nach einer Sicherheitskontrolle k\u00f6nnt ihr euch im Geb\u00e4ude, das vom Amts- und Landgericht M\u00fcnchen genutzt wird, umsehen. Das Fotografieren ist erlaubt \u2013 achtet nur unbedingt darauf, keine Personen abzulichten! Neben der offenen Treppe gibt \u00fcbrigens auch der Lichthof ein beeindruckendes Motiv ab.<br \/>\n<a href=\"https:\/\/www.google.de\/maps\/place\/48.140577,11.568864\" target=\"_blank\" rel=\"noopener noreferrer\"><strong>Aufnahmeort anzeigen<\/strong><\/a><\/p>\n<\/figcaption><\/figure>\n<figure class=\"bigpicture\" style=\"width: 970px;\"><img loading=\"lazy\" decoding=\"async\" class=\"wp-image-15708 size-full\" src=\"https:\/\/coeser.de\/blog\/wp-content\/uploads\/2020\/06\/treppenhaeuser-europa-gal15-bremen-christian-oeser.jpg\" alt=\"Treppenhaus im Haus des Reichs in Bremen\" width=\"960\" height=\"640\" srcset=\"https:\/\/coeser.de\/blog\/wp-content\/uploads\/2020\/06\/treppenhaeuser-europa-gal15-bremen-christian-oeser.jpg 960w, https:\/\/coeser.de\/blog\/wp-content\/uploads\/2020\/06\/treppenhaeuser-europa-gal15-bremen-christian-oeser-768x512.jpg 768w, https:\/\/coeser.de\/blog\/wp-content\/uploads\/2020\/06\/treppenhaeuser-europa-gal15-bremen-christian-oeser-330x220.jpg 330w\" sizes=\"auto, (max-width: 960px) 100vw, 960px\" \/><figcaption class=\"bigpicture-text\">\n<h3>Treppenhaus im Haus des Reichs, Bremen<\/h3>\n<p><strong>Haus des Reichs<\/strong> (Bremen, Deutschland, <em>Rudolf-Hilferding-Platz 1<\/em>)<br \/>\nIn Reisef\u00fchrern ist das Haus des Reichs zwar nur eine Randbemerkung, f\u00fcr mich war es aber ein Highlight! Sofern ihr euch nur ansatzweise f\u00fcr Architektur interessiert, ist dieses Geb\u00e4ude ein Pflichttermin f\u00fcr euch. Es z\u00e4hlt zu den sch\u00f6nsten Kontorh\u00e4usern in <strong><a href=\"https:\/\/coeser.de\/blog\/index.php\/2018\/02\/27\/bremen-im-bann-der-vier-stadtmusikanten\/\" target=\"_blank\" rel=\"noopener noreferrer\">Bremen<\/a> <\/strong>und wurde 1930 vom Delmenhorster Nordwolle-Konzern als Verwaltungszentrale bezogen. Nach der Weltwirtschaftskrise gab es das Unternehmen nicht mehr und das Deutsche Reich \u00fcbernahm das Bauwerk als &#8222;Haus des Reichs&#8220;. Heute ist es der Sitz der Senatorin f\u00fcr Finanzen. Neben der Besichtigung des aufwendig gestalteten Treppenhauses k\u00f6nnt ihr auch noch eine Runde mit einem alten Paternoster drehen.<br \/>\n<a href=\"https:\/\/www.google.de\/maps\/place\/53.079290,8.813382\" target=\"_blank\" rel=\"noopener noreferrer\"><strong>Aufnahmeort anzeigen<\/strong><\/a><\/p>\n<\/figcaption><\/figure>\n<figure class=\"bigpicture\" style=\"width: 970px;\"><img loading=\"lazy\" decoding=\"async\" class=\"wp-image-15707 size-full\" src=\"https:\/\/coeser.de\/blog\/wp-content\/uploads\/2020\/06\/treppenhaeuser-europa-gal14-lubljana-christian-oeser.jpg\" alt=\"Treppenhaus in der Burg von Ljubljana\" width=\"960\" height=\"640\" srcset=\"https:\/\/coeser.de\/blog\/wp-content\/uploads\/2020\/06\/treppenhaeuser-europa-gal14-lubljana-christian-oeser.jpg 960w, https:\/\/coeser.de\/blog\/wp-content\/uploads\/2020\/06\/treppenhaeuser-europa-gal14-lubljana-christian-oeser-768x512.jpg 768w, https:\/\/coeser.de\/blog\/wp-content\/uploads\/2020\/06\/treppenhaeuser-europa-gal14-lubljana-christian-oeser-330x220.jpg 330w\" sizes=\"auto, (max-width: 960px) 100vw, 960px\" \/><figcaption class=\"bigpicture-text\">\n<h3>Treppenhaus in der Burg von Ljubljana<\/h3>\n<p><strong>Burg von Ljubljana<\/strong> (Ljubljana, Slowenien, <em>Grajska planota 1<\/em>)<br \/>\nMan w\u00fcrde es nicht erwarten, aber in der Burg von <a href=\"https:\/\/coeser.de\/blog\/index.php\/2017\/12\/26\/ljubljana-adventzeit-in-der-drachenstadt\/\" target=\"_blank\" rel=\"noopener noreferrer\"><strong>Ljubljana<\/strong><\/a> wartet ein kreativ gestaltetes Treppenhaus auf euch! Die mittelalterliche Festung geh\u00f6rt bei einem Besuch der slowenischen Hauptstadt aufgrund der Aussicht auf die gesamte Umgebung ohnehin zum Pflichtprogramm. Auf dem Weg zur Spitze des Aussichtsturms windet sich eine Treppe mit rotem Gel\u00e4nder, das die gesamte H\u00f6he einnimmt. Der Blick mit der Kamera nach unten oder oben bringt euch ein Foto, das den Betrachter so richtig einsaugt!<br \/>\n<a href=\"https:\/\/www.google.de\/maps\/place\/46.048560,14.507930\" target=\"_blank\" rel=\"noopener noreferrer\"><strong>Aufnahmeort anzeigen<\/strong><\/a><\/p>\n<\/figcaption><\/figure>\n<figure class=\"bigpicture\" style=\"width: 970px;\"><img loading=\"lazy\" decoding=\"async\" class=\"wp-image-15709 size-full\" src=\"https:\/\/coeser.de\/blog\/wp-content\/uploads\/2020\/06\/treppenhaeuser-europa-gal16-london-christian-oeser.jpg\" alt=\"&quot;Tulip Stairs&quot; Treppenhaus im Queen's House in London, England\" width=\"960\" height=\"640\" srcset=\"https:\/\/coeser.de\/blog\/wp-content\/uploads\/2020\/06\/treppenhaeuser-europa-gal16-london-christian-oeser.jpg 960w, https:\/\/coeser.de\/blog\/wp-content\/uploads\/2020\/06\/treppenhaeuser-europa-gal16-london-christian-oeser-768x512.jpg 768w, https:\/\/coeser.de\/blog\/wp-content\/uploads\/2020\/06\/treppenhaeuser-europa-gal16-london-christian-oeser-330x220.jpg 330w\" sizes=\"auto, (max-width: 960px) 100vw, 960px\" \/><figcaption class=\"bigpicture-text\">\n<h3>&#8222;Tulip Stairs&#8220; Treppenhaus im Queen&#8217;s House, London<\/h3>\n<p><strong>Queen&#8217;s House<\/strong> (London, Gro\u00dfbritannien, <em>Romney Rd, Greenwich<\/em>)<br \/>\nDas Queen&#8217;s House im <a href=\"https:\/\/coeser.de\/blog\/index.php\/2020\/02\/11\/london-10-highlights-fuer-das-erste-mal\/\" target=\"_blank\" rel=\"noopener noreferrer\"><strong>Londoner<\/strong><\/a> Stadtteil Greenwich kann auf eine bewegte Geschichte zur\u00fcckblicken. Erbaut wurde es 1635 f\u00fcr K\u00f6nigin Henrietta Maria, die das Haus aber nur sieben Jahre bis zum Englischen B\u00fcrgerkrieg nutzen konnte. Lange danach wurde das Queen&#8217;s House 1807 eine Seemannsschule und seit 1937 Teil des National Maritime Museum. Heute k\u00f6nnt ihr bei einer Besichtigung Marinegem\u00e4lde und Portr\u00e4ts aus der Seefahrtsgeschichte begutachten. Mein Ziel war nat\u00fcrlich ein anderes, n\u00e4mlich die &#8222;Tulip Stairs&#8220;. Der Name des Treppenhauses ist irref\u00fchrend, denn am Gel\u00e4nder sind nicht Tulpen, sondern Lilien dargestellt. Das Stiegenhaus ist jedenfalls von gro\u00dfer Bedeutung, da es die erste freitragende Wendeltreppe in England ist.<br \/>\n<a href=\"https:\/\/www.google.de\/maps\/place\/51.481161,-0.003716\" target=\"_blank\" rel=\"noopener noreferrer\"><strong>Aufnahmeort anzeigen<\/strong><\/a><\/p>\n<\/figcaption><\/figure>\n<figure class=\"bigpicture\" style=\"width: 970px;\"><img loading=\"lazy\" decoding=\"async\" class=\"wp-image-15700 size-full\" src=\"https:\/\/coeser.de\/blog\/wp-content\/uploads\/2020\/06\/treppenhaeuser-europa-gal07-muenchen-christian-oeser.jpg\" alt=\"Treppenhaus im Cafe Glockenspiel in M\u00fcnchen\" width=\"960\" height=\"640\" srcset=\"https:\/\/coeser.de\/blog\/wp-content\/uploads\/2020\/06\/treppenhaeuser-europa-gal07-muenchen-christian-oeser.jpg 960w, https:\/\/coeser.de\/blog\/wp-content\/uploads\/2020\/06\/treppenhaeuser-europa-gal07-muenchen-christian-oeser-768x512.jpg 768w, https:\/\/coeser.de\/blog\/wp-content\/uploads\/2020\/06\/treppenhaeuser-europa-gal07-muenchen-christian-oeser-330x220.jpg 330w\" sizes=\"auto, (max-width: 960px) 100vw, 960px\" \/><figcaption class=\"bigpicture-text\">\n<h3>Treppenhaus im Cafe Glockenspiel, M\u00fcnchen<\/h3>\n<p><strong>Cafe Glockenspiel<\/strong> (M\u00fcnchen, Deutschland, <em>Marienplatz 28<\/em>)<br \/>\nDieses Treppenhaus kennt wohl jeder Fotograf, der schon einmal in M\u00fcnchen war. Die rosa bemalten W\u00e4nde im Stiegenhaus des Cafe Glockenspiel ergeben mit der geschwungenen Form einfach ein perfektes Fotomotiv. Eigentlich handelt es sich um ein Wohnhaus, aber dank des Caf\u00e9s darf auch die \u00d6ffentlichkeit hinein. Der Zutritt zu diesem sehenswerten Ort erfolgt \u00fcber die Rosenstra\u00dfe ums Eck vom Marienplatz. Das Caf\u00e9 selbst hat \u00fcbrigens eine sehr nette Terrasse!<br \/>\n<a href=\"https:\/\/www.google.de\/maps\/place\/48.136994,11.574803\" target=\"_blank\" rel=\"noopener noreferrer\"><strong>Aufnahmeort anzeigen<\/strong><\/a><\/p>\n<\/figcaption><\/figure>\n<figure class=\"bigpicture\" style=\"width: 970px;\"><img loading=\"lazy\" decoding=\"async\" class=\"wp-image-15711 size-full\" src=\"https:\/\/coeser.de\/blog\/wp-content\/uploads\/2020\/06\/treppenhaeuser-europa-gal18-koeln-christian-oeser.jpg\" alt=\"Treppenhaus im MediaPark in K\u00f6ln\" width=\"960\" height=\"640\" srcset=\"https:\/\/coeser.de\/blog\/wp-content\/uploads\/2020\/06\/treppenhaeuser-europa-gal18-koeln-christian-oeser.jpg 960w, https:\/\/coeser.de\/blog\/wp-content\/uploads\/2020\/06\/treppenhaeuser-europa-gal18-koeln-christian-oeser-768x512.jpg 768w, https:\/\/coeser.de\/blog\/wp-content\/uploads\/2020\/06\/treppenhaeuser-europa-gal18-koeln-christian-oeser-330x220.jpg 330w\" sizes=\"auto, (max-width: 960px) 100vw, 960px\" \/><figcaption class=\"bigpicture-text\">\n<h3>Treppenhaus im MediaPark, K\u00f6ln<\/h3>\n<p><strong>MediaPark<\/strong> (K\u00f6ln, Deutschland, <em>Im Mediapark 6<\/em>)<br \/>\nDer MediaPark ist ein \u00f6ffentlicher Bereich in <a href=\"https:\/\/coeser.de\/blog\/index.php\/2017\/02\/21\/koelner-karneval-eine-stadt-im-partyrausch\/\" target=\"_blank\" rel=\"noopener noreferrer\"><strong>K\u00f6ln<\/strong><\/a>, um den sich mehrere B\u00fcrogeb\u00e4ude mit Schwerpunkt Medienunternehmen aufreihen. Der Architekt Eberhard Zeidler plante den gesamten Komplex auf dem Areal eines ehemaligen G\u00fcterbahnhofs. 2004 konnte das Projekt schlie\u00dflich vollendet werden. Aus Treppenhaus-Sicht sind zwei Objekte \u2013 beide im Geb\u00e4ude MediaPark 6 \u2013 interessant. Die baugleichen, modernen Stiegenh\u00e4user unterscheiden sich nur durch die Wandfarbe: eines ist gelb und das andere, hier abgebildete Treppenhaus, rot.<br \/>\n<a href=\"https:\/\/www.google.de\/maps\/place\/50.948974,6.944369\" target=\"_blank\" rel=\"noopener noreferrer\"><strong>Aufnahmeort anzeigen<\/strong><\/a><\/p>\n<\/figcaption><\/figure>\n<figure class=\"bigpicture\" style=\"width: 970px;\"><img loading=\"lazy\" decoding=\"async\" class=\"wp-image-15712 size-full\" src=\"https:\/\/coeser.de\/blog\/wp-content\/uploads\/2020\/06\/treppenhaeuser-europa-gal19-madrid-christian-oeser.jpg\" alt=\"Modernes Treppenhaus im CaixaForum in Madrid\" width=\"960\" height=\"640\" srcset=\"https:\/\/coeser.de\/blog\/wp-content\/uploads\/2020\/06\/treppenhaeuser-europa-gal19-madrid-christian-oeser.jpg 960w, https:\/\/coeser.de\/blog\/wp-content\/uploads\/2020\/06\/treppenhaeuser-europa-gal19-madrid-christian-oeser-768x512.jpg 768w, https:\/\/coeser.de\/blog\/wp-content\/uploads\/2020\/06\/treppenhaeuser-europa-gal19-madrid-christian-oeser-330x220.jpg 330w\" sizes=\"auto, (max-width: 960px) 100vw, 960px\" \/><figcaption class=\"bigpicture-text\">\n<h3>Modernes Treppenhaus im CaixaForum, Madrid<\/h3>\n<p><strong>CaixaForum<\/strong> (Madrid, Spanien, <em>Paseo del Prado, 36<\/em>)<br \/>\nEin modernes Treppenhaus m\u00f6chte ich euch nicht vorenthalten, sondern unbedingt zeigen! Das Kulturzentrum CaixaForum ist in jeder Hinsicht ein spektakul\u00e4res Ziel, wenn ihr in <strong><a href=\"https:\/\/coeser.de\/blog\/index.php\/2017\/03\/14\/madrid-zwischen-architektur-tapas-und-fussball\/\" target=\"_blank\" rel=\"noopener noreferrer\">Madrid<\/a> <\/strong>seid. Das Geb\u00e4ude ist eigentlich ein Elektrizit\u00e4tswerk aus dem Industriezeitalter. Davon ist aber heute nichts mehr zu sehen, denn das Architekturstudio Herzog &amp; De Meuron ver\u00e4nderte das Bauwerk von au\u00dfen wie von innen brilliant. Die Ausstellungsfl\u00e4chen werden von der hier abgebildeten, dynamischen Treppe verbunden. Was sagt ihr dazu, ist das euer Stil oder bevorzugt ihr eher klassische Wendeltreppen?<br \/>\n<a href=\"https:\/\/www.google.de\/maps\/place\/40.411126,-3.693546\" target=\"_blank\" rel=\"noopener noreferrer\"><strong>Aufnahmeort anzeigen<\/strong><\/a><\/p>\n<\/figcaption><\/figure>\n<figure class=\"bigpicture\" style=\"width: 970px;\"><img loading=\"lazy\" decoding=\"async\" class=\"wp-image-15713 size-full\" src=\"https:\/\/coeser.de\/blog\/wp-content\/uploads\/2020\/06\/treppenhaeuser-europa-gal20-prag-christian-oeser.jpg\" alt=\"Treppenhaus im Haus zur Schwarzen Madonna in Prag\" width=\"960\" height=\"640\" srcset=\"https:\/\/coeser.de\/blog\/wp-content\/uploads\/2020\/06\/treppenhaeuser-europa-gal20-prag-christian-oeser.jpg 960w, https:\/\/coeser.de\/blog\/wp-content\/uploads\/2020\/06\/treppenhaeuser-europa-gal20-prag-christian-oeser-768x512.jpg 768w, https:\/\/coeser.de\/blog\/wp-content\/uploads\/2020\/06\/treppenhaeuser-europa-gal20-prag-christian-oeser-330x220.jpg 330w\" sizes=\"auto, (max-width: 960px) 100vw, 960px\" \/><figcaption class=\"bigpicture-text\">\n<h3>Treppenhaus im Haus zur Schwarzen Madonna, Prag<\/h3>\n<p><strong>Haus zur Schwarzen Madonna<\/strong> (Prag, Tschechien, <em>Ovocn\u00fd trh 19<\/em>)<br \/>\nAbschlie\u00dfen m\u00f6chte ich diesen Blogbeitrag mit einem Klassiker unter den Treppenh\u00e4usern in Europa. Das Haus zur Schwarzen Madonna in <a href=\"https:\/\/coeser.de\/blog\/index.php\/2017\/08\/22\/prag-schmuckstueck-an-der-moldau\/\" target=\"_blank\" rel=\"noopener noreferrer\"><strong>Prag<\/strong><\/a> wartet mit einem Stiegenhaus in Gl\u00fchbirnenform auf. Das Geb\u00e4ude plante der Architekt Josef Go\u010d\u00e1r im Kubismus, 1911 erfolgte die Er\u00f6ffnung. Im ersten Stock k\u00f6nnt ihr in das sch\u00f6ne Grand Caf\u00e9 Orient einkehren oder euch dem Museum des tschechischen Kubismus widmen. Ganz egal, Hauptsache ihr bewundert auch das grandiose Stiegenhaus!<br \/>\n<a href=\"https:\/\/www.google.de\/maps\/place\/50.087000,14.425502\" target=\"_blank\" rel=\"noopener noreferrer\"><strong>Aufnahmeort anzeigen<\/strong><\/a><\/p>\n<\/figcaption><\/figure>\n<hr \/>\n<div class=\"fazit\">\n<h2>FAZIT<\/h2>\n<p>In diesem Blogbeitrag habe ich euch 20 Treppenh\u00e4user aus Europa gezeigt, die ich als besonders sehenswert empfinde. Im Fokus steht dabei immer das sogenannte Treppenauge, also der Freiraum in einer Stiege. Dadurch entstehen architektonisch beeindruckende Formen, die sich ideal auf Fotos festhalten lassen. Fasziniert euch die Treppenhausfotografie auch so wie mich? Welches ist euer liebstes &#8222;Schneckerl&#8220;? Schreibt mir einen Kommentar, ich bin wahnsinnig gespannt! \ud83d\ude42<\/p>\n<\/div>\n<p>&nbsp;<\/p>\n<div style=\"display: none;\">\n<p><img loading=\"lazy\" decoding=\"async\" class=\"alignnone size-full wp-image-15692\" src=\"https:\/\/coeser.de\/blog\/wp-content\/uploads\/2020\/06\/treppenhaeuser-europa-p01-christian-oeser.jpg\" alt=\"Treppenh\u00e4user in Europa: Die 20 sch\u00f6nsten Stiegenh\u00e4user in europ\u00e4ischen St\u00e4dten wie M\u00fcnchen, Berlin, Prag, Antwerpen, Hamburg inklusive Fotospots.\" width=\"735\" height=\"1102\" \/><img loading=\"lazy\" decoding=\"async\" class=\"alignnone size-full wp-image-15693\" src=\"https:\/\/coeser.de\/blog\/wp-content\/uploads\/2020\/06\/treppenhaeuser-europa-p02-christian-oeser.jpg\" alt=\"Treppenh\u00e4user in Europa: Die 20 sch\u00f6nsten Stiegenh\u00e4user in europ\u00e4ischen St\u00e4dten wie M\u00fcnchen, Berlin, Prag, Antwerpen, Hamburg inklusive Fotospots.\" width=\"735\" height=\"1102\" \/><\/p>\n<\/div>\n","protected":false},"excerpt":{"rendered":"<p>W\u00e4hrend ein Gro\u00dfteil der Menschen Treppenh\u00e4user entweder gar nicht oder als Mittel zum Zweck betrachtet, genie\u00dfen sie unter Fotografen eine besondere Stellung. Der Blick von unten nach oben oder von oben nach unten bringt nicht selten architektonische Formen hervor, die auf Fotos ein wahres Kunstwerk ergeben. Mich selbst hat die Leidenschaft der Treppenhausfotografie schon 2004 [&hellip;]<\/p>\n","protected":false},"author":1,"featured_media":15691,"comment_status":"open","ping_status":"open","sticky":false,"template":"","format":"standard","meta":{"_jetpack_memberships_contains_paid_content":false,"footnotes":""},"categories":[172],"tags":[43,11,12,394,395,392,393],"class_list":["post-15690","post","type-post","status-publish","format-standard","has-post-thumbnail","hentry","category-allgemein","tag-architektur","tag-fotospots","tag-fototipps","tag-stiegenhaus","tag-stiegenhaeuser","tag-treppenhaus","tag-treppenhaeuser"],"yoast_head":"<!-- This site is optimized with the Yoast SEO plugin v27.4 - https:\/\/yoast.com\/product\/yoast-seo-wordpress\/ -->\n<title>Jagd auf die sch\u00f6nsten Treppenh\u00e4user<\/title>\n<meta name=\"description\" content=\"Treppenh\u00e4user in Europa: Die 20 sch\u00f6nsten Stiegenh\u00e4user in europ\u00e4ischen St\u00e4dten wie M\u00fcnchen, Berlin, Prag, Antwerpen, Hamburg und mehr.\" \/>\n<meta name=\"robots\" content=\"index, follow, max-snippet:-1, max-image-preview:large, max-video-preview:-1\" \/>\n<link rel=\"canonical\" href=\"https:\/\/coeser.de\/blog\/index.php\/2020\/06\/23\/jagd-auf-die-schoensten-treppenhaeuser\/\" \/>\n<meta property=\"og:locale\" content=\"de_DE\" \/>\n<meta property=\"og:type\" content=\"article\" \/>\n<meta property=\"og:title\" content=\"Jagd auf die sch\u00f6nsten Treppenh\u00e4user\" \/>\n<meta property=\"og:description\" content=\"Treppenh\u00e4user in Europa: Die 20 sch\u00f6nsten Stiegenh\u00e4user in europ\u00e4ischen St\u00e4dten wie M\u00fcnchen, Berlin, Prag, Antwerpen, Hamburg und mehr.\" \/>\n<meta property=\"og:url\" content=\"https:\/\/coeser.de\/blog\/index.php\/2020\/06\/23\/jagd-auf-die-schoensten-treppenhaeuser\/\" \/>\n<meta property=\"og:site_name\" content=\"fern &amp; nah - Reiseblog und Fotostories von Christian \u00d6ser\" \/>\n<meta property=\"article:publisher\" content=\"Christian \u00d6ser\" \/>\n<meta property=\"article:author\" content=\"Christian \u00d6ser\" \/>\n<meta property=\"article:published_time\" content=\"2020-06-23T05:00:28+00:00\" \/>\n<meta property=\"article:modified_time\" content=\"2023-12-31T08:13:46+00:00\" \/>\n<meta property=\"og:image\" content=\"https:\/\/coeser.de\/blog\/wp-content\/uploads\/2020\/06\/treppenhaeuser-europa-aufmacher-antwerpen-christian-oeser.jpg\" \/>\n\t<meta property=\"og:image:width\" content=\"978\" \/>\n\t<meta property=\"og:image:height\" content=\"550\" \/>\n\t<meta property=\"og:image:type\" content=\"image\/jpeg\" \/>\n<meta name=\"author\" content=\"Christian \u00d6ser\" \/>\n<meta name=\"twitter:card\" content=\"summary_large_image\" \/>\n<meta name=\"twitter:label1\" content=\"Verfasst von\" \/>\n\t<meta name=\"twitter:data1\" content=\"Christian \u00d6ser\" \/>\n\t<meta name=\"twitter:label2\" content=\"Gesch\u00e4tzte Lesezeit\" \/>\n\t<meta name=\"twitter:data2\" content=\"19\u00a0Minuten\" \/>\n<script type=\"application\/ld+json\" class=\"yoast-schema-graph\">{\"@context\":\"https:\\\/\\\/schema.org\",\"@graph\":[{\"@type\":\"Article\",\"@id\":\"https:\\\/\\\/coeser.de\\\/blog\\\/index.php\\\/2020\\\/06\\\/23\\\/jagd-auf-die-schoensten-treppenhaeuser\\\/#article\",\"isPartOf\":{\"@id\":\"https:\\\/\\\/coeser.de\\\/blog\\\/index.php\\\/2020\\\/06\\\/23\\\/jagd-auf-die-schoensten-treppenhaeuser\\\/\"},\"author\":{\"name\":\"Christian \u00d6ser\",\"@id\":\"https:\\\/\\\/coeser.de\\\/blog\\\/#\\\/schema\\\/person\\\/fda1d253389076b2cadc3d47018cf315\"},\"headline\":\"Jagd auf die sch\u00f6nsten Treppenh\u00e4user\",\"datePublished\":\"2020-06-23T05:00:28+00:00\",\"dateModified\":\"2023-12-31T08:13:46+00:00\",\"mainEntityOfPage\":{\"@id\":\"https:\\\/\\\/coeser.de\\\/blog\\\/index.php\\\/2020\\\/06\\\/23\\\/jagd-auf-die-schoensten-treppenhaeuser\\\/\"},\"wordCount\":2673,\"commentCount\":23,\"publisher\":{\"@id\":\"https:\\\/\\\/coeser.de\\\/blog\\\/#\\\/schema\\\/person\\\/fda1d253389076b2cadc3d47018cf315\"},\"image\":{\"@id\":\"https:\\\/\\\/coeser.de\\\/blog\\\/index.php\\\/2020\\\/06\\\/23\\\/jagd-auf-die-schoensten-treppenhaeuser\\\/#primaryimage\"},\"thumbnailUrl\":\"https:\\\/\\\/coeser.de\\\/blog\\\/wp-content\\\/uploads\\\/2020\\\/06\\\/treppenhaeuser-europa-aufmacher-antwerpen-christian-oeser.jpg\",\"keywords\":[\"Architektur\",\"Fotospots\",\"Fototipps\",\"Stiegenhaus\",\"Stiegenh\u00e4user\",\"Treppenhaus\",\"Treppenh\u00e4user\"],\"articleSection\":[\"ALLGEMEIN\"],\"inLanguage\":\"de\",\"potentialAction\":[{\"@type\":\"CommentAction\",\"name\":\"Comment\",\"target\":[\"https:\\\/\\\/coeser.de\\\/blog\\\/index.php\\\/2020\\\/06\\\/23\\\/jagd-auf-die-schoensten-treppenhaeuser\\\/#respond\"]}]},{\"@type\":\"WebPage\",\"@id\":\"https:\\\/\\\/coeser.de\\\/blog\\\/index.php\\\/2020\\\/06\\\/23\\\/jagd-auf-die-schoensten-treppenhaeuser\\\/\",\"url\":\"https:\\\/\\\/coeser.de\\\/blog\\\/index.php\\\/2020\\\/06\\\/23\\\/jagd-auf-die-schoensten-treppenhaeuser\\\/\",\"name\":\"Jagd auf die sch\u00f6nsten Treppenh\u00e4user\",\"isPartOf\":{\"@id\":\"https:\\\/\\\/coeser.de\\\/blog\\\/#website\"},\"primaryImageOfPage\":{\"@id\":\"https:\\\/\\\/coeser.de\\\/blog\\\/index.php\\\/2020\\\/06\\\/23\\\/jagd-auf-die-schoensten-treppenhaeuser\\\/#primaryimage\"},\"image\":{\"@id\":\"https:\\\/\\\/coeser.de\\\/blog\\\/index.php\\\/2020\\\/06\\\/23\\\/jagd-auf-die-schoensten-treppenhaeuser\\\/#primaryimage\"},\"thumbnailUrl\":\"https:\\\/\\\/coeser.de\\\/blog\\\/wp-content\\\/uploads\\\/2020\\\/06\\\/treppenhaeuser-europa-aufmacher-antwerpen-christian-oeser.jpg\",\"datePublished\":\"2020-06-23T05:00:28+00:00\",\"dateModified\":\"2023-12-31T08:13:46+00:00\",\"description\":\"Treppenh\u00e4user in Europa: Die 20 sch\u00f6nsten Stiegenh\u00e4user in europ\u00e4ischen St\u00e4dten wie M\u00fcnchen, Berlin, Prag, Antwerpen, Hamburg und mehr.\",\"breadcrumb\":{\"@id\":\"https:\\\/\\\/coeser.de\\\/blog\\\/index.php\\\/2020\\\/06\\\/23\\\/jagd-auf-die-schoensten-treppenhaeuser\\\/#breadcrumb\"},\"inLanguage\":\"de\",\"potentialAction\":[{\"@type\":\"ReadAction\",\"target\":[\"https:\\\/\\\/coeser.de\\\/blog\\\/index.php\\\/2020\\\/06\\\/23\\\/jagd-auf-die-schoensten-treppenhaeuser\\\/\"]}]},{\"@type\":\"ImageObject\",\"inLanguage\":\"de\",\"@id\":\"https:\\\/\\\/coeser.de\\\/blog\\\/index.php\\\/2020\\\/06\\\/23\\\/jagd-auf-die-schoensten-treppenhaeuser\\\/#primaryimage\",\"url\":\"https:\\\/\\\/coeser.de\\\/blog\\\/wp-content\\\/uploads\\\/2020\\\/06\\\/treppenhaeuser-europa-aufmacher-antwerpen-christian-oeser.jpg\",\"contentUrl\":\"https:\\\/\\\/coeser.de\\\/blog\\\/wp-content\\\/uploads\\\/2020\\\/06\\\/treppenhaeuser-europa-aufmacher-antwerpen-christian-oeser.jpg\",\"width\":978,\"height\":550,\"caption\":\"Treppenhaus Den Bell in Antwerpen, Belgien\"},{\"@type\":\"BreadcrumbList\",\"@id\":\"https:\\\/\\\/coeser.de\\\/blog\\\/index.php\\\/2020\\\/06\\\/23\\\/jagd-auf-die-schoensten-treppenhaeuser\\\/#breadcrumb\",\"itemListElement\":[{\"@type\":\"ListItem\",\"position\":1,\"name\":\"Startseite\",\"item\":\"https:\\\/\\\/coeser.de\\\/blog\\\/\"},{\"@type\":\"ListItem\",\"position\":2,\"name\":\"Jagd auf die sch\u00f6nsten Treppenh\u00e4user\"}]},{\"@type\":\"WebSite\",\"@id\":\"https:\\\/\\\/coeser.de\\\/blog\\\/#website\",\"url\":\"https:\\\/\\\/coeser.de\\\/blog\\\/\",\"name\":\"fern &amp; nah - Reiseblog und Fotostories von Christian \u00d6ser\",\"description\":\"Reiseblog und Fotostories von Christian \u00d6ser\",\"publisher\":{\"@id\":\"https:\\\/\\\/coeser.de\\\/blog\\\/#\\\/schema\\\/person\\\/fda1d253389076b2cadc3d47018cf315\"},\"potentialAction\":[{\"@type\":\"SearchAction\",\"target\":{\"@type\":\"EntryPoint\",\"urlTemplate\":\"https:\\\/\\\/coeser.de\\\/blog\\\/?s={search_term_string}\"},\"query-input\":{\"@type\":\"PropertyValueSpecification\",\"valueRequired\":true,\"valueName\":\"search_term_string\"}}],\"inLanguage\":\"de\"},{\"@type\":[\"Person\",\"Organization\"],\"@id\":\"https:\\\/\\\/coeser.de\\\/blog\\\/#\\\/schema\\\/person\\\/fda1d253389076b2cadc3d47018cf315\",\"name\":\"Christian \u00d6ser\",\"image\":{\"@type\":\"ImageObject\",\"inLanguage\":\"de\",\"@id\":\"https:\\\/\\\/coeser.de\\\/blog\\\/wp-content\\\/uploads\\\/2016\\\/08\\\/logo-fern-und-nah-christian-oeser-4.jpg\",\"url\":\"https:\\\/\\\/coeser.de\\\/blog\\\/wp-content\\\/uploads\\\/2016\\\/08\\\/logo-fern-und-nah-christian-oeser-4.jpg\",\"contentUrl\":\"https:\\\/\\\/coeser.de\\\/blog\\\/wp-content\\\/uploads\\\/2016\\\/08\\\/logo-fern-und-nah-christian-oeser-4.jpg\",\"width\":1090,\"height\":245,\"caption\":\"Christian \u00d6ser\"},\"logo\":{\"@id\":\"https:\\\/\\\/coeser.de\\\/blog\\\/wp-content\\\/uploads\\\/2016\\\/08\\\/logo-fern-und-nah-christian-oeser-4.jpg\"},\"sameAs\":[\"http:\\\/\\\/www.coeser.de\",\"Christian \u00d6ser\",\"https:\\\/\\\/www.instagram.com\\\/coeser_de\\\/\",\"https:\\\/\\\/www.pinterest.at\\\/nightline5\\\/\"],\"url\":\"https:\\\/\\\/coeser.de\\\/blog\\\/index.php\\\/author\\\/coeser\\\/\"}]}<\/script>\n<!-- \/ Yoast SEO plugin. -->","yoast_head_json":{"title":"Jagd auf die sch\u00f6nsten Treppenh\u00e4user","description":"Treppenh\u00e4user in Europa: Die 20 sch\u00f6nsten Stiegenh\u00e4user in europ\u00e4ischen St\u00e4dten wie M\u00fcnchen, Berlin, Prag, Antwerpen, Hamburg und mehr.","robots":{"index":"index","follow":"follow","max-snippet":"max-snippet:-1","max-image-preview":"max-image-preview:large","max-video-preview":"max-video-preview:-1"},"canonical":"https:\/\/coeser.de\/blog\/index.php\/2020\/06\/23\/jagd-auf-die-schoensten-treppenhaeuser\/","og_locale":"de_DE","og_type":"article","og_title":"Jagd auf die sch\u00f6nsten Treppenh\u00e4user","og_description":"Treppenh\u00e4user in Europa: Die 20 sch\u00f6nsten Stiegenh\u00e4user in europ\u00e4ischen St\u00e4dten wie M\u00fcnchen, Berlin, Prag, Antwerpen, Hamburg und mehr.","og_url":"https:\/\/coeser.de\/blog\/index.php\/2020\/06\/23\/jagd-auf-die-schoensten-treppenhaeuser\/","og_site_name":"fern &amp; nah - Reiseblog und Fotostories von Christian \u00d6ser","article_publisher":"Christian \u00d6ser","article_author":"Christian \u00d6ser","article_published_time":"2020-06-23T05:00:28+00:00","article_modified_time":"2023-12-31T08:13:46+00:00","og_image":[{"width":978,"height":550,"url":"https:\/\/coeser.de\/blog\/wp-content\/uploads\/2020\/06\/treppenhaeuser-europa-aufmacher-antwerpen-christian-oeser.jpg","type":"image\/jpeg"}],"author":"Christian \u00d6ser","twitter_card":"summary_large_image","twitter_misc":{"Verfasst von":"Christian \u00d6ser","Gesch\u00e4tzte Lesezeit":"19\u00a0Minuten"},"schema":{"@context":"https:\/\/schema.org","@graph":[{"@type":"Article","@id":"https:\/\/coeser.de\/blog\/index.php\/2020\/06\/23\/jagd-auf-die-schoensten-treppenhaeuser\/#article","isPartOf":{"@id":"https:\/\/coeser.de\/blog\/index.php\/2020\/06\/23\/jagd-auf-die-schoensten-treppenhaeuser\/"},"author":{"name":"Christian \u00d6ser","@id":"https:\/\/coeser.de\/blog\/#\/schema\/person\/fda1d253389076b2cadc3d47018cf315"},"headline":"Jagd auf die sch\u00f6nsten Treppenh\u00e4user","datePublished":"2020-06-23T05:00:28+00:00","dateModified":"2023-12-31T08:13:46+00:00","mainEntityOfPage":{"@id":"https:\/\/coeser.de\/blog\/index.php\/2020\/06\/23\/jagd-auf-die-schoensten-treppenhaeuser\/"},"wordCount":2673,"commentCount":23,"publisher":{"@id":"https:\/\/coeser.de\/blog\/#\/schema\/person\/fda1d253389076b2cadc3d47018cf315"},"image":{"@id":"https:\/\/coeser.de\/blog\/index.php\/2020\/06\/23\/jagd-auf-die-schoensten-treppenhaeuser\/#primaryimage"},"thumbnailUrl":"https:\/\/coeser.de\/blog\/wp-content\/uploads\/2020\/06\/treppenhaeuser-europa-aufmacher-antwerpen-christian-oeser.jpg","keywords":["Architektur","Fotospots","Fototipps","Stiegenhaus","Stiegenh\u00e4user","Treppenhaus","Treppenh\u00e4user"],"articleSection":["ALLGEMEIN"],"inLanguage":"de","potentialAction":[{"@type":"CommentAction","name":"Comment","target":["https:\/\/coeser.de\/blog\/index.php\/2020\/06\/23\/jagd-auf-die-schoensten-treppenhaeuser\/#respond"]}]},{"@type":"WebPage","@id":"https:\/\/coeser.de\/blog\/index.php\/2020\/06\/23\/jagd-auf-die-schoensten-treppenhaeuser\/","url":"https:\/\/coeser.de\/blog\/index.php\/2020\/06\/23\/jagd-auf-die-schoensten-treppenhaeuser\/","name":"Jagd auf die sch\u00f6nsten Treppenh\u00e4user","isPartOf":{"@id":"https:\/\/coeser.de\/blog\/#website"},"primaryImageOfPage":{"@id":"https:\/\/coeser.de\/blog\/index.php\/2020\/06\/23\/jagd-auf-die-schoensten-treppenhaeuser\/#primaryimage"},"image":{"@id":"https:\/\/coeser.de\/blog\/index.php\/2020\/06\/23\/jagd-auf-die-schoensten-treppenhaeuser\/#primaryimage"},"thumbnailUrl":"https:\/\/coeser.de\/blog\/wp-content\/uploads\/2020\/06\/treppenhaeuser-europa-aufmacher-antwerpen-christian-oeser.jpg","datePublished":"2020-06-23T05:00:28+00:00","dateModified":"2023-12-31T08:13:46+00:00","description":"Treppenh\u00e4user in Europa: Die 20 sch\u00f6nsten Stiegenh\u00e4user in europ\u00e4ischen St\u00e4dten wie M\u00fcnchen, Berlin, Prag, Antwerpen, Hamburg und mehr.","breadcrumb":{"@id":"https:\/\/coeser.de\/blog\/index.php\/2020\/06\/23\/jagd-auf-die-schoensten-treppenhaeuser\/#breadcrumb"},"inLanguage":"de","potentialAction":[{"@type":"ReadAction","target":["https:\/\/coeser.de\/blog\/index.php\/2020\/06\/23\/jagd-auf-die-schoensten-treppenhaeuser\/"]}]},{"@type":"ImageObject","inLanguage":"de","@id":"https:\/\/coeser.de\/blog\/index.php\/2020\/06\/23\/jagd-auf-die-schoensten-treppenhaeuser\/#primaryimage","url":"https:\/\/coeser.de\/blog\/wp-content\/uploads\/2020\/06\/treppenhaeuser-europa-aufmacher-antwerpen-christian-oeser.jpg","contentUrl":"https:\/\/coeser.de\/blog\/wp-content\/uploads\/2020\/06\/treppenhaeuser-europa-aufmacher-antwerpen-christian-oeser.jpg","width":978,"height":550,"caption":"Treppenhaus Den Bell in Antwerpen, Belgien"},{"@type":"BreadcrumbList","@id":"https:\/\/coeser.de\/blog\/index.php\/2020\/06\/23\/jagd-auf-die-schoensten-treppenhaeuser\/#breadcrumb","itemListElement":[{"@type":"ListItem","position":1,"name":"Startseite","item":"https:\/\/coeser.de\/blog\/"},{"@type":"ListItem","position":2,"name":"Jagd auf die sch\u00f6nsten Treppenh\u00e4user"}]},{"@type":"WebSite","@id":"https:\/\/coeser.de\/blog\/#website","url":"https:\/\/coeser.de\/blog\/","name":"fern &amp; nah - Reiseblog und Fotostories von Christian \u00d6ser","description":"Reiseblog und Fotostories von Christian \u00d6ser","publisher":{"@id":"https:\/\/coeser.de\/blog\/#\/schema\/person\/fda1d253389076b2cadc3d47018cf315"},"potentialAction":[{"@type":"SearchAction","target":{"@type":"EntryPoint","urlTemplate":"https:\/\/coeser.de\/blog\/?s={search_term_string}"},"query-input":{"@type":"PropertyValueSpecification","valueRequired":true,"valueName":"search_term_string"}}],"inLanguage":"de"},{"@type":["Person","Organization"],"@id":"https:\/\/coeser.de\/blog\/#\/schema\/person\/fda1d253389076b2cadc3d47018cf315","name":"Christian \u00d6ser","image":{"@type":"ImageObject","inLanguage":"de","@id":"https:\/\/coeser.de\/blog\/wp-content\/uploads\/2016\/08\/logo-fern-und-nah-christian-oeser-4.jpg","url":"https:\/\/coeser.de\/blog\/wp-content\/uploads\/2016\/08\/logo-fern-und-nah-christian-oeser-4.jpg","contentUrl":"https:\/\/coeser.de\/blog\/wp-content\/uploads\/2016\/08\/logo-fern-und-nah-christian-oeser-4.jpg","width":1090,"height":245,"caption":"Christian \u00d6ser"},"logo":{"@id":"https:\/\/coeser.de\/blog\/wp-content\/uploads\/2016\/08\/logo-fern-und-nah-christian-oeser-4.jpg"},"sameAs":["http:\/\/www.coeser.de","Christian \u00d6ser","https:\/\/www.instagram.com\/coeser_de\/","https:\/\/www.pinterest.at\/nightline5\/"],"url":"https:\/\/coeser.de\/blog\/index.php\/author\/coeser\/"}]}},"jetpack_featured_media_url":"https:\/\/coeser.de\/blog\/wp-content\/uploads\/2020\/06\/treppenhaeuser-europa-aufmacher-antwerpen-christian-oeser.jpg","jetpack-related-posts":[{"id":10897,"url":"https:\/\/coeser.de\/blog\/index.php\/2019\/03\/12\/zuerich-10-dinge-die-du-noch-nicht-kennst\/","url_meta":{"origin":15690,"position":0},"title":"Z\u00fcrich: 10 Dinge, die du noch nicht kennst","author":"Christian \u00d6ser","date":"12. M\u00e4rz 2019","format":false,"excerpt":"Ihr kennt das mit Sicherheit: in Gro\u00dfst\u00e4dten hat man als Besucherin oder Besucher immer mit dem Problem zu k\u00e4mpfen, dass es zu viele Attraktionen und zu wenig Zeit gibt. Deshalb war ich sehr gl\u00fccklich, die gr\u00f6\u00dfte schweizerische Stadt Z\u00fcrich gleich vier Tage lang beehren zu k\u00f6nnen. Welche Sch\u00e4tze ich abseits\u2026","rel":"","context":"In &quot;SCHWEIZ&quot;","block_context":{"text":"SCHWEIZ","link":"https:\/\/coeser.de\/blog\/index.php\/category\/europa\/schweiz\/"},"img":{"alt_text":"Limmatquai in Z\u00fcrich w\u00e4hrend der blauen Stunde","src":"https:\/\/i0.wp.com\/coeser.de\/blog\/wp-content\/uploads\/2019\/01\/zuerich-verstecktes-aufmacher-limmatquai-christian-oeser.jpg?resize=350%2C200&ssl=1","width":350,"height":200,"srcset":"https:\/\/i0.wp.com\/coeser.de\/blog\/wp-content\/uploads\/2019\/01\/zuerich-verstecktes-aufmacher-limmatquai-christian-oeser.jpg?resize=350%2C200&ssl=1 1x, https:\/\/i0.wp.com\/coeser.de\/blog\/wp-content\/uploads\/2019\/01\/zuerich-verstecktes-aufmacher-limmatquai-christian-oeser.jpg?resize=525%2C300&ssl=1 1.5x, https:\/\/i0.wp.com\/coeser.de\/blog\/wp-content\/uploads\/2019\/01\/zuerich-verstecktes-aufmacher-limmatquai-christian-oeser.jpg?resize=700%2C400&ssl=1 2x"},"classes":[]},{"id":7902,"url":"https:\/\/coeser.de\/blog\/index.php\/2018\/05\/01\/passau-treffpunkt-der-fluesse\/","url_meta":{"origin":15690,"position":1},"title":"Passau: Treffpunkt der Fl\u00fcsse","author":"Christian \u00d6ser","date":"1. Mai 2018","format":false,"excerpt":"Auf der gemeinsamen Reise mit meinem Vater und Bruder in Bayern hat mich nach Regensburg die zweite Station nach Passau gef\u00fchrt. Auf die Stadt nahe der Grenze zu \u00d6sterreich war ich schon sehr gespannt, denn dort gibt es mit drei sich verbindenden Fl\u00fcssen eine Besonderheit, wie man sie nur an\u2026","rel":"","context":"In &quot;DEUTSCHLAND&quot;","block_context":{"text":"DEUTSCHLAND","link":"https:\/\/coeser.de\/blog\/index.php\/category\/europa\/deutschland\/"},"img":{"alt_text":"Dreifl\u00fcsseeck und Altstadt von Passau","src":"https:\/\/i0.wp.com\/coeser.de\/blog\/wp-content\/uploads\/2018\/04\/passau-aufmacher-christian-oeser.jpg?resize=350%2C200&ssl=1","width":350,"height":200,"srcset":"https:\/\/i0.wp.com\/coeser.de\/blog\/wp-content\/uploads\/2018\/04\/passau-aufmacher-christian-oeser.jpg?resize=350%2C200&ssl=1 1x, https:\/\/i0.wp.com\/coeser.de\/blog\/wp-content\/uploads\/2018\/04\/passau-aufmacher-christian-oeser.jpg?resize=525%2C300&ssl=1 1.5x, https:\/\/i0.wp.com\/coeser.de\/blog\/wp-content\/uploads\/2018\/04\/passau-aufmacher-christian-oeser.jpg?resize=700%2C400&ssl=1 2x"},"classes":[]},{"id":9246,"url":"https:\/\/coeser.de\/blog\/index.php\/2018\/09\/04\/budapest-5-tipps-die-du-noch-nicht-kennst\/","url_meta":{"origin":15690,"position":2},"title":"Budapest: 5 Geheimtipps, die du nicht kennst","author":"Christian \u00d6ser","date":"4. September 2018","format":false,"excerpt":"Ein Besuch in Budapest ist meist verbunden mit der \"Abarbeitung\" einer langen Liste an Sehensw\u00fcrdigkeiten. In der ungarischen Hauptstadt hat man wahrlich die Qual der Wahl, wenn es um interessante sowie spannende Orte oder kulturelle Veranstaltungen geht. In diesem Beitrag m\u00f6chte ich euch aber gerne f\u00fcnf Geheimtipps f\u00fcr Budapest geben,\u2026","rel":"","context":"In &quot;UNGARN&quot;","block_context":{"text":"UNGARN","link":"https:\/\/coeser.de\/blog\/index.php\/category\/europa\/ungarn\/"},"img":{"alt_text":"","src":"https:\/\/i0.wp.com\/coeser.de\/blog\/wp-content\/uploads\/2018\/08\/budapest-geheimtipps-aufmacher-statue-prinzessin-christian-oeser.jpg?resize=350%2C200&ssl=1","width":350,"height":200,"srcset":"https:\/\/i0.wp.com\/coeser.de\/blog\/wp-content\/uploads\/2018\/08\/budapest-geheimtipps-aufmacher-statue-prinzessin-christian-oeser.jpg?resize=350%2C200&ssl=1 1x, https:\/\/i0.wp.com\/coeser.de\/blog\/wp-content\/uploads\/2018\/08\/budapest-geheimtipps-aufmacher-statue-prinzessin-christian-oeser.jpg?resize=525%2C300&ssl=1 1.5x, https:\/\/i0.wp.com\/coeser.de\/blog\/wp-content\/uploads\/2018\/08\/budapest-geheimtipps-aufmacher-statue-prinzessin-christian-oeser.jpg?resize=700%2C400&ssl=1 2x"},"classes":[]},{"id":24231,"url":"https:\/\/coeser.de\/blog\/index.php\/2025\/07\/06\/frankfurt-16-schoenste-fotospots\/","url_meta":{"origin":15690,"position":3},"title":"Frankfurt: Die 16 sch\u00f6nsten Fotospots","author":"Christian \u00d6ser","date":"6. Juli 2025","format":false,"excerpt":"Kurz vor der Ankunft am Hauptbahnhof von Frankfurt taucht sie beim Blick aus dem Zugfenster pl\u00f6tzlich auf. Die m\u00e4chtige Skyline der Main-Metropole ist eines der imposantesten Motive in Frankfurt, wenn es um das Thema Fotografieren geht. Doch auch abseits der Wolkenkratzer laden gen\u00fcgend Pl\u00e4tze und Orte ein, die Stadt kreativ\u2026","rel":"","context":"In &quot;DEUTSCHLAND&quot;","block_context":{"text":"DEUTSCHLAND","link":"https:\/\/coeser.de\/blog\/index.php\/category\/europa\/deutschland\/"},"img":{"alt_text":"Langzeitbelichtung der abendlich beleuchteten Skyline in Frankfurt am Main","src":"https:\/\/i0.wp.com\/coeser.de\/blog\/wp-content\/uploads\/2025\/05\/frankfurt-main-fotospots-aufmacher-skyline-abend-christian-oeser.jpg?resize=350%2C200&ssl=1","width":350,"height":200,"srcset":"https:\/\/i0.wp.com\/coeser.de\/blog\/wp-content\/uploads\/2025\/05\/frankfurt-main-fotospots-aufmacher-skyline-abend-christian-oeser.jpg?resize=350%2C200&ssl=1 1x, https:\/\/i0.wp.com\/coeser.de\/blog\/wp-content\/uploads\/2025\/05\/frankfurt-main-fotospots-aufmacher-skyline-abend-christian-oeser.jpg?resize=525%2C300&ssl=1 1.5x, https:\/\/i0.wp.com\/coeser.de\/blog\/wp-content\/uploads\/2025\/05\/frankfurt-main-fotospots-aufmacher-skyline-abend-christian-oeser.jpg?resize=700%2C400&ssl=1 2x"},"classes":[]},{"id":19746,"url":"https:\/\/coeser.de\/blog\/index.php\/2023\/05\/17\/salzburg-8-tipps-wenn-du-mehr-willst\/","url_meta":{"origin":15690,"position":4},"title":"Salzburg: 8 Tipps, wenn du mehr willst","author":"Christian \u00d6ser","date":"17. Mai 2023","format":false,"excerpt":"Die Liste an sehenswerten Orten und spannenden Unternehmungen in Salzburg ist beeindruckend umfangreich. Die Chance ist gro\u00df, dass du nach deiner ersten St\u00e4dtereise zwar die wichtigsten Sehensw\u00fcrdigkeiten gesehen hast, aber noch Lust auf mehr hast. In diesem Artikel biete ich dir deshalb acht Tipps und Attraktionen, welche dir eine R\u00fcckkehr\u2026","rel":"","context":"In &quot;\u00d6STERREICH&quot;","block_context":{"text":"\u00d6STERREICH","link":"https:\/\/coeser.de\/blog\/index.php\/category\/europa\/oesterreich\/"},"img":{"alt_text":"Aussicht vom M\u00f6nchsberg auf die Altstadt von Salzburg","src":"https:\/\/i0.wp.com\/coeser.de\/blog\/wp-content\/uploads\/2023\/04\/salzburg-tipps-aufmacher-aussicht-christian-oeser.jpg?resize=350%2C200&ssl=1","width":350,"height":200,"srcset":"https:\/\/i0.wp.com\/coeser.de\/blog\/wp-content\/uploads\/2023\/04\/salzburg-tipps-aufmacher-aussicht-christian-oeser.jpg?resize=350%2C200&ssl=1 1x, https:\/\/i0.wp.com\/coeser.de\/blog\/wp-content\/uploads\/2023\/04\/salzburg-tipps-aufmacher-aussicht-christian-oeser.jpg?resize=525%2C300&ssl=1 1.5x, https:\/\/i0.wp.com\/coeser.de\/blog\/wp-content\/uploads\/2023\/04\/salzburg-tipps-aufmacher-aussicht-christian-oeser.jpg?resize=700%2C400&ssl=1 2x"},"classes":[]},{"id":14485,"url":"https:\/\/coeser.de\/blog\/index.php\/2020\/01\/28\/krakau-das-salzbergwerk-wieliczka\/","url_meta":{"origin":15690,"position":5},"title":"Krakau: Das Salzbergwerk Wieliczka","author":"Christian \u00d6ser","date":"28. Januar 2020","format":false,"excerpt":"Krakau ist ja ein ganz hei\u00dfer Tipp, wenn es um St\u00e4dtereisen geht \u2013 davon habe ich euch bereits in einem eigenen Artikel vorgeschw\u00e4rmt. Ein wunderbarer Halbtagesausflug ist dabei das Salzbergwerk Wieliczka nur unweit der polnischen Stadt. Ich habe in \u00d6sterreich und Deutschland schon einige Salzbergwerke gesehen, aber keines davon ist\u2026","rel":"","context":"In &quot;POLEN&quot;","block_context":{"text":"POLEN","link":"https:\/\/coeser.de\/blog\/index.php\/category\/europa\/polen\/"},"img":{"alt_text":"Hl.-Kinga-Kapelle im Salzbergwerk Wieliczka bei Krakau","src":"https:\/\/i0.wp.com\/coeser.de\/blog\/wp-content\/uploads\/2020\/01\/krakau-salzbergwerk-wieliczka-aufmacher-christian-oeser.jpg?resize=350%2C200&ssl=1","width":350,"height":200,"srcset":"https:\/\/i0.wp.com\/coeser.de\/blog\/wp-content\/uploads\/2020\/01\/krakau-salzbergwerk-wieliczka-aufmacher-christian-oeser.jpg?resize=350%2C200&ssl=1 1x, https:\/\/i0.wp.com\/coeser.de\/blog\/wp-content\/uploads\/2020\/01\/krakau-salzbergwerk-wieliczka-aufmacher-christian-oeser.jpg?resize=525%2C300&ssl=1 1.5x, https:\/\/i0.wp.com\/coeser.de\/blog\/wp-content\/uploads\/2020\/01\/krakau-salzbergwerk-wieliczka-aufmacher-christian-oeser.jpg?resize=700%2C400&ssl=1 2x"},"classes":[]}],"jetpack_sharing_enabled":true,"_links":{"self":[{"href":"https:\/\/coeser.de\/blog\/index.php\/wp-json\/wp\/v2\/posts\/15690","targetHints":{"allow":["GET"]}}],"collection":[{"href":"https:\/\/coeser.de\/blog\/index.php\/wp-json\/wp\/v2\/posts"}],"about":[{"href":"https:\/\/coeser.de\/blog\/index.php\/wp-json\/wp\/v2\/types\/post"}],"author":[{"embeddable":true,"href":"https:\/\/coeser.de\/blog\/index.php\/wp-json\/wp\/v2\/users\/1"}],"replies":[{"embeddable":true,"href":"https:\/\/coeser.de\/blog\/index.php\/wp-json\/wp\/v2\/comments?post=15690"}],"version-history":[{"count":2,"href":"https:\/\/coeser.de\/blog\/index.php\/wp-json\/wp\/v2\/posts\/15690\/revisions"}],"predecessor-version":[{"id":21546,"href":"https:\/\/coeser.de\/blog\/index.php\/wp-json\/wp\/v2\/posts\/15690\/revisions\/21546"}],"wp:featuredmedia":[{"embeddable":true,"href":"https:\/\/coeser.de\/blog\/index.php\/wp-json\/wp\/v2\/media\/15691"}],"wp:attachment":[{"href":"https:\/\/coeser.de\/blog\/index.php\/wp-json\/wp\/v2\/media?parent=15690"}],"wp:term":[{"taxonomy":"category","embeddable":true,"href":"https:\/\/coeser.de\/blog\/index.php\/wp-json\/wp\/v2\/categories?post=15690"},{"taxonomy":"post_tag","embeddable":true,"href":"https:\/\/coeser.de\/blog\/index.php\/wp-json\/wp\/v2\/tags?post=15690"}],"curies":[{"name":"wp","href":"https:\/\/api.w.org\/{rel}","templated":true}]}}