{"id":16020,"date":"2020-08-18T07:00:17","date_gmt":"2020-08-18T05:00:17","guid":{"rendered":"https:\/\/coeser.de\/blog\/?p=16020"},"modified":"2025-03-04T18:05:20","modified_gmt":"2025-03-04T17:05:20","slug":"wiener-highlights-otto-wagners-stadtbahn","status":"publish","type":"post","link":"https:\/\/coeser.de\/blog\/index.php\/2020\/08\/18\/wiener-highlights-otto-wagners-stadtbahn\/","title":{"rendered":"Wien: Die Stadtbahn von Otto Wagner"},"content":{"rendered":"<p><strong>Wenn Architektur aus dem vorigen Jahrhundert auch heute noch intensiv in Nutzung steht, dann kann man wohl von gelungener Arbeit sprechen. Die Rede ist von der ehemaligen Stadtbahn (heute U-Bahn und S-Bahn), deren Stationen von \u00d6sterreichs ber\u00fchmtestem Architekten Otto Wagner entworfen wurden. Die Stationsgeb\u00e4ude sind sowohl f\u00fcr Touristen wie auch f\u00fcr Einheimische ein stetiger Blickfang bei der Fahrt durch Wien. In diesem Artikel zeige ich euch die sch\u00f6nsten Bilder von den Stationen Otto Wagners!<\/strong><br \/>\n<!--more--><\/p>\n<hr \/>\n<div class=\"highlights\">\n<h3>DIE H\u00d6HEPUNKTE VON OTTO WAGNER IN DIESEM ARTIKEL<\/h3>\n<p>Infos und weiterf\u00fchrende Links zum Leben und Schaffen von Architekt Otto Wagner in Wien<\/p>\n<p>Die Wiener Stadtbahn und der Gro\u00dfauftrag f\u00fcr Otto Wagner, vier Linien zu planen und umzusetzen<\/p>\n<p>Details zur Architektur mit vielen kleinen Details, die den Stationen das bekannte Flair einhauchen<\/p>\n<p>Hinweise zum &#8222;falschen&#8220; Otto-Wagner-Gr\u00fcn, das seit Ende des 2. Weltkriegs alle Stationen ziert<\/p>\n<p>Viele Fotos der 20 noch aktiven Stationen der ehemaligen Stadtbahn von Otto Wagner in Wien<\/p>\n<\/div>\n<p>&nbsp;<\/p>\n<p><em><span style=\"color: #0000ff;\">Dieser Artikel wurde zuletzt am 4. M\u00e4rz 2025 aktualisiert.<\/span><\/em><\/p>\n\n<hr \/>\n<div class=\"fakten\">\n<h2><strong>DIE WIENER STADTBAHN VON OTTO WAGNER<br \/>\n<\/strong><\/h2>\n<h3>FAKTEN<\/h3>\n<p><strong>Er\u00f6ffnung:<\/strong> 1894-1901<br \/>\n<strong>Architekt:<\/strong> Otto Wagner<br \/>\n<strong>Adresse:<\/strong> diverse Stationsgeb\u00e4ude entlang des G\u00fcrtels, des Wientals, des Donaukanals und der Vororte-Linie<br \/>\n<strong>Erreichbarkeit:<\/strong> mit allen \u00f6ffentlichen Verkehrsmitteln Wiens<\/p>\n<hr \/>\n<h3>HOTELTIPPS F\u00dcR WIEN<\/h3>\n<p><strong><a href=\"https:\/\/www.booking.com\/hotel\/at\/25hours-wien.de.html?aid=1634405\" target=\"_blank\" rel=\"noopener noreferrer\">25hours Hotel Wien beim Museumsquartier<\/a>*<\/strong> (Lerchenfelder Stra\u00dfe 1\/3): Meine Lieblingshotelkette mit kreativem Vintage-Touch. Ideale Lage an der Station Volkstheater (U-Bahn U2, U3, Stra\u00dfenbahnen, Bus), 5 Minuten Fu\u00dfweg in die Innenstadt. Detailverliebt und bunt gestaltete Zimmer zum Thema Zirkus, ger\u00e4umig, teils mit Badewanne direkt im Zimmer, sehr bequeme Betten, sch\u00f6ner Ausblick, Soundbox, Klimaanlage (abschaltbar), kostenlose Minibar, schnelles WLAN. Bar und Terrasse auf dem Dachboden mit tollem Panorama auf historische Geb\u00e4ude. Gro\u00dfer Wellnessbereich mit Sauna, Dampfbad, Fitness und einigen Liegen. Ausgezeichnetes Fr\u00fchst\u00fccksbuffet, hauseigenes italienisches Restaurant Ribelli mit gro\u00dfartigen, authentische Pizzen.<\/p>\n<div id='gallery-1' class='gallery galleryid-16020 gallery-columns-7 gallery-size-thumbnail'><figure class='gallery-item'>\n\t\t\t<div class='gallery-icon landscape'>\n\t\t\t\t<a href='https:\/\/coeser.de\/blog\/wp-content\/uploads\/2020\/07\/wien-25hours-hotel-museumsquartier-gal01-christian-oeser.jpg' title=\"Au\u00dfenansicht des 25hours Hotel Wien beim MuseumsQuartier\" data-rl_title=\"Au\u00dfenansicht des 25hours Hotel Wien beim MuseumsQuartier\" class=\"rl-gallery-link\" data-rl_caption=\"Aufnahmeort anzeigen\" data-rel=\"lightbox-gallery-1\"><img loading=\"lazy\" decoding=\"async\" width=\"150\" height=\"150\" src=\"https:\/\/coeser.de\/blog\/wp-content\/uploads\/2020\/07\/wien-25hours-hotel-museumsquartier-gal01-christian-oeser-150x150.jpg\" class=\"attachment-thumbnail size-thumbnail\" alt=\"Au\u00dfenansicht des 25hours Hotel Wien beim MuseumsQuartier\" aria-describedby=\"gallery-1-15799\" \/><\/a>\n\t\t\t<\/div>\n\t\t\t\t<figcaption class='wp-caption-text gallery-caption' id='gallery-1-15799'>\n\t\t\t\tAu\u00dfenansicht des 25hours Hotel Wien beim MuseumsQuartier\n\t\t\t\t<\/figcaption><\/figure><figure class='gallery-item'>\n\t\t\t<div class='gallery-icon landscape'>\n\t\t\t\t<a href='https:\/\/coeser.de\/blog\/wp-content\/uploads\/2020\/07\/wien-25hours-hotel-museumsquartier-gal02-christian-oeser.jpg' title=\"Zimmer der Kategorie Large im 25hours Hotel Wien beim MuseumsQuartier\" data-rl_title=\"Zimmer der Kategorie Large im 25hours Hotel Wien beim MuseumsQuartier\" class=\"rl-gallery-link\" data-rl_caption=\"Aufnahmeort anzeigen\" data-rel=\"lightbox-gallery-1\"><img loading=\"lazy\" decoding=\"async\" width=\"150\" height=\"150\" src=\"https:\/\/coeser.de\/blog\/wp-content\/uploads\/2020\/07\/wien-25hours-hotel-museumsquartier-gal02-christian-oeser-150x150.jpg\" class=\"attachment-thumbnail size-thumbnail\" alt=\"Zimmer der Kategorie Large im 25hours Hotel Wien beim MuseumsQuartier\" aria-describedby=\"gallery-1-15800\" \/><\/a>\n\t\t\t<\/div>\n\t\t\t\t<figcaption class='wp-caption-text gallery-caption' id='gallery-1-15800'>\n\t\t\t\tZimmer der Kategorie Large im 25hours Hotel Wien beim MuseumsQuartier\n\t\t\t\t<\/figcaption><\/figure><figure class='gallery-item'>\n\t\t\t<div class='gallery-icon landscape'>\n\t\t\t\t<a href='https:\/\/coeser.de\/blog\/wp-content\/uploads\/2020\/07\/wien-25hours-hotel-museumsquartier-gal03-christian-oeser.jpg' title=\"Badewanne in der Zimmerkategorie Large im 25hours Hotel Wien beim MuseumsQuartier\" data-rl_title=\"Badewanne in der Zimmerkategorie Large im 25hours Hotel Wien beim MuseumsQuartier\" class=\"rl-gallery-link\" data-rl_caption=\"Aufnahmeort anzeigen\" data-rel=\"lightbox-gallery-1\"><img loading=\"lazy\" decoding=\"async\" width=\"150\" height=\"150\" src=\"https:\/\/coeser.de\/blog\/wp-content\/uploads\/2020\/07\/wien-25hours-hotel-museumsquartier-gal03-christian-oeser-150x150.jpg\" class=\"attachment-thumbnail size-thumbnail\" alt=\"Badewanne in der Zimmerkategorie Large im 25hours Hotel Wien beim MuseumsQuartier\" aria-describedby=\"gallery-1-15801\" \/><\/a>\n\t\t\t<\/div>\n\t\t\t\t<figcaption class='wp-caption-text gallery-caption' id='gallery-1-15801'>\n\t\t\t\tBadewanne in der Zimmerkategorie Large im 25hours Hotel Wien beim MuseumsQuartier\n\t\t\t\t<\/figcaption><\/figure><figure class='gallery-item'>\n\t\t\t<div class='gallery-icon landscape'>\n\t\t\t\t<a href='https:\/\/coeser.de\/blog\/wp-content\/uploads\/2020\/07\/wien-25hours-hotel-museumsquartier-gal04-christian-oeser.jpg' title=\"Wellnessbereich im 25hours Hotel Wien beim MuseumsQuartier\" data-rl_title=\"Wellnessbereich im 25hours Hotel Wien beim MuseumsQuartier\" class=\"rl-gallery-link\" data-rl_caption=\"Aufnahmeort anzeigen\" data-rel=\"lightbox-gallery-1\"><img loading=\"lazy\" decoding=\"async\" width=\"150\" height=\"150\" src=\"https:\/\/coeser.de\/blog\/wp-content\/uploads\/2020\/07\/wien-25hours-hotel-museumsquartier-gal04-christian-oeser-150x150.jpg\" class=\"attachment-thumbnail size-thumbnail\" alt=\"Wellnessbereich im 25hours Hotel Wien beim MuseumsQuartier\" aria-describedby=\"gallery-1-15802\" \/><\/a>\n\t\t\t<\/div>\n\t\t\t\t<figcaption class='wp-caption-text gallery-caption' id='gallery-1-15802'>\n\t\t\t\tWellnessbereich im 25hours Hotel Wien beim MuseumsQuartier\n\t\t\t\t<\/figcaption><\/figure><figure class='gallery-item'>\n\t\t\t<div class='gallery-icon landscape'>\n\t\t\t\t<a href='https:\/\/coeser.de\/blog\/wp-content\/uploads\/2020\/07\/wien-25hours-hotel-museumsquartier-gal05-christian-oeser.jpg' title=\"Aussichtsterrasse und Bar am Dachboden im 25hours Hotel Wien beim MuseumsQuartier\" data-rl_title=\"Aussichtsterrasse und Bar am Dachboden im 25hours Hotel Wien beim MuseumsQuartier\" class=\"rl-gallery-link\" data-rl_caption=\"Aufnahmeort anzeigen\" data-rel=\"lightbox-gallery-1\"><img loading=\"lazy\" decoding=\"async\" width=\"150\" height=\"150\" src=\"https:\/\/coeser.de\/blog\/wp-content\/uploads\/2020\/07\/wien-25hours-hotel-museumsquartier-gal05-christian-oeser-150x150.jpg\" class=\"attachment-thumbnail size-thumbnail\" alt=\"Aussichtsterrasse und Bar am Dachboden im 25hours Hotel Wien beim MuseumsQuartier\" aria-describedby=\"gallery-1-15803\" \/><\/a>\n\t\t\t<\/div>\n\t\t\t\t<figcaption class='wp-caption-text gallery-caption' id='gallery-1-15803'>\n\t\t\t\tAussichtsterrasse und Bar am Dachboden im 25hours Hotel Wien beim MuseumsQuartier\n\t\t\t\t<\/figcaption><\/figure><figure class='gallery-item'>\n\t\t\t<div class='gallery-icon landscape'>\n\t\t\t\t<a href='https:\/\/coeser.de\/blog\/wp-content\/uploads\/2020\/07\/wien-25hours-hotel-museumsquartier-gal06-christian-oeser.jpg' title=\"Italienisches Restaurant Ribelli im 25hours Hotel Wien beim MuseumsQuartier\" data-rl_title=\"Italienisches Restaurant Ribelli im 25hours Hotel Wien beim MuseumsQuartier\" class=\"rl-gallery-link\" data-rl_caption=\"Aufnahmeort anzeigen\" data-rel=\"lightbox-gallery-1\"><img loading=\"lazy\" decoding=\"async\" width=\"150\" height=\"150\" src=\"https:\/\/coeser.de\/blog\/wp-content\/uploads\/2020\/07\/wien-25hours-hotel-museumsquartier-gal06-christian-oeser-150x150.jpg\" class=\"attachment-thumbnail size-thumbnail\" alt=\"Italienisches Restaurant Ribelli im 25hours Hotel Wien beim MuseumsQuartier\" aria-describedby=\"gallery-1-15804\" \/><\/a>\n\t\t\t<\/div>\n\t\t\t\t<figcaption class='wp-caption-text gallery-caption' id='gallery-1-15804'>\n\t\t\t\tItalienisches Restaurant Ribelli im 25hours Hotel Wien beim MuseumsQuartier\n\t\t\t\t<\/figcaption><\/figure><figure class='gallery-item'>\n\t\t\t<div class='gallery-icon landscape'>\n\t\t\t\t<a href='https:\/\/coeser.de\/blog\/wp-content\/uploads\/2020\/07\/wien-25hours-hotel-museumsquartier-gal07-christian-oeser.jpg' title=\"Pizza im italienischen Restaurant Ribelli im 25hours Hotel Wien beim MuseumsQuartier\" data-rl_title=\"Pizza im italienischen Restaurant Ribelli im 25hours Hotel Wien beim MuseumsQuartier\" class=\"rl-gallery-link\" data-rl_caption=\"Aufnahmeort anzeigen\" data-rel=\"lightbox-gallery-1\"><img loading=\"lazy\" decoding=\"async\" width=\"150\" height=\"150\" src=\"https:\/\/coeser.de\/blog\/wp-content\/uploads\/2020\/07\/wien-25hours-hotel-museumsquartier-gal07-christian-oeser-150x150.jpg\" class=\"attachment-thumbnail size-thumbnail\" alt=\"Pizza im italienischen Restaurant Ribelli im 25hours Hotel Wien beim MuseumsQuartier\" aria-describedby=\"gallery-1-15805\" \/><\/a>\n\t\t\t<\/div>\n\t\t\t\t<figcaption class='wp-caption-text gallery-caption' id='gallery-1-15805'>\n\t\t\t\tPizza im italienischen Restaurant Ribelli im 25hours Hotel Wien beim MuseumsQuartier\n\t\t\t\t<\/figcaption><\/figure>\n\t\t<\/div>\n\n<hr \/>\n<p><a href=\"https:\/\/www.booking.com\/hotel\/at\/vienna-stephansdom.de.html?aid=1634405\" target=\"_blank\" rel=\"noopener\"><strong>Hotel SO\/ Vienna<\/strong><\/a>* (<em>Praterstra\u00dfe 1<\/em>): Stilvolles und au\u00dfergew\u00f6hnliches Hotel von Stararchitekt Jean Nouvel. Sehr gute Lage gegen\u00fcber der Station Schwedenplatz (U1, U4 und zwei Stra\u00dfenbahnen), 10 Minuten Fu\u00dfweg ins Zentrum, viele tolle Lokale in unmittelbarer N\u00e4he. Sehr ger\u00e4umige Zimmer mit Blick auf Stephansdom oder Riesenrad. Einrichtung entweder komplett wei\u00df, grau oder schwarz. Sehr bequeme Betten, Regendusche und Badewanne, Pflegeprodukte von Saint Charles, Kaffeemaschine und Teekocher mit Tabs\/Teubeuteln, kostenlose Minibar mit Wasser, S\u00e4ften und Snacks gef\u00fcllt, Soundbox, Klimaanlage (abschaltbar), schnelles WLAN. Zwei Fitnessr\u00e4ume, gro\u00dfer Wellnessbereich mit Sauna, Hamam und Whirlpools. Sehr gutes Fr\u00fchst\u00fccksbuffet im Restaurant und Bar LOFT im 18. Stock mit Panoramablick.<\/p>\n<div id='gallery-2' class='gallery galleryid-16020 gallery-columns-7 gallery-size-thumbnail'><figure class='gallery-item'>\n\t\t\t<div class='gallery-icon landscape'>\n\t\t\t\t<a href='https:\/\/coeser.de\/blog\/wp-content\/uploads\/2023\/07\/wien-hotel-sofitel-so-vienna-01-christian-oeser.jpg' title=\"Au\u00dfenansicht des Hotel SO\/ Vienna in Wien\" data-rl_title=\"Au\u00dfenansicht des Hotel SO\/ Vienna in Wien\" class=\"rl-gallery-link\" data-rl_caption=\"Aufnahmeort anzeigen\" data-rel=\"lightbox-gallery-2\"><img loading=\"lazy\" decoding=\"async\" width=\"150\" height=\"150\" src=\"https:\/\/coeser.de\/blog\/wp-content\/uploads\/2023\/07\/wien-hotel-sofitel-so-vienna-01-christian-oeser-150x150.jpg\" class=\"attachment-thumbnail size-thumbnail\" alt=\"Au\u00dfenansicht des Hotel SO\/ Vienna in Wien\" aria-describedby=\"gallery-2-23844\" \/><\/a>\n\t\t\t<\/div>\n\t\t\t\t<figcaption class='wp-caption-text gallery-caption' id='gallery-2-23844'>\n\t\t\t\tAu\u00dfenansicht des Hotel SO\/ Vienna in Wien\n\t\t\t\t<\/figcaption><\/figure><figure class='gallery-item'>\n\t\t\t<div class='gallery-icon landscape'>\n\t\t\t\t<a href='https:\/\/coeser.de\/blog\/wp-content\/uploads\/2023\/07\/wien-hotel-sofitel-so-vienna-02-christian-oeser.jpg' title=\"Zimmer SO Comfy mit Kingsize-Bett und Stephansdomblick im Hotel SO\/ Vienna in Wien\" data-rl_title=\"Zimmer SO Comfy mit Kingsize-Bett und Stephansdomblick im Hotel SO\/ Vienna in Wien\" class=\"rl-gallery-link\" data-rl_caption=\"Aufnahmeort anzeigen\" data-rel=\"lightbox-gallery-2\"><img loading=\"lazy\" decoding=\"async\" width=\"150\" height=\"150\" src=\"https:\/\/coeser.de\/blog\/wp-content\/uploads\/2023\/07\/wien-hotel-sofitel-so-vienna-02-christian-oeser-150x150.jpg\" class=\"attachment-thumbnail size-thumbnail\" alt=\"Zimmer SO Comfy mit Kingsize-Bett und Stephansdomblick im Hotel SO\/ Vienna in Wien\" aria-describedby=\"gallery-2-23845\" \/><\/a>\n\t\t\t<\/div>\n\t\t\t\t<figcaption class='wp-caption-text gallery-caption' id='gallery-2-23845'>\n\t\t\t\tZimmer SO Comfy mit Kingsize-Bett und Stephansdomblick im Hotel SO\/ Vienna in Wien\n\t\t\t\t<\/figcaption><\/figure><figure class='gallery-item'>\n\t\t\t<div class='gallery-icon landscape'>\n\t\t\t\t<a href='https:\/\/coeser.de\/blog\/wp-content\/uploads\/2023\/07\/wien-hotel-sofitel-so-vienna-03-christian-oeser.jpg' title=\"Bad im Zimmer SO Comfy mit Kingsize-Bett und Stephansdomblick im Hotel SO\/ Vienna in Wien\" data-rl_title=\"Bad im Zimmer SO Comfy mit Kingsize-Bett und Stephansdomblick im Hotel SO\/ Vienna in Wien\" class=\"rl-gallery-link\" data-rl_caption=\"Aufnahmeort anzeigen\" data-rel=\"lightbox-gallery-2\"><img loading=\"lazy\" decoding=\"async\" width=\"150\" height=\"150\" src=\"https:\/\/coeser.de\/blog\/wp-content\/uploads\/2023\/07\/wien-hotel-sofitel-so-vienna-03-christian-oeser-150x150.jpg\" class=\"attachment-thumbnail size-thumbnail\" alt=\"Bad im Zimmer SO Comfy mit Kingsize-Bett und Stephansdomblick im Hotel SO\/ Vienna in Wien\" aria-describedby=\"gallery-2-23846\" \/><\/a>\n\t\t\t<\/div>\n\t\t\t\t<figcaption class='wp-caption-text gallery-caption' id='gallery-2-23846'>\n\t\t\t\tBad im Zimmer SO Comfy mit Kingsize-Bett und Stephansdomblick im Hotel SO\/ Vienna in Wien\n\t\t\t\t<\/figcaption><\/figure><figure class='gallery-item'>\n\t\t\t<div class='gallery-icon landscape'>\n\t\t\t\t<a href='https:\/\/coeser.de\/blog\/wp-content\/uploads\/2023\/07\/wien-hotel-sofitel-so-vienna-04-christian-oeser.jpg' title=\"Blick auf die Wiener Innenstadt und den Stephansdom vom Zimmer SO Comfy im Hotel SO\/ Vienna in Wien\" data-rl_title=\"Blick auf die Wiener Innenstadt und den Stephansdom vom Zimmer SO Comfy im Hotel SO\/ Vienna in Wien\" class=\"rl-gallery-link\" data-rl_caption=\"Aufnahmeort anzeigen\" data-rel=\"lightbox-gallery-2\"><img loading=\"lazy\" decoding=\"async\" width=\"150\" height=\"150\" src=\"https:\/\/coeser.de\/blog\/wp-content\/uploads\/2023\/07\/wien-hotel-sofitel-so-vienna-04-christian-oeser-150x150.jpg\" class=\"attachment-thumbnail size-thumbnail\" alt=\"Blick auf die Wiener Innenstadt und den Stephansdom vom Zimmer SO Comfy im Hotel SO\/ Vienna in Wien\" aria-describedby=\"gallery-2-23847\" \/><\/a>\n\t\t\t<\/div>\n\t\t\t\t<figcaption class='wp-caption-text gallery-caption' id='gallery-2-23847'>\n\t\t\t\tBlick auf die Wiener Innenstadt und den Stephansdom vom Zimmer SO Comfy im Hotel SO\/ Vienna in Wien\n\t\t\t\t<\/figcaption><\/figure><figure class='gallery-item'>\n\t\t\t<div class='gallery-icon landscape'>\n\t\t\t\t<a href='https:\/\/coeser.de\/blog\/wp-content\/uploads\/2023\/07\/wien-hotel-sofitel-so-vienna-05-christian-oeser.jpg' title=\"Restaurant und Bar LOFT im Hotel SO\/ Vienna in Wien\" data-rl_title=\"Restaurant und Bar LOFT im Hotel SO\/ Vienna in Wien\" class=\"rl-gallery-link\" data-rl_caption=\"Aufnahmeort anzeigen\" data-rel=\"lightbox-gallery-2\"><img loading=\"lazy\" decoding=\"async\" width=\"150\" height=\"150\" src=\"https:\/\/coeser.de\/blog\/wp-content\/uploads\/2023\/07\/wien-hotel-sofitel-so-vienna-05-christian-oeser-150x150.jpg\" class=\"attachment-thumbnail size-thumbnail\" alt=\"Restaurant und Bar LOFT im Hotel SO\/ Vienna in Wien\" aria-describedby=\"gallery-2-23848\" \/><\/a>\n\t\t\t<\/div>\n\t\t\t\t<figcaption class='wp-caption-text gallery-caption' id='gallery-2-23848'>\n\t\t\t\tRestaurant und Bar LOFT im Hotel SO\/ Vienna in Wien\n\t\t\t\t<\/figcaption><\/figure><figure class='gallery-item'>\n\t\t\t<div class='gallery-icon landscape'>\n\t\t\t\t<a href='https:\/\/coeser.de\/blog\/wp-content\/uploads\/2023\/07\/wien-hotel-sofitel-so-vienna-06-christian-oeser.jpg' title=\"Doppelzimmer SO Urban im Hotel SO\/ Vienna in Wien\" data-rl_title=\"Doppelzimmer SO Urban im Hotel SO\/ Vienna in Wien\" class=\"rl-gallery-link\" data-rl_caption=\"Aufnahmeort anzeigen\" data-rel=\"lightbox-gallery-2\"><img loading=\"lazy\" decoding=\"async\" width=\"150\" height=\"150\" src=\"https:\/\/coeser.de\/blog\/wp-content\/uploads\/2023\/07\/wien-hotel-sofitel-so-vienna-06-christian-oeser-150x150.jpg\" class=\"attachment-thumbnail size-thumbnail\" alt=\"Doppelzimmer SO Urban im Hotel SO\/ Vienna in Wien\" aria-describedby=\"gallery-2-23849\" \/><\/a>\n\t\t\t<\/div>\n\t\t\t\t<figcaption class='wp-caption-text gallery-caption' id='gallery-2-23849'>\n\t\t\t\tDoppelzimmer SO Urban im Hotel SO\/ Vienna in Wien\n\t\t\t\t<\/figcaption><\/figure><figure class='gallery-item'>\n\t\t\t<div class='gallery-icon landscape'>\n\t\t\t\t<a href='https:\/\/coeser.de\/blog\/wp-content\/uploads\/2023\/07\/wien-hotel-sofitel-so-vienna-07-christian-oeser.jpg' title=\"Sauna im Wellnessebereich des Hotel SO\/ Vienna in Wien\" data-rl_title=\"Sauna im Wellnessebereich des Hotel SO\/ Vienna in Wien\" class=\"rl-gallery-link\" data-rl_caption=\"Aufnahmeort anzeigen\" data-rel=\"lightbox-gallery-2\"><img loading=\"lazy\" decoding=\"async\" width=\"150\" height=\"150\" src=\"https:\/\/coeser.de\/blog\/wp-content\/uploads\/2023\/07\/wien-hotel-sofitel-so-vienna-07-christian-oeser-150x150.jpg\" class=\"attachment-thumbnail size-thumbnail\" alt=\"Sauna im Wellnessebereich des Hotel SO\/ Vienna in Wien\" aria-describedby=\"gallery-2-23850\" \/><\/a>\n\t\t\t<\/div>\n\t\t\t\t<figcaption class='wp-caption-text gallery-caption' id='gallery-2-23850'>\n\t\t\t\tSauna im Wellnessebereich des Hotel SO\/ Vienna in Wien\n\t\t\t\t<\/figcaption><\/figure>\n\t\t<\/div>\n\n<hr \/>\n<p><strong>Auf meiner bevorzugten Hotelsuchmaschine booking.com findest du weitere <a href=\"https:\/\/www.booking.com\/searchresults.de.html?city=-1995499&amp;aid=1634405&amp;no_rooms=1&amp;group_adults=1\" target=\"_blank\" rel=\"noopener noreferrer\">sch\u00f6ne Unterk\u00fcnfte in Wien<\/a>*.<\/strong><\/p>\n<p><em>Transparenzhinweis: Ich wurde vom 25hours Hotel und vom Hotel SO\/ Vienna eine Nacht eingeladen, um pers\u00f6nliche Eindr\u00fccke sammeln zu k\u00f6nnen. Meine Meinung ist davon selbstverst\u00e4ndlich nicht beeinflusst.<\/em><\/p>\n<\/div>\n<div class=\"extern\">\n<h3>TRANSPARENZHINWEIS<\/h3>\n<p>*Die mit Stern gekennzeichneten Verweise in diesem Blogartikel sind sogenannte Affiliate-Links. Wenn dir mein Blogartikel bei der Planung deiner Reise geholfen hat, freue ich mich, wenn du \u00fcber diese Links deine Unterkunft oder Freizeitaktivit\u00e4ten buchst. Ich erhalte dadurch eine kleine Provision und du unterst\u00fctzt den Erhalt dieses Blogs. F\u00fcr dich entstehen dabei selbstverst\u00e4ndlich keine Nachteile. Vielen Dank! \ud83d\ude42<\/p>\n<\/div>\n<p>&nbsp;<\/p>\n<hr \/>\n<div class=\"tipps\">\n<h2>TIPP: Artikelserie &#8222;Wiener Highlights&#8220;<\/h2>\n<p>Mit der Artikelserie &#8222;Wiener Highlights&#8220; stelle ich dir die sch\u00f6nsten Orte sowie Geb\u00e4ude meiner Heimatstadt Wien von innen und au\u00dfen im Detail vor. Hier kannst du dir die bisher erschienenen Beitr\u00e4ge ansehen:<\/p>\n<p><a href=\"https:\/\/coeser.de\/blog\/index.php\/2023\/07\/13\/wien-parlament-fuehrung\/\" target=\"_blank\" rel=\"noopener\"><strong>DAS PARLAMENT (nach der Sanierung 2023)<\/strong><\/a><\/p>\n<p><strong><a href=\"https:\/\/coeser.de\/blog\/index.php\/2017\/05\/02\/wiener-highlights-das-parlament\/\" target=\"_blank\" rel=\"noopener\">DAS PARLAMENT (vor der Sanierung)<\/a><\/strong><\/p>\n<p><strong><a href=\"https:\/\/coeser.de\/blog\/index.php\/2017\/06\/13\/wiener-highlights-das-rathaus\/\" target=\"_blank\" rel=\"noopener noreferrer\">DAS RATHAUS<\/a><\/strong><\/p>\n<p><strong><a href=\"https:\/\/coeser.de\/blog\/index.php\/2017\/08\/01\/wiener-highlights-die-staatsoper\/\" target=\"_blank\" rel=\"noopener noreferrer\">DIE STAATSOPER<\/a><\/strong><\/p>\n<p><strong><a href=\"https:\/\/coeser.de\/blog\/index.php\/2018\/07\/31\/wiener-highlights-das-burgtheater\/\" target=\"_blank\" rel=\"noopener noreferrer\">DAS BURGTHEATER<\/a><\/strong><\/p>\n<p><strong><a href=\"https:\/\/coeser.de\/blog\/index.php\/2019\/01\/08\/wiener-highlights-das-amalienbad\/\" target=\"_blank\" rel=\"noopener noreferrer\">DAS AMALIENBAD<\/a><\/strong><\/p>\n<p><strong><a href=\"https:\/\/coeser.de\/blog\/index.php\/2019\/03\/26\/wiener-highlights-das-joergerbad\/\" target=\"_blank\" rel=\"noopener noreferrer\">DAS J\u00d6RGERBAD<\/a><\/strong><\/p>\n<p><strong><a href=\"https:\/\/coeser.de\/blog\/index.php\/2019\/09\/03\/wiener-highlights-der-zentralfriedhof\/\" target=\"_blank\" rel=\"noopener noreferrer\">DER ZENTRALFRIEDHOF<\/a><\/strong><\/p>\n<\/div>\n<p>&nbsp;<\/p>\n<hr \/>\n<h2><img loading=\"lazy\" decoding=\"async\" class=\"alignnone size-full wp-image-16026\" src=\"https:\/\/coeser.de\/blog\/wp-content\/uploads\/2020\/08\/wien-otto-wagner-stadtbahn-aufmacher1-stadtpark-christian-oeser.jpg\" alt=\"Otto-Wagner-Station Stadtpark in Wien\" width=\"970\" height=\"323\" srcset=\"https:\/\/coeser.de\/blog\/wp-content\/uploads\/2020\/08\/wien-otto-wagner-stadtbahn-aufmacher1-stadtpark-christian-oeser.jpg 970w, https:\/\/coeser.de\/blog\/wp-content\/uploads\/2020\/08\/wien-otto-wagner-stadtbahn-aufmacher1-stadtpark-christian-oeser-768x256.jpg 768w\" sizes=\"auto, (max-width: 970px) 100vw, 970px\" \/><\/h2>\n<h2>Wien und Wagner \u2013 eine echte Liebe<\/h2>\n<p>Wenn ihr in den letzten Jahren in Wien zu Gast wart, dann habt ihr h\u00f6chstwahrscheinlich auch mit der U-Bahn oder S-Bahn die Stadt erkundet. Die Strecken der alten Stadtbahn sind bis heute in Betrieb und die Chance ist gro\u00df, dass ihr in einer Station von Otto Wagner gestanden seid \u2013 ob bewusst oder unbewusst. Das Design der \u00fcber 120 Jahre alten Stationsgeb\u00e4ude unterscheidet sich nat\u00fcrlich stark von den Neubauten seit den 1980er-Jahren und erinnert daran, wie es im vorigen Jahrhundert in Wien aussah.<\/p>\n<h3>Otto Wagner, der Ausnahmearchitekt<\/h3>\n<p>Otto Wagner gilt als wichtigster Architekt \u00d6sterreichs, der auch weit \u00fcber die Grenzen hinaus bis heute gro\u00dfes Ansehen genie\u00dft. Seine Bauwerke aus der Zeit der Wende des 19. und 20. Jahrhunderts pr\u00e4gen das Stadtbild von Wien auch in der Gegenwart. Tagt\u00e4glich gehe ich an seinen architektonischen Sch\u00e4tzen vorbei und erfreue mich jedes Mal an den zahlreichen Details, mit denen Wagner bauliche Akzente setzte. Wenn ihr mehr \u00fcber das Leben und die Werke von Otto Wagner wissen wollt, dann seht euch meine beiden ausf\u00fchrlichen Artikel <strong><a href=\"https:\/\/coeser.de\/blog\/index.php\/2018\/04\/10\/otto-wagners-wien-erbe-eines-visionaers\/\" target=\"_blank\" rel=\"noopener noreferrer\">Otto Wagner in Wien: Erbe eines Vision\u00e4rs<\/a><\/strong> und<strong>\u00a0<a href=\"https:\/\/coeser.de\/blog\/index.php\/2018\/04\/17\/otto-wagners-wien-die-unbekannten-schaetze\/\" target=\"_blank\" rel=\"noopener noreferrer\">Otto Wagner in Wien: Die unbekannten Sch\u00e4tze<\/a><\/strong> an.<\/p>\n<h3>Otto Wagner und der Auftrag f\u00fcr die Stadtbahn<\/h3>\n<p>Ende des 19. Jahrhunderts wuchs die Stadt Wien durch die Eingemeindung der Vororte enorm an \u2013 eine L\u00f6sung in Form einer Generalregulierung musste her. Am 18. Juli 1892 genehmigte der Reichsrat den Bau einer Stadtbahn und Otto Wagner bekam diesen gigantischen Auftrag zugewiesen. Damit konnte er sein gesamtheitliches Denken f\u00fcr die St\u00e4dteplanung endlich in die Tat umsetzen. Der Architekt plante folgende vier Hauptrouten: die <strong>Vororte-Linie<\/strong> (H\u00fctteldorf \u2013 Heiligenstadt), die <strong>Wiental-Linie<\/strong> (H\u00fctteldorf \u2013 Hauptzollamt), die <strong>Donaukanal-Linie<\/strong> (Hauptzollamt \u2013 Heiligenstadt) und die <strong>G\u00fcrtel-Linie<\/strong> (Heiligenstadt \u2013 Meidling-Hauptstra\u00dfe).<\/p>\n<h2><img loading=\"lazy\" decoding=\"async\" class=\"alignnone size-full wp-image-16027\" src=\"https:\/\/coeser.de\/blog\/wp-content\/uploads\/2020\/08\/wien-otto-wagner-stadtbahn-aufmacher2-stadtpark-christian-oeser.jpg\" alt=\"Linie U4 in der Otto-Wagner-Station Stadtpark in Wien\" width=\"970\" height=\"323\" srcset=\"https:\/\/coeser.de\/blog\/wp-content\/uploads\/2020\/08\/wien-otto-wagner-stadtbahn-aufmacher2-stadtpark-christian-oeser.jpg 970w, https:\/\/coeser.de\/blog\/wp-content\/uploads\/2020\/08\/wien-otto-wagner-stadtbahn-aufmacher2-stadtpark-christian-oeser-768x256.jpg 768w\" sizes=\"auto, (max-width: 970px) 100vw, 970px\" \/><\/h2>\n<h2>Die Architektur der Stationen<\/h2>\n<p>F\u00fcr den Bau der Stadtbahnstationen gab es vom Reichsrat eine klare Vorgabe: gefragt war ein einheitlicher Stil mit Hang zur \u00c4sthetik, da viele Stationen oberirdisch errichtet werden sollten. W\u00e4hrend Wagner f\u00fcr die Aufnahmegeb\u00e4ude der Vororte-Linie noch jeweils einen individuellen Entwurf anfertigte, plante er f\u00fcr die anderen Linien je einen Prototypen f\u00fcr Hoch- und Tiefstationen. Je n\u00e4her sich die Stationen an der Innenstadt befanden, desto \u00fcppiger wurden die Fassaden mit Details geschm\u00fcckt. Den H\u00f6hepunkt bildeten die beiden Jugendstilpavillons am Karlsplatz, die ihr heute noch besichtigen k\u00f6nnt.<\/p>\n<h3>Durchdachte Innenarchitektur<\/h3>\n<p>Obwohl ich die Stationen Otto Wagners schon Jahrzehnte in- und auswendig kenne, sehe ich mich auch heute noch jedes Mal gespannt nach neuen Details um. Typisch sind beispielsweise das gekachelte Fliesenmuster am Boden, die Jugendstil-Verzierungen, die stilisierten Buchstaben, Handl\u00e4ufe aus Holz, die schr\u00e4ge Bahnsteig\u00fcberdachung mit den schmalen S\u00e4ulen, breite Stufen mit bequemer H\u00f6he, das Sonnenblumenmuster auf den Gel\u00e4ndern, die Ziegelviadukte am G\u00fcrtel &#8230; die Liste lie\u00dfe sich noch lange fortsetzen.<\/p>\n<h3>Schicksalsjahre nach dem Krieg<\/h3>\n<p>Nach dem Tod Otto Wagners 1918 sah es f\u00fcr die Stationen d\u00fcster aus: der Denkmalschutz wurde 1934 gro\u00dfteils aufgehoben, viele Geb\u00e4ude verfielen oder mussten zweckm\u00e4\u00dfigen Neubauten weichen. Der Initiative \u201eRettet Otto Wagner\u201c aus den sp\u00e4ten 60er-Jahren verdanken wir es heute, dass zumindest noch 20 Stationsgeb\u00e4ude komplett (<em>Stadtpark<\/em> und <em>Sch\u00f6nbrunn<\/em>) oder zumindest teilweise in ihrem Originalzustand zu bewundern sind. Nachfolgend zeige ich euch nun meine pers\u00f6nlichen Highlights von diesen architektonischen Meisterwerken.<\/p>\n<hr \/>\n<div class=\"tipps\">\n<h3><img loading=\"lazy\" decoding=\"async\" class=\"alignnone size-full wp-image-16032\" src=\"https:\/\/coeser.de\/blog\/wp-content\/uploads\/2020\/08\/wien-otto-wagner-stadtbahn-aufmacher03-resedagruen-christian-oeser.jpg\" alt=\"Sonnenblumengel\u00e4nder im Resedagr\u00fcn von Otto Wagner in Wien\" width=\"930\" height=\"263\" srcset=\"https:\/\/coeser.de\/blog\/wp-content\/uploads\/2020\/08\/wien-otto-wagner-stadtbahn-aufmacher03-resedagruen-christian-oeser.jpg 930w, https:\/\/coeser.de\/blog\/wp-content\/uploads\/2020\/08\/wien-otto-wagner-stadtbahn-aufmacher03-resedagruen-christian-oeser-768x217.jpg 768w\" sizes=\"auto, (max-width: 930px) 100vw, 930px\" \/><\/h3>\n<h3>Das &#8222;falsche&#8220; Otto-Wagner-Gr\u00fcn<\/h3>\n<p>Alle Stationen der ehemaligen Stadtbahn von Otto Wagner bestechen durch die durchg\u00e4ngige Verwendung der Farbe Resedagr\u00fcn. Doch erst vor wenigen Jahren kam bei neueren Untersuchungen heraus, dass diese Farbe erst nach dem Zweiten Weltkrieg aufgetragen wurde. Davor waren die Teile hellbeige lackiert. Dennoch spricht man heute einfach vom Otto-Wagner-Gr\u00fcn, obwohl der Architekt diese Farbe nie verwendet hatte. Wenn ihr mehr dar\u00fcber erfahren wollt, empfehle ich euch den <strong><a href=\"https:\/\/www.bda.gv.at\/themen\/restaurierwerkstaetten\/labor\/aktuelle-forschungsergebnisse\/otto-wagner-gruen.html\" target=\"_blank\" rel=\"noopener noreferrer\">Bericht vom Bundesdenkmalamt<\/a><\/strong>.<\/p>\n<\/div>\n<p>&nbsp;<\/p>\n<hr \/>\n<h2>DIE SCH\u00d6NSTEN FOTOS DER STADTBAHN VON OTTO WAGNER<\/h2>\n<figure class=\"bigpicture\" style=\"width: 970px;\"><img loading=\"lazy\" decoding=\"async\" class=\"wp-image-16035 size-full\" src=\"https:\/\/coeser.de\/blog\/wp-content\/uploads\/2020\/08\/wien-otto-wagner-stadtbahn-gal01-karlsplatz-christian-oeser.jpg\" alt=\"Jugendstilpavillons von Otto Wagner am Karlsplatz in Wien\" width=\"960\" height=\"640\" srcset=\"https:\/\/coeser.de\/blog\/wp-content\/uploads\/2020\/08\/wien-otto-wagner-stadtbahn-gal01-karlsplatz-christian-oeser.jpg 960w, https:\/\/coeser.de\/blog\/wp-content\/uploads\/2020\/08\/wien-otto-wagner-stadtbahn-gal01-karlsplatz-christian-oeser-768x512.jpg 768w, https:\/\/coeser.de\/blog\/wp-content\/uploads\/2020\/08\/wien-otto-wagner-stadtbahn-gal01-karlsplatz-christian-oeser-330x220.jpg 330w\" sizes=\"auto, (max-width: 960px) 100vw, 960px\" \/><figcaption class=\"bigpicture-text\">\n<h3>Station Karlsplatz<\/h3>\n<p>Die mit Abstand sch\u00f6nsten Stationsgeb\u00e4ude Wiens sind die beiden Jugendstilpavillons am <em>Karlsplatz<\/em> \u2013 wobei sie heute nur noch minimal ihrem urspr\u00fcnglichen Zweck dienen. Der hier abgebildete Pavillon beherbergt eine Dauerausstellung \u00fcber Otto Wagner (empfehlenswert!) und auf der R\u00fcckseite einen kleinen Abgang zur U-Bahn. Exakt gegen\u00fcber steht ein baugleicher Pavillon, in dem heute ein Caf\u00e9 zur Pause einl\u00e4dt.<br \/>\n<a href=\"https:\/\/www.google.de\/maps\/place\/48.200256,16.370408\" target=\"_blank\" rel=\"noopener noreferrer\"><strong>Aufnahmeort anzeigen<\/strong><\/a><\/p>\n<\/figcaption><\/figure>\n<figure class=\"bigpicture\" style=\"width: 970px;\"><img loading=\"lazy\" decoding=\"async\" class=\"wp-image-16036 size-full\" src=\"https:\/\/coeser.de\/blog\/wp-content\/uploads\/2020\/08\/wien-otto-wagner-stadtbahn-gal02-karlsplatz-christian-oeser.jpg\" alt=\"Jugendstilpavillons von Otto Wagner am Karlsplatz in Wien\" width=\"960\" height=\"640\" srcset=\"https:\/\/coeser.de\/blog\/wp-content\/uploads\/2020\/08\/wien-otto-wagner-stadtbahn-gal02-karlsplatz-christian-oeser.jpg 960w, https:\/\/coeser.de\/blog\/wp-content\/uploads\/2020\/08\/wien-otto-wagner-stadtbahn-gal02-karlsplatz-christian-oeser-768x512.jpg 768w, https:\/\/coeser.de\/blog\/wp-content\/uploads\/2020\/08\/wien-otto-wagner-stadtbahn-gal02-karlsplatz-christian-oeser-330x220.jpg 330w\" sizes=\"auto, (max-width: 960px) 100vw, 960px\" \/><figcaption class=\"bigpicture-text\">\n<h3>Details der Station Karlsplatz<\/h3>\n<p>Die Pavillons sind noch im Original erhalten, mussten aber im Zuge der Bauarbeiten f\u00fcr die U-Bahn einen Meter angehoben und einige Meter versetzt werden. In fr\u00fcheren Zeiten hie\u00df die Station \u00fcbrigens <em>Academiestra\u00dfe<\/em> und die Fahrg\u00e4ste konnten von den Pavillons direkt auf den Bahnsteig der Stadtbahn gelangen. Im Bild seht ihr einige Eindr\u00fccke aus der Ausstellung \u00fcber Otto Wagner.<br \/>\n<a href=\"https:\/\/www.google.de\/maps\/place\/48.200272,16.370313\" target=\"_blank\" rel=\"noopener noreferrer\"><strong>Aufnahmeort anzeigen<\/strong><\/a><\/p>\n<\/figcaption><\/figure>\n<figure class=\"bigpicture\" style=\"width: 970px;\"><img loading=\"lazy\" decoding=\"async\" class=\"wp-image-16037 size-full\" src=\"https:\/\/coeser.de\/blog\/wp-content\/uploads\/2020\/08\/wien-otto-wagner-stadtbahn-gal03-stadtpark-christian-oeser.jpg\" alt=\"Station Stadtpark von Otto Wagner in Wien\" width=\"960\" height=\"640\" srcset=\"https:\/\/coeser.de\/blog\/wp-content\/uploads\/2020\/08\/wien-otto-wagner-stadtbahn-gal03-stadtpark-christian-oeser.jpg 960w, https:\/\/coeser.de\/blog\/wp-content\/uploads\/2020\/08\/wien-otto-wagner-stadtbahn-gal03-stadtpark-christian-oeser-768x512.jpg 768w, https:\/\/coeser.de\/blog\/wp-content\/uploads\/2020\/08\/wien-otto-wagner-stadtbahn-gal03-stadtpark-christian-oeser-330x220.jpg 330w\" sizes=\"auto, (max-width: 960px) 100vw, 960px\" \/><figcaption class=\"bigpicture-text\">\n<h3>Station Stadtpark<\/h3>\n<p>Ebenfalls noch weitgehend erhalten ist die offene Station <em>Stadtpark<\/em> aus dem Jahr 1897. Sie ist Teil der historischen Wiental-Linie und eine der wenigen Stationen im Wiener U-Bahn-Netz, deren Bahnsteige wegen des Denkmalschutzes nicht komplett \u00fcberdacht sind.<br \/>\n<a href=\"https:\/\/www.google.de\/maps\/place\/48.203270,16.380294\" target=\"_blank\" rel=\"noopener noreferrer\"><strong>Aufnahmeort anzeigen<\/strong><\/a><\/p>\n<\/figcaption><\/figure>\n<figure class=\"bigpicture\" style=\"width: 970px;\"><img loading=\"lazy\" decoding=\"async\" class=\"wp-image-16038 size-full\" src=\"https:\/\/coeser.de\/blog\/wp-content\/uploads\/2020\/08\/wien-otto-wagner-stadtbahn-gal04-stadtpark-christian-oeser.jpg\" alt=\"Station Stadtpark von Otto Wagner in Wien\" width=\"960\" height=\"640\" srcset=\"https:\/\/coeser.de\/blog\/wp-content\/uploads\/2020\/08\/wien-otto-wagner-stadtbahn-gal04-stadtpark-christian-oeser.jpg 960w, https:\/\/coeser.de\/blog\/wp-content\/uploads\/2020\/08\/wien-otto-wagner-stadtbahn-gal04-stadtpark-christian-oeser-768x512.jpg 768w, https:\/\/coeser.de\/blog\/wp-content\/uploads\/2020\/08\/wien-otto-wagner-stadtbahn-gal04-stadtpark-christian-oeser-330x220.jpg 330w\" sizes=\"auto, (max-width: 960px) 100vw, 960px\" \/><figcaption class=\"bigpicture-text\">\n<h3>Eingang der Station Stadtpark<\/h3>\n<p>Der Zugang in das Stationsgeb\u00e4ude <em>Stadtpark<\/em> weist viele Details im Jugendstil auf, die man im schnellen Vorbeigehen viel zu oft nicht beachtet.<br \/>\n<a href=\"https:\/\/www.google.de\/maps\/place\/48.202394,16.378961\" target=\"_blank\" rel=\"noopener noreferrer\"><strong>Aufnahmeort anzeigen<\/strong><\/a><\/p>\n<\/figcaption><\/figure>\n<figure class=\"bigpicture\" style=\"width: 970px;\"><img loading=\"lazy\" decoding=\"async\" class=\"wp-image-16039 size-full\" src=\"https:\/\/coeser.de\/blog\/wp-content\/uploads\/2020\/08\/wien-otto-wagner-stadtbahn-gal05-stadtpark-christian-oeser.jpg\" alt=\"Station Stadtpark von Otto Wagner in Wien\" width=\"960\" height=\"640\" srcset=\"https:\/\/coeser.de\/blog\/wp-content\/uploads\/2020\/08\/wien-otto-wagner-stadtbahn-gal05-stadtpark-christian-oeser.jpg 960w, https:\/\/coeser.de\/blog\/wp-content\/uploads\/2020\/08\/wien-otto-wagner-stadtbahn-gal05-stadtpark-christian-oeser-768x512.jpg 768w, https:\/\/coeser.de\/blog\/wp-content\/uploads\/2020\/08\/wien-otto-wagner-stadtbahn-gal05-stadtpark-christian-oeser-330x220.jpg 330w\" sizes=\"auto, (max-width: 960px) 100vw, 960px\" \/><figcaption class=\"bigpicture-text\">\n<h3>Details der Station Stadtpark<\/h3>\n<p>Die Station <em>Stadtpark<\/em> ist durchaus als Gesamtkunstwerk zu betrachten. Egal wo ihr euch befindet \u2013 es gibt \u00fcberall etwas zu entdecken!<br \/>\n<a href=\"https:\/\/www.google.de\/maps\/place\/48.202477,16.379081\" target=\"_blank\" rel=\"noopener noreferrer\"><strong>Aufnahmeort anzeigen<\/strong><\/a><\/p>\n<\/figcaption><\/figure>\n<figure class=\"bigpicture\" style=\"width: 970px;\"><img loading=\"lazy\" decoding=\"async\" class=\"wp-image-16040 size-full\" src=\"https:\/\/coeser.de\/blog\/wp-content\/uploads\/2020\/08\/wien-otto-wagner-stadtbahn-gal06-bruecke-christian-oeser.jpg\" alt=\"Wienfluss\u00fcberquerung Zollamtssteg von Otto Wagner in Wien\" width=\"960\" height=\"640\" srcset=\"https:\/\/coeser.de\/blog\/wp-content\/uploads\/2020\/08\/wien-otto-wagner-stadtbahn-gal06-bruecke-christian-oeser.jpg 960w, https:\/\/coeser.de\/blog\/wp-content\/uploads\/2020\/08\/wien-otto-wagner-stadtbahn-gal06-bruecke-christian-oeser-768x512.jpg 768w, https:\/\/coeser.de\/blog\/wp-content\/uploads\/2020\/08\/wien-otto-wagner-stadtbahn-gal06-bruecke-christian-oeser-330x220.jpg 330w\" sizes=\"auto, (max-width: 960px) 100vw, 960px\" \/><figcaption class=\"bigpicture-text\">\n<h3>Der Zollamtssteg<\/h3>\n<p>Otto Wagner plante f\u00fcr die Stadtbahn nicht nur die Stationen, sondern auch alle Br\u00fccken. Hier seht ihr den \u00e4u\u00dferst fotogenen Zollamtssteg zwischen den Stationen <em>Schwedenplatz<\/em> und <em>Landstra\u00dfe<\/em>.<br \/>\n<a href=\"https:\/\/www.google.de\/maps\/place\/48.209629,16.384586\" target=\"_blank\" rel=\"noopener noreferrer\"><strong>Aufnahmeort anzeigen<\/strong><\/a><\/p>\n<\/figcaption><\/figure>\n<figure class=\"bigpicture\" style=\"width: 970px;\"><img loading=\"lazy\" decoding=\"async\" class=\"wp-image-16041 size-full\" src=\"https:\/\/coeser.de\/blog\/wp-content\/uploads\/2020\/08\/wien-otto-wagner-stadtbahn-gal07-schoenbrunn-christian-oeser.jpg\" alt=\"Station Sch\u00f6nbrunn von Otto Wagner in Wien\" width=\"960\" height=\"640\" srcset=\"https:\/\/coeser.de\/blog\/wp-content\/uploads\/2020\/08\/wien-otto-wagner-stadtbahn-gal07-schoenbrunn-christian-oeser.jpg 960w, https:\/\/coeser.de\/blog\/wp-content\/uploads\/2020\/08\/wien-otto-wagner-stadtbahn-gal07-schoenbrunn-christian-oeser-768x512.jpg 768w, https:\/\/coeser.de\/blog\/wp-content\/uploads\/2020\/08\/wien-otto-wagner-stadtbahn-gal07-schoenbrunn-christian-oeser-330x220.jpg 330w\" sizes=\"auto, (max-width: 960px) 100vw, 960px\" \/><figcaption class=\"bigpicture-text\">\n<h3>Details der Station Sch\u00f6nbrunn<\/h3>\n<p>Die zweite fast vollst\u00e4ndig erhaltene Station von Otto Wagner ist <em>Sch\u00f6nbrunn<\/em> aus dem Jahr 1898. Das ist f\u00fcr Touristen nat\u00fcrlich sehr praktisch, da sie so neben dem Schloss Sch\u00f6nbrunn automatisch noch eine zweite Sehensw\u00fcrdigkeit zu Gesicht bekommen. Achtet \u00fcbrigens auf die eher sachlich gehaltene Ausgestaltung des Stationsgeb\u00e4udes im kleinen Bild links oben. Was es damit auf sich hat, sage ich euch im n\u00e4chsten Bild.<br \/>\n<a href=\"https:\/\/www.google.de\/maps\/place\/48.185815,16.319793\" target=\"_blank\" rel=\"noopener noreferrer\"><strong>Aufnahmeort anzeigen<\/strong><\/a><\/p>\n<\/figcaption><\/figure>\n<figure class=\"bigpicture\" style=\"width: 970px;\"><img loading=\"lazy\" decoding=\"async\" class=\"wp-image-16042 size-full\" src=\"https:\/\/coeser.de\/blog\/wp-content\/uploads\/2020\/08\/wien-otto-wagner-stadtbahn-gal08-margaretenguertel-christian-oeser.jpg\" alt=\"Station Margareteng\u00fcrtel von Otto Wagner in Wien\" width=\"960\" height=\"640\" srcset=\"https:\/\/coeser.de\/blog\/wp-content\/uploads\/2020\/08\/wien-otto-wagner-stadtbahn-gal08-margaretenguertel-christian-oeser.jpg 960w, https:\/\/coeser.de\/blog\/wp-content\/uploads\/2020\/08\/wien-otto-wagner-stadtbahn-gal08-margaretenguertel-christian-oeser-768x512.jpg 768w, https:\/\/coeser.de\/blog\/wp-content\/uploads\/2020\/08\/wien-otto-wagner-stadtbahn-gal08-margaretenguertel-christian-oeser-330x220.jpg 330w\" sizes=\"auto, (max-width: 960px) 100vw, 960px\" \/><figcaption class=\"bigpicture-text\">\n<h3>Station Margareteng\u00fcrtel<\/h3>\n<p>Im Vergleich zum vorigen Stationsgeb\u00e4ude <em>Sch\u00f6nbrunn<\/em> ist der Bau am <em>Margareteng\u00fcrtel<\/em> schon deutlich \u00fcppiger und detailreicher ausgestaltet. Die Erkl\u00e4rung: je n\u00e4her die Stationen im Zentrum der Stadt liegen (etwa die Jugendstilpavillons am <em>Karlsplatz<\/em>), desto sch\u00f6ner wurden sie von Wagner dekoriert.<br \/>\n<a href=\"https:\/\/www.google.de\/maps\/place\/48.188432,16.341697\" target=\"_blank\" rel=\"noopener noreferrer\"><strong>Aufnahmeort anzeigen<\/strong><\/a><\/p>\n<\/figcaption><\/figure>\n<figure class=\"bigpicture\" style=\"width: 970px;\"><img loading=\"lazy\" decoding=\"async\" class=\"wp-image-16043 size-full\" src=\"https:\/\/coeser.de\/blog\/wp-content\/uploads\/2020\/08\/wien-otto-wagner-stadtbahn-gal09-alser-strasse-christian-oeser.jpg\" alt=\"Station Alser Stra\u00dfe von Otto Wagner in Wien\" width=\"960\" height=\"640\" srcset=\"https:\/\/coeser.de\/blog\/wp-content\/uploads\/2020\/08\/wien-otto-wagner-stadtbahn-gal09-alser-strasse-christian-oeser.jpg 960w, https:\/\/coeser.de\/blog\/wp-content\/uploads\/2020\/08\/wien-otto-wagner-stadtbahn-gal09-alser-strasse-christian-oeser-768x512.jpg 768w, https:\/\/coeser.de\/blog\/wp-content\/uploads\/2020\/08\/wien-otto-wagner-stadtbahn-gal09-alser-strasse-christian-oeser-330x220.jpg 330w\" sizes=\"auto, (max-width: 960px) 100vw, 960px\" \/><figcaption class=\"bigpicture-text\">\n<h3>Station Alser Stra\u00dfe<\/h3>\n<p>Wechseln wir nun zu den Stationen der historischen G\u00fcrtel-Linie, die heute von der U6 befahren wird. Die Stationsgeb\u00e4ude (hier <em>Alser Stra\u00dfe<\/em>) unterscheiden sich deutlich von denen der Wiental-Linie und erinnern an m\u00e4chtige, langgezogene Stadttore. Der gesamte Bau ist kein reiner Zugang, sondern deckt gleichzeitig auch die Bahnsteige und Wirtschaftsfl\u00e4chen f\u00fcr Gesch\u00e4fte ab.<br \/>\n<a href=\"https:\/\/www.google.de\/maps\/place\/48.216872,16.341311\" target=\"_blank\" rel=\"noopener noreferrer\"><strong>Aufnahmeort anzeigen<\/strong><\/a><\/p>\n<\/figcaption><\/figure>\n<figure class=\"bigpicture\" style=\"width: 970px;\"><img loading=\"lazy\" decoding=\"async\" class=\"wp-image-16044 size-full\" src=\"https:\/\/coeser.de\/blog\/wp-content\/uploads\/2020\/08\/wien-otto-wagner-stadtbahn-gal10-waehringer-christian-oeser.jpg\" alt=\"Station W\u00e4hringer Stra\u00dfe von Otto Wagner in Wien\" width=\"960\" height=\"640\" srcset=\"https:\/\/coeser.de\/blog\/wp-content\/uploads\/2020\/08\/wien-otto-wagner-stadtbahn-gal10-waehringer-christian-oeser.jpg 960w, https:\/\/coeser.de\/blog\/wp-content\/uploads\/2020\/08\/wien-otto-wagner-stadtbahn-gal10-waehringer-christian-oeser-768x512.jpg 768w, https:\/\/coeser.de\/blog\/wp-content\/uploads\/2020\/08\/wien-otto-wagner-stadtbahn-gal10-waehringer-christian-oeser-330x220.jpg 330w\" sizes=\"auto, (max-width: 960px) 100vw, 960px\" \/><figcaption class=\"bigpicture-text\">\n<h3>Station W\u00e4hringer Stra\u00dfe<\/h3>\n<p>Die in Hochlage befindlichen Bahnsteige erhalten durch gro\u00dfe Fenster viel Tageslicht. Typisch ist weiters das schr\u00e4ge Dach, welches von d\u00fcnnen St\u00fctzen getragen wird und das Fliesenmuster am Boden.<br \/>\n<a href=\"https:\/\/www.google.de\/maps\/place\/48.225606,16.349441\" target=\"_blank\" rel=\"noopener noreferrer\"><strong>Aufnahmeort anzeigen<\/strong><\/a><\/p>\n<\/figcaption><\/figure>\n<figure class=\"bigpicture\" style=\"width: 970px;\"><img loading=\"lazy\" decoding=\"async\" class=\"wp-image-16045 size-full\" src=\"https:\/\/coeser.de\/blog\/wp-content\/uploads\/2020\/08\/wien-otto-wagner-stadtbahn-gal11-waehringer-christian-oeser.jpg\" alt=\"Station W\u00e4hringer Stra\u00dfe von Otto Wagner in Wien\" width=\"960\" height=\"640\" srcset=\"https:\/\/coeser.de\/blog\/wp-content\/uploads\/2020\/08\/wien-otto-wagner-stadtbahn-gal11-waehringer-christian-oeser.jpg 960w, https:\/\/coeser.de\/blog\/wp-content\/uploads\/2020\/08\/wien-otto-wagner-stadtbahn-gal11-waehringer-christian-oeser-768x512.jpg 768w, https:\/\/coeser.de\/blog\/wp-content\/uploads\/2020\/08\/wien-otto-wagner-stadtbahn-gal11-waehringer-christian-oeser-330x220.jpg 330w\" sizes=\"auto, (max-width: 960px) 100vw, 960px\" \/><figcaption class=\"bigpicture-text\">\n<h3>Detail der Station W\u00e4hringer Stra\u00dfe<\/h3>\n<p>Im Seitenprofil erkennt ihr, dass Otto Wagner ein Meister der perfekten Ausgestaltung war. Die Symmetrie und die feine Ausarbeitung mit verschiedenen Materialien machen die Station <em>W\u00e4hringer Stra\u00dfe<\/em> zu einem architektonischen Schmuckst\u00fcck.<br \/>\n<a href=\"https:\/\/www.google.de\/maps\/place\/48.225606,16.349441\" target=\"_blank\" rel=\"noopener noreferrer\"><strong>Aufnahmeort anzeigen<\/strong><\/a><\/p>\n<\/figcaption><\/figure>\n<figure class=\"bigpicture\" style=\"width: 970px;\"><img loading=\"lazy\" decoding=\"async\" class=\"wp-image-16046 size-full\" src=\"https:\/\/coeser.de\/blog\/wp-content\/uploads\/2020\/08\/wien-otto-wagner-stadtbahn-gal12-waehringer-christian-oeser.jpg\" alt=\"Station W\u00e4hringer Stra\u00dfe von Otto Wagner in Wien\" width=\"960\" height=\"640\" srcset=\"https:\/\/coeser.de\/blog\/wp-content\/uploads\/2020\/08\/wien-otto-wagner-stadtbahn-gal12-waehringer-christian-oeser.jpg 960w, https:\/\/coeser.de\/blog\/wp-content\/uploads\/2020\/08\/wien-otto-wagner-stadtbahn-gal12-waehringer-christian-oeser-768x512.jpg 768w, https:\/\/coeser.de\/blog\/wp-content\/uploads\/2020\/08\/wien-otto-wagner-stadtbahn-gal12-waehringer-christian-oeser-330x220.jpg 330w\" sizes=\"auto, (max-width: 960px) 100vw, 960px\" \/><figcaption class=\"bigpicture-text\">\n<h3>Bahnsteig der Station W\u00e4hringer Stra\u00dfe<\/h3>\n<p>Ich fahre wirklich gerne mit der Linie U6 (obwohl sie in Wien enorm verschrien ist), da durch die Hochlage vieler Stationen die Zeit immer wie im Flug vergeht, wenn man das Treiben auf den Stra\u00dfen darunter beobachtet. \ud83d\ude09<br \/>\n<a href=\"https:\/\/www.google.de\/maps\/place\/48.226052,16.349555\" target=\"_blank\" rel=\"noopener noreferrer\"><strong>Aufnahmeort anzeigen<\/strong><\/a><\/p>\n<\/figcaption><\/figure>\n<figure class=\"bigpicture\" style=\"width: 970px;\"><img loading=\"lazy\" decoding=\"async\" class=\"wp-image-16047 size-full\" src=\"https:\/\/coeser.de\/blog\/wp-content\/uploads\/2020\/08\/wien-otto-wagner-stadtbahn-gal13-gumpendorfer-christian-oeser.jpg\" alt=\"Station Gumpendorfer Stra\u00dfe von Otto Wagner in Wien\" width=\"960\" height=\"640\" srcset=\"https:\/\/coeser.de\/blog\/wp-content\/uploads\/2020\/08\/wien-otto-wagner-stadtbahn-gal13-gumpendorfer-christian-oeser.jpg 960w, https:\/\/coeser.de\/blog\/wp-content\/uploads\/2020\/08\/wien-otto-wagner-stadtbahn-gal13-gumpendorfer-christian-oeser-768x512.jpg 768w, https:\/\/coeser.de\/blog\/wp-content\/uploads\/2020\/08\/wien-otto-wagner-stadtbahn-gal13-gumpendorfer-christian-oeser-330x220.jpg 330w\" sizes=\"auto, (max-width: 960px) 100vw, 960px\" \/><figcaption class=\"bigpicture-text\">\n<h3>Station Gumpendorfer Stra\u00dfe<\/h3>\n<p>Ein weiteres architektonisches Meisterwerk ist die Station <em>Gumpendorfer Stra\u00dfe<\/em>. Das gesamte Geb\u00e4ude liegt in einer Kurve und punktet zus\u00e4tzlich mit der wundersch\u00f6nen Kirche Maria vom Siege im Hintergrund.<br \/>\n<a href=\"https:\/\/www.google.de\/maps\/place\/48.190631,16.337520\" target=\"_blank\" rel=\"noopener noreferrer\"><strong>Aufnahmeort anzeigen<\/strong><\/a><\/p>\n<\/figcaption><\/figure>\n<figure class=\"bigpicture\" style=\"width: 970px;\"><img loading=\"lazy\" decoding=\"async\" class=\"wp-image-16048 size-full\" src=\"https:\/\/coeser.de\/blog\/wp-content\/uploads\/2020\/08\/wien-otto-wagner-stadtbahn-gal14-viadukte-christian-oeser.jpg\" alt=\"Viadukte der G\u00fcrtel-Linie von Otto Wagner in Wien\" width=\"960\" height=\"640\" srcset=\"https:\/\/coeser.de\/blog\/wp-content\/uploads\/2020\/08\/wien-otto-wagner-stadtbahn-gal14-viadukte-christian-oeser.jpg 960w, https:\/\/coeser.de\/blog\/wp-content\/uploads\/2020\/08\/wien-otto-wagner-stadtbahn-gal14-viadukte-christian-oeser-768x512.jpg 768w, https:\/\/coeser.de\/blog\/wp-content\/uploads\/2020\/08\/wien-otto-wagner-stadtbahn-gal14-viadukte-christian-oeser-330x220.jpg 330w\" sizes=\"auto, (max-width: 960px) 100vw, 960px\" \/><figcaption class=\"bigpicture-text\">\n<h3>Die Ziegelviadukte am G\u00fcrtel<\/h3>\n<p>Die Trasse der ehemaligen Stadtbahn verl\u00e4uft auf dem G\u00fcrtel in Hochlage auf rund 400 Ziegelviadukten. Das ist insofern interessant, da Otto Wagner sonst in keinem seiner Geb\u00e4ude Ziegel als Baustoff verwendete. Im Bild seht ihr \u00fcbrigens kein altes Viadukt, sondern einen Neubau kurz vor der Station <em>L\u00e4ngenfeldgasse<\/em>. Im Zuge der Verl\u00e4ngerung der U6 wurde die alte Hochtrasse abgerissen und 1989 durch eine neue Rampe, angelehnt an den historischen Stil, ersetzt.<br \/>\n<a href=\"https:\/\/www.google.de\/maps\/place\/48.186879,16.337191\" target=\"_blank\" rel=\"noopener noreferrer\"><strong>Aufnahmeort anzeigen<\/strong><\/a><\/p>\n<\/figcaption><\/figure>\n<figure class=\"bigpicture\" style=\"width: 970px;\"><img loading=\"lazy\" decoding=\"async\" class=\"wp-image-16049 size-full\" src=\"https:\/\/coeser.de\/blog\/wp-content\/uploads\/2020\/08\/wien-otto-wagner-stadtbahn-gal15-gersthof-christian-oeser.jpg\" alt=\"Station Gersthof von Otto Wagner in Wien\" width=\"960\" height=\"640\" srcset=\"https:\/\/coeser.de\/blog\/wp-content\/uploads\/2020\/08\/wien-otto-wagner-stadtbahn-gal15-gersthof-christian-oeser.jpg 960w, https:\/\/coeser.de\/blog\/wp-content\/uploads\/2020\/08\/wien-otto-wagner-stadtbahn-gal15-gersthof-christian-oeser-768x512.jpg 768w, https:\/\/coeser.de\/blog\/wp-content\/uploads\/2020\/08\/wien-otto-wagner-stadtbahn-gal15-gersthof-christian-oeser-330x220.jpg 330w\" sizes=\"auto, (max-width: 960px) 100vw, 960px\" \/><figcaption class=\"bigpicture-text\">\n<h3>Station Gersthof<\/h3>\n<p>Gehen wir nun von der U-Bahn zur S-Bahn \u00fcber. Die Linie S45 f\u00e4hrt heute auf der historischen Vororte-Linie, die urspr\u00fcnglich die 1890 eingemeindeten Vororte erschlie\u00dfen sollte. Die Er\u00f6ffnung der zun\u00e4chst eingleisigen Strecke fand 1898 statt (im Bild <em>Gersthof<\/em>). Die Stadtbahn hatte aber anfangs wegen d\u00fcnner Besiedelung der Vororte f\u00fcr den Personenverkehr nur relativ geringe Bedeutung, wichtiger war die Erschlie\u00dfung von Fabriken und des Wilhelminenspitals mit G\u00fcterz\u00fcgen.<br \/>\n<a href=\"https:\/\/www.google.de\/maps\/place\/48.230805,16.328554\" target=\"_blank\" rel=\"noopener noreferrer\"><strong>Aufnahmeort anzeigen<\/strong><\/a><\/p>\n<\/figcaption><\/figure>\n<figure class=\"bigpicture\" style=\"width: 970px;\"><img loading=\"lazy\" decoding=\"async\" class=\"wp-image-16050 size-full\" src=\"https:\/\/coeser.de\/blog\/wp-content\/uploads\/2020\/08\/wien-otto-wagner-stadtbahn-gal16-hernals-christian-oeser.jpg\" alt=\"Station Hernals von Otto Wagner in Wien\" width=\"960\" height=\"640\" srcset=\"https:\/\/coeser.de\/blog\/wp-content\/uploads\/2020\/08\/wien-otto-wagner-stadtbahn-gal16-hernals-christian-oeser.jpg 960w, https:\/\/coeser.de\/blog\/wp-content\/uploads\/2020\/08\/wien-otto-wagner-stadtbahn-gal16-hernals-christian-oeser-768x512.jpg 768w, https:\/\/coeser.de\/blog\/wp-content\/uploads\/2020\/08\/wien-otto-wagner-stadtbahn-gal16-hernals-christian-oeser-330x220.jpg 330w\" sizes=\"auto, (max-width: 960px) 100vw, 960px\" \/><figcaption class=\"bigpicture-text\">\n<h3>Station Hernals<\/h3>\n<p>Dass die Stationsgeb\u00e4ude von Otto Wagner (hier <em>Hernals<\/em>) heute so prachtvoll renoviert erstrahlen, ist keine Selbstverst\u00e4ndlichkeit. Schon 1932 endete der regul\u00e4re Betrieb f\u00fcr den Personenverkehr, es gab fortan nur noch Sonderfahrten im Sommer zu den Freib\u00e4dern. Nach dem Zweiten Weltkrieg verfielen die Stationen zusehends.<br \/>\n<a href=\"https:\/\/www.google.de\/maps\/place\/48.223397,16.314758\" target=\"_blank\" rel=\"noopener noreferrer\"><strong>Aufnahmeort anzeigen<\/strong><\/a><\/p>\n<\/figcaption><\/figure>\n<figure class=\"bigpicture\" style=\"width: 970px;\"><img loading=\"lazy\" decoding=\"async\" class=\"wp-image-16051 size-full\" src=\"https:\/\/coeser.de\/blog\/wp-content\/uploads\/2020\/08\/wien-otto-wagner-stadtbahn-gal17-gersthof-christian-oeser.jpg\" alt=\"Station Gersthof von Otto Wagner in Wien\" width=\"960\" height=\"640\" srcset=\"https:\/\/coeser.de\/blog\/wp-content\/uploads\/2020\/08\/wien-otto-wagner-stadtbahn-gal17-gersthof-christian-oeser.jpg 960w, https:\/\/coeser.de\/blog\/wp-content\/uploads\/2020\/08\/wien-otto-wagner-stadtbahn-gal17-gersthof-christian-oeser-768x512.jpg 768w, https:\/\/coeser.de\/blog\/wp-content\/uploads\/2020\/08\/wien-otto-wagner-stadtbahn-gal17-gersthof-christian-oeser-330x220.jpg 330w\" sizes=\"auto, (max-width: 960px) 100vw, 960px\" \/><figcaption class=\"bigpicture-text\">\n<h3>Bahnhofshalle in der Station Gersthof<\/h3>\n<p>Erst ab den 1980er-Jahren revitalisierte die Stadt Wien die Vororte-Linie und baute sie in den folgenden Jahren wieder zu einer vollst\u00e4ndigen Bahnstrecke zwischen H\u00fctteldorf und Heiligenstadt aus. Zum Gl\u00fcck, wenn man die Eleganz der Stationen (hier <em>Gersthof<\/em>) betrachtet!<br \/>\n<a href=\"https:\/\/www.google.de\/maps\/place\/48.230812,16.328869\" target=\"_blank\" rel=\"noopener noreferrer\"><strong>Aufnahmeort anzeigen<\/strong><\/a><\/p>\n<\/figcaption><\/figure>\n<figure class=\"bigpicture\" style=\"width: 970px;\"><img loading=\"lazy\" decoding=\"async\" class=\"wp-image-16052 size-full\" src=\"https:\/\/coeser.de\/blog\/wp-content\/uploads\/2020\/08\/wien-otto-wagner-stadtbahn-gal18-hernals-christian-oeser.jpg\" alt=\"Station Hernals von Otto Wagner in Wien\" width=\"960\" height=\"640\" srcset=\"https:\/\/coeser.de\/blog\/wp-content\/uploads\/2020\/08\/wien-otto-wagner-stadtbahn-gal18-hernals-christian-oeser.jpg 960w, https:\/\/coeser.de\/blog\/wp-content\/uploads\/2020\/08\/wien-otto-wagner-stadtbahn-gal18-hernals-christian-oeser-768x512.jpg 768w, https:\/\/coeser.de\/blog\/wp-content\/uploads\/2020\/08\/wien-otto-wagner-stadtbahn-gal18-hernals-christian-oeser-330x220.jpg 330w\" sizes=\"auto, (max-width: 960px) 100vw, 960px\" \/><figcaption class=\"bigpicture-text\">\n<h3>Holzbraun vs. &#8222;Otto-Wagner-Gr\u00fcn&#8220;<\/h3>\n<p>Vielleicht ist es euch schon aufgefallen: in den Stationen der Vororte-Linie kommt das eingangs erw\u00e4hnte, typische &#8222;Otto-Wagner-Gr\u00fcn&#8220; nicht so konsequent vor wie auf den anderen Linien, die heute von der U-Bahn befahren werden. Mehrere Elemente wie hier die T\u00fcren sind in ihrer urspr\u00fcnglichen Holzfarbe belassen.<br \/>\n<a href=\"https:\/\/www.google.de\/maps\/place\/48.223177,16.314887\" target=\"_blank\" rel=\"noopener noreferrer\"><strong>Aufnahmeort anzeigen<\/strong><\/a><\/p>\n<\/figcaption><\/figure>\n<figure class=\"bigpicture\" style=\"width: 970px;\"><img loading=\"lazy\" decoding=\"async\" class=\"wp-image-16053 size-full\" src=\"https:\/\/coeser.de\/blog\/wp-content\/uploads\/2020\/08\/wien-otto-wagner-stadtbahn-gal19-gersthof-christian-oeser.jpg\" alt=\"Station Gersthof von Otto Wagner in Wien\" width=\"960\" height=\"640\" srcset=\"https:\/\/coeser.de\/blog\/wp-content\/uploads\/2020\/08\/wien-otto-wagner-stadtbahn-gal19-gersthof-christian-oeser.jpg 960w, https:\/\/coeser.de\/blog\/wp-content\/uploads\/2020\/08\/wien-otto-wagner-stadtbahn-gal19-gersthof-christian-oeser-768x512.jpg 768w, https:\/\/coeser.de\/blog\/wp-content\/uploads\/2020\/08\/wien-otto-wagner-stadtbahn-gal19-gersthof-christian-oeser-330x220.jpg 330w\" sizes=\"auto, (max-width: 960px) 100vw, 960px\" \/><figcaption class=\"bigpicture-text\">\n<h3>Bahnsteig der Station Gersthof<\/h3>\n<p>Ich pers\u00f6nlich finde die Mischung aus dem nach dem Zweiten Weltkrieg aufgebrachten Resedagr\u00fcn und der braun belassenen Elemente wie Fensterrahmen, Haltegriffe und T\u00fcren optisch sehr ansprechend. Wenn ihr also stark an Architektur interessiert seid, dann seht euch die S-Bahn-Stationen <em>Ottakring<\/em>, <em>Hernals<\/em> und <em>Gersthof<\/em> n\u00e4her an!<br \/>\n<a href=\"https:\/\/www.google.de\/maps\/place\/48.230812,16.328869\" target=\"_blank\" rel=\"noopener noreferrer\"><strong>Aufnahmeort anzeigen<\/strong><\/a><\/p>\n<\/figcaption><\/figure>\n<figure class=\"bigpicture\" style=\"width: 970px;\"><img loading=\"lazy\" decoding=\"async\" class=\"wp-image-16054 size-full\" src=\"https:\/\/coeser.de\/blog\/wp-content\/uploads\/2020\/08\/wien-otto-wagner-stadtbahn-gal20-ottakring-christian-oeser.jpg\" alt=\"Station Ottakring von Otto Wagner in Wien\" width=\"960\" height=\"640\" srcset=\"https:\/\/coeser.de\/blog\/wp-content\/uploads\/2020\/08\/wien-otto-wagner-stadtbahn-gal20-ottakring-christian-oeser.jpg 960w, https:\/\/coeser.de\/blog\/wp-content\/uploads\/2020\/08\/wien-otto-wagner-stadtbahn-gal20-ottakring-christian-oeser-768x512.jpg 768w, https:\/\/coeser.de\/blog\/wp-content\/uploads\/2020\/08\/wien-otto-wagner-stadtbahn-gal20-ottakring-christian-oeser-330x220.jpg 330w\" sizes=\"auto, (max-width: 960px) 100vw, 960px\" \/><figcaption class=\"bigpicture-text\">\n<h3>Station Ottakring<\/h3>\n<p>Das abschlie\u00dfende Foto dieses Beitrags zeigt euch eine Seitenansicht der Station <em>Ottakring<\/em> von Otto Wagner. Wenn ihr sie mit der Station W\u00e4hringer Stra\u00dfe weiter oben im Artikel vergleicht, erkennt ihr sicherlich die Parallelen und auch die Unterschiede zwischen den Stationen der G\u00fcrtel-Linie sowie der Vororte-Linie. F\u00fcr mich immer wieder spannend!<br \/>\n<a href=\"https:\/\/www.google.de\/maps\/place\/48.211806,16.311255\" target=\"_blank\" rel=\"noopener noreferrer\"><strong>Aufnahmeort anzeigen<\/strong><\/a><\/p>\n<\/figcaption><\/figure>\n<hr \/>\n<div class=\"fazit\">\n<h2>FAZIT<\/h2>\n<p>Dass ich in meiner Blog-Serie &#8222;Wiener Highlights&#8220; die Stationen der ehemaligen Stadtbahn von Otto Wagner n\u00e4her beleuchte, war schon lange \u00fcberf\u00e4llig. Der Architekt setzte vor \u00fcber 120 Jahren st\u00e4dtebauliche Akzente, die Wien bis in die Gegenwart pr\u00e4gen und zu so einer lebenswerten Stadt machen. Es ist f\u00fcr mich t\u00e4glich ein Genuss, mit der U-Bahn- oder S-Bahn zu fahren und mich in die Zeiten der alten Stadtbahn zur\u00fcckzudenken. Wie habt ihr die Otto-Wagner-Stationen bei eurem Besuch in Wien erlebt? Lasst es mich in einem Kommentar wissen! \ud83d\ude42<\/p>\n<\/div>\n<p>&nbsp;<\/p>\n<hr \/>\n<p>Quellenverzeichnis:<br \/>\n<a href=\"https:\/\/www.geschichtewiki.wien.gv.at\/Stadtbahn\" target=\"_blank\" rel=\"noopener noreferrer\">https:\/\/www.geschichtewiki.wien.gv.at\/Stadtbahn<\/a><br \/>\n<a href=\"https:\/\/www.flaneurin.at\/otto-wagner-und-die-wiener-stadtbahn\/\" target=\"_blank\" rel=\"noopener noreferrer\">https:\/\/www.flaneurin.at\/otto-wagner-und-die-wiener-stadtbahn\/<\/a><br \/>\n<a href=\"https:\/\/de.wikipedia.org\/wiki\/Wiener_Stadtbahn\" target=\"_blank\" rel=\"noopener noreferrer\">https:\/\/de.wikipedia.org\/wiki\/Wiener_Stadtbahn<\/a><br \/>\n<a href=\"https:\/\/bda.gv.at\/forschung\/otto-wagner-gruen\/\" target=\"_blank\" rel=\"noopener noreferrer\">https:\/\/bda.gv.at\/forschung\/otto-wagner-gruen\/<\/a><\/p>\n<div style=\"display: none;\">\n<p><img loading=\"lazy\" decoding=\"async\" class=\"alignnone size-full wp-image-16033\" src=\"https:\/\/coeser.de\/blog\/wp-content\/uploads\/2020\/08\/wien-otto-wagner-stadtbahn-p01-christian-oeser.jpg\" alt=\"Die Wiener Stadtbahn von Architekt Otto Wagner: Geschichte, aktuelle Fotos der Stationen und Tipps zum Erkunden der historischen Strecken.\" width=\"735\" height=\"1102\" \/><\/p>\n<p><img loading=\"lazy\" decoding=\"async\" class=\"alignnone size-full wp-image-16034\" src=\"https:\/\/coeser.de\/blog\/wp-content\/uploads\/2020\/08\/wien-otto-wagner-stadtbahn-p02-christian-oeser.jpg\" alt=\"Die Wiener Stadtbahn von Architekt Otto Wagner: Geschichte, aktuelle Fotos der Stationen und Tipps zum Erkunden der historischen Strecken.\" width=\"735\" height=\"1102\" \/><\/p>\n<\/div>\n","protected":false},"excerpt":{"rendered":"<p>Wenn Architektur aus dem vorigen Jahrhundert auch heute noch intensiv in Nutzung steht, dann kann man wohl von gelungener Arbeit sprechen. Die Rede ist von der ehemaligen Stadtbahn (heute U-Bahn und S-Bahn), deren Stationen von \u00d6sterreichs ber\u00fchmtestem Architekten Otto Wagner entworfen wurden. Die Stationsgeb\u00e4ude sind sowohl f\u00fcr Touristen wie auch f\u00fcr Einheimische ein stetiger Blickfang [&hellip;]<\/p>\n","protected":false},"author":1,"featured_media":16025,"comment_status":"open","ping_status":"open","sticky":false,"template":"","format":"standard","meta":{"_jetpack_memberships_contains_paid_content":false,"footnotes":""},"categories":[17],"tags":[43,9,11,12,23,44,41,68,240,10,76,122],"class_list":["post-16020","post","type-post","status-publish","format-standard","has-post-thumbnail","hentry","category-oesterreich","tag-architektur","tag-cityguide","tag-fotospots","tag-fototipps","tag-oesterreich","tag-otto-wagner","tag-reisebericht","tag-reisefuehrer","tag-stadtbahn","tag-staedtereise","tag-wien","tag-wiener-highlights"],"yoast_head":"<!-- This site is optimized with the Yoast SEO plugin v27.4 - https:\/\/yoast.com\/product\/yoast-seo-wordpress\/ -->\n<title>Wien: Die Stadtbahn von Otto Wagner - Reiseblog und Fotostories von Christian \u00d6ser<\/title>\n<meta name=\"description\" content=\"Die Wiener Stadtbahn von Architekt Otto Wagner: Geschichte, aktuelle Fotos der Stationen und Tipps zum Erkunden der historischen Strecken.\" \/>\n<meta name=\"robots\" content=\"index, follow, max-snippet:-1, max-image-preview:large, max-video-preview:-1\" \/>\n<link rel=\"canonical\" href=\"https:\/\/coeser.de\/blog\/index.php\/2020\/08\/18\/wiener-highlights-otto-wagners-stadtbahn\/\" \/>\n<meta property=\"og:locale\" content=\"de_DE\" \/>\n<meta property=\"og:type\" content=\"article\" \/>\n<meta property=\"og:title\" content=\"Wien: Die Stadtbahn von Otto Wagner - Reiseblog und Fotostories von Christian \u00d6ser\" \/>\n<meta property=\"og:description\" content=\"Die Wiener Stadtbahn von Architekt Otto Wagner: Geschichte, aktuelle Fotos der Stationen und Tipps zum Erkunden der historischen Strecken.\" \/>\n<meta property=\"og:url\" content=\"https:\/\/coeser.de\/blog\/index.php\/2020\/08\/18\/wiener-highlights-otto-wagners-stadtbahn\/\" \/>\n<meta property=\"og:site_name\" content=\"fern &amp; nah - Reiseblog und Fotostories von Christian \u00d6ser\" \/>\n<meta property=\"article:publisher\" content=\"Christian \u00d6ser\" \/>\n<meta property=\"article:author\" content=\"Christian \u00d6ser\" \/>\n<meta property=\"article:published_time\" content=\"2020-08-18T05:00:17+00:00\" \/>\n<meta property=\"article:modified_time\" content=\"2025-03-04T17:05:20+00:00\" \/>\n<meta property=\"og:image\" content=\"https:\/\/coeser.de\/blog\/wp-content\/uploads\/2020\/08\/wien-otto-wagner-stadtbahn-aufmacher-schoenbrunn-christian-oeser.jpg\" \/>\n\t<meta property=\"og:image:width\" content=\"978\" \/>\n\t<meta property=\"og:image:height\" content=\"550\" \/>\n\t<meta property=\"og:image:type\" content=\"image\/jpeg\" \/>\n<meta name=\"author\" content=\"Christian \u00d6ser\" \/>\n<meta name=\"twitter:card\" content=\"summary_large_image\" \/>\n<meta name=\"twitter:label1\" content=\"Verfasst von\" \/>\n\t<meta name=\"twitter:data1\" content=\"Christian \u00d6ser\" \/>\n\t<meta name=\"twitter:label2\" content=\"Gesch\u00e4tzte Lesezeit\" \/>\n\t<meta name=\"twitter:data2\" content=\"18\u00a0Minuten\" \/>\n<script type=\"application\/ld+json\" class=\"yoast-schema-graph\">{\"@context\":\"https:\\\/\\\/schema.org\",\"@graph\":[{\"@type\":\"Article\",\"@id\":\"https:\\\/\\\/coeser.de\\\/blog\\\/index.php\\\/2020\\\/08\\\/18\\\/wiener-highlights-otto-wagners-stadtbahn\\\/#article\",\"isPartOf\":{\"@id\":\"https:\\\/\\\/coeser.de\\\/blog\\\/index.php\\\/2020\\\/08\\\/18\\\/wiener-highlights-otto-wagners-stadtbahn\\\/\"},\"author\":{\"name\":\"Christian \u00d6ser\",\"@id\":\"https:\\\/\\\/coeser.de\\\/blog\\\/#\\\/schema\\\/person\\\/fda1d253389076b2cadc3d47018cf315\"},\"headline\":\"Wien: Die Stadtbahn von Otto Wagner\",\"datePublished\":\"2020-08-18T05:00:17+00:00\",\"dateModified\":\"2025-03-04T17:05:20+00:00\",\"mainEntityOfPage\":{\"@id\":\"https:\\\/\\\/coeser.de\\\/blog\\\/index.php\\\/2020\\\/08\\\/18\\\/wiener-highlights-otto-wagners-stadtbahn\\\/\"},\"wordCount\":2417,\"commentCount\":10,\"publisher\":{\"@id\":\"https:\\\/\\\/coeser.de\\\/blog\\\/#\\\/schema\\\/person\\\/fda1d253389076b2cadc3d47018cf315\"},\"image\":{\"@id\":\"https:\\\/\\\/coeser.de\\\/blog\\\/index.php\\\/2020\\\/08\\\/18\\\/wiener-highlights-otto-wagners-stadtbahn\\\/#primaryimage\"},\"thumbnailUrl\":\"https:\\\/\\\/coeser.de\\\/blog\\\/wp-content\\\/uploads\\\/2020\\\/08\\\/wien-otto-wagner-stadtbahn-aufmacher-schoenbrunn-christian-oeser.jpg\",\"keywords\":[\"Architektur\",\"Cityguide\",\"Fotospots\",\"Fototipps\",\"\u00d6sterreich\",\"Otto Wagner\",\"Reisebericht\",\"Reisef\u00fchrer\",\"Stadtbahn\",\"St\u00e4dtereise\",\"Wien\",\"Wiener Highlights\"],\"articleSection\":[\"\u00d6STERREICH\"],\"inLanguage\":\"de\",\"potentialAction\":[{\"@type\":\"CommentAction\",\"name\":\"Comment\",\"target\":[\"https:\\\/\\\/coeser.de\\\/blog\\\/index.php\\\/2020\\\/08\\\/18\\\/wiener-highlights-otto-wagners-stadtbahn\\\/#respond\"]}]},{\"@type\":\"WebPage\",\"@id\":\"https:\\\/\\\/coeser.de\\\/blog\\\/index.php\\\/2020\\\/08\\\/18\\\/wiener-highlights-otto-wagners-stadtbahn\\\/\",\"url\":\"https:\\\/\\\/coeser.de\\\/blog\\\/index.php\\\/2020\\\/08\\\/18\\\/wiener-highlights-otto-wagners-stadtbahn\\\/\",\"name\":\"Wien: Die Stadtbahn von Otto Wagner - Reiseblog und Fotostories von Christian \u00d6ser\",\"isPartOf\":{\"@id\":\"https:\\\/\\\/coeser.de\\\/blog\\\/#website\"},\"primaryImageOfPage\":{\"@id\":\"https:\\\/\\\/coeser.de\\\/blog\\\/index.php\\\/2020\\\/08\\\/18\\\/wiener-highlights-otto-wagners-stadtbahn\\\/#primaryimage\"},\"image\":{\"@id\":\"https:\\\/\\\/coeser.de\\\/blog\\\/index.php\\\/2020\\\/08\\\/18\\\/wiener-highlights-otto-wagners-stadtbahn\\\/#primaryimage\"},\"thumbnailUrl\":\"https:\\\/\\\/coeser.de\\\/blog\\\/wp-content\\\/uploads\\\/2020\\\/08\\\/wien-otto-wagner-stadtbahn-aufmacher-schoenbrunn-christian-oeser.jpg\",\"datePublished\":\"2020-08-18T05:00:17+00:00\",\"dateModified\":\"2025-03-04T17:05:20+00:00\",\"description\":\"Die Wiener Stadtbahn von Architekt Otto Wagner: Geschichte, aktuelle Fotos der Stationen und Tipps zum Erkunden der historischen Strecken.\",\"breadcrumb\":{\"@id\":\"https:\\\/\\\/coeser.de\\\/blog\\\/index.php\\\/2020\\\/08\\\/18\\\/wiener-highlights-otto-wagners-stadtbahn\\\/#breadcrumb\"},\"inLanguage\":\"de\",\"potentialAction\":[{\"@type\":\"ReadAction\",\"target\":[\"https:\\\/\\\/coeser.de\\\/blog\\\/index.php\\\/2020\\\/08\\\/18\\\/wiener-highlights-otto-wagners-stadtbahn\\\/\"]}]},{\"@type\":\"ImageObject\",\"inLanguage\":\"de\",\"@id\":\"https:\\\/\\\/coeser.de\\\/blog\\\/index.php\\\/2020\\\/08\\\/18\\\/wiener-highlights-otto-wagners-stadtbahn\\\/#primaryimage\",\"url\":\"https:\\\/\\\/coeser.de\\\/blog\\\/wp-content\\\/uploads\\\/2020\\\/08\\\/wien-otto-wagner-stadtbahn-aufmacher-schoenbrunn-christian-oeser.jpg\",\"contentUrl\":\"https:\\\/\\\/coeser.de\\\/blog\\\/wp-content\\\/uploads\\\/2020\\\/08\\\/wien-otto-wagner-stadtbahn-aufmacher-schoenbrunn-christian-oeser.jpg\",\"width\":978,\"height\":550,\"caption\":\"Linie U4 in der Otto-Wagner-Station Sch\u00f6nbrunn in Wien\"},{\"@type\":\"BreadcrumbList\",\"@id\":\"https:\\\/\\\/coeser.de\\\/blog\\\/index.php\\\/2020\\\/08\\\/18\\\/wiener-highlights-otto-wagners-stadtbahn\\\/#breadcrumb\",\"itemListElement\":[{\"@type\":\"ListItem\",\"position\":1,\"name\":\"Startseite\",\"item\":\"https:\\\/\\\/coeser.de\\\/blog\\\/\"},{\"@type\":\"ListItem\",\"position\":2,\"name\":\"Wien: Die Stadtbahn von Otto Wagner\"}]},{\"@type\":\"WebSite\",\"@id\":\"https:\\\/\\\/coeser.de\\\/blog\\\/#website\",\"url\":\"https:\\\/\\\/coeser.de\\\/blog\\\/\",\"name\":\"fern &amp; nah - Reiseblog und Fotostories von Christian \u00d6ser\",\"description\":\"Reiseblog und Fotostories von Christian \u00d6ser\",\"publisher\":{\"@id\":\"https:\\\/\\\/coeser.de\\\/blog\\\/#\\\/schema\\\/person\\\/fda1d253389076b2cadc3d47018cf315\"},\"potentialAction\":[{\"@type\":\"SearchAction\",\"target\":{\"@type\":\"EntryPoint\",\"urlTemplate\":\"https:\\\/\\\/coeser.de\\\/blog\\\/?s={search_term_string}\"},\"query-input\":{\"@type\":\"PropertyValueSpecification\",\"valueRequired\":true,\"valueName\":\"search_term_string\"}}],\"inLanguage\":\"de\"},{\"@type\":[\"Person\",\"Organization\"],\"@id\":\"https:\\\/\\\/coeser.de\\\/blog\\\/#\\\/schema\\\/person\\\/fda1d253389076b2cadc3d47018cf315\",\"name\":\"Christian \u00d6ser\",\"image\":{\"@type\":\"ImageObject\",\"inLanguage\":\"de\",\"@id\":\"https:\\\/\\\/coeser.de\\\/blog\\\/wp-content\\\/uploads\\\/2016\\\/08\\\/logo-fern-und-nah-christian-oeser-4.jpg\",\"url\":\"https:\\\/\\\/coeser.de\\\/blog\\\/wp-content\\\/uploads\\\/2016\\\/08\\\/logo-fern-und-nah-christian-oeser-4.jpg\",\"contentUrl\":\"https:\\\/\\\/coeser.de\\\/blog\\\/wp-content\\\/uploads\\\/2016\\\/08\\\/logo-fern-und-nah-christian-oeser-4.jpg\",\"width\":1090,\"height\":245,\"caption\":\"Christian \u00d6ser\"},\"logo\":{\"@id\":\"https:\\\/\\\/coeser.de\\\/blog\\\/wp-content\\\/uploads\\\/2016\\\/08\\\/logo-fern-und-nah-christian-oeser-4.jpg\"},\"sameAs\":[\"http:\\\/\\\/www.coeser.de\",\"Christian \u00d6ser\",\"https:\\\/\\\/www.instagram.com\\\/coeser_de\\\/\",\"https:\\\/\\\/www.pinterest.at\\\/nightline5\\\/\"],\"url\":\"https:\\\/\\\/coeser.de\\\/blog\\\/index.php\\\/author\\\/coeser\\\/\"}]}<\/script>\n<!-- \/ Yoast SEO plugin. -->","yoast_head_json":{"title":"Wien: Die Stadtbahn von Otto Wagner - Reiseblog und Fotostories von Christian \u00d6ser","description":"Die Wiener Stadtbahn von Architekt Otto Wagner: Geschichte, aktuelle Fotos der Stationen und Tipps zum Erkunden der historischen Strecken.","robots":{"index":"index","follow":"follow","max-snippet":"max-snippet:-1","max-image-preview":"max-image-preview:large","max-video-preview":"max-video-preview:-1"},"canonical":"https:\/\/coeser.de\/blog\/index.php\/2020\/08\/18\/wiener-highlights-otto-wagners-stadtbahn\/","og_locale":"de_DE","og_type":"article","og_title":"Wien: Die Stadtbahn von Otto Wagner - Reiseblog und Fotostories von Christian \u00d6ser","og_description":"Die Wiener Stadtbahn von Architekt Otto Wagner: Geschichte, aktuelle Fotos der Stationen und Tipps zum Erkunden der historischen Strecken.","og_url":"https:\/\/coeser.de\/blog\/index.php\/2020\/08\/18\/wiener-highlights-otto-wagners-stadtbahn\/","og_site_name":"fern &amp; nah - Reiseblog und Fotostories von Christian \u00d6ser","article_publisher":"Christian \u00d6ser","article_author":"Christian \u00d6ser","article_published_time":"2020-08-18T05:00:17+00:00","article_modified_time":"2025-03-04T17:05:20+00:00","og_image":[{"width":978,"height":550,"url":"https:\/\/coeser.de\/blog\/wp-content\/uploads\/2020\/08\/wien-otto-wagner-stadtbahn-aufmacher-schoenbrunn-christian-oeser.jpg","type":"image\/jpeg"}],"author":"Christian \u00d6ser","twitter_card":"summary_large_image","twitter_misc":{"Verfasst von":"Christian \u00d6ser","Gesch\u00e4tzte Lesezeit":"18\u00a0Minuten"},"schema":{"@context":"https:\/\/schema.org","@graph":[{"@type":"Article","@id":"https:\/\/coeser.de\/blog\/index.php\/2020\/08\/18\/wiener-highlights-otto-wagners-stadtbahn\/#article","isPartOf":{"@id":"https:\/\/coeser.de\/blog\/index.php\/2020\/08\/18\/wiener-highlights-otto-wagners-stadtbahn\/"},"author":{"name":"Christian \u00d6ser","@id":"https:\/\/coeser.de\/blog\/#\/schema\/person\/fda1d253389076b2cadc3d47018cf315"},"headline":"Wien: Die Stadtbahn von Otto Wagner","datePublished":"2020-08-18T05:00:17+00:00","dateModified":"2025-03-04T17:05:20+00:00","mainEntityOfPage":{"@id":"https:\/\/coeser.de\/blog\/index.php\/2020\/08\/18\/wiener-highlights-otto-wagners-stadtbahn\/"},"wordCount":2417,"commentCount":10,"publisher":{"@id":"https:\/\/coeser.de\/blog\/#\/schema\/person\/fda1d253389076b2cadc3d47018cf315"},"image":{"@id":"https:\/\/coeser.de\/blog\/index.php\/2020\/08\/18\/wiener-highlights-otto-wagners-stadtbahn\/#primaryimage"},"thumbnailUrl":"https:\/\/coeser.de\/blog\/wp-content\/uploads\/2020\/08\/wien-otto-wagner-stadtbahn-aufmacher-schoenbrunn-christian-oeser.jpg","keywords":["Architektur","Cityguide","Fotospots","Fototipps","\u00d6sterreich","Otto Wagner","Reisebericht","Reisef\u00fchrer","Stadtbahn","St\u00e4dtereise","Wien","Wiener Highlights"],"articleSection":["\u00d6STERREICH"],"inLanguage":"de","potentialAction":[{"@type":"CommentAction","name":"Comment","target":["https:\/\/coeser.de\/blog\/index.php\/2020\/08\/18\/wiener-highlights-otto-wagners-stadtbahn\/#respond"]}]},{"@type":"WebPage","@id":"https:\/\/coeser.de\/blog\/index.php\/2020\/08\/18\/wiener-highlights-otto-wagners-stadtbahn\/","url":"https:\/\/coeser.de\/blog\/index.php\/2020\/08\/18\/wiener-highlights-otto-wagners-stadtbahn\/","name":"Wien: Die Stadtbahn von Otto Wagner - Reiseblog und Fotostories von Christian \u00d6ser","isPartOf":{"@id":"https:\/\/coeser.de\/blog\/#website"},"primaryImageOfPage":{"@id":"https:\/\/coeser.de\/blog\/index.php\/2020\/08\/18\/wiener-highlights-otto-wagners-stadtbahn\/#primaryimage"},"image":{"@id":"https:\/\/coeser.de\/blog\/index.php\/2020\/08\/18\/wiener-highlights-otto-wagners-stadtbahn\/#primaryimage"},"thumbnailUrl":"https:\/\/coeser.de\/blog\/wp-content\/uploads\/2020\/08\/wien-otto-wagner-stadtbahn-aufmacher-schoenbrunn-christian-oeser.jpg","datePublished":"2020-08-18T05:00:17+00:00","dateModified":"2025-03-04T17:05:20+00:00","description":"Die Wiener Stadtbahn von Architekt Otto Wagner: Geschichte, aktuelle Fotos der Stationen und Tipps zum Erkunden der historischen Strecken.","breadcrumb":{"@id":"https:\/\/coeser.de\/blog\/index.php\/2020\/08\/18\/wiener-highlights-otto-wagners-stadtbahn\/#breadcrumb"},"inLanguage":"de","potentialAction":[{"@type":"ReadAction","target":["https:\/\/coeser.de\/blog\/index.php\/2020\/08\/18\/wiener-highlights-otto-wagners-stadtbahn\/"]}]},{"@type":"ImageObject","inLanguage":"de","@id":"https:\/\/coeser.de\/blog\/index.php\/2020\/08\/18\/wiener-highlights-otto-wagners-stadtbahn\/#primaryimage","url":"https:\/\/coeser.de\/blog\/wp-content\/uploads\/2020\/08\/wien-otto-wagner-stadtbahn-aufmacher-schoenbrunn-christian-oeser.jpg","contentUrl":"https:\/\/coeser.de\/blog\/wp-content\/uploads\/2020\/08\/wien-otto-wagner-stadtbahn-aufmacher-schoenbrunn-christian-oeser.jpg","width":978,"height":550,"caption":"Linie U4 in der Otto-Wagner-Station Sch\u00f6nbrunn in Wien"},{"@type":"BreadcrumbList","@id":"https:\/\/coeser.de\/blog\/index.php\/2020\/08\/18\/wiener-highlights-otto-wagners-stadtbahn\/#breadcrumb","itemListElement":[{"@type":"ListItem","position":1,"name":"Startseite","item":"https:\/\/coeser.de\/blog\/"},{"@type":"ListItem","position":2,"name":"Wien: Die Stadtbahn von Otto Wagner"}]},{"@type":"WebSite","@id":"https:\/\/coeser.de\/blog\/#website","url":"https:\/\/coeser.de\/blog\/","name":"fern &amp; nah - Reiseblog und Fotostories von Christian \u00d6ser","description":"Reiseblog und Fotostories von Christian \u00d6ser","publisher":{"@id":"https:\/\/coeser.de\/blog\/#\/schema\/person\/fda1d253389076b2cadc3d47018cf315"},"potentialAction":[{"@type":"SearchAction","target":{"@type":"EntryPoint","urlTemplate":"https:\/\/coeser.de\/blog\/?s={search_term_string}"},"query-input":{"@type":"PropertyValueSpecification","valueRequired":true,"valueName":"search_term_string"}}],"inLanguage":"de"},{"@type":["Person","Organization"],"@id":"https:\/\/coeser.de\/blog\/#\/schema\/person\/fda1d253389076b2cadc3d47018cf315","name":"Christian \u00d6ser","image":{"@type":"ImageObject","inLanguage":"de","@id":"https:\/\/coeser.de\/blog\/wp-content\/uploads\/2016\/08\/logo-fern-und-nah-christian-oeser-4.jpg","url":"https:\/\/coeser.de\/blog\/wp-content\/uploads\/2016\/08\/logo-fern-und-nah-christian-oeser-4.jpg","contentUrl":"https:\/\/coeser.de\/blog\/wp-content\/uploads\/2016\/08\/logo-fern-und-nah-christian-oeser-4.jpg","width":1090,"height":245,"caption":"Christian \u00d6ser"},"logo":{"@id":"https:\/\/coeser.de\/blog\/wp-content\/uploads\/2016\/08\/logo-fern-und-nah-christian-oeser-4.jpg"},"sameAs":["http:\/\/www.coeser.de","Christian \u00d6ser","https:\/\/www.instagram.com\/coeser_de\/","https:\/\/www.pinterest.at\/nightline5\/"],"url":"https:\/\/coeser.de\/blog\/index.php\/author\/coeser\/"}]}},"jetpack_featured_media_url":"https:\/\/coeser.de\/blog\/wp-content\/uploads\/2020\/08\/wien-otto-wagner-stadtbahn-aufmacher-schoenbrunn-christian-oeser.jpg","jetpack-related-posts":[{"id":7433,"url":"https:\/\/coeser.de\/blog\/index.php\/2018\/04\/10\/otto-wagners-wien-erbe-eines-visionaers\/","url_meta":{"origin":16020,"position":0},"title":"Otto Wagner in Wien: Erbe eines Vision\u00e4rs","author":"Christian \u00d6ser","date":"10. April 2018","format":false,"excerpt":"Jahrzehntelang schon gehe ich t\u00e4glich an ihnen vorbei und erfreue mich an der gro\u00dfartigen Architektur. Die Rede ist von den Bauwerken von \u00d6sterreichs ber\u00fchmtesten Architekten Otto Wagner, die in ganz Wien verstreut liegen und der Stadt das besondere Flair verleihen. Anl\u00e4sslich des 100. Todestages Wagners widme ich mich in diesem\u2026","rel":"","context":"In &quot;\u00d6STERREICH&quot;","block_context":{"text":"\u00d6STERREICH","link":"https:\/\/coeser.de\/blog\/index.php\/category\/europa\/oesterreich\/"},"img":{"alt_text":"","src":"https:\/\/i0.wp.com\/coeser.de\/blog\/wp-content\/uploads\/2018\/04\/otto-wagner-wien-aufmacher-majolikahaus-jugendstil-christian-oeser.jpg?resize=350%2C200&ssl=1","width":350,"height":200,"srcset":"https:\/\/i0.wp.com\/coeser.de\/blog\/wp-content\/uploads\/2018\/04\/otto-wagner-wien-aufmacher-majolikahaus-jugendstil-christian-oeser.jpg?resize=350%2C200&ssl=1 1x, https:\/\/i0.wp.com\/coeser.de\/blog\/wp-content\/uploads\/2018\/04\/otto-wagner-wien-aufmacher-majolikahaus-jugendstil-christian-oeser.jpg?resize=525%2C300&ssl=1 1.5x, https:\/\/i0.wp.com\/coeser.de\/blog\/wp-content\/uploads\/2018\/04\/otto-wagner-wien-aufmacher-majolikahaus-jugendstil-christian-oeser.jpg?resize=700%2C400&ssl=1 2x"},"classes":[]},{"id":7704,"url":"https:\/\/coeser.de\/blog\/index.php\/2018\/04\/17\/otto-wagners-wien-die-unbekannten-schaetze\/","url_meta":{"origin":16020,"position":1},"title":"Otto Wagner in Wien: Die unbekannten Sch\u00e4tze","author":"Christian \u00d6ser","date":"17. April 2018","format":false,"excerpt":"Mitte April 2018 hat sich zum 100. Mal der Todestag des \u00f6sterreichischen Ausnahmearchitekten Otto Wagner gej\u00e4hrt. Bis in die Gegenwart haben seine Bauten in ganz Wien Spuren hinterlassen und zeugen auch heute noch davon, wie Wagner die Stadt vom Historismus in die Moderne f\u00fchrte. In diesem zweiten Artikel zum Thema\u2026","rel":"","context":"In &quot;\u00d6STERREICH&quot;","block_context":{"text":"\u00d6STERREICH","link":"https:\/\/coeser.de\/blog\/index.php\/category\/europa\/oesterreich\/"},"img":{"alt_text":"Detailansicht des Mietshauses Schottenring 23 von Otto Wagner","src":"https:\/\/i0.wp.com\/coeser.de\/blog\/wp-content\/uploads\/2018\/04\/otto-wagner-wien-fruehes-schaffen-aufmacher-christian-oeser.jpg?resize=350%2C200&ssl=1","width":350,"height":200,"srcset":"https:\/\/i0.wp.com\/coeser.de\/blog\/wp-content\/uploads\/2018\/04\/otto-wagner-wien-fruehes-schaffen-aufmacher-christian-oeser.jpg?resize=350%2C200&ssl=1 1x, https:\/\/i0.wp.com\/coeser.de\/blog\/wp-content\/uploads\/2018\/04\/otto-wagner-wien-fruehes-schaffen-aufmacher-christian-oeser.jpg?resize=525%2C300&ssl=1 1.5x, https:\/\/i0.wp.com\/coeser.de\/blog\/wp-content\/uploads\/2018\/04\/otto-wagner-wien-fruehes-schaffen-aufmacher-christian-oeser.jpg?resize=700%2C400&ssl=1 2x"},"classes":[]},{"id":15298,"url":"https:\/\/coeser.de\/blog\/index.php\/2020\/04\/21\/wien-die-aesthetik-der-u-bahn\/","url_meta":{"origin":16020,"position":2},"title":"Wien: Die \u00c4sthetik der U-Bahn","author":"Christian \u00d6ser","date":"21. April 2020","format":false,"excerpt":"Seit vielen Jahrzehnten geh\u00f6rt die U-Bahn in Wien zu meiner Tagesroutine. Sie ist f\u00fcr mich nicht nur ein Massenverkehrsmittel, sondern einige der Stationen auch visuell ansprechende Orte. Das liegt vor allem an den klaren Formen und Farben in der Architektur sowie an der vorherrschenden Symmetrie, die auf das Auge \u00e4u\u00dferst\u2026","rel":"","context":"In &quot;\u00d6STERREICH&quot;","block_context":{"text":"\u00d6STERREICH","link":"https:\/\/coeser.de\/blog\/index.php\/category\/europa\/oesterreich\/"},"img":{"alt_text":"Architektur in der U-Bahn-Station Volkstheater in Wien","src":"https:\/\/i0.wp.com\/coeser.de\/blog\/wp-content\/uploads\/2020\/04\/wien-ubahn-architektur-aufmacher-volkstheater-christian-oeser.jpg?resize=350%2C200&ssl=1","width":350,"height":200,"srcset":"https:\/\/i0.wp.com\/coeser.de\/blog\/wp-content\/uploads\/2020\/04\/wien-ubahn-architektur-aufmacher-volkstheater-christian-oeser.jpg?resize=350%2C200&ssl=1 1x, https:\/\/i0.wp.com\/coeser.de\/blog\/wp-content\/uploads\/2020\/04\/wien-ubahn-architektur-aufmacher-volkstheater-christian-oeser.jpg?resize=525%2C300&ssl=1 1.5x, https:\/\/i0.wp.com\/coeser.de\/blog\/wp-content\/uploads\/2020\/04\/wien-ubahn-architektur-aufmacher-volkstheater-christian-oeser.jpg?resize=700%2C400&ssl=1 2x"},"classes":[]},{"id":4605,"url":"https:\/\/coeser.de\/blog\/index.php\/2017\/09\/12\/open-house-wien-2017-sesam-oeffne-dich\/","url_meta":{"origin":16020,"position":3},"title":"Open House Wien 2017: Sesam, \u00f6ffne dich!","author":"Christian \u00d6ser","date":"12. September 2017","format":false,"excerpt":"Bei Streifz\u00fcgen durch meine Heimatstadt Wien komme ich immer wieder an Geb\u00e4uden vorbei, die mich optisch sofort in ihren Bann ziehen. Dabei handelt es sich sowohl um historische H\u00e4user wie auch moderne Neubauten mit spannenden architektonischen Elementen. Der Blick hinein bleibt mir aber so gut wie immer verwehrt: \"Privat, betreten\u2026","rel":"","context":"In &quot;\u00d6STERREICH&quot;","block_context":{"text":"\u00d6STERREICH","link":"https:\/\/coeser.de\/blog\/index.php\/category\/europa\/oesterreich\/"},"img":{"alt_text":"Moderne Architektur in der \u00d6AMTC-Zentrale","src":"https:\/\/i0.wp.com\/coeser.de\/blog\/wp-content\/uploads\/2017\/09\/open-house-wien-aufmacher-oeamtc-zentrale-christian-oeser.jpg?resize=350%2C200&ssl=1","width":350,"height":200,"srcset":"https:\/\/i0.wp.com\/coeser.de\/blog\/wp-content\/uploads\/2017\/09\/open-house-wien-aufmacher-oeamtc-zentrale-christian-oeser.jpg?resize=350%2C200&ssl=1 1x, https:\/\/i0.wp.com\/coeser.de\/blog\/wp-content\/uploads\/2017\/09\/open-house-wien-aufmacher-oeamtc-zentrale-christian-oeser.jpg?resize=525%2C300&ssl=1 1.5x, https:\/\/i0.wp.com\/coeser.de\/blog\/wp-content\/uploads\/2017\/09\/open-house-wien-aufmacher-oeamtc-zentrale-christian-oeser.jpg?resize=700%2C400&ssl=1 2x"},"classes":[]},{"id":577,"url":"https:\/\/coeser.de\/blog\/index.php\/2016\/09\/16\/open-house-wien-wenn-verschlossene-tueren-sich-oeffnen\/","url_meta":{"origin":16020,"position":4},"title":"Open House Wien: Wenn verschlossene T\u00fcren sich \u00f6ffnen","author":"Christian \u00d6ser","date":"16. September 2016","format":false,"excerpt":"Wien bietet eine riesige Anzahl an Geb\u00e4uden mit historischer und moderner Architektur \u2013 viele H\u00e4user sind aber nur f\u00fcr wenige Menschen wie Arbeiter, B\u00fcroangestellte oder Bewohner zug\u00e4nglich und von innen zu bewundern. Seit 2014 sorgt der gemeinn\u00fctzige Verein OPEN HOUSE WIEN daf\u00fcr, dass sich die T\u00fcren zu Dutzenden verschlossenen architektonischen\u2026","rel":"","context":"In &quot;\u00d6STERREICH&quot;","block_context":{"text":"\u00d6STERREICH","link":"https:\/\/coeser.de\/blog\/index.php\/category\/europa\/oesterreich\/"},"img":{"alt_text":"Innenansicht der ehemaligen k. k. priv. L\u00e4nderbank in Wien","src":"https:\/\/i0.wp.com\/coeser.de\/blog\/wp-content\/uploads\/2016\/09\/open-house-wien_aufmacher.jpg?resize=350%2C200&ssl=1","width":350,"height":200,"srcset":"https:\/\/i0.wp.com\/coeser.de\/blog\/wp-content\/uploads\/2016\/09\/open-house-wien_aufmacher.jpg?resize=350%2C200&ssl=1 1x, https:\/\/i0.wp.com\/coeser.de\/blog\/wp-content\/uploads\/2016\/09\/open-house-wien_aufmacher.jpg?resize=525%2C300&ssl=1 1.5x, https:\/\/i0.wp.com\/coeser.de\/blog\/wp-content\/uploads\/2016\/09\/open-house-wien_aufmacher.jpg?resize=700%2C400&ssl=1 2x"},"classes":[]},{"id":14647,"url":"https:\/\/coeser.de\/blog\/index.php\/2020\/02\/04\/bruessels-eleganz-im-jugendstil\/","url_meta":{"origin":16020,"position":5},"title":"Br\u00fcssel: Eleganz im Jugendstil","author":"Christian \u00d6ser","date":"4. Februar 2020","format":false,"excerpt":"Br\u00fcssel haftet der Meinung vieler Menschen nach ein \u00e4u\u00dferst biederes Image an. Teilweise stimme ich da sogar zu: bei einem Citytrip in die belgische Hauptstadt konnte ich mich von einer Vielzahl an Baus\u00fcnden in grauen Farbt\u00f6nen \u00fcberzeugen, die man lieber wieder aus seinem Ged\u00e4chtnis streicht. Doch es gibt auch in\u2026","rel":"","context":"In &quot;BELGIEN&quot;","block_context":{"text":"BELGIEN","link":"https:\/\/coeser.de\/blog\/index.php\/category\/europa\/belgien\/"},"img":{"alt_text":"Das Jugendstilgeb\u00e4ude (Art nouveau) Huis Saint-Cyr in Br\u00fcssel","src":"https:\/\/i0.wp.com\/coeser.de\/blog\/wp-content\/uploads\/2020\/01\/bruessel-jugendstil-aufmacher-huis-saint-cyr-christian-oeser.jpg?resize=350%2C200&ssl=1","width":350,"height":200,"srcset":"https:\/\/i0.wp.com\/coeser.de\/blog\/wp-content\/uploads\/2020\/01\/bruessel-jugendstil-aufmacher-huis-saint-cyr-christian-oeser.jpg?resize=350%2C200&ssl=1 1x, https:\/\/i0.wp.com\/coeser.de\/blog\/wp-content\/uploads\/2020\/01\/bruessel-jugendstil-aufmacher-huis-saint-cyr-christian-oeser.jpg?resize=525%2C300&ssl=1 1.5x, https:\/\/i0.wp.com\/coeser.de\/blog\/wp-content\/uploads\/2020\/01\/bruessel-jugendstil-aufmacher-huis-saint-cyr-christian-oeser.jpg?resize=700%2C400&ssl=1 2x"},"classes":[]}],"jetpack_sharing_enabled":true,"_links":{"self":[{"href":"https:\/\/coeser.de\/blog\/index.php\/wp-json\/wp\/v2\/posts\/16020","targetHints":{"allow":["GET"]}}],"collection":[{"href":"https:\/\/coeser.de\/blog\/index.php\/wp-json\/wp\/v2\/posts"}],"about":[{"href":"https:\/\/coeser.de\/blog\/index.php\/wp-json\/wp\/v2\/types\/post"}],"author":[{"embeddable":true,"href":"https:\/\/coeser.de\/blog\/index.php\/wp-json\/wp\/v2\/users\/1"}],"replies":[{"embeddable":true,"href":"https:\/\/coeser.de\/blog\/index.php\/wp-json\/wp\/v2\/comments?post=16020"}],"version-history":[{"count":2,"href":"https:\/\/coeser.de\/blog\/index.php\/wp-json\/wp\/v2\/posts\/16020\/revisions"}],"predecessor-version":[{"id":23866,"href":"https:\/\/coeser.de\/blog\/index.php\/wp-json\/wp\/v2\/posts\/16020\/revisions\/23866"}],"wp:featuredmedia":[{"embeddable":true,"href":"https:\/\/coeser.de\/blog\/index.php\/wp-json\/wp\/v2\/media\/16025"}],"wp:attachment":[{"href":"https:\/\/coeser.de\/blog\/index.php\/wp-json\/wp\/v2\/media?parent=16020"}],"wp:term":[{"taxonomy":"category","embeddable":true,"href":"https:\/\/coeser.de\/blog\/index.php\/wp-json\/wp\/v2\/categories?post=16020"},{"taxonomy":"post_tag","embeddable":true,"href":"https:\/\/coeser.de\/blog\/index.php\/wp-json\/wp\/v2\/tags?post=16020"}],"curies":[{"name":"wp","href":"https:\/\/api.w.org\/{rel}","templated":true}]}}