{"id":16370,"date":"2020-10-20T07:00:14","date_gmt":"2020-10-20T05:00:14","guid":{"rendered":"https:\/\/coeser.de\/blog\/?p=16370"},"modified":"2025-03-04T17:58:13","modified_gmt":"2025-03-04T16:58:13","slug":"wien-stadtwanderweg-5","status":"publish","type":"post","link":"https:\/\/coeser.de\/blog\/index.php\/2020\/10\/20\/wien-stadtwanderweg-5\/","title":{"rendered":"Wien: Der Stadtwanderweg 5"},"content":{"rendered":"<p><strong>Verstopfte Stra\u00dfen, Beton ohne Ende, wenige Gr\u00fcnfl\u00e4chen \u2013 viele Metropolen dieser Welt bieten wohl nicht die Lebensqualit\u00e4t, die man sich w\u00fcnschen w\u00fcrde. In Wien ist das zum Gl\u00fcck anders: wenn der Stress in der Stadt wieder einmal zu viel wird, locken die zahlreichen Erholungsgebiete in der Peripherie. Auf eigens definierten Stadtwanderwegen lassen sich so die reizvollen Landschaften am Stadtrand erkunden. In diesem Artikel zeige ich euch den Stadtwanderweg 5 in Wien von Stammersdorf auf den Bisamberg.<\/strong><br \/>\n<!--more--><\/p>\n<hr \/>\n<div class=\"highlights\">\n<h3>DIE H\u00d6HEPUNKTE AM STADTWANDERWEG 5 IN DIESEM ARTIKEL<\/h3>\n<p>Eine detaillierte Beschreibung vom Stadtwanderweg 5 in Wien von Stammersdorf auf den Bisamberg<\/p>\n<p>Viele Bilder und pers\u00f6nliche Eindr\u00fccke dieser sehr reizvollen Wanderung am Wiener Stadtrand<\/p>\n<p>Der Magdalenenhof als wunderbare Zwischenstation w\u00e4hrend der Tour am Stadtwanderweg 5 in Wien<\/p>\n<p>Information zur Stempelstelle f\u00fcr euren Wanderpass, um euch die Wandernadel zu verdienen<\/p>\n<p>Gro\u00dfartige Aussichtspunkte zwischen den Weinreben vom Bisamberg in Richtung Wiener Skyline<\/p>\n<\/div>\n<p>&nbsp;<\/p>\n<p><em><span style=\"color: #0000ff;\">Dieser Artikel wurde zuletzt am 4. M\u00e4rz 2025 aktualisiert.<\/span><\/em><\/p>\n\n<hr \/>\n<div class=\"fakten\">\n<h2><strong>STADTWANDERWEG 5 WIEN (BISAMBERG)<br \/>\n<\/strong><\/h2>\n<h3>FAKTEN<\/h3>\n<p><strong>Ausgangspunkt: <\/strong>Endstation <em>Stammersdorf<\/em> (Stra\u00dfenbahnlinie 31)<br \/>\n<strong>Gehzeit:<\/strong> ca. 3-4 Stunden<br \/>\n<strong>Distanz:<\/strong> 10,3 km<br \/>\n<strong>Routenprofil: <a href=\"https:\/\/www.bergfex.at\/sommer\/wien\/touren\/wanderung\/75756,stadtwanderweg-5--bisamberg\/\" target=\"_blank\" rel=\"noopener noreferrer\">bergfex.at<\/a><\/strong><br \/>\n<strong>Schwierigkeit:<\/strong> einfach<br \/>\n<strong>Gastronomie:<\/strong> Einkehrm\u00f6glichkeiten in ganz Stammersdorf und im Magdalenenhof<\/p>\n<hr \/>\n<h3>HOTELTIPPS F\u00dcR WIEN<\/h3>\n<p><strong><a href=\"https:\/\/www.booking.com\/hotel\/at\/25hours-wien.de.html?aid=1634405\" target=\"_blank\" rel=\"noopener noreferrer\">25hours Hotel Wien beim Museumsquartier<\/a>*<\/strong> (Lerchenfelder Stra\u00dfe 1\/3): Meine Lieblingshotelkette mit kreativem Vintage-Touch. Ideale Lage an der Station Volkstheater (U-Bahn U2, U3, Stra\u00dfenbahnen, Bus), 5 Minuten Fu\u00dfweg in die Innenstadt. Detailverliebt und bunt gestaltete Zimmer zum Thema Zirkus, ger\u00e4umig, teils mit Badewanne direkt im Zimmer, sehr bequeme Betten, sch\u00f6ner Ausblick, Soundbox, Klimaanlage (abschaltbar), kostenlose Minibar, schnelles WLAN. Bar und Terrasse auf dem Dachboden mit tollem Panorama auf historische Geb\u00e4ude. Gro\u00dfer Wellnessbereich mit Sauna, Dampfbad, Fitness und einigen Liegen. Ausgezeichnetes Fr\u00fchst\u00fccksbuffet, hauseigenes italienisches Restaurant Ribelli mit gro\u00dfartigen, authentische Pizzen.<\/p>\n<div id='gallery-1' class='gallery galleryid-16370 gallery-columns-7 gallery-size-thumbnail'><figure class='gallery-item'>\n\t\t\t<div class='gallery-icon landscape'>\n\t\t\t\t<a href='https:\/\/coeser.de\/blog\/wp-content\/uploads\/2020\/07\/wien-25hours-hotel-museumsquartier-gal01-christian-oeser.jpg' title=\"Au\u00dfenansicht des 25hours Hotel Wien beim MuseumsQuartier\" data-rl_title=\"Au\u00dfenansicht des 25hours Hotel Wien beim MuseumsQuartier\" class=\"rl-gallery-link\" data-rl_caption=\"Aufnahmeort anzeigen\" data-rel=\"lightbox-gallery-1\"><img loading=\"lazy\" decoding=\"async\" width=\"150\" height=\"150\" src=\"https:\/\/coeser.de\/blog\/wp-content\/uploads\/2020\/07\/wien-25hours-hotel-museumsquartier-gal01-christian-oeser-150x150.jpg\" class=\"attachment-thumbnail size-thumbnail\" alt=\"Au\u00dfenansicht des 25hours Hotel Wien beim MuseumsQuartier\" aria-describedby=\"gallery-1-15799\" \/><\/a>\n\t\t\t<\/div>\n\t\t\t\t<figcaption class='wp-caption-text gallery-caption' id='gallery-1-15799'>\n\t\t\t\tAu\u00dfenansicht des 25hours Hotel Wien beim MuseumsQuartier\n\t\t\t\t<\/figcaption><\/figure><figure class='gallery-item'>\n\t\t\t<div class='gallery-icon landscape'>\n\t\t\t\t<a href='https:\/\/coeser.de\/blog\/wp-content\/uploads\/2020\/07\/wien-25hours-hotel-museumsquartier-gal02-christian-oeser.jpg' title=\"Zimmer der Kategorie Large im 25hours Hotel Wien beim MuseumsQuartier\" data-rl_title=\"Zimmer der Kategorie Large im 25hours Hotel Wien beim MuseumsQuartier\" class=\"rl-gallery-link\" data-rl_caption=\"Aufnahmeort anzeigen\" data-rel=\"lightbox-gallery-1\"><img loading=\"lazy\" decoding=\"async\" width=\"150\" height=\"150\" src=\"https:\/\/coeser.de\/blog\/wp-content\/uploads\/2020\/07\/wien-25hours-hotel-museumsquartier-gal02-christian-oeser-150x150.jpg\" class=\"attachment-thumbnail size-thumbnail\" alt=\"Zimmer der Kategorie Large im 25hours Hotel Wien beim MuseumsQuartier\" aria-describedby=\"gallery-1-15800\" \/><\/a>\n\t\t\t<\/div>\n\t\t\t\t<figcaption class='wp-caption-text gallery-caption' id='gallery-1-15800'>\n\t\t\t\tZimmer der Kategorie Large im 25hours Hotel Wien beim MuseumsQuartier\n\t\t\t\t<\/figcaption><\/figure><figure class='gallery-item'>\n\t\t\t<div class='gallery-icon landscape'>\n\t\t\t\t<a href='https:\/\/coeser.de\/blog\/wp-content\/uploads\/2020\/07\/wien-25hours-hotel-museumsquartier-gal03-christian-oeser.jpg' title=\"Badewanne in der Zimmerkategorie Large im 25hours Hotel Wien beim MuseumsQuartier\" data-rl_title=\"Badewanne in der Zimmerkategorie Large im 25hours Hotel Wien beim MuseumsQuartier\" class=\"rl-gallery-link\" data-rl_caption=\"Aufnahmeort anzeigen\" data-rel=\"lightbox-gallery-1\"><img loading=\"lazy\" decoding=\"async\" width=\"150\" height=\"150\" src=\"https:\/\/coeser.de\/blog\/wp-content\/uploads\/2020\/07\/wien-25hours-hotel-museumsquartier-gal03-christian-oeser-150x150.jpg\" class=\"attachment-thumbnail size-thumbnail\" alt=\"Badewanne in der Zimmerkategorie Large im 25hours Hotel Wien beim MuseumsQuartier\" aria-describedby=\"gallery-1-15801\" \/><\/a>\n\t\t\t<\/div>\n\t\t\t\t<figcaption class='wp-caption-text gallery-caption' id='gallery-1-15801'>\n\t\t\t\tBadewanne in der Zimmerkategorie Large im 25hours Hotel Wien beim MuseumsQuartier\n\t\t\t\t<\/figcaption><\/figure><figure class='gallery-item'>\n\t\t\t<div class='gallery-icon landscape'>\n\t\t\t\t<a href='https:\/\/coeser.de\/blog\/wp-content\/uploads\/2020\/07\/wien-25hours-hotel-museumsquartier-gal04-christian-oeser.jpg' title=\"Wellnessbereich im 25hours Hotel Wien beim MuseumsQuartier\" data-rl_title=\"Wellnessbereich im 25hours Hotel Wien beim MuseumsQuartier\" class=\"rl-gallery-link\" data-rl_caption=\"Aufnahmeort anzeigen\" data-rel=\"lightbox-gallery-1\"><img loading=\"lazy\" decoding=\"async\" width=\"150\" height=\"150\" src=\"https:\/\/coeser.de\/blog\/wp-content\/uploads\/2020\/07\/wien-25hours-hotel-museumsquartier-gal04-christian-oeser-150x150.jpg\" class=\"attachment-thumbnail size-thumbnail\" alt=\"Wellnessbereich im 25hours Hotel Wien beim MuseumsQuartier\" aria-describedby=\"gallery-1-15802\" \/><\/a>\n\t\t\t<\/div>\n\t\t\t\t<figcaption class='wp-caption-text gallery-caption' id='gallery-1-15802'>\n\t\t\t\tWellnessbereich im 25hours Hotel Wien beim MuseumsQuartier\n\t\t\t\t<\/figcaption><\/figure><figure class='gallery-item'>\n\t\t\t<div class='gallery-icon landscape'>\n\t\t\t\t<a href='https:\/\/coeser.de\/blog\/wp-content\/uploads\/2020\/07\/wien-25hours-hotel-museumsquartier-gal05-christian-oeser.jpg' title=\"Aussichtsterrasse und Bar am Dachboden im 25hours Hotel Wien beim MuseumsQuartier\" data-rl_title=\"Aussichtsterrasse und Bar am Dachboden im 25hours Hotel Wien beim MuseumsQuartier\" class=\"rl-gallery-link\" data-rl_caption=\"Aufnahmeort anzeigen\" data-rel=\"lightbox-gallery-1\"><img loading=\"lazy\" decoding=\"async\" width=\"150\" height=\"150\" src=\"https:\/\/coeser.de\/blog\/wp-content\/uploads\/2020\/07\/wien-25hours-hotel-museumsquartier-gal05-christian-oeser-150x150.jpg\" class=\"attachment-thumbnail size-thumbnail\" alt=\"Aussichtsterrasse und Bar am Dachboden im 25hours Hotel Wien beim MuseumsQuartier\" aria-describedby=\"gallery-1-15803\" \/><\/a>\n\t\t\t<\/div>\n\t\t\t\t<figcaption class='wp-caption-text gallery-caption' id='gallery-1-15803'>\n\t\t\t\tAussichtsterrasse und Bar am Dachboden im 25hours Hotel Wien beim MuseumsQuartier\n\t\t\t\t<\/figcaption><\/figure><figure class='gallery-item'>\n\t\t\t<div class='gallery-icon landscape'>\n\t\t\t\t<a href='https:\/\/coeser.de\/blog\/wp-content\/uploads\/2020\/07\/wien-25hours-hotel-museumsquartier-gal06-christian-oeser.jpg' title=\"Italienisches Restaurant Ribelli im 25hours Hotel Wien beim MuseumsQuartier\" data-rl_title=\"Italienisches Restaurant Ribelli im 25hours Hotel Wien beim MuseumsQuartier\" class=\"rl-gallery-link\" data-rl_caption=\"Aufnahmeort anzeigen\" data-rel=\"lightbox-gallery-1\"><img loading=\"lazy\" decoding=\"async\" width=\"150\" height=\"150\" src=\"https:\/\/coeser.de\/blog\/wp-content\/uploads\/2020\/07\/wien-25hours-hotel-museumsquartier-gal06-christian-oeser-150x150.jpg\" class=\"attachment-thumbnail size-thumbnail\" alt=\"Italienisches Restaurant Ribelli im 25hours Hotel Wien beim MuseumsQuartier\" aria-describedby=\"gallery-1-15804\" \/><\/a>\n\t\t\t<\/div>\n\t\t\t\t<figcaption class='wp-caption-text gallery-caption' id='gallery-1-15804'>\n\t\t\t\tItalienisches Restaurant Ribelli im 25hours Hotel Wien beim MuseumsQuartier\n\t\t\t\t<\/figcaption><\/figure><figure class='gallery-item'>\n\t\t\t<div class='gallery-icon landscape'>\n\t\t\t\t<a href='https:\/\/coeser.de\/blog\/wp-content\/uploads\/2020\/07\/wien-25hours-hotel-museumsquartier-gal07-christian-oeser.jpg' title=\"Pizza im italienischen Restaurant Ribelli im 25hours Hotel Wien beim MuseumsQuartier\" data-rl_title=\"Pizza im italienischen Restaurant Ribelli im 25hours Hotel Wien beim MuseumsQuartier\" class=\"rl-gallery-link\" data-rl_caption=\"Aufnahmeort anzeigen\" data-rel=\"lightbox-gallery-1\"><img loading=\"lazy\" decoding=\"async\" width=\"150\" height=\"150\" src=\"https:\/\/coeser.de\/blog\/wp-content\/uploads\/2020\/07\/wien-25hours-hotel-museumsquartier-gal07-christian-oeser-150x150.jpg\" class=\"attachment-thumbnail size-thumbnail\" alt=\"Pizza im italienischen Restaurant Ribelli im 25hours Hotel Wien beim MuseumsQuartier\" aria-describedby=\"gallery-1-15805\" \/><\/a>\n\t\t\t<\/div>\n\t\t\t\t<figcaption class='wp-caption-text gallery-caption' id='gallery-1-15805'>\n\t\t\t\tPizza im italienischen Restaurant Ribelli im 25hours Hotel Wien beim MuseumsQuartier\n\t\t\t\t<\/figcaption><\/figure>\n\t\t<\/div>\n\n<hr \/>\n<p><a href=\"https:\/\/www.booking.com\/hotel\/at\/vienna-stephansdom.de.html?aid=1634405\" target=\"_blank\" rel=\"noopener\"><strong>Hotel SO\/ Vienna<\/strong><\/a>* (<em>Praterstra\u00dfe 1<\/em>): Stilvolles und au\u00dfergew\u00f6hnliches Hotel von Stararchitekt Jean Nouvel. Sehr gute Lage gegen\u00fcber der Station Schwedenplatz (U1, U4 und zwei Stra\u00dfenbahnen), 10 Minuten Fu\u00dfweg ins Zentrum, viele tolle Lokale in unmittelbarer N\u00e4he. Sehr ger\u00e4umige Zimmer mit Blick auf Stephansdom oder Riesenrad. Einrichtung entweder komplett wei\u00df, grau oder schwarz. Sehr bequeme Betten, Regendusche und Badewanne, Pflegeprodukte von Saint Charles, Kaffeemaschine und Teekocher mit Tabs\/Teubeuteln, kostenlose Minibar mit Wasser, S\u00e4ften und Snacks gef\u00fcllt, Soundbox, Klimaanlage (abschaltbar), schnelles WLAN. Zwei Fitnessr\u00e4ume, gro\u00dfer Wellnessbereich mit Sauna, Hamam und Whirlpools. Sehr gutes Fr\u00fchst\u00fccksbuffet im Restaurant und Bar LOFT im 18. Stock mit Panoramablick.<\/p>\n<div id='gallery-2' class='gallery galleryid-16370 gallery-columns-7 gallery-size-thumbnail'><figure class='gallery-item'>\n\t\t\t<div class='gallery-icon landscape'>\n\t\t\t\t<a href='https:\/\/coeser.de\/blog\/wp-content\/uploads\/2023\/07\/wien-hotel-sofitel-so-vienna-01-christian-oeser.jpg' title=\"Au\u00dfenansicht des Hotel SO\/ Vienna in Wien\" data-rl_title=\"Au\u00dfenansicht des Hotel SO\/ Vienna in Wien\" class=\"rl-gallery-link\" data-rl_caption=\"Aufnahmeort anzeigen\" data-rel=\"lightbox-gallery-2\"><img loading=\"lazy\" decoding=\"async\" width=\"150\" height=\"150\" src=\"https:\/\/coeser.de\/blog\/wp-content\/uploads\/2023\/07\/wien-hotel-sofitel-so-vienna-01-christian-oeser-150x150.jpg\" class=\"attachment-thumbnail size-thumbnail\" alt=\"Au\u00dfenansicht des Hotel SO\/ Vienna in Wien\" aria-describedby=\"gallery-2-23844\" \/><\/a>\n\t\t\t<\/div>\n\t\t\t\t<figcaption class='wp-caption-text gallery-caption' id='gallery-2-23844'>\n\t\t\t\tAu\u00dfenansicht des Hotel SO\/ Vienna in Wien\n\t\t\t\t<\/figcaption><\/figure><figure class='gallery-item'>\n\t\t\t<div class='gallery-icon landscape'>\n\t\t\t\t<a href='https:\/\/coeser.de\/blog\/wp-content\/uploads\/2023\/07\/wien-hotel-sofitel-so-vienna-02-christian-oeser.jpg' title=\"Zimmer SO Comfy mit Kingsize-Bett und Stephansdomblick im Hotel SO\/ Vienna in Wien\" data-rl_title=\"Zimmer SO Comfy mit Kingsize-Bett und Stephansdomblick im Hotel SO\/ Vienna in Wien\" class=\"rl-gallery-link\" data-rl_caption=\"Aufnahmeort anzeigen\" data-rel=\"lightbox-gallery-2\"><img loading=\"lazy\" decoding=\"async\" width=\"150\" height=\"150\" src=\"https:\/\/coeser.de\/blog\/wp-content\/uploads\/2023\/07\/wien-hotel-sofitel-so-vienna-02-christian-oeser-150x150.jpg\" class=\"attachment-thumbnail size-thumbnail\" alt=\"Zimmer SO Comfy mit Kingsize-Bett und Stephansdomblick im Hotel SO\/ Vienna in Wien\" aria-describedby=\"gallery-2-23845\" \/><\/a>\n\t\t\t<\/div>\n\t\t\t\t<figcaption class='wp-caption-text gallery-caption' id='gallery-2-23845'>\n\t\t\t\tZimmer SO Comfy mit Kingsize-Bett und Stephansdomblick im Hotel SO\/ Vienna in Wien\n\t\t\t\t<\/figcaption><\/figure><figure class='gallery-item'>\n\t\t\t<div class='gallery-icon landscape'>\n\t\t\t\t<a href='https:\/\/coeser.de\/blog\/wp-content\/uploads\/2023\/07\/wien-hotel-sofitel-so-vienna-03-christian-oeser.jpg' title=\"Bad im Zimmer SO Comfy mit Kingsize-Bett und Stephansdomblick im Hotel SO\/ Vienna in Wien\" data-rl_title=\"Bad im Zimmer SO Comfy mit Kingsize-Bett und Stephansdomblick im Hotel SO\/ Vienna in Wien\" class=\"rl-gallery-link\" data-rl_caption=\"Aufnahmeort anzeigen\" data-rel=\"lightbox-gallery-2\"><img loading=\"lazy\" decoding=\"async\" width=\"150\" height=\"150\" src=\"https:\/\/coeser.de\/blog\/wp-content\/uploads\/2023\/07\/wien-hotel-sofitel-so-vienna-03-christian-oeser-150x150.jpg\" class=\"attachment-thumbnail size-thumbnail\" alt=\"Bad im Zimmer SO Comfy mit Kingsize-Bett und Stephansdomblick im Hotel SO\/ Vienna in Wien\" aria-describedby=\"gallery-2-23846\" \/><\/a>\n\t\t\t<\/div>\n\t\t\t\t<figcaption class='wp-caption-text gallery-caption' id='gallery-2-23846'>\n\t\t\t\tBad im Zimmer SO Comfy mit Kingsize-Bett und Stephansdomblick im Hotel SO\/ Vienna in Wien\n\t\t\t\t<\/figcaption><\/figure><figure class='gallery-item'>\n\t\t\t<div class='gallery-icon landscape'>\n\t\t\t\t<a href='https:\/\/coeser.de\/blog\/wp-content\/uploads\/2023\/07\/wien-hotel-sofitel-so-vienna-04-christian-oeser.jpg' title=\"Blick auf die Wiener Innenstadt und den Stephansdom vom Zimmer SO Comfy im Hotel SO\/ Vienna in Wien\" data-rl_title=\"Blick auf die Wiener Innenstadt und den Stephansdom vom Zimmer SO Comfy im Hotel SO\/ Vienna in Wien\" class=\"rl-gallery-link\" data-rl_caption=\"Aufnahmeort anzeigen\" data-rel=\"lightbox-gallery-2\"><img loading=\"lazy\" decoding=\"async\" width=\"150\" height=\"150\" src=\"https:\/\/coeser.de\/blog\/wp-content\/uploads\/2023\/07\/wien-hotel-sofitel-so-vienna-04-christian-oeser-150x150.jpg\" class=\"attachment-thumbnail size-thumbnail\" alt=\"Blick auf die Wiener Innenstadt und den Stephansdom vom Zimmer SO Comfy im Hotel SO\/ Vienna in Wien\" aria-describedby=\"gallery-2-23847\" \/><\/a>\n\t\t\t<\/div>\n\t\t\t\t<figcaption class='wp-caption-text gallery-caption' id='gallery-2-23847'>\n\t\t\t\tBlick auf die Wiener Innenstadt und den Stephansdom vom Zimmer SO Comfy im Hotel SO\/ Vienna in Wien\n\t\t\t\t<\/figcaption><\/figure><figure class='gallery-item'>\n\t\t\t<div class='gallery-icon landscape'>\n\t\t\t\t<a href='https:\/\/coeser.de\/blog\/wp-content\/uploads\/2023\/07\/wien-hotel-sofitel-so-vienna-05-christian-oeser.jpg' title=\"Restaurant und Bar LOFT im Hotel SO\/ Vienna in Wien\" data-rl_title=\"Restaurant und Bar LOFT im Hotel SO\/ Vienna in Wien\" class=\"rl-gallery-link\" data-rl_caption=\"Aufnahmeort anzeigen\" data-rel=\"lightbox-gallery-2\"><img loading=\"lazy\" decoding=\"async\" width=\"150\" height=\"150\" src=\"https:\/\/coeser.de\/blog\/wp-content\/uploads\/2023\/07\/wien-hotel-sofitel-so-vienna-05-christian-oeser-150x150.jpg\" class=\"attachment-thumbnail size-thumbnail\" alt=\"Restaurant und Bar LOFT im Hotel SO\/ Vienna in Wien\" aria-describedby=\"gallery-2-23848\" \/><\/a>\n\t\t\t<\/div>\n\t\t\t\t<figcaption class='wp-caption-text gallery-caption' id='gallery-2-23848'>\n\t\t\t\tRestaurant und Bar LOFT im Hotel SO\/ Vienna in Wien\n\t\t\t\t<\/figcaption><\/figure><figure class='gallery-item'>\n\t\t\t<div class='gallery-icon landscape'>\n\t\t\t\t<a href='https:\/\/coeser.de\/blog\/wp-content\/uploads\/2023\/07\/wien-hotel-sofitel-so-vienna-06-christian-oeser.jpg' title=\"Doppelzimmer SO Urban im Hotel SO\/ Vienna in Wien\" data-rl_title=\"Doppelzimmer SO Urban im Hotel SO\/ Vienna in Wien\" class=\"rl-gallery-link\" data-rl_caption=\"Aufnahmeort anzeigen\" data-rel=\"lightbox-gallery-2\"><img loading=\"lazy\" decoding=\"async\" width=\"150\" height=\"150\" src=\"https:\/\/coeser.de\/blog\/wp-content\/uploads\/2023\/07\/wien-hotel-sofitel-so-vienna-06-christian-oeser-150x150.jpg\" class=\"attachment-thumbnail size-thumbnail\" alt=\"Doppelzimmer SO Urban im Hotel SO\/ Vienna in Wien\" aria-describedby=\"gallery-2-23849\" \/><\/a>\n\t\t\t<\/div>\n\t\t\t\t<figcaption class='wp-caption-text gallery-caption' id='gallery-2-23849'>\n\t\t\t\tDoppelzimmer SO Urban im Hotel SO\/ Vienna in Wien\n\t\t\t\t<\/figcaption><\/figure><figure class='gallery-item'>\n\t\t\t<div class='gallery-icon landscape'>\n\t\t\t\t<a href='https:\/\/coeser.de\/blog\/wp-content\/uploads\/2023\/07\/wien-hotel-sofitel-so-vienna-07-christian-oeser.jpg' title=\"Sauna im Wellnessebereich des Hotel SO\/ Vienna in Wien\" data-rl_title=\"Sauna im Wellnessebereich des Hotel SO\/ Vienna in Wien\" class=\"rl-gallery-link\" data-rl_caption=\"Aufnahmeort anzeigen\" data-rel=\"lightbox-gallery-2\"><img loading=\"lazy\" decoding=\"async\" width=\"150\" height=\"150\" src=\"https:\/\/coeser.de\/blog\/wp-content\/uploads\/2023\/07\/wien-hotel-sofitel-so-vienna-07-christian-oeser-150x150.jpg\" class=\"attachment-thumbnail size-thumbnail\" alt=\"Sauna im Wellnessebereich des Hotel SO\/ Vienna in Wien\" aria-describedby=\"gallery-2-23850\" \/><\/a>\n\t\t\t<\/div>\n\t\t\t\t<figcaption class='wp-caption-text gallery-caption' id='gallery-2-23850'>\n\t\t\t\tSauna im Wellnessebereich des Hotel SO\/ Vienna in Wien\n\t\t\t\t<\/figcaption><\/figure>\n\t\t<\/div>\n\n<hr \/>\n<p><strong>Auf meiner bevorzugten Hotelsuchmaschine booking.com findest du weitere <a href=\"https:\/\/www.booking.com\/searchresults.de.html?city=-1995499&amp;aid=1634405&amp;no_rooms=1&amp;group_adults=1\" target=\"_blank\" rel=\"noopener noreferrer\">sch\u00f6ne Unterk\u00fcnfte in Wien<\/a>*.<\/strong><\/p>\n<p><em>Transparenzhinweis: Ich wurde vom 25hours Hotel und vom Hotel SO\/ Vienna eine Nacht eingeladen, um pers\u00f6nliche Eindr\u00fccke sammeln zu k\u00f6nnen. Meine Meinung ist davon selbstverst\u00e4ndlich nicht beeinflusst.<\/em><\/p>\n<\/div>\n<div class=\"extern\">\n<h3>TRANSPARENZHINWEIS<\/h3>\n<p>*Die mit Stern gekennzeichneten Verweise in diesem Blogartikel sind sogenannte Affiliate-Links. Wenn dir mein Blogartikel bei der Planung deiner Reise geholfen hat, freue ich mich, wenn du \u00fcber diese Links deine Unterkunft oder Freizeitaktivit\u00e4ten buchst. Ich erhalte dadurch eine kleine Provision und du unterst\u00fctzt den Erhalt dieses Blogs. F\u00fcr dich entstehen dabei selbstverst\u00e4ndlich keine Nachteile. Vielen Dank! \ud83d\ude42<\/p>\n<\/div>\n<p>&nbsp;<\/p>\n<h2><img loading=\"lazy\" decoding=\"async\" class=\"alignnone size-full wp-image-16373\" src=\"https:\/\/coeser.de\/blog\/wp-content\/uploads\/2020\/10\/wien-stadtwanderweg-5-aufmacher1-christian-oeser.jpg\" alt=\"Weinreben am Stadtwanderweg 5 in Wien\" width=\"970\" height=\"323\" srcset=\"https:\/\/coeser.de\/blog\/wp-content\/uploads\/2020\/10\/wien-stadtwanderweg-5-aufmacher1-christian-oeser.jpg 970w, https:\/\/coeser.de\/blog\/wp-content\/uploads\/2020\/10\/wien-stadtwanderweg-5-aufmacher1-christian-oeser-768x256.jpg 768w\" sizes=\"auto, (max-width: 970px) 100vw, 970px\" \/><\/h2>\n<h2>Stadtwanderweg 5 in Wien: Ab in die Natur<\/h2>\n<p>Gleich 13 Stadtwanderwege bietet Wien, verteilt auf das gesamte Stadtgebiet. 12 davon sind klassische Wanderwege durch die Natur mit nur wenig urbanem Einfluss. Ein einziger Weg, der neue Stadtwanderweg 11, f\u00fchrt mitten durch die Stadt entlang einiger wichtiger Gemeindebauten (ein eigener Artikel dar\u00fcber erscheint demn\u00e4chst). F\u00fcr diesen Artikel habe ich mir den Stadtwanderweg 5 in Wien angeschaut, der zu jeder Jahreszeit sehr sch\u00f6ne Eindr\u00fccke bietet.<\/p>\n<h3>Von Stammersdorf auf den Bisamberg<\/h3>\n<p>Der Startpunkt f\u00fcr den Stadtwanderweg 5 in Wien liegt an der Endstation der Stra\u00dfenbahnlinie 31 in Stammersdorf. Anfangs ist die Orientierung eventuell etwas schwierig, da es im Zick-Zack noch einige Gassen zu durchqueren gilt, bevor der Weg eindeutiger wird. Wenn ihr euch aber von der Stra\u00dfenbahnstation weg immer an den h\u00f6lzernen Wegweisern orientiert (siehe Titelbild des Artikels), k\u00f6nnt ihr euch eigentlich nicht verlaufen. Es ist auf jeden Fall ratsam, sich den Weg vorher daheim auf der Karte genauer anzusehen.<\/p>\n<h3>Abwechslungsreicher Weg<\/h3>\n<p>In Stammersdorf k\u00f6nnt ihr zu Beginn einige urige Weinkeller entdecken und \u00fcberquert die Stammersdorfer Hauptstra\u00dfe. Diese ist zwar nur auf einem ganz kleinen St\u00fcck Teil des Stadtwanderwegs, bietet sich aber immer f\u00fcr eine Einkehr bei einem der zahlreichen Winzer an. Merkt sie euch einfach und wenn ihr nach der Wanderung motiviert oder hungrig seid, findet ihr hier garantiert ein passendes Lokal. Der Weg selbst wird dann jedenfalls schnell l\u00e4ndlicher und f\u00fchrt entlang von Weinreben und durch W\u00e4lder.<\/p>\n<h3>Pause im Magdalenenhof<\/h3>\n<p>Ein beliebtes Zwischenziel auf dem Stadtwanderweg 5 in Wien ist der Magdalenenhof kurz vor der H\u00e4lfte der Strecke. Zum einen wartet dort ein riesiges Freigel\u00e4nde mit Naturspielplatz und Streichelzoo, zum anderen die M\u00f6glichkeit einer St\u00e4rkung im Gasthof. Meine Freundin und ich waren weder hungrig noch durstig, weswegen wir nichts \u00fcber die Qualit\u00e4t des Angebots sagen k\u00f6nnen. Im Inneren findet ihr \u00fcbrigens den Wegstempel, wenn ihr diese wie meine Freundin sammelt. Der restliche Weg bietet dann tolle Ausblicke \u00fcber Wien und einen gem\u00fctlichen, abfallenden R\u00fcckweg bis Stammersdorf.<\/p>\n<hr \/>\n<div class=\"tipps\">\n<h2><img loading=\"lazy\" decoding=\"async\" class=\"alignnone size-full wp-image-16663\" src=\"https:\/\/coeser.de\/blog\/wp-content\/uploads\/2021\/01\/wien-stadtwanderweg-2-aufmacher1-christian-oeser.jpg\" alt=\"Schild Stadtwanderweg 2 in Wien im Schnee\" width=\"970\" height=\"323\" srcset=\"https:\/\/coeser.de\/blog\/wp-content\/uploads\/2021\/01\/wien-stadtwanderweg-2-aufmacher1-christian-oeser.jpg 970w, https:\/\/coeser.de\/blog\/wp-content\/uploads\/2021\/01\/wien-stadtwanderweg-2-aufmacher1-christian-oeser-768x256.jpg 768w\" sizes=\"auto, (max-width: 970px) 100vw, 970px\" \/><\/h2>\n<h2>TIPP: Weitere Artikel zu Stadtwanderwegen in Wien<\/h2>\n<p><strong><a href=\"https:\/\/coeser.de\/blog\/index.php\/2021\/01\/19\/wien-stadtwanderweg-2-winter\/\" target=\"_blank\" rel=\"noopener\">Wien: Der Stadtwanderweg 2 im Winter<\/a><\/strong><\/p>\n<p><strong><a href=\"https:\/\/coeser.de\/blog\/index.php\/2023\/06\/11\/wien-stadtwanderweg-9-prater\/\" target=\"_blank\" rel=\"noopener\">Wien: Der Stadtwanderweg 9 im Prater<\/a><\/strong><\/p>\n<\/div>\n<p>&nbsp;<\/p>\n<hr \/>\n<h2>Fotos vom Stadtwanderweg 5 in Wien<\/h2>\n<figure class=\"bigpicture\" style=\"width: 970px;\"><img loading=\"lazy\" decoding=\"async\" class=\"wp-image-16374 size-full\" src=\"https:\/\/coeser.de\/blog\/wp-content\/uploads\/2020\/10\/wien-stadtwanderweg-5-gal01-christian-oeser.jpg\" alt=\"Lokomotive 2060 in Stammersdorf am Stadtwanderweg 5 in Wien\" width=\"960\" height=\"640\" srcset=\"https:\/\/coeser.de\/blog\/wp-content\/uploads\/2020\/10\/wien-stadtwanderweg-5-gal01-christian-oeser.jpg 960w, https:\/\/coeser.de\/blog\/wp-content\/uploads\/2020\/10\/wien-stadtwanderweg-5-gal01-christian-oeser-768x512.jpg 768w, https:\/\/coeser.de\/blog\/wp-content\/uploads\/2020\/10\/wien-stadtwanderweg-5-gal01-christian-oeser-330x220.jpg 330w\" sizes=\"auto, (max-width: 960px) 100vw, 960px\" \/><figcaption class=\"bigpicture-text\">\n<h3>Start mit der Lokomotive 2060 in Stammersdorf<\/h3>\n<p>Der Stadtwanderweg 5 beginnt in Wien an der Endhaltestelle der Stra\u00dfenbahnlinie 31 in Stammersdorf. Dort lohnt sich ein Blick auf diese alte Verschublokomotive 2060 aus dem Jahr 1954. Sie erinnert an die 1988 eingestellte Stammersdorfer Lokalbahn.<br \/>\n<a href=\"https:\/\/www.google.de\/maps\/place\/48.297583,16.420339\" target=\"_blank\" rel=\"noopener noreferrer\"><strong>Aufnahmeort anzeigen<\/strong><\/a><\/p>\n<\/figcaption><\/figure>\n<figure class=\"bigpicture\" style=\"width: 970px;\"><img loading=\"lazy\" decoding=\"async\" class=\"wp-image-16375 size-full\" src=\"https:\/\/coeser.de\/blog\/wp-content\/uploads\/2020\/10\/wien-stadtwanderweg-5-gal02-christian-oeser.jpg\" alt=\"Kellergasse auf dem Stadtwanderweg 5 in Wien\" width=\"960\" height=\"640\" srcset=\"https:\/\/coeser.de\/blog\/wp-content\/uploads\/2020\/10\/wien-stadtwanderweg-5-gal02-christian-oeser.jpg 960w, https:\/\/coeser.de\/blog\/wp-content\/uploads\/2020\/10\/wien-stadtwanderweg-5-gal02-christian-oeser-768x512.jpg 768w, https:\/\/coeser.de\/blog\/wp-content\/uploads\/2020\/10\/wien-stadtwanderweg-5-gal02-christian-oeser-330x220.jpg 330w\" sizes=\"auto, (max-width: 960px) 100vw, 960px\" \/><figcaption class=\"bigpicture-text\">\n<h3>Kellergasse auf dem Stadtwanderweg 5 in Wien<\/h3>\n<p>Der Weg ist abwechslungsreich und f\u00fchrt \u00fcber Stra\u00dfen und gepflasterte Kellergassen hinaus aus dem urbanen Gebiet.<br \/>\n<a href=\"https:\/\/www.google.de\/maps\/place\/48.304986,16.410747\" target=\"_blank\" rel=\"noopener noreferrer\"><strong>Aufnahmeort anzeigen<\/strong><\/a><\/p>\n<\/figcaption><\/figure>\n<figure class=\"bigpicture\" style=\"width: 970px;\"><img loading=\"lazy\" decoding=\"async\" class=\"wp-image-16376 size-full\" src=\"https:\/\/coeser.de\/blog\/wp-content\/uploads\/2020\/10\/wien-stadtwanderweg-5-gal03-christian-oeser.jpg\" alt=\"Weinreben entlang des Stadtwanderweg 5 in Wien\" width=\"960\" height=\"640\" srcset=\"https:\/\/coeser.de\/blog\/wp-content\/uploads\/2020\/10\/wien-stadtwanderweg-5-gal03-christian-oeser.jpg 960w, https:\/\/coeser.de\/blog\/wp-content\/uploads\/2020\/10\/wien-stadtwanderweg-5-gal03-christian-oeser-768x512.jpg 768w, https:\/\/coeser.de\/blog\/wp-content\/uploads\/2020\/10\/wien-stadtwanderweg-5-gal03-christian-oeser-330x220.jpg 330w\" sizes=\"auto, (max-width: 960px) 100vw, 960px\" \/><figcaption class=\"bigpicture-text\">\n<h3>Historische Ger\u00e4te entlang des Stadtwanderweg 5<\/h3>\n<p>Die Weinreben lassen nicht lange auf sich warten und bilden ein Spalier entlang des Wanderwegs. Alte landwirtschaftliche Ger\u00e4te erinnern an vergangene, beschwerliche Zeiten.<br \/>\n<a href=\"https:\/\/www.google.de\/maps\/place\/48.308198,16.408173\" target=\"_blank\" rel=\"noopener noreferrer\"><strong>Aufnahmeort anzeigen<\/strong><\/a><\/p>\n<\/figcaption><\/figure>\n<figure class=\"bigpicture\" style=\"width: 970px;\"><img loading=\"lazy\" decoding=\"async\" class=\"wp-image-16377 size-full\" src=\"https:\/\/coeser.de\/blog\/wp-content\/uploads\/2020\/10\/wien-stadtwanderweg-5-gal04-christian-oeser.jpg\" alt=\"Weinreben am Stadtwanderweg 5 in Wien\" width=\"960\" height=\"640\" srcset=\"https:\/\/coeser.de\/blog\/wp-content\/uploads\/2020\/10\/wien-stadtwanderweg-5-gal04-christian-oeser.jpg 960w, https:\/\/coeser.de\/blog\/wp-content\/uploads\/2020\/10\/wien-stadtwanderweg-5-gal04-christian-oeser-768x512.jpg 768w, https:\/\/coeser.de\/blog\/wp-content\/uploads\/2020\/10\/wien-stadtwanderweg-5-gal04-christian-oeser-330x220.jpg 330w\" sizes=\"auto, (max-width: 960px) 100vw, 960px\" \/><figcaption class=\"bigpicture-text\">\n<h3>Weinreben machen Lust auf mehr<\/h3>\n<p>Stammersdorf und seine Umgebung sind bekannt f\u00fcr den ausgezeichneten Wein, den ihr bei einem der zahlreichen Winzer verkosten k\u00f6nnt.<br \/>\n<a href=\"https:\/\/www.google.de\/maps\/place\/48.309058,16.407422\" target=\"_blank\" rel=\"noopener noreferrer\"><strong>Aufnahmeort anzeigen<\/strong><\/a><\/p>\n<\/figcaption><\/figure>\n<figure class=\"bigpicture\" style=\"width: 970px;\"><img loading=\"lazy\" decoding=\"async\" class=\"wp-image-16378 size-full\" src=\"https:\/\/coeser.de\/blog\/wp-content\/uploads\/2020\/10\/wien-stadtwanderweg-5-gal05-christian-oeser.jpg\" alt=\"Wegweiser am Stadtwanderweg 5 in Wien\" width=\"960\" height=\"640\" srcset=\"https:\/\/coeser.de\/blog\/wp-content\/uploads\/2020\/10\/wien-stadtwanderweg-5-gal05-christian-oeser.jpg 960w, https:\/\/coeser.de\/blog\/wp-content\/uploads\/2020\/10\/wien-stadtwanderweg-5-gal05-christian-oeser-768x512.jpg 768w, https:\/\/coeser.de\/blog\/wp-content\/uploads\/2020\/10\/wien-stadtwanderweg-5-gal05-christian-oeser-330x220.jpg 330w\" sizes=\"auto, (max-width: 960px) 100vw, 960px\" \/><figcaption class=\"bigpicture-text\">\n<h3>Infotafel am Stadtwanderweg 5 in Wien<\/h3>\n<p>Zu Beginn ist die Suche nach dem Wegverlauf eventuell noch etwas verwirrend, aber ansonsten ist der Stadtwanderweg 5 ausgezeichnet ausgeschildert.<br \/>\n<a href=\"https:\/\/www.google.de\/maps\/place\/48.311512,16.400994\" target=\"_blank\" rel=\"noopener noreferrer\"><strong>Aufnahmeort anzeigen<\/strong><\/a><\/p>\n<\/figcaption><\/figure>\n<figure class=\"bigpicture\" style=\"width: 970px;\"><img loading=\"lazy\" decoding=\"async\" class=\"wp-image-16379 size-full\" src=\"https:\/\/coeser.de\/blog\/wp-content\/uploads\/2020\/10\/wien-stadtwanderweg-5-gal06-christian-oeser.jpg\" alt=\"Streichelzoo beim Magdalenenhof am Stadtwanderweg 5 in Wien\" width=\"960\" height=\"640\" srcset=\"https:\/\/coeser.de\/blog\/wp-content\/uploads\/2020\/10\/wien-stadtwanderweg-5-gal06-christian-oeser.jpg 960w, https:\/\/coeser.de\/blog\/wp-content\/uploads\/2020\/10\/wien-stadtwanderweg-5-gal06-christian-oeser-768x512.jpg 768w, https:\/\/coeser.de\/blog\/wp-content\/uploads\/2020\/10\/wien-stadtwanderweg-5-gal06-christian-oeser-330x220.jpg 330w\" sizes=\"auto, (max-width: 960px) 100vw, 960px\" \/><figcaption class=\"bigpicture-text\">\n<h3>Streichelzoo beim Magdalenenhof<\/h3>\n<p>Beim Magdalenenhof ist die H\u00e4lfte der Strecke fast geschafft und eine wohlverdiente Pause angesagt. Kinder werden vom Naturspielplatz und dem Streichelzoo begeistert sein.<br \/>\n<a href=\"https:\/\/www.google.de\/maps\/place\/48.312427,16.381915\" target=\"_blank\" rel=\"noopener noreferrer\"><strong>Aufnahmeort anzeigen<\/strong><\/a><\/p>\n<\/figcaption><\/figure>\n<figure class=\"bigpicture\" style=\"width: 970px;\"><img loading=\"lazy\" decoding=\"async\" class=\"wp-image-16380 size-full\" src=\"https:\/\/coeser.de\/blog\/wp-content\/uploads\/2020\/10\/wien-stadtwanderweg-5-gal07-christian-oeser.jpg\" alt=\"Magdalenenhof am Stadtwanderweg 5 in Wien\" width=\"960\" height=\"640\" srcset=\"https:\/\/coeser.de\/blog\/wp-content\/uploads\/2020\/10\/wien-stadtwanderweg-5-gal07-christian-oeser.jpg 960w, https:\/\/coeser.de\/blog\/wp-content\/uploads\/2020\/10\/wien-stadtwanderweg-5-gal07-christian-oeser-768x512.jpg 768w, https:\/\/coeser.de\/blog\/wp-content\/uploads\/2020\/10\/wien-stadtwanderweg-5-gal07-christian-oeser-330x220.jpg 330w\" sizes=\"auto, (max-width: 960px) 100vw, 960px\" \/><figcaption class=\"bigpicture-text\">\n<h3>Der Magdalenenhof am Stadtwanderweg 5 in Wien<\/h3>\n<p>Meine Freundin und ich versp\u00fcrten bei der Ankunft am Magdalenenhof noch keinen Hunger und belie\u00dfen es deshalb bei einem kurzen Blick in den Gasthof.<br \/>\n<a href=\"https:\/\/www.google.de\/maps\/place\/48.312427,16.381915\" target=\"_blank\" rel=\"noopener noreferrer\"><strong>Aufnahmeort anzeigen<\/strong><\/a><\/p>\n<\/figcaption><\/figure>\n<figure class=\"bigpicture\" style=\"width: 970px;\"><img loading=\"lazy\" decoding=\"async\" class=\"wp-image-16381 size-full\" src=\"https:\/\/coeser.de\/blog\/wp-content\/uploads\/2020\/10\/wien-stadtwanderweg-5-gal08-christian-oeser.jpg\" alt=\"Wanderstempel im Magdalenenhof am Stadtwanderweg 5 in Wien\" width=\"960\" height=\"640\" srcset=\"https:\/\/coeser.de\/blog\/wp-content\/uploads\/2020\/10\/wien-stadtwanderweg-5-gal08-christian-oeser.jpg 960w, https:\/\/coeser.de\/blog\/wp-content\/uploads\/2020\/10\/wien-stadtwanderweg-5-gal08-christian-oeser-768x512.jpg 768w, https:\/\/coeser.de\/blog\/wp-content\/uploads\/2020\/10\/wien-stadtwanderweg-5-gal08-christian-oeser-330x220.jpg 330w\" sizes=\"auto, (max-width: 960px) 100vw, 960px\" \/><figcaption class=\"bigpicture-text\">\n<h3>Wanderstempel im Magdalenenhof<\/h3>\n<p>Dort wartet n\u00e4mlich der Wanderstempel, den es auf jedem Stadtwanderweg gibt. Meine Freundin nutzte diese Gelegenheit gleich, um eine Erinnerungsseite in ihrem Bullet Journal (Bujo) zu bef\u00fcllen.<br \/>\n<a href=\"https:\/\/www.google.de\/maps\/place\/48.312011,16.382063\" target=\"_blank\" rel=\"noopener noreferrer\"><strong>Aufnahmeort anzeigen<\/strong><\/a><\/p>\n<\/figcaption><\/figure>\n<figure class=\"bigpicture\" style=\"width: 970px;\"><img loading=\"lazy\" decoding=\"async\" class=\"wp-image-16382 size-full\" src=\"https:\/\/coeser.de\/blog\/wp-content\/uploads\/2020\/10\/wien-stadtwanderweg-5-gal09-christian-oeser.jpg\" alt=\"Gedenkstein f\u00fcr den Dichter Josef von Eichendorff am Stadtwanderweg 5 in Wien\" width=\"960\" height=\"640\" srcset=\"https:\/\/coeser.de\/blog\/wp-content\/uploads\/2020\/10\/wien-stadtwanderweg-5-gal09-christian-oeser.jpg 960w, https:\/\/coeser.de\/blog\/wp-content\/uploads\/2020\/10\/wien-stadtwanderweg-5-gal09-christian-oeser-768x512.jpg 768w, https:\/\/coeser.de\/blog\/wp-content\/uploads\/2020\/10\/wien-stadtwanderweg-5-gal09-christian-oeser-330x220.jpg 330w\" sizes=\"auto, (max-width: 960px) 100vw, 960px\" \/><figcaption class=\"bigpicture-text\">\n<h3>Gedenkstein f\u00fcr den Dichter Josef von Eichendorff<\/h3>\n<p>Einige Minuten nach dem Magdalenenhof findet ihr diesen Gedenkstein f\u00fcr den Dichter Josef von Eichendorff.<br \/>\n<a href=\"https:\/\/www.google.de\/maps\/place\/48.315080,16.380465\" target=\"_blank\" rel=\"noopener noreferrer\"><strong>Aufnahmeort anzeigen<\/strong><\/a><\/p>\n<\/figcaption><\/figure>\n<figure class=\"bigpicture\" style=\"width: 970px;\"><img loading=\"lazy\" decoding=\"async\" class=\"wp-image-16383 size-full\" src=\"https:\/\/coeser.de\/blog\/wp-content\/uploads\/2020\/10\/wien-stadtwanderweg-5-gal10-christian-oeser.jpg\" alt=\"Aussicht auf Wien vom Stadtwanderweg 5\" width=\"960\" height=\"640\" srcset=\"https:\/\/coeser.de\/blog\/wp-content\/uploads\/2020\/10\/wien-stadtwanderweg-5-gal10-christian-oeser.jpg 960w, https:\/\/coeser.de\/blog\/wp-content\/uploads\/2020\/10\/wien-stadtwanderweg-5-gal10-christian-oeser-768x512.jpg 768w, https:\/\/coeser.de\/blog\/wp-content\/uploads\/2020\/10\/wien-stadtwanderweg-5-gal10-christian-oeser-330x220.jpg 330w\" sizes=\"auto, (max-width: 960px) 100vw, 960px\" \/><figcaption class=\"bigpicture-text\">\n<h3>Aussicht auf Wien vom Stadtwanderweg 5<\/h3>\n<p>Dreht ihr euch beim Gedenkstein einmal um, zeigt sich diese Aussicht auf die Wiener Skyline.<br \/>\n<a href=\"https:\/\/www.google.de\/maps\/place\/48.314864,16.380169\" target=\"_blank\" rel=\"noopener noreferrer\"><strong>Aufnahmeort anzeigen<\/strong><\/a><\/p>\n<\/figcaption><\/figure>\n<figure class=\"bigpicture\" style=\"width: 970px;\"><img loading=\"lazy\" decoding=\"async\" class=\"wp-image-16384 size-full\" src=\"https:\/\/coeser.de\/blog\/wp-content\/uploads\/2020\/10\/wien-stadtwanderweg-5-gal11-christian-oeser.jpg\" alt=\"Landschaft und Schild am am Stadtwanderweg 5 in Wien\" width=\"960\" height=\"640\" srcset=\"https:\/\/coeser.de\/blog\/wp-content\/uploads\/2020\/10\/wien-stadtwanderweg-5-gal11-christian-oeser.jpg 960w, https:\/\/coeser.de\/blog\/wp-content\/uploads\/2020\/10\/wien-stadtwanderweg-5-gal11-christian-oeser-768x512.jpg 768w, https:\/\/coeser.de\/blog\/wp-content\/uploads\/2020\/10\/wien-stadtwanderweg-5-gal11-christian-oeser-330x220.jpg 330w\" sizes=\"auto, (max-width: 960px) 100vw, 960px\" \/><figcaption class=\"bigpicture-text\">\n<h3>R\u00fcckweg am Stadtrand<\/h3>\n<p>Der R\u00fcckweg gefiel mir ausgezeichnet, denn abgesehen vom besser werdenden Wetter sorgte auch die weite Landschaft f\u00fcr ein befreiendes Gef\u00fchl beim Wandern.<br \/>\n<a href=\"https:\/\/www.google.de\/maps\/place\/48.315148,16.414410\" target=\"_blank\" rel=\"noopener noreferrer\"><strong>Aufnahmeort anzeigen<\/strong><\/a><\/p>\n<\/figcaption><\/figure>\n<figure class=\"bigpicture\" style=\"width: 970px;\"><img loading=\"lazy\" decoding=\"async\" class=\"wp-image-16385 size-full\" src=\"https:\/\/coeser.de\/blog\/wp-content\/uploads\/2020\/10\/wien-stadtwanderweg-5-gal12-christian-oeser.jpg\" alt=\"Getreide\u00e4hren am Stadtwanderweg 5 in Wien\" width=\"960\" height=\"640\" srcset=\"https:\/\/coeser.de\/blog\/wp-content\/uploads\/2020\/10\/wien-stadtwanderweg-5-gal12-christian-oeser.jpg 960w, https:\/\/coeser.de\/blog\/wp-content\/uploads\/2020\/10\/wien-stadtwanderweg-5-gal12-christian-oeser-768x512.jpg 768w, https:\/\/coeser.de\/blog\/wp-content\/uploads\/2020\/10\/wien-stadtwanderweg-5-gal12-christian-oeser-330x220.jpg 330w\" sizes=\"auto, (max-width: 960px) 100vw, 960px\" \/><figcaption class=\"bigpicture-text\">\n<h3>Getreide\u00e4hren am Stadtwanderweg 5 in Wien<\/h3>\n<p>Ein fast schon kitschig-sch\u00f6nes Bild ergab sich zwischen den goldgelb leuchtenden Getreide\u00e4hren.<br \/>\n<a href=\"https:\/\/www.google.de\/maps\/place\/48.311469,16.414614\" target=\"_blank\" rel=\"noopener noreferrer\"><strong>Aufnahmeort anzeigen<\/strong><\/a><\/p>\n<\/figcaption><\/figure>\n<figure class=\"bigpicture\" style=\"width: 970px;\"><img loading=\"lazy\" decoding=\"async\" class=\"wp-image-16386 size-full\" src=\"https:\/\/coeser.de\/blog\/wp-content\/uploads\/2020\/10\/wien-stadtwanderweg-5-gal13-christian-oeser.jpg\" alt=\"Weinreben und Aussicht auf Wien am Stadtwanderweg 5\" width=\"960\" height=\"640\" srcset=\"https:\/\/coeser.de\/blog\/wp-content\/uploads\/2020\/10\/wien-stadtwanderweg-5-gal13-christian-oeser.jpg 960w, https:\/\/coeser.de\/blog\/wp-content\/uploads\/2020\/10\/wien-stadtwanderweg-5-gal13-christian-oeser-768x512.jpg 768w, https:\/\/coeser.de\/blog\/wp-content\/uploads\/2020\/10\/wien-stadtwanderweg-5-gal13-christian-oeser-330x220.jpg 330w\" sizes=\"auto, (max-width: 960px) 100vw, 960px\" \/><figcaption class=\"bigpicture-text\">\n<h3>Weinreben und Aussicht auf Wien am Stadtwanderweg 5<\/h3>\n<p>Ein letzter Blick \u00fcber die Weinreben auf die Skyline von Wien.<br \/>\n<a href=\"https:\/\/www.google.de\/maps\/place\/48.310058,16.414499\" target=\"_blank\" rel=\"noopener noreferrer\"><strong>Aufnahmeort anzeigen<\/strong><\/a><\/p>\n<\/figcaption><\/figure>\n<hr \/>\n<div class=\"fazit\">\n<h2>FAZIT<\/h2>\n<p>Der Stadtwanderweg 5 in Wien z\u00e4hlt f\u00fcr mich zu den attraktivsten, denn der Weg ist durchgehend abwechslungsreich. Der Beginn in Stammersdorf verl\u00e4uft noch urban durch die Kellergassen des Weinanbaugebiets und wird dann zusehends l\u00e4ndlicher. Der Spaziergang entlang von Weinreben, W\u00e4ldern und Wiesen ist ungemein beruhigend. Nach einer Pause im Magdalenenhof f\u00fchrt der Pfad entlang von weiten Landschaften zur\u00fcck nach Stammersdorf und l\u00e4sst immer wieder sehr sch\u00f6ne Aussichten auf die Wiener Skyline zu. Was sagt ihr zum Stadtwanderweg 5, gef\u00e4llt er euch auch so gut wie mir? \ud83d\ude42<\/p>\n<\/div>\n<p>&nbsp;<\/p>\n<div style=\"display: none;\"><img loading=\"lazy\" decoding=\"async\" class=\"alignnone size-full wp-image-16387\" src=\"https:\/\/coeser.de\/blog\/wp-content\/uploads\/2020\/10\/wien-stadtwanderweg-5-p01-christian-oeser.jpg\" alt=\"Wien: Erfahrungsbericht zum Stadtwanderweg 5 von Stammersdorf auf den Bisamberg mit Tipps zum Wegverlauf und Einkehrm\u00f6glichkeiten.\" width=\"735\" height=\"1102\" \/><\/div>\n","protected":false},"excerpt":{"rendered":"<p>Verstopfte Stra\u00dfen, Beton ohne Ende, wenige Gr\u00fcnfl\u00e4chen \u2013 viele Metropolen dieser Welt bieten wohl nicht die Lebensqualit\u00e4t, die man sich w\u00fcnschen w\u00fcrde. In Wien ist das zum Gl\u00fcck anders: wenn der Stress in der Stadt wieder einmal zu viel wird, locken die zahlreichen Erholungsgebiete in der Peripherie. Auf eigens definierten Stadtwanderwegen lassen sich so die [&hellip;]<\/p>\n","protected":false},"author":1,"featured_media":16372,"comment_status":"open","ping_status":"open","sticky":false,"template":"","format":"standard","meta":{"_jetpack_memberships_contains_paid_content":false,"footnotes":""},"categories":[17],"tags":[25,9,11,12,23,41,68,10,423,58,76],"class_list":["post-16370","post","type-post","status-publish","format-standard","has-post-thumbnail","hentry","category-oesterreich","tag-ausflug","tag-cityguide","tag-fotospots","tag-fototipps","tag-oesterreich","tag-reisebericht","tag-reisefuehrer","tag-staedtereise","tag-stadtwanderweg","tag-wandern","tag-wien"],"yoast_head":"<!-- This site is optimized with the Yoast SEO plugin v27.4 - https:\/\/yoast.com\/product\/yoast-seo-wordpress\/ -->\n<title>Wien: Der Stadtwanderweg 5<\/title>\n<meta name=\"description\" content=\"Wien: Erfahrungsbericht zum Stadtwanderweg 5 von Stammersdorf auf den Bisamberg mit Tipps zum Wegverlauf und Einkehrm\u00f6glichkeiten.\" \/>\n<meta name=\"robots\" content=\"index, follow, max-snippet:-1, max-image-preview:large, max-video-preview:-1\" \/>\n<link rel=\"canonical\" href=\"https:\/\/coeser.de\/blog\/index.php\/2020\/10\/20\/wien-stadtwanderweg-5\/\" \/>\n<meta property=\"og:locale\" content=\"de_DE\" \/>\n<meta property=\"og:type\" content=\"article\" \/>\n<meta property=\"og:title\" content=\"Wien: Der Stadtwanderweg 5\" \/>\n<meta property=\"og:description\" content=\"Wien: Erfahrungsbericht zum Stadtwanderweg 5 von Stammersdorf auf den Bisamberg mit Tipps zum Wegverlauf und Einkehrm\u00f6glichkeiten.\" \/>\n<meta property=\"og:url\" content=\"https:\/\/coeser.de\/blog\/index.php\/2020\/10\/20\/wien-stadtwanderweg-5\/\" \/>\n<meta property=\"og:site_name\" content=\"fern &amp; nah - Reiseblog und Fotostories von Christian \u00d6ser\" \/>\n<meta property=\"article:publisher\" content=\"Christian \u00d6ser\" \/>\n<meta property=\"article:author\" content=\"Christian \u00d6ser\" \/>\n<meta property=\"article:published_time\" content=\"2020-10-20T05:00:14+00:00\" \/>\n<meta property=\"article:modified_time\" content=\"2025-03-04T16:58:13+00:00\" \/>\n<meta property=\"og:image\" content=\"https:\/\/coeser.de\/blog\/wp-content\/uploads\/2020\/10\/wien-stadtwanderweg-5-aufmacher-christian-oeser.jpg\" \/>\n\t<meta property=\"og:image:width\" content=\"978\" \/>\n\t<meta property=\"og:image:height\" content=\"550\" \/>\n\t<meta property=\"og:image:type\" content=\"image\/jpeg\" \/>\n<meta name=\"author\" content=\"Christian \u00d6ser\" \/>\n<meta name=\"twitter:card\" content=\"summary_large_image\" \/>\n<meta name=\"twitter:label1\" content=\"Verfasst von\" \/>\n\t<meta name=\"twitter:data1\" content=\"Christian \u00d6ser\" \/>\n\t<meta name=\"twitter:label2\" content=\"Gesch\u00e4tzte Lesezeit\" \/>\n\t<meta name=\"twitter:data2\" content=\"11\u00a0Minuten\" \/>\n<script type=\"application\/ld+json\" class=\"yoast-schema-graph\">{\"@context\":\"https:\\\/\\\/schema.org\",\"@graph\":[{\"@type\":\"Article\",\"@id\":\"https:\\\/\\\/coeser.de\\\/blog\\\/index.php\\\/2020\\\/10\\\/20\\\/wien-stadtwanderweg-5\\\/#article\",\"isPartOf\":{\"@id\":\"https:\\\/\\\/coeser.de\\\/blog\\\/index.php\\\/2020\\\/10\\\/20\\\/wien-stadtwanderweg-5\\\/\"},\"author\":{\"name\":\"Christian \u00d6ser\",\"@id\":\"https:\\\/\\\/coeser.de\\\/blog\\\/#\\\/schema\\\/person\\\/fda1d253389076b2cadc3d47018cf315\"},\"headline\":\"Wien: Der Stadtwanderweg 5\",\"datePublished\":\"2020-10-20T05:00:14+00:00\",\"dateModified\":\"2025-03-04T16:58:13+00:00\",\"mainEntityOfPage\":{\"@id\":\"https:\\\/\\\/coeser.de\\\/blog\\\/index.php\\\/2020\\\/10\\\/20\\\/wien-stadtwanderweg-5\\\/\"},\"wordCount\":1360,\"commentCount\":1,\"publisher\":{\"@id\":\"https:\\\/\\\/coeser.de\\\/blog\\\/#\\\/schema\\\/person\\\/fda1d253389076b2cadc3d47018cf315\"},\"image\":{\"@id\":\"https:\\\/\\\/coeser.de\\\/blog\\\/index.php\\\/2020\\\/10\\\/20\\\/wien-stadtwanderweg-5\\\/#primaryimage\"},\"thumbnailUrl\":\"https:\\\/\\\/coeser.de\\\/blog\\\/wp-content\\\/uploads\\\/2020\\\/10\\\/wien-stadtwanderweg-5-aufmacher-christian-oeser.jpg\",\"keywords\":[\"Ausflug\",\"Cityguide\",\"Fotospots\",\"Fototipps\",\"\u00d6sterreich\",\"Reisebericht\",\"Reisef\u00fchrer\",\"St\u00e4dtereise\",\"Stadtwanderweg\",\"Wandern\",\"Wien\"],\"articleSection\":[\"\u00d6STERREICH\"],\"inLanguage\":\"de\",\"potentialAction\":[{\"@type\":\"CommentAction\",\"name\":\"Comment\",\"target\":[\"https:\\\/\\\/coeser.de\\\/blog\\\/index.php\\\/2020\\\/10\\\/20\\\/wien-stadtwanderweg-5\\\/#respond\"]}]},{\"@type\":\"WebPage\",\"@id\":\"https:\\\/\\\/coeser.de\\\/blog\\\/index.php\\\/2020\\\/10\\\/20\\\/wien-stadtwanderweg-5\\\/\",\"url\":\"https:\\\/\\\/coeser.de\\\/blog\\\/index.php\\\/2020\\\/10\\\/20\\\/wien-stadtwanderweg-5\\\/\",\"name\":\"Wien: Der Stadtwanderweg 5\",\"isPartOf\":{\"@id\":\"https:\\\/\\\/coeser.de\\\/blog\\\/#website\"},\"primaryImageOfPage\":{\"@id\":\"https:\\\/\\\/coeser.de\\\/blog\\\/index.php\\\/2020\\\/10\\\/20\\\/wien-stadtwanderweg-5\\\/#primaryimage\"},\"image\":{\"@id\":\"https:\\\/\\\/coeser.de\\\/blog\\\/index.php\\\/2020\\\/10\\\/20\\\/wien-stadtwanderweg-5\\\/#primaryimage\"},\"thumbnailUrl\":\"https:\\\/\\\/coeser.de\\\/blog\\\/wp-content\\\/uploads\\\/2020\\\/10\\\/wien-stadtwanderweg-5-aufmacher-christian-oeser.jpg\",\"datePublished\":\"2020-10-20T05:00:14+00:00\",\"dateModified\":\"2025-03-04T16:58:13+00:00\",\"description\":\"Wien: Erfahrungsbericht zum Stadtwanderweg 5 von Stammersdorf auf den Bisamberg mit Tipps zum Wegverlauf und Einkehrm\u00f6glichkeiten.\",\"breadcrumb\":{\"@id\":\"https:\\\/\\\/coeser.de\\\/blog\\\/index.php\\\/2020\\\/10\\\/20\\\/wien-stadtwanderweg-5\\\/#breadcrumb\"},\"inLanguage\":\"de\",\"potentialAction\":[{\"@type\":\"ReadAction\",\"target\":[\"https:\\\/\\\/coeser.de\\\/blog\\\/index.php\\\/2020\\\/10\\\/20\\\/wien-stadtwanderweg-5\\\/\"]}]},{\"@type\":\"ImageObject\",\"inLanguage\":\"de\",\"@id\":\"https:\\\/\\\/coeser.de\\\/blog\\\/index.php\\\/2020\\\/10\\\/20\\\/wien-stadtwanderweg-5\\\/#primaryimage\",\"url\":\"https:\\\/\\\/coeser.de\\\/blog\\\/wp-content\\\/uploads\\\/2020\\\/10\\\/wien-stadtwanderweg-5-aufmacher-christian-oeser.jpg\",\"contentUrl\":\"https:\\\/\\\/coeser.de\\\/blog\\\/wp-content\\\/uploads\\\/2020\\\/10\\\/wien-stadtwanderweg-5-aufmacher-christian-oeser.jpg\",\"width\":978,\"height\":550,\"caption\":\"Schild Stadtwanderweg 5 in Wien\"},{\"@type\":\"BreadcrumbList\",\"@id\":\"https:\\\/\\\/coeser.de\\\/blog\\\/index.php\\\/2020\\\/10\\\/20\\\/wien-stadtwanderweg-5\\\/#breadcrumb\",\"itemListElement\":[{\"@type\":\"ListItem\",\"position\":1,\"name\":\"Startseite\",\"item\":\"https:\\\/\\\/coeser.de\\\/blog\\\/\"},{\"@type\":\"ListItem\",\"position\":2,\"name\":\"Wien: Der Stadtwanderweg 5\"}]},{\"@type\":\"WebSite\",\"@id\":\"https:\\\/\\\/coeser.de\\\/blog\\\/#website\",\"url\":\"https:\\\/\\\/coeser.de\\\/blog\\\/\",\"name\":\"fern &amp; nah - Reiseblog und Fotostories von Christian \u00d6ser\",\"description\":\"Reiseblog und Fotostories von Christian \u00d6ser\",\"publisher\":{\"@id\":\"https:\\\/\\\/coeser.de\\\/blog\\\/#\\\/schema\\\/person\\\/fda1d253389076b2cadc3d47018cf315\"},\"potentialAction\":[{\"@type\":\"SearchAction\",\"target\":{\"@type\":\"EntryPoint\",\"urlTemplate\":\"https:\\\/\\\/coeser.de\\\/blog\\\/?s={search_term_string}\"},\"query-input\":{\"@type\":\"PropertyValueSpecification\",\"valueRequired\":true,\"valueName\":\"search_term_string\"}}],\"inLanguage\":\"de\"},{\"@type\":[\"Person\",\"Organization\"],\"@id\":\"https:\\\/\\\/coeser.de\\\/blog\\\/#\\\/schema\\\/person\\\/fda1d253389076b2cadc3d47018cf315\",\"name\":\"Christian \u00d6ser\",\"image\":{\"@type\":\"ImageObject\",\"inLanguage\":\"de\",\"@id\":\"https:\\\/\\\/coeser.de\\\/blog\\\/wp-content\\\/uploads\\\/2016\\\/08\\\/logo-fern-und-nah-christian-oeser-4.jpg\",\"url\":\"https:\\\/\\\/coeser.de\\\/blog\\\/wp-content\\\/uploads\\\/2016\\\/08\\\/logo-fern-und-nah-christian-oeser-4.jpg\",\"contentUrl\":\"https:\\\/\\\/coeser.de\\\/blog\\\/wp-content\\\/uploads\\\/2016\\\/08\\\/logo-fern-und-nah-christian-oeser-4.jpg\",\"width\":1090,\"height\":245,\"caption\":\"Christian \u00d6ser\"},\"logo\":{\"@id\":\"https:\\\/\\\/coeser.de\\\/blog\\\/wp-content\\\/uploads\\\/2016\\\/08\\\/logo-fern-und-nah-christian-oeser-4.jpg\"},\"sameAs\":[\"http:\\\/\\\/www.coeser.de\",\"Christian \u00d6ser\",\"https:\\\/\\\/www.instagram.com\\\/coeser_de\\\/\",\"https:\\\/\\\/www.pinterest.at\\\/nightline5\\\/\"],\"url\":\"https:\\\/\\\/coeser.de\\\/blog\\\/index.php\\\/author\\\/coeser\\\/\"}]}<\/script>\n<!-- \/ Yoast SEO plugin. -->","yoast_head_json":{"title":"Wien: Der Stadtwanderweg 5","description":"Wien: Erfahrungsbericht zum Stadtwanderweg 5 von Stammersdorf auf den Bisamberg mit Tipps zum Wegverlauf und Einkehrm\u00f6glichkeiten.","robots":{"index":"index","follow":"follow","max-snippet":"max-snippet:-1","max-image-preview":"max-image-preview:large","max-video-preview":"max-video-preview:-1"},"canonical":"https:\/\/coeser.de\/blog\/index.php\/2020\/10\/20\/wien-stadtwanderweg-5\/","og_locale":"de_DE","og_type":"article","og_title":"Wien: Der Stadtwanderweg 5","og_description":"Wien: Erfahrungsbericht zum Stadtwanderweg 5 von Stammersdorf auf den Bisamberg mit Tipps zum Wegverlauf und Einkehrm\u00f6glichkeiten.","og_url":"https:\/\/coeser.de\/blog\/index.php\/2020\/10\/20\/wien-stadtwanderweg-5\/","og_site_name":"fern &amp; nah - Reiseblog und Fotostories von Christian \u00d6ser","article_publisher":"Christian \u00d6ser","article_author":"Christian \u00d6ser","article_published_time":"2020-10-20T05:00:14+00:00","article_modified_time":"2025-03-04T16:58:13+00:00","og_image":[{"width":978,"height":550,"url":"https:\/\/coeser.de\/blog\/wp-content\/uploads\/2020\/10\/wien-stadtwanderweg-5-aufmacher-christian-oeser.jpg","type":"image\/jpeg"}],"author":"Christian \u00d6ser","twitter_card":"summary_large_image","twitter_misc":{"Verfasst von":"Christian \u00d6ser","Gesch\u00e4tzte Lesezeit":"11\u00a0Minuten"},"schema":{"@context":"https:\/\/schema.org","@graph":[{"@type":"Article","@id":"https:\/\/coeser.de\/blog\/index.php\/2020\/10\/20\/wien-stadtwanderweg-5\/#article","isPartOf":{"@id":"https:\/\/coeser.de\/blog\/index.php\/2020\/10\/20\/wien-stadtwanderweg-5\/"},"author":{"name":"Christian \u00d6ser","@id":"https:\/\/coeser.de\/blog\/#\/schema\/person\/fda1d253389076b2cadc3d47018cf315"},"headline":"Wien: Der Stadtwanderweg 5","datePublished":"2020-10-20T05:00:14+00:00","dateModified":"2025-03-04T16:58:13+00:00","mainEntityOfPage":{"@id":"https:\/\/coeser.de\/blog\/index.php\/2020\/10\/20\/wien-stadtwanderweg-5\/"},"wordCount":1360,"commentCount":1,"publisher":{"@id":"https:\/\/coeser.de\/blog\/#\/schema\/person\/fda1d253389076b2cadc3d47018cf315"},"image":{"@id":"https:\/\/coeser.de\/blog\/index.php\/2020\/10\/20\/wien-stadtwanderweg-5\/#primaryimage"},"thumbnailUrl":"https:\/\/coeser.de\/blog\/wp-content\/uploads\/2020\/10\/wien-stadtwanderweg-5-aufmacher-christian-oeser.jpg","keywords":["Ausflug","Cityguide","Fotospots","Fototipps","\u00d6sterreich","Reisebericht","Reisef\u00fchrer","St\u00e4dtereise","Stadtwanderweg","Wandern","Wien"],"articleSection":["\u00d6STERREICH"],"inLanguage":"de","potentialAction":[{"@type":"CommentAction","name":"Comment","target":["https:\/\/coeser.de\/blog\/index.php\/2020\/10\/20\/wien-stadtwanderweg-5\/#respond"]}]},{"@type":"WebPage","@id":"https:\/\/coeser.de\/blog\/index.php\/2020\/10\/20\/wien-stadtwanderweg-5\/","url":"https:\/\/coeser.de\/blog\/index.php\/2020\/10\/20\/wien-stadtwanderweg-5\/","name":"Wien: Der Stadtwanderweg 5","isPartOf":{"@id":"https:\/\/coeser.de\/blog\/#website"},"primaryImageOfPage":{"@id":"https:\/\/coeser.de\/blog\/index.php\/2020\/10\/20\/wien-stadtwanderweg-5\/#primaryimage"},"image":{"@id":"https:\/\/coeser.de\/blog\/index.php\/2020\/10\/20\/wien-stadtwanderweg-5\/#primaryimage"},"thumbnailUrl":"https:\/\/coeser.de\/blog\/wp-content\/uploads\/2020\/10\/wien-stadtwanderweg-5-aufmacher-christian-oeser.jpg","datePublished":"2020-10-20T05:00:14+00:00","dateModified":"2025-03-04T16:58:13+00:00","description":"Wien: Erfahrungsbericht zum Stadtwanderweg 5 von Stammersdorf auf den Bisamberg mit Tipps zum Wegverlauf und Einkehrm\u00f6glichkeiten.","breadcrumb":{"@id":"https:\/\/coeser.de\/blog\/index.php\/2020\/10\/20\/wien-stadtwanderweg-5\/#breadcrumb"},"inLanguage":"de","potentialAction":[{"@type":"ReadAction","target":["https:\/\/coeser.de\/blog\/index.php\/2020\/10\/20\/wien-stadtwanderweg-5\/"]}]},{"@type":"ImageObject","inLanguage":"de","@id":"https:\/\/coeser.de\/blog\/index.php\/2020\/10\/20\/wien-stadtwanderweg-5\/#primaryimage","url":"https:\/\/coeser.de\/blog\/wp-content\/uploads\/2020\/10\/wien-stadtwanderweg-5-aufmacher-christian-oeser.jpg","contentUrl":"https:\/\/coeser.de\/blog\/wp-content\/uploads\/2020\/10\/wien-stadtwanderweg-5-aufmacher-christian-oeser.jpg","width":978,"height":550,"caption":"Schild Stadtwanderweg 5 in Wien"},{"@type":"BreadcrumbList","@id":"https:\/\/coeser.de\/blog\/index.php\/2020\/10\/20\/wien-stadtwanderweg-5\/#breadcrumb","itemListElement":[{"@type":"ListItem","position":1,"name":"Startseite","item":"https:\/\/coeser.de\/blog\/"},{"@type":"ListItem","position":2,"name":"Wien: Der Stadtwanderweg 5"}]},{"@type":"WebSite","@id":"https:\/\/coeser.de\/blog\/#website","url":"https:\/\/coeser.de\/blog\/","name":"fern &amp; nah - Reiseblog und Fotostories von Christian \u00d6ser","description":"Reiseblog und Fotostories von Christian \u00d6ser","publisher":{"@id":"https:\/\/coeser.de\/blog\/#\/schema\/person\/fda1d253389076b2cadc3d47018cf315"},"potentialAction":[{"@type":"SearchAction","target":{"@type":"EntryPoint","urlTemplate":"https:\/\/coeser.de\/blog\/?s={search_term_string}"},"query-input":{"@type":"PropertyValueSpecification","valueRequired":true,"valueName":"search_term_string"}}],"inLanguage":"de"},{"@type":["Person","Organization"],"@id":"https:\/\/coeser.de\/blog\/#\/schema\/person\/fda1d253389076b2cadc3d47018cf315","name":"Christian \u00d6ser","image":{"@type":"ImageObject","inLanguage":"de","@id":"https:\/\/coeser.de\/blog\/wp-content\/uploads\/2016\/08\/logo-fern-und-nah-christian-oeser-4.jpg","url":"https:\/\/coeser.de\/blog\/wp-content\/uploads\/2016\/08\/logo-fern-und-nah-christian-oeser-4.jpg","contentUrl":"https:\/\/coeser.de\/blog\/wp-content\/uploads\/2016\/08\/logo-fern-und-nah-christian-oeser-4.jpg","width":1090,"height":245,"caption":"Christian \u00d6ser"},"logo":{"@id":"https:\/\/coeser.de\/blog\/wp-content\/uploads\/2016\/08\/logo-fern-und-nah-christian-oeser-4.jpg"},"sameAs":["http:\/\/www.coeser.de","Christian \u00d6ser","https:\/\/www.instagram.com\/coeser_de\/","https:\/\/www.pinterest.at\/nightline5\/"],"url":"https:\/\/coeser.de\/blog\/index.php\/author\/coeser\/"}]}},"jetpack_featured_media_url":"https:\/\/coeser.de\/blog\/wp-content\/uploads\/2020\/10\/wien-stadtwanderweg-5-aufmacher-christian-oeser.jpg","jetpack-related-posts":[{"id":19944,"url":"https:\/\/coeser.de\/blog\/index.php\/2023\/06\/11\/wien-stadtwanderweg-9-prater\/","url_meta":{"origin":16370,"position":0},"title":"Wien: Der Stadtwanderweg 9 im Prater","author":"Christian \u00d6ser","date":"11. Juni 2023","format":false,"excerpt":"Der Prater z\u00e4hlt zu den beliebtesten Naherholungsgebieten in Wien. Das weitl\u00e4ufige Gebiet mit seinen wundervollen Auenlandschaften eignet sich perfekt zum Aktivsein und Entspannen in der Natur, w\u00e4hrend parallel im Vergn\u00fcgungspark Wurstelprater Spa\u00df und Unterhaltung f\u00fcr die ganze Familie wartet. Ein H\u00f6hepunkt f\u00fcr Freunde der Bewegung ist der Stadtwanderweg 9, auf\u2026","rel":"","context":"In &quot;\u00d6STERREICH&quot;","block_context":{"text":"\u00d6STERREICH","link":"https:\/\/coeser.de\/blog\/index.php\/category\/europa\/oesterreich\/"},"img":{"alt_text":"Stadtwanderweg 9 im Prater in Wien","src":"https:\/\/i0.wp.com\/coeser.de\/blog\/wp-content\/uploads\/2023\/06\/wien-stadtwanderweg-9-prater-aufmacher-christian-oeser.jpg?resize=350%2C200&ssl=1","width":350,"height":200,"srcset":"https:\/\/i0.wp.com\/coeser.de\/blog\/wp-content\/uploads\/2023\/06\/wien-stadtwanderweg-9-prater-aufmacher-christian-oeser.jpg?resize=350%2C200&ssl=1 1x, https:\/\/i0.wp.com\/coeser.de\/blog\/wp-content\/uploads\/2023\/06\/wien-stadtwanderweg-9-prater-aufmacher-christian-oeser.jpg?resize=525%2C300&ssl=1 1.5x, https:\/\/i0.wp.com\/coeser.de\/blog\/wp-content\/uploads\/2023\/06\/wien-stadtwanderweg-9-prater-aufmacher-christian-oeser.jpg?resize=700%2C400&ssl=1 2x"},"classes":[]},{"id":16662,"url":"https:\/\/coeser.de\/blog\/index.php\/2021\/01\/19\/wien-stadtwanderweg-2-winter\/","url_meta":{"origin":16370,"position":1},"title":"Wien: Der Stadtwanderweg 2 im Winter","author":"Christian \u00d6ser","date":"19. Januar 2021","format":false,"excerpt":"Wenn euch in Wien wieder einmal die Decke auf den Kopf f\u00e4llt, bieten die Stadtwanderwege eine perfekte Gelegenheit, das Hirn auszul\u00fcften und neue Kraft zu tanken. Egal ob Wienerwald, Prater oder einer der anderen lohnenswerten Stadtteile: Die Stadtwanderwege in Wien bringen einfach immer eine willkommene Abwechslung f\u00fcr Geist und Seele!\u2026","rel":"","context":"In &quot;\u00d6STERREICH&quot;","block_context":{"text":"\u00d6STERREICH","link":"https:\/\/coeser.de\/blog\/index.php\/category\/europa\/oesterreich\/"},"img":{"alt_text":"Zwei Wanderer auf dem verschneiten Stadtwanderweg 2 in Wien","src":"https:\/\/i0.wp.com\/coeser.de\/blog\/wp-content\/uploads\/2021\/01\/wien-stadtwanderweg-2-aufmacher-christian-oeser.jpg?resize=350%2C200&ssl=1","width":350,"height":200,"srcset":"https:\/\/i0.wp.com\/coeser.de\/blog\/wp-content\/uploads\/2021\/01\/wien-stadtwanderweg-2-aufmacher-christian-oeser.jpg?resize=350%2C200&ssl=1 1x, https:\/\/i0.wp.com\/coeser.de\/blog\/wp-content\/uploads\/2021\/01\/wien-stadtwanderweg-2-aufmacher-christian-oeser.jpg?resize=525%2C300&ssl=1 1.5x, https:\/\/i0.wp.com\/coeser.de\/blog\/wp-content\/uploads\/2021\/01\/wien-stadtwanderweg-2-aufmacher-christian-oeser.jpg?resize=700%2C400&ssl=1 2x"},"classes":[]},{"id":13892,"url":"https:\/\/coeser.de\/blog\/index.php\/2019\/12\/31\/europa-26-grandiose-reiseideen-fuer-2020\/","url_meta":{"origin":16370,"position":2},"title":"Europa: 26 grandiose Reiseideen f\u00fcr 2020","author":"Christian \u00d6ser","date":"31. Dezember 2019","format":false,"excerpt":"Alle Jahre wieder neigt sich das aktuelle Jahr zu Ende. Doch jedes Ende ist auch ein Anfang \u2013 und zwar f\u00fcr den Start der zuk\u00fcnftigen Reiseplanungen! Wie sieht es bei euch aus, habt ihr schon jede Menge Reiseziele im Kopf, die ihr unbedingt bald einmal mit eigenen Augen sehen wollt?\u2026","rel":"","context":"In &quot;EUROPA&quot;","block_context":{"text":"EUROPA","link":"https:\/\/coeser.de\/blog\/index.php\/category\/europa\/"},"img":{"alt_text":"","src":"https:\/\/i0.wp.com\/coeser.de\/blog\/wp-content\/uploads\/2019\/12\/reisetipps-reiseinspiration-fotospots-2020-aufmacher-christian-oeser.jpg?resize=350%2C200&ssl=1","width":350,"height":200,"srcset":"https:\/\/i0.wp.com\/coeser.de\/blog\/wp-content\/uploads\/2019\/12\/reisetipps-reiseinspiration-fotospots-2020-aufmacher-christian-oeser.jpg?resize=350%2C200&ssl=1 1x, https:\/\/i0.wp.com\/coeser.de\/blog\/wp-content\/uploads\/2019\/12\/reisetipps-reiseinspiration-fotospots-2020-aufmacher-christian-oeser.jpg?resize=525%2C300&ssl=1 1.5x, https:\/\/i0.wp.com\/coeser.de\/blog\/wp-content\/uploads\/2019\/12\/reisetipps-reiseinspiration-fotospots-2020-aufmacher-christian-oeser.jpg?resize=700%2C400&ssl=1 2x"},"classes":[]},{"id":5969,"url":"https:\/\/coeser.de\/blog\/index.php\/2018\/01\/09\/der-bahnwanderweg-am-semmering\/","url_meta":{"origin":16370,"position":3},"title":"Der Bahnwanderweg am Semmering","author":"Christian \u00d6ser","date":"9. Januar 2018","format":false,"excerpt":"In den Wintermonaten schl\u00e4gt das tr\u00fcbe Wetter in einer Gro\u00dfstadt wie Wien schon mal auf das Gem\u00fct. Kein Schnee, daf\u00fcr jede Menge graue Wolken mit Regenschauern und Windb\u00f6en \u2013 Zeit, den Ort zu wechseln! Was gibt es da Besseres f\u00fcr Geist und Seele, als etwas Wandern zu gehen? Als Ziel\u2026","rel":"","context":"In &quot;\u00d6STERREICH&quot;","block_context":{"text":"\u00d6STERREICH","link":"https:\/\/coeser.de\/blog\/index.php\/category\/europa\/oesterreich\/"},"img":{"alt_text":"Der Semmering Bahnwanderweg","src":"https:\/\/i0.wp.com\/coeser.de\/blog\/wp-content\/uploads\/2017\/11\/semmering-bahnwanderweg-aufmacher-christian-oeser.jpg?resize=350%2C200&ssl=1","width":350,"height":200,"srcset":"https:\/\/i0.wp.com\/coeser.de\/blog\/wp-content\/uploads\/2017\/11\/semmering-bahnwanderweg-aufmacher-christian-oeser.jpg?resize=350%2C200&ssl=1 1x, https:\/\/i0.wp.com\/coeser.de\/blog\/wp-content\/uploads\/2017\/11\/semmering-bahnwanderweg-aufmacher-christian-oeser.jpg?resize=525%2C300&ssl=1 1.5x, https:\/\/i0.wp.com\/coeser.de\/blog\/wp-content\/uploads\/2017\/11\/semmering-bahnwanderweg-aufmacher-christian-oeser.jpg?resize=700%2C400&ssl=1 2x"},"classes":[]},{"id":15591,"url":"https:\/\/coeser.de\/blog\/index.php\/2020\/06\/09\/neualplseen-wandertraum-in-osttirol\/","url_meta":{"origin":16370,"position":4},"title":"Neualplseen: Wandertraum in Osttirol","author":"Christian \u00d6ser","date":"9. Juni 2020","format":false,"excerpt":"Wenn es um Urlaub in \u00d6sterreich geht, hat man immer die Qual der Wahl. Jedes der neun Bundesl\u00e4nder bietet derart viel, dass es gar nicht so einfach ist, sich f\u00fcr eine Destination zu entscheiden. Ein Ort in Osttirol hat es mir aber besonders angetan: die Neualplseen in der N\u00e4he der\u2026","rel":"","context":"In &quot;\u00d6STERREICH&quot;","block_context":{"text":"\u00d6STERREICH","link":"https:\/\/coeser.de\/blog\/index.php\/category\/europa\/oesterreich\/"},"img":{"alt_text":"Die Neualplseen auf dem Zettersfeld in Osttirol","src":"https:\/\/i0.wp.com\/coeser.de\/blog\/wp-content\/uploads\/2020\/06\/neualplseen-osttirol-aufmacher-christian-oeser.jpg?resize=350%2C200&ssl=1","width":350,"height":200,"srcset":"https:\/\/i0.wp.com\/coeser.de\/blog\/wp-content\/uploads\/2020\/06\/neualplseen-osttirol-aufmacher-christian-oeser.jpg?resize=350%2C200&ssl=1 1x, https:\/\/i0.wp.com\/coeser.de\/blog\/wp-content\/uploads\/2020\/06\/neualplseen-osttirol-aufmacher-christian-oeser.jpg?resize=525%2C300&ssl=1 1.5x, https:\/\/i0.wp.com\/coeser.de\/blog\/wp-content\/uploads\/2020\/06\/neualplseen-osttirol-aufmacher-christian-oeser.jpg?resize=700%2C400&ssl=1 2x"},"classes":[]},{"id":7819,"url":"https:\/\/coeser.de\/blog\/index.php\/2018\/04\/24\/per-salamander-auf-den-schneeberg\/","url_meta":{"origin":16370,"position":5},"title":"Per Salamander auf den Schneeberg","author":"Christian \u00d6ser","date":"24. April 2018","format":false,"excerpt":"Wenn man in einer Gro\u00dfstadt lebt, denkt man normalerweise nicht sofort an die M\u00f6glichkeit einer schnellen Wanderung. In Wien ist man da jedoch recht privilegiert: neben tollen Wanderwegen am Stadtrand bietet sich vor allem der nur rund eine Stunde entfernte Schneeberg in Nieder\u00f6sterreich f\u00fcr einen Tagesausflug mit Bergerlebnis an \u2013\u2026","rel":"","context":"In &quot;\u00d6STERREICH&quot;","block_context":{"text":"\u00d6STERREICH","link":"https:\/\/coeser.de\/blog\/index.php\/category\/europa\/oesterreich\/"},"img":{"alt_text":"Schneebergbahn in der Station Baumgartner","src":"https:\/\/i0.wp.com\/coeser.de\/blog\/wp-content\/uploads\/2018\/04\/schneebergbahn-aufmacher-salamander-christian-oeser.jpg?resize=350%2C200&ssl=1","width":350,"height":200,"srcset":"https:\/\/i0.wp.com\/coeser.de\/blog\/wp-content\/uploads\/2018\/04\/schneebergbahn-aufmacher-salamander-christian-oeser.jpg?resize=350%2C200&ssl=1 1x, https:\/\/i0.wp.com\/coeser.de\/blog\/wp-content\/uploads\/2018\/04\/schneebergbahn-aufmacher-salamander-christian-oeser.jpg?resize=525%2C300&ssl=1 1.5x, https:\/\/i0.wp.com\/coeser.de\/blog\/wp-content\/uploads\/2018\/04\/schneebergbahn-aufmacher-salamander-christian-oeser.jpg?resize=700%2C400&ssl=1 2x"},"classes":[]}],"jetpack_sharing_enabled":true,"_links":{"self":[{"href":"https:\/\/coeser.de\/blog\/index.php\/wp-json\/wp\/v2\/posts\/16370","targetHints":{"allow":["GET"]}}],"collection":[{"href":"https:\/\/coeser.de\/blog\/index.php\/wp-json\/wp\/v2\/posts"}],"about":[{"href":"https:\/\/coeser.de\/blog\/index.php\/wp-json\/wp\/v2\/types\/post"}],"author":[{"embeddable":true,"href":"https:\/\/coeser.de\/blog\/index.php\/wp-json\/wp\/v2\/users\/1"}],"replies":[{"embeddable":true,"href":"https:\/\/coeser.de\/blog\/index.php\/wp-json\/wp\/v2\/comments?post=16370"}],"version-history":[{"count":3,"href":"https:\/\/coeser.de\/blog\/index.php\/wp-json\/wp\/v2\/posts\/16370\/revisions"}],"predecessor-version":[{"id":23864,"href":"https:\/\/coeser.de\/blog\/index.php\/wp-json\/wp\/v2\/posts\/16370\/revisions\/23864"}],"wp:featuredmedia":[{"embeddable":true,"href":"https:\/\/coeser.de\/blog\/index.php\/wp-json\/wp\/v2\/media\/16372"}],"wp:attachment":[{"href":"https:\/\/coeser.de\/blog\/index.php\/wp-json\/wp\/v2\/media?parent=16370"}],"wp:term":[{"taxonomy":"category","embeddable":true,"href":"https:\/\/coeser.de\/blog\/index.php\/wp-json\/wp\/v2\/categories?post=16370"},{"taxonomy":"post_tag","embeddable":true,"href":"https:\/\/coeser.de\/blog\/index.php\/wp-json\/wp\/v2\/tags?post=16370"}],"curies":[{"name":"wp","href":"https:\/\/api.w.org\/{rel}","templated":true}]}}