{"id":17186,"date":"2021-11-30T07:00:02","date_gmt":"2021-11-30T06:00:02","guid":{"rendered":"https:\/\/coeser.de\/blog\/?p=17186"},"modified":"2022-08-26T17:47:19","modified_gmt":"2022-08-26T15:47:19","slug":"interrail-genussreise-durch-europa","status":"publish","type":"post","link":"https:\/\/coeser.de\/blog\/index.php\/2021\/11\/30\/interrail-genussreise-durch-europa\/","title":{"rendered":"Interrail: Genussreise durch Europa"},"content":{"rendered":"<p><strong>Mit dem Zug durch ganz Europa reisen, ohne sich andauernd um Tickets k\u00fcmmern zu m\u00fcssen? Das geht mit Interrail! Das Konzept wird oftmals nur mit Jugendlichen in Verbindung gebracht, ist aber auf jedes Alter zugeschnitten. Um europ\u00e4ische L\u00e4nder und St\u00e4dte flexibel sowie g\u00fcnstig kennenzulernen, ist Interrail wirklich eine exzellente Art zu reisen. Gemeinsam mit meiner Freundin f\u00fchrte ich mit dem Zug eine gem\u00fctliche und entspannte Interrail-Genussreise mit Stopps in sechs Metropolen durch. Meine Erfahrungen dazu findet ihr in diesem Reisebericht!<\/strong><br \/>\n<!--more--><\/p>\n<div class=\"highlights\">\n<h3>Was dich bei Interrail erwartet<\/h3>\n<p>Die M\u00f6glichkeit, mit einem einzigen Zugticket durch ganz Europa zu fahren<\/p>\n<p>Viele neue Eindr\u00fccke und Erlebnisse innerhalb kurzer Zeit<\/p>\n<p>Die Flexibilit\u00e4t, sich nicht auf ein bestimmtes Ziel festlegen zu m\u00fcssen<\/p>\n<p>Die Freiheit, an einem Ort so lange bleiben zu k\u00f6nnen, wie man will<\/p>\n<p>Eine umweltschonende und angenehme Art zu reisen<\/p>\n<\/div>\n<p>&nbsp;<\/p>\n<p><em><span style=\"color: #0000ff;\">Dieser Artikel wurde zuletzt am 26. August 2022 aktualisiert.<\/span><\/em><\/p>\n\n<hr \/>\n<div class=\"fakten\">\n<h2><strong>PER INTERRAIL DURCH EUROPA<br \/>\n<\/strong><\/h2>\n<h3>FAKTEN<\/h3>\n<p><strong>Reisezeit: <\/strong>8 Tage, 7 \u00dcbernachtungen<br \/>\n<strong>Ausgangs- und Endpunkt: <\/strong>Wien Hauptbahnhof<br \/>\n<strong>Bereiste L\u00e4nder:<\/strong> 6 (\u00d6sterreich, Deutschland, Frankreich, Belgien, Niederlande, Tschechien)<br \/>\n<strong>Anzahl Z\u00fcge:<\/strong> 7 (1x ICE, 1x TGV, 2x THALYS, 1x Intercity, 1x Eurocity, 1x Railjet)<br \/>\n<strong>Zur\u00fcckgelegte Kilometer:<\/strong> 2.826<br \/>\n<strong>Zur\u00fcckgelegte Zeit in Z\u00fcgen:<\/strong> 1 Tag, 5 Stunden, 6 Minuten<\/p>\n<p>Ausgehend von <strong>Wien<\/strong> ging es mit dem ICE nach <strong>Frankfurt am Main<\/strong> (1 \u00dcbernachtung), von dort mit dem TGV weiter nach <strong>Paris<\/strong> (2 \u00dcbernachtungen), gefolgt von zwei Fahrten mit dem THALYS nach <strong>Br\u00fcssel<\/strong> und gleich am selben Tag weiter nach <strong>Amsterdam<\/strong> (2 \u00dcbernachtungen). Mit einem Intercity fuhren wir nach <strong>Berlin<\/strong> (1 \u00dcbernachtung) und schlussendlich mittels Eurocity noch nach <strong>Prag<\/strong> (1 \u00dcbernachtung), bevor die letzte Fahrt mit einem Railjet uns zur\u00fcck nach <strong>Wien<\/strong> brachte. Die Fahrtrichtung spielt dabei aus meiner Sicht keine Rolle und ist sicherlich in beide Richtungen reizvoll. <strong>Viel Spa\u00df beim Lesen des folgenden Erfahrungsberichts zu Interrail!<\/strong><\/p>\n<p><img loading=\"lazy\" decoding=\"async\" class=\"alignnone size-full wp-image-17205\" src=\"https:\/\/coeser.de\/blog\/wp-content\/uploads\/2021\/11\/interrail-europa-route-karte-christian-oeser.jpg\" alt=\"Karte einer Interrail-Route durch Europa\" width=\"920\" height=\"493\" srcset=\"https:\/\/coeser.de\/blog\/wp-content\/uploads\/2021\/11\/interrail-europa-route-karte-christian-oeser.jpg 920w, https:\/\/coeser.de\/blog\/wp-content\/uploads\/2021\/11\/interrail-europa-route-karte-christian-oeser-768x412.jpg 768w\" sizes=\"auto, (max-width: 920px) 100vw, 920px\" \/><\/p>\n<\/div>\n<div class=\"extern\">\n<h3>TRANSPARENZHINWEIS<\/h3>\n<p>*Die mit Stern gekennzeichneten Verweise in diesem Blogartikel sind sogenannte Affiliate-Links. Wenn euch mein Blogartikel bei der Planung eurer Reise geholfen hat, freue ich mich, wenn ihr \u00fcber diese Links eure Unterkunft oder Freizeitaktivit\u00e4ten bucht. Ich erhalte dadurch eine kleine Provision und ihr unterst\u00fctzt den Erhalt dieses Blogs. F\u00fcr euch entstehen dabei selbstverst\u00e4ndlich keine Nachteile. Vielen Dank! \ud83d\ude42<\/p>\n<\/div>\n<p>&nbsp;<\/p>\n<h2><img loading=\"lazy\" decoding=\"async\" class=\"alignnone size-full wp-image-17209\" src=\"https:\/\/coeser.de\/blog\/wp-content\/uploads\/2021\/11\/interrail-europa-aufmacher1-ice-christian-oeser.jpg\" alt=\"ICE der Deutschen Bahn\" width=\"970\" height=\"323\" srcset=\"https:\/\/coeser.de\/blog\/wp-content\/uploads\/2021\/11\/interrail-europa-aufmacher1-ice-christian-oeser.jpg 970w, https:\/\/coeser.de\/blog\/wp-content\/uploads\/2021\/11\/interrail-europa-aufmacher1-ice-christian-oeser-768x256.jpg 768w\" sizes=\"auto, (max-width: 970px) 100vw, 970px\" \/><\/h2>\n<h2>Interrail: Flexibel im Zug von Stadt zu Stadt<\/h2>\n<p>F\u00fcr <strong>Jugendliche<\/strong> ist es sicherlich ein Traum, mit einem einzigen Zugticket durch ganz Europa zu pilgern und vielleicht zum ersten Mal allein aufregende Entscheidungen zu treffen. Doch das Konzept von Interrail ist keinesfalls nur f\u00fcr junge Menschen gedacht. Auch als <strong>Erwachsener oder Senior<\/strong> ist ein Interrail-Ticket eine hervorragende M\u00f6glichkeit, flexibel und mit wenig Aufwand die Sch\u00f6nheiten Europas kennenzulernen. Meine Freundin und ich st\u00fcrzten uns acht Tage in das Abenteuer und durchquerten ausgehend von Wien ohne konkreten Plan Deutschland, Frankreich, Belgien, die Niederlande und Tschechien. Die jeweils n\u00e4chste Destination legten wir immer erst ein bis zwei Tage im Voraus fest.<\/p>\n<h3>Wie funktioniert Interrail?<\/h3>\n<p>Mit einem Interrail-Pass k\u00f6nnt ihr eine bestimmte Anzahl an Tagen mit allen Z\u00fcgen (und teils sogar F\u00e4hren) quer durch Europa fahren. Das Gute: Die Tage m\u00fcssen (je nach Passart) nicht unbedingt zusammenh\u00e4ngen! Es gibt sowohl Interrail-P\u00e4sse, die nur in einem einzigen Land gelten (<strong>Interrail Ein-L\u00e4nder-Pass<\/strong>), als auch den <strong>Interrail Global Pass<\/strong>, der in 33 L\u00e4ndern gilt. Meine Freundin und ich w\u00e4hlten den Global Pass. F\u00fcr beide Arten des Interrail-Passes habt ihr dann mehrere M\u00f6glichkeiten, wie lange dieser g\u00fcltig sein soll. Auf der Webseite <strong><a href=\"https:\/\/www.interrail.eu\/de\/interrail-passes\" target=\"_blank\" rel=\"noopener\">interrail.eu<\/a><\/strong> findet ihr die m\u00f6glichen Varianten. Wir w\u00e4hlten beispielsweise die Option \u201e<strong>5 Tage innerhalb von 1 Monat<\/strong>\u201c. Das bedeutet, dass wir ab dem ersten, selbst festgelegten Reisetag insgesamt f\u00fcnf Tage zur freien Wahl hatten, an denen unser Pass in ganz Europa gelten soll.<\/p>\n<h3>Warum Interrail?<\/h3>\n<p>Schon immer empfand ich <strong>Zugreisen als \u00e4u\u00dferst entspannend<\/strong> und <strong>Flugreisen als stressig und nervenaufreibend<\/strong> \u2013 trotz der schnelleren Ankunft am Zielort. Im Zug kann ich mich relativ frei bewegen, arbeiten, Zeit im Speisewagen verbringen oder einfach die Landschaft an mir vorbeiziehen lassen und entspannen. Im Flugzeug ist das alles nicht oder nur extrem eingeengt m\u00f6glich, noch dazu kommen vor und nach dem Flug mitunter lange Anfahrtszeiten zum Flughafen und jede Menge Wartezeit vor Ort hinzu. Einfach zusammengefasst: <strong>Im Zug l\u00e4sst sich die Vorfreude und das Erlebte einfach besser verarbeiten als im Flieger<\/strong> \u2013 inklusive einer bewussten Ruhephase f\u00fcr den Geist durch die langsamere Art zu reisen.<\/p>\n<h3>Die \u00dcberlegungen vor dem Start<\/h3>\n<p>Die schwierigste Frage galt es f\u00fcr meine Freundin und mich gleich zu Beginn zu kl\u00e4ren: <strong>Wohin starten wir unsere Reise?<\/strong> Der Ausgangspunkt war unsere Heimatstadt Wien und wir hatten exakt acht Tage Urlaub zur Verf\u00fcgung. Das ist zwar nicht wenig, aber auch nicht sonderlich viel f\u00fcr eine ausgiebige Entdeckungsreise durch Europa \u2013 je mehr Zeit ihr also habt, desto besser! In unserem Fokus lagen jedenfalls der entspannte Genuss und das Abenteuer, nicht zu wissen, wo es uns \u00fcberall hin verschlagen w\u00fcrde. Das ausf\u00fchrliche Erkunden kompletter St\u00e4dte stand dagegen nicht auf dem Programm. Erst am Wiener Hauptbahnhof legten wir nach dem Kauf des Interrail-Tickets schlussendlich Frankfurt am Main als erstes Ziel fest, da wir von dort problemlos in alle Himmelsrichtungen Europas weiterfahren konnten.<\/p>\n<div class=\"tipps\">\n<h3>ALLGEMEINE TIPPS ZU INTERRAIL<\/h3>\n<p><strong>Je mehr Zeit ihr f\u00fcr eure Reise habt, desto besser!<\/strong> Mit acht Tagen war unser Trip eigentlich schon recht knapp bemessen. Da wir aber alle sechs angesteuerten Ziele schon bei fr\u00fcheren Besuchen intensiv erkundeten, konnten wir diesmal den Fokus rein auf das Sich-treiben-lassen und Genie\u00dfen legen.<\/p>\n<p>Die Interrail-P\u00e4sse sind sowohl <strong>online<\/strong> als auch am <strong>Bahnhofsschalter<\/strong> erh\u00e4ltlich. Zugunsten einer sch\u00f6nen, greifbaren Erinnerung entschieden wir uns f\u00fcr das Papierticket vom Bahnhof.<\/p>\n<p>Vor oder gleich nach dem Einsteigen in den Zug m\u00fcsst ihr das <strong>Datum des Reisetags<\/strong> eintragen, um den Interrail-Pass zu aktivieren. <strong>Auch die genutzte Zugverbindung muss unbedingt eingetragen werden (siehe Bild unten).<\/strong><\/p>\n<p>Beim <strong>Interrail Global Pass<\/strong> ist sowohl die <strong>Fahrt vom als auch zur\u00fcck ins Heimatland einmalig inkludiert<\/strong>. Beim <strong>Interrail Ein-L\u00e4nder-Pass<\/strong> ist das nicht der Fall und der <strong>Pass gilt ausschlie\u00dflich f\u00fcr das gew\u00e4hlte Zielland<\/strong>!<\/p>\n<p>In einigen St\u00e4dten k\u00f6nnt ihr mit eurem Interrail-Pass auch einen <strong>Teil des \u00f6ffentlichen Verkehrs<\/strong> nutzen. Beispiel Berlin: das S-Bahn-Netz wird von der Deutschen Bahn (DB) betrieben und ist deshalb Teil von Interrail. Die U-Bahnen, Stra\u00dfenbahnen und Busse werden allerdings von den Berliner Verkehrsbetrieben (BVG) betrieben und ihr ben\u00f6tigt ein eigenes Ticket. <strong>In welchen L\u00e4ndern welche Bahnen (und F\u00e4hren) inkludiert sind<\/strong>, k\u00f6nnt ihr auf der Seite <a href=\"https:\/\/www.interrail.eu\/de\/plan-your-trip\/trains-europe\/railway-companies\" target=\"_blank\" rel=\"noopener\">interrail.eu<\/a> nachsehen.<\/p>\n<p><strong>F\u00fcr viele Hochgeschwindigkeitsz\u00fcge in Europa m\u00fcsst ihr zwingend eine Platzreservierung kaufen.<\/strong> Diese erhaltet ihr entweder \u00fcber die Interrail-App (siehe n\u00e4chster Punkt), \u00fcber die Webseiten der jeweiligen Bahngesellschaften oder direkt am Bahnhof am Schalter. Beachtet bei eurer Reiseplanung, dass manche Strecken oft mehrere Tage im Voraus stark gebucht sein k\u00f6nnen! Ich empfehle euch aus eigener Erfahrung generell, Reservierungen vorzunehmen \u2013 auch f\u00fcr Z\u00fcge, in denen keine Reservierungspflicht besteht.<\/p>\n<p>Ladet euch die <strong>Interrail-App Eurail\/Interrail Rail Planner<\/strong> (<strong><a href=\"https:\/\/itunes.apple.com\/gb\/app\/rail-planner-eurail-interrail\/id579547877\" target=\"_blank\" rel=\"noopener\">Download f\u00fcr iOS<\/a><\/strong>, <strong><a href=\"https:\/\/play.google.com\/store\/apps\/details?id=org.eurail.railplanner\" target=\"_blank\" rel=\"noopener\">Download f\u00fcr Android<\/a><\/strong>) herunter, um euren Interrail-Pass in der App zu hinterlegen und eure Reiseplanung an einem zentralen Ort durchf\u00fchren zu k\u00f6nnen. Die App ist sehr hilfreich, um Zugverbindungen zu finden und gleich zu sehen, ob eine Reservierung ben\u00f6tigt wird. Wie ihr diese durchf\u00fchren k\u00f6nnt, seht ihr in der App unter &#8222;More &#8211; Seat reservations&#8220;. W\u00e4hlt dazu das entsprechende Land aus und schaut, ob eine Reservierung auf einer Webseite des entsprechenden Bahnunternehmens oder direkt \u00fcber die Interrail-App (Registrierung erforderlich) m\u00f6glich ist.<\/p>\n<p>Ein weiterer Pluspunkt der Interrail-App sind <strong>Statistiken \u00fcber eure Reiseroute<\/strong>, die auch visuell auf einer Karte dargestellt wird.<\/p>\n<p><strong>Gep\u00e4ck<\/strong> mitschleppen ist immer nervig. Am besten ladet ihr euren Rucksack oder Koffer entweder gleich in eurer <strong>Unterkunft<\/strong> ab oder sperrt es in einem <strong>Schlie\u00dffach am Bahnhof<\/strong> ein, wenn ihr nur einige Stunden in einer Stadt seid.<\/p>\n<div id='gallery-1' class='gallery galleryid-17186 gallery-columns-7 gallery-size-thumbnail'><figure class='gallery-item'>\n\t\t\t<div class='gallery-icon landscape'>\n\t\t\t\t<a href='https:\/\/coeser.de\/blog\/wp-content\/uploads\/2021\/11\/interrail-europa-tipps-gal01-interrail-pass-christian-oeser.jpg' title=\"Beispiel f\u00fcr Interrail Global Pass und Zugreservierung\" data-rl_title=\"Beispiel f\u00fcr Interrail Global Pass und Zugreservierung\" class=\"rl-gallery-link\" data-rl_caption=\"\" data-rel=\"lightbox-gallery-1\"><img loading=\"lazy\" decoding=\"async\" width=\"150\" height=\"150\" src=\"https:\/\/coeser.de\/blog\/wp-content\/uploads\/2021\/11\/interrail-europa-tipps-gal01-interrail-pass-christian-oeser-150x150.jpg\" class=\"attachment-thumbnail size-thumbnail\" alt=\"Beispiel f\u00fcr Interrail Global Pass und Zugreservierung\" aria-describedby=\"gallery-1-17271\" \/><\/a>\n\t\t\t<\/div>\n\t\t\t\t<figcaption class='wp-caption-text gallery-caption' id='gallery-1-17271'>\n\t\t\t\tBeispiele f\u00fcr eine notwendige Zugreservierung von Frankfurt nach Paris und der Interrail Global Pass in Papierform mit eingetragenen Zugfahrten und Tagen, an denen er g\u00fcltig sein soll\n\t\t\t\t<\/figcaption><\/figure><figure class='gallery-item'>\n\t\t\t<div class='gallery-icon landscape'>\n\t\t\t\t<a href='https:\/\/coeser.de\/blog\/wp-content\/uploads\/2021\/11\/interrail-europa-tipps-gal002-interrail-pass-christian-oeser.jpg' title=\"Screenshots der Interrail-App Rail Planner\" data-rl_title=\"Screenshots der Interrail-App Rail Planner\" class=\"rl-gallery-link\" data-rl_caption=\"\" data-rel=\"lightbox-gallery-1\"><img loading=\"lazy\" decoding=\"async\" width=\"150\" height=\"150\" src=\"https:\/\/coeser.de\/blog\/wp-content\/uploads\/2021\/11\/interrail-europa-tipps-gal002-interrail-pass-christian-oeser-150x150.jpg\" class=\"attachment-thumbnail size-thumbnail\" alt=\"Screenshots der Interrail-App Rail Planner\" aria-describedby=\"gallery-1-17273\" \/><\/a>\n\t\t\t<\/div>\n\t\t\t\t<figcaption class='wp-caption-text gallery-caption' id='gallery-1-17273'>\n\t\t\t\tIn der Interrail-App Rail Planner recherchiert ihr Zugverbindungen, seht sofort eine eventuelle Reservierungspflicht und k\u00f6nnt diese auch gleich online durchf\u00fchren\n\t\t\t\t<\/figcaption><\/figure>\n\t\t<\/div>\n\n<\/div>\n<p>&nbsp;<\/p>\n<div class=\"fakten\">\n<h2><img loading=\"lazy\" decoding=\"async\" class=\"alignnone size-full wp-image-17211\" src=\"https:\/\/coeser.de\/blog\/wp-content\/uploads\/2021\/11\/interrail-europa-aufmacher2-frankfurt-skyline-christian-oeser.jpg\" alt=\"Skyline von Frankfurt\/Main\" width=\"920\" height=\"307\" srcset=\"https:\/\/coeser.de\/blog\/wp-content\/uploads\/2021\/11\/interrail-europa-aufmacher2-frankfurt-skyline-christian-oeser.jpg 920w, https:\/\/coeser.de\/blog\/wp-content\/uploads\/2021\/11\/interrail-europa-aufmacher2-frankfurt-skyline-christian-oeser-768x256.jpg 768w\" sizes=\"auto, (max-width: 920px) 100vw, 920px\" \/><\/h2>\n<h2><strong>INTERRAIL TAG 1-2: FRANKFURT\/MAIN<\/strong><\/h2>\n<p><strong>Aufenthalt: <\/strong>1 \u00dcbernachtung<br \/>\n<strong>Zugart: <\/strong>ICE<br \/>\n<strong>Reservierung: <\/strong>nicht erforderlich, aber dringend empfohlen<br \/>\n<strong>Distanz und Fahrzeit:<\/strong> 598 Kilometer, 6:24h<br \/>\n<strong>Komfort:<\/strong> sehr gut<br \/>\n<strong>Unterkunft:<\/strong> <a href=\"https:\/\/www.booking.com\/hotel\/de\/motel-one-frankfurt-romer.de.html?aid=1634405\" target=\"_blank\" rel=\"noopener\"><strong>Hotel Motel One Frankfurt-R\u00f6mer<\/strong><\/a><strong>*<\/strong> (<em>Berliner Stra\u00dfe 55<\/em>): super Lage am Rand der Altstadt, in f\u00fcnf Minuten am R\u00f6mer, sehr gute Schallschutzfenster, Blick auf Hochh\u00e4user, kleine aber nicht beengende Zimmer, modern und stilvoll eingerichtet, sauber, sch\u00f6nes Bad, Highspeed WLAN Upload\/Download, Fr\u00fchst\u00fcck nicht gebucht. <em>Weiterempfehlung?<\/em> <strong>JA!<\/strong><br \/>\n<strong>Auf meiner bevorzugten Hotelsuchmaschine booking.com findet ihr weitere <a href=\"https:\/\/www.booking.com\/searchresults.de.html?city=-1771148&amp;aid=1634405&amp;no_rooms=1&amp;group_adults=2\" target=\"_blank\" rel=\"noopener\">sch\u00f6ne Unterk\u00fcnfte in Frankfurt<\/a>*!<\/strong><\/p>\n<div id='gallery-2' class='gallery galleryid-17186 gallery-columns-7 gallery-size-thumbnail'><figure class='gallery-item'>\n\t\t\t<div class='gallery-icon landscape'>\n\t\t\t\t<a href='https:\/\/coeser.de\/blog\/wp-content\/uploads\/2021\/11\/interrail-europa-frankfurt-hotel-motel-one-gal01-christian-oeser.jpg' title=\"Au\u00dfenansicht des Hotel Motel One Frankfurt-R\u00f6mer\" data-rl_title=\"Au\u00dfenansicht des Hotel Motel One Frankfurt-R\u00f6mer\" class=\"rl-gallery-link\" data-rl_caption=\"Aufnahmeort anzeigen\" data-rel=\"lightbox-gallery-2\"><img loading=\"lazy\" decoding=\"async\" width=\"150\" height=\"150\" src=\"https:\/\/coeser.de\/blog\/wp-content\/uploads\/2021\/11\/interrail-europa-frankfurt-hotel-motel-one-gal01-christian-oeser-150x150.jpg\" class=\"attachment-thumbnail size-thumbnail\" alt=\"Au\u00dfenansicht des Hotel Motel One Frankfurt-R\u00f6mer\" aria-describedby=\"gallery-2-17213\" \/><\/a>\n\t\t\t<\/div>\n\t\t\t\t<figcaption class='wp-caption-text gallery-caption' id='gallery-2-17213'>\n\t\t\t\tAu\u00dfenansicht des Hotel Motel One Frankfurt-R\u00f6mer\n\t\t\t\t<\/figcaption><\/figure><figure class='gallery-item'>\n\t\t\t<div class='gallery-icon landscape'>\n\t\t\t\t<a href='https:\/\/coeser.de\/blog\/wp-content\/uploads\/2021\/11\/interrail-europa-frankfurt-hotel-motel-one-gal02-christian-oeser.jpg' title=\"Doppelzimmer im Hotel Motel One Frankfurt-R\u00f6mer\" data-rl_title=\"Doppelzimmer im Hotel Motel One Frankfurt-R\u00f6mer\" class=\"rl-gallery-link\" data-rl_caption=\"Aufnahmeort anzeigen\" data-rel=\"lightbox-gallery-2\"><img loading=\"lazy\" decoding=\"async\" width=\"150\" height=\"150\" src=\"https:\/\/coeser.de\/blog\/wp-content\/uploads\/2021\/11\/interrail-europa-frankfurt-hotel-motel-one-gal02-christian-oeser-150x150.jpg\" class=\"attachment-thumbnail size-thumbnail\" alt=\"Doppelzimmer im Hotel Motel One Frankfurt-R\u00f6mer\" aria-describedby=\"gallery-2-17214\" \/><\/a>\n\t\t\t<\/div>\n\t\t\t\t<figcaption class='wp-caption-text gallery-caption' id='gallery-2-17214'>\n\t\t\t\tDoppelzimmer im Hotel Motel One Frankfurt-R\u00f6mer\n\t\t\t\t<\/figcaption><\/figure><figure class='gallery-item'>\n\t\t\t<div class='gallery-icon landscape'>\n\t\t\t\t<a href='https:\/\/coeser.de\/blog\/wp-content\/uploads\/2021\/11\/interrail-europa-frankfurt-hotel-motel-one-gal03-christian-oeser.jpg' title=\"Bad im Doppelzimmer im Hotel Motel One Frankfurt-R\u00f6mer\" data-rl_title=\"Bad im Doppelzimmer im Hotel Motel One Frankfurt-R\u00f6mer\" class=\"rl-gallery-link\" data-rl_caption=\"Aufnahmeort anzeigen\" data-rel=\"lightbox-gallery-2\"><img loading=\"lazy\" decoding=\"async\" width=\"150\" height=\"150\" src=\"https:\/\/coeser.de\/blog\/wp-content\/uploads\/2021\/11\/interrail-europa-frankfurt-hotel-motel-one-gal03-christian-oeser-150x150.jpg\" class=\"attachment-thumbnail size-thumbnail\" alt=\"Bad im Doppelzimmer im Hotel Motel One Frankfurt-R\u00f6mer\" aria-describedby=\"gallery-2-17215\" \/><\/a>\n\t\t\t<\/div>\n\t\t\t\t<figcaption class='wp-caption-text gallery-caption' id='gallery-2-17215'>\n\t\t\t\tBad im Doppelzimmer im Hotel Motel One Frankfurt-R\u00f6mer\n\t\t\t\t<\/figcaption><\/figure><figure class='gallery-item'>\n\t\t\t<div class='gallery-icon landscape'>\n\t\t\t\t<a href='https:\/\/coeser.de\/blog\/wp-content\/uploads\/2021\/11\/interrail-europa-frankfurt-hotel-motel-one-gal04-christian-oeser.jpg' title=\"Blick vom Doppelzimmer im Hotel Motel One Frankfurt-R\u00f6mer auf die Skyline\" data-rl_title=\"Blick vom Doppelzimmer im Hotel Motel One Frankfurt-R\u00f6mer auf die Skyline\" class=\"rl-gallery-link\" data-rl_caption=\"Aufnahmeort anzeigen\" data-rel=\"lightbox-gallery-2\"><img loading=\"lazy\" decoding=\"async\" width=\"150\" height=\"150\" src=\"https:\/\/coeser.de\/blog\/wp-content\/uploads\/2021\/11\/interrail-europa-frankfurt-hotel-motel-one-gal04-christian-oeser-150x150.jpg\" class=\"attachment-thumbnail size-thumbnail\" alt=\"Blick vom Doppelzimmer im Hotel Motel One Frankfurt-R\u00f6mer auf die Skyline\" aria-describedby=\"gallery-2-17216\" \/><\/a>\n\t\t\t<\/div>\n\t\t\t\t<figcaption class='wp-caption-text gallery-caption' id='gallery-2-17216'>\n\t\t\t\tBlick vom Doppelzimmer im Hotel Motel One Frankfurt-R\u00f6mer auf die Skyline\n\t\t\t\t<\/figcaption><\/figure>\n\t\t<\/div>\n\n<\/div>\n<h2>Alle wollen nach Frankfurt<\/h2>\n<p>Aufregender Start am Wiener Hauptbahnhof! Nachdem wir uns bis kurz vor der morgendlichen Abfahrt nicht komplett auf das erste Ziel festlegen wollten (N\u00fcrnberg stand etwa auch zur Debatte), reservierten wir keinen Sitzplatz f\u00fcr den ICE in Richtung Frankfurt am Main. Montagmorgen, wer f\u00e4hrt da schon nach Deutschland? Tja, falsch gedacht: der Zug war komplett ausreserviert und selbst der Zugbegleiter war \u00fcberrascht, wie voll die Belegung bereits ab Wien war. Mit letzter Not ergatterten wir einen Platz im Speisewagen, den wir bis Frankfurt nicht mehr verlie\u00dfen und uns die mehr als sechsst\u00fcndige Fahrt eben mit Kaffee, Wasser, Bier und Snacks vertrieben.<\/p>\n<h3>Hui und pfui in Frankfurt<\/h3>\n<p>Frankfurt bot uns dann nach dem Aussteigen zun\u00e4chst ein wenig berauschendes Bild. Rund um den Bahnhof hielten sich viele dubiose Personen auf, umgeben von zweifelhaften Gesch\u00e4ften und Lokalen. Nicht nur deshalb waren wir froh, unser <a href=\"https:\/\/www.booking.com\/hotel\/de\/motel-one-frankfurt-romer.de.html?aid=1634405\" target=\"_blank\" rel=\"noopener\"><strong>Hotel Motel One<\/strong><\/a>* abseits des Bahnhofs in unmittelbarer N\u00e4he zur Altstadt gebucht zu haben. Nach rund 15 Minuten Fu\u00dfweg checkten wir schnell ein und suchten dann sofort ein Lokal zum Essen. Mit einem guten Steak bei <strong>Block House<\/strong> (<em>B\u00f6rsenplatz 5<\/em>) im Bauch ging es dann noch zur Hauptattraktion der Stadt, dem <strong>R\u00f6mer<\/strong>. Dieser wundersch\u00f6ne Platz l\u00e4dt mit seinen zahlreichen Fachwerkh\u00e4usern zum Verweilen ein. Normalerweise meiden wir Touristenlokale, hier aber passte die Situation und wir probierten bei <strong>R\u00f6mer-Bembel<\/strong> (<em>R\u00f6merberg 20-22<\/em>) noch einen \u201e<strong>Blemel<\/strong>\u201c &#8211; ein typischer Frankfurter Tonkrug, gef\u00fcllt mit <strong>\u201eEbbelwei\u201c (Apfelwein)<\/strong>. Ein etwas herber, aber genialer Genuss!<\/p>\n<h3>Beeindruckende Skyline<\/h3>\n<p>Am Vorabend kamen wir an einigen Geb\u00e4uden und Gesch\u00e4ften vorbei, die wir uns bei Tageslicht n\u00e4her ansehen wollten. Zuerst stand aber noch ein Spaziergang zur Ignaz-Bubis-Br\u00fccke an, wo wir einen fantastischen Blick auf die spektakul\u00e4re <strong>Frankfurter Skyline<\/strong> werfen konnten &#8211; noch dazu mit hochdramatischem Licht der im Herbst niedrig stehenden Sonne. Nach einem kurzen Besuch im beeindruckenden <strong>Kaiserdom<\/strong> probierten wir im <strong>Kaffeehaus Goldene Waage<\/strong> (<em>Markt 5<\/em>) den <strong>Frankfurter Kranz<\/strong>, eine k\u00f6stliche (und s\u00fcndige) Spezialit\u00e4t. Einen herzhaften Snack in Form einer <strong>Frankfurter Stadtwurst mit Kartoffelsalat<\/strong> g\u00f6nnten wir uns dann noch im Lokal <strong>Alten Limpurg<\/strong> (<em>R\u00f6merberg 17<\/em>). Um 12 Uhr mittags ging es dann auch schon wieder zum Hauptbahnhof &#8211; Paris stand als n\u00e4chstes auf dem Programm!<\/p>\n<figure id=\"attachment_17218\" class=\"thumbnail wp-caption alignnone\" style=\"width: 970px\"><img loading=\"lazy\" decoding=\"async\" class=\"wp-image-17218 size-full\" src=\"https:\/\/coeser.de\/blog\/wp-content\/uploads\/2021\/11\/interrail-europa-frankfurt-gal01-fotos-christian-oeser.jpg\" alt=\"Fotos aus Frankfurt\/Main: Skyline, Apfelwein, Kranz, R\u00f6mer\" width=\"960\" height=\"639\" srcset=\"https:\/\/coeser.de\/blog\/wp-content\/uploads\/2021\/11\/interrail-europa-frankfurt-gal01-fotos-christian-oeser.jpg 960w, https:\/\/coeser.de\/blog\/wp-content\/uploads\/2021\/11\/interrail-europa-frankfurt-gal01-fotos-christian-oeser-768x511.jpg 768w, https:\/\/coeser.de\/blog\/wp-content\/uploads\/2021\/11\/interrail-europa-frankfurt-gal01-fotos-christian-oeser-330x220.jpg 330w\" sizes=\"auto, (max-width: 960px) 100vw, 960px\" \/><figcaption class=\"caption wp-caption-text\">Bild links oben: Die Skyline von Frankfurt im sch\u00f6nsten Morgenlicht (<a href=\"https:\/\/www.google.de\/maps\/place\/50.10810234369544,8.694547385698966\" target=\"_blank\" rel=\"noopener noreferrer\">Aufnahmeort anzeigen<\/a>)<br \/>Bild rechts oben: Probiert in Frankfurt unbedingt den &#8222;Ebbelwei&#8220;! (<a href=\"https:\/\/www.google.de\/maps\/place\/50.11043205927099,8.682564026142103\" target=\"_blank\" rel=\"noopener noreferrer\">Aufnahmeort anzeigen<\/a>)<br \/>Bild links unten: Der Frankfurter Kranz ist eine s\u00fcndige, aber herrliche S\u00fc\u00dfigkeit (<a href=\"https:\/\/www.google.de\/maps\/place\/50.1106585354135,8.684653674165586\" target=\"_blank\" rel=\"noopener noreferrer\">Aufnahmeort anzeigen<\/a>)<br \/>Bild rechts unten: Der Frankfurter R\u00f6mer untertags (<a href=\"https:\/\/www.google.de\/maps\/place\/50.11042705801526,8.681980620248725\" target=\"_blank\" rel=\"noopener noreferrer\">Aufnahmeort anzeigen<\/a>)<\/figcaption><\/figure>\n<figure id=\"attachment_17219\" class=\"thumbnail wp-caption alignnone\" style=\"width: 970px\"><img loading=\"lazy\" decoding=\"async\" class=\"wp-image-17219 size-full\" src=\"https:\/\/coeser.de\/blog\/wp-content\/uploads\/2021\/11\/interrail-europa-frankfurt-gal02-roemer-christian-oeser.jpg\" alt=\"Fotos aus Frankfurt\/Main: Skyline, Apfelwein, Kranz, R\u00f6mer\" width=\"960\" height=\"640\" srcset=\"https:\/\/coeser.de\/blog\/wp-content\/uploads\/2021\/11\/interrail-europa-frankfurt-gal02-roemer-christian-oeser.jpg 960w, https:\/\/coeser.de\/blog\/wp-content\/uploads\/2021\/11\/interrail-europa-frankfurt-gal02-roemer-christian-oeser-768x512.jpg 768w, https:\/\/coeser.de\/blog\/wp-content\/uploads\/2021\/11\/interrail-europa-frankfurt-gal02-roemer-christian-oeser-330x220.jpg 330w\" sizes=\"auto, (max-width: 960px) 100vw, 960px\" \/><figcaption class=\"caption wp-caption-text\">Der Frankfurter R\u00f6mer ist abends wundervoll beleuchtet<br \/><a href=\"https:\/\/www.google.de\/maps\/place\/50.11058642278408,8.681912519074139\" target=\"_blank\" rel=\"noopener noreferrer\">Aufnahmeort anzeigen<\/a><\/figcaption><\/figure>\n<figure id=\"attachment_17220\" class=\"thumbnail wp-caption alignnone\" style=\"width: 970px\"><img loading=\"lazy\" decoding=\"async\" class=\"wp-image-17220 size-full\" src=\"https:\/\/coeser.de\/blog\/wp-content\/uploads\/2021\/11\/interrail-europa-frankfurt-gal03-fotos-christian-oeser.jpg\" alt=\"Fotos aus Frankfurt\/Main: Skyline, Dom, Bratwurst, Architektur\" width=\"960\" height=\"639\" srcset=\"https:\/\/coeser.de\/blog\/wp-content\/uploads\/2021\/11\/interrail-europa-frankfurt-gal03-fotos-christian-oeser.jpg 960w, https:\/\/coeser.de\/blog\/wp-content\/uploads\/2021\/11\/interrail-europa-frankfurt-gal03-fotos-christian-oeser-768x511.jpg 768w, https:\/\/coeser.de\/blog\/wp-content\/uploads\/2021\/11\/interrail-europa-frankfurt-gal03-fotos-christian-oeser-330x220.jpg 330w\" sizes=\"auto, (max-width: 960px) 100vw, 960px\" \/><figcaption class=\"caption wp-caption-text\">Bild links oben: Die Frankfurter Skyline ist auch nachts ein echter Blickfang (<a href=\"https:\/\/www.google.de\/maps\/place\/50.11023382455448,8.677805087487158\" target=\"_blank\" rel=\"noopener noreferrer\">Aufnahmeort anzeigen<\/a>)<br \/>Bild rechts oben: Innenansicht des Frankfurter Kaiserdoms St. Bartholom\u00e4us (<a href=\"https:\/\/www.google.de\/maps\/place\/50.110677251585294,8.685421669481732\" target=\"_blank\" rel=\"noopener noreferrer\">Aufnahmeort anzeigen<\/a>)<br \/>Bild links unten: Frankfurter Stadtwurst mit Kartoffelsalat im Lokal &#8222;Alten Limpurg&#8220; (<a href=\"https:\/\/www.google.de\/maps\/place\/50.11023116297022,8.68177167562741\" target=\"_blank\" rel=\"noopener noreferrer\">Aufnahmeort anzeigen<\/a>)<br \/>Bild rechts unten: Hochh\u00e4user \u00fcberragen das historische Palais Frankfurt (<a href=\"https:\/\/www.google.de\/maps\/place\/50.11513407618188,8.680012591344417\" target=\"_blank\" rel=\"noopener noreferrer\">Aufnahmeort anzeigen<\/a>)<\/figcaption><\/figure>\n<hr \/>\n<div class=\"fakten\">\n<h2><img loading=\"lazy\" decoding=\"async\" class=\"alignnone size-full wp-image-17229\" src=\"https:\/\/coeser.de\/blog\/wp-content\/uploads\/2021\/11\/interrail-europa-aufmacher3-paris-sacre-coeur-christian-oeser.jpg\" alt=\"Sacre-Coeur in Paris\" width=\"920\" height=\"307\" srcset=\"https:\/\/coeser.de\/blog\/wp-content\/uploads\/2021\/11\/interrail-europa-aufmacher3-paris-sacre-coeur-christian-oeser.jpg 920w, https:\/\/coeser.de\/blog\/wp-content\/uploads\/2021\/11\/interrail-europa-aufmacher3-paris-sacre-coeur-christian-oeser-768x256.jpg 768w\" sizes=\"auto, (max-width: 920px) 100vw, 920px\" \/><\/h2>\n<h2><strong>INTERRAIL<\/strong> <strong>TAG 2-4: PARIS<\/strong><\/h2>\n<p><strong>Aufenthalt: <\/strong>2 \u00dcbernachtungen<br \/>\n<strong>Zugart: <\/strong>TGV<br \/>\n<strong>Reservierung: <\/strong>zwingend erforderlich<br \/>\n<strong>Distanz und Fahrzeit:<\/strong> 477 Kilometer, 3:58h<br \/>\n<strong>Komfort:<\/strong> gut<br \/>\n<strong>Unterkunft:<\/strong> <a href=\"https:\/\/www.booking.com\/hotel\/fr\/25hours-paris-terminus-nord.de.html?aid=1634405\" target=\"_blank\" rel=\"noopener\"><strong>Hotel 25hours Terminus Nord<\/strong><\/a><strong>*<\/strong> (<em>12 Bd de Denain<\/em>): gro\u00dfes Hotel mit \u00e4u\u00dferst kreativer und verspielter Gestaltung, viel zum Anschauen und Entdecken, &#8222;Space Invaders&#8220;-Thema im ganzen Haus, Zimmer M extrem klein, aber typisch f\u00fcr Paris, beengter Platz wird gut genutzt, erstaunlich ger\u00e4umige Dusche, kleines, aber sehr bequemes Bett, Safe, Minibar, Highspeed WLAN Upload\/Download, Restaurant Neni im Hotel, Fr\u00fchst\u00fcck nicht gebucht. <em>Weiterempfehlung?<\/em> <strong>JA!<\/strong><br \/>\n<strong>Auf meiner bevorzugten Hotelsuchmaschine booking.com findet ihr weitere <a href=\"https:\/\/www.booking.com\/searchresults.de.html?city=-1456928&amp;aid=1634405&amp;no_rooms=1&amp;group_adults=2\" target=\"_blank\" rel=\"noopener\">sch\u00f6ne Unterk\u00fcnfte in Paris<\/a>*!<\/strong><\/p>\n<div id='gallery-3' class='gallery galleryid-17186 gallery-columns-7 gallery-size-thumbnail'><figure class='gallery-item'>\n\t\t\t<div class='gallery-icon landscape'>\n\t\t\t\t<a href='https:\/\/coeser.de\/blog\/wp-content\/uploads\/2021\/11\/interrail-europa-paris-hotel-25hours-terminus-nord-gal01-christian-oeser.jpg' title=\"Au\u00dfenansicht des Hotel 25hours Terminus Nord in Paris\" data-rl_title=\"Au\u00dfenansicht des Hotel 25hours Terminus Nord in Paris\" class=\"rl-gallery-link\" data-rl_caption=\"Aufnahmeort anzeigen\" data-rel=\"lightbox-gallery-3\"><img loading=\"lazy\" decoding=\"async\" width=\"150\" height=\"150\" src=\"https:\/\/coeser.de\/blog\/wp-content\/uploads\/2021\/11\/interrail-europa-paris-hotel-25hours-terminus-nord-gal01-christian-oeser-150x150.jpg\" class=\"attachment-thumbnail size-thumbnail\" alt=\"Au\u00dfenansicht des Hotel 25hours Terminus Nord in Paris\" aria-describedby=\"gallery-3-17223\" \/><\/a>\n\t\t\t<\/div>\n\t\t\t\t<figcaption class='wp-caption-text gallery-caption' id='gallery-3-17223'>\n\t\t\t\tAu\u00dfenansicht des Hotel 25hours Terminus Nord in Paris\n\t\t\t\t<\/figcaption><\/figure><figure class='gallery-item'>\n\t\t\t<div class='gallery-icon landscape'>\n\t\t\t\t<a href='https:\/\/coeser.de\/blog\/wp-content\/uploads\/2021\/11\/interrail-europa-paris-hotel-25hours-terminus-nord-gal02-christian-oeser.jpg' title=\"T\u00fcrschild im Hotel 25hours Terminus Nord in Paris\" data-rl_title=\"T\u00fcrschild im Hotel 25hours Terminus Nord in Paris\" class=\"rl-gallery-link\" data-rl_caption=\"Aufnahmeort anzeigen\" data-rel=\"lightbox-gallery-3\"><img loading=\"lazy\" decoding=\"async\" width=\"150\" height=\"150\" src=\"https:\/\/coeser.de\/blog\/wp-content\/uploads\/2021\/11\/interrail-europa-paris-hotel-25hours-terminus-nord-gal02-christian-oeser-150x150.jpg\" class=\"attachment-thumbnail size-thumbnail\" alt=\"T\u00fcrschild im Hotel 25hours Terminus Nord in Paris\" aria-describedby=\"gallery-3-17224\" \/><\/a>\n\t\t\t<\/div>\n\t\t\t\t<figcaption class='wp-caption-text gallery-caption' id='gallery-3-17224'>\n\t\t\t\tT\u00fcrschild im Hotel 25hours Terminus Nord in Paris\n\t\t\t\t<\/figcaption><\/figure><figure class='gallery-item'>\n\t\t\t<div class='gallery-icon landscape'>\n\t\t\t\t<a href='https:\/\/coeser.de\/blog\/wp-content\/uploads\/2021\/11\/interrail-europa-paris-hotel-25hours-terminus-nord-gal03-christian-oeser.jpg' title=\"Doppelzimmer Kategorie M im Hotel 25hours Terminus Nord in Paris\" data-rl_title=\"Doppelzimmer Kategorie M im Hotel 25hours Terminus Nord in Paris\" class=\"rl-gallery-link\" data-rl_caption=\"Aufnahmeort anzeigen\" data-rel=\"lightbox-gallery-3\"><img loading=\"lazy\" decoding=\"async\" width=\"150\" height=\"150\" src=\"https:\/\/coeser.de\/blog\/wp-content\/uploads\/2021\/11\/interrail-europa-paris-hotel-25hours-terminus-nord-gal03-christian-oeser-150x150.jpg\" class=\"attachment-thumbnail size-thumbnail\" alt=\"Doppelzimmer Kategorie M im Hotel 25hours Terminus Nord in Paris\" aria-describedby=\"gallery-3-17225\" \/><\/a>\n\t\t\t<\/div>\n\t\t\t\t<figcaption class='wp-caption-text gallery-caption' id='gallery-3-17225'>\n\t\t\t\tDoppelzimmer Kategorie M im Hotel 25hours Terminus Nord in Paris\n\t\t\t\t<\/figcaption><\/figure><figure class='gallery-item'>\n\t\t\t<div class='gallery-icon landscape'>\n\t\t\t\t<a href='https:\/\/coeser.de\/blog\/wp-content\/uploads\/2021\/11\/interrail-europa-paris-hotel-25hours-terminus-nord-gal04-christian-oeser.jpg' title=\"Doppelzimmer Kategorie M im Hotel 25hours Terminus Nord in Paris\" data-rl_title=\"Doppelzimmer Kategorie M im Hotel 25hours Terminus Nord in Paris\" class=\"rl-gallery-link\" data-rl_caption=\"Aufnahmeort anzeigen\" data-rel=\"lightbox-gallery-3\"><img loading=\"lazy\" decoding=\"async\" width=\"150\" height=\"150\" src=\"https:\/\/coeser.de\/blog\/wp-content\/uploads\/2021\/11\/interrail-europa-paris-hotel-25hours-terminus-nord-gal04-christian-oeser-150x150.jpg\" class=\"attachment-thumbnail size-thumbnail\" alt=\"Doppelzimmer Kategorie M im Hotel 25hours Terminus Nord in Paris\" aria-describedby=\"gallery-3-17226\" \/><\/a>\n\t\t\t<\/div>\n\t\t\t\t<figcaption class='wp-caption-text gallery-caption' id='gallery-3-17226'>\n\t\t\t\tDoppelzimmer Kategorie M im Hotel 25hours Terminus Nord in Paris\n\t\t\t\t<\/figcaption><\/figure><figure class='gallery-item'>\n\t\t\t<div class='gallery-icon landscape'>\n\t\t\t\t<a href='https:\/\/coeser.de\/blog\/wp-content\/uploads\/2021\/11\/interrail-europa-paris-hotel-25hours-terminus-nord-gal05-christian-oeser.jpg' title=\"Bad im Doppelzimmer Kategorie M im Hotel 25hours Terminus Nord in Paris\" data-rl_title=\"Bad im Doppelzimmer Kategorie M im Hotel 25hours Terminus Nord in Paris\" class=\"rl-gallery-link\" data-rl_caption=\"Aufnahmeort anzeigen\" data-rel=\"lightbox-gallery-3\"><img loading=\"lazy\" decoding=\"async\" width=\"150\" height=\"150\" src=\"https:\/\/coeser.de\/blog\/wp-content\/uploads\/2021\/11\/interrail-europa-paris-hotel-25hours-terminus-nord-gal05-christian-oeser-150x150.jpg\" class=\"attachment-thumbnail size-thumbnail\" alt=\"Bad im Doppelzimmer Kategorie M im Hotel 25hours Terminus Nord in Paris\" aria-describedby=\"gallery-3-17227\" \/><\/a>\n\t\t\t<\/div>\n\t\t\t\t<figcaption class='wp-caption-text gallery-caption' id='gallery-3-17227'>\n\t\t\t\tBad im Doppelzimmer Kategorie M im Hotel 25hours Terminus Nord in Paris\n\t\t\t\t<\/figcaption><\/figure><figure class='gallery-item'>\n\t\t\t<div class='gallery-icon landscape'>\n\t\t\t\t<a href='https:\/\/coeser.de\/blog\/wp-content\/uploads\/2021\/11\/interrail-europa-paris-hotel-25hours-terminus-nord-gal06-christian-oeser.jpg' title=\"Bad im Doppelzimmer Kategorie M im Hotel 25hours Terminus Nord in Paris\" data-rl_title=\"Bad im Doppelzimmer Kategorie M im Hotel 25hours Terminus Nord in Paris\" class=\"rl-gallery-link\" data-rl_caption=\"Aufnahmeort anzeigen\" data-rel=\"lightbox-gallery-3\"><img loading=\"lazy\" decoding=\"async\" width=\"150\" height=\"150\" src=\"https:\/\/coeser.de\/blog\/wp-content\/uploads\/2021\/11\/interrail-europa-paris-hotel-25hours-terminus-nord-gal06-christian-oeser-150x150.jpg\" class=\"attachment-thumbnail size-thumbnail\" alt=\"Bad im Doppelzimmer Kategorie M im Hotel 25hours Terminus Nord in Paris\" aria-describedby=\"gallery-3-17228\" \/><\/a>\n\t\t\t<\/div>\n\t\t\t\t<figcaption class='wp-caption-text gallery-caption' id='gallery-3-17228'>\n\t\t\t\tBad im Doppelzimmer Kategorie M im Hotel 25hours Terminus Nord in Paris\n\t\t\t\t<\/figcaption><\/figure>\n\t\t<\/div>\n\n<\/div>\n<h2>Mit Highspeed nach Paris<\/h2>\n<p>Meine Freundin und ich konnten unsere Aufregung am Frankfurter Hauptbahnhof schwer unterdr\u00fccken: auf Bahnsteig 19 stand unser TGV Inoui, der uns in knapp vier Stunden nach Paris bringen sollte. F\u00fcr diese Fahrt ben\u00f6tigten wir zwingend eine Platzreservierung, die wir schon am Vortag am Bahnhofsschalter besorgten (siehe auch Allgemeine Tipps im blauen Infokasten). Die Fahrt selbst war eine Premiere f\u00fcr uns, da wir beide noch nie mit einem Hochgeschwindigkeitszug (320 km\/h) in Europa fuhren. Nach der Ankunft am <em>Gare de l&#8217;Est<\/em> (Ostbahnhof) checkten wir in das wenige Minuten entfernte <a href=\"https:\/\/www.booking.com\/hotel\/fr\/25hours-paris-terminus-nord.de.html?aid=1634405\" target=\"_blank\" rel=\"noopener\"><strong>Hotel 25hours Terminus Nord<\/strong><\/a><strong>*<\/strong> gegen\u00fcber des unweit gelegenen <em>Gare du Nord<\/em> (Nordbahnhof) ein. Unsere Suche nach einem kleinen Restaurant in der Umgebung war mit dem <strong>Bonobo Caf\u00e9<\/strong> (<em>66 Rue d&#8217;Hauteville<\/em>) schnell von Erfolg gekr\u00f6nt und wir genossen ein saftiges Entrecote und ein zartes Lachsfilet.<\/p>\n<h3>Die Highlights von Paris<\/h3>\n<p>Der n\u00e4chste Tag stand komplett im Zeichen von Genuss und Sightseeing in Paris. Das gesch\u00e4ftige Treiben auf den Stra\u00dfen \u00fcberforderte uns anfangs, doch wir gew\u00f6hnten uns schnell an das Chaos aus Autos, Rollern, Fahrr\u00e4dern und Fu\u00dfg\u00e4ngern. Meine Freundin sah Paris das erste Mal, also f\u00fcgten wir in unser Programm zumindest die allerwichtigsten Sehensw\u00fcrdigkeiten ein &#8211; Paris sieht uns sowieso sicherlich wieder einmal! In einer der unz\u00e4hligen B\u00e4ckereien (<strong>Maison Bayat<\/strong>, <em>112 Bd de Magenta<\/em>) besorgten wir uns mit frischen Zutaten belegte Baguettes und genossen sie auf einer Bank sitzend vor der durch einen Gro\u00dfbrand 2019 schwer besch\u00e4digten <strong>Kathedrale Notre-Dame<\/strong>. Mit einer Mischung aus Spazierg\u00e4ngen und Metro-Fahrten (wir nahmen uns gemeinsam das 10er-Ticket \u201eCarnet\u201c) sahen wir noch die Shopping-Meile <strong>Champs-Elysees<\/strong>, den <strong>Triumphbogen<\/strong> und die spannenden <strong>Galeries Lafayette Hausmann<\/strong> (mit traumhafter Aussicht von der Terrasse!)<\/p>\n<h3>Eiffelturm im sch\u00f6nsten Licht<\/h3>\n<p>Im K\u00fcnstlerviertel <strong>Montmartre<\/strong> durfte nat\u00fcrlich die spektakul\u00e4re <strong>Basilika Sacr\u00e9-C\u0153ur<\/strong> nicht fehlen, gefolgt vom gemeinsamen Sitzen auf den davor befindlichen Stufen und im Gras mit Blick \u00fcber Paris. Das Highlight folgte danach mit einer Metro-Fahrt zum Platz <em>Trocad\u00e9ro<\/em>, von dem aus sich der <strong>Eiffelturm<\/strong> perfekt pr\u00e4sentiert. Die Sonne war bereits verschwunden und im letzten Licht gab sich der eiserne Turm wirklich majest\u00e4tisch. Das Abendessen in einem Bistro in der N\u00e4he unseres Hotels hinterlie\u00df dann zwar keinen bleibenden Eindruck \u2013 daf\u00fcr aber am n\u00e4chsten Morgen im <strong>Caf\u00e9 du Nord<\/strong> (<em>19 Rue de Dunkerque<\/em>) das kleine, typisch franz\u00f6sische Fr\u00fchst\u00fcck <em>Petit D\u00e9jeuner<\/em> in Form von Orangensaft, Kaffee, Tartine (ein Viertel Baguette) mit gesalzener Butter und einem Croissant mit Marmelade. Nat\u00fcrlich stilgerecht im Freien sitzend zelebriert!<\/p>\n<figure id=\"attachment_17230\" class=\"thumbnail wp-caption alignnone\" style=\"width: 970px\"><img loading=\"lazy\" decoding=\"async\" class=\"wp-image-17230 size-full\" src=\"https:\/\/coeser.de\/blog\/wp-content\/uploads\/2021\/11\/interrail-europa-paris-gal01-fotos-christian-oeser.jpg\" alt=\"Fotos aus Paris: TGV, Galeries Lafayette, Eiffelturm, Baguettes\" width=\"960\" height=\"639\" srcset=\"https:\/\/coeser.de\/blog\/wp-content\/uploads\/2021\/11\/interrail-europa-paris-gal01-fotos-christian-oeser.jpg 960w, https:\/\/coeser.de\/blog\/wp-content\/uploads\/2021\/11\/interrail-europa-paris-gal01-fotos-christian-oeser-768x511.jpg 768w, https:\/\/coeser.de\/blog\/wp-content\/uploads\/2021\/11\/interrail-europa-paris-gal01-fotos-christian-oeser-330x220.jpg 330w\" sizes=\"auto, (max-width: 960px) 100vw, 960px\" \/><figcaption class=\"caption wp-caption-text\">Bild links oben: Nur knapp vier Stunden ben\u00f6tigt der TGV von Frankfurt nach Paris (<a href=\"https:\/\/www.google.de\/maps\/place\/50.1072838026044,8.662486926743671\" target=\"_blank\" rel=\"noopener noreferrer\">Aufnahmeort anzeigen<\/a>)<br \/>Bild rechts oben: Die Decke der Galeries Lafayette Haussmann ist ein absoluter Traum! (<a href=\"https:\/\/www.google.de\/maps\/place\/48.87359969020041,2.3320781470300935\" target=\"_blank\" rel=\"noopener noreferrer\">Aufnahmeort anzeigen<\/a>)<br \/>Bild links unten: Den Eiffelturm erwischten wir im sch\u00f6nsten Licht nach Sonnenuntergang (<a href=\"https:\/\/www.google.de\/maps\/place\/48.862121701150954,2.2883872154707077\" target=\"_blank\" rel=\"noopener noreferrer\">Aufnahmeort anzeigen<\/a>)<br \/>Bild rechts unten: Alleine die gro\u00dfartigen Baguettes rechtfertigen einen Besuch in Paris (<a href=\"https:\/\/www.google.de\/maps\/place\/48.87843914501594,2.3544086965165403\" target=\"_blank\" rel=\"noopener noreferrer\">Aufnahmeort anzeigen<\/a>)<\/figcaption><\/figure>\n<figure id=\"attachment_17231\" class=\"thumbnail wp-caption alignnone\" style=\"width: 970px\"><img loading=\"lazy\" decoding=\"async\" class=\"wp-image-17231 size-full\" src=\"https:\/\/coeser.de\/blog\/wp-content\/uploads\/2021\/11\/interrail-europa-paris-gal02-montmartre-christian-oeser.jpg\" alt=\"K\u00fcnstlerviertel Montmartre und Basilika Sacr\u00e9-C\u0153ur in Paris\" width=\"960\" height=\"640\" srcset=\"https:\/\/coeser.de\/blog\/wp-content\/uploads\/2021\/11\/interrail-europa-paris-gal02-montmartre-christian-oeser.jpg 960w, https:\/\/coeser.de\/blog\/wp-content\/uploads\/2021\/11\/interrail-europa-paris-gal02-montmartre-christian-oeser-768x512.jpg 768w, https:\/\/coeser.de\/blog\/wp-content\/uploads\/2021\/11\/interrail-europa-paris-gal02-montmartre-christian-oeser-330x220.jpg 330w\" sizes=\"auto, (max-width: 960px) 100vw, 960px\" \/><figcaption class=\"caption wp-caption-text\">Einen fantastischen Blick auf das K\u00fcnstlerviertel Montmartre mit der Basilika Sacr\u00e9-C\u0153ur gibt es von der Dachterrasse der Galeries Lafayette Haussmann<br \/><a href=\"https:\/\/www.google.de\/maps\/place\/48.873379201972455,2.3323952015781453\" target=\"_blank\" rel=\"noopener noreferrer\">Aufnahmeort anzeigen<\/a><\/figcaption><\/figure>\n<figure id=\"attachment_17232\" class=\"thumbnail wp-caption alignnone\" style=\"width: 970px\"><img loading=\"lazy\" decoding=\"async\" class=\"wp-image-17232 size-full\" src=\"https:\/\/coeser.de\/blog\/wp-content\/uploads\/2021\/11\/interrail-europa-paris-gal03-fotos-christian-oeser.jpg\" alt=\"Fotos aus Paris: Eiffelturm, Notre-Dame, gegrillter Lachs, petit d\u00e9jeuner\" width=\"960\" height=\"639\" srcset=\"https:\/\/coeser.de\/blog\/wp-content\/uploads\/2021\/11\/interrail-europa-paris-gal03-fotos-christian-oeser.jpg 960w, https:\/\/coeser.de\/blog\/wp-content\/uploads\/2021\/11\/interrail-europa-paris-gal03-fotos-christian-oeser-768x511.jpg 768w, https:\/\/coeser.de\/blog\/wp-content\/uploads\/2021\/11\/interrail-europa-paris-gal03-fotos-christian-oeser-330x220.jpg 330w\" sizes=\"auto, (max-width: 960px) 100vw, 960px\" \/><figcaption class=\"caption wp-caption-text\">Bild links oben: Der Eiffelturm, gesehen von der Dachterrasse der Galeries Lafayette Haussmann (<a href=\"https:\/\/www.google.de\/maps\/place\/48.873343075646765,2.3319692962758976\" target=\"_blank\" rel=\"noopener noreferrer\">Aufnahmeort anzeigen<\/a>)<br \/>Bild rechts oben: Die bei einem Brand schwer besch\u00e4digte Kathedrale Notre-Dame (<a href=\"https:\/\/www.google.de\/maps\/place\/48.853245194610416,2.347028892634848\" target=\"_blank\" rel=\"noopener noreferrer\">Aufnahmeort anzeigen<\/a>)<br \/>Bild links unten: Butterweiches Lachsfilet mit Grillgem\u00fcse im Bonobo Caf\u00e9 (<a href=\"https:\/\/www.google.de\/maps\/place\/48.87523110607404,2.350993486220454\" target=\"_blank\" rel=\"noopener noreferrer\">Aufnahmeort anzeigen<\/a>)<br \/>Bild rechts unten: Petit d\u00e9jeuner mit Kaffee, Orangensaft, Croissant und Baguette in einem Caf\u00e9 (<a href=\"https:\/\/www.google.de\/maps\/place\/48.879660303120296,2.3556543629514906\" target=\"_blank\" rel=\"noopener noreferrer\">Aufnahmeort anzeigen<\/a>)<\/figcaption><\/figure>\n<div class=\"tipps\">\n<h3>WEITERE REISEBERICHTE ZU PARIS<\/h3>\n<p><strong><a href=\"https:\/\/coeser.de\/blog\/index.php\/2017\/04\/04\/paris-zu-gast-in-frankreichs-herz\/\" target=\"_blank\" rel=\"noopener\">Paris: Zu Gast in Frankreichs Herz<\/a><\/strong><\/p>\n<p><strong><a href=\"https:\/\/coeser.de\/blog\/index.php\/2017\/04\/11\/die-besten-aussichtspunkte-in-paris\/\" target=\"_blank\" rel=\"noopener\">Die besten Aussichtspunkte in Paris<\/a><\/strong><\/p>\n<\/div>\n<p>&nbsp;<\/p>\n<hr \/>\n<div class=\"fakten\">\n<h2><img loading=\"lazy\" decoding=\"async\" class=\"alignnone size-full wp-image-17234\" src=\"https:\/\/coeser.de\/blog\/wp-content\/uploads\/2021\/11\/interrail-europa-aufmacher4-bruessel-grand-place-christian-oeser.jpg\" alt=\"Historische Geb\u00e4ude auf dem Grand Place in Br\u00fcssel\" width=\"920\" height=\"307\" srcset=\"https:\/\/coeser.de\/blog\/wp-content\/uploads\/2021\/11\/interrail-europa-aufmacher4-bruessel-grand-place-christian-oeser.jpg 920w, https:\/\/coeser.de\/blog\/wp-content\/uploads\/2021\/11\/interrail-europa-aufmacher4-bruessel-grand-place-christian-oeser-768x256.jpg 768w\" sizes=\"auto, (max-width: 920px) 100vw, 920px\" \/><\/h2>\n<h2><strong>INTERRAIL<\/strong> <strong>TAG 4: BR\u00dcSSEL<\/strong><\/h2>\n<p><strong>Aufenthalt: <\/strong>5 Stunden<br \/>\n<strong>Zugart: <\/strong>THALYS<br \/>\n<strong>Reservierung: <\/strong>zwingend erforderlich<br \/>\n<strong>Distanz und Fahrzeit:<\/strong> 264 Kilometer, 1:22h<br \/>\n<strong>Komfort:<\/strong> Durchschnitt<br \/>\n<strong>Unterkunft:<\/strong> Keine Unterkunft gebucht<br \/>\n<strong>Auf meiner bevorzugten Hotelsuchmaschine booking.com findet ihr <a href=\"https:\/\/www.booking.com\/searchresults.de.html?city=-1955538&amp;aid=1634405&amp;no_rooms=1&amp;group_adults=2\" target=\"_blank\" rel=\"noopener\">sch\u00f6ne Unterk\u00fcnfte in Br\u00fcssel<\/a>*!<\/strong><\/p>\n<\/div>\n<h2>&#8222;Ungewollt&#8220; nach Br\u00fcssel<\/h2>\n<p>Dass es uns nach Br\u00fcssel verschlagen w\u00fcrde, war nur unserer Naivit\u00e4t geschuldet. Eigentlich wollten wir von Paris direkt nach Amsterdam fahren. F\u00fcr den auf dieser Strecke verkehrenden Hochgeschwindigkeitszug THALYS wird eine fixe Reservierung ben\u00f6tigt. Eben diese wollten wir am Vortag online buchen &#8211; mit dem Ergebnis, dass alle (!) Zugverbindungen f\u00fcr die n\u00e4chsten vier Tage ausgebucht waren. Also pr\u00fcften wir noch die Abschnitte Paris &#8211; Br\u00fcssel und Br\u00fcssel &#8211; Amsterdam, f\u00fcr die noch Reservierungen verf\u00fcgbar waren. Ungl\u00fccklich waren wir \u00fcber diesen Zwischenstopp \u00fcbrigens nicht, denn so konnten wir in der belgischen Hauptstadt noch f\u00fcnf Stunden Zeit genie\u00dfen. Die Zugfahrt von Paris nach Br\u00fcssel war so schnell vorbei, wie sie begonnen hatte &#8211; nur 1:22 Stunden Fahrzeit!<\/p>\n<h3>F\u00fcnf Stunden purer Genuss<\/h3>\n<p>Das Gep\u00e4ck schlossen wir am Ankunftsbahnhof <em>Gare Bruxelles-Midi<\/em> im Schlie\u00dffach ein (24 Stunden XL-Fach f\u00fcr 10 Euro, Platz f\u00fcr zwei Gep\u00e4ckst\u00fccke). Per Stra\u00dfenbahn erreichten wir vom Bahnhof in wenigen Minuten die B\u00f6rse (<em>Beurs<\/em>) und spazierten bei herrlichen 16 Grad und Sonnenschein zum <em>Place Sainte-Catherine<\/em>, wo es bei <strong>Noordzee &#8211; Mer du Nord<\/strong> (<em>Pl. Sainte-Catherine 50<\/em>) gro\u00dfartige Meeresfr\u00fcchte gibt. Gest\u00e4rkt mit Fischsuppe, Muscheln und zwei Gl\u00e4sern Wei\u00dfwein schlenderten wir einige Gassen weiter und fanden in einem der zahlreichen Caf\u00e9s Platz (<strong>Le Roi des Belges<\/strong>, <em>Rue Jules Van Praet 35<\/em>). Dort zelebrierten wir in der Sonne sitzend mit einem belgischen Bier die Stimmung. Unbedingt zeigen wollte ich meiner Freundin noch das <strong>Schokomousse von Neuhaus<\/strong> in den <em>Galeries Royales Saint Hubert<\/em> (siehe auch mein Beitrag <strong><a href=\"https:\/\/coeser.de\/blog\/index.php\/2020\/03\/24\/belgien-kulinarische-suenden\/\" target=\"_blank\" rel=\"noopener\">Essen in Belgien: 11 kulinarische S\u00fcnden<\/a><\/strong>), doch leider war coronabedingt die Produktion eingestellt. Nun ja, so mussten wir uns eben mit &#8222;normalen&#8220; Pralinen zufriedengeben. \ud83d\ude09<\/p>\n<h3>Sehensw\u00fcrdigkeiten im Vorbeigehen<\/h3>\n<p>Br\u00fcssel kannten meine Freundin und ich beide bereits von fr\u00fcheren Besuchen. Da wir aber erstmals gemeinsam vor Ort waren, durften nat\u00fcrlich f\u00fcr das Fotoalbum zwei bekannte Orte f\u00fcr Selfies nicht fehlen. So schlenderten wir noch gem\u00fctlich zur kleinen Statue <strong>Manneken Pis<\/strong> und zum <strong>Grand Place<\/strong>, der mit seinen prachtvollen Fassaden und dem Rathaus immer wieder eine Freude zum Ansehen ist. Vor der Weiterfahrt bestand meine Freundin noch auf einen Abstecher zum Kiosk <strong>Fritland<\/strong> (<em>Rue Henri Maus 49<\/em>), wo es mit dem sogenannten <em>Mitraillette<\/em> einen deftigen Snack gibt. Inmitten eines weichen Baguettes finden ein Hamburgerlaibchen, ger\u00f6stete Zwiebel, Pommes Frites und eine Sauce nach Wahl Platz &#8211; eine heftige Sauerei, aber k\u00f6stlich und naturgem\u00e4\u00df mehr als s\u00e4ttigend (deshalb auch zum Teilen geeignet). Mit der Stra\u00dfenbahn ging es dann wieder flott zur\u00fcck zum Bahnhof <em>Bruxelles-Midi<\/em> und p\u00fcnktlich weiter nach Amsterdam.<\/p>\n<figure id=\"attachment_17235\" class=\"thumbnail wp-caption alignnone\" style=\"width: 970px\"><img loading=\"lazy\" decoding=\"async\" class=\"wp-image-17235 size-full\" src=\"https:\/\/coeser.de\/blog\/wp-content\/uploads\/2021\/11\/interrail-europa-bruessel-gal01-fotos-christian-oeser.jpg\" alt=\"Fotos aus Br\u00fcssel: Grand-Place, Place Sainte-Catherine, Bier, Mer du Nord\" width=\"960\" height=\"639\" srcset=\"https:\/\/coeser.de\/blog\/wp-content\/uploads\/2021\/11\/interrail-europa-bruessel-gal01-fotos-christian-oeser.jpg 960w, https:\/\/coeser.de\/blog\/wp-content\/uploads\/2021\/11\/interrail-europa-bruessel-gal01-fotos-christian-oeser-768x511.jpg 768w, https:\/\/coeser.de\/blog\/wp-content\/uploads\/2021\/11\/interrail-europa-bruessel-gal01-fotos-christian-oeser-330x220.jpg 330w\" sizes=\"auto, (max-width: 960px) 100vw, 960px\" \/><figcaption class=\"caption wp-caption-text\">Bild links oben: Der Turm des Rathauses zw\u00e4ngt sich zwischen engen Gassen durch (<a href=\"https:\/\/www.google.de\/maps\/place\/50.84715418627279,4.352659078262352\" target=\"_blank\" rel=\"noopener noreferrer\">Aufnahmeort anzeigen<\/a>)<br \/>Bild rechts oben: Der Place Sainte-Catherine z\u00e4hlt zu meinen Lieblingspl\u00e4tzen in Br\u00fcssel (<a href=\"https:\/\/www.google.de\/maps\/place\/50.85043522698262,4.347167201462889\" target=\"_blank\" rel=\"noopener noreferrer\">Aufnahmeort anzeigen<\/a>)<br \/>Bild links unten: Bier darf in Br\u00fcssel nat\u00fcrlich nicht fehlen, hier bei Le Roi des Belges (<a href=\"https:\/\/www.google.de\/maps\/place\/50.84834574772395,4.3476905987790655\" target=\"_blank\" rel=\"noopener noreferrer\">Aufnahmeort anzeigen<\/a>)<br \/>Bild rechts unten: Super Fischsuppe und Muscheln gibt es bei Nordzee &#8211; Mer Du Nord (<a href=\"https:\/\/www.google.de\/maps\/place\/50.850395298378196,4.3475502135516315\" target=\"_blank\" rel=\"noopener noreferrer\">Aufnahmeort anzeigen<\/a>)<\/figcaption><\/figure>\n<figure id=\"attachment_17236\" class=\"thumbnail wp-caption alignnone\" style=\"width: 970px\"><img loading=\"lazy\" decoding=\"async\" class=\"wp-image-17236 size-full\" src=\"https:\/\/coeser.de\/blog\/wp-content\/uploads\/2021\/11\/interrail-europa-bruessel-gal02-altstadt-christian-oeser.jpg\" alt=\"Blick von der Altstadt auf das Rathaus von Br\u00fcssel\" width=\"960\" height=\"640\" srcset=\"https:\/\/coeser.de\/blog\/wp-content\/uploads\/2021\/11\/interrail-europa-bruessel-gal02-altstadt-christian-oeser.jpg 960w, https:\/\/coeser.de\/blog\/wp-content\/uploads\/2021\/11\/interrail-europa-bruessel-gal02-altstadt-christian-oeser-768x512.jpg 768w, https:\/\/coeser.de\/blog\/wp-content\/uploads\/2021\/11\/interrail-europa-bruessel-gal02-altstadt-christian-oeser-330x220.jpg 330w\" sizes=\"auto, (max-width: 960px) 100vw, 960px\" \/><figcaption class=\"caption wp-caption-text\">Zwischen den bezaubernden Gassen der Altstadt blitzt immer wieder das Rathaus von Br\u00fcssel durch<br \/><a href=\"https:\/\/www.google.de\/maps\/place\/50.84556282064826,4.353442812494243\" target=\"_blank\" rel=\"noopener noreferrer\">Aufnahmeort anzeigen<\/a><\/figcaption><\/figure>\n<figure id=\"attachment_17237\" class=\"thumbnail wp-caption alignnone\" style=\"width: 970px\"><img loading=\"lazy\" decoding=\"async\" class=\"wp-image-17237 size-full\" src=\"https:\/\/coeser.de\/blog\/wp-content\/uploads\/2021\/11\/interrail-europa-bruessel-gal03-fotos-christian-oeser.jpg\" alt=\"Fotos aus Br\u00fcssel: Manneken Pis, Pralinen, Pommes Frites\" width=\"960\" height=\"639\" srcset=\"https:\/\/coeser.de\/blog\/wp-content\/uploads\/2021\/11\/interrail-europa-bruessel-gal03-fotos-christian-oeser.jpg 960w, https:\/\/coeser.de\/blog\/wp-content\/uploads\/2021\/11\/interrail-europa-bruessel-gal03-fotos-christian-oeser-768x511.jpg 768w, https:\/\/coeser.de\/blog\/wp-content\/uploads\/2021\/11\/interrail-europa-bruessel-gal03-fotos-christian-oeser-330x220.jpg 330w\" sizes=\"auto, (max-width: 960px) 100vw, 960px\" \/><figcaption class=\"caption wp-caption-text\">Bild links oben: Souvenirl\u00e4den in Br\u00fcssel zeigen Humor, wenn es um Manneken Pis geht (<a href=\"https:\/\/www.google.de\/maps\/place\/50.84551233602398,4.350740192369449\" target=\"_blank\" rel=\"noopener noreferrer\">Aufnahmeort anzeigen<\/a>)<br \/>Bild rechts oben: An Pralinen gibt es in Br\u00fcssel einfach kein Vorbeikommen, hier bei Neuhaus (<a href=\"https:\/\/www.google.de\/maps\/place\/50.847433563418875,4.354775370042813\" target=\"_blank\" rel=\"noopener noreferrer\">Aufnahmeort anzeigen<\/a>)<br \/>Bild links unten: Mit dem Mitraillette gibt es in Br\u00fcssel einen deftigen, aber leckeren Snack (<a href=\"https:\/\/www.google.de\/maps\/place\/50.84743875670407,4.350651004214337\" target=\"_blank\" rel=\"noopener noreferrer\">Aufnahmeort anzeigen<\/a>)<br \/>Bild rechts unten: Jeder Tourist schaut der Statue Manneken Pis beim Pinkeln zu (<a href=\"https:\/\/www.google.de\/maps\/place\/50.84499295912843,4.349930966372046\" target=\"_blank\" rel=\"noopener noreferrer\">Aufnahmeort anzeigen<\/a>)<\/figcaption><\/figure>\n<div class=\"tipps\">\n<h3>WEITERE REISEBERICHTE ZU BR\u00dcSSEL<\/h3>\n<p><strong><a href=\"https:\/\/coeser.de\/blog\/index.php\/2018\/02\/06\/bruessel-schoenheit-im-grauen-mantel\/\" target=\"_blank\" rel=\"noopener\">Br\u00fcssel: Sch\u00f6nheit im grauen Mantel<\/a><\/strong><\/p>\n<p><strong><a href=\"https:\/\/coeser.de\/blog\/index.php\/2020\/02\/04\/bruessels-eleganz-im-jugendstil\/\" target=\"_blank\" rel=\"noopener\">Br\u00fcssel: Eleganz im Jugendstil<\/a><\/strong><\/p>\n<p><strong><a href=\"https:\/\/coeser.de\/blog\/index.php\/2020\/03\/24\/belgien-kulinarische-suenden\/\" target=\"_blank\" rel=\"noopener\">Essen in Belgien: 11 kulinarische S\u00fcnden<\/a><\/strong><\/p>\n<\/div>\n<p>&nbsp;<\/p>\n<hr \/>\n<div class=\"fakten\">\n<h2><img loading=\"lazy\" decoding=\"async\" class=\"alignnone size-full wp-image-17242\" src=\"https:\/\/coeser.de\/blog\/wp-content\/uploads\/2021\/11\/interrail-europa-aufmacher5-amsterdam-grachten-christian-oeser.jpg\" alt=\"Grachtenkanal in Amsterdam\" width=\"920\" height=\"307\" srcset=\"https:\/\/coeser.de\/blog\/wp-content\/uploads\/2021\/11\/interrail-europa-aufmacher5-amsterdam-grachten-christian-oeser.jpg 920w, https:\/\/coeser.de\/blog\/wp-content\/uploads\/2021\/11\/interrail-europa-aufmacher5-amsterdam-grachten-christian-oeser-768x256.jpg 768w\" sizes=\"auto, (max-width: 920px) 100vw, 920px\" \/><\/h2>\n<h2><strong>INTERRAIL <\/strong><strong>TAG 4-6: AMSTERDAM<\/strong><\/h2>\n<p><strong>Aufenthalt: <\/strong>2 \u00dcbernachtungen<br \/>\n<strong>Zugart: <\/strong>THALYS<br \/>\n<strong>Reservierung: <\/strong>zwingend erforderlich<br \/>\n<strong>Distanz und Fahrzeit:<\/strong> 175 Kilometer, 1:52h<br \/>\n<strong>Komfort:<\/strong> sehr gut<br \/>\n<strong>Unterkunft:<\/strong> <strong><a href=\"https:\/\/www.booking.com\/hotel\/nl\/prinshendrik.de.html?aid=1634405\" target=\"_blank\" rel=\"noopener\">Hotel Prins Hendrik<\/a>*<\/strong> (<em>Prins Hendrikkade 53<\/em>): gute Lage zwischen Hauptbahnhof und Beginn des Rotlichtviertels, teuer aber f\u00fcr Amsterdam noch eines der g\u00fcnstigeren Hotels, altes Geb\u00e4ude, sehr gro\u00dfes Zimmer, keine schallged\u00e4mpften Fenster, nichts f\u00fcr Ruhesuchende, weiches aber bequemes Bett, sehr gute Dusche mit Badewanne, kein Safe, Highspeed WLAN Upload\/Download, Fr\u00fchst\u00fcck inklusive aber nicht empfehlenswert. <em>Weiterempfehlung?<\/em> <strong>Nur f\u00fcr l\u00e4rmunempfindliche Personen.<\/strong><br \/>\n<strong>Auf meiner bevorzugten Hotelsuchmaschine booking.com findet ihr weitere <a href=\"https:\/\/www.booking.com\/searchresults.de.html?city=-2140479&amp;aid=1634405&amp;no_rooms=1&amp;group_adults=2\" target=\"_blank\" rel=\"noopener\">sch\u00f6ne Unterk\u00fcnfte in Amsterdam<\/a>*!<\/strong><\/p>\n<div id='gallery-4' class='gallery galleryid-17186 gallery-columns-7 gallery-size-thumbnail'><figure class='gallery-item'>\n\t\t\t<div class='gallery-icon landscape'>\n\t\t\t\t<a href='https:\/\/coeser.de\/blog\/wp-content\/uploads\/2021\/11\/interrail-europa-amsterdam-hotel-prins-hendrik-gal01-christian-oeser.jpg' title=\"Au\u00dfenansicht des Hotel Prins Hendrik in Amsterdam\" data-rl_title=\"Au\u00dfenansicht des Hotel Prins Hendrik in Amsterdam\" class=\"rl-gallery-link\" data-rl_caption=\"Aufnahmeort anzeigen\" data-rel=\"lightbox-gallery-4\"><img loading=\"lazy\" decoding=\"async\" width=\"150\" height=\"150\" src=\"https:\/\/coeser.de\/blog\/wp-content\/uploads\/2021\/11\/interrail-europa-amsterdam-hotel-prins-hendrik-gal01-christian-oeser-150x150.jpg\" class=\"attachment-thumbnail size-thumbnail\" alt=\"Au\u00dfenansicht des Hotel Prins Hendrik in Amsterdam\" aria-describedby=\"gallery-4-17238\" \/><\/a>\n\t\t\t<\/div>\n\t\t\t\t<figcaption class='wp-caption-text gallery-caption' id='gallery-4-17238'>\n\t\t\t\tAu\u00dfenansicht des Hotel Prins Hendrik in Amsterdam\n\t\t\t\t<\/figcaption><\/figure><figure class='gallery-item'>\n\t\t\t<div class='gallery-icon landscape'>\n\t\t\t\t<a href='https:\/\/coeser.de\/blog\/wp-content\/uploads\/2021\/11\/interrail-europa-amsterdam-hotel-prins-hendrik-gal02-christian-oeser.jpg' title=\"Doppelzimmer im Hotel Prins Hendrik in Amsterdam\" data-rl_title=\"Doppelzimmer im Hotel Prins Hendrik in Amsterdam\" class=\"rl-gallery-link\" data-rl_caption=\"Aufnahmeort anzeigen\" data-rel=\"lightbox-gallery-4\"><img loading=\"lazy\" decoding=\"async\" width=\"150\" height=\"150\" src=\"https:\/\/coeser.de\/blog\/wp-content\/uploads\/2021\/11\/interrail-europa-amsterdam-hotel-prins-hendrik-gal02-christian-oeser-150x150.jpg\" class=\"attachment-thumbnail size-thumbnail\" alt=\"Doppelzimmer im Hotel Prins Hendrik in Amsterdam\" aria-describedby=\"gallery-4-17239\" \/><\/a>\n\t\t\t<\/div>\n\t\t\t\t<figcaption class='wp-caption-text gallery-caption' id='gallery-4-17239'>\n\t\t\t\tDoppelzimmer im Hotel Prins Hendrik in Amsterdam\n\t\t\t\t<\/figcaption><\/figure><figure class='gallery-item'>\n\t\t\t<div class='gallery-icon landscape'>\n\t\t\t\t<a href='https:\/\/coeser.de\/blog\/wp-content\/uploads\/2021\/11\/interrail-europa-amsterdam-hotel-prins-hendrik-gal03-christian-oeser.jpg' title=\"Doppelzimmer im Hotel Prins Hendrik in Amsterdam\" data-rl_title=\"Doppelzimmer im Hotel Prins Hendrik in Amsterdam\" class=\"rl-gallery-link\" data-rl_caption=\"Aufnahmeort anzeigen\" data-rel=\"lightbox-gallery-4\"><img loading=\"lazy\" decoding=\"async\" width=\"150\" height=\"150\" src=\"https:\/\/coeser.de\/blog\/wp-content\/uploads\/2021\/11\/interrail-europa-amsterdam-hotel-prins-hendrik-gal03-christian-oeser-150x150.jpg\" class=\"attachment-thumbnail size-thumbnail\" alt=\"Doppelzimmer im Hotel Prins Hendrik in Amsterdam\" aria-describedby=\"gallery-4-17240\" \/><\/a>\n\t\t\t<\/div>\n\t\t\t\t<figcaption class='wp-caption-text gallery-caption' id='gallery-4-17240'>\n\t\t\t\tDoppelzimmer im Hotel Prins Hendrik in Amsterdam\n\t\t\t\t<\/figcaption><\/figure><figure class='gallery-item'>\n\t\t\t<div class='gallery-icon landscape'>\n\t\t\t\t<a href='https:\/\/coeser.de\/blog\/wp-content\/uploads\/2021\/11\/interrail-europa-amsterdam-hotel-prins-hendrik-gal04-christian-oeser.jpg' title=\"Bad im Doppelzimmer im Hotel Prins Hendrik in Amsterdam\" data-rl_title=\"Bad im Doppelzimmer im Hotel Prins Hendrik in Amsterdam\" class=\"rl-gallery-link\" data-rl_caption=\"Aufnahmeort anzeigen\" data-rel=\"lightbox-gallery-4\"><img loading=\"lazy\" decoding=\"async\" width=\"150\" height=\"150\" src=\"https:\/\/coeser.de\/blog\/wp-content\/uploads\/2021\/11\/interrail-europa-amsterdam-hotel-prins-hendrik-gal04-christian-oeser-150x150.jpg\" class=\"attachment-thumbnail size-thumbnail\" alt=\"Bad im Doppelzimmer im Hotel Prins Hendrik in Amsterdam\" aria-describedby=\"gallery-4-17241\" \/><\/a>\n\t\t\t<\/div>\n\t\t\t\t<figcaption class='wp-caption-text gallery-caption' id='gallery-4-17241'>\n\t\t\t\tBad im Doppelzimmer im Hotel Prins Hendrik in Amsterdam\n\t\t\t\t<\/figcaption><\/figure>\n\t\t<\/div>\n\n<\/div>\n<h2>Herbstliebe in Amsterdam<\/h2>\n<p>F\u00fcr Amsterdam buchten wir aufgrund der sp\u00e4ten Ankunft zwei N\u00e4chte in einem Hotel nahe des Hauptbahnhofs. So konnten wir am n\u00e4chsten Morgen frisch ausgeschlafen gleich im nahe gelegenen, hinter der <em>Oude Kerk<\/em> befindlichen Caf\u00e9 <strong>De Koffieschenkerij<\/strong> (<em>Oudekerksplein 27<\/em>) starten, um mit einem kr\u00e4ftigen Cappuccino und hausgemachtem <em>Lemon Cake<\/em> und <em>Banana Chocolate Cake<\/em> Kraft zu sammeln \u2013 einfach fantastisch! Danach schlenderten wir entlang der <strong>bildsch\u00f6nen Grachten<\/strong> durch das herbstliche Amsterdam. Diese Jahreszeit ist wohl ohne \u00dcbertreibung die beste, um der niederl\u00e4ndischen Hauptstadt einen Besuch abzustatten! Die langen Schatten der tiefstehenden Sonne und das bunte Laub verleihen Amsterdam einfach einen unvergesslichen Charakter.<\/p>\n<h3>K\u00f6stlichkeiten vom Markt<\/h3>\n<p>Unser n\u00e4chstes Ziel war der <strong>Albert Cuypmarkt<\/strong>, den ich euch schwer ans Herz lege. Auf einer Strecke von rund einem halben Kilometer reihen sich Dutzende St\u00e4nde aneinander, an denen ihr Obst, Gem\u00fcse, Kleidung, Souvenirs, Haushaltswaren, Blumen und jede Menge zu Essen bekommt. Gerade der letzte Punkt hat es meiner Freundin und mir angetan. Zuerst holten wir uns beim Kiosk <strong>Fishmongers Albert Cuyp<\/strong> (<em>Albert Cuypstraat 155<\/em>) einen gebackenen <em>Kibbeling<\/em>, ein Heringbr\u00f6tchen und ein gro\u00dfartiges Lachs-Carpaccio. Gleich am Nebenstand gab es bei <strong>Poffertjes Albert Cuyp<\/strong> (<em>Albert Cuypstraat 161<\/em>) als Nachspeise k\u00f6stliche <em>Poffertjes<\/em> (kleine, runde, gebackene Teigtaschen) und am Stand daneben eine <em>Stroopwafel<\/em>. Ein danach folgender langer Verdauungsspaziergang f\u00fchrte uns zum n\u00e4chsten Highlight.<\/p>\n<h3>Von der Windm\u00fchle ins Rotlichtviertel<\/h3>\n<p>Was sich als Sehensw\u00fcrdigkeit tarnt, ist eigentlich eine Brauerei: die <strong>Brouwerij \u2019t IJ<\/strong> (<em>Funenkade 7<\/em>) befindet sich n\u00e4mlich in einer <strong>historischen Windm\u00fchle<\/strong>. Das vor Ort gebraute Bier probiert ihr am besten mittels Beer Tasting, mit dem ihr f\u00fcnf verschiedene Sorten erhaltet. Mit der Stra\u00dfenbahn d\u00fcsten wir gleich darauf zur\u00fcck in die Innenstadt und holten uns noch die obligatorischen Pommes Frites beim bekannten Stand <strong>Manneken Pis Damrak<\/strong> (<em>Damrak 41<\/em>). Den Tag ausklingen lie\u00dfen wir dann in der trashigen Bar <strong>Caf\u00e9 Hill Street Blues<\/strong> (<em>Warmoesstraat 52A<\/em>), wo wir im Schaufenster sitzend unsere Biere genossen. Auch ein abschlie\u00dfender Rundgang durch das <strong>Rotlichtviertel<\/strong> stand nat\u00fcrlich am Programm. Schaut euch dabei unbedingt den <strong>Trompettersteeg<\/strong> an, die engste Gasse der Stadt! Mit einem mittern\u00e4chtlichen Snack im Automaten-Gesch\u00e4ft <strong>FEBO<\/strong> (<em>Oudezijds Voorburgwal 33<\/em>) endete schlie\u00dflich ein langer, intensiver und grandioser Tag in Amsterdam.<\/p>\n<figure id=\"attachment_17243\" class=\"thumbnail wp-caption alignnone\" style=\"width: 970px\"><img loading=\"lazy\" decoding=\"async\" class=\"wp-image-17243 size-full\" src=\"https:\/\/coeser.de\/blog\/wp-content\/uploads\/2021\/11\/interrail-europa-amsterdam-gal01-fotos-christian-oeser.jpg\" alt=\"Fotos aus Amsterdam: Grachten, Pommes Frites, Caf\u00e9, Brouwerij 't IJ\" width=\"960\" height=\"639\" srcset=\"https:\/\/coeser.de\/blog\/wp-content\/uploads\/2021\/11\/interrail-europa-amsterdam-gal01-fotos-christian-oeser.jpg 960w, https:\/\/coeser.de\/blog\/wp-content\/uploads\/2021\/11\/interrail-europa-amsterdam-gal01-fotos-christian-oeser-768x511.jpg 768w, https:\/\/coeser.de\/blog\/wp-content\/uploads\/2021\/11\/interrail-europa-amsterdam-gal01-fotos-christian-oeser-330x220.jpg 330w\" sizes=\"auto, (max-width: 960px) 100vw, 960px\" \/><figcaption class=\"caption wp-caption-text\">Bild links oben: Eine besonders sch\u00f6ne Ecke in Amsterdam ist Keizersgracht\/Reguliersgracht (<a href=\"https:\/\/www.google.de\/maps\/place\/52.36320322801585,4.896201645662078\" target=\"_blank\" rel=\"noopener noreferrer\">Aufnahmeort anzeigen<\/a>)<br \/>Bild rechts oben: Frites von Manneken Pis Damrak isst man am besten am Wasser (<a href=\"https:\/\/www.google.de\/maps\/place\/52.37559380748387,4.897083234010666\" target=\"_blank\" rel=\"noopener noreferrer\">Aufnahmeort anzeigen<\/a>)<br \/>Bild links unten: Hinter der Oude Kerk l\u00e4dt das tolle Caf\u00e9 De Koffieschenkerij ein (<a href=\"https:\/\/www.google.de\/maps\/place\/52.37414903641445,4.898345281307015\" target=\"_blank\" rel=\"noopener noreferrer\">Aufnahmeort anzeigen<\/a>)<br \/>Bild rechts unten: In einer alten M\u00fchle ist heute die Brauerei Brouwerij \u2019t IJ untergebracht (<a href=\"https:\/\/www.google.de\/maps\/place\/52.36635785279096,4.926097330213649\" target=\"_blank\" rel=\"noopener noreferrer\">Aufnahmeort anzeigen<\/a>)<\/figcaption><\/figure>\n<figure id=\"attachment_17244\" class=\"thumbnail wp-caption alignnone\" style=\"width: 970px\"><img loading=\"lazy\" decoding=\"async\" class=\"wp-image-17244 size-full\" src=\"https:\/\/coeser.de\/blog\/wp-content\/uploads\/2021\/11\/interrail-europa-amsterdam-gal02-damrak-christian-oeser.jpg\" alt=\"Beleuchtete H\u00e4userzeile Damrak in Amsterdam\" width=\"960\" height=\"640\" srcset=\"https:\/\/coeser.de\/blog\/wp-content\/uploads\/2021\/11\/interrail-europa-amsterdam-gal02-damrak-christian-oeser.jpg 960w, https:\/\/coeser.de\/blog\/wp-content\/uploads\/2021\/11\/interrail-europa-amsterdam-gal02-damrak-christian-oeser-768x512.jpg 768w, https:\/\/coeser.de\/blog\/wp-content\/uploads\/2021\/11\/interrail-europa-amsterdam-gal02-damrak-christian-oeser-330x220.jpg 330w\" sizes=\"auto, (max-width: 960px) 100vw, 960px\" \/><figcaption class=\"caption wp-caption-text\">Direkt gegen\u00fcber des Hauptbahnhofs von Amsterdam begr\u00fc\u00dft die sehenswerte H\u00e4userzeile Damrak die Besucher und Besucherinnen. Vor allem abends ist dieser Ort ein hervorragendes Fotomotiv.<br \/><a href=\"https:\/\/www.google.de\/maps\/place\/52.37673687080165,4.898690359334387\" target=\"_blank\" rel=\"noopener noreferrer\">Aufnahmeort anzeigen<\/a><\/figcaption><\/figure>\n<figure id=\"attachment_17245\" class=\"thumbnail wp-caption alignnone\" style=\"width: 970px\"><img loading=\"lazy\" decoding=\"async\" class=\"wp-image-17245 size-full\" src=\"https:\/\/coeser.de\/blog\/wp-content\/uploads\/2021\/11\/interrail-europa-amsterdam-gal03-fotos-christian-oeser.jpg\" alt=\"Fotos aus Amsterdam: Trompettersteeg, Kibbeling, Grachten, Fahrr\u00e4der, Rotlichtviertel\" width=\"960\" height=\"639\" srcset=\"https:\/\/coeser.de\/blog\/wp-content\/uploads\/2021\/11\/interrail-europa-amsterdam-gal03-fotos-christian-oeser.jpg 960w, https:\/\/coeser.de\/blog\/wp-content\/uploads\/2021\/11\/interrail-europa-amsterdam-gal03-fotos-christian-oeser-768x511.jpg 768w, https:\/\/coeser.de\/blog\/wp-content\/uploads\/2021\/11\/interrail-europa-amsterdam-gal03-fotos-christian-oeser-330x220.jpg 330w\" sizes=\"auto, (max-width: 960px) 100vw, 960px\" \/><figcaption class=\"caption wp-caption-text\">Bild links oben: Der Trompettersteeg im Rotlichtviertel ist die engste Gasse Amsterdams (<a href=\"https:\/\/www.google.de\/maps\/place\/52.37373300210042,4.89777724676513\" target=\"_blank\" rel=\"noopener noreferrer\">Aufnahmeort anzeigen<\/a>)<br \/>Bild rechts oben: K\u00f6stlichen, gebackenen Kibbeling gibt es beispielsweise am Albert Cuypmarkt (<a href=\"https:\/\/www.google.de\/maps\/place\/52.355640962862616,4.893410138221904\" target=\"_blank\" rel=\"noopener noreferrer\">Aufnahmeort anzeigen<\/a>)<br \/>Bild links unten: Fahrr\u00e4der und Grachten &#8211; Klischees bietet Amsterdam gen\u00fcgend! (<a href=\"https:\/\/www.google.de\/maps\/place\/52.37568922395257,4.900105629005094\" target=\"_blank\" rel=\"noopener noreferrer\">Aufnahmeort anzeigen<\/a>)<br \/>Bild rechts unten: Die drei Kreuze stammen vom Amsterdamer Wappen, erinnern aber auch an ein s\u00fcndiges Gewerbe (<a href=\"https:\/\/www.google.de\/maps\/place\/52.375028756294334,4.899376917993118\" target=\"_blank\" rel=\"noopener noreferrer\">Aufnahmeort anzeigen<\/a>)<\/figcaption><\/figure>\n<div class=\"tipps\">\n<h3>WEITERE REISEBERICHTE ZU AMSTERDAM<\/h3>\n<p><strong><a href=\"https:\/\/coeser.de\/blog\/index.php\/2017\/06\/06\/amsterdam-stadt-der-schiefen-haueser\/\" target=\"_blank\" rel=\"noopener\">Amsterdam: Die Stadt der schiefen H\u00e4user<\/a><\/strong><\/p>\n<p><strong><a href=\"https:\/\/coeser.de\/blog\/index.php\/2019\/02\/26\/keukenhof-blumenmeer-vor-amsterdam\/\" target=\"_blank\" rel=\"noopener\">Keukenhof: Das Blumenmeer vor Amsterdam<\/a><\/strong><\/p>\n<\/div>\n<p>&nbsp;<\/p>\n<hr \/>\n<div class=\"fakten\">\n<h2><img loading=\"lazy\" decoding=\"async\" class=\"alignnone size-full wp-image-17246\" src=\"https:\/\/coeser.de\/blog\/wp-content\/uploads\/2021\/11\/interrail-europa-aufmacher6-berlin-east-side-gallery-christian-oeser.jpg\" alt=\"Touristen vor einem Kunstwerk auf der East Side Gallery in Berlin\" width=\"920\" height=\"307\" srcset=\"https:\/\/coeser.de\/blog\/wp-content\/uploads\/2021\/11\/interrail-europa-aufmacher6-berlin-east-side-gallery-christian-oeser.jpg 920w, https:\/\/coeser.de\/blog\/wp-content\/uploads\/2021\/11\/interrail-europa-aufmacher6-berlin-east-side-gallery-christian-oeser-768x256.jpg 768w\" sizes=\"auto, (max-width: 920px) 100vw, 920px\" \/><\/h2>\n<h2><strong>INTERRAIL<\/strong> <strong>TAG 6-7: BERLIN<\/strong><\/h2>\n<p><strong>Aufenthalt: <\/strong>1 \u00dcbernachtung<br \/>\n<strong>Zugart: <\/strong>Intercity<br \/>\n<strong>Reservierung: <\/strong>nicht erforderlich, empfohlen<br \/>\n<strong>Distanz und Fahrzeit:<\/strong> 574 Kilometer, 6:22h<br \/>\n<strong>Komfort:<\/strong> sehr gut<br \/>\n<strong>Unterkunft: <a href=\"https:\/\/www.booking.com\/hotel\/de\/moxy-berlin-ostbahnhof.de.html?aid=1634405\" target=\"_blank\" rel=\"noopener\">Hotel Moxy Berlin Ostbahnhof<\/a>* <\/strong>(<em>Andreasstra\u00dfe 76-78<\/em>): Lage direkt am Ostbahnhof, mit S-Bahn schnell in der Innenstadt, einfache aber stylische Zimmer in ausreichender Gr\u00f6\u00dfe, kleines Bad mit super Dusche, Highspeed WLAN Upload\/Download, Welcome Drink inkludiert, Fr\u00fchst\u00fcck nicht gebucht. <em>Weiterempfehlung?<\/em> <strong>JA!<\/strong><br \/>\n<strong>Auf meiner bevorzugten Hotelsuchmaschine booking.com findet ihr weitere <a href=\"https:\/\/www.booking.com\/searchresults.de.html?city=-1746443&amp;aid=1634405&amp;no_rooms=1&amp;group_adults=2\" target=\"_blank\" rel=\"noopener\">sch\u00f6ne Unterk\u00fcnfte in Berlin<\/a>*!<\/strong><\/p>\n<div id='gallery-5' class='gallery galleryid-17186 gallery-columns-7 gallery-size-thumbnail'><figure class='gallery-item'>\n\t\t\t<div class='gallery-icon landscape'>\n\t\t\t\t<a href='https:\/\/coeser.de\/blog\/wp-content\/uploads\/2021\/11\/interrail-europa-berlin-hotel-moxy-ostbahnhof-gal01-christian-oeser.jpg' title=\"Au\u00dfenansicht des Hotel Moxy Ostbahnhof in Berlin\" data-rl_title=\"Au\u00dfenansicht des Hotel Moxy Ostbahnhof in Berlin\" class=\"rl-gallery-link\" data-rl_caption=\"Aufnahmeort anzeigen\" data-rel=\"lightbox-gallery-5\"><img loading=\"lazy\" decoding=\"async\" width=\"150\" height=\"150\" src=\"https:\/\/coeser.de\/blog\/wp-content\/uploads\/2021\/11\/interrail-europa-berlin-hotel-moxy-ostbahnhof-gal01-christian-oeser-150x150.jpg\" class=\"attachment-thumbnail size-thumbnail\" alt=\"Au\u00dfenansicht des Hotel Moxy Ostbahnhof in Berlin\" aria-describedby=\"gallery-5-17247\" \/><\/a>\n\t\t\t<\/div>\n\t\t\t\t<figcaption class='wp-caption-text gallery-caption' id='gallery-5-17247'>\n\t\t\t\tAu\u00dfenansicht des Hotel Moxy Ostbahnhof in Berlin\n\t\t\t\t<\/figcaption><\/figure><figure class='gallery-item'>\n\t\t\t<div class='gallery-icon landscape'>\n\t\t\t\t<a href='https:\/\/coeser.de\/blog\/wp-content\/uploads\/2021\/11\/interrail-europa-berlin-hotel-moxy-ostbahnhof-gal02-christian-oeser.jpg' title=\"Doppelzimmer im Hotel Moxy Ostbahnhof in Berlin\" data-rl_title=\"Doppelzimmer im Hotel Moxy Ostbahnhof in Berlin\" class=\"rl-gallery-link\" data-rl_caption=\"Aufnahmeort anzeigen\" data-rel=\"lightbox-gallery-5\"><img loading=\"lazy\" decoding=\"async\" width=\"150\" height=\"150\" src=\"https:\/\/coeser.de\/blog\/wp-content\/uploads\/2021\/11\/interrail-europa-berlin-hotel-moxy-ostbahnhof-gal02-christian-oeser-150x150.jpg\" class=\"attachment-thumbnail size-thumbnail\" alt=\"Doppelzimmer im Hotel Moxy Ostbahnhof in Berlin\" aria-describedby=\"gallery-5-17248\" \/><\/a>\n\t\t\t<\/div>\n\t\t\t\t<figcaption class='wp-caption-text gallery-caption' id='gallery-5-17248'>\n\t\t\t\tDoppelzimmer im Hotel Moxy Ostbahnhof in Berlin\n\t\t\t\t<\/figcaption><\/figure><figure class='gallery-item'>\n\t\t\t<div class='gallery-icon landscape'>\n\t\t\t\t<a href='https:\/\/coeser.de\/blog\/wp-content\/uploads\/2021\/11\/interrail-europa-berlin-hotel-moxy-ostbahnhof-gal03-christian-oeser.jpg' title=\"Bad im Doppelzimmer im Hotel Moxy Ostbahnhof in Berlin\" data-rl_title=\"Bad im Doppelzimmer im Hotel Moxy Ostbahnhof in Berlin\" class=\"rl-gallery-link\" data-rl_caption=\"Aufnahmeort anzeigen\" data-rel=\"lightbox-gallery-5\"><img loading=\"lazy\" decoding=\"async\" width=\"150\" height=\"150\" src=\"https:\/\/coeser.de\/blog\/wp-content\/uploads\/2021\/11\/interrail-europa-berlin-hotel-moxy-ostbahnhof-gal03-christian-oeser-150x150.jpg\" class=\"attachment-thumbnail size-thumbnail\" alt=\"Bad im Doppelzimmer im Hotel Moxy Ostbahnhof in Berlin\" aria-describedby=\"gallery-5-17249\" \/><\/a>\n\t\t\t<\/div>\n\t\t\t\t<figcaption class='wp-caption-text gallery-caption' id='gallery-5-17249'>\n\t\t\t\tBad im Doppelzimmer im Hotel Moxy Ostbahnhof in Berlin\n\t\t\t\t<\/figcaption><\/figure>\n\t\t<\/div>\n\n<\/div>\n<h2>Lange, angenehme Fahrt nach Berlin<\/h2>\n<p>Um 11 Uhr vormittags sollte unser Intercity vom Hauptbahnhof Amsterdam in Richtung Berlin Hauptbahnhof losrollen. Das erm\u00f6glichte uns noch einen angenehmen, stressfreien Start in den Tag. Uns stand mit 6:22 Stunden eine der l\u00e4ngsten Zugfahrten w\u00e4hrend unserer achtt\u00e4gigen Interrail-Reise bevor und zu unserer \u00dcberraschung sollte es auch eine der angenehmsten sein. Die Zeit nutzten wir zum Vorbereiten dieses Blogartikels, zum Bef\u00fcllen des Bullet Journals meiner Freundin mit Reiseberichten und nat\u00fcrlich zum Entspannen. In Berlin angekommen fuhren wir vom Hauptbahnhof mit der S-Bahn (im Interrail-Ticket inkludiert, da Deutsche Bahn) noch zum Ostbahnhof, wo sich unser <strong><a href=\"https:\/\/www.booking.com\/hotel\/de\/moxy-berlin-ostbahnhof.de.html?aid=1634405\" target=\"_blank\" rel=\"noopener\">Hotel Moxy Berlin Ostbahnhof<\/a>*<\/strong> befand.<\/p>\n<h3>Berlin, wie es leibt und lebt<\/h3>\n<p>Rund 24 Stunden in Berlin ist nat\u00fcrlich keine lange Zeit. Deshalb nutzten wir gleich nach dem Einchecken im Hotel die Abendstunden, um noch Essen zu gehen und kurz in die Partyszene einzutauchen. F\u00fcndig wurden wir beim Ostbahnhof im <strong>Restaurant Volkskammer<\/strong> (<em>Stra\u00dfe der Pariser Kommune 18B<\/em>), das sich komplett der ehemaligen DDR verschrieben hat &#8211; eine hei\u00dfe Empfehlung! Danach f\u00fchrte uns ein sp\u00e4rlich beleuchteter Weg vorbei am ber\u00fchmt-ber\u00fcchtigten Technopalast <strong>Berghain<\/strong> (Samstag, 21 Uhr, kein Mensch vor Ort) zum Bahnhof <em>Warschauer Stra\u00dfe<\/em>, wo wir uns im <strong>RAW-Gel\u00e4nde<\/strong> (ehemaliges Industriegebiet) im Club <strong>Urban Spree<\/strong> (<em>Revaler Stra\u00dfe 99<\/em>) noch etwas mit elektronischer Musik sowie Bier, Vodka Mate und Berliner Luft vergn\u00fcgten, ehe es ins Hotel zur\u00fcck ging.<\/p>\n<h3>Kultur und Streed Food<\/h3>\n<p>Den angebrochenen Tag nutzten wir im Sonnenschein gleich mit einer Besichtigung der bekannten <strong>East Side Gallery<\/strong>, wo sich seit den 90er-Jahren auf den \u00dcberresten der <strong>Berliner Mauer<\/strong> Dutzende K\u00fcnstler mit beeindruckenden Werken verewigt haben. Erneut landeten wir danach auf dem <em>RAW-Gel\u00e4nde<\/em>, wo ein gro\u00dfer <strong>Flohmarkt<\/strong> und ein herrlich duftender <strong>Street Food Market<\/strong> unsere Herzen vor Freude h\u00fcpfen lie\u00dfen. Wir probierten zwei Gerichte aus Kirgistan (das Reisgericht <em>Plov<\/em> und Teigtaschen <em>Manti<\/em>), die beide fantastisch schmeckten. Am R\u00fcckweg zum Hotel kamen wir nochmals am Berghain vorbei, wo sich \u00fcberraschenderweise am Sonntag um 13 Uhr Hunderte Feierw\u00fctige vor dem Eingang tummelten. \ud83d\ude09 Wir aber mussten leider schon zum Hauptbahnhof, wo wir uns noch mit einer Curry-Wurst bei <strong>Curry 36<\/strong> verpflegten, bevor es ab nach Prag ging.<\/p>\n<figure id=\"attachment_17250\" class=\"thumbnail wp-caption alignnone\" style=\"width: 970px\"><img loading=\"lazy\" decoding=\"async\" class=\"wp-image-17250 size-full\" src=\"https:\/\/coeser.de\/blog\/wp-content\/uploads\/2021\/11\/interrail-europa-berlin-gal01-fotos-christian-oeser.jpg\" alt=\"Fotos aus Berlin: Fernsehturm, Street Food, Technoclub, East Side Gallery\" width=\"960\" height=\"639\" srcset=\"https:\/\/coeser.de\/blog\/wp-content\/uploads\/2021\/11\/interrail-europa-berlin-gal01-fotos-christian-oeser.jpg 960w, https:\/\/coeser.de\/blog\/wp-content\/uploads\/2021\/11\/interrail-europa-berlin-gal01-fotos-christian-oeser-768x511.jpg 768w, https:\/\/coeser.de\/blog\/wp-content\/uploads\/2021\/11\/interrail-europa-berlin-gal01-fotos-christian-oeser-330x220.jpg 330w\" sizes=\"auto, (max-width: 960px) 100vw, 960px\" \/><figcaption class=\"caption wp-caption-text\">Bild links oben: Ein Klassiker unter den Berliner Motiven &#8211; Fernsehturm und Alex-Schild (<a href=\"https:\/\/www.google.de\/maps\/place\/52.52112686135783,13.412366230416373\" target=\"_blank\" rel=\"noopener noreferrer\">Aufnahmeort anzeigen<\/a>)<br \/>Bild rechts oben: K\u00f6stliches Street Food aus Kirgistan auf dem RAW-Gel\u00e4nde (<a href=\"https:\/\/www.google.de\/maps\/place\/52.50741896493234,13.455023702520714\" target=\"_blank\" rel=\"noopener noreferrer\">Aufnahmeort anzeigen<\/a>)<br \/>Bild links unten: Der Tanzclub Urban Spree auf dem RAW-Gel\u00e4nde (<a href=\"https:\/\/www.google.de\/maps\/place\/52.507826600537605,13.45148900004074\" target=\"_blank\" rel=\"noopener noreferrer\">Aufnahmeort anzeigen<\/a>)<br \/>Bild rechts unten: Wundervolle Kunst entlang der East Side Gallery (<a href=\"https:\/\/www.google.de\/maps\/place\/52.50689688261582,13.43663440901501\" target=\"_blank\" rel=\"noopener noreferrer\">Aufnahmeort anzeigen<\/a>)<\/figcaption><\/figure>\n<figure id=\"attachment_17251\" class=\"thumbnail wp-caption alignnone\" style=\"width: 970px\"><img loading=\"lazy\" decoding=\"async\" class=\"wp-image-17251 size-full\" src=\"https:\/\/coeser.de\/blog\/wp-content\/uploads\/2021\/11\/interrail-europa-berlin-gal02-oberbaumbruecke-christian-oeser.jpg\" alt=\"Oberbaumbr\u00fccke in Berlin\" width=\"960\" height=\"640\" srcset=\"https:\/\/coeser.de\/blog\/wp-content\/uploads\/2021\/11\/interrail-europa-berlin-gal02-oberbaumbruecke-christian-oeser.jpg 960w, https:\/\/coeser.de\/blog\/wp-content\/uploads\/2021\/11\/interrail-europa-berlin-gal02-oberbaumbruecke-christian-oeser-768x512.jpg 768w, https:\/\/coeser.de\/blog\/wp-content\/uploads\/2021\/11\/interrail-europa-berlin-gal02-oberbaumbruecke-christian-oeser-330x220.jpg 330w\" sizes=\"auto, (max-width: 960px) 100vw, 960px\" \/><figcaption class=\"caption wp-caption-text\">Die Oberbaumbr\u00fccke am Bahnhof Warschauer Stra\u00dfe ist eine der weniger exponierten, aber enorm beeindruckenden Sehensw\u00fcrdigkeiten in Berlin<br \/><a href=\"https:\/\/www.google.de\/maps\/place\/52.50200376833946,13.44704841184863\" target=\"_blank\" rel=\"noopener noreferrer\">Aufnahmeort anzeigen<\/a><\/figcaption><\/figure>\n<figure id=\"attachment_17252\" class=\"thumbnail wp-caption alignnone\" style=\"width: 970px\"><img loading=\"lazy\" decoding=\"async\" class=\"wp-image-17252 size-full\" src=\"https:\/\/coeser.de\/blog\/wp-content\/uploads\/2021\/11\/interrail-europa-berlin-gal03-fotos-christian-oeser.jpg\" alt=\"Fotos aus Berlin: Flohmarkt RAW-Gel\u00e4nde, Skatehalle, U-Bahn, Currywurst\" width=\"960\" height=\"639\" srcset=\"https:\/\/coeser.de\/blog\/wp-content\/uploads\/2021\/11\/interrail-europa-berlin-gal03-fotos-christian-oeser.jpg 960w, https:\/\/coeser.de\/blog\/wp-content\/uploads\/2021\/11\/interrail-europa-berlin-gal03-fotos-christian-oeser-768x511.jpg 768w, https:\/\/coeser.de\/blog\/wp-content\/uploads\/2021\/11\/interrail-europa-berlin-gal03-fotos-christian-oeser-330x220.jpg 330w\" sizes=\"auto, (max-width: 960px) 100vw, 960px\" \/><figcaption class=\"caption wp-caption-text\">Bild links oben: Sehr empfehlenswert: der Flohmarkt am RAW-Gel\u00e4nde in Berlin (<a href=\"https:\/\/www.google.de\/maps\/place\/52.50712035103906,13.456189992672858\" target=\"_blank\" rel=\"noopener noreferrer\">Aufnahmeort anzeigen<\/a>)<br \/>Bild rechts oben: Ebenfalls am RAW-Gel\u00e4nde befindet sich eine Skatehalle mit nettem Caf\u00e9 (<a href=\"https:\/\/www.google.de\/maps\/place\/52.50706945878717,13.454167843864136\" target=\"_blank\" rel=\"noopener noreferrer\">Aufnahmeort anzeigen<\/a>)<br \/>Bild links unten: Die charakteristische gelbe U-Bahn im Bahnhof Warschauer Stra\u00dfe (<a href=\"https:\/\/www.google.de\/maps\/place\/52.505275429074985,13.449153724138077\" target=\"_blank\" rel=\"noopener noreferrer\">Aufnahmeort anzeigen<\/a>)<br \/>Bild rechts unten: Vor unserer Weiterreise nach Prag g\u00f6nnten wir uns noch eine Currywurst (<a href=\"https:\/\/www.google.de\/maps\/place\/52.52388546008927,13.369662868873473\" target=\"_blank\" rel=\"noopener noreferrer\">Aufnahmeort anzeigen<\/a>)<\/figcaption><\/figure>\n<div class=\"tipps\">\n<h3>WEITERE REISEBERICHTE ZU BERLIN<\/h3>\n<p><strong><a href=\"https:\/\/coeser.de\/blog\/index.php\/2018\/11\/06\/berlin-fuer-anfaenger-teil-1\/\" target=\"_blank\" rel=\"noopener\">Berlin f\u00fcr Anf\u00e4nger, Teil 1<\/a><\/strong><\/p>\n<p><strong><a href=\"https:\/\/coeser.de\/blog\/index.php\/2018\/11\/13\/berlin-fuer-anfaenger-teil-2\/\" target=\"_blank\" rel=\"noopener\">Berlin f\u00fcr Anf\u00e4nger, Teil 2<\/a><\/strong><\/p>\n<p><strong><a href=\"https:\/\/coeser.de\/blog\/index.php\/2019\/02\/12\/berlin-fuer-fortgeschrittene-teil-1\/\" target=\"_blank\" rel=\"noopener\">Berlin f\u00fcr Fortgeschrittene, Teil 1<\/a><\/strong><\/p>\n<p><strong><a href=\"https:\/\/coeser.de\/blog\/index.php\/2019\/02\/19\/berlin-fuer-fortgeschrittene-teil-2\/\" target=\"_blank\" rel=\"noopener\">Berlin f\u00fcr Fortgeschrittene, Teil 2<\/a><\/strong><\/p>\n<\/div>\n<p>&nbsp;<\/p>\n<hr \/>\n<div class=\"fakten\">\n<h2><img loading=\"lazy\" decoding=\"async\" class=\"alignnone size-full wp-image-17256\" src=\"https:\/\/coeser.de\/blog\/wp-content\/uploads\/2021\/11\/interrail-europa-aufmacher7-prag-astronomische-uhr-christian-oeser.jpg\" alt=\"Astronomische Uhr in Prag\" width=\"920\" height=\"307\" srcset=\"https:\/\/coeser.de\/blog\/wp-content\/uploads\/2021\/11\/interrail-europa-aufmacher7-prag-astronomische-uhr-christian-oeser.jpg 920w, https:\/\/coeser.de\/blog\/wp-content\/uploads\/2021\/11\/interrail-europa-aufmacher7-prag-astronomische-uhr-christian-oeser-768x256.jpg 768w\" sizes=\"auto, (max-width: 920px) 100vw, 920px\" \/><\/h2>\n<h2><strong>INTERRAIL<\/strong> <strong>TAG 7-8: PRAG<\/strong><\/h2>\n<p><strong>Aufenthalt: <\/strong>1 \u00dcbernachtung<br \/>\n<strong>Zugart: <\/strong>Eurocity<br \/>\n<strong>Reservierung: <\/strong>nicht erforderlich, empfohlen<br \/>\n<strong>Distanz und Fahrzeit:<\/strong> 281 Kilometer, 4:20h<br \/>\n<strong>Komfort:<\/strong> sehr gut<br \/>\n<strong>Unterkunft:<\/strong> <strong><a href=\"https:\/\/www.booking.com\/hotel\/cz\/jungmann.de.html?aid=1634405\" target=\"_blank\" rel=\"noopener\">Hotel Jungmann Prag<\/a>*<\/strong> (<em>Jungmannovo n\u00e1m. 762\/2<\/em>): sehr g\u00fcnstiges Hotel in sehr guter Innenstadtlage unweit des n\u00f6rdlichen Endes des Wenzelplatz, Metro-Station <em>M\u016fstek<\/em> direkt vor der T\u00fcr, schmales Haus aber \u00fcberraschend ger\u00e4umige Zimmer, gro\u00dfes bequemes Bett, super Dusche, Safe, Minibar, WLAN Download Durchschnitt, Upload sehr schwach, kein Fr\u00fchst\u00fcck gebucht, Dachterrasse mit Sitzgelegenheiten vorhanden, aber keine spektakul\u00e4re Aussicht. <em>Weiterempfehlung?<\/em> <strong>JA!<\/strong><br \/>\n<strong>Auf meiner bevorzugten Hotelsuchmaschine booking.com findet ihr weitere <a href=\"https:\/\/www.booking.com\/searchresults.de.html?city=-553173&amp;aid=1634405&amp;no_rooms=1&amp;group_adults=2\" target=\"_blank\" rel=\"noopener\">sch\u00f6ne Unterk\u00fcnfte in Prag<\/a>*!<\/strong><\/p>\n<div id='gallery-6' class='gallery galleryid-17186 gallery-columns-7 gallery-size-thumbnail'><figure class='gallery-item'>\n\t\t\t<div class='gallery-icon landscape'>\n\t\t\t\t<a href='https:\/\/coeser.de\/blog\/wp-content\/uploads\/2021\/11\/interrail-europa-prag-hotel-jungmann-gal01-christian-oeser.jpg' title=\"Au\u00dfenansicht des Hotel Jungmann (schmales Haus) in Prag\" data-rl_title=\"Au\u00dfenansicht des Hotel Jungmann (schmales Haus) in Prag\" class=\"rl-gallery-link\" data-rl_caption=\"Aufnahmeort anzeigen\" data-rel=\"lightbox-gallery-6\"><img loading=\"lazy\" decoding=\"async\" width=\"150\" height=\"150\" src=\"https:\/\/coeser.de\/blog\/wp-content\/uploads\/2021\/11\/interrail-europa-prag-hotel-jungmann-gal01-christian-oeser-150x150.jpg\" class=\"attachment-thumbnail size-thumbnail\" alt=\"Au\u00dfenansicht des Hotel Jungmann (schmales Haus) in Prag\" aria-describedby=\"gallery-6-17253\" \/><\/a>\n\t\t\t<\/div>\n\t\t\t\t<figcaption class='wp-caption-text gallery-caption' id='gallery-6-17253'>\n\t\t\t\tAu\u00dfenansicht des Hotel Jungmann (schmales Haus) in Prag\n\t\t\t\t<\/figcaption><\/figure><figure class='gallery-item'>\n\t\t\t<div class='gallery-icon landscape'>\n\t\t\t\t<a href='https:\/\/coeser.de\/blog\/wp-content\/uploads\/2021\/11\/interrail-europa-prag-hotel-jungmann-gal02-christian-oeser.jpg' title=\"Doppelzimmer im Hotel Jungmann in Prag\" data-rl_title=\"Doppelzimmer im Hotel Jungmann in Prag\" class=\"rl-gallery-link\" data-rl_caption=\"Aufnahmeort anzeigen\" data-rel=\"lightbox-gallery-6\"><img loading=\"lazy\" decoding=\"async\" width=\"150\" height=\"150\" src=\"https:\/\/coeser.de\/blog\/wp-content\/uploads\/2021\/11\/interrail-europa-prag-hotel-jungmann-gal02-christian-oeser-150x150.jpg\" class=\"attachment-thumbnail size-thumbnail\" alt=\"Doppelzimmer im Hotel Jungmann in Prag\" aria-describedby=\"gallery-6-17254\" \/><\/a>\n\t\t\t<\/div>\n\t\t\t\t<figcaption class='wp-caption-text gallery-caption' id='gallery-6-17254'>\n\t\t\t\tDoppelzimmer im Hotel Jungmann in Prag\n\t\t\t\t<\/figcaption><\/figure><figure class='gallery-item'>\n\t\t\t<div class='gallery-icon landscape'>\n\t\t\t\t<a href='https:\/\/coeser.de\/blog\/wp-content\/uploads\/2021\/11\/interrail-europa-prag-hotel-jungmann-gal03-christian-oeser.jpg' title=\"Doppelzimmer im Hotel Jungmann in Prag\" data-rl_title=\"Doppelzimmer im Hotel Jungmann in Prag\" class=\"rl-gallery-link\" data-rl_caption=\"Aufnahmeort anzeigen\" data-rel=\"lightbox-gallery-6\"><img loading=\"lazy\" decoding=\"async\" width=\"150\" height=\"150\" src=\"https:\/\/coeser.de\/blog\/wp-content\/uploads\/2021\/11\/interrail-europa-prag-hotel-jungmann-gal03-christian-oeser-150x150.jpg\" class=\"attachment-thumbnail size-thumbnail\" alt=\"Doppelzimmer im Hotel Jungmann in Prag\" aria-describedby=\"gallery-6-17255\" \/><\/a>\n\t\t\t<\/div>\n\t\t\t\t<figcaption class='wp-caption-text gallery-caption' id='gallery-6-17255'>\n\t\t\t\tDoppelzimmer im Hotel Jungmann in Prag\n\t\t\t\t<\/figcaption><\/figure>\n\t\t<\/div>\n\n<\/div>\n<h2>Auf zu Bier und Sv\u00ed\u010dkov\u00e1 nach Prag<\/h2>\n<p>Etwas mehr als vier Stunden betr\u00e4gt die Fahrzeit von Berlin nach Prag, wo wir abends gegen 19:30 Uhr ankamen. Mit der U-Bahn (einmal umsteigen) konnten wir direkt vor die Haust\u00fcr unseres gebuchten <strong><a href=\"https:\/\/www.booking.com\/hotel\/cz\/jungmann.de.html?aid=1634405\" target=\"_blank\" rel=\"noopener\">Hotel Jungmann Prag<\/a>*<\/strong> in der Innenstadt fahren (hei\u00dfer Tipp!), das sich als sehr guter Ausgangspunkt f\u00fcr eine Stadtbesichtigung, Caf\u00e9s und Restaurants erweisen sollte. Nach dem Zimmerbezug fielen wir hungrig in das gleich an das Hotel angrenzende <strong>Restaurace &#8222;Otev\u0159eno&#8220;<\/strong> (<em>Jungmannovo n\u00e1m. 763\/3<\/em>) ein, wo wir k\u00f6stliches Bier von <em>Pilsner<\/em> und <em>Kozel<\/em> sowie das tschechische Nationalgericht <em>Sv\u00ed\u010dkov\u00e1<\/em> genossen. Mit einem Stamperl Sliwowitz im K\u00f6rper war es dann nicht mehr schwer, den Tag mehr als zufrieden im warmen Bett zu beenden. \ud83d\ude09<\/p>\n<h3>Fr\u00fchst\u00fcck im Kubismus-Museum<\/h3>\n<p>Tag acht und somit die letzte Etappe stand am n\u00e4chsten Morgen auf dem Programm. Mit etwas Wehmut machten meine Freundin und ich uns auf den Weg, um noch einmal das Thema \u201eGenussreise\u201c aufleben zu lassen. Da wir in Hotels generell sehr selten Fr\u00fchst\u00fcck buchen, suchten wir uns gleich interessante lokale Caf\u00e9s heraus. F\u00fcr einen schnellen, kr\u00e4ftigen Cappuccino eignet sich zum Beispiel das neben dem Hotel Jungmann liegende <strong>Coffee Cube Black<\/strong> (<em>Jungmannovo n\u00e1m. 6\/767<\/em>). Das eigentliche Fr\u00fchst\u00fcck fanden wir dann aber im <strong>Haus zur Schwarzen Madonna<\/strong>, in dem sich das tschechische <strong>Kubismus-Museum<\/strong>, ein sehenswertes Treppenhaus und im ersten Stock das stilvolle <strong>Grand Caf\u00e9 Orient<\/strong> (<em>Ovocn\u00fd trh 19<\/em>) befinden. Von unseren gef\u00fcllten Croissants und Semmeln sowie einer Honigtorte und dem \u201eKubismus\u201c-Brandteigkrapfen waren wir wirklich begeistert!<\/p>\n<h3>Letzter Blick auf die Sehensw\u00fcrdigkeiten<\/h3>\n<p>Gest\u00e4rkt schlenderten wir durch die zauberhaften Gassen der Prager Innenstadt zum Hauptplatz <strong>Altst\u00e4dter Ring<\/strong>, wo wir die wirklich faszinierende <strong>Astronomische Uhr<\/strong> bestaunten, welche in der Vergangenheit lange Zeit wegen Restaurierung verdeckt war. Auch ein Abstecher zur <strong>Karlsbr\u00fccke<\/strong> mit Blick auf die <strong>Prager Burg<\/strong> musste nat\u00fcrlich sein, bevor wir langsam \u00fcber einige kleine Umwege wieder in Richtung Hotel gingen. Dort in der N\u00e4he machten wir einen letzten Halt im Restaurant <strong>Potrefen\u00e1 Husa<\/strong> (<em>N\u00e1rodn\u00ed 364\/39<\/em>), wo wir erneut die k\u00f6stliche Speise <em>Sv\u00ed\u010dkov\u00e1<\/em> bestellten. Dazu tranken wir endlich auch das aus Prag stammende Bier <em>Staropramen<\/em>, welches vor allem unfiltriert wirklich s\u00fcffig den Gaumen hinunterl\u00e4uft. Und dann war es soweit: nach acht Tagen Erlebnis und Genuss bestiegen wir am Hauptbahnhof Prag unseren Zug in Richtung Endstation Wien. Sch\u00f6n war&#8217;s!<\/p>\n<figure id=\"attachment_17257\" class=\"thumbnail wp-caption alignnone\" style=\"width: 970px\"><img loading=\"lazy\" decoding=\"async\" class=\"wp-image-17257 size-full\" src=\"https:\/\/coeser.de\/blog\/wp-content\/uploads\/2021\/11\/interrail-europa-prag-gal01-fotos-christian-oeser.jpg\" alt=\"Fotos aus Prag\" width=\"960\" height=\"639\" srcset=\"https:\/\/coeser.de\/blog\/wp-content\/uploads\/2021\/11\/interrail-europa-prag-gal01-fotos-christian-oeser.jpg 960w, https:\/\/coeser.de\/blog\/wp-content\/uploads\/2021\/11\/interrail-europa-prag-gal01-fotos-christian-oeser-768x511.jpg 768w, https:\/\/coeser.de\/blog\/wp-content\/uploads\/2021\/11\/interrail-europa-prag-gal01-fotos-christian-oeser-330x220.jpg 330w\" sizes=\"auto, (max-width: 960px) 100vw, 960px\" \/><figcaption class=\"caption wp-caption-text\">Bild links oben: Das renovierte Nationalmuseum in prachtvoller Beleuchtung (<a href=\"https:\/\/www.google.de\/maps\/place\/50.08000160443182,14.430780511980828\" target=\"_blank\" rel=\"noopener noreferrer\">Aufnahmeort anzeigen<\/a>)<br \/>Bild rechts oben: Die tschechische Nationalspeise Sv\u00ed\u010dkov\u00e1 in purer Vollendung! (<a href=\"https:\/\/www.google.de\/maps\/place\/50.08287964647786,14.420940697324266\" target=\"_blank\" rel=\"noopener noreferrer\">Aufnahmeort anzeigen<\/a>)<br \/>Bild links unten: S\u00fcffiges Lagerbier aus der lokalen Prager Brauerei Staropramen (<a href=\"https:\/\/www.google.de\/maps\/place\/50.08287964647786,14.420940697324266\" target=\"_blank\" rel=\"noopener noreferrer\">Aufnahmeort anzeigen<\/a>)<br \/>Bild rechts unten: Mehrere U-Bahn-Stationen weisen ein sehenswertes Wandmuster auf (<a href=\"https:\/\/www.google.de\/maps\/place\/50.079871804781966,14.43128553185175\" target=\"_blank\" rel=\"noopener noreferrer\">Aufnahmeort anzeigen<\/a>)<\/figcaption><\/figure>\n<figure id=\"attachment_17258\" class=\"thumbnail wp-caption alignnone\" style=\"width: 970px\"><img loading=\"lazy\" decoding=\"async\" class=\"wp-image-17258 size-full\" src=\"https:\/\/coeser.de\/blog\/wp-content\/uploads\/2021\/11\/interrail-europa-prag-gal02-altstaedter-ring-christian-oeser.jpg\" alt=\"Die astronomische Uhr auf dem Altst\u00e4dter Ring in Prag\" width=\"960\" height=\"640\" srcset=\"https:\/\/coeser.de\/blog\/wp-content\/uploads\/2021\/11\/interrail-europa-prag-gal02-altstaedter-ring-christian-oeser.jpg 960w, https:\/\/coeser.de\/blog\/wp-content\/uploads\/2021\/11\/interrail-europa-prag-gal02-altstaedter-ring-christian-oeser-768x512.jpg 768w, https:\/\/coeser.de\/blog\/wp-content\/uploads\/2021\/11\/interrail-europa-prag-gal02-altstaedter-ring-christian-oeser-330x220.jpg 330w\" sizes=\"auto, (max-width: 960px) 100vw, 960px\" \/><figcaption class=\"caption wp-caption-text\">Die Astronomische Uhr auf dem Altst\u00e4dter Ring (im Hintergrund die Teynkirche) erstrahlt nach einer langen Renovierungsphase endlich wieder in vollem Glanz<br \/><a href=\"https:\/\/www.google.de\/maps\/place\/50.086847416451306,14.420496859978352\" target=\"_blank\" rel=\"noopener noreferrer\">Aufnahmeort anzeigen<\/a><\/figcaption><\/figure>\n<figure id=\"attachment_17259\" class=\"thumbnail wp-caption alignnone\" style=\"width: 970px\"><img loading=\"lazy\" decoding=\"async\" class=\"wp-image-17259 size-full\" src=\"https:\/\/coeser.de\/blog\/wp-content\/uploads\/2021\/11\/interrail-europa-prag-gal03-fotos-christian-oeser.jpg\" alt=\"Fotos aus Prag: Pal\u00e1c Koruna, Grand Caf\u00e9 Orient, Haus zur Schwarzen Muttergottes, Karlsbr\u00fccke\" width=\"960\" height=\"639\" srcset=\"https:\/\/coeser.de\/blog\/wp-content\/uploads\/2021\/11\/interrail-europa-prag-gal03-fotos-christian-oeser.jpg 960w, https:\/\/coeser.de\/blog\/wp-content\/uploads\/2021\/11\/interrail-europa-prag-gal03-fotos-christian-oeser-768x511.jpg 768w, https:\/\/coeser.de\/blog\/wp-content\/uploads\/2021\/11\/interrail-europa-prag-gal03-fotos-christian-oeser-330x220.jpg 330w\" sizes=\"auto, (max-width: 960px) 100vw, 960px\" \/><figcaption class=\"caption wp-caption-text\">Bild links oben: In der Passage des Pal\u00e1c Koruna gibt es diesen Blick nach oben (<a href=\"https:\/\/www.google.de\/maps\/place\/50.08426454754324,14.424734996342382\" target=\"_blank\" rel=\"noopener noreferrer\">Aufnahmeort anzeigen<\/a>)<br \/>Bild rechts oben: Fr\u00fchst\u00fcck im Grand Caf\u00e9 Orient mit kubistischem Einfluss (<a href=\"https:\/\/www.google.de\/maps\/place\/50.08703265011494,14.425526354613323\" target=\"_blank\" rel=\"noopener noreferrer\">Aufnahmeort anzeigen<\/a>)<br \/>Bild links unten: Im Haus zur Schwarzen Muttergottes befindet sich das Kubismus-Museum (<a href=\"https:\/\/www.google.de\/maps\/place\/50.08719045891945,14.42576402964656\" target=\"_blank\" rel=\"noopener noreferrer\">Aufnahmeort anzeigen<\/a>)<br \/>Bild rechts unten: Die Karlsbr\u00fccke und Prager Burg im kalten Novemberwetter (<a href=\"https:\/\/www.google.de\/maps\/place\/50.08623683231792,14.413344106781885\" target=\"_blank\" rel=\"noopener noreferrer\">Aufnahmeort anzeigen<\/a>)<\/figcaption><\/figure>\n<div class=\"tipps\">\n<h3>WEITERE REISEBERICHTE ZU PRAG<\/h3>\n<p><strong><a href=\"https:\/\/coeser.de\/blog\/index.php\/2017\/08\/22\/prag-schmuckstueck-an-der-moldau\/\" target=\"_blank\" rel=\"noopener\">Prag: Schmuckst\u00fcck an der Moldau<\/a><\/strong><\/p>\n<p><strong><a href=\"https:\/\/coeser.de\/blog\/index.php\/2020\/04\/28\/prag-die-10-schoensten-aussichtspunkte\/\" target=\"_blank\" rel=\"noopener\">Prag: Die 10 sch\u00f6nsten Aussichtspunkte<\/a><\/strong><\/p>\n<p><strong><a href=\"https:\/\/coeser.de\/blog\/index.php\/2016\/09\/20\/prag-pilsen-budweis-auf-den-spuren-des-tschechischen-biers\/\" target=\"_blank\" rel=\"noopener\">Prag: Auf den Spuren des tschechischen Biers (Teil 1)<\/a><\/strong><\/p>\n<\/div>\n<p>&nbsp;<\/p>\n<hr \/>\n<div class=\"fazit\">\n<h3>FAZIT<\/h3>\n<p>Eine Europa-Rundreise komplett mit dem Zug durchzuf\u00fchren, war eine absolut gro\u00dfartige Entscheidung! Mit dem Interrail-Ticket hatten meine Freundin und ich die n\u00f6tige Flexibilit\u00e4t, um relativ spontan direkt w\u00e4hrend unserer Reise die Route nach Lust und Laune festlegen zu k\u00f6nnen. So gelang es uns, in acht Tagen mehrere Metropolen Europas anzufahren und die dortigen K\u00f6stlichkeiten zu genie\u00dfen, die Highlights der St\u00e4dte zu zelebrieren und einpr\u00e4gsame Momente mitzunehmen. Ich kann nur jedem von euch empfehlen, auch einmal mittels Interrail solch grandiose Erfahrungen zu machen und das Zugfahren als entspannte Art des Reisens zu erleben!<\/p>\n<\/div>\n<p>&nbsp;<\/p>\n<div style=\"display: none;\">\n<p><img loading=\"lazy\" decoding=\"async\" class=\"alignnone size-full wp-image-17261\" src=\"https:\/\/coeser.de\/blog\/wp-content\/uploads\/2021\/11\/interrail-europa-amsterdam-p01-christian-oeser.jpg\" alt=\"Interrail in Europa: Erfahrungsbericht und Tipps zu einer Interrail-Tour durch Frankfurt, Paris, Br\u00fcssel, Amsterdam, Berlin und Prag.\" width=\"735\" height=\"1102\" \/><\/p>\n<p><img loading=\"lazy\" decoding=\"async\" class=\"alignnone size-full wp-image-17262\" src=\"https:\/\/coeser.de\/blog\/wp-content\/uploads\/2021\/11\/interrail-europa-amsterdam-p02-christian-oeser.jpg\" alt=\"Interrail in Europa: Erfahrungsbericht und Tipps zu einer Interrail-Tour durch Frankfurt, Paris, Br\u00fcssel, Amsterdam, Berlin und Prag.\" width=\"735\" height=\"1102\" \/><\/p>\n<\/div>\n","protected":false},"excerpt":{"rendered":"<p>Mit dem Zug durch ganz Europa reisen, ohne sich andauernd um Tickets k\u00fcmmern zu m\u00fcssen? Das geht mit Interrail! Das Konzept wird oftmals nur mit Jugendlichen in Verbindung gebracht, ist aber auf jedes Alter zugeschnitten. Um europ\u00e4ische L\u00e4nder und St\u00e4dte flexibel sowie g\u00fcnstig kennenzulernen, ist Interrail wirklich eine exzellente Art zu reisen. Gemeinsam mit meiner [&hellip;]<\/p>\n","protected":false},"author":1,"featured_media":17207,"comment_status":"open","ping_status":"open","sticky":false,"template":"","format":"standard","meta":{"_jetpack_memberships_contains_paid_content":false,"footnotes":""},"categories":[1],"tags":[133,25,224,35,223,9,30,437,11,12,438,39,436,134,23,99,14,41,68,10,13],"class_list":["post-17186","post","type-post","status-publish","format-standard","has-post-thumbnail","hentry","category-europa","tag-amsterdam","tag-ausflug","tag-belgien","tag-berlin","tag-bruessel","tag-cityguide","tag-deutschland","tag-eurail","tag-fotospots","tag-fototipps","tag-frankfurt","tag-frankreich","tag-interrail","tag-niederlande","tag-oesterreich","tag-paris","tag-prag","tag-reisebericht","tag-reisefuehrer","tag-staedtereise","tag-tschechien"],"yoast_head":"<!-- This site is optimized with the Yoast SEO plugin v27.5 - https:\/\/yoast.com\/product\/yoast-seo-wordpress\/ -->\n<title>Interrail: Genussreise durch Europa - Reiseblog und Fotostories von Christian \u00d6ser<\/title>\n<meta name=\"description\" content=\"Interrail in Europa: Erfahrungsbericht und Tipps zu einer Interrail-Tour durch Frankfurt, Paris, Br\u00fcssel, Amsterdam, Berlin und Prag.\" \/>\n<meta name=\"robots\" content=\"index, follow, max-snippet:-1, max-image-preview:large, max-video-preview:-1\" \/>\n<link rel=\"canonical\" href=\"https:\/\/coeser.de\/blog\/index.php\/2021\/11\/30\/interrail-genussreise-durch-europa\/\" \/>\n<meta property=\"og:locale\" content=\"de_DE\" \/>\n<meta property=\"og:type\" content=\"article\" \/>\n<meta property=\"og:title\" content=\"Interrail: Genussreise durch Europa - Reiseblog und Fotostories von Christian \u00d6ser\" \/>\n<meta property=\"og:description\" content=\"Interrail in Europa: Erfahrungsbericht und Tipps zu einer Interrail-Tour durch Frankfurt, Paris, Br\u00fcssel, Amsterdam, Berlin und Prag.\" \/>\n<meta property=\"og:url\" content=\"https:\/\/coeser.de\/blog\/index.php\/2021\/11\/30\/interrail-genussreise-durch-europa\/\" \/>\n<meta property=\"og:site_name\" content=\"fern &amp; nah - Reiseblog und Fotostories von Christian \u00d6ser\" \/>\n<meta property=\"article:publisher\" content=\"Christian \u00d6ser\" \/>\n<meta property=\"article:author\" content=\"Christian \u00d6ser\" \/>\n<meta property=\"article:published_time\" content=\"2021-11-30T06:00:02+00:00\" \/>\n<meta property=\"article:modified_time\" content=\"2022-08-26T15:47:19+00:00\" \/>\n<meta property=\"og:image\" content=\"https:\/\/coeser.de\/blog\/wp-content\/uploads\/2021\/11\/interrail-europa-aufmacher-christian-oeser.jpg\" \/>\n\t<meta property=\"og:image:width\" content=\"978\" \/>\n\t<meta property=\"og:image:height\" content=\"550\" \/>\n\t<meta property=\"og:image:type\" content=\"image\/jpeg\" \/>\n<meta name=\"author\" content=\"Christian \u00d6ser\" \/>\n<meta name=\"twitter:card\" content=\"summary_large_image\" \/>\n<meta name=\"twitter:label1\" content=\"Verfasst von\" \/>\n\t<meta name=\"twitter:data1\" content=\"Christian \u00d6ser\" \/>\n\t<meta name=\"twitter:label2\" content=\"Gesch\u00e4tzte Lesezeit\" \/>\n\t<meta name=\"twitter:data2\" content=\"34\u00a0Minuten\" \/>\n<script type=\"application\/ld+json\" class=\"yoast-schema-graph\">{\"@context\":\"https:\\\/\\\/schema.org\",\"@graph\":[{\"@type\":\"Article\",\"@id\":\"https:\\\/\\\/coeser.de\\\/blog\\\/index.php\\\/2021\\\/11\\\/30\\\/interrail-genussreise-durch-europa\\\/#article\",\"isPartOf\":{\"@id\":\"https:\\\/\\\/coeser.de\\\/blog\\\/index.php\\\/2021\\\/11\\\/30\\\/interrail-genussreise-durch-europa\\\/\"},\"author\":{\"name\":\"Christian \u00d6ser\",\"@id\":\"https:\\\/\\\/coeser.de\\\/blog\\\/#\\\/schema\\\/person\\\/fda1d253389076b2cadc3d47018cf315\"},\"headline\":\"Interrail: Genussreise durch Europa\",\"datePublished\":\"2021-11-30T06:00:02+00:00\",\"dateModified\":\"2022-08-26T15:47:19+00:00\",\"mainEntityOfPage\":{\"@id\":\"https:\\\/\\\/coeser.de\\\/blog\\\/index.php\\\/2021\\\/11\\\/30\\\/interrail-genussreise-durch-europa\\\/\"},\"wordCount\":5461,\"commentCount\":6,\"publisher\":{\"@id\":\"https:\\\/\\\/coeser.de\\\/blog\\\/#\\\/schema\\\/person\\\/fda1d253389076b2cadc3d47018cf315\"},\"image\":{\"@id\":\"https:\\\/\\\/coeser.de\\\/blog\\\/index.php\\\/2021\\\/11\\\/30\\\/interrail-genussreise-durch-europa\\\/#primaryimage\"},\"thumbnailUrl\":\"https:\\\/\\\/coeser.de\\\/blog\\\/wp-content\\\/uploads\\\/2021\\\/11\\\/interrail-europa-aufmacher-christian-oeser.jpg\",\"keywords\":[\"Amsterdam\",\"Ausflug\",\"Belgien\",\"Berlin\",\"Br\u00fcssel\",\"Cityguide\",\"Deutschland\",\"Eurail\",\"Fotospots\",\"Fototipps\",\"Frankfurt\",\"Frankreich\",\"Interrail\",\"Niederlande\",\"\u00d6sterreich\",\"Paris\",\"Prag\",\"Reisebericht\",\"Reisef\u00fchrer\",\"St\u00e4dtereise\",\"Tschechien\"],\"articleSection\":[\"EUROPA\"],\"inLanguage\":\"de\",\"potentialAction\":[{\"@type\":\"CommentAction\",\"name\":\"Comment\",\"target\":[\"https:\\\/\\\/coeser.de\\\/blog\\\/index.php\\\/2021\\\/11\\\/30\\\/interrail-genussreise-durch-europa\\\/#respond\"]}]},{\"@type\":\"WebPage\",\"@id\":\"https:\\\/\\\/coeser.de\\\/blog\\\/index.php\\\/2021\\\/11\\\/30\\\/interrail-genussreise-durch-europa\\\/\",\"url\":\"https:\\\/\\\/coeser.de\\\/blog\\\/index.php\\\/2021\\\/11\\\/30\\\/interrail-genussreise-durch-europa\\\/\",\"name\":\"Interrail: Genussreise durch Europa - Reiseblog und Fotostories von Christian \u00d6ser\",\"isPartOf\":{\"@id\":\"https:\\\/\\\/coeser.de\\\/blog\\\/#website\"},\"primaryImageOfPage\":{\"@id\":\"https:\\\/\\\/coeser.de\\\/blog\\\/index.php\\\/2021\\\/11\\\/30\\\/interrail-genussreise-durch-europa\\\/#primaryimage\"},\"image\":{\"@id\":\"https:\\\/\\\/coeser.de\\\/blog\\\/index.php\\\/2021\\\/11\\\/30\\\/interrail-genussreise-durch-europa\\\/#primaryimage\"},\"thumbnailUrl\":\"https:\\\/\\\/coeser.de\\\/blog\\\/wp-content\\\/uploads\\\/2021\\\/11\\\/interrail-europa-aufmacher-christian-oeser.jpg\",\"datePublished\":\"2021-11-30T06:00:02+00:00\",\"dateModified\":\"2022-08-26T15:47:19+00:00\",\"description\":\"Interrail in Europa: Erfahrungsbericht und Tipps zu einer Interrail-Tour durch Frankfurt, Paris, Br\u00fcssel, Amsterdam, Berlin und Prag.\",\"breadcrumb\":{\"@id\":\"https:\\\/\\\/coeser.de\\\/blog\\\/index.php\\\/2021\\\/11\\\/30\\\/interrail-genussreise-durch-europa\\\/#breadcrumb\"},\"inLanguage\":\"de\",\"potentialAction\":[{\"@type\":\"ReadAction\",\"target\":[\"https:\\\/\\\/coeser.de\\\/blog\\\/index.php\\\/2021\\\/11\\\/30\\\/interrail-genussreise-durch-europa\\\/\"]}]},{\"@type\":\"ImageObject\",\"inLanguage\":\"de\",\"@id\":\"https:\\\/\\\/coeser.de\\\/blog\\\/index.php\\\/2021\\\/11\\\/30\\\/interrail-genussreise-durch-europa\\\/#primaryimage\",\"url\":\"https:\\\/\\\/coeser.de\\\/blog\\\/wp-content\\\/uploads\\\/2021\\\/11\\\/interrail-europa-aufmacher-christian-oeser.jpg\",\"contentUrl\":\"https:\\\/\\\/coeser.de\\\/blog\\\/wp-content\\\/uploads\\\/2021\\\/11\\\/interrail-europa-aufmacher-christian-oeser.jpg\",\"width\":978,\"height\":550,\"caption\":\"Collage aus Fotos aus Frankfurt, Berlin, Paris und Amsterdam\"},{\"@type\":\"BreadcrumbList\",\"@id\":\"https:\\\/\\\/coeser.de\\\/blog\\\/index.php\\\/2021\\\/11\\\/30\\\/interrail-genussreise-durch-europa\\\/#breadcrumb\",\"itemListElement\":[{\"@type\":\"ListItem\",\"position\":1,\"name\":\"Startseite\",\"item\":\"https:\\\/\\\/coeser.de\\\/blog\\\/\"},{\"@type\":\"ListItem\",\"position\":2,\"name\":\"Interrail: Genussreise durch Europa\"}]},{\"@type\":\"WebSite\",\"@id\":\"https:\\\/\\\/coeser.de\\\/blog\\\/#website\",\"url\":\"https:\\\/\\\/coeser.de\\\/blog\\\/\",\"name\":\"fern &amp; nah - Reiseblog und Fotostories von Christian \u00d6ser\",\"description\":\"Reiseblog und Fotostories von Christian \u00d6ser\",\"publisher\":{\"@id\":\"https:\\\/\\\/coeser.de\\\/blog\\\/#\\\/schema\\\/person\\\/fda1d253389076b2cadc3d47018cf315\"},\"potentialAction\":[{\"@type\":\"SearchAction\",\"target\":{\"@type\":\"EntryPoint\",\"urlTemplate\":\"https:\\\/\\\/coeser.de\\\/blog\\\/?s={search_term_string}\"},\"query-input\":{\"@type\":\"PropertyValueSpecification\",\"valueRequired\":true,\"valueName\":\"search_term_string\"}}],\"inLanguage\":\"de\"},{\"@type\":[\"Person\",\"Organization\"],\"@id\":\"https:\\\/\\\/coeser.de\\\/blog\\\/#\\\/schema\\\/person\\\/fda1d253389076b2cadc3d47018cf315\",\"name\":\"Christian \u00d6ser\",\"image\":{\"@type\":\"ImageObject\",\"inLanguage\":\"de\",\"@id\":\"https:\\\/\\\/coeser.de\\\/blog\\\/wp-content\\\/uploads\\\/2016\\\/08\\\/logo-fern-und-nah-christian-oeser-4.jpg\",\"url\":\"https:\\\/\\\/coeser.de\\\/blog\\\/wp-content\\\/uploads\\\/2016\\\/08\\\/logo-fern-und-nah-christian-oeser-4.jpg\",\"contentUrl\":\"https:\\\/\\\/coeser.de\\\/blog\\\/wp-content\\\/uploads\\\/2016\\\/08\\\/logo-fern-und-nah-christian-oeser-4.jpg\",\"width\":1090,\"height\":245,\"caption\":\"Christian \u00d6ser\"},\"logo\":{\"@id\":\"https:\\\/\\\/coeser.de\\\/blog\\\/wp-content\\\/uploads\\\/2016\\\/08\\\/logo-fern-und-nah-christian-oeser-4.jpg\"},\"sameAs\":[\"http:\\\/\\\/www.coeser.de\",\"Christian \u00d6ser\",\"https:\\\/\\\/www.instagram.com\\\/coeser_de\\\/\",\"https:\\\/\\\/www.pinterest.at\\\/nightline5\\\/\"],\"url\":\"https:\\\/\\\/coeser.de\\\/blog\\\/index.php\\\/author\\\/coeser\\\/\"}]}<\/script>\n<!-- \/ Yoast SEO plugin. -->","yoast_head_json":{"title":"Interrail: Genussreise durch Europa - Reiseblog und Fotostories von Christian \u00d6ser","description":"Interrail in Europa: Erfahrungsbericht und Tipps zu einer Interrail-Tour durch Frankfurt, Paris, Br\u00fcssel, Amsterdam, Berlin und Prag.","robots":{"index":"index","follow":"follow","max-snippet":"max-snippet:-1","max-image-preview":"max-image-preview:large","max-video-preview":"max-video-preview:-1"},"canonical":"https:\/\/coeser.de\/blog\/index.php\/2021\/11\/30\/interrail-genussreise-durch-europa\/","og_locale":"de_DE","og_type":"article","og_title":"Interrail: Genussreise durch Europa - Reiseblog und Fotostories von Christian \u00d6ser","og_description":"Interrail in Europa: Erfahrungsbericht und Tipps zu einer Interrail-Tour durch Frankfurt, Paris, Br\u00fcssel, Amsterdam, Berlin und Prag.","og_url":"https:\/\/coeser.de\/blog\/index.php\/2021\/11\/30\/interrail-genussreise-durch-europa\/","og_site_name":"fern &amp; nah - Reiseblog und Fotostories von Christian \u00d6ser","article_publisher":"Christian \u00d6ser","article_author":"Christian \u00d6ser","article_published_time":"2021-11-30T06:00:02+00:00","article_modified_time":"2022-08-26T15:47:19+00:00","og_image":[{"width":978,"height":550,"url":"https:\/\/coeser.de\/blog\/wp-content\/uploads\/2021\/11\/interrail-europa-aufmacher-christian-oeser.jpg","type":"image\/jpeg"}],"author":"Christian \u00d6ser","twitter_card":"summary_large_image","twitter_misc":{"Verfasst von":"Christian \u00d6ser","Gesch\u00e4tzte Lesezeit":"34\u00a0Minuten"},"schema":{"@context":"https:\/\/schema.org","@graph":[{"@type":"Article","@id":"https:\/\/coeser.de\/blog\/index.php\/2021\/11\/30\/interrail-genussreise-durch-europa\/#article","isPartOf":{"@id":"https:\/\/coeser.de\/blog\/index.php\/2021\/11\/30\/interrail-genussreise-durch-europa\/"},"author":{"name":"Christian \u00d6ser","@id":"https:\/\/coeser.de\/blog\/#\/schema\/person\/fda1d253389076b2cadc3d47018cf315"},"headline":"Interrail: Genussreise durch Europa","datePublished":"2021-11-30T06:00:02+00:00","dateModified":"2022-08-26T15:47:19+00:00","mainEntityOfPage":{"@id":"https:\/\/coeser.de\/blog\/index.php\/2021\/11\/30\/interrail-genussreise-durch-europa\/"},"wordCount":5461,"commentCount":6,"publisher":{"@id":"https:\/\/coeser.de\/blog\/#\/schema\/person\/fda1d253389076b2cadc3d47018cf315"},"image":{"@id":"https:\/\/coeser.de\/blog\/index.php\/2021\/11\/30\/interrail-genussreise-durch-europa\/#primaryimage"},"thumbnailUrl":"https:\/\/coeser.de\/blog\/wp-content\/uploads\/2021\/11\/interrail-europa-aufmacher-christian-oeser.jpg","keywords":["Amsterdam","Ausflug","Belgien","Berlin","Br\u00fcssel","Cityguide","Deutschland","Eurail","Fotospots","Fototipps","Frankfurt","Frankreich","Interrail","Niederlande","\u00d6sterreich","Paris","Prag","Reisebericht","Reisef\u00fchrer","St\u00e4dtereise","Tschechien"],"articleSection":["EUROPA"],"inLanguage":"de","potentialAction":[{"@type":"CommentAction","name":"Comment","target":["https:\/\/coeser.de\/blog\/index.php\/2021\/11\/30\/interrail-genussreise-durch-europa\/#respond"]}]},{"@type":"WebPage","@id":"https:\/\/coeser.de\/blog\/index.php\/2021\/11\/30\/interrail-genussreise-durch-europa\/","url":"https:\/\/coeser.de\/blog\/index.php\/2021\/11\/30\/interrail-genussreise-durch-europa\/","name":"Interrail: Genussreise durch Europa - Reiseblog und Fotostories von Christian \u00d6ser","isPartOf":{"@id":"https:\/\/coeser.de\/blog\/#website"},"primaryImageOfPage":{"@id":"https:\/\/coeser.de\/blog\/index.php\/2021\/11\/30\/interrail-genussreise-durch-europa\/#primaryimage"},"image":{"@id":"https:\/\/coeser.de\/blog\/index.php\/2021\/11\/30\/interrail-genussreise-durch-europa\/#primaryimage"},"thumbnailUrl":"https:\/\/coeser.de\/blog\/wp-content\/uploads\/2021\/11\/interrail-europa-aufmacher-christian-oeser.jpg","datePublished":"2021-11-30T06:00:02+00:00","dateModified":"2022-08-26T15:47:19+00:00","description":"Interrail in Europa: Erfahrungsbericht und Tipps zu einer Interrail-Tour durch Frankfurt, Paris, Br\u00fcssel, Amsterdam, Berlin und Prag.","breadcrumb":{"@id":"https:\/\/coeser.de\/blog\/index.php\/2021\/11\/30\/interrail-genussreise-durch-europa\/#breadcrumb"},"inLanguage":"de","potentialAction":[{"@type":"ReadAction","target":["https:\/\/coeser.de\/blog\/index.php\/2021\/11\/30\/interrail-genussreise-durch-europa\/"]}]},{"@type":"ImageObject","inLanguage":"de","@id":"https:\/\/coeser.de\/blog\/index.php\/2021\/11\/30\/interrail-genussreise-durch-europa\/#primaryimage","url":"https:\/\/coeser.de\/blog\/wp-content\/uploads\/2021\/11\/interrail-europa-aufmacher-christian-oeser.jpg","contentUrl":"https:\/\/coeser.de\/blog\/wp-content\/uploads\/2021\/11\/interrail-europa-aufmacher-christian-oeser.jpg","width":978,"height":550,"caption":"Collage aus Fotos aus Frankfurt, Berlin, Paris und Amsterdam"},{"@type":"BreadcrumbList","@id":"https:\/\/coeser.de\/blog\/index.php\/2021\/11\/30\/interrail-genussreise-durch-europa\/#breadcrumb","itemListElement":[{"@type":"ListItem","position":1,"name":"Startseite","item":"https:\/\/coeser.de\/blog\/"},{"@type":"ListItem","position":2,"name":"Interrail: Genussreise durch Europa"}]},{"@type":"WebSite","@id":"https:\/\/coeser.de\/blog\/#website","url":"https:\/\/coeser.de\/blog\/","name":"fern &amp; nah - Reiseblog und Fotostories von Christian \u00d6ser","description":"Reiseblog und Fotostories von Christian \u00d6ser","publisher":{"@id":"https:\/\/coeser.de\/blog\/#\/schema\/person\/fda1d253389076b2cadc3d47018cf315"},"potentialAction":[{"@type":"SearchAction","target":{"@type":"EntryPoint","urlTemplate":"https:\/\/coeser.de\/blog\/?s={search_term_string}"},"query-input":{"@type":"PropertyValueSpecification","valueRequired":true,"valueName":"search_term_string"}}],"inLanguage":"de"},{"@type":["Person","Organization"],"@id":"https:\/\/coeser.de\/blog\/#\/schema\/person\/fda1d253389076b2cadc3d47018cf315","name":"Christian \u00d6ser","image":{"@type":"ImageObject","inLanguage":"de","@id":"https:\/\/coeser.de\/blog\/wp-content\/uploads\/2016\/08\/logo-fern-und-nah-christian-oeser-4.jpg","url":"https:\/\/coeser.de\/blog\/wp-content\/uploads\/2016\/08\/logo-fern-und-nah-christian-oeser-4.jpg","contentUrl":"https:\/\/coeser.de\/blog\/wp-content\/uploads\/2016\/08\/logo-fern-und-nah-christian-oeser-4.jpg","width":1090,"height":245,"caption":"Christian \u00d6ser"},"logo":{"@id":"https:\/\/coeser.de\/blog\/wp-content\/uploads\/2016\/08\/logo-fern-und-nah-christian-oeser-4.jpg"},"sameAs":["http:\/\/www.coeser.de","Christian \u00d6ser","https:\/\/www.instagram.com\/coeser_de\/","https:\/\/www.pinterest.at\/nightline5\/"],"url":"https:\/\/coeser.de\/blog\/index.php\/author\/coeser\/"}]}},"jetpack_featured_media_url":"https:\/\/coeser.de\/blog\/wp-content\/uploads\/2021\/11\/interrail-europa-aufmacher-christian-oeser.jpg","jetpack-related-posts":[{"id":18368,"url":"https:\/\/coeser.de\/blog\/index.php\/2023\/07\/01\/interrail-inspiration-zugreise\/","url_meta":{"origin":17186,"position":0},"title":"Interrail: Inspiration f\u00fcr deine Zugreise","author":"Christian \u00d6ser","date":"1. Juli 2023","format":false,"excerpt":"16 Tage, 10 St\u00e4dte, 5 L\u00e4nder - das ist die Bilanz meiner zweiten Interrail-Tour! Mit einem Interrail-Ticket kommst du g\u00fcnstig und flexibel zu den europ\u00e4ischen Reisezielen deiner Tr\u00e4ume und kannst in kurzer Zeit eine Vielzahl an Erlebnissen mitnehmen. Wie Interrail funktioniert, wo deine Vorteile liegen, wie so eine Reise in\u2026","rel":"","context":"In &quot;EUROPA&quot;","block_context":{"text":"EUROPA","link":"https:\/\/coeser.de\/blog\/index.php\/category\/europa\/"},"img":{"alt_text":"Interrail: Fotos einer Zugreise als Inspiration","src":"https:\/\/i0.wp.com\/coeser.de\/blog\/wp-content\/uploads\/2023\/06\/interrail-inspiration-zugreise-aufmacher-christian-oeser.jpg?resize=350%2C200&ssl=1","width":350,"height":200,"srcset":"https:\/\/i0.wp.com\/coeser.de\/blog\/wp-content\/uploads\/2023\/06\/interrail-inspiration-zugreise-aufmacher-christian-oeser.jpg?resize=350%2C200&ssl=1 1x, https:\/\/i0.wp.com\/coeser.de\/blog\/wp-content\/uploads\/2023\/06\/interrail-inspiration-zugreise-aufmacher-christian-oeser.jpg?resize=525%2C300&ssl=1 1.5x, https:\/\/i0.wp.com\/coeser.de\/blog\/wp-content\/uploads\/2023\/06\/interrail-inspiration-zugreise-aufmacher-christian-oeser.jpg?resize=700%2C400&ssl=1 2x"},"classes":[]},{"id":19254,"url":"https:\/\/coeser.de\/blog\/index.php\/2023\/01\/01\/europa-12-ideen-staedtereise\/","url_meta":{"origin":17186,"position":1},"title":"Europa: 12 Ideen f\u00fcr deine St\u00e4dtereise 2023","author":"Christian \u00d6ser","date":"1. Januar 2023","format":false,"excerpt":"\"Same procedure as every year\" \u2013 so geht es dir vielleicht, wenn du wieder einmal am \u00dcberlegen bist, wo du im n\u00e4chsten Jahr gerne \u00fcberall hinreisen und neue Eindr\u00fccke gewinnen willst. Ich helfe gerne und verrate dir in diesem Artikel meine pers\u00f6nlichen 12 Tipps f\u00fcr eine St\u00e4dtereise in Europa, die\u2026","rel":"","context":"In &quot;EUROPA&quot;","block_context":{"text":"EUROPA","link":"https:\/\/coeser.de\/blog\/index.php\/category\/europa\/"},"img":{"alt_text":"Collage von Reisezielen f\u00fcr St\u00e4dtereisen in Europa","src":"https:\/\/i0.wp.com\/coeser.de\/blog\/wp-content\/uploads\/2022\/12\/europa-staedtereise-tipps-aufmacher-christian-oeser.jpg?resize=350%2C200&ssl=1","width":350,"height":200,"srcset":"https:\/\/i0.wp.com\/coeser.de\/blog\/wp-content\/uploads\/2022\/12\/europa-staedtereise-tipps-aufmacher-christian-oeser.jpg?resize=350%2C200&ssl=1 1x, https:\/\/i0.wp.com\/coeser.de\/blog\/wp-content\/uploads\/2022\/12\/europa-staedtereise-tipps-aufmacher-christian-oeser.jpg?resize=525%2C300&ssl=1 1.5x, https:\/\/i0.wp.com\/coeser.de\/blog\/wp-content\/uploads\/2022\/12\/europa-staedtereise-tipps-aufmacher-christian-oeser.jpg?resize=700%2C400&ssl=1 2x"},"classes":[]},{"id":20191,"url":"https:\/\/coeser.de\/blog\/index.php\/2023\/07\/18\/brighton-partyort-ruhepol-am-meer\/","url_meta":{"origin":17186,"position":2},"title":"Brighton: Partyort und Ruhepol am Meer","author":"Christian \u00d6ser","date":"18. Juli 2023","format":false,"excerpt":"Die s\u00fcdenglische Stadt Brighton kennst du wahrscheinlich als wilden Partyort, an dem sich Zehntausende Menschen entlang des Strands am\u00fcsieren und feiern. Es geht aber auch komplett anders: im Zuge einer Interrail-Tour verbrachten meine Freundin und ich drei Tage am Meer, die \u00fcberraschenderweise von Entspannung und Ruhe gekennzeichnet waren. Brighton ist\u2026","rel":"","context":"In &quot;ENGLAND&quot;","block_context":{"text":"ENGLAND","link":"https:\/\/coeser.de\/blog\/index.php\/category\/europa\/england\/"},"img":{"alt_text":"Sonnenuntergang an der Strandpromenade von Brighton","src":"https:\/\/i0.wp.com\/coeser.de\/blog\/wp-content\/uploads\/2023\/07\/brighton-aufmacher-sonnenuntergang-christian-oeser.jpg?resize=350%2C200&ssl=1","width":350,"height":200,"srcset":"https:\/\/i0.wp.com\/coeser.de\/blog\/wp-content\/uploads\/2023\/07\/brighton-aufmacher-sonnenuntergang-christian-oeser.jpg?resize=350%2C200&ssl=1 1x, https:\/\/i0.wp.com\/coeser.de\/blog\/wp-content\/uploads\/2023\/07\/brighton-aufmacher-sonnenuntergang-christian-oeser.jpg?resize=525%2C300&ssl=1 1.5x, https:\/\/i0.wp.com\/coeser.de\/blog\/wp-content\/uploads\/2023\/07\/brighton-aufmacher-sonnenuntergang-christian-oeser.jpg?resize=700%2C400&ssl=1 2x"},"classes":[]},{"id":10259,"url":"https:\/\/coeser.de\/blog\/index.php\/2019\/01\/01\/europa-26-geniale-reiseziele-2019\/","url_meta":{"origin":17186,"position":3},"title":"Europa: 26 geniale Reiseziele f\u00fcr 2019","author":"Christian \u00d6ser","date":"1. Januar 2019","format":false,"excerpt":"Seid ihr so wie ich immer auf der Suche nach neuen Destinationen? Egal ob Ausfl\u00fcge, St\u00e4dtetrips oder Tagestouren \u2013 ich habe 26 Ideen f\u00fcr eure n\u00e4chste Reise in Europa! Alle meine Tipps habe ich im letzten Jahr zusammengesammelt und auch pers\u00f6nlich ausprobiert. Ihr bekommt also mit diesem Beitrag keine Theorie,\u2026","rel":"","context":"In &quot;EUROPA&quot;","block_context":{"text":"EUROPA","link":"https:\/\/coeser.de\/blog\/index.php\/category\/europa\/"},"img":{"alt_text":"","src":"https:\/\/i0.wp.com\/coeser.de\/blog\/wp-content\/uploads\/2018\/12\/reisetipps-reiseinspiration-fotospots-2018-aufmacher-christian-oeser.jpg?resize=350%2C200&ssl=1","width":350,"height":200,"srcset":"https:\/\/i0.wp.com\/coeser.de\/blog\/wp-content\/uploads\/2018\/12\/reisetipps-reiseinspiration-fotospots-2018-aufmacher-christian-oeser.jpg?resize=350%2C200&ssl=1 1x, https:\/\/i0.wp.com\/coeser.de\/blog\/wp-content\/uploads\/2018\/12\/reisetipps-reiseinspiration-fotospots-2018-aufmacher-christian-oeser.jpg?resize=525%2C300&ssl=1 1.5x, https:\/\/i0.wp.com\/coeser.de\/blog\/wp-content\/uploads\/2018\/12\/reisetipps-reiseinspiration-fotospots-2018-aufmacher-christian-oeser.jpg?resize=700%2C400&ssl=1 2x"},"classes":[]},{"id":13892,"url":"https:\/\/coeser.de\/blog\/index.php\/2019\/12\/31\/europa-26-grandiose-reiseideen-fuer-2020\/","url_meta":{"origin":17186,"position":4},"title":"Europa: 26 grandiose Reiseideen f\u00fcr 2020","author":"Christian \u00d6ser","date":"31. Dezember 2019","format":false,"excerpt":"Alle Jahre wieder neigt sich das aktuelle Jahr zu Ende. Doch jedes Ende ist auch ein Anfang \u2013 und zwar f\u00fcr den Start der zuk\u00fcnftigen Reiseplanungen! Wie sieht es bei euch aus, habt ihr schon jede Menge Reiseziele im Kopf, die ihr unbedingt bald einmal mit eigenen Augen sehen wollt?\u2026","rel":"","context":"In &quot;EUROPA&quot;","block_context":{"text":"EUROPA","link":"https:\/\/coeser.de\/blog\/index.php\/category\/europa\/"},"img":{"alt_text":"","src":"https:\/\/i0.wp.com\/coeser.de\/blog\/wp-content\/uploads\/2019\/12\/reisetipps-reiseinspiration-fotospots-2020-aufmacher-christian-oeser.jpg?resize=350%2C200&ssl=1","width":350,"height":200,"srcset":"https:\/\/i0.wp.com\/coeser.de\/blog\/wp-content\/uploads\/2019\/12\/reisetipps-reiseinspiration-fotospots-2020-aufmacher-christian-oeser.jpg?resize=350%2C200&ssl=1 1x, https:\/\/i0.wp.com\/coeser.de\/blog\/wp-content\/uploads\/2019\/12\/reisetipps-reiseinspiration-fotospots-2020-aufmacher-christian-oeser.jpg?resize=525%2C300&ssl=1 1.5x, https:\/\/i0.wp.com\/coeser.de\/blog\/wp-content\/uploads\/2019\/12\/reisetipps-reiseinspiration-fotospots-2020-aufmacher-christian-oeser.jpg?resize=700%2C400&ssl=1 2x"},"classes":[]},{"id":1639,"url":"https:\/\/coeser.de\/blog\/index.php\/2016\/12\/27\/das-war-mein-reisejahr-2016\/","url_meta":{"origin":17186,"position":5},"title":"Das war mein Reisejahr 2016","author":"Christian \u00d6ser","date":"27. Dezember 2016","format":false,"excerpt":"Am Ende eines jeden Jahres blicke ich immer zur\u00fcck auf meine besuchten St\u00e4dte, Orte und Pl\u00e4tze. 2016 war nach l\u00e4ngerer Durststrecke wieder einmal ein recht starkes Reisejahr f\u00fcr mich, 19 Destinationen bleiben in meiner Erinnerung. In diesem Blogbeitrag gebe ich euch einen \u00dcberblick und ein kurzes R\u00e9sum\u00e9 zu jedem Ort.\u2026","rel":"","context":"In &quot;EUROPA&quot;","block_context":{"text":"EUROPA","link":"https:\/\/coeser.de\/blog\/index.php\/category\/europa\/"},"img":{"alt_text":"Fotos der Reisen 2016","src":"https:\/\/i0.wp.com\/coeser.de\/blog\/wp-content\/uploads\/2016\/12\/reisejahr-2016-aufmacher-christian-oeser.jpg?resize=350%2C200&ssl=1","width":350,"height":200,"srcset":"https:\/\/i0.wp.com\/coeser.de\/blog\/wp-content\/uploads\/2016\/12\/reisejahr-2016-aufmacher-christian-oeser.jpg?resize=350%2C200&ssl=1 1x, https:\/\/i0.wp.com\/coeser.de\/blog\/wp-content\/uploads\/2016\/12\/reisejahr-2016-aufmacher-christian-oeser.jpg?resize=525%2C300&ssl=1 1.5x, https:\/\/i0.wp.com\/coeser.de\/blog\/wp-content\/uploads\/2016\/12\/reisejahr-2016-aufmacher-christian-oeser.jpg?resize=700%2C400&ssl=1 2x"},"classes":[]}],"jetpack_sharing_enabled":true,"_links":{"self":[{"href":"https:\/\/coeser.de\/blog\/index.php\/wp-json\/wp\/v2\/posts\/17186","targetHints":{"allow":["GET"]}}],"collection":[{"href":"https:\/\/coeser.de\/blog\/index.php\/wp-json\/wp\/v2\/posts"}],"about":[{"href":"https:\/\/coeser.de\/blog\/index.php\/wp-json\/wp\/v2\/types\/post"}],"author":[{"embeddable":true,"href":"https:\/\/coeser.de\/blog\/index.php\/wp-json\/wp\/v2\/users\/1"}],"replies":[{"embeddable":true,"href":"https:\/\/coeser.de\/blog\/index.php\/wp-json\/wp\/v2\/comments?post=17186"}],"version-history":[{"count":0,"href":"https:\/\/coeser.de\/blog\/index.php\/wp-json\/wp\/v2\/posts\/17186\/revisions"}],"wp:featuredmedia":[{"embeddable":true,"href":"https:\/\/coeser.de\/blog\/index.php\/wp-json\/wp\/v2\/media\/17207"}],"wp:attachment":[{"href":"https:\/\/coeser.de\/blog\/index.php\/wp-json\/wp\/v2\/media?parent=17186"}],"wp:term":[{"taxonomy":"category","embeddable":true,"href":"https:\/\/coeser.de\/blog\/index.php\/wp-json\/wp\/v2\/categories?post=17186"},{"taxonomy":"post_tag","embeddable":true,"href":"https:\/\/coeser.de\/blog\/index.php\/wp-json\/wp\/v2\/tags?post=17186"}],"curies":[{"name":"wp","href":"https:\/\/api.w.org\/{rel}","templated":true}]}}