{"id":19443,"date":"2023-03-10T07:00:28","date_gmt":"2023-03-10T06:00:28","guid":{"rendered":"https:\/\/coeser.de\/blog\/?p=19443"},"modified":"2025-08-25T12:39:03","modified_gmt":"2025-08-25T10:39:03","slug":"dijon-genussurlaub-mit-einer-eule","status":"publish","type":"post","link":"https:\/\/coeser.de\/blog\/index.php\/2023\/03\/10\/dijon-genussurlaub-mit-einer-eule\/","title":{"rendered":"Dijon: Genussurlaub mit einer Eule"},"content":{"rendered":"<p><strong>Stehst du auch so auf \u00dcberraschungen wie ich? Dann solltest du unbedingt einmal nach Dijon in Frankreich fahren! Niemals h\u00e4tte ich erwartet, welch zauberhafte Stadt mich willkommen hei\u00dfen w\u00fcrde. Das Erkunden der Altstadt wird mit einer Eule, die dir auf einem Rundweg alle Sehensw\u00fcrdigkeiten zeigt, zu einem spielerischen Vergn\u00fcgen. Was du in Dijon alles erleben kannst, was es mit dem ber\u00fchmten Senf auf sich hat, wo du k\u00f6stliches Essen findest und wie sich die Stadt von oben \u00fcberblicken l\u00e4sst, erf\u00e4hrst du in diesem Reisebericht.<\/strong><\/p>\n<p><!--more--><\/p>\n<hr \/>\n<div class=\"highlights\">\n<h3>DIE H\u00d6HEPUNKTE AUS DIJON IN DIESEM REISEBERICHT<\/h3>\n<p>Dijon als perfekte Destination f\u00fcr eine unkomplizierte St\u00e4dtereise nach Frankreich mit dem Zug<\/p>\n<p>Der Eulenweg als gro\u00dfartige M\u00f6glichkeit, auf einem Rundweg durch die Altstadt alles Sehenswerte zu erkunden<\/p>\n<p>Die Markthalle als architektonischer Leckerbissen, in der du dich durch viele K\u00f6stlichkeiten durchkosten kannst<\/p>\n<p>Jede Menge Fotos mit exakten Ortsangaben, damit du die besten Orte f\u00fcr Bilder schnell selbst finden kannst<\/p>\n<p>Praktische allgemeine Tipps und konkrete Empfehlungen f\u00fcr Restaurants und Caf\u00e9s zum Fr\u00fchst\u00fccken<\/p>\n<\/div>\n<p>&nbsp;<\/p>\n<p><em><span style=\"color: #0000ff;\">Dieser Artikel wurde zuletzt am 25. August 2025 aktualisiert.<\/span><\/em><\/p>\n\n<hr \/>\n<div class=\"fakten\">\n<h2>DIJON<\/h2>\n<h3>FAKTEN<\/h3>\n<p><strong>Reisezeit: <\/strong>Juli (2 Tage, 2 \u00dcbernachtungen)<br \/>\n<strong>Anreise: <\/strong>Mit dem Zug von <em>Basel SBB<\/em> nach <em>Dijon Ville <\/em>(1:24 h)<\/p>\n<p><strong>Unterkunft: <a href=\"https:\/\/www.booking.com\/hotel\/fr\/city-loft.de.html?aid=1634405\" target=\"_blank\" rel=\"noopener\">City Loft Apparthotel Dijon<\/a>*<\/strong> (<em>96 Rue des Godrans<\/em>): relativ g\u00fcnstiges Appartement-Hotel in sehr guter Lage inmitten der Altstadt, abends ruhig, ger\u00e4umige Zimmer mit K\u00fcchenzeile (Herd, Mikrowelle, K\u00fchlschrank mit Tiefk\u00fchlfach, Abwasch), Bett sehr gut, Blick aus Fenster auf historische H\u00e4userzeile, Dusche gut, WLAN up\/down sehr schnell, Fr\u00fchst\u00fcck nicht gebucht. <em>Weiterempfehlung? <\/em><strong>JA!<\/strong><\/p>\n<div id='gallery-1' class='gallery galleryid-19443 gallery-columns-7 gallery-size-thumbnail'><figure class='gallery-item'>\n\t\t\t<div class='gallery-icon landscape'>\n\t\t\t\t<a href='https:\/\/coeser.de\/blog\/wp-content\/uploads\/2023\/02\/dijon-city-loft-apparthotel-gal01-christian-oeser.jpg' title=\"Au\u00dfenansicht des City Loft Apparthotel Dijon\" data-rl_title=\"Au\u00dfenansicht des City Loft Apparthotel Dijon\" class=\"rl-gallery-link\" data-rl_caption=\"Aufnahmeort anzeigen\" data-rel=\"lightbox-gallery-1\"><img loading=\"lazy\" decoding=\"async\" width=\"150\" height=\"150\" src=\"https:\/\/coeser.de\/blog\/wp-content\/uploads\/2023\/02\/dijon-city-loft-apparthotel-gal01-christian-oeser-150x150.jpg\" class=\"attachment-thumbnail size-thumbnail\" alt=\"Au\u00dfenansicht des City Loft Apparthotel Dijon\" aria-describedby=\"gallery-1-19447\" \/><\/a>\n\t\t\t<\/div>\n\t\t\t\t<figcaption class='wp-caption-text gallery-caption' id='gallery-1-19447'>\n\t\t\t\tAu\u00dfenansicht des City Loft Apparthotel Dijon\n\t\t\t\t<\/figcaption><\/figure><figure class='gallery-item'>\n\t\t\t<div class='gallery-icon landscape'>\n\t\t\t\t<a href='https:\/\/coeser.de\/blog\/wp-content\/uploads\/2023\/02\/dijon-city-loft-apparthotel-gal02-christian-oeser.jpg' title=\"Zimmer im City Loft Apparthotel Dijon\" data-rl_title=\"Zimmer im City Loft Apparthotel Dijon\" class=\"rl-gallery-link\" data-rl_caption=\"Aufnahmeort anzeigen\" data-rel=\"lightbox-gallery-1\"><img loading=\"lazy\" decoding=\"async\" width=\"150\" height=\"150\" src=\"https:\/\/coeser.de\/blog\/wp-content\/uploads\/2023\/02\/dijon-city-loft-apparthotel-gal02-christian-oeser-150x150.jpg\" class=\"attachment-thumbnail size-thumbnail\" alt=\"Zimmer im City Loft Apparthotel Dijon\" aria-describedby=\"gallery-1-19448\" \/><\/a>\n\t\t\t<\/div>\n\t\t\t\t<figcaption class='wp-caption-text gallery-caption' id='gallery-1-19448'>\n\t\t\t\tZimmer im City Loft Apparthotel Dijon\n\t\t\t\t<\/figcaption><\/figure><figure class='gallery-item'>\n\t\t\t<div class='gallery-icon landscape'>\n\t\t\t\t<a href='https:\/\/coeser.de\/blog\/wp-content\/uploads\/2023\/02\/dijon-city-loft-apparthotel-gal03-christian-oeser.jpg' title=\"Zimmer im City Loft Apparthotel Dijon\" data-rl_title=\"Zimmer im City Loft Apparthotel Dijon\" class=\"rl-gallery-link\" data-rl_caption=\"Aufnahmeort anzeigen\" data-rel=\"lightbox-gallery-1\"><img loading=\"lazy\" decoding=\"async\" width=\"150\" height=\"150\" src=\"https:\/\/coeser.de\/blog\/wp-content\/uploads\/2023\/02\/dijon-city-loft-apparthotel-gal03-christian-oeser-150x150.jpg\" class=\"attachment-thumbnail size-thumbnail\" alt=\"Zimmer im City Loft Apparthotel Dijon\" aria-describedby=\"gallery-1-19449\" \/><\/a>\n\t\t\t<\/div>\n\t\t\t\t<figcaption class='wp-caption-text gallery-caption' id='gallery-1-19449'>\n\t\t\t\tZimmer im City Loft Apparthotel Dijon\n\t\t\t\t<\/figcaption><\/figure><figure class='gallery-item'>\n\t\t\t<div class='gallery-icon landscape'>\n\t\t\t\t<a href='https:\/\/coeser.de\/blog\/wp-content\/uploads\/2023\/02\/dijon-city-loft-apparthotel-gal04-christian-oeser.jpg' title=\"K\u00fcchenzeile und Bad im Zimmer im City Loft Apparthotel Dijon\" data-rl_title=\"K\u00fcchenzeile und Bad im Zimmer im City Loft Apparthotel Dijon\" class=\"rl-gallery-link\" data-rl_caption=\"Aufnahmeort anzeigen\" data-rel=\"lightbox-gallery-1\"><img loading=\"lazy\" decoding=\"async\" width=\"150\" height=\"150\" src=\"https:\/\/coeser.de\/blog\/wp-content\/uploads\/2023\/02\/dijon-city-loft-apparthotel-gal04-christian-oeser-150x150.jpg\" class=\"attachment-thumbnail size-thumbnail\" alt=\"K\u00fcchenzeile und Bad im Zimmer im City Loft Apparthotel Dijon\" aria-describedby=\"gallery-1-19450\" \/><\/a>\n\t\t\t<\/div>\n\t\t\t\t<figcaption class='wp-caption-text gallery-caption' id='gallery-1-19450'>\n\t\t\t\tK\u00fcchenzeile und Bad im Zimmer im City Loft Apparthotel Dijon\n\t\t\t\t<\/figcaption><\/figure><figure class='gallery-item'>\n\t\t\t<div class='gallery-icon landscape'>\n\t\t\t\t<a href='https:\/\/coeser.de\/blog\/wp-content\/uploads\/2023\/02\/dijon-city-loft-apparthotel-gal05-christian-oeser.jpg' title=\"Bad im Zimmer im City Loft Apparthotel Dijon\" data-rl_title=\"Bad im Zimmer im City Loft Apparthotel Dijon\" class=\"rl-gallery-link\" data-rl_caption=\"Aufnahmeort anzeigen\" data-rel=\"lightbox-gallery-1\"><img loading=\"lazy\" decoding=\"async\" width=\"150\" height=\"150\" src=\"https:\/\/coeser.de\/blog\/wp-content\/uploads\/2023\/02\/dijon-city-loft-apparthotel-gal05-christian-oeser-150x150.jpg\" class=\"attachment-thumbnail size-thumbnail\" alt=\"Bad im Zimmer im City Loft Apparthotel Dijon\" aria-describedby=\"gallery-1-19451\" \/><\/a>\n\t\t\t<\/div>\n\t\t\t\t<figcaption class='wp-caption-text gallery-caption' id='gallery-1-19451'>\n\t\t\t\tBad im Zimmer im City Loft Apparthotel Dijon\n\t\t\t\t<\/figcaption><\/figure><figure class='gallery-item'>\n\t\t\t<div class='gallery-icon landscape'>\n\t\t\t\t<a href='https:\/\/coeser.de\/blog\/wp-content\/uploads\/2023\/02\/dijon-city-loft-apparthotel-gal06-christian-oeser.jpg' title=\"Ausblick vom Zimmer im City Loft Apparthotel Dijon\" data-rl_title=\"Ausblick vom Zimmer im City Loft Apparthotel Dijon\" class=\"rl-gallery-link\" data-rl_caption=\"Aufnahmeort anzeigen\" data-rel=\"lightbox-gallery-1\"><img loading=\"lazy\" decoding=\"async\" width=\"150\" height=\"150\" src=\"https:\/\/coeser.de\/blog\/wp-content\/uploads\/2023\/02\/dijon-city-loft-apparthotel-gal06-christian-oeser-150x150.jpg\" class=\"attachment-thumbnail size-thumbnail\" alt=\"Ausblick vom Zimmer im City Loft Apparthotel Dijon\" aria-describedby=\"gallery-1-19452\" \/><\/a>\n\t\t\t<\/div>\n\t\t\t\t<figcaption class='wp-caption-text gallery-caption' id='gallery-1-19452'>\n\t\t\t\tAusblick vom Zimmer im City Loft Apparthotel Dijon\n\t\t\t\t<\/figcaption><\/figure>\n\t\t<\/div>\n\n<p><strong><a href=\"https:\/\/www.booking.com\/searchresults.de.html?city=-1423981&amp;aid=1634405&amp;no_rooms=1&amp;group_adults=2\" target=\"_blank\" rel=\"noopener\">Suche und finde weitere sch\u00f6ne Unterk\u00fcnfte in Dijon<\/a>*<\/strong><\/p>\n<\/div>\n<div class=\"extern\">\n<h3>TRANSPARENZHINWEIS<\/h3>\n<p>*Die mit Stern gekennzeichneten Verweise in diesem Blogartikel sind sogenannte Affiliate-Links. Wenn dir mein Blogartikel bei der Planung deiner Reise geholfen hat, freue ich mich, wenn du \u00fcber diese Links deine Unterkunft oder Freizeitaktivit\u00e4ten buchst. Ich erhalte dadurch eine kleine Provision und du unterst\u00fctzt den Erhalt dieses Blogs. F\u00fcr dich entstehen dabei selbstverst\u00e4ndlich keine Nachteile. Vielen Dank! \ud83d\ude42<\/p>\n<\/div>\n<p>&nbsp;<\/p>\n<h2><img loading=\"lazy\" decoding=\"async\" class=\"alignnone size-full wp-image-19457\" src=\"https:\/\/coeser.de\/blog\/wp-content\/uploads\/2023\/02\/dijon-aufmacher2-altstadt-christian-oeser.jpg\" alt=\"Altstadt von Dijon, Frankreich\" width=\"970\" height=\"323\" srcset=\"https:\/\/coeser.de\/blog\/wp-content\/uploads\/2023\/02\/dijon-aufmacher2-altstadt-christian-oeser.jpg 970w, https:\/\/coeser.de\/blog\/wp-content\/uploads\/2023\/02\/dijon-aufmacher2-altstadt-christian-oeser-768x256.jpg 768w\" sizes=\"auto, (max-width: 970px) 100vw, 970px\" \/><\/h2>\n<h2>Dijon als perfektes Zwischenziel<\/h2>\n<p>Dijon war wieder einmal eine jener Destinationen, die es durch Zufall auf meine Reiseliste geschafft haben. Gemeinsam mit meiner Freundin stand in einem hei\u00dfen Sommer eine Interrail-Tour durch Europa an, die uns unter anderem nach <a href=\"https:\/\/coeser.de\/blog\/index.php\/2023\/04\/10\/basel-lebendige-kulturstadt\/\" target=\"_blank\" rel=\"noopener\"><strong>Basel in der Schweiz<\/strong><\/a> und in die <a href=\"https:\/\/coeser.de\/blog\/index.php\/2022\/10\/21\/paris-zu-gast-in-frankreichs-herz\/\" target=\"_blank\" rel=\"noopener\"><strong>franz\u00f6sische Hauptstadt Paris<\/strong><\/a> f\u00fchren sollte. Eine direkte Zugfahrt zwischen diesen beiden St\u00e4dten wollten wir allerdings noch mit einem Zwischenziel in Frankreich erg\u00e4nzen. Dijon passte hier perfekt und wir buchten zwei N\u00e4chte im mitten in der Altstadt gelegenen <strong><a href=\"https:\/\/www.booking.com\/hotel\/fr\/city-loft.de.html?aid=1634405\" target=\"_blank\" rel=\"noopener\">City Loft Apparthotel Dijon<\/a>*<\/strong>. Vom Bahnhof aus nahmen wir die moderne Stra\u00dfenbahn und kamen nach drei Stationen am Rand der Altstadt an. Ohne \u00dcbertreibung kann ich dir sagen: der erste Eindruck nach dem Aussteigen lie\u00df uns vor Freude sprachlos zur\u00fcck!<\/p>\n<h3>Was dich in Dijon erwartet<\/h3>\n<p>Eine St\u00e4dtereise nach Dijon eignet sich wunderbar, wenn du zwei bis drei Tage eine wunderbare Zeit in einer franz\u00f6sischen Stadt verbringen willst. Die Altstadt ist weitgehend autofrei und du kannst alle Sehensw\u00fcrdigkeiten bequem zu Fu\u00df erkunden \u2013 dabei hilft dir eine Eule, aber dazu gleich mehr! Der mittelalterliche Stadtkern ist ges\u00e4umt von beeindruckenden Geb\u00e4uden, vielen interessanten Gesch\u00e4ften und jeder Menge Caf\u00e9s sowie Restaurants. Dijon bietet eine faszinierende Mischung an Attraktionen, Geschichte und Genuss, sodass dir garantiert nicht langweilig wird. Besonders in Erinnerung blieben mir etwa die Markthalle, die angenehme Stimmung in den engen, bildh\u00fcbschen Gassen und die Aussicht auf die Stadt vom Turm Tour Philippe le Bon.<\/p>\n<hr \/>\n<div class=\"tipps\">\n<h2><img loading=\"lazy\" decoding=\"async\" class=\"alignnone size-full wp-image-19455\" src=\"https:\/\/coeser.de\/blog\/wp-content\/uploads\/2023\/02\/interrail-eurostar-christian-oeser.jpg\" alt=\"Mehrere Eurostar-Z\u00fcge im Bahnhof St Pancras London\" width=\"920\" height=\"307\" srcset=\"https:\/\/coeser.de\/blog\/wp-content\/uploads\/2023\/02\/interrail-eurostar-christian-oeser.jpg 920w, https:\/\/coeser.de\/blog\/wp-content\/uploads\/2023\/02\/interrail-eurostar-christian-oeser-768x256.jpg 768w\" sizes=\"auto, (max-width: 920px) 100vw, 920px\" \/><\/h2>\n<h2>TIPP: Alle Highlights dieser Interrail-Reise<\/h2>\n<p>Dijon war nur eines von mehreren Zielen auf einer zweiw\u00f6chigen Tour im Zug durch Europa. In meinem umfangreichen Artikel <a href=\"https:\/\/coeser.de\/blog\/index.php\/2023\/07\/01\/interrail-inspiration-zugreise\/\" target=\"_blank\" rel=\"noopener\"><strong>Interrail: Inspiration f\u00fcr deine Zugreise<\/strong><\/a> findest du detaillierte Informationen zur Planung der Route, den einzelnen Zwischenstopps (Kempten, Z\u00fcrich, Basel, Dijon, Paris, Brighton, London, Rotterdam, Hamburg und N\u00fcrnberg) und jede Menge Fotos sowie pers\u00f6nliche Tipps.<\/p>\n<\/div>\n<p>&nbsp;<\/p>\n<hr \/>\n<h2><img loading=\"lazy\" decoding=\"async\" class=\"alignnone size-full wp-image-19458\" src=\"https:\/\/coeser.de\/blog\/wp-content\/uploads\/2023\/02\/dijon-aufmacher3-eulenweg-christian-oeser.jpg\" alt=\"Der Eulenweg von Dijon, Frankreich\" width=\"970\" height=\"323\" srcset=\"https:\/\/coeser.de\/blog\/wp-content\/uploads\/2023\/02\/dijon-aufmacher3-eulenweg-christian-oeser.jpg 970w, https:\/\/coeser.de\/blog\/wp-content\/uploads\/2023\/02\/dijon-aufmacher3-eulenweg-christian-oeser-768x256.jpg 768w\" sizes=\"auto, (max-width: 970px) 100vw, 970px\" \/><\/h2>\n<h2>Der Eulenweg von Dijon<\/h2>\n<p>Der <strong>Eulenweg (Parcours de la chouette)<\/strong> ist ein Rundweg durch die Altstadt von Dijon mit 22 Stationen, auf dem du alle Sehensw\u00fcrdigkeiten zu Gesicht bekommst. Der Weg ist durch rund 1.600 im Boden eingelassene, bronzefarbene, dreieckige Eulensymbole gekennzeichnet, die du alle paar Meter findest und dir so den Pfad weisen. Der Eulenweg beginnt zwar theoretisch im Park <em>Jardin Darcy<\/em>, aber prinzipiell kannst du an jedem beliebigen Punkt in der Altstadt einsteigen, da du w\u00e4hrend des Rundgangs ohnehin an allen wichtigen Punkten vorbeikommst. \u00c4rgerlich finde ich, dass die Infobrosch\u00fcre \u00fcber den Eulenweg in der Touristeninfo (<em>11 Rue des Forges<\/em>) kostenpflichtig ist. Mit meinem Artikel erh\u00e4ltst du aber die wichtigsten Infos kostenlos. \ud83d\ude42<\/p>\n<h3>Das Geheimnis der Eule von Dijon<\/h3>\n<p>Die Eule ist das Symbol und Maskottchen der Stadt Dijon, doch warum eigentlich? Dar\u00fcber ranken sich zahlreiche Geschichten, Mythen und Legenden, alle jedoch bis heute ohne wissenschaftliche Belege. Dennoch \u00fcbt die Eule eine magische Faszination aus und ihr wird eine gl\u00fccksbringende Wirkung nachgesagt. Davon \u00fcberzeugen kannst du dich an der linken Au\u00dfenseite der Kirche Notre-Dame de Dijon, wo sich gew\u00f6hnlich eine gro\u00dfe Zahl an Touristen rund um eine ziemlich unscheinbare Figur dr\u00e4ngt. Mit etwas Fantasie erkennst du eine steinerne Eule in der Wand, die von den vielen Ber\u00fchrungen schon komplett blank poliert ist. Angeblich bringt es Gl\u00fcck, wenn du mit der linken Hand \u00fcber die Figur streichst. Nun ja, schaden kann es zumindest nicht. \ud83d\ude09<\/p>\n<hr \/>\n<div class=\"tipps\">\n<h2><img loading=\"lazy\" decoding=\"async\" class=\"alignnone size-full wp-image-19481\" src=\"https:\/\/coeser.de\/blog\/wp-content\/uploads\/2023\/02\/dijon-senf-christian-oeser.jpg\" alt=\"Mehrere Senfgl\u00e4ser in Dijon, Frankreich\" width=\"920\" height=\"307\" srcset=\"https:\/\/coeser.de\/blog\/wp-content\/uploads\/2023\/02\/dijon-senf-christian-oeser.jpg 920w, https:\/\/coeser.de\/blog\/wp-content\/uploads\/2023\/02\/dijon-senf-christian-oeser-768x256.jpg 768w\" sizes=\"auto, (max-width: 920px) 100vw, 920px\" \/><\/h2>\n<h2>GESCHICHTE: Dijon und der Senf<\/h2>\n<p>Dijon wird immer mit Senf in Verbindung gebracht, obwohl dieser au\u00dfer dem Namen schon lange keine wirkliche Verbindung mehr mit der Stadt hat. Die Geschichte geht bis ins 13. Jahrhundert zur\u00fcck. Verwendet werden f\u00fcr den Dijon-Senf ausschlie\u00dflich braune oder schwarze Senfk\u00f6rner, sein Geschmack ist scharf. Bis 1937 galt ein Herkunftsschutz und nur in Dijon hergestellter Senf durfte auch diesen Namen tragen. Ein Rechtsstreit zwischen der Hauptstadt Paris und Dijon setzte dem ein Ende und seitdem ist die Bezeichnung &#8222;Dijon-Senf&#8220; nur noch an das Rezept, aber nicht mehr an die Stadt gebunden. Es kam noch schlimmer: 2009 schloss die letzte Senffabrik in Dijon, da die internationale Konkurrenz einfach zu gro\u00df wurde. Zwar wird auch heute noch in Europa Dijon-Senf produziert, dieser wird aber zu einem gro\u00dfen Teil mit Senfk\u00f6rnern aus Kanada hergestellt.<\/p>\n<\/div>\n<p>&nbsp;<\/p>\n<hr \/>\n<h2><img loading=\"lazy\" decoding=\"async\" class=\"alignnone size-full wp-image-19459\" src=\"https:\/\/coeser.de\/blog\/wp-content\/uploads\/2023\/02\/dijon-aufmacher4-herzogspalast-christian-oeser.jpg\" alt=\"Der beleuchtete Herzogspalast in Dijon, Frankreich\" width=\"970\" height=\"323\" srcset=\"https:\/\/coeser.de\/blog\/wp-content\/uploads\/2023\/02\/dijon-aufmacher4-herzogspalast-christian-oeser.jpg 970w, https:\/\/coeser.de\/blog\/wp-content\/uploads\/2023\/02\/dijon-aufmacher4-herzogspalast-christian-oeser-768x256.jpg 768w\" sizes=\"auto, (max-width: 970px) 100vw, 970px\" \/><\/h2>\n<h2>DIJON: DIE 12 BESTEN SEHENSW\u00dcRDIGKEITEN<\/h2>\n<p>Inspiriert von den 22 Stationen des Eulenwegs zeige ich dir nun meine 12 pers\u00f6nlichen H\u00f6hepunkte und die sch\u00f6nsten Seiten von Dijon mit vielen Bildern aus der Altstadt. Ich reihe die Orte dabei nach meiner pers\u00f6nlichen Vorliebe &#8211; unterhalb der Fotos findest du immer den exakten Aufnahmeort. Ich gebe dir au\u00dferdem noch konkrete Empfehlungen, wo du in Dijon gut essen gehen kannst. Allgemeine Hinweise f\u00fcr deine St\u00e4dtereise nach Dijon findest du dann gesammelt am Ende des Beitrags. Viel Spa\u00df nun beim Lesen und dich Inspirieren lassen!<\/p>\n<h2>1) Sehenswertes in Dijon: Der Herzogspalast<\/h2>\n<p>Eines der beeindruckendsten Bauwerke ist sicherlich der <strong>Herzogspalast von Dijon (Le palais des ducs de Bourgogne)<\/strong> auf dem <strong>Place de la Lib\u00e9ration<\/strong>. Der Komplex besteht aus mehreren Geb\u00e4uden aus dem 14., 15. und 18. Jahrhundert und steht unter Denkmalschutz. Ein Bereich beherbergt das <strong>Museum der Sch\u00f6nen K\u00fcnste (Mus\u00e9e des Beaux-Arts)<\/strong>, das du sogar kostenlos besichtigen kannst. Meine Freundin und ich lie\u00dfen es aber aus, da Museumsbesuche auch immer eine Unmenge an Zeit und Energie kosten, die wir lieber in die Erkundung der Stadt investieren. Zwei weitere Tipps: auf der R\u00fcckseite des Herzogspalast befindet sich in der <em>11 Rue des Forges<\/em> die Touristeninfo, wo du Tickets f\u00fcr den \u00fcber dem Palast thronenden Turm <em>Philippe Le Bon<\/em> kaufen kannst (siehe Punkt 2). Es zahlt sich auch aus, auf den <em>Place de la Lib\u00e9ration<\/em> sowohl untertags als auch abends zu gehen, wenn alles prachtvoll beleuchtet ist.<\/p>\n<figure class=\"bigpicture\"><img loading=\"lazy\" decoding=\"async\" class=\"wp-image-19498 size-full\" src=\"https:\/\/coeser.de\/blog\/wp-content\/uploads\/2023\/02\/dijon-herzogspalast-gal02-christian-oeser.jpg\" alt=\"Sehensw\u00fcrdigkeiten in Dijon: Der Herzogspalast am Tag\" width=\"960\" height=\"640\" srcset=\"https:\/\/coeser.de\/blog\/wp-content\/uploads\/2023\/02\/dijon-herzogspalast-gal02-christian-oeser.jpg 960w, https:\/\/coeser.de\/blog\/wp-content\/uploads\/2023\/02\/dijon-herzogspalast-gal02-christian-oeser-768x512.jpg 768w, https:\/\/coeser.de\/blog\/wp-content\/uploads\/2023\/02\/dijon-herzogspalast-gal02-christian-oeser-330x220.jpg 330w\" sizes=\"auto, (max-width: 960px) 100vw, 960px\" \/><figcaption class=\"bigpicture-text\">\n<h3>Der Place de la Lib\u00e9ration mit dem Herzogspalast untertags<\/h3>\n<p><a href=\"https:\/\/www.google.de\/maps\/place\/47.321143298306446,5.041340012026423\" target=\"_blank\" rel=\"noopener\"><strong>Aufnahmeort anzeigen<\/strong><\/a><\/p>\n<\/figcaption><\/figure>\n<figure class=\"bigpicture\"><img loading=\"lazy\" decoding=\"async\" class=\"wp-image-19497 size-full\" src=\"https:\/\/coeser.de\/blog\/wp-content\/uploads\/2023\/02\/dijon-herzogspalast-gal01-christian-oeser.jpg\" alt=\"Sehensw\u00fcrdigkeiten in Dijon: Der Herzogspalast am Abend\" width=\"960\" height=\"640\" srcset=\"https:\/\/coeser.de\/blog\/wp-content\/uploads\/2023\/02\/dijon-herzogspalast-gal01-christian-oeser.jpg 960w, https:\/\/coeser.de\/blog\/wp-content\/uploads\/2023\/02\/dijon-herzogspalast-gal01-christian-oeser-768x512.jpg 768w, https:\/\/coeser.de\/blog\/wp-content\/uploads\/2023\/02\/dijon-herzogspalast-gal01-christian-oeser-330x220.jpg 330w\" sizes=\"auto, (max-width: 960px) 100vw, 960px\" \/><figcaption class=\"bigpicture-text\">\n<h3>Der Place de la Lib\u00e9ration mit dem Herzogspalast abends<\/h3>\n<p><a href=\"https:\/\/www.google.de\/maps\/place\/47.32120728664386,5.041143345602032\" target=\"_blank\" rel=\"noopener\"><strong>Aufnahmeort anzeigen<\/strong><\/a><\/p>\n<\/figcaption><\/figure>\n<hr \/>\n<h2>2) Sehenswertes in Dijon: Tour Philippe le Bon<\/h2>\n<p>Auf den Turm <strong>Tour Philippe le Bon<\/strong> wollte ich unbedingt hinauf, da seine Aussichtsplattform in 46 Metern H\u00f6he die einzige M\u00f6glichkeit in der Stadt ist, Dijon von oben aus zu betrachten. Erbaut wurde er zwischen 1450 und 1460 f\u00fcr Philipp den Guten. Auf den Turm gelangst du ausschlie\u00dflich mit F\u00fchrung, weswegen du rechtzeitig Tickets organisieren solltest. Diese kosten pro Person EUR 6,- und du kannst sie entweder online auf der Seite <a href=\"https:\/\/de.destinationdijon.com\/erleben\/rundblick-aus-46-metern-hohe\/\" target=\"_blank\" rel=\"noopener\"><strong>destinationdijon.com<\/strong><\/a> buchen oder direkt vor Ort in der Touristeninformation (<em>11 Rue des Forges<\/em>) kaufen. Der Ausblick ist spektakul\u00e4r, aber auch w\u00e4hrend des Aufstiegs erf\u00e4hrst du vom Guide eine Menge spannender Details und versteckte Symbole im Turm.<\/p>\n<figure class=\"bigpicture\"><img loading=\"lazy\" decoding=\"async\" class=\"wp-image-19495 size-full\" src=\"https:\/\/coeser.de\/blog\/wp-content\/uploads\/2023\/02\/dijon-tour-philippe-le-bon-gal01-christian-oeser.jpg\" alt=\"Sehensw\u00fcrdigkeiten in Dijon: Tour Philippe le Bon\" width=\"960\" height=\"640\" srcset=\"https:\/\/coeser.de\/blog\/wp-content\/uploads\/2023\/02\/dijon-tour-philippe-le-bon-gal01-christian-oeser.jpg 960w, https:\/\/coeser.de\/blog\/wp-content\/uploads\/2023\/02\/dijon-tour-philippe-le-bon-gal01-christian-oeser-768x512.jpg 768w, https:\/\/coeser.de\/blog\/wp-content\/uploads\/2023\/02\/dijon-tour-philippe-le-bon-gal01-christian-oeser-330x220.jpg 330w\" sizes=\"auto, (max-width: 960px) 100vw, 960px\" \/><figcaption class=\"bigpicture-text\">\n<h3>Ausblick von der Aussichtsterrasse des Tour Philippe le Bon<\/h3>\n<p><a href=\"https:\/\/www.google.de\/maps\/place\/47.32195076715385,5.041623325886015\" target=\"_blank\" rel=\"noopener\"><strong>Aufnahmeort anzeigen<\/strong><\/a><\/p>\n<\/figcaption><\/figure>\n<figure class=\"bigpicture\"><img loading=\"lazy\" decoding=\"async\" class=\"wp-image-19496 size-full\" src=\"https:\/\/coeser.de\/blog\/wp-content\/uploads\/2023\/02\/dijon-tour-philippe-le-bon-gal02-christian-oeser.jpg\" alt=\"Sehensw\u00fcrdigkeiten in Dijon: Tour Philippe le Bon\" width=\"960\" height=\"640\" srcset=\"https:\/\/coeser.de\/blog\/wp-content\/uploads\/2023\/02\/dijon-tour-philippe-le-bon-gal02-christian-oeser.jpg 960w, https:\/\/coeser.de\/blog\/wp-content\/uploads\/2023\/02\/dijon-tour-philippe-le-bon-gal02-christian-oeser-768x512.jpg 768w, https:\/\/coeser.de\/blog\/wp-content\/uploads\/2023\/02\/dijon-tour-philippe-le-bon-gal02-christian-oeser-330x220.jpg 330w\" sizes=\"auto, (max-width: 960px) 100vw, 960px\" \/><figcaption class=\"bigpicture-text\">\n<h3>Der Turm Philippe le Bon von der Rue des Forges aus gesehen<\/h3>\n<p><a href=\"https:\/\/www.google.de\/maps\/place\/47.32218466780468,5.040056010314053\" target=\"_blank\" rel=\"noopener\"><strong>Aufnahmeort anzeigen<\/strong><\/a><\/p>\n<\/figcaption><\/figure>\n<hr \/>\n<h2>3) Sehenswertes in Dijon: Die Markthalle<\/h2>\n<p>Die <strong>Markthalle von Dijon (Halles centrales de Dijon)<\/strong> wurde 1873-1875 erbaut und ist einer der zentralen Punkte in der Stadt, wo Einheimische wie Touristen zusammentreffen und die Atmosph\u00e4re genie\u00dfen. Die Halle sticht architektonisch durch ihre wundersch\u00f6ne Eisenkonstruktion hervor und wird f\u00e4lschlicherweise mit Gustave Eiffel in Verbindung gebracht, der allerdings mit der Planung nichts zu tun hatte. Vielmehr f\u00fchrte der Ingenieur Louis-Cl\u00e9ment Weinberger die Pl\u00e4ne des namentlich unbekannten Architekten der Stadt Dijon aus. Jeden Dienstag, Donnerstag, Freitag und Samstag ist jeweils von 7:30-13:00 Uhr Markttag, den du dir nicht entgehen lassen solltest. Unz\u00e4hlige H\u00e4ndler bieten ihre Waren an und du kannst dich durch eine F\u00fclle an K\u00f6stlichkeiten aller Art durchkosten.<\/p>\n<figure class=\"bigpicture\"><img loading=\"lazy\" decoding=\"async\" class=\"wp-image-19505 size-full\" src=\"https:\/\/coeser.de\/blog\/wp-content\/uploads\/2023\/02\/dijon-markthalle-gal01-christian-oeser.jpg\" alt=\"Sehensw\u00fcrdigkeiten in Dijon: Die Markthalle\" width=\"960\" height=\"640\" srcset=\"https:\/\/coeser.de\/blog\/wp-content\/uploads\/2023\/02\/dijon-markthalle-gal01-christian-oeser.jpg 960w, https:\/\/coeser.de\/blog\/wp-content\/uploads\/2023\/02\/dijon-markthalle-gal01-christian-oeser-768x512.jpg 768w, https:\/\/coeser.de\/blog\/wp-content\/uploads\/2023\/02\/dijon-markthalle-gal01-christian-oeser-330x220.jpg 330w\" sizes=\"auto, (max-width: 960px) 100vw, 960px\" \/><figcaption class=\"bigpicture-text\">\n<h3>Die Markthalle von Dijon als echter Blickfang<\/h3>\n<p><a href=\"https:\/\/www.google.de\/maps\/place\/47.32314438221935,5.040050876501246\" target=\"_blank\" rel=\"noopener\"><strong>Aufnahmeort anzeigen<\/strong><\/a><\/p>\n<\/figcaption><\/figure>\n<figure class=\"bigpicture\"><img loading=\"lazy\" decoding=\"async\" class=\"wp-image-19506 size-full\" src=\"https:\/\/coeser.de\/blog\/wp-content\/uploads\/2023\/02\/dijon-markthalle-gal02-christian-oeser.jpg\" alt=\"Sehensw\u00fcrdigkeiten in Dijon: Die Markthalle\" width=\"960\" height=\"640\" srcset=\"https:\/\/coeser.de\/blog\/wp-content\/uploads\/2023\/02\/dijon-markthalle-gal02-christian-oeser.jpg 960w, https:\/\/coeser.de\/blog\/wp-content\/uploads\/2023\/02\/dijon-markthalle-gal02-christian-oeser-768x512.jpg 768w, https:\/\/coeser.de\/blog\/wp-content\/uploads\/2023\/02\/dijon-markthalle-gal02-christian-oeser-330x220.jpg 330w\" sizes=\"auto, (max-width: 960px) 100vw, 960px\" \/><figcaption class=\"bigpicture-text\">\n<h3>Die Kulinarik der Markthalle entdecken<\/h3>\n<p><a href=\"https:\/\/www.google.de\/maps\/place\/47.32346953694058,5.039888328824936\" target=\"_blank\" rel=\"noopener\"><strong>Aufnahmeort anzeigen<\/strong><\/a><\/p>\n<\/figcaption><\/figure>\n<figure class=\"bigpicture\"><img loading=\"lazy\" decoding=\"async\" class=\"wp-image-19507 size-full\" src=\"https:\/\/coeser.de\/blog\/wp-content\/uploads\/2023\/02\/dijon-markthalle-gal03-christian-oeser.jpg\" alt=\"Sehensw\u00fcrdigkeiten in Dijon: Die Markthalle\" width=\"960\" height=\"640\" srcset=\"https:\/\/coeser.de\/blog\/wp-content\/uploads\/2023\/02\/dijon-markthalle-gal03-christian-oeser.jpg 960w, https:\/\/coeser.de\/blog\/wp-content\/uploads\/2023\/02\/dijon-markthalle-gal03-christian-oeser-768x512.jpg 768w, https:\/\/coeser.de\/blog\/wp-content\/uploads\/2023\/02\/dijon-markthalle-gal03-christian-oeser-330x220.jpg 330w\" sizes=\"auto, (max-width: 960px) 100vw, 960px\" \/><figcaption class=\"bigpicture-text\">\n<h3>K\u00f6stlichkeiten in der Markthalle von Dijon<\/h3>\n<p><a href=\"https:\/\/www.google.de\/maps\/place\/47.32346953694058,5.039888328824936\" target=\"_blank\" rel=\"noopener\"><strong>Aufnahmeort anzeigen<\/strong><\/a><\/p>\n<\/figcaption><\/figure>\n<hr \/>\n<div class=\"tipps\">\n<h2>TIPP: Kulinarische Touren und Ausfl\u00fcge in Dijon<\/h2>\n<p>Dijon ist Wein, Dijon ist Kulinarik, Dijon ist Genuss! Nachfolgend habe ich dir vom Tourvermittler GetYourGuide eine Liste mit interessanten Touren, F\u00fchrung und Ausfl\u00fcgen rund um diese Thematik zusammengestellt:<\/p>\n<p><strong><a href=\"https:\/\/getyourguide.stay22.com\/coe1634405\/qfTIRYGO2W\" target=\"_blank\" rel=\"noopener\">Dijon: La Cave du Palais &#8211; Burgundische Weinverkostung<\/a>*<\/strong><\/p>\n<p><strong><a href=\"https:\/\/getyourguide.stay22.com\/coe1634405\/RWqw_KUuJ4\" target=\"_blank\" rel=\"noopener\">Dijon: Verkostung von Weinen, K\u00e4se und Sch\u00e4tzen der Bourgogne<\/a>*<\/strong><\/p>\n<p><strong><a href=\"https:\/\/getyourguide.stay22.com\/coe1634405\/0sBZsMI3-y\" target=\"_blank\" rel=\"noopener\">Ab Dijon: Tour durch die Weinberge der C\u00f4te de Nuits und C\u00f4te de Beaune<\/a>*<\/strong><\/p>\n<p><strong><a href=\"https:\/\/getyourguide.stay22.com\/coe1634405\/j9E678-hRJ\" target=\"_blank\" rel=\"noopener\">Ab Dijon: Ganzt\u00e4gige Burgunder-Weinverkostungstour<\/a>*<\/strong><\/p>\n<p><strong><a href=\"https:\/\/getyourguide.stay22.com\/coe1634405\/hEP7e4xqi1\" target=\"_blank\" rel=\"noopener\">Dijon: Weinverkostung \u2013 5 Weine &amp; burgundische Spezialit\u00e4ten<\/a>*<\/strong><\/p>\n<\/div>\n<p>&nbsp;<\/p>\n<hr \/>\n<h2>4) Sehenswertes in Dijon: Place Fran\u00e7ois Rude<\/h2>\n<p>Der <strong>Place Fran\u00e7ois Rude<\/strong> liegt zentral in der Altstadt und ist ein kitschig sch\u00f6ner Platz sowie ein wundervolles Fotomotiv. Benannt ist der Platz nach dem Bildhauer Fran\u00e7ois Rude, der f\u00fcr sein Relief <em>Le D\u00e9part des volontaires de 1792<\/em> (<em>Der Aufbruch der Freiwilligen<\/em> von 1792) &#8211; kurz <em>La Marseillaise<\/em> &#8211; auf dem <a href=\"https:\/\/coeser.de\/blog\/index.php\/2022\/10\/21\/paris-zu-gast-in-frankreichs-herz\/#4-Champs-Elysees-und-Triumphbogen-Arc-de-Triomphe\" target=\"_blank\" rel=\"noopener\"><strong>Pariser Triumphbogen<\/strong><\/a> ber\u00fchmt ist. In der Mitte steht ein Brunnen mit der Statue <em>Le Vendangeur<\/em> (<em>Der Winzer<\/em>), welche eine Person beim Zerstampfen von Trauben zeigt. Zur angenehmen Stimmung auf dem Platz tragen die zahlreichen Lokale, das Karussell und die gemischten Architekturstile der H\u00e4user bei &#8211; hier l\u00e4sst es sich echt aushalten!<\/p>\n<figure class=\"bigpicture\"><img loading=\"lazy\" decoding=\"async\" class=\"wp-image-19503 size-full\" src=\"https:\/\/coeser.de\/blog\/wp-content\/uploads\/2023\/02\/dijon-place-francois-rude-caroussel-gal01-christian-oeser.jpg\" alt=\"Sehensw\u00fcrdigkeiten in Dijon: Place Fran\u00e7ois Rude\" width=\"960\" height=\"640\" srcset=\"https:\/\/coeser.de\/blog\/wp-content\/uploads\/2023\/02\/dijon-place-francois-rude-caroussel-gal01-christian-oeser.jpg 960w, https:\/\/coeser.de\/blog\/wp-content\/uploads\/2023\/02\/dijon-place-francois-rude-caroussel-gal01-christian-oeser-768x512.jpg 768w, https:\/\/coeser.de\/blog\/wp-content\/uploads\/2023\/02\/dijon-place-francois-rude-caroussel-gal01-christian-oeser-330x220.jpg 330w\" sizes=\"auto, (max-width: 960px) 100vw, 960px\" \/><figcaption class=\"bigpicture-text\">\n<h3>Place Fran\u00e7ois Rude als einer der sch\u00f6nsten Pl\u00e4tze in Dijon<\/h3>\n<p><a href=\"https:\/\/www.google.de\/maps\/place\/47.32217591697792,5.038875602359976\" target=\"_blank\" rel=\"noopener\"><strong>Aufnahmeort anzeigen<\/strong><\/a><\/p>\n<\/figcaption><\/figure>\n<figure class=\"bigpicture\"><img loading=\"lazy\" decoding=\"async\" class=\"wp-image-19504 size-full\" src=\"https:\/\/coeser.de\/blog\/wp-content\/uploads\/2023\/02\/dijon-place-francois-rude-caroussel-gal02-christian-oeser.jpg\" alt=\"Sehensw\u00fcrdigkeiten in Dijon: Place Fran\u00e7ois Rude\" width=\"960\" height=\"640\" srcset=\"https:\/\/coeser.de\/blog\/wp-content\/uploads\/2023\/02\/dijon-place-francois-rude-caroussel-gal02-christian-oeser.jpg 960w, https:\/\/coeser.de\/blog\/wp-content\/uploads\/2023\/02\/dijon-place-francois-rude-caroussel-gal02-christian-oeser-768x512.jpg 768w, https:\/\/coeser.de\/blog\/wp-content\/uploads\/2023\/02\/dijon-place-francois-rude-caroussel-gal02-christian-oeser-330x220.jpg 330w\" sizes=\"auto, (max-width: 960px) 100vw, 960px\" \/><figcaption class=\"bigpicture-text\">\n<h3>Wundersch\u00f6ne H\u00e4user auf dem Place Fran\u00e7ois Rude<\/h3>\n<p><a href=\"https:\/\/www.google.de\/maps\/place\/47.32218105443377,5.039044121442021\" target=\"_blank\" rel=\"noopener\"><strong>Aufnahmeort anzeigen<\/strong><\/a><\/p>\n<\/figcaption><\/figure>\n<hr \/>\n<h2>5) Sehenswertes in Dijon: Kirche Notre-Dame und die steinerne Eule<\/h2>\n<p>Die <strong>Kirche Notre-Dame (\u00c9glise Notre-Dame de Dijon)<\/strong> ist das Herz des Eulenwegs in Dijon, denn an der linken Au\u00dfenseite des Bauwerks findest du die <strong>steinerne Eule (La chouette)<\/strong>, deren Ber\u00fchrung mit der linken Hand Gl\u00fcck bringen und dir einen Wunsch erf\u00fcllen soll. Es gibt aber auch noch anderes Sehenswertes an diesem Ort. Stehst du vor dem Haupteingang und blickst nach oben, siehst du an der Uhr vier Figuren. Die Erwachsenen hei\u00dfen <strong>Jacquemart und Jacqueline<\/strong>, sie schlagen zu jeder vollen Stunde die Glocke. Unterhalb stehen die Kinder <strong>Jacquelinet und Jacquelinette<\/strong>, welche zu jeder Viertelstunde auf eine kleinere Glocke h\u00e4mmern. Im Inneren der gotischen Kirche aus dem Jahr 1251 fand ich das Langhaus und den Chor sehr ansprechend. Ein nettes Fotomotiv findest du \u00fcbrigens, wenn du auf die R\u00fcckseite der Kirche gehst und von der <em>Rue Jeannin<\/em> auf den Kirchturm schaust.<\/p>\n<figure class=\"bigpicture\"><img loading=\"lazy\" decoding=\"async\" class=\"wp-image-19535 size-full\" src=\"https:\/\/coeser.de\/blog\/wp-content\/uploads\/2023\/03\/dijon-kirche-notre-dame-eule-gal01-christian-oeser.jpg\" alt=\"Sehensw\u00fcrdigkeiten in Dijon: Kirche Notre-Dame\" width=\"960\" height=\"640\" srcset=\"https:\/\/coeser.de\/blog\/wp-content\/uploads\/2023\/03\/dijon-kirche-notre-dame-eule-gal01-christian-oeser.jpg 960w, https:\/\/coeser.de\/blog\/wp-content\/uploads\/2023\/03\/dijon-kirche-notre-dame-eule-gal01-christian-oeser-768x512.jpg 768w, https:\/\/coeser.de\/blog\/wp-content\/uploads\/2023\/03\/dijon-kirche-notre-dame-eule-gal01-christian-oeser-330x220.jpg 330w\" sizes=\"auto, (max-width: 960px) 100vw, 960px\" \/><figcaption class=\"bigpicture-text\">\n<h3>Der Turm der Kirche Notre-Dame von der Rue Jeannin aus gesehen<\/h3>\n<p><a href=\"https:\/\/www.google.de\/maps\/place\/47.32241520994732,5.042890956480194\" target=\"_blank\" rel=\"noopener\"><strong>Aufnahmeort anzeigen<\/strong><\/a><\/p>\n<\/figcaption><\/figure>\n<figure class=\"bigpicture\"><img loading=\"lazy\" decoding=\"async\" class=\"wp-image-19536 size-full\" src=\"https:\/\/coeser.de\/blog\/wp-content\/uploads\/2023\/03\/dijon-kirche-notre-dame-eule-gal02-christian-oeser.jpg\" alt=\"Sehensw\u00fcrdigkeiten in Dijon: Kirche Notre-Dame\" width=\"960\" height=\"640\" srcset=\"https:\/\/coeser.de\/blog\/wp-content\/uploads\/2023\/03\/dijon-kirche-notre-dame-eule-gal02-christian-oeser.jpg 960w, https:\/\/coeser.de\/blog\/wp-content\/uploads\/2023\/03\/dijon-kirche-notre-dame-eule-gal02-christian-oeser-768x512.jpg 768w, https:\/\/coeser.de\/blog\/wp-content\/uploads\/2023\/03\/dijon-kirche-notre-dame-eule-gal02-christian-oeser-330x220.jpg 330w\" sizes=\"auto, (max-width: 960px) 100vw, 960px\" \/><figcaption class=\"bigpicture-text\">\n<h3>Die Frontfassade der Kirche Notre-Dame im gotischen Stil<\/h3>\n<p><a href=\"https:\/\/www.google.de\/maps\/place\/47.32263275001101,5.040982821285861\" target=\"_blank\" rel=\"noopener\"><strong>Aufnahmeort anzeigen<\/strong><\/a><\/p>\n<\/figcaption><\/figure>\n<figure class=\"bigpicture\"><img loading=\"lazy\" decoding=\"async\" class=\"wp-image-19537 size-full\" src=\"https:\/\/coeser.de\/blog\/wp-content\/uploads\/2023\/03\/dijon-kirche-notre-dame-eule-gal03-christian-oeser.jpg\" alt=\"Sehensw\u00fcrdigkeiten in Dijon: Kirche Notre-Dame\" width=\"960\" height=\"640\" srcset=\"https:\/\/coeser.de\/blog\/wp-content\/uploads\/2023\/03\/dijon-kirche-notre-dame-eule-gal03-christian-oeser.jpg 960w, https:\/\/coeser.de\/blog\/wp-content\/uploads\/2023\/03\/dijon-kirche-notre-dame-eule-gal03-christian-oeser-768x512.jpg 768w, https:\/\/coeser.de\/blog\/wp-content\/uploads\/2023\/03\/dijon-kirche-notre-dame-eule-gal03-christian-oeser-330x220.jpg 330w\" sizes=\"auto, (max-width: 960px) 100vw, 960px\" \/><figcaption class=\"bigpicture-text\">\n<h3>Blick in das sehenswerte Langhaus und den Chor<\/h3>\n<p><strong><a href=\"https:\/\/www.google.de\/maps\/place\/47.322720674182946,5.041296820885115\" target=\"_blank\" rel=\"noopener\">Aufnahmeort anzeigen<\/a><\/strong><\/p>\n<\/figcaption><\/figure>\n<figure class=\"bigpicture\"><img loading=\"lazy\" decoding=\"async\" class=\"wp-image-19538 size-full\" src=\"https:\/\/coeser.de\/blog\/wp-content\/uploads\/2023\/03\/dijon-kirche-notre-dame-eule-gal04-christian-oeser.jpg\" alt=\"Sehensw\u00fcrdigkeiten in Dijon: Kirche Notre-Dame mit Eule\" width=\"960\" height=\"640\" srcset=\"https:\/\/coeser.de\/blog\/wp-content\/uploads\/2023\/03\/dijon-kirche-notre-dame-eule-gal04-christian-oeser.jpg 960w, https:\/\/coeser.de\/blog\/wp-content\/uploads\/2023\/03\/dijon-kirche-notre-dame-eule-gal04-christian-oeser-768x512.jpg 768w, https:\/\/coeser.de\/blog\/wp-content\/uploads\/2023\/03\/dijon-kirche-notre-dame-eule-gal04-christian-oeser-330x220.jpg 330w\" sizes=\"auto, (max-width: 960px) 100vw, 960px\" \/><figcaption class=\"bigpicture-text\">\n<h3>Die steinerne Eule und die Glockenschl\u00e4ger Jacquemart und Jacqueline<\/h3>\n<p>Bild l.: <a href=\"https:\/\/www.google.de\/maps\/place\/47.32279561113123,5.041556947511802\" target=\"_blank\" rel=\"noopener\"><strong>Aufnahmeort anzeigen<\/strong><\/a> \/ Bild r.: <a href=\"https:\/\/www.google.de\/maps\/place\/47.322616722096306,5.041037684926574\" target=\"_blank\" rel=\"noopener\"><strong>Aufnahmeort anzeigen<\/strong><\/a><\/p>\n<\/figcaption><\/figure>\n<hr \/>\n<div class=\"tipps\">\n<h2>Essen und Trinken in Dijon<\/h2>\n<p>Das <strong>Bistrot des Halles<\/strong> (<em>10 Rue Bannelier<\/em>) ist eines von zahlreichen Restaurants, die sich rund um die Markthalle aufreihen. Wir genossen als Vorspeise Jambon persill\u00e9 (Schinken mit Petersilie) und als Hauptgericht das k\u00f6stliche und zarte Boeuf Bourguignon \u2013 beides \u00fcbrigens typische Speisen f\u00fcr die Region.<\/p>\n<p>Sehr touristisch angehaucht, aber aufgrund seiner Lage unglaublich sch\u00f6n ist das <strong>Restaurant BHV<\/strong> (<em>22 Place de la Lib\u00e9ration<\/em>) direkt am Place de la Lib\u00e9ration mit Blick auf den Herzogspalast \u2013 vor allem abends mit Beleuchtung ein herrlicher Anblick! In diesem Lokal probierten wir Oeufs en Meurette ou Epoisses (pochierte Eier mit Burgundersauce), Escargots de Bourgogne (Schnecken aus dem Burgund), Supr\u00eame de Poulet fa\u00e7on Gaston G\u00e9rard (im Topf geschmortes Huhn) und Filet de truite aux amandes (Forellenfilet mit Mandeln). Alles ein absoluter Genuss!<\/p>\n<p>Wenn du etwas S\u00fc\u00dfes f\u00fcr Zwischendurch suchst, um deine Energiespeicher wieder aufzuladen, dann probiere den unglaublich guten Schokokuchen mit Ribiseln im <strong>Caf\u00e9 La petite Reine<\/strong> (<em>4 Rue Vauban<\/em>).<\/p>\n<p>Keinesfalls fehlen darf ein kulinarischer Besuch in der <strong>Markthalle von Dijon <\/strong>(<em>Halle central de Dijon<\/em>). Am Kiosk <strong>La Buvette des Halles<\/strong> bestellten wir zwei Gl\u00e4ser Cremant de Bourgogne und a\u00dfen dazu K\u00e4se von einem der umliegenden St\u00e4nde \u2013 das ist hier erlaubt und tr\u00e4gt zum entspannten Ambiente bei.<\/p>\n<p>Gefr\u00fchst\u00fcckt haben wir zweimal in unterschiedlichen Caf\u00e9s, in denen wir jeweils sehr zufrieden waren. Bei <strong>La Menuiserie<\/strong> (<em>28 Rue des Godrans<\/em>) hatten wir ein klassisches franz\u00f6sisches Fr\u00fchst\u00fcck (Petit dejoun\u00e8r) mit Croissant, Baguette, Orangensaft und Kaffee, im gegen\u00fcberliegenden <strong>Caf\u00e9 de l&#8217;Industrie<\/strong> (<em>15 Rue des Godrans<\/em>) dagegen nur ein Croissant und Getr\u00e4nke.<\/p>\n<p>(Nicht nur) als kulinarisches Mitbringsel bieten sich die fein gef\u00fcllten Lebkuchen der traditionellen Lebzelterei <strong>Mulot &amp; Petitjean<\/strong> an. 1796 gegr\u00fcndet, ist sie heute die letzte ihrer Art in Dijon. Es gibt vier Filialen in der Stadt, aber die sch\u00f6nste ist in einem Fachwerkhaus an der Adresse <em>Place Bossuet 13<\/em> zu finden.<\/p>\n<div id='gallery-2' class='gallery galleryid-19443 gallery-columns-7 gallery-size-thumbnail'><figure class='gallery-item'>\n\t\t\t<div class='gallery-icon landscape'>\n\t\t\t\t<a href='https:\/\/coeser.de\/blog\/wp-content\/uploads\/2023\/02\/dijon-bistrot-des-halles-gal01-christian-oeser.jpg' title=\"Das Bistrot des Halles nahe der Markthalle von Dijon\" data-rl_title=\"Das Bistrot des Halles nahe der Markthalle von Dijon\" class=\"rl-gallery-link\" data-rl_caption=\"Aufnahmeort anzeigen\" data-rel=\"lightbox-gallery-2\"><img loading=\"lazy\" decoding=\"async\" width=\"150\" height=\"150\" src=\"https:\/\/coeser.de\/blog\/wp-content\/uploads\/2023\/02\/dijon-bistrot-des-halles-gal01-christian-oeser-150x150.jpg\" class=\"attachment-thumbnail size-thumbnail\" alt=\"Das Bistrot des Halles nahe der Markthalle von Dijon\" aria-describedby=\"gallery-2-19460\" \/><\/a>\n\t\t\t<\/div>\n\t\t\t\t<figcaption class='wp-caption-text gallery-caption' id='gallery-2-19460'>\n\t\t\t\tDas Bistrot des Halles nahe der Markthalle von Dijon\n\t\t\t\t<\/figcaption><\/figure><figure class='gallery-item'>\n\t\t\t<div class='gallery-icon landscape'>\n\t\t\t\t<a href='https:\/\/coeser.de\/blog\/wp-content\/uploads\/2023\/02\/dijon-bistrot-des-halles-gal02-christian-oeser.jpg' title=\"Jambon persill\u00e9 (Schinken mit Petersilie) im Bistrot des Halles nahe der Markthalle von Dijon\" data-rl_title=\"Jambon persill\u00e9 (Schinken mit Petersilie) im Bistrot des Halles nahe der Markthalle von Dijon\" class=\"rl-gallery-link\" data-rl_caption=\"Aufnahmeort anzeigen\" data-rel=\"lightbox-gallery-2\"><img loading=\"lazy\" decoding=\"async\" width=\"150\" height=\"150\" src=\"https:\/\/coeser.de\/blog\/wp-content\/uploads\/2023\/02\/dijon-bistrot-des-halles-gal02-christian-oeser-150x150.jpg\" class=\"attachment-thumbnail size-thumbnail\" alt=\"Jambon persill\u00e9 (Schinken mit Petersilie) im Bistrot des Halles nahe der Markthalle von Dijon\" aria-describedby=\"gallery-2-19461\" \/><\/a>\n\t\t\t<\/div>\n\t\t\t\t<figcaption class='wp-caption-text gallery-caption' id='gallery-2-19461'>\n\t\t\t\tJambon persill\u00e9 (Schinken mit Petersilie) im Bistrot des Halles nahe der Markthalle von Dijon\n\t\t\t\t<\/figcaption><\/figure><figure class='gallery-item'>\n\t\t\t<div class='gallery-icon landscape'>\n\t\t\t\t<a href='https:\/\/coeser.de\/blog\/wp-content\/uploads\/2023\/02\/dijon-bistrot-des-halles-gal03-christian-oeser.jpg' title=\"Boeuf Bourguignon im Bistrot des Halles nahe der Markthalle von Dijon\" data-rl_title=\"Boeuf Bourguignon im Bistrot des Halles nahe der Markthalle von Dijon\" class=\"rl-gallery-link\" data-rl_caption=\"Aufnahmeort anzeigen\" data-rel=\"lightbox-gallery-2\"><img loading=\"lazy\" decoding=\"async\" width=\"150\" height=\"150\" src=\"https:\/\/coeser.de\/blog\/wp-content\/uploads\/2023\/02\/dijon-bistrot-des-halles-gal03-christian-oeser-150x150.jpg\" class=\"attachment-thumbnail size-thumbnail\" alt=\"Boeuf Bourguignon im Bistrot des Halles nahe der Markthalle von Dijon\" aria-describedby=\"gallery-2-19462\" \/><\/a>\n\t\t\t<\/div>\n\t\t\t\t<figcaption class='wp-caption-text gallery-caption' id='gallery-2-19462'>\n\t\t\t\tBoeuf Bourguignon im Bistrot des Halles nahe der Markthalle von Dijon\n\t\t\t\t<\/figcaption><\/figure><figure class='gallery-item'>\n\t\t\t<div class='gallery-icon landscape'>\n\t\t\t\t<a href='https:\/\/coeser.de\/blog\/wp-content\/uploads\/2023\/02\/dijon-restaurant-bhv-gal01-christian-oeser.jpg' title=\"Oeufs en Meurette ou Epoisses (pochierte Eier mit Burgundersauce) und Escargots de Bourgogne (Schnecken aus dem Burgund) im Restaurant BHV in Dijon\" data-rl_title=\"Oeufs en Meurette ou Epoisses (pochierte Eier mit Burgundersauce) und Escargots de Bourgogne (Schnecken aus dem Burgund) im Restaurant BHV in Dijon\" class=\"rl-gallery-link\" data-rl_caption=\"Aufnahmeort anzeigen\" data-rel=\"lightbox-gallery-2\"><img loading=\"lazy\" decoding=\"async\" width=\"150\" height=\"150\" src=\"https:\/\/coeser.de\/blog\/wp-content\/uploads\/2023\/02\/dijon-restaurant-bhv-gal01-christian-oeser-150x150.jpg\" class=\"attachment-thumbnail size-thumbnail\" alt=\"Oeufs en Meurette ou Epoisses (pochierte Eier mit Burgundersauce) und Escargots de Bourgogne (Schnecken aus dem Burgund) im Restaurant BHV in Dijon\" aria-describedby=\"gallery-2-19463\" \/><\/a>\n\t\t\t<\/div>\n\t\t\t\t<figcaption class='wp-caption-text gallery-caption' id='gallery-2-19463'>\n\t\t\t\tOeufs en Meurette ou Epoisses (pochierte Eier mit Burgundersauce) und Escargots de Bourgogne (Schnecken aus dem Burgund) im Restaurant BHV in Dijon\n\t\t\t\t<\/figcaption><\/figure><figure class='gallery-item'>\n\t\t\t<div class='gallery-icon landscape'>\n\t\t\t\t<a href='https:\/\/coeser.de\/blog\/wp-content\/uploads\/2023\/02\/dijon-restaurant-bhv-gal02-christian-oeser.jpg' title=\"Supr\u00eame de Poulet fa\u00e7on Gaston G\u00e9rard (im Topf geschmortes Huhn) und Filet de truite aux amandes (Forellenfilet mit Mandeln) im Restaurant BHV in Dijon\" data-rl_title=\"Supr\u00eame de Poulet fa\u00e7on Gaston G\u00e9rard (im Topf geschmortes Huhn) und Filet de truite aux amandes (Forellenfilet mit Mandeln) im Restaurant BHV in Dijon\" class=\"rl-gallery-link\" data-rl_caption=\"Aufnahmeort anzeigen\" data-rel=\"lightbox-gallery-2\"><img loading=\"lazy\" decoding=\"async\" width=\"150\" height=\"150\" src=\"https:\/\/coeser.de\/blog\/wp-content\/uploads\/2023\/02\/dijon-restaurant-bhv-gal02-christian-oeser-150x150.jpg\" class=\"attachment-thumbnail size-thumbnail\" alt=\"Supr\u00eame de Poulet fa\u00e7on Gaston G\u00e9rard (im Topf geschmortes Huhn) und Filet de truite aux amandes (Forellenfilet mit Mandeln) im Restaurant BHV in Dijon\" aria-describedby=\"gallery-2-19464\" \/><\/a>\n\t\t\t<\/div>\n\t\t\t\t<figcaption class='wp-caption-text gallery-caption' id='gallery-2-19464'>\n\t\t\t\tSupr\u00eame de Poulet fa\u00e7on Gaston G\u00e9rard (im Topf geschmortes Huhn) und Filet de truite aux amandes (Forellenfilet mit Mandeln) im Restaurant BHV in Dijon\n\t\t\t\t<\/figcaption><\/figure><figure class='gallery-item'>\n\t\t\t<div class='gallery-icon landscape'>\n\t\t\t\t<a href='https:\/\/coeser.de\/blog\/wp-content\/uploads\/2023\/02\/dijon-cafe-la-petite-reine-gal01-christian-oeser.jpg' title=\"Schokokuchen mit Ribiseln im Caf\u00e9 La petite Reine in Dijon\" data-rl_title=\"Schokokuchen mit Ribiseln im Caf\u00e9 La petite Reine in Dijon\" class=\"rl-gallery-link\" data-rl_caption=\"Aufnahmeort anzeigen\" data-rel=\"lightbox-gallery-2\"><img loading=\"lazy\" decoding=\"async\" width=\"150\" height=\"150\" src=\"https:\/\/coeser.de\/blog\/wp-content\/uploads\/2023\/02\/dijon-cafe-la-petite-reine-gal01-christian-oeser-150x150.jpg\" class=\"attachment-thumbnail size-thumbnail\" alt=\"Schokokuchen mit Ribiseln im Caf\u00e9 La petite Reine in Dijon\" aria-describedby=\"gallery-2-19465\" \/><\/a>\n\t\t\t<\/div>\n\t\t\t\t<figcaption class='wp-caption-text gallery-caption' id='gallery-2-19465'>\n\t\t\t\tSchokokuchen mit Ribiseln im Caf\u00e9 La petite Reine in Dijon\n\t\t\t\t<\/figcaption><\/figure><figure class='gallery-item'>\n\t\t\t<div class='gallery-icon landscape'>\n\t\t\t\t<a href='https:\/\/coeser.de\/blog\/wp-content\/uploads\/2023\/02\/dijon-buvette-des-halles-gal01-christian-oeser.jpg' title=\"K\u00e4se und zwei Gl\u00e4ser Cremant de Bourgogne am Kiosk La Buvette des Halles in der Markthalle von Dijon\" data-rl_title=\"K\u00e4se und zwei Gl\u00e4ser Cremant de Bourgogne am Kiosk La Buvette des Halles in der Markthalle von Dijon\" class=\"rl-gallery-link\" data-rl_caption=\"Aufnahmeort anzeigen\" data-rel=\"lightbox-gallery-2\"><img loading=\"lazy\" decoding=\"async\" width=\"150\" height=\"150\" src=\"https:\/\/coeser.de\/blog\/wp-content\/uploads\/2023\/02\/dijon-buvette-des-halles-gal01-christian-oeser-150x150.jpg\" class=\"attachment-thumbnail size-thumbnail\" alt=\"K\u00e4se und zwei Gl\u00e4ser Cremant de Bourgogne am Kiosk La Buvette des Halles in der Markthalle von Dijon\" aria-describedby=\"gallery-2-19470\" \/><\/a>\n\t\t\t<\/div>\n\t\t\t\t<figcaption class='wp-caption-text gallery-caption' id='gallery-2-19470'>\n\t\t\t\tK\u00e4se und zwei Gl\u00e4ser Cremant de Bourgogne am Kiosk La Buvette des Halles in der Markthalle von Dijon\n\t\t\t\t<\/figcaption><\/figure><figure class='gallery-item'>\n\t\t\t<div class='gallery-icon landscape'>\n\t\t\t\t<a href='https:\/\/coeser.de\/blog\/wp-content\/uploads\/2023\/02\/dijon-cafe-menuiserie-gal01-christian-oeser.jpg' title=\"Blick in das Caf\u00e9 La Menuiserie in Dijon\" data-rl_title=\"Blick in das Caf\u00e9 La Menuiserie in Dijon\" class=\"rl-gallery-link\" data-rl_caption=\"Aufnahmeort anzeigen\" data-rel=\"lightbox-gallery-2\"><img loading=\"lazy\" decoding=\"async\" width=\"150\" height=\"150\" src=\"https:\/\/coeser.de\/blog\/wp-content\/uploads\/2023\/02\/dijon-cafe-menuiserie-gal01-christian-oeser-150x150.jpg\" class=\"attachment-thumbnail size-thumbnail\" alt=\"Blick in das Caf\u00e9 La Menuiserie in Dijon\" aria-describedby=\"gallery-2-19466\" \/><\/a>\n\t\t\t<\/div>\n\t\t\t\t<figcaption class='wp-caption-text gallery-caption' id='gallery-2-19466'>\n\t\t\t\tBlick in das Caf\u00e9 La Menuiserie in Dijon\n\t\t\t\t<\/figcaption><\/figure><figure class='gallery-item'>\n\t\t\t<div class='gallery-icon landscape'>\n\t\t\t\t<a href='https:\/\/coeser.de\/blog\/wp-content\/uploads\/2023\/02\/dijon-cafe-menuiserie-gal02-christian-oeser.jpg' title=\"Fr\u00fchst\u00fcck im Caf\u00e9 La Menuiserie in Dijon\" data-rl_title=\"Fr\u00fchst\u00fcck im Caf\u00e9 La Menuiserie in Dijon\" class=\"rl-gallery-link\" data-rl_caption=\"Aufnahmeort anzeigen\" data-rel=\"lightbox-gallery-2\"><img loading=\"lazy\" decoding=\"async\" width=\"150\" height=\"150\" src=\"https:\/\/coeser.de\/blog\/wp-content\/uploads\/2023\/02\/dijon-cafe-menuiserie-gal02-christian-oeser-150x150.jpg\" class=\"attachment-thumbnail size-thumbnail\" alt=\"Fr\u00fchst\u00fcck im Caf\u00e9 La Menuiserie in Dijon\" aria-describedby=\"gallery-2-19467\" \/><\/a>\n\t\t\t<\/div>\n\t\t\t\t<figcaption class='wp-caption-text gallery-caption' id='gallery-2-19467'>\n\t\t\t\tFr\u00fchst\u00fcck im Caf\u00e9 La Menuiserie in Dijon\n\t\t\t\t<\/figcaption><\/figure><figure class='gallery-item'>\n\t\t\t<div class='gallery-icon landscape'>\n\t\t\t\t<a href='https:\/\/coeser.de\/blog\/wp-content\/uploads\/2023\/02\/dijon-cafe-industrie-gal01-christian-oeser.jpg' title=\"Das Caf\u00e9 de l\u2019Industrie in Dijon\" data-rl_title=\"Das Caf\u00e9 de l\u2019Industrie in Dijon\" class=\"rl-gallery-link\" data-rl_caption=\"Aufnahmeort anzeigen\" data-rel=\"lightbox-gallery-2\"><img loading=\"lazy\" decoding=\"async\" width=\"150\" height=\"150\" src=\"https:\/\/coeser.de\/blog\/wp-content\/uploads\/2023\/02\/dijon-cafe-industrie-gal01-christian-oeser-150x150.jpg\" class=\"attachment-thumbnail size-thumbnail\" alt=\"Das Caf\u00e9 de l\u2019Industrie in Dijon\" aria-describedby=\"gallery-2-19468\" \/><\/a>\n\t\t\t<\/div>\n\t\t\t\t<figcaption class='wp-caption-text gallery-caption' id='gallery-2-19468'>\n\t\t\t\tDas Caf\u00e9 de l\u2019Industrie in Dijon\n\t\t\t\t<\/figcaption><\/figure><figure class='gallery-item'>\n\t\t\t<div class='gallery-icon landscape'>\n\t\t\t\t<a href='https:\/\/coeser.de\/blog\/wp-content\/uploads\/2023\/02\/dijon-cafe-industrie-gal02-christian-oeser.jpg' title=\"Fr\u00fchst\u00fcck im Caf\u00e9 de l\u2019Industrie in Dijon\" data-rl_title=\"Fr\u00fchst\u00fcck im Caf\u00e9 de l\u2019Industrie in Dijon\" class=\"rl-gallery-link\" data-rl_caption=\"Aufnahmeort anzeigen\" data-rel=\"lightbox-gallery-2\"><img loading=\"lazy\" decoding=\"async\" width=\"150\" height=\"150\" src=\"https:\/\/coeser.de\/blog\/wp-content\/uploads\/2023\/02\/dijon-cafe-industrie-gal02-christian-oeser-150x150.jpg\" class=\"attachment-thumbnail size-thumbnail\" alt=\"Fr\u00fchst\u00fcck im Caf\u00e9 de l\u2019Industrie in Dijon\" aria-describedby=\"gallery-2-19469\" \/><\/a>\n\t\t\t<\/div>\n\t\t\t\t<figcaption class='wp-caption-text gallery-caption' id='gallery-2-19469'>\n\t\t\t\tFr\u00fchst\u00fcck im Caf\u00e9 de l\u2019Industrie in Dijon\n\t\t\t\t<\/figcaption><\/figure><figure class='gallery-item'>\n\t\t\t<div class='gallery-icon landscape'>\n\t\t\t\t<a href='https:\/\/coeser.de\/blog\/wp-content\/uploads\/2023\/02\/dijon-mulot-petitjean-gal01-christian-oeser.jpg' title=\"Das Fachwerkhaus der Lebzelterei Mulot &amp; Petitjean in Dijon\" data-rl_title=\"Das Fachwerkhaus der Lebzelterei Mulot &amp; Petitjean in Dijon\" class=\"rl-gallery-link\" data-rl_caption=\"Aufnahmeort anzeigen\" data-rel=\"lightbox-gallery-2\"><img loading=\"lazy\" decoding=\"async\" width=\"150\" height=\"150\" src=\"https:\/\/coeser.de\/blog\/wp-content\/uploads\/2023\/02\/dijon-mulot-petitjean-gal01-christian-oeser-150x150.jpg\" class=\"attachment-thumbnail size-thumbnail\" alt=\"Das Fachwerkhaus der Lebzelterei Mulot &amp; Petitjean in Dijon\" aria-describedby=\"gallery-2-19471\" \/><\/a>\n\t\t\t<\/div>\n\t\t\t\t<figcaption class='wp-caption-text gallery-caption' id='gallery-2-19471'>\n\t\t\t\tDas Fachwerkhaus der Lebzelterei Mulot &#038; Petitjean in Dijon\n\t\t\t\t<\/figcaption><\/figure><figure class='gallery-item'>\n\t\t\t<div class='gallery-icon landscape'>\n\t\t\t\t<a href='https:\/\/coeser.de\/blog\/wp-content\/uploads\/2023\/02\/dijon-mulot-petitjean-gal02-christian-oeser.jpg' title=\"Innenansicht der Lebzelterei Mulot &amp; Petitjean in Dijon\" data-rl_title=\"Innenansicht der Lebzelterei Mulot &amp; Petitjean in Dijon\" class=\"rl-gallery-link\" data-rl_caption=\"Aufnahmeort anzeigen\" data-rel=\"lightbox-gallery-2\"><img loading=\"lazy\" decoding=\"async\" width=\"150\" height=\"150\" src=\"https:\/\/coeser.de\/blog\/wp-content\/uploads\/2023\/02\/dijon-mulot-petitjean-gal02-christian-oeser-150x150.jpg\" class=\"attachment-thumbnail size-thumbnail\" alt=\"Innenansicht der Lebzelterei Mulot &amp; Petitjean in Dijon\" aria-describedby=\"gallery-2-19472\" \/><\/a>\n\t\t\t<\/div>\n\t\t\t\t<figcaption class='wp-caption-text gallery-caption' id='gallery-2-19472'>\n\t\t\t\tInnenansicht der Lebzelterei Mulot &#038; Petitjean in Dijon\n\t\t\t\t<\/figcaption><\/figure><figure class='gallery-item'>\n\t\t\t<div class='gallery-icon landscape'>\n\t\t\t\t<a href='https:\/\/coeser.de\/blog\/wp-content\/uploads\/2023\/02\/dijon-mulot-petitjean-gal03-christian-oeser.jpg' title=\"Lebkuchen der Lebzelterei Mulot &amp; Petitjean in Dijon\" data-rl_title=\"Lebkuchen der Lebzelterei Mulot &amp; Petitjean in Dijon\" class=\"rl-gallery-link\" data-rl_caption=\"Aufnahmeort anzeigen\" data-rel=\"lightbox-gallery-2\"><img loading=\"lazy\" decoding=\"async\" width=\"150\" height=\"150\" src=\"https:\/\/coeser.de\/blog\/wp-content\/uploads\/2023\/02\/dijon-mulot-petitjean-gal03-christian-oeser-150x150.jpg\" class=\"attachment-thumbnail size-thumbnail\" alt=\"Lebkuchen der Lebzelterei Mulot &amp; Petitjean in Dijon\" aria-describedby=\"gallery-2-19473\" \/><\/a>\n\t\t\t<\/div>\n\t\t\t\t<figcaption class='wp-caption-text gallery-caption' id='gallery-2-19473'>\n\t\t\t\tLebkuchen der Lebzelterei Mulot &#038; Petitjean in Dijon\n\t\t\t\t<\/figcaption><\/figure>\n\t\t<\/div>\n\n<\/div>\n<p>&nbsp;<\/p>\n<hr \/>\n<h2>6) Sehenswertes in Dijon: Die Gassen der Altstadt<\/h2>\n<p>Wenn du den Eulen-Symbolen auf dem Boden folgst, kommst du an allen wichtigen Sehensw\u00fcrdigkeiten in der Altstadt von Dijon vorbei. Aber auch abseits dieser Erkundungsroute zahlt es sich aus, wenn du dich einfach treiben und die Stimmung auf dich wirken l\u00e4sst. Die <strong>typisch franz\u00f6sischen Gassen<\/strong> mit den kleinen Balkonen und den charakteristischen Fensterl\u00e4den sind bezaubernd anzusehen. Eine Vielzahl an liebevoll eingerichteten Shops und Lokalen buhlen um deine Aufmerksamkeit &#8211; meine Freundin und ich hatten nicht nur einmal das Verlangen, uns in eines der gem\u00fctlichen Caf\u00e9s zu setzen und einfach die Szenerie rundherum zu beobachten.<\/p>\n<figure class=\"bigpicture\"><img loading=\"lazy\" decoding=\"async\" class=\"wp-image-19508 size-full\" src=\"https:\/\/coeser.de\/blog\/wp-content\/uploads\/2023\/02\/dijon-altstadt-gal01-christian-oeser.jpg\" alt=\"Sehensw\u00fcrdigkeiten in Dijon: Rue Mousette und Kirche Notre-Dame\" width=\"960\" height=\"640\" srcset=\"https:\/\/coeser.de\/blog\/wp-content\/uploads\/2023\/02\/dijon-altstadt-gal01-christian-oeser.jpg 960w, https:\/\/coeser.de\/blog\/wp-content\/uploads\/2023\/02\/dijon-altstadt-gal01-christian-oeser-768x512.jpg 768w, https:\/\/coeser.de\/blog\/wp-content\/uploads\/2023\/02\/dijon-altstadt-gal01-christian-oeser-330x220.jpg 330w\" sizes=\"auto, (max-width: 960px) 100vw, 960px\" \/><figcaption class=\"bigpicture-text\">\n<h3>Rue Mousette und Kirche Notre-Dame<\/h3>\n<p><a href=\"https:\/\/www.google.de\/maps\/place\/47.322844497913096,5.040133084614324\" target=\"_blank\" rel=\"noopener\"><strong>Aufnahmeort anzeigen<\/strong><\/a><\/p>\n<\/figcaption><\/figure>\n<figure class=\"bigpicture\"><img loading=\"lazy\" decoding=\"async\" class=\"wp-image-19509 size-full\" src=\"https:\/\/coeser.de\/blog\/wp-content\/uploads\/2023\/02\/dijon-altstadt-gal02-christian-oeser.jpg\" alt=\"Sehensw\u00fcrdigkeiten in Dijon: Kirche Notre-Dame\" width=\"960\" height=\"640\" srcset=\"https:\/\/coeser.de\/blog\/wp-content\/uploads\/2023\/02\/dijon-altstadt-gal02-christian-oeser.jpg 960w, https:\/\/coeser.de\/blog\/wp-content\/uploads\/2023\/02\/dijon-altstadt-gal02-christian-oeser-768x512.jpg 768w, https:\/\/coeser.de\/blog\/wp-content\/uploads\/2023\/02\/dijon-altstadt-gal02-christian-oeser-330x220.jpg 330w\" sizes=\"auto, (max-width: 960px) 100vw, 960px\" \/><figcaption class=\"bigpicture-text\">\n<h3>Rue des Forges und Place Notre Dame in Dijon<\/h3>\n<p><a href=\"https:\/\/www.google.de\/maps\/place\/47.32212992423419,5.0408651115324545\" target=\"_blank\" rel=\"noopener\"><strong>Aufnahmeort anzeigen<\/strong><\/a><\/p>\n<\/figcaption><\/figure>\n<figure class=\"bigpicture\"><img loading=\"lazy\" decoding=\"async\" class=\"wp-image-19510 size-full\" src=\"https:\/\/coeser.de\/blog\/wp-content\/uploads\/2023\/02\/dijon-altstadt-gal03-christian-oeser.jpg\" alt=\"Sehensw\u00fcrdigkeiten in Dijon: Rue Mousette\" width=\"960\" height=\"640\" srcset=\"https:\/\/coeser.de\/blog\/wp-content\/uploads\/2023\/02\/dijon-altstadt-gal03-christian-oeser.jpg 960w, https:\/\/coeser.de\/blog\/wp-content\/uploads\/2023\/02\/dijon-altstadt-gal03-christian-oeser-768x512.jpg 768w, https:\/\/coeser.de\/blog\/wp-content\/uploads\/2023\/02\/dijon-altstadt-gal03-christian-oeser-330x220.jpg 330w\" sizes=\"auto, (max-width: 960px) 100vw, 960px\" \/><figcaption class=\"bigpicture-text\">\n<h3>Trubel auf der Rue Mousette\u00a0in der Altstadt von Dijon<\/h3>\n<p><a href=\"https:\/\/www.google.de\/maps\/place\/47.32273848387202,5.041003111807532\" target=\"_blank\" rel=\"noopener\"><strong>Aufnahmeort anzeigen<\/strong><\/a><\/p>\n<\/figcaption><\/figure>\n<figure class=\"bigpicture\"><img loading=\"lazy\" decoding=\"async\" class=\"wp-image-19511 size-full\" src=\"https:\/\/coeser.de\/blog\/wp-content\/uploads\/2023\/02\/dijon-altstadt-gal04-christian-oeser.jpg\" alt=\"Sehensw\u00fcrdigkeiten in Dijon: H\u00f4tel de Vog\u00fc\u00e9\" width=\"960\" height=\"640\" srcset=\"https:\/\/coeser.de\/blog\/wp-content\/uploads\/2023\/02\/dijon-altstadt-gal04-christian-oeser.jpg 960w, https:\/\/coeser.de\/blog\/wp-content\/uploads\/2023\/02\/dijon-altstadt-gal04-christian-oeser-768x512.jpg 768w, https:\/\/coeser.de\/blog\/wp-content\/uploads\/2023\/02\/dijon-altstadt-gal04-christian-oeser-330x220.jpg 330w\" sizes=\"auto, (max-width: 960px) 100vw, 960px\" \/><figcaption class=\"bigpicture-text\">\n<h3>Das Stadthaus H\u00f4tel de Vog\u00fc\u00e9 im Renaissance-Stil<\/h3>\n<p><a href=\"https:\/\/www.google.de\/maps\/place\/47.32263355691143,5.04218436879705\" target=\"_blank\" rel=\"noopener\"><strong>Aufnahmeort anzeigen<\/strong><\/a><\/p>\n<\/figcaption><\/figure>\n<figure class=\"bigpicture\"><img loading=\"lazy\" decoding=\"async\" class=\"wp-image-19512 size-full\" src=\"https:\/\/coeser.de\/blog\/wp-content\/uploads\/2023\/02\/dijon-altstadt-gal05-christian-oeser.jpg\" alt=\"Sehensw\u00fcrdigkeiten in Dijon: H\u00f4tel de Vog\u00fc\u00e9\" width=\"960\" height=\"640\" srcset=\"https:\/\/coeser.de\/blog\/wp-content\/uploads\/2023\/02\/dijon-altstadt-gal05-christian-oeser.jpg 960w, https:\/\/coeser.de\/blog\/wp-content\/uploads\/2023\/02\/dijon-altstadt-gal05-christian-oeser-768x512.jpg 768w, https:\/\/coeser.de\/blog\/wp-content\/uploads\/2023\/02\/dijon-altstadt-gal05-christian-oeser-330x220.jpg 330w\" sizes=\"auto, (max-width: 960px) 100vw, 960px\" \/><figcaption class=\"bigpicture-text\">\n<h3>Innenhof des Stadthauses H\u00f4tel de Vog\u00fc\u00e9<\/h3>\n<p><a href=\"https:\/\/www.google.de\/maps\/place\/47.322699194551916,5.042215071973572\" target=\"_blank\" rel=\"noopener\"><strong>Aufnahmeort anzeigen<\/strong><\/a><\/p>\n<\/figcaption><\/figure>\n<figure class=\"bigpicture\"><img loading=\"lazy\" decoding=\"async\" class=\"wp-image-19513 size-full\" src=\"https:\/\/coeser.de\/blog\/wp-content\/uploads\/2023\/02\/dijon-altstadt-gal06-christian-oeser.jpg\" alt=\"Sehensw\u00fcrdigkeiten in Dijon: Rue Amiral Roussin\" width=\"960\" height=\"640\" srcset=\"https:\/\/coeser.de\/blog\/wp-content\/uploads\/2023\/02\/dijon-altstadt-gal06-christian-oeser.jpg 960w, https:\/\/coeser.de\/blog\/wp-content\/uploads\/2023\/02\/dijon-altstadt-gal06-christian-oeser-768x512.jpg 768w, https:\/\/coeser.de\/blog\/wp-content\/uploads\/2023\/02\/dijon-altstadt-gal06-christian-oeser-330x220.jpg 330w\" sizes=\"auto, (max-width: 960px) 100vw, 960px\" \/><figcaption class=\"bigpicture-text\">\n<h3>Restaurants in der Rue Amiral Roussin<\/h3>\n<p><a href=\"https:\/\/www.google.de\/maps\/place\/47.31991028780099,5.040074375605292\" target=\"_blank\" rel=\"noopener\"><strong>Aufnahmeort anzeigen<\/strong><\/a><\/p>\n<\/figcaption><\/figure>\n<figure class=\"bigpicture\"><img loading=\"lazy\" decoding=\"async\" class=\"wp-image-19514 size-full\" src=\"https:\/\/coeser.de\/blog\/wp-content\/uploads\/2023\/02\/dijon-altstadt-gal07-christian-oeser.jpg\" alt=\"Sehensw\u00fcrdigkeiten in Dijon: Kirchen und Bauwerke\" width=\"960\" height=\"640\" srcset=\"https:\/\/coeser.de\/blog\/wp-content\/uploads\/2023\/02\/dijon-altstadt-gal07-christian-oeser.jpg 960w, https:\/\/coeser.de\/blog\/wp-content\/uploads\/2023\/02\/dijon-altstadt-gal07-christian-oeser-768x512.jpg 768w, https:\/\/coeser.de\/blog\/wp-content\/uploads\/2023\/02\/dijon-altstadt-gal07-christian-oeser-330x220.jpg 330w\" sizes=\"auto, (max-width: 960px) 100vw, 960px\" \/><figcaption class=\"bigpicture-text\">\n<h3>Prachtvolle H\u00e4user, Bauwerke und Kirchen in Dijon<\/h3>\n<p><a href=\"https:\/\/www.google.de\/maps\/place\/47.32076961850127,5.03703760269129\" target=\"_blank\" rel=\"noopener\"><strong>Aufnahmeort anzeigen<\/strong><\/a><\/p>\n<\/figcaption><\/figure>\n<figure class=\"bigpicture\"><img loading=\"lazy\" decoding=\"async\" class=\"wp-image-19515 size-full\" src=\"https:\/\/coeser.de\/blog\/wp-content\/uploads\/2023\/02\/dijon-altstadt-gal08-christian-oeser.jpg\" alt=\"Sehensw\u00fcrdigkeiten in Dijon: Rue de la Libert\u00e9\" width=\"960\" height=\"640\" srcset=\"https:\/\/coeser.de\/blog\/wp-content\/uploads\/2023\/02\/dijon-altstadt-gal08-christian-oeser.jpg 960w, https:\/\/coeser.de\/blog\/wp-content\/uploads\/2023\/02\/dijon-altstadt-gal08-christian-oeser-768x512.jpg 768w, https:\/\/coeser.de\/blog\/wp-content\/uploads\/2023\/02\/dijon-altstadt-gal08-christian-oeser-330x220.jpg 330w\" sizes=\"auto, (max-width: 960px) 100vw, 960px\" \/><figcaption class=\"bigpicture-text\">\n<h3>Fu\u00dfg\u00e4ngerzone und Einkaufsstra\u00dfe Rue de la Libert\u00e9<\/h3>\n<p><a href=\"https:\/\/www.google.de\/maps\/place\/47.3222059070794,5.037874997190582\" target=\"_blank\" rel=\"noopener\"><strong>Aufnahmeort anzeigen<\/strong><\/a><\/p>\n<\/figcaption><\/figure>\n<figure class=\"bigpicture\"><img loading=\"lazy\" decoding=\"async\" class=\"wp-image-19516 size-full\" src=\"https:\/\/coeser.de\/blog\/wp-content\/uploads\/2023\/02\/dijon-altstadt-gal09-christian-oeser.jpg\" alt=\"Sehensw\u00fcrdigkeiten in Dijon: Die Blumenl\u00e4den\" width=\"960\" height=\"640\" srcset=\"https:\/\/coeser.de\/blog\/wp-content\/uploads\/2023\/02\/dijon-altstadt-gal09-christian-oeser.jpg 960w, https:\/\/coeser.de\/blog\/wp-content\/uploads\/2023\/02\/dijon-altstadt-gal09-christian-oeser-768x512.jpg 768w, https:\/\/coeser.de\/blog\/wp-content\/uploads\/2023\/02\/dijon-altstadt-gal09-christian-oeser-330x220.jpg 330w\" sizes=\"auto, (max-width: 960px) 100vw, 960px\" \/><figcaption class=\"bigpicture-text\">\n<h3>Zahlreiche Blumenl\u00e4den in Dijon<\/h3>\n<p><a href=\"https:\/\/www.google.de\/maps\/place\/47.32231597585482,5.042603414320549\" target=\"_blank\" rel=\"noopener\"><strong>Aufnahmeort anzeigen<\/strong><\/a><\/p>\n<\/figcaption><\/figure>\n<hr \/>\n<h2>7) Sehenswertes in Dijon: Der Triumphbogen Porte Guillaume<\/h2>\n<p>Ein Hauch Paris weht auch in Dijon, wenn du auf dem <em>Place Darcy<\/em> den <strong>Triumphbogen<\/strong> mit dem klingenden Namen <strong>Porte Guillaume<\/strong> durchschreitest. Er wurde 1788 nach den Pl\u00e4nen des Architekten Jean-Philippe Maret erbaut und steht auf dem Fundament eines Stadttors aus dem Mittelalter. Der Triumphbogen sollte einerseits als Eingangstor die Pracht von Dijon verk\u00f6rpern und war andererseits dem F\u00fcrst von Cond\u00e9 gewidmet. Wenn du dem Eulenweg folgst, kommst du auf jeden Fall hier vorbei. Witzig und interessant anzusehen empfand ich rund um den Triumphbogen die B\u00e4ume in den \u00fcberdimensionierten Pflanzent\u00f6pfen.<\/p>\n<figure class=\"bigpicture\"><img loading=\"lazy\" decoding=\"async\" class=\"wp-image-19494 size-full\" src=\"https:\/\/coeser.de\/blog\/wp-content\/uploads\/2023\/02\/dijon-triumphbogen-gal01-christian-oeser.jpg\" alt=\"Sehensw\u00fcrdigkeiten in Dijon: Der Triumphbogen Porte Guillaume\" width=\"960\" height=\"640\" srcset=\"https:\/\/coeser.de\/blog\/wp-content\/uploads\/2023\/02\/dijon-triumphbogen-gal01-christian-oeser.jpg 960w, https:\/\/coeser.de\/blog\/wp-content\/uploads\/2023\/02\/dijon-triumphbogen-gal01-christian-oeser-768x512.jpg 768w, https:\/\/coeser.de\/blog\/wp-content\/uploads\/2023\/02\/dijon-triumphbogen-gal01-christian-oeser-330x220.jpg 330w\" sizes=\"auto, (max-width: 960px) 100vw, 960px\" \/><figcaption class=\"bigpicture-text\">\n<h3>Dijon statt Paris: Der Triumphbogen Porte Guillaume<\/h3>\n<p>Paris? Nein, der Triumphbogen Porte Guillaume steht in Dijon!<br \/>\n<a href=\"https:\/\/www.google.de\/maps\/place\/47.323205401485126,5.034835253575989\" target=\"_blank\" rel=\"noopener\"><strong>Aufnahmeort anzeigen<\/strong><\/a><\/p>\n<\/figcaption><\/figure>\n<hr \/>\n<h2>8) Sehenswertes in Dijon: Maison Milli\u00e8re<\/h2>\n<p>Das <strong>Maison Milli\u00e8re<\/strong> ist eines der \u00e4ltesten erhaltenen Geb\u00e4ude in Dijon und wurde 1483 im Auftrag des Tuchmachers Guillaume Milli\u00e8re erbaut. Es steht im Herzen der Altstadt. Au\u00dfen sticht vor allem das sch\u00f6ne Fachwerk hervor, w\u00e4hrend im Inneren das Gef\u00fchl von Mittelalter aufkeimt. Heute wird das unter Denkmalschutz stehende Haus als Bar, Restaurant und Shop genutzt &#8211; du findest hier ganz nette Souvenirs. Wirf auch einen Blick in Richtung Dach, denn dort blicken eine Katze und eine Eule hervor. Man munkelt dazu folgendes: nachdem du die steinerne Eule an der Kirche Notre-Dame ber\u00fchrt und einen Wunsch ge\u00e4u\u00dfert hast (siehe Punkt 5), will die Katze dir diesen entrei\u00dfen und die Eule dir den Wunsch in Richtung Himmel tragen. Achte also gut auf deinen Wunsch! \ud83d\ude09<\/p>\n<figure class=\"bigpicture\"><img loading=\"lazy\" decoding=\"async\" class=\"wp-image-19533 size-full\" src=\"https:\/\/coeser.de\/blog\/wp-content\/uploads\/2023\/03\/dijon-maison-milliere-gal01-christian-oeser.jpg\" alt=\"Sehensw\u00fcrdigkeiten in Dijon: Maison Milli\u00e8re\" width=\"960\" height=\"640\" srcset=\"https:\/\/coeser.de\/blog\/wp-content\/uploads\/2023\/03\/dijon-maison-milliere-gal01-christian-oeser.jpg 960w, https:\/\/coeser.de\/blog\/wp-content\/uploads\/2023\/03\/dijon-maison-milliere-gal01-christian-oeser-768x512.jpg 768w, https:\/\/coeser.de\/blog\/wp-content\/uploads\/2023\/03\/dijon-maison-milliere-gal01-christian-oeser-330x220.jpg 330w\" sizes=\"auto, (max-width: 960px) 100vw, 960px\" \/><figcaption class=\"bigpicture-text\">\n<h3>Das Maison Milli\u00e8re aus dem Jahr 1483<\/h3>\n<p><a href=\"https:\/\/www.google.de\/maps\/place\/47.322822390494515,5.041718325049752\" target=\"_blank\" rel=\"noopener\"><strong>Aufnahmeort anzeigen<\/strong><\/a><\/p>\n<\/figcaption><\/figure>\n<figure class=\"bigpicture\"><img loading=\"lazy\" decoding=\"async\" class=\"wp-image-19534 size-full\" src=\"https:\/\/coeser.de\/blog\/wp-content\/uploads\/2023\/03\/dijon-maison-milliere-gal02-christian-oeser.jpg\" alt=\"Sehensw\u00fcrdigkeiten in Dijon: Katze und Eule am Maison Milli\u00e8re\" width=\"960\" height=\"640\" srcset=\"https:\/\/coeser.de\/blog\/wp-content\/uploads\/2023\/03\/dijon-maison-milliere-gal02-christian-oeser.jpg 960w, https:\/\/coeser.de\/blog\/wp-content\/uploads\/2023\/03\/dijon-maison-milliere-gal02-christian-oeser-768x512.jpg 768w, https:\/\/coeser.de\/blog\/wp-content\/uploads\/2023\/03\/dijon-maison-milliere-gal02-christian-oeser-330x220.jpg 330w\" sizes=\"auto, (max-width: 960px) 100vw, 960px\" \/><figcaption class=\"bigpicture-text\">\n<h3>Die Katze und Eule am Maison Milli\u00e8re in Dijon<\/h3>\n<p><a href=\"https:\/\/www.google.de\/maps\/place\/47.322822390494515,5.041718325049752\" target=\"_blank\" rel=\"noopener\"><strong>Aufnahmeort anzeigen<\/strong><\/a><\/p>\n<\/figcaption><\/figure>\n<hr \/>\n<div class=\"tipps\">\n<h2><img loading=\"lazy\" decoding=\"async\" class=\"alignnone size-full wp-image-19480\" src=\"https:\/\/coeser.de\/blog\/wp-content\/uploads\/2023\/02\/dijon-invader-mbrick-eule-christian-oeser.jpg\" alt=\"Street Art von Invader und M\u2019Brick in Dijon, Frankreich\" width=\"920\" height=\"307\" srcset=\"https:\/\/coeser.de\/blog\/wp-content\/uploads\/2023\/02\/dijon-invader-mbrick-eule-christian-oeser.jpg 920w, https:\/\/coeser.de\/blog\/wp-content\/uploads\/2023\/02\/dijon-invader-mbrick-eule-christian-oeser-768x256.jpg 768w\" sizes=\"auto, (max-width: 920px) 100vw, 920px\" \/><\/h2>\n<h2>TIPP: Invader und M\u2019Brick in Dijon<\/h2>\n<p>In Dijon kannst du dich w\u00e4hrend des Flanierens durch die Altstadt auch auf die Jagd nach Street Art machen. Zwei K\u00fcnstler sind mir besonders ins Auge gestochen, die ich dir in einem eigenen Artikel (erscheint demn\u00e4chst) noch genauer vorstelle. Zum einen handelt es sich um den <a href=\"https:\/\/coeser.de\/blog\/index.php\/2024\/03\/18\/paris-sightseeing-mit-invader\/\" target=\"_blank\" rel=\"noopener\"><strong>weltbekannten Mosaik-K\u00fcnstler Invader aus Paris<\/strong><\/a>, der hier sechs seiner Space Invaders an den W\u00e4nden hinterlassen hat. Der andere herausragende K\u00fcnstler nennt sich <strong>M&#8217;Brick<\/strong>, stammt aus Dijon und erstellt Kunstwerke aus Lego-Steinen.<\/p>\n<\/div>\n<p>&nbsp;<\/p>\n<hr \/>\n<h2>9) Sehenswertes in Dijon: Place du Th\u00e9\u00e2tre<\/h2>\n<p>Den <strong>Place du Th\u00e9\u00e2tre<\/strong> z\u00e4hle ich pers\u00f6nlich zu den besten Sehensw\u00fcrdigkeiten, da er ein gro\u00dfartiger Ort zum Flanieren, Schauen und Entspannen ist. Der Platz befindet sich nur einige Meter vom Herzogspalast (siehe Punkt 1) bzw. des Museums <em>Mus\u00e9e des Beaux-arts<\/em> entfernt und f\u00e4llt vor allem durch drei Geb\u00e4ude auf. Einerseits das namensgebende <strong>Grand Th\u00e9\u00e2tre<\/strong> im italienischen Stil des Neoklassizismus, die Kirche <strong>\u00c9glise Saint-Michel<\/strong> und die Bibliothek in der <strong>ehemaligen Kirche \u00c9glise Saint-\u00c9tienne<\/strong>. Hier h\u00e4tten meine Freundin und ich sehr gerne in einem der Lokale gegessen, doch leider gab es nachmittags noch keine warme K\u00fcche. Wenn du die Chance hast, mach hier auf jeden Fall eine Pause und genie\u00dfe die Atmosph\u00e4re auf diesem lebendigen Platz!<\/p>\n<figure class=\"bigpicture\"><img loading=\"lazy\" decoding=\"async\" class=\"wp-image-19492 size-full\" src=\"https:\/\/coeser.de\/blog\/wp-content\/uploads\/2023\/02\/dijon-place-du-theatre-gal01-christian-oeser.jpg\" alt=\"Sehensw\u00fcrdigkeiten in Dijon: Place du Th\u00e9\u00e2tre\" width=\"960\" height=\"640\" srcset=\"https:\/\/coeser.de\/blog\/wp-content\/uploads\/2023\/02\/dijon-place-du-theatre-gal01-christian-oeser.jpg 960w, https:\/\/coeser.de\/blog\/wp-content\/uploads\/2023\/02\/dijon-place-du-theatre-gal01-christian-oeser-768x512.jpg 768w, https:\/\/coeser.de\/blog\/wp-content\/uploads\/2023\/02\/dijon-place-du-theatre-gal01-christian-oeser-330x220.jpg 330w\" sizes=\"auto, (max-width: 960px) 100vw, 960px\" \/><figcaption class=\"bigpicture-text\">\n<h3>Die Kirche \u00c9glise Saint-Michel auf dem Place du Th\u00e9\u00e2tre<\/h3>\n<p><a href=\"https:\/\/www.google.de\/maps\/place\/47.321259360075985,5.043361684577132\" target=\"_blank\" rel=\"noopener\"><strong>Aufnahmeort anzeigen<\/strong><\/a><\/p>\n<\/figcaption><\/figure>\n<figure class=\"bigpicture\"><img loading=\"lazy\" decoding=\"async\" class=\"wp-image-19539 size-full\" src=\"https:\/\/coeser.de\/blog\/wp-content\/uploads\/2023\/03\/dijon-place-du-theatre-gal02-christian-oeser.jpg\" alt=\"Sehensw\u00fcrdigkeiten in Dijon: Grand Th\u00e9\u00e2tre auf dem Place du Th\u00e9\u00e2tre\" width=\"960\" height=\"640\" srcset=\"https:\/\/coeser.de\/blog\/wp-content\/uploads\/2023\/03\/dijon-place-du-theatre-gal02-christian-oeser.jpg 960w, https:\/\/coeser.de\/blog\/wp-content\/uploads\/2023\/03\/dijon-place-du-theatre-gal02-christian-oeser-768x512.jpg 768w, https:\/\/coeser.de\/blog\/wp-content\/uploads\/2023\/03\/dijon-place-du-theatre-gal02-christian-oeser-330x220.jpg 330w\" sizes=\"auto, (max-width: 960px) 100vw, 960px\" \/><figcaption class=\"bigpicture-text\">\n<h3>Das Grand Th\u00e9\u00e2tre auf dem Place du Th\u00e9\u00e2tre<\/h3>\n<p><a href=\"https:\/\/www.google.de\/maps\/place\/47.32112197693996,5.0432062912107405\" target=\"_blank\" rel=\"noopener\"><strong>Aufnahmeort anzeigen<\/strong><\/a><\/p>\n<\/figcaption><\/figure>\n<hr \/>\n<h2>10) Sehenswertes in Dijon: Rue des Forges<\/h2>\n<p>Die <strong>Rue des Forges<\/strong> ist eine der vielen bezaubernden Gassen in der Altstadt von Dijon. Sie vereint wie keine andere verschiedene Stile vom Mittelalter bis zur Renaissance und bietet dir einfach alle paar Meter neue spektakul\u00e4re Fotomotive. In den H\u00e4usern sind heute viele moderne Gesch\u00e4fte zu finden, doch wenn du die Augen offen h\u00e4ltst und neugierig bist, wirst du an der Adresse <em>38 Rue des Forges<\/em> den kleinen, unscheinbaren Zugang zu einem Innenhof sehen. Das Haus stammt aus dem Jahr 1561 und wurde f\u00fcr den damaligen B\u00fcrgermeister Jean Maillard erbaut. Im Innenhof ist eine kleine Ausstellung aufgebaut und du kannst die Architektur der Vergangenheit hier hautnah ansehen.<\/p>\n<figure class=\"bigpicture\"><img loading=\"lazy\" decoding=\"async\" class=\"wp-image-19490 size-full\" src=\"https:\/\/coeser.de\/blog\/wp-content\/uploads\/2023\/02\/dijon-rue-des-forges-gal01-christian-oeser.jpg\" alt=\"Sehensw\u00fcrdigkeiten in Dijon: Rue des Forges\" width=\"960\" height=\"640\" srcset=\"https:\/\/coeser.de\/blog\/wp-content\/uploads\/2023\/02\/dijon-rue-des-forges-gal01-christian-oeser.jpg 960w, https:\/\/coeser.de\/blog\/wp-content\/uploads\/2023\/02\/dijon-rue-des-forges-gal01-christian-oeser-768x512.jpg 768w, https:\/\/coeser.de\/blog\/wp-content\/uploads\/2023\/02\/dijon-rue-des-forges-gal01-christian-oeser-330x220.jpg 330w\" sizes=\"auto, (max-width: 960px) 100vw, 960px\" \/><figcaption class=\"bigpicture-text\">\n<h3>Blick in die bildh\u00fcbsche Rue des Forges in Dijon<\/h3>\n<p><a href=\"https:\/\/www.google.de\/maps\/place\/47.32212856385919,5.040810827750687\" target=\"_blank\" rel=\"noopener\"><strong>Aufnahmeort anzeigen<\/strong><\/a><\/p>\n<\/figcaption><\/figure>\n<figure class=\"bigpicture\"><img loading=\"lazy\" decoding=\"async\" class=\"wp-image-19491 size-full\" src=\"https:\/\/coeser.de\/blog\/wp-content\/uploads\/2023\/02\/dijon-rue-des-forges-gal02-christian-oeser.jpg\" alt=\"Sehensw\u00fcrdigkeiten in Dijon: Rue des Forges, Haus Maillard\" width=\"960\" height=\"640\" srcset=\"https:\/\/coeser.de\/blog\/wp-content\/uploads\/2023\/02\/dijon-rue-des-forges-gal02-christian-oeser.jpg 960w, https:\/\/coeser.de\/blog\/wp-content\/uploads\/2023\/02\/dijon-rue-des-forges-gal02-christian-oeser-768x512.jpg 768w, https:\/\/coeser.de\/blog\/wp-content\/uploads\/2023\/02\/dijon-rue-des-forges-gal02-christian-oeser-330x220.jpg 330w\" sizes=\"auto, (max-width: 960px) 100vw, 960px\" \/><figcaption class=\"bigpicture-text\">\n<h3>Das\u00a0Haus Maillard in der Rue des Forges<\/h3>\n<p><a href=\"https:\/\/www.google.de\/maps\/place\/47.32237235442068,5.040460442460812\" target=\"_blank\" rel=\"noopener\"><strong>Aufnahmeort anzeigen<\/strong><\/a><\/p>\n<\/figcaption><\/figure>\n<hr \/>\n<h2>11) Sehenswertes in Dijon: Das Post- und Telegrafenamt<\/h2>\n<p>Wenn du Architektur so liebst wie wir, dann bist du am <em>Place Grangier<\/em> an der richtigen Adresse. Dort stehen n\u00e4mlich zwei faszinierende Geb\u00e4ude. Das imposante, ehemalige Post- und Telegrafenamt <strong>H\u00f4tel des Postes de Dijon<\/strong> (heute einfach <strong>&#8222;la grande Poste&#8220;<\/strong> genannt) wurde 1909 im Stil von Louis XVI. gestaltet und 1932 auf der R\u00fcckseite mit einem Zubau im Art-Nouveau-Stil erweitert (nicht am Foto sichtbar). Die Post ben\u00f6tigt heute nur noch einen kleinen Bereich, der Rest wird vielf\u00e4ltig von anderen Firmen genutzt. Daneben ist an der Adresse <em>2 Rue du Temple<\/em> ein f\u00fcr Dijon eher ungew\u00f6hnliches Haus zu sehen. Es wurde 1906 vom selben Architekten wie das Post-Geb\u00e4ude (Louis Perreau) geplant, allerdings komplett im Jugendstil. Mich hat es sofort an die <a href=\"https:\/\/coeser.de\/blog\/index.php\/2019\/04\/16\/barcelona-die-neun-unesco-schaetze\/\" target=\"_blank\" rel=\"noopener\"><strong>Bauwerke von Antoni Gaud\u00ed in Barcelona<\/strong><\/a> erinnert.<\/p>\n<figure class=\"bigpicture\"><img loading=\"lazy\" decoding=\"async\" class=\"wp-image-19489 size-full\" src=\"https:\/\/coeser.de\/blog\/wp-content\/uploads\/2023\/02\/dijon-post-art-nouveau-gal01-christian-oeser.jpg\" alt=\"Sehensw\u00fcrdigkeiten in Dijon: Post- und Telegrafenamt, Jugendstilhaus\" width=\"960\" height=\"640\" srcset=\"https:\/\/coeser.de\/blog\/wp-content\/uploads\/2023\/02\/dijon-post-art-nouveau-gal01-christian-oeser.jpg 960w, https:\/\/coeser.de\/blog\/wp-content\/uploads\/2023\/02\/dijon-post-art-nouveau-gal01-christian-oeser-768x512.jpg 768w, https:\/\/coeser.de\/blog\/wp-content\/uploads\/2023\/02\/dijon-post-art-nouveau-gal01-christian-oeser-330x220.jpg 330w\" sizes=\"auto, (max-width: 960px) 100vw, 960px\" \/><figcaption class=\"bigpicture-text\">\n<h3>Das Post- und Telegrafenamt und ein Jugendstilhaus<\/h3>\n<p><a href=\"https:\/\/www.google.de\/maps\/place\/47.323303890608926,5.037298345304128\" target=\"_blank\" rel=\"noopener\"><strong>Aufnahmeort anzeigen<\/strong><\/a><\/p>\n<\/figcaption><\/figure>\n<hr \/>\n<h2>12) <strong>Sehenswertes in Dijon: <\/strong>Der Park Jardin Darcy<\/h2>\n<p>Der <strong>Jardin Darcy<\/strong> ist ein beliebter Erholungsraum in Dijon und seit 1880 der erste \u00f6ffentliche Park der Stadt. Benannt ist er nach dem Ingenieur Henry Darcy, der hier zwischen 1838 und 1840 einen Trinkwasserspeicher errichten lie\u00df. \u00dcber dem Speicher ist ein Zugang im Stil der Neorenaissance und mit einer B\u00fcste von Darcy gebaut. Der terrassenf\u00f6rmige Brunnen mitsamt Wasserfall und symmetrischen Stufen stammt aus der Zeit, als der Ort zu einem \u00f6ffentlichen Park umgestaltet wurde. In der Anlage sind einige Skulpturen ausgestellt, darunter ein Eisb\u00e4r. Dieses Kunstwerk ist eine Kopie des Originals des franz\u00f6sischen Bildhauers Fran\u00e7ois Pompon, welches im Pariser Mus\u00e9e d&#8217;Orsay ausgestellt ist. Nach einem anstrengenden Tag in Dijon mit viel Sightseeing l\u00e4sst es sich hier jedenfalls gut entspannen!<\/p>\n<figure class=\"bigpicture\"><img loading=\"lazy\" decoding=\"async\" class=\"wp-image-19487 size-full\" src=\"https:\/\/coeser.de\/blog\/wp-content\/uploads\/2023\/02\/dijon-park-jardin-darcy-gal01-christian-oeser.jpg\" alt=\"Sehensw\u00fcrdigkeiten in Dijon: Jardin Darcy\" width=\"960\" height=\"640\" srcset=\"https:\/\/coeser.de\/blog\/wp-content\/uploads\/2023\/02\/dijon-park-jardin-darcy-gal01-christian-oeser.jpg 960w, https:\/\/coeser.de\/blog\/wp-content\/uploads\/2023\/02\/dijon-park-jardin-darcy-gal01-christian-oeser-768x512.jpg 768w, https:\/\/coeser.de\/blog\/wp-content\/uploads\/2023\/02\/dijon-park-jardin-darcy-gal01-christian-oeser-330x220.jpg 330w\" sizes=\"auto, (max-width: 960px) 100vw, 960px\" \/><figcaption class=\"bigpicture-text\">\n<h3>Der Brunnen und Wasserfall im Park Jardin Darcy in Dijon<\/h3>\n<p><a href=\"https:\/\/www.google.de\/maps\/place\/47.324066638648006,5.032730564503662\" target=\"_blank\" rel=\"noopener\"><strong>Aufnahmeort anzeigen<\/strong><\/a><\/p>\n<\/figcaption><\/figure>\n<figure class=\"bigpicture\"><img loading=\"lazy\" decoding=\"async\" class=\"wp-image-19540 size-full\" src=\"https:\/\/coeser.de\/blog\/wp-content\/uploads\/2023\/03\/dijon-park-jardin-darcy-gal03-christian-oeser.jpg\" alt=\"Sehensw\u00fcrdigkeiten in Dijon: Jardin Darcy\" width=\"960\" height=\"640\" srcset=\"https:\/\/coeser.de\/blog\/wp-content\/uploads\/2023\/03\/dijon-park-jardin-darcy-gal03-christian-oeser.jpg 960w, https:\/\/coeser.de\/blog\/wp-content\/uploads\/2023\/03\/dijon-park-jardin-darcy-gal03-christian-oeser-768x512.jpg 768w, https:\/\/coeser.de\/blog\/wp-content\/uploads\/2023\/03\/dijon-park-jardin-darcy-gal03-christian-oeser-330x220.jpg 330w\" sizes=\"auto, (max-width: 960px) 100vw, 960px\" \/><figcaption class=\"bigpicture-text\">\n<h3>Idylle im Jardin Darcy in Dijon<\/h3>\n<p><a href=\"https:\/\/www.google.de\/maps\/place\/47.32425371265894,5.032409432902537\" target=\"_blank\" rel=\"noopener\"><strong>Aufnahmeort anzeigen<\/strong><\/a><\/p>\n<\/figcaption><\/figure>\n<figure class=\"bigpicture\"><img loading=\"lazy\" decoding=\"async\" class=\"wp-image-19488 size-full\" src=\"https:\/\/coeser.de\/blog\/wp-content\/uploads\/2023\/02\/dijon-park-jardin-darcy-gal02-christian-oeser.jpg\" alt=\"Sehensw\u00fcrdigkeiten in Dijon: Eisb\u00e4r im Jardin Darcy\" width=\"960\" height=\"640\" srcset=\"https:\/\/coeser.de\/blog\/wp-content\/uploads\/2023\/02\/dijon-park-jardin-darcy-gal02-christian-oeser.jpg 960w, https:\/\/coeser.de\/blog\/wp-content\/uploads\/2023\/02\/dijon-park-jardin-darcy-gal02-christian-oeser-768x512.jpg 768w, https:\/\/coeser.de\/blog\/wp-content\/uploads\/2023\/02\/dijon-park-jardin-darcy-gal02-christian-oeser-330x220.jpg 330w\" sizes=\"auto, (max-width: 960px) 100vw, 960px\" \/><figcaption class=\"bigpicture-text\">\n<h3>Die Skulptur des Eisb\u00e4ren im Jardin Darcy<\/h3>\n<p><a href=\"https:\/\/www.google.de\/maps\/place\/47.3238760926322,5.033197022302497\" target=\"_blank\" rel=\"noopener\"><strong>Aufnahmeort anzeigen<\/strong><\/a><\/p>\n<\/figcaption><\/figure>\n<hr \/>\n<div class=\"tipps\">\n<h2>Allgemeine Tipps f\u00fcr Dijon<\/h2>\n<p>In Dijon kannst du prinzipiell <strong>bequem alles zu Fu\u00df erkunden<\/strong>. Da wir aber mit zwei gro\u00dfen Koffern unterwegs waren, nahmen wir vom Bahnhof aus die <strong>Stra\u00dfenbahn<\/strong>. Tickets erh\u00e4ltst du am Automaten bei der Station. Zu beachten ist, dass unsere zwei Einzeltickets auf eine Karte aufgebucht wurden. Das hei\u00dft, du musst am Entwerter in der Stra\u00dfenbahn zweimal die Karte hinhalten, um beide Tickets zu validieren.<\/p>\n<p>In der Innenstadt verkehrt ein <strong>Minibus namens CITY Bus Shuttle<\/strong>, den du bei Bedarf kostenlos nutzen kannst. Er f\u00e4hrt von Montag bis Samstag zwischen 8:00 und 19:00 Uhr alle zehn Minuten.<\/p>\n<p>Die <strong>Touristeninfo<\/strong> findest du an der Adresse <em>11 Rue des Forges<\/em> auf der R\u00fcckseite des Herzogspalast. Dort kannst du dich mit Infomaterial eindecken, Tickets f\u00fcr den Turm <em>Philippe Le Bon<\/em> (siehe Punkt 2) und Souvenirs kaufen. Es gibt sogar das Eulensymbol vom Eulenweg in Originalgr\u00f6\u00dfe zu erwerben und auch die Eisb\u00e4r-Skulptur aus dem Jardin Darcy (siehe Punkt 12) wird touristisch vermarktet.<\/p>\n<div id='gallery-3' class='gallery galleryid-19443 gallery-columns-7 gallery-size-thumbnail'><figure class='gallery-item'>\n\t\t\t<div class='gallery-icon landscape'>\n\t\t\t\t<a href='https:\/\/coeser.de\/blog\/wp-content\/uploads\/2023\/02\/dijon-bahnhof-gal01-christian-oeser.jpg' title=\"Der Bahnhof Dijon Gare\" data-rl_title=\"Der Bahnhof Dijon Gare\" class=\"rl-gallery-link\" data-rl_caption=\"Aufnahmeort anzeigen\" data-rel=\"lightbox-gallery-3\"><img loading=\"lazy\" decoding=\"async\" width=\"150\" height=\"150\" src=\"https:\/\/coeser.de\/blog\/wp-content\/uploads\/2023\/02\/dijon-bahnhof-gal01-christian-oeser-150x150.jpg\" class=\"attachment-thumbnail size-thumbnail\" alt=\"Der Bahnhof Dijon Gare\" aria-describedby=\"gallery-3-19474\" \/><\/a>\n\t\t\t<\/div>\n\t\t\t\t<figcaption class='wp-caption-text gallery-caption' id='gallery-3-19474'>\n\t\t\t\tDer Bahnhof Dijon Gare\n\t\t\t\t<\/figcaption><\/figure><figure class='gallery-item'>\n\t\t\t<div class='gallery-icon landscape'>\n\t\t\t\t<a href='https:\/\/coeser.de\/blog\/wp-content\/uploads\/2023\/02\/dijon-strassenbahn-gal01-christian-oeser.jpg' title=\"Die moderne Stra\u00dfenbahn in Dijon\" data-rl_title=\"Die moderne Stra\u00dfenbahn in Dijon\" class=\"rl-gallery-link\" data-rl_caption=\"Aufnahmeort anzeigen\" data-rel=\"lightbox-gallery-3\"><img loading=\"lazy\" decoding=\"async\" width=\"150\" height=\"150\" src=\"https:\/\/coeser.de\/blog\/wp-content\/uploads\/2023\/02\/dijon-strassenbahn-gal01-christian-oeser-150x150.jpg\" class=\"attachment-thumbnail size-thumbnail\" alt=\"Die moderne Stra\u00dfenbahn in Dijon\" aria-describedby=\"gallery-3-19476\" \/><\/a>\n\t\t\t<\/div>\n\t\t\t\t<figcaption class='wp-caption-text gallery-caption' id='gallery-3-19476'>\n\t\t\t\tDie moderne Stra\u00dfenbahn in Dijon\n\t\t\t\t<\/figcaption><\/figure><figure class='gallery-item'>\n\t\t\t<div class='gallery-icon landscape'>\n\t\t\t\t<a href='https:\/\/coeser.de\/blog\/wp-content\/uploads\/2023\/02\/dijon-strassenbahn-tickets-gal01-christian-oeser.jpg' title=\"Entwertung eines Tickets in der Stra\u00dfenbahn von Dijon\" data-rl_title=\"Entwertung eines Tickets in der Stra\u00dfenbahn von Dijon\" class=\"rl-gallery-link\" data-rl_caption=\"Aufnahmeort anzeigen\" data-rel=\"lightbox-gallery-3\"><img loading=\"lazy\" decoding=\"async\" width=\"150\" height=\"150\" src=\"https:\/\/coeser.de\/blog\/wp-content\/uploads\/2023\/02\/dijon-strassenbahn-tickets-gal01-christian-oeser-150x150.jpg\" class=\"attachment-thumbnail size-thumbnail\" alt=\"Entwertung eines Tickets in der Stra\u00dfenbahn von Dijon\" aria-describedby=\"gallery-3-19477\" \/><\/a>\n\t\t\t<\/div>\n\t\t\t\t<figcaption class='wp-caption-text gallery-caption' id='gallery-3-19477'>\n\t\t\t\tEntwertung eines Tickets in der Stra\u00dfenbahn von Dijon\n\t\t\t\t<\/figcaption><\/figure><figure class='gallery-item'>\n\t\t\t<div class='gallery-icon landscape'>\n\t\t\t\t<a href='https:\/\/coeser.de\/blog\/wp-content\/uploads\/2023\/02\/dijon-city-bus-gratis-gal01-christian-oeser.jpg' title=\"Der kostenlose CITY Bus Shuttle in der Altstadt von Dijon\" data-rl_title=\"Der kostenlose CITY Bus Shuttle in der Altstadt von Dijon\" class=\"rl-gallery-link\" data-rl_caption=\"Aufnahmeort anzeigen\" data-rel=\"lightbox-gallery-3\"><img loading=\"lazy\" decoding=\"async\" width=\"150\" height=\"150\" src=\"https:\/\/coeser.de\/blog\/wp-content\/uploads\/2023\/02\/dijon-city-bus-gratis-gal01-christian-oeser-150x150.jpg\" class=\"attachment-thumbnail size-thumbnail\" alt=\"Der kostenlose CITY Bus Shuttle in der Altstadt von Dijon\" aria-describedby=\"gallery-3-19475\" \/><\/a>\n\t\t\t<\/div>\n\t\t\t\t<figcaption class='wp-caption-text gallery-caption' id='gallery-3-19475'>\n\t\t\t\tDer kostenlose CITY Bus Shuttle in der Altstadt von Dijon\n\t\t\t\t<\/figcaption><\/figure><figure class='gallery-item'>\n\t\t\t<div class='gallery-icon landscape'>\n\t\t\t\t<a href='https:\/\/coeser.de\/blog\/wp-content\/uploads\/2023\/02\/dijon-touristeninfo-gal01-christian-oeser.jpg' title=\"Die Touristeninfo von Dijon ist in einem Teil des Herzogspalast (links) untergebracht\" data-rl_title=\"Die Touristeninfo von Dijon ist in einem Teil des Herzogspalast (links) untergebracht\" class=\"rl-gallery-link\" data-rl_caption=\"Aufnahmeort anzeigen\" data-rel=\"lightbox-gallery-3\"><img loading=\"lazy\" decoding=\"async\" width=\"150\" height=\"150\" src=\"https:\/\/coeser.de\/blog\/wp-content\/uploads\/2023\/02\/dijon-touristeninfo-gal01-christian-oeser-150x150.jpg\" class=\"attachment-thumbnail size-thumbnail\" alt=\"Die Touristeninfo von Dijon ist in einem Teil des Herzogspalast (links) untergebracht\" aria-describedby=\"gallery-3-19478\" \/><\/a>\n\t\t\t<\/div>\n\t\t\t\t<figcaption class='wp-caption-text gallery-caption' id='gallery-3-19478'>\n\t\t\t\tDie Touristeninfo von Dijon ist in einem Teil des Herzogspalast (links) untergebracht\n\t\t\t\t<\/figcaption><\/figure>\n\t\t<\/div>\n\n<\/div>\n<p>&nbsp;<\/p>\n<hr \/>\n<div class=\"fazit\">\n<h2>FAZIT<\/h2>\n<p>Dijon ist ein Ort, der dir eine fantastische St\u00e4dtereise mit vielen eindrucksvollen Momenten beschert. Die Altstadt kannst du bequem zu Fu\u00df erkunden, dabei hilft dir der Eulenweg mit seinen Eulensymbolen am Boden. Anhand dieses Rundwegs werden dir alle H\u00f6hepunkte von Dijon n\u00e4hergebracht und du verpasst keine Sehensw\u00fcrdigkeit. Zahlreiche liebevolle Shops und Lokale laden in den engen Gassen und lebendigen Pl\u00e4tzen zum Erkunden und Entspannen ein. Die Kulinarik ist in Dijon \u2013 wie wir es in Frankreich nicht anders gewohnt sind \u2013 exzellent und es macht Freude, sich durch die K\u00f6stlichkeiten durchzuprobieren. Hast du nun auch Lust auf Dijon? Schreib mir gerne einen Kommentar mit deinen Gedanken!<\/p>\n<\/div>\n<p>&nbsp;<\/p>\n<div style=\"display: none;\">\n<p><img loading=\"lazy\" decoding=\"async\" class=\"alignnone size-full wp-image-19483\" src=\"https:\/\/coeser.de\/blog\/wp-content\/uploads\/2023\/02\/dijon-p01-christian-oeser.jpg\" alt=\"Dijon: Reisebericht mit Erfahrungen zu Sehensw\u00fcrdigkeiten, den besten Fotospots sowie allgemeinen Tipps und Restaurantempfehlungen.\" width=\"735\" height=\"1102\" \/><\/p>\n<p><img loading=\"lazy\" decoding=\"async\" class=\"alignnone size-full wp-image-19484\" src=\"https:\/\/coeser.de\/blog\/wp-content\/uploads\/2023\/02\/dijon-p02-christian-oeser.jpg\" alt=\"Dijon: Reisebericht mit Erfahrungen zu Sehensw\u00fcrdigkeiten, den besten Fotospots sowie allgemeinen Tipps und Restaurantempfehlungen.\" width=\"735\" height=\"1102\" \/><\/p>\n<\/div>\n","protected":false},"excerpt":{"rendered":"<p>Stehst du auch so auf \u00dcberraschungen wie ich? Dann solltest du unbedingt einmal nach Dijon in Frankreich fahren! Niemals h\u00e4tte ich erwartet, welch zauberhafte Stadt mich willkommen hei\u00dfen w\u00fcrde. Das Erkunden der Altstadt wird mit einer Eule, die dir auf einem Rundweg alle Sehensw\u00fcrdigkeiten zeigt, zu einem spielerischen Vergn\u00fcgen. Was du in Dijon alles erleben [&hellip;]<\/p>\n","protected":false},"author":1,"featured_media":19453,"comment_status":"open","ping_status":"open","sticky":false,"template":"","format":"standard","meta":{"_jetpack_memberships_contains_paid_content":false,"footnotes":""},"categories":[38],"tags":[9,451,11,12,39,41,68,10],"class_list":["post-19443","post","type-post","status-publish","format-standard","has-post-thumbnail","hentry","category-frankreich","tag-cityguide","tag-dijon","tag-fotospots","tag-fototipps","tag-frankreich","tag-reisebericht","tag-reisefuehrer","tag-staedtereise"],"yoast_head":"<!-- This site is optimized with the Yoast SEO plugin v27.4 - https:\/\/yoast.com\/product\/yoast-seo-wordpress\/ -->\n<title>Dijon: Genussurlaub mit einer Eule<\/title>\n<meta name=\"description\" content=\"Dijon: Reisebericht mit Erfahrungen zu Sehensw\u00fcrdigkeiten, den besten Fotospots sowie allgemeinen Tipps und Restaurantempfehlungen.\" \/>\n<meta name=\"robots\" content=\"index, follow, max-snippet:-1, max-image-preview:large, max-video-preview:-1\" \/>\n<link rel=\"canonical\" href=\"https:\/\/coeser.de\/blog\/index.php\/2023\/03\/10\/dijon-genussurlaub-mit-einer-eule\/\" \/>\n<meta property=\"og:locale\" content=\"de_DE\" \/>\n<meta property=\"og:type\" content=\"article\" \/>\n<meta property=\"og:title\" content=\"Dijon: Genussurlaub mit einer Eule\" \/>\n<meta property=\"og:description\" content=\"Dijon: Reisebericht mit Erfahrungen zu Sehensw\u00fcrdigkeiten, den besten Fotospots sowie allgemeinen Tipps und Restaurantempfehlungen.\" \/>\n<meta property=\"og:url\" content=\"https:\/\/coeser.de\/blog\/index.php\/2023\/03\/10\/dijon-genussurlaub-mit-einer-eule\/\" \/>\n<meta property=\"og:site_name\" content=\"fern &amp; nah - Reiseblog und Fotostories von Christian \u00d6ser\" \/>\n<meta property=\"article:publisher\" content=\"Christian \u00d6ser\" \/>\n<meta property=\"article:author\" content=\"Christian \u00d6ser\" \/>\n<meta property=\"article:published_time\" content=\"2023-03-10T06:00:28+00:00\" \/>\n<meta property=\"article:modified_time\" content=\"2025-08-25T10:39:03+00:00\" \/>\n<meta property=\"og:image\" content=\"https:\/\/coeser.de\/blog\/wp-content\/uploads\/2023\/02\/dijon-aufmacher1-altstadt-eule-christian-oeser.jpg\" \/>\n\t<meta property=\"og:image:width\" content=\"978\" \/>\n\t<meta property=\"og:image:height\" content=\"550\" \/>\n\t<meta property=\"og:image:type\" content=\"image\/jpeg\" \/>\n<meta name=\"author\" content=\"Christian \u00d6ser\" \/>\n<meta name=\"twitter:card\" content=\"summary_large_image\" \/>\n<meta name=\"twitter:label1\" content=\"Verfasst von\" \/>\n\t<meta name=\"twitter:data1\" content=\"Christian \u00d6ser\" \/>\n\t<meta name=\"twitter:label2\" content=\"Gesch\u00e4tzte Lesezeit\" \/>\n\t<meta name=\"twitter:data2\" content=\"29\u00a0Minuten\" \/>\n<script type=\"application\/ld+json\" class=\"yoast-schema-graph\">{\"@context\":\"https:\\\/\\\/schema.org\",\"@graph\":[{\"@type\":\"Article\",\"@id\":\"https:\\\/\\\/coeser.de\\\/blog\\\/index.php\\\/2023\\\/03\\\/10\\\/dijon-genussurlaub-mit-einer-eule\\\/#article\",\"isPartOf\":{\"@id\":\"https:\\\/\\\/coeser.de\\\/blog\\\/index.php\\\/2023\\\/03\\\/10\\\/dijon-genussurlaub-mit-einer-eule\\\/\"},\"author\":{\"name\":\"Christian \u00d6ser\",\"@id\":\"https:\\\/\\\/coeser.de\\\/blog\\\/#\\\/schema\\\/person\\\/fda1d253389076b2cadc3d47018cf315\"},\"headline\":\"Dijon: Genussurlaub mit einer Eule\",\"datePublished\":\"2023-03-10T06:00:28+00:00\",\"dateModified\":\"2025-08-25T10:39:03+00:00\",\"mainEntityOfPage\":{\"@id\":\"https:\\\/\\\/coeser.de\\\/blog\\\/index.php\\\/2023\\\/03\\\/10\\\/dijon-genussurlaub-mit-einer-eule\\\/\"},\"wordCount\":3832,\"commentCount\":7,\"publisher\":{\"@id\":\"https:\\\/\\\/coeser.de\\\/blog\\\/#\\\/schema\\\/person\\\/fda1d253389076b2cadc3d47018cf315\"},\"image\":{\"@id\":\"https:\\\/\\\/coeser.de\\\/blog\\\/index.php\\\/2023\\\/03\\\/10\\\/dijon-genussurlaub-mit-einer-eule\\\/#primaryimage\"},\"thumbnailUrl\":\"https:\\\/\\\/coeser.de\\\/blog\\\/wp-content\\\/uploads\\\/2023\\\/02\\\/dijon-aufmacher1-altstadt-eule-christian-oeser.jpg\",\"keywords\":[\"Cityguide\",\"Dijon\",\"Fotospots\",\"Fototipps\",\"Frankreich\",\"Reisebericht\",\"Reisef\u00fchrer\",\"St\u00e4dtereise\"],\"articleSection\":[\"FRANKREICH\"],\"inLanguage\":\"de\",\"potentialAction\":[{\"@type\":\"CommentAction\",\"name\":\"Comment\",\"target\":[\"https:\\\/\\\/coeser.de\\\/blog\\\/index.php\\\/2023\\\/03\\\/10\\\/dijon-genussurlaub-mit-einer-eule\\\/#respond\"]}]},{\"@type\":\"WebPage\",\"@id\":\"https:\\\/\\\/coeser.de\\\/blog\\\/index.php\\\/2023\\\/03\\\/10\\\/dijon-genussurlaub-mit-einer-eule\\\/\",\"url\":\"https:\\\/\\\/coeser.de\\\/blog\\\/index.php\\\/2023\\\/03\\\/10\\\/dijon-genussurlaub-mit-einer-eule\\\/\",\"name\":\"Dijon: Genussurlaub mit einer Eule\",\"isPartOf\":{\"@id\":\"https:\\\/\\\/coeser.de\\\/blog\\\/#website\"},\"primaryImageOfPage\":{\"@id\":\"https:\\\/\\\/coeser.de\\\/blog\\\/index.php\\\/2023\\\/03\\\/10\\\/dijon-genussurlaub-mit-einer-eule\\\/#primaryimage\"},\"image\":{\"@id\":\"https:\\\/\\\/coeser.de\\\/blog\\\/index.php\\\/2023\\\/03\\\/10\\\/dijon-genussurlaub-mit-einer-eule\\\/#primaryimage\"},\"thumbnailUrl\":\"https:\\\/\\\/coeser.de\\\/blog\\\/wp-content\\\/uploads\\\/2023\\\/02\\\/dijon-aufmacher1-altstadt-eule-christian-oeser.jpg\",\"datePublished\":\"2023-03-10T06:00:28+00:00\",\"dateModified\":\"2025-08-25T10:39:03+00:00\",\"description\":\"Dijon: Reisebericht mit Erfahrungen zu Sehensw\u00fcrdigkeiten, den besten Fotospots sowie allgemeinen Tipps und Restaurantempfehlungen.\",\"breadcrumb\":{\"@id\":\"https:\\\/\\\/coeser.de\\\/blog\\\/index.php\\\/2023\\\/03\\\/10\\\/dijon-genussurlaub-mit-einer-eule\\\/#breadcrumb\"},\"inLanguage\":\"de\",\"potentialAction\":[{\"@type\":\"ReadAction\",\"target\":[\"https:\\\/\\\/coeser.de\\\/blog\\\/index.php\\\/2023\\\/03\\\/10\\\/dijon-genussurlaub-mit-einer-eule\\\/\"]}]},{\"@type\":\"ImageObject\",\"inLanguage\":\"de\",\"@id\":\"https:\\\/\\\/coeser.de\\\/blog\\\/index.php\\\/2023\\\/03\\\/10\\\/dijon-genussurlaub-mit-einer-eule\\\/#primaryimage\",\"url\":\"https:\\\/\\\/coeser.de\\\/blog\\\/wp-content\\\/uploads\\\/2023\\\/02\\\/dijon-aufmacher1-altstadt-eule-christian-oeser.jpg\",\"contentUrl\":\"https:\\\/\\\/coeser.de\\\/blog\\\/wp-content\\\/uploads\\\/2023\\\/02\\\/dijon-aufmacher1-altstadt-eule-christian-oeser.jpg\",\"width\":978,\"height\":550,\"caption\":\"Place Fran\u00e7ois Rude in Dijon, Frankreich\"},{\"@type\":\"BreadcrumbList\",\"@id\":\"https:\\\/\\\/coeser.de\\\/blog\\\/index.php\\\/2023\\\/03\\\/10\\\/dijon-genussurlaub-mit-einer-eule\\\/#breadcrumb\",\"itemListElement\":[{\"@type\":\"ListItem\",\"position\":1,\"name\":\"Startseite\",\"item\":\"https:\\\/\\\/coeser.de\\\/blog\\\/\"},{\"@type\":\"ListItem\",\"position\":2,\"name\":\"Dijon: Genussurlaub mit einer Eule\"}]},{\"@type\":\"WebSite\",\"@id\":\"https:\\\/\\\/coeser.de\\\/blog\\\/#website\",\"url\":\"https:\\\/\\\/coeser.de\\\/blog\\\/\",\"name\":\"fern &amp; nah - Reiseblog und Fotostories von Christian \u00d6ser\",\"description\":\"Reiseblog und Fotostories von Christian \u00d6ser\",\"publisher\":{\"@id\":\"https:\\\/\\\/coeser.de\\\/blog\\\/#\\\/schema\\\/person\\\/fda1d253389076b2cadc3d47018cf315\"},\"potentialAction\":[{\"@type\":\"SearchAction\",\"target\":{\"@type\":\"EntryPoint\",\"urlTemplate\":\"https:\\\/\\\/coeser.de\\\/blog\\\/?s={search_term_string}\"},\"query-input\":{\"@type\":\"PropertyValueSpecification\",\"valueRequired\":true,\"valueName\":\"search_term_string\"}}],\"inLanguage\":\"de\"},{\"@type\":[\"Person\",\"Organization\"],\"@id\":\"https:\\\/\\\/coeser.de\\\/blog\\\/#\\\/schema\\\/person\\\/fda1d253389076b2cadc3d47018cf315\",\"name\":\"Christian \u00d6ser\",\"image\":{\"@type\":\"ImageObject\",\"inLanguage\":\"de\",\"@id\":\"https:\\\/\\\/coeser.de\\\/blog\\\/wp-content\\\/uploads\\\/2016\\\/08\\\/logo-fern-und-nah-christian-oeser-4.jpg\",\"url\":\"https:\\\/\\\/coeser.de\\\/blog\\\/wp-content\\\/uploads\\\/2016\\\/08\\\/logo-fern-und-nah-christian-oeser-4.jpg\",\"contentUrl\":\"https:\\\/\\\/coeser.de\\\/blog\\\/wp-content\\\/uploads\\\/2016\\\/08\\\/logo-fern-und-nah-christian-oeser-4.jpg\",\"width\":1090,\"height\":245,\"caption\":\"Christian \u00d6ser\"},\"logo\":{\"@id\":\"https:\\\/\\\/coeser.de\\\/blog\\\/wp-content\\\/uploads\\\/2016\\\/08\\\/logo-fern-und-nah-christian-oeser-4.jpg\"},\"sameAs\":[\"http:\\\/\\\/www.coeser.de\",\"Christian \u00d6ser\",\"https:\\\/\\\/www.instagram.com\\\/coeser_de\\\/\",\"https:\\\/\\\/www.pinterest.at\\\/nightline5\\\/\"],\"url\":\"https:\\\/\\\/coeser.de\\\/blog\\\/index.php\\\/author\\\/coeser\\\/\"}]}<\/script>\n<!-- \/ Yoast SEO plugin. -->","yoast_head_json":{"title":"Dijon: Genussurlaub mit einer Eule","description":"Dijon: Reisebericht mit Erfahrungen zu Sehensw\u00fcrdigkeiten, den besten Fotospots sowie allgemeinen Tipps und Restaurantempfehlungen.","robots":{"index":"index","follow":"follow","max-snippet":"max-snippet:-1","max-image-preview":"max-image-preview:large","max-video-preview":"max-video-preview:-1"},"canonical":"https:\/\/coeser.de\/blog\/index.php\/2023\/03\/10\/dijon-genussurlaub-mit-einer-eule\/","og_locale":"de_DE","og_type":"article","og_title":"Dijon: Genussurlaub mit einer Eule","og_description":"Dijon: Reisebericht mit Erfahrungen zu Sehensw\u00fcrdigkeiten, den besten Fotospots sowie allgemeinen Tipps und Restaurantempfehlungen.","og_url":"https:\/\/coeser.de\/blog\/index.php\/2023\/03\/10\/dijon-genussurlaub-mit-einer-eule\/","og_site_name":"fern &amp; nah - Reiseblog und Fotostories von Christian \u00d6ser","article_publisher":"Christian \u00d6ser","article_author":"Christian \u00d6ser","article_published_time":"2023-03-10T06:00:28+00:00","article_modified_time":"2025-08-25T10:39:03+00:00","og_image":[{"width":978,"height":550,"url":"https:\/\/coeser.de\/blog\/wp-content\/uploads\/2023\/02\/dijon-aufmacher1-altstadt-eule-christian-oeser.jpg","type":"image\/jpeg"}],"author":"Christian \u00d6ser","twitter_card":"summary_large_image","twitter_misc":{"Verfasst von":"Christian \u00d6ser","Gesch\u00e4tzte Lesezeit":"29\u00a0Minuten"},"schema":{"@context":"https:\/\/schema.org","@graph":[{"@type":"Article","@id":"https:\/\/coeser.de\/blog\/index.php\/2023\/03\/10\/dijon-genussurlaub-mit-einer-eule\/#article","isPartOf":{"@id":"https:\/\/coeser.de\/blog\/index.php\/2023\/03\/10\/dijon-genussurlaub-mit-einer-eule\/"},"author":{"name":"Christian \u00d6ser","@id":"https:\/\/coeser.de\/blog\/#\/schema\/person\/fda1d253389076b2cadc3d47018cf315"},"headline":"Dijon: Genussurlaub mit einer Eule","datePublished":"2023-03-10T06:00:28+00:00","dateModified":"2025-08-25T10:39:03+00:00","mainEntityOfPage":{"@id":"https:\/\/coeser.de\/blog\/index.php\/2023\/03\/10\/dijon-genussurlaub-mit-einer-eule\/"},"wordCount":3832,"commentCount":7,"publisher":{"@id":"https:\/\/coeser.de\/blog\/#\/schema\/person\/fda1d253389076b2cadc3d47018cf315"},"image":{"@id":"https:\/\/coeser.de\/blog\/index.php\/2023\/03\/10\/dijon-genussurlaub-mit-einer-eule\/#primaryimage"},"thumbnailUrl":"https:\/\/coeser.de\/blog\/wp-content\/uploads\/2023\/02\/dijon-aufmacher1-altstadt-eule-christian-oeser.jpg","keywords":["Cityguide","Dijon","Fotospots","Fototipps","Frankreich","Reisebericht","Reisef\u00fchrer","St\u00e4dtereise"],"articleSection":["FRANKREICH"],"inLanguage":"de","potentialAction":[{"@type":"CommentAction","name":"Comment","target":["https:\/\/coeser.de\/blog\/index.php\/2023\/03\/10\/dijon-genussurlaub-mit-einer-eule\/#respond"]}]},{"@type":"WebPage","@id":"https:\/\/coeser.de\/blog\/index.php\/2023\/03\/10\/dijon-genussurlaub-mit-einer-eule\/","url":"https:\/\/coeser.de\/blog\/index.php\/2023\/03\/10\/dijon-genussurlaub-mit-einer-eule\/","name":"Dijon: Genussurlaub mit einer Eule","isPartOf":{"@id":"https:\/\/coeser.de\/blog\/#website"},"primaryImageOfPage":{"@id":"https:\/\/coeser.de\/blog\/index.php\/2023\/03\/10\/dijon-genussurlaub-mit-einer-eule\/#primaryimage"},"image":{"@id":"https:\/\/coeser.de\/blog\/index.php\/2023\/03\/10\/dijon-genussurlaub-mit-einer-eule\/#primaryimage"},"thumbnailUrl":"https:\/\/coeser.de\/blog\/wp-content\/uploads\/2023\/02\/dijon-aufmacher1-altstadt-eule-christian-oeser.jpg","datePublished":"2023-03-10T06:00:28+00:00","dateModified":"2025-08-25T10:39:03+00:00","description":"Dijon: Reisebericht mit Erfahrungen zu Sehensw\u00fcrdigkeiten, den besten Fotospots sowie allgemeinen Tipps und Restaurantempfehlungen.","breadcrumb":{"@id":"https:\/\/coeser.de\/blog\/index.php\/2023\/03\/10\/dijon-genussurlaub-mit-einer-eule\/#breadcrumb"},"inLanguage":"de","potentialAction":[{"@type":"ReadAction","target":["https:\/\/coeser.de\/blog\/index.php\/2023\/03\/10\/dijon-genussurlaub-mit-einer-eule\/"]}]},{"@type":"ImageObject","inLanguage":"de","@id":"https:\/\/coeser.de\/blog\/index.php\/2023\/03\/10\/dijon-genussurlaub-mit-einer-eule\/#primaryimage","url":"https:\/\/coeser.de\/blog\/wp-content\/uploads\/2023\/02\/dijon-aufmacher1-altstadt-eule-christian-oeser.jpg","contentUrl":"https:\/\/coeser.de\/blog\/wp-content\/uploads\/2023\/02\/dijon-aufmacher1-altstadt-eule-christian-oeser.jpg","width":978,"height":550,"caption":"Place Fran\u00e7ois Rude in Dijon, Frankreich"},{"@type":"BreadcrumbList","@id":"https:\/\/coeser.de\/blog\/index.php\/2023\/03\/10\/dijon-genussurlaub-mit-einer-eule\/#breadcrumb","itemListElement":[{"@type":"ListItem","position":1,"name":"Startseite","item":"https:\/\/coeser.de\/blog\/"},{"@type":"ListItem","position":2,"name":"Dijon: Genussurlaub mit einer Eule"}]},{"@type":"WebSite","@id":"https:\/\/coeser.de\/blog\/#website","url":"https:\/\/coeser.de\/blog\/","name":"fern &amp; nah - Reiseblog und Fotostories von Christian \u00d6ser","description":"Reiseblog und Fotostories von Christian \u00d6ser","publisher":{"@id":"https:\/\/coeser.de\/blog\/#\/schema\/person\/fda1d253389076b2cadc3d47018cf315"},"potentialAction":[{"@type":"SearchAction","target":{"@type":"EntryPoint","urlTemplate":"https:\/\/coeser.de\/blog\/?s={search_term_string}"},"query-input":{"@type":"PropertyValueSpecification","valueRequired":true,"valueName":"search_term_string"}}],"inLanguage":"de"},{"@type":["Person","Organization"],"@id":"https:\/\/coeser.de\/blog\/#\/schema\/person\/fda1d253389076b2cadc3d47018cf315","name":"Christian \u00d6ser","image":{"@type":"ImageObject","inLanguage":"de","@id":"https:\/\/coeser.de\/blog\/wp-content\/uploads\/2016\/08\/logo-fern-und-nah-christian-oeser-4.jpg","url":"https:\/\/coeser.de\/blog\/wp-content\/uploads\/2016\/08\/logo-fern-und-nah-christian-oeser-4.jpg","contentUrl":"https:\/\/coeser.de\/blog\/wp-content\/uploads\/2016\/08\/logo-fern-und-nah-christian-oeser-4.jpg","width":1090,"height":245,"caption":"Christian \u00d6ser"},"logo":{"@id":"https:\/\/coeser.de\/blog\/wp-content\/uploads\/2016\/08\/logo-fern-und-nah-christian-oeser-4.jpg"},"sameAs":["http:\/\/www.coeser.de","Christian \u00d6ser","https:\/\/www.instagram.com\/coeser_de\/","https:\/\/www.pinterest.at\/nightline5\/"],"url":"https:\/\/coeser.de\/blog\/index.php\/author\/coeser\/"}]}},"jetpack_featured_media_url":"https:\/\/coeser.de\/blog\/wp-content\/uploads\/2023\/02\/dijon-aufmacher1-altstadt-eule-christian-oeser.jpg","jetpack-related-posts":[{"id":18368,"url":"https:\/\/coeser.de\/blog\/index.php\/2023\/07\/01\/interrail-inspiration-zugreise\/","url_meta":{"origin":19443,"position":0},"title":"Interrail: Inspiration f\u00fcr deine Zugreise","author":"Christian \u00d6ser","date":"1. Juli 2023","format":false,"excerpt":"16 Tage, 10 St\u00e4dte, 5 L\u00e4nder - das ist die Bilanz meiner zweiten Interrail-Tour! Mit einem Interrail-Ticket kommst du g\u00fcnstig und flexibel zu den europ\u00e4ischen Reisezielen deiner Tr\u00e4ume und kannst in kurzer Zeit eine Vielzahl an Erlebnissen mitnehmen. Wie Interrail funktioniert, wo deine Vorteile liegen, wie so eine Reise in\u2026","rel":"","context":"In &quot;EUROPA&quot;","block_context":{"text":"EUROPA","link":"https:\/\/coeser.de\/blog\/index.php\/category\/europa\/"},"img":{"alt_text":"Interrail: Fotos einer Zugreise als Inspiration","src":"https:\/\/i0.wp.com\/coeser.de\/blog\/wp-content\/uploads\/2023\/06\/interrail-inspiration-zugreise-aufmacher-christian-oeser.jpg?resize=350%2C200&ssl=1","width":350,"height":200,"srcset":"https:\/\/i0.wp.com\/coeser.de\/blog\/wp-content\/uploads\/2023\/06\/interrail-inspiration-zugreise-aufmacher-christian-oeser.jpg?resize=350%2C200&ssl=1 1x, https:\/\/i0.wp.com\/coeser.de\/blog\/wp-content\/uploads\/2023\/06\/interrail-inspiration-zugreise-aufmacher-christian-oeser.jpg?resize=525%2C300&ssl=1 1.5x, https:\/\/i0.wp.com\/coeser.de\/blog\/wp-content\/uploads\/2023\/06\/interrail-inspiration-zugreise-aufmacher-christian-oeser.jpg?resize=700%2C400&ssl=1 2x"},"classes":[]},{"id":1639,"url":"https:\/\/coeser.de\/blog\/index.php\/2016\/12\/27\/das-war-mein-reisejahr-2016\/","url_meta":{"origin":19443,"position":1},"title":"Das war mein Reisejahr 2016","author":"Christian \u00d6ser","date":"27. Dezember 2016","format":false,"excerpt":"Am Ende eines jeden Jahres blicke ich immer zur\u00fcck auf meine besuchten St\u00e4dte, Orte und Pl\u00e4tze. 2016 war nach l\u00e4ngerer Durststrecke wieder einmal ein recht starkes Reisejahr f\u00fcr mich, 19 Destinationen bleiben in meiner Erinnerung. In diesem Blogbeitrag gebe ich euch einen \u00dcberblick und ein kurzes R\u00e9sum\u00e9 zu jedem Ort.\u2026","rel":"","context":"In &quot;EUROPA&quot;","block_context":{"text":"EUROPA","link":"https:\/\/coeser.de\/blog\/index.php\/category\/europa\/"},"img":{"alt_text":"Fotos der Reisen 2016","src":"https:\/\/i0.wp.com\/coeser.de\/blog\/wp-content\/uploads\/2016\/12\/reisejahr-2016-aufmacher-christian-oeser.jpg?resize=350%2C200&ssl=1","width":350,"height":200,"srcset":"https:\/\/i0.wp.com\/coeser.de\/blog\/wp-content\/uploads\/2016\/12\/reisejahr-2016-aufmacher-christian-oeser.jpg?resize=350%2C200&ssl=1 1x, https:\/\/i0.wp.com\/coeser.de\/blog\/wp-content\/uploads\/2016\/12\/reisejahr-2016-aufmacher-christian-oeser.jpg?resize=525%2C300&ssl=1 1.5x, https:\/\/i0.wp.com\/coeser.de\/blog\/wp-content\/uploads\/2016\/12\/reisejahr-2016-aufmacher-christian-oeser.jpg?resize=700%2C400&ssl=1 2x"},"classes":[]},{"id":19254,"url":"https:\/\/coeser.de\/blog\/index.php\/2023\/01\/01\/europa-12-ideen-staedtereise\/","url_meta":{"origin":19443,"position":2},"title":"Europa: 12 Ideen f\u00fcr deine St\u00e4dtereise 2023","author":"Christian \u00d6ser","date":"1. Januar 2023","format":false,"excerpt":"\"Same procedure as every year\" \u2013 so geht es dir vielleicht, wenn du wieder einmal am \u00dcberlegen bist, wo du im n\u00e4chsten Jahr gerne \u00fcberall hinreisen und neue Eindr\u00fccke gewinnen willst. Ich helfe gerne und verrate dir in diesem Artikel meine pers\u00f6nlichen 12 Tipps f\u00fcr eine St\u00e4dtereise in Europa, die\u2026","rel":"","context":"In &quot;EUROPA&quot;","block_context":{"text":"EUROPA","link":"https:\/\/coeser.de\/blog\/index.php\/category\/europa\/"},"img":{"alt_text":"Collage von Reisezielen f\u00fcr St\u00e4dtereisen in Europa","src":"https:\/\/i0.wp.com\/coeser.de\/blog\/wp-content\/uploads\/2022\/12\/europa-staedtereise-tipps-aufmacher-christian-oeser.jpg?resize=350%2C200&ssl=1","width":350,"height":200,"srcset":"https:\/\/i0.wp.com\/coeser.de\/blog\/wp-content\/uploads\/2022\/12\/europa-staedtereise-tipps-aufmacher-christian-oeser.jpg?resize=350%2C200&ssl=1 1x, https:\/\/i0.wp.com\/coeser.de\/blog\/wp-content\/uploads\/2022\/12\/europa-staedtereise-tipps-aufmacher-christian-oeser.jpg?resize=525%2C300&ssl=1 1.5x, https:\/\/i0.wp.com\/coeser.de\/blog\/wp-content\/uploads\/2022\/12\/europa-staedtereise-tipps-aufmacher-christian-oeser.jpg?resize=700%2C400&ssl=1 2x"},"classes":[]},{"id":25017,"url":"https:\/\/coeser.de\/blog\/index.php\/2025\/10\/22\/bayonne-kultur-genuss-mittelalter\/","url_meta":{"origin":19443,"position":3},"title":"Bayonne: Kultur, Genuss und Mittelalter","author":"Christian \u00d6ser","date":"22. Oktober 2025","format":false,"excerpt":"Gespannt und voller Neugier betrete ich die Altstadt von Bayonne, die Kamera stets griffbereit. Die Fassaden der mittelalterlichen Fachwerkh\u00e4user ziehen mich in ihren Bann, w\u00e4hrend die T\u00fcrme der Kathedrale sehenswert von den engen Gassen eingerahmt werden. Links verf\u00fchrt mich der Geruch von frisch ger\u00e4uchertem Schinken, rechts dagegen wartet die Versuchung\u2026","rel":"","context":"In &quot;FRANKREICH&quot;","block_context":{"text":"FRANKREICH","link":"https:\/\/coeser.de\/blog\/index.php\/category\/europa\/frankreich\/"},"img":{"alt_text":"Blick in die Rue Port Neuf in der Altstadt von Bayonne, Frankreich","src":"https:\/\/i0.wp.com\/coeser.de\/blog\/wp-content\/uploads\/2025\/09\/bayonne-aufmacher-altstadt-rue-port-neuf-christian-oeser.jpg?resize=350%2C200&ssl=1","width":350,"height":200,"srcset":"https:\/\/i0.wp.com\/coeser.de\/blog\/wp-content\/uploads\/2025\/09\/bayonne-aufmacher-altstadt-rue-port-neuf-christian-oeser.jpg?resize=350%2C200&ssl=1 1x, https:\/\/i0.wp.com\/coeser.de\/blog\/wp-content\/uploads\/2025\/09\/bayonne-aufmacher-altstadt-rue-port-neuf-christian-oeser.jpg?resize=525%2C300&ssl=1 1.5x, https:\/\/i0.wp.com\/coeser.de\/blog\/wp-content\/uploads\/2025\/09\/bayonne-aufmacher-altstadt-rue-port-neuf-christian-oeser.jpg?resize=700%2C400&ssl=1 2x"},"classes":[]},{"id":10259,"url":"https:\/\/coeser.de\/blog\/index.php\/2019\/01\/01\/europa-26-geniale-reiseziele-2019\/","url_meta":{"origin":19443,"position":4},"title":"Europa: 26 geniale Reiseziele f\u00fcr 2019","author":"Christian \u00d6ser","date":"1. Januar 2019","format":false,"excerpt":"Seid ihr so wie ich immer auf der Suche nach neuen Destinationen? Egal ob Ausfl\u00fcge, St\u00e4dtetrips oder Tagestouren \u2013 ich habe 26 Ideen f\u00fcr eure n\u00e4chste Reise in Europa! Alle meine Tipps habe ich im letzten Jahr zusammengesammelt und auch pers\u00f6nlich ausprobiert. Ihr bekommt also mit diesem Beitrag keine Theorie,\u2026","rel":"","context":"In &quot;EUROPA&quot;","block_context":{"text":"EUROPA","link":"https:\/\/coeser.de\/blog\/index.php\/category\/europa\/"},"img":{"alt_text":"","src":"https:\/\/i0.wp.com\/coeser.de\/blog\/wp-content\/uploads\/2018\/12\/reisetipps-reiseinspiration-fotospots-2018-aufmacher-christian-oeser.jpg?resize=350%2C200&ssl=1","width":350,"height":200,"srcset":"https:\/\/i0.wp.com\/coeser.de\/blog\/wp-content\/uploads\/2018\/12\/reisetipps-reiseinspiration-fotospots-2018-aufmacher-christian-oeser.jpg?resize=350%2C200&ssl=1 1x, https:\/\/i0.wp.com\/coeser.de\/blog\/wp-content\/uploads\/2018\/12\/reisetipps-reiseinspiration-fotospots-2018-aufmacher-christian-oeser.jpg?resize=525%2C300&ssl=1 1.5x, https:\/\/i0.wp.com\/coeser.de\/blog\/wp-content\/uploads\/2018\/12\/reisetipps-reiseinspiration-fotospots-2018-aufmacher-christian-oeser.jpg?resize=700%2C400&ssl=1 2x"},"classes":[]},{"id":5700,"url":"https:\/\/coeser.de\/blog\/index.php\/2018\/01\/02\/das-war-mein-reisejahr-2017\/","url_meta":{"origin":19443,"position":5},"title":"Das war mein Reisejahr 2017","author":"Christian \u00d6ser","date":"2. Januar 2018","format":false,"excerpt":"Wieder einmal ist ein Jahr in gef\u00fchlter Windeseile vor\u00fcbergezogen, was nicht zuletzt an den zahlreichen Orten liegt, die ich mir angesehen und erkundet habe. In diesem Blogbeitrag blicke ich nochmals auf 2017 zur\u00fcck und gehe kurz alle Destinationen durch, wo ich zumindest eine Nacht verbracht habe oder die etwas weiter\u2026","rel":"","context":"In &quot;EUROPA&quot;","block_context":{"text":"EUROPA","link":"https:\/\/coeser.de\/blog\/index.php\/category\/europa\/"},"img":{"alt_text":"Reiseempfehlungen und Reiseinspirationen 2017","src":"https:\/\/i0.wp.com\/coeser.de\/blog\/wp-content\/uploads\/2017\/12\/reisejahr-2017-inspiration-aufmacher-christian-oeser.jpg?resize=350%2C200&ssl=1","width":350,"height":200,"srcset":"https:\/\/i0.wp.com\/coeser.de\/blog\/wp-content\/uploads\/2017\/12\/reisejahr-2017-inspiration-aufmacher-christian-oeser.jpg?resize=350%2C200&ssl=1 1x, https:\/\/i0.wp.com\/coeser.de\/blog\/wp-content\/uploads\/2017\/12\/reisejahr-2017-inspiration-aufmacher-christian-oeser.jpg?resize=525%2C300&ssl=1 1.5x, https:\/\/i0.wp.com\/coeser.de\/blog\/wp-content\/uploads\/2017\/12\/reisejahr-2017-inspiration-aufmacher-christian-oeser.jpg?resize=700%2C400&ssl=1 2x"},"classes":[]}],"jetpack_sharing_enabled":true,"_links":{"self":[{"href":"https:\/\/coeser.de\/blog\/index.php\/wp-json\/wp\/v2\/posts\/19443","targetHints":{"allow":["GET"]}}],"collection":[{"href":"https:\/\/coeser.de\/blog\/index.php\/wp-json\/wp\/v2\/posts"}],"about":[{"href":"https:\/\/coeser.de\/blog\/index.php\/wp-json\/wp\/v2\/types\/post"}],"author":[{"embeddable":true,"href":"https:\/\/coeser.de\/blog\/index.php\/wp-json\/wp\/v2\/users\/1"}],"replies":[{"embeddable":true,"href":"https:\/\/coeser.de\/blog\/index.php\/wp-json\/wp\/v2\/comments?post=19443"}],"version-history":[{"count":2,"href":"https:\/\/coeser.de\/blog\/index.php\/wp-json\/wp\/v2\/posts\/19443\/revisions"}],"predecessor-version":[{"id":24769,"href":"https:\/\/coeser.de\/blog\/index.php\/wp-json\/wp\/v2\/posts\/19443\/revisions\/24769"}],"wp:featuredmedia":[{"embeddable":true,"href":"https:\/\/coeser.de\/blog\/index.php\/wp-json\/wp\/v2\/media\/19453"}],"wp:attachment":[{"href":"https:\/\/coeser.de\/blog\/index.php\/wp-json\/wp\/v2\/media?parent=19443"}],"wp:term":[{"taxonomy":"category","embeddable":true,"href":"https:\/\/coeser.de\/blog\/index.php\/wp-json\/wp\/v2\/categories?post=19443"},{"taxonomy":"post_tag","embeddable":true,"href":"https:\/\/coeser.de\/blog\/index.php\/wp-json\/wp\/v2\/tags?post=19443"}],"curies":[{"name":"wp","href":"https:\/\/api.w.org\/{rel}","templated":true}]}}