{"id":20292,"date":"2023-08-08T07:00:46","date_gmt":"2023-08-08T05:00:46","guid":{"rendered":"https:\/\/coeser.de\/blog\/?p=20292"},"modified":"2023-09-05T12:14:59","modified_gmt":"2023-09-05T10:14:59","slug":"danzig-staedtereise-durch-die-zeit","status":"publish","type":"post","link":"https:\/\/coeser.de\/blog\/index.php\/2023\/08\/08\/danzig-staedtereise-durch-die-zeit\/","title":{"rendered":"Danzig: Eine St\u00e4dtereise durch die Zeit"},"content":{"rendered":"<p><strong>Die Hafenstadt Danzig z\u00e4hlt zu den attraktivsten Zielen in Polen. Eine der sch\u00f6nsten Innenst\u00e4dte des Landes l\u00e4dt zu ausgiebigen Spazierg\u00e4ngen und Erkundungstouren ein, zahlreiche Lokale bieten nach einer Sightseeingtour k\u00f6stliche einheimische K\u00fcche sowie lokales Bier. Danzig hat eine mehr als bewegte Geschichte hinter sich, unter anderem den Zweiten Weltkrieg und die darauffolgende Zeit des Kommunismus, welche in zwei modernen Museen stilvoll aufgearbeitet wird. Folge mir in diesem Reisebericht auf eine spannende Zeitreise in die Stadt an der polnischen Ostsee und lass dich \u00fcberraschen, was Danzig noch alles zu bieten hat!<\/strong><\/p>\n<p><!--more--><\/p>\n<hr \/>\n<div class=\"highlights\">\n<h3>H\u00d6HEPUNKTE AUS DANZIG IN DIESEM ARTIKEL<\/h3>\n<p>Die Rechtstadt als Zentrum von Danzig mit unglaublich sch\u00f6nen Orten und Bauwerken<\/p>\n<p>Zwei Museen, die dir die komplette Geschichte von Danzig in allen Facetten hautnah erkl\u00e4ren<\/p>\n<p>Eine umfangreiche Auflistung unserer besuchten Restaurants und Lokale in Danzig<\/p>\n<p>Viele Fotos und pers\u00f6nliche Eindr\u00fccke mit GPS-Koordinaten zu den sch\u00f6nsten Fotospots von Danzig<\/p>\n<p>Allgemeine Tipps zu den \u00d6ffentlichen Verkehrsmitteln und mehr, die dir den Alltag erleichtern<\/p>\n<\/div>\n<p>&nbsp;<\/p>\n<p><em><span style=\"color: #0000ff;\">Dieser Artikel wurde zuletzt am 8. August 2023 aktualisiert.<\/span><\/em><\/p>\n\n<hr \/>\n<div class=\"fakten\">\n<h2>DANZIG (GDA\u0143SK)<\/h2>\n<h3>FAKTEN<\/h3>\n<p><strong>Reisezeit: <\/strong>Mai (5 Tage, 5 \u00dcbernachtungen)<br \/>\n<strong>Anreise: <\/strong>Mit dem Zug <em>EC 106 Sobieski<\/em> von <em>Wien-Hauptbahnhof <\/em>nach <em>Gda\u0144sk G\u0142\u00f3wny<\/em> (10:35 h)<br \/>\n<strong>Unterkunft: <\/strong><strong><a href=\"https:\/\/www.booking.com\/hotel\/pl\/puro-gdansk-stare-miasto.pl.html?aid=1634405\" target=\"_blank\" rel=\"noopener\">Hotel PURO Hotel Gda\u0144sk Stare Miasto<\/a>*<\/strong> (<em>St\u0105giewna 26<\/em>): Sehr schickes Boutiquehotel in perfekter Lage mitten in der historischen Rechtstadt. Vom Hauptbahnhof ist das Hotel mit den Stra\u00dfenbahn-Linien 8 oder 9 (vier Stationen bis zur Haltestelle <em>Chmielna<\/em>) und einem kurzen Fu\u00dfweg gut erreichbar. Die Hauptsehensw\u00fcrdigkeiten im Zentrum mit vielen Lokalen und Gesch\u00e4ften sind nur wenige Schritte entfernt. Gro\u00dfe, moderne Zimmer mit ausgezeichnetem Bett, Bad mit Fu\u00dfbodenheizung, sehr ger\u00e4umiger Dusche und Pflegeprodukten von <em>Alba1913<\/em>. Schnelles WLAN, kostenlose Flasche Wasser pro Person, Safe, Klimaanlage (nicht abschaltbar, aber nicht st\u00f6rend), Multimedia-Steuerung \u00fcber ein Tablett. Fr\u00fchst\u00fcck nicht gebucht, Fitnessraum mit Sauna nicht genutzt. <em>Weiterempfehlung? <\/em><strong>JA!<\/strong><br \/>\n<strong>Auf meiner bevorzugten Hotelsuchmaschine booking.com findest du weitere <a href=\"https:\/\/www.booking.com\/searchresults.de.html?city=-501400&amp;aid=1634405&amp;no_rooms=1&amp;group_adults=2\" target=\"_blank\" rel=\"noopener\">sch\u00f6ne Unterk\u00fcnfte in Danzig<\/a>*.<\/strong><\/p>\n<div id='gallery-1' class='gallery galleryid-20292 gallery-columns-7 gallery-size-thumbnail'><figure class='gallery-item'>\n\t\t\t<div class='gallery-icon landscape'>\n\t\t\t\t<a href='https:\/\/coeser.de\/blog\/wp-content\/uploads\/2023\/07\/danzig-hotel-puro-gdansk-stare-miasto-01-christian-oeser.jpg' title=\"Au\u00dfenansicht des PURO Hotel Gda\u0144sk Stare Miasto in Danzig\" data-rl_title=\"Au\u00dfenansicht des PURO Hotel Gda\u0144sk Stare Miasto in Danzig\" class=\"rl-gallery-link\" data-rl_caption=\"Aufnahmeort anzeigen\" data-rel=\"lightbox-gallery-1\"><img loading=\"lazy\" decoding=\"async\" width=\"150\" height=\"150\" src=\"https:\/\/coeser.de\/blog\/wp-content\/uploads\/2023\/07\/danzig-hotel-puro-gdansk-stare-miasto-01-christian-oeser-150x150.jpg\" class=\"attachment-thumbnail size-thumbnail\" alt=\"Au\u00dfenansicht des PURO Hotel Gda\u0144sk Stare Miasto in Danzig\" aria-describedby=\"gallery-1-20280\" \/><\/a>\n\t\t\t<\/div>\n\t\t\t\t<figcaption class='wp-caption-text gallery-caption' id='gallery-1-20280'>\n\t\t\t\tAu\u00dfenansicht des PURO Hotel Gda\u0144sk Stare Miasto in Danzig\n\t\t\t\t<\/figcaption><\/figure><figure class='gallery-item'>\n\t\t\t<div class='gallery-icon landscape'>\n\t\t\t\t<a href='https:\/\/coeser.de\/blog\/wp-content\/uploads\/2023\/07\/danzig-hotel-puro-gdansk-stare-miasto-02-christian-oeser.jpg' title=\"Doppelzimmer im PURO Hotel Gda\u0144sk Stare Miasto in Danzig\" data-rl_title=\"Doppelzimmer im PURO Hotel Gda\u0144sk Stare Miasto in Danzig\" class=\"rl-gallery-link\" data-rl_caption=\"Aufnahmeort anzeigen\" data-rel=\"lightbox-gallery-1\"><img loading=\"lazy\" decoding=\"async\" width=\"150\" height=\"150\" src=\"https:\/\/coeser.de\/blog\/wp-content\/uploads\/2023\/07\/danzig-hotel-puro-gdansk-stare-miasto-02-christian-oeser-150x150.jpg\" class=\"attachment-thumbnail size-thumbnail\" alt=\"Doppelzimmer im PURO Hotel Gda\u0144sk Stare Miasto in Danzig\" aria-describedby=\"gallery-1-20281\" \/><\/a>\n\t\t\t<\/div>\n\t\t\t\t<figcaption class='wp-caption-text gallery-caption' id='gallery-1-20281'>\n\t\t\t\tDoppelzimmer im PURO Hotel Gda\u0144sk Stare Miasto in Danzig\n\t\t\t\t<\/figcaption><\/figure><figure class='gallery-item'>\n\t\t\t<div class='gallery-icon landscape'>\n\t\t\t\t<a href='https:\/\/coeser.de\/blog\/wp-content\/uploads\/2023\/07\/danzig-hotel-puro-gdansk-stare-miasto-03-christian-oeser.jpg' title=\"Doppelzimmer im PURO Hotel Gda\u0144sk Stare Miasto in Danzig\" data-rl_title=\"Doppelzimmer im PURO Hotel Gda\u0144sk Stare Miasto in Danzig\" class=\"rl-gallery-link\" data-rl_caption=\"Aufnahmeort anzeigen\" data-rel=\"lightbox-gallery-1\"><img loading=\"lazy\" decoding=\"async\" width=\"150\" height=\"150\" src=\"https:\/\/coeser.de\/blog\/wp-content\/uploads\/2023\/07\/danzig-hotel-puro-gdansk-stare-miasto-03-christian-oeser-150x150.jpg\" class=\"attachment-thumbnail size-thumbnail\" alt=\"Doppelzimmer im PURO Hotel Gda\u0144sk Stare Miasto in Danzig\" aria-describedby=\"gallery-1-20282\" \/><\/a>\n\t\t\t<\/div>\n\t\t\t\t<figcaption class='wp-caption-text gallery-caption' id='gallery-1-20282'>\n\t\t\t\tDoppelzimmer im PURO Hotel Gda\u0144sk Stare Miasto in Danzig\n\t\t\t\t<\/figcaption><\/figure><figure class='gallery-item'>\n\t\t\t<div class='gallery-icon landscape'>\n\t\t\t\t<a href='https:\/\/coeser.de\/blog\/wp-content\/uploads\/2023\/07\/danzig-hotel-puro-gdansk-stare-miasto-04-christian-oeser.jpg' title=\"Doppelzimmer im PURO Hotel Gda\u0144sk Stare Miasto in Danzig\" data-rl_title=\"Doppelzimmer im PURO Hotel Gda\u0144sk Stare Miasto in Danzig\" class=\"rl-gallery-link\" data-rl_caption=\"Aufnahmeort anzeigen\" data-rel=\"lightbox-gallery-1\"><img loading=\"lazy\" decoding=\"async\" width=\"150\" height=\"150\" src=\"https:\/\/coeser.de\/blog\/wp-content\/uploads\/2023\/07\/danzig-hotel-puro-gdansk-stare-miasto-04-christian-oeser-150x150.jpg\" class=\"attachment-thumbnail size-thumbnail\" alt=\"Doppelzimmer im PURO Hotel Gda\u0144sk Stare Miasto in Danzig\" aria-describedby=\"gallery-1-20283\" \/><\/a>\n\t\t\t<\/div>\n\t\t\t\t<figcaption class='wp-caption-text gallery-caption' id='gallery-1-20283'>\n\t\t\t\tDoppelzimmer im PURO Hotel Gda\u0144sk Stare Miasto in Danzig\n\t\t\t\t<\/figcaption><\/figure><figure class='gallery-item'>\n\t\t\t<div class='gallery-icon landscape'>\n\t\t\t\t<a href='https:\/\/coeser.de\/blog\/wp-content\/uploads\/2023\/07\/danzig-hotel-puro-gdansk-stare-miasto-05-christian-oeser.jpg' title=\"Doppelzimmer im PURO Hotel Gda\u0144sk Stare Miasto in Danzig\" data-rl_title=\"Doppelzimmer im PURO Hotel Gda\u0144sk Stare Miasto in Danzig\" class=\"rl-gallery-link\" data-rl_caption=\"Aufnahmeort anzeigen\" data-rel=\"lightbox-gallery-1\"><img loading=\"lazy\" decoding=\"async\" width=\"150\" height=\"150\" src=\"https:\/\/coeser.de\/blog\/wp-content\/uploads\/2023\/07\/danzig-hotel-puro-gdansk-stare-miasto-05-christian-oeser-150x150.jpg\" class=\"attachment-thumbnail size-thumbnail\" alt=\"Doppelzimmer im PURO Hotel Gda\u0144sk Stare Miasto in Danzig\" aria-describedby=\"gallery-1-20284\" \/><\/a>\n\t\t\t<\/div>\n\t\t\t\t<figcaption class='wp-caption-text gallery-caption' id='gallery-1-20284'>\n\t\t\t\tDoppelzimmer im PURO Hotel Gda\u0144sk Stare Miasto in Danzig\n\t\t\t\t<\/figcaption><\/figure><figure class='gallery-item'>\n\t\t\t<div class='gallery-icon landscape'>\n\t\t\t\t<a href='https:\/\/coeser.de\/blog\/wp-content\/uploads\/2023\/07\/danzig-hotel-puro-gdansk-stare-miasto-06-christian-oeser.jpg' title=\"Lobby im PURO Hotel Gda\u0144sk Stare Miasto in Danzig\" data-rl_title=\"Lobby im PURO Hotel Gda\u0144sk Stare Miasto in Danzig\" class=\"rl-gallery-link\" data-rl_caption=\"Aufnahmeort anzeigen\" data-rel=\"lightbox-gallery-1\"><img loading=\"lazy\" decoding=\"async\" width=\"150\" height=\"150\" src=\"https:\/\/coeser.de\/blog\/wp-content\/uploads\/2023\/07\/danzig-hotel-puro-gdansk-stare-miasto-06-christian-oeser-150x150.jpg\" class=\"attachment-thumbnail size-thumbnail\" alt=\"Lobby im PURO Hotel Gda\u0144sk Stare Miasto in Danzig\" aria-describedby=\"gallery-1-20285\" \/><\/a>\n\t\t\t<\/div>\n\t\t\t\t<figcaption class='wp-caption-text gallery-caption' id='gallery-1-20285'>\n\t\t\t\tLobby im PURO Hotel Gda\u0144sk Stare Miasto in Danzig\n\t\t\t\t<\/figcaption><\/figure><figure class='gallery-item'>\n\t\t\t<div class='gallery-icon landscape'>\n\t\t\t\t<a href='https:\/\/coeser.de\/blog\/wp-content\/uploads\/2023\/07\/danzig-hotel-puro-gdansk-stare-miasto-08-christian-oeser.jpg' title=\"Restaurant im PURO Hotel Gda\u0144sk Stare Miasto in Danzig\" data-rl_title=\"Restaurant im PURO Hotel Gda\u0144sk Stare Miasto in Danzig\" class=\"rl-gallery-link\" data-rl_caption=\"\" data-rel=\"lightbox-gallery-1\"><img loading=\"lazy\" decoding=\"async\" width=\"150\" height=\"150\" src=\"https:\/\/coeser.de\/blog\/wp-content\/uploads\/2023\/07\/danzig-hotel-puro-gdansk-stare-miasto-08-christian-oeser-150x150.jpg\" class=\"attachment-thumbnail size-thumbnail\" alt=\"Restaurant im PURO Hotel Gda\u0144sk Stare Miasto in Danzig\" aria-describedby=\"gallery-1-20347\" \/><\/a>\n\t\t\t<\/div>\n\t\t\t\t<figcaption class='wp-caption-text gallery-caption' id='gallery-1-20347'>\n\t\t\t\tRestaurant im PURO Hotel Gda\u0144sk Stare Miasto in Danzig\n\t\t\t\t<\/figcaption><\/figure>\n\t\t<\/div>\n\n<\/div>\n<div class=\"extern\">\n<h3>TRANSPARENZHINWEIS<\/h3>\n<p>*Die mit Stern gekennzeichneten Verweise in diesem Blogartikel sind sogenannte Affiliate-Links. Wenn dir mein Blogartikel bei der Planung deiner Reise geholfen hat, freue ich mich, wenn du \u00fcber diese Links deine Unterkunft oder Freizeitaktivit\u00e4ten buchst. Ich erhalte dadurch eine kleine Provision und du unterst\u00fctzt den Erhalt dieses Blogs. F\u00fcr dich entstehen dabei selbstverst\u00e4ndlich keine Nachteile. Vielen Dank! \ud83d\ude42<\/p>\n<\/div>\n<p>&nbsp;<\/p>\n<h2><img loading=\"lazy\" decoding=\"async\" class=\"alignnone size-full wp-image-20310\" src=\"https:\/\/coeser.de\/blog\/wp-content\/uploads\/2023\/07\/danzig-aufmacher1-uferpromenade-christian-oeser.jpg\" alt=\"Uferpromenade an der Mottlau in Danzig\" width=\"970\" height=\"323\" srcset=\"https:\/\/coeser.de\/blog\/wp-content\/uploads\/2023\/07\/danzig-aufmacher1-uferpromenade-christian-oeser.jpg 970w, https:\/\/coeser.de\/blog\/wp-content\/uploads\/2023\/07\/danzig-aufmacher1-uferpromenade-christian-oeser-768x256.jpg 768w\" sizes=\"auto, (max-width: 970px) 100vw, 970px\" \/><\/h2>\n<h2>Danzig, ein grandioses Reiseziel<\/h2>\n<p>Danzig ist eine \u00e4u\u00dferst attraktive Hafenstadt an der polnischen Ostsee und wartet mit einer angenehm \u00fcberschaubaren Anzahl an Attraktionen auf. Das Titelbild dieses Artikels zeigt dir bereits die Hauptsehensw\u00fcrdigkeit in Form des <strong>Hauptplatzes \u201eLanger Markt\u201c<\/strong>. Prunkvolle, detailreich und farbenfroh ausgestaltete Bauten aus dem 16. und 17. Jahrhundert (das sogenannte <strong>\u201eGoldene Zeitalter\u201c<\/strong> der Stadt) reihen sich aneinander und sorgen f\u00fcr staunende Blicke unter den Besucherinnen und Besuchern. Was du siehst, sind allerdings fast ausschlie\u00dflich Nachbauten, denn im Zweiten Weltkrieg wurden rund 90 Prozent der historischen Innenstadt zerst\u00f6rt. Die bewegende Geschichte dieses dunklen Kapitels und die kommunistische Zeit nach Kriegsende wird in <strong>zwei modernen Museen<\/strong> anschaulich und lehrreich aufgearbeitet.<\/p>\n<h3>Wundervolle Atmosph\u00e4re in Danzig<\/h3>\n<p>Die Lage von Danzig an der Ostsee sorgt f\u00fcr eine besondere Atmosph\u00e4re. Sowohl in der Stadt selbst als auch in den umliegenden Orten bist du schnell am Meer und kannst dich vom Sightseeing erholen. Besonders angetan waren meine Freundin und ich von der Architektur in der Rechtstadt nach fl\u00e4mischem Vorbild, dem Industriecharme rund um die Schifffahrtswerft und zahlreichen modernen Neubauten. Auffallend war die enorme Anzahl an gro\u00dfen Reisegruppen, die sich durch die Innenstadt schoben und mit Einbruch der Dunkelheit blitzartig wieder verschwanden \u2013 \u00e4hnlich wie in <a href=\"https:\/\/coeser.de\/blog\/index.php\/2019\/07\/30\/bruegge-ein-ort-zum-traeumen\/\" target=\"_blank\" rel=\"noopener\"><strong>Br\u00fcgge<\/strong> <\/a>oder <a href=\"https:\/\/coeser.de\/blog\/index.php\/2017\/02\/14\/der-karnevals-wahnsinn-von-venedig\/\" target=\"_blank\" rel=\"noopener\"><strong>Venedig<\/strong><\/a>. Das ist die beste Zeit f\u00fcr einen Abendspaziergang! Zwar sind immer noch gen\u00fcgend Menschen unterwegs, die Stimmung nahmen wir allerdings als angenehm ruhig und entspannt wahr. Nur noch die (nicht aufdringlichen) Keiler vor den Restaurants erinnerten daran, dass Danzig eine Touristenstadt ist.<\/p>\n<h3>Danzig zwischen Bernstein und Goldwasser<\/h3>\n<p>In Danzig leben rund 470.000 Menschen und die Stadt bildet gemeinsam mit dem <a href=\"https:\/\/coeser.de\/blog\/index.php\/2023\/08\/15\/sopot-und-orlowo-geniale-auszeit-am-meer\/\" target=\"_blank\" rel=\"noopener\"><strong>Nachbarort Sopot<\/strong><\/a> und der <a href=\"https:\/\/coeser.de\/blog\/index.php\/2023\/08\/29\/gdynia-perle-des-modernismus\/\" target=\"_blank\" rel=\"noopener\"><strong>Industriestadt Gdynia<\/strong><\/a> die sogenannte <strong>\u201eDreistadt\u201c (\u201eTrojmiasto\u201c)<\/strong>. Beide St\u00e4dte eignen sich perfekt f\u00fcr Tagesausfl\u00fcge von Danzig aus. Jede dieser Destinationen hat ihre Eigenheiten und Danzig bildet hier keine Ausnahme. An allen Ecken und Enden leuchten dir Schmuck und Souvenirs in Form von <strong>Bernstein<\/strong> entgegen, da die Stadt der historisch bedeutendste Handelsplatz f\u00fcr das \u201eGold der Ostsee\u201c genannte fossile Harz ist. Eine weitere Besonderheit ist das <strong>Danziger Goldwasser<\/strong>, ein 40-prozentiger Gew\u00fcrzlik\u00f6r mit kleinen Blattgoldpl\u00e4ttchen darin. Falls dir nach dem Essen ein g\u00fcnstiges Stamperl polnischer Wodka zu \u201ebillig\u201c ist, gibt es also eine au\u00dfergew\u00f6hnliche Alternative!<\/p>\n<hr \/>\n<h2><img loading=\"lazy\" decoding=\"async\" class=\"alignnone size-full wp-image-20311\" src=\"https:\/\/coeser.de\/blog\/wp-content\/uploads\/2023\/07\/danzig-aufmacher2-bahnhof-christian-oeser.jpg\" alt=\"Zug EC 106 Sobieski im Hauptbahnhof Danzig\" width=\"970\" height=\"323\" srcset=\"https:\/\/coeser.de\/blog\/wp-content\/uploads\/2023\/07\/danzig-aufmacher2-bahnhof-christian-oeser.jpg 970w, https:\/\/coeser.de\/blog\/wp-content\/uploads\/2023\/07\/danzig-aufmacher2-bahnhof-christian-oeser-768x256.jpg 768w\" sizes=\"auto, (max-width: 970px) 100vw, 970px\" \/><\/h2>\n<h2>Anreise nach Danzig<\/h2>\n<p>Von unserer Heimatstadt Wien aus ist es ein sch\u00f6nes St\u00fcck an die polnische Ostsee. Fr\u00fcher h\u00e4tten wir ohne nachzudenken auf das Flugzeug zur\u00fcckgegriffen. Seit einiger Zeit legen meine Freundin und ich aber gro\u00dfen Wert auf das Reisen mit dem Zug. Der \u00f6kologische Fu\u00dfabdruck steht dabei zwar auch im Fokus, in erster Linie genie\u00dfen wir aber die (meistens) stressfreie Fahrt, auch wenn diese deutlich l\u00e4nger dauert. Vom Hauptbahnhof Wien verkehrt einmal t\u00e4glich um 6:10 Uhr (Stand 2023) der <em>EC 106 Sobieski<\/em> direkt nach Danzig und noch ein St\u00fcck weiter bis nach Gdynia. Buchst du fr\u00fch genug, kannst du mittels Sparschiene einen attraktiven Preis ergattern. Da ein Ticket f\u00fcr die Hinfahrt in der 1. Klasse recht g\u00fcnstig war, leisteten wir uns diese Option. Die R\u00fcckfahrt lie\u00dfen wir zu diesem Zeitpunkt noch offen, weil wir nach Danzig flexibel eine weitere Destination in Polen ansteuern wollten \u2013 mehr dazu in meinem Artikel <strong><a href=\"https:\/\/coeser.de\/blog\/index.php\/2023\/09\/05\/posen-ziegen-und-croissants\/\" target=\"_blank\" rel=\"noopener\">Posen: Zwischen Ziegen und Croissants<\/a><\/strong>.<\/p>\n<h3>Wie viele Tage in Danzig bleiben?<\/h3>\n<p>Meine Freundin und ich legten unseren St\u00e4dteurlaub in Danzig mit gleich f\u00fcnf Tagen (einer davon f\u00fcr die Anreise) sehr gro\u00dfz\u00fcgig an. Das erm\u00f6glichte es uns, sowohl das historische Zentrum der Hafenstadt als auch Bereiche weiter au\u00dferhalb der Innenstadt gem\u00fctlich zu erkunden. Zus\u00e4tzlich gingen sich noch zwei Ausfl\u00fcge aus: das direkt an Danzig angrenzende <a href=\"https:\/\/coeser.de\/blog\/index.php\/2023\/08\/15\/sopot-und-orlowo-geniale-auszeit-am-meer\/\" target=\"_blank\" rel=\"noopener\"><strong>Sopot<\/strong><\/a> l\u00e4dt mit seinem langen Strand und der Urlaubsatmosph\u00e4re zu einem Tagestrip ein und noch ein St\u00fcck weiter wartet mit der jungen Stadt <a href=\"https:\/\/coeser.de\/blog\/index.php\/2023\/08\/29\/gdynia-perle-des-modernismus\/\" target=\"_blank\" rel=\"noopener\"><strong>Gdynia<\/strong><\/a> eine geschichtlich sehr spannende Destination \u2013 vor allem wenn du dich f\u00fcr die Architektur der Moderne interessierst. Ein hilfreicher Anhaltspunkt: willst du nur planlos durch die Stadt schlendern und die Atmosph\u00e4re genie\u00dfen, dann reichen zwei Tage aus. Sobald du aber auch Museen ansehen und dich intensiver mit Danzig besch\u00e4ftigen willst, nimm dir mindestens drei volle Tage Zeit!<\/p>\n<hr \/>\n<div class=\"tipps\">\n<h2>TIPP: Weitere Artikel \u00fcber Polen<\/h2>\n<p>Danzig besuchten wir im Zuge einer neunt\u00e4gigen Zugreise nach Polen, w\u00e4hrend der wir auch ausf\u00fchrlich die St\u00e4dte Sopot, Gdynia und Posen besichtigten. Alle Artikel dazu und weitere Reiseberichte aus Polen auf meinem Blog findest du nachfolgend:<\/p>\n<p><strong><a href=\"https:\/\/coeser.de\/blog\/index.php\/2023\/08\/15\/sopot-und-orlowo-geniale-auszeit-am-meer\/\" target=\"_blank\" rel=\"noopener\">Sopot und Or\u0142owo: Geniale Auszeit am Meer<\/a><\/strong><\/p>\n<p><a href=\"https:\/\/coeser.de\/blog\/index.php\/2023\/08\/29\/gdynia-perle-des-modernismus\/\" target=\"_blank\" rel=\"noopener\"><strong>Gdynia: Die Perle des Modernismus<\/strong><\/a><\/p>\n<p><a href=\"https:\/\/coeser.de\/blog\/index.php\/2023\/09\/05\/posen-ziegen-und-croissants\/\" target=\"_blank\" rel=\"noopener\"><strong>Posen: Zwischen Ziegen und Croissants<\/strong><\/a><\/p>\n<p><strong><a href=\"https:\/\/coeser.de\/blog\/index.php\/2017\/03\/07\/warschau-polens-unzerstoerbare-stadt\/\" target=\"_blank\" rel=\"noopener\">Warschau: Polens unzerst\u00f6rbare Stadt<\/a><\/strong><\/p>\n<p><strong><a href=\"https:\/\/coeser.de\/blog\/index.php\/2017\/01\/10\/48-stunden-krakau-kirchen-wodka-und-pierogi\/\" target=\"_blank\" rel=\"noopener\">Krakau: Kirchen, Wodka und Pierogi<\/a><\/strong><\/p>\n<p><strong><a href=\"https:\/\/coeser.de\/blog\/index.php\/2020\/01\/28\/krakau-das-salzbergwerk-wieliczka\/\" target=\"_blank\" rel=\"noopener\">Krakau: Das Salzbergwerk Wieliczka<\/a><\/strong><\/p>\n<\/div>\n<p>&nbsp;<\/p>\n<hr \/>\n<h2><img loading=\"lazy\" decoding=\"async\" class=\"alignnone size-full wp-image-20312\" src=\"https:\/\/coeser.de\/blog\/wp-content\/uploads\/2023\/07\/danzig-aufmacher3-langer-markt-patrizierhaeuser-christian-oeser.jpg\" alt=\"Patrizierh\u00e4user auf dem Langen Markt in Danzig\" width=\"970\" height=\"323\" srcset=\"https:\/\/coeser.de\/blog\/wp-content\/uploads\/2023\/07\/danzig-aufmacher3-langer-markt-patrizierhaeuser-christian-oeser.jpg 970w, https:\/\/coeser.de\/blog\/wp-content\/uploads\/2023\/07\/danzig-aufmacher3-langer-markt-patrizierhaeuser-christian-oeser-768x256.jpg 768w\" sizes=\"auto, (max-width: 970px) 100vw, 970px\" \/><\/h2>\n<h2>Die 10 besten Sehensw\u00fcrdigkeiten in Danzig<\/h2>\n<p>Nachfolgend stelle ich dir meine pers\u00f6nlichen Eindr\u00fccke und Fotos der wichtigsten Attraktionen in Danzig vor. Auf eine kleine Besonderheit m\u00f6chte ich dich noch hinweisen: In Danzig gibt es zwar einen Ortsteil namens <strong>Altstadt<\/strong>, die historischen Geb\u00e4ude und Sehensw\u00fcrdigkeiten sind allerdings fast ausschlie\u00dflich in der daneben befindlichen <strong>Rechtstadt<\/strong> zu finden. Wenn du also wie meine Freundin und ich ein <strong><a href=\"https:\/\/www.booking.com\/searchresults.de.html?city=-501400&amp;aid=1634405&amp;no_rooms=1&amp;group_adults=2\" target=\"_blank\" rel=\"noopener\">zentral gelegenes Hotel in Danzig<\/a>*<\/strong> buchen willst, dann achte auf diesen Umstand.<\/p>\n<hr \/>\n<h2>1) Der Danziger K\u00f6nigsweg<\/h2>\n<p>Das Zentrum und aus touristischer Sicht der wichtigste Bereich in Danzig ist der <strong>historische K\u00f6nigsweg<\/strong> im Herzen der Rechtstadt. Auf einer L\u00e4nge von rund 500 Metern reihen sich entlang der Fu\u00dfg\u00e4ngerzone <strong>ulica D\u0142uga (Lange Gasse)<\/strong> die sch\u00f6nsten Bauwerke sowie Patrizierh\u00e4user aneinander und verleihen dem Ort eine magische Atmosph\u00e4re, ganz besonders in der D\u00e4mmerung. Gehst du den Weg von Westen nach Osten, durchschreitest du zuerst das <strong>Hohe Tor (Brama Wy\u017cynna)<\/strong>, gleich danach den <strong>Stockturm (Zesp\u00f3\u0142 Przedbramia)<\/strong> \u2013 in dem sich heute das Bernsteinmuseum befindet \u2013 und schlie\u00dflich das wundersch\u00f6ne <strong>Goldene Tor\/Langgasser Tor (Z\u0142ota\/D\u0142ugouliczna Brama)<\/strong>. Bereits am Anfang der Besichtigungstour wird deine Kamera oder dein Smartphone gl\u00fchen, denn die Fotomotive stehen hier Schlange. Aber es wird noch besser!<\/p>\n<h3>Buntes Treiben am Langen Markt<\/h3>\n<p>Du befindest dich nun auf der <strong>ulica D\u0142uga<\/strong> und gelangst bald zum <strong>Langen Markt (D\u0142ugi Targ)<\/strong>, wo sich mit dem <strong>Rathaus der Rechtstadt<\/strong> (<strong>Ratusz G\u0142\u00f3wnego Miasta<\/strong>, siehe auch Punkt 2), dem <strong>Neptunbrunnen (Fontanna Neptuna)<\/strong> und dem <strong>Artushof (Dw\u00f3r Artusa)<\/strong> die wichtigsten Sehensw\u00fcrdigkeiten von Danzig befinden. Durch das<strong> Gr\u00fcne Tor (Zielona Brama w Gda\u0144sku)<\/strong> verl\u00e4sst du den K\u00f6nigsweg wieder und st\u00f6\u00dft zur Uferpromenade der Mottlau vor (siehe Punkt 3). Meine Freundin und ich waren w\u00e4hrend unseres Aufenthalts in Danzig mehrmals zu jeder Tageszeit am K\u00f6nigsweg und jedes Mal vollkommen begeistert. Unz\u00e4hlige Lokale mit Gastg\u00e4rten laden dazu ein, sich einfach hinzusetzen und bei einem k\u00fchlen Getr\u00e4nk das Treiben zu beobachten. Insbesondere abends, wenn die vielen Tagestouristengruppen weg sind, ist die Stimmung einmalig!<\/p>\n<figure id=\"attachment_20376\" class=\"thumbnail wp-caption alignnone\" style=\"width: 970px\"><img loading=\"lazy\" decoding=\"async\" class=\"wp-image-20376 size-full\" src=\"https:\/\/coeser.de\/blog\/wp-content\/uploads\/2023\/07\/danzig-koenigsweg-01-hohes-tor-christian-oeser.jpg\" alt=\"Blick auf das Hohe Tor, den Stockturm und dahinter das Goldene Tor in Danzig\" width=\"960\" height=\"640\" srcset=\"https:\/\/coeser.de\/blog\/wp-content\/uploads\/2023\/07\/danzig-koenigsweg-01-hohes-tor-christian-oeser.jpg 960w, https:\/\/coeser.de\/blog\/wp-content\/uploads\/2023\/07\/danzig-koenigsweg-01-hohes-tor-christian-oeser-768x512.jpg 768w, https:\/\/coeser.de\/blog\/wp-content\/uploads\/2023\/07\/danzig-koenigsweg-01-hohes-tor-christian-oeser-330x220.jpg 330w\" sizes=\"auto, (max-width: 960px) 100vw, 960px\" \/><figcaption class=\"caption wp-caption-text\">Blick auf das Hohe Tor, den Stockturm und dahinter das Goldene Tor in Danzig<br \/><a href=\"https:\/\/www.google.de\/maps\/place\/54.34960133029693,18.645040973446456\" target=\"_blank\" rel=\"noopener\">Aufnahmeort anzeigen<\/a><\/figcaption><\/figure>\n<figure id=\"attachment_20377\" class=\"thumbnail wp-caption alignnone\" style=\"width: 970px\"><img loading=\"lazy\" decoding=\"async\" class=\"wp-image-20377 size-full\" src=\"https:\/\/coeser.de\/blog\/wp-content\/uploads\/2023\/07\/danzig-koenigsweg-02-goldenes-tor-christian-oeser.jpg\" alt=\"Blick von der Langen Gasse auf das Goldene Tor und den Stockturm in Danzig\" width=\"960\" height=\"640\" srcset=\"https:\/\/coeser.de\/blog\/wp-content\/uploads\/2023\/07\/danzig-koenigsweg-02-goldenes-tor-christian-oeser.jpg 960w, https:\/\/coeser.de\/blog\/wp-content\/uploads\/2023\/07\/danzig-koenigsweg-02-goldenes-tor-christian-oeser-768x512.jpg 768w, https:\/\/coeser.de\/blog\/wp-content\/uploads\/2023\/07\/danzig-koenigsweg-02-goldenes-tor-christian-oeser-330x220.jpg 330w\" sizes=\"auto, (max-width: 960px) 100vw, 960px\" \/><figcaption class=\"caption wp-caption-text\">Der umgekehrte Blick von der Langen Gasse auf das Goldene Tor und den Stockturm<br \/><a href=\"https:\/\/www.google.de\/maps\/place\/54.34888327500682,18.651967837596537\" target=\"_blank\" rel=\"noopener\">Aufnahmeort anzeigen<\/a><\/figcaption><\/figure>\n<figure id=\"attachment_20378\" class=\"thumbnail wp-caption alignnone\" style=\"width: 970px\"><img loading=\"lazy\" decoding=\"async\" class=\"wp-image-20378 size-full\" src=\"https:\/\/coeser.de\/blog\/wp-content\/uploads\/2023\/07\/danzig-koenigsweg-03-lange-gasse-christian-oeser.jpg\" alt=\"Die Lange Gasse und das Rechtst\u00e4dtische Rathaus in Danzig\" width=\"960\" height=\"640\" srcset=\"https:\/\/coeser.de\/blog\/wp-content\/uploads\/2023\/07\/danzig-koenigsweg-03-lange-gasse-christian-oeser.jpg 960w, https:\/\/coeser.de\/blog\/wp-content\/uploads\/2023\/07\/danzig-koenigsweg-03-lange-gasse-christian-oeser-768x512.jpg 768w, https:\/\/coeser.de\/blog\/wp-content\/uploads\/2023\/07\/danzig-koenigsweg-03-lange-gasse-christian-oeser-330x220.jpg 330w\" sizes=\"auto, (max-width: 960px) 100vw, 960px\" \/><figcaption class=\"caption wp-caption-text\">Die Lange Gasse ist eine fantastische Fu\u00dfg\u00e4ngezone in Danzig<br \/><a href=\"https:\/\/www.google.de\/maps\/place\/54.34936493403742,18.649611089384738\" target=\"_blank\" rel=\"noopener\">Aufnahmeort anzeigen<\/a><\/figcaption><\/figure>\n<figure id=\"attachment_20379\" class=\"thumbnail wp-caption alignnone\" style=\"width: 970px\"><img loading=\"lazy\" decoding=\"async\" class=\"wp-image-20379 size-full\" src=\"https:\/\/coeser.de\/blog\/wp-content\/uploads\/2023\/07\/danzig-koenigsweg-04-neptunbrunnen-artushof-christian-oeser.jpg\" alt=\"Der Neptunbrunnen vor dem Rathaus und dem Artushof in Danzig\" width=\"960\" height=\"640\" srcset=\"https:\/\/coeser.de\/blog\/wp-content\/uploads\/2023\/07\/danzig-koenigsweg-04-neptunbrunnen-artushof-christian-oeser.jpg 960w, https:\/\/coeser.de\/blog\/wp-content\/uploads\/2023\/07\/danzig-koenigsweg-04-neptunbrunnen-artushof-christian-oeser-768x512.jpg 768w, https:\/\/coeser.de\/blog\/wp-content\/uploads\/2023\/07\/danzig-koenigsweg-04-neptunbrunnen-artushof-christian-oeser-330x220.jpg 330w\" sizes=\"auto, (max-width: 960px) 100vw, 960px\" \/><figcaption class=\"caption wp-caption-text\">Der Neptunbrunnen vor dem Rathaus und dem Artushof in Danzig<br \/><a href=\"https:\/\/www.google.de\/maps\/place\/54.34850639666616,18.653233305377636\" target=\"_blank\" rel=\"noopener\">Aufnahmeort anzeigen<\/a><\/figcaption><\/figure>\n<figure id=\"attachment_20380\" class=\"thumbnail wp-caption alignnone\" style=\"width: 970px\"><img loading=\"lazy\" decoding=\"async\" class=\"wp-image-20380 size-full\" src=\"https:\/\/coeser.de\/blog\/wp-content\/uploads\/2023\/07\/danzig-koenigsweg-05-langer-markt-christian-oeser.jpg\" alt=\"Die rekonstruierten historischen Patrizierh\u00e4user auf dem Langen Markt in Danzig\" width=\"960\" height=\"640\" srcset=\"https:\/\/coeser.de\/blog\/wp-content\/uploads\/2023\/07\/danzig-koenigsweg-05-langer-markt-christian-oeser.jpg 960w, https:\/\/coeser.de\/blog\/wp-content\/uploads\/2023\/07\/danzig-koenigsweg-05-langer-markt-christian-oeser-768x512.jpg 768w, https:\/\/coeser.de\/blog\/wp-content\/uploads\/2023\/07\/danzig-koenigsweg-05-langer-markt-christian-oeser-330x220.jpg 330w\" sizes=\"auto, (max-width: 960px) 100vw, 960px\" \/><figcaption class=\"caption wp-caption-text\">Die rekonstruierten historischen Patrizierh\u00e4user auf dem Langen Markt in Danzig<br \/><a href=\"https:\/\/www.google.de\/maps\/place\/54.34856832765872,18.6531614657269\" target=\"_blank\" rel=\"noopener\">Aufnahmeort anzeigen<\/a><\/figcaption><\/figure>\n<figure id=\"attachment_20381\" class=\"thumbnail wp-caption alignnone\" style=\"width: 970px\"><img loading=\"lazy\" decoding=\"async\" class=\"wp-image-20381 size-full\" src=\"https:\/\/coeser.de\/blog\/wp-content\/uploads\/2023\/07\/danzig-koenigsweg-06-langer-markt-rathaus-christian-oeser.jpg\" alt=\"Bogen des Gr\u00fcnen Tors mit dem Rechtst\u00e4dtischen Rathaus von Danzig\" width=\"960\" height=\"640\" srcset=\"https:\/\/coeser.de\/blog\/wp-content\/uploads\/2023\/07\/danzig-koenigsweg-06-langer-markt-rathaus-christian-oeser.jpg 960w, https:\/\/coeser.de\/blog\/wp-content\/uploads\/2023\/07\/danzig-koenigsweg-06-langer-markt-rathaus-christian-oeser-768x512.jpg 768w, https:\/\/coeser.de\/blog\/wp-content\/uploads\/2023\/07\/danzig-koenigsweg-06-langer-markt-rathaus-christian-oeser-330x220.jpg 330w\" sizes=\"auto, (max-width: 960px) 100vw, 960px\" \/><figcaption class=\"caption wp-caption-text\">Die B\u00f6gen des Gr\u00fcnen Tors bieten dieses Fotomotiv mit dem Rechtst\u00e4dtischen Rathaus von Danzig<br \/><a href=\"https:\/\/www.google.de\/maps\/place\/54.34793485841932,18.65576230762909\" target=\"_blank\" rel=\"noopener\">Aufnahmeort anzeigen<\/a><\/figcaption><\/figure>\n<figure id=\"attachment_20382\" class=\"thumbnail wp-caption alignnone\" style=\"width: 970px\"><img loading=\"lazy\" decoding=\"async\" class=\"wp-image-20382 size-full\" src=\"https:\/\/coeser.de\/blog\/wp-content\/uploads\/2023\/07\/danzig-koenigsweg-07-gruenes-tor-christian-oeser.jpg\" alt=\"Gr\u00fcnes Tor und Uferpromenade der Mottlau in Danzig\" width=\"960\" height=\"640\" srcset=\"https:\/\/coeser.de\/blog\/wp-content\/uploads\/2023\/07\/danzig-koenigsweg-07-gruenes-tor-christian-oeser.jpg 960w, https:\/\/coeser.de\/blog\/wp-content\/uploads\/2023\/07\/danzig-koenigsweg-07-gruenes-tor-christian-oeser-768x512.jpg 768w, https:\/\/coeser.de\/blog\/wp-content\/uploads\/2023\/07\/danzig-koenigsweg-07-gruenes-tor-christian-oeser-330x220.jpg 330w\" sizes=\"auto, (max-width: 960px) 100vw, 960px\" \/><figcaption class=\"caption wp-caption-text\">Das Gr\u00fcne Tor bildet den Abschluss des K\u00f6nigswegs und m\u00fcndet in die Uferpromenade der Mottlau<br \/><a href=\"https:\/\/www.google.de\/maps\/place\/54.34767547744314,18.656565941057934\" target=\"_blank\" rel=\"noopener\">Aufnahmeort anzeigen<\/a><\/figcaption><\/figure>\n<hr \/>\n<h2>2) Das Rechtst\u00e4dtische Rathaus<\/h2>\n<p>Das auff\u00e4lligste Geb\u00e4ude auf dem Langen Markt ist das <strong>Rechtst\u00e4dtische Rathaus (Ratusz G\u0142\u00f3wnego Miasta)<\/strong> mit seinem 83 Meter hohen Turm. Einen Besuch solltest du unbedingt einplanen, denn im Inneren findest du gleich zwei Attraktionen vor. Das <strong>Stadtmuseum (Muzeum Gda\u0144ska)<\/strong> besteht aus den wundersch\u00f6nen R\u00e4umen des Rathauses, einer tempor\u00e4ren Ausstellungsfl\u00e4che und einem kleinen Bereich mit historischen Aufnahmen aus Danzig nach dem Krieg. Wenn du dir hier die Bilder der komplett zerst\u00f6rten Innenstadt ansiehst, ist es schwer vorstellbar, wie der Wiederaufbau gelingen konnte und heute optisch nichts mehr an die dunkle Zeit erinnert. Am Ende der Ausstellung geht es \u00fcber eine nicht enden wollende Treppe hinauf auf den <strong>Turm des Rathauses<\/strong>, wo du eine fantastische Aussicht in alle Himmelsrichtungen genie\u00dfen kannst. Tickets f\u00fcr Museum und Turm erh\u00e4ltst du beim Eingang rechts in einem kleinen Nebenraum.<\/p>\n<figure id=\"attachment_20373\" class=\"thumbnail wp-caption alignnone\" style=\"width: 970px\"><img loading=\"lazy\" decoding=\"async\" class=\"wp-image-20373 size-full\" src=\"https:\/\/coeser.de\/blog\/wp-content\/uploads\/2023\/07\/danzig-rathaus-rechtstadt-01-christian-oeser.jpg\" alt=\"Rechtst\u00e4dtisches Rathaus auf dem Langen Markt in Danzig\" width=\"960\" height=\"640\" srcset=\"https:\/\/coeser.de\/blog\/wp-content\/uploads\/2023\/07\/danzig-rathaus-rechtstadt-01-christian-oeser.jpg 960w, https:\/\/coeser.de\/blog\/wp-content\/uploads\/2023\/07\/danzig-rathaus-rechtstadt-01-christian-oeser-768x512.jpg 768w, https:\/\/coeser.de\/blog\/wp-content\/uploads\/2023\/07\/danzig-rathaus-rechtstadt-01-christian-oeser-330x220.jpg 330w\" sizes=\"auto, (max-width: 960px) 100vw, 960px\" \/><figcaption class=\"caption wp-caption-text\">Ein echter Blickfang: das Rechtst\u00e4dtische Rathaus auf dem Langen Markt in Danzig<br \/><a href=\"https:\/\/www.google.de\/maps\/place\/54.3488023297479,18.65268652161118\" target=\"_blank\" rel=\"noopener\">Aufnahmeort anzeigen<\/a><\/figcaption><\/figure>\n<figure id=\"attachment_20374\" class=\"thumbnail wp-caption alignnone\" style=\"width: 970px\"><img loading=\"lazy\" decoding=\"async\" class=\"wp-image-20374 size-full\" src=\"https:\/\/coeser.de\/blog\/wp-content\/uploads\/2023\/07\/danzig-rathaus-rechtstadt-02-christian-oeser.jpg\" alt=\"Prunkvoller Raum im Rechtst\u00e4dtischen Rathaus in Danzig\" width=\"960\" height=\"640\" srcset=\"https:\/\/coeser.de\/blog\/wp-content\/uploads\/2023\/07\/danzig-rathaus-rechtstadt-02-christian-oeser.jpg 960w, https:\/\/coeser.de\/blog\/wp-content\/uploads\/2023\/07\/danzig-rathaus-rechtstadt-02-christian-oeser-768x512.jpg 768w, https:\/\/coeser.de\/blog\/wp-content\/uploads\/2023\/07\/danzig-rathaus-rechtstadt-02-christian-oeser-330x220.jpg 330w\" sizes=\"auto, (max-width: 960px) 100vw, 960px\" \/><figcaption class=\"caption wp-caption-text\">Du kannst die R\u00e4ume des Rechtst\u00e4dtisches Rathaus auch besichtigen<br \/><a href=\"https:\/\/www.google.de\/maps\/place\/54.3488023297479,18.65268652161118\" target=\"_blank\" rel=\"noopener\">Aufnahmeort anzeigen<\/a><\/figcaption><\/figure>\n<figure id=\"attachment_20375\" class=\"thumbnail wp-caption alignnone\" style=\"width: 970px\"><img loading=\"lazy\" decoding=\"async\" class=\"wp-image-20375 size-full\" src=\"https:\/\/coeser.de\/blog\/wp-content\/uploads\/2023\/07\/danzig-rathaus-rechtstadt-03-aussichtsturm-christian-oeser.jpg\" alt=\"Ausblick vom Turm des Rechtst\u00e4dtischen Rathauses in Danzig\" width=\"960\" height=\"390\" srcset=\"https:\/\/coeser.de\/blog\/wp-content\/uploads\/2023\/07\/danzig-rathaus-rechtstadt-03-aussichtsturm-christian-oeser.jpg 960w, https:\/\/coeser.de\/blog\/wp-content\/uploads\/2023\/07\/danzig-rathaus-rechtstadt-03-aussichtsturm-christian-oeser-768x312.jpg 768w\" sizes=\"auto, (max-width: 960px) 100vw, 960px\" \/><figcaption class=\"caption wp-caption-text\">Vom Turm des Rathauses in Danzig \u00fcberblickst du die ganze Stadt, hier in Richtung Marienkirche<br \/><a href=\"https:\/\/www.google.de\/maps\/place\/54.3488023297479,18.65268652161118\" target=\"_blank\" rel=\"noopener\">Aufnahmeort anzeigen<\/a><\/figcaption><\/figure>\n<hr \/>\n<h2>3) Uferpromenade und Krantor<\/h2>\n<p>Die <strong>Uferpromenade am Mottlau-Fluss<\/strong> ist ein herrlicher Ort zum Flanieren, Fotografieren, Essen, Trinken und Schauen. Fr\u00fcher legten hier die Handelsschiffe an und man kann sich bildlich vorstellen, welches rege Treiben geherrscht haben muss. Die prachtvollen H\u00e4userzeilen bieten auf beiden Seiten gro\u00dfartige Fotomotive mit Patrizierh\u00e4usern und modernen Bauten, welche die historische Bauform aufnehmen und stilvoll fortf\u00fchren. Das <strong>Krantor (Stary \u017curaw portowy)<\/strong> sticht optisch stark hervor und ist ein weiteres Wahrzeichen von Danzig. Es handelt sich um einen wiederaufgebauten Hafenkran aus dem 15. Jahrhundert, der heute Teil des Maritimen Museums ist. Zum Zeitpunkt unseres Besuchs war das Krantor wegen einer Renovierung allerdings komplett einger\u00fcstet und geschlossen.<\/p>\n<figure id=\"attachment_20368\" class=\"thumbnail wp-caption alignnone\" style=\"width: 970px\"><img loading=\"lazy\" decoding=\"async\" class=\"wp-image-20368 size-full\" src=\"https:\/\/coeser.de\/blog\/wp-content\/uploads\/2023\/07\/danzig-uferpromenade-01-christian-oeser.jpg\" alt=\"Uferpromenade an der Mottlau in Danzig\" width=\"960\" height=\"640\" srcset=\"https:\/\/coeser.de\/blog\/wp-content\/uploads\/2023\/07\/danzig-uferpromenade-01-christian-oeser.jpg 960w, https:\/\/coeser.de\/blog\/wp-content\/uploads\/2023\/07\/danzig-uferpromenade-01-christian-oeser-768x512.jpg 768w, https:\/\/coeser.de\/blog\/wp-content\/uploads\/2023\/07\/danzig-uferpromenade-01-christian-oeser-330x220.jpg 330w\" sizes=\"auto, (max-width: 960px) 100vw, 960px\" \/><figcaption class=\"caption wp-caption-text\">Die Uferpromenade an der Mottlau ist ein Ort zum Wohlf\u00fchlen in Danzig<br \/><a href=\"https:\/\/www.google.de\/maps\/place\/54.349763623389,18.65758108366613\" target=\"_blank\" rel=\"noopener\">Aufnahmeort anzeigen<\/a><\/figcaption><\/figure>\n<figure id=\"attachment_20369\" class=\"thumbnail wp-caption alignnone\" style=\"width: 970px\"><img loading=\"lazy\" decoding=\"async\" class=\"wp-image-20369 size-full\" src=\"https:\/\/coeser.de\/blog\/wp-content\/uploads\/2023\/07\/danzig-uferpromenade-02-christian-oeser.jpg\" alt=\"H\u00e4userzeile an der Uferpromenade in Danzig\" width=\"960\" height=\"640\" srcset=\"https:\/\/coeser.de\/blog\/wp-content\/uploads\/2023\/07\/danzig-uferpromenade-02-christian-oeser.jpg 960w, https:\/\/coeser.de\/blog\/wp-content\/uploads\/2023\/07\/danzig-uferpromenade-02-christian-oeser-768x512.jpg 768w, https:\/\/coeser.de\/blog\/wp-content\/uploads\/2023\/07\/danzig-uferpromenade-02-christian-oeser-330x220.jpg 330w\" sizes=\"auto, (max-width: 960px) 100vw, 960px\" \/><figcaption class=\"caption wp-caption-text\">Die H\u00e4userzeilen an der Uferpromenade laden zu einer ausgiebigen Fototour ein<br \/><a href=\"https:\/\/www.google.de\/maps\/place\/54.349965651709404,18.65817995779819\" target=\"_blank\" rel=\"noopener\">Aufnahmeort anzeigen<\/a><\/figcaption><\/figure>\n<figure id=\"attachment_20370\" class=\"thumbnail wp-caption alignnone\" style=\"width: 970px\"><img loading=\"lazy\" decoding=\"async\" class=\"wp-image-20370 size-full\" src=\"https:\/\/coeser.de\/blog\/wp-content\/uploads\/2023\/07\/danzig-uferpromenade-03-christian-oeser.jpg\" alt=\"Das Krantor, eine der Hauptsehensw\u00fcrdigkeiten in Danzig\" width=\"960\" height=\"640\" srcset=\"https:\/\/coeser.de\/blog\/wp-content\/uploads\/2023\/07\/danzig-uferpromenade-03-christian-oeser.jpg 960w, https:\/\/coeser.de\/blog\/wp-content\/uploads\/2023\/07\/danzig-uferpromenade-03-christian-oeser-768x512.jpg 768w, https:\/\/coeser.de\/blog\/wp-content\/uploads\/2023\/07\/danzig-uferpromenade-03-christian-oeser-330x220.jpg 330w\" sizes=\"auto, (max-width: 960px) 100vw, 960px\" \/><figcaption class=\"caption wp-caption-text\">Das Krantor ist eine der Hauptsehensw\u00fcrdigkeiten in Danzig<br \/><a href=\"https:\/\/www.google.de\/maps\/place\/54.349965651709404,18.65817995779819\" target=\"_blank\" rel=\"noopener\">Aufnahmeort anzeigen<\/a><\/figcaption><\/figure>\n<figure id=\"attachment_20371\" class=\"thumbnail wp-caption alignnone\" style=\"width: 970px\"><img loading=\"lazy\" decoding=\"async\" class=\"wp-image-20371 size-full\" src=\"https:\/\/coeser.de\/blog\/wp-content\/uploads\/2023\/07\/danzig-uferpromenade-04-christian-oeser.jpg\" alt=\"Historisches Schiff an der Uferpromenade in Danzig\" width=\"960\" height=\"640\" srcset=\"https:\/\/coeser.de\/blog\/wp-content\/uploads\/2023\/07\/danzig-uferpromenade-04-christian-oeser.jpg 960w, https:\/\/coeser.de\/blog\/wp-content\/uploads\/2023\/07\/danzig-uferpromenade-04-christian-oeser-768x512.jpg 768w, https:\/\/coeser.de\/blog\/wp-content\/uploads\/2023\/07\/danzig-uferpromenade-04-christian-oeser-330x220.jpg 330w\" sizes=\"auto, (max-width: 960px) 100vw, 960px\" \/><figcaption class=\"caption wp-caption-text\">Zahlreiche sch\u00f6ne Fleckchen laden auf der Uferpromenade in Danzig zum Verweilen ein<br \/><a href=\"https:\/\/www.google.de\/maps\/place\/54.354474828346014,18.6617834133623\" target=\"_blank\" rel=\"noopener\">Aufnahmeort anzeigen<\/a><\/figcaption><\/figure>\n<figure id=\"attachment_20372\" class=\"thumbnail wp-caption alignnone\" style=\"width: 970px\"><img loading=\"lazy\" decoding=\"async\" class=\"wp-image-20372 size-full\" src=\"https:\/\/coeser.de\/blog\/wp-content\/uploads\/2023\/07\/danzig-uferpromenade-05-christian-oeser.jpg\" alt=\"Beleuchtete H\u00e4user auf der Uferpromenade in Danzig \" width=\"960\" height=\"640\" srcset=\"https:\/\/coeser.de\/blog\/wp-content\/uploads\/2023\/07\/danzig-uferpromenade-05-christian-oeser.jpg 960w, https:\/\/coeser.de\/blog\/wp-content\/uploads\/2023\/07\/danzig-uferpromenade-05-christian-oeser-768x512.jpg 768w, https:\/\/coeser.de\/blog\/wp-content\/uploads\/2023\/07\/danzig-uferpromenade-05-christian-oeser-330x220.jpg 330w\" sizes=\"auto, (max-width: 960px) 100vw, 960px\" \/><figcaption class=\"caption wp-caption-text\">Abends ergeben sich auf der Uferpromenade solche beeindruckenden Fotomotive<br \/><a href=\"https:\/\/www.google.de\/maps\/place\/54.347871952404354,18.656453881897598\" target=\"_blank\" rel=\"noopener\">Aufnahmeort anzeigen<\/a><\/figcaption><\/figure>\n<hr \/>\n<h2>4) Die Marienkirche<\/h2>\n<p>Die wichtigste Kirche in Danzig ist die <strong>Marienkirche<\/strong> (der klingende Name auf Polnisch: <strong>Bazylika Mariacka Wniebowzi\u0119cia Naj\u015bwi\u0119tszej Maryi Panny w Gda\u0144sku<\/strong>). Sie liegt eingebettet zwischen Patrizierh\u00e4usern unweit des Langen Markts, z\u00e4hlt zu den gr\u00f6\u00dften Backsteinkirchen der Welt und wirkt wahrlich beeindruckend. Ein Foto der Kirche, vom Turm des Rathauses aus gesehen, habe ich dir schon in Punkt 2 gezeigt. Im Inneren der gotischen Kirche warten zahlreiche Kultursch\u00e4tze wie die pomp\u00f6se Orgel, die schwarze Madonna und vor allem die imposante Astronomische Uhr von Hans D\u00fcringer, mit 14 Metern die h\u00f6chste der Welt. Du kannst \u00fcbrigens den 82 Meter hohen Turm zu Fu\u00df erklimmen. Aus Zeitgr\u00fcnden gab ich allerdings dem Rathausturm den Vortritt und verzichtete in der Marienkirche auf den Aufstieg.<\/p>\n<figure id=\"attachment_20353\" class=\"thumbnail wp-caption alignnone\" style=\"width: 970px\"><img loading=\"lazy\" decoding=\"async\" class=\"wp-image-20353 size-full\" src=\"https:\/\/coeser.de\/blog\/wp-content\/uploads\/2023\/07\/danzig-marienkirche-01-christian-oeser.jpg\" alt=\"Astronomische Uhr von Hans D\u00fcringer in der Marienkirche von Danzig\" width=\"960\" height=\"640\" srcset=\"https:\/\/coeser.de\/blog\/wp-content\/uploads\/2023\/07\/danzig-marienkirche-01-christian-oeser.jpg 960w, https:\/\/coeser.de\/blog\/wp-content\/uploads\/2023\/07\/danzig-marienkirche-01-christian-oeser-768x512.jpg 768w, https:\/\/coeser.de\/blog\/wp-content\/uploads\/2023\/07\/danzig-marienkirche-01-christian-oeser-330x220.jpg 330w\" sizes=\"auto, (max-width: 960px) 100vw, 960px\" \/><figcaption class=\"caption wp-caption-text\">Die Astronomische Uhr von Hans D\u00fcringer in der Marienkirche von Danzig<br \/><a href=\"https:\/\/www.google.de\/maps\/place\/54.34984005659428,18.653095453595927\" target=\"_blank\" rel=\"noopener\">Aufnahmeort anzeigen<\/a><\/figcaption><\/figure>\n<figure id=\"attachment_20354\" class=\"thumbnail wp-caption alignnone\" style=\"width: 970px\"><img loading=\"lazy\" decoding=\"async\" class=\"wp-image-20354 size-full\" src=\"https:\/\/coeser.de\/blog\/wp-content\/uploads\/2023\/07\/danzig-marienkirche-02-christian-oeser.jpg\" alt=\"Der Chor und Altar in der Marienkirche von Danzig\" width=\"960\" height=\"640\" srcset=\"https:\/\/coeser.de\/blog\/wp-content\/uploads\/2023\/07\/danzig-marienkirche-02-christian-oeser.jpg 960w, https:\/\/coeser.de\/blog\/wp-content\/uploads\/2023\/07\/danzig-marienkirche-02-christian-oeser-768x512.jpg 768w, https:\/\/coeser.de\/blog\/wp-content\/uploads\/2023\/07\/danzig-marienkirche-02-christian-oeser-330x220.jpg 330w\" sizes=\"auto, (max-width: 960px) 100vw, 960px\" \/><figcaption class=\"caption wp-caption-text\">Der Chor und Altar in der Marienkirche von Danzig<br \/><a href=\"https:\/\/www.google.de\/maps\/place\/54.34984005659428,18.653095453595927\" target=\"_blank\" rel=\"noopener\">Aufnahmeort anzeigen<\/a><\/figcaption><\/figure>\n<hr \/>\n<h2>5) Die Frauengasse Mariacka<\/h2>\n<p>Die Rechtstadt von Danzig ist ja nicht gerade arm an sch\u00f6nen Orten und Gassen, aber die <strong>Frauengasse (Ulica Mariacka)<\/strong> sticht hier noch einmal deutlich hervor und darf bei deinem Rundgang nicht fehlen! Die B\u00fcrgerh\u00e4user zeugen vom Reichtum der Vergangenheit, vor allem mit ihren terrassenartigen Vorbauten (sogenannte Beischl\u00e4ge) an den Eing\u00e4ngen. Fr\u00fcher speisten dort die wohlhabenden B\u00fcrger und zeigten dies \u00fcberdeutlich der restlichen Bev\u00f6lkerung. Heute ist die Frauengasse vor allem ein reger Handelsort f\u00fcr Bernstein-Souvenirs, die du hier in allen Formen von Schmuck und anderen Produkten angeboten bekommst. Mich dagegen interessierten mehr die Fotomotive, die sich mir an jeder Ecke offenbarten und die du nachfolgend bestaunen kannst.<\/p>\n<figure id=\"attachment_20365\" class=\"thumbnail wp-caption alignnone\" style=\"width: 970px\"><img loading=\"lazy\" decoding=\"async\" class=\"wp-image-20365 size-full\" src=\"https:\/\/coeser.de\/blog\/wp-content\/uploads\/2023\/07\/danzig-frauengasse-mariacka-01-christian-oeser.jpg\" alt=\"Blick vom Bogen des Frauentors in die Frauengasse Mariacka in Danzig\" width=\"960\" height=\"640\" srcset=\"https:\/\/coeser.de\/blog\/wp-content\/uploads\/2023\/07\/danzig-frauengasse-mariacka-01-christian-oeser.jpg 960w, https:\/\/coeser.de\/blog\/wp-content\/uploads\/2023\/07\/danzig-frauengasse-mariacka-01-christian-oeser-768x512.jpg 768w, https:\/\/coeser.de\/blog\/wp-content\/uploads\/2023\/07\/danzig-frauengasse-mariacka-01-christian-oeser-330x220.jpg 330w\" sizes=\"auto, (max-width: 960px) 100vw, 960px\" \/><figcaption class=\"caption wp-caption-text\">Vom Bogen des Frauentors schaust du direkt in die Frauengasse Mariacka<br \/><a href=\"https:\/\/www.google.de\/maps\/place\/54.34941206341778,18.656697610095932\" target=\"_blank\" rel=\"noopener\">Aufnahmeort anzeigen<\/a><\/figcaption><\/figure>\n<figure id=\"attachment_20366\" class=\"thumbnail wp-caption alignnone\" style=\"width: 970px\"><img loading=\"lazy\" decoding=\"async\" class=\"wp-image-20366 size-full\" src=\"https:\/\/coeser.de\/blog\/wp-content\/uploads\/2023\/07\/danzig-frauengasse-mariacka-02-christian-oeser.jpg\" alt=\"Frauengasse Mariacka und Marienkirche von Danzig\" width=\"960\" height=\"640\" srcset=\"https:\/\/coeser.de\/blog\/wp-content\/uploads\/2023\/07\/danzig-frauengasse-mariacka-02-christian-oeser.jpg 960w, https:\/\/coeser.de\/blog\/wp-content\/uploads\/2023\/07\/danzig-frauengasse-mariacka-02-christian-oeser-768x512.jpg 768w, https:\/\/coeser.de\/blog\/wp-content\/uploads\/2023\/07\/danzig-frauengasse-mariacka-02-christian-oeser-330x220.jpg 330w\" sizes=\"auto, (max-width: 960px) 100vw, 960px\" \/><figcaption class=\"caption wp-caption-text\">Am Ende der Frauengasse Mariacka erhebt sich die Marienkirche von Danzig<br \/><a href=\"https:\/\/www.google.de\/maps\/place\/54.34947691181344,18.656305200204535\" target=\"_blank\" rel=\"noopener\">Aufnahmeort anzeigen<\/a><\/figcaption><\/figure>\n<figure id=\"attachment_20367\" class=\"thumbnail wp-caption alignnone\" style=\"width: 970px\"><img loading=\"lazy\" decoding=\"async\" class=\"wp-image-20367 size-full\" src=\"https:\/\/coeser.de\/blog\/wp-content\/uploads\/2023\/07\/danzig-frauengasse-mariacka-03-christian-oeser.jpg\" alt=\"B\u00fcrgerh\u00e4user mit typischen, terrassenartigen Vorbauten in der Frauengasse Mariacka\" width=\"960\" height=\"640\" srcset=\"https:\/\/coeser.de\/blog\/wp-content\/uploads\/2023\/07\/danzig-frauengasse-mariacka-03-christian-oeser.jpg 960w, https:\/\/coeser.de\/blog\/wp-content\/uploads\/2023\/07\/danzig-frauengasse-mariacka-03-christian-oeser-768x512.jpg 768w, https:\/\/coeser.de\/blog\/wp-content\/uploads\/2023\/07\/danzig-frauengasse-mariacka-03-christian-oeser-330x220.jpg 330w\" sizes=\"auto, (max-width: 960px) 100vw, 960px\" \/><figcaption class=\"caption wp-caption-text\">B\u00fcrgerh\u00e4user mit typischen, terrassenartigen Vorbauten in der Frauengasse Mariacka<br \/><a href=\"https:\/\/www.google.de\/maps\/place\/54.34970301513383,18.65485179714524\" target=\"_blank\" rel=\"noopener\">Aufnahmeort anzeigen<\/a><\/figcaption><\/figure>\n<hr \/>\n<div class=\"tipps\">\n<h2>Essen und Trinken in Danzig<\/h2>\n<p>In vier vollen Tagen konnten meine Freundin und ich uns gut durch die vielf\u00e4ltige polnische und internationale K\u00fcche kosten. Wir waren \u00fcberall zufrieden, sodass ich dir alle hier genannten Lokale weiterempfehlen kann. Das Preisniveau ist im Vergleich mit westeurop\u00e4ischen St\u00e4dten recht niedrig, selbst auf dem touristisch gepr\u00e4gten Langen Markt zahlten wir relativ geringe Summen f\u00fcr Speis und Trank.<\/p>\n<p>Bei <strong>Machina Eats&amp;Beats<\/strong> (<em>Chlebnicka 13\/16<\/em>) genossen wir am Abend unserer Ankunft in Danzig hausgemachte Pasta, deren Zutaten du auf einem umfangreichen Formular selbst bestimmen kannst. Geschmacklich waren unsere Tagliatelle ein absoluter Hit und auch das polnische Bier sowie der Signature Cocktail des Lokals \u00fcberzeugten.<\/p>\n<p>Das Lokal <strong>Gdanski Bowke<\/strong> (<em>D\u0142ugie Pobrze\u017ce 11<\/em>) liegt an der Uferpromenade mit Blick auf moderne Wohnbauten. Die Fischsuppe w\u00fcrden wir jederzeit wieder essen, die Pierogi und die Flunder mit Bratkartoffeln schmeckten gut, aber da sollte sp\u00e4ter in weiteren Gastst\u00e4tten von Danzig noch mehr gehen! Sehr gut mundete dagegen das hauseigene Bier, dessen vier Sorten du mittels Tasting Set probieren kannst.<\/p>\n<p>In Liegest\u00fchlen entspannen und gleichzeitig gro\u00dfartige Kuchen (viele davon auch vegan) genie\u00dfen? Das geht bei <strong>Guga Sweet &amp; Spicy<\/strong> (<em>Stara Stocznia 2\/10<\/em>) nahe dem Museum des Zweiten Weltkriegs.<\/p>\n<p>Unsere Lust nach Sushi stillten wir mit einer Bestellung bei <strong>Izakaya Sushi &amp; Ramen<\/strong> (<em>Szafarnia 11\/u13<\/em>), welche wir mit ins Hotel nahmen und dort genossen. Wir waren zufrieden, aber die Wartezeit von 45 Minuten bei einem fast leeren Lokal empfanden wir dann doch als Frotzelei.<\/p>\n<p>Das absolut beste Sushi seit langer Zeit hatten wir dann aber an einem anderen Tag bei <strong>Hokkaido Sushi and Japan Cuisine<\/strong> (<em>D\u0142uga 47\/49<\/em>). Das Lokal liegt direkt am Langen Markt und du kannst dem Sushi-Meister bei der Zubereitung zusehen. Die Qualit\u00e4t ist hervorragend, die Preise zurecht etwas h\u00f6her und der Geschmack unglaublich gut \u2013 ganz hei\u00dfer Tipp!<\/p>\n<p>Wenn du auf der Suche nach einem schnellen, aber dennoch guten Fr\u00fchst\u00fcckssnack bist, dann ist die Kaffeehauskette <strong>Costa Coffee<\/strong> (<em>D\u0142uga 5<\/em>) immer eine gute Idee. Wir probierten ein getoastetes Mozzarella- und ein Gorgonzola-Baguette, dazu jeweils ein saftiges St\u00fcck Bananenbrot und Zitronenkuchen. Nicht weltbewegend, aber befriedigend.<\/p>\n<p>Nach dem Flohmarkt von Oliwa ben\u00f6tigten wir dringend eine Pause mit einem Aperol Spritz, den wir im Caf\u00e9 <strong>Coffee Perk<\/strong> (<em>Opata Jacka Rybi\u0144skiego 11<\/em>) bekamen. Das Lokal erinnert nicht nur vom Namen an das Caf\u00e9 in der US-Sitcom \u201eFriends\u201c, sondern ist auch von der Einrichtung und zahlreichen Fotos an die Serie angelehnt.<\/p>\n<p>Sehr gute Pierogi gab es im <strong>Vis a vis Restaurant<\/strong> (<em>Szafarnia 6\/U2<\/em>) an der Uferpromenade. Davor a\u00dfen wir auch noch eine schmackhafte Fritattensuppe, um uns aufzuw\u00e4rmen.<\/p>\n<p>Das Restaurant <strong>Piwnica Rajcow<\/strong> (<em>D\u0142ugi Targ 44<\/em>) ist mit seinem Gastgarten auf dem Langen Markt direkt zwischen dem Neptunbrunnen und Rathaus an einer prominenten Stelle situiert. Hier stillten wir nur unseren Bierdurst in Form eines sechsteiligen Tasting Sets, das uns aufgrund der Menge am Ende doch ein wenig in den Kopf stieg. Oder war es vielleicht der Danziger Lik\u00f6r namens Goldwasser, der uns zusetzte? Es kann aber auch an der Rechnung gelegen haben, die hier mit rund 30 Euro verh\u00e4ltnism\u00e4\u00dfig hoch f\u00fcr Danzig zu Buche schlug!<\/p>\n<p>Nach dem mitt\u00e4glichen Checkout aus unserem <strong><a href=\"https:\/\/www.booking.com\/hotel\/pl\/puro-gdansk-stare-miasto.pl.html?aid=1634405\" target=\"_blank\" rel=\"noopener\">Hotel PURO Hotel Gda\u0144sk Stare Miasto<\/a>*<\/strong> in der Innenstadt von Danzig holten wir uns direkt gegen\u00fcber in der Milchbar <strong>Mleczny Stagiewna<\/strong> (<em>St\u0105giewna 15<\/em>) unser Mittagessen. Das Konzept der Milchbars kannten wir bereits aus <a href=\"https:\/\/coeser.de\/blog\/index.php\/2017\/01\/10\/48-stunden-krakau-kirchen-wodka-und-pierogi\/\" target=\"_blank\" rel=\"noopener\"><strong>Krakau<\/strong><\/a>: in kantinen\u00e4hnlichen Lokalen mit Selbstbedienung werden polnische Spezialit\u00e4ten zum kleinen Preis verkauft. Meine Krautroulade mit Erd\u00e4pfeln und Gurkensalat war gro\u00dfartig, die Pierogi meiner Freundin mit Kraut und Steinpilzen dagegen etwas gew\u00f6hnungsbed\u00fcrftig vom Geschmack her.<\/p>\n<div id='gallery-2' class='gallery galleryid-20292 gallery-columns-7 gallery-size-thumbnail'><figure class='gallery-item'>\n\t\t\t<div class='gallery-icon landscape'>\n\t\t\t\t<a href='https:\/\/coeser.de\/blog\/wp-content\/uploads\/2023\/07\/danzig-restaurant-machina-eats-beats-pasta-christian-oeser.jpg' title=\"Pasta im Restaurant Machina Eats&amp;Beats in Danzig\" data-rl_title=\"Pasta im Restaurant Machina Eats&amp;Beats in Danzig\" class=\"rl-gallery-link\" data-rl_caption=\"Aufnahmeort anzeigen\" data-rel=\"lightbox-gallery-2\"><img loading=\"lazy\" decoding=\"async\" width=\"150\" height=\"150\" src=\"https:\/\/coeser.de\/blog\/wp-content\/uploads\/2023\/07\/danzig-restaurant-machina-eats-beats-pasta-christian-oeser-150x150.jpg\" class=\"attachment-thumbnail size-thumbnail\" alt=\"Pasta im Restaurant Machina Eats&amp;Beats in Danzig\" aria-describedby=\"gallery-2-20294\" \/><\/a>\n\t\t\t<\/div>\n\t\t\t\t<figcaption class='wp-caption-text gallery-caption' id='gallery-2-20294'>\n\t\t\t\tPasta im Restaurant Machina Eats&#038;Beats in Danzig\n\t\t\t\t<\/figcaption><\/figure><figure class='gallery-item'>\n\t\t\t<div class='gallery-icon landscape'>\n\t\t\t\t<a href='https:\/\/coeser.de\/blog\/wp-content\/uploads\/2023\/07\/danzig-restaurant-gdanski-bowke-bier-christian-oeser.jpg' title=\"Tasting Set des Hausbiers im Restauarant Gdanski Bowke in Danzig\" data-rl_title=\"Tasting Set des Hausbiers im Restauarant Gdanski Bowke in Danzig\" class=\"rl-gallery-link\" data-rl_caption=\"Aufnahmeort anzeigen\" data-rel=\"lightbox-gallery-2\"><img loading=\"lazy\" decoding=\"async\" width=\"150\" height=\"150\" src=\"https:\/\/coeser.de\/blog\/wp-content\/uploads\/2023\/07\/danzig-restaurant-gdanski-bowke-bier-christian-oeser-150x150.jpg\" class=\"attachment-thumbnail size-thumbnail\" alt=\"Tasting Set des Hausbiers im Restauarant Gdanski Bowke in Danzig\" aria-describedby=\"gallery-2-20295\" \/><\/a>\n\t\t\t<\/div>\n\t\t\t\t<figcaption class='wp-caption-text gallery-caption' id='gallery-2-20295'>\n\t\t\t\tTasting Set des Hausbiers im Restauarant Gdanski Bowke in Danzig\n\t\t\t\t<\/figcaption><\/figure><figure class='gallery-item'>\n\t\t\t<div class='gallery-icon landscape'>\n\t\t\t\t<a href='https:\/\/coeser.de\/blog\/wp-content\/uploads\/2023\/07\/danzig-restaurant-gdanski-bowke-fischsuppe-christian-oeser.jpg' title=\"Fischsuppe im Restauarant Gdanski Bowke in Danzig\" data-rl_title=\"Fischsuppe im Restauarant Gdanski Bowke in Danzig\" class=\"rl-gallery-link\" data-rl_caption=\"Aufnahmeort anzeigen\" data-rel=\"lightbox-gallery-2\"><img loading=\"lazy\" decoding=\"async\" width=\"150\" height=\"150\" src=\"https:\/\/coeser.de\/blog\/wp-content\/uploads\/2023\/07\/danzig-restaurant-gdanski-bowke-fischsuppe-christian-oeser-150x150.jpg\" class=\"attachment-thumbnail size-thumbnail\" alt=\"Fischsuppe im Restauarant Gdanski Bowke in Danzig\" aria-describedby=\"gallery-2-20296\" \/><\/a>\n\t\t\t<\/div>\n\t\t\t\t<figcaption class='wp-caption-text gallery-caption' id='gallery-2-20296'>\n\t\t\t\tFischsuppe im Restauarant Gdanski Bowke in Danzig\n\t\t\t\t<\/figcaption><\/figure><figure class='gallery-item'>\n\t\t\t<div class='gallery-icon landscape'>\n\t\t\t\t<a href='https:\/\/coeser.de\/blog\/wp-content\/uploads\/2023\/07\/danzig-restaurant-gdanski-bowke-pierogi-christian-oeser.jpg' title=\"Pierogi und Flunder im Restauarant Gdanski Bowke in Danzig\" data-rl_title=\"Pierogi und Flunder im Restauarant Gdanski Bowke in Danzig\" class=\"rl-gallery-link\" data-rl_caption=\"Aufnahmeort anzeigen\" data-rel=\"lightbox-gallery-2\"><img loading=\"lazy\" decoding=\"async\" width=\"150\" height=\"150\" src=\"https:\/\/coeser.de\/blog\/wp-content\/uploads\/2023\/07\/danzig-restaurant-gdanski-bowke-pierogi-christian-oeser-150x150.jpg\" class=\"attachment-thumbnail size-thumbnail\" alt=\"Pierogi und Flunder im Restauarant Gdanski Bowke in Danzig\" aria-describedby=\"gallery-2-20297\" \/><\/a>\n\t\t\t<\/div>\n\t\t\t\t<figcaption class='wp-caption-text gallery-caption' id='gallery-2-20297'>\n\t\t\t\tPierogi und Flunder im Restauarant Gdanski Bowke in Danzig\n\t\t\t\t<\/figcaption><\/figure><figure class='gallery-item'>\n\t\t\t<div class='gallery-icon landscape'>\n\t\t\t\t<a href='https:\/\/coeser.de\/blog\/wp-content\/uploads\/2023\/07\/danzig-cafe-guga-sweet-spicy-christian-oeser.jpg' title=\"Kaffee und Kuchen im Caf\u00e9 Guga Sweet &amp; Spicy in Danzig\" data-rl_title=\"Kaffee und Kuchen im Caf\u00e9 Guga Sweet &amp; Spicy in Danzig\" class=\"rl-gallery-link\" data-rl_caption=\"Aufnahmeort anzeigen\" data-rel=\"lightbox-gallery-2\"><img loading=\"lazy\" decoding=\"async\" width=\"150\" height=\"150\" src=\"https:\/\/coeser.de\/blog\/wp-content\/uploads\/2023\/07\/danzig-cafe-guga-sweet-spicy-christian-oeser-150x150.jpg\" class=\"attachment-thumbnail size-thumbnail\" alt=\"Kaffee und Kuchen im Caf\u00e9 Guga Sweet &amp; Spicy in Danzig\" aria-describedby=\"gallery-2-20298\" \/><\/a>\n\t\t\t<\/div>\n\t\t\t\t<figcaption class='wp-caption-text gallery-caption' id='gallery-2-20298'>\n\t\t\t\tKaffee und Kuchen im Caf\u00e9 Guga Sweet &#038; Spicy in Danzig\n\t\t\t\t<\/figcaption><\/figure><figure class='gallery-item'>\n\t\t\t<div class='gallery-icon landscape'>\n\t\t\t\t<a href='https:\/\/coeser.de\/blog\/wp-content\/uploads\/2023\/07\/danzig-restaurant-izakaya-sushi-ramen-christian-oeser.jpg' title=\"Sushi aus dem Restaurant Izakaya Sushi &amp; Ramen in Danzig\" data-rl_title=\"Sushi aus dem Restaurant Izakaya Sushi &amp; Ramen in Danzig\" class=\"rl-gallery-link\" data-rl_caption=\"Aufnahmeort anzeigen\" data-rel=\"lightbox-gallery-2\"><img loading=\"lazy\" decoding=\"async\" width=\"150\" height=\"150\" src=\"https:\/\/coeser.de\/blog\/wp-content\/uploads\/2023\/07\/danzig-restaurant-izakaya-sushi-ramen-christian-oeser-150x150.jpg\" class=\"attachment-thumbnail size-thumbnail\" alt=\"Sushi aus dem Restaurant Izakaya Sushi &amp; Ramen in Danzig\" aria-describedby=\"gallery-2-20299\" \/><\/a>\n\t\t\t<\/div>\n\t\t\t\t<figcaption class='wp-caption-text gallery-caption' id='gallery-2-20299'>\n\t\t\t\tSushi aus dem Restaurant Izakaya Sushi &#038; Ramen in Danzig\n\t\t\t\t<\/figcaption><\/figure><figure class='gallery-item'>\n\t\t\t<div class='gallery-icon landscape'>\n\t\t\t\t<a href='https:\/\/coeser.de\/blog\/wp-content\/uploads\/2023\/07\/danzig-restaurant-hokkaido-sushi-japan-cuisine-christian-oeser.jpg' title=\"Sushi aus dem Restaurant Hokkaido Sushi and Japan Cuisine in Danzig\" data-rl_title=\"Sushi aus dem Restaurant Hokkaido Sushi and Japan Cuisine in Danzig\" class=\"rl-gallery-link\" data-rl_caption=\"Aufnahmeort anzeigen\" data-rel=\"lightbox-gallery-2\"><img loading=\"lazy\" decoding=\"async\" width=\"150\" height=\"150\" src=\"https:\/\/coeser.de\/blog\/wp-content\/uploads\/2023\/07\/danzig-restaurant-hokkaido-sushi-japan-cuisine-christian-oeser-150x150.jpg\" class=\"attachment-thumbnail size-thumbnail\" alt=\"Sushi aus dem Restaurant Hokkaido Sushi and Japan Cuisine in Danzig\" aria-describedby=\"gallery-2-20300\" \/><\/a>\n\t\t\t<\/div>\n\t\t\t\t<figcaption class='wp-caption-text gallery-caption' id='gallery-2-20300'>\n\t\t\t\tSushi aus dem Restaurant Hokkaido Sushi and Japan Cuisine in Danzig\n\t\t\t\t<\/figcaption><\/figure><figure class='gallery-item'>\n\t\t\t<div class='gallery-icon landscape'>\n\t\t\t\t<a href='https:\/\/coeser.de\/blog\/wp-content\/uploads\/2023\/07\/danzig-cafe-costa-coffee-christian-oeser.jpg' title=\"Fr\u00fchst\u00fcck bei Costa Coffee in Danzig\" data-rl_title=\"Fr\u00fchst\u00fcck bei Costa Coffee in Danzig\" class=\"rl-gallery-link\" data-rl_caption=\"Aufnahmeort anzeigen\" data-rel=\"lightbox-gallery-2\"><img loading=\"lazy\" decoding=\"async\" width=\"150\" height=\"150\" src=\"https:\/\/coeser.de\/blog\/wp-content\/uploads\/2023\/07\/danzig-cafe-costa-coffee-christian-oeser-150x150.jpg\" class=\"attachment-thumbnail size-thumbnail\" alt=\"Fr\u00fchst\u00fcck bei Costa Coffee in Danzig\" aria-describedby=\"gallery-2-20301\" \/><\/a>\n\t\t\t<\/div>\n\t\t\t\t<figcaption class='wp-caption-text gallery-caption' id='gallery-2-20301'>\n\t\t\t\tFr\u00fchst\u00fcck bei Costa Coffee in Danzig\n\t\t\t\t<\/figcaption><\/figure><figure class='gallery-item'>\n\t\t\t<div class='gallery-icon landscape'>\n\t\t\t\t<a href='https:\/\/coeser.de\/blog\/wp-content\/uploads\/2023\/07\/danzig-restaurant-vis-a-vis-suppe-christian-oeser.jpg' title=\"Fritattensuppe im Vis a vis Restaurant in Danzig\" data-rl_title=\"Fritattensuppe im Vis a vis Restaurant in Danzig\" class=\"rl-gallery-link\" data-rl_caption=\"Aufnahmeort anzeigen\" data-rel=\"lightbox-gallery-2\"><img loading=\"lazy\" decoding=\"async\" width=\"150\" height=\"150\" src=\"https:\/\/coeser.de\/blog\/wp-content\/uploads\/2023\/07\/danzig-restaurant-vis-a-vis-suppe-christian-oeser-150x150.jpg\" class=\"attachment-thumbnail size-thumbnail\" alt=\"Fritattensuppe im Vis a vis Restaurant in Danzig\" aria-describedby=\"gallery-2-20303\" \/><\/a>\n\t\t\t<\/div>\n\t\t\t\t<figcaption class='wp-caption-text gallery-caption' id='gallery-2-20303'>\n\t\t\t\tFritattensuppe im Vis a vis Restaurant in Danzig\n\t\t\t\t<\/figcaption><\/figure><figure class='gallery-item'>\n\t\t\t<div class='gallery-icon landscape'>\n\t\t\t\t<a href='https:\/\/coeser.de\/blog\/wp-content\/uploads\/2023\/07\/danzig-restaurant-vis-a-vis-pierogi-christian-oeser.jpg' title=\"Pierogi im Vis a vis Restaurant in Danzig\" data-rl_title=\"Pierogi im Vis a vis Restaurant in Danzig\" class=\"rl-gallery-link\" data-rl_caption=\"Aufnahmeort anzeigen\" data-rel=\"lightbox-gallery-2\"><img loading=\"lazy\" decoding=\"async\" width=\"150\" height=\"150\" src=\"https:\/\/coeser.de\/blog\/wp-content\/uploads\/2023\/07\/danzig-restaurant-vis-a-vis-pierogi-christian-oeser-150x150.jpg\" class=\"attachment-thumbnail size-thumbnail\" alt=\"Pierogi im Vis a vis Restaurant in Danzig\" aria-describedby=\"gallery-2-20302\" \/><\/a>\n\t\t\t<\/div>\n\t\t\t\t<figcaption class='wp-caption-text gallery-caption' id='gallery-2-20302'>\n\t\t\t\tPierogi im Vis a vis Restaurant in Danzig\n\t\t\t\t<\/figcaption><\/figure><figure class='gallery-item'>\n\t\t\t<div class='gallery-icon landscape'>\n\t\t\t\t<a href='https:\/\/coeser.de\/blog\/wp-content\/uploads\/2023\/07\/danzig-restaurant-piwnica-rajcow-bier-christian-oeser.jpg' title=\"Tasting Set des Hausbiers im Restaurant Piwnica Rajcow in Danzig\" data-rl_title=\"Tasting Set des Hausbiers im Restaurant Piwnica Rajcow in Danzig\" class=\"rl-gallery-link\" data-rl_caption=\"Aufnahmeort anzeigen\" data-rel=\"lightbox-gallery-2\"><img loading=\"lazy\" decoding=\"async\" width=\"150\" height=\"150\" src=\"https:\/\/coeser.de\/blog\/wp-content\/uploads\/2023\/07\/danzig-restaurant-piwnica-rajcow-bier-christian-oeser-150x150.jpg\" class=\"attachment-thumbnail size-thumbnail\" alt=\"Tasting Set des Hausbiers im Restaurant Piwnica Rajcow in Danzig\" aria-describedby=\"gallery-2-20304\" \/><\/a>\n\t\t\t<\/div>\n\t\t\t\t<figcaption class='wp-caption-text gallery-caption' id='gallery-2-20304'>\n\t\t\t\tTasting Set des Hausbiers im Restaurant Piwnica Rajcow in Danzig\n\t\t\t\t<\/figcaption><\/figure><figure class='gallery-item'>\n\t\t\t<div class='gallery-icon landscape'>\n\t\t\t\t<a href='https:\/\/coeser.de\/blog\/wp-content\/uploads\/2023\/07\/danzig-restaurant-piwnica-rajcow-goldwasser-christian-oeser.jpg' title=\"Goldwasser im Restaurant Piwnica Rajcow in Danzig\" data-rl_title=\"Goldwasser im Restaurant Piwnica Rajcow in Danzig\" class=\"rl-gallery-link\" data-rl_caption=\"Aufnahmeort anzeigen\" data-rel=\"lightbox-gallery-2\"><img loading=\"lazy\" decoding=\"async\" width=\"150\" height=\"150\" src=\"https:\/\/coeser.de\/blog\/wp-content\/uploads\/2023\/07\/danzig-restaurant-piwnica-rajcow-goldwasser-christian-oeser-150x150.jpg\" class=\"attachment-thumbnail size-thumbnail\" alt=\"Goldwasser im Restaurant Piwnica Rajcow in Danzig\" aria-describedby=\"gallery-2-20305\" \/><\/a>\n\t\t\t<\/div>\n\t\t\t\t<figcaption class='wp-caption-text gallery-caption' id='gallery-2-20305'>\n\t\t\t\tGoldwasser im Restaurant Piwnica Rajcow in Danzig\n\t\t\t\t<\/figcaption><\/figure><figure class='gallery-item'>\n\t\t\t<div class='gallery-icon landscape'>\n\t\t\t\t<a href='https:\/\/coeser.de\/blog\/wp-content\/uploads\/2023\/07\/danzig-restaurant-mleczny-stagiewna-krautroulade-christian-oeser.jpg' title=\"Krautroulade in der Milchbar Mleczny Stagiewna in Danzig\" data-rl_title=\"Krautroulade in der Milchbar Mleczny Stagiewna in Danzig\" class=\"rl-gallery-link\" data-rl_caption=\"Aufnahmeort anzeigen\" data-rel=\"lightbox-gallery-2\"><img loading=\"lazy\" decoding=\"async\" width=\"150\" height=\"150\" src=\"https:\/\/coeser.de\/blog\/wp-content\/uploads\/2023\/07\/danzig-restaurant-mleczny-stagiewna-krautroulade-christian-oeser-150x150.jpg\" class=\"attachment-thumbnail size-thumbnail\" alt=\"Krautroulade in der Milchbar Mleczny Stagiewna in Danzig\" aria-describedby=\"gallery-2-20306\" \/><\/a>\n\t\t\t<\/div>\n\t\t\t\t<figcaption class='wp-caption-text gallery-caption' id='gallery-2-20306'>\n\t\t\t\tKrautroulade in der Milchbar Mleczny Stagiewna in Danzig\n\t\t\t\t<\/figcaption><\/figure><figure class='gallery-item'>\n\t\t\t<div class='gallery-icon landscape'>\n\t\t\t\t<a href='https:\/\/coeser.de\/blog\/wp-content\/uploads\/2023\/07\/danzig-restaurant-mleczny-stagiewna-pierogi-christian-oeser.jpg' title=\"Pierogi in der Milchbar Mleczny Stagiewna in Danzig\" data-rl_title=\"Pierogi in der Milchbar Mleczny Stagiewna in Danzig\" class=\"rl-gallery-link\" data-rl_caption=\"Aufnahmeort anzeigen\" data-rel=\"lightbox-gallery-2\"><img loading=\"lazy\" decoding=\"async\" width=\"150\" height=\"150\" src=\"https:\/\/coeser.de\/blog\/wp-content\/uploads\/2023\/07\/danzig-restaurant-mleczny-stagiewna-pierogi-christian-oeser-150x150.jpg\" class=\"attachment-thumbnail size-thumbnail\" alt=\"Pierogi in der Milchbar Mleczny Stagiewna in Danzig\" aria-describedby=\"gallery-2-20307\" \/><\/a>\n\t\t\t<\/div>\n\t\t\t\t<figcaption class='wp-caption-text gallery-caption' id='gallery-2-20307'>\n\t\t\t\tPierogi in der Milchbar Mleczny Stagiewna in Danzig\n\t\t\t\t<\/figcaption><\/figure>\n\t\t<\/div>\n\n<\/div>\n<p>&nbsp;<\/p>\n<hr \/>\n<h2><img loading=\"lazy\" decoding=\"async\" class=\"alignnone size-full wp-image-20313\" src=\"https:\/\/coeser.de\/blog\/wp-content\/uploads\/2023\/07\/danzig-aufmacher4-museum-weltkrieg-christian-oeser.jpg\" alt=\"Au\u00dfenansicht des Museum des Zweiten Weltkriegs in Danzig\" width=\"970\" height=\"323\" srcset=\"https:\/\/coeser.de\/blog\/wp-content\/uploads\/2023\/07\/danzig-aufmacher4-museum-weltkrieg-christian-oeser.jpg 970w, https:\/\/coeser.de\/blog\/wp-content\/uploads\/2023\/07\/danzig-aufmacher4-museum-weltkrieg-christian-oeser-768x256.jpg 768w\" sizes=\"auto, (max-width: 970px) 100vw, 970px\" \/><\/h2>\n<h2>6) Museum des Zweiten Weltkriegs<\/h2>\n<p>Ein weiterer Fixpunkt w\u00e4hrend deiner St\u00e4dtereise nach Danzig sollte das <strong>Museum des Zweiten Weltkriegs (Muzeum II Wojny \u015awiatowej)<\/strong> sein. Von der Innenstadt aus ist es nur ein 15-min\u00fctiger Spaziergang dorthin. Der futuristische Bau wurde 2017 er\u00f6ffnet und soll mit seiner schr\u00e4gen Kubusform die Vergangenheit (im Untergeschoss), Gegenwart (ebenerdig) und Zukunft (obere Stockwerke mit B\u00fcros und Restaurant) symbolisieren. Auf einer riesigen Ausstellungsfl\u00e4che von knapp 5.000 m\u00b2 werden die Gr\u00e4uel des Zweiten Weltkriegs aus polnischer Sicht dargestellt, wobei sehr oft relevante Verkn\u00fcpfungen zu zeitgeschichtlichen Ereignissen anderswo auf der Welt hergestellt werden. Meine Freundin und ich waren vom Museum jedenfalls sehr beeindruckt, wie vielf\u00e4ltig, breitgef\u00e4chert und gesamtheitlich die Geschichte des Zweiten Weltkriegs beleuchtet wird.<\/p>\n<figure id=\"attachment_20362\" class=\"thumbnail wp-caption alignnone\" style=\"width: 970px\"><img loading=\"lazy\" decoding=\"async\" class=\"wp-image-20362 size-full\" src=\"https:\/\/coeser.de\/blog\/wp-content\/uploads\/2023\/07\/danzig-museum-weltkrieg-01-christian-oeser.jpg\" alt=\"Der futuristische Bau des Museum des Zweiten Weltkriegs in Danzig\" width=\"960\" height=\"640\" srcset=\"https:\/\/coeser.de\/blog\/wp-content\/uploads\/2023\/07\/danzig-museum-weltkrieg-01-christian-oeser.jpg 960w, https:\/\/coeser.de\/blog\/wp-content\/uploads\/2023\/07\/danzig-museum-weltkrieg-01-christian-oeser-768x512.jpg 768w, https:\/\/coeser.de\/blog\/wp-content\/uploads\/2023\/07\/danzig-museum-weltkrieg-01-christian-oeser-330x220.jpg 330w\" sizes=\"auto, (max-width: 960px) 100vw, 960px\" \/><figcaption class=\"caption wp-caption-text\">Der futuristische Bau des Museum des Zweiten Weltkriegs in Danzig<br \/><a href=\"https:\/\/www.google.de\/maps\/place\/54.35618861270485,18.65958707748779\" target=\"_blank\" rel=\"noopener\">Aufnahmeort anzeigen<\/a><\/figcaption><\/figure>\n<figure id=\"attachment_20363\" class=\"thumbnail wp-caption alignnone\" style=\"width: 970px\"><img loading=\"lazy\" decoding=\"async\" class=\"wp-image-20363 size-full\" src=\"https:\/\/coeser.de\/blog\/wp-content\/uploads\/2023\/07\/danzig-museum-weltkrieg-02-christian-oeser.jpg\" alt=\"Ausstellung im Museum des Zweiten Weltkriegs in Danzig\" width=\"960\" height=\"640\" srcset=\"https:\/\/coeser.de\/blog\/wp-content\/uploads\/2023\/07\/danzig-museum-weltkrieg-02-christian-oeser.jpg 960w, https:\/\/coeser.de\/blog\/wp-content\/uploads\/2023\/07\/danzig-museum-weltkrieg-02-christian-oeser-768x512.jpg 768w, https:\/\/coeser.de\/blog\/wp-content\/uploads\/2023\/07\/danzig-museum-weltkrieg-02-christian-oeser-330x220.jpg 330w\" sizes=\"auto, (max-width: 960px) 100vw, 960px\" \/><figcaption class=\"caption wp-caption-text\">Das Museum des Zweiten Weltkriegs erinnert stilvoll an die Gr\u00e4uel in Danzig<br \/><a href=\"https:\/\/www.google.de\/maps\/place\/54.356106733216244,18.66034150385073\" target=\"_blank\" rel=\"noopener\">Aufnahmeort anzeigen<\/a><\/figcaption><\/figure>\n<figure id=\"attachment_20364\" class=\"thumbnail wp-caption alignnone\" style=\"width: 970px\"><img loading=\"lazy\" decoding=\"async\" class=\"wp-image-20364 size-full\" src=\"https:\/\/coeser.de\/blog\/wp-content\/uploads\/2023\/07\/danzig-museum-weltkrieg-03-christian-oeser.jpg\" alt=\"Ausstellung im Museum des Zweiten Weltkriegs in Danzig\" width=\"960\" height=\"640\" srcset=\"https:\/\/coeser.de\/blog\/wp-content\/uploads\/2023\/07\/danzig-museum-weltkrieg-03-christian-oeser.jpg 960w, https:\/\/coeser.de\/blog\/wp-content\/uploads\/2023\/07\/danzig-museum-weltkrieg-03-christian-oeser-768x512.jpg 768w, https:\/\/coeser.de\/blog\/wp-content\/uploads\/2023\/07\/danzig-museum-weltkrieg-03-christian-oeser-330x220.jpg 330w\" sizes=\"auto, (max-width: 960px) 100vw, 960px\" \/><figcaption class=\"caption wp-caption-text\">Nachgebaute Kriegsschaupl\u00e4tze im Museum des Zweiten Weltkriegs sorgen f\u00fcr beklemmende Gef\u00fchle<br \/><a href=\"https:\/\/www.google.de\/maps\/place\/54.356106733216244,18.66034150385073\" target=\"_blank\" rel=\"noopener\">Aufnahmeort anzeigen<\/a><\/figcaption><\/figure>\n<hr \/>\n<h2>7) Europ\u00e4isches Zentrum der Solidarno\u015b\u0107<\/h2>\n<p>Das zweite Museum in Danzig, das du unbedingt sehen musst, ist das <strong>Europ\u00e4ische Zentrum der Solidarno\u015b\u0107 (Europejskie Centrum Solidarno\u015bci)<\/strong>. Die Er\u00f6ffnung fand 2014 statt und das Geb\u00e4ude erinnert mit seiner Form an einen Schiffsrumpf und mit der charakteristischen Rostfassade an die <strong>Danziger Werft (Stocznia Gda\u0144ska)<\/strong>. Das Museum arbeitet ein bemerkenswertes St\u00fcck Zeitgeschichte auf. Am Werftgel\u00e4nde begann im Dezember 1970 nach einer Erh\u00f6hung von Lebensmittelpreisen ein Streik, den die kommunistische Partei in einem Arbeitermassaker niederschlagen lie\u00df. Dieses Ereignis legte den Grundstein f\u00fcr einen neuerlichen Aufstand zehn Jahre sp\u00e4ter. 1980 k\u00e4mpften die Werftarbeiter um die Gr\u00fcndung einer Gewerkschaft, welche den Namen <strong>Solidarno\u015b\u0107<\/strong> erhielt. Der Elektriker und sp\u00e4tere Staatspr\u00e4sident <strong>Lech Wa\u0142\u0119sa<\/strong> wurde zum Anf\u00fchrer einer Bewegung, die rasant anwuchs und schlie\u00dflich zehn Millionen Anh\u00e4nger z\u00e4hlte.<\/p>\n<h3>Das Ende des Kommunismus<\/h3>\n<p>Die Regierung entschied sich diesmal gegen den Einsatz von Gewalt und in der Bewegung entstand eine Welle der Euphorie, die sogenannte Phase des \u201eKarnevals der Solidarno\u015b\u0107\u201c. Im Geheimen bereitete die kommunistische Regierung allerdings die Verh\u00e4ngung des Kriegsrechts vor, welches im Dezember 1981 ausgerufen wurde und f\u00fcr sieben Jahre zu einer Unterbrechung der Bewegung f\u00fchrte. 1988 kam es erneut zu einem gro\u00dfen Streik in der Danzinger Werft und diesmal endete der Aufstand mit Zugest\u00e4ndnissen seitens der Regierung. Im Juni 1989 gab es erste teilfreie Wahlen, die Entstehung einer Regierung mit Vertretern der Solidarno\u015b\u0107 und schlie\u00dflich das Ende des Kommunismus. Dieses Ereignis l\u00f6ste eine regelrechte Welle in Osteuropa aus und schrittweise zerbr\u00f6ckelte das kommunistische System in vielen weiteren L\u00e4ndern.<\/p>\n<h3>Im Museum durch die Danziger Werft<\/h3>\n<p>Mittels Audioguide bewegst du dich durch die gro\u00dfe Ausstellungsfl\u00e4che, die sehr anschaulich die Ereignisse ab 1970 darstellt. Am Ende der Tour kannst du noch auf das Dach des Museums fahren, wo du die Danzinger Werft mit ihren teilweise immer noch in Betrieb befindlichen Kr\u00e4nen \u00fcberblicken kannst. Gleichzeitig wirst du aber auch feststellen, dass ein gro\u00dfer Bereich des Werftgel\u00e4ndes zu einem neuen, modernen Stadtviertel umgebaut wird. Abschlie\u00dfend noch ein wichtiger pers\u00f6nlicher Tipp: sieh dir das Museum des Zweiten Weltkriegs und das Europ\u00e4ische Zentrum der Solidarno\u015b\u0107 unbedingt an zwei unterschiedlichen Besuchstagen an. Beide Ausstellungen sind sehr umfangreich sowie inhaltlich fordernd und du ben\u00f6tigst je nach pers\u00f6nlichem Interesse mehrere Stunden pro Museum.<\/p>\n<figure id=\"attachment_20356\" class=\"thumbnail wp-caption alignnone\" style=\"width: 970px\"><img loading=\"lazy\" decoding=\"async\" class=\"wp-image-20356 size-full\" src=\"https:\/\/coeser.de\/blog\/wp-content\/uploads\/2023\/07\/danzig-solidarnosc-museum-01-christian-oeser.jpg\" alt=\"Museum Solidarno\u015b\u0107 und Denkmal der gefallenen Werftarbeiter 1970 in Danzig\" width=\"960\" height=\"640\" srcset=\"https:\/\/coeser.de\/blog\/wp-content\/uploads\/2023\/07\/danzig-solidarnosc-museum-01-christian-oeser.jpg 960w, https:\/\/coeser.de\/blog\/wp-content\/uploads\/2023\/07\/danzig-solidarnosc-museum-01-christian-oeser-768x512.jpg 768w, https:\/\/coeser.de\/blog\/wp-content\/uploads\/2023\/07\/danzig-solidarnosc-museum-01-christian-oeser-330x220.jpg 330w\" sizes=\"auto, (max-width: 960px) 100vw, 960px\" \/><figcaption class=\"caption wp-caption-text\">Das Museum der Solidarno\u015b\u0107 und das Denkmal der gefallenen Werftarbeiter 1970<br \/><a href=\"https:\/\/www.google.de\/maps\/place\/54.360171423789104,18.64940068193749\" target=\"_blank\" rel=\"noopener\">Aufnahmeort anzeigen<\/a><\/figcaption><\/figure>\n<figure id=\"attachment_20357\" class=\"thumbnail wp-caption alignnone\" style=\"width: 970px\"><img loading=\"lazy\" decoding=\"async\" class=\"wp-image-20357 size-full\" src=\"https:\/\/coeser.de\/blog\/wp-content\/uploads\/2023\/07\/danzig-solidarnosc-museum-02-christian-oeser.jpg\" alt=\"Der original erhaltene Schriftzug am Eingang zur ehemaligen Werft in Danzig\" width=\"960\" height=\"640\" srcset=\"https:\/\/coeser.de\/blog\/wp-content\/uploads\/2023\/07\/danzig-solidarnosc-museum-02-christian-oeser.jpg 960w, https:\/\/coeser.de\/blog\/wp-content\/uploads\/2023\/07\/danzig-solidarnosc-museum-02-christian-oeser-768x512.jpg 768w, https:\/\/coeser.de\/blog\/wp-content\/uploads\/2023\/07\/danzig-solidarnosc-museum-02-christian-oeser-330x220.jpg 330w\" sizes=\"auto, (max-width: 960px) 100vw, 960px\" \/><figcaption class=\"caption wp-caption-text\">Der original erhaltene Schriftzug am Eingang zur ehemaligen Werft in Danzig<br \/><a href=\"https:\/\/www.google.de\/maps\/place\/54.36053214192709,18.649749333889662\" target=\"_blank\" rel=\"noopener\">Aufnahmeort anzeigen<\/a><\/figcaption><\/figure>\n<figure id=\"attachment_20358\" class=\"thumbnail wp-caption alignnone\" style=\"width: 970px\"><img loading=\"lazy\" decoding=\"async\" class=\"wp-image-20358 size-full\" src=\"https:\/\/coeser.de\/blog\/wp-content\/uploads\/2023\/07\/danzig-solidarnosc-museum-03-christian-oeser.jpg\" alt=\"Innenansicht des Europ\u00e4ischen Zentrums der Solidarno\u015b\u0107 in Danzig\" width=\"960\" height=\"640\" srcset=\"https:\/\/coeser.de\/blog\/wp-content\/uploads\/2023\/07\/danzig-solidarnosc-museum-03-christian-oeser.jpg 960w, https:\/\/coeser.de\/blog\/wp-content\/uploads\/2023\/07\/danzig-solidarnosc-museum-03-christian-oeser-768x512.jpg 768w, https:\/\/coeser.de\/blog\/wp-content\/uploads\/2023\/07\/danzig-solidarnosc-museum-03-christian-oeser-330x220.jpg 330w\" sizes=\"auto, (max-width: 960px) 100vw, 960px\" \/><figcaption class=\"caption wp-caption-text\">Das moderne Innenleben des Europ\u00e4ischen Zentrums der Solidarno\u015b\u0107 in Danzig<br \/><a href=\"https:\/\/www.google.de\/maps\/place\/54.36129151956356,18.649373393960182\" target=\"_blank\" rel=\"noopener\">Aufnahmeort anzeigen<\/a><\/figcaption><\/figure>\n<figure id=\"attachment_20359\" class=\"thumbnail wp-caption alignnone\" style=\"width: 970px\"><img loading=\"lazy\" decoding=\"async\" class=\"wp-image-20359 size-full\" src=\"https:\/\/coeser.de\/blog\/wp-content\/uploads\/2023\/07\/danzig-solidarnosc-museum-04-christian-oeser.jpg\" alt=\"Ausstellung im Europ\u00e4ischen Zentrum der Solidarno\u015b\u0107 in Danzig\" width=\"960\" height=\"640\" srcset=\"https:\/\/coeser.de\/blog\/wp-content\/uploads\/2023\/07\/danzig-solidarnosc-museum-04-christian-oeser.jpg 960w, https:\/\/coeser.de\/blog\/wp-content\/uploads\/2023\/07\/danzig-solidarnosc-museum-04-christian-oeser-768x512.jpg 768w, https:\/\/coeser.de\/blog\/wp-content\/uploads\/2023\/07\/danzig-solidarnosc-museum-04-christian-oeser-330x220.jpg 330w\" sizes=\"auto, (max-width: 960px) 100vw, 960px\" \/><figcaption class=\"caption wp-caption-text\">Die Ausstellung im Europ\u00e4ischen Zentrum der Solidarno\u015b\u0107 stellt die Geschichte verst\u00e4ndlich nach<br \/><a href=\"https:\/\/www.google.de\/maps\/place\/54.36129151956356,18.649373393960182\" target=\"_blank\" rel=\"noopener\">Aufnahmeort anzeigen<\/a><\/figcaption><\/figure>\n<figure id=\"attachment_20360\" class=\"thumbnail wp-caption alignnone\" style=\"width: 970px\"><img loading=\"lazy\" decoding=\"async\" class=\"wp-image-20360 size-full\" src=\"https:\/\/coeser.de\/blog\/wp-content\/uploads\/2023\/07\/danzig-solidarnosc-museum-05-christian-oeser.jpg\" alt=\"Ausstellung im Europ\u00e4ischen Zentrum der Solidarno\u015b\u0107 in Danzig\" width=\"960\" height=\"640\" srcset=\"https:\/\/coeser.de\/blog\/wp-content\/uploads\/2023\/07\/danzig-solidarnosc-museum-05-christian-oeser.jpg 960w, https:\/\/coeser.de\/blog\/wp-content\/uploads\/2023\/07\/danzig-solidarnosc-museum-05-christian-oeser-768x512.jpg 768w, https:\/\/coeser.de\/blog\/wp-content\/uploads\/2023\/07\/danzig-solidarnosc-museum-05-christian-oeser-330x220.jpg 330w\" sizes=\"auto, (max-width: 960px) 100vw, 960px\" \/><figcaption class=\"caption wp-caption-text\">Auf einer Wand kannst du auf kleinen Zetteln eine Botschaft im Museum der Solidarno\u015b\u0107 hinterlassen<br \/><a href=\"https:\/\/www.google.de\/maps\/place\/54.36129151956356,18.649373393960182\" target=\"_blank\" rel=\"noopener\">Aufnahmeort anzeigen<\/a><\/figcaption><\/figure>\n<figure id=\"attachment_20361\" class=\"thumbnail wp-caption alignnone\" style=\"width: 970px\"><img loading=\"lazy\" decoding=\"async\" class=\"wp-image-20361 size-full\" src=\"https:\/\/coeser.de\/blog\/wp-content\/uploads\/2023\/07\/danzig-solidarnosc-museum-06-christian-oeser.jpg\" alt=\"Kr\u00e4ne der Danziger Werft hinter dem Museum der Solidarno\u015b\u0107\" width=\"960\" height=\"640\" srcset=\"https:\/\/coeser.de\/blog\/wp-content\/uploads\/2023\/07\/danzig-solidarnosc-museum-06-christian-oeser.jpg 960w, https:\/\/coeser.de\/blog\/wp-content\/uploads\/2023\/07\/danzig-solidarnosc-museum-06-christian-oeser-768x512.jpg 768w, https:\/\/coeser.de\/blog\/wp-content\/uploads\/2023\/07\/danzig-solidarnosc-museum-06-christian-oeser-330x220.jpg 330w\" sizes=\"auto, (max-width: 960px) 100vw, 960px\" \/><figcaption class=\"caption wp-caption-text\">Unmittelbar hinter dem Museum der Solidarno\u015b\u0107 sind noch Kr\u00e4ne der Danziger Werft sichtbar<br \/><a href=\"https:\/\/www.google.de\/maps\/place\/54.36234264542955,18.646155365899\" target=\"_blank\" rel=\"noopener\">Aufnahmeort anzeigen<\/a><\/figcaption><\/figure>\n<hr \/>\n<h2>8) Westerplatte<\/h2>\n<p>Die <strong>Westerplatte<\/strong> bezeichnet eine Halbinsel an der Ostsee rund f\u00fcnf Kilometer n\u00f6rdlich von Danzig. Sie ist ein geschichtlich relevanter Ort, denn dort begann mit dem Beschuss eines Munitionslagers am 1. September 1939 der Zweite Weltkrieg. Die polnischen Kr\u00e4fte konnten die Einnahme bis 7. September verhindern, ehe sie kapitulierten. Zum Gedenken an die Soldaten wurde 1966 das ber\u00fchmte, 23 Meter hohe <strong>Westerplatte-Denkmal (Pomnik Obro\u0144c\u00f3w Wybrze\u017ca)<\/strong> eingeweiht. Von der Danziger Innenstadt aus f\u00e4hrst du mit dem Bus 106 bis zur Endstation <em>Westerplatte<\/em> und gehst dann einige Minuten zu Fu\u00df zum Denkmal. Auf dem Weg dorthin kannst du eine<strong> schwer besch\u00e4digte Baracke (Westerplatte ruiny Nowych Koszar)<\/strong> von innen besichtigen. Bevor du in die Stadt zur\u00fcckf\u00e4hrst, genie\u00dft du am besten noch etwas Zeit am <strong>Strand<\/strong>, der direkt hinter der Busstation liegt.<\/p>\n<figure id=\"attachment_20348\" class=\"thumbnail wp-caption alignnone\" style=\"width: 970px\"><img loading=\"lazy\" decoding=\"async\" class=\"wp-image-20348 size-full\" src=\"https:\/\/coeser.de\/blog\/wp-content\/uploads\/2023\/07\/danzig-westerplatte-01-denkmal-christian-oeser.jpg\" alt=\"Westerplatte-Denkmal in Danzig\" width=\"960\" height=\"640\" srcset=\"https:\/\/coeser.de\/blog\/wp-content\/uploads\/2023\/07\/danzig-westerplatte-01-denkmal-christian-oeser.jpg 960w, https:\/\/coeser.de\/blog\/wp-content\/uploads\/2023\/07\/danzig-westerplatte-01-denkmal-christian-oeser-768x512.jpg 768w, https:\/\/coeser.de\/blog\/wp-content\/uploads\/2023\/07\/danzig-westerplatte-01-denkmal-christian-oeser-330x220.jpg 330w\" sizes=\"auto, (max-width: 960px) 100vw, 960px\" \/><figcaption class=\"caption wp-caption-text\">Das un\u00fcbersehbare, 23 Meter hohe Westerplatte-Denkmal in Danzig<br \/><a href=\"https:\/\/www.google.de\/maps\/place\/54.40645459656231,18.666536499497408\" target=\"_blank\" rel=\"noopener\">Aufnahmeort anzeigen<\/a><\/figcaption><\/figure>\n<figure id=\"attachment_20349\" class=\"thumbnail wp-caption alignnone\" style=\"width: 970px\"><img loading=\"lazy\" decoding=\"async\" class=\"wp-image-20349 size-full\" src=\"https:\/\/coeser.de\/blog\/wp-content\/uploads\/2023\/07\/danzig-westerplatte-02-baracke-christian-oeser.jpg\" alt=\"Eine zerst\u00f6rte Baracke nahe des Westerplatte-Denkmals in Danzig\" width=\"960\" height=\"640\" srcset=\"https:\/\/coeser.de\/blog\/wp-content\/uploads\/2023\/07\/danzig-westerplatte-02-baracke-christian-oeser.jpg 960w, https:\/\/coeser.de\/blog\/wp-content\/uploads\/2023\/07\/danzig-westerplatte-02-baracke-christian-oeser-768x512.jpg 768w, https:\/\/coeser.de\/blog\/wp-content\/uploads\/2023\/07\/danzig-westerplatte-02-baracke-christian-oeser-330x220.jpg 330w\" sizes=\"auto, (max-width: 960px) 100vw, 960px\" \/><figcaption class=\"caption wp-caption-text\">Eine zerst\u00f6rte Baracke nahe des Westerplatte-Denkmals kannst du auch von innen besichtigen<br \/><a href=\"https:\/\/www.google.de\/maps\/place\/54.40666384790574,18.67173588559971\" target=\"_blank\" rel=\"noopener\">Aufnahmeort anzeigen<\/a><\/figcaption><\/figure>\n<figure id=\"attachment_20350\" class=\"thumbnail wp-caption alignnone\" style=\"width: 970px\"><img loading=\"lazy\" decoding=\"async\" class=\"wp-image-20350 size-full\" src=\"https:\/\/coeser.de\/blog\/wp-content\/uploads\/2023\/07\/danzig-westerplatte-03-strand-christian-oeser.jpg\" alt=\"Strand und Meer nahe des Westerplatte-Denkmals in Danzig\" width=\"960\" height=\"640\" srcset=\"https:\/\/coeser.de\/blog\/wp-content\/uploads\/2023\/07\/danzig-westerplatte-03-strand-christian-oeser.jpg 960w, https:\/\/coeser.de\/blog\/wp-content\/uploads\/2023\/07\/danzig-westerplatte-03-strand-christian-oeser-768x512.jpg 768w, https:\/\/coeser.de\/blog\/wp-content\/uploads\/2023\/07\/danzig-westerplatte-03-strand-christian-oeser-330x220.jpg 330w\" sizes=\"auto, (max-width: 960px) 100vw, 960px\" \/><figcaption class=\"caption wp-caption-text\">Nach der Besichtigung des Westerplatte-Denkmals wartet das Meer auf dich<br \/><a href=\"https:\/\/www.google.de\/maps\/place\/54.407947847304364,18.677590775368625\" target=\"_blank\" rel=\"noopener\">Aufnahmeort anzeigen<\/a><\/figcaption><\/figure>\n<hr \/>\n<h2>9) Der Flohmarkt in Oliwa<\/h2>\n<p>Nirgendwo bekommt man einen derart guten Einblick in das Leben der Einheimischen wie auf einem Flohmarkt. Meine Freundin und ich planten deshalb den <strong>Flohmarkt von Oliwa (Pchli Targ w Oliwie)<\/strong> am Stadtrand von Danzig in unser Programm ein. Die Anfahrt aus der Innenstadt ist zwar etwas zeitaufwendiger, geht mit der Stra\u00dfenbahnlinie 6 bis zur Station <em>Obro\u0144c\u00f3w Westerplatte<\/em> und einem kurzen Fu\u00dfweg aber bequem vonstatten. W\u00e4hrend der Fahrt bekommst du so au\u00dferdem die Vielfalt von Danzig au\u00dferhalb der historischen Innenstadt mit. Auf dem Flohmarkt, der jeden Sonntag ab 9 Uhr stattfindet, st\u00f6berst du dich durch klassische Sch\u00e4tze und Ramsch in den Bereichen Antiquit\u00e4ten, Spielzeug, B\u00fccher und Kleidung. Solltest du etwas kaufen wollen, wirst du h\u00f6chstwahrscheinlich Bargeld ben\u00f6tigen, das du von einem Geldautomaten ums Eck abheben kannst.<\/p>\n<figure id=\"attachment_20355\" class=\"thumbnail wp-caption alignnone\" style=\"width: 970px\"><img loading=\"lazy\" decoding=\"async\" class=\"wp-image-20355 size-full\" src=\"https:\/\/coeser.de\/blog\/wp-content\/uploads\/2023\/07\/danzig-flohmarkt-oliwa-christian-oeser.jpg\" alt=\"Flohmarkt von Oliwa in Danzig\" width=\"960\" height=\"640\" srcset=\"https:\/\/coeser.de\/blog\/wp-content\/uploads\/2023\/07\/danzig-flohmarkt-oliwa-christian-oeser.jpg 960w, https:\/\/coeser.de\/blog\/wp-content\/uploads\/2023\/07\/danzig-flohmarkt-oliwa-christian-oeser-768x512.jpg 768w, https:\/\/coeser.de\/blog\/wp-content\/uploads\/2023\/07\/danzig-flohmarkt-oliwa-christian-oeser-330x220.jpg 330w\" sizes=\"auto, (max-width: 960px) 100vw, 960px\" \/><figcaption class=\"caption wp-caption-text\">Der Flohmarkt von Oliwa in Danzig &#8211; alles, was das Ramsch-Herz begehrt!<br \/><a href=\"https:\/\/www.google.de\/maps\/place\/54.40851985180785,18.559867778076786\" target=\"_blank\" rel=\"noopener\">Aufnahmeort anzeigen<\/a><\/figcaption><\/figure>\n<hr \/>\n<h2>10) Das Stadion Danzig<\/h2>\n<p>Der letzte Tipp ist etwas f\u00fcr dich, wenn du an Fu\u00dfball, Architektur oder beidem interessiert bist. Schon seit vielen Jahren fotografiere ich auf meinen Reisen Stadien, eine \u00dcbersicht findest du in <a href=\"https:\/\/coeser.de\/showcase\/stadien.html\" target=\"_blank\" rel=\"noopener\"><strong>meinem Portfolio auf coeser.de\/showcase<\/strong><\/a>. Das <strong>Stadion Danzig (Polsat Plus Arena Gda\u0144sk)<\/strong> wurde f\u00fcr die Fu\u00dfball-Europameisterschaft 2012 gebaut, die in Polen und der Ukraine stattfand. Der Klub <em>Lechia Gda\u0144sk<\/em> h\u00e4lt dort seine Heimspiele ab und falls du interessiert bist, kannst du auf der Webseite <a href=\"https:\/\/bilety.lechia.pl\/\" target=\"_blank\" rel=\"noopener\"><strong>bilety.lechia.pl<\/strong><\/a> Tickets kaufen. Wir haben uns das Stadion (gut erreichbar \u00fcbrigens mit den Stra\u00dfenbahn-Linien 7 und 10, Station <em>Stadion<\/em>) \u00fcber einen eigens eingerichteten Aussichtspunkt (<em>Punkt widokowy<\/em>) angeschaut. Karten daf\u00fcr gibt es zwar online auf <strong><a href=\"https:\/\/polsatplusarenagdansk.pl\/punkt-widokowy\/\" target=\"_blank\" rel=\"noopener\">polsatplusarenagdansk.pl<\/a><\/strong>, allerdings ist keine Zahlung per Kreditkarte m\u00f6glich. Vor Ort bekommst du Tickets aber im Eingangsbereich des Sekretariats im Erdgeschoss.<\/p>\n<figure id=\"attachment_20351\" class=\"thumbnail wp-caption alignnone\" style=\"width: 970px\"><img loading=\"lazy\" decoding=\"async\" class=\"wp-image-20351 size-full\" src=\"https:\/\/coeser.de\/blog\/wp-content\/uploads\/2023\/07\/danzig-stadion-arena-01-christian-oeser.jpg\" alt=\"Au\u00dfenansicht des Stadions von Danzig (Polsat Plus Arena Gda\u0144sk)\" width=\"960\" height=\"640\" srcset=\"https:\/\/coeser.de\/blog\/wp-content\/uploads\/2023\/07\/danzig-stadion-arena-01-christian-oeser.jpg 960w, https:\/\/coeser.de\/blog\/wp-content\/uploads\/2023\/07\/danzig-stadion-arena-01-christian-oeser-768x512.jpg 768w, https:\/\/coeser.de\/blog\/wp-content\/uploads\/2023\/07\/danzig-stadion-arena-01-christian-oeser-330x220.jpg 330w\" sizes=\"auto, (max-width: 960px) 100vw, 960px\" \/><figcaption class=\"caption wp-caption-text\">Die goldene Au\u00dfenh\u00fclle der Polsat Plus Arena Gda\u0144sk soll an Bernstein erinnern<br \/><a href=\"https:\/\/www.google.de\/maps\/place\/54.390924410477005,18.63821475896432\" target=\"_blank\" rel=\"noopener\">Aufnahmeort anzeigen<\/a><\/figcaption><\/figure>\n<figure id=\"attachment_20352\" class=\"thumbnail wp-caption alignnone\" style=\"width: 970px\"><img loading=\"lazy\" decoding=\"async\" class=\"wp-image-20352 size-full\" src=\"https:\/\/coeser.de\/blog\/wp-content\/uploads\/2023\/07\/danzig-stadion-arena-02-christian-oeser.jpg\" alt=\"Panorama des Stadions von Danzig (Polsat Plus Arena Gda\u0144sk)\" width=\"960\" height=\"448\" srcset=\"https:\/\/coeser.de\/blog\/wp-content\/uploads\/2023\/07\/danzig-stadion-arena-02-christian-oeser.jpg 960w, https:\/\/coeser.de\/blog\/wp-content\/uploads\/2023\/07\/danzig-stadion-arena-02-christian-oeser-768x358.jpg 768w\" sizes=\"auto, (max-width: 960px) 100vw, 960px\" \/><figcaption class=\"caption wp-caption-text\">Rund 42.000 Menschen passen in das Stadion Danzig<br \/><a href=\"https:\/\/www.google.de\/maps\/place\/54.38930293512999,18.640693292257673\" target=\"_blank\" rel=\"noopener\">Aufnahmeort anzeigen<\/a><\/figcaption><\/figure>\n<hr \/>\n<div class=\"tipps\">\n<h2>Allgemeine Tipps f\u00fcr Danzig<\/h2>\n<p>Aufgrund des g\u00fcnstigen Preises buchten wir f\u00fcr die Hinfahrt im Zug Tickets f\u00fcr die 1. Klasse. Nach einer \u00fcber zehnst\u00fcndigen Fahrt kann ich dir aber berichten, dass sich<strong> in polnischen Z\u00fcgen die 1. Klasse nicht wesentlich von der 2. Klasse abhebt<\/strong>. Es gibt ausschlie\u00dflich Abteile und etwas mehr Platz \u2013 das war es aber auch schon.<\/p>\n<p>Sieh dir nach der Ankunft in Danzig das <strong>Geb\u00e4ude des Hauptbahnhofs<\/strong> an, es ist ein absoluter Prachtbau von au\u00dfen! Die Innenansicht blieb uns leider verwehrt, da gerade eine Generalsanierung stattfand.<\/p>\n<p>\u00d6ffentliche Verkehrsmittel in Form von <strong>Stra\u00dfenbahnen und Bussen<\/strong> ben\u00f6tigst du in Danzig wahrscheinlich, um vom Bahnhof zu deinem Hotel zu kommen und wenn du die Sehensw\u00fcrdigkeiten au\u00dferhalb der Innenstadt besichtigen willst. Die alten roten Ticketautomaten (Achtung, nicht an jeder Haltestelle!) lassen sich auf Deutsch umstellen und sind selbsterkl\u00e4rend f\u00fcr Einzel- oder Tagestickets. Das System d\u00fcrfte aber auf moderne Ger\u00e4te umgestellt werden, an denen du wie bereits in vielen anderen St\u00e4dten mit deiner Kreditkarte auch direkt in den Fahrzeugen Tickets erh\u00e4ltst. Zum Zeitpunkt unseres Besuchs waren die neuen Automaten zwar schon \u00fcberall zu sehen, aber noch inaktiv.<\/p>\n<p>Falls du wie ich gerne Souvenirs aus dem Urlaub mitnimmst, wirst du in Danzig gl\u00fccklich werden. Es gibt <strong>unglaublich viele Souvenirst\u00e4nde<\/strong> mit einer sehr gro\u00dfen Auswahl \u2013 eine Wohltat im Vergleich zu anderen St\u00e4dten, wo es teils \u00fcberhaupt nichts Brauchbares als Erinnerung gibt.<\/p>\n<p>Die <strong>Preise in Danzig<\/strong> sind im Vergleich zu Wien deutlich g\u00fcnstiger, teilweise bis zu 50 Prozent. Das machte es meiner Freundin und mir sehr einfach, uns in den Lokalen und Gesch\u00e4ften auch etwas mehr zu g\u00f6nnen.<\/p>\n<p>Wir haben w\u00e4hrend des gesamten Aufenthalts in Danzig <strong>kein Bargeld<\/strong> abgehoben und konnten mit einer Ausnahme <strong>\u00fcberall mit Kreditkarte<\/strong> bezahlen. Nur auf dem Flohmarkt w\u00e4re es notwendig gewesen, am dortigen Bankomaten Bargeld zu beheben, falls wir etwas Interessantes gefunden h\u00e4tten.<\/p>\n<div id='gallery-3' class='gallery galleryid-20292 gallery-columns-7 gallery-size-thumbnail'><figure class='gallery-item'>\n\t\t\t<div class='gallery-icon landscape'>\n\t\t\t\t<a href='https:\/\/coeser.de\/blog\/wp-content\/uploads\/2023\/07\/danzig-glowny-hauptbahnhof-01-christian-oeser.jpg' title=\"Au\u00dfenansicht des Hauptbahnhofs von Danzig\" data-rl_title=\"Au\u00dfenansicht des Hauptbahnhofs von Danzig\" class=\"rl-gallery-link\" data-rl_caption=\"Aufnahmeort anzeigen\" data-rel=\"lightbox-gallery-3\"><img loading=\"lazy\" decoding=\"async\" width=\"150\" height=\"150\" src=\"https:\/\/coeser.de\/blog\/wp-content\/uploads\/2023\/07\/danzig-glowny-hauptbahnhof-01-christian-oeser-150x150.jpg\" class=\"attachment-thumbnail size-thumbnail\" alt=\"Au\u00dfenansicht des Hauptbahnhofs von Danzig\" aria-describedby=\"gallery-3-20343\" \/><\/a>\n\t\t\t<\/div>\n\t\t\t\t<figcaption class='wp-caption-text gallery-caption' id='gallery-3-20343'>\n\t\t\t\tAu\u00dfenansicht des Hauptbahnhofs von Danzig\n\t\t\t\t<\/figcaption><\/figure><figure class='gallery-item'>\n\t\t\t<div class='gallery-icon landscape'>\n\t\t\t\t<a href='https:\/\/coeser.de\/blog\/wp-content\/uploads\/2023\/07\/danzig-glowny-hauptbahnhof-02-christian-oeser.jpg' title=\"Bahnsteige im Hauptbahnhof von Danzig\" data-rl_title=\"Bahnsteige im Hauptbahnhof von Danzig\" class=\"rl-gallery-link\" data-rl_caption=\"Aufnahmeort anzeigen\" data-rel=\"lightbox-gallery-3\"><img loading=\"lazy\" decoding=\"async\" width=\"150\" height=\"150\" src=\"https:\/\/coeser.de\/blog\/wp-content\/uploads\/2023\/07\/danzig-glowny-hauptbahnhof-02-christian-oeser-150x150.jpg\" class=\"attachment-thumbnail size-thumbnail\" alt=\"Bahnsteige im Hauptbahnhof von Danzig\" aria-describedby=\"gallery-3-20344\" \/><\/a>\n\t\t\t<\/div>\n\t\t\t\t<figcaption class='wp-caption-text gallery-caption' id='gallery-3-20344'>\n\t\t\t\tBahnsteige im Hauptbahnhof von Danzig\n\t\t\t\t<\/figcaption><\/figure><figure class='gallery-item'>\n\t\t\t<div class='gallery-icon landscape'>\n\t\t\t\t<a href='https:\/\/coeser.de\/blog\/wp-content\/uploads\/2023\/07\/danzig-strassenbahn-christian-oeser.jpg' title=\"Eine Stra\u00dfenbahn in Danzig\" data-rl_title=\"Eine Stra\u00dfenbahn in Danzig\" class=\"rl-gallery-link\" data-rl_caption=\"Aufnahmeort anzeigen\" data-rel=\"lightbox-gallery-3\"><img loading=\"lazy\" decoding=\"async\" width=\"150\" height=\"150\" src=\"https:\/\/coeser.de\/blog\/wp-content\/uploads\/2023\/07\/danzig-strassenbahn-christian-oeser-150x150.jpg\" class=\"attachment-thumbnail size-thumbnail\" alt=\"Eine Stra\u00dfenbahn in Danzig\" aria-describedby=\"gallery-3-20346\" \/><\/a>\n\t\t\t<\/div>\n\t\t\t\t<figcaption class='wp-caption-text gallery-caption' id='gallery-3-20346'>\n\t\t\t\tEine Stra\u00dfenbahn in Danzig\n\t\t\t\t<\/figcaption><\/figure><figure class='gallery-item'>\n\t\t\t<div class='gallery-icon landscape'>\n\t\t\t\t<a href='https:\/\/coeser.de\/blog\/wp-content\/uploads\/2023\/07\/danzig-souvenirs-goldwasser-christian-oeser.jpg' title=\"Goldwasser und Magnete als beliebte Souvenirs in Danzig\" data-rl_title=\"Goldwasser und Magnete als beliebte Souvenirs in Danzig\" class=\"rl-gallery-link\" data-rl_caption=\"Aufnahmeort anzeigen\" data-rel=\"lightbox-gallery-3\"><img loading=\"lazy\" decoding=\"async\" width=\"150\" height=\"150\" src=\"https:\/\/coeser.de\/blog\/wp-content\/uploads\/2023\/07\/danzig-souvenirs-goldwasser-christian-oeser-150x150.jpg\" class=\"attachment-thumbnail size-thumbnail\" alt=\"Goldwasser und Magnete als beliebte Souvenirs in Danzig\" aria-describedby=\"gallery-3-20345\" \/><\/a>\n\t\t\t<\/div>\n\t\t\t\t<figcaption class='wp-caption-text gallery-caption' id='gallery-3-20345'>\n\t\t\t\tGoldwasser und Magnete als beliebte Souvenirs in Danzig\n\t\t\t\t<\/figcaption><\/figure>\n\t\t<\/div>\n\n<\/div>\n<p>&nbsp;<\/p>\n<hr \/>\n<div class=\"fazit\">\n<h2>FAZIT<\/h2>\n<p>Nach dem Lesen dieses Artikels solltest du keine Zweifel mehr daran haben, Danzig sofort auf die Spitze deiner Wunschliste zu setzen! Die Stadt an der Ostsee bietet eine unglaubliche Vielfalt in allen Bereichen. Die wiederaufgebaute Rechtstadt l\u00e4dt mit ihren Patrizierh\u00e4usern und den sehenswerten Bauwerken zum Flanieren, Verweilen und Genie\u00dfen ein. Mit einem Besuch der zwei gro\u00dfartig aufbereiteten Ausstellungen im Museum des Zweiten Weltkriegs und des Europ\u00e4ischen Zentrums der Solidarno\u015b\u0107 bekommst du einen \u00dcberblick \u00fcber die komplette Geschichte der Stadt. Auch die kulinarische Seite von Danzig \u00fcberzeugte meine Freundin und mich auf allen Ebenen. Schreib mir gerne einen Kommentar, ob du nun auf sofort nach Danzig reisen willst!<\/p>\n<\/div>\n<p>&nbsp;<\/p>\n<div style=\"display: none;\">\n<p><img loading=\"lazy\" decoding=\"async\" class=\"alignnone size-full wp-image-20384\" src=\"https:\/\/coeser.de\/blog\/wp-content\/uploads\/2023\/07\/danzig-p01-christian-oeser.jpg\" alt=\"Danzig: Reisebericht mit Erfahrungen zu Sehensw\u00fcrdigkeiten, den besten Fotospots sowie allgemeinen Tipps und Restaurantempfehlungen.\" width=\"735\" height=\"1102\" \/><\/p>\n<p><img loading=\"lazy\" decoding=\"async\" class=\"alignnone size-full wp-image-20385\" src=\"https:\/\/coeser.de\/blog\/wp-content\/uploads\/2023\/07\/danzig-p02-christian-oeser.jpg\" alt=\"Danzig: Reisebericht mit Erfahrungen zu Sehensw\u00fcrdigkeiten, den besten Fotospots sowie allgemeinen Tipps und Restaurantempfehlungen.\" width=\"735\" height=\"1102\" \/><\/p>\n<\/div>\n","protected":false},"excerpt":{"rendered":"<p>Die Hafenstadt Danzig z\u00e4hlt zu den attraktivsten Zielen in Polen. Eine der sch\u00f6nsten Innenst\u00e4dte des Landes l\u00e4dt zu ausgiebigen Spazierg\u00e4ngen und Erkundungstouren ein, zahlreiche Lokale bieten nach einer Sightseeingtour k\u00f6stliche einheimische K\u00fcche sowie lokales Bier. Danzig hat eine mehr als bewegte Geschichte hinter sich, unter anderem den Zweiten Weltkrieg und die darauffolgende Zeit des Kommunismus, [&hellip;]<\/p>\n","protected":false},"author":1,"featured_media":20309,"comment_status":"open","ping_status":"open","sticky":false,"template":"","format":"standard","meta":{"_jetpack_memberships_contains_paid_content":false,"footnotes":""},"categories":[65],"tags":[9,464,11,12,71,41,68,10],"class_list":["post-20292","post","type-post","status-publish","format-standard","has-post-thumbnail","hentry","category-polen","tag-cityguide","tag-danzig","tag-fotospots","tag-fototipps","tag-polen","tag-reisebericht","tag-reisefuehrer","tag-staedtereise"],"yoast_head":"<!-- This site is optimized with the Yoast SEO plugin v27.4 - https:\/\/yoast.com\/product\/yoast-seo-wordpress\/ -->\n<title>Danzig: Eine St\u00e4dtereise durch die Zeit<\/title>\n<meta name=\"description\" content=\"Danzig: Reisebericht mit Erfahrungen zu Sehensw\u00fcrdigkeiten, den besten Fotospots sowie allgemeinen Tipps und Restaurantempfehlungen.\" \/>\n<meta name=\"robots\" content=\"index, follow, max-snippet:-1, max-image-preview:large, max-video-preview:-1\" \/>\n<link rel=\"canonical\" href=\"https:\/\/coeser.de\/blog\/index.php\/2023\/08\/08\/danzig-staedtereise-durch-die-zeit\/\" \/>\n<meta property=\"og:locale\" content=\"de_DE\" \/>\n<meta property=\"og:type\" content=\"article\" \/>\n<meta property=\"og:title\" content=\"Danzig: Eine St\u00e4dtereise durch die Zeit\" \/>\n<meta property=\"og:description\" content=\"Danzig: Reisebericht mit Erfahrungen zu Sehensw\u00fcrdigkeiten, den besten Fotospots sowie allgemeinen Tipps und Restaurantempfehlungen.\" \/>\n<meta property=\"og:url\" content=\"https:\/\/coeser.de\/blog\/index.php\/2023\/08\/08\/danzig-staedtereise-durch-die-zeit\/\" \/>\n<meta property=\"og:site_name\" content=\"fern &amp; nah - Reiseblog und Fotostories von Christian \u00d6ser\" \/>\n<meta property=\"article:publisher\" content=\"Christian \u00d6ser\" \/>\n<meta property=\"article:author\" content=\"Christian \u00d6ser\" \/>\n<meta property=\"article:published_time\" content=\"2023-08-08T05:00:46+00:00\" \/>\n<meta property=\"article:modified_time\" content=\"2023-09-05T10:14:59+00:00\" \/>\n<meta property=\"og:image\" content=\"https:\/\/coeser.de\/blog\/wp-content\/uploads\/2023\/07\/danzig-aufmacher-langer-markt-christian-oeser.jpg\" \/>\n\t<meta property=\"og:image:width\" content=\"978\" \/>\n\t<meta property=\"og:image:height\" content=\"550\" \/>\n\t<meta property=\"og:image:type\" content=\"image\/jpeg\" \/>\n<meta name=\"author\" content=\"Christian \u00d6ser\" \/>\n<meta name=\"twitter:card\" content=\"summary_large_image\" \/>\n<meta name=\"twitter:label1\" content=\"Verfasst von\" \/>\n\t<meta name=\"twitter:data1\" content=\"Christian \u00d6ser\" \/>\n\t<meta name=\"twitter:label2\" content=\"Gesch\u00e4tzte Lesezeit\" \/>\n\t<meta name=\"twitter:data2\" content=\"33\u00a0Minuten\" \/>\n<script type=\"application\/ld+json\" class=\"yoast-schema-graph\">{\"@context\":\"https:\\\/\\\/schema.org\",\"@graph\":[{\"@type\":\"Article\",\"@id\":\"https:\\\/\\\/coeser.de\\\/blog\\\/index.php\\\/2023\\\/08\\\/08\\\/danzig-staedtereise-durch-die-zeit\\\/#article\",\"isPartOf\":{\"@id\":\"https:\\\/\\\/coeser.de\\\/blog\\\/index.php\\\/2023\\\/08\\\/08\\\/danzig-staedtereise-durch-die-zeit\\\/\"},\"author\":{\"name\":\"Christian \u00d6ser\",\"@id\":\"https:\\\/\\\/coeser.de\\\/blog\\\/#\\\/schema\\\/person\\\/fda1d253389076b2cadc3d47018cf315\"},\"headline\":\"Danzig: Eine St\u00e4dtereise durch die Zeit\",\"datePublished\":\"2023-08-08T05:00:46+00:00\",\"dateModified\":\"2023-09-05T10:14:59+00:00\",\"mainEntityOfPage\":{\"@id\":\"https:\\\/\\\/coeser.de\\\/blog\\\/index.php\\\/2023\\\/08\\\/08\\\/danzig-staedtereise-durch-die-zeit\\\/\"},\"wordCount\":4782,\"commentCount\":20,\"publisher\":{\"@id\":\"https:\\\/\\\/coeser.de\\\/blog\\\/#\\\/schema\\\/person\\\/fda1d253389076b2cadc3d47018cf315\"},\"image\":{\"@id\":\"https:\\\/\\\/coeser.de\\\/blog\\\/index.php\\\/2023\\\/08\\\/08\\\/danzig-staedtereise-durch-die-zeit\\\/#primaryimage\"},\"thumbnailUrl\":\"https:\\\/\\\/coeser.de\\\/blog\\\/wp-content\\\/uploads\\\/2023\\\/07\\\/danzig-aufmacher-langer-markt-christian-oeser.jpg\",\"keywords\":[\"Cityguide\",\"Danzig\",\"Fotospots\",\"Fototipps\",\"Polen\",\"Reisebericht\",\"Reisef\u00fchrer\",\"St\u00e4dtereise\"],\"articleSection\":[\"POLEN\"],\"inLanguage\":\"de\",\"potentialAction\":[{\"@type\":\"CommentAction\",\"name\":\"Comment\",\"target\":[\"https:\\\/\\\/coeser.de\\\/blog\\\/index.php\\\/2023\\\/08\\\/08\\\/danzig-staedtereise-durch-die-zeit\\\/#respond\"]}]},{\"@type\":\"WebPage\",\"@id\":\"https:\\\/\\\/coeser.de\\\/blog\\\/index.php\\\/2023\\\/08\\\/08\\\/danzig-staedtereise-durch-die-zeit\\\/\",\"url\":\"https:\\\/\\\/coeser.de\\\/blog\\\/index.php\\\/2023\\\/08\\\/08\\\/danzig-staedtereise-durch-die-zeit\\\/\",\"name\":\"Danzig: Eine St\u00e4dtereise durch die Zeit\",\"isPartOf\":{\"@id\":\"https:\\\/\\\/coeser.de\\\/blog\\\/#website\"},\"primaryImageOfPage\":{\"@id\":\"https:\\\/\\\/coeser.de\\\/blog\\\/index.php\\\/2023\\\/08\\\/08\\\/danzig-staedtereise-durch-die-zeit\\\/#primaryimage\"},\"image\":{\"@id\":\"https:\\\/\\\/coeser.de\\\/blog\\\/index.php\\\/2023\\\/08\\\/08\\\/danzig-staedtereise-durch-die-zeit\\\/#primaryimage\"},\"thumbnailUrl\":\"https:\\\/\\\/coeser.de\\\/blog\\\/wp-content\\\/uploads\\\/2023\\\/07\\\/danzig-aufmacher-langer-markt-christian-oeser.jpg\",\"datePublished\":\"2023-08-08T05:00:46+00:00\",\"dateModified\":\"2023-09-05T10:14:59+00:00\",\"description\":\"Danzig: Reisebericht mit Erfahrungen zu Sehensw\u00fcrdigkeiten, den besten Fotospots sowie allgemeinen Tipps und Restaurantempfehlungen.\",\"breadcrumb\":{\"@id\":\"https:\\\/\\\/coeser.de\\\/blog\\\/index.php\\\/2023\\\/08\\\/08\\\/danzig-staedtereise-durch-die-zeit\\\/#breadcrumb\"},\"inLanguage\":\"de\",\"potentialAction\":[{\"@type\":\"ReadAction\",\"target\":[\"https:\\\/\\\/coeser.de\\\/blog\\\/index.php\\\/2023\\\/08\\\/08\\\/danzig-staedtereise-durch-die-zeit\\\/\"]}]},{\"@type\":\"ImageObject\",\"inLanguage\":\"de\",\"@id\":\"https:\\\/\\\/coeser.de\\\/blog\\\/index.php\\\/2023\\\/08\\\/08\\\/danzig-staedtereise-durch-die-zeit\\\/#primaryimage\",\"url\":\"https:\\\/\\\/coeser.de\\\/blog\\\/wp-content\\\/uploads\\\/2023\\\/07\\\/danzig-aufmacher-langer-markt-christian-oeser.jpg\",\"contentUrl\":\"https:\\\/\\\/coeser.de\\\/blog\\\/wp-content\\\/uploads\\\/2023\\\/07\\\/danzig-aufmacher-langer-markt-christian-oeser.jpg\",\"width\":978,\"height\":550,\"caption\":\"Abendstimmung auf der Ulica D\u0142uga (Lange Gasse) und D\u0142ugi Targ (Langer Markt) in Danzig\"},{\"@type\":\"BreadcrumbList\",\"@id\":\"https:\\\/\\\/coeser.de\\\/blog\\\/index.php\\\/2023\\\/08\\\/08\\\/danzig-staedtereise-durch-die-zeit\\\/#breadcrumb\",\"itemListElement\":[{\"@type\":\"ListItem\",\"position\":1,\"name\":\"Startseite\",\"item\":\"https:\\\/\\\/coeser.de\\\/blog\\\/\"},{\"@type\":\"ListItem\",\"position\":2,\"name\":\"Danzig: Eine St\u00e4dtereise durch die Zeit\"}]},{\"@type\":\"WebSite\",\"@id\":\"https:\\\/\\\/coeser.de\\\/blog\\\/#website\",\"url\":\"https:\\\/\\\/coeser.de\\\/blog\\\/\",\"name\":\"fern &amp; nah - Reiseblog und Fotostories von Christian \u00d6ser\",\"description\":\"Reiseblog und Fotostories von Christian \u00d6ser\",\"publisher\":{\"@id\":\"https:\\\/\\\/coeser.de\\\/blog\\\/#\\\/schema\\\/person\\\/fda1d253389076b2cadc3d47018cf315\"},\"potentialAction\":[{\"@type\":\"SearchAction\",\"target\":{\"@type\":\"EntryPoint\",\"urlTemplate\":\"https:\\\/\\\/coeser.de\\\/blog\\\/?s={search_term_string}\"},\"query-input\":{\"@type\":\"PropertyValueSpecification\",\"valueRequired\":true,\"valueName\":\"search_term_string\"}}],\"inLanguage\":\"de\"},{\"@type\":[\"Person\",\"Organization\"],\"@id\":\"https:\\\/\\\/coeser.de\\\/blog\\\/#\\\/schema\\\/person\\\/fda1d253389076b2cadc3d47018cf315\",\"name\":\"Christian \u00d6ser\",\"image\":{\"@type\":\"ImageObject\",\"inLanguage\":\"de\",\"@id\":\"https:\\\/\\\/coeser.de\\\/blog\\\/wp-content\\\/uploads\\\/2016\\\/08\\\/logo-fern-und-nah-christian-oeser-4.jpg\",\"url\":\"https:\\\/\\\/coeser.de\\\/blog\\\/wp-content\\\/uploads\\\/2016\\\/08\\\/logo-fern-und-nah-christian-oeser-4.jpg\",\"contentUrl\":\"https:\\\/\\\/coeser.de\\\/blog\\\/wp-content\\\/uploads\\\/2016\\\/08\\\/logo-fern-und-nah-christian-oeser-4.jpg\",\"width\":1090,\"height\":245,\"caption\":\"Christian \u00d6ser\"},\"logo\":{\"@id\":\"https:\\\/\\\/coeser.de\\\/blog\\\/wp-content\\\/uploads\\\/2016\\\/08\\\/logo-fern-und-nah-christian-oeser-4.jpg\"},\"sameAs\":[\"http:\\\/\\\/www.coeser.de\",\"Christian \u00d6ser\",\"https:\\\/\\\/www.instagram.com\\\/coeser_de\\\/\",\"https:\\\/\\\/www.pinterest.at\\\/nightline5\\\/\"],\"url\":\"https:\\\/\\\/coeser.de\\\/blog\\\/index.php\\\/author\\\/coeser\\\/\"}]}<\/script>\n<!-- \/ Yoast SEO plugin. -->","yoast_head_json":{"title":"Danzig: Eine St\u00e4dtereise durch die Zeit","description":"Danzig: Reisebericht mit Erfahrungen zu Sehensw\u00fcrdigkeiten, den besten Fotospots sowie allgemeinen Tipps und Restaurantempfehlungen.","robots":{"index":"index","follow":"follow","max-snippet":"max-snippet:-1","max-image-preview":"max-image-preview:large","max-video-preview":"max-video-preview:-1"},"canonical":"https:\/\/coeser.de\/blog\/index.php\/2023\/08\/08\/danzig-staedtereise-durch-die-zeit\/","og_locale":"de_DE","og_type":"article","og_title":"Danzig: Eine St\u00e4dtereise durch die Zeit","og_description":"Danzig: Reisebericht mit Erfahrungen zu Sehensw\u00fcrdigkeiten, den besten Fotospots sowie allgemeinen Tipps und Restaurantempfehlungen.","og_url":"https:\/\/coeser.de\/blog\/index.php\/2023\/08\/08\/danzig-staedtereise-durch-die-zeit\/","og_site_name":"fern &amp; nah - Reiseblog und Fotostories von Christian \u00d6ser","article_publisher":"Christian \u00d6ser","article_author":"Christian \u00d6ser","article_published_time":"2023-08-08T05:00:46+00:00","article_modified_time":"2023-09-05T10:14:59+00:00","og_image":[{"width":978,"height":550,"url":"https:\/\/coeser.de\/blog\/wp-content\/uploads\/2023\/07\/danzig-aufmacher-langer-markt-christian-oeser.jpg","type":"image\/jpeg"}],"author":"Christian \u00d6ser","twitter_card":"summary_large_image","twitter_misc":{"Verfasst von":"Christian \u00d6ser","Gesch\u00e4tzte Lesezeit":"33\u00a0Minuten"},"schema":{"@context":"https:\/\/schema.org","@graph":[{"@type":"Article","@id":"https:\/\/coeser.de\/blog\/index.php\/2023\/08\/08\/danzig-staedtereise-durch-die-zeit\/#article","isPartOf":{"@id":"https:\/\/coeser.de\/blog\/index.php\/2023\/08\/08\/danzig-staedtereise-durch-die-zeit\/"},"author":{"name":"Christian \u00d6ser","@id":"https:\/\/coeser.de\/blog\/#\/schema\/person\/fda1d253389076b2cadc3d47018cf315"},"headline":"Danzig: Eine St\u00e4dtereise durch die Zeit","datePublished":"2023-08-08T05:00:46+00:00","dateModified":"2023-09-05T10:14:59+00:00","mainEntityOfPage":{"@id":"https:\/\/coeser.de\/blog\/index.php\/2023\/08\/08\/danzig-staedtereise-durch-die-zeit\/"},"wordCount":4782,"commentCount":20,"publisher":{"@id":"https:\/\/coeser.de\/blog\/#\/schema\/person\/fda1d253389076b2cadc3d47018cf315"},"image":{"@id":"https:\/\/coeser.de\/blog\/index.php\/2023\/08\/08\/danzig-staedtereise-durch-die-zeit\/#primaryimage"},"thumbnailUrl":"https:\/\/coeser.de\/blog\/wp-content\/uploads\/2023\/07\/danzig-aufmacher-langer-markt-christian-oeser.jpg","keywords":["Cityguide","Danzig","Fotospots","Fototipps","Polen","Reisebericht","Reisef\u00fchrer","St\u00e4dtereise"],"articleSection":["POLEN"],"inLanguage":"de","potentialAction":[{"@type":"CommentAction","name":"Comment","target":["https:\/\/coeser.de\/blog\/index.php\/2023\/08\/08\/danzig-staedtereise-durch-die-zeit\/#respond"]}]},{"@type":"WebPage","@id":"https:\/\/coeser.de\/blog\/index.php\/2023\/08\/08\/danzig-staedtereise-durch-die-zeit\/","url":"https:\/\/coeser.de\/blog\/index.php\/2023\/08\/08\/danzig-staedtereise-durch-die-zeit\/","name":"Danzig: Eine St\u00e4dtereise durch die Zeit","isPartOf":{"@id":"https:\/\/coeser.de\/blog\/#website"},"primaryImageOfPage":{"@id":"https:\/\/coeser.de\/blog\/index.php\/2023\/08\/08\/danzig-staedtereise-durch-die-zeit\/#primaryimage"},"image":{"@id":"https:\/\/coeser.de\/blog\/index.php\/2023\/08\/08\/danzig-staedtereise-durch-die-zeit\/#primaryimage"},"thumbnailUrl":"https:\/\/coeser.de\/blog\/wp-content\/uploads\/2023\/07\/danzig-aufmacher-langer-markt-christian-oeser.jpg","datePublished":"2023-08-08T05:00:46+00:00","dateModified":"2023-09-05T10:14:59+00:00","description":"Danzig: Reisebericht mit Erfahrungen zu Sehensw\u00fcrdigkeiten, den besten Fotospots sowie allgemeinen Tipps und Restaurantempfehlungen.","breadcrumb":{"@id":"https:\/\/coeser.de\/blog\/index.php\/2023\/08\/08\/danzig-staedtereise-durch-die-zeit\/#breadcrumb"},"inLanguage":"de","potentialAction":[{"@type":"ReadAction","target":["https:\/\/coeser.de\/blog\/index.php\/2023\/08\/08\/danzig-staedtereise-durch-die-zeit\/"]}]},{"@type":"ImageObject","inLanguage":"de","@id":"https:\/\/coeser.de\/blog\/index.php\/2023\/08\/08\/danzig-staedtereise-durch-die-zeit\/#primaryimage","url":"https:\/\/coeser.de\/blog\/wp-content\/uploads\/2023\/07\/danzig-aufmacher-langer-markt-christian-oeser.jpg","contentUrl":"https:\/\/coeser.de\/blog\/wp-content\/uploads\/2023\/07\/danzig-aufmacher-langer-markt-christian-oeser.jpg","width":978,"height":550,"caption":"Abendstimmung auf der Ulica D\u0142uga (Lange Gasse) und D\u0142ugi Targ (Langer Markt) in Danzig"},{"@type":"BreadcrumbList","@id":"https:\/\/coeser.de\/blog\/index.php\/2023\/08\/08\/danzig-staedtereise-durch-die-zeit\/#breadcrumb","itemListElement":[{"@type":"ListItem","position":1,"name":"Startseite","item":"https:\/\/coeser.de\/blog\/"},{"@type":"ListItem","position":2,"name":"Danzig: Eine St\u00e4dtereise durch die Zeit"}]},{"@type":"WebSite","@id":"https:\/\/coeser.de\/blog\/#website","url":"https:\/\/coeser.de\/blog\/","name":"fern &amp; nah - Reiseblog und Fotostories von Christian \u00d6ser","description":"Reiseblog und Fotostories von Christian \u00d6ser","publisher":{"@id":"https:\/\/coeser.de\/blog\/#\/schema\/person\/fda1d253389076b2cadc3d47018cf315"},"potentialAction":[{"@type":"SearchAction","target":{"@type":"EntryPoint","urlTemplate":"https:\/\/coeser.de\/blog\/?s={search_term_string}"},"query-input":{"@type":"PropertyValueSpecification","valueRequired":true,"valueName":"search_term_string"}}],"inLanguage":"de"},{"@type":["Person","Organization"],"@id":"https:\/\/coeser.de\/blog\/#\/schema\/person\/fda1d253389076b2cadc3d47018cf315","name":"Christian \u00d6ser","image":{"@type":"ImageObject","inLanguage":"de","@id":"https:\/\/coeser.de\/blog\/wp-content\/uploads\/2016\/08\/logo-fern-und-nah-christian-oeser-4.jpg","url":"https:\/\/coeser.de\/blog\/wp-content\/uploads\/2016\/08\/logo-fern-und-nah-christian-oeser-4.jpg","contentUrl":"https:\/\/coeser.de\/blog\/wp-content\/uploads\/2016\/08\/logo-fern-und-nah-christian-oeser-4.jpg","width":1090,"height":245,"caption":"Christian \u00d6ser"},"logo":{"@id":"https:\/\/coeser.de\/blog\/wp-content\/uploads\/2016\/08\/logo-fern-und-nah-christian-oeser-4.jpg"},"sameAs":["http:\/\/www.coeser.de","Christian \u00d6ser","https:\/\/www.instagram.com\/coeser_de\/","https:\/\/www.pinterest.at\/nightline5\/"],"url":"https:\/\/coeser.de\/blog\/index.php\/author\/coeser\/"}]}},"jetpack_featured_media_url":"https:\/\/coeser.de\/blog\/wp-content\/uploads\/2023\/07\/danzig-aufmacher-langer-markt-christian-oeser.jpg","jetpack-related-posts":[{"id":20244,"url":"https:\/\/coeser.de\/blog\/index.php\/2023\/08\/15\/sopot-und-orlowo-geniale-auszeit-am-meer\/","url_meta":{"origin":20292,"position":0},"title":"Sopot und Or\u0142owo: Geniale Auszeit am Meer","author":"Christian \u00d6ser","date":"15. August 2023","format":false,"excerpt":"W\u00e4hrend eines St\u00e4dteurlaubs in Danzig gibt es viel zu erleben und zu erkunden. Wenn dir nach anstrengenden Tagen des Sightseeings auch einmal der Sinn nach Erholung am Meer steht, dann bieten sich nicht nur die Stadtstr\u00e4nde von Danzig selbst, sondern auch zwei empfehlenswerte Ausfl\u00fcge an die Ostsee an. In nur\u2026","rel":"","context":"In &quot;POLEN&quot;","block_context":{"text":"POLEN","link":"https:\/\/coeser.de\/blog\/index.php\/category\/europa\/polen\/"},"img":{"alt_text":"Sandstrand und Sheraton Hotel in Sopot","src":"https:\/\/i0.wp.com\/coeser.de\/blog\/wp-content\/uploads\/2023\/07\/sopot-orlowo-aufmacher-strand-christian-oeser.jpg?resize=350%2C200&ssl=1","width":350,"height":200,"srcset":"https:\/\/i0.wp.com\/coeser.de\/blog\/wp-content\/uploads\/2023\/07\/sopot-orlowo-aufmacher-strand-christian-oeser.jpg?resize=350%2C200&ssl=1 1x, https:\/\/i0.wp.com\/coeser.de\/blog\/wp-content\/uploads\/2023\/07\/sopot-orlowo-aufmacher-strand-christian-oeser.jpg?resize=525%2C300&ssl=1 1.5x, https:\/\/i0.wp.com\/coeser.de\/blog\/wp-content\/uploads\/2023\/07\/sopot-orlowo-aufmacher-strand-christian-oeser.jpg?resize=700%2C400&ssl=1 2x"},"classes":[]},{"id":20397,"url":"https:\/\/coeser.de\/blog\/index.php\/2023\/08\/29\/gdynia-perle-des-modernismus\/","url_meta":{"origin":20292,"position":1},"title":"Gdynia: Die Perle des Modernismus","author":"Christian \u00d6ser","date":"29. August 2023","format":false,"excerpt":"Einst ein kleines Fischerdorf, entwickelte sich Gdynia in nur wenigen Jahren zur wichtigsten Hafenstadt in Polen. Die Architektur der Innenstadt sticht dabei besonders heraus: Dutzende Bauwerke im Stil des Modernismus mit heller Fassade ergeben ein beeindruckend stimmiges Gesamtbild, das Gdynia den Spitznamen \u201ewei\u00dfe Stadt\u201c einbrachte. Wie du Gdynia ideal mit\u2026","rel":"","context":"In &quot;POLEN&quot;","block_context":{"text":"POLEN","link":"https:\/\/coeser.de\/blog\/index.php\/category\/europa\/polen\/"},"img":{"alt_text":"Mietshaus Stanis\u0142aw Pr\u0119czkowski in Gdynia im Stil des Modernismus","src":"https:\/\/i0.wp.com\/coeser.de\/blog\/wp-content\/uploads\/2023\/07\/gdynia-modernismus-aufmacher-christian-oeser.jpg?resize=350%2C200&ssl=1","width":350,"height":200,"srcset":"https:\/\/i0.wp.com\/coeser.de\/blog\/wp-content\/uploads\/2023\/07\/gdynia-modernismus-aufmacher-christian-oeser.jpg?resize=350%2C200&ssl=1 1x, https:\/\/i0.wp.com\/coeser.de\/blog\/wp-content\/uploads\/2023\/07\/gdynia-modernismus-aufmacher-christian-oeser.jpg?resize=525%2C300&ssl=1 1.5x, https:\/\/i0.wp.com\/coeser.de\/blog\/wp-content\/uploads\/2023\/07\/gdynia-modernismus-aufmacher-christian-oeser.jpg?resize=700%2C400&ssl=1 2x"},"classes":[]},{"id":20442,"url":"https:\/\/coeser.de\/blog\/index.php\/2023\/09\/05\/posen-ziegen-und-croissants\/","url_meta":{"origin":20292,"position":2},"title":"Posen: Zwischen Ziegen und Croissants","author":"Christian \u00d6ser","date":"5. September 2023","format":false,"excerpt":"Zwei Ziegen dabei zusehen, wie sie ihre K\u00f6pfe aneinandersto\u00dfen, ein ber\u00fchmtes Croissant selbst backen und am Nachmittag gem\u00fctlich mit der Stra\u00dfenbahn nach Malta fahren? Was absolut verr\u00fcckt klingt, ist in Posen Realit\u00e4t! Die polnische Stadt beweist in allen Belangen, welch kreativer Ort sie ist und h\u00e4lt an vielen Stellen angenehme\u2026","rel":"","context":"In &quot;POLEN&quot;","block_context":{"text":"POLEN","link":"https:\/\/coeser.de\/blog\/index.php\/category\/europa\/polen\/"},"img":{"alt_text":"Der Alte Markt (Stary Rynek) von Posen mit Rathaus und B\u00fcrgerh\u00e4usern","src":"https:\/\/i0.wp.com\/coeser.de\/blog\/wp-content\/uploads\/2023\/08\/posen-aufmacher-stary-rynek-christian-oeser.jpg?resize=350%2C200&ssl=1","width":350,"height":200,"srcset":"https:\/\/i0.wp.com\/coeser.de\/blog\/wp-content\/uploads\/2023\/08\/posen-aufmacher-stary-rynek-christian-oeser.jpg?resize=350%2C200&ssl=1 1x, https:\/\/i0.wp.com\/coeser.de\/blog\/wp-content\/uploads\/2023\/08\/posen-aufmacher-stary-rynek-christian-oeser.jpg?resize=525%2C300&ssl=1 1.5x, https:\/\/i0.wp.com\/coeser.de\/blog\/wp-content\/uploads\/2023\/08\/posen-aufmacher-stary-rynek-christian-oeser.jpg?resize=700%2C400&ssl=1 2x"},"classes":[]},{"id":19254,"url":"https:\/\/coeser.de\/blog\/index.php\/2023\/01\/01\/europa-12-ideen-staedtereise\/","url_meta":{"origin":20292,"position":3},"title":"Europa: 12 Ideen f\u00fcr deine St\u00e4dtereise 2023","author":"Christian \u00d6ser","date":"1. Januar 2023","format":false,"excerpt":"\"Same procedure as every year\" \u2013 so geht es dir vielleicht, wenn du wieder einmal am \u00dcberlegen bist, wo du im n\u00e4chsten Jahr gerne \u00fcberall hinreisen und neue Eindr\u00fccke gewinnen willst. Ich helfe gerne und verrate dir in diesem Artikel meine pers\u00f6nlichen 12 Tipps f\u00fcr eine St\u00e4dtereise in Europa, die\u2026","rel":"","context":"In &quot;EUROPA&quot;","block_context":{"text":"EUROPA","link":"https:\/\/coeser.de\/blog\/index.php\/category\/europa\/"},"img":{"alt_text":"Collage von Reisezielen f\u00fcr St\u00e4dtereisen in Europa","src":"https:\/\/i0.wp.com\/coeser.de\/blog\/wp-content\/uploads\/2022\/12\/europa-staedtereise-tipps-aufmacher-christian-oeser.jpg?resize=350%2C200&ssl=1","width":350,"height":200,"srcset":"https:\/\/i0.wp.com\/coeser.de\/blog\/wp-content\/uploads\/2022\/12\/europa-staedtereise-tipps-aufmacher-christian-oeser.jpg?resize=350%2C200&ssl=1 1x, https:\/\/i0.wp.com\/coeser.de\/blog\/wp-content\/uploads\/2022\/12\/europa-staedtereise-tipps-aufmacher-christian-oeser.jpg?resize=525%2C300&ssl=1 1.5x, https:\/\/i0.wp.com\/coeser.de\/blog\/wp-content\/uploads\/2022\/12\/europa-staedtereise-tipps-aufmacher-christian-oeser.jpg?resize=700%2C400&ssl=1 2x"},"classes":[]},{"id":5700,"url":"https:\/\/coeser.de\/blog\/index.php\/2018\/01\/02\/das-war-mein-reisejahr-2017\/","url_meta":{"origin":20292,"position":4},"title":"Das war mein Reisejahr 2017","author":"Christian \u00d6ser","date":"2. Januar 2018","format":false,"excerpt":"Wieder einmal ist ein Jahr in gef\u00fchlter Windeseile vor\u00fcbergezogen, was nicht zuletzt an den zahlreichen Orten liegt, die ich mir angesehen und erkundet habe. In diesem Blogbeitrag blicke ich nochmals auf 2017 zur\u00fcck und gehe kurz alle Destinationen durch, wo ich zumindest eine Nacht verbracht habe oder die etwas weiter\u2026","rel":"","context":"In &quot;EUROPA&quot;","block_context":{"text":"EUROPA","link":"https:\/\/coeser.de\/blog\/index.php\/category\/europa\/"},"img":{"alt_text":"Reiseempfehlungen und Reiseinspirationen 2017","src":"https:\/\/i0.wp.com\/coeser.de\/blog\/wp-content\/uploads\/2017\/12\/reisejahr-2017-inspiration-aufmacher-christian-oeser.jpg?resize=350%2C200&ssl=1","width":350,"height":200,"srcset":"https:\/\/i0.wp.com\/coeser.de\/blog\/wp-content\/uploads\/2017\/12\/reisejahr-2017-inspiration-aufmacher-christian-oeser.jpg?resize=350%2C200&ssl=1 1x, https:\/\/i0.wp.com\/coeser.de\/blog\/wp-content\/uploads\/2017\/12\/reisejahr-2017-inspiration-aufmacher-christian-oeser.jpg?resize=525%2C300&ssl=1 1.5x, https:\/\/i0.wp.com\/coeser.de\/blog\/wp-content\/uploads\/2017\/12\/reisejahr-2017-inspiration-aufmacher-christian-oeser.jpg?resize=700%2C400&ssl=1 2x"},"classes":[]},{"id":10259,"url":"https:\/\/coeser.de\/blog\/index.php\/2019\/01\/01\/europa-26-geniale-reiseziele-2019\/","url_meta":{"origin":20292,"position":5},"title":"Europa: 26 geniale Reiseziele f\u00fcr 2019","author":"Christian \u00d6ser","date":"1. Januar 2019","format":false,"excerpt":"Seid ihr so wie ich immer auf der Suche nach neuen Destinationen? Egal ob Ausfl\u00fcge, St\u00e4dtetrips oder Tagestouren \u2013 ich habe 26 Ideen f\u00fcr eure n\u00e4chste Reise in Europa! Alle meine Tipps habe ich im letzten Jahr zusammengesammelt und auch pers\u00f6nlich ausprobiert. Ihr bekommt also mit diesem Beitrag keine Theorie,\u2026","rel":"","context":"In &quot;EUROPA&quot;","block_context":{"text":"EUROPA","link":"https:\/\/coeser.de\/blog\/index.php\/category\/europa\/"},"img":{"alt_text":"","src":"https:\/\/i0.wp.com\/coeser.de\/blog\/wp-content\/uploads\/2018\/12\/reisetipps-reiseinspiration-fotospots-2018-aufmacher-christian-oeser.jpg?resize=350%2C200&ssl=1","width":350,"height":200,"srcset":"https:\/\/i0.wp.com\/coeser.de\/blog\/wp-content\/uploads\/2018\/12\/reisetipps-reiseinspiration-fotospots-2018-aufmacher-christian-oeser.jpg?resize=350%2C200&ssl=1 1x, https:\/\/i0.wp.com\/coeser.de\/blog\/wp-content\/uploads\/2018\/12\/reisetipps-reiseinspiration-fotospots-2018-aufmacher-christian-oeser.jpg?resize=525%2C300&ssl=1 1.5x, https:\/\/i0.wp.com\/coeser.de\/blog\/wp-content\/uploads\/2018\/12\/reisetipps-reiseinspiration-fotospots-2018-aufmacher-christian-oeser.jpg?resize=700%2C400&ssl=1 2x"},"classes":[]}],"jetpack_sharing_enabled":true,"_links":{"self":[{"href":"https:\/\/coeser.de\/blog\/index.php\/wp-json\/wp\/v2\/posts\/20292","targetHints":{"allow":["GET"]}}],"collection":[{"href":"https:\/\/coeser.de\/blog\/index.php\/wp-json\/wp\/v2\/posts"}],"about":[{"href":"https:\/\/coeser.de\/blog\/index.php\/wp-json\/wp\/v2\/types\/post"}],"author":[{"embeddable":true,"href":"https:\/\/coeser.de\/blog\/index.php\/wp-json\/wp\/v2\/users\/1"}],"replies":[{"embeddable":true,"href":"https:\/\/coeser.de\/blog\/index.php\/wp-json\/wp\/v2\/comments?post=20292"}],"version-history":[{"count":0,"href":"https:\/\/coeser.de\/blog\/index.php\/wp-json\/wp\/v2\/posts\/20292\/revisions"}],"wp:featuredmedia":[{"embeddable":true,"href":"https:\/\/coeser.de\/blog\/index.php\/wp-json\/wp\/v2\/media\/20309"}],"wp:attachment":[{"href":"https:\/\/coeser.de\/blog\/index.php\/wp-json\/wp\/v2\/media?parent=20292"}],"wp:term":[{"taxonomy":"category","embeddable":true,"href":"https:\/\/coeser.de\/blog\/index.php\/wp-json\/wp\/v2\/categories?post=20292"},{"taxonomy":"post_tag","embeddable":true,"href":"https:\/\/coeser.de\/blog\/index.php\/wp-json\/wp\/v2\/tags?post=20292"}],"curies":[{"name":"wp","href":"https:\/\/api.w.org\/{rel}","templated":true}]}}