{"id":21371,"date":"2023-12-15T15:20:05","date_gmt":"2023-12-15T14:20:05","guid":{"rendered":"https:\/\/coeser.de\/blog\/?p=21371"},"modified":"2025-11-01T12:25:40","modified_gmt":"2025-11-01T11:25:40","slug":"zuerich-schoenste-weihnachtsmaerkte","status":"publish","type":"post","link":"https:\/\/coeser.de\/blog\/index.php\/2023\/12\/15\/zuerich-schoenste-weihnachtsmaerkte\/","title":{"rendered":"Z\u00fcrich: Die 5 sch\u00f6nsten Weihnachtsm\u00e4rkte"},"content":{"rendered":"<p><strong>Z\u00fcrich in der Adventzeit stand schon lange auf dem Wunschzettel meiner Freundin und mir. W\u00e4hrend wir die Stadt in der warmen Jahreszeit schon mehrmals ausgiebig erkundeten, fehlte uns noch der winterliche Eindruck mit Gl\u00fchweinst\u00e4nden, Raclette und Weihnachtskitsch. W\u00e4hrend einer Zugfahrt durch Europa g\u00f6nnten wir uns deshalb einen wundervollen Zwischenstopp in Z\u00fcrich, um die sch\u00f6nsten Weihnachtsm\u00e4rkte auf uns wirken zu lassen. In diesem Artikel zeige ich dir mit vielen Fotos und pers\u00f6nlichen Infos, was der Advent in der Stadt am Z\u00fcrichsee so zu bieten hat!<\/strong><\/p>\n<p><!--more--><\/p>\n<hr \/>\n<div class=\"highlights\">\n<h3>DIE H\u00d6HEPUNKTE AUS Z\u00dcRICH IN DIESEM REISEBERICHT<\/h3>\n<p>Hinweise zur Anreise, ein Hoteltipp und Infos zur Weihnachtszeit in Z\u00fcrich<\/p>\n<p>Eine Karte zum Ausdrucken f\u00fcr deinen Spaziergang durch alle Weihnachtsm\u00e4rkte in Z\u00fcrich<\/p>\n<p>Die Z\u00fcrcher Weihnachtsallee, der Christkindlimarkt und das Illuminarium im Landesmuseum<\/p>\n<p>Der Weihnachtsmarkt in der Altstadt Niederdorf und das Wienachtsdorf am Sechsel\u00e4utenplatz<\/p>\n<p>Allgemeine Tipps, die bei einem Besuch in Z\u00fcrich zur Adventzeit n\u00fctzlich sein k\u00f6nnen<\/p>\n<\/div>\n<p>&nbsp;<\/p>\n<p><em><span style=\"color: #0000ff;\">Dieser Artikel wurde zuletzt am 1. November 2025 aktualisiert.<\/span><\/em><\/p>\n\n<hr \/>\n<div class=\"fakten\">\n<h2>Z\u00dcRICH<\/h2>\n<h3>FAKTEN<\/h3>\n<p><strong>Reisezeit: <\/strong>Dezember<br \/>\n<strong>Unsere Anreise: <\/strong>per Zug mit dem TGV Lyria von <em>Paris Gare de Lyon<\/em> nach <em>Z\u00fcrich Hauptbahnhof<\/em> (4:04 h)<\/p>\n<p><strong>Unterkunftstipp 1: <a href=\"https:\/\/www.booking.com\/hotel\/ch\/25hours-zurich-langstrasse.de.html?aid=1634405\" target=\"_blank\" rel=\"noopener noreferrer\">25hours Hotel Z\u00fcrich Langstrasse<\/a><\/strong>* (<em>Langstrasse 150<\/em>): sehr gutes, modern und kreativ eingerichtetes Stadthotel, 10 Fu\u00dfminuten vom Hauptbahnhof entfernt, Stra\u00dfenbahn und Bus in Gehweite, sehr ger\u00e4umige Zimmer, bequemes Bett, gro\u00dfe Duschkabine, stimmiges Design, Knotzecke beim Fenster, kostenlose Minibar, sehr schnelles WLAN (Up- und Download), Wellnessbereich mit Sauna, Fitness und Terrasse, Fr\u00fchst\u00fcck ausgezeichnet, Mitarbeiter sehr freundlich und motiviert. <em>Weiterempfehlung?<\/em> <strong>JA<\/strong><\/p>\n<div id='gallery-1' class='gallery galleryid-21371 gallery-columns-7 gallery-size-thumbnail'><figure class='gallery-item'>\n\t\t\t<div class='gallery-icon landscape'>\n\t\t\t\t<a href='https:\/\/coeser.de\/blog\/wp-content\/uploads\/2020\/10\/zuerich-25hours-hotel-langstrasse-gal01-christian-oeser.jpg' title=\"Au\u00dfenansicht des 25hours Hotel Z\u00fcrich Langstrasse\" data-rl_title=\"Au\u00dfenansicht des 25hours Hotel Z\u00fcrich Langstrasse\" class=\"rl-gallery-link\" data-rl_caption=\"Aufnahmeort anzeigen\" data-rel=\"lightbox-gallery-1\"><img loading=\"lazy\" decoding=\"async\" width=\"150\" height=\"150\" src=\"https:\/\/coeser.de\/blog\/wp-content\/uploads\/2020\/10\/zuerich-25hours-hotel-langstrasse-gal01-christian-oeser-150x150.jpg\" class=\"attachment-thumbnail size-thumbnail\" alt=\"Au\u00dfenansicht des 25hours Hotel Z\u00fcrich Langstrasse\" aria-describedby=\"gallery-1-16346\" \/><\/a>\n\t\t\t<\/div>\n\t\t\t\t<figcaption class='wp-caption-text gallery-caption' id='gallery-1-16346'>\n\t\t\t\tAu\u00dfenansicht des 25hours Hotel Z\u00fcrich Langstrasse\n\t\t\t\t<\/figcaption><\/figure><figure class='gallery-item'>\n\t\t\t<div class='gallery-icon landscape'>\n\t\t\t\t<a href='https:\/\/coeser.de\/blog\/wp-content\/uploads\/2020\/10\/zuerich-25hours-hotel-langstrasse-gal02-christian-oeser.jpg' title=\"Rezeption im 25hours Hotel Z\u00fcrich Langstrasse\" data-rl_title=\"Rezeption im 25hours Hotel Z\u00fcrich Langstrasse\" class=\"rl-gallery-link\" data-rl_caption=\"Aufnahmeort anzeigen\" data-rel=\"lightbox-gallery-1\"><img loading=\"lazy\" decoding=\"async\" width=\"150\" height=\"150\" src=\"https:\/\/coeser.de\/blog\/wp-content\/uploads\/2020\/10\/zuerich-25hours-hotel-langstrasse-gal02-christian-oeser-150x150.jpg\" class=\"attachment-thumbnail size-thumbnail\" alt=\"Rezeption im 25hours Hotel Z\u00fcrich Langstrasse\" aria-describedby=\"gallery-1-16347\" \/><\/a>\n\t\t\t<\/div>\n\t\t\t\t<figcaption class='wp-caption-text gallery-caption' id='gallery-1-16347'>\n\t\t\t\tRezeption im 25hours Hotel Z\u00fcrich Langstrasse\n\t\t\t\t<\/figcaption><\/figure><figure class='gallery-item'>\n\t\t\t<div class='gallery-icon landscape'>\n\t\t\t\t<a href='https:\/\/coeser.de\/blog\/wp-content\/uploads\/2020\/10\/zuerich-25hours-hotel-langstrasse-gal03-christian-oeser.jpg' title=\"Zimmerkategorie Large im 25hours Hotel Z\u00fcrich Langstrasse\" data-rl_title=\"Zimmerkategorie Large im 25hours Hotel Z\u00fcrich Langstrasse\" class=\"rl-gallery-link\" data-rl_caption=\"Aufnahmeort anzeigen\" data-rel=\"lightbox-gallery-1\"><img loading=\"lazy\" decoding=\"async\" width=\"150\" height=\"150\" src=\"https:\/\/coeser.de\/blog\/wp-content\/uploads\/2020\/10\/zuerich-25hours-hotel-langstrasse-gal03-christian-oeser-150x150.jpg\" class=\"attachment-thumbnail size-thumbnail\" alt=\"Zimmerkategorie Large im 25hours Hotel Z\u00fcrich Langstrasse\" aria-describedby=\"gallery-1-16348\" \/><\/a>\n\t\t\t<\/div>\n\t\t\t\t<figcaption class='wp-caption-text gallery-caption' id='gallery-1-16348'>\n\t\t\t\tZimmerkategorie Large im 25hours Hotel Z\u00fcrich Langstrasse\n\t\t\t\t<\/figcaption><\/figure><figure class='gallery-item'>\n\t\t\t<div class='gallery-icon landscape'>\n\t\t\t\t<a href='https:\/\/coeser.de\/blog\/wp-content\/uploads\/2020\/10\/zuerich-25hours-hotel-langstrasse-gal04-christian-oeser.jpg' title=\"Zimmerkategorie Large im 25hours Hotel Z\u00fcrich Langstrasse\" data-rl_title=\"Zimmerkategorie Large im 25hours Hotel Z\u00fcrich Langstrasse\" class=\"rl-gallery-link\" data-rl_caption=\"Aufnahmeort anzeigen\" data-rel=\"lightbox-gallery-1\"><img loading=\"lazy\" decoding=\"async\" width=\"150\" height=\"150\" src=\"https:\/\/coeser.de\/blog\/wp-content\/uploads\/2020\/10\/zuerich-25hours-hotel-langstrasse-gal04-christian-oeser-150x150.jpg\" class=\"attachment-thumbnail size-thumbnail\" alt=\"Zimmerkategorie Large im 25hours Hotel Z\u00fcrich Langstrasse\" aria-describedby=\"gallery-1-16349\" \/><\/a>\n\t\t\t<\/div>\n\t\t\t\t<figcaption class='wp-caption-text gallery-caption' id='gallery-1-16349'>\n\t\t\t\tZimmerkategorie Large im 25hours Hotel Z\u00fcrich Langstrasse\n\t\t\t\t<\/figcaption><\/figure><figure class='gallery-item'>\n\t\t\t<div class='gallery-icon landscape'>\n\t\t\t\t<a href='https:\/\/coeser.de\/blog\/wp-content\/uploads\/2020\/10\/zuerich-25hours-hotel-langstrasse-gal05-christian-oeser.jpg' title=\"Saunaterrasse im 25hours Hotel Z\u00fcrich Langstrasse\" data-rl_title=\"Saunaterrasse im 25hours Hotel Z\u00fcrich Langstrasse\" class=\"rl-gallery-link\" data-rl_caption=\"Aufnahmeort anzeigen\" data-rel=\"lightbox-gallery-1\"><img loading=\"lazy\" decoding=\"async\" width=\"150\" height=\"150\" src=\"https:\/\/coeser.de\/blog\/wp-content\/uploads\/2020\/10\/zuerich-25hours-hotel-langstrasse-gal05-christian-oeser-150x150.jpg\" class=\"attachment-thumbnail size-thumbnail\" alt=\"Saunaterrasse im 25hours Hotel Z\u00fcrich Langstrasse\" aria-describedby=\"gallery-1-16350\" \/><\/a>\n\t\t\t<\/div>\n\t\t\t\t<figcaption class='wp-caption-text gallery-caption' id='gallery-1-16350'>\n\t\t\t\tSaunaterrasse im 25hours Hotel Z\u00fcrich Langstrasse\n\t\t\t\t<\/figcaption><\/figure><figure class='gallery-item'>\n\t\t\t<div class='gallery-icon landscape'>\n\t\t\t\t<a href='https:\/\/coeser.de\/blog\/wp-content\/uploads\/2020\/10\/zuerich-25hours-hotel-langstrasse-gal06-christian-oeser.jpg' title=\"Sauna im 25hours Hotel Z\u00fcrich Langstrasse\" data-rl_title=\"Sauna im 25hours Hotel Z\u00fcrich Langstrasse\" class=\"rl-gallery-link\" data-rl_caption=\"Aufnahmeort anzeigen\" data-rel=\"lightbox-gallery-1\"><img loading=\"lazy\" decoding=\"async\" width=\"150\" height=\"150\" src=\"https:\/\/coeser.de\/blog\/wp-content\/uploads\/2020\/10\/zuerich-25hours-hotel-langstrasse-gal06-christian-oeser-150x150.jpg\" class=\"attachment-thumbnail size-thumbnail\" alt=\"Sauna im 25hours Hotel Z\u00fcrich Langstrasse\" aria-describedby=\"gallery-1-16351\" \/><\/a>\n\t\t\t<\/div>\n\t\t\t\t<figcaption class='wp-caption-text gallery-caption' id='gallery-1-16351'>\n\t\t\t\tSauna im 25hours Hotel Z\u00fcrich Langstrasse\n\t\t\t\t<\/figcaption><\/figure><figure class='gallery-item'>\n\t\t\t<div class='gallery-icon landscape'>\n\t\t\t\t<a href='https:\/\/coeser.de\/blog\/wp-content\/uploads\/2020\/10\/zuerich-25hours-hotel-langstrasse-gal07-christian-oeser.jpg' title=\"Fr\u00fchst\u00fcck im 25hours Hotel Z\u00fcrich Langstrasse\" data-rl_title=\"Fr\u00fchst\u00fcck im 25hours Hotel Z\u00fcrich Langstrasse\" class=\"rl-gallery-link\" data-rl_caption=\"Aufnahmeort anzeigen\" data-rel=\"lightbox-gallery-1\"><img loading=\"lazy\" decoding=\"async\" width=\"150\" height=\"150\" src=\"https:\/\/coeser.de\/blog\/wp-content\/uploads\/2020\/10\/zuerich-25hours-hotel-langstrasse-gal07-christian-oeser-150x150.jpg\" class=\"attachment-thumbnail size-thumbnail\" alt=\"Fr\u00fchst\u00fcck im 25hours Hotel Z\u00fcrich Langstrasse\" aria-describedby=\"gallery-1-16352\" \/><\/a>\n\t\t\t<\/div>\n\t\t\t\t<figcaption class='wp-caption-text gallery-caption' id='gallery-1-16352'>\n\t\t\t\tFr\u00fchst\u00fcck im 25hours Hotel Z\u00fcrich Langstrasse\n\t\t\t\t<\/figcaption><\/figure>\n\t\t<\/div>\n\n<p><strong>Unterkunftstipp 2: <a href=\"https:\/\/www.booking.com\/hotel\/ch\/hours-za1-4rich-west.de.html?aid=1634405\" target=\"_blank\" rel=\"noopener noreferrer\">25hours Hotel Z\u00fcrich West<\/a>*<\/strong> (<em>Pfingstweidstrasse 102<\/em>): ausgezeichnetes Hotel abseits der Innenstadt, mit der Stra\u00dfenbahnlinie 4 (Station <em>Toni-Areal<\/em> direkt vor dem Haus) aber schnell erreichbar, sehr kreativ eingerichtet, ger\u00e4umige Zimmer mit unterschiedlichem Aussehen, stilvolles Badezimmer mit super Dusche, bequeme Betten, Ausborgen eines kostenlosen WLAN-Routers f\u00fcr die Stadt m\u00f6glich, toller Wellnessbereich mit Saunablick auf den Uetliberg, WLAN-Geschwindigkeit im Zimmer sehr gut, Fr\u00fchst\u00fcck nicht gebucht, Restaurant Ribelli mit exzellenter, authentischer italienischer K\u00fcche. <em>Weiterempfehlung?<\/em> <strong>JA<\/strong><\/p>\n<div id='gallery-2' class='gallery galleryid-21371 gallery-columns-7 gallery-size-thumbnail'><figure class='gallery-item'>\n\t\t\t<div class='gallery-icon landscape'>\n\t\t\t\t<a href='https:\/\/coeser.de\/blog\/wp-content\/uploads\/2018\/09\/zuerich-25hours-hotel-west-gal01-christian-oeser.jpg' title=\"Au\u00dfenansicht des 25hours Hotel Z\u00fcrich West\" data-rl_title=\"Au\u00dfenansicht des 25hours Hotel Z\u00fcrich West\" class=\"rl-gallery-link\" data-rl_caption=\"Aufnahmeort anzeigen\" data-rel=\"lightbox-gallery-2\"><img loading=\"lazy\" decoding=\"async\" width=\"150\" height=\"150\" src=\"https:\/\/coeser.de\/blog\/wp-content\/uploads\/2018\/09\/zuerich-25hours-hotel-west-gal01-christian-oeser-150x150.jpg\" class=\"attachment-thumbnail size-thumbnail\" alt=\"Au\u00dfenansicht des 25hours Hotel Z\u00fcrich West\" aria-describedby=\"gallery-2-9649\" \/><\/a>\n\t\t\t<\/div>\n\t\t\t\t<figcaption class='wp-caption-text gallery-caption' id='gallery-2-9649'>\n\t\t\t\tAu\u00dfenansicht des 25hours Hotel Z\u00fcrich West\n\t\t\t\t<\/figcaption><\/figure><figure class='gallery-item'>\n\t\t\t<div class='gallery-icon landscape'>\n\t\t\t\t<a href='https:\/\/coeser.de\/blog\/wp-content\/uploads\/2018\/09\/zuerich-25hours-hotel-west-gal02-christian-oeser.jpg' title=\"Doppelzimmer im 25hours Hotel Z\u00fcrich West\" data-rl_title=\"Doppelzimmer im 25hours Hotel Z\u00fcrich West\" class=\"rl-gallery-link\" data-rl_caption=\"Aufnahmeort anzeigen\" data-rel=\"lightbox-gallery-2\"><img loading=\"lazy\" decoding=\"async\" width=\"150\" height=\"150\" src=\"https:\/\/coeser.de\/blog\/wp-content\/uploads\/2018\/09\/zuerich-25hours-hotel-west-gal02-christian-oeser-150x150.jpg\" class=\"attachment-thumbnail size-thumbnail\" alt=\"Doppelzimmer im 25hours Hotel Z\u00fcrich West\" aria-describedby=\"gallery-2-9650\" \/><\/a>\n\t\t\t<\/div>\n\t\t\t\t<figcaption class='wp-caption-text gallery-caption' id='gallery-2-9650'>\n\t\t\t\tDoppelzimmer im 25hours Hotel Z\u00fcrich West\n\t\t\t\t<\/figcaption><\/figure><figure class='gallery-item'>\n\t\t\t<div class='gallery-icon landscape'>\n\t\t\t\t<a href='https:\/\/coeser.de\/blog\/wp-content\/uploads\/2018\/09\/zuerich-25hours-hotel-west-gal03-christian-oeser.jpg' title=\"Doppelzimmer im 25hours Hotel Z\u00fcrich West\" data-rl_title=\"Doppelzimmer im 25hours Hotel Z\u00fcrich West\" class=\"rl-gallery-link\" data-rl_caption=\"Aufnahmeort anzeigen\" data-rel=\"lightbox-gallery-2\"><img loading=\"lazy\" decoding=\"async\" width=\"150\" height=\"150\" src=\"https:\/\/coeser.de\/blog\/wp-content\/uploads\/2018\/09\/zuerich-25hours-hotel-west-gal03-christian-oeser-150x150.jpg\" class=\"attachment-thumbnail size-thumbnail\" alt=\"Doppelzimmer im 25hours Hotel Z\u00fcrich West\" aria-describedby=\"gallery-2-9651\" \/><\/a>\n\t\t\t<\/div>\n\t\t\t\t<figcaption class='wp-caption-text gallery-caption' id='gallery-2-9651'>\n\t\t\t\tDoppelzimmer im 25hours Hotel Z\u00fcrich West\n\t\t\t\t<\/figcaption><\/figure><figure class='gallery-item'>\n\t\t\t<div class='gallery-icon landscape'>\n\t\t\t\t<a href='https:\/\/coeser.de\/blog\/wp-content\/uploads\/2018\/09\/zuerich-25hours-hotel-west-gal04-christian-oeser.jpg' title=\"Bad im Doppelzimmer im 25hours Hotel Z\u00fcrich West\" data-rl_title=\"Bad im Doppelzimmer im 25hours Hotel Z\u00fcrich West\" class=\"rl-gallery-link\" data-rl_caption=\"Aufnahmeort anzeigen\" data-rel=\"lightbox-gallery-2\"><img loading=\"lazy\" decoding=\"async\" width=\"150\" height=\"150\" src=\"https:\/\/coeser.de\/blog\/wp-content\/uploads\/2018\/09\/zuerich-25hours-hotel-west-gal04-christian-oeser-150x150.jpg\" class=\"attachment-thumbnail size-thumbnail\" alt=\"Bad im Doppelzimmer im 25hours Hotel Z\u00fcrich West\" aria-describedby=\"gallery-2-9652\" \/><\/a>\n\t\t\t<\/div>\n\t\t\t\t<figcaption class='wp-caption-text gallery-caption' id='gallery-2-9652'>\n\t\t\t\tBad im Doppelzimmer im 25hours Hotel Z\u00fcrich West\n\t\t\t\t<\/figcaption><\/figure><figure class='gallery-item'>\n\t\t\t<div class='gallery-icon landscape'>\n\t\t\t\t<a href='https:\/\/coeser.de\/blog\/wp-content\/uploads\/2018\/09\/zuerich-25hours-hotel-west-gal05-christian-oeser.jpg' title=\"Wellnessbereich im 25hours Hotel Z\u00fcrich West\" data-rl_title=\"Wellnessbereich im 25hours Hotel Z\u00fcrich West\" class=\"rl-gallery-link\" data-rl_caption=\"Aufnahmeort anzeigen\" data-rel=\"lightbox-gallery-2\"><img loading=\"lazy\" decoding=\"async\" width=\"150\" height=\"150\" src=\"https:\/\/coeser.de\/blog\/wp-content\/uploads\/2018\/09\/zuerich-25hours-hotel-west-gal05-christian-oeser-150x150.jpg\" class=\"attachment-thumbnail size-thumbnail\" alt=\"Wellnessbereich im 25hours Hotel Z\u00fcrich West\" aria-describedby=\"gallery-2-9653\" \/><\/a>\n\t\t\t<\/div>\n\t\t\t\t<figcaption class='wp-caption-text gallery-caption' id='gallery-2-9653'>\n\t\t\t\tWellnessbereich im 25hours Hotel Z\u00fcrich West\n\t\t\t\t<\/figcaption><\/figure><figure class='gallery-item'>\n\t\t\t<div class='gallery-icon landscape'>\n\t\t\t\t<a href='https:\/\/coeser.de\/blog\/wp-content\/uploads\/2020\/10\/zuerich-25hours-hotel-west-gal07-christian-oeser.jpg' title=\"Pizzabrot im Restaurant Ribelli im 25hours Hotel Z\u00fcrich West\" data-rl_title=\"Pizzabrot im Restaurant Ribelli im 25hours Hotel Z\u00fcrich West\" class=\"rl-gallery-link\" data-rl_caption=\"Aufnahmeort anzeigen\" data-rel=\"lightbox-gallery-2\"><img loading=\"lazy\" decoding=\"async\" width=\"150\" height=\"150\" src=\"https:\/\/coeser.de\/blog\/wp-content\/uploads\/2020\/10\/zuerich-25hours-hotel-west-gal07-christian-oeser-150x150.jpg\" class=\"attachment-thumbnail size-thumbnail\" alt=\"Pizzabrot im Restaurant Ribelli im 25hours Hotel Z\u00fcrich West\" aria-describedby=\"gallery-2-16345\" \/><\/a>\n\t\t\t<\/div>\n\t\t\t\t<figcaption class='wp-caption-text gallery-caption' id='gallery-2-16345'>\n\t\t\t\tPizzabrot im Restaurant Ribelli im 25hours Hotel Z\u00fcrich West\n\t\t\t\t<\/figcaption><\/figure><figure class='gallery-item'>\n\t\t\t<div class='gallery-icon landscape'>\n\t\t\t\t<a href='https:\/\/coeser.de\/blog\/wp-content\/uploads\/2020\/10\/zuerich-25hours-hotel-west-gal06-christian-oeser.jpg' title=\"Lasagne und Pizza im Restaurant Ribelli im 25hours Hotel Z\u00fcrich West\" data-rl_title=\"Lasagne und Pizza im Restaurant Ribelli im 25hours Hotel Z\u00fcrich West\" class=\"rl-gallery-link\" data-rl_caption=\"Aufnahmeort anzeigen\" data-rel=\"lightbox-gallery-2\"><img loading=\"lazy\" decoding=\"async\" width=\"150\" height=\"150\" src=\"https:\/\/coeser.de\/blog\/wp-content\/uploads\/2020\/10\/zuerich-25hours-hotel-west-gal06-christian-oeser-150x150.jpg\" class=\"attachment-thumbnail size-thumbnail\" alt=\"Lasagne und Pizza im Restaurant Ribelli im 25hours Hotel Z\u00fcrich West\" aria-describedby=\"gallery-2-16344\" \/><\/a>\n\t\t\t<\/div>\n\t\t\t\t<figcaption class='wp-caption-text gallery-caption' id='gallery-2-16344'>\n\t\t\t\tLasagne und Pizza im Restaurant Ribelli im 25hours Hotel Z\u00fcrich West\n\t\t\t\t<\/figcaption><\/figure>\n\t\t<\/div>\n\n<p><strong>Auf meiner bevorzugten Hotelsuchmaschine booking.com findest du weitere <a href=\"https:\/\/www.booking.com\/searchresults.de.html?city=-2554935&amp;aid=1634405&amp;no_rooms=1&amp;group_adults=1\" target=\"_blank\" rel=\"noopener noreferrer\">sch\u00f6ne Unterk\u00fcnfte in Z\u00fcrich<\/a>*.<\/strong><\/p>\n<\/div>\n<div class=\"extern\">\n<h3>TRANSPARENZHINWEIS<\/h3>\n<p>*Die mit Stern gekennzeichneten Verweise in diesem Blogartikel sind sogenannte Affiliate-Links. Wenn dir mein Blogartikel bei der Planung deiner Reise geholfen hat, freue ich mich, wenn du \u00fcber diese Links deine Unterkunft oder Freizeitaktivit\u00e4ten buchst. Ich erhalte dadurch eine kleine Provision und du unterst\u00fctzt den Erhalt dieses Blogs. F\u00fcr dich entstehen dabei selbstverst\u00e4ndlich keine Nachteile. Vielen Dank! \ud83d\ude42<\/p>\n<p>F\u00fcr die Recherche zu diesem Artikel wurde ich vom 25hours Hotel unterst\u00fctzt. Meine Erfahrungen und Eindr\u00fccke sind davon selbstverst\u00e4ndlich nicht beeinflusst.<\/p>\n<\/div>\n<p>&nbsp;<\/p>\n<h2><img loading=\"lazy\" decoding=\"async\" class=\"alignnone size-full wp-image-21422\" src=\"https:\/\/coeser.de\/blog\/wp-content\/uploads\/2023\/12\/zuerich-weihnachtsmaerkte-aufmacher2-bahnhofstrasse-tram-christian-oeser.jpg\" alt=\"Stra\u00dfenbahn (Tram) im weihnachtlichen Lichterregen auf der Bahnhofstra\u00dfe in Z\u00fcrich\" width=\"970\" height=\"323\" srcset=\"https:\/\/coeser.de\/blog\/wp-content\/uploads\/2023\/12\/zuerich-weihnachtsmaerkte-aufmacher2-bahnhofstrasse-tram-christian-oeser.jpg 970w, https:\/\/coeser.de\/blog\/wp-content\/uploads\/2023\/12\/zuerich-weihnachtsmaerkte-aufmacher2-bahnhofstrasse-tram-christian-oeser-768x256.jpg 768w\" sizes=\"auto, (max-width: 970px) 100vw, 970px\" \/><\/h2>\n<h2>Z\u00fcrich: Ein Klassiker zu jeder Jahreszeit<\/h2>\n<p>Z\u00fcrich hat es mir wirklich angetan. Dank des Insiderwissens meiner Freundin, die l\u00e4ngere Zeit in Z\u00fcrich studierte, wurden mir die Vorz\u00fcge der Stadt w\u00e4hrend mehrerer Aufenthalte St\u00fcck f\u00fcr St\u00fcck n\u00e4hergebracht und schmackhaft gemacht. Insbesondere in den warmen Monaten ist eine St\u00e4dtereise nach Z\u00fcrich sehr lohnenswert, da der Z\u00fcrichsee zum Baden einl\u00e4dt und du \u00fcberall im Freien sitzen und die Atmosph\u00e4re genie\u00dfen kannst. Dennoch machten wir uns jedes Mal dar\u00fcber Gedanken, wie es sich hier wohl um die Weihnachtszeit anf\u00fchlt. Ist alles romantisch verschneit? Ist die Weihnachtsbeleuchtung genauso sch\u00f6n, wie wir es in unseren K\u00f6pfen durchspielen? Welche Kulinarik erwartet uns? Wo befinden sich die sch\u00f6nsten Weihnachtsm\u00e4rkte in Z\u00fcrich? Auf all diese Fragen gibt es nat\u00fcrlich nur eine Antwort: hinfahren und ausprobieren!<\/p>\n<h3>Die Anreise nach Z\u00fcrich<\/h3>\n<p>Z\u00fcrich erreichst du mit dem Flugzeug von vielen Flugh\u00e4fen in \u00d6sterreich und Deutschland. Am Flughafen Z\u00fcrich-Kloten angekommen, d\u00fcst du mit der S-Bahn schnell ins Zentrum zum Hauptbahnhof. Meine Freundin und ich pr\u00e4ferieren aber seit Jahren schon die gem\u00e4chlichere Reiseart des Zugfahrens, auch wenn wir daf\u00fcr deutlich mehr Zeit einplanen m\u00fcssen. Die entschleunigende Fahrt l\u00e4sst uns entspannt ankommen und w\u00e4hrend der R\u00fcckreise unsere Gedanken schon gleich im Zug im Reisetagebuch bzw. in diesem Reiseblog festhalten. Von Wien aus ben\u00f6tigst du mit dem Railjet Express rund acht Stunden. Unsere Anreise nach Z\u00fcrich f\u00fcr die Erkundung der Weihnachtsm\u00e4rkte erfolgte aber \u00fcber <a href=\"https:\/\/coeser.de\/blog\/index.php\/2022\/10\/21\/paris-zu-gast-in-frankreichs-herz\/\" target=\"_blank\" rel=\"noopener\"><strong>Paris<\/strong><\/a>, wo wir zuvor vier Tage die franz\u00f6sische Hauptstadt genossen. Von Paris ben\u00f6tigst du mit dem TGV Lyria vier Stunden nach Z\u00fcrich.<\/p>\n<hr \/>\n<div class=\"tipps\">\n<h2><img loading=\"lazy\" decoding=\"async\" class=\"alignnone size-full wp-image-21421\" src=\"https:\/\/coeser.de\/blog\/wp-content\/uploads\/2023\/12\/zuerich-weihnachtsmaerkte-aufmacher4-stadtansicht-christian-oeser.jpg\" alt=\"N\u00e4chtliche Stadtansicht von Z\u00fcrich mit Gro\u00dfm\u00fcnster, Fraum\u00fcnster und Alter Peter\" width=\"970\" height=\"323\" srcset=\"https:\/\/coeser.de\/blog\/wp-content\/uploads\/2023\/12\/zuerich-weihnachtsmaerkte-aufmacher4-stadtansicht-christian-oeser.jpg 970w, https:\/\/coeser.de\/blog\/wp-content\/uploads\/2023\/12\/zuerich-weihnachtsmaerkte-aufmacher4-stadtansicht-christian-oeser-768x256.jpg 768w\" sizes=\"auto, (max-width: 970px) 100vw, 970px\" \/><\/h2>\n<h2>TIPP: Weitere Artikel \u00fcber Z\u00fcrich<\/h2>\n<p>Z\u00fcrich ist ein perfektes Ziel f\u00fcr eine St\u00e4dtereise! Gemeinsam mit meiner Freundin habe ich die gr\u00f6\u00dfte Schweizer Stadt schon mehrmals erkundet und dir in vier Artikeln die besten Sehensw\u00fcrdigkeiten, weitere spannende Unternehmungen sowie die sch\u00f6nsten Fotospots f\u00fcr unvergessliche Bilder zusammengestellt.<\/p>\n<p><strong><a href=\"https:\/\/coeser.de\/blog\/index.php\/2019\/01\/29\/zuerich-die-teure-genussstadt\/\" target=\"_blank\" rel=\"noopener\">Z\u00fcrich: Die teure Genussstadt<\/a><\/strong><\/p>\n<p><strong><a href=\"https:\/\/coeser.de\/blog\/index.php\/2018\/10\/09\/die-10-schoensten-fotospots-in-zuerich\/\" target=\"_blank\" rel=\"noopener\">Die 10 sch\u00f6nsten Fotospots in Z\u00fcrich<\/a><\/strong><\/p>\n<p><strong><a href=\"https:\/\/coeser.de\/blog\/index.php\/2019\/03\/12\/zuerich-10-dinge-die-du-noch-nicht-kennst\/\" target=\"_blank\" rel=\"noopener\">Z\u00fcrich: 10 Dinge, die du noch nicht kennst<\/a><\/strong><\/p>\n<p><strong><a href=\"https:\/\/coeser.de\/blog\/index.php\/2020\/10\/13\/zuerich-in-48-stunden-zelebrieren\/\" target=\"_blank\" rel=\"noopener\">Z\u00fcrich in 48 Stunden zelebrieren<\/a><\/strong><\/p>\n<\/div>\n<p>&nbsp;<\/p>\n<hr \/>\n<figure class=\"bigpicture\" style=\"width: 970px;\"><a href=\"https:\/\/coeser.de\/blog\/wp-content\/uploads\/2023\/12\/zuerich-weihnachtsmaerkte-karte-christian-oeser.pdf\" target=\"_blank\" rel=\"noopener\"><img loading=\"lazy\" decoding=\"async\" class=\"wp-image-21381 size-full\" src=\"https:\/\/coeser.de\/blog\/wp-content\/uploads\/2023\/12\/zuerich-weihnachtsmaerkte-karte-christian-oeser.png\" alt=\"Karte mit den Weihnachtsm\u00e4rkten in Z\u00fcrich\" width=\"960\" height=\"640\" srcset=\"https:\/\/coeser.de\/blog\/wp-content\/uploads\/2023\/12\/zuerich-weihnachtsmaerkte-karte-christian-oeser.png 960w, https:\/\/coeser.de\/blog\/wp-content\/uploads\/2023\/12\/zuerich-weihnachtsmaerkte-karte-christian-oeser-768x512.png 768w, https:\/\/coeser.de\/blog\/wp-content\/uploads\/2023\/12\/zuerich-weihnachtsmaerkte-karte-christian-oeser-330x220.png 330w\" sizes=\"auto, (max-width: 960px) 100vw, 960px\" \/><\/a><figcaption class=\"bigpicture-text\">\n<h2>Karte mit den Weihnachtsm\u00e4rkten in Z\u00fcrich<\/h2>\n<p>Auf dieser Karte siehst du sch\u00f6n, wie sich die Weihnachtsm\u00e4rkte in der Innenstadt von Z\u00fcrich verteilen und perfekt auf einem ausgedehnten Spaziergang miteinander verbinden lassen. Klicke die Karte an, um ein PDF zu \u00f6ffnen, das du dann ausdrucken kannst.<\/p>\n<\/figcaption><\/figure>\n<hr \/>\n<h2><img loading=\"lazy\" decoding=\"async\" class=\"alignnone size-full wp-image-21378\" src=\"https:\/\/coeser.de\/blog\/wp-content\/uploads\/2023\/12\/zuerich-weihnachtsmaerkte-aufmacher3-illuminarium-christian-oeser.jpg\" alt=\"Panorama des Weihnachtsmarkts Illuminarium im Landesmuseum in Z\u00fcrich\" width=\"970\" height=\"323\" srcset=\"https:\/\/coeser.de\/blog\/wp-content\/uploads\/2023\/12\/zuerich-weihnachtsmaerkte-aufmacher3-illuminarium-christian-oeser.jpg 970w, https:\/\/coeser.de\/blog\/wp-content\/uploads\/2023\/12\/zuerich-weihnachtsmaerkte-aufmacher3-illuminarium-christian-oeser-768x256.jpg 768w\" sizes=\"auto, (max-width: 970px) 100vw, 970px\" \/><\/h2>\n<h2>DIE 5 SCH\u00d6NSTEN WEIHNACHTSM\u00c4RKTE IN Z\u00dcRICH (+BONUSTIPP)<\/h2>\n<p>Ab ca. Mitte November beginnt in Z\u00fcrich die Zeit der Weihnachtsbeleuchtungen und der Weihnachtsm\u00e4rkte. Die Bahnhofstra\u00dfe verzaubert mit ihrem Lichterregen, der in Kombination mit den blau-wei\u00dfen Stra\u00dfenbahnen ein einpr\u00e4gsames Fotomotiv ergibt. Die Adventm\u00e4rkte reihen sich wunderbar einer nach dem anderen in der Innenstadt auf, sodass du auf einem Rundgang die H\u00f6hepunkte zwischen Punsch und Kulinarik der Reihe nach erleben kannst \u2013 siehe auch meine Karte oben. An den St\u00e4nden findest du relativ wenig Kitsch, daf\u00fcr umso mehr Kunsthandwerk in allen Preisklassen. Essen wird in sehr vielen Holzh\u00fctten angeboten \u2013 neben Schweizer Klassikern wie Raclette, R\u00f6sti und Schokolade auch eine breite Palette an internationaler K\u00fcche. Nachfolgend nehme ich dich nun mit auf einen Spaziergang durch die Innenstadt und zeige dir die f\u00fcnf sch\u00f6nsten Weihnachtsm\u00e4rkte in Z\u00fcrich plus einen Bonustipp.<\/p>\n<hr \/>\n<h2><img loading=\"lazy\" decoding=\"async\" class=\"alignnone size-full wp-image-21391\" src=\"https:\/\/coeser.de\/blog\/wp-content\/uploads\/2023\/12\/zuerich-weihnachtsmaerkte-zuercher-weihnachtsallee1-christian-oeser.jpg\" alt=\"Weihnachtsm\u00e4rkte Z\u00fcrich: Z\u00fcrcher Weihnachtsallee\" width=\"970\" height=\"323\" srcset=\"https:\/\/coeser.de\/blog\/wp-content\/uploads\/2023\/12\/zuerich-weihnachtsmaerkte-zuercher-weihnachtsallee1-christian-oeser.jpg 970w, https:\/\/coeser.de\/blog\/wp-content\/uploads\/2023\/12\/zuerich-weihnachtsmaerkte-zuercher-weihnachtsallee1-christian-oeser-768x256.jpg 768w\" sizes=\"auto, (max-width: 970px) 100vw, 970px\" \/><\/h2>\n<h2>1) Weihnachtsm\u00e4rkte Z\u00fcrich: Z\u00fcrcher Weihnachtsallee<\/h2>\n<p>Kaum am Hauptbahnhof aus dem Zug ausgestiegen, kamen meine Freundin und ich auch schon mit dem ersten der zahlreichen Weihnachtsm\u00e4rkte in Z\u00fcrich in Ber\u00fchrung. Wir \u00fcbernachteten im <strong><a href=\"https:\/\/www.booking.com\/hotel\/ch\/25hours-zurich-langstrasse.de.html?aid=1634405\" target=\"_blank\" rel=\"noopener noreferrer\">25hours Hotel Z\u00fcrich Langstrasse<\/a><\/strong>*, das wir in knapp zehn Minuten Fu\u00dfweg durch die Europaallee erreichten. <strong>Z\u00fcrcher Weihnachtsallee<\/strong> nennt sich der Weihnachtsmarkt in eben dieser Allee. Auf einer L\u00e4nge von 400 Metern leiten zahlreiche Lichterketten entlang der rund 80 Holzh\u00fctten, in denen selbstgemachtes Kunsthandwerk und weitere Produkte angeboten werden. Faszinierend empfand ich, wie der Markt zwischen den n\u00fcchtern und sachlich wirkenden modernen Geb\u00e4uden so viel Atmosph\u00e4re ausstrahlen konnte. Immer wieder findet der Geruch von lokalen und internationalen K\u00f6stlichkeiten deine Nase und die Aufteilung der St\u00e4nde ist exzellent, sodass nirgendwo nerviges Gedr\u00e4nge entsteht.<\/p>\n<h3>Nasses Wetter, gute Stimmung<\/h3>\n<p>Wir kamen w\u00e4hrend unseres St\u00e4dtetrips nach Z\u00fcrich gleich dreimal durch die Z\u00fcrcher Weihnachtsallee und erlebten die Stimmung so zu unterschiedlichen Wetter- sowie Lichtsituationen. Obwohl wir komplett nass wurden, faszinierte uns der Spaziergang durch die Allee bei starkem Regen am meisten. Der nasse Boden sorgt f\u00fcr unglaublich sch\u00f6ne Spiegelungen der Lichter am Weihnachtsmarkt und motiviert richtig zum Gl\u00fchweintrinken. Wir genossen im \u00fcberdachten Sitzbereich ein Schweizer Raclette mit Erd\u00e4pfeln, Maroni und Engerdiner Vizokel \u2013 die vegetarische Variante der Spezialit\u00e4t Pizokel, die du unbedingt probieren solltest! Danach ein kr\u00e4ftiger Heuschnaps des gleichnamigen Stands und wir f\u00fchlten uns wieder gut aufgew\u00e4rmt. Sehr angenehm ist weiters die Freundlichkeit und Lockerheit der Mitarbeiterinnen sowie Mitarbeiter \u2013 wir wurden gleich mehrmals in gesellige Gespr\u00e4che verwickelt.<\/p>\n<figure class=\"bigpicture\"><img loading=\"lazy\" decoding=\"async\" class=\"wp-image-21392 size-full\" src=\"https:\/\/coeser.de\/blog\/wp-content\/uploads\/2023\/12\/zuerich-weihnachtsmaerkte-zuercher-weihnachtsallee-1-christian-oeser.jpg\" alt=\"Weihnachtsm\u00e4rkte Z\u00fcrich: Z\u00fcrcher Weihnachtsallee\" width=\"960\" height=\"640\" srcset=\"https:\/\/coeser.de\/blog\/wp-content\/uploads\/2023\/12\/zuerich-weihnachtsmaerkte-zuercher-weihnachtsallee-1-christian-oeser.jpg 960w, https:\/\/coeser.de\/blog\/wp-content\/uploads\/2023\/12\/zuerich-weihnachtsmaerkte-zuercher-weihnachtsallee-1-christian-oeser-768x512.jpg 768w, https:\/\/coeser.de\/blog\/wp-content\/uploads\/2023\/12\/zuerich-weihnachtsmaerkte-zuercher-weihnachtsallee-1-christian-oeser-330x220.jpg 330w\" sizes=\"auto, (max-width: 960px) 100vw, 960px\" \/><figcaption class=\"bigpicture-text\">\n<h3>Lichtermeer in der Z\u00fcrcher Weihnachtsallee<\/h3>\n<p>Verl\u00e4sst du den Hauptbahnhof \u00fcber den hinteren Ausgang (links), stehst du auch schon mitten am Weihnachtsmarkt Z\u00fcrcher Weihnachtsallee.<br \/>\n<a href=\"https:\/\/www.google.de\/maps\/place\/47.37803495009456,8.53576394673244\" target=\"_blank\" rel=\"noopener\"><strong>Aufnahmeort anzeigen<\/strong><\/a><\/p>\n<\/figcaption><\/figure>\n<figure class=\"bigpicture\"><img loading=\"lazy\" decoding=\"async\" class=\"wp-image-21393 size-full\" src=\"https:\/\/coeser.de\/blog\/wp-content\/uploads\/2023\/12\/zuerich-weihnachtsmaerkte-zuercher-weihnachtsallee-2-christian-oeser.jpg\" alt=\"Weihnachtsm\u00e4rkte Z\u00fcrich: Z\u00fcrcher Weihnachtsallee\" width=\"960\" height=\"640\" srcset=\"https:\/\/coeser.de\/blog\/wp-content\/uploads\/2023\/12\/zuerich-weihnachtsmaerkte-zuercher-weihnachtsallee-2-christian-oeser.jpg 960w, https:\/\/coeser.de\/blog\/wp-content\/uploads\/2023\/12\/zuerich-weihnachtsmaerkte-zuercher-weihnachtsallee-2-christian-oeser-768x512.jpg 768w, https:\/\/coeser.de\/blog\/wp-content\/uploads\/2023\/12\/zuerich-weihnachtsmaerkte-zuercher-weihnachtsallee-2-christian-oeser-330x220.jpg 330w\" sizes=\"auto, (max-width: 960px) 100vw, 960px\" \/><figcaption class=\"bigpicture-text\">\n<h3>Weihnachtsbaum zwischen B\u00fcrogeb\u00e4uden<\/h3>\n<p>Die Z\u00fcrcher Weihnachtsallee lockt zwischen modernen Geb\u00e4uden mit \u00fcber 80 St\u00e4nden und einem wundervoll beleuchteten Christbaum.<br \/>\n<a href=\"https:\/\/www.google.de\/maps\/place\/47.379020409159466,8.531992411374556\" target=\"_blank\" rel=\"noopener\"><strong>Aufnahmeort anzeigen<\/strong><\/a><\/p>\n<\/figcaption><\/figure>\n<figure class=\"bigpicture\"><img loading=\"lazy\" decoding=\"async\" class=\"wp-image-21394 size-full\" src=\"https:\/\/coeser.de\/blog\/wp-content\/uploads\/2023\/12\/zuerich-weihnachtsmaerkte-zuercher-weihnachtsallee-3-christian-oeser.jpg\" alt=\"Weihnachtsm\u00e4rkte Z\u00fcrich: Z\u00fcrcher Weihnachtsallee\" width=\"960\" height=\"640\" srcset=\"https:\/\/coeser.de\/blog\/wp-content\/uploads\/2023\/12\/zuerich-weihnachtsmaerkte-zuercher-weihnachtsallee-3-christian-oeser.jpg 960w, https:\/\/coeser.de\/blog\/wp-content\/uploads\/2023\/12\/zuerich-weihnachtsmaerkte-zuercher-weihnachtsallee-3-christian-oeser-768x512.jpg 768w, https:\/\/coeser.de\/blog\/wp-content\/uploads\/2023\/12\/zuerich-weihnachtsmaerkte-zuercher-weihnachtsallee-3-christian-oeser-330x220.jpg 330w\" sizes=\"auto, (max-width: 960px) 100vw, 960px\" \/><figcaption class=\"bigpicture-text\">\n<h3>Wohnzimmer in der Z\u00fcrcher Weihnachtsallee<\/h3>\n<p>Einige H\u00fctten auf der Z\u00fcrcher Weihnachtsallee sehen wie Wohnzimmer aus und laden zum Verweilen ein.<br \/>\n<a href=\"https:\/\/www.google.de\/maps\/place\/47.37889681094271,8.533101124463679\" target=\"_blank\" rel=\"noopener\"><strong>Aufnahmeort anzeigen<\/strong><\/a><\/p>\n<\/figcaption><\/figure>\n<figure class=\"bigpicture\"><img loading=\"lazy\" decoding=\"async\" class=\"wp-image-21395 size-full\" src=\"https:\/\/coeser.de\/blog\/wp-content\/uploads\/2023\/12\/zuerich-weihnachtsmaerkte-zuercher-weihnachtsallee-4-christian-oeser.jpg\" alt=\"Weihnachtsm\u00e4rkte Z\u00fcrich: Z\u00fcrcher Weihnachtsallee\" width=\"960\" height=\"640\" srcset=\"https:\/\/coeser.de\/blog\/wp-content\/uploads\/2023\/12\/zuerich-weihnachtsmaerkte-zuercher-weihnachtsallee-4-christian-oeser.jpg 960w, https:\/\/coeser.de\/blog\/wp-content\/uploads\/2023\/12\/zuerich-weihnachtsmaerkte-zuercher-weihnachtsallee-4-christian-oeser-768x512.jpg 768w, https:\/\/coeser.de\/blog\/wp-content\/uploads\/2023\/12\/zuerich-weihnachtsmaerkte-zuercher-weihnachtsallee-4-christian-oeser-330x220.jpg 330w\" sizes=\"auto, (max-width: 960px) 100vw, 960px\" \/><figcaption class=\"bigpicture-text\">\n<h3>Die Kulinarik in der Z\u00fcrcher Weihnachtsallee<\/h3>\n<p>Die Kulinarik auf der Z\u00fcrcher Weihnachtsallee l\u00e4sst keine W\u00fcnsche offen. Sehr zu empfehlen ist etwa das Engerdiner Vizokel (oben links) und das k\u00f6stliche Raclette mit Erd\u00e4pfeln (unten rechts).<br \/>\n<a href=\"https:\/\/www.google.de\/maps\/place\/47.378174269626385,8.535157082075456\" target=\"_blank\" rel=\"noopener\"><strong>Aufnahmeort anzeigen<\/strong><\/a><\/p>\n<\/figcaption><\/figure>\n<hr \/>\n<h2><img loading=\"lazy\" decoding=\"async\" class=\"alignnone size-full wp-image-21386\" src=\"https:\/\/coeser.de\/blog\/wp-content\/uploads\/2023\/12\/zuerich-weihnachtsmaerkte-christkindlimarkt-hauptbahnhof-christian-oeser.jpg\" alt=\"Weihnachtsm\u00e4rkte Z\u00fcrich: Christkindlimarkt am Hauptbahnhof\" width=\"970\" height=\"323\" srcset=\"https:\/\/coeser.de\/blog\/wp-content\/uploads\/2023\/12\/zuerich-weihnachtsmaerkte-christkindlimarkt-hauptbahnhof-christian-oeser.jpg 970w, https:\/\/coeser.de\/blog\/wp-content\/uploads\/2023\/12\/zuerich-weihnachtsmaerkte-christkindlimarkt-hauptbahnhof-christian-oeser-768x256.jpg 768w\" sizes=\"auto, (max-width: 970px) 100vw, 970px\" \/><\/h2>\n<h2>2) Weihnachtsm\u00e4rkte Z\u00fcrich: Christkindlimarkt am Hauptbahnhof<\/h2>\n<p>Egal ob du mit dem Flugzeug oder dem Zug anreist \u2013 dein Zwischenziel lautet ziemlich sicher Hauptbahnhof Z\u00fcrich. F\u00e4hrst du dort mit der Rolltreppe hinauf zur historischen Haupthalle von 1871, stehst du auch schon inmitten des <strong>Christkindlimarkt<\/strong>. Auf dem seit 1994 veranstalteten Markt reihen sich \u00fcber 100 Holzh\u00fctten dicht gedr\u00e4ngt aneinander. Es ist laut und es ist sehr viel los, aber zauberhaft ist das Setting dennoch \u2013 selbst untertags sorgt die dunkle Halle f\u00fcr eine stimmungsvolle Atmosph\u00e4re. Vor allem, wenn es drau\u00dfen st\u00fcrmt und schneit oder regnet, ist der einzige \u00fcberdachte Weihnachtsmarkt im Hauptbahnhof ein willkommener Ort, um dem Schlechtwetter zu entkommen und sich aufzuw\u00e4rmen. Die Wege zu den Bahnsteigen sind hier so angelegt, dass sich Reisende mit ihrem Gep\u00e4ck und Besucherinnen sowie Besucher des Markts nicht in die Quere kommen.<\/p>\n<h3>Sehenswerter Christbaum<\/h3>\n<p>Optisch sticht der riesige Weihnachtsbaum mit Lindt-Kugeln aus der F\u00fclle an festlich geschm\u00fcckten St\u00e4nden hervor und pr\u00e4sentiert sich als beliebtes Fotomotiv f\u00fcr Selfies. Sehr gut gefielen mir die beiden Aussichtsterrassen, von denen aus du den gesamten Weihnachtsmarkt \u00fcberblicken kannst \u2013 sofern sie nicht f\u00fcr eine geschlossene Gesellschaft reserviert sind. Vom Angebot her findest du auf dem Christkindlimarkt viel Stoff und Schmuck sowie Delikatessl\u00e4den. Das kulinarische Programm lie\u00dfen wir hier komplett aus, da uns einfach zu viel los war. Die Vielfalt der Weihnachtsm\u00e4rkte in Z\u00fcrich wird mit diesem Ort jedenfalls sehr bereichert, denn in einer Bahnhofshalle findet man nicht oft einen derart sehenswerten Adventmarkt. Er eignet sich f\u00fcr Einheimische auch sicherlich f\u00fcr einen Absacker, um nach dem letzten Gl\u00fchwein zufrieden in den Zug zu fallen und nachhause zu gleiten.<\/p>\n<figure class=\"bigpicture\"><img loading=\"lazy\" decoding=\"async\" class=\"wp-image-21397 size-full\" src=\"https:\/\/coeser.de\/blog\/wp-content\/uploads\/2023\/12\/zuerich-weihnachtsmaerkte-christkindlimarkt-hauptbahnhof-1-christian-oeser.jpg\" alt=\"Weihnachtsm\u00e4rkte Z\u00fcrich: Christkindlimarkt am Hauptbahnhof\" width=\"960\" height=\"640\" srcset=\"https:\/\/coeser.de\/blog\/wp-content\/uploads\/2023\/12\/zuerich-weihnachtsmaerkte-christkindlimarkt-hauptbahnhof-1-christian-oeser.jpg 960w, https:\/\/coeser.de\/blog\/wp-content\/uploads\/2023\/12\/zuerich-weihnachtsmaerkte-christkindlimarkt-hauptbahnhof-1-christian-oeser-768x512.jpg 768w, https:\/\/coeser.de\/blog\/wp-content\/uploads\/2023\/12\/zuerich-weihnachtsmaerkte-christkindlimarkt-hauptbahnhof-1-christian-oeser-330x220.jpg 330w\" sizes=\"auto, (max-width: 960px) 100vw, 960px\" \/><figcaption class=\"bigpicture-text\">\n<h3>Weihnachtsflair am Hauptbahnhof<\/h3>\n<p>Inmitten der historischen Bahnhofshalle von 1871 ist der Christkindlimarkt am Hauptbahnhof aufgebaut.<br \/>\n<a href=\"https:\/\/www.google.de\/maps\/place\/47.377758778796014,8.540763893866426\" target=\"_blank\" rel=\"noopener\"><strong>Aufnahmeort anzeigen<\/strong><\/a><\/p>\n<\/figcaption><\/figure>\n<figure class=\"bigpicture\"><img loading=\"lazy\" decoding=\"async\" class=\"wp-image-21398 size-full\" src=\"https:\/\/coeser.de\/blog\/wp-content\/uploads\/2023\/12\/zuerich-weihnachtsmaerkte-christkindlimarkt-hauptbahnhof-2-christian-oeser.jpg\" alt=\"Weihnachtsm\u00e4rkte Z\u00fcrich: Christkindlimarkt am Hauptbahnhof\" width=\"960\" height=\"640\" srcset=\"https:\/\/coeser.de\/blog\/wp-content\/uploads\/2023\/12\/zuerich-weihnachtsmaerkte-christkindlimarkt-hauptbahnhof-2-christian-oeser.jpg 960w, https:\/\/coeser.de\/blog\/wp-content\/uploads\/2023\/12\/zuerich-weihnachtsmaerkte-christkindlimarkt-hauptbahnhof-2-christian-oeser-768x512.jpg 768w, https:\/\/coeser.de\/blog\/wp-content\/uploads\/2023\/12\/zuerich-weihnachtsmaerkte-christkindlimarkt-hauptbahnhof-2-christian-oeser-330x220.jpg 330w\" sizes=\"auto, (max-width: 960px) 100vw, 960px\" \/><figcaption class=\"bigpicture-text\">\n<h3>Der Weihnachtsbaum am Christkindlimarkt<\/h3>\n<p>Der Weihnachtsbaum am Christkindlimarkt besteht aus normalen Christbaumkugeln und Schokoladekugeln von Lindt.<br \/>\n<a href=\"https:\/\/www.google.de\/maps\/place\/47.377758778796014,8.540763893866426\" target=\"_blank\" rel=\"noopener\"><strong>Aufnahmeort anzeigen<\/strong><\/a><\/p>\n<\/figcaption><\/figure>\n<figure class=\"bigpicture\"><img loading=\"lazy\" decoding=\"async\" class=\"wp-image-21399 size-full\" src=\"https:\/\/coeser.de\/blog\/wp-content\/uploads\/2023\/12\/zuerich-weihnachtsmaerkte-christkindlimarkt-hauptbahnhof-3-christian-oeser.jpg\" alt=\"Weihnachtsm\u00e4rkte Z\u00fcrich: Christkindlimarkt am Hauptbahnhof\" width=\"960\" height=\"640\" srcset=\"https:\/\/coeser.de\/blog\/wp-content\/uploads\/2023\/12\/zuerich-weihnachtsmaerkte-christkindlimarkt-hauptbahnhof-3-christian-oeser.jpg 960w, https:\/\/coeser.de\/blog\/wp-content\/uploads\/2023\/12\/zuerich-weihnachtsmaerkte-christkindlimarkt-hauptbahnhof-3-christian-oeser-768x512.jpg 768w, https:\/\/coeser.de\/blog\/wp-content\/uploads\/2023\/12\/zuerich-weihnachtsmaerkte-christkindlimarkt-hauptbahnhof-3-christian-oeser-330x220.jpg 330w\" sizes=\"auto, (max-width: 960px) 100vw, 960px\" \/><figcaption class=\"bigpicture-text\">\n<h3>Stimmungsvoller Christkindlimarkt am Hauptbahnhof<\/h3>\n<p>Dank der \u00dcberdachung f\u00fchlt sich der Christkindlimarkt am Hauptbahnhof ganztags stimmungsvoll an<br \/>\n<a href=\"https:\/\/www.google.de\/maps\/place\/47.377758778796014,8.540763893866426\" target=\"_blank\" rel=\"noopener\"><strong>Aufnahmeort anzeigen<\/strong><\/a><\/p>\n<\/figcaption><\/figure>\n<figure class=\"bigpicture\"><img loading=\"lazy\" decoding=\"async\" class=\"wp-image-21400 size-full\" src=\"https:\/\/coeser.de\/blog\/wp-content\/uploads\/2023\/12\/zuerich-weihnachtsmaerkte-christkindlimarkt-hauptbahnhof-4-christian-oeser.jpg\" alt=\"Weihnachtsm\u00e4rkte Z\u00fcrich: Christkindlimarkt am Hauptbahnhof\" width=\"960\" height=\"640\" srcset=\"https:\/\/coeser.de\/blog\/wp-content\/uploads\/2023\/12\/zuerich-weihnachtsmaerkte-christkindlimarkt-hauptbahnhof-4-christian-oeser.jpg 960w, https:\/\/coeser.de\/blog\/wp-content\/uploads\/2023\/12\/zuerich-weihnachtsmaerkte-christkindlimarkt-hauptbahnhof-4-christian-oeser-768x512.jpg 768w, https:\/\/coeser.de\/blog\/wp-content\/uploads\/2023\/12\/zuerich-weihnachtsmaerkte-christkindlimarkt-hauptbahnhof-4-christian-oeser-330x220.jpg 330w\" sizes=\"auto, (max-width: 960px) 100vw, 960px\" \/><figcaption class=\"bigpicture-text\">\n<h3>Kunst und Kulinarik am Christkindlimarkt<\/h3>\n<p>Vom Angebot her geht es auf dem Christkindlimarkt am Hauptbahnhof in allen Belangen bunt zu.<br \/>\n<a href=\"https:\/\/www.google.de\/maps\/place\/47.377758778796014,8.540763893866426\" target=\"_blank\" rel=\"noopener\"><strong>Aufnahmeort anzeigen<\/strong><\/a><\/p>\n<\/figcaption><\/figure>\n<hr \/>\n<h2><img loading=\"lazy\" decoding=\"async\" class=\"alignnone size-full wp-image-21387\" src=\"https:\/\/coeser.de\/blog\/wp-content\/uploads\/2023\/12\/zuerich-weihnachtsmaerkte-illuminarium-landesmuseum-christian-oeser.jpg\" alt=\"Weihnachtsm\u00e4rkte Z\u00fcrich: Illuminarium im Landesmuseum\" width=\"970\" height=\"323\" srcset=\"https:\/\/coeser.de\/blog\/wp-content\/uploads\/2023\/12\/zuerich-weihnachtsmaerkte-illuminarium-landesmuseum-christian-oeser.jpg 970w, https:\/\/coeser.de\/blog\/wp-content\/uploads\/2023\/12\/zuerich-weihnachtsmaerkte-illuminarium-landesmuseum-christian-oeser-768x256.jpg 768w\" sizes=\"auto, (max-width: 970px) 100vw, 970px\" \/><\/h2>\n<h2>3) Weihnachtsm\u00e4rkte Z\u00fcrich: Illuminarium im Landesmuseum<\/h2>\n<p>Ideal mit dem Christkindlimarkt am Hauptbahnhof l\u00e4sst sich das gleich daneben befindliche Landesmuseum verbinden. Dort ist eine Winterwunderwelt mit dem klingenden Namen <strong>Illuminarium<\/strong> aufgebaut. Es handelt sich um eine Mischung aus einem kostenlosen, klassischen Weihnachtsmarkt mit besonders herausstechender Dekoration und einer kostenpflichtigen Lichtershow im Inneren des Museums. Meine Freundin und ich waren absolut beeindruckt! Am besten kommst du zur D\u00e4mmerung oder sp\u00e4ter zum Haupteingang des Landesmuseums, wo du dich an der wahrscheinlich abschreckend langen Schlange anstellst. Lass dich nicht von den Schildern verwirren, du ben\u00f6tigst kein Ticket f\u00fcr den Weihnachtsmarkt! Die Menge r\u00fcckt sehr flott voran und in wenigen Minuten stehst du auch schon im Vorhof des Museums, wo dich die Lichter des Weihnachtsmarkts Illuminarium sicherlich ebenso umwerfen werden wie uns.<\/p>\n<h3>Perfekter Weihnachtskitsch<\/h3>\n<p>Die St\u00e4nde des Weihnachtsmarkts Illuminarium betten sich wunderbar in die Arkadenb\u00f6gen des Innenhofs ein. Generell empfanden wir den gesamten Adventmarkt trotz seines visuell \u201eschreienden\u201c Designs in den historischen Bau des Landesmuseums von 1898 ausgezeichnet integriert, sodass sich ein harmonisches Gesamtbild ergibt. Trotz des gro\u00dfen Andrangs an Menschen verteilten sich die Massen sehr gut, sodass wir uns nicht sehr beengt f\u00fchlten. In den Holzh\u00fctten wird ausschlie\u00dflich Essen und Trinken ausgegeben, darunter Mini-Fondue und das Schweizer Nationalgetr\u00e4nk Rivella in Form eines Gl\u00fchweins mit Geschmacksnote. \u00dcberall duftet es aus Feuerkugeln nach Lagerfeuer, ein herrlicher Geruch in der kalten Winterluft! Wenn du also bei deinem n\u00e4chsten Besuch die Weihnachtsm\u00e4rkte von Z\u00fcrich einplanst, dann ist das Illuminarium ein Pflichtpunkt!<\/p>\n<figure class=\"bigpicture\"><img loading=\"lazy\" decoding=\"async\" class=\"wp-image-21402 size-full\" src=\"https:\/\/coeser.de\/blog\/wp-content\/uploads\/2023\/12\/zuerich-weihnachtsmaerkte-illuminarium-landesmuseum-1-christian-oeser.jpg\" alt=\"Weihnachtsm\u00e4rkte Z\u00fcrich: Illuminarium im Landesmuseum\" width=\"960\" height=\"640\" srcset=\"https:\/\/coeser.de\/blog\/wp-content\/uploads\/2023\/12\/zuerich-weihnachtsmaerkte-illuminarium-landesmuseum-1-christian-oeser.jpg 960w, https:\/\/coeser.de\/blog\/wp-content\/uploads\/2023\/12\/zuerich-weihnachtsmaerkte-illuminarium-landesmuseum-1-christian-oeser-768x512.jpg 768w, https:\/\/coeser.de\/blog\/wp-content\/uploads\/2023\/12\/zuerich-weihnachtsmaerkte-illuminarium-landesmuseum-1-christian-oeser-330x220.jpg 330w\" sizes=\"auto, (max-width: 960px) 100vw, 960px\" \/><figcaption class=\"bigpicture-text\">\n<h3>Lichtershow im Landesmuseum<\/h3>\n<p>Die Au\u00dfenansicht des Landesmuseums bietet nur einen kleinen Vorgeschmack auf die Lichtershow Illuminarium, die sich im Innenhof pr\u00e4sentiert.<br \/>\n<a href=\"https:\/\/www.google.de\/maps\/place\/47.379131956308676,8.540282553866708\" target=\"_blank\" rel=\"noopener\"><strong>Aufnahmeort anzeigen<\/strong><\/a><\/p>\n<\/figcaption><\/figure>\n<figure class=\"bigpicture\"><img loading=\"lazy\" decoding=\"async\" class=\"wp-image-21403 size-full\" src=\"https:\/\/coeser.de\/blog\/wp-content\/uploads\/2023\/12\/zuerich-weihnachtsmaerkte-illuminarium-landesmuseum-2-christian-oeser.jpg\" alt=\"Weihnachtsm\u00e4rkte Z\u00fcrich: Illuminarium im Landesmuseum\" width=\"960\" height=\"640\" srcset=\"https:\/\/coeser.de\/blog\/wp-content\/uploads\/2023\/12\/zuerich-weihnachtsmaerkte-illuminarium-landesmuseum-2-christian-oeser.jpg 960w, https:\/\/coeser.de\/blog\/wp-content\/uploads\/2023\/12\/zuerich-weihnachtsmaerkte-illuminarium-landesmuseum-2-christian-oeser-768x512.jpg 768w, https:\/\/coeser.de\/blog\/wp-content\/uploads\/2023\/12\/zuerich-weihnachtsmaerkte-illuminarium-landesmuseum-2-christian-oeser-330x220.jpg 330w\" sizes=\"auto, (max-width: 960px) 100vw, 960px\" \/><figcaption class=\"bigpicture-text\">\n<h3>Viel Glanz und Glimmer im Illuminarium im Landesmuseum<\/h3>\n<p>Beim Betreten des Illuminarium im Landesmuseum f\u00fchlst du dich wie in einer Zauberwelt.<br \/>\n<a href=\"https:\/\/www.google.de\/maps\/place\/47.379131956308676,8.540282553866708\" target=\"_blank\" rel=\"noopener\"><strong>Aufnahmeort anzeigen<\/strong><\/a><\/p>\n<\/figcaption><\/figure>\n<figure class=\"bigpicture\"><img loading=\"lazy\" decoding=\"async\" class=\"wp-image-21404 size-full\" src=\"https:\/\/coeser.de\/blog\/wp-content\/uploads\/2023\/12\/zuerich-weihnachtsmaerkte-illuminarium-landesmuseum-3-christian-oeser.jpg\" alt=\"Weihnachtsm\u00e4rkte Z\u00fcrich: Illuminarium im Landesmuseum\" width=\"960\" height=\"640\" srcset=\"https:\/\/coeser.de\/blog\/wp-content\/uploads\/2023\/12\/zuerich-weihnachtsmaerkte-illuminarium-landesmuseum-3-christian-oeser.jpg 960w, https:\/\/coeser.de\/blog\/wp-content\/uploads\/2023\/12\/zuerich-weihnachtsmaerkte-illuminarium-landesmuseum-3-christian-oeser-768x512.jpg 768w, https:\/\/coeser.de\/blog\/wp-content\/uploads\/2023\/12\/zuerich-weihnachtsmaerkte-illuminarium-landesmuseum-3-christian-oeser-330x220.jpg 330w\" sizes=\"auto, (max-width: 960px) 100vw, 960px\" \/><figcaption class=\"bigpicture-text\">\n<h3>Der moderne Weihnachtsbaum im Landesmuseum<\/h3>\n<p>Ein \u00e4u\u00dferst kreativer Weihnachtsbaum thront in der Mitte des Illuminarium im Landesmuseum.<br \/>\n<a href=\"https:\/\/www.google.de\/maps\/place\/47.379131956308676,8.540282553866708\" target=\"_blank\" rel=\"noopener\"><strong>Aufnahmeort anzeigen<\/strong><\/a><\/p>\n<\/figcaption><\/figure>\n<figure class=\"bigpicture\"><img loading=\"lazy\" decoding=\"async\" class=\"wp-image-21405 size-full\" src=\"https:\/\/coeser.de\/blog\/wp-content\/uploads\/2023\/12\/zuerich-weihnachtsmaerkte-illuminarium-landesmuseum-4-christian-oeser.jpg\" alt=\"Weihnachtsm\u00e4rkte Z\u00fcrich: Illuminarium im Landesmuseum\" width=\"960\" height=\"640\" srcset=\"https:\/\/coeser.de\/blog\/wp-content\/uploads\/2023\/12\/zuerich-weihnachtsmaerkte-illuminarium-landesmuseum-4-christian-oeser.jpg 960w, https:\/\/coeser.de\/blog\/wp-content\/uploads\/2023\/12\/zuerich-weihnachtsmaerkte-illuminarium-landesmuseum-4-christian-oeser-768x512.jpg 768w, https:\/\/coeser.de\/blog\/wp-content\/uploads\/2023\/12\/zuerich-weihnachtsmaerkte-illuminarium-landesmuseum-4-christian-oeser-330x220.jpg 330w\" sizes=\"auto, (max-width: 960px) 100vw, 960px\" \/><figcaption class=\"bigpicture-text\">\n<h3>Rivella und Fondue im Landesmuseum<\/h3>\n<p>Die Kulinarik im Illuminarium im Landesmuseum ist spannend: das Schweizer Nationalgetr\u00e4nk Rivella wird als Gl\u00fchweinersatz angeboten und K\u00e4sefondue direkt in ein Baguette gef\u00fcllt.<br \/>\n<a href=\"https:\/\/www.google.de\/maps\/place\/47.379131956308676,8.540282553866708\" target=\"_blank\" rel=\"noopener\"><strong>Aufnahmeort anzeigen<\/strong><\/a><\/p>\n<\/figcaption><\/figure>\n<hr \/>\n<h2><img loading=\"lazy\" decoding=\"async\" class=\"alignnone size-full wp-image-21388\" src=\"https:\/\/coeser.de\/blog\/wp-content\/uploads\/2023\/12\/zuerich-weihnachtsmaerkte-niederdorf-christian-oeser.jpg\" alt=\"Weihnachtsm\u00e4rkte Z\u00fcrich: Weihnachtsmarkt D\u00f6rfli im Niederdorf\" width=\"970\" height=\"323\" srcset=\"https:\/\/coeser.de\/blog\/wp-content\/uploads\/2023\/12\/zuerich-weihnachtsmaerkte-niederdorf-christian-oeser.jpg 970w, https:\/\/coeser.de\/blog\/wp-content\/uploads\/2023\/12\/zuerich-weihnachtsmaerkte-niederdorf-christian-oeser-768x256.jpg 768w\" sizes=\"auto, (max-width: 970px) 100vw, 970px\" \/><\/h2>\n<h2>4) Weihnachtsm\u00e4rkte Z\u00fcrich: D\u00f6rfli im Niederdorf<\/h2>\n<p>Vom Landesmuseum f\u00fchrte unser Spaziergang entlang der Weihnachtsm\u00e4rkte von Z\u00fcrich \u00fcber den Platz Central in die Altstadt, das Niederdorf. Das <strong>Weihnachts-D\u00f6rfli<\/strong> z\u00e4hlt zu den \u00e4ltesten Adventm\u00e4rkten der Stadt und erstreckt sich \u00fcber viele kleine und enge Gassen fast bis zum Platz Bellevue am Beginn des Z\u00fcrichsees. Der gro\u00dfe Bonus ist hier sicherlich, dass du w\u00e4hrend des Flanierens Sightseeing mit Weihnachtsbonus betreiben kannst. Sofern du nicht am Sonn- oder Feiertag bzw. unter der Woche sp\u00e4t abends unterwegs bist, haben alle Gesch\u00e4fte ge\u00f6ffnet und es zahlt sich aus, das Angebot der sehenswerten L\u00e4den auch von innen zu besichtigen und dazwischen Pausen an einer der zahlreichen Holzh\u00fctten einzulegen.<\/p>\n<h3>Spaziergang mit Mehrwert<\/h3>\n<p>Die rund 70 Holzh\u00fctten verteilen sich an verschiedenen Stellen des Niederdorfs. Der Spaziergang ist so sehr abwechslungsreich und du k\u00e4mpfst dich auch nicht durch Massen an Menschen wie auf anderen Weihnachtsm\u00e4rkten in Z\u00fcrich. Der Weg ist von kleinen Christb\u00e4umen geschm\u00fcckt und endet als Highlight beim Gro\u00dfm\u00fcnster, einer der Hauptsehensw\u00fcrdigkeiten der Stadt. Dort ergibt sich dir zwischen Lichterketten und den kulinarischen St\u00e4nden von einer Aussichtsplattform auch ein sehr sch\u00f6ner Blick auf den Fluss Limmat, die Kirchen St. Peter und das Fraum\u00fcnster. Eine f\u00fcr Weihnachtsm\u00e4rkte in Z\u00fcrich typische Erg\u00e4nzung ist ein Holzh\u00fctten-Chalet, wo du Fondue genie\u00dfen kannst. Das Ambiente in diesen Restaurants ist etwas nobler angelegt und du solltest hier mit gut gedeckter Kreditkarte erscheinen. Au\u00dferdem ist eine Reservierung dringend empfohlen, denn die Fondue-H\u00fctten erfreuen sich gro\u00dfer Beliebtheit.<\/p>\n<figure class=\"bigpicture\"><img loading=\"lazy\" decoding=\"async\" class=\"wp-image-21407 size-full\" src=\"https:\/\/coeser.de\/blog\/wp-content\/uploads\/2023\/12\/zuerich-weihnachtsmaerkte-doerfli-niederdorf-1-christian-oeser.jpg\" alt=\"Weihnachtsm\u00e4rkte Z\u00fcrich: Weihnachtsmarkt D\u00f6rfli im Niederdorf\" width=\"960\" height=\"640\" srcset=\"https:\/\/coeser.de\/blog\/wp-content\/uploads\/2023\/12\/zuerich-weihnachtsmaerkte-doerfli-niederdorf-1-christian-oeser.jpg 960w, https:\/\/coeser.de\/blog\/wp-content\/uploads\/2023\/12\/zuerich-weihnachtsmaerkte-doerfli-niederdorf-1-christian-oeser-768x512.jpg 768w, https:\/\/coeser.de\/blog\/wp-content\/uploads\/2023\/12\/zuerich-weihnachtsmaerkte-doerfli-niederdorf-1-christian-oeser-330x220.jpg 330w\" sizes=\"auto, (max-width: 960px) 100vw, 960px\" \/><figcaption class=\"bigpicture-text\">\n<h3>Weihnachtliche Idylle im D\u00f6rfli im Niederdorf<\/h3>\n<p>Der Weihnachtsmarkt D\u00f6rfli im Niederdorf schl\u00e4ngelt sich durch einen Gro\u00dfteil der Altstadt.<br \/>\n<a href=\"https:\/\/www.google.de\/maps\/place\/47.373285301402916,8.543771306308793\" target=\"_blank\" rel=\"noopener\"><strong>Aufnahmeort anzeigen<\/strong><\/a><\/p>\n<\/figcaption><\/figure>\n<figure class=\"bigpicture\"><img loading=\"lazy\" decoding=\"async\" class=\"wp-image-21408 size-full\" src=\"https:\/\/coeser.de\/blog\/wp-content\/uploads\/2023\/12\/zuerich-weihnachtsmaerkte-doerfli-niederdorf-2-christian-oeser.jpg\" alt=\"Weihnachtsm\u00e4rkte Z\u00fcrich: Weihnachtsmarkt D\u00f6rfli im Niederdorf\" width=\"960\" height=\"640\" srcset=\"https:\/\/coeser.de\/blog\/wp-content\/uploads\/2023\/12\/zuerich-weihnachtsmaerkte-doerfli-niederdorf-2-christian-oeser.jpg 960w, https:\/\/coeser.de\/blog\/wp-content\/uploads\/2023\/12\/zuerich-weihnachtsmaerkte-doerfli-niederdorf-2-christian-oeser-768x512.jpg 768w, https:\/\/coeser.de\/blog\/wp-content\/uploads\/2023\/12\/zuerich-weihnachtsmaerkte-doerfli-niederdorf-2-christian-oeser-330x220.jpg 330w\" sizes=\"auto, (max-width: 960px) 100vw, 960px\" \/><figcaption class=\"bigpicture-text\">\n<h3>Weihnachtsgenuss im D\u00f6rfli im Niederdorf<\/h3>\n<p>Vor dem Gro\u00dfm\u00fcnster findest du im Weihnachtsmarkt D\u00f6rfli ein wundervolles Ambiente vor.<br \/>\n<a href=\"https:\/\/www.google.de\/maps\/place\/47.37040176518995,8.543806094319347\" target=\"_blank\" rel=\"noopener\"><strong>Aufnahmeort anzeigen<\/strong><\/a><\/p>\n<\/figcaption><\/figure>\n<figure class=\"bigpicture\"><img loading=\"lazy\" decoding=\"async\" class=\"wp-image-21409 size-full\" src=\"https:\/\/coeser.de\/blog\/wp-content\/uploads\/2023\/12\/zuerich-weihnachtsmaerkte-doerfli-niederdorf-3-christian-oeser.jpg\" alt=\"Weihnachtsm\u00e4rkte Z\u00fcrich: Weihnachtsmarkt D\u00f6rfli im Niederdorf\" width=\"960\" height=\"640\" srcset=\"https:\/\/coeser.de\/blog\/wp-content\/uploads\/2023\/12\/zuerich-weihnachtsmaerkte-doerfli-niederdorf-3-christian-oeser.jpg 960w, https:\/\/coeser.de\/blog\/wp-content\/uploads\/2023\/12\/zuerich-weihnachtsmaerkte-doerfli-niederdorf-3-christian-oeser-768x512.jpg 768w, https:\/\/coeser.de\/blog\/wp-content\/uploads\/2023\/12\/zuerich-weihnachtsmaerkte-doerfli-niederdorf-3-christian-oeser-330x220.jpg 330w\" sizes=\"auto, (max-width: 960px) 100vw, 960px\" \/><figcaption class=\"bigpicture-text\">\n<h3>Zwischen Gl\u00fchwein und Crepes im D\u00f6rfli im Niederdorf<\/h3>\n<p>Zahlreiche Holzh\u00fctten laden beim Spaziergang durch den Weihnachtsmarkt D\u00f6rfli zu einer Pause ein.<br \/>\n<a href=\"https:\/\/www.google.de\/maps\/place\/47.37231695643675,8.543973445095856\" target=\"_blank\" rel=\"noopener\"><strong>Aufnahmeort anzeigen<\/strong><\/a><\/p>\n<\/figcaption><\/figure>\n<figure class=\"bigpicture\"><img loading=\"lazy\" decoding=\"async\" class=\"wp-image-21410 size-full\" src=\"https:\/\/coeser.de\/blog\/wp-content\/uploads\/2023\/12\/zuerich-weihnachtsmaerkte-doerfli-niederdorf-4-christian-oeser.jpg\" alt=\"Weihnachtsm\u00e4rkte Z\u00fcrich: Weihnachtsmarkt D\u00f6rfli im Niederdorf\" width=\"960\" height=\"640\" srcset=\"https:\/\/coeser.de\/blog\/wp-content\/uploads\/2023\/12\/zuerich-weihnachtsmaerkte-doerfli-niederdorf-4-christian-oeser.jpg 960w, https:\/\/coeser.de\/blog\/wp-content\/uploads\/2023\/12\/zuerich-weihnachtsmaerkte-doerfli-niederdorf-4-christian-oeser-768x512.jpg 768w, https:\/\/coeser.de\/blog\/wp-content\/uploads\/2023\/12\/zuerich-weihnachtsmaerkte-doerfli-niederdorf-4-christian-oeser-330x220.jpg 330w\" sizes=\"auto, (max-width: 960px) 100vw, 960px\" \/><figcaption class=\"bigpicture-text\">\n<h3>Altstadtzauber am Weihnachtsmarkt D\u00f6rfli im Niederdorf<\/h3>\n<p>Am Weihnachtsmarkt D\u00f6rfli kombinierst du Sightseeing und Advent-Feeling perfekt miteinander.<br \/>\n<strong>Bild o. l.: <a href=\"https:\/\/www.google.de\/maps\/place\/47.37466786904625,8.543829530862986\" target=\"_blank\" rel=\"noopener\">Aufnahmeort anzeigen<\/a><\/strong><br \/>\n<strong>Bild o. r.: <a href=\"https:\/\/www.google.de\/maps\/place\/47.372405307562296,8.543781149927039\" target=\"_blank\" rel=\"noopener\">Aufnahmeort anzeigen<\/a><\/strong><br \/>\n<strong>Bild u. l.: <a href=\"https:\/\/www.google.de\/maps\/place\/47.3733828213212,8.54374917129484\" target=\"_blank\" rel=\"noopener\">Aufnahmeort anzeigen<\/a><\/strong><br \/>\n<strong>Bild u. r.: <a href=\"https:\/\/www.google.de\/maps\/place\/47.37231695643675,8.543973445095856\" target=\"_blank\" rel=\"noopener\">Aufnahmeort anzeigen<\/a><\/strong><\/p>\n<\/figcaption><\/figure>\n<hr \/>\n<h2><img loading=\"lazy\" decoding=\"async\" class=\"alignnone size-full wp-image-21389\" src=\"https:\/\/coeser.de\/blog\/wp-content\/uploads\/2023\/12\/zuerich-weihnachtsmaerkte-wienachtsdorf-christian-oeser.jpg\" alt=\"Weihnachtsm\u00e4rkte Z\u00fcrich: Z\u00fcrcher Wienachtsdorf am Sechsel\u00e4utenplatz\" width=\"970\" height=\"323\" srcset=\"https:\/\/coeser.de\/blog\/wp-content\/uploads\/2023\/12\/zuerich-weihnachtsmaerkte-wienachtsdorf-christian-oeser.jpg 970w, https:\/\/coeser.de\/blog\/wp-content\/uploads\/2023\/12\/zuerich-weihnachtsmaerkte-wienachtsdorf-christian-oeser-768x256.jpg 768w\" sizes=\"auto, (max-width: 970px) 100vw, 970px\" \/><\/h2>\n<h2>5) Weihnachtsm\u00e4rkte Z\u00fcrich: Wienachtsdorf am Sechsel\u00e4utenplatz<\/h2>\n<p>Der wohl beeindruckendste und sehenswerteste Weihnachtsmarkt in Z\u00fcrich ist das <strong>Z\u00fcrcher Wienachtsdorf am Sechsel\u00e4utenplatz<\/strong>. Schon von der Ferne leuchten dir die prachtvolle Deko mit Hunderten Lichterketten und der gro\u00dfe Weihnachtsbaum vor der rot beleuchteten Oper entgegen und laden zum Besuch ein. Meine Freundin und ich waren an einem Sonntagabend vor Ort und \u2013 trotz aller Sch\u00f6nheit \u2013 ehrlich gesagt etwas \u00fcberfordert. Die Wege zwischen den rund 120 St\u00e4nden sind recht eng und es staut an allen Ecken und Enden, was unser Erlebnis deutlich tr\u00fcbte. Das liegt nicht zuletzt am sehr guten Angebot am Weihnachtsmarkt, sowohl was die Kulinarik als auch das Handwerk angeht. Eine Vielzahl an St\u00e4nden bietet internationale K\u00fcche an, was bei den Besucherinnen und Besuchern sichtlich gut angenommen wird und in langen Schlangen m\u00fcndet.<\/p>\n<h3>Viele Fotomotive am und um den Weihnachtsmarkt<\/h3>\n<p>Von der Aussichtsplattform, auf der sich ein Fondue-Chalet befindet, erh\u00e4ltst du einen gro\u00dfartigen \u00dcberblick des Geschehens. Von den Fotomotiven her ist das Wienachtsdorf am Sechsel\u00e4utenplatz auf jeden Fall ein Gewinn. Gehe auch unbedingt zur wenige Meter entfernten Quaibr\u00fccke, wo sich dir <a href=\"https:\/\/coeser.de\/blog\/index.php\/2018\/10\/09\/die-10-schoensten-fotospots-in-zuerich\/\" target=\"_blank\" rel=\"noopener\"><strong>einer der besten Blicke<\/strong><\/a> auf die Limmat und die Z\u00fcrcher Kirchen entfaltet. Etwas umst\u00e4ndlich empfanden wir das Pfandsystem, das neben Tassen auch Teller und Besteck umfasste. Bezahlen kannst du auf dem Weihnachtsmarkt \u00fcbrigens ausschlie\u00dflich mit Karte, wobei sich Bargeld zumindest an einer Stelle in eine eigene Cash-Card umtauschen l\u00e4sst. Meine Freundin und ich waren uns nach dem Besuch jedenfalls einig: wir h\u00e4tten etwas fr\u00fcher auf den Adventmarkt kommen sollen, um uns nicht mit leeren M\u00e4gen vom Umfeld stressen zu lassen.<\/p>\n<figure class=\"bigpicture\"><img loading=\"lazy\" decoding=\"async\" class=\"wp-image-21412 size-full\" src=\"https:\/\/coeser.de\/blog\/wp-content\/uploads\/2023\/12\/zuerich-weihnachtsmaerkte-wienachtsdorf-1-christian-oeser.jpg\" alt=\"Weihnachtsm\u00e4rkte Z\u00fcrich: Z\u00fcrcher Wienachtsdorf am Sechsel\u00e4utenplatz\" width=\"960\" height=\"640\" srcset=\"https:\/\/coeser.de\/blog\/wp-content\/uploads\/2023\/12\/zuerich-weihnachtsmaerkte-wienachtsdorf-1-christian-oeser.jpg 960w, https:\/\/coeser.de\/blog\/wp-content\/uploads\/2023\/12\/zuerich-weihnachtsmaerkte-wienachtsdorf-1-christian-oeser-768x512.jpg 768w, https:\/\/coeser.de\/blog\/wp-content\/uploads\/2023\/12\/zuerich-weihnachtsmaerkte-wienachtsdorf-1-christian-oeser-330x220.jpg 330w\" sizes=\"auto, (max-width: 960px) 100vw, 960px\" \/><figcaption class=\"bigpicture-text\">\n<h3>Ruhe vor dem Sturm im Z\u00fcrcher Wienachtsdorf<\/h3>\n<p>Am Eingang des Z\u00fcrcher Wienachtsdorfs am Sechsel\u00e4utenplatz geht es noch beschaulich zu.<br \/>\n<a href=\"https:\/\/www.google.de\/maps\/place\/47.36583493480931,8.546086128831579\" target=\"_blank\" rel=\"noopener\"><strong>Aufnahmeort anzeigen<\/strong><\/a><\/p>\n<\/figcaption><\/figure>\n<figure class=\"bigpicture\"><img loading=\"lazy\" decoding=\"async\" class=\"wp-image-21413 size-full\" src=\"https:\/\/coeser.de\/blog\/wp-content\/uploads\/2023\/12\/zuerich-weihnachtsmaerkte-wienachtsdorf-2-christian-oeser.jpg\" alt=\"Weihnachtsm\u00e4rkte Z\u00fcrich: Z\u00fcrcher Wienachtsdorf am Sechsel\u00e4utenplatz\" width=\"960\" height=\"640\" srcset=\"https:\/\/coeser.de\/blog\/wp-content\/uploads\/2023\/12\/zuerich-weihnachtsmaerkte-wienachtsdorf-2-christian-oeser.jpg 960w, https:\/\/coeser.de\/blog\/wp-content\/uploads\/2023\/12\/zuerich-weihnachtsmaerkte-wienachtsdorf-2-christian-oeser-768x512.jpg 768w, https:\/\/coeser.de\/blog\/wp-content\/uploads\/2023\/12\/zuerich-weihnachtsmaerkte-wienachtsdorf-2-christian-oeser-330x220.jpg 330w\" sizes=\"auto, (max-width: 960px) 100vw, 960px\" \/><figcaption class=\"bigpicture-text\">\n<h3>Das prachtvolle Z\u00fcrcher Wienachtsdorf am Sechsel\u00e4utenplatz<\/h3>\n<p>Von einer Aussichtsterrasse bekommst du einen guten Eindruck der Dimensionen des Wienachtsdorfs.<br \/>\n<a href=\"https:\/\/www.google.de\/maps\/place\/47.36583493480931,8.546086128831579\" target=\"_blank\" rel=\"noopener\"><strong>Aufnahmeort anzeigen<\/strong><\/a><\/p>\n<\/figcaption><\/figure>\n<figure class=\"bigpicture\"><img loading=\"lazy\" decoding=\"async\" class=\"wp-image-21414 size-full\" src=\"https:\/\/coeser.de\/blog\/wp-content\/uploads\/2023\/12\/zuerich-weihnachtsmaerkte-wienachtsdorf-3-christian-oeser.jpg\" alt=\"Weihnachtsm\u00e4rkte Z\u00fcrich: Z\u00fcrcher Wienachtsdorf am Sechsel\u00e4utenplatz\" width=\"960\" height=\"640\" srcset=\"https:\/\/coeser.de\/blog\/wp-content\/uploads\/2023\/12\/zuerich-weihnachtsmaerkte-wienachtsdorf-3-christian-oeser.jpg 960w, https:\/\/coeser.de\/blog\/wp-content\/uploads\/2023\/12\/zuerich-weihnachtsmaerkte-wienachtsdorf-3-christian-oeser-768x512.jpg 768w, https:\/\/coeser.de\/blog\/wp-content\/uploads\/2023\/12\/zuerich-weihnachtsmaerkte-wienachtsdorf-3-christian-oeser-330x220.jpg 330w\" sizes=\"auto, (max-width: 960px) 100vw, 960px\" \/><figcaption class=\"bigpicture-text\">\n<h3>Kitsch und Kultur im Z\u00fcrcher Wienachtsdorf<\/h3>\n<p>Das Ambiente des Z\u00fcrcher Wienachtsdorf vor dem prachtvollen Opernhaus ist kitschig sch\u00f6n.<br \/>\n<a href=\"https:\/\/www.google.de\/maps\/place\/47.36583493480931,8.546086128831579\" target=\"_blank\" rel=\"noopener\"><strong>Aufnahmeort anzeigen<\/strong><\/a><\/p>\n<\/figcaption><\/figure>\n<figure class=\"bigpicture\"><img loading=\"lazy\" decoding=\"async\" class=\"wp-image-21415 size-full\" src=\"https:\/\/coeser.de\/blog\/wp-content\/uploads\/2023\/12\/zuerich-weihnachtsmaerkte-wienachtsdorf-4-christian-oeser.jpg\" alt=\"Weihnachtsm\u00e4rkte Z\u00fcrich: Z\u00fcrcher Wienachtsdorf am Sechsel\u00e4utenplatz\" width=\"960\" height=\"640\" srcset=\"https:\/\/coeser.de\/blog\/wp-content\/uploads\/2023\/12\/zuerich-weihnachtsmaerkte-wienachtsdorf-4-christian-oeser.jpg 960w, https:\/\/coeser.de\/blog\/wp-content\/uploads\/2023\/12\/zuerich-weihnachtsmaerkte-wienachtsdorf-4-christian-oeser-768x512.jpg 768w, https:\/\/coeser.de\/blog\/wp-content\/uploads\/2023\/12\/zuerich-weihnachtsmaerkte-wienachtsdorf-4-christian-oeser-330x220.jpg 330w\" sizes=\"auto, (max-width: 960px) 100vw, 960px\" \/><figcaption class=\"bigpicture-text\">\n<h3>Viel Abwechslung im Z\u00fcrcher Wienachtsdorf<\/h3>\n<p>Von Weihnachtsschmuck bis zu internationalen Spezialit\u00e4ten findest du am Z\u00fcrcher Wienachtsdorf alles.<br \/>\n<a href=\"https:\/\/www.google.de\/maps\/place\/47.36583493480931,8.546086128831579\" target=\"_blank\" rel=\"noopener\"><strong>Aufnahmeort anzeigen<\/strong><\/a><\/p>\n<\/figcaption><\/figure>\n<hr \/>\n<h2>6) BONUSTIPP: Weihnachtsmarkt am M\u00fcnsterhof in Z\u00fcrich<\/h2>\n<p>Als Bonustipp gebe ich dir noch den <strong>Weihnachtsmarkt am M\u00fcnsterhof<\/strong> mit auf den Weg, den meine Freundin und ich leider nur noch in geschlossener Variante zu Gesicht bekamen. Direkt vor dem Fraum\u00fcnster und zwischen historischen Zunfth\u00e4usern mit ihren traumhaft anzusehenden Fassaden eingebettet, h\u00e4tten wir hier sehr gerne noch einen Gl\u00fchwein getrunken und einen Schweizer Leckerbissen zu uns genommen. Leider waren wir einfach zu sp\u00e4t vor Ort \u2013 oder einfach zu lange auf den anderen Weihnachtsm\u00e4rkten in Z\u00fcrich. Auf dem Adventmarkt am M\u00fcnsterhof werden zus\u00e4tzlich in einem Zelt Lesungen sowie Konzerte f\u00fcr Erwachsene und Kinder angeboten. Merke dir den Weihnachtsmarkt am besten vor und wenn du ihn besuchen konntest, freue ich mich \u00fcber einen Kommentar am Ende des Artikels, wie du ihn empfunden hast.<\/p>\n<figure class=\"bigpicture\"><img loading=\"lazy\" decoding=\"async\" class=\"wp-image-21417 size-full\" src=\"https:\/\/coeser.de\/blog\/wp-content\/uploads\/2023\/12\/zuerich-weihnachtsmaerkte-muensterhof-christian-oeser.jpg\" alt=\"Weihnachtsm\u00e4rkte Z\u00fcrich: Adventmarkt M\u00fcnsterhof\" width=\"960\" height=\"640\" srcset=\"https:\/\/coeser.de\/blog\/wp-content\/uploads\/2023\/12\/zuerich-weihnachtsmaerkte-muensterhof-christian-oeser.jpg 960w, https:\/\/coeser.de\/blog\/wp-content\/uploads\/2023\/12\/zuerich-weihnachtsmaerkte-muensterhof-christian-oeser-768x512.jpg 768w, https:\/\/coeser.de\/blog\/wp-content\/uploads\/2023\/12\/zuerich-weihnachtsmaerkte-muensterhof-christian-oeser-330x220.jpg 330w\" sizes=\"auto, (max-width: 960px) 100vw, 960px\" \/><figcaption class=\"bigpicture-text\">\n<h3>Zu sp\u00e4t am Adventmarkt M\u00fcnsterhof<\/h3>\n<p>Den Weihnachtsmarkt M\u00fcnsterhof zwischen historischen Zunfth\u00e4usern sahen wir nur noch geschlossen.<br \/>\n<a href=\"https:\/\/www.google.de\/maps\/place\/47.370009845204194,8.541277314610362\" target=\"_blank\" rel=\"noopener\"><strong>Aufnahmeort anzeigen<\/strong><\/a><\/p>\n<\/figcaption><\/figure>\n<hr \/>\n<div class=\"tipps\">\n<h2>ALLGEMEINE TIPPS F\u00dcR Z\u00dcRICH<\/h2>\n<p>Z\u00fcrich ist ein unheimlich <strong>teures Pflaster<\/strong> und wird deine Geldb\u00f6rse ordentlich fordern. Auf den Weihnachtsm\u00e4rkten kostete zum Zeitpunkt unseres Besuchs ein Gl\u00fchwein rund CHF 7,-, ein Raclette CHF 12,-, 100 Gramm Maroni CHF 4,50 und Hauptspeisen zwischen CHF 15,- und CHF 25,-.<\/p>\n<p>Willst du <strong>in Restaurants essen<\/strong> gehen, rechne f\u00fcr ein Z\u00fcrcher Geschnetzeltes mit CHF 35,- bis CHF 45,-, f\u00fcr ein gro\u00dfes Bier mit CHF 9,- und f\u00fcr ein Achterl Wein mit CHF 10,-.<\/p>\n<p><strong>Kartenzahlung<\/strong> war in allen Lokalen und an allen St\u00e4nden der Weihnachtsm\u00e4rkte in Z\u00fcrich m\u00f6glich. Auf einigen Adventm\u00e4rkten (z.B. Z\u00fcrcher Weihnachtsallee und Wienachtsdorf am Sechsel\u00e4utenplatz) wird \u00fcberhaupt nur <strong>bargeldlose Zahlung<\/strong> akzeptiert.<\/p>\n<p>Achte beim Benutzen deines Smartphones darauf, dass <strong>in der Schweiz Roaming-Geb\u00fchren anfallen<\/strong>. Wir hatten unser mobiles Datennetzwerk deshalb deaktiviert und nutzten nur WLAN, um im Internet etwas nachzuschauen. Kostenlose WLAN-Netze findest du an vielen Orten in Z\u00fcrich.<\/p>\n<p>Auf vielen der Weihnachtsm\u00e4rkte von Z\u00fcrich gibt es in Zelten oder eigenen Holzchalets <strong>Fondue-Restaurants<\/strong>. Willst du dort in sch\u00f6nem Ambiente dem fl\u00fcssigen K\u00e4se fr\u00f6nen, solltest du unbedingt vorreservieren.<\/p>\n<p>Die <a href=\"https:\/\/www.getyourguide.de\/zurich-l55\/zurichcard-sparen-bei-attraktionen-transport-restaurant-t13219\/?partner_id=04M0MCT&amp;utm_medium=online_publisher\" target=\"_blank\" rel=\"noopener\"><strong>Z\u00fcrich Card<\/strong><\/a>* zahlt sich aus, wenn du etwas l\u00e4nger in Z\u00fcrich bleibst und nicht nur die Weihnachtsm\u00e4rkte besuchen, sondern auch Sehensw\u00fcrdigkeiten ansehen willst.<\/p>\n<p>Sofern du keine Probleme beim Gehen hast, kannst du die <strong>Z\u00fcrcher Innenstadt locker zu Fu\u00df<\/strong> bew\u00e4ltigen. Die <strong>\u00f6ffentlichen Verkehrsmittel<\/strong> nutzten wir nur einmal, als wir abends schon etwas m\u00fcde vom Weihnachtsspaziergang waren. Tickets erh\u00e4ltst du an den blauen Fahrscheinautomaten bei den Stra\u00dfenbahn-Stationen.<\/p>\n<\/div>\n<p>&nbsp;<\/p>\n<hr \/>\n<div class=\"fazit\">\n<h2>FAZIT<\/h2>\n<p>Die Weihnachtsm\u00e4rkte in Z\u00fcrich sind allesamt einen Besuch wert und ein starkes Argument f\u00fcr eine St\u00e4dtereise im Advent in die gr\u00f6\u00dfte Schweizer Stadt. Schon gleich nach der Ankunft am Hauptbahnhof Z\u00fcrich l\u00e4ufst du fast automatisch in einen der drei Weihnachtsm\u00e4rkte Christkindlimarkt, Z\u00fcrcher Weihnachtsallee oder Illuminarium im Landesmuseum. W\u00e4hrend eines gem\u00fctlichen Spaziergangs durch das Niederdorf genie\u00dft du die Altstadt mit ihren kleinen L\u00e4den und vielen verteilten Holzst\u00e4nden des Weihnachts-D\u00f6rfli. Der sch\u00f6nste, aber auch am st\u00e4rksten besuchte Weihnachtsmarkt in Z\u00fcrich ist das Wienachtsdorf am Sechsel\u00e4utenplatz. Der Adventmarkt am M\u00fcnsterhof rundet einen besinnlichen Spaziergang durch die Innenstadt wunderbar ab. Schreib mir gerne einen Kommentar, ob du die Weihnachtsm\u00e4rkte in Z\u00fcrich auch so faszinierend findest!<\/p>\n<\/div>\n<p>&nbsp;<\/p>\n<div style=\"display: none;\">\n<p><img loading=\"lazy\" decoding=\"async\" class=\"alignnone size-full wp-image-21418\" src=\"https:\/\/coeser.de\/blog\/wp-content\/uploads\/2023\/12\/zuerich-weihnachtsmaerkte-p01-christian-oeser.jpg\" alt=\"Weihnachtsm\u00e4rkte Z\u00fcrich: Die 5 sch\u00f6nsten Adventm\u00e4rkte mit pers\u00f6nlichen Erfahrungen, den besten Fotospots und allgemeinen Tipps und Hinweisen.\" width=\"735\" height=\"1102\" \/><\/p>\n<p><img loading=\"lazy\" decoding=\"async\" class=\"alignnone size-full wp-image-21419\" src=\"https:\/\/coeser.de\/blog\/wp-content\/uploads\/2023\/12\/zuerich-weihnachtsmaerkte-p02-christian-oeser.jpg\" alt=\"Weihnachtsm\u00e4rkte Z\u00fcrich: Die 5 sch\u00f6nsten Adventm\u00e4rkte mit pers\u00f6nlichen Erfahrungen, den besten Fotospots und allgemeinen Tipps und Hinweisen.\" width=\"735\" height=\"1102\" \/><\/p>\n<\/div>\n","protected":false},"excerpt":{"rendered":"<p>Z\u00fcrich in der Adventzeit stand schon lange auf dem Wunschzettel meiner Freundin und mir. W\u00e4hrend wir die Stadt in der warmen Jahreszeit schon mehrmals ausgiebig erkundeten, fehlte uns noch der winterliche Eindruck mit Gl\u00fchweinst\u00e4nden, Raclette und Weihnachtskitsch. W\u00e4hrend einer Zugfahrt durch Europa g\u00f6nnten wir uns deshalb einen wundervollen Zwischenstopp in Z\u00fcrich, um die sch\u00f6nsten Weihnachtsm\u00e4rkte [&hellip;]<\/p>\n","protected":false},"author":1,"featured_media":21379,"comment_status":"open","ping_status":"closed","sticky":false,"template":"","format":"standard","meta":{"_jetpack_memberships_contains_paid_content":false,"footnotes":""},"categories":[294],"tags":[9,11,12,41,68,10,89,77,296],"class_list":["post-21371","post","type-post","status-publish","format-standard","has-post-thumbnail","hentry","category-schweiz","tag-cityguide","tag-fotospots","tag-fototipps","tag-reisebericht","tag-reisefuehrer","tag-staedtereise","tag-weihnachten","tag-weihnachtsmarkt","tag-zuerich"],"yoast_head":"<!-- This site is optimized with the Yoast SEO plugin v27.5 - https:\/\/yoast.com\/product\/yoast-seo-wordpress\/ -->\n<title>Z\u00fcrich: Die 5 sch\u00f6nsten Weihnachtsm\u00e4rkte<\/title>\n<meta name=\"description\" content=\"Weihnachtsm\u00e4rkte Z\u00fcrich: Die 5 sch\u00f6nsten Adventm\u00e4rkte mit pers\u00f6nlichen Erfahrungen, den besten Fotospots und allgemeinen Tipps und Hinweisen.\" \/>\n<meta name=\"robots\" content=\"index, follow, max-snippet:-1, max-image-preview:large, max-video-preview:-1\" \/>\n<link rel=\"canonical\" href=\"https:\/\/coeser.de\/blog\/index.php\/2023\/12\/15\/zuerich-schoenste-weihnachtsmaerkte\/\" \/>\n<meta property=\"og:locale\" content=\"de_DE\" \/>\n<meta property=\"og:type\" content=\"article\" \/>\n<meta property=\"og:title\" content=\"Z\u00fcrich: Die 5 sch\u00f6nsten Weihnachtsm\u00e4rkte\" \/>\n<meta property=\"og:description\" content=\"Weihnachtsm\u00e4rkte Z\u00fcrich: Die 5 sch\u00f6nsten Adventm\u00e4rkte mit pers\u00f6nlichen Erfahrungen, den besten Fotospots und allgemeinen Tipps und Hinweisen.\" \/>\n<meta property=\"og:url\" content=\"https:\/\/coeser.de\/blog\/index.php\/2023\/12\/15\/zuerich-schoenste-weihnachtsmaerkte\/\" \/>\n<meta property=\"og:site_name\" content=\"fern &amp; nah - Reiseblog und Fotostories von Christian \u00d6ser\" \/>\n<meta property=\"article:publisher\" content=\"Christian \u00d6ser\" \/>\n<meta property=\"article:author\" content=\"Christian \u00d6ser\" \/>\n<meta property=\"article:published_time\" content=\"2023-12-15T14:20:05+00:00\" \/>\n<meta property=\"article:modified_time\" content=\"2025-11-01T11:25:40+00:00\" \/>\n<meta property=\"og:image\" content=\"https:\/\/coeser.de\/blog\/wp-content\/uploads\/2023\/12\/zuerich-weihnachtsmaerkte-aufmacher-wienachtsdorf-christian-oeser.jpg\" \/>\n\t<meta property=\"og:image:width\" content=\"978\" \/>\n\t<meta property=\"og:image:height\" content=\"550\" \/>\n\t<meta property=\"og:image:type\" content=\"image\/jpeg\" \/>\n<meta name=\"author\" content=\"Christian \u00d6ser\" \/>\n<meta name=\"twitter:card\" content=\"summary_large_image\" \/>\n<meta name=\"twitter:label1\" content=\"Verfasst von\" \/>\n\t<meta name=\"twitter:data1\" content=\"Christian \u00d6ser\" \/>\n\t<meta name=\"twitter:label2\" content=\"Gesch\u00e4tzte Lesezeit\" \/>\n\t<meta name=\"twitter:data2\" content=\"24\u00a0Minuten\" \/>\n<script type=\"application\/ld+json\" class=\"yoast-schema-graph\">{\"@context\":\"https:\\\/\\\/schema.org\",\"@graph\":[{\"@type\":\"Article\",\"@id\":\"https:\\\/\\\/coeser.de\\\/blog\\\/index.php\\\/2023\\\/12\\\/15\\\/zuerich-schoenste-weihnachtsmaerkte\\\/#article\",\"isPartOf\":{\"@id\":\"https:\\\/\\\/coeser.de\\\/blog\\\/index.php\\\/2023\\\/12\\\/15\\\/zuerich-schoenste-weihnachtsmaerkte\\\/\"},\"author\":{\"name\":\"Christian \u00d6ser\",\"@id\":\"https:\\\/\\\/coeser.de\\\/blog\\\/#\\\/schema\\\/person\\\/fda1d253389076b2cadc3d47018cf315\"},\"headline\":\"Z\u00fcrich: Die 5 sch\u00f6nsten Weihnachtsm\u00e4rkte\",\"datePublished\":\"2023-12-15T14:20:05+00:00\",\"dateModified\":\"2025-11-01T11:25:40+00:00\",\"mainEntityOfPage\":{\"@id\":\"https:\\\/\\\/coeser.de\\\/blog\\\/index.php\\\/2023\\\/12\\\/15\\\/zuerich-schoenste-weihnachtsmaerkte\\\/\"},\"wordCount\":3484,\"commentCount\":4,\"publisher\":{\"@id\":\"https:\\\/\\\/coeser.de\\\/blog\\\/#\\\/schema\\\/person\\\/fda1d253389076b2cadc3d47018cf315\"},\"image\":{\"@id\":\"https:\\\/\\\/coeser.de\\\/blog\\\/index.php\\\/2023\\\/12\\\/15\\\/zuerich-schoenste-weihnachtsmaerkte\\\/#primaryimage\"},\"thumbnailUrl\":\"https:\\\/\\\/coeser.de\\\/blog\\\/wp-content\\\/uploads\\\/2023\\\/12\\\/zuerich-weihnachtsmaerkte-aufmacher-wienachtsdorf-christian-oeser.jpg\",\"keywords\":[\"Cityguide\",\"Fotospots\",\"Fototipps\",\"Reisebericht\",\"Reisef\u00fchrer\",\"St\u00e4dtereise\",\"Weihnachten\",\"Weihnachtsmarkt\",\"Z\u00fcrich\"],\"articleSection\":[\"SCHWEIZ\"],\"inLanguage\":\"de\",\"potentialAction\":[{\"@type\":\"CommentAction\",\"name\":\"Comment\",\"target\":[\"https:\\\/\\\/coeser.de\\\/blog\\\/index.php\\\/2023\\\/12\\\/15\\\/zuerich-schoenste-weihnachtsmaerkte\\\/#respond\"]}]},{\"@type\":\"WebPage\",\"@id\":\"https:\\\/\\\/coeser.de\\\/blog\\\/index.php\\\/2023\\\/12\\\/15\\\/zuerich-schoenste-weihnachtsmaerkte\\\/\",\"url\":\"https:\\\/\\\/coeser.de\\\/blog\\\/index.php\\\/2023\\\/12\\\/15\\\/zuerich-schoenste-weihnachtsmaerkte\\\/\",\"name\":\"Z\u00fcrich: Die 5 sch\u00f6nsten Weihnachtsm\u00e4rkte\",\"isPartOf\":{\"@id\":\"https:\\\/\\\/coeser.de\\\/blog\\\/#website\"},\"primaryImageOfPage\":{\"@id\":\"https:\\\/\\\/coeser.de\\\/blog\\\/index.php\\\/2023\\\/12\\\/15\\\/zuerich-schoenste-weihnachtsmaerkte\\\/#primaryimage\"},\"image\":{\"@id\":\"https:\\\/\\\/coeser.de\\\/blog\\\/index.php\\\/2023\\\/12\\\/15\\\/zuerich-schoenste-weihnachtsmaerkte\\\/#primaryimage\"},\"thumbnailUrl\":\"https:\\\/\\\/coeser.de\\\/blog\\\/wp-content\\\/uploads\\\/2023\\\/12\\\/zuerich-weihnachtsmaerkte-aufmacher-wienachtsdorf-christian-oeser.jpg\",\"datePublished\":\"2023-12-15T14:20:05+00:00\",\"dateModified\":\"2025-11-01T11:25:40+00:00\",\"description\":\"Weihnachtsm\u00e4rkte Z\u00fcrich: Die 5 sch\u00f6nsten Adventm\u00e4rkte mit pers\u00f6nlichen Erfahrungen, den besten Fotospots und allgemeinen Tipps und Hinweisen.\",\"breadcrumb\":{\"@id\":\"https:\\\/\\\/coeser.de\\\/blog\\\/index.php\\\/2023\\\/12\\\/15\\\/zuerich-schoenste-weihnachtsmaerkte\\\/#breadcrumb\"},\"inLanguage\":\"de\",\"potentialAction\":[{\"@type\":\"ReadAction\",\"target\":[\"https:\\\/\\\/coeser.de\\\/blog\\\/index.php\\\/2023\\\/12\\\/15\\\/zuerich-schoenste-weihnachtsmaerkte\\\/\"]}]},{\"@type\":\"ImageObject\",\"inLanguage\":\"de\",\"@id\":\"https:\\\/\\\/coeser.de\\\/blog\\\/index.php\\\/2023\\\/12\\\/15\\\/zuerich-schoenste-weihnachtsmaerkte\\\/#primaryimage\",\"url\":\"https:\\\/\\\/coeser.de\\\/blog\\\/wp-content\\\/uploads\\\/2023\\\/12\\\/zuerich-weihnachtsmaerkte-aufmacher-wienachtsdorf-christian-oeser.jpg\",\"contentUrl\":\"https:\\\/\\\/coeser.de\\\/blog\\\/wp-content\\\/uploads\\\/2023\\\/12\\\/zuerich-weihnachtsmaerkte-aufmacher-wienachtsdorf-christian-oeser.jpg\",\"width\":978,\"height\":550},{\"@type\":\"BreadcrumbList\",\"@id\":\"https:\\\/\\\/coeser.de\\\/blog\\\/index.php\\\/2023\\\/12\\\/15\\\/zuerich-schoenste-weihnachtsmaerkte\\\/#breadcrumb\",\"itemListElement\":[{\"@type\":\"ListItem\",\"position\":1,\"name\":\"Startseite\",\"item\":\"https:\\\/\\\/coeser.de\\\/blog\\\/\"},{\"@type\":\"ListItem\",\"position\":2,\"name\":\"Z\u00fcrich: Die 5 sch\u00f6nsten Weihnachtsm\u00e4rkte\"}]},{\"@type\":\"WebSite\",\"@id\":\"https:\\\/\\\/coeser.de\\\/blog\\\/#website\",\"url\":\"https:\\\/\\\/coeser.de\\\/blog\\\/\",\"name\":\"fern &amp; nah - Reiseblog und Fotostories von Christian \u00d6ser\",\"description\":\"Reiseblog und Fotostories von Christian \u00d6ser\",\"publisher\":{\"@id\":\"https:\\\/\\\/coeser.de\\\/blog\\\/#\\\/schema\\\/person\\\/fda1d253389076b2cadc3d47018cf315\"},\"potentialAction\":[{\"@type\":\"SearchAction\",\"target\":{\"@type\":\"EntryPoint\",\"urlTemplate\":\"https:\\\/\\\/coeser.de\\\/blog\\\/?s={search_term_string}\"},\"query-input\":{\"@type\":\"PropertyValueSpecification\",\"valueRequired\":true,\"valueName\":\"search_term_string\"}}],\"inLanguage\":\"de\"},{\"@type\":[\"Person\",\"Organization\"],\"@id\":\"https:\\\/\\\/coeser.de\\\/blog\\\/#\\\/schema\\\/person\\\/fda1d253389076b2cadc3d47018cf315\",\"name\":\"Christian \u00d6ser\",\"image\":{\"@type\":\"ImageObject\",\"inLanguage\":\"de\",\"@id\":\"https:\\\/\\\/coeser.de\\\/blog\\\/wp-content\\\/uploads\\\/2016\\\/08\\\/logo-fern-und-nah-christian-oeser-4.jpg\",\"url\":\"https:\\\/\\\/coeser.de\\\/blog\\\/wp-content\\\/uploads\\\/2016\\\/08\\\/logo-fern-und-nah-christian-oeser-4.jpg\",\"contentUrl\":\"https:\\\/\\\/coeser.de\\\/blog\\\/wp-content\\\/uploads\\\/2016\\\/08\\\/logo-fern-und-nah-christian-oeser-4.jpg\",\"width\":1090,\"height\":245,\"caption\":\"Christian \u00d6ser\"},\"logo\":{\"@id\":\"https:\\\/\\\/coeser.de\\\/blog\\\/wp-content\\\/uploads\\\/2016\\\/08\\\/logo-fern-und-nah-christian-oeser-4.jpg\"},\"sameAs\":[\"http:\\\/\\\/www.coeser.de\",\"Christian \u00d6ser\",\"https:\\\/\\\/www.instagram.com\\\/coeser_de\\\/\",\"https:\\\/\\\/www.pinterest.at\\\/nightline5\\\/\"],\"url\":\"https:\\\/\\\/coeser.de\\\/blog\\\/index.php\\\/author\\\/coeser\\\/\"}]}<\/script>\n<!-- \/ Yoast SEO plugin. -->","yoast_head_json":{"title":"Z\u00fcrich: Die 5 sch\u00f6nsten Weihnachtsm\u00e4rkte","description":"Weihnachtsm\u00e4rkte Z\u00fcrich: Die 5 sch\u00f6nsten Adventm\u00e4rkte mit pers\u00f6nlichen Erfahrungen, den besten Fotospots und allgemeinen Tipps und Hinweisen.","robots":{"index":"index","follow":"follow","max-snippet":"max-snippet:-1","max-image-preview":"max-image-preview:large","max-video-preview":"max-video-preview:-1"},"canonical":"https:\/\/coeser.de\/blog\/index.php\/2023\/12\/15\/zuerich-schoenste-weihnachtsmaerkte\/","og_locale":"de_DE","og_type":"article","og_title":"Z\u00fcrich: Die 5 sch\u00f6nsten Weihnachtsm\u00e4rkte","og_description":"Weihnachtsm\u00e4rkte Z\u00fcrich: Die 5 sch\u00f6nsten Adventm\u00e4rkte mit pers\u00f6nlichen Erfahrungen, den besten Fotospots und allgemeinen Tipps und Hinweisen.","og_url":"https:\/\/coeser.de\/blog\/index.php\/2023\/12\/15\/zuerich-schoenste-weihnachtsmaerkte\/","og_site_name":"fern &amp; nah - Reiseblog und Fotostories von Christian \u00d6ser","article_publisher":"Christian \u00d6ser","article_author":"Christian \u00d6ser","article_published_time":"2023-12-15T14:20:05+00:00","article_modified_time":"2025-11-01T11:25:40+00:00","og_image":[{"width":978,"height":550,"url":"https:\/\/coeser.de\/blog\/wp-content\/uploads\/2023\/12\/zuerich-weihnachtsmaerkte-aufmacher-wienachtsdorf-christian-oeser.jpg","type":"image\/jpeg"}],"author":"Christian \u00d6ser","twitter_card":"summary_large_image","twitter_misc":{"Verfasst von":"Christian \u00d6ser","Gesch\u00e4tzte Lesezeit":"24\u00a0Minuten"},"schema":{"@context":"https:\/\/schema.org","@graph":[{"@type":"Article","@id":"https:\/\/coeser.de\/blog\/index.php\/2023\/12\/15\/zuerich-schoenste-weihnachtsmaerkte\/#article","isPartOf":{"@id":"https:\/\/coeser.de\/blog\/index.php\/2023\/12\/15\/zuerich-schoenste-weihnachtsmaerkte\/"},"author":{"name":"Christian \u00d6ser","@id":"https:\/\/coeser.de\/blog\/#\/schema\/person\/fda1d253389076b2cadc3d47018cf315"},"headline":"Z\u00fcrich: Die 5 sch\u00f6nsten Weihnachtsm\u00e4rkte","datePublished":"2023-12-15T14:20:05+00:00","dateModified":"2025-11-01T11:25:40+00:00","mainEntityOfPage":{"@id":"https:\/\/coeser.de\/blog\/index.php\/2023\/12\/15\/zuerich-schoenste-weihnachtsmaerkte\/"},"wordCount":3484,"commentCount":4,"publisher":{"@id":"https:\/\/coeser.de\/blog\/#\/schema\/person\/fda1d253389076b2cadc3d47018cf315"},"image":{"@id":"https:\/\/coeser.de\/blog\/index.php\/2023\/12\/15\/zuerich-schoenste-weihnachtsmaerkte\/#primaryimage"},"thumbnailUrl":"https:\/\/coeser.de\/blog\/wp-content\/uploads\/2023\/12\/zuerich-weihnachtsmaerkte-aufmacher-wienachtsdorf-christian-oeser.jpg","keywords":["Cityguide","Fotospots","Fototipps","Reisebericht","Reisef\u00fchrer","St\u00e4dtereise","Weihnachten","Weihnachtsmarkt","Z\u00fcrich"],"articleSection":["SCHWEIZ"],"inLanguage":"de","potentialAction":[{"@type":"CommentAction","name":"Comment","target":["https:\/\/coeser.de\/blog\/index.php\/2023\/12\/15\/zuerich-schoenste-weihnachtsmaerkte\/#respond"]}]},{"@type":"WebPage","@id":"https:\/\/coeser.de\/blog\/index.php\/2023\/12\/15\/zuerich-schoenste-weihnachtsmaerkte\/","url":"https:\/\/coeser.de\/blog\/index.php\/2023\/12\/15\/zuerich-schoenste-weihnachtsmaerkte\/","name":"Z\u00fcrich: Die 5 sch\u00f6nsten Weihnachtsm\u00e4rkte","isPartOf":{"@id":"https:\/\/coeser.de\/blog\/#website"},"primaryImageOfPage":{"@id":"https:\/\/coeser.de\/blog\/index.php\/2023\/12\/15\/zuerich-schoenste-weihnachtsmaerkte\/#primaryimage"},"image":{"@id":"https:\/\/coeser.de\/blog\/index.php\/2023\/12\/15\/zuerich-schoenste-weihnachtsmaerkte\/#primaryimage"},"thumbnailUrl":"https:\/\/coeser.de\/blog\/wp-content\/uploads\/2023\/12\/zuerich-weihnachtsmaerkte-aufmacher-wienachtsdorf-christian-oeser.jpg","datePublished":"2023-12-15T14:20:05+00:00","dateModified":"2025-11-01T11:25:40+00:00","description":"Weihnachtsm\u00e4rkte Z\u00fcrich: Die 5 sch\u00f6nsten Adventm\u00e4rkte mit pers\u00f6nlichen Erfahrungen, den besten Fotospots und allgemeinen Tipps und Hinweisen.","breadcrumb":{"@id":"https:\/\/coeser.de\/blog\/index.php\/2023\/12\/15\/zuerich-schoenste-weihnachtsmaerkte\/#breadcrumb"},"inLanguage":"de","potentialAction":[{"@type":"ReadAction","target":["https:\/\/coeser.de\/blog\/index.php\/2023\/12\/15\/zuerich-schoenste-weihnachtsmaerkte\/"]}]},{"@type":"ImageObject","inLanguage":"de","@id":"https:\/\/coeser.de\/blog\/index.php\/2023\/12\/15\/zuerich-schoenste-weihnachtsmaerkte\/#primaryimage","url":"https:\/\/coeser.de\/blog\/wp-content\/uploads\/2023\/12\/zuerich-weihnachtsmaerkte-aufmacher-wienachtsdorf-christian-oeser.jpg","contentUrl":"https:\/\/coeser.de\/blog\/wp-content\/uploads\/2023\/12\/zuerich-weihnachtsmaerkte-aufmacher-wienachtsdorf-christian-oeser.jpg","width":978,"height":550},{"@type":"BreadcrumbList","@id":"https:\/\/coeser.de\/blog\/index.php\/2023\/12\/15\/zuerich-schoenste-weihnachtsmaerkte\/#breadcrumb","itemListElement":[{"@type":"ListItem","position":1,"name":"Startseite","item":"https:\/\/coeser.de\/blog\/"},{"@type":"ListItem","position":2,"name":"Z\u00fcrich: Die 5 sch\u00f6nsten Weihnachtsm\u00e4rkte"}]},{"@type":"WebSite","@id":"https:\/\/coeser.de\/blog\/#website","url":"https:\/\/coeser.de\/blog\/","name":"fern &amp; nah - Reiseblog und Fotostories von Christian \u00d6ser","description":"Reiseblog und Fotostories von Christian \u00d6ser","publisher":{"@id":"https:\/\/coeser.de\/blog\/#\/schema\/person\/fda1d253389076b2cadc3d47018cf315"},"potentialAction":[{"@type":"SearchAction","target":{"@type":"EntryPoint","urlTemplate":"https:\/\/coeser.de\/blog\/?s={search_term_string}"},"query-input":{"@type":"PropertyValueSpecification","valueRequired":true,"valueName":"search_term_string"}}],"inLanguage":"de"},{"@type":["Person","Organization"],"@id":"https:\/\/coeser.de\/blog\/#\/schema\/person\/fda1d253389076b2cadc3d47018cf315","name":"Christian \u00d6ser","image":{"@type":"ImageObject","inLanguage":"de","@id":"https:\/\/coeser.de\/blog\/wp-content\/uploads\/2016\/08\/logo-fern-und-nah-christian-oeser-4.jpg","url":"https:\/\/coeser.de\/blog\/wp-content\/uploads\/2016\/08\/logo-fern-und-nah-christian-oeser-4.jpg","contentUrl":"https:\/\/coeser.de\/blog\/wp-content\/uploads\/2016\/08\/logo-fern-und-nah-christian-oeser-4.jpg","width":1090,"height":245,"caption":"Christian \u00d6ser"},"logo":{"@id":"https:\/\/coeser.de\/blog\/wp-content\/uploads\/2016\/08\/logo-fern-und-nah-christian-oeser-4.jpg"},"sameAs":["http:\/\/www.coeser.de","Christian \u00d6ser","https:\/\/www.instagram.com\/coeser_de\/","https:\/\/www.pinterest.at\/nightline5\/"],"url":"https:\/\/coeser.de\/blog\/index.php\/author\/coeser\/"}]}},"jetpack_featured_media_url":"https:\/\/coeser.de\/blog\/wp-content\/uploads\/2023\/12\/zuerich-weihnachtsmaerkte-aufmacher-wienachtsdorf-christian-oeser.jpg","jetpack-related-posts":[{"id":10259,"url":"https:\/\/coeser.de\/blog\/index.php\/2019\/01\/01\/europa-26-geniale-reiseziele-2019\/","url_meta":{"origin":21371,"position":0},"title":"Europa: 26 geniale Reiseziele f\u00fcr 2019","author":"Christian \u00d6ser","date":"1. Januar 2019","format":false,"excerpt":"Seid ihr so wie ich immer auf der Suche nach neuen Destinationen? Egal ob Ausfl\u00fcge, St\u00e4dtetrips oder Tagestouren \u2013 ich habe 26 Ideen f\u00fcr eure n\u00e4chste Reise in Europa! Alle meine Tipps habe ich im letzten Jahr zusammengesammelt und auch pers\u00f6nlich ausprobiert. Ihr bekommt also mit diesem Beitrag keine Theorie,\u2026","rel":"","context":"In &quot;EUROPA&quot;","block_context":{"text":"EUROPA","link":"https:\/\/coeser.de\/blog\/index.php\/category\/europa\/"},"img":{"alt_text":"","src":"https:\/\/i0.wp.com\/coeser.de\/blog\/wp-content\/uploads\/2018\/12\/reisetipps-reiseinspiration-fotospots-2018-aufmacher-christian-oeser.jpg?resize=350%2C200&ssl=1","width":350,"height":200,"srcset":"https:\/\/i0.wp.com\/coeser.de\/blog\/wp-content\/uploads\/2018\/12\/reisetipps-reiseinspiration-fotospots-2018-aufmacher-christian-oeser.jpg?resize=350%2C200&ssl=1 1x, https:\/\/i0.wp.com\/coeser.de\/blog\/wp-content\/uploads\/2018\/12\/reisetipps-reiseinspiration-fotospots-2018-aufmacher-christian-oeser.jpg?resize=525%2C300&ssl=1 1.5x, https:\/\/i0.wp.com\/coeser.de\/blog\/wp-content\/uploads\/2018\/12\/reisetipps-reiseinspiration-fotospots-2018-aufmacher-christian-oeser.jpg?resize=700%2C400&ssl=1 2x"},"classes":[]},{"id":10156,"url":"https:\/\/coeser.de\/blog\/index.php\/2018\/11\/27\/bled-ein-wintermaerchen-im-advent\/","url_meta":{"origin":21371,"position":1},"title":"Bled: Ein Winterm\u00e4rchen im Advent","author":"Christian \u00d6ser","date":"27. November 2018","format":false,"excerpt":"Die zauberhafte Gemeinde Bled in Slowenien hat mich bei meinem ersten Besuch an einem hei\u00dfen Sommerwochenende derart beeindruckt, dass ich unbedingt bald wieder kommen wollte. Angeboten hatte sich daf\u00fcr die Weihnachtszeit, zu der ich meiner Freundin gerne die romantische Ortschaft mit ihrem ber\u00fchmten See, der beeindruckenden Burg, dem feinen Weihnachtsmarkt\u2026","rel":"","context":"In &quot;SLOWENIEN&quot;","block_context":{"text":"SLOWENIEN","link":"https:\/\/coeser.de\/blog\/index.php\/category\/europa\/slowenien\/"},"img":{"alt_text":"Intensiver Sonnenuntergang in Bled","src":"https:\/\/i0.wp.com\/coeser.de\/blog\/wp-content\/uploads\/2018\/11\/bled-weihnachtsmarkt-aufmacher-sonnenuntergang-christian-oeser.jpg?resize=350%2C200&ssl=1","width":350,"height":200,"srcset":"https:\/\/i0.wp.com\/coeser.de\/blog\/wp-content\/uploads\/2018\/11\/bled-weihnachtsmarkt-aufmacher-sonnenuntergang-christian-oeser.jpg?resize=350%2C200&ssl=1 1x, https:\/\/i0.wp.com\/coeser.de\/blog\/wp-content\/uploads\/2018\/11\/bled-weihnachtsmarkt-aufmacher-sonnenuntergang-christian-oeser.jpg?resize=525%2C300&ssl=1 1.5x, https:\/\/i0.wp.com\/coeser.de\/blog\/wp-content\/uploads\/2018\/11\/bled-weihnachtsmarkt-aufmacher-sonnenuntergang-christian-oeser.jpg?resize=700%2C400&ssl=1 2x"},"classes":[]},{"id":9646,"url":"https:\/\/coeser.de\/blog\/index.php\/2018\/10\/09\/die-10-schoensten-fotospots-in-zuerich\/","url_meta":{"origin":21371,"position":2},"title":"Die 10 sch\u00f6nsten Fotospots in Z\u00fcrich","author":"Christian \u00d6ser","date":"9. Oktober 2018","format":false,"excerpt":"Nach Z\u00fcrich hatte es mich bereits einmal f\u00fcr einen halben Tag verschlagen, an dem ich durch die knappe Zeit und schlechtes Wetter keine nennenswerten Erinnerungsfotos mit nach Hause nehmen konnte. Dieser Umstand lie\u00df mir keine Ruhe und ich musste unbedingt noch einmal in die zauberhafte Stadt, diesmal aber gleich f\u00fcr\u2026","rel":"","context":"In &quot;SCHWEIZ&quot;","block_context":{"text":"SCHWEIZ","link":"https:\/\/coeser.de\/blog\/index.php\/category\/europa\/schweiz\/"},"img":{"alt_text":"Beleuchtetes Gro\u00dfm\u00fcnster in Z\u00fcrich","src":"https:\/\/i0.wp.com\/coeser.de\/blog\/wp-content\/uploads\/2018\/09\/zuerich-beste-fotospots-aufmacher-lindenhof-christian-oeser.jpg?resize=350%2C200&ssl=1","width":350,"height":200,"srcset":"https:\/\/i0.wp.com\/coeser.de\/blog\/wp-content\/uploads\/2018\/09\/zuerich-beste-fotospots-aufmacher-lindenhof-christian-oeser.jpg?resize=350%2C200&ssl=1 1x, https:\/\/i0.wp.com\/coeser.de\/blog\/wp-content\/uploads\/2018\/09\/zuerich-beste-fotospots-aufmacher-lindenhof-christian-oeser.jpg?resize=525%2C300&ssl=1 1.5x, https:\/\/i0.wp.com\/coeser.de\/blog\/wp-content\/uploads\/2018\/09\/zuerich-beste-fotospots-aufmacher-lindenhof-christian-oeser.jpg?resize=700%2C400&ssl=1 2x"},"classes":[]},{"id":21326,"url":"https:\/\/coeser.de\/blog\/index.php\/2023\/12\/05\/garstner-advent-weihnachtszeit-tradition\/","url_meta":{"origin":21371,"position":3},"title":"Garstner Advent: Weihnachtszeit mit Tradition","author":"Christian \u00d6ser","date":"5. Dezember 2023","format":false,"excerpt":"Brauchst du einmal Abwechslung von den Weihnachtsm\u00e4rkten in den \u00f6sterreichischen Gro\u00dfst\u00e4dten? Dann bietet sich ein Ausflug hinaus in die kleine, besinnliche Gemeinde Garsten in Ober\u00f6sterreich an. Schon seit 1977 verspr\u00fcht der Garstner Advent an zwei Wochenenden im Dezember feinsten Weihnachtszauber mit einem bezaubernden Markt vor dem ehemaligen Stift und einer\u2026","rel":"","context":"In &quot;\u00d6STERREICH&quot;","block_context":{"text":"\u00d6STERREICH","link":"https:\/\/coeser.de\/blog\/index.php\/category\/europa\/oesterreich\/"},"img":{"alt_text":"Weihnachtsmarkt vor dem Stift am Garstner Advent","src":"https:\/\/i0.wp.com\/coeser.de\/blog\/wp-content\/uploads\/2023\/12\/garstner-advent-aufmacher-standlmarkt-christian-oeser.jpg?resize=350%2C200&ssl=1","width":350,"height":200,"srcset":"https:\/\/i0.wp.com\/coeser.de\/blog\/wp-content\/uploads\/2023\/12\/garstner-advent-aufmacher-standlmarkt-christian-oeser.jpg?resize=350%2C200&ssl=1 1x, https:\/\/i0.wp.com\/coeser.de\/blog\/wp-content\/uploads\/2023\/12\/garstner-advent-aufmacher-standlmarkt-christian-oeser.jpg?resize=525%2C300&ssl=1 1.5x, https:\/\/i0.wp.com\/coeser.de\/blog\/wp-content\/uploads\/2023\/12\/garstner-advent-aufmacher-standlmarkt-christian-oeser.jpg?resize=700%2C400&ssl=1 2x"},"classes":[]},{"id":6045,"url":"https:\/\/coeser.de\/blog\/index.php\/2017\/12\/12\/salzburg-ansturm-auf-die-weihnachtsmaerkte\/","url_meta":{"origin":21371,"position":4},"title":"Salzburg: Ansturm auf die Weihnachtsm\u00e4rkte","author":"Christian \u00d6ser","date":"12. Dezember 2017","format":false,"excerpt":"Salzburg ist eine wundersch\u00f6ne Stadt in \u00d6sterreich und ich bin wirklich gerne dort. Diesen Gedanken habe aber nicht nur ich, sondern j\u00e4hrlich Millionen anderer Menschen aus aller Welt. Zur Weihnachtszeit spitzt sich die Lage klarerweise nochmals zu. F\u00fcr diesen Artikel habe ich mich an einem Adventwochenende in das Get\u00fcmmel der\u2026","rel":"","context":"In &quot;\u00d6STERREICH&quot;","block_context":{"text":"\u00d6STERREICH","link":"https:\/\/coeser.de\/blog\/index.php\/category\/europa\/oesterreich\/"},"img":{"alt_text":"Weihnachtsmarkt vor dem Schloss Hellbrunn in Salzburg","src":"https:\/\/i0.wp.com\/coeser.de\/blog\/wp-content\/uploads\/2017\/12\/salzburg-weihnachtsmaerkte-aufmacher-christian-oeser.jpg?resize=350%2C200&ssl=1","width":350,"height":200,"srcset":"https:\/\/i0.wp.com\/coeser.de\/blog\/wp-content\/uploads\/2017\/12\/salzburg-weihnachtsmaerkte-aufmacher-christian-oeser.jpg?resize=350%2C200&ssl=1 1x, https:\/\/i0.wp.com\/coeser.de\/blog\/wp-content\/uploads\/2017\/12\/salzburg-weihnachtsmaerkte-aufmacher-christian-oeser.jpg?resize=525%2C300&ssl=1 1.5x, https:\/\/i0.wp.com\/coeser.de\/blog\/wp-content\/uploads\/2017\/12\/salzburg-weihnachtsmaerkte-aufmacher-christian-oeser.jpg?resize=700%2C400&ssl=1 2x"},"classes":[]},{"id":19165,"url":"https:\/\/coeser.de\/blog\/index.php\/2022\/12\/24\/kopenhagen-5-schoenste-weihnachtsmaerkte\/","url_meta":{"origin":21371,"position":5},"title":"Kopenhagen: Die 5 sch\u00f6nsten Weihnachtsm\u00e4rkte","author":"Christian \u00d6ser","date":"24. Dezember 2022","format":false,"excerpt":"Kopenhagen ist in der warmen Jahreszeit ein unheimlich attraktives Reiseziel \u2013 aber im Winter? Ja, unbedingt! Gerade rund um die Adventzeit verwandelt sich die d\u00e4nische Hauptstadt zwischen all den Sehensw\u00fcrdigkeiten in eine M\u00e4rchenwelt aus geschm\u00fcckten Tannenb\u00e4umen, Tausenden Lichtern und verf\u00fchrerischen D\u00fcften. Ich habe die f\u00fcnf sch\u00f6nsten Weihnachtsm\u00e4rkte in Kopenhagen besucht\u2026","rel":"","context":"In &quot;D\u00c4NEMARK&quot;","block_context":{"text":"D\u00c4NEMARK","link":"https:\/\/coeser.de\/blog\/index.php\/category\/europa\/daenemark\/"},"img":{"alt_text":"Weihnachtsmarkt auf dem Hojbro Plads in Kopenhagen","src":"https:\/\/i0.wp.com\/coeser.de\/blog\/wp-content\/uploads\/2022\/12\/kopenhagen-weihnachtsmaerkte-aufmacher-christian-oeser.jpg?resize=350%2C200&ssl=1","width":350,"height":200,"srcset":"https:\/\/i0.wp.com\/coeser.de\/blog\/wp-content\/uploads\/2022\/12\/kopenhagen-weihnachtsmaerkte-aufmacher-christian-oeser.jpg?resize=350%2C200&ssl=1 1x, https:\/\/i0.wp.com\/coeser.de\/blog\/wp-content\/uploads\/2022\/12\/kopenhagen-weihnachtsmaerkte-aufmacher-christian-oeser.jpg?resize=525%2C300&ssl=1 1.5x, https:\/\/i0.wp.com\/coeser.de\/blog\/wp-content\/uploads\/2022\/12\/kopenhagen-weihnachtsmaerkte-aufmacher-christian-oeser.jpg?resize=700%2C400&ssl=1 2x"},"classes":[]}],"jetpack_sharing_enabled":true,"_links":{"self":[{"href":"https:\/\/coeser.de\/blog\/index.php\/wp-json\/wp\/v2\/posts\/21371","targetHints":{"allow":["GET"]}}],"collection":[{"href":"https:\/\/coeser.de\/blog\/index.php\/wp-json\/wp\/v2\/posts"}],"about":[{"href":"https:\/\/coeser.de\/blog\/index.php\/wp-json\/wp\/v2\/types\/post"}],"author":[{"embeddable":true,"href":"https:\/\/coeser.de\/blog\/index.php\/wp-json\/wp\/v2\/users\/1"}],"replies":[{"embeddable":true,"href":"https:\/\/coeser.de\/blog\/index.php\/wp-json\/wp\/v2\/comments?post=21371"}],"version-history":[{"count":20,"href":"https:\/\/coeser.de\/blog\/index.php\/wp-json\/wp\/v2\/posts\/21371\/revisions"}],"predecessor-version":[{"id":25161,"href":"https:\/\/coeser.de\/blog\/index.php\/wp-json\/wp\/v2\/posts\/21371\/revisions\/25161"}],"wp:featuredmedia":[{"embeddable":true,"href":"https:\/\/coeser.de\/blog\/index.php\/wp-json\/wp\/v2\/media\/21379"}],"wp:attachment":[{"href":"https:\/\/coeser.de\/blog\/index.php\/wp-json\/wp\/v2\/media?parent=21371"}],"wp:term":[{"taxonomy":"category","embeddable":true,"href":"https:\/\/coeser.de\/blog\/index.php\/wp-json\/wp\/v2\/categories?post=21371"},{"taxonomy":"post_tag","embeddable":true,"href":"https:\/\/coeser.de\/blog\/index.php\/wp-json\/wp\/v2\/tags?post=21371"}],"curies":[{"name":"wp","href":"https:\/\/api.w.org\/{rel}","templated":true}]}}