{"id":22097,"date":"2024-04-04T11:01:52","date_gmt":"2024-04-04T09:01:52","guid":{"rendered":"https:\/\/coeser.de\/blog\/?p=22097"},"modified":"2025-10-01T17:31:42","modified_gmt":"2025-10-01T15:31:42","slug":"triest-wanderung-schloss-miramare","status":"publish","type":"post","link":"https:\/\/coeser.de\/blog\/index.php\/2024\/04\/04\/triest-wanderung-schloss-miramare\/","title":{"rendered":"Triest: Wanderung zum Schloss Miramare"},"content":{"rendered":"<p><strong>Triest ist aufgrund der Einfl\u00fcsse aus der Habsburgerzeit eine \u00e4u\u00dferst sehenswerte Destination und verspr\u00fcht ein unglaubliches Lebensgef\u00fchl. Wenn du in der italienischen Hafenstadt zu Besuch bist, darf ein Ausflug in das ber\u00fchmte, nahegelegene Schloss Miramare keinesfalls fehlen. F\u00fcr den Weg dorthin empfehle ich dir eine Wanderung, die du nicht vergessen wirst! Du gehst auf Napoleons historischer Stra\u00dfe, genie\u00dft fantastische Ausblicke, Architektur vom Feinsten und wirst mit Prosecco vom Fass sowie italienischen K\u00f6stlichkeiten verw\u00f6hnt. Die Highlights der Wanderung zum Schloss Miramare findest du in diesem Reisebericht!<\/strong><\/p>\n<p><!--more--><\/p>\n<hr \/>\n<div class=\"highlights\">\n<h3>H\u00d6HEPUNKTE DER WANDERUNG ZUM SCHLOSS MIRAMARE IN TRIEST<\/h3>\n<p>Ein pers\u00f6nlicher Erfahrungsbericht \u00fcber einen Tagesausflug zum Schloss Miramare in Triest<\/p>\n<p>Eine detaillierte Beschreibung der Wanderung mit allen sehenswerten Zwischenstationen<\/p>\n<p>Eine Karte zum Herunterladen und Ausdrucken, um den Ablauf der Wanderung gut nachzuvollziehen<\/p>\n<p>Gro\u00dfartige Aussichtspunkte, die spektakul\u00e4re Wallfahrtskirche Monte Grisa und das Dorf Prosecco<\/p>\n<p>Viele Fotos der Tour mit exakten GPS-Koordinaten, damit du die besten Fotospots schnell findest<\/p>\n<\/div>\n<p>&nbsp;<\/p>\n<p><em><span style=\"color: #0000ff;\">Dieser Artikel wurde zuletzt am 1. Oktober 2025 aktualisiert.<\/span><\/em><\/p>\n\n<hr \/>\n<div class=\"fakten\">\n<h2>TRIEST (TRIESTE)<\/h2>\n<h3>FAKTEN<\/h3>\n<p><strong>Reisezeit: <\/strong>April (3 Tage, 3 \u00dcN), September (2 Tage, 2 \u00dcN)<br \/>\n<strong>Anreise: <\/strong>Details zu den Anreisem\u00f6glichkeiten siehe Artikel\u00a0<strong><a href=\"https:\/\/coeser.de\/blog\/index.php\/2024\/02\/29\/triest-hafenstadt-mit-flair\/\" target=\"_blank\" rel=\"noopener\">Triest: Die Hafenstadt mit Flair<\/a><\/strong><\/p>\n<p><strong>Wanderung zum Schloss Miramare:<\/strong> ca. 6,5 Kilometer Gehweg, ohne Pausen ca. 90 Minuten<\/p>\n<p><strong>Unterkunft:<\/strong> <strong><a href=\"https:\/\/www.booking.com\/hotel\/it\/forvm-boutique.de.html?aid=1634405\" target=\"_blank\" rel=\"noopener\">Forvm Boutique Hotel<\/a>*<\/strong> (<em>Via Valdirivo, 30<\/em>): sehr sch\u00f6nes Boutiquehotel inmitten einer engen Gasse in der belebten Innenstadt von Triest, vom Bahnhof schnell in zehn Minuten Fu\u00dfweg erreichbar. Der <em>Canal Grande<\/em> ist drei Gassen entfernt, der zentrale Hauptplatz <em>Piazza Unit\u00e0 d&#8217;Italia<\/em> eine knappe Viertelstunde. Wundervolle Zimmer, trotz viel Verkehrsaufkommen ruhig dank Schallschutzfenstern, sehr bequemes Bett, super Dusche, schnelles WLAN, Klimaanlage vorhanden, Safe nicht. Vom sehr freundlichen Personal an der Rezeption bekamen wir ausgezeichnete Tipps f\u00fcr Lokale in der N\u00e4he. Fr\u00fchst\u00fcck nicht gebucht, da Triest gen\u00fcgend M\u00f6glichkeiten f\u00fcr authentische Morgensnacks bietet. <em>Weiterempfehlung? <\/em><strong>JA!<\/strong><\/p>\n<p><strong>Auf meiner bevorzugten Hotelsuchmaschine booking.com findest du weitere <a href=\"https:\/\/www.booking.com\/searchresults.de.html?city=-131346&amp;aid=1634405&amp;no_rooms=1&amp;group_adults=2\" target=\"_blank\" rel=\"noopener\">sch\u00f6ne Unterk\u00fcnfte in Triest<\/a>*.<\/strong><\/p>\n<div id='gallery-1' class='gallery galleryid-22097 gallery-columns-7 gallery-size-thumbnail'><figure class='gallery-item'>\n\t\t\t<div class='gallery-icon landscape'>\n\t\t\t\t<a href='https:\/\/coeser.de\/blog\/wp-content\/uploads\/2024\/02\/triest-forvm-boutique-hotel-01-christian-oeser.jpg' title=\"Au\u00dfenansicht des Forvm Boutique Hotel in Triest\" data-rl_title=\"Au\u00dfenansicht des Forvm Boutique Hotel in Triest\" class=\"rl-gallery-link\" data-rl_caption=\"Aufnahmeort anzeigen\" data-rel=\"lightbox-gallery-1\"><img loading=\"lazy\" decoding=\"async\" width=\"150\" height=\"150\" src=\"https:\/\/coeser.de\/blog\/wp-content\/uploads\/2024\/02\/triest-forvm-boutique-hotel-01-christian-oeser-150x150.jpg\" class=\"attachment-thumbnail size-thumbnail\" alt=\"Au\u00dfenansicht des Forvm Boutique Hotel in Triest\" aria-describedby=\"gallery-1-21916\" \/><\/a>\n\t\t\t<\/div>\n\t\t\t\t<figcaption class='wp-caption-text gallery-caption' id='gallery-1-21916'>\n\t\t\t\tAu\u00dfenansicht des Forvm Boutique Hotel in Triest\n\t\t\t\t<\/figcaption><\/figure><figure class='gallery-item'>\n\t\t\t<div class='gallery-icon landscape'>\n\t\t\t\t<a href='https:\/\/coeser.de\/blog\/wp-content\/uploads\/2024\/02\/triest-forvm-boutique-hotel-02-christian-oeser.jpg' title=\"Doppelzimmer im Forvm Boutique Hotel in Triest\" data-rl_title=\"Doppelzimmer im Forvm Boutique Hotel in Triest\" class=\"rl-gallery-link\" data-rl_caption=\"Aufnahmeort anzeigen\" data-rel=\"lightbox-gallery-1\"><img loading=\"lazy\" decoding=\"async\" width=\"150\" height=\"150\" src=\"https:\/\/coeser.de\/blog\/wp-content\/uploads\/2024\/02\/triest-forvm-boutique-hotel-02-christian-oeser-150x150.jpg\" class=\"attachment-thumbnail size-thumbnail\" alt=\"Doppelzimmer im Forvm Boutique Hotel in Triest\" aria-describedby=\"gallery-1-21917\" \/><\/a>\n\t\t\t<\/div>\n\t\t\t\t<figcaption class='wp-caption-text gallery-caption' id='gallery-1-21917'>\n\t\t\t\tDoppelzimmer im Forvm Boutique Hotel in Triest\n\t\t\t\t<\/figcaption><\/figure><figure class='gallery-item'>\n\t\t\t<div class='gallery-icon landscape'>\n\t\t\t\t<a href='https:\/\/coeser.de\/blog\/wp-content\/uploads\/2024\/02\/triest-forvm-boutique-hotel-03-christian-oeser.jpg' title=\"Doppelzimmer im Forvm Boutique Hotel in Triest\" data-rl_title=\"Doppelzimmer im Forvm Boutique Hotel in Triest\" class=\"rl-gallery-link\" data-rl_caption=\"Aufnahmeort anzeigen\" data-rel=\"lightbox-gallery-1\"><img loading=\"lazy\" decoding=\"async\" width=\"150\" height=\"150\" src=\"https:\/\/coeser.de\/blog\/wp-content\/uploads\/2024\/02\/triest-forvm-boutique-hotel-03-christian-oeser-150x150.jpg\" class=\"attachment-thumbnail size-thumbnail\" alt=\"Doppelzimmer im Forvm Boutique Hotel in Triest\" aria-describedby=\"gallery-1-21918\" \/><\/a>\n\t\t\t<\/div>\n\t\t\t\t<figcaption class='wp-caption-text gallery-caption' id='gallery-1-21918'>\n\t\t\t\tDoppelzimmer im Forvm Boutique Hotel in Triest\n\t\t\t\t<\/figcaption><\/figure><figure class='gallery-item'>\n\t\t\t<div class='gallery-icon landscape'>\n\t\t\t\t<a href='https:\/\/coeser.de\/blog\/wp-content\/uploads\/2024\/02\/triest-forvm-boutique-hotel-04-christian-oeser.jpg' title=\"Bad im Doppelzimmer im Forvm Boutique Hotel in Triest\" data-rl_title=\"Bad im Doppelzimmer im Forvm Boutique Hotel in Triest\" class=\"rl-gallery-link\" data-rl_caption=\"\" data-rel=\"lightbox-gallery-1\"><img loading=\"lazy\" decoding=\"async\" width=\"150\" height=\"150\" src=\"https:\/\/coeser.de\/blog\/wp-content\/uploads\/2024\/02\/triest-forvm-boutique-hotel-04-christian-oeser-150x150.jpg\" class=\"attachment-thumbnail size-thumbnail\" alt=\"Bad im Doppelzimmer im Forvm Boutique Hotel in Triest\" aria-describedby=\"gallery-1-21919\" \/><\/a>\n\t\t\t<\/div>\n\t\t\t\t<figcaption class='wp-caption-text gallery-caption' id='gallery-1-21919'>\n\t\t\t\tBad im Doppelzimmer im Forvm Boutique Hotel in Triest\n\t\t\t\t<\/figcaption><\/figure>\n\t\t<\/div>\n\n<\/div>\n<hr \/>\n<div class=\"extern\">\n<h3>TRANSPARENZHINWEIS<\/h3>\n<p>*Die mit Stern gekennzeichneten Verweise in diesem Blogartikel sind sogenannte Affiliate-Links. Wenn dir mein Blogartikel bei der Planung deiner Reise geholfen hat, freue ich mich, wenn du \u00fcber diese Links deine Unterkunft oder Freizeitaktivit\u00e4ten buchst. Ich erhalte dadurch eine kleine Provision und du unterst\u00fctzt den Erhalt dieses Blogs. F\u00fcr dich entstehen dabei selbstverst\u00e4ndlich keine Nachteile. Vielen Dank! \ud83d\ude42<\/p>\n<\/div>\n<p>&nbsp;<\/p>\n<hr \/>\n<h2><img loading=\"lazy\" decoding=\"async\" class=\"alignnone size-full wp-image-22104\" src=\"https:\/\/coeser.de\/blog\/wp-content\/uploads\/2024\/03\/triest-schloss-miramare-aufmacher1-christian-oeser.jpg\" alt=\"Schloss Miramare in Triest\" width=\"970\" height=\"323\" srcset=\"https:\/\/coeser.de\/blog\/wp-content\/uploads\/2024\/03\/triest-schloss-miramare-aufmacher1-christian-oeser.jpg 970w, https:\/\/coeser.de\/blog\/wp-content\/uploads\/2024\/03\/triest-schloss-miramare-aufmacher1-christian-oeser-768x256.jpg 768w\" sizes=\"auto, (max-width: 970px) 100vw, 970px\" \/><\/h2>\n<h2>Schloss Miramare als Fixpunkt in Triest<\/h2>\n<p>Das <strong>Schloss Miramare<\/strong> befindet sich rund acht Kilometer vom Zentrum in Triest entfernt. Das wei\u00df strahlende Bauwerk steht direkt an der K\u00fcste und ragt pomp\u00f6s in Richtung Meer \u2013 <strong>einfach ein grandioses Fotomotiv!<\/strong> Meine Freundin und ich planten schon bei unserer Recherche f\u00fcr die Reise nach Triest einen vollen Tag nur f\u00fcr das Schloss Miramare ein und wollten das Erlebnis mit einer <strong>entspannten Wanderung<\/strong> aufpeppen. Bevor ich dir alles Wissenswerte dar\u00fcber erz\u00e4hle, noch zwei Tipps zu weiterf\u00fchrenden Texten. In meinem Artikel <a href=\"https:\/\/coeser.de\/blog\/index.php\/2024\/02\/29\/triest-hafenstadt-mit-flair\/\" target=\"_blank\" rel=\"noopener\"><strong>Triest: Die Hafenstadt mit Flair<\/strong><\/a> gebe ich dir meine pers\u00f6nliche Top-12-Liste an Sehensw\u00fcrdigkeiten und im Beitrag <a href=\"https:\/\/coeser.de\/blog\/index.php\/2024\/09\/09\/triest-6-schoenste-kaffeehaeuser\/\" target=\"_blank\" rel=\"noopener\"><strong>Triest: Die 6 sch\u00f6nsten Kaffeeh\u00e4user<\/strong><\/a> kannst du in die Welt der Kaffeehauskultur eintauchen!<\/p>\n<h2>Schloss Miramare: H\u00f6hepunkte der Wanderung<\/h2>\n<p>Den Besuch des Schloss Miramare kombinierst du auf der einfachen Wanderung perfekt mit anderen reizvollen Orten. Der Wanderweg selbst ist die ehemalige <strong>Napoleonische Stra\u00dfe (Strada Napoleonica)<\/strong> mit vielen Panoramaausblicken auf die Stadt und das Meer. Du kommst an der architektonisch extrem beeindruckenden <strong>Wallfahrtskirche Monte Grisa<\/strong> vorbei und kannst dich im Ort <strong>Prosecco<\/strong> mit dem gleichnamigen Perlwein verw\u00f6hnen. Das <strong>Schloss Miramare<\/strong> kannst du nat\u00fcrlich auch von innen besichtigen. Meine Freundin und ich belie\u00dfen es aber bei der Au\u00dfenansicht und legten stattdessen in der Abendsonne noch einen Zwischenstopp im sehenswerten <strong>Triester Vorort Barcola<\/strong> ein.<\/p>\n<figure class=\"bigpicture\" style=\"width: 970px;\"><a href=\"https:\/\/coeser.de\/blog\/wp-content\/uploads\/2024\/04\/triest-schlossmiramare-wanderung-karte-christian-oeser.pdf\" target=\"_blank\" rel=\"noopener\"><img loading=\"lazy\" decoding=\"async\" class=\"wp-image-22138 size-full\" src=\"https:\/\/coeser.de\/blog\/wp-content\/uploads\/2024\/03\/triest-schloss-miramare-wanderung-karte-christian-oeser.png\" alt=\"Karte der Wanderung von Triest zum Schloss Miramare\" width=\"960\" height=\"679\" srcset=\"https:\/\/coeser.de\/blog\/wp-content\/uploads\/2024\/03\/triest-schloss-miramare-wanderung-karte-christian-oeser.png 960w, https:\/\/coeser.de\/blog\/wp-content\/uploads\/2024\/03\/triest-schloss-miramare-wanderung-karte-christian-oeser-768x543.png 768w\" sizes=\"auto, (max-width: 960px) 100vw, 960px\" \/><\/a><figcaption class=\"bigpicture-text\">\n<h2>Karte der Wanderung von Triest zum Schloss Miramare<\/h2>\n<p>Auf dieser \u00dcbersichtskarte (anklicken zum Herunterladen) siehst du den kompletten Ablauf eines Tagesausflugs zum Schloss Miramare. Der Ausgangs- und Endpunkt ist der Platz <strong>Piazza Oberdan<\/strong> im Zentrum von Triest (1). Von dort geht es mit dem Bus 64 oder der Tram 2 zum <strong>Obelisk in Opicina<\/strong> (2), wo der <strong>Wanderweg Strada Napoleonica<\/strong> (3) beginnt. An dessen Ende lohnt sich ein Abstecher zur <strong>Kirche Monte Grisa<\/strong> (4), danach erreichst du bereits das <strong>Dorf Prosecco<\/strong> (5). Nach einer kurzen Verkostung des Perlweins geht es \u00fcber Stufen hinab zum <strong>Schloss Miramare<\/strong> (6) und danach per Bus nach <strong>Barcola<\/strong> (7), wo du gut essen und trinken kannst. Ebenfalls per Bus erfolgt schlie\u00dflich die <strong>R\u00fcckfahrt nach Triest<\/strong> (8). Aber nun alles im Detail mit vielen Fotos und n\u00fctzlichen Infos!<\/p>\n<\/figcaption><\/figure>\n<h2><img loading=\"lazy\" decoding=\"async\" class=\"alignnone wp-image-22105 size-full\" src=\"https:\/\/coeser.de\/blog\/wp-content\/uploads\/2024\/03\/triest-schloss-miramare-aufmacher2-wanderung-christian-oeser.jpg\" alt=\"Wanderung zum Schloss Miramare auf der Strada Napoleonica in Triest\" width=\"970\" height=\"323\" srcset=\"https:\/\/coeser.de\/blog\/wp-content\/uploads\/2024\/03\/triest-schloss-miramare-aufmacher2-wanderung-christian-oeser.jpg 970w, https:\/\/coeser.de\/blog\/wp-content\/uploads\/2024\/03\/triest-schloss-miramare-aufmacher2-wanderung-christian-oeser-768x256.jpg 768w\" sizes=\"auto, (max-width: 970px) 100vw, 970px\" \/><\/h2>\n<h2>Die Wanderung zum Schloss Miramare in Bildern<\/h2>\n<p>F\u00fcr eine Wanderung zum Schloss Miramare empfehle ich dir, <strong>einen kompletten Tag einzuplanen<\/strong>. Es gibt w\u00e4hrend des Spaziergangs einfach wahnsinnig viel zu entdecken, tolle Aussichtspunkte zu genie\u00dfen und an vielen Stellen bieten sich Pausen zum Entdecken sowie Staunen an. M\u00f6chtest du auch die Innenr\u00e4ume des Schloss Miramare ansehen, dann starte deine Tour entsprechend fr\u00fch am Morgen. Meine Freundin und ich besichtigten das Bauwerk nur von au\u00dfen &#8211; unsere Startzeit von 10 Uhr vormittags erwies sich somit als perfekt, um stressfrei die Wanderung zu absolvieren und im Sonnenuntergang einen Aperitivo an der K\u00fcste von Barcola zu zelebrieren. Doch nun alles der Reihe nach!<\/p>\n<figure class=\"bigpicture\" style=\"width: 970px;\"><img loading=\"lazy\" decoding=\"async\" class=\"wp-image-22106 size-full\" src=\"https:\/\/coeser.de\/blog\/wp-content\/uploads\/2024\/03\/triest-schloss-miramare-wanderung-01-piazza-oberdan-christian-oeser.jpg\" alt=\"Tramway-Station am Piazza Oberdan in Triest\" width=\"960\" height=\"640\" srcset=\"https:\/\/coeser.de\/blog\/wp-content\/uploads\/2024\/03\/triest-schloss-miramare-wanderung-01-piazza-oberdan-christian-oeser.jpg 960w, https:\/\/coeser.de\/blog\/wp-content\/uploads\/2024\/03\/triest-schloss-miramare-wanderung-01-piazza-oberdan-christian-oeser-768x512.jpg 768w, https:\/\/coeser.de\/blog\/wp-content\/uploads\/2024\/03\/triest-schloss-miramare-wanderung-01-piazza-oberdan-christian-oeser-330x220.jpg 330w\" sizes=\"auto, (max-width: 960px) 100vw, 960px\" \/><figcaption class=\"bigpicture-text\">\n<h3>Start am Piazza Oberdan in Triest<\/h3>\n<p>Der Ausgangspunkt f\u00fcr die reizvolle Tagestour zum Schloss Miramare ist der Platz <strong>Piazza Oberdan<\/strong> bzw. der dahinter befindliche <strong>Piazza Dalmazia<\/strong> in Triest. Der Verkehrsknotenpunkt ist nur wenige Gehminuten vom Hauptplatz entfernt. Auf dem Weg dorthin deckten meine Freundin und ich uns noch mit Snacks aus einer typisch italienischen Kaffeebar ein, um f\u00fcr die Wanderung ger\u00fcstet zu sein. Du hast nun die Wahl, ob du die historische <strong>Stra\u00dfenbahn 2<\/strong> oder den <strong>Bus 64<\/strong> nimmst. Im Bild siehst du die ehemalige Endstation der <strong>Tranvia di Opicina<\/strong> auf dem <em>Piazza Oberdan<\/em> \u2013 sie wurde nach der Wiederer\u00f6ffnung der Stra\u00dfenbahn Anfang 2025 einige Meter nach hinten zum <em>Piazza Dalmazia<\/em> verlegt. Die Buslinie 64 dagegen hat ihre Station ums Eck des <em>Piazza Oberdan<\/em>.<br \/>\n<a href=\"https:\/\/www.google.de\/maps\/place\/45.65411656677812,13.775714620397824\" target=\"_blank\" rel=\"noopener\"><strong>Aufnahmeort anzeigen<\/strong><\/a><\/p>\n<\/figcaption><\/figure>\n<figure class=\"bigpicture\" style=\"width: 970px;\"><img loading=\"lazy\" decoding=\"async\" class=\"wp-image-22107 size-full\" src=\"https:\/\/coeser.de\/blog\/wp-content\/uploads\/2024\/03\/triest-schloss-miramare-wanderung-02-tram-bus-christian-oeser.jpg\" alt=\"Tranvia di Opicina und Autobus 64 in Triest\" width=\"960\" height=\"640\" srcset=\"https:\/\/coeser.de\/blog\/wp-content\/uploads\/2024\/03\/triest-schloss-miramare-wanderung-02-tram-bus-christian-oeser.jpg 960w, https:\/\/coeser.de\/blog\/wp-content\/uploads\/2024\/03\/triest-schloss-miramare-wanderung-02-tram-bus-christian-oeser-768x512.jpg 768w, https:\/\/coeser.de\/blog\/wp-content\/uploads\/2024\/03\/triest-schloss-miramare-wanderung-02-tram-bus-christian-oeser-330x220.jpg 330w\" sizes=\"auto, (max-width: 960px) 100vw, 960px\" \/><figcaption class=\"bigpicture-text\">\n<h3>Tranvia di Opicina und der alternative Autobus<\/h3>\n<p>Die <strong>Tranvia di Opicina<\/strong> verbindet das Zentrum von Triest mit der Ortschaft Opicina und legt dabei einen geh\u00f6rigen H\u00f6henunterschied zur\u00fcck &#8211; deshalb wird ein Teil der Strecke technisch als Standseilbahn ausgef\u00fchrt (mehr Infos in meinem Artikel <strong><a href=\"https:\/\/coeser.de\/blog\/index.php\/2024\/02\/29\/triest-hafenstadt-mit-flair\/#12-Sehenswertes-in-Triest-Die-Strassenbahn-Tranvia-di-Opicina\" target=\"_blank\" rel=\"noopener\">Triest: Die Hafenstadt mit Flair<\/a><\/strong>). Diese Variante ist sehr empfehlenswert, aber zeitaufwendig. Schneller und unspektakul\u00e4r geht es mit dem Bus. Papiertickets erh\u00e4ltst du entweder in Trafiken oder Zeitungskiosken in der Stadt. Einfacher geht es mit der App <strong>TPL FVG<\/strong> (Download <a href=\"https:\/\/apps.apple.com\/at\/app\/tplfvg\/id1481314758\" target=\"_blank\" rel=\"noopener\"><strong>iOS<\/strong><\/a> \/ <a href=\"https:\/\/play.google.com\/store\/apps\/details?id=net.pluservice.tplfvg&amp;hl=de_AT&amp;gl=US\" target=\"_blank\" rel=\"noopener\"><strong>Android<\/strong><\/a>). Weiter unten im Reisebericht komme ich bei der R\u00fcckfahrt vom Schloss Miramare nochmals auf die Tickets zu sprechen und erkl\u00e4re dir, warum du besser schon bei der Hinfahrt die App nutzt.<br \/>\n<a href=\"https:\/\/www.google.de\/maps\/place\/45.65719741214519,13.777138201708224\" target=\"_blank\" rel=\"noopener\"><strong>Aufnahmeort anzeigen<\/strong><\/a><\/p>\n<\/figcaption><\/figure>\n<figure class=\"bigpicture\" style=\"width: 970px;\"><img loading=\"lazy\" decoding=\"async\" class=\"wp-image-22108 size-full\" src=\"https:\/\/coeser.de\/blog\/wp-content\/uploads\/2024\/03\/triest-schloss-miramare-wanderung-03-obelisco-christian-oeser.jpg\" alt=\"Obelisk (Obelisco) zwischen Triest und Opicina\" width=\"960\" height=\"640\" srcset=\"https:\/\/coeser.de\/blog\/wp-content\/uploads\/2024\/03\/triest-schloss-miramare-wanderung-03-obelisco-christian-oeser.jpg 960w, https:\/\/coeser.de\/blog\/wp-content\/uploads\/2024\/03\/triest-schloss-miramare-wanderung-03-obelisco-christian-oeser-768x512.jpg 768w, https:\/\/coeser.de\/blog\/wp-content\/uploads\/2024\/03\/triest-schloss-miramare-wanderung-03-obelisco-christian-oeser-330x220.jpg 330w\" sizes=\"auto, (max-width: 960px) 100vw, 960px\" \/><figcaption class=\"bigpicture-text\">\n<h3>Der Obelisk (Obelisco) von Opicina<\/h3>\n<p>Egal ob Bus oder Stra\u00dfenbahn: Der Ausgangspunkt f\u00fcr die Wanderung ist beim Obelisk. Mit dem Bus 64 steigst du an der Station <em>Strada Nuova per Opicina (obelisco)<\/em> aus, mit der Stra\u00dfenbahn an der Haltestelle <em>Obelisco<\/em>. Der Startpunkt f\u00fcr die Wanderung zum Schloss Miramare befindet sich genau zwischen den beiden Haltestellen in einer Kurve und ist durch den Obelisken deutlich zu erkennen. Der <strong>Obelisk von Opicina<\/strong> stammt aus dem Jahr 1830 und erinnert an den Besuch von Kaiser Franz Joseph I. von \u00d6sterreich sowie an die Er\u00f6ffnung der Verbindungsstra\u00dfe von Triest ins \u00f6sterreichische Hinterland.<br \/>\n<a href=\"https:\/\/www.google.de\/maps\/place\/45.67970813282236,13.780900249454808\" target=\"_blank\" rel=\"noopener\"><strong>Aufnahmeort anzeigen<\/strong><\/a><\/p>\n<\/figcaption><\/figure>\n<figure class=\"bigpicture\" style=\"width: 970px;\"><img loading=\"lazy\" decoding=\"async\" class=\"wp-image-22109 size-full\" src=\"https:\/\/coeser.de\/blog\/wp-content\/uploads\/2024\/03\/triest-schloss-miramare-wanderung-04-obelisco-aussicht-christian-oeser-scaled.jpg\" alt=\"Aussichtsterrasse am Obelisk (Obelisco) in Opicina mit Blick auf Triest\" width=\"2560\" height=\"1707\" srcset=\"https:\/\/coeser.de\/blog\/wp-content\/uploads\/2024\/03\/triest-schloss-miramare-wanderung-04-obelisco-aussicht-christian-oeser-scaled.jpg 2560w, https:\/\/coeser.de\/blog\/wp-content\/uploads\/2024\/03\/triest-schloss-miramare-wanderung-04-obelisco-aussicht-christian-oeser-768x512.jpg 768w, https:\/\/coeser.de\/blog\/wp-content\/uploads\/2024\/03\/triest-schloss-miramare-wanderung-04-obelisco-aussicht-christian-oeser-1536x1024.jpg 1536w, https:\/\/coeser.de\/blog\/wp-content\/uploads\/2024\/03\/triest-schloss-miramare-wanderung-04-obelisco-aussicht-christian-oeser-2048x1365.jpg 2048w, https:\/\/coeser.de\/blog\/wp-content\/uploads\/2024\/03\/triest-schloss-miramare-wanderung-04-obelisco-aussicht-christian-oeser-330x220.jpg 330w\" sizes=\"auto, (max-width: 2560px) 100vw, 2560px\" \/><figcaption class=\"bigpicture-text\">\n<h3>Aussichtsterrasse am Obelisk (Obelisco)<\/h3>\n<p>Schon vor dem Beginn der eigentlichen Wanderung wirst du mit einem Ausblick belohnt, der seinesgleichen sucht. Vielleicht ist die Steinterrasse vor dem Obelisken sogar der <strong>sch\u00f6nste Aussichtspunkt in ganz Triest<\/strong> &#8211; gef\u00fchlsm\u00e4\u00dfig auf jeden Fall! Von hier aus \u00fcberblickst du den Golf von Triest, die Stadt Triest selbst und bei klarer Luft erkennst du in der Ferne sogar die K\u00fcste bis nach Muggia und Istrien.<br \/>\n<a href=\"https:\/\/www.google.de\/maps\/place\/45.67957327827052,13.781173029257086\" target=\"_blank\" rel=\"noopener\"><strong>Aufnahmeort anzeigen<\/strong><\/a><\/p>\n<\/figcaption><\/figure>\n<figure class=\"bigpicture\" style=\"width: 970px;\"><img loading=\"lazy\" decoding=\"async\" class=\"wp-image-22110 size-full\" src=\"https:\/\/coeser.de\/blog\/wp-content\/uploads\/2024\/03\/triest-schloss-miramare-wanderung-05-obelisco-aussicht-christian-oeser-scaled.jpg\" alt=\"Aussicht auf die Innenstadt und den Hafen von Triest\" width=\"2560\" height=\"1707\" srcset=\"https:\/\/coeser.de\/blog\/wp-content\/uploads\/2024\/03\/triest-schloss-miramare-wanderung-05-obelisco-aussicht-christian-oeser-scaled.jpg 2560w, https:\/\/coeser.de\/blog\/wp-content\/uploads\/2024\/03\/triest-schloss-miramare-wanderung-05-obelisco-aussicht-christian-oeser-768x512.jpg 768w, https:\/\/coeser.de\/blog\/wp-content\/uploads\/2024\/03\/triest-schloss-miramare-wanderung-05-obelisco-aussicht-christian-oeser-1536x1024.jpg 1536w, https:\/\/coeser.de\/blog\/wp-content\/uploads\/2024\/03\/triest-schloss-miramare-wanderung-05-obelisco-aussicht-christian-oeser-2048x1365.jpg 2048w, https:\/\/coeser.de\/blog\/wp-content\/uploads\/2024\/03\/triest-schloss-miramare-wanderung-05-obelisco-aussicht-christian-oeser-330x220.jpg 330w\" sizes=\"auto, (max-width: 2560px) 100vw, 2560px\" \/><figcaption class=\"bigpicture-text\">\n<h3>Aussicht auf die Innenstadt von Triest<\/h3>\n<p>Nimm dir nach M\u00f6glichkeit ein Teleobjektiv mit einer Brennweite von mindestens 200mm mit, denn vom Aussichtspunkt am Obelisken gelingen dir beeindruckende Detailaufnahmen der Innenstadt von Triest, den Hafenanlagen und den h\u00fcgeligen Wohngegenden rundherum. Im Artikel <strong><a href=\"https:\/\/coeser.de\/blog\/index.php\/2024\/02\/29\/triest-hafenstadt-mit-flair\/\" target=\"_blank\" rel=\"noopener\">Triest: Die Hafenstadt mit Flair<\/a><\/strong> findest du die H\u00f6hepunkte unter den Sehensw\u00fcrdigkeiten in Triest und kannst versuchen, diese hier im Bild zu erkennen! \ud83d\ude42<br \/>\n<a href=\"https:\/\/www.google.de\/maps\/place\/45.67957327827052,13.781173029257086\" target=\"_blank\" rel=\"noopener\"><strong>Aufnahmeort anzeigen<\/strong><\/a><\/p>\n<\/figcaption><\/figure>\n<figure class=\"bigpicture\" style=\"width: 970px;\"><img loading=\"lazy\" decoding=\"async\" class=\"wp-image-22111 size-full\" src=\"https:\/\/coeser.de\/blog\/wp-content\/uploads\/2024\/03\/triest-schloss-miramare-wanderung-06-strada-napoleonica-christian-oeser.jpg\" alt=\"Schild am Beginn des Wanderwegs Strada Napoleonica in Triest\" width=\"960\" height=\"640\" srcset=\"https:\/\/coeser.de\/blog\/wp-content\/uploads\/2024\/03\/triest-schloss-miramare-wanderung-06-strada-napoleonica-christian-oeser.jpg 960w, https:\/\/coeser.de\/blog\/wp-content\/uploads\/2024\/03\/triest-schloss-miramare-wanderung-06-strada-napoleonica-christian-oeser-768x512.jpg 768w, https:\/\/coeser.de\/blog\/wp-content\/uploads\/2024\/03\/triest-schloss-miramare-wanderung-06-strada-napoleonica-christian-oeser-330x220.jpg 330w\" sizes=\"auto, (max-width: 960px) 100vw, 960px\" \/><figcaption class=\"bigpicture-text\">\n<h3>Infotafel vor der Wanderung zum Schloss Miramare<\/h3>\n<p>Nachdem wir uns am Ausblick sattgesehen hatten (es folgen im Verlauf der Tour noch viele weitere!), begann unsere Wanderung zum Schloss Miramare an einer Infotafel \u00fcber die historische Stra\u00dfe <strong>Strada Napoleonica<\/strong>. Vor Ort gibt es leider keine weiteren geschichtlichen Hintergr\u00fcnde zu erfahren, bei Interesse musst du dich vorab informieren &#8211; oder du liest dir einfach den Text bei meinem n\u00e4chsten Bild durch. \ud83d\ude42<br \/>\n<a href=\"https:\/\/www.google.de\/maps\/place\/45.67964310135653,13.780619388445949\" target=\"_blank\" rel=\"noopener\"><strong>Aufnahmeort anzeigen<\/strong><\/a><\/p>\n<\/figcaption><\/figure>\n<figure class=\"bigpicture\" style=\"width: 970px;\"><img loading=\"lazy\" decoding=\"async\" class=\"wp-image-22112 size-full\" src=\"https:\/\/coeser.de\/blog\/wp-content\/uploads\/2024\/03\/triest-schloss-miramare-wanderung-07-strada-napoleonica-christian-oeser-scaled.jpg\" alt=\"Startpunkt des Wanderwegs Strada Napoleonica in Triest\" width=\"2560\" height=\"1707\" srcset=\"https:\/\/coeser.de\/blog\/wp-content\/uploads\/2024\/03\/triest-schloss-miramare-wanderung-07-strada-napoleonica-christian-oeser-scaled.jpg 2560w, https:\/\/coeser.de\/blog\/wp-content\/uploads\/2024\/03\/triest-schloss-miramare-wanderung-07-strada-napoleonica-christian-oeser-768x512.jpg 768w, https:\/\/coeser.de\/blog\/wp-content\/uploads\/2024\/03\/triest-schloss-miramare-wanderung-07-strada-napoleonica-christian-oeser-1536x1024.jpg 1536w, https:\/\/coeser.de\/blog\/wp-content\/uploads\/2024\/03\/triest-schloss-miramare-wanderung-07-strada-napoleonica-christian-oeser-2048x1365.jpg 2048w, https:\/\/coeser.de\/blog\/wp-content\/uploads\/2024\/03\/triest-schloss-miramare-wanderung-07-strada-napoleonica-christian-oeser-330x220.jpg 330w\" sizes=\"auto, (max-width: 2560px) 100vw, 2560px\" \/><figcaption class=\"bigpicture-text\">\n<h3>Startpunkt des Wanderwegs Strada Napoleonica<\/h3>\n<p>Die <strong>Strada Napoleonica<\/strong> wurde angeblich 1797 unter Napoleon als Transportweg zwischen Venedig und Triest angelegt, um die Truppen zwischen den beiden St\u00e4dten schnell verschieben zu k\u00f6nnen. 1821 erfolgte durch den Ingenieur Giacomo Vicentini eine Verbreiterung des Weges und der Ausbau zu einer schmalen Stra\u00dfe \u2013 hier am Bild kannst du das sehr gut erkennen. Heute tr\u00e4gt die Strada Napoleonica offiziell den Namen <strong>Strada Vicentina<\/strong> und z\u00e4hlt zu den sch\u00f6nsten Wegen, die Triest zu bieten hat. Statt Autos verkehren auf dem Weg nun Fu\u00dfg\u00e4nger, Jogger und Radfahrer.<br \/>\n<a href=\"https:\/\/www.google.de\/maps\/place\/45.67965907271741,13.780503109668436\" target=\"_blank\" rel=\"noopener\"><strong>Aufnahmeort anzeigen<\/strong><\/a><\/p>\n<\/figcaption><\/figure>\n<figure class=\"bigpicture\" style=\"width: 970px;\"><img loading=\"lazy\" decoding=\"async\" class=\"wp-image-22113 size-full\" src=\"https:\/\/coeser.de\/blog\/wp-content\/uploads\/2024\/03\/triest-schloss-miramare-wanderung-08-strada-napoleonica-christian-oeser.jpg\" alt=\"Wanderweg Strada Napoleonica in Triest\" width=\"960\" height=\"640\" srcset=\"https:\/\/coeser.de\/blog\/wp-content\/uploads\/2024\/03\/triest-schloss-miramare-wanderung-08-strada-napoleonica-christian-oeser.jpg 960w, https:\/\/coeser.de\/blog\/wp-content\/uploads\/2024\/03\/triest-schloss-miramare-wanderung-08-strada-napoleonica-christian-oeser-768x512.jpg 768w, https:\/\/coeser.de\/blog\/wp-content\/uploads\/2024\/03\/triest-schloss-miramare-wanderung-08-strada-napoleonica-christian-oeser-330x220.jpg 330w\" sizes=\"auto, (max-width: 960px) 100vw, 960px\" \/><figcaption class=\"bigpicture-text\">\n<h3>Aussichtsbuchten am Wanderweg Strada Napoleonica<\/h3>\n<p>Die H\u00f6henpromenade ist ohne \u00dcbertreibung eine einzige Wohltat beim Spazierengehen. Du flanierst auf einer L\u00e4nge von rund vier Kilometern st\u00e4ndig entlang der K\u00fcstenlinie und blickst aus rund 250 H\u00f6henmetern hinab auf das Meer sowie die verschiedenen Viertel der Vororte von Triest. Der Weg weist keine nennenswerten Steigungen auf und ist somit auch geeignet, wenn du nicht so gut zu Fu\u00df unterwegs bist. In regelm\u00e4\u00dfigen Abst\u00e4nden laden <strong>Aussichtsbuchten<\/strong> mit B\u00e4nken dazu ein, eine Pause zu machen und die Umgebung auf sich wirken zu lassen.<br \/>\n<a href=\"https:\/\/www.google.de\/maps\/place\/45.679702739348976,13.77798272957253\" target=\"_blank\" rel=\"noopener\"><strong>Aufnahmeort anzeigen<\/strong><\/a><\/p>\n<\/figcaption><\/figure>\n<hr \/>\n<div class=\"tipps\">\n<h2><img loading=\"lazy\" decoding=\"async\" class=\"alignnone size-full wp-image-21937\" src=\"https:\/\/coeser.de\/blog\/wp-content\/uploads\/2024\/02\/triest-aufmacher1-canal-grande-panorama-christian-oeser.jpg\" alt=\"Panorama des Canal Grande in Triest\" width=\"970\" height=\"323\" srcset=\"https:\/\/coeser.de\/blog\/wp-content\/uploads\/2024\/02\/triest-aufmacher1-canal-grande-panorama-christian-oeser.jpg 970w, https:\/\/coeser.de\/blog\/wp-content\/uploads\/2024\/02\/triest-aufmacher1-canal-grande-panorama-christian-oeser-768x256.jpg 768w\" sizes=\"auto, (max-width: 970px) 100vw, 970px\" \/><\/h2>\n<h2>TIPP: Artikel \u00fcber Triest und Slowenien<\/h2>\n<p><strong><a href=\"https:\/\/coeser.de\/blog\/index.php\/2024\/02\/29\/triest-hafenstadt-mit-flair\/\" target=\"_blank\" rel=\"noopener\">Triest: Die Hafenstadt mit Flair<\/a><\/strong><\/p>\n<p><a href=\"https:\/\/coeser.de\/blog\/index.php\/2024\/09\/09\/triest-6-schoenste-kaffeehaeuser\/\" target=\"_blank\" rel=\"noopener\"><strong>Triest: Die 6 sch\u00f6nsten Kaffeeh\u00e4user<\/strong><\/a><\/p>\n<p><strong><a href=\"https:\/\/coeser.de\/blog\/index.php\/2018\/09\/25\/fuenf-sommertipps-fuer-ljubljana\/\" target=\"_blank\" rel=\"noopener\">F\u00fcnf Sommertipps f\u00fcr Ljubljana<\/a><\/strong><\/p>\n<p><strong><a href=\"https:\/\/coeser.de\/blog\/index.php\/2017\/06\/20\/bled-ein-ausblick-fuer-die-ewigkeit\/\" target=\"_blank\" rel=\"noopener\">Bled: Ein Ausblick f\u00fcr die Ewigkeit<\/a><\/strong><\/p>\n<\/div>\n<p>&nbsp;<\/p>\n<hr \/>\n<figure class=\"bigpicture\" style=\"width: 970px;\"><img loading=\"lazy\" decoding=\"async\" class=\"wp-image-22114 size-full\" src=\"https:\/\/coeser.de\/blog\/wp-content\/uploads\/2024\/03\/triest-schloss-miramare-wanderung-09-eidechsen-christian-oeser.jpg\" alt=\"Eidechse auf dem Wanderweg Strada Napoleonica in Triest\" width=\"960\" height=\"640\" srcset=\"https:\/\/coeser.de\/blog\/wp-content\/uploads\/2024\/03\/triest-schloss-miramare-wanderung-09-eidechsen-christian-oeser.jpg 960w, https:\/\/coeser.de\/blog\/wp-content\/uploads\/2024\/03\/triest-schloss-miramare-wanderung-09-eidechsen-christian-oeser-768x512.jpg 768w, https:\/\/coeser.de\/blog\/wp-content\/uploads\/2024\/03\/triest-schloss-miramare-wanderung-09-eidechsen-christian-oeser-330x220.jpg 330w\" sizes=\"auto, (max-width: 960px) 100vw, 960px\" \/><figcaption class=\"bigpicture-text\">\n<h3>Tierische Begleiter auf der Wanderung<\/h3>\n<p>W\u00e4hrend unseres gem\u00fctlichen Spaziergangs raschelte es entlang des Weges immer wieder verd\u00e4chtig aus den H\u00e4ngen des Karsts heraus. Mit etwas Gl\u00fcck und Geduld erblickst du den Grund: eine Vielzahl an kleineren und gr\u00f6\u00dferen <strong>Eidechsen<\/strong> wieselt frech umher und kreuzt \u00f6fters deinen Weg. Mit Hilfe eines Teleobjektivs konnte ich mich vorsichtig diesem Prachtexemplar n\u00e4hern und die Eidechse in ihrer nat\u00fcrlich Umgebung fotografieren.<br \/>\n<a href=\"https:\/\/www.google.de\/maps\/place\/45.680308973954055,13.776773419529967\" target=\"_blank\" rel=\"noopener\"><strong>Aufnahmeort anzeigen<\/strong><\/a><\/p>\n<\/figcaption><\/figure>\n<figure class=\"bigpicture\" style=\"width: 970px;\"><img loading=\"lazy\" decoding=\"async\" class=\"wp-image-22115 size-full\" src=\"https:\/\/coeser.de\/blog\/wp-content\/uploads\/2024\/03\/triest-schloss-miramare-wanderung-10-barcolo-christian-oeser.jpg\" alt=\"Aussicht auf Barcola vom Wanderweg Strada Napoleonica in Triest\" width=\"960\" height=\"640\" srcset=\"https:\/\/coeser.de\/blog\/wp-content\/uploads\/2024\/03\/triest-schloss-miramare-wanderung-10-barcolo-christian-oeser.jpg 960w, https:\/\/coeser.de\/blog\/wp-content\/uploads\/2024\/03\/triest-schloss-miramare-wanderung-10-barcolo-christian-oeser-768x512.jpg 768w, https:\/\/coeser.de\/blog\/wp-content\/uploads\/2024\/03\/triest-schloss-miramare-wanderung-10-barcolo-christian-oeser-330x220.jpg 330w\" sizes=\"auto, (max-width: 960px) 100vw, 960px\" \/><figcaption class=\"bigpicture-text\">\n<h3>Aussicht auf Barcola vom Wanderweg Strada Napoleonica<\/h3>\n<p>Schon nach kurzer Zeit breitet sich unterhalb des Wanderwegs das <strong>Triester Vorstadtviertel Barcola<\/strong> vor dir aus, w\u00e4hrend du am Horizont hinten noch Triest erkennen kannst. Barcola gilt als belebter Hotspot unter Einheimischen und Touristen, wie du anhand eines Bildes sp\u00e4ter im Artikel noch sehen wirst. Inmitten des Villenviertels ragt der 70 Meter hohe <strong>Siegesleuchtturm Faro della Vittoria<\/strong> hervor. Der 1927 eingeweihte Turm war nicht nur eine Navigationshilfe f\u00fcr Schiffe, sondern ist gleichzeitig ein Denkmal f\u00fcr die gefallenen Soldaten im Ersten Weltkrieg. Prinzipiell dient der Faro della Vittoria auch als Aussichtspunkt, leider war die Plattform w\u00e4hrend unseres Aufenthalts in Triest immer geschlossen.<br \/>\n<a href=\"https:\/\/www.google.de\/maps\/place\/45.6875569660228,13.761070351336771\" target=\"_blank\" rel=\"noopener\"><strong>Aufnahmeort anzeigen<\/strong><\/a><\/p>\n<\/figcaption><\/figure>\n<figure class=\"bigpicture\" style=\"width: 970px;\"><img loading=\"lazy\" decoding=\"async\" class=\"wp-image-22116 size-full\" src=\"https:\/\/coeser.de\/blog\/wp-content\/uploads\/2024\/03\/triest-schloss-miramare-wanderung-11-prosecco-christian-oeser.jpg\" alt=\"Fischerdorf Contovello bei Prosecco in Triest\" width=\"960\" height=\"640\" srcset=\"https:\/\/coeser.de\/blog\/wp-content\/uploads\/2024\/03\/triest-schloss-miramare-wanderung-11-prosecco-christian-oeser.jpg 960w, https:\/\/coeser.de\/blog\/wp-content\/uploads\/2024\/03\/triest-schloss-miramare-wanderung-11-prosecco-christian-oeser-768x512.jpg 768w, https:\/\/coeser.de\/blog\/wp-content\/uploads\/2024\/03\/triest-schloss-miramare-wanderung-11-prosecco-christian-oeser-330x220.jpg 330w\" sizes=\"auto, (max-width: 960px) 100vw, 960px\" \/><figcaption class=\"bigpicture-text\">\n<h3>Das Fischerdorf Contovello bei Prosecco<\/h3>\n<p>Der historische Wanderweg Strada Napoleonica m\u00fcndet an seinem Ende in eine Asphaltstra\u00dfe, die allerdings ebenfalls f\u00fcr den motorisierten Verkehr gesperrt ist. An dieser Stelle gibt es wieder einiges zu entdecken, zum Beispiel eine steile Felswand, an der sich waghalsige Kletterer versuchen. Auf dem Foto siehst du das wundersch\u00f6n im Berghang \u201eeingepflanzte\u201c, kleine <strong>Dorf Contovello<\/strong>. Rechts dahinter und durch den Felsen verdeckt liegt die ber\u00fchmte Ortschaft Prosecco \u2013 dazu aber weiter unten mehr.<br \/>\n<a href=\"https:\/\/www.google.de\/maps\/place\/45.69490164542436,13.745182345049479\" target=\"_blank\" rel=\"noopener\"><strong>Aufnahmeort anzeigen<\/strong><\/a><\/p>\n<\/figcaption><\/figure>\n<figure class=\"bigpicture\" style=\"width: 970px;\"><img loading=\"lazy\" decoding=\"async\" class=\"wp-image-22117 size-full\" src=\"https:\/\/coeser.de\/blog\/wp-content\/uploads\/2024\/03\/triest-schloss-miramare-wanderung-12-aussicht-christian-oeser.jpg\" alt=\"Ausblick auf das Schloss Miramare vom Wanderweg Strada Napoleonica in Triest\" width=\"960\" height=\"640\" srcset=\"https:\/\/coeser.de\/blog\/wp-content\/uploads\/2024\/03\/triest-schloss-miramare-wanderung-12-aussicht-christian-oeser.jpg 960w, https:\/\/coeser.de\/blog\/wp-content\/uploads\/2024\/03\/triest-schloss-miramare-wanderung-12-aussicht-christian-oeser-768x512.jpg 768w, https:\/\/coeser.de\/blog\/wp-content\/uploads\/2024\/03\/triest-schloss-miramare-wanderung-12-aussicht-christian-oeser-330x220.jpg 330w\" sizes=\"auto, (max-width: 960px) 100vw, 960px\" \/><figcaption class=\"bigpicture-text\">\n<h3>Ausblick auf das Schloss Miramare w\u00e4hrend der Wanderung<\/h3>\n<p>Schon aus der Distanz sehr beeindruckend pr\u00e4sentiert sich das Schloss Miramare und der dazugeh\u00f6rende, riesige Schlosspark rechts davon. Das Ziel der Wanderung scheint, von dieser Stelle aus gesehen, zwar noch sehr weit entfernt zu sein, der Fu\u00dfweg dorthin ist aber nicht anstrengend und die Zeit vergeht wie im Flug!<br \/>\n<a href=\"https:\/\/www.google.de\/maps\/place\/45.69490164542436,13.745182345049479\" target=\"_blank\" rel=\"noopener\"><strong>Aufnahmeort anzeigen<\/strong><\/a><\/p>\n<\/figcaption><\/figure>\n<figure class=\"bigpicture\" style=\"width: 970px;\"><img loading=\"lazy\" decoding=\"async\" class=\"wp-image-22118 size-full\" src=\"https:\/\/coeser.de\/blog\/wp-content\/uploads\/2024\/03\/triest-schloss-miramare-wanderung-13-christian-oeser.jpg\" alt=\"Wanderweg zur Wallfahrtskirche Monte Grisa in Triest\" width=\"960\" height=\"640\" srcset=\"https:\/\/coeser.de\/blog\/wp-content\/uploads\/2024\/03\/triest-schloss-miramare-wanderung-13-christian-oeser.jpg 960w, https:\/\/coeser.de\/blog\/wp-content\/uploads\/2024\/03\/triest-schloss-miramare-wanderung-13-christian-oeser-768x512.jpg 768w, https:\/\/coeser.de\/blog\/wp-content\/uploads\/2024\/03\/triest-schloss-miramare-wanderung-13-christian-oeser-330x220.jpg 330w\" sizes=\"auto, (max-width: 960px) 100vw, 960px\" \/><figcaption class=\"bigpicture-text\">\n<h3>Wanderweg zur Wallfahrtskirche Monte Grisa<\/h3>\n<p>Bevor meine Freundin und ich dem asphaltierten Weg weiter folgten, machten wir noch einen Abstecher hinauf in ein Waldst\u00fcck. Ein Wegweiser zeigt den <strong>Pfad in Richtung der Wallfahrtskirche Monte Grisa<\/strong> und dieses Bauwerk solltest du dir keinesfalls entgehen lassen! Der Waldweg f\u00fchrt stetig bergauf und ist im Vergleich zum Wanderweg Strada Napoleonica ein wenig anspruchsvoller \u2013 daf\u00fcr aber auch von der Natur her unheimlich attraktiv!<br \/>\n<a href=\"https:\/\/www.google.de\/maps\/place\/45.69505354030476,13.745407027527554\" target=\"_blank\" rel=\"noopener\"><strong>Aufnahmeort anzeigen<\/strong><\/a><\/p>\n<\/figcaption><\/figure>\n<figure class=\"bigpicture\" style=\"width: 970px;\"><img loading=\"lazy\" decoding=\"async\" class=\"wp-image-22144 size-full\" src=\"https:\/\/coeser.de\/blog\/wp-content\/uploads\/2024\/04\/triest-schloss-miramare-wanderung-31-vedetta-italia-christian-oeser.jpg\" alt=\"Aussichtsplattform Vedetta Italia bei Triest\" width=\"960\" height=\"640\" srcset=\"https:\/\/coeser.de\/blog\/wp-content\/uploads\/2024\/04\/triest-schloss-miramare-wanderung-31-vedetta-italia-christian-oeser.jpg 960w, https:\/\/coeser.de\/blog\/wp-content\/uploads\/2024\/04\/triest-schloss-miramare-wanderung-31-vedetta-italia-christian-oeser-768x512.jpg 768w, https:\/\/coeser.de\/blog\/wp-content\/uploads\/2024\/04\/triest-schloss-miramare-wanderung-31-vedetta-italia-christian-oeser-330x220.jpg 330w\" sizes=\"auto, (max-width: 960px) 100vw, 960px\" \/><figcaption class=\"bigpicture-text\">\n<h3>Aussichtsplattform Vedetta Italia<\/h3>\n<p>Der Weg zur Kirche Monte Grisa dauert nur rund 20 Minuten und du kommst dabei noch am <strong>Aussichtspunkt Vedetta Italia<\/strong> vorbei. Steigst du die wenigen Stufen hinauf auf die Plattform, offenbart sich vor dir der gesamte Golf von Triest. Blickst du nach links, siehst du bereits die Spitze der Wallfahrtskirche und in der Ferne die Stadt Triest. Auf der Plattform selbst ist ein Kompass und eine stilisierte Karte mit Richtungspfeilen zu bedeutenden Orten in der Umgebung eingraviert.<br \/>\n<a href=\"https:\/\/www.google.de\/maps\/place\/45.694855341690364,13.746061287575099\" target=\"_blank\" rel=\"noopener\"><strong>Aufnahmeort anzeigen<\/strong><\/a><\/p>\n<\/figcaption><\/figure>\n<figure class=\"bigpicture\" style=\"width: 970px;\"><img loading=\"lazy\" decoding=\"async\" class=\"wp-image-22119 size-full\" src=\"https:\/\/coeser.de\/blog\/wp-content\/uploads\/2024\/03\/triest-schloss-miramare-wanderung-14-monte-grisa-christian-oeser.jpg\" alt=\"Au\u00dfenansicht der Wallfahrtskirche Monte Grisa in Triest\" width=\"960\" height=\"640\" srcset=\"https:\/\/coeser.de\/blog\/wp-content\/uploads\/2024\/03\/triest-schloss-miramare-wanderung-14-monte-grisa-christian-oeser.jpg 960w, https:\/\/coeser.de\/blog\/wp-content\/uploads\/2024\/03\/triest-schloss-miramare-wanderung-14-monte-grisa-christian-oeser-768x512.jpg 768w, https:\/\/coeser.de\/blog\/wp-content\/uploads\/2024\/03\/triest-schloss-miramare-wanderung-14-monte-grisa-christian-oeser-330x220.jpg 330w\" sizes=\"auto, (max-width: 960px) 100vw, 960px\" \/><figcaption class=\"bigpicture-text\">\n<h3>Au\u00dfenansicht der Wallfahrtskirche Monte Grisa<\/h3>\n<p>Stehst du dann schlie\u00dflich vor der <strong>Wallfahrtskirche Monte Grisa<\/strong>, wirst du wahrscheinlich ebenso staunen wie meine Freundin und ich. Der Architekturstil <strong>Brutalismus<\/strong> geh\u00f6rt zu jenen, die man liebt oder hasst &#8211; ich sch\u00e4tze ihn sehr und bin jedes Mal aufs Neue fasziniert von der brutalen Sch\u00f6nheit, die aus Beton und Glas geformt wird. Der Erzbischof Antonio Santin lie\u00df als Dank f\u00fcr die Verschonung Triests im Zweiten Weltkrieg von Baumeister Antonio Guacci diese Votivkirche bauen, welche 1966 fertiggestellt und eingeweiht wurde. Die Einwohner nennen sie aufgrund ihrer an eine K\u00e4seecke erinnernde Form witzigerweise einfach <strong>&#8222;formaggino&#8220;<\/strong>. Von der Terrasse vor dem Eingang genie\u00dft du erneut einen unvergesslichen Ausblick auf die Umgebung.<br \/>\n<a href=\"https:\/\/www.google.de\/maps\/place\/45.69303669266172,13.748814490335514\" target=\"_blank\" rel=\"noopener\"><strong>Aufnahmeort anzeigen<\/strong><\/a><\/p>\n<\/figcaption><\/figure>\n<figure class=\"bigpicture\" style=\"width: 970px;\"><img loading=\"lazy\" decoding=\"async\" class=\"wp-image-22120 size-full\" src=\"https:\/\/coeser.de\/blog\/wp-content\/uploads\/2024\/03\/triest-schloss-miramare-wanderung-15-monte-grisa-christian-oeser.jpg\" alt=\"Innenansicht der Wallfahrtskirche Monte Grisa in Triest\" width=\"960\" height=\"376\" srcset=\"https:\/\/coeser.de\/blog\/wp-content\/uploads\/2024\/03\/triest-schloss-miramare-wanderung-15-monte-grisa-christian-oeser.jpg 960w, https:\/\/coeser.de\/blog\/wp-content\/uploads\/2024\/03\/triest-schloss-miramare-wanderung-15-monte-grisa-christian-oeser-768x301.jpg 768w\" sizes=\"auto, (max-width: 960px) 100vw, 960px\" \/><figcaption class=\"bigpicture-text\">\n<h3>Panorama der Wallfahrtskirche Monte Grisa<\/h3>\n<p>Au\u00dfen ist die Wallfahrtskirche Monte Grisa ja bereits ein echter Blickfang, aber die Innenansicht ist einfach nur unglaublich, was du anhand dieser Panoramaaufnahme sehen kannst. Das Motiv des Dreiecks zieht sich in Anlehnung an die Dreifaltigkeit durch den gesamten Bau. Trotz des vielen Betons ist die Kirche vom Tageslicht hell durchleuchtet und f\u00fchlt sich nirgends einengend an.<br \/>\n<a href=\"https:\/\/www.google.de\/maps\/place\/45.69307313994501,13.749369737171081\" target=\"_blank\" rel=\"noopener\"><strong>Aufnahmeort anzeigen<\/strong><\/a><\/p>\n<\/figcaption><\/figure>\n<figure class=\"bigpicture\" style=\"width: 970px;\"><img loading=\"lazy\" decoding=\"async\" class=\"wp-image-22145 size-full\" src=\"https:\/\/coeser.de\/blog\/wp-content\/uploads\/2024\/04\/triest-schloss-miramare-wanderung-32-monte-grisa-christian-oeser.jpg\" alt=\"Innenansicht der Wallfahrtskirche Monte Grisa in Triest\" width=\"960\" height=\"640\" srcset=\"https:\/\/coeser.de\/blog\/wp-content\/uploads\/2024\/04\/triest-schloss-miramare-wanderung-32-monte-grisa-christian-oeser.jpg 960w, https:\/\/coeser.de\/blog\/wp-content\/uploads\/2024\/04\/triest-schloss-miramare-wanderung-32-monte-grisa-christian-oeser-768x512.jpg 768w, https:\/\/coeser.de\/blog\/wp-content\/uploads\/2024\/04\/triest-schloss-miramare-wanderung-32-monte-grisa-christian-oeser-330x220.jpg 330w\" sizes=\"auto, (max-width: 960px) 100vw, 960px\" \/><figcaption class=\"bigpicture-text\">\n<h3>Innenansicht der Wallfahrtskirche Monte Grisa<\/h3>\n<p>Als Fan von geometrischen, geordneten Formen h\u00e4tte ich mich in der Kirche Monte Grisa noch stundenlang fotografisch austoben k\u00f6nnen! Auf der R\u00fcckseite des Geb\u00e4udes gibt es \u00fcbrigens eine kleine Cafeteria, wo du dich mit Snacks und Getr\u00e4nken st\u00e4rken kannst, was wir zu einer Pause in der Mittagshitze nutzten, ehe es auf demselben Weg zur\u00fcck zum Wanderweg Strada Napoleonica ging.<br \/>\n<a href=\"https:\/\/www.google.de\/maps\/place\/45.69307313994501,13.749369737171081\" target=\"_blank\" rel=\"noopener\"><strong>Aufnahmeort anzeigen<\/strong><\/a><\/p>\n<\/figcaption><\/figure>\n<hr \/>\n<div class=\"tipps\">\n<h2>TIPP: Ausfl\u00fcge in und rund um Triest<\/h2>\n<p>\u00dcber den Tourvermittler GetYourGuide kannst du ab Triest Ausfl\u00fcge in das Umland und in das benachbarte Slowenien buchen. Nachfolgend habe ich dir einige interessante Touren zusammengestellt:<\/p>\n<p><strong><a href=\"https:\/\/www.getyourguide.de\/triest-l1131\/ab-triest-hohlen-von-postojna-und-hohlenburg-predjama-t118783\/?partner_id=04M0MCT&amp;utm_medium=online_publisher\" target=\"_blank\" rel=\"noopener\">Ausflug zu den H\u00f6hlen von Postojna &amp; die H\u00f6hlenburg Predjama<\/a>*<\/strong><\/p>\n<p><strong><a href=\"https:\/\/www.getyourguide.de\/ljubljana-l318\/ab-triest-bleder-see-und-ljubljana-tagestour-t118765\/?partner_id=04M0MCT&amp;utm_medium=online_publisher\" target=\"_blank\" rel=\"noopener\">Tagestour zum Bleder See und nach Ljubljana<\/a>*<\/strong><\/p>\n<p><strong><a href=\"https:\/\/www.getyourguide.de\/triest-l1131\/triest-panorama-sightseeing-tour-und-schloss-miramare-t189528\/?partner_id=04M0MCT&amp;utm_medium=online_publisher\" target=\"_blank\" rel=\"noopener\">Panorama-Stadttour durch Triest und Eintritt ins Schloss Miramare<\/a>*<\/strong><\/p>\n<p><strong><a href=\"https:\/\/www.getyourguide.de\/piran-l1233\/ab-triest-kustentour-piran-und-slowenien-t118789\/?partner_id=04M0MCT&amp;utm_medium=online_publisher\" target=\"_blank\" rel=\"noopener\">K\u00fcstentour nach Piran und Slowenien<\/a>*<\/strong><\/p>\n<p><strong><a href=\"https:\/\/www.getyourguide.de\/triest-l1131\/triest-die-geschichte-von-prosecco-und-der-karstregion-t357805\/?partner_id=04M0MCT&amp;utm_medium=online_publisher\" target=\"_blank\" rel=\"noopener\">Triest: Die Geschichte des Prosecco und der Karstregion<\/a>*<\/strong><\/p>\n<\/div>\n<p>&nbsp;<\/p>\n<hr \/>\n<figure class=\"bigpicture\" style=\"width: 970px;\"><img loading=\"lazy\" decoding=\"async\" class=\"wp-image-22121 size-full\" src=\"https:\/\/coeser.de\/blog\/wp-content\/uploads\/2024\/03\/triest-schloss-miramare-wanderung-16-prosecco-christian-oeser.jpg\" alt=\"Ortsschild Prosecco bei Triest\" width=\"960\" height=\"640\" srcset=\"https:\/\/coeser.de\/blog\/wp-content\/uploads\/2024\/03\/triest-schloss-miramare-wanderung-16-prosecco-christian-oeser.jpg 960w, https:\/\/coeser.de\/blog\/wp-content\/uploads\/2024\/03\/triest-schloss-miramare-wanderung-16-prosecco-christian-oeser-768x512.jpg 768w, https:\/\/coeser.de\/blog\/wp-content\/uploads\/2024\/03\/triest-schloss-miramare-wanderung-16-prosecco-christian-oeser-330x220.jpg 330w\" sizes=\"auto, (max-width: 960px) 100vw, 960px\" \/><figcaption class=\"bigpicture-text\">\n<h3>Das Dorf Prosecco bei Triest<\/h3>\n<p>Sobald du wieder auf den Wanderweg Strada Napoleonica wechselst, sind es nur noch wenige Minuten bis zum <strong>Ortsschild von Prosecco<\/strong>. Der Ursprung des gleichnamigen Perlweins Prosecco liegt in dieser kleinen Gemeinde, die du w\u00e4hrend der Wanderung durchquerst. Die Hauptanbaugebiete der Reben befinden sich in den beiden Regionen Friaul-Julisch-Venetien und Venetien, genauer gesagt rund um Treviso. Die Ortschaft Prosecco selbst ist eher verschlafen, aber l\u00e4dt auf jeden Fall zu einer Verkostung des Sprudels in einem der Lokale ein. Meine Freundin und ich kehrten beispielsweise gleich am Ortsbeginn in der einfachen, typisch italienischen Bar <em>Da Lorena (Giovanni e Maria)<\/em> ein. Das Lokal liegt direkt am Weg und war somit aufgelegt f\u00fcr eine Pause.<br \/>\n<a href=\"https:\/\/www.google.de\/maps\/place\/45.699558321839675,13.740314371639966\" target=\"_blank\" rel=\"noopener\"><strong>Aufnahmeort anzeigen<\/strong><\/a><\/p>\n<\/figcaption><\/figure>\n<figure class=\"bigpicture\" style=\"width: 970px;\"><img loading=\"lazy\" decoding=\"async\" class=\"wp-image-22122 size-full\" src=\"https:\/\/coeser.de\/blog\/wp-content\/uploads\/2024\/03\/triest-schloss-miramare-wanderung-17-prosecco-christian-oeser.jpg\" alt=\"Kirche Chiesa di San Martino di Tours im Zentrum von Prosecco bei Triest\" width=\"960\" height=\"640\" srcset=\"https:\/\/coeser.de\/blog\/wp-content\/uploads\/2024\/03\/triest-schloss-miramare-wanderung-17-prosecco-christian-oeser.jpg 960w, https:\/\/coeser.de\/blog\/wp-content\/uploads\/2024\/03\/triest-schloss-miramare-wanderung-17-prosecco-christian-oeser-768x512.jpg 768w, https:\/\/coeser.de\/blog\/wp-content\/uploads\/2024\/03\/triest-schloss-miramare-wanderung-17-prosecco-christian-oeser-330x220.jpg 330w\" sizes=\"auto, (max-width: 960px) 100vw, 960px\" \/><figcaption class=\"bigpicture-text\">\n<h3>Kirche Chiesa di San Martino di Tours in Prosecco<\/h3>\n<p>Wir folgten der Stra\u00dfe weiter bis in das Zentrum von Prosecco, wo wir au\u00dfer der Kirche <strong>Chiesa di San Martino di Tours<\/strong> aber nichts Spannendes entdeckten. Ich m\u00f6chte dir aber noch einen allgemeinen Tipp geben, den wir in der Touristeninfo von Triest aufschnappten. \u00c4hnlich zu den \u00f6sterreichischen Heurigen bzw. Buschenschanken gibt es in der Region Triest kleine Betriebe unter dem Namen <strong>Ozmize<\/strong>. Dabei handelt es sich um Lokale, die nur zu bestimmten Zeiten \u00f6ffnen und landwirtschaftliche Produkte aus Eigenproduktion anbieten &#8211; beispielsweise W\u00fcrste, K\u00e4se, Eier und Wein. Die Tradition geht auf Slowenien zur\u00fcck und ist dort seit 1784 bekannt. Auf der Webseite <a href=\"https:\/\/www.osmize.com\/\" target=\"_blank\" rel=\"noopener\"><strong>osmize.com<\/strong><\/a> siehst du, welche Betriebe aktuell ge\u00f6ffnet haben. Meine Freundin und ich hatten leider kein Gl\u00fcck, aber vielleicht kannst du eine Osmiza erfolgreich austesten und mir einen Kommentar schreiben, wie es dir gefallen hat!<br \/>\n<a href=\"https:\/\/www.google.de\/maps\/place\/45.70847563975999,13.733591981750758\" target=\"_blank\" rel=\"noopener\"><strong>Aufnahmeort anzeigen<\/strong><\/a><\/p>\n<\/figcaption><\/figure>\n<figure class=\"bigpicture\" style=\"width: 970px;\"><img loading=\"lazy\" decoding=\"async\" class=\"wp-image-22123 size-full\" src=\"https:\/\/coeser.de\/blog\/wp-content\/uploads\/2024\/03\/triest-schloss-miramare-wanderung-18-christian-oeser.jpg\" alt=\"Wanderweg von Prosecco zum Schloss Miramare in Triest\" width=\"960\" height=\"640\" srcset=\"https:\/\/coeser.de\/blog\/wp-content\/uploads\/2024\/03\/triest-schloss-miramare-wanderung-18-christian-oeser.jpg 960w, https:\/\/coeser.de\/blog\/wp-content\/uploads\/2024\/03\/triest-schloss-miramare-wanderung-18-christian-oeser-768x512.jpg 768w, https:\/\/coeser.de\/blog\/wp-content\/uploads\/2024\/03\/triest-schloss-miramare-wanderung-18-christian-oeser-330x220.jpg 330w\" sizes=\"auto, (max-width: 960px) 100vw, 960px\" \/><figcaption class=\"bigpicture-text\">\n<h3>Abstieg zum Schloss Miramare<\/h3>\n<p>Vom Zentrum in Prosecco aus ist es aufgrund fehlender Wegweiser nicht ganz einfach, den richtigen Pfad zu finden. Orientiere dich am besten so: An <a href=\"https:\/\/www.google.de\/maps\/place\/45.7082839005536,13.73024576139423\" target=\"_blank\" rel=\"noopener\"><strong>dieser Stelle<\/strong><\/a> teilt sich die Stra\u00dfe in drei Wege und du siehst vor Ort stehend einen Pfeil in Richtung Kloster <em>Monastero di San Cipriano<\/em>. Folge NICHT dem rechten Weg zum Kloster, sondern nimm den mittleren Pfad durch die B\u00e4ume. Der schmale Weg f\u00fchrt dann weiter entlang einer Hausmauer und m\u00fcndet schlie\u00dflich in Stufen hinab (siehe Bild). Danach sind endlich Wegweiser Richtung Schloss Miramare aufgestellt.<br \/>\n<a href=\"https:\/\/www.google.de\/maps\/place\/45.70694,13.72849\" target=\"_blank\" rel=\"noopener\"><strong>Aufnahmeort anzeigen<\/strong><\/a><\/p>\n<\/figcaption><\/figure>\n<figure class=\"bigpicture\" style=\"width: 970px;\"><img loading=\"lazy\" decoding=\"async\" class=\"wp-image-22124 size-full\" src=\"https:\/\/coeser.de\/blog\/wp-content\/uploads\/2024\/03\/triest-schloss-miramare-wanderung-19-bahnhof-christian-oeser.jpg\" alt=\"Historische Wartehalle am Bahnhof Miramare bei Triest\" width=\"960\" height=\"640\" srcset=\"https:\/\/coeser.de\/blog\/wp-content\/uploads\/2024\/03\/triest-schloss-miramare-wanderung-19-bahnhof-christian-oeser.jpg 960w, https:\/\/coeser.de\/blog\/wp-content\/uploads\/2024\/03\/triest-schloss-miramare-wanderung-19-bahnhof-christian-oeser-768x512.jpg 768w, https:\/\/coeser.de\/blog\/wp-content\/uploads\/2024\/03\/triest-schloss-miramare-wanderung-19-bahnhof-christian-oeser-330x220.jpg 330w\" sizes=\"auto, (max-width: 960px) 100vw, 960px\" \/><figcaption class=\"bigpicture-text\">\n<h3>Historische Wartehalle am Bahnhof Miramare<\/h3>\n<p>Der Pfad m\u00fcndet am Ende direkt in den <strong>Bahnhof Miramare (Stazione di Miramare)<\/strong>, den du dir kurz einmal genauer ansehen solltest. Das historische Bahnhofsgeb\u00e4ude wurde gut instandgehalten und verspr\u00fcht den Charme einer vergangenen \u00c4ra. Die Haltestelle wurde 1857 in Betrieb genommen und war Teil der Bahnverbindung zwischen Wien und Triest. Falls du den Zug f\u00fcr die Anreise nach Miramare oder die R\u00fcckreise nach Triest nutzen willst, kannst du auf der Webseite <a href=\"https:\/\/www.trenitalia.com\/de.html\" target=\"_blank\" rel=\"noopener\"><strong>trenitalia.com<\/strong><\/a> die Verbindungen nachsehen. Unter der Woche f\u00e4hrt ca. jede Stunde ein Regionalzug und ben\u00f6tigt neun Minuten. Am Wochenende sind die Zeiten relativ unflexibel und wenig attraktiv. Wenn du die hier im Artikel vorgestellte Wanderung machen m\u00f6chtest, spielt der Zug aber ohnehin keine Rolle.<br \/>\n<a href=\"https:\/\/www.google.de\/maps\/place\/45.705030796276866,13.719652169151509\" target=\"_blank\" rel=\"noopener\"><strong>Aufnahmeort anzeigen<\/strong><\/a><\/p>\n<\/figcaption><\/figure>\n<figure class=\"bigpicture\" style=\"width: 970px;\"><img loading=\"lazy\" decoding=\"async\" class=\"wp-image-22125 size-full\" src=\"https:\/\/coeser.de\/blog\/wp-content\/uploads\/2024\/03\/triest-schloss-miramare-wanderung-20-garten-christian-oeser.jpg\" alt=\"Caff\u00e8 Massimiliano im Schlosspark Miramare in Triest\" width=\"960\" height=\"640\" srcset=\"https:\/\/coeser.de\/blog\/wp-content\/uploads\/2024\/03\/triest-schloss-miramare-wanderung-20-garten-christian-oeser.jpg 960w, https:\/\/coeser.de\/blog\/wp-content\/uploads\/2024\/03\/triest-schloss-miramare-wanderung-20-garten-christian-oeser-768x512.jpg 768w, https:\/\/coeser.de\/blog\/wp-content\/uploads\/2024\/03\/triest-schloss-miramare-wanderung-20-garten-christian-oeser-330x220.jpg 330w\" sizes=\"auto, (max-width: 960px) 100vw, 960px\" \/><figcaption class=\"bigpicture-text\">\n<h3>Der Schlosspark Miramare<\/h3>\n<p>Am sp\u00e4ten Nachmittag erreichten meine Freundin und ich dann schlie\u00dflich den <strong>Schlosspark von Miramare<\/strong>. Er weist eine beachtliche Gr\u00f6\u00dfe von 22 Hektar auf und wir konnten aufgrund der Uhrzeit nur einen kleinen Teil des Gel\u00e4ndes erkunden. Im Park findest du sehr viele seltene und exotische Baumsorten, die Erzherzog Ferdinand Maximilian von \u00d6sterreich (Bruder von Kaiser Franz Joseph I.) von seinen wissenschaftlichen Expeditionen aus aller Welt gesammelt und mitgebracht hatte.<br \/>\n<a href=\"https:\/\/www.google.de\/maps\/place\/45.70428422375659,13.71318482637859\" target=\"_blank\" rel=\"noopener\"><strong>Aufnahmeort anzeigen<\/strong><\/a><\/p>\n<\/figcaption><\/figure>\n<figure class=\"bigpicture\" style=\"width: 970px;\"><img loading=\"lazy\" decoding=\"async\" class=\"wp-image-22126 size-full\" src=\"https:\/\/coeser.de\/blog\/wp-content\/uploads\/2024\/03\/triest-schloss-miramare-wanderung-21-cafe-christian-oeser.jpg\" alt=\"Torten im Caff\u00e8 Massimiliano im Schlosspark Miramare in Triest\" width=\"960\" height=\"640\" srcset=\"https:\/\/coeser.de\/blog\/wp-content\/uploads\/2024\/03\/triest-schloss-miramare-wanderung-21-cafe-christian-oeser.jpg 960w, https:\/\/coeser.de\/blog\/wp-content\/uploads\/2024\/03\/triest-schloss-miramare-wanderung-21-cafe-christian-oeser-768x512.jpg 768w, https:\/\/coeser.de\/blog\/wp-content\/uploads\/2024\/03\/triest-schloss-miramare-wanderung-21-cafe-christian-oeser-330x220.jpg 330w\" sizes=\"auto, (max-width: 960px) 100vw, 960px\" \/><figcaption class=\"bigpicture-text\">\n<h3>Pause im Caff\u00e8 Massimiliano im Schlosspark Miramare<\/h3>\n<p>Wir waren durch die Wanderung und die warmen Temperaturen schon etwas geschlaucht, weswegen wir mit gro\u00dfer Freude das <strong>Caff\u00e8 Massimiliano<\/strong> im Schlosspark Miramare aufsuchten. Die Schokoladetorte ist ein absoluter Traum und der Kaffee typisch italienisch. Was ich dir auf diesem Bild verschweige, sind zwei Gl\u00e4ser mit Prosecco. \ud83d\ude09<br \/>\n<a href=\"https:\/\/www.google.de\/maps\/place\/45.70454279872547,13.713433509880403\" target=\"_blank\" rel=\"noopener\"><strong>Aufnahmeort anzeigen<\/strong><\/a><\/p>\n<\/figcaption><\/figure>\n<figure class=\"bigpicture\" style=\"width: 970px;\"><img loading=\"lazy\" decoding=\"async\" class=\"wp-image-22127 size-full\" src=\"https:\/\/coeser.de\/blog\/wp-content\/uploads\/2024\/03\/triest-schloss-miramare-wanderung-22-christian-oeser.jpg\" alt=\"Schloss Miramare in Triest\" width=\"960\" height=\"640\" srcset=\"https:\/\/coeser.de\/blog\/wp-content\/uploads\/2024\/03\/triest-schloss-miramare-wanderung-22-christian-oeser.jpg 960w, https:\/\/coeser.de\/blog\/wp-content\/uploads\/2024\/03\/triest-schloss-miramare-wanderung-22-christian-oeser-768x512.jpg 768w, https:\/\/coeser.de\/blog\/wp-content\/uploads\/2024\/03\/triest-schloss-miramare-wanderung-22-christian-oeser-330x220.jpg 330w\" sizes=\"auto, (max-width: 960px) 100vw, 960px\" \/><figcaption class=\"bigpicture-text\">\n<h3>Das Schloss Miramare in Triest<\/h3>\n<p>Endlich erblickten wir dann das <strong>Schloss Miramare (Castello di Miramare)<\/strong> durch die B\u00e4ume und Str\u00e4ucher &#8211; was f\u00fcr ein Fotomotiv! So sch\u00f6n das Anwesen ist, so traurig gilt seine Geschichte. Das Schloss lie\u00df Erzherzog Ferdinand Maximilian von \u00d6sterreich zwischen 1856 und 1860 erbauen. Er wollte an diesem Ort in einer kleinen Bucht seinen Wohnsitz einrichten und mit seiner Frau Charlotte von Belgien leben. Nach vier gemeinsamen Jahre im Schloss Miramare reisten die beiden nach Mexiko, wo Maximilian zum Kaiser von Mexiko gekr\u00f6nt und nach seiner Absetzung 1867 hingerichtet wurde. Die zwischenzeitlich zur\u00fcckgekehrte und an Verwirrung leidende Kaiserin Charlotte musste Miramare auf Anweisungen ihres Bruders verlassen und kehrte nie wieder zur\u00fcck. Die Legende besagt, dass sie nach dem Tod ihres Mannes wahnsinnig wurde und laut nach ihm rufend durch den Park geistert.<br \/>\n<a href=\"https:\/\/www.google.de\/maps\/place\/45.7032730778557,13.712444318451189\" target=\"_blank\" rel=\"noopener\"><strong>Aufnahmeort anzeigen<\/strong><\/a><\/p>\n<\/figcaption><\/figure>\n<figure class=\"bigpicture\" style=\"width: 970px;\"><img loading=\"lazy\" decoding=\"async\" class=\"wp-image-22128 size-full\" src=\"https:\/\/coeser.de\/blog\/wp-content\/uploads\/2024\/03\/triest-schloss-miramare-wanderung-23-christian-oeser.jpg\" alt=\"Detailansicht des Schloss Miramare in Triest\" width=\"960\" height=\"640\" srcset=\"https:\/\/coeser.de\/blog\/wp-content\/uploads\/2024\/03\/triest-schloss-miramare-wanderung-23-christian-oeser.jpg 960w, https:\/\/coeser.de\/blog\/wp-content\/uploads\/2024\/03\/triest-schloss-miramare-wanderung-23-christian-oeser-768x512.jpg 768w, https:\/\/coeser.de\/blog\/wp-content\/uploads\/2024\/03\/triest-schloss-miramare-wanderung-23-christian-oeser-330x220.jpg 330w\" sizes=\"auto, (max-width: 960px) 100vw, 960px\" \/><figcaption class=\"bigpicture-text\">\n<h3>Detailansicht des Schloss Miramare<\/h3>\n<p>Die Fassade des Schlosses besteht aus wei\u00dfem Kalkstein und in der tiefstehenden Nachmittagssonne f\u00e4rbt sich alles in ein wunderbares, warm strahlendes Gelb. Der Architekt Carl Junker w\u00e4hlte den romantischen Historismus und kombinierte neugotische Stilelemente mit neu-mittelalterlichen Formen wie Rundb\u00f6gen. Ein Rundgang an der Au\u00dfenseite ist empfehlenswert und verspr\u00fcht ein besonderes Flair, w\u00e4hrend die Blicke st\u00e4ndig zwischen Meer und dem Schloss wandern.<br \/>\n<a href=\"https:\/\/www.google.de\/maps\/place\/45.70241225580931,13.71212930102923\" target=\"_blank\" rel=\"noopener\"><strong>Aufnahmeort anzeigen<\/strong><\/a><\/p>\n<\/figcaption><\/figure>\n<figure class=\"bigpicture\" style=\"width: 970px;\"><img loading=\"lazy\" decoding=\"async\" class=\"wp-image-22129 size-full\" src=\"https:\/\/coeser.de\/blog\/wp-content\/uploads\/2024\/03\/triest-schloss-miramare-wanderung-24-quallen-christian-oeser.jpg\" alt=\"Qualle vor dem Schloss Miramare in Triest\" width=\"960\" height=\"640\" srcset=\"https:\/\/coeser.de\/blog\/wp-content\/uploads\/2024\/03\/triest-schloss-miramare-wanderung-24-quallen-christian-oeser.jpg 960w, https:\/\/coeser.de\/blog\/wp-content\/uploads\/2024\/03\/triest-schloss-miramare-wanderung-24-quallen-christian-oeser-768x512.jpg 768w, https:\/\/coeser.de\/blog\/wp-content\/uploads\/2024\/03\/triest-schloss-miramare-wanderung-24-quallen-christian-oeser-330x220.jpg 330w\" sizes=\"auto, (max-width: 960px) 100vw, 960px\" \/><figcaption class=\"bigpicture-text\">\n<h3>Quallen vor dem Schloss Miramare<\/h3>\n<p>Apropos Blick auf das Meer: je nachdem, zu welcher Jahreszeit du vor Ort bist, wirst du mehr oder weniger Quallen im Wasser sehen. Wir bekamen Dutzende der sogenannten Rhizostoma-pulmo-Qualle zu Gesicht, unter Umst\u00e4nden k\u00f6nnen aber Schw\u00e4rme von Tausenden Quallen auftauchen. Die sich durch den Klimawandel ver\u00e4ndernden Meerestemperaturen k\u00f6nnten laut Forschern ein Grund f\u00fcr das verst\u00e4rkte Auftreten sein.<br \/>\n<a href=\"https:\/\/www.google.de\/maps\/place\/45.70241225580931,13.71212930102923\" target=\"_blank\" rel=\"noopener\"><strong>Aufnahmeort anzeigen<\/strong><\/a><\/p>\n<\/figcaption><\/figure>\n<figure class=\"bigpicture\" style=\"width: 970px;\"><img loading=\"lazy\" decoding=\"async\" class=\"wp-image-22130 size-full\" src=\"https:\/\/coeser.de\/blog\/wp-content\/uploads\/2024\/03\/triest-schloss-miramare-wanderung-25-innenansicht-christian-oeser.jpg\" alt=\"Prunkr\u00e4ume im Schloss Miramare in Triest\" width=\"960\" height=\"640\" srcset=\"https:\/\/coeser.de\/blog\/wp-content\/uploads\/2024\/03\/triest-schloss-miramare-wanderung-25-innenansicht-christian-oeser.jpg 960w, https:\/\/coeser.de\/blog\/wp-content\/uploads\/2024\/03\/triest-schloss-miramare-wanderung-25-innenansicht-christian-oeser-768x512.jpg 768w, https:\/\/coeser.de\/blog\/wp-content\/uploads\/2024\/03\/triest-schloss-miramare-wanderung-25-innenansicht-christian-oeser-330x220.jpg 330w\" sizes=\"auto, (max-width: 960px) 100vw, 960px\" \/><figcaption class=\"bigpicture-text\">\n<h3>Einblick in das Schloss Miramare<\/h3>\n<p>Meine Freundin und ich sahen das Schloss Miramare nur von au\u00dfen an, aber immerhin konnten wir durch ein gro\u00dfes Fenster einen kleinen Eindruck der Ausstattung im Geb\u00e4ude erhaschen. Zu besichtigen gibt es Wohn- und Schlafr\u00e4ume, S\u00e4le zu Repr\u00e4sentationszwecken und viele weitere Details aus der vergangenen Zeit. Falls du mehr vom Innenleben sehen m\u00f6chtest, findest du auf der <a href=\"https:\/\/miramare.cultura.gov.it\/de\/\" target=\"_blank\" rel=\"noopener\"><strong>offiziellen Webseite<\/strong><\/a> alle Informationen zu Tickets und \u00d6ffnungszeiten.<br \/>\n<a href=\"https:\/\/www.google.de\/maps\/place\/45.7024083135985,13.712339407687072\" target=\"_blank\" rel=\"noopener\"><strong>Aufnahmeort anzeigen<\/strong><\/a><\/p>\n<\/figcaption><\/figure>\n<figure class=\"bigpicture\" style=\"width: 970px;\"><img loading=\"lazy\" decoding=\"async\" class=\"wp-image-22131 size-full\" src=\"https:\/\/coeser.de\/blog\/wp-content\/uploads\/2024\/03\/triest-schloss-miramare-wanderung-26-christian-oeser.jpg\" alt=\"Au\u00dfenansicht des Schloss Miramare in Triest\" width=\"960\" height=\"640\" srcset=\"https:\/\/coeser.de\/blog\/wp-content\/uploads\/2024\/03\/triest-schloss-miramare-wanderung-26-christian-oeser.jpg 960w, https:\/\/coeser.de\/blog\/wp-content\/uploads\/2024\/03\/triest-schloss-miramare-wanderung-26-christian-oeser-768x512.jpg 768w, https:\/\/coeser.de\/blog\/wp-content\/uploads\/2024\/03\/triest-schloss-miramare-wanderung-26-christian-oeser-330x220.jpg 330w\" sizes=\"auto, (max-width: 960px) 100vw, 960px\" \/><figcaption class=\"bigpicture-text\">\n<h3>Au\u00dfenansicht des Schloss Miramare in Triest<\/h3>\n<p>Mit einem letzten Blick auf die stattliche Frontfassade verlie\u00dfen wir das Areal des Schloss Miramare am sp\u00e4ten Nachmittag wieder. Auch wenn wir das historische Anwesen nur von au\u00dfen besichtigten, waren meine Freundin und ich tief beeindruckt von der Baukunst und der Eleganz, welche das Schloss ausstrahlt.<br \/>\n<a href=\"https:\/\/www.google.de\/maps\/place\/45.70299714431295,13.712974870474193\" target=\"_blank\" rel=\"noopener\"><strong>Aufnahmeort anzeigen<\/strong><\/a><\/p>\n<\/figcaption><\/figure>\n<figure class=\"bigpicture\" style=\"width: 970px;\"><img loading=\"lazy\" decoding=\"async\" class=\"wp-image-22132 size-full\" src=\"https:\/\/coeser.de\/blog\/wp-content\/uploads\/2024\/03\/triest-schloss-miramare-wanderung-27-meer-strand-christian-oeser.jpg\" alt=\"K\u00fcstenabschnitt mit Strand und Meer vor dem Schloss Miramare in Triest\" width=\"960\" height=\"640\" srcset=\"https:\/\/coeser.de\/blog\/wp-content\/uploads\/2024\/03\/triest-schloss-miramare-wanderung-27-meer-strand-christian-oeser.jpg 960w, https:\/\/coeser.de\/blog\/wp-content\/uploads\/2024\/03\/triest-schloss-miramare-wanderung-27-meer-strand-christian-oeser-768x512.jpg 768w, https:\/\/coeser.de\/blog\/wp-content\/uploads\/2024\/03\/triest-schloss-miramare-wanderung-27-meer-strand-christian-oeser-330x220.jpg 330w\" sizes=\"auto, (max-width: 960px) 100vw, 960px\" \/><figcaption class=\"bigpicture-text\">\n<h3>K\u00fcstenabschnitt mit Strand und Meer<\/h3>\n<p>Der R\u00fcckweg zur wenige Minuten entfernten Busstation erfolgt zuerst \u00fcber eine sehr ansehnliche Baumallee, auf die ein kurzer Abschnitt direkt an der K\u00fcste folgt. Dort nahm ich dieses Bild auf, welches sofort unheimlich Lust auf ein Bad im kalten Meer macht. Leider ist das Schwimmen an dieser Stelle nicht erlaubt und der Zugang zum Wasser gesperrt. Als Fotomotiv macht sich die Szenerie dennoch sehr gut, was meinst du?<br \/>\n<a href=\"https:\/\/www.google.de\/maps\/place\/45.70207516305328,13.716264743794941\" target=\"_blank\" rel=\"noopener\"><strong>Aufnahmeort anzeigen<\/strong><\/a><\/p>\n<\/figcaption><\/figure>\n<figure class=\"bigpicture\" style=\"width: 970px;\"><img loading=\"lazy\" decoding=\"async\" class=\"wp-image-22133 size-full\" src=\"https:\/\/coeser.de\/blog\/wp-content\/uploads\/2024\/03\/triest-schloss-miramare-wanderung-28-busstation-christian-oeser.jpg\" alt=\"Busstation vor dem Schloss Miramare in Triest\" width=\"960\" height=\"640\" srcset=\"https:\/\/coeser.de\/blog\/wp-content\/uploads\/2024\/03\/triest-schloss-miramare-wanderung-28-busstation-christian-oeser.jpg 960w, https:\/\/coeser.de\/blog\/wp-content\/uploads\/2024\/03\/triest-schloss-miramare-wanderung-28-busstation-christian-oeser-768x512.jpg 768w, https:\/\/coeser.de\/blog\/wp-content\/uploads\/2024\/03\/triest-schloss-miramare-wanderung-28-busstation-christian-oeser-330x220.jpg 330w\" sizes=\"auto, (max-width: 960px) 100vw, 960px\" \/><figcaption class=\"bigpicture-text\">\n<h3>Die unattraktive Busstation vor dem Schloss Miramare<\/h3>\n<p>\u00dcber einige Stufen gelangten wir dann hinauf zur Busstation <em>Strada Costiera<\/em>, wo die Linie 6 zur\u00fcck nach Triest f\u00e4hrt. Die H\u00e4sslichkeit dieser Haltestelle lie\u00df uns sprachlos zur\u00fcck: kein Warteh\u00e4uschen, keine Sitzm\u00f6glichkeiten, kein Ticketautomat, nichts au\u00dfer einer einfachen Haltebucht an einer vielbefahrenen Stra\u00dfe. Das sollte der erste Eindruck f\u00fcr Touristen sein, wenn sie \u00f6ffentlich mit dem Bus anreisen? Abseits davon ein Tipp zu den Fahrscheinen: Im Bus selbst gibt es keinen Verkauf beim Fahrer, deshalb installierten wir rasch die am Anfang des Artikels erw\u00e4hnte <strong>App TPL FVG<\/strong>. Nach dem Kauf des Fahrscheins muss dieser an einem in der Mitte des Busses angebrachten QR-Code gescannt und validiert werden. Alternativ kannst du mittlerweile aber auch einfach deine Kreditkarte an das Leseger\u00e4t im Bus halten, um einen Einzelfahrschein zu kaufen.<br \/>\n<a href=\"https:\/\/www.google.de\/maps\/place\/45.70168875111324,13.72083873340163\" target=\"_blank\" rel=\"noopener\"><strong>Aufnahmeort anzeigen<\/strong><\/a><\/p>\n<\/figcaption><\/figure>\n<figure class=\"bigpicture\" style=\"width: 970px;\"><img loading=\"lazy\" decoding=\"async\" class=\"wp-image-22134 size-full\" src=\"https:\/\/coeser.de\/blog\/wp-content\/uploads\/2024\/03\/triest-schloss-miramare-wanderung-29-barcolo-christian-oeser.jpg\" alt=\"Triester Vorort Barcola und Siegesleuchtturm Faro della Vittoria\" width=\"960\" height=\"640\" srcset=\"https:\/\/coeser.de\/blog\/wp-content\/uploads\/2024\/03\/triest-schloss-miramare-wanderung-29-barcolo-christian-oeser.jpg 960w, https:\/\/coeser.de\/blog\/wp-content\/uploads\/2024\/03\/triest-schloss-miramare-wanderung-29-barcolo-christian-oeser-768x512.jpg 768w, https:\/\/coeser.de\/blog\/wp-content\/uploads\/2024\/03\/triest-schloss-miramare-wanderung-29-barcolo-christian-oeser-330x220.jpg 330w\" sizes=\"auto, (max-width: 960px) 100vw, 960px\" \/><figcaption class=\"bigpicture-text\">\n<h3>La dolce vita im Vorort Barcola<\/h3>\n<p>Die Buslinie 6 kommt w\u00e4hrend der Fahrt nach Triest im <strong>Vorort Barcola<\/strong> vorbei, wo wir unbedingt noch einen Aperitivo an der Promenade einnehmen wollten. Einige Stunden zuvor blickten wir aus 250 H\u00f6henmetern noch auf diesen Ort herab und kurz vor Sonnenuntergang sa\u00dfen wir schlie\u00dflich mit zwei Gl\u00e4sern Wei\u00dfwein direkt am Wasser &#8211; so wie viele Einheimische auch. Getr\u00e4nke und kleine Snacks werden alle paar Meter an Kiosken angeboten und es lohnt sich wirklich, hier einige Zeit zu verbringen und das gesellige Treiben zu beobachten.<br \/>\n<a href=\"https:\/\/www.google.de\/maps\/place\/45.684321645508355,13.748797615168565\" target=\"_blank\" rel=\"noopener\"><strong>Aufnahmeort anzeigen<\/strong><\/a><\/p>\n<\/figcaption><\/figure>\n<figure class=\"bigpicture\" style=\"width: 970px;\"><img loading=\"lazy\" decoding=\"async\" class=\"wp-image-22135 size-full\" src=\"https:\/\/coeser.de\/blog\/wp-content\/uploads\/2024\/03\/triest-schloss-miramare-wanderung-30-spaghetti-christian-oeser.jpg\" alt=\"Spaghetti allo scoglio in einem Restaurant im Triester Vorort Barcola\" width=\"960\" height=\"640\" srcset=\"https:\/\/coeser.de\/blog\/wp-content\/uploads\/2024\/03\/triest-schloss-miramare-wanderung-30-spaghetti-christian-oeser.jpg 960w, https:\/\/coeser.de\/blog\/wp-content\/uploads\/2024\/03\/triest-schloss-miramare-wanderung-30-spaghetti-christian-oeser-768x512.jpg 768w, https:\/\/coeser.de\/blog\/wp-content\/uploads\/2024\/03\/triest-schloss-miramare-wanderung-30-spaghetti-christian-oeser-330x220.jpg 330w\" sizes=\"auto, (max-width: 960px) 100vw, 960px\" \/><figcaption class=\"bigpicture-text\">\n<h3>Genussvoller Ausklang in Barcola<\/h3>\n<p>Im Viertel Barcolo findest du nat\u00fcrlich eine Vielzahl an Restaurants, wo du frische Fischgerichte probieren kannst. Mit gro\u00dfem Hunger nach einem aufregenden und ereignisreichen Tag bestellten wir Calamari fritti, einen Oktopussalat und Spaghetti allo scoglio im Ristorante Grifone. Dazu ein wunderbar schmeckender Hauswein &#8211; was will man mehr? Die Weiterfahrt ins Hotel erfolgte dann erneut mit der Buslinie 6, die uns schnell zum Ausgangspunkt am <em>Piazza Oberdan<\/em> in Triest zur\u00fcckbrachte.<br \/>\n<a href=\"https:\/\/www.google.de\/maps\/place\/45.68286080625393,13.75180190823051\" target=\"_blank\" rel=\"noopener\"><strong>Aufnahmeort anzeigen<\/strong><\/a><\/p>\n<\/figcaption><\/figure>\n<hr \/>\n<div class=\"fazit\">\n<h2>FAZIT<\/h2>\n<p>Ein Besuch des Schloss Miramare sollte w\u00e4hrend deiner St\u00e4dtereise nach Triest auf keinen Fall fehlen. Wenn du dir gleich einen ganzen Tag Zeit nimmst, kannst du dir mit einer Wanderung zu dieser Hauptsehensw\u00fcrdigkeit ein Erlebnis der Superlative erm\u00f6glichen! Der Bus oder die Stra\u00dfenbahn bringen dich zum Startpunkt in 250 Meter Seeh\u00f6he, wo du entlang des einfachen Wanderwegs auf der historischen Strada Napoleonica unglaubliche Ausblicke auf das Meer und Triest genie\u00dft. Die Wallfahrtskirche Monte Grisa und das Dorf Prosecco z\u00e4hlen zu den Highlights auf der Tour, ehe deine Wanderung beim sagenumwobenen Schloss Miramare ihren H\u00f6hepunkt findet. Wundervoll in der Abendsonne abrunden l\u00e4sst sich der Tagestrip im Triester Stadtviertel Barcola. Schreib mir gerne einen Kommentar, ob du jetzt Lust auf diese traumhafte Wanderung zum Schloss Miramare hast!<\/p>\n<\/div>\n<p>&nbsp;<\/p>\n<div style=\"display: none;\">\n<p><img loading=\"lazy\" decoding=\"async\" class=\"alignnone size-full wp-image-22136\" src=\"https:\/\/coeser.de\/blog\/wp-content\/uploads\/2024\/03\/triest-schloss-miramare-wanderung-p01-christian-oeser.jpg\" alt=\"Triest: Wanderung zum Schloss Miramare. Reisebericht mit Erfahrungen zu Sehensw\u00fcrdigkeiten, den besten Fotospots sowie allgemeinen Tipps.\" width=\"735\" height=\"1102\" \/><\/p>\n<p><img loading=\"lazy\" decoding=\"async\" class=\"alignnone size-full wp-image-22137\" src=\"https:\/\/coeser.de\/blog\/wp-content\/uploads\/2024\/03\/triest-schloss-miramare-wanderung-p02-christian-oeser.jpg\" alt=\"Triest: Wanderung zum Schloss Miramare. Reisebericht mit Erfahrungen zu Sehensw\u00fcrdigkeiten, den besten Fotospots sowie allgemeinen Tipps.\" width=\"735\" height=\"1102\" \/><\/p>\n<\/div>\n","protected":false},"excerpt":{"rendered":"<p>Triest ist aufgrund der Einfl\u00fcsse aus der Habsburgerzeit eine \u00e4u\u00dferst sehenswerte Destination und verspr\u00fcht ein unglaubliches Lebensgef\u00fchl. Wenn du in der italienischen Hafenstadt zu Besuch bist, darf ein Ausflug in das ber\u00fchmte, nahegelegene Schloss Miramare keinesfalls fehlen. F\u00fcr den Weg dorthin empfehle ich dir eine Wanderung, die du nicht vergessen wirst! Du gehst auf Napoleons [&hellip;]<\/p>\n","protected":false},"author":1,"featured_media":22102,"comment_status":"open","ping_status":"closed","sticky":false,"template":"","format":"standard","meta":{"_jetpack_memberships_contains_paid_content":false,"footnotes":""},"categories":[101],"tags":[25,11,12,41,68,485,10,484],"class_list":["post-22097","post","type-post","status-publish","format-standard","has-post-thumbnail","hentry","category-italien","tag-ausflug","tag-fotospots","tag-fototipps","tag-reisebericht","tag-reisefuehrer","tag-schloss-miramare","tag-staedtereise","tag-triest"],"yoast_head":"<!-- This site is optimized with the Yoast SEO plugin v27.5 - https:\/\/yoast.com\/product\/yoast-seo-wordpress\/ -->\n<title>Triest: Wanderung zum Schloss Miramare<\/title>\n<meta name=\"description\" content=\"Wanderung zum Schloss Miramare in Triest: Reisebericht mit Erfahrungen zu Sehensw\u00fcrdigkeiten, den besten Fotospots sowie allgemeinen Tipps.\" \/>\n<meta name=\"robots\" content=\"index, follow, max-snippet:-1, max-image-preview:large, max-video-preview:-1\" \/>\n<link rel=\"canonical\" href=\"https:\/\/coeser.de\/blog\/index.php\/2024\/04\/04\/triest-wanderung-schloss-miramare\/\" \/>\n<meta property=\"og:locale\" content=\"de_DE\" \/>\n<meta property=\"og:type\" content=\"article\" \/>\n<meta property=\"og:title\" content=\"Triest: Wanderung zum Schloss Miramare\" \/>\n<meta property=\"og:description\" content=\"Wanderung zum Schloss Miramare in Triest: Reisebericht mit Erfahrungen zu Sehensw\u00fcrdigkeiten, den besten Fotospots sowie allgemeinen Tipps.\" \/>\n<meta property=\"og:url\" content=\"https:\/\/coeser.de\/blog\/index.php\/2024\/04\/04\/triest-wanderung-schloss-miramare\/\" \/>\n<meta property=\"og:site_name\" content=\"fern &amp; nah - Reiseblog und Fotostories von Christian \u00d6ser\" \/>\n<meta property=\"article:publisher\" content=\"Christian \u00d6ser\" \/>\n<meta property=\"article:author\" content=\"Christian \u00d6ser\" \/>\n<meta property=\"article:published_time\" content=\"2024-04-04T09:01:52+00:00\" \/>\n<meta property=\"article:modified_time\" content=\"2025-10-01T15:31:42+00:00\" \/>\n<meta property=\"og:image\" content=\"https:\/\/coeser.de\/blog\/wp-content\/uploads\/2024\/03\/triest-schloss-miramare-aufmacher-christian-oeser.jpg\" \/>\n\t<meta property=\"og:image:width\" content=\"978\" \/>\n\t<meta property=\"og:image:height\" content=\"550\" \/>\n\t<meta property=\"og:image:type\" content=\"image\/jpeg\" \/>\n<meta name=\"author\" content=\"Christian \u00d6ser\" \/>\n<meta name=\"twitter:card\" content=\"summary_large_image\" \/>\n<meta name=\"twitter:label1\" content=\"Verfasst von\" \/>\n\t<meta name=\"twitter:data1\" content=\"Christian \u00d6ser\" \/>\n\t<meta name=\"twitter:label2\" content=\"Gesch\u00e4tzte Lesezeit\" \/>\n\t<meta name=\"twitter:data2\" content=\"30\u00a0Minuten\" \/>\n<script type=\"application\/ld+json\" class=\"yoast-schema-graph\">{\"@context\":\"https:\\\/\\\/schema.org\",\"@graph\":[{\"@type\":\"Article\",\"@id\":\"https:\\\/\\\/coeser.de\\\/blog\\\/index.php\\\/2024\\\/04\\\/04\\\/triest-wanderung-schloss-miramare\\\/#article\",\"isPartOf\":{\"@id\":\"https:\\\/\\\/coeser.de\\\/blog\\\/index.php\\\/2024\\\/04\\\/04\\\/triest-wanderung-schloss-miramare\\\/\"},\"author\":{\"name\":\"Christian \u00d6ser\",\"@id\":\"https:\\\/\\\/coeser.de\\\/blog\\\/#\\\/schema\\\/person\\\/fda1d253389076b2cadc3d47018cf315\"},\"headline\":\"Triest: Wanderung zum Schloss Miramare\",\"datePublished\":\"2024-04-04T09:01:52+00:00\",\"dateModified\":\"2025-10-01T15:31:42+00:00\",\"mainEntityOfPage\":{\"@id\":\"https:\\\/\\\/coeser.de\\\/blog\\\/index.php\\\/2024\\\/04\\\/04\\\/triest-wanderung-schloss-miramare\\\/\"},\"wordCount\":4097,\"commentCount\":10,\"publisher\":{\"@id\":\"https:\\\/\\\/coeser.de\\\/blog\\\/#\\\/schema\\\/person\\\/fda1d253389076b2cadc3d47018cf315\"},\"image\":{\"@id\":\"https:\\\/\\\/coeser.de\\\/blog\\\/index.php\\\/2024\\\/04\\\/04\\\/triest-wanderung-schloss-miramare\\\/#primaryimage\"},\"thumbnailUrl\":\"https:\\\/\\\/coeser.de\\\/blog\\\/wp-content\\\/uploads\\\/2024\\\/03\\\/triest-schloss-miramare-aufmacher-christian-oeser.jpg\",\"keywords\":[\"Ausflug\",\"Fotospots\",\"Fototipps\",\"Reisebericht\",\"Reisef\u00fchrer\",\"Schloss Miramare\",\"St\u00e4dtereise\",\"Triest\"],\"articleSection\":[\"ITALIEN\"],\"inLanguage\":\"de\",\"potentialAction\":[{\"@type\":\"CommentAction\",\"name\":\"Comment\",\"target\":[\"https:\\\/\\\/coeser.de\\\/blog\\\/index.php\\\/2024\\\/04\\\/04\\\/triest-wanderung-schloss-miramare\\\/#respond\"]}]},{\"@type\":\"WebPage\",\"@id\":\"https:\\\/\\\/coeser.de\\\/blog\\\/index.php\\\/2024\\\/04\\\/04\\\/triest-wanderung-schloss-miramare\\\/\",\"url\":\"https:\\\/\\\/coeser.de\\\/blog\\\/index.php\\\/2024\\\/04\\\/04\\\/triest-wanderung-schloss-miramare\\\/\",\"name\":\"Triest: Wanderung zum Schloss Miramare\",\"isPartOf\":{\"@id\":\"https:\\\/\\\/coeser.de\\\/blog\\\/#website\"},\"primaryImageOfPage\":{\"@id\":\"https:\\\/\\\/coeser.de\\\/blog\\\/index.php\\\/2024\\\/04\\\/04\\\/triest-wanderung-schloss-miramare\\\/#primaryimage\"},\"image\":{\"@id\":\"https:\\\/\\\/coeser.de\\\/blog\\\/index.php\\\/2024\\\/04\\\/04\\\/triest-wanderung-schloss-miramare\\\/#primaryimage\"},\"thumbnailUrl\":\"https:\\\/\\\/coeser.de\\\/blog\\\/wp-content\\\/uploads\\\/2024\\\/03\\\/triest-schloss-miramare-aufmacher-christian-oeser.jpg\",\"datePublished\":\"2024-04-04T09:01:52+00:00\",\"dateModified\":\"2025-10-01T15:31:42+00:00\",\"description\":\"Wanderung zum Schloss Miramare in Triest: Reisebericht mit Erfahrungen zu Sehensw\u00fcrdigkeiten, den besten Fotospots sowie allgemeinen Tipps.\",\"breadcrumb\":{\"@id\":\"https:\\\/\\\/coeser.de\\\/blog\\\/index.php\\\/2024\\\/04\\\/04\\\/triest-wanderung-schloss-miramare\\\/#breadcrumb\"},\"inLanguage\":\"de\",\"potentialAction\":[{\"@type\":\"ReadAction\",\"target\":[\"https:\\\/\\\/coeser.de\\\/blog\\\/index.php\\\/2024\\\/04\\\/04\\\/triest-wanderung-schloss-miramare\\\/\"]}]},{\"@type\":\"ImageObject\",\"inLanguage\":\"de\",\"@id\":\"https:\\\/\\\/coeser.de\\\/blog\\\/index.php\\\/2024\\\/04\\\/04\\\/triest-wanderung-schloss-miramare\\\/#primaryimage\",\"url\":\"https:\\\/\\\/coeser.de\\\/blog\\\/wp-content\\\/uploads\\\/2024\\\/03\\\/triest-schloss-miramare-aufmacher-christian-oeser.jpg\",\"contentUrl\":\"https:\\\/\\\/coeser.de\\\/blog\\\/wp-content\\\/uploads\\\/2024\\\/03\\\/triest-schloss-miramare-aufmacher-christian-oeser.jpg\",\"width\":978,\"height\":550,\"caption\":\"Schloss Miramare in Triest\"},{\"@type\":\"BreadcrumbList\",\"@id\":\"https:\\\/\\\/coeser.de\\\/blog\\\/index.php\\\/2024\\\/04\\\/04\\\/triest-wanderung-schloss-miramare\\\/#breadcrumb\",\"itemListElement\":[{\"@type\":\"ListItem\",\"position\":1,\"name\":\"Startseite\",\"item\":\"https:\\\/\\\/coeser.de\\\/blog\\\/\"},{\"@type\":\"ListItem\",\"position\":2,\"name\":\"Triest: Wanderung zum Schloss Miramare\"}]},{\"@type\":\"WebSite\",\"@id\":\"https:\\\/\\\/coeser.de\\\/blog\\\/#website\",\"url\":\"https:\\\/\\\/coeser.de\\\/blog\\\/\",\"name\":\"fern &amp; nah - Reiseblog und Fotostories von Christian \u00d6ser\",\"description\":\"Reiseblog und Fotostories von Christian \u00d6ser\",\"publisher\":{\"@id\":\"https:\\\/\\\/coeser.de\\\/blog\\\/#\\\/schema\\\/person\\\/fda1d253389076b2cadc3d47018cf315\"},\"potentialAction\":[{\"@type\":\"SearchAction\",\"target\":{\"@type\":\"EntryPoint\",\"urlTemplate\":\"https:\\\/\\\/coeser.de\\\/blog\\\/?s={search_term_string}\"},\"query-input\":{\"@type\":\"PropertyValueSpecification\",\"valueRequired\":true,\"valueName\":\"search_term_string\"}}],\"inLanguage\":\"de\"},{\"@type\":[\"Person\",\"Organization\"],\"@id\":\"https:\\\/\\\/coeser.de\\\/blog\\\/#\\\/schema\\\/person\\\/fda1d253389076b2cadc3d47018cf315\",\"name\":\"Christian \u00d6ser\",\"image\":{\"@type\":\"ImageObject\",\"inLanguage\":\"de\",\"@id\":\"https:\\\/\\\/coeser.de\\\/blog\\\/wp-content\\\/uploads\\\/2016\\\/08\\\/logo-fern-und-nah-christian-oeser-4.jpg\",\"url\":\"https:\\\/\\\/coeser.de\\\/blog\\\/wp-content\\\/uploads\\\/2016\\\/08\\\/logo-fern-und-nah-christian-oeser-4.jpg\",\"contentUrl\":\"https:\\\/\\\/coeser.de\\\/blog\\\/wp-content\\\/uploads\\\/2016\\\/08\\\/logo-fern-und-nah-christian-oeser-4.jpg\",\"width\":1090,\"height\":245,\"caption\":\"Christian \u00d6ser\"},\"logo\":{\"@id\":\"https:\\\/\\\/coeser.de\\\/blog\\\/wp-content\\\/uploads\\\/2016\\\/08\\\/logo-fern-und-nah-christian-oeser-4.jpg\"},\"sameAs\":[\"http:\\\/\\\/www.coeser.de\",\"Christian \u00d6ser\",\"https:\\\/\\\/www.instagram.com\\\/coeser_de\\\/\",\"https:\\\/\\\/www.pinterest.at\\\/nightline5\\\/\"],\"url\":\"https:\\\/\\\/coeser.de\\\/blog\\\/index.php\\\/author\\\/coeser\\\/\"}]}<\/script>\n<!-- \/ Yoast SEO plugin. -->","yoast_head_json":{"title":"Triest: Wanderung zum Schloss Miramare","description":"Wanderung zum Schloss Miramare in Triest: Reisebericht mit Erfahrungen zu Sehensw\u00fcrdigkeiten, den besten Fotospots sowie allgemeinen Tipps.","robots":{"index":"index","follow":"follow","max-snippet":"max-snippet:-1","max-image-preview":"max-image-preview:large","max-video-preview":"max-video-preview:-1"},"canonical":"https:\/\/coeser.de\/blog\/index.php\/2024\/04\/04\/triest-wanderung-schloss-miramare\/","og_locale":"de_DE","og_type":"article","og_title":"Triest: Wanderung zum Schloss Miramare","og_description":"Wanderung zum Schloss Miramare in Triest: Reisebericht mit Erfahrungen zu Sehensw\u00fcrdigkeiten, den besten Fotospots sowie allgemeinen Tipps.","og_url":"https:\/\/coeser.de\/blog\/index.php\/2024\/04\/04\/triest-wanderung-schloss-miramare\/","og_site_name":"fern &amp; nah - Reiseblog und Fotostories von Christian \u00d6ser","article_publisher":"Christian \u00d6ser","article_author":"Christian \u00d6ser","article_published_time":"2024-04-04T09:01:52+00:00","article_modified_time":"2025-10-01T15:31:42+00:00","og_image":[{"width":978,"height":550,"url":"https:\/\/coeser.de\/blog\/wp-content\/uploads\/2024\/03\/triest-schloss-miramare-aufmacher-christian-oeser.jpg","type":"image\/jpeg"}],"author":"Christian \u00d6ser","twitter_card":"summary_large_image","twitter_misc":{"Verfasst von":"Christian \u00d6ser","Gesch\u00e4tzte Lesezeit":"30\u00a0Minuten"},"schema":{"@context":"https:\/\/schema.org","@graph":[{"@type":"Article","@id":"https:\/\/coeser.de\/blog\/index.php\/2024\/04\/04\/triest-wanderung-schloss-miramare\/#article","isPartOf":{"@id":"https:\/\/coeser.de\/blog\/index.php\/2024\/04\/04\/triest-wanderung-schloss-miramare\/"},"author":{"name":"Christian \u00d6ser","@id":"https:\/\/coeser.de\/blog\/#\/schema\/person\/fda1d253389076b2cadc3d47018cf315"},"headline":"Triest: Wanderung zum Schloss Miramare","datePublished":"2024-04-04T09:01:52+00:00","dateModified":"2025-10-01T15:31:42+00:00","mainEntityOfPage":{"@id":"https:\/\/coeser.de\/blog\/index.php\/2024\/04\/04\/triest-wanderung-schloss-miramare\/"},"wordCount":4097,"commentCount":10,"publisher":{"@id":"https:\/\/coeser.de\/blog\/#\/schema\/person\/fda1d253389076b2cadc3d47018cf315"},"image":{"@id":"https:\/\/coeser.de\/blog\/index.php\/2024\/04\/04\/triest-wanderung-schloss-miramare\/#primaryimage"},"thumbnailUrl":"https:\/\/coeser.de\/blog\/wp-content\/uploads\/2024\/03\/triest-schloss-miramare-aufmacher-christian-oeser.jpg","keywords":["Ausflug","Fotospots","Fototipps","Reisebericht","Reisef\u00fchrer","Schloss Miramare","St\u00e4dtereise","Triest"],"articleSection":["ITALIEN"],"inLanguage":"de","potentialAction":[{"@type":"CommentAction","name":"Comment","target":["https:\/\/coeser.de\/blog\/index.php\/2024\/04\/04\/triest-wanderung-schloss-miramare\/#respond"]}]},{"@type":"WebPage","@id":"https:\/\/coeser.de\/blog\/index.php\/2024\/04\/04\/triest-wanderung-schloss-miramare\/","url":"https:\/\/coeser.de\/blog\/index.php\/2024\/04\/04\/triest-wanderung-schloss-miramare\/","name":"Triest: Wanderung zum Schloss Miramare","isPartOf":{"@id":"https:\/\/coeser.de\/blog\/#website"},"primaryImageOfPage":{"@id":"https:\/\/coeser.de\/blog\/index.php\/2024\/04\/04\/triest-wanderung-schloss-miramare\/#primaryimage"},"image":{"@id":"https:\/\/coeser.de\/blog\/index.php\/2024\/04\/04\/triest-wanderung-schloss-miramare\/#primaryimage"},"thumbnailUrl":"https:\/\/coeser.de\/blog\/wp-content\/uploads\/2024\/03\/triest-schloss-miramare-aufmacher-christian-oeser.jpg","datePublished":"2024-04-04T09:01:52+00:00","dateModified":"2025-10-01T15:31:42+00:00","description":"Wanderung zum Schloss Miramare in Triest: Reisebericht mit Erfahrungen zu Sehensw\u00fcrdigkeiten, den besten Fotospots sowie allgemeinen Tipps.","breadcrumb":{"@id":"https:\/\/coeser.de\/blog\/index.php\/2024\/04\/04\/triest-wanderung-schloss-miramare\/#breadcrumb"},"inLanguage":"de","potentialAction":[{"@type":"ReadAction","target":["https:\/\/coeser.de\/blog\/index.php\/2024\/04\/04\/triest-wanderung-schloss-miramare\/"]}]},{"@type":"ImageObject","inLanguage":"de","@id":"https:\/\/coeser.de\/blog\/index.php\/2024\/04\/04\/triest-wanderung-schloss-miramare\/#primaryimage","url":"https:\/\/coeser.de\/blog\/wp-content\/uploads\/2024\/03\/triest-schloss-miramare-aufmacher-christian-oeser.jpg","contentUrl":"https:\/\/coeser.de\/blog\/wp-content\/uploads\/2024\/03\/triest-schloss-miramare-aufmacher-christian-oeser.jpg","width":978,"height":550,"caption":"Schloss Miramare in Triest"},{"@type":"BreadcrumbList","@id":"https:\/\/coeser.de\/blog\/index.php\/2024\/04\/04\/triest-wanderung-schloss-miramare\/#breadcrumb","itemListElement":[{"@type":"ListItem","position":1,"name":"Startseite","item":"https:\/\/coeser.de\/blog\/"},{"@type":"ListItem","position":2,"name":"Triest: Wanderung zum Schloss Miramare"}]},{"@type":"WebSite","@id":"https:\/\/coeser.de\/blog\/#website","url":"https:\/\/coeser.de\/blog\/","name":"fern &amp; nah - Reiseblog und Fotostories von Christian \u00d6ser","description":"Reiseblog und Fotostories von Christian \u00d6ser","publisher":{"@id":"https:\/\/coeser.de\/blog\/#\/schema\/person\/fda1d253389076b2cadc3d47018cf315"},"potentialAction":[{"@type":"SearchAction","target":{"@type":"EntryPoint","urlTemplate":"https:\/\/coeser.de\/blog\/?s={search_term_string}"},"query-input":{"@type":"PropertyValueSpecification","valueRequired":true,"valueName":"search_term_string"}}],"inLanguage":"de"},{"@type":["Person","Organization"],"@id":"https:\/\/coeser.de\/blog\/#\/schema\/person\/fda1d253389076b2cadc3d47018cf315","name":"Christian \u00d6ser","image":{"@type":"ImageObject","inLanguage":"de","@id":"https:\/\/coeser.de\/blog\/wp-content\/uploads\/2016\/08\/logo-fern-und-nah-christian-oeser-4.jpg","url":"https:\/\/coeser.de\/blog\/wp-content\/uploads\/2016\/08\/logo-fern-und-nah-christian-oeser-4.jpg","contentUrl":"https:\/\/coeser.de\/blog\/wp-content\/uploads\/2016\/08\/logo-fern-und-nah-christian-oeser-4.jpg","width":1090,"height":245,"caption":"Christian \u00d6ser"},"logo":{"@id":"https:\/\/coeser.de\/blog\/wp-content\/uploads\/2016\/08\/logo-fern-und-nah-christian-oeser-4.jpg"},"sameAs":["http:\/\/www.coeser.de","Christian \u00d6ser","https:\/\/www.instagram.com\/coeser_de\/","https:\/\/www.pinterest.at\/nightline5\/"],"url":"https:\/\/coeser.de\/blog\/index.php\/author\/coeser\/"}]}},"jetpack_featured_media_url":"https:\/\/coeser.de\/blog\/wp-content\/uploads\/2024\/03\/triest-schloss-miramare-aufmacher-christian-oeser.jpg","jetpack-related-posts":[{"id":21905,"url":"https:\/\/coeser.de\/blog\/index.php\/2024\/02\/29\/triest-hafenstadt-mit-flair\/","url_meta":{"origin":22097,"position":0},"title":"Triest: Die Hafenstadt mit Flair","author":"Christian \u00d6ser","date":"29. Februar 2024","format":false,"excerpt":"Liebst du die italienische Leichtigkeit? Bist du ein Coffee-Junkie? Sitzt du gerne zwischen imperialer Architektur in der Sonne und genie\u00dft dabei ein Gl\u00e4schen Prosecco direkt aus dem Holzfass? Wenn du nur eine der drei Fragen mit Ja beantworten kannst, ist Triest das perfekte n\u00e4chste Reiseziel f\u00fcr dich! Die Hafenstadt besteht\u2026","rel":"","context":"In &quot;ITALIEN&quot;","block_context":{"text":"ITALIEN","link":"https:\/\/coeser.de\/blog\/index.php\/category\/europa\/italien\/"},"img":{"alt_text":"Beleuchtetes Rathaus auf dem Piazza Unit\u00e0 d'Italia in Triest","src":"https:\/\/i0.wp.com\/coeser.de\/blog\/wp-content\/uploads\/2024\/02\/triest-aufmacher-piazza-unita-italia-abend-christian-oeser.jpg?resize=350%2C200&ssl=1","width":350,"height":200,"srcset":"https:\/\/i0.wp.com\/coeser.de\/blog\/wp-content\/uploads\/2024\/02\/triest-aufmacher-piazza-unita-italia-abend-christian-oeser.jpg?resize=350%2C200&ssl=1 1x, https:\/\/i0.wp.com\/coeser.de\/blog\/wp-content\/uploads\/2024\/02\/triest-aufmacher-piazza-unita-italia-abend-christian-oeser.jpg?resize=525%2C300&ssl=1 1.5x, https:\/\/i0.wp.com\/coeser.de\/blog\/wp-content\/uploads\/2024\/02\/triest-aufmacher-piazza-unita-italia-abend-christian-oeser.jpg?resize=700%2C400&ssl=1 2x"},"classes":[]},{"id":22980,"url":"https:\/\/coeser.de\/blog\/index.php\/2024\/09\/09\/triest-6-schoenste-kaffeehaeuser\/","url_meta":{"origin":22097,"position":1},"title":"Triest: Die 6 sch\u00f6nsten Kaffeeh\u00e4user","author":"Christian \u00d6ser","date":"9. September 2024","format":false,"excerpt":"Ist f\u00fcr dich Kaffee ein Lebenselixier und unbedingt notwendig, um genussvoll in den Tag zu starten? Dann ist Triest das absolute Paradies f\u00fcr dich! In der Stadt an der Adria wird die gr\u00fcne Bohne seit langer Zeit zelebriert und spiegelt sich in den grandiosen, historischen Kaffeeh\u00e4usern wider. Ich habe mir\u2026","rel":"","context":"In &quot;ITALIEN&quot;","block_context":{"text":"ITALIEN","link":"https:\/\/coeser.de\/blog\/index.php\/category\/europa\/italien\/"},"img":{"alt_text":"Innenansicht des Antico Caff\u00e8 Torinese in Triest","src":"https:\/\/i0.wp.com\/coeser.de\/blog\/wp-content\/uploads\/2024\/09\/triest-kaffeehaeuser-aufmacher-antico-caffe-torinese-christian-oeser.jpg?resize=350%2C200&ssl=1","width":350,"height":200,"srcset":"https:\/\/i0.wp.com\/coeser.de\/blog\/wp-content\/uploads\/2024\/09\/triest-kaffeehaeuser-aufmacher-antico-caffe-torinese-christian-oeser.jpg?resize=350%2C200&ssl=1 1x, https:\/\/i0.wp.com\/coeser.de\/blog\/wp-content\/uploads\/2024\/09\/triest-kaffeehaeuser-aufmacher-antico-caffe-torinese-christian-oeser.jpg?resize=525%2C300&ssl=1 1.5x, https:\/\/i0.wp.com\/coeser.de\/blog\/wp-content\/uploads\/2024\/09\/triest-kaffeehaeuser-aufmacher-antico-caffe-torinese-christian-oeser.jpg?resize=700%2C400&ssl=1 2x"},"classes":[]},{"id":5700,"url":"https:\/\/coeser.de\/blog\/index.php\/2018\/01\/02\/das-war-mein-reisejahr-2017\/","url_meta":{"origin":22097,"position":2},"title":"Das war mein Reisejahr 2017","author":"Christian \u00d6ser","date":"2. Januar 2018","format":false,"excerpt":"Wieder einmal ist ein Jahr in gef\u00fchlter Windeseile vor\u00fcbergezogen, was nicht zuletzt an den zahlreichen Orten liegt, die ich mir angesehen und erkundet habe. In diesem Blogbeitrag blicke ich nochmals auf 2017 zur\u00fcck und gehe kurz alle Destinationen durch, wo ich zumindest eine Nacht verbracht habe oder die etwas weiter\u2026","rel":"","context":"In &quot;EUROPA&quot;","block_context":{"text":"EUROPA","link":"https:\/\/coeser.de\/blog\/index.php\/category\/europa\/"},"img":{"alt_text":"Reiseempfehlungen und Reiseinspirationen 2017","src":"https:\/\/i0.wp.com\/coeser.de\/blog\/wp-content\/uploads\/2017\/12\/reisejahr-2017-inspiration-aufmacher-christian-oeser.jpg?resize=350%2C200&ssl=1","width":350,"height":200,"srcset":"https:\/\/i0.wp.com\/coeser.de\/blog\/wp-content\/uploads\/2017\/12\/reisejahr-2017-inspiration-aufmacher-christian-oeser.jpg?resize=350%2C200&ssl=1 1x, https:\/\/i0.wp.com\/coeser.de\/blog\/wp-content\/uploads\/2017\/12\/reisejahr-2017-inspiration-aufmacher-christian-oeser.jpg?resize=525%2C300&ssl=1 1.5x, https:\/\/i0.wp.com\/coeser.de\/blog\/wp-content\/uploads\/2017\/12\/reisejahr-2017-inspiration-aufmacher-christian-oeser.jpg?resize=700%2C400&ssl=1 2x"},"classes":[]},{"id":13892,"url":"https:\/\/coeser.de\/blog\/index.php\/2019\/12\/31\/europa-26-grandiose-reiseideen-fuer-2020\/","url_meta":{"origin":22097,"position":3},"title":"Europa: 26 grandiose Reiseideen f\u00fcr 2020","author":"Christian \u00d6ser","date":"31. Dezember 2019","format":false,"excerpt":"Alle Jahre wieder neigt sich das aktuelle Jahr zu Ende. Doch jedes Ende ist auch ein Anfang \u2013 und zwar f\u00fcr den Start der zuk\u00fcnftigen Reiseplanungen! Wie sieht es bei euch aus, habt ihr schon jede Menge Reiseziele im Kopf, die ihr unbedingt bald einmal mit eigenen Augen sehen wollt?\u2026","rel":"","context":"In &quot;EUROPA&quot;","block_context":{"text":"EUROPA","link":"https:\/\/coeser.de\/blog\/index.php\/category\/europa\/"},"img":{"alt_text":"","src":"https:\/\/i0.wp.com\/coeser.de\/blog\/wp-content\/uploads\/2019\/12\/reisetipps-reiseinspiration-fotospots-2020-aufmacher-christian-oeser.jpg?resize=350%2C200&ssl=1","width":350,"height":200,"srcset":"https:\/\/i0.wp.com\/coeser.de\/blog\/wp-content\/uploads\/2019\/12\/reisetipps-reiseinspiration-fotospots-2020-aufmacher-christian-oeser.jpg?resize=350%2C200&ssl=1 1x, https:\/\/i0.wp.com\/coeser.de\/blog\/wp-content\/uploads\/2019\/12\/reisetipps-reiseinspiration-fotospots-2020-aufmacher-christian-oeser.jpg?resize=525%2C300&ssl=1 1.5x, https:\/\/i0.wp.com\/coeser.de\/blog\/wp-content\/uploads\/2019\/12\/reisetipps-reiseinspiration-fotospots-2020-aufmacher-christian-oeser.jpg?resize=700%2C400&ssl=1 2x"},"classes":[]},{"id":10259,"url":"https:\/\/coeser.de\/blog\/index.php\/2019\/01\/01\/europa-26-geniale-reiseziele-2019\/","url_meta":{"origin":22097,"position":4},"title":"Europa: 26 geniale Reiseziele f\u00fcr 2019","author":"Christian \u00d6ser","date":"1. Januar 2019","format":false,"excerpt":"Seid ihr so wie ich immer auf der Suche nach neuen Destinationen? Egal ob Ausfl\u00fcge, St\u00e4dtetrips oder Tagestouren \u2013 ich habe 26 Ideen f\u00fcr eure n\u00e4chste Reise in Europa! Alle meine Tipps habe ich im letzten Jahr zusammengesammelt und auch pers\u00f6nlich ausprobiert. Ihr bekommt also mit diesem Beitrag keine Theorie,\u2026","rel":"","context":"In &quot;EUROPA&quot;","block_context":{"text":"EUROPA","link":"https:\/\/coeser.de\/blog\/index.php\/category\/europa\/"},"img":{"alt_text":"","src":"https:\/\/i0.wp.com\/coeser.de\/blog\/wp-content\/uploads\/2018\/12\/reisetipps-reiseinspiration-fotospots-2018-aufmacher-christian-oeser.jpg?resize=350%2C200&ssl=1","width":350,"height":200,"srcset":"https:\/\/i0.wp.com\/coeser.de\/blog\/wp-content\/uploads\/2018\/12\/reisetipps-reiseinspiration-fotospots-2018-aufmacher-christian-oeser.jpg?resize=350%2C200&ssl=1 1x, https:\/\/i0.wp.com\/coeser.de\/blog\/wp-content\/uploads\/2018\/12\/reisetipps-reiseinspiration-fotospots-2018-aufmacher-christian-oeser.jpg?resize=525%2C300&ssl=1 1.5x, https:\/\/i0.wp.com\/coeser.de\/blog\/wp-content\/uploads\/2018\/12\/reisetipps-reiseinspiration-fotospots-2018-aufmacher-christian-oeser.jpg?resize=700%2C400&ssl=1 2x"},"classes":[]},{"id":6377,"url":"https:\/\/coeser.de\/blog\/index.php\/2018\/01\/23\/mailand-mehr-als-eine-modestadt\/","url_meta":{"origin":22097,"position":5},"title":"Mailand: mehr als eine Modestadt","author":"Christian \u00d6ser","date":"23. Januar 2018","format":false,"excerpt":"Bei einem Spaziergang durch die Innenstadt Mailands offenbart sich ein offenes Geheimnis: an diesem Ort ist die Mode zuhause! Nicht nur sind hier die wichtigsten Unternehmen versammelt, sondern \u00fcberall kommen einem auch noch stilvoll gekleidete Menschen entgegen. Doch Mailand ist weitaus mehr als Prada, Gucci, Versace und Co.! In diesem\u2026","rel":"","context":"In &quot;ITALIEN&quot;","block_context":{"text":"ITALIEN","link":"https:\/\/coeser.de\/blog\/index.php\/category\/europa\/italien\/"},"img":{"alt_text":"Mail\u00e4nder Dom auf dem Piazza del Duomo","src":"https:\/\/i0.wp.com\/coeser.de\/blog\/wp-content\/uploads\/2018\/01\/mailand-milano-aufmacher-christian-oeser.jpg?resize=350%2C200&ssl=1","width":350,"height":200,"srcset":"https:\/\/i0.wp.com\/coeser.de\/blog\/wp-content\/uploads\/2018\/01\/mailand-milano-aufmacher-christian-oeser.jpg?resize=350%2C200&ssl=1 1x, https:\/\/i0.wp.com\/coeser.de\/blog\/wp-content\/uploads\/2018\/01\/mailand-milano-aufmacher-christian-oeser.jpg?resize=525%2C300&ssl=1 1.5x, https:\/\/i0.wp.com\/coeser.de\/blog\/wp-content\/uploads\/2018\/01\/mailand-milano-aufmacher-christian-oeser.jpg?resize=700%2C400&ssl=1 2x"},"classes":[]}],"jetpack_sharing_enabled":true,"_links":{"self":[{"href":"https:\/\/coeser.de\/blog\/index.php\/wp-json\/wp\/v2\/posts\/22097","targetHints":{"allow":["GET"]}}],"collection":[{"href":"https:\/\/coeser.de\/blog\/index.php\/wp-json\/wp\/v2\/posts"}],"about":[{"href":"https:\/\/coeser.de\/blog\/index.php\/wp-json\/wp\/v2\/types\/post"}],"author":[{"embeddable":true,"href":"https:\/\/coeser.de\/blog\/index.php\/wp-json\/wp\/v2\/users\/1"}],"replies":[{"embeddable":true,"href":"https:\/\/coeser.de\/blog\/index.php\/wp-json\/wp\/v2\/comments?post=22097"}],"version-history":[{"count":20,"href":"https:\/\/coeser.de\/blog\/index.php\/wp-json\/wp\/v2\/posts\/22097\/revisions"}],"predecessor-version":[{"id":25138,"href":"https:\/\/coeser.de\/blog\/index.php\/wp-json\/wp\/v2\/posts\/22097\/revisions\/25138"}],"wp:featuredmedia":[{"embeddable":true,"href":"https:\/\/coeser.de\/blog\/index.php\/wp-json\/wp\/v2\/media\/22102"}],"wp:attachment":[{"href":"https:\/\/coeser.de\/blog\/index.php\/wp-json\/wp\/v2\/media?parent=22097"}],"wp:term":[{"taxonomy":"category","embeddable":true,"href":"https:\/\/coeser.de\/blog\/index.php\/wp-json\/wp\/v2\/categories?post=22097"},{"taxonomy":"post_tag","embeddable":true,"href":"https:\/\/coeser.de\/blog\/index.php\/wp-json\/wp\/v2\/tags?post=22097"}],"curies":[{"name":"wp","href":"https:\/\/api.w.org\/{rel}","templated":true}]}}