{"id":22348,"date":"2024-06-04T12:03:55","date_gmt":"2024-06-04T10:03:55","guid":{"rendered":"https:\/\/coeser.de\/blog\/?p=22348"},"modified":"2024-06-04T12:03:55","modified_gmt":"2024-06-04T10:03:55","slug":"bad-ischl-kulturhauptstadt-des-kaisers","status":"publish","type":"post","link":"https:\/\/coeser.de\/blog\/index.php\/2024\/06\/04\/bad-ischl-kulturhauptstadt-des-kaisers\/","title":{"rendered":"Bad Ischl: Kulturhauptstadt des Kaisers"},"content":{"rendered":"<p><strong>Das Salzkammergut ist mit seinen bildh\u00fcbschen Orten inmitten eines malerischen Seengebiets eine der touristischen Perlen \u00d6sterreichs. Gleich 23 Gemeinden aus der Region d\u00fcrfen sich 2024 gemeinsam Kulturhauptstadt Europas nennen \u2013 mit Bad Ischl als Aush\u00e4ngeschild an der Spitze. Die historische Kleinstadt ist gepr\u00e4gt durch jahrhundertelangen Salzhandel und der Donaumonarchie unter Kaiser Franz Joseph. Pr\u00e4chtige Architektur, kulturelle Orte, s\u00fc\u00dfe Versuchungen und jede Menge Wanderm\u00f6glichkeiten rundherum bieten gen\u00fcgend Gr\u00fcnde, um Bad Ischl zu erkunden. Alle Sehensw\u00fcrdigkeiten und Highlights findest du in diesem Artikel!<\/strong><\/p>\n<p><!--more--><\/p>\n<hr \/>\n<div class=\"highlights\">\n<h3>DIE H\u00d6HEPUNKTE AUS BAD ISCHL IN DIESEM ARTIKEL<\/h3>\n<p>Ein pers\u00f6nlicher Erfahrungsbericht mit vielen Fotos \u00fcber die Europ\u00e4ische Kulturhauptstadt 2024<\/p>\n<p>Die Innenstadt mit einer Vielzahl an pracht- und prunkvollen H\u00e4usern sowie Villen aus der Kaiserzeit<\/p>\n<p>Die Konditorei Zauner als absoluter Fixpunkt in Bad Ischl, wenn es um s\u00fc\u00dfe Versuchungen geht<\/p>\n<p>Der h\u00f6lzerne Aussichtsturm auf dem Siriuskogl, welcher eine perfekte Sicht auf Bad Ischl bietet<\/p>\n<p>Tipps f\u00fcr Ausfl\u00fcge rund um Bad Ischl und das Naturgebiet Katrin mit traumhaften Wanderm\u00f6glichkeiten<\/p>\n<\/div>\n<p>&nbsp;<\/p>\n<p><em><span style=\"color: #0000ff;\">Dieser Artikel wurde zuletzt am 4. Juni 2024 aktualisiert.<\/span><\/em><\/p>\n\n<hr \/>\n<div class=\"fakten\">\n<h2>BAD ISCHL<\/h2>\n<h3>FAKTEN<\/h3>\n<p><strong>Reisezeiten: <\/strong>Mai, Juli<br \/>\n<strong>Anreise: <\/strong>Details siehe Flie\u00dftext unten<\/p>\n<p><strong>Unterkunft Tipp 1: <a href=\"https:\/\/www.booking.com\/hotel\/at\/goldener-ochs.de.html?aid=1634405\" target=\"_blank\" rel=\"noopener noreferrer\">Hotel Goldener Ochs<\/a>*<\/strong> (<em>Grazer Stra\u00dfe 4, 4820 Bad Ischl<\/em>): zentral gelegenes 4-Stern-Hotel direkt an der Traun, Parkplatz in Garage oder \u00f6ffentlich hinter Hotel (beides kostenpflichtig); sehr sch\u00f6ne ger\u00e4umige Zimmer bereits in der g\u00fcnstigsten Kategorie, toller Ausblick auf die Esplanade und Bergwelt, bequeme Betten, gute Dusche, WLAN schneller Download, Upload Durchschnitt; gro\u00dfes Fr\u00fchst\u00fccksbuffet mit sehr guter Auswahl; stilvoller Wellnessbereich mit zwei Saunen, Dampfbad, Ruheraum, kleiner Pool, Sole-Gradieranlage. <em>Weiterempfehlung?<\/em> <strong>JA!<\/strong><\/p>\n<div id='gallery-1' class='gallery galleryid-22348 gallery-columns-7 gallery-size-thumbnail'><figure class='gallery-item'>\n\t\t\t<div class='gallery-icon landscape'>\n\t\t\t\t<a href='https:\/\/coeser.de\/blog\/wp-content\/uploads\/2024\/05\/bad-ischl-hotel-goldener-ochs-gal07-christian-oeser.jpg' title=\"Au\u00dfenansicht des Hotel Goldener Ochs von der Esplanade in Bad Ischl\" data-rl_title=\"Au\u00dfenansicht des Hotel Goldener Ochs von der Esplanade in Bad Ischl\" class=\"rl-gallery-link\" data-rl_caption=\"Aufnahmeort anzeigen\" data-rel=\"lightbox-gallery-1\"><img loading=\"lazy\" decoding=\"async\" width=\"150\" height=\"150\" src=\"https:\/\/coeser.de\/blog\/wp-content\/uploads\/2024\/05\/bad-ischl-hotel-goldener-ochs-gal07-christian-oeser-150x150.jpg\" class=\"attachment-thumbnail size-thumbnail\" alt=\"Au\u00dfenansicht des Hotel Goldener Ochs von der Esplanade in Bad Ischl\" aria-describedby=\"gallery-1-22350\" \/><\/a>\n\t\t\t<\/div>\n\t\t\t\t<figcaption class='wp-caption-text gallery-caption' id='gallery-1-22350'>\n\t\t\t\tAu\u00dfenansicht des Hotel Goldener Ochs von der Esplanade in Bad Ischl\n\t\t\t\t<\/figcaption><\/figure><figure class='gallery-item'>\n\t\t\t<div class='gallery-icon landscape'>\n\t\t\t\t<a href='https:\/\/coeser.de\/blog\/wp-content\/uploads\/2024\/05\/bad-ischl-hotel-goldener-ochs-gal06-christian-oeser.jpg' title=\"Au\u00dfenansicht des Hotel Goldener Ochs von der Elisabethbr\u00fccke in Bad Ischl\" data-rl_title=\"Au\u00dfenansicht des Hotel Goldener Ochs von der Elisabethbr\u00fccke in Bad Ischl\" class=\"rl-gallery-link\" data-rl_caption=\"Aufnahmeort anzeigen\" data-rel=\"lightbox-gallery-1\"><img loading=\"lazy\" decoding=\"async\" width=\"150\" height=\"150\" src=\"https:\/\/coeser.de\/blog\/wp-content\/uploads\/2024\/05\/bad-ischl-hotel-goldener-ochs-gal06-christian-oeser-150x150.jpg\" class=\"attachment-thumbnail size-thumbnail\" alt=\"Au\u00dfenansicht des Hotel Goldener Ochs von der Elisabethbr\u00fccke in Bad Ischl\" aria-describedby=\"gallery-1-22349\" \/><\/a>\n\t\t\t<\/div>\n\t\t\t\t<figcaption class='wp-caption-text gallery-caption' id='gallery-1-22349'>\n\t\t\t\tAu\u00dfenansicht des Hotel Goldener Ochs von der Elisabethbr\u00fccke in Bad Ischl\n\t\t\t\t<\/figcaption><\/figure><figure class='gallery-item'>\n\t\t\t<div class='gallery-icon landscape'>\n\t\t\t\t<a href='https:\/\/coeser.de\/blog\/wp-content\/uploads\/2020\/08\/bad-ischl-hotel-goldener-ochs-gal01-christian-oeser.jpg' title=\"Eingang zum Hotel Goldener Ochs in Bad Ischl\" data-rl_title=\"Eingang zum Hotel Goldener Ochs in Bad Ischl\" class=\"rl-gallery-link\" data-rl_caption=\"Aufnahmeort anzeigen\" data-rel=\"lightbox-gallery-1\"><img loading=\"lazy\" decoding=\"async\" width=\"150\" height=\"150\" src=\"https:\/\/coeser.de\/blog\/wp-content\/uploads\/2020\/08\/bad-ischl-hotel-goldener-ochs-gal01-christian-oeser-150x150.jpg\" class=\"attachment-thumbnail size-thumbnail\" alt=\"Eingang zum Hotel Goldener Ochs in Bad Ischl\" aria-describedby=\"gallery-1-15952\" \/><\/a>\n\t\t\t<\/div>\n\t\t\t\t<figcaption class='wp-caption-text gallery-caption' id='gallery-1-15952'>\n\t\t\t\tEingang zum Hotel Goldener Ochs in Bad Ischl\n\t\t\t\t<\/figcaption><\/figure><figure class='gallery-item'>\n\t\t\t<div class='gallery-icon landscape'>\n\t\t\t\t<a href='https:\/\/coeser.de\/blog\/wp-content\/uploads\/2020\/08\/bad-ischl-hotel-goldener-ochs-gal02-christian-oeser.jpg' title=\"Doppelzimmer Classic im Hotel Goldener Ochs in Bad Ischl\" data-rl_title=\"Doppelzimmer Classic im Hotel Goldener Ochs in Bad Ischl\" class=\"rl-gallery-link\" data-rl_caption=\"Aufnahmeort anzeigen\" data-rel=\"lightbox-gallery-1\"><img loading=\"lazy\" decoding=\"async\" width=\"150\" height=\"150\" src=\"https:\/\/coeser.de\/blog\/wp-content\/uploads\/2020\/08\/bad-ischl-hotel-goldener-ochs-gal02-christian-oeser-150x150.jpg\" class=\"attachment-thumbnail size-thumbnail\" alt=\"Doppelzimmer Classic im Hotel Goldener Ochs in Bad Ischl\" aria-describedby=\"gallery-1-15953\" \/><\/a>\n\t\t\t<\/div>\n\t\t\t\t<figcaption class='wp-caption-text gallery-caption' id='gallery-1-15953'>\n\t\t\t\tDoppelzimmer Classic im Hotel Goldener Ochs in Bad Ischl\n\t\t\t\t<\/figcaption><\/figure><figure class='gallery-item'>\n\t\t\t<div class='gallery-icon landscape'>\n\t\t\t\t<a href='https:\/\/coeser.de\/blog\/wp-content\/uploads\/2020\/08\/bad-ischl-hotel-goldener-ochs-gal03-christian-oeser.jpg' title=\"Doppelzimmer Classic im Hotel Goldener Ochs in Bad Ischl\" data-rl_title=\"Doppelzimmer Classic im Hotel Goldener Ochs in Bad Ischl\" class=\"rl-gallery-link\" data-rl_caption=\"Aufnahmeort anzeigen\" data-rel=\"lightbox-gallery-1\"><img loading=\"lazy\" decoding=\"async\" width=\"150\" height=\"150\" src=\"https:\/\/coeser.de\/blog\/wp-content\/uploads\/2020\/08\/bad-ischl-hotel-goldener-ochs-gal03-christian-oeser-150x150.jpg\" class=\"attachment-thumbnail size-thumbnail\" alt=\"Doppelzimmer Classic im Hotel Goldener Ochs in Bad Ischl\" aria-describedby=\"gallery-1-15954\" \/><\/a>\n\t\t\t<\/div>\n\t\t\t\t<figcaption class='wp-caption-text gallery-caption' id='gallery-1-15954'>\n\t\t\t\tDoppelzimmer Classic im Hotel Goldener Ochs in Bad Ischl\n\t\t\t\t<\/figcaption><\/figure><figure class='gallery-item'>\n\t\t\t<div class='gallery-icon landscape'>\n\t\t\t\t<a href='https:\/\/coeser.de\/blog\/wp-content\/uploads\/2020\/08\/bad-ischl-hotel-goldener-ochs-gal04-christian-oeser.jpg' title=\"Bad im Doppelzimmer Classic im Hotel Goldener Ochs in Bad Ischl\" data-rl_title=\"Bad im Doppelzimmer Classic im Hotel Goldener Ochs in Bad Ischl\" class=\"rl-gallery-link\" data-rl_caption=\"Aufnahmeort anzeigen\" data-rel=\"lightbox-gallery-1\"><img loading=\"lazy\" decoding=\"async\" width=\"150\" height=\"150\" src=\"https:\/\/coeser.de\/blog\/wp-content\/uploads\/2020\/08\/bad-ischl-hotel-goldener-ochs-gal04-christian-oeser-150x150.jpg\" class=\"attachment-thumbnail size-thumbnail\" alt=\"Bad im Doppelzimmer Classic im Hotel Goldener Ochs in Bad Ischl\" aria-describedby=\"gallery-1-15955\" \/><\/a>\n\t\t\t<\/div>\n\t\t\t\t<figcaption class='wp-caption-text gallery-caption' id='gallery-1-15955'>\n\t\t\t\tBad im Doppelzimmer Classic im Hotel Goldener Ochs in Bad Ischl\n\t\t\t\t<\/figcaption><\/figure><figure class='gallery-item'>\n\t\t\t<div class='gallery-icon landscape'>\n\t\t\t\t<a href='https:\/\/coeser.de\/blog\/wp-content\/uploads\/2020\/08\/bad-ischl-hotel-goldener-ochs-gal05-christian-oeser.jpg' title=\"Aussicht vom Doppelzimmer Classic im Hotel Goldener Ochs in Bad Ischl\" data-rl_title=\"Aussicht vom Doppelzimmer Classic im Hotel Goldener Ochs in Bad Ischl\" class=\"rl-gallery-link\" data-rl_caption=\"Aufnahmeort anzeigen\" data-rel=\"lightbox-gallery-1\"><img loading=\"lazy\" decoding=\"async\" width=\"150\" height=\"150\" src=\"https:\/\/coeser.de\/blog\/wp-content\/uploads\/2020\/08\/bad-ischl-hotel-goldener-ochs-gal05-christian-oeser-150x150.jpg\" class=\"attachment-thumbnail size-thumbnail\" alt=\"Aussicht vom Doppelzimmer Classic im Hotel Goldener Ochs in Bad Ischl\" aria-describedby=\"gallery-1-15956\" \/><\/a>\n\t\t\t<\/div>\n\t\t\t\t<figcaption class='wp-caption-text gallery-caption' id='gallery-1-15956'>\n\t\t\t\tAussicht vom Doppelzimmer Classic im Hotel Goldener Ochs in Bad Ischl\n\t\t\t\t<\/figcaption><\/figure>\n\t\t<\/div>\n\n<hr \/>\n<p><strong>Unterkunft Tipp 2: <a href=\"https:\/\/www.booking.com\/hotel\/at\/ferienhaus-flores.de.html?aid=1634405\" target=\"_blank\" rel=\"noopener\">Ferienhaus Flores<\/a>*<\/strong> (<em>Andreas-Hofer-Stra\u00dfe 2i, 4820 Bad Ischl<\/em>): Neues, einfaches Ferienhaus am westlichen Ende der Innenstadt, sehr ruhige Lage, f\u00fcnf Gehminuten von der Esplanade bzw. zehn Gehminuten vom Zentrum entfernt. Parkplatz vor der T\u00fcr, gro\u00dfer Garten. Das Haus wird entweder komplett (DZ, Bad, Wohnbereich mit K\u00fcchenzeile) oder nur als Doppelzimmer mit Bad vermietet. Emissionsfreie Unterkunft mit Nutzung von gr\u00fcnem und lokalem Strom. Bequemes Bett, gute Dusche, schnelles WLAN. Zutritt per Schl\u00fcsselsafe, Code nach Buchung per Mail erfragt und sehr rasch vom Besitzer erhalten.<em> Weiterempfehlung?<\/em> <strong>JA!<\/strong><\/p>\n<div id='gallery-2' class='gallery galleryid-22348 gallery-columns-7 gallery-size-thumbnail'><figure class='gallery-item'>\n\t\t\t<div class='gallery-icon landscape'>\n\t\t\t\t<a href='https:\/\/coeser.de\/blog\/wp-content\/uploads\/2024\/05\/bad-ischl-ferienhaus-flores-gal01-christian-oeser.jpg' title=\"Au\u00dfenansicht des Ferienhaus Flores in Bad Ischl\" data-rl_title=\"Au\u00dfenansicht des Ferienhaus Flores in Bad Ischl\" class=\"rl-gallery-link\" data-rl_caption=\"Aufnahmeort anzeigen\" data-rel=\"lightbox-gallery-2\"><img loading=\"lazy\" decoding=\"async\" width=\"150\" height=\"150\" src=\"https:\/\/coeser.de\/blog\/wp-content\/uploads\/2024\/05\/bad-ischl-ferienhaus-flores-gal01-christian-oeser-150x150.jpg\" class=\"attachment-thumbnail size-thumbnail\" alt=\"Au\u00dfenansicht des Ferienhaus Flores in Bad Ischl\" aria-describedby=\"gallery-2-22351\" \/><\/a>\n\t\t\t<\/div>\n\t\t\t\t<figcaption class='wp-caption-text gallery-caption' id='gallery-2-22351'>\n\t\t\t\tAu\u00dfenansicht des Ferienhaus Flores in Bad Ischl\n\t\t\t\t<\/figcaption><\/figure><figure class='gallery-item'>\n\t\t\t<div class='gallery-icon landscape'>\n\t\t\t\t<a href='https:\/\/coeser.de\/blog\/wp-content\/uploads\/2024\/05\/bad-ischl-ferienhaus-flores-gal02-christian-oeser.jpg' title=\"Au\u00dfenansicht des Ferienhaus Flores in Bad Ischl\" data-rl_title=\"Au\u00dfenansicht des Ferienhaus Flores in Bad Ischl\" class=\"rl-gallery-link\" data-rl_caption=\"Aufnahmeort anzeigen\" data-rel=\"lightbox-gallery-2\"><img loading=\"lazy\" decoding=\"async\" width=\"150\" height=\"150\" src=\"https:\/\/coeser.de\/blog\/wp-content\/uploads\/2024\/05\/bad-ischl-ferienhaus-flores-gal02-christian-oeser-150x150.jpg\" class=\"attachment-thumbnail size-thumbnail\" alt=\"Au\u00dfenansicht des Ferienhaus Flores in Bad Ischl\" aria-describedby=\"gallery-2-22352\" \/><\/a>\n\t\t\t<\/div>\n\t\t\t\t<figcaption class='wp-caption-text gallery-caption' id='gallery-2-22352'>\n\t\t\t\tAu\u00dfenansicht des Ferienhaus Flores in Bad Ischl\n\t\t\t\t<\/figcaption><\/figure><figure class='gallery-item'>\n\t\t\t<div class='gallery-icon landscape'>\n\t\t\t\t<a href='https:\/\/coeser.de\/blog\/wp-content\/uploads\/2024\/05\/bad-ischl-ferienhaus-flores-gal03-christian-oeser.jpg' title=\"Au\u00dfenansicht des Ferienhaus Flores in Bad Ischl\" data-rl_title=\"Au\u00dfenansicht des Ferienhaus Flores in Bad Ischl\" class=\"rl-gallery-link\" data-rl_caption=\"Aufnahmeort anzeigen\" data-rel=\"lightbox-gallery-2\"><img loading=\"lazy\" decoding=\"async\" width=\"150\" height=\"150\" src=\"https:\/\/coeser.de\/blog\/wp-content\/uploads\/2024\/05\/bad-ischl-ferienhaus-flores-gal03-christian-oeser-150x150.jpg\" class=\"attachment-thumbnail size-thumbnail\" alt=\"Au\u00dfenansicht des Ferienhaus Flores in Bad Ischl\" aria-describedby=\"gallery-2-22353\" \/><\/a>\n\t\t\t<\/div>\n\t\t\t\t<figcaption class='wp-caption-text gallery-caption' id='gallery-2-22353'>\n\t\t\t\tAu\u00dfenansicht des Ferienhaus Flores in Bad Ischl\n\t\t\t\t<\/figcaption><\/figure><figure class='gallery-item'>\n\t\t\t<div class='gallery-icon landscape'>\n\t\t\t\t<a href='https:\/\/coeser.de\/blog\/wp-content\/uploads\/2024\/05\/bad-ischl-ferienhaus-flores-gal04-christian-oeser.jpg' title=\"Vorraum im Ferienhaus Flores in Bad Ischl\" data-rl_title=\"Vorraum im Ferienhaus Flores in Bad Ischl\" class=\"rl-gallery-link\" data-rl_caption=\"Aufnahmeort anzeigen\" data-rel=\"lightbox-gallery-2\"><img loading=\"lazy\" decoding=\"async\" width=\"150\" height=\"150\" src=\"https:\/\/coeser.de\/blog\/wp-content\/uploads\/2024\/05\/bad-ischl-ferienhaus-flores-gal04-christian-oeser-150x150.jpg\" class=\"attachment-thumbnail size-thumbnail\" alt=\"Vorraum im Ferienhaus Flores in Bad Ischl\" aria-describedby=\"gallery-2-22354\" \/><\/a>\n\t\t\t<\/div>\n\t\t\t\t<figcaption class='wp-caption-text gallery-caption' id='gallery-2-22354'>\n\t\t\t\tVorraum im Ferienhaus Flores in Bad Ischl\n\t\t\t\t<\/figcaption><\/figure><figure class='gallery-item'>\n\t\t\t<div class='gallery-icon landscape'>\n\t\t\t\t<a href='https:\/\/coeser.de\/blog\/wp-content\/uploads\/2024\/05\/bad-ischl-ferienhaus-flores-gal05-christian-oeser.jpg' title=\"Doppelzimmer im Ferienhaus Flores in Bad Ischl\" data-rl_title=\"Doppelzimmer im Ferienhaus Flores in Bad Ischl\" class=\"rl-gallery-link\" data-rl_caption=\"Aufnahmeort anzeigen\" data-rel=\"lightbox-gallery-2\"><img loading=\"lazy\" decoding=\"async\" width=\"150\" height=\"150\" src=\"https:\/\/coeser.de\/blog\/wp-content\/uploads\/2024\/05\/bad-ischl-ferienhaus-flores-gal05-christian-oeser-150x150.jpg\" class=\"attachment-thumbnail size-thumbnail\" alt=\"Doppelzimmer im Ferienhaus Flores in Bad Ischl\" aria-describedby=\"gallery-2-22355\" \/><\/a>\n\t\t\t<\/div>\n\t\t\t\t<figcaption class='wp-caption-text gallery-caption' id='gallery-2-22355'>\n\t\t\t\tDoppelzimmer im Ferienhaus Flores in Bad Ischl\n\t\t\t\t<\/figcaption><\/figure><figure class='gallery-item'>\n\t\t\t<div class='gallery-icon landscape'>\n\t\t\t\t<a href='https:\/\/coeser.de\/blog\/wp-content\/uploads\/2024\/05\/bad-ischl-ferienhaus-flores-gal06-christian-oeser.jpg' title=\"Badezimmer im Ferienhaus Flores in Bad Ischl\" data-rl_title=\"Badezimmer im Ferienhaus Flores in Bad Ischl\" class=\"rl-gallery-link\" data-rl_caption=\"Aufnahmeort anzeigen\" data-rel=\"lightbox-gallery-2\"><img loading=\"lazy\" decoding=\"async\" width=\"150\" height=\"150\" src=\"https:\/\/coeser.de\/blog\/wp-content\/uploads\/2024\/05\/bad-ischl-ferienhaus-flores-gal06-christian-oeser-150x150.jpg\" class=\"attachment-thumbnail size-thumbnail\" alt=\"Badezimmer im Ferienhaus Flores in Bad Ischl\" aria-describedby=\"gallery-2-22356\" \/><\/a>\n\t\t\t<\/div>\n\t\t\t\t<figcaption class='wp-caption-text gallery-caption' id='gallery-2-22356'>\n\t\t\t\tBadezimmer im Ferienhaus Flores in Bad Ischl\n\t\t\t\t<\/figcaption><\/figure><figure class='gallery-item'>\n\t\t\t<div class='gallery-icon landscape'>\n\t\t\t\t<a href='https:\/\/coeser.de\/blog\/wp-content\/uploads\/2024\/05\/bad-ischl-ferienhaus-flores-gal07-christian-oeser.jpg' title=\"Wohnbereich im Ferienhaus Flores in Bad Ischl\" data-rl_title=\"Wohnbereich im Ferienhaus Flores in Bad Ischl\" class=\"rl-gallery-link\" data-rl_caption=\"Aufnahmeort anzeigen\" data-rel=\"lightbox-gallery-2\"><img loading=\"lazy\" decoding=\"async\" width=\"150\" height=\"150\" src=\"https:\/\/coeser.de\/blog\/wp-content\/uploads\/2024\/05\/bad-ischl-ferienhaus-flores-gal07-christian-oeser-150x150.jpg\" class=\"attachment-thumbnail size-thumbnail\" alt=\"Wohnbereich im Ferienhaus Flores in Bad Ischl\" aria-describedby=\"gallery-2-22357\" \/><\/a>\n\t\t\t<\/div>\n\t\t\t\t<figcaption class='wp-caption-text gallery-caption' id='gallery-2-22357'>\n\t\t\t\tWohnbereich im Ferienhaus Flores in Bad Ischl\n\t\t\t\t<\/figcaption><\/figure>\n\t\t<\/div>\n\n<p><strong>Auf der Hotelsuchmaschine booking.com findest du weitere <a href=\"https:\/\/www.booking.com\/searchresults.de.html?city=-1974508&amp;aid=1634405&amp;no_rooms=1&amp;group_adults=1\" target=\"_blank\" rel=\"noopener noreferrer\">sch\u00f6ne Unterk\u00fcnfte in Bad Ischl und Umgebung<\/a>*.<\/strong><\/p>\n<\/div>\n<div class=\"extern\">\n<h3>TRANSPARENZHINWEIS<\/h3>\n<p>*Die mit Stern gekennzeichneten Verweise in diesem Blogartikel sind sogenannte Affiliate-Links. Wenn dir mein Blogartikel bei der Planung deiner Reise geholfen hat, freue ich mich, wenn du \u00fcber diese Links deine Unterkunft oder Freizeitaktivit\u00e4ten buchst. Ich erhalte dadurch eine kleine Provision und du unterst\u00fctzt den Erhalt dieses Blogs. F\u00fcr dich entstehen dabei selbstverst\u00e4ndlich keine Nachteile. Vielen Dank! \ud83d\ude42<\/p>\n<\/div>\n<p>&nbsp;<\/p>\n<h2><img loading=\"lazy\" decoding=\"async\" class=\"alignnone size-full wp-image-22386\" src=\"https:\/\/coeser.de\/blog\/wp-content\/uploads\/2024\/06\/bad-ischl-aufmacher1-stadtansicht-traun-esplanade-christian-oeser.jpg\" alt=\"Stadtansicht von Bad Ischl mit Traun und Esplanade\" width=\"970\" height=\"323\" srcset=\"https:\/\/coeser.de\/blog\/wp-content\/uploads\/2024\/06\/bad-ischl-aufmacher1-stadtansicht-traun-esplanade-christian-oeser.jpg 970w, https:\/\/coeser.de\/blog\/wp-content\/uploads\/2024\/06\/bad-ischl-aufmacher1-stadtansicht-traun-esplanade-christian-oeser-768x256.jpg 768w\" sizes=\"auto, (max-width: 970px) 100vw, 970px\" \/><\/h2>\n<h2>Bad Ischl als Anf\u00fchrerin der Kulturhauptst\u00e4dte<\/h2>\n<p>Es gibt Orte, an die kehre ich einfach immer wieder gerne zur\u00fcck. Bad Ischl geh\u00f6rt dazu, denn das historische Flair ist einzigartig und die Lage inmitten der Natur einfach traumhaft zum Entspannen sowie Abschalten. Ein wichtiger Aspekt ist auch die Konditorei Zauner mit ihrem k\u00f6stlichen Zaunerstollen, der zu Hause immer ein gern gesehenes Mitbringsel ist. Im Jahr 2024 wurde <strong>Bad Ischl der Status der europ\u00e4ischen Kulturhauptstadt<\/strong> zugeteilt \u2013 gemeinsam mit Tartu in Estland und Bod\u00f8 in Norwegen. Neu war jedoch der Umstand, dass erstmals in der Geschichte der Europ\u00e4ischen Kulturhauptst\u00e4dte nicht nur eine Stadt, sondern mit <a href=\"https:\/\/www.salzkammergut-2024.at\/spielstaette\/\" target=\"_blank\" rel=\"noopener\"><strong>23 Gemeinden des Salzkammerguts<\/strong><\/a> gleich eine ganze Region inklusive Bad Ischl ausgew\u00e4hlt wurde.<\/p>\n<h3>Die reiche Geschichte von Bad Ischl<\/h3>\n<p>Erstmals urkundlich erw\u00e4hnt wurde der Ort 1262 als \u201eIschelen provincia\u201c, sp\u00e4ter dann als Yschl. Die Region rundherum nennt sich seit 1656 \u201eSalzkammergut\u201c und bezeichnet die durch den Salzabbau besonders wichtige Gegend f\u00fcr die Habsburger \u2013 heute ein extrem beliebtes Urlaubsgebiet mit vielen Seen. Abgesehen vom Salzhandel begann der touristische Aufschwung ab den 1820er-Jahren, als Josef G\u00f6tz und Franz Wirer erstmals gesundheitliche Soleb\u00e4der in Ischl anboten (siehe auch n\u00e4chster Absatz). Durch den Aufschwung gewann der Ort an Bedeutung und zahlreiche Hotels, Villen und weitere repr\u00e4sentative Geb\u00e4ude entstanden. 1906 bekam Ischl den Zusatz \u201eBad\u201c verpasst und erst seit 1940 gilt Bad Ischl als Stadt \u2013 2024 schlie\u00dflich Kulturhauptstadt Europas.<\/p>\n<h3>Bad Ischl und Kaiser Franz Joseph I.<\/h3>\n<p>Bad Ischl wird nicht umsonst Kaiserstadt genannt, denn Franz Joseph I. spielte eine gro\u00dfe Rolle f\u00fcr die Bedeutung des Kurorts. Seine Eltern, Erzherzog Franz Karl Joseph von \u00d6sterreich und Erzherzogin Sophie von Bayern, sorgten ungeplant f\u00fcr Furore in Bad Ischl. Das zun\u00e4chst jahrelang kinderlose Paar suchte in Form von Soleb\u00e4dern Hilfe vor Ort und tats\u00e4chlich stellte sich bald der erhoffte Nachwuchs ein. Fortan wollte alles, was Rang und Namen hat, nach Bad Ischl auf Kur fahren. Nachdem Franz Karl auf seine Thronfolge verzichtete, wurde sein erst 18-j\u00e4hriger Sohn Franz Joseph zum Kaiser von \u00d6sterreich ernannt. Zur Hochzeit mit Elisabeth (Sisi) erhielten die beiden als Geschenk eine Sommervilla \u2013 die heutige Kaiservilla. Ebendort verfasste der Kaiser am 28. Juli 1914 das Manifest \u201eAn meine V\u00f6lker\u201c, das den baldigen Beginn des Ersten Weltkriegs einleitete.<\/p>\n<hr \/>\n<h2><img loading=\"lazy\" decoding=\"async\" class=\"alignnone size-full wp-image-22384\" src=\"https:\/\/coeser.de\/blog\/wp-content\/uploads\/2024\/06\/bad-ischl-aufmacher2-anreise-bahnhof-christian-oeser.jpg\" alt=\"Zug der \u00d6BB im Bahnhof Bad Ischl\" width=\"970\" height=\"323\" srcset=\"https:\/\/coeser.de\/blog\/wp-content\/uploads\/2024\/06\/bad-ischl-aufmacher2-anreise-bahnhof-christian-oeser.jpg 970w, https:\/\/coeser.de\/blog\/wp-content\/uploads\/2024\/06\/bad-ischl-aufmacher2-anreise-bahnhof-christian-oeser-768x256.jpg 768w\" sizes=\"auto, (max-width: 970px) 100vw, 970px\" \/><\/h2>\n<h2>Die Anreise nach Bad Ischl<\/h2>\n<p>Die Anreise nach Bad Ischl ist recht einfach, die Stadt ist per Auto aus allen Richtungen gut zu erreichen. Ich bevorzuge aber immer den Zug, mit dem du ebenso unkompliziert in die Kaiserstadt gelangst. Vom Wiener Hauptbahnhof aus f\u00e4hrt t\u00e4glich um 8:40h ein Direktzug \u00fcber St. P\u00f6lten und <a href=\"https:\/\/coeser.de\/blog\/index.php\/2018\/10\/16\/linz-10-gruende-fuer-einen-pflichtbesuch\/\" target=\"_blank\" rel=\"noopener\"><strong>Linz<\/strong><\/a> nach Bad Ischl. Dort kommst du nach insgesamt 2:47h zu Mittag an. Die direkte R\u00fcckfahrt erfolgt um 18:31h, sodass du vor Ort gen\u00fcgend Zeit hast, falls du nur einen Tagesausflug machen m\u00f6chtest. Auch ohne Direktverbindung kommst du sehr einfach nach Bad Ischl. Dazu nimmst du einfach einen beliebigen Zug nach Attnang-Puchheim und steigst dort in den Regionalzug um, der st\u00fcndlich f\u00e4hrt. Diese Variante ben\u00f6tigt nur rund 20 Minuten mehr Zeit. F\u00fcr die Fahrplanauskunft nutzt du am besten <a href=\"https:\/\/anachb.vor.at\/\" target=\"_blank\" rel=\"noopener\"><strong>anachb.vor.at<\/strong><\/a>.<\/p>\n<h3>Wie viel Zeit du in Bad Ischl ben\u00f6tigst<\/h3>\n<p>Bad Ischl ist von der Gr\u00f6\u00dfe her aus touristischer Sicht eine sehr \u00fcberschaubare Stadt. Das hat den Vorteil, dass du deinen Besuch komplett nach deinen Vorstellungen skalieren kannst. Bist du auf der Suche nach einem Ziel f\u00fcr einen Tagesausflug ohne \u00dcbernachtung, dann l\u00e4sst sich das Flair der Innenstadt in wenigen Stunden gut erkunden \u2013 inklusive Einkehr in einem Lokal und in der Konditorei Zauner. Eine Nacht in einem <a href=\"https:\/\/www.booking.com\/searchresults.de.html?city=-1974508&amp;aid=1634405&amp;no_rooms=1&amp;group_adults=1\" target=\"_blank\" rel=\"noopener\"><strong>sch\u00f6nen Hotel oder in einer Privatunterkunft<\/strong><\/a>* zahlt sich aus, wenn du gerne eine oder mehrere Ausstellungen ansehen und auf den Siriuskogl steigen m\u00f6chtest, um die Aussicht zu genie\u00dfen. Ideal verbinden l\u00e4sst sich Bad Ischl auch mit der Katrin-Seilbahn und einer grandiosen Wanderung in luftiger H\u00f6he rund um die Katrin-Alm.<\/p>\n<hr \/>\n<div class=\"tipps\">\n<h2><img loading=\"lazy\" decoding=\"async\" class=\"alignnone size-full wp-image-15957\" src=\"https:\/\/coeser.de\/blog\/wp-content\/uploads\/2020\/08\/postalm-aufmacher1-wanderwege-christian-oeser.jpg\" alt=\"Panorama der Postalm im Salzkammergut\" width=\"970\" height=\"323\" srcset=\"https:\/\/coeser.de\/blog\/wp-content\/uploads\/2020\/08\/postalm-aufmacher1-wanderwege-christian-oeser.jpg 970w, https:\/\/coeser.de\/blog\/wp-content\/uploads\/2020\/08\/postalm-aufmacher1-wanderwege-christian-oeser-768x256.jpg 768w\" sizes=\"auto, (max-width: 970px) 100vw, 970px\" \/><\/h2>\n<h2>TIPP: Ausfl\u00fcge rund um Bad Ischl<\/h2>\n<p><strong><a href=\"https:\/\/coeser.de\/blog\/index.php\/2020\/08\/04\/genusswandern-auf-der-postalm\/\" target=\"_blank\" rel=\"noopener\">Genusswandern auf der Postalm<\/a><\/strong><\/p>\n<p><strong><a href=\"https:\/\/coeser.de\/blog\/index.php\/2016\/09\/30\/mit-der-schafbergbahn-zum-besten-seenblick\/\" target=\"_blank\" rel=\"noopener\">Mit der Schafbergbahn zum besten Seenblick<\/a><\/strong><\/p>\n<p><strong><a href=\"https:\/\/coeser.de\/blog\/index.php\/2016\/12\/13\/3-advent-weihnachtsromantik-am-wolfgangsee\/\" target=\"_blank\" rel=\"noopener\">Romantik beim Wolfgangseer Advent<\/a><\/strong><\/p>\n<p><strong><a href=\"https:\/\/coeser.de\/blog\/index.php\/2022\/12\/02\/salzburg-12-highlights-fuer-deine-staedtereise\/\" target=\"_blank\" rel=\"noopener\">Salzburg: 12 Highlights f\u00fcr deine St\u00e4dtereise<\/a><\/strong><\/p>\n<p><strong><a href=\"https:\/\/coeser.de\/blog\/index.php\/2018\/08\/07\/die-6-seen-wanderung-auf-der-tauplitzalm\/\" target=\"_blank\" rel=\"noopener\">Die 6-Seen-Wanderung auf der Tauplitzalm<\/a><\/strong><\/p>\n<\/div>\n<p>&nbsp;<\/p>\n<hr \/>\n<h2><img loading=\"lazy\" decoding=\"async\" class=\"alignnone size-full wp-image-22394\" src=\"https:\/\/coeser.de\/blog\/wp-content\/uploads\/2024\/06\/bad-ischl-aufmacher4-innenstadt-christian-oeser.jpg\" alt=\"Innenstadt von Bad Ischl\" width=\"970\" height=\"323\" srcset=\"https:\/\/coeser.de\/blog\/wp-content\/uploads\/2024\/06\/bad-ischl-aufmacher4-innenstadt-christian-oeser.jpg 970w, https:\/\/coeser.de\/blog\/wp-content\/uploads\/2024\/06\/bad-ischl-aufmacher4-innenstadt-christian-oeser-768x256.jpg 768w\" sizes=\"auto, (max-width: 970px) 100vw, 970px\" \/><\/h2>\n<h2>Ein Rundgang durch Bad Ischl<\/h2>\n<p>Nachfolgend f\u00fchre ich dich in Form einer Bildergeschichte durch Bad Ischl mit den wichtigsten Sehensw\u00fcrdigkeiten, den historisch bedeutsamsten Orten sowie Pl\u00e4tzen, den sch\u00f6nsten Fotospots und den besten Aussichtspunkten. Bei allen Bildern findest du die exakten GPS-Daten, damit du die Orte schnell selbst aufsuchen und genie\u00dfen kannst.<\/p>\n<figure class=\"bigpicture\" style=\"width: 970px;\"><img loading=\"lazy\" decoding=\"async\" class=\"wp-image-22359 size-full\" src=\"https:\/\/coeser.de\/blog\/wp-content\/uploads\/2024\/05\/bad-ischl-01-anreise-zugfahrt-traunkirchen-christian-oeser.jpg\" alt=\"Johannesbergkapelle in Traunkirchen vor dem Traunstein und dem Traunsee\" width=\"960\" height=\"640\" srcset=\"https:\/\/coeser.de\/blog\/wp-content\/uploads\/2024\/05\/bad-ischl-01-anreise-zugfahrt-traunkirchen-christian-oeser.jpg 960w, https:\/\/coeser.de\/blog\/wp-content\/uploads\/2024\/05\/bad-ischl-01-anreise-zugfahrt-traunkirchen-christian-oeser-768x512.jpg 768w, https:\/\/coeser.de\/blog\/wp-content\/uploads\/2024\/05\/bad-ischl-01-anreise-zugfahrt-traunkirchen-christian-oeser-330x220.jpg 330w\" sizes=\"auto, (max-width: 960px) 100vw, 960px\" \/><figcaption class=\"bigpicture-text\">\n<h3>Spektakul\u00e4re Anreise per Zug<\/h3>\n<p>Die Anreise mit dem Zug bietet dir zwei Vorteile gegen\u00fcber dem Auto. Einerseits kannst du dich vollkommen entspannt auf Bad Ischl freuen, ohne dir \u00fcber Stau und andere Verkehrsteilnehmer den Kopf zerbrechen zu m\u00fcssen. Andererseits kommst du in den Genuss einer <strong>traumhaften Bahnstrecke<\/strong>. Ab dem Bahnhof Gmunden werden die Ausblicke immer sch\u00f6ner! Hier im Bild siehst du die Johannesbergkapelle in Traunkirchen vor dem m\u00e4chtigen Traunstein und dem Traunsee.<br \/>\n<a href=\"https:\/\/www.google.de\/maps\/place\/47.84280805657172,13.78715227325188\" target=\"_blank\" rel=\"noopener\"><strong>Aufnahmeort anzeigen<\/strong><\/a><\/p>\n<\/figcaption><\/figure>\n<figure class=\"bigpicture\" style=\"width: 970px;\"><img loading=\"lazy\" decoding=\"async\" class=\"wp-image-22360 size-full\" src=\"https:\/\/coeser.de\/blog\/wp-content\/uploads\/2024\/05\/bad-ischl-02-anreise-bahnhof-christian-oeser.jpg\" alt=\"\u00d6BB-Zug im Bahnhof Bad Ischl\" width=\"960\" height=\"640\" srcset=\"https:\/\/coeser.de\/blog\/wp-content\/uploads\/2024\/05\/bad-ischl-02-anreise-bahnhof-christian-oeser.jpg 960w, https:\/\/coeser.de\/blog\/wp-content\/uploads\/2024\/05\/bad-ischl-02-anreise-bahnhof-christian-oeser-768x512.jpg 768w, https:\/\/coeser.de\/blog\/wp-content\/uploads\/2024\/05\/bad-ischl-02-anreise-bahnhof-christian-oeser-330x220.jpg 330w\" sizes=\"auto, (max-width: 960px) 100vw, 960px\" \/><figcaption class=\"bigpicture-text\">\n<h3>Der Bahnhof Bad Ischl<\/h3>\n<p>Der <strong>Bahnhof Bad Ischl<\/strong> befindet sich im Osten der Stadt und ist nur f\u00fcnf Gehminuten vom Beginn der Altstadt entfernt. Das <a href=\"https:\/\/www.booking.com\/hotel\/at\/eurothermen-resort-bad-ischl.de.html?aid=1634405\" target=\"_blank\" rel=\"noopener\"><strong>Eurothermen-Hotel<\/strong><\/a>* liegt sogar gegen\u00fcber, falls du einen mehrt\u00e4gigen Aufenthalt zur Entspannung planst. Das im historistischen Stil errichtete Geb\u00e4ude wurde 1877 er\u00f6ffnet und z\u00e4hlt zu den sch\u00f6nsten Bauten entlang der Salzkammergutbahn. Direkt vor dem Haupteingang ist auf der linken Seite der Busbahnhof eingerichtet \u2013 dieser ist interessant, wenn du die Umgebung von Bad Ischl erkunden willst oder zur Talstation der Katrin-Seilbahn fahren m\u00f6chtest. Ein n\u00fctzlicher Tipp: im Bahnhofsgeb\u00e4ude gibt es keine Schlie\u00dff\u00e4cher f\u00fcr Gep\u00e4ck!<br \/>\n<a href=\"https:\/\/www.google.de\/maps\/place\/47.71184924385054,13.627422474856898\" target=\"_blank\" rel=\"noopener\"><strong>Aufnahmeort anzeigen<\/strong><\/a><\/p>\n<\/figcaption><\/figure>\n<figure class=\"bigpicture\" style=\"width: 970px;\"><img loading=\"lazy\" decoding=\"async\" class=\"wp-image-22361 size-full\" src=\"https:\/\/coeser.de\/blog\/wp-content\/uploads\/2024\/05\/bad-ischl-03-bahnhof-atemluft-hausner-christian-oeser.jpg\" alt=\"Skulptur \u201eAtemluft\u201c von Xenia Hausner vor dem Bahnhof Bad Ischl\" width=\"960\" height=\"640\" srcset=\"https:\/\/coeser.de\/blog\/wp-content\/uploads\/2024\/05\/bad-ischl-03-bahnhof-atemluft-hausner-christian-oeser.jpg 960w, https:\/\/coeser.de\/blog\/wp-content\/uploads\/2024\/05\/bad-ischl-03-bahnhof-atemluft-hausner-christian-oeser-768x512.jpg 768w, https:\/\/coeser.de\/blog\/wp-content\/uploads\/2024\/05\/bad-ischl-03-bahnhof-atemluft-hausner-christian-oeser-330x220.jpg 330w\" sizes=\"auto, (max-width: 960px) 100vw, 960px\" \/><figcaption class=\"bigpicture-text\">\n<h3>Kunst vor dem Bahnhof Bad Ischl<\/h3>\n<p>Vor dem Eingang bietet sich dir dieser Anblick des Bahnhofsgeb\u00e4udes und l\u00e4sst historisches Flair aufkommen. Gegens\u00e4tzlich dazu wurde anl\u00e4sslich der Kulturhauptstadt Europas 2024 f\u00fcr einige Monate ein modernes Kunstwerk pr\u00e4sentiert. Die bekannte Wiener K\u00fcnstlerin Xenia Hausner schuf die <strong>Skulptur \u201eAtemluft\u201c<\/strong> \u2013 ein mahnendes Werk, wie die Menschheit ohne Realit\u00e4tssinn mit Ressourcenverschwendung und der Umwelt umgeht.<br \/>\n<a href=\"https:\/\/www.google.de\/maps\/place\/47.7122163413637,13.626604503351354\" target=\"_blank\" rel=\"noopener\"><strong>Aufnahmeort anzeigen<\/strong><\/a><\/p>\n<\/figcaption><\/figure>\n<figure class=\"bigpicture\" style=\"width: 970px;\"><img loading=\"lazy\" decoding=\"async\" class=\"wp-image-22362 size-full\" src=\"https:\/\/coeser.de\/blog\/wp-content\/uploads\/2024\/05\/bad-ischl-04-bahnhof-salzkammergut-lokalbahn-christian-oeser.jpg\" alt=\"Historische Lokomotive \u00d6BB 698.01 der Salzkammergut-Bahn in Bad Ischl\" width=\"960\" height=\"640\" srcset=\"https:\/\/coeser.de\/blog\/wp-content\/uploads\/2024\/05\/bad-ischl-04-bahnhof-salzkammergut-lokalbahn-christian-oeser.jpg 960w, https:\/\/coeser.de\/blog\/wp-content\/uploads\/2024\/05\/bad-ischl-04-bahnhof-salzkammergut-lokalbahn-christian-oeser-768x512.jpg 768w, https:\/\/coeser.de\/blog\/wp-content\/uploads\/2024\/05\/bad-ischl-04-bahnhof-salzkammergut-lokalbahn-christian-oeser-330x220.jpg 330w\" sizes=\"auto, (max-width: 960px) 100vw, 960px\" \/><figcaption class=\"bigpicture-text\">\n<h3>Erinnerung an die Salzkammergut-Lokalbahn in Bad Ischl<\/h3>\n<p>Ein zeithistorisches Denkmal ist schr\u00e4g gegen\u00fcber des Bahnhofs aufgestellt. Die <strong>Dampflokomotive \u00d6BB 698.01<\/strong> und ein Originalpersonenwagen erinnern an die <strong>Salzkammergut-Lokalbahn (SKGLB)<\/strong>, welche von 1890\/91 bis 1957 die Stadt Salzburg mit Mondsee und Bad Ischl verband. Die landschaftlich reizvolle Bahnverbindung lockte \u00fcber viele Jahre Zehntausende Fahrg\u00e4ste an, musste aber ebenso immer wieder schwierige Zeiten durch schwankende bzw. sinkende Fahrgastzahlen \u00fcberstehen. Unter anderem durch das Aufkommen des motorisierten Individualverkehrs folgte 1957 unter gro\u00dfem Protest die Einstellung der SKGLB und die Demontage der Gleisanlagen.<br \/>\n<a href=\"https:\/\/www.google.de\/maps\/place\/47.71246975303752,13.626518482131539\" target=\"_blank\" rel=\"noopener\"><strong>Aufnahmeort anzeigen<\/strong><\/a><\/p>\n<\/figcaption><\/figure>\n<figure class=\"bigpicture\" style=\"width: 970px;\"><img loading=\"lazy\" decoding=\"async\" class=\"wp-image-22363 size-full\" src=\"https:\/\/coeser.de\/blog\/wp-content\/uploads\/2024\/05\/bad-ischl-05-trinkhalle-postamt-christian-oeser.jpg\" alt=\"Trinkhalle und altes Post- und Telegraphenamt in Bad Ischl\" width=\"960\" height=\"640\" srcset=\"https:\/\/coeser.de\/blog\/wp-content\/uploads\/2024\/05\/bad-ischl-05-trinkhalle-postamt-christian-oeser.jpg 960w, https:\/\/coeser.de\/blog\/wp-content\/uploads\/2024\/05\/bad-ischl-05-trinkhalle-postamt-christian-oeser-768x512.jpg 768w, https:\/\/coeser.de\/blog\/wp-content\/uploads\/2024\/05\/bad-ischl-05-trinkhalle-postamt-christian-oeser-330x220.jpg 330w\" sizes=\"auto, (max-width: 960px) 100vw, 960px\" \/><figcaption class=\"bigpicture-text\">\n<h3>Trinkhalle und altes Post- und Telegraphenamt in Bad Ischl<\/h3>\n<p>Gehst du vom Bahnhof in Richtung Innenstadt, sind der Aub\u00f6ckplatz und der angrenzende Sparkassenplatz die ersten H\u00f6hepunkt in Bad Ischl. Das alte <strong>Post- und Telegraphenamt<\/strong> von 1895 im Stil der Neorenaissance sowie die <strong>Trinkhalle<\/strong> ergeben gemeinsam auf einem Bild wohl eines der sch\u00f6nsten und einpr\u00e4gsamsten Fotomotive der Stadt. Die Trinkhalle ist einem griechischen Tempel nachempfunden und war fr\u00fcher der Schauplatz von gesundheitsf\u00f6rdernden Trinkkuren. Das Bauwerk stammt von 1829-31 und trug zu Beginn den Namen \u201eWirerbad\u201c \u2013 benannt nach Dr. Franz Wirer, dem Begr\u00fcnder des Ischler Heilbades. Heute wird die Trinkhalle f\u00fcr diverse Veranstaltungen genutzt, im Inneren ist auch die Touristeninfo untergebracht.<br \/>\n<a href=\"https:\/\/www.google.de\/maps\/place\/47.711303684949456,13.623090105571775\" target=\"_blank\" rel=\"noopener\"><strong>Aufnahmeort anzeigen<\/strong><\/a><\/p>\n<\/figcaption><\/figure>\n<figure class=\"bigpicture\" style=\"width: 970px;\"><img loading=\"lazy\" decoding=\"async\" class=\"wp-image-22385 size-full\" src=\"https:\/\/coeser.de\/blog\/wp-content\/uploads\/2024\/06\/bad-ischl-06-pfarrgasse-abend-christian-oeser.jpg\" alt=\"Abendlich beleuchtete Pfarrgasse in Bad Ischl\" width=\"960\" height=\"640\" srcset=\"https:\/\/coeser.de\/blog\/wp-content\/uploads\/2024\/06\/bad-ischl-06-pfarrgasse-abend-christian-oeser.jpg 960w, https:\/\/coeser.de\/blog\/wp-content\/uploads\/2024\/06\/bad-ischl-06-pfarrgasse-abend-christian-oeser-768x512.jpg 768w, https:\/\/coeser.de\/blog\/wp-content\/uploads\/2024\/06\/bad-ischl-06-pfarrgasse-abend-christian-oeser-330x220.jpg 330w\" sizes=\"auto, (max-width: 960px) 100vw, 960px\" \/><figcaption class=\"bigpicture-text\">\n<h3>Abendlich beleuchtete Pfarrgasse<\/h3>\n<p>Ein ebenso bildh\u00fcbsches Fotomotiv wie aus dem Katalog pr\u00e4sentiert sich dir bei Tag und bei Nacht in der <strong>Pfarrgasse<\/strong>. Untertags sind hier Autos ausgesperrt und du kannst in Ruhe durch die Fu\u00dfg\u00e4ngerzone mit ihren Gesch\u00e4ften, der Konditorei Zauner und vielen sch\u00f6nen Hausfassaden schlendern. Diesen gro\u00dfartigen Blick durch die Pfarrgasse mit dem Turm der Stadtpfarrkirche im Hintergrund erh\u00e4ltst du vom Schr\u00f6pferplatz bzw. vom Beginn der Esplanade aus.<br \/>\n<a href=\"https:\/\/www.google.de\/maps\/place\/47.710523383285164,13.621550269251467\" target=\"_blank\" rel=\"noopener\"><strong>Aufnahmeort anzeigen<\/strong><\/a><\/p>\n<\/figcaption><\/figure>\n<figure class=\"bigpicture\" style=\"width: 970px;\"><img loading=\"lazy\" decoding=\"async\" class=\"wp-image-22365 size-full\" src=\"https:\/\/coeser.de\/blog\/wp-content\/uploads\/2024\/05\/bad-ischl-07-franz-karl-brunnen-christian-oeser.jpg\" alt=\"Franz-Karl-Brunnen auf dem Schr\u00f6pferplatz in Bad Ischl\" width=\"960\" height=\"640\" srcset=\"https:\/\/coeser.de\/blog\/wp-content\/uploads\/2024\/05\/bad-ischl-07-franz-karl-brunnen-christian-oeser.jpg 960w, https:\/\/coeser.de\/blog\/wp-content\/uploads\/2024\/05\/bad-ischl-07-franz-karl-brunnen-christian-oeser-768x512.jpg 768w, https:\/\/coeser.de\/blog\/wp-content\/uploads\/2024\/05\/bad-ischl-07-franz-karl-brunnen-christian-oeser-330x220.jpg 330w\" sizes=\"auto, (max-width: 960px) 100vw, 960px\" \/><figcaption class=\"bigpicture-text\">\n<h3>Franz-Karl-Brunnen auf dem Schr\u00f6pferplatz<\/h3>\n<p>Auf dem <strong>Schr\u00f6pferplatz<\/strong> sticht sofort der in feinen Details ausgestaltete <strong>Franz-Karl-Brunnen<\/strong> ins Auge. Er wurde 1877 als Gedenkbrunnen errichtet und erinnert an das 50-j\u00e4hrige Jubil\u00e4um \u201eErzherzog Franz-Karl 50 Jahre Kurgast in Ischl\u201c. Nach dem Tod von Sophie 1872 und Franz-Karl 1878 galt der Brunnen fortan als Denkmal f\u00fcr die Kaisereltern, die f\u00fcr Bad Ischl eine unbezahlbare Rolle spielten. Wie du oben im Text schon erfahren konntest, sorgten die gesundheitlichen Salzkuren vor Ort endlich f\u00fcr den gew\u00fcnschten Nachwuchs des lange kinderlosen Paares. Drei S\u00f6hne, die den Spitznamen \u201eSalzprinzen\u201c erhielten, folgten: der sp\u00e4tere Kaiser Franz-Joseph, Ferdinand-Maximilian (Kaiser von Mexiko) und Karl Ludwig.<br \/>\n<a href=\"https:\/\/www.google.de\/maps\/place\/47.71034682712458,13.621271228266341\" target=\"_blank\" rel=\"noopener\"><strong>Aufnahmeort anzeigen<\/strong><\/a><\/p>\n<\/figcaption><\/figure>\n<figure class=\"bigpicture\" style=\"width: 970px;\"><img loading=\"lazy\" decoding=\"async\" class=\"wp-image-22388 size-full\" src=\"https:\/\/coeser.de\/blog\/wp-content\/uploads\/2024\/06\/bad-ischl-08-zauner-konditorei-christian-oeser.jpg\" alt=\"Konditorei Zauner und Zaunerstollen in Bad Ischl\" width=\"960\" height=\"640\" srcset=\"https:\/\/coeser.de\/blog\/wp-content\/uploads\/2024\/06\/bad-ischl-08-zauner-konditorei-christian-oeser.jpg 960w, https:\/\/coeser.de\/blog\/wp-content\/uploads\/2024\/06\/bad-ischl-08-zauner-konditorei-christian-oeser-768x512.jpg 768w, https:\/\/coeser.de\/blog\/wp-content\/uploads\/2024\/06\/bad-ischl-08-zauner-konditorei-christian-oeser-330x220.jpg 330w\" sizes=\"auto, (max-width: 960px) 100vw, 960px\" \/><figcaption class=\"bigpicture-text\">\n<h3>Die Konditorei Zauner in Bad Ischl<\/h3>\n<p><strong>Bad Ischl ist Zauner und Zauner ist Bad Ischl.<\/strong> Der Wiener Zuckerb\u00e4cker Johann Zauner sollte ab 1821 den hohen (s\u00fc\u00dfen) kaiserlichen Anspr\u00fcchen in Ischl gerecht werden. 1832 er\u00f6ffnete Zauner das Stammhaus in der Pfarrgasse (Bild rechts unten), in dem auch Kaiserin Sisi zu Gast war. 1927 folgte mit dem Caf\u00e9 Esplanade Zauner das zweite Haus an der Traun (Bild links oben). Die Konditorei Zauner ist vor allem f\u00fcr ihren sensationellen <strong>Zaunerstollen<\/strong> bekannt. Es handelt sich streng genommen um ein \u201eResteprodukt\u201c: zerbrochene und unf\u00f6rmig produzierte Oblaten wurden ab 1905 mit einer nougatartigen Haselnuss-Schokoladenmasse vermischt und mit einer Glasur \u00fcberzogen. Du kannst den Zaunerstollen sowohl in der klassischen Verpackung als auch lose in einzelnen Schnitten kaufen \u2013 letzteres ist zu empfehlen, da deutlich g\u00fcnstiger.<br \/>\nBilder oben: <a href=\"https:\/\/www.google.de\/maps\/place\/47.70952984698678,13.618548692027549\" target=\"_blank\" rel=\"noopener\"><strong>Aufnahmeort anzeigen<\/strong><\/a><br \/>\nBilder unten: <a href=\"https:\/\/www.google.de\/maps\/place\/47.71087730142143,13.621870754159104\" target=\"_blank\" rel=\"noopener\"><strong>Aufnahmeort anzeigen<\/strong><\/a><\/p>\n<\/figcaption><\/figure>\n<figure class=\"bigpicture\" style=\"width: 970px;\"><img loading=\"lazy\" decoding=\"async\" class=\"wp-image-22367 size-full\" src=\"https:\/\/coeser.de\/blog\/wp-content\/uploads\/2024\/05\/bad-ischl-09-leharvilla-christian-oeser.jpg\" alt=\"Die L\u00e9harvilla in Bad Ischl\" width=\"960\" height=\"640\" srcset=\"https:\/\/coeser.de\/blog\/wp-content\/uploads\/2024\/05\/bad-ischl-09-leharvilla-christian-oeser.jpg 960w, https:\/\/coeser.de\/blog\/wp-content\/uploads\/2024\/05\/bad-ischl-09-leharvilla-christian-oeser-768x512.jpg 768w, https:\/\/coeser.de\/blog\/wp-content\/uploads\/2024\/05\/bad-ischl-09-leharvilla-christian-oeser-330x220.jpg 330w\" sizes=\"auto, (max-width: 960px) 100vw, 960px\" \/><figcaption class=\"bigpicture-text\">\n<h3>Die L\u00e9harvilla in Bad Ischl<\/h3>\n<p>Zu den wichtigsten historischen Geb\u00e4uden in Bad Ischl z\u00e4hlt zweifelsfrei die <strong>L\u00e9harvilla<\/strong>. Der Komponist Franz L\u00e9har kaufte 1912 die Villa direkt an der Traun und verbrachte in ihr bis zu seinem Tod 1948 fast alle Sommer. Die R\u00e4umlichkeiten wurden so gut wie m\u00f6glich in ihrem Originalzustand belassen und k\u00f6nnen heute mittels F\u00fchrung besichtigt werden. Nachdem L\u00e9har auch sehr viele Kunstwerke und -objekte erwarb, wird dir bei einem Rundgang nicht nur ein Einblick in das Leben des K\u00fcnstlers erm\u00f6glicht, sondern auch gleichzeitig eine umfangreiche Kunstsammlung pr\u00e4sentiert.<br \/>\n<a href=\"https:\/\/www.google.de\/maps\/place\/47.71018104472363,13.621954355809045\" target=\"_blank\" rel=\"noopener\"><strong>Aufnahmeort anzeigen<\/strong><\/a><\/p>\n<\/figcaption><\/figure>\n<figure class=\"bigpicture\" style=\"width: 970px;\"><img loading=\"lazy\" decoding=\"async\" class=\"wp-image-22368 size-full\" src=\"https:\/\/coeser.de\/blog\/wp-content\/uploads\/2024\/05\/bad-ischl-10-elisabethbruecke-christian-oeser.jpg\" alt=\"Die Kaiserin-Elisabeth-Br\u00fccke in Bad Ischl\" width=\"960\" height=\"640\" srcset=\"https:\/\/coeser.de\/blog\/wp-content\/uploads\/2024\/05\/bad-ischl-10-elisabethbruecke-christian-oeser.jpg 960w, https:\/\/coeser.de\/blog\/wp-content\/uploads\/2024\/05\/bad-ischl-10-elisabethbruecke-christian-oeser-768x512.jpg 768w, https:\/\/coeser.de\/blog\/wp-content\/uploads\/2024\/05\/bad-ischl-10-elisabethbruecke-christian-oeser-330x220.jpg 330w\" sizes=\"auto, (max-width: 960px) 100vw, 960px\" \/><figcaption class=\"bigpicture-text\">\n<h3>Die Kaiserin-Elisabeth-Br\u00fccke<\/h3>\n<p>Die <strong>Kaiserin-Elisabeth-Br\u00fccke<\/strong> (oder kurz Elisabethbr\u00fccke) aus dem Jahr 1900 ist die Hauptverbindung in Bad Ischl \u00fcber die Traun. Die in einem Gr\u00fcnton lackierte Br\u00fccke bietet einen grandiosen Blick auf den Fluss, die Esplanade, die H\u00e4userzeilen von Bad Ischl und die Bergwelt in der Umgebung. In der Mitte ist ein Figurenbildstock des heiligen Johannes Nepomuk aufgestellt. Vor allem am sp\u00e4ten Nachmittag, wenn das sch\u00f6ne Br\u00fcckengel\u00e4nder in der tief stehenden Sonne intensive Schattenmuster auf die Br\u00fccke wirft, ist dieser Ort besonders reizvoll.<br \/>\n<a href=\"https:\/\/www.google.de\/maps\/place\/47.709966141467376,13.621166286952858\" target=\"_blank\" rel=\"noopener\"><strong>Aufnahmeort anzeigen<\/strong><\/a><\/p>\n<\/figcaption><\/figure>\n<figure class=\"bigpicture\" style=\"width: 970px;\"><img loading=\"lazy\" decoding=\"async\" class=\"wp-image-22369 size-full\" src=\"https:\/\/coeser.de\/blog\/wp-content\/uploads\/2024\/05\/bad-ischl-11-stadtansicht-esplanade-traun-christian-oeser.jpg\" alt=\"Stimmungsvoll beleuchtete Stadtansicht von Bad Ischl\" width=\"960\" height=\"640\" srcset=\"https:\/\/coeser.de\/blog\/wp-content\/uploads\/2024\/05\/bad-ischl-11-stadtansicht-esplanade-traun-christian-oeser.jpg 960w, https:\/\/coeser.de\/blog\/wp-content\/uploads\/2024\/05\/bad-ischl-11-stadtansicht-esplanade-traun-christian-oeser-768x512.jpg 768w, https:\/\/coeser.de\/blog\/wp-content\/uploads\/2024\/05\/bad-ischl-11-stadtansicht-esplanade-traun-christian-oeser-330x220.jpg 330w\" sizes=\"auto, (max-width: 960px) 100vw, 960px\" \/><figcaption class=\"bigpicture-text\">\n<h3>Stimmungsvolle Stadtansicht von Bad Ischl<\/h3>\n<p>Bleibst du \u00fcber Nacht in Bad Ischl oder besuchst die Stadt in den Wintermonaten, kommst du in den Genuss einer stimmungsvoll beleuchteten <strong>Stadtansicht entlang der Esplanade<\/strong>. Wenn nur noch das sanfte Rauschen der Traun zu h\u00f6ren ist, macht ein sp\u00e4ter Rundgang nach dem Abendessen oder vor der Heimfahrt viel Freude. Dieses Bild ist vom Richard Tauber-Steg aus aufgenommen, der westlich der Innenstadt liegt und einen tollen Blick auf die H\u00e4userzeilen erm\u00f6glicht.<br \/>\n<a href=\"https:\/\/www.google.de\/maps\/place\/47.708749567237554,13.617916240184691\" target=\"_blank\" rel=\"noopener\"><strong>Aufnahmeort anzeigen<\/strong><\/a><\/p>\n<\/figcaption><\/figure>\n<figure class=\"bigpicture\" style=\"width: 970px;\"><img loading=\"lazy\" decoding=\"async\" class=\"wp-image-22370 size-full\" src=\"https:\/\/coeser.de\/blog\/wp-content\/uploads\/2024\/05\/bad-ischl-12-esplanade-christian-oeser.jpg\" alt=\"Beleuchtete Esplanade in Bad Ischl\" width=\"960\" height=\"640\" srcset=\"https:\/\/coeser.de\/blog\/wp-content\/uploads\/2024\/05\/bad-ischl-12-esplanade-christian-oeser.jpg 960w, https:\/\/coeser.de\/blog\/wp-content\/uploads\/2024\/05\/bad-ischl-12-esplanade-christian-oeser-768x512.jpg 768w, https:\/\/coeser.de\/blog\/wp-content\/uploads\/2024\/05\/bad-ischl-12-esplanade-christian-oeser-330x220.jpg 330w\" sizes=\"auto, (max-width: 960px) 100vw, 960px\" \/><figcaption class=\"bigpicture-text\">\n<h3>Flanieren auf der Esplanade<\/h3>\n<p>\u201eSophiens Esplanade\u201c, heute nur noch kurz <strong>Esplanade<\/strong> genannt, ist eine rund 150 Meter lange Baumallee entlang der Traun. Sie wurde zu Ehren der Mutter von Kaiser Franz Joseph 1830 errichtet und war in der Vergangenheit ein wichtiger Ort, um Pers\u00f6nlichkeiten zu sehen und gesehen zu werden. Heute l\u00e4dt die Esplanade zum Sitzen entlang des Flusses ein und am Ende der Allee lockt das Caf\u00e9 Zauner mit seinen S\u00fc\u00dfspeisen.<br \/>\n<a href=\"https:\/\/www.google.de\/maps\/place\/47.71012946632239,13.620807850255922\" target=\"_blank\" rel=\"noopener\"><strong>Aufnahmeort anzeigen<\/strong><\/a><\/p>\n<\/figcaption><\/figure>\n<figure class=\"bigpicture\" style=\"width: 970px;\"><img loading=\"lazy\" decoding=\"async\" class=\"wp-image-22371 size-full\" src=\"https:\/\/coeser.de\/blog\/wp-content\/uploads\/2024\/05\/bad-ischl-13-stadtpfarrkirche-christian-oeser.jpg\" alt=\"Ehemaliges Hotel zur Post in Bad Ischl\" width=\"960\" height=\"640\" srcset=\"https:\/\/coeser.de\/blog\/wp-content\/uploads\/2024\/05\/bad-ischl-13-stadtpfarrkirche-christian-oeser.jpg 960w, https:\/\/coeser.de\/blog\/wp-content\/uploads\/2024\/05\/bad-ischl-13-stadtpfarrkirche-christian-oeser-768x512.jpg 768w, https:\/\/coeser.de\/blog\/wp-content\/uploads\/2024\/05\/bad-ischl-13-stadtpfarrkirche-christian-oeser-330x220.jpg 330w\" sizes=\"auto, (max-width: 960px) 100vw, 960px\" \/><figcaption class=\"bigpicture-text\">\n<h3>Ehemaliges Hotel zur Post in Bad Ischl<\/h3>\n<p>Zwei Sehensw\u00fcrdigkeiten und ein Fiaker auf einem Bild \u2013 echter Postkartenkitsch in Bad Ischl! Links ist die Stadtpfarrkirche zu sehen (siehe n\u00e4chstes Foto) und rechts ragt die Fassade des historisch bedeutsamen <strong>Hotel zur Post<\/strong> ins Bild, welches seit 1988 allerdings kein Beherbergungsbetrieb mehr ist. Es wurde 1827\/28 er\u00f6ffnet und von zahlreichen bekannten Pers\u00f6nlichkeiten genutzt, darunter Kaiser Franz Joseph sowie andere Vertreter des europ\u00e4ischen Hochadels, weiters Otto von Bismarck, Arthur Schnitzler, Robert Musil, Anton Bruckner, Marlene Dietrich, Romy Schneider, Franz Antel, Helmut Berger, Friedensreich Hundertwasser und vielen mehr. Bis 1895 wurde im Hotel Post auch noch ein kaiserlich-k\u00f6nigliches Postamt betrieben. Heute sind im Geb\u00e4ude Wohnungen und B\u00fcros untergebracht.<br \/>\n<a href=\"https:\/\/www.google.de\/maps\/place\/47.71238625694357,13.623059701250304\" target=\"_blank\" rel=\"noopener\"><strong>Aufnahmeort anzeigen<\/strong><\/a><\/p>\n<\/figcaption><\/figure>\n<figure class=\"bigpicture\" style=\"width: 970px;\"><img loading=\"lazy\" decoding=\"async\" class=\"wp-image-22372 size-full\" src=\"https:\/\/coeser.de\/blog\/wp-content\/uploads\/2024\/05\/bad-ischl-14-stadtpfarrkirche-panorama-christian-oeser.jpg\" alt=\"Panorama der Stadtpfarrkirche St. Nikolaus in Bad Ischl\" width=\"960\" height=\"400\" srcset=\"https:\/\/coeser.de\/blog\/wp-content\/uploads\/2024\/05\/bad-ischl-14-stadtpfarrkirche-panorama-christian-oeser.jpg 960w, https:\/\/coeser.de\/blog\/wp-content\/uploads\/2024\/05\/bad-ischl-14-stadtpfarrkirche-panorama-christian-oeser-768x320.jpg 768w\" sizes=\"auto, (max-width: 960px) 100vw, 960px\" \/><figcaption class=\"bigpicture-text\">\n<h3>Die Stadtpfarrkirche St. Nikolaus<\/h3>\n<p>Die <strong>Stadtpfarrkirche St. Nikolaus<\/strong> solltest du bei einem Besuch von Bad Ischl nicht auslassen, denn das Innere ist spektakul\u00e4r anzusehen. Der heutige Bau im klassizistischen Stil wurde zwischen 1771 und 1780 errichtet. Nachdem sich Bad Ischl ab 1820 zum beliebten Kurort entwickelte, fanden sich zahlreiche G\u00f6nner und Spender, um das Innere prachtvoll auszustatten. Kaiser Franz Joseph besuchte ab 1854 in den Sommermonaten jeden Sonntag die Morgenmesse, sodass die Nikolauskirche sogar den Titel k. k. Hofkirche erhielt.<br \/>\n<a href=\"https:\/\/www.google.de\/maps\/place\/47.71185733238068,13.623029217288206\" target=\"_blank\" rel=\"noopener\"><strong>Aufnahmeort anzeigen<\/strong><\/a><\/p>\n<\/figcaption><\/figure>\n<figure class=\"bigpicture\" style=\"width: 970px;\"><img loading=\"lazy\" decoding=\"async\" class=\"wp-image-22373 size-full\" src=\"https:\/\/coeser.de\/blog\/wp-content\/uploads\/2024\/05\/bad-ischl-15-glockenspiel-christian-oeser.jpg\" alt=\"Glockenspiel in Bad Ischl\" width=\"960\" height=\"640\" srcset=\"https:\/\/coeser.de\/blog\/wp-content\/uploads\/2024\/05\/bad-ischl-15-glockenspiel-christian-oeser.jpg 960w, https:\/\/coeser.de\/blog\/wp-content\/uploads\/2024\/05\/bad-ischl-15-glockenspiel-christian-oeser-768x512.jpg 768w, https:\/\/coeser.de\/blog\/wp-content\/uploads\/2024\/05\/bad-ischl-15-glockenspiel-christian-oeser-330x220.jpg 330w\" sizes=\"auto, (max-width: 960px) 100vw, 960px\" \/><figcaption class=\"bigpicture-text\">\n<h3>Das Ischler Glockenspiel<\/h3>\n<p>Ein relativ junges Wahrzeichen befindet sich auf dem Kreuzplatz und kann leicht \u00fcbersehen werden. Das <strong>Ischler Glockenspiel<\/strong> existiert seit 1989 und wurde von den rund um den Kreuzplatz ans\u00e4ssigen Kaufleuten finanziert. Unterhalb des einer Taschenuhr nachempfundenen Ziffernblatts sind zw\u00f6lf Glocken aus Messing angebracht, die viermal t\u00e4glich je nach Saison unterschiedliche Melodien mit Bezug zu Bad Ischl spielen.<br \/>\n<a href=\"https:\/\/www.google.de\/maps\/place\/47.713088594436805,13.621234041704632\" target=\"_blank\" rel=\"noopener\"><strong>Aufnahmeort anzeigen<\/strong><\/a><\/p>\n<\/figcaption><\/figure>\n<figure class=\"bigpicture\" style=\"width: 970px;\"><img loading=\"lazy\" decoding=\"async\" class=\"wp-image-22374 size-full\" src=\"https:\/\/coeser.de\/blog\/wp-content\/uploads\/2024\/05\/bad-ischl-16-lehartheater-christian-oeser.jpg\" alt=\"Innenansicht des Zuschauerraums im L\u00e9hartheater in Bad Ischl\" width=\"960\" height=\"640\" srcset=\"https:\/\/coeser.de\/blog\/wp-content\/uploads\/2024\/05\/bad-ischl-16-lehartheater-christian-oeser.jpg 960w, https:\/\/coeser.de\/blog\/wp-content\/uploads\/2024\/05\/bad-ischl-16-lehartheater-christian-oeser-768x512.jpg 768w, https:\/\/coeser.de\/blog\/wp-content\/uploads\/2024\/05\/bad-ischl-16-lehartheater-christian-oeser-330x220.jpg 330w\" sizes=\"auto, (max-width: 960px) 100vw, 960px\" \/><figcaption class=\"bigpicture-text\">\n<h3>Das L\u00e9hartheater in Bad Ischl<\/h3>\n<p>Ein verfallendes Juwel: so bot sich mir das <strong>L\u00e9hartheater<\/strong> bei meiner Besichtigung. Das au\u00dfen renovierte Theater wirkt innen etwas morbid und ich kann nur hoffen, dass die sichtbaren Sch\u00e4den rund um die B\u00fchne irgendwann beseitigt werden. Denn das fr\u00fcher Ischler Kurtheater genannte Haus ist wundersch\u00f6n und ein echtes Kleinod in Bad Ischl. Rund 400 Personen k\u00f6nnen hier auf Sitz- und Stehpl\u00e4tzen den Auff\u00fchrungen folgen, wobei das L\u00e9hartheater heute vorrangig f\u00fcr Filmvorf\u00fchrungen und Veranstaltungen genutzt wird. W\u00e4hrend des Status als Europ\u00e4ische Kulturhauptstadt 2024 kam ich in den Genuss, die Installation des ber\u00fchmten <em>Ballet M\u00e9canique<\/em> von 1924 vor Ort zu sehen und zu h\u00f6ren.<br \/>\n<a href=\"https:\/\/www.google.de\/maps\/place\/47.712962751560475,13.622468975024608\" target=\"_blank\" rel=\"noopener\"><strong>Aufnahmeort anzeigen<\/strong><\/a><\/p>\n<\/figcaption><\/figure>\n<figure class=\"bigpicture\" style=\"width: 970px;\"><img loading=\"lazy\" decoding=\"async\" class=\"wp-image-22375 size-full\" src=\"https:\/\/coeser.de\/blog\/wp-content\/uploads\/2024\/05\/bad-ischl-17-kurhaus-christian-oeser.jpg\" alt=\"Au\u00dfenansicht des beleuchteten Kurhaus in Bad Ischl\" width=\"960\" height=\"640\" srcset=\"https:\/\/coeser.de\/blog\/wp-content\/uploads\/2024\/05\/bad-ischl-17-kurhaus-christian-oeser.jpg 960w, https:\/\/coeser.de\/blog\/wp-content\/uploads\/2024\/05\/bad-ischl-17-kurhaus-christian-oeser-768x512.jpg 768w, https:\/\/coeser.de\/blog\/wp-content\/uploads\/2024\/05\/bad-ischl-17-kurhaus-christian-oeser-330x220.jpg 330w\" sizes=\"auto, (max-width: 960px) 100vw, 960px\" \/><figcaption class=\"bigpicture-text\">\n<h3>Das beleuchtete Kurhaus<\/h3>\n<p>Durch den Aufstieg Bad Ischls zu einem gesellschaftlichen Hotspot, der zahlreiche prominente Pers\u00f6nlichkeiten in die Kurstadt lockte, musste ein entsprechender Ort f\u00fcr rauschende Feste und B\u00e4lle geschaffen werden. Deshalb entstand zwischen 1873 und 1875 das <strong>Kurhaus<\/strong>, welches heute den Namen <strong>Kongress &amp; Theaterhaus Bad Ischl<\/strong> tr\u00e4gt. Das Bauwerk wurde 1965 bei einem Brand bis auf den Theatersaal fast vollst\u00e4ndig zerst\u00f6rt, danach aber originalgetreu wieder aufgebaut. Rund um das Kurhaus l\u00e4dt der gro\u00dfe Kurpark zum Pausieren ein.<br \/>\n<a href=\"https:\/\/www.google.de\/maps\/place\/47.711272330058215,13.619634597243106\" target=\"_blank\" rel=\"noopener\"><strong>Aufnahmeort anzeigen<\/strong><\/a><\/p>\n<\/figcaption><\/figure>\n<figure class=\"bigpicture\" style=\"width: 970px;\"><img loading=\"lazy\" decoding=\"async\" class=\"wp-image-22376 size-full\" src=\"https:\/\/coeser.de\/blog\/wp-content\/uploads\/2024\/05\/bad-ischl-18-kaiservilla-christian-oeser.jpg\" alt=\"Die Kaiservilla in Bad Ischl\" width=\"960\" height=\"640\" srcset=\"https:\/\/coeser.de\/blog\/wp-content\/uploads\/2024\/05\/bad-ischl-18-kaiservilla-christian-oeser.jpg 960w, https:\/\/coeser.de\/blog\/wp-content\/uploads\/2024\/05\/bad-ischl-18-kaiservilla-christian-oeser-768x512.jpg 768w, https:\/\/coeser.de\/blog\/wp-content\/uploads\/2024\/05\/bad-ischl-18-kaiservilla-christian-oeser-330x220.jpg 330w\" sizes=\"auto, (max-width: 960px) 100vw, 960px\" \/><figcaption class=\"bigpicture-text\">\n<h3>Die Kaiservilla von Franz Joseph I.<\/h3>\n<p>Die <strong>Kaiservilla<\/strong> war die Sommerresidenz von Kaiser Franz Joseph I. und Kaiserin Elisabeth (Sisi). Die Villa existierte bereits seit 1834, Franz Josephs Mutter Erzherzogin Sophie schenkte sie dem Kaiserpaar zur Hochzeit 1853. Es folgten einige Umbau- und Erweiterungsarbeiten im klassizistischen Stil. Der Kaiser verbrachte ab 1854 alle Sommer in Bad Ischl in der Kaiservilla, welche vom riesigen Kaiserpark umgeben ist, in dem auch das <strong>Marmorschl\u00f6ssl<\/strong> steht. Dieses diente als R\u00fcckzugsort f\u00fcr Elisabeth. Geschichte wurde in der Kaiservilla am 28. Juli 1914 geschrieben, als Franz Joseph die Kriegserkl\u00e4rung an Serbien unterzeichnete, woraus sich der Erste Weltkrieg entwickeln sollte, der schlie\u00dflich zum Zerfall der Habsburgermonarchie f\u00fchrte. Heute kannst du die Villa ausschlie\u00dflich in Form einer F\u00fchrung besichtigen, fotografieren ist im Inneren verboten.<br \/>\n<a href=\"https:\/\/www.google.de\/maps\/place\/47.7153076558069,13.62060744019589\" target=\"_blank\" rel=\"noopener\"><strong>Aufnahmeort anzeigen<\/strong><\/a><\/p>\n<\/figcaption><\/figure>\n<figure class=\"bigpicture\" style=\"width: 970px;\"><img loading=\"lazy\" decoding=\"async\" class=\"wp-image-22377 size-full\" src=\"https:\/\/coeser.de\/blog\/wp-content\/uploads\/2024\/05\/bad-ischl-19-kalvarienbergkirche-christian-oeser.jpg\" alt=\"Die Kalvarienbergkirche in Bad Ischl\" width=\"960\" height=\"640\" srcset=\"https:\/\/coeser.de\/blog\/wp-content\/uploads\/2024\/05\/bad-ischl-19-kalvarienbergkirche-christian-oeser.jpg 960w, https:\/\/coeser.de\/blog\/wp-content\/uploads\/2024\/05\/bad-ischl-19-kalvarienbergkirche-christian-oeser-768x512.jpg 768w, https:\/\/coeser.de\/blog\/wp-content\/uploads\/2024\/05\/bad-ischl-19-kalvarienbergkirche-christian-oeser-330x220.jpg 330w\" sizes=\"auto, (max-width: 960px) 100vw, 960px\" \/><figcaption class=\"bigpicture-text\">\n<h3>Die Kalvarienbergkirche<\/h3>\n<p>Wenn dir etwas nach Bewegung und k\u00f6rperlicher Anstrengung ist, dann empfehle ich dir die <strong>Kalvarienbergkirche<\/strong>. Der Weg f\u00fchrt entweder direkt \u00fcber viele Stufen oder indirekt \u00fcber einen Serpentinenweg auf den Kalvarienberg. Die kleine Kirche wurde zwischen 1704 und 1706 erbaut, im Inneren wartet unter anderem ein Deckenfresko aus dem Jahr 1779 auf dich. Theoretisch k\u00f6nntest du vom Platz vor der Kirche auf Bad Ischl hinabblicken, doch zahlreiche B\u00e4ume blocken leider die Aussicht. Wenn du Lust auf eine kleine Wanderung hast, f\u00fchrt hinter der Kalvarienbergkirche noch der Elisabeth-Waldweg bis zur Leschetizkyh\u00f6he.<br \/>\n<a href=\"https:\/\/www.google.de\/maps\/place\/47.71445713721617,13.613309221113184\" target=\"_blank\" rel=\"noopener\"><strong>Aufnahmeort anzeigen<\/strong><\/a><\/p>\n<\/figcaption><\/figure>\n<figure class=\"bigpicture\" style=\"width: 970px;\"><img loading=\"lazy\" decoding=\"async\" class=\"wp-image-22378 size-full\" src=\"https:\/\/coeser.de\/blog\/wp-content\/uploads\/2024\/05\/bad-ischl-20-friedhof-christian-oeser.jpg\" alt=\"Der Friedhof in Bad Ischl\" width=\"960\" height=\"640\" srcset=\"https:\/\/coeser.de\/blog\/wp-content\/uploads\/2024\/05\/bad-ischl-20-friedhof-christian-oeser.jpg 960w, https:\/\/coeser.de\/blog\/wp-content\/uploads\/2024\/05\/bad-ischl-20-friedhof-christian-oeser-768x512.jpg 768w, https:\/\/coeser.de\/blog\/wp-content\/uploads\/2024\/05\/bad-ischl-20-friedhof-christian-oeser-330x220.jpg 330w\" sizes=\"auto, (max-width: 960px) 100vw, 960px\" \/><figcaption class=\"bigpicture-text\">\n<h3>Der Friedhof in Bad Ischl<\/h3>\n<p>Der <strong>Friedhof von Bad Ischl<\/strong> z\u00e4hlt sicherlich nicht zu den ersten Pl\u00e4tzen, die du bei einem Besuch vor Ort ansteuern wirst. Falls du aber noch etwas Zeit \u00fcbrig hast, zahlt sich eine Besichtigung sehr aus. Der Friedhof ist auf einer Anh\u00f6he im S\u00fcden der Stadt angelegt und sehr stimmungsvoll von der Bergwelt eingerahmt. Prominente Pers\u00f6nlichkeiten wie Franz L\u00e9har, Oscar Straus, Helmut Berger oder die Familie Zauner haben hier ihre letzte Ruhest\u00e4tte gefunden.<br \/>\n<a href=\"https:\/\/www.google.de\/maps\/place\/47.70734215850871,13.623680219095446\" target=\"_blank\" rel=\"noopener\"><strong>Aufnahmeort anzeigen<\/strong><\/a><\/p>\n<\/figcaption><\/figure>\n<figure class=\"bigpicture\" style=\"width: 970px;\"><img loading=\"lazy\" decoding=\"async\" class=\"wp-image-22379 size-full\" src=\"https:\/\/coeser.de\/blog\/wp-content\/uploads\/2024\/05\/bad-ischl-21-siriuskogel-christian-oeser.jpg\" alt=\"Der Siriuskogl in Bad Ischl\" width=\"960\" height=\"640\" srcset=\"https:\/\/coeser.de\/blog\/wp-content\/uploads\/2024\/05\/bad-ischl-21-siriuskogel-christian-oeser.jpg 960w, https:\/\/coeser.de\/blog\/wp-content\/uploads\/2024\/05\/bad-ischl-21-siriuskogel-christian-oeser-768x512.jpg 768w, https:\/\/coeser.de\/blog\/wp-content\/uploads\/2024\/05\/bad-ischl-21-siriuskogel-christian-oeser-330x220.jpg 330w\" sizes=\"auto, (max-width: 960px) 100vw, 960px\" \/><figcaption class=\"bigpicture-text\">\n<h3>Aufstieg zum Siriuskogl<\/h3>\n<p>Eine weitere lohnenswerte M\u00f6glichkeit, K\u00f6rper und Geist zu fordern (aber auch zu belohnen), ist der <strong>Aufstieg auf den Siriuskogl<\/strong>. Es handelt sich um einen 599 Meter hohen Stadtberg, auf dem der 1885 errichtete <strong>Aussichtsturm Siriuskoglwarte<\/strong> (fr\u00fcher Kaiser-Franz-Josef-Warte genannt) steht. Der h\u00f6lzerne Turm ist von der Esplanade in Bad Ischl sehr gut zu erkennen und l\u00e4sst erahnen, dass der Aufstieg nicht unbedingt ein Kinderspiel ist. Die M\u00fchen lohnen sich aber! Nach der \u00dcberquerung der Elisabethbr\u00fccke ist der Wanderweg gut angeschrieben, auf Google Maps zeige ich dir zur besseren Orientierung <a href=\"https:\/\/www.google.de\/maps\/place\/47.70649,13.62064\" target=\"_blank\" rel=\"noopener\"><strong>den Einstiegspunkt<\/strong><\/a>. Auf dem steilen Weg nach oben kommst du auch am mystischen <strong>Naturdenkmal Einsiedlerstein<\/strong> vorbei.<br \/>\nBild oben links: <a href=\"https:\/\/www.google.de\/maps\/place\/47.708761648712816,13.617900271365803\" target=\"_blank\" rel=\"noopener\"><strong>Aufnahmeort anzeigen<\/strong><\/a><br \/>\nBild oben rechts: <a href=\"https:\/\/www.google.de\/maps\/place\/47.70450151682099,13.621246696910536\" target=\"_blank\" rel=\"noopener\"><strong>Aufnahmeort anzeigen<\/strong><\/a><br \/>\nBilder unten: <a href=\"https:\/\/www.google.de\/maps\/place\/47.70467200073707,13.617722834834936\" target=\"_blank\" rel=\"noopener\"><strong>Aufnahmeort anzeigen<\/strong><\/a><\/p>\n<\/figcaption><\/figure>\n<figure class=\"bigpicture\" style=\"width: 970px;\"><img loading=\"lazy\" decoding=\"async\" class=\"wp-image-22380 size-full\" src=\"https:\/\/coeser.de\/blog\/wp-content\/uploads\/2024\/05\/bad-ischl-22-siriuskogel-aussicht-christian-oeser.jpg\" alt=\"Aussicht vom Siriuskogl auf Bad Ischl\" width=\"960\" height=\"640\" srcset=\"https:\/\/coeser.de\/blog\/wp-content\/uploads\/2024\/05\/bad-ischl-22-siriuskogel-aussicht-christian-oeser.jpg 960w, https:\/\/coeser.de\/blog\/wp-content\/uploads\/2024\/05\/bad-ischl-22-siriuskogel-aussicht-christian-oeser-768x512.jpg 768w, https:\/\/coeser.de\/blog\/wp-content\/uploads\/2024\/05\/bad-ischl-22-siriuskogel-aussicht-christian-oeser-330x220.jpg 330w\" sizes=\"auto, (max-width: 960px) 100vw, 960px\" \/><figcaption class=\"bigpicture-text\">\n<h3>Sch\u00f6nste Aussicht auf Bad Ischl<\/h3>\n<p>Auf dem Siriuskogl angekommen, erklimmst du noch die letzten Stufen des Aussichtsturms und genie\u00dft dann diesen <strong>fantastischen Blick auf Bad Ischl<\/strong>. Wie du an meinen Bildern sehen kannst, zahlt sich insbesondere ein Aufstieg am sp\u00e4ten Nachmittag bzw. fr\u00fchen Abend mit der tiefstehenden Sonne aus. Beim Aussichtsturm ist auch ein Gasthaus untergebracht, um dir nach der Anstrengung ein erfrischendes Getr\u00e4nk und etwas zu Essen zu g\u00f6nnen.<br \/>\n<a href=\"https:\/\/www.google.de\/maps\/place\/47.704693735661785,13.617633157108912\" target=\"_blank\" rel=\"noopener\"><strong>Aufnahmeort anzeigen<\/strong><\/a><\/p>\n<\/figcaption><\/figure>\n<figure class=\"bigpicture\" style=\"width: 970px;\"><img loading=\"lazy\" decoding=\"async\" class=\"wp-image-22381 size-full\" src=\"https:\/\/coeser.de\/blog\/wp-content\/uploads\/2024\/05\/bad-ischl-23-katrin-wanderung-christian-oeser.jpg\" alt=\"7-Seen-Wanderung auf der Katrin-Alm mit der Katrin-Seilbahn in Bad Ischl\" width=\"960\" height=\"640\" srcset=\"https:\/\/coeser.de\/blog\/wp-content\/uploads\/2024\/05\/bad-ischl-23-katrin-wanderung-christian-oeser.jpg 960w, https:\/\/coeser.de\/blog\/wp-content\/uploads\/2024\/05\/bad-ischl-23-katrin-wanderung-christian-oeser-768x512.jpg 768w, https:\/\/coeser.de\/blog\/wp-content\/uploads\/2024\/05\/bad-ischl-23-katrin-wanderung-christian-oeser-330x220.jpg 330w\" sizes=\"auto, (max-width: 960px) 100vw, 960px\" \/><figcaption class=\"bigpicture-text\">\n<h3>Die Katrin-Seilbahn in Bad Ischl<\/h3>\n<p>Ich plante f\u00fcr meine St\u00e4dtereise nach Bad Ischl eine \u00dcbernachtung ein, da ich am n\u00e4chsten Tag noch eine besondere Wanderung vorhatte. S\u00fcdwestlich der Innenstadt steht in rund zwei Kilometern Entfernung die <strong>Talstation der Katrin-Seilbahn<\/strong>, die dich auf die 1.415 Meter hohe <strong>Katrin-Alm<\/strong> bringt. Von dort startet unter anderem die reizvolle <strong>7-Seen-Wanderung<\/strong>, \u00fcber die ich dir in einem bald erscheinenden Artikel noch ausf\u00fchrlich mit vielen Fotos berichten werde! Die Ausblicke auf die Bergwelt sowie die Seen ist unbeschreiblich und die Tour ein absoluter Genuss, wenn auch recht anstrengend.<br \/>\n<a href=\"https:\/\/www.google.de\/maps\/place\/47.686127567473704,13.582982483846369\" target=\"_blank\" rel=\"noopener\"><strong>Aufnahmeort anzeigen<\/strong><\/a><\/p>\n<\/figcaption><\/figure>\n<hr \/>\n<div class=\"fazit\">\n<h2>FAZIT<\/h2>\n<p>Bad Ischl ist wirklich zu jeder Jahreszeit einen Besuch wert. Die Europ\u00e4ische Kulturhauptstadt 2024 liegt verkehrstechnisch sehr g\u00fcnstig und ist sowohl mit dem Auto als auch mit dem Zug ausgezeichnet erreichbar \u2013 wobei die Bahn dir bei der An- und Abreise unvergessliche Ausblicke auf den Traunsee bietet. Ein Stadtspaziergang entlang der pr\u00e4chtigen Hausfassaden und Bauwerke l\u00e4sst die fr\u00fchere kaiserliche Zeit hochleben \u2013 abgerundet mit einer verf\u00fchrerischen Kaffeepause in der Konditorei Zauner. Ein weiterer Bonus ist das nahegelegene Naturschutzgebiet Katrin f\u00fcr ausgedehnte Wanderungen und die zahlreichen Ausflugsziele in der Umgebung. Was denkst du \u00fcber Bad Ischl, wirst du die Stadt selbst einmal erkunden?<\/p>\n<\/div>\n<p>&nbsp;<\/p>\n<div style=\"display: none;\">\n<p><img loading=\"lazy\" decoding=\"async\" class=\"alignnone size-full wp-image-22392\" src=\"https:\/\/coeser.de\/blog\/wp-content\/uploads\/2024\/06\/bad-ischl-p01-christian-oeser.jpg\" alt=\"Bad Ischl: Reisebericht \u00fcber die Kulturhauptstadt 2024 mit Erfahrungen zu Sehensw\u00fcrdigkeiten, den besten Fotospots und vielen Tipps.\" width=\"735\" height=\"1102\" \/><\/p>\n<p><img loading=\"lazy\" decoding=\"async\" class=\"alignnone size-full wp-image-22393\" src=\"https:\/\/coeser.de\/blog\/wp-content\/uploads\/2024\/06\/bad-ischl-p02-christian-oeser.jpg\" alt=\"Bad Ischl: Reisebericht \u00fcber die Kulturhauptstadt 2024 mit Erfahrungen zu Sehensw\u00fcrdigkeiten, den besten Fotospots und vielen Tipps.\" width=\"735\" height=\"1102\" \/><\/p>\n<\/div>\n","protected":false},"excerpt":{"rendered":"<p>Das Salzkammergut ist mit seinen bildh\u00fcbschen Orten inmitten eines malerischen Seengebiets eine der touristischen Perlen \u00d6sterreichs. Gleich 23 Gemeinden aus der Region d\u00fcrfen sich 2024 gemeinsam Kulturhauptstadt Europas nennen \u2013 mit Bad Ischl als Aush\u00e4ngeschild an der Spitze. Die historische Kleinstadt ist gepr\u00e4gt durch jahrhundertelangen Salzhandel und der Donaumonarchie unter Kaiser Franz Joseph. Pr\u00e4chtige Architektur, [&hellip;]<\/p>\n","protected":false},"author":1,"featured_media":22387,"comment_status":"open","ping_status":"closed","sticky":false,"template":"","format":"standard","meta":{"_jetpack_memberships_contains_paid_content":false,"footnotes":""},"categories":[17],"tags":[25,24,9,11,12,41,68,10],"class_list":["post-22348","post","type-post","status-publish","format-standard","has-post-thumbnail","hentry","category-oesterreich","tag-ausflug","tag-bad-ischl","tag-cityguide","tag-fotospots","tag-fototipps","tag-reisebericht","tag-reisefuehrer","tag-staedtereise"],"yoast_head":"<!-- This site is optimized with the Yoast SEO plugin v27.4 - https:\/\/yoast.com\/product\/yoast-seo-wordpress\/ -->\n<title>Bad Ischl: Kulturhauptstadt des Kaisers<\/title>\n<meta name=\"description\" content=\"Bad Ischl: Reisebericht \u00fcber die Kulturhauptstadt 2024 mit Erfahrungen zu Sehensw\u00fcrdigkeiten, den besten Fotospots und vielen Tipps.\" \/>\n<meta name=\"robots\" content=\"index, follow, max-snippet:-1, max-image-preview:large, max-video-preview:-1\" \/>\n<link rel=\"canonical\" href=\"https:\/\/coeser.de\/blog\/index.php\/2024\/06\/04\/bad-ischl-kulturhauptstadt-des-kaisers\/\" \/>\n<meta property=\"og:locale\" content=\"de_DE\" \/>\n<meta property=\"og:type\" content=\"article\" \/>\n<meta property=\"og:title\" content=\"Bad Ischl: Kulturhauptstadt des Kaisers\" \/>\n<meta property=\"og:description\" content=\"Bad Ischl: Reisebericht \u00fcber die Kulturhauptstadt 2024 mit Erfahrungen zu Sehensw\u00fcrdigkeiten, den besten Fotospots und vielen Tipps.\" \/>\n<meta property=\"og:url\" content=\"https:\/\/coeser.de\/blog\/index.php\/2024\/06\/04\/bad-ischl-kulturhauptstadt-des-kaisers\/\" \/>\n<meta property=\"og:site_name\" content=\"fern &amp; nah - Reiseblog und Fotostories von Christian \u00d6ser\" \/>\n<meta property=\"article:publisher\" content=\"Christian \u00d6ser\" \/>\n<meta property=\"article:author\" content=\"Christian \u00d6ser\" \/>\n<meta property=\"article:published_time\" content=\"2024-06-04T10:03:55+00:00\" \/>\n<meta property=\"og:image\" content=\"https:\/\/coeser.de\/blog\/wp-content\/uploads\/2024\/06\/bad-ischl-aufmacher-pfarrgasse-christian-oeser.jpg\" \/>\n\t<meta property=\"og:image:width\" content=\"978\" \/>\n\t<meta property=\"og:image:height\" content=\"550\" \/>\n\t<meta property=\"og:image:type\" content=\"image\/jpeg\" \/>\n<meta name=\"author\" content=\"Christian \u00d6ser\" \/>\n<meta name=\"twitter:card\" content=\"summary_large_image\" \/>\n<meta name=\"twitter:label1\" content=\"Verfasst von\" \/>\n\t<meta name=\"twitter:data1\" content=\"Christian \u00d6ser\" \/>\n\t<meta name=\"twitter:label2\" content=\"Gesch\u00e4tzte Lesezeit\" \/>\n\t<meta name=\"twitter:data2\" content=\"25\u00a0Minuten\" \/>\n<script type=\"application\/ld+json\" class=\"yoast-schema-graph\">{\"@context\":\"https:\\\/\\\/schema.org\",\"@graph\":[{\"@type\":\"Article\",\"@id\":\"https:\\\/\\\/coeser.de\\\/blog\\\/index.php\\\/2024\\\/06\\\/04\\\/bad-ischl-kulturhauptstadt-des-kaisers\\\/#article\",\"isPartOf\":{\"@id\":\"https:\\\/\\\/coeser.de\\\/blog\\\/index.php\\\/2024\\\/06\\\/04\\\/bad-ischl-kulturhauptstadt-des-kaisers\\\/\"},\"author\":{\"name\":\"Christian \u00d6ser\",\"@id\":\"https:\\\/\\\/coeser.de\\\/blog\\\/#\\\/schema\\\/person\\\/fda1d253389076b2cadc3d47018cf315\"},\"headline\":\"Bad Ischl: Kulturhauptstadt des Kaisers\",\"datePublished\":\"2024-06-04T10:03:55+00:00\",\"mainEntityOfPage\":{\"@id\":\"https:\\\/\\\/coeser.de\\\/blog\\\/index.php\\\/2024\\\/06\\\/04\\\/bad-ischl-kulturhauptstadt-des-kaisers\\\/\"},\"wordCount\":3552,\"commentCount\":2,\"publisher\":{\"@id\":\"https:\\\/\\\/coeser.de\\\/blog\\\/#\\\/schema\\\/person\\\/fda1d253389076b2cadc3d47018cf315\"},\"image\":{\"@id\":\"https:\\\/\\\/coeser.de\\\/blog\\\/index.php\\\/2024\\\/06\\\/04\\\/bad-ischl-kulturhauptstadt-des-kaisers\\\/#primaryimage\"},\"thumbnailUrl\":\"https:\\\/\\\/coeser.de\\\/blog\\\/wp-content\\\/uploads\\\/2024\\\/06\\\/bad-ischl-aufmacher-pfarrgasse-christian-oeser.jpg\",\"keywords\":[\"Ausflug\",\"Bad Ischl\",\"Cityguide\",\"Fotospots\",\"Fototipps\",\"Reisebericht\",\"Reisef\u00fchrer\",\"St\u00e4dtereise\"],\"articleSection\":[\"\u00d6STERREICH\"],\"inLanguage\":\"de\",\"potentialAction\":[{\"@type\":\"CommentAction\",\"name\":\"Comment\",\"target\":[\"https:\\\/\\\/coeser.de\\\/blog\\\/index.php\\\/2024\\\/06\\\/04\\\/bad-ischl-kulturhauptstadt-des-kaisers\\\/#respond\"]}]},{\"@type\":\"WebPage\",\"@id\":\"https:\\\/\\\/coeser.de\\\/blog\\\/index.php\\\/2024\\\/06\\\/04\\\/bad-ischl-kulturhauptstadt-des-kaisers\\\/\",\"url\":\"https:\\\/\\\/coeser.de\\\/blog\\\/index.php\\\/2024\\\/06\\\/04\\\/bad-ischl-kulturhauptstadt-des-kaisers\\\/\",\"name\":\"Bad Ischl: Kulturhauptstadt des Kaisers\",\"isPartOf\":{\"@id\":\"https:\\\/\\\/coeser.de\\\/blog\\\/#website\"},\"primaryImageOfPage\":{\"@id\":\"https:\\\/\\\/coeser.de\\\/blog\\\/index.php\\\/2024\\\/06\\\/04\\\/bad-ischl-kulturhauptstadt-des-kaisers\\\/#primaryimage\"},\"image\":{\"@id\":\"https:\\\/\\\/coeser.de\\\/blog\\\/index.php\\\/2024\\\/06\\\/04\\\/bad-ischl-kulturhauptstadt-des-kaisers\\\/#primaryimage\"},\"thumbnailUrl\":\"https:\\\/\\\/coeser.de\\\/blog\\\/wp-content\\\/uploads\\\/2024\\\/06\\\/bad-ischl-aufmacher-pfarrgasse-christian-oeser.jpg\",\"datePublished\":\"2024-06-04T10:03:55+00:00\",\"description\":\"Bad Ischl: Reisebericht \u00fcber die Kulturhauptstadt 2024 mit Erfahrungen zu Sehensw\u00fcrdigkeiten, den besten Fotospots und vielen Tipps.\",\"breadcrumb\":{\"@id\":\"https:\\\/\\\/coeser.de\\\/blog\\\/index.php\\\/2024\\\/06\\\/04\\\/bad-ischl-kulturhauptstadt-des-kaisers\\\/#breadcrumb\"},\"inLanguage\":\"de\",\"potentialAction\":[{\"@type\":\"ReadAction\",\"target\":[\"https:\\\/\\\/coeser.de\\\/blog\\\/index.php\\\/2024\\\/06\\\/04\\\/bad-ischl-kulturhauptstadt-des-kaisers\\\/\"]}]},{\"@type\":\"ImageObject\",\"inLanguage\":\"de\",\"@id\":\"https:\\\/\\\/coeser.de\\\/blog\\\/index.php\\\/2024\\\/06\\\/04\\\/bad-ischl-kulturhauptstadt-des-kaisers\\\/#primaryimage\",\"url\":\"https:\\\/\\\/coeser.de\\\/blog\\\/wp-content\\\/uploads\\\/2024\\\/06\\\/bad-ischl-aufmacher-pfarrgasse-christian-oeser.jpg\",\"contentUrl\":\"https:\\\/\\\/coeser.de\\\/blog\\\/wp-content\\\/uploads\\\/2024\\\/06\\\/bad-ischl-aufmacher-pfarrgasse-christian-oeser.jpg\",\"width\":978,\"height\":550},{\"@type\":\"BreadcrumbList\",\"@id\":\"https:\\\/\\\/coeser.de\\\/blog\\\/index.php\\\/2024\\\/06\\\/04\\\/bad-ischl-kulturhauptstadt-des-kaisers\\\/#breadcrumb\",\"itemListElement\":[{\"@type\":\"ListItem\",\"position\":1,\"name\":\"Startseite\",\"item\":\"https:\\\/\\\/coeser.de\\\/blog\\\/\"},{\"@type\":\"ListItem\",\"position\":2,\"name\":\"Bad Ischl: Kulturhauptstadt des Kaisers\"}]},{\"@type\":\"WebSite\",\"@id\":\"https:\\\/\\\/coeser.de\\\/blog\\\/#website\",\"url\":\"https:\\\/\\\/coeser.de\\\/blog\\\/\",\"name\":\"fern &amp; nah - Reiseblog und Fotostories von Christian \u00d6ser\",\"description\":\"Reiseblog und Fotostories von Christian \u00d6ser\",\"publisher\":{\"@id\":\"https:\\\/\\\/coeser.de\\\/blog\\\/#\\\/schema\\\/person\\\/fda1d253389076b2cadc3d47018cf315\"},\"potentialAction\":[{\"@type\":\"SearchAction\",\"target\":{\"@type\":\"EntryPoint\",\"urlTemplate\":\"https:\\\/\\\/coeser.de\\\/blog\\\/?s={search_term_string}\"},\"query-input\":{\"@type\":\"PropertyValueSpecification\",\"valueRequired\":true,\"valueName\":\"search_term_string\"}}],\"inLanguage\":\"de\"},{\"@type\":[\"Person\",\"Organization\"],\"@id\":\"https:\\\/\\\/coeser.de\\\/blog\\\/#\\\/schema\\\/person\\\/fda1d253389076b2cadc3d47018cf315\",\"name\":\"Christian \u00d6ser\",\"image\":{\"@type\":\"ImageObject\",\"inLanguage\":\"de\",\"@id\":\"https:\\\/\\\/coeser.de\\\/blog\\\/wp-content\\\/uploads\\\/2016\\\/08\\\/logo-fern-und-nah-christian-oeser-4.jpg\",\"url\":\"https:\\\/\\\/coeser.de\\\/blog\\\/wp-content\\\/uploads\\\/2016\\\/08\\\/logo-fern-und-nah-christian-oeser-4.jpg\",\"contentUrl\":\"https:\\\/\\\/coeser.de\\\/blog\\\/wp-content\\\/uploads\\\/2016\\\/08\\\/logo-fern-und-nah-christian-oeser-4.jpg\",\"width\":1090,\"height\":245,\"caption\":\"Christian \u00d6ser\"},\"logo\":{\"@id\":\"https:\\\/\\\/coeser.de\\\/blog\\\/wp-content\\\/uploads\\\/2016\\\/08\\\/logo-fern-und-nah-christian-oeser-4.jpg\"},\"sameAs\":[\"http:\\\/\\\/www.coeser.de\",\"Christian \u00d6ser\",\"https:\\\/\\\/www.instagram.com\\\/coeser_de\\\/\",\"https:\\\/\\\/www.pinterest.at\\\/nightline5\\\/\"],\"url\":\"https:\\\/\\\/coeser.de\\\/blog\\\/index.php\\\/author\\\/coeser\\\/\"}]}<\/script>\n<!-- \/ Yoast SEO plugin. -->","yoast_head_json":{"title":"Bad Ischl: Kulturhauptstadt des Kaisers","description":"Bad Ischl: Reisebericht \u00fcber die Kulturhauptstadt 2024 mit Erfahrungen zu Sehensw\u00fcrdigkeiten, den besten Fotospots und vielen Tipps.","robots":{"index":"index","follow":"follow","max-snippet":"max-snippet:-1","max-image-preview":"max-image-preview:large","max-video-preview":"max-video-preview:-1"},"canonical":"https:\/\/coeser.de\/blog\/index.php\/2024\/06\/04\/bad-ischl-kulturhauptstadt-des-kaisers\/","og_locale":"de_DE","og_type":"article","og_title":"Bad Ischl: Kulturhauptstadt des Kaisers","og_description":"Bad Ischl: Reisebericht \u00fcber die Kulturhauptstadt 2024 mit Erfahrungen zu Sehensw\u00fcrdigkeiten, den besten Fotospots und vielen Tipps.","og_url":"https:\/\/coeser.de\/blog\/index.php\/2024\/06\/04\/bad-ischl-kulturhauptstadt-des-kaisers\/","og_site_name":"fern &amp; nah - Reiseblog und Fotostories von Christian \u00d6ser","article_publisher":"Christian \u00d6ser","article_author":"Christian \u00d6ser","article_published_time":"2024-06-04T10:03:55+00:00","og_image":[{"width":978,"height":550,"url":"https:\/\/coeser.de\/blog\/wp-content\/uploads\/2024\/06\/bad-ischl-aufmacher-pfarrgasse-christian-oeser.jpg","type":"image\/jpeg"}],"author":"Christian \u00d6ser","twitter_card":"summary_large_image","twitter_misc":{"Verfasst von":"Christian \u00d6ser","Gesch\u00e4tzte Lesezeit":"25\u00a0Minuten"},"schema":{"@context":"https:\/\/schema.org","@graph":[{"@type":"Article","@id":"https:\/\/coeser.de\/blog\/index.php\/2024\/06\/04\/bad-ischl-kulturhauptstadt-des-kaisers\/#article","isPartOf":{"@id":"https:\/\/coeser.de\/blog\/index.php\/2024\/06\/04\/bad-ischl-kulturhauptstadt-des-kaisers\/"},"author":{"name":"Christian \u00d6ser","@id":"https:\/\/coeser.de\/blog\/#\/schema\/person\/fda1d253389076b2cadc3d47018cf315"},"headline":"Bad Ischl: Kulturhauptstadt des Kaisers","datePublished":"2024-06-04T10:03:55+00:00","mainEntityOfPage":{"@id":"https:\/\/coeser.de\/blog\/index.php\/2024\/06\/04\/bad-ischl-kulturhauptstadt-des-kaisers\/"},"wordCount":3552,"commentCount":2,"publisher":{"@id":"https:\/\/coeser.de\/blog\/#\/schema\/person\/fda1d253389076b2cadc3d47018cf315"},"image":{"@id":"https:\/\/coeser.de\/blog\/index.php\/2024\/06\/04\/bad-ischl-kulturhauptstadt-des-kaisers\/#primaryimage"},"thumbnailUrl":"https:\/\/coeser.de\/blog\/wp-content\/uploads\/2024\/06\/bad-ischl-aufmacher-pfarrgasse-christian-oeser.jpg","keywords":["Ausflug","Bad Ischl","Cityguide","Fotospots","Fototipps","Reisebericht","Reisef\u00fchrer","St\u00e4dtereise"],"articleSection":["\u00d6STERREICH"],"inLanguage":"de","potentialAction":[{"@type":"CommentAction","name":"Comment","target":["https:\/\/coeser.de\/blog\/index.php\/2024\/06\/04\/bad-ischl-kulturhauptstadt-des-kaisers\/#respond"]}]},{"@type":"WebPage","@id":"https:\/\/coeser.de\/blog\/index.php\/2024\/06\/04\/bad-ischl-kulturhauptstadt-des-kaisers\/","url":"https:\/\/coeser.de\/blog\/index.php\/2024\/06\/04\/bad-ischl-kulturhauptstadt-des-kaisers\/","name":"Bad Ischl: Kulturhauptstadt des Kaisers","isPartOf":{"@id":"https:\/\/coeser.de\/blog\/#website"},"primaryImageOfPage":{"@id":"https:\/\/coeser.de\/blog\/index.php\/2024\/06\/04\/bad-ischl-kulturhauptstadt-des-kaisers\/#primaryimage"},"image":{"@id":"https:\/\/coeser.de\/blog\/index.php\/2024\/06\/04\/bad-ischl-kulturhauptstadt-des-kaisers\/#primaryimage"},"thumbnailUrl":"https:\/\/coeser.de\/blog\/wp-content\/uploads\/2024\/06\/bad-ischl-aufmacher-pfarrgasse-christian-oeser.jpg","datePublished":"2024-06-04T10:03:55+00:00","description":"Bad Ischl: Reisebericht \u00fcber die Kulturhauptstadt 2024 mit Erfahrungen zu Sehensw\u00fcrdigkeiten, den besten Fotospots und vielen Tipps.","breadcrumb":{"@id":"https:\/\/coeser.de\/blog\/index.php\/2024\/06\/04\/bad-ischl-kulturhauptstadt-des-kaisers\/#breadcrumb"},"inLanguage":"de","potentialAction":[{"@type":"ReadAction","target":["https:\/\/coeser.de\/blog\/index.php\/2024\/06\/04\/bad-ischl-kulturhauptstadt-des-kaisers\/"]}]},{"@type":"ImageObject","inLanguage":"de","@id":"https:\/\/coeser.de\/blog\/index.php\/2024\/06\/04\/bad-ischl-kulturhauptstadt-des-kaisers\/#primaryimage","url":"https:\/\/coeser.de\/blog\/wp-content\/uploads\/2024\/06\/bad-ischl-aufmacher-pfarrgasse-christian-oeser.jpg","contentUrl":"https:\/\/coeser.de\/blog\/wp-content\/uploads\/2024\/06\/bad-ischl-aufmacher-pfarrgasse-christian-oeser.jpg","width":978,"height":550},{"@type":"BreadcrumbList","@id":"https:\/\/coeser.de\/blog\/index.php\/2024\/06\/04\/bad-ischl-kulturhauptstadt-des-kaisers\/#breadcrumb","itemListElement":[{"@type":"ListItem","position":1,"name":"Startseite","item":"https:\/\/coeser.de\/blog\/"},{"@type":"ListItem","position":2,"name":"Bad Ischl: Kulturhauptstadt des Kaisers"}]},{"@type":"WebSite","@id":"https:\/\/coeser.de\/blog\/#website","url":"https:\/\/coeser.de\/blog\/","name":"fern &amp; nah - Reiseblog und Fotostories von Christian \u00d6ser","description":"Reiseblog und Fotostories von Christian \u00d6ser","publisher":{"@id":"https:\/\/coeser.de\/blog\/#\/schema\/person\/fda1d253389076b2cadc3d47018cf315"},"potentialAction":[{"@type":"SearchAction","target":{"@type":"EntryPoint","urlTemplate":"https:\/\/coeser.de\/blog\/?s={search_term_string}"},"query-input":{"@type":"PropertyValueSpecification","valueRequired":true,"valueName":"search_term_string"}}],"inLanguage":"de"},{"@type":["Person","Organization"],"@id":"https:\/\/coeser.de\/blog\/#\/schema\/person\/fda1d253389076b2cadc3d47018cf315","name":"Christian \u00d6ser","image":{"@type":"ImageObject","inLanguage":"de","@id":"https:\/\/coeser.de\/blog\/wp-content\/uploads\/2016\/08\/logo-fern-und-nah-christian-oeser-4.jpg","url":"https:\/\/coeser.de\/blog\/wp-content\/uploads\/2016\/08\/logo-fern-und-nah-christian-oeser-4.jpg","contentUrl":"https:\/\/coeser.de\/blog\/wp-content\/uploads\/2016\/08\/logo-fern-und-nah-christian-oeser-4.jpg","width":1090,"height":245,"caption":"Christian \u00d6ser"},"logo":{"@id":"https:\/\/coeser.de\/blog\/wp-content\/uploads\/2016\/08\/logo-fern-und-nah-christian-oeser-4.jpg"},"sameAs":["http:\/\/www.coeser.de","Christian \u00d6ser","https:\/\/www.instagram.com\/coeser_de\/","https:\/\/www.pinterest.at\/nightline5\/"],"url":"https:\/\/coeser.de\/blog\/index.php\/author\/coeser\/"}]}},"jetpack_featured_media_url":"https:\/\/coeser.de\/blog\/wp-content\/uploads\/2024\/06\/bad-ischl-aufmacher-pfarrgasse-christian-oeser.jpg","jetpack-related-posts":[{"id":312,"url":"https:\/\/coeser.de\/blog\/index.php\/2022\/10\/03\/kurzbericht-zu-gast-beim-kaiser-in-bad-ischl\/","url_meta":{"origin":22348,"position":0},"title":"Bad Ischl: Zu Gast in der Kaiserstadt","author":"Christian \u00d6ser","date":"3. Oktober 2022","format":false,"excerpt":"Wann immer ich in West\u00f6sterreich auf Urlaub bin, bietet sich auf der Heimfahrt nach Wien ein Zwischenstopp in der Kaiserstadt Bad Ischl an. Die Kleinstadt etablierte sich ab 1822 als Kurort mit Soleb\u00e4dern und ab Mitte des 19. Jahrhunderts durch die kaiserliche Sommerresidenz von Kaiser Franz Joseph I. und Elisabeth\u2026","rel":"","context":"In &quot;\u00d6STERREICH&quot;","block_context":{"text":"\u00d6STERREICH","link":"https:\/\/coeser.de\/blog\/index.php\/category\/europa\/oesterreich\/"},"img":{"alt_text":"","src":"https:\/\/i0.wp.com\/coeser.de\/blog\/wp-content\/uploads\/2016\/10\/bad-ischl-aufmacher-stadtansicht-christian-oeser.jpg?resize=350%2C200&ssl=1","width":350,"height":200,"srcset":"https:\/\/i0.wp.com\/coeser.de\/blog\/wp-content\/uploads\/2016\/10\/bad-ischl-aufmacher-stadtansicht-christian-oeser.jpg?resize=350%2C200&ssl=1 1x, https:\/\/i0.wp.com\/coeser.de\/blog\/wp-content\/uploads\/2016\/10\/bad-ischl-aufmacher-stadtansicht-christian-oeser.jpg?resize=525%2C300&ssl=1 1.5x, https:\/\/i0.wp.com\/coeser.de\/blog\/wp-content\/uploads\/2016\/10\/bad-ischl-aufmacher-stadtansicht-christian-oeser.jpg?resize=700%2C400&ssl=1 2x"},"classes":[]},{"id":1639,"url":"https:\/\/coeser.de\/blog\/index.php\/2016\/12\/27\/das-war-mein-reisejahr-2016\/","url_meta":{"origin":22348,"position":1},"title":"Das war mein Reisejahr 2016","author":"Christian \u00d6ser","date":"27. Dezember 2016","format":false,"excerpt":"Am Ende eines jeden Jahres blicke ich immer zur\u00fcck auf meine besuchten St\u00e4dte, Orte und Pl\u00e4tze. 2016 war nach l\u00e4ngerer Durststrecke wieder einmal ein recht starkes Reisejahr f\u00fcr mich, 19 Destinationen bleiben in meiner Erinnerung. In diesem Blogbeitrag gebe ich euch einen \u00dcberblick und ein kurzes R\u00e9sum\u00e9 zu jedem Ort.\u2026","rel":"","context":"In &quot;EUROPA&quot;","block_context":{"text":"EUROPA","link":"https:\/\/coeser.de\/blog\/index.php\/category\/europa\/"},"img":{"alt_text":"Fotos der Reisen 2016","src":"https:\/\/i0.wp.com\/coeser.de\/blog\/wp-content\/uploads\/2016\/12\/reisejahr-2016-aufmacher-christian-oeser.jpg?resize=350%2C200&ssl=1","width":350,"height":200,"srcset":"https:\/\/i0.wp.com\/coeser.de\/blog\/wp-content\/uploads\/2016\/12\/reisejahr-2016-aufmacher-christian-oeser.jpg?resize=350%2C200&ssl=1 1x, https:\/\/i0.wp.com\/coeser.de\/blog\/wp-content\/uploads\/2016\/12\/reisejahr-2016-aufmacher-christian-oeser.jpg?resize=525%2C300&ssl=1 1.5x, https:\/\/i0.wp.com\/coeser.de\/blog\/wp-content\/uploads\/2016\/12\/reisejahr-2016-aufmacher-christian-oeser.jpg?resize=700%2C400&ssl=1 2x"},"classes":[]},{"id":307,"url":"https:\/\/coeser.de\/blog\/index.php\/2016\/09\/30\/mit-der-schafbergbahn-zum-besten-seenblick\/","url_meta":{"origin":22348,"position":2},"title":"Mit der Schafbergbahn zum besten Seenblick","author":"Christian \u00d6ser","date":"30. September 2016","format":false,"excerpt":"F\u00fcr manche Dinge braucht man einfach l\u00e4nger: Die Fahrt mit der Zahnradbahn auf den Schafberg stand bei mir schon lange am Programm, doch immer wieder wollte es nicht gelingen. Mal ging das Auto in Bad Ischl kaputt, mal war es Winter und zu nebelig ... aber in einem wundervollen Sommer\u2026","rel":"","context":"In &quot;\u00d6STERREICH&quot;","block_context":{"text":"\u00d6STERREICH","link":"https:\/\/coeser.de\/blog\/index.php\/category\/europa\/oesterreich\/"},"img":{"alt_text":"","src":"https:\/\/i0.wp.com\/coeser.de\/blog\/wp-content\/uploads\/2016\/09\/schafberg_aufmacher.jpg?resize=350%2C200&ssl=1","width":350,"height":200,"srcset":"https:\/\/i0.wp.com\/coeser.de\/blog\/wp-content\/uploads\/2016\/09\/schafberg_aufmacher.jpg?resize=350%2C200&ssl=1 1x, https:\/\/i0.wp.com\/coeser.de\/blog\/wp-content\/uploads\/2016\/09\/schafberg_aufmacher.jpg?resize=525%2C300&ssl=1 1.5x, https:\/\/i0.wp.com\/coeser.de\/blog\/wp-content\/uploads\/2016\/09\/schafberg_aufmacher.jpg?resize=700%2C400&ssl=1 2x"},"classes":[]},{"id":15972,"url":"https:\/\/coeser.de\/blog\/index.php\/2020\/08\/04\/genusswandern-auf-der-postalm\/","url_meta":{"origin":22348,"position":3},"title":"Genusswandern auf der Postalm","author":"Christian \u00d6ser","date":"4. August 2020","format":false,"excerpt":"Hast du Lust auf saftige Bergwiesen, idyllische Landschaften, wundervolle Wanderwege und kulinarische K\u00f6stlichkeiten? Dann wirst du diesen Blogartikel \u00fcber die Postalm im Salzkammergut lieben! Ich nehme dich mit auf einen Tagesausflug zum gr\u00f6\u00dften zusammenh\u00e4ngenden Almgebiet \u00d6sterreichs und zeige dir im Detail, welche Highlights dich erwarten. DIE H\u00d6HEPUNKTE VON DER POSTALM\u2026","rel":"","context":"In &quot;\u00d6STERREICH&quot;","block_context":{"text":"\u00d6STERREICH","link":"https:\/\/coeser.de\/blog\/index.php\/category\/europa\/oesterreich\/"},"img":{"alt_text":"Almrausch, Postalmkapelle und Rinnkogel auf der Postalm","src":"https:\/\/i0.wp.com\/coeser.de\/blog\/wp-content\/uploads\/2020\/08\/postalm-aufmacher0-kapelle-christian-oeser.jpg?resize=350%2C200&ssl=1","width":350,"height":200,"srcset":"https:\/\/i0.wp.com\/coeser.de\/blog\/wp-content\/uploads\/2020\/08\/postalm-aufmacher0-kapelle-christian-oeser.jpg?resize=350%2C200&ssl=1 1x, https:\/\/i0.wp.com\/coeser.de\/blog\/wp-content\/uploads\/2020\/08\/postalm-aufmacher0-kapelle-christian-oeser.jpg?resize=525%2C300&ssl=1 1.5x, https:\/\/i0.wp.com\/coeser.de\/blog\/wp-content\/uploads\/2020\/08\/postalm-aufmacher0-kapelle-christian-oeser.jpg?resize=700%2C400&ssl=1 2x"},"classes":[]},{"id":13892,"url":"https:\/\/coeser.de\/blog\/index.php\/2019\/12\/31\/europa-26-grandiose-reiseideen-fuer-2020\/","url_meta":{"origin":22348,"position":4},"title":"Europa: 26 grandiose Reiseideen f\u00fcr 2020","author":"Christian \u00d6ser","date":"31. Dezember 2019","format":false,"excerpt":"Alle Jahre wieder neigt sich das aktuelle Jahr zu Ende. Doch jedes Ende ist auch ein Anfang \u2013 und zwar f\u00fcr den Start der zuk\u00fcnftigen Reiseplanungen! Wie sieht es bei euch aus, habt ihr schon jede Menge Reiseziele im Kopf, die ihr unbedingt bald einmal mit eigenen Augen sehen wollt?\u2026","rel":"","context":"In &quot;EUROPA&quot;","block_context":{"text":"EUROPA","link":"https:\/\/coeser.de\/blog\/index.php\/category\/europa\/"},"img":{"alt_text":"","src":"https:\/\/i0.wp.com\/coeser.de\/blog\/wp-content\/uploads\/2019\/12\/reisetipps-reiseinspiration-fotospots-2020-aufmacher-christian-oeser.jpg?resize=350%2C200&ssl=1","width":350,"height":200,"srcset":"https:\/\/i0.wp.com\/coeser.de\/blog\/wp-content\/uploads\/2019\/12\/reisetipps-reiseinspiration-fotospots-2020-aufmacher-christian-oeser.jpg?resize=350%2C200&ssl=1 1x, https:\/\/i0.wp.com\/coeser.de\/blog\/wp-content\/uploads\/2019\/12\/reisetipps-reiseinspiration-fotospots-2020-aufmacher-christian-oeser.jpg?resize=525%2C300&ssl=1 1.5x, https:\/\/i0.wp.com\/coeser.de\/blog\/wp-content\/uploads\/2019\/12\/reisetipps-reiseinspiration-fotospots-2020-aufmacher-christian-oeser.jpg?resize=700%2C400&ssl=1 2x"},"classes":[]},{"id":14153,"url":"https:\/\/coeser.de\/blog\/index.php\/2019\/12\/17\/baden-bei-wien-advent-in-der-kaiserstadt\/","url_meta":{"origin":22348,"position":5},"title":"Baden bei Wien: Advent in der Kaiserstadt","author":"Christian \u00d6ser","date":"17. Dezember 2019","format":false,"excerpt":"Das Gute liegt oft so nah und wird dann doch \u00fcbersehen \u2013 ihr kennt das sicher. So ging es mir jahrelang mit Baden bei Wien, das nur rund 25 Kilometer von der \u00f6sterreichischen Hauptstadt entfernt liegt. Schon Kaiser Franz I. liebte Baden und seine hei\u00dfen Schwefelquellen so sehr, dass er\u2026","rel":"","context":"In &quot;\u00d6STERREICH&quot;","block_context":{"text":"\u00d6STERREICH","link":"https:\/\/coeser.de\/blog\/index.php\/category\/europa\/oesterreich\/"},"img":{"alt_text":"","src":"https:\/\/i0.wp.com\/coeser.de\/blog\/wp-content\/uploads\/2019\/12\/baden-advent-aufmacher-christian-oeser.jpg?resize=350%2C200&ssl=1","width":350,"height":200,"srcset":"https:\/\/i0.wp.com\/coeser.de\/blog\/wp-content\/uploads\/2019\/12\/baden-advent-aufmacher-christian-oeser.jpg?resize=350%2C200&ssl=1 1x, https:\/\/i0.wp.com\/coeser.de\/blog\/wp-content\/uploads\/2019\/12\/baden-advent-aufmacher-christian-oeser.jpg?resize=525%2C300&ssl=1 1.5x, https:\/\/i0.wp.com\/coeser.de\/blog\/wp-content\/uploads\/2019\/12\/baden-advent-aufmacher-christian-oeser.jpg?resize=700%2C400&ssl=1 2x"},"classes":[]}],"jetpack_sharing_enabled":true,"_links":{"self":[{"href":"https:\/\/coeser.de\/blog\/index.php\/wp-json\/wp\/v2\/posts\/22348","targetHints":{"allow":["GET"]}}],"collection":[{"href":"https:\/\/coeser.de\/blog\/index.php\/wp-json\/wp\/v2\/posts"}],"about":[{"href":"https:\/\/coeser.de\/blog\/index.php\/wp-json\/wp\/v2\/types\/post"}],"author":[{"embeddable":true,"href":"https:\/\/coeser.de\/blog\/index.php\/wp-json\/wp\/v2\/users\/1"}],"replies":[{"embeddable":true,"href":"https:\/\/coeser.de\/blog\/index.php\/wp-json\/wp\/v2\/comments?post=22348"}],"version-history":[{"count":5,"href":"https:\/\/coeser.de\/blog\/index.php\/wp-json\/wp\/v2\/posts\/22348\/revisions"}],"predecessor-version":[{"id":22396,"href":"https:\/\/coeser.de\/blog\/index.php\/wp-json\/wp\/v2\/posts\/22348\/revisions\/22396"}],"wp:featuredmedia":[{"embeddable":true,"href":"https:\/\/coeser.de\/blog\/index.php\/wp-json\/wp\/v2\/media\/22387"}],"wp:attachment":[{"href":"https:\/\/coeser.de\/blog\/index.php\/wp-json\/wp\/v2\/media?parent=22348"}],"wp:term":[{"taxonomy":"category","embeddable":true,"href":"https:\/\/coeser.de\/blog\/index.php\/wp-json\/wp\/v2\/categories?post=22348"},{"taxonomy":"post_tag","embeddable":true,"href":"https:\/\/coeser.de\/blog\/index.php\/wp-json\/wp\/v2\/tags?post=22348"}],"curies":[{"name":"wp","href":"https:\/\/api.w.org\/{rel}","templated":true}]}}