{"id":22980,"date":"2024-09-09T10:07:36","date_gmt":"2024-09-09T08:07:36","guid":{"rendered":"https:\/\/coeser.de\/blog\/?p=22980"},"modified":"2025-10-01T17:38:57","modified_gmt":"2025-10-01T15:38:57","slug":"triest-6-schoenste-kaffeehaeuser","status":"publish","type":"post","link":"https:\/\/coeser.de\/blog\/index.php\/2024\/09\/09\/triest-6-schoenste-kaffeehaeuser\/","title":{"rendered":"Triest: Die 6 sch\u00f6nsten Kaffeeh\u00e4user"},"content":{"rendered":"<p><strong>Ist f\u00fcr dich Kaffee ein Lebenselixier und unbedingt notwendig, um genussvoll in den Tag zu starten? Dann ist Triest das absolute Paradies f\u00fcr dich! In der Stadt an der Adria wird die gr\u00fcne Bohne seit langer Zeit zelebriert und spiegelt sich in den grandiosen, historischen Kaffeeh\u00e4usern wider. Ich habe mir sechs Lokale angesehen, wo sich eine Espressopause in feinstem Ambiente so richtig auszahlt und pr\u00e4sentiere dir in diesem Artikel die sch\u00f6nsten Kaffeeh\u00e4user in Triest!<\/strong><\/p>\n<p><!--more--><\/p>\n<hr \/>\n<div class=\"highlights\">\n<h3>DIE H\u00d6HEPUNKTE DER KAFFEEH\u00c4USER IN TRIEST IN DIESEM ARTIKEL<\/h3>\n<p>Allgemeine Infos zur Geschichte des Kaffees in Triest und seine hohe Bedeutung<\/p>\n<p>Das 1&#215;1 des Kaffeebestellens mit eigenen Begriffen f\u00fcr Espresso und Cappuccino<\/p>\n<p>Sechs historische Kaffeeh\u00e4user und ihre faszinierende Geschichte bis zum heutigen Tag<\/p>\n<p>Viele Fotos und Einblicke in die Innenr\u00e4ume der sch\u00f6nsten Kaffeeh\u00e4user von Triest<\/p>\n<p>Eine Karte zur Orientierung und ein Tipp zum Kaffeepass f\u00fcr einige Kaffeeh\u00e4user in Triest<\/p>\n<\/div>\n<p>&nbsp;<\/p>\n<p><em><span style=\"color: #0000ff;\">Dieser Artikel wurde zuletzt am 1. Oktober 2025 aktualisiert.<\/span><\/em><\/p>\n\n<hr \/>\n<div class=\"fakten\">\n<h2>KAFFEEH\u00c4USER IN TRIEST<\/h2>\n<h3>FAKTEN<\/h3>\n<p><strong>Reisezeit: <\/strong>April (3 Tage, 3 \u00dcN), September (2 Tage, 2 \u00dcN)<br \/>\n<strong>Anreise: <\/strong>Details zu den Anreisem\u00f6glichkeiten siehe Artikel\u00a0<strong><a href=\"https:\/\/coeser.de\/blog\/index.php\/2024\/02\/29\/triest-hafenstadt-mit-flair\/\" target=\"_blank\" rel=\"noopener\">Triest: Die Hafenstadt mit Flair<\/a><\/strong><\/p>\n<p><strong>Unterkunft:<\/strong> <strong><a href=\"https:\/\/www.booking.com\/hotel\/it\/forvm-boutique.de.html?aid=1634405\" target=\"_blank\" rel=\"noopener\">Forvm Boutique Hotel<\/a>*<\/strong> (<em>Via Valdirivo, 30<\/em>): sehr sch\u00f6nes Boutiquehotel inmitten einer engen Gasse in der belebten Innenstadt von Triest, vom Bahnhof schnell in zehn Minuten Fu\u00dfweg erreichbar. Der <em>Canal Grande<\/em> ist drei Gassen entfernt, der zentrale Hauptplatz <em>Piazza Unit\u00e0 d&#8217;Italia<\/em> eine knappe Viertelstunde. Wundervolle Zimmer, trotz viel Verkehrsaufkommen ruhig dank Schallschutzfenstern, sehr bequemes Bett, super Dusche, schnelles WLAN, Klimaanlage vorhanden, Safe nicht. Vom sehr freundlichen Personal an der Rezeption bekamen wir ausgezeichnete Tipps f\u00fcr Lokale in der N\u00e4he. Fr\u00fchst\u00fcck nicht gebucht, da Triest gen\u00fcgend M\u00f6glichkeiten f\u00fcr authentische Morgensnacks bietet. <em>Weiterempfehlung? <\/em><strong>JA!<\/strong><\/p>\n<p><strong>Auf meiner bevorzugten Hotelsuchmaschine booking.com findest du weitere <a href=\"https:\/\/www.booking.com\/searchresults.de.html?city=-131346&amp;aid=1634405&amp;no_rooms=1&amp;group_adults=2\" target=\"_blank\" rel=\"noopener\">sch\u00f6ne Unterk\u00fcnfte in Triest<\/a>*.<\/strong><\/p>\n<div id='gallery-1' class='gallery galleryid-22980 gallery-columns-7 gallery-size-thumbnail'><figure class='gallery-item'>\n\t\t\t<div class='gallery-icon landscape'>\n\t\t\t\t<a href='https:\/\/coeser.de\/blog\/wp-content\/uploads\/2024\/02\/triest-forvm-boutique-hotel-01-christian-oeser.jpg' title=\"Au\u00dfenansicht des Forvm Boutique Hotel in Triest\" data-rl_title=\"Au\u00dfenansicht des Forvm Boutique Hotel in Triest\" class=\"rl-gallery-link\" data-rl_caption=\"Aufnahmeort anzeigen\" data-rel=\"lightbox-gallery-1\"><img loading=\"lazy\" decoding=\"async\" width=\"150\" height=\"150\" src=\"https:\/\/coeser.de\/blog\/wp-content\/uploads\/2024\/02\/triest-forvm-boutique-hotel-01-christian-oeser-150x150.jpg\" class=\"attachment-thumbnail size-thumbnail\" alt=\"Au\u00dfenansicht des Forvm Boutique Hotel in Triest\" aria-describedby=\"gallery-1-21916\" \/><\/a>\n\t\t\t<\/div>\n\t\t\t\t<figcaption class='wp-caption-text gallery-caption' id='gallery-1-21916'>\n\t\t\t\tAu\u00dfenansicht des Forvm Boutique Hotel in Triest\n\t\t\t\t<\/figcaption><\/figure><figure class='gallery-item'>\n\t\t\t<div class='gallery-icon landscape'>\n\t\t\t\t<a href='https:\/\/coeser.de\/blog\/wp-content\/uploads\/2024\/02\/triest-forvm-boutique-hotel-02-christian-oeser.jpg' title=\"Doppelzimmer im Forvm Boutique Hotel in Triest\" data-rl_title=\"Doppelzimmer im Forvm Boutique Hotel in Triest\" class=\"rl-gallery-link\" data-rl_caption=\"Aufnahmeort anzeigen\" data-rel=\"lightbox-gallery-1\"><img loading=\"lazy\" decoding=\"async\" width=\"150\" height=\"150\" src=\"https:\/\/coeser.de\/blog\/wp-content\/uploads\/2024\/02\/triest-forvm-boutique-hotel-02-christian-oeser-150x150.jpg\" class=\"attachment-thumbnail size-thumbnail\" alt=\"Doppelzimmer im Forvm Boutique Hotel in Triest\" aria-describedby=\"gallery-1-21917\" \/><\/a>\n\t\t\t<\/div>\n\t\t\t\t<figcaption class='wp-caption-text gallery-caption' id='gallery-1-21917'>\n\t\t\t\tDoppelzimmer im Forvm Boutique Hotel in Triest\n\t\t\t\t<\/figcaption><\/figure><figure class='gallery-item'>\n\t\t\t<div class='gallery-icon landscape'>\n\t\t\t\t<a href='https:\/\/coeser.de\/blog\/wp-content\/uploads\/2024\/02\/triest-forvm-boutique-hotel-03-christian-oeser.jpg' title=\"Doppelzimmer im Forvm Boutique Hotel in Triest\" data-rl_title=\"Doppelzimmer im Forvm Boutique Hotel in Triest\" class=\"rl-gallery-link\" data-rl_caption=\"Aufnahmeort anzeigen\" data-rel=\"lightbox-gallery-1\"><img loading=\"lazy\" decoding=\"async\" width=\"150\" height=\"150\" src=\"https:\/\/coeser.de\/blog\/wp-content\/uploads\/2024\/02\/triest-forvm-boutique-hotel-03-christian-oeser-150x150.jpg\" class=\"attachment-thumbnail size-thumbnail\" alt=\"Doppelzimmer im Forvm Boutique Hotel in Triest\" aria-describedby=\"gallery-1-21918\" \/><\/a>\n\t\t\t<\/div>\n\t\t\t\t<figcaption class='wp-caption-text gallery-caption' id='gallery-1-21918'>\n\t\t\t\tDoppelzimmer im Forvm Boutique Hotel in Triest\n\t\t\t\t<\/figcaption><\/figure><figure class='gallery-item'>\n\t\t\t<div class='gallery-icon landscape'>\n\t\t\t\t<a href='https:\/\/coeser.de\/blog\/wp-content\/uploads\/2024\/02\/triest-forvm-boutique-hotel-04-christian-oeser.jpg' title=\"Bad im Doppelzimmer im Forvm Boutique Hotel in Triest\" data-rl_title=\"Bad im Doppelzimmer im Forvm Boutique Hotel in Triest\" class=\"rl-gallery-link\" data-rl_caption=\"\" data-rel=\"lightbox-gallery-1\"><img loading=\"lazy\" decoding=\"async\" width=\"150\" height=\"150\" src=\"https:\/\/coeser.de\/blog\/wp-content\/uploads\/2024\/02\/triest-forvm-boutique-hotel-04-christian-oeser-150x150.jpg\" class=\"attachment-thumbnail size-thumbnail\" alt=\"Bad im Doppelzimmer im Forvm Boutique Hotel in Triest\" aria-describedby=\"gallery-1-21919\" \/><\/a>\n\t\t\t<\/div>\n\t\t\t\t<figcaption class='wp-caption-text gallery-caption' id='gallery-1-21919'>\n\t\t\t\tBad im Doppelzimmer im Forvm Boutique Hotel in Triest\n\t\t\t\t<\/figcaption><\/figure>\n\t\t<\/div>\n\n<\/div>\n<hr \/>\n<div class=\"extern\">\n<h3>TRANSPARENZHINWEIS<\/h3>\n<p>*Die mit Stern gekennzeichneten Verweise in diesem Blogartikel sind sogenannte Affiliate-Links. Wenn dir mein Blogartikel bei der Planung deiner Reise geholfen hat, freue ich mich, wenn du \u00fcber diese Links deine Unterkunft oder Freizeitaktivit\u00e4ten buchst. Ich erhalte dadurch eine kleine Provision und du unterst\u00fctzt den Erhalt dieses Blogs. F\u00fcr dich entstehen dabei selbstverst\u00e4ndlich keine Nachteile. Vielen Dank! \ud83d\ude42<\/p>\n<\/div>\n<p>&nbsp;<\/p>\n<hr \/>\n<h2><img loading=\"lazy\" decoding=\"async\" class=\"alignnone size-full wp-image-22982\" src=\"https:\/\/coeser.de\/blog\/wp-content\/uploads\/2024\/09\/triest-kaffeehaeuser-aufmacher1-caffe-san-marco-christian-oeser.jpg\" alt=\"Innenansicht des Caff\u00e8 San Marco in Triest\" width=\"970\" height=\"323\" srcset=\"https:\/\/coeser.de\/blog\/wp-content\/uploads\/2024\/09\/triest-kaffeehaeuser-aufmacher1-caffe-san-marco-christian-oeser.jpg 970w, https:\/\/coeser.de\/blog\/wp-content\/uploads\/2024\/09\/triest-kaffeehaeuser-aufmacher1-caffe-san-marco-christian-oeser-768x256.jpg 768w\" sizes=\"auto, (max-width: 970px) 100vw, 970px\" \/><\/h2>\n<h2>Kaffeetrinken oder: Ein Schauspiel in Triest<\/h2>\n<p>\u201eIst der Kaffee in Ordnung?\u201c werden meine Freundin und ich in s\u00fcffisantem und leicht genervtem Ton vom Kellner gefragt, als wir an der Theke stehend bereits seit zehn Minuten an unserem Espresso nippen und unz\u00e4hlige Fotos machen. Dass wir Touristen sind, merkt man uns wohl sehr schnell an, denn wir lernen hier erst die Gepflogenheiten des Kaffeetrinkens in Triest. Wie es im Alltag abl\u00e4uft, zeigt sich wenige Momente sp\u00e4ter. Ein gut gezwirnter Mann betritt das Lokal und wirft mit kr\u00e4ftiger Stimme dem Ober rasch einen Gru\u00df und die Bestellung zu. Die abgez\u00e4hlten M\u00fcnzen prasseln auf die Theke und schon steht ein \u201eNero\u201c f\u00fcr den Gast bereit. Lautstark sowie wild gestikulierend wird der neueste Tratsch und Klatsch ausgetauscht \u2013 keine zwei Minuten sp\u00e4ter ist das Schauspiel vorbei und der Mann verl\u00e4sst das Lokal.<\/p>\n<h3>Kaffee als nationales Gut<\/h3>\n<p>Die t\u00e4gliche Koffeinzufuhr ist nationales Kulturgut und ein Ritual der Einheimischen \u2013 rund 1.500 Tassen Espresso trinkt ein Triestiner im Schnitt pro Jahr! Es ist schon eine faszinierende Welt, die man in einem der zahlreichen Kaffeeh\u00e4user in Triest betritt. Obwohl optisch die gro\u00dfe \u00c4hnlichkeit zur Kaffeehauskultur in meiner Heimatstadt Wien bemerkbar ist, sind die Umst\u00e4nde doch ziemlich unterschiedlich. Von den Preisen f\u00fcr eine Tasse Espresso an der Bar, in Triest zum Zeitpunkt meines Besuchs zwischen 90 Cent und 1,20 Euro, kann man in Wien nur tr\u00e4umen. Zwar wird es eine Spur teurer, wenn man den Kaffee im Sitzen und nicht im Stehen trinkt, dennoch ist es immer noch eine \u00e4u\u00dferst g\u00fcnstige Option f\u00fcr eine Pause w\u00e4hrend des Sightseeings in dieser sehenswerten Stadt.<\/p>\n<hr \/>\n<div class=\"tipps\">\n<h2><img loading=\"lazy\" decoding=\"async\" class=\"alignnone size-full wp-image-21937\" src=\"https:\/\/coeser.de\/blog\/wp-content\/uploads\/2024\/02\/triest-aufmacher1-canal-grande-panorama-christian-oeser.jpg\" alt=\"Panorama des Canal Grande in Triest\" width=\"970\" height=\"323\" srcset=\"https:\/\/coeser.de\/blog\/wp-content\/uploads\/2024\/02\/triest-aufmacher1-canal-grande-panorama-christian-oeser.jpg 970w, https:\/\/coeser.de\/blog\/wp-content\/uploads\/2024\/02\/triest-aufmacher1-canal-grande-panorama-christian-oeser-768x256.jpg 768w\" sizes=\"auto, (max-width: 970px) 100vw, 970px\" \/><\/h2>\n<h2>TIPP: Weitere Artikel \u00fcber Triest<\/h2>\n<p><strong><a href=\"https:\/\/coeser.de\/blog\/index.php\/2024\/02\/29\/triest-hafenstadt-mit-flair\/\" target=\"_blank\" rel=\"noopener\">Triest: Die Hafenstadt mit Flair<\/a> \u2013 <\/strong>In diesem Artikel habe ich dir alle wichtigen und beeindruckenden Sehensw\u00fcrdigkeiten zusammengefasst, damit du w\u00e4hrend deiner St\u00e4dtereise das Maximum herausholen kannst.<\/p>\n<p><strong><a href=\"https:\/\/coeser.de\/blog\/index.php\/2024\/04\/04\/triest-wanderung-schloss-miramare\/\" target=\"_blank\" rel=\"noopener\">Triest: Wanderung zum Schloss Miramare<\/a><\/strong> \u2013 In diesem umfangreichen Beitrag beschreibe ich dir eine absolut gro\u00dfartige und sehr empfehlenswerte Wanderung von Triest zum nahegelegenen Schloss Miramare.<\/p>\n<\/div>\n<p>&nbsp;<\/p>\n<hr \/>\n<h2><img loading=\"lazy\" decoding=\"async\" class=\"alignnone size-full wp-image-22983\" src=\"https:\/\/coeser.de\/blog\/wp-content\/uploads\/2024\/09\/triest-kaffeehaeuser-aufmacher2-caffe-bomboniera-christian-oeser.jpg\" alt=\"Kaffee und Mehlspeisen im Caf\u00e9 Pasticceria La Bomboniera in Triest\" width=\"970\" height=\"323\" srcset=\"https:\/\/coeser.de\/blog\/wp-content\/uploads\/2024\/09\/triest-kaffeehaeuser-aufmacher2-caffe-bomboniera-christian-oeser.jpg 970w, https:\/\/coeser.de\/blog\/wp-content\/uploads\/2024\/09\/triest-kaffeehaeuser-aufmacher2-caffe-bomboniera-christian-oeser-768x256.jpg 768w\" sizes=\"auto, (max-width: 970px) 100vw, 970px\" \/><\/h2>\n<h2>Warum der Kaffee nach Triest kam<\/h2>\n<p>Dass Triest zur selbst ernannten Kaffeehauptstadt werden w\u00fcrde, geht auf zwei historische Umst\u00e4nde zur\u00fcck. Triest war einst <strong>Teil der Habsburgermonarchie<\/strong>, welche den Kaffee nach Triest brachte und der Stadt 1719 die <strong>Lizenz als Freihafen<\/strong> erteilte. Das war f\u00fcr den Import und die Verbreitung der Kaffeebohnen im Habsburgerreich und insbesondere in der Kaffeestadt Wien von gro\u00dfer Bedeutung. Rund um den Hafen siedelten sich H\u00e4ndler mit Lagerhallen, R\u00f6stereien und weitere Betriebe rund um die gr\u00fcne Bohne an. Bis heute ist der Hafen einer der bedeutendsten in ganz Italien. Triest ist auch Heimat der weltbekannten Marken <strong>Caff\u00e8 Hausbrandt<\/strong> (gegr\u00fcndet 1892) und <strong>Illy Caff\u00e8<\/strong> (gegr\u00fcndet 1933).<\/p>\n<h3>Kaffeeh\u00e4user als Treffpunkt in Triest<\/h3>\n<p>Rund um die Jahrhundertwende entstanden in Triest zahlreiche Kaffeeh\u00e4user. Sie waren der belebte und beliebte Treffpunkt einerseits f\u00fcr B\u00fcrger und Gesch\u00e4ftsm\u00e4nner, andererseits f\u00fcr Literaten wie James Joyce, Umberto Saba oder Italo Svevo. Die Inneneinrichtung einiger dieser historischen Caf\u00e9s hat sich bis heute nicht ver\u00e4ndert und wenn du sie betrittst, wirst du sofort die Magie der vergangenen Zeiten sp\u00fcren \u2013 siehe auch meine Fotos weiter unten im Artikel. Neben Espresso &amp; Co. laden die Kaffeeh\u00e4user in Triest auch dazu ein, eine der s\u00fcndigen Torten und Kuchen zu probieren oder einen Aperitivo Italiano einzunehmen.<\/p>\n<hr \/>\n<div class=\"tipps\">\n<h2><img loading=\"lazy\" decoding=\"async\" class=\"alignnone size-full wp-image-22985\" src=\"https:\/\/coeser.de\/blog\/wp-content\/uploads\/2024\/09\/triest-kaffeehaeuser-aufmacher3-caffe-degli-specchi-christian-oeser.jpg\" alt=\"Kaffeebestellen im Caff\u00e8 degli Specchi in Triest\" width=\"970\" height=\"323\" srcset=\"https:\/\/coeser.de\/blog\/wp-content\/uploads\/2024\/09\/triest-kaffeehaeuser-aufmacher3-caffe-degli-specchi-christian-oeser.jpg 970w, https:\/\/coeser.de\/blog\/wp-content\/uploads\/2024\/09\/triest-kaffeehaeuser-aufmacher3-caffe-degli-specchi-christian-oeser-768x256.jpg 768w\" sizes=\"auto, (max-width: 970px) 100vw, 970px\" \/><\/h2>\n<h2>Das 1&#215;1 des Kaffeebestellens in Triest<\/h2>\n<p><strong>Kaffee bestellen funktioniert in Triest ein wenig anders als im restlichen Italien.<\/strong> Die Stadt ist derart stark mit der gr\u00fcnen Bohne verbunden, dass sie auch gleich eigene Definitionen f\u00fcr die verschiedenen Arten von Kaffee benutzt. Bestelle mit den folgenden Begrifflichkeiten, um auch wirklich deinen gew\u00fcnschten Kaffee zu bekommen. Meine Freundin und ich tranken \u00fcbrigens am meisten einen <strong>Capo in B<\/strong> \u2013 sehr zu empfehlen!<\/p>\n<p><strong>Nero:<\/strong> Klassischer einfacher Espresso in einer Espressotasse<\/p>\n<p><strong>Nero in B:<\/strong> Ein Espresso in einem Glas, das B steht entsprechend f\u00fcr &#8222;Bicchiere&#8220; (Glas)<\/p>\n<p><strong>Deca:<\/strong> Ein koffeinfreier Espresso in einer Espressotasse<\/p>\n<p><strong>Deca in B:<\/strong> Ein koffeinfreier Espresso in einem Glas<\/p>\n<p><strong>Capo:<\/strong> Ein Espresso mit etwas Milchschaum in einer Espressotasse, entspricht einem Cappuccino<\/p>\n<p><strong>Capo in B:<\/strong> Ein Espresso mit etwas Milchschaum in einem Glas<\/p>\n<p><strong>Capo Deca:<\/strong> Ein koffeinfreier Espresso mit etwas Milchschaum in einer Espressotasse<\/p>\n<p><strong>Capo Deca in B:<\/strong> Ein koffeinfreier Espresso mit etwas Milchschaum in einem Glas<\/p>\n<p><strong>Caff\u00e9 gocciato o goccia:<\/strong> Ein Espresso mit einem Tropfen aufgesch\u00e4umter Milch<\/p>\n<\/div>\n<p>&nbsp;<\/p>\n<hr \/>\n<figure class=\"bigpicture\" style=\"width: 970px;\"><img loading=\"lazy\" decoding=\"async\" class=\"wp-image-22984 size-full\" src=\"https:\/\/coeser.de\/blog\/wp-content\/uploads\/2024\/09\/triest-kaffeehaeuser-kaffeepass-christian-oeser.jpg\" alt=\"Der Kaffeepass in Triest\" width=\"960\" height=\"640\" srcset=\"https:\/\/coeser.de\/blog\/wp-content\/uploads\/2024\/09\/triest-kaffeehaeuser-kaffeepass-christian-oeser.jpg 960w, https:\/\/coeser.de\/blog\/wp-content\/uploads\/2024\/09\/triest-kaffeehaeuser-kaffeepass-christian-oeser-768x512.jpg 768w, https:\/\/coeser.de\/blog\/wp-content\/uploads\/2024\/09\/triest-kaffeehaeuser-kaffeepass-christian-oeser-330x220.jpg 330w\" sizes=\"auto, (max-width: 960px) 100vw, 960px\" \/><figcaption class=\"bigpicture-text\">\n<h2>Der Kaffeepass in Triest<\/h2>\n<p>Den blauen Kaffeepass kannst du in der Touristeninfo am Hauptplatz <em>Piazza Unit\u00e0<\/em> kaufen. Du findest darin Gutscheine, mit denen du in einigen Kaffeeh\u00e4usern einen <strong>Stehkaffee an der Theke (1 Gutschein)<\/strong> oder einen <strong>Kaffee im Sitzen (3 Gutscheine notwendig)<\/strong> einl\u00f6sen kannst. Der Preis f\u00fcr den Kaffeepass und die Anzahl an Gutscheinen bzw. den teilnehmenden Lokalen wechselt immer wieder &#8211; w\u00e4hrend unseres Aufenthaltes waren neun Gutscheine und acht Lokale enthalten. Weiters gibt es allgemeine Infos zur Geschichte hinter dem Kaffeeboom in Triest, was die verschiedenen Kaffeebezeichnungen bedeuten (siehe auch das <em>1&#215;1 des Kaffeebestellens<\/em> in der blauen Infobox oben) und eine Karte mit den teilnehmenden Caf\u00e9s.<\/p>\n<\/figcaption><\/figure>\n<hr \/>\n<h2><img loading=\"lazy\" decoding=\"async\" class=\"alignnone size-full wp-image-22986\" src=\"https:\/\/coeser.de\/blog\/wp-content\/uploads\/2024\/09\/triest-kaffeehaeuser-aufmacher4-caffe-tommaseo-christian-oeser.jpg\" alt=\"Innenansicht des Caff\u00e8 Tommaseo in Triest\" width=\"970\" height=\"323\" srcset=\"https:\/\/coeser.de\/blog\/wp-content\/uploads\/2024\/09\/triest-kaffeehaeuser-aufmacher4-caffe-tommaseo-christian-oeser.jpg 970w, https:\/\/coeser.de\/blog\/wp-content\/uploads\/2024\/09\/triest-kaffeehaeuser-aufmacher4-caffe-tommaseo-christian-oeser-768x256.jpg 768w\" sizes=\"auto, (max-width: 970px) 100vw, 970px\" \/><\/h2>\n<h2>DIE 6 SCH\u00d6NSTEN KAFFEEH\u00c4USER IN TRIEST<\/h2>\n<p>Kommen wir nach der Theorie nun zur Praxis und zu einem der H\u00f6hepunkte in der Stadt: <strong>die sechs sch\u00f6nsten historischen Kaffeeh\u00e4user!<\/strong> Sie lassen sich exzellent mit <a href=\"https:\/\/coeser.de\/blog\/index.php\/2024\/02\/29\/triest-hafenstadt-mit-flair\/\" target=\"_blank\" rel=\"noopener\"><strong>Sightseeing in der Stadt<\/strong><\/a> verbinden und laden zu einer kurzen oder l\u00e4ngeren Pause ein. Ich gebe dir zu jedem Caf\u00e9 einen kleinen geschichtlichen Hintergrund, Fotos und meine pers\u00f6nlichen Eindr\u00fccke.<\/p>\n<figure class=\"bigpicture\" style=\"width: 970px;\"><img loading=\"lazy\" decoding=\"async\" class=\"wp-image-22988 size-full\" src=\"https:\/\/coeser.de\/blog\/wp-content\/uploads\/2024\/09\/triest-schoenste-kaffeehaeuser-karte-christian-oeser.png\" alt=\"Karte mit den sch\u00f6nsten Kaffeeh\u00e4usern in Triest\" width=\"960\" height=\"640\" \/><figcaption class=\"bigpicture-text\">\n<h2>Karte mit den sch\u00f6nsten Kaffeeh\u00e4usern in Triest<\/h2>\n<p>Auf dieser Karte siehst du meine pers\u00f6nlichen sechs Favoriten unter den sch\u00f6nsten Kaffeeh\u00e4usern in Triest, welche ich dir nachfolgend vorstelle. Nat\u00fcrlich gibt es noch viele weitere Caf\u00e9s in der Stadt, die es zu erkunden gilt! Falls du bei deiner St\u00e4dtereise auf weitere faszinierende Orte st\u00f6\u00dft, freue ich mich in den Kommentaren zu diesem Artikel auf deine Tipps f\u00fcr mich f\u00fcr das n\u00e4chste Mal in Triest.<\/p>\n<\/figcaption><\/figure>\n<h2>1) Kaffeeh\u00e4user in Triest: Antico Caff\u00e8 Torinese<\/h2>\n<p>Ich beginne meine Auflistung der sch\u00f6nsten Kaffeeh\u00e4user in Triest mit meinem absoluten Favoriten, dem <strong>Antico Caff\u00e8 Torinese<\/strong>. Es befindet sich am \u00f6stlichen Ende des <em>Piazza della Borsa<\/em> und kann im ersten Moment einfach \u00fcbersehen werden. Das ziemlich kleine Lokal wurde 1919 kurz nach dem Ersten Weltkrieg er\u00f6ffnet und bietet nur einer Handvoll Menschen Platz. Daf\u00fcr ist die Inneneinrichtung geradezu ph\u00e4nomenal sch\u00f6n! Sie besteht aus Marmor, Jugendstilelementen und einem gro\u00dfen Luster. Stell dich hier am besten nur auf eine kurze Pause ein, denn entlang der L-f\u00f6rmigen Theke findest du garantiert immer ein Pl\u00e4tzchen, um deinen Nero oder Capo zu trinken.<\/p>\n<figure class=\"bigpicture\" style=\"width: 970px;\"><img loading=\"lazy\" decoding=\"async\" class=\"wp-image-22993 size-full\" src=\"https:\/\/coeser.de\/blog\/wp-content\/uploads\/2024\/09\/triest-kaffeehaeuser-antico-caffe-torinese-01-christian-oeser.jpg\" alt=\"Kaffeeh\u00e4user in Triest: Antico Caff\u00e8 Torinese\" width=\"960\" height=\"640\" srcset=\"https:\/\/coeser.de\/blog\/wp-content\/uploads\/2024\/09\/triest-kaffeehaeuser-antico-caffe-torinese-01-christian-oeser.jpg 960w, https:\/\/coeser.de\/blog\/wp-content\/uploads\/2024\/09\/triest-kaffeehaeuser-antico-caffe-torinese-01-christian-oeser-768x512.jpg 768w, https:\/\/coeser.de\/blog\/wp-content\/uploads\/2024\/09\/triest-kaffeehaeuser-antico-caffe-torinese-01-christian-oeser-330x220.jpg 330w\" sizes=\"auto, (max-width: 960px) 100vw, 960px\" \/><figcaption class=\"bigpicture-text\">\n<h3>Kaffeetrinken in sch\u00f6nstem Ambiente<\/h3>\n<p>Strahlend sch\u00f6n pr\u00e4sentiert sich die Holzvert\u00e4felung im Antico Caff\u00e8 Torinese und wie du siehst, genie\u00dfe ich hier schon ganz stilecht meinen k\u00f6stlichen Capo in B an der Theke stehend.<\/p>\n<\/figcaption><\/figure>\n<figure class=\"bigpicture\" style=\"width: 970px;\"><img loading=\"lazy\" decoding=\"async\" class=\"wp-image-22994 size-full\" src=\"https:\/\/coeser.de\/blog\/wp-content\/uploads\/2024\/09\/triest-kaffeehaeuser-antico-caffe-torinese-02-christian-oeser.jpg\" alt=\"Kaffeeh\u00e4user in Triest: Antico Caff\u00e8 Torinese\" width=\"960\" height=\"640\" srcset=\"https:\/\/coeser.de\/blog\/wp-content\/uploads\/2024\/09\/triest-kaffeehaeuser-antico-caffe-torinese-02-christian-oeser.jpg 960w, https:\/\/coeser.de\/blog\/wp-content\/uploads\/2024\/09\/triest-kaffeehaeuser-antico-caffe-torinese-02-christian-oeser-768x512.jpg 768w, https:\/\/coeser.de\/blog\/wp-content\/uploads\/2024\/09\/triest-kaffeehaeuser-antico-caffe-torinese-02-christian-oeser-330x220.jpg 330w\" sizes=\"auto, (max-width: 960px) 100vw, 960px\" \/><figcaption class=\"bigpicture-text\">\n<h3>Kaffee der R\u00f6sterei Hausbrandt<\/h3>\n<p>Serviert wird im Antico Caff\u00e8 Torinese Kaffee von Hausbrandt. Diese Kaffeer\u00f6sterei wurde 1892 von Hermann Hausbrandt, einem Kommandanten der \u00f6sterreichischen Handelsmarine, gegr\u00fcndet und ist neben Illy die vorherrschende Marke in Triest.<\/p>\n<\/figcaption><\/figure>\n<figure class=\"bigpicture\" style=\"width: 970px;\"><img loading=\"lazy\" decoding=\"async\" class=\"wp-image-22995 size-full\" src=\"https:\/\/coeser.de\/blog\/wp-content\/uploads\/2024\/09\/triest-kaffeehaeuser-antico-caffe-torinese-03-christian-oeser.jpg\" alt=\"Kaffeeh\u00e4user in Triest: Antico Caff\u00e8 Torinese\" width=\"960\" height=\"640\" srcset=\"https:\/\/coeser.de\/blog\/wp-content\/uploads\/2024\/09\/triest-kaffeehaeuser-antico-caffe-torinese-03-christian-oeser.jpg 960w, https:\/\/coeser.de\/blog\/wp-content\/uploads\/2024\/09\/triest-kaffeehaeuser-antico-caffe-torinese-03-christian-oeser-768x512.jpg 768w, https:\/\/coeser.de\/blog\/wp-content\/uploads\/2024\/09\/triest-kaffeehaeuser-antico-caffe-torinese-03-christian-oeser-330x220.jpg 330w\" sizes=\"auto, (max-width: 960px) 100vw, 960px\" \/><figcaption class=\"bigpicture-text\">\n<h3>Kaffee und Cocktails<\/h3>\n<p>Das Antico Caff\u00e8 Torinese wurde 2014 von jungen Leuten \u00fcbernommen, die das Kleinod zum Gl\u00fcck weiterhin hegen und pflegen. Was damals neu hinzukam, ist die gro\u00dfe Auswahl an Cocktails, welche du als Alternative zum Kaffee probieren kannst.<\/p>\n<\/figcaption><\/figure>\n<hr \/>\n<h2>2) Kaffeeh\u00e4user in Triest: Caff\u00e8 degli Specchi<\/h2>\n<p>Das <strong>Caff\u00e8 degli Specchi<\/strong> ist das bekannteste und dementsprechend auch das von Touristen am meisten gest\u00fcrmte Lokal unter den sch\u00f6nsten Kaffeeh\u00e4usern in Triest. Es liegt in bester Lage direkt am Hauptplatz <em>Piazza Unit\u00e0<\/em> und ist in ein klassizistisches Palazzo aus dem Jahr 1839 integriert. Der Name geht auf das Innenleben zur\u00fcck, denn dort sind zahlreiche Spiegel (\u201eSpecchi\u201c) angebracht \u2013 damals ein sichtbares Zeichen von Luxus. Das Caff\u00e8 degli Specchi ist seit seiner Gr\u00fcndung bis heute ein Ort, um zu sehen und gesehen zu werden. Die Tische vor dem Lokal bieten einen perfekten Blick auf das gesch\u00e4ftige Treiben am Hauptplatz und es ist gar nicht so einfach, hier einen Platz zu ergattern.<\/p>\n<figure class=\"bigpicture\" style=\"width: 970px;\"><img loading=\"lazy\" decoding=\"async\" class=\"wp-image-22996 size-full\" src=\"https:\/\/coeser.de\/blog\/wp-content\/uploads\/2024\/09\/triest-kaffeehaeuser-caffe-degli-specchi-01-christian-oeser.jpg\" alt=\"Kaffeeh\u00e4user in Triest: Caff\u00e8 degli Specchi\" width=\"960\" height=\"640\" srcset=\"https:\/\/coeser.de\/blog\/wp-content\/uploads\/2024\/09\/triest-kaffeehaeuser-caffe-degli-specchi-01-christian-oeser.jpg 960w, https:\/\/coeser.de\/blog\/wp-content\/uploads\/2024\/09\/triest-kaffeehaeuser-caffe-degli-specchi-01-christian-oeser-768x512.jpg 768w, https:\/\/coeser.de\/blog\/wp-content\/uploads\/2024\/09\/triest-kaffeehaeuser-caffe-degli-specchi-01-christian-oeser-330x220.jpg 330w\" sizes=\"auto, (max-width: 960px) 100vw, 960px\" \/><figcaption class=\"bigpicture-text\">\n<h3>Warten auf einen Platz im Freien<\/h3>\n<p>Meine Freundin und ich schafften es, nach nur zehn Minuten Wartezeit einen Platz vor dem Caff\u00e8 degli Specchi zugewiesen zu bekommen. Das Ambiente ist hier aber schon extrem touristisch, was mir nicht so gefiel. Nachdem wir auch konsequent vom Personal ignoriert wurden, \u00e4nderten wir unsere Pl\u00e4ne und wechselten in das Innere \u2013 eine gute Entscheidung!<\/p>\n<\/figcaption><\/figure>\n<figure class=\"bigpicture\" style=\"width: 970px;\"><img loading=\"lazy\" decoding=\"async\" class=\"wp-image-22997 size-full\" src=\"https:\/\/coeser.de\/blog\/wp-content\/uploads\/2024\/09\/triest-kaffeehaeuser-caffe-degli-specchi-02-christian-oeser.jpg\" alt=\"Kaffeeh\u00e4user in Triest: Caff\u00e8 degli Specchi\" width=\"960\" height=\"640\" srcset=\"https:\/\/coeser.de\/blog\/wp-content\/uploads\/2024\/09\/triest-kaffeehaeuser-caffe-degli-specchi-02-christian-oeser.jpg 960w, https:\/\/coeser.de\/blog\/wp-content\/uploads\/2024\/09\/triest-kaffeehaeuser-caffe-degli-specchi-02-christian-oeser-768x512.jpg 768w, https:\/\/coeser.de\/blog\/wp-content\/uploads\/2024\/09\/triest-kaffeehaeuser-caffe-degli-specchi-02-christian-oeser-330x220.jpg 330w\" sizes=\"auto, (max-width: 960px) 100vw, 960px\" \/><figcaption class=\"bigpicture-text\">\n<h3>Wundersch\u00f6ne Inneneinrichtung<\/h3>\n<p>So interessant der Au\u00dfenbereich auch sein mag, das Innenleben des Caff\u00e8 degli Specchi ist der wahre Star und du solltest nicht verpassen, dich hier etwas umzusehen. Im Gegensatz zu drau\u00dfen war es an der Theke angenehm ruhig. Wir konnten sofort bestellen und gen\u00fcsslich unseren n\u00e4chsten Capo in B schl\u00fcrfend genie\u00dfen.<\/p>\n<\/figcaption><\/figure>\n<figure class=\"bigpicture\" style=\"width: 970px;\"><img loading=\"lazy\" decoding=\"async\" class=\"wp-image-22998 size-full\" src=\"https:\/\/coeser.de\/blog\/wp-content\/uploads\/2024\/09\/triest-kaffeehaeuser-caffe-degli-specchi-03-christian-oeser.jpg\" alt=\"Kaffeeh\u00e4user in Triest: Caff\u00e8 degli Specchi\" width=\"960\" height=\"640\" srcset=\"https:\/\/coeser.de\/blog\/wp-content\/uploads\/2024\/09\/triest-kaffeehaeuser-caffe-degli-specchi-03-christian-oeser.jpg 960w, https:\/\/coeser.de\/blog\/wp-content\/uploads\/2024\/09\/triest-kaffeehaeuser-caffe-degli-specchi-03-christian-oeser-768x512.jpg 768w, https:\/\/coeser.de\/blog\/wp-content\/uploads\/2024\/09\/triest-kaffeehaeuser-caffe-degli-specchi-03-christian-oeser-330x220.jpg 330w\" sizes=\"auto, (max-width: 960px) 100vw, 960px\" \/><figcaption class=\"bigpicture-text\">\n<h3>Gro\u00dfe Auswahl an Snacks<\/h3>\n<p>Beachtung verdienen sich in den Caf\u00e9s auch die Vitrinen mit allerlei K\u00f6stlichkeiten. Im Caff\u00e8 degli Specchi wird eine Vielzahl an s\u00fc\u00dfen und pikanten Snacks angeboten, wobei du einen positiven Umstand vor dem Bestellen wissen solltest: sobald du dich in einem Lokal hinsetzt und ein Getr\u00e4nk abseits von Kaffee orderst, erh\u00e4ltst du in der Regel Chips, Oliven oder andere K\u00f6stlichkeiten kostenlos auf den Tisch gestellt \u2013 sehr praktisch, um den kleinen Hunger zwischendurch zu stillen.<\/p>\n<\/figcaption><\/figure>\n<hr \/>\n<div class=\"tipps\">\n<h2><img loading=\"lazy\" decoding=\"async\" class=\"alignnone size-full wp-image-22105\" src=\"https:\/\/coeser.de\/blog\/wp-content\/uploads\/2024\/03\/triest-schloss-miramare-aufmacher2-wanderung-christian-oeser.jpg\" alt=\"Wanderung zum Schloss Miramare auf der Strada Napoleonica in Triest\" width=\"970\" height=\"323\" srcset=\"https:\/\/coeser.de\/blog\/wp-content\/uploads\/2024\/03\/triest-schloss-miramare-aufmacher2-wanderung-christian-oeser.jpg 970w, https:\/\/coeser.de\/blog\/wp-content\/uploads\/2024\/03\/triest-schloss-miramare-aufmacher2-wanderung-christian-oeser-768x256.jpg 768w\" sizes=\"auto, (max-width: 970px) 100vw, 970px\" \/><\/h2>\n<h2>TIPP: Ausfl\u00fcge in und rund um Triest<\/h2>\n<p>\u00dcber den Tourvermittler GetYourGuide kannst du ab Triest Ausfl\u00fcge in das Umland und in das benachbarte Slowenien buchen. Nachfolgend habe ich dir einige interessante Touren zusammengestellt:<\/p>\n<p><strong><a href=\"https:\/\/getyourguide.stay22.com\/coe1634405\/JUG-Ki17DB\" target=\"_blank\" rel=\"noopener\">Triest: Eintritt in das Schloss Miramare und Audio App<\/a>*<\/strong><\/p>\n<p><strong><a href=\"https:\/\/getyourguide.stay22.com\/coe1634405\/cpCURRx0BV\" target=\"_blank\" rel=\"noopener\">Triest: Gef\u00fchrter Rundgang f\u00fcr Feinschmecker<\/a>*<\/strong><\/p>\n<p><strong><a href=\"https:\/\/getyourguide.stay22.com\/coe1634405\/qBzdOoflbA\" target=\"_blank\" rel=\"noopener\">Ab Triest: Ausflug zur Postojna-H\u00f6hle und Burg Predjama<\/a>*<\/strong><\/p>\n<p><strong><a href=\"https:\/\/getyourguide.stay22.com\/coe1634405\/C7SqDYOWfo\" target=\"_blank\" rel=\"noopener\">Ab Triest: Ganzt\u00e4gige Bustour nach Ljubljana und zum Bleder See<\/a>*<\/strong><\/p>\n<p><strong><a href=\"https:\/\/getyourguide.stay22.com\/coe1634405\/oBJUOxj4Z-\" target=\"_blank\" rel=\"noopener\">Ab Triest: 2,5-st\u00fcndige Prosecco Origins Tour und Verkostungen<\/a>*<\/strong><\/p>\n<p><strong><a href=\"https:\/\/getyourguide.stay22.com\/coe1634405\/knxjnpSySo\" target=\"_blank\" rel=\"noopener\">Ab Triest: Tour nach Piran und an die slowenische K\u00fcste<\/a>*<\/strong><\/p>\n<\/div>\n<p>&nbsp;<\/p>\n<hr \/>\n<h2>3) Kaffeeh\u00e4user in Triest: Caff\u00e8 San Marco<\/h2>\n<p>Das <strong>Caff\u00e8 San Marco<\/strong> beeindruckte meine Freundin und mich zutiefst. Wir besuchten das 1914 er\u00f6ffnete Literatencaf\u00e9 zu abendlicher Zeit und g\u00f6nnten uns hier nur einen Deca in B, also einen koffeinfreien Espresso im Glas, um sp\u00e4ter auch noch schlafen zu k\u00f6nnen. Die Inneneinrichtung wirkt d\u00fcster, schwer und ist von der Zeit der Wiener Sezession beeinflusst: schwarze Holzvert\u00e4felungen und Tische, Marmor, gro\u00dfe Spiegel und dazwischen viele goldene, verspielt wirkende Elemente. Nur ein Jahr nach der Er\u00f6ffnung wurde das Caff\u00e8 San Marco von den Habsburgern auch schon wieder geschlossen, da es als Treffpunkt f\u00fcr Passf\u00e4lscher und politische Gegner galt. Erst nach dem Zweiten Weltkrieg wurde das Lokal nach einer Renovierung wiederer\u00f6ffnet.<\/p>\n<figure class=\"bigpicture\" style=\"width: 970px;\"><img loading=\"lazy\" decoding=\"async\" class=\"wp-image-22999 size-full\" src=\"https:\/\/coeser.de\/blog\/wp-content\/uploads\/2024\/09\/triest-kaffeehaeuser-caffe-san-marco-01-christian-oeser.jpg\" alt=\"Kaffeeh\u00e4user in Triest: Caff\u00e8 San Marco\" width=\"960\" height=\"640\" srcset=\"https:\/\/coeser.de\/blog\/wp-content\/uploads\/2024\/09\/triest-kaffeehaeuser-caffe-san-marco-01-christian-oeser.jpg 960w, https:\/\/coeser.de\/blog\/wp-content\/uploads\/2024\/09\/triest-kaffeehaeuser-caffe-san-marco-01-christian-oeser-768x512.jpg 768w, https:\/\/coeser.de\/blog\/wp-content\/uploads\/2024\/09\/triest-kaffeehaeuser-caffe-san-marco-01-christian-oeser-330x220.jpg 330w\" sizes=\"auto, (max-width: 960px) 100vw, 960px\" \/><figcaption class=\"bigpicture-text\">\n<h3>Umwerfendes Ambiente<\/h3>\n<p>Das Caff\u00e8 San Marco galt fr\u00fcher als Anziehungspunkt f\u00fcr Literaten und auch heute noch durchstr\u00f6mt eine Atmosph\u00e4re der Kunst und Kreativit\u00e4t das Lokal \u2013 jedenfalls redete ich mir das vor Ort ein. \ud83d\ude09 Am besten machst du dir selbst ein Bild von der Stimmung, die ich als gro\u00dfartig empfand!<\/p>\n<\/figcaption><\/figure>\n<figure class=\"bigpicture\" style=\"width: 970px;\"><img loading=\"lazy\" decoding=\"async\" class=\"wp-image-23000 size-full\" src=\"https:\/\/coeser.de\/blog\/wp-content\/uploads\/2024\/09\/triest-kaffeehaeuser-caffe-san-marco-02-christian-oeser.jpg\" alt=\"Kaffeeh\u00e4user in Triest: Caff\u00e8 San Marco\" width=\"960\" height=\"640\" srcset=\"https:\/\/coeser.de\/blog\/wp-content\/uploads\/2024\/09\/triest-kaffeehaeuser-caffe-san-marco-02-christian-oeser.jpg 960w, https:\/\/coeser.de\/blog\/wp-content\/uploads\/2024\/09\/triest-kaffeehaeuser-caffe-san-marco-02-christian-oeser-768x512.jpg 768w, https:\/\/coeser.de\/blog\/wp-content\/uploads\/2024\/09\/triest-kaffeehaeuser-caffe-san-marco-02-christian-oeser-330x220.jpg 330w\" sizes=\"auto, (max-width: 960px) 100vw, 960px\" \/><figcaption class=\"bigpicture-text\">\n<h3>M\u00e4chtige Kaffeemaschine<\/h3>\n<p>Ein echter Blickfang ist diese alte Kaffeemaschine, die wie ein K\u00f6nig auf der Theke im Caff\u00e8 San Marco thront und darauf wartet, dir k\u00f6stlichen Kaffee herabzulassen! Uns zauberte sie zwei Deca in B, die im Geschmack um nichts der koffeinhaltigen Variante nachstehen.<\/p>\n<\/figcaption><\/figure>\n<figure class=\"bigpicture\" style=\"width: 970px;\"><img loading=\"lazy\" decoding=\"async\" class=\"wp-image-23001 size-full\" src=\"https:\/\/coeser.de\/blog\/wp-content\/uploads\/2024\/09\/triest-kaffeehaeuser-caffe-san-marco-03-christian-oeser.jpg\" alt=\"Kaffeeh\u00e4user in Triest: Caff\u00e8 San Marco\" width=\"960\" height=\"640\" srcset=\"https:\/\/coeser.de\/blog\/wp-content\/uploads\/2024\/09\/triest-kaffeehaeuser-caffe-san-marco-03-christian-oeser.jpg 960w, https:\/\/coeser.de\/blog\/wp-content\/uploads\/2024\/09\/triest-kaffeehaeuser-caffe-san-marco-03-christian-oeser-768x512.jpg 768w, https:\/\/coeser.de\/blog\/wp-content\/uploads\/2024\/09\/triest-kaffeehaeuser-caffe-san-marco-03-christian-oeser-330x220.jpg 330w\" sizes=\"auto, (max-width: 960px) 100vw, 960px\" \/><figcaption class=\"bigpicture-text\">\n<h3>Buchhandlung im Caf\u00e9<\/h3>\n<p>Passend zum Status als Literatentreffpunkt gibt es im hinteren Teil des Caff\u00e8 San Marco seit einigen Jahren eine Buchhandlung. Meine Freundin und ich waren uns einig: die Kombination aus Caf\u00e9 und B\u00fccherei ist hier perfekt gegl\u00fcckt und macht richtig Lust darauf, sich mit einer guten Tasse Kaffee hinzusetzen und ein gutes Buch zu schm\u00f6kern.<\/p>\n<\/figcaption><\/figure>\n<hr \/>\n<h2>4) Kaffeeh\u00e4user in Triest: Caff\u00e8 Tommaseo<\/h2>\n<p>Das <strong>Caff\u00e8 Tommaseo<\/strong> z\u00e4hlt nicht nur zu den sch\u00f6nsten Kaffeeh\u00e4usern in Triest, es ist auch gleichzeitig das \u00e4lteste noch in Betrieb befindliche. Die Er\u00f6ffnung erfolgte 1830 durch Tomaso Marcato und so lautete zu Beginn der Name des Lokals auch <strong>Caff\u00e8 Tomaso<\/strong>. 1848 wurde es nach dem Schriftsteller Nicol\u00f2 Tommaseo umbenannt. Das Caf\u00e9 galt zu dieser Zeit als Ort f\u00fcr Anh\u00e4nger der italienischen Freiheitsbewegung. Nach einem missgl\u00fcckten Attentat auf Kaiser Franz Joseph I. 1882 bef\u00fcrchtete man Vergeltungsma\u00dfnahmen durch die Habsburger und \u00e4nderte vorsorglich den Namen wieder auf Caff\u00e8 Tomaso. Die bis heute verwendete Bezeichnung Caff\u00e8 Tommaseo wurde erst ab 1918 wieder eingef\u00fchrt, als Triest zu Italien kam.<\/p>\n<figure class=\"bigpicture\" style=\"width: 970px;\"><img loading=\"lazy\" decoding=\"async\" class=\"wp-image-23002 size-full\" src=\"https:\/\/coeser.de\/blog\/wp-content\/uploads\/2024\/09\/triest-kaffeehaeuser-caffe-tommaseo-01-christian-oeser.jpg\" alt=\"Kaffeeh\u00e4user in Triest: Caff\u00e8 Tommaseo\" width=\"960\" height=\"640\" srcset=\"https:\/\/coeser.de\/blog\/wp-content\/uploads\/2024\/09\/triest-kaffeehaeuser-caffe-tommaseo-01-christian-oeser.jpg 960w, https:\/\/coeser.de\/blog\/wp-content\/uploads\/2024\/09\/triest-kaffeehaeuser-caffe-tommaseo-01-christian-oeser-768x512.jpg 768w, https:\/\/coeser.de\/blog\/wp-content\/uploads\/2024\/09\/triest-kaffeehaeuser-caffe-tommaseo-01-christian-oeser-330x220.jpg 330w\" sizes=\"auto, (max-width: 960px) 100vw, 960px\" \/><figcaption class=\"bigpicture-text\">\n<h3>Kaffeetrinken in feinster Umgebung<\/h3>\n<p>Das Caff\u00e8 Tommaseo wirkt durch die neoklassizistische Architektur von au\u00dfen genauso wie von innen: hell, aufger\u00e4umt und unheimlich geschmackvoll. Unseren Capo in B tranken meine Freundin und ich in einem fast leeren Lokal, was uns aufgrund der Bekanntheit des Caf\u00e9s doch etwas \u00fcberraschte.<\/p>\n<\/figcaption><\/figure>\n<figure class=\"bigpicture\" style=\"width: 970px;\"><img loading=\"lazy\" decoding=\"async\" class=\"wp-image-23003 size-full\" src=\"https:\/\/coeser.de\/blog\/wp-content\/uploads\/2024\/09\/triest-kaffeehaeuser-caffe-tommaseo-02-christian-oeser.jpg\" alt=\"Kaffeeh\u00e4user in Triest: Caff\u00e8 Tommaseo\" width=\"960\" height=\"640\" srcset=\"https:\/\/coeser.de\/blog\/wp-content\/uploads\/2024\/09\/triest-kaffeehaeuser-caffe-tommaseo-02-christian-oeser.jpg 960w, https:\/\/coeser.de\/blog\/wp-content\/uploads\/2024\/09\/triest-kaffeehaeuser-caffe-tommaseo-02-christian-oeser-768x512.jpg 768w, https:\/\/coeser.de\/blog\/wp-content\/uploads\/2024\/09\/triest-kaffeehaeuser-caffe-tommaseo-02-christian-oeser-330x220.jpg 330w\" sizes=\"auto, (max-width: 960px) 100vw, 960px\" \/><figcaption class=\"bigpicture-text\">\n<h3>Ein Kaffeehaus wie in Wien<\/h3>\n<p>Im Caff\u00e8 Tommaseo empfehle ich dir, dich ausf\u00fchrlich in allen Ecken umzusehen. Ich f\u00fchlte mich sehr oft an klassische Wiener Kaffeeh\u00e4user erinnert und machte ein Dutzend Fotos von der zauberhaften Inneneinrichtung.<\/p>\n<\/figcaption><\/figure>\n<figure class=\"bigpicture\" style=\"width: 970px;\"><img loading=\"lazy\" decoding=\"async\" class=\"wp-image-23004 size-full\" src=\"https:\/\/coeser.de\/blog\/wp-content\/uploads\/2024\/09\/triest-kaffeehaeuser-caffe-tommaseo-03-christian-oeser.jpg\" alt=\"Kaffeeh\u00e4user in Triest: Caff\u00e8 Tommaseo\" width=\"960\" height=\"640\" srcset=\"https:\/\/coeser.de\/blog\/wp-content\/uploads\/2024\/09\/triest-kaffeehaeuser-caffe-tommaseo-03-christian-oeser.jpg 960w, https:\/\/coeser.de\/blog\/wp-content\/uploads\/2024\/09\/triest-kaffeehaeuser-caffe-tommaseo-03-christian-oeser-768x512.jpg 768w, https:\/\/coeser.de\/blog\/wp-content\/uploads\/2024\/09\/triest-kaffeehaeuser-caffe-tommaseo-03-christian-oeser-330x220.jpg 330w\" sizes=\"auto, (max-width: 960px) 100vw, 960px\" \/><figcaption class=\"bigpicture-text\">\n<h3>Torten zum Anbei\u00dfen<\/h3>\n<p>Der Blick in die Vitrine neben der Theke lie\u00df mir wieder einmal das Wasser im Mund zusammenrinnen. Die Tortenauswahl sah fantastisch aus und lie\u00df bereits rein optisch die hohe Konditorkunst in Triest erahnen.<\/p>\n<\/figcaption><\/figure>\n<hr \/>\n<h2>5) Kaffeeh\u00e4user in Triest: Caff\u00e8 Stella Polare<\/h2>\n<p>Das <strong>Caff\u00e8 Stella Polare<\/strong> kam uns wie gerufen, als wir vom Sightseeing erm\u00fcdet dringend eine Pause ben\u00f6tigten. Es befindet sich direkt neben der Kirche Sant\u2019Antonio Taumaturgo in sehr guter Lage in unmittelbarer N\u00e4he zum <em>Canal Grande<\/em>. Der irische Schriftsteller James Joyce soll hier laufend ein- und ausgegangen sein \u2013 seine Statue als Andenken steht nicht weit entfernt auf der Br\u00fccke <em>Ponte Rosso<\/em>. Das Caff\u00e8 Stella Polare wurde 1865 er\u00f6ffnet und musste von 1902 bis 1904 in einen provisorischen Pavillon aus Holz und Gips umziehen, als das Geb\u00e4ude einem Abriss zum Opfer fiel. Danach zog es wieder in den Neubau zur\u00fcck. Erneute Ber\u00fchmtheit erzielte das Lokal nach dem Zweiten Weltkrieg, als es von Anglo-Amerikanern als Tanzcaf\u00e9 genutzt wurde.<\/p>\n<figure class=\"bigpicture\" style=\"width: 970px;\"><img loading=\"lazy\" decoding=\"async\" class=\"wp-image-23005 size-full\" src=\"https:\/\/coeser.de\/blog\/wp-content\/uploads\/2024\/09\/triest-kaffeehaeuser-caffe-stella-polare-01-christian-oeser.jpg\" alt=\"Kaffeeh\u00e4user in Triest: Caff\u00e8 Stella Polare\" width=\"960\" height=\"640\" srcset=\"https:\/\/coeser.de\/blog\/wp-content\/uploads\/2024\/09\/triest-kaffeehaeuser-caffe-stella-polare-01-christian-oeser.jpg 960w, https:\/\/coeser.de\/blog\/wp-content\/uploads\/2024\/09\/triest-kaffeehaeuser-caffe-stella-polare-01-christian-oeser-768x512.jpg 768w, https:\/\/coeser.de\/blog\/wp-content\/uploads\/2024\/09\/triest-kaffeehaeuser-caffe-stella-polare-01-christian-oeser-330x220.jpg 330w\" sizes=\"auto, (max-width: 960px) 100vw, 960px\" \/><figcaption class=\"bigpicture-text\">\n<h3>Nicht mehr historisch, aber sch\u00f6n<\/h3>\n<p>Heute sind im Caff\u00e8 Stella Polare von der urspr\u00fcnglichen luxuri\u00f6sen Ausstattung aus Stuck und vergoldeten Spiegeln leider nur noch sehr wenige Elemente erhalten geblieben, sodass die historische Atmosph\u00e4re nur erahnt werden kann. Ich fand das Caf\u00e9 aber dennoch sehr stimmig und empfehlenswert.<\/p>\n<\/figcaption><\/figure>\n<figure class=\"bigpicture\" style=\"width: 970px;\"><img loading=\"lazy\" decoding=\"async\" class=\"wp-image-23006 size-full\" src=\"https:\/\/coeser.de\/blog\/wp-content\/uploads\/2024\/09\/triest-kaffeehaeuser-caffe-stella-polare-02-christian-oeser.jpg\" alt=\"Kaffeeh\u00e4user in Triest: Caff\u00e8 Stella Polare\" width=\"960\" height=\"640\" srcset=\"https:\/\/coeser.de\/blog\/wp-content\/uploads\/2024\/09\/triest-kaffeehaeuser-caffe-stella-polare-02-christian-oeser.jpg 960w, https:\/\/coeser.de\/blog\/wp-content\/uploads\/2024\/09\/triest-kaffeehaeuser-caffe-stella-polare-02-christian-oeser-768x512.jpg 768w, https:\/\/coeser.de\/blog\/wp-content\/uploads\/2024\/09\/triest-kaffeehaeuser-caffe-stella-polare-02-christian-oeser-330x220.jpg 330w\" sizes=\"auto, (max-width: 960px) 100vw, 960px\" \/><figcaption class=\"bigpicture-text\">\n<h3>Caff\u00e8 illy direkt aus Triest<\/h3>\n<p>Unser bestellter Caff\u00e8 Nero kam in Form von Illy, der zweiten bedeutenden Marke in Triest. Der weiter oben schon erw\u00e4hnte Kommandant Hermann Hausbrandt tat sich 1933 mit dem ungarischen Gesch\u00e4ftsmann Francesco Illy zusammen, um die <em>Illy &amp; Hausbrandt Industria Nazionale Caff\u00e8<\/em> zu gr\u00fcnden. 1960 trennten sich die Wege und es entstand neben <em>Hausbrandt<\/em> die Marke <em>illycaff\u00e8<\/em>.<\/p>\n<\/figcaption><\/figure>\n<figure class=\"bigpicture\" style=\"width: 970px;\"><img loading=\"lazy\" decoding=\"async\" class=\"wp-image-23007 size-full\" src=\"https:\/\/coeser.de\/blog\/wp-content\/uploads\/2024\/09\/triest-kaffeehaeuser-caffe-stella-polare-03-christian-oeser.jpg\" alt=\"Kaffeeh\u00e4user in Triest: Caff\u00e8 Stella Polare\" width=\"960\" height=\"640\" srcset=\"https:\/\/coeser.de\/blog\/wp-content\/uploads\/2024\/09\/triest-kaffeehaeuser-caffe-stella-polare-03-christian-oeser.jpg 960w, https:\/\/coeser.de\/blog\/wp-content\/uploads\/2024\/09\/triest-kaffeehaeuser-caffe-stella-polare-03-christian-oeser-768x512.jpg 768w, https:\/\/coeser.de\/blog\/wp-content\/uploads\/2024\/09\/triest-kaffeehaeuser-caffe-stella-polare-03-christian-oeser-330x220.jpg 330w\" sizes=\"auto, (max-width: 960px) 100vw, 960px\" \/><figcaption class=\"bigpicture-text\">\n<h3>S\u00fc\u00dfes und Pikantes<\/h3>\n<p>Auch hier siehst du wieder die typischen Mehlspeisen, Kuchen und Cannelloni, wie es sie in so gut wie allen Caf\u00e9s in Triest zu kaufen gibt. Nicht abgebildet sind in diesem Bild die pikanten Snacks, von denen ich mir ein mit Schinken gef\u00fclltes Cornetto g\u00f6nnte \u2013 Pr\u00e4dikat k\u00f6stlich!<\/p>\n<\/figcaption><\/figure>\n<hr \/>\n<h2>6) Kaffeeh\u00e4user in Triest: Pasticceria La Bomboniera<\/h2>\n<p>Streng genommen handelt es sich bei der <strong>Pasticceria La Bomboniera<\/strong> um kein klassisches Kaffeehaus \u2013 in meiner Sammlung der sch\u00f6nsten Kaffeeh\u00e4user in Triest darf die Konditorei aber trotzdem nicht fehlen. Nach dem Betreten des sehr kleinen Verkaufsraums glaubt man, die Zeit w\u00e4re in der Habsburgermonarchie stehengeblieben. Die Vitrinen sind prall gef\u00fcllt mit \u00f6sterreichisch-ungarischen Mehlspeisen, die sich hier mit ihren italienischen Pendants vermischen. Der Kaffee steht klar an zweiter Stelle, weil die s\u00fc\u00dfen Versuchungen so viel Aufmerksamkeit auf sich ziehen \u2013 unbedingt vorbeischauen und etwas probieren oder mitnehmen!<\/p>\n<figure class=\"bigpicture\" style=\"width: 970px;\"><img loading=\"lazy\" decoding=\"async\" class=\"wp-image-23008 size-full\" src=\"https:\/\/coeser.de\/blog\/wp-content\/uploads\/2024\/09\/triest-kaffeehaeuser-pasticceria-la-bomboniera-01-christian-oeser.jpg\" alt=\"Kaffeeh\u00e4user in Triest: Pasticceria La Bomboniera\" width=\"960\" height=\"640\" srcset=\"https:\/\/coeser.de\/blog\/wp-content\/uploads\/2024\/09\/triest-kaffeehaeuser-pasticceria-la-bomboniera-01-christian-oeser.jpg 960w, https:\/\/coeser.de\/blog\/wp-content\/uploads\/2024\/09\/triest-kaffeehaeuser-pasticceria-la-bomboniera-01-christian-oeser-768x512.jpg 768w, https:\/\/coeser.de\/blog\/wp-content\/uploads\/2024\/09\/triest-kaffeehaeuser-pasticceria-la-bomboniera-01-christian-oeser-330x220.jpg 330w\" sizes=\"auto, (max-width: 960px) 100vw, 960px\" \/><figcaption class=\"bigpicture-text\">\n<h3>Einladende Fassade<\/h3>\n<p>Schon die Au\u00dfenfassade der 1836 er\u00f6ffneten Pasticceria La Bomboniera l\u00e4sst erahnen, welcher Schatz im Inneren wartet. Die Konditorei wurde urspr\u00fcnglich von einer j\u00fcdischen Familie gegr\u00fcndet und steht heute im Besitz der italienischen Chocolatier-Familie Faggiotto, welche die alten Traditionen unter anderem mit einem Holzofen fortf\u00fchrt.<\/p>\n<\/figcaption><\/figure>\n<figure class=\"bigpicture\" style=\"width: 970px;\"><img loading=\"lazy\" decoding=\"async\" class=\"wp-image-23009 size-full\" src=\"https:\/\/coeser.de\/blog\/wp-content\/uploads\/2024\/09\/triest-kaffeehaeuser-pasticceria-la-bomboniera-02-christian-oeser.jpg\" alt=\"Kaffeeh\u00e4user in Triest: Pasticceria La Bomboniera\" width=\"960\" height=\"640\" srcset=\"https:\/\/coeser.de\/blog\/wp-content\/uploads\/2024\/09\/triest-kaffeehaeuser-pasticceria-la-bomboniera-02-christian-oeser.jpg 960w, https:\/\/coeser.de\/blog\/wp-content\/uploads\/2024\/09\/triest-kaffeehaeuser-pasticceria-la-bomboniera-02-christian-oeser-768x512.jpg 768w, https:\/\/coeser.de\/blog\/wp-content\/uploads\/2024\/09\/triest-kaffeehaeuser-pasticceria-la-bomboniera-02-christian-oeser-330x220.jpg 330w\" sizes=\"auto, (max-width: 960px) 100vw, 960px\" \/><figcaption class=\"bigpicture-text\">\n<h3>Unglaubliches Angebot<\/h3>\n<p>Wie im M\u00e4rchenland der s\u00fc\u00dfen S\u00fcnde f\u00fchlt man sich nach dem Betreten der Pasticceria La Bomboniera! Gef\u00fcllte Krapfen und Kipferl, Cremeschnitten, diverse Torten, Schmalzgeb\u00e4ck mit Zucker, Striezeln und vieles mehr wartet darauf, verkostet zu werden. Wenn du nur einmal in das Gesch\u00e4ft kommst, ist die Qual der Wahl nat\u00fcrlich \u00e4u\u00dferst schwierig bei so vielen Versuchungen.<\/p>\n<\/figcaption><\/figure>\n<figure class=\"bigpicture\" style=\"width: 970px;\"><img loading=\"lazy\" decoding=\"async\" class=\"wp-image-23010 size-full\" src=\"https:\/\/coeser.de\/blog\/wp-content\/uploads\/2024\/09\/triest-kaffeehaeuser-pasticceria-la-bomboniera-03-christian-oeser.jpg\" alt=\"Kaffeeh\u00e4user in Triest: Pasticceria La Bomboniera\" width=\"960\" height=\"640\" srcset=\"https:\/\/coeser.de\/blog\/wp-content\/uploads\/2024\/09\/triest-kaffeehaeuser-pasticceria-la-bomboniera-03-christian-oeser.jpg 960w, https:\/\/coeser.de\/blog\/wp-content\/uploads\/2024\/09\/triest-kaffeehaeuser-pasticceria-la-bomboniera-03-christian-oeser-768x512.jpg 768w, https:\/\/coeser.de\/blog\/wp-content\/uploads\/2024\/09\/triest-kaffeehaeuser-pasticceria-la-bomboniera-03-christian-oeser-330x220.jpg 330w\" sizes=\"auto, (max-width: 960px) 100vw, 960px\" \/><figcaption class=\"bigpicture-text\">\n<h3>Habsburger Flair in Triest<\/h3>\n<p>An Platz mangelt es leider in der Pasticceria La Bomboniera, aber es gibt zumindest kleine ausklappbare Tische, an denen man im Stehen seine Bestellung verzehren kann. Zu jedem Kaffee wird auch eine kleine hei\u00dfe Schokolade gereicht, die unglaublich gut und lecker ist! Noch ein Wort zur Innengestaltung: der Boden weist das typische Muster des <a href=\"https:\/\/coeser.de\/blog\/index.php\/2018\/04\/10\/otto-wagners-wien-erbe-eines-visionaers\/\" target=\"_blank\" rel=\"noopener\"><strong>Wiener Architekten Otto Wagner<\/strong><\/a> auf, wie man es in meiner Heimatstadt in <a href=\"https:\/\/coeser.de\/blog\/index.php\/2020\/08\/18\/wiener-highlights-otto-wagners-stadtbahn\/\" target=\"_blank\" rel=\"noopener\"><strong>historischen U-Bahn-Stationen<\/strong><\/a> und <a href=\"https:\/\/coeser.de\/blog\/index.php\/2018\/04\/17\/otto-wagners-wien-die-unbekannten-schaetze\/\" target=\"_blank\" rel=\"noopener\"><strong>vielen Mietsh\u00e4usern<\/strong><\/a> findet.<\/p>\n<\/figcaption><\/figure>\n<hr \/>\n<div class=\"fazit\">\n<h2>FAZIT<\/h2>\n<p>Triest ist eine wundersch\u00f6ne Stadt mit zahlreichen sehenswerten Orten und Pl\u00e4tzen. Allein die sch\u00f6nsten Kaffeeh\u00e4user aus vergangenen Zeiten sind Grund genug, um Triest auf deine To-do-Liste f\u00fcr die n\u00e4chste St\u00e4dtereise in Europa zu setzen. Ich finde es gro\u00dfartig, wie die historische Substanz erhalten wurde und man heute noch gut nachf\u00fchlen kann, wie es damals gewesen sein muss, seinen Espresso in stilvollem Ambiente zu zelebrieren. Die hier im Artikel vorgestellten sechs Kaffeeh\u00e4user sind meine pers\u00f6nlichen Favoriten, aber wie sieht es mit dir aus? Welches gef\u00e4llt dir am besten oder hast du einen komplett anderen Tipp, wo sich in Triest das sch\u00f6nste Kaffeehaus befindet? Schreib mir gerne einen Kommentar, ich bin neugierig auf deine Meinung! \ud83d\ude42<\/p>\n<\/div>\n<p>&nbsp;<\/p>\n<div style=\"display: none;\">\n<p><img loading=\"lazy\" decoding=\"async\" class=\"alignnone size-full wp-image-22992\" src=\"https:\/\/coeser.de\/blog\/wp-content\/uploads\/2024\/09\/triest-kaffeehaeuser-p02-christian-oeser.jpg\" alt=\"Kaffeeh\u00e4user in Triest: Die 6 sch\u00f6nsten Caf\u00e9s mit pers\u00f6nlichen Erfahrungen, den besten Fotospots sowie allgemeinen Tipps.\" width=\"735\" height=\"1102\" \/><\/p>\n<p><img loading=\"lazy\" decoding=\"async\" class=\"alignnone size-full wp-image-22991\" src=\"https:\/\/coeser.de\/blog\/wp-content\/uploads\/2024\/09\/triest-kaffeehaeuser-p01-christian-oeser.jpg\" alt=\"Kaffeeh\u00e4user in Triest: Die 6 sch\u00f6nsten Caf\u00e9s mit pers\u00f6nlichen Erfahrungen, den besten Fotospots sowie allgemeinen Tipps.\" width=\"735\" height=\"1102\" \/><\/p>\n<\/div>\n","protected":false},"excerpt":{"rendered":"<p>Ist f\u00fcr dich Kaffee ein Lebenselixier und unbedingt notwendig, um genussvoll in den Tag zu starten? Dann ist Triest das absolute Paradies f\u00fcr dich! In der Stadt an der Adria wird die gr\u00fcne Bohne seit langer Zeit zelebriert und spiegelt sich in den grandiosen, historischen Kaffeeh\u00e4usern wider. Ich habe mir sechs Lokale angesehen, wo sich [&hellip;]<\/p>\n","protected":false},"author":1,"featured_media":22981,"comment_status":"open","ping_status":"closed","sticky":false,"template":"","format":"standard","meta":{"_jetpack_memberships_contains_paid_content":false,"footnotes":""},"categories":[101],"tags":[9,11,12,487,41,68,10,484],"class_list":["post-22980","post","type-post","status-publish","format-standard","has-post-thumbnail","hentry","category-italien","tag-cityguide","tag-fotospots","tag-fototipps","tag-kaffeehaeuser","tag-reisebericht","tag-reisefuehrer","tag-staedtereise","tag-triest"],"yoast_head":"<!-- This site is optimized with the Yoast SEO plugin v27.4 - https:\/\/yoast.com\/product\/yoast-seo-wordpress\/ -->\n<title>Triest: Die 6 sch\u00f6nsten Kaffeeh\u00e4user - Reiseblog und Fotostories von Christian \u00d6ser<\/title>\n<meta name=\"description\" content=\"Kaffeeh\u00e4user in Triest: Die 6 sch\u00f6nsten Caf\u00e9s mit pers\u00f6nlichen Erfahrungen, den besten Fotospots sowie allgemeinen Tipps.\" \/>\n<meta name=\"robots\" content=\"index, follow, max-snippet:-1, max-image-preview:large, max-video-preview:-1\" \/>\n<link rel=\"canonical\" href=\"https:\/\/coeser.de\/blog\/index.php\/2024\/09\/09\/triest-6-schoenste-kaffeehaeuser\/\" \/>\n<meta property=\"og:locale\" content=\"de_DE\" \/>\n<meta property=\"og:type\" content=\"article\" \/>\n<meta property=\"og:title\" content=\"Triest: Die 6 sch\u00f6nsten Kaffeeh\u00e4user - Reiseblog und Fotostories von Christian \u00d6ser\" \/>\n<meta property=\"og:description\" content=\"Kaffeeh\u00e4user in Triest: Die 6 sch\u00f6nsten Caf\u00e9s mit pers\u00f6nlichen Erfahrungen, den besten Fotospots sowie allgemeinen Tipps.\" \/>\n<meta property=\"og:url\" content=\"https:\/\/coeser.de\/blog\/index.php\/2024\/09\/09\/triest-6-schoenste-kaffeehaeuser\/\" \/>\n<meta property=\"og:site_name\" content=\"fern &amp; nah - Reiseblog und Fotostories von Christian \u00d6ser\" \/>\n<meta property=\"article:publisher\" content=\"Christian \u00d6ser\" \/>\n<meta property=\"article:author\" content=\"Christian \u00d6ser\" \/>\n<meta property=\"article:published_time\" content=\"2024-09-09T08:07:36+00:00\" \/>\n<meta property=\"article:modified_time\" content=\"2025-10-01T15:38:57+00:00\" \/>\n<meta property=\"og:image\" content=\"https:\/\/coeser.de\/blog\/wp-content\/uploads\/2024\/09\/triest-kaffeehaeuser-aufmacher-antico-caffe-torinese-christian-oeser.jpg\" \/>\n\t<meta property=\"og:image:width\" content=\"978\" \/>\n\t<meta property=\"og:image:height\" content=\"550\" \/>\n\t<meta property=\"og:image:type\" content=\"image\/jpeg\" \/>\n<meta name=\"author\" content=\"Christian \u00d6ser\" \/>\n<meta name=\"twitter:card\" content=\"summary_large_image\" \/>\n<meta name=\"twitter:label1\" content=\"Verfasst von\" \/>\n\t<meta name=\"twitter:data1\" content=\"Christian \u00d6ser\" \/>\n\t<meta name=\"twitter:label2\" content=\"Gesch\u00e4tzte Lesezeit\" \/>\n\t<meta name=\"twitter:data2\" content=\"23\u00a0Minuten\" \/>\n<script type=\"application\/ld+json\" class=\"yoast-schema-graph\">{\"@context\":\"https:\\\/\\\/schema.org\",\"@graph\":[{\"@type\":\"Article\",\"@id\":\"https:\\\/\\\/coeser.de\\\/blog\\\/index.php\\\/2024\\\/09\\\/09\\\/triest-6-schoenste-kaffeehaeuser\\\/#article\",\"isPartOf\":{\"@id\":\"https:\\\/\\\/coeser.de\\\/blog\\\/index.php\\\/2024\\\/09\\\/09\\\/triest-6-schoenste-kaffeehaeuser\\\/\"},\"author\":{\"name\":\"Christian \u00d6ser\",\"@id\":\"https:\\\/\\\/coeser.de\\\/blog\\\/#\\\/schema\\\/person\\\/fda1d253389076b2cadc3d47018cf315\"},\"headline\":\"Triest: Die 6 sch\u00f6nsten Kaffeeh\u00e4user\",\"datePublished\":\"2024-09-09T08:07:36+00:00\",\"dateModified\":\"2025-10-01T15:38:57+00:00\",\"mainEntityOfPage\":{\"@id\":\"https:\\\/\\\/coeser.de\\\/blog\\\/index.php\\\/2024\\\/09\\\/09\\\/triest-6-schoenste-kaffeehaeuser\\\/\"},\"wordCount\":3278,\"commentCount\":6,\"publisher\":{\"@id\":\"https:\\\/\\\/coeser.de\\\/blog\\\/#\\\/schema\\\/person\\\/fda1d253389076b2cadc3d47018cf315\"},\"image\":{\"@id\":\"https:\\\/\\\/coeser.de\\\/blog\\\/index.php\\\/2024\\\/09\\\/09\\\/triest-6-schoenste-kaffeehaeuser\\\/#primaryimage\"},\"thumbnailUrl\":\"https:\\\/\\\/coeser.de\\\/blog\\\/wp-content\\\/uploads\\\/2024\\\/09\\\/triest-kaffeehaeuser-aufmacher-antico-caffe-torinese-christian-oeser.jpg\",\"keywords\":[\"Cityguide\",\"Fotospots\",\"Fototipps\",\"Kaffeeh\u00e4user\",\"Reisebericht\",\"Reisef\u00fchrer\",\"St\u00e4dtereise\",\"Triest\"],\"articleSection\":[\"ITALIEN\"],\"inLanguage\":\"de\",\"potentialAction\":[{\"@type\":\"CommentAction\",\"name\":\"Comment\",\"target\":[\"https:\\\/\\\/coeser.de\\\/blog\\\/index.php\\\/2024\\\/09\\\/09\\\/triest-6-schoenste-kaffeehaeuser\\\/#respond\"]}]},{\"@type\":\"WebPage\",\"@id\":\"https:\\\/\\\/coeser.de\\\/blog\\\/index.php\\\/2024\\\/09\\\/09\\\/triest-6-schoenste-kaffeehaeuser\\\/\",\"url\":\"https:\\\/\\\/coeser.de\\\/blog\\\/index.php\\\/2024\\\/09\\\/09\\\/triest-6-schoenste-kaffeehaeuser\\\/\",\"name\":\"Triest: Die 6 sch\u00f6nsten Kaffeeh\u00e4user - Reiseblog und Fotostories von Christian \u00d6ser\",\"isPartOf\":{\"@id\":\"https:\\\/\\\/coeser.de\\\/blog\\\/#website\"},\"primaryImageOfPage\":{\"@id\":\"https:\\\/\\\/coeser.de\\\/blog\\\/index.php\\\/2024\\\/09\\\/09\\\/triest-6-schoenste-kaffeehaeuser\\\/#primaryimage\"},\"image\":{\"@id\":\"https:\\\/\\\/coeser.de\\\/blog\\\/index.php\\\/2024\\\/09\\\/09\\\/triest-6-schoenste-kaffeehaeuser\\\/#primaryimage\"},\"thumbnailUrl\":\"https:\\\/\\\/coeser.de\\\/blog\\\/wp-content\\\/uploads\\\/2024\\\/09\\\/triest-kaffeehaeuser-aufmacher-antico-caffe-torinese-christian-oeser.jpg\",\"datePublished\":\"2024-09-09T08:07:36+00:00\",\"dateModified\":\"2025-10-01T15:38:57+00:00\",\"description\":\"Kaffeeh\u00e4user in Triest: Die 6 sch\u00f6nsten Caf\u00e9s mit pers\u00f6nlichen Erfahrungen, den besten Fotospots sowie allgemeinen Tipps.\",\"breadcrumb\":{\"@id\":\"https:\\\/\\\/coeser.de\\\/blog\\\/index.php\\\/2024\\\/09\\\/09\\\/triest-6-schoenste-kaffeehaeuser\\\/#breadcrumb\"},\"inLanguage\":\"de\",\"potentialAction\":[{\"@type\":\"ReadAction\",\"target\":[\"https:\\\/\\\/coeser.de\\\/blog\\\/index.php\\\/2024\\\/09\\\/09\\\/triest-6-schoenste-kaffeehaeuser\\\/\"]}]},{\"@type\":\"ImageObject\",\"inLanguage\":\"de\",\"@id\":\"https:\\\/\\\/coeser.de\\\/blog\\\/index.php\\\/2024\\\/09\\\/09\\\/triest-6-schoenste-kaffeehaeuser\\\/#primaryimage\",\"url\":\"https:\\\/\\\/coeser.de\\\/blog\\\/wp-content\\\/uploads\\\/2024\\\/09\\\/triest-kaffeehaeuser-aufmacher-antico-caffe-torinese-christian-oeser.jpg\",\"contentUrl\":\"https:\\\/\\\/coeser.de\\\/blog\\\/wp-content\\\/uploads\\\/2024\\\/09\\\/triest-kaffeehaeuser-aufmacher-antico-caffe-torinese-christian-oeser.jpg\",\"width\":978,\"height\":550,\"caption\":\"Innenansicht des Antico Caff\u00e8 Torinese in Triest\"},{\"@type\":\"BreadcrumbList\",\"@id\":\"https:\\\/\\\/coeser.de\\\/blog\\\/index.php\\\/2024\\\/09\\\/09\\\/triest-6-schoenste-kaffeehaeuser\\\/#breadcrumb\",\"itemListElement\":[{\"@type\":\"ListItem\",\"position\":1,\"name\":\"Startseite\",\"item\":\"https:\\\/\\\/coeser.de\\\/blog\\\/\"},{\"@type\":\"ListItem\",\"position\":2,\"name\":\"Triest: Die 6 sch\u00f6nsten Kaffeeh\u00e4user\"}]},{\"@type\":\"WebSite\",\"@id\":\"https:\\\/\\\/coeser.de\\\/blog\\\/#website\",\"url\":\"https:\\\/\\\/coeser.de\\\/blog\\\/\",\"name\":\"fern &amp; nah - Reiseblog und Fotostories von Christian \u00d6ser\",\"description\":\"Reiseblog und Fotostories von Christian \u00d6ser\",\"publisher\":{\"@id\":\"https:\\\/\\\/coeser.de\\\/blog\\\/#\\\/schema\\\/person\\\/fda1d253389076b2cadc3d47018cf315\"},\"potentialAction\":[{\"@type\":\"SearchAction\",\"target\":{\"@type\":\"EntryPoint\",\"urlTemplate\":\"https:\\\/\\\/coeser.de\\\/blog\\\/?s={search_term_string}\"},\"query-input\":{\"@type\":\"PropertyValueSpecification\",\"valueRequired\":true,\"valueName\":\"search_term_string\"}}],\"inLanguage\":\"de\"},{\"@type\":[\"Person\",\"Organization\"],\"@id\":\"https:\\\/\\\/coeser.de\\\/blog\\\/#\\\/schema\\\/person\\\/fda1d253389076b2cadc3d47018cf315\",\"name\":\"Christian \u00d6ser\",\"image\":{\"@type\":\"ImageObject\",\"inLanguage\":\"de\",\"@id\":\"https:\\\/\\\/coeser.de\\\/blog\\\/wp-content\\\/uploads\\\/2016\\\/08\\\/logo-fern-und-nah-christian-oeser-4.jpg\",\"url\":\"https:\\\/\\\/coeser.de\\\/blog\\\/wp-content\\\/uploads\\\/2016\\\/08\\\/logo-fern-und-nah-christian-oeser-4.jpg\",\"contentUrl\":\"https:\\\/\\\/coeser.de\\\/blog\\\/wp-content\\\/uploads\\\/2016\\\/08\\\/logo-fern-und-nah-christian-oeser-4.jpg\",\"width\":1090,\"height\":245,\"caption\":\"Christian \u00d6ser\"},\"logo\":{\"@id\":\"https:\\\/\\\/coeser.de\\\/blog\\\/wp-content\\\/uploads\\\/2016\\\/08\\\/logo-fern-und-nah-christian-oeser-4.jpg\"},\"sameAs\":[\"http:\\\/\\\/www.coeser.de\",\"Christian \u00d6ser\",\"https:\\\/\\\/www.instagram.com\\\/coeser_de\\\/\",\"https:\\\/\\\/www.pinterest.at\\\/nightline5\\\/\"],\"url\":\"https:\\\/\\\/coeser.de\\\/blog\\\/index.php\\\/author\\\/coeser\\\/\"}]}<\/script>\n<!-- \/ Yoast SEO plugin. -->","yoast_head_json":{"title":"Triest: Die 6 sch\u00f6nsten Kaffeeh\u00e4user - Reiseblog und Fotostories von Christian \u00d6ser","description":"Kaffeeh\u00e4user in Triest: Die 6 sch\u00f6nsten Caf\u00e9s mit pers\u00f6nlichen Erfahrungen, den besten Fotospots sowie allgemeinen Tipps.","robots":{"index":"index","follow":"follow","max-snippet":"max-snippet:-1","max-image-preview":"max-image-preview:large","max-video-preview":"max-video-preview:-1"},"canonical":"https:\/\/coeser.de\/blog\/index.php\/2024\/09\/09\/triest-6-schoenste-kaffeehaeuser\/","og_locale":"de_DE","og_type":"article","og_title":"Triest: Die 6 sch\u00f6nsten Kaffeeh\u00e4user - Reiseblog und Fotostories von Christian \u00d6ser","og_description":"Kaffeeh\u00e4user in Triest: Die 6 sch\u00f6nsten Caf\u00e9s mit pers\u00f6nlichen Erfahrungen, den besten Fotospots sowie allgemeinen Tipps.","og_url":"https:\/\/coeser.de\/blog\/index.php\/2024\/09\/09\/triest-6-schoenste-kaffeehaeuser\/","og_site_name":"fern &amp; nah - Reiseblog und Fotostories von Christian \u00d6ser","article_publisher":"Christian \u00d6ser","article_author":"Christian \u00d6ser","article_published_time":"2024-09-09T08:07:36+00:00","article_modified_time":"2025-10-01T15:38:57+00:00","og_image":[{"width":978,"height":550,"url":"https:\/\/coeser.de\/blog\/wp-content\/uploads\/2024\/09\/triest-kaffeehaeuser-aufmacher-antico-caffe-torinese-christian-oeser.jpg","type":"image\/jpeg"}],"author":"Christian \u00d6ser","twitter_card":"summary_large_image","twitter_misc":{"Verfasst von":"Christian \u00d6ser","Gesch\u00e4tzte Lesezeit":"23\u00a0Minuten"},"schema":{"@context":"https:\/\/schema.org","@graph":[{"@type":"Article","@id":"https:\/\/coeser.de\/blog\/index.php\/2024\/09\/09\/triest-6-schoenste-kaffeehaeuser\/#article","isPartOf":{"@id":"https:\/\/coeser.de\/blog\/index.php\/2024\/09\/09\/triest-6-schoenste-kaffeehaeuser\/"},"author":{"name":"Christian \u00d6ser","@id":"https:\/\/coeser.de\/blog\/#\/schema\/person\/fda1d253389076b2cadc3d47018cf315"},"headline":"Triest: Die 6 sch\u00f6nsten Kaffeeh\u00e4user","datePublished":"2024-09-09T08:07:36+00:00","dateModified":"2025-10-01T15:38:57+00:00","mainEntityOfPage":{"@id":"https:\/\/coeser.de\/blog\/index.php\/2024\/09\/09\/triest-6-schoenste-kaffeehaeuser\/"},"wordCount":3278,"commentCount":6,"publisher":{"@id":"https:\/\/coeser.de\/blog\/#\/schema\/person\/fda1d253389076b2cadc3d47018cf315"},"image":{"@id":"https:\/\/coeser.de\/blog\/index.php\/2024\/09\/09\/triest-6-schoenste-kaffeehaeuser\/#primaryimage"},"thumbnailUrl":"https:\/\/coeser.de\/blog\/wp-content\/uploads\/2024\/09\/triest-kaffeehaeuser-aufmacher-antico-caffe-torinese-christian-oeser.jpg","keywords":["Cityguide","Fotospots","Fototipps","Kaffeeh\u00e4user","Reisebericht","Reisef\u00fchrer","St\u00e4dtereise","Triest"],"articleSection":["ITALIEN"],"inLanguage":"de","potentialAction":[{"@type":"CommentAction","name":"Comment","target":["https:\/\/coeser.de\/blog\/index.php\/2024\/09\/09\/triest-6-schoenste-kaffeehaeuser\/#respond"]}]},{"@type":"WebPage","@id":"https:\/\/coeser.de\/blog\/index.php\/2024\/09\/09\/triest-6-schoenste-kaffeehaeuser\/","url":"https:\/\/coeser.de\/blog\/index.php\/2024\/09\/09\/triest-6-schoenste-kaffeehaeuser\/","name":"Triest: Die 6 sch\u00f6nsten Kaffeeh\u00e4user - Reiseblog und Fotostories von Christian \u00d6ser","isPartOf":{"@id":"https:\/\/coeser.de\/blog\/#website"},"primaryImageOfPage":{"@id":"https:\/\/coeser.de\/blog\/index.php\/2024\/09\/09\/triest-6-schoenste-kaffeehaeuser\/#primaryimage"},"image":{"@id":"https:\/\/coeser.de\/blog\/index.php\/2024\/09\/09\/triest-6-schoenste-kaffeehaeuser\/#primaryimage"},"thumbnailUrl":"https:\/\/coeser.de\/blog\/wp-content\/uploads\/2024\/09\/triest-kaffeehaeuser-aufmacher-antico-caffe-torinese-christian-oeser.jpg","datePublished":"2024-09-09T08:07:36+00:00","dateModified":"2025-10-01T15:38:57+00:00","description":"Kaffeeh\u00e4user in Triest: Die 6 sch\u00f6nsten Caf\u00e9s mit pers\u00f6nlichen Erfahrungen, den besten Fotospots sowie allgemeinen Tipps.","breadcrumb":{"@id":"https:\/\/coeser.de\/blog\/index.php\/2024\/09\/09\/triest-6-schoenste-kaffeehaeuser\/#breadcrumb"},"inLanguage":"de","potentialAction":[{"@type":"ReadAction","target":["https:\/\/coeser.de\/blog\/index.php\/2024\/09\/09\/triest-6-schoenste-kaffeehaeuser\/"]}]},{"@type":"ImageObject","inLanguage":"de","@id":"https:\/\/coeser.de\/blog\/index.php\/2024\/09\/09\/triest-6-schoenste-kaffeehaeuser\/#primaryimage","url":"https:\/\/coeser.de\/blog\/wp-content\/uploads\/2024\/09\/triest-kaffeehaeuser-aufmacher-antico-caffe-torinese-christian-oeser.jpg","contentUrl":"https:\/\/coeser.de\/blog\/wp-content\/uploads\/2024\/09\/triest-kaffeehaeuser-aufmacher-antico-caffe-torinese-christian-oeser.jpg","width":978,"height":550,"caption":"Innenansicht des Antico Caff\u00e8 Torinese in Triest"},{"@type":"BreadcrumbList","@id":"https:\/\/coeser.de\/blog\/index.php\/2024\/09\/09\/triest-6-schoenste-kaffeehaeuser\/#breadcrumb","itemListElement":[{"@type":"ListItem","position":1,"name":"Startseite","item":"https:\/\/coeser.de\/blog\/"},{"@type":"ListItem","position":2,"name":"Triest: Die 6 sch\u00f6nsten Kaffeeh\u00e4user"}]},{"@type":"WebSite","@id":"https:\/\/coeser.de\/blog\/#website","url":"https:\/\/coeser.de\/blog\/","name":"fern &amp; nah - Reiseblog und Fotostories von Christian \u00d6ser","description":"Reiseblog und Fotostories von Christian \u00d6ser","publisher":{"@id":"https:\/\/coeser.de\/blog\/#\/schema\/person\/fda1d253389076b2cadc3d47018cf315"},"potentialAction":[{"@type":"SearchAction","target":{"@type":"EntryPoint","urlTemplate":"https:\/\/coeser.de\/blog\/?s={search_term_string}"},"query-input":{"@type":"PropertyValueSpecification","valueRequired":true,"valueName":"search_term_string"}}],"inLanguage":"de"},{"@type":["Person","Organization"],"@id":"https:\/\/coeser.de\/blog\/#\/schema\/person\/fda1d253389076b2cadc3d47018cf315","name":"Christian \u00d6ser","image":{"@type":"ImageObject","inLanguage":"de","@id":"https:\/\/coeser.de\/blog\/wp-content\/uploads\/2016\/08\/logo-fern-und-nah-christian-oeser-4.jpg","url":"https:\/\/coeser.de\/blog\/wp-content\/uploads\/2016\/08\/logo-fern-und-nah-christian-oeser-4.jpg","contentUrl":"https:\/\/coeser.de\/blog\/wp-content\/uploads\/2016\/08\/logo-fern-und-nah-christian-oeser-4.jpg","width":1090,"height":245,"caption":"Christian \u00d6ser"},"logo":{"@id":"https:\/\/coeser.de\/blog\/wp-content\/uploads\/2016\/08\/logo-fern-und-nah-christian-oeser-4.jpg"},"sameAs":["http:\/\/www.coeser.de","Christian \u00d6ser","https:\/\/www.instagram.com\/coeser_de\/","https:\/\/www.pinterest.at\/nightline5\/"],"url":"https:\/\/coeser.de\/blog\/index.php\/author\/coeser\/"}]}},"jetpack_featured_media_url":"https:\/\/coeser.de\/blog\/wp-content\/uploads\/2024\/09\/triest-kaffeehaeuser-aufmacher-antico-caffe-torinese-christian-oeser.jpg","jetpack-related-posts":[{"id":21905,"url":"https:\/\/coeser.de\/blog\/index.php\/2024\/02\/29\/triest-hafenstadt-mit-flair\/","url_meta":{"origin":22980,"position":0},"title":"Triest: Die Hafenstadt mit Flair","author":"Christian \u00d6ser","date":"29. Februar 2024","format":false,"excerpt":"Liebst du die italienische Leichtigkeit? Bist du ein Coffee-Junkie? Sitzt du gerne zwischen imperialer Architektur in der Sonne und genie\u00dft dabei ein Gl\u00e4schen Prosecco direkt aus dem Holzfass? Wenn du nur eine der drei Fragen mit Ja beantworten kannst, ist Triest das perfekte n\u00e4chste Reiseziel f\u00fcr dich! Die Hafenstadt besteht\u2026","rel":"","context":"In &quot;ITALIEN&quot;","block_context":{"text":"ITALIEN","link":"https:\/\/coeser.de\/blog\/index.php\/category\/europa\/italien\/"},"img":{"alt_text":"Beleuchtetes Rathaus auf dem Piazza Unit\u00e0 d'Italia in Triest","src":"https:\/\/i0.wp.com\/coeser.de\/blog\/wp-content\/uploads\/2024\/02\/triest-aufmacher-piazza-unita-italia-abend-christian-oeser.jpg?resize=350%2C200&ssl=1","width":350,"height":200,"srcset":"https:\/\/i0.wp.com\/coeser.de\/blog\/wp-content\/uploads\/2024\/02\/triest-aufmacher-piazza-unita-italia-abend-christian-oeser.jpg?resize=350%2C200&ssl=1 1x, https:\/\/i0.wp.com\/coeser.de\/blog\/wp-content\/uploads\/2024\/02\/triest-aufmacher-piazza-unita-italia-abend-christian-oeser.jpg?resize=525%2C300&ssl=1 1.5x, https:\/\/i0.wp.com\/coeser.de\/blog\/wp-content\/uploads\/2024\/02\/triest-aufmacher-piazza-unita-italia-abend-christian-oeser.jpg?resize=700%2C400&ssl=1 2x"},"classes":[]},{"id":22097,"url":"https:\/\/coeser.de\/blog\/index.php\/2024\/04\/04\/triest-wanderung-schloss-miramare\/","url_meta":{"origin":22980,"position":1},"title":"Triest: Wanderung zum Schloss Miramare","author":"Christian \u00d6ser","date":"4. April 2024","format":false,"excerpt":"Triest ist aufgrund der Einfl\u00fcsse aus der Habsburgerzeit eine \u00e4u\u00dferst sehenswerte Destination und verspr\u00fcht ein unglaubliches Lebensgef\u00fchl. Wenn du in der italienischen Hafenstadt zu Besuch bist, darf ein Ausflug in das ber\u00fchmte, nahegelegene Schloss Miramare keinesfalls fehlen. F\u00fcr den Weg dorthin empfehle ich dir eine Wanderung, die du nicht vergessen\u2026","rel":"","context":"In &quot;ITALIEN&quot;","block_context":{"text":"ITALIEN","link":"https:\/\/coeser.de\/blog\/index.php\/category\/europa\/italien\/"},"img":{"alt_text":"Schloss Miramare in Triest","src":"https:\/\/i0.wp.com\/coeser.de\/blog\/wp-content\/uploads\/2024\/03\/triest-schloss-miramare-aufmacher-christian-oeser.jpg?resize=350%2C200&ssl=1","width":350,"height":200,"srcset":"https:\/\/i0.wp.com\/coeser.de\/blog\/wp-content\/uploads\/2024\/03\/triest-schloss-miramare-aufmacher-christian-oeser.jpg?resize=350%2C200&ssl=1 1x, https:\/\/i0.wp.com\/coeser.de\/blog\/wp-content\/uploads\/2024\/03\/triest-schloss-miramare-aufmacher-christian-oeser.jpg?resize=525%2C300&ssl=1 1.5x, https:\/\/i0.wp.com\/coeser.de\/blog\/wp-content\/uploads\/2024\/03\/triest-schloss-miramare-aufmacher-christian-oeser.jpg?resize=700%2C400&ssl=1 2x"},"classes":[]},{"id":24209,"url":"https:\/\/coeser.de\/blog\/index.php\/2025\/07\/02\/frankfurt-16-tipps-aktivitaeten\/","url_meta":{"origin":22980,"position":2},"title":"Frankfurt: 16 Tipps f\u00fcr die Stadt der Kontraste","author":"Christian \u00d6ser","date":"2. Juli 2025","format":false,"excerpt":"Alt und neu, gro\u00df und klein, arm und reich: Frankfurt ist eine Stadt mit gewaltigen Kontrasten. Diese bringen bei der Erkundung der Stadt Spannung, aber auch viel Herausforderung mit sich. Inmitten der Finanzmetropole wirkt etwa der historische R\u00f6merberg wie ein gallisches Dorf zwischen den monstr\u00f6sen Hochh\u00e4usern der Umgebung. Doch das\u2026","rel":"","context":"In &quot;DEUTSCHLAND&quot;","block_context":{"text":"DEUTSCHLAND","link":"https:\/\/coeser.de\/blog\/index.php\/category\/europa\/deutschland\/"},"img":{"alt_text":"Historische Geb\u00e4ude und Fassaden am R\u00f6merberg in Frankfurt am Main","src":"https:\/\/i0.wp.com\/coeser.de\/blog\/wp-content\/uploads\/2025\/05\/frankfurt-main-aufmacher-roemerberg-christian-oeser.jpg?resize=350%2C200&ssl=1","width":350,"height":200,"srcset":"https:\/\/i0.wp.com\/coeser.de\/blog\/wp-content\/uploads\/2025\/05\/frankfurt-main-aufmacher-roemerberg-christian-oeser.jpg?resize=350%2C200&ssl=1 1x, https:\/\/i0.wp.com\/coeser.de\/blog\/wp-content\/uploads\/2025\/05\/frankfurt-main-aufmacher-roemerberg-christian-oeser.jpg?resize=525%2C300&ssl=1 1.5x, https:\/\/i0.wp.com\/coeser.de\/blog\/wp-content\/uploads\/2025\/05\/frankfurt-main-aufmacher-roemerberg-christian-oeser.jpg?resize=700%2C400&ssl=1 2x"},"classes":[]},{"id":16925,"url":"https:\/\/coeser.de\/blog\/index.php\/2021\/08\/17\/gyoer-barocke-ueberraschung\/","url_meta":{"origin":22980,"position":3},"title":"Gy\u00f6r: die barocke \u00dcberraschung","author":"Christian \u00d6ser","date":"17. August 2021","format":false,"excerpt":"Ich liebe \u00dcberraschungen \u2013 vor allem, wenn sie Orte betreffen, die mir noch v\u00f6llig unbekannt waren! Die ungarische Stadt Gy\u00f6r kann ich mit Begeisterung als solch eine \u00dcberraschung bezeichnen, denn sie hat alles geliefert, was einen Citytrip aufregend macht. Von einer sehenswerten, barocken Innenstadt mit kuriosen Details \u00fcber gem\u00fctliche Caf\u00e9s\u2026","rel":"","context":"In &quot;UNGARN&quot;","block_context":{"text":"UNGARN","link":"https:\/\/coeser.de\/blog\/index.php\/category\/europa\/ungarn\/"},"img":{"alt_text":"","src":"https:\/\/i0.wp.com\/coeser.de\/blog\/wp-content\/uploads\/2021\/07\/gyoer-aufmacher-barocke-altstadt-christian-oeser.jpg?resize=350%2C200&ssl=1","width":350,"height":200,"srcset":"https:\/\/i0.wp.com\/coeser.de\/blog\/wp-content\/uploads\/2021\/07\/gyoer-aufmacher-barocke-altstadt-christian-oeser.jpg?resize=350%2C200&ssl=1 1x, https:\/\/i0.wp.com\/coeser.de\/blog\/wp-content\/uploads\/2021\/07\/gyoer-aufmacher-barocke-altstadt-christian-oeser.jpg?resize=525%2C300&ssl=1 1.5x, https:\/\/i0.wp.com\/coeser.de\/blog\/wp-content\/uploads\/2021\/07\/gyoer-aufmacher-barocke-altstadt-christian-oeser.jpg?resize=700%2C400&ssl=1 2x"},"classes":[]},{"id":15069,"url":"https:\/\/coeser.de\/blog\/index.php\/2022\/06\/22\/lissabon-fotospots-beste-bilder\/","url_meta":{"origin":22980,"position":4},"title":"Lissabon: 20 Fotospots, die Lust machen","author":"Christian \u00d6ser","date":"22. Juni 2022","format":false,"excerpt":"Wenige St\u00e4dte in Europa lassen mein Herz derart vor Freude h\u00fcpfen wie Lissabon. Die Hauptstadt von Portugal verspr\u00fcht einfach unheimlich viel Charme! Es gibt nicht nur enorm viele sehenswerte Geb\u00e4ude, Pl\u00e4tze und Gassen, sondern auch jede Menge Orte, wo man einfach die Seele baumeln lassen kann. F\u00fcr diesen Artikel habe\u2026","rel":"","context":"In &quot;PORTUGAL&quot;","block_context":{"text":"PORTUGAL","link":"https:\/\/coeser.de\/blog\/index.php\/category\/europa\/portugal\/"},"img":{"alt_text":"Der Triumphbogen Arco da Rua Augusta in Lissabon","src":"https:\/\/i0.wp.com\/coeser.de\/blog\/wp-content\/uploads\/2022\/03\/lissabon-to-do-aufmacher-arco-rua-augusta-christian-oeser.jpg?resize=350%2C200&ssl=1","width":350,"height":200,"srcset":"https:\/\/i0.wp.com\/coeser.de\/blog\/wp-content\/uploads\/2022\/03\/lissabon-to-do-aufmacher-arco-rua-augusta-christian-oeser.jpg?resize=350%2C200&ssl=1 1x, https:\/\/i0.wp.com\/coeser.de\/blog\/wp-content\/uploads\/2022\/03\/lissabon-to-do-aufmacher-arco-rua-augusta-christian-oeser.jpg?resize=525%2C300&ssl=1 1.5x, https:\/\/i0.wp.com\/coeser.de\/blog\/wp-content\/uploads\/2022\/03\/lissabon-to-do-aufmacher-arco-rua-augusta-christian-oeser.jpg?resize=700%2C400&ssl=1 2x"},"classes":[]},{"id":12536,"url":"https:\/\/coeser.de\/blog\/index.php\/2019\/07\/09\/brauerei-schwechat-ein-bier-erobert-die-welt\/","url_meta":{"origin":22980,"position":5},"title":"Brauerei Schwechat: Ein Bier erobert die Welt","author":"Christian \u00d6ser","date":"9. Juli 2019","format":false,"excerpt":"Habt ihr schon einmal von Anton Dreher geh\u00f6rt? Nein? Dann geht es euch wahrscheinlich so wie den meisten Menschen. Sogar unter Biertrinkern ist der Name oft kein Begriff, obwohl er die Bierwelt nachhaltig ver\u00e4ndert sowie gepr\u00e4gt hat. Anton Dreher senior ist n\u00e4mlich der Erfinder des Lagerbiers, mit dem er ausgehend\u2026","rel":"","context":"In &quot;\u00d6STERREICH&quot;","block_context":{"text":"\u00d6STERREICH","link":"https:\/\/coeser.de\/blog\/index.php\/category\/europa\/oesterreich\/"},"img":{"alt_text":"Logo der Brauerei Schwechat","src":"https:\/\/i0.wp.com\/coeser.de\/blog\/wp-content\/uploads\/2019\/07\/brauerei-schwechat-aufmacher-logo-christian-oeser.jpg?resize=350%2C200&ssl=1","width":350,"height":200,"srcset":"https:\/\/i0.wp.com\/coeser.de\/blog\/wp-content\/uploads\/2019\/07\/brauerei-schwechat-aufmacher-logo-christian-oeser.jpg?resize=350%2C200&ssl=1 1x, https:\/\/i0.wp.com\/coeser.de\/blog\/wp-content\/uploads\/2019\/07\/brauerei-schwechat-aufmacher-logo-christian-oeser.jpg?resize=525%2C300&ssl=1 1.5x, https:\/\/i0.wp.com\/coeser.de\/blog\/wp-content\/uploads\/2019\/07\/brauerei-schwechat-aufmacher-logo-christian-oeser.jpg?resize=700%2C400&ssl=1 2x"},"classes":[]}],"jetpack_sharing_enabled":true,"_links":{"self":[{"href":"https:\/\/coeser.de\/blog\/index.php\/wp-json\/wp\/v2\/posts\/22980","targetHints":{"allow":["GET"]}}],"collection":[{"href":"https:\/\/coeser.de\/blog\/index.php\/wp-json\/wp\/v2\/posts"}],"about":[{"href":"https:\/\/coeser.de\/blog\/index.php\/wp-json\/wp\/v2\/types\/post"}],"author":[{"embeddable":true,"href":"https:\/\/coeser.de\/blog\/index.php\/wp-json\/wp\/v2\/users\/1"}],"replies":[{"embeddable":true,"href":"https:\/\/coeser.de\/blog\/index.php\/wp-json\/wp\/v2\/comments?post=22980"}],"version-history":[{"count":17,"href":"https:\/\/coeser.de\/blog\/index.php\/wp-json\/wp\/v2\/posts\/22980\/revisions"}],"predecessor-version":[{"id":25139,"href":"https:\/\/coeser.de\/blog\/index.php\/wp-json\/wp\/v2\/posts\/22980\/revisions\/25139"}],"wp:featuredmedia":[{"embeddable":true,"href":"https:\/\/coeser.de\/blog\/index.php\/wp-json\/wp\/v2\/media\/22981"}],"wp:attachment":[{"href":"https:\/\/coeser.de\/blog\/index.php\/wp-json\/wp\/v2\/media?parent=22980"}],"wp:term":[{"taxonomy":"category","embeddable":true,"href":"https:\/\/coeser.de\/blog\/index.php\/wp-json\/wp\/v2\/categories?post=22980"},{"taxonomy":"post_tag","embeddable":true,"href":"https:\/\/coeser.de\/blog\/index.php\/wp-json\/wp\/v2\/tags?post=22980"}],"curies":[{"name":"wp","href":"https:\/\/api.w.org\/{rel}","templated":true}]}}