{"id":24231,"date":"2025-07-06T14:19:58","date_gmt":"2025-07-06T12:19:58","guid":{"rendered":"https:\/\/coeser.de\/blog\/?p=24231"},"modified":"2025-07-06T14:19:58","modified_gmt":"2025-07-06T12:19:58","slug":"frankfurt-16-schoenste-fotospots","status":"publish","type":"post","link":"https:\/\/coeser.de\/blog\/index.php\/2025\/07\/06\/frankfurt-16-schoenste-fotospots\/","title":{"rendered":"Frankfurt: Die 16 sch\u00f6nsten Fotospots"},"content":{"rendered":"<p><strong>Kurz vor der Ankunft am Hauptbahnhof von Frankfurt taucht sie beim Blick aus dem Zugfenster pl\u00f6tzlich auf. Die m\u00e4chtige Skyline der Main-Metropole ist eines der imposantesten Motive in Frankfurt, wenn es um das Thema Fotografieren geht. Doch auch abseits der Wolkenkratzer laden gen\u00fcgend Pl\u00e4tze und Orte ein, die Stadt kreativ mit der Kamera zu entdecken. In diesem Artikel habe ich dir die 16 sch\u00f6nsten Fotospots in Frankfurt zusammengestellt, damit du bei deiner n\u00e4chste St\u00e4dtereise mit grandiosen Bildern heimkehrst!<\/strong><\/p>\n<p><!--more--><\/p>\n<hr \/>\n<div class=\"highlights\">\n<h3>DIE H\u00d6HEPUNKTE AUS FRANKFURT IN DIESEM ARTIKEL<\/h3>\n<p>Eine Liste der 16 besten Fotospots in Frankfurt, wo du perfekte Erinnerungsfotos der Stadt machen kannst<\/p>\n<p>Detaillierte Beschreibungen der Fotospots mit exakten GPS-Koordinaten und Tipps zum Fotografieren<\/p>\n<p>Die Skyline als herausragendes Fotomotiv, dessen Hochhausensemble sich perfekt einfangen l\u00e4sst<\/p>\n<p>Die sch\u00f6nsten Aussichtsplattformen mitten in der Innenstadt und au\u00dferhalb mit spektakul\u00e4ren Ausblicken<\/p>\n<p>Links zu weiterf\u00fchrenden Artikeln \u00fcber Frankfurt und den sch\u00f6nsten Fotospots an anderen Orten<\/p>\n<\/div>\n<p>&nbsp;<\/p>\n<p><em><span style=\"color: #0000ff;\">Dieser Artikel wurde zuletzt am 6. Juli 2025 aktualisiert.<\/span><\/em><\/p>\n\n<hr \/>\n<div class=\"fakten\">\n<h2>FRANKFURT AM MAIN<\/h2>\n<h3>FAKTEN<\/h3>\n<p><strong>Reisezeiten: <\/strong>April (3 Tage, 2 \u00dcN), Mai (3 Tage, 3 \u00dcN), Oktober (2 Tage, 1 \u00dcN)<br \/>\n<strong>Anreise per Flugzeug: <\/strong>von <em>Flughafen Wien-Schwechat <\/em>nach <em>Flughafen Frankfurt am Main <\/em>(ca. 1:20 h netto)<br \/>\n<strong>Anreise per Zug: <\/strong>direkt ohne Umsteigen von <em>Wien Hauptbahnhof<\/em> nach <em>Frankfurt (Main) Hauptbahnhof<\/em> (6:23 h)<\/p>\n<p><strong>Unterkunft:\u00a0<a href=\"https:\/\/booking.stay22.com\/coe1634405\/StspoKT_mX\" target=\"_blank\" rel=\"noopener\">25hours Hotel The Trip<\/a><\/strong>* (<em>Niddastrasse 56-58<\/em>): modernes Boutiquehotel unweit des Hauptbahnhofs, perfekte Ausgangslage f\u00fcr die Erkundung von Frankfurt mit S-Bahn, U-Bahn und Stra\u00dfenbahn &#8211; oder zu Fu\u00df in zehn Minuten ins Zentrum. Sehr kreative, bunte und verspielte Einrichtung, l\u00e4dt auch zum Verweilen in den \u00f6ffentlichen Bereichen ein. Zimmer in angenehmer Gr\u00f6\u00dfe und je nach Stockwerk in unterschiedlicher Farbgebung gestaltet (inspiriert von den Kontinenten und Landschaften der Welt). Sehr bequemes Bett, super Regendusche, gut duftende Pflegeprodukte, kleiner Safe, Soundbox, kostenlose Minibar, schnelles WLAN, Klimaanlage (abschaltbar). Sauna, Calisthenics-Anlage und Bar auf der Dachterrasse. Fr\u00fchst\u00fcck im angeschlossenen Restaurant\/Bar Shuka, Buffet sehr sp\u00e4rlich, man bestellt stattdessen von einer Men\u00fckarte belegte Brote und warme Speisen.<\/p>\n<p><strong>Weitere Empfehlungen f\u00fcr <a href=\"https:\/\/booking.stay22.com\/coe1634405\/7rATeQ9ndR\" target=\"_blank\" rel=\"noopener\">sch\u00f6ne und zentral gelegene Unterk\u00fcnfte in Frankfurt am Main<\/a>*<\/strong><\/p>\n<div id='gallery-1' class='gallery galleryid-24231 gallery-columns-7 gallery-size-thumbnail'><figure class='gallery-item'>\n\t\t\t<div class='gallery-icon landscape'>\n\t\t\t\t<a href='https:\/\/coeser.de\/blog\/wp-content\/uploads\/2025\/05\/frankfurt-main-25hours-hotel-the-trip-01-christian-oeser.jpg' title=\"Au\u00dfenansicht des 25hours Hotel The Trip in Frankfurt am Main\" data-rl_title=\"Au\u00dfenansicht des 25hours Hotel The Trip in Frankfurt am Main\" class=\"rl-gallery-link\" data-rl_caption=\"\" data-rel=\"lightbox-gallery-1\"><img loading=\"lazy\" decoding=\"async\" width=\"150\" height=\"150\" src=\"https:\/\/coeser.de\/blog\/wp-content\/uploads\/2025\/05\/frankfurt-main-25hours-hotel-the-trip-01-christian-oeser-150x150.jpg\" class=\"attachment-thumbnail size-thumbnail\" alt=\"Au\u00dfenansicht des 25hours Hotel The Trip in Frankfurt am Main\" aria-describedby=\"gallery-1-24210\" \/><\/a>\n\t\t\t<\/div>\n\t\t\t\t<figcaption class='wp-caption-text gallery-caption' id='gallery-1-24210'>\n\t\t\t\tAu\u00dfenansicht des 25hours Hotel The Trip in Frankfurt am Main\n\t\t\t\t<\/figcaption><\/figure><figure class='gallery-item'>\n\t\t\t<div class='gallery-icon landscape'>\n\t\t\t\t<a href='https:\/\/coeser.de\/blog\/wp-content\/uploads\/2025\/05\/frankfurt-main-25hours-hotel-the-trip-02-christian-oeser.jpg' title=\"Lobby im 25hours Hotel The Trip in Frankfurt am Main\" data-rl_title=\"Lobby im 25hours Hotel The Trip in Frankfurt am Main\" class=\"rl-gallery-link\" data-rl_caption=\"\" data-rel=\"lightbox-gallery-1\"><img loading=\"lazy\" decoding=\"async\" width=\"150\" height=\"150\" src=\"https:\/\/coeser.de\/blog\/wp-content\/uploads\/2025\/05\/frankfurt-main-25hours-hotel-the-trip-02-christian-oeser-150x150.jpg\" class=\"attachment-thumbnail size-thumbnail\" alt=\"Lobby im 25hours Hotel The Trip in Frankfurt am Main\" aria-describedby=\"gallery-1-24211\" \/><\/a>\n\t\t\t<\/div>\n\t\t\t\t<figcaption class='wp-caption-text gallery-caption' id='gallery-1-24211'>\n\t\t\t\tLobby im 25hours Hotel The Trip in Frankfurt am Main\n\t\t\t\t<\/figcaption><\/figure><figure class='gallery-item'>\n\t\t\t<div class='gallery-icon landscape'>\n\t\t\t\t<a href='https:\/\/coeser.de\/blog\/wp-content\/uploads\/2025\/05\/frankfurt-main-25hours-hotel-the-trip-03-christian-oeser.jpg' title=\"Doppelzimmer Medium (Themenwelt Arktis) im 25hours Hotel The Trip in Frankfurt am Main\" data-rl_title=\"Doppelzimmer Medium (Themenwelt Arktis) im 25hours Hotel The Trip in Frankfurt am Main\" class=\"rl-gallery-link\" data-rl_caption=\"\" data-rel=\"lightbox-gallery-1\"><img loading=\"lazy\" decoding=\"async\" width=\"150\" height=\"150\" src=\"https:\/\/coeser.de\/blog\/wp-content\/uploads\/2025\/05\/frankfurt-main-25hours-hotel-the-trip-03-christian-oeser-150x150.jpg\" class=\"attachment-thumbnail size-thumbnail\" alt=\"Doppelzimmer Medium (Themenwelt Arktis) im 25hours Hotel The Trip in Frankfurt am Main\" aria-describedby=\"gallery-1-24212\" \/><\/a>\n\t\t\t<\/div>\n\t\t\t\t<figcaption class='wp-caption-text gallery-caption' id='gallery-1-24212'>\n\t\t\t\tDoppelzimmer Medium (Themenwelt Arktis) im 25hours Hotel The Trip in Frankfurt am Main\n\t\t\t\t<\/figcaption><\/figure><figure class='gallery-item'>\n\t\t\t<div class='gallery-icon landscape'>\n\t\t\t\t<a href='https:\/\/coeser.de\/blog\/wp-content\/uploads\/2025\/05\/frankfurt-main-25hours-hotel-the-trip-04-christian-oeser.jpg' title=\"Doppelzimmer Medium (Themenwelt Arktis) im 25hours Hotel The Trip in Frankfurt am Main\" data-rl_title=\"Doppelzimmer Medium (Themenwelt Arktis) im 25hours Hotel The Trip in Frankfurt am Main\" class=\"rl-gallery-link\" data-rl_caption=\"\" data-rel=\"lightbox-gallery-1\"><img loading=\"lazy\" decoding=\"async\" width=\"150\" height=\"150\" src=\"https:\/\/coeser.de\/blog\/wp-content\/uploads\/2025\/05\/frankfurt-main-25hours-hotel-the-trip-04-christian-oeser-150x150.jpg\" class=\"attachment-thumbnail size-thumbnail\" alt=\"Doppelzimmer Medium (Themenwelt Arktis) im 25hours Hotel The Trip in Frankfurt am Main\" aria-describedby=\"gallery-1-24213\" \/><\/a>\n\t\t\t<\/div>\n\t\t\t\t<figcaption class='wp-caption-text gallery-caption' id='gallery-1-24213'>\n\t\t\t\tDoppelzimmer Medium (Themenwelt Arktis) im 25hours Hotel The Trip in Frankfurt am Main\n\t\t\t\t<\/figcaption><\/figure><figure class='gallery-item'>\n\t\t\t<div class='gallery-icon landscape'>\n\t\t\t\t<a href='https:\/\/coeser.de\/blog\/wp-content\/uploads\/2025\/05\/frankfurt-main-25hours-hotel-the-trip-05-christian-oeser.jpg' title=\"Bad im Doppelzimmer Medium im 25hours Hotel The Trip in Frankfurt am Main\" data-rl_title=\"Bad im Doppelzimmer Medium im 25hours Hotel The Trip in Frankfurt am Main\" class=\"rl-gallery-link\" data-rl_caption=\"\" data-rel=\"lightbox-gallery-1\"><img loading=\"lazy\" decoding=\"async\" width=\"150\" height=\"150\" src=\"https:\/\/coeser.de\/blog\/wp-content\/uploads\/2025\/05\/frankfurt-main-25hours-hotel-the-trip-05-christian-oeser-150x150.jpg\" class=\"attachment-thumbnail size-thumbnail\" alt=\"Bad im Doppelzimmer Medium im 25hours Hotel The Trip in Frankfurt am Main\" aria-describedby=\"gallery-1-24214\" \/><\/a>\n\t\t\t<\/div>\n\t\t\t\t<figcaption class='wp-caption-text gallery-caption' id='gallery-1-24214'>\n\t\t\t\tBad im Doppelzimmer Medium im 25hours Hotel The Trip in Frankfurt am Main\n\t\t\t\t<\/figcaption><\/figure><figure class='gallery-item'>\n\t\t\t<div class='gallery-icon landscape'>\n\t\t\t\t<a href='https:\/\/coeser.de\/blog\/wp-content\/uploads\/2025\/05\/frankfurt-main-25hours-hotel-the-trip-06-christian-oeser.jpg' title=\"Das s\u00fc\u00dfe Schlafmonster im 25hours Hotel The Trip in Frankfurt am Main\" data-rl_title=\"Das s\u00fc\u00dfe Schlafmonster im 25hours Hotel The Trip in Frankfurt am Main\" class=\"rl-gallery-link\" data-rl_caption=\"\" data-rel=\"lightbox-gallery-1\"><img loading=\"lazy\" decoding=\"async\" width=\"150\" height=\"150\" src=\"https:\/\/coeser.de\/blog\/wp-content\/uploads\/2025\/05\/frankfurt-main-25hours-hotel-the-trip-06-christian-oeser-150x150.jpg\" class=\"attachment-thumbnail size-thumbnail\" alt=\"Das s\u00fc\u00dfe Schlafmonster im 25hours Hotel The Trip in Frankfurt am Main\" aria-describedby=\"gallery-1-24215\" \/><\/a>\n\t\t\t<\/div>\n\t\t\t\t<figcaption class='wp-caption-text gallery-caption' id='gallery-1-24215'>\n\t\t\t\tDas s\u00fc\u00dfe Schlafmonster im 25hours Hotel The Trip in Frankfurt am Main\n\t\t\t\t<\/figcaption><\/figure><figure class='gallery-item'>\n\t\t\t<div class='gallery-icon landscape'>\n\t\t\t\t<a href='https:\/\/coeser.de\/blog\/wp-content\/uploads\/2025\/05\/frankfurt-main-25hours-hotel-the-trip-07-christian-oeser.jpg' title=\"Doppelzimmer Medium (Themenwelt Afrika) im 25hours Hotel The Trip in Frankfurt am Main\" data-rl_title=\"Doppelzimmer Medium (Themenwelt Afrika) im 25hours Hotel The Trip in Frankfurt am Main\" class=\"rl-gallery-link\" data-rl_caption=\"\" data-rel=\"lightbox-gallery-1\"><img loading=\"lazy\" decoding=\"async\" width=\"150\" height=\"150\" src=\"https:\/\/coeser.de\/blog\/wp-content\/uploads\/2025\/05\/frankfurt-main-25hours-hotel-the-trip-07-christian-oeser-150x150.jpg\" class=\"attachment-thumbnail size-thumbnail\" alt=\"Doppelzimmer Medium (Themenwelt Afrika) im 25hours Hotel The Trip in Frankfurt am Main\" aria-describedby=\"gallery-1-24216\" \/><\/a>\n\t\t\t<\/div>\n\t\t\t\t<figcaption class='wp-caption-text gallery-caption' id='gallery-1-24216'>\n\t\t\t\tDoppelzimmer Medium (Themenwelt Afrika) im 25hours Hotel The Trip in Frankfurt am Main\n\t\t\t\t<\/figcaption><\/figure><figure class='gallery-item'>\n\t\t\t<div class='gallery-icon landscape'>\n\t\t\t\t<a href='https:\/\/coeser.de\/blog\/wp-content\/uploads\/2025\/05\/frankfurt-main-25hours-hotel-the-trip-08-christian-oeser.jpg' title=\"Eine der Suiten im 25hours Hotel The Trip in Frankfurt am Main\" data-rl_title=\"Eine der Suiten im 25hours Hotel The Trip in Frankfurt am Main\" class=\"rl-gallery-link\" data-rl_caption=\"\" data-rel=\"lightbox-gallery-1\"><img loading=\"lazy\" decoding=\"async\" width=\"150\" height=\"150\" src=\"https:\/\/coeser.de\/blog\/wp-content\/uploads\/2025\/05\/frankfurt-main-25hours-hotel-the-trip-08-christian-oeser-150x150.jpg\" class=\"attachment-thumbnail size-thumbnail\" alt=\"Eine der Suiten im 25hours Hotel The Trip in Frankfurt am Main\" aria-describedby=\"gallery-1-24217\" \/><\/a>\n\t\t\t<\/div>\n\t\t\t\t<figcaption class='wp-caption-text gallery-caption' id='gallery-1-24217'>\n\t\t\t\tEine der Suiten im 25hours Hotel The Trip in Frankfurt am Main\n\t\t\t\t<\/figcaption><\/figure><figure class='gallery-item'>\n\t\t\t<div class='gallery-icon landscape'>\n\t\t\t\t<a href='https:\/\/coeser.de\/blog\/wp-content\/uploads\/2025\/05\/frankfurt-main-25hours-hotel-the-trip-09-christian-oeser.jpg' title=\"Innenhof im 25hours Hotel The Trip in Frankfurt am Main\" data-rl_title=\"Innenhof im 25hours Hotel The Trip in Frankfurt am Main\" class=\"rl-gallery-link\" data-rl_caption=\"\" data-rel=\"lightbox-gallery-1\"><img loading=\"lazy\" decoding=\"async\" width=\"150\" height=\"150\" src=\"https:\/\/coeser.de\/blog\/wp-content\/uploads\/2025\/05\/frankfurt-main-25hours-hotel-the-trip-09-christian-oeser-150x150.jpg\" class=\"attachment-thumbnail size-thumbnail\" alt=\"Innenhof im 25hours Hotel The Trip in Frankfurt am Main\" aria-describedby=\"gallery-1-24218\" \/><\/a>\n\t\t\t<\/div>\n\t\t\t\t<figcaption class='wp-caption-text gallery-caption' id='gallery-1-24218'>\n\t\t\t\tInnenhof im 25hours Hotel The Trip in Frankfurt am Main\n\t\t\t\t<\/figcaption><\/figure><figure class='gallery-item'>\n\t\t\t<div class='gallery-icon landscape'>\n\t\t\t\t<a href='https:\/\/coeser.de\/blog\/wp-content\/uploads\/2025\/05\/frankfurt-main-25hours-hotel-the-trip-10-christian-oeser.jpg' title=\"Treppenhaus im 25hours Hotel The Trip in Frankfurt am Main\" data-rl_title=\"Treppenhaus im 25hours Hotel The Trip in Frankfurt am Main\" class=\"rl-gallery-link\" data-rl_caption=\"\" data-rel=\"lightbox-gallery-1\"><img loading=\"lazy\" decoding=\"async\" width=\"150\" height=\"150\" src=\"https:\/\/coeser.de\/blog\/wp-content\/uploads\/2025\/05\/frankfurt-main-25hours-hotel-the-trip-10-christian-oeser-150x150.jpg\" class=\"attachment-thumbnail size-thumbnail\" alt=\"Treppenhaus im 25hours Hotel The Trip in Frankfurt am Main\" aria-describedby=\"gallery-1-24219\" \/><\/a>\n\t\t\t<\/div>\n\t\t\t\t<figcaption class='wp-caption-text gallery-caption' id='gallery-1-24219'>\n\t\t\t\tTreppenhaus im 25hours Hotel The Trip in Frankfurt am Main\n\t\t\t\t<\/figcaption><\/figure><figure class='gallery-item'>\n\t\t\t<div class='gallery-icon landscape'>\n\t\t\t\t<a href='https:\/\/coeser.de\/blog\/wp-content\/uploads\/2025\/05\/frankfurt-main-25hours-hotel-the-trip-11-christian-oeser.jpg' title=\"Sauna und Calisthenics-Parcours auf der Dachterrasse des 25hours Hotel The Trip in Frankfurt am Main\" data-rl_title=\"Sauna und Calisthenics-Parcours auf der Dachterrasse des 25hours Hotel The Trip in Frankfurt am Main\" class=\"rl-gallery-link\" data-rl_caption=\"\" data-rel=\"lightbox-gallery-1\"><img loading=\"lazy\" decoding=\"async\" width=\"150\" height=\"150\" src=\"https:\/\/coeser.de\/blog\/wp-content\/uploads\/2025\/05\/frankfurt-main-25hours-hotel-the-trip-11-christian-oeser-150x150.jpg\" class=\"attachment-thumbnail size-thumbnail\" alt=\"Sauna und Calisthenics-Parcours auf der Dachterrasse des 25hours Hotel The Trip in Frankfurt am Main\" aria-describedby=\"gallery-1-24220\" \/><\/a>\n\t\t\t<\/div>\n\t\t\t\t<figcaption class='wp-caption-text gallery-caption' id='gallery-1-24220'>\n\t\t\t\tSauna und Calisthenics-Parcours auf der Dachterrasse des 25hours Hotel The Trip in Frankfurt am Main\n\t\t\t\t<\/figcaption><\/figure><figure class='gallery-item'>\n\t\t\t<div class='gallery-icon landscape'>\n\t\t\t\t<a href='https:\/\/coeser.de\/blog\/wp-content\/uploads\/2025\/05\/frankfurt-main-25hours-hotel-the-trip-12-christian-oeser.jpg' title=\"Einer der Konferenzr\u00e4ume im 25hours Hotel The Trip in Frankfurt am Main\" data-rl_title=\"Einer der Konferenzr\u00e4ume im 25hours Hotel The Trip in Frankfurt am Main\" class=\"rl-gallery-link\" data-rl_caption=\"\" data-rel=\"lightbox-gallery-1\"><img loading=\"lazy\" decoding=\"async\" width=\"150\" height=\"150\" src=\"https:\/\/coeser.de\/blog\/wp-content\/uploads\/2025\/05\/frankfurt-main-25hours-hotel-the-trip-12-christian-oeser-150x150.jpg\" class=\"attachment-thumbnail size-thumbnail\" alt=\"Einer der Konferenzr\u00e4ume im 25hours Hotel The Trip in Frankfurt am Main\" aria-describedby=\"gallery-1-24221\" \/><\/a>\n\t\t\t<\/div>\n\t\t\t\t<figcaption class='wp-caption-text gallery-caption' id='gallery-1-24221'>\n\t\t\t\tEiner der Konferenzr\u00e4ume im 25hours Hotel The Trip in Frankfurt am Main\n\t\t\t\t<\/figcaption><\/figure><figure class='gallery-item'>\n\t\t\t<div class='gallery-icon landscape'>\n\t\t\t\t<a href='https:\/\/coeser.de\/blog\/wp-content\/uploads\/2025\/05\/frankfurt-main-25hours-hotel-the-trip-13-christian-oeser.jpg' title=\"Einer der Konferenzr\u00e4ume im 25hours Hotel The Trip in Frankfurt am Main\" data-rl_title=\"Einer der Konferenzr\u00e4ume im 25hours Hotel The Trip in Frankfurt am Main\" class=\"rl-gallery-link\" data-rl_caption=\"\" data-rel=\"lightbox-gallery-1\"><img loading=\"lazy\" decoding=\"async\" width=\"150\" height=\"150\" src=\"https:\/\/coeser.de\/blog\/wp-content\/uploads\/2025\/05\/frankfurt-main-25hours-hotel-the-trip-13-christian-oeser-150x150.jpg\" class=\"attachment-thumbnail size-thumbnail\" alt=\"Einer der Konferenzr\u00e4ume im 25hours Hotel The Trip in Frankfurt am Main\" aria-describedby=\"gallery-1-24222\" \/><\/a>\n\t\t\t<\/div>\n\t\t\t\t<figcaption class='wp-caption-text gallery-caption' id='gallery-1-24222'>\n\t\t\t\tEiner der Konferenzr\u00e4ume im 25hours Hotel The Trip in Frankfurt am Main\n\t\t\t\t<\/figcaption><\/figure><figure class='gallery-item'>\n\t\t\t<div class='gallery-icon landscape'>\n\t\t\t\t<a href='https:\/\/coeser.de\/blog\/wp-content\/uploads\/2025\/05\/frankfurt-main-25hours-hotel-the-trip-14-christian-oeser.jpg' title=\"Restaurant Bar Shuka im 25hours Hotel The Trip in Frankfurt am Main\" data-rl_title=\"Restaurant Bar Shuka im 25hours Hotel The Trip in Frankfurt am Main\" class=\"rl-gallery-link\" data-rl_caption=\"\" data-rel=\"lightbox-gallery-1\"><img loading=\"lazy\" decoding=\"async\" width=\"150\" height=\"150\" src=\"https:\/\/coeser.de\/blog\/wp-content\/uploads\/2025\/05\/frankfurt-main-25hours-hotel-the-trip-14-christian-oeser-150x150.jpg\" class=\"attachment-thumbnail size-thumbnail\" alt=\"Restaurant Bar Shuka im 25hours Hotel The Trip in Frankfurt am Main\" aria-describedby=\"gallery-1-24223\" \/><\/a>\n\t\t\t<\/div>\n\t\t\t\t<figcaption class='wp-caption-text gallery-caption' id='gallery-1-24223'>\n\t\t\t\tRestaurant Bar Shuka im 25hours Hotel The Trip in Frankfurt am Main\n\t\t\t\t<\/figcaption><\/figure>\n\t\t<\/div>\n\n<\/div>\n<div class=\"extern\">\n<h3>TRANSPARENZHINWEIS<\/h3>\n<p>*Die mit Stern gekennzeichneten Verweise in diesem Blogartikel sind sogenannte Affiliate-Links. Wenn dir mein Blogartikel bei der Planung deiner Reise geholfen hat, freue ich mich, wenn du \u00fcber diese Links deine Unterkunft oder Freizeitaktivit\u00e4ten buchst. Ich erhalte dadurch eine kleine Provision und du unterst\u00fctzt den Erhalt dieses Blogs. F\u00fcr dich entstehen dabei selbstverst\u00e4ndlich keine Nachteile. Vielen Dank! \ud83d\ude42<\/p>\n<p>F\u00fcr die Recherche vor Ort zu diesem Artikel wurde ich vom <a href=\"https:\/\/25hours-hotels.com\/de\/frankfurt\/the-trip\/\" target=\"_blank\" rel=\"noopener\">25hours Hotel The Trip<\/a> und vom <a href=\"https:\/\/www.visitfrankfurt.travel\/\" target=\"_blank\" rel=\"noopener\">Frankfurt Tourismus<\/a> unterst\u00fctzt. Meine Meinung ist davon selbstverst\u00e4ndlich nicht beeinflusst.<\/p>\n<\/div>\n<p>&nbsp;<\/p>\n<h2><img loading=\"lazy\" decoding=\"async\" class=\"alignnone size-full wp-image-24328\" src=\"https:\/\/coeser.de\/blog\/wp-content\/uploads\/2025\/06\/frankfurt-main-fotospots-aufmacher1-roemerberg-christian-oeser.jpg\" alt=\"Statue der Justizia im Gerechtigkeitsbrunnen vor historischen Fachwerkh\u00e4usern auf dem R\u00f6merberg in Frankfurt\" width=\"970\" height=\"323\" srcset=\"https:\/\/coeser.de\/blog\/wp-content\/uploads\/2025\/06\/frankfurt-main-fotospots-aufmacher1-roemerberg-christian-oeser.jpg 970w, https:\/\/coeser.de\/blog\/wp-content\/uploads\/2025\/06\/frankfurt-main-fotospots-aufmacher1-roemerberg-christian-oeser-768x256.jpg 768w\" sizes=\"auto, (max-width: 970px) 100vw, 970px\" \/><\/h2>\n<h2>Frankfurt: Ein Eldorado f\u00fcr Fotografen<\/h2>\n<p>Beim Zusammenstellen dieses Artikels staunte ich nicht schlecht: <strong>gleich 16 Fotospots in Frankfurt<\/strong> empfand ich als so gut, dass ich sie dir unbedingt zeigen will. Diese Anzahl ist wahrlich nicht schlecht f\u00fcr eine Stadt, die wahrscheinlich nicht auf jeder Wunschliste steht, wenn es um St\u00e4dtereisen geht. Doch Frankfurt ist ein mehr als lohnendes Ziel f\u00fcr einen Citytrip \u2013 in kultureller, geschichtlicher und kulinarischer Art und Weise. In meinem zweiten Artikel zu Frankfurt kannst du alle Highlights der Main-Metropole nachlesen: <a href=\"https:\/\/coeser.de\/blog\/index.php\/2025\/07\/02\/frankfurt-16-tipps-aktivitaeten\/\" target=\"_blank\" rel=\"noopener\"><strong>Frankfurt: 16 Tipps f\u00fcr die Stadt der Kontraste<\/strong><\/a>.<\/p>\n<h3>Frankfurt als Stadt voller Kontraste<\/h3>\n<p>Dass Frankfurt eine derart attraktive Destination f\u00fcr Fotografen ist, liegt am Umstand, dass hier an jeder Ecke Kontraste sowie Gegens\u00e4tze zu finden sind. Vor allem aus architektonischer Sicht ist das spektakul\u00e4r, wenn zwischen den modernen Hochh\u00e4usern aus Stahl und Glas pl\u00f6tzlich historische Fachwerkh\u00e4user aus Holz auftauchen. Ganz egal, ob du nur aus Spa\u00df fotografierst, deine Bilder mit Leidenschaft planst oder Selfies f\u00fcr Instagram vor spannenden Hintergr\u00fcnden aufnehmen willst:<strong> Frankfurt ist mit seinen 16 Fotospots die richtige Spielwiese daf\u00fcr!<\/strong><\/p>\n<figure class=\"bigpicture\"><img loading=\"lazy\" decoding=\"async\" class=\"wp-image-24327 size-full\" src=\"https:\/\/coeser.de\/blog\/wp-content\/uploads\/2025\/06\/frankfurt-main-fotospots-skyline-hauptbahnhof-christian-oeser.jpg\" alt=\"Fotospots Frankfurt: Die Skyline mit dem Hauptbahnhof vom Zug aus gesehen\" width=\"960\" height=\"640\" srcset=\"https:\/\/coeser.de\/blog\/wp-content\/uploads\/2025\/06\/frankfurt-main-fotospots-skyline-hauptbahnhof-christian-oeser.jpg 960w, https:\/\/coeser.de\/blog\/wp-content\/uploads\/2025\/06\/frankfurt-main-fotospots-skyline-hauptbahnhof-christian-oeser-768x512.jpg 768w, https:\/\/coeser.de\/blog\/wp-content\/uploads\/2025\/06\/frankfurt-main-fotospots-skyline-hauptbahnhof-christian-oeser-330x220.jpg 330w\" sizes=\"auto, (max-width: 960px) 100vw, 960px\" \/><figcaption class=\"bigpicture-text\">\n<h2>Bonustipp: Der \u201efahrende\u201c Fotospot in Frankfurt<\/h2>\n<p>Bevor es gleich mit meiner Liste an Fotospots in Frankfurt losgeht, hier zuerst ein Bonustipp. Wenn du mit dem Zug anreist, dann lohnt sich rund zehn Minuten vor der Ankunft auf der rechten Seite in Fahrtrichtung der Blick aus dem Fenster. Zuerst blinzeln die Hochh\u00e4user nur kurz zwischen Nachkriegsh\u00e4usern und neuen Wohnbauten durch. Aber sobald du die Main-Neckar-Br\u00fccke \u00fcberquerst und in die letzte Kurve vor dem Hauptbahnhof einbiegst, strahlt dir die Frankfurter Skyline in ihrer ganzen Pracht entgegen. Das Fotografieren aus dem fahrenden Zug ist durch Reflexionen im Glas und die Perspektive nicht ganz einfach, aber ein Versuch lohnt sich, wie du hier siehst!<br \/>\n<a href=\"https:\/\/www.google.de\/maps\/place\/50.10099834911893,8.650628198217053\" target=\"_blank\" rel=\"noopener\"><strong>Aufnahmeort anzeigen<\/strong><\/a><\/p>\n<\/figcaption><\/figure>\n<hr \/>\n<div class=\"tipps\">\n<h2><img loading=\"lazy\" decoding=\"async\" class=\"alignnone size-full wp-image-5250\" src=\"https:\/\/coeser.de\/blog\/wp-content\/uploads\/2017\/09\/isle-of-skye-schottland-aufmacher3-elgol-christian-oeser.jpg\" alt=\"Sonnenuntergang am Strand von Elgol auf der Islye of Skye in Schottland\" width=\"970\" height=\"323\" srcset=\"https:\/\/coeser.de\/blog\/wp-content\/uploads\/2017\/09\/isle-of-skye-schottland-aufmacher3-elgol-christian-oeser.jpg 970w, https:\/\/coeser.de\/blog\/wp-content\/uploads\/2017\/09\/isle-of-skye-schottland-aufmacher3-elgol-christian-oeser-300x100.jpg 300w, https:\/\/coeser.de\/blog\/wp-content\/uploads\/2017\/09\/isle-of-skye-schottland-aufmacher3-elgol-christian-oeser-768x256.jpg 768w\" sizes=\"auto, (max-width: 970px) 100vw, 970px\" \/><\/h2>\n<h2>TIPP: Die sch\u00f6nsten Fotospots anderswo<\/h2>\n<p>Dieser Beitrag \u00fcber die sch\u00f6nsten Fotospots in Frankfurt ist Teil einer Artikelserie. Nachfolgend findest du meine weiteren Blogbeitr\u00e4ge \u00fcber die besten Pl\u00e4tze zum Fotografieren in anderen St\u00e4dten und L\u00e4ndern.<\/p>\n<p><strong><a href=\"https:\/\/coeser.de\/blog\/index.php\/2022\/08\/16\/14-tage-schottland-in-14-bildern\/\" target=\"_blank\" rel=\"noopener\">14 Tage Schottland in 14 Bildern<\/a><\/strong><\/p>\n<p><strong><a href=\"https:\/\/coeser.de\/blog\/index.php\/2019\/03\/05\/die-10-schoensten-fotospots-in-lyon\/\" target=\"_blank\" rel=\"noopener\">Die 10 sch\u00f6nsten Fotospots in Lyon<\/a><\/strong><\/p>\n<p><strong><a href=\"https:\/\/coeser.de\/blog\/index.php\/2020\/10\/06\/wien-die-10-schoensten-fotospots\/\" target=\"_blank\" rel=\"noopener\">Wien: Die 10 sch\u00f6nsten Fotospots<\/a><\/strong><\/p>\n<p><strong><a href=\"https:\/\/coeser.de\/blog\/index.php\/2023\/01\/23\/salzburg-10-fotospots-aussichtspunkte\/\" target=\"_blank\" rel=\"noopener\">Salzburg: 10 Fotospots und Aussichtspunkte<\/a><\/strong><\/p>\n<p><strong><a href=\"https:\/\/coeser.de\/blog\/index.php\/2022\/06\/22\/lissabon-fotospots-beste-bilder\/\" target=\"_blank\" rel=\"noopener\">Lissabon: 20 Fotospots, die Lust machen<\/a><\/strong><\/p>\n<p><strong><a href=\"https:\/\/coeser.de\/blog\/index.php\/2019\/02\/05\/cesky-krumlov-die-5-schoensten-fotospots\/\" target=\"_blank\" rel=\"noopener\">\u010cesk\u00fd Krumlov: Die 5 sch\u00f6nsten Fotospots<\/a><\/strong><\/p>\n<p><strong><a href=\"https:\/\/coeser.de\/blog\/index.php\/2018\/10\/09\/die-10-schoensten-fotospots-in-zuerich\/\" target=\"_blank\" rel=\"noopener\">Die 10 sch\u00f6nsten Fotospots in Z\u00fcrich<\/a><\/strong><\/p>\n<\/div>\n<p>&nbsp;<\/p>\n<hr \/>\n<h2>DIE 16 BESTEN FOTOSPOTS IN FRANKFURT AM MAIN<\/h2>\n<figure class=\"bigpicture-oben\"><figcaption class=\"bigpicture-text\">\n<h2>1) Fotospots in Frankfurt: Der R\u00f6merberg<\/h2>\n<p>Der <a href=\"https:\/\/coeser.de\/blog\/index.php\/2025\/07\/02\/frankfurt-16-tipps-aktivitaeten\/#1-Der-Romer-Rathaus\" target=\"_blank\" rel=\"noopener\"><strong>R\u00f6merberg<\/strong><\/a> ist wohl der bekannteste unter den Fotospots in Frankfurt, da der Platz nicht nur das Zentrum der Stadt, sondern auch die Hauptsehensw\u00fcrdigkeit ist. Untertags str\u00f6men hier ohne Unterbrechung Touristen aus aller Welt her, um die Nachbauten der im Zweiten Weltkrieg fast komplett zerst\u00f6rten, wundersch\u00f6nen H\u00e4user zu besichtigen. Hier tolle Fotos zu machen ist prinzipiell ein Kinderspiel, w\u00e4ren da nicht die zahlreichen Veranstaltungen unter dem Jahr, an denen der R\u00f6merberg mit allerlei mobilen St\u00e4nden verstellt ist. Falls du Pech hast und den Platz nicht in seiner ganzen Pracht ablichten kannst, dann konzentriere dich einfach auf die Details der Fachwerkh\u00e4user.<\/p>\n<\/figcaption><figure class=\"bigpicture\"><img loading=\"lazy\" decoding=\"async\" class=\"wp-image-24330 size-full\" src=\"https:\/\/coeser.de\/blog\/wp-content\/uploads\/2025\/06\/frankfurt-main-fotospots-roemerberg-01-christian-oeser.jpg\" alt=\"Fotospots Frankfurt: Der R\u00f6mer (Rathaus) bei Nacht\" width=\"960\" height=\"640\" srcset=\"https:\/\/coeser.de\/blog\/wp-content\/uploads\/2025\/06\/frankfurt-main-fotospots-roemerberg-01-christian-oeser.jpg 960w, https:\/\/coeser.de\/blog\/wp-content\/uploads\/2025\/06\/frankfurt-main-fotospots-roemerberg-01-christian-oeser-768x512.jpg 768w, https:\/\/coeser.de\/blog\/wp-content\/uploads\/2025\/06\/frankfurt-main-fotospots-roemerberg-01-christian-oeser-330x220.jpg 330w\" sizes=\"auto, (max-width: 960px) 100vw, 960px\" \/><figcaption class=\"bigpicture-text\">\n<h3>Der R\u00f6mer (das Rathaus) bei Nacht<\/h3>\n<p>Das Frankfurter Rathaus (R\u00f6mer genannt) sticht vor allem mit seinen drei eckigen Giebelh\u00e4usern ins Auge &#8211; insgesamt besteht es aus elf zusammenh\u00e4ngenden Geb\u00e4uden. W\u00e4hrend dir untertags immer viele Menschen st\u00f6rend durch das Bild huschen, wirst du abends keine Probleme haben, ein wundervolles Foto zu schie\u00dfen. Die Tagestouristen und Busgruppen sind dann weg und du teilst den R\u00f6merberg nur mit wenigen Menschen.<br \/>\n<a href=\"https:\/\/www.google.de\/maps\/place\/50.11040012924942,8.68228051528319\" target=\"_blank\" rel=\"noopener\"><strong>Aufnahmeort anzeigen<\/strong><\/a><\/p>\n<\/figcaption><\/figure>\n<hr \/>\n<figure class=\"bigpicture\"><img loading=\"lazy\" decoding=\"async\" class=\"wp-image-24331 size-full\" src=\"https:\/\/coeser.de\/blog\/wp-content\/uploads\/2025\/06\/frankfurt-main-fotospots-roemerberg-02-christian-oeser.jpg\" alt=\"Frankfurt Fotospots: Historische Fachwerkh\u00e4user und die Justitia im Gerechtigskeitsbrunnen auf dem R\u00f6merberg\" width=\"960\" height=\"640\" srcset=\"https:\/\/coeser.de\/blog\/wp-content\/uploads\/2025\/06\/frankfurt-main-fotospots-roemerberg-02-christian-oeser.jpg 960w, https:\/\/coeser.de\/blog\/wp-content\/uploads\/2025\/06\/frankfurt-main-fotospots-roemerberg-02-christian-oeser-768x512.jpg 768w, https:\/\/coeser.de\/blog\/wp-content\/uploads\/2025\/06\/frankfurt-main-fotospots-roemerberg-02-christian-oeser-330x220.jpg 330w\" sizes=\"auto, (max-width: 960px) 100vw, 960px\" \/><figcaption class=\"bigpicture-text\">\n<h3>Historische Fachwerkh\u00e4user auf dem R\u00f6merberg<\/h3>\n<p>Die historischen Fachwerkh\u00e4user in Kombination mit der Statue der Justitia im Gerechtigkeitsbrunnen bieten sich wunderbar f\u00fcr ein Foto an. Am besten gelingt dir so eine Aufnahme mit einem Teleobjektiv, um keine st\u00f6renden Elemente mit im Bild zu haben und die Hauptmotive zu isolieren. Auch wenn die Bauwerke auf dem R\u00f6merberg wiederhergestellte Nachbauten und keine Originale sind, verspr\u00fchen sie dennoch eine fantastische Atmosph\u00e4re.<br \/>\n<a href=\"https:\/\/www.google.de\/maps\/place\/50.11049922002608,8.68200473894301\" target=\"_blank\" rel=\"noopener\"><strong>Aufnahmeort anzeigen<\/strong><\/a><\/p>\n<\/figcaption><\/figure>\n<\/figure>\n<hr \/>\n<figure class=\"bigpicture-oben\"><figcaption class=\"bigpicture-text\">\n<h2>2) Fotospots in Frankfurt: Aussicht vom Main Tower<\/h2>\n<p>Obwohl es in Frankfurt Dutzende Wolkenkratzer gibt, ist nur ein einziges Hochhaus mit einer \u00f6ffentlich begehbaren Aussichtsterrasse ausgestattet. Allein deshalb z\u00e4hlt der <strong>Main Tower<\/strong> zu den besten Fotospots in Frankfurt, denn nirgendwo sonst bist du so nah inmitten der Skyline. Das ist Vor- und Nachteil zugleich, denn aus der N\u00e4he wirkt das Hochhausensemble naturgem\u00e4\u00df nicht so spektakul\u00e4r wie aus der Ferne betrachtet. Der Ausblick in alle Himmelsrichtungen ist aber absolut atemberaubend! Am Eingang gibt es eine Sicherheitskontrolle wie am Flughafen, dann f\u00e4hrst du selbst\u00e4ndig mit dem Aufzug nach oben. Es gibt ein barrierefreies, eingeglastes Stockwerk auf 192 Metern H\u00f6he, aber die bessere Sicht von der Aussichtsplattform auf 198 Metern H\u00f6he ist nur \u00fcber einige Treppen erreichbar.<\/p>\n<\/figcaption><figure class=\"bigpicture\"><img loading=\"lazy\" decoding=\"async\" class=\"wp-image-24346 size-full\" src=\"https:\/\/coeser.de\/blog\/wp-content\/uploads\/2025\/06\/frankfurt-main-fotospots-main-tower-aussichtsplattform-01-christian-oeser.jpg\" alt=\"Fotospots Frankfurt: Panorama der Stadt und der Skyline vom Main Tower aus gesehen\" width=\"960\" height=\"325\" srcset=\"https:\/\/coeser.de\/blog\/wp-content\/uploads\/2025\/06\/frankfurt-main-fotospots-main-tower-aussichtsplattform-01-christian-oeser.jpg 960w, https:\/\/coeser.de\/blog\/wp-content\/uploads\/2025\/06\/frankfurt-main-fotospots-main-tower-aussichtsplattform-01-christian-oeser-768x260.jpg 768w\" sizes=\"auto, (max-width: 960px) 100vw, 960px\" \/><figcaption class=\"bigpicture-text\">\n<h3>Panorama der Stadt und der Skyline<\/h3>\n<p>Dieses Panorama von Frankfurt in Richtung Westen gelingt dir von der Aussichtsplattform, die im Freien liegt. Dort ist es aufgrund der H\u00f6he oftmals etwas unwirtlich und der Wind kann ganz sch\u00f6n herausfordernd sein. Sind die Temperaturen zu kalt, kannst du den Ausblick auch von der eingeglasten Ebene im Stockwerk darunter genie\u00dfen. Toll finde ich die langen \u00d6ffnungszeiten des Main Tower: An Wochenenden kannst du auch im Sommer problemlos den Sonnenuntergang miterleben, da die Plattform bis 23:00 Uhr ge\u00f6ffnet ist.<br \/>\n<a href=\"https:\/\/www.google.de\/maps\/place\/50.112408538918764,8.67218895625552\" target=\"_blank\" rel=\"noopener\"><strong>Aufnahmeort anzeigen<\/strong><\/a><\/p>\n<\/figcaption><\/figure>\n<hr \/>\n<figure class=\"bigpicture\"><img loading=\"lazy\" decoding=\"async\" class=\"wp-image-24347 size-full\" src=\"https:\/\/coeser.de\/blog\/wp-content\/uploads\/2025\/06\/frankfurt-main-fotospots-main-tower-aussichtsplattform-02-christian-oeser.jpg\" alt=\"Fotospots Frankfurt: Detailaufnahme von Wohnh\u00e4usern zwischen zwei Wolkenkratzern vom Main Tower aus gesehen\" width=\"960\" height=\"640\" srcset=\"https:\/\/coeser.de\/blog\/wp-content\/uploads\/2025\/06\/frankfurt-main-fotospots-main-tower-aussichtsplattform-02-christian-oeser.jpg 960w, https:\/\/coeser.de\/blog\/wp-content\/uploads\/2025\/06\/frankfurt-main-fotospots-main-tower-aussichtsplattform-02-christian-oeser-768x512.jpg 768w, https:\/\/coeser.de\/blog\/wp-content\/uploads\/2025\/06\/frankfurt-main-fotospots-main-tower-aussichtsplattform-02-christian-oeser-330x220.jpg 330w\" sizes=\"auto, (max-width: 960px) 100vw, 960px\" \/><figcaption class=\"bigpicture-text\">\n<h3>Wohnh\u00e4user zwischen Wolkenkratzern<\/h3>\n<p>Die Aussicht in alle Himmelsrichtungen ist ja eigentlich schon aufregend genug, aber vom Main Tower aus genoss ich es, auch auf Details zu achten. Hier im Bild faszinierte mich beispielsweise der Gegensatz der klassischen Wohnh\u00e4user, die von den Wolkenkratzern im Bankenviertel m\u00e4chtig flankiert werden.<br \/>\n<a href=\"https:\/\/www.google.de\/maps\/place\/50.112408538918764,8.67218895625552\" target=\"_blank\" rel=\"noopener\"><strong>Aufnahmeort anzeigen<\/strong><\/a><\/p>\n<\/figcaption><\/figure>\n<\/figure>\n<hr \/>\n<figure class=\"bigpicture-oben\"><figcaption class=\"bigpicture-text\">\n<h2>3) Fotospots in Frankfurt: Goetheturm<\/h2>\n<p>Ein tragisches Schicksal und eine imposante Wiederauferstehung: der <strong>Goetheturm<\/strong> hat schon so viel Drama erlebt, wie sein Namensgeber erwarten l\u00e4sst. Der Aussichtsturm ist nach dem Dichter Johann Wolfgang von Goethe benannt und steht am n\u00f6rdlichen Rand des Frankfurter Stadtwaldes. Die erste Version des 43 Meter hohen Bauwerks aus Holz wurde 1931 er\u00f6ffnet und \u00fcber die Jahrzehnte zweimal restauriert. Im Oktober 2017 z\u00fcndete ein bis heute nicht gefasster Brandstifter den Goetheturm in der Nacht an und zerst\u00f6rte ihn komplett. Der originalgetreu wiederaufgebaute Turm er\u00f6ffnete im April 2021 und z\u00e4hlt heute zu den besten Fotospots, die Frankfurt zu bieten hat! Am Fu\u00df des Holzturms ist \u00fcbrigens ein kleines Lokal (nur Bargeldzahlung).<\/p>\n<\/figcaption><figure class=\"bigpicture\"><img loading=\"lazy\" decoding=\"async\" class=\"wp-image-24349 size-full\" src=\"https:\/\/coeser.de\/blog\/wp-content\/uploads\/2025\/06\/frankfurt-main-fotospots-goetheturm-01-christian-oeser.jpg\" alt=\"Fotospots Frankfurt: Der nach einem Brand wiedererrichtete Goetheturm\" width=\"960\" height=\"640\" srcset=\"https:\/\/coeser.de\/blog\/wp-content\/uploads\/2025\/06\/frankfurt-main-fotospots-goetheturm-01-christian-oeser.jpg 960w, https:\/\/coeser.de\/blog\/wp-content\/uploads\/2025\/06\/frankfurt-main-fotospots-goetheturm-01-christian-oeser-768x512.jpg 768w, https:\/\/coeser.de\/blog\/wp-content\/uploads\/2025\/06\/frankfurt-main-fotospots-goetheturm-01-christian-oeser-330x220.jpg 330w\" sizes=\"auto, (max-width: 960px) 100vw, 960px\" \/><figcaption class=\"bigpicture-text\">\n<h3>Der wiedererrichtete Goetheturm<\/h3>\n<p>Wenn du auf einem Stadtplan den Standort des Goetheturms suchst, wirst du aufgrund der gro\u00dfen Distanz zur Innenstadt \u00fcberrascht sein, dass die Anfahrt dennoch ziemlich kurz dauert. Von der S-Bahn-Station <em>Lokalbahnhof<\/em> f\u00e4hrt je nach Tageszeit alle 15-30 Minuten der Bus 48 direkt zur Haltestelle <em>Goetheturm<\/em>. Die Fahrzeit betr\u00e4gt nur eine Viertelstunde und f\u00fchrt durch eine ruhige und sch\u00f6ne Wohnsiedlung. Von der Station aus bist du gleich beim Turm mitten im Wald.<br \/>\n<a href=\"https:\/\/www.google.de\/maps\/place\/50.08907729430893,8.710887556247533\" target=\"_blank\" rel=\"noopener\"><strong>Aufnahmeort anzeigen<\/strong><\/a><\/p>\n<\/figcaption><\/figure>\n<hr \/>\n<figure class=\"bigpicture\"><img loading=\"lazy\" decoding=\"async\" class=\"wp-image-24350 size-full\" src=\"https:\/\/coeser.de\/blog\/wp-content\/uploads\/2025\/06\/frankfurt-main-fotospots-goetheturm-02-christian-oeser.jpg\" alt=\"Fotospots Frankfurt: Panorama der Skyline vom Goetheturm aus gesehen\" width=\"960\" height=\"271\" srcset=\"https:\/\/coeser.de\/blog\/wp-content\/uploads\/2025\/06\/frankfurt-main-fotospots-goetheturm-02-christian-oeser.jpg 960w, https:\/\/coeser.de\/blog\/wp-content\/uploads\/2025\/06\/frankfurt-main-fotospots-goetheturm-02-christian-oeser-768x217.jpg 768w\" sizes=\"auto, (max-width: 960px) 100vw, 960px\" \/><figcaption class=\"bigpicture-text\">\n<h3>Panorama der Skyline vom Goetheturm aus gesehen<\/h3>\n<p>Der Aufstieg auf den Goetheturm scheint nicht zu enden. Das dachte ich mir auf jeder der insgesamt 196 Stufen. Die Treppe ist aber prinzipiell angenehm zu begehen und in jedem Stockwerk gibt es eine Sitzm\u00f6glichkeit zum Ausruhen. Auf den letzten Etagen kommen schrittweise die Wolkenkratzer von Frankfurt zum Vorschein und machen absolut sprachlos. Einen besseren Blick auf die gesamte Skyline mit allen Hochh\u00e4usern aneinandergereiht gibt es wohl nicht, einfach fantastisch! Beim Blick in alle Richtungen wirst du feststellen, wie viel Gr\u00fcnfl\u00e4che und Wald rund um Frankfurt ist.<br \/>\n<a href=\"https:\/\/www.google.de\/maps\/place\/50.089006008346736,8.711370749017101\" target=\"_blank\" rel=\"noopener\"><strong>Aufnahmeort anzeigen<\/strong><\/a><\/p>\n<\/figcaption><\/figure>\n<\/figure>\n<hr \/>\n<figure class=\"bigpicture-oben\"><figcaption class=\"bigpicture-text\">\n<h2>4) Fotospots in Frankfurt: Rund um die Alte Oper<\/h2>\n<p>Dieser Fotospot in Frankfurt ist f\u00fcr dich interessant, wenn du gerne Street Photography betreibst und Menschen im Alltag ablichtest. Rund um die <a href=\"https:\/\/coeser.de\/blog\/index.php\/2025\/07\/02\/frankfurt-16-tipps-aktivitaeten\/#9-Die-Alte-Oper-in-Frankfurt\" target=\"_blank\" rel=\"noopener\"><strong>Alte Oper<\/strong><\/a> geht es immer sehr quirlig zu, da hier eine Menge Lokale zu finden sind und der Platz generell eine angenehme Atmosph\u00e4re verspr\u00fcht. Der Lucae-Springbrunnen, die historischen Lampen und die kleinen Arkaden mit ihren B\u00e4umen geben dir gen\u00fcgend M\u00f6glichkeiten, die Umgebung in deine Fotos miteinzubeziehen.<\/p>\n<\/figcaption><figure class=\"bigpicture\"><img loading=\"lazy\" decoding=\"async\" class=\"wp-image-24354 size-full\" src=\"https:\/\/coeser.de\/blog\/wp-content\/uploads\/2025\/06\/frankfurt-main-fotospots-alte-oper-christian-oeser.jpg\" alt=\"Fotospots Frankfurt: Jogger vor der Alten Oper\" width=\"960\" height=\"640\" srcset=\"https:\/\/coeser.de\/blog\/wp-content\/uploads\/2025\/06\/frankfurt-main-fotospots-alte-oper-christian-oeser.jpg 960w, https:\/\/coeser.de\/blog\/wp-content\/uploads\/2025\/06\/frankfurt-main-fotospots-alte-oper-christian-oeser-768x512.jpg 768w, https:\/\/coeser.de\/blog\/wp-content\/uploads\/2025\/06\/frankfurt-main-fotospots-alte-oper-christian-oeser-330x220.jpg 330w\" sizes=\"auto, (max-width: 960px) 100vw, 960px\" \/><figcaption class=\"bigpicture-text\">\n<h3>Street Photography vor der Alten Oper<\/h3>\n<p>Solche Situationen mag ich sehr: an einem Ort die vorhandenen Elemente miteinander komponieren und dann auf die menschliche Ebene warten. Zuerst schaute ich, wie sich die Alte Oper, die historische Lampe, die B\u00e4ume und das Bodenmuster ausrichten lie\u00dfen, um eine stimmige Komposition zu erhalten. Danach musste ich nur geduldig warten, bis ein Radfahrer, Fu\u00dfg\u00e4nger oder wie hier ein Jogger das Bild betritt und der Szene Lebendigkeit verleiht.<br \/>\n<a href=\"https:\/\/www.google.de\/maps\/place\/50.11504726265483,8.67129875643517\" target=\"_blank\" rel=\"noopener\"><strong>Aufnahmeort anzeigen<\/strong><\/a><\/p>\n<\/figcaption><\/figure>\n<hr \/>\n<figure class=\"bigpicture\"><img loading=\"lazy\" decoding=\"async\" class=\"wp-image-24355 size-full\" src=\"https:\/\/coeser.de\/blog\/wp-content\/uploads\/2025\/06\/frankfurt-main-fotospots-alte-oper-springbrunnen-christian-oeser.jpg\" alt=\"Fotospots Frankfurt: Sonnenuntergang im Lucae-Brunnen vor der Alten Oper\" width=\"960\" height=\"640\" srcset=\"https:\/\/coeser.de\/blog\/wp-content\/uploads\/2025\/06\/frankfurt-main-fotospots-alte-oper-springbrunnen-christian-oeser.jpg 960w, https:\/\/coeser.de\/blog\/wp-content\/uploads\/2025\/06\/frankfurt-main-fotospots-alte-oper-springbrunnen-christian-oeser-768x512.jpg 768w, https:\/\/coeser.de\/blog\/wp-content\/uploads\/2025\/06\/frankfurt-main-fotospots-alte-oper-springbrunnen-christian-oeser-330x220.jpg 330w\" sizes=\"auto, (max-width: 960px) 100vw, 960px\" \/><figcaption class=\"bigpicture-text\">\n<h3>Spektakul\u00e4rer Sonnenuntergang vor der Alten Oper<\/h3>\n<p>Wenn die Sonne untergeht und schon ziemlich tief im Westen steht, dann tauchen die letzten Strahlen entlang der Stra\u00dfenschluchten den Lucae-Brunnen in ein wundervolles Licht. Die Tausenden Tropfen glitzern in der Luft dann wie magische Edelsteine. In solch einem gro\u00dfartigen Licht ist es fast unm\u00f6glich, keine guten Bilder zu produzieren.<br \/>\n<a href=\"https:\/\/www.google.de\/maps\/place\/50.115200895404364,8.67177825051373\" target=\"_blank\" rel=\"noopener\"><strong>Aufnahmeort anzeigen<\/strong><\/a><\/p>\n<\/figcaption><\/figure>\n<\/figure>\n<hr \/>\n<figure class=\"bigpicture-oben\"><figcaption class=\"bigpicture-text\">\n<h2>5) Fotospots in Frankfurt: Aussicht vom Kaiserdom<\/h2>\n<p>Der <a href=\"https:\/\/coeser.de\/blog\/index.php\/2025\/07\/02\/frankfurt-16-tipps-aktivitaeten\/#4-Frankfurter-Kaiserdom\" target=\"_blank\" rel=\"noopener\"><strong>Kaiserdom<\/strong> <\/a>ist nicht nur geschichtlich relevant und von innen interessant anzusehen, sondern bietet mit seinem Turm auch einen der besten Fotospots in Frankfurt. Der Zugang ist auf der R\u00fcckseite des Haupteingangs und die Tickets gibt es in einem Kiosk gegen eine kleine Geb\u00fchr von EUR 3,-. Der Torw\u00e4chter sperrt dir dann mittels Tastendrucks die T\u00fcr zum Treppenhaus des Turms auf. Der Aufstieg ist kein Zuckerschlecken und ersetzt locker jedes Fitnessstudio: Es geht \u00fcber 328 Stufen auf einer durchgehenden Wendeltreppe nach oben und bei regem Besucheraufkommen musst du mehrmals mit Gegenverkehr in beide Richtungen klarkommen. Wenn du nicht gut in Form bist und Kniebeschwerden hast, rate ich eher davon ab, hinaufzugehen.<\/p>\n<\/figcaption><figure class=\"bigpicture\"><img loading=\"lazy\" decoding=\"async\" class=\"wp-image-24356 size-full\" src=\"https:\/\/coeser.de\/blog\/wp-content\/uploads\/2025\/06\/frankfurt-main-fotospots-skyline-kaiserdom-christian-oeser.jpg\" alt=\"Fotospots Frankfurt: Panorama der Skyline vom Turm des Kaiserdoms aus gesehen\" width=\"960\" height=\"355\" srcset=\"https:\/\/coeser.de\/blog\/wp-content\/uploads\/2025\/06\/frankfurt-main-fotospots-skyline-kaiserdom-christian-oeser.jpg 960w, https:\/\/coeser.de\/blog\/wp-content\/uploads\/2025\/06\/frankfurt-main-fotospots-skyline-kaiserdom-christian-oeser-768x284.jpg 768w\" sizes=\"auto, (max-width: 960px) 100vw, 960px\" \/><figcaption class=\"bigpicture-text\">\n<h3>Panorama der Skyline vom Kaiserdom aus gesehen<\/h3>\n<p>Der Aufstieg auf die Aussichtsplattform des Kaiserdoms in 66 Metern H\u00f6he hat es wahrlich in sich, ist aber die M\u00fche absolut wert. Wenn du angekommen bist und erst einmal an der frischen Luft durchgeschnauft hast, dann wirst du richtig gl\u00fccklich sein: hier oben genie\u00dft du einen der besten Ausblicke auf die Stadt in alle vier Himmelsrichtungen. Insbesondere die Altstadt mit der Skyline und dem Main bietet sich hier f\u00fcr eine Panoramaaufnahme an und zeigt sehr gut den imposanten Kontrast zwischen den Hochh\u00e4usern und den kleinen, fast schon unscheinbaren historischen H\u00e4usern rund um den R\u00f6merberg.<br \/>\n<a href=\"https:\/\/www.google.de\/maps\/place\/50.11065045502174,8.684953601566065\" target=\"_blank\" rel=\"noopener\"><strong>Aufnahmeort anzeigen<\/strong><\/a><\/p>\n<\/figcaption><\/figure>\n<hr \/>\n<figure class=\"bigpicture\"><img loading=\"lazy\" decoding=\"async\" class=\"wp-image-24357 size-full\" src=\"https:\/\/coeser.de\/blog\/wp-content\/uploads\/2025\/06\/frankfurt-main-fotospots-kaiserdom-turmfalke-christian-oeser.jpg\" alt=\"Fotospots Frankfurt: Turmfalke auf dem Turm des Kaiserdoms\" width=\"960\" height=\"640\" srcset=\"https:\/\/coeser.de\/blog\/wp-content\/uploads\/2025\/06\/frankfurt-main-fotospots-kaiserdom-turmfalke-christian-oeser.jpg 960w, https:\/\/coeser.de\/blog\/wp-content\/uploads\/2025\/06\/frankfurt-main-fotospots-kaiserdom-turmfalke-christian-oeser-768x512.jpg 768w, https:\/\/coeser.de\/blog\/wp-content\/uploads\/2025\/06\/frankfurt-main-fotospots-kaiserdom-turmfalke-christian-oeser-330x220.jpg 330w\" sizes=\"auto, (max-width: 960px) 100vw, 960px\" \/><figcaption class=\"bigpicture-text\">\n<h3>Turmfalke auf dem Turm des Kaiserdoms<\/h3>\n<p>Gro\u00dfes fotografisches Gl\u00fcck hatte ich beim Aufstieg auf die Aussichtsebene des Kaiserdoms. Auf H\u00f6he der steinernen Wasserspeier erblickte ich diesen Turmfalken, der dort seelenruhig sa\u00df und die Umgebung beobachtete. Das Treppenhaus ist mit einem engmaschigen Gitter gesch\u00fctzt, sodass er sich von den Menschen offensichtlich nicht bedroht f\u00fchlt. Mit einer klassischen Kamera h\u00e4tte ich unm\u00f6glich durch das Gitter fotografieren k\u00f6nnen, mit der kleinen Smartphone-Linse gelang mir dieses Kunstst\u00fcck aber.<br \/>\n<a href=\"https:\/\/www.google.de\/maps\/place\/50.11065045502174,8.684953601566065\" target=\"_blank\" rel=\"noopener\"><strong>Aufnahmeort anzeigen<\/strong><\/a><\/p>\n<\/figcaption><\/figure>\n<\/figure>\n<hr \/>\n<figure class=\"bigpicture-oben\"><figcaption class=\"bigpicture-text\">\n<h2>6) Fotospots in Frankfurt: Galeria an der Hauptwache<\/h2>\n<p>Vier Mal war ich bis jetzt in Frankfurt, vier Mal stand ich an dieser Stelle mit offenem Mund. Die <strong>Aussichtsterrasse im Einkaufszentrum Galeria Kaufhof<\/strong> an der <a href=\"https:\/\/coeser.de\/blog\/index.php\/2025\/07\/02\/frankfurt-16-tipps-aktivitaeten\/#6-Die-Hauptwache-in-Frankfurt\" target=\"_blank\" rel=\"noopener\"><strong>Hauptwache<\/strong> <\/a>ist einfach immer ein Highlight und sollte ein Fixpunkt bei einer St\u00e4dtereise nach Frankfurt sein. Entweder f\u00e4hrst du mit den Rolltreppen ganz nach oben in die 7. Etage oder nimmst den Aufzug bis in den 6. Stock, wo du dann das letzte St\u00fcck mit der Rolltreppe erklimmst. Oben ist ein Selbstbedienungs-Restaurant und du bekommst beim Betreten eine Konsumationskarte ausgeh\u00e4ndigt. Pass gut auf sie auf &#8211; wenn du sie beim Verlassen nicht mehr hast, musst du 50 Euro zahlen. Sehr positiv: Es gibt keine Konsumationspflicht, aber nat\u00fcrlich ist es sehr empfehlenswert, mit einem Getr\u00e4nk oder Snack drau\u00dfen Platz zu nehmen und die Aussicht in Ruhe zu genie\u00dfen.<\/p>\n<\/figcaption><figure class=\"bigpicture\"><img loading=\"lazy\" decoding=\"async\" class=\"wp-image-24338 size-full\" src=\"https:\/\/coeser.de\/blog\/wp-content\/uploads\/2025\/06\/frankfurt-main-fotospots-skyline-hauptwache-galeria-christian-oeser.jpg\" alt=\"Fotospots Frankfurt: Panorama der Hauptwache und der Skyline von der Dachterrasse des Einkaufszentrums Galeria Kaufhof aus gesehen\" width=\"960\" height=\"435\" srcset=\"https:\/\/coeser.de\/blog\/wp-content\/uploads\/2025\/06\/frankfurt-main-fotospots-skyline-hauptwache-galeria-christian-oeser.jpg 960w, https:\/\/coeser.de\/blog\/wp-content\/uploads\/2025\/06\/frankfurt-main-fotospots-skyline-hauptwache-galeria-christian-oeser-768x348.jpg 768w\" sizes=\"auto, (max-width: 960px) 100vw, 960px\" \/><figcaption class=\"bigpicture-text\">\n<h3>Panorama der Hauptwache und der Frankfurter Skyline<\/h3>\n<p>Die guten Pl\u00e4tze auf der Terrasse sind naturgem\u00e4\u00df schnell mit Besucherinnen und Besuchern belegt, aber du findest auch dazwischen gute Perspektiven zum Fotografieren. Du schaust auf die Hauptwache, die Evangelische St. Katharinenkirche und die Skyline von Frankfurt. Wenn du auf die linke Seite der Terrasse wechselst, kannst du au\u00dferdem noch den 2015 er\u00f6ffneten Wolkenkratzer der Europ\u00e4ischen Zentralbank (EZB) gut im Kontrast der niedrigeren Wohnh\u00e4user ablichten.<br \/>\n<a href=\"https:\/\/www.google.de\/maps\/place\/50.11415970409536,8.679652637903914\" target=\"_blank\" rel=\"noopener\"><strong>Aufnahmeort anzeigen<\/strong><\/a><\/p>\n<\/figcaption><\/figure>\n<\/figure>\n<hr \/>\n<figure class=\"bigpicture-oben\"><figcaption class=\"bigpicture-text\">\n<h2>7) Fotospots in Frankfurt: Der Rathenauplatz mit Skyline<\/h2>\n<p>Die Skyline von Frankfurt ist nat\u00fcrlich der Star unter den Fotomotiven in Frankfurt. Das ist auch kein Wunder, denn es ist fast egal, wo du stehst oder spazieren gehst &#8211; die aneinandergereihten Hochh\u00e4user sind einfach immer sichtbar. Grund genug also, sie mit verschiedenen Vordergr\u00fcnden zu kombinieren. In der Innenstadt von Frankfurt findest du viele Fotospots, von denen du die Skyline sehr stilvoll mit anderen, kleineren und \u00e4lteren Geb\u00e4uden in Szene setzen kannst. Stellvertretend f\u00fcr die Vielzahl an M\u00f6glichkeiten lege ich dir hier den <strong>Rathenauplatz<\/strong> besonders ans Herz.<\/p>\n<\/figcaption><figure class=\"bigpicture\"><img loading=\"lazy\" decoding=\"async\" class=\"wp-image-24333 size-full\" src=\"https:\/\/coeser.de\/blog\/wp-content\/uploads\/2025\/06\/frankfurt-main-fotospots-skyline-rathenauplatz-christian-oeser.jpg\" alt=\"Fotospots Frankfurt: Rathenauplatz mit Skyline im Hintergrund\" width=\"960\" height=\"640\" srcset=\"https:\/\/coeser.de\/blog\/wp-content\/uploads\/2025\/06\/frankfurt-main-fotospots-skyline-rathenauplatz-christian-oeser.jpg 960w, https:\/\/coeser.de\/blog\/wp-content\/uploads\/2025\/06\/frankfurt-main-fotospots-skyline-rathenauplatz-christian-oeser-768x512.jpg 768w, https:\/\/coeser.de\/blog\/wp-content\/uploads\/2025\/06\/frankfurt-main-fotospots-skyline-rathenauplatz-christian-oeser-330x220.jpg 330w\" sizes=\"auto, (max-width: 960px) 100vw, 960px\" \/><figcaption class=\"bigpicture-text\">\n<h3>Die Skyline mit Brunnen<\/h3>\n<p>Zugegebenerma\u00dfen ist der Rathenauplatz f\u00fcr sich selbst betrachtet keine besonders sch\u00f6ne Umgebung. Mit der Kamera l\u00e4sst sich aber dennoch ein sehr fotogener Winkel einfangen. Platziere dich einfach vor dem Springbrunnen, der in unterschiedlichen St\u00e4rken Wasser in die H\u00f6he spritzt, und warte auf den richtigen Zeitpunkt, um ein stimmungsvolles Bild mit der Skyline im Hintergrund zu machen. Ein paar Meter hinter dem Brunnen beginnt \u00fcbrigens nahtlos der Goetheplatz, wo du die Statue des Goethe-Denkmals ebenfalls mit den Hochh\u00e4usern kombinieren k\u00f6nntest.<br \/>\n<a href=\"https:\/\/www.google.de\/maps\/place\/50.113863201723866,8.676849651417465\" target=\"_blank\" rel=\"noopener\"><strong>Aufnahmeort anzeigen<\/strong><\/a><\/p>\n<\/figcaption><\/figure>\n<\/figure>\n<hr \/>\n<figure class=\"bigpicture-oben\"><figcaption class=\"bigpicture-text\">\n<h2>8) Fotospots in Frankfurt: Der Eiserne Steg<\/h2>\n<p>Der <strong>Eiserne Steg<\/strong> ist eine reine Fu\u00dfg\u00e4ngerbr\u00fccke, welche die Innenstadt mit dem <a href=\"https:\/\/coeser.de\/blog\/index.php\/2025\/07\/02\/frankfurt-16-tipps-aktivitaeten\/#12-Alt-Sachsenhausen\" target=\"_blank\" rel=\"noopener\"><strong>Stadtteil Sachsenhausen<\/strong><\/a> verbindet. Es ist mittlerweile die dritte Version der urspr\u00fcnglich 1869 errichteten Br\u00fccke. 1912 legte man sie h\u00f6her und nach der Sprengung im Zweiten Weltkrieg baute man sie wieder auf. Gleichgeblieben ist aber das Erscheinungsbild des Eisernen Stegs, das bis heute gleich aussieht und sich erneut gut als kontrastreiches Motiv zur modernen Skyline im Hintergrund anbietet.<\/p>\n<\/figcaption><figure class=\"bigpicture\"><img loading=\"lazy\" decoding=\"async\" class=\"wp-image-24340 size-full\" src=\"https:\/\/coeser.de\/blog\/wp-content\/uploads\/2025\/06\/frankfurt-main-fotospots-eiserner-steg-02-christian-oeser.jpg\" alt=\"Fotospots Frankfurt: Blick auf die Skyline in der D\u00e4mmerung vom Eisernen Steg aus gesehen\" width=\"960\" height=\"640\" srcset=\"https:\/\/coeser.de\/blog\/wp-content\/uploads\/2025\/06\/frankfurt-main-fotospots-eiserner-steg-02-christian-oeser.jpg 960w, https:\/\/coeser.de\/blog\/wp-content\/uploads\/2025\/06\/frankfurt-main-fotospots-eiserner-steg-02-christian-oeser-768x512.jpg 768w, https:\/\/coeser.de\/blog\/wp-content\/uploads\/2025\/06\/frankfurt-main-fotospots-eiserner-steg-02-christian-oeser-330x220.jpg 330w\" sizes=\"auto, (max-width: 960px) 100vw, 960px\" \/><figcaption class=\"bigpicture-text\">\n<h3>Blick auf die Skyline in der D\u00e4mmerung<\/h3>\n<p>Meine ehrliche Meinung: Der Eiserne Steg ist ein absoluter Touristen-Hotspot und wirkte auf mich eher wie ein seelenloser Rummelplatz mit Menschenmassen und Stra\u00dfenmusikern. Tausende Liebesschl\u00f6sser sind am Gel\u00e4nder angebracht und somit ist der Eiserne Steg nat\u00fcrlich speziell f\u00fcr Paare ein Fixpunkt w\u00e4hrend einer Reise nach Frankfurt. Auf der Br\u00fccke stehend ist es nicht ganz einfach, ein h\u00fcbsches Bild zu machen &#8211; hier siehst du meinen Versuch.<br \/>\n<a href=\"https:\/\/www.google.de\/maps\/place\/50.1083843987059,8.68201503832332\" target=\"_blank\" rel=\"noopener\"><strong>Aufnahmeort anzeigen<\/strong><\/a><\/p>\n<\/figcaption><\/figure>\n<hr \/>\n<figure class=\"bigpicture\"><img loading=\"lazy\" decoding=\"async\" class=\"wp-image-24339 size-full\" src=\"https:\/\/coeser.de\/blog\/wp-content\/uploads\/2025\/06\/frankfurt-main-fotospots-eiserner-steg-01-christian-oeser.jpg\" alt=\"Fotospots Frankfurt: Blick auf die Skyline und den Eisernen Steg in der D\u00e4mmerung\" width=\"960\" height=\"640\" srcset=\"https:\/\/coeser.de\/blog\/wp-content\/uploads\/2025\/06\/frankfurt-main-fotospots-eiserner-steg-01-christian-oeser.jpg 960w, https:\/\/coeser.de\/blog\/wp-content\/uploads\/2025\/06\/frankfurt-main-fotospots-eiserner-steg-01-christian-oeser-768x512.jpg 768w, https:\/\/coeser.de\/blog\/wp-content\/uploads\/2025\/06\/frankfurt-main-fotospots-eiserner-steg-01-christian-oeser-330x220.jpg 330w\" sizes=\"auto, (max-width: 960px) 100vw, 960px\" \/><figcaption class=\"bigpicture-text\">\n<h3>Die Skyline und der Eiserne Steg<\/h3>\n<p>Auf der Br\u00fccke zu stehen hat einen wesentlichen Nachteil beim Fotografieren: du siehst den Eisernen Steg selbst nicht bzw. nur die metallenen Querstreben. Dabei ist die Br\u00fccke in ihrer Gesamtheit schon sehr sch\u00f6n anzusehen! Deshalb ist es besser, wenn du dich auf der Seite des Stadtteils Sachsenhausen ein paar Meter vom Eisernen Steg entfernst und ihn dann sehr gut gemeinsam mit der Skyline ablichten kannst.<br \/>\n<a href=\"https:\/\/www.google.de\/maps\/place\/50.107448651219855,8.683275562588463\" target=\"_blank\" rel=\"noopener\"><strong>Aufnahmeort anzeigen<\/strong><\/a><\/p>\n<\/figcaption><\/figure>\n<\/figure>\n<hr \/>\n<figure class=\"bigpicture-oben\"><figcaption class=\"bigpicture-text\">\n<h2>9) Fotospots in Frankfurt: Das Sachsenh\u00e4user Ufer<\/h2>\n<p>Nachdem du nun schon auf Sachsenhauser Seite bist, zahlt sich ein langsamer Spaziergang entlang des <strong>Sachsenh\u00e4user Ufer<\/strong> aus. Entlang der Promenade schaust du ohne Unterbrechung auf die Skyline und den Eisernen Steg, sodass stets gro\u00dfst\u00e4dtisches Flair herrscht. Hier zu flanieren, ist prinzipiell zu jeder Tageszeit empfehlenswert, aber nat\u00fcrlich ist es aus fotografischer Sicht ratsam, zum Sonnenuntergang oder sp\u00e4ter zur blauen Stunde zu kommen, wenn die Lichter der Hochh\u00e4user langsam erwachen.<\/p>\n<\/figcaption><figure class=\"bigpicture\"><img loading=\"lazy\" decoding=\"async\" class=\"wp-image-24342 size-full\" src=\"https:\/\/coeser.de\/blog\/wp-content\/uploads\/2025\/06\/frankfurt-main-fotospots-skyline-sachsenhaeuser-ufer-christian-oeser.jpg\" alt=\"Fotospots Frankfurt: Blick auf die Skyline in der D\u00e4mmerung vom Ufer in Sachsenhausen aus gesehen\" width=\"960\" height=\"640\" srcset=\"https:\/\/coeser.de\/blog\/wp-content\/uploads\/2025\/06\/frankfurt-main-fotospots-skyline-sachsenhaeuser-ufer-christian-oeser.jpg 960w, https:\/\/coeser.de\/blog\/wp-content\/uploads\/2025\/06\/frankfurt-main-fotospots-skyline-sachsenhaeuser-ufer-christian-oeser-768x512.jpg 768w, https:\/\/coeser.de\/blog\/wp-content\/uploads\/2025\/06\/frankfurt-main-fotospots-skyline-sachsenhaeuser-ufer-christian-oeser-330x220.jpg 330w\" sizes=\"auto, (max-width: 960px) 100vw, 960px\" \/><figcaption class=\"bigpicture-text\">\n<h3>Blick auf die Skyline vom Ufer in Sachsenhausen<\/h3>\n<p>Entlang der Promenade am Sachsenh\u00e4user Ufer l\u00e4sst sich mit Hilfe der Baumwipfel ein stimmungsvolles Bild mit der Skyline und einer menschlichen Note einfangen. Achte \u00fcbrigens auch auf das Wasser des Main. Wenn es windstill ist und du bemerkst, dass es sehr ruhig flie\u00dft, dann macht auch das Wechseln hinunter zum Ufer Sinn, um eine Spiegelung der Skyline zu fotografieren.<br \/>\n<a href=\"https:\/\/www.google.de\/maps\/place\/50.10761554533483,8.684985122052746\" target=\"_blank\" rel=\"noopener\"><strong>Aufnahmeort anzeigen<\/strong><\/a><\/p>\n<\/figcaption><\/figure>\n<\/figure>\n<hr \/>\n<figure class=\"bigpicture-oben\"><figcaption class=\"bigpicture-text\">\n<h2>10) Fotospots in Frankfurt: Die Main-Br\u00fccken<\/h2>\n<p>Wenn es um die Fotospots in Frankfurt geht, dann stehen die <strong>Main-Br\u00fccken<\/strong> immer ganz vorne bei den Tipps. Durch die Lage der Skyline ist es sowohl morgens als auch abends lohnend, mit der Kamera auf eine der Br\u00fccken zu gehen und je nach Wetterlage mit spektakul\u00e4ren Fotos zur\u00fcckzukehren. Die westlich gelegene Friedensbr\u00fccke und der Holbeinsteg eignen sich aufgrund ihrer geografischen Lage nicht so gut, aber weiter \u00f6stlich wird es dann richtig interessant. Die <strong>Untermainbr\u00fccke<\/strong> ist exakt auf H\u00f6he der Skyline, danach folgen mit dem <strong>Eisernen Steg<\/strong>, der <strong>Alten Br\u00fccke<\/strong>, der <strong>Ignaz-Bubis-Br\u00fccke<\/strong>, der <strong>Fl\u00f6\u00dferbr\u00fccke<\/strong>, der <strong>Deutschherrnbr\u00fccke<\/strong> und zuletzt der <strong>Osthafenbr\u00fccke<\/strong> eine Vielzahl an Fluss\u00fcberquerungen, von denen aus gro\u00dfartige Bilder gelingen.<\/p>\n<\/figcaption><figure class=\"bigpicture\"><img loading=\"lazy\" decoding=\"async\" class=\"wp-image-24343 size-full\" src=\"https:\/\/coeser.de\/blog\/wp-content\/uploads\/2025\/06\/frankfurt-main-fotospots-skyline-ignaz-bubis-bruecke-christian-oeser.jpg\" alt=\"Blick von der Ignaz-Bubis-Br\u00fccke auf die Skyline von Frankfurt im Morgenlicht der Sonne\" width=\"960\" height=\"436\" srcset=\"https:\/\/coeser.de\/blog\/wp-content\/uploads\/2025\/06\/frankfurt-main-fotospots-skyline-ignaz-bubis-bruecke-christian-oeser.jpg 960w, https:\/\/coeser.de\/blog\/wp-content\/uploads\/2025\/06\/frankfurt-main-fotospots-skyline-ignaz-bubis-bruecke-christian-oeser-768x349.jpg 768w\" sizes=\"auto, (max-width: 960px) 100vw, 960px\" \/><figcaption class=\"bigpicture-text\">\n<h3>Blick von der Ignaz-Bubis-Br\u00fccke<\/h3>\n<p>Dieses Panorama entstand auf der Ignaz-Bubis-Br\u00fccke w\u00e4hrend meiner <a href=\"https:\/\/coeser.de\/blog\/index.php\/2021\/11\/30\/interrail-genussreise-durch-europa\/\" target=\"_blank\" rel=\"noopener\"><strong>Interrail-St\u00e4dtereise nach Frankfurt<\/strong><\/a> im goldenen Herbst. Zu dieser Jahreszeit konnte ich ausgeschlafen um 10 Uhr vormittags dieses wundervolle Sonnenlicht einfangen. Der vom abziehenden Regen noch schwere Himmel in Kombination mit der warm beleuchteten Skyline und den bunten Herbstfarben der B\u00e4ume ergab einfach automatisch ein Kalenderfoto.<br \/>\n<a href=\"https:\/\/www.google.de\/maps\/place\/50.108244833768325,8.692720765107152\" target=\"_blank\" rel=\"noopener\"><strong>Aufnahmeort anzeigen<\/strong><\/a><\/p>\n<\/figcaption><\/figure>\n<hr \/>\n<figure class=\"bigpicture\"><img loading=\"lazy\" decoding=\"async\" class=\"wp-image-24344 size-full\" src=\"https:\/\/coeser.de\/blog\/wp-content\/uploads\/2025\/06\/frankfurt-main-fotospots-skyline-deutschherrnbruecke-christian-oeser.jpg\" alt=\"Blick von der Deutscherrnbr\u00fccke auf die Skyline von Frankfurt im Sonnenuntergang\" width=\"960\" height=\"640\" srcset=\"https:\/\/coeser.de\/blog\/wp-content\/uploads\/2025\/06\/frankfurt-main-fotospots-skyline-deutschherrnbruecke-christian-oeser.jpg 960w, https:\/\/coeser.de\/blog\/wp-content\/uploads\/2025\/06\/frankfurt-main-fotospots-skyline-deutschherrnbruecke-christian-oeser-768x512.jpg 768w, https:\/\/coeser.de\/blog\/wp-content\/uploads\/2025\/06\/frankfurt-main-fotospots-skyline-deutschherrnbruecke-christian-oeser-330x220.jpg 330w\" sizes=\"auto, (max-width: 960px) 100vw, 960px\" \/><figcaption class=\"bigpicture-text\">\n<h3>Blick von der Deutschherrnbr\u00fccke<\/h3>\n<p>Nachdem die Sonne im Westen hinter der Skyline untergeht, kommen viele Fotografinnen und Fotografen exakt zu dieser Zeit auf eine der Main-Br\u00fccken. Dieses Bild entstand vor einigen Jahren auf der Deutschherrnbr\u00fccke. Diese ist aktuell aber wegen Sch\u00e4den f\u00fcr Fu\u00dfg\u00e4nger und Radfahrer auf unbestimmte Zeit gesperrt. Das Fotografieren war auf der Deutschherrnbr\u00fccke jedenfalls herausfordernd, da sie relativ stark vibriert und der Einsatz eines Stativs f\u00fcr Langzeitbelichtungen somit sinnlos war.<br \/>\n<a href=\"https:\/\/www.google.de\/maps\/place\/50.10692382639128,8.705312833369812\" target=\"_blank\" rel=\"noopener\"><strong>Aufnahmeort anzeigen<\/strong><\/a><\/p>\n<\/figcaption><\/figure>\n<hr \/>\n<figure class=\"bigpicture\"><img loading=\"lazy\" decoding=\"async\" class=\"wp-image-24345 size-full\" src=\"https:\/\/coeser.de\/blog\/wp-content\/uploads\/2025\/06\/frankfurt-main-fotospots-skyline-alte-bruecke-christian-oeser.jpg\" alt=\"Blick von der Alten Br\u00fccke auf die Skyline von Frankfurt in der blauen Stunde nach Sonnenuntergang\" width=\"960\" height=\"640\" srcset=\"https:\/\/coeser.de\/blog\/wp-content\/uploads\/2025\/06\/frankfurt-main-fotospots-skyline-alte-bruecke-christian-oeser.jpg 960w, https:\/\/coeser.de\/blog\/wp-content\/uploads\/2025\/06\/frankfurt-main-fotospots-skyline-alte-bruecke-christian-oeser-768x512.jpg 768w, https:\/\/coeser.de\/blog\/wp-content\/uploads\/2025\/06\/frankfurt-main-fotospots-skyline-alte-bruecke-christian-oeser-330x220.jpg 330w\" sizes=\"auto, (max-width: 960px) 100vw, 960px\" \/><figcaption class=\"bigpicture-text\">\n<h3>Blick von der Alten Br\u00fccke<\/h3>\n<p>Einen sehr sch\u00f6nen Blick auf die Skyline gibt es auch von der Alten Br\u00fccke. Der gro\u00dfe Vorteil ist hier, dass du auch ohne Stativ deine Kamera gut auf den Br\u00fcckenpfeilern auflegen kannst und so Langzeitbelichtungen m\u00fchelos gelingen. Hier siehst du mein Ergebnis w\u00e4hrend der blauen Stunde nach Sonnenuntergang. Schau dir auch nochmals das Titelbild dieses Artikels an. Dort achtete ich darauf, die 30-sek\u00fcndige Aufnahme genau dann zu starten, als ein Schiff vorbeifuhr und eine Lichtspur zog.<br \/>\n<a href=\"https:\/\/www.google.de\/maps\/place\/50.10831227868308,8.687616659273953\" target=\"_blank\" rel=\"noopener\"><strong>Aufnahmeort anzeigen<\/strong><\/a><\/p>\n<\/figcaption><\/figure>\n<\/figure>\n<hr \/>\n<figure class=\"bigpicture-oben\"><figcaption class=\"bigpicture-text\">\n<h2>11) Fotospots in Frankfurt: Der Eschenheimer Turm<\/h2>\n<p>Was ich an Frankfurt so sch\u00e4tze, sind die zahlreichen sichtbaren Kontraste, die sich vor allem mit der Kamera gut einfangen lassen und interessante Bilder ergeben. Einer dieser Gegens\u00e4tze ist beispielsweise der Kontrast zwischen dem <strong>Eschenheimer Turm<\/strong> von 1428 und dem dahinter befindlichen <strong>Nextower<\/strong> aus dem Jahr 2010. Zwischen diesen beiden Bauwerken liegen sagenhafte 582 Jahre! Der Eschenheimer Turm war ein Stadttor der damaligen, sp\u00e4tmittelalterlichen Stadtbefestigung von Frankfurt. Er ist als einer von wenigen Bauten fast in seinem Originalzustand erhalten und gilt damit auch als Wahrzeichen der Stadt.<\/p>\n<\/figcaption><figure class=\"bigpicture\"><img loading=\"lazy\" decoding=\"async\" class=\"wp-image-24336 size-full\" src=\"https:\/\/coeser.de\/blog\/wp-content\/uploads\/2025\/06\/frankfurt-main-fotospots-eschenheimer-turm-christian-oeser.jpg\" alt=\"Fotospots Frankfurt: Der historische Eschenheimer Turm vor dem Wolkenkratzer Nextower\" width=\"960\" height=\"640\" srcset=\"https:\/\/coeser.de\/blog\/wp-content\/uploads\/2025\/06\/frankfurt-main-fotospots-eschenheimer-turm-christian-oeser.jpg 960w, https:\/\/coeser.de\/blog\/wp-content\/uploads\/2025\/06\/frankfurt-main-fotospots-eschenheimer-turm-christian-oeser-768x512.jpg 768w, https:\/\/coeser.de\/blog\/wp-content\/uploads\/2025\/06\/frankfurt-main-fotospots-eschenheimer-turm-christian-oeser-330x220.jpg 330w\" sizes=\"auto, (max-width: 960px) 100vw, 960px\" \/><figcaption class=\"bigpicture-text\">\n<h3>Der Eschenheimer Turm vor dem Wolkenkratzer Nextower<\/h3>\n<p>Im Erdgeschoss des 47 Meter hohen Eschenheimer Turms ist heute ein gleichnamiges Restaurant beheimatet. Deutlich \u00fcberragt wird er vom dahinter erbauten, 136 Meter hohen Nextower, in dem unter anderem das <a href=\"https:\/\/booking.stay22.com\/coe1634405\/xsw4B8sTwv\" target=\"_blank\" rel=\"noopener\"><strong>JW Marriott Hotel Frankfurt<\/strong><\/a>* in luftiger H\u00f6he Zimmer anbietet. Das Fotografieren dieser Szene ist nicht ganz einfach, da zahlreiche st\u00f6rende Elemente in das Bild ragen. Am besten wird der Kontrast der beiden Bauwerke aus der Distanz sichtbar, wenn du der Eschersheimer Landstra\u00dfe folgst und dann zur\u00fcckblickst.<br \/>\n<a href=\"https:\/\/www.google.de\/maps\/place\/50.119750647257405,8.677881044216582\" target=\"_blank\" rel=\"noopener\"><strong>Aufnahmeort anzeigen<\/strong><\/a><\/p>\n<\/figcaption><\/figure>\n<\/figure>\n<hr \/>\n<figure class=\"bigpicture-oben\"><figcaption class=\"bigpicture-text\">\n<h2>12) Fotospots in Frankfurt: Die Fachwerk-Altstadt H\u00f6chst<\/h2>\n<p>Die Altstadt der ehemals eigenst\u00e4ndigen <a href=\"https:\/\/coeser.de\/blog\/index.php\/2025\/07\/02\/frankfurt-16-tipps-aktivitaeten\/#11-Die-Fachwerkstadt-Hochst\" target=\"_blank\" rel=\"noopener\"><strong>Gemeinde H\u00f6chst<\/strong><\/a> beeindruckte mich enorm. Ich plante sie erst bei meinem vierten Besuch in Frankfurt ein. Dir empfehle ich aber, sie gleich bei deiner ersten St\u00e4dtereise in der Main-Metropole mit ins Programm aufzunehmen! H\u00f6chst wurde 1928 in Frankfurt eingemeindet und ist ein Stadtteil, der trotz mehrerer Br\u00e4nde und Luftangriffe im Zweiten Weltkrieg \u00fcber eine fast vollst\u00e4ndig erhaltene Altstadt mit Dutzenden Fachwerkh\u00e4usern verf\u00fcgt. Die Anfahrt ist mit der S-Bahn sehr einfach und vor Ort wirst du dich in die zauberhaften Gassen sicher schnell verlieben.<\/p>\n<\/figcaption><figure class=\"bigpicture\"><img loading=\"lazy\" decoding=\"async\" class=\"wp-image-24334 size-full\" src=\"https:\/\/coeser.de\/blog\/wp-content\/uploads\/2025\/06\/frankfurt-main-fotospots-hoechst-fachwerk-altstadt-01-christian-oeser.jpg\" alt=\"Fotospots Frankfurt: Fachwerkh\u00e4user in H\u00f6chst\" width=\"960\" height=\"640\" srcset=\"https:\/\/coeser.de\/blog\/wp-content\/uploads\/2025\/06\/frankfurt-main-fotospots-hoechst-fachwerk-altstadt-01-christian-oeser.jpg 960w, https:\/\/coeser.de\/blog\/wp-content\/uploads\/2025\/06\/frankfurt-main-fotospots-hoechst-fachwerk-altstadt-01-christian-oeser-768x512.jpg 768w, https:\/\/coeser.de\/blog\/wp-content\/uploads\/2025\/06\/frankfurt-main-fotospots-hoechst-fachwerk-altstadt-01-christian-oeser-330x220.jpg 330w\" sizes=\"auto, (max-width: 960px) 100vw, 960px\" \/><figcaption class=\"bigpicture-text\">\n<h3>Fachwerkh\u00e4user in H\u00f6chst<\/h3>\n<p>Ist das nicht der pure Kitsch? Ich habe es wirklich genossen, durch die Gassen von H\u00f6chst zu schlendern und Sch\u00e4tze wie dieses Fachwerkhaus aufzusp\u00fcren. Nicht nur die Fassade des Geb\u00e4udes ist attraktiv: durch die Bepflanzung und die s\u00fc\u00dfe Bank lassen sich hier \u00e4sthetisch stilvolle Detailaufnahmen machen.<br \/>\n<a href=\"https:\/\/www.google.de\/maps\/place\/50.099531713342024,8.547267372858137\" target=\"_blank\" rel=\"noopener\"><strong>Aufnahmeort anzeigen<\/strong><\/a><\/p>\n<\/figcaption><\/figure>\n<hr \/>\n<figure class=\"bigpicture\"><img loading=\"lazy\" decoding=\"async\" class=\"wp-image-24335 size-full\" src=\"https:\/\/coeser.de\/blog\/wp-content\/uploads\/2025\/06\/frankfurt-main-fotospots-hoechst-fachwerk-altstadt-02-christian-oeser.jpg\" alt=\"Fotospots Frankfurt: Zwei junge Frauen vor Fachwerkh\u00e4usern in H\u00f6chst\" width=\"960\" height=\"640\" srcset=\"https:\/\/coeser.de\/blog\/wp-content\/uploads\/2025\/06\/frankfurt-main-fotospots-hoechst-fachwerk-altstadt-02-christian-oeser.jpg 960w, https:\/\/coeser.de\/blog\/wp-content\/uploads\/2025\/06\/frankfurt-main-fotospots-hoechst-fachwerk-altstadt-02-christian-oeser-768x512.jpg 768w, https:\/\/coeser.de\/blog\/wp-content\/uploads\/2025\/06\/frankfurt-main-fotospots-hoechst-fachwerk-altstadt-02-christian-oeser-330x220.jpg 330w\" sizes=\"auto, (max-width: 960px) 100vw, 960px\" \/><figcaption class=\"bigpicture-text\">\n<h3>Fachwerkh\u00e4user in H\u00f6chst\u00a0als perfekter Hintergrund<\/h3>\n<p>Am besten nimmst du dir ein paar Stunden Zeit, um in H\u00f6chst die besten Fotospots in Frankfurt zu finden. Viele Pl\u00e4tze, Stra\u00dfen und H\u00e4user bieten sich sowohl als eigenst\u00e4ndige Motive an, lassen sich aber auch gro\u00dfartig verwenden, wenn du gerne eine oder mehrere Personen vor einem anziehenden Hintergrund inszenieren m\u00f6chtest.<br \/>\n<a href=\"https:\/\/www.google.de\/maps\/place\/50.09864068026262,8.547400357935505\" target=\"_blank\" rel=\"noopener\"><strong>Aufnahmeort anzeigen<\/strong><\/a><\/p>\n<\/figcaption><\/figure>\n<\/figure>\n<hr \/>\n<figure class=\"bigpicture-oben\"><figcaption class=\"bigpicture-text\">\n<h2>13) Fotospots in Frankfurt: Architektur in der U-Bahn<\/h2>\n<p>Die meisten der <strong>Frankfurter U-Bahn-Stationen<\/strong> wirken wie absolute Zweckbauten: steril, monoton, einfach. Doch einige wenige Stationen stechen optisch hervor und bieten spannende sowie futuristisch anmutende Motive. Sich mit der Kamera auf die Suche nach diesen Kunstwerken im Untergrund und an der Oberfl\u00e4che zu begeben, ist sehr reizvoll &#8211; drei faszinierende Stationen zeige ich dir nachfolgend.<\/p>\n<\/figcaption><figure class=\"bigpicture\"><img loading=\"lazy\" decoding=\"async\" class=\"wp-image-24351 size-full\" src=\"https:\/\/coeser.de\/blog\/wp-content\/uploads\/2025\/06\/frankfurt-main-fotospots-ubahn-bockenheimer-warte-christian-oeser.jpg\" alt=\"Fotospots Frankfurt: Ungew\u00f6hnliche Architektur in der U-Bahn-Station Bockenheimer Warte\" width=\"960\" height=\"640\" srcset=\"https:\/\/coeser.de\/blog\/wp-content\/uploads\/2025\/06\/frankfurt-main-fotospots-ubahn-bockenheimer-warte-christian-oeser.jpg 960w, https:\/\/coeser.de\/blog\/wp-content\/uploads\/2025\/06\/frankfurt-main-fotospots-ubahn-bockenheimer-warte-christian-oeser-768x512.jpg 768w, https:\/\/coeser.de\/blog\/wp-content\/uploads\/2025\/06\/frankfurt-main-fotospots-ubahn-bockenheimer-warte-christian-oeser-330x220.jpg 330w\" sizes=\"auto, (max-width: 960px) 100vw, 960px\" \/><figcaption class=\"bigpicture-text\">\n<h3>U-Bahn-Station Bockenheimer Warte<\/h3>\n<p>An der Station &#8222;Bockenheimer Warte&#8220; kommst du vorbei, wenn du in Frankfurt den Palmengarten besuchen willst. Einer der U-Bahn-Zug\u00e4nge besteht auf Stra\u00dfenniveau aus einem schr\u00e4g aus dem Boden ragenden, altmodischen U-Bahn-Wagen. Die Liebe zum Detail mit den Felsbrocken ist wirklich herrlich zum Ansehen. Geschaffen hat das Werk der polnische Architekt Zbigniew Pini\u0144ski.<br \/>\n<a href=\"https:\/\/www.google.de\/maps\/place\/50.11978570921934,8.653374956794117\" target=\"_blank\" rel=\"noopener\"><strong>Aufnahmeort anzeigen<\/strong><\/a><\/p>\n<\/figcaption><\/figure>\n<hr \/>\n<figure class=\"bigpicture\"><img loading=\"lazy\" decoding=\"async\" class=\"wp-image-24352 size-full\" src=\"https:\/\/coeser.de\/blog\/wp-content\/uploads\/2025\/06\/frankfurt-main-fotospots-ubahn-westende-christian-oeser.jpg\" alt=\"Fotospots Frankfurt: Moderne und futuristische Architektur in der U-Bahn-Station Westend\" width=\"960\" height=\"640\" srcset=\"https:\/\/coeser.de\/blog\/wp-content\/uploads\/2025\/06\/frankfurt-main-fotospots-ubahn-westende-christian-oeser.jpg 960w, https:\/\/coeser.de\/blog\/wp-content\/uploads\/2025\/06\/frankfurt-main-fotospots-ubahn-westende-christian-oeser-768x512.jpg 768w, https:\/\/coeser.de\/blog\/wp-content\/uploads\/2025\/06\/frankfurt-main-fotospots-ubahn-westende-christian-oeser-330x220.jpg 330w\" sizes=\"auto, (max-width: 960px) 100vw, 960px\" \/><figcaption class=\"bigpicture-text\">\n<h3>Architektur in der U-Bahn-Station Westend<\/h3>\n<p>Ich liebe geometrische Formen, Farbkontraste und Symmetrie. All das bietet die Station &#8222;Westend&#8220;, die ebenfalls in der N\u00e4he des Palmengartens zu finden ist. In Anlehnung daran sind pilzartige S\u00e4ulen in der Station eingebaut, die an Palmen erinnern sollen.<br \/>\n<a href=\"https:\/\/www.google.de\/maps\/place\/50.11811327363907,8.66337505187131\" target=\"_blank\" rel=\"noopener\"><strong>Aufnahmeort anzeigen<\/strong><\/a><\/p>\n<\/figcaption><\/figure>\n<hr \/>\n<figure class=\"bigpicture\"><img loading=\"lazy\" decoding=\"async\" class=\"wp-image-24353 size-full\" src=\"https:\/\/coeser.de\/blog\/wp-content\/uploads\/2025\/06\/frankfurt-main-fotospots-ubahn-festhalle-messe-christian-oeser.jpg\" alt=\"Fotospots Frankfurt: Moderne und futuristische Architektur in der U-Bahn-Station Festhalle\/Messe\" width=\"960\" height=\"640\" srcset=\"https:\/\/coeser.de\/blog\/wp-content\/uploads\/2025\/06\/frankfurt-main-fotospots-ubahn-festhalle-messe-christian-oeser.jpg 960w, https:\/\/coeser.de\/blog\/wp-content\/uploads\/2025\/06\/frankfurt-main-fotospots-ubahn-festhalle-messe-christian-oeser-768x512.jpg 768w, https:\/\/coeser.de\/blog\/wp-content\/uploads\/2025\/06\/frankfurt-main-fotospots-ubahn-festhalle-messe-christian-oeser-330x220.jpg 330w\" sizes=\"auto, (max-width: 960px) 100vw, 960px\" \/><figcaption class=\"bigpicture-text\">\n<h3>Architektur in der U-Bahn-Station Festhalle\/Messe<\/h3>\n<p>In der Station &#8222;Festhalle\/Messe&#8220; herrscht eine besondere Lichtstimmung. W\u00e4hrend die Bahnsteige relativ dunkel, aber nicht unangenehm wirken, lenken zwei gro\u00dfe Lichtkegel die Aufmerksamkeit auf sich. Der Blick nach oben Richtung Himmel weckt Erinnerungen an die Abschussrampe einer Raketenbasis in einem James-Bond-Film. Das eindringende Tageslicht soll jedenfalls die Messebesucher schnell und einfach zum Ausgang leiten.<br \/>\n<a href=\"https:\/\/www.google.de\/maps\/place\/50.112213916083114,8.654856114708053\" target=\"_blank\" rel=\"noopener\"><strong>Aufnahmeort anzeigen<\/strong><\/a><\/p>\n<\/figcaption><\/figure>\n<\/figure>\n<hr \/>\n<figure class=\"bigpicture-oben\"><figcaption class=\"bigpicture-text\">\n<h2>14) Fotospots in Frankfurt: Der Blick nach oben<\/h2>\n<p>Auf die Stra\u00dfe und den Verkehr achten ist ja wichtig &#8211; aber ab und zu macht ein <strong>Blick in die H\u00f6he<\/strong> doch auch Sinn! Wenn du im Bankenviertel von Frankfurt herumspazierst, wirst du aber ohnehin v\u00f6llig automatisch hinaufschauen. Die Wolkenkratzer bilden spektakul\u00e4re Fluchtlinien in Richtung Himmel und scheinen wie Raketen darauf zu warten, in den Weltraum geschossen zu werden. Doch nicht nur bei Hochh\u00e4usern zahlt es sich aus, nach oben zu blicken. Wo immer ich offene Durchg\u00e4nge in H\u00e4usern sehe, erforsche ich neugierig, was es zu entdecken gibt. <strong>Innenh\u00f6fe<\/strong> bilden durch ihre geometrischen Muster n\u00e4mlich ebenfalls immer ein attraktives Fotomotiv!<\/p>\n<\/figcaption><figure class=\"bigpicture\"><img loading=\"lazy\" decoding=\"async\" class=\"wp-image-24329 size-full\" src=\"https:\/\/coeser.de\/blog\/wp-content\/uploads\/2025\/06\/frankfurt-main-fotospots-skyline-blick-nach-oben-christian-oeser.jpg\" alt=\"Fotospots Frankfurt: Hochh\u00e4user von unten fotografiert\" width=\"960\" height=\"640\" srcset=\"https:\/\/coeser.de\/blog\/wp-content\/uploads\/2025\/06\/frankfurt-main-fotospots-skyline-blick-nach-oben-christian-oeser.jpg 960w, https:\/\/coeser.de\/blog\/wp-content\/uploads\/2025\/06\/frankfurt-main-fotospots-skyline-blick-nach-oben-christian-oeser-768x512.jpg 768w, https:\/\/coeser.de\/blog\/wp-content\/uploads\/2025\/06\/frankfurt-main-fotospots-skyline-blick-nach-oben-christian-oeser-330x220.jpg 330w\" sizes=\"auto, (max-width: 960px) 100vw, 960px\" \/><figcaption class=\"bigpicture-text\">\n<h3>Hochh\u00e4user von unten fotografiert<\/h3>\n<p>Im Bankenviertel bieten sich dir gen\u00fcgend M\u00f6glichkeiten, futuristische Bilder zu schie\u00dfen. Beweg dich durch die Stra\u00dfenz\u00fcge und finde heraus, welche Komposition an Hochh\u00e4usern dir am besten gef\u00e4llt &#8211; es ergeben sich laufend spannende Kombinationen. Dieses Foto ist direkt vor den gro\u00dfen Stufen des Haupteingangs des Commerzbank Tower entstanden. Es ist einer der besten Fotospots in Frankfurt, wenn du die Wolkenkratzer von unten fotografieren willst.<br \/>\n<a href=\"https:\/\/www.google.de\/maps\/place\/50.11142554554493,8.67396011964059\" target=\"_blank\" rel=\"noopener\"><strong>Aufnahmeort anzeigen<\/strong><\/a><\/p>\n<\/figcaption><\/figure>\n<hr \/>\n<figure class=\"bigpicture\"><img loading=\"lazy\" decoding=\"async\" class=\"wp-image-24332 size-full\" src=\"https:\/\/coeser.de\/blog\/wp-content\/uploads\/2025\/06\/frankfurt-main-fotospots-innenhof-blick-nach-oben-christian-oeser.jpg\" alt=\"Fotospots Frankfurt: Klassischer Innenhof von unten fotografiert\" width=\"960\" height=\"640\" srcset=\"https:\/\/coeser.de\/blog\/wp-content\/uploads\/2025\/06\/frankfurt-main-fotospots-innenhof-blick-nach-oben-christian-oeser.jpg 960w, https:\/\/coeser.de\/blog\/wp-content\/uploads\/2025\/06\/frankfurt-main-fotospots-innenhof-blick-nach-oben-christian-oeser-768x512.jpg 768w, https:\/\/coeser.de\/blog\/wp-content\/uploads\/2025\/06\/frankfurt-main-fotospots-innenhof-blick-nach-oben-christian-oeser-330x220.jpg 330w\" sizes=\"auto, (max-width: 960px) 100vw, 960px\" \/><figcaption class=\"bigpicture-text\">\n<h3>Klassischer Innenhof von unten fotografiert<\/h3>\n<p>Ein Klassiker unter den Fotomotiven in einer Stadt ist der Blick nach oben in einem der zahlreichen Innenh\u00f6fe. Achte darauf, ob sie auch \u00f6ffentlich zug\u00e4nglich sind! Die geometrischen Formen fordern heraus, die Kamera exakt auszurichten und keine schiefen Linien zu produzieren. In diesem Bild aus der Frankfurter Innenstadt wird die gleichm\u00e4\u00dfige Architektur sehr sch\u00f6n vom runden Turm des Treppenhauses unterbrochen.<br \/>\n<a href=\"https:\/\/www.google.de\/maps\/place\/50.11129585843709,8.682478904971035\" target=\"_blank\" rel=\"noopener\"><strong>Aufnahmeort anzeigen<\/strong><\/a><\/p>\n<\/figcaption><\/figure>\n<\/figure>\n<hr \/>\n<figure class=\"bigpicture-oben\"><figcaption class=\"bigpicture-text\">\n<h2>15) Fotospots in Frankfurt: Das Palais Frankfurt<\/h2>\n<p>Das <strong>Palais Frankfurt<\/strong> ist ein Fotospot in Frankfurt, der vor allem abends gut funktioniert, aber sicher auch untertags seinen Reiz hat. Das sp\u00e4tbarocke Bauwerk war fr\u00fcher als \u201ePalais Thurn und Taxis\u201c bekannt und wurde im 18. Jahrhundert als Stadtpalais f\u00fcr das Adelsgeschlecht Thurn und Taxis erbaut. Es diente sp\u00e4ter auch als Sitz der Bundesversammlung des Deutschen Bundes, die in den edlen R\u00e4umen zwischen 1816 und 1866 tagte. Wie auch die meisten anderen H\u00e4user im Frankfurter Zentrum sorgten die Luftangriffe im Zweiten Weltkrieg f\u00fcr schwere Besch\u00e4digungen. Im Zuge des Wiederaufbaus der historischen Innenstadt erfolgte eine Rekonstruktion in moderner Art, welche aber den ehemaligen Charakter des Palais ber\u00fccksichtigte.<\/p>\n<\/figcaption><figure class=\"bigpicture\"><img loading=\"lazy\" decoding=\"async\" class=\"wp-image-24337 size-full\" src=\"https:\/\/coeser.de\/blog\/wp-content\/uploads\/2025\/06\/frankfurt-main-fotospots-palais-frankfurt-christian-oeser.jpg\" alt=\"Fotospots Frankfurt: Moderne Wolkenkratzer in der blauen Stunde und historische Architektur des Palais Frankfurt\" width=\"960\" height=\"640\" srcset=\"https:\/\/coeser.de\/blog\/wp-content\/uploads\/2025\/06\/frankfurt-main-fotospots-palais-frankfurt-christian-oeser.jpg 960w, https:\/\/coeser.de\/blog\/wp-content\/uploads\/2025\/06\/frankfurt-main-fotospots-palais-frankfurt-christian-oeser-768x512.jpg 768w, https:\/\/coeser.de\/blog\/wp-content\/uploads\/2025\/06\/frankfurt-main-fotospots-palais-frankfurt-christian-oeser-330x220.jpg 330w\" sizes=\"auto, (max-width: 960px) 100vw, 960px\" \/><figcaption class=\"bigpicture-text\">\n<h3>Moderne Wolkenkratzer und historische Architektur<\/h3>\n<p>Heute dient das Palais Frankfurt als Veranstaltungs- und Kongresszentrum inmitten der Frankfurter Innenstadt. Du kannst den Innenhof durchqueren und dabei lohnt wieder einmal der Blick nach oben. Die Hochh\u00e4user der Skyline scheinen wie Pilze aus dem Dach des Palais zu sprie\u00dfen. Vor allem in der blauen Stunde, wenn der Himmel noch nicht ganz dunkel ist und in intensiver Farbe strahlt, ergibt sich so ein sehr attraktiver Warm-Kalt- bzw. Blau-Orange-Kontrast zwischen den alten und neuen Geb\u00e4uden.<br \/>\n<a href=\"https:\/\/www.google.de\/maps\/place\/50.115160181374485,8.679835578817157\" target=\"_blank\" rel=\"noopener\"><strong>Aufnahmeort anzeigen<\/strong><\/a><\/p>\n<\/figcaption><\/figure>\n<\/figure>\n<hr \/>\n<figure class=\"bigpicture-oben\"><figcaption class=\"bigpicture-text\">\n<h2>16) Fotospots in Frankfurt: Skyline Plaza<\/h2>\n<p>Der <strong>Skyline Garden<\/strong> ist einer der neuesten Fotospots in Frankfurt und kostenlos zug\u00e4nglich. Die Dachterrasse ist Teil des 2013 er\u00f6ffneten Einkaufszentrums <strong>Sky Plaza<\/strong> im Europaviertel unweit des Frankfurter Messegel\u00e4ndes. In erster Linie ist das Dach <span class=\"_inlineTxt \">eine ca. 7.300 Quadratmeter gro\u00dfe Fl\u00e4che mit einigen Gr\u00fcnanlagen, B\u00e4umen und Pflanzen. Es gibt ein Caf\u00e9-Restaurant, Kinderspielpl\u00e4tze, mehrere kleine Freizeitsportanlagen und viele Sitzm\u00f6glichkeiten. Ich finde das wirklich super, dass in einem Einkaufszentrum auch die M\u00f6glichkeit zur Entspannung abseits des Konsumrausches angeboten wird.<\/span><\/p>\n<\/figcaption><figure class=\"bigpicture\"><img loading=\"lazy\" decoding=\"async\" class=\"wp-image-24348 size-full\" src=\"https:\/\/coeser.de\/blog\/wp-content\/uploads\/2025\/06\/frankfurt-main-fotospots-skyline-garden-plaza-christian-oeser.jpg\" alt=\"Fotospots Frankfurt: Wolkenkratzer vom Sky Garden des Einkaufszentrums Sky Plaza aus gesehen\" width=\"960\" height=\"640\" srcset=\"https:\/\/coeser.de\/blog\/wp-content\/uploads\/2025\/06\/frankfurt-main-fotospots-skyline-garden-plaza-christian-oeser.jpg 960w, https:\/\/coeser.de\/blog\/wp-content\/uploads\/2025\/06\/frankfurt-main-fotospots-skyline-garden-plaza-christian-oeser-768x512.jpg 768w, https:\/\/coeser.de\/blog\/wp-content\/uploads\/2025\/06\/frankfurt-main-fotospots-skyline-garden-plaza-christian-oeser-330x220.jpg 330w\" sizes=\"auto, (max-width: 960px) 100vw, 960px\" \/><figcaption class=\"bigpicture-text\">\n<h3>Der Sky Garden des Einkaufszentrums Sky Plaza<\/h3>\n<p>Auf der Dachterrasse des Sky Garden stehend siehst du die umliegenden Hochh\u00e4user hautnah. Es gibt \u00fcber eine Treppe noch die M\u00f6glichkeit, zu einer etwas h\u00f6heren Aussichtsplattform zu gelangen, um die Skyline besser zu sehen. Ehrlicherweise ist dieser Fotospot aber zumindest aktuell in meinen Augen nicht der attraktivste, da die Wolkenkratzer rundherum keine wirkliche visuelle Einheit bilden und man das auch auf den Fotos sieht, denen das gewisse Etwas fehlt. Nachdem aber in der Stadt noch viele weitere Hochh\u00e4user gebaut werden, kann es durchaus sein, dass in den n\u00e4chsten Jahren der Sky Garden noch zu einem sehr guten Fotospot in Frankfurt wird.<br \/>\n<a href=\"https:\/\/www.google.de\/maps\/place\/50.10905374976343,8.652401419191941\" target=\"_blank\" rel=\"noopener\"><strong>Aufnahmeort anzeigen<\/strong><\/a><\/p>\n<\/figcaption><\/figure>\n<\/figure>\n<hr \/>\n<div class=\"fazit\">\n<h2>FAZIT<\/h2>\n<p>Frankfurt ist mit seinen vielen Sehensw\u00fcrdigkeiten ja schon f\u00fcr klassische St\u00e4dtereisen ein gro\u00dfartiges Ziel. Aber wenn du auch noch zus\u00e4tzlich gerne fotografierst, dann ist die Main-Metropole das absolute Paradies! An attraktiven Fotospots mangelt es in Frankfurt wirklich nicht und mit meinen 16 Tipps wirst du garantiert mit fantastischen Erinnerungsfotos heimkommen. Die Skyline steht bei den Motiven aufgrund ihrer Dimensionen naturgem\u00e4\u00df oft im Vordergrund, doch auch andere Bauwerke, Orte und Pl\u00e4tze bieten sich f\u00fcr eindrucksvolle Fotos an. Ich freue mich, wenn du dir mit meinem Artikel Inspiration f\u00fcr deine n\u00e4chste St\u00e4dtereise holen konntest &#8211; schreib mir gerne einen Kommentar, welcher der Fotospots in Frankfurt dir am besten gef\u00e4llt!<\/p>\n<\/div>\n<p>&nbsp;<\/p>\n<div style=\"display: none;\">\n<p><img loading=\"lazy\" decoding=\"async\" class=\"alignnone size-full wp-image-24325\" src=\"https:\/\/coeser.de\/blog\/wp-content\/uploads\/2025\/06\/frankfurt-main-fotospots-p01-christian-oeser.jpg\" alt=\"Frankfurt Fotospots: Die 16 sch\u00f6nsten Orte und Pl\u00e4tze f\u00fcr perfekte Fotos und Instagram-Selfies in der Stadt am Main.\" width=\"735\" height=\"1102\" \/><\/p>\n<\/div>\n","protected":false},"excerpt":{"rendered":"<p>Kurz vor der Ankunft am Hauptbahnhof von Frankfurt taucht sie beim Blick aus dem Zugfenster pl\u00f6tzlich auf. Die m\u00e4chtige Skyline der Main-Metropole ist eines der imposantesten Motive in Frankfurt, wenn es um das Thema Fotografieren geht. Doch auch abseits der Wolkenkratzer laden gen\u00fcgend Pl\u00e4tze und Orte ein, die Stadt kreativ mit der Kamera zu entdecken. [&hellip;]<\/p>\n","protected":false},"author":1,"featured_media":24232,"comment_status":"open","ping_status":"closed","sticky":false,"template":"","format":"standard","meta":{"_jetpack_memberships_contains_paid_content":false,"footnotes":""},"categories":[29],"tags":[9,30,11,12,438,41,68,10],"class_list":["post-24231","post","type-post","status-publish","format-standard","has-post-thumbnail","hentry","category-deutschland","tag-cityguide","tag-deutschland","tag-fotospots","tag-fototipps","tag-frankfurt","tag-reisebericht","tag-reisefuehrer","tag-staedtereise"],"yoast_head":"<!-- This site is optimized with the Yoast SEO plugin v27.5 - https:\/\/yoast.com\/product\/yoast-seo-wordpress\/ -->\n<title>Frankfurt: Die 16 sch\u00f6nsten Fotospots<\/title>\n<meta name=\"description\" content=\"Frankfurt Fotospots: Die 16 sch\u00f6nsten Orte und Pl\u00e4tze f\u00fcr perfekte Fotos und Instagram-Selfies in der Stadt am Main.\" \/>\n<meta name=\"robots\" content=\"index, follow, max-snippet:-1, max-image-preview:large, max-video-preview:-1\" \/>\n<link rel=\"canonical\" href=\"https:\/\/coeser.de\/blog\/index.php\/2025\/07\/06\/frankfurt-16-schoenste-fotospots\/\" \/>\n<meta property=\"og:locale\" content=\"de_DE\" \/>\n<meta property=\"og:type\" content=\"article\" \/>\n<meta property=\"og:title\" content=\"Frankfurt: Die 16 sch\u00f6nsten Fotospots\" \/>\n<meta property=\"og:description\" content=\"Frankfurt Fotospots: Die 16 sch\u00f6nsten Orte und Pl\u00e4tze f\u00fcr perfekte Fotos und Instagram-Selfies in der Stadt am Main.\" \/>\n<meta property=\"og:url\" content=\"https:\/\/coeser.de\/blog\/index.php\/2025\/07\/06\/frankfurt-16-schoenste-fotospots\/\" \/>\n<meta property=\"og:site_name\" content=\"fern &amp; nah - Reiseblog und Fotostories von Christian \u00d6ser\" \/>\n<meta property=\"article:publisher\" content=\"Christian \u00d6ser\" \/>\n<meta property=\"article:author\" content=\"Christian \u00d6ser\" \/>\n<meta property=\"article:published_time\" content=\"2025-07-06T12:19:58+00:00\" \/>\n<meta property=\"og:image\" content=\"https:\/\/coeser.de\/blog\/wp-content\/uploads\/2025\/05\/frankfurt-main-fotospots-aufmacher-skyline-abend-christian-oeser.jpg\" \/>\n\t<meta property=\"og:image:width\" content=\"978\" \/>\n\t<meta property=\"og:image:height\" content=\"550\" \/>\n\t<meta property=\"og:image:type\" content=\"image\/jpeg\" \/>\n<meta name=\"author\" content=\"Christian \u00d6ser\" \/>\n<meta name=\"twitter:card\" content=\"summary_large_image\" \/>\n<meta name=\"twitter:label1\" content=\"Verfasst von\" \/>\n\t<meta name=\"twitter:data1\" content=\"Christian \u00d6ser\" \/>\n\t<meta name=\"twitter:label2\" content=\"Gesch\u00e4tzte Lesezeit\" \/>\n\t<meta name=\"twitter:data2\" content=\"32\u00a0Minuten\" \/>\n<script type=\"application\/ld+json\" class=\"yoast-schema-graph\">{\"@context\":\"https:\\\/\\\/schema.org\",\"@graph\":[{\"@type\":\"Article\",\"@id\":\"https:\\\/\\\/coeser.de\\\/blog\\\/index.php\\\/2025\\\/07\\\/06\\\/frankfurt-16-schoenste-fotospots\\\/#article\",\"isPartOf\":{\"@id\":\"https:\\\/\\\/coeser.de\\\/blog\\\/index.php\\\/2025\\\/07\\\/06\\\/frankfurt-16-schoenste-fotospots\\\/\"},\"author\":{\"name\":\"Christian \u00d6ser\",\"@id\":\"https:\\\/\\\/coeser.de\\\/blog\\\/#\\\/schema\\\/person\\\/fda1d253389076b2cadc3d47018cf315\"},\"headline\":\"Frankfurt: Die 16 sch\u00f6nsten Fotospots\",\"datePublished\":\"2025-07-06T12:19:58+00:00\",\"mainEntityOfPage\":{\"@id\":\"https:\\\/\\\/coeser.de\\\/blog\\\/index.php\\\/2025\\\/07\\\/06\\\/frankfurt-16-schoenste-fotospots\\\/\"},\"wordCount\":4822,\"commentCount\":4,\"publisher\":{\"@id\":\"https:\\\/\\\/coeser.de\\\/blog\\\/#\\\/schema\\\/person\\\/fda1d253389076b2cadc3d47018cf315\"},\"image\":{\"@id\":\"https:\\\/\\\/coeser.de\\\/blog\\\/index.php\\\/2025\\\/07\\\/06\\\/frankfurt-16-schoenste-fotospots\\\/#primaryimage\"},\"thumbnailUrl\":\"https:\\\/\\\/coeser.de\\\/blog\\\/wp-content\\\/uploads\\\/2025\\\/05\\\/frankfurt-main-fotospots-aufmacher-skyline-abend-christian-oeser.jpg\",\"keywords\":[\"Cityguide\",\"Deutschland\",\"Fotospots\",\"Fototipps\",\"Frankfurt\",\"Reisebericht\",\"Reisef\u00fchrer\",\"St\u00e4dtereise\"],\"articleSection\":[\"DEUTSCHLAND\"],\"inLanguage\":\"de\",\"potentialAction\":[{\"@type\":\"CommentAction\",\"name\":\"Comment\",\"target\":[\"https:\\\/\\\/coeser.de\\\/blog\\\/index.php\\\/2025\\\/07\\\/06\\\/frankfurt-16-schoenste-fotospots\\\/#respond\"]}]},{\"@type\":\"WebPage\",\"@id\":\"https:\\\/\\\/coeser.de\\\/blog\\\/index.php\\\/2025\\\/07\\\/06\\\/frankfurt-16-schoenste-fotospots\\\/\",\"url\":\"https:\\\/\\\/coeser.de\\\/blog\\\/index.php\\\/2025\\\/07\\\/06\\\/frankfurt-16-schoenste-fotospots\\\/\",\"name\":\"Frankfurt: Die 16 sch\u00f6nsten Fotospots\",\"isPartOf\":{\"@id\":\"https:\\\/\\\/coeser.de\\\/blog\\\/#website\"},\"primaryImageOfPage\":{\"@id\":\"https:\\\/\\\/coeser.de\\\/blog\\\/index.php\\\/2025\\\/07\\\/06\\\/frankfurt-16-schoenste-fotospots\\\/#primaryimage\"},\"image\":{\"@id\":\"https:\\\/\\\/coeser.de\\\/blog\\\/index.php\\\/2025\\\/07\\\/06\\\/frankfurt-16-schoenste-fotospots\\\/#primaryimage\"},\"thumbnailUrl\":\"https:\\\/\\\/coeser.de\\\/blog\\\/wp-content\\\/uploads\\\/2025\\\/05\\\/frankfurt-main-fotospots-aufmacher-skyline-abend-christian-oeser.jpg\",\"datePublished\":\"2025-07-06T12:19:58+00:00\",\"description\":\"Frankfurt Fotospots: Die 16 sch\u00f6nsten Orte und Pl\u00e4tze f\u00fcr perfekte Fotos und Instagram-Selfies in der Stadt am Main.\",\"breadcrumb\":{\"@id\":\"https:\\\/\\\/coeser.de\\\/blog\\\/index.php\\\/2025\\\/07\\\/06\\\/frankfurt-16-schoenste-fotospots\\\/#breadcrumb\"},\"inLanguage\":\"de\",\"potentialAction\":[{\"@type\":\"ReadAction\",\"target\":[\"https:\\\/\\\/coeser.de\\\/blog\\\/index.php\\\/2025\\\/07\\\/06\\\/frankfurt-16-schoenste-fotospots\\\/\"]}]},{\"@type\":\"ImageObject\",\"inLanguage\":\"de\",\"@id\":\"https:\\\/\\\/coeser.de\\\/blog\\\/index.php\\\/2025\\\/07\\\/06\\\/frankfurt-16-schoenste-fotospots\\\/#primaryimage\",\"url\":\"https:\\\/\\\/coeser.de\\\/blog\\\/wp-content\\\/uploads\\\/2025\\\/05\\\/frankfurt-main-fotospots-aufmacher-skyline-abend-christian-oeser.jpg\",\"contentUrl\":\"https:\\\/\\\/coeser.de\\\/blog\\\/wp-content\\\/uploads\\\/2025\\\/05\\\/frankfurt-main-fotospots-aufmacher-skyline-abend-christian-oeser.jpg\",\"width\":978,\"height\":550,\"caption\":\"Langzeitbelichtung der abendlich beleuchteten Skyline in Frankfurt am Main\"},{\"@type\":\"BreadcrumbList\",\"@id\":\"https:\\\/\\\/coeser.de\\\/blog\\\/index.php\\\/2025\\\/07\\\/06\\\/frankfurt-16-schoenste-fotospots\\\/#breadcrumb\",\"itemListElement\":[{\"@type\":\"ListItem\",\"position\":1,\"name\":\"Startseite\",\"item\":\"https:\\\/\\\/coeser.de\\\/blog\\\/\"},{\"@type\":\"ListItem\",\"position\":2,\"name\":\"Frankfurt: Die 16 sch\u00f6nsten Fotospots\"}]},{\"@type\":\"WebSite\",\"@id\":\"https:\\\/\\\/coeser.de\\\/blog\\\/#website\",\"url\":\"https:\\\/\\\/coeser.de\\\/blog\\\/\",\"name\":\"fern &amp; nah - Reiseblog und Fotostories von Christian \u00d6ser\",\"description\":\"Reiseblog und Fotostories von Christian \u00d6ser\",\"publisher\":{\"@id\":\"https:\\\/\\\/coeser.de\\\/blog\\\/#\\\/schema\\\/person\\\/fda1d253389076b2cadc3d47018cf315\"},\"potentialAction\":[{\"@type\":\"SearchAction\",\"target\":{\"@type\":\"EntryPoint\",\"urlTemplate\":\"https:\\\/\\\/coeser.de\\\/blog\\\/?s={search_term_string}\"},\"query-input\":{\"@type\":\"PropertyValueSpecification\",\"valueRequired\":true,\"valueName\":\"search_term_string\"}}],\"inLanguage\":\"de\"},{\"@type\":[\"Person\",\"Organization\"],\"@id\":\"https:\\\/\\\/coeser.de\\\/blog\\\/#\\\/schema\\\/person\\\/fda1d253389076b2cadc3d47018cf315\",\"name\":\"Christian \u00d6ser\",\"image\":{\"@type\":\"ImageObject\",\"inLanguage\":\"de\",\"@id\":\"https:\\\/\\\/coeser.de\\\/blog\\\/wp-content\\\/uploads\\\/2016\\\/08\\\/logo-fern-und-nah-christian-oeser-4.jpg\",\"url\":\"https:\\\/\\\/coeser.de\\\/blog\\\/wp-content\\\/uploads\\\/2016\\\/08\\\/logo-fern-und-nah-christian-oeser-4.jpg\",\"contentUrl\":\"https:\\\/\\\/coeser.de\\\/blog\\\/wp-content\\\/uploads\\\/2016\\\/08\\\/logo-fern-und-nah-christian-oeser-4.jpg\",\"width\":1090,\"height\":245,\"caption\":\"Christian \u00d6ser\"},\"logo\":{\"@id\":\"https:\\\/\\\/coeser.de\\\/blog\\\/wp-content\\\/uploads\\\/2016\\\/08\\\/logo-fern-und-nah-christian-oeser-4.jpg\"},\"sameAs\":[\"http:\\\/\\\/www.coeser.de\",\"Christian \u00d6ser\",\"https:\\\/\\\/www.instagram.com\\\/coeser_de\\\/\",\"https:\\\/\\\/www.pinterest.at\\\/nightline5\\\/\"],\"url\":\"https:\\\/\\\/coeser.de\\\/blog\\\/index.php\\\/author\\\/coeser\\\/\"}]}<\/script>\n<!-- \/ Yoast SEO plugin. -->","yoast_head_json":{"title":"Frankfurt: Die 16 sch\u00f6nsten Fotospots","description":"Frankfurt Fotospots: Die 16 sch\u00f6nsten Orte und Pl\u00e4tze f\u00fcr perfekte Fotos und Instagram-Selfies in der Stadt am Main.","robots":{"index":"index","follow":"follow","max-snippet":"max-snippet:-1","max-image-preview":"max-image-preview:large","max-video-preview":"max-video-preview:-1"},"canonical":"https:\/\/coeser.de\/blog\/index.php\/2025\/07\/06\/frankfurt-16-schoenste-fotospots\/","og_locale":"de_DE","og_type":"article","og_title":"Frankfurt: Die 16 sch\u00f6nsten Fotospots","og_description":"Frankfurt Fotospots: Die 16 sch\u00f6nsten Orte und Pl\u00e4tze f\u00fcr perfekte Fotos und Instagram-Selfies in der Stadt am Main.","og_url":"https:\/\/coeser.de\/blog\/index.php\/2025\/07\/06\/frankfurt-16-schoenste-fotospots\/","og_site_name":"fern &amp; nah - Reiseblog und Fotostories von Christian \u00d6ser","article_publisher":"Christian \u00d6ser","article_author":"Christian \u00d6ser","article_published_time":"2025-07-06T12:19:58+00:00","og_image":[{"width":978,"height":550,"url":"https:\/\/coeser.de\/blog\/wp-content\/uploads\/2025\/05\/frankfurt-main-fotospots-aufmacher-skyline-abend-christian-oeser.jpg","type":"image\/jpeg"}],"author":"Christian \u00d6ser","twitter_card":"summary_large_image","twitter_misc":{"Verfasst von":"Christian \u00d6ser","Gesch\u00e4tzte Lesezeit":"32\u00a0Minuten"},"schema":{"@context":"https:\/\/schema.org","@graph":[{"@type":"Article","@id":"https:\/\/coeser.de\/blog\/index.php\/2025\/07\/06\/frankfurt-16-schoenste-fotospots\/#article","isPartOf":{"@id":"https:\/\/coeser.de\/blog\/index.php\/2025\/07\/06\/frankfurt-16-schoenste-fotospots\/"},"author":{"name":"Christian \u00d6ser","@id":"https:\/\/coeser.de\/blog\/#\/schema\/person\/fda1d253389076b2cadc3d47018cf315"},"headline":"Frankfurt: Die 16 sch\u00f6nsten Fotospots","datePublished":"2025-07-06T12:19:58+00:00","mainEntityOfPage":{"@id":"https:\/\/coeser.de\/blog\/index.php\/2025\/07\/06\/frankfurt-16-schoenste-fotospots\/"},"wordCount":4822,"commentCount":4,"publisher":{"@id":"https:\/\/coeser.de\/blog\/#\/schema\/person\/fda1d253389076b2cadc3d47018cf315"},"image":{"@id":"https:\/\/coeser.de\/blog\/index.php\/2025\/07\/06\/frankfurt-16-schoenste-fotospots\/#primaryimage"},"thumbnailUrl":"https:\/\/coeser.de\/blog\/wp-content\/uploads\/2025\/05\/frankfurt-main-fotospots-aufmacher-skyline-abend-christian-oeser.jpg","keywords":["Cityguide","Deutschland","Fotospots","Fototipps","Frankfurt","Reisebericht","Reisef\u00fchrer","St\u00e4dtereise"],"articleSection":["DEUTSCHLAND"],"inLanguage":"de","potentialAction":[{"@type":"CommentAction","name":"Comment","target":["https:\/\/coeser.de\/blog\/index.php\/2025\/07\/06\/frankfurt-16-schoenste-fotospots\/#respond"]}]},{"@type":"WebPage","@id":"https:\/\/coeser.de\/blog\/index.php\/2025\/07\/06\/frankfurt-16-schoenste-fotospots\/","url":"https:\/\/coeser.de\/blog\/index.php\/2025\/07\/06\/frankfurt-16-schoenste-fotospots\/","name":"Frankfurt: Die 16 sch\u00f6nsten Fotospots","isPartOf":{"@id":"https:\/\/coeser.de\/blog\/#website"},"primaryImageOfPage":{"@id":"https:\/\/coeser.de\/blog\/index.php\/2025\/07\/06\/frankfurt-16-schoenste-fotospots\/#primaryimage"},"image":{"@id":"https:\/\/coeser.de\/blog\/index.php\/2025\/07\/06\/frankfurt-16-schoenste-fotospots\/#primaryimage"},"thumbnailUrl":"https:\/\/coeser.de\/blog\/wp-content\/uploads\/2025\/05\/frankfurt-main-fotospots-aufmacher-skyline-abend-christian-oeser.jpg","datePublished":"2025-07-06T12:19:58+00:00","description":"Frankfurt Fotospots: Die 16 sch\u00f6nsten Orte und Pl\u00e4tze f\u00fcr perfekte Fotos und Instagram-Selfies in der Stadt am Main.","breadcrumb":{"@id":"https:\/\/coeser.de\/blog\/index.php\/2025\/07\/06\/frankfurt-16-schoenste-fotospots\/#breadcrumb"},"inLanguage":"de","potentialAction":[{"@type":"ReadAction","target":["https:\/\/coeser.de\/blog\/index.php\/2025\/07\/06\/frankfurt-16-schoenste-fotospots\/"]}]},{"@type":"ImageObject","inLanguage":"de","@id":"https:\/\/coeser.de\/blog\/index.php\/2025\/07\/06\/frankfurt-16-schoenste-fotospots\/#primaryimage","url":"https:\/\/coeser.de\/blog\/wp-content\/uploads\/2025\/05\/frankfurt-main-fotospots-aufmacher-skyline-abend-christian-oeser.jpg","contentUrl":"https:\/\/coeser.de\/blog\/wp-content\/uploads\/2025\/05\/frankfurt-main-fotospots-aufmacher-skyline-abend-christian-oeser.jpg","width":978,"height":550,"caption":"Langzeitbelichtung der abendlich beleuchteten Skyline in Frankfurt am Main"},{"@type":"BreadcrumbList","@id":"https:\/\/coeser.de\/blog\/index.php\/2025\/07\/06\/frankfurt-16-schoenste-fotospots\/#breadcrumb","itemListElement":[{"@type":"ListItem","position":1,"name":"Startseite","item":"https:\/\/coeser.de\/blog\/"},{"@type":"ListItem","position":2,"name":"Frankfurt: Die 16 sch\u00f6nsten Fotospots"}]},{"@type":"WebSite","@id":"https:\/\/coeser.de\/blog\/#website","url":"https:\/\/coeser.de\/blog\/","name":"fern &amp; nah - Reiseblog und Fotostories von Christian \u00d6ser","description":"Reiseblog und Fotostories von Christian \u00d6ser","publisher":{"@id":"https:\/\/coeser.de\/blog\/#\/schema\/person\/fda1d253389076b2cadc3d47018cf315"},"potentialAction":[{"@type":"SearchAction","target":{"@type":"EntryPoint","urlTemplate":"https:\/\/coeser.de\/blog\/?s={search_term_string}"},"query-input":{"@type":"PropertyValueSpecification","valueRequired":true,"valueName":"search_term_string"}}],"inLanguage":"de"},{"@type":["Person","Organization"],"@id":"https:\/\/coeser.de\/blog\/#\/schema\/person\/fda1d253389076b2cadc3d47018cf315","name":"Christian \u00d6ser","image":{"@type":"ImageObject","inLanguage":"de","@id":"https:\/\/coeser.de\/blog\/wp-content\/uploads\/2016\/08\/logo-fern-und-nah-christian-oeser-4.jpg","url":"https:\/\/coeser.de\/blog\/wp-content\/uploads\/2016\/08\/logo-fern-und-nah-christian-oeser-4.jpg","contentUrl":"https:\/\/coeser.de\/blog\/wp-content\/uploads\/2016\/08\/logo-fern-und-nah-christian-oeser-4.jpg","width":1090,"height":245,"caption":"Christian \u00d6ser"},"logo":{"@id":"https:\/\/coeser.de\/blog\/wp-content\/uploads\/2016\/08\/logo-fern-und-nah-christian-oeser-4.jpg"},"sameAs":["http:\/\/www.coeser.de","Christian \u00d6ser","https:\/\/www.instagram.com\/coeser_de\/","https:\/\/www.pinterest.at\/nightline5\/"],"url":"https:\/\/coeser.de\/blog\/index.php\/author\/coeser\/"}]}},"jetpack_featured_media_url":"https:\/\/coeser.de\/blog\/wp-content\/uploads\/2025\/05\/frankfurt-main-fotospots-aufmacher-skyline-abend-christian-oeser.jpg","jetpack-related-posts":[{"id":24209,"url":"https:\/\/coeser.de\/blog\/index.php\/2025\/07\/02\/frankfurt-16-tipps-aktivitaeten\/","url_meta":{"origin":24231,"position":0},"title":"Frankfurt: 16 Tipps f\u00fcr die Stadt der Kontraste","author":"Christian \u00d6ser","date":"2. Juli 2025","format":false,"excerpt":"Alt und neu, gro\u00df und klein, arm und reich: Frankfurt ist eine Stadt mit gewaltigen Kontrasten. Diese bringen bei der Erkundung der Stadt Spannung, aber auch viel Herausforderung mit sich. Inmitten der Finanzmetropole wirkt etwa der historische R\u00f6merberg wie ein gallisches Dorf zwischen den monstr\u00f6sen Hochh\u00e4usern der Umgebung. Doch das\u2026","rel":"","context":"In &quot;DEUTSCHLAND&quot;","block_context":{"text":"DEUTSCHLAND","link":"https:\/\/coeser.de\/blog\/index.php\/category\/europa\/deutschland\/"},"img":{"alt_text":"Historische Geb\u00e4ude und Fassaden am R\u00f6merberg in Frankfurt am Main","src":"https:\/\/i0.wp.com\/coeser.de\/blog\/wp-content\/uploads\/2025\/05\/frankfurt-main-aufmacher-roemerberg-christian-oeser.jpg?resize=350%2C200&ssl=1","width":350,"height":200,"srcset":"https:\/\/i0.wp.com\/coeser.de\/blog\/wp-content\/uploads\/2025\/05\/frankfurt-main-aufmacher-roemerberg-christian-oeser.jpg?resize=350%2C200&ssl=1 1x, https:\/\/i0.wp.com\/coeser.de\/blog\/wp-content\/uploads\/2025\/05\/frankfurt-main-aufmacher-roemerberg-christian-oeser.jpg?resize=525%2C300&ssl=1 1.5x, https:\/\/i0.wp.com\/coeser.de\/blog\/wp-content\/uploads\/2025\/05\/frankfurt-main-aufmacher-roemerberg-christian-oeser.jpg?resize=700%2C400&ssl=1 2x"},"classes":[]},{"id":17186,"url":"https:\/\/coeser.de\/blog\/index.php\/2021\/11\/30\/interrail-genussreise-durch-europa\/","url_meta":{"origin":24231,"position":1},"title":"Interrail: Genussreise durch Europa","author":"Christian \u00d6ser","date":"30. November 2021","format":false,"excerpt":"Mit dem Zug durch ganz Europa reisen, ohne sich andauernd um Tickets k\u00fcmmern zu m\u00fcssen? Das geht mit Interrail! Das Konzept wird oftmals nur mit Jugendlichen in Verbindung gebracht, ist aber auf jedes Alter zugeschnitten. Um europ\u00e4ische L\u00e4nder und St\u00e4dte flexibel sowie g\u00fcnstig kennenzulernen, ist Interrail wirklich eine exzellente Art\u2026","rel":"","context":"In &quot;EUROPA&quot;","block_context":{"text":"EUROPA","link":"https:\/\/coeser.de\/blog\/index.php\/category\/europa\/"},"img":{"alt_text":"Collage aus Fotos aus Frankfurt, Berlin, Paris und Amsterdam","src":"https:\/\/i0.wp.com\/coeser.de\/blog\/wp-content\/uploads\/2021\/11\/interrail-europa-aufmacher-christian-oeser.jpg?resize=350%2C200&ssl=1","width":350,"height":200,"srcset":"https:\/\/i0.wp.com\/coeser.de\/blog\/wp-content\/uploads\/2021\/11\/interrail-europa-aufmacher-christian-oeser.jpg?resize=350%2C200&ssl=1 1x, https:\/\/i0.wp.com\/coeser.de\/blog\/wp-content\/uploads\/2021\/11\/interrail-europa-aufmacher-christian-oeser.jpg?resize=525%2C300&ssl=1 1.5x, https:\/\/i0.wp.com\/coeser.de\/blog\/wp-content\/uploads\/2021\/11\/interrail-europa-aufmacher-christian-oeser.jpg?resize=700%2C400&ssl=1 2x"},"classes":[]},{"id":13803,"url":"https:\/\/coeser.de\/blog\/index.php\/2019\/11\/12\/klagenfurt-idylle-in-der-grossstadt\/","url_meta":{"origin":24231,"position":2},"title":"Klagenfurt: Idylle in der Gro\u00dfstadt","author":"Christian \u00d6ser","date":"12. November 2019","format":false,"excerpt":"Idylle in der Gro\u00dfstadt? Sicherlich fragt ihr euch nach dem Lesen des Titels, ob dieser nicht ein Widerspruch ist. Doch in Klagenfurt ist das absolute Realit\u00e4t! W\u00e4hrend untertags gesch\u00e4ftiges Treiben in der Stadt am W\u00f6rthersee herrscht, wirken die Stra\u00dfen sowie Gassen gegen Abend hin recht einsam und verwaist. Gemeinsam mit\u2026","rel":"","context":"In &quot;\u00d6STERREICH&quot;","block_context":{"text":"\u00d6STERREICH","link":"https:\/\/coeser.de\/blog\/index.php\/category\/europa\/oesterreich\/"},"img":{"alt_text":"Der Lindwurm, das Wahrzeichen von Klagenfurt am W\u00f6rthersee","src":"https:\/\/i0.wp.com\/coeser.de\/blog\/wp-content\/uploads\/2019\/11\/klagenfurt-aufmacher-lindwurm-christian-oeser.jpg?resize=350%2C200&ssl=1","width":350,"height":200,"srcset":"https:\/\/i0.wp.com\/coeser.de\/blog\/wp-content\/uploads\/2019\/11\/klagenfurt-aufmacher-lindwurm-christian-oeser.jpg?resize=350%2C200&ssl=1 1x, https:\/\/i0.wp.com\/coeser.de\/blog\/wp-content\/uploads\/2019\/11\/klagenfurt-aufmacher-lindwurm-christian-oeser.jpg?resize=525%2C300&ssl=1 1.5x, https:\/\/i0.wp.com\/coeser.de\/blog\/wp-content\/uploads\/2019\/11\/klagenfurt-aufmacher-lindwurm-christian-oeser.jpg?resize=700%2C400&ssl=1 2x"},"classes":[]},{"id":13665,"url":"https:\/\/coeser.de\/blog\/index.php\/2019\/10\/22\/for-forest-ein-wald-im-stadion\/","url_meta":{"origin":24231,"position":3},"title":"FOR FOREST: Ein Wald im Stadion","author":"Christian \u00d6ser","date":"22. Oktober 2019","format":false,"excerpt":"Stell dir vor, du gehst in ein riesiges Stadion und siehst das Spielfeld vor lauter B\u00e4umen nicht mehr. Dieses Bild bot sich mir im W\u00f6rtherseestadion von Klagenfurt, in dem f\u00fcr exakt sieben Wochen die Kunstinstallation \"FOR FOREST \u2013 Die ungebrochene Anziehungskraft der Natur\" f\u00fcr internationales Aufsehen sorgte. Gro\u00dfes Staunen, ungl\u00e4ubige\u2026","rel":"","context":"In &quot;\u00d6STERREICH&quot;","block_context":{"text":"\u00d6STERREICH","link":"https:\/\/coeser.de\/blog\/index.php\/category\/europa\/oesterreich\/"},"img":{"alt_text":"Kunstinstallation FOR FOREST im W\u00f6rtherseestadion in Klagenfurt","src":"https:\/\/i0.wp.com\/coeser.de\/blog\/wp-content\/uploads\/2019\/10\/klagenfurt-for-forest-aufmacher-christian-oeser.jpg?resize=350%2C200&ssl=1","width":350,"height":200,"srcset":"https:\/\/i0.wp.com\/coeser.de\/blog\/wp-content\/uploads\/2019\/10\/klagenfurt-for-forest-aufmacher-christian-oeser.jpg?resize=350%2C200&ssl=1 1x, https:\/\/i0.wp.com\/coeser.de\/blog\/wp-content\/uploads\/2019\/10\/klagenfurt-for-forest-aufmacher-christian-oeser.jpg?resize=525%2C300&ssl=1 1.5x, https:\/\/i0.wp.com\/coeser.de\/blog\/wp-content\/uploads\/2019\/10\/klagenfurt-for-forest-aufmacher-christian-oeser.jpg?resize=700%2C400&ssl=1 2x"},"classes":[]},{"id":13892,"url":"https:\/\/coeser.de\/blog\/index.php\/2019\/12\/31\/europa-26-grandiose-reiseideen-fuer-2020\/","url_meta":{"origin":24231,"position":4},"title":"Europa: 26 grandiose Reiseideen f\u00fcr 2020","author":"Christian \u00d6ser","date":"31. Dezember 2019","format":false,"excerpt":"Alle Jahre wieder neigt sich das aktuelle Jahr zu Ende. Doch jedes Ende ist auch ein Anfang \u2013 und zwar f\u00fcr den Start der zuk\u00fcnftigen Reiseplanungen! Wie sieht es bei euch aus, habt ihr schon jede Menge Reiseziele im Kopf, die ihr unbedingt bald einmal mit eigenen Augen sehen wollt?\u2026","rel":"","context":"In &quot;EUROPA&quot;","block_context":{"text":"EUROPA","link":"https:\/\/coeser.de\/blog\/index.php\/category\/europa\/"},"img":{"alt_text":"","src":"https:\/\/i0.wp.com\/coeser.de\/blog\/wp-content\/uploads\/2019\/12\/reisetipps-reiseinspiration-fotospots-2020-aufmacher-christian-oeser.jpg?resize=350%2C200&ssl=1","width":350,"height":200,"srcset":"https:\/\/i0.wp.com\/coeser.de\/blog\/wp-content\/uploads\/2019\/12\/reisetipps-reiseinspiration-fotospots-2020-aufmacher-christian-oeser.jpg?resize=350%2C200&ssl=1 1x, https:\/\/i0.wp.com\/coeser.de\/blog\/wp-content\/uploads\/2019\/12\/reisetipps-reiseinspiration-fotospots-2020-aufmacher-christian-oeser.jpg?resize=525%2C300&ssl=1 1.5x, https:\/\/i0.wp.com\/coeser.de\/blog\/wp-content\/uploads\/2019\/12\/reisetipps-reiseinspiration-fotospots-2020-aufmacher-christian-oeser.jpg?resize=700%2C400&ssl=1 2x"},"classes":[]},{"id":14412,"url":"https:\/\/coeser.de\/blog\/index.php\/2020\/01\/21\/pyramidenkogel-aussicht-der-superlative\/","url_meta":{"origin":24231,"position":5},"title":"Pyramidenkogel: Aussicht der Superlative","author":"Christian \u00d6ser","date":"21. Januar 2020","format":false,"excerpt":"Was gibt es Sch\u00f6neres, als die Umgebung wie ein fliegender Vogel aus der Luft zu genie\u00dfen? Das ist auf dem Pyramidenkogel in K\u00e4rnten perfekt m\u00f6glich! Zwar habt ihr auf dem Aussichtsturm festen Boden unter euch \u2013 beim Anblick des W\u00f6rthersees und der atemberaubenden Landschaft rundherum fangt ihr gef\u00fchlsm\u00e4\u00dfig aber garantiert\u2026","rel":"","context":"In &quot;\u00d6STERREICH&quot;","block_context":{"text":"\u00d6STERREICH","link":"https:\/\/coeser.de\/blog\/index.php\/category\/europa\/oesterreich\/"},"img":{"alt_text":"Ausblick vom Pyramidenkogel auf den W\u00f6rthersee und Klagenfurt","src":"https:\/\/i0.wp.com\/coeser.de\/blog\/wp-content\/uploads\/2020\/01\/pyramidenkogel-aufmacher-christian-oeser.jpg?resize=350%2C200&ssl=1","width":350,"height":200,"srcset":"https:\/\/i0.wp.com\/coeser.de\/blog\/wp-content\/uploads\/2020\/01\/pyramidenkogel-aufmacher-christian-oeser.jpg?resize=350%2C200&ssl=1 1x, https:\/\/i0.wp.com\/coeser.de\/blog\/wp-content\/uploads\/2020\/01\/pyramidenkogel-aufmacher-christian-oeser.jpg?resize=525%2C300&ssl=1 1.5x, https:\/\/i0.wp.com\/coeser.de\/blog\/wp-content\/uploads\/2020\/01\/pyramidenkogel-aufmacher-christian-oeser.jpg?resize=700%2C400&ssl=1 2x"},"classes":[]}],"jetpack_sharing_enabled":true,"_links":{"self":[{"href":"https:\/\/coeser.de\/blog\/index.php\/wp-json\/wp\/v2\/posts\/24231","targetHints":{"allow":["GET"]}}],"collection":[{"href":"https:\/\/coeser.de\/blog\/index.php\/wp-json\/wp\/v2\/posts"}],"about":[{"href":"https:\/\/coeser.de\/blog\/index.php\/wp-json\/wp\/v2\/types\/post"}],"author":[{"embeddable":true,"href":"https:\/\/coeser.de\/blog\/index.php\/wp-json\/wp\/v2\/users\/1"}],"replies":[{"embeddable":true,"href":"https:\/\/coeser.de\/blog\/index.php\/wp-json\/wp\/v2\/comments?post=24231"}],"version-history":[{"count":14,"href":"https:\/\/coeser.de\/blog\/index.php\/wp-json\/wp\/v2\/posts\/24231\/revisions"}],"predecessor-version":[{"id":24408,"href":"https:\/\/coeser.de\/blog\/index.php\/wp-json\/wp\/v2\/posts\/24231\/revisions\/24408"}],"wp:featuredmedia":[{"embeddable":true,"href":"https:\/\/coeser.de\/blog\/index.php\/wp-json\/wp\/v2\/media\/24232"}],"wp:attachment":[{"href":"https:\/\/coeser.de\/blog\/index.php\/wp-json\/wp\/v2\/media?parent=24231"}],"wp:term":[{"taxonomy":"category","embeddable":true,"href":"https:\/\/coeser.de\/blog\/index.php\/wp-json\/wp\/v2\/categories?post=24231"},{"taxonomy":"post_tag","embeddable":true,"href":"https:\/\/coeser.de\/blog\/index.php\/wp-json\/wp\/v2\/tags?post=24231"}],"curies":[{"name":"wp","href":"https:\/\/api.w.org\/{rel}","templated":true}]}}