{"id":3478,"date":"2017-05-30T07:00:45","date_gmt":"2017-05-30T05:00:45","guid":{"rendered":"http:\/\/coeser.de\/blog\/?p=3478"},"modified":"2025-06-02T16:37:09","modified_gmt":"2025-06-02T14:37:09","slug":"gruener-see-magischer-ort-in-den-alpen","status":"publish","type":"post","link":"https:\/\/coeser.de\/blog\/index.php\/2017\/05\/30\/gruener-see-magischer-ort-in-den-alpen\/","title":{"rendered":"Gr\u00fcner See: Magischer Ort in den Alpen"},"content":{"rendered":"<p><strong>Einen sch\u00f6nen See in \u00d6sterreich zu finden ist keine Schwierigkeit, davon gibt es gl\u00fccklicherweise Dutzende im ganzen Land. Ein Gew\u00e4sser wie den Gr\u00fcnen See in der Steiermark bekommt man allerdings nicht alle Tage zu Gesicht. Zauberhaft eingerahmt von den umliegenden Bergen gl\u00e4nzt das Wasser in gr\u00fcn und t\u00fcrkis dem Besucher entgegen. Dass es sich um einen magisch anmutenden Ort handelt, merkt man sofort \u2013 der Gr\u00fcne See hat n\u00e4mlich eine ganz spezielle Besonderheit zu bieten. Was es damit auf sich hat, zeige ich euch in dieser Fotostory!<\/strong><\/p>\n<p><!--more--><\/p>\n<hr \/>\n<div class=\"highlights\">\n<h3>DIE H\u00d6HEPUNKTE VOM GR\u00dcNEN SEE IN DIESEM REISEBERICHT<\/h3>\n<p>Viele Infos \u00fcber einen der sch\u00f6nsten Seen in \u00d6sterreich mit magisch gr\u00fcner Farbe im Sonnenlicht<\/p>\n<p>Beschreibung des Rundwanderwegs um den Gr\u00fcnen See mit den besten Fotospots f\u00fcr tolle Bilder<\/p>\n<p>Details zum aufgrund von Massentourismus notwendig gewordenen Tauchverbot im Gr\u00fcnen See<\/p>\n<p>Der Kreuzteich und Pfarrerteich als perfekte Erg\u00e4nzung nach einer Wanderung rund um den Gr\u00fcnen See<\/p>\n<\/div>\n<p>&nbsp;<\/p>\n<p><em><span style=\"color: #0000ff;\">Dieser Artikel wurde zuletzt am 2. Juni 2025 aktualisiert.<\/span><\/em><\/p>\n\n<hr \/>\n<div class=\"fakten\">\n<h2>GR\u00dcNER SEE IN TRAG\u00d6SS<\/h2>\n<h3>FAKTEN<\/h3>\n<p><strong>Reisezeit: <\/strong>April (Tagesausflug)<br \/>\n<strong>Anreise: <\/strong>Mit dem Auto von <em>Wien<\/em> \u00fcber die A2 bis <em>Knoten Seebenstein<\/em>, dann S6 bis <em>Bruck an der Mur<\/em>, dann \u00fcber die L111 nach<em> Trag\u00f6\u00df<\/em> und den Schildern zum Parkplatz am Gr\u00fcnen See folgen (Kleingeld f\u00fcr den Automaten mitnehmen!) (ca. 2:00 h)<br \/>\n<strong>Gehzeit: <\/strong>Ca. 90 Minuten vom Parkplatz rund um den See und zur\u00fcck \u00fcber den Pfarrerteich und Kreuzteich<br \/>\n<strong>Distanz: <\/strong>3,6 Km<br \/>\n<strong>Schwierigkeit:<\/strong> leicht<\/p>\n<p><strong><a href=\"https:\/\/www.booking.com\/searchresults.de.html?city=-1975203&amp;amp;aid=1634405&amp;amp;no_rooms=1&amp;amp;group_adults=1\" target=\"_blank\" rel=\"noopener\">Hier findest du sch\u00f6ne Unterk\u00fcnfte rund um den Gr\u00fcnen See<\/a>*<\/strong><\/p>\n<\/div>\n<div class=\"extern\">\n<h3>TRANSPARENZHINWEIS<\/h3>\n<p>*Die mit Stern gekennzeichneten Verweise in diesem Blogartikel sind sogenannte Affiliate-Links. Wenn euch mein Blogartikel bei der Planung eurer Reise geholfen hat, freue ich mich, wenn ihr \u00fcber diese Links eure Unterkunft oder Freizeitaktivit\u00e4ten bucht. Ich erhalte dadurch eine kleine Provision und ihr unterst\u00fctzt den Erhalt dieses Blogs. F\u00fcr euch entstehen dabei selbstverst\u00e4ndlich keine Nachteile. Vielen Dank! \ud83d\ude42<\/p>\n<\/div>\n<p>&nbsp;<\/p>\n<h2><img loading=\"lazy\" decoding=\"async\" class=\"alignnone size-full wp-image-18623\" src=\"https:\/\/coeser.de\/blog\/wp-content\/uploads\/2017\/05\/gruener-see-tragoess-aufmacher1-christian-oeser.jpg\" alt=\"Gr\u00fcner See in Trag\u00f6\u00df, Steiermark\" width=\"970\" height=\"323\" srcset=\"https:\/\/coeser.de\/blog\/wp-content\/uploads\/2017\/05\/gruener-see-tragoess-aufmacher1-christian-oeser.jpg 970w, https:\/\/coeser.de\/blog\/wp-content\/uploads\/2017\/05\/gruener-see-tragoess-aufmacher1-christian-oeser-768x256.jpg 768w\" sizes=\"auto, (max-width: 970px) 100vw, 970px\" \/><\/h2>\n<h2>Gr\u00fcner See: die &#8222;Karibik der Alpen&#8220;<\/h2>\n<p>Eine Fahrt zum Gr\u00fcnen See sollte man nicht ohne vorherige Planung angehen, denn das Gew\u00e4sser pr\u00e4sentiert sich innerhalb eines Jahres grundverschieden. Im Fr\u00fchjahr beginnt sich der See durch unterirdische Zufl\u00fcsse wie von Zauberhand langsam mit Schmelzwasser der umliegenden Hochschwabgruppe zu f\u00fcllen. Sein H\u00f6chststand betr\u00e4gt ca. zehn Meter und nachdem kein Schnee mehr auf den Bergen vorhanden ist, beginnt der Wasserstand auch schon wieder schnell zu sinken. Im Herbst und Winter ist dann meistens nur noch ein kleiner Rest vorhanden.<\/p>\n<h3>Zwei Wege um den Gr\u00fcnen See<\/h3>\n<p>Rund um den Gr\u00fcnen See f\u00fchren zwei Wanderwege, von denen einer so tief liegt, dass er w\u00e4hrend des H\u00f6chstwasserstands vollkommen \u00fcberschwemmt wird. Dieser Umstand und das extrem klare Wasser waren logische Gr\u00fcnde, dass der See jahrelang als absolutes Taucherparadies galt und fantastische Unterwasseraufnahmen m\u00f6glich machte. Mit der Idylle war es aber sp\u00e4testens seit 2014 vorbei, denn da gelangte der See an die weltweite \u00d6ffentlichkeit: zuerst postete der Hollywood-Schauspieler Ashton Kutcher auf seinem Facebook-Profil einen Link zu einem Onlinemagazin mit Fotos der Unterwasserwelt (Artikel mittlerweile offline) und in der Fernsehsendung &#8222;9 Pl\u00e4tze &#8211; 9 Sch\u00e4tze&#8220; wurde er zum sch\u00f6nsten Ort \u00d6sterreichs gew\u00e4hlt.<\/p>\n<h3>Verbote nach Tourismusandrang<\/h3>\n<p>Was folgte, war ein Ansturm an Touristen aus der ganzen Welt, die alle einmal die &#8222;Karibik der Alpen&#8220; \u2013 wie der Gr\u00fcne See wegen seines smaragdgr\u00fcnen Wassers liebevoll genannt wird \u2013 mit eigenen Augen sehen wollten. Als Konsequenz aus der erh\u00f6hten Besucher- und Taucherfrequenz ist es seit Anfang 2016 verboten, im See zu Baden und zu Tauchen. Zu gro\u00df ist die Sorge, dass durch Flossen aufgewirbelter Sand die markante Farbe in ein tr\u00fcbes Braun verwandelt. Mit der folgenden Fotostrecke nehme ich euch mit auf einen Rundgang um den See und zeige euch die sch\u00f6nsten Stellen abseits der Massen.<\/p>\n<div class=\"tipps\">\n<h2>TIPP: Weitere Ausflugsziele in der Steiermark<\/h2>\n<p><strong><a href=\"https:\/\/coeser.de\/blog\/index.php\/2021\/10\/05\/grosser-scheibelsee-himmlische-wanderung\/\" target=\"_blank\" rel=\"noopener\">Scheibelsee: Eine himmlische Wanderung<\/a><\/strong><\/p>\n<p><strong><a href=\"https:\/\/coeser.de\/blog\/index.php\/2018\/08\/07\/die-6-seen-wanderung-auf-der-tauplitzalm\/\" target=\"_blank\" rel=\"noopener\">Die 6-Seen-Wanderung auf der Tauplitzalm<\/a><\/strong><\/p>\n<p><strong><a href=\"https:\/\/coeser.de\/blog\/index.php\/2020\/10\/27\/herbsttour-woerschachklamm\/\" target=\"_blank\" rel=\"noopener\">Herbsttour durch die W\u00f6rschachklamm<\/a><\/strong><\/p>\n<p><strong><a href=\"https:\/\/coeser.de\/blog\/index.php\/2017\/07\/11\/wandertipp-zur-putzentalalm-im-naturpark-soelktaeler\/\" target=\"_blank\" rel=\"noopener\">Zur Putzentalalm im Naturpark S\u00f6lkt\u00e4ler<\/a><\/strong><\/p>\n<p><strong><a href=\"https:\/\/coeser.de\/blog\/index.php\/2017\/08\/08\/dachstein-erlebnis-in-luftiger-hoehe\/\" target=\"_blank\" rel=\"noopener\">Der Dachstein: Erlebnis in luftiger H\u00f6he<\/a><\/strong><\/p>\n<\/div>\n<p>&nbsp;<\/p>\n<hr \/>\n<h2>GR\u00dcNER SEE: DER RUNDWANDERWEG IN BILDERN<\/h2>\n<figure class=\"bigpicture\" style=\"width: 970px;\"><img loading=\"lazy\" decoding=\"async\" class=\"wp-image-3488 size-full\" src=\"https:\/\/coeser.de\/blog\/wp-content\/uploads\/2017\/05\/gruener-see-tragoess-gal01-christian-oeser.jpg\" alt=\"Infotafel Gr\u00fcner See Trag\u00f6\u00df\" width=\"960\" height=\"640\" srcset=\"https:\/\/coeser.de\/blog\/wp-content\/uploads\/2017\/05\/gruener-see-tragoess-gal01-christian-oeser.jpg 960w, https:\/\/coeser.de\/blog\/wp-content\/uploads\/2017\/05\/gruener-see-tragoess-gal01-christian-oeser-300x200.jpg 300w, https:\/\/coeser.de\/blog\/wp-content\/uploads\/2017\/05\/gruener-see-tragoess-gal01-christian-oeser-768x512.jpg 768w, https:\/\/coeser.de\/blog\/wp-content\/uploads\/2017\/05\/gruener-see-tragoess-gal01-christian-oeser-330x220.jpg 330w\" sizes=\"auto, (max-width: 960px) 100vw, 960px\" \/><figcaption class=\"bigpicture-text\">\n<h2>Die Infotafel weist den Weg zum Gr\u00fcnen See<\/h2>\n<p>Am Parkplatz kann man sich auf einer Infotafel schon einmal \u00fcber den Wegverlauf schlau machen. Dabei gibt es drei verschiedene Varianten, den Gr\u00fcnen See direkt oder indirekt mit dem Pfarrerteich bzw. Kreuzteich zu kombinieren.<br \/>\n<strong><a href=\"https:\/\/www.google.de\/maps\/place\/47.537466,15.067123\" target=\"_blank\" rel=\"noopener noreferrer\">Aufnahmeort anzeigen<\/a><\/strong><\/p>\n<\/figcaption><\/figure>\n<figure class=\"bigpicture\" style=\"width: 970px;\"><img loading=\"lazy\" decoding=\"async\" class=\"wp-image-3489 size-full\" src=\"https:\/\/coeser.de\/blog\/wp-content\/uploads\/2017\/05\/gruener-see-tragoess-gal02-christian-oeser.jpg\" alt=\"T\u00fcrkisblaues Wasser des Gr\u00fcnen Sees in Trag\u00f6\u00df\" width=\"960\" height=\"640\" srcset=\"https:\/\/coeser.de\/blog\/wp-content\/uploads\/2017\/05\/gruener-see-tragoess-gal02-christian-oeser.jpg 960w, https:\/\/coeser.de\/blog\/wp-content\/uploads\/2017\/05\/gruener-see-tragoess-gal02-christian-oeser-300x200.jpg 300w, https:\/\/coeser.de\/blog\/wp-content\/uploads\/2017\/05\/gruener-see-tragoess-gal02-christian-oeser-768x512.jpg 768w, https:\/\/coeser.de\/blog\/wp-content\/uploads\/2017\/05\/gruener-see-tragoess-gal02-christian-oeser-330x220.jpg 330w\" sizes=\"auto, (max-width: 960px) 100vw, 960px\" \/><figcaption class=\"bigpicture-text\">\n<h2>T\u00fcrkisblaues Wasser des Gr\u00fcnen Sees<\/h2>\n<p>Nach rund 20 Minuten blitzt durch das Dickicht des Waldwegs erstmals das t\u00fcrkisblaue Wasser des Gr\u00fcnen Sees durch.<br \/>\n<strong><a href=\"https:\/\/www.google.de\/maps\/place\/47.542688,15.058038\" target=\"_blank\" rel=\"noopener noreferrer\">Aufnahmeort anzeigen<\/a><\/strong><\/p>\n<\/figcaption><\/figure>\n<figure class=\"bigpicture\" style=\"width: 970px;\"><img loading=\"lazy\" decoding=\"async\" class=\"wp-image-3490 size-full\" src=\"https:\/\/coeser.de\/blog\/wp-content\/uploads\/2017\/05\/gruener-see-tragoess-gal03-christian-oeser.jpg\" alt=\"Gr\u00fcner See und Gipfel der Me\u00dfnerin\" width=\"960\" height=\"640\" srcset=\"https:\/\/coeser.de\/blog\/wp-content\/uploads\/2017\/05\/gruener-see-tragoess-gal03-christian-oeser.jpg 960w, https:\/\/coeser.de\/blog\/wp-content\/uploads\/2017\/05\/gruener-see-tragoess-gal03-christian-oeser-300x200.jpg 300w, https:\/\/coeser.de\/blog\/wp-content\/uploads\/2017\/05\/gruener-see-tragoess-gal03-christian-oeser-768x512.jpg 768w, https:\/\/coeser.de\/blog\/wp-content\/uploads\/2017\/05\/gruener-see-tragoess-gal03-christian-oeser-330x220.jpg 330w\" sizes=\"auto, (max-width: 960px) 100vw, 960px\" \/><figcaption class=\"bigpicture-text\">\n<h2>Spiegelung der Bergwelt im Gr\u00fcnen See<\/h2>\n<p>Eine der sch\u00f6nsten Stellen am Gr\u00fcnen See bietet diesen herrlichen Anblick. Der Gipfel der Me\u00dfnerin spiegelt sich an der ruhigen Wasseroberfl\u00e4che.<br \/>\n<strong><a href=\"https:\/\/www.google.de\/maps\/place\/47.541105,15.054964\" target=\"_blank\" rel=\"noopener noreferrer\">Aufnahmeort anzeigen<\/a><\/strong><\/p>\n<\/figcaption><\/figure>\n<figure class=\"bigpicture\" style=\"width: 970px;\"><img loading=\"lazy\" decoding=\"async\" class=\"wp-image-3491 size-full\" src=\"https:\/\/coeser.de\/blog\/wp-content\/uploads\/2017\/05\/gruener-see-tragoess-gal04-christian-oeser.jpg\" alt=\"Smaragdgr\u00fcnes Wasser im Gr\u00fcnen See in Trag\u00f6\u00df\" width=\"960\" height=\"640\" srcset=\"https:\/\/coeser.de\/blog\/wp-content\/uploads\/2017\/05\/gruener-see-tragoess-gal04-christian-oeser.jpg 960w, https:\/\/coeser.de\/blog\/wp-content\/uploads\/2017\/05\/gruener-see-tragoess-gal04-christian-oeser-300x200.jpg 300w, https:\/\/coeser.de\/blog\/wp-content\/uploads\/2017\/05\/gruener-see-tragoess-gal04-christian-oeser-768x512.jpg 768w, https:\/\/coeser.de\/blog\/wp-content\/uploads\/2017\/05\/gruener-see-tragoess-gal04-christian-oeser-330x220.jpg 330w\" sizes=\"auto, (max-width: 960px) 100vw, 960px\" \/><figcaption class=\"bigpicture-text\">\n<h2>Smaragdgr\u00fcnes Wasser<\/h2>\n<p>Je nach Lichteinfall und Tiefe des Gr\u00fcnen Sees erscheint das Wasser in anderen Farben, hier im Bild beispielsweise in intensivem Smaragdgr\u00fcn.<br \/>\n<strong><a href=\"https:\/\/www.google.de\/maps\/place\/47.543506,15.058510\" target=\"_blank\" rel=\"noopener noreferrer\">Aufnahmeort anzeigen<\/a><\/strong><\/p>\n<\/figcaption><\/figure>\n<figure class=\"bigpicture\" style=\"width: 970px;\"><img loading=\"lazy\" decoding=\"async\" class=\"wp-image-3492 size-full\" src=\"https:\/\/coeser.de\/blog\/wp-content\/uploads\/2017\/05\/gruener-see-tragoess-gal05-christian-oeser.jpg\" alt=\"Panorama Gr\u00fcner See Trag\u00f6\u00df\" width=\"960\" height=\"350\" srcset=\"https:\/\/coeser.de\/blog\/wp-content\/uploads\/2017\/05\/gruener-see-tragoess-gal05-christian-oeser.jpg 960w, https:\/\/coeser.de\/blog\/wp-content\/uploads\/2017\/05\/gruener-see-tragoess-gal05-christian-oeser-300x109.jpg 300w, https:\/\/coeser.de\/blog\/wp-content\/uploads\/2017\/05\/gruener-see-tragoess-gal05-christian-oeser-768x280.jpg 768w\" sizes=\"auto, (max-width: 960px) 100vw, 960px\" \/><figcaption class=\"bigpicture-text\">\n<h2>Panorama des Gr\u00fcnen Sees<\/h2>\n<p>Eine Panoramaaufnahme des Gr\u00fcnen Sees und der umliegenden Hochschwabgruppe.<br \/>\n<strong><a href=\"https:\/\/www.google.de\/maps\/place\/47.543281,15.058141\" target=\"_blank\" rel=\"noopener noreferrer\">Aufnahmeort anzeigen<\/a><\/strong><\/p>\n<\/figcaption><\/figure>\n<figure class=\"bigpicture\" style=\"width: 970px;\"><img loading=\"lazy\" decoding=\"async\" class=\"wp-image-3493 size-full\" src=\"https:\/\/coeser.de\/blog\/wp-content\/uploads\/2017\/05\/gruener-see-tragoess-gal06-christian-oeser.jpg\" alt=\"Br\u00fccke Gr\u00fcner See\" width=\"960\" height=\"640\" srcset=\"https:\/\/coeser.de\/blog\/wp-content\/uploads\/2017\/05\/gruener-see-tragoess-gal06-christian-oeser.jpg 960w, https:\/\/coeser.de\/blog\/wp-content\/uploads\/2017\/05\/gruener-see-tragoess-gal06-christian-oeser-300x200.jpg 300w, https:\/\/coeser.de\/blog\/wp-content\/uploads\/2017\/05\/gruener-see-tragoess-gal06-christian-oeser-768x512.jpg 768w, https:\/\/coeser.de\/blog\/wp-content\/uploads\/2017\/05\/gruener-see-tragoess-gal06-christian-oeser-330x220.jpg 330w\" sizes=\"auto, (max-width: 960px) 100vw, 960px\" \/><figcaption class=\"bigpicture-text\">\n<h2>Die Holzbr\u00fccke \u00fcber den Gr\u00fcnen See<\/h2>\n<p>Am westlichen Ende des Gr\u00fcnen Sees gibt es eine Br\u00fccke, die man nicht immer \u00fcberqueren kann. Auch wenn es hier auf dem Bild als unm\u00f6glich erscheint, wird zum H\u00f6hepunkt der Schneeschmelze das Gebiet fast bis auf H\u00f6he des gro\u00dfen Felsens komplett \u00fcberschwemmt.<br \/>\n<strong><a href=\"https:\/\/www.google.de\/maps\/place\/47.541566,15.053440\" target=\"_blank\" rel=\"noopener noreferrer\">Aufnahmeort anzeigen<\/a><\/strong><\/p>\n<\/figcaption><\/figure>\n<figure class=\"bigpicture\" style=\"width: 970px;\"><img loading=\"lazy\" decoding=\"async\" class=\"wp-image-3494 size-full\" src=\"https:\/\/coeser.de\/blog\/wp-content\/uploads\/2017\/05\/gruener-see-tragoess-gal07-christian-oeser.jpg\" alt=\"Unterirdische Quellen am Gr\u00fcnen See Trag\u00f6\u00df\" width=\"960\" height=\"640\" srcset=\"https:\/\/coeser.de\/blog\/wp-content\/uploads\/2017\/05\/gruener-see-tragoess-gal07-christian-oeser.jpg 960w, https:\/\/coeser.de\/blog\/wp-content\/uploads\/2017\/05\/gruener-see-tragoess-gal07-christian-oeser-300x200.jpg 300w, https:\/\/coeser.de\/blog\/wp-content\/uploads\/2017\/05\/gruener-see-tragoess-gal07-christian-oeser-768x512.jpg 768w, https:\/\/coeser.de\/blog\/wp-content\/uploads\/2017\/05\/gruener-see-tragoess-gal07-christian-oeser-330x220.jpg 330w\" sizes=\"auto, (max-width: 960px) 100vw, 960px\" \/><figcaption class=\"bigpicture-text\">\n<h2>Wasserzufluss aus unterirdischen Quellen<\/h2>\n<p>Folgt man dem (noch kleinen) Fluss hinter der Holzbr\u00fccke, bekommt man den Ursprung des Wasserzuflusses zu sehen. \u00dcber unterirdische Quellen str\u00f6mt das eiskalte Nass durch L\u00f6cher an die Oberfl\u00e4che und f\u00fcllt den Gr\u00fcnen See langsam, aber stetig.<br \/>\n<strong><a href=\"https:\/\/www.google.de\/maps\/place\/47.541633,15.053194\" target=\"_blank\" rel=\"noopener noreferrer\">Aufnahmeort anzeigen<\/a><\/strong><\/p>\n<\/figcaption><\/figure>\n<figure class=\"bigpicture\" style=\"width: 970px;\"><img loading=\"lazy\" decoding=\"async\" class=\"wp-image-3495 size-full\" src=\"https:\/\/coeser.de\/blog\/wp-content\/uploads\/2017\/05\/gruener-see-tragoess-gal08-christian-oeser.jpg\" alt=\"\u00dcberschwemmter Weg am Gr\u00fcnen See Trag\u00f6\u00df\" width=\"960\" height=\"640\" srcset=\"https:\/\/coeser.de\/blog\/wp-content\/uploads\/2017\/05\/gruener-see-tragoess-gal08-christian-oeser.jpg 960w, https:\/\/coeser.de\/blog\/wp-content\/uploads\/2017\/05\/gruener-see-tragoess-gal08-christian-oeser-300x200.jpg 300w, https:\/\/coeser.de\/blog\/wp-content\/uploads\/2017\/05\/gruener-see-tragoess-gal08-christian-oeser-768x512.jpg 768w, https:\/\/coeser.de\/blog\/wp-content\/uploads\/2017\/05\/gruener-see-tragoess-gal08-christian-oeser-330x220.jpg 330w\" sizes=\"auto, (max-width: 960px) 100vw, 960px\" \/><figcaption class=\"bigpicture-text\">\n<h2>Teils \u00fcberschwemmte Wege<\/h2>\n<p>Hier sieht man einen nahe am Wasser liegenden Weg, der an einigen Stellen bereits \u00fcberflutet ist. Noch ist es aber m\u00f6glich, au\u00dfen herum zu gehen.<br \/>\n<strong><a href=\"https:\/\/www.google.de\/maps\/place\/47.542776,15.056420\" target=\"_blank\" rel=\"noopener noreferrer\">Aufnahmeort anzeigen<\/a><\/strong><\/p>\n<\/figcaption><\/figure>\n<figure class=\"bigpicture\" style=\"width: 970px;\"><img loading=\"lazy\" decoding=\"async\" class=\"wp-image-3496 size-full\" src=\"https:\/\/coeser.de\/blog\/wp-content\/uploads\/2017\/05\/gruener-see-tragoess-gal09-christian-oeser.jpg\" alt=\"\u00dcberschwemmte Bank im Gr\u00fcnen See Trag\u00f6\u00df\" width=\"960\" height=\"640\" srcset=\"https:\/\/coeser.de\/blog\/wp-content\/uploads\/2017\/05\/gruener-see-tragoess-gal09-christian-oeser.jpg 960w, https:\/\/coeser.de\/blog\/wp-content\/uploads\/2017\/05\/gruener-see-tragoess-gal09-christian-oeser-300x200.jpg 300w, https:\/\/coeser.de\/blog\/wp-content\/uploads\/2017\/05\/gruener-see-tragoess-gal09-christian-oeser-768x512.jpg 768w, https:\/\/coeser.de\/blog\/wp-content\/uploads\/2017\/05\/gruener-see-tragoess-gal09-christian-oeser-330x220.jpg 330w\" sizes=\"auto, (max-width: 960px) 100vw, 960px\" \/><figcaption class=\"bigpicture-text\">\n<h2>Bank unter Wasser<\/h2>\n<p>Diese Bank auf einer kleinen Insel mitten im See ist schon zu Beginn der Schneeschmelze nicht mehr erreichbar. Auch wenn die Wassertiefe auf dem Foto gering erscheint, ist ein Durchwaten zur Insel nicht m\u00f6glich.<br \/>\n<strong><a href=\"https:\/\/www.google.de\/maps\/place\/47.542916,15.056302\" target=\"_blank\" rel=\"noopener noreferrer\">Aufnahmeort anzeigen<\/a><\/strong><\/p>\n<\/figcaption><\/figure>\n<figure class=\"bigpicture\" style=\"width: 970px;\"><img loading=\"lazy\" decoding=\"async\" class=\"wp-image-3497 size-full\" src=\"https:\/\/coeser.de\/blog\/wp-content\/uploads\/2017\/05\/gruener-see-tragoess-gal10-christian-oeser.jpg\" alt=\"Fotos vom Gr\u00fcnen See Trag\u00f6\u00df\" width=\"960\" height=\"640\" srcset=\"https:\/\/coeser.de\/blog\/wp-content\/uploads\/2017\/05\/gruener-see-tragoess-gal10-christian-oeser.jpg 960w, https:\/\/coeser.de\/blog\/wp-content\/uploads\/2017\/05\/gruener-see-tragoess-gal10-christian-oeser-300x200.jpg 300w, https:\/\/coeser.de\/blog\/wp-content\/uploads\/2017\/05\/gruener-see-tragoess-gal10-christian-oeser-768x512.jpg 768w, https:\/\/coeser.de\/blog\/wp-content\/uploads\/2017\/05\/gruener-see-tragoess-gal10-christian-oeser-330x220.jpg 330w\" sizes=\"auto, (max-width: 960px) 100vw, 960px\" \/><figcaption class=\"bigpicture-text\">\n<h2>Herrliche Zeit am Gr\u00fcnen See<\/h2>\n<p><em>Bild links oben<\/em>: Entlang der Wege zahlt es sich aus, einmal innezuhalten und die riesigen Hummeln aus der N\u00e4he zu beobachten. <em>Bild links unten<\/em>: Nutzt die B\u00e4nke entlang des Sees und lasst einfach einmal die Szenerie auf euch wirken! <em>Bild rechts<\/em>: Diesen Blick auf die Sonne, die durch einen Baum durchblinzelt, konnte ich direkt von der Parkbank aus genie\u00dfen.<br \/>\nBild links oben: <strong><a href=\"https:\/\/www.google.de\/maps\/place\/47.542725,15.056521\" target=\"_blank\" rel=\"noopener noreferrer\">Aufnahmeort anzeigen<\/a><\/strong><br \/>\nBild links unten: <strong><a href=\"https:\/\/www.google.de\/maps\/place\/47.543953,15.057939\" target=\"_blank\" rel=\"noopener noreferrer\">Aufnahmeort anzeigen<\/a><\/strong><br \/>\nBild rechts: <strong><a href=\"https:\/\/www.google.de\/maps\/place\/47.543953,15.057939\" target=\"_blank\" rel=\"noopener noreferrer\">Aufnahmeort anzeigen<\/a><\/strong><\/p>\n<\/figcaption><\/figure>\n<figure class=\"bigpicture\" style=\"width: 970px;\"><img loading=\"lazy\" decoding=\"async\" class=\"wp-image-3498 size-full\" src=\"https:\/\/coeser.de\/blog\/wp-content\/uploads\/2017\/05\/gruener-see-tragoess-gal11-christian-oeser.jpg\" alt=\"Touristen sitzen am Ufer des Gr\u00fcnen Sees Trag\u00f6\u00df\" width=\"960\" height=\"640\" srcset=\"https:\/\/coeser.de\/blog\/wp-content\/uploads\/2017\/05\/gruener-see-tragoess-gal11-christian-oeser.jpg 960w, https:\/\/coeser.de\/blog\/wp-content\/uploads\/2017\/05\/gruener-see-tragoess-gal11-christian-oeser-300x200.jpg 300w, https:\/\/coeser.de\/blog\/wp-content\/uploads\/2017\/05\/gruener-see-tragoess-gal11-christian-oeser-768x512.jpg 768w, https:\/\/coeser.de\/blog\/wp-content\/uploads\/2017\/05\/gruener-see-tragoess-gal11-christian-oeser-330x220.jpg 330w\" sizes=\"auto, (max-width: 960px) 100vw, 960px\" \/><figcaption class=\"bigpicture-text\">\n<h2>Die &#8222;Karibik der Alpen&#8220;<\/h2>\n<p>Solange noch nicht alles \u00fcberflutet ist, l\u00e4sst es sich am Ufer gem\u00fctlich aushalten und die \u201eKaribik der Alpen\u201c zu genie\u00dfen.<br \/>\n<strong><a href=\"https:\/\/www.google.de\/maps\/place\/47.543564,15.056717\" target=\"_blank\" rel=\"noopener noreferrer\">Aufnahmeort anzeigen<\/a><\/strong><\/p>\n<\/figcaption><\/figure>\n<figure class=\"bigpicture\" style=\"width: 970px;\"><img loading=\"lazy\" decoding=\"async\" class=\"wp-image-3499 size-full\" src=\"https:\/\/coeser.de\/blog\/wp-content\/uploads\/2017\/05\/gruener-see-tragoess-gal12-christian-oeser.jpg\" alt=\"Sonne scheint durch B\u00e4ume am Gr\u00fcnen See Trag\u00f6\u00df\" width=\"960\" height=\"640\" srcset=\"https:\/\/coeser.de\/blog\/wp-content\/uploads\/2017\/05\/gruener-see-tragoess-gal12-christian-oeser.jpg 960w, https:\/\/coeser.de\/blog\/wp-content\/uploads\/2017\/05\/gruener-see-tragoess-gal12-christian-oeser-300x200.jpg 300w, https:\/\/coeser.de\/blog\/wp-content\/uploads\/2017\/05\/gruener-see-tragoess-gal12-christian-oeser-768x512.jpg 768w, https:\/\/coeser.de\/blog\/wp-content\/uploads\/2017\/05\/gruener-see-tragoess-gal12-christian-oeser-330x220.jpg 330w\" sizes=\"auto, (max-width: 960px) 100vw, 960px\" \/><figcaption class=\"bigpicture-text\">\n<h2>Attraktiver Blick in den Wald<\/h2>\n<p>Gegen Ende des Tages muss sich die Sonne schon durch den dichten Wald k\u00e4mpfen, um den See zu erreichen.<br \/>\n<strong><a href=\"https:\/\/www.google.de\/maps\/place\/47.541102,15.055047\" target=\"_blank\" rel=\"noopener noreferrer\">Aufnahmeort anzeigen<\/a><\/strong><\/p>\n<\/figcaption><\/figure>\n<figure class=\"bigpicture\" style=\"width: 970px;\"><img loading=\"lazy\" decoding=\"async\" class=\"wp-image-3500 size-full\" src=\"https:\/\/coeser.de\/blog\/wp-content\/uploads\/2017\/05\/gruener-see-tragoess-gal13-christian-oeser.jpg\" alt=\"Panorama Gr\u00fcner See Trag\u00f6\u00df\" width=\"960\" height=\"413\" srcset=\"https:\/\/coeser.de\/blog\/wp-content\/uploads\/2017\/05\/gruener-see-tragoess-gal13-christian-oeser.jpg 960w, https:\/\/coeser.de\/blog\/wp-content\/uploads\/2017\/05\/gruener-see-tragoess-gal13-christian-oeser-300x129.jpg 300w, https:\/\/coeser.de\/blog\/wp-content\/uploads\/2017\/05\/gruener-see-tragoess-gal13-christian-oeser-768x330.jpg 768w\" sizes=\"auto, (max-width: 960px) 100vw, 960px\" \/><figcaption class=\"bigpicture-text\">\n<h2>Panorama des Wasserzuflusses in den Gr\u00fcnen See<\/h2>\n<p>Dieses Panorama zeigt den Zufluss der unterirdischen Quellen (vorne) zum Gr\u00fcnen See (hinten).<br \/>\n<strong><a href=\"https:\/\/www.google.de\/maps\/place\/47.541351,15.053456\" target=\"_blank\" rel=\"noopener noreferrer\">Aufnahmeort anzeigen<\/a><\/strong><\/p>\n<\/figcaption><\/figure>\n<figure class=\"bigpicture\" style=\"width: 970px;\"><img loading=\"lazy\" decoding=\"async\" class=\"wp-image-3501 size-full\" src=\"https:\/\/coeser.de\/blog\/wp-content\/uploads\/2017\/05\/gruener-see-tragoess-gal14-christian-oeser.jpg\" alt=\"Fotos vom Gr\u00fcnen See Trag\u00f6\u00df\" width=\"960\" height=\"640\" srcset=\"https:\/\/coeser.de\/blog\/wp-content\/uploads\/2017\/05\/gruener-see-tragoess-gal14-christian-oeser.jpg 960w, https:\/\/coeser.de\/blog\/wp-content\/uploads\/2017\/05\/gruener-see-tragoess-gal14-christian-oeser-300x200.jpg 300w, https:\/\/coeser.de\/blog\/wp-content\/uploads\/2017\/05\/gruener-see-tragoess-gal14-christian-oeser-768x512.jpg 768w, https:\/\/coeser.de\/blog\/wp-content\/uploads\/2017\/05\/gruener-see-tragoess-gal14-christian-oeser-330x220.jpg 330w\" sizes=\"auto, (max-width: 960px) 100vw, 960px\" \/><figcaption class=\"bigpicture-text\">\n<h2>Letzte Blicke zur\u00fcck auf den Gr\u00fcnen See<\/h2>\n<p><em>Bild links<\/em>: Die durch die B\u00e4ume kommenden Sonnenstrahlen erzeugen ein ganz besonderes Licht im dichten Wald. <em>Bild rechts<\/em>: Der Blick auf den Gr\u00fcnen See vom s\u00fcdlichen Ende aus, wo auch der <em>Gasthof Seehof<\/em> liegt.<br \/>\nBild links: <strong><a href=\"https:\/\/www.google.de\/maps\/place\/47.542805,15.056980\" target=\"_blank\" rel=\"noopener noreferrer\">Aufnahmeort anzeigen<\/a><\/strong><br \/>\nBild rechts: <strong><a href=\"https:\/\/www.google.de\/maps\/place\/47.541105,15.055964\" target=\"_blank\" rel=\"noopener noreferrer\">Aufnahmeort anzeigen<\/a><\/strong><\/p>\n<\/figcaption><\/figure>\n<hr \/>\n<h2><img loading=\"lazy\" decoding=\"async\" class=\"alignnone size-full wp-image-18624\" src=\"https:\/\/coeser.de\/blog\/wp-content\/uploads\/2017\/05\/gruener-see-tragoess-aufmacher2-pfarrerteich-christian-oeser.jpg\" alt=\"Gr\u00fcner See: Pfarrerteich in der Steiermark\" width=\"970\" height=\"323\" srcset=\"https:\/\/coeser.de\/blog\/wp-content\/uploads\/2017\/05\/gruener-see-tragoess-aufmacher2-pfarrerteich-christian-oeser.jpg 970w, https:\/\/coeser.de\/blog\/wp-content\/uploads\/2017\/05\/gruener-see-tragoess-aufmacher2-pfarrerteich-christian-oeser-768x256.jpg 768w\" sizes=\"auto, (max-width: 970px) 100vw, 970px\" \/><\/h2>\n<h2>Gr\u00fcner See: Kreuzteich und Pfarrerteich als Bonus<\/h2>\n<p>Das Tolle am Gr\u00fcnen See ist, dass man neben der Hauptattraktion auch noch zwei weitere Gew\u00e4sser als Draufgabe bekommt: den <strong>Pfarrerteich<\/strong> und den <strong>Kreuzteich<\/strong>. Beide Teiche sind wunderbar anzusehen und weitaus idyllischer, da sich die Masse an Besuchern auf den Gr\u00fcnen See konzentriert. Ich empfehle euch, die beiden kleinen Seen am Ende eures Ausflugs anzusteuern, da sie auch etwas Zeit in Anspruch nehmen und man eventuell den Gr\u00fcnen See nicht mehr so genie\u00dfen kann, wenn man bereits etwas m\u00fcde vom Rundgang um die vorgelagerten Teiche ankommt. Vom Parkplatz sind die Orte jedenfalls in nur wenigen Minuten erreicht, wobei der Kreuzteich einen kleinen Umweg erfordert. Daf\u00fcr empf\u00e4ngt euch dort ein wildromantischer, von Moosen und B\u00e4umen umringter Fluss, der im Teich m\u00fcndet und auch ein kleines M\u00fchlrad antreibt.<\/p>\n<h3>Ein wildromantischer Ort<\/h3>\n<p>Rund um den See gibt es immer wieder M\u00f6glichkeiten, sich auf einer Bank hinzusetzen und die Ruhe aufzusaugen. F\u00fcr Fotografen wurde sogar ein eigener Vorsprung in den See gebaut, von dem aus sich die Berge im Wasser herrlich spiegeln. Im Gegensatz dazu wirkt der Pfarrerteich weitaus weniger spannend, aber nicht weniger interessant. Auffallend ist dort vor allen ein schiefer, optisch in den Teich hineinkippender Baum, der dem Ort einen besonderen Charakter verleiht. Folgt man nicht der Forststra\u00dfe, sondern dem kleinen Weg in den Wald hinein, wird man mit gro\u00dfartigen Fotomotiven belohnt!<\/p>\n<figure class=\"bigpicture\" style=\"width: 970px;\"><img loading=\"lazy\" decoding=\"async\" class=\"wp-image-3502 size-full\" src=\"https:\/\/coeser.de\/blog\/wp-content\/uploads\/2017\/05\/gruener-see-tragoess-kreuzteich-gal01-christian-oeser.jpg\" alt=\"Der Kreuzteich unweit des Gr\u00fcnen Sees\" width=\"960\" height=\"640\" srcset=\"https:\/\/coeser.de\/blog\/wp-content\/uploads\/2017\/05\/gruener-see-tragoess-kreuzteich-gal01-christian-oeser.jpg 960w, https:\/\/coeser.de\/blog\/wp-content\/uploads\/2017\/05\/gruener-see-tragoess-kreuzteich-gal01-christian-oeser-300x200.jpg 300w, https:\/\/coeser.de\/blog\/wp-content\/uploads\/2017\/05\/gruener-see-tragoess-kreuzteich-gal01-christian-oeser-768x512.jpg 768w, https:\/\/coeser.de\/blog\/wp-content\/uploads\/2017\/05\/gruener-see-tragoess-kreuzteich-gal01-christian-oeser-330x220.jpg 330w\" sizes=\"auto, (max-width: 960px) 100vw, 960px\" \/><figcaption class=\"bigpicture-text\">\n<h2>Der Kreuzteich unweit des Gr\u00fcnen Sees<\/h2>\n<p>Der Kreuzteich ist nur unweit des Gr\u00fcnen Sees entfernt, aber nicht so im Fokus der Besucher und dementsprechend ruhiger.<br \/>\n<strong><a href=\"https:\/\/www.google.de\/maps\/place\/47.536935,15.062891\" target=\"_blank\" rel=\"noopener noreferrer\">Aufnahmeort anzeigen<\/a><\/strong><\/p>\n<\/figcaption><\/figure>\n<figure class=\"bigpicture\" style=\"width: 970px;\"><img loading=\"lazy\" decoding=\"async\" class=\"wp-image-3503 size-full\" src=\"https:\/\/coeser.de\/blog\/wp-content\/uploads\/2017\/05\/gruener-see-tragoess-kreuzteich-gal02-christian-oeser.jpg\" alt=\"Br\u00fccke beim Kreuzteich nahe des Gr\u00fcnen Sees\" width=\"960\" height=\"640\" srcset=\"https:\/\/coeser.de\/blog\/wp-content\/uploads\/2017\/05\/gruener-see-tragoess-kreuzteich-gal02-christian-oeser.jpg 960w, https:\/\/coeser.de\/blog\/wp-content\/uploads\/2017\/05\/gruener-see-tragoess-kreuzteich-gal02-christian-oeser-300x200.jpg 300w, https:\/\/coeser.de\/blog\/wp-content\/uploads\/2017\/05\/gruener-see-tragoess-kreuzteich-gal02-christian-oeser-768x512.jpg 768w, https:\/\/coeser.de\/blog\/wp-content\/uploads\/2017\/05\/gruener-see-tragoess-kreuzteich-gal02-christian-oeser-330x220.jpg 330w\" sizes=\"auto, (max-width: 960px) 100vw, 960px\" \/><figcaption class=\"bigpicture-text\">\n<h2>Wundervoller Waldweg zum Kreuzteich<\/h2>\n<p>Beim Rundgang um den Kreuzteich kommt man \u00fcber diese Br\u00fccke, die wildromantisch zwischen den B\u00e4umen liegt.<br \/>\n<strong><a href=\"https:\/\/www.google.de\/maps\/place\/47.537692,15.063180\" target=\"_blank\" rel=\"noopener noreferrer\">Aufnahmeort anzeigen<\/a><\/strong><\/p>\n<\/figcaption><\/figure>\n<figure class=\"bigpicture\" style=\"width: 970px;\"><img loading=\"lazy\" decoding=\"async\" class=\"wp-image-3504 size-full\" src=\"https:\/\/coeser.de\/blog\/wp-content\/uploads\/2017\/05\/gruener-see-tragoess-kreuzteich-gal03-christian-oeser.jpg\" alt=\"Kleiner Bach beim Kreuzteich nahe des Gr\u00fcnen Sees\" width=\"960\" height=\"640\" srcset=\"https:\/\/coeser.de\/blog\/wp-content\/uploads\/2017\/05\/gruener-see-tragoess-kreuzteich-gal03-christian-oeser.jpg 960w, https:\/\/coeser.de\/blog\/wp-content\/uploads\/2017\/05\/gruener-see-tragoess-kreuzteich-gal03-christian-oeser-300x200.jpg 300w, https:\/\/coeser.de\/blog\/wp-content\/uploads\/2017\/05\/gruener-see-tragoess-kreuzteich-gal03-christian-oeser-768x512.jpg 768w, https:\/\/coeser.de\/blog\/wp-content\/uploads\/2017\/05\/gruener-see-tragoess-kreuzteich-gal03-christian-oeser-330x220.jpg 330w\" sizes=\"auto, (max-width: 960px) 100vw, 960px\" \/><figcaption class=\"bigpicture-text\">\n<h2>Wildromantische Landschaft beim Kreuzteich<\/h2>\n<p>Ein schwacher, aber breiter Bach inmitten der Waldlandschaft. Die mit Moos bewachsenen Steine und der kleine Nadelbaum mitten im Bach erinnern an eine M\u00e4rchenwelt.<br \/>\n<strong><a href=\"https:\/\/www.google.de\/maps\/place\/47.537787,15.063161\" target=\"_blank\" rel=\"noopener noreferrer\">Aufnahmeort anzeigen<\/a><\/strong><\/p>\n<\/figcaption><\/figure>\n<figure class=\"bigpicture\" style=\"width: 970px;\"><img loading=\"lazy\" decoding=\"async\" class=\"wp-image-3505 size-full\" src=\"https:\/\/coeser.de\/blog\/wp-content\/uploads\/2017\/05\/gruener-see-tragoess-kreuzteich-gal04-christian-oeser.jpg\" alt=\"M\u00fchlrad am Kreuzteich nahe des Gr\u00fcnen Sees\" width=\"960\" height=\"640\" srcset=\"https:\/\/coeser.de\/blog\/wp-content\/uploads\/2017\/05\/gruener-see-tragoess-kreuzteich-gal04-christian-oeser.jpg 960w, https:\/\/coeser.de\/blog\/wp-content\/uploads\/2017\/05\/gruener-see-tragoess-kreuzteich-gal04-christian-oeser-300x200.jpg 300w, https:\/\/coeser.de\/blog\/wp-content\/uploads\/2017\/05\/gruener-see-tragoess-kreuzteich-gal04-christian-oeser-768x512.jpg 768w, https:\/\/coeser.de\/blog\/wp-content\/uploads\/2017\/05\/gruener-see-tragoess-kreuzteich-gal04-christian-oeser-330x220.jpg 330w\" sizes=\"auto, (max-width: 960px) 100vw, 960px\" \/><figcaption class=\"bigpicture-text\">\n<h2>Das M\u00fchlrad am Kreuzteich<\/h2>\n<p>Ein kleines, aber voll funktionierendes M\u00fchlrad am Kreuzteich, das vor allem Kinder begeistern wird.<br \/>\n<strong><a href=\"https:\/\/www.google.de\/maps\/place\/47.537765,15.062990\" target=\"_blank\" rel=\"noopener noreferrer\">Aufnahmeort anzeigen<\/a><\/strong><\/p>\n<\/figcaption><\/figure>\n<figure class=\"bigpicture\" style=\"width: 970px;\"><img loading=\"lazy\" decoding=\"async\" class=\"wp-image-3506 size-full\" src=\"https:\/\/coeser.de\/blog\/wp-content\/uploads\/2017\/05\/gruener-see-tragoess-kreuzteich-gal05-christian-oeser.jpg\" alt=\"Wanderweg beim Kreuzteich nahe des Gr\u00fcnen Sees\" width=\"960\" height=\"640\" srcset=\"https:\/\/coeser.de\/blog\/wp-content\/uploads\/2017\/05\/gruener-see-tragoess-kreuzteich-gal05-christian-oeser.jpg 960w, https:\/\/coeser.de\/blog\/wp-content\/uploads\/2017\/05\/gruener-see-tragoess-kreuzteich-gal05-christian-oeser-300x200.jpg 300w, https:\/\/coeser.de\/blog\/wp-content\/uploads\/2017\/05\/gruener-see-tragoess-kreuzteich-gal05-christian-oeser-768x512.jpg 768w, https:\/\/coeser.de\/blog\/wp-content\/uploads\/2017\/05\/gruener-see-tragoess-kreuzteich-gal05-christian-oeser-330x220.jpg 330w\" sizes=\"auto, (max-width: 960px) 100vw, 960px\" \/><figcaption class=\"bigpicture-text\">\n<h2>Der Duft der Nadelb\u00e4ume<\/h2>\n<p>Der Weg um den Kreuzteich schl\u00e4ngelt sich durch den Wald. Habt ihr beim Anblick dieses Bildes nicht auch sofort den Duft von Nadelb\u00e4umen und Str\u00e4uchern in der Nase? \ud83d\ude42<br \/>\n<strong><a href=\"https:\/\/www.google.de\/maps\/place\/47.537510,15.062844\" target=\"_blank\" rel=\"noopener noreferrer\">Aufnahmeort anzeigen<\/a><\/strong><\/p>\n<\/figcaption><\/figure>\n<figure class=\"bigpicture\" style=\"width: 970px;\"><img loading=\"lazy\" decoding=\"async\" class=\"wp-image-3507 size-full\" src=\"https:\/\/coeser.de\/blog\/wp-content\/uploads\/2017\/05\/gruener-see-tragoess-kreuzteich-gal06-christian-oeser.jpg\" alt=\"Gipfel des Pribitz spiegelt sich im Kreuzteich nahe des Gr\u00fcnen Sees\" width=\"960\" height=\"640\" srcset=\"https:\/\/coeser.de\/blog\/wp-content\/uploads\/2017\/05\/gruener-see-tragoess-kreuzteich-gal06-christian-oeser.jpg 960w, https:\/\/coeser.de\/blog\/wp-content\/uploads\/2017\/05\/gruener-see-tragoess-kreuzteich-gal06-christian-oeser-300x200.jpg 300w, https:\/\/coeser.de\/blog\/wp-content\/uploads\/2017\/05\/gruener-see-tragoess-kreuzteich-gal06-christian-oeser-768x512.jpg 768w, https:\/\/coeser.de\/blog\/wp-content\/uploads\/2017\/05\/gruener-see-tragoess-kreuzteich-gal06-christian-oeser-330x220.jpg 330w\" sizes=\"auto, (max-width: 960px) 100vw, 960px\" \/><figcaption class=\"bigpicture-text\">\n<h2>Der Gipfel des Pribitz<\/h2>\n<p>Der Gipfel des Pribitz spigelt sich im Nachmittagslicht fantastisch an der Wasseroberfl\u00e4che des Kreuzteichs.<br \/>\n<strong><a href=\"https:\/\/www.google.de\/maps\/place\/47.535754,15.062693\" target=\"_blank\" rel=\"noopener noreferrer\">Aufnahmeort anzeigen<\/a><\/strong><\/p>\n<\/figcaption><\/figure>\n<figure class=\"bigpicture\" style=\"width: 970px;\"><img loading=\"lazy\" decoding=\"async\" class=\"wp-image-3508 size-full\" src=\"https:\/\/coeser.de\/blog\/wp-content\/uploads\/2017\/05\/gruener-see-tragoess-kreuzteich-gal07-christian-oeser.jpg\" alt=\"Fotos vom Kreuzteich nahe des Gr\u00fcnen Sees\" width=\"960\" height=\"640\" srcset=\"https:\/\/coeser.de\/blog\/wp-content\/uploads\/2017\/05\/gruener-see-tragoess-kreuzteich-gal07-christian-oeser.jpg 960w, https:\/\/coeser.de\/blog\/wp-content\/uploads\/2017\/05\/gruener-see-tragoess-kreuzteich-gal07-christian-oeser-300x200.jpg 300w, https:\/\/coeser.de\/blog\/wp-content\/uploads\/2017\/05\/gruener-see-tragoess-kreuzteich-gal07-christian-oeser-768x512.jpg 768w, https:\/\/coeser.de\/blog\/wp-content\/uploads\/2017\/05\/gruener-see-tragoess-kreuzteich-gal07-christian-oeser-330x220.jpg 330w\" sizes=\"auto, (max-width: 960px) 100vw, 960px\" \/><figcaption class=\"bigpicture-text\">\n<h2>Ruhe und Kraft am Kreuzteich tanken<\/h2>\n<p>Diese beiden Bilder zeigen weitere Rastm\u00f6glichkeiten entlang des Kreuzteichs. Die Stille und Idylle machen es schwer, von diesem Ort wieder fortgehen zu wollen.<br \/>\nBild links: <strong><a href=\"https:\/\/www.google.de\/maps\/place\/47.537070,15.061429\" target=\"_blank\" rel=\"noopener noreferrer\">Aufnahmeort anzeigen<\/a><\/strong><br \/>\nBild rechts <strong><a href=\"https:\/\/www.google.de\/maps\/place\/47.537236,15.062666\" target=\"_blank\" rel=\"noopener noreferrer\">Aufnahmeort anzeigen<\/a><\/strong><\/p>\n<\/figcaption><\/figure>\n<figure class=\"bigpicture\" style=\"width: 970px;\"><img loading=\"lazy\" decoding=\"async\" class=\"wp-image-3509 size-full\" src=\"https:\/\/coeser.de\/blog\/wp-content\/uploads\/2017\/05\/gruener-see-tragoess-pfarrerteich-gal01-christian-oeser.jpg\" alt=\"Reflexion des Pribitz-Gipfels im Pfarrerteich nahe des Gr\u00fcnen Sees\" width=\"960\" height=\"640\" srcset=\"https:\/\/coeser.de\/blog\/wp-content\/uploads\/2017\/05\/gruener-see-tragoess-pfarrerteich-gal01-christian-oeser.jpg 960w, https:\/\/coeser.de\/blog\/wp-content\/uploads\/2017\/05\/gruener-see-tragoess-pfarrerteich-gal01-christian-oeser-300x200.jpg 300w, https:\/\/coeser.de\/blog\/wp-content\/uploads\/2017\/05\/gruener-see-tragoess-pfarrerteich-gal01-christian-oeser-768x512.jpg 768w, https:\/\/coeser.de\/blog\/wp-content\/uploads\/2017\/05\/gruener-see-tragoess-pfarrerteich-gal01-christian-oeser-330x220.jpg 330w\" sizes=\"auto, (max-width: 960px) 100vw, 960px\" \/><figcaption class=\"bigpicture-text\">\n<h2>Der Pribitz-Gipfel im Pfarrerteich<\/h2>\n<p>Der kleine Pfarrerteich unweit des Parkplatzes bietet wie der Kreuzteich eine perfekte Reflexion des Pribitz-Gipfels.<br \/>\n<strong><a href=\"https:\/\/www.google.de\/maps\/place\/47.537657,15.065370\" target=\"_blank\" rel=\"noopener noreferrer\">Aufnahmeort anzeigen<\/a><\/strong><\/p>\n<\/figcaption><\/figure>\n<figure class=\"bigpicture\" style=\"width: 970px;\"><img loading=\"lazy\" decoding=\"async\" class=\"wp-image-3510 size-full\" src=\"https:\/\/coeser.de\/blog\/wp-content\/uploads\/2017\/05\/gruener-see-tragoess-pfarrerteich-gal02-christian-oeser.jpg\" alt=\"Pfarrerteich nahe des Gr\u00fcnen Sees\" width=\"960\" height=\"640\" srcset=\"https:\/\/coeser.de\/blog\/wp-content\/uploads\/2017\/05\/gruener-see-tragoess-pfarrerteich-gal02-christian-oeser.jpg 960w, https:\/\/coeser.de\/blog\/wp-content\/uploads\/2017\/05\/gruener-see-tragoess-pfarrerteich-gal02-christian-oeser-300x200.jpg 300w, https:\/\/coeser.de\/blog\/wp-content\/uploads\/2017\/05\/gruener-see-tragoess-pfarrerteich-gal02-christian-oeser-768x512.jpg 768w, https:\/\/coeser.de\/blog\/wp-content\/uploads\/2017\/05\/gruener-see-tragoess-pfarrerteich-gal02-christian-oeser-330x220.jpg 330w\" sizes=\"auto, (max-width: 960px) 100vw, 960px\" \/><figcaption class=\"bigpicture-text\">\n<h2>Der Pfarrerteich als bildh\u00fcbsches Fotomotiv<\/h2>\n<p>Begibt man sich in den Wald am Ende des Pfarrerteichs, bekommt man diese kitschige Perspektive zu Gesicht.<br \/>\n<strong><a href=\"https:\/\/www.google.de\/maps\/place\/47.538323,15.064962\" target=\"_blank\" rel=\"noopener noreferrer\">Aufnahmeort anzeigen<\/a><\/strong><\/p>\n<\/figcaption><\/figure>\n<figure class=\"bigpicture\" style=\"width: 970px;\"><img loading=\"lazy\" decoding=\"async\" class=\"wp-image-3511 size-full\" src=\"https:\/\/coeser.de\/blog\/wp-content\/uploads\/2017\/05\/gruener-see-tragoess-pfarrerteich-gal03-christian-oeser.jpg\" alt=\"Pfarrerteich nahe des Gr\u00fcnen Sees\" width=\"960\" height=\"640\" srcset=\"https:\/\/coeser.de\/blog\/wp-content\/uploads\/2017\/05\/gruener-see-tragoess-pfarrerteich-gal03-christian-oeser.jpg 960w, https:\/\/coeser.de\/blog\/wp-content\/uploads\/2017\/05\/gruener-see-tragoess-pfarrerteich-gal03-christian-oeser-300x200.jpg 300w, https:\/\/coeser.de\/blog\/wp-content\/uploads\/2017\/05\/gruener-see-tragoess-pfarrerteich-gal03-christian-oeser-768x512.jpg 768w, https:\/\/coeser.de\/blog\/wp-content\/uploads\/2017\/05\/gruener-see-tragoess-pfarrerteich-gal03-christian-oeser-330x220.jpg 330w\" sizes=\"auto, (max-width: 960px) 100vw, 960px\" \/><figcaption class=\"bigpicture-text\">\n<h2>Ein schiefer Baum als Attraktion<\/h2>\n<p>Das Markenzeichen des Pfarrerteichs ist ganz klar der schief gewachsene Baum, der scheinbar in das Wasser zu kippen droht.<br \/>\n<strong><a href=\"https:\/\/www.google.de\/maps\/place\/47.538250,15.064773\" target=\"_blank\" rel=\"noopener noreferrer\">Aufnahmeort anzeigen<\/a><\/strong><\/p>\n<\/figcaption><\/figure>\n<figure class=\"bigpicture\" style=\"width: 970px;\"><img loading=\"lazy\" decoding=\"async\" class=\"wp-image-3512 size-full\" src=\"https:\/\/coeser.de\/blog\/wp-content\/uploads\/2017\/05\/gruener-see-tragoess-pfarrerteich-gal04-christian-oeser.jpg\" alt=\"Holzbr\u00fccke im Wald beim Pfarrerteich nahe des Gr\u00fcnen Sees\" width=\"960\" height=\"640\" srcset=\"https:\/\/coeser.de\/blog\/wp-content\/uploads\/2017\/05\/gruener-see-tragoess-pfarrerteich-gal04-christian-oeser.jpg 960w, https:\/\/coeser.de\/blog\/wp-content\/uploads\/2017\/05\/gruener-see-tragoess-pfarrerteich-gal04-christian-oeser-300x200.jpg 300w, https:\/\/coeser.de\/blog\/wp-content\/uploads\/2017\/05\/gruener-see-tragoess-pfarrerteich-gal04-christian-oeser-768x512.jpg 768w, https:\/\/coeser.de\/blog\/wp-content\/uploads\/2017\/05\/gruener-see-tragoess-pfarrerteich-gal04-christian-oeser-330x220.jpg 330w\" sizes=\"auto, (max-width: 960px) 100vw, 960px\" \/><figcaption class=\"bigpicture-text\">\n<h2>Holzbr\u00fccke beim Pfarrerteich<\/h2>\n<p>Folgt man im Wald dem Verlauf des Bachs in Richtung des Gr\u00fcnen Sees, kommt man an dieser fotogenen Holzbr\u00fccke vorbei.<br \/>\n<strong><a href=\"https:\/\/www.google.de\/maps\/place\/47.538526,15.065152\" target=\"_blank\" rel=\"noopener noreferrer\">Aufnahmeort anzeigen<\/a><\/strong><\/p>\n<\/figcaption><\/figure>\n<figure class=\"bigpicture\" style=\"width: 970px;\"><img loading=\"lazy\" decoding=\"async\" class=\"wp-image-3513 size-full\" src=\"https:\/\/coeser.de\/blog\/wp-content\/uploads\/2017\/05\/gruener-see-tragoess-pfarrerteich-gal05-christian-oeser.jpg\" alt=\"Waldweg zum Gr\u00fcnen See\" width=\"960\" height=\"640\" srcset=\"https:\/\/coeser.de\/blog\/wp-content\/uploads\/2017\/05\/gruener-see-tragoess-pfarrerteich-gal05-christian-oeser.jpg 960w, https:\/\/coeser.de\/blog\/wp-content\/uploads\/2017\/05\/gruener-see-tragoess-pfarrerteich-gal05-christian-oeser-300x200.jpg 300w, https:\/\/coeser.de\/blog\/wp-content\/uploads\/2017\/05\/gruener-see-tragoess-pfarrerteich-gal05-christian-oeser-768x512.jpg 768w, https:\/\/coeser.de\/blog\/wp-content\/uploads\/2017\/05\/gruener-see-tragoess-pfarrerteich-gal05-christian-oeser-330x220.jpg 330w\" sizes=\"auto, (max-width: 960px) 100vw, 960px\" \/><figcaption class=\"bigpicture-text\">\n<h2>Der Waldweg zur\u00fcck zum Gr\u00fcnen See<\/h2>\n<p>Der enge Wanderweg schl\u00e4ngelt sich durch diese Baumlandschaft bis zum Gr\u00fcnen See.<br \/>\n<strong><a href=\"https:\/\/www.google.de\/maps\/place\/47.539046,15.064569\" target=\"_blank\" rel=\"noopener noreferrer\">Aufnahmeort anzeigen<\/a><\/strong><\/p>\n<\/figcaption><\/figure>\n<hr \/>\n<div class=\"fazit\">\n<h2>FAZIT<\/h2>\n<p>Er ist zwar kein Geheimtipp mehr, aber das macht einen Ausflug zum Gr\u00fcnen See nicht weniger attraktiv. Sobald man nach einem kurzen Waldspaziergang durch die B\u00e4ume das smaragdgr\u00fcne Wasser entdeckt, ist man in der &#8222;Karibik der Alpen&#8220; angelangt. Ein Rundgang um den See offenbart immer wieder neue Farbspiele und tolle Pl\u00e4tze, an denen sich das umliegende Gebirge im Wasser reflektiert. Der Masse an Besuchern entgeht man am besten, indem man unter der Woche nach Trag\u00f6\u00df f\u00e4hrt. Nicht vergessen darf man einen Sprung zum vorgelagerten Kreuzteich und Pfarrerteich, die mit ihrer Idylle einen Tag in der Natur ideal abrunden und vollenden.<\/p>\n<\/div>\n<p>&nbsp;<\/p>\n<div style=\"display: none;\"><img loading=\"lazy\" decoding=\"async\" class=\"alignnone size-full wp-image-8263\" src=\"https:\/\/coeser.de\/blog\/wp-content\/uploads\/2017\/05\/gruener-see-p01-christian-oeser.jpg\" alt=\"Gr\u00fcner See: Erfahrungsbericht mit den besten Fotospots sowie allgemeinen Tipps und Restaurantempfehlungen.\" width=\"735\" height=\"1102\" srcset=\"https:\/\/coeser.de\/blog\/wp-content\/uploads\/2017\/05\/gruener-see-p01-christian-oeser.jpg 735w, https:\/\/coeser.de\/blog\/wp-content\/uploads\/2017\/05\/gruener-see-p01-christian-oeser-200x300.jpg 200w, https:\/\/coeser.de\/blog\/wp-content\/uploads\/2017\/05\/gruener-see-p01-christian-oeser-683x1024.jpg 683w\" sizes=\"auto, (max-width: 735px) 100vw, 735px\" \/><\/div>\n","protected":false},"excerpt":{"rendered":"<p>Einen sch\u00f6nen See in \u00d6sterreich zu finden ist keine Schwierigkeit, davon gibt es gl\u00fccklicherweise Dutzende im ganzen Land. Ein Gew\u00e4sser wie den Gr\u00fcnen See in der Steiermark bekommt man allerdings nicht alle Tage zu Gesicht. Zauberhaft eingerahmt von den umliegenden Bergen gl\u00e4nzt das Wasser in gr\u00fcn und t\u00fcrkis dem Besucher entgegen. Dass es sich um [&hellip;]<\/p>\n","protected":false},"author":1,"featured_media":3515,"comment_status":"open","ping_status":"open","sticky":false,"template":"","format":"standard","meta":{"_jetpack_memberships_contains_paid_content":false,"footnotes":""},"categories":[17],"tags":[25,11,12,128,131,56,23,130,41,68,129],"class_list":["post-3478","post","type-post","status-publish","format-standard","has-post-thumbnail","hentry","category-oesterreich","tag-ausflug","tag-fotospots","tag-fototipps","tag-gruener-see","tag-kreuzteich","tag-natur","tag-oesterreich","tag-pfarrerteich","tag-reisebericht","tag-reisefuehrer","tag-tragoess"],"yoast_head":"<!-- This site is optimized with the Yoast SEO plugin v27.5 - https:\/\/yoast.com\/product\/yoast-seo-wordpress\/ -->\n<title>Gr\u00fcner See: Magischer Ort in den Alpen<\/title>\n<meta name=\"description\" content=\"Gr\u00fcner See, Steiermark: Die besten Fotospots rund um den See mit Kreuzteich und Pfarrerteich plus Erfahrungen zum Wanderweg.\" \/>\n<meta name=\"robots\" content=\"index, follow, max-snippet:-1, max-image-preview:large, max-video-preview:-1\" \/>\n<link rel=\"canonical\" href=\"https:\/\/coeser.de\/blog\/index.php\/2017\/05\/30\/gruener-see-magischer-ort-in-den-alpen\/\" \/>\n<meta property=\"og:locale\" content=\"de_DE\" \/>\n<meta property=\"og:type\" content=\"article\" \/>\n<meta property=\"og:title\" content=\"Gr\u00fcner See: Magischer Ort in den Alpen\" \/>\n<meta property=\"og:description\" content=\"Gr\u00fcner See, Steiermark: Die besten Fotospots rund um den See mit Kreuzteich und Pfarrerteich plus Erfahrungen zum Wanderweg.\" \/>\n<meta property=\"og:url\" content=\"https:\/\/coeser.de\/blog\/index.php\/2017\/05\/30\/gruener-see-magischer-ort-in-den-alpen\/\" \/>\n<meta property=\"og:site_name\" content=\"fern &amp; nah - Reiseblog und Fotostories von Christian \u00d6ser\" \/>\n<meta property=\"article:publisher\" content=\"Christian \u00d6ser\" \/>\n<meta property=\"article:author\" content=\"Christian \u00d6ser\" \/>\n<meta property=\"article:published_time\" content=\"2017-05-30T05:00:45+00:00\" \/>\n<meta property=\"article:modified_time\" content=\"2025-06-02T14:37:09+00:00\" \/>\n<meta property=\"og:image\" content=\"https:\/\/coeser.de\/blog\/wp-content\/uploads\/2017\/05\/gruener-see-tragoess-aufmacher-christian-oeser.jpg\" \/>\n\t<meta property=\"og:image:width\" content=\"978\" \/>\n\t<meta property=\"og:image:height\" content=\"550\" \/>\n\t<meta property=\"og:image:type\" content=\"image\/jpeg\" \/>\n<meta name=\"author\" content=\"Christian \u00d6ser\" \/>\n<meta name=\"twitter:card\" content=\"summary_large_image\" \/>\n<meta name=\"twitter:label1\" content=\"Verfasst von\" \/>\n\t<meta name=\"twitter:data1\" content=\"Christian \u00d6ser\" \/>\n\t<meta name=\"twitter:label2\" content=\"Gesch\u00e4tzte Lesezeit\" \/>\n\t<meta name=\"twitter:data2\" content=\"16\u00a0Minuten\" \/>\n<script type=\"application\/ld+json\" class=\"yoast-schema-graph\">{\"@context\":\"https:\\\/\\\/schema.org\",\"@graph\":[{\"@type\":\"Article\",\"@id\":\"https:\\\/\\\/coeser.de\\\/blog\\\/index.php\\\/2017\\\/05\\\/30\\\/gruener-see-magischer-ort-in-den-alpen\\\/#article\",\"isPartOf\":{\"@id\":\"https:\\\/\\\/coeser.de\\\/blog\\\/index.php\\\/2017\\\/05\\\/30\\\/gruener-see-magischer-ort-in-den-alpen\\\/\"},\"author\":{\"name\":\"Christian \u00d6ser\",\"@id\":\"https:\\\/\\\/coeser.de\\\/blog\\\/#\\\/schema\\\/person\\\/fda1d253389076b2cadc3d47018cf315\"},\"headline\":\"Gr\u00fcner See: Magischer Ort in den Alpen\",\"datePublished\":\"2017-05-30T05:00:45+00:00\",\"dateModified\":\"2025-06-02T14:37:09+00:00\",\"mainEntityOfPage\":{\"@id\":\"https:\\\/\\\/coeser.de\\\/blog\\\/index.php\\\/2017\\\/05\\\/30\\\/gruener-see-magischer-ort-in-den-alpen\\\/\"},\"wordCount\":1914,\"commentCount\":11,\"publisher\":{\"@id\":\"https:\\\/\\\/coeser.de\\\/blog\\\/#\\\/schema\\\/person\\\/fda1d253389076b2cadc3d47018cf315\"},\"image\":{\"@id\":\"https:\\\/\\\/coeser.de\\\/blog\\\/index.php\\\/2017\\\/05\\\/30\\\/gruener-see-magischer-ort-in-den-alpen\\\/#primaryimage\"},\"thumbnailUrl\":\"https:\\\/\\\/coeser.de\\\/blog\\\/wp-content\\\/uploads\\\/2017\\\/05\\\/gruener-see-tragoess-aufmacher-christian-oeser.jpg\",\"keywords\":[\"Ausflug\",\"Fotospots\",\"Fototipps\",\"Gr\u00fcner See\",\"Kreuzteich\",\"Natur\",\"\u00d6sterreich\",\"Pfarrerteich\",\"Reisebericht\",\"Reisef\u00fchrer\",\"Trag\u00f6\u00df\"],\"articleSection\":[\"\u00d6STERREICH\"],\"inLanguage\":\"de\",\"potentialAction\":[{\"@type\":\"CommentAction\",\"name\":\"Comment\",\"target\":[\"https:\\\/\\\/coeser.de\\\/blog\\\/index.php\\\/2017\\\/05\\\/30\\\/gruener-see-magischer-ort-in-den-alpen\\\/#respond\"]}]},{\"@type\":\"WebPage\",\"@id\":\"https:\\\/\\\/coeser.de\\\/blog\\\/index.php\\\/2017\\\/05\\\/30\\\/gruener-see-magischer-ort-in-den-alpen\\\/\",\"url\":\"https:\\\/\\\/coeser.de\\\/blog\\\/index.php\\\/2017\\\/05\\\/30\\\/gruener-see-magischer-ort-in-den-alpen\\\/\",\"name\":\"Gr\u00fcner See: Magischer Ort in den Alpen\",\"isPartOf\":{\"@id\":\"https:\\\/\\\/coeser.de\\\/blog\\\/#website\"},\"primaryImageOfPage\":{\"@id\":\"https:\\\/\\\/coeser.de\\\/blog\\\/index.php\\\/2017\\\/05\\\/30\\\/gruener-see-magischer-ort-in-den-alpen\\\/#primaryimage\"},\"image\":{\"@id\":\"https:\\\/\\\/coeser.de\\\/blog\\\/index.php\\\/2017\\\/05\\\/30\\\/gruener-see-magischer-ort-in-den-alpen\\\/#primaryimage\"},\"thumbnailUrl\":\"https:\\\/\\\/coeser.de\\\/blog\\\/wp-content\\\/uploads\\\/2017\\\/05\\\/gruener-see-tragoess-aufmacher-christian-oeser.jpg\",\"datePublished\":\"2017-05-30T05:00:45+00:00\",\"dateModified\":\"2025-06-02T14:37:09+00:00\",\"description\":\"Gr\u00fcner See, Steiermark: Die besten Fotospots rund um den See mit Kreuzteich und Pfarrerteich plus Erfahrungen zum Wanderweg.\",\"breadcrumb\":{\"@id\":\"https:\\\/\\\/coeser.de\\\/blog\\\/index.php\\\/2017\\\/05\\\/30\\\/gruener-see-magischer-ort-in-den-alpen\\\/#breadcrumb\"},\"inLanguage\":\"de\",\"potentialAction\":[{\"@type\":\"ReadAction\",\"target\":[\"https:\\\/\\\/coeser.de\\\/blog\\\/index.php\\\/2017\\\/05\\\/30\\\/gruener-see-magischer-ort-in-den-alpen\\\/\"]}]},{\"@type\":\"ImageObject\",\"inLanguage\":\"de\",\"@id\":\"https:\\\/\\\/coeser.de\\\/blog\\\/index.php\\\/2017\\\/05\\\/30\\\/gruener-see-magischer-ort-in-den-alpen\\\/#primaryimage\",\"url\":\"https:\\\/\\\/coeser.de\\\/blog\\\/wp-content\\\/uploads\\\/2017\\\/05\\\/gruener-see-tragoess-aufmacher-christian-oeser.jpg\",\"contentUrl\":\"https:\\\/\\\/coeser.de\\\/blog\\\/wp-content\\\/uploads\\\/2017\\\/05\\\/gruener-see-tragoess-aufmacher-christian-oeser.jpg\",\"width\":978,\"height\":550},{\"@type\":\"BreadcrumbList\",\"@id\":\"https:\\\/\\\/coeser.de\\\/blog\\\/index.php\\\/2017\\\/05\\\/30\\\/gruener-see-magischer-ort-in-den-alpen\\\/#breadcrumb\",\"itemListElement\":[{\"@type\":\"ListItem\",\"position\":1,\"name\":\"Startseite\",\"item\":\"https:\\\/\\\/coeser.de\\\/blog\\\/\"},{\"@type\":\"ListItem\",\"position\":2,\"name\":\"Gr\u00fcner See: Magischer Ort in den Alpen\"}]},{\"@type\":\"WebSite\",\"@id\":\"https:\\\/\\\/coeser.de\\\/blog\\\/#website\",\"url\":\"https:\\\/\\\/coeser.de\\\/blog\\\/\",\"name\":\"fern &amp; nah - Reiseblog und Fotostories von Christian \u00d6ser\",\"description\":\"Reiseblog und Fotostories von Christian \u00d6ser\",\"publisher\":{\"@id\":\"https:\\\/\\\/coeser.de\\\/blog\\\/#\\\/schema\\\/person\\\/fda1d253389076b2cadc3d47018cf315\"},\"potentialAction\":[{\"@type\":\"SearchAction\",\"target\":{\"@type\":\"EntryPoint\",\"urlTemplate\":\"https:\\\/\\\/coeser.de\\\/blog\\\/?s={search_term_string}\"},\"query-input\":{\"@type\":\"PropertyValueSpecification\",\"valueRequired\":true,\"valueName\":\"search_term_string\"}}],\"inLanguage\":\"de\"},{\"@type\":[\"Person\",\"Organization\"],\"@id\":\"https:\\\/\\\/coeser.de\\\/blog\\\/#\\\/schema\\\/person\\\/fda1d253389076b2cadc3d47018cf315\",\"name\":\"Christian \u00d6ser\",\"image\":{\"@type\":\"ImageObject\",\"inLanguage\":\"de\",\"@id\":\"https:\\\/\\\/coeser.de\\\/blog\\\/wp-content\\\/uploads\\\/2016\\\/08\\\/logo-fern-und-nah-christian-oeser-4.jpg\",\"url\":\"https:\\\/\\\/coeser.de\\\/blog\\\/wp-content\\\/uploads\\\/2016\\\/08\\\/logo-fern-und-nah-christian-oeser-4.jpg\",\"contentUrl\":\"https:\\\/\\\/coeser.de\\\/blog\\\/wp-content\\\/uploads\\\/2016\\\/08\\\/logo-fern-und-nah-christian-oeser-4.jpg\",\"width\":1090,\"height\":245,\"caption\":\"Christian \u00d6ser\"},\"logo\":{\"@id\":\"https:\\\/\\\/coeser.de\\\/blog\\\/wp-content\\\/uploads\\\/2016\\\/08\\\/logo-fern-und-nah-christian-oeser-4.jpg\"},\"sameAs\":[\"http:\\\/\\\/www.coeser.de\",\"Christian \u00d6ser\",\"https:\\\/\\\/www.instagram.com\\\/coeser_de\\\/\",\"https:\\\/\\\/www.pinterest.at\\\/nightline5\\\/\"],\"url\":\"https:\\\/\\\/coeser.de\\\/blog\\\/index.php\\\/author\\\/coeser\\\/\"}]}<\/script>\n<!-- \/ Yoast SEO plugin. -->","yoast_head_json":{"title":"Gr\u00fcner See: Magischer Ort in den Alpen","description":"Gr\u00fcner See, Steiermark: Die besten Fotospots rund um den See mit Kreuzteich und Pfarrerteich plus Erfahrungen zum Wanderweg.","robots":{"index":"index","follow":"follow","max-snippet":"max-snippet:-1","max-image-preview":"max-image-preview:large","max-video-preview":"max-video-preview:-1"},"canonical":"https:\/\/coeser.de\/blog\/index.php\/2017\/05\/30\/gruener-see-magischer-ort-in-den-alpen\/","og_locale":"de_DE","og_type":"article","og_title":"Gr\u00fcner See: Magischer Ort in den Alpen","og_description":"Gr\u00fcner See, Steiermark: Die besten Fotospots rund um den See mit Kreuzteich und Pfarrerteich plus Erfahrungen zum Wanderweg.","og_url":"https:\/\/coeser.de\/blog\/index.php\/2017\/05\/30\/gruener-see-magischer-ort-in-den-alpen\/","og_site_name":"fern &amp; nah - Reiseblog und Fotostories von Christian \u00d6ser","article_publisher":"Christian \u00d6ser","article_author":"Christian \u00d6ser","article_published_time":"2017-05-30T05:00:45+00:00","article_modified_time":"2025-06-02T14:37:09+00:00","og_image":[{"width":978,"height":550,"url":"https:\/\/coeser.de\/blog\/wp-content\/uploads\/2017\/05\/gruener-see-tragoess-aufmacher-christian-oeser.jpg","type":"image\/jpeg"}],"author":"Christian \u00d6ser","twitter_card":"summary_large_image","twitter_misc":{"Verfasst von":"Christian \u00d6ser","Gesch\u00e4tzte Lesezeit":"16\u00a0Minuten"},"schema":{"@context":"https:\/\/schema.org","@graph":[{"@type":"Article","@id":"https:\/\/coeser.de\/blog\/index.php\/2017\/05\/30\/gruener-see-magischer-ort-in-den-alpen\/#article","isPartOf":{"@id":"https:\/\/coeser.de\/blog\/index.php\/2017\/05\/30\/gruener-see-magischer-ort-in-den-alpen\/"},"author":{"name":"Christian \u00d6ser","@id":"https:\/\/coeser.de\/blog\/#\/schema\/person\/fda1d253389076b2cadc3d47018cf315"},"headline":"Gr\u00fcner See: Magischer Ort in den Alpen","datePublished":"2017-05-30T05:00:45+00:00","dateModified":"2025-06-02T14:37:09+00:00","mainEntityOfPage":{"@id":"https:\/\/coeser.de\/blog\/index.php\/2017\/05\/30\/gruener-see-magischer-ort-in-den-alpen\/"},"wordCount":1914,"commentCount":11,"publisher":{"@id":"https:\/\/coeser.de\/blog\/#\/schema\/person\/fda1d253389076b2cadc3d47018cf315"},"image":{"@id":"https:\/\/coeser.de\/blog\/index.php\/2017\/05\/30\/gruener-see-magischer-ort-in-den-alpen\/#primaryimage"},"thumbnailUrl":"https:\/\/coeser.de\/blog\/wp-content\/uploads\/2017\/05\/gruener-see-tragoess-aufmacher-christian-oeser.jpg","keywords":["Ausflug","Fotospots","Fototipps","Gr\u00fcner See","Kreuzteich","Natur","\u00d6sterreich","Pfarrerteich","Reisebericht","Reisef\u00fchrer","Trag\u00f6\u00df"],"articleSection":["\u00d6STERREICH"],"inLanguage":"de","potentialAction":[{"@type":"CommentAction","name":"Comment","target":["https:\/\/coeser.de\/blog\/index.php\/2017\/05\/30\/gruener-see-magischer-ort-in-den-alpen\/#respond"]}]},{"@type":"WebPage","@id":"https:\/\/coeser.de\/blog\/index.php\/2017\/05\/30\/gruener-see-magischer-ort-in-den-alpen\/","url":"https:\/\/coeser.de\/blog\/index.php\/2017\/05\/30\/gruener-see-magischer-ort-in-den-alpen\/","name":"Gr\u00fcner See: Magischer Ort in den Alpen","isPartOf":{"@id":"https:\/\/coeser.de\/blog\/#website"},"primaryImageOfPage":{"@id":"https:\/\/coeser.de\/blog\/index.php\/2017\/05\/30\/gruener-see-magischer-ort-in-den-alpen\/#primaryimage"},"image":{"@id":"https:\/\/coeser.de\/blog\/index.php\/2017\/05\/30\/gruener-see-magischer-ort-in-den-alpen\/#primaryimage"},"thumbnailUrl":"https:\/\/coeser.de\/blog\/wp-content\/uploads\/2017\/05\/gruener-see-tragoess-aufmacher-christian-oeser.jpg","datePublished":"2017-05-30T05:00:45+00:00","dateModified":"2025-06-02T14:37:09+00:00","description":"Gr\u00fcner See, Steiermark: Die besten Fotospots rund um den See mit Kreuzteich und Pfarrerteich plus Erfahrungen zum Wanderweg.","breadcrumb":{"@id":"https:\/\/coeser.de\/blog\/index.php\/2017\/05\/30\/gruener-see-magischer-ort-in-den-alpen\/#breadcrumb"},"inLanguage":"de","potentialAction":[{"@type":"ReadAction","target":["https:\/\/coeser.de\/blog\/index.php\/2017\/05\/30\/gruener-see-magischer-ort-in-den-alpen\/"]}]},{"@type":"ImageObject","inLanguage":"de","@id":"https:\/\/coeser.de\/blog\/index.php\/2017\/05\/30\/gruener-see-magischer-ort-in-den-alpen\/#primaryimage","url":"https:\/\/coeser.de\/blog\/wp-content\/uploads\/2017\/05\/gruener-see-tragoess-aufmacher-christian-oeser.jpg","contentUrl":"https:\/\/coeser.de\/blog\/wp-content\/uploads\/2017\/05\/gruener-see-tragoess-aufmacher-christian-oeser.jpg","width":978,"height":550},{"@type":"BreadcrumbList","@id":"https:\/\/coeser.de\/blog\/index.php\/2017\/05\/30\/gruener-see-magischer-ort-in-den-alpen\/#breadcrumb","itemListElement":[{"@type":"ListItem","position":1,"name":"Startseite","item":"https:\/\/coeser.de\/blog\/"},{"@type":"ListItem","position":2,"name":"Gr\u00fcner See: Magischer Ort in den Alpen"}]},{"@type":"WebSite","@id":"https:\/\/coeser.de\/blog\/#website","url":"https:\/\/coeser.de\/blog\/","name":"fern &amp; nah - Reiseblog und Fotostories von Christian \u00d6ser","description":"Reiseblog und Fotostories von Christian \u00d6ser","publisher":{"@id":"https:\/\/coeser.de\/blog\/#\/schema\/person\/fda1d253389076b2cadc3d47018cf315"},"potentialAction":[{"@type":"SearchAction","target":{"@type":"EntryPoint","urlTemplate":"https:\/\/coeser.de\/blog\/?s={search_term_string}"},"query-input":{"@type":"PropertyValueSpecification","valueRequired":true,"valueName":"search_term_string"}}],"inLanguage":"de"},{"@type":["Person","Organization"],"@id":"https:\/\/coeser.de\/blog\/#\/schema\/person\/fda1d253389076b2cadc3d47018cf315","name":"Christian \u00d6ser","image":{"@type":"ImageObject","inLanguage":"de","@id":"https:\/\/coeser.de\/blog\/wp-content\/uploads\/2016\/08\/logo-fern-und-nah-christian-oeser-4.jpg","url":"https:\/\/coeser.de\/blog\/wp-content\/uploads\/2016\/08\/logo-fern-und-nah-christian-oeser-4.jpg","contentUrl":"https:\/\/coeser.de\/blog\/wp-content\/uploads\/2016\/08\/logo-fern-und-nah-christian-oeser-4.jpg","width":1090,"height":245,"caption":"Christian \u00d6ser"},"logo":{"@id":"https:\/\/coeser.de\/blog\/wp-content\/uploads\/2016\/08\/logo-fern-und-nah-christian-oeser-4.jpg"},"sameAs":["http:\/\/www.coeser.de","Christian \u00d6ser","https:\/\/www.instagram.com\/coeser_de\/","https:\/\/www.pinterest.at\/nightline5\/"],"url":"https:\/\/coeser.de\/blog\/index.php\/author\/coeser\/"}]}},"jetpack_featured_media_url":"https:\/\/coeser.de\/blog\/wp-content\/uploads\/2017\/05\/gruener-see-tragoess-aufmacher-christian-oeser.jpg","jetpack-related-posts":[{"id":5700,"url":"https:\/\/coeser.de\/blog\/index.php\/2018\/01\/02\/das-war-mein-reisejahr-2017\/","url_meta":{"origin":3478,"position":0},"title":"Das war mein Reisejahr 2017","author":"Christian \u00d6ser","date":"2. Januar 2018","format":false,"excerpt":"Wieder einmal ist ein Jahr in gef\u00fchlter Windeseile vor\u00fcbergezogen, was nicht zuletzt an den zahlreichen Orten liegt, die ich mir angesehen und erkundet habe. In diesem Blogbeitrag blicke ich nochmals auf 2017 zur\u00fcck und gehe kurz alle Destinationen durch, wo ich zumindest eine Nacht verbracht habe oder die etwas weiter\u2026","rel":"","context":"In &quot;EUROPA&quot;","block_context":{"text":"EUROPA","link":"https:\/\/coeser.de\/blog\/index.php\/category\/europa\/"},"img":{"alt_text":"Reiseempfehlungen und Reiseinspirationen 2017","src":"https:\/\/i0.wp.com\/coeser.de\/blog\/wp-content\/uploads\/2017\/12\/reisejahr-2017-inspiration-aufmacher-christian-oeser.jpg?resize=350%2C200&ssl=1","width":350,"height":200,"srcset":"https:\/\/i0.wp.com\/coeser.de\/blog\/wp-content\/uploads\/2017\/12\/reisejahr-2017-inspiration-aufmacher-christian-oeser.jpg?resize=350%2C200&ssl=1 1x, https:\/\/i0.wp.com\/coeser.de\/blog\/wp-content\/uploads\/2017\/12\/reisejahr-2017-inspiration-aufmacher-christian-oeser.jpg?resize=525%2C300&ssl=1 1.5x, https:\/\/i0.wp.com\/coeser.de\/blog\/wp-content\/uploads\/2017\/12\/reisejahr-2017-inspiration-aufmacher-christian-oeser.jpg?resize=700%2C400&ssl=1 2x"},"classes":[]},{"id":13892,"url":"https:\/\/coeser.de\/blog\/index.php\/2019\/12\/31\/europa-26-grandiose-reiseideen-fuer-2020\/","url_meta":{"origin":3478,"position":1},"title":"Europa: 26 grandiose Reiseideen f\u00fcr 2020","author":"Christian \u00d6ser","date":"31. Dezember 2019","format":false,"excerpt":"Alle Jahre wieder neigt sich das aktuelle Jahr zu Ende. Doch jedes Ende ist auch ein Anfang \u2013 und zwar f\u00fcr den Start der zuk\u00fcnftigen Reiseplanungen! Wie sieht es bei euch aus, habt ihr schon jede Menge Reiseziele im Kopf, die ihr unbedingt bald einmal mit eigenen Augen sehen wollt?\u2026","rel":"","context":"In &quot;EUROPA&quot;","block_context":{"text":"EUROPA","link":"https:\/\/coeser.de\/blog\/index.php\/category\/europa\/"},"img":{"alt_text":"","src":"https:\/\/i0.wp.com\/coeser.de\/blog\/wp-content\/uploads\/2019\/12\/reisetipps-reiseinspiration-fotospots-2020-aufmacher-christian-oeser.jpg?resize=350%2C200&ssl=1","width":350,"height":200,"srcset":"https:\/\/i0.wp.com\/coeser.de\/blog\/wp-content\/uploads\/2019\/12\/reisetipps-reiseinspiration-fotospots-2020-aufmacher-christian-oeser.jpg?resize=350%2C200&ssl=1 1x, https:\/\/i0.wp.com\/coeser.de\/blog\/wp-content\/uploads\/2019\/12\/reisetipps-reiseinspiration-fotospots-2020-aufmacher-christian-oeser.jpg?resize=525%2C300&ssl=1 1.5x, https:\/\/i0.wp.com\/coeser.de\/blog\/wp-content\/uploads\/2019\/12\/reisetipps-reiseinspiration-fotospots-2020-aufmacher-christian-oeser.jpg?resize=700%2C400&ssl=1 2x"},"classes":[]},{"id":10259,"url":"https:\/\/coeser.de\/blog\/index.php\/2019\/01\/01\/europa-26-geniale-reiseziele-2019\/","url_meta":{"origin":3478,"position":2},"title":"Europa: 26 geniale Reiseziele f\u00fcr 2019","author":"Christian \u00d6ser","date":"1. Januar 2019","format":false,"excerpt":"Seid ihr so wie ich immer auf der Suche nach neuen Destinationen? Egal ob Ausfl\u00fcge, St\u00e4dtetrips oder Tagestouren \u2013 ich habe 26 Ideen f\u00fcr eure n\u00e4chste Reise in Europa! Alle meine Tipps habe ich im letzten Jahr zusammengesammelt und auch pers\u00f6nlich ausprobiert. Ihr bekommt also mit diesem Beitrag keine Theorie,\u2026","rel":"","context":"In &quot;EUROPA&quot;","block_context":{"text":"EUROPA","link":"https:\/\/coeser.de\/blog\/index.php\/category\/europa\/"},"img":{"alt_text":"","src":"https:\/\/i0.wp.com\/coeser.de\/blog\/wp-content\/uploads\/2018\/12\/reisetipps-reiseinspiration-fotospots-2018-aufmacher-christian-oeser.jpg?resize=350%2C200&ssl=1","width":350,"height":200,"srcset":"https:\/\/i0.wp.com\/coeser.de\/blog\/wp-content\/uploads\/2018\/12\/reisetipps-reiseinspiration-fotospots-2018-aufmacher-christian-oeser.jpg?resize=350%2C200&ssl=1 1x, https:\/\/i0.wp.com\/coeser.de\/blog\/wp-content\/uploads\/2018\/12\/reisetipps-reiseinspiration-fotospots-2018-aufmacher-christian-oeser.jpg?resize=525%2C300&ssl=1 1.5x, https:\/\/i0.wp.com\/coeser.de\/blog\/wp-content\/uploads\/2018\/12\/reisetipps-reiseinspiration-fotospots-2018-aufmacher-christian-oeser.jpg?resize=700%2C400&ssl=1 2x"},"classes":[]},{"id":2974,"url":"https:\/\/coeser.de\/blog\/index.php\/2017\/04\/18\/naturschauspiel-klaefferquelle\/","url_meta":{"origin":3478,"position":3},"title":"Naturschauspiel Kl\u00e4fferquelle","author":"Christian \u00d6ser","date":"18. April 2017","format":false,"excerpt":"Drehe ich in meiner Heimatstadt Wien den Wasserhahn auf, sprudelt mir sauberes Wasser entgegen, das unglaublich frisch und gut schmeckt. Kein Wunder, handelt es sich doch um kaltes, klares Wasser aus einer von vielen Quellen in Nieder\u00f6sterreich und der Steiermark. Eine dieser Quellen ist aber eine besondere: Die Kl\u00e4fferquelle in\u2026","rel":"","context":"In &quot;\u00d6STERREICH&quot;","block_context":{"text":"\u00d6STERREICH","link":"https:\/\/coeser.de\/blog\/index.php\/category\/europa\/oesterreich\/"},"img":{"alt_text":"Die Kl\u00e4fferquelle in Wildalpen","src":"https:\/\/i0.wp.com\/coeser.de\/blog\/wp-content\/uploads\/2017\/03\/klaefferquelle-aufmacher-christian-oeser.jpg?resize=350%2C200&ssl=1","width":350,"height":200,"srcset":"https:\/\/i0.wp.com\/coeser.de\/blog\/wp-content\/uploads\/2017\/03\/klaefferquelle-aufmacher-christian-oeser.jpg?resize=350%2C200&ssl=1 1x, https:\/\/i0.wp.com\/coeser.de\/blog\/wp-content\/uploads\/2017\/03\/klaefferquelle-aufmacher-christian-oeser.jpg?resize=525%2C300&ssl=1 1.5x, https:\/\/i0.wp.com\/coeser.de\/blog\/wp-content\/uploads\/2017\/03\/klaefferquelle-aufmacher-christian-oeser.jpg?resize=700%2C400&ssl=1 2x"},"classes":[]},{"id":17106,"url":"https:\/\/coeser.de\/blog\/index.php\/2021\/10\/05\/grosser-scheibelsee-himmlische-wanderung\/","url_meta":{"origin":3478,"position":4},"title":"Scheibelsee: Eine himmlische Wanderung","author":"Christian \u00d6ser","date":"5. Oktober 2021","format":false,"excerpt":"\"Dem Himmel ein St\u00fcck n\u00e4her\" \u2013 mit diesem einpr\u00e4gsamen Slogan wirbt die kleine \u00f6sterreichische Gemeinde Hohentauern in der Steiermark um G\u00e4ste. Meine Neugierde war jedenfalls geweckt und gemeinsam mit meiner Freundin machte ich mich auf den Weg ins Murtal, um uns vom Trubel der Gro\u00dfstadt zu erholen und neue Kraft\u2026","rel":"","context":"In &quot;\u00d6STERREICH&quot;","block_context":{"text":"\u00d6STERREICH","link":"https:\/\/coeser.de\/blog\/index.php\/category\/europa\/oesterreich\/"},"img":{"alt_text":"Holzbank am Gro\u00dfen Scheibelsee in Hohentauern","src":"https:\/\/i0.wp.com\/coeser.de\/blog\/wp-content\/uploads\/2021\/10\/hohentauern-scheibelsee-aufmacher-christian-oeser.jpg?resize=350%2C200&ssl=1","width":350,"height":200,"srcset":"https:\/\/i0.wp.com\/coeser.de\/blog\/wp-content\/uploads\/2021\/10\/hohentauern-scheibelsee-aufmacher-christian-oeser.jpg?resize=350%2C200&ssl=1 1x, https:\/\/i0.wp.com\/coeser.de\/blog\/wp-content\/uploads\/2021\/10\/hohentauern-scheibelsee-aufmacher-christian-oeser.jpg?resize=525%2C300&ssl=1 1.5x, https:\/\/i0.wp.com\/coeser.de\/blog\/wp-content\/uploads\/2021\/10\/hohentauern-scheibelsee-aufmacher-christian-oeser.jpg?resize=700%2C400&ssl=1 2x"},"classes":[]},{"id":1639,"url":"https:\/\/coeser.de\/blog\/index.php\/2016\/12\/27\/das-war-mein-reisejahr-2016\/","url_meta":{"origin":3478,"position":5},"title":"Das war mein Reisejahr 2016","author":"Christian \u00d6ser","date":"27. Dezember 2016","format":false,"excerpt":"Am Ende eines jeden Jahres blicke ich immer zur\u00fcck auf meine besuchten St\u00e4dte, Orte und Pl\u00e4tze. 2016 war nach l\u00e4ngerer Durststrecke wieder einmal ein recht starkes Reisejahr f\u00fcr mich, 19 Destinationen bleiben in meiner Erinnerung. In diesem Blogbeitrag gebe ich euch einen \u00dcberblick und ein kurzes R\u00e9sum\u00e9 zu jedem Ort.\u2026","rel":"","context":"In &quot;EUROPA&quot;","block_context":{"text":"EUROPA","link":"https:\/\/coeser.de\/blog\/index.php\/category\/europa\/"},"img":{"alt_text":"Fotos der Reisen 2016","src":"https:\/\/i0.wp.com\/coeser.de\/blog\/wp-content\/uploads\/2016\/12\/reisejahr-2016-aufmacher-christian-oeser.jpg?resize=350%2C200&ssl=1","width":350,"height":200,"srcset":"https:\/\/i0.wp.com\/coeser.de\/blog\/wp-content\/uploads\/2016\/12\/reisejahr-2016-aufmacher-christian-oeser.jpg?resize=350%2C200&ssl=1 1x, https:\/\/i0.wp.com\/coeser.de\/blog\/wp-content\/uploads\/2016\/12\/reisejahr-2016-aufmacher-christian-oeser.jpg?resize=525%2C300&ssl=1 1.5x, https:\/\/i0.wp.com\/coeser.de\/blog\/wp-content\/uploads\/2016\/12\/reisejahr-2016-aufmacher-christian-oeser.jpg?resize=700%2C400&ssl=1 2x"},"classes":[]}],"jetpack_sharing_enabled":true,"_links":{"self":[{"href":"https:\/\/coeser.de\/blog\/index.php\/wp-json\/wp\/v2\/posts\/3478","targetHints":{"allow":["GET"]}}],"collection":[{"href":"https:\/\/coeser.de\/blog\/index.php\/wp-json\/wp\/v2\/posts"}],"about":[{"href":"https:\/\/coeser.de\/blog\/index.php\/wp-json\/wp\/v2\/types\/post"}],"author":[{"embeddable":true,"href":"https:\/\/coeser.de\/blog\/index.php\/wp-json\/wp\/v2\/users\/1"}],"replies":[{"embeddable":true,"href":"https:\/\/coeser.de\/blog\/index.php\/wp-json\/wp\/v2\/comments?post=3478"}],"version-history":[{"count":2,"href":"https:\/\/coeser.de\/blog\/index.php\/wp-json\/wp\/v2\/posts\/3478\/revisions"}],"predecessor-version":[{"id":24280,"href":"https:\/\/coeser.de\/blog\/index.php\/wp-json\/wp\/v2\/posts\/3478\/revisions\/24280"}],"wp:featuredmedia":[{"embeddable":true,"href":"https:\/\/coeser.de\/blog\/index.php\/wp-json\/wp\/v2\/media\/3515"}],"wp:attachment":[{"href":"https:\/\/coeser.de\/blog\/index.php\/wp-json\/wp\/v2\/media?parent=3478"}],"wp:term":[{"taxonomy":"category","embeddable":true,"href":"https:\/\/coeser.de\/blog\/index.php\/wp-json\/wp\/v2\/categories?post=3478"},{"taxonomy":"post_tag","embeddable":true,"href":"https:\/\/coeser.de\/blog\/index.php\/wp-json\/wp\/v2\/tags?post=3478"}],"curies":[{"name":"wp","href":"https:\/\/api.w.org\/{rel}","templated":true}]}}