{"id":5032,"date":"2017-10-17T07:00:12","date_gmt":"2017-10-17T05:00:12","guid":{"rendered":"http:\/\/coeser.de\/blog\/?p=5032"},"modified":"2025-07-01T11:13:14","modified_gmt":"2025-07-01T09:13:14","slug":"der-raue-charme-von-glasgow","status":"publish","type":"post","link":"https:\/\/coeser.de\/blog\/index.php\/2017\/10\/17\/der-raue-charme-von-glasgow\/","title":{"rendered":"Der raue Charme von Glasgow"},"content":{"rendered":"<p><strong>Der Ruf von Schottlands bev\u00f6lkerungsreichster Stadt Glasgow ist nicht unbedingt der beste. Als ehemalige Industriestadt, die au\u00dfer Fabriken und einem Hafen nicht viel zu bieten hatte, denken wohl viele nicht daran, dort einige Tage zu verbringen. Doch der Schein tr\u00fcgt! Glasgow ver\u00e4ndert sich seit den 90er-Jahren sukzessive und mausert sich zu einem sehenswerten Ort. In diesem Artikel stelle ich euch alle Highlights aus einer wirklich spannenden Stadt vor!<\/strong><br \/>\n<!--more--><\/p>\n<hr \/>\n<div class=\"highlights\">\n<h3>DIE H\u00d6HEPUNKTE AUS GLASGOW IN DIESEM REISEBERICHT<\/h3>\n<p>Die wichtigsten Sehensw\u00fcrdigkeiten in der rau wirkenden, ehemaligen Industriestadt Glasgow<\/p>\n<p>Die beeindruckenden Jugendstil-Geb\u00e4ude von\u00a0Architekt Charles Rennie Mackintosh<\/p>\n<p>Zahlreiche kostenlose Museen mit spannenden Ausstellungen und prachtvollen Kultursch\u00e4tzen<\/p>\n<p>Detaillierte Informationen zu den nervigen Eigenheiten der \u00f6ffentlichen Verkehrsmittel in Glasgow<\/p>\n<p>Konkrete Tipps zu Pubs, Street Art, Ausfl\u00fcgen und weiteren Unternehmungen in und rund um Glasgow<\/p>\n<\/div>\n<p>&nbsp;<\/p>\n<p><em><span style=\"color: #0000ff;\">Dieser Artikel wurde zuletzt am 1. Juli 2025 aktualisiert.<\/span><\/em><\/p>\n\n<hr \/>\n<div class=\"fakten\">\n<h2>GLASGOW<\/h2>\n<h3>FAKTEN<\/h3>\n<p><strong>Aufenthalt: <\/strong>Anfang Juli (2 \u00dcbernachtungen)<br \/>\n<strong>Anreise: <\/strong>Mit easyJet vom Flughafen <em>Wien-Schwechat<\/em> nach <em>Edinburgh Airport<\/em> (2:30 h), danach direkte Weiterfahrt mit dem Citylink-Bus nach <em>Glasgow Buchanan Bus Station<\/em> (1:00 h)<\/p>\n<p><strong>Unterkunft: <a href=\"https:\/\/www.booking.com\/hotel\/gb\/citizenm-glasgow.de.html?aid=1634405\" target=\"_blank\" rel=\"noopener noreferrer\">citizenM Glasgow Hotel<\/a>*<\/strong> (<em>60 Renfrew St<\/em>): Neues und sehr trendiges Hotel unweit des Busbahnhofs. Gew\u00f6hnungsbed\u00fcrftiger Self-Check-in mit Unterst\u00fctzung von freundlichem Personal. Die Zimmer sind relativ klein, aber mit optimaler Raumaufteilung und sehr modernem Lichtkonzept. Mich hat der Raum etwas an ein Hostel-Zimmer f\u00fcr zwei Personen erinnert, allerdings weitaus sch\u00f6ner und bequemer. Das Bad ist eine Art Nasszelle mit WC und Dusche, trotzdem unglaublich komfortabel. Die Dusche selbst war traumhaft, dazu gibt es zwei verschiedene Shampoos f\u00fcr Tag- und Nachtmenschen, eine nette Idee! \u00dcber ein iPad steuert man alle elektronischen Ger\u00e4te im Zimmer wie Licht, TV oder die Rollo. Das kostenlose WLAN war schnell, dazu gibt es eine unglaublich riesige Anzahl an (auch aktuellen) Filmen. Das gro\u00dfe Fenster neben dem bequemen Bett lie\u00df sich leider nicht \u00f6ffnen, dazu konnte man auch die Klimaanlage nicht ausschalten. Zumindest gab es einen Vorhang vor der Klimaanlage, damit man im Bett nicht direkt vom Zug getroffen wird. Die Hotelbereiche sind sehr einladend, leider hatten wir keine Zeit f\u00fcr einen Besuch an der Bar. Das Fr\u00fchst\u00fcck haben wir nicht gebucht. F\u00fcr das Hotel gibt es von mir jedenfalls eine <strong>klare Weiterempfehlung<\/strong>.<\/p>\n<p><strong>Auf meiner bevorzugten Hotelsuchmaschine booking.com findest du weitere <a href=\"https:\/\/www.booking.com\/searchresults.de.html?city=-2597039&amp;aid=1634405&amp;no_rooms=1&amp;group_adults=1\" target=\"_blank\" rel=\"noopener\">sch\u00f6ne Unterk\u00fcnfte in Glasgow<\/a>*.<\/strong><\/p>\n<div id='gallery-1' class='gallery galleryid-5032 gallery-columns-7 gallery-size-thumbnail'><figure class='gallery-item'>\n\t\t\t<div class='gallery-icon landscape'>\n\t\t\t\t<a href='https:\/\/coeser.de\/blog\/wp-content\/uploads\/2017\/09\/schottland-reise-glasgow-citizenm-hotel-gal05-christian-oeser.jpg' title=\"Au\u00dfenansicht des citizenM Glasgow Hotel\" data-rl_title=\"Au\u00dfenansicht des citizenM Glasgow Hotel\" class=\"rl-gallery-link\" data-rl_caption=\"Aufnahmeort anzeigen\" data-rel=\"lightbox-gallery-1\"><img loading=\"lazy\" decoding=\"async\" width=\"150\" height=\"150\" src=\"https:\/\/coeser.de\/blog\/wp-content\/uploads\/2017\/09\/schottland-reise-glasgow-citizenm-hotel-gal05-christian-oeser-150x150.jpg\" class=\"attachment-thumbnail size-thumbnail\" alt=\"Au\u00dfenansicht des citizenM Glasgow Hotel\" aria-describedby=\"gallery-1-4718\" \/><\/a>\n\t\t\t<\/div>\n\t\t\t\t<figcaption class='wp-caption-text gallery-caption' id='gallery-1-4718'>\n\t\t\t\tAu\u00dfenansicht des citizenM Glasgow Hotel\n\t\t\t\t<\/figcaption><\/figure><figure class='gallery-item'>\n\t\t\t<div class='gallery-icon landscape'>\n\t\t\t\t<a href='https:\/\/coeser.de\/blog\/wp-content\/uploads\/2017\/09\/schottland-reise-glasgow-citizenm-hotel-gal01-christian-oeser.jpg' title=\"Doppelzimmer im citizenM Glasgow Hotel\" data-rl_title=\"Doppelzimmer im citizenM Glasgow Hotel\" class=\"rl-gallery-link\" data-rl_caption=\"Aufnahmeort anzeigen\" data-rel=\"lightbox-gallery-1\"><img loading=\"lazy\" decoding=\"async\" width=\"150\" height=\"150\" src=\"https:\/\/coeser.de\/blog\/wp-content\/uploads\/2017\/09\/schottland-reise-glasgow-citizenm-hotel-gal01-christian-oeser-150x150.jpg\" class=\"attachment-thumbnail size-thumbnail\" alt=\"Doppelzimmer im citizenM Glasgow Hotel\" aria-describedby=\"gallery-1-4715\" \/><\/a>\n\t\t\t<\/div>\n\t\t\t\t<figcaption class='wp-caption-text gallery-caption' id='gallery-1-4715'>\n\t\t\t\tDoppelzimmer im citizenM Glasgow Hotel\n\t\t\t\t<\/figcaption><\/figure><figure class='gallery-item'>\n\t\t\t<div class='gallery-icon landscape'>\n\t\t\t\t<a href='https:\/\/coeser.de\/blog\/wp-content\/uploads\/2017\/09\/schottland-reise-glasgow-citizenm-hotel-gal02-christian-oeser.jpg' title=\"Doppelzimmer im citizenM Glasgow Hotel\" data-rl_title=\"Doppelzimmer im citizenM Glasgow Hotel\" class=\"rl-gallery-link\" data-rl_caption=\"Aufnahmeort anzeigen\" data-rel=\"lightbox-gallery-1\"><img loading=\"lazy\" decoding=\"async\" width=\"150\" height=\"150\" src=\"https:\/\/coeser.de\/blog\/wp-content\/uploads\/2017\/09\/schottland-reise-glasgow-citizenm-hotel-gal02-christian-oeser-150x150.jpg\" class=\"attachment-thumbnail size-thumbnail\" alt=\"Doppelzimmer im citizenM Glasgow Hotel\" aria-describedby=\"gallery-1-4716\" \/><\/a>\n\t\t\t<\/div>\n\t\t\t\t<figcaption class='wp-caption-text gallery-caption' id='gallery-1-4716'>\n\t\t\t\tDoppelzimmer im citizenM Glasgow Hotel\n\t\t\t\t<\/figcaption><\/figure><figure class='gallery-item'>\n\t\t\t<div class='gallery-icon landscape'>\n\t\t\t\t<a href='https:\/\/coeser.de\/blog\/wp-content\/uploads\/2017\/09\/schottland-reise-glasgow-citizenm-hotel-gal03-christian-oeser.jpg' title=\"Doppelzimmer im citizenM Glasgow Hotel\" data-rl_title=\"Doppelzimmer im citizenM Glasgow Hotel\" class=\"rl-gallery-link\" data-rl_caption=\"Aufnahmeort anzeigen\" data-rel=\"lightbox-gallery-1\"><img loading=\"lazy\" decoding=\"async\" width=\"150\" height=\"150\" src=\"https:\/\/coeser.de\/blog\/wp-content\/uploads\/2017\/09\/schottland-reise-glasgow-citizenm-hotel-gal03-christian-oeser-150x150.jpg\" class=\"attachment-thumbnail size-thumbnail\" alt=\"Doppelzimmer im citizenM Glasgow Hotel\" aria-describedby=\"gallery-1-4719\" \/><\/a>\n\t\t\t<\/div>\n\t\t\t\t<figcaption class='wp-caption-text gallery-caption' id='gallery-1-4719'>\n\t\t\t\tDoppelzimmer im citizenM Glasgow Hotel\n\t\t\t\t<\/figcaption><\/figure><figure class='gallery-item'>\n\t\t\t<div class='gallery-icon portrait'>\n\t\t\t\t<a href='https:\/\/coeser.de\/blog\/wp-content\/uploads\/2017\/09\/schottland-reise-glasgow-citizenm-hotel-gal04-christian-oeser.jpg' title=\"Bad und WC im Doppelzimmer im citizenM Glasgow Hotel\" data-rl_title=\"Bad und WC im Doppelzimmer im citizenM Glasgow Hotel\" class=\"rl-gallery-link\" data-rl_caption=\"Aufnahmeort anzeigen\" data-rel=\"lightbox-gallery-1\"><img loading=\"lazy\" decoding=\"async\" width=\"150\" height=\"150\" src=\"https:\/\/coeser.de\/blog\/wp-content\/uploads\/2017\/09\/schottland-reise-glasgow-citizenm-hotel-gal04-christian-oeser-150x150.jpg\" class=\"attachment-thumbnail size-thumbnail\" alt=\"Bad und WC im Doppelzimmer im citizenM Glasgow Hotel\" aria-describedby=\"gallery-1-4717\" \/><\/a>\n\t\t\t<\/div>\n\t\t\t\t<figcaption class='wp-caption-text gallery-caption' id='gallery-1-4717'>\n\t\t\t\tBad und WC im Doppelzimmer im citizenM Glasgow Hotel\n\t\t\t\t<\/figcaption><\/figure>\n\t\t<\/div>\n\n<\/div>\n<div class=\"extern\">\n<h3>TRANSPARENZHINWEIS<\/h3>\n<p>*Die mit Stern gekennzeichneten Verweise in diesem Blogartikel sind sogenannte Affiliate-Links. Wenn dir mein Blogartikel bei der Planung deiner Reise geholfen hat, freue ich mich, wenn du \u00fcber diese Links deine Unterkunft oder Freizeitaktivit\u00e4ten buchst. Ich erhalte dadurch eine kleine Provision und du unterst\u00fctzt den Erhalt dieses Blogs. F\u00fcr dich entstehen dabei selbstverst\u00e4ndlich keine Nachteile. Vielen Dank! \ud83d\ude42<\/p>\n<\/div>\n<p>&nbsp;<\/p>\n<p><img loading=\"lazy\" decoding=\"async\" class=\"alignnone size-full wp-image-5167\" src=\"https:\/\/coeser.de\/blog\/wp-content\/uploads\/2017\/09\/glasgow-aufmacher1-people-make-glasgow-christian-oeser.jpg\" alt=\"People make Glasgow\" width=\"970\" height=\"323\" srcset=\"https:\/\/coeser.de\/blog\/wp-content\/uploads\/2017\/09\/glasgow-aufmacher1-people-make-glasgow-christian-oeser.jpg 970w, https:\/\/coeser.de\/blog\/wp-content\/uploads\/2017\/09\/glasgow-aufmacher1-people-make-glasgow-christian-oeser-300x100.jpg 300w, https:\/\/coeser.de\/blog\/wp-content\/uploads\/2017\/09\/glasgow-aufmacher1-people-make-glasgow-christian-oeser-768x256.jpg 768w\" sizes=\"auto, (max-width: 970px) 100vw, 970px\" \/><\/p>\n<h2>Glasgow: Harte Fassade, weicher Kern<\/h2>\n<p>Dass ich w\u00e4hrend meiner Schottland-Rundreise unbedingt Glasgow besichtigen will, stand f\u00fcr mich von Anfang an klipp und klar fest. Ich hatte zuvor schon mehrere Artikel gelesen, in denen die ehemalige Industriestadt in h\u00f6chsten T\u00f6nen gelobt wird und meine Erwartungen waren riesig. Den rauen Charme der alten Schwerindustrie hat sich die gr\u00f6\u00dfte Stadt Schottlands zweifellos bis heute behalten, was ich eigentlich nicht als negativ empfinde. Die Geb\u00e4ude der Innenstadt scheinen noch in der Vergangenheit zu stehen und wirken optisch gro\u00dfteils angestaubt.<\/p>\n<h3>D\u00fcster und nett zugleich<\/h3>\n<p>In den Einkaufsmeilen <em>Buchanan Street<\/em> und <em>Sauchiehall Street<\/em> herrscht unter der Woche reges Treiben und man sieht, dass die Stadt lebt. Die Innenstadt hat insgesamt einen positiven Eindruck auf mich hinterlassen, was sicherlich auch an den charakteristischen dunkelroten Sandsteinbauten liegt, die ich allgemein sehr mag. Obwohl Glasgow teilweise sehr d\u00fcster wirkt (sicher auch wegen des Wetters), war das Aufeinandertreffen mit den Einheimischen genau das Gegenteil \u2013 warmherzig und gegenseitiges Interesse!<\/p>\n<h3>Keine Skyline, aber viel Sehenswertes<\/h3>\n<p>\u00dcberblickt man die Stadt vom Aussichtspunkt \u201eThe Lighthouse\u201c, f\u00e4llt etwas auf, was ich noch in wenigen anderen St\u00e4dten gesehen habe. Glasgow weist keine Skyline auf, die man sich merkt. Es mangelt an T\u00fcrmen oder ikonischen Bauten, mit denen man die Silhouette der Stadt sofort assoziieren w\u00fcrde. Sehensw\u00fcrdigkeiten gibt es generell sehr viele, allerdings mit einem gro\u00dfen Problem f\u00fcr Kurzbesucher wie mich. Die spannenden Orte sind nicht alle in der Innenstadt zentriert, sondern verteilen sich \u00fcber ordentliche Distanzen.<\/p>\n<h3>\u00d6ffis als Schwachstelle<\/h3>\n<p>Es gibt zwar eine (im Kreis verkehrende) U-Bahn, doch auch mit dieser ergeben sich teils noch zus\u00e4tzliche Gehzeiten von 15-30 Minuten je nach Ziel. Gerne h\u00e4tte ich das dichte Bussystem genutzt, aber es war selbst mir als Vielfahrer im \u00f6ffentlichen Verkehr einfach zu kompliziert \u2013 mehr dazu in den Allgemeinen Tipps am Ende des Beitrags. Nun aber pr\u00e4sentiere ich euch die sch\u00f6nsten und interessantesten Punkte Glasgows und wie man sie am besten erreicht.<\/p>\n<hr \/>\n<div class=\"tipps zeilenhoehe\">\n<h2><img loading=\"lazy\" decoding=\"async\" class=\"alignnone size-full wp-image-5250\" src=\"https:\/\/coeser.de\/blog\/wp-content\/uploads\/2017\/09\/isle-of-skye-schottland-aufmacher3-elgol-christian-oeser.jpg\" alt=\"Sonnenuntergang am Strand von Elgol auf der Islye of Skye in Schottland\" width=\"970\" height=\"323\" srcset=\"https:\/\/coeser.de\/blog\/wp-content\/uploads\/2017\/09\/isle-of-skye-schottland-aufmacher3-elgol-christian-oeser.jpg 970w, https:\/\/coeser.de\/blog\/wp-content\/uploads\/2017\/09\/isle-of-skye-schottland-aufmacher3-elgol-christian-oeser-300x100.jpg 300w, https:\/\/coeser.de\/blog\/wp-content\/uploads\/2017\/09\/isle-of-skye-schottland-aufmacher3-elgol-christian-oeser-768x256.jpg 768w\" sizes=\"auto, (max-width: 970px) 100vw, 970px\" \/><\/h2>\n<h2>Alle Artikel zur Rundreise durch Schottland<\/h2>\n<p><strong><a href=\"https:\/\/coeser.de\/blog\/index.php\/2017\/09\/05\/14-tage-schottland-in-14-bildern\/\" target=\"_blank\" rel=\"noopener noreferrer\">14 Tage Schottland in 14 Bildern<\/a><\/strong><\/p>\n<p><a href=\"https:\/\/coeser.de\/blog\/index.php\/2017\/10\/10\/14-tage-schottland-zwischen-kultur-und-natur\/\" target=\"_blank\" rel=\"noopener noreferrer\"><strong>Rundreise Schottland: Zwischen Kultur und Natur<\/strong><\/a><\/p>\n<p><strong><a href=\"https:\/\/coeser.de\/blog\/index.php\/2017\/10\/31\/isle-of-skye-10-orte-die-du-sehen-musst\/\" target=\"_blank\" rel=\"noopener noreferrer\">Isle of Skye: 10 Orte, die du sehen musst<\/a><\/strong><\/p>\n<p><a href=\"https:\/\/coeser.de\/blog\/index.php\/2017\/11\/07\/edinburgh-eine-stadt-als-gesamtkunstwerk\/\" target=\"_blank\" rel=\"noopener noreferrer\"><strong>Edinburgh: Eine Stadt als Gesamtkunstwerk<\/strong><\/a><\/p>\n<p><a href=\"https:\/\/coeser.de\/blog\/index.php\/2017\/11\/21\/14-tage-schottland-planung-und-organisation\/\" target=\"_blank\" rel=\"noopener noreferrer\"><strong>14 Tage Schottland: Planung und Organisation<\/strong><\/a><\/p>\n<p><strong><a href=\"https:\/\/coeser.de\/blog\/index.php\/2019\/05\/21\/glasgow-vs-edinburgh-duell-auf-augenhoehe\/\" target=\"_blank\" rel=\"noopener noreferrer\">Glasgow vs. Edinburgh \u2013 Duell auf Augenh\u00f6he<\/a><\/strong><\/p>\n<p><a href=\"https:\/\/coeser.de\/blog\/index.php\/2020\/01\/14\/handa-island-paradies-der-voegel\/\" target=\"_blank\" rel=\"noopener noreferrer\"><strong>Handa Island: Paradies der V\u00f6gel<\/strong><\/a><\/p>\n<\/div>\n<p>&nbsp;<\/p>\n<hr \/>\n<h2><img loading=\"lazy\" decoding=\"async\" class=\"alignnone size-full wp-image-5185\" src=\"https:\/\/coeser.de\/blog\/wp-content\/uploads\/2017\/09\/glasgow-aufmacher6-mackintosh-christian-oeser.jpg\" alt=\"Floraler Jugendstil von Charles Rennie Mackintosh\" width=\"970\" height=\"323\" srcset=\"https:\/\/coeser.de\/blog\/wp-content\/uploads\/2017\/09\/glasgow-aufmacher6-mackintosh-christian-oeser.jpg 970w, https:\/\/coeser.de\/blog\/wp-content\/uploads\/2017\/09\/glasgow-aufmacher6-mackintosh-christian-oeser-300x100.jpg 300w, https:\/\/coeser.de\/blog\/wp-content\/uploads\/2017\/09\/glasgow-aufmacher6-mackintosh-christian-oeser-768x256.jpg 768w\" sizes=\"auto, (max-width: 970px) 100vw, 970px\" \/><\/h2>\n<h2>DIE SCH\u00d6NSTEN SEHENSW\u00dcRDIGKEITEN IN GLASGOW<\/h2>\n<h2>Der Jugendstil von\u00a0Charles Rennie Mackintosh<\/h2>\n<p>Ein Mann hat die Stadt gepr\u00e4gt wie kein anderer: <strong>Charles Rennie Mackintosh<\/strong>. Als Architekt, Innenarchitekt, Kunsthandwerker, Designer, Grafiker und Maler kann man ihn als wahren Wunderwuzzi bezeichnen. Er ist vor allem f\u00fcr seine Interpretation des britischen Jugendstils ber\u00fchmt und hat in Glasgow viele Spuren hinterlassen, die sich wie ein roter Faden \u00fcber die gesamte Stadt verteilen. Wenn ihr an Architektur und Kunst interessiert seid, dann findet ihr auf der Webseite <a href=\"https:\/\/www.crmsociety.com\/tours-events\/mackintosh-attractions\/\"><strong>crmsociety.com<\/strong><\/a> eine Liste mit Geb\u00e4uden, die entweder von Mackintosh entworfen wurden oder die Werke des K\u00fcnstlers ausstellen.<\/p>\n<h2>Glasgow School of Art<\/h2>\n<p>Ich habe mir vier Orte herausgesucht, die ich n\u00e4her ansehen wollte. Das bekannteste Bauwerk ist die <strong>Glasgow School of Art<\/strong> (<em>167 Renfrew Street<\/em>), deren Geb\u00e4ude 1897 bis 1909 erbaut wurde. Leider musste ich mich mit Bildern aus dem Internet begn\u00fcgen, denn vor Ort angekommen bot sich mir nur eine komplett einger\u00fcstete Fassade. Im Mai 2014 zerst\u00f6rte ein verheerendes Feuer gro\u00dfe Teile der Inneneinrichtung, darunter die ber\u00fchmte Bibliothek. Kurz vor dem Ende der Restaurierung brach im Juni 2018 erneut ein Gro\u00dfbrand aus und zerst\u00f6rte das Geb\u00e4ude ein zweites Mal. Es wird also noch Jahre dauern, bis hoffentlich wieder eine Besichtigung m\u00f6glich ist. Gegen\u00fcber befindet sich ein moderner Zubau, den ich nicht so spannend fand. Dort besteht aber die M\u00f6glichkeit, an einer 45-min\u00fctigen F\u00fchrung teilzunehmen, die von Studenten der Glasgow School of Art durchgef\u00fchrt wird. Ich habe das aus Zeitgr\u00fcnden nicht in Anspruch genommen, aber die Bewertungen im Internet lassen auf eine interessante Tour schlie\u00dfen.<\/p>\n<div class=\"fotospots\">\n<h3>Fotospots<\/h3>\n<div id='gallery-2' class='gallery galleryid-5032 gallery-columns-7 gallery-size-thumbnail'><figure class='gallery-item'>\n\t\t\t<div class='gallery-icon landscape'>\n\t\t\t\t<a href='https:\/\/coeser.de\/blog\/wp-content\/uploads\/2017\/09\/glasgow-mackintosh-school-of-art-gal02-christian-oeser.jpg' title=\"Eine Steinplatte mit der Aufschrift The Glasgow School of Art\" data-rl_title=\"Eine Steinplatte mit der Aufschrift The Glasgow School of Art\" class=\"rl-gallery-link\" data-rl_caption=\"Aufnahmeort anzeigen\" data-rel=\"lightbox-gallery-2\"><img loading=\"lazy\" decoding=\"async\" width=\"150\" height=\"150\" src=\"https:\/\/coeser.de\/blog\/wp-content\/uploads\/2017\/09\/glasgow-mackintosh-school-of-art-gal02-christian-oeser-150x150.jpg\" class=\"attachment-thumbnail size-thumbnail\" alt=\"Eine Steinplatte mit der Aufschrift The Glasgow School of Art\" aria-describedby=\"gallery-2-5137\" \/><\/a>\n\t\t\t<\/div>\n\t\t\t\t<figcaption class='wp-caption-text gallery-caption' id='gallery-2-5137'>\n\t\t\t\tEine Steinplatte mit der Aufschrift The Glasgow School of Art\n\t\t\t\t<\/figcaption><\/figure><figure class='gallery-item'>\n\t\t\t<div class='gallery-icon landscape'>\n\t\t\t\t<a href='https:\/\/coeser.de\/blog\/wp-content\/uploads\/2017\/09\/glasgow-mackintosh-school-of-art-gal03-christian-oeser.jpg' title=\"Rechts das einger\u00fcstete Geb\u00e4ude der Glasgow School of Art, links der moderne Zubau\" data-rl_title=\"Rechts das einger\u00fcstete Geb\u00e4ude der Glasgow School of Art, links der moderne Zubau\" class=\"rl-gallery-link\" data-rl_caption=\"Aufnahmeort anzeigen\" data-rel=\"lightbox-gallery-2\"><img loading=\"lazy\" decoding=\"async\" width=\"150\" height=\"150\" src=\"https:\/\/coeser.de\/blog\/wp-content\/uploads\/2017\/09\/glasgow-mackintosh-school-of-art-gal03-christian-oeser-150x150.jpg\" class=\"attachment-thumbnail size-thumbnail\" alt=\"Rechts das einger\u00fcstete Geb\u00e4ude der Glasgow School of Art, links der moderne Zubau\" aria-describedby=\"gallery-2-5138\" \/><\/a>\n\t\t\t<\/div>\n\t\t\t\t<figcaption class='wp-caption-text gallery-caption' id='gallery-2-5138'>\n\t\t\t\tRechts das einger\u00fcstete Geb\u00e4ude der Glasgow School of Art, links der moderne Zubau\n\t\t\t\t<\/figcaption><\/figure><figure class='gallery-item'>\n\t\t\t<div class='gallery-icon landscape'>\n\t\t\t\t<a href='https:\/\/coeser.de\/blog\/wp-content\/uploads\/2017\/09\/glasgow-mackintosh-school-of-art-gal01-christian-oeser.jpg' title=\"Ein Lichthof im modernen Zubau der Glasgow School of Art\" data-rl_title=\"Ein Lichthof im modernen Zubau der Glasgow School of Art\" class=\"rl-gallery-link\" data-rl_caption=\"Aufnahmeort anzeigen\" data-rel=\"lightbox-gallery-2\"><img loading=\"lazy\" decoding=\"async\" width=\"150\" height=\"150\" src=\"https:\/\/coeser.de\/blog\/wp-content\/uploads\/2017\/09\/glasgow-mackintosh-school-of-art-gal01-christian-oeser-150x150.jpg\" class=\"attachment-thumbnail size-thumbnail\" alt=\"Ein Lichthof im modernen Zubau der Glasgow School of Art\" aria-describedby=\"gallery-2-5136\" \/><\/a>\n\t\t\t<\/div>\n\t\t\t\t<figcaption class='wp-caption-text gallery-caption' id='gallery-2-5136'>\n\t\t\t\tEin Lichthof im modernen Zubau der Glasgow School of Art\n\t\t\t\t<\/figcaption><\/figure>\n\t\t<\/div>\n\n<\/div>\n<p>&nbsp;<\/p>\n<hr \/>\n<h2>House for an Art Lover in Glasgow<\/h2>\n<p>Ein gro\u00dfes Anliegen war mir weiters das <strong>House for an Art Lover<\/strong> (<em><span class=\"section-info-text\">Bellahouston Park, 10 Dumbreck Rd<\/span><\/em>) im Westen Glasgows. Dieses Geb\u00e4ude wurde von Mackintosh und seiner Frau 1901 f\u00fcr den Wettbewerb &#8222;Haus eines Kunstfreunds&#8220; in einer deutschen Zeitschrift entworfen. Doch erst 1989 bis 1996 sollte das Haus tats\u00e4chlich gebaut werden \u2013 die lange Bauzeit begr\u00fcndet sich durch einen zwischenzeitlichen Baustopp wegen finanzieller Engp\u00e4sse. Das faszinierende Bauwerk ist eingerahmt durch einen wundersch\u00f6nen Garten und besticht im Inneren durch die vielen floralen Jugendstilelemente. Eine Besichtigung kostet GBP 9,-, wobei ein Besuch wirklich gut geplant werden muss.<\/p>\n<h3>Kurze \u00d6ffnungszeiten<\/h3>\n<p>Das House for an Art Lover wird f\u00fcr sehr viele Hochzeiten sowie weitere Veranstaltungen genutzt und \u00f6ffnet seine Tore f\u00fcr Individualbesucher deshalb nur wenige Stunden pro Tag bzw. manchmal auch gar nicht. Die Eintrittszeiten werden auf der Webseite <strong><a href=\"https:\/\/www.houseforanartlover.co.uk\/\" target=\"_blank\" rel=\"noopener noreferrer\">houseforanartlover.co.uk<\/a><\/strong> immer nur f\u00fcr eine Woche im Voraus ver\u00f6ffentlicht, sodass ihr eine Besichtigung eigentlich nur spontan vor Ort planen k\u00f6nnt \u2013 es zahlt sich aber auf jeden Fall aus! Die Anreise ist leider m\u00fchsam: entweder fahrt ihr mit der Subway zur Station <em>Ibrox<\/em> und geht von dort noch gut 20 Minuten zu Fu\u00df oder ihr nehmt euch gleich ein Taxi, was fast die bessere Wahl ist.<\/p>\n<div class=\"fotospots\">\n<h3>Fotospots<\/h3>\n<div id='gallery-3' class='gallery galleryid-5032 gallery-columns-7 gallery-size-thumbnail'><figure class='gallery-item'>\n\t\t\t<div class='gallery-icon landscape'>\n\t\t\t\t<a href='https:\/\/coeser.de\/blog\/wp-content\/uploads\/2017\/09\/glasgow-mackintosh-house-for-an-art-lover-gal07-christian-oeser.jpg' title=\"Die Gartenanlage des House for an Art Lover\" data-rl_title=\"Die Gartenanlage des House for an Art Lover\" class=\"rl-gallery-link\" data-rl_caption=\"Aufnahmeort anzeigen\" data-rel=\"lightbox-gallery-3\"><img loading=\"lazy\" decoding=\"async\" width=\"150\" height=\"150\" src=\"https:\/\/coeser.de\/blog\/wp-content\/uploads\/2017\/09\/glasgow-mackintosh-house-for-an-art-lover-gal07-christian-oeser-150x150.jpg\" class=\"attachment-thumbnail size-thumbnail\" alt=\"Die Gartenanlage des House for an Art Lover\" aria-describedby=\"gallery-3-5100\" \/><\/a>\n\t\t\t<\/div>\n\t\t\t\t<figcaption class='wp-caption-text gallery-caption' id='gallery-3-5100'>\n\t\t\t\tDie Gartenanlage des House for an Art Lover\n\t\t\t\t<\/figcaption><\/figure><figure class='gallery-item'>\n\t\t\t<div class='gallery-icon landscape'>\n\t\t\t\t<a href='https:\/\/coeser.de\/blog\/wp-content\/uploads\/2017\/09\/glasgow-mackintosh-house-for-an-art-lover-gal01-christian-oeser.jpg' title=\"Inneneinrichtung des House for an Art Lover\" data-rl_title=\"Inneneinrichtung des House for an Art Lover\" class=\"rl-gallery-link\" data-rl_caption=\"Aufnahmeort anzeigen\" data-rel=\"lightbox-gallery-3\"><img loading=\"lazy\" decoding=\"async\" width=\"150\" height=\"150\" src=\"https:\/\/coeser.de\/blog\/wp-content\/uploads\/2017\/09\/glasgow-mackintosh-house-for-an-art-lover-gal01-christian-oeser-150x150.jpg\" class=\"attachment-thumbnail size-thumbnail\" alt=\"Inneneinrichtung des House for an Art Lover\" aria-describedby=\"gallery-3-5087\" \/><\/a>\n\t\t\t<\/div>\n\t\t\t\t<figcaption class='wp-caption-text gallery-caption' id='gallery-3-5087'>\n\t\t\t\tInneneinrichtung des House for an Art Lover\n\t\t\t\t<\/figcaption><\/figure><figure class='gallery-item'>\n\t\t\t<div class='gallery-icon landscape'>\n\t\t\t\t<a href='https:\/\/coeser.de\/blog\/wp-content\/uploads\/2017\/09\/glasgow-mackintosh-house-for-an-art-lover-gal03-christian-oeser.jpg' title=\"Inneneinrichtung des House for an Art Lover\" data-rl_title=\"Inneneinrichtung des House for an Art Lover\" class=\"rl-gallery-link\" data-rl_caption=\"Aufnahmeort anzeigen\" data-rel=\"lightbox-gallery-3\"><img loading=\"lazy\" decoding=\"async\" width=\"150\" height=\"150\" src=\"https:\/\/coeser.de\/blog\/wp-content\/uploads\/2017\/09\/glasgow-mackintosh-house-for-an-art-lover-gal03-christian-oeser-150x150.jpg\" class=\"attachment-thumbnail size-thumbnail\" alt=\"Inneneinrichtung des House for an Art Lover\" aria-describedby=\"gallery-3-5089\" \/><\/a>\n\t\t\t<\/div>\n\t\t\t\t<figcaption class='wp-caption-text gallery-caption' id='gallery-3-5089'>\n\t\t\t\tInneneinrichtung des House for an Art Lover\n\t\t\t\t<\/figcaption><\/figure><figure class='gallery-item'>\n\t\t\t<div class='gallery-icon landscape'>\n\t\t\t\t<a href='https:\/\/coeser.de\/blog\/wp-content\/uploads\/2017\/09\/glasgow-mackintosh-house-for-an-art-lover-gal06-christian-oeser.jpg' title=\"Inneneinrichtung des House for an Art Lover\" data-rl_title=\"Inneneinrichtung des House for an Art Lover\" class=\"rl-gallery-link\" data-rl_caption=\"Aufnahmeort anzeigen\" data-rel=\"lightbox-gallery-3\"><img loading=\"lazy\" decoding=\"async\" width=\"150\" height=\"150\" src=\"https:\/\/coeser.de\/blog\/wp-content\/uploads\/2017\/09\/glasgow-mackintosh-house-for-an-art-lover-gal06-christian-oeser-150x150.jpg\" class=\"attachment-thumbnail size-thumbnail\" alt=\"Inneneinrichtung des House for an Art Lover\" aria-describedby=\"gallery-3-5092\" \/><\/a>\n\t\t\t<\/div>\n\t\t\t\t<figcaption class='wp-caption-text gallery-caption' id='gallery-3-5092'>\n\t\t\t\tInneneinrichtung des House for an Art Lover\n\t\t\t\t<\/figcaption><\/figure><figure class='gallery-item'>\n\t\t\t<div class='gallery-icon landscape'>\n\t\t\t\t<a href='https:\/\/coeser.de\/blog\/wp-content\/uploads\/2017\/09\/glasgow-mackintosh-house-for-an-art-lover-gal05-christian-oeser.jpg' title=\"Die Terrasse des House for an Art Lover\" data-rl_title=\"Die Terrasse des House for an Art Lover\" class=\"rl-gallery-link\" data-rl_caption=\"Aufnahmeort anzeigen\" data-rel=\"lightbox-gallery-3\"><img loading=\"lazy\" decoding=\"async\" width=\"150\" height=\"150\" src=\"https:\/\/coeser.de\/blog\/wp-content\/uploads\/2017\/09\/glasgow-mackintosh-house-for-an-art-lover-gal05-christian-oeser-150x150.jpg\" class=\"attachment-thumbnail size-thumbnail\" alt=\"Die Terrasse des House for an Art Lover\" aria-describedby=\"gallery-3-5091\" \/><\/a>\n\t\t\t<\/div>\n\t\t\t\t<figcaption class='wp-caption-text gallery-caption' id='gallery-3-5091'>\n\t\t\t\tDie Terrasse des House for an Art Lover\n\t\t\t\t<\/figcaption><\/figure><figure class='gallery-item'>\n\t\t\t<div class='gallery-icon portrait'>\n\t\t\t\t<a href='https:\/\/coeser.de\/blog\/wp-content\/uploads\/2017\/09\/glasgow-mackintosh-house-for-an-art-lover-gal04-christian-oeser.jpg' title=\"Designelemente im House for an Art Lover\" data-rl_title=\"Designelemente im House for an Art Lover\" class=\"rl-gallery-link\" data-rl_caption=\"Aufnahmeort anzeigen\" data-rel=\"lightbox-gallery-3\"><img loading=\"lazy\" decoding=\"async\" width=\"150\" height=\"150\" src=\"https:\/\/coeser.de\/blog\/wp-content\/uploads\/2017\/09\/glasgow-mackintosh-house-for-an-art-lover-gal04-christian-oeser-150x150.jpg\" class=\"attachment-thumbnail size-thumbnail\" alt=\"Designelemente im House for an Art Lover\" aria-describedby=\"gallery-3-5090\" \/><\/a>\n\t\t\t<\/div>\n\t\t\t\t<figcaption class='wp-caption-text gallery-caption' id='gallery-3-5090'>\n\t\t\t\tDesignelemente im House for an Art Lover\n\t\t\t\t<\/figcaption><\/figure><figure class='gallery-item'>\n\t\t\t<div class='gallery-icon landscape'>\n\t\t\t\t<a href='https:\/\/coeser.de\/blog\/wp-content\/uploads\/2017\/09\/glasgow-mackintosh-house-for-an-art-lover-gal02-christian-oeser.jpg' title=\"Designelemente im House for an Art Lover\" data-rl_title=\"Designelemente im House for an Art Lover\" class=\"rl-gallery-link\" data-rl_caption=\"Aufnahmeort anzeigen\" data-rel=\"lightbox-gallery-3\"><img loading=\"lazy\" decoding=\"async\" width=\"150\" height=\"150\" src=\"https:\/\/coeser.de\/blog\/wp-content\/uploads\/2017\/09\/glasgow-mackintosh-house-for-an-art-lover-gal02-christian-oeser-150x150.jpg\" class=\"attachment-thumbnail size-thumbnail\" alt=\"Designelemente im House for an Art Lover\" aria-describedby=\"gallery-3-5088\" \/><\/a>\n\t\t\t<\/div>\n\t\t\t\t<figcaption class='wp-caption-text gallery-caption' id='gallery-3-5088'>\n\t\t\t\tDesignelemente im House for an Art Lover\n\t\t\t\t<\/figcaption><\/figure>\n\t\t<\/div>\n\n<\/div>\n<p>&nbsp;<\/p>\n<hr \/>\n<h2>Willow Tea Rooms in Glasgow<\/h2>\n<p>Wesentlich einfacher zu erreichen sind die <strong>Willow Tea Rooms<\/strong> mitten in der Innenstadt. Die Unternehmerin Kate Cranston hatte urspr\u00fcnglich vier Lokale und lie\u00df diese von Mackintosh einrichten. Heute sind noch zwei \u00fcbrig: in den beiden Einkaufsstra\u00dfen mit den Adressen <em>97 Buchanan Street<\/em> und <em><span class=\"section-info-text\">119-121<\/span> Sauchiehall Street<\/em> gibt es jeweils einen Teeraum, wobei letzterer der bekanntere ist. Ich habe mir aber nur die Willow Tea Rooms in der Buchanan Street kurz angesehen und gerade noch kurz vor dem Schlie\u00dfen einen Blick hineinwerfen k\u00f6nnen. Wenn ihr einmal richtig stilvoll Tee trinken wollt, dann reserviert euch am besten auf der Webseite <a href=\"https:\/\/www.willowtearooms.co.uk\/\" target=\"_blank\" rel=\"noopener noreferrer\"><strong>willowtearooms.co.uk<\/strong><\/a> einen Platz (was bei uns leider nicht funktioniert hat \u2013 unsere Anfrage wurde einfach nicht beantwortet).<\/p>\n<div class=\"fotospots\">\n<h3>Fotospots<\/h3>\n<div id='gallery-4' class='gallery galleryid-5032 gallery-columns-7 gallery-size-thumbnail'><figure class='gallery-item'>\n\t\t\t<div class='gallery-icon landscape'>\n\t\t\t\t<a href='https:\/\/coeser.de\/blog\/wp-content\/uploads\/2017\/09\/glasgow-mackintosh-willow-tea-room-gal03-christian-oeser.jpg' title=\"Innenansicht der Willow Tea Rooms in der Buchanan Street\" data-rl_title=\"Innenansicht der Willow Tea Rooms in der Buchanan Street\" class=\"rl-gallery-link\" data-rl_caption=\"Aufnahmeort anzeigen\" data-rel=\"lightbox-gallery-4\"><img loading=\"lazy\" decoding=\"async\" width=\"150\" height=\"150\" src=\"https:\/\/coeser.de\/blog\/wp-content\/uploads\/2017\/09\/glasgow-mackintosh-willow-tea-room-gal03-christian-oeser-150x150.jpg\" class=\"attachment-thumbnail size-thumbnail\" alt=\"Innenansicht der Willow Tea Rooms in der Buchanan Street\" aria-describedby=\"gallery-4-5099\" \/><\/a>\n\t\t\t<\/div>\n\t\t\t\t<figcaption class='wp-caption-text gallery-caption' id='gallery-4-5099'>\n\t\t\t\tInnenansicht der Willow Tea Rooms in der Buchanan Street\n\t\t\t\t<\/figcaption><\/figure><figure class='gallery-item'>\n\t\t\t<div class='gallery-icon landscape'>\n\t\t\t\t<a href='https:\/\/coeser.de\/blog\/wp-content\/uploads\/2017\/09\/glasgow-mackintosh-willow-tea-room-gal02-christian-oeser.jpg' title=\"Innenansicht der Willow Tea Rooms in der Buchanan Street\" data-rl_title=\"Innenansicht der Willow Tea Rooms in der Buchanan Street\" class=\"rl-gallery-link\" data-rl_caption=\"Aufnahmeort anzeigen\" data-rel=\"lightbox-gallery-4\"><img loading=\"lazy\" decoding=\"async\" width=\"150\" height=\"150\" src=\"https:\/\/coeser.de\/blog\/wp-content\/uploads\/2017\/09\/glasgow-mackintosh-willow-tea-room-gal02-christian-oeser-150x150.jpg\" class=\"attachment-thumbnail size-thumbnail\" alt=\"Innenansicht der Willow Tea Rooms in der Buchanan Street\" aria-describedby=\"gallery-4-5098\" \/><\/a>\n\t\t\t<\/div>\n\t\t\t\t<figcaption class='wp-caption-text gallery-caption' id='gallery-4-5098'>\n\t\t\t\tInnenansicht der Willow Tea Rooms in der Buchanan Street\n\t\t\t\t<\/figcaption><\/figure><figure class='gallery-item'>\n\t\t\t<div class='gallery-icon landscape'>\n\t\t\t\t<a href='https:\/\/coeser.de\/blog\/wp-content\/uploads\/2017\/09\/glasgow-mackintosh-willow-tea-room-gal01-christian-oeser.jpg' title=\"Innenansicht der Willow Tea Rooms in der Buchanan Street\" data-rl_title=\"Innenansicht der Willow Tea Rooms in der Buchanan Street\" class=\"rl-gallery-link\" data-rl_caption=\"Aufnahmeort anzeigen\" data-rel=\"lightbox-gallery-4\"><img loading=\"lazy\" decoding=\"async\" width=\"150\" height=\"150\" src=\"https:\/\/coeser.de\/blog\/wp-content\/uploads\/2017\/09\/glasgow-mackintosh-willow-tea-room-gal01-christian-oeser-150x150.jpg\" class=\"attachment-thumbnail size-thumbnail\" alt=\"Innenansicht der Willow Tea Rooms in der Buchanan Street\" aria-describedby=\"gallery-4-5097\" \/><\/a>\n\t\t\t<\/div>\n\t\t\t\t<figcaption class='wp-caption-text gallery-caption' id='gallery-4-5097'>\n\t\t\t\tInnenansicht der Willow Tea Rooms in der Buchanan Street\n\t\t\t\t<\/figcaption><\/figure>\n\t\t<\/div>\n\n<\/div>\n<p>&nbsp;<\/p>\n<hr \/>\n<h2>The Lighthouse in Glasgow<\/h2>\n<p>Zum Schluss noch eine weitere absolut wichtige Sehensw\u00fcrdigkeit von Mackintosh! 1895 wurde nach den Pl\u00e4nen des Architekten ein Geb\u00e4ude f\u00fcr die Zeitung <em>Glasgow Herald<\/em> fertiggestellt (<em><span class=\"section-info-text\">11 Mitchell Lane<\/span><\/em>). Mehr als 100 Jahre sp\u00e4ter hei\u00dft dieses Geb\u00e4ude seit 1999 <strong>The Lighthouse<\/strong> und ist das Zentrum f\u00fcr Design und Architektur. Die Besichtigung ist kostenlos, auf der Seite <strong><a href=\"http:\/\/www.thelighthouse.co.uk\/about\/about-us\" target=\"_blank\" rel=\"noopener noreferrer\">thelighthouse.co.uk<\/a> <\/strong>k\u00f6nnt ihr euch die \u00d6ffnungszeiten ansehen. Neben einer Dauerausstellung zu Mackintosh\u2019 Werken ist der Ort vor allem f\u00fcr seinen Aussichtsturm bekannt und einen Besuch wert. \u00dcber eine tolle Wendeltreppe gelangt man nach oben und kann einen fast kompletten 360-Grad-Blick \u00fcber die Stadt genie\u00dfen.<\/p>\n<div class=\"fotospots\">\n<h3>Fotospots<\/h3>\n<div id='gallery-5' class='gallery galleryid-5032 gallery-columns-7 gallery-size-thumbnail'><figure class='gallery-item'>\n\t\t\t<div class='gallery-icon landscape'>\n\t\t\t\t<a href='https:\/\/coeser.de\/blog\/wp-content\/uploads\/2017\/09\/glasgow-mackintosh-lighthouse-gal04-christian-oeser.jpg' title=\"Ausstellungsst\u00fccke von Mackintosh im Geb\u00e4ude The Lighthouse\" data-rl_title=\"Ausstellungsst\u00fccke von Mackintosh im Geb\u00e4ude The Lighthouse\" class=\"rl-gallery-link\" data-rl_caption=\"Aufnahmeort anzeigen\" data-rel=\"lightbox-gallery-5\"><img loading=\"lazy\" decoding=\"async\" width=\"150\" height=\"150\" src=\"https:\/\/coeser.de\/blog\/wp-content\/uploads\/2017\/09\/glasgow-mackintosh-lighthouse-gal04-christian-oeser-150x150.jpg\" class=\"attachment-thumbnail size-thumbnail\" alt=\"Ausstellungsst\u00fccke von Mackintosh im Geb\u00e4ude The Lighthouse\" aria-describedby=\"gallery-5-5096\" \/><\/a>\n\t\t\t<\/div>\n\t\t\t\t<figcaption class='wp-caption-text gallery-caption' id='gallery-5-5096'>\n\t\t\t\tAusstellungsst\u00fccke von Mackintosh im Geb\u00e4ude The Lighthouse\n\t\t\t\t<\/figcaption><\/figure><figure class='gallery-item'>\n\t\t\t<div class='gallery-icon landscape'>\n\t\t\t\t<a href='https:\/\/coeser.de\/blog\/wp-content\/uploads\/2017\/09\/glasgow-mackintosh-lighthouse-gal03-christian-oeser.jpg' title=\"Blick vom Aussichtsturm des Geb\u00e4udes The Lighthouse\" data-rl_title=\"Blick vom Aussichtsturm des Geb\u00e4udes The Lighthouse\" class=\"rl-gallery-link\" data-rl_caption=\"Aufnahmeort anzeigen\" data-rel=\"lightbox-gallery-5\"><img loading=\"lazy\" decoding=\"async\" width=\"150\" height=\"150\" src=\"https:\/\/coeser.de\/blog\/wp-content\/uploads\/2017\/09\/glasgow-mackintosh-lighthouse-gal03-christian-oeser-150x150.jpg\" class=\"attachment-thumbnail size-thumbnail\" alt=\"Blick vom Aussichtsturm des Geb\u00e4udes The Lighthouse\" aria-describedby=\"gallery-5-5095\" \/><\/a>\n\t\t\t<\/div>\n\t\t\t\t<figcaption class='wp-caption-text gallery-caption' id='gallery-5-5095'>\n\t\t\t\tBlick vom Aussichtsturm des Geb\u00e4udes The Lighthouse\n\t\t\t\t<\/figcaption><\/figure><figure class='gallery-item'>\n\t\t\t<div class='gallery-icon landscape'>\n\t\t\t\t<a href='https:\/\/coeser.de\/blog\/wp-content\/uploads\/2017\/09\/glasgow-mackintosh-lighthouse-gal02-christian-oeser.jpg' title=\"Blick vom Aussichtsturm des Geb\u00e4udes The Lighthouse\" data-rl_title=\"Blick vom Aussichtsturm des Geb\u00e4udes The Lighthouse\" class=\"rl-gallery-link\" data-rl_caption=\"Aufnahmeort anzeigen\" data-rel=\"lightbox-gallery-5\"><img loading=\"lazy\" decoding=\"async\" width=\"150\" height=\"150\" src=\"https:\/\/coeser.de\/blog\/wp-content\/uploads\/2017\/09\/glasgow-mackintosh-lighthouse-gal02-christian-oeser-150x150.jpg\" class=\"attachment-thumbnail size-thumbnail\" alt=\"Blick vom Aussichtsturm des Geb\u00e4udes The Lighthouse\" aria-describedby=\"gallery-5-5094\" \/><\/a>\n\t\t\t<\/div>\n\t\t\t\t<figcaption class='wp-caption-text gallery-caption' id='gallery-5-5094'>\n\t\t\t\tBlick vom Aussichtsturm des Geb\u00e4udes The Lighthouse\n\t\t\t\t<\/figcaption><\/figure><figure class='gallery-item'>\n\t\t\t<div class='gallery-icon landscape'>\n\t\t\t\t<a href='https:\/\/coeser.de\/blog\/wp-content\/uploads\/2017\/09\/glasgow-mackintosh-lighthouse-gal01-christian-oeser.jpg' title=\"Das imposante Stiegenhaus im Geb\u00e4ude The Lighthouse\" data-rl_title=\"Das imposante Stiegenhaus im Geb\u00e4ude The Lighthouse\" class=\"rl-gallery-link\" data-rl_caption=\"Aufnahmeort anzeigen\" data-rel=\"lightbox-gallery-5\"><img loading=\"lazy\" decoding=\"async\" width=\"150\" height=\"150\" src=\"https:\/\/coeser.de\/blog\/wp-content\/uploads\/2017\/09\/glasgow-mackintosh-lighthouse-gal01-christian-oeser-150x150.jpg\" class=\"attachment-thumbnail size-thumbnail\" alt=\"Das imposante Stiegenhaus im Geb\u00e4ude The Lighthouse\" aria-describedby=\"gallery-5-5093\" \/><\/a>\n\t\t\t<\/div>\n\t\t\t\t<figcaption class='wp-caption-text gallery-caption' id='gallery-5-5093'>\n\t\t\t\tDas imposante Stiegenhaus im Geb\u00e4ude The Lighthouse\n\t\t\t\t<\/figcaption><\/figure>\n\t\t<\/div>\n\n<\/div>\n<p>&nbsp;<\/p>\n<hr \/>\n<div class=\"tipps\">\n<h2><img loading=\"lazy\" decoding=\"async\" class=\"alignnone size-full wp-image-12060\" src=\"https:\/\/coeser.de\/blog\/wp-content\/uploads\/2019\/05\/glasgow-edinburgh-aufmacher1-christian-oeser.jpg\" alt=\"St. Mungo's Cathedral in Glasgow und die Skyline von Edinburgh\" width=\"970\" height=\"323\" srcset=\"https:\/\/coeser.de\/blog\/wp-content\/uploads\/2019\/05\/glasgow-edinburgh-aufmacher1-christian-oeser.jpg 970w, https:\/\/coeser.de\/blog\/wp-content\/uploads\/2019\/05\/glasgow-edinburgh-aufmacher1-christian-oeser-300x100.jpg 300w, https:\/\/coeser.de\/blog\/wp-content\/uploads\/2019\/05\/glasgow-edinburgh-aufmacher1-christian-oeser-768x256.jpg 768w\" sizes=\"auto, (max-width: 970px) 100vw, 970px\" \/><\/h2>\n<h2>EDINBURGH VS. GLASGOW: DIE UNTERSCHIEDE<\/h2>\n<p>Obwohl die beiden gr\u00f6\u00dften St\u00e4dte Schottlands nur eine knappe Stunde auseinander liegen, unterscheiden sie sich massiv voneinander. Das l\u00e4sst einen Besuch jeweils komplett anders erscheinen. In einem eigenen umfangreichen Artikel zeige ich euch anhand von sieben verschiedenen Themenbereichen, wo die Unterschiede zwischen Edinburgh und Glasgow liegen und welche Stadt euch vielleicht mehr interessiert. Den Beitrag k\u00f6nnt ihr hier lesen: <a href=\"https:\/\/coeser.de\/blog\/index.php\/2019\/05\/21\/glasgow-vs-edinburgh-duell-auf-augenhoehe\/\" target=\"_blank\" rel=\"noopener noreferrer\"><strong>Glasgow vs. Edinburgh \u2013 Duell auf Augenh\u00f6he<\/strong><\/a><\/p>\n<\/div>\n<p>&nbsp;<\/p>\n<hr \/>\n<h2><img loading=\"lazy\" decoding=\"async\" class=\"alignnone size-full wp-image-5184\" src=\"https:\/\/coeser.de\/blog\/wp-content\/uploads\/2017\/09\/glasgow-aufmacher2-kelvingrove-faces-christian-oeser.jpg\" alt=\"Floating Heads in der Kelvingrove Art Gallery\" width=\"970\" height=\"323\" srcset=\"https:\/\/coeser.de\/blog\/wp-content\/uploads\/2017\/09\/glasgow-aufmacher2-kelvingrove-faces-christian-oeser.jpg 970w, https:\/\/coeser.de\/blog\/wp-content\/uploads\/2017\/09\/glasgow-aufmacher2-kelvingrove-faces-christian-oeser-300x100.jpg 300w, https:\/\/coeser.de\/blog\/wp-content\/uploads\/2017\/09\/glasgow-aufmacher2-kelvingrove-faces-christian-oeser-768x256.jpg 768w\" sizes=\"auto, (max-width: 970px) 100vw, 970px\" \/><\/h2>\n<h2>WAS MAN IN GLASGOW UNBEDINGT SEHEN SOLLTE<\/h2>\n<p>Neben den Kunstwerken von Mackintosh gibt es nat\u00fcrlich noch eine Menge anderer \u00e4u\u00dferst interessanter Sehensw\u00fcrdigkeiten zu entdecken. Mein Aufenthalt in der gr\u00f6\u00dften schottischen Stadt war da mit nur ingesamt 48 Stunden schon sehr knapp bemessen. Wenn ich mir jetzt im Nachinein ansehe, wieviel meine Freundin und ich dennoch in dieser Zeit angesehen haben, grenzt das schon fast an Wahnsinn. \ud83d\ude09 Ich kann euch also wirklich nur empfehlen, l\u00e4nger als ich vor Ort zu bleiben, um alles stressfrei besichtigen zu k\u00f6nnen!<\/p>\n<h2>Die Universit\u00e4t von Glasgow<\/h2>\n<p>Die <strong>Universit\u00e4t<\/strong> wurde bereits 1451 gegr\u00fcndet und ist nach St. Andrews die zweit\u00e4lteste Schottlands. Die Uni genie\u00dft weltweit einen exzellenten Ruf und sollte nicht nur deswegen unbedingt auf eure Besichtigungsliste. Die Architektur ist herausragend und ein Rundgang durch das Gel\u00e4nde macht wirklich Spa\u00df. Beim Anblick des m\u00e4chtigen S\u00fcdportals kommen schnell Gedanken an Harry Potter hoch. \ud83d\ude09 Ein Ort darf f\u00fcr Fotos auf keinen Fall fehlen, die <strong>Cloisters<\/strong>. Diese Kreuzg\u00e4nge bestechen durch die vielen S\u00e4ulen immens und werden gerne f\u00fcr Veranstaltungen genutzt. Wenn ihr durch die Innenh\u00f6fe spaziert, schaut doch auch einmal in einen der zahlreichen Eing\u00e4nge hinein. \u00dcber mystische Wendeltreppen gelangt man in die Stockwerke und kann den Geist der alten Universit\u00e4t f\u00f6rmlich sp\u00fcren.<\/p>\n<h3>Das Hunterian Museum<\/h3>\n<p>In einem Teil des Geb\u00e4udes ist das <strong>Hunterian Museum<\/strong> untergebracht, das aber zum Zeitpunkt meines Besuchs geschlossen hatte \u2013 ein Blick durch die Eingangst\u00fcr lohnt aber auch schon aufgrund der sch\u00f6nen Architektur. Einen weiteren Blick solltet ihr unbedingt noch in die <strong>University Chapel<\/strong> machen, die Kapelle ist einfach nur grandios. Setzt euch mal f\u00fcr einige Momente nieder und genie\u00dft das Umfeld im Innenraum! Noch ein kleiner Tipp, falls ihr eine Pause braucht: in der Cafeteria der Universit\u00e4t kann man f\u00fcr wenig Geld eine St\u00e4rkung zu sich nehmen. Verl\u00e4sst man das Gel\u00e4nde der Universit\u00e4t wieder \u00fcber das S\u00fcdportal, erblickt man in der Ferne schon die Kelvingrove Art Gallery, mein n\u00e4chstes Ziel.<\/p>\n<div class=\"fotospots\">\n<h3>Fotospots<\/h3>\n<div id='gallery-6' class='gallery galleryid-5032 gallery-columns-7 gallery-size-thumbnail'><figure class='gallery-item'>\n\t\t\t<div class='gallery-icon landscape'>\n\t\t\t\t<a href='https:\/\/coeser.de\/blog\/wp-content\/uploads\/2017\/09\/glasgow-university-gal14-christian-oeser.jpg' title=\"Das S\u00fcdportal der Universit\u00e4t von Glasgow\" data-rl_title=\"Das S\u00fcdportal der Universit\u00e4t von Glasgow\" class=\"rl-gallery-link\" data-rl_caption=\"Aufnahmeort anzeigen\" data-rel=\"lightbox-gallery-6\"><img loading=\"lazy\" decoding=\"async\" width=\"150\" height=\"150\" src=\"https:\/\/coeser.de\/blog\/wp-content\/uploads\/2017\/09\/glasgow-university-gal14-christian-oeser-150x150.jpg\" class=\"attachment-thumbnail size-thumbnail\" alt=\"Das S\u00fcdportal der Universit\u00e4t von Glasgow\" aria-describedby=\"gallery-6-5114\" \/><\/a>\n\t\t\t<\/div>\n\t\t\t\t<figcaption class='wp-caption-text gallery-caption' id='gallery-6-5114'>\n\t\t\t\tDas S\u00fcdportal der Universit\u00e4t von Glasgow\n\t\t\t\t<\/figcaption><\/figure><figure class='gallery-item'>\n\t\t\t<div class='gallery-icon portrait'>\n\t\t\t\t<a href='https:\/\/coeser.de\/blog\/wp-content\/uploads\/2017\/09\/glasgow-university-gal12-christian-oeser.jpg' title=\"Logo der Universit\u00e4t von Glasgow\" data-rl_title=\"Logo der Universit\u00e4t von Glasgow\" class=\"rl-gallery-link\" data-rl_caption=\"Aufnahmeort anzeigen\" data-rel=\"lightbox-gallery-6\"><img loading=\"lazy\" decoding=\"async\" width=\"150\" height=\"150\" src=\"https:\/\/coeser.de\/blog\/wp-content\/uploads\/2017\/09\/glasgow-university-gal12-christian-oeser-150x150.jpg\" class=\"attachment-thumbnail size-thumbnail\" alt=\"Logo der Universit\u00e4t von Glasgow\" aria-describedby=\"gallery-6-5112\" \/><\/a>\n\t\t\t<\/div>\n\t\t\t\t<figcaption class='wp-caption-text gallery-caption' id='gallery-6-5112'>\n\t\t\t\tLogo der Universit\u00e4t von Glasgow\n\t\t\t\t<\/figcaption><\/figure><figure class='gallery-item'>\n\t\t\t<div class='gallery-icon landscape'>\n\t\t\t\t<a href='https:\/\/coeser.de\/blog\/wp-content\/uploads\/2017\/09\/glasgow-university-gal04-christian-oeser.jpg' title=\"Innenhof der Universit\u00e4t von Glasgow\" data-rl_title=\"Innenhof der Universit\u00e4t von Glasgow\" class=\"rl-gallery-link\" data-rl_caption=\"Aufnahmeort anzeigen\" data-rel=\"lightbox-gallery-6\"><img loading=\"lazy\" decoding=\"async\" width=\"150\" height=\"150\" src=\"https:\/\/coeser.de\/blog\/wp-content\/uploads\/2017\/09\/glasgow-university-gal04-christian-oeser-150x150.jpg\" class=\"attachment-thumbnail size-thumbnail\" alt=\"Innenhof der Universit\u00e4t von Glasgow\" aria-describedby=\"gallery-6-5104\" \/><\/a>\n\t\t\t<\/div>\n\t\t\t\t<figcaption class='wp-caption-text gallery-caption' id='gallery-6-5104'>\n\t\t\t\tInnenhof der Universit\u00e4t von Glasgow\n\t\t\t\t<\/figcaption><\/figure><figure class='gallery-item'>\n\t\t\t<div class='gallery-icon landscape'>\n\t\t\t\t<a href='https:\/\/coeser.de\/blog\/wp-content\/uploads\/2017\/09\/glasgow-university-gal01-christian-oeser.jpg' title=\"Durchgang zum Innenhof der Universit\u00e4t von Glasgow\" data-rl_title=\"Durchgang zum Innenhof der Universit\u00e4t von Glasgow\" class=\"rl-gallery-link\" data-rl_caption=\"Aufnahmeort anzeigen\" data-rel=\"lightbox-gallery-6\"><img loading=\"lazy\" decoding=\"async\" width=\"150\" height=\"150\" src=\"https:\/\/coeser.de\/blog\/wp-content\/uploads\/2017\/09\/glasgow-university-gal01-christian-oeser-150x150.jpg\" class=\"attachment-thumbnail size-thumbnail\" alt=\"Durchgang zum Innenhof der Universit\u00e4t von Glasgow\" aria-describedby=\"gallery-6-5101\" \/><\/a>\n\t\t\t<\/div>\n\t\t\t\t<figcaption class='wp-caption-text gallery-caption' id='gallery-6-5101'>\n\t\t\t\tDurchgang zum Innenhof der Universit\u00e4t von Glasgow\n\t\t\t\t<\/figcaption><\/figure><figure class='gallery-item'>\n\t\t\t<div class='gallery-icon portrait'>\n\t\t\t\t<a href='https:\/\/coeser.de\/blog\/wp-content\/uploads\/2017\/09\/glasgow-university-gal02-christian-oeser.jpg' title=\"Kleiner Nebeneingang zur Universit\u00e4t von Glasgow\" data-rl_title=\"Kleiner Nebeneingang zur Universit\u00e4t von Glasgow\" class=\"rl-gallery-link\" data-rl_caption=\"Aufnahmeort anzeigen\" data-rel=\"lightbox-gallery-6\"><img loading=\"lazy\" decoding=\"async\" width=\"150\" height=\"150\" src=\"https:\/\/coeser.de\/blog\/wp-content\/uploads\/2017\/09\/glasgow-university-gal02-christian-oeser-150x150.jpg\" class=\"attachment-thumbnail size-thumbnail\" alt=\"Kleiner Nebeneingang zur Universit\u00e4t von Glasgow\" aria-describedby=\"gallery-6-5102\" \/><\/a>\n\t\t\t<\/div>\n\t\t\t\t<figcaption class='wp-caption-text gallery-caption' id='gallery-6-5102'>\n\t\t\t\tKleiner Nebeneingang zur Universit\u00e4t von Glasgow\n\t\t\t\t<\/figcaption><\/figure><figure class='gallery-item'>\n\t\t\t<div class='gallery-icon portrait'>\n\t\t\t\t<a href='https:\/\/coeser.de\/blog\/wp-content\/uploads\/2017\/09\/glasgow-university-gal03-christian-oeser.jpg' title=\"Treppe in einem Nebeneingang zur Universit\u00e4t von Glasgow\" data-rl_title=\"Treppe in einem Nebeneingang zur Universit\u00e4t von Glasgow\" class=\"rl-gallery-link\" data-rl_caption=\"Aufnahmeort anzeigen\" data-rel=\"lightbox-gallery-6\"><img loading=\"lazy\" decoding=\"async\" width=\"150\" height=\"150\" src=\"https:\/\/coeser.de\/blog\/wp-content\/uploads\/2017\/09\/glasgow-university-gal03-christian-oeser-150x150.jpg\" class=\"attachment-thumbnail size-thumbnail\" alt=\"Treppe in einem Nebeneingang zur Universit\u00e4t von Glasgow\" aria-describedby=\"gallery-6-5103\" \/><\/a>\n\t\t\t<\/div>\n\t\t\t\t<figcaption class='wp-caption-text gallery-caption' id='gallery-6-5103'>\n\t\t\t\tTreppe in einem Nebeneingang zur Universit\u00e4t von Glasgow\n\t\t\t\t<\/figcaption><\/figure><figure class='gallery-item'>\n\t\t\t<div class='gallery-icon landscape'>\n\t\t\t\t<a href='https:\/\/coeser.de\/blog\/wp-content\/uploads\/2017\/09\/glasgow-university-gal05-christian-oeser.jpg' title=\"Innenansicht der Universit\u00e4t von Glasgow\" data-rl_title=\"Innenansicht der Universit\u00e4t von Glasgow\" class=\"rl-gallery-link\" data-rl_caption=\"Aufnahmeort anzeigen\" data-rel=\"lightbox-gallery-6\"><img loading=\"lazy\" decoding=\"async\" width=\"150\" height=\"150\" src=\"https:\/\/coeser.de\/blog\/wp-content\/uploads\/2017\/09\/glasgow-university-gal05-christian-oeser-150x150.jpg\" class=\"attachment-thumbnail size-thumbnail\" alt=\"Innenansicht der Universit\u00e4t von Glasgow\" aria-describedby=\"gallery-6-5105\" \/><\/a>\n\t\t\t<\/div>\n\t\t\t\t<figcaption class='wp-caption-text gallery-caption' id='gallery-6-5105'>\n\t\t\t\tInnenansicht der Universit\u00e4t von Glasgow\n\t\t\t\t<\/figcaption><\/figure><figure class='gallery-item'>\n\t\t\t<div class='gallery-icon portrait'>\n\t\t\t\t<a href='https:\/\/coeser.de\/blog\/wp-content\/uploads\/2017\/09\/glasgow-university-gal06-christian-oeser.jpg' title=\"Blick in das Hunterian Museum in der Universit\u00e4t von Glasgow\" data-rl_title=\"Blick in das Hunterian Museum in der Universit\u00e4t von Glasgow\" class=\"rl-gallery-link\" data-rl_caption=\"Aufnahmeort anzeigen\" data-rel=\"lightbox-gallery-6\"><img loading=\"lazy\" decoding=\"async\" width=\"150\" height=\"150\" src=\"https:\/\/coeser.de\/blog\/wp-content\/uploads\/2017\/09\/glasgow-university-gal06-christian-oeser-150x150.jpg\" class=\"attachment-thumbnail size-thumbnail\" alt=\"Blick in das Hunterian Museum in der Universit\u00e4t von Glasgow\" aria-describedby=\"gallery-6-5106\" \/><\/a>\n\t\t\t<\/div>\n\t\t\t\t<figcaption class='wp-caption-text gallery-caption' id='gallery-6-5106'>\n\t\t\t\tBlick in das Hunterian Museum in der Universit\u00e4t von Glasgow\n\t\t\t\t<\/figcaption><\/figure><figure class='gallery-item'>\n\t\t\t<div class='gallery-icon landscape'>\n\t\t\t\t<a href='https:\/\/coeser.de\/blog\/wp-content\/uploads\/2017\/09\/glasgow-university-gal07-christian-oeser.jpg' title=\"Die Cloisters (Kreuzg\u00e4nge) in der Universit\u00e4t von Glasgow\" data-rl_title=\"Die Cloisters (Kreuzg\u00e4nge) in der Universit\u00e4t von Glasgow\" class=\"rl-gallery-link\" data-rl_caption=\"Aufnahmeort anzeigen\" data-rel=\"lightbox-gallery-6\"><img loading=\"lazy\" decoding=\"async\" width=\"150\" height=\"150\" src=\"https:\/\/coeser.de\/blog\/wp-content\/uploads\/2017\/09\/glasgow-university-gal07-christian-oeser-150x150.jpg\" class=\"attachment-thumbnail size-thumbnail\" alt=\"Die Cloisters (Kreuzg\u00e4nge) in der Universit\u00e4t von Glasgow\" aria-describedby=\"gallery-6-5107\" \/><\/a>\n\t\t\t<\/div>\n\t\t\t\t<figcaption class='wp-caption-text gallery-caption' id='gallery-6-5107'>\n\t\t\t\tDie Cloisters (Kreuzg\u00e4nge) in der Universit\u00e4t von Glasgow\n\t\t\t\t<\/figcaption><\/figure><figure class='gallery-item'>\n\t\t\t<div class='gallery-icon landscape'>\n\t\t\t\t<a href='https:\/\/coeser.de\/blog\/wp-content\/uploads\/2017\/09\/glasgow-university-gal08-christian-oeser.jpg' title=\"Die Cloisters (Kreuzg\u00e4nge) in der Universit\u00e4t von Glasgow\" data-rl_title=\"Die Cloisters (Kreuzg\u00e4nge) in der Universit\u00e4t von Glasgow\" class=\"rl-gallery-link\" data-rl_caption=\"Aufnahmeort anzeigen\" data-rel=\"lightbox-gallery-6\"><img loading=\"lazy\" decoding=\"async\" width=\"150\" height=\"150\" src=\"https:\/\/coeser.de\/blog\/wp-content\/uploads\/2017\/09\/glasgow-university-gal08-christian-oeser-150x150.jpg\" class=\"attachment-thumbnail size-thumbnail\" alt=\"Die Cloisters (Kreuzg\u00e4nge) in der Universit\u00e4t von Glasgow\" aria-describedby=\"gallery-6-5108\" \/><\/a>\n\t\t\t<\/div>\n\t\t\t\t<figcaption class='wp-caption-text gallery-caption' id='gallery-6-5108'>\n\t\t\t\tDie Cloisters (Kreuzg\u00e4nge) in der Universit\u00e4t von Glasgow\n\t\t\t\t<\/figcaption><\/figure><figure class='gallery-item'>\n\t\t\t<div class='gallery-icon landscape'>\n\t\t\t\t<a href='https:\/\/coeser.de\/blog\/wp-content\/uploads\/2017\/09\/glasgow-university-gal09-christian-oeser.jpg' title=\"Innenhof der Universit\u00e4t von Glasgow\" data-rl_title=\"Innenhof der Universit\u00e4t von Glasgow\" class=\"rl-gallery-link\" data-rl_caption=\"Aufnahmeort anzeigen\" data-rel=\"lightbox-gallery-6\"><img loading=\"lazy\" decoding=\"async\" width=\"150\" height=\"150\" src=\"https:\/\/coeser.de\/blog\/wp-content\/uploads\/2017\/09\/glasgow-university-gal09-christian-oeser-150x150.jpg\" class=\"attachment-thumbnail size-thumbnail\" alt=\"Innenhof der Universit\u00e4t von Glasgow\" aria-describedby=\"gallery-6-5109\" \/><\/a>\n\t\t\t<\/div>\n\t\t\t\t<figcaption class='wp-caption-text gallery-caption' id='gallery-6-5109'>\n\t\t\t\tInnenhof der Universit\u00e4t von Glasgow\n\t\t\t\t<\/figcaption><\/figure><figure class='gallery-item'>\n\t\t\t<div class='gallery-icon landscape'>\n\t\t\t\t<a href='https:\/\/coeser.de\/blog\/wp-content\/uploads\/2017\/09\/glasgow-university-gal10-christian-oeser.jpg' title=\"Die Kapelle der Universit\u00e4t von Glasgow\" data-rl_title=\"Die Kapelle der Universit\u00e4t von Glasgow\" class=\"rl-gallery-link\" data-rl_caption=\"Aufnahmeort anzeigen\" data-rel=\"lightbox-gallery-6\"><img loading=\"lazy\" decoding=\"async\" width=\"150\" height=\"150\" src=\"https:\/\/coeser.de\/blog\/wp-content\/uploads\/2017\/09\/glasgow-university-gal10-christian-oeser-150x150.jpg\" class=\"attachment-thumbnail size-thumbnail\" alt=\"Die Kapelle der Universit\u00e4t von Glasgow\" aria-describedby=\"gallery-6-5110\" \/><\/a>\n\t\t\t<\/div>\n\t\t\t\t<figcaption class='wp-caption-text gallery-caption' id='gallery-6-5110'>\n\t\t\t\tDie Kapelle der Universit\u00e4t von Glasgow\n\t\t\t\t<\/figcaption><\/figure><figure class='gallery-item'>\n\t\t\t<div class='gallery-icon portrait'>\n\t\t\t\t<a href='https:\/\/coeser.de\/blog\/wp-content\/uploads\/2017\/09\/glasgow-university-gal11-christian-oeser.jpg' title=\"Innenansicht der Universit\u00e4t von Glasgow\" data-rl_title=\"Innenansicht der Universit\u00e4t von Glasgow\" class=\"rl-gallery-link\" data-rl_caption=\"Aufnahmeort anzeigen\" data-rel=\"lightbox-gallery-6\"><img loading=\"lazy\" decoding=\"async\" width=\"150\" height=\"150\" src=\"https:\/\/coeser.de\/blog\/wp-content\/uploads\/2017\/09\/glasgow-university-gal11-christian-oeser-150x150.jpg\" class=\"attachment-thumbnail size-thumbnail\" alt=\"Innenansicht der Universit\u00e4t von Glasgow\" aria-describedby=\"gallery-6-5111\" \/><\/a>\n\t\t\t<\/div>\n\t\t\t\t<figcaption class='wp-caption-text gallery-caption' id='gallery-6-5111'>\n\t\t\t\tInnenansicht der Universit\u00e4t von Glasgow\n\t\t\t\t<\/figcaption><\/figure><figure class='gallery-item'>\n\t\t\t<div class='gallery-icon landscape'>\n\t\t\t\t<a href='https:\/\/coeser.de\/blog\/wp-content\/uploads\/2017\/09\/glasgow-university-gal13-christian-oeser.jpg' title=\"\" data-rl_title=\"\" class=\"rl-gallery-link\" data-rl_caption=\"Aufnahmeort anzeigen\" data-rel=\"lightbox-gallery-6\"><img loading=\"lazy\" decoding=\"async\" width=\"150\" height=\"150\" src=\"https:\/\/coeser.de\/blog\/wp-content\/uploads\/2017\/09\/glasgow-university-gal13-christian-oeser-150x150.jpg\" class=\"attachment-thumbnail size-thumbnail\" alt=\"\" aria-describedby=\"gallery-6-5113\" \/><\/a>\n\t\t\t<\/div>\n\t\t\t\t<figcaption class='wp-caption-text gallery-caption' id='gallery-6-5113'>\n\t\t\t\tBlick vom S\u00fcdportal der Universit\u00e4t von Glasgow auf die Kelvingrove Art Gallery\n\t\t\t\t<\/figcaption><\/figure>\n\t\t<\/div>\n\n<\/div>\n<p>&nbsp;<\/p>\n<hr \/>\n<h2>Kelvingrove Art Gallery and Museum<\/h2>\n<p>Das 1902 in auff\u00e4lligem roten Sandstein er\u00f6ffnete Geb\u00e4ude der <strong>Kelvingrove Art Gallery<\/strong> ist die zweitbeliebteste Besucherattraktion Schottlands. Der Eintritt ist kostenlos und erm\u00f6glicht somit allen Gesellschaftsschichten den Zugang zu Kunst, Geschichte und Zoologie. Im Inneren befinden sich Tausende Werke unterschiedlichster Art, unter anderem Gem\u00e4lde, eine Waffenkollektion, eine gro\u00dfe naturhistorische Ausstellung und weitere Sch\u00f6pfungen von Charles Rennie Mackintosh. Ins Auge sticht aber eine Kunstinstallation ganz besonders: &#8222;Floating Heads&#8220; von Sophie Cave ist fantastisch und verst\u00f6rend zugleich. Von der Decke eines gro\u00dfen Saals h\u00e4ngen Dutzende wei\u00dfe K\u00f6pfe mit unterschiedlichem Gesichtsausdruck von Freude bis Trauer. Wirklich etwas gruselig, aber man kann einfach nicht wegsehen. \ud83d\ude09<\/p>\n<div class=\"fotospots\">\n<h3>Fotospots<\/h3>\n<div id='gallery-7' class='gallery galleryid-5032 gallery-columns-7 gallery-size-thumbnail'><figure class='gallery-item'>\n\t\t\t<div class='gallery-icon landscape'>\n\t\t\t\t<a href='https:\/\/coeser.de\/blog\/wp-content\/uploads\/2017\/09\/glasgow-kelvingrove-art-gallery-gal01-christian-oeser.jpg' title=\"Au\u00dfenansicht der Kelvingrove Art Gallery\" data-rl_title=\"Au\u00dfenansicht der Kelvingrove Art Gallery\" class=\"rl-gallery-link\" data-rl_caption=\"Aufnahmeort anzeigen\" data-rel=\"lightbox-gallery-7\"><img loading=\"lazy\" decoding=\"async\" width=\"150\" height=\"150\" src=\"https:\/\/coeser.de\/blog\/wp-content\/uploads\/2017\/09\/glasgow-kelvingrove-art-gallery-gal01-christian-oeser-150x150.jpg\" class=\"attachment-thumbnail size-thumbnail\" alt=\"Au\u00dfenansicht der Kelvingrove Art Gallery\" aria-describedby=\"gallery-7-5115\" \/><\/a>\n\t\t\t<\/div>\n\t\t\t\t<figcaption class='wp-caption-text gallery-caption' id='gallery-7-5115'>\n\t\t\t\tAu\u00dfenansicht der Kelvingrove Art Gallery\n\t\t\t\t<\/figcaption><\/figure><figure class='gallery-item'>\n\t\t\t<div class='gallery-icon landscape'>\n\t\t\t\t<a href='https:\/\/coeser.de\/blog\/wp-content\/uploads\/2017\/09\/glasgow-kelvingrove-art-gallery-gal07-christian-oeser.jpg' title=\"Innenansicht der Kelvingrove Art Gallery\" data-rl_title=\"Innenansicht der Kelvingrove Art Gallery\" class=\"rl-gallery-link\" data-rl_caption=\"Aufnahmeort anzeigen\" data-rel=\"lightbox-gallery-7\"><img loading=\"lazy\" decoding=\"async\" width=\"150\" height=\"150\" src=\"https:\/\/coeser.de\/blog\/wp-content\/uploads\/2017\/09\/glasgow-kelvingrove-art-gallery-gal07-christian-oeser-150x150.jpg\" class=\"attachment-thumbnail size-thumbnail\" alt=\"Innenansicht der Kelvingrove Art Gallery\" aria-describedby=\"gallery-7-5121\" \/><\/a>\n\t\t\t<\/div>\n\t\t\t\t<figcaption class='wp-caption-text gallery-caption' id='gallery-7-5121'>\n\t\t\t\tInnenansicht der Kelvingrove Art Gallery\n\t\t\t\t<\/figcaption><\/figure><figure class='gallery-item'>\n\t\t\t<div class='gallery-icon landscape'>\n\t\t\t\t<a href='https:\/\/coeser.de\/blog\/wp-content\/uploads\/2017\/09\/glasgow-kelvingrove-art-gallery-gal06-christian-oeser.jpg' title=\"Das Kunstwerk Floating Heads von Sophie Cave in der Kelvingrove Art Gallery\" data-rl_title=\"Das Kunstwerk Floating Heads von Sophie Cave in der Kelvingrove Art Gallery\" class=\"rl-gallery-link\" data-rl_caption=\"Aufnahmeort anzeigen\" data-rel=\"lightbox-gallery-7\"><img loading=\"lazy\" decoding=\"async\" width=\"150\" height=\"150\" src=\"https:\/\/coeser.de\/blog\/wp-content\/uploads\/2017\/09\/glasgow-kelvingrove-art-gallery-gal06-christian-oeser-150x150.jpg\" class=\"attachment-thumbnail size-thumbnail\" alt=\"Das Kunstwerk Floating Heads von Sophie Cave in der Kelvingrove Art Gallery\" aria-describedby=\"gallery-7-5120\" \/><\/a>\n\t\t\t<\/div>\n\t\t\t\t<figcaption class='wp-caption-text gallery-caption' id='gallery-7-5120'>\n\t\t\t\tDas Kunstwerk Floating Heads von Sophie Cave in der Kelvingrove Art Gallery\n\t\t\t\t<\/figcaption><\/figure><figure class='gallery-item'>\n\t\t\t<div class='gallery-icon landscape'>\n\t\t\t\t<a href='https:\/\/coeser.de\/blog\/wp-content\/uploads\/2017\/09\/glasgow-kelvingrove-art-gallery-gal02-christian-oeser.jpg' title=\"Ausstellungsst\u00fccke in der Kelvingrove Art Gallery\" data-rl_title=\"Ausstellungsst\u00fccke in der Kelvingrove Art Gallery\" class=\"rl-gallery-link\" data-rl_caption=\"Aufnahmeort anzeigen\" data-rel=\"lightbox-gallery-7\"><img loading=\"lazy\" decoding=\"async\" width=\"150\" height=\"150\" src=\"https:\/\/coeser.de\/blog\/wp-content\/uploads\/2017\/09\/glasgow-kelvingrove-art-gallery-gal02-christian-oeser-150x150.jpg\" class=\"attachment-thumbnail size-thumbnail\" alt=\"Ausstellungsst\u00fccke in der Kelvingrove Art Gallery\" aria-describedby=\"gallery-7-5116\" \/><\/a>\n\t\t\t<\/div>\n\t\t\t\t<figcaption class='wp-caption-text gallery-caption' id='gallery-7-5116'>\n\t\t\t\tAusstellungsst\u00fccke in der Kelvingrove Art Gallery\n\t\t\t\t<\/figcaption><\/figure><figure class='gallery-item'>\n\t\t\t<div class='gallery-icon portrait'>\n\t\t\t\t<a href='https:\/\/coeser.de\/blog\/wp-content\/uploads\/2017\/09\/glasgow-kelvingrove-art-gallery-gal03-christian-oeser.jpg' title=\"Ausstellungsst\u00fccke in der Kelvingrove Art Gallery\" data-rl_title=\"Ausstellungsst\u00fccke in der Kelvingrove Art Gallery\" class=\"rl-gallery-link\" data-rl_caption=\"Aufnahmeort anzeigen\" data-rel=\"lightbox-gallery-7\"><img loading=\"lazy\" decoding=\"async\" width=\"150\" height=\"150\" src=\"https:\/\/coeser.de\/blog\/wp-content\/uploads\/2017\/09\/glasgow-kelvingrove-art-gallery-gal03-christian-oeser-150x150.jpg\" class=\"attachment-thumbnail size-thumbnail\" alt=\"Ausstellungsst\u00fccke in der Kelvingrove Art Gallery\" aria-describedby=\"gallery-7-5117\" \/><\/a>\n\t\t\t<\/div>\n\t\t\t\t<figcaption class='wp-caption-text gallery-caption' id='gallery-7-5117'>\n\t\t\t\tAusstellungsst\u00fccke in der Kelvingrove Art Gallery\n\t\t\t\t<\/figcaption><\/figure><figure class='gallery-item'>\n\t\t\t<div class='gallery-icon landscape'>\n\t\t\t\t<a href='https:\/\/coeser.de\/blog\/wp-content\/uploads\/2017\/09\/glasgow-kelvingrove-art-gallery-gal04-christian-oeser.jpg' title=\"Ausstellungsst\u00fccke in der Kelvingrove Art Gallery\" data-rl_title=\"Ausstellungsst\u00fccke in der Kelvingrove Art Gallery\" class=\"rl-gallery-link\" data-rl_caption=\"Aufnahmeort anzeigen\" data-rel=\"lightbox-gallery-7\"><img loading=\"lazy\" decoding=\"async\" width=\"150\" height=\"150\" src=\"https:\/\/coeser.de\/blog\/wp-content\/uploads\/2017\/09\/glasgow-kelvingrove-art-gallery-gal04-christian-oeser-150x150.jpg\" class=\"attachment-thumbnail size-thumbnail\" alt=\"Ausstellungsst\u00fccke in der Kelvingrove Art Gallery\" aria-describedby=\"gallery-7-5118\" \/><\/a>\n\t\t\t<\/div>\n\t\t\t\t<figcaption class='wp-caption-text gallery-caption' id='gallery-7-5118'>\n\t\t\t\tAusstellungsst\u00fccke in der Kelvingrove Art Gallery\n\t\t\t\t<\/figcaption><\/figure><figure class='gallery-item'>\n\t\t\t<div class='gallery-icon landscape'>\n\t\t\t\t<a href='https:\/\/coeser.de\/blog\/wp-content\/uploads\/2017\/09\/glasgow-kelvingrove-art-gallery-gal05-christian-oeser.jpg' title=\"Ausstellungsst\u00fccke in der Kelvingrove Art Gallery\" data-rl_title=\"Ausstellungsst\u00fccke in der Kelvingrove Art Gallery\" class=\"rl-gallery-link\" data-rl_caption=\"Aufnahmeort anzeigen\" data-rel=\"lightbox-gallery-7\"><img loading=\"lazy\" decoding=\"async\" width=\"150\" height=\"150\" src=\"https:\/\/coeser.de\/blog\/wp-content\/uploads\/2017\/09\/glasgow-kelvingrove-art-gallery-gal05-christian-oeser-150x150.jpg\" class=\"attachment-thumbnail size-thumbnail\" alt=\"Ausstellungsst\u00fccke in der Kelvingrove Art Gallery\" aria-describedby=\"gallery-7-5119\" \/><\/a>\n\t\t\t<\/div>\n\t\t\t\t<figcaption class='wp-caption-text gallery-caption' id='gallery-7-5119'>\n\t\t\t\tAusstellungsst\u00fccke in der Kelvingrove Art Gallery\n\t\t\t\t<\/figcaption><\/figure>\n\t\t<\/div>\n\n<\/div>\n<p>&nbsp;<\/p>\n<hr \/>\n<h2>St. Mungo&#8217;s Cathedral und The Necropolis<\/h2>\n<p>Die Glasgower Kathedrale <strong>St. Mungo&#8217;s Cathedral<\/strong> muss man sich unbedingt ansehen. Der jetzige gotische Bau ist zwischen dem 13. und dem 15. Jahrhundert entstanden und steht rund einen Kilometer \u00f6stlich der Innenstadt. Sofern ihr euch nicht mit dem komplizierten Bussystem auseinandersetzen wollt, bleibt euch hier nur der Fu\u00dfweg. Die \u00d6ffnungszeiten der Kirche entnehmt ihr am besten der Webseite <a href=\"https:\/\/glasgowcathedral.org\/about\" target=\"_blank\" rel=\"noopener noreferrer\"><strong>glasgowcathedral.org<\/strong><\/a>. Sehenswert ist in der Kathedrale nicht nur ihr eigentlicher Innenraum, sondern auch vor allem die riesige Krypta unterhalb, wo auch das Grab des Glasgower Schutzpatron St. Mungo liegt.<\/p>\n<h3>Sehenswerter Friedhof<\/h3>\n<p>Au\u00dferhalb der Kirche folgt ihr dann rechts dem Weg zum Friedhof <strong>The Necropolis<\/strong>, der auf einem H\u00fcgel angelegt wurde. Der Aufstieg sieht wilder aus als er ist, man erreicht die Spitze schon nach wenigen Minuten ohne gro\u00dfe Anstrengung. Neben vielen sch\u00f6nen Grabsteinen habt ihr von hier oben auch einen wunderbaren Blick \u00fcber Teile der Stadt!<\/p>\n<div class=\"fotospots\">\n<h3>Fotospots<\/h3>\n<div id='gallery-8' class='gallery galleryid-5032 gallery-columns-7 gallery-size-thumbnail'><figure class='gallery-item'>\n\t\t\t<div class='gallery-icon landscape'>\n\t\t\t\t<a href='https:\/\/coeser.de\/blog\/wp-content\/uploads\/2017\/09\/glasgow-saint-mungos-cathedral-gal01-christian-oeser.jpg' title=\"Au\u00dfenansicht der St. Mungo&#039;s Cathedral von Glasgow\" data-rl_title=\"Au\u00dfenansicht der St. Mungo&#039;s Cathedral von Glasgow\" class=\"rl-gallery-link\" data-rl_caption=\"Aufnahmeort anzeigen\" data-rel=\"lightbox-gallery-8\"><img loading=\"lazy\" decoding=\"async\" width=\"150\" height=\"150\" src=\"https:\/\/coeser.de\/blog\/wp-content\/uploads\/2017\/09\/glasgow-saint-mungos-cathedral-gal01-christian-oeser-150x150.jpg\" class=\"attachment-thumbnail size-thumbnail\" alt=\"Au\u00dfenansicht der St. Mungo&#039;s Cathedral von Glasgow\" aria-describedby=\"gallery-8-5122\" \/><\/a>\n\t\t\t<\/div>\n\t\t\t\t<figcaption class='wp-caption-text gallery-caption' id='gallery-8-5122'>\n\t\t\t\tAu\u00dfenansicht der St. Mungo&#8217;s Cathedral von Glasgow\n\t\t\t\t<\/figcaption><\/figure><figure class='gallery-item'>\n\t\t\t<div class='gallery-icon landscape'>\n\t\t\t\t<a href='https:\/\/coeser.de\/blog\/wp-content\/uploads\/2017\/09\/glasgow-saint-mungos-cathedral-gal02-christian-oeser.jpg' title=\"Innenansicht der St. Mungo&#039;s Cathedral\" data-rl_title=\"Innenansicht der St. Mungo&#039;s Cathedral\" class=\"rl-gallery-link\" data-rl_caption=\"Aufnahmeort anzeigen\" data-rel=\"lightbox-gallery-8\"><img loading=\"lazy\" decoding=\"async\" width=\"150\" height=\"150\" src=\"https:\/\/coeser.de\/blog\/wp-content\/uploads\/2017\/09\/glasgow-saint-mungos-cathedral-gal02-christian-oeser-150x150.jpg\" class=\"attachment-thumbnail size-thumbnail\" alt=\"Innenansicht der St. Mungo&#039;s Cathedral\" aria-describedby=\"gallery-8-5123\" \/><\/a>\n\t\t\t<\/div>\n\t\t\t\t<figcaption class='wp-caption-text gallery-caption' id='gallery-8-5123'>\n\t\t\t\tInnenansicht der St. Mungo&#8217;s Cathedral\n\t\t\t\t<\/figcaption><\/figure><figure class='gallery-item'>\n\t\t\t<div class='gallery-icon landscape'>\n\t\t\t\t<a href='https:\/\/coeser.de\/blog\/wp-content\/uploads\/2017\/09\/glasgow-saint-mungos-cathedral-gal03-christian-oeser.jpg' title=\"Innenansicht der St. Mungo&#039;s Cathedral\" data-rl_title=\"Innenansicht der St. Mungo&#039;s Cathedral\" class=\"rl-gallery-link\" data-rl_caption=\"Aufnahmeort anzeigen\" data-rel=\"lightbox-gallery-8\"><img loading=\"lazy\" decoding=\"async\" width=\"150\" height=\"150\" src=\"https:\/\/coeser.de\/blog\/wp-content\/uploads\/2017\/09\/glasgow-saint-mungos-cathedral-gal03-christian-oeser-150x150.jpg\" class=\"attachment-thumbnail size-thumbnail\" alt=\"Innenansicht der St. Mungo&#039;s Cathedral\" aria-describedby=\"gallery-8-5124\" \/><\/a>\n\t\t\t<\/div>\n\t\t\t\t<figcaption class='wp-caption-text gallery-caption' id='gallery-8-5124'>\n\t\t\t\tInnenansicht der St. Mungo&#8217;s Cathedral\n\t\t\t\t<\/figcaption><\/figure><figure class='gallery-item'>\n\t\t\t<div class='gallery-icon portrait'>\n\t\t\t\t<a href='https:\/\/coeser.de\/blog\/wp-content\/uploads\/2017\/09\/glasgow-saint-mungos-cathedral-gal04-christian-oeser.jpg' title=\"Innenansicht der St. Mungo&#039;s Cathedral\" data-rl_title=\"Innenansicht der St. Mungo&#039;s Cathedral\" class=\"rl-gallery-link\" data-rl_caption=\"Aufnahmeort anzeigen\" data-rel=\"lightbox-gallery-8\"><img loading=\"lazy\" decoding=\"async\" width=\"150\" height=\"150\" src=\"https:\/\/coeser.de\/blog\/wp-content\/uploads\/2017\/09\/glasgow-saint-mungos-cathedral-gal04-christian-oeser-150x150.jpg\" class=\"attachment-thumbnail size-thumbnail\" alt=\"Innenansicht der St. Mungo&#039;s Cathedral\" aria-describedby=\"gallery-8-5125\" \/><\/a>\n\t\t\t<\/div>\n\t\t\t\t<figcaption class='wp-caption-text gallery-caption' id='gallery-8-5125'>\n\t\t\t\tInnenansicht der St. Mungo&#8217;s Cathedral\n\t\t\t\t<\/figcaption><\/figure><figure class='gallery-item'>\n\t\t\t<div class='gallery-icon portrait'>\n\t\t\t\t<a href='https:\/\/coeser.de\/blog\/wp-content\/uploads\/2017\/09\/glasgow-saint-mungos-cathedral-gal05-christian-oeser.jpg' title=\"Innenansicht der St. Mungo&#039;s Cathedral\" data-rl_title=\"Innenansicht der St. Mungo&#039;s Cathedral\" class=\"rl-gallery-link\" data-rl_caption=\"Aufnahmeort anzeigen\" data-rel=\"lightbox-gallery-8\"><img loading=\"lazy\" decoding=\"async\" width=\"150\" height=\"150\" src=\"https:\/\/coeser.de\/blog\/wp-content\/uploads\/2017\/09\/glasgow-saint-mungos-cathedral-gal05-christian-oeser-150x150.jpg\" class=\"attachment-thumbnail size-thumbnail\" alt=\"Innenansicht der St. Mungo&#039;s Cathedral\" aria-describedby=\"gallery-8-5126\" \/><\/a>\n\t\t\t<\/div>\n\t\t\t\t<figcaption class='wp-caption-text gallery-caption' id='gallery-8-5126'>\n\t\t\t\tInnenansicht der St. Mungo&#8217;s Cathedral\n\t\t\t\t<\/figcaption><\/figure><figure class='gallery-item'>\n\t\t\t<div class='gallery-icon landscape'>\n\t\t\t\t<a href='https:\/\/coeser.de\/blog\/wp-content\/uploads\/2017\/09\/glasgow-saint-mungos-cathedral-gal06-christian-oeser.jpg' title=\"Die Krypta in der St. Mungo&#039;s Cathedral\" data-rl_title=\"Die Krypta in der St. Mungo&#039;s Cathedral\" class=\"rl-gallery-link\" data-rl_caption=\"Aufnahmeort anzeigen\" data-rel=\"lightbox-gallery-8\"><img loading=\"lazy\" decoding=\"async\" width=\"150\" height=\"150\" src=\"https:\/\/coeser.de\/blog\/wp-content\/uploads\/2017\/09\/glasgow-saint-mungos-cathedral-gal06-christian-oeser-150x150.jpg\" class=\"attachment-thumbnail size-thumbnail\" alt=\"Die Krypta in der St. Mungo&#039;s Cathedral\" aria-describedby=\"gallery-8-5127\" \/><\/a>\n\t\t\t<\/div>\n\t\t\t\t<figcaption class='wp-caption-text gallery-caption' id='gallery-8-5127'>\n\t\t\t\tDie Krypta in der St. Mungo&#8217;s Cathedral\n\t\t\t\t<\/figcaption><\/figure><figure class='gallery-item'>\n\t\t\t<div class='gallery-icon landscape'>\n\t\t\t\t<a href='https:\/\/coeser.de\/blog\/wp-content\/uploads\/2017\/09\/glasgow-necropolis-gal01-christian-oeser.jpg' title=\"Blick auf den Friedhof The Necropolis\" data-rl_title=\"Blick auf den Friedhof The Necropolis\" class=\"rl-gallery-link\" data-rl_caption=\"Aufnahmeort anzeigen\" data-rel=\"lightbox-gallery-8\"><img loading=\"lazy\" decoding=\"async\" width=\"150\" height=\"150\" src=\"https:\/\/coeser.de\/blog\/wp-content\/uploads\/2017\/09\/glasgow-necropolis-gal01-christian-oeser-150x150.jpg\" class=\"attachment-thumbnail size-thumbnail\" alt=\"Blick auf den Friedhof The Necropolis\" aria-describedby=\"gallery-8-5135\" \/><\/a>\n\t\t\t<\/div>\n\t\t\t\t<figcaption class='wp-caption-text gallery-caption' id='gallery-8-5135'>\n\t\t\t\tBlick auf den Friedhof The Necropolis\n\t\t\t\t<\/figcaption><\/figure><figure class='gallery-item'>\n\t\t\t<div class='gallery-icon landscape'>\n\t\t\t\t<a href='https:\/\/coeser.de\/blog\/wp-content\/uploads\/2017\/09\/glasgow-necropolis-gal02-christian-oeser.jpg' title=\"Blick vom Friedhof The Necropolis auf die St. Mungo&#039;s Cathedral\" data-rl_title=\"Blick vom Friedhof The Necropolis auf die St. Mungo&#039;s Cathedral\" class=\"rl-gallery-link\" data-rl_caption=\"Aufnahmeort anzeigen\" data-rel=\"lightbox-gallery-8\"><img loading=\"lazy\" decoding=\"async\" width=\"150\" height=\"150\" src=\"https:\/\/coeser.de\/blog\/wp-content\/uploads\/2017\/09\/glasgow-necropolis-gal02-christian-oeser-150x150.jpg\" class=\"attachment-thumbnail size-thumbnail\" alt=\"Blick vom Friedhof The Necropolis auf die St. Mungo&#039;s Cathedral\" aria-describedby=\"gallery-8-5128\" \/><\/a>\n\t\t\t<\/div>\n\t\t\t\t<figcaption class='wp-caption-text gallery-caption' id='gallery-8-5128'>\n\t\t\t\tBlick vom Friedhof The Necropolis auf die St. Mungo&#8217;s Cathedral\n\t\t\t\t<\/figcaption><\/figure><figure class='gallery-item'>\n\t\t\t<div class='gallery-icon landscape'>\n\t\t\t\t<a href='https:\/\/coeser.de\/blog\/wp-content\/uploads\/2017\/09\/glasgow-necropolis-gal03-christian-oeser.jpg' title=\"Der Friedhof The Necropolis\" data-rl_title=\"Der Friedhof The Necropolis\" class=\"rl-gallery-link\" data-rl_caption=\"Aufnahmeort anzeigen\" data-rel=\"lightbox-gallery-8\"><img loading=\"lazy\" decoding=\"async\" width=\"150\" height=\"150\" src=\"https:\/\/coeser.de\/blog\/wp-content\/uploads\/2017\/09\/glasgow-necropolis-gal03-christian-oeser-150x150.jpg\" class=\"attachment-thumbnail size-thumbnail\" alt=\"Der Friedhof The Necropolis\" aria-describedby=\"gallery-8-5129\" \/><\/a>\n\t\t\t<\/div>\n\t\t\t\t<figcaption class='wp-caption-text gallery-caption' id='gallery-8-5129'>\n\t\t\t\tDer Friedhof The Necropolis\n\t\t\t\t<\/figcaption><\/figure><figure class='gallery-item'>\n\t\t\t<div class='gallery-icon landscape'>\n\t\t\t\t<a href='https:\/\/coeser.de\/blog\/wp-content\/uploads\/2017\/09\/glasgow-necropolis-gal04-christian-oeser.jpg' title=\"Der Friedhof The Necropolis\" data-rl_title=\"Der Friedhof The Necropolis\" class=\"rl-gallery-link\" data-rl_caption=\"Aufnahmeort anzeigen\" data-rel=\"lightbox-gallery-8\"><img loading=\"lazy\" decoding=\"async\" width=\"150\" height=\"150\" src=\"https:\/\/coeser.de\/blog\/wp-content\/uploads\/2017\/09\/glasgow-necropolis-gal04-christian-oeser-150x150.jpg\" class=\"attachment-thumbnail size-thumbnail\" alt=\"Der Friedhof The Necropolis\" aria-describedby=\"gallery-8-5130\" \/><\/a>\n\t\t\t<\/div>\n\t\t\t\t<figcaption class='wp-caption-text gallery-caption' id='gallery-8-5130'>\n\t\t\t\tDer Friedhof The Necropolis\n\t\t\t\t<\/figcaption><\/figure><figure class='gallery-item'>\n\t\t\t<div class='gallery-icon landscape'>\n\t\t\t\t<a href='https:\/\/coeser.de\/blog\/wp-content\/uploads\/2017\/09\/glasgow-necropolis-gal05-christian-oeser.jpg' title=\"Der Friedhof The Necropolis\" data-rl_title=\"Der Friedhof The Necropolis\" class=\"rl-gallery-link\" data-rl_caption=\"Aufnahmeort anzeigen\" data-rel=\"lightbox-gallery-8\"><img loading=\"lazy\" decoding=\"async\" width=\"150\" height=\"150\" src=\"https:\/\/coeser.de\/blog\/wp-content\/uploads\/2017\/09\/glasgow-necropolis-gal05-christian-oeser-150x150.jpg\" class=\"attachment-thumbnail size-thumbnail\" alt=\"Der Friedhof The Necropolis\" aria-describedby=\"gallery-8-5131\" \/><\/a>\n\t\t\t<\/div>\n\t\t\t\t<figcaption class='wp-caption-text gallery-caption' id='gallery-8-5131'>\n\t\t\t\tDer Friedhof The Necropolis\n\t\t\t\t<\/figcaption><\/figure><figure class='gallery-item'>\n\t\t\t<div class='gallery-icon landscape'>\n\t\t\t\t<a href='https:\/\/coeser.de\/blog\/wp-content\/uploads\/2017\/09\/glasgow-necropolis-gal06-christian-oeser.jpg' title=\"Blick vom Friedhof The Necropolis auf die St. Mungo&#039;s Cathedral\" data-rl_title=\"Blick vom Friedhof The Necropolis auf die St. Mungo&#039;s Cathedral\" class=\"rl-gallery-link\" data-rl_caption=\"Aufnahmeort anzeigen\" data-rel=\"lightbox-gallery-8\"><img loading=\"lazy\" decoding=\"async\" width=\"150\" height=\"150\" src=\"https:\/\/coeser.de\/blog\/wp-content\/uploads\/2017\/09\/glasgow-necropolis-gal06-christian-oeser-150x150.jpg\" class=\"attachment-thumbnail size-thumbnail\" alt=\"Blick vom Friedhof The Necropolis auf die St. Mungo&#039;s Cathedral\" aria-describedby=\"gallery-8-5132\" \/><\/a>\n\t\t\t<\/div>\n\t\t\t\t<figcaption class='wp-caption-text gallery-caption' id='gallery-8-5132'>\n\t\t\t\tBlick vom Friedhof The Necropolis auf die St. Mungo&#8217;s Cathedral\n\t\t\t\t<\/figcaption><\/figure><figure class='gallery-item'>\n\t\t\t<div class='gallery-icon landscape'>\n\t\t\t\t<a href='https:\/\/coeser.de\/blog\/wp-content\/uploads\/2017\/09\/glasgow-necropolis-gal07-christian-oeser.jpg' title=\"Der Friedhof The Necropolis\" data-rl_title=\"Der Friedhof The Necropolis\" class=\"rl-gallery-link\" data-rl_caption=\"Aufnahmeort anzeigen\" data-rel=\"lightbox-gallery-8\"><img loading=\"lazy\" decoding=\"async\" width=\"150\" height=\"150\" src=\"https:\/\/coeser.de\/blog\/wp-content\/uploads\/2017\/09\/glasgow-necropolis-gal07-christian-oeser-150x150.jpg\" class=\"attachment-thumbnail size-thumbnail\" alt=\"Der Friedhof The Necropolis\" aria-describedby=\"gallery-8-5133\" \/><\/a>\n\t\t\t<\/div>\n\t\t\t\t<figcaption class='wp-caption-text gallery-caption' id='gallery-8-5133'>\n\t\t\t\tDer Friedhof The Necropolis\n\t\t\t\t<\/figcaption><\/figure><figure class='gallery-item'>\n\t\t\t<div class='gallery-icon landscape'>\n\t\t\t\t<a href='https:\/\/coeser.de\/blog\/wp-content\/uploads\/2017\/09\/glasgow-necropolis-gal08-christian-oeser.jpg' title=\"Blick vom Friedhof The Necropolis auf die St. Mungo&#039;s Cathedral\" data-rl_title=\"Blick vom Friedhof The Necropolis auf die St. Mungo&#039;s Cathedral\" class=\"rl-gallery-link\" data-rl_caption=\"Aufnahmeort anzeigen\" data-rel=\"lightbox-gallery-8\"><img loading=\"lazy\" decoding=\"async\" width=\"150\" height=\"150\" src=\"https:\/\/coeser.de\/blog\/wp-content\/uploads\/2017\/09\/glasgow-necropolis-gal08-christian-oeser-150x150.jpg\" class=\"attachment-thumbnail size-thumbnail\" alt=\"Blick vom Friedhof The Necropolis auf die St. Mungo&#039;s Cathedral\" aria-describedby=\"gallery-8-5134\" \/><\/a>\n\t\t\t<\/div>\n\t\t\t\t<figcaption class='wp-caption-text gallery-caption' id='gallery-8-5134'>\n\t\t\t\tBlick vom Friedhof The Necropolis auf die St. Mungo&#8217;s Cathedral\n\t\t\t\t<\/figcaption><\/figure>\n\t\t<\/div>\n\n<\/div>\n<p>&nbsp;<\/p>\n<hr \/>\n<h2>People&#8217;s Palace and Winter Garden<\/h2>\n<p>Der <strong>People&#8217;s Palace and Winter Garden<\/strong> ist eine Mischung aus Museum und Erholungsraum. Im roten Sandsteingeb\u00e4ude erz\u00e4hlen historische Gem\u00e4lde, Fotos und Dokumente \u00fcber die Stadt und seine Bewohner von 1750 bis heute. Der Eintritt ist frei, die \u00d6ffnungszeiten gibt es auf der Seite <a href=\"https:\/\/www.glasgowlife.org.uk\/museums\/venues\/peoples-palace\" target=\"_blank\" rel=\"noopener noreferrer\"><strong>glasgowlife.org.uk<\/strong><\/a>. Das Museum war aber nicht der Grund meines Besuchs, sondern der Wintergarten in Form eines Glaspalasts dahinter. Darin sind eine Menge teils exotische Pflanzen beheimatet, die man auf einem kleinen Rundweg aus der N\u00e4he erkunden kann.<\/p>\n<h3>Kaffee trinken im Glaspalast<\/h3>\n<p>Ein Caf\u00e9 l\u00e4dt zu einer Pause ein, wobei ein Capucchino mit Karottenkuchen eine echt leckere Kombination war. Vor dem Geb\u00e4ude steht \u00fcbrigens mit dem <strong>Doulton Fountain<\/strong> ein mit zahlreichen Details verzierter Brunnen, den ihr euch aus der N\u00e4he ansehen solltet \u2013 es handelt sich dabei immerhin um den gr\u00f6\u00dften aus Terrakotta gefertigten der Welt!<\/p>\n<div class=\"fotospots\">\n<h3>Fotospots<\/h3>\n<div id='gallery-9' class='gallery galleryid-5032 gallery-columns-7 gallery-size-thumbnail'><figure class='gallery-item'>\n\t\t\t<div class='gallery-icon landscape'>\n\t\t\t\t<a href='https:\/\/coeser.de\/blog\/wp-content\/uploads\/2017\/09\/glasgow-peoples-palace-winter-garden-gal07-christian-oeser.jpg' title=\"Au\u00dfenansicht des People&#039;s Palace And Winter Garden in Glasgow\" data-rl_title=\"Au\u00dfenansicht des People&#039;s Palace And Winter Garden in Glasgow\" class=\"rl-gallery-link\" data-rl_caption=\"Aufnahmeort anzeigen\" data-rel=\"lightbox-gallery-9\"><img loading=\"lazy\" decoding=\"async\" width=\"150\" height=\"150\" src=\"https:\/\/coeser.de\/blog\/wp-content\/uploads\/2017\/09\/glasgow-peoples-palace-winter-garden-gal07-christian-oeser-150x150.jpg\" class=\"attachment-thumbnail size-thumbnail\" alt=\"Au\u00dfenansicht des People&#039;s Palace And Winter Garden in Glasgow\" aria-describedby=\"gallery-9-5145\" \/><\/a>\n\t\t\t<\/div>\n\t\t\t\t<figcaption class='wp-caption-text gallery-caption' id='gallery-9-5145'>\n\t\t\t\tAu\u00dfenansicht des People&#8217;s Palace And Winter Garden in Glasgow\n\t\t\t\t<\/figcaption><\/figure><figure class='gallery-item'>\n\t\t\t<div class='gallery-icon landscape'>\n\t\t\t\t<a href='https:\/\/coeser.de\/blog\/wp-content\/uploads\/2017\/09\/glasgow-peoples-palace-winter-garden-gal06-christian-oeser.jpg' title=\"Der Brunnen Doulton Fountain vor dem People&#039;s Palace And Winter Garden in Glasgow\" data-rl_title=\"Der Brunnen Doulton Fountain vor dem People&#039;s Palace And Winter Garden in Glasgow\" class=\"rl-gallery-link\" data-rl_caption=\"Aufnahmeort anzeigen\" data-rel=\"lightbox-gallery-9\"><img loading=\"lazy\" decoding=\"async\" width=\"150\" height=\"150\" src=\"https:\/\/coeser.de\/blog\/wp-content\/uploads\/2017\/09\/glasgow-peoples-palace-winter-garden-gal06-christian-oeser-150x150.jpg\" class=\"attachment-thumbnail size-thumbnail\" alt=\"Der Brunnen Doulton Fountain vor dem People&#039;s Palace And Winter Garden in Glasgow\" aria-describedby=\"gallery-9-5144\" \/><\/a>\n\t\t\t<\/div>\n\t\t\t\t<figcaption class='wp-caption-text gallery-caption' id='gallery-9-5144'>\n\t\t\t\tDer Brunnen Doulton Fountain vor dem People&#8217;s Palace And Winter Garden in Glasgow\n\t\t\t\t<\/figcaption><\/figure><figure class='gallery-item'>\n\t\t\t<div class='gallery-icon landscape'>\n\t\t\t\t<a href='https:\/\/coeser.de\/blog\/wp-content\/uploads\/2017\/09\/glasgow-peoples-palace-winter-garden-gal02-christian-oeser.jpg' title=\"Der Wintergarten des People&#039;s Palace And Winter Garden in Glasgow\" data-rl_title=\"Der Wintergarten des People&#039;s Palace And Winter Garden in Glasgow\" class=\"rl-gallery-link\" data-rl_caption=\"Aufnahmeort anzeigen\" data-rel=\"lightbox-gallery-9\"><img loading=\"lazy\" decoding=\"async\" width=\"150\" height=\"150\" src=\"https:\/\/coeser.de\/blog\/wp-content\/uploads\/2017\/09\/glasgow-peoples-palace-winter-garden-gal02-christian-oeser-150x150.jpg\" class=\"attachment-thumbnail size-thumbnail\" alt=\"Der Wintergarten des People&#039;s Palace And Winter Garden in Glasgow\" aria-describedby=\"gallery-9-5140\" \/><\/a>\n\t\t\t<\/div>\n\t\t\t\t<figcaption class='wp-caption-text gallery-caption' id='gallery-9-5140'>\n\t\t\t\tDer Wintergarten des People&#8217;s Palace And Winter Garden in Glasgow\n\t\t\t\t<\/figcaption><\/figure><figure class='gallery-item'>\n\t\t\t<div class='gallery-icon portrait'>\n\t\t\t\t<a href='https:\/\/coeser.de\/blog\/wp-content\/uploads\/2017\/09\/glasgow-peoples-palace-winter-garden-gal01-christian-oeser.jpg' title=\"Die Pflanzenwelt im Wintergarten des People&#039;s Palace And Winter Garden in Glasgow\" data-rl_title=\"Die Pflanzenwelt im Wintergarten des People&#039;s Palace And Winter Garden in Glasgow\" class=\"rl-gallery-link\" data-rl_caption=\"Aufnahmeort anzeigen\" data-rel=\"lightbox-gallery-9\"><img loading=\"lazy\" decoding=\"async\" width=\"150\" height=\"150\" src=\"https:\/\/coeser.de\/blog\/wp-content\/uploads\/2017\/09\/glasgow-peoples-palace-winter-garden-gal01-christian-oeser-150x150.jpg\" class=\"attachment-thumbnail size-thumbnail\" alt=\"Die Pflanzenwelt im Wintergarten des People&#039;s Palace And Winter Garden in Glasgow\" aria-describedby=\"gallery-9-5139\" \/><\/a>\n\t\t\t<\/div>\n\t\t\t\t<figcaption class='wp-caption-text gallery-caption' id='gallery-9-5139'>\n\t\t\t\tDie Pflanzenwelt im Wintergarten des People&#8217;s Palace And Winter Garden in Glasgow\n\t\t\t\t<\/figcaption><\/figure><figure class='gallery-item'>\n\t\t\t<div class='gallery-icon landscape'>\n\t\t\t\t<a href='https:\/\/coeser.de\/blog\/wp-content\/uploads\/2017\/09\/glasgow-peoples-palace-winter-garden-gal03-christian-oeser.jpg' title=\"Die Pflanzenwelt im Wintergarten des People&#039;s Palace And Winter Garden in Glasgow\" data-rl_title=\"Die Pflanzenwelt im Wintergarten des People&#039;s Palace And Winter Garden in Glasgow\" class=\"rl-gallery-link\" data-rl_caption=\"Aufnahmeort anzeigen\" data-rel=\"lightbox-gallery-9\"><img loading=\"lazy\" decoding=\"async\" width=\"150\" height=\"150\" src=\"https:\/\/coeser.de\/blog\/wp-content\/uploads\/2017\/09\/glasgow-peoples-palace-winter-garden-gal03-christian-oeser-150x150.jpg\" class=\"attachment-thumbnail size-thumbnail\" alt=\"Die Pflanzenwelt im Wintergarten des People&#039;s Palace And Winter Garden in Glasgow\" aria-describedby=\"gallery-9-5141\" \/><\/a>\n\t\t\t<\/div>\n\t\t\t\t<figcaption class='wp-caption-text gallery-caption' id='gallery-9-5141'>\n\t\t\t\tDie Pflanzenwelt im Wintergarten des People&#8217;s Palace And Winter Garden in Glasgow\n\t\t\t\t<\/figcaption><\/figure><figure class='gallery-item'>\n\t\t\t<div class='gallery-icon portrait'>\n\t\t\t\t<a href='https:\/\/coeser.de\/blog\/wp-content\/uploads\/2017\/09\/glasgow-peoples-palace-winter-garden-gal04-christian-oeser.jpg' title=\"Die Pflanzenwelt im Wintergarten des People&#039;s Palace And Winter Garden in Glasgow\" data-rl_title=\"Die Pflanzenwelt im Wintergarten des People&#039;s Palace And Winter Garden in Glasgow\" class=\"rl-gallery-link\" data-rl_caption=\"Aufnahmeort anzeigen\" data-rel=\"lightbox-gallery-9\"><img loading=\"lazy\" decoding=\"async\" width=\"150\" height=\"150\" src=\"https:\/\/coeser.de\/blog\/wp-content\/uploads\/2017\/09\/glasgow-peoples-palace-winter-garden-gal04-christian-oeser-150x150.jpg\" class=\"attachment-thumbnail size-thumbnail\" alt=\"Die Pflanzenwelt im Wintergarten des People&#039;s Palace And Winter Garden in Glasgow\" aria-describedby=\"gallery-9-5142\" \/><\/a>\n\t\t\t<\/div>\n\t\t\t\t<figcaption class='wp-caption-text gallery-caption' id='gallery-9-5142'>\n\t\t\t\tDie Pflanzenwelt im Wintergarten des People&#8217;s Palace And Winter Garden in Glasgow\n\t\t\t\t<\/figcaption><\/figure><figure class='gallery-item'>\n\t\t\t<div class='gallery-icon portrait'>\n\t\t\t\t<a href='https:\/\/coeser.de\/blog\/wp-content\/uploads\/2017\/09\/glasgow-peoples-palace-winter-garden-gal05-christian-oeser.jpg' title=\"Kaffee und Kuchen im People&#039;s Palace And Winter Garden in Glasgow\" data-rl_title=\"Kaffee und Kuchen im People&#039;s Palace And Winter Garden in Glasgow\" class=\"rl-gallery-link\" data-rl_caption=\"Aufnahmeort anzeigen\" data-rel=\"lightbox-gallery-9\"><img loading=\"lazy\" decoding=\"async\" width=\"150\" height=\"150\" src=\"https:\/\/coeser.de\/blog\/wp-content\/uploads\/2017\/09\/glasgow-peoples-palace-winter-garden-gal05-christian-oeser-150x150.jpg\" class=\"attachment-thumbnail size-thumbnail\" alt=\"Kaffee und Kuchen im People&#039;s Palace And Winter Garden in Glasgow\" aria-describedby=\"gallery-9-5143\" \/><\/a>\n\t\t\t<\/div>\n\t\t\t\t<figcaption class='wp-caption-text gallery-caption' id='gallery-9-5143'>\n\t\t\t\tKaffee und Kuchen im People&#8217;s Palace And Winter Garden in Glasgow\n\t\t\t\t<\/figcaption><\/figure>\n\t\t<\/div>\n\n<\/div>\n<p>&nbsp;<\/p>\n<hr \/>\n<h2>Stadtentwicklung in Glasgow an der Clyde Waterfront<\/h2>\n<p>Glasgow war fr\u00fcher eine Hochburg, was den Bau von Schiffen und Lokomotiven anbelangte. Mit der fortschreitenden Technisierung kam der Niedergang dieser Industrie und der Verfall der Werften am Clyde River. Mitte der 80er-Jahre ist das Hafengebiet aber in den Fokus von Bautr\u00e4gern geraten &#8211; die Revitalisierung von ca. 20 Kilometern Fl\u00e4che wurde gestartet, was bis heute andauert. Ich habe mir nur einen kleinen Teil der sogenannten <strong>Clyde Waterfront<\/strong> angesehen, aber der hat es in sich!<\/p>\n<h3>Ein Kran als Denkmal<\/h3>\n<p>Als stummer Zeitzeuge steht \u00f6stlich der Innenstadt der <strong>Finnieston Crane<\/strong>, ein riesiger Kran zum Verladen der schweren G\u00fcter damals. Umgeben ist er aber nicht mehr von alten Fabriken, sondern neuen modernen Geb\u00e4uden wie der Mehrzweckhalle <strong>SSE Hydro<\/strong>, der Zentrale von <strong>BBC Scotland<\/strong> und des Konzerttheaters <strong>Clyde Auditorium<\/strong>. Verbunden habe ich den abendlichen Spaziergang an der Clyde Waterfront \u00fcbrigens mit dem Riverside Museum (leider nur von au\u00dfen), \u00fcber das ich euch im n\u00e4chsten Absatz etwas erz\u00e4hle. Aus Zeitgr\u00fcnden generell auslassen musste ich leider das <em>Glasgow Science Centre<\/em>.<\/p>\n<div class=\"tipps\">\n<h3>HINWEIS<\/h3>\n<p>Der Stahlkoloss Finnieston Crane ist super anzusehen, aber f\u00fcr Besucher tabu. Es gibt allerdings einige Kilometer stromaufw\u00e4rts des Clyde River einen \u00e4hnlichen Kran, den man tats\u00e4chlich besteigen kann \u2013 ich selbst habe das aber nicht getan. Um zum Titan Crane zu kommen, braucht ihr aber leider ein Auto.<\/p>\n<\/div>\n<p>&nbsp;<\/p>\n<div class=\"fotospots\">\n<h3>Fotospots<\/h3>\n<p>Einen besonders guten Blick auf die Bauwerke hat man sowohl von der modernen Br\u00fccke<strong> The Clyde Arc<\/strong> als auch ein St\u00fcck weiter stromaufw\u00e4rts von der <strong>Bell&#8217;s Bridge<\/strong>.<\/p>\n<div id='gallery-10' class='gallery galleryid-5032 gallery-columns-7 gallery-size-thumbnail'><figure class='gallery-item'>\n\t\t\t<div class='gallery-icon landscape'>\n\t\t\t\t<a href='https:\/\/coeser.de\/blog\/wp-content\/uploads\/2017\/09\/glasgow-finnieston-crane-clyde-arc-gal01-christian-oeser.jpg' title=\"Nachtansicht der Clyde Waterfront mit dem Finnieston Crane und der Br\u00fccke The Clyde Arc\" data-rl_title=\"Nachtansicht der Clyde Waterfront mit dem Finnieston Crane und der Br\u00fccke The Clyde Arc\" class=\"rl-gallery-link\" data-rl_caption=\"Aufnahmeort anzeigen\" data-rel=\"lightbox-gallery-10\"><img loading=\"lazy\" decoding=\"async\" width=\"150\" height=\"150\" src=\"https:\/\/coeser.de\/blog\/wp-content\/uploads\/2017\/09\/glasgow-finnieston-crane-clyde-arc-gal01-christian-oeser-150x150.jpg\" class=\"attachment-thumbnail size-thumbnail\" alt=\"Nachtansicht der Clyde Waterfront mit dem Finnieston Crane und der Br\u00fccke The Clyde Arc\" aria-describedby=\"gallery-10-5146\" \/><\/a>\n\t\t\t<\/div>\n\t\t\t\t<figcaption class='wp-caption-text gallery-caption' id='gallery-10-5146'>\n\t\t\t\tNachtansicht der Clyde Waterfront mit dem Finnieston Crane und der Br\u00fccke The Clyde Arc\n\t\t\t\t<\/figcaption><\/figure><figure class='gallery-item'>\n\t\t\t<div class='gallery-icon landscape'>\n\t\t\t\t<a href='https:\/\/coeser.de\/blog\/wp-content\/uploads\/2017\/09\/glasgow-finnieston-crane-clyde-arc-gal03-christian-oeser.jpg' title=\"Nachtansicht der Clyde Waterfront mit Clyde Auditorium und Finnieston Crane\" data-rl_title=\"Nachtansicht der Clyde Waterfront mit Clyde Auditorium und Finnieston Crane\" class=\"rl-gallery-link\" data-rl_caption=\"Aufnahmeort anzeigen\" data-rel=\"lightbox-gallery-10\"><img loading=\"lazy\" decoding=\"async\" width=\"150\" height=\"150\" src=\"https:\/\/coeser.de\/blog\/wp-content\/uploads\/2017\/09\/glasgow-finnieston-crane-clyde-arc-gal03-christian-oeser-150x150.jpg\" class=\"attachment-thumbnail size-thumbnail\" alt=\"Nachtansicht der Clyde Waterfront mit Clyde Auditorium und Finnieston Crane\" aria-describedby=\"gallery-10-5148\" \/><\/a>\n\t\t\t<\/div>\n\t\t\t\t<figcaption class='wp-caption-text gallery-caption' id='gallery-10-5148'>\n\t\t\t\tNachtansicht der Clyde Waterfront mit Clyde Auditorium und Finnieston Crane\n\t\t\t\t<\/figcaption><\/figure><figure class='gallery-item'>\n\t\t\t<div class='gallery-icon landscape'>\n\t\t\t\t<a href='https:\/\/coeser.de\/blog\/wp-content\/uploads\/2017\/09\/glasgow-finnieston-crane-clyde-arc-gal04-christian-oeser.jpg' title=\"Nachtansicht der Clyde Waterfront mit SSE Hydro, Clyde Auditorium und Finnieston Crane\" data-rl_title=\"Nachtansicht der Clyde Waterfront mit SSE Hydro, Clyde Auditorium und Finnieston Crane\" class=\"rl-gallery-link\" data-rl_caption=\"Aufnahmeort anzeigen\" data-rel=\"lightbox-gallery-10\"><img loading=\"lazy\" decoding=\"async\" width=\"150\" height=\"150\" src=\"https:\/\/coeser.de\/blog\/wp-content\/uploads\/2017\/09\/glasgow-finnieston-crane-clyde-arc-gal04-christian-oeser-150x150.jpg\" class=\"attachment-thumbnail size-thumbnail\" alt=\"Nachtansicht der Clyde Waterfront mit SSE Hydro, Clyde Auditorium und Finnieston Crane\" aria-describedby=\"gallery-10-5149\" \/><\/a>\n\t\t\t<\/div>\n\t\t\t\t<figcaption class='wp-caption-text gallery-caption' id='gallery-10-5149'>\n\t\t\t\tNachtansicht der Clyde Waterfront mit SSE Hydro, Clyde Auditorium und Finnieston Crane\n\t\t\t\t<\/figcaption><\/figure><figure class='gallery-item'>\n\t\t\t<div class='gallery-icon landscape'>\n\t\t\t\t<a href='https:\/\/coeser.de\/blog\/wp-content\/uploads\/2017\/09\/glasgow-finnieston-crane-clyde-arc-gal02-christian-oeser.jpg' title=\"Nachtansicht der Clyde Waterfront mit der Zentrale von BBC Scotland und dem Glasgow Science Centre\" data-rl_title=\"Nachtansicht der Clyde Waterfront mit der Zentrale von BBC Scotland und dem Glasgow Science Centre\" class=\"rl-gallery-link\" data-rl_caption=\"Aufnahmeort anzeigen\" data-rel=\"lightbox-gallery-10\"><img loading=\"lazy\" decoding=\"async\" width=\"150\" height=\"150\" src=\"https:\/\/coeser.de\/blog\/wp-content\/uploads\/2017\/09\/glasgow-finnieston-crane-clyde-arc-gal02-christian-oeser-150x150.jpg\" class=\"attachment-thumbnail size-thumbnail\" alt=\"Nachtansicht der Clyde Waterfront mit der Zentrale von BBC Scotland und dem Glasgow Science Centre\" aria-describedby=\"gallery-10-5147\" \/><\/a>\n\t\t\t<\/div>\n\t\t\t\t<figcaption class='wp-caption-text gallery-caption' id='gallery-10-5147'>\n\t\t\t\tNachtansicht der Clyde Waterfront mit der Zentrale von BBC Scotland und dem Glasgow Science Centre\n\t\t\t\t<\/figcaption><\/figure><figure class='gallery-item'>\n\t\t\t<div class='gallery-icon landscape'>\n\t\t\t\t<a href='https:\/\/coeser.de\/blog\/wp-content\/uploads\/2017\/09\/glasgow-finnieston-crane-clyde-arc-gal05-christian-oeser.jpg' title=\"Nachtansicht der modernen Br\u00fccke The Clyde Arc\" data-rl_title=\"Nachtansicht der modernen Br\u00fccke The Clyde Arc\" class=\"rl-gallery-link\" data-rl_caption=\"Aufnahmeort anzeigen\" data-rel=\"lightbox-gallery-10\"><img loading=\"lazy\" decoding=\"async\" width=\"150\" height=\"150\" src=\"https:\/\/coeser.de\/blog\/wp-content\/uploads\/2017\/09\/glasgow-finnieston-crane-clyde-arc-gal05-christian-oeser-150x150.jpg\" class=\"attachment-thumbnail size-thumbnail\" alt=\"Nachtansicht der modernen Br\u00fccke The Clyde Arc\" aria-describedby=\"gallery-10-5150\" \/><\/a>\n\t\t\t<\/div>\n\t\t\t\t<figcaption class='wp-caption-text gallery-caption' id='gallery-10-5150'>\n\t\t\t\tNachtansicht der modernen Br\u00fccke The Clyde Arc\n\t\t\t\t<\/figcaption><\/figure>\n\t\t<\/div>\n\n<\/div>\n<p>&nbsp;<\/p>\n<hr \/>\n<h2><img loading=\"lazy\" decoding=\"async\" class=\"alignnone size-full wp-image-5169\" src=\"https:\/\/coeser.de\/blog\/wp-content\/uploads\/2017\/09\/glasgow-aufmacher3-riverside-museum-christian-oeser.jpg\" alt=\"Riverside Museum und Tall Ship in Glasgow\" width=\"970\" height=\"323\" srcset=\"https:\/\/coeser.de\/blog\/wp-content\/uploads\/2017\/09\/glasgow-aufmacher3-riverside-museum-christian-oeser.jpg 970w, https:\/\/coeser.de\/blog\/wp-content\/uploads\/2017\/09\/glasgow-aufmacher3-riverside-museum-christian-oeser-300x100.jpg 300w, https:\/\/coeser.de\/blog\/wp-content\/uploads\/2017\/09\/glasgow-aufmacher3-riverside-museum-christian-oeser-768x256.jpg 768w\" sizes=\"auto, (max-width: 970px) 100vw, 970px\" \/><\/h2>\n<h2>WEITERE SCH\u00d6NE PL\u00c4TZE IN GLASGOW<\/h2>\n<h2>Glasgow Riverside Museum<\/h2>\n<p>Neben den im vorigen Kapitel vorgestellten, wichtigsten Sehensw\u00fcrdigkeiten Glasgows gibt es nat\u00fcrlich noch einige weitere netten Pl\u00e4tze, die bis auf eine Ausnahme allesamt in der Innenstadt liegen und somit fu\u00dfl\u00e4ufig erreichbar sind. Aber ich beginne mit dem etwas au\u00dferhalb liegenden architektonischen Schmuckst\u00fcck, dem <strong>Riverside Museum<\/strong>. Von der (leider zu fr\u00fch verstorbenen) <a href=\"https:\/\/coeser.de\/blog\/index.php\/2020\/11\/03\/wien-zaha-hadid\/\" target=\"_blank\" rel=\"noopener\"><strong>Stararchitektin Zaha Hadid<\/strong><\/a> geplant, ist das Geb\u00e4ude mit dem wellenf\u00f6rmigen Aussehen ein echter Blickfang am Clyde River. Es beherbergt das Verkehrsmuseum und stellt alle m\u00f6glichen und unm\u00f6glichen Fahrzeuge aus Vergangenheit und Gegenwart aus. Der Eintritt ist kostenlos, f\u00fcr einen Besuch war ich aber schon viel zu sp\u00e4t dort. Informiert euch am besten auf der Webseite <a href=\"https:\/\/www.glasgowlife.org.uk\/museums\/venues\/riverside-museum\" target=\"_blank\" rel=\"noopener noreferrer\"><strong>glasgowlife.org.uk<\/strong><\/a> \u00fcber die \u00d6ffnungszeiten.<\/p>\n<h2>The Tall Ship<\/h2>\n<p>Vor dem Geb\u00e4ude liegt mit dem <strong>Tall Ship<\/strong> ein Segelschiff vor Anker, das bereits mehrmals die Welt umrundete. Auch hier kann man gratis alles an Bord besichtigen \u2014 wenn man untertags vor Ort ist. Nachdem ich schon wusste, dass beide Attraktionen geschlossen haben, bin ich gleich auf die andere Seite des Clyde River gefahren, um von dort zu fotografieren. Das hat auch tolle Bilder gebracht, allerdings ist die Gegend dort etwas verlassen und war mir nicht geheuer. Fahrt dort also abends nicht unbedingt alleine hin. Ich bin dann mit meiner Freundin noch entlang des Clyde River Richtung <em>Fienniston Crane<\/em> spaziert, was allerdings ein ganz sch\u00f6n langer Fu\u00dfmarsch ist. Au\u00dferdem verl\u00e4uft der Weg leider nicht durchgehend am Wasser, sodass ich von dieser Route eher abrate.<\/p>\n<div class=\"fotospots\">\n<h3>Fotospots<\/h3>\n<p>Zu den \u00d6ffnungszeiten des Riverside Museum und des Tall Ship ist auch eine kleine F\u00e4hrverbindung von einem Ufer zum anderen in Betrieb. Damit ist es euch m\u00f6glich, von beiden Seiten aus zu fotografieren. Mehr Infos auf der Seite <a href=\"http:\/\/www.getintogovan.com\/freeferry\/\" target=\"_blank\" rel=\"noopener noreferrer\"><strong>getintogovan.com<\/strong><\/a>.<\/p>\n<div id='gallery-11' class='gallery galleryid-5032 gallery-columns-7 gallery-size-thumbnail'><figure class='gallery-item'>\n\t\t\t<div class='gallery-icon landscape'>\n\t\t\t\t<a href='https:\/\/coeser.de\/blog\/wp-content\/uploads\/2017\/09\/glasgow-riverside-museum-tall-ship-gal02-christian-oeser.jpg' title=\"Abendd\u00e4mmerung beim Riverside Museum mit dem Tall Ship davor\" data-rl_title=\"Abendd\u00e4mmerung beim Riverside Museum mit dem Tall Ship davor\" class=\"rl-gallery-link\" data-rl_caption=\"Aufnahmeort anzeigen\" data-rel=\"lightbox-gallery-11\"><img loading=\"lazy\" decoding=\"async\" width=\"150\" height=\"150\" src=\"https:\/\/coeser.de\/blog\/wp-content\/uploads\/2017\/09\/glasgow-riverside-museum-tall-ship-gal02-christian-oeser-150x150.jpg\" class=\"attachment-thumbnail size-thumbnail\" alt=\"Abendd\u00e4mmerung beim Riverside Museum mit dem Tall Ship davor\" aria-describedby=\"gallery-11-5159\" \/><\/a>\n\t\t\t<\/div>\n\t\t\t\t<figcaption class='wp-caption-text gallery-caption' id='gallery-11-5159'>\n\t\t\t\tAbendd\u00e4mmerung beim Riverside Museum mit dem Tall Ship davor\n\t\t\t\t<\/figcaption><\/figure><figure class='gallery-item'>\n\t\t\t<div class='gallery-icon landscape'>\n\t\t\t\t<a href='https:\/\/coeser.de\/blog\/wp-content\/uploads\/2017\/09\/glasgow-riverside-museum-tall-ship-gal01-christian-oeser.jpg' title=\"Abendd\u00e4mmerung beim Riverside Museum mit dem Tall Ship davor\" data-rl_title=\"Abendd\u00e4mmerung beim Riverside Museum mit dem Tall Ship davor\" class=\"rl-gallery-link\" data-rl_caption=\"Aufnahmeort anzeigen\" data-rel=\"lightbox-gallery-11\"><img loading=\"lazy\" decoding=\"async\" width=\"150\" height=\"150\" src=\"https:\/\/coeser.de\/blog\/wp-content\/uploads\/2017\/09\/glasgow-riverside-museum-tall-ship-gal01-christian-oeser-150x150.jpg\" class=\"attachment-thumbnail size-thumbnail\" alt=\"Abendd\u00e4mmerung beim Riverside Museum mit dem Tall Ship davor\" aria-describedby=\"gallery-11-5158\" \/><\/a>\n\t\t\t<\/div>\n\t\t\t\t<figcaption class='wp-caption-text gallery-caption' id='gallery-11-5158'>\n\t\t\t\tAbendd\u00e4mmerung beim Riverside Museum mit dem Tall Ship davor\n\t\t\t\t<\/figcaption><\/figure><figure class='gallery-item'>\n\t\t\t<div class='gallery-icon landscape'>\n\t\t\t\t<a href='https:\/\/coeser.de\/blog\/wp-content\/uploads\/2017\/09\/glasgow-riverside-museum-tall-ship-gal03-christian-oeser.jpg' title=\"Neue Wohnsiedlungen an der Clyde Waterfront\" data-rl_title=\"Neue Wohnsiedlungen an der Clyde Waterfront\" class=\"rl-gallery-link\" data-rl_caption=\"Aufnahmeort anzeigen\" data-rel=\"lightbox-gallery-11\"><img loading=\"lazy\" decoding=\"async\" width=\"150\" height=\"150\" src=\"https:\/\/coeser.de\/blog\/wp-content\/uploads\/2017\/09\/glasgow-riverside-museum-tall-ship-gal03-christian-oeser-150x150.jpg\" class=\"attachment-thumbnail size-thumbnail\" alt=\"Neue Wohnsiedlungen an der Clyde Waterfront\" aria-describedby=\"gallery-11-5193\" \/><\/a>\n\t\t\t<\/div>\n\t\t\t\t<figcaption class='wp-caption-text gallery-caption' id='gallery-11-5193'>\n\t\t\t\tNeue Wohnsiedlungen an der Clyde Waterfront\n\t\t\t\t<\/figcaption><\/figure>\n\t\t<\/div>\n\n<\/div>\n<p>&nbsp;<\/p>\n<hr \/>\n<h2>Kleine Sch\u00e4tze in der Innenstadt von Glasgow<\/h2>\n<p>In der Innenstadt ist es zuerst einmal sinnvoll, sich treiben und die Atmosph\u00e4re auf sich wirken zu lassen. Dazu eignen sich gut die beiden Fu\u00dfg\u00e4ngerzonen <strong>Buchanan Street<\/strong> und <strong>Sauchiehall Street<\/strong>, die mit Gesch\u00e4ften und Lokalen ges\u00e4umt sind. Dabei sticht in der Buchanan Street mit dem Einkaufszentrum <strong>Princes Square<\/strong> ein Geb\u00e4ude hervor. Das 1841 er\u00f6ffnete Haus wurde 1988 zu einem 5-st\u00f6ckigen Shoppingtempel umgebaut und \u00fcberzeugt au\u00dfen durch seine floralen Verzierungen und innen durch die prachtvolle Architektur.<\/p>\n<p>Nicht weit davon entfernt lohnt ein Abstecher in den Hauptbahnhof <strong>Glasgow Central Station<\/strong> mit seinem m\u00e4chtigen Dach aus Glas und Eisen. Und f\u00fcr Freunde von Kirchen: gleich ums Eck der <em>Glasgow School of Art<\/em> steht die Kirche <strong>Roman Catholic Parish of St Aloysius<\/strong>. Von au\u00dfen f\u00e4llt sie \u00fcberhaupt nicht auf, aber innen ist sie absolut traumhaft! Noch weitere Tipps: Es gibt eine <a href=\"https:\/\/www.getyourguide.de\/glasgow-l438\/glasgow-vintage-bus-tour-mit-afternoon-tea-oder-gin-t425073\/?partner_id=04M0MCT&amp;utm_medium=online_publisher\" target=\"_blank\" rel=\"noopener\"><strong>Vintage Bus Tour durch Glasgow mit Afternoon Tea oder Gin<\/strong><\/a>* oder ihr macht eine <a href=\"https:\/\/www.getyourguide.de\/glasgow-l438\/glasgow-clydeside-brennerei-tour-whiskey-verkostung-t332061\/?partner_id=04M0MCT&amp;utm_medium=online_publisher\" target=\"_blank\" rel=\"noopener\"><strong>F\u00fchrung in der Clydeside-Brennerei mit Whisky-Verkostung<\/strong><\/a>*.<\/p>\n<div class=\"fotospots\">\n<h3>Fotospots<\/h3>\n<div id='gallery-12' class='gallery galleryid-5032 gallery-columns-7 gallery-size-thumbnail'><figure class='gallery-item'>\n\t\t\t<div class='gallery-icon landscape'>\n\t\t\t\t<a href='https:\/\/coeser.de\/blog\/wp-content\/uploads\/2017\/09\/glasgow-innenstadt-gal01-christian-oeser.jpg' title=\"Blick auf die Kirche St. John&#039;s Tron in der West George Street\" data-rl_title=\"Blick auf die Kirche St. John&#039;s Tron in der West George Street\" class=\"rl-gallery-link\" data-rl_caption=\"Aufnahmeort anzeigen\" data-rel=\"lightbox-gallery-12\"><img loading=\"lazy\" decoding=\"async\" width=\"150\" height=\"150\" src=\"https:\/\/coeser.de\/blog\/wp-content\/uploads\/2017\/09\/glasgow-innenstadt-gal01-christian-oeser-150x150.jpg\" class=\"attachment-thumbnail size-thumbnail\" alt=\"Blick auf die Kirche St. John&#039;s Tron in der West George Street\" aria-describedby=\"gallery-12-5151\" \/><\/a>\n\t\t\t<\/div>\n\t\t\t\t<figcaption class='wp-caption-text gallery-caption' id='gallery-12-5151'>\n\t\t\t\tBlick auf die Kirche St. John&#8217;s Tron in der West George Street\n\t\t\t\t<\/figcaption><\/figure><figure class='gallery-item'>\n\t\t\t<div class='gallery-icon landscape'>\n\t\t\t\t<a href='https:\/\/coeser.de\/blog\/wp-content\/uploads\/2017\/09\/glasgow-innenstadt-gal02-christian-oeser.jpg' title=\"Die Einkaufsstra\u00dfe Argyle Street\" data-rl_title=\"Die Einkaufsstra\u00dfe Argyle Street\" class=\"rl-gallery-link\" data-rl_caption=\"Aufnahmeort anzeigen\" data-rel=\"lightbox-gallery-12\"><img loading=\"lazy\" decoding=\"async\" width=\"150\" height=\"150\" src=\"https:\/\/coeser.de\/blog\/wp-content\/uploads\/2017\/09\/glasgow-innenstadt-gal02-christian-oeser-150x150.jpg\" class=\"attachment-thumbnail size-thumbnail\" alt=\"Die Einkaufsstra\u00dfe Argyle Street\" aria-describedby=\"gallery-12-5152\" \/><\/a>\n\t\t\t<\/div>\n\t\t\t\t<figcaption class='wp-caption-text gallery-caption' id='gallery-12-5152'>\n\t\t\t\tDie Einkaufsstra\u00dfe Argyle Street\n\t\t\t\t<\/figcaption><\/figure><figure class='gallery-item'>\n\t\t\t<div class='gallery-icon landscape'>\n\t\t\t\t<a href='https:\/\/coeser.de\/blog\/wp-content\/uploads\/2017\/09\/glasgow-innenstadt-gal03-christian-oeser.jpg' title=\"Die Einkaufsstra\u00dfe Buchanan Street\" data-rl_title=\"Die Einkaufsstra\u00dfe Buchanan Street\" class=\"rl-gallery-link\" data-rl_caption=\"Aufnahmeort anzeigen\" data-rel=\"lightbox-gallery-12\"><img loading=\"lazy\" decoding=\"async\" width=\"150\" height=\"150\" src=\"https:\/\/coeser.de\/blog\/wp-content\/uploads\/2017\/09\/glasgow-innenstadt-gal03-christian-oeser-150x150.jpg\" class=\"attachment-thumbnail size-thumbnail\" alt=\"Die Einkaufsstra\u00dfe Buchanan Street\" aria-describedby=\"gallery-12-5153\" \/><\/a>\n\t\t\t<\/div>\n\t\t\t\t<figcaption class='wp-caption-text gallery-caption' id='gallery-12-5153'>\n\t\t\t\tDie Einkaufsstra\u00dfe Buchanan Street\n\t\t\t\t<\/figcaption><\/figure><figure class='gallery-item'>\n\t\t\t<div class='gallery-icon landscape'>\n\t\t\t\t<a href='https:\/\/coeser.de\/blog\/wp-content\/uploads\/2017\/09\/glasgow-innenstadt-gal04-christian-oeser.jpg' title=\"Blick auf die Rose Street\" data-rl_title=\"Blick auf die Rose Street\" class=\"rl-gallery-link\" data-rl_caption=\"Aufnahmeort anzeigen\" data-rel=\"lightbox-gallery-12\"><img loading=\"lazy\" decoding=\"async\" width=\"150\" height=\"150\" src=\"https:\/\/coeser.de\/blog\/wp-content\/uploads\/2017\/09\/glasgow-innenstadt-gal04-christian-oeser-150x150.jpg\" class=\"attachment-thumbnail size-thumbnail\" alt=\"Blick auf die Rose Street\" aria-describedby=\"gallery-12-5154\" \/><\/a>\n\t\t\t<\/div>\n\t\t\t\t<figcaption class='wp-caption-text gallery-caption' id='gallery-12-5154'>\n\t\t\t\tBlick auf die Rose Street\n\t\t\t\t<\/figcaption><\/figure><figure class='gallery-item'>\n\t\t\t<div class='gallery-icon landscape'>\n\t\t\t\t<a href='https:\/\/coeser.de\/blog\/wp-content\/uploads\/2017\/09\/glasgow-princes-square-gal01-christian-oeser.jpg' title=\"Au\u00dfenfassade des Einkaufszentrums Princes Square\" data-rl_title=\"Au\u00dfenfassade des Einkaufszentrums Princes Square\" class=\"rl-gallery-link\" data-rl_caption=\"Aufnahmeort anzeigen\" data-rel=\"lightbox-gallery-12\"><img loading=\"lazy\" decoding=\"async\" width=\"150\" height=\"150\" src=\"https:\/\/coeser.de\/blog\/wp-content\/uploads\/2017\/09\/glasgow-princes-square-gal01-christian-oeser-150x150.jpg\" class=\"attachment-thumbnail size-thumbnail\" alt=\"Au\u00dfenfassade des Einkaufszentrums Princes Square\" aria-describedby=\"gallery-12-5155\" \/><\/a>\n\t\t\t<\/div>\n\t\t\t\t<figcaption class='wp-caption-text gallery-caption' id='gallery-12-5155'>\n\t\t\t\tAu\u00dfenfassade des Einkaufszentrums Princes Square\n\t\t\t\t<\/figcaption><\/figure><figure class='gallery-item'>\n\t\t\t<div class='gallery-icon landscape'>\n\t\t\t\t<a href='https:\/\/coeser.de\/blog\/wp-content\/uploads\/2017\/09\/glasgow-princes-square-gal02-christian-oeser.jpg' title=\"Treppenhaus im Einkaufszentrum Princes Square\" data-rl_title=\"Treppenhaus im Einkaufszentrum Princes Square\" class=\"rl-gallery-link\" data-rl_caption=\"Aufnahmeort anzeigen\" data-rel=\"lightbox-gallery-12\"><img loading=\"lazy\" decoding=\"async\" width=\"150\" height=\"150\" src=\"https:\/\/coeser.de\/blog\/wp-content\/uploads\/2017\/09\/glasgow-princes-square-gal02-christian-oeser-150x150.jpg\" class=\"attachment-thumbnail size-thumbnail\" alt=\"Treppenhaus im Einkaufszentrum Princes Square\" aria-describedby=\"gallery-12-5156\" \/><\/a>\n\t\t\t<\/div>\n\t\t\t\t<figcaption class='wp-caption-text gallery-caption' id='gallery-12-5156'>\n\t\t\t\tTreppenhaus im Einkaufszentrum Princes Square\n\t\t\t\t<\/figcaption><\/figure><figure class='gallery-item'>\n\t\t\t<div class='gallery-icon portrait'>\n\t\t\t\t<a href='https:\/\/coeser.de\/blog\/wp-content\/uploads\/2017\/09\/glasgow-princes-square-gal03-christian-oeser.jpg' title=\"Innenansicht des Einkaufszentrums Princes Square\" data-rl_title=\"Innenansicht des Einkaufszentrums Princes Square\" class=\"rl-gallery-link\" data-rl_caption=\"Aufnahmeort anzeigen\" data-rel=\"lightbox-gallery-12\"><img loading=\"lazy\" decoding=\"async\" width=\"150\" height=\"150\" src=\"https:\/\/coeser.de\/blog\/wp-content\/uploads\/2017\/09\/glasgow-princes-square-gal03-christian-oeser-150x150.jpg\" class=\"attachment-thumbnail size-thumbnail\" alt=\"Innenansicht des Einkaufszentrums Princes Square\" aria-describedby=\"gallery-12-5157\" \/><\/a>\n\t\t\t<\/div>\n\t\t\t\t<figcaption class='wp-caption-text gallery-caption' id='gallery-12-5157'>\n\t\t\t\tInnenansicht des Einkaufszentrums Princes Square\n\t\t\t\t<\/figcaption><\/figure><figure class='gallery-item'>\n\t\t\t<div class='gallery-icon portrait'>\n\t\t\t\t<a href='https:\/\/coeser.de\/blog\/wp-content\/uploads\/2017\/09\/glasgow-princes-square-gal04-christian-oeser.jpg' title=\"Innenansicht des Einkaufszentrums Princes Square\" data-rl_title=\"Innenansicht des Einkaufszentrums Princes Square\" class=\"rl-gallery-link\" data-rl_caption=\"Aufnahmeort anzeigen\" data-rel=\"lightbox-gallery-12\"><img loading=\"lazy\" decoding=\"async\" width=\"150\" height=\"150\" src=\"https:\/\/coeser.de\/blog\/wp-content\/uploads\/2017\/09\/glasgow-princes-square-gal04-christian-oeser-150x150.jpg\" class=\"attachment-thumbnail size-thumbnail\" alt=\"Innenansicht des Einkaufszentrums Princes Square\" aria-describedby=\"gallery-12-5192\" \/><\/a>\n\t\t\t<\/div>\n\t\t\t\t<figcaption class='wp-caption-text gallery-caption' id='gallery-12-5192'>\n\t\t\t\tInnenansicht des Einkaufszentrums Princes Square\n\t\t\t\t<\/figcaption><\/figure><figure class='gallery-item'>\n\t\t\t<div class='gallery-icon landscape'>\n\t\t\t\t<a href='https:\/\/coeser.de\/blog\/wp-content\/uploads\/2017\/09\/glasgow-central-station-gal01-christian-oeser.jpg' title=\"Au\u00dfenansicht des Hauptbahnhofs Central Station\" data-rl_title=\"Au\u00dfenansicht des Hauptbahnhofs Central Station\" class=\"rl-gallery-link\" data-rl_caption=\"Aufnahmeort anzeigen\" data-rel=\"lightbox-gallery-12\"><img loading=\"lazy\" decoding=\"async\" width=\"150\" height=\"150\" src=\"https:\/\/coeser.de\/blog\/wp-content\/uploads\/2017\/09\/glasgow-central-station-gal01-christian-oeser-150x150.jpg\" class=\"attachment-thumbnail size-thumbnail\" alt=\"Au\u00dfenansicht des Hauptbahnhofs Central Station\" aria-describedby=\"gallery-12-5163\" \/><\/a>\n\t\t\t<\/div>\n\t\t\t\t<figcaption class='wp-caption-text gallery-caption' id='gallery-12-5163'>\n\t\t\t\tAu\u00dfenansicht des Hauptbahnhofs Central Station\n\t\t\t\t<\/figcaption><\/figure><figure class='gallery-item'>\n\t\t\t<div class='gallery-icon landscape'>\n\t\t\t\t<a href='https:\/\/coeser.de\/blog\/wp-content\/uploads\/2017\/09\/glasgow-central-station-gal02-christian-oeser.jpg' title=\"Innenansicht des Hauptbahnhofs Glasgow Central Station\" data-rl_title=\"Innenansicht des Hauptbahnhofs Glasgow Central Station\" class=\"rl-gallery-link\" data-rl_caption=\"Aufnahmeort anzeigen\" data-rel=\"lightbox-gallery-12\"><img loading=\"lazy\" decoding=\"async\" width=\"150\" height=\"150\" src=\"https:\/\/coeser.de\/blog\/wp-content\/uploads\/2017\/09\/glasgow-central-station-gal02-christian-oeser-150x150.jpg\" class=\"attachment-thumbnail size-thumbnail\" alt=\"Innenansicht des Hauptbahnhofs Glasgow Central Station\" aria-describedby=\"gallery-12-5164\" \/><\/a>\n\t\t\t<\/div>\n\t\t\t\t<figcaption class='wp-caption-text gallery-caption' id='gallery-12-5164'>\n\t\t\t\tInnenansicht des Hauptbahnhofs Glasgow Central Station\n\t\t\t\t<\/figcaption><\/figure><figure class='gallery-item'>\n\t\t\t<div class='gallery-icon landscape'>\n\t\t\t\t<a href='https:\/\/coeser.de\/blog\/wp-content\/uploads\/2017\/09\/glasgow-central-station-gal03-christian-oeser.jpg' title=\"W\u00fcrfeluhr im Hauptbahnhof Glasgow Central Station\" data-rl_title=\"W\u00fcrfeluhr im Hauptbahnhof Glasgow Central Station\" class=\"rl-gallery-link\" data-rl_caption=\"Aufnahmeort anzeigen\" data-rel=\"lightbox-gallery-12\"><img loading=\"lazy\" decoding=\"async\" width=\"150\" height=\"150\" src=\"https:\/\/coeser.de\/blog\/wp-content\/uploads\/2017\/09\/glasgow-central-station-gal03-christian-oeser-150x150.jpg\" class=\"attachment-thumbnail size-thumbnail\" alt=\"W\u00fcrfeluhr im Hauptbahnhof Glasgow Central Station\" aria-describedby=\"gallery-12-5191\" \/><\/a>\n\t\t\t<\/div>\n\t\t\t\t<figcaption class='wp-caption-text gallery-caption' id='gallery-12-5191'>\n\t\t\t\tW\u00fcrfeluhr im Hauptbahnhof Glasgow Central Station\n\t\t\t\t<\/figcaption><\/figure><figure class='gallery-item'>\n\t\t\t<div class='gallery-icon portrait'>\n\t\t\t\t<a href='https:\/\/coeser.de\/blog\/wp-content\/uploads\/2017\/09\/glasgow-roman-catholic-parish-saint-aloysius-gal01-christian-oeser.jpg' title=\"Innenansicht der Kirche Roman Catholic Parish of St Aloysius\" data-rl_title=\"Innenansicht der Kirche Roman Catholic Parish of St Aloysius\" class=\"rl-gallery-link\" data-rl_caption=\"Aufnahmeort anzeigen\" data-rel=\"lightbox-gallery-12\"><img loading=\"lazy\" decoding=\"async\" width=\"150\" height=\"150\" src=\"https:\/\/coeser.de\/blog\/wp-content\/uploads\/2017\/09\/glasgow-roman-catholic-parish-saint-aloysius-gal01-christian-oeser-150x150.jpg\" class=\"attachment-thumbnail size-thumbnail\" alt=\"Innenansicht der Kirche Roman Catholic Parish of St Aloysius\" aria-describedby=\"gallery-12-5160\" \/><\/a>\n\t\t\t<\/div>\n\t\t\t\t<figcaption class='wp-caption-text gallery-caption' id='gallery-12-5160'>\n\t\t\t\tInnenansicht der Kirche Roman Catholic Parish of St Aloysius\n\t\t\t\t<\/figcaption><\/figure><figure class='gallery-item'>\n\t\t\t<div class='gallery-icon landscape'>\n\t\t\t\t<a href='https:\/\/coeser.de\/blog\/wp-content\/uploads\/2017\/09\/glasgow-roman-catholic-parish-saint-aloysius-gal02-christian-oeser.jpg' title=\"Innenansicht der Kirche Roman Catholic Parish of St Aloysius\" data-rl_title=\"Innenansicht der Kirche Roman Catholic Parish of St Aloysius\" class=\"rl-gallery-link\" data-rl_caption=\"Aufnahmeort anzeigen\" data-rel=\"lightbox-gallery-12\"><img loading=\"lazy\" decoding=\"async\" width=\"150\" height=\"150\" src=\"https:\/\/coeser.de\/blog\/wp-content\/uploads\/2017\/09\/glasgow-roman-catholic-parish-saint-aloysius-gal02-christian-oeser-150x150.jpg\" class=\"attachment-thumbnail size-thumbnail\" alt=\"Innenansicht der Kirche Roman Catholic Parish of St Aloysius\" aria-describedby=\"gallery-12-5161\" \/><\/a>\n\t\t\t<\/div>\n\t\t\t\t<figcaption class='wp-caption-text gallery-caption' id='gallery-12-5161'>\n\t\t\t\tInnenansicht der Kirche Roman Catholic Parish of St Aloysius\n\t\t\t\t<\/figcaption><\/figure><figure class='gallery-item'>\n\t\t\t<div class='gallery-icon landscape'>\n\t\t\t\t<a href='https:\/\/coeser.de\/blog\/wp-content\/uploads\/2017\/09\/glasgow-roman-catholic-parish-saint-aloysius-gal03-christian-oeser.jpg' title=\"Innenansicht der Kirche Roman Catholic Parish of St Aloysius\" data-rl_title=\"Innenansicht der Kirche Roman Catholic Parish of St Aloysius\" class=\"rl-gallery-link\" data-rl_caption=\"Aufnahmeort anzeigen\" data-rel=\"lightbox-gallery-12\"><img loading=\"lazy\" decoding=\"async\" width=\"150\" height=\"150\" src=\"https:\/\/coeser.de\/blog\/wp-content\/uploads\/2017\/09\/glasgow-roman-catholic-parish-saint-aloysius-gal03-christian-oeser-150x150.jpg\" class=\"attachment-thumbnail size-thumbnail\" alt=\"Innenansicht der Kirche Roman Catholic Parish of St Aloysius\" aria-describedby=\"gallery-12-5162\" \/><\/a>\n\t\t\t<\/div>\n\t\t\t\t<figcaption class='wp-caption-text gallery-caption' id='gallery-12-5162'>\n\t\t\t\tInnenansicht der Kirche Roman Catholic Parish of St Aloysius\n\t\t\t\t<\/figcaption><\/figure>\n\t\t<\/div>\n\n<\/div>\n<p>&nbsp;<\/p>\n<hr \/>\n<h2><img loading=\"lazy\" decoding=\"async\" class=\"alignnone size-full wp-image-5170\" src=\"https:\/\/coeser.de\/blog\/wp-content\/uploads\/2017\/09\/glasgow-aufmacher4-city-council-christian-oeser.jpg\" alt=\"Das Rathaus (City Council) in Glasgow\" width=\"970\" height=\"323\" srcset=\"https:\/\/coeser.de\/blog\/wp-content\/uploads\/2017\/09\/glasgow-aufmacher4-city-council-christian-oeser.jpg 970w, https:\/\/coeser.de\/blog\/wp-content\/uploads\/2017\/09\/glasgow-aufmacher4-city-council-christian-oeser-300x100.jpg 300w, https:\/\/coeser.de\/blog\/wp-content\/uploads\/2017\/09\/glasgow-aufmacher4-city-council-christian-oeser-768x256.jpg 768w\" sizes=\"auto, (max-width: 970px) 100vw, 970px\" \/><\/h2>\n<h2>Wenn noch Zeit in Glasgow bleibt<\/h2>\n<p>Noch ein paar kurze Tipps, falls ihr zuf\u00e4llig an folgenden Orten vorbeikommt: Im <strong>Theatre Royal<\/strong> kann man untertags einfach hineinspazieren und die gro\u00dfartige moderne Treppe aus der N\u00e4he betrachten, wenn man auf so etwas steht. Ich als fanatischer <strong><a href=\"http:\/\/staircase-photography.at\/\" target=\"_blank\" rel=\"noopener noreferrer\">Stiegenhaus-Fotograf<\/a> <\/strong>musste dort nat\u00fcrlich hin. \ud83d\ude09 Ebenso erging es mir mit dem <strong>Grand Central Hotel<\/strong> hinter dem Hauptbahnhof, auch dort wartet eine majest\u00e4tische Treppe auf den Gast.<\/p>\n<h3>Reiterstatue mit Leitkegel<\/h3>\n<p>Eine bizarre Situation k\u00f6nnt ihr vor der <em>Gallery of Modern Art<\/em> erleben. Dort steht die <strong>Reiterstatue des Duke of Wellington<\/strong>, dem ein Leitkegel auf den Kopf gesetzt wurde. Die Stadt ist von dieser witzigen Kunstinstallation nicht begeistert, aber kaum war der Kegel entfernt, wurde er von Unbekannten auch schon wieder zur\u00fcck auf den Kopf der Statue bef\u00f6rdert. \ud83d\ude09 Jetzt ist der Leitkegel fix montiert und geh\u00f6rt zum Stadtbild.<\/p>\n<h3>Das Rathaus<\/h3>\n<p>Einige Meter weiter k\u00f6nnt ihr noch einen Zwischenstopp auf dem <em>George Square<\/em> machen und das <strong>City Council<\/strong> (Rathaus) bewundern. Zu gerne h\u00e4tte ich an einer kostenlos angebotenen F\u00fchrung durch das Haus teilgenommen, aber es hat einfach nicht in unseren dichten Zeitplan gepasst. Wenn ihr Interesse daran habt, seht euch die Webseite <a href=\"https:\/\/www.glasgow.gov.uk\/article\/1066\/City-Chambers-Tour\" target=\"_blank\" rel=\"noopener\"><strong>glasgow.gov.uk<\/strong><\/a> f\u00fcr mehr Informationen an.<\/p>\n<div class=\"fotospots\">\n<h3>Fotospots<\/h3>\n<div id='gallery-13' class='gallery galleryid-5032 gallery-columns-7 gallery-size-thumbnail'><figure class='gallery-item'>\n\t\t\t<div class='gallery-icon landscape'>\n\t\t\t\t<a href='https:\/\/coeser.de\/blog\/wp-content\/uploads\/2017\/09\/glasgow-royal-theatre-gal01-christian-oeser.jpg' title=\"Modernes Stiegenhaus im Glasgow Theatre Royal\" data-rl_title=\"Modernes Stiegenhaus im Glasgow Theatre Royal\" class=\"rl-gallery-link\" data-rl_caption=\"Aufnahmeort anzeigen\" data-rel=\"lightbox-gallery-13\"><img loading=\"lazy\" decoding=\"async\" width=\"150\" height=\"150\" src=\"https:\/\/coeser.de\/blog\/wp-content\/uploads\/2017\/09\/glasgow-royal-theatre-gal01-christian-oeser-150x150.jpg\" class=\"attachment-thumbnail size-thumbnail\" alt=\"Modernes Stiegenhaus im Glasgow Theatre Royal\" aria-describedby=\"gallery-13-5084\" \/><\/a>\n\t\t\t<\/div>\n\t\t\t\t<figcaption class='wp-caption-text gallery-caption' id='gallery-13-5084'>\n\t\t\t\tModernes Stiegenhaus im Glasgow Theatre Royal\n\t\t\t\t<\/figcaption><\/figure><figure class='gallery-item'>\n\t\t\t<div class='gallery-icon portrait'>\n\t\t\t\t<a href='https:\/\/coeser.de\/blog\/wp-content\/uploads\/2017\/09\/glasgow-royal-theatre-gal02-christian-oeser.jpg' title=\"Modernes Stiegenhaus im Glasgow Theatre Royal\" data-rl_title=\"Modernes Stiegenhaus im Glasgow Theatre Royal\" class=\"rl-gallery-link\" data-rl_caption=\"Aufnahmeort anzeigen\" data-rel=\"lightbox-gallery-13\"><img loading=\"lazy\" decoding=\"async\" width=\"150\" height=\"150\" src=\"https:\/\/coeser.de\/blog\/wp-content\/uploads\/2017\/09\/glasgow-royal-theatre-gal02-christian-oeser-150x150.jpg\" class=\"attachment-thumbnail size-thumbnail\" alt=\"Modernes Stiegenhaus im Glasgow Theatre Royal\" aria-describedby=\"gallery-13-5085\" \/><\/a>\n\t\t\t<\/div>\n\t\t\t\t<figcaption class='wp-caption-text gallery-caption' id='gallery-13-5085'>\n\t\t\t\tModernes Stiegenhaus im Glasgow Theatre Royal\n\t\t\t\t<\/figcaption><\/figure><figure class='gallery-item'>\n\t\t\t<div class='gallery-icon portrait'>\n\t\t\t\t<a href='https:\/\/coeser.de\/blog\/wp-content\/uploads\/2017\/09\/glasgow-royal-theatre-gal03-christian-oeser.jpg' title=\"Modernes Stiegenhaus im Glasgow Theatre Royal\" data-rl_title=\"Modernes Stiegenhaus im Glasgow Theatre Royal\" class=\"rl-gallery-link\" data-rl_caption=\"Aufnahmeort anzeigen\" data-rel=\"lightbox-gallery-13\"><img loading=\"lazy\" decoding=\"async\" width=\"150\" height=\"150\" src=\"https:\/\/coeser.de\/blog\/wp-content\/uploads\/2017\/09\/glasgow-royal-theatre-gal03-christian-oeser-150x150.jpg\" class=\"attachment-thumbnail size-thumbnail\" alt=\"Modernes Stiegenhaus im Glasgow Theatre Royal\" aria-describedby=\"gallery-13-5086\" \/><\/a>\n\t\t\t<\/div>\n\t\t\t\t<figcaption class='wp-caption-text gallery-caption' id='gallery-13-5086'>\n\t\t\t\tModernes Stiegenhaus im Glasgow Theatre Royal\n\t\t\t\t<\/figcaption><\/figure><figure class='gallery-item'>\n\t\t\t<div class='gallery-icon landscape'>\n\t\t\t\t<a href='https:\/\/coeser.de\/blog\/wp-content\/uploads\/2017\/09\/glasgow-grand-central-hotel-gal02-christian-oeser.jpg' title=\"Stiegenhaus des Grand Central Hotel in Glasgow\" data-rl_title=\"Stiegenhaus des Grand Central Hotel in Glasgow\" class=\"rl-gallery-link\" data-rl_caption=\"Aufnahmeort anzeigen\" data-rel=\"lightbox-gallery-13\"><img loading=\"lazy\" decoding=\"async\" width=\"150\" height=\"150\" src=\"https:\/\/coeser.de\/blog\/wp-content\/uploads\/2017\/09\/glasgow-grand-central-hotel-gal02-christian-oeser-150x150.jpg\" class=\"attachment-thumbnail size-thumbnail\" alt=\"Stiegenhaus des Grand Central Hotel in Glasgow\" aria-describedby=\"gallery-13-5083\" \/><\/a>\n\t\t\t<\/div>\n\t\t\t\t<figcaption class='wp-caption-text gallery-caption' id='gallery-13-5083'>\n\t\t\t\tStiegenhaus des Grand Central Hotel in Glasgow\n\t\t\t\t<\/figcaption><\/figure><figure class='gallery-item'>\n\t\t\t<div class='gallery-icon landscape'>\n\t\t\t\t<a href='https:\/\/coeser.de\/blog\/wp-content\/uploads\/2017\/09\/glasgow-grand-central-hotel-gal01-christian-oeser.jpg' title=\"Stiegenhaus des Grand Central Hotel in Glasgow\" data-rl_title=\"Stiegenhaus des Grand Central Hotel in Glasgow\" class=\"rl-gallery-link\" data-rl_caption=\"Aufnahmeort anzeigen\" data-rel=\"lightbox-gallery-13\"><img loading=\"lazy\" decoding=\"async\" width=\"150\" height=\"150\" src=\"https:\/\/coeser.de\/blog\/wp-content\/uploads\/2017\/09\/glasgow-grand-central-hotel-gal01-christian-oeser-150x150.jpg\" class=\"attachment-thumbnail size-thumbnail\" alt=\"Stiegenhaus des Grand Central Hotel in Glasgow\" aria-describedby=\"gallery-13-5082\" \/><\/a>\n\t\t\t<\/div>\n\t\t\t\t<figcaption class='wp-caption-text gallery-caption' id='gallery-13-5082'>\n\t\t\t\tStiegenhaus des Grand Central Hotel in Glasgow\n\t\t\t\t<\/figcaption><\/figure><figure class='gallery-item'>\n\t\t\t<div class='gallery-icon landscape'>\n\t\t\t\t<a href='https:\/\/coeser.de\/blog\/wp-content\/uploads\/2017\/09\/glasgow-duke-of-wellington-gal01-christian-oeser.jpg' title=\"Die Reiterstatue des Duke of Wellington mit einem Leitkegel auf dem Kopf\" data-rl_title=\"Die Reiterstatue des Duke of Wellington mit einem Leitkegel auf dem Kopf\" class=\"rl-gallery-link\" data-rl_caption=\"Aufnahmeort anzeigen\" data-rel=\"lightbox-gallery-13\"><img loading=\"lazy\" decoding=\"async\" width=\"150\" height=\"150\" src=\"https:\/\/coeser.de\/blog\/wp-content\/uploads\/2017\/09\/glasgow-duke-of-wellington-gal01-christian-oeser-150x150.jpg\" class=\"attachment-thumbnail size-thumbnail\" alt=\"Die Reiterstatue des Duke of Wellington mit einem Leitkegel auf dem Kopf\" aria-describedby=\"gallery-13-5081\" \/><\/a>\n\t\t\t<\/div>\n\t\t\t\t<figcaption class='wp-caption-text gallery-caption' id='gallery-13-5081'>\n\t\t\t\tDie Reiterstatue des Duke of Wellington mit einem Leitkegel auf dem Kopf\n\t\t\t\t<\/figcaption><\/figure><figure class='gallery-item'>\n\t\t\t<div class='gallery-icon landscape'>\n\t\t\t\t<a href='https:\/\/coeser.de\/blog\/wp-content\/uploads\/2017\/09\/glasgow-city-council-gal01-christian-oeser.jpg' title=\"Au\u00dfenansicht des City Council (Rathaus) von Glasgow\" data-rl_title=\"Au\u00dfenansicht des City Council (Rathaus) von Glasgow\" class=\"rl-gallery-link\" data-rl_caption=\"Aufnahmeort anzeigen\" data-rel=\"lightbox-gallery-13\"><img loading=\"lazy\" decoding=\"async\" width=\"150\" height=\"150\" src=\"https:\/\/coeser.de\/blog\/wp-content\/uploads\/2017\/09\/glasgow-city-council-gal01-christian-oeser-150x150.jpg\" class=\"attachment-thumbnail size-thumbnail\" alt=\"Au\u00dfenansicht des City Council (Rathaus) von Glasgow\" aria-describedby=\"gallery-13-5080\" \/><\/a>\n\t\t\t<\/div>\n\t\t\t\t<figcaption class='wp-caption-text gallery-caption' id='gallery-13-5080'>\n\t\t\t\tAu\u00dfenansicht des City Council (Rathaus) von Glasgow\n\t\t\t\t<\/figcaption><\/figure>\n\t\t<\/div>\n\n<\/div>\n<p>&nbsp;<\/p>\n<hr \/>\n<h2><img loading=\"lazy\" decoding=\"async\" class=\"alignnone size-full wp-image-5171\" src=\"https:\/\/coeser.de\/blog\/wp-content\/uploads\/2017\/09\/glasgow-aufmacher5-rangers-ibrox-stadium-christian-oeser.jpg\" alt=\"Panorama des Ibrox Stadium der Glasgow Rangers\" width=\"970\" height=\"323\" srcset=\"https:\/\/coeser.de\/blog\/wp-content\/uploads\/2017\/09\/glasgow-aufmacher5-rangers-ibrox-stadium-christian-oeser.jpg 970w, https:\/\/coeser.de\/blog\/wp-content\/uploads\/2017\/09\/glasgow-aufmacher5-rangers-ibrox-stadium-christian-oeser-300x100.jpg 300w, https:\/\/coeser.de\/blog\/wp-content\/uploads\/2017\/09\/glasgow-aufmacher5-rangers-ibrox-stadium-christian-oeser-768x256.jpg 768w\" sizes=\"auto, (max-width: 970px) 100vw, 970px\" \/><\/h2>\n<h2>Glasgow: Eine Stadt, zwei gro\u00dfe Fu\u00dfballclubs<\/h2>\n<p>Fu\u00dfball hat in Schottland einen sehr hohen Stellenwert, wobei sich die meisten Fans zu den beiden Glasgower Vereinen Celtic und Rangers hingezogen f\u00fchlen. Das Derby der beiden Teams ist eines der \u00e4ltesten der Welt, \u00fcber 400 Begegnungen gab es bisher! Die Rivalit\u00e4t zwischen den Glasgow Rangers und Celtic Glasgow wird auch als <em>Old Firm<\/em> bezeichnet. Brisant sind die Duelle nicht nur aus sportlicher Sicht, sondern auch aus religi\u00f6ser. Die Celtics sind der Club der katholisch gepr\u00e4gten irischen Einwanderer, die Rangers dagegen der Club der Protestanten. F\u00fcr mich war es jedenfalls klar, dass ich beiden Stadien in Form einer Stadium Tour einen Besuch abstatten muss!<\/p>\n<h2>Celtic Park (Celtic Glasgow)<\/h2>\n<p>Meine erste Station war der <strong>Celtic Park von Celtic Glasgow<\/strong>. Das Stadion hat eine Kapazit\u00e4t von 60.832 Sitzpl\u00e4tzen und gef\u00e4llt mir vor allem durch seine Form sehr gut. Mit \u00f6ffentlichen Verkehrsmitteln ist die Anreise leider wieder einmal etwas umst\u00e4ndlich, aber es gibt dennoch eine relativ einfache Variante: vom Hauptbahnhof Glasgow Central Station f\u00e4hrt alle 15 Minuten ein Regionalzug zur Station <em>Bridgeton<\/em> (vier Minuten Fahrzeit). Von dort geht man noch ca. 15 Minuten zu Fu\u00df entlang der <em>London Road<\/em> stadtausw\u00e4rts und kommt dann vor den Haupteingang der Arena. Stadiontouren werden mehrmals t\u00e4glich angeboten, <a href=\"https:\/\/www.getyourguide.de\/glasgow-l438\/glasgow-15-stunden-stadiontour-celtic-park-t72342\/?partner_id=04M0MCT&amp;utm_medium=online_publisher\" target=\"_blank\" rel=\"noopener\"><strong>Tickets f\u00fcr eine F\u00fchrung durch den Celtic Park<\/strong><\/a>* k\u00f6nnt ihr gleich online kaufen.<\/p>\n<h3>Tourtickets online kaufen!<\/h3>\n<p>Die F\u00fchrung wurde durch einen \u00e4lteren Mitarbeiter des Vereins geleitet, der sichtlich stolz auf Celtic Glasgow ist und viel zu erz\u00e4hlen hatte. Neben den \u00fcber die Jahre gesammelten Troph\u00e4en bekommt man Einblick in die Umkleidekabine, den VIP-Klub, den Presseraum und erst ganz am Schluss endlich auch das Stadion selbst zu Gesicht. Ich muss zugeben, dass mir die Tour nicht besonders gefallen hat. Mir wurde viel zu viel geredet und zu wenig vom Stadion gezeigt, aber das ist wohl Geschmackssache.<\/p>\n<div class=\"fotospots\">\n<h3>Fotospots<\/h3>\n<div id='gallery-14' class='gallery galleryid-5032 gallery-columns-7 gallery-size-thumbnail'><figure class='gallery-item'>\n\t\t\t<div class='gallery-icon landscape'>\n\t\t\t\t<a href='https:\/\/coeser.de\/blog\/wp-content\/uploads\/2017\/09\/glasgow-celtic-park-gal01-christian-oeser.jpg' title=\"Au\u00dfenansicht des Celtic Park (Celtic Glasgow)\" data-rl_title=\"Au\u00dfenansicht des Celtic Park (Celtic Glasgow)\" class=\"rl-gallery-link\" data-rl_caption=\"Aufnahmeort anzeigen\" data-rel=\"lightbox-gallery-14\"><img loading=\"lazy\" decoding=\"async\" width=\"150\" height=\"150\" src=\"https:\/\/coeser.de\/blog\/wp-content\/uploads\/2017\/09\/glasgow-celtic-park-gal01-christian-oeser-150x150.jpg\" class=\"attachment-thumbnail size-thumbnail\" alt=\"Au\u00dfenansicht des Celtic Park (Celtic Glasgow)\" aria-describedby=\"gallery-14-5059\" \/><\/a>\n\t\t\t<\/div>\n\t\t\t\t<figcaption class='wp-caption-text gallery-caption' id='gallery-14-5059'>\n\t\t\t\tAu\u00dfenansicht des Celtic Park (Celtic Glasgow)\n\t\t\t\t<\/figcaption><\/figure><figure class='gallery-item'>\n\t\t\t<div class='gallery-icon landscape'>\n\t\t\t\t<a href='https:\/\/coeser.de\/blog\/wp-content\/uploads\/2017\/09\/glasgow-celtic-park-gal02-christian-oeser.jpg' title=\"Au\u00dfenansicht des Celtic Park (Celtic Glasgow)\" data-rl_title=\"Au\u00dfenansicht des Celtic Park (Celtic Glasgow)\" class=\"rl-gallery-link\" data-rl_caption=\"Aufnahmeort anzeigen\" data-rel=\"lightbox-gallery-14\"><img loading=\"lazy\" decoding=\"async\" width=\"150\" height=\"150\" src=\"https:\/\/coeser.de\/blog\/wp-content\/uploads\/2017\/09\/glasgow-celtic-park-gal02-christian-oeser-150x150.jpg\" class=\"attachment-thumbnail size-thumbnail\" alt=\"Au\u00dfenansicht des Celtic Park (Celtic Glasgow)\" aria-describedby=\"gallery-14-5060\" \/><\/a>\n\t\t\t<\/div>\n\t\t\t\t<figcaption class='wp-caption-text gallery-caption' id='gallery-14-5060'>\n\t\t\t\tAu\u00dfenansicht des Celtic Park (Celtic Glasgow)\n\t\t\t\t<\/figcaption><\/figure><figure class='gallery-item'>\n\t\t\t<div class='gallery-icon landscape'>\n\t\t\t\t<a href='https:\/\/coeser.de\/blog\/wp-content\/uploads\/2017\/09\/glasgow-celtic-park-gal06-christian-oeser.jpg' title=\"Spielertunnel im Celtic Park (Celtic Glasgow)\" data-rl_title=\"Spielertunnel im Celtic Park (Celtic Glasgow)\" class=\"rl-gallery-link\" data-rl_caption=\"Aufnahmeort anzeigen\" data-rel=\"lightbox-gallery-14\"><img loading=\"lazy\" decoding=\"async\" width=\"150\" height=\"150\" src=\"https:\/\/coeser.de\/blog\/wp-content\/uploads\/2017\/09\/glasgow-celtic-park-gal06-christian-oeser-150x150.jpg\" class=\"attachment-thumbnail size-thumbnail\" alt=\"Spielertunnel im Celtic Park (Celtic Glasgow)\" aria-describedby=\"gallery-14-5064\" \/><\/a>\n\t\t\t<\/div>\n\t\t\t\t<figcaption class='wp-caption-text gallery-caption' id='gallery-14-5064'>\n\t\t\t\tSpielertunnel im Celtic Park (Celtic Glasgow)\n\t\t\t\t<\/figcaption><\/figure><figure class='gallery-item'>\n\t\t\t<div class='gallery-icon landscape'>\n\t\t\t\t<a href='https:\/\/coeser.de\/blog\/wp-content\/uploads\/2017\/09\/glasgow-celtic-park-gal07-christian-oeser.jpg' title=\"Panorama des Celtic Park (Celtic Glasgow)\" data-rl_title=\"Panorama des Celtic Park (Celtic Glasgow)\" class=\"rl-gallery-link\" data-rl_caption=\"Aufnahmeort anzeigen\" data-rel=\"lightbox-gallery-14\"><img loading=\"lazy\" decoding=\"async\" width=\"150\" height=\"150\" src=\"https:\/\/coeser.de\/blog\/wp-content\/uploads\/2017\/09\/glasgow-celtic-park-gal07-christian-oeser-150x150.jpg\" class=\"attachment-thumbnail size-thumbnail\" alt=\"Panorama des Celtic Park (Celtic Glasgow)\" aria-describedby=\"gallery-14-5065\" \/><\/a>\n\t\t\t<\/div>\n\t\t\t\t<figcaption class='wp-caption-text gallery-caption' id='gallery-14-5065'>\n\t\t\t\tPanorama des Celtic Park (Celtic Glasgow)\n\t\t\t\t<\/figcaption><\/figure><figure class='gallery-item'>\n\t\t\t<div class='gallery-icon landscape'>\n\t\t\t\t<a href='https:\/\/coeser.de\/blog\/wp-content\/uploads\/2017\/09\/glasgow-celtic-park-gal05-christian-oeser.jpg' title=\"Trikots in der Umkleidekabine im Celtic Park (Celtic Glasgow)\" data-rl_title=\"Trikots in der Umkleidekabine im Celtic Park (Celtic Glasgow)\" class=\"rl-gallery-link\" data-rl_caption=\"Aufnahmeort anzeigen\" data-rel=\"lightbox-gallery-14\"><img loading=\"lazy\" decoding=\"async\" width=\"150\" height=\"150\" src=\"https:\/\/coeser.de\/blog\/wp-content\/uploads\/2017\/09\/glasgow-celtic-park-gal05-christian-oeser-150x150.jpg\" class=\"attachment-thumbnail size-thumbnail\" alt=\"Trikots in der Umkleidekabine im Celtic Park (Celtic Glasgow)\" aria-describedby=\"gallery-14-5063\" \/><\/a>\n\t\t\t<\/div>\n\t\t\t\t<figcaption class='wp-caption-text gallery-caption' id='gallery-14-5063'>\n\t\t\t\tTrikots in der Umkleidekabine im Celtic Park (Celtic Glasgow)\n\t\t\t\t<\/figcaption><\/figure><figure class='gallery-item'>\n\t\t\t<div class='gallery-icon landscape'>\n\t\t\t\t<a href='https:\/\/coeser.de\/blog\/wp-content\/uploads\/2017\/09\/glasgow-celtic-park-gal03-christian-oeser.jpg' title=\"Troph\u00e4enraum im Celtic Park (Celtic Glasgow)\" data-rl_title=\"Troph\u00e4enraum im Celtic Park (Celtic Glasgow)\" class=\"rl-gallery-link\" data-rl_caption=\"Aufnahmeort anzeigen\" data-rel=\"lightbox-gallery-14\"><img loading=\"lazy\" decoding=\"async\" width=\"150\" height=\"150\" src=\"https:\/\/coeser.de\/blog\/wp-content\/uploads\/2017\/09\/glasgow-celtic-park-gal03-christian-oeser-150x150.jpg\" class=\"attachment-thumbnail size-thumbnail\" alt=\"Troph\u00e4enraum im Celtic Park (Celtic Glasgow)\" aria-describedby=\"gallery-14-5061\" \/><\/a>\n\t\t\t<\/div>\n\t\t\t\t<figcaption class='wp-caption-text gallery-caption' id='gallery-14-5061'>\n\t\t\t\tTroph\u00e4enraum im Celtic Park (Celtic Glasgow)\n\t\t\t\t<\/figcaption><\/figure><figure class='gallery-item'>\n\t\t\t<div class='gallery-icon landscape'>\n\t\t\t\t<a href='https:\/\/coeser.de\/blog\/wp-content\/uploads\/2017\/09\/glasgow-celtic-park-gal04-christian-oeser.jpg' title=\"Troph\u00e4e des Europapokal der Landesmeister, den Celtic Glasgow 1967 in Lissabon gewinnen konnte (Stichwort Lisbon Lions)\" data-rl_title=\"Troph\u00e4e des Europapokal der Landesmeister, den Celtic Glasgow 1967 in Lissabon gewinnen konnte (Stichwort Lisbon Lions)\" class=\"rl-gallery-link\" data-rl_caption=\"Aufnahmeort anzeigen\" data-rel=\"lightbox-gallery-14\"><img loading=\"lazy\" decoding=\"async\" width=\"150\" height=\"150\" src=\"https:\/\/coeser.de\/blog\/wp-content\/uploads\/2017\/09\/glasgow-celtic-park-gal04-christian-oeser-150x150.jpg\" class=\"attachment-thumbnail size-thumbnail\" alt=\"Troph\u00e4e des Europapokal der Landesmeister, den Celtic Glasgow 1967 in Lissabon gewinnen konnte (Stichwort Lisbon Lions)\" aria-describedby=\"gallery-14-5062\" \/><\/a>\n\t\t\t<\/div>\n\t\t\t\t<figcaption class='wp-caption-text gallery-caption' id='gallery-14-5062'>\n\t\t\t\tTroph\u00e4e des Europapokal der Landesmeister, den Celtic Glasgow 1967 in Lissabon gewinnen konnte (Stichwort Lisbon Lions)\n\t\t\t\t<\/figcaption><\/figure>\n\t\t<\/div>\n\n<\/div>\n<p>&nbsp;<\/p>\n<hr \/>\n<h2>Ibrox Stadium (Glasgow Rangers)<\/h2>\n<p>Wesentlich interessanter empfand ich die Stadium Tour in der Heimst\u00e4tte der <strong>Glasgow Rangers<\/strong>. Das <strong>Ibrox Stadium<\/strong> bietet 50.947 Sitzpl\u00e4tze und ist sehr einfach zu erreichen. Die Subway-Station <em>Ibrox<\/em> liegt nur wenige Gassen entfernt. Tickets f\u00fcr eine F\u00fchrung erh\u00e4lt man auf der Webseite <strong><a href=\"https:\/\/rangers.co.uk\/club\/ibrox\/tours\/\" target=\"_blank\" rel=\"noopener noreferrer\">rangers.co.uk<\/a><\/strong>. Das Stadion ist bereits von au\u00dfen ein Prachtst\u00fcck, denn die rote Sandsteinfassade der Haupttrib\u00fcne ist \u00e4u\u00dferst imposant. \u00dcberhaupt pr\u00e4sentiert sich das Innenleben der Trib\u00fcne extrem pomp\u00f6s mit wundersch\u00f6nen Verzierungen und gro\u00dfartigen R\u00e4umen, damit h\u00e4tte ich nicht gerechnet!<\/p>\n<h3>Unvergessliche F\u00fchrung<\/h3>\n<p>Bei der F\u00fchrung waren ca. 15 Personen dabei, witzigerweise alles Schotten und ich mitten drin. Der Tourguide hat das nat\u00fcrlich bemerkt und extra f\u00fcr mich versucht, nicht mit dem extrem schwierig zu verstehenden schottischen Akzent zu sprechen. \ud83d\ude09 Neben den bereits angesprochenen pr\u00e4chtigen R\u00e4umen sieht man noch den Troph\u00e4enraum, die Umkleidekabine und den Presseraum, bevor es auf die VIP-Trib\u00fcne und an den Spielfeldrand geht, wo man auf der Ersatzbank Platz nehmen kann. Die Atmosph\u00e4re des Stadions kann man da schon sehr gut erahnen, ich liebe solche Momente! Im Vergleich zur Stadium Tour im Celtic Park habe ich mich hier im Ibrox Stadium wirklich viel wohler und besser unterhalten gef\u00fchlt.<\/p>\n<div class=\"fotospots\">\n<h3>Fotospots<\/h3>\n<div id='gallery-15' class='gallery galleryid-5032 gallery-columns-7 gallery-size-thumbnail'><figure class='gallery-item'>\n\t\t\t<div class='gallery-icon landscape'>\n\t\t\t\t<a href='https:\/\/coeser.de\/blog\/wp-content\/uploads\/2017\/09\/glasgow-rangers-ibrox-stadium-gal01-christian-oeser.jpg' title=\"Au\u00dfenansicht des Ibrox Stadium (Glasgow Rangers)\" data-rl_title=\"Au\u00dfenansicht des Ibrox Stadium (Glasgow Rangers)\" class=\"rl-gallery-link\" data-rl_caption=\"Aufnahmeort anzeigen\" data-rel=\"lightbox-gallery-15\"><img loading=\"lazy\" decoding=\"async\" width=\"150\" height=\"150\" src=\"https:\/\/coeser.de\/blog\/wp-content\/uploads\/2017\/09\/glasgow-rangers-ibrox-stadium-gal01-christian-oeser-150x150.jpg\" class=\"attachment-thumbnail size-thumbnail\" alt=\"Au\u00dfenansicht des Ibrox Stadium (Glasgow Rangers)\" aria-describedby=\"gallery-15-5066\" \/><\/a>\n\t\t\t<\/div>\n\t\t\t\t<figcaption class='wp-caption-text gallery-caption' id='gallery-15-5066'>\n\t\t\t\tAu\u00dfenansicht des Ibrox Stadium (Glasgow Rangers)\n\t\t\t\t<\/figcaption><\/figure><figure class='gallery-item'>\n\t\t\t<div class='gallery-icon landscape'>\n\t\t\t\t<a href='https:\/\/coeser.de\/blog\/wp-content\/uploads\/2017\/09\/glasgow-rangers-ibrox-stadium-gal14-christian-oeser.jpg' title=\"Au\u00dfenansicht der Haupttrib\u00fcne des Ibrox Stadium (Glasgow Rangers)\" data-rl_title=\"Au\u00dfenansicht der Haupttrib\u00fcne des Ibrox Stadium (Glasgow Rangers)\" class=\"rl-gallery-link\" data-rl_caption=\"Aufnahmeort anzeigen\" data-rel=\"lightbox-gallery-15\"><img loading=\"lazy\" decoding=\"async\" width=\"150\" height=\"150\" src=\"https:\/\/coeser.de\/blog\/wp-content\/uploads\/2017\/09\/glasgow-rangers-ibrox-stadium-gal14-christian-oeser-150x150.jpg\" class=\"attachment-thumbnail size-thumbnail\" alt=\"Au\u00dfenansicht der Haupttrib\u00fcne des Ibrox Stadium (Glasgow Rangers)\" aria-describedby=\"gallery-15-5079\" \/><\/a>\n\t\t\t<\/div>\n\t\t\t\t<figcaption class='wp-caption-text gallery-caption' id='gallery-15-5079'>\n\t\t\t\tAu\u00dfenansicht der Haupttrib\u00fcne des Ibrox Stadium (Glasgow Rangers)\n\t\t\t\t<\/figcaption><\/figure><figure class='gallery-item'>\n\t\t\t<div class='gallery-icon landscape'>\n\t\t\t\t<a href='https:\/\/coeser.de\/blog\/wp-content\/uploads\/2017\/09\/glasgow-rangers-ibrox-stadium-gal06-christian-oeser.jpg' title=\"Panorama des Ibrox Stadium (Glasgow Rangers)\" data-rl_title=\"Panorama des Ibrox Stadium (Glasgow Rangers)\" class=\"rl-gallery-link\" data-rl_caption=\"Aufnahmeort anzeigen\" data-rel=\"lightbox-gallery-15\"><img loading=\"lazy\" decoding=\"async\" width=\"150\" height=\"150\" src=\"https:\/\/coeser.de\/blog\/wp-content\/uploads\/2017\/09\/glasgow-rangers-ibrox-stadium-gal06-christian-oeser-150x150.jpg\" class=\"attachment-thumbnail size-thumbnail\" alt=\"Panorama des Ibrox Stadium (Glasgow Rangers)\" aria-describedby=\"gallery-15-5071\" \/><\/a>\n\t\t\t<\/div>\n\t\t\t\t<figcaption class='wp-caption-text gallery-caption' id='gallery-15-5071'>\n\t\t\t\tPanorama des Ibrox Stadium (Glasgow Rangers)\n\t\t\t\t<\/figcaption><\/figure><figure class='gallery-item'>\n\t\t\t<div class='gallery-icon landscape'>\n\t\t\t\t<a href='https:\/\/coeser.de\/blog\/wp-content\/uploads\/2017\/09\/glasgow-rangers-ibrox-stadium-gal02-christian-oeser.jpg' title=\"Prunkvolle R\u00e4ume im Ibrox Stadium (Glasgow Rangers)\" data-rl_title=\"Prunkvolle R\u00e4ume im Ibrox Stadium (Glasgow Rangers)\" class=\"rl-gallery-link\" data-rl_caption=\"Aufnahmeort anzeigen\" data-rel=\"lightbox-gallery-15\"><img loading=\"lazy\" decoding=\"async\" width=\"150\" height=\"150\" src=\"https:\/\/coeser.de\/blog\/wp-content\/uploads\/2017\/09\/glasgow-rangers-ibrox-stadium-gal02-christian-oeser-150x150.jpg\" class=\"attachment-thumbnail size-thumbnail\" alt=\"Prunkvolle R\u00e4ume im Ibrox Stadium (Glasgow Rangers)\" aria-describedby=\"gallery-15-5067\" \/><\/a>\n\t\t\t<\/div>\n\t\t\t\t<figcaption class='wp-caption-text gallery-caption' id='gallery-15-5067'>\n\t\t\t\tPrunkvolle R\u00e4ume im Ibrox Stadium (Glasgow Rangers)\n\t\t\t\t<\/figcaption><\/figure><figure class='gallery-item'>\n\t\t\t<div class='gallery-icon landscape'>\n\t\t\t\t<a href='https:\/\/coeser.de\/blog\/wp-content\/uploads\/2017\/09\/glasgow-rangers-ibrox-stadium-gal04-christian-oeser.jpg' title=\"Prunkvolle R\u00e4ume im Ibrox Stadium (Glasgow Rangers)\" data-rl_title=\"Prunkvolle R\u00e4ume im Ibrox Stadium (Glasgow Rangers)\" class=\"rl-gallery-link\" data-rl_caption=\"Aufnahmeort anzeigen\" data-rel=\"lightbox-gallery-15\"><img loading=\"lazy\" decoding=\"async\" width=\"150\" height=\"150\" src=\"https:\/\/coeser.de\/blog\/wp-content\/uploads\/2017\/09\/glasgow-rangers-ibrox-stadium-gal04-christian-oeser-150x150.jpg\" class=\"attachment-thumbnail size-thumbnail\" alt=\"Prunkvolle R\u00e4ume im Ibrox Stadium (Glasgow Rangers)\" aria-describedby=\"gallery-15-5069\" \/><\/a>\n\t\t\t<\/div>\n\t\t\t\t<figcaption class='wp-caption-text gallery-caption' id='gallery-15-5069'>\n\t\t\t\tPrunkvolle R\u00e4ume im Ibrox Stadium (Glasgow Rangers)\n\t\t\t\t<\/figcaption><\/figure><figure class='gallery-item'>\n\t\t\t<div class='gallery-icon landscape'>\n\t\t\t\t<a href='https:\/\/coeser.de\/blog\/wp-content\/uploads\/2017\/09\/glasgow-rangers-ibrox-stadium-gal03-christian-oeser.jpg' title=\"Prunkvolle R\u00e4ume im Ibrox Stadium (Glasgow Rangers)\" data-rl_title=\"Prunkvolle R\u00e4ume im Ibrox Stadium (Glasgow Rangers)\" class=\"rl-gallery-link\" data-rl_caption=\"Aufnahmeort anzeigen\" data-rel=\"lightbox-gallery-15\"><img loading=\"lazy\" decoding=\"async\" width=\"150\" height=\"150\" src=\"https:\/\/coeser.de\/blog\/wp-content\/uploads\/2017\/09\/glasgow-rangers-ibrox-stadium-gal03-christian-oeser-150x150.jpg\" class=\"attachment-thumbnail size-thumbnail\" alt=\"Prunkvolle R\u00e4ume im Ibrox Stadium (Glasgow Rangers)\" aria-describedby=\"gallery-15-5068\" \/><\/a>\n\t\t\t<\/div>\n\t\t\t\t<figcaption class='wp-caption-text gallery-caption' id='gallery-15-5068'>\n\t\t\t\tPrunkvolle R\u00e4ume im Ibrox Stadium (Glasgow Rangers)\n\t\t\t\t<\/figcaption><\/figure><figure class='gallery-item'>\n\t\t\t<div class='gallery-icon landscape'>\n\t\t\t\t<a href='https:\/\/coeser.de\/blog\/wp-content\/uploads\/2017\/09\/glasgow-rangers-ibrox-stadium-gal05-christian-oeser.jpg' title=\"Prunkvolle R\u00e4ume im Ibrox Stadium (Glasgow Rangers)\" data-rl_title=\"Prunkvolle R\u00e4ume im Ibrox Stadium (Glasgow Rangers)\" class=\"rl-gallery-link\" data-rl_caption=\"Aufnahmeort anzeigen\" data-rel=\"lightbox-gallery-15\"><img loading=\"lazy\" decoding=\"async\" width=\"150\" height=\"150\" src=\"https:\/\/coeser.de\/blog\/wp-content\/uploads\/2017\/09\/glasgow-rangers-ibrox-stadium-gal05-christian-oeser-150x150.jpg\" class=\"attachment-thumbnail size-thumbnail\" alt=\"Prunkvolle R\u00e4ume im Ibrox Stadium (Glasgow Rangers)\" aria-describedby=\"gallery-15-5070\" \/><\/a>\n\t\t\t<\/div>\n\t\t\t\t<figcaption class='wp-caption-text gallery-caption' id='gallery-15-5070'>\n\t\t\t\tPrunkvolle R\u00e4ume im Ibrox Stadium (Glasgow Rangers)\n\t\t\t\t<\/figcaption><\/figure><figure class='gallery-item'>\n\t\t\t<div class='gallery-icon landscape'>\n\t\t\t\t<a href='https:\/\/coeser.de\/blog\/wp-content\/uploads\/2017\/09\/glasgow-rangers-ibrox-stadium-gal07-christian-oeser.jpg' title=\"Troph\u00e4enraum im Ibrox Stadium (Glasgow Rangers)\" data-rl_title=\"Troph\u00e4enraum im Ibrox Stadium (Glasgow Rangers)\" class=\"rl-gallery-link\" data-rl_caption=\"Aufnahmeort anzeigen\" data-rel=\"lightbox-gallery-15\"><img loading=\"lazy\" decoding=\"async\" width=\"150\" height=\"150\" src=\"https:\/\/coeser.de\/blog\/wp-content\/uploads\/2017\/09\/glasgow-rangers-ibrox-stadium-gal07-christian-oeser-150x150.jpg\" class=\"attachment-thumbnail size-thumbnail\" alt=\"Troph\u00e4enraum im Ibrox Stadium (Glasgow Rangers)\" aria-describedby=\"gallery-15-5072\" \/><\/a>\n\t\t\t<\/div>\n\t\t\t\t<figcaption class='wp-caption-text gallery-caption' id='gallery-15-5072'>\n\t\t\t\tTroph\u00e4enraum im Ibrox Stadium (Glasgow Rangers)\n\t\t\t\t<\/figcaption><\/figure><figure class='gallery-item'>\n\t\t\t<div class='gallery-icon landscape'>\n\t\t\t\t<a href='https:\/\/coeser.de\/blog\/wp-content\/uploads\/2017\/09\/glasgow-rangers-ibrox-stadium-gal08-christian-oeser.jpg' title=\"Umkleidekabine im Ibrox Stadium (Glasgow Rangers)\" data-rl_title=\"Umkleidekabine im Ibrox Stadium (Glasgow Rangers)\" class=\"rl-gallery-link\" data-rl_caption=\"Aufnahmeort anzeigen\" data-rel=\"lightbox-gallery-15\"><img loading=\"lazy\" decoding=\"async\" width=\"150\" height=\"150\" src=\"https:\/\/coeser.de\/blog\/wp-content\/uploads\/2017\/09\/glasgow-rangers-ibrox-stadium-gal08-christian-oeser-150x150.jpg\" class=\"attachment-thumbnail size-thumbnail\" alt=\"Umkleidekabine im Ibrox Stadium (Glasgow Rangers)\" aria-describedby=\"gallery-15-5073\" \/><\/a>\n\t\t\t<\/div>\n\t\t\t\t<figcaption class='wp-caption-text gallery-caption' id='gallery-15-5073'>\n\t\t\t\tUmkleidekabine im Ibrox Stadium (Glasgow Rangers)\n\t\t\t\t<\/figcaption><\/figure><figure class='gallery-item'>\n\t\t\t<div class='gallery-icon landscape'>\n\t\t\t\t<a href='https:\/\/coeser.de\/blog\/wp-content\/uploads\/2017\/09\/glasgow-rangers-ibrox-stadium-gal09-christian-oeser.jpg' title=\"Motivationsspruch in der Umkleidekabine im Ibrox Stadium (Glasgow Rangers)\" data-rl_title=\"Motivationsspruch in der Umkleidekabine im Ibrox Stadium (Glasgow Rangers)\" class=\"rl-gallery-link\" data-rl_caption=\"Aufnahmeort anzeigen\" data-rel=\"lightbox-gallery-15\"><img loading=\"lazy\" decoding=\"async\" width=\"150\" height=\"150\" src=\"https:\/\/coeser.de\/blog\/wp-content\/uploads\/2017\/09\/glasgow-rangers-ibrox-stadium-gal09-christian-oeser-150x150.jpg\" class=\"attachment-thumbnail size-thumbnail\" alt=\"Motivationsspruch in der Umkleidekabine im Ibrox Stadium (Glasgow Rangers)\" aria-describedby=\"gallery-15-5074\" \/><\/a>\n\t\t\t<\/div>\n\t\t\t\t<figcaption class='wp-caption-text gallery-caption' id='gallery-15-5074'>\n\t\t\t\tMotivationsspruch in der Umkleidekabine im Ibrox Stadium (Glasgow Rangers)\n\t\t\t\t<\/figcaption><\/figure><figure class='gallery-item'>\n\t\t\t<div class='gallery-icon landscape'>\n\t\t\t\t<a href='https:\/\/coeser.de\/blog\/wp-content\/uploads\/2017\/09\/glasgow-rangers-ibrox-stadium-gal10-christian-oeser.jpg' title=\"Spielertunnel im Ibrox Stadium (Glasgow Rangers)\" data-rl_title=\"Spielertunnel im Ibrox Stadium (Glasgow Rangers)\" class=\"rl-gallery-link\" data-rl_caption=\"Aufnahmeort anzeigen\" data-rel=\"lightbox-gallery-15\"><img loading=\"lazy\" decoding=\"async\" width=\"150\" height=\"150\" src=\"https:\/\/coeser.de\/blog\/wp-content\/uploads\/2017\/09\/glasgow-rangers-ibrox-stadium-gal10-christian-oeser-150x150.jpg\" class=\"attachment-thumbnail size-thumbnail\" alt=\"Spielertunnel im Ibrox Stadium (Glasgow Rangers)\" aria-describedby=\"gallery-15-5075\" \/><\/a>\n\t\t\t<\/div>\n\t\t\t\t<figcaption class='wp-caption-text gallery-caption' id='gallery-15-5075'>\n\t\t\t\tSpielertunnel im Ibrox Stadium (Glasgow Rangers)\n\t\t\t\t<\/figcaption><\/figure><figure class='gallery-item'>\n\t\t\t<div class='gallery-icon landscape'>\n\t\t\t\t<a href='https:\/\/coeser.de\/blog\/wp-content\/uploads\/2017\/09\/glasgow-rangers-ibrox-stadium-gal11-christian-oeser.jpg' title=\"Ersatzbank im Ibrox Stadium (Glasgow Rangers)\" data-rl_title=\"Ersatzbank im Ibrox Stadium (Glasgow Rangers)\" class=\"rl-gallery-link\" data-rl_caption=\"Aufnahmeort anzeigen\" data-rel=\"lightbox-gallery-15\"><img loading=\"lazy\" decoding=\"async\" width=\"150\" height=\"150\" src=\"https:\/\/coeser.de\/blog\/wp-content\/uploads\/2017\/09\/glasgow-rangers-ibrox-stadium-gal11-christian-oeser-150x150.jpg\" class=\"attachment-thumbnail size-thumbnail\" alt=\"Ersatzbank im Ibrox Stadium (Glasgow Rangers)\" aria-describedby=\"gallery-15-5076\" \/><\/a>\n\t\t\t<\/div>\n\t\t\t\t<figcaption class='wp-caption-text gallery-caption' id='gallery-15-5076'>\n\t\t\t\tErsatzbank im Ibrox Stadium (Glasgow Rangers)\n\t\t\t\t<\/figcaption><\/figure><figure class='gallery-item'>\n\t\t\t<div class='gallery-icon landscape'>\n\t\t\t\t<a href='https:\/\/coeser.de\/blog\/wp-content\/uploads\/2017\/09\/glasgow-rangers-ibrox-stadium-gal12-christian-oeser.jpg' title=\"Blick auf die Haupttrib\u00fcne im Ibrox Stadium (Glasgow Rangers)\" data-rl_title=\"Blick auf die Haupttrib\u00fcne im Ibrox Stadium (Glasgow Rangers)\" class=\"rl-gallery-link\" data-rl_caption=\"Aufnahmeort anzeigen\" data-rel=\"lightbox-gallery-15\"><img loading=\"lazy\" decoding=\"async\" width=\"150\" height=\"150\" src=\"https:\/\/coeser.de\/blog\/wp-content\/uploads\/2017\/09\/glasgow-rangers-ibrox-stadium-gal12-christian-oeser-150x150.jpg\" class=\"attachment-thumbnail size-thumbnail\" alt=\"Blick auf die Haupttrib\u00fcne im Ibrox Stadium (Glasgow Rangers)\" aria-describedby=\"gallery-15-5077\" \/><\/a>\n\t\t\t<\/div>\n\t\t\t\t<figcaption class='wp-caption-text gallery-caption' id='gallery-15-5077'>\n\t\t\t\tBlick auf die Haupttrib\u00fcne im Ibrox Stadium (Glasgow Rangers)\n\t\t\t\t<\/figcaption><\/figure><figure class='gallery-item'>\n\t\t\t<div class='gallery-icon landscape'>\n\t\t\t\t<a href='https:\/\/coeser.de\/blog\/wp-content\/uploads\/2017\/09\/glasgow-rangers-ibrox-stadium-gal13-christian-oeser.jpg' title=\"Panorama des Ibrox Stadium (Glasgow Rangers)\" data-rl_title=\"Panorama des Ibrox Stadium (Glasgow Rangers)\" class=\"rl-gallery-link\" data-rl_caption=\"Aufnahmeort anzeigen\" data-rel=\"lightbox-gallery-15\"><img loading=\"lazy\" decoding=\"async\" width=\"150\" height=\"150\" src=\"https:\/\/coeser.de\/blog\/wp-content\/uploads\/2017\/09\/glasgow-rangers-ibrox-stadium-gal13-christian-oeser-150x150.jpg\" class=\"attachment-thumbnail size-thumbnail\" alt=\"Panorama des Ibrox Stadium (Glasgow Rangers)\" aria-describedby=\"gallery-15-5078\" \/><\/a>\n\t\t\t<\/div>\n\t\t\t\t<figcaption class='wp-caption-text gallery-caption' id='gallery-15-5078'>\n\t\t\t\tPanorama des Ibrox Stadium (Glasgow Rangers)\n\t\t\t\t<\/figcaption><\/figure>\n\t\t<\/div>\n\n<\/div>\n<p>&nbsp;<\/p>\n<hr \/>\n<div class=\"tipps\">\n<h2>ALLGEMEINE TIPPS F\u00dcR GLASGOW<\/h2>\n<p>Die <strong>Glasgow Subway<\/strong> ist eine ringf\u00f6rmige U-Bahn-Linie, die im und gegen den Uhrzeigersinn verkehrt. Ich habe sie gleichzeitig geliebt und verflucht. \ud83d\ude09 Geliebt, weil sie erstens durch ihre engen Wagen und die extrem schmalen Bahnsteige irrsinnig faszinierend zum Ansehen ist; gehasst, weil sie sonntags nur von ca. 10-18 Uhr in Betrieb ist (Montag bis Samstag immerhin von ca. 6:30 bis 23:30 Uhr). Ein Einzelticket (<em>Single<\/em>) kostet GBP 1,85, bei mehr als zwei Fahrten zahlt sich aber schon das Tagesticket (<em>All Day<\/em>) um GBP 4,45 aus. Alle Infos zur U-Bahn gibt es auf der Seite <a href=\"http:\/\/www.spt.co.uk\/subway\/\" target=\"_blank\" rel=\"noopener noreferrer\"><strong>spt.co.uk<\/strong><\/a>.<\/p>\n<p>Das <strong>\u00f6ffentliche Bussystem<\/strong> ist eines der schlimmsten und kompliziertesten, die ich je erlebt habe. Es gibt mehrere Anbieter und jeder hat eigene Fahrpl\u00e4ne und eigene Fahrkarten. An vielen Pl\u00e4tzen der Stadt gibt es mehrere Busstationen nebeneinander, weil jeder Anbieter auch seine eigene Station hat \u2014 unglaublich verwirrend und m\u00fchsam! Ich bin normalerweise kein Fan der <strong><a href=\"https:\/\/www.getyourguide.de\/glasgow-l438\/2-tage-ticket-fur-glasgows-hop-onhop-off-besichtigungsbus-t4573\/?partner_id=04M0MCT&amp;utm_medium=online_publisher\" target=\"_blank\" rel=\"noopener\">Hop-On\/Hop-Off-Busse<\/a>*<\/strong>, aber in Glasgow w\u00fcrde ich wirklich dazu raten.<\/p>\n<p>Als Konsequenz aus der sonntags nicht fahrenden U-Bahn und dem komplizierten Bussystem habe ich einige Male auf <strong>Taxis<\/strong> zur\u00fcckgegriffen, was ich normalerweise verabscheue. Zugegeben, die Taxifahrten waren schnell und etwa halb so teuer wie eine vergleichbare Fahrt in Wien.<\/p>\n<p>Sie werden euch auf jeden Fall an irgendeiner Ecke auffallen, die k\u00fcnstlerischen Wandgem\u00e4lde auf Hausmauern. Diese <strong>Street Art Murals<\/strong> sind extrem sehenswert und faszinierend! Auf der Seite <strong><a href=\"https:\/\/www.citycentremuraltrail.co.uk\/murals\/MuralMap\" target=\"_blank\" rel=\"noopener noreferrer\">citycentremuraltrail.co.uk<\/a><\/strong> findet ihr einen Plan, wo die Kunstwerke zu finden sind \u2013 ohne Gew\u00e4hr auf Vollst\u00e4ndigkeit. Es werden auch <a href=\"https:\/\/www.getyourguide.de\/glasgow-l438\/glasgow-street-art-rundgang-t280117\/?partner_id=04M0MCT&amp;utm_medium=online_publisher\" target=\"_blank\" rel=\"noopener\"><strong>F\u00fchrungen zu den sch\u00f6nsten Street-Art-Werken in Glasgow<\/strong><\/a>* angeboten.<\/p>\n<p>GetYourGuide bietet jede Menge <strong><a href=\"https:\/\/www.getyourguide.de\/s\/?q=glasgow&amp;customerSearch=1&amp;searchSource=2&amp;ct=35-282&amp;p=1&amp;partner_id=04M0MCT&amp;utm_medium=online_publisher&amp;placement=content-middle&amp;partner_id=04M0MCT&amp;utm_medium=online_publisher\" target=\"_blank\" rel=\"noopener noreferrer\">Tagesausfl\u00fcge oder mehrt\u00e4gige Touren<\/a><\/strong>* in das Landersinnere von Schottland an, vielleicht ist das f\u00fcr den ein oder anderen von euch interessant.<\/p>\n<p>Der Tipp klingt vielleicht unn\u00f6tig, aber ich finde ihn trotzdem immer wieder wichtig zu betonen. In Gro\u00dfbritannien herrscht <strong>Linksverkehr<\/strong> und man muss an Kreuzungen wirklich aufpassen, wenn man das nicht gew\u00f6hnt ist!<\/p>\n<p>In Glasgow bieten enorm viele Museen und Institutionen <strong>freien Eintritt<\/strong> in ihre Ausstellungen und Geb\u00e4ude, was wirklich positiv hervorzuheben ist. Leider wird das teilweise durch die sehr <strong>kurzen \u00d6ffnungszeiten<\/strong> getr\u00fcbt. Selbst im Sommer, wenn die Sonne erst sehr sp\u00e4t untergeht, schlie\u00dfen viele H\u00e4user bereits um 17 Uhr ihre T\u00fcren. Das m\u00fcsst ihr auf jeden Fall bei der Tagesplanung einberechnen.<\/p>\n<p>Kommen wir abschlie\u00dfend zum wichtigsten Teil des ganzen Besuchs in Glasgow: Essen und Trinken! \ud83d\ude09 Nat\u00fcrlich muss man in einer schottischen Stadt in ein Pub gehen, um authentisch zu speisen und ein Pint schmackhaften Biers zu trinken. Folgende Lokale kann ich euch bedenkenlos empfehlen: <strong>MacSorley&#8217;s<\/strong> (<em>42 Jamaica St<\/em>, kleines Pub mit gro\u00dfer Getr\u00e4nkeauswahl und Livemusik), <strong>The Drum &amp; Monkey<\/strong> (<em>91 St Vincent St<\/em>, gr\u00f6\u00dferes Pub mit dezenter Einrichtung, gro\u00dfartige Fish &amp; Chips), <strong>The Lauders<\/strong> (<em>76 Sauchiehall St<\/em>, stilvolles gro\u00dfes Pub, viele Bildschirme mit Live-\u00dcbertragungen, ideal f\u00fcr einen Absacker vor dem Schlafengehen) und das <strong>Hard Rock Caf\u00e9<\/strong> (<em>179 Buchanan St<\/em>, tolle Beleuchtung im Treppenhaus, sch\u00f6ne Inneneinrichtung, gewohnte super Qualit\u00e4t beim Legendary Burger).<\/p>\n<div id='gallery-16' class='gallery galleryid-5032 gallery-columns-7 gallery-size-thumbnail'><figure class='gallery-item'>\n\t\t\t<div class='gallery-icon landscape'>\n\t\t\t\t<a href='https:\/\/coeser.de\/blog\/wp-content\/uploads\/2017\/09\/glasgow-oeffentlicher-verkehr-subway-gal01-christian-oeser.jpg' title=\"Die Glasgow Subway mit ihren schmalen Bahnsteigen, hier die Station Cowaddens\" data-rl_title=\"Die Glasgow Subway mit ihren schmalen Bahnsteigen, hier die Station Cowaddens\" class=\"rl-gallery-link\" data-rl_caption=\"Aufnahmeort anzeigen\" data-rel=\"lightbox-gallery-16\"><img loading=\"lazy\" decoding=\"async\" width=\"150\" height=\"150\" src=\"https:\/\/coeser.de\/blog\/wp-content\/uploads\/2017\/09\/glasgow-oeffentlicher-verkehr-subway-gal01-christian-oeser-150x150.jpg\" class=\"attachment-thumbnail size-thumbnail\" alt=\"Die Glasgow Subway mit ihren schmalen Bahnsteigen, hier die Station Cowaddens\" aria-describedby=\"gallery-16-5053\" \/><\/a>\n\t\t\t<\/div>\n\t\t\t\t<figcaption class='wp-caption-text gallery-caption' id='gallery-16-5053'>\n\t\t\t\tDie Glasgow Subway mit ihren schmalen Bahnsteigen, hier die Station Cowaddens\n\t\t\t\t<\/figcaption><\/figure><figure class='gallery-item'>\n\t\t\t<div class='gallery-icon landscape'>\n\t\t\t\t<a href='https:\/\/coeser.de\/blog\/wp-content\/uploads\/2017\/09\/glasgow-oeffentlicher-verkehr-busse-gal01-christian-oeser.jpg' title=\"Das \u00f6ffentliche Bussystem in Glasgow ist \u00e4u\u00dferst kompliziert\" data-rl_title=\"Das \u00f6ffentliche Bussystem in Glasgow ist \u00e4u\u00dferst kompliziert\" class=\"rl-gallery-link\" data-rl_caption=\"Aufnahmeort anzeigen\" data-rel=\"lightbox-gallery-16\"><img loading=\"lazy\" decoding=\"async\" width=\"150\" height=\"150\" src=\"https:\/\/coeser.de\/blog\/wp-content\/uploads\/2017\/09\/glasgow-oeffentlicher-verkehr-busse-gal01-christian-oeser-150x150.jpg\" class=\"attachment-thumbnail size-thumbnail\" alt=\"Das \u00f6ffentliche Bussystem in Glasgow ist \u00e4u\u00dferst kompliziert\" aria-describedby=\"gallery-16-5049\" \/><\/a>\n\t\t\t<\/div>\n\t\t\t\t<figcaption class='wp-caption-text gallery-caption' id='gallery-16-5049'>\n\t\t\t\tDas \u00f6ffentliche Bussystem in Glasgow ist \u00e4u\u00dferst kompliziert\n\t\t\t\t<\/figcaption><\/figure><figure class='gallery-item'>\n\t\t\t<div class='gallery-icon landscape'>\n\t\t\t\t<a href='https:\/\/coeser.de\/blog\/wp-content\/uploads\/2017\/09\/glasgow-oeffentlicher-verkehr-busse-gal02-christian-oeser.jpg' title=\"Mehrere unterschiedliche Busanbieter an einer Station in Glasgow\" data-rl_title=\"Mehrere unterschiedliche Busanbieter an einer Station in Glasgow\" class=\"rl-gallery-link\" data-rl_caption=\"Aufnahmeort anzeigen\" data-rel=\"lightbox-gallery-16\"><img loading=\"lazy\" decoding=\"async\" width=\"150\" height=\"150\" src=\"https:\/\/coeser.de\/blog\/wp-content\/uploads\/2017\/09\/glasgow-oeffentlicher-verkehr-busse-gal02-christian-oeser-150x150.jpg\" class=\"attachment-thumbnail size-thumbnail\" alt=\"Mehrere unterschiedliche Busanbieter an einer Station in Glasgow\" aria-describedby=\"gallery-16-5050\" \/><\/a>\n\t\t\t<\/div>\n\t\t\t\t<figcaption class='wp-caption-text gallery-caption' id='gallery-16-5050'>\n\t\t\t\tMehrere unterschiedliche Busanbieter an einer Station in Glasgow\n\t\t\t\t<\/figcaption><\/figure><figure class='gallery-item'>\n\t\t\t<div class='gallery-icon landscape'>\n\t\t\t\t<a href='https:\/\/coeser.de\/blog\/wp-content\/uploads\/2017\/09\/glasgow-oeffentlicher-verkehr-suburban-rail-gal01-christian-oeser.jpg' title=\"Ein Regionalzug in der Station Bridgeton in Glasgow\" data-rl_title=\"Ein Regionalzug in der Station Bridgeton in Glasgow\" class=\"rl-gallery-link\" data-rl_caption=\"Aufnahmeort anzeigen\" data-rel=\"lightbox-gallery-16\"><img loading=\"lazy\" decoding=\"async\" width=\"150\" height=\"150\" src=\"https:\/\/coeser.de\/blog\/wp-content\/uploads\/2017\/09\/glasgow-oeffentlicher-verkehr-suburban-rail-gal01-christian-oeser-150x150.jpg\" class=\"attachment-thumbnail size-thumbnail\" alt=\"Ein Regionalzug in der Station Bridgeton in Glasgow\" aria-describedby=\"gallery-16-5051\" \/><\/a>\n\t\t\t<\/div>\n\t\t\t\t<figcaption class='wp-caption-text gallery-caption' id='gallery-16-5051'>\n\t\t\t\tEin Regionalzug in der Station Bridgeton in Glasgow\n\t\t\t\t<\/figcaption><\/figure><figure class='gallery-item'>\n\t\t\t<div class='gallery-icon landscape'>\n\t\t\t\t<a href='https:\/\/coeser.de\/blog\/wp-content\/uploads\/2017\/09\/glasgow-oeffentlicher-verkehr-suburban-rail-gal02-christian-oeser.jpg' title=\"Blick in einen Regionalzug in Glasgow\" data-rl_title=\"Blick in einen Regionalzug in Glasgow\" class=\"rl-gallery-link\" data-rl_caption=\"Aufnahmeort anzeigen\" data-rel=\"lightbox-gallery-16\"><img loading=\"lazy\" decoding=\"async\" width=\"150\" height=\"150\" src=\"https:\/\/coeser.de\/blog\/wp-content\/uploads\/2017\/09\/glasgow-oeffentlicher-verkehr-suburban-rail-gal02-christian-oeser-150x150.jpg\" class=\"attachment-thumbnail size-thumbnail\" alt=\"Blick in einen Regionalzug in Glasgow\" aria-describedby=\"gallery-16-5052\" \/><\/a>\n\t\t\t<\/div>\n\t\t\t\t<figcaption class='wp-caption-text gallery-caption' id='gallery-16-5052'>\n\t\t\t\tBlick in einen Regionalzug in Glasgow\n\t\t\t\t<\/figcaption><\/figure><figure class='gallery-item'>\n\t\t\t<div class='gallery-icon landscape'>\n\t\t\t\t<a href='https:\/\/coeser.de\/blog\/wp-content\/uploads\/2017\/09\/glasgow-street-art-gal02-christian-oeser.jpg' title=\"K\u00fcnstlerische Street Art Murals in Glasgow\" data-rl_title=\"K\u00fcnstlerische Street Art Murals in Glasgow\" class=\"rl-gallery-link\" data-rl_caption=\"Aufnahmeort anzeigen\" data-rel=\"lightbox-gallery-16\"><img loading=\"lazy\" decoding=\"async\" width=\"150\" height=\"150\" src=\"https:\/\/coeser.de\/blog\/wp-content\/uploads\/2017\/09\/glasgow-street-art-gal02-christian-oeser-150x150.jpg\" class=\"attachment-thumbnail size-thumbnail\" alt=\"K\u00fcnstlerische Street Art Murals in Glasgow\" aria-describedby=\"gallery-16-5055\" \/><\/a>\n\t\t\t<\/div>\n\t\t\t\t<figcaption class='wp-caption-text gallery-caption' id='gallery-16-5055'>\n\t\t\t\tK\u00fcnstlerische Street Art Murals in Glasgow\n\t\t\t\t<\/figcaption><\/figure><figure class='gallery-item'>\n\t\t\t<div class='gallery-icon portrait'>\n\t\t\t\t<a href='https:\/\/coeser.de\/blog\/wp-content\/uploads\/2017\/09\/glasgow-street-art-gal03-christian-oeser.jpg' title=\"K\u00fcnstlerische Street Art Murals in Glasgow\" data-rl_title=\"K\u00fcnstlerische Street Art Murals in Glasgow\" class=\"rl-gallery-link\" data-rl_caption=\"Aufnahmeort anzeigen\" data-rel=\"lightbox-gallery-16\"><img loading=\"lazy\" decoding=\"async\" width=\"150\" height=\"150\" src=\"https:\/\/coeser.de\/blog\/wp-content\/uploads\/2017\/09\/glasgow-street-art-gal03-christian-oeser-150x150.jpg\" class=\"attachment-thumbnail size-thumbnail\" alt=\"K\u00fcnstlerische Street Art Murals in Glasgow\" aria-describedby=\"gallery-16-5056\" \/><\/a>\n\t\t\t<\/div>\n\t\t\t\t<figcaption class='wp-caption-text gallery-caption' id='gallery-16-5056'>\n\t\t\t\tK\u00fcnstlerische Street Art Murals in Glasgow\n\t\t\t\t<\/figcaption><\/figure><figure class='gallery-item'>\n\t\t\t<div class='gallery-icon landscape'>\n\t\t\t\t<a href='https:\/\/coeser.de\/blog\/wp-content\/uploads\/2017\/09\/glasgow-street-art-gal01-christian-oeser.jpg' title=\"K\u00fcnstlerische Street Art Murals in Glasgow\" data-rl_title=\"K\u00fcnstlerische Street Art Murals in Glasgow\" class=\"rl-gallery-link\" data-rl_caption=\"Aufnahmeort anzeigen\" data-rel=\"lightbox-gallery-16\"><img loading=\"lazy\" decoding=\"async\" width=\"150\" height=\"150\" src=\"https:\/\/coeser.de\/blog\/wp-content\/uploads\/2017\/09\/glasgow-street-art-gal01-christian-oeser-150x150.jpg\" class=\"attachment-thumbnail size-thumbnail\" alt=\"K\u00fcnstlerische Street Art Murals in Glasgow\" aria-describedby=\"gallery-16-5054\" \/><\/a>\n\t\t\t<\/div>\n\t\t\t\t<figcaption class='wp-caption-text gallery-caption' id='gallery-16-5054'>\n\t\t\t\tK\u00fcnstlerische Street Art Murals in Glasgow\n\t\t\t\t<\/figcaption><\/figure><figure class='gallery-item'>\n\t\t\t<div class='gallery-icon landscape'>\n\t\t\t\t<a href='https:\/\/coeser.de\/blog\/wp-content\/uploads\/2017\/09\/glasgow-street-art-gal06-christian-oeser.jpg' title=\"K\u00fcnstlerische Street Art Murals in Glasgow\" data-rl_title=\"K\u00fcnstlerische Street Art Murals in Glasgow\" class=\"rl-gallery-link\" data-rl_caption=\"Aufnahmeort anzeigen\" data-rel=\"lightbox-gallery-16\"><img loading=\"lazy\" decoding=\"async\" width=\"150\" height=\"150\" src=\"https:\/\/coeser.de\/blog\/wp-content\/uploads\/2017\/09\/glasgow-street-art-gal06-christian-oeser-150x150.jpg\" class=\"attachment-thumbnail size-thumbnail\" alt=\"K\u00fcnstlerische Street Art Murals in Glasgow\" aria-describedby=\"gallery-16-5038\" \/><\/a>\n\t\t\t<\/div>\n\t\t\t\t<figcaption class='wp-caption-text gallery-caption' id='gallery-16-5038'>\n\t\t\t\tK\u00fcnstlerische Street Art Murals in Glasgow\n\t\t\t\t<\/figcaption><\/figure><figure class='gallery-item'>\n\t\t\t<div class='gallery-icon landscape'>\n\t\t\t\t<a href='https:\/\/coeser.de\/blog\/wp-content\/uploads\/2017\/09\/glasgow-street-art-gal04-christian-oeser.jpg' title=\"K\u00fcnstlerische Street Art Murals in Glasgow\" data-rl_title=\"K\u00fcnstlerische Street Art Murals in Glasgow\" class=\"rl-gallery-link\" data-rl_caption=\"Aufnahmeort anzeigen\" data-rel=\"lightbox-gallery-16\"><img loading=\"lazy\" decoding=\"async\" width=\"150\" height=\"150\" src=\"https:\/\/coeser.de\/blog\/wp-content\/uploads\/2017\/09\/glasgow-street-art-gal04-christian-oeser-150x150.jpg\" class=\"attachment-thumbnail size-thumbnail\" alt=\"K\u00fcnstlerische Street Art Murals in Glasgow\" aria-describedby=\"gallery-16-5057\" \/><\/a>\n\t\t\t<\/div>\n\t\t\t\t<figcaption class='wp-caption-text gallery-caption' id='gallery-16-5057'>\n\t\t\t\tK\u00fcnstlerische Street Art Murals in Glasgow\n\t\t\t\t<\/figcaption><\/figure><figure class='gallery-item'>\n\t\t\t<div class='gallery-icon landscape'>\n\t\t\t\t<a href='https:\/\/coeser.de\/blog\/wp-content\/uploads\/2017\/09\/glasgow-street-art-gal05-christian-oeser.jpg' title=\"K\u00fcnstlerische Street Art Murals in Glasgow\" data-rl_title=\"K\u00fcnstlerische Street Art Murals in Glasgow\" class=\"rl-gallery-link\" data-rl_caption=\"Aufnahmeort anzeigen\" data-rel=\"lightbox-gallery-16\"><img loading=\"lazy\" decoding=\"async\" width=\"150\" height=\"150\" src=\"https:\/\/coeser.de\/blog\/wp-content\/uploads\/2017\/09\/glasgow-street-art-gal05-christian-oeser-150x150.jpg\" class=\"attachment-thumbnail size-thumbnail\" alt=\"K\u00fcnstlerische Street Art Murals in Glasgow\" aria-describedby=\"gallery-16-5058\" \/><\/a>\n\t\t\t<\/div>\n\t\t\t\t<figcaption class='wp-caption-text gallery-caption' id='gallery-16-5058'>\n\t\t\t\tK\u00fcnstlerische Street Art Murals in Glasgow\n\t\t\t\t<\/figcaption><\/figure><figure class='gallery-item'>\n\t\t\t<div class='gallery-icon landscape'>\n\t\t\t\t<a href='https:\/\/coeser.de\/blog\/wp-content\/uploads\/2017\/09\/glasgow-look-left-gal01-christian-oeser.jpg' title=\"Nicht vergessen, es herrscht Linksverkehr in Glasgow!\" data-rl_title=\"Nicht vergessen, es herrscht Linksverkehr in Glasgow!\" class=\"rl-gallery-link\" data-rl_caption=\"Aufnahmeort anzeigen\" data-rel=\"lightbox-gallery-16\"><img loading=\"lazy\" decoding=\"async\" width=\"150\" height=\"150\" src=\"https:\/\/coeser.de\/blog\/wp-content\/uploads\/2017\/09\/glasgow-look-left-gal01-christian-oeser-150x150.jpg\" class=\"attachment-thumbnail size-thumbnail\" alt=\"Nicht vergessen, es herrscht Linksverkehr in Glasgow!\" aria-describedby=\"gallery-16-5046\" \/><\/a>\n\t\t\t<\/div>\n\t\t\t\t<figcaption class='wp-caption-text gallery-caption' id='gallery-16-5046'>\n\t\t\t\tNicht vergessen, es herrscht Linksverkehr in Glasgow!\n\t\t\t\t<\/figcaption><\/figure><figure class='gallery-item'>\n\t\t\t<div class='gallery-icon landscape'>\n\t\t\t\t<a href='https:\/\/coeser.de\/blog\/wp-content\/uploads\/2017\/09\/glasgow-macsorleys-pub-gal01-christian-oeser.jpg' title=\"Innenansicht des Pub MacSorley\u2019s in Glasgow\" data-rl_title=\"Innenansicht des Pub MacSorley\u2019s in Glasgow\" class=\"rl-gallery-link\" data-rl_caption=\"Aufnahmeort anzeigen\" data-rel=\"lightbox-gallery-16\"><img loading=\"lazy\" decoding=\"async\" width=\"150\" height=\"150\" src=\"https:\/\/coeser.de\/blog\/wp-content\/uploads\/2017\/09\/glasgow-macsorleys-pub-gal01-christian-oeser-150x150.jpg\" class=\"attachment-thumbnail size-thumbnail\" alt=\"Innenansicht des Pub MacSorley\u2019s in Glasgow\" aria-describedby=\"gallery-16-5047\" \/><\/a>\n\t\t\t<\/div>\n\t\t\t\t<figcaption class='wp-caption-text gallery-caption' id='gallery-16-5047'>\n\t\t\t\tInnenansicht des Pub MacSorley\u2019s in Glasgow\n\t\t\t\t<\/figcaption><\/figure><figure class='gallery-item'>\n\t\t\t<div class='gallery-icon landscape'>\n\t\t\t\t<a href='https:\/\/coeser.de\/blog\/wp-content\/uploads\/2017\/09\/glasgow-macsorleys-pub-gal02-christian-oeser.jpg' title=\"Livemusik im Pub MacSorley\u2019s in Glasgow\" data-rl_title=\"Livemusik im Pub MacSorley\u2019s in Glasgow\" class=\"rl-gallery-link\" data-rl_caption=\"Aufnahmeort anzeigen\" data-rel=\"lightbox-gallery-16\"><img loading=\"lazy\" decoding=\"async\" width=\"150\" height=\"150\" src=\"https:\/\/coeser.de\/blog\/wp-content\/uploads\/2017\/09\/glasgow-macsorleys-pub-gal02-christian-oeser-150x150.jpg\" class=\"attachment-thumbnail size-thumbnail\" alt=\"Livemusik im Pub MacSorley\u2019s in Glasgow\" aria-describedby=\"gallery-16-5048\" \/><\/a>\n\t\t\t<\/div>\n\t\t\t\t<figcaption class='wp-caption-text gallery-caption' id='gallery-16-5048'>\n\t\t\t\tLivemusik im Pub MacSorley\u2019s in Glasgow\n\t\t\t\t<\/figcaption><\/figure><figure class='gallery-item'>\n\t\t\t<div class='gallery-icon landscape'>\n\t\t\t\t<a href='https:\/\/coeser.de\/blog\/wp-content\/uploads\/2017\/09\/glasgow-drum-monkey-pub-gal01-christian-oeser.jpg' title=\"Au\u00dfenansicht des Pubs The Drum &amp; Monkey in Glasgow\" data-rl_title=\"Au\u00dfenansicht des Pubs The Drum &amp; Monkey in Glasgow\" class=\"rl-gallery-link\" data-rl_caption=\"Aufnahmeort anzeigen\" data-rel=\"lightbox-gallery-16\"><img loading=\"lazy\" decoding=\"async\" width=\"150\" height=\"150\" src=\"https:\/\/coeser.de\/blog\/wp-content\/uploads\/2017\/09\/glasgow-drum-monkey-pub-gal01-christian-oeser-150x150.jpg\" class=\"attachment-thumbnail size-thumbnail\" alt=\"Au\u00dfenansicht des Pubs The Drum &amp; Monkey in Glasgow\" aria-describedby=\"gallery-16-5039\" \/><\/a>\n\t\t\t<\/div>\n\t\t\t\t<figcaption class='wp-caption-text gallery-caption' id='gallery-16-5039'>\n\t\t\t\tAu\u00dfenansicht des Pubs The Drum &#038; Monkey in Glasgow\n\t\t\t\t<\/figcaption><\/figure><figure class='gallery-item'>\n\t\t\t<div class='gallery-icon portrait'>\n\t\t\t\t<a href='https:\/\/coeser.de\/blog\/wp-content\/uploads\/2017\/09\/glasgow-drum-monkey-pub-gal02-christian-oeser.jpg' title=\"Ein &quot;Innis &amp; Gunn&quot;-Bier im Pub The Drum &amp; Monkey in Glasgow\" data-rl_title=\"Ein &quot;Innis &amp; Gunn&quot;-Bier im Pub The Drum &amp; Monkey in Glasgow\" class=\"rl-gallery-link\" data-rl_caption=\"Aufnahmeort anzeigen\" data-rel=\"lightbox-gallery-16\"><img loading=\"lazy\" decoding=\"async\" width=\"150\" height=\"150\" src=\"https:\/\/coeser.de\/blog\/wp-content\/uploads\/2017\/09\/glasgow-drum-monkey-pub-gal02-christian-oeser-150x150.jpg\" class=\"attachment-thumbnail size-thumbnail\" alt=\"Ein &quot;Innis &amp; Gunn&quot;-Bier im Pub The Drum &amp; Monkey in Glasgow\" aria-describedby=\"gallery-16-5040\" \/><\/a>\n\t\t\t<\/div>\n\t\t\t\t<figcaption class='wp-caption-text gallery-caption' id='gallery-16-5040'>\n\t\t\t\tEin &#8222;Innis &#038; Gunn&#8220;-Bier im Pub The Drum &#038; Monkey in Glasgow\n\t\t\t\t<\/figcaption><\/figure><figure class='gallery-item'>\n\t\t\t<div class='gallery-icon landscape'>\n\t\t\t\t<a href='https:\/\/coeser.de\/blog\/wp-content\/uploads\/2017\/09\/glasgow-drum-monkey-pub-gal03-christian-oeser.jpg' title=\"Fish &amp; Chips im Pub The Drum &amp; Monkey in Glasgow\" data-rl_title=\"Fish &amp; Chips im Pub The Drum &amp; Monkey in Glasgow\" class=\"rl-gallery-link\" data-rl_caption=\"Aufnahmeort anzeigen\" data-rel=\"lightbox-gallery-16\"><img loading=\"lazy\" decoding=\"async\" width=\"150\" height=\"150\" src=\"https:\/\/coeser.de\/blog\/wp-content\/uploads\/2017\/09\/glasgow-drum-monkey-pub-gal03-christian-oeser-150x150.jpg\" class=\"attachment-thumbnail size-thumbnail\" alt=\"Fish &amp; Chips im Pub The Drum &amp; Monkey in Glasgow\" aria-describedby=\"gallery-16-5041\" \/><\/a>\n\t\t\t<\/div>\n\t\t\t\t<figcaption class='wp-caption-text gallery-caption' id='gallery-16-5041'>\n\t\t\t\tFish &#038; Chips im Pub The Drum &#038; Monkey in Glasgow\n\t\t\t\t<\/figcaption><\/figure><figure class='gallery-item'>\n\t\t\t<div class='gallery-icon landscape'>\n\t\t\t\t<a href='https:\/\/coeser.de\/blog\/wp-content\/uploads\/2017\/09\/glasgow-hard-rock-cafe-gal01-christian-oeser.jpg' title=\"Innenansicht des Hard Rock Caf\u00e9 in Glasgow\" data-rl_title=\"Innenansicht des Hard Rock Caf\u00e9 in Glasgow\" class=\"rl-gallery-link\" data-rl_caption=\"Aufnahmeort anzeigen\" data-rel=\"lightbox-gallery-16\"><img loading=\"lazy\" decoding=\"async\" width=\"150\" height=\"150\" src=\"https:\/\/coeser.de\/blog\/wp-content\/uploads\/2017\/09\/glasgow-hard-rock-cafe-gal01-christian-oeser-150x150.jpg\" class=\"attachment-thumbnail size-thumbnail\" alt=\"Innenansicht des Hard Rock Caf\u00e9 in Glasgow\" aria-describedby=\"gallery-16-5042\" \/><\/a>\n\t\t\t<\/div>\n\t\t\t\t<figcaption class='wp-caption-text gallery-caption' id='gallery-16-5042'>\n\t\t\t\tInnenansicht des Hard Rock Caf\u00e9 in Glasgow\n\t\t\t\t<\/figcaption><\/figure><figure class='gallery-item'>\n\t\t\t<div class='gallery-icon landscape'>\n\t\t\t\t<a href='https:\/\/coeser.de\/blog\/wp-content\/uploads\/2017\/09\/glasgow-hard-rock-cafe-gal02-christian-oeser.jpg' title=\"Ein Legendary Burger im Hard Rock Caf\u00e9 in Glasgow\" data-rl_title=\"Ein Legendary Burger im Hard Rock Caf\u00e9 in Glasgow\" class=\"rl-gallery-link\" data-rl_caption=\"Aufnahmeort anzeigen\" data-rel=\"lightbox-gallery-16\"><img loading=\"lazy\" decoding=\"async\" width=\"150\" height=\"150\" src=\"https:\/\/coeser.de\/blog\/wp-content\/uploads\/2017\/09\/glasgow-hard-rock-cafe-gal02-christian-oeser-150x150.jpg\" class=\"attachment-thumbnail size-thumbnail\" alt=\"Ein Legendary Burger im Hard Rock Caf\u00e9 in Glasgow\" aria-describedby=\"gallery-16-5043\" \/><\/a>\n\t\t\t<\/div>\n\t\t\t\t<figcaption class='wp-caption-text gallery-caption' id='gallery-16-5043'>\n\t\t\t\tEin Legendary Burger im Hard Rock Caf\u00e9 in Glasgow\n\t\t\t\t<\/figcaption><\/figure><figure class='gallery-item'>\n\t\t\t<div class='gallery-icon landscape'>\n\t\t\t\t<a href='https:\/\/coeser.de\/blog\/wp-content\/uploads\/2017\/09\/glasgow-lauders-pub-gal01-christian-oeser.jpg' title=\"Innenansicht im Pub The Lauders in Glasgow\" data-rl_title=\"Innenansicht im Pub The Lauders in Glasgow\" class=\"rl-gallery-link\" data-rl_caption=\"Aufnahmeort anzeigen\" data-rel=\"lightbox-gallery-16\"><img loading=\"lazy\" decoding=\"async\" width=\"150\" height=\"150\" src=\"https:\/\/coeser.de\/blog\/wp-content\/uploads\/2017\/09\/glasgow-lauders-pub-gal01-christian-oeser-150x150.jpg\" class=\"attachment-thumbnail size-thumbnail\" alt=\"Innenansicht im Pub The Lauders in Glasgow\" aria-describedby=\"gallery-16-5044\" \/><\/a>\n\t\t\t<\/div>\n\t\t\t\t<figcaption class='wp-caption-text gallery-caption' id='gallery-16-5044'>\n\t\t\t\tInnenansicht im Pub The Lauders in Glasgow\n\t\t\t\t<\/figcaption><\/figure><figure class='gallery-item'>\n\t\t\t<div class='gallery-icon portrait'>\n\t\t\t\t<a href='https:\/\/coeser.de\/blog\/wp-content\/uploads\/2017\/09\/glasgow-lauders-pub-gal02-christian-oeser.jpg' title=\"Ein Pint Tennants-Bier im Pub The Lauders in Glasgow\" data-rl_title=\"Ein Pint Tennants-Bier im Pub The Lauders in Glasgow\" class=\"rl-gallery-link\" data-rl_caption=\"Aufnahmeort anzeigen\" data-rel=\"lightbox-gallery-16\"><img loading=\"lazy\" decoding=\"async\" width=\"150\" height=\"150\" src=\"https:\/\/coeser.de\/blog\/wp-content\/uploads\/2017\/09\/glasgow-lauders-pub-gal02-christian-oeser-150x150.jpg\" class=\"attachment-thumbnail size-thumbnail\" alt=\"Ein Pint Tennants-Bier im Pub The Lauders in Glasgow\" aria-describedby=\"gallery-16-5045\" \/><\/a>\n\t\t\t<\/div>\n\t\t\t\t<figcaption class='wp-caption-text gallery-caption' id='gallery-16-5045'>\n\t\t\t\tEin Pint Tennants-Bier im Pub The Lauders in Glasgow\n\t\t\t\t<\/figcaption><\/figure>\n\t\t<\/div>\n\n<\/div>\n<p>&nbsp;<\/p>\n<hr \/>\n<div class=\"fazit\">\n<h2>FAZIT<\/h2>\n<p>Glasgow war ein kurzer, intensiver und grandioser Auftakt meiner zweiw\u00f6chigen Schottland-Reise. Die ehemalige Industriestadt hat sich ihren rauen Charme der vergangenen Zeit behalten, was ich auch sehr wichtig finde. Gleichzeitig entwickelt sich der Ort aber zu einer modernen Stadt mit freundlichen Menschen, bei denen man sich als Gast willkommen f\u00fchlt. Die Anzahl an sehenswerten Pl\u00e4tzen ist enorm und wird nur durch das l\u00fcckenhafte System der \u00f6ffentlichen Verkehrsmittel getr\u00fcbt. Auch wenn Glasgow nicht den Glanz der schottischen Hauptstadt Edinburgh verspr\u00fcht, ist es dennoch ein wirklich lohnenswerter Ort f\u00fcr einen Besuch.<\/p>\n<\/div>\n<div style=\"display: none;\">\n<figure id=\"attachment_5482\" class=\"thumbnail wp-caption alignnone\" style=\"width: 745px\"><img loading=\"lazy\" decoding=\"async\" class=\"size-full wp-image-5482\" src=\"https:\/\/coeser.de\/blog\/wp-content\/uploads\/2017\/10\/blog-glasgow-p1-christian-oeser.jpg\" alt=\"Reisebericht \u00fcber Glasgow in Schottland mit Erfahrungen zu Sehensw\u00fcrdigkeiten, den besten Fotospots sowie allgemeinen Tipps und Restaurantempfehlungen.\" width=\"735\" height=\"1102\" srcset=\"https:\/\/coeser.de\/blog\/wp-content\/uploads\/2017\/10\/blog-glasgow-p1-christian-oeser.jpg 735w, https:\/\/coeser.de\/blog\/wp-content\/uploads\/2017\/10\/blog-glasgow-p1-christian-oeser-200x300.jpg 200w, https:\/\/coeser.de\/blog\/wp-content\/uploads\/2017\/10\/blog-glasgow-p1-christian-oeser-683x1024.jpg 683w\" sizes=\"auto, (max-width: 735px) 100vw, 735px\" \/><figcaption class=\"caption wp-caption-text\">Reisebericht Zwei Tage Glasgow<\/figcaption><\/figure>\n<figure id=\"attachment_5483\" class=\"thumbnail wp-caption alignnone\" style=\"width: 745px\"><img loading=\"lazy\" decoding=\"async\" class=\"size-full wp-image-5483\" src=\"https:\/\/coeser.de\/blog\/wp-content\/uploads\/2017\/10\/blog-glasgow-p2-christian-oeser.jpg\" alt=\"Reisebericht \u00fcber Glasgow in Schottland mit Erfahrungen zu Sehensw\u00fcrdigkeiten, den besten Fotospots sowie allgemeinen Tipps und Restaurantempfehlungen.\" width=\"735\" height=\"1102\" srcset=\"https:\/\/coeser.de\/blog\/wp-content\/uploads\/2017\/10\/blog-glasgow-p2-christian-oeser.jpg 735w, https:\/\/coeser.de\/blog\/wp-content\/uploads\/2017\/10\/blog-glasgow-p2-christian-oeser-200x300.jpg 200w, https:\/\/coeser.de\/blog\/wp-content\/uploads\/2017\/10\/blog-glasgow-p2-christian-oeser-683x1024.jpg 683w\" sizes=\"auto, (max-width: 735px) 100vw, 735px\" \/><figcaption class=\"caption wp-caption-text\">Reisebericht Zwei Tage Glasgow<\/figcaption><\/figure>\n<figure id=\"attachment_5484\" class=\"thumbnail wp-caption alignnone\" style=\"width: 745px\"><img loading=\"lazy\" decoding=\"async\" class=\"size-full wp-image-5484\" src=\"https:\/\/coeser.de\/blog\/wp-content\/uploads\/2017\/10\/blog-glasgow-p3-christian-oeser.jpg\" alt=\"Reisebericht \u00fcber Glasgow in Schottland mit Erfahrungen zu Sehensw\u00fcrdigkeiten, den besten Fotospots sowie allgemeinen Tipps und Restaurantempfehlungen.\" width=\"735\" height=\"1102\" srcset=\"https:\/\/coeser.de\/blog\/wp-content\/uploads\/2017\/10\/blog-glasgow-p3-christian-oeser.jpg 735w, https:\/\/coeser.de\/blog\/wp-content\/uploads\/2017\/10\/blog-glasgow-p3-christian-oeser-200x300.jpg 200w, https:\/\/coeser.de\/blog\/wp-content\/uploads\/2017\/10\/blog-glasgow-p3-christian-oeser-683x1024.jpg 683w\" sizes=\"auto, (max-width: 735px) 100vw, 735px\" \/><figcaption class=\"caption wp-caption-text\">Reisebericht Zwei Tage Glasgow<\/figcaption><\/figure>\n<figure id=\"attachment_5485\" class=\"thumbnail wp-caption alignnone\" style=\"width: 745px\"><img loading=\"lazy\" decoding=\"async\" class=\"size-full wp-image-5485\" src=\"https:\/\/coeser.de\/blog\/wp-content\/uploads\/2017\/10\/blog-glasgow-p4-christian-oeser.jpg\" alt=\"Reisebericht \u00fcber Glasgow in Schottland mit Erfahrungen zu Sehensw\u00fcrdigkeiten, den besten Fotospots sowie allgemeinen Tipps und Restaurantempfehlungen.\" width=\"735\" height=\"1102\" srcset=\"https:\/\/coeser.de\/blog\/wp-content\/uploads\/2017\/10\/blog-glasgow-p4-christian-oeser.jpg 735w, https:\/\/coeser.de\/blog\/wp-content\/uploads\/2017\/10\/blog-glasgow-p4-christian-oeser-200x300.jpg 200w, https:\/\/coeser.de\/blog\/wp-content\/uploads\/2017\/10\/blog-glasgow-p4-christian-oeser-683x1024.jpg 683w\" sizes=\"auto, (max-width: 735px) 100vw, 735px\" \/><figcaption class=\"caption wp-caption-text\">Reisebericht Zwei Tage Glasgow<\/figcaption><\/figure>\n<\/div>\n<p>&nbsp;<\/p>\n","protected":false},"excerpt":{"rendered":"<p>Der Ruf von Schottlands bev\u00f6lkerungsreichster Stadt Glasgow ist nicht unbedingt der beste. Als ehemalige Industriestadt, die au\u00dfer Fabriken und einem Hafen nicht viel zu bieten hatte, denken wohl viele nicht daran, dort einige Tage zu verbringen. Doch der Schein tr\u00fcgt! Glasgow ver\u00e4ndert sich seit den 90er-Jahren sukzessive und mausert sich zu einem sehenswerten Ort. In [&hellip;]<\/p>\n","protected":false},"author":1,"featured_media":5166,"comment_status":"open","ping_status":"open","sticky":false,"template":"","format":"standard","meta":{"_jetpack_memberships_contains_paid_content":false,"footnotes":""},"categories":[159],"tags":[9,11,12,164,41,68,160,10],"class_list":["post-5032","post","type-post","status-publish","format-standard","has-post-thumbnail","hentry","category-schottland","tag-cityguide","tag-fotospots","tag-fototipps","tag-glasgow","tag-reisebericht","tag-reisefuehrer","tag-schottland","tag-staedtereise"],"yoast_head":"<!-- This site is optimized with the Yoast SEO plugin v27.5 - https:\/\/yoast.com\/product\/yoast-seo-wordpress\/ -->\n<title>Der raue Charme von Glasgow - Reiseblog und Fotostories von Christian \u00d6ser<\/title>\n<meta name=\"description\" content=\"Glasgow, Schottland: Reisebericht mit Erfahrungen zu Sehensw\u00fcrdigkeiten, den besten Fotospots, allgemeinen Tipps und Restaurantempfehlungen.\" \/>\n<meta name=\"robots\" content=\"index, follow, max-snippet:-1, max-image-preview:large, max-video-preview:-1\" \/>\n<link rel=\"canonical\" href=\"https:\/\/coeser.de\/blog\/index.php\/2017\/10\/17\/der-raue-charme-von-glasgow\/\" \/>\n<meta property=\"og:locale\" content=\"de_DE\" \/>\n<meta property=\"og:type\" content=\"article\" \/>\n<meta property=\"og:title\" content=\"Der raue Charme von Glasgow - Reiseblog und Fotostories von Christian \u00d6ser\" \/>\n<meta property=\"og:description\" content=\"Glasgow, Schottland: Reisebericht mit Erfahrungen zu Sehensw\u00fcrdigkeiten, den besten Fotospots, allgemeinen Tipps und Restaurantempfehlungen.\" \/>\n<meta property=\"og:url\" content=\"https:\/\/coeser.de\/blog\/index.php\/2017\/10\/17\/der-raue-charme-von-glasgow\/\" \/>\n<meta property=\"og:site_name\" content=\"fern &amp; nah - Reiseblog und Fotostories von Christian \u00d6ser\" \/>\n<meta property=\"article:publisher\" content=\"Christian \u00d6ser\" \/>\n<meta property=\"article:author\" content=\"Christian \u00d6ser\" \/>\n<meta property=\"article:published_time\" content=\"2017-10-17T05:00:12+00:00\" \/>\n<meta property=\"article:modified_time\" content=\"2025-07-01T09:13:14+00:00\" \/>\n<meta property=\"og:image\" content=\"https:\/\/coeser.de\/blog\/wp-content\/uploads\/2017\/09\/glasgow-aufmacher-cityscape-christian-oeser.jpg\" \/>\n\t<meta property=\"og:image:width\" content=\"978\" \/>\n\t<meta property=\"og:image:height\" content=\"550\" \/>\n\t<meta property=\"og:image:type\" content=\"image\/jpeg\" \/>\n<meta name=\"author\" content=\"Christian \u00d6ser\" \/>\n<meta name=\"twitter:card\" content=\"summary_large_image\" \/>\n<meta name=\"twitter:label1\" content=\"Verfasst von\" \/>\n\t<meta name=\"twitter:data1\" content=\"Christian \u00d6ser\" \/>\n\t<meta name=\"twitter:label2\" content=\"Gesch\u00e4tzte Lesezeit\" \/>\n\t<meta name=\"twitter:data2\" content=\"27\u00a0Minuten\" \/>\n<script type=\"application\/ld+json\" class=\"yoast-schema-graph\">{\"@context\":\"https:\\\/\\\/schema.org\",\"@graph\":[{\"@type\":\"Article\",\"@id\":\"https:\\\/\\\/coeser.de\\\/blog\\\/index.php\\\/2017\\\/10\\\/17\\\/der-raue-charme-von-glasgow\\\/#article\",\"isPartOf\":{\"@id\":\"https:\\\/\\\/coeser.de\\\/blog\\\/index.php\\\/2017\\\/10\\\/17\\\/der-raue-charme-von-glasgow\\\/\"},\"author\":{\"name\":\"Christian \u00d6ser\",\"@id\":\"https:\\\/\\\/coeser.de\\\/blog\\\/#\\\/schema\\\/person\\\/fda1d253389076b2cadc3d47018cf315\"},\"headline\":\"Der raue Charme von Glasgow\",\"datePublished\":\"2017-10-17T05:00:12+00:00\",\"dateModified\":\"2025-07-01T09:13:14+00:00\",\"mainEntityOfPage\":{\"@id\":\"https:\\\/\\\/coeser.de\\\/blog\\\/index.php\\\/2017\\\/10\\\/17\\\/der-raue-charme-von-glasgow\\\/\"},\"wordCount\":4680,\"commentCount\":15,\"publisher\":{\"@id\":\"https:\\\/\\\/coeser.de\\\/blog\\\/#\\\/schema\\\/person\\\/fda1d253389076b2cadc3d47018cf315\"},\"image\":{\"@id\":\"https:\\\/\\\/coeser.de\\\/blog\\\/index.php\\\/2017\\\/10\\\/17\\\/der-raue-charme-von-glasgow\\\/#primaryimage\"},\"thumbnailUrl\":\"https:\\\/\\\/coeser.de\\\/blog\\\/wp-content\\\/uploads\\\/2017\\\/09\\\/glasgow-aufmacher-cityscape-christian-oeser.jpg\",\"keywords\":[\"Cityguide\",\"Fotospots\",\"Fototipps\",\"Glasgow\",\"Reisebericht\",\"Reisef\u00fchrer\",\"Schottland\",\"St\u00e4dtereise\"],\"articleSection\":[\"SCHOTTLAND\"],\"inLanguage\":\"de\",\"potentialAction\":[{\"@type\":\"CommentAction\",\"name\":\"Comment\",\"target\":[\"https:\\\/\\\/coeser.de\\\/blog\\\/index.php\\\/2017\\\/10\\\/17\\\/der-raue-charme-von-glasgow\\\/#respond\"]}]},{\"@type\":\"WebPage\",\"@id\":\"https:\\\/\\\/coeser.de\\\/blog\\\/index.php\\\/2017\\\/10\\\/17\\\/der-raue-charme-von-glasgow\\\/\",\"url\":\"https:\\\/\\\/coeser.de\\\/blog\\\/index.php\\\/2017\\\/10\\\/17\\\/der-raue-charme-von-glasgow\\\/\",\"name\":\"Der raue Charme von Glasgow - Reiseblog und Fotostories von Christian \u00d6ser\",\"isPartOf\":{\"@id\":\"https:\\\/\\\/coeser.de\\\/blog\\\/#website\"},\"primaryImageOfPage\":{\"@id\":\"https:\\\/\\\/coeser.de\\\/blog\\\/index.php\\\/2017\\\/10\\\/17\\\/der-raue-charme-von-glasgow\\\/#primaryimage\"},\"image\":{\"@id\":\"https:\\\/\\\/coeser.de\\\/blog\\\/index.php\\\/2017\\\/10\\\/17\\\/der-raue-charme-von-glasgow\\\/#primaryimage\"},\"thumbnailUrl\":\"https:\\\/\\\/coeser.de\\\/blog\\\/wp-content\\\/uploads\\\/2017\\\/09\\\/glasgow-aufmacher-cityscape-christian-oeser.jpg\",\"datePublished\":\"2017-10-17T05:00:12+00:00\",\"dateModified\":\"2025-07-01T09:13:14+00:00\",\"description\":\"Glasgow, Schottland: Reisebericht mit Erfahrungen zu Sehensw\u00fcrdigkeiten, den besten Fotospots, allgemeinen Tipps und Restaurantempfehlungen.\",\"breadcrumb\":{\"@id\":\"https:\\\/\\\/coeser.de\\\/blog\\\/index.php\\\/2017\\\/10\\\/17\\\/der-raue-charme-von-glasgow\\\/#breadcrumb\"},\"inLanguage\":\"de\",\"potentialAction\":[{\"@type\":\"ReadAction\",\"target\":[\"https:\\\/\\\/coeser.de\\\/blog\\\/index.php\\\/2017\\\/10\\\/17\\\/der-raue-charme-von-glasgow\\\/\"]}]},{\"@type\":\"ImageObject\",\"inLanguage\":\"de\",\"@id\":\"https:\\\/\\\/coeser.de\\\/blog\\\/index.php\\\/2017\\\/10\\\/17\\\/der-raue-charme-von-glasgow\\\/#primaryimage\",\"url\":\"https:\\\/\\\/coeser.de\\\/blog\\\/wp-content\\\/uploads\\\/2017\\\/09\\\/glasgow-aufmacher-cityscape-christian-oeser.jpg\",\"contentUrl\":\"https:\\\/\\\/coeser.de\\\/blog\\\/wp-content\\\/uploads\\\/2017\\\/09\\\/glasgow-aufmacher-cityscape-christian-oeser.jpg\",\"width\":978,\"height\":550,\"caption\":\"Ausblick vom Lighthouse auf Glasgow\"},{\"@type\":\"BreadcrumbList\",\"@id\":\"https:\\\/\\\/coeser.de\\\/blog\\\/index.php\\\/2017\\\/10\\\/17\\\/der-raue-charme-von-glasgow\\\/#breadcrumb\",\"itemListElement\":[{\"@type\":\"ListItem\",\"position\":1,\"name\":\"Startseite\",\"item\":\"https:\\\/\\\/coeser.de\\\/blog\\\/\"},{\"@type\":\"ListItem\",\"position\":2,\"name\":\"Der raue Charme von Glasgow\"}]},{\"@type\":\"WebSite\",\"@id\":\"https:\\\/\\\/coeser.de\\\/blog\\\/#website\",\"url\":\"https:\\\/\\\/coeser.de\\\/blog\\\/\",\"name\":\"fern &amp; nah - Reiseblog und Fotostories von Christian \u00d6ser\",\"description\":\"Reiseblog und Fotostories von Christian \u00d6ser\",\"publisher\":{\"@id\":\"https:\\\/\\\/coeser.de\\\/blog\\\/#\\\/schema\\\/person\\\/fda1d253389076b2cadc3d47018cf315\"},\"potentialAction\":[{\"@type\":\"SearchAction\",\"target\":{\"@type\":\"EntryPoint\",\"urlTemplate\":\"https:\\\/\\\/coeser.de\\\/blog\\\/?s={search_term_string}\"},\"query-input\":{\"@type\":\"PropertyValueSpecification\",\"valueRequired\":true,\"valueName\":\"search_term_string\"}}],\"inLanguage\":\"de\"},{\"@type\":[\"Person\",\"Organization\"],\"@id\":\"https:\\\/\\\/coeser.de\\\/blog\\\/#\\\/schema\\\/person\\\/fda1d253389076b2cadc3d47018cf315\",\"name\":\"Christian \u00d6ser\",\"image\":{\"@type\":\"ImageObject\",\"inLanguage\":\"de\",\"@id\":\"https:\\\/\\\/coeser.de\\\/blog\\\/wp-content\\\/uploads\\\/2016\\\/08\\\/logo-fern-und-nah-christian-oeser-4.jpg\",\"url\":\"https:\\\/\\\/coeser.de\\\/blog\\\/wp-content\\\/uploads\\\/2016\\\/08\\\/logo-fern-und-nah-christian-oeser-4.jpg\",\"contentUrl\":\"https:\\\/\\\/coeser.de\\\/blog\\\/wp-content\\\/uploads\\\/2016\\\/08\\\/logo-fern-und-nah-christian-oeser-4.jpg\",\"width\":1090,\"height\":245,\"caption\":\"Christian \u00d6ser\"},\"logo\":{\"@id\":\"https:\\\/\\\/coeser.de\\\/blog\\\/wp-content\\\/uploads\\\/2016\\\/08\\\/logo-fern-und-nah-christian-oeser-4.jpg\"},\"sameAs\":[\"http:\\\/\\\/www.coeser.de\",\"Christian \u00d6ser\",\"https:\\\/\\\/www.instagram.com\\\/coeser_de\\\/\",\"https:\\\/\\\/www.pinterest.at\\\/nightline5\\\/\"],\"url\":\"https:\\\/\\\/coeser.de\\\/blog\\\/index.php\\\/author\\\/coeser\\\/\"}]}<\/script>\n<!-- \/ Yoast SEO plugin. -->","yoast_head_json":{"title":"Der raue Charme von Glasgow - Reiseblog und Fotostories von Christian \u00d6ser","description":"Glasgow, Schottland: Reisebericht mit Erfahrungen zu Sehensw\u00fcrdigkeiten, den besten Fotospots, allgemeinen Tipps und Restaurantempfehlungen.","robots":{"index":"index","follow":"follow","max-snippet":"max-snippet:-1","max-image-preview":"max-image-preview:large","max-video-preview":"max-video-preview:-1"},"canonical":"https:\/\/coeser.de\/blog\/index.php\/2017\/10\/17\/der-raue-charme-von-glasgow\/","og_locale":"de_DE","og_type":"article","og_title":"Der raue Charme von Glasgow - Reiseblog und Fotostories von Christian \u00d6ser","og_description":"Glasgow, Schottland: Reisebericht mit Erfahrungen zu Sehensw\u00fcrdigkeiten, den besten Fotospots, allgemeinen Tipps und Restaurantempfehlungen.","og_url":"https:\/\/coeser.de\/blog\/index.php\/2017\/10\/17\/der-raue-charme-von-glasgow\/","og_site_name":"fern &amp; nah - Reiseblog und Fotostories von Christian \u00d6ser","article_publisher":"Christian \u00d6ser","article_author":"Christian \u00d6ser","article_published_time":"2017-10-17T05:00:12+00:00","article_modified_time":"2025-07-01T09:13:14+00:00","og_image":[{"width":978,"height":550,"url":"https:\/\/coeser.de\/blog\/wp-content\/uploads\/2017\/09\/glasgow-aufmacher-cityscape-christian-oeser.jpg","type":"image\/jpeg"}],"author":"Christian \u00d6ser","twitter_card":"summary_large_image","twitter_misc":{"Verfasst von":"Christian \u00d6ser","Gesch\u00e4tzte Lesezeit":"27\u00a0Minuten"},"schema":{"@context":"https:\/\/schema.org","@graph":[{"@type":"Article","@id":"https:\/\/coeser.de\/blog\/index.php\/2017\/10\/17\/der-raue-charme-von-glasgow\/#article","isPartOf":{"@id":"https:\/\/coeser.de\/blog\/index.php\/2017\/10\/17\/der-raue-charme-von-glasgow\/"},"author":{"name":"Christian \u00d6ser","@id":"https:\/\/coeser.de\/blog\/#\/schema\/person\/fda1d253389076b2cadc3d47018cf315"},"headline":"Der raue Charme von Glasgow","datePublished":"2017-10-17T05:00:12+00:00","dateModified":"2025-07-01T09:13:14+00:00","mainEntityOfPage":{"@id":"https:\/\/coeser.de\/blog\/index.php\/2017\/10\/17\/der-raue-charme-von-glasgow\/"},"wordCount":4680,"commentCount":15,"publisher":{"@id":"https:\/\/coeser.de\/blog\/#\/schema\/person\/fda1d253389076b2cadc3d47018cf315"},"image":{"@id":"https:\/\/coeser.de\/blog\/index.php\/2017\/10\/17\/der-raue-charme-von-glasgow\/#primaryimage"},"thumbnailUrl":"https:\/\/coeser.de\/blog\/wp-content\/uploads\/2017\/09\/glasgow-aufmacher-cityscape-christian-oeser.jpg","keywords":["Cityguide","Fotospots","Fototipps","Glasgow","Reisebericht","Reisef\u00fchrer","Schottland","St\u00e4dtereise"],"articleSection":["SCHOTTLAND"],"inLanguage":"de","potentialAction":[{"@type":"CommentAction","name":"Comment","target":["https:\/\/coeser.de\/blog\/index.php\/2017\/10\/17\/der-raue-charme-von-glasgow\/#respond"]}]},{"@type":"WebPage","@id":"https:\/\/coeser.de\/blog\/index.php\/2017\/10\/17\/der-raue-charme-von-glasgow\/","url":"https:\/\/coeser.de\/blog\/index.php\/2017\/10\/17\/der-raue-charme-von-glasgow\/","name":"Der raue Charme von Glasgow - Reiseblog und Fotostories von Christian \u00d6ser","isPartOf":{"@id":"https:\/\/coeser.de\/blog\/#website"},"primaryImageOfPage":{"@id":"https:\/\/coeser.de\/blog\/index.php\/2017\/10\/17\/der-raue-charme-von-glasgow\/#primaryimage"},"image":{"@id":"https:\/\/coeser.de\/blog\/index.php\/2017\/10\/17\/der-raue-charme-von-glasgow\/#primaryimage"},"thumbnailUrl":"https:\/\/coeser.de\/blog\/wp-content\/uploads\/2017\/09\/glasgow-aufmacher-cityscape-christian-oeser.jpg","datePublished":"2017-10-17T05:00:12+00:00","dateModified":"2025-07-01T09:13:14+00:00","description":"Glasgow, Schottland: Reisebericht mit Erfahrungen zu Sehensw\u00fcrdigkeiten, den besten Fotospots, allgemeinen Tipps und Restaurantempfehlungen.","breadcrumb":{"@id":"https:\/\/coeser.de\/blog\/index.php\/2017\/10\/17\/der-raue-charme-von-glasgow\/#breadcrumb"},"inLanguage":"de","potentialAction":[{"@type":"ReadAction","target":["https:\/\/coeser.de\/blog\/index.php\/2017\/10\/17\/der-raue-charme-von-glasgow\/"]}]},{"@type":"ImageObject","inLanguage":"de","@id":"https:\/\/coeser.de\/blog\/index.php\/2017\/10\/17\/der-raue-charme-von-glasgow\/#primaryimage","url":"https:\/\/coeser.de\/blog\/wp-content\/uploads\/2017\/09\/glasgow-aufmacher-cityscape-christian-oeser.jpg","contentUrl":"https:\/\/coeser.de\/blog\/wp-content\/uploads\/2017\/09\/glasgow-aufmacher-cityscape-christian-oeser.jpg","width":978,"height":550,"caption":"Ausblick vom Lighthouse auf Glasgow"},{"@type":"BreadcrumbList","@id":"https:\/\/coeser.de\/blog\/index.php\/2017\/10\/17\/der-raue-charme-von-glasgow\/#breadcrumb","itemListElement":[{"@type":"ListItem","position":1,"name":"Startseite","item":"https:\/\/coeser.de\/blog\/"},{"@type":"ListItem","position":2,"name":"Der raue Charme von Glasgow"}]},{"@type":"WebSite","@id":"https:\/\/coeser.de\/blog\/#website","url":"https:\/\/coeser.de\/blog\/","name":"fern &amp; nah - Reiseblog und Fotostories von Christian \u00d6ser","description":"Reiseblog und Fotostories von Christian \u00d6ser","publisher":{"@id":"https:\/\/coeser.de\/blog\/#\/schema\/person\/fda1d253389076b2cadc3d47018cf315"},"potentialAction":[{"@type":"SearchAction","target":{"@type":"EntryPoint","urlTemplate":"https:\/\/coeser.de\/blog\/?s={search_term_string}"},"query-input":{"@type":"PropertyValueSpecification","valueRequired":true,"valueName":"search_term_string"}}],"inLanguage":"de"},{"@type":["Person","Organization"],"@id":"https:\/\/coeser.de\/blog\/#\/schema\/person\/fda1d253389076b2cadc3d47018cf315","name":"Christian \u00d6ser","image":{"@type":"ImageObject","inLanguage":"de","@id":"https:\/\/coeser.de\/blog\/wp-content\/uploads\/2016\/08\/logo-fern-und-nah-christian-oeser-4.jpg","url":"https:\/\/coeser.de\/blog\/wp-content\/uploads\/2016\/08\/logo-fern-und-nah-christian-oeser-4.jpg","contentUrl":"https:\/\/coeser.de\/blog\/wp-content\/uploads\/2016\/08\/logo-fern-und-nah-christian-oeser-4.jpg","width":1090,"height":245,"caption":"Christian \u00d6ser"},"logo":{"@id":"https:\/\/coeser.de\/blog\/wp-content\/uploads\/2016\/08\/logo-fern-und-nah-christian-oeser-4.jpg"},"sameAs":["http:\/\/www.coeser.de","Christian \u00d6ser","https:\/\/www.instagram.com\/coeser_de\/","https:\/\/www.pinterest.at\/nightline5\/"],"url":"https:\/\/coeser.de\/blog\/index.php\/author\/coeser\/"}]}},"jetpack_featured_media_url":"https:\/\/coeser.de\/blog\/wp-content\/uploads\/2017\/09\/glasgow-aufmacher-cityscape-christian-oeser.jpg","jetpack-related-posts":[{"id":12044,"url":"https:\/\/coeser.de\/blog\/index.php\/2019\/05\/21\/glasgow-vs-edinburgh-duell-auf-augenhoehe\/","url_meta":{"origin":5032,"position":0},"title":"Glasgow oder Edinburgh \u2013 Duell auf Augenh\u00f6he","author":"Christian \u00d6ser","date":"21. Mai 2019","format":false,"excerpt":"F\u00fcr die meisten Besucher Schottlands ist Edinburgh die erste Anlaufstation, da der dortige Flughafen von vielen Destinationen aus direkt angesteuert wird. Kein Wunder also, dass h\u00e4ufig sowieso ein kurzer oder sogar mehrt\u00e4giger Aufenthalt in der bezaubernden Hauptstadt ansteht. Nicht weit entfernt befindet sich mit Glasgow aber noch eine zweite, sehr\u2026","rel":"","context":"In &quot;SCHOTTLAND&quot;","block_context":{"text":"SCHOTTLAND","link":"https:\/\/coeser.de\/blog\/index.php\/category\/europa\/schottland\/"},"img":{"alt_text":"Skyline von Glasgow und Skyline von Edinburgh","src":"https:\/\/i0.wp.com\/coeser.de\/blog\/wp-content\/uploads\/2019\/05\/glasgow-edinburgh-aufmacher-christian-oeser.jpg?resize=350%2C200&ssl=1","width":350,"height":200,"srcset":"https:\/\/i0.wp.com\/coeser.de\/blog\/wp-content\/uploads\/2019\/05\/glasgow-edinburgh-aufmacher-christian-oeser.jpg?resize=350%2C200&ssl=1 1x, https:\/\/i0.wp.com\/coeser.de\/blog\/wp-content\/uploads\/2019\/05\/glasgow-edinburgh-aufmacher-christian-oeser.jpg?resize=525%2C300&ssl=1 1.5x, https:\/\/i0.wp.com\/coeser.de\/blog\/wp-content\/uploads\/2019\/05\/glasgow-edinburgh-aufmacher-christian-oeser.jpg?resize=700%2C400&ssl=1 2x"},"classes":[]},{"id":4609,"url":"https:\/\/coeser.de\/blog\/index.php\/2022\/08\/16\/14-tage-schottland-in-14-bildern\/","url_meta":{"origin":5032,"position":1},"title":"14 Tage Schottland in 14 Bildern","author":"Christian \u00d6ser","date":"16. August 2022","format":false,"excerpt":"Im einem vergangenen Sommer habe ich gemeinsam mit meiner Freundin zwei Wochen lang einen gro\u00dfen Teil von Schottland erkundet. Meine Erwartungen beinhalteten saftige gr\u00fcne Wiesen, unglaublich wechselhaftes Wetter, grandiose Fotom\u00f6glichkeiten an allen Ecken und Enden sowie spannende Eindr\u00fccke aus den Gro\u00dfst\u00e4dten Edinburgh und Glasgow. Was soll ich dir sagen? Alle\u2026","rel":"","context":"In &quot;SCHOTTLAND&quot;","block_context":{"text":"SCHOTTLAND","link":"https:\/\/coeser.de\/blog\/index.php\/category\/europa\/schottland\/"},"img":{"alt_text":"Hochlandrind in Schottland","src":"https:\/\/i0.wp.com\/coeser.de\/blog\/wp-content\/uploads\/2017\/08\/schottland-schoenste-fotos-aufmacher-christian-oeser.jpg?resize=350%2C200&ssl=1","width":350,"height":200,"srcset":"https:\/\/i0.wp.com\/coeser.de\/blog\/wp-content\/uploads\/2017\/08\/schottland-schoenste-fotos-aufmacher-christian-oeser.jpg?resize=350%2C200&ssl=1 1x, https:\/\/i0.wp.com\/coeser.de\/blog\/wp-content\/uploads\/2017\/08\/schottland-schoenste-fotos-aufmacher-christian-oeser.jpg?resize=525%2C300&ssl=1 1.5x, https:\/\/i0.wp.com\/coeser.de\/blog\/wp-content\/uploads\/2017\/08\/schottland-schoenste-fotos-aufmacher-christian-oeser.jpg?resize=700%2C400&ssl=1 2x"},"classes":[]},{"id":5700,"url":"https:\/\/coeser.de\/blog\/index.php\/2018\/01\/02\/das-war-mein-reisejahr-2017\/","url_meta":{"origin":5032,"position":2},"title":"Das war mein Reisejahr 2017","author":"Christian \u00d6ser","date":"2. Januar 2018","format":false,"excerpt":"Wieder einmal ist ein Jahr in gef\u00fchlter Windeseile vor\u00fcbergezogen, was nicht zuletzt an den zahlreichen Orten liegt, die ich mir angesehen und erkundet habe. In diesem Blogbeitrag blicke ich nochmals auf 2017 zur\u00fcck und gehe kurz alle Destinationen durch, wo ich zumindest eine Nacht verbracht habe oder die etwas weiter\u2026","rel":"","context":"In &quot;EUROPA&quot;","block_context":{"text":"EUROPA","link":"https:\/\/coeser.de\/blog\/index.php\/category\/europa\/"},"img":{"alt_text":"Reiseempfehlungen und Reiseinspirationen 2017","src":"https:\/\/i0.wp.com\/coeser.de\/blog\/wp-content\/uploads\/2017\/12\/reisejahr-2017-inspiration-aufmacher-christian-oeser.jpg?resize=350%2C200&ssl=1","width":350,"height":200,"srcset":"https:\/\/i0.wp.com\/coeser.de\/blog\/wp-content\/uploads\/2017\/12\/reisejahr-2017-inspiration-aufmacher-christian-oeser.jpg?resize=350%2C200&ssl=1 1x, https:\/\/i0.wp.com\/coeser.de\/blog\/wp-content\/uploads\/2017\/12\/reisejahr-2017-inspiration-aufmacher-christian-oeser.jpg?resize=525%2C300&ssl=1 1.5x, https:\/\/i0.wp.com\/coeser.de\/blog\/wp-content\/uploads\/2017\/12\/reisejahr-2017-inspiration-aufmacher-christian-oeser.jpg?resize=700%2C400&ssl=1 2x"},"classes":[]},{"id":4686,"url":"https:\/\/coeser.de\/blog\/index.php\/2017\/10\/10\/14-tage-schottland-zwischen-kultur-und-natur\/","url_meta":{"origin":5032,"position":3},"title":"Rundreise Schottland: Zwischen Kultur und Natur","author":"Christian \u00d6ser","date":"10. Oktober 2017","format":false,"excerpt":"Ein lange gehegter Traum ist f\u00fcr meine Freundin und mich in Erf\u00fcllung gegangen: Zwei Wochen Rundreise durch Schottland! Die Vorfreude auf grandiose Naturerlebnisse, spannende St\u00e4dte, freundliche Menschen, k\u00f6stliche Gerichte und einsame Orte war riesig \u2013 und ich wurde nicht entt\u00e4uscht. Begleitet mich in diesem Artikel auf der Reise und erfahrt\u2026","rel":"","context":"In &quot;SCHOTTLAND&quot;","block_context":{"text":"SCHOTTLAND","link":"https:\/\/coeser.de\/blog\/index.php\/category\/europa\/schottland\/"},"img":{"alt_text":"Eilean Donan Castle in Schottland","src":"https:\/\/i0.wp.com\/coeser.de\/blog\/wp-content\/uploads\/2017\/09\/schottland-reise-aufmacher-eilean-donan-castle-christian-oeser.jpg?resize=350%2C200&ssl=1","width":350,"height":200,"srcset":"https:\/\/i0.wp.com\/coeser.de\/blog\/wp-content\/uploads\/2017\/09\/schottland-reise-aufmacher-eilean-donan-castle-christian-oeser.jpg?resize=350%2C200&ssl=1 1x, https:\/\/i0.wp.com\/coeser.de\/blog\/wp-content\/uploads\/2017\/09\/schottland-reise-aufmacher-eilean-donan-castle-christian-oeser.jpg?resize=525%2C300&ssl=1 1.5x, https:\/\/i0.wp.com\/coeser.de\/blog\/wp-content\/uploads\/2017\/09\/schottland-reise-aufmacher-eilean-donan-castle-christian-oeser.jpg?resize=700%2C400&ssl=1 2x"},"classes":[]},{"id":5725,"url":"https:\/\/coeser.de\/blog\/index.php\/2017\/11\/21\/14-tage-schottland-planung-und-organisation\/","url_meta":{"origin":5032,"position":4},"title":"14 Tage Schottland: Planung und Organisation","author":"Christian \u00d6ser","date":"21. November 2017","format":false,"excerpt":"14 Tage Schottland? Das klingt nicht nur nach aufregenden Tagen zwischen Gro\u00dfst\u00e4dten und den Highlands, sondern auch nach viel Arbeit und Vorbereitung. Bereits ein knappes halbes Jahr vor Reisebeginn haben meine Freundin und ich die Fl\u00fcge, Unterk\u00fcnfte und das Mietauto organisiert, um Geld und Nerven zu sparen. Wenn ihr auch\u2026","rel":"","context":"In &quot;SCHOTTLAND&quot;","block_context":{"text":"SCHOTTLAND","link":"https:\/\/coeser.de\/blog\/index.php\/category\/europa\/schottland\/"},"img":{"alt_text":"Karte von Schottland","src":"https:\/\/i0.wp.com\/coeser.de\/blog\/wp-content\/uploads\/2017\/11\/schottland-planung-organisation-aufmacher-christian-oeser.jpg?resize=350%2C200&ssl=1","width":350,"height":200,"srcset":"https:\/\/i0.wp.com\/coeser.de\/blog\/wp-content\/uploads\/2017\/11\/schottland-planung-organisation-aufmacher-christian-oeser.jpg?resize=350%2C200&ssl=1 1x, https:\/\/i0.wp.com\/coeser.de\/blog\/wp-content\/uploads\/2017\/11\/schottland-planung-organisation-aufmacher-christian-oeser.jpg?resize=525%2C300&ssl=1 1.5x, https:\/\/i0.wp.com\/coeser.de\/blog\/wp-content\/uploads\/2017\/11\/schottland-planung-organisation-aufmacher-christian-oeser.jpg?resize=700%2C400&ssl=1 2x"},"classes":[]},{"id":5430,"url":"https:\/\/coeser.de\/blog\/index.php\/2017\/11\/07\/edinburgh-eine-stadt-als-gesamtkunstwerk\/","url_meta":{"origin":5032,"position":5},"title":"Edinburgh: Eine Stadt als Gesamtkunstwerk","author":"Christian \u00d6ser","date":"7. November 2017","format":false,"excerpt":"Edinburgh ist mit hoher Wahrscheinlichkeit f\u00fcr die meisten Besucher der erste Kontakt mit Schottland. Die Stadt blickt auf eine langj\u00e4hrige Geschichte zur\u00fcck und \u00fcberzeugt von vorne bis hinten mit ihrer zauberhaften Architektur, den h\u00fcgeligen Stadtteilen, enorm vielf\u00e4ltigen Kulturangeboten und netten Einwohnern. Was es in zwei Tagen alles zu entdecken gibt,\u2026","rel":"","context":"In &quot;SCHOTTLAND&quot;","block_context":{"text":"SCHOTTLAND","link":"https:\/\/coeser.de\/blog\/index.php\/category\/europa\/schottland\/"},"img":{"alt_text":"Blick vom Calton Hill auf Edinburgh","src":"https:\/\/i0.wp.com\/coeser.de\/blog\/wp-content\/uploads\/2017\/10\/edinburgh-aufmacher-christian-oeser.jpg?resize=350%2C200&ssl=1","width":350,"height":200,"srcset":"https:\/\/i0.wp.com\/coeser.de\/blog\/wp-content\/uploads\/2017\/10\/edinburgh-aufmacher-christian-oeser.jpg?resize=350%2C200&ssl=1 1x, https:\/\/i0.wp.com\/coeser.de\/blog\/wp-content\/uploads\/2017\/10\/edinburgh-aufmacher-christian-oeser.jpg?resize=525%2C300&ssl=1 1.5x, https:\/\/i0.wp.com\/coeser.de\/blog\/wp-content\/uploads\/2017\/10\/edinburgh-aufmacher-christian-oeser.jpg?resize=700%2C400&ssl=1 2x"},"classes":[]}],"jetpack_sharing_enabled":true,"_links":{"self":[{"href":"https:\/\/coeser.de\/blog\/index.php\/wp-json\/wp\/v2\/posts\/5032","targetHints":{"allow":["GET"]}}],"collection":[{"href":"https:\/\/coeser.de\/blog\/index.php\/wp-json\/wp\/v2\/posts"}],"about":[{"href":"https:\/\/coeser.de\/blog\/index.php\/wp-json\/wp\/v2\/types\/post"}],"author":[{"embeddable":true,"href":"https:\/\/coeser.de\/blog\/index.php\/wp-json\/wp\/v2\/users\/1"}],"replies":[{"embeddable":true,"href":"https:\/\/coeser.de\/blog\/index.php\/wp-json\/wp\/v2\/comments?post=5032"}],"version-history":[{"count":3,"href":"https:\/\/coeser.de\/blog\/index.php\/wp-json\/wp\/v2\/posts\/5032\/revisions"}],"predecessor-version":[{"id":24391,"href":"https:\/\/coeser.de\/blog\/index.php\/wp-json\/wp\/v2\/posts\/5032\/revisions\/24391"}],"wp:featuredmedia":[{"embeddable":true,"href":"https:\/\/coeser.de\/blog\/index.php\/wp-json\/wp\/v2\/media\/5166"}],"wp:attachment":[{"href":"https:\/\/coeser.de\/blog\/index.php\/wp-json\/wp\/v2\/media?parent=5032"}],"wp:term":[{"taxonomy":"category","embeddable":true,"href":"https:\/\/coeser.de\/blog\/index.php\/wp-json\/wp\/v2\/categories?post=5032"},{"taxonomy":"post_tag","embeddable":true,"href":"https:\/\/coeser.de\/blog\/index.php\/wp-json\/wp\/v2\/tags?post=5032"}],"curies":[{"name":"wp","href":"https:\/\/api.w.org\/{rel}","templated":true}]}}