{"id":566,"date":"2016-11-15T07:00:52","date_gmt":"2016-11-15T06:00:52","guid":{"rendered":"http:\/\/coeser.de\/blog\/?p=566"},"modified":"2022-10-11T10:45:19","modified_gmt":"2022-10-11T08:45:19","slug":"bordeaux-wo-der-genuss-zuhause-ist","status":"publish","type":"post","link":"https:\/\/coeser.de\/blog\/index.php\/2016\/11\/15\/bordeaux-wo-der-genuss-zuhause-ist\/","title":{"rendered":"Bordeaux: Wo der Genuss Zuhause ist"},"content":{"rendered":"<p><strong>Anl\u00e4sslich der Fu\u00dfballeuropameisterschaft EURO 2016 in Frankreich habe ich \u00d6sterreich zu den drei Vorrundenspielen begleitet. Das erste Ziel war mit Bordeaux gleich ein absoluter H\u00f6hepunkt \u2013 kulinarisches Schlemmen feinster Speisen, gro\u00dfartigen Wein genie\u00dfen und als Kr\u00f6nung Sehensw\u00fcrdigkeiten der Extraklasse erleben. Was es alles in Bordeaux zu entdecken gibt, habe ich in diesem Reisebericht zusammengefasst.<br \/>\n<\/strong><\/p>\n<p><!--more--><\/p>\n<hr \/>\n<div class=\"highlights\">\n<h3>DIE H\u00d6HEPUNKTE AUS BORDEAUX IN DIESEM REISEBERICHT<\/h3>\n<p>Der Place de la Bourse als absolut sch\u00f6nstes Fotomotiv mit der Spiegelung im Miroir d\u2019Eau bei Nacht<\/p>\n<p>Bordeaux als Genussstadt mit ber\u00fchmten Vinotheken, einer Markthalle und vielen Restaurants<\/p>\n<p>Eine sehenswerte Innenstadt mit einer tollen Aussicht auf Bordeaux von der Basilika Saint Michel<\/p>\n<p>Der architektonische Traum Cit\u00e9 du Vin, in der ihr euch rund um das Thema Wein informieren k\u00f6nnt<\/p>\n<p>Ein Bericht zum EURO-2016-Gruppenspiel \u00d6sterreich &#8211; Ungarn mit vielen pers\u00f6nlichen Eindr\u00fccken<\/p>\n<\/div>\n<p>&nbsp;<\/p>\n<p><em><span style=\"color: #0000ff;\">Dieser Artikel wurde zuletzt am 11. Oktober 2022 aktualisiert.<\/span><\/em><\/p>\n\n<hr \/>\n<div class=\"fakten\">\n<h2>BORDEAUX<\/h2>\n<h3>FAKTEN<\/h3>\n<p><strong>Reisezeit: <\/strong>Juni (3 1\/2 Tage, 3 \u00dcbernachtungen)<br \/>\n<strong>Anreise: <\/strong>Mit dem Flugzeug von <em>Wien-Schwechat<\/em> nach <em>Paris-Charles de Gaulle<\/em> (ca. 2:00 h), danach mit dem Zug vom Flughafenbahnhof <em>A\u00e9roport Charles de Gaulle 2 TGV<\/em> direkt nach <em>Bordeaux<\/em> (4:16 h).<br \/>\n<strong>Unterkunft: <\/strong>Privat \u00fcber Airbnb (Details zur Unterkunft siehe Allgemeine Tipps am Ende des Beitrags)<br \/>\n<strong>Wenn du lieber ein <a href=\"https:\/\/www.booking.com\/searchresults.de.html?city=-1413751&amp;aid=1634405&amp;no_rooms=1&amp;group_adults=1\" target=\"_blank\" rel=\"noopener noreferrer\">sch\u00f6nes Hotel in Bordeaux<\/a>* willst, dann findest du es garantiert auf meiner bevorzugten Hotelsuchmaschine booking.com.<\/strong><\/p>\n<\/div>\n<div class=\"extern\">\n<h3>TRANSPARENZHINWEIS<\/h3>\n<p>*Die mit Stern gekennzeichneten Verweise in diesem Blogartikel sind sogenannte Affiliate-Links. Wenn dir mein Blogartikel bei der Planung deiner Reise geholfen hat, freue ich mich, wenn du \u00fcber diese Links deine Unterkunft oder Freizeitaktivit\u00e4ten buchst. Ich erhalte dadurch eine kleine Provision und du unterst\u00fctzt den Erhalt dieses Blogs. F\u00fcr dich entstehen dabei selbstverst\u00e4ndlich keine Nachteile. Vielen Dank! \ud83d\ude42<\/p>\n<\/div>\n<p>&nbsp;<\/p>\n<h2><img loading=\"lazy\" decoding=\"async\" class=\"alignnone size-full wp-image-18820\" src=\"https:\/\/coeser.de\/blog\/wp-content\/uploads\/2016\/11\/bordeaux-aufmacher1-uferpromenade-christian-oeser.jpg\" alt=\"Uferpromenade Quai des Chartrons in Bordeaux\" width=\"970\" height=\"323\" srcset=\"https:\/\/coeser.de\/blog\/wp-content\/uploads\/2016\/11\/bordeaux-aufmacher1-uferpromenade-christian-oeser.jpg 970w, https:\/\/coeser.de\/blog\/wp-content\/uploads\/2016\/11\/bordeaux-aufmacher1-uferpromenade-christian-oeser-768x256.jpg 768w\" sizes=\"auto, (max-width: 970px) 100vw, 970px\" \/><\/h2>\n<h2>Der Fu\u00dfball f\u00fchrte nach Bordeaux<\/h2>\n<p>Die franz\u00f6sische Weinstadt Bordeaux, <strong>deren Altstadt seit 2007 zum UNESCO-Weltkulturerbe geh\u00f6rt<\/strong>, ist aufgrund der herrlichen Bilder, die ich aus dem Internet und dem Fernsehen kannte, schon sehr lange auf meiner Wunschliste gestanden. Deshalb habe ich innerlich extrem gejubelt, als ich die Spielorte von \u00d6sterreich bei der Fu\u00dfballeuropameisterschaft 2016 erfuhr. Mit dem Austragungsort Bordeaux war gleichzeitig auch klar, dass ich mir die Gegend rundherum ansehen kann, mehr dazu aber in den weiteren Reiseberichten, die weiter unten in der blauen Infobox verlinkt sind!<\/p>\n<h3>Details zur Anreise nach Bordeaux<\/h3>\n<p>Die Anreise aus Wien ist prinzipiell per Direktflug mit der Fluggesellschaft ASL Airlines France m\u00f6glich. Bei der Planung der Reise hat sich aber schnell herauskristallisiert, dass der Flugpreis einfach zu teuer und die Flugzeiten zu unattraktiv sind. Deshalb habe ich die Variante mit einem <strong>Flug nach Paris<\/strong> und einer <strong>Direktfahrt mit dem Hochgeschwindigkeitszug TGV vom Flughafen nach Bordeaux<\/strong> gew\u00e4hlt. Die Reisezeit hat sich dadurch zwar verdreifacht, daf\u00fcr konnte ich Bordeaux am Anreisetag aber bereits ab 14 Uhr statt 23 Uhr genie\u00dfen. F\u00fcr den Flug von Wien nach Bordeaux mittels Austrian wurde aufgrund des gro\u00dfen Ansturms \u00f6sterreichischer Fans eine Boeing 777-200 als Flugger\u00e4t eingesetzt \u2013 auf einer Kurzstrecke mit einem Langstreckenflugzeug zu fliegen, ist schon etwas Besonderes. Meine Sitzplatzwahl ganz hinten hat sich dann in Paris fast ger\u00e4cht.<\/p>\n<h3>Stress nach der Ankunft in Paris<\/h3>\n<p>Zuerst dauerte es nach der Landung ewig, bis wir das Gate erreichten, dann war beim Aussteigen aus dem riesigen Flugzeug gro\u00dfe Geduld angesagt. Nachdem schlussendlich auch noch Passkontrollen durchgef\u00fchrt wurden (das Schengener Abkommen war nach den Anschl\u00e4gen in Frankreich 2015 teilweise ausgesetzt worden), stieg langsam meine Nervosit\u00e4t, was das Erreichen des Zugs anbelangte. Zehn Minuten vor der geplanten Abfahrt konnte ich dann aber doch relativ entspannt den Bahnsteig direkt auf dem Flughafen Charles de Gaulle betreten. Die vierst\u00fcndige Fahrt selbst verlief in der ersten Klasse sehr entspannend. Diese habe ich \u00fcbrigens nur gew\u00e4hlt, weil ich schon mehrere Monate zuvor die Zugfahrt gebucht und dadurch einen unschlagbaren Preis f\u00fcr die bessere Klasse bekommen konnte.<\/p>\n<div class=\"fotospots\">\n<h3>Fotospots<\/h3>\n<div id='gallery-1' class='gallery galleryid-566 gallery-columns-7 gallery-size-thumbnail'><figure class='gallery-item'>\n\t\t\t<div class='gallery-icon landscape'>\n\t\t\t\t<a href='https:\/\/coeser.de\/blog\/wp-content\/uploads\/2016\/09\/bordeaux-anreise-gal01-christian-oeser.jpg' title=\"\u00d6sterreichische Fans kurz vor dem Boarding auf dem Flughafen Wien-Schwechat\" data-rl_title=\"\u00d6sterreichische Fans kurz vor dem Boarding auf dem Flughafen Wien-Schwechat\" class=\"rl-gallery-link\" data-rl_caption=\"Aufnahmeort anzeigen\" data-rel=\"lightbox-gallery-1\"><img loading=\"lazy\" decoding=\"async\" width=\"150\" height=\"150\" src=\"https:\/\/coeser.de\/blog\/wp-content\/uploads\/2016\/09\/bordeaux-anreise-gal01-christian-oeser-150x150.jpg\" class=\"attachment-thumbnail size-thumbnail\" alt=\"\u00d6sterreichische Fans kurz vor dem Boarding auf dem Flughafen Wien-Schwechat\" aria-describedby=\"gallery-1-809\" \/><\/a>\n\t\t\t<\/div>\n\t\t\t\t<figcaption class='wp-caption-text gallery-caption' id='gallery-1-809'>\n\t\t\t\t\u00d6sterreichische Fans kurz vor dem Boarding auf dem Flughafen Wien-Schwechat\n\t\t\t\t<\/figcaption><\/figure><figure class='gallery-item'>\n\t\t\t<div class='gallery-icon landscape'>\n\t\t\t\t<a href='https:\/\/coeser.de\/blog\/wp-content\/uploads\/2016\/09\/bordeaux-anreise-gal02-christian-oeser.jpg' title=\"Boeing 777-200 der Austrian auf dem Flughafen Wien-Schwechat\" data-rl_title=\"Boeing 777-200 der Austrian auf dem Flughafen Wien-Schwechat\" class=\"rl-gallery-link\" data-rl_caption=\"Aufnahmeort anzeigen\" data-rel=\"lightbox-gallery-1\"><img loading=\"lazy\" decoding=\"async\" width=\"150\" height=\"150\" src=\"https:\/\/coeser.de\/blog\/wp-content\/uploads\/2016\/09\/bordeaux-anreise-gal02-christian-oeser-150x150.jpg\" class=\"attachment-thumbnail size-thumbnail\" alt=\"Boeing 777-200 der Austrian auf dem Flughafen Wien-Schwechat\" aria-describedby=\"gallery-1-810\" \/><\/a>\n\t\t\t<\/div>\n\t\t\t\t<figcaption class='wp-caption-text gallery-caption' id='gallery-1-810'>\n\t\t\t\tBoeing 777-200 der Austrian auf dem Flughafen Wien-Schwechat\n\t\t\t\t<\/figcaption><\/figure><figure class='gallery-item'>\n\t\t\t<div class='gallery-icon landscape'>\n\t\t\t\t<a href='https:\/\/coeser.de\/blog\/wp-content\/uploads\/2016\/09\/bordeaux-anreise-gal03-christian-oeser.jpg' title=\"Innenansicht der Boeing 777-200 der Austrian auf dem Flughafen Wien-Schwechat\" data-rl_title=\"Innenansicht der Boeing 777-200 der Austrian auf dem Flughafen Wien-Schwechat\" class=\"rl-gallery-link\" data-rl_caption=\"Aufnahmeort anzeigen\" data-rel=\"lightbox-gallery-1\"><img loading=\"lazy\" decoding=\"async\" width=\"150\" height=\"150\" src=\"https:\/\/coeser.de\/blog\/wp-content\/uploads\/2016\/09\/bordeaux-anreise-gal03-christian-oeser-150x150.jpg\" class=\"attachment-thumbnail size-thumbnail\" alt=\"Innenansicht der Boeing 777-200 der Austrian auf dem Flughafen Wien-Schwechat\" aria-describedby=\"gallery-1-811\" \/><\/a>\n\t\t\t<\/div>\n\t\t\t\t<figcaption class='wp-caption-text gallery-caption' id='gallery-1-811'>\n\t\t\t\tInnenansicht der Boeing 777-200 der Austrian auf dem Flughafen Wien-Schwechat\n\t\t\t\t<\/figcaption><\/figure><figure class='gallery-item'>\n\t\t\t<div class='gallery-icon landscape'>\n\t\t\t\t<a href='https:\/\/coeser.de\/blog\/wp-content\/uploads\/2016\/09\/bordeaux-anreise-gal04-christian-oeser.jpg' title=\"Hochgeschwindigkeitszug TGV im Bahnhof des Flughafens Paris-Charles de Gaulle\" data-rl_title=\"Hochgeschwindigkeitszug TGV im Bahnhof des Flughafens Paris-Charles de Gaulle\" class=\"rl-gallery-link\" data-rl_caption=\"Aufnahmeort anzeigen\" data-rel=\"lightbox-gallery-1\"><img loading=\"lazy\" decoding=\"async\" width=\"150\" height=\"150\" src=\"https:\/\/coeser.de\/blog\/wp-content\/uploads\/2016\/09\/bordeaux-anreise-gal04-christian-oeser-150x150.jpg\" class=\"attachment-thumbnail size-thumbnail\" alt=\"Hochgeschwindigkeitszug TGV im Bahnhof des Flughafens Paris-Charles de Gaulle\" aria-describedby=\"gallery-1-812\" \/><\/a>\n\t\t\t<\/div>\n\t\t\t\t<figcaption class='wp-caption-text gallery-caption' id='gallery-1-812'>\n\t\t\t\tHochgeschwindigkeitszug TGV im Bahnhof des Flughafens Paris-Charles de Gaulle\n\t\t\t\t<\/figcaption><\/figure><figure class='gallery-item'>\n\t\t\t<div class='gallery-icon landscape'>\n\t\t\t\t<a href='https:\/\/coeser.de\/blog\/wp-content\/uploads\/2016\/09\/bordeaux-anreise-gal05-christian-oeser.jpg' title=\"Erste Klasse im Hochgeschwindigkeitszug TGV\" data-rl_title=\"Erste Klasse im Hochgeschwindigkeitszug TGV\" class=\"rl-gallery-link\" data-rl_caption=\"Aufnahmeort anzeigen\" data-rel=\"lightbox-gallery-1\"><img loading=\"lazy\" decoding=\"async\" width=\"150\" height=\"150\" src=\"https:\/\/coeser.de\/blog\/wp-content\/uploads\/2016\/09\/bordeaux-anreise-gal05-christian-oeser-150x150.jpg\" class=\"attachment-thumbnail size-thumbnail\" alt=\"Erste Klasse im Hochgeschwindigkeitszug TGV\" aria-describedby=\"gallery-1-813\" \/><\/a>\n\t\t\t<\/div>\n\t\t\t\t<figcaption class='wp-caption-text gallery-caption' id='gallery-1-813'>\n\t\t\t\tErste Klasse im Hochgeschwindigkeitszug TGV\n\t\t\t\t<\/figcaption><\/figure><figure class='gallery-item'>\n\t\t\t<div class='gallery-icon landscape'>\n\t\t\t\t<a href='https:\/\/coeser.de\/blog\/wp-content\/uploads\/2016\/09\/bordeaux-anreise-gal06-christian-oeser.jpg' title=\"Bordmagazin im Hochgeschwindigkeitszug TGV\" data-rl_title=\"Bordmagazin im Hochgeschwindigkeitszug TGV\" class=\"rl-gallery-link\" data-rl_caption=\"Aufnahmeort nicht verf\u00fcgbar\" data-rel=\"lightbox-gallery-1\"><img loading=\"lazy\" decoding=\"async\" width=\"150\" height=\"150\" src=\"https:\/\/coeser.de\/blog\/wp-content\/uploads\/2016\/09\/bordeaux-anreise-gal06-christian-oeser-150x150.jpg\" class=\"attachment-thumbnail size-thumbnail\" alt=\"Bordmagazin im Hochgeschwindigkeitszug TGV\" aria-describedby=\"gallery-1-814\" \/><\/a>\n\t\t\t<\/div>\n\t\t\t\t<figcaption class='wp-caption-text gallery-caption' id='gallery-1-814'>\n\t\t\t\tBordmagazin im Hochgeschwindigkeitszug TGV\n\t\t\t\t<\/figcaption><\/figure><figure class='gallery-item'>\n\t\t\t<div class='gallery-icon landscape'>\n\t\t\t\t<a href='https:\/\/coeser.de\/blog\/wp-content\/uploads\/2016\/09\/bordeaux-anreise-gal07-christian-oeser.jpg' title=\"Croissants im Bordrestaurant des Hochgeschwindigkeitszugs TGV\" data-rl_title=\"Croissants im Bordrestaurant des Hochgeschwindigkeitszugs TGV\" class=\"rl-gallery-link\" data-rl_caption=\"Aufnahmeort nicht verf\u00fcgbar\" data-rel=\"lightbox-gallery-1\"><img loading=\"lazy\" decoding=\"async\" width=\"150\" height=\"150\" src=\"https:\/\/coeser.de\/blog\/wp-content\/uploads\/2016\/09\/bordeaux-anreise-gal07-christian-oeser-150x150.jpg\" class=\"attachment-thumbnail size-thumbnail\" alt=\"Croissants im Bordrestaurant des Hochgeschwindigkeitszugs TGV\" aria-describedby=\"gallery-1-815\" \/><\/a>\n\t\t\t<\/div>\n\t\t\t\t<figcaption class='wp-caption-text gallery-caption' id='gallery-1-815'>\n\t\t\t\tCroissants im Bordrestaurant des  Hochgeschwindigkeitszugs TGV\n\t\t\t\t<\/figcaption><\/figure>\n\t\t<\/div>\n\n<\/div>\n<p>&nbsp;<\/p>\n<hr \/>\n<div class=\"tipps\">\n<h2>TIPP: Die weiteren Stationen meiner Frankreich-Reise<\/h2>\n<p>Teil 1 \/\/ <strong>Bordeaux: Wo der Genuss Zuhause ist<\/strong><\/p>\n<p>Teil 2 \/\/ <a href=\"https:\/\/coeser.de\/blog\/index.php\/2017\/01\/03\/dune-du-pilat-aufstieg-auf-europas-hoechste-wanderduene\/\" target=\"_blank\" rel=\"noopener noreferrer\"><strong>Dune du Pilat: Europas h\u00f6chste Wanderd\u00fcne<\/strong><\/a><\/p>\n<p>Teil 3 \/\/ <a href=\"https:\/\/coeser.de\/blog\/index.php\/2017\/01\/24\/la-rochelle-und-die-weisse-insel\/\" target=\"_blank\" rel=\"noopener noreferrer\"><strong>La Rochelle und die \u201ewei\u00dfe Insel\u201c<\/strong><\/a><\/p>\n<p>Teil 4 \/\/ <a href=\"https:\/\/coeser.de\/blog\/index.php\/2017\/02\/28\/nantes-eine-stadt-erfindet-sich-neu\/\" target=\"_blank\" rel=\"noopener noreferrer\"><strong>Nantes: Eine Stadt erfindet sich neu<\/strong><\/a><\/p>\n<p>Teil 5 \/\/ <a href=\"https:\/\/coeser.de\/blog\/index.php\/2017\/04\/04\/paris-zu-gast-in-frankreichs-herz\/\" target=\"_blank\" rel=\"noopener noreferrer\"><strong>Paris: Zu Gast in Frankreichs Herz<\/strong><\/a><\/p>\n<p>Reiseverlauf (13 Tage): Wien &#8211;&gt; Paris Charles de Gaulle (<em>Flug Austrian Airlines<\/em>) \/\/ Paris Charles de Gaulle &#8211;&gt; Bordeaux (<em>Zug TGV<\/em>) \/\/ Bordeaux &#8211;&gt; Dune du Pilat (Mietauto) \/\/ Dune du Pilat &#8211;&gt; La Rochelle (<em>Mietauto<\/em>) \/\/ La Rochelle &#8211;&gt; Nantes (<em>Mietauto<\/em>) \/\/ Nantes &#8211;&gt; Paris Montparnasse (<em>Zug TGV<\/em>) \/\/ Paris Gare de l&#8217;Est &#8211;&gt; Frankfurt\/Main (<em>Zug TGV<\/em>) \/\/ Frankfurt\/Main &#8211;&gt; Wien (<em>Flug Lufthansa<\/em>)<\/p>\n<\/div>\n<p>&nbsp;<\/p>\n<hr \/>\n<h2><img loading=\"lazy\" decoding=\"async\" class=\"alignnone size-full wp-image-18821\" src=\"https:\/\/coeser.de\/blog\/wp-content\/uploads\/2016\/11\/bordeaux-aufmacher2-altstadt-abend-christian-oeser.jpg\" alt=\"Altstadt von Bordeaux am Abend\" width=\"970\" height=\"323\" srcset=\"https:\/\/coeser.de\/blog\/wp-content\/uploads\/2016\/11\/bordeaux-aufmacher2-altstadt-abend-christian-oeser.jpg 970w, https:\/\/coeser.de\/blog\/wp-content\/uploads\/2016\/11\/bordeaux-aufmacher2-altstadt-abend-christian-oeser-768x256.jpg 768w\" sizes=\"auto, (max-width: 970px) 100vw, 970px\" \/><\/h2>\n<h2>Rundgang durch die Altstadt von Bordeaux<\/h2>\n<p>Der Tag der Ankunft ist f\u00fcr mich prinzipiell immer etwas m\u00fchsam. Man sp\u00fcrt noch die Strapazen der Anreise und f\u00fchlt sich in der neuen Umgebung noch nicht angekommen. Der erste Fixpunkt ist deshalb immer ein stressfreier Rundgang durch die Innenstadt, um einmal erste Eindr\u00fccke zu bekommen. Nur wenige Meter entfernt von meiner Unterkunft erhebt sich die gotische <strong>Basilika Saint Michel (Basilique Saint-Michel)<\/strong> aus dem 14. Jahrhundert, die Teil des Jakobswegs ist. Der 114 Meter hohe Glockenturm bietet nach einem beschwerlichen Aufstieg eine fantastische, wenn nicht sogar die beste Aussicht \u00fcber die Stadt. Als Besonderheit blickt man oben angekommen in die Turmspitze hinein \u2013 ein sehr interessantes Fotomotiv. Die Basilika selbst war zum Zeitpunkt meines Besuchs nicht ge\u00f6ffnet.<\/p>\n<h3>Sehenswertes Stadttor<\/h3>\n<p>In der Innenstadt kommt man irgendwann unweigerlich an der <strong>Porte de la Grosse Cloche<\/strong> vorbei. Es handelt sich dabei um eines von zwei noch erhaltenen Stadttoren (das zweite, <em>Porte Cailhau<\/em>, konnte ich leider nicht besuchen). Besonders in der Nacht und durch regnerisches Wetter kommt die Beleuchtung gut zur Geltung, was \u00fcbrigens auch f\u00fcr die umliegenden kleinen Gassen und Pl\u00e4tze gilt. Den Platz <strong>Place des Quinconces<\/strong>, einer der gr\u00f6\u00dften Europas, habe ich nur im Vorbeigehen wegen des imposanten <strong>Monumentalbrunnens<\/strong> angeschaut. Nachdem dort wegen der EURO 2016 die offizielle Fanzone von Bordeaux aufgebaut war und ich Menschenmassen nicht ausstehen kann, war mir der Aufenthalt dort keine f\u00fcnf Minuten wert.<\/p>\n<h3>Shoppen und Ausblicke<\/h3>\n<p>Wer auf Shopping aus ist, findet in der <strong>Rue Sainte-Catherine<\/strong>, eine der l\u00e4ngsten Einkaufsstra\u00dfen Europas, mehr als genug Auswahl. Neben der anfangs erw\u00e4hnten Basilika Saint Michel befindet sich in Bordeaux noch ein zweiter wichtiger Sakralbau, n\u00e4mlich die<strong> Kathedrale Saint-Andr\u00e9 (Cath\u00e9drale Saint-Andr\u00e9 de Bordeaux)<\/strong> mit sehenswertem Innenleben. Von der Kirche entkoppelt steht nebenan der\u00a0<strong>Glockenturm Tour Pey-Berland<\/strong>, dessen Aufstieg sich ebenfalls lohnt und erneut super Ausblicke auf Bordeaux zul\u00e4sst. Der Zugang zum Aussichtsbalkon ganz oben ist extrem schmal, hier hei\u00dft es Bauch einziehen und durch! \ud83d\ude09<\/p>\n<figure id=\"attachment_824\" class=\"thumbnail wp-caption alignnone\" style=\"width: 1034px\"><img loading=\"lazy\" decoding=\"async\" class=\"wp-image-824 size-full\" src=\"https:\/\/coeser.de\/blog\/wp-content\/uploads\/2016\/09\/bordeaux-altstadt-gal09-christian-oeser.jpg\" alt=\"Moderne Stra\u00dfenbahn vor der Kathedrale Saint-Andr\u00e9 und dem Glockenturm Tour Pey-Berland in Bordeaux\" width=\"1024\" height=\"683\" srcset=\"https:\/\/coeser.de\/blog\/wp-content\/uploads\/2016\/09\/bordeaux-altstadt-gal09-christian-oeser.jpg 1024w, https:\/\/coeser.de\/blog\/wp-content\/uploads\/2016\/09\/bordeaux-altstadt-gal09-christian-oeser-300x200.jpg 300w, https:\/\/coeser.de\/blog\/wp-content\/uploads\/2016\/09\/bordeaux-altstadt-gal09-christian-oeser-768x512.jpg 768w, https:\/\/coeser.de\/blog\/wp-content\/uploads\/2016\/09\/bordeaux-altstadt-gal09-christian-oeser-330x220.jpg 330w\" sizes=\"auto, (max-width: 1024px) 100vw, 1024px\" \/><figcaption class=\"caption wp-caption-text\">Moderne Stra\u00dfenbahn vor der Kathedrale Saint-Andr\u00e9 und dem Glockenturm Tour Pey-Berland<br \/><a href=\"https:\/\/www.google.de\/maps\/place\/44.837043,-0.578917\" target=\"_blank\" rel=\"noopener\">Aufnahmeort anzeigen<\/a><\/figcaption><\/figure>\n<figure id=\"attachment_836\" class=\"thumbnail wp-caption alignnone\" style=\"width: 1034px\"><img loading=\"lazy\" decoding=\"async\" class=\"wp-image-836 size-full\" src=\"https:\/\/coeser.de\/blog\/wp-content\/uploads\/2016\/09\/bordeaux-altstadt-gal21-christian-oeser.jpg\" alt=\"Panoramablick auf die Kathedrale Saint-Andr\u00e9 und das Stadttor Porte de la Grosse Cloche in Bordeaux\" width=\"1024\" height=\"683\" srcset=\"https:\/\/coeser.de\/blog\/wp-content\/uploads\/2016\/09\/bordeaux-altstadt-gal21-christian-oeser.jpg 1024w, https:\/\/coeser.de\/blog\/wp-content\/uploads\/2016\/09\/bordeaux-altstadt-gal21-christian-oeser-300x200.jpg 300w, https:\/\/coeser.de\/blog\/wp-content\/uploads\/2016\/09\/bordeaux-altstadt-gal21-christian-oeser-768x512.jpg 768w, https:\/\/coeser.de\/blog\/wp-content\/uploads\/2016\/09\/bordeaux-altstadt-gal21-christian-oeser-330x220.jpg 330w\" sizes=\"auto, (max-width: 1024px) 100vw, 1024px\" \/><figcaption class=\"caption wp-caption-text\">Panoramablick auf die Kathedrale Saint-Andr\u00e9 (r.) und das Stadttor Porte de la Grosse Cloche<br \/><a href=\"https:\/\/www.google.de\/maps\/place\/44.834362,-0.565977\" target=\"_blank\" rel=\"noopener\">Aufnahmeort anzeigen<\/a><\/figcaption><\/figure>\n<figure id=\"attachment_835\" class=\"thumbnail wp-caption alignnone\" style=\"width: 1034px\"><img loading=\"lazy\" decoding=\"async\" class=\"wp-image-835 size-full\" src=\"https:\/\/coeser.de\/blog\/wp-content\/uploads\/2016\/09\/bordeaux-altstadt-gal20-christian-oeser.jpg\" alt=\"Spitze des Glockenturms in der Basilika Saint Michel (Basilique Saint-Michel) in Bordeaux\" width=\"1024\" height=\"683\" srcset=\"https:\/\/coeser.de\/blog\/wp-content\/uploads\/2016\/09\/bordeaux-altstadt-gal20-christian-oeser.jpg 1024w, https:\/\/coeser.de\/blog\/wp-content\/uploads\/2016\/09\/bordeaux-altstadt-gal20-christian-oeser-300x200.jpg 300w, https:\/\/coeser.de\/blog\/wp-content\/uploads\/2016\/09\/bordeaux-altstadt-gal20-christian-oeser-768x512.jpg 768w, https:\/\/coeser.de\/blog\/wp-content\/uploads\/2016\/09\/bordeaux-altstadt-gal20-christian-oeser-330x220.jpg 330w\" sizes=\"auto, (max-width: 1024px) 100vw, 1024px\" \/><figcaption class=\"caption wp-caption-text\">Spitze des Glockenturms in der Basilika Saint Michel (Basilique Saint-Michel)<br \/><a href=\"https:\/\/www.google.de\/maps\/place\/44.834362,-0.565977\" target=\"_blank\" rel=\"noopener\">Aufnahmeort anzeigen<\/a><\/figcaption><\/figure>\n<figure id=\"attachment_825\" class=\"thumbnail wp-caption alignnone\" style=\"width: 1034px\"><img loading=\"lazy\" decoding=\"async\" class=\"wp-image-825 size-full\" src=\"https:\/\/coeser.de\/blog\/wp-content\/uploads\/2016\/09\/bordeaux-altstadt-gal10-christian-oeser.jpg\" alt=\"Kirchenschiff der Kathedrale Saint-Andr\u00e9 in Bordeaux\" width=\"1024\" height=\"683\" srcset=\"https:\/\/coeser.de\/blog\/wp-content\/uploads\/2016\/09\/bordeaux-altstadt-gal10-christian-oeser.jpg 1024w, https:\/\/coeser.de\/blog\/wp-content\/uploads\/2016\/09\/bordeaux-altstadt-gal10-christian-oeser-300x200.jpg 300w, https:\/\/coeser.de\/blog\/wp-content\/uploads\/2016\/09\/bordeaux-altstadt-gal10-christian-oeser-768x512.jpg 768w, https:\/\/coeser.de\/blog\/wp-content\/uploads\/2016\/09\/bordeaux-altstadt-gal10-christian-oeser-330x220.jpg 330w\" sizes=\"auto, (max-width: 1024px) 100vw, 1024px\" \/><figcaption class=\"caption wp-caption-text\">Kirchenschiff der Kathedrale Saint-Andr\u00e9<br \/><a href=\"https:\/\/www.google.de\/maps\/place\/44.837688,-0.577676\" target=\"_blank\" rel=\"noopener\">Aufnahmeort anzeigen<\/a><\/figcaption><\/figure>\n<figure id=\"attachment_826\" class=\"thumbnail wp-caption alignnone\" style=\"width: 1034px\"><img loading=\"lazy\" decoding=\"async\" class=\"wp-image-826 size-full\" src=\"https:\/\/coeser.de\/blog\/wp-content\/uploads\/2016\/09\/bordeaux-altstadt-gal11-christian-oeser.jpg\" alt=\"Blick vom Glockenturm Tour Pey-Berland auf H\u00e4userd\u00e4cher in Bordeaux\" width=\"1024\" height=\"683\" srcset=\"https:\/\/coeser.de\/blog\/wp-content\/uploads\/2016\/09\/bordeaux-altstadt-gal11-christian-oeser.jpg 1024w, https:\/\/coeser.de\/blog\/wp-content\/uploads\/2016\/09\/bordeaux-altstadt-gal11-christian-oeser-300x200.jpg 300w, https:\/\/coeser.de\/blog\/wp-content\/uploads\/2016\/09\/bordeaux-altstadt-gal11-christian-oeser-768x512.jpg 768w, https:\/\/coeser.de\/blog\/wp-content\/uploads\/2016\/09\/bordeaux-altstadt-gal11-christian-oeser-330x220.jpg 330w\" sizes=\"auto, (max-width: 1024px) 100vw, 1024px\" \/><figcaption class=\"caption wp-caption-text\">Blick vom Glockenturm Tour Pey-Berland auf H\u00e4userd\u00e4cher<br \/><a href=\"https:\/\/www.google.de\/maps\/place\/44.837605,-0.576616\" target=\"_blank\" rel=\"noopener\">Aufnahmeort anzeigen<\/a><\/figcaption><\/figure>\n<figure id=\"attachment_816\" class=\"thumbnail wp-caption alignnone\" style=\"width: 1034px\"><img loading=\"lazy\" decoding=\"async\" class=\"wp-image-816 size-full\" src=\"https:\/\/coeser.de\/blog\/wp-content\/uploads\/2016\/09\/bordeaux-altstadt-gal01-christian-oeser.jpg\" alt=\"Abendlich beleuchtetes Stadttor Porte de la Grosse Cloche in Bordeaux\" width=\"1024\" height=\"683\" srcset=\"https:\/\/coeser.de\/blog\/wp-content\/uploads\/2016\/09\/bordeaux-altstadt-gal01-christian-oeser.jpg 1024w, https:\/\/coeser.de\/blog\/wp-content\/uploads\/2016\/09\/bordeaux-altstadt-gal01-christian-oeser-300x200.jpg 300w, https:\/\/coeser.de\/blog\/wp-content\/uploads\/2016\/09\/bordeaux-altstadt-gal01-christian-oeser-768x512.jpg 768w, https:\/\/coeser.de\/blog\/wp-content\/uploads\/2016\/09\/bordeaux-altstadt-gal01-christian-oeser-330x220.jpg 330w\" sizes=\"auto, (max-width: 1024px) 100vw, 1024px\" \/><figcaption class=\"caption wp-caption-text\">Abendlich beleuchtetes Stadttor Porte de la Grosse Cloche<br \/><a href=\"https:\/\/www.google.de\/maps\/place\/44.835136,-0.571327\" target=\"_blank\" rel=\"noopener\">Aufnahmeort anzeigen<\/a><\/figcaption><\/figure>\n<figure id=\"attachment_818\" class=\"thumbnail wp-caption alignnone\" style=\"width: 1034px\"><img loading=\"lazy\" decoding=\"async\" class=\"wp-image-818 size-full\" src=\"https:\/\/coeser.de\/blog\/wp-content\/uploads\/2016\/09\/bordeaux-altstadt-gal03-christian-oeser.jpg\" alt=\"Abendlich beleuchteter Place Fernand Lafarge in Bordeaux\" width=\"1024\" height=\"683\" srcset=\"https:\/\/coeser.de\/blog\/wp-content\/uploads\/2016\/09\/bordeaux-altstadt-gal03-christian-oeser.jpg 1024w, https:\/\/coeser.de\/blog\/wp-content\/uploads\/2016\/09\/bordeaux-altstadt-gal03-christian-oeser-300x200.jpg 300w, https:\/\/coeser.de\/blog\/wp-content\/uploads\/2016\/09\/bordeaux-altstadt-gal03-christian-oeser-768x512.jpg 768w, https:\/\/coeser.de\/blog\/wp-content\/uploads\/2016\/09\/bordeaux-altstadt-gal03-christian-oeser-330x220.jpg 330w\" sizes=\"auto, (max-width: 1024px) 100vw, 1024px\" \/><figcaption class=\"caption wp-caption-text\">Abendlich beleuchteter Place Fernand Lafarge<br \/><a href=\"https:\/\/www.google.de\/maps\/place\/44.837043,-0.571798\" target=\"_blank\" rel=\"noopener\">Aufnahmeort anzeigen<\/a><\/figcaption><\/figure>\n<div class=\"fotospots\">\n<h3>Weitere Fotospots<\/h3>\n<p>Ein Geheimtipp f\u00fcr eine postkartentaugliche Aufnahme der Kathedrale Saint-Andr\u00e9 und des Glockenturms Tour Pey-Berland ist der <strong>Justizpalast (Palais de Justice)<\/strong>. Er besteht aus einem historischen Geb\u00e4ude und einem modernen Zubau von 1998 durch Architekt Richard Rogers. Durch eben diesen Zubau gelangt man nach einer Sicherheitskontrolle in das Geb\u00e4ude, geht dort in den ersten Stock zu den Verhandlungss\u00e4len und genie\u00dft den Wahnsinnsausblick. Die S\u00e4le selbst w\u00e4ren \u00fcbrigens auch architektonisch interessant, allerdings konnte ich aufgrund von laufenden Verhandlungen nirgends fotografieren.<\/p>\n<p>Neben der Kathedrale Saint-Andr\u00e9 lohnt sich ein kurzer Blick auf das <strong>Rathaus (H\u00f4tel de ville)<\/strong> im Palais Rohan aus dem Jahr 1778.<\/p>\n<div id='gallery-2' class='gallery galleryid-566 gallery-columns-7 gallery-size-thumbnail'><figure class='gallery-item'>\n\t\t\t<div class='gallery-icon landscape'>\n\t\t\t\t<a href='https:\/\/coeser.de\/blog\/wp-content\/uploads\/2016\/09\/bordeaux-altstadt-gal19-christian-oeser.jpg' title=\"Au\u00dfenansicht der Basilika Saint Michel (Basilique Saint-Michel)\" data-rl_title=\"Au\u00dfenansicht der Basilika Saint Michel (Basilique Saint-Michel)\" class=\"rl-gallery-link\" data-rl_caption=\"Aufnahmeort anzeigen\" data-rel=\"lightbox-gallery-2\"><img loading=\"lazy\" decoding=\"async\" width=\"150\" height=\"150\" src=\"https:\/\/coeser.de\/blog\/wp-content\/uploads\/2016\/09\/bordeaux-altstadt-gal19-christian-oeser-150x150.jpg\" class=\"attachment-thumbnail size-thumbnail\" alt=\"Au\u00dfenansicht der Basilika Saint Michel (Basilique Saint-Michel)\" aria-describedby=\"gallery-2-834\" \/><\/a>\n\t\t\t<\/div>\n\t\t\t\t<figcaption class='wp-caption-text gallery-caption' id='gallery-2-834'>\n\t\t\t\tAu\u00dfenansicht der Basilika Saint Michel (Basilique Saint-Michel)\n\t\t\t\t<\/figcaption><\/figure><figure class='gallery-item'>\n\t\t\t<div class='gallery-icon landscape'>\n\t\t\t\t<a href='https:\/\/coeser.de\/blog\/wp-content\/uploads\/2016\/09\/bordeaux-altstadt-gal02-christian-oeser.jpg' title=\"Abendlich beleuchtete Stra\u00dfe Rue Saint-James\" data-rl_title=\"Abendlich beleuchtete Stra\u00dfe Rue Saint-James\" class=\"rl-gallery-link\" data-rl_caption=\"Aufnahmeort anzeigen\" data-rel=\"lightbox-gallery-2\"><img loading=\"lazy\" decoding=\"async\" width=\"150\" height=\"150\" src=\"https:\/\/coeser.de\/blog\/wp-content\/uploads\/2016\/09\/bordeaux-altstadt-gal02-christian-oeser-150x150.jpg\" class=\"attachment-thumbnail size-thumbnail\" alt=\"Abendlich beleuchtete Stra\u00dfe Rue Saint-James\" aria-describedby=\"gallery-2-817\" \/><\/a>\n\t\t\t<\/div>\n\t\t\t\t<figcaption class='wp-caption-text gallery-caption' id='gallery-2-817'>\n\t\t\t\tAbendlich beleuchtete Stra\u00dfe Rue Saint-James\n\t\t\t\t<\/figcaption><\/figure><figure class='gallery-item'>\n\t\t\t<div class='gallery-icon landscape'>\n\t\t\t\t<a href='https:\/\/coeser.de\/blog\/wp-content\/uploads\/2016\/09\/bordeaux-altstadt-gal04-christian-oeser.jpg' title=\"Monumentalbrunnen auf dem Place des Quinconces\" data-rl_title=\"Monumentalbrunnen auf dem Place des Quinconces\" class=\"rl-gallery-link\" data-rl_caption=\"Aufnahmeort anzeigen\" data-rel=\"lightbox-gallery-2\"><img loading=\"lazy\" decoding=\"async\" width=\"150\" height=\"150\" src=\"https:\/\/coeser.de\/blog\/wp-content\/uploads\/2016\/09\/bordeaux-altstadt-gal04-christian-oeser-150x150.jpg\" class=\"attachment-thumbnail size-thumbnail\" alt=\"Monumentalbrunnen auf dem Place des Quinconces\" aria-describedby=\"gallery-2-819\" \/><\/a>\n\t\t\t<\/div>\n\t\t\t\t<figcaption class='wp-caption-text gallery-caption' id='gallery-2-819'>\n\t\t\t\tMonumentalbrunnen auf dem Place des Quinconces\n\t\t\t\t<\/figcaption><\/figure><figure class='gallery-item'>\n\t\t\t<div class='gallery-icon landscape'>\n\t\t\t\t<a href='https:\/\/coeser.de\/blog\/wp-content\/uploads\/2016\/09\/bordeaux-altstadt-gal05-christian-oeser.jpg' title=\"Moderner Zubau des Justizpalastes (Palais de Justice)\" data-rl_title=\"Moderner Zubau des Justizpalastes (Palais de Justice)\" class=\"rl-gallery-link\" data-rl_caption=\"Aufnahmeort anzeigen\" data-rel=\"lightbox-gallery-2\"><img loading=\"lazy\" decoding=\"async\" width=\"150\" height=\"150\" src=\"https:\/\/coeser.de\/blog\/wp-content\/uploads\/2016\/09\/bordeaux-altstadt-gal05-christian-oeser-150x150.jpg\" class=\"attachment-thumbnail size-thumbnail\" alt=\"Moderner Zubau des Justizpalastes (Palais de Justice)\" aria-describedby=\"gallery-2-820\" \/><\/a>\n\t\t\t<\/div>\n\t\t\t\t<figcaption class='wp-caption-text gallery-caption' id='gallery-2-820'>\n\t\t\t\tModerner Zubau des Justizpalastes (Palais de Justice)\n\t\t\t\t<\/figcaption><\/figure><figure class='gallery-item'>\n\t\t\t<div class='gallery-icon landscape'>\n\t\t\t\t<a href='https:\/\/coeser.de\/blog\/wp-content\/uploads\/2016\/09\/bordeaux-altstadt-gal06-christian-oeser.jpg' title=\"Verhandlungsr\u00e4ume im modernen Zubau des Justizpalastes (Palais de Justice)\" data-rl_title=\"Verhandlungsr\u00e4ume im modernen Zubau des Justizpalastes (Palais de Justice)\" class=\"rl-gallery-link\" data-rl_caption=\"Aufnahmeort anzeigen\" data-rel=\"lightbox-gallery-2\"><img loading=\"lazy\" decoding=\"async\" width=\"150\" height=\"150\" src=\"https:\/\/coeser.de\/blog\/wp-content\/uploads\/2016\/09\/bordeaux-altstadt-gal06-christian-oeser-150x150.jpg\" class=\"attachment-thumbnail size-thumbnail\" alt=\"Verhandlungsr\u00e4ume im modernen Zubau des Justizpalastes (Palais de Justice)\" aria-describedby=\"gallery-2-821\" \/><\/a>\n\t\t\t<\/div>\n\t\t\t\t<figcaption class='wp-caption-text gallery-caption' id='gallery-2-821'>\n\t\t\t\tVerhandlungsr\u00e4ume im modernen Zubau des Justizpalastes (Palais de Justice)\n\t\t\t\t<\/figcaption><\/figure><figure class='gallery-item'>\n\t\t\t<div class='gallery-icon landscape'>\n\t\t\t\t<a href='https:\/\/coeser.de\/blog\/wp-content\/uploads\/2016\/09\/bordeaux-altstadt-gal07-christian-oeser.jpg' title=\"Blick auf die Kathedrale Saint-Andr\u00e9 und den Glockenturm Tour Pey-Berland vom modernen Zubau des Justizpalastes aus gesehen\" data-rl_title=\"Blick auf die Kathedrale Saint-Andr\u00e9 und den Glockenturm Tour Pey-Berland vom modernen Zubau des Justizpalastes aus gesehen\" class=\"rl-gallery-link\" data-rl_caption=\"Aufnahmeort anzeigen\" data-rel=\"lightbox-gallery-2\"><img loading=\"lazy\" decoding=\"async\" width=\"150\" height=\"150\" src=\"https:\/\/coeser.de\/blog\/wp-content\/uploads\/2016\/09\/bordeaux-altstadt-gal07-christian-oeser-150x150.jpg\" class=\"attachment-thumbnail size-thumbnail\" alt=\"Blick auf die Kathedrale Saint-Andr\u00e9 und den Glockenturm Tour Pey-Berland vom modernen Zubau des Justizpalastes aus gesehen\" aria-describedby=\"gallery-2-822\" \/><\/a>\n\t\t\t<\/div>\n\t\t\t\t<figcaption class='wp-caption-text gallery-caption' id='gallery-2-822'>\n\t\t\t\tBlick auf die Kathedrale Saint-Andr\u00e9 und den Glockenturm Tour Pey-Berland vom modernen Zubau des Justizpalastes aus gesehen\n\t\t\t\t<\/figcaption><\/figure><figure class='gallery-item'>\n\t\t\t<div class='gallery-icon landscape'>\n\t\t\t\t<a href='https:\/\/coeser.de\/blog\/wp-content\/uploads\/2016\/09\/bordeaux-altstadt-gal08-christian-oeser.jpg' title=\"Erhaltener Teil des Ch\u00e2teau du H\u00e2 (Fort du H\u00e2), eine ehemailge Zwingburg zur Kontrolle von Bordeaux\" data-rl_title=\"Erhaltener Teil des Ch\u00e2teau du H\u00e2 (Fort du H\u00e2), eine ehemailge Zwingburg zur Kontrolle von Bordeaux\" class=\"rl-gallery-link\" data-rl_caption=\"Aufnahmeort anzeigen\" data-rel=\"lightbox-gallery-2\"><img loading=\"lazy\" decoding=\"async\" width=\"150\" height=\"150\" src=\"https:\/\/coeser.de\/blog\/wp-content\/uploads\/2016\/09\/bordeaux-altstadt-gal08-christian-oeser-150x150.jpg\" class=\"attachment-thumbnail size-thumbnail\" alt=\"Erhaltener Teil des Ch\u00e2teau du H\u00e2 (Fort du H\u00e2), eine ehemailge Zwingburg zur Kontrolle von Bordeaux\" aria-describedby=\"gallery-2-823\" \/><\/a>\n\t\t\t<\/div>\n\t\t\t\t<figcaption class='wp-caption-text gallery-caption' id='gallery-2-823'>\n\t\t\t\tErhaltener Teil des Ch\u00e2teau du H\u00e2 (Fort du H\u00e2), eine ehemailge Zwingburg zur Kontrolle von Bordeaux\n\t\t\t\t<\/figcaption><\/figure><figure class='gallery-item'>\n\t\t\t<div class='gallery-icon landscape'>\n\t\t\t\t<a href='https:\/\/coeser.de\/blog\/wp-content\/uploads\/2016\/09\/bordeaux-altstadt-gal12-christian-oeser.jpg' title=\"Blick auf die Kathedrale Saint-Andr\u00e9 vom Glockenturm Tour Pey-Berland aus gesehen\" data-rl_title=\"Blick auf die Kathedrale Saint-Andr\u00e9 vom Glockenturm Tour Pey-Berland aus gesehen\" class=\"rl-gallery-link\" data-rl_caption=\"Aufnahmeort anzeigen\" data-rel=\"lightbox-gallery-2\"><img loading=\"lazy\" decoding=\"async\" width=\"150\" height=\"150\" src=\"https:\/\/coeser.de\/blog\/wp-content\/uploads\/2016\/09\/bordeaux-altstadt-gal12-christian-oeser-150x150.jpg\" class=\"attachment-thumbnail size-thumbnail\" alt=\"Blick auf die Kathedrale Saint-Andr\u00e9 vom Glockenturm Tour Pey-Berland aus gesehen\" aria-describedby=\"gallery-2-827\" \/><\/a>\n\t\t\t<\/div>\n\t\t\t\t<figcaption class='wp-caption-text gallery-caption' id='gallery-2-827'>\n\t\t\t\tBlick auf die Kathedrale Saint-Andr\u00e9 vom Glockenturm Tour Pey-Berland aus gesehen\n\t\t\t\t<\/figcaption><\/figure><figure class='gallery-item'>\n\t\t\t<div class='gallery-icon portrait'>\n\t\t\t\t<a href='https:\/\/coeser.de\/blog\/wp-content\/uploads\/2016\/09\/bordeaux-altstadt-gal13-christian-oeser.jpg' title=\"Enger Zugang auf den Aussichtsbalkon des Glockenturms Tour Pey-Berland\" data-rl_title=\"Enger Zugang auf den Aussichtsbalkon des Glockenturms Tour Pey-Berland\" class=\"rl-gallery-link\" data-rl_caption=\"Aufnahmeort anzeigen\" data-rel=\"lightbox-gallery-2\"><img loading=\"lazy\" decoding=\"async\" width=\"150\" height=\"150\" src=\"https:\/\/coeser.de\/blog\/wp-content\/uploads\/2016\/09\/bordeaux-altstadt-gal13-christian-oeser-150x150.jpg\" class=\"attachment-thumbnail size-thumbnail\" alt=\"Enger Zugang auf den Aussichtsbalkon des Glockenturms Tour Pey-Berland\" aria-describedby=\"gallery-2-828\" \/><\/a>\n\t\t\t<\/div>\n\t\t\t\t<figcaption class='wp-caption-text gallery-caption' id='gallery-2-828'>\n\t\t\t\tEnger Zugang auf den Aussichtsbalkon des Glockenturms Tour Pey-Berland\n\t\t\t\t<\/figcaption><\/figure><figure class='gallery-item'>\n\t\t\t<div class='gallery-icon landscape'>\n\t\t\t\t<a href='https:\/\/coeser.de\/blog\/wp-content\/uploads\/2016\/09\/bordeaux-altstadt-gal14-christian-oeser.jpg' title=\"Au\u00dfenansicht der Kathedrale Saint-Andr\u00e9\" data-rl_title=\"Au\u00dfenansicht der Kathedrale Saint-Andr\u00e9\" class=\"rl-gallery-link\" data-rl_caption=\"Aufnahmeort anzeigen\" data-rel=\"lightbox-gallery-2\"><img loading=\"lazy\" decoding=\"async\" width=\"150\" height=\"150\" src=\"https:\/\/coeser.de\/blog\/wp-content\/uploads\/2016\/09\/bordeaux-altstadt-gal14-christian-oeser-150x150.jpg\" class=\"attachment-thumbnail size-thumbnail\" alt=\"Au\u00dfenansicht der Kathedrale Saint-Andr\u00e9\" aria-describedby=\"gallery-2-829\" \/><\/a>\n\t\t\t<\/div>\n\t\t\t\t<figcaption class='wp-caption-text gallery-caption' id='gallery-2-829'>\n\t\t\t\tAu\u00dfenansicht der Kathedrale Saint-Andr\u00e9\n\t\t\t\t<\/figcaption><\/figure><figure class='gallery-item'>\n\t\t\t<div class='gallery-icon landscape'>\n\t\t\t\t<a href='https:\/\/coeser.de\/blog\/wp-content\/uploads\/2016\/09\/bordeaux-altstadt-gal15-christian-oeser.jpg' title=\"Das Rathaus (H\u00f4tel de Ville) ist im Palais Rohan untergebracht\" data-rl_title=\"Das Rathaus (H\u00f4tel de Ville) ist im Palais Rohan untergebracht\" class=\"rl-gallery-link\" data-rl_caption=\"Aufnahmeort anzeigen\" data-rel=\"lightbox-gallery-2\"><img loading=\"lazy\" decoding=\"async\" width=\"150\" height=\"150\" src=\"https:\/\/coeser.de\/blog\/wp-content\/uploads\/2016\/09\/bordeaux-altstadt-gal15-christian-oeser-150x150.jpg\" class=\"attachment-thumbnail size-thumbnail\" alt=\"Das Rathaus (H\u00f4tel de Ville) ist im Palais Rohan untergebracht\" aria-describedby=\"gallery-2-830\" \/><\/a>\n\t\t\t<\/div>\n\t\t\t\t<figcaption class='wp-caption-text gallery-caption' id='gallery-2-830'>\n\t\t\t\tDas Rathaus (H\u00f4tel de Ville) ist im Palais Rohan untergebracht\n\t\t\t\t<\/figcaption><\/figure><figure class='gallery-item'>\n\t\t\t<div class='gallery-icon landscape'>\n\t\t\t\t<a href='https:\/\/coeser.de\/blog\/wp-content\/uploads\/2016\/09\/bordeaux-altstadt-gal16-christian-oeser.jpg' title=\"Statue von Jacques Chaban-Delmas (fr\u00fcherer Premierminister Frankreichs und B\u00fcrgermeister von Bordeaux) neben dem Glockenturm Tour Pey-Berland\" data-rl_title=\"Statue von Jacques Chaban-Delmas (fr\u00fcherer Premierminister Frankreichs und B\u00fcrgermeister von Bordeaux) neben dem Glockenturm Tour Pey-Berland\" class=\"rl-gallery-link\" data-rl_caption=\"Aufnahmeort anzeigen\" data-rel=\"lightbox-gallery-2\"><img loading=\"lazy\" decoding=\"async\" width=\"150\" height=\"150\" src=\"https:\/\/coeser.de\/blog\/wp-content\/uploads\/2016\/09\/bordeaux-altstadt-gal16-christian-oeser-150x150.jpg\" class=\"attachment-thumbnail size-thumbnail\" alt=\"Statue von Jacques Chaban-Delmas (fr\u00fcherer Premierminister Frankreichs und B\u00fcrgermeister von Bordeaux) neben dem Glockenturm Tour Pey-Berland\" aria-describedby=\"gallery-2-831\" \/><\/a>\n\t\t\t<\/div>\n\t\t\t\t<figcaption class='wp-caption-text gallery-caption' id='gallery-2-831'>\n\t\t\t\tStatue von Jacques Chaban-Delmas (fr\u00fcherer Premierminister Frankreichs und B\u00fcrgermeister von Bordeaux) neben dem Glockenturm Tour Pey-Berland\n\t\t\t\t<\/figcaption><\/figure><figure class='gallery-item'>\n\t\t\t<div class='gallery-icon portrait'>\n\t\t\t\t<a href='https:\/\/coeser.de\/blog\/wp-content\/uploads\/2016\/09\/bordeaux-altstadt-gal17-christian-oeser.jpg' title=\"Blick von der Rue du Loup auf den Glockenturm Tour Pey-Berland\" data-rl_title=\"Blick von der Rue du Loup auf den Glockenturm Tour Pey-Berland\" class=\"rl-gallery-link\" data-rl_caption=\"Aufnahmeort anzeigen\" data-rel=\"lightbox-gallery-2\"><img loading=\"lazy\" decoding=\"async\" width=\"150\" height=\"150\" src=\"https:\/\/coeser.de\/blog\/wp-content\/uploads\/2016\/09\/bordeaux-altstadt-gal17-christian-oeser-150x150.jpg\" class=\"attachment-thumbnail size-thumbnail\" alt=\"Blick von der Rue du Loup auf den Glockenturm Tour Pey-Berland\" aria-describedby=\"gallery-2-832\" \/><\/a>\n\t\t\t<\/div>\n\t\t\t\t<figcaption class='wp-caption-text gallery-caption' id='gallery-2-832'>\n\t\t\t\tBlick von der Rue du Loup auf den Glockenturm Tour Pey-Berland\n\t\t\t\t<\/figcaption><\/figure><figure class='gallery-item'>\n\t\t\t<div class='gallery-icon landscape'>\n\t\t\t\t<a href='https:\/\/coeser.de\/blog\/wp-content\/uploads\/2016\/09\/bordeaux-altstadt-gal18-christian-oeser.jpg' title=\"Einkaufsstra\u00dfe Rue Sainte-Catherine\" data-rl_title=\"Einkaufsstra\u00dfe Rue Sainte-Catherine\" class=\"rl-gallery-link\" data-rl_caption=\"Aufnahmeort anzeigen\" data-rel=\"lightbox-gallery-2\"><img loading=\"lazy\" decoding=\"async\" width=\"150\" height=\"150\" src=\"https:\/\/coeser.de\/blog\/wp-content\/uploads\/2016\/09\/bordeaux-altstadt-gal18-christian-oeser-150x150.jpg\" class=\"attachment-thumbnail size-thumbnail\" alt=\"Einkaufsstra\u00dfe Rue Sainte-Catherine\" aria-describedby=\"gallery-2-833\" \/><\/a>\n\t\t\t<\/div>\n\t\t\t\t<figcaption class='wp-caption-text gallery-caption' id='gallery-2-833'>\n\t\t\t\tEinkaufsstra\u00dfe Rue Sainte-Catherine\n\t\t\t\t<\/figcaption><\/figure>\n\t\t<\/div>\n\n<\/div>\n<p>&nbsp;<\/p>\n<hr \/>\n<h2><img loading=\"lazy\" decoding=\"async\" class=\"alignnone size-full wp-image-18822\" src=\"https:\/\/coeser.de\/blog\/wp-content\/uploads\/2016\/11\/bordeaux-aufmacher3-miroir-eau-christian-oeser.jpg\" alt=\"Spiegelung im Miroir d'eau auf dem Place de la Bourse in Bordeaux\" width=\"970\" height=\"323\" srcset=\"https:\/\/coeser.de\/blog\/wp-content\/uploads\/2016\/11\/bordeaux-aufmacher3-miroir-eau-christian-oeser.jpg 970w, https:\/\/coeser.de\/blog\/wp-content\/uploads\/2016\/11\/bordeaux-aufmacher3-miroir-eau-christian-oeser-768x256.jpg 768w\" sizes=\"auto, (max-width: 970px) 100vw, 970px\" \/><\/h2>\n<h2>Place de la Bourse in Bordeaux<\/h2>\n<p>Das (zurecht) wohl bekannteste Fotomotiv der Stadt ist der <strong>Place de la Bourse<\/strong> direkt an der Garonne. Der Platz wurde im 18. Jahrhundert angelegt, die historischen Geb\u00e4uden rundherum beherbergen heute das Zollmuseum und die Handelskammer. Seit 2006 erg\u00e4nzt eine riesige, nur ca. zwei Zentimeter tiefe Wasseroberfl\u00e4che namens <strong>Miroir d&#8217;Eau<\/strong> das Geschehen am Platz und sorgt f\u00fcr einzigartige Anblicke. Mehrere Male pro Stunde spr\u00fcht aus dem Boden Nebel, was vor allem bei hohen Temperaturen jede Menge Leute anlockt (diese Bilder kenne ich nur aus dem Internet, w\u00e4hrend meines Besuchs habe ich den Nebel nicht live erlebt). Ansonsten spiegeln sich die historischen Geb\u00e4ude wundersch\u00f6n und ergeben ein imposantes Gesamtbild.<\/p>\n<h3>Tipps zum Fotografieren am Place de la Bourse<\/h3>\n<p>Wer kein Stativ mit sich f\u00fchrt, kann die Kamera auch einfach auf den Boden vor die Wasseroberfl\u00e4che stellen. Sofern nicht zuviele Menschen im Wasser umhersteigen, ist die Oberfl\u00e4che ruhig und die Kamera nicht durch Wellen in Gefahr. Ab und zu wird das Wasser automatisiert abgelassen, dann ergibt sich eine ganz andere Art von Spiegelung. Aber Achtung: sobald es zu Blubbern beginnt, wird aus unterirdischen D\u00fcsen wieder Wasser nachgef\u00fcllt! Ich musste mit meiner Kamera einmal ziemlich rasch aus der Mitte des Beckens fl\u00fcchten.<\/p>\n<figure id=\"attachment_843\" class=\"thumbnail wp-caption alignnone\" style=\"width: 1034px\"><img loading=\"lazy\" decoding=\"async\" class=\"wp-image-843 size-full\" src=\"https:\/\/coeser.de\/blog\/wp-content\/uploads\/2016\/09\/bordeaux-place-de-la-bourse-gal07-christian-oeser.jpg\" alt=\"Die Geb\u00e4ude auf dem Place de la Bourse spiegeln sich im Miroir d'Eau in Bordeaux\" width=\"1024\" height=\"687\" srcset=\"https:\/\/coeser.de\/blog\/wp-content\/uploads\/2016\/09\/bordeaux-place-de-la-bourse-gal07-christian-oeser.jpg 1024w, https:\/\/coeser.de\/blog\/wp-content\/uploads\/2016\/09\/bordeaux-place-de-la-bourse-gal07-christian-oeser-300x201.jpg 300w, https:\/\/coeser.de\/blog\/wp-content\/uploads\/2016\/09\/bordeaux-place-de-la-bourse-gal07-christian-oeser-768x515.jpg 768w, https:\/\/coeser.de\/blog\/wp-content\/uploads\/2016\/09\/bordeaux-place-de-la-bourse-gal07-christian-oeser-330x220.jpg 330w\" sizes=\"auto, (max-width: 1024px) 100vw, 1024px\" \/><figcaption class=\"caption wp-caption-text\">Die Geb\u00e4ude auf dem Place de la Bourse spiegeln sich im Miroir d&#8217;Eau<br \/><a href=\"https:\/\/www.google.de\/maps\/place\/44.841719,-0.568910\" target=\"_blank\" rel=\"noopener\">Aufnahmeort anzeigen<\/a><\/figcaption><\/figure>\n<figure id=\"attachment_838\" class=\"thumbnail wp-caption alignnone\" style=\"width: 1034px\"><img loading=\"lazy\" decoding=\"async\" class=\"wp-image-838 size-full\" src=\"https:\/\/coeser.de\/blog\/wp-content\/uploads\/2016\/09\/bordeaux-place-de-la-bourse-gal02-christian-oeser.jpg\" alt=\"Die Geb\u00e4ude auf dem Place de la Bourse spiegeln sich in regnerischem Wetter im Miroir d'Eau in Bordeaux\" width=\"1024\" height=\"683\" srcset=\"https:\/\/coeser.de\/blog\/wp-content\/uploads\/2016\/09\/bordeaux-place-de-la-bourse-gal02-christian-oeser.jpg 1024w, https:\/\/coeser.de\/blog\/wp-content\/uploads\/2016\/09\/bordeaux-place-de-la-bourse-gal02-christian-oeser-300x200.jpg 300w, https:\/\/coeser.de\/blog\/wp-content\/uploads\/2016\/09\/bordeaux-place-de-la-bourse-gal02-christian-oeser-768x512.jpg 768w, https:\/\/coeser.de\/blog\/wp-content\/uploads\/2016\/09\/bordeaux-place-de-la-bourse-gal02-christian-oeser-330x220.jpg 330w\" sizes=\"auto, (max-width: 1024px) 100vw, 1024px\" \/><figcaption class=\"caption wp-caption-text\">In regnerischem Wetter erzeugt die Spiegelung im Miroir d&#8217;Eau andere Farben auf dem Place de la Bourse<br \/><a href=\"https:\/\/www.google.de\/maps\/place\/44.841719,-0.568910\" target=\"_blank\" rel=\"noopener\">Aufnahmeort anzeigen<\/a><\/figcaption><\/figure>\n<figure id=\"attachment_840\" class=\"thumbnail wp-caption alignnone\" style=\"width: 1034px\"><img loading=\"lazy\" decoding=\"async\" class=\"wp-image-840 size-full\" src=\"https:\/\/coeser.de\/blog\/wp-content\/uploads\/2016\/09\/bordeaux-place-de-la-bourse-gal04-christian-oeser.jpg\" alt=\"Brunnen der drei Grazien auf dem beleuchteten Place de la Bourse in Bordeaux\" width=\"1024\" height=\"683\" srcset=\"https:\/\/coeser.de\/blog\/wp-content\/uploads\/2016\/09\/bordeaux-place-de-la-bourse-gal04-christian-oeser.jpg 1024w, https:\/\/coeser.de\/blog\/wp-content\/uploads\/2016\/09\/bordeaux-place-de-la-bourse-gal04-christian-oeser-300x200.jpg 300w, https:\/\/coeser.de\/blog\/wp-content\/uploads\/2016\/09\/bordeaux-place-de-la-bourse-gal04-christian-oeser-768x512.jpg 768w, https:\/\/coeser.de\/blog\/wp-content\/uploads\/2016\/09\/bordeaux-place-de-la-bourse-gal04-christian-oeser-330x220.jpg 330w\" sizes=\"auto, (max-width: 1024px) 100vw, 1024px\" \/><figcaption class=\"caption wp-caption-text\">Brunnen der drei Grazien auf dem beleuchteten Place de la Bourse<br \/><a href=\"https:\/\/www.google.de\/maps\/place\/44.841586,-0.569937\" target=\"_blank\" rel=\"noopener\">Aufnahmeort anzeigen<\/a><\/figcaption><\/figure>\n<hr \/>\n<h2>Pont de Pierre<\/h2>\n<p>Das zweite Highlight ist die \u00e4lteste Br\u00fccke in Bordeaux, die <strong>Pont de Pierre<\/strong>. Die Geschichte ist sehr interessant: Unter der Herrschaft Napol\u00e9ons wurde die Br\u00fccke 1821 fertiggestellt, starke Str\u00f6mungen machten den Bau allerdings schwierig. Die 17 Br\u00fcckenb\u00f6gen sollen den 17 Buchstaben des Namens Napol\u00e9on Bonaparte entsprechen. Bis 1965 war die Pont de Pierre sogar die einzige Stra\u00dfenverbindung \u00fcber die Garonne in Bordeaux. Ich empfehle einen abendlichen Spaziergang oder eine Fahrt mit der Stra\u00dfenbahn \u00fcber die Br\u00fccke Pont de Piere, um von der anderen Seite in Richtung Innenstadt mit Blick auf die Basilika Saint Michel ein stimmiges Foto zu erhalten. Am Ende der Br\u00fccke auf der Altstadtseite liegt der Triumphbogen Porte de Bourgogne, der am Abend in Regenbogenfarben angestrahlt wird.<\/p>\n<figure id=\"attachment_845\" class=\"thumbnail wp-caption alignnone\" style=\"width: 1034px\"><img loading=\"lazy\" decoding=\"async\" class=\"wp-image-845 size-full\" src=\"https:\/\/coeser.de\/blog\/wp-content\/uploads\/2016\/09\/bordeaux-pont-de-pierre-gal02-christian-oeser.jpg\" alt=\"Die beleuchtete Br\u00fccke Pont de Pierre, dahinter der Glockenturm der Basilika Saint Michel in Bordeaux\" width=\"1024\" height=\"683\" srcset=\"https:\/\/coeser.de\/blog\/wp-content\/uploads\/2016\/09\/bordeaux-pont-de-pierre-gal02-christian-oeser.jpg 1024w, https:\/\/coeser.de\/blog\/wp-content\/uploads\/2016\/09\/bordeaux-pont-de-pierre-gal02-christian-oeser-300x200.jpg 300w, https:\/\/coeser.de\/blog\/wp-content\/uploads\/2016\/09\/bordeaux-pont-de-pierre-gal02-christian-oeser-768x512.jpg 768w, https:\/\/coeser.de\/blog\/wp-content\/uploads\/2016\/09\/bordeaux-pont-de-pierre-gal02-christian-oeser-330x220.jpg 330w\" sizes=\"auto, (max-width: 1024px) 100vw, 1024px\" \/><figcaption class=\"caption wp-caption-text\">Die beleuchtete Br\u00fccke Pont de Pierre, dahinter der Glockenturm der Basilika Saint Michel<br \/><a href=\"https:\/\/www.google.de\/maps\/place\/44.840095,-0.560677\" target=\"_blank\" rel=\"noopener\">Aufnahmeort anzeigen<\/a><\/figcaption><\/figure>\n<figure id=\"attachment_844\" class=\"thumbnail wp-caption alignnone\" style=\"width: 1034px\"><img loading=\"lazy\" decoding=\"async\" class=\"wp-image-844 size-full\" src=\"https:\/\/coeser.de\/blog\/wp-content\/uploads\/2016\/09\/bordeaux-pont-de-pierre-gal01-christian-oeser.jpg\" alt=\"Die beleuchtete Br\u00fccke Pont de Pierre spiegelt sich in der Garonne in Bordeaux\" width=\"1024\" height=\"683\" srcset=\"https:\/\/coeser.de\/blog\/wp-content\/uploads\/2016\/09\/bordeaux-pont-de-pierre-gal01-christian-oeser.jpg 1024w, https:\/\/coeser.de\/blog\/wp-content\/uploads\/2016\/09\/bordeaux-pont-de-pierre-gal01-christian-oeser-300x200.jpg 300w, https:\/\/coeser.de\/blog\/wp-content\/uploads\/2016\/09\/bordeaux-pont-de-pierre-gal01-christian-oeser-768x512.jpg 768w, https:\/\/coeser.de\/blog\/wp-content\/uploads\/2016\/09\/bordeaux-pont-de-pierre-gal01-christian-oeser-330x220.jpg 330w\" sizes=\"auto, (max-width: 1024px) 100vw, 1024px\" \/><figcaption class=\"caption wp-caption-text\">Die beleuchtete Br\u00fccke Pont de Pierre spiegelt sich in der Garonne<br \/><a href=\"https:\/\/www.google.de\/maps\/place\/44.835631,-0.563193\" target=\"_blank\" rel=\"noopener\">Aufnahmeort anzeigen<\/a><\/figcaption><\/figure>\n<figure id=\"attachment_846\" class=\"thumbnail wp-caption alignnone\" style=\"width: 1034px\"><img loading=\"lazy\" decoding=\"async\" class=\"wp-image-846 size-full\" src=\"https:\/\/coeser.de\/blog\/wp-content\/uploads\/2016\/09\/bordeaux-pont-de-pierre-gal03-christian-oeser.jpg\" alt=\"Die beleuchtete Br\u00fccke Pont de Pierre, dahinter der Glockenturm der Basilika Saint Michel in Bordeaux\" width=\"1024\" height=\"683\" srcset=\"https:\/\/coeser.de\/blog\/wp-content\/uploads\/2016\/09\/bordeaux-pont-de-pierre-gal03-christian-oeser.jpg 1024w, https:\/\/coeser.de\/blog\/wp-content\/uploads\/2016\/09\/bordeaux-pont-de-pierre-gal03-christian-oeser-300x200.jpg 300w, https:\/\/coeser.de\/blog\/wp-content\/uploads\/2016\/09\/bordeaux-pont-de-pierre-gal03-christian-oeser-768x512.jpg 768w, https:\/\/coeser.de\/blog\/wp-content\/uploads\/2016\/09\/bordeaux-pont-de-pierre-gal03-christian-oeser-330x220.jpg 330w\" sizes=\"auto, (max-width: 1024px) 100vw, 1024px\" \/><figcaption class=\"caption wp-caption-text\">Die beleuchtete Br\u00fccke Pont de Pierre, dahinter der Glockenturm der Basilika Saint Michel<br \/><a href=\"https:\/\/www.google.de\/maps\/place\/44.840095,-0.560677\" target=\"_blank\" rel=\"noopener\">Aufnahmeort anzeigen<\/a><\/figcaption><\/figure>\n<figure id=\"attachment_847\" class=\"thumbnail wp-caption alignnone\" style=\"width: 1034px\"><img loading=\"lazy\" decoding=\"async\" class=\"wp-image-847 size-full\" src=\"https:\/\/coeser.de\/blog\/wp-content\/uploads\/2016\/09\/bordeaux-pont-de-pierre-gal04-christian-oeser.jpg\" alt=\"In Regenbogenfarben beleuchteter Triumphbogen Porte de Bourgogne in Bordeaux\" width=\"1024\" height=\"683\" srcset=\"https:\/\/coeser.de\/blog\/wp-content\/uploads\/2016\/09\/bordeaux-pont-de-pierre-gal04-christian-oeser.jpg 1024w, https:\/\/coeser.de\/blog\/wp-content\/uploads\/2016\/09\/bordeaux-pont-de-pierre-gal04-christian-oeser-300x200.jpg 300w, https:\/\/coeser.de\/blog\/wp-content\/uploads\/2016\/09\/bordeaux-pont-de-pierre-gal04-christian-oeser-768x512.jpg 768w, https:\/\/coeser.de\/blog\/wp-content\/uploads\/2016\/09\/bordeaux-pont-de-pierre-gal04-christian-oeser-330x220.jpg 330w\" sizes=\"auto, (max-width: 1024px) 100vw, 1024px\" \/><figcaption class=\"caption wp-caption-text\">In Regenbogenfarben beleuchteter Triumphbogen Porte de Bourgogne<br \/><a href=\"https:\/\/www.google.de\/maps\/place\/44.836764,-0.566100\" target=\"_blank\" rel=\"noopener\">Aufnahmeort anzeigen<\/a><\/figcaption><\/figure>\n<hr \/>\n<h2><img loading=\"lazy\" decoding=\"async\" class=\"alignnone size-full wp-image-18823\" src=\"https:\/\/coeser.de\/blog\/wp-content\/uploads\/2016\/11\/bordeaux-aufmacher4-vinothek-intendant-christian-oeser.jpg\" alt=\"Weinflaschen in der Vinothek L'Intendant in Bordeaux\" width=\"970\" height=\"323\" srcset=\"https:\/\/coeser.de\/blog\/wp-content\/uploads\/2016\/11\/bordeaux-aufmacher4-vinothek-intendant-christian-oeser.jpg 970w, https:\/\/coeser.de\/blog\/wp-content\/uploads\/2016\/11\/bordeaux-aufmacher4-vinothek-intendant-christian-oeser-768x256.jpg 768w\" sizes=\"auto, (max-width: 970px) 100vw, 970px\" \/><\/h2>\n<h2>Vinothek L&#8217;Intendant<\/h2>\n<p>Weinhandlungen gibt es in Bordeaux nat\u00fcrlich sehr viele, aber eine sticht ganz extrem heraus. In der Vinothek L&#8217;Intendant wird man von angenehmen Holzt\u00f6nen und Dutzenden Flaschen in halbrunden Weinregalen empfangen. Ein Blick nach oben offenbart das architektonische Highlight, eine wundersch\u00f6ne spiralf\u00f6rmige Treppe. W\u00e4hrend im Erdgeschoss noch &#8222;einfache&#8220; Weine zu g\u00fcnstigen Preisen angeboten werden, steigt mit jedem Stockwerk die Qualit\u00e4t und auch der Preis der angebotenen edlen Tropfen.<\/p>\n<h3>Einer der teuersten Weine der Welt<\/h3>\n<p>Ganz oben am Ende des Stiegenhauses thront \u2013 gesch\u00fctzt hinter Plexiglas \u2013 der Rotwein des\u00a0Ch\u00e2teau P\u00e9trus, einer der teuersten Weine der Welt. Ein Blick auf das Preisschild sagt 5.360 Euro, also kein Wein f\u00fcr Cola-Rot. \ud83d\ude09 Auch wer sich nicht f\u00fcr Wein interessiert, sollte bei einem Bordeaux-Besuch unbedingt einen Blick in diese aus\u00dfergew\u00f6hnliche Vinothek geworfen haben!<\/p>\n<figure id=\"attachment_848\" class=\"thumbnail wp-caption alignnone\" style=\"width: 1034px\"><img loading=\"lazy\" decoding=\"async\" class=\"wp-image-848 size-full\" src=\"https:\/\/coeser.de\/blog\/wp-content\/uploads\/2016\/09\/bordeaux-vinothek-intendant-gal01-christian-oeser.jpg\" alt=\"Treppenhaus in der Vinothek L\u2019Intendant in Bordeaux\" width=\"1024\" height=\"683\" srcset=\"https:\/\/coeser.de\/blog\/wp-content\/uploads\/2016\/09\/bordeaux-vinothek-intendant-gal01-christian-oeser.jpg 1024w, https:\/\/coeser.de\/blog\/wp-content\/uploads\/2016\/09\/bordeaux-vinothek-intendant-gal01-christian-oeser-300x200.jpg 300w, https:\/\/coeser.de\/blog\/wp-content\/uploads\/2016\/09\/bordeaux-vinothek-intendant-gal01-christian-oeser-768x512.jpg 768w, https:\/\/coeser.de\/blog\/wp-content\/uploads\/2016\/09\/bordeaux-vinothek-intendant-gal01-christian-oeser-330x220.jpg 330w\" sizes=\"auto, (max-width: 1024px) 100vw, 1024px\" \/><figcaption class=\"caption wp-caption-text\">Das beeindruckende Treppenhaus in der Vinothek L\u2019Intendant<br \/><a href=\"https:\/\/www.google.de\/maps\/place\/44.842735,-0.574915\" target=\"_blank\" rel=\"noopener\">Aufnahmeort anzeigen<\/a><\/figcaption><\/figure>\n<figure id=\"attachment_853\" class=\"thumbnail wp-caption alignnone\" style=\"width: 1034px\"><img loading=\"lazy\" decoding=\"async\" class=\"wp-image-853 size-full\" src=\"https:\/\/coeser.de\/blog\/wp-content\/uploads\/2016\/09\/bordeaux-vinothek-intendant-gal06-christian-oeser.jpg\" alt=\"Innenansicht der Vinothek L\u2019Intendant in Bordeaux\" width=\"1024\" height=\"683\" srcset=\"https:\/\/coeser.de\/blog\/wp-content\/uploads\/2016\/09\/bordeaux-vinothek-intendant-gal06-christian-oeser.jpg 1024w, https:\/\/coeser.de\/blog\/wp-content\/uploads\/2016\/09\/bordeaux-vinothek-intendant-gal06-christian-oeser-300x200.jpg 300w, https:\/\/coeser.de\/blog\/wp-content\/uploads\/2016\/09\/bordeaux-vinothek-intendant-gal06-christian-oeser-768x512.jpg 768w, https:\/\/coeser.de\/blog\/wp-content\/uploads\/2016\/09\/bordeaux-vinothek-intendant-gal06-christian-oeser-330x220.jpg 330w\" sizes=\"auto, (max-width: 1024px) 100vw, 1024px\" \/><figcaption class=\"caption wp-caption-text\">Architektonisch ist die Vinothek L\u2019Intendant wundervoll gestaltet<br \/><a href=\"https:\/\/www.google.de\/maps\/place\/44.842735,-0.574915\" target=\"_blank\" rel=\"noopener\">Aufnahmeort anzeigen<\/a><\/figcaption><\/figure>\n<figure id=\"attachment_850\" class=\"thumbnail wp-caption alignnone\" style=\"width: 1034px\"><img loading=\"lazy\" decoding=\"async\" class=\"wp-image-850 size-full\" src=\"https:\/\/coeser.de\/blog\/wp-content\/uploads\/2016\/09\/bordeaux-vinothek-intendant-gal03-christian-oeser.jpg\" alt=\"Eine Flasche Rotwein des Ch\u00e2teau P\u00e9trus in der Vinothek L\u2019Intendant in Bordeaux\" width=\"1024\" height=\"683\" srcset=\"https:\/\/coeser.de\/blog\/wp-content\/uploads\/2016\/09\/bordeaux-vinothek-intendant-gal03-christian-oeser.jpg 1024w, https:\/\/coeser.de\/blog\/wp-content\/uploads\/2016\/09\/bordeaux-vinothek-intendant-gal03-christian-oeser-300x200.jpg 300w, https:\/\/coeser.de\/blog\/wp-content\/uploads\/2016\/09\/bordeaux-vinothek-intendant-gal03-christian-oeser-768x512.jpg 768w, https:\/\/coeser.de\/blog\/wp-content\/uploads\/2016\/09\/bordeaux-vinothek-intendant-gal03-christian-oeser-330x220.jpg 330w\" sizes=\"auto, (max-width: 1024px) 100vw, 1024px\" \/><figcaption class=\"caption wp-caption-text\">Eine Flasche Rotwein des Ch\u00e2teau P\u00e9trus in der Vinothek L\u2019Intendant \u2013 kein g\u00fcnstiges Vergn\u00fcgen<br \/><a href=\"https:\/\/www.google.de\/maps\/place\/44.842735,-0.574915\" target=\"_blank\" rel=\"noopener\">Aufnahmeort anzeigen<\/a><\/figcaption><\/figure>\n<div class=\"fotospots\">\n<h3>Weitere Fotospots<\/h3>\n<p>Gegen\u00fcber der Vinothek liegt das bedeutende <strong>Theater (Grand Th\u00e9atre)<\/strong>, das man nach M\u00f6glichkeit sowohl untertags als auch nachts mit herrlicher Beleuchtung bewundern sollte. Erw\u00e4hnenswert ist auch die \u00f6ffentliche W\u00fcrfeluhr, die sich mit oder ohne Stra\u00dfenbahn sch\u00f6n in das Bild mit dem Theater einf\u00fcgt.<\/p>\n<div id='gallery-3' class='gallery galleryid-566 gallery-columns-7 gallery-size-thumbnail'><figure class='gallery-item'>\n\t\t\t<div class='gallery-icon landscape'>\n\t\t\t\t<a href='https:\/\/coeser.de\/blog\/wp-content\/uploads\/2016\/09\/bordeaux-vinothek-intendant-gal02-christian-oeser.jpg' title=\"Innenansicht der Vinothek L\u2019Intendant\" data-rl_title=\"Innenansicht der Vinothek L\u2019Intendant\" class=\"rl-gallery-link\" data-rl_caption=\"Aufnahmeort anzeigen\" data-rel=\"lightbox-gallery-3\"><img loading=\"lazy\" decoding=\"async\" width=\"150\" height=\"150\" src=\"https:\/\/coeser.de\/blog\/wp-content\/uploads\/2016\/09\/bordeaux-vinothek-intendant-gal02-christian-oeser-150x150.jpg\" class=\"attachment-thumbnail size-thumbnail\" alt=\"Innenansicht der Vinothek L\u2019Intendant\" aria-describedby=\"gallery-3-849\" \/><\/a>\n\t\t\t<\/div>\n\t\t\t\t<figcaption class='wp-caption-text gallery-caption' id='gallery-3-849'>\n\t\t\t\tInnenansicht der Vinothek L\u2019Intendant\n\t\t\t\t<\/figcaption><\/figure><figure class='gallery-item'>\n\t\t\t<div class='gallery-icon landscape'>\n\t\t\t\t<a href='https:\/\/coeser.de\/blog\/wp-content\/uploads\/2016\/09\/bordeaux-vinothek-intendant-gal08-christian-oeser.jpg' title=\"Innenansicht der Vinothek L\u2019Intendant\" data-rl_title=\"Innenansicht der Vinothek L\u2019Intendant\" class=\"rl-gallery-link\" data-rl_caption=\"Aufnahmeort anzeigen\" data-rel=\"lightbox-gallery-3\"><img loading=\"lazy\" decoding=\"async\" width=\"150\" height=\"150\" src=\"https:\/\/coeser.de\/blog\/wp-content\/uploads\/2016\/09\/bordeaux-vinothek-intendant-gal08-christian-oeser-150x150.jpg\" class=\"attachment-thumbnail size-thumbnail\" alt=\"Innenansicht der Vinothek L\u2019Intendant\" aria-describedby=\"gallery-3-855\" \/><\/a>\n\t\t\t<\/div>\n\t\t\t\t<figcaption class='wp-caption-text gallery-caption' id='gallery-3-855'>\n\t\t\t\tInnenansicht der Vinothek L\u2019Intendant\n\t\t\t\t<\/figcaption><\/figure><figure class='gallery-item'>\n\t\t\t<div class='gallery-icon landscape'>\n\t\t\t\t<a href='https:\/\/coeser.de\/blog\/wp-content\/uploads\/2016\/09\/bordeaux-vinothek-intendant-gal04-christian-oeser.jpg' title=\"Innenansicht der Vinothek L\u2019Intendant\" data-rl_title=\"Innenansicht der Vinothek L\u2019Intendant\" class=\"rl-gallery-link\" data-rl_caption=\"Aufnahmeort anzeigen\" data-rel=\"lightbox-gallery-3\"><img loading=\"lazy\" decoding=\"async\" width=\"150\" height=\"150\" src=\"https:\/\/coeser.de\/blog\/wp-content\/uploads\/2016\/09\/bordeaux-vinothek-intendant-gal04-christian-oeser-150x150.jpg\" class=\"attachment-thumbnail size-thumbnail\" alt=\"Innenansicht der Vinothek L\u2019Intendant\" aria-describedby=\"gallery-3-851\" \/><\/a>\n\t\t\t<\/div>\n\t\t\t\t<figcaption class='wp-caption-text gallery-caption' id='gallery-3-851'>\n\t\t\t\tInnenansicht der Vinothek L\u2019Intendant\n\t\t\t\t<\/figcaption><\/figure><figure class='gallery-item'>\n\t\t\t<div class='gallery-icon landscape'>\n\t\t\t\t<a href='https:\/\/coeser.de\/blog\/wp-content\/uploads\/2016\/09\/bordeaux-vinothek-intendant-gal05-christian-oeser.jpg' title=\"Innenansicht der Vinothek L\u2019Intendant\" data-rl_title=\"Innenansicht der Vinothek L\u2019Intendant\" class=\"rl-gallery-link\" data-rl_caption=\"Aufnahmeort anzeigen\" data-rel=\"lightbox-gallery-3\"><img loading=\"lazy\" decoding=\"async\" width=\"150\" height=\"150\" src=\"https:\/\/coeser.de\/blog\/wp-content\/uploads\/2016\/09\/bordeaux-vinothek-intendant-gal05-christian-oeser-150x150.jpg\" class=\"attachment-thumbnail size-thumbnail\" alt=\"Innenansicht der Vinothek L\u2019Intendant\" aria-describedby=\"gallery-3-852\" \/><\/a>\n\t\t\t<\/div>\n\t\t\t\t<figcaption class='wp-caption-text gallery-caption' id='gallery-3-852'>\n\t\t\t\tInnenansicht der Vinothek L\u2019Intendant\n\t\t\t\t<\/figcaption><\/figure><figure class='gallery-item'>\n\t\t\t<div class='gallery-icon landscape'>\n\t\t\t\t<a href='https:\/\/coeser.de\/blog\/wp-content\/uploads\/2016\/09\/bordeaux-vinothek-intendant-gal07-christian-oeser.jpg' title=\"Innenansicht der Vinothek L\u2019Intendant\" data-rl_title=\"Innenansicht der Vinothek L\u2019Intendant\" class=\"rl-gallery-link\" data-rl_caption=\"Aufnahmeort anzeigen\" data-rel=\"lightbox-gallery-3\"><img loading=\"lazy\" decoding=\"async\" width=\"150\" height=\"150\" src=\"https:\/\/coeser.de\/blog\/wp-content\/uploads\/2016\/09\/bordeaux-vinothek-intendant-gal07-christian-oeser-150x150.jpg\" class=\"attachment-thumbnail size-thumbnail\" alt=\"Innenansicht der Vinothek L\u2019Intendant\" aria-describedby=\"gallery-3-854\" \/><\/a>\n\t\t\t<\/div>\n\t\t\t\t<figcaption class='wp-caption-text gallery-caption' id='gallery-3-854'>\n\t\t\t\tInnenansicht der Vinothek L\u2019Intendant\n\t\t\t\t<\/figcaption><\/figure><figure class='gallery-item'>\n\t\t\t<div class='gallery-icon landscape'>\n\t\t\t\t<a href='https:\/\/coeser.de\/blog\/wp-content\/uploads\/2016\/09\/bordeaux-vinothek-intendant-gal09-christian-oeser.jpg' title=\"Au\u00dfenansicht des Grand Th\u00e9atre mit W\u00fcrfeluhr und Stra\u00dfenbahn\" data-rl_title=\"Au\u00dfenansicht des Grand Th\u00e9atre mit W\u00fcrfeluhr und Stra\u00dfenbahn\" class=\"rl-gallery-link\" data-rl_caption=\"Aufnahmeort anzeigen\" data-rel=\"lightbox-gallery-3\"><img loading=\"lazy\" decoding=\"async\" width=\"150\" height=\"150\" src=\"https:\/\/coeser.de\/blog\/wp-content\/uploads\/2016\/09\/bordeaux-vinothek-intendant-gal09-christian-oeser-150x150.jpg\" class=\"attachment-thumbnail size-thumbnail\" alt=\"Au\u00dfenansicht des Grand Th\u00e9atre mit W\u00fcrfeluhr und Stra\u00dfenbahn\" aria-describedby=\"gallery-3-856\" \/><\/a>\n\t\t\t<\/div>\n\t\t\t\t<figcaption class='wp-caption-text gallery-caption' id='gallery-3-856'>\n\t\t\t\tAu\u00dfenansicht des Grand Th\u00e9atre mit W\u00fcrfeluhr und Stra\u00dfenbahn\n\t\t\t\t<\/figcaption><\/figure><figure class='gallery-item'>\n\t\t\t<div class='gallery-icon landscape'>\n\t\t\t\t<a href='https:\/\/coeser.de\/blog\/wp-content\/uploads\/2016\/09\/bordeaux-vinothek-intendant-gal10-christian-oeser.jpg' title=\"Au\u00dfenansicht des beleuchteten Grand Th\u00e9atre mit W\u00fcrfeluhr und Stra\u00dfenbahn\" data-rl_title=\"Au\u00dfenansicht des beleuchteten Grand Th\u00e9atre mit W\u00fcrfeluhr und Stra\u00dfenbahn\" class=\"rl-gallery-link\" data-rl_caption=\"Aufnahmeort anzeigen\" data-rel=\"lightbox-gallery-3\"><img loading=\"lazy\" decoding=\"async\" width=\"150\" height=\"150\" src=\"https:\/\/coeser.de\/blog\/wp-content\/uploads\/2016\/09\/bordeaux-vinothek-intendant-gal10-christian-oeser-150x150.jpg\" class=\"attachment-thumbnail size-thumbnail\" alt=\"Au\u00dfenansicht des beleuchteten Grand Th\u00e9atre mit W\u00fcrfeluhr und Stra\u00dfenbahn\" aria-describedby=\"gallery-3-857\" \/><\/a>\n\t\t\t<\/div>\n\t\t\t\t<figcaption class='wp-caption-text gallery-caption' id='gallery-3-857'>\n\t\t\t\tAu\u00dfenansicht des beleuchteten Grand Th\u00e9atre mit W\u00fcrfeluhr und Stra\u00dfenbahn\n\t\t\t\t<\/figcaption><\/figure>\n\t\t<\/div>\n\n<\/div>\n<p>&nbsp;<\/p>\n<hr \/>\n<h2><img loading=\"lazy\" decoding=\"async\" class=\"alignnone size-full wp-image-18824\" src=\"https:\/\/coeser.de\/blog\/wp-content\/uploads\/2016\/11\/bordeaux-aufmacher5-markthalle-christian-oeser.jpg\" alt=\"Markthalle March\u00e9 des Capucins in Bordeaux\" width=\"970\" height=\"328\" srcset=\"https:\/\/coeser.de\/blog\/wp-content\/uploads\/2016\/11\/bordeaux-aufmacher5-markthalle-christian-oeser.jpg 970w, https:\/\/coeser.de\/blog\/wp-content\/uploads\/2016\/11\/bordeaux-aufmacher5-markthalle-christian-oeser-768x260.jpg 768w\" sizes=\"auto, (max-width: 970px) 100vw, 970px\" \/><\/h2>\n<h2>Markthalle f\u00fcr Genie\u00dfer<\/h2>\n<p>Die <strong>Markthalle March\u00e9 des Capucins<\/strong> habe ich selbst einem Artikel des Reiseblogs <a href=\"https:\/\/www.travelita.ch\/reiseguide-ein-fruehlingswochenende-in-bordeaux\/\" target=\"_blank\" rel=\"noopener noreferrer\"><strong>travelita.ch<\/strong><\/a> zu verdanken. Unter der Woche war bei meinem Besuch keine Spur von Touristen, was ziemlich sicher an der Lage abseits der Innenstadt liegt. Es sind zwar nicht wahnsinnig viele St\u00e4nde in der Halle untergebracht, ich war dennoch hellauf begeistert. Die frischen Fische haben mich im Vorbeigehen schon &#8222;angelacht&#8220;, aber an einem Kr\u00e4uterstand gab es dann kein Vorbeikommen mehr, so intensiv und gut war der Geruch rundherum.<\/p>\n<h3>Verf\u00fchrt durch den Kr\u00e4uterduft<\/h3>\n<p>Man wurde f\u00f6rmlich angezogen, um die verschiedenen Kr\u00e4uterduftnoten zu analysieren. Danach konnte ich einen gro\u00dfen Wunsch von mir erf\u00fcllen, ich wollte w\u00e4hrend meiner Frankreich-Reise unbedingt einmal Moules-frites (Miesmuscheln mit Pommes Frites) essen. Gemeinsam mit meinem Reisebegleiter haben wir eine riesige Portion f\u00fcr jeweils 9,90 Euro pro Person erhalten, dazu noch eine gute Flasche Wei\u00dfwein um 13 Euro \u2013 g\u00fcnstiger geht es in Bordeaux kaum noch.<\/p>\n<figure id=\"attachment_858\" class=\"thumbnail wp-caption alignnone\" style=\"width: 1034px\"><img loading=\"lazy\" decoding=\"async\" class=\"wp-image-858 size-full\" src=\"https:\/\/coeser.de\/blog\/wp-content\/uploads\/2016\/09\/bordeaux-marche-des-capusins-gal01-christian-oeser.jpg\" alt=\"Die Markthalle March\u00e9 des Capucins vom Turm der Basilika Saint Michel in Bordeaux aus gesehen\" width=\"1024\" height=\"683\" srcset=\"https:\/\/coeser.de\/blog\/wp-content\/uploads\/2016\/09\/bordeaux-marche-des-capusins-gal01-christian-oeser.jpg 1024w, https:\/\/coeser.de\/blog\/wp-content\/uploads\/2016\/09\/bordeaux-marche-des-capusins-gal01-christian-oeser-300x200.jpg 300w, https:\/\/coeser.de\/blog\/wp-content\/uploads\/2016\/09\/bordeaux-marche-des-capusins-gal01-christian-oeser-768x512.jpg 768w, https:\/\/coeser.de\/blog\/wp-content\/uploads\/2016\/09\/bordeaux-marche-des-capusins-gal01-christian-oeser-330x220.jpg 330w\" sizes=\"auto, (max-width: 1024px) 100vw, 1024px\" \/><figcaption class=\"caption wp-caption-text\">Die Markthalle March\u00e9 des Capucins vom Turm der Basilika Saint Michel aus gesehen<br \/><a href=\"https:\/\/www.google.de\/maps\/place\/44.834355,-0.565969\" target=\"_blank\" rel=\"noopener\">Aufnahmeort anzeigen<\/a><\/figcaption><\/figure>\n<div class=\"fotospots\">\n<h3>Weitere Fotospots<\/h3>\n<div id='gallery-4' class='gallery galleryid-566 gallery-columns-7 gallery-size-thumbnail'><figure class='gallery-item'>\n\t\t\t<div class='gallery-icon landscape'>\n\t\t\t\t<a href='https:\/\/coeser.de\/blog\/wp-content\/uploads\/2016\/09\/bordeaux-marche-des-capusins-gal02-christian-oeser.jpg' title=\"Fischstand in der Markthalle March\u00e9 des Capucins\" data-rl_title=\"Fischstand in der Markthalle March\u00e9 des Capucins\" class=\"rl-gallery-link\" data-rl_caption=\"Aufnahmeort anzeigen\" data-rel=\"lightbox-gallery-4\"><img loading=\"lazy\" decoding=\"async\" width=\"150\" height=\"150\" src=\"https:\/\/coeser.de\/blog\/wp-content\/uploads\/2016\/09\/bordeaux-marche-des-capusins-gal02-christian-oeser-150x150.jpg\" class=\"attachment-thumbnail size-thumbnail\" alt=\"Fischstand in der Markthalle March\u00e9 des Capucins\" aria-describedby=\"gallery-4-859\" \/><\/a>\n\t\t\t<\/div>\n\t\t\t\t<figcaption class='wp-caption-text gallery-caption' id='gallery-4-859'>\n\t\t\t\tFischstand in der Markthalle March\u00e9 des Capucins\n\t\t\t\t<\/figcaption><\/figure><figure class='gallery-item'>\n\t\t\t<div class='gallery-icon portrait'>\n\t\t\t\t<a href='https:\/\/coeser.de\/blog\/wp-content\/uploads\/2016\/09\/bordeaux-marche-des-capusins-gal04-christian-oeser.jpg' title=\"Eine Flasche Muscadet S\u00e8vre et Maine aus der Weinbauregion Loire im Bistro Poulette in der Markthalle March\u00e9 des Capucins\" data-rl_title=\"Eine Flasche Muscadet S\u00e8vre et Maine aus der Weinbauregion Loire im Bistro Poulette in der Markthalle March\u00e9 des Capucins\" class=\"rl-gallery-link\" data-rl_caption=\"Aufnahmeort anzeigen\" data-rel=\"lightbox-gallery-4\"><img loading=\"lazy\" decoding=\"async\" width=\"150\" height=\"150\" src=\"https:\/\/coeser.de\/blog\/wp-content\/uploads\/2016\/09\/bordeaux-marche-des-capusins-gal04-christian-oeser-150x150.jpg\" class=\"attachment-thumbnail size-thumbnail\" alt=\"Eine Flasche Muscadet S\u00e8vre et Maine aus der Weinbauregion Loire im Bistro Poulette in der Markthalle March\u00e9 des Capucins\" aria-describedby=\"gallery-4-861\" \/><\/a>\n\t\t\t<\/div>\n\t\t\t\t<figcaption class='wp-caption-text gallery-caption' id='gallery-4-861'>\n\t\t\t\tEine Flasche Muscadet S\u00e8vre et Maine aus der Weinbauregion Loire im Bistro Poulette in der Markthalle March\u00e9 des Capucins\n\t\t\t\t<\/figcaption><\/figure><figure class='gallery-item'>\n\t\t\t<div class='gallery-icon landscape'>\n\t\t\t\t<a href='https:\/\/coeser.de\/blog\/wp-content\/uploads\/2016\/09\/bordeaux-marche-des-capusins-gal05-christian-oeser.jpg' title=\"Miesmuscheln mit Pommes Frites (Moules-Frites) im Bistro Poulette in der Markthalle March\u00e9 des Capucins\" data-rl_title=\"Miesmuscheln mit Pommes Frites (Moules-Frites) im Bistro Poulette in der Markthalle March\u00e9 des Capucins\" class=\"rl-gallery-link\" data-rl_caption=\"Aufnahmeort anzeigen\" data-rel=\"lightbox-gallery-4\"><img loading=\"lazy\" decoding=\"async\" width=\"150\" height=\"150\" src=\"https:\/\/coeser.de\/blog\/wp-content\/uploads\/2016\/09\/bordeaux-marche-des-capusins-gal05-christian-oeser-150x150.jpg\" class=\"attachment-thumbnail size-thumbnail\" alt=\"Miesmuscheln mit Pommes Frites (Moules-Frites) im Bistro Poulette in der Markthalle March\u00e9 des Capucins\" aria-describedby=\"gallery-4-862\" \/><\/a>\n\t\t\t<\/div>\n\t\t\t\t<figcaption class='wp-caption-text gallery-caption' id='gallery-4-862'>\n\t\t\t\tMiesmuscheln mit Pommes Frites (Moules-Frites) im Bistro Poulette in der Markthalle March\u00e9 des Capucins\n\t\t\t\t<\/figcaption><\/figure>\n\t\t<\/div>\n\n<\/div>\n<p>&nbsp;<\/p>\n<hr \/>\n<h2><img loading=\"lazy\" decoding=\"async\" class=\"alignnone size-full wp-image-18825\" src=\"https:\/\/coeser.de\/blog\/wp-content\/uploads\/2016\/11\/bordeaux-aufmacher6-hubbruecke-christian-oeser.jpg\" alt=\"Hubbr\u00fccke Pont Jacques-Chaban-Delmas in Bordeaux\" width=\"970\" height=\"323\" srcset=\"https:\/\/coeser.de\/blog\/wp-content\/uploads\/2016\/11\/bordeaux-aufmacher6-hubbruecke-christian-oeser.jpg 970w, https:\/\/coeser.de\/blog\/wp-content\/uploads\/2016\/11\/bordeaux-aufmacher6-hubbruecke-christian-oeser-768x256.jpg 768w\" sizes=\"auto, (max-width: 970px) 100vw, 970px\" \/><\/h2>\n<h2>Hubbr\u00fccke Pont Jacques-Chaban-Delmas<\/h2>\n<p>F\u00e4hrt man mit der Stra\u00dfenbahn B n\u00f6rdlich der Garonne entlang, kommt man nach wenigen Minuten zur architektonisch herausragenden <strong>Pont Jacques-Chaban-Delmas<\/strong> (der seines Zeichens der ehemalige B\u00fcrgermeister und Premierminister war). Die 2013 er\u00f6ffnete Hubbr\u00fccke kann um 53 Meter angehoben werden, um Kreuzfahrtschiffen die Fahrt in die Stadt zu erm\u00f6glichen. Das Anheben und Absenken dauert zw\u00f6lf Minuten, der Prozess wird allerdings bereits lange durchgef\u00fchrt, bevor das erwartete Schiff tats\u00e4chlich ankommt.<\/p>\n<h3>Planung zahlt sich aus<\/h3>\n<p>Wer nach Bordeaux reist und schon im Vorhinein wissen m\u00f6chte, ob die Br\u00fccke in Aktion zu sehen sein wird, findet die Schlie\u00dfzeiten auf der Webseite <strong><a href=\"http:\/\/www.pontchaban.fr\" target=\"_blank\" rel=\"noopener noreferrer\">pontchaban.fr<\/a><\/strong>. Ich hatte gleich doppeltes Gl\u00fcck: w\u00e4hrend meines viert\u00e4gigen Aufenthaltes sollte sich die Br\u00fccke genau einmal in Bewegung setzen, und das ausgerechnet zeitlich passend vor dem Spiel \u00d6sterreich &#8211; Ungarn. Noch dazu kam kein geringeres Kreuzfahrtschiff als die <em>Seabourn Legend<\/em> in den Hafen von Bordeaux \u2013 das Schiff wurde im Film <em>Speed 2<\/em> mit Sandra Bullock f\u00fcr alle Au\u00dfenaufnahmen verwendet.<\/p>\n<figure id=\"attachment_868\" class=\"thumbnail wp-caption alignnone\" style=\"width: 1034px\"><img loading=\"lazy\" decoding=\"async\" class=\"wp-image-868 size-full\" src=\"https:\/\/coeser.de\/blog\/wp-content\/uploads\/2016\/09\/bordeaux-pont-jacques-chaban-delmas-gal05-christian-oeser.jpg\" alt=\"Blick auf die Pont Jacques-Chaban-Delmas vom Quai de Bacalan aus gesehen in Bordeaux\" width=\"1024\" height=\"768\" srcset=\"https:\/\/coeser.de\/blog\/wp-content\/uploads\/2016\/09\/bordeaux-pont-jacques-chaban-delmas-gal05-christian-oeser.jpg 1024w, https:\/\/coeser.de\/blog\/wp-content\/uploads\/2016\/09\/bordeaux-pont-jacques-chaban-delmas-gal05-christian-oeser-300x225.jpg 300w, https:\/\/coeser.de\/blog\/wp-content\/uploads\/2016\/09\/bordeaux-pont-jacques-chaban-delmas-gal05-christian-oeser-768x576.jpg 768w, https:\/\/coeser.de\/blog\/wp-content\/uploads\/2016\/09\/bordeaux-pont-jacques-chaban-delmas-gal05-christian-oeser-640x480.jpg 640w\" sizes=\"auto, (max-width: 1024px) 100vw, 1024px\" \/><figcaption class=\"caption wp-caption-text\">Blick auf die hochgehobene Pont Jacques-Chaban-Delmas vom Quai de Bacalan aus gesehen<br \/><a href=\"https:\/\/www.google.de\/maps\/place\/44.858665,-0.555852\" target=\"_blank\" rel=\"noopener\">Aufnahmeort anzeigen<\/a><\/figcaption><\/figure>\n<div class=\"fotospots\">\n<h3>Weitere Fotospots<\/h3>\n<p>Die sch\u00f6nsten Blicke auf die Br\u00fccke hat man vom <em>Quai de Bacalan<\/em> direkt an der Garonne (eignet sich auch, um etwas zu trinken oder essen) oder wenn man direkt davor steht.<\/p>\n<p>Solange die Br\u00fccke nicht angehoben ist, kann man sie als Fu\u00dfg\u00e4nger betreten. Es bietet sich ein sch\u00f6ner Blick in Richtung der drei Kilometer entferneten Innenstadt.<\/p>\n<div id='gallery-5' class='gallery galleryid-566 gallery-columns-7 gallery-size-thumbnail'><figure class='gallery-item'>\n\t\t\t<div class='gallery-icon landscape'>\n\t\t\t\t<a href='https:\/\/coeser.de\/blog\/wp-content\/uploads\/2016\/09\/bordeaux-pont-jacques-chaban-delmas-gal01-christian-oeser.jpg' title=\"Blick auf die Pont Jacques-Chaban-Delmas vom Quai de Bacalan aus gesehen\" data-rl_title=\"Blick auf die Pont Jacques-Chaban-Delmas vom Quai de Bacalan aus gesehen\" class=\"rl-gallery-link\" data-rl_caption=\"Aufnahmeort anzeigen\" data-rel=\"lightbox-gallery-5\"><img loading=\"lazy\" decoding=\"async\" width=\"150\" height=\"150\" src=\"https:\/\/coeser.de\/blog\/wp-content\/uploads\/2016\/09\/bordeaux-pont-jacques-chaban-delmas-gal01-christian-oeser-150x150.jpg\" class=\"attachment-thumbnail size-thumbnail\" alt=\"Blick auf die Pont Jacques-Chaban-Delmas vom Quai de Bacalan aus gesehen\" aria-describedby=\"gallery-5-864\" \/><\/a>\n\t\t\t<\/div>\n\t\t\t\t<figcaption class='wp-caption-text gallery-caption' id='gallery-5-864'>\n\t\t\t\tBlick auf die Pont Jacques-Chaban-Delmas vom Quai de Bacalan aus gesehen\n\t\t\t\t<\/figcaption><\/figure><figure class='gallery-item'>\n\t\t\t<div class='gallery-icon landscape'>\n\t\t\t\t<a href='https:\/\/coeser.de\/blog\/wp-content\/uploads\/2016\/09\/bordeaux-pont-jacques-chaban-delmas-gal03-christian-oeser.jpg' title=\"Blick auf die Pont Jacques-Chaban-Delmas vom Quai de Bacalan aus gesehen\" data-rl_title=\"Blick auf die Pont Jacques-Chaban-Delmas vom Quai de Bacalan aus gesehen\" class=\"rl-gallery-link\" data-rl_caption=\"Aufnahmeort anzeigen\" data-rel=\"lightbox-gallery-5\"><img loading=\"lazy\" decoding=\"async\" width=\"150\" height=\"150\" src=\"https:\/\/coeser.de\/blog\/wp-content\/uploads\/2016\/09\/bordeaux-pont-jacques-chaban-delmas-gal03-christian-oeser-150x150.jpg\" class=\"attachment-thumbnail size-thumbnail\" alt=\"Blick auf die Pont Jacques-Chaban-Delmas vom Quai de Bacalan aus gesehen\" aria-describedby=\"gallery-5-866\" \/><\/a>\n\t\t\t<\/div>\n\t\t\t\t<figcaption class='wp-caption-text gallery-caption' id='gallery-5-866'>\n\t\t\t\tBlick auf die Pont Jacques-Chaban-Delmas vom Quai de Bacalan aus gesehen\n\t\t\t\t<\/figcaption><\/figure><figure class='gallery-item'>\n\t\t\t<div class='gallery-icon landscape'>\n\t\t\t\t<a href='https:\/\/coeser.de\/blog\/wp-content\/uploads\/2016\/09\/bordeaux-pont-jacques-chaban-delmas-gal06-christian-oeser.jpg' title=\"Blick auf die Pont Jacques-Chaban-Delmas vom Quai de Bacalan aus gesehen\" data-rl_title=\"Blick auf die Pont Jacques-Chaban-Delmas vom Quai de Bacalan aus gesehen\" class=\"rl-gallery-link\" data-rl_caption=\"Aufnahmeort anzeigen\" data-rel=\"lightbox-gallery-5\"><img loading=\"lazy\" decoding=\"async\" width=\"150\" height=\"150\" src=\"https:\/\/coeser.de\/blog\/wp-content\/uploads\/2016\/09\/bordeaux-pont-jacques-chaban-delmas-gal06-christian-oeser-150x150.jpg\" class=\"attachment-thumbnail size-thumbnail\" alt=\"Blick auf die Pont Jacques-Chaban-Delmas vom Quai de Bacalan aus gesehen\" aria-describedby=\"gallery-5-869\" \/><\/a>\n\t\t\t<\/div>\n\t\t\t\t<figcaption class='wp-caption-text gallery-caption' id='gallery-5-869'>\n\t\t\t\tBlick auf die Pont Jacques-Chaban-Delmas vom Quai de Bacalan aus gesehen\n\t\t\t\t<\/figcaption><\/figure><figure class='gallery-item'>\n\t\t\t<div class='gallery-icon landscape'>\n\t\t\t\t<a href='https:\/\/coeser.de\/blog\/wp-content\/uploads\/2016\/09\/bordeaux-pont-jacques-chaban-delmas-gal07-christian-oeser.jpg' title=\"Blick auf die Pont Jacques-Chaban-Delmas\" data-rl_title=\"Blick auf die Pont Jacques-Chaban-Delmas\" class=\"rl-gallery-link\" data-rl_caption=\"Aufnahmeort anzeigen\" data-rel=\"lightbox-gallery-5\"><img loading=\"lazy\" decoding=\"async\" width=\"150\" height=\"150\" src=\"https:\/\/coeser.de\/blog\/wp-content\/uploads\/2016\/09\/bordeaux-pont-jacques-chaban-delmas-gal07-christian-oeser-150x150.jpg\" class=\"attachment-thumbnail size-thumbnail\" alt=\"Blick auf die Pont Jacques-Chaban-Delmas\" aria-describedby=\"gallery-5-870\" \/><\/a>\n\t\t\t<\/div>\n\t\t\t\t<figcaption class='wp-caption-text gallery-caption' id='gallery-5-870'>\n\t\t\t\tBlick auf die Pont Jacques-Chaban-Delmas\n\t\t\t\t<\/figcaption><\/figure><figure class='gallery-item'>\n\t\t\t<div class='gallery-icon landscape'>\n\t\t\t\t<a href='https:\/\/coeser.de\/blog\/wp-content\/uploads\/2016\/09\/bordeaux-pont-jacques-chaban-delmas-gal08-christian-oeser.jpg' title=\"Blick auf die Pont Jacques-Chaban-Delmas von der Terrasse der Cit\u00e9 du Vin aus gesehen\" data-rl_title=\"Blick auf die Pont Jacques-Chaban-Delmas von der Terrasse der Cit\u00e9 du Vin aus gesehen\" class=\"rl-gallery-link\" data-rl_caption=\"Aufnahmeort anzeigen\" data-rel=\"lightbox-gallery-5\"><img loading=\"lazy\" decoding=\"async\" width=\"150\" height=\"150\" src=\"https:\/\/coeser.de\/blog\/wp-content\/uploads\/2016\/09\/bordeaux-pont-jacques-chaban-delmas-gal08-christian-oeser-150x150.jpg\" class=\"attachment-thumbnail size-thumbnail\" alt=\"Blick auf die Pont Jacques-Chaban-Delmas von der Terrasse der Cit\u00e9 du Vin aus gesehen\" aria-describedby=\"gallery-5-871\" \/><\/a>\n\t\t\t<\/div>\n\t\t\t\t<figcaption class='wp-caption-text gallery-caption' id='gallery-5-871'>\n\t\t\t\tBlick auf die Pont Jacques-Chaban-Delmas von der Terrasse der Cit\u00e9 du Vin aus gesehen\n\t\t\t\t<\/figcaption><\/figure><figure class='gallery-item'>\n\t\t\t<div class='gallery-icon landscape'>\n\t\t\t\t<a href='https:\/\/coeser.de\/blog\/wp-content\/uploads\/2016\/09\/bordeaux-pont-jacques-chaban-delmas-gal09-christian-oeser.jpg' title=\"Blick auf den Quai de Bacalan, im Hintergrund die Innenstadt von Bordeaux\" data-rl_title=\"Blick auf den Quai de Bacalan, im Hintergrund die Innenstadt von Bordeaux\" class=\"rl-gallery-link\" data-rl_caption=\"Aufnahmeort anzeigen\" data-rel=\"lightbox-gallery-5\"><img loading=\"lazy\" decoding=\"async\" width=\"150\" height=\"150\" src=\"https:\/\/coeser.de\/blog\/wp-content\/uploads\/2016\/09\/bordeaux-pont-jacques-chaban-delmas-gal09-christian-oeser-150x150.jpg\" class=\"attachment-thumbnail size-thumbnail\" alt=\"Blick auf den Quai de Bacalan, im Hintergrund die Innenstadt von Bordeaux\" aria-describedby=\"gallery-5-872\" \/><\/a>\n\t\t\t<\/div>\n\t\t\t\t<figcaption class='wp-caption-text gallery-caption' id='gallery-5-872'>\n\t\t\t\tBlick auf den Quai de Bacalan, im Hintergrund die Innenstadt von Bordeaux\n\t\t\t\t<\/figcaption><\/figure><figure class='gallery-item'>\n\t\t\t<div class='gallery-icon landscape'>\n\t\t\t\t<a href='https:\/\/coeser.de\/blog\/wp-content\/uploads\/2016\/09\/bordeaux-pont-jacques-chaban-delmas-gal10-christian-oeser.jpg' title=\"Das Kreuzfahrtschiff Seabourn Legend (bekannt aus dem Film Speed 2) liegt im Hafen von Bordeaux\" data-rl_title=\"Das Kreuzfahrtschiff Seabourn Legend (bekannt aus dem Film Speed 2) liegt im Hafen von Bordeaux\" class=\"rl-gallery-link\" data-rl_caption=\"Aufnahmeort anzeigen\" data-rel=\"lightbox-gallery-5\"><img loading=\"lazy\" decoding=\"async\" width=\"150\" height=\"150\" src=\"https:\/\/coeser.de\/blog\/wp-content\/uploads\/2016\/09\/bordeaux-pont-jacques-chaban-delmas-gal10-christian-oeser-150x150.jpg\" class=\"attachment-thumbnail size-thumbnail\" alt=\"Das Kreuzfahrtschiff Seabourn Legend (bekannt aus dem Film Speed 2) liegt im Hafen von Bordeaux\" aria-describedby=\"gallery-5-873\" \/><\/a>\n\t\t\t<\/div>\n\t\t\t\t<figcaption class='wp-caption-text gallery-caption' id='gallery-5-873'>\n\t\t\t\tDas Kreuzfahrtschiff Seabourn Legend (bekannt aus dem Film Speed 2) liegt im Hafen von Bordeaux\n\t\t\t\t<\/figcaption><\/figure>\n\t\t<\/div>\n\n<\/div>\n<p>&nbsp;<\/p>\n<hr \/>\n<h2><img loading=\"lazy\" decoding=\"async\" class=\"alignnone size-full wp-image-18826\" src=\"https:\/\/coeser.de\/blog\/wp-content\/uploads\/2016\/11\/bordeaux-aufmacher7-cite-du-vin-christian-oeser.jpg\" alt=\"Moderne Architektur der Cit\u00e9 du Vin in Bordeaux\" width=\"970\" height=\"323\" srcset=\"https:\/\/coeser.de\/blog\/wp-content\/uploads\/2016\/11\/bordeaux-aufmacher7-cite-du-vin-christian-oeser.jpg 970w, https:\/\/coeser.de\/blog\/wp-content\/uploads\/2016\/11\/bordeaux-aufmacher7-cite-du-vin-christian-oeser-768x256.jpg 768w\" sizes=\"auto, (max-width: 970px) 100vw, 970px\" \/><\/h2>\n<h2>Wein und Architektur in der Cit\u00e9 du Vin<\/h2>\n<p>Als begeisterter Architekturfan war ich komplett aus dem H\u00e4uschen, als ich online gesehen habe, dass das Weinmuseum Cit\u00e9 du Vin zwei Wochen vor meiner Ankunft in Bordeaux seine Pforten \u00f6ffnen sollte (und es auch tat). Der ungew\u00f6hnliche, 55 Meter hohe Bau von XTU Architects spielt optisch gleich auf mehrere Dinge an: einen <em>Weinstock<\/em>, <em>Wein<\/em>, der in einem Glas geschwenkt wird sowie die <em>Str\u00f6mungen<\/em> in der daneben flie\u00dfenden Garonne. Im Inneren gibt es mehrere Themenschwerpunkte, die allesamt multimedial aufbereitet sind und zum Erkunden und Ausprobieren einladen.<\/p>\n<h3>Wein in der Cit\u00e9 du Vin erleben<\/h3>\n<p>Einige Beispiele: Pr\u00e4sentation der gr\u00f6\u00dften Weinbaugebiete der Welt, Kunst und Wein, Vorstellung besonderer Winzer, Details zur Geschichte des Weins und dessen historischer Transport per Schiff. Im Dachgeschoss besteht die M\u00f6glichkeit, aus einer Auswahl von 13 verschiedenen Weinen aus aller Welt zu probieren \u2013 <a href=\"https:\/\/www.getyourguide.de\/bordeaux-l287\/bordeaux-3-stunden-tour-und-weinprobe-in-der-cite-du-vin-t142686\/?partner_id=04M0MCT&amp;utm_medium=online_publisher&amp;placement=content-middle\" target=\"_blank\" rel=\"noopener\"><strong>ein Achterl ist im Eintrittspreis f\u00fcr die Cit\u00e9 du Vin inkludiert<\/strong><\/a>*. Einen Blick sollte man auch in den riesigen Weinshop im Erdgeschoss werfen, der ebenfalls architektonisch sehr ansprechend gestaltet ist. Ich bin \u00fcberzeugt, dass die Cit\u00e9 du Vin recht schnell zu einem weiteren Wahrzeichen der Stadt aufsteigen wird. Erg\u00e4nzen k\u00f6nnt ihr euer Erlebnis nach der Weinwelt dann noch mit einer <a href=\"https:\/\/www.getyourguide.de\/bordeaux-l287\/bordeaux-fahren-sie-mit-einem-glas-wein-entlang-der-garonne-t394780\/?partner_id=04M0MCT&amp;utm_medium=online_publisher&amp;placement=content-middle\" target=\"_blank\" rel=\"noopener noreferrer\"><strong>Schifffahrt auf der Garonne mit einer Weinprobe<\/strong><\/a>*.<\/p>\n<figure id=\"attachment_874\" class=\"thumbnail wp-caption alignnone\" style=\"width: 1034px\"><img loading=\"lazy\" decoding=\"async\" class=\"wp-image-874 size-full\" src=\"https:\/\/coeser.de\/blog\/wp-content\/uploads\/2016\/09\/bordeaux-cite-du-vin-gal01-christian-oeser.jpg\" alt=\"Au\u00dfenansicht der Cit\u00e9 du Vin in Bordeaux\" width=\"1024\" height=\"683\" srcset=\"https:\/\/coeser.de\/blog\/wp-content\/uploads\/2016\/09\/bordeaux-cite-du-vin-gal01-christian-oeser.jpg 1024w, https:\/\/coeser.de\/blog\/wp-content\/uploads\/2016\/09\/bordeaux-cite-du-vin-gal01-christian-oeser-300x200.jpg 300w, https:\/\/coeser.de\/blog\/wp-content\/uploads\/2016\/09\/bordeaux-cite-du-vin-gal01-christian-oeser-768x512.jpg 768w, https:\/\/coeser.de\/blog\/wp-content\/uploads\/2016\/09\/bordeaux-cite-du-vin-gal01-christian-oeser-330x220.jpg 330w\" sizes=\"auto, (max-width: 1024px) 100vw, 1024px\" \/><figcaption class=\"caption wp-caption-text\">Au\u00dfenansicht der Cit\u00e9 du Vin<br \/><a href=\"https:\/\/www.google.de\/maps\/place\/44.862545,-0.550883\" target=\"_blank\" rel=\"noopener\">Aufnahmeort anzeigen<\/a><\/figcaption><\/figure>\n<figure id=\"attachment_876\" class=\"thumbnail wp-caption alignnone\" style=\"width: 1034px\"><img loading=\"lazy\" decoding=\"async\" class=\"wp-image-876 size-full\" src=\"https:\/\/coeser.de\/blog\/wp-content\/uploads\/2016\/09\/bordeaux-cite-du-vin-gal03-christian-oeser.jpg\" alt=\"Vinothek in der Cit\u00e9 du Vin in Bordeaux\" width=\"1024\" height=\"683\" srcset=\"https:\/\/coeser.de\/blog\/wp-content\/uploads\/2016\/09\/bordeaux-cite-du-vin-gal03-christian-oeser.jpg 1024w, https:\/\/coeser.de\/blog\/wp-content\/uploads\/2016\/09\/bordeaux-cite-du-vin-gal03-christian-oeser-300x200.jpg 300w, https:\/\/coeser.de\/blog\/wp-content\/uploads\/2016\/09\/bordeaux-cite-du-vin-gal03-christian-oeser-768x512.jpg 768w, https:\/\/coeser.de\/blog\/wp-content\/uploads\/2016\/09\/bordeaux-cite-du-vin-gal03-christian-oeser-330x220.jpg 330w\" sizes=\"auto, (max-width: 1024px) 100vw, 1024px\" \/><figcaption class=\"caption wp-caption-text\">Vinothek in der Cit\u00e9 du Vin<br \/><a href=\"https:\/\/www.google.de\/maps\/place\/44.862244,-0.550073\" target=\"_blank\" rel=\"noopener\">Aufnahmeort anzeigen<\/a><\/figcaption><\/figure>\n<figure id=\"attachment_877\" class=\"thumbnail wp-caption alignnone\" style=\"width: 1034px\"><img loading=\"lazy\" decoding=\"async\" class=\"wp-image-877 size-full\" src=\"https:\/\/coeser.de\/blog\/wp-content\/uploads\/2016\/09\/bordeaux-cite-du-vin-gal04-christian-oeser.jpg\" alt=\"Vinothek in der Cit\u00e9 du Vin in Bordeaux\" width=\"1024\" height=\"683\" srcset=\"https:\/\/coeser.de\/blog\/wp-content\/uploads\/2016\/09\/bordeaux-cite-du-vin-gal04-christian-oeser.jpg 1024w, https:\/\/coeser.de\/blog\/wp-content\/uploads\/2016\/09\/bordeaux-cite-du-vin-gal04-christian-oeser-300x200.jpg 300w, https:\/\/coeser.de\/blog\/wp-content\/uploads\/2016\/09\/bordeaux-cite-du-vin-gal04-christian-oeser-768x512.jpg 768w, https:\/\/coeser.de\/blog\/wp-content\/uploads\/2016\/09\/bordeaux-cite-du-vin-gal04-christian-oeser-330x220.jpg 330w\" sizes=\"auto, (max-width: 1024px) 100vw, 1024px\" \/><figcaption class=\"caption wp-caption-text\">Vinothek in der Cit\u00e9 du Vin<br \/><a href=\"https:\/\/www.google.de\/maps\/place\/44.862244,-0.550073\" target=\"_blank\" rel=\"noopener\">Aufnahmeort anzeigen<\/a><\/figcaption><\/figure>\n<figure id=\"attachment_879\" class=\"thumbnail wp-caption alignnone\" style=\"width: 1034px\"><img loading=\"lazy\" decoding=\"async\" class=\"wp-image-879 size-full\" src=\"https:\/\/coeser.de\/blog\/wp-content\/uploads\/2016\/09\/bordeaux-cite-du-vin-gal06-christian-oeser.jpg\" alt=\"Vortragssaal in der Cit\u00e9 du Vin in Bordeaux\" width=\"1024\" height=\"683\" srcset=\"https:\/\/coeser.de\/blog\/wp-content\/uploads\/2016\/09\/bordeaux-cite-du-vin-gal06-christian-oeser.jpg 1024w, https:\/\/coeser.de\/blog\/wp-content\/uploads\/2016\/09\/bordeaux-cite-du-vin-gal06-christian-oeser-300x200.jpg 300w, https:\/\/coeser.de\/blog\/wp-content\/uploads\/2016\/09\/bordeaux-cite-du-vin-gal06-christian-oeser-768x512.jpg 768w, https:\/\/coeser.de\/blog\/wp-content\/uploads\/2016\/09\/bordeaux-cite-du-vin-gal06-christian-oeser-330x220.jpg 330w\" sizes=\"auto, (max-width: 1024px) 100vw, 1024px\" \/><figcaption class=\"caption wp-caption-text\">Vortragssaal in der Cit\u00e9 du Vin<br \/><a href=\"https:\/\/www.google.de\/maps\/place\/44.862244,-0.550073\" target=\"_blank\" rel=\"noopener\">Aufnahmeort anzeigen<\/a><\/figcaption><\/figure>\n<figure id=\"attachment_881\" class=\"thumbnail wp-caption alignnone\" style=\"width: 1034px\"><img loading=\"lazy\" decoding=\"async\" class=\"wp-image-881 size-full\" src=\"https:\/\/coeser.de\/blog\/wp-content\/uploads\/2016\/09\/bordeaux-cite-du-vin-gal08-christian-oeser.jpg\" alt=\"Ausstellungsbereich in der Cit\u00e9 du Vin in Bordeaux\" width=\"1024\" height=\"683\" srcset=\"https:\/\/coeser.de\/blog\/wp-content\/uploads\/2016\/09\/bordeaux-cite-du-vin-gal08-christian-oeser.jpg 1024w, https:\/\/coeser.de\/blog\/wp-content\/uploads\/2016\/09\/bordeaux-cite-du-vin-gal08-christian-oeser-300x200.jpg 300w, https:\/\/coeser.de\/blog\/wp-content\/uploads\/2016\/09\/bordeaux-cite-du-vin-gal08-christian-oeser-768x512.jpg 768w, https:\/\/coeser.de\/blog\/wp-content\/uploads\/2016\/09\/bordeaux-cite-du-vin-gal08-christian-oeser-330x220.jpg 330w\" sizes=\"auto, (max-width: 1024px) 100vw, 1024px\" \/><figcaption class=\"caption wp-caption-text\">Ausstellungsbereich in der Cit\u00e9 du Vin<br \/><a href=\"https:\/\/www.google.de\/maps\/place\/44.862244,-0.550073\" target=\"_blank\" rel=\"noopener\">Aufnahmeort anzeigen<\/a><\/figcaption><\/figure>\n<figure id=\"attachment_886\" class=\"thumbnail wp-caption alignnone\" style=\"width: 1034px\"><img loading=\"lazy\" decoding=\"async\" class=\"wp-image-886 size-full\" src=\"https:\/\/coeser.de\/blog\/wp-content\/uploads\/2016\/09\/bordeaux-cite-du-vin-gal13-christian-oeser.jpg\" alt=\"Ausstellungsbereich in der Cit\u00e9 du Vin in Bordeaux\" width=\"1024\" height=\"683\" srcset=\"https:\/\/coeser.de\/blog\/wp-content\/uploads\/2016\/09\/bordeaux-cite-du-vin-gal13-christian-oeser.jpg 1024w, https:\/\/coeser.de\/blog\/wp-content\/uploads\/2016\/09\/bordeaux-cite-du-vin-gal13-christian-oeser-300x200.jpg 300w, https:\/\/coeser.de\/blog\/wp-content\/uploads\/2016\/09\/bordeaux-cite-du-vin-gal13-christian-oeser-768x512.jpg 768w, https:\/\/coeser.de\/blog\/wp-content\/uploads\/2016\/09\/bordeaux-cite-du-vin-gal13-christian-oeser-330x220.jpg 330w\" sizes=\"auto, (max-width: 1024px) 100vw, 1024px\" \/><figcaption class=\"caption wp-caption-text\">Ausstellungsbereich in der Cit\u00e9 du Vin<br \/><a href=\"https:\/\/www.google.de\/maps\/place\/44.862244,-0.550073\" target=\"_blank\" rel=\"noopener\">Aufnahmeort anzeigen<\/a><\/figcaption><\/figure>\n<figure id=\"attachment_887\" class=\"thumbnail wp-caption alignnone\" style=\"width: 1034px\"><img loading=\"lazy\" decoding=\"async\" class=\"wp-image-887 size-full\" src=\"https:\/\/coeser.de\/blog\/wp-content\/uploads\/2016\/09\/bordeaux-cite-du-vin-gal14-christian-oeser.jpg\" alt=\"Dachterrasse mit Bar in der Cit\u00e9 du Vin in Bordeaux\" width=\"1024\" height=\"683\" srcset=\"https:\/\/coeser.de\/blog\/wp-content\/uploads\/2016\/09\/bordeaux-cite-du-vin-gal14-christian-oeser.jpg 1024w, https:\/\/coeser.de\/blog\/wp-content\/uploads\/2016\/09\/bordeaux-cite-du-vin-gal14-christian-oeser-300x200.jpg 300w, https:\/\/coeser.de\/blog\/wp-content\/uploads\/2016\/09\/bordeaux-cite-du-vin-gal14-christian-oeser-768x512.jpg 768w, https:\/\/coeser.de\/blog\/wp-content\/uploads\/2016\/09\/bordeaux-cite-du-vin-gal14-christian-oeser-330x220.jpg 330w\" sizes=\"auto, (max-width: 1024px) 100vw, 1024px\" \/><figcaption class=\"caption wp-caption-text\">Dachterrasse mit Bar in der Cit\u00e9 du Vin<br \/><a href=\"https:\/\/www.google.de\/maps\/place\/44.862244,-0.550073\" target=\"_blank\" rel=\"noopener\">Aufnahmeort anzeigen<\/a><\/figcaption><\/figure>\n<div class=\"fotospots\">\n<h3>Weitere Fotospots<\/h3>\n<div id='gallery-6' class='gallery galleryid-566 gallery-columns-7 gallery-size-thumbnail'><figure class='gallery-item'>\n\t\t\t<div class='gallery-icon landscape'>\n\t\t\t\t<a href='https:\/\/coeser.de\/blog\/wp-content\/uploads\/2016\/09\/bordeaux-cite-du-vin-gal05-christian-oeser.jpg' title=\"Vinothek in der Cit\u00e9 du Vin\" data-rl_title=\"Vinothek in der Cit\u00e9 du Vin\" class=\"rl-gallery-link\" data-rl_caption=\"Aufnahmeort anzeigen\" data-rel=\"lightbox-gallery-6\"><img loading=\"lazy\" decoding=\"async\" width=\"150\" height=\"150\" src=\"https:\/\/coeser.de\/blog\/wp-content\/uploads\/2016\/09\/bordeaux-cite-du-vin-gal05-christian-oeser-150x150.jpg\" class=\"attachment-thumbnail size-thumbnail\" alt=\"Vinothek in der Cit\u00e9 du Vin\" aria-describedby=\"gallery-6-878\" \/><\/a>\n\t\t\t<\/div>\n\t\t\t\t<figcaption class='wp-caption-text gallery-caption' id='gallery-6-878'>\n\t\t\t\tVinothek in der Cit\u00e9 du Vin\n\t\t\t\t<\/figcaption><\/figure><figure class='gallery-item'>\n\t\t\t<div class='gallery-icon landscape'>\n\t\t\t\t<a href='https:\/\/coeser.de\/blog\/wp-content\/uploads\/2016\/09\/bordeaux-cite-du-vin-gal07-christian-oeser.jpg' title=\"Ausstellungsbereich in der Cit\u00e9 du Vin\" data-rl_title=\"Ausstellungsbereich in der Cit\u00e9 du Vin\" class=\"rl-gallery-link\" data-rl_caption=\"Aufnahmeort anzeigen\" data-rel=\"lightbox-gallery-6\"><img loading=\"lazy\" decoding=\"async\" width=\"150\" height=\"150\" src=\"https:\/\/coeser.de\/blog\/wp-content\/uploads\/2016\/09\/bordeaux-cite-du-vin-gal07-christian-oeser-150x150.jpg\" class=\"attachment-thumbnail size-thumbnail\" alt=\"Ausstellungsbereich in der Cit\u00e9 du Vin\" aria-describedby=\"gallery-6-880\" \/><\/a>\n\t\t\t<\/div>\n\t\t\t\t<figcaption class='wp-caption-text gallery-caption' id='gallery-6-880'>\n\t\t\t\tAusstellungsbereich in der Cit\u00e9 du Vin\n\t\t\t\t<\/figcaption><\/figure><figure class='gallery-item'>\n\t\t\t<div class='gallery-icon landscape'>\n\t\t\t\t<a href='https:\/\/coeser.de\/blog\/wp-content\/uploads\/2016\/09\/bordeaux-cite-du-vin-gal09-christian-oeser.jpg' title=\"Ausstellungsbereich in der Cit\u00e9 du Vin\" data-rl_title=\"Ausstellungsbereich in der Cit\u00e9 du Vin\" class=\"rl-gallery-link\" data-rl_caption=\"Aufnahmeort anzeigen\" data-rel=\"lightbox-gallery-6\"><img loading=\"lazy\" decoding=\"async\" width=\"150\" height=\"150\" src=\"https:\/\/coeser.de\/blog\/wp-content\/uploads\/2016\/09\/bordeaux-cite-du-vin-gal09-christian-oeser-150x150.jpg\" class=\"attachment-thumbnail size-thumbnail\" alt=\"Ausstellungsbereich in der Cit\u00e9 du Vin\" aria-describedby=\"gallery-6-882\" \/><\/a>\n\t\t\t<\/div>\n\t\t\t\t<figcaption class='wp-caption-text gallery-caption' id='gallery-6-882'>\n\t\t\t\tAusstellungsbereich in der Cit\u00e9 du Vin\n\t\t\t\t<\/figcaption><\/figure><figure class='gallery-item'>\n\t\t\t<div class='gallery-icon landscape'>\n\t\t\t\t<a href='https:\/\/coeser.de\/blog\/wp-content\/uploads\/2016\/09\/bordeaux-cite-du-vin-gal11-christian-oeser.jpg' title=\"Ausstellungsbereich in der Cit\u00e9 du Vin\" data-rl_title=\"Ausstellungsbereich in der Cit\u00e9 du Vin\" class=\"rl-gallery-link\" data-rl_caption=\"Aufnahmeort anzeigen\" data-rel=\"lightbox-gallery-6\"><img loading=\"lazy\" decoding=\"async\" width=\"150\" height=\"150\" src=\"https:\/\/coeser.de\/blog\/wp-content\/uploads\/2016\/09\/bordeaux-cite-du-vin-gal11-christian-oeser-150x150.jpg\" class=\"attachment-thumbnail size-thumbnail\" alt=\"Ausstellungsbereich in der Cit\u00e9 du Vin\" aria-describedby=\"gallery-6-884\" \/><\/a>\n\t\t\t<\/div>\n\t\t\t\t<figcaption class='wp-caption-text gallery-caption' id='gallery-6-884'>\n\t\t\t\tAusstellungsbereich in der Cit\u00e9 du Vin\n\t\t\t\t<\/figcaption><\/figure><figure class='gallery-item'>\n\t\t\t<div class='gallery-icon landscape'>\n\t\t\t\t<a href='https:\/\/coeser.de\/blog\/wp-content\/uploads\/2016\/09\/bordeaux-cite-du-vin-gal12-christian-oeser.jpg' title=\"Ausstellungsbereich in der Cit\u00e9 du Vin\" data-rl_title=\"Ausstellungsbereich in der Cit\u00e9 du Vin\" class=\"rl-gallery-link\" data-rl_caption=\"Aufnahmeort anzeigen\" data-rel=\"lightbox-gallery-6\"><img loading=\"lazy\" decoding=\"async\" width=\"150\" height=\"150\" src=\"https:\/\/coeser.de\/blog\/wp-content\/uploads\/2016\/09\/bordeaux-cite-du-vin-gal12-christian-oeser-150x150.jpg\" class=\"attachment-thumbnail size-thumbnail\" alt=\"Ausstellungsbereich in der Cit\u00e9 du Vin\" aria-describedby=\"gallery-6-885\" \/><\/a>\n\t\t\t<\/div>\n\t\t\t\t<figcaption class='wp-caption-text gallery-caption' id='gallery-6-885'>\n\t\t\t\tAusstellungsbereich in der Cit\u00e9 du Vin\n\t\t\t\t<\/figcaption><\/figure><figure class='gallery-item'>\n\t\t\t<div class='gallery-icon landscape'>\n\t\t\t\t<a href='https:\/\/coeser.de\/blog\/wp-content\/uploads\/2016\/09\/bordeaux-cite-du-vin-gal15-christian-oeser.jpg' title=\"Deckenverzierung mit Weinflaschen in der Cit\u00e9 du Vin\" data-rl_title=\"Deckenverzierung mit Weinflaschen in der Cit\u00e9 du Vin\" class=\"rl-gallery-link\" data-rl_caption=\"Aufnahmeort anzeigen\" data-rel=\"lightbox-gallery-6\"><img loading=\"lazy\" decoding=\"async\" width=\"150\" height=\"150\" src=\"https:\/\/coeser.de\/blog\/wp-content\/uploads\/2016\/09\/bordeaux-cite-du-vin-gal15-christian-oeser-150x150.jpg\" class=\"attachment-thumbnail size-thumbnail\" alt=\"Deckenverzierung mit Weinflaschen in der Cit\u00e9 du Vin\" aria-describedby=\"gallery-6-888\" \/><\/a>\n\t\t\t<\/div>\n\t\t\t\t<figcaption class='wp-caption-text gallery-caption' id='gallery-6-888'>\n\t\t\t\tDeckenverzierung mit Weinflaschen in der Cit\u00e9 du Vin\n\t\t\t\t<\/figcaption><\/figure><figure class='gallery-item'>\n\t\t\t<div class='gallery-icon portrait'>\n\t\t\t\t<a href='https:\/\/coeser.de\/blog\/wp-content\/uploads\/2016\/09\/bordeaux-cite-du-vin-gal17-christian-oeser.jpg' title=\"Die Stra\u00dfenbahnlinie B in der Station Cit\u00e9 du Vin vor dem gleichnamigen Museum\" data-rl_title=\"Die Stra\u00dfenbahnlinie B in der Station Cit\u00e9 du Vin vor dem gleichnamigen Museum\" class=\"rl-gallery-link\" data-rl_caption=\"Aufnahmeort anzeigen\" data-rel=\"lightbox-gallery-6\"><img loading=\"lazy\" decoding=\"async\" width=\"150\" height=\"150\" src=\"https:\/\/coeser.de\/blog\/wp-content\/uploads\/2016\/09\/bordeaux-cite-du-vin-gal17-christian-oeser-150x150.jpg\" class=\"attachment-thumbnail size-thumbnail\" alt=\"Die Stra\u00dfenbahnlinie B in der Station Cit\u00e9 du Vin vor dem gleichnamigen Museum\" aria-describedby=\"gallery-6-914\" \/><\/a>\n\t\t\t<\/div>\n\t\t\t\t<figcaption class='wp-caption-text gallery-caption' id='gallery-6-914'>\n\t\t\t\tDie Stra\u00dfenbahnlinie B in der Station Cit\u00e9 du Vin vor dem gleichnamigen Museum\n\t\t\t\t<\/figcaption><\/figure>\n\t\t<\/div>\n\n<\/div>\n<p>&nbsp;<\/p>\n<hr \/>\n<h2><img loading=\"lazy\" decoding=\"async\" class=\"alignnone size-full wp-image-18827\" src=\"https:\/\/coeser.de\/blog\/wp-content\/uploads\/2016\/11\/bordeaux-aufmacher8-euro2016-stadion-christian-oeser.jpg\" alt=\"Panorama des Stadion Matmut-Atlantique in Bordeaux\" width=\"970\" height=\"323\" srcset=\"https:\/\/coeser.de\/blog\/wp-content\/uploads\/2016\/11\/bordeaux-aufmacher8-euro2016-stadion-christian-oeser.jpg 970w, https:\/\/coeser.de\/blog\/wp-content\/uploads\/2016\/11\/bordeaux-aufmacher8-euro2016-stadion-christian-oeser-768x256.jpg 768w\" sizes=\"auto, (max-width: 970px) 100vw, 970px\" \/><\/h2>\n<h2>EURO 2016: \u00d6sterreich &#8211; Ungarn<\/h2>\n<p>Am 14. Juni 2016 ging es zum ersten Vorrundenspiel \u00d6sterreichs gegen Ungarn (0:2). Das neue Stadion Matmut-Atlantique steht im Norden der Stadt und wurde erst 2015 er\u00f6ffnet. Die Anreise ist entweder direkt mit der Stra\u00dfenbahn C (Station\u00a0<em>Parc des Expositions<\/em>) oder mit der Stra\u00dfenbahn B (Station\u00a0<em>La Cit\u00e9 du Vin<\/em>, danach per Shuttlebus weiter zum Stadion). Mich hat die Architektur wieder vollstens in den Bann gezogen, auffallend sind die Dutzenden Stelzen an der Au\u00dfenseite und die wei\u00dfe Farbgebung im gesamten Stadion.<\/p>\n<h3>Das Klo-Gate<\/h3>\n<p>Nachdem im Au\u00dfenbereich nirgends mobile Toiletten aufgestellt wurden, ergab sich das ironische Bild von M\u00e4nnern, die sich auf das Logo der EURO 2016 erleichterten. \ud83d\ude09 Das &#8222;Klo-Desaster&#8220; setzte sich im Innenbereich mit langen Warteschlangen fort, ich habe noch nie so unterdimensionierte WC-Anlagen in einem Stadion erlebt. Die Sicht auf das Spielfeld ist genial, ich war im zweiten Rang hinter dem Tor untergebracht. Etwas mulmig wurde mir w\u00e4hrend des Spiels nur, wenn der Block der \u00d6sterreichischen Fans am H\u00fcpfen war \u2013 dabei schwankte der gesamte Oberrang heftig mit &#8230;<\/p>\n<figure id=\"attachment_899\" class=\"thumbnail wp-caption alignnone\" style=\"width: 1034px\"><img loading=\"lazy\" decoding=\"async\" class=\"wp-image-899 size-full\" src=\"https:\/\/coeser.de\/blog\/wp-content\/uploads\/2016\/09\/bordeaux-stade-matmut-atlantique-gal10-christian-oeser.jpg\" alt=\"Au\u00dfenansicht des Stadions Matmut-Atlantique in Bordeaux\" width=\"1024\" height=\"768\" srcset=\"https:\/\/coeser.de\/blog\/wp-content\/uploads\/2016\/09\/bordeaux-stade-matmut-atlantique-gal10-christian-oeser.jpg 1024w, https:\/\/coeser.de\/blog\/wp-content\/uploads\/2016\/09\/bordeaux-stade-matmut-atlantique-gal10-christian-oeser-300x225.jpg 300w, https:\/\/coeser.de\/blog\/wp-content\/uploads\/2016\/09\/bordeaux-stade-matmut-atlantique-gal10-christian-oeser-768x576.jpg 768w, https:\/\/coeser.de\/blog\/wp-content\/uploads\/2016\/09\/bordeaux-stade-matmut-atlantique-gal10-christian-oeser-640x480.jpg 640w\" sizes=\"auto, (max-width: 1024px) 100vw, 1024px\" \/><figcaption class=\"caption wp-caption-text\">Au\u00dfenansicht des Stadions Matmut-Atlantique<br \/><a href=\"https:\/\/www.google.de\/maps\/place\/44.896129,-0.563197\" target=\"_blank\" rel=\"noopener\">Aufnahmeort anzeigen<\/a><\/figcaption><\/figure>\n<figure id=\"attachment_898\" class=\"thumbnail wp-caption alignnone\" style=\"width: 1034px\"><img loading=\"lazy\" decoding=\"async\" class=\"wp-image-898 size-full\" src=\"https:\/\/coeser.de\/blog\/wp-content\/uploads\/2016\/09\/bordeaux-stade-matmut-atlantique-gal09-christian-oeser.jpg\" alt=\"Panorama und Innenansicht des Stadions Matmut-Atlantique in Bordeaux\" width=\"1024\" height=\"380\" srcset=\"https:\/\/coeser.de\/blog\/wp-content\/uploads\/2016\/09\/bordeaux-stade-matmut-atlantique-gal09-christian-oeser.jpg 1024w, https:\/\/coeser.de\/blog\/wp-content\/uploads\/2016\/09\/bordeaux-stade-matmut-atlantique-gal09-christian-oeser-300x111.jpg 300w, https:\/\/coeser.de\/blog\/wp-content\/uploads\/2016\/09\/bordeaux-stade-matmut-atlantique-gal09-christian-oeser-768x285.jpg 768w\" sizes=\"auto, (max-width: 1024px) 100vw, 1024px\" \/><figcaption class=\"caption wp-caption-text\">Innenansicht des Stadions Matmut-Atlantique<br \/><a href=\"https:\/\/www.google.de\/maps\/place\/44.898109,-0.561041\" target=\"_blank\" rel=\"noopener\">Aufnahmeort anzeigen<\/a><\/figcaption><\/figure>\n<div class=\"fotospots\">\n<h3>Weitere Fotospots<\/h3>\n<div id='gallery-7' class='gallery galleryid-566 gallery-columns-7 gallery-size-thumbnail'><figure class='gallery-item'>\n\t\t\t<div class='gallery-icon landscape'>\n\t\t\t\t<a href='https:\/\/coeser.de\/blog\/wp-content\/uploads\/2016\/09\/bordeaux-stade-matmut-atlantique-gal01-christian-oeser.jpg' title=\"Fans auf dem Weg zum Stadion Matmut-Atlantique\" data-rl_title=\"Fans auf dem Weg zum Stadion Matmut-Atlantique\" class=\"rl-gallery-link\" data-rl_caption=\"Aufnahmeort anzeigen\" data-rel=\"lightbox-gallery-7\"><img loading=\"lazy\" decoding=\"async\" width=\"150\" height=\"150\" src=\"https:\/\/coeser.de\/blog\/wp-content\/uploads\/2016\/09\/bordeaux-stade-matmut-atlantique-gal01-christian-oeser-150x150.jpg\" class=\"attachment-thumbnail size-thumbnail\" alt=\"Fans auf dem Weg zum Stadion Matmut-Atlantique\" aria-describedby=\"gallery-7-890\" \/><\/a>\n\t\t\t<\/div>\n\t\t\t\t<figcaption class='wp-caption-text gallery-caption' id='gallery-7-890'>\n\t\t\t\tFans auf dem Weg zum Stadion Matmut-Atlantique\n\t\t\t\t<\/figcaption><\/figure><figure class='gallery-item'>\n\t\t\t<div class='gallery-icon landscape'>\n\t\t\t\t<a href='https:\/\/coeser.de\/blog\/wp-content\/uploads\/2016\/09\/bordeaux-stade-matmut-atlantique-gal03-christian-oeser.jpg' title=\"Zugang zum Stadion Matmut-Atlantique\" data-rl_title=\"Zugang zum Stadion Matmut-Atlantique\" class=\"rl-gallery-link\" data-rl_caption=\"Aufnahmeort anzeigen\" data-rel=\"lightbox-gallery-7\"><img loading=\"lazy\" decoding=\"async\" width=\"150\" height=\"150\" src=\"https:\/\/coeser.de\/blog\/wp-content\/uploads\/2016\/09\/bordeaux-stade-matmut-atlantique-gal03-christian-oeser-150x150.jpg\" class=\"attachment-thumbnail size-thumbnail\" alt=\"Zugang zum Stadion Matmut-Atlantique\" aria-describedby=\"gallery-7-892\" \/><\/a>\n\t\t\t<\/div>\n\t\t\t\t<figcaption class='wp-caption-text gallery-caption' id='gallery-7-892'>\n\t\t\t\tZugang zum Stadion Matmut-Atlantique\n\t\t\t\t<\/figcaption><\/figure><figure class='gallery-item'>\n\t\t\t<div class='gallery-icon landscape'>\n\t\t\t\t<a href='https:\/\/coeser.de\/blog\/wp-content\/uploads\/2016\/09\/bordeaux-stade-matmut-atlantique-gal04-christian-oeser.jpg' title=\"Innenansicht des Stadions Matmut-Atlantique\" data-rl_title=\"Innenansicht des Stadions Matmut-Atlantique\" class=\"rl-gallery-link\" data-rl_caption=\"Aufnahmeort anzeigen\" data-rel=\"lightbox-gallery-7\"><img loading=\"lazy\" decoding=\"async\" width=\"150\" height=\"150\" src=\"https:\/\/coeser.de\/blog\/wp-content\/uploads\/2016\/09\/bordeaux-stade-matmut-atlantique-gal04-christian-oeser-150x150.jpg\" class=\"attachment-thumbnail size-thumbnail\" alt=\"Innenansicht des Stadions Matmut-Atlantique\" aria-describedby=\"gallery-7-893\" \/><\/a>\n\t\t\t<\/div>\n\t\t\t\t<figcaption class='wp-caption-text gallery-caption' id='gallery-7-893'>\n\t\t\t\tInnenansicht des  Stadions Matmut-Atlantique\n\t\t\t\t<\/figcaption><\/figure><figure class='gallery-item'>\n\t\t\t<div class='gallery-icon landscape'>\n\t\t\t\t<a href='https:\/\/coeser.de\/blog\/wp-content\/uploads\/2016\/09\/bordeaux-stade-matmut-atlantique-gal05-christian-oeser.jpg' title=\"Innenansicht des Stadions Matmut-Atlantique\" data-rl_title=\"Innenansicht des Stadions Matmut-Atlantique\" class=\"rl-gallery-link\" data-rl_caption=\"Aufnahmeort anzeigen\" data-rel=\"lightbox-gallery-7\"><img loading=\"lazy\" decoding=\"async\" width=\"150\" height=\"150\" src=\"https:\/\/coeser.de\/blog\/wp-content\/uploads\/2016\/09\/bordeaux-stade-matmut-atlantique-gal05-christian-oeser-150x150.jpg\" class=\"attachment-thumbnail size-thumbnail\" alt=\"Innenansicht des Stadions Matmut-Atlantique\" aria-describedby=\"gallery-7-894\" \/><\/a>\n\t\t\t<\/div>\n\t\t\t\t<figcaption class='wp-caption-text gallery-caption' id='gallery-7-894'>\n\t\t\t\tInnenansicht des  Stadions Matmut-Atlantique\n\t\t\t\t<\/figcaption><\/figure><figure class='gallery-item'>\n\t\t\t<div class='gallery-icon landscape'>\n\t\t\t\t<a href='https:\/\/coeser.de\/blog\/wp-content\/uploads\/2016\/09\/bordeaux-stade-matmut-atlantique-gal06-christian-oeser.jpg' title=\"Innenansicht des Stadions Matmut-Atlantique\" data-rl_title=\"Innenansicht des Stadions Matmut-Atlantique\" class=\"rl-gallery-link\" data-rl_caption=\"Aufnahmeort anzeigen\" data-rel=\"lightbox-gallery-7\"><img loading=\"lazy\" decoding=\"async\" width=\"150\" height=\"150\" src=\"https:\/\/coeser.de\/blog\/wp-content\/uploads\/2016\/09\/bordeaux-stade-matmut-atlantique-gal06-christian-oeser-150x150.jpg\" class=\"attachment-thumbnail size-thumbnail\" alt=\"Innenansicht des Stadions Matmut-Atlantique\" aria-describedby=\"gallery-7-895\" \/><\/a>\n\t\t\t<\/div>\n\t\t\t\t<figcaption class='wp-caption-text gallery-caption' id='gallery-7-895'>\n\t\t\t\tInnenansicht des  Stadions Matmut-Atlantique\n\t\t\t\t<\/figcaption><\/figure><figure class='gallery-item'>\n\t\t\t<div class='gallery-icon landscape'>\n\t\t\t\t<a href='https:\/\/coeser.de\/blog\/wp-content\/uploads\/2016\/09\/bordeaux-stade-matmut-atlantique-gal07-christian-oeser.jpg' title=\"Innenansicht des Stadions Matmut-Atlantique\" data-rl_title=\"Innenansicht des Stadions Matmut-Atlantique\" class=\"rl-gallery-link\" data-rl_caption=\"Aufnahmeort anzeigen\" data-rel=\"lightbox-gallery-7\"><img loading=\"lazy\" decoding=\"async\" width=\"150\" height=\"150\" src=\"https:\/\/coeser.de\/blog\/wp-content\/uploads\/2016\/09\/bordeaux-stade-matmut-atlantique-gal07-christian-oeser-150x150.jpg\" class=\"attachment-thumbnail size-thumbnail\" alt=\"Innenansicht des Stadions Matmut-Atlantique\" aria-describedby=\"gallery-7-896\" \/><\/a>\n\t\t\t<\/div>\n\t\t\t\t<figcaption class='wp-caption-text gallery-caption' id='gallery-7-896'>\n\t\t\t\tInnenansicht des  Stadions Matmut-Atlantique\n\t\t\t\t<\/figcaption><\/figure><figure class='gallery-item'>\n\t\t\t<div class='gallery-icon landscape'>\n\t\t\t\t<a href='https:\/\/coeser.de\/blog\/wp-content\/uploads\/2016\/09\/bordeaux-stade-matmut-atlantique-gal08-christian-oeser.jpg' title=\"Innenansicht des Stadions Matmut-Atlantique\" data-rl_title=\"Innenansicht des Stadions Matmut-Atlantique\" class=\"rl-gallery-link\" data-rl_caption=\"Aufnahmeort anzeigen\" data-rel=\"lightbox-gallery-7\"><img loading=\"lazy\" decoding=\"async\" width=\"150\" height=\"150\" src=\"https:\/\/coeser.de\/blog\/wp-content\/uploads\/2016\/09\/bordeaux-stade-matmut-atlantique-gal08-christian-oeser-150x150.jpg\" class=\"attachment-thumbnail size-thumbnail\" alt=\"Innenansicht des Stadions Matmut-Atlantique\" aria-describedby=\"gallery-7-897\" \/><\/a>\n\t\t\t<\/div>\n\t\t\t\t<figcaption class='wp-caption-text gallery-caption' id='gallery-7-897'>\n\t\t\t\tInnenansicht des  Stadions Matmut-Atlantique\n\t\t\t\t<\/figcaption><\/figure>\n\t\t<\/div>\n\n<\/div>\n<p>&nbsp;<\/p>\n<hr \/>\n<div class=\"tipps\">\n<h2>ALLGEMEINES ZU BORDEAUX<\/h2>\n<p>Dass die <strong>Suche nach einer Unterkunft<\/strong> f\u00fcr drei N\u00e4chte <strong>w\u00e4hrend der Europameisterschaft<\/strong> eine <strong>finanzielle Herausforderung<\/strong> werden w\u00fcrde, war mir schon klar. Eine Suche auf den Hotelplattformen HRS und <strong><a href=\"https:\/\/www.booking.com\/searchresults.de.html?city=-1413751&amp;aid=1634405&amp;no_rooms=1&amp;group_adults=1\" target=\"_blank\" rel=\"noopener noreferrer\">booking.com<\/a><\/strong>* hat mir schon Monate vor der Anreise gezeigt, dass nur noch extrem wenige Zimmer verf\u00fcgbar waren \u2013 und diese nat\u00fcrlich zu horrenden Preisen. Wir haben uns deshalb f\u00fcr Airbnb entschieden und eine Unterkunft in der <em>Rue de la Fusterie 24<\/em> gebucht. Es d\u00fcrfte sich um ein ehemaliges kleines Gesch\u00e4ftslokal handeln, das sehr stilvoll umgebaut wurde. Ich war von Anfang an trotz Lage im Erdgeschoss sehr begeistert und habe mich wirklich wohl gef\u00fchlt. Mit ausgezogener Couch bietet das Zimmer theoretisch vier Personen Platz, das ist aber schon etwas sehr beengt. Alles war sauber, hell, schnelles WLAN, gratis Kaffeekapseln, Satelliten-TV und K\u00fchlschrank.<\/p>\n<p>An <strong>\u00f6ffentlichen Verkehrsmitteln<\/strong> reichen die <strong>drei Stra\u00dfenbahnlinien A, B und C<\/strong> aus. Die Stra\u00dfenbahn f\u00e4hrt in Bordeaux erst seit Ende 2003 und weist eine Besonderheit auf. In den Innenstadtbereichen verkehren die Z\u00fcge ohne Oberleitung und werden durch eine Stromschiene zwischen den Gleisen mit Energie versorgt. In den Au\u00dfenbereichen der Stadt wird ein Stromabnehmer ausgeklappt und wieder konventionell mit Oberleitung gefahren. W\u00e4hrend der EURO 2016 gab es ein besonders g\u00fcnstiges Angebot f\u00fcr Fans, f\u00fcr nur drei Euro konnte man den ganzen Tag mit den Stra\u00dfenbahnen fahren. Der aktuelle Preis (Stand Oktober 2022) ist 5,- EUR f\u00fcr ein Tagesticket. Erw\u00e4hnenswert ist, dass im Preis auch die Miniboote auf der Garonne inkludiert sind. Infos zu Tickets und Netzpl\u00e4ne gibt es auf der Seite <strong><a href=\"https:\/\/www.infotbm.com\/en\/plans\" target=\"_blank\" rel=\"noopener noreferrer\">infotbm.com<\/a><\/strong>.<\/p>\n<p>Die <strong>Preise f\u00fcr Alkohol<\/strong> schwanken in Bordeaux ganz extrem. F\u00fcr Bier zahlt man fast \u00fcberall mindestens f\u00fcnf Euro, wobei nach oben scheinbar keine Grenzen gesetzt sind. Ich h\u00e4tte in einem Caf\u00e9 auch um 13 Euro ein gro\u00dfes Bier haben k\u00f6nnen \u2013 es wurde dann doch nur ein Espresso f\u00fcr schlappe 4,60 EUR. Einen Tipp f\u00fcr g\u00fcnstiges Bier habe ich aber: in der <strong>Vintage Bar<\/strong> (<em>45 Rue Saint James<\/em>) gibt es jeden Tag von 16-20 Uhr Happy Hour, Bier gibt es dann um rund drei Euro (was viel junges Publikum anlockt). In Bordeaux sollte man generell aber <strong>vom Bier Abstand nehmen<\/strong> und sich ganz dem <strong>hervorragenden Wein<\/strong> widmen. Egal wo wir einkehrten: der Hauswein war jedes Mal ein Genuss!<\/p>\n<p>Auch <strong>kulinarisch ist es anscheinend unm\u00f6glich, in Bordeaux etwas falsch zu machen<\/strong>. Wir haben es nicht einmal geschafft, schlecht oder durchschnittlich zu essen. \ud83d\ude09 Hier meine Empfehlungen: <strong>Le Palatium<\/strong> (<em><span class=\"_Xbe\">22 Cours Pasteur<\/span><\/em>, sehr gutes Lachsfilet und herrliche Cr\u00e8me br\u00fbl\u00e9e), <strong>Caf\u00e9 des Arts<\/strong> (<em>138 Cours Victor Hugo<\/em>, Austern zu humanen Preisen), <strong>Bistro Poulette<\/strong> (<em>March\u00e9 des Capucins\/Place des Capucins<\/em>, Miesmuscheln mit Pommes Frites), <strong>Chez Paulette<\/strong> (<span class=\"section-info-text\"><em>24 Rue Saint-R\u00e9mi<\/em>,<\/span> fantastisches Cassoulet!! Dabei handelt es sich um einen s\u00fcdfranz\u00f6sischen Bohneneintopf mit Bohnen, Speck, Schweinefleisch, W\u00fcrstchen und einer Entenkeule) und <strong>Le Bistro du Mus\u00e9e<\/strong> (<em>37 Place Pey Berland<\/em>, Zarte Lammhaxe mit K\u00fcrbisp\u00fcree und Kartoffelgratin). Untertags holt man sich am besten in einer der Dutzenden B\u00e4ckereien ein leckeres Baguette oder die lokale S\u00fc\u00dfspeise Canel\u00e9, ein relativ festes, aber trotzdem flaumiges Geb\u00e4ck, das nach Vanille und Rum schmeckt.<\/p>\n<div id='gallery-8' class='gallery galleryid-566 gallery-columns-7 gallery-size-thumbnail'><figure class='gallery-item'>\n\t\t\t<div class='gallery-icon landscape'>\n\t\t\t\t<a href='https:\/\/coeser.de\/blog\/wp-content\/uploads\/2016\/09\/bordeaux-allgemeine-tipps-gal02-christian-oeser.jpg' title=\"Meine Airbnb-Unterkunft in der Rue de la Fusterie 24 in Bordeaux\" data-rl_title=\"Meine Airbnb-Unterkunft in der Rue de la Fusterie 24 in Bordeaux\" class=\"rl-gallery-link\" data-rl_caption=\"Aufnahmeort anzeigen\" data-rel=\"lightbox-gallery-8\"><img loading=\"lazy\" decoding=\"async\" width=\"150\" height=\"150\" src=\"https:\/\/coeser.de\/blog\/wp-content\/uploads\/2016\/09\/bordeaux-allgemeine-tipps-gal02-christian-oeser-150x150.jpg\" class=\"attachment-thumbnail size-thumbnail\" alt=\"Meine Airbnb-Unterkunft in der Rue de la Fusterie 24 in Bordeaux\" aria-describedby=\"gallery-8-901\" \/><\/a>\n\t\t\t<\/div>\n\t\t\t\t<figcaption class='wp-caption-text gallery-caption' id='gallery-8-901'>\n\t\t\t\tMeine Airbnb-Unterkunft in der Rue de la Fusterie 24 in Bordeaux\n\t\t\t\t<\/figcaption><\/figure><figure class='gallery-item'>\n\t\t\t<div class='gallery-icon landscape'>\n\t\t\t\t<a href='https:\/\/coeser.de\/blog\/wp-content\/uploads\/2016\/09\/bordeaux-allgemeine-tipps-gal03-christian-oeser.jpg' title=\"Meine Airbnb-Unterkunft in der Rue de la Fusterie 24 in Bordeaux\" data-rl_title=\"Meine Airbnb-Unterkunft in der Rue de la Fusterie 24 in Bordeaux\" class=\"rl-gallery-link\" data-rl_caption=\"Aufnahmeort anzeigen\" data-rel=\"lightbox-gallery-8\"><img loading=\"lazy\" decoding=\"async\" width=\"150\" height=\"150\" src=\"https:\/\/coeser.de\/blog\/wp-content\/uploads\/2016\/09\/bordeaux-allgemeine-tipps-gal03-christian-oeser-150x150.jpg\" class=\"attachment-thumbnail size-thumbnail\" alt=\"Meine Airbnb-Unterkunft in der Rue de la Fusterie 24 in Bordeaux\" aria-describedby=\"gallery-8-902\" \/><\/a>\n\t\t\t<\/div>\n\t\t\t\t<figcaption class='wp-caption-text gallery-caption' id='gallery-8-902'>\n\t\t\t\tMeine Airbnb-Unterkunft in der Rue de la Fusterie 24 in Bordeaux\n\t\t\t\t<\/figcaption><\/figure><figure class='gallery-item'>\n\t\t\t<div class='gallery-icon portrait'>\n\t\t\t\t<a href='https:\/\/coeser.de\/blog\/wp-content\/uploads\/2016\/09\/bordeaux-allgemeine-tipps-gal04-christian-oeser.jpg' title=\"Meine Airbnb-Unterkunft in der Rue de la Fusterie 24 in Bordeaux\" data-rl_title=\"Meine Airbnb-Unterkunft in der Rue de la Fusterie 24 in Bordeaux\" class=\"rl-gallery-link\" data-rl_caption=\"Aufnahmeort anzeigen\" data-rel=\"lightbox-gallery-8\"><img loading=\"lazy\" decoding=\"async\" width=\"150\" height=\"150\" src=\"https:\/\/coeser.de\/blog\/wp-content\/uploads\/2016\/09\/bordeaux-allgemeine-tipps-gal04-christian-oeser-150x150.jpg\" class=\"attachment-thumbnail size-thumbnail\" alt=\"Meine Airbnb-Unterkunft in der Rue de la Fusterie 24 in Bordeaux\" aria-describedby=\"gallery-8-903\" \/><\/a>\n\t\t\t<\/div>\n\t\t\t\t<figcaption class='wp-caption-text gallery-caption' id='gallery-8-903'>\n\t\t\t\tMeine Airbnb-Unterkunft in der Rue de la Fusterie 24 in Bordeaux\n\t\t\t\t<\/figcaption><\/figure><figure class='gallery-item'>\n\t\t\t<div class='gallery-icon landscape'>\n\t\t\t\t<a href='https:\/\/coeser.de\/blog\/wp-content\/uploads\/2016\/09\/bordeaux-allgemeine-tipps-gal05-christian-oeser.jpg' title=\"Eine typische B\u00e4ckerei in Bordeaux\" data-rl_title=\"Eine typische B\u00e4ckerei in Bordeaux\" class=\"rl-gallery-link\" data-rl_caption=\"Aufnahmeort anzeigen\" data-rel=\"lightbox-gallery-8\"><img loading=\"lazy\" decoding=\"async\" width=\"150\" height=\"150\" src=\"https:\/\/coeser.de\/blog\/wp-content\/uploads\/2016\/09\/bordeaux-allgemeine-tipps-gal05-christian-oeser-150x150.jpg\" class=\"attachment-thumbnail size-thumbnail\" alt=\"Eine typische B\u00e4ckerei in Bordeaux\" aria-describedby=\"gallery-8-904\" \/><\/a>\n\t\t\t<\/div>\n\t\t\t\t<figcaption class='wp-caption-text gallery-caption' id='gallery-8-904'>\n\t\t\t\tEine typische B\u00e4ckerei in Bordeaux\n\t\t\t\t<\/figcaption><\/figure><figure class='gallery-item'>\n\t\t\t<div class='gallery-icon landscape'>\n\t\t\t\t<a href='https:\/\/coeser.de\/blog\/wp-content\/uploads\/2016\/09\/bordeaux-allgemeine-tipps-gal06-christian-oeser.jpg' title=\"Innenansicht der Vintage Bar\" data-rl_title=\"Innenansicht der Vintage Bar\" class=\"rl-gallery-link\" data-rl_caption=\"Aufnahmeort anzeigen\" data-rel=\"lightbox-gallery-8\"><img loading=\"lazy\" decoding=\"async\" width=\"150\" height=\"150\" src=\"https:\/\/coeser.de\/blog\/wp-content\/uploads\/2016\/09\/bordeaux-allgemeine-tipps-gal06-christian-oeser-150x150.jpg\" class=\"attachment-thumbnail size-thumbnail\" alt=\"Innenansicht der Vintage Bar\" aria-describedby=\"gallery-8-905\" \/><\/a>\n\t\t\t<\/div>\n\t\t\t\t<figcaption class='wp-caption-text gallery-caption' id='gallery-8-905'>\n\t\t\t\tInnenansicht der Vintage Bar\n\t\t\t\t<\/figcaption><\/figure><figure class='gallery-item'>\n\t\t\t<div class='gallery-icon landscape'>\n\t\t\t\t<a href='https:\/\/coeser.de\/blog\/wp-content\/uploads\/2016\/09\/bordeaux-allgemeine-tipps-gal07-christian-oeser.jpg' title=\"Lachsfilet im Restaurant Le Palatium\" data-rl_title=\"Lachsfilet im Restaurant Le Palatium\" class=\"rl-gallery-link\" data-rl_caption=\"Aufnahmeort anzeigen\" data-rel=\"lightbox-gallery-8\"><img loading=\"lazy\" decoding=\"async\" width=\"150\" height=\"150\" src=\"https:\/\/coeser.de\/blog\/wp-content\/uploads\/2016\/09\/bordeaux-allgemeine-tipps-gal07-christian-oeser-150x150.jpg\" class=\"attachment-thumbnail size-thumbnail\" alt=\"Lachsfilet im Restaurant Le Palatium\" aria-describedby=\"gallery-8-906\" \/><\/a>\n\t\t\t<\/div>\n\t\t\t\t<figcaption class='wp-caption-text gallery-caption' id='gallery-8-906'>\n\t\t\t\tLachsfilet im Restaurant Le Palatium\n\t\t\t\t<\/figcaption><\/figure><figure class='gallery-item'>\n\t\t\t<div class='gallery-icon landscape'>\n\t\t\t\t<a href='https:\/\/coeser.de\/blog\/wp-content\/uploads\/2016\/09\/bordeaux-allgemeine-tipps-gal08-christian-oeser.jpg' title=\"Cr\u00e8me br\u00fbl\u00e9e im Restaurant Le Palatium\" data-rl_title=\"Cr\u00e8me br\u00fbl\u00e9e im Restaurant Le Palatium\" class=\"rl-gallery-link\" data-rl_caption=\"Aufnahmeort anzeigen\" data-rel=\"lightbox-gallery-8\"><img loading=\"lazy\" decoding=\"async\" width=\"150\" height=\"150\" src=\"https:\/\/coeser.de\/blog\/wp-content\/uploads\/2016\/09\/bordeaux-allgemeine-tipps-gal08-christian-oeser-150x150.jpg\" class=\"attachment-thumbnail size-thumbnail\" alt=\"Cr\u00e8me br\u00fbl\u00e9e im Restaurant Le Palatium\" aria-describedby=\"gallery-8-907\" \/><\/a>\n\t\t\t<\/div>\n\t\t\t\t<figcaption class='wp-caption-text gallery-caption' id='gallery-8-907'>\n\t\t\t\tCr\u00e8me br\u00fbl\u00e9e im Restaurant Le Palatium\n\t\t\t\t<\/figcaption><\/figure><figure class='gallery-item'>\n\t\t\t<div class='gallery-icon landscape'>\n\t\t\t\t<a href='https:\/\/coeser.de\/blog\/wp-content\/uploads\/2016\/09\/bordeaux-allgemeine-tipps-gal09-christian-oeser.jpg' title=\"Stra\u00dfenbahn ohne Oberleitung\" data-rl_title=\"Stra\u00dfenbahn ohne Oberleitung\" class=\"rl-gallery-link\" data-rl_caption=\"Aufnahmeort anzeigen\" data-rel=\"lightbox-gallery-8\"><img loading=\"lazy\" decoding=\"async\" width=\"150\" height=\"150\" src=\"https:\/\/coeser.de\/blog\/wp-content\/uploads\/2016\/09\/bordeaux-allgemeine-tipps-gal09-christian-oeser-150x150.jpg\" class=\"attachment-thumbnail size-thumbnail\" alt=\"Stra\u00dfenbahn ohne Oberleitung\" aria-describedby=\"gallery-8-908\" \/><\/a>\n\t\t\t<\/div>\n\t\t\t\t<figcaption class='wp-caption-text gallery-caption' id='gallery-8-908'>\n\t\t\t\tStra\u00dfenbahn ohne Oberleitung\n\t\t\t\t<\/figcaption><\/figure><figure class='gallery-item'>\n\t\t\t<div class='gallery-icon landscape'>\n\t\t\t\t<a href='https:\/\/coeser.de\/blog\/wp-content\/uploads\/2016\/09\/bordeaux-allgemeine-tipps-gal10-christian-oeser.jpg' title=\"Die lokale S\u00fc\u00dfspeise Canel\u00e9\" data-rl_title=\"Die lokale S\u00fc\u00dfspeise Canel\u00e9\" class=\"rl-gallery-link\" data-rl_caption=\"Aufnahmeort anzeigen\" data-rel=\"lightbox-gallery-8\"><img loading=\"lazy\" decoding=\"async\" width=\"150\" height=\"150\" src=\"https:\/\/coeser.de\/blog\/wp-content\/uploads\/2016\/09\/bordeaux-allgemeine-tipps-gal10-christian-oeser-150x150.jpg\" class=\"attachment-thumbnail size-thumbnail\" alt=\"Die lokale S\u00fc\u00dfspeise Canel\u00e9\" aria-describedby=\"gallery-8-909\" \/><\/a>\n\t\t\t<\/div>\n\t\t\t\t<figcaption class='wp-caption-text gallery-caption' id='gallery-8-909'>\n\t\t\t\tDie lokale S\u00fc\u00dfspeise Canel\u00e9\n\t\t\t\t<\/figcaption><\/figure><figure class='gallery-item'>\n\t\t\t<div class='gallery-icon landscape'>\n\t\t\t\t<a href='https:\/\/coeser.de\/blog\/wp-content\/uploads\/2016\/09\/bordeaux-allgemeine-tipps-gal11-christian-oeser.jpg' title=\"Franz\u00f6sisches Baguette mit Schinken und K\u00e4se\" data-rl_title=\"Franz\u00f6sisches Baguette mit Schinken und K\u00e4se\" class=\"rl-gallery-link\" data-rl_caption=\"Aufnahmeort anzeigen\" data-rel=\"lightbox-gallery-8\"><img loading=\"lazy\" decoding=\"async\" width=\"150\" height=\"150\" src=\"https:\/\/coeser.de\/blog\/wp-content\/uploads\/2016\/09\/bordeaux-allgemeine-tipps-gal11-christian-oeser-150x150.jpg\" class=\"attachment-thumbnail size-thumbnail\" alt=\"Franz\u00f6sisches Baguette mit Schinken und K\u00e4se\" aria-describedby=\"gallery-8-910\" \/><\/a>\n\t\t\t<\/div>\n\t\t\t\t<figcaption class='wp-caption-text gallery-caption' id='gallery-8-910'>\n\t\t\t\tFranz\u00f6sisches Baguette mit Schinken und K\u00e4se\n\t\t\t\t<\/figcaption><\/figure><figure class='gallery-item'>\n\t\t\t<div class='gallery-icon landscape'>\n\t\t\t\t<a href='https:\/\/coeser.de\/blog\/wp-content\/uploads\/2016\/09\/bordeaux-allgemeine-tipps-gal12-christian-oeser.jpg' title=\"Austern im Restaurant Caf\u00e9 des Arts\" data-rl_title=\"Austern im Restaurant Caf\u00e9 des Arts\" class=\"rl-gallery-link\" data-rl_caption=\"Aufnahmeort anzeigen\" data-rel=\"lightbox-gallery-8\"><img loading=\"lazy\" decoding=\"async\" width=\"150\" height=\"150\" src=\"https:\/\/coeser.de\/blog\/wp-content\/uploads\/2016\/09\/bordeaux-allgemeine-tipps-gal12-christian-oeser-150x150.jpg\" class=\"attachment-thumbnail size-thumbnail\" alt=\"Austern im Restaurant Caf\u00e9 des Arts\" aria-describedby=\"gallery-8-911\" \/><\/a>\n\t\t\t<\/div>\n\t\t\t\t<figcaption class='wp-caption-text gallery-caption' id='gallery-8-911'>\n\t\t\t\tAustern im Restaurant Caf\u00e9 des Arts\n\t\t\t\t<\/figcaption><\/figure><figure class='gallery-item'>\n\t\t\t<div class='gallery-icon landscape'>\n\t\t\t\t<a href='https:\/\/coeser.de\/blog\/wp-content\/uploads\/2016\/09\/bordeaux-allgemeine-tipps-gal13-christian-oeser.jpg' title=\"Miesmuscheln mit Pommes Frites im Bistro Poulette (March\u00e9 des Capucins\/Place des Capucins\" data-rl_title=\"Miesmuscheln mit Pommes Frites im Bistro Poulette (March\u00e9 des Capucins\/Place des Capucins\" class=\"rl-gallery-link\" data-rl_caption=\"Aufnahmeort anzeigen\" data-rel=\"lightbox-gallery-8\"><img loading=\"lazy\" decoding=\"async\" width=\"150\" height=\"150\" src=\"https:\/\/coeser.de\/blog\/wp-content\/uploads\/2016\/09\/bordeaux-allgemeine-tipps-gal13-christian-oeser-150x150.jpg\" class=\"attachment-thumbnail size-thumbnail\" alt=\"Miesmuscheln mit Pommes Frites im Bistro Poulette (March\u00e9 des Capucins\/Place des Capucins\" aria-describedby=\"gallery-8-912\" \/><\/a>\n\t\t\t<\/div>\n\t\t\t\t<figcaption class='wp-caption-text gallery-caption' id='gallery-8-912'>\n\t\t\t\tMiesmuscheln mit Pommes Frites im Bistro Poulette (March\u00e9 des Capucins\/Place des Capucins\n\t\t\t\t<\/figcaption><\/figure><figure class='gallery-item'>\n\t\t\t<div class='gallery-icon landscape'>\n\t\t\t\t<a href='https:\/\/coeser.de\/blog\/wp-content\/uploads\/2016\/09\/bordeaux-allgemeine-tipps-gal15-christian-oeser.jpg' title=\"S\u00fcdfranz\u00f6sisches Gericht Cassoulet im Restaurant Chez Paulette\" data-rl_title=\"S\u00fcdfranz\u00f6sisches Gericht Cassoulet im Restaurant Chez Paulette\" class=\"rl-gallery-link\" data-rl_caption=\"Aufnahmeort anzeigen\" data-rel=\"lightbox-gallery-8\"><img loading=\"lazy\" decoding=\"async\" width=\"150\" height=\"150\" src=\"https:\/\/coeser.de\/blog\/wp-content\/uploads\/2016\/09\/bordeaux-allgemeine-tipps-gal15-christian-oeser-150x150.jpg\" class=\"attachment-thumbnail size-thumbnail\" alt=\"S\u00fcdfranz\u00f6sisches Gericht Cassoulet im Restaurant Chez Paulette\" aria-describedby=\"gallery-8-1014\" \/><\/a>\n\t\t\t<\/div>\n\t\t\t\t<figcaption class='wp-caption-text gallery-caption' id='gallery-8-1014'>\n\t\t\t\tS\u00fcdfranz\u00f6sisches Gericht Cassoulet im Restaurant Chez Paulette\n\t\t\t\t<\/figcaption><\/figure><figure class='gallery-item'>\n\t\t\t<div class='gallery-icon landscape'>\n\t\t\t\t<a href='https:\/\/coeser.de\/blog\/wp-content\/uploads\/2016\/09\/bordeaux-allgemeine-tipps-gal14-christian-oeser.jpg' title=\"Zarte Lammhaxe mit K\u00fcrbisp\u00fcree und Kartoffelgratin im Bistro du Mus\u00e9e\" data-rl_title=\"Zarte Lammhaxe mit K\u00fcrbisp\u00fcree und Kartoffelgratin im Bistro du Mus\u00e9e\" class=\"rl-gallery-link\" data-rl_caption=\"Aufnahmeort anzeigen\" data-rel=\"lightbox-gallery-8\"><img loading=\"lazy\" decoding=\"async\" width=\"150\" height=\"150\" src=\"https:\/\/coeser.de\/blog\/wp-content\/uploads\/2016\/09\/bordeaux-allgemeine-tipps-gal14-christian-oeser-150x150.jpg\" class=\"attachment-thumbnail size-thumbnail\" alt=\"Zarte Lammhaxe mit K\u00fcrbisp\u00fcree und Kartoffelgratin im Bistro du Mus\u00e9e\" aria-describedby=\"gallery-8-913\" \/><\/a>\n\t\t\t<\/div>\n\t\t\t\t<figcaption class='wp-caption-text gallery-caption' id='gallery-8-913'>\n\t\t\t\tZarte Lammhaxe mit K\u00fcrbisp\u00fcree und Kartoffelgratin im Bistro du Mus\u00e9e\n\t\t\t\t<\/figcaption><\/figure>\n\t\t<\/div>\n\n<\/div>\n<p>&nbsp;<\/p>\n<hr \/>\n<div class=\"fazit\">\n<h2>FAZIT<\/h2>\n<p>Bordeaux ist ein perfekter Ort, um s\u00fcdfranz\u00f6sisches Flair zu sp\u00fcren, zu erleben und zu schmecken. Die Stadt punktet durch ihre Mischung aus der zum UNESCO-Welterbe geh\u00f6renden Altstadt und modernen Geb\u00e4uden als Kontrast. Kulinarisch kann man schwer etwas falsch machen, solange man sich in einheimische Lokale begibt. Das Essen und der Wein sind \u00fcberall ein absolutes Gedicht. Bordeaux kann ich wirklich ohne Einschr\u00e4nkungen empfehlen!<\/p>\n<\/div>\n<p>&nbsp;<\/p>\n<div style=\"display: none;\">\n<p><img loading=\"lazy\" decoding=\"async\" class=\"alignnone size-full wp-image-6362\" src=\"https:\/\/coeser.de\/blog\/wp-content\/uploads\/2016\/11\/bordeaux-p01-christian-oeser.jpg\" alt=\"Bordeaux: Reisebericht mit Erfahrungen zu Sehensw\u00fcrdigkeiten, den besten Fotospots sowie allgemeinen Tipps und Restaurantempfehlungen.\" width=\"735\" height=\"1102\" srcset=\"https:\/\/coeser.de\/blog\/wp-content\/uploads\/2016\/11\/bordeaux-p01-christian-oeser.jpg 735w, https:\/\/coeser.de\/blog\/wp-content\/uploads\/2016\/11\/bordeaux-p01-christian-oeser-200x300.jpg 200w, https:\/\/coeser.de\/blog\/wp-content\/uploads\/2016\/11\/bordeaux-p01-christian-oeser-683x1024.jpg 683w\" sizes=\"auto, (max-width: 735px) 100vw, 735px\" \/><img loading=\"lazy\" decoding=\"async\" class=\"alignnone size-full wp-image-6363\" src=\"https:\/\/coeser.de\/blog\/wp-content\/uploads\/2016\/11\/bordeaux-p02-christian-oeser.jpg\" alt=\"Bordeaux: Reisebericht mit Erfahrungen zu Sehensw\u00fcrdigkeiten, den besten Fotospots sowie allgemeinen Tipps und Restaurantempfehlungen.\" width=\"735\" height=\"1102\" srcset=\"https:\/\/coeser.de\/blog\/wp-content\/uploads\/2016\/11\/bordeaux-p02-christian-oeser.jpg 735w, https:\/\/coeser.de\/blog\/wp-content\/uploads\/2016\/11\/bordeaux-p02-christian-oeser-200x300.jpg 200w, https:\/\/coeser.de\/blog\/wp-content\/uploads\/2016\/11\/bordeaux-p02-christian-oeser-683x1024.jpg 683w\" sizes=\"auto, (max-width: 735px) 100vw, 735px\" \/><\/p>\n<\/div>\n","protected":false},"excerpt":{"rendered":"<p>Anl\u00e4sslich der Fu\u00dfballeuropameisterschaft EURO 2016 in Frankreich habe ich \u00d6sterreich zu den drei Vorrundenspielen begleitet. Das erste Ziel war mit Bordeaux gleich ein absoluter H\u00f6hepunkt \u2013 kulinarisches Schlemmen feinster Speisen, gro\u00dfartigen Wein genie\u00dfen und als Kr\u00f6nung Sehensw\u00fcrdigkeiten der Extraklasse erleben. Was es alles in Bordeaux zu entdecken gibt, habe ich in diesem Reisebericht zusammengefasst.<\/p>\n","protected":false},"author":1,"featured_media":808,"comment_status":"open","ping_status":"open","sticky":false,"template":"","format":"standard","meta":{"_jetpack_memberships_contains_paid_content":false,"footnotes":""},"categories":[38],"tags":[40,9,11,39,41,68,10],"class_list":["post-566","post","type-post","status-publish","format-standard","has-post-thumbnail","hentry","category-frankreich","tag-bordeaux","tag-cityguide","tag-fotospots","tag-frankreich","tag-reisebericht","tag-reisefuehrer","tag-staedtereise"],"yoast_head":"<!-- This site is optimized with the Yoast SEO plugin v27.4 - https:\/\/yoast.com\/product\/yoast-seo-wordpress\/ -->\n<title>Bordeaux: Wo der Genuss Zuhause ist<\/title>\n<meta name=\"description\" content=\"Bordeaux: Reisebericht mit Erfahrungen zu Sehensw\u00fcrdigkeiten, den besten Fotospots sowie allgemeinen Tipps und Restaurantempfehlungen.\" \/>\n<meta name=\"robots\" content=\"index, follow, max-snippet:-1, max-image-preview:large, max-video-preview:-1\" \/>\n<link rel=\"canonical\" href=\"https:\/\/coeser.de\/blog\/index.php\/2016\/11\/15\/bordeaux-wo-der-genuss-zuhause-ist\/\" \/>\n<meta property=\"og:locale\" content=\"de_DE\" \/>\n<meta property=\"og:type\" content=\"article\" \/>\n<meta property=\"og:title\" content=\"Bordeaux: Wo der Genuss Zuhause ist\" \/>\n<meta property=\"og:description\" content=\"Bordeaux: Reisebericht mit Erfahrungen zu Sehensw\u00fcrdigkeiten, den besten Fotospots sowie allgemeinen Tipps und Restaurantempfehlungen.\" \/>\n<meta property=\"og:url\" content=\"https:\/\/coeser.de\/blog\/index.php\/2016\/11\/15\/bordeaux-wo-der-genuss-zuhause-ist\/\" \/>\n<meta property=\"og:site_name\" content=\"fern &amp; nah - Reiseblog und Fotostories von Christian \u00d6ser\" \/>\n<meta property=\"article:publisher\" content=\"Christian \u00d6ser\" \/>\n<meta property=\"article:author\" content=\"Christian \u00d6ser\" \/>\n<meta property=\"article:published_time\" content=\"2016-11-15T06:00:52+00:00\" \/>\n<meta property=\"article:modified_time\" content=\"2022-10-11T08:45:19+00:00\" \/>\n<meta property=\"og:image\" content=\"https:\/\/coeser.de\/blog\/wp-content\/uploads\/2016\/09\/bordeaux2_aufmacher.jpg\" \/>\n\t<meta property=\"og:image:width\" content=\"978\" \/>\n\t<meta property=\"og:image:height\" content=\"550\" \/>\n\t<meta property=\"og:image:type\" content=\"image\/jpeg\" \/>\n<meta name=\"author\" content=\"Christian \u00d6ser\" \/>\n<meta name=\"twitter:card\" content=\"summary_large_image\" \/>\n<meta name=\"twitter:label1\" content=\"Verfasst von\" \/>\n\t<meta name=\"twitter:data1\" content=\"Christian \u00d6ser\" \/>\n\t<meta name=\"twitter:label2\" content=\"Gesch\u00e4tzte Lesezeit\" \/>\n\t<meta name=\"twitter:data2\" content=\"27\u00a0Minuten\" \/>\n<script type=\"application\/ld+json\" class=\"yoast-schema-graph\">{\"@context\":\"https:\\\/\\\/schema.org\",\"@graph\":[{\"@type\":\"Article\",\"@id\":\"https:\\\/\\\/coeser.de\\\/blog\\\/index.php\\\/2016\\\/11\\\/15\\\/bordeaux-wo-der-genuss-zuhause-ist\\\/#article\",\"isPartOf\":{\"@id\":\"https:\\\/\\\/coeser.de\\\/blog\\\/index.php\\\/2016\\\/11\\\/15\\\/bordeaux-wo-der-genuss-zuhause-ist\\\/\"},\"author\":{\"name\":\"Christian \u00d6ser\",\"@id\":\"https:\\\/\\\/coeser.de\\\/blog\\\/#\\\/schema\\\/person\\\/fda1d253389076b2cadc3d47018cf315\"},\"headline\":\"Bordeaux: Wo der Genuss Zuhause ist\",\"datePublished\":\"2016-11-15T06:00:52+00:00\",\"dateModified\":\"2022-10-11T08:45:19+00:00\",\"mainEntityOfPage\":{\"@id\":\"https:\\\/\\\/coeser.de\\\/blog\\\/index.php\\\/2016\\\/11\\\/15\\\/bordeaux-wo-der-genuss-zuhause-ist\\\/\"},\"wordCount\":3718,\"commentCount\":6,\"publisher\":{\"@id\":\"https:\\\/\\\/coeser.de\\\/blog\\\/#\\\/schema\\\/person\\\/fda1d253389076b2cadc3d47018cf315\"},\"image\":{\"@id\":\"https:\\\/\\\/coeser.de\\\/blog\\\/index.php\\\/2016\\\/11\\\/15\\\/bordeaux-wo-der-genuss-zuhause-ist\\\/#primaryimage\"},\"thumbnailUrl\":\"https:\\\/\\\/coeser.de\\\/blog\\\/wp-content\\\/uploads\\\/2016\\\/09\\\/bordeaux2_aufmacher.jpg\",\"keywords\":[\"Bordeaux\",\"Cityguide\",\"Fotospots\",\"Frankreich\",\"Reisebericht\",\"Reisef\u00fchrer\",\"St\u00e4dtereise\"],\"articleSection\":[\"FRANKREICH\"],\"inLanguage\":\"de\",\"potentialAction\":[{\"@type\":\"CommentAction\",\"name\":\"Comment\",\"target\":[\"https:\\\/\\\/coeser.de\\\/blog\\\/index.php\\\/2016\\\/11\\\/15\\\/bordeaux-wo-der-genuss-zuhause-ist\\\/#respond\"]}]},{\"@type\":\"WebPage\",\"@id\":\"https:\\\/\\\/coeser.de\\\/blog\\\/index.php\\\/2016\\\/11\\\/15\\\/bordeaux-wo-der-genuss-zuhause-ist\\\/\",\"url\":\"https:\\\/\\\/coeser.de\\\/blog\\\/index.php\\\/2016\\\/11\\\/15\\\/bordeaux-wo-der-genuss-zuhause-ist\\\/\",\"name\":\"Bordeaux: Wo der Genuss Zuhause ist\",\"isPartOf\":{\"@id\":\"https:\\\/\\\/coeser.de\\\/blog\\\/#website\"},\"primaryImageOfPage\":{\"@id\":\"https:\\\/\\\/coeser.de\\\/blog\\\/index.php\\\/2016\\\/11\\\/15\\\/bordeaux-wo-der-genuss-zuhause-ist\\\/#primaryimage\"},\"image\":{\"@id\":\"https:\\\/\\\/coeser.de\\\/blog\\\/index.php\\\/2016\\\/11\\\/15\\\/bordeaux-wo-der-genuss-zuhause-ist\\\/#primaryimage\"},\"thumbnailUrl\":\"https:\\\/\\\/coeser.de\\\/blog\\\/wp-content\\\/uploads\\\/2016\\\/09\\\/bordeaux2_aufmacher.jpg\",\"datePublished\":\"2016-11-15T06:00:52+00:00\",\"dateModified\":\"2022-10-11T08:45:19+00:00\",\"description\":\"Bordeaux: Reisebericht mit Erfahrungen zu Sehensw\u00fcrdigkeiten, den besten Fotospots sowie allgemeinen Tipps und Restaurantempfehlungen.\",\"breadcrumb\":{\"@id\":\"https:\\\/\\\/coeser.de\\\/blog\\\/index.php\\\/2016\\\/11\\\/15\\\/bordeaux-wo-der-genuss-zuhause-ist\\\/#breadcrumb\"},\"inLanguage\":\"de\",\"potentialAction\":[{\"@type\":\"ReadAction\",\"target\":[\"https:\\\/\\\/coeser.de\\\/blog\\\/index.php\\\/2016\\\/11\\\/15\\\/bordeaux-wo-der-genuss-zuhause-ist\\\/\"]}]},{\"@type\":\"ImageObject\",\"inLanguage\":\"de\",\"@id\":\"https:\\\/\\\/coeser.de\\\/blog\\\/index.php\\\/2016\\\/11\\\/15\\\/bordeaux-wo-der-genuss-zuhause-ist\\\/#primaryimage\",\"url\":\"https:\\\/\\\/coeser.de\\\/blog\\\/wp-content\\\/uploads\\\/2016\\\/09\\\/bordeaux2_aufmacher.jpg\",\"contentUrl\":\"https:\\\/\\\/coeser.de\\\/blog\\\/wp-content\\\/uploads\\\/2016\\\/09\\\/bordeaux2_aufmacher.jpg\",\"width\":978,\"height\":550,\"caption\":\"Der beleuchtete Place de la Bourse in Bordeaux\"},{\"@type\":\"BreadcrumbList\",\"@id\":\"https:\\\/\\\/coeser.de\\\/blog\\\/index.php\\\/2016\\\/11\\\/15\\\/bordeaux-wo-der-genuss-zuhause-ist\\\/#breadcrumb\",\"itemListElement\":[{\"@type\":\"ListItem\",\"position\":1,\"name\":\"Startseite\",\"item\":\"https:\\\/\\\/coeser.de\\\/blog\\\/\"},{\"@type\":\"ListItem\",\"position\":2,\"name\":\"Bordeaux: Wo der Genuss Zuhause ist\"}]},{\"@type\":\"WebSite\",\"@id\":\"https:\\\/\\\/coeser.de\\\/blog\\\/#website\",\"url\":\"https:\\\/\\\/coeser.de\\\/blog\\\/\",\"name\":\"fern &amp; nah - Reiseblog und Fotostories von Christian \u00d6ser\",\"description\":\"Reiseblog und Fotostories von Christian \u00d6ser\",\"publisher\":{\"@id\":\"https:\\\/\\\/coeser.de\\\/blog\\\/#\\\/schema\\\/person\\\/fda1d253389076b2cadc3d47018cf315\"},\"potentialAction\":[{\"@type\":\"SearchAction\",\"target\":{\"@type\":\"EntryPoint\",\"urlTemplate\":\"https:\\\/\\\/coeser.de\\\/blog\\\/?s={search_term_string}\"},\"query-input\":{\"@type\":\"PropertyValueSpecification\",\"valueRequired\":true,\"valueName\":\"search_term_string\"}}],\"inLanguage\":\"de\"},{\"@type\":[\"Person\",\"Organization\"],\"@id\":\"https:\\\/\\\/coeser.de\\\/blog\\\/#\\\/schema\\\/person\\\/fda1d253389076b2cadc3d47018cf315\",\"name\":\"Christian \u00d6ser\",\"image\":{\"@type\":\"ImageObject\",\"inLanguage\":\"de\",\"@id\":\"https:\\\/\\\/coeser.de\\\/blog\\\/wp-content\\\/uploads\\\/2016\\\/08\\\/logo-fern-und-nah-christian-oeser-4.jpg\",\"url\":\"https:\\\/\\\/coeser.de\\\/blog\\\/wp-content\\\/uploads\\\/2016\\\/08\\\/logo-fern-und-nah-christian-oeser-4.jpg\",\"contentUrl\":\"https:\\\/\\\/coeser.de\\\/blog\\\/wp-content\\\/uploads\\\/2016\\\/08\\\/logo-fern-und-nah-christian-oeser-4.jpg\",\"width\":1090,\"height\":245,\"caption\":\"Christian \u00d6ser\"},\"logo\":{\"@id\":\"https:\\\/\\\/coeser.de\\\/blog\\\/wp-content\\\/uploads\\\/2016\\\/08\\\/logo-fern-und-nah-christian-oeser-4.jpg\"},\"sameAs\":[\"http:\\\/\\\/www.coeser.de\",\"Christian \u00d6ser\",\"https:\\\/\\\/www.instagram.com\\\/coeser_de\\\/\",\"https:\\\/\\\/www.pinterest.at\\\/nightline5\\\/\"],\"url\":\"https:\\\/\\\/coeser.de\\\/blog\\\/index.php\\\/author\\\/coeser\\\/\"}]}<\/script>\n<!-- \/ Yoast SEO plugin. -->","yoast_head_json":{"title":"Bordeaux: Wo der Genuss Zuhause ist","description":"Bordeaux: Reisebericht mit Erfahrungen zu Sehensw\u00fcrdigkeiten, den besten Fotospots sowie allgemeinen Tipps und Restaurantempfehlungen.","robots":{"index":"index","follow":"follow","max-snippet":"max-snippet:-1","max-image-preview":"max-image-preview:large","max-video-preview":"max-video-preview:-1"},"canonical":"https:\/\/coeser.de\/blog\/index.php\/2016\/11\/15\/bordeaux-wo-der-genuss-zuhause-ist\/","og_locale":"de_DE","og_type":"article","og_title":"Bordeaux: Wo der Genuss Zuhause ist","og_description":"Bordeaux: Reisebericht mit Erfahrungen zu Sehensw\u00fcrdigkeiten, den besten Fotospots sowie allgemeinen Tipps und Restaurantempfehlungen.","og_url":"https:\/\/coeser.de\/blog\/index.php\/2016\/11\/15\/bordeaux-wo-der-genuss-zuhause-ist\/","og_site_name":"fern &amp; nah - Reiseblog und Fotostories von Christian \u00d6ser","article_publisher":"Christian \u00d6ser","article_author":"Christian \u00d6ser","article_published_time":"2016-11-15T06:00:52+00:00","article_modified_time":"2022-10-11T08:45:19+00:00","og_image":[{"width":978,"height":550,"url":"https:\/\/coeser.de\/blog\/wp-content\/uploads\/2016\/09\/bordeaux2_aufmacher.jpg","type":"image\/jpeg"}],"author":"Christian \u00d6ser","twitter_card":"summary_large_image","twitter_misc":{"Verfasst von":"Christian \u00d6ser","Gesch\u00e4tzte Lesezeit":"27\u00a0Minuten"},"schema":{"@context":"https:\/\/schema.org","@graph":[{"@type":"Article","@id":"https:\/\/coeser.de\/blog\/index.php\/2016\/11\/15\/bordeaux-wo-der-genuss-zuhause-ist\/#article","isPartOf":{"@id":"https:\/\/coeser.de\/blog\/index.php\/2016\/11\/15\/bordeaux-wo-der-genuss-zuhause-ist\/"},"author":{"name":"Christian \u00d6ser","@id":"https:\/\/coeser.de\/blog\/#\/schema\/person\/fda1d253389076b2cadc3d47018cf315"},"headline":"Bordeaux: Wo der Genuss Zuhause ist","datePublished":"2016-11-15T06:00:52+00:00","dateModified":"2022-10-11T08:45:19+00:00","mainEntityOfPage":{"@id":"https:\/\/coeser.de\/blog\/index.php\/2016\/11\/15\/bordeaux-wo-der-genuss-zuhause-ist\/"},"wordCount":3718,"commentCount":6,"publisher":{"@id":"https:\/\/coeser.de\/blog\/#\/schema\/person\/fda1d253389076b2cadc3d47018cf315"},"image":{"@id":"https:\/\/coeser.de\/blog\/index.php\/2016\/11\/15\/bordeaux-wo-der-genuss-zuhause-ist\/#primaryimage"},"thumbnailUrl":"https:\/\/coeser.de\/blog\/wp-content\/uploads\/2016\/09\/bordeaux2_aufmacher.jpg","keywords":["Bordeaux","Cityguide","Fotospots","Frankreich","Reisebericht","Reisef\u00fchrer","St\u00e4dtereise"],"articleSection":["FRANKREICH"],"inLanguage":"de","potentialAction":[{"@type":"CommentAction","name":"Comment","target":["https:\/\/coeser.de\/blog\/index.php\/2016\/11\/15\/bordeaux-wo-der-genuss-zuhause-ist\/#respond"]}]},{"@type":"WebPage","@id":"https:\/\/coeser.de\/blog\/index.php\/2016\/11\/15\/bordeaux-wo-der-genuss-zuhause-ist\/","url":"https:\/\/coeser.de\/blog\/index.php\/2016\/11\/15\/bordeaux-wo-der-genuss-zuhause-ist\/","name":"Bordeaux: Wo der Genuss Zuhause ist","isPartOf":{"@id":"https:\/\/coeser.de\/blog\/#website"},"primaryImageOfPage":{"@id":"https:\/\/coeser.de\/blog\/index.php\/2016\/11\/15\/bordeaux-wo-der-genuss-zuhause-ist\/#primaryimage"},"image":{"@id":"https:\/\/coeser.de\/blog\/index.php\/2016\/11\/15\/bordeaux-wo-der-genuss-zuhause-ist\/#primaryimage"},"thumbnailUrl":"https:\/\/coeser.de\/blog\/wp-content\/uploads\/2016\/09\/bordeaux2_aufmacher.jpg","datePublished":"2016-11-15T06:00:52+00:00","dateModified":"2022-10-11T08:45:19+00:00","description":"Bordeaux: Reisebericht mit Erfahrungen zu Sehensw\u00fcrdigkeiten, den besten Fotospots sowie allgemeinen Tipps und Restaurantempfehlungen.","breadcrumb":{"@id":"https:\/\/coeser.de\/blog\/index.php\/2016\/11\/15\/bordeaux-wo-der-genuss-zuhause-ist\/#breadcrumb"},"inLanguage":"de","potentialAction":[{"@type":"ReadAction","target":["https:\/\/coeser.de\/blog\/index.php\/2016\/11\/15\/bordeaux-wo-der-genuss-zuhause-ist\/"]}]},{"@type":"ImageObject","inLanguage":"de","@id":"https:\/\/coeser.de\/blog\/index.php\/2016\/11\/15\/bordeaux-wo-der-genuss-zuhause-ist\/#primaryimage","url":"https:\/\/coeser.de\/blog\/wp-content\/uploads\/2016\/09\/bordeaux2_aufmacher.jpg","contentUrl":"https:\/\/coeser.de\/blog\/wp-content\/uploads\/2016\/09\/bordeaux2_aufmacher.jpg","width":978,"height":550,"caption":"Der beleuchtete Place de la Bourse in Bordeaux"},{"@type":"BreadcrumbList","@id":"https:\/\/coeser.de\/blog\/index.php\/2016\/11\/15\/bordeaux-wo-der-genuss-zuhause-ist\/#breadcrumb","itemListElement":[{"@type":"ListItem","position":1,"name":"Startseite","item":"https:\/\/coeser.de\/blog\/"},{"@type":"ListItem","position":2,"name":"Bordeaux: Wo der Genuss Zuhause ist"}]},{"@type":"WebSite","@id":"https:\/\/coeser.de\/blog\/#website","url":"https:\/\/coeser.de\/blog\/","name":"fern &amp; nah - Reiseblog und Fotostories von Christian \u00d6ser","description":"Reiseblog und Fotostories von Christian \u00d6ser","publisher":{"@id":"https:\/\/coeser.de\/blog\/#\/schema\/person\/fda1d253389076b2cadc3d47018cf315"},"potentialAction":[{"@type":"SearchAction","target":{"@type":"EntryPoint","urlTemplate":"https:\/\/coeser.de\/blog\/?s={search_term_string}"},"query-input":{"@type":"PropertyValueSpecification","valueRequired":true,"valueName":"search_term_string"}}],"inLanguage":"de"},{"@type":["Person","Organization"],"@id":"https:\/\/coeser.de\/blog\/#\/schema\/person\/fda1d253389076b2cadc3d47018cf315","name":"Christian \u00d6ser","image":{"@type":"ImageObject","inLanguage":"de","@id":"https:\/\/coeser.de\/blog\/wp-content\/uploads\/2016\/08\/logo-fern-und-nah-christian-oeser-4.jpg","url":"https:\/\/coeser.de\/blog\/wp-content\/uploads\/2016\/08\/logo-fern-und-nah-christian-oeser-4.jpg","contentUrl":"https:\/\/coeser.de\/blog\/wp-content\/uploads\/2016\/08\/logo-fern-und-nah-christian-oeser-4.jpg","width":1090,"height":245,"caption":"Christian \u00d6ser"},"logo":{"@id":"https:\/\/coeser.de\/blog\/wp-content\/uploads\/2016\/08\/logo-fern-und-nah-christian-oeser-4.jpg"},"sameAs":["http:\/\/www.coeser.de","Christian \u00d6ser","https:\/\/www.instagram.com\/coeser_de\/","https:\/\/www.pinterest.at\/nightline5\/"],"url":"https:\/\/coeser.de\/blog\/index.php\/author\/coeser\/"}]}},"jetpack_featured_media_url":"https:\/\/coeser.de\/blog\/wp-content\/uploads\/2016\/09\/bordeaux2_aufmacher.jpg","jetpack-related-posts":[{"id":1019,"url":"https:\/\/coeser.de\/blog\/index.php\/2017\/01\/03\/dune-du-pilat-aufstieg-auf-europas-hoechste-wanderduene\/","url_meta":{"origin":566,"position":0},"title":"Dune du Pilat: Europas h\u00f6chste Wanderd\u00fcne","author":"Christian \u00d6ser","date":"3. Januar 2017","format":false,"excerpt":"Bis zu f\u00fcnf Meter pro Jahr dehnt sich die rund 110 Meter hohe Wanderd\u00fcne Dune du Pilat an der franz\u00f6sischen Atlantikk\u00fcste in das Landesinnere aus. Ein Besuch vor Ort bietet unglaubliche Anblicke wie in der W\u00fcste \u2013 mit dem Unterschied, dass man von jeder Menge Wald und Meer umgeben ist.\u2026","rel":"","context":"In &quot;FRANKREICH&quot;","block_context":{"text":"FRANKREICH","link":"https:\/\/coeser.de\/blog\/index.php\/category\/europa\/frankreich\/"},"img":{"alt_text":"Ein P\u00e4rchen liegt auf der Wanderd\u00fcne Dune du Pilat","src":"https:\/\/i0.wp.com\/coeser.de\/blog\/wp-content\/uploads\/2016\/09\/dune-du-pilat-aufmacher-christian-oeser.jpg?resize=350%2C200&ssl=1","width":350,"height":200,"srcset":"https:\/\/i0.wp.com\/coeser.de\/blog\/wp-content\/uploads\/2016\/09\/dune-du-pilat-aufmacher-christian-oeser.jpg?resize=350%2C200&ssl=1 1x, https:\/\/i0.wp.com\/coeser.de\/blog\/wp-content\/uploads\/2016\/09\/dune-du-pilat-aufmacher-christian-oeser.jpg?resize=525%2C300&ssl=1 1.5x, https:\/\/i0.wp.com\/coeser.de\/blog\/wp-content\/uploads\/2016\/09\/dune-du-pilat-aufmacher-christian-oeser.jpg?resize=700%2C400&ssl=1 2x"},"classes":[]},{"id":1639,"url":"https:\/\/coeser.de\/blog\/index.php\/2016\/12\/27\/das-war-mein-reisejahr-2016\/","url_meta":{"origin":566,"position":1},"title":"Das war mein Reisejahr 2016","author":"Christian \u00d6ser","date":"27. Dezember 2016","format":false,"excerpt":"Am Ende eines jeden Jahres blicke ich immer zur\u00fcck auf meine besuchten St\u00e4dte, Orte und Pl\u00e4tze. 2016 war nach l\u00e4ngerer Durststrecke wieder einmal ein recht starkes Reisejahr f\u00fcr mich, 19 Destinationen bleiben in meiner Erinnerung. In diesem Blogbeitrag gebe ich euch einen \u00dcberblick und ein kurzes R\u00e9sum\u00e9 zu jedem Ort.\u2026","rel":"","context":"In &quot;EUROPA&quot;","block_context":{"text":"EUROPA","link":"https:\/\/coeser.de\/blog\/index.php\/category\/europa\/"},"img":{"alt_text":"Fotos der Reisen 2016","src":"https:\/\/i0.wp.com\/coeser.de\/blog\/wp-content\/uploads\/2016\/12\/reisejahr-2016-aufmacher-christian-oeser.jpg?resize=350%2C200&ssl=1","width":350,"height":200,"srcset":"https:\/\/i0.wp.com\/coeser.de\/blog\/wp-content\/uploads\/2016\/12\/reisejahr-2016-aufmacher-christian-oeser.jpg?resize=350%2C200&ssl=1 1x, https:\/\/i0.wp.com\/coeser.de\/blog\/wp-content\/uploads\/2016\/12\/reisejahr-2016-aufmacher-christian-oeser.jpg?resize=525%2C300&ssl=1 1.5x, https:\/\/i0.wp.com\/coeser.de\/blog\/wp-content\/uploads\/2016\/12\/reisejahr-2016-aufmacher-christian-oeser.jpg?resize=700%2C400&ssl=1 2x"},"classes":[]},{"id":1103,"url":"https:\/\/coeser.de\/blog\/index.php\/2017\/01\/24\/la-rochelle-und-die-weisse-insel\/","url_meta":{"origin":566,"position":2},"title":"La Rochelle und die &#8222;wei\u00dfe Insel&#8220;","author":"Christian \u00d6ser","date":"24. Januar 2017","format":false,"excerpt":"Wer das erste Mal in das westfranz\u00f6sische La Rochelle kommt, f\u00fchlt sich wahrscheinlich in das Mittelalter zur\u00fcckversetzt. Grund daf\u00fcr ist der weitgehend erhaltene historische Hafen mit drei markanten T\u00fcrmen. Dass der Ort im zweiten Weltkrieg nicht zerst\u00f6rt wurde und man den Anblick heute noch genie\u00dfen kann, verdanken wir einer Abmachung\u2026","rel":"","context":"In &quot;FRANKREICH&quot;","block_context":{"text":"FRANKREICH","link":"https:\/\/coeser.de\/blog\/index.php\/category\/europa\/frankreich\/"},"img":{"alt_text":"Der Hafen von La Rochelle","src":"https:\/\/i0.wp.com\/coeser.de\/blog\/wp-content\/uploads\/2016\/10\/la-rochelle-aufmacher-christian-oeser.jpg?resize=350%2C200&ssl=1","width":350,"height":200,"srcset":"https:\/\/i0.wp.com\/coeser.de\/blog\/wp-content\/uploads\/2016\/10\/la-rochelle-aufmacher-christian-oeser.jpg?resize=350%2C200&ssl=1 1x, https:\/\/i0.wp.com\/coeser.de\/blog\/wp-content\/uploads\/2016\/10\/la-rochelle-aufmacher-christian-oeser.jpg?resize=525%2C300&ssl=1 1.5x, https:\/\/i0.wp.com\/coeser.de\/blog\/wp-content\/uploads\/2016\/10\/la-rochelle-aufmacher-christian-oeser.jpg?resize=700%2C400&ssl=1 2x"},"classes":[]},{"id":568,"url":"https:\/\/coeser.de\/blog\/index.php\/2017\/02\/28\/nantes-eine-stadt-erfindet-sich-neu\/","url_meta":{"origin":566,"position":3},"title":"Nantes: Eine Stadt erfindet sich neu","author":"Christian \u00d6ser","date":"28. Februar 2017","format":false,"excerpt":"Das franz\u00f6sische Nantes hat es in der Vergangenheit nicht leicht gehabt. Schwere Luftangriffe im Zweiten Weltkrieg, der Niedergang der Werftindustrie Ende der 80er-Jahre und eine folgende Rekordarbeitslosigkeit mit vielen sozialen Problemen haben die Stadt hart getroffen. Ein riesiger Elefant aus Metall symbolisiert mittlerweile aber die Verwandlung einer ehemals tristen Gro\u00dfstadt\u2026","rel":"","context":"In &quot;FRANKREICH&quot;","block_context":{"text":"FRANKREICH","link":"https:\/\/coeser.de\/blog\/index.php\/category\/europa\/frankreich\/"},"img":{"alt_text":"Der Grand Elephant in Nantes","src":"https:\/\/i0.wp.com\/coeser.de\/blog\/wp-content\/uploads\/2016\/09\/nantes-aufamcher-gal01-christian-oeser.jpg?resize=350%2C200&ssl=1","width":350,"height":200,"srcset":"https:\/\/i0.wp.com\/coeser.de\/blog\/wp-content\/uploads\/2016\/09\/nantes-aufamcher-gal01-christian-oeser.jpg?resize=350%2C200&ssl=1 1x, https:\/\/i0.wp.com\/coeser.de\/blog\/wp-content\/uploads\/2016\/09\/nantes-aufamcher-gal01-christian-oeser.jpg?resize=525%2C300&ssl=1 1.5x, https:\/\/i0.wp.com\/coeser.de\/blog\/wp-content\/uploads\/2016\/09\/nantes-aufamcher-gal01-christian-oeser.jpg?resize=700%2C400&ssl=1 2x"},"classes":[]},{"id":10259,"url":"https:\/\/coeser.de\/blog\/index.php\/2019\/01\/01\/europa-26-geniale-reiseziele-2019\/","url_meta":{"origin":566,"position":4},"title":"Europa: 26 geniale Reiseziele f\u00fcr 2019","author":"Christian \u00d6ser","date":"1. Januar 2019","format":false,"excerpt":"Seid ihr so wie ich immer auf der Suche nach neuen Destinationen? Egal ob Ausfl\u00fcge, St\u00e4dtetrips oder Tagestouren \u2013 ich habe 26 Ideen f\u00fcr eure n\u00e4chste Reise in Europa! Alle meine Tipps habe ich im letzten Jahr zusammengesammelt und auch pers\u00f6nlich ausprobiert. Ihr bekommt also mit diesem Beitrag keine Theorie,\u2026","rel":"","context":"In &quot;EUROPA&quot;","block_context":{"text":"EUROPA","link":"https:\/\/coeser.de\/blog\/index.php\/category\/europa\/"},"img":{"alt_text":"","src":"https:\/\/i0.wp.com\/coeser.de\/blog\/wp-content\/uploads\/2018\/12\/reisetipps-reiseinspiration-fotospots-2018-aufmacher-christian-oeser.jpg?resize=350%2C200&ssl=1","width":350,"height":200,"srcset":"https:\/\/i0.wp.com\/coeser.de\/blog\/wp-content\/uploads\/2018\/12\/reisetipps-reiseinspiration-fotospots-2018-aufmacher-christian-oeser.jpg?resize=350%2C200&ssl=1 1x, https:\/\/i0.wp.com\/coeser.de\/blog\/wp-content\/uploads\/2018\/12\/reisetipps-reiseinspiration-fotospots-2018-aufmacher-christian-oeser.jpg?resize=525%2C300&ssl=1 1.5x, https:\/\/i0.wp.com\/coeser.de\/blog\/wp-content\/uploads\/2018\/12\/reisetipps-reiseinspiration-fotospots-2018-aufmacher-christian-oeser.jpg?resize=700%2C400&ssl=1 2x"},"classes":[]},{"id":5700,"url":"https:\/\/coeser.de\/blog\/index.php\/2018\/01\/02\/das-war-mein-reisejahr-2017\/","url_meta":{"origin":566,"position":5},"title":"Das war mein Reisejahr 2017","author":"Christian \u00d6ser","date":"2. Januar 2018","format":false,"excerpt":"Wieder einmal ist ein Jahr in gef\u00fchlter Windeseile vor\u00fcbergezogen, was nicht zuletzt an den zahlreichen Orten liegt, die ich mir angesehen und erkundet habe. In diesem Blogbeitrag blicke ich nochmals auf 2017 zur\u00fcck und gehe kurz alle Destinationen durch, wo ich zumindest eine Nacht verbracht habe oder die etwas weiter\u2026","rel":"","context":"In &quot;EUROPA&quot;","block_context":{"text":"EUROPA","link":"https:\/\/coeser.de\/blog\/index.php\/category\/europa\/"},"img":{"alt_text":"Reiseempfehlungen und Reiseinspirationen 2017","src":"https:\/\/i0.wp.com\/coeser.de\/blog\/wp-content\/uploads\/2017\/12\/reisejahr-2017-inspiration-aufmacher-christian-oeser.jpg?resize=350%2C200&ssl=1","width":350,"height":200,"srcset":"https:\/\/i0.wp.com\/coeser.de\/blog\/wp-content\/uploads\/2017\/12\/reisejahr-2017-inspiration-aufmacher-christian-oeser.jpg?resize=350%2C200&ssl=1 1x, https:\/\/i0.wp.com\/coeser.de\/blog\/wp-content\/uploads\/2017\/12\/reisejahr-2017-inspiration-aufmacher-christian-oeser.jpg?resize=525%2C300&ssl=1 1.5x, https:\/\/i0.wp.com\/coeser.de\/blog\/wp-content\/uploads\/2017\/12\/reisejahr-2017-inspiration-aufmacher-christian-oeser.jpg?resize=700%2C400&ssl=1 2x"},"classes":[]}],"jetpack_sharing_enabled":true,"_links":{"self":[{"href":"https:\/\/coeser.de\/blog\/index.php\/wp-json\/wp\/v2\/posts\/566","targetHints":{"allow":["GET"]}}],"collection":[{"href":"https:\/\/coeser.de\/blog\/index.php\/wp-json\/wp\/v2\/posts"}],"about":[{"href":"https:\/\/coeser.de\/blog\/index.php\/wp-json\/wp\/v2\/types\/post"}],"author":[{"embeddable":true,"href":"https:\/\/coeser.de\/blog\/index.php\/wp-json\/wp\/v2\/users\/1"}],"replies":[{"embeddable":true,"href":"https:\/\/coeser.de\/blog\/index.php\/wp-json\/wp\/v2\/comments?post=566"}],"version-history":[{"count":0,"href":"https:\/\/coeser.de\/blog\/index.php\/wp-json\/wp\/v2\/posts\/566\/revisions"}],"wp:featuredmedia":[{"embeddable":true,"href":"https:\/\/coeser.de\/blog\/index.php\/wp-json\/wp\/v2\/media\/808"}],"wp:attachment":[{"href":"https:\/\/coeser.de\/blog\/index.php\/wp-json\/wp\/v2\/media?parent=566"}],"wp:term":[{"taxonomy":"category","embeddable":true,"href":"https:\/\/coeser.de\/blog\/index.php\/wp-json\/wp\/v2\/categories?post=566"},{"taxonomy":"post_tag","embeddable":true,"href":"https:\/\/coeser.de\/blog\/index.php\/wp-json\/wp\/v2\/tags?post=566"}],"curies":[{"name":"wp","href":"https:\/\/api.w.org\/{rel}","templated":true}]}}