{"id":5727,"date":"2017-11-14T07:00:38","date_gmt":"2017-11-14T06:00:38","guid":{"rendered":"http:\/\/coeser.de\/blog\/?p=5727"},"modified":"2024-01-02T16:58:45","modified_gmt":"2024-01-02T15:58:45","slug":"znaim-die-gruene-grenzstadt","status":"publish","type":"post","link":"https:\/\/coeser.de\/blog\/index.php\/2017\/11\/14\/znaim-die-gruene-grenzstadt\/","title":{"rendered":"Znaim \u2013 die gr\u00fcne Grenzstadt"},"content":{"rendered":"<p><strong>Znaim ist wohl eines der lohnenswertesten Ziele, wenn du wieder einmal ein Ausflugsziel f\u00fcr einen Tag oder sogar ein Wochenende suchst. Nur wenige Minuten von der \u00f6sterreichischen Grenze entfernt, wartet die tschechische Stadt mit einer Vielzahl an attraktiven Pl\u00e4tzen, Sehensw\u00fcrdigkeiten und Lokalen auf dich. Direkt von der Innenstadt f\u00fchrt ein Wanderweg zum Nationalpark Thayatal und l\u00e4dt zu einer Kombination aus Wandern, Kultur und Genuss ein. In diesem Artikel zeige ich dir eine Zusammenfassung aller Highlights aus zwei Ausfl\u00fcgen, welche dir eine St\u00e4dtereise nach Znaim garantiert schmackhaft machen werden!<\/strong><br \/>\n<!--more--><\/p>\n<hr \/>\n<div class=\"highlights\">\n<h3>DIE H\u00d6HEPUNKTE AUS ZNAIM IN DIESEM ARTIKEL<\/h3>\n<p>Die tschechische Stadt Znaim als gro\u00dfartiges und lohnendes Ausflugsziel von Wien aus<\/p>\n<p>Beschreibung der Anreise von Wien entweder mit dem Auto oder mit dem Zug<\/p>\n<p>Eine wundersch\u00f6ne Altstadt mit Sehensw\u00fcrdigkeiten und historischen Bauwerken<\/p>\n<p>Der Nationalpark N\u00e1rodn\u00ed park Podyj\u00ed bzw. Nationalpark Thayatal als Naturparadies<\/p>\n<p>Tipps zu Lokalen und Restaurants mit herzhafter tschechischer K\u00fcche und super Bier<\/p>\n<\/div>\n<p>&nbsp;<\/p>\n<p><em><span style=\"color: #0000ff;\">Dieser Artikel wurde zuletzt am 2. J\u00e4nner 2024 aktualisiert und umfangreich erg\u00e4nzt.<\/span><\/em><\/p>\n\n<hr \/>\n<div class=\"fakten\">\n<h2>ZNAIM (ZNOJMO)<\/h2>\n<h3>FAKTEN<\/h3>\n<p><strong>Reisezeit: <\/strong>September, Oktober (jeweils 2 Tage, 1 \u00dcbernachtung)<br \/>\n<strong>Anreise mit dem Auto: <\/strong>Von <em>Wien <\/em>\u00fcber die A22 bis <em>Knoten Stockerau<\/em>, S3 bis <em>Hollabrunn<\/em>, B303 bis <em>Kleinhaugsdorf<\/em> (Grenze), Route 38 bis <em>Znojmo<\/em> (ca. 1:10h)<br \/>\n<strong>Anreise mit dem Zug: <\/strong>Vom Bahnhof <em>Wien Praterstern<\/em> mit dem Regionalzug direkt nach <em>Znojmo<\/em> (1:31h)<\/p>\n<p><strong>Hoteltipp 1: <a href=\"https:\/\/www.booking.com\/hotel\/cz\/residence-tgm.de.html?aid=1634405\" target=\"_blank\" rel=\"noopener noreferrer\">Hotel Residence TGM<\/a><\/strong>* (<em><span class=\"_Xbe\">Masarykovo n\u00e1m. 334\/12<\/span><\/em>) \u2013 ausgezeichnete Lage direkt am zentralen Masarykplatz, sehr ger\u00e4umige sowie ruhige Zimmer in minimalistischem Design, sehr bequemes und gro\u00dfes Bett, Bad und Dusche exzellent. Schnelles WLAN, \u00fcberschaubares Fr\u00fchst\u00fccksbuffet aber qualitativ gut best\u00fcckt. Parken kostenpflichtig am Masarykplatz vor dem Hotel m\u00f6glich. <em>Weiterempfehlung?<\/em> <strong>JA<\/strong><\/p>\n<div id='gallery-1' class='gallery galleryid-5727 gallery-columns-7 gallery-size-thumbnail'><figure class='gallery-item'>\n\t\t\t<div class='gallery-icon portrait'>\n\t\t\t\t<a href='https:\/\/coeser.de\/blog\/wp-content\/uploads\/2017\/10\/znaim-znojmo-hotel-residence-tgm-gal06-christian-oeser.jpg' title=\"Au\u00dfenansicht des Hotel Residence TGM in Znaim\" data-rl_title=\"Au\u00dfenansicht des Hotel Residence TGM in Znaim\" class=\"rl-gallery-link\" data-rl_caption=\"Aufnahmeort anzeigen\" data-rel=\"lightbox-gallery-1\"><img loading=\"lazy\" decoding=\"async\" width=\"150\" height=\"150\" src=\"https:\/\/coeser.de\/blog\/wp-content\/uploads\/2017\/10\/znaim-znojmo-hotel-residence-tgm-gal06-christian-oeser-150x150.jpg\" class=\"attachment-thumbnail size-thumbnail\" alt=\"Au\u00dfenansicht des Hotel Residence TGM in Znaim\" aria-describedby=\"gallery-1-5750\" \/><\/a>\n\t\t\t<\/div>\n\t\t\t\t<figcaption class='wp-caption-text gallery-caption' id='gallery-1-5750'>\n\t\t\t\tAu\u00dfenansicht des Hotel Residence TGM in Znaim\n\t\t\t\t<\/figcaption><\/figure><figure class='gallery-item'>\n\t\t\t<div class='gallery-icon landscape'>\n\t\t\t\t<a href='https:\/\/coeser.de\/blog\/wp-content\/uploads\/2017\/10\/znaim-znojmo-hotel-residence-tgm-gal05-christian-oeser.jpg' title=\"Innenhof des Hotel Residence TGM in Znaim\" data-rl_title=\"Innenhof des Hotel Residence TGM in Znaim\" class=\"rl-gallery-link\" data-rl_caption=\"Aufnahmeort anzeigen\" data-rel=\"lightbox-gallery-1\"><img loading=\"lazy\" decoding=\"async\" width=\"150\" height=\"150\" src=\"https:\/\/coeser.de\/blog\/wp-content\/uploads\/2017\/10\/znaim-znojmo-hotel-residence-tgm-gal05-christian-oeser-150x150.jpg\" class=\"attachment-thumbnail size-thumbnail\" alt=\"Innenhof des Hotel Residence TGM in Znaim\" aria-describedby=\"gallery-1-5749\" \/><\/a>\n\t\t\t<\/div>\n\t\t\t\t<figcaption class='wp-caption-text gallery-caption' id='gallery-1-5749'>\n\t\t\t\tInnenhof des Hotel Residence TGM in Znaim\n\t\t\t\t<\/figcaption><\/figure><figure class='gallery-item'>\n\t\t\t<div class='gallery-icon landscape'>\n\t\t\t\t<a href='https:\/\/coeser.de\/blog\/wp-content\/uploads\/2017\/10\/znaim-znojmo-hotel-residence-tgm-gal01-christian-oeser.jpg' title=\"Doppelzimmer im Hotel Residence TGM in Znaim\" data-rl_title=\"Doppelzimmer im Hotel Residence TGM in Znaim\" class=\"rl-gallery-link\" data-rl_caption=\"Aufnahmeort anzeigen\" data-rel=\"lightbox-gallery-1\"><img loading=\"lazy\" decoding=\"async\" width=\"150\" height=\"150\" src=\"https:\/\/coeser.de\/blog\/wp-content\/uploads\/2017\/10\/znaim-znojmo-hotel-residence-tgm-gal01-christian-oeser-150x150.jpg\" class=\"attachment-thumbnail size-thumbnail\" alt=\"Doppelzimmer im Hotel Residence TGM in Znaim\" aria-describedby=\"gallery-1-5745\" \/><\/a>\n\t\t\t<\/div>\n\t\t\t\t<figcaption class='wp-caption-text gallery-caption' id='gallery-1-5745'>\n\t\t\t\tDoppelzimmer im Hotel Residence TGM in Znaim\n\t\t\t\t<\/figcaption><\/figure><figure class='gallery-item'>\n\t\t\t<div class='gallery-icon landscape'>\n\t\t\t\t<a href='https:\/\/coeser.de\/blog\/wp-content\/uploads\/2017\/10\/znaim-znojmo-hotel-residence-tgm-gal02-christian-oeser.jpg' title=\"Doppelzimmer im Hotel Residence TGM in Znaim\" data-rl_title=\"Doppelzimmer im Hotel Residence TGM in Znaim\" class=\"rl-gallery-link\" data-rl_caption=\"Aufnahmeort anzeigen\" data-rel=\"lightbox-gallery-1\"><img loading=\"lazy\" decoding=\"async\" width=\"150\" height=\"150\" src=\"https:\/\/coeser.de\/blog\/wp-content\/uploads\/2017\/10\/znaim-znojmo-hotel-residence-tgm-gal02-christian-oeser-150x150.jpg\" class=\"attachment-thumbnail size-thumbnail\" alt=\"Doppelzimmer im Hotel Residence TGM in Znaim\" aria-describedby=\"gallery-1-5746\" \/><\/a>\n\t\t\t<\/div>\n\t\t\t\t<figcaption class='wp-caption-text gallery-caption' id='gallery-1-5746'>\n\t\t\t\tDoppelzimmer im Hotel Residence TGM in Znaim\n\t\t\t\t<\/figcaption><\/figure><figure class='gallery-item'>\n\t\t\t<div class='gallery-icon portrait'>\n\t\t\t\t<a href='https:\/\/coeser.de\/blog\/wp-content\/uploads\/2017\/10\/znaim-znojmo-hotel-residence-tgm-gal03-christian-oeser.jpg' title=\"Dusche im Doppelzimmer im Hotel Residence TGM in Znaim\" data-rl_title=\"Dusche im Doppelzimmer im Hotel Residence TGM in Znaim\" class=\"rl-gallery-link\" data-rl_caption=\"Aufnahmeort anzeigen\" data-rel=\"lightbox-gallery-1\"><img loading=\"lazy\" decoding=\"async\" width=\"150\" height=\"150\" src=\"https:\/\/coeser.de\/blog\/wp-content\/uploads\/2017\/10\/znaim-znojmo-hotel-residence-tgm-gal03-christian-oeser-150x150.jpg\" class=\"attachment-thumbnail size-thumbnail\" alt=\"Dusche im Doppelzimmer im Hotel Residence TGM in Znaim\" aria-describedby=\"gallery-1-5747\" \/><\/a>\n\t\t\t<\/div>\n\t\t\t\t<figcaption class='wp-caption-text gallery-caption' id='gallery-1-5747'>\n\t\t\t\tDusche im Doppelzimmer im Hotel Residence TGM in Znaim\n\t\t\t\t<\/figcaption><\/figure><figure class='gallery-item'>\n\t\t\t<div class='gallery-icon portrait'>\n\t\t\t\t<a href='https:\/\/coeser.de\/blog\/wp-content\/uploads\/2017\/10\/znaim-znojmo-hotel-residence-tgm-gal04-christian-oeser.jpg' title=\"Badezimmer im Doppelzimmer im Hotel Residence TGM in Znaim\" data-rl_title=\"Badezimmer im Doppelzimmer im Hotel Residence TGM in Znaim\" class=\"rl-gallery-link\" data-rl_caption=\"Aufnahmeort anzeigen\" data-rel=\"lightbox-gallery-1\"><img loading=\"lazy\" decoding=\"async\" width=\"150\" height=\"150\" src=\"https:\/\/coeser.de\/blog\/wp-content\/uploads\/2017\/10\/znaim-znojmo-hotel-residence-tgm-gal04-christian-oeser-150x150.jpg\" class=\"attachment-thumbnail size-thumbnail\" alt=\"Badezimmer im Doppelzimmer im Hotel Residence TGM in Znaim\" aria-describedby=\"gallery-1-5748\" \/><\/a>\n\t\t\t<\/div>\n\t\t\t\t<figcaption class='wp-caption-text gallery-caption' id='gallery-1-5748'>\n\t\t\t\tBadezimmer im Doppelzimmer im Hotel Residence TGM in Znaim\n\t\t\t\t<\/figcaption><\/figure><figure class='gallery-item'>\n\t\t\t<div class='gallery-icon landscape'>\n\t\t\t\t<a href='https:\/\/coeser.de\/blog\/wp-content\/uploads\/2017\/10\/znaim-znojmo-hotel-residence-tgm-gal07-christian-oeser.jpg' title=\"Fr\u00fchst\u00fccksbuffet im Hotel Residence TGM in Znaim\" data-rl_title=\"Fr\u00fchst\u00fccksbuffet im Hotel Residence TGM in Znaim\" class=\"rl-gallery-link\" data-rl_caption=\"Aufnahmeort anzeigen\" data-rel=\"lightbox-gallery-1\"><img loading=\"lazy\" decoding=\"async\" width=\"150\" height=\"150\" src=\"https:\/\/coeser.de\/blog\/wp-content\/uploads\/2017\/10\/znaim-znojmo-hotel-residence-tgm-gal07-christian-oeser-150x150.jpg\" class=\"attachment-thumbnail size-thumbnail\" alt=\"Fr\u00fchst\u00fccksbuffet im Hotel Residence TGM in Znaim\" aria-describedby=\"gallery-1-5809\" \/><\/a>\n\t\t\t<\/div>\n\t\t\t\t<figcaption class='wp-caption-text gallery-caption' id='gallery-1-5809'>\n\t\t\t\tFr\u00fchst\u00fccksbuffet im Hotel Residence TGM in Znaim\n\t\t\t\t<\/figcaption><\/figure>\n\t\t<\/div>\n\n<hr \/>\n<p><strong>Hoteltipp 2: <a href=\"https:\/\/www.booking.com\/hotel\/cz\/dum-u-lazni.de.html?aid=1634405\" target=\"_blank\" rel=\"noopener\">Hotel D\u016fm u l\u00e1zn\u00ed<\/a><\/strong>* (<em>Kram\u00e1\u0159sk\u00e1 10<\/em>): stilvolles kleines Hotel mit Zimmern und Apartments mit Sauna, sehr gute sowie ruhige Lage nahe des Hauptplatzes. Ger\u00e4umige Zimmer mit rustikal gestalteter Inneneinrichtung mit Holz und Weinflaschen als Designelement, gro\u00dfes Bad mit Fu\u00dfbodenheizung, super Dusche, schnelles WLAN, bequeme Betten, Fr\u00fchst\u00fcck nicht gebucht. <em>Weiterempfehlung?<\/em> <strong>JA<\/strong><\/p>\n<div id='gallery-2' class='gallery galleryid-5727 gallery-columns-7 gallery-size-thumbnail'><figure class='gallery-item'>\n\t\t\t<div class='gallery-icon landscape'>\n\t\t\t\t<a href='https:\/\/coeser.de\/blog\/wp-content\/uploads\/2017\/11\/znaim-znojmo-hotel-dum-lazni-01-christian-oeser.jpg' title=\"Au\u00dfenansicht des Hotel D\u016fm u l\u00e1zn\u00ed in Znaim\" data-rl_title=\"Au\u00dfenansicht des Hotel D\u016fm u l\u00e1zn\u00ed in Znaim\" class=\"rl-gallery-link\" data-rl_caption=\"Aufnahmeort anzeigen\" data-rel=\"lightbox-gallery-2\"><img loading=\"lazy\" decoding=\"async\" width=\"150\" height=\"150\" src=\"https:\/\/coeser.de\/blog\/wp-content\/uploads\/2017\/11\/znaim-znojmo-hotel-dum-lazni-01-christian-oeser-150x150.jpg\" class=\"attachment-thumbnail size-thumbnail\" alt=\"Au\u00dfenansicht des Hotel D\u016fm u l\u00e1zn\u00ed in Znaim\" aria-describedby=\"gallery-2-21575\" \/><\/a>\n\t\t\t<\/div>\n\t\t\t\t<figcaption class='wp-caption-text gallery-caption' id='gallery-2-21575'>\n\t\t\t\tAu\u00dfenansicht des Hotel D\u016fm u l\u00e1zn\u00ed in Znaim\n\t\t\t\t<\/figcaption><\/figure><figure class='gallery-item'>\n\t\t\t<div class='gallery-icon landscape'>\n\t\t\t\t<a href='https:\/\/coeser.de\/blog\/wp-content\/uploads\/2017\/11\/znaim-znojmo-hotel-dum-lazni-02-christian-oeser.jpg' title=\"Doppelzimmer im Hotel D\u016fm u l\u00e1zn\u00ed in Znaim\" data-rl_title=\"Doppelzimmer im Hotel D\u016fm u l\u00e1zn\u00ed in Znaim\" class=\"rl-gallery-link\" data-rl_caption=\"Aufnahmeort anzeigen\" data-rel=\"lightbox-gallery-2\"><img loading=\"lazy\" decoding=\"async\" width=\"150\" height=\"150\" src=\"https:\/\/coeser.de\/blog\/wp-content\/uploads\/2017\/11\/znaim-znojmo-hotel-dum-lazni-02-christian-oeser-150x150.jpg\" class=\"attachment-thumbnail size-thumbnail\" alt=\"Doppelzimmer im Hotel D\u016fm u l\u00e1zn\u00ed in Znaim\" aria-describedby=\"gallery-2-21576\" \/><\/a>\n\t\t\t<\/div>\n\t\t\t\t<figcaption class='wp-caption-text gallery-caption' id='gallery-2-21576'>\n\t\t\t\tDoppelzimmer im Hotel D\u016fm u l\u00e1zn\u00ed in Znaim\n\t\t\t\t<\/figcaption><\/figure><figure class='gallery-item'>\n\t\t\t<div class='gallery-icon landscape'>\n\t\t\t\t<a href='https:\/\/coeser.de\/blog\/wp-content\/uploads\/2017\/11\/znaim-znojmo-hotel-dum-lazni-03-christian-oeser.jpg' title=\"Doppelzimmer im Hotel D\u016fm u l\u00e1zn\u00ed in Znaim\" data-rl_title=\"Doppelzimmer im Hotel D\u016fm u l\u00e1zn\u00ed in Znaim\" class=\"rl-gallery-link\" data-rl_caption=\"Aufnahmeort anzeigen\" data-rel=\"lightbox-gallery-2\"><img loading=\"lazy\" decoding=\"async\" width=\"150\" height=\"150\" src=\"https:\/\/coeser.de\/blog\/wp-content\/uploads\/2017\/11\/znaim-znojmo-hotel-dum-lazni-03-christian-oeser-150x150.jpg\" class=\"attachment-thumbnail size-thumbnail\" alt=\"Doppelzimmer im Hotel D\u016fm u l\u00e1zn\u00ed in Znaim\" aria-describedby=\"gallery-2-21577\" \/><\/a>\n\t\t\t<\/div>\n\t\t\t\t<figcaption class='wp-caption-text gallery-caption' id='gallery-2-21577'>\n\t\t\t\tDoppelzimmer im Hotel D\u016fm u l\u00e1zn\u00ed in Znaim\n\t\t\t\t<\/figcaption><\/figure><figure class='gallery-item'>\n\t\t\t<div class='gallery-icon landscape'>\n\t\t\t\t<a href='https:\/\/coeser.de\/blog\/wp-content\/uploads\/2017\/11\/znaim-znojmo-hotel-dum-lazni-04-christian-oeser.jpg' title=\"Bad im Doppelzimmer im Hotel D\u016fm u l\u00e1zn\u00ed in Znaim\" data-rl_title=\"Bad im Doppelzimmer im Hotel D\u016fm u l\u00e1zn\u00ed in Znaim\" class=\"rl-gallery-link\" data-rl_caption=\"Aufnahmeort anzeigen\" data-rel=\"lightbox-gallery-2\"><img loading=\"lazy\" decoding=\"async\" width=\"150\" height=\"150\" src=\"https:\/\/coeser.de\/blog\/wp-content\/uploads\/2017\/11\/znaim-znojmo-hotel-dum-lazni-04-christian-oeser-150x150.jpg\" class=\"attachment-thumbnail size-thumbnail\" alt=\"Bad im Doppelzimmer im Hotel D\u016fm u l\u00e1zn\u00ed in Znaim\" aria-describedby=\"gallery-2-21578\" \/><\/a>\n\t\t\t<\/div>\n\t\t\t\t<figcaption class='wp-caption-text gallery-caption' id='gallery-2-21578'>\n\t\t\t\tBad im Doppelzimmer im Hotel D\u016fm u l\u00e1zn\u00ed in Znaim\n\t\t\t\t<\/figcaption><\/figure><figure class='gallery-item'>\n\t\t\t<div class='gallery-icon landscape'>\n\t\t\t\t<a href='https:\/\/coeser.de\/blog\/wp-content\/uploads\/2017\/11\/znaim-znojmo-hotel-dum-lazni-05-christian-oeser.jpg' title=\"Bad im Logo des Hotel D\u016fm u l\u00e1zn\u00ed in Znaim\" data-rl_title=\"Bad im Logo des Hotel D\u016fm u l\u00e1zn\u00ed in Znaim\" class=\"rl-gallery-link\" data-rl_caption=\"Aufnahmeort anzeigen\" data-rel=\"lightbox-gallery-2\"><img loading=\"lazy\" decoding=\"async\" width=\"150\" height=\"150\" src=\"https:\/\/coeser.de\/blog\/wp-content\/uploads\/2017\/11\/znaim-znojmo-hotel-dum-lazni-05-christian-oeser-150x150.jpg\" class=\"attachment-thumbnail size-thumbnail\" alt=\"Bad im Logo des Hotel D\u016fm u l\u00e1zn\u00ed in Znaim\" aria-describedby=\"gallery-2-21579\" \/><\/a>\n\t\t\t<\/div>\n\t\t\t\t<figcaption class='wp-caption-text gallery-caption' id='gallery-2-21579'>\n\t\t\t\tBad im Logo des Hotel D\u016fm u l\u00e1zn\u00ed in Znaim\n\t\t\t\t<\/figcaption><\/figure>\n\t\t<\/div>\n\n<p><strong>Auf meiner bevorzugten Hotelsuchmaschine booking.com findest du weitere <a href=\"https:\/\/www.booking.com\/searchresults.de.html?city=-559571&amp;aid=1634405&amp;no_rooms=1&amp;group_adults=1\" target=\"_blank\" rel=\"noopener noreferrer\">sch\u00f6ne Unterk\u00fcnfte in Znaim<\/a>*.<\/strong><\/p>\n<\/div>\n<div class=\"extern\">\n<h3>TRANSPARENZHINWEIS<\/h3>\n<p>*Die mit Stern gekennzeichneten Verweise in diesem Blogartikel sind sogenannte Affiliate-Links. Wenn dir mein Blogartikel bei der Planung deiner Reise geholfen hat, freue ich mich, wenn du \u00fcber diese Links deine Unterkunft oder Freizeitaktivit\u00e4ten buchst. Ich erhalte dadurch eine kleine Provision und du unterst\u00fctzt den Erhalt dieses Blogs. F\u00fcr dich entstehen dabei selbstverst\u00e4ndlich keine Nachteile. Vielen Dank! \ud83d\ude42<\/p>\n<\/div>\n<p>&nbsp;<\/p>\n<h2><img loading=\"lazy\" decoding=\"async\" class=\"alignnone size-full wp-image-5741\" src=\"https:\/\/coeser.de\/blog\/wp-content\/uploads\/2017\/10\/znaim-znojmo-aufmacher1-christian-oeser.jpg\" alt=\"Hausfassaden auf dem Masarykplatz in Znaim\" width=\"970\" height=\"323\" srcset=\"https:\/\/coeser.de\/blog\/wp-content\/uploads\/2017\/10\/znaim-znojmo-aufmacher1-christian-oeser.jpg 970w, https:\/\/coeser.de\/blog\/wp-content\/uploads\/2017\/10\/znaim-znojmo-aufmacher1-christian-oeser-300x100.jpg 300w, https:\/\/coeser.de\/blog\/wp-content\/uploads\/2017\/10\/znaim-znojmo-aufmacher1-christian-oeser-768x256.jpg 768w\" sizes=\"auto, (max-width: 970px) 100vw, 970px\" \/><\/h2>\n<h2>Znaim \u2013 ideales Ziel f\u00fcr einen St\u00e4dtetrip<\/h2>\n<p>Die m\u00e4hrische Stadt Znaim ist nur wenige Minuten von der Grenze zu \u00d6sterreich entfernt und die Distanz von meiner Heimat Wien betr\u00e4gt ebenfalls nur \u00fcberschaubare 75 Kilometer. Wie so oft dauerte es aber sehr viele Jahre, bis ich diese N\u00e4he endlich auch einmal f\u00fcr einen Besuch nutzte. \u00c4hnlich erging es mir bereits mit den zu Wien sehr nahe liegenden St\u00e4dten <strong><a href=\"https:\/\/coeser.de\/blog\/index.php\/2017\/01\/17\/10-dinge-die-man-in-bratislava-sehen-muss\/\" target=\"_blank\" rel=\"noopener noreferrer\">Bratislava<\/a><\/strong>, <strong><a href=\"https:\/\/coeser.de\/blog\/index.php\/2016\/11\/29\/1-advent-ein-tag-im-stimmungsvollen-bruenn\/\" target=\"_blank\" rel=\"noopener noreferrer\">Br\u00fcnn<\/a> <\/strong>und <a href=\"https:\/\/coeser.de\/blog\/index.php\/2019\/01\/22\/breclav-morbide-stadt-mit-charme\/\" target=\"_blank\" rel=\"noopener\"><strong>B\u0159eclav<\/strong><\/a>. F\u00fcr zwei St\u00e4dtetrips mit \u00dcbernachtung w\u00e4hlte ich einmal das Auto und einmal den Zug als Mittel zur Anreise von Wien nach Znaim. Vom Bahnhof sind es nur ca. zehn Minuten Fu\u00dfweg zum zentralen Hauptplatz. Mit dem Zug sparst du dir das l\u00e4stige Suchen eines Parkplatzes und die Parkgeb\u00fchren, mit dem Auto bist du daf\u00fcr rund um Znaim flexibler.<\/p>\n<h3>Kleine, aber liebevolle Altstadt<\/h3>\n<p>Wenn du mit dem Auto nach der Grenze in Richtung Znaim f\u00e4hrst, wirkt die Stadt aus der Ferne richtig gro\u00df und m\u00e4chtig, obwohl hier nur rund 35.000 Einwohner leben. Der touristisch interessante Teil ist mit der Altstadt und einigen wenigen au\u00dferhalb befindlichen Orten aber \u00e4u\u00dferst \u00fcberschaubar. Prinzipiell ist es sicherlich m\u00f6glich, alles Interessante in einem Tagesausflug unterzubringen. Ich bevorzuge aber immer zumindest eine \u00dcbernachtung, um eine Stadt intensiver auf mich wirken zu lassen &#8211; abends beleuchtet sieht einfach alles ganz anders aus und du lernst den Charakter einer Stadt besser kennen.<\/p>\n<hr \/>\n<h2><img loading=\"lazy\" decoding=\"async\" class=\"alignnone size-full wp-image-5742\" src=\"https:\/\/coeser.de\/blog\/wp-content\/uploads\/2017\/10\/znaim-znojmo-aufmacher2-christian-oeser.jpg\" alt=\"Die St.-Nikolaus-Kirche in Znaim w\u00e4hrend eines Sonnenuntergangs\" width=\"970\" height=\"323\" srcset=\"https:\/\/coeser.de\/blog\/wp-content\/uploads\/2017\/10\/znaim-znojmo-aufmacher2-christian-oeser.jpg 970w, https:\/\/coeser.de\/blog\/wp-content\/uploads\/2017\/10\/znaim-znojmo-aufmacher2-christian-oeser-300x100.jpg 300w, https:\/\/coeser.de\/blog\/wp-content\/uploads\/2017\/10\/znaim-znojmo-aufmacher2-christian-oeser-768x256.jpg 768w\" sizes=\"auto, (max-width: 970px) 100vw, 970px\" \/><\/h2>\n<h2>ZNAIM: DIE 5 WICHTIGSTEN SEHENSW\u00dcRDIGKEITEN<\/h2>\n<h2>Die Burg von Znaim<\/h2>\n<p>Znaim ist eine sehr h\u00fcgelige Stadt und war somit pr\u00e4destiniert f\u00fcr den Bau einer Burg. Die <strong>Znaimer Burg (Znojemsk\u00fd hrad)<\/strong> entstand in der ersten H\u00e4lfte des 11. Jahrhunderts und war ein wichtiges Verteidigungs- und Verwaltungszentrum. Von hier konnten das Thayatal, das Granice-Tal sowie die Hangebene, wo heute die Stadt Znaim steht, ohne Sichtbehinderung kontrolliert werden. Nach der Gr\u00fcndung der Stadt Znaim durch Ottokar I. P\u0159emysl vor dem Jahr 1226 wurde die Burg zum Sitz der k\u00f6niglichen Burggrafen.<\/p>\n<h3>S\u00fcdm\u00e4hrisches Museum in der Burg<\/h3>\n<p>1710 bis 1721 baute man einen Teil der Burg in ein Barockschloss um, au\u00dferdem bekamen die Znaimer B\u00fcrger das Areal vor der Burg, wo die ehemalige Brauerei Hostan (Pivovar Hostan) errichtet wurde, die nach langem Stillstand seit 2015 als <strong>Znaimer Stadtbrauerei (Znojemsk\u00fd m\u011bstsk\u00fd pivovar)<\/strong> wieder in Betrieb ist &#8211; mehr dazu aber weiter unten in der blauen Factbox zum Thema Essen und Trinken in Znaim. In der Znaimer Burg ist heute jedenfalls das S\u00fcdm\u00e4hrische Museum untergebracht, deren Ausstellung ich mir allerdings nicht ansah. Wenn du interessiert bist, findest du die \u00d6ffnungszeiten und Preise auf der Webseite <a href=\"https:\/\/www.muzeumznojmo.cz\/de\/Znaimer-Burg\" target=\"_blank\" rel=\"noopener\"><strong>muzeumznojmo.cz<\/strong><\/a>. Spektakul\u00e4r ist der Ausblick, der sich dir neben der Burg auf das Tal von Znaim bietet!<\/p>\n<figure id=\"attachment_21580\" class=\"thumbnail wp-caption alignnone\" style=\"width: 970px\"><img loading=\"lazy\" decoding=\"async\" class=\"wp-image-21580 size-full\" src=\"https:\/\/coeser.de\/blog\/wp-content\/uploads\/2017\/11\/znaim-znojmo-burg-01-christian-oeser.jpg\" alt=\"S\u00fcdm\u00e4hrisches Museum in der Znaimer Burg\" width=\"960\" height=\"640\" srcset=\"https:\/\/coeser.de\/blog\/wp-content\/uploads\/2017\/11\/znaim-znojmo-burg-01-christian-oeser.jpg 960w, https:\/\/coeser.de\/blog\/wp-content\/uploads\/2017\/11\/znaim-znojmo-burg-01-christian-oeser-768x512.jpg 768w, https:\/\/coeser.de\/blog\/wp-content\/uploads\/2017\/11\/znaim-znojmo-burg-01-christian-oeser-330x220.jpg 330w\" sizes=\"auto, (max-width: 960px) 100vw, 960px\" \/><figcaption class=\"caption wp-caption-text\">Die Znaimer Burg beherbergt heute das S\u00fcdm\u00e4hrische Museum<br \/><a href=\"https:\/\/www.google.de\/maps\/place\/48.855282501788814,16.042775686635824\" target=\"_blank\" rel=\"noopener\"><strong>Aufnahmeort anzeigen<\/strong><\/a><\/figcaption><\/figure>\n<figure id=\"attachment_21581\" class=\"thumbnail wp-caption alignnone\" style=\"width: 970px\"><img loading=\"lazy\" decoding=\"async\" class=\"wp-image-21581 size-full\" src=\"https:\/\/coeser.de\/blog\/wp-content\/uploads\/2017\/11\/znaim-znojmo-burg-02-christian-oeser.jpg\" alt=\"Ausblick von der Znaimer Burg\" width=\"960\" height=\"640\" srcset=\"https:\/\/coeser.de\/blog\/wp-content\/uploads\/2017\/11\/znaim-znojmo-burg-02-christian-oeser.jpg 960w, https:\/\/coeser.de\/blog\/wp-content\/uploads\/2017\/11\/znaim-znojmo-burg-02-christian-oeser-768x512.jpg 768w, https:\/\/coeser.de\/blog\/wp-content\/uploads\/2017\/11\/znaim-znojmo-burg-02-christian-oeser-330x220.jpg 330w\" sizes=\"auto, (max-width: 960px) 100vw, 960px\" \/><figcaption class=\"caption wp-caption-text\">Von der Burgmauer aus er\u00f6ffnet sich ein gewaltiger Ausblick<br \/><a href=\"https:\/\/www.google.de\/maps\/place\/48.855282501788814,16.042775686635824\" target=\"_blank\" rel=\"noopener\"><strong>Aufnahmeort anzeigen<\/strong><\/a><\/figcaption><\/figure>\n<hr \/>\n<h2>Rotunde St. Katharina<\/h2>\n<p>Das wichtigste und zugleich \u00e4lteste Bauwerk Znaims ist die ebenfalls auf dem Burgareal befindliche <strong>Rotunde St. Katharina (Rotunda sv. Kate\u0159iny)<\/strong>. Von au\u00dfen wirkt sie nicht unbedingt auffallend, das Innere schm\u00fccken allerdings einzigartige romanische Fresken aus dem Jahr 1134, die b\u00f6hmische und m\u00e4hrische Herrscher sowie Szenen aus der Geschichte des Landes darstellen. Soweit die Theorie, denn ansehen konnte ich mir diese Kunstwerke w\u00e4hrend meiner beiden Besuche leider nicht. Da die Fresken \u00e4u\u00dferst sensibel auf die klimatischen Bedingungen reagieren, ist die Rotunde nur bei Sch\u00f6nwetter von April bis Anfang Oktober f\u00fcr Besucher ge\u00f6ffnet.<\/p>\n<h3>Rotunde geschlossen? Aussicht ge\u00f6ffnet!<\/h3>\n<p>Wenn du zu dieser Zeit in Znaim bist, informierst du dich am besten auf der Webseite <a href=\"https:\/\/www.muzeumznojmo.cz\/de\/Stranka\/Ampel\" target=\"_blank\" rel=\"noopener\"><strong>muzeumznojmo.cz<\/strong><\/a> mittels Ampelsystem \u00fcber den aktuellen Status, ob die Rotunde ge\u00f6ffnet ist. Falls dem so ist, d\u00fcrfen im Abstand von 30 Minuten immer nur maximal zehn Personen gleichzeitig in das Innere gehen \u2013 Wartezeiten sind also vorprogrammiert. Die gute Nachricht: auch wenn die Rotunde geschlossen ist, wird dir mit der fantastischen Aussicht ringsherum viel geboten. Hol dir am besten vom Terrassenlokal <strong>TeraZa u Rotundy<\/strong> ein Bier oder ein anderes Getr\u00e4nk und genie\u00dfe die Atmosph\u00e4re vor Ort. Vor allem in der D\u00e4mmerung ist es hier wirklich magisch!<\/p>\n<figure id=\"attachment_5755\" class=\"thumbnail wp-caption alignnone\" style=\"width: 970px\"><img loading=\"lazy\" decoding=\"async\" class=\"wp-image-5755 size-full\" src=\"https:\/\/coeser.de\/blog\/wp-content\/uploads\/2017\/10\/znaim-znojmo-burg-rotunde-gal04-christian-oeser.jpg\" alt=\"Die Rotunde St. Katharina im Abendlicht\" width=\"960\" height=\"640\" srcset=\"https:\/\/coeser.de\/blog\/wp-content\/uploads\/2017\/10\/znaim-znojmo-burg-rotunde-gal04-christian-oeser.jpg 960w, https:\/\/coeser.de\/blog\/wp-content\/uploads\/2017\/10\/znaim-znojmo-burg-rotunde-gal04-christian-oeser-300x200.jpg 300w, https:\/\/coeser.de\/blog\/wp-content\/uploads\/2017\/10\/znaim-znojmo-burg-rotunde-gal04-christian-oeser-768x512.jpg 768w, https:\/\/coeser.de\/blog\/wp-content\/uploads\/2017\/10\/znaim-znojmo-burg-rotunde-gal04-christian-oeser-330x220.jpg 330w\" sizes=\"auto, (max-width: 960px) 100vw, 960px\" \/><figcaption class=\"caption wp-caption-text\">Die Rotunde St. Katharina im Abendlicht<br \/><a href=\"https:\/\/www.google.de\/maps\/place\/48.855213,16.043344\" target=\"_blank\" rel=\"noopener\"><strong>Aufnahmeort anzeigen<\/strong><\/a><\/figcaption><\/figure>\n<figure id=\"attachment_21582\" class=\"thumbnail wp-caption alignnone\" style=\"width: 970px\"><img loading=\"lazy\" decoding=\"async\" class=\"wp-image-21582 size-full\" src=\"https:\/\/coeser.de\/blog\/wp-content\/uploads\/2017\/11\/znaim-znojmo-ausblick-thayatal-01-christian-oeser.jpg\" alt=\"Ausblick ins Thayatal von Znaim und die Eisenbahnbr\u00fccke\" width=\"960\" height=\"640\" srcset=\"https:\/\/coeser.de\/blog\/wp-content\/uploads\/2017\/11\/znaim-znojmo-ausblick-thayatal-01-christian-oeser.jpg 960w, https:\/\/coeser.de\/blog\/wp-content\/uploads\/2017\/11\/znaim-znojmo-ausblick-thayatal-01-christian-oeser-768x512.jpg 768w, https:\/\/coeser.de\/blog\/wp-content\/uploads\/2017\/11\/znaim-znojmo-ausblick-thayatal-01-christian-oeser-330x220.jpg 330w\" sizes=\"auto, (max-width: 960px) 100vw, 960px\" \/><figcaption class=\"caption wp-caption-text\">Der fabelhafte Ausblick ins Thayatal und die Eisenbahnbr\u00fccke, seit 1988 als Technisches Denkmal gesch\u00fctzt.<br \/><a href=\"https:\/\/www.google.de\/maps\/place\/48.85502631956306,16.043528761718736\" target=\"_blank\" rel=\"noopener\"><strong>Aufnahmeort anzeigen<\/strong><\/a><\/figcaption><\/figure>\n<figure id=\"attachment_5757\" class=\"thumbnail wp-caption alignnone\" style=\"width: 970px\"><img loading=\"lazy\" decoding=\"async\" class=\"wp-image-5757 size-full\" src=\"https:\/\/coeser.de\/blog\/wp-content\/uploads\/2017\/10\/znaim-znojmo-burg-rotunde-gal06-christian-oeser.jpg\" alt=\"Blick vom Burgareal auf die beleuchtete Altstadt von Znaim mit der St.-Nikolaus-Kirche und dem Rathausturm\" width=\"960\" height=\"640\" srcset=\"https:\/\/coeser.de\/blog\/wp-content\/uploads\/2017\/10\/znaim-znojmo-burg-rotunde-gal06-christian-oeser.jpg 960w, https:\/\/coeser.de\/blog\/wp-content\/uploads\/2017\/10\/znaim-znojmo-burg-rotunde-gal06-christian-oeser-300x200.jpg 300w, https:\/\/coeser.de\/blog\/wp-content\/uploads\/2017\/10\/znaim-znojmo-burg-rotunde-gal06-christian-oeser-768x512.jpg 768w, https:\/\/coeser.de\/blog\/wp-content\/uploads\/2017\/10\/znaim-znojmo-burg-rotunde-gal06-christian-oeser-330x220.jpg 330w\" sizes=\"auto, (max-width: 960px) 100vw, 960px\" \/><figcaption class=\"caption wp-caption-text\">Blick vom Burgareal auf die beleuchtete Altstadt von Znaim mit der St.-Nikolaus-Kirche und dem Rathausturm<br \/><a href=\"https:\/\/www.google.de\/maps\/place\/48.855055,16.043721\" target=\"_blank\" rel=\"noopener\"><strong>Aufnahmeort anzeigen<\/strong><\/a><\/figcaption><\/figure>\n<figure id=\"attachment_5756\" class=\"thumbnail wp-caption alignnone\" style=\"width: 970px\"><img loading=\"lazy\" decoding=\"async\" class=\"wp-image-5756 size-full\" src=\"https:\/\/coeser.de\/blog\/wp-content\/uploads\/2017\/10\/znaim-znojmo-burg-rotunde-gal05-christian-oeser.jpg\" alt=\"Spektakul\u00e4rer Sonnenuntergang \u00fcber dem Thayatal und dem Stausee in Znaim\" width=\"960\" height=\"640\" srcset=\"https:\/\/coeser.de\/blog\/wp-content\/uploads\/2017\/10\/znaim-znojmo-burg-rotunde-gal05-christian-oeser.jpg 960w, https:\/\/coeser.de\/blog\/wp-content\/uploads\/2017\/10\/znaim-znojmo-burg-rotunde-gal05-christian-oeser-300x200.jpg 300w, https:\/\/coeser.de\/blog\/wp-content\/uploads\/2017\/10\/znaim-znojmo-burg-rotunde-gal05-christian-oeser-768x512.jpg 768w, https:\/\/coeser.de\/blog\/wp-content\/uploads\/2017\/10\/znaim-znojmo-burg-rotunde-gal05-christian-oeser-330x220.jpg 330w\" sizes=\"auto, (max-width: 960px) 100vw, 960px\" \/><figcaption class=\"caption wp-caption-text\">Spektakul\u00e4rer Sonnenuntergang \u00fcber dem Thayatal und dem Stausee in Znaim<br \/><a href=\"https:\/\/www.google.de\/maps\/place\/48.855082,16.043129\" target=\"_blank\" rel=\"noopener\"><strong>Aufnahmeort anzeigen<\/strong><\/a><\/figcaption><\/figure>\n<hr \/>\n<h2>St.-Nikolaus-Kirche in Znaim<\/h2>\n<p>Die <strong>St.-Nikolaus-Kirche (Kostel sv. Mikul\u00e1\u0161e)<\/strong> ist gemeinsam mit dem Rathausturm (siehe n\u00e4chster Punkt) ein Wahrzeichen von Znaim. Sie wurde 1338 im gotischen Stil erbaut und beeindruckt im Inneren unter anderem mit einem Predigtstuhl in Form einer Erdkugel und weiteren barocken Elementen. Gefallen hat mir auch die neugotische Orgel im Chor. Eine Besonderheit ist der Kirchturm: er entstand erst Mitte des 19. Jahrhunderts und wurde un\u00fcblicherweise an der \u00f6stlichen Seite angebaut.<\/p>\n<h3>Die Wenzelskapelle<\/h3>\n<p>Gleich neben der Kirche steht die <strong>Wenzelskapelle (Kaple sv. V\u00e1clava)<\/strong> aus dem Jahr 1523, die f\u00fcr Messen bei Bestattungen genutzt wurde. Heute wird die Kapelle f\u00fcr Konzerte und Ausstellungen verwendet. Neben dem Eingang solltest du unbedingt auch rechts in den \u00fcberdachten Rundgang schauen, denn von dort siehst du herrlich auf die Burg, die Eisenbahnbr\u00fccke und das Thayatal.<\/p>\n<figure id=\"attachment_21583\" class=\"thumbnail wp-caption alignnone\" style=\"width: 970px\"><img loading=\"lazy\" decoding=\"async\" class=\"wp-image-21583 size-full\" src=\"https:\/\/coeser.de\/blog\/wp-content\/uploads\/2017\/11\/znaim-znojmo-st-nikolaus-kirche-gal11-christian-oeser.jpg\" alt=\"Die St.-Nikolaus-Kirche in Znaim\" width=\"960\" height=\"640\" srcset=\"https:\/\/coeser.de\/blog\/wp-content\/uploads\/2017\/11\/znaim-znojmo-st-nikolaus-kirche-gal11-christian-oeser.jpg 960w, https:\/\/coeser.de\/blog\/wp-content\/uploads\/2017\/11\/znaim-znojmo-st-nikolaus-kirche-gal11-christian-oeser-768x512.jpg 768w, https:\/\/coeser.de\/blog\/wp-content\/uploads\/2017\/11\/znaim-znojmo-st-nikolaus-kirche-gal11-christian-oeser-330x220.jpg 330w\" sizes=\"auto, (max-width: 960px) 100vw, 960px\" \/><figcaption class=\"caption wp-caption-text\">Die St.-Nikolaus-Kirche von der Stra\u00dfe Velk\u00e1 Mikul\u00e1\u0161sk\u00e1 aus gesehen<br \/><a href=\"https:\/\/www.google.de\/maps\/place\/48.85448172530419,16.048528839729794\" target=\"_blank\" rel=\"noopener\"><strong>Aufnahmeort anzeigen<\/strong><\/a><\/figcaption><\/figure>\n<figure id=\"attachment_21584\" class=\"thumbnail wp-caption alignnone\" style=\"width: 970px\"><img loading=\"lazy\" decoding=\"async\" class=\"wp-image-21584 size-full\" src=\"https:\/\/coeser.de\/blog\/wp-content\/uploads\/2017\/11\/znaim-znojmo-st-nikolaus-kirche-gal12-christian-oeser.jpg\" alt=\"Innenansicht der St.-Nikolaus-Kirche in Znaim\" width=\"960\" height=\"391\" srcset=\"https:\/\/coeser.de\/blog\/wp-content\/uploads\/2017\/11\/znaim-znojmo-st-nikolaus-kirche-gal12-christian-oeser.jpg 960w, https:\/\/coeser.de\/blog\/wp-content\/uploads\/2017\/11\/znaim-znojmo-st-nikolaus-kirche-gal12-christian-oeser-768x313.jpg 768w\" sizes=\"auto, (max-width: 960px) 100vw, 960px\" \/><figcaption class=\"caption wp-caption-text\">Die Innenansicht der St.-Nikolaus-Kirche in Znaim ist umwerfend<br \/><a href=\"https:\/\/www.google.de\/maps\/place\/48.85471727997538,16.045866857198977\" target=\"_blank\" rel=\"noopener\"><strong>Aufnahmeort anzeigen<\/strong><\/a><\/figcaption><\/figure>\n<figure id=\"attachment_21585\" class=\"thumbnail wp-caption alignnone\" style=\"width: 970px\"><img loading=\"lazy\" decoding=\"async\" class=\"wp-image-21585 size-full\" src=\"https:\/\/coeser.de\/blog\/wp-content\/uploads\/2017\/11\/znaim-znojmo-wenzelskapelle-01-christian-oeser.jpg\" alt=\"Wenzelskapelle neben der St-Nikolaus-Kirche in Znaim\" width=\"960\" height=\"640\" srcset=\"https:\/\/coeser.de\/blog\/wp-content\/uploads\/2017\/11\/znaim-znojmo-wenzelskapelle-01-christian-oeser.jpg 960w, https:\/\/coeser.de\/blog\/wp-content\/uploads\/2017\/11\/znaim-znojmo-wenzelskapelle-01-christian-oeser-768x512.jpg 768w, https:\/\/coeser.de\/blog\/wp-content\/uploads\/2017\/11\/znaim-znojmo-wenzelskapelle-01-christian-oeser-330x220.jpg 330w\" sizes=\"auto, (max-width: 960px) 100vw, 960px\" \/><figcaption class=\"caption wp-caption-text\">Die Wenzelskapelle neben der St-Nikolaus-Kirche wird heute f\u00fcr Konzerte und Ausstellungen verwendet<br \/><a href=\"https:\/\/www.google.de\/maps\/place\/48.85457760826509,16.04535383917964\" target=\"_blank\" rel=\"noopener\"><strong>Aufnahmeort anzeigen<\/strong><\/a><\/figcaption><\/figure>\n<figure id=\"attachment_21586\" class=\"thumbnail wp-caption alignnone\" style=\"width: 970px\"><img loading=\"lazy\" decoding=\"async\" class=\"wp-image-21586 size-full\" src=\"https:\/\/coeser.de\/blog\/wp-content\/uploads\/2017\/11\/znaim-znojmo-wenzelskapelle-aussicht-01-christian-oeser.jpg\" alt=\"Blick vom Rundgang der Wenzelskapelle auf das Thayatal in Znaim\" width=\"960\" height=\"640\" srcset=\"https:\/\/coeser.de\/blog\/wp-content\/uploads\/2017\/11\/znaim-znojmo-wenzelskapelle-aussicht-01-christian-oeser.jpg 960w, https:\/\/coeser.de\/blog\/wp-content\/uploads\/2017\/11\/znaim-znojmo-wenzelskapelle-aussicht-01-christian-oeser-768x512.jpg 768w, https:\/\/coeser.de\/blog\/wp-content\/uploads\/2017\/11\/znaim-znojmo-wenzelskapelle-aussicht-01-christian-oeser-330x220.jpg 330w\" sizes=\"auto, (max-width: 960px) 100vw, 960px\" \/><figcaption class=\"caption wp-caption-text\">Blick vom \u00fcberdachten Rundgang der Wenzelskapelle auf das Thayatal<br \/><a href=\"https:\/\/www.google.de\/maps\/place\/48.85447686888712,16.045275122157054\" target=\"_blank\" rel=\"noopener\"><strong>Aufnahmeort anzeigen<\/strong><\/a><\/figcaption><\/figure>\n<figure id=\"attachment_21587\" class=\"thumbnail wp-caption alignnone\" style=\"width: 970px\"><img loading=\"lazy\" decoding=\"async\" class=\"wp-image-21587 size-full\" src=\"https:\/\/coeser.de\/blog\/wp-content\/uploads\/2017\/11\/znaim-znojmo-wenzelskapelle-aussicht-02-christian-oeser.jpg\" alt=\"Blick vom Rundgang der Wenzelskapelle auf das Burgareal und das Thayatal in Znaim\" width=\"960\" height=\"640\" srcset=\"https:\/\/coeser.de\/blog\/wp-content\/uploads\/2017\/11\/znaim-znojmo-wenzelskapelle-aussicht-02-christian-oeser.jpg 960w, https:\/\/coeser.de\/blog\/wp-content\/uploads\/2017\/11\/znaim-znojmo-wenzelskapelle-aussicht-02-christian-oeser-768x512.jpg 768w, https:\/\/coeser.de\/blog\/wp-content\/uploads\/2017\/11\/znaim-znojmo-wenzelskapelle-aussicht-02-christian-oeser-330x220.jpg 330w\" sizes=\"auto, (max-width: 960px) 100vw, 960px\" \/><figcaption class=\"caption wp-caption-text\">Blick vom Rundgang der Wenzelskapelle auf das Burgareal und das Thayatal in Znaim<br \/><a href=\"https:\/\/www.google.de\/maps\/place\/48.85447686888712,16.045275122157054\" target=\"_blank\" rel=\"noopener\"><strong>Aufnahmeort anzeigen<\/strong><\/a><\/figcaption><\/figure>\n<div class=\"fotospots\">\n<h3>Weitere Fotos der St.-Nikolaus-Kirche<\/h3>\n<div id='gallery-3' class='gallery galleryid-5727 gallery-columns-7 gallery-size-thumbnail'><figure class='gallery-item'>\n\t\t\t<div class='gallery-icon landscape'>\n\t\t\t\t<a href='https:\/\/coeser.de\/blog\/wp-content\/uploads\/2017\/10\/znaim-znojmo-st-nikolaus-kirche-gal01-christian-oeser.jpg' title=\"Blick vom Kuhberg auf die St.-Nikolaus-Kirche\" data-rl_title=\"Blick vom Kuhberg auf die St.-Nikolaus-Kirche\" class=\"rl-gallery-link\" data-rl_caption=\"Aufnahmeort anzeigen\" data-rel=\"lightbox-gallery-3\"><img loading=\"lazy\" decoding=\"async\" width=\"150\" height=\"150\" src=\"https:\/\/coeser.de\/blog\/wp-content\/uploads\/2017\/10\/znaim-znojmo-st-nikolaus-kirche-gal01-christian-oeser-150x150.jpg\" class=\"attachment-thumbnail size-thumbnail\" alt=\"Blick vom Kuhberg auf die St.-Nikolaus-Kirche\" aria-describedby=\"gallery-3-5760\" \/><\/a>\n\t\t\t<\/div>\n\t\t\t\t<figcaption class='wp-caption-text gallery-caption' id='gallery-3-5760'>\n\t\t\t\tBlick vom Kuhberg auf die St.-Nikolaus-Kirche\n\t\t\t\t<\/figcaption><\/figure><figure class='gallery-item'>\n\t\t\t<div class='gallery-icon landscape'>\n\t\t\t\t<a href='https:\/\/coeser.de\/blog\/wp-content\/uploads\/2017\/10\/znaim-znojmo-st-nikolaus-kirche-gal04-christian-oeser.jpg' title=\"Blick vom Rathausturm auf die St.-Nikolaus-Kirche\" data-rl_title=\"Blick vom Rathausturm auf die St.-Nikolaus-Kirche\" class=\"rl-gallery-link\" data-rl_caption=\"Aufnahmeort anzeigen\" data-rel=\"lightbox-gallery-3\"><img loading=\"lazy\" decoding=\"async\" width=\"150\" height=\"150\" src=\"https:\/\/coeser.de\/blog\/wp-content\/uploads\/2017\/10\/znaim-znojmo-st-nikolaus-kirche-gal04-christian-oeser-150x150.jpg\" class=\"attachment-thumbnail size-thumbnail\" alt=\"Blick vom Rathausturm auf die St.-Nikolaus-Kirche\" aria-describedby=\"gallery-3-5763\" \/><\/a>\n\t\t\t<\/div>\n\t\t\t\t<figcaption class='wp-caption-text gallery-caption' id='gallery-3-5763'>\n\t\t\t\tBlick vom Rathausturm auf die St.-Nikolaus-Kirche\n\t\t\t\t<\/figcaption><\/figure><figure class='gallery-item'>\n\t\t\t<div class='gallery-icon portrait'>\n\t\t\t\t<a href='https:\/\/coeser.de\/blog\/wp-content\/uploads\/2017\/10\/znaim-znojmo-st-nikolaus-kirche-gal05-christian-oeser.jpg' title=\"Der Predigtstuhl in Form einer Erdkugel in der St.-Nikolaus-Kirche in Znaim\" data-rl_title=\"Der Predigtstuhl in Form einer Erdkugel in der St.-Nikolaus-Kirche in Znaim\" class=\"rl-gallery-link\" data-rl_caption=\"Aufnahmeort anzeigen\" data-rel=\"lightbox-gallery-3\"><img loading=\"lazy\" decoding=\"async\" width=\"150\" height=\"150\" src=\"https:\/\/coeser.de\/blog\/wp-content\/uploads\/2017\/10\/znaim-znojmo-st-nikolaus-kirche-gal05-christian-oeser-150x150.jpg\" class=\"attachment-thumbnail size-thumbnail\" alt=\"Der Predigtstuhl in Form einer Erdkugel in der St.-Nikolaus-Kirche in Znaim\" aria-describedby=\"gallery-3-5764\" \/><\/a>\n\t\t\t<\/div>\n\t\t\t\t<figcaption class='wp-caption-text gallery-caption' id='gallery-3-5764'>\n\t\t\t\tDer Predigtstuhl in Form einer Erdkugel in der St.-Nikolaus-Kirche in Znaim\n\t\t\t\t<\/figcaption><\/figure><figure class='gallery-item'>\n\t\t\t<div class='gallery-icon landscape'>\n\t\t\t\t<a href='https:\/\/coeser.de\/blog\/wp-content\/uploads\/2017\/10\/znaim-znojmo-st-nikolaus-kirche-gal06-christian-oeser.jpg' title=\"Die neugotische Orgel in der St.-Nikolaus-Kirche in Znaim\" data-rl_title=\"Die neugotische Orgel in der St.-Nikolaus-Kirche in Znaim\" class=\"rl-gallery-link\" data-rl_caption=\"Aufnahmeort anzeigen\" data-rel=\"lightbox-gallery-3\"><img loading=\"lazy\" decoding=\"async\" width=\"150\" height=\"150\" src=\"https:\/\/coeser.de\/blog\/wp-content\/uploads\/2017\/10\/znaim-znojmo-st-nikolaus-kirche-gal06-christian-oeser-150x150.jpg\" class=\"attachment-thumbnail size-thumbnail\" alt=\"Die neugotische Orgel in der St.-Nikolaus-Kirche in Znaim\" aria-describedby=\"gallery-3-5765\" \/><\/a>\n\t\t\t<\/div>\n\t\t\t\t<figcaption class='wp-caption-text gallery-caption' id='gallery-3-5765'>\n\t\t\t\tDie neugotische Orgel in der St.-Nikolaus-Kirche in Znaim\n\t\t\t\t<\/figcaption><\/figure><figure class='gallery-item'>\n\t\t\t<div class='gallery-icon landscape'>\n\t\t\t\t<a href='https:\/\/coeser.de\/blog\/wp-content\/uploads\/2017\/10\/znaim-znojmo-st-nikolaus-kirche-gal08-christian-oeser.jpg' title=\"Reliquie des M\u00e4rtyrers Hl. Bonifatius in der St.-Nikolaus-Kirche in Znaim\" data-rl_title=\"Reliquie des M\u00e4rtyrers Hl. Bonifatius in der St.-Nikolaus-Kirche in Znaim\" class=\"rl-gallery-link\" data-rl_caption=\"Aufnahmeort anzeigen\" data-rel=\"lightbox-gallery-3\"><img loading=\"lazy\" decoding=\"async\" width=\"150\" height=\"150\" src=\"https:\/\/coeser.de\/blog\/wp-content\/uploads\/2017\/10\/znaim-znojmo-st-nikolaus-kirche-gal08-christian-oeser-150x150.jpg\" class=\"attachment-thumbnail size-thumbnail\" alt=\"Reliquie des M\u00e4rtyrers Hl. Bonifatius in der St.-Nikolaus-Kirche in Znaim\" aria-describedby=\"gallery-3-5767\" \/><\/a>\n\t\t\t<\/div>\n\t\t\t\t<figcaption class='wp-caption-text gallery-caption' id='gallery-3-5767'>\n\t\t\t\tReliquie des M\u00e4rtyrers Hl. Bonifatius in der St.-Nikolaus-Kirche in Znaim\n\t\t\t\t<\/figcaption><\/figure><figure class='gallery-item'>\n\t\t\t<div class='gallery-icon landscape'>\n\t\t\t\t<a href='https:\/\/coeser.de\/blog\/wp-content\/uploads\/2017\/10\/znaim-znojmo-st-nikolaus-kirche-gal09-christian-oeser.jpg' title=\"Innenausstattung der St.-Nikolaus-Kirche in Znaim\" data-rl_title=\"Innenausstattung der St.-Nikolaus-Kirche in Znaim\" class=\"rl-gallery-link\" data-rl_caption=\"Aufnahmeort anzeigen\" data-rel=\"lightbox-gallery-3\"><img loading=\"lazy\" decoding=\"async\" width=\"150\" height=\"150\" src=\"https:\/\/coeser.de\/blog\/wp-content\/uploads\/2017\/10\/znaim-znojmo-st-nikolaus-kirche-gal09-christian-oeser-150x150.jpg\" class=\"attachment-thumbnail size-thumbnail\" alt=\"Innenausstattung der St.-Nikolaus-Kirche in Znaim\" aria-describedby=\"gallery-3-5768\" \/><\/a>\n\t\t\t<\/div>\n\t\t\t\t<figcaption class='wp-caption-text gallery-caption' id='gallery-3-5768'>\n\t\t\t\tInnenausstattung der St.-Nikolaus-Kirche in Znaim\n\t\t\t\t<\/figcaption><\/figure><figure class='gallery-item'>\n\t\t\t<div class='gallery-icon landscape'>\n\t\t\t\t<a href='https:\/\/coeser.de\/blog\/wp-content\/uploads\/2017\/10\/znaim-znojmo-st-nikolaus-kirche-gal02-christian-oeser.jpg' title=\"Sonnenuntergang in Znaim mit der St.-Nikolaus-Kirche und dem Thayatal\" data-rl_title=\"Sonnenuntergang in Znaim mit der St.-Nikolaus-Kirche und dem Thayatal\" class=\"rl-gallery-link\" data-rl_caption=\"Aufnahmeort anzeigen\" data-rel=\"lightbox-gallery-3\"><img loading=\"lazy\" decoding=\"async\" width=\"150\" height=\"150\" src=\"https:\/\/coeser.de\/blog\/wp-content\/uploads\/2017\/10\/znaim-znojmo-st-nikolaus-kirche-gal02-christian-oeser-150x150.jpg\" class=\"attachment-thumbnail size-thumbnail\" alt=\"Sonnenuntergang in Znaim mit der St.-Nikolaus-Kirche und dem Thayatal\" aria-describedby=\"gallery-3-5761\" \/><\/a>\n\t\t\t<\/div>\n\t\t\t\t<figcaption class='wp-caption-text gallery-caption' id='gallery-3-5761'>\n\t\t\t\tSonnenuntergang in Znaim mit der St.-Nikolaus-Kirche und dem Thayatal\n\t\t\t\t<\/figcaption><\/figure>\n\t\t<\/div>\n\n<\/div>\n<p>&nbsp;<\/p>\n<hr \/>\n<h2>Der Rathausturm von Znaim<\/h2>\n<p>Der <strong>Znaimer Rathausturm (Radni\u010dn\u00ed v\u011b\u017e)<\/strong> ist ein \u00e4u\u00dferst markantes Wahrzeichen der Stadt und von vielen Pl\u00e4tzen aus sichtbar. Nachdem das urspr\u00fcngliche Rathaus 1444 durch einen Brand zerst\u00f6rt wurde, lagerte man beim Wiederaufbau den Rathausturm gleich als eigenst\u00e4ndiges neues Objekt aus. Der Bau des 80 Meter hohen, sp\u00e4tgotischen Turms dauerte von 1445 bis 1448. In luftiger H\u00f6he wohnte der W\u00e4chter, um Tag und Nacht die Umgebung zu beobachten und bei Gefahr Alarm zu schlagen. Um sicherzustellen, dass er seiner Aufgabe auch nachging, musste der W\u00e4chter jede Stunde die Uhrzeit melden. In sp\u00e4teren Jahren beschr\u00e4nkte sich die Wache auf Brandmeldungen und 1924 war es dann \u00fcberhaupt vorbei mit dem Wachdienst auf dem Rathausturm.<\/p>\n<h3>Gewaltige Aussicht vom Turm<\/h3>\n<p>Heute ist es das ganze Jahr \u00fcber m\u00f6glich, den Turm zu besteigen und eine tolle Aussicht zu genie\u00dfen. Die genauen \u00d6ffnungszeiten sind je nach Jahreszeit leicht ver\u00e4ndert, du findest sie auf der Webseite <strong><a href=\"https:\/\/www.znojemskabeseda.cz\/de\/tourismus\/rathausturm\/ffnungszeiten-und-preisliste\" target=\"_blank\" rel=\"noopener noreferrer\">znojemskabeseda.cz<\/a><\/strong>. Der Eintritt ist erfreulich g\u00fcnstig, der Aufstieg durchaus abenteuerlich: zuerst gehst du \u00fcber enge Wendeltreppen aus Metall, das letzte St\u00fcck dann \u00fcber ein Gewirr aus Holzbalken sowie Leitern. Auf ca. 70 Metern H\u00f6he befindest du dich dann in einem h\u00f6lzernen, dunklen Rundgang \u2013 erst beim zweiten Mal hinsehen offenbaren sich die zu \u00f6ffnenden kleinen Fenster. Der Blick ist bei Sch\u00f6nwetter sicherlich gewaltig, aber auch das bei mir vorherrschende Schlechtwetter brachte immer noch wunderbare Fotos aus der n\u00e4heren Umgebung.<\/p>\n<figure id=\"attachment_5774\" class=\"thumbnail wp-caption alignnone\" style=\"width: 970px\"><img loading=\"lazy\" decoding=\"async\" class=\"wp-image-5774 size-full\" src=\"https:\/\/coeser.de\/blog\/wp-content\/uploads\/2017\/10\/znaim-znojmo-rathausturm-gal01-christian-oeser.jpg\" alt=\"Der Znaimer Rathausturm von der Fu\u00dfg\u00e4ngerzone Obrokov\u00e1 aus gesehen\" width=\"960\" height=\"640\" srcset=\"https:\/\/coeser.de\/blog\/wp-content\/uploads\/2017\/10\/znaim-znojmo-rathausturm-gal01-christian-oeser.jpg 960w, https:\/\/coeser.de\/blog\/wp-content\/uploads\/2017\/10\/znaim-znojmo-rathausturm-gal01-christian-oeser-300x200.jpg 300w, https:\/\/coeser.de\/blog\/wp-content\/uploads\/2017\/10\/znaim-znojmo-rathausturm-gal01-christian-oeser-768x512.jpg 768w, https:\/\/coeser.de\/blog\/wp-content\/uploads\/2017\/10\/znaim-znojmo-rathausturm-gal01-christian-oeser-330x220.jpg 330w\" sizes=\"auto, (max-width: 960px) 100vw, 960px\" \/><figcaption class=\"caption wp-caption-text\">Der Znaimer Rathausturm von der Fu\u00dfg\u00e4ngerzone Obrokov\u00e1 aus gesehen<br \/><strong><a href=\"https:\/\/www.google.de\/maps\/place\/48.855217,16.049279\" target=\"_blank\" rel=\"noopener\">Aufnahmeort anzeigen<\/a><\/strong><\/figcaption><\/figure>\n<figure id=\"attachment_5779\" class=\"thumbnail wp-caption alignnone\" style=\"width: 970px\"><img loading=\"lazy\" decoding=\"async\" class=\"wp-image-5779 size-full\" src=\"https:\/\/coeser.de\/blog\/wp-content\/uploads\/2017\/10\/znaim-znojmo-rathausturm-gal06-christian-oeser.jpg\" alt=\"Blick vom Znaimer Rathausturm auf die St.-Nikolaus-Kirche\" width=\"960\" height=\"397\" srcset=\"https:\/\/coeser.de\/blog\/wp-content\/uploads\/2017\/10\/znaim-znojmo-rathausturm-gal06-christian-oeser.jpg 960w, https:\/\/coeser.de\/blog\/wp-content\/uploads\/2017\/10\/znaim-znojmo-rathausturm-gal06-christian-oeser-300x124.jpg 300w, https:\/\/coeser.de\/blog\/wp-content\/uploads\/2017\/10\/znaim-znojmo-rathausturm-gal06-christian-oeser-768x318.jpg 768w\" sizes=\"auto, (max-width: 960px) 100vw, 960px\" \/><figcaption class=\"caption wp-caption-text\">Blick vom Znaimer Rathausturm auf die Stadt und die St.-Nikolaus-Kirche<br \/><a href=\"https:\/\/www.google.de\/maps\/place\/48.855491,16.048804\" target=\"_blank\" rel=\"noopener\"><strong>Aufnahmeort anzeigen<\/strong><\/a><\/figcaption><\/figure>\n<hr \/>\n<h2>Znaimer Untergrund<\/h2>\n<p>Der <strong>Znaimer Untergrund (Znojemsk\u00e9 podzem\u00ed)<\/strong> bezeichnet ein weit verzweigtes Netz unterhalb des mittelalterlichen Stadtkerns, das seine Urspr\u00fcnge im 14. Jahrhundert haben soll. Die L\u00e4nge der G\u00e4nge wird auf 27 Kilometer gesch\u00e4tzt und die Wege f\u00fchren teilweise in vier Untergeschosse hinab. Urspr\u00fcnglich wurden die unterirdischen G\u00e4nge als Keller zur Aufbewahrung der landwirtschaftlichen Produkte und Weine ausgenutzt, sp\u00e4ter dann als Teil des Znaimer Festungssystems. Das System ist erstaunlich ausgekl\u00fcgelt: es gibt Brunnen, Abwasserkan\u00e4le, Rauchf\u00e4nge und Frischluftsch\u00e4chte. Das Ganze kann man mit einer gef\u00fchrten Tour erkunden, der Preis f\u00fcr einen einst\u00fcndigen Rundgang ist sehr g\u00fcnstig. Der Zugang zur Kassa ist etwas versteckt am H\u00fchnermarkt (<em>Slepi\u010d\u00ed trh<\/em>, <strong><a href=\"https:\/\/www.google.de\/maps\/place\/48.855857,16.049282\" target=\"_blank\" rel=\"noopener noreferrer\">GPS-Koordinaten<\/a><\/strong>) \u2013 schr\u00e4g gegen\u00fcber des Rathausturms f\u00fchrt eine kleine Gasse dorthin. Alle Infos gibt es auf der Webseite <strong><a href=\"https:\/\/www.znojemskabeseda.cz\/de\/tourismus\/untergrund\/preisliste\" target=\"_blank\" rel=\"noopener noreferrer\">znojemskabeseda.cz<\/a><\/strong>.<\/p>\n<h3>Langweilig und wenig Abwechslung<\/h3>\n<p>Ich will ganz ehrlich sein: mir hat die Tour nicht sonderlich gut gefallen. Das lag in erster Linie sicherlich stark daran, dass die F\u00fchrung ausschlie\u00dflich in tschechischer Sprache angeboten wurde. Obwohl an der Kasse bemerkt wurde, dass meine Freundin und ich Deutsch sprechen, wurden wir nicht darauf hingewiesen, dass es Audioguides in mehreren Sprachen gibt. Wir haben diese M\u00f6glichkeit leider auch nicht selbst bemerkt und deshalb im Untergrund kein Wort verstanden. Abgesehen davon siehst du w\u00e4hrend des einst\u00fcndigen Rundgangs auf rund 800 Metern L\u00e4nge diverse G\u00e4nge \u2013 mal mehr und mal weniger eng \u2013 und diverse Figuren, die das damalige Leben darstellen. Ab und zu ert\u00f6nen schaurige Kl\u00e4nge aus der dunklen Ferne, was aber alles andere als zum F\u00fcrchten ist. Insgesamt empfand ich das Ganze als eher langweilig und wenig abwechslungsreich \u2013 bei einem erstmaligen Znaim-Besuch geh\u00f6rt es aber trotzdem irgendwie dazu.<\/p>\n<h3>Adrenalintour als Alternative<\/h3>\n<p>Erw\u00e4hnen m\u00f6chte ich aber noch, dass es alternativ zur klassischen Route auch sogenannte Adrenalintouren gibt, bei denen man durch sehr enge G\u00e4nge kriechen, klettern und durch Wasser waten muss \u2013 und das alles nur mit einer Taschenlampe bewaffnet. Mehr Infos dazu findest du ebenfalls auf der zuvor genannten Webseite.<\/p>\n<figure id=\"attachment_5783\" class=\"thumbnail wp-caption alignnone\" style=\"width: 970px\"><img loading=\"lazy\" decoding=\"async\" class=\"wp-image-5783 size-full\" src=\"https:\/\/coeser.de\/blog\/wp-content\/uploads\/2017\/10\/znaim-znojmo-znaimer-untergrund-gal03-christian-oeser.jpg\" alt=\"Ausstellung in den dunklen G\u00e4ngen im Znaimer Untergrund\" width=\"960\" height=\"640\" srcset=\"https:\/\/coeser.de\/blog\/wp-content\/uploads\/2017\/10\/znaim-znojmo-znaimer-untergrund-gal03-christian-oeser.jpg 960w, https:\/\/coeser.de\/blog\/wp-content\/uploads\/2017\/10\/znaim-znojmo-znaimer-untergrund-gal03-christian-oeser-300x200.jpg 300w, https:\/\/coeser.de\/blog\/wp-content\/uploads\/2017\/10\/znaim-znojmo-znaimer-untergrund-gal03-christian-oeser-768x512.jpg 768w, https:\/\/coeser.de\/blog\/wp-content\/uploads\/2017\/10\/znaim-znojmo-znaimer-untergrund-gal03-christian-oeser-330x220.jpg 330w\" sizes=\"auto, (max-width: 960px) 100vw, 960px\" \/><figcaption class=\"caption wp-caption-text\">Ausstellung in den dunklen G\u00e4ngen im Znaimer Untergrund<br \/><a href=\"https:\/\/www.google.de\/maps\/place\/48.855808,16.049071\" target=\"_blank\" rel=\"noopener\"><strong>Aufnahmeort anzeigen<\/strong><\/a><\/figcaption><\/figure>\n<figure id=\"attachment_5787\" class=\"thumbnail wp-caption alignnone\" style=\"width: 970px\"><img loading=\"lazy\" decoding=\"async\" class=\"wp-image-5787 size-full\" src=\"https:\/\/coeser.de\/blog\/wp-content\/uploads\/2017\/10\/znaim-znojmo-znaimer-untergrund-gal07-christian-oeser.jpg\" alt=\"Ausstellung in den dunklen G\u00e4ngen im Znaimer Untergrund\" width=\"960\" height=\"640\" srcset=\"https:\/\/coeser.de\/blog\/wp-content\/uploads\/2017\/10\/znaim-znojmo-znaimer-untergrund-gal07-christian-oeser.jpg 960w, https:\/\/coeser.de\/blog\/wp-content\/uploads\/2017\/10\/znaim-znojmo-znaimer-untergrund-gal07-christian-oeser-300x200.jpg 300w, https:\/\/coeser.de\/blog\/wp-content\/uploads\/2017\/10\/znaim-znojmo-znaimer-untergrund-gal07-christian-oeser-768x512.jpg 768w, https:\/\/coeser.de\/blog\/wp-content\/uploads\/2017\/10\/znaim-znojmo-znaimer-untergrund-gal07-christian-oeser-330x220.jpg 330w\" sizes=\"auto, (max-width: 960px) 100vw, 960px\" \/><figcaption class=\"caption wp-caption-text\">Ausstellung in den dunklen G\u00e4ngen im Znaimer Untergrund<br \/><a href=\"https:\/\/www.google.de\/maps\/place\/48.855808,16.049071\" target=\"_blank\" rel=\"noopener\"><strong>Aufnahmeort anzeigen<\/strong><\/a><\/figcaption><\/figure>\n<hr \/>\n<h2><img loading=\"lazy\" decoding=\"async\" class=\"alignnone size-full wp-image-5743\" src=\"https:\/\/coeser.de\/blog\/wp-content\/uploads\/2017\/10\/znaim-znojmo-aufmacher3-christian-oeser.jpg\" alt=\"Blick auf Znaim mit der St.-Nikolaus-Kirche, dem Rathausturm und die Dominikanerkirche\" width=\"970\" height=\"323\" srcset=\"https:\/\/coeser.de\/blog\/wp-content\/uploads\/2017\/10\/znaim-znojmo-aufmacher3-christian-oeser.jpg 970w, https:\/\/coeser.de\/blog\/wp-content\/uploads\/2017\/10\/znaim-znojmo-aufmacher3-christian-oeser-300x100.jpg 300w, https:\/\/coeser.de\/blog\/wp-content\/uploads\/2017\/10\/znaim-znojmo-aufmacher3-christian-oeser-768x256.jpg 768w\" sizes=\"auto, (max-width: 970px) 100vw, 970px\" \/><\/h2>\n<h2>AUSSICHTSPUNKTE MIT BLICK AUF ZNAIM<\/h2>\n<h2>Blick vom Nationalpark auf Znaim<\/h2>\n<p>Znaim hat ein Privileg, das den meisten St\u00e4dten auf der Welt fehlt: es liegt direkt neben bzw. sogar teilweise im <strong>Nationalpark N\u00e1rodn\u00ed park Podyj\u00ed<\/strong>. Dieser erstreckt sich \u00fcber die \u00f6sterreichische Grenze und hei\u00dft dort <em>Nationalpark Thayatal<\/em>. Von allen erh\u00f6hten Punkten und Aussichtsplattformen bemerkst du diesen Umstand sofort, denn du blickst in Richtung S\u00fcdwesten fast komplett auf Natur. Der sichtbare H\u00fcgel nennt sich <strong>Kuhberg (Krav\u00ed hora)<\/strong> und ist bei Einheimischen wie Touristen ein beliebtes Ziel, um etwas Luft zu schnappen oder den fantastischen Blick auf Znaim zu erleben. Von der Altstadt aus suchst du dir am besten irgendeinen beliebigen Weg, der bergab f\u00fchrt (da gibt es wirklich einige). Ich bin \u00fcber die Stra\u00dfen <em>U Br\u00e1ny<\/em> und <em>Napajedla<\/em> nach unten zum Fluss gelangt.<\/p>\n<h3>Toller Blick vom Kuhberg<\/h3>\n<p>Das erste Zwischenziel ist die kleine Br\u00fccke \u00fcber die Thaya, die neben dem Oldtimermuseum (Muzeum motorismu) steht. Nachdem du diese \u00fcberquert hast, nimmst du einfach die kleine Stra\u00dfe links bergauf, bis du an eine Abzweigung mit dem Schild des Nationalparks kommst. Von dort geht es \u00fcber einen Waldweg \u00fcber Stock und Stein nach oben zu einer Heidelandschaft mit einem Funkturm. Einige Meter links vom Turm siehst du wundersch\u00f6n auf die Stadt! Theoretisch kannst du noch weiter durch die traumhafte Landschaft wandern, der Blick auf Znaim wird aber durch die B\u00e4ume immer mehr verdeckt und nicht mehr besser. Daf\u00fcr wirst du garantiert beim R\u00fcckweg bergab nochmals einige Pl\u00e4tze sehen, von denen du die markanten T\u00fcrme der St.-Nikolaus-Kirche, den Rathausturm, die Rotunde und den P\u00f6ltenberg so richtig greifbar fotografieren kannst.<\/p>\n<figure id=\"attachment_5789\" class=\"thumbnail wp-caption alignnone\" style=\"width: 970px\"><img loading=\"lazy\" decoding=\"async\" class=\"wp-image-5789 size-full\" src=\"https:\/\/coeser.de\/blog\/wp-content\/uploads\/2017\/10\/znaim-znojmo-kuhberg-gal02-christian-oeser.jpg\" alt=\"Blick auf die St.-Nikolaus-Kirche und Thaya in Znaim\" width=\"960\" height=\"640\" srcset=\"https:\/\/coeser.de\/blog\/wp-content\/uploads\/2017\/10\/znaim-znojmo-kuhberg-gal02-christian-oeser.jpg 960w, https:\/\/coeser.de\/blog\/wp-content\/uploads\/2017\/10\/znaim-znojmo-kuhberg-gal02-christian-oeser-300x200.jpg 300w, https:\/\/coeser.de\/blog\/wp-content\/uploads\/2017\/10\/znaim-znojmo-kuhberg-gal02-christian-oeser-768x512.jpg 768w, https:\/\/coeser.de\/blog\/wp-content\/uploads\/2017\/10\/znaim-znojmo-kuhberg-gal02-christian-oeser-330x220.jpg 330w\" sizes=\"auto, (max-width: 960px) 100vw, 960px\" \/><figcaption class=\"caption wp-caption-text\">Die kleine Br\u00fccke \u00fcber die Thaya bietet einen sehenswerten Blick auf die St.-Nikolaus-Kirche<br \/><a href=\"https:\/\/www.google.de\/maps\/place\/48.853525,16.042828\" target=\"_blank\" rel=\"noopener\"><strong>Aufnahmeort anzeigen<\/strong><\/a><\/figcaption><\/figure>\n<figure id=\"attachment_5791\" class=\"thumbnail wp-caption alignnone\" style=\"width: 970px\"><img loading=\"lazy\" decoding=\"async\" class=\"wp-image-5791 size-full\" src=\"https:\/\/coeser.de\/blog\/wp-content\/uploads\/2017\/10\/znaim-znojmo-kuhberg-gal04-christian-oeser.jpg\" alt=\"Blick vom Kuhberg auf die St.-Nikolaus-Kirche in Znaim\" width=\"960\" height=\"640\" srcset=\"https:\/\/coeser.de\/blog\/wp-content\/uploads\/2017\/10\/znaim-znojmo-kuhberg-gal04-christian-oeser.jpg 960w, https:\/\/coeser.de\/blog\/wp-content\/uploads\/2017\/10\/znaim-znojmo-kuhberg-gal04-christian-oeser-300x200.jpg 300w, https:\/\/coeser.de\/blog\/wp-content\/uploads\/2017\/10\/znaim-znojmo-kuhberg-gal04-christian-oeser-768x512.jpg 768w, https:\/\/coeser.de\/blog\/wp-content\/uploads\/2017\/10\/znaim-znojmo-kuhberg-gal04-christian-oeser-330x220.jpg 330w\" sizes=\"auto, (max-width: 960px) 100vw, 960px\" \/><figcaption class=\"caption wp-caption-text\">Blick vom Kuhberg auf die St.-Nikolaus-Kirche in Znaim<br \/><a href=\"https:\/\/www.google.de\/maps\/place\/48.848777,16.040002\" target=\"_blank\" rel=\"noopener\"><strong>Aufnahmeort anzeigen<\/strong><\/a><\/figcaption><\/figure>\n<figure id=\"attachment_5794\" class=\"thumbnail wp-caption alignnone\" style=\"width: 970px\"><img loading=\"lazy\" decoding=\"async\" class=\"wp-image-5794 size-full\" src=\"https:\/\/coeser.de\/blog\/wp-content\/uploads\/2017\/10\/znaim-znojmo-kuhberg-gal07-christian-oeser.jpg\" alt=\"Blick vom Kuhberg auf die St.-Nikolaus-Kirche, den Rathausturm und die Dominikanerkirche in Znaim\" width=\"960\" height=\"640\" srcset=\"https:\/\/coeser.de\/blog\/wp-content\/uploads\/2017\/10\/znaim-znojmo-kuhberg-gal07-christian-oeser.jpg 960w, https:\/\/coeser.de\/blog\/wp-content\/uploads\/2017\/10\/znaim-znojmo-kuhberg-gal07-christian-oeser-300x200.jpg 300w, https:\/\/coeser.de\/blog\/wp-content\/uploads\/2017\/10\/znaim-znojmo-kuhberg-gal07-christian-oeser-768x512.jpg 768w, https:\/\/coeser.de\/blog\/wp-content\/uploads\/2017\/10\/znaim-znojmo-kuhberg-gal07-christian-oeser-330x220.jpg 330w\" sizes=\"auto, (max-width: 960px) 100vw, 960px\" \/><figcaption class=\"caption wp-caption-text\">Blick vom Kuhberg auf die St.-Nikolaus-Kirche, den Rathausturm und die Dominikanerkirche in Znaim<br \/><a href=\"https:\/\/www.google.de\/maps\/place\/48.848488,16.040078\" target=\"_blank\" rel=\"noopener\"><strong>Aufnahmeort anzeigen<\/strong><\/a><\/figcaption><\/figure>\n<hr \/>\n<div class=\"tipps_no_bulb\">\n<h2>HINWEIS: Achtung beim R\u00fcckweg Richtung Stadt<\/h2>\n<p>Du wirst wahrscheinlich wie ich beim R\u00fcckweg bemerken, dass du vom Oldtimermuseum \u00fcber Serpentinen einen sch\u00f6nen Fu\u00dfweg hinauf zur Burg gehen kannst. Diese Variante empfehle ich dir zwar, m\u00f6chte aber auch auf einen nicht unwichtigen Umstand hinweisen. Nach einigen Minuten Aufstieg kommst du an eine Abzweigung \u2013 links geht es scheinbar zur Burg und Rotunde, rechts zur St.-Nikolaus-Kirche. Ich wollte zum Sonnenuntergang bei der Rotunde sein, also nahm ich den <strong>Muckweg<\/strong> links (benannt nach Johann Muck, der die steile Schlucht zug\u00e4nglich machte).<\/p>\n<h3>Tr\u00fcgerischer Muckweg<\/h3>\n<p>Dieser schl\u00e4ngelt sich allerdings immer unterhalb der Burgmauer entlang und bietet keine M\u00f6glichkeit, zur Burg selbst zu gelangen! Die Ausblicke sind zwar wirklich sensationell, aber vom Burgareal hast du diese ebenfalls. Deshalb musste ich wieder bis zur Abzweigung zur\u00fcckgehen und den anderen Weg in Richtung Kirche nehmen, wo du ziemlich bald \u00fcber einen zwar kleinen und unscheinbaren, aber gut sichtbaren Zugang zur\u00fcck auf das Stra\u00dfenniveau gelangst. Von dort brauchst du nur noch rund f\u00fcnf Minuten, um das Burggel\u00e4nde zu erreichen.<\/p>\n<div id='gallery-4' class='gallery galleryid-5727 gallery-columns-7 gallery-size-thumbnail'><figure class='gallery-item'>\n\t\t\t<div class='gallery-icon landscape'>\n\t\t\t\t<a href='https:\/\/coeser.de\/blog\/wp-content\/uploads\/2017\/10\/znaim-znojmo-muckweg-gal01-christian-oeser.jpg' title=\"Der wundersch\u00f6ne Weg hinter dem Oldtimermuseum f\u00fchrt bergauf in Richtung Burg\" data-rl_title=\"Der wundersch\u00f6ne Weg hinter dem Oldtimermuseum f\u00fchrt bergauf in Richtung Burg\" class=\"rl-gallery-link\" data-rl_caption=\"Aufnahmeort anzeigen\" data-rel=\"lightbox-gallery-4\"><img loading=\"lazy\" decoding=\"async\" width=\"150\" height=\"150\" src=\"https:\/\/coeser.de\/blog\/wp-content\/uploads\/2017\/10\/znaim-znojmo-muckweg-gal01-christian-oeser-150x150.jpg\" class=\"attachment-thumbnail size-thumbnail\" alt=\"Der wundersch\u00f6ne Weg hinter dem Oldtimermuseum f\u00fchrt bergauf in Richtung Burg\" aria-describedby=\"gallery-4-5795\" \/><\/a>\n\t\t\t<\/div>\n\t\t\t\t<figcaption class='wp-caption-text gallery-caption' id='gallery-4-5795'>\n\t\t\t\tDer wundersch\u00f6ne Weg hinter dem Oldtimermuseum f\u00fchrt bergauf in Richtung Burg\n\t\t\t\t<\/figcaption><\/figure><figure class='gallery-item'>\n\t\t\t<div class='gallery-icon landscape'>\n\t\t\t\t<a href='https:\/\/coeser.de\/blog\/wp-content\/uploads\/2017\/10\/znaim-znojmo-muckweg-gal05-christian-oeser.jpg' title=\"Vor der Znaimer Burgmauer verl\u00e4uft der Muckweg\" data-rl_title=\"Vor der Znaimer Burgmauer verl\u00e4uft der Muckweg\" class=\"rl-gallery-link\" data-rl_caption=\"Aufnahmeort anzeigen\" data-rel=\"lightbox-gallery-4\"><img loading=\"lazy\" decoding=\"async\" width=\"150\" height=\"150\" src=\"https:\/\/coeser.de\/blog\/wp-content\/uploads\/2017\/10\/znaim-znojmo-muckweg-gal05-christian-oeser-150x150.jpg\" class=\"attachment-thumbnail size-thumbnail\" alt=\"Vor der Znaimer Burgmauer verl\u00e4uft der Muckweg\" aria-describedby=\"gallery-4-5799\" \/><\/a>\n\t\t\t<\/div>\n\t\t\t\t<figcaption class='wp-caption-text gallery-caption' id='gallery-4-5799'>\n\t\t\t\tVor der Znaimer Burgmauer verl\u00e4uft der Muckweg\n\t\t\t\t<\/figcaption><\/figure><figure class='gallery-item'>\n\t\t\t<div class='gallery-icon landscape'>\n\t\t\t\t<a href='https:\/\/coeser.de\/blog\/wp-content\/uploads\/2017\/10\/znaim-znojmo-muckweg-gal02-christian-oeser.jpg' title=\"Blick vom Muckweg auf die Znaimer Eisenbahnbr\u00fccke\" data-rl_title=\"Blick vom Muckweg auf die Znaimer Eisenbahnbr\u00fccke\" class=\"rl-gallery-link\" data-rl_caption=\"Aufnahmeort anzeigen\" data-rel=\"lightbox-gallery-4\"><img loading=\"lazy\" decoding=\"async\" width=\"150\" height=\"150\" src=\"https:\/\/coeser.de\/blog\/wp-content\/uploads\/2017\/10\/znaim-znojmo-muckweg-gal02-christian-oeser-150x150.jpg\" class=\"attachment-thumbnail size-thumbnail\" alt=\"Blick vom Muckweg auf die Znaimer Eisenbahnbr\u00fccke\" aria-describedby=\"gallery-4-5796\" \/><\/a>\n\t\t\t<\/div>\n\t\t\t\t<figcaption class='wp-caption-text gallery-caption' id='gallery-4-5796'>\n\t\t\t\tBlick vom Muckweg auf die Znaimer Eisenbahnbr\u00fccke\n\t\t\t\t<\/figcaption><\/figure><figure class='gallery-item'>\n\t\t\t<div class='gallery-icon landscape'>\n\t\t\t\t<a href='https:\/\/coeser.de\/blog\/wp-content\/uploads\/2017\/10\/znaim-znojmo-muckweg-gal03-christian-oeser.jpg' title=\"Blick vom Muckweg auf das Thayatal\" data-rl_title=\"Blick vom Muckweg auf das Thayatal\" class=\"rl-gallery-link\" data-rl_caption=\"Aufnahmeort anzeigen\" data-rel=\"lightbox-gallery-4\"><img loading=\"lazy\" decoding=\"async\" width=\"150\" height=\"150\" src=\"https:\/\/coeser.de\/blog\/wp-content\/uploads\/2017\/10\/znaim-znojmo-muckweg-gal03-christian-oeser-150x150.jpg\" class=\"attachment-thumbnail size-thumbnail\" alt=\"Blick vom Muckweg auf das Thayatal\" aria-describedby=\"gallery-4-5797\" \/><\/a>\n\t\t\t<\/div>\n\t\t\t\t<figcaption class='wp-caption-text gallery-caption' id='gallery-4-5797'>\n\t\t\t\tBlick vom Muckweg auf das Thayatal\n\t\t\t\t<\/figcaption><\/figure><figure class='gallery-item'>\n\t\t\t<div class='gallery-icon landscape'>\n\t\t\t\t<a href='https:\/\/coeser.de\/blog\/wp-content\/uploads\/2017\/10\/znaim-znojmo-muckweg-gal04-christian-oeser.jpg' title=\"Blick vom Muckweg auf die St.-Nikolaus-Kirche\" data-rl_title=\"Blick vom Muckweg auf die St.-Nikolaus-Kirche\" class=\"rl-gallery-link\" data-rl_caption=\"Aufnahmeort anzeigen\" data-rel=\"lightbox-gallery-4\"><img loading=\"lazy\" decoding=\"async\" width=\"150\" height=\"150\" src=\"https:\/\/coeser.de\/blog\/wp-content\/uploads\/2017\/10\/znaim-znojmo-muckweg-gal04-christian-oeser-150x150.jpg\" class=\"attachment-thumbnail size-thumbnail\" alt=\"Blick vom Muckweg auf die St.-Nikolaus-Kirche\" aria-describedby=\"gallery-4-5798\" \/><\/a>\n\t\t\t<\/div>\n\t\t\t\t<figcaption class='wp-caption-text gallery-caption' id='gallery-4-5798'>\n\t\t\t\tBlick vom Muckweg auf die St.-Nikolaus-Kirche\n\t\t\t\t<\/figcaption><\/figure><figure class='gallery-item'>\n\t\t\t<div class='gallery-icon landscape'>\n\t\t\t\t<a href='https:\/\/coeser.de\/blog\/wp-content\/uploads\/2017\/10\/znaim-znojmo-muckweg-gal06-christian-oeser.jpg' title=\"Blick vom Muckweg auf die St.-Nikolaus-Kirche und das Thayatal w\u00e4hrend eines Sonnenuntergangs\" data-rl_title=\"Blick vom Muckweg auf die St.-Nikolaus-Kirche und das Thayatal w\u00e4hrend eines Sonnenuntergangs\" class=\"rl-gallery-link\" data-rl_caption=\"Aufnahmeort anzeigen\" data-rel=\"lightbox-gallery-4\"><img loading=\"lazy\" decoding=\"async\" width=\"150\" height=\"150\" src=\"https:\/\/coeser.de\/blog\/wp-content\/uploads\/2017\/10\/znaim-znojmo-muckweg-gal06-christian-oeser-150x150.jpg\" class=\"attachment-thumbnail size-thumbnail\" alt=\"Blick vom Muckweg auf die St.-Nikolaus-Kirche und das Thayatal w\u00e4hrend eines Sonnenuntergangs\" aria-describedby=\"gallery-4-5800\" \/><\/a>\n\t\t\t<\/div>\n\t\t\t\t<figcaption class='wp-caption-text gallery-caption' id='gallery-4-5800'>\n\t\t\t\tBlick vom Muckweg auf die St.-Nikolaus-Kirche und das Thayatal w\u00e4hrend eines Sonnenuntergangs\n\t\t\t\t<\/figcaption><\/figure><figure class='gallery-item'>\n\t\t\t<div class='gallery-icon landscape'>\n\t\t\t\t<a href='https:\/\/coeser.de\/blog\/wp-content\/uploads\/2017\/10\/znaim-znojmo-muckweg-gal07-christian-oeser.jpg' title=\"Blick vom Muckweg auf den Stausee und das Thayatal w\u00e4hrend eines Sonnenuntergangs\" data-rl_title=\"Blick vom Muckweg auf den Stausee und das Thayatal w\u00e4hrend eines Sonnenuntergangs\" class=\"rl-gallery-link\" data-rl_caption=\"Aufnahmeort anzeigen\" data-rel=\"lightbox-gallery-4\"><img loading=\"lazy\" decoding=\"async\" width=\"150\" height=\"150\" src=\"https:\/\/coeser.de\/blog\/wp-content\/uploads\/2017\/10\/znaim-znojmo-muckweg-gal07-christian-oeser-150x150.jpg\" class=\"attachment-thumbnail size-thumbnail\" alt=\"Blick vom Muckweg auf den Stausee und das Thayatal w\u00e4hrend eines Sonnenuntergangs\" aria-describedby=\"gallery-4-5801\" \/><\/a>\n\t\t\t<\/div>\n\t\t\t\t<figcaption class='wp-caption-text gallery-caption' id='gallery-4-5801'>\n\t\t\t\tBlick vom Muckweg auf den Stausee und das Thayatal w\u00e4hrend eines Sonnenuntergangs\n\t\t\t\t<\/figcaption><\/figure>\n\t\t<\/div>\n\n<\/div>\n<p>&nbsp;<\/p>\n<hr \/>\n<h2>Blick vom P\u00f6ltenberg auf Znaim<\/h2>\n<p>Am westlichen Stadtrand von Znaim gibt es mit dem <strong>P\u00f6ltenberg (Hradi\u0161t\u011b)<\/strong> einen zweiten Ort, von dem du sehr gut auf die Stadt blicken kannst. Zu Fu\u00df ist der Waldweg dorthin sicherlich traumhaft, aber mit gr\u00f6\u00dferem Zeitaufwand verbunden, weswegen ich den Aussichtspunkt nur w\u00e4hrend meiner ersten St\u00e4dtereise mit dem Auto ansteuerte. Geparkt habe ich direkt bei der schon von Weitem sichtbaren <strong>Kirche des Heiligen Hippolyt und dem Kloster der Kreuzherren mit dem Roten Stern (Kostel svat\u00e9ho Hippolyta)<\/strong> \u2013 die Stra\u00dfe dort ist nur wenig befahren. Eine Parkbank neben der entz\u00fcckenden kleinen <strong>Kirche St. Anton von Padua (Kostel sv. Anton\u00edna Padu\u00e1nsk\u00e9ho)<\/strong> l\u00e4dt zum Verweilen ein, w\u00e4hrend du hinab auf die Znaimer D\u00e4cher und Bauwerke blickst.<\/p>\n<figure id=\"attachment_5804\" class=\"thumbnail wp-caption alignnone\" style=\"width: 970px\"><img loading=\"lazy\" decoding=\"async\" class=\"wp-image-5804 size-full\" src=\"https:\/\/coeser.de\/blog\/wp-content\/uploads\/2017\/10\/znaim-znojmo-poeltenberg-hradiste-gal03-christian-oeser.jpg\" alt=\"Blick vom P\u00f6ltenberg auf Znaim, das Thayatal und die Eisenbahnbr\u00fccke\" width=\"960\" height=\"640\" srcset=\"https:\/\/coeser.de\/blog\/wp-content\/uploads\/2017\/10\/znaim-znojmo-poeltenberg-hradiste-gal03-christian-oeser.jpg 960w, https:\/\/coeser.de\/blog\/wp-content\/uploads\/2017\/10\/znaim-znojmo-poeltenberg-hradiste-gal03-christian-oeser-300x200.jpg 300w, https:\/\/coeser.de\/blog\/wp-content\/uploads\/2017\/10\/znaim-znojmo-poeltenberg-hradiste-gal03-christian-oeser-768x512.jpg 768w, https:\/\/coeser.de\/blog\/wp-content\/uploads\/2017\/10\/znaim-znojmo-poeltenberg-hradiste-gal03-christian-oeser-330x220.jpg 330w\" sizes=\"auto, (max-width: 960px) 100vw, 960px\" \/><figcaption class=\"caption wp-caption-text\">Blick vom P\u00f6ltenberg auf Znaim, das Thayatal und die Eisenbahnbr\u00fccke<br \/><a href=\"https:\/\/www.google.de\/maps\/place\/48.857890,16.038245\" target=\"_blank\" rel=\"noopener\"><strong>Aufnahmeort anzeigen<\/strong><\/a><\/figcaption><\/figure>\n<figure id=\"attachment_5805\" class=\"thumbnail wp-caption alignnone\" style=\"width: 970px\"><img loading=\"lazy\" decoding=\"async\" class=\"wp-image-5805 size-full\" src=\"https:\/\/coeser.de\/blog\/wp-content\/uploads\/2017\/10\/znaim-znojmo-poeltenberg-hradiste-gal04-christian-oeser.jpg\" alt=\"Blick vom P\u00f6ltenberg auf Znaim mit dem Rathausturm und der Dominikanerkirche\" width=\"960\" height=\"640\" srcset=\"https:\/\/coeser.de\/blog\/wp-content\/uploads\/2017\/10\/znaim-znojmo-poeltenberg-hradiste-gal04-christian-oeser.jpg 960w, https:\/\/coeser.de\/blog\/wp-content\/uploads\/2017\/10\/znaim-znojmo-poeltenberg-hradiste-gal04-christian-oeser-300x200.jpg 300w, https:\/\/coeser.de\/blog\/wp-content\/uploads\/2017\/10\/znaim-znojmo-poeltenberg-hradiste-gal04-christian-oeser-768x512.jpg 768w, https:\/\/coeser.de\/blog\/wp-content\/uploads\/2017\/10\/znaim-znojmo-poeltenberg-hradiste-gal04-christian-oeser-330x220.jpg 330w\" sizes=\"auto, (max-width: 960px) 100vw, 960px\" \/><figcaption class=\"caption wp-caption-text\">Blick vom P\u00f6ltenberg auf Znaim mit dem Rathausturm und der Dominikanerkirche<br \/><a href=\"https:\/\/www.google.de\/maps\/place\/48.857890,16.038245\" target=\"_blank\" rel=\"noopener\"><strong>Aufnahmeort anzeigen<\/strong><\/a><\/figcaption><\/figure>\n<figure id=\"attachment_5807\" class=\"thumbnail wp-caption alignnone\" style=\"width: 970px\"><img loading=\"lazy\" decoding=\"async\" class=\"wp-image-5807 size-full\" src=\"https:\/\/coeser.de\/blog\/wp-content\/uploads\/2017\/10\/znaim-znojmo-poeltenberg-hradiste-gal06-christian-oeser.jpg\" alt=\"Blick vom P\u00f6ltenberg auf Znaim mit der Burg und dem Thayatal\" width=\"960\" height=\"640\" srcset=\"https:\/\/coeser.de\/blog\/wp-content\/uploads\/2017\/10\/znaim-znojmo-poeltenberg-hradiste-gal06-christian-oeser.jpg 960w, https:\/\/coeser.de\/blog\/wp-content\/uploads\/2017\/10\/znaim-znojmo-poeltenberg-hradiste-gal06-christian-oeser-300x200.jpg 300w, https:\/\/coeser.de\/blog\/wp-content\/uploads\/2017\/10\/znaim-znojmo-poeltenberg-hradiste-gal06-christian-oeser-768x512.jpg 768w, https:\/\/coeser.de\/blog\/wp-content\/uploads\/2017\/10\/znaim-znojmo-poeltenberg-hradiste-gal06-christian-oeser-330x220.jpg 330w\" sizes=\"auto, (max-width: 960px) 100vw, 960px\" \/><figcaption class=\"caption wp-caption-text\">Blick vom P\u00f6ltenberg auf Znaim mit der Burg, der Kirche St. Nikolaus und dem Thayatal<br \/><a href=\"https:\/\/www.google.de\/maps\/place\/48.857890,16.038245\" target=\"_blank\" rel=\"noopener\"><strong>Aufnahmeort anzeigen<\/strong><\/a><\/figcaption><\/figure>\n<hr \/>\n<div class=\"tipps\">\n<h2>ESSEN UND TRINKEN IN ZNAIM<\/h2>\n<p>Auf dem Weg vom Bahnhof ins Stadtzentrum kam ich am kleinen Caf\u00e9 <strong>Espresso bar Znojmo<\/strong> (<em>Pontassievsk\u00e1 3553\/7<\/em>) vorbei, wo du bei Sch\u00f6nwetter in einem sehr netten Gastgarten sitzen und Kaffee sowie frische Kuchen genie\u00dfen kannst.<\/p>\n<p>Die <strong>Brauereisch\u00e4nke reZtaurace<\/strong> (<em>Hradn\u00ed 87<\/em>) liegt im Burgareal und z\u00e4hlt zu den gr\u00f6\u00dften Lokalen in Znaim und ist sehr touristisch &#8211; dementsprechend sind die Preise f\u00fcr tschechische Verh\u00e4ltnisse relativ hoch. Dort wird frisch vom Tank das Bier der nebenan befindlichen <strong>Stadtbrauerei Znaim (Znojemsk\u00fd m\u011bstsk\u00fd pivovar)<\/strong> ausgeschenkt. Die Brauerei ist erst seit 2015 wieder aktiv, das Bier schmeckt ausgezeichnet und ist sehr s\u00fcffig! Gegessen habe ich im Lokal allerdings nichts, auch wenn die Speisen sehr verf\u00fchrerisch aussahen.<\/p>\n<p>Trinkst du lieber Wein, findest du gegen\u00fcber der Brauerei Hostan die <strong>Weinbar Enot\u00e9ka znojemsk\u00fdch v\u00edn<\/strong> (<em>Hradn\u00ed 2<\/em>) mit einem sehr modernen Konzept. Du kaufst dir an der Bar eine aufladbare Karte, mit der du an einem Automaten aus einer riesigen Flaschenauswahl w\u00e4hlst und dein Glas bef\u00fcllen l\u00e4sst.<\/p>\n<p>Abends wirkt Znaim wie ausgestorben, doch das Leben verlagert sich dann einfach in die ge\u00f6ffneten Lokale! Sehr gut und vor allem billig gegessen habe ich etwa im modern eingerichteten <strong>Restaurant hoZpoda<\/strong> (<em>Masarykovo n\u00e1m. 447\/20<\/em>, Spareribs mit Senf, Kren, Pfefferoni und Brot).<\/p>\n<p>Rustikaler und viel gem\u00fctlicher geht es im Lokal <strong>Pivnice U \u0161neka<\/strong> (<em>Zelen\u00e1\u0159sk\u00e1 1<\/em>) nahe des Makarytplatzes zu. Dort gibt es nur eine tschechische Speisekarte und ich musste mit Hilfe von Google Translate eine Wahl treffen. Der Aufwand hat sich gelohnt \u2013 der Grillk\u00e4se mit Speck und die Bratwurst waren ein Gaumenschmaus!<\/p>\n<p>Ebenfalls sehr zu empfehlen: das Restaurant <strong>U zlat\u00e9 konve<\/strong> (<em>Masarykovo n\u00e1m. 331\/9<\/em>). Dort bestellte ich gleich nach meiner Ankunft in Znaim B\u00f6hmische Lendchen (<em>Staro\u010desk\u00e9 medajlonky<\/em>, Schweinslungenbraten in Erd\u00e4pfelkruste) und meine Begleitung M\u00e4hrische Taschen (<em>Moravsk\u00e9 kapsy<\/em>, Schweins- und H\u00fchnerfilet gef\u00fcllt mit Speck, Schinken und K\u00e4se).<\/p>\n<p>Im Restaurant <strong>U radnice<\/strong> (<em>Zelen\u00e1\u0159sk\u00e1 24\/11<\/em>) lachte mich das Essen \u00fcberhaupt nicht an, weshalb ich nur das Hausbier der Brauerei Poli\u010dka (ca. 60km von Znaim entfernt) probierte. Das war daf\u00fcr extrem s\u00fcffig sowie schmackhaft und das g\u00fcnstigste Bier w\u00e4hrend des gesamten Aufenthalts in Znaim! Fazit: ideal f\u00fcr eine Pause zwischendurch.<\/p>\n<p><strong>Znaimer Gurken<\/strong> sind f\u00fcr die m\u00e4hrische Stadt sehr bekannt und waren fr\u00fcher ein wichtiger Wirtschaftszweig. Auch heute noch findest du Essiggurken oder Senfgurken in den Superm\u00e4rkten und als Beilage in einigen Restaurants.<\/p>\n<p>Apropos Einkaufen: wenn du auf der Suche nach tschechischen Produkten bist, dann bietet sich der kleine <strong>Supermarkt Enapo<\/strong> (<em>Slepi\u010d\u00ed trh 7<\/em>) gegen\u00fcber des Eingangs zum Znaimer Untergrund an. Dort habe ich zum Beispiel Teigwaren, Wein, Essiggurken und Schokolade f\u00fcr daheim besorgt.<\/p>\n<div id='gallery-5' class='gallery galleryid-5727 gallery-columns-7 gallery-size-thumbnail'><figure class='gallery-item'>\n\t\t\t<div class='gallery-icon landscape'>\n\t\t\t\t<a href='https:\/\/coeser.de\/blog\/wp-content\/uploads\/2017\/11\/znaim-znojmo-espresso-bar-01-christian-oeser.jpg' title=\"Caf\u00e9 Espresso bar Znojmo in Znaim\" data-rl_title=\"Caf\u00e9 Espresso bar Znojmo in Znaim\" class=\"rl-gallery-link\" data-rl_caption=\"Aufnahmeort anzeigen\" data-rel=\"lightbox-gallery-5\"><img loading=\"lazy\" decoding=\"async\" width=\"150\" height=\"150\" src=\"https:\/\/coeser.de\/blog\/wp-content\/uploads\/2017\/11\/znaim-znojmo-espresso-bar-01-christian-oeser-150x150.jpg\" class=\"attachment-thumbnail size-thumbnail\" alt=\"Caf\u00e9 Espresso bar Znojmo in Znaim\" aria-describedby=\"gallery-5-21588\" \/><\/a>\n\t\t\t<\/div>\n\t\t\t\t<figcaption class='wp-caption-text gallery-caption' id='gallery-5-21588'>\n\t\t\t\tCaf\u00e9 Espresso bar Znojmo in Znaim\n\t\t\t\t<\/figcaption><\/figure><figure class='gallery-item'>\n\t\t\t<div class='gallery-icon landscape'>\n\t\t\t\t<a href='https:\/\/coeser.de\/blog\/wp-content\/uploads\/2017\/11\/znaim-znojmo-espresso-bar-02-christian-oeser.jpg' title=\"Gastgarten im Caf\u00e9 Espresso bar Znojmo in Znaim\" data-rl_title=\"Gastgarten im Caf\u00e9 Espresso bar Znojmo in Znaim\" class=\"rl-gallery-link\" data-rl_caption=\"Aufnahmeort anzeigen\" data-rel=\"lightbox-gallery-5\"><img loading=\"lazy\" decoding=\"async\" width=\"150\" height=\"150\" src=\"https:\/\/coeser.de\/blog\/wp-content\/uploads\/2017\/11\/znaim-znojmo-espresso-bar-02-christian-oeser-150x150.jpg\" class=\"attachment-thumbnail size-thumbnail\" alt=\"Gastgarten im Caf\u00e9 Espresso bar Znojmo in Znaim\" aria-describedby=\"gallery-5-21589\" \/><\/a>\n\t\t\t<\/div>\n\t\t\t\t<figcaption class='wp-caption-text gallery-caption' id='gallery-5-21589'>\n\t\t\t\tGastgarten im Caf\u00e9 Espresso bar Znojmo in Znaim\n\t\t\t\t<\/figcaption><\/figure><figure class='gallery-item'>\n\t\t\t<div class='gallery-icon landscape'>\n\t\t\t\t<a href='https:\/\/coeser.de\/blog\/wp-content\/uploads\/2017\/11\/znaim-znojmo-brauerei-pivovar-bier-02-christian-oeser.jpg' title=\"Die Brauereisch\u00e4nke reZtaurace und links daneben die Stadtbrauerei Znaim (Znojemsk\u00fd m\u011bstsk\u00fd pivovar)\" data-rl_title=\"Die Brauereisch\u00e4nke reZtaurace und links daneben die Stadtbrauerei Znaim (Znojemsk\u00fd m\u011bstsk\u00fd pivovar)\" class=\"rl-gallery-link\" data-rl_caption=\"Aufnahmeort anzeigen\" data-rel=\"lightbox-gallery-5\"><img loading=\"lazy\" decoding=\"async\" width=\"150\" height=\"150\" src=\"https:\/\/coeser.de\/blog\/wp-content\/uploads\/2017\/11\/znaim-znojmo-brauerei-pivovar-bier-02-christian-oeser-150x150.jpg\" class=\"attachment-thumbnail size-thumbnail\" alt=\"Die Brauereisch\u00e4nke reZtaurace und links daneben die Stadtbrauerei Znaim (Znojemsk\u00fd m\u011bstsk\u00fd pivovar)\" aria-describedby=\"gallery-5-21593\" \/><\/a>\n\t\t\t<\/div>\n\t\t\t\t<figcaption class='wp-caption-text gallery-caption' id='gallery-5-21593'>\n\t\t\t\tDie Brauereisch\u00e4nke reZtaurace und links daneben die Stadtbrauerei Znaim (Znojemsk\u00fd m\u011bstsk\u00fd pivovar)\n\t\t\t\t<\/figcaption><\/figure><figure class='gallery-item'>\n\t\t\t<div class='gallery-icon landscape'>\n\t\t\t\t<a href='https:\/\/coeser.de\/blog\/wp-content\/uploads\/2017\/11\/znaim-znojmo-reZtaurace-01-christian-oeser.jpg' title=\"Eingangsbereich der Brauereisch\u00e4nke reZtaurace in Znaim\" data-rl_title=\"Eingangsbereich der Brauereisch\u00e4nke reZtaurace in Znaim\" class=\"rl-gallery-link\" data-rl_caption=\"Aufnahmeort anzeigen\" data-rel=\"lightbox-gallery-5\"><img loading=\"lazy\" decoding=\"async\" width=\"150\" height=\"150\" src=\"https:\/\/coeser.de\/blog\/wp-content\/uploads\/2017\/11\/znaim-znojmo-reZtaurace-01-christian-oeser-150x150.jpg\" class=\"attachment-thumbnail size-thumbnail\" alt=\"Eingangsbereich der Brauereisch\u00e4nke reZtaurace in Znaim\" aria-describedby=\"gallery-5-21591\" \/><\/a>\n\t\t\t<\/div>\n\t\t\t\t<figcaption class='wp-caption-text gallery-caption' id='gallery-5-21591'>\n\t\t\t\tEingangsbereich der Brauereisch\u00e4nke reZtaurace in Znaim\n\t\t\t\t<\/figcaption><\/figure><figure class='gallery-item'>\n\t\t\t<div class='gallery-icon landscape'>\n\t\t\t\t<a href='https:\/\/coeser.de\/blog\/wp-content\/uploads\/2017\/11\/znaim-znojmo-brauerei-pivovar-bier-01-christian-oeser.jpg' title=\"Das Bier der Stadtbrauerei Znaim (Znojemsk\u00fd m\u011bstsk\u00fd pivovar)\" data-rl_title=\"Das Bier der Stadtbrauerei Znaim (Znojemsk\u00fd m\u011bstsk\u00fd pivovar)\" class=\"rl-gallery-link\" data-rl_caption=\"Aufnahmeort anzeigen\" data-rel=\"lightbox-gallery-5\"><img loading=\"lazy\" decoding=\"async\" width=\"150\" height=\"150\" src=\"https:\/\/coeser.de\/blog\/wp-content\/uploads\/2017\/11\/znaim-znojmo-brauerei-pivovar-bier-01-christian-oeser-150x150.jpg\" class=\"attachment-thumbnail size-thumbnail\" alt=\"Das Bier der Stadtbrauerei Znaim (Znojemsk\u00fd m\u011bstsk\u00fd pivovar)\" aria-describedby=\"gallery-5-21592\" \/><\/a>\n\t\t\t<\/div>\n\t\t\t\t<figcaption class='wp-caption-text gallery-caption' id='gallery-5-21592'>\n\t\t\t\tDas Bier der Stadtbrauerei Znaim (Znojemsk\u00fd m\u011bstsk\u00fd pivovar)\n\t\t\t\t<\/figcaption><\/figure><figure class='gallery-item'>\n\t\t\t<div class='gallery-icon landscape'>\n\t\t\t\t<a href='https:\/\/coeser.de\/blog\/wp-content\/uploads\/2017\/11\/znaim-znojmo-brauerei-pivovar-weinbar-01-christian-oeser.jpg' title=\"Stadtbrauerei Znaim (Znojemsk\u00fd m\u011bstsk\u00fd pivovar) und links die Weinbar Enot\u00e9ka znojemsk\u00fdch v\u00edn\" data-rl_title=\"Stadtbrauerei Znaim (Znojemsk\u00fd m\u011bstsk\u00fd pivovar) und links die Weinbar Enot\u00e9ka znojemsk\u00fdch v\u00edn\" class=\"rl-gallery-link\" data-rl_caption=\"Aufnahmeort anzeigen\" data-rel=\"lightbox-gallery-5\"><img loading=\"lazy\" decoding=\"async\" width=\"150\" height=\"150\" src=\"https:\/\/coeser.de\/blog\/wp-content\/uploads\/2017\/11\/znaim-znojmo-brauerei-pivovar-weinbar-01-christian-oeser-150x150.jpg\" class=\"attachment-thumbnail size-thumbnail\" alt=\"Stadtbrauerei Znaim (Znojemsk\u00fd m\u011bstsk\u00fd pivovar) und links die Weinbar Enot\u00e9ka znojemsk\u00fdch v\u00edn\" aria-describedby=\"gallery-5-21594\" \/><\/a>\n\t\t\t<\/div>\n\t\t\t\t<figcaption class='wp-caption-text gallery-caption' id='gallery-5-21594'>\n\t\t\t\tStadtbrauerei Znaim (Znojemsk\u00fd m\u011bstsk\u00fd pivovar) und links die Weinbar Enot\u00e9ka znojemsk\u00fdch v\u00edn\n\t\t\t\t<\/figcaption><\/figure><figure class='gallery-item'>\n\t\t\t<div class='gallery-icon landscape'>\n\t\t\t\t<a href='https:\/\/coeser.de\/blog\/wp-content\/uploads\/2017\/11\/znaim-znojmo-weinbar-01-christian-oeser.jpg' title=\"Weinautomat in der Weinbar Enot\u00e9ka znojemsk\u00fdch v\u00edn in Znaim\" data-rl_title=\"Weinautomat in der Weinbar Enot\u00e9ka znojemsk\u00fdch v\u00edn in Znaim\" class=\"rl-gallery-link\" data-rl_caption=\"Aufnahmeort anzeigen\" data-rel=\"lightbox-gallery-5\"><img loading=\"lazy\" decoding=\"async\" width=\"150\" height=\"150\" src=\"https:\/\/coeser.de\/blog\/wp-content\/uploads\/2017\/11\/znaim-znojmo-weinbar-01-christian-oeser-150x150.jpg\" class=\"attachment-thumbnail size-thumbnail\" alt=\"Weinautomat in der Weinbar Enot\u00e9ka znojemsk\u00fdch v\u00edn in Znaim\" aria-describedby=\"gallery-5-21595\" \/><\/a>\n\t\t\t<\/div>\n\t\t\t\t<figcaption class='wp-caption-text gallery-caption' id='gallery-5-21595'>\n\t\t\t\tWeinautomat in der Weinbar Enot\u00e9ka znojemsk\u00fdch v\u00edn in Znaim\n\t\t\t\t<\/figcaption><\/figure><figure class='gallery-item'>\n\t\t\t<div class='gallery-icon landscape'>\n\t\t\t\t<a href='https:\/\/coeser.de\/blog\/wp-content\/uploads\/2017\/10\/znaim-znojmo-restaurant-hozpoda-gal02-christian-oeser.jpg' title=\"Spareribs im Restaurant hoZpoda\" data-rl_title=\"Spareribs im Restaurant hoZpoda\" class=\"rl-gallery-link\" data-rl_caption=\"Aufnahmeort anzeigen\" data-rel=\"lightbox-gallery-5\"><img loading=\"lazy\" decoding=\"async\" width=\"150\" height=\"150\" src=\"https:\/\/coeser.de\/blog\/wp-content\/uploads\/2017\/10\/znaim-znojmo-restaurant-hozpoda-gal02-christian-oeser-150x150.jpg\" class=\"attachment-thumbnail size-thumbnail\" alt=\"Spareribs im Restaurant hoZpoda\" aria-describedby=\"gallery-5-5815\" \/><\/a>\n\t\t\t<\/div>\n\t\t\t\t<figcaption class='wp-caption-text gallery-caption' id='gallery-5-5815'>\n\t\t\t\tSpareribs im Restaurant hoZpoda\n\t\t\t\t<\/figcaption><\/figure><figure class='gallery-item'>\n\t\t\t<div class='gallery-icon landscape'>\n\t\t\t\t<a href='https:\/\/coeser.de\/blog\/wp-content\/uploads\/2017\/10\/znaim-znojmo-pivnice-u-sneka-gal02-christian-oeser.jpg' title=\"Grillwurst und Grillk\u00e4se im Lokal Pivnice U \u0161neka\" data-rl_title=\"Grillwurst und Grillk\u00e4se im Lokal Pivnice U \u0161neka\" class=\"rl-gallery-link\" data-rl_caption=\"Aufnahmeort anzeigen\" data-rel=\"lightbox-gallery-5\"><img loading=\"lazy\" decoding=\"async\" width=\"150\" height=\"150\" src=\"https:\/\/coeser.de\/blog\/wp-content\/uploads\/2017\/10\/znaim-znojmo-pivnice-u-sneka-gal02-christian-oeser-150x150.jpg\" class=\"attachment-thumbnail size-thumbnail\" alt=\"Grillwurst und Grillk\u00e4se im Lokal Pivnice U \u0161neka\" aria-describedby=\"gallery-5-5812\" \/><\/a>\n\t\t\t<\/div>\n\t\t\t\t<figcaption class='wp-caption-text gallery-caption' id='gallery-5-5812'>\n\t\t\t\tGrillwurst und Grillk\u00e4se im Lokal Pivnice U \u0161neka\n\t\t\t\t<\/figcaption><\/figure><figure class='gallery-item'>\n\t\t\t<div class='gallery-icon landscape'>\n\t\t\t\t<a href='https:\/\/coeser.de\/blog\/wp-content\/uploads\/2017\/10\/znaim-znojmo-restaurant-u-zlate-konve-gal01-christian-oeser.jpg' title=\"B\u00f6hmische Lendchen im Restaurant U zlat\u00e9 konve in Znaim\" data-rl_title=\"B\u00f6hmische Lendchen im Restaurant U zlat\u00e9 konve in Znaim\" class=\"rl-gallery-link\" data-rl_caption=\"Aufnahmeort anzeigen\" data-rel=\"lightbox-gallery-5\"><img loading=\"lazy\" decoding=\"async\" width=\"150\" height=\"150\" src=\"https:\/\/coeser.de\/blog\/wp-content\/uploads\/2017\/10\/znaim-znojmo-restaurant-u-zlate-konve-gal01-christian-oeser-150x150.jpg\" class=\"attachment-thumbnail size-thumbnail\" alt=\"B\u00f6hmische Lendchen im Restaurant U zlat\u00e9 konve in Znaim\" aria-describedby=\"gallery-5-5817\" \/><\/a>\n\t\t\t<\/div>\n\t\t\t\t<figcaption class='wp-caption-text gallery-caption' id='gallery-5-5817'>\n\t\t\t\tB\u00f6hmische Lendchen im Restaurant U zlat\u00e9 konve in Znaim\n\t\t\t\t<\/figcaption><\/figure><figure class='gallery-item'>\n\t\t\t<div class='gallery-icon landscape'>\n\t\t\t\t<a href='https:\/\/coeser.de\/blog\/wp-content\/uploads\/2017\/10\/znaim-znojmo-restaurant-u-zlate-konve-gal02-christian-oeser.jpg' title=\"M\u00e4hrische Taschen im Restaurant U zlat\u00e9 konve in Znaim\" data-rl_title=\"M\u00e4hrische Taschen im Restaurant U zlat\u00e9 konve in Znaim\" class=\"rl-gallery-link\" data-rl_caption=\"Aufnahmeort anzeigen\" data-rel=\"lightbox-gallery-5\"><img loading=\"lazy\" decoding=\"async\" width=\"150\" height=\"150\" src=\"https:\/\/coeser.de\/blog\/wp-content\/uploads\/2017\/10\/znaim-znojmo-restaurant-u-zlate-konve-gal02-christian-oeser-150x150.jpg\" class=\"attachment-thumbnail size-thumbnail\" alt=\"M\u00e4hrische Taschen im Restaurant U zlat\u00e9 konve in Znaim\" aria-describedby=\"gallery-5-5818\" \/><\/a>\n\t\t\t<\/div>\n\t\t\t\t<figcaption class='wp-caption-text gallery-caption' id='gallery-5-5818'>\n\t\t\t\tM\u00e4hrische Taschen im Restaurant U zlat\u00e9 konve in Znaim\n\t\t\t\t<\/figcaption><\/figure><figure class='gallery-item'>\n\t\t\t<div class='gallery-icon landscape'>\n\t\t\t\t<a href='https:\/\/coeser.de\/blog\/wp-content\/uploads\/2017\/11\/znaim-znojmo-restaurant-u-radnice-01-christian-oeser.jpg' title=\"Bier der Brauerei Poli\u010dka (M\u011b\u0161\u0165ansk\u00e9ho pivovaru v Poli\u010dce) im Restaurant U radnice in Znaim\" data-rl_title=\"Bier der Brauerei Poli\u010dka (M\u011b\u0161\u0165ansk\u00e9ho pivovaru v Poli\u010dce) im Restaurant U radnice in Znaim\" class=\"rl-gallery-link\" data-rl_caption=\"Aufnahmeort anzeigen\" data-rel=\"lightbox-gallery-5\"><img loading=\"lazy\" decoding=\"async\" width=\"150\" height=\"150\" src=\"https:\/\/coeser.de\/blog\/wp-content\/uploads\/2017\/11\/znaim-znojmo-restaurant-u-radnice-01-christian-oeser-150x150.jpg\" class=\"attachment-thumbnail size-thumbnail\" alt=\"Bier der Brauerei Poli\u010dka (M\u011b\u0161\u0165ansk\u00e9ho pivovaru v Poli\u010dce) im Restaurant U radnice in Znaim\" aria-describedby=\"gallery-5-21590\" \/><\/a>\n\t\t\t<\/div>\n\t\t\t\t<figcaption class='wp-caption-text gallery-caption' id='gallery-5-21590'>\n\t\t\t\tBier der Brauerei Poli\u010dka (M\u011b\u0161\u0165ansk\u00e9ho pivovaru v Poli\u010dce) im Restaurant U radnice in Znaim\n\t\t\t\t<\/figcaption><\/figure><figure class='gallery-item'>\n\t\t\t<div class='gallery-icon portrait'>\n\t\t\t\t<a href='https:\/\/coeser.de\/blog\/wp-content\/uploads\/2017\/10\/znaim-znojmo-gurken-gal01-christian-oeser.jpg' title=\"Ein Glas Znaimer Gurken\" data-rl_title=\"Ein Glas Znaimer Gurken\" class=\"rl-gallery-link\" data-rl_caption=\"Aufnahmeort anzeigen\" data-rel=\"lightbox-gallery-5\"><img loading=\"lazy\" decoding=\"async\" width=\"150\" height=\"150\" src=\"https:\/\/coeser.de\/blog\/wp-content\/uploads\/2017\/10\/znaim-znojmo-gurken-gal01-christian-oeser-150x150.jpg\" class=\"attachment-thumbnail size-thumbnail\" alt=\"Ein Glas Znaimer Gurken\" aria-describedby=\"gallery-5-5845\" \/><\/a>\n\t\t\t<\/div>\n\t\t\t\t<figcaption class='wp-caption-text gallery-caption' id='gallery-5-5845'>\n\t\t\t\tEin Glas Znaimer Gurken\n\t\t\t\t<\/figcaption><\/figure><figure class='gallery-item'>\n\t\t\t<div class='gallery-icon landscape'>\n\t\t\t\t<a href='https:\/\/coeser.de\/blog\/wp-content\/uploads\/2017\/10\/znaim-znojmo-supermarkt-enapo-gal01-christian-oeser.jpg' title=\"Eingang zum Supermarkt Enapo in Znaim\" data-rl_title=\"Eingang zum Supermarkt Enapo in Znaim\" class=\"rl-gallery-link\" data-rl_caption=\"Aufnahmeort anzeigen\" data-rel=\"lightbox-gallery-5\"><img loading=\"lazy\" decoding=\"async\" width=\"150\" height=\"150\" src=\"https:\/\/coeser.de\/blog\/wp-content\/uploads\/2017\/10\/znaim-znojmo-supermarkt-enapo-gal01-christian-oeser-150x150.jpg\" class=\"attachment-thumbnail size-thumbnail\" alt=\"Eingang zum Supermarkt Enapo in Znaim\" aria-describedby=\"gallery-5-5822\" \/><\/a>\n\t\t\t<\/div>\n\t\t\t\t<figcaption class='wp-caption-text gallery-caption' id='gallery-5-5822'>\n\t\t\t\tEingang zum Supermarkt Enapo in Znaim\n\t\t\t\t<\/figcaption><\/figure>\n\t\t<\/div>\n\n<\/div>\n<p>&nbsp;<\/p>\n<hr \/>\n<h2><img loading=\"lazy\" decoding=\"async\" class=\"alignnone size-full wp-image-5744\" src=\"https:\/\/coeser.de\/blog\/wp-content\/uploads\/2017\/10\/znaim-znojmo-aufmacher4-christian-oeser.jpg\" alt=\"Die alte Stadtbefestigung in Znaim\" width=\"970\" height=\"323\" srcset=\"https:\/\/coeser.de\/blog\/wp-content\/uploads\/2017\/10\/znaim-znojmo-aufmacher4-christian-oeser.jpg 970w, https:\/\/coeser.de\/blog\/wp-content\/uploads\/2017\/10\/znaim-znojmo-aufmacher4-christian-oeser-300x100.jpg 300w, https:\/\/coeser.de\/blog\/wp-content\/uploads\/2017\/10\/znaim-znojmo-aufmacher4-christian-oeser-768x256.jpg 768w\" sizes=\"auto, (max-width: 970px) 100vw, 970px\" \/><\/h2>\n<h2>WEITERE ENTDECKUNGEN IN ZNAIM<\/h2>\n<h2>Rund um den Masarykplatz<\/h2>\n<p>Neben den bisher vorgestellten wichtigsten Orten gibt es in Znaim nat\u00fcrlich noch jede Menge anderer Geb\u00e4ude sowie Pl\u00e4tze zu erkunden. Ich habe w\u00e4hrend ausgiebiger Spazierg\u00e4nge noch einiges entdeckt. Der <strong>Masarykplatz (Masarykovo n\u00e1m\u011bst\u00ed)<\/strong> besticht durch seine stilvollen Hausfassaden und die barocke Pests\u00e4ule aus dem Jahr 1682. T\u00e4glich au\u00dfer Sonntag bieten einige kleine H\u00e4ndler Obst, Gem\u00fcse und je nach Jahreszeit andere Waren an.<\/p>\n<h3>Kaufhaus und Fu\u00dfg\u00e4ngerzone<\/h3>\n<p>Direkt neben den St\u00e4nden sticht optisch mit dem kommunistischen <strong>Kaufhaus &#8222;Dyje&#8220;<\/strong> ein \u00fcberhaupt nicht in die Stadt passendes, wirklich grauenhaftes Geb\u00e4ude hervor. Es ist aber als abschreckendes Beispiel f\u00fcr den vergangenen kommunistischen Totalitarismus in Tschechien doch irgendwie ein passendes Mahnmal. Auf jeden Fall lohnt sich trotzdem der Gang in das Innere, denn im ersten Stock siehst du von der Terrasse des <strong>Caff\u00e9 Panorama<\/strong> ausgezeichnet auf den gesamten Masarykplatz. In der angrenzenden <strong>Fu\u00dfg\u00e4ngerzone Obrokov\u00e1<\/strong> findest du \u00fcbrigens neben dem Rathausturm die Touristeninformation, in der du eine Menge n\u00fctzlicher Prospekte bekommst.<\/p>\n<figure id=\"attachment_5835\" class=\"thumbnail wp-caption alignnone\" style=\"width: 970px\"><img loading=\"lazy\" decoding=\"async\" class=\"wp-image-5835 size-full\" src=\"https:\/\/coeser.de\/blog\/wp-content\/uploads\/2017\/10\/znaim-znojmo-masarykplatz-gal04-christian-oeser.jpg\" alt=\"Der Masarykplatz in Znaim mit dem Rathausturm im Hintergrund\" width=\"960\" height=\"640\" srcset=\"https:\/\/coeser.de\/blog\/wp-content\/uploads\/2017\/10\/znaim-znojmo-masarykplatz-gal04-christian-oeser.jpg 960w, https:\/\/coeser.de\/blog\/wp-content\/uploads\/2017\/10\/znaim-znojmo-masarykplatz-gal04-christian-oeser-300x200.jpg 300w, https:\/\/coeser.de\/blog\/wp-content\/uploads\/2017\/10\/znaim-znojmo-masarykplatz-gal04-christian-oeser-768x512.jpg 768w, https:\/\/coeser.de\/blog\/wp-content\/uploads\/2017\/10\/znaim-znojmo-masarykplatz-gal04-christian-oeser-330x220.jpg 330w\" sizes=\"auto, (max-width: 960px) 100vw, 960px\" \/><figcaption class=\"caption wp-caption-text\">Der Masarykplatz in Znaim mit dem Rathausturm im Hintergrund<br \/><a href=\"https:\/\/www.google.de\/maps\/place\/48.854022,16.050543\" target=\"_blank\" rel=\"noopener\"><strong>Aufnahmeort anzeigen<\/strong><\/a><\/figcaption><\/figure>\n<figure id=\"attachment_5833\" class=\"thumbnail wp-caption alignnone\" style=\"width: 970px\"><img loading=\"lazy\" decoding=\"async\" class=\"wp-image-5833 size-full\" src=\"https:\/\/coeser.de\/blog\/wp-content\/uploads\/2017\/10\/znaim-znojmo-masarykplatz-gal01-christian-oeser.jpg\" alt=\"Stilvolle Hausfassaden auf dem Masarykplatz in Znaim\" width=\"960\" height=\"640\" srcset=\"https:\/\/coeser.de\/blog\/wp-content\/uploads\/2017\/10\/znaim-znojmo-masarykplatz-gal01-christian-oeser.jpg 960w, https:\/\/coeser.de\/blog\/wp-content\/uploads\/2017\/10\/znaim-znojmo-masarykplatz-gal01-christian-oeser-300x200.jpg 300w, https:\/\/coeser.de\/blog\/wp-content\/uploads\/2017\/10\/znaim-znojmo-masarykplatz-gal01-christian-oeser-768x512.jpg 768w, https:\/\/coeser.de\/blog\/wp-content\/uploads\/2017\/10\/znaim-znojmo-masarykplatz-gal01-christian-oeser-330x220.jpg 330w\" sizes=\"auto, (max-width: 960px) 100vw, 960px\" \/><figcaption class=\"caption wp-caption-text\">Stilvolle Hausfassaden auf dem Masarykplatz in Znaim<br \/><a href=\"https:\/\/www.google.de\/maps\/place\/48.854323,16.049875\" target=\"_blank\" rel=\"noopener\"><strong>Aufnahmeort anzeigen<\/strong><\/a><\/figcaption><\/figure>\n<figure id=\"attachment_5829\" class=\"thumbnail wp-caption alignnone\" style=\"width: 970px\"><img loading=\"lazy\" decoding=\"async\" class=\"wp-image-5829 size-full\" src=\"https:\/\/coeser.de\/blog\/wp-content\/uploads\/2017\/10\/znaim-znojmo-kaufhaus-dyje-gal01-christian-oeser.jpg\" alt=\"Das kommunistische Kaufhaus Dyje auf dem Masarykplatz in Znaim\" width=\"960\" height=\"640\" srcset=\"https:\/\/coeser.de\/blog\/wp-content\/uploads\/2017\/10\/znaim-znojmo-kaufhaus-dyje-gal01-christian-oeser.jpg 960w, https:\/\/coeser.de\/blog\/wp-content\/uploads\/2017\/10\/znaim-znojmo-kaufhaus-dyje-gal01-christian-oeser-300x200.jpg 300w, https:\/\/coeser.de\/blog\/wp-content\/uploads\/2017\/10\/znaim-znojmo-kaufhaus-dyje-gal01-christian-oeser-768x512.jpg 768w, https:\/\/coeser.de\/blog\/wp-content\/uploads\/2017\/10\/znaim-znojmo-kaufhaus-dyje-gal01-christian-oeser-330x220.jpg 330w\" sizes=\"auto, (max-width: 960px) 100vw, 960px\" \/><figcaption class=\"caption wp-caption-text\">Das kommunistische Kaufhaus Dyje auf dem Masarykplatz in Znaim<br \/><a href=\"https:\/\/www.google.de\/maps\/place\/48.854771,16.049361\" target=\"_blank\" rel=\"noopener\"><strong>Aufnahmeort anzeigen<\/strong><\/a><\/figcaption><\/figure>\n<figure id=\"attachment_5810\" class=\"thumbnail wp-caption alignnone\" style=\"width: 970px\"><img loading=\"lazy\" decoding=\"async\" class=\"wp-image-5810 size-full\" src=\"https:\/\/coeser.de\/blog\/wp-content\/uploads\/2017\/10\/znaim-znojmo-caffe-panorama-gal01-christian-oeser.jpg\" alt=\"Panoramaaufnahme des Masarykplatz in Znaim vom Caff\u00e9 Panorama aus gesehen\" width=\"960\" height=\"315\" srcset=\"https:\/\/coeser.de\/blog\/wp-content\/uploads\/2017\/10\/znaim-znojmo-caffe-panorama-gal01-christian-oeser.jpg 960w, https:\/\/coeser.de\/blog\/wp-content\/uploads\/2017\/10\/znaim-znojmo-caffe-panorama-gal01-christian-oeser-300x98.jpg 300w, https:\/\/coeser.de\/blog\/wp-content\/uploads\/2017\/10\/znaim-znojmo-caffe-panorama-gal01-christian-oeser-768x252.jpg 768w\" sizes=\"auto, (max-width: 960px) 100vw, 960px\" \/><figcaption class=\"caption wp-caption-text\">Panoramaaufnahme des Masarykplatz in Znaim vom Caff\u00e9 Panorama aus gesehen<br \/><a href=\"https:\/\/www.google.de\/maps\/place\/48.854843,16.049280\" target=\"_blank\" rel=\"noopener\"><strong>Aufnahmeort anzeigen<\/strong><\/a><\/figcaption><\/figure>\n<figure id=\"attachment_5828\" class=\"thumbnail wp-caption alignnone\" style=\"width: 970px\"><img loading=\"lazy\" decoding=\"async\" class=\"wp-image-5828 size-full\" src=\"https:\/\/coeser.de\/blog\/wp-content\/uploads\/2017\/10\/znaim-znojmo-fussgaengerzone-obrokova-gal02-christian-oeser.jpg\" alt=\"Blick von der Fu\u00dfg\u00e4ngerzone Obrokov\u00e1 in Richtung Masarykplatz\" width=\"960\" height=\"640\" srcset=\"https:\/\/coeser.de\/blog\/wp-content\/uploads\/2017\/10\/znaim-znojmo-fussgaengerzone-obrokova-gal02-christian-oeser.jpg 960w, https:\/\/coeser.de\/blog\/wp-content\/uploads\/2017\/10\/znaim-znojmo-fussgaengerzone-obrokova-gal02-christian-oeser-300x200.jpg 300w, https:\/\/coeser.de\/blog\/wp-content\/uploads\/2017\/10\/znaim-znojmo-fussgaengerzone-obrokova-gal02-christian-oeser-768x512.jpg 768w, https:\/\/coeser.de\/blog\/wp-content\/uploads\/2017\/10\/znaim-znojmo-fussgaengerzone-obrokova-gal02-christian-oeser-330x220.jpg 330w\" sizes=\"auto, (max-width: 960px) 100vw, 960px\" \/><figcaption class=\"caption wp-caption-text\">Blick von der Fu\u00dfg\u00e4ngerzone Obrokov\u00e1 in Richtung Masarykplatz<br \/><a href=\"https:\/\/www.google.de\/maps\/place\/48.855417,16.049086\" target=\"_blank\" rel=\"noopener\"><strong>Aufnahmeort anzeigen<\/strong><\/a><\/figcaption><\/figure>\n<hr \/>\n<h2>Der Wolfsturm von Znaim<\/h2>\n<p>Am s\u00fcdlichen Ende des Platzes steht der gotische <strong>Wolfsturm (Vlkova v\u011b\u017e)<\/strong>. Er ist das letzte Bauwerk der urspr\u00fcnglichen Befestigung aus den Zeiten des K\u00f6nigs Ottokar I. P\u0159emysl und misst 32 Meter H\u00f6he. Ich habe zwar \u00fcberall davon gelesen, dass man die 123 Stufen im Turm besteigen kann, diese M\u00f6glichkeit aber nicht pers\u00f6nlich \u00fcberpr\u00fcft.<\/p>\n<h3>Die Reste der Stadtmauer<\/h3>\n<p>Nur wenige Meter entfernt gibt es \u00fcber ein eisernes Gittertor einen Zugang zu einem Teil der ehemaligen Befestigungsanlagen. Erhalten geblieben sind Teile der <strong>Stadtmauer und der Schie\u00dfst\u00e4tteturm<\/strong> \u2013 das restliche Areal der Stadtmauer wurde durch Gr\u00fcnfl\u00e4chen passend ersetzt. Es gibt n\u00f6rdlich noch weitere \u00dcberreste der Stadtmauer, die du bei Interesse (<a href=\"https:\/\/www.google.de\/maps\/place\/48.857061,16.051128\" target=\"_blank\" rel=\"noopener noreferrer\"><strong>GPS-Koordinaten<\/strong><\/a>) ansehen kannst.<\/p>\n<figure id=\"attachment_5826\" class=\"thumbnail wp-caption alignnone\" style=\"width: 970px\"><img loading=\"lazy\" decoding=\"async\" class=\"wp-image-5826 size-full\" src=\"https:\/\/coeser.de\/blog\/wp-content\/uploads\/2017\/10\/znaim-znojmo-wolfsturm-gal01-christian-oeser.jpg\" alt=\"Der gotische Wolfsturm in Znaim\" width=\"960\" height=\"640\" srcset=\"https:\/\/coeser.de\/blog\/wp-content\/uploads\/2017\/10\/znaim-znojmo-wolfsturm-gal01-christian-oeser.jpg 960w, https:\/\/coeser.de\/blog\/wp-content\/uploads\/2017\/10\/znaim-znojmo-wolfsturm-gal01-christian-oeser-300x200.jpg 300w, https:\/\/coeser.de\/blog\/wp-content\/uploads\/2017\/10\/znaim-znojmo-wolfsturm-gal01-christian-oeser-768x512.jpg 768w, https:\/\/coeser.de\/blog\/wp-content\/uploads\/2017\/10\/znaim-znojmo-wolfsturm-gal01-christian-oeser-330x220.jpg 330w\" sizes=\"auto, (max-width: 960px) 100vw, 960px\" \/><figcaption class=\"caption wp-caption-text\">Der gotische Wolfsturm in Znaim<br \/><a href=\"https:\/\/www.google.de\/maps\/place\/48.853909,16.050683\" target=\"_blank\" rel=\"noopener\"><strong>Aufnahmeort anzeigen<\/strong><\/a><\/figcaption><\/figure>\n<figure id=\"attachment_5824\" class=\"thumbnail wp-caption alignnone\" style=\"width: 970px\"><img loading=\"lazy\" decoding=\"async\" class=\"wp-image-5824 size-full\" src=\"https:\/\/coeser.de\/blog\/wp-content\/uploads\/2017\/10\/znaim-znojmo-stadtmauer-gal01-christian-oeser.jpg\" alt=\"\u00dcberreste der Znaimer Stadtbefestigung\" width=\"960\" height=\"640\" srcset=\"https:\/\/coeser.de\/blog\/wp-content\/uploads\/2017\/10\/znaim-znojmo-stadtmauer-gal01-christian-oeser.jpg 960w, https:\/\/coeser.de\/blog\/wp-content\/uploads\/2017\/10\/znaim-znojmo-stadtmauer-gal01-christian-oeser-300x200.jpg 300w, https:\/\/coeser.de\/blog\/wp-content\/uploads\/2017\/10\/znaim-znojmo-stadtmauer-gal01-christian-oeser-768x512.jpg 768w, https:\/\/coeser.de\/blog\/wp-content\/uploads\/2017\/10\/znaim-znojmo-stadtmauer-gal01-christian-oeser-330x220.jpg 330w\" sizes=\"auto, (max-width: 960px) 100vw, 960px\" \/><figcaption class=\"caption wp-caption-text\">\u00dcberreste der Znaimer Stadtbefestigung<br \/><a href=\"https:\/\/www.google.de\/maps\/place\/48.854390,16.052353\" target=\"_blank\" rel=\"noopener\"><strong>Aufnahmeort anzeigen<\/strong><\/a><\/figcaption><\/figure>\n<hr \/>\n<h2>Das Stadttheater in Znaim<\/h2>\n<p>Auf das <strong>Stadttheater (M\u011bstsk\u00e9 divadlo)<\/strong> sind die Einwohner von Znaim zurecht stolz. Es wurde 1899 nach den Pl\u00e4nen des Wiener Architekten Alexander Graf gebaut. Er lie\u00df sich dabei von der Au\u00dfengestaltung der Wiener Volksoper inspirieren, die er selbst kurz zuvor entwarf. Zu gerne h\u00e4tte ich einen Blick in das Innere geworfen, das ist allerdings leider nur bei Auff\u00fchrungen m\u00f6glich.<\/p>\n<h3>Das Kloster Louka<\/h3>\n<p>Als letzten Punkt habe ich noch kurz vor der Abreise aus Znaim mit dem Auto einen Abstecher in das <strong>Kloster Louka (Louck\u00fd kl\u00e1\u0161ter)<\/strong> gemacht. Jahrhundertlang war der Klosterkomplex ein kulturelles Zentrum, ehe es im Jahr 1784 geschlossen und fortan f\u00fcr 200 Jahre von Soldaten genutzt wurde. In dieser Zeit verfiel das Geb\u00e4ude zusehends, was man auch heute noch feststellen kann. Es bleibt zu hoffen, dass dieses grandiose Bauwerk irgendwann wieder in einstigem Glanz erstrahlt! Ein Besuch ist dennoch interessant, weil das Weinbauunternehmen <em>Znov\u00edn <\/em>dort nicht nur seine Weine anbietet, sondern auch F\u00fchrungen mit Weinverkostungen durchf\u00fchrt. Wenn du mehr dar\u00fcber erfahren willst, sieh dir die Webseite <strong><a href=\"http:\/\/www.znovin.cz\/en\/louka-monastery-in-znojmo\" target=\"_blank\" rel=\"noopener noreferrer\">znovin.cz<\/a><\/strong> (nur Englisch) an.<\/p>\n<figure id=\"attachment_5825\" class=\"thumbnail wp-caption alignnone\" style=\"width: 970px\"><img loading=\"lazy\" decoding=\"async\" class=\"wp-image-5825 size-full\" src=\"https:\/\/coeser.de\/blog\/wp-content\/uploads\/2017\/10\/znaim-znojmo-stadttheater-gal01-christian-oeser.jpg\" alt=\"Das Stadttheater in Znaim\" width=\"960\" height=\"640\" srcset=\"https:\/\/coeser.de\/blog\/wp-content\/uploads\/2017\/10\/znaim-znojmo-stadttheater-gal01-christian-oeser.jpg 960w, https:\/\/coeser.de\/blog\/wp-content\/uploads\/2017\/10\/znaim-znojmo-stadttheater-gal01-christian-oeser-300x200.jpg 300w, https:\/\/coeser.de\/blog\/wp-content\/uploads\/2017\/10\/znaim-znojmo-stadttheater-gal01-christian-oeser-768x512.jpg 768w, https:\/\/coeser.de\/blog\/wp-content\/uploads\/2017\/10\/znaim-znojmo-stadttheater-gal01-christian-oeser-330x220.jpg 330w\" sizes=\"auto, (max-width: 960px) 100vw, 960px\" \/><figcaption class=\"caption wp-caption-text\">Das Stadttheater in Znaim<br \/><a href=\"https:\/\/www.google.de\/maps\/place\/48.852876,16.053842\" target=\"_blank\" rel=\"noopener\"><strong>Aufnahmeort anzeigen<\/strong><\/a><\/figcaption><\/figure>\n<figure id=\"attachment_5830\" class=\"thumbnail wp-caption alignnone\" style=\"width: 970px\"><img loading=\"lazy\" decoding=\"async\" class=\"wp-image-5830 size-full\" src=\"https:\/\/coeser.de\/blog\/wp-content\/uploads\/2017\/10\/znaim-znojmo-kloster-louka-gal01-christian-oeser.jpg\" alt=\"Blick vom Kuhberg auf das Kloster Louka in Znaim\" width=\"960\" height=\"640\" srcset=\"https:\/\/coeser.de\/blog\/wp-content\/uploads\/2017\/10\/znaim-znojmo-kloster-louka-gal01-christian-oeser.jpg 960w, https:\/\/coeser.de\/blog\/wp-content\/uploads\/2017\/10\/znaim-znojmo-kloster-louka-gal01-christian-oeser-300x200.jpg 300w, https:\/\/coeser.de\/blog\/wp-content\/uploads\/2017\/10\/znaim-znojmo-kloster-louka-gal01-christian-oeser-768x512.jpg 768w, https:\/\/coeser.de\/blog\/wp-content\/uploads\/2017\/10\/znaim-znojmo-kloster-louka-gal01-christian-oeser-330x220.jpg 330w\" sizes=\"auto, (max-width: 960px) 100vw, 960px\" \/><figcaption class=\"caption wp-caption-text\">Blick vom Kuhberg auf das Kloster Louka<br \/><a href=\"https:\/\/www.google.de\/maps\/place\/48.851762,16.043516\" target=\"_blank\" rel=\"noopener\"><strong>Aufnahmeort anzeigen<\/strong><\/a><\/figcaption><\/figure>\n<hr \/>\n<div class=\"fazit\">\n<h2>FAZIT<\/h2>\n<p>Meine St\u00e4dtetrips nach Znaim haben mir ausgezeichnet gefallen und eine baldige R\u00fcckkehr in die Stadt an der tschechisch-\u00f6sterreichischen Grenze ist bereits geplant. Die Silhouette Znaims mit dem Rathausturm, der St.-Nikolaus-Kirche und der Rotunde begr\u00fcsst dich schon von Weitem, egal ob du mit dem Auto oder dem Zug anreist. Neben dem kleinen, aber wirklich feinen mittelalterlichen Stadtkern ist es vor allem der angrenzende Nationalpark, der diesen Ort an der Thaya so attraktiv macht. Abgerundet wird der Aufenthalt mit s\u00fcffigem tschechischen Bier, sehr gutem Wein und deftiger Hausmannskost. Also, auf nach Znaim! \ud83d\ude42<\/p>\n<\/div>\n<p>&nbsp;<\/p>\n<div style=\"display: none;\">\n<p><img loading=\"lazy\" decoding=\"async\" class=\"alignnone size-full wp-image-5839\" src=\"https:\/\/coeser.de\/blog\/wp-content\/uploads\/2017\/10\/znaim-znojmo-p1-christian-oeser.jpg\" alt=\"Reisebericht \u00fcber Znaim (Znojmo) in Tschechien mit Erfahrungen zu Sehensw\u00fcrdigkeiten, den besten Fotospots, allgemeinen Tipps und Restaurantempfehlungen.\" width=\"735\" height=\"1102\" srcset=\"https:\/\/coeser.de\/blog\/wp-content\/uploads\/2017\/10\/znaim-znojmo-p1-christian-oeser.jpg 735w, https:\/\/coeser.de\/blog\/wp-content\/uploads\/2017\/10\/znaim-znojmo-p1-christian-oeser-200x300.jpg 200w, https:\/\/coeser.de\/blog\/wp-content\/uploads\/2017\/10\/znaim-znojmo-p1-christian-oeser-683x1024.jpg 683w\" sizes=\"auto, (max-width: 735px) 100vw, 735px\" \/><\/p>\n<p><img loading=\"lazy\" decoding=\"async\" class=\"alignnone size-full wp-image-5840\" src=\"https:\/\/coeser.de\/blog\/wp-content\/uploads\/2017\/10\/znaim-znojmo-p2-christian-oeser.jpg\" alt=\"Reisebericht \u00fcber Znaim (Znojmo) in Tschechien mit Erfahrungen zu Sehensw\u00fcrdigkeiten, den besten Fotospots, allgemeinen Tipps und Restaurantempfehlungen.\" width=\"735\" height=\"1102\" srcset=\"https:\/\/coeser.de\/blog\/wp-content\/uploads\/2017\/10\/znaim-znojmo-p2-christian-oeser.jpg 735w, https:\/\/coeser.de\/blog\/wp-content\/uploads\/2017\/10\/znaim-znojmo-p2-christian-oeser-200x300.jpg 200w, https:\/\/coeser.de\/blog\/wp-content\/uploads\/2017\/10\/znaim-znojmo-p2-christian-oeser-683x1024.jpg 683w\" sizes=\"auto, (max-width: 735px) 100vw, 735px\" \/><\/p>\n<\/div>\n","protected":false},"excerpt":{"rendered":"<p>Znaim ist wohl eines der lohnenswertesten Ziele, wenn du wieder einmal ein Ausflugsziel f\u00fcr einen Tag oder sogar ein Wochenende suchst. Nur wenige Minuten von der \u00f6sterreichischen Grenze entfernt, wartet die tschechische Stadt mit einer Vielzahl an attraktiven Pl\u00e4tzen, Sehensw\u00fcrdigkeiten und Lokalen auf dich. Direkt von der Innenstadt f\u00fchrt ein Wanderweg zum Nationalpark Thayatal und [&hellip;]<\/p>\n","protected":false},"author":1,"featured_media":5740,"comment_status":"open","ping_status":"open","sticky":false,"template":"","format":"standard","meta":{"_jetpack_memberships_contains_paid_content":false,"footnotes":""},"categories":[5],"tags":[9,11,12,41,68,10,13,195,196],"class_list":["post-5727","post","type-post","status-publish","format-standard","has-post-thumbnail","hentry","category-tschechien","tag-cityguide","tag-fotospots","tag-fototipps","tag-reisebericht","tag-reisefuehrer","tag-staedtereise","tag-tschechien","tag-znaim","tag-znojmo"],"yoast_head":"<!-- This site is optimized with the Yoast SEO plugin v27.4 - https:\/\/yoast.com\/product\/yoast-seo-wordpress\/ -->\n<title>Znaim \u2013 die gr\u00fcne Grenzstadt - Reiseblog und Fotostories von Christian \u00d6ser<\/title>\n<meta name=\"description\" content=\"Znaim (Znojmo): Reisebericht mit Erfahrungen zu Sehensw\u00fcrdigkeiten, den besten Fotospots, allgemeinen Tipps und Restaurantempfehlungen.\" \/>\n<meta name=\"robots\" content=\"index, follow, max-snippet:-1, max-image-preview:large, max-video-preview:-1\" \/>\n<link rel=\"canonical\" href=\"https:\/\/coeser.de\/blog\/index.php\/2017\/11\/14\/znaim-die-gruene-grenzstadt\/\" \/>\n<meta property=\"og:locale\" content=\"de_DE\" \/>\n<meta property=\"og:type\" content=\"article\" \/>\n<meta property=\"og:title\" content=\"Znaim \u2013 die gr\u00fcne Grenzstadt - Reiseblog und Fotostories von Christian \u00d6ser\" \/>\n<meta property=\"og:description\" content=\"Znaim (Znojmo): Reisebericht mit Erfahrungen zu Sehensw\u00fcrdigkeiten, den besten Fotospots, allgemeinen Tipps und Restaurantempfehlungen.\" \/>\n<meta property=\"og:url\" content=\"https:\/\/coeser.de\/blog\/index.php\/2017\/11\/14\/znaim-die-gruene-grenzstadt\/\" \/>\n<meta property=\"og:site_name\" content=\"fern &amp; nah - Reiseblog und Fotostories von Christian \u00d6ser\" \/>\n<meta property=\"article:publisher\" content=\"Christian \u00d6ser\" \/>\n<meta property=\"article:author\" content=\"Christian \u00d6ser\" \/>\n<meta property=\"article:published_time\" content=\"2017-11-14T06:00:38+00:00\" \/>\n<meta property=\"article:modified_time\" content=\"2024-01-02T15:58:45+00:00\" \/>\n<meta property=\"og:image\" content=\"https:\/\/coeser.de\/blog\/wp-content\/uploads\/2017\/10\/znaim-znojmo-aufmacher-christian-oeser.jpg\" \/>\n\t<meta property=\"og:image:width\" content=\"978\" \/>\n\t<meta property=\"og:image:height\" content=\"550\" \/>\n\t<meta property=\"og:image:type\" content=\"image\/jpeg\" \/>\n<meta name=\"author\" content=\"Christian \u00d6ser\" \/>\n<meta name=\"twitter:card\" content=\"summary_large_image\" \/>\n<meta name=\"twitter:label1\" content=\"Verfasst von\" \/>\n\t<meta name=\"twitter:data1\" content=\"Christian \u00d6ser\" \/>\n\t<meta name=\"twitter:label2\" content=\"Gesch\u00e4tzte Lesezeit\" \/>\n\t<meta name=\"twitter:data2\" content=\"29\u00a0Minuten\" \/>\n<script type=\"application\/ld+json\" class=\"yoast-schema-graph\">{\"@context\":\"https:\\\/\\\/schema.org\",\"@graph\":[{\"@type\":\"Article\",\"@id\":\"https:\\\/\\\/coeser.de\\\/blog\\\/index.php\\\/2017\\\/11\\\/14\\\/znaim-die-gruene-grenzstadt\\\/#article\",\"isPartOf\":{\"@id\":\"https:\\\/\\\/coeser.de\\\/blog\\\/index.php\\\/2017\\\/11\\\/14\\\/znaim-die-gruene-grenzstadt\\\/\"},\"author\":{\"name\":\"Christian \u00d6ser\",\"@id\":\"https:\\\/\\\/coeser.de\\\/blog\\\/#\\\/schema\\\/person\\\/fda1d253389076b2cadc3d47018cf315\"},\"headline\":\"Znaim \u2013 die gr\u00fcne Grenzstadt\",\"datePublished\":\"2017-11-14T06:00:38+00:00\",\"dateModified\":\"2024-01-02T15:58:45+00:00\",\"mainEntityOfPage\":{\"@id\":\"https:\\\/\\\/coeser.de\\\/blog\\\/index.php\\\/2017\\\/11\\\/14\\\/znaim-die-gruene-grenzstadt\\\/\"},\"wordCount\":4076,\"commentCount\":11,\"publisher\":{\"@id\":\"https:\\\/\\\/coeser.de\\\/blog\\\/#\\\/schema\\\/person\\\/fda1d253389076b2cadc3d47018cf315\"},\"image\":{\"@id\":\"https:\\\/\\\/coeser.de\\\/blog\\\/index.php\\\/2017\\\/11\\\/14\\\/znaim-die-gruene-grenzstadt\\\/#primaryimage\"},\"thumbnailUrl\":\"https:\\\/\\\/coeser.de\\\/blog\\\/wp-content\\\/uploads\\\/2017\\\/10\\\/znaim-znojmo-aufmacher-christian-oeser.jpg\",\"keywords\":[\"Cityguide\",\"Fotospots\",\"Fototipps\",\"Reisebericht\",\"Reisef\u00fchrer\",\"St\u00e4dtereise\",\"Tschechien\",\"Znaim\",\"Znojmo\"],\"articleSection\":[\"TSCHECHIEN\"],\"inLanguage\":\"de\",\"potentialAction\":[{\"@type\":\"CommentAction\",\"name\":\"Comment\",\"target\":[\"https:\\\/\\\/coeser.de\\\/blog\\\/index.php\\\/2017\\\/11\\\/14\\\/znaim-die-gruene-grenzstadt\\\/#respond\"]}]},{\"@type\":\"WebPage\",\"@id\":\"https:\\\/\\\/coeser.de\\\/blog\\\/index.php\\\/2017\\\/11\\\/14\\\/znaim-die-gruene-grenzstadt\\\/\",\"url\":\"https:\\\/\\\/coeser.de\\\/blog\\\/index.php\\\/2017\\\/11\\\/14\\\/znaim-die-gruene-grenzstadt\\\/\",\"name\":\"Znaim \u2013 die gr\u00fcne Grenzstadt - Reiseblog und Fotostories von Christian \u00d6ser\",\"isPartOf\":{\"@id\":\"https:\\\/\\\/coeser.de\\\/blog\\\/#website\"},\"primaryImageOfPage\":{\"@id\":\"https:\\\/\\\/coeser.de\\\/blog\\\/index.php\\\/2017\\\/11\\\/14\\\/znaim-die-gruene-grenzstadt\\\/#primaryimage\"},\"image\":{\"@id\":\"https:\\\/\\\/coeser.de\\\/blog\\\/index.php\\\/2017\\\/11\\\/14\\\/znaim-die-gruene-grenzstadt\\\/#primaryimage\"},\"thumbnailUrl\":\"https:\\\/\\\/coeser.de\\\/blog\\\/wp-content\\\/uploads\\\/2017\\\/10\\\/znaim-znojmo-aufmacher-christian-oeser.jpg\",\"datePublished\":\"2017-11-14T06:00:38+00:00\",\"dateModified\":\"2024-01-02T15:58:45+00:00\",\"description\":\"Znaim (Znojmo): Reisebericht mit Erfahrungen zu Sehensw\u00fcrdigkeiten, den besten Fotospots, allgemeinen Tipps und Restaurantempfehlungen.\",\"breadcrumb\":{\"@id\":\"https:\\\/\\\/coeser.de\\\/blog\\\/index.php\\\/2017\\\/11\\\/14\\\/znaim-die-gruene-grenzstadt\\\/#breadcrumb\"},\"inLanguage\":\"de\",\"potentialAction\":[{\"@type\":\"ReadAction\",\"target\":[\"https:\\\/\\\/coeser.de\\\/blog\\\/index.php\\\/2017\\\/11\\\/14\\\/znaim-die-gruene-grenzstadt\\\/\"]}]},{\"@type\":\"ImageObject\",\"inLanguage\":\"de\",\"@id\":\"https:\\\/\\\/coeser.de\\\/blog\\\/index.php\\\/2017\\\/11\\\/14\\\/znaim-die-gruene-grenzstadt\\\/#primaryimage\",\"url\":\"https:\\\/\\\/coeser.de\\\/blog\\\/wp-content\\\/uploads\\\/2017\\\/10\\\/znaim-znojmo-aufmacher-christian-oeser.jpg\",\"contentUrl\":\"https:\\\/\\\/coeser.de\\\/blog\\\/wp-content\\\/uploads\\\/2017\\\/10\\\/znaim-znojmo-aufmacher-christian-oeser.jpg\",\"width\":978,\"height\":550,\"caption\":\"Blick auf Znaim mit dem Rathausturm und dem Minoritenkloster\"},{\"@type\":\"BreadcrumbList\",\"@id\":\"https:\\\/\\\/coeser.de\\\/blog\\\/index.php\\\/2017\\\/11\\\/14\\\/znaim-die-gruene-grenzstadt\\\/#breadcrumb\",\"itemListElement\":[{\"@type\":\"ListItem\",\"position\":1,\"name\":\"Startseite\",\"item\":\"https:\\\/\\\/coeser.de\\\/blog\\\/\"},{\"@type\":\"ListItem\",\"position\":2,\"name\":\"Znaim \u2013 die gr\u00fcne Grenzstadt\"}]},{\"@type\":\"WebSite\",\"@id\":\"https:\\\/\\\/coeser.de\\\/blog\\\/#website\",\"url\":\"https:\\\/\\\/coeser.de\\\/blog\\\/\",\"name\":\"fern &amp; nah - Reiseblog und Fotostories von Christian \u00d6ser\",\"description\":\"Reiseblog und Fotostories von Christian \u00d6ser\",\"publisher\":{\"@id\":\"https:\\\/\\\/coeser.de\\\/blog\\\/#\\\/schema\\\/person\\\/fda1d253389076b2cadc3d47018cf315\"},\"potentialAction\":[{\"@type\":\"SearchAction\",\"target\":{\"@type\":\"EntryPoint\",\"urlTemplate\":\"https:\\\/\\\/coeser.de\\\/blog\\\/?s={search_term_string}\"},\"query-input\":{\"@type\":\"PropertyValueSpecification\",\"valueRequired\":true,\"valueName\":\"search_term_string\"}}],\"inLanguage\":\"de\"},{\"@type\":[\"Person\",\"Organization\"],\"@id\":\"https:\\\/\\\/coeser.de\\\/blog\\\/#\\\/schema\\\/person\\\/fda1d253389076b2cadc3d47018cf315\",\"name\":\"Christian \u00d6ser\",\"image\":{\"@type\":\"ImageObject\",\"inLanguage\":\"de\",\"@id\":\"https:\\\/\\\/coeser.de\\\/blog\\\/wp-content\\\/uploads\\\/2016\\\/08\\\/logo-fern-und-nah-christian-oeser-4.jpg\",\"url\":\"https:\\\/\\\/coeser.de\\\/blog\\\/wp-content\\\/uploads\\\/2016\\\/08\\\/logo-fern-und-nah-christian-oeser-4.jpg\",\"contentUrl\":\"https:\\\/\\\/coeser.de\\\/blog\\\/wp-content\\\/uploads\\\/2016\\\/08\\\/logo-fern-und-nah-christian-oeser-4.jpg\",\"width\":1090,\"height\":245,\"caption\":\"Christian \u00d6ser\"},\"logo\":{\"@id\":\"https:\\\/\\\/coeser.de\\\/blog\\\/wp-content\\\/uploads\\\/2016\\\/08\\\/logo-fern-und-nah-christian-oeser-4.jpg\"},\"sameAs\":[\"http:\\\/\\\/www.coeser.de\",\"Christian \u00d6ser\",\"https:\\\/\\\/www.instagram.com\\\/coeser_de\\\/\",\"https:\\\/\\\/www.pinterest.at\\\/nightline5\\\/\"],\"url\":\"https:\\\/\\\/coeser.de\\\/blog\\\/index.php\\\/author\\\/coeser\\\/\"}]}<\/script>\n<!-- \/ Yoast SEO plugin. -->","yoast_head_json":{"title":"Znaim \u2013 die gr\u00fcne Grenzstadt - Reiseblog und Fotostories von Christian \u00d6ser","description":"Znaim (Znojmo): Reisebericht mit Erfahrungen zu Sehensw\u00fcrdigkeiten, den besten Fotospots, allgemeinen Tipps und Restaurantempfehlungen.","robots":{"index":"index","follow":"follow","max-snippet":"max-snippet:-1","max-image-preview":"max-image-preview:large","max-video-preview":"max-video-preview:-1"},"canonical":"https:\/\/coeser.de\/blog\/index.php\/2017\/11\/14\/znaim-die-gruene-grenzstadt\/","og_locale":"de_DE","og_type":"article","og_title":"Znaim \u2013 die gr\u00fcne Grenzstadt - Reiseblog und Fotostories von Christian \u00d6ser","og_description":"Znaim (Znojmo): Reisebericht mit Erfahrungen zu Sehensw\u00fcrdigkeiten, den besten Fotospots, allgemeinen Tipps und Restaurantempfehlungen.","og_url":"https:\/\/coeser.de\/blog\/index.php\/2017\/11\/14\/znaim-die-gruene-grenzstadt\/","og_site_name":"fern &amp; nah - Reiseblog und Fotostories von Christian \u00d6ser","article_publisher":"Christian \u00d6ser","article_author":"Christian \u00d6ser","article_published_time":"2017-11-14T06:00:38+00:00","article_modified_time":"2024-01-02T15:58:45+00:00","og_image":[{"width":978,"height":550,"url":"https:\/\/coeser.de\/blog\/wp-content\/uploads\/2017\/10\/znaim-znojmo-aufmacher-christian-oeser.jpg","type":"image\/jpeg"}],"author":"Christian \u00d6ser","twitter_card":"summary_large_image","twitter_misc":{"Verfasst von":"Christian \u00d6ser","Gesch\u00e4tzte Lesezeit":"29\u00a0Minuten"},"schema":{"@context":"https:\/\/schema.org","@graph":[{"@type":"Article","@id":"https:\/\/coeser.de\/blog\/index.php\/2017\/11\/14\/znaim-die-gruene-grenzstadt\/#article","isPartOf":{"@id":"https:\/\/coeser.de\/blog\/index.php\/2017\/11\/14\/znaim-die-gruene-grenzstadt\/"},"author":{"name":"Christian \u00d6ser","@id":"https:\/\/coeser.de\/blog\/#\/schema\/person\/fda1d253389076b2cadc3d47018cf315"},"headline":"Znaim \u2013 die gr\u00fcne Grenzstadt","datePublished":"2017-11-14T06:00:38+00:00","dateModified":"2024-01-02T15:58:45+00:00","mainEntityOfPage":{"@id":"https:\/\/coeser.de\/blog\/index.php\/2017\/11\/14\/znaim-die-gruene-grenzstadt\/"},"wordCount":4076,"commentCount":11,"publisher":{"@id":"https:\/\/coeser.de\/blog\/#\/schema\/person\/fda1d253389076b2cadc3d47018cf315"},"image":{"@id":"https:\/\/coeser.de\/blog\/index.php\/2017\/11\/14\/znaim-die-gruene-grenzstadt\/#primaryimage"},"thumbnailUrl":"https:\/\/coeser.de\/blog\/wp-content\/uploads\/2017\/10\/znaim-znojmo-aufmacher-christian-oeser.jpg","keywords":["Cityguide","Fotospots","Fototipps","Reisebericht","Reisef\u00fchrer","St\u00e4dtereise","Tschechien","Znaim","Znojmo"],"articleSection":["TSCHECHIEN"],"inLanguage":"de","potentialAction":[{"@type":"CommentAction","name":"Comment","target":["https:\/\/coeser.de\/blog\/index.php\/2017\/11\/14\/znaim-die-gruene-grenzstadt\/#respond"]}]},{"@type":"WebPage","@id":"https:\/\/coeser.de\/blog\/index.php\/2017\/11\/14\/znaim-die-gruene-grenzstadt\/","url":"https:\/\/coeser.de\/blog\/index.php\/2017\/11\/14\/znaim-die-gruene-grenzstadt\/","name":"Znaim \u2013 die gr\u00fcne Grenzstadt - Reiseblog und Fotostories von Christian \u00d6ser","isPartOf":{"@id":"https:\/\/coeser.de\/blog\/#website"},"primaryImageOfPage":{"@id":"https:\/\/coeser.de\/blog\/index.php\/2017\/11\/14\/znaim-die-gruene-grenzstadt\/#primaryimage"},"image":{"@id":"https:\/\/coeser.de\/blog\/index.php\/2017\/11\/14\/znaim-die-gruene-grenzstadt\/#primaryimage"},"thumbnailUrl":"https:\/\/coeser.de\/blog\/wp-content\/uploads\/2017\/10\/znaim-znojmo-aufmacher-christian-oeser.jpg","datePublished":"2017-11-14T06:00:38+00:00","dateModified":"2024-01-02T15:58:45+00:00","description":"Znaim (Znojmo): Reisebericht mit Erfahrungen zu Sehensw\u00fcrdigkeiten, den besten Fotospots, allgemeinen Tipps und Restaurantempfehlungen.","breadcrumb":{"@id":"https:\/\/coeser.de\/blog\/index.php\/2017\/11\/14\/znaim-die-gruene-grenzstadt\/#breadcrumb"},"inLanguage":"de","potentialAction":[{"@type":"ReadAction","target":["https:\/\/coeser.de\/blog\/index.php\/2017\/11\/14\/znaim-die-gruene-grenzstadt\/"]}]},{"@type":"ImageObject","inLanguage":"de","@id":"https:\/\/coeser.de\/blog\/index.php\/2017\/11\/14\/znaim-die-gruene-grenzstadt\/#primaryimage","url":"https:\/\/coeser.de\/blog\/wp-content\/uploads\/2017\/10\/znaim-znojmo-aufmacher-christian-oeser.jpg","contentUrl":"https:\/\/coeser.de\/blog\/wp-content\/uploads\/2017\/10\/znaim-znojmo-aufmacher-christian-oeser.jpg","width":978,"height":550,"caption":"Blick auf Znaim mit dem Rathausturm und dem Minoritenkloster"},{"@type":"BreadcrumbList","@id":"https:\/\/coeser.de\/blog\/index.php\/2017\/11\/14\/znaim-die-gruene-grenzstadt\/#breadcrumb","itemListElement":[{"@type":"ListItem","position":1,"name":"Startseite","item":"https:\/\/coeser.de\/blog\/"},{"@type":"ListItem","position":2,"name":"Znaim \u2013 die gr\u00fcne Grenzstadt"}]},{"@type":"WebSite","@id":"https:\/\/coeser.de\/blog\/#website","url":"https:\/\/coeser.de\/blog\/","name":"fern &amp; nah - Reiseblog und Fotostories von Christian \u00d6ser","description":"Reiseblog und Fotostories von Christian \u00d6ser","publisher":{"@id":"https:\/\/coeser.de\/blog\/#\/schema\/person\/fda1d253389076b2cadc3d47018cf315"},"potentialAction":[{"@type":"SearchAction","target":{"@type":"EntryPoint","urlTemplate":"https:\/\/coeser.de\/blog\/?s={search_term_string}"},"query-input":{"@type":"PropertyValueSpecification","valueRequired":true,"valueName":"search_term_string"}}],"inLanguage":"de"},{"@type":["Person","Organization"],"@id":"https:\/\/coeser.de\/blog\/#\/schema\/person\/fda1d253389076b2cadc3d47018cf315","name":"Christian \u00d6ser","image":{"@type":"ImageObject","inLanguage":"de","@id":"https:\/\/coeser.de\/blog\/wp-content\/uploads\/2016\/08\/logo-fern-und-nah-christian-oeser-4.jpg","url":"https:\/\/coeser.de\/blog\/wp-content\/uploads\/2016\/08\/logo-fern-und-nah-christian-oeser-4.jpg","contentUrl":"https:\/\/coeser.de\/blog\/wp-content\/uploads\/2016\/08\/logo-fern-und-nah-christian-oeser-4.jpg","width":1090,"height":245,"caption":"Christian \u00d6ser"},"logo":{"@id":"https:\/\/coeser.de\/blog\/wp-content\/uploads\/2016\/08\/logo-fern-und-nah-christian-oeser-4.jpg"},"sameAs":["http:\/\/www.coeser.de","Christian \u00d6ser","https:\/\/www.instagram.com\/coeser_de\/","https:\/\/www.pinterest.at\/nightline5\/"],"url":"https:\/\/coeser.de\/blog\/index.php\/author\/coeser\/"}]}},"jetpack_featured_media_url":"https:\/\/coeser.de\/blog\/wp-content\/uploads\/2017\/10\/znaim-znojmo-aufmacher-christian-oeser.jpg","jetpack-related-posts":[{"id":5700,"url":"https:\/\/coeser.de\/blog\/index.php\/2018\/01\/02\/das-war-mein-reisejahr-2017\/","url_meta":{"origin":5727,"position":0},"title":"Das war mein Reisejahr 2017","author":"Christian \u00d6ser","date":"2. Januar 2018","format":false,"excerpt":"Wieder einmal ist ein Jahr in gef\u00fchlter Windeseile vor\u00fcbergezogen, was nicht zuletzt an den zahlreichen Orten liegt, die ich mir angesehen und erkundet habe. In diesem Blogbeitrag blicke ich nochmals auf 2017 zur\u00fcck und gehe kurz alle Destinationen durch, wo ich zumindest eine Nacht verbracht habe oder die etwas weiter\u2026","rel":"","context":"In &quot;EUROPA&quot;","block_context":{"text":"EUROPA","link":"https:\/\/coeser.de\/blog\/index.php\/category\/europa\/"},"img":{"alt_text":"Reiseempfehlungen und Reiseinspirationen 2017","src":"https:\/\/i0.wp.com\/coeser.de\/blog\/wp-content\/uploads\/2017\/12\/reisejahr-2017-inspiration-aufmacher-christian-oeser.jpg?resize=350%2C200&ssl=1","width":350,"height":200,"srcset":"https:\/\/i0.wp.com\/coeser.de\/blog\/wp-content\/uploads\/2017\/12\/reisejahr-2017-inspiration-aufmacher-christian-oeser.jpg?resize=350%2C200&ssl=1 1x, https:\/\/i0.wp.com\/coeser.de\/blog\/wp-content\/uploads\/2017\/12\/reisejahr-2017-inspiration-aufmacher-christian-oeser.jpg?resize=525%2C300&ssl=1 1.5x, https:\/\/i0.wp.com\/coeser.de\/blog\/wp-content\/uploads\/2017\/12\/reisejahr-2017-inspiration-aufmacher-christian-oeser.jpg?resize=700%2C400&ssl=1 2x"},"classes":[]},{"id":10853,"url":"https:\/\/coeser.de\/blog\/index.php\/2019\/01\/22\/breclav-morbide-stadt-mit-charme\/","url_meta":{"origin":5727,"position":1},"title":"B\u0159eclav: Morbide Stadt mit Charme","author":"Christian \u00d6ser","date":"22. Januar 2019","format":false,"excerpt":"Habt ihr schon einmal etwas von der tschechischen Kleinstadt B\u0159eclav geh\u00f6rt? Nein? Dann geht es euch wahrscheinlich wie vielen anderen auf der Welt. ;) Auch ich hatte den Ort an der Grenze zu \u00d6sterreich immer nur im Vorbeifahren mit dem Zug in Richtung Prag bemerkt. An einem Novembertag machte ich\u2026","rel":"","context":"In &quot;TSCHECHIEN&quot;","block_context":{"text":"TSCHECHIEN","link":"https:\/\/coeser.de\/blog\/index.php\/category\/europa\/tschechien\/"},"img":{"alt_text":"Schloss B\u0159eclav (Lundenburg)","src":"https:\/\/i0.wp.com\/coeser.de\/blog\/wp-content\/uploads\/2019\/01\/breclav-lundenburg-aufmacher-christian-oeser.jpg?resize=350%2C200&ssl=1","width":350,"height":200,"srcset":"https:\/\/i0.wp.com\/coeser.de\/blog\/wp-content\/uploads\/2019\/01\/breclav-lundenburg-aufmacher-christian-oeser.jpg?resize=350%2C200&ssl=1 1x, https:\/\/i0.wp.com\/coeser.de\/blog\/wp-content\/uploads\/2019\/01\/breclav-lundenburg-aufmacher-christian-oeser.jpg?resize=525%2C300&ssl=1 1.5x, https:\/\/i0.wp.com\/coeser.de\/blog\/wp-content\/uploads\/2019\/01\/breclav-lundenburg-aufmacher-christian-oeser.jpg?resize=700%2C400&ssl=1 2x"},"classes":[]},{"id":19254,"url":"https:\/\/coeser.de\/blog\/index.php\/2023\/01\/01\/europa-12-ideen-staedtereise\/","url_meta":{"origin":5727,"position":2},"title":"Europa: 12 Ideen f\u00fcr deine St\u00e4dtereise 2023","author":"Christian \u00d6ser","date":"1. Januar 2023","format":false,"excerpt":"\"Same procedure as every year\" \u2013 so geht es dir vielleicht, wenn du wieder einmal am \u00dcberlegen bist, wo du im n\u00e4chsten Jahr gerne \u00fcberall hinreisen und neue Eindr\u00fccke gewinnen willst. Ich helfe gerne und verrate dir in diesem Artikel meine pers\u00f6nlichen 12 Tipps f\u00fcr eine St\u00e4dtereise in Europa, die\u2026","rel":"","context":"In &quot;EUROPA&quot;","block_context":{"text":"EUROPA","link":"https:\/\/coeser.de\/blog\/index.php\/category\/europa\/"},"img":{"alt_text":"Collage von Reisezielen f\u00fcr St\u00e4dtereisen in Europa","src":"https:\/\/i0.wp.com\/coeser.de\/blog\/wp-content\/uploads\/2022\/12\/europa-staedtereise-tipps-aufmacher-christian-oeser.jpg?resize=350%2C200&ssl=1","width":350,"height":200,"srcset":"https:\/\/i0.wp.com\/coeser.de\/blog\/wp-content\/uploads\/2022\/12\/europa-staedtereise-tipps-aufmacher-christian-oeser.jpg?resize=350%2C200&ssl=1 1x, https:\/\/i0.wp.com\/coeser.de\/blog\/wp-content\/uploads\/2022\/12\/europa-staedtereise-tipps-aufmacher-christian-oeser.jpg?resize=525%2C300&ssl=1 1.5x, https:\/\/i0.wp.com\/coeser.de\/blog\/wp-content\/uploads\/2022\/12\/europa-staedtereise-tipps-aufmacher-christian-oeser.jpg?resize=700%2C400&ssl=1 2x"},"classes":[]},{"id":1639,"url":"https:\/\/coeser.de\/blog\/index.php\/2016\/12\/27\/das-war-mein-reisejahr-2016\/","url_meta":{"origin":5727,"position":3},"title":"Das war mein Reisejahr 2016","author":"Christian \u00d6ser","date":"27. Dezember 2016","format":false,"excerpt":"Am Ende eines jeden Jahres blicke ich immer zur\u00fcck auf meine besuchten St\u00e4dte, Orte und Pl\u00e4tze. 2016 war nach l\u00e4ngerer Durststrecke wieder einmal ein recht starkes Reisejahr f\u00fcr mich, 19 Destinationen bleiben in meiner Erinnerung. In diesem Blogbeitrag gebe ich euch einen \u00dcberblick und ein kurzes R\u00e9sum\u00e9 zu jedem Ort.\u2026","rel":"","context":"In &quot;EUROPA&quot;","block_context":{"text":"EUROPA","link":"https:\/\/coeser.de\/blog\/index.php\/category\/europa\/"},"img":{"alt_text":"Fotos der Reisen 2016","src":"https:\/\/i0.wp.com\/coeser.de\/blog\/wp-content\/uploads\/2016\/12\/reisejahr-2016-aufmacher-christian-oeser.jpg?resize=350%2C200&ssl=1","width":350,"height":200,"srcset":"https:\/\/i0.wp.com\/coeser.de\/blog\/wp-content\/uploads\/2016\/12\/reisejahr-2016-aufmacher-christian-oeser.jpg?resize=350%2C200&ssl=1 1x, https:\/\/i0.wp.com\/coeser.de\/blog\/wp-content\/uploads\/2016\/12\/reisejahr-2016-aufmacher-christian-oeser.jpg?resize=525%2C300&ssl=1 1.5x, https:\/\/i0.wp.com\/coeser.de\/blog\/wp-content\/uploads\/2016\/12\/reisejahr-2016-aufmacher-christian-oeser.jpg?resize=700%2C400&ssl=1 2x"},"classes":[]},{"id":10259,"url":"https:\/\/coeser.de\/blog\/index.php\/2019\/01\/01\/europa-26-geniale-reiseziele-2019\/","url_meta":{"origin":5727,"position":4},"title":"Europa: 26 geniale Reiseziele f\u00fcr 2019","author":"Christian \u00d6ser","date":"1. Januar 2019","format":false,"excerpt":"Seid ihr so wie ich immer auf der Suche nach neuen Destinationen? Egal ob Ausfl\u00fcge, St\u00e4dtetrips oder Tagestouren \u2013 ich habe 26 Ideen f\u00fcr eure n\u00e4chste Reise in Europa! Alle meine Tipps habe ich im letzten Jahr zusammengesammelt und auch pers\u00f6nlich ausprobiert. Ihr bekommt also mit diesem Beitrag keine Theorie,\u2026","rel":"","context":"In &quot;EUROPA&quot;","block_context":{"text":"EUROPA","link":"https:\/\/coeser.de\/blog\/index.php\/category\/europa\/"},"img":{"alt_text":"","src":"https:\/\/i0.wp.com\/coeser.de\/blog\/wp-content\/uploads\/2018\/12\/reisetipps-reiseinspiration-fotospots-2018-aufmacher-christian-oeser.jpg?resize=350%2C200&ssl=1","width":350,"height":200,"srcset":"https:\/\/i0.wp.com\/coeser.de\/blog\/wp-content\/uploads\/2018\/12\/reisetipps-reiseinspiration-fotospots-2018-aufmacher-christian-oeser.jpg?resize=350%2C200&ssl=1 1x, https:\/\/i0.wp.com\/coeser.de\/blog\/wp-content\/uploads\/2018\/12\/reisetipps-reiseinspiration-fotospots-2018-aufmacher-christian-oeser.jpg?resize=525%2C300&ssl=1 1.5x, https:\/\/i0.wp.com\/coeser.de\/blog\/wp-content\/uploads\/2018\/12\/reisetipps-reiseinspiration-fotospots-2018-aufmacher-christian-oeser.jpg?resize=700%2C400&ssl=1 2x"},"classes":[]},{"id":13892,"url":"https:\/\/coeser.de\/blog\/index.php\/2019\/12\/31\/europa-26-grandiose-reiseideen-fuer-2020\/","url_meta":{"origin":5727,"position":5},"title":"Europa: 26 grandiose Reiseideen f\u00fcr 2020","author":"Christian \u00d6ser","date":"31. Dezember 2019","format":false,"excerpt":"Alle Jahre wieder neigt sich das aktuelle Jahr zu Ende. Doch jedes Ende ist auch ein Anfang \u2013 und zwar f\u00fcr den Start der zuk\u00fcnftigen Reiseplanungen! Wie sieht es bei euch aus, habt ihr schon jede Menge Reiseziele im Kopf, die ihr unbedingt bald einmal mit eigenen Augen sehen wollt?\u2026","rel":"","context":"In &quot;EUROPA&quot;","block_context":{"text":"EUROPA","link":"https:\/\/coeser.de\/blog\/index.php\/category\/europa\/"},"img":{"alt_text":"","src":"https:\/\/i0.wp.com\/coeser.de\/blog\/wp-content\/uploads\/2019\/12\/reisetipps-reiseinspiration-fotospots-2020-aufmacher-christian-oeser.jpg?resize=350%2C200&ssl=1","width":350,"height":200,"srcset":"https:\/\/i0.wp.com\/coeser.de\/blog\/wp-content\/uploads\/2019\/12\/reisetipps-reiseinspiration-fotospots-2020-aufmacher-christian-oeser.jpg?resize=350%2C200&ssl=1 1x, https:\/\/i0.wp.com\/coeser.de\/blog\/wp-content\/uploads\/2019\/12\/reisetipps-reiseinspiration-fotospots-2020-aufmacher-christian-oeser.jpg?resize=525%2C300&ssl=1 1.5x, https:\/\/i0.wp.com\/coeser.de\/blog\/wp-content\/uploads\/2019\/12\/reisetipps-reiseinspiration-fotospots-2020-aufmacher-christian-oeser.jpg?resize=700%2C400&ssl=1 2x"},"classes":[]}],"jetpack_sharing_enabled":true,"_links":{"self":[{"href":"https:\/\/coeser.de\/blog\/index.php\/wp-json\/wp\/v2\/posts\/5727","targetHints":{"allow":["GET"]}}],"collection":[{"href":"https:\/\/coeser.de\/blog\/index.php\/wp-json\/wp\/v2\/posts"}],"about":[{"href":"https:\/\/coeser.de\/blog\/index.php\/wp-json\/wp\/v2\/types\/post"}],"author":[{"embeddable":true,"href":"https:\/\/coeser.de\/blog\/index.php\/wp-json\/wp\/v2\/users\/1"}],"replies":[{"embeddable":true,"href":"https:\/\/coeser.de\/blog\/index.php\/wp-json\/wp\/v2\/comments?post=5727"}],"version-history":[{"count":2,"href":"https:\/\/coeser.de\/blog\/index.php\/wp-json\/wp\/v2\/posts\/5727\/revisions"}],"predecessor-version":[{"id":21596,"href":"https:\/\/coeser.de\/blog\/index.php\/wp-json\/wp\/v2\/posts\/5727\/revisions\/21596"}],"wp:featuredmedia":[{"embeddable":true,"href":"https:\/\/coeser.de\/blog\/index.php\/wp-json\/wp\/v2\/media\/5740"}],"wp:attachment":[{"href":"https:\/\/coeser.de\/blog\/index.php\/wp-json\/wp\/v2\/media?parent=5727"}],"wp:term":[{"taxonomy":"category","embeddable":true,"href":"https:\/\/coeser.de\/blog\/index.php\/wp-json\/wp\/v2\/categories?post=5727"},{"taxonomy":"post_tag","embeddable":true,"href":"https:\/\/coeser.de\/blog\/index.php\/wp-json\/wp\/v2\/tags?post=5727"}],"curies":[{"name":"wp","href":"https:\/\/api.w.org\/{rel}","templated":true}]}}