{"id":7704,"date":"2018-04-17T07:00:03","date_gmt":"2018-04-17T05:00:03","guid":{"rendered":"http:\/\/coeser.de\/blog\/?p=7704"},"modified":"2025-03-04T18:52:01","modified_gmt":"2025-03-04T17:52:01","slug":"otto-wagners-wien-die-unbekannten-schaetze","status":"publish","type":"post","link":"https:\/\/coeser.de\/blog\/index.php\/2018\/04\/17\/otto-wagners-wien-die-unbekannten-schaetze\/","title":{"rendered":"Otto Wagner in Wien: Die unbekannten Sch\u00e4tze"},"content":{"rendered":"<p><strong>Mitte April 2018 hat sich zum 100. Mal der Todestag des \u00f6sterreichischen Ausnahmearchitekten Otto Wagner gej\u00e4hrt. Bis in die Gegenwart haben seine Bauten in ganz Wien Spuren hinterlassen und zeugen auch heute noch davon, wie Wagner die Stadt vom Historismus in die Moderne f\u00fchrte. In diesem zweiten Artikel zum Thema betrachte ich nun die weniger bekannten, aber nicht minder sehenswerten Bauwerke Otto Wagners in Wien.<\/strong><br \/>\n<!--more--><\/p>\n<hr \/>\n<div class=\"highlights\">\n<h3>DIE H\u00d6HEPUNKTE VON OTTO WAGNER IN DIESEM REISEBERICHT<\/h3>\n<p>Das Leben und der Werdegang von Otto Wagner hin zum ber\u00fchmtesten Architekten Wiens<\/p>\n<p>Informationen \u00fcber Otto Wagners Werke aus seiner fr\u00fchen Schaffensphase in Wien<\/p>\n<p>Eindr\u00fccke der von Otto Wagner geplanten Miets- und Gesch\u00e4ftsh\u00e4user in ganz Wien<\/p>\n<p>Fotos der prachtvollen Fassaden und beeindruckend detailliert ausgestalteten Innenbereiche<\/p>\n<p>Die Grabst\u00e4tte von Otto Wagner und dessen Familie auf dem Hietzinger Friedhof<\/p>\n<\/div>\n<p>&nbsp;<\/p>\n<p><em><span style=\"color: #0000ff;\">Dieser Artikel wurde zuletzt am 4. M\u00e4rz 2025 aktualisiert.<\/span><\/em><\/p>\n\n<hr \/>\n<h2><img loading=\"lazy\" decoding=\"async\" class=\"alignnone size-full wp-image-7712\" src=\"https:\/\/coeser.de\/blog\/wp-content\/uploads\/2018\/04\/otto-wagner-wien-fruehes-schaffen-aufmacher1-christian-oeser.jpg\" alt=\"Verzierungen im Lupuspavillon im Wilhelminenspital von Otto Wagner\" width=\"970\" height=\"323\" srcset=\"https:\/\/coeser.de\/blog\/wp-content\/uploads\/2018\/04\/otto-wagner-wien-fruehes-schaffen-aufmacher1-christian-oeser.jpg 970w, https:\/\/coeser.de\/blog\/wp-content\/uploads\/2018\/04\/otto-wagner-wien-fruehes-schaffen-aufmacher1-christian-oeser-300x100.jpg 300w, https:\/\/coeser.de\/blog\/wp-content\/uploads\/2018\/04\/otto-wagner-wien-fruehes-schaffen-aufmacher1-christian-oeser-768x256.jpg 768w\" sizes=\"auto, (max-width: 970px) 100vw, 970px\" \/><\/h2>\n<h2>Otto Wagner und die Vision von der Moderne<\/h2>\n<p>Der 11. April 2018 markiert nicht nur den 100. Todestag von Otto Wagner, sondern l\u00e4dt gleichzeitig auch dazu ein, sich wieder einmal bewusst mit den Bauwerken des Meisterarchitekten auseinanderzusetzen. Wagner wurde am 13. Juli 1841 geboren, seine Kindheit und Ausbildungszeit war gepr\u00e4gt vom damals vorherrschenden Baustil des Historismus. Schon bald nach dem Einstieg in die Selbst\u00e4ndigkeit lie\u00df er als Bauherr seine ersten eigenen Mietsh\u00e4user ausf\u00fchren \u2013 an einigen waren bereits damals durch verspielte Elemente die ersten Anzeichen erkennbar, dass Wagner den Historismus moderner machen wollte.<\/p>\n<h3>Otto Wagner und die Abkehr vom Historismus<\/h3>\n<p>An der Wende vom 19. zum 20. Jahrhundert war Wagner jahrelang mit der Umsetzung seines Mammutprojektes besch\u00e4ftigt: Wien sollte eine Stadtbahn bekommen und der Donaukanal reguliert werden. In dieser Zeit kam der Drang des Architekten, eine moderne Stadt mit moderner Architektur auszustatten, immer mehr zum Vorschein. F\u00fcr Wagner stand der f\u00fcr die Vergangenheit stehende Historismus im krassen Gegensatz zum Zeitgeist der Jahrhundertwende. Dieses Denken brachte ihm Anfeindungen von vielen Seiten ein, aber auch Bewunderung.<\/p>\n<h3>Bekanntes und Unbekanntes von Otto Wagner<\/h3>\n<p>In diesem Blogbeitrag stelle ich euch die Werke Otto Wagners aus seiner fr\u00fchen Schaffensphase vor \u2013 aber auch Geb\u00e4ude des Architekten, an denen man normalerweise ohne gro\u00dfe Aufmerksamkeit vorbeigeht. F\u00fcr die bekanntesten Bauwerke wie etwa die Postsparkasse, die Kirche am Steinhof, die Stadtbahnstationen und viele mehr seht ihr euch bitte zwei andere Artikel von mir an. Dort gehe ich auch detaillierter auf den Werdegang von Wagner ein. Die Beitr\u00e4ge k\u00f6nnt ihr hier aufrufen: <a href=\"https:\/\/coeser.de\/blog\/index.php\/2018\/04\/10\/otto-wagners-wien-erbe-eines-visionaers\/\" target=\"_blank\" rel=\"noopener noreferrer\"><strong>Otto Wagner in Wien \u2013 Erbe eines Vision\u00e4rs<\/strong><\/a> und\u00a0<a href=\"https:\/\/coeser.de\/blog\/index.php\/2020\/08\/18\/wiener-highlights-otto-wagners-stadtbahn\/\" target=\"_blank\" rel=\"noopener noreferrer\"><strong>Wiener Highlights: Otto Wagners Stadtbahn<\/strong><\/a><\/p>\n<hr \/>\n<div class=\"tipps\">\n<h3>Das war die Sonderausstellung im Wien Museum<\/h3>\n<p>Das Wien Museum zeigte 2018 anl\u00e4sslich des 100. Todestages des Architekten eine <strong>umfangreiche Sonderausstellung<\/strong>. Dort fand man in zw\u00f6lf chronologischen Abschnitten alles \u00fcber das Fr\u00fchwerk Wagners, die Stadtbahn, die Lehre an der Akademie der Bildenden K\u00fcnste, seine Zeit in der K\u00fcnstlervereinigung &#8222;Wiener Secession&#8220;, seinen Streit um das Stadtmuseum am Karlsplatz und nat\u00fcrlich seine Hauptwerke: die Postsparkasse und die Kirche am Steinhof. Es warteten Dutzende Zeichnungen, Pl\u00e4ne, Skizzen und Modelle und gaben einen Einblick, wie Wagner seine Visionen umzusetzen vermochte. Aktuelle Ausstellungen findet ihr auf der Webseite <a href=\"https:\/\/www.wienmuseum.at\/\" target=\"_blank\" rel=\"noopener noreferrer\"><strong>wienmuseum.at<\/strong><\/a>.<\/p>\n<div id='gallery-1' class='gallery galleryid-7704 gallery-columns-7 gallery-size-thumbnail'><figure class='gallery-item'>\n\t\t\t<div class='gallery-icon landscape'>\n\t\t\t\t<a href='https:\/\/coeser.de\/blog\/wp-content\/uploads\/2018\/03\/otto-wagner-wien-museum-gal03-christian-oeser.jpg' title=\"Modell des Kaiser-Franz Josef-Stadtmuseums am Karlsplatz, nicht realisiert\" data-rl_title=\"Modell des Kaiser-Franz Josef-Stadtmuseums am Karlsplatz, nicht realisiert\" class=\"rl-gallery-link\" data-rl_caption=\"Aufnahmeort anzeigen\" data-rel=\"lightbox-gallery-1\"><img loading=\"lazy\" decoding=\"async\" width=\"150\" height=\"150\" src=\"https:\/\/coeser.de\/blog\/wp-content\/uploads\/2018\/03\/otto-wagner-wien-museum-gal03-christian-oeser-150x150.jpg\" class=\"attachment-thumbnail size-thumbnail\" alt=\"Modell des Kaiser-Franz Josef-Stadtmuseums am Karlsplatz, nicht realisiert\" aria-describedby=\"gallery-1-7576\" \/><\/a>\n\t\t\t<\/div>\n\t\t\t\t<figcaption class='wp-caption-text gallery-caption' id='gallery-1-7576'>\n\t\t\t\tModell des Kaiser-Franz Josef-Stadtmuseums am Karlsplatz, nicht realisiert\n\t\t\t\t<\/figcaption><\/figure><figure class='gallery-item'>\n\t\t\t<div class='gallery-icon landscape'>\n\t\t\t\t<a href='https:\/\/coeser.de\/blog\/wp-content\/uploads\/2018\/03\/otto-wagner-wien-museum-gal02-christian-oeser.jpg' title=\"Modell des Kaiser-Franz Josef-Stadtmuseums am Karlsplatz, nicht realisiert\" data-rl_title=\"Modell des Kaiser-Franz Josef-Stadtmuseums am Karlsplatz, nicht realisiert\" class=\"rl-gallery-link\" data-rl_caption=\"Aufnahmeort anzeigen\" data-rel=\"lightbox-gallery-1\"><img loading=\"lazy\" decoding=\"async\" width=\"150\" height=\"150\" src=\"https:\/\/coeser.de\/blog\/wp-content\/uploads\/2018\/03\/otto-wagner-wien-museum-gal02-christian-oeser-150x150.jpg\" class=\"attachment-thumbnail size-thumbnail\" alt=\"Modell des Kaiser-Franz Josef-Stadtmuseums am Karlsplatz, nicht realisiert\" aria-describedby=\"gallery-1-7580\" \/><\/a>\n\t\t\t<\/div>\n\t\t\t\t<figcaption class='wp-caption-text gallery-caption' id='gallery-1-7580'>\n\t\t\t\tModell des Kaiser-Franz Josef-Stadtmuseums am Karlsplatz, nicht realisiert\n\t\t\t\t<\/figcaption><\/figure><figure class='gallery-item'>\n\t\t\t<div class='gallery-icon landscape'>\n\t\t\t\t<a href='https:\/\/coeser.de\/blog\/wp-content\/uploads\/2018\/03\/otto-wagner-wien-museum-gal04-christian-oeser.jpg' title=\"Modell der Ehrenhalle der Akademie der Bildenden K\u00fcnste auf der Schmelz, 1898\" data-rl_title=\"Modell der Ehrenhalle der Akademie der Bildenden K\u00fcnste auf der Schmelz, 1898\" class=\"rl-gallery-link\" data-rl_caption=\"Aufnahmeort anzeigen\" data-rel=\"lightbox-gallery-1\"><img loading=\"lazy\" decoding=\"async\" width=\"150\" height=\"150\" src=\"https:\/\/coeser.de\/blog\/wp-content\/uploads\/2018\/03\/otto-wagner-wien-museum-gal04-christian-oeser-150x150.jpg\" class=\"attachment-thumbnail size-thumbnail\" alt=\"Modell der Ehrenhalle der Akademie der Bildenden K\u00fcnste auf der Schmelz, 1898\" aria-describedby=\"gallery-1-7577\" \/><\/a>\n\t\t\t<\/div>\n\t\t\t\t<figcaption class='wp-caption-text gallery-caption' id='gallery-1-7577'>\n\t\t\t\tModell der Ehrenhalle der Akademie der Bildenden K\u00fcnste auf der Schmelz, 1898\n\t\t\t\t<\/figcaption><\/figure><figure class='gallery-item'>\n\t\t\t<div class='gallery-icon landscape'>\n\t\t\t\t<a href='https:\/\/coeser.de\/blog\/wp-content\/uploads\/2018\/03\/otto-wagner-wien-museum-gal05-christian-oeser.jpg' title=\"Gel\u00e4nder der Stadtbahn in wei\u00dfer und ohne Lackierung\" data-rl_title=\"Gel\u00e4nder der Stadtbahn in wei\u00dfer und ohne Lackierung\" class=\"rl-gallery-link\" data-rl_caption=\"Aufnahmeort anzeigen\" data-rel=\"lightbox-gallery-1\"><img loading=\"lazy\" decoding=\"async\" width=\"150\" height=\"150\" src=\"https:\/\/coeser.de\/blog\/wp-content\/uploads\/2018\/03\/otto-wagner-wien-museum-gal05-christian-oeser-150x150.jpg\" class=\"attachment-thumbnail size-thumbnail\" alt=\"Gel\u00e4nder der Stadtbahn in wei\u00dfer und ohne Lackierung\" aria-describedby=\"gallery-1-7578\" \/><\/a>\n\t\t\t<\/div>\n\t\t\t\t<figcaption class='wp-caption-text gallery-caption' id='gallery-1-7578'>\n\t\t\t\tGel\u00e4nder der Stadtbahn in wei\u00dfer und ohne Lackierung\n\t\t\t\t<\/figcaption><\/figure><figure class='gallery-item'>\n\t\t\t<div class='gallery-icon portrait'>\n\t\t\t\t<a href='https:\/\/coeser.de\/blog\/wp-content\/uploads\/2018\/03\/otto-wagner-wien-museum-gal01-christian-oeser.jpg' title=\"Nachbildung des Depeschenb\u00fcros der Zeitung &quot;Die Zeit&quot;\" data-rl_title=\"Nachbildung des Depeschenb\u00fcros der Zeitung &quot;Die Zeit&quot;\" class=\"rl-gallery-link\" data-rl_caption=\"Aufnahmeort anzeigen\" data-rel=\"lightbox-gallery-1\"><img loading=\"lazy\" decoding=\"async\" width=\"150\" height=\"150\" src=\"https:\/\/coeser.de\/blog\/wp-content\/uploads\/2018\/03\/otto-wagner-wien-museum-gal01-christian-oeser-150x150.jpg\" class=\"attachment-thumbnail size-thumbnail\" alt=\"Nachbildung des Depeschenb\u00fcros der Zeitung &quot;Die Zeit&quot;\" aria-describedby=\"gallery-1-7579\" \/><\/a>\n\t\t\t<\/div>\n\t\t\t\t<figcaption class='wp-caption-text gallery-caption' id='gallery-1-7579'>\n\t\t\t\tNachbildung des Depeschenb\u00fcros der Zeitung &#8222;Die Zeit&#8220;\n\t\t\t\t<\/figcaption><\/figure>\n\t\t<\/div>\n\n<\/div>\n<p>&nbsp;<\/p>\n<hr \/>\n<div class=\"fakten\">\n<h3>HOTELTIPPS F\u00dcR WIEN<\/h3>\n<p><strong><a href=\"https:\/\/www.booking.com\/hotel\/at\/25hours-wien.de.html?aid=1634405\" target=\"_blank\" rel=\"noopener noreferrer\">25hours Hotel Wien beim Museumsquartier<\/a>*<\/strong> (Lerchenfelder Stra\u00dfe 1\/3): Meine Lieblingshotelkette mit kreativem Vintage-Touch. Ideale Lage an der Station Volkstheater (U-Bahn U2, U3, Stra\u00dfenbahnen, Bus), 5 Minuten Fu\u00dfweg in die Innenstadt. Detailverliebt und bunt gestaltete Zimmer zum Thema Zirkus, ger\u00e4umig, teils mit Badewanne direkt im Zimmer, sehr bequeme Betten, sch\u00f6ner Ausblick, Soundbox, Klimaanlage (abschaltbar), kostenlose Minibar, schnelles WLAN. Bar und Terrasse auf dem Dachboden mit tollem Panorama auf historische Geb\u00e4ude. Gro\u00dfer Wellnessbereich mit Sauna, Dampfbad, Fitness und einigen Liegen. Ausgezeichnetes Fr\u00fchst\u00fccksbuffet, hauseigenes italienisches Restaurant Ribelli mit gro\u00dfartigen, authentische Pizzen.<\/p>\n<div id='gallery-2' class='gallery galleryid-7704 gallery-columns-7 gallery-size-thumbnail'><figure class='gallery-item'>\n\t\t\t<div class='gallery-icon landscape'>\n\t\t\t\t<a href='https:\/\/coeser.de\/blog\/wp-content\/uploads\/2020\/07\/wien-25hours-hotel-museumsquartier-gal01-christian-oeser.jpg' title=\"Au\u00dfenansicht des 25hours Hotel Wien beim MuseumsQuartier\" data-rl_title=\"Au\u00dfenansicht des 25hours Hotel Wien beim MuseumsQuartier\" class=\"rl-gallery-link\" data-rl_caption=\"Aufnahmeort anzeigen\" data-rel=\"lightbox-gallery-2\"><img loading=\"lazy\" decoding=\"async\" width=\"150\" height=\"150\" src=\"https:\/\/coeser.de\/blog\/wp-content\/uploads\/2020\/07\/wien-25hours-hotel-museumsquartier-gal01-christian-oeser-150x150.jpg\" class=\"attachment-thumbnail size-thumbnail\" alt=\"Au\u00dfenansicht des 25hours Hotel Wien beim MuseumsQuartier\" aria-describedby=\"gallery-2-15799\" \/><\/a>\n\t\t\t<\/div>\n\t\t\t\t<figcaption class='wp-caption-text gallery-caption' id='gallery-2-15799'>\n\t\t\t\tAu\u00dfenansicht des 25hours Hotel Wien beim MuseumsQuartier\n\t\t\t\t<\/figcaption><\/figure><figure class='gallery-item'>\n\t\t\t<div class='gallery-icon landscape'>\n\t\t\t\t<a href='https:\/\/coeser.de\/blog\/wp-content\/uploads\/2020\/07\/wien-25hours-hotel-museumsquartier-gal02-christian-oeser.jpg' title=\"Zimmer der Kategorie Large im 25hours Hotel Wien beim MuseumsQuartier\" data-rl_title=\"Zimmer der Kategorie Large im 25hours Hotel Wien beim MuseumsQuartier\" class=\"rl-gallery-link\" data-rl_caption=\"Aufnahmeort anzeigen\" data-rel=\"lightbox-gallery-2\"><img loading=\"lazy\" decoding=\"async\" width=\"150\" height=\"150\" src=\"https:\/\/coeser.de\/blog\/wp-content\/uploads\/2020\/07\/wien-25hours-hotel-museumsquartier-gal02-christian-oeser-150x150.jpg\" class=\"attachment-thumbnail size-thumbnail\" alt=\"Zimmer der Kategorie Large im 25hours Hotel Wien beim MuseumsQuartier\" aria-describedby=\"gallery-2-15800\" \/><\/a>\n\t\t\t<\/div>\n\t\t\t\t<figcaption class='wp-caption-text gallery-caption' id='gallery-2-15800'>\n\t\t\t\tZimmer der Kategorie Large im 25hours Hotel Wien beim MuseumsQuartier\n\t\t\t\t<\/figcaption><\/figure><figure class='gallery-item'>\n\t\t\t<div class='gallery-icon landscape'>\n\t\t\t\t<a href='https:\/\/coeser.de\/blog\/wp-content\/uploads\/2020\/07\/wien-25hours-hotel-museumsquartier-gal03-christian-oeser.jpg' title=\"Badewanne in der Zimmerkategorie Large im 25hours Hotel Wien beim MuseumsQuartier\" data-rl_title=\"Badewanne in der Zimmerkategorie Large im 25hours Hotel Wien beim MuseumsQuartier\" class=\"rl-gallery-link\" data-rl_caption=\"Aufnahmeort anzeigen\" data-rel=\"lightbox-gallery-2\"><img loading=\"lazy\" decoding=\"async\" width=\"150\" height=\"150\" src=\"https:\/\/coeser.de\/blog\/wp-content\/uploads\/2020\/07\/wien-25hours-hotel-museumsquartier-gal03-christian-oeser-150x150.jpg\" class=\"attachment-thumbnail size-thumbnail\" alt=\"Badewanne in der Zimmerkategorie Large im 25hours Hotel Wien beim MuseumsQuartier\" aria-describedby=\"gallery-2-15801\" \/><\/a>\n\t\t\t<\/div>\n\t\t\t\t<figcaption class='wp-caption-text gallery-caption' id='gallery-2-15801'>\n\t\t\t\tBadewanne in der Zimmerkategorie Large im 25hours Hotel Wien beim MuseumsQuartier\n\t\t\t\t<\/figcaption><\/figure><figure class='gallery-item'>\n\t\t\t<div class='gallery-icon landscape'>\n\t\t\t\t<a href='https:\/\/coeser.de\/blog\/wp-content\/uploads\/2020\/07\/wien-25hours-hotel-museumsquartier-gal04-christian-oeser.jpg' title=\"Wellnessbereich im 25hours Hotel Wien beim MuseumsQuartier\" data-rl_title=\"Wellnessbereich im 25hours Hotel Wien beim MuseumsQuartier\" class=\"rl-gallery-link\" data-rl_caption=\"Aufnahmeort anzeigen\" data-rel=\"lightbox-gallery-2\"><img loading=\"lazy\" decoding=\"async\" width=\"150\" height=\"150\" src=\"https:\/\/coeser.de\/blog\/wp-content\/uploads\/2020\/07\/wien-25hours-hotel-museumsquartier-gal04-christian-oeser-150x150.jpg\" class=\"attachment-thumbnail size-thumbnail\" alt=\"Wellnessbereich im 25hours Hotel Wien beim MuseumsQuartier\" aria-describedby=\"gallery-2-15802\" \/><\/a>\n\t\t\t<\/div>\n\t\t\t\t<figcaption class='wp-caption-text gallery-caption' id='gallery-2-15802'>\n\t\t\t\tWellnessbereich im 25hours Hotel Wien beim MuseumsQuartier\n\t\t\t\t<\/figcaption><\/figure><figure class='gallery-item'>\n\t\t\t<div class='gallery-icon landscape'>\n\t\t\t\t<a href='https:\/\/coeser.de\/blog\/wp-content\/uploads\/2020\/07\/wien-25hours-hotel-museumsquartier-gal05-christian-oeser.jpg' title=\"Aussichtsterrasse und Bar am Dachboden im 25hours Hotel Wien beim MuseumsQuartier\" data-rl_title=\"Aussichtsterrasse und Bar am Dachboden im 25hours Hotel Wien beim MuseumsQuartier\" class=\"rl-gallery-link\" data-rl_caption=\"Aufnahmeort anzeigen\" data-rel=\"lightbox-gallery-2\"><img loading=\"lazy\" decoding=\"async\" width=\"150\" height=\"150\" src=\"https:\/\/coeser.de\/blog\/wp-content\/uploads\/2020\/07\/wien-25hours-hotel-museumsquartier-gal05-christian-oeser-150x150.jpg\" class=\"attachment-thumbnail size-thumbnail\" alt=\"Aussichtsterrasse und Bar am Dachboden im 25hours Hotel Wien beim MuseumsQuartier\" aria-describedby=\"gallery-2-15803\" \/><\/a>\n\t\t\t<\/div>\n\t\t\t\t<figcaption class='wp-caption-text gallery-caption' id='gallery-2-15803'>\n\t\t\t\tAussichtsterrasse und Bar am Dachboden im 25hours Hotel Wien beim MuseumsQuartier\n\t\t\t\t<\/figcaption><\/figure><figure class='gallery-item'>\n\t\t\t<div class='gallery-icon landscape'>\n\t\t\t\t<a href='https:\/\/coeser.de\/blog\/wp-content\/uploads\/2020\/07\/wien-25hours-hotel-museumsquartier-gal06-christian-oeser.jpg' title=\"Italienisches Restaurant Ribelli im 25hours Hotel Wien beim MuseumsQuartier\" data-rl_title=\"Italienisches Restaurant Ribelli im 25hours Hotel Wien beim MuseumsQuartier\" class=\"rl-gallery-link\" data-rl_caption=\"Aufnahmeort anzeigen\" data-rel=\"lightbox-gallery-2\"><img loading=\"lazy\" decoding=\"async\" width=\"150\" height=\"150\" src=\"https:\/\/coeser.de\/blog\/wp-content\/uploads\/2020\/07\/wien-25hours-hotel-museumsquartier-gal06-christian-oeser-150x150.jpg\" class=\"attachment-thumbnail size-thumbnail\" alt=\"Italienisches Restaurant Ribelli im 25hours Hotel Wien beim MuseumsQuartier\" aria-describedby=\"gallery-2-15804\" \/><\/a>\n\t\t\t<\/div>\n\t\t\t\t<figcaption class='wp-caption-text gallery-caption' id='gallery-2-15804'>\n\t\t\t\tItalienisches Restaurant Ribelli im 25hours Hotel Wien beim MuseumsQuartier\n\t\t\t\t<\/figcaption><\/figure><figure class='gallery-item'>\n\t\t\t<div class='gallery-icon landscape'>\n\t\t\t\t<a href='https:\/\/coeser.de\/blog\/wp-content\/uploads\/2020\/07\/wien-25hours-hotel-museumsquartier-gal07-christian-oeser.jpg' title=\"Pizza im italienischen Restaurant Ribelli im 25hours Hotel Wien beim MuseumsQuartier\" data-rl_title=\"Pizza im italienischen Restaurant Ribelli im 25hours Hotel Wien beim MuseumsQuartier\" class=\"rl-gallery-link\" data-rl_caption=\"Aufnahmeort anzeigen\" data-rel=\"lightbox-gallery-2\"><img loading=\"lazy\" decoding=\"async\" width=\"150\" height=\"150\" src=\"https:\/\/coeser.de\/blog\/wp-content\/uploads\/2020\/07\/wien-25hours-hotel-museumsquartier-gal07-christian-oeser-150x150.jpg\" class=\"attachment-thumbnail size-thumbnail\" alt=\"Pizza im italienischen Restaurant Ribelli im 25hours Hotel Wien beim MuseumsQuartier\" aria-describedby=\"gallery-2-15805\" \/><\/a>\n\t\t\t<\/div>\n\t\t\t\t<figcaption class='wp-caption-text gallery-caption' id='gallery-2-15805'>\n\t\t\t\tPizza im italienischen Restaurant Ribelli im 25hours Hotel Wien beim MuseumsQuartier\n\t\t\t\t<\/figcaption><\/figure>\n\t\t<\/div>\n\n<hr \/>\n<p><a href=\"https:\/\/www.booking.com\/hotel\/at\/vienna-stephansdom.de.html?aid=1634405\" target=\"_blank\" rel=\"noopener\"><strong>Hotel SO\/ Vienna<\/strong><\/a>* (<em>Praterstra\u00dfe 1<\/em>): Stilvolles und au\u00dfergew\u00f6hnliches Hotel von Stararchitekt Jean Nouvel. Sehr gute Lage gegen\u00fcber der Station Schwedenplatz (U1, U4 und zwei Stra\u00dfenbahnen), 10 Minuten Fu\u00dfweg ins Zentrum, viele tolle Lokale in unmittelbarer N\u00e4he. Sehr ger\u00e4umige Zimmer mit Blick auf Stephansdom oder Riesenrad. Einrichtung entweder komplett wei\u00df, grau oder schwarz. Sehr bequeme Betten, Regendusche und Badewanne, Pflegeprodukte von Saint Charles, Kaffeemaschine und Teekocher mit Tabs\/Teubeuteln, kostenlose Minibar mit Wasser, S\u00e4ften und Snacks gef\u00fcllt, Soundbox, Klimaanlage (abschaltbar), schnelles WLAN. Zwei Fitnessr\u00e4ume, gro\u00dfer Wellnessbereich mit Sauna, Hamam und Whirlpools. Sehr gutes Fr\u00fchst\u00fccksbuffet im Restaurant und Bar LOFT im 18. Stock mit Panoramablick.<\/p>\n<div id='gallery-3' class='gallery galleryid-7704 gallery-columns-7 gallery-size-thumbnail'><figure class='gallery-item'>\n\t\t\t<div class='gallery-icon landscape'>\n\t\t\t\t<a href='https:\/\/coeser.de\/blog\/wp-content\/uploads\/2023\/07\/wien-hotel-sofitel-so-vienna-01-christian-oeser.jpg' title=\"Au\u00dfenansicht des Hotel SO\/ Vienna in Wien\" data-rl_title=\"Au\u00dfenansicht des Hotel SO\/ Vienna in Wien\" class=\"rl-gallery-link\" data-rl_caption=\"Aufnahmeort anzeigen\" data-rel=\"lightbox-gallery-3\"><img loading=\"lazy\" decoding=\"async\" width=\"150\" height=\"150\" src=\"https:\/\/coeser.de\/blog\/wp-content\/uploads\/2023\/07\/wien-hotel-sofitel-so-vienna-01-christian-oeser-150x150.jpg\" class=\"attachment-thumbnail size-thumbnail\" alt=\"Au\u00dfenansicht des Hotel SO\/ Vienna in Wien\" aria-describedby=\"gallery-3-23844\" \/><\/a>\n\t\t\t<\/div>\n\t\t\t\t<figcaption class='wp-caption-text gallery-caption' id='gallery-3-23844'>\n\t\t\t\tAu\u00dfenansicht des Hotel SO\/ Vienna in Wien\n\t\t\t\t<\/figcaption><\/figure><figure class='gallery-item'>\n\t\t\t<div class='gallery-icon landscape'>\n\t\t\t\t<a href='https:\/\/coeser.de\/blog\/wp-content\/uploads\/2023\/07\/wien-hotel-sofitel-so-vienna-02-christian-oeser.jpg' title=\"Zimmer SO Comfy mit Kingsize-Bett und Stephansdomblick im Hotel SO\/ Vienna in Wien\" data-rl_title=\"Zimmer SO Comfy mit Kingsize-Bett und Stephansdomblick im Hotel SO\/ Vienna in Wien\" class=\"rl-gallery-link\" data-rl_caption=\"Aufnahmeort anzeigen\" data-rel=\"lightbox-gallery-3\"><img loading=\"lazy\" decoding=\"async\" width=\"150\" height=\"150\" src=\"https:\/\/coeser.de\/blog\/wp-content\/uploads\/2023\/07\/wien-hotel-sofitel-so-vienna-02-christian-oeser-150x150.jpg\" class=\"attachment-thumbnail size-thumbnail\" alt=\"Zimmer SO Comfy mit Kingsize-Bett und Stephansdomblick im Hotel SO\/ Vienna in Wien\" aria-describedby=\"gallery-3-23845\" \/><\/a>\n\t\t\t<\/div>\n\t\t\t\t<figcaption class='wp-caption-text gallery-caption' id='gallery-3-23845'>\n\t\t\t\tZimmer SO Comfy mit Kingsize-Bett und Stephansdomblick im Hotel SO\/ Vienna in Wien\n\t\t\t\t<\/figcaption><\/figure><figure class='gallery-item'>\n\t\t\t<div class='gallery-icon landscape'>\n\t\t\t\t<a href='https:\/\/coeser.de\/blog\/wp-content\/uploads\/2023\/07\/wien-hotel-sofitel-so-vienna-03-christian-oeser.jpg' title=\"Bad im Zimmer SO Comfy mit Kingsize-Bett und Stephansdomblick im Hotel SO\/ Vienna in Wien\" data-rl_title=\"Bad im Zimmer SO Comfy mit Kingsize-Bett und Stephansdomblick im Hotel SO\/ Vienna in Wien\" class=\"rl-gallery-link\" data-rl_caption=\"Aufnahmeort anzeigen\" data-rel=\"lightbox-gallery-3\"><img loading=\"lazy\" decoding=\"async\" width=\"150\" height=\"150\" src=\"https:\/\/coeser.de\/blog\/wp-content\/uploads\/2023\/07\/wien-hotel-sofitel-so-vienna-03-christian-oeser-150x150.jpg\" class=\"attachment-thumbnail size-thumbnail\" alt=\"Bad im Zimmer SO Comfy mit Kingsize-Bett und Stephansdomblick im Hotel SO\/ Vienna in Wien\" aria-describedby=\"gallery-3-23846\" \/><\/a>\n\t\t\t<\/div>\n\t\t\t\t<figcaption class='wp-caption-text gallery-caption' id='gallery-3-23846'>\n\t\t\t\tBad im Zimmer SO Comfy mit Kingsize-Bett und Stephansdomblick im Hotel SO\/ Vienna in Wien\n\t\t\t\t<\/figcaption><\/figure><figure class='gallery-item'>\n\t\t\t<div class='gallery-icon landscape'>\n\t\t\t\t<a href='https:\/\/coeser.de\/blog\/wp-content\/uploads\/2023\/07\/wien-hotel-sofitel-so-vienna-04-christian-oeser.jpg' title=\"Blick auf die Wiener Innenstadt und den Stephansdom vom Zimmer SO Comfy im Hotel SO\/ Vienna in Wien\" data-rl_title=\"Blick auf die Wiener Innenstadt und den Stephansdom vom Zimmer SO Comfy im Hotel SO\/ Vienna in Wien\" class=\"rl-gallery-link\" data-rl_caption=\"Aufnahmeort anzeigen\" data-rel=\"lightbox-gallery-3\"><img loading=\"lazy\" decoding=\"async\" width=\"150\" height=\"150\" src=\"https:\/\/coeser.de\/blog\/wp-content\/uploads\/2023\/07\/wien-hotel-sofitel-so-vienna-04-christian-oeser-150x150.jpg\" class=\"attachment-thumbnail size-thumbnail\" alt=\"Blick auf die Wiener Innenstadt und den Stephansdom vom Zimmer SO Comfy im Hotel SO\/ Vienna in Wien\" aria-describedby=\"gallery-3-23847\" \/><\/a>\n\t\t\t<\/div>\n\t\t\t\t<figcaption class='wp-caption-text gallery-caption' id='gallery-3-23847'>\n\t\t\t\tBlick auf die Wiener Innenstadt und den Stephansdom vom Zimmer SO Comfy im Hotel SO\/ Vienna in Wien\n\t\t\t\t<\/figcaption><\/figure><figure class='gallery-item'>\n\t\t\t<div class='gallery-icon landscape'>\n\t\t\t\t<a href='https:\/\/coeser.de\/blog\/wp-content\/uploads\/2023\/07\/wien-hotel-sofitel-so-vienna-05-christian-oeser.jpg' title=\"Restaurant und Bar LOFT im Hotel SO\/ Vienna in Wien\" data-rl_title=\"Restaurant und Bar LOFT im Hotel SO\/ Vienna in Wien\" class=\"rl-gallery-link\" data-rl_caption=\"Aufnahmeort anzeigen\" data-rel=\"lightbox-gallery-3\"><img loading=\"lazy\" decoding=\"async\" width=\"150\" height=\"150\" src=\"https:\/\/coeser.de\/blog\/wp-content\/uploads\/2023\/07\/wien-hotel-sofitel-so-vienna-05-christian-oeser-150x150.jpg\" class=\"attachment-thumbnail size-thumbnail\" alt=\"Restaurant und Bar LOFT im Hotel SO\/ Vienna in Wien\" aria-describedby=\"gallery-3-23848\" \/><\/a>\n\t\t\t<\/div>\n\t\t\t\t<figcaption class='wp-caption-text gallery-caption' id='gallery-3-23848'>\n\t\t\t\tRestaurant und Bar LOFT im Hotel SO\/ Vienna in Wien\n\t\t\t\t<\/figcaption><\/figure><figure class='gallery-item'>\n\t\t\t<div class='gallery-icon landscape'>\n\t\t\t\t<a href='https:\/\/coeser.de\/blog\/wp-content\/uploads\/2023\/07\/wien-hotel-sofitel-so-vienna-06-christian-oeser.jpg' title=\"Doppelzimmer SO Urban im Hotel SO\/ Vienna in Wien\" data-rl_title=\"Doppelzimmer SO Urban im Hotel SO\/ Vienna in Wien\" class=\"rl-gallery-link\" data-rl_caption=\"Aufnahmeort anzeigen\" data-rel=\"lightbox-gallery-3\"><img loading=\"lazy\" decoding=\"async\" width=\"150\" height=\"150\" src=\"https:\/\/coeser.de\/blog\/wp-content\/uploads\/2023\/07\/wien-hotel-sofitel-so-vienna-06-christian-oeser-150x150.jpg\" class=\"attachment-thumbnail size-thumbnail\" alt=\"Doppelzimmer SO Urban im Hotel SO\/ Vienna in Wien\" aria-describedby=\"gallery-3-23849\" \/><\/a>\n\t\t\t<\/div>\n\t\t\t\t<figcaption class='wp-caption-text gallery-caption' id='gallery-3-23849'>\n\t\t\t\tDoppelzimmer SO Urban im Hotel SO\/ Vienna in Wien\n\t\t\t\t<\/figcaption><\/figure><figure class='gallery-item'>\n\t\t\t<div class='gallery-icon landscape'>\n\t\t\t\t<a href='https:\/\/coeser.de\/blog\/wp-content\/uploads\/2023\/07\/wien-hotel-sofitel-so-vienna-07-christian-oeser.jpg' title=\"Sauna im Wellnessebereich des Hotel SO\/ Vienna in Wien\" data-rl_title=\"Sauna im Wellnessebereich des Hotel SO\/ Vienna in Wien\" class=\"rl-gallery-link\" data-rl_caption=\"Aufnahmeort anzeigen\" data-rel=\"lightbox-gallery-3\"><img loading=\"lazy\" decoding=\"async\" width=\"150\" height=\"150\" src=\"https:\/\/coeser.de\/blog\/wp-content\/uploads\/2023\/07\/wien-hotel-sofitel-so-vienna-07-christian-oeser-150x150.jpg\" class=\"attachment-thumbnail size-thumbnail\" alt=\"Sauna im Wellnessebereich des Hotel SO\/ Vienna in Wien\" aria-describedby=\"gallery-3-23850\" \/><\/a>\n\t\t\t<\/div>\n\t\t\t\t<figcaption class='wp-caption-text gallery-caption' id='gallery-3-23850'>\n\t\t\t\tSauna im Wellnessebereich des Hotel SO\/ Vienna in Wien\n\t\t\t\t<\/figcaption><\/figure>\n\t\t<\/div>\n\n<hr \/>\n<p><strong>Auf meiner bevorzugten Hotelsuchmaschine booking.com findest du weitere <a href=\"https:\/\/www.booking.com\/searchresults.de.html?city=-1995499&amp;aid=1634405&amp;no_rooms=1&amp;group_adults=1\" target=\"_blank\" rel=\"noopener noreferrer\">sch\u00f6ne Unterk\u00fcnfte in Wien<\/a>*.<\/strong><\/p>\n<p><em>Transparenzhinweis: Ich wurde vom 25hours Hotel und vom Hotel SO\/ Vienna eine Nacht eingeladen, um pers\u00f6nliche Eindr\u00fccke sammeln zu k\u00f6nnen. Meine Meinung ist davon selbstverst\u00e4ndlich nicht beeinflusst.<\/em><\/p>\n<\/div>\n<div class=\"extern\">\n<h3>TRANSPARENZHINWEIS<\/h3>\n<p>*Die mit Stern gekennzeichneten Verweise in diesem Blogartikel sind sogenannte Affiliate-Links. Wenn dir mein Blogartikel bei der Planung deiner Reise geholfen hat, freue ich mich, wenn du \u00fcber diese Links deine Unterkunft oder Freizeitaktivit\u00e4ten buchst. Ich erhalte dadurch eine kleine Provision und du unterst\u00fctzt den Erhalt dieses Blogs. F\u00fcr dich entstehen dabei selbstverst\u00e4ndlich keine Nachteile. Vielen Dank! \ud83d\ude42<\/p>\n<\/div>\n<p>&nbsp;<\/p>\n<hr \/>\n<h2>Otto Wagners unbekannte Bauwerke<\/h2>\n<p>Das Wort &#8222;unbekannt&#8220; m\u00fcsste ich eigentlich unter Anf\u00fchrungszeichen setzen, denn die nachfolgend vorgestellten Bauwerke sind nat\u00fcrlich gut dokumentiert und auch nicht versteckt. Allerdings sind es H\u00e4user, an denen man teilweise schon Dutzende Male vorbeigegangen ist, ohne ihnen Aufmerksamkeit zu schenken oder zu wissen, dass es sich \u00fcberhaupt um Bauten von Wagner handelt. Ich stelle sie euch dabei in chronologischer Reihenfolge vor \u2013 mit einer Ausnahme: die Familiengruft habe ich bewusst an das Ende des Artikels gestellt.<\/p>\n<p>Nachdem ihr diesen Beitrag durchgelesen und die Fotos betrachtet habt, werdet ihr in Zukunft mit anderen Augen durch Wien spazieren \u2013 versprochen! \ud83d\ude42<\/p>\n<div class=\"fakten\">\n<h2><img loading=\"lazy\" decoding=\"async\" class=\"alignnone size-full wp-image-7717\" src=\"https:\/\/coeser.de\/blog\/wp-content\/uploads\/2018\/04\/otto-wagner-wien-fruehes-schaffen-harmoniegasse-christian-oeser.jpg\" alt=\"Mietsh\u00e4user in der Harmoniegasse und das Harmonietheater von Otto Wagner\" width=\"920\" height=\"613\" srcset=\"https:\/\/coeser.de\/blog\/wp-content\/uploads\/2018\/04\/otto-wagner-wien-fruehes-schaffen-harmoniegasse-christian-oeser.jpg 920w, https:\/\/coeser.de\/blog\/wp-content\/uploads\/2018\/04\/otto-wagner-wien-fruehes-schaffen-harmoniegasse-christian-oeser-300x200.jpg 300w, https:\/\/coeser.de\/blog\/wp-content\/uploads\/2018\/04\/otto-wagner-wien-fruehes-schaffen-harmoniegasse-christian-oeser-768x512.jpg 768w, https:\/\/coeser.de\/blog\/wp-content\/uploads\/2018\/04\/otto-wagner-wien-fruehes-schaffen-harmoniegasse-christian-oeser-330x220.jpg 330w\" sizes=\"auto, (max-width: 920px) 100vw, 920px\" \/><\/h2>\n<h2>Mietsh\u00e4user Harmoniegasse \/ Harmonietheater<\/h2>\n<p><strong>Baujahr:<\/strong> 1864-1865<br \/>\n<strong>Adresse:<\/strong> Harmoniegasse 1-9 und 2-10 sowie Wasagasse 33, 1090 Wien<br \/>\n<strong>Geschichte:<\/strong> Alle zehn Mietsh\u00e4user der nur 120 Meter langen Harmoniegasse wurden komplett von Otto Wagner entworfen. Die Geb\u00e4ude sind einige der \u00e4ltesten erhaltenen des Architekten und Zeugen seiner fr\u00fchen Schaffensphase 1864. Bis auf die H\u00e4user Harmoniegasse 5-7, in die mittlerweile ein Hotel eingezogen ist, sind alle Au\u00dfenfassaden noch im Originalzustand bzw. originalgetreu renoviert. Am Ende der Gasse blickt man auf das Harmonietheater (Wasagasse 33), ebenfalls von Wagner geplant. Bekannt wurde das Theater ab 1872 unter dem Namen &#8222;Danzers Orpheum&#8220;. 1928 schloss die B\u00fchne schlie\u00dflich wegen zu geringer Nachfrage \u2013 der Zuschauerraum und die B\u00fchne wurden bis 1934 in Wohnungen umgewandelt.<\/p>\n<div id='gallery-4' class='gallery galleryid-7704 gallery-columns-7 gallery-size-thumbnail'><figure class='gallery-item'>\n\t\t\t<div class='gallery-icon landscape'>\n\t\t\t\t<a href='https:\/\/coeser.de\/blog\/wp-content\/uploads\/2018\/04\/otto-wagner-wien-fruehes-schaffen-harmoniegasse-gal01-christian-oeser.jpg' title=\"Das ehemalige Harmonietheater (Danzers Orpheum) von Otto Wagner\" data-rl_title=\"Das ehemalige Harmonietheater (Danzers Orpheum) von Otto Wagner\" class=\"rl-gallery-link\" data-rl_caption=\"Aufnahmeort anzeigen\" data-rel=\"lightbox-gallery-4\"><img loading=\"lazy\" decoding=\"async\" width=\"150\" height=\"150\" src=\"https:\/\/coeser.de\/blog\/wp-content\/uploads\/2018\/04\/otto-wagner-wien-fruehes-schaffen-harmoniegasse-gal01-christian-oeser-150x150.jpg\" class=\"attachment-thumbnail size-thumbnail\" alt=\"Das ehemalige Harmonietheater (Danzers Orpheum) von Otto Wagner\" aria-describedby=\"gallery-4-7735\" \/><\/a>\n\t\t\t<\/div>\n\t\t\t\t<figcaption class='wp-caption-text gallery-caption' id='gallery-4-7735'>\n\t\t\t\tDas ehemalige Harmonietheater (Danzers Orpheum) von Otto Wagner\n\t\t\t\t<\/figcaption><\/figure><figure class='gallery-item'>\n\t\t\t<div class='gallery-icon landscape'>\n\t\t\t\t<a href='https:\/\/coeser.de\/blog\/wp-content\/uploads\/2018\/04\/otto-wagner-wien-fruehes-schaffen-harmoniegasse-gal02-christian-oeser.jpg' title=\"Die Harmoniegasse von Otto Wagner\" data-rl_title=\"Die Harmoniegasse von Otto Wagner\" class=\"rl-gallery-link\" data-rl_caption=\"Aufnahmeort anzeigen\" data-rel=\"lightbox-gallery-4\"><img loading=\"lazy\" decoding=\"async\" width=\"150\" height=\"150\" src=\"https:\/\/coeser.de\/blog\/wp-content\/uploads\/2018\/04\/otto-wagner-wien-fruehes-schaffen-harmoniegasse-gal02-christian-oeser-150x150.jpg\" class=\"attachment-thumbnail size-thumbnail\" alt=\"Die Harmoniegasse von Otto Wagner\" aria-describedby=\"gallery-4-7736\" \/><\/a>\n\t\t\t<\/div>\n\t\t\t\t<figcaption class='wp-caption-text gallery-caption' id='gallery-4-7736'>\n\t\t\t\tDie Harmoniegasse von Otto Wagner\n\t\t\t\t<\/figcaption><\/figure>\n\t\t<\/div>\n\n<\/div>\n<hr \/>\n<div class=\"fakten\">\n<h2><img loading=\"lazy\" decoding=\"async\" class=\"alignnone size-full wp-image-7718\" src=\"https:\/\/coeser.de\/blog\/wp-content\/uploads\/2018\/04\/otto-wagner-wien-fruehes-schaffen-grabenhof-christian-oeser.jpg\" alt=\"Der Grabenhof von Otto Wagner\" width=\"920\" height=\"613\" srcset=\"https:\/\/coeser.de\/blog\/wp-content\/uploads\/2018\/04\/otto-wagner-wien-fruehes-schaffen-grabenhof-christian-oeser.jpg 920w, https:\/\/coeser.de\/blog\/wp-content\/uploads\/2018\/04\/otto-wagner-wien-fruehes-schaffen-grabenhof-christian-oeser-300x200.jpg 300w, https:\/\/coeser.de\/blog\/wp-content\/uploads\/2018\/04\/otto-wagner-wien-fruehes-schaffen-grabenhof-christian-oeser-768x512.jpg 768w, https:\/\/coeser.de\/blog\/wp-content\/uploads\/2018\/04\/otto-wagner-wien-fruehes-schaffen-grabenhof-christian-oeser-330x220.jpg 330w\" sizes=\"auto, (max-width: 920px) 100vw, 920px\" \/><\/h2>\n<h2>Grabenhof<\/h2>\n<p><strong>Baujahr:<\/strong> 1874<br \/>\n<strong>Adresse:<\/strong> Graben 14-15, 1010 Wien<br \/>\n<strong>Geschichte:<\/strong> Den Grabenhof auf dem Wiener Graben erbaute Wagner in Zusammenarbeit mit Otto Thienemann. Klar ersichtlich ist hier noch der streng historistische Baustil mit den auff\u00e4lligen roten S\u00e4ulen an der Hauptfassade. Im Zweiten Weltkrieg richteten Bombentreffer schwere Sch\u00e4den an, der Grabenhof wurde sp\u00e4ter allerdings wieder restauriert und in seine urspr\u00fcngliche Pracht gebracht.<\/p>\n<\/div>\n<hr \/>\n<div class=\"fakten\">\n<h2><img loading=\"lazy\" decoding=\"async\" class=\"alignnone size-full wp-image-7719\" src=\"https:\/\/coeser.de\/blog\/wp-content\/uploads\/2018\/04\/otto-wagner-wien-fruehes-schaffen-wiedner-hauptstrasse-65-christian-oeser.jpg\" alt=\"Mietshaus Wiedner Hauptstra\u00dfe 65 von Otto Wagner\" width=\"920\" height=\"613\" srcset=\"https:\/\/coeser.de\/blog\/wp-content\/uploads\/2018\/04\/otto-wagner-wien-fruehes-schaffen-wiedner-hauptstrasse-65-christian-oeser.jpg 920w, https:\/\/coeser.de\/blog\/wp-content\/uploads\/2018\/04\/otto-wagner-wien-fruehes-schaffen-wiedner-hauptstrasse-65-christian-oeser-300x200.jpg 300w, https:\/\/coeser.de\/blog\/wp-content\/uploads\/2018\/04\/otto-wagner-wien-fruehes-schaffen-wiedner-hauptstrasse-65-christian-oeser-768x512.jpg 768w, https:\/\/coeser.de\/blog\/wp-content\/uploads\/2018\/04\/otto-wagner-wien-fruehes-schaffen-wiedner-hauptstrasse-65-christian-oeser-330x220.jpg 330w\" sizes=\"auto, (max-width: 920px) 100vw, 920px\" \/><\/h2>\n<h2>Mietshaus Wiedner Hauptstra\u00dfe<\/h2>\n<p><strong>Baujahr:<\/strong> 1875<br \/>\n<strong>Adresse:<\/strong> Wiedner Hauptstra\u00dfe 65 \/ Sch\u00f6nburgstra\u00dfe 2, 1040 Wien<br \/>\n<strong>Geschichte:<\/strong> Das historistische Zinshaus in der Wiedner Hauptstra\u00dfe ist eines jener Geb\u00e4ude, an denen man wohl gedankenlos vorbeigeht. Es \u00e4hnelt vom Aussehen Dutzenden anderen Bauten in Wien und wenn man nicht w\u00fcsste, dass es von Wagner entworfen wurde, w\u00fcrde man wohl nie darauf kommen. Es gibt aber sehr wohl Unterschiede zum Zinshausbau anderer Architekten: die Ausgestaltung der Ecken, die Schmuckfelder im oberen Bereich und das relativ weit auskragende Kranzgesims heben das Haus von seiner Umgebung ab. Fr\u00fcher war im Erdgeschoss das Caf\u00e9 Sch\u00f6nburg untergebracht, heute befindet sich in den Gesch\u00e4ftsfl\u00e4chen ein Coworking-Caf\u00e9 der kreativen Startup-Szene.<\/p>\n<div id='gallery-5' class='gallery galleryid-7704 gallery-columns-7 gallery-size-thumbnail'><figure class='gallery-item'>\n\t\t\t<div class='gallery-icon landscape'>\n\t\t\t\t<a href='https:\/\/coeser.de\/blog\/wp-content\/uploads\/2018\/04\/otto-wagner-wien-fruehes-schaffen-wiedner-hauptstrasse-65-gal01-christian-oeser.jpg' title=\"Detailansicht des Mietshauses Wiedner Hauptstra\u00dfe 65\" data-rl_title=\"Detailansicht des Mietshauses Wiedner Hauptstra\u00dfe 65\" class=\"rl-gallery-link\" data-rl_caption=\"Aufnahmeort anzeigen\" data-rel=\"lightbox-gallery-5\"><img loading=\"lazy\" decoding=\"async\" width=\"150\" height=\"150\" src=\"https:\/\/coeser.de\/blog\/wp-content\/uploads\/2018\/04\/otto-wagner-wien-fruehes-schaffen-wiedner-hauptstrasse-65-gal01-christian-oeser-150x150.jpg\" class=\"attachment-thumbnail size-thumbnail\" alt=\"Detailansicht des Mietshauses Wiedner Hauptstra\u00dfe 65\" aria-describedby=\"gallery-5-7738\" \/><\/a>\n\t\t\t<\/div>\n\t\t\t\t<figcaption class='wp-caption-text gallery-caption' id='gallery-5-7738'>\n\t\t\t\tDetailansicht des Mietshauses Wiedner Hauptstra\u00dfe 65\n\t\t\t\t<\/figcaption><\/figure>\n\t\t<\/div>\n\n<\/div>\n<hr \/>\n<div class=\"fakten\">\n<h2><img loading=\"lazy\" decoding=\"async\" class=\"alignnone size-full wp-image-7720\" src=\"https:\/\/coeser.de\/blog\/wp-content\/uploads\/2018\/04\/otto-wagner-wien-fruehes-schaffen-schottenring-23-christian-oeser.jpg\" alt=\"Mietshaus Schottenring 23 von Otto Wagner\" width=\"920\" height=\"613\" srcset=\"https:\/\/coeser.de\/blog\/wp-content\/uploads\/2018\/04\/otto-wagner-wien-fruehes-schaffen-schottenring-23-christian-oeser.jpg 920w, https:\/\/coeser.de\/blog\/wp-content\/uploads\/2018\/04\/otto-wagner-wien-fruehes-schaffen-schottenring-23-christian-oeser-300x200.jpg 300w, https:\/\/coeser.de\/blog\/wp-content\/uploads\/2018\/04\/otto-wagner-wien-fruehes-schaffen-schottenring-23-christian-oeser-768x512.jpg 768w, https:\/\/coeser.de\/blog\/wp-content\/uploads\/2018\/04\/otto-wagner-wien-fruehes-schaffen-schottenring-23-christian-oeser-330x220.jpg 330w\" sizes=\"auto, (max-width: 920px) 100vw, 920px\" \/><\/h2>\n<h2>Mietshaus Schottenring<\/h2>\n<p><strong>Baujahr:<\/strong> 1877-1878<br \/>\n<strong>Adresse:<\/strong> Schottenring 23, 1010 Wien<br \/>\n<strong>Geschichte:<\/strong> Das direkt an der Ringstra\u00dfe gelegene Haus errichtete Otto Wagner auf eigene Kosten in unmittelbarer N\u00e4he zur B\u00f6rse. Die Bauweise bezieht sich dabei auf Theophil Hansen, bei dem Wagner einen Teil seiner Ausbildung genoss und stark von ihm inspiriert wurde. Wagner bediente sich der italienischen Renaissance und hob mit der bunten sowie in einem Schachbrettmuster dekorierten Fassade das Geb\u00e4ude ganz bewusst von den umliegenden Bauten ab. Damit wollte er sich auch als innovativer Architekt f\u00fcr weitere Auftr\u00e4ge empfehlen.<\/p>\n<div id='gallery-6' class='gallery galleryid-7704 gallery-columns-7 gallery-size-thumbnail'><figure class='gallery-item'>\n\t\t\t<div class='gallery-icon landscape'>\n\t\t\t\t<a href='https:\/\/coeser.de\/blog\/wp-content\/uploads\/2018\/04\/otto-wagner-wien-fruehes-schaffen-schottenring-23-gal01-christian-oeser.jpg' title=\"Das Mietshaus Schottenring 23 von Otto Wagner\" data-rl_title=\"Das Mietshaus Schottenring 23 von Otto Wagner\" class=\"rl-gallery-link\" data-rl_caption=\"Aufnahmeort anzeigen\" data-rel=\"lightbox-gallery-6\"><img loading=\"lazy\" decoding=\"async\" width=\"150\" height=\"150\" src=\"https:\/\/coeser.de\/blog\/wp-content\/uploads\/2018\/04\/otto-wagner-wien-fruehes-schaffen-schottenring-23-gal01-christian-oeser-150x150.jpg\" class=\"attachment-thumbnail size-thumbnail\" alt=\"Das Mietshaus Schottenring 23 von Otto Wagner\" aria-describedby=\"gallery-6-7739\" \/><\/a>\n\t\t\t<\/div>\n\t\t\t\t<figcaption class='wp-caption-text gallery-caption' id='gallery-6-7739'>\n\t\t\t\tDas Mietshaus Schottenring 23 von Otto Wagner\n\t\t\t\t<\/figcaption><\/figure><figure class='gallery-item'>\n\t\t\t<div class='gallery-icon landscape'>\n\t\t\t\t<a href='https:\/\/coeser.de\/blog\/wp-content\/uploads\/2018\/04\/otto-wagner-wien-fruehes-schaffen-schottenring-23-gal02-christian-oeser.jpg' title=\"Detailansicht des Mietshauses Schottenring 23 von Otto Wagner\" data-rl_title=\"Detailansicht des Mietshauses Schottenring 23 von Otto Wagner\" class=\"rl-gallery-link\" data-rl_caption=\"Aufnahmeort anzeigen\" data-rel=\"lightbox-gallery-6\"><img loading=\"lazy\" decoding=\"async\" width=\"150\" height=\"150\" src=\"https:\/\/coeser.de\/blog\/wp-content\/uploads\/2018\/04\/otto-wagner-wien-fruehes-schaffen-schottenring-23-gal02-christian-oeser-150x150.jpg\" class=\"attachment-thumbnail size-thumbnail\" alt=\"Detailansicht des Mietshauses Schottenring 23 von Otto Wagner\" aria-describedby=\"gallery-6-7740\" \/><\/a>\n\t\t\t<\/div>\n\t\t\t\t<figcaption class='wp-caption-text gallery-caption' id='gallery-6-7740'>\n\t\t\t\tDetailansicht des Mietshauses Schottenring 23 von Otto Wagner\n\t\t\t\t<\/figcaption><\/figure>\n\t\t<\/div>\n\n<\/div>\n<hr \/>\n<div class=\"fakten\">\n<h2><img loading=\"lazy\" decoding=\"async\" class=\"alignnone size-full wp-image-7721\" src=\"https:\/\/coeser.de\/blog\/wp-content\/uploads\/2018\/04\/otto-wagner-wien-fruehes-schaffen-rathausstrasse-3-christian-oeser.jpg\" alt=\"Mietshaus Rathausstra\u00dfe 3 von Otto Wagner\" width=\"920\" height=\"613\" srcset=\"https:\/\/coeser.de\/blog\/wp-content\/uploads\/2018\/04\/otto-wagner-wien-fruehes-schaffen-rathausstrasse-3-christian-oeser.jpg 920w, https:\/\/coeser.de\/blog\/wp-content\/uploads\/2018\/04\/otto-wagner-wien-fruehes-schaffen-rathausstrasse-3-christian-oeser-300x200.jpg 300w, https:\/\/coeser.de\/blog\/wp-content\/uploads\/2018\/04\/otto-wagner-wien-fruehes-schaffen-rathausstrasse-3-christian-oeser-768x512.jpg 768w, https:\/\/coeser.de\/blog\/wp-content\/uploads\/2018\/04\/otto-wagner-wien-fruehes-schaffen-rathausstrasse-3-christian-oeser-330x220.jpg 330w\" sizes=\"auto, (max-width: 920px) 100vw, 920px\" \/><\/h2>\n<h2>Mietshaus Rathausstra\u00dfe<\/h2>\n<p><strong>Baujahr:<\/strong> 1880-1881<br \/>\n<strong>Adresse:<\/strong> Rathausstra\u00dfe 3 \/ Stadiongasse 10 \/ Landesgerichtsstra\u00dfe 4, 1010 Wien<br \/>\n<strong>Geschichte:<\/strong> Das Haus an der heutigen Zweierlinie weist zwar drei Adressen auf, es gibt aber nur in der Rathausstra\u00dfe einen Zugang. Wagner errichtete das Geb\u00e4ude als Spekulationsobjekt und bewohnte es drei Jahre bis 1883. Die repr\u00e4sentative Hauptfassade zeigt auf die Stadiongasse und ist zum Einen am pr\u00e4chtigen Balkon der Beletage-Wohnung und zum Anderen an den prominent sichtbaren Gesch\u00e4ftsfl\u00e4chen erkennbar. Darin sind heute eine Bank, ein B\u00e4cker und eine Apotheke untergebracht. Der Aufbau \u00fcber dem auskragenden Dach wurde erst 1932 errichtet.<\/p>\n<div id='gallery-7' class='gallery galleryid-7704 gallery-columns-7 gallery-size-thumbnail'><figure class='gallery-item'>\n\t\t\t<div class='gallery-icon landscape'>\n\t\t\t\t<a href='https:\/\/coeser.de\/blog\/wp-content\/uploads\/2018\/04\/otto-wagner-wien-fruehes-schaffen-rathausstrasse-3-gal01-christian-oeser.jpg' title=\"Detailansicht des Mietshauses Rathausstra\u00dfe 3 von Otto Wagner\" data-rl_title=\"Detailansicht des Mietshauses Rathausstra\u00dfe 3 von Otto Wagner\" class=\"rl-gallery-link\" data-rl_caption=\"Aufnahmeort anzeigen\" data-rel=\"lightbox-gallery-7\"><img loading=\"lazy\" decoding=\"async\" width=\"150\" height=\"150\" src=\"https:\/\/coeser.de\/blog\/wp-content\/uploads\/2018\/04\/otto-wagner-wien-fruehes-schaffen-rathausstrasse-3-gal01-christian-oeser-150x150.jpg\" class=\"attachment-thumbnail size-thumbnail\" alt=\"Detailansicht des Mietshauses Rathausstra\u00dfe 3 von Otto Wagner\" aria-describedby=\"gallery-7-7741\" \/><\/a>\n\t\t\t<\/div>\n\t\t\t\t<figcaption class='wp-caption-text gallery-caption' id='gallery-7-7741'>\n\t\t\t\tDetailansicht des Mietshauses Rathausstra\u00dfe 3 von Otto Wagner\n\t\t\t\t<\/figcaption><\/figure><figure class='gallery-item'>\n\t\t\t<div class='gallery-icon landscape'>\n\t\t\t\t<a href='https:\/\/coeser.de\/blog\/wp-content\/uploads\/2018\/04\/otto-wagner-wien-fruehes-schaffen-rathausstrasse-3-gal02-christian-oeser.jpg' title=\"Detailansicht des Mietshauses Rathausstra\u00dfe 3 von Otto Wagner\" data-rl_title=\"Detailansicht des Mietshauses Rathausstra\u00dfe 3 von Otto Wagner\" class=\"rl-gallery-link\" data-rl_caption=\"Aufnahmeort anzeigen\" data-rel=\"lightbox-gallery-7\"><img loading=\"lazy\" decoding=\"async\" width=\"150\" height=\"150\" src=\"https:\/\/coeser.de\/blog\/wp-content\/uploads\/2018\/04\/otto-wagner-wien-fruehes-schaffen-rathausstrasse-3-gal02-christian-oeser-150x150.jpg\" class=\"attachment-thumbnail size-thumbnail\" alt=\"Detailansicht des Mietshauses Rathausstra\u00dfe 3 von Otto Wagner\" aria-describedby=\"gallery-7-7742\" \/><\/a>\n\t\t\t<\/div>\n\t\t\t\t<figcaption class='wp-caption-text gallery-caption' id='gallery-7-7742'>\n\t\t\t\tDetailansicht des Mietshauses Rathausstra\u00dfe 3 von Otto Wagner\n\t\t\t\t<\/figcaption><\/figure><figure class='gallery-item'>\n\t\t\t<div class='gallery-icon landscape'>\n\t\t\t\t<a href='https:\/\/coeser.de\/blog\/wp-content\/uploads\/2018\/04\/otto-wagner-wien-fruehes-schaffen-rathausstrasse-3-gal06-christian-oeser.jpg' title=\"Innenansicht des Mietshauses Rathausstra\u00dfe 3 von Otto Wagner in Wien\" data-rl_title=\"Innenansicht des Mietshauses Rathausstra\u00dfe 3 von Otto Wagner in Wien\" class=\"rl-gallery-link\" data-rl_caption=\"Aufnahmeort anzeigen\" data-rel=\"lightbox-gallery-7\"><img loading=\"lazy\" decoding=\"async\" width=\"150\" height=\"150\" src=\"https:\/\/coeser.de\/blog\/wp-content\/uploads\/2018\/04\/otto-wagner-wien-fruehes-schaffen-rathausstrasse-3-gal06-christian-oeser-150x150.jpg\" class=\"attachment-thumbnail size-thumbnail\" alt=\"Innenansicht des Mietshauses Rathausstra\u00dfe 3 von Otto Wagner in Wien\" aria-describedby=\"gallery-7-9741\" \/><\/a>\n\t\t\t<\/div>\n\t\t\t\t<figcaption class='wp-caption-text gallery-caption' id='gallery-7-9741'>\n\t\t\t\tInnenansicht des Mietshauses Rathausstra\u00dfe 3 von Otto Wagner in Wien\n\t\t\t\t<\/figcaption><\/figure><figure class='gallery-item'>\n\t\t\t<div class='gallery-icon portrait'>\n\t\t\t\t<a href='https:\/\/coeser.de\/blog\/wp-content\/uploads\/2018\/04\/otto-wagner-wien-fruehes-schaffen-rathausstrasse-3-gal03-christian-oeser.jpg' title=\"Aufzug und Stiegenhaus im Mietshaus Rathausstra\u00dfe 3 von Otto Wagner in Wien\" data-rl_title=\"Aufzug und Stiegenhaus im Mietshaus Rathausstra\u00dfe 3 von Otto Wagner in Wien\" class=\"rl-gallery-link\" data-rl_caption=\"Aufnahmeort anzeigen\" data-rel=\"lightbox-gallery-7\"><img loading=\"lazy\" decoding=\"async\" width=\"150\" height=\"150\" src=\"https:\/\/coeser.de\/blog\/wp-content\/uploads\/2018\/04\/otto-wagner-wien-fruehes-schaffen-rathausstrasse-3-gal03-christian-oeser-150x150.jpg\" class=\"attachment-thumbnail size-thumbnail\" alt=\"Aufzug und Stiegenhaus im Mietshaus Rathausstra\u00dfe 3 von Otto Wagner in Wien\" aria-describedby=\"gallery-7-9738\" \/><\/a>\n\t\t\t<\/div>\n\t\t\t\t<figcaption class='wp-caption-text gallery-caption' id='gallery-7-9738'>\n\t\t\t\tAufzug und Stiegenhaus im Mietshaus Rathausstra\u00dfe 3 von Otto Wagner in Wien\n\t\t\t\t<\/figcaption><\/figure><figure class='gallery-item'>\n\t\t\t<div class='gallery-icon portrait'>\n\t\t\t\t<a href='https:\/\/coeser.de\/blog\/wp-content\/uploads\/2018\/04\/otto-wagner-wien-fruehes-schaffen-rathausstrasse-3-gal07-christian-oeser.jpg' title=\"Aufzugskabine im Mietshaus Rathausstra\u00dfe 3 von Otto Wagner in Wien\" data-rl_title=\"Aufzugskabine im Mietshaus Rathausstra\u00dfe 3 von Otto Wagner in Wien\" class=\"rl-gallery-link\" data-rl_caption=\"Aufnahmeort anzeigen\" data-rel=\"lightbox-gallery-7\"><img loading=\"lazy\" decoding=\"async\" width=\"150\" height=\"150\" src=\"https:\/\/coeser.de\/blog\/wp-content\/uploads\/2018\/04\/otto-wagner-wien-fruehes-schaffen-rathausstrasse-3-gal07-christian-oeser-150x150.jpg\" class=\"attachment-thumbnail size-thumbnail\" alt=\"Aufzugskabine im Mietshaus Rathausstra\u00dfe 3 von Otto Wagner in Wien\" aria-describedby=\"gallery-7-9742\" \/><\/a>\n\t\t\t<\/div>\n\t\t\t\t<figcaption class='wp-caption-text gallery-caption' id='gallery-7-9742'>\n\t\t\t\tAufzugskabine im Mietshaus Rathausstra\u00dfe 3 von Otto Wagner in Wien\n\t\t\t\t<\/figcaption><\/figure><figure class='gallery-item'>\n\t\t\t<div class='gallery-icon landscape'>\n\t\t\t\t<a href='https:\/\/coeser.de\/blog\/wp-content\/uploads\/2018\/04\/otto-wagner-wien-fruehes-schaffen-rathausstrasse-3-gal04-christian-oeser.jpg' title=\"Spiegelung des Stiegenhauses im Mietshaus Rathausstra\u00dfe 3 von Otto Wagner in Wien\" data-rl_title=\"Spiegelung des Stiegenhauses im Mietshaus Rathausstra\u00dfe 3 von Otto Wagner in Wien\" class=\"rl-gallery-link\" data-rl_caption=\"Aufnahmeort anzeigen\" data-rel=\"lightbox-gallery-7\"><img loading=\"lazy\" decoding=\"async\" width=\"150\" height=\"150\" src=\"https:\/\/coeser.de\/blog\/wp-content\/uploads\/2018\/04\/otto-wagner-wien-fruehes-schaffen-rathausstrasse-3-gal04-christian-oeser-150x150.jpg\" class=\"attachment-thumbnail size-thumbnail\" alt=\"Spiegelung des Stiegenhauses im Mietshaus Rathausstra\u00dfe 3 von Otto Wagner in Wien\" aria-describedby=\"gallery-7-9739\" \/><\/a>\n\t\t\t<\/div>\n\t\t\t\t<figcaption class='wp-caption-text gallery-caption' id='gallery-7-9739'>\n\t\t\t\tSpiegelung des Stiegenhauses im Mietshaus Rathausstra\u00dfe 3 von Otto Wagner in Wien\n\t\t\t\t<\/figcaption><\/figure><figure class='gallery-item'>\n\t\t\t<div class='gallery-icon landscape'>\n\t\t\t\t<a href='https:\/\/coeser.de\/blog\/wp-content\/uploads\/2018\/04\/otto-wagner-wien-fruehes-schaffen-rathausstrasse-3-gal05-christian-oeser.jpg' title=\"Spiegelung des Stiegenhauses im Mietshaus Rathausstra\u00dfe 3 von Otto Wagner in Wien\" data-rl_title=\"Spiegelung des Stiegenhauses im Mietshaus Rathausstra\u00dfe 3 von Otto Wagner in Wien\" class=\"rl-gallery-link\" data-rl_caption=\"Aufnahmeort anzeigen\" data-rel=\"lightbox-gallery-7\"><img loading=\"lazy\" decoding=\"async\" width=\"150\" height=\"150\" src=\"https:\/\/coeser.de\/blog\/wp-content\/uploads\/2018\/04\/otto-wagner-wien-fruehes-schaffen-rathausstrasse-3-gal05-christian-oeser-150x150.jpg\" class=\"attachment-thumbnail size-thumbnail\" alt=\"Spiegelung des Stiegenhauses im Mietshaus Rathausstra\u00dfe 3 von Otto Wagner in Wien\" aria-describedby=\"gallery-7-9740\" \/><\/a>\n\t\t\t<\/div>\n\t\t\t\t<figcaption class='wp-caption-text gallery-caption' id='gallery-7-9740'>\n\t\t\t\tSpiegelung des Stiegenhauses im Mietshaus Rathausstra\u00dfe 3 von Otto Wagner in Wien\n\t\t\t\t<\/figcaption><\/figure>\n\t\t<\/div>\n\n<\/div>\n<hr \/>\n<div class=\"fakten\">\n<h2><img loading=\"lazy\" decoding=\"async\" class=\"alignnone size-full wp-image-7722\" src=\"https:\/\/coeser.de\/blog\/wp-content\/uploads\/2018\/04\/otto-wagner-wien-fruehes-schaffen-stadiongasse-6-christian-oeser.jpg\" alt=\"Mietshaus Stadiongasse 6-8 von Otto Wagner\" width=\"920\" height=\"613\" srcset=\"https:\/\/coeser.de\/blog\/wp-content\/uploads\/2018\/04\/otto-wagner-wien-fruehes-schaffen-stadiongasse-6-christian-oeser.jpg 920w, https:\/\/coeser.de\/blog\/wp-content\/uploads\/2018\/04\/otto-wagner-wien-fruehes-schaffen-stadiongasse-6-christian-oeser-300x200.jpg 300w, https:\/\/coeser.de\/blog\/wp-content\/uploads\/2018\/04\/otto-wagner-wien-fruehes-schaffen-stadiongasse-6-christian-oeser-768x512.jpg 768w, https:\/\/coeser.de\/blog\/wp-content\/uploads\/2018\/04\/otto-wagner-wien-fruehes-schaffen-stadiongasse-6-christian-oeser-330x220.jpg 330w\" sizes=\"auto, (max-width: 920px) 100vw, 920px\" \/><\/h2>\n<h2>Mietshaus Stadiongasse<\/h2>\n<p><strong>Baujahr:<\/strong> 1882-1883<br \/>\n<strong>Adresse:<\/strong> Stadiongasse 6-8, 1010 Wien<br \/>\n<strong>Geschichte:<\/strong> Das Nachbarobjekt des zuvor erw\u00e4hnten Hauses liegt an der Adresse Stadiongasse 6-8 und war ab 1883 bis 1889 der Wohnsitz der Familie Wagner. Das Mietshaus \u00e4hnelt von seiner \u00e4u\u00dferen Aufmachung dem Geb\u00e4ude in der Rathausstra\u00dfe 3, ist aber in etwas noblerer Bauart gehalten. Zwei mit S\u00e4ulen und Steinfiguren hervorgehobene Wohngeschosse sollen betonen, dass es sich um Wohnraum f\u00fcr betuchtere Menschen handelt.<\/p>\n<\/div>\n<hr \/>\n<div class=\"fakten\">\n<h2><img loading=\"lazy\" decoding=\"async\" class=\"alignnone size-full wp-image-7723\" src=\"https:\/\/coeser.de\/blog\/wp-content\/uploads\/2018\/04\/otto-wagner-wien-fruehes-schaffen-lobkowitzplatz-1-christian-oeser.jpg\" alt=\"Mietshaus Lobkowitzplatz 1 von Otto Wagner\" width=\"920\" height=\"613\" srcset=\"https:\/\/coeser.de\/blog\/wp-content\/uploads\/2018\/04\/otto-wagner-wien-fruehes-schaffen-lobkowitzplatz-1-christian-oeser.jpg 920w, https:\/\/coeser.de\/blog\/wp-content\/uploads\/2018\/04\/otto-wagner-wien-fruehes-schaffen-lobkowitzplatz-1-christian-oeser-300x200.jpg 300w, https:\/\/coeser.de\/blog\/wp-content\/uploads\/2018\/04\/otto-wagner-wien-fruehes-schaffen-lobkowitzplatz-1-christian-oeser-768x512.jpg 768w, https:\/\/coeser.de\/blog\/wp-content\/uploads\/2018\/04\/otto-wagner-wien-fruehes-schaffen-lobkowitzplatz-1-christian-oeser-330x220.jpg 330w\" sizes=\"auto, (max-width: 920px) 100vw, 920px\" \/><\/h2>\n<h2>Mietshaus Lobkowitzplatz<\/h2>\n<p><strong>Baujahr:<\/strong> 1884-1885<br \/>\n<strong>Adresse:<\/strong> Lobkowitzplatz 1, 1010 Wien<br \/>\n<strong>Geschichte:<\/strong> Am Mietshaus auf dem Lobkowitzplatz gegen\u00fcber der Albertina bin ich auch schon oft vorbeigegangen und habe stets das prachtvoll gelb leuchtende Geb\u00e4ude mit dem hervorstechenden Eckturm bewundert. Dass es von Otto Wagner stammt, habe ich \u00fcberrascht erst im Zuge der Recherche f\u00fcr diesen Artikel herausgefunden. Den Auftrag erhielt Wagner von der L\u00e4nderbank, f\u00fcr die der Architekt zeitgleich das sensationelle Amtsgeb\u00e4ude in der Hohenstaufengasse (siehe mein <strong><a href=\"https:\/\/coeser.de\/blog\/index.php\/2018\/04\/10\/otto-wagners-wien-erbe-eines-visionaers\/\" target=\"_blank\" rel=\"noopener noreferrer\">erster Artikel<\/a><\/strong>) umsetzte.<\/p>\n<\/div>\n<hr \/>\n<div class=\"fakten\">\n<h2><img loading=\"lazy\" decoding=\"async\" class=\"alignnone size-full wp-image-7724\" src=\"https:\/\/coeser.de\/blog\/wp-content\/uploads\/2018\/04\/otto-wagner-wien-fruehes-schaffen-universitaetsstrasse-12-christian-oeser.jpg\" alt=\"Hosentr\u00e4gerhaus Universit\u00e4tsstra\u00dfe 12 von Otto Wagner\" width=\"920\" height=\"613\" srcset=\"https:\/\/coeser.de\/blog\/wp-content\/uploads\/2018\/04\/otto-wagner-wien-fruehes-schaffen-universitaetsstrasse-12-christian-oeser.jpg 920w, https:\/\/coeser.de\/blog\/wp-content\/uploads\/2018\/04\/otto-wagner-wien-fruehes-schaffen-universitaetsstrasse-12-christian-oeser-300x200.jpg 300w, https:\/\/coeser.de\/blog\/wp-content\/uploads\/2018\/04\/otto-wagner-wien-fruehes-schaffen-universitaetsstrasse-12-christian-oeser-768x512.jpg 768w, https:\/\/coeser.de\/blog\/wp-content\/uploads\/2018\/04\/otto-wagner-wien-fruehes-schaffen-universitaetsstrasse-12-christian-oeser-330x220.jpg 330w\" sizes=\"auto, (max-width: 920px) 100vw, 920px\" \/><\/h2>\n<h2>Wohn- und Gesch\u00e4ftshaus Universit\u00e4tsstra\u00dfe<\/h2>\n<p><strong>Baujahr:<\/strong> 1888<br \/>\n<strong>Adresse: <\/strong>Universit\u00e4tsstra\u00dfe 12 \/ Garnisongasse 1, 1090 Wien<br \/>\n<strong>Geschichte:<\/strong> Dieses Haus geh\u00f6rt zu den bekannteren der &#8222;unbekannten&#8220;, es wurde nach der Fertigstellung rasch als &#8222;Hosentr\u00e4gerhaus&#8220; bezeichnet. An der exponierten Lage der Universit\u00e4tsstra\u00dfe verwirklichte Wagner erstmals ein Mietshaus, an dessen Fassade alle Geschosse die gleiche Wertung erhielten und keine hierarchisierende Abstufung wie im klassischen Historismus genutzt wurde. Die prachtvoll verzierten Fassadenstreifen wurden von der Bev\u00f6lkerung als langweilig empfunden und als &#8222;gestickte Hosentr\u00e4gerarchitektur&#8220; bezeichnet \u2013 daher der wenig ruhmvolle Name des Geb\u00e4udes.<\/p>\n<div id='gallery-8' class='gallery galleryid-7704 gallery-columns-7 gallery-size-thumbnail'><figure class='gallery-item'>\n\t\t\t<div class='gallery-icon landscape'>\n\t\t\t\t<a href='https:\/\/coeser.de\/blog\/wp-content\/uploads\/2018\/04\/otto-wagner-wien-fruehes-schaffen-universitaetsstrasse-12-gal02-christian-oeser.jpg' title=\"Frontalansicht des Wohn- und Gesch\u00e4ftshauses Universit\u00e4tsstra\u00dfe 12 (Hosentr\u00e4gerhaus) von Otto Wagner\" data-rl_title=\"Frontalansicht des Wohn- und Gesch\u00e4ftshauses Universit\u00e4tsstra\u00dfe 12 (Hosentr\u00e4gerhaus) von Otto Wagner\" class=\"rl-gallery-link\" data-rl_caption=\"Aufnahmeort anzeigen\" data-rel=\"lightbox-gallery-8\"><img loading=\"lazy\" decoding=\"async\" width=\"150\" height=\"150\" src=\"https:\/\/coeser.de\/blog\/wp-content\/uploads\/2018\/04\/otto-wagner-wien-fruehes-schaffen-universitaetsstrasse-12-gal02-christian-oeser-150x150.jpg\" class=\"attachment-thumbnail size-thumbnail\" alt=\"Frontalansicht des Wohn- und Gesch\u00e4ftshauses Universit\u00e4tsstra\u00dfe 12 (Hosentr\u00e4gerhaus) von Otto Wagner\" aria-describedby=\"gallery-8-7744\" \/><\/a>\n\t\t\t<\/div>\n\t\t\t\t<figcaption class='wp-caption-text gallery-caption' id='gallery-8-7744'>\n\t\t\t\tFrontalansicht des Wohn- und Gesch\u00e4ftshauses Universit\u00e4tsstra\u00dfe 12 (Hosentr\u00e4gerhaus) von Otto Wagner\n\t\t\t\t<\/figcaption><\/figure><figure class='gallery-item'>\n\t\t\t<div class='gallery-icon landscape'>\n\t\t\t\t<a href='https:\/\/coeser.de\/blog\/wp-content\/uploads\/2018\/04\/otto-wagner-wien-fruehes-schaffen-universitaetsstrasse-12-gal01-christian-oeser.jpg' title=\"Detailansicht des Wohn- und Gesch\u00e4ftshauses Universit\u00e4tsstra\u00dfe 12 (Hosentr\u00e4gerhaus) von Otto Wagner\" data-rl_title=\"Detailansicht des Wohn- und Gesch\u00e4ftshauses Universit\u00e4tsstra\u00dfe 12 (Hosentr\u00e4gerhaus) von Otto Wagner\" class=\"rl-gallery-link\" data-rl_caption=\"Aufnahmeort anzeigen\" data-rel=\"lightbox-gallery-8\"><img loading=\"lazy\" decoding=\"async\" width=\"150\" height=\"150\" src=\"https:\/\/coeser.de\/blog\/wp-content\/uploads\/2018\/04\/otto-wagner-wien-fruehes-schaffen-universitaetsstrasse-12-gal01-christian-oeser-150x150.jpg\" class=\"attachment-thumbnail size-thumbnail\" alt=\"Detailansicht des Wohn- und Gesch\u00e4ftshauses Universit\u00e4tsstra\u00dfe 12 (Hosentr\u00e4gerhaus) von Otto Wagner\" aria-describedby=\"gallery-8-7743\" \/><\/a>\n\t\t\t<\/div>\n\t\t\t\t<figcaption class='wp-caption-text gallery-caption' id='gallery-8-7743'>\n\t\t\t\tDetailansicht des Wohn- und Gesch\u00e4ftshauses Universit\u00e4tsstra\u00dfe 12 (Hosentr\u00e4gerhaus) von Otto Wagner\n\t\t\t\t<\/figcaption><\/figure><figure class='gallery-item'>\n\t\t\t<div class='gallery-icon portrait'>\n\t\t\t\t<a href='https:\/\/coeser.de\/blog\/wp-content\/uploads\/2018\/04\/otto-wagner-wien-fruehes-schaffen-universitaetsstrasse-12-gal03-christian-oeser.jpg' title=\"Das Eingangsportal Garnisongasse 1 des Wohn- und Gesch\u00e4ftshauses Universit\u00e4tsstra\u00dfe 12 (Hosentr\u00e4gerhaus) von Otto Wagner\" data-rl_title=\"Das Eingangsportal Garnisongasse 1 des Wohn- und Gesch\u00e4ftshauses Universit\u00e4tsstra\u00dfe 12 (Hosentr\u00e4gerhaus) von Otto Wagner\" class=\"rl-gallery-link\" data-rl_caption=\"Aufnahmeort anzeigen\" data-rel=\"lightbox-gallery-8\"><img loading=\"lazy\" decoding=\"async\" width=\"150\" height=\"150\" src=\"https:\/\/coeser.de\/blog\/wp-content\/uploads\/2018\/04\/otto-wagner-wien-fruehes-schaffen-universitaetsstrasse-12-gal03-christian-oeser-150x150.jpg\" class=\"attachment-thumbnail size-thumbnail\" alt=\"Das Eingangsportal Garnisongasse 1 des Wohn- und Gesch\u00e4ftshauses Universit\u00e4tsstra\u00dfe 12 (Hosentr\u00e4gerhaus) von Otto Wagner\" aria-describedby=\"gallery-8-7745\" \/><\/a>\n\t\t\t<\/div>\n\t\t\t\t<figcaption class='wp-caption-text gallery-caption' id='gallery-8-7745'>\n\t\t\t\tDas Eingangsportal Garnisongasse 1 des Wohn- und Gesch\u00e4ftshauses Universit\u00e4tsstra\u00dfe 12 (Hosentr\u00e4gerhaus) von Otto Wagner\n\t\t\t\t<\/figcaption><\/figure><figure class='gallery-item'>\n\t\t\t<div class='gallery-icon portrait'>\n\t\t\t\t<a href='https:\/\/coeser.de\/blog\/wp-content\/uploads\/2018\/04\/otto-wagner-wien-fruehes-schaffen-universitaetsstrasse-12-gal06-christian-oeser..jpg' title=\"Eingangsfoyer des Wohn- und Gesch\u00e4ftshauses Universit\u00e4tsstra\u00dfe 12 (Hosentr\u00e4gerhaus) von Otto Wagner\" data-rl_title=\"Eingangsfoyer des Wohn- und Gesch\u00e4ftshauses Universit\u00e4tsstra\u00dfe 12 (Hosentr\u00e4gerhaus) von Otto Wagner\" class=\"rl-gallery-link\" data-rl_caption=\"Aufnahmeort anzeigen\" data-rel=\"lightbox-gallery-8\"><img loading=\"lazy\" decoding=\"async\" width=\"150\" height=\"150\" src=\"https:\/\/coeser.de\/blog\/wp-content\/uploads\/2018\/04\/otto-wagner-wien-fruehes-schaffen-universitaetsstrasse-12-gal06-christian-oeser.-150x150.jpg\" class=\"attachment-thumbnail size-thumbnail\" alt=\"Eingangsfoyer des Wohn- und Gesch\u00e4ftshauses Universit\u00e4tsstra\u00dfe 12 (Hosentr\u00e4gerhaus) von Otto Wagner\" aria-describedby=\"gallery-8-9736\" \/><\/a>\n\t\t\t<\/div>\n\t\t\t\t<figcaption class='wp-caption-text gallery-caption' id='gallery-8-9736'>\n\t\t\t\tEingangsfoyer des Wohn- und Gesch\u00e4ftshauses Universit\u00e4tsstra\u00dfe 12 (Hosentr\u00e4gerhaus) von Otto Wagner\n\t\t\t\t<\/figcaption><\/figure><figure class='gallery-item'>\n\t\t\t<div class='gallery-icon landscape'>\n\t\t\t\t<a href='https:\/\/coeser.de\/blog\/wp-content\/uploads\/2018\/04\/otto-wagner-wien-fruehes-schaffen-universitaetsstrasse-12-gal07-christian-oeser..jpg' title=\"Innenansicht des Wohn- und Gesch\u00e4ftshauses Universit\u00e4tsstra\u00dfe 12 (Hosentr\u00e4gerhaus) von Otto Wagner\" data-rl_title=\"Innenansicht des Wohn- und Gesch\u00e4ftshauses Universit\u00e4tsstra\u00dfe 12 (Hosentr\u00e4gerhaus) von Otto Wagner\" class=\"rl-gallery-link\" data-rl_caption=\"Aufnahmeort anzeigen\" data-rel=\"lightbox-gallery-8\"><img loading=\"lazy\" decoding=\"async\" width=\"150\" height=\"150\" src=\"https:\/\/coeser.de\/blog\/wp-content\/uploads\/2018\/04\/otto-wagner-wien-fruehes-schaffen-universitaetsstrasse-12-gal07-christian-oeser.-150x150.jpg\" class=\"attachment-thumbnail size-thumbnail\" alt=\"Innenansicht des Wohn- und Gesch\u00e4ftshauses Universit\u00e4tsstra\u00dfe 12 (Hosentr\u00e4gerhaus) von Otto Wagner\" aria-describedby=\"gallery-8-9737\" \/><\/a>\n\t\t\t<\/div>\n\t\t\t\t<figcaption class='wp-caption-text gallery-caption' id='gallery-8-9737'>\n\t\t\t\tInnenansicht des Wohn- und Gesch\u00e4ftshauses Universit\u00e4tsstra\u00dfe 12 (Hosentr\u00e4gerhaus) von Otto Wagner\n\t\t\t\t<\/figcaption><\/figure><figure class='gallery-item'>\n\t\t\t<div class='gallery-icon portrait'>\n\t\t\t\t<a href='https:\/\/coeser.de\/blog\/wp-content\/uploads\/2018\/04\/otto-wagner-wien-fruehes-schaffen-universitaetsstrasse-12-gal04-christian-oeser..jpg' title=\"Aufzug und Stiegenhaus im Wohn- und Gesch\u00e4ftshauses Universit\u00e4tsstra\u00dfe 12 (Hosentr\u00e4gerhaus) von Otto Wagner\" data-rl_title=\"Aufzug und Stiegenhaus im Wohn- und Gesch\u00e4ftshauses Universit\u00e4tsstra\u00dfe 12 (Hosentr\u00e4gerhaus) von Otto Wagner\" class=\"rl-gallery-link\" data-rl_caption=\"Aufnahmeort anzeigen\" data-rel=\"lightbox-gallery-8\"><img loading=\"lazy\" decoding=\"async\" width=\"150\" height=\"150\" src=\"https:\/\/coeser.de\/blog\/wp-content\/uploads\/2018\/04\/otto-wagner-wien-fruehes-schaffen-universitaetsstrasse-12-gal04-christian-oeser.-150x150.jpg\" class=\"attachment-thumbnail size-thumbnail\" alt=\"Aufzug und Stiegenhaus im Wohn- und Gesch\u00e4ftshauses Universit\u00e4tsstra\u00dfe 12 (Hosentr\u00e4gerhaus) von Otto Wagner\" aria-describedby=\"gallery-8-9734\" \/><\/a>\n\t\t\t<\/div>\n\t\t\t\t<figcaption class='wp-caption-text gallery-caption' id='gallery-8-9734'>\n\t\t\t\tAufzug und Stiegenhaus im Wohn- und Gesch\u00e4ftshauses Universit\u00e4tsstra\u00dfe 12 (Hosentr\u00e4gerhaus) von Otto Wagner\n\t\t\t\t<\/figcaption><\/figure><figure class='gallery-item'>\n\t\t\t<div class='gallery-icon landscape'>\n\t\t\t\t<a href='https:\/\/coeser.de\/blog\/wp-content\/uploads\/2018\/04\/otto-wagner-wien-fruehes-schaffen-universitaetsstrasse-12-gal05-christian-oeser..jpg' title=\"Spiegelung des Stiegenhauses im Wohn- und Gesch\u00e4ftshauses Universit\u00e4tsstra\u00dfe 12 (Hosentr\u00e4gerhaus) von Otto Wagner\" data-rl_title=\"Spiegelung des Stiegenhauses im Wohn- und Gesch\u00e4ftshauses Universit\u00e4tsstra\u00dfe 12 (Hosentr\u00e4gerhaus) von Otto Wagner\" class=\"rl-gallery-link\" data-rl_caption=\"Aufnahmeort anzeigen\" data-rel=\"lightbox-gallery-8\"><img loading=\"lazy\" decoding=\"async\" width=\"150\" height=\"150\" src=\"https:\/\/coeser.de\/blog\/wp-content\/uploads\/2018\/04\/otto-wagner-wien-fruehes-schaffen-universitaetsstrasse-12-gal05-christian-oeser.-150x150.jpg\" class=\"attachment-thumbnail size-thumbnail\" alt=\"Spiegelung des Stiegenhauses im Wohn- und Gesch\u00e4ftshauses Universit\u00e4tsstra\u00dfe 12 (Hosentr\u00e4gerhaus) von Otto Wagner\" aria-describedby=\"gallery-8-9735\" \/><\/a>\n\t\t\t<\/div>\n\t\t\t\t<figcaption class='wp-caption-text gallery-caption' id='gallery-8-9735'>\n\t\t\t\tSpiegelung des Stiegenhauses im Wohn- und Gesch\u00e4ftshauses Universit\u00e4tsstra\u00dfe 12 (Hosentr\u00e4gerhaus) von Otto Wagner\n\t\t\t\t<\/figcaption><\/figure>\n\t\t<\/div>\n\n<\/div>\n<hr \/>\n<div class=\"fakten\">\n<h2><img loading=\"lazy\" decoding=\"async\" class=\"alignnone size-full wp-image-7725\" src=\"https:\/\/coeser.de\/blog\/wp-content\/uploads\/2018\/04\/otto-wagner-wien-fruehes-schaffen-palais-hoyos-christian-oeser.jpg\" alt=\"Palais Hoyos von Otto Wagner\" width=\"920\" height=\"613\" srcset=\"https:\/\/coeser.de\/blog\/wp-content\/uploads\/2018\/04\/otto-wagner-wien-fruehes-schaffen-palais-hoyos-christian-oeser.jpg 920w, https:\/\/coeser.de\/blog\/wp-content\/uploads\/2018\/04\/otto-wagner-wien-fruehes-schaffen-palais-hoyos-christian-oeser-300x200.jpg 300w, https:\/\/coeser.de\/blog\/wp-content\/uploads\/2018\/04\/otto-wagner-wien-fruehes-schaffen-palais-hoyos-christian-oeser-768x512.jpg 768w, https:\/\/coeser.de\/blog\/wp-content\/uploads\/2018\/04\/otto-wagner-wien-fruehes-schaffen-palais-hoyos-christian-oeser-330x220.jpg 330w\" sizes=\"auto, (max-width: 920px) 100vw, 920px\" \/><\/h2>\n<h2>Palais Hoyos<\/h2>\n<p><strong>Baujahr:<\/strong> 1889-1890<br \/>\n<strong>Adresse:<\/strong> Rennweg 3, 1030 Wien<br \/>\n<strong>Geschichte:<\/strong> In unmittelbarer N\u00e4he zum Belvedere erwarb Wagner ein Grundst\u00fcck, auf dem er drei angrenzende Geb\u00e4ude errichtete. W\u00e4hrend die \u00e4u\u00dferen als unspektakul\u00e4re Mietsh\u00e4user angedacht waren, sollte das mittlere ein Stadtpalais f\u00fcr seine Familie werden. Lange wohnte er allerdings nicht in diesem Haus: 1894 verkaufte der Architekt das Palais an Graf Hoyos und \u00fcbersiedelte in seine Villa in H\u00fctteldorf (siehe mein <strong><a href=\"https:\/\/coeser.de\/blog\/index.php\/2018\/04\/10\/otto-wagners-wien-erbe-eines-visionaers\/\" target=\"_blank\" rel=\"noopener noreferrer\">erster Artikel<\/a><\/strong>). Der Architekt verzichtete bei der Ausgestaltung der Fassade weitgehend auf historistische Stile. Die verspielte und detaillierte Reliefornamentik gilt als Vorzeichen auf die noch folgenden Jugendstilfassaden der Jahrhundertwende. Heute ist im Palais Hoyos die Botschaft der Republik Kroatien untergebracht.<\/p>\n<div id='gallery-9' class='gallery galleryid-7704 gallery-columns-7 gallery-size-thumbnail'><figure class='gallery-item'>\n\t\t\t<div class='gallery-icon landscape'>\n\t\t\t\t<a href='https:\/\/coeser.de\/blog\/wp-content\/uploads\/2018\/04\/otto-wagner-wien-fruehes-schaffen-palais-hoyos-gal01-christian-oeser.jpg' title=\"Detailansicht des Palais Hoyos von Otto Wagner\" data-rl_title=\"Detailansicht des Palais Hoyos von Otto Wagner\" class=\"rl-gallery-link\" data-rl_caption=\"Aufnahmeort anzeigen\" data-rel=\"lightbox-gallery-9\"><img loading=\"lazy\" decoding=\"async\" width=\"150\" height=\"150\" src=\"https:\/\/coeser.de\/blog\/wp-content\/uploads\/2018\/04\/otto-wagner-wien-fruehes-schaffen-palais-hoyos-gal01-christian-oeser-150x150.jpg\" class=\"attachment-thumbnail size-thumbnail\" alt=\"Detailansicht des Palais Hoyos von Otto Wagner\" aria-describedby=\"gallery-9-7746\" \/><\/a>\n\t\t\t<\/div>\n\t\t\t\t<figcaption class='wp-caption-text gallery-caption' id='gallery-9-7746'>\n\t\t\t\tDetailansicht des Palais Hoyos von Otto Wagner\n\t\t\t\t<\/figcaption><\/figure><figure class='gallery-item'>\n\t\t\t<div class='gallery-icon landscape'>\n\t\t\t\t<a href='https:\/\/coeser.de\/blog\/wp-content\/uploads\/2018\/04\/otto-wagner-wien-fruehes-schaffen-palais-hoyos-gal02-christian-oeser.jpg' title=\"Detailansicht des Palais Hoyos von Otto Wagner\" data-rl_title=\"Detailansicht des Palais Hoyos von Otto Wagner\" class=\"rl-gallery-link\" data-rl_caption=\"Aufnahmeort anzeigen\" data-rel=\"lightbox-gallery-9\"><img loading=\"lazy\" decoding=\"async\" width=\"150\" height=\"150\" src=\"https:\/\/coeser.de\/blog\/wp-content\/uploads\/2018\/04\/otto-wagner-wien-fruehes-schaffen-palais-hoyos-gal02-christian-oeser-150x150.jpg\" class=\"attachment-thumbnail size-thumbnail\" alt=\"Detailansicht des Palais Hoyos von Otto Wagner\" aria-describedby=\"gallery-9-7747\" \/><\/a>\n\t\t\t<\/div>\n\t\t\t\t<figcaption class='wp-caption-text gallery-caption' id='gallery-9-7747'>\n\t\t\t\tDetailansicht des Palais Hoyos von Otto Wagner\n\t\t\t\t<\/figcaption><\/figure>\n\t\t<\/div>\n\n<\/div>\n<hr \/>\n<div class=\"fakten\">\n<h2><img loading=\"lazy\" decoding=\"async\" class=\"alignnone size-full wp-image-7726\" src=\"https:\/\/coeser.de\/blog\/wp-content\/uploads\/2018\/04\/otto-wagner-wien-fruehes-schaffen-ankerhaus-christian-oeser.jpg\" alt=\"Ankerhaus von Otto Wagner\" width=\"920\" height=\"613\" srcset=\"https:\/\/coeser.de\/blog\/wp-content\/uploads\/2018\/04\/otto-wagner-wien-fruehes-schaffen-ankerhaus-christian-oeser.jpg 920w, https:\/\/coeser.de\/blog\/wp-content\/uploads\/2018\/04\/otto-wagner-wien-fruehes-schaffen-ankerhaus-christian-oeser-300x200.jpg 300w, https:\/\/coeser.de\/blog\/wp-content\/uploads\/2018\/04\/otto-wagner-wien-fruehes-schaffen-ankerhaus-christian-oeser-768x512.jpg 768w, https:\/\/coeser.de\/blog\/wp-content\/uploads\/2018\/04\/otto-wagner-wien-fruehes-schaffen-ankerhaus-christian-oeser-330x220.jpg 330w\" sizes=\"auto, (max-width: 920px) 100vw, 920px\" \/><\/h2>\n<h2>Ankerhaus<\/h2>\n<p><strong>Baujahr:<\/strong> 1894-1895<br \/>\n<strong>Adresse:<\/strong> Graben 10 \/ Spiegelgasse 2, 1010 Wien<br \/>\n<strong>Geschichte:<\/strong> Im Auftrag der Lebens- und Rentenversicherung &#8222;Der Anker&#8220; errichtete Otto Wagner ein Wohn- und Gesch\u00e4ftshaus in prominenter Lage am Wiener Graben unweit des Stephansdoms. Durch die L\u00e4nge des Grundst\u00fccks plante der Architekt urspr\u00fcnglich zwei H\u00e4user, diese Idee verwarf er aber und entschied sich schlie\u00dflich f\u00fcr ein einzelnes Geb\u00e4ude. Die auff\u00e4lligsten Merkmale des schmalen Hauses sind einerseits die Schaufensteretage mit den offen gezeigten Eisentraversen \u2013 ein ungew\u00f6hnliches Stilmittel f\u00fcr die damalige Zeit \u2013 und das gl\u00e4serne Atelier auf dem Dach, in dem ab 1971 der K\u00fcnstler Friedensreich Hundertwasser werkte. Mit dem Atelier setzte Wagner einen funktionalen Aufsatz auf das Geb\u00e4ude, im Gegensatz dazu sind die Kuppeln und Aufs\u00e4tze der umliegenden Objekte rein repr\u00e4sentativ.<\/p>\n<div id='gallery-10' class='gallery galleryid-7704 gallery-columns-7 gallery-size-thumbnail'><figure class='gallery-item'>\n\t\t\t<div class='gallery-icon landscape'>\n\t\t\t\t<a href='https:\/\/coeser.de\/blog\/wp-content\/uploads\/2018\/04\/otto-wagner-wien-fruehes-schaffen-ankerhaus-gal06-christian-oeser.jpg' title=\"Eingangsfoyer des Ankerhauses von Otto Wagner in Wien\" data-rl_title=\"Eingangsfoyer des Ankerhauses von Otto Wagner in Wien\" class=\"rl-gallery-link\" data-rl_caption=\"Aufnahmeort anzeigen\" data-rel=\"lightbox-gallery-10\"><img loading=\"lazy\" decoding=\"async\" width=\"150\" height=\"150\" src=\"https:\/\/coeser.de\/blog\/wp-content\/uploads\/2018\/04\/otto-wagner-wien-fruehes-schaffen-ankerhaus-gal06-christian-oeser-150x150.jpg\" class=\"attachment-thumbnail size-thumbnail\" alt=\"Eingangsfoyer des Ankerhauses von Otto Wagner in Wien\" aria-describedby=\"gallery-10-9731\" \/><\/a>\n\t\t\t<\/div>\n\t\t\t\t<figcaption class='wp-caption-text gallery-caption' id='gallery-10-9731'>\n\t\t\t\tEingangsfoyer des Ankerhauses von Otto Wagner in Wien\n\t\t\t\t<\/figcaption><\/figure><figure class='gallery-item'>\n\t\t\t<div class='gallery-icon portrait'>\n\t\t\t\t<a href='https:\/\/coeser.de\/blog\/wp-content\/uploads\/2018\/04\/otto-wagner-wien-fruehes-schaffen-ankerhaus-gal07-christian-oeser.jpg' title=\"Gang im Ankerhaus von Otto Wagner in Wien\" data-rl_title=\"Gang im Ankerhaus von Otto Wagner in Wien\" class=\"rl-gallery-link\" data-rl_caption=\"Aufnahmeort anzeigen\" data-rel=\"lightbox-gallery-10\"><img loading=\"lazy\" decoding=\"async\" width=\"150\" height=\"150\" src=\"https:\/\/coeser.de\/blog\/wp-content\/uploads\/2018\/04\/otto-wagner-wien-fruehes-schaffen-ankerhaus-gal07-christian-oeser-150x150.jpg\" class=\"attachment-thumbnail size-thumbnail\" alt=\"Gang im Ankerhaus von Otto Wagner in Wien\" aria-describedby=\"gallery-10-9732\" \/><\/a>\n\t\t\t<\/div>\n\t\t\t\t<figcaption class='wp-caption-text gallery-caption' id='gallery-10-9732'>\n\t\t\t\tGang im Ankerhaus von Otto Wagner in Wien\n\t\t\t\t<\/figcaption><\/figure><figure class='gallery-item'>\n\t\t\t<div class='gallery-icon landscape'>\n\t\t\t\t<a href='https:\/\/coeser.de\/blog\/wp-content\/uploads\/2018\/04\/otto-wagner-wien-fruehes-schaffen-ankerhaus-gal03-christian-oeser.jpg' title=\"Wanddetail im Ankerhaus von Otto Wagner in Wien\" data-rl_title=\"Wanddetail im Ankerhaus von Otto Wagner in Wien\" class=\"rl-gallery-link\" data-rl_caption=\"Aufnahmeort anzeigen\" data-rel=\"lightbox-gallery-10\"><img loading=\"lazy\" decoding=\"async\" width=\"150\" height=\"150\" src=\"https:\/\/coeser.de\/blog\/wp-content\/uploads\/2018\/04\/otto-wagner-wien-fruehes-schaffen-ankerhaus-gal03-christian-oeser-150x150.jpg\" class=\"attachment-thumbnail size-thumbnail\" alt=\"Wanddetail im Ankerhaus von Otto Wagner in Wien\" aria-describedby=\"gallery-10-9728\" \/><\/a>\n\t\t\t<\/div>\n\t\t\t\t<figcaption class='wp-caption-text gallery-caption' id='gallery-10-9728'>\n\t\t\t\tWanddetail im Ankerhaus von Otto Wagner in Wien\n\t\t\t\t<\/figcaption><\/figure><figure class='gallery-item'>\n\t\t\t<div class='gallery-icon landscape'>\n\t\t\t\t<a href='https:\/\/coeser.de\/blog\/wp-content\/uploads\/2018\/04\/otto-wagner-wien-fruehes-schaffen-ankerhaus-gal02-christian-oeser.jpg' title=\"Aufzug und Stiegenhaus im Ankerhaus von Otto Wagner in Wien\" data-rl_title=\"Aufzug und Stiegenhaus im Ankerhaus von Otto Wagner in Wien\" class=\"rl-gallery-link\" data-rl_caption=\"Aufnahmeort anzeigen\" data-rel=\"lightbox-gallery-10\"><img loading=\"lazy\" decoding=\"async\" width=\"150\" height=\"150\" src=\"https:\/\/coeser.de\/blog\/wp-content\/uploads\/2018\/04\/otto-wagner-wien-fruehes-schaffen-ankerhaus-gal02-christian-oeser-150x150.jpg\" class=\"attachment-thumbnail size-thumbnail\" alt=\"Aufzug und Stiegenhaus im Ankerhaus von Otto Wagner in Wien\" aria-describedby=\"gallery-10-9727\" \/><\/a>\n\t\t\t<\/div>\n\t\t\t\t<figcaption class='wp-caption-text gallery-caption' id='gallery-10-9727'>\n\t\t\t\tAufzug und Stiegenhaus im Ankerhaus von Otto Wagner in Wien\n\t\t\t\t<\/figcaption><\/figure><figure class='gallery-item'>\n\t\t\t<div class='gallery-icon landscape'>\n\t\t\t\t<a href='https:\/\/coeser.de\/blog\/wp-content\/uploads\/2018\/04\/otto-wagner-wien-fruehes-schaffen-ankerhaus-gal01-christian-oeser.jpg' title=\"Aufzug im Ankerhaus von Otto Wagner in Wien\" data-rl_title=\"Aufzug im Ankerhaus von Otto Wagner in Wien\" class=\"rl-gallery-link\" data-rl_caption=\"Aufnahmeort anzeigen\" data-rel=\"lightbox-gallery-10\"><img loading=\"lazy\" decoding=\"async\" width=\"150\" height=\"150\" src=\"https:\/\/coeser.de\/blog\/wp-content\/uploads\/2018\/04\/otto-wagner-wien-fruehes-schaffen-ankerhaus-gal01-christian-oeser-150x150.jpg\" class=\"attachment-thumbnail size-thumbnail\" alt=\"Aufzug im Ankerhaus von Otto Wagner in Wien\" aria-describedby=\"gallery-10-9726\" \/><\/a>\n\t\t\t<\/div>\n\t\t\t\t<figcaption class='wp-caption-text gallery-caption' id='gallery-10-9726'>\n\t\t\t\tAufzug im Ankerhaus von Otto Wagner in Wien\n\t\t\t\t<\/figcaption><\/figure><figure class='gallery-item'>\n\t\t\t<div class='gallery-icon landscape'>\n\t\t\t\t<a href='https:\/\/coeser.de\/blog\/wp-content\/uploads\/2018\/04\/otto-wagner-wien-fruehes-schaffen-ankerhaus-gal04-christian-oeser.jpg' title=\"Aufzug im Ankerhaus von Otto Wagner in Wien\" data-rl_title=\"Aufzug im Ankerhaus von Otto Wagner in Wien\" class=\"rl-gallery-link\" data-rl_caption=\"Aufnahmeort anzeigen\" data-rel=\"lightbox-gallery-10\"><img loading=\"lazy\" decoding=\"async\" width=\"150\" height=\"150\" src=\"https:\/\/coeser.de\/blog\/wp-content\/uploads\/2018\/04\/otto-wagner-wien-fruehes-schaffen-ankerhaus-gal04-christian-oeser-150x150.jpg\" class=\"attachment-thumbnail size-thumbnail\" alt=\"Aufzug im Ankerhaus von Otto Wagner in Wien\" aria-describedby=\"gallery-10-9729\" \/><\/a>\n\t\t\t<\/div>\n\t\t\t\t<figcaption class='wp-caption-text gallery-caption' id='gallery-10-9729'>\n\t\t\t\tAufzug im Ankerhaus von Otto Wagner in Wien\n\t\t\t\t<\/figcaption><\/figure><figure class='gallery-item'>\n\t\t\t<div class='gallery-icon landscape'>\n\t\t\t\t<a href='https:\/\/coeser.de\/blog\/wp-content\/uploads\/2018\/04\/otto-wagner-wien-fruehes-schaffen-ankerhaus-gal05-christian-oeser.jpg' title=\"Bodenmuster im Ankerhaus von Otto Wagner in Wien\" data-rl_title=\"Bodenmuster im Ankerhaus von Otto Wagner in Wien\" class=\"rl-gallery-link\" data-rl_caption=\"Aufnahmeort anzeigen\" data-rel=\"lightbox-gallery-10\"><img loading=\"lazy\" decoding=\"async\" width=\"150\" height=\"150\" src=\"https:\/\/coeser.de\/blog\/wp-content\/uploads\/2018\/04\/otto-wagner-wien-fruehes-schaffen-ankerhaus-gal05-christian-oeser-150x150.jpg\" class=\"attachment-thumbnail size-thumbnail\" alt=\"Bodenmuster im Ankerhaus von Otto Wagner in Wien\" aria-describedby=\"gallery-10-9730\" \/><\/a>\n\t\t\t<\/div>\n\t\t\t\t<figcaption class='wp-caption-text gallery-caption' id='gallery-10-9730'>\n\t\t\t\tBodenmuster im Ankerhaus von Otto Wagner in Wien\n\t\t\t\t<\/figcaption><\/figure>\n\t\t<\/div>\n\n<\/div>\n<hr \/>\n<div class=\"fakten\">\n<h2><img loading=\"lazy\" decoding=\"async\" class=\"alignnone size-full wp-image-7727\" src=\"https:\/\/coeser.de\/blog\/wp-content\/uploads\/2018\/04\/otto-wagner-wien-fruehes-schaffen-johanneskapelle-christian-oeser.jpg\" alt=\"Johanneskapelle von Otto Wagner\" width=\"920\" height=\"613\" srcset=\"https:\/\/coeser.de\/blog\/wp-content\/uploads\/2018\/04\/otto-wagner-wien-fruehes-schaffen-johanneskapelle-christian-oeser.jpg 920w, https:\/\/coeser.de\/blog\/wp-content\/uploads\/2018\/04\/otto-wagner-wien-fruehes-schaffen-johanneskapelle-christian-oeser-300x200.jpg 300w, https:\/\/coeser.de\/blog\/wp-content\/uploads\/2018\/04\/otto-wagner-wien-fruehes-schaffen-johanneskapelle-christian-oeser-768x512.jpg 768w, https:\/\/coeser.de\/blog\/wp-content\/uploads\/2018\/04\/otto-wagner-wien-fruehes-schaffen-johanneskapelle-christian-oeser-330x220.jpg 330w\" sizes=\"auto, (max-width: 920px) 100vw, 920px\" \/><\/h2>\n<h2>Johanneskapelle<\/h2>\n<p><strong>Baujahr:<\/strong> 1895<br \/>\n<strong>Adresse:<\/strong> W\u00e4hringer G\u00fcrtel 88, 1090 Wien<br \/>\n<strong>Geschichte:<\/strong> Gleichzeitig mit dem Bau der Stadtbahn entlang des G\u00fcrtels plante Wagner auch die heutige St.-Johannes-Nepomuk-Kapelle unweit der Station W\u00e4hringer Stra\u00dfe. Das Sakralgeb\u00e4ude ist der zweite Kirchenbau des Architekten, der erste steht mit der sehenswerten Rumbach Synagoge in Budapest (Fotos siehe mein Artikel <a href=\"https:\/\/coeser.de\/blog\/index.php\/2016\/09\/14\/hitzige-tage-in-budapest\/\" target=\"_blank\" rel=\"noopener noreferrer\"><strong>Hitzige Tage in Budapest<\/strong><\/a>). Die in sezessionistischem Stil errichtete Kapelle gilt als Vorbild f\u00fcr die zehn Jahre danach im Jugendstil erbaute Kirche am Steinhof (siehe mein <strong><a href=\"https:\/\/coeser.de\/blog\/index.php\/2018\/04\/10\/otto-wagners-wien-erbe-eines-visionaers\/\" target=\"_blank\" rel=\"noopener noreferrer\">erster Artikel<\/a><\/strong>).<\/p>\n<div id='gallery-11' class='gallery galleryid-7704 gallery-columns-7 gallery-size-thumbnail'><figure class='gallery-item'>\n\t\t\t<div class='gallery-icon landscape'>\n\t\t\t\t<a href='https:\/\/coeser.de\/blog\/wp-content\/uploads\/2018\/04\/otto-wagner-wien-fruehes-schaffen-johanneskapelle-gal01-christian-oeser.jpg' title=\"Au\u00dfenansicht der Johanneskappelle am W\u00e4hringer G\u00fcrtel von Otto Wagner\" data-rl_title=\"Au\u00dfenansicht der Johanneskappelle am W\u00e4hringer G\u00fcrtel von Otto Wagner\" class=\"rl-gallery-link\" data-rl_caption=\"Aufnahmeort anzeigen\" data-rel=\"lightbox-gallery-11\"><img loading=\"lazy\" decoding=\"async\" width=\"150\" height=\"150\" src=\"https:\/\/coeser.de\/blog\/wp-content\/uploads\/2018\/04\/otto-wagner-wien-fruehes-schaffen-johanneskapelle-gal01-christian-oeser-150x150.jpg\" class=\"attachment-thumbnail size-thumbnail\" alt=\"Au\u00dfenansicht der Johanneskappelle am W\u00e4hringer G\u00fcrtel von Otto Wagner\" aria-describedby=\"gallery-11-7748\" \/><\/a>\n\t\t\t<\/div>\n\t\t\t\t<figcaption class='wp-caption-text gallery-caption' id='gallery-11-7748'>\n\t\t\t\tAu\u00dfenansicht der Johanneskappelle am W\u00e4hringer G\u00fcrtel von Otto Wagner\n\t\t\t\t<\/figcaption><\/figure><figure class='gallery-item'>\n\t\t\t<div class='gallery-icon landscape'>\n\t\t\t\t<a href='https:\/\/coeser.de\/blog\/wp-content\/uploads\/2018\/04\/otto-wagner-wien-fruehes-schaffen-johanneskapelle-gal02-christian-oeser.jpg' title=\"Au\u00dfenansicht der Johanneskappelle am W\u00e4hringer G\u00fcrtel von Otto Wagner\" data-rl_title=\"Au\u00dfenansicht der Johanneskappelle am W\u00e4hringer G\u00fcrtel von Otto Wagner\" class=\"rl-gallery-link\" data-rl_caption=\"Aufnahmeort anzeigen\" data-rel=\"lightbox-gallery-11\"><img loading=\"lazy\" decoding=\"async\" width=\"150\" height=\"150\" src=\"https:\/\/coeser.de\/blog\/wp-content\/uploads\/2018\/04\/otto-wagner-wien-fruehes-schaffen-johanneskapelle-gal02-christian-oeser-150x150.jpg\" class=\"attachment-thumbnail size-thumbnail\" alt=\"Au\u00dfenansicht der Johanneskappelle am W\u00e4hringer G\u00fcrtel von Otto Wagner\" aria-describedby=\"gallery-11-7749\" \/><\/a>\n\t\t\t<\/div>\n\t\t\t\t<figcaption class='wp-caption-text gallery-caption' id='gallery-11-7749'>\n\t\t\t\tAu\u00dfenansicht der Johanneskappelle am W\u00e4hringer G\u00fcrtel von Otto Wagner\n\t\t\t\t<\/figcaption><\/figure>\n\t\t<\/div>\n\n<\/div>\n<hr \/>\n<div class=\"fakten\">\n<h2><img loading=\"lazy\" decoding=\"async\" class=\"alignnone size-full wp-image-7728\" src=\"https:\/\/coeser.de\/blog\/wp-content\/uploads\/2018\/04\/otto-wagner-wien-fruehes-schaffen-neustiftgasse-doeblergasse-christian-oeser.jpg\" alt=\"Mietsh\u00e4user Neustiftgasse 40 \/ D\u00f6blergasse 2-4 von Otto Wagner\" width=\"920\" height=\"613\" srcset=\"https:\/\/coeser.de\/blog\/wp-content\/uploads\/2018\/04\/otto-wagner-wien-fruehes-schaffen-neustiftgasse-doeblergasse-christian-oeser.jpg 920w, https:\/\/coeser.de\/blog\/wp-content\/uploads\/2018\/04\/otto-wagner-wien-fruehes-schaffen-neustiftgasse-doeblergasse-christian-oeser-300x200.jpg 300w, https:\/\/coeser.de\/blog\/wp-content\/uploads\/2018\/04\/otto-wagner-wien-fruehes-schaffen-neustiftgasse-doeblergasse-christian-oeser-768x512.jpg 768w, https:\/\/coeser.de\/blog\/wp-content\/uploads\/2018\/04\/otto-wagner-wien-fruehes-schaffen-neustiftgasse-doeblergasse-christian-oeser-330x220.jpg 330w\" sizes=\"auto, (max-width: 920px) 100vw, 920px\" \/><\/h2>\n<h2>Mietsh\u00e4user Neustiftgasse \/ D\u00f6blergasse<\/h2>\n<p><strong>Baujahr:<\/strong> 1909-1912<br \/>\n<strong>Adresse:<\/strong> Neustiftgasse 40 \/ D\u00f6blergasse 2-4, 1070 Wien<br \/>\n<strong>Geschichte:<\/strong> In Eigenfinanzierung errichtete Wagner an der Ecke Neustiftgasse 40 und D\u00f6blergasse 2 ein Mietshaus. W\u00e4hrend der Architekt an der Eckfassade zur Neustiftgasse schwarze Glaseinlagen f\u00fcr eine optische Hervorhebung nutzte und unter dem Gesims zus\u00e4tzlich den Schriftzug &#8222;Neustiftgasse 40&#8220; anbrachte, ist die Fassade an der D\u00f6blergasse n\u00fcchtern mit einem schmalen Zierband versehen. Das Innenleben des Hauses konnte ich dank eines \u00e4u\u00dferst netten Bewohners ebenfalls ansehen und ablichten. Die Treppe am Eingang ist an den Seiten mit eleganten schwarzen Glasplatten verkleidet. In den hellen G\u00e4ngen und im Stiegenhaus wiederholt sich das au\u00dfen verwendete schmale Zierbandmuster, auf dem Boden sticht ein Linienmuster hervor. Zwei Jahre sp\u00e4ter baute Wagner an der Nachbaradresse D\u00f6blergasse 4 ein optisch fast gleiches Geb\u00e4ude, in dem er im ersten Stock bis zu seinem Tod 1918 eine 250 m\u00b2 gro\u00dfe Wohnung bezog.<\/p>\n<div id='gallery-12' class='gallery galleryid-7704 gallery-columns-7 gallery-size-thumbnail'><figure class='gallery-item'>\n\t\t\t<div class='gallery-icon landscape'>\n\t\t\t\t<a href='https:\/\/coeser.de\/blog\/wp-content\/uploads\/2018\/04\/otto-wagner-wien-fruehes-schaffen-neustiftgasse-doeblergasse-gal01-christian-oeser.jpg' title=\"Treppe am Eingang des Mietshauses Neustiftgasse 40 \/ D\u00f6blergasse 2\" data-rl_title=\"Treppe am Eingang des Mietshauses Neustiftgasse 40 \/ D\u00f6blergasse 2\" class=\"rl-gallery-link\" data-rl_caption=\"Aufnahmeort anzeigen\" data-rel=\"lightbox-gallery-12\"><img loading=\"lazy\" decoding=\"async\" width=\"150\" height=\"150\" src=\"https:\/\/coeser.de\/blog\/wp-content\/uploads\/2018\/04\/otto-wagner-wien-fruehes-schaffen-neustiftgasse-doeblergasse-gal01-christian-oeser-150x150.jpg\" class=\"attachment-thumbnail size-thumbnail\" alt=\"Treppe am Eingang des Mietshauses Neustiftgasse 40 \/ D\u00f6blergasse 2\" aria-describedby=\"gallery-12-7750\" \/><\/a>\n\t\t\t<\/div>\n\t\t\t\t<figcaption class='wp-caption-text gallery-caption' id='gallery-12-7750'>\n\t\t\t\tTreppe am Eingang des Mietshauses Neustiftgasse 40 \/ D\u00f6blergasse 2\n\t\t\t\t<\/figcaption><\/figure><figure class='gallery-item'>\n\t\t\t<div class='gallery-icon portrait'>\n\t\t\t\t<a href='https:\/\/coeser.de\/blog\/wp-content\/uploads\/2018\/04\/otto-wagner-wien-fruehes-schaffen-neustiftgasse-doeblergasse-gal02-christian-oeser.jpg' title=\"Treppe am Eingang des Mietshauses Neustiftgasse 40 \/ D\u00f6blergasse 2\" data-rl_title=\"Treppe am Eingang des Mietshauses Neustiftgasse 40 \/ D\u00f6blergasse 2\" class=\"rl-gallery-link\" data-rl_caption=\"Aufnahmeort anzeigen\" data-rel=\"lightbox-gallery-12\"><img loading=\"lazy\" decoding=\"async\" width=\"150\" height=\"150\" src=\"https:\/\/coeser.de\/blog\/wp-content\/uploads\/2018\/04\/otto-wagner-wien-fruehes-schaffen-neustiftgasse-doeblergasse-gal02-christian-oeser-150x150.jpg\" class=\"attachment-thumbnail size-thumbnail\" alt=\"Treppe am Eingang des Mietshauses Neustiftgasse 40 \/ D\u00f6blergasse 2\" aria-describedby=\"gallery-12-7751\" \/><\/a>\n\t\t\t<\/div>\n\t\t\t\t<figcaption class='wp-caption-text gallery-caption' id='gallery-12-7751'>\n\t\t\t\tTreppe am Eingang des Mietshauses Neustiftgasse 40 \/ D\u00f6blergasse 2\n\t\t\t\t<\/figcaption><\/figure><figure class='gallery-item'>\n\t\t\t<div class='gallery-icon landscape'>\n\t\t\t\t<a href='https:\/\/coeser.de\/blog\/wp-content\/uploads\/2018\/04\/otto-wagner-wien-fruehes-schaffen-neustiftgasse-doeblergasse-gal04-christian-oeser.jpg' title=\"Stiegenhaus des Mietshauses Neustiftgasse 40 \/ D\u00f6blergasse 2\" data-rl_title=\"Stiegenhaus des Mietshauses Neustiftgasse 40 \/ D\u00f6blergasse 2\" class=\"rl-gallery-link\" data-rl_caption=\"Aufnahmeort anzeigen\" data-rel=\"lightbox-gallery-12\"><img loading=\"lazy\" decoding=\"async\" width=\"150\" height=\"150\" src=\"https:\/\/coeser.de\/blog\/wp-content\/uploads\/2018\/04\/otto-wagner-wien-fruehes-schaffen-neustiftgasse-doeblergasse-gal04-christian-oeser-150x150.jpg\" class=\"attachment-thumbnail size-thumbnail\" alt=\"Stiegenhaus des Mietshauses Neustiftgasse 40 \/ D\u00f6blergasse 2\" aria-describedby=\"gallery-12-7753\" \/><\/a>\n\t\t\t<\/div>\n\t\t\t\t<figcaption class='wp-caption-text gallery-caption' id='gallery-12-7753'>\n\t\t\t\tStiegenhaus des Mietshauses Neustiftgasse 40 \/ D\u00f6blergasse 2\n\t\t\t\t<\/figcaption><\/figure><figure class='gallery-item'>\n\t\t\t<div class='gallery-icon portrait'>\n\t\t\t\t<a href='https:\/\/coeser.de\/blog\/wp-content\/uploads\/2018\/04\/otto-wagner-wien-fruehes-schaffen-neustiftgasse-doeblergasse-gal03-christian-oeser.jpg' title=\"2. Stockwerk des Mietshauses Neustiftgasse 40 \/ D\u00f6blergasse 2\" data-rl_title=\"2. Stockwerk des Mietshauses Neustiftgasse 40 \/ D\u00f6blergasse 2\" class=\"rl-gallery-link\" data-rl_caption=\"Aufnahmeort anzeigen\" data-rel=\"lightbox-gallery-12\"><img loading=\"lazy\" decoding=\"async\" width=\"150\" height=\"150\" src=\"https:\/\/coeser.de\/blog\/wp-content\/uploads\/2018\/04\/otto-wagner-wien-fruehes-schaffen-neustiftgasse-doeblergasse-gal03-christian-oeser-150x150.jpg\" class=\"attachment-thumbnail size-thumbnail\" alt=\"2. Stockwerk des Mietshauses Neustiftgasse 40 \/ D\u00f6blergasse 2\" aria-describedby=\"gallery-12-7752\" \/><\/a>\n\t\t\t<\/div>\n\t\t\t\t<figcaption class='wp-caption-text gallery-caption' id='gallery-12-7752'>\n\t\t\t\t2. Stockwerk des Mietshauses Neustiftgasse 40 \/ D\u00f6blergasse 2\n\t\t\t\t<\/figcaption><\/figure><figure class='gallery-item'>\n\t\t\t<div class='gallery-icon landscape'>\n\t\t\t\t<a href='https:\/\/coeser.de\/blog\/wp-content\/uploads\/2018\/04\/otto-wagner-wien-fruehes-schaffen-neustiftgasse-doeblergasse-gal05-christian-oeser.jpg' title=\"Innenhof des Mietshauses Neustiftgasse 40 \/ D\u00f6blergasse 2\" data-rl_title=\"Innenhof des Mietshauses Neustiftgasse 40 \/ D\u00f6blergasse 2\" class=\"rl-gallery-link\" data-rl_caption=\"Aufnahmeort anzeigen\" data-rel=\"lightbox-gallery-12\"><img loading=\"lazy\" decoding=\"async\" width=\"150\" height=\"150\" src=\"https:\/\/coeser.de\/blog\/wp-content\/uploads\/2018\/04\/otto-wagner-wien-fruehes-schaffen-neustiftgasse-doeblergasse-gal05-christian-oeser-150x150.jpg\" class=\"attachment-thumbnail size-thumbnail\" alt=\"Innenhof des Mietshauses Neustiftgasse 40 \/ D\u00f6blergasse 2\" aria-describedby=\"gallery-12-7754\" \/><\/a>\n\t\t\t<\/div>\n\t\t\t\t<figcaption class='wp-caption-text gallery-caption' id='gallery-12-7754'>\n\t\t\t\tInnenhof des Mietshauses Neustiftgasse 40 \/ D\u00f6blergasse 2\n\t\t\t\t<\/figcaption><\/figure><figure class='gallery-item'>\n\t\t\t<div class='gallery-icon landscape'>\n\t\t\t\t<a href='https:\/\/coeser.de\/blog\/wp-content\/uploads\/2018\/04\/otto-wagner-wien-fruehes-schaffen-neustiftgasse-doeblergasse-gal07-christian-oeser.jpg' title=\"Au\u00dfenansicht des Mietshauses D\u00f6blergasse 4\" data-rl_title=\"Au\u00dfenansicht des Mietshauses D\u00f6blergasse 4\" class=\"rl-gallery-link\" data-rl_caption=\"Aufnahmeort anzeigen\" data-rel=\"lightbox-gallery-12\"><img loading=\"lazy\" decoding=\"async\" width=\"150\" height=\"150\" src=\"https:\/\/coeser.de\/blog\/wp-content\/uploads\/2018\/04\/otto-wagner-wien-fruehes-schaffen-neustiftgasse-doeblergasse-gal07-christian-oeser-150x150.jpg\" class=\"attachment-thumbnail size-thumbnail\" alt=\"Au\u00dfenansicht des Mietshauses D\u00f6blergasse 4\" aria-describedby=\"gallery-12-7756\" \/><\/a>\n\t\t\t<\/div>\n\t\t\t\t<figcaption class='wp-caption-text gallery-caption' id='gallery-12-7756'>\n\t\t\t\tAu\u00dfenansicht des Mietshauses D\u00f6blergasse 4\n\t\t\t\t<\/figcaption><\/figure><figure class='gallery-item'>\n\t\t\t<div class='gallery-icon landscape'>\n\t\t\t\t<a href='https:\/\/coeser.de\/blog\/wp-content\/uploads\/2018\/04\/otto-wagner-wien-fruehes-schaffen-neustiftgasse-doeblergasse-gal06-christian-oeser.jpg' title=\"Gedenktafel f\u00fcr Otto Wagner am Mietshaus D\u00f6blergasse 4\" data-rl_title=\"Gedenktafel f\u00fcr Otto Wagner am Mietshaus D\u00f6blergasse 4\" class=\"rl-gallery-link\" data-rl_caption=\"Aufnahmeort anzeigen\" data-rel=\"lightbox-gallery-12\"><img loading=\"lazy\" decoding=\"async\" width=\"150\" height=\"150\" src=\"https:\/\/coeser.de\/blog\/wp-content\/uploads\/2018\/04\/otto-wagner-wien-fruehes-schaffen-neustiftgasse-doeblergasse-gal06-christian-oeser-150x150.jpg\" class=\"attachment-thumbnail size-thumbnail\" alt=\"Gedenktafel f\u00fcr Otto Wagner am Mietshaus D\u00f6blergasse 4\" aria-describedby=\"gallery-12-7755\" \/><\/a>\n\t\t\t<\/div>\n\t\t\t\t<figcaption class='wp-caption-text gallery-caption' id='gallery-12-7755'>\n\t\t\t\tGedenktafel f\u00fcr Otto Wagner am Mietshaus D\u00f6blergasse 4\n\t\t\t\t<\/figcaption><\/figure>\n\t\t<\/div>\n\n<\/div>\n<hr \/>\n<div class=\"fakten\">\n<h2><img loading=\"lazy\" decoding=\"async\" class=\"alignnone size-full wp-image-7729\" src=\"https:\/\/coeser.de\/blog\/wp-content\/uploads\/2018\/04\/otto-wagner-wien-fruehes-schaffen-lupuspavillon-christian-oeser.jpg\" alt=\"Lupuspavillon im Wilhelminenspital von Otto Wagner\" width=\"920\" height=\"613\" srcset=\"https:\/\/coeser.de\/blog\/wp-content\/uploads\/2018\/04\/otto-wagner-wien-fruehes-schaffen-lupuspavillon-christian-oeser.jpg 920w, https:\/\/coeser.de\/blog\/wp-content\/uploads\/2018\/04\/otto-wagner-wien-fruehes-schaffen-lupuspavillon-christian-oeser-300x200.jpg 300w, https:\/\/coeser.de\/blog\/wp-content\/uploads\/2018\/04\/otto-wagner-wien-fruehes-schaffen-lupuspavillon-christian-oeser-768x512.jpg 768w, https:\/\/coeser.de\/blog\/wp-content\/uploads\/2018\/04\/otto-wagner-wien-fruehes-schaffen-lupuspavillon-christian-oeser-330x220.jpg 330w\" sizes=\"auto, (max-width: 920px) 100vw, 920px\" \/><\/h2>\n<h2>Lupuspavillon Wilhelminenspital<\/h2>\n<p><strong>Baujahr:<\/strong> 1912-1913<br \/>\n<strong>Adresse:<\/strong> Montleartstra\u00dfe 37, 1160 Wien<br \/>\n<strong>Geschichte:<\/strong> F\u00fcr die Bek\u00e4mpfung des Lupus (Hauttuberkulose) sollte auf dem Gel\u00e4nde des Wilhelminenspitals ein eigener Pavillon errichtet werden. Otto Wagner wurde mit der Planung betraut und schuf ein langgezogenes Hauptgeb\u00e4ude mit zwei vorgezogenen Quertrakten. An der Au\u00dfenseite sind die dekorativen Mittel bewusst sparsam eingesetzt, es gibt nur einige vertikale Wandstreifen und blaue Glasplatten zu bewundern. Nach dem Eingang setzt sich das blau-wei\u00dfe Streifenmuster an den eckigen S\u00e4ulen und den W\u00e4nden fort.<\/p>\n<div id='gallery-13' class='gallery galleryid-7704 gallery-columns-7 gallery-size-thumbnail'><figure class='gallery-item'>\n\t\t\t<div class='gallery-icon landscape'>\n\t\t\t\t<a href='https:\/\/coeser.de\/blog\/wp-content\/uploads\/2018\/04\/otto-wagner-wien-fruehes-schaffen-lupuspavillon-gal02-christian-oeser.jpg' title=\"Detailansicht des Lupuspavillon im Wilhelminenspital\" data-rl_title=\"Detailansicht des Lupuspavillon im Wilhelminenspital\" class=\"rl-gallery-link\" data-rl_caption=\"Aufnahmeort anzeigen\" data-rel=\"lightbox-gallery-13\"><img loading=\"lazy\" decoding=\"async\" width=\"150\" height=\"150\" src=\"https:\/\/coeser.de\/blog\/wp-content\/uploads\/2018\/04\/otto-wagner-wien-fruehes-schaffen-lupuspavillon-gal02-christian-oeser-150x150.jpg\" class=\"attachment-thumbnail size-thumbnail\" alt=\"Detailansicht des Lupuspavillon im Wilhelminenspital\" aria-describedby=\"gallery-13-7758\" \/><\/a>\n\t\t\t<\/div>\n\t\t\t\t<figcaption class='wp-caption-text gallery-caption' id='gallery-13-7758'>\n\t\t\t\tDetailansicht des Lupuspavillon im Wilhelminenspital\n\t\t\t\t<\/figcaption><\/figure><figure class='gallery-item'>\n\t\t\t<div class='gallery-icon landscape'>\n\t\t\t\t<a href='https:\/\/coeser.de\/blog\/wp-content\/uploads\/2018\/04\/otto-wagner-wien-fruehes-schaffen-lupuspavillon-gal01-christian-oeser.jpg' title=\"Innenansicht des Lupuspavillon im Wilhelminenspital\" data-rl_title=\"Innenansicht des Lupuspavillon im Wilhelminenspital\" class=\"rl-gallery-link\" data-rl_caption=\"Aufnahmeort anzeigen\" data-rel=\"lightbox-gallery-13\"><img loading=\"lazy\" decoding=\"async\" width=\"150\" height=\"150\" src=\"https:\/\/coeser.de\/blog\/wp-content\/uploads\/2018\/04\/otto-wagner-wien-fruehes-schaffen-lupuspavillon-gal01-christian-oeser-150x150.jpg\" class=\"attachment-thumbnail size-thumbnail\" alt=\"Innenansicht des Lupuspavillon im Wilhelminenspital\" aria-describedby=\"gallery-13-7757\" \/><\/a>\n\t\t\t<\/div>\n\t\t\t\t<figcaption class='wp-caption-text gallery-caption' id='gallery-13-7757'>\n\t\t\t\tInnenansicht des Lupuspavillon im Wilhelminenspital\n\t\t\t\t<\/figcaption><\/figure><figure class='gallery-item'>\n\t\t\t<div class='gallery-icon landscape'>\n\t\t\t\t<a href='https:\/\/coeser.de\/blog\/wp-content\/uploads\/2018\/04\/otto-wagner-wien-fruehes-schaffen-lupuspavillon-gal03-christian-oeser.jpg' title=\"Detailansicht des Lupuspavillon im Wilhelminenspital\" data-rl_title=\"Detailansicht des Lupuspavillon im Wilhelminenspital\" class=\"rl-gallery-link\" data-rl_caption=\"Aufnahmeort anzeigen\" data-rel=\"lightbox-gallery-13\"><img loading=\"lazy\" decoding=\"async\" width=\"150\" height=\"150\" src=\"https:\/\/coeser.de\/blog\/wp-content\/uploads\/2018\/04\/otto-wagner-wien-fruehes-schaffen-lupuspavillon-gal03-christian-oeser-150x150.jpg\" class=\"attachment-thumbnail size-thumbnail\" alt=\"Detailansicht des Lupuspavillon im Wilhelminenspital\" aria-describedby=\"gallery-13-7759\" \/><\/a>\n\t\t\t<\/div>\n\t\t\t\t<figcaption class='wp-caption-text gallery-caption' id='gallery-13-7759'>\n\t\t\t\tDetailansicht des Lupuspavillon im Wilhelminenspital\n\t\t\t\t<\/figcaption><\/figure>\n\t\t<\/div>\n\n<\/div>\n<hr \/>\n<div class=\"fakten\">\n<h2><img loading=\"lazy\" decoding=\"async\" class=\"alignnone size-full wp-image-7730\" src=\"https:\/\/coeser.de\/blog\/wp-content\/uploads\/2018\/04\/otto-wagner-wien-fruehes-schaffen-familiengruft-christian-oeser.jpg\" alt=\"Otto Wagners Grabst\u00e4tte auf dem Hietzinger Friedhof\" width=\"920\" height=\"613\" srcset=\"https:\/\/coeser.de\/blog\/wp-content\/uploads\/2018\/04\/otto-wagner-wien-fruehes-schaffen-familiengruft-christian-oeser.jpg 920w, https:\/\/coeser.de\/blog\/wp-content\/uploads\/2018\/04\/otto-wagner-wien-fruehes-schaffen-familiengruft-christian-oeser-300x200.jpg 300w, https:\/\/coeser.de\/blog\/wp-content\/uploads\/2018\/04\/otto-wagner-wien-fruehes-schaffen-familiengruft-christian-oeser-768x512.jpg 768w, https:\/\/coeser.de\/blog\/wp-content\/uploads\/2018\/04\/otto-wagner-wien-fruehes-schaffen-familiengruft-christian-oeser-330x220.jpg 330w\" sizes=\"auto, (max-width: 920px) 100vw, 920px\" \/><\/h2>\n<h2>Grabst\u00e4tte von Otto Wagner<\/h2>\n<p><strong>Baujahr:<\/strong> 1881<br \/>\n<strong>Adresse:<\/strong> Hietzinger Friedhof, <span class=\"LrzXr\">Maxingstra\u00dfe 15<\/span>, 1130 Wien<br \/>\n<strong>Geschichte:<\/strong> Den Tod seiner geliebten Mutter im M\u00e4rz 1880 nahm Wagner zum Anlass, auf dem Hietzinger Friedhof eine eigene Familiengruft zu errichten \u2013 seit 1943 anl\u00e4sslich des 25. Todestags des Architekten auch als Ehrengrab gewidmet. Die Architektur der Ruhest\u00e4tte erinnert durch die dorischen S\u00e4ulen aus rotem Granit an Gr\u00e4ber aus dem Mittelalter und der Neuzeit. Als Gruftaufsatz w\u00e4hlte Wagner eine schmiedeeiserne Haube im Stil der Renaissance. Beerdigt sind in der Familiengruft Wagner selbst, seine Mutter Susanna, der Adoptivvater seiner Mutter, Simeon, Wagners Schw\u00e4gerin Maria Anna, seine Frau Louise, sein Bruder Adolf Emmerich, seine Tochter Christine und deren Mann Hermann Freiherr von L\u00fctgendorff-Gyllenstorm.<\/p>\n<p>Wenn ihr euch das Grab selbst einmal ansehen wollt: die Gruft befindet sich am Friedhof in Gruppe 13\/131, am besten \u00fcber das Tor 2 in der Maxingstra\u00dfe zu erreichen. \u00dcbrigens haben noch zwei weitere sehr bekannte Pers\u00f6nlichkeiten auf dem Friedhof ihre letzte Ruhest\u00e4tte gefunden: Der Wagner nahestehende K\u00fcnstler Koloman Moser (Gruppe 16\/14D) und Maler Gustav Klimt (Gruppe 5\/194).<\/p>\n<\/div>\n<hr \/>\n<div class=\"fazit\">\n<h2>FAZIT<\/h2>\n<p>Der 100. Todestag von Otto Wagner l\u00e4dt nicht nur zum Gedenken an einen Ausnahmek\u00fcnstler ein. Er macht auch wieder darauf aufmerksam, dem Schaffen des Architekten mit offenen Augen zu begegnen und sich bei einem Spaziergang durch Wien der besonderen Architektur aus der Zeit vor und w\u00e4hrend der Wende vom 19. zum 20. Jahrhundert bewusst zu erfreuen. F\u00fcr diesen Artikel habe ich mich auf die Spurensuche der unbekannten Geb\u00e4ude Wagners begeben und kann euch nur empfehlen, an einem ruhigen Tag ebenfalls einmal durch Wien zu schlendern und die Sch\u00f6nheit der bis heute best\u00e4ndigen Vergangenheit zu betrachten!<\/p>\n<\/div>\n<p>&nbsp;<\/p>\n<hr \/>\n<p><strong>Quellenverzeichnis:<\/strong><br \/>\n<a href=\"http:\/\/www.architektenlexikon.at\/de\/670.htm\" target=\"_blank\" rel=\"noopener noreferrer\">http:\/\/www.architektenlexikon.at\/de\/670.htm<\/a><br \/>\n<a href=\"https:\/\/de.wikipedia.org\/wiki\/Otto_Wagner\" target=\"_blank\" rel=\"noopener noreferrer\">https:\/\/de.wikipedia.org\/wiki\/Otto_Wagner<\/a><br \/>\n<a href=\"https:\/\/www.geschichtewiki.wien.gv.at\/Otto_Wagner_(Architekt)\" target=\"_blank\" rel=\"noopener noreferrer\">https:\/\/www.geschichtewiki.wien.gv.at\/Otto_Wagner_(Architekt)<\/a><br \/>\n<a href=\"http:\/\/www.johanneskapelle.at\/geschichte.asp\" target=\"_blank\" rel=\"noopener noreferrer\">http:\/\/www.johanneskapelle.at\/geschichte.asp<\/a><br \/>\nORF-Fernsehbeitrag: kulturMontag (&#8222;Otto Wagner &#8211; Vision\u00e4r der Moderne&#8220;)<br \/>\nOtto Wagner &#8211; Andreas Nierhaus (Hg.), Eva-Maria Orosz (Hg.), Residenz Verlag, ISBN: 9783701734474<\/p>\n<div style=\"display: none;\">\n<p><img loading=\"lazy\" decoding=\"async\" class=\"alignnone size-full wp-image-7761\" src=\"https:\/\/coeser.de\/blog\/wp-content\/uploads\/2018\/04\/otto-wagner-wien-fruehes-schaffen-p01-christian-oeser.jpg\" alt=\"Otto Wagner: Die unbekannten Bauwerke des Wiener Architekten.\" width=\"735\" height=\"1102\" srcset=\"https:\/\/coeser.de\/blog\/wp-content\/uploads\/2018\/04\/otto-wagner-wien-fruehes-schaffen-p01-christian-oeser.jpg 735w, https:\/\/coeser.de\/blog\/wp-content\/uploads\/2018\/04\/otto-wagner-wien-fruehes-schaffen-p01-christian-oeser-200x300.jpg 200w, https:\/\/coeser.de\/blog\/wp-content\/uploads\/2018\/04\/otto-wagner-wien-fruehes-schaffen-p01-christian-oeser-683x1024.jpg 683w\" sizes=\"auto, (max-width: 735px) 100vw, 735px\" \/><img loading=\"lazy\" decoding=\"async\" class=\"alignnone size-full wp-image-7762\" src=\"https:\/\/coeser.de\/blog\/wp-content\/uploads\/2018\/04\/otto-wagner-wien-fruehes-schaffen-p02-christian-oeser.jpg\" alt=\"Otto Wagner: Die unbekannten Bauwerke des Wiener Architekten.\" width=\"735\" height=\"1102\" srcset=\"https:\/\/coeser.de\/blog\/wp-content\/uploads\/2018\/04\/otto-wagner-wien-fruehes-schaffen-p02-christian-oeser.jpg 735w, https:\/\/coeser.de\/blog\/wp-content\/uploads\/2018\/04\/otto-wagner-wien-fruehes-schaffen-p02-christian-oeser-200x300.jpg 200w, https:\/\/coeser.de\/blog\/wp-content\/uploads\/2018\/04\/otto-wagner-wien-fruehes-schaffen-p02-christian-oeser-683x1024.jpg 683w\" sizes=\"auto, (max-width: 735px) 100vw, 735px\" \/><\/p>\n<\/div>\n","protected":false},"excerpt":{"rendered":"<p>Mitte April 2018 hat sich zum 100. Mal der Todestag des \u00f6sterreichischen Ausnahmearchitekten Otto Wagner gej\u00e4hrt. Bis in die Gegenwart haben seine Bauten in ganz Wien Spuren hinterlassen und zeugen auch heute noch davon, wie Wagner die Stadt vom Historismus in die Moderne f\u00fchrte. In diesem zweiten Artikel zum Thema betrachte ich nun die weniger [&hellip;]<\/p>\n","protected":false},"author":1,"featured_media":7713,"comment_status":"open","ping_status":"open","sticky":false,"template":"","format":"standard","meta":{"_jetpack_memberships_contains_paid_content":false,"footnotes":""},"categories":[17],"tags":[43,238,239,237,23,44,76],"class_list":["post-7704","post","type-post","status-publish","format-standard","has-post-thumbnail","hentry","category-oesterreich","tag-architektur","tag-art-nouveau","tag-historismus","tag-jugendstil","tag-oesterreich","tag-otto-wagner","tag-wien"],"yoast_head":"<!-- This site is optimized with the Yoast SEO plugin v27.4 - https:\/\/yoast.com\/product\/yoast-seo-wordpress\/ -->\n<title>Otto Wagner in Wien: Die unbekannten Sch\u00e4tze<\/title>\n<meta name=\"description\" content=\"Otto Wagner und seine unbekannten Bauwerke in Wien. Fotos und Infos \u00fcber das fr\u00fche Schaffen des Architekten vom Historismus zum Jugendstil.\" \/>\n<meta name=\"robots\" content=\"index, follow, max-snippet:-1, max-image-preview:large, max-video-preview:-1\" \/>\n<link rel=\"canonical\" href=\"https:\/\/coeser.de\/blog\/index.php\/2018\/04\/17\/otto-wagners-wien-die-unbekannten-schaetze\/\" \/>\n<meta property=\"og:locale\" content=\"de_DE\" \/>\n<meta property=\"og:type\" content=\"article\" \/>\n<meta property=\"og:title\" content=\"Otto Wagner in Wien: Die unbekannten Sch\u00e4tze\" \/>\n<meta property=\"og:description\" content=\"Otto Wagner und seine unbekannten Bauwerke in Wien. Fotos und Infos \u00fcber das fr\u00fche Schaffen des Architekten vom Historismus zum Jugendstil.\" \/>\n<meta property=\"og:url\" content=\"https:\/\/coeser.de\/blog\/index.php\/2018\/04\/17\/otto-wagners-wien-die-unbekannten-schaetze\/\" \/>\n<meta property=\"og:site_name\" content=\"fern &amp; nah - Reiseblog und Fotostories von Christian \u00d6ser\" \/>\n<meta property=\"article:publisher\" content=\"Christian \u00d6ser\" \/>\n<meta property=\"article:author\" content=\"Christian \u00d6ser\" \/>\n<meta property=\"article:published_time\" content=\"2018-04-17T05:00:03+00:00\" \/>\n<meta property=\"article:modified_time\" content=\"2025-03-04T17:52:01+00:00\" \/>\n<meta property=\"og:image\" content=\"https:\/\/coeser.de\/blog\/wp-content\/uploads\/2018\/04\/otto-wagner-wien-fruehes-schaffen-aufmacher-christian-oeser.jpg\" \/>\n\t<meta property=\"og:image:width\" content=\"978\" \/>\n\t<meta property=\"og:image:height\" content=\"550\" \/>\n\t<meta property=\"og:image:type\" content=\"image\/jpeg\" \/>\n<meta name=\"author\" content=\"Christian \u00d6ser\" \/>\n<meta name=\"twitter:card\" content=\"summary_large_image\" \/>\n<meta name=\"twitter:label1\" content=\"Verfasst von\" \/>\n\t<meta name=\"twitter:data1\" content=\"Christian \u00d6ser\" \/>\n\t<meta name=\"twitter:label2\" content=\"Gesch\u00e4tzte Lesezeit\" \/>\n\t<meta name=\"twitter:data2\" content=\"18\u00a0Minuten\" \/>\n<script type=\"application\/ld+json\" class=\"yoast-schema-graph\">{\"@context\":\"https:\\\/\\\/schema.org\",\"@graph\":[{\"@type\":\"Article\",\"@id\":\"https:\\\/\\\/coeser.de\\\/blog\\\/index.php\\\/2018\\\/04\\\/17\\\/otto-wagners-wien-die-unbekannten-schaetze\\\/#article\",\"isPartOf\":{\"@id\":\"https:\\\/\\\/coeser.de\\\/blog\\\/index.php\\\/2018\\\/04\\\/17\\\/otto-wagners-wien-die-unbekannten-schaetze\\\/\"},\"author\":{\"name\":\"Christian \u00d6ser\",\"@id\":\"https:\\\/\\\/coeser.de\\\/blog\\\/#\\\/schema\\\/person\\\/fda1d253389076b2cadc3d47018cf315\"},\"headline\":\"Otto Wagner in Wien: Die unbekannten Sch\u00e4tze\",\"datePublished\":\"2018-04-17T05:00:03+00:00\",\"dateModified\":\"2025-03-04T17:52:01+00:00\",\"mainEntityOfPage\":{\"@id\":\"https:\\\/\\\/coeser.de\\\/blog\\\/index.php\\\/2018\\\/04\\\/17\\\/otto-wagners-wien-die-unbekannten-schaetze\\\/\"},\"wordCount\":2651,\"commentCount\":11,\"publisher\":{\"@id\":\"https:\\\/\\\/coeser.de\\\/blog\\\/#\\\/schema\\\/person\\\/fda1d253389076b2cadc3d47018cf315\"},\"image\":{\"@id\":\"https:\\\/\\\/coeser.de\\\/blog\\\/index.php\\\/2018\\\/04\\\/17\\\/otto-wagners-wien-die-unbekannten-schaetze\\\/#primaryimage\"},\"thumbnailUrl\":\"https:\\\/\\\/coeser.de\\\/blog\\\/wp-content\\\/uploads\\\/2018\\\/04\\\/otto-wagner-wien-fruehes-schaffen-aufmacher-christian-oeser.jpg\",\"keywords\":[\"Architektur\",\"Art nouveau\",\"Historismus\",\"Jugendstil\",\"\u00d6sterreich\",\"Otto Wagner\",\"Wien\"],\"articleSection\":[\"\u00d6STERREICH\"],\"inLanguage\":\"de\",\"potentialAction\":[{\"@type\":\"CommentAction\",\"name\":\"Comment\",\"target\":[\"https:\\\/\\\/coeser.de\\\/blog\\\/index.php\\\/2018\\\/04\\\/17\\\/otto-wagners-wien-die-unbekannten-schaetze\\\/#respond\"]}]},{\"@type\":\"WebPage\",\"@id\":\"https:\\\/\\\/coeser.de\\\/blog\\\/index.php\\\/2018\\\/04\\\/17\\\/otto-wagners-wien-die-unbekannten-schaetze\\\/\",\"url\":\"https:\\\/\\\/coeser.de\\\/blog\\\/index.php\\\/2018\\\/04\\\/17\\\/otto-wagners-wien-die-unbekannten-schaetze\\\/\",\"name\":\"Otto Wagner in Wien: Die unbekannten Sch\u00e4tze\",\"isPartOf\":{\"@id\":\"https:\\\/\\\/coeser.de\\\/blog\\\/#website\"},\"primaryImageOfPage\":{\"@id\":\"https:\\\/\\\/coeser.de\\\/blog\\\/index.php\\\/2018\\\/04\\\/17\\\/otto-wagners-wien-die-unbekannten-schaetze\\\/#primaryimage\"},\"image\":{\"@id\":\"https:\\\/\\\/coeser.de\\\/blog\\\/index.php\\\/2018\\\/04\\\/17\\\/otto-wagners-wien-die-unbekannten-schaetze\\\/#primaryimage\"},\"thumbnailUrl\":\"https:\\\/\\\/coeser.de\\\/blog\\\/wp-content\\\/uploads\\\/2018\\\/04\\\/otto-wagner-wien-fruehes-schaffen-aufmacher-christian-oeser.jpg\",\"datePublished\":\"2018-04-17T05:00:03+00:00\",\"dateModified\":\"2025-03-04T17:52:01+00:00\",\"description\":\"Otto Wagner und seine unbekannten Bauwerke in Wien. Fotos und Infos \u00fcber das fr\u00fche Schaffen des Architekten vom Historismus zum Jugendstil.\",\"breadcrumb\":{\"@id\":\"https:\\\/\\\/coeser.de\\\/blog\\\/index.php\\\/2018\\\/04\\\/17\\\/otto-wagners-wien-die-unbekannten-schaetze\\\/#breadcrumb\"},\"inLanguage\":\"de\",\"potentialAction\":[{\"@type\":\"ReadAction\",\"target\":[\"https:\\\/\\\/coeser.de\\\/blog\\\/index.php\\\/2018\\\/04\\\/17\\\/otto-wagners-wien-die-unbekannten-schaetze\\\/\"]}]},{\"@type\":\"ImageObject\",\"inLanguage\":\"de\",\"@id\":\"https:\\\/\\\/coeser.de\\\/blog\\\/index.php\\\/2018\\\/04\\\/17\\\/otto-wagners-wien-die-unbekannten-schaetze\\\/#primaryimage\",\"url\":\"https:\\\/\\\/coeser.de\\\/blog\\\/wp-content\\\/uploads\\\/2018\\\/04\\\/otto-wagner-wien-fruehes-schaffen-aufmacher-christian-oeser.jpg\",\"contentUrl\":\"https:\\\/\\\/coeser.de\\\/blog\\\/wp-content\\\/uploads\\\/2018\\\/04\\\/otto-wagner-wien-fruehes-schaffen-aufmacher-christian-oeser.jpg\",\"width\":978,\"height\":550,\"caption\":\"Detailansicht des Mietshauses Schottenring 23 von Otto Wagner\"},{\"@type\":\"BreadcrumbList\",\"@id\":\"https:\\\/\\\/coeser.de\\\/blog\\\/index.php\\\/2018\\\/04\\\/17\\\/otto-wagners-wien-die-unbekannten-schaetze\\\/#breadcrumb\",\"itemListElement\":[{\"@type\":\"ListItem\",\"position\":1,\"name\":\"Startseite\",\"item\":\"https:\\\/\\\/coeser.de\\\/blog\\\/\"},{\"@type\":\"ListItem\",\"position\":2,\"name\":\"Otto Wagner in Wien: Die unbekannten Sch\u00e4tze\"}]},{\"@type\":\"WebSite\",\"@id\":\"https:\\\/\\\/coeser.de\\\/blog\\\/#website\",\"url\":\"https:\\\/\\\/coeser.de\\\/blog\\\/\",\"name\":\"fern &amp; nah - Reiseblog und Fotostories von Christian \u00d6ser\",\"description\":\"Reiseblog und Fotostories von Christian \u00d6ser\",\"publisher\":{\"@id\":\"https:\\\/\\\/coeser.de\\\/blog\\\/#\\\/schema\\\/person\\\/fda1d253389076b2cadc3d47018cf315\"},\"potentialAction\":[{\"@type\":\"SearchAction\",\"target\":{\"@type\":\"EntryPoint\",\"urlTemplate\":\"https:\\\/\\\/coeser.de\\\/blog\\\/?s={search_term_string}\"},\"query-input\":{\"@type\":\"PropertyValueSpecification\",\"valueRequired\":true,\"valueName\":\"search_term_string\"}}],\"inLanguage\":\"de\"},{\"@type\":[\"Person\",\"Organization\"],\"@id\":\"https:\\\/\\\/coeser.de\\\/blog\\\/#\\\/schema\\\/person\\\/fda1d253389076b2cadc3d47018cf315\",\"name\":\"Christian \u00d6ser\",\"image\":{\"@type\":\"ImageObject\",\"inLanguage\":\"de\",\"@id\":\"https:\\\/\\\/coeser.de\\\/blog\\\/wp-content\\\/uploads\\\/2016\\\/08\\\/logo-fern-und-nah-christian-oeser-4.jpg\",\"url\":\"https:\\\/\\\/coeser.de\\\/blog\\\/wp-content\\\/uploads\\\/2016\\\/08\\\/logo-fern-und-nah-christian-oeser-4.jpg\",\"contentUrl\":\"https:\\\/\\\/coeser.de\\\/blog\\\/wp-content\\\/uploads\\\/2016\\\/08\\\/logo-fern-und-nah-christian-oeser-4.jpg\",\"width\":1090,\"height\":245,\"caption\":\"Christian \u00d6ser\"},\"logo\":{\"@id\":\"https:\\\/\\\/coeser.de\\\/blog\\\/wp-content\\\/uploads\\\/2016\\\/08\\\/logo-fern-und-nah-christian-oeser-4.jpg\"},\"sameAs\":[\"http:\\\/\\\/www.coeser.de\",\"Christian \u00d6ser\",\"https:\\\/\\\/www.instagram.com\\\/coeser_de\\\/\",\"https:\\\/\\\/www.pinterest.at\\\/nightline5\\\/\"],\"url\":\"https:\\\/\\\/coeser.de\\\/blog\\\/index.php\\\/author\\\/coeser\\\/\"}]}<\/script>\n<!-- \/ Yoast SEO plugin. -->","yoast_head_json":{"title":"Otto Wagner in Wien: Die unbekannten Sch\u00e4tze","description":"Otto Wagner und seine unbekannten Bauwerke in Wien. Fotos und Infos \u00fcber das fr\u00fche Schaffen des Architekten vom Historismus zum Jugendstil.","robots":{"index":"index","follow":"follow","max-snippet":"max-snippet:-1","max-image-preview":"max-image-preview:large","max-video-preview":"max-video-preview:-1"},"canonical":"https:\/\/coeser.de\/blog\/index.php\/2018\/04\/17\/otto-wagners-wien-die-unbekannten-schaetze\/","og_locale":"de_DE","og_type":"article","og_title":"Otto Wagner in Wien: Die unbekannten Sch\u00e4tze","og_description":"Otto Wagner und seine unbekannten Bauwerke in Wien. Fotos und Infos \u00fcber das fr\u00fche Schaffen des Architekten vom Historismus zum Jugendstil.","og_url":"https:\/\/coeser.de\/blog\/index.php\/2018\/04\/17\/otto-wagners-wien-die-unbekannten-schaetze\/","og_site_name":"fern &amp; nah - Reiseblog und Fotostories von Christian \u00d6ser","article_publisher":"Christian \u00d6ser","article_author":"Christian \u00d6ser","article_published_time":"2018-04-17T05:00:03+00:00","article_modified_time":"2025-03-04T17:52:01+00:00","og_image":[{"width":978,"height":550,"url":"https:\/\/coeser.de\/blog\/wp-content\/uploads\/2018\/04\/otto-wagner-wien-fruehes-schaffen-aufmacher-christian-oeser.jpg","type":"image\/jpeg"}],"author":"Christian \u00d6ser","twitter_card":"summary_large_image","twitter_misc":{"Verfasst von":"Christian \u00d6ser","Gesch\u00e4tzte Lesezeit":"18\u00a0Minuten"},"schema":{"@context":"https:\/\/schema.org","@graph":[{"@type":"Article","@id":"https:\/\/coeser.de\/blog\/index.php\/2018\/04\/17\/otto-wagners-wien-die-unbekannten-schaetze\/#article","isPartOf":{"@id":"https:\/\/coeser.de\/blog\/index.php\/2018\/04\/17\/otto-wagners-wien-die-unbekannten-schaetze\/"},"author":{"name":"Christian \u00d6ser","@id":"https:\/\/coeser.de\/blog\/#\/schema\/person\/fda1d253389076b2cadc3d47018cf315"},"headline":"Otto Wagner in Wien: Die unbekannten Sch\u00e4tze","datePublished":"2018-04-17T05:00:03+00:00","dateModified":"2025-03-04T17:52:01+00:00","mainEntityOfPage":{"@id":"https:\/\/coeser.de\/blog\/index.php\/2018\/04\/17\/otto-wagners-wien-die-unbekannten-schaetze\/"},"wordCount":2651,"commentCount":11,"publisher":{"@id":"https:\/\/coeser.de\/blog\/#\/schema\/person\/fda1d253389076b2cadc3d47018cf315"},"image":{"@id":"https:\/\/coeser.de\/blog\/index.php\/2018\/04\/17\/otto-wagners-wien-die-unbekannten-schaetze\/#primaryimage"},"thumbnailUrl":"https:\/\/coeser.de\/blog\/wp-content\/uploads\/2018\/04\/otto-wagner-wien-fruehes-schaffen-aufmacher-christian-oeser.jpg","keywords":["Architektur","Art nouveau","Historismus","Jugendstil","\u00d6sterreich","Otto Wagner","Wien"],"articleSection":["\u00d6STERREICH"],"inLanguage":"de","potentialAction":[{"@type":"CommentAction","name":"Comment","target":["https:\/\/coeser.de\/blog\/index.php\/2018\/04\/17\/otto-wagners-wien-die-unbekannten-schaetze\/#respond"]}]},{"@type":"WebPage","@id":"https:\/\/coeser.de\/blog\/index.php\/2018\/04\/17\/otto-wagners-wien-die-unbekannten-schaetze\/","url":"https:\/\/coeser.de\/blog\/index.php\/2018\/04\/17\/otto-wagners-wien-die-unbekannten-schaetze\/","name":"Otto Wagner in Wien: Die unbekannten Sch\u00e4tze","isPartOf":{"@id":"https:\/\/coeser.de\/blog\/#website"},"primaryImageOfPage":{"@id":"https:\/\/coeser.de\/blog\/index.php\/2018\/04\/17\/otto-wagners-wien-die-unbekannten-schaetze\/#primaryimage"},"image":{"@id":"https:\/\/coeser.de\/blog\/index.php\/2018\/04\/17\/otto-wagners-wien-die-unbekannten-schaetze\/#primaryimage"},"thumbnailUrl":"https:\/\/coeser.de\/blog\/wp-content\/uploads\/2018\/04\/otto-wagner-wien-fruehes-schaffen-aufmacher-christian-oeser.jpg","datePublished":"2018-04-17T05:00:03+00:00","dateModified":"2025-03-04T17:52:01+00:00","description":"Otto Wagner und seine unbekannten Bauwerke in Wien. Fotos und Infos \u00fcber das fr\u00fche Schaffen des Architekten vom Historismus zum Jugendstil.","breadcrumb":{"@id":"https:\/\/coeser.de\/blog\/index.php\/2018\/04\/17\/otto-wagners-wien-die-unbekannten-schaetze\/#breadcrumb"},"inLanguage":"de","potentialAction":[{"@type":"ReadAction","target":["https:\/\/coeser.de\/blog\/index.php\/2018\/04\/17\/otto-wagners-wien-die-unbekannten-schaetze\/"]}]},{"@type":"ImageObject","inLanguage":"de","@id":"https:\/\/coeser.de\/blog\/index.php\/2018\/04\/17\/otto-wagners-wien-die-unbekannten-schaetze\/#primaryimage","url":"https:\/\/coeser.de\/blog\/wp-content\/uploads\/2018\/04\/otto-wagner-wien-fruehes-schaffen-aufmacher-christian-oeser.jpg","contentUrl":"https:\/\/coeser.de\/blog\/wp-content\/uploads\/2018\/04\/otto-wagner-wien-fruehes-schaffen-aufmacher-christian-oeser.jpg","width":978,"height":550,"caption":"Detailansicht des Mietshauses Schottenring 23 von Otto Wagner"},{"@type":"BreadcrumbList","@id":"https:\/\/coeser.de\/blog\/index.php\/2018\/04\/17\/otto-wagners-wien-die-unbekannten-schaetze\/#breadcrumb","itemListElement":[{"@type":"ListItem","position":1,"name":"Startseite","item":"https:\/\/coeser.de\/blog\/"},{"@type":"ListItem","position":2,"name":"Otto Wagner in Wien: Die unbekannten Sch\u00e4tze"}]},{"@type":"WebSite","@id":"https:\/\/coeser.de\/blog\/#website","url":"https:\/\/coeser.de\/blog\/","name":"fern &amp; nah - Reiseblog und Fotostories von Christian \u00d6ser","description":"Reiseblog und Fotostories von Christian \u00d6ser","publisher":{"@id":"https:\/\/coeser.de\/blog\/#\/schema\/person\/fda1d253389076b2cadc3d47018cf315"},"potentialAction":[{"@type":"SearchAction","target":{"@type":"EntryPoint","urlTemplate":"https:\/\/coeser.de\/blog\/?s={search_term_string}"},"query-input":{"@type":"PropertyValueSpecification","valueRequired":true,"valueName":"search_term_string"}}],"inLanguage":"de"},{"@type":["Person","Organization"],"@id":"https:\/\/coeser.de\/blog\/#\/schema\/person\/fda1d253389076b2cadc3d47018cf315","name":"Christian \u00d6ser","image":{"@type":"ImageObject","inLanguage":"de","@id":"https:\/\/coeser.de\/blog\/wp-content\/uploads\/2016\/08\/logo-fern-und-nah-christian-oeser-4.jpg","url":"https:\/\/coeser.de\/blog\/wp-content\/uploads\/2016\/08\/logo-fern-und-nah-christian-oeser-4.jpg","contentUrl":"https:\/\/coeser.de\/blog\/wp-content\/uploads\/2016\/08\/logo-fern-und-nah-christian-oeser-4.jpg","width":1090,"height":245,"caption":"Christian \u00d6ser"},"logo":{"@id":"https:\/\/coeser.de\/blog\/wp-content\/uploads\/2016\/08\/logo-fern-und-nah-christian-oeser-4.jpg"},"sameAs":["http:\/\/www.coeser.de","Christian \u00d6ser","https:\/\/www.instagram.com\/coeser_de\/","https:\/\/www.pinterest.at\/nightline5\/"],"url":"https:\/\/coeser.de\/blog\/index.php\/author\/coeser\/"}]}},"jetpack_featured_media_url":"https:\/\/coeser.de\/blog\/wp-content\/uploads\/2018\/04\/otto-wagner-wien-fruehes-schaffen-aufmacher-christian-oeser.jpg","jetpack-related-posts":[{"id":7433,"url":"https:\/\/coeser.de\/blog\/index.php\/2018\/04\/10\/otto-wagners-wien-erbe-eines-visionaers\/","url_meta":{"origin":7704,"position":0},"title":"Otto Wagner in Wien: Erbe eines Vision\u00e4rs","author":"Christian \u00d6ser","date":"10. April 2018","format":false,"excerpt":"Jahrzehntelang schon gehe ich t\u00e4glich an ihnen vorbei und erfreue mich an der gro\u00dfartigen Architektur. Die Rede ist von den Bauwerken von \u00d6sterreichs ber\u00fchmtesten Architekten Otto Wagner, die in ganz Wien verstreut liegen und der Stadt das besondere Flair verleihen. Anl\u00e4sslich des 100. Todestages Wagners widme ich mich in diesem\u2026","rel":"","context":"In &quot;\u00d6STERREICH&quot;","block_context":{"text":"\u00d6STERREICH","link":"https:\/\/coeser.de\/blog\/index.php\/category\/europa\/oesterreich\/"},"img":{"alt_text":"","src":"https:\/\/i0.wp.com\/coeser.de\/blog\/wp-content\/uploads\/2018\/04\/otto-wagner-wien-aufmacher-majolikahaus-jugendstil-christian-oeser.jpg?resize=350%2C200&ssl=1","width":350,"height":200,"srcset":"https:\/\/i0.wp.com\/coeser.de\/blog\/wp-content\/uploads\/2018\/04\/otto-wagner-wien-aufmacher-majolikahaus-jugendstil-christian-oeser.jpg?resize=350%2C200&ssl=1 1x, https:\/\/i0.wp.com\/coeser.de\/blog\/wp-content\/uploads\/2018\/04\/otto-wagner-wien-aufmacher-majolikahaus-jugendstil-christian-oeser.jpg?resize=525%2C300&ssl=1 1.5x, https:\/\/i0.wp.com\/coeser.de\/blog\/wp-content\/uploads\/2018\/04\/otto-wagner-wien-aufmacher-majolikahaus-jugendstil-christian-oeser.jpg?resize=700%2C400&ssl=1 2x"},"classes":[]},{"id":16020,"url":"https:\/\/coeser.de\/blog\/index.php\/2020\/08\/18\/wiener-highlights-otto-wagners-stadtbahn\/","url_meta":{"origin":7704,"position":1},"title":"Wien: Die Stadtbahn von Otto Wagner","author":"Christian \u00d6ser","date":"18. August 2020","format":false,"excerpt":"Wenn Architektur aus dem vorigen Jahrhundert auch heute noch intensiv in Nutzung steht, dann kann man wohl von gelungener Arbeit sprechen. Die Rede ist von der ehemaligen Stadtbahn (heute U-Bahn und S-Bahn), deren Stationen von \u00d6sterreichs ber\u00fchmtestem Architekten Otto Wagner entworfen wurden. Die Stationsgeb\u00e4ude sind sowohl f\u00fcr Touristen wie auch\u2026","rel":"","context":"In &quot;\u00d6STERREICH&quot;","block_context":{"text":"\u00d6STERREICH","link":"https:\/\/coeser.de\/blog\/index.php\/category\/europa\/oesterreich\/"},"img":{"alt_text":"Linie U4 in der Otto-Wagner-Station Sch\u00f6nbrunn in Wien","src":"https:\/\/i0.wp.com\/coeser.de\/blog\/wp-content\/uploads\/2020\/08\/wien-otto-wagner-stadtbahn-aufmacher-schoenbrunn-christian-oeser.jpg?resize=350%2C200&ssl=1","width":350,"height":200,"srcset":"https:\/\/i0.wp.com\/coeser.de\/blog\/wp-content\/uploads\/2020\/08\/wien-otto-wagner-stadtbahn-aufmacher-schoenbrunn-christian-oeser.jpg?resize=350%2C200&ssl=1 1x, https:\/\/i0.wp.com\/coeser.de\/blog\/wp-content\/uploads\/2020\/08\/wien-otto-wagner-stadtbahn-aufmacher-schoenbrunn-christian-oeser.jpg?resize=525%2C300&ssl=1 1.5x, https:\/\/i0.wp.com\/coeser.de\/blog\/wp-content\/uploads\/2020\/08\/wien-otto-wagner-stadtbahn-aufmacher-schoenbrunn-christian-oeser.jpg?resize=700%2C400&ssl=1 2x"},"classes":[]},{"id":577,"url":"https:\/\/coeser.de\/blog\/index.php\/2016\/09\/16\/open-house-wien-wenn-verschlossene-tueren-sich-oeffnen\/","url_meta":{"origin":7704,"position":2},"title":"Open House Wien: Wenn verschlossene T\u00fcren sich \u00f6ffnen","author":"Christian \u00d6ser","date":"16. September 2016","format":false,"excerpt":"Wien bietet eine riesige Anzahl an Geb\u00e4uden mit historischer und moderner Architektur \u2013 viele H\u00e4user sind aber nur f\u00fcr wenige Menschen wie Arbeiter, B\u00fcroangestellte oder Bewohner zug\u00e4nglich und von innen zu bewundern. Seit 2014 sorgt der gemeinn\u00fctzige Verein OPEN HOUSE WIEN daf\u00fcr, dass sich die T\u00fcren zu Dutzenden verschlossenen architektonischen\u2026","rel":"","context":"In &quot;\u00d6STERREICH&quot;","block_context":{"text":"\u00d6STERREICH","link":"https:\/\/coeser.de\/blog\/index.php\/category\/europa\/oesterreich\/"},"img":{"alt_text":"Innenansicht der ehemaligen k. k. priv. L\u00e4nderbank in Wien","src":"https:\/\/i0.wp.com\/coeser.de\/blog\/wp-content\/uploads\/2016\/09\/open-house-wien_aufmacher.jpg?resize=350%2C200&ssl=1","width":350,"height":200,"srcset":"https:\/\/i0.wp.com\/coeser.de\/blog\/wp-content\/uploads\/2016\/09\/open-house-wien_aufmacher.jpg?resize=350%2C200&ssl=1 1x, https:\/\/i0.wp.com\/coeser.de\/blog\/wp-content\/uploads\/2016\/09\/open-house-wien_aufmacher.jpg?resize=525%2C300&ssl=1 1.5x, https:\/\/i0.wp.com\/coeser.de\/blog\/wp-content\/uploads\/2016\/09\/open-house-wien_aufmacher.jpg?resize=700%2C400&ssl=1 2x"},"classes":[]},{"id":4605,"url":"https:\/\/coeser.de\/blog\/index.php\/2017\/09\/12\/open-house-wien-2017-sesam-oeffne-dich\/","url_meta":{"origin":7704,"position":3},"title":"Open House Wien 2017: Sesam, \u00f6ffne dich!","author":"Christian \u00d6ser","date":"12. September 2017","format":false,"excerpt":"Bei Streifz\u00fcgen durch meine Heimatstadt Wien komme ich immer wieder an Geb\u00e4uden vorbei, die mich optisch sofort in ihren Bann ziehen. Dabei handelt es sich sowohl um historische H\u00e4user wie auch moderne Neubauten mit spannenden architektonischen Elementen. Der Blick hinein bleibt mir aber so gut wie immer verwehrt: \"Privat, betreten\u2026","rel":"","context":"In &quot;\u00d6STERREICH&quot;","block_context":{"text":"\u00d6STERREICH","link":"https:\/\/coeser.de\/blog\/index.php\/category\/europa\/oesterreich\/"},"img":{"alt_text":"Moderne Architektur in der \u00d6AMTC-Zentrale","src":"https:\/\/i0.wp.com\/coeser.de\/blog\/wp-content\/uploads\/2017\/09\/open-house-wien-aufmacher-oeamtc-zentrale-christian-oeser.jpg?resize=350%2C200&ssl=1","width":350,"height":200,"srcset":"https:\/\/i0.wp.com\/coeser.de\/blog\/wp-content\/uploads\/2017\/09\/open-house-wien-aufmacher-oeamtc-zentrale-christian-oeser.jpg?resize=350%2C200&ssl=1 1x, https:\/\/i0.wp.com\/coeser.de\/blog\/wp-content\/uploads\/2017\/09\/open-house-wien-aufmacher-oeamtc-zentrale-christian-oeser.jpg?resize=525%2C300&ssl=1 1.5x, https:\/\/i0.wp.com\/coeser.de\/blog\/wp-content\/uploads\/2017\/09\/open-house-wien-aufmacher-oeamtc-zentrale-christian-oeser.jpg?resize=700%2C400&ssl=1 2x"},"classes":[]},{"id":15298,"url":"https:\/\/coeser.de\/blog\/index.php\/2020\/04\/21\/wien-die-aesthetik-der-u-bahn\/","url_meta":{"origin":7704,"position":4},"title":"Wien: Die \u00c4sthetik der U-Bahn","author":"Christian \u00d6ser","date":"21. April 2020","format":false,"excerpt":"Seit vielen Jahrzehnten geh\u00f6rt die U-Bahn in Wien zu meiner Tagesroutine. Sie ist f\u00fcr mich nicht nur ein Massenverkehrsmittel, sondern einige der Stationen auch visuell ansprechende Orte. Das liegt vor allem an den klaren Formen und Farben in der Architektur sowie an der vorherrschenden Symmetrie, die auf das Auge \u00e4u\u00dferst\u2026","rel":"","context":"In &quot;\u00d6STERREICH&quot;","block_context":{"text":"\u00d6STERREICH","link":"https:\/\/coeser.de\/blog\/index.php\/category\/europa\/oesterreich\/"},"img":{"alt_text":"Architektur in der U-Bahn-Station Volkstheater in Wien","src":"https:\/\/i0.wp.com\/coeser.de\/blog\/wp-content\/uploads\/2020\/04\/wien-ubahn-architektur-aufmacher-volkstheater-christian-oeser.jpg?resize=350%2C200&ssl=1","width":350,"height":200,"srcset":"https:\/\/i0.wp.com\/coeser.de\/blog\/wp-content\/uploads\/2020\/04\/wien-ubahn-architektur-aufmacher-volkstheater-christian-oeser.jpg?resize=350%2C200&ssl=1 1x, https:\/\/i0.wp.com\/coeser.de\/blog\/wp-content\/uploads\/2020\/04\/wien-ubahn-architektur-aufmacher-volkstheater-christian-oeser.jpg?resize=525%2C300&ssl=1 1.5x, https:\/\/i0.wp.com\/coeser.de\/blog\/wp-content\/uploads\/2020\/04\/wien-ubahn-architektur-aufmacher-volkstheater-christian-oeser.jpg?resize=700%2C400&ssl=1 2x"},"classes":[]},{"id":14647,"url":"https:\/\/coeser.de\/blog\/index.php\/2020\/02\/04\/bruessels-eleganz-im-jugendstil\/","url_meta":{"origin":7704,"position":5},"title":"Br\u00fcssel: Eleganz im Jugendstil","author":"Christian \u00d6ser","date":"4. Februar 2020","format":false,"excerpt":"Br\u00fcssel haftet der Meinung vieler Menschen nach ein \u00e4u\u00dferst biederes Image an. Teilweise stimme ich da sogar zu: bei einem Citytrip in die belgische Hauptstadt konnte ich mich von einer Vielzahl an Baus\u00fcnden in grauen Farbt\u00f6nen \u00fcberzeugen, die man lieber wieder aus seinem Ged\u00e4chtnis streicht. Doch es gibt auch in\u2026","rel":"","context":"In &quot;BELGIEN&quot;","block_context":{"text":"BELGIEN","link":"https:\/\/coeser.de\/blog\/index.php\/category\/europa\/belgien\/"},"img":{"alt_text":"Das Jugendstilgeb\u00e4ude (Art nouveau) Huis Saint-Cyr in Br\u00fcssel","src":"https:\/\/i0.wp.com\/coeser.de\/blog\/wp-content\/uploads\/2020\/01\/bruessel-jugendstil-aufmacher-huis-saint-cyr-christian-oeser.jpg?resize=350%2C200&ssl=1","width":350,"height":200,"srcset":"https:\/\/i0.wp.com\/coeser.de\/blog\/wp-content\/uploads\/2020\/01\/bruessel-jugendstil-aufmacher-huis-saint-cyr-christian-oeser.jpg?resize=350%2C200&ssl=1 1x, https:\/\/i0.wp.com\/coeser.de\/blog\/wp-content\/uploads\/2020\/01\/bruessel-jugendstil-aufmacher-huis-saint-cyr-christian-oeser.jpg?resize=525%2C300&ssl=1 1.5x, https:\/\/i0.wp.com\/coeser.de\/blog\/wp-content\/uploads\/2020\/01\/bruessel-jugendstil-aufmacher-huis-saint-cyr-christian-oeser.jpg?resize=700%2C400&ssl=1 2x"},"classes":[]}],"jetpack_sharing_enabled":true,"_links":{"self":[{"href":"https:\/\/coeser.de\/blog\/index.php\/wp-json\/wp\/v2\/posts\/7704","targetHints":{"allow":["GET"]}}],"collection":[{"href":"https:\/\/coeser.de\/blog\/index.php\/wp-json\/wp\/v2\/posts"}],"about":[{"href":"https:\/\/coeser.de\/blog\/index.php\/wp-json\/wp\/v2\/types\/post"}],"author":[{"embeddable":true,"href":"https:\/\/coeser.de\/blog\/index.php\/wp-json\/wp\/v2\/users\/1"}],"replies":[{"embeddable":true,"href":"https:\/\/coeser.de\/blog\/index.php\/wp-json\/wp\/v2\/comments?post=7704"}],"version-history":[{"count":2,"href":"https:\/\/coeser.de\/blog\/index.php\/wp-json\/wp\/v2\/posts\/7704\/revisions"}],"predecessor-version":[{"id":23880,"href":"https:\/\/coeser.de\/blog\/index.php\/wp-json\/wp\/v2\/posts\/7704\/revisions\/23880"}],"wp:featuredmedia":[{"embeddable":true,"href":"https:\/\/coeser.de\/blog\/index.php\/wp-json\/wp\/v2\/media\/7713"}],"wp:attachment":[{"href":"https:\/\/coeser.de\/blog\/index.php\/wp-json\/wp\/v2\/media?parent=7704"}],"wp:term":[{"taxonomy":"category","embeddable":true,"href":"https:\/\/coeser.de\/blog\/index.php\/wp-json\/wp\/v2\/categories?post=7704"},{"taxonomy":"post_tag","embeddable":true,"href":"https:\/\/coeser.de\/blog\/index.php\/wp-json\/wp\/v2\/tags?post=7704"}],"curies":[{"name":"wp","href":"https:\/\/api.w.org\/{rel}","templated":true}]}}