{"id":7819,"date":"2018-04-24T07:00:53","date_gmt":"2018-04-24T05:00:53","guid":{"rendered":"http:\/\/coeser.de\/blog\/?p=7819"},"modified":"2024-01-09T11:22:16","modified_gmt":"2024-01-09T10:22:16","slug":"per-salamander-auf-den-schneeberg","status":"publish","type":"post","link":"https:\/\/coeser.de\/blog\/index.php\/2018\/04\/24\/per-salamander-auf-den-schneeberg\/","title":{"rendered":"Per Salamander auf den Schneeberg"},"content":{"rendered":"<p><strong>Wenn man in einer Gro\u00dfstadt lebt, denkt man normalerweise nicht sofort an die M\u00f6glichkeit einer schnellen Wanderung. In Wien ist man da jedoch recht privilegiert: neben tollen Wanderwegen am Stadtrand bietet sich vor allem der nur rund eine Stunde entfernte Schneeberg in Nieder\u00f6sterreich f\u00fcr einen Tagesausflug mit Bergerlebnis an \u2013 inklusive spektakul\u00e4rer Fahrt mit einer Zahnradbahn in Form eines Salamanders.<\/strong><br \/>\n<!--more--><\/p>\n<div class=\"highlights\">\n<h3>H\u00d6HEPUNKTE VOM SCHNEEBERG IN DIESEM REISEBERICHT<\/h3>\n<p>Bergfahrt mit einer seit \u00fcber 120 Jahren bestehenden Zahnradbahn mit modernster Technik<\/p>\n<p>Die M\u00f6glichkeit zu wandern, zu spazieren oder einfach nur die Bergluft auf sich wirken zu lassen<\/p>\n<p>Fantastische Ausblicke vom Klosterwappen, dem Gipfel des Schneebergs auf 2.076 Metern Seeh\u00f6he<\/p>\n<p>Das kleine Elisabethkirchlein aus dem Jahr 1901 zu Ehren der ermordeten Kaiserin Elisabeth<\/p>\n<p>Frische Buchteln in der Zwischenstation Baumgartner und herzhafte Speisen in einer der Bergh\u00fctten<\/p>\n<\/div>\n<p>&nbsp;<\/p>\n<p><em><span style=\"color: #0000ff;\">Dieser Artikel wurde zuletzt am 9. J\u00e4nner 2024 aktualisiert.<\/span><\/em><\/p>\n\n<hr \/>\n<div class=\"fakten\">\n<h2>SCHNEEBERG<\/h2>\n<h3>FAKTEN<\/h3>\n<p><strong>Reisezeit: <\/strong>Juli \/ Oktober (jeweils Tagesausflug)<br \/>\n<strong>Anreise per Auto: <\/strong>von <em>Wien<\/em> \u00fcber die A2 bis <em>Wiener Neustadt<\/em>, dann B26 bis <em>Puchberg am Schneeberg<\/em> (ca. 1:10 h).<br \/>\n<strong>Anreise per Zug: <\/strong>von <em>Wien Hauptbahnhof<\/em> nach <em>Wiener Neustadt Hauptbahnhof<\/em>, dann weiter mit dem Regionalzug nach <em>Puchberg am Schneeberg Bahnhof<\/em> (1:26 h).<br \/>\n<strong>Betriebszeiten Schneebergbahn:<\/strong> Ende April bis Ende Oktober je nach Schneelage<br \/>\n<strong>Webseite:<\/strong> <a href=\"https:\/\/www.schneebergbahn.at\/\" target=\"_blank\" rel=\"noopener\"><strong>https:\/\/www.schneebergbahn.at\/<\/strong><\/a><br \/>\n<strong>Wanderung:<\/strong> Vom Bahnhof Hochschneeberg \u00fcber das Klosterwappen auf die Fischerh\u00fctte und zur\u00fcck (6km, Gehzeit ca. 2-3 Stunden)<br \/>\n<strong>Wegbeschreibung: <a href=\"https:\/\/www.bergfex.at\/sommer\/niederoesterreich\/touren\/wanderung\/5535,puchberg-klosterwappen-und-fischerhuette\/\" target=\"_blank\" rel=\"noopener\">bergfex.at<\/a><\/strong><br \/>\n<strong>Auf meiner bevorzugten Hotelsuchmaschine findest du <a href=\"https:\/\/www.booking.com\/searchresults.de.html?city=-1988503&amp;aid=1634405&amp;no_rooms=1&amp;group_adults=1\" target=\"_blank\" rel=\"noopener\">sch\u00f6ne Unterk\u00fcnfte in Puchberg am Schneeberg<\/a>*.<\/strong><\/p>\n<\/div>\n<div class=\"extern\">\n<h3>TRANSPARENZHINWEIS<\/h3>\n<p>*Die mit Stern gekennzeichneten Verweise in diesem Blogartikel sind sogenannte Affiliate-Links. Wenn dir mein Blogartikel bei der Planung deiner Reise geholfen hat, freue ich mich, wenn du \u00fcber diese Links deine Unterkunft oder Freizeitaktivit\u00e4ten buchst. Ich erhalte dadurch eine kleine Provision und du unterst\u00fctzt den Erhalt dieses Blogs. F\u00fcr dich entstehen dabei selbstverst\u00e4ndlich keine Nachteile. Vielen Dank! \ud83d\ude42<\/p>\n<\/div>\n<p>&nbsp;<\/p>\n<h2><img loading=\"lazy\" decoding=\"async\" class=\"alignnone size-full wp-image-7844\" src=\"https:\/\/coeser.de\/blog\/wp-content\/uploads\/2018\/04\/schneebergbahn-aufmacher1-salamander-christian-oeser.jpg\" alt=\"Die Schneebergbahn auf dem Schneeberg\" width=\"970\" height=\"323\" srcset=\"https:\/\/coeser.de\/blog\/wp-content\/uploads\/2018\/04\/schneebergbahn-aufmacher1-salamander-christian-oeser.jpg 970w, https:\/\/coeser.de\/blog\/wp-content\/uploads\/2018\/04\/schneebergbahn-aufmacher1-salamander-christian-oeser-300x100.jpg 300w, https:\/\/coeser.de\/blog\/wp-content\/uploads\/2018\/04\/schneebergbahn-aufmacher1-salamander-christian-oeser-768x256.jpg 768w\" sizes=\"auto, (max-width: 970px) 100vw, 970px\" \/><\/h2>\n<h2>Bequem auf den Schneeberg<\/h2>\n<p>Der Schneeberg ist der h\u00f6chste Berg Nieder\u00f6sterreichs und bei gutem Wetter sogar bereits vom rund 50 Kilometer entfernten Wien aus zu sehen. Kein Wunder also, dass es viele Gro\u00dfstadtbewohner regelm\u00e4\u00dfig in die Ortschaft Puchberg am Schneeberg zieht, wo die Talstation der Schneebergbahn liegt. Mit der \u00fcber 125 Jahre alten Zahnradbahn geht es in rund 40 Minuten von 577 Metern Seeh\u00f6he steil bergauf zum auf 1.800 Metern gelegenen Bergbahnhof. Dort oben offenbaren sich bereits erste sensationelle Ausblicke, bevor man sich f\u00fcr die weitere Tagesplanung entscheiden muss: Spaziergang, Wanderung, Einkehr in einem der Gasth\u00e4user oder doch nur faul in der Wiese liegen und alles auf sich wirken lassen?<\/p>\n<h3>Eine Wanderung f\u00fcr Leib und Seele<\/h3>\n<p>Meine Freundin und ich haben uns f\u00fcr die klassische Wanderung entschieden. Ein sechs Kilometer langer Rundweg f\u00fchrt vom Bergbahnhof auf die Fischerh\u00fctte und schlie\u00dflich zum Klosterwappen, dem Gipfel des Schneebergs auf 2.076 Metern Seeh\u00f6he. Der Weg \u00e4hnelt zwar zu Beginn einem harmlosen Spaziergang, hat es dann auf den letzten Metern aber noch ganz sch\u00f6n in sich und sorgt f\u00fcr jede Menge Schwei\u00dfperlen auf der Stirn. Zwar ist es durch die Anfahrt mit der Schneebergbahn selten so einfach, einen echten Gipfel zu erreichen \u2013 trotzdem freut man sich, nach der Anstrengung vor dem Gipfelkreuz zu stehen und den Blick in die Weite schweifen zu lassen.<\/p>\n<h3>Zahnradbahn mit langer Geschichte<\/h3>\n<p>Pl\u00e4ne f\u00fcr den Bau einer Zahnradbahn auf den Schneeberg gab es bereits 1872. Es sollte schlussendlich aber noch 25 Jahre dauern, bis 1897 die Bahn in Betrieb ging. 1902 fuhr Kaiser Franz Josef I. mit der Schneebergbahn und besichtigte das ein Jahr zuvor in Auftrag gegebene Elisabethkirchlein zu Ehren seiner verstorbenen Frau Elisabeth \u2013 heute eine beeindruckende Sehensw\u00fcrdigkeit auf dem Berg.<\/p>\n<h3>Zwischen Salamander und Dampflok<\/h3>\n<p>Kurz nach dem 100-j\u00e4hrigen Jubil\u00e4um der Bahn wurde das bis heute charismatische Salamanderdesign der Z\u00fcge vorgestellt. Zu bestimmten Zeiten verkehrt aber auch aktuell noch ein historischer Nostalgiezug mit Dampflok, die Fahrzeiten und Extrakosten dazu entnehmt ihr bitte der Webseite <strong><a href=\"https:\/\/www.schneebergbahn.at\/tarife-tickets\" target=\"_blank\" rel=\"noopener\">schneebergbahn.at<\/a><\/strong>. Der regul\u00e4re Fahrpreis ist f\u00fcr eine Berg- und Talfahrt ziemlich saftig, weswegen meine Freundin und ich nur einmal j\u00e4hrlich auf den Schneeberg fahren und dabei die &#8222;Nieder\u00f6sterreich Card&#8220; nutzen \u2013 damit ist die Fahrt n\u00e4mlich inkludiert. Nun nehme ich euch aber mit auf meinen Tagesausflug und erz\u00e4hle euch mit jeder Menge Bildern weitere spannende Details!<\/p>\n<hr \/>\n<div class=\"tipps zeilenhoehe\">\n<h2><img loading=\"lazy\" decoding=\"async\" class=\"alignnone size-full wp-image-15778\" src=\"https:\/\/coeser.de\/blog\/wp-content\/uploads\/2020\/06\/hochjoch-drei-seen-wanderung-aufmacher1-christian-oeser.jpg\" alt=\"Schwarzsee auf dem 3-Seen-Wanderweg auf dem Hochjoch\" width=\"970\" height=\"323\" srcset=\"https:\/\/coeser.de\/blog\/wp-content\/uploads\/2020\/06\/hochjoch-drei-seen-wanderung-aufmacher1-christian-oeser.jpg 970w, https:\/\/coeser.de\/blog\/wp-content\/uploads\/2020\/06\/hochjoch-drei-seen-wanderung-aufmacher1-christian-oeser-768x256.jpg 768w\" sizes=\"auto, (max-width: 970px) 100vw, 970px\" \/><\/h2>\n<h2>TIPP: Ausfl\u00fcge und Wanderungen in \u00d6sterreich<\/h2>\n<p><strong><a href=\"https:\/\/coeser.de\/blog\/index.php\/2021\/01\/19\/wien-stadtwanderweg-2-winter\/\" target=\"_blank\" rel=\"noopener\">Wien: Der Stadtwanderweg 2 im Winter<\/a><\/strong><\/p>\n<p><strong><a href=\"https:\/\/coeser.de\/blog\/index.php\/2018\/01\/09\/der-bahnwanderweg-am-semmering\/\" target=\"_blank\" rel=\"noopener\">Der Bahnwanderweg am Semmering<\/a><\/strong><\/p>\n<p><strong><a href=\"https:\/\/coeser.de\/blog\/index.php\/2021\/10\/05\/grosser-scheibelsee-himmlische-wanderung\/\" target=\"_blank\" rel=\"noopener\">Scheibelsee: Eine himmlische Wanderung<\/a><\/strong><\/p>\n<p><strong><a href=\"https:\/\/coeser.de\/blog\/index.php\/2020\/08\/11\/erlebnisberg-golm-wanderspass-action\/\" target=\"_blank\" rel=\"noopener\">Erlebnisberg Golm: Wanderspass und Action<\/a><\/strong><\/p>\n<p><strong><a href=\"https:\/\/coeser.de\/blog\/index.php\/2020\/08\/04\/genusswandern-auf-der-postalm\/\" target=\"_blank\" rel=\"noopener\">Genusswandern auf der Postalm<\/a><\/strong><\/p>\n<p><strong><a href=\"https:\/\/coeser.de\/blog\/index.php\/2020\/07\/07\/3-seen-wanderung-auf-dem-hochjoch\/\" target=\"_blank\" rel=\"noopener\">3-Seen-Wanderung auf dem Hochjoch<\/a><\/strong><\/p>\n<p><strong><a href=\"https:\/\/coeser.de\/blog\/index.php\/2020\/06\/09\/neualplseen-wandertraum-in-osttirol\/\" target=\"_blank\" rel=\"noopener\">Neualplseen: Wandertraum in Osttirol<\/a><\/strong><\/p>\n<p><strong><a href=\"https:\/\/coeser.de\/blog\/index.php\/2018\/08\/07\/die-6-seen-wanderung-auf-der-tauplitzalm\/\" target=\"_blank\" rel=\"noopener\">Die 6-Seen-Wanderung auf der Tauplitzalm<\/a><\/strong><\/p>\n<\/div>\n<p>&nbsp;<\/p>\n<hr \/>\n<h2>Fotos vom Tagesausflug auf den Schneeberg<\/h2>\n<figure class=\"bigpicture\" style=\"width: 970px;\"><img loading=\"lazy\" decoding=\"async\" class=\"wp-image-7823 size-full\" src=\"https:\/\/coeser.de\/blog\/wp-content\/uploads\/2018\/04\/schneebergbahn-gal01-christian-oeser.jpg\" alt=\"Schneebergbahn im Bahnhof Puchberg am Schneeberg\" width=\"960\" height=\"640\" srcset=\"https:\/\/coeser.de\/blog\/wp-content\/uploads\/2018\/04\/schneebergbahn-gal01-christian-oeser.jpg 960w, https:\/\/coeser.de\/blog\/wp-content\/uploads\/2018\/04\/schneebergbahn-gal01-christian-oeser-300x200.jpg 300w, https:\/\/coeser.de\/blog\/wp-content\/uploads\/2018\/04\/schneebergbahn-gal01-christian-oeser-768x512.jpg 768w, https:\/\/coeser.de\/blog\/wp-content\/uploads\/2018\/04\/schneebergbahn-gal01-christian-oeser-330x220.jpg 330w\" sizes=\"auto, (max-width: 960px) 100vw, 960px\" \/><figcaption class=\"bigpicture-text\">\n<h3>Schneebergbahn im Bahnhof Puchberg am Schneeberg<\/h3>\n<p>Der <strong>Andrang auf die Schneebergbahn<\/strong> ist vor allem an sch\u00f6nen Wochenendtagen enorm. Ich empfehle euch, unbedingt schon (Tage) vorab Tickets auf der Webseite <strong><a href=\"https:\/\/webshop.niederoesterreichbahnen.at\/index.php?route=product\/category&amp;path=69\" target=\"_blank\" rel=\"noopener\">webshop.niederoesterreichbahnen.at<\/a><\/strong> entweder f\u00fcr den normalen oder den Nostalgiezug zu kaufen. Auch wer einen <strong>Sitzplatz am Fenster<\/strong> ergattern will, sollte rund 15 Minuten vor der Abfahrt am Bahnhof in Puchberg schon bereitstehen. Auf dem rechten Foto seht ihr einen kleinen Beiwagen mit dem liebevollen Namen <strong>&#8222;Salamander-Baby&#8220;<\/strong>. In dem vor dem Triebwagen angekoppelten Wagen werden Waren f\u00fcr die Bergh\u00fctten sowie zusammengeklappte Kinderw\u00e4gen transportiert.<br \/>\nFoto links: <a href=\"https:\/\/www.google.de\/maps\/place\/47.790632,15.911126\" target=\"_blank\" rel=\"noopener\"><strong>Aufnahmeort anzeigen<\/strong><\/a> \/ Foto rechts: <a href=\"https:\/\/www.google.de\/maps\/place\/47.790548,15.911248\" target=\"_blank\" rel=\"noopener\"><strong>Aufnahmeort anzeigen<\/strong><\/a><\/p>\n<\/figcaption><\/figure>\n<figure class=\"bigpicture\" style=\"width: 970px;\"><img loading=\"lazy\" decoding=\"async\" class=\"wp-image-7824 size-full\" src=\"https:\/\/coeser.de\/blog\/wp-content\/uploads\/2018\/04\/schneebergbahn-gal02-christian-oeser.jpg\" alt=\"Schneebergbahn in der Haltestelle Baumgartner\" width=\"960\" height=\"640\" srcset=\"https:\/\/coeser.de\/blog\/wp-content\/uploads\/2018\/04\/schneebergbahn-gal02-christian-oeser.jpg 960w, https:\/\/coeser.de\/blog\/wp-content\/uploads\/2018\/04\/schneebergbahn-gal02-christian-oeser-300x200.jpg 300w, https:\/\/coeser.de\/blog\/wp-content\/uploads\/2018\/04\/schneebergbahn-gal02-christian-oeser-768x512.jpg 768w, https:\/\/coeser.de\/blog\/wp-content\/uploads\/2018\/04\/schneebergbahn-gal02-christian-oeser-330x220.jpg 330w\" sizes=\"auto, (max-width: 960px) 100vw, 960px\" \/><figcaption class=\"bigpicture-text\">\n<h3>Haltestelle Baumgartner<\/h3>\n<p>Auf dem Weg zur Bergstation f\u00e4hrt man durch sch\u00f6ne W\u00e4lder sowie Wiesen und erh\u00e4lt immer wieder tolle Ausblicke. In der <strong>Haltestelle &#8222;Baumgartner&#8220;<\/strong> hat der Zug f\u00fcnf Minuten Aufenthalt, in denen man sich kurz die Beine vertreten und den Zielbahnhof schon in der Ferne erkennen kann.<br \/>\n<a href=\"https:\/\/www.google.de\/maps\/place\/47.753360,15.850930\" target=\"_blank\" rel=\"noopener\"><strong>Aufnahmeort anzeigen<\/strong><\/a><\/p>\n<\/figcaption><\/figure>\n<figure class=\"bigpicture\" style=\"width: 970px;\"><img loading=\"lazy\" decoding=\"async\" class=\"wp-image-7825 size-full\" src=\"https:\/\/coeser.de\/blog\/wp-content\/uploads\/2018\/04\/schneebergbahn-gal03-christian-oeser.jpg\" alt=\"Buchtel-Station in der Schneebergbahn-Haltestelle Baumgartner\" width=\"960\" height=\"640\" srcset=\"https:\/\/coeser.de\/blog\/wp-content\/uploads\/2018\/04\/schneebergbahn-gal03-christian-oeser.jpg 960w, https:\/\/coeser.de\/blog\/wp-content\/uploads\/2018\/04\/schneebergbahn-gal03-christian-oeser-300x200.jpg 300w, https:\/\/coeser.de\/blog\/wp-content\/uploads\/2018\/04\/schneebergbahn-gal03-christian-oeser-768x512.jpg 768w, https:\/\/coeser.de\/blog\/wp-content\/uploads\/2018\/04\/schneebergbahn-gal03-christian-oeser-330x220.jpg 330w\" sizes=\"auto, (max-width: 960px) 100vw, 960px\" \/><figcaption class=\"bigpicture-text\">\n<h3>Buchtel-Station in der Haltestelle Baumgartner<\/h3>\n<p>Die meisten Leute steigen in der Haltestelle Baumgartner allerdings nicht wegen der guten Luft, sondern wegen der <strong>angebotenen Buchteln<\/strong> aus \u2013 so konnten auch meine Freundin und ich nicht widerstehen. W\u00e4hrend der Betriebszeiten der Schneebergbahn werden in der Buchtelstation zeitlich perfekt die <strong>frischen und flaumigen Buchteln<\/strong> mit verschiedenen F\u00fcllungen vorbereitet und schnell an die Fahrg\u00e4ste verkauft. Ich empfehle euch eine Buchtel mit Powidl zu probieren, traumhaft und eine s\u00fc\u00dfe St\u00e4rkung f\u00fcr die anstehende Wanderung!<br \/>\n<a href=\"https:\/\/www.google.de\/maps\/place\/47.753360,15.850930\" target=\"_blank\" rel=\"noopener\"><strong>Aufnahmeort anzeigen<\/strong><\/a><\/p>\n<\/figcaption><\/figure>\n<figure class=\"bigpicture\" style=\"width: 970px;\"><img loading=\"lazy\" decoding=\"async\" class=\"wp-image-7826 size-full\" src=\"https:\/\/coeser.de\/blog\/wp-content\/uploads\/2018\/04\/schneebergbahn-gal04-christian-oeser.jpg\" alt=\"Bergbahnhof und Berghaus Hochschneeberg\" width=\"960\" height=\"640\" srcset=\"https:\/\/coeser.de\/blog\/wp-content\/uploads\/2018\/04\/schneebergbahn-gal04-christian-oeser.jpg 960w, https:\/\/coeser.de\/blog\/wp-content\/uploads\/2018\/04\/schneebergbahn-gal04-christian-oeser-300x200.jpg 300w, https:\/\/coeser.de\/blog\/wp-content\/uploads\/2018\/04\/schneebergbahn-gal04-christian-oeser-768x512.jpg 768w, https:\/\/coeser.de\/blog\/wp-content\/uploads\/2018\/04\/schneebergbahn-gal04-christian-oeser-330x220.jpg 330w\" sizes=\"auto, (max-width: 960px) 100vw, 960px\" \/><figcaption class=\"bigpicture-text\">\n<h3>Bergbahnhof und Berghaus Hochschneeberg<\/h3>\n<p>Das Ziel der Schneebergbahn ist der <strong>Bergbahnhof Hochschneeberg<\/strong> auf 1.800 Metern Seeh\u00f6he, der 2009 er\u00f6ffnet wurde. Gleich daneben befindet sich das <strong>Berghaus Hochschneeberg<\/strong>, in dem man sowohl \u00fcbernachten als auch eine St\u00e4rkung einnehmen kann. Nachdem wir aber immer zuerst eine Wanderung pr\u00e4ferieren und dann gleich auf der hoch gelegenen Fischerh\u00fctte essen, habe ich im Berghaus noch nichts probiert.<br \/>\n<a href=\"https:\/\/www.google.de\/maps\/place\/47.760320,15.834514\" target=\"_blank\" rel=\"noopener\"><strong>Aufnahmeort anzeigen<\/strong><\/a><\/p>\n<\/figcaption><\/figure>\n<figure class=\"bigpicture\" style=\"width: 970px;\"><img loading=\"lazy\" decoding=\"async\" class=\"wp-image-7841 size-full\" src=\"https:\/\/coeser.de\/blog\/wp-content\/uploads\/2018\/04\/schneebergbahn-gal05-christian-oeser.jpg\" alt=\"Galerie Top Art 1800 von VOKA auf dem Schneeberg\" width=\"960\" height=\"640\" srcset=\"https:\/\/coeser.de\/blog\/wp-content\/uploads\/2018\/04\/schneebergbahn-gal05-christian-oeser.jpg 960w, https:\/\/coeser.de\/blog\/wp-content\/uploads\/2018\/04\/schneebergbahn-gal05-christian-oeser-300x200.jpg 300w, https:\/\/coeser.de\/blog\/wp-content\/uploads\/2018\/04\/schneebergbahn-gal05-christian-oeser-768x512.jpg 768w, https:\/\/coeser.de\/blog\/wp-content\/uploads\/2018\/04\/schneebergbahn-gal05-christian-oeser-330x220.jpg 330w\" sizes=\"auto, (max-width: 960px) 100vw, 960px\" \/><figcaption class=\"bigpicture-text\">\n<h3>Galerie Top Art 1800 von VOKA auf dem Schneeberg<\/h3>\n<p>Hinter dem Berghaus Hochschneeberg nutzen viele G\u00e4ste den<strong> grandiosen Fernblick<\/strong>. Im rechten Bild seht ihr dagegen eine <strong>Kunstinstallation im alten Bergbahnhof<\/strong>, der zu einer Ausstellungsfl\u00e4che umgebaut wurde. In dieser h\u00f6chstgelegenen Galerie \u00d6sterreichs mit dem Namen &#8222;Top Art 1800&#8220; stellt der Puchberger K\u00fcnstler VOKA seine Arbeiten des &#8222;Spontanen Realismus&#8220; aus.<br \/>\nFoto links: <a href=\"https:\/\/www.google.de\/maps\/place\/47.761210,15.834401\" target=\"_blank\" rel=\"noopener\"><strong>Aufnahmeort anzeigen<\/strong><\/a> \/ Foto rechts: <a href=\"https:\/\/www.google.de\/maps\/place\/47.759116,15.834311\" target=\"_blank\" rel=\"noopener\"><strong>Aufnahmeort anzeigen<\/strong><\/a><\/p>\n<\/figcaption><\/figure>\n<figure class=\"bigpicture\" style=\"width: 970px;\"><img loading=\"lazy\" decoding=\"async\" class=\"wp-image-7827 size-full\" src=\"https:\/\/coeser.de\/blog\/wp-content\/uploads\/2018\/04\/schneebergbahn-gal06-christian-oeser.jpg\" alt=\"Kaiserin-Elisabeth-Ged\u00e4chtniskirche auf dem Schneeberg\" width=\"960\" height=\"640\" srcset=\"https:\/\/coeser.de\/blog\/wp-content\/uploads\/2018\/04\/schneebergbahn-gal06-christian-oeser.jpg 960w, https:\/\/coeser.de\/blog\/wp-content\/uploads\/2018\/04\/schneebergbahn-gal06-christian-oeser-300x200.jpg 300w, https:\/\/coeser.de\/blog\/wp-content\/uploads\/2018\/04\/schneebergbahn-gal06-christian-oeser-768x512.jpg 768w, https:\/\/coeser.de\/blog\/wp-content\/uploads\/2018\/04\/schneebergbahn-gal06-christian-oeser-330x220.jpg 330w\" sizes=\"auto, (max-width: 960px) 100vw, 960px\" \/><figcaption class=\"bigpicture-text\">\n<h3>Kaiserin-Elisabeth-Ged\u00e4chtniskirche auf dem Schneeberg<\/h3>\n<p>Die <strong>Kaiserin-Elisabeth-Ged\u00e4chtniskirche (kurz Elisabethkirchlein)<\/strong> aus dem Jahr 1901 ist das auff\u00e4lligste Geb\u00e4ude auf dem Schneeberg und schon von Weitem sichtbar. Erbauen lie\u00df es Kaiser Franz Joseph I. zu Ehren seiner 1898 verstorbenen Frau Elisabeth. Im Inneren sind vor allem das Kuppelmosaik, der Altar und die bunten Glasfenster sehenswert.<br \/>\nFoto links: <strong><a href=\"https:\/\/www.google.de\/maps\/place\/47.758789,15.833360\" target=\"_blank\" rel=\"noopener\">Aufnahmeort anzeigen<\/a> <\/strong>\/ Foto rechts: <a href=\"https:\/\/www.google.de\/maps\/place\/47.758765,15.835179\" target=\"_blank\" rel=\"noopener\"><strong>Aufnahmeort anzeigen<\/strong><\/a><\/p>\n<\/figcaption><\/figure>\n<figure class=\"bigpicture\" style=\"width: 970px;\"><img loading=\"lazy\" decoding=\"async\" class=\"wp-image-7828 size-full\" src=\"https:\/\/coeser.de\/blog\/wp-content\/uploads\/2018\/04\/schneebergbahn-gal07-christian-oeser.jpg\" alt=\"Wanderweg und Damb\u00f6ckhaus auf dem Schneeberg\" width=\"960\" height=\"640\" srcset=\"https:\/\/coeser.de\/blog\/wp-content\/uploads\/2018\/04\/schneebergbahn-gal07-christian-oeser.jpg 960w, https:\/\/coeser.de\/blog\/wp-content\/uploads\/2018\/04\/schneebergbahn-gal07-christian-oeser-300x200.jpg 300w, https:\/\/coeser.de\/blog\/wp-content\/uploads\/2018\/04\/schneebergbahn-gal07-christian-oeser-768x512.jpg 768w, https:\/\/coeser.de\/blog\/wp-content\/uploads\/2018\/04\/schneebergbahn-gal07-christian-oeser-330x220.jpg 330w\" sizes=\"auto, (max-width: 960px) 100vw, 960px\" \/><figcaption class=\"bigpicture-text\">\n<h3>Wanderweg zum Damb\u00f6ckhaus<\/h3>\n<p>Nun aber zum anfangs erw\u00e4hnten Wanderweg auf den Gipfel. Dieser startet zuerst flach sowie ohne gro\u00dfe Anstrengung und f\u00fchrt je nach Jahreszeit an Kuhherden vorbei zum 20 Minuten entfernten <strong>Damb\u00f6ckhaus<\/strong>. Auf der Au\u00dfenterrasse l\u00e4sst es sich garantiert gut aushalten \u2013 davon \u00fcberzeugt habe ich mich aber noch nicht, da ich immer im finalen Wanderziel Fischerh\u00fctte h\u00e4ngen bleibe. Aber das Damb\u00f6ckhaus hole ich mit Sicherheit noch irgendwann nach!<br \/>\nFoto links: <a href=\"https:\/\/www.google.de\/maps\/place\/47.758137,15.830145\" target=\"_blank\" rel=\"noopener\"><strong>Aufnahmeort anzeigen<\/strong><\/a> \/ Foto rechts: <a href=\"https:\/\/www.google.de\/maps\/place\/47.761551,15.826748\" target=\"_blank\" rel=\"noopener\"><strong>Aufnahmeort anzeigen<\/strong><\/a><\/p>\n<\/figcaption><\/figure>\n<figure class=\"bigpicture\" style=\"width: 970px;\"><img loading=\"lazy\" decoding=\"async\" class=\"wp-image-7829 size-full\" src=\"https:\/\/coeser.de\/blog\/wp-content\/uploads\/2018\/04\/schneebergbahn-gal08-christian-oeser.jpg\" alt=\"Blumen auf dem Schneeberg\" width=\"960\" height=\"640\" srcset=\"https:\/\/coeser.de\/blog\/wp-content\/uploads\/2018\/04\/schneebergbahn-gal08-christian-oeser.jpg 960w, https:\/\/coeser.de\/blog\/wp-content\/uploads\/2018\/04\/schneebergbahn-gal08-christian-oeser-300x200.jpg 300w, https:\/\/coeser.de\/blog\/wp-content\/uploads\/2018\/04\/schneebergbahn-gal08-christian-oeser-768x512.jpg 768w, https:\/\/coeser.de\/blog\/wp-content\/uploads\/2018\/04\/schneebergbahn-gal08-christian-oeser-330x220.jpg 330w\" sizes=\"auto, (max-width: 960px) 100vw, 960px\" \/><figcaption class=\"bigpicture-text\">\n<h3>Blumenvielfalt auf dem Schneeberg<\/h3>\n<p>Was ihr bei einer Wanderung im Fr\u00fch- und Hochsommer alles an <strong>Pflanzen- und Blumenvielfalt<\/strong> zu Gesicht bekommt, soll euch diese Fotocollage zeigen. Bei meinem Herbstbesuch Mitte Oktober war es mit der Farbenpracht allerdings schon wieder vorbei.<br \/>\nAlle Fotos: <a href=\"https:\/\/www.google.de\/maps\/place\/47.760596,15.826678\" target=\"_blank\" rel=\"noopener\"><strong>Aufnahmeort anzeigen<\/strong><\/a><\/p>\n<\/figcaption><\/figure>\n<figure class=\"bigpicture\" style=\"width: 970px;\"><img loading=\"lazy\" decoding=\"async\" class=\"wp-image-7830 size-full\" src=\"https:\/\/coeser.de\/blog\/wp-content\/uploads\/2018\/04\/schneebergbahn-gal09-christian-oeser.jpg\" alt=\"Wegweiser zum Gipfelkreuz Klosterwappen auf dem Schneeberg\" width=\"960\" height=\"640\" srcset=\"https:\/\/coeser.de\/blog\/wp-content\/uploads\/2018\/04\/schneebergbahn-gal09-christian-oeser.jpg 960w, https:\/\/coeser.de\/blog\/wp-content\/uploads\/2018\/04\/schneebergbahn-gal09-christian-oeser-300x200.jpg 300w, https:\/\/coeser.de\/blog\/wp-content\/uploads\/2018\/04\/schneebergbahn-gal09-christian-oeser-768x512.jpg 768w, https:\/\/coeser.de\/blog\/wp-content\/uploads\/2018\/04\/schneebergbahn-gal09-christian-oeser-330x220.jpg 330w\" sizes=\"auto, (max-width: 960px) 100vw, 960px\" \/><figcaption class=\"bigpicture-text\">\n<h3>Das Gipfelkreuz Klosterwappen<\/h3>\n<p>Einige Minuten nach dem Damb\u00f6ckhaus erreicht man eine Abzweigung auf dem Weg (Bild rechts). Entweder folgt man dem gelben Wegweiser zum <strong>Gipfelkreuz Klosterwappen<\/strong> (Bild links) oder geht geradeaus weiter <strong>in Richtung Fischerh\u00fctte<\/strong>. Welche Option man w\u00e4hlt ist Geschmackssache, denn es handelt sich wie eingangs erw\u00e4hnt um einen Rundweg.<br \/>\nBeide Fotos: <a href=\"https:\/\/www.google.de\/maps\/place\/47.763940,15.820261\" target=\"_blank\" rel=\"noopener\"><strong>Aufnahmeort anzeigen<\/strong><\/a><\/p>\n<\/figcaption><\/figure>\n<figure class=\"bigpicture\" style=\"width: 970px;\"><img loading=\"lazy\" decoding=\"async\" class=\"wp-image-7831 size-full\" src=\"https:\/\/coeser.de\/blog\/wp-content\/uploads\/2018\/04\/schneebergbahn-gal10-christian-oeser.jpg\" alt=\"Wanderweg zum Klosterwappen auf dem Schneeberg\" width=\"960\" height=\"640\" srcset=\"https:\/\/coeser.de\/blog\/wp-content\/uploads\/2018\/04\/schneebergbahn-gal10-christian-oeser.jpg 960w, https:\/\/coeser.de\/blog\/wp-content\/uploads\/2018\/04\/schneebergbahn-gal10-christian-oeser-300x200.jpg 300w, https:\/\/coeser.de\/blog\/wp-content\/uploads\/2018\/04\/schneebergbahn-gal10-christian-oeser-768x512.jpg 768w, https:\/\/coeser.de\/blog\/wp-content\/uploads\/2018\/04\/schneebergbahn-gal10-christian-oeser-330x220.jpg 330w\" sizes=\"auto, (max-width: 960px) 100vw, 960px\" \/><figcaption class=\"bigpicture-text\">\n<h3>Wanderweg zum Klosterwappen<\/h3>\n<p>Ich habe trotzdem eine klare Empfehlung f\u00fcr euch, wenn es um den &#8222;besseren&#8220; Weg geht. Ich zweige <strong>lieber in Richtung Klosterwappen<\/strong> ab und w\u00e4hle den auf den ersten Blick beschwerlicheren Weg. Warum ist ganz einfach erkl\u00e4rt: der Pfad f\u00fchrt \u00fcber Stock und Stein zum Gipfel und nicht \u00fcber einen geschotterten Fuhrweg wie die alternative Route zur Fischerh\u00fctte. Das ist beim Bergaufwandern meiner Meinung nach wesentlich angenehmer, knieschonender und vor allem optisch sch\u00f6ner als auf dem rutschigen Boden mit Schotter.<br \/>\n<a href=\"https:\/\/www.google.de\/maps\/place\/47.764241,15.816554\" target=\"_blank\" rel=\"noopener\"><strong>Aufnahmeort anzeigen<\/strong><\/a><\/p>\n<\/figcaption><\/figure>\n<figure class=\"bigpicture\" style=\"width: 970px;\"><img loading=\"lazy\" decoding=\"async\" class=\"wp-image-7832 size-full\" src=\"https:\/\/coeser.de\/blog\/wp-content\/uploads\/2018\/04\/schneebergbahn-gal11-christian-oeser.jpg\" alt=\"Gipfelkreuz Klosterwappen auf dem Schneeberg\" width=\"960\" height=\"640\" srcset=\"https:\/\/coeser.de\/blog\/wp-content\/uploads\/2018\/04\/schneebergbahn-gal11-christian-oeser.jpg 960w, https:\/\/coeser.de\/blog\/wp-content\/uploads\/2018\/04\/schneebergbahn-gal11-christian-oeser-300x200.jpg 300w, https:\/\/coeser.de\/blog\/wp-content\/uploads\/2018\/04\/schneebergbahn-gal11-christian-oeser-768x512.jpg 768w, https:\/\/coeser.de\/blog\/wp-content\/uploads\/2018\/04\/schneebergbahn-gal11-christian-oeser-330x220.jpg 330w\" sizes=\"auto, (max-width: 960px) 100vw, 960px\" \/><figcaption class=\"bigpicture-text\">\n<h3>Gipfelkreuz Klosterwappen auf dem Schneeberg<\/h3>\n<p>Nach der letzten Etappe, die es von den zu bew\u00e4ltigenden H\u00f6henmetern wirklich in sich hat, steht man dann endlich <strong>auf dem Klosterwappen und vor dem Gipfelkreuz<\/strong>. Dort sollte man sich einige Minuten der Ruhe nehmen und den in alle Himmelsrichtungen freien Blick in die Ferne genie\u00dfen. An besonders klaren Tagen sieht man bis in die ungarische Tiefebene, den Neusiedlersee, die Slowakei und nat\u00fcrlich die Berge rund um den Schneeberg.<br \/>\n<a href=\"https:\/\/www.google.de\/maps\/place\/47.767158,15.804516\" target=\"_blank\" rel=\"noopener\"><strong>Aufnahmeort anzeigen<\/strong><\/a><\/p>\n<\/figcaption><\/figure>\n<figure class=\"bigpicture\" style=\"width: 970px;\"><img loading=\"lazy\" decoding=\"async\" class=\"wp-image-7833 size-full\" src=\"https:\/\/coeser.de\/blog\/wp-content\/uploads\/2018\/04\/schneebergbahn-gal12-christian-oeser.jpg\" alt=\"Fischerh\u00fctte auf dem Schneeberg\" width=\"960\" height=\"640\" srcset=\"https:\/\/coeser.de\/blog\/wp-content\/uploads\/2018\/04\/schneebergbahn-gal12-christian-oeser.jpg 960w, https:\/\/coeser.de\/blog\/wp-content\/uploads\/2018\/04\/schneebergbahn-gal12-christian-oeser-300x200.jpg 300w, https:\/\/coeser.de\/blog\/wp-content\/uploads\/2018\/04\/schneebergbahn-gal12-christian-oeser-768x512.jpg 768w, https:\/\/coeser.de\/blog\/wp-content\/uploads\/2018\/04\/schneebergbahn-gal12-christian-oeser-330x220.jpg 330w\" sizes=\"auto, (max-width: 960px) 100vw, 960px\" \/><figcaption class=\"bigpicture-text\">\n<h3>Fischerh\u00fctte auf dem Schneeberg<\/h3>\n<p>Vom Klosterwappen aus &#8222;winkt&#8220; einem bereits die 15 Minuten entfernte <strong>Fischerh\u00fctte<\/strong> zu, die \u00fcber einen leicht abfallenden Weg bequem zu erreichen ist. Dieses Gasthaus, in dem auch Schlafpl\u00e4tze angeboten werden, ist jeweils mein eigentliches Ziel der Wanderung.<br \/>\n<a href=\"https:\/\/www.google.de\/maps\/place\/47.767158,15.804516\" target=\"_blank\" rel=\"noopener\"><strong>Aufnahmeort anzeigen<\/strong><\/a><\/p>\n<\/figcaption><\/figure>\n<figure class=\"bigpicture\" style=\"width: 970px;\"><img loading=\"lazy\" decoding=\"async\" class=\"wp-image-7834 size-full\" src=\"https:\/\/coeser.de\/blog\/wp-content\/uploads\/2018\/04\/schneebergbahn-gal13-christian-oeser.jpg\" alt=\"Essen und Trinken in der Fischerh\u00fctte auf dem Schneeberg\" width=\"960\" height=\"640\" srcset=\"https:\/\/coeser.de\/blog\/wp-content\/uploads\/2018\/04\/schneebergbahn-gal13-christian-oeser.jpg 960w, https:\/\/coeser.de\/blog\/wp-content\/uploads\/2018\/04\/schneebergbahn-gal13-christian-oeser-300x200.jpg 300w, https:\/\/coeser.de\/blog\/wp-content\/uploads\/2018\/04\/schneebergbahn-gal13-christian-oeser-768x512.jpg 768w, https:\/\/coeser.de\/blog\/wp-content\/uploads\/2018\/04\/schneebergbahn-gal13-christian-oeser-330x220.jpg 330w\" sizes=\"auto, (max-width: 960px) 100vw, 960px\" \/><figcaption class=\"bigpicture-text\">\n<h3>Einkehr in der Fischerh\u00fctte<\/h3>\n<p>Nach dem kr\u00e4ftezehrenden Aufstieg tut ein Wei\u00dfbier in Verbindung mit einer Kaspresskn\u00f6delsuppe sowie einer kr\u00e4ftigen Gulaschsuppe so richtig gut. In der <strong>Fischerh\u00fctte<\/strong> holt man sich seine Speisen und Getr\u00e4nke selbst von der Ausschank und sucht sich dann einen sch\u00f6nen Platz auf der Terrasse.<br \/>\n<a href=\"https:\/\/www.google.de\/maps\/place\/47.772518,15.809912\" target=\"_blank\" rel=\"noopener\"><strong>Aufnahmeort anzeigen<\/strong><\/a><\/p>\n<\/figcaption><\/figure>\n<figure class=\"bigpicture\" style=\"width: 970px;\"><img loading=\"lazy\" decoding=\"async\" class=\"wp-image-7835 size-full\" src=\"https:\/\/coeser.de\/blog\/wp-content\/uploads\/2018\/04\/schneebergbahn-gal14-christian-oeser.jpg\" alt=\"Ausblick vom Schneeberg auf die Bergwelt\" width=\"960\" height=\"640\" srcset=\"https:\/\/coeser.de\/blog\/wp-content\/uploads\/2018\/04\/schneebergbahn-gal14-christian-oeser.jpg 960w, https:\/\/coeser.de\/blog\/wp-content\/uploads\/2018\/04\/schneebergbahn-gal14-christian-oeser-300x200.jpg 300w, https:\/\/coeser.de\/blog\/wp-content\/uploads\/2018\/04\/schneebergbahn-gal14-christian-oeser-768x512.jpg 768w, https:\/\/coeser.de\/blog\/wp-content\/uploads\/2018\/04\/schneebergbahn-gal14-christian-oeser-330x220.jpg 330w\" sizes=\"auto, (max-width: 960px) 100vw, 960px\" \/><figcaption class=\"bigpicture-text\">\n<h3>Ausblick vom Schneeberg auf die Bergwelt<\/h3>\n<p>Nach dem Essen gibt es nichts Sch\u00f6neres, als im Gras liegend sich die Sonne auf den K\u00f6rper scheinen zu lassen und etwas Entspannung zu finden. Bei <strong>solch einem Panorama<\/strong> f\u00e4llt es dann auch schwer, wieder aufzustehen und den R\u00fcckweg anzutreten.<br \/>\n<a href=\"https:\/\/www.google.de\/maps\/place\/47.766670,15.803901\" target=\"_blank\" rel=\"noopener\"><strong>Aufnahmeort anzeigen<\/strong><\/a><\/p>\n<\/figcaption><\/figure>\n<figure class=\"bigpicture\" style=\"width: 970px;\"><img loading=\"lazy\" decoding=\"async\" class=\"wp-image-7840 size-full\" src=\"https:\/\/coeser.de\/blog\/wp-content\/uploads\/2018\/04\/schneebergbahn-gal15-christian-oeser.jpg\" alt=\"Wanderweg auf die Fischerh\u00fctte auf dem Schneeberg\" width=\"960\" height=\"640\" srcset=\"https:\/\/coeser.de\/blog\/wp-content\/uploads\/2018\/04\/schneebergbahn-gal15-christian-oeser.jpg 960w, https:\/\/coeser.de\/blog\/wp-content\/uploads\/2018\/04\/schneebergbahn-gal15-christian-oeser-300x200.jpg 300w, https:\/\/coeser.de\/blog\/wp-content\/uploads\/2018\/04\/schneebergbahn-gal15-christian-oeser-768x512.jpg 768w, https:\/\/coeser.de\/blog\/wp-content\/uploads\/2018\/04\/schneebergbahn-gal15-christian-oeser-330x220.jpg 330w\" sizes=\"auto, (max-width: 960px) 100vw, 960px\" \/><figcaption class=\"bigpicture-text\">\n<h3>Steiler Abstieg von der Fischerh\u00fctte<\/h3>\n<p>F\u00fcr den Weg bergab k\u00f6nnt ihr von der Fischerh\u00fctte aus entweder den <strong>breiten Schotterweg<\/strong> w\u00e4hlen oder ihr geht als Abk\u00fcrzer den <strong>steinigen, steilen Pfad<\/strong>. Dieser sieht auf dem rechten Bild \u00fcbrigens anspruchsvoller und gef\u00e4hrlicher aus, als er tats\u00e4chlich ist \u2013 gutes Schuhwerk und Konzentration geh\u00f6ren nat\u00fcrlich trotzdem immer dazu!<br \/>\nFoto links: <strong><a href=\"https:\/\/www.google.de\/maps\/place\/47.766025,15.814394\" target=\"_blank\" rel=\"noopener\">Aufnahmeort anzeigen<\/a><\/strong> \/ Foto rechts: <a href=\"https:\/\/www.google.de\/maps\/place\/47.771002,15.810716\" target=\"_blank\" rel=\"noopener\"><strong>Aufnahmeort anzeigen<\/strong><\/a><\/p>\n<\/figcaption><\/figure>\n<figure class=\"bigpicture\" style=\"width: 970px;\"><img loading=\"lazy\" decoding=\"async\" class=\"wp-image-7836 size-full\" src=\"https:\/\/coeser.de\/blog\/wp-content\/uploads\/2018\/04\/schneebergbahn-gal16-christian-oeser.jpg\" alt=\"Salamanderzug der Schneebergbahn mit umliegender Bergwelt\" width=\"960\" height=\"640\" srcset=\"https:\/\/coeser.de\/blog\/wp-content\/uploads\/2018\/04\/schneebergbahn-gal16-christian-oeser.jpg 960w, https:\/\/coeser.de\/blog\/wp-content\/uploads\/2018\/04\/schneebergbahn-gal16-christian-oeser-300x200.jpg 300w, https:\/\/coeser.de\/blog\/wp-content\/uploads\/2018\/04\/schneebergbahn-gal16-christian-oeser-768x512.jpg 768w, https:\/\/coeser.de\/blog\/wp-content\/uploads\/2018\/04\/schneebergbahn-gal16-christian-oeser-330x220.jpg 330w\" sizes=\"auto, (max-width: 960px) 100vw, 960px\" \/><figcaption class=\"bigpicture-text\">\n<h3>Salamanderzug der Schneebergbahn<\/h3>\n<p>Kurz vor der R\u00fcckkehr zum Bahnhof Hochschneeberg bietet sich von einer erh\u00f6hten Lage aus diese <strong>tolle Fotom\u00f6glichkeit<\/strong> an, um den Salamanderzug der Schneebergbahn mit der Umgebung abzulichten.<br \/>\n<a href=\"https:\/\/www.google.de\/maps\/place\/47.758140,15.831543\" target=\"_blank\" rel=\"noopener\"><strong>Aufnahmeort anzeigen<\/strong><\/a><\/p>\n<\/figcaption><\/figure>\n<figure class=\"bigpicture\" style=\"width: 970px;\"><img loading=\"lazy\" decoding=\"async\" class=\"wp-image-7837 size-full\" src=\"https:\/\/coeser.de\/blog\/wp-content\/uploads\/2018\/04\/schneebergbahn-gal17-christian-oeser.jpg\" alt=\"Kaiserin-Elisabeth-Ged\u00e4chtniskirche und Schneebergbahn\" width=\"960\" height=\"640\" srcset=\"https:\/\/coeser.de\/blog\/wp-content\/uploads\/2018\/04\/schneebergbahn-gal17-christian-oeser.jpg 960w, https:\/\/coeser.de\/blog\/wp-content\/uploads\/2018\/04\/schneebergbahn-gal17-christian-oeser-300x200.jpg 300w, https:\/\/coeser.de\/blog\/wp-content\/uploads\/2018\/04\/schneebergbahn-gal17-christian-oeser-768x512.jpg 768w, https:\/\/coeser.de\/blog\/wp-content\/uploads\/2018\/04\/schneebergbahn-gal17-christian-oeser-330x220.jpg 330w\" sizes=\"auto, (max-width: 960px) 100vw, 960px\" \/><figcaption class=\"bigpicture-text\">\n<h3>Blick auf die Kaiserin-Elisabeth-Ged\u00e4chtniskirche<\/h3>\n<p>Die letzten Meter zum Zielbahnhof geben nochmals diesen grandiosen Blick auf die <strong>Kaiserin-Elisabeth-Ged\u00e4chtniskirche<\/strong> mit der davor abfahrenden <strong>Schneebergbahn<\/strong> frei.<br \/>\n<a href=\"https:\/\/www.google.de\/maps\/place\/47.758789,15.833360\" target=\"_blank\" rel=\"noopener\"><strong>Aufnahmeort anzeigen<\/strong><\/a><\/p>\n<\/figcaption><\/figure>\n<figure class=\"bigpicture\" style=\"width: 970px;\"><img loading=\"lazy\" decoding=\"async\" class=\"wp-image-7838 size-full\" src=\"https:\/\/coeser.de\/blog\/wp-content\/uploads\/2018\/04\/schneebergbahn-gal18-christian-oeser.jpg\" alt=\"Schneebergbahn in der Haltestelle Baumgartner\" width=\"960\" height=\"640\" srcset=\"https:\/\/coeser.de\/blog\/wp-content\/uploads\/2018\/04\/schneebergbahn-gal18-christian-oeser.jpg 960w, https:\/\/coeser.de\/blog\/wp-content\/uploads\/2018\/04\/schneebergbahn-gal18-christian-oeser-300x200.jpg 300w, https:\/\/coeser.de\/blog\/wp-content\/uploads\/2018\/04\/schneebergbahn-gal18-christian-oeser-768x512.jpg 768w, https:\/\/coeser.de\/blog\/wp-content\/uploads\/2018\/04\/schneebergbahn-gal18-christian-oeser-330x220.jpg 330w\" sizes=\"auto, (max-width: 960px) 100vw, 960px\" \/><figcaption class=\"bigpicture-text\">\n<h3>R\u00fcckfahrt mit der Schneebergbahn<\/h3>\n<p>Die Talfahrt mit der Schneebergbahn nutzte ich, um in der Haltestelle Baumgartner nochmals den am Gegengleis <strong>vorbeifahrenden Salamanderzug<\/strong> zu fotografieren.<br \/>\n<a href=\"https:\/\/www.google.de\/maps\/place\/47.753360,15.850930\" target=\"_blank\" rel=\"noopener\"><strong>Aufnahmeort anzeigen<\/strong><\/a><\/p>\n<\/figcaption><\/figure>\n<figure class=\"bigpicture\" style=\"width: 970px;\"><img loading=\"lazy\" decoding=\"async\" class=\"wp-image-7839 size-full\" src=\"https:\/\/coeser.de\/blog\/wp-content\/uploads\/2018\/04\/schneebergbahn-gal19-christian-oeser.jpg\" alt=\"Historische Teile der Schneebergbahn\" width=\"960\" height=\"640\" srcset=\"https:\/\/coeser.de\/blog\/wp-content\/uploads\/2018\/04\/schneebergbahn-gal19-christian-oeser.jpg 960w, https:\/\/coeser.de\/blog\/wp-content\/uploads\/2018\/04\/schneebergbahn-gal19-christian-oeser-300x200.jpg 300w, https:\/\/coeser.de\/blog\/wp-content\/uploads\/2018\/04\/schneebergbahn-gal19-christian-oeser-768x512.jpg 768w, https:\/\/coeser.de\/blog\/wp-content\/uploads\/2018\/04\/schneebergbahn-gal19-christian-oeser-330x220.jpg 330w\" sizes=\"auto, (max-width: 960px) 100vw, 960px\" \/><figcaption class=\"bigpicture-text\">\n<h3>Historische Teile der Schneebergbahn<\/h3>\n<p>Am Bahnhof Puchberg am Schneeberg angekommen zahlt es sich aus, auf dem Weg zum Parkplatz den kleinen Weg direkt neben den Gleisen der Schneebergbahn zu nehmen. Dort kommt man n\u00e4mlich an <strong>historischen Teilen der Bahn<\/strong> vorbei, die unter anderem einen Einblick in die Zahnradtechnik geben.<br \/>\n<a href=\"https:\/\/www.google.de\/maps\/place\/47.789793,15.908897\" target=\"_blank\" rel=\"noopener\"><strong>Aufnahmeort anzeigen<\/strong><\/a><\/p>\n<\/figcaption><\/figure>\n<hr \/>\n<div class=\"tipps\">\n<h2>TIPP: SCHNEEBERG, DIE ZWEITE<\/h2>\n<p>Neben der Schneebergbahn gibt es auch einen Sessellift auf den Schneeberg, allerdings an etwas anderer Stelle. Im nur wenige Kilometer entfernten Losenheim f\u00e4hrt man mit der Sesselbahn auf 1.210 Meter Seeh\u00f6he und kann oben angekommen einige Wanderungen starten. Nach der vormitt\u00e4glichen Wanderung und daraus folgender M\u00fcdigkeit habe ich mit meiner Freundin den Sessellift am Nachmittag allerdings nur noch genutzt, um im Almreserlhaus und der Edelwei\u00dfh\u00fctte etwas zu trinken sowie eine (geniale) Cremeschnitte zu probieren. Die Ausblicke sind \u00fcbrigens auch auf 1.200 Metern Seeh\u00f6he fantastisch! Alle Infos zum Sessellift findet ihr auf der Webseite <strong><a href=\"https:\/\/www.schneebergsesselbahn.at\/betriebszeiten-schneebergsesselbahn\" target=\"_blank\" rel=\"noopener\">schneebergsesselbahn.at<\/a><\/strong>.<\/p>\n<div id='gallery-1' class='gallery galleryid-7819 gallery-columns-7 gallery-size-thumbnail'><figure class='gallery-item'>\n\t\t\t<div class='gallery-icon landscape'>\n\t\t\t\t<a href='https:\/\/coeser.de\/blog\/wp-content\/uploads\/2018\/04\/schneeberg-wunderwiese-gal01-christian-oeser.jpg' title=\"Fahrt mit dem Sessellift auf den Schneeberg in Losenheim\" data-rl_title=\"Fahrt mit dem Sessellift auf den Schneeberg in Losenheim\" class=\"rl-gallery-link\" data-rl_caption=\"Aufnahmeort anzeigen\" data-rel=\"lightbox-gallery-1\"><img loading=\"lazy\" decoding=\"async\" width=\"150\" height=\"150\" src=\"https:\/\/coeser.de\/blog\/wp-content\/uploads\/2018\/04\/schneeberg-wunderwiese-gal01-christian-oeser-150x150.jpg\" class=\"attachment-thumbnail size-thumbnail\" alt=\"Fahrt mit dem Sessellift auf den Schneeberg in Losenheim\" aria-describedby=\"gallery-1-7846\" \/><\/a>\n\t\t\t<\/div>\n\t\t\t\t<figcaption class='wp-caption-text gallery-caption' id='gallery-1-7846'>\n\t\t\t\tFahrt mit dem Sessellift auf den Schneeberg in Losenheim\n\t\t\t\t<\/figcaption><\/figure><figure class='gallery-item'>\n\t\t\t<div class='gallery-icon landscape'>\n\t\t\t\t<a href='https:\/\/coeser.de\/blog\/wp-content\/uploads\/2018\/04\/schneeberg-wunderwiese-gal02-christian-oeser.jpg' title=\"Die Aussichtsterrasse im Almreserlhaus auf dem Schneeberg bei Losenheim\" data-rl_title=\"Die Aussichtsterrasse im Almreserlhaus auf dem Schneeberg bei Losenheim\" class=\"rl-gallery-link\" data-rl_caption=\"Aufnahmeort anzeigen\" data-rel=\"lightbox-gallery-1\"><img loading=\"lazy\" decoding=\"async\" width=\"150\" height=\"150\" src=\"https:\/\/coeser.de\/blog\/wp-content\/uploads\/2018\/04\/schneeberg-wunderwiese-gal02-christian-oeser-150x150.jpg\" class=\"attachment-thumbnail size-thumbnail\" alt=\"Die Aussichtsterrasse im Almreserlhaus auf dem Schneeberg bei Losenheim\" aria-describedby=\"gallery-1-7847\" \/><\/a>\n\t\t\t<\/div>\n\t\t\t\t<figcaption class='wp-caption-text gallery-caption' id='gallery-1-7847'>\n\t\t\t\tDie Aussichtsterrasse im Almreserlhaus auf dem Schneeberg bei Losenheim\n\t\t\t\t<\/figcaption><\/figure><figure class='gallery-item'>\n\t\t\t<div class='gallery-icon landscape'>\n\t\t\t\t<a href='https:\/\/coeser.de\/blog\/wp-content\/uploads\/2018\/04\/schneeberg-wunderwiese-gal03-christian-oeser.jpg' title=\"Blick vom Almreserlhaus auf die Edelwei\u00dfh\u00fctte auf dem Schneeberg bei Losenheim\" data-rl_title=\"Blick vom Almreserlhaus auf die Edelwei\u00dfh\u00fctte auf dem Schneeberg bei Losenheim\" class=\"rl-gallery-link\" data-rl_caption=\"Aufnahmeort anzeigen\" data-rel=\"lightbox-gallery-1\"><img loading=\"lazy\" decoding=\"async\" width=\"150\" height=\"150\" src=\"https:\/\/coeser.de\/blog\/wp-content\/uploads\/2018\/04\/schneeberg-wunderwiese-gal03-christian-oeser-150x150.jpg\" class=\"attachment-thumbnail size-thumbnail\" alt=\"Blick vom Almreserlhaus auf die Edelwei\u00dfh\u00fctte auf dem Schneeberg bei Losenheim\" aria-describedby=\"gallery-1-7848\" \/><\/a>\n\t\t\t<\/div>\n\t\t\t\t<figcaption class='wp-caption-text gallery-caption' id='gallery-1-7848'>\n\t\t\t\tBlick vom Almreserlhaus auf die Edelwei\u00dfh\u00fctte auf dem Schneeberg bei Losenheim\n\t\t\t\t<\/figcaption><\/figure><figure class='gallery-item'>\n\t\t\t<div class='gallery-icon landscape'>\n\t\t\t\t<a href='https:\/\/coeser.de\/blog\/wp-content\/uploads\/2018\/04\/schneeberg-wunderwiese-gal04-christian-oeser.jpg' title=\"Bier, Schnaps und eine Cremeschnitte in der Edelwei\u00dfh\u00fctte auf dem Schneeberg bei Losenheim\" data-rl_title=\"Bier, Schnaps und eine Cremeschnitte in der Edelwei\u00dfh\u00fctte auf dem Schneeberg bei Losenheim\" class=\"rl-gallery-link\" data-rl_caption=\"Aufnahmeort anzeigen\" data-rel=\"lightbox-gallery-1\"><img loading=\"lazy\" decoding=\"async\" width=\"150\" height=\"150\" src=\"https:\/\/coeser.de\/blog\/wp-content\/uploads\/2018\/04\/schneeberg-wunderwiese-gal04-christian-oeser-150x150.jpg\" class=\"attachment-thumbnail size-thumbnail\" alt=\"Bier, Schnaps und eine Cremeschnitte in der Edelwei\u00dfh\u00fctte auf dem Schneeberg bei Losenheim\" aria-describedby=\"gallery-1-7849\" \/><\/a>\n\t\t\t<\/div>\n\t\t\t\t<figcaption class='wp-caption-text gallery-caption' id='gallery-1-7849'>\n\t\t\t\tBier, Schnaps und eine Cremeschnitte in der Edelwei\u00dfh\u00fctte auf dem Schneeberg bei Losenheim\n\t\t\t\t<\/figcaption><\/figure>\n\t\t<\/div>\n\n<\/div>\n<p>&nbsp;<\/p>\n<hr \/>\n<div class=\"fazit\">\n<h2>FAZIT<\/h2>\n<p>Ein Tagesausflug ins nieder\u00f6sterreichische Puchberg inklusive Fahrt mit der Schneebergbahn auf den Schneeberg ist ein tolles Erlebnis, das ich gerne j\u00e4hrlich wiederhole. Die Zahnradbahn kann auf eine \u00fcber 120-j\u00e4hrige Geschichte zur\u00fcckblicken und der Aufstieg mit dem als Salamander &#8222;getarnten&#8220; Zug ist immer ein besonderes Gef\u00fchl. Zu den Highlights z\u00e4hlen die Buchtelstation an der Strecke sowie eine Wanderung zum Klosterwappen, dem Gipfelkreuz des Schneebergs auf 2.076 Metern Seeh\u00f6he. Diese hinterl\u00e4sst dank des letzten, anstrengenden Wegst\u00fccks und des grandiosen Ausblicks als Belohnung auch ein befriedigendes Gef\u00fchl im K\u00f6rper! \ud83d\ude42<\/p>\n<\/div>\n<p>&nbsp;<\/p>\n<div style=\"display: none;\">\n<p><img loading=\"lazy\" decoding=\"async\" class=\"alignnone size-full wp-image-7852\" src=\"https:\/\/coeser.de\/blog\/wp-content\/uploads\/2018\/04\/schneebergbahn-p01-christian-oeser.jpg\" alt=\"Schneebergbahn: Erfahrungsbericht mit Wandertipps, den besten Fotospots und Restaurantempfehlungen.\" width=\"735\" height=\"1102\" srcset=\"https:\/\/coeser.de\/blog\/wp-content\/uploads\/2018\/04\/schneebergbahn-p01-christian-oeser.jpg 735w, https:\/\/coeser.de\/blog\/wp-content\/uploads\/2018\/04\/schneebergbahn-p01-christian-oeser-200x300.jpg 200w, https:\/\/coeser.de\/blog\/wp-content\/uploads\/2018\/04\/schneebergbahn-p01-christian-oeser-683x1024.jpg 683w\" sizes=\"auto, (max-width: 735px) 100vw, 735px\" \/><img loading=\"lazy\" decoding=\"async\" class=\"alignnone size-full wp-image-7853\" src=\"https:\/\/coeser.de\/blog\/wp-content\/uploads\/2018\/04\/schneebergbahn-p02-christian-oeser.jpg\" alt=\"Schneebergbahn: Erfahrungsbericht mit Wandertipps, den besten Fotospots und Restaurantempfehlungen.\" width=\"735\" height=\"1102\" srcset=\"https:\/\/coeser.de\/blog\/wp-content\/uploads\/2018\/04\/schneebergbahn-p02-christian-oeser.jpg 735w, https:\/\/coeser.de\/blog\/wp-content\/uploads\/2018\/04\/schneebergbahn-p02-christian-oeser-200x300.jpg 200w, https:\/\/coeser.de\/blog\/wp-content\/uploads\/2018\/04\/schneebergbahn-p02-christian-oeser-683x1024.jpg 683w\" sizes=\"auto, (max-width: 735px) 100vw, 735px\" \/><\/p>\n<\/div>\n","protected":false},"excerpt":{"rendered":"<p>Wenn man in einer Gro\u00dfstadt lebt, denkt man normalerweise nicht sofort an die M\u00f6glichkeit einer schnellen Wanderung. In Wien ist man da jedoch recht privilegiert: neben tollen Wanderwegen am Stadtrand bietet sich vor allem der nur rund eine Stunde entfernte Schneeberg in Nieder\u00f6sterreich f\u00fcr einen Tagesausflug mit Bergerlebnis an \u2013 inklusive spektakul\u00e4rer Fahrt mit einer [&hellip;]<\/p>\n","protected":false},"author":1,"featured_media":7821,"comment_status":"open","ping_status":"open","sticky":false,"template":"","format":"standard","meta":{"_jetpack_memberships_contains_paid_content":false,"footnotes":""},"categories":[17],"tags":[25,23,248,246,247,58,147],"class_list":["post-7819","post","type-post","status-publish","format-standard","has-post-thumbnail","hentry","category-oesterreich","tag-ausflug","tag-oesterreich","tag-puchberg","tag-schneeberg","tag-schneebergbahn","tag-wandern","tag-wanderung"],"yoast_head":"<!-- This site is optimized with the Yoast SEO plugin v27.4 - https:\/\/yoast.com\/product\/yoast-seo-wordpress\/ -->\n<title>Per Salamander auf den Schneeberg - Reiseblog und Fotostories von Christian \u00d6ser<\/title>\n<meta name=\"description\" content=\"Schneebergbahn (Salamander) in Puchberg am Schneeberg: Erfahrungsbericht mit Wandertipps, den besten Fotospots und H\u00fcttenempfehlungen.\" \/>\n<meta name=\"robots\" content=\"index, follow, max-snippet:-1, max-image-preview:large, max-video-preview:-1\" \/>\n<link rel=\"canonical\" href=\"https:\/\/coeser.de\/blog\/index.php\/2018\/04\/24\/per-salamander-auf-den-schneeberg\/\" \/>\n<meta property=\"og:locale\" content=\"de_DE\" \/>\n<meta property=\"og:type\" content=\"article\" \/>\n<meta property=\"og:title\" content=\"Per Salamander auf den Schneeberg - Reiseblog und Fotostories von Christian \u00d6ser\" \/>\n<meta property=\"og:description\" content=\"Schneebergbahn (Salamander) in Puchberg am Schneeberg: Erfahrungsbericht mit Wandertipps, den besten Fotospots und H\u00fcttenempfehlungen.\" \/>\n<meta property=\"og:url\" content=\"https:\/\/coeser.de\/blog\/index.php\/2018\/04\/24\/per-salamander-auf-den-schneeberg\/\" \/>\n<meta property=\"og:site_name\" content=\"fern &amp; nah - Reiseblog und Fotostories von Christian \u00d6ser\" \/>\n<meta property=\"article:publisher\" content=\"Christian \u00d6ser\" \/>\n<meta property=\"article:author\" content=\"Christian \u00d6ser\" \/>\n<meta property=\"article:published_time\" content=\"2018-04-24T05:00:53+00:00\" \/>\n<meta property=\"article:modified_time\" content=\"2024-01-09T10:22:16+00:00\" \/>\n<meta property=\"og:image\" content=\"https:\/\/coeser.de\/blog\/wp-content\/uploads\/2018\/04\/schneebergbahn-aufmacher-salamander-christian-oeser.jpg\" \/>\n\t<meta property=\"og:image:width\" content=\"978\" \/>\n\t<meta property=\"og:image:height\" content=\"550\" \/>\n\t<meta property=\"og:image:type\" content=\"image\/jpeg\" \/>\n<meta name=\"author\" content=\"Christian \u00d6ser\" \/>\n<meta name=\"twitter:card\" content=\"summary_large_image\" \/>\n<meta name=\"twitter:label1\" content=\"Verfasst von\" \/>\n\t<meta name=\"twitter:data1\" content=\"Christian \u00d6ser\" \/>\n\t<meta name=\"twitter:label2\" content=\"Gesch\u00e4tzte Lesezeit\" \/>\n\t<meta name=\"twitter:data2\" content=\"16\u00a0Minuten\" \/>\n<script type=\"application\/ld+json\" class=\"yoast-schema-graph\">{\"@context\":\"https:\\\/\\\/schema.org\",\"@graph\":[{\"@type\":\"Article\",\"@id\":\"https:\\\/\\\/coeser.de\\\/blog\\\/index.php\\\/2018\\\/04\\\/24\\\/per-salamander-auf-den-schneeberg\\\/#article\",\"isPartOf\":{\"@id\":\"https:\\\/\\\/coeser.de\\\/blog\\\/index.php\\\/2018\\\/04\\\/24\\\/per-salamander-auf-den-schneeberg\\\/\"},\"author\":{\"name\":\"Christian \u00d6ser\",\"@id\":\"https:\\\/\\\/coeser.de\\\/blog\\\/#\\\/schema\\\/person\\\/fda1d253389076b2cadc3d47018cf315\"},\"headline\":\"Per Salamander auf den Schneeberg\",\"datePublished\":\"2018-04-24T05:00:53+00:00\",\"dateModified\":\"2024-01-09T10:22:16+00:00\",\"mainEntityOfPage\":{\"@id\":\"https:\\\/\\\/coeser.de\\\/blog\\\/index.php\\\/2018\\\/04\\\/24\\\/per-salamander-auf-den-schneeberg\\\/\"},\"wordCount\":2137,\"commentCount\":6,\"publisher\":{\"@id\":\"https:\\\/\\\/coeser.de\\\/blog\\\/#\\\/schema\\\/person\\\/fda1d253389076b2cadc3d47018cf315\"},\"image\":{\"@id\":\"https:\\\/\\\/coeser.de\\\/blog\\\/index.php\\\/2018\\\/04\\\/24\\\/per-salamander-auf-den-schneeberg\\\/#primaryimage\"},\"thumbnailUrl\":\"https:\\\/\\\/coeser.de\\\/blog\\\/wp-content\\\/uploads\\\/2018\\\/04\\\/schneebergbahn-aufmacher-salamander-christian-oeser.jpg\",\"keywords\":[\"Ausflug\",\"\u00d6sterreich\",\"Puchberg\",\"Schneeberg\",\"Schneebergbahn\",\"Wandern\",\"Wanderung\"],\"articleSection\":[\"\u00d6STERREICH\"],\"inLanguage\":\"de\",\"potentialAction\":[{\"@type\":\"CommentAction\",\"name\":\"Comment\",\"target\":[\"https:\\\/\\\/coeser.de\\\/blog\\\/index.php\\\/2018\\\/04\\\/24\\\/per-salamander-auf-den-schneeberg\\\/#respond\"]}]},{\"@type\":\"WebPage\",\"@id\":\"https:\\\/\\\/coeser.de\\\/blog\\\/index.php\\\/2018\\\/04\\\/24\\\/per-salamander-auf-den-schneeberg\\\/\",\"url\":\"https:\\\/\\\/coeser.de\\\/blog\\\/index.php\\\/2018\\\/04\\\/24\\\/per-salamander-auf-den-schneeberg\\\/\",\"name\":\"Per Salamander auf den Schneeberg - Reiseblog und Fotostories von Christian \u00d6ser\",\"isPartOf\":{\"@id\":\"https:\\\/\\\/coeser.de\\\/blog\\\/#website\"},\"primaryImageOfPage\":{\"@id\":\"https:\\\/\\\/coeser.de\\\/blog\\\/index.php\\\/2018\\\/04\\\/24\\\/per-salamander-auf-den-schneeberg\\\/#primaryimage\"},\"image\":{\"@id\":\"https:\\\/\\\/coeser.de\\\/blog\\\/index.php\\\/2018\\\/04\\\/24\\\/per-salamander-auf-den-schneeberg\\\/#primaryimage\"},\"thumbnailUrl\":\"https:\\\/\\\/coeser.de\\\/blog\\\/wp-content\\\/uploads\\\/2018\\\/04\\\/schneebergbahn-aufmacher-salamander-christian-oeser.jpg\",\"datePublished\":\"2018-04-24T05:00:53+00:00\",\"dateModified\":\"2024-01-09T10:22:16+00:00\",\"description\":\"Schneebergbahn (Salamander) in Puchberg am Schneeberg: Erfahrungsbericht mit Wandertipps, den besten Fotospots und H\u00fcttenempfehlungen.\",\"breadcrumb\":{\"@id\":\"https:\\\/\\\/coeser.de\\\/blog\\\/index.php\\\/2018\\\/04\\\/24\\\/per-salamander-auf-den-schneeberg\\\/#breadcrumb\"},\"inLanguage\":\"de\",\"potentialAction\":[{\"@type\":\"ReadAction\",\"target\":[\"https:\\\/\\\/coeser.de\\\/blog\\\/index.php\\\/2018\\\/04\\\/24\\\/per-salamander-auf-den-schneeberg\\\/\"]}]},{\"@type\":\"ImageObject\",\"inLanguage\":\"de\",\"@id\":\"https:\\\/\\\/coeser.de\\\/blog\\\/index.php\\\/2018\\\/04\\\/24\\\/per-salamander-auf-den-schneeberg\\\/#primaryimage\",\"url\":\"https:\\\/\\\/coeser.de\\\/blog\\\/wp-content\\\/uploads\\\/2018\\\/04\\\/schneebergbahn-aufmacher-salamander-christian-oeser.jpg\",\"contentUrl\":\"https:\\\/\\\/coeser.de\\\/blog\\\/wp-content\\\/uploads\\\/2018\\\/04\\\/schneebergbahn-aufmacher-salamander-christian-oeser.jpg\",\"width\":978,\"height\":550,\"caption\":\"Schneebergbahn in der Station Baumgartner\"},{\"@type\":\"BreadcrumbList\",\"@id\":\"https:\\\/\\\/coeser.de\\\/blog\\\/index.php\\\/2018\\\/04\\\/24\\\/per-salamander-auf-den-schneeberg\\\/#breadcrumb\",\"itemListElement\":[{\"@type\":\"ListItem\",\"position\":1,\"name\":\"Startseite\",\"item\":\"https:\\\/\\\/coeser.de\\\/blog\\\/\"},{\"@type\":\"ListItem\",\"position\":2,\"name\":\"Per Salamander auf den Schneeberg\"}]},{\"@type\":\"WebSite\",\"@id\":\"https:\\\/\\\/coeser.de\\\/blog\\\/#website\",\"url\":\"https:\\\/\\\/coeser.de\\\/blog\\\/\",\"name\":\"fern &amp; nah - Reiseblog und Fotostories von Christian \u00d6ser\",\"description\":\"Reiseblog und Fotostories von Christian \u00d6ser\",\"publisher\":{\"@id\":\"https:\\\/\\\/coeser.de\\\/blog\\\/#\\\/schema\\\/person\\\/fda1d253389076b2cadc3d47018cf315\"},\"potentialAction\":[{\"@type\":\"SearchAction\",\"target\":{\"@type\":\"EntryPoint\",\"urlTemplate\":\"https:\\\/\\\/coeser.de\\\/blog\\\/?s={search_term_string}\"},\"query-input\":{\"@type\":\"PropertyValueSpecification\",\"valueRequired\":true,\"valueName\":\"search_term_string\"}}],\"inLanguage\":\"de\"},{\"@type\":[\"Person\",\"Organization\"],\"@id\":\"https:\\\/\\\/coeser.de\\\/blog\\\/#\\\/schema\\\/person\\\/fda1d253389076b2cadc3d47018cf315\",\"name\":\"Christian \u00d6ser\",\"image\":{\"@type\":\"ImageObject\",\"inLanguage\":\"de\",\"@id\":\"https:\\\/\\\/coeser.de\\\/blog\\\/wp-content\\\/uploads\\\/2016\\\/08\\\/logo-fern-und-nah-christian-oeser-4.jpg\",\"url\":\"https:\\\/\\\/coeser.de\\\/blog\\\/wp-content\\\/uploads\\\/2016\\\/08\\\/logo-fern-und-nah-christian-oeser-4.jpg\",\"contentUrl\":\"https:\\\/\\\/coeser.de\\\/blog\\\/wp-content\\\/uploads\\\/2016\\\/08\\\/logo-fern-und-nah-christian-oeser-4.jpg\",\"width\":1090,\"height\":245,\"caption\":\"Christian \u00d6ser\"},\"logo\":{\"@id\":\"https:\\\/\\\/coeser.de\\\/blog\\\/wp-content\\\/uploads\\\/2016\\\/08\\\/logo-fern-und-nah-christian-oeser-4.jpg\"},\"sameAs\":[\"http:\\\/\\\/www.coeser.de\",\"Christian \u00d6ser\",\"https:\\\/\\\/www.instagram.com\\\/coeser_de\\\/\",\"https:\\\/\\\/www.pinterest.at\\\/nightline5\\\/\"],\"url\":\"https:\\\/\\\/coeser.de\\\/blog\\\/index.php\\\/author\\\/coeser\\\/\"}]}<\/script>\n<!-- \/ Yoast SEO plugin. -->","yoast_head_json":{"title":"Per Salamander auf den Schneeberg - Reiseblog und Fotostories von Christian \u00d6ser","description":"Schneebergbahn (Salamander) in Puchberg am Schneeberg: Erfahrungsbericht mit Wandertipps, den besten Fotospots und H\u00fcttenempfehlungen.","robots":{"index":"index","follow":"follow","max-snippet":"max-snippet:-1","max-image-preview":"max-image-preview:large","max-video-preview":"max-video-preview:-1"},"canonical":"https:\/\/coeser.de\/blog\/index.php\/2018\/04\/24\/per-salamander-auf-den-schneeberg\/","og_locale":"de_DE","og_type":"article","og_title":"Per Salamander auf den Schneeberg - Reiseblog und Fotostories von Christian \u00d6ser","og_description":"Schneebergbahn (Salamander) in Puchberg am Schneeberg: Erfahrungsbericht mit Wandertipps, den besten Fotospots und H\u00fcttenempfehlungen.","og_url":"https:\/\/coeser.de\/blog\/index.php\/2018\/04\/24\/per-salamander-auf-den-schneeberg\/","og_site_name":"fern &amp; nah - Reiseblog und Fotostories von Christian \u00d6ser","article_publisher":"Christian \u00d6ser","article_author":"Christian \u00d6ser","article_published_time":"2018-04-24T05:00:53+00:00","article_modified_time":"2024-01-09T10:22:16+00:00","og_image":[{"width":978,"height":550,"url":"https:\/\/coeser.de\/blog\/wp-content\/uploads\/2018\/04\/schneebergbahn-aufmacher-salamander-christian-oeser.jpg","type":"image\/jpeg"}],"author":"Christian \u00d6ser","twitter_card":"summary_large_image","twitter_misc":{"Verfasst von":"Christian \u00d6ser","Gesch\u00e4tzte Lesezeit":"16\u00a0Minuten"},"schema":{"@context":"https:\/\/schema.org","@graph":[{"@type":"Article","@id":"https:\/\/coeser.de\/blog\/index.php\/2018\/04\/24\/per-salamander-auf-den-schneeberg\/#article","isPartOf":{"@id":"https:\/\/coeser.de\/blog\/index.php\/2018\/04\/24\/per-salamander-auf-den-schneeberg\/"},"author":{"name":"Christian \u00d6ser","@id":"https:\/\/coeser.de\/blog\/#\/schema\/person\/fda1d253389076b2cadc3d47018cf315"},"headline":"Per Salamander auf den Schneeberg","datePublished":"2018-04-24T05:00:53+00:00","dateModified":"2024-01-09T10:22:16+00:00","mainEntityOfPage":{"@id":"https:\/\/coeser.de\/blog\/index.php\/2018\/04\/24\/per-salamander-auf-den-schneeberg\/"},"wordCount":2137,"commentCount":6,"publisher":{"@id":"https:\/\/coeser.de\/blog\/#\/schema\/person\/fda1d253389076b2cadc3d47018cf315"},"image":{"@id":"https:\/\/coeser.de\/blog\/index.php\/2018\/04\/24\/per-salamander-auf-den-schneeberg\/#primaryimage"},"thumbnailUrl":"https:\/\/coeser.de\/blog\/wp-content\/uploads\/2018\/04\/schneebergbahn-aufmacher-salamander-christian-oeser.jpg","keywords":["Ausflug","\u00d6sterreich","Puchberg","Schneeberg","Schneebergbahn","Wandern","Wanderung"],"articleSection":["\u00d6STERREICH"],"inLanguage":"de","potentialAction":[{"@type":"CommentAction","name":"Comment","target":["https:\/\/coeser.de\/blog\/index.php\/2018\/04\/24\/per-salamander-auf-den-schneeberg\/#respond"]}]},{"@type":"WebPage","@id":"https:\/\/coeser.de\/blog\/index.php\/2018\/04\/24\/per-salamander-auf-den-schneeberg\/","url":"https:\/\/coeser.de\/blog\/index.php\/2018\/04\/24\/per-salamander-auf-den-schneeberg\/","name":"Per Salamander auf den Schneeberg - Reiseblog und Fotostories von Christian \u00d6ser","isPartOf":{"@id":"https:\/\/coeser.de\/blog\/#website"},"primaryImageOfPage":{"@id":"https:\/\/coeser.de\/blog\/index.php\/2018\/04\/24\/per-salamander-auf-den-schneeberg\/#primaryimage"},"image":{"@id":"https:\/\/coeser.de\/blog\/index.php\/2018\/04\/24\/per-salamander-auf-den-schneeberg\/#primaryimage"},"thumbnailUrl":"https:\/\/coeser.de\/blog\/wp-content\/uploads\/2018\/04\/schneebergbahn-aufmacher-salamander-christian-oeser.jpg","datePublished":"2018-04-24T05:00:53+00:00","dateModified":"2024-01-09T10:22:16+00:00","description":"Schneebergbahn (Salamander) in Puchberg am Schneeberg: Erfahrungsbericht mit Wandertipps, den besten Fotospots und H\u00fcttenempfehlungen.","breadcrumb":{"@id":"https:\/\/coeser.de\/blog\/index.php\/2018\/04\/24\/per-salamander-auf-den-schneeberg\/#breadcrumb"},"inLanguage":"de","potentialAction":[{"@type":"ReadAction","target":["https:\/\/coeser.de\/blog\/index.php\/2018\/04\/24\/per-salamander-auf-den-schneeberg\/"]}]},{"@type":"ImageObject","inLanguage":"de","@id":"https:\/\/coeser.de\/blog\/index.php\/2018\/04\/24\/per-salamander-auf-den-schneeberg\/#primaryimage","url":"https:\/\/coeser.de\/blog\/wp-content\/uploads\/2018\/04\/schneebergbahn-aufmacher-salamander-christian-oeser.jpg","contentUrl":"https:\/\/coeser.de\/blog\/wp-content\/uploads\/2018\/04\/schneebergbahn-aufmacher-salamander-christian-oeser.jpg","width":978,"height":550,"caption":"Schneebergbahn in der Station Baumgartner"},{"@type":"BreadcrumbList","@id":"https:\/\/coeser.de\/blog\/index.php\/2018\/04\/24\/per-salamander-auf-den-schneeberg\/#breadcrumb","itemListElement":[{"@type":"ListItem","position":1,"name":"Startseite","item":"https:\/\/coeser.de\/blog\/"},{"@type":"ListItem","position":2,"name":"Per Salamander auf den Schneeberg"}]},{"@type":"WebSite","@id":"https:\/\/coeser.de\/blog\/#website","url":"https:\/\/coeser.de\/blog\/","name":"fern &amp; nah - Reiseblog und Fotostories von Christian \u00d6ser","description":"Reiseblog und Fotostories von Christian \u00d6ser","publisher":{"@id":"https:\/\/coeser.de\/blog\/#\/schema\/person\/fda1d253389076b2cadc3d47018cf315"},"potentialAction":[{"@type":"SearchAction","target":{"@type":"EntryPoint","urlTemplate":"https:\/\/coeser.de\/blog\/?s={search_term_string}"},"query-input":{"@type":"PropertyValueSpecification","valueRequired":true,"valueName":"search_term_string"}}],"inLanguage":"de"},{"@type":["Person","Organization"],"@id":"https:\/\/coeser.de\/blog\/#\/schema\/person\/fda1d253389076b2cadc3d47018cf315","name":"Christian \u00d6ser","image":{"@type":"ImageObject","inLanguage":"de","@id":"https:\/\/coeser.de\/blog\/wp-content\/uploads\/2016\/08\/logo-fern-und-nah-christian-oeser-4.jpg","url":"https:\/\/coeser.de\/blog\/wp-content\/uploads\/2016\/08\/logo-fern-und-nah-christian-oeser-4.jpg","contentUrl":"https:\/\/coeser.de\/blog\/wp-content\/uploads\/2016\/08\/logo-fern-und-nah-christian-oeser-4.jpg","width":1090,"height":245,"caption":"Christian \u00d6ser"},"logo":{"@id":"https:\/\/coeser.de\/blog\/wp-content\/uploads\/2016\/08\/logo-fern-und-nah-christian-oeser-4.jpg"},"sameAs":["http:\/\/www.coeser.de","Christian \u00d6ser","https:\/\/www.instagram.com\/coeser_de\/","https:\/\/www.pinterest.at\/nightline5\/"],"url":"https:\/\/coeser.de\/blog\/index.php\/author\/coeser\/"}]}},"jetpack_featured_media_url":"https:\/\/coeser.de\/blog\/wp-content\/uploads\/2018\/04\/schneebergbahn-aufmacher-salamander-christian-oeser.jpg","jetpack-related-posts":[{"id":2974,"url":"https:\/\/coeser.de\/blog\/index.php\/2017\/04\/18\/naturschauspiel-klaefferquelle\/","url_meta":{"origin":7819,"position":0},"title":"Naturschauspiel Kl\u00e4fferquelle","author":"Christian \u00d6ser","date":"18. April 2017","format":false,"excerpt":"Drehe ich in meiner Heimatstadt Wien den Wasserhahn auf, sprudelt mir sauberes Wasser entgegen, das unglaublich frisch und gut schmeckt. Kein Wunder, handelt es sich doch um kaltes, klares Wasser aus einer von vielen Quellen in Nieder\u00f6sterreich und der Steiermark. Eine dieser Quellen ist aber eine besondere: Die Kl\u00e4fferquelle in\u2026","rel":"","context":"In &quot;\u00d6STERREICH&quot;","block_context":{"text":"\u00d6STERREICH","link":"https:\/\/coeser.de\/blog\/index.php\/category\/europa\/oesterreich\/"},"img":{"alt_text":"Die Kl\u00e4fferquelle in Wildalpen","src":"https:\/\/i0.wp.com\/coeser.de\/blog\/wp-content\/uploads\/2017\/03\/klaefferquelle-aufmacher-christian-oeser.jpg?resize=350%2C200&ssl=1","width":350,"height":200,"srcset":"https:\/\/i0.wp.com\/coeser.de\/blog\/wp-content\/uploads\/2017\/03\/klaefferquelle-aufmacher-christian-oeser.jpg?resize=350%2C200&ssl=1 1x, https:\/\/i0.wp.com\/coeser.de\/blog\/wp-content\/uploads\/2017\/03\/klaefferquelle-aufmacher-christian-oeser.jpg?resize=525%2C300&ssl=1 1.5x, https:\/\/i0.wp.com\/coeser.de\/blog\/wp-content\/uploads\/2017\/03\/klaefferquelle-aufmacher-christian-oeser.jpg?resize=700%2C400&ssl=1 2x"},"classes":[]},{"id":12842,"url":"https:\/\/coeser.de\/blog\/index.php\/2019\/08\/20\/steinwandklamm-ein-fall-fuer-abenteurer\/","url_meta":{"origin":7819,"position":1},"title":"Steinwandklamm: Ein Fall f\u00fcr Abenteurer","author":"Christian \u00d6ser","date":"20. August 2019","format":false,"excerpt":"Spektakul\u00e4re Klammen und Schluchten gibt es in \u00d6sterreich wirklich viele \u2013 aber nur wenige bringen einen derartigen Nervenkitzel mit sich wie die Steinwandklamm in Nieder\u00f6sterreich. Auf einem abwechslungsreichen Weg sowie einem Steig geht es durch die angenehm k\u00fchle Schlucht \u00fcber Waldwege, Treppen, Leitern, Felsen und sogar durch mehrere H\u00f6hlen. Das\u2026","rel":"","context":"In &quot;\u00d6STERREICH&quot;","block_context":{"text":"\u00d6STERREICH","link":"https:\/\/coeser.de\/blog\/index.php\/category\/europa\/oesterreich\/"},"img":{"alt_text":"Eingang zur Steinwandklamm in Nieder\u00f6sterreich","src":"https:\/\/i0.wp.com\/coeser.de\/blog\/wp-content\/uploads\/2019\/07\/steinwandklamm-aufmacher-christian-oeser.jpg?resize=350%2C200&ssl=1","width":350,"height":200,"srcset":"https:\/\/i0.wp.com\/coeser.de\/blog\/wp-content\/uploads\/2019\/07\/steinwandklamm-aufmacher-christian-oeser.jpg?resize=350%2C200&ssl=1 1x, https:\/\/i0.wp.com\/coeser.de\/blog\/wp-content\/uploads\/2019\/07\/steinwandklamm-aufmacher-christian-oeser.jpg?resize=525%2C300&ssl=1 1.5x, https:\/\/i0.wp.com\/coeser.de\/blog\/wp-content\/uploads\/2019\/07\/steinwandklamm-aufmacher-christian-oeser.jpg?resize=700%2C400&ssl=1 2x"},"classes":[]},{"id":9899,"url":"https:\/\/coeser.de\/blog\/index.php\/2018\/10\/23\/huettenhuepfen-auf-dem-muckenkogel\/","url_meta":{"origin":7819,"position":2},"title":"H\u00fcttenh\u00fcpfen auf dem Muckenkogel","author":"Christian \u00d6ser","date":"23. Oktober 2018","format":false,"excerpt":"Wenn die Wettervorhersage ein traumhaftes Herbstwochenende mit strahlendem Sonnenschein und angenehmen Temperaturen ank\u00fcndigt, dann hei\u00dft es ab zur Planung eines tollen Ausflugs! In diesem Artikel berichte ich euch diesmal von meiner Wanderung auf dem Muckenkogel in Nieder\u00f6sterreich. Hoch oben im Gebirge bietet sich dort n\u00e4mlich ein herrlicher Rundweg \u00fcber drei\u2026","rel":"","context":"In &quot;\u00d6STERREICH&quot;","block_context":{"text":"\u00d6STERREICH","link":"https:\/\/coeser.de\/blog\/index.php\/category\/europa\/oesterreich\/"},"img":{"alt_text":"Blick auf den Muckenkogel in Herbstfarben","src":"https:\/\/i0.wp.com\/coeser.de\/blog\/wp-content\/uploads\/2018\/10\/muckenkogel-lilienfeld-aufmacher-christian-oeser.jpg?resize=350%2C200&ssl=1","width":350,"height":200,"srcset":"https:\/\/i0.wp.com\/coeser.de\/blog\/wp-content\/uploads\/2018\/10\/muckenkogel-lilienfeld-aufmacher-christian-oeser.jpg?resize=350%2C200&ssl=1 1x, https:\/\/i0.wp.com\/coeser.de\/blog\/wp-content\/uploads\/2018\/10\/muckenkogel-lilienfeld-aufmacher-christian-oeser.jpg?resize=525%2C300&ssl=1 1.5x, https:\/\/i0.wp.com\/coeser.de\/blog\/wp-content\/uploads\/2018\/10\/muckenkogel-lilienfeld-aufmacher-christian-oeser.jpg?resize=700%2C400&ssl=1 2x"},"classes":[]},{"id":307,"url":"https:\/\/coeser.de\/blog\/index.php\/2016\/09\/30\/mit-der-schafbergbahn-zum-besten-seenblick\/","url_meta":{"origin":7819,"position":3},"title":"Mit der Schafbergbahn zum besten Seenblick","author":"Christian \u00d6ser","date":"30. September 2016","format":false,"excerpt":"F\u00fcr manche Dinge braucht man einfach l\u00e4nger: Die Fahrt mit der Zahnradbahn auf den Schafberg stand bei mir schon lange am Programm, doch immer wieder wollte es nicht gelingen. Mal ging das Auto in Bad Ischl kaputt, mal war es Winter und zu nebelig ... aber in einem wundervollen Sommer\u2026","rel":"","context":"In &quot;\u00d6STERREICH&quot;","block_context":{"text":"\u00d6STERREICH","link":"https:\/\/coeser.de\/blog\/index.php\/category\/europa\/oesterreich\/"},"img":{"alt_text":"","src":"https:\/\/i0.wp.com\/coeser.de\/blog\/wp-content\/uploads\/2016\/09\/schafberg_aufmacher.jpg?resize=350%2C200&ssl=1","width":350,"height":200,"srcset":"https:\/\/i0.wp.com\/coeser.de\/blog\/wp-content\/uploads\/2016\/09\/schafberg_aufmacher.jpg?resize=350%2C200&ssl=1 1x, https:\/\/i0.wp.com\/coeser.de\/blog\/wp-content\/uploads\/2016\/09\/schafberg_aufmacher.jpg?resize=525%2C300&ssl=1 1.5x, https:\/\/i0.wp.com\/coeser.de\/blog\/wp-content\/uploads\/2016\/09\/schafberg_aufmacher.jpg?resize=700%2C400&ssl=1 2x"},"classes":[]},{"id":1364,"url":"https:\/\/coeser.de\/blog\/index.php\/2016\/11\/22\/kitzsteinhorn-schneeparadies-in-3000-metern-hoehe\/","url_meta":{"origin":7819,"position":4},"title":"Kitzsteinhorn: Schneeparadies in 3.000m H\u00f6he","author":"Christian \u00d6ser","date":"22. November 2016","format":false,"excerpt":"Die Skifahrer unter euch kennen es sicherlich sehr gut, das Kitzsteinhorn in Salzburg. Wer die Bretter fast ganzj\u00e4hrig schwingen will, ist auf dem Gletscher durch hohe Schneesicherheit genau richtig aufgehoben. Doch auch f\u00fcr mich, einen Nicht-Skifahrer, bietet der Berg mit seinem traumhaften Panorama Anreize f\u00fcr einen Spaziergang auf \u00fcber 3.000\u2026","rel":"","context":"In &quot;\u00d6STERREICH&quot;","block_context":{"text":"\u00d6STERREICH","link":"https:\/\/coeser.de\/blog\/index.php\/category\/europa\/oesterreich\/"},"img":{"alt_text":"Besucher auf dem Kitzsteinhorn","src":"https:\/\/i0.wp.com\/coeser.de\/blog\/wp-content\/uploads\/2016\/11\/kitzsteinhorn-aufmacher.jpg?resize=350%2C200&ssl=1","width":350,"height":200,"srcset":"https:\/\/i0.wp.com\/coeser.de\/blog\/wp-content\/uploads\/2016\/11\/kitzsteinhorn-aufmacher.jpg?resize=350%2C200&ssl=1 1x, https:\/\/i0.wp.com\/coeser.de\/blog\/wp-content\/uploads\/2016\/11\/kitzsteinhorn-aufmacher.jpg?resize=525%2C300&ssl=1 1.5x, https:\/\/i0.wp.com\/coeser.de\/blog\/wp-content\/uploads\/2016\/11\/kitzsteinhorn-aufmacher.jpg?resize=700%2C400&ssl=1 2x"},"classes":[]},{"id":15591,"url":"https:\/\/coeser.de\/blog\/index.php\/2020\/06\/09\/neualplseen-wandertraum-in-osttirol\/","url_meta":{"origin":7819,"position":5},"title":"Neualplseen: Wandertraum in Osttirol","author":"Christian \u00d6ser","date":"9. Juni 2020","format":false,"excerpt":"Wenn es um Urlaub in \u00d6sterreich geht, hat man immer die Qual der Wahl. Jedes der neun Bundesl\u00e4nder bietet derart viel, dass es gar nicht so einfach ist, sich f\u00fcr eine Destination zu entscheiden. Ein Ort in Osttirol hat es mir aber besonders angetan: die Neualplseen in der N\u00e4he der\u2026","rel":"","context":"In &quot;\u00d6STERREICH&quot;","block_context":{"text":"\u00d6STERREICH","link":"https:\/\/coeser.de\/blog\/index.php\/category\/europa\/oesterreich\/"},"img":{"alt_text":"Die Neualplseen auf dem Zettersfeld in Osttirol","src":"https:\/\/i0.wp.com\/coeser.de\/blog\/wp-content\/uploads\/2020\/06\/neualplseen-osttirol-aufmacher-christian-oeser.jpg?resize=350%2C200&ssl=1","width":350,"height":200,"srcset":"https:\/\/i0.wp.com\/coeser.de\/blog\/wp-content\/uploads\/2020\/06\/neualplseen-osttirol-aufmacher-christian-oeser.jpg?resize=350%2C200&ssl=1 1x, https:\/\/i0.wp.com\/coeser.de\/blog\/wp-content\/uploads\/2020\/06\/neualplseen-osttirol-aufmacher-christian-oeser.jpg?resize=525%2C300&ssl=1 1.5x, https:\/\/i0.wp.com\/coeser.de\/blog\/wp-content\/uploads\/2020\/06\/neualplseen-osttirol-aufmacher-christian-oeser.jpg?resize=700%2C400&ssl=1 2x"},"classes":[]}],"jetpack_sharing_enabled":true,"_links":{"self":[{"href":"https:\/\/coeser.de\/blog\/index.php\/wp-json\/wp\/v2\/posts\/7819","targetHints":{"allow":["GET"]}}],"collection":[{"href":"https:\/\/coeser.de\/blog\/index.php\/wp-json\/wp\/v2\/posts"}],"about":[{"href":"https:\/\/coeser.de\/blog\/index.php\/wp-json\/wp\/v2\/types\/post"}],"author":[{"embeddable":true,"href":"https:\/\/coeser.de\/blog\/index.php\/wp-json\/wp\/v2\/users\/1"}],"replies":[{"embeddable":true,"href":"https:\/\/coeser.de\/blog\/index.php\/wp-json\/wp\/v2\/comments?post=7819"}],"version-history":[{"count":2,"href":"https:\/\/coeser.de\/blog\/index.php\/wp-json\/wp\/v2\/posts\/7819\/revisions"}],"predecessor-version":[{"id":21698,"href":"https:\/\/coeser.de\/blog\/index.php\/wp-json\/wp\/v2\/posts\/7819\/revisions\/21698"}],"wp:featuredmedia":[{"embeddable":true,"href":"https:\/\/coeser.de\/blog\/index.php\/wp-json\/wp\/v2\/media\/7821"}],"wp:attachment":[{"href":"https:\/\/coeser.de\/blog\/index.php\/wp-json\/wp\/v2\/media?parent=7819"}],"wp:term":[{"taxonomy":"category","embeddable":true,"href":"https:\/\/coeser.de\/blog\/index.php\/wp-json\/wp\/v2\/categories?post=7819"},{"taxonomy":"post_tag","embeddable":true,"href":"https:\/\/coeser.de\/blog\/index.php\/wp-json\/wp\/v2\/tags?post=7819"}],"curies":[{"name":"wp","href":"https:\/\/api.w.org\/{rel}","templated":true}]}}