{"id":9899,"date":"2018-10-23T07:00:48","date_gmt":"2018-10-23T05:00:48","guid":{"rendered":"http:\/\/coeser.de\/blog\/?p=9899"},"modified":"2024-01-10T11:10:58","modified_gmt":"2024-01-10T10:10:58","slug":"huettenhuepfen-auf-dem-muckenkogel","status":"publish","type":"post","link":"https:\/\/coeser.de\/blog\/index.php\/2018\/10\/23\/huettenhuepfen-auf-dem-muckenkogel\/","title":{"rendered":"H\u00fcttenh\u00fcpfen auf dem Muckenkogel"},"content":{"rendered":"<p><strong>Wenn die Wettervorhersage ein traumhaftes Herbstwochenende mit strahlendem Sonnenschein und angenehmen Temperaturen ank\u00fcndigt, dann hei\u00dft es ab zur Planung eines tollen Ausflugs! In diesem Artikel berichte ich euch diesmal von meiner Wanderung auf dem Muckenkogel in Nieder\u00f6sterreich. Hoch oben im Gebirge bietet sich dort n\u00e4mlich ein herrlicher Rundweg \u00fcber drei H\u00fctten an, was das ganze zu einem wahren Vergn\u00fcgen macht.<\/strong><br \/>\n<!--more--><\/p>\n<hr \/>\n<div class=\"highlights\">\n<h3>DIE H\u00d6HEPUNKTE VOM MUCKENKOGEL IN DIESEM ARTIKEL<\/h3>\n<p>Ein pers\u00f6nlicher Erfahrungsbericht von einer traumhaften Herbstwanderung auf dem Muckenkogel<\/p>\n<p>Infos zur Anreise zum Sessellift von Wien aus mit dem Auto oder mit \u00f6ffentlichen Verkehrsmitteln<\/p>\n<p>Eine Beschreibung des rund zw\u00f6lf Kilometer langen Rundwanderwegs mit seinen zahlreichen H\u00fctten<\/p>\n<p>Viele Fotos und Eindr\u00fccke der Highlights auf dem Muckenkogel inmitten einer wunderbaren Natur<\/p>\n<\/div>\n<p>&nbsp;<\/p>\n<p><em><span style=\"color: #0000ff;\">Dieser Artikel wurde zuletzt am 10. J\u00e4nner 2024 aktualisiert.<\/span><\/em><\/p>\n\n<hr \/>\n<div class=\"fakten\">\n<h2>MUCKENKOGEL (LILIENFELD)<\/h2>\n<h3>FAKTEN<\/h3>\n<p><strong>Reisezeit: <\/strong>Oktober (Tagesausflug)<br \/>\n<strong>Anreise mit dem Auto: <\/strong>von <em>Wien<\/em> \u00fcber die A2 bis <em>St. P\u00f6lten S\u00fcd<\/em>, dann B20 bis <em>Lilienfeld<\/em>, dort den Schildern zur <em>Bergbahn Muckenkogel<\/em> folgen (ca. 1:25 h)<br \/>\n<strong>Anreise mit dem Zug:<\/strong> von <em>Wien Hauptbahnhof<\/em> nach <em>St. P\u00f6lten Hauptbahnhof<\/em> (0:29 h), dort weiter per Regionalzug oder Bus bis <em>Lilienfeld Bahnhof<\/em> (0:37 h) und dann zu Fu\u00df zwei Kilometer zur Talstation des Sessellifts (ca. 0:30h), <a href=\"https:\/\/anachb.vor.at\/\" target=\"_blank\" rel=\"noopener\"><strong>Fahrplanauskunft<\/strong><\/a><br \/>\n<strong>Bergbahn: <\/strong><em>Liftstra\u00dfe 3, 3180 Lilienfeld<\/em> (<strong><a href=\"https:\/\/www.google.de\/maps\/place\/48.000884,15.599725\" target=\"_blank\" rel=\"noopener\">GPS-Koordinaten<\/a><\/strong>); Betriebszeiten und Preise siehe\u00a0<strong><a href=\"https:\/\/www.sessellift-lilienfeld.at\/sessellift-lilienfeld\" target=\"_blank\" rel=\"noopener\">sessellift-lilienfeld.at<\/a><br \/>\nGehzeit: <\/strong>unterschiedliche Tourenl\u00e4ngen, meine Wanderung dauerte ca. 2 1\/2 Stunden netto<br \/>\n<strong>Distanz: <\/strong>ca. 12 Kilometer, 900 H\u00f6henmeter (\u00e4hnliches Routenprofil meiner Tour auf <strong><a href=\"https:\/\/www.bergfex.at\/sommer\/niederoesterreich\/touren\/wanderung\/246940,lilienfeld-wasserfallsteig-muckenkogel-hinteralm-klosteralm-pichlersteig-kolm-mitterrieglsteig-05092018\/\" target=\"_blank\" rel=\"noopener noreferrer\">bergfex.at<\/a><\/strong>)<br \/>\n<strong>Schwierigkeit:<\/strong> leicht bis mittel<\/p>\n<p><strong>Auf meiner bevorzugten Hotelsuchmaschine booking.com findest du <a href=\"https:\/\/www.booking.com\/searchresults.de.html?city=-1984251&amp;aid=1634405&amp;no_rooms=1&amp;group_adults=2\" target=\"_blank\" rel=\"noopener\">sch\u00f6ne Unterk\u00fcnfte rund um Lilienfeld<\/a>*.<\/strong><\/p>\n<\/div>\n<div class=\"extern\">\n<h3>TRANSPARENZHINWEIS<\/h3>\n<p>*Die mit Stern gekennzeichneten Verweise in diesem Blogartikel sind sogenannte Affiliate-Links. Wenn dir mein Blogartikel bei der Planung deiner Reise geholfen hat, freue ich mich, wenn du \u00fcber diese Links deine Unterkunft oder Freizeitaktivit\u00e4ten buchst. Ich erhalte dadurch eine kleine Provision und du unterst\u00fctzt den Erhalt dieses Blogs. F\u00fcr dich entstehen dabei selbstverst\u00e4ndlich keine Nachteile. Vielen Dank! \ud83d\ude42<\/p>\n<\/div>\n<p>&nbsp;<\/p>\n<h2><img loading=\"lazy\" decoding=\"async\" class=\"alignnone size-full wp-image-9904\" src=\"https:\/\/coeser.de\/blog\/wp-content\/uploads\/2018\/10\/muckenkogel-lilienfeld-aufmacher1-christian-oeser.jpg\" alt=\"Wanderweg auf dem Muckenkogel in Herbstfarben\" width=\"970\" height=\"323\" srcset=\"https:\/\/coeser.de\/blog\/wp-content\/uploads\/2018\/10\/muckenkogel-lilienfeld-aufmacher1-christian-oeser.jpg 970w, https:\/\/coeser.de\/blog\/wp-content\/uploads\/2018\/10\/muckenkogel-lilienfeld-aufmacher1-christian-oeser-300x100.jpg 300w, https:\/\/coeser.de\/blog\/wp-content\/uploads\/2018\/10\/muckenkogel-lilienfeld-aufmacher1-christian-oeser-768x256.jpg 768w\" sizes=\"auto, (max-width: 970px) 100vw, 970px\" \/><\/h2>\n<h2>Wildromantischer Herbstausflug auf dem Muckenkogel<\/h2>\n<p>Den Wandertag auf dem von Wien rund 90 Minuten entfernten Muckenkogel verdanke ich meiner Freundin, die in ihrer Kindheit schon oft auf dem beliebten Ausflugsberg zu Gast war und die Tour vorgeschlagen hatte. Der Ausgangspunkt ist dabei Lilienfeld, das vom Tourismusverband als &#8222;Gr\u00fcne Lunge&#8220; Nieder\u00f6sterreichs bezeichnet wird. Und das ist wirklich keine \u00dcbertreibung, wie man dann sp\u00e4ter vom Gipfel aus bei einem Rundumblick bemerkt. Unser Auto stellten wir am gro\u00dfen, aber bereits ziemlich belegten Parkplatz an der Talstation der Bergbahn ab \u2013 wir waren an einem sonnigen Herbsttag eben nicht die einzigen Menschen, die auf den Muckenkogel wollten. \ud83d\ude09 Mit einem liebevollen Einser-Sessellift ging es dann in rund 20 Minuten gem\u00e4chlicher Fahrt durch eine Waldschneise zur Bergstation.<\/p>\n<h3>Von einer H\u00fctte zur n\u00e4chsten<\/h3>\n<p>Es gibt mehrere Wanderwege, die sich miteinander wunderbar verkn\u00fcpfen oder aber auch eigenst\u00e4ndig absolvieren lassen. Meine Freundin und ich entschieden uns f\u00fcr folgende Variante: wie erw\u00e4hnt starteten wir mit dem Sessellift die Auffahrt, von der Bergstation dann vorbei am <strong>Funkturm des Muckenkogels<\/strong> zur <strong>Hinteralm mit der Traisnerh\u00fctte<\/strong> (ca. 35 Minuten), weiter zum <strong>Almgasthaus Klosteralm<\/strong> (ca. 45 Minuten), anschlie\u00dfend zur <strong>Lilienfelder H\u00fctte<\/strong> (ca. 20 Minuten) und schlie\u00dflich \u00fcber den etwas anspruchsvolleren <strong>Wasserfallsteig<\/strong> retour zur Talstation des Sesselliftes (ca. 60 Minuten). W\u00e4hrend die erste Etappe durchwegs bergauf geht, f\u00fchrt der restliche Weg teils steil bergab und ist f\u00fcr die Kniegelenke mitunter recht anstrengend \u2013 Sportliche k\u00f6nnen die Route nat\u00fcrlich auch umdrehen und mehr f\u00fcr die Beinmuskulatur tun.<\/p>\n<h3>Die Highlights der Wanderung<\/h3>\n<p>Eine Viertelstunde nach dem Start unserer Wanderung kamen wir auch schon am ersten wundersch\u00f6nen Aussichtspunkt vorbei, der zugleich eine historische Bedeutung hat. Am 19. M\u00e4rz 1905 veranstaltete an dieser Stelle n\u00e4mlich Mathias Zdarsky am Muckenkogel den ersten Torlauf der alpinen Skigeschichte. Bei der Hinteralm stand das obligatorische Gipfelkreuzfoto am Programm, bevor wir in der Klosteralm eine Essenspause mit einer f\u00fcr eine H\u00fctte wirklich guten Verk\u00f6stigung einlegten. Einige Teile der Wanderung waren von traumhaften Waldwegen in intensiven Herbstfarben gepr\u00e4gt. Der Abstieg \u00fcber den Wasserfallsteig stellte dann ein finales kleines Abenteuer dar, denn der steile Weg geht \u00fcber Stock und Stein entlang einer Felswand. Der Wasserfall selbst rieselte aufgrund langer Trockenheit leider nur vor sich hin und wollte nicht so recht \u00fcberzeugen. In der folgenden Bilderstrecke k\u00f6nnt ihr meiner Freundin und mir nun vom Beginn bis zum Ende der Tour folgen!<\/p>\n<hr \/>\n<div class=\"tipps zeilenhoehe\">\n<h2><img loading=\"lazy\" decoding=\"async\" class=\"alignnone size-full wp-image-15778\" src=\"https:\/\/coeser.de\/blog\/wp-content\/uploads\/2020\/06\/hochjoch-drei-seen-wanderung-aufmacher1-christian-oeser.jpg\" alt=\"Schwarzsee auf dem 3-Seen-Wanderweg auf dem Hochjoch\" width=\"970\" height=\"323\" srcset=\"https:\/\/coeser.de\/blog\/wp-content\/uploads\/2020\/06\/hochjoch-drei-seen-wanderung-aufmacher1-christian-oeser.jpg 970w, https:\/\/coeser.de\/blog\/wp-content\/uploads\/2020\/06\/hochjoch-drei-seen-wanderung-aufmacher1-christian-oeser-768x256.jpg 768w\" sizes=\"auto, (max-width: 970px) 100vw, 970px\" \/><\/h2>\n<h2>TIPP: Ausfl\u00fcge und Wanderungen in \u00d6sterreich<\/h2>\n<p><strong><a href=\"https:\/\/coeser.de\/blog\/index.php\/2021\/01\/19\/wien-stadtwanderweg-2-winter\/\" target=\"_blank\" rel=\"noopener\">Wien: Der Stadtwanderweg 2 im Winter<\/a><\/strong><\/p>\n<p><strong><a href=\"https:\/\/coeser.de\/blog\/index.php\/2018\/01\/09\/der-bahnwanderweg-am-semmering\/\" target=\"_blank\" rel=\"noopener\">Der Bahnwanderweg am Semmering<\/a><\/strong><\/p>\n<p><strong><a href=\"https:\/\/coeser.de\/blog\/index.php\/2018\/04\/24\/per-salamander-auf-den-schneeberg\/\" target=\"_blank\" rel=\"noopener\">Per Salamander auf den Schneeberg<\/a><\/strong><\/p>\n<p><strong><a href=\"https:\/\/coeser.de\/blog\/index.php\/2021\/10\/05\/grosser-scheibelsee-himmlische-wanderung\/\" target=\"_blank\" rel=\"noopener\">Scheibelsee: Eine himmlische Wanderung<\/a><\/strong><\/p>\n<p><strong><a href=\"https:\/\/coeser.de\/blog\/index.php\/2020\/08\/11\/erlebnisberg-golm-wanderspass-action\/\" target=\"_blank\" rel=\"noopener\">Erlebnisberg Golm: Wanderspass und Action<\/a><\/strong><\/p>\n<p><strong><a href=\"https:\/\/coeser.de\/blog\/index.php\/2020\/08\/04\/genusswandern-auf-der-postalm\/\" target=\"_blank\" rel=\"noopener\">Genusswandern auf der Postalm<\/a><\/strong><\/p>\n<p><strong><a href=\"https:\/\/coeser.de\/blog\/index.php\/2020\/07\/07\/3-seen-wanderung-auf-dem-hochjoch\/\" target=\"_blank\" rel=\"noopener\">3-Seen-Wanderung auf dem Hochjoch<\/a><\/strong><\/p>\n<p><strong><a href=\"https:\/\/coeser.de\/blog\/index.php\/2020\/06\/09\/neualplseen-wandertraum-in-osttirol\/\" target=\"_blank\" rel=\"noopener\">Neualplseen: Wandertraum in Osttirol<\/a><\/strong><\/p>\n<p><strong><a href=\"https:\/\/coeser.de\/blog\/index.php\/2018\/08\/07\/die-6-seen-wanderung-auf-der-tauplitzalm\/\" target=\"_blank\" rel=\"noopener\">Die 6-Seen-Wanderung auf der Tauplitzalm<\/a><\/strong><\/p>\n<\/div>\n<p>&nbsp;<\/p>\n<hr \/>\n<h2>Fotos der Wanderung auf dem Muckenkogel<\/h2>\n<figure class=\"bigpicture\" style=\"width: 970px;\"><img loading=\"lazy\" decoding=\"async\" class=\"wp-image-9907 size-full\" src=\"https:\/\/coeser.de\/blog\/wp-content\/uploads\/2018\/10\/muckenkogel-lilienfeld-gal01-christian-oeser.jpg\" alt=\"Talstation der Bergbahnen Lilienfeld auf den Muckenkogel in Lilienfeld\" width=\"960\" height=\"640\" srcset=\"https:\/\/coeser.de\/blog\/wp-content\/uploads\/2018\/10\/muckenkogel-lilienfeld-gal01-christian-oeser.jpg 960w, https:\/\/coeser.de\/blog\/wp-content\/uploads\/2018\/10\/muckenkogel-lilienfeld-gal01-christian-oeser-300x200.jpg 300w, https:\/\/coeser.de\/blog\/wp-content\/uploads\/2018\/10\/muckenkogel-lilienfeld-gal01-christian-oeser-768x512.jpg 768w, https:\/\/coeser.de\/blog\/wp-content\/uploads\/2018\/10\/muckenkogel-lilienfeld-gal01-christian-oeser-330x220.jpg 330w\" sizes=\"auto, (max-width: 960px) 100vw, 960px\" \/><figcaption class=\"bigpicture-text\">\n<h3>Talstation der Bergbahnen Lilienfeld<\/h3>\n<p>In der Talstation der Bergbahnen Lilienfeld wartet dieses romantische und etwas nostalgische Bild auf die Besucher. Auf einer Ein-Sessel-Bahn geht es gem\u00e4chlich, ruhig und fast schon meditativ durch den Wald in die H\u00f6he.<br \/>\n<a href=\"https:\/\/www.google.de\/maps\/place\/48.000681,15.599791\" target=\"_blank\" rel=\"noopener\"><strong>Aufnahmeort anzeigen<\/strong><\/a><\/p>\n<\/figcaption><\/figure>\n<figure class=\"bigpicture\" style=\"width: 970px;\"><img loading=\"lazy\" decoding=\"async\" class=\"wp-image-9908 size-full\" src=\"https:\/\/coeser.de\/blog\/wp-content\/uploads\/2018\/10\/muckenkogel-lilienfeld-gal02-christian-oeser.jpg\" alt=\"Bergstation des Sessellifts auf den Muckenkogel in Lilienfeld\" width=\"960\" height=\"640\" srcset=\"https:\/\/coeser.de\/blog\/wp-content\/uploads\/2018\/10\/muckenkogel-lilienfeld-gal02-christian-oeser.jpg 960w, https:\/\/coeser.de\/blog\/wp-content\/uploads\/2018\/10\/muckenkogel-lilienfeld-gal02-christian-oeser-300x200.jpg 300w, https:\/\/coeser.de\/blog\/wp-content\/uploads\/2018\/10\/muckenkogel-lilienfeld-gal02-christian-oeser-768x512.jpg 768w, https:\/\/coeser.de\/blog\/wp-content\/uploads\/2018\/10\/muckenkogel-lilienfeld-gal02-christian-oeser-330x220.jpg 330w\" sizes=\"auto, (max-width: 960px) 100vw, 960px\" \/><figcaption class=\"bigpicture-text\">\n<h3>Gem\u00fctlich auf den Muckenkogel in Lilienfeld<\/h3>\n<p>20 Minuten und damit eine gef\u00fchlte Ewigkeit dauert die Fahrt mit dem Sessellift zur Bergstation. Die Ruhe im Wald ist allerdings herrlich und l\u00e4sst einen so richtig entspannen, bevor es an die Wanderung geht. Im Bild sieht man links \u00fcbrigens schon den Sendeturm auf der Spitze des Muckenkogels.<br \/>\n<a href=\"https:\/\/www.google.de\/maps\/place\/47.984359,15.604723\" target=\"_blank\" rel=\"noopener\"><strong>Aufnahmeort anzeigen<\/strong><\/a><\/p>\n<\/figcaption><\/figure>\n<figure class=\"bigpicture\" style=\"width: 970px;\"><img loading=\"lazy\" decoding=\"async\" class=\"wp-image-9909 size-full\" src=\"https:\/\/coeser.de\/blog\/wp-content\/uploads\/2018\/10\/muckenkogel-lilienfeld-gal03-christian-oeser.jpg\" alt=\"Wanderwege auf dem Muckenkogel in Lilienfeld\" width=\"960\" height=\"640\" srcset=\"https:\/\/coeser.de\/blog\/wp-content\/uploads\/2018\/10\/muckenkogel-lilienfeld-gal03-christian-oeser.jpg 960w, https:\/\/coeser.de\/blog\/wp-content\/uploads\/2018\/10\/muckenkogel-lilienfeld-gal03-christian-oeser-300x200.jpg 300w, https:\/\/coeser.de\/blog\/wp-content\/uploads\/2018\/10\/muckenkogel-lilienfeld-gal03-christian-oeser-768x512.jpg 768w, https:\/\/coeser.de\/blog\/wp-content\/uploads\/2018\/10\/muckenkogel-lilienfeld-gal03-christian-oeser-330x220.jpg 330w\" sizes=\"auto, (max-width: 960px) 100vw, 960px\" \/><figcaption class=\"bigpicture-text\">\n<h3>Wanderwege auf dem Muckenkogel<\/h3>\n<p>Auf einer Infotafel hei\u00dft es sich dann entscheiden, welche Wanderung man tats\u00e4chlich durchf\u00fchren will. Meine Freundin und ich sind den gr\u00fcn markierten <em>Zdarsky Panoramaweg<\/em> und anschlie\u00dfend den gelben <em>Wasserfallweg<\/em> bis zur Talstation gegangen.<br \/>\n<a href=\"https:\/\/www.google.de\/maps\/place\/47.983811,15.604829\" target=\"_blank\" rel=\"noopener\"><strong>Aufnahmeort anzeigen<\/strong><\/a><\/p>\n<\/figcaption><\/figure>\n<figure class=\"bigpicture\" style=\"width: 970px;\"><img loading=\"lazy\" decoding=\"async\" class=\"wp-image-9910 size-full\" src=\"https:\/\/coeser.de\/blog\/wp-content\/uploads\/2018\/10\/muckenkogel-lilienfeld-gal04-christian-oeser.jpg\" alt=\"Zdarsky-Panoramaweg auf dem Muckenkogel (Lilienfeld)\" width=\"960\" height=\"640\" srcset=\"https:\/\/coeser.de\/blog\/wp-content\/uploads\/2018\/10\/muckenkogel-lilienfeld-gal04-christian-oeser.jpg 960w, https:\/\/coeser.de\/blog\/wp-content\/uploads\/2018\/10\/muckenkogel-lilienfeld-gal04-christian-oeser-300x200.jpg 300w, https:\/\/coeser.de\/blog\/wp-content\/uploads\/2018\/10\/muckenkogel-lilienfeld-gal04-christian-oeser-768x512.jpg 768w, https:\/\/coeser.de\/blog\/wp-content\/uploads\/2018\/10\/muckenkogel-lilienfeld-gal04-christian-oeser-330x220.jpg 330w\" sizes=\"auto, (max-width: 960px) 100vw, 960px\" \/><figcaption class=\"bigpicture-text\">\n<h3>Zdarsky-Panoramaweg auf dem Muckenkogel<\/h3>\n<p>Der Zdarsky-Panoramaweg erinnert an den Skipionier Mathias Zdarsky, der als Begr\u00fcnder des alpinen Skilaufs gilt.<br \/>\n<a href=\"https:\/\/www.google.de\/maps\/place\/47.977168,15.608532\" target=\"_blank\" rel=\"noopener\"><strong>Aufnahmeort anzeigen<\/strong><\/a><\/p>\n<\/figcaption><\/figure>\n<figure class=\"bigpicture\" style=\"width: 970px;\"><img loading=\"lazy\" decoding=\"async\" class=\"wp-image-9911 size-full\" src=\"https:\/\/coeser.de\/blog\/wp-content\/uploads\/2018\/10\/muckenkogel-lilienfeld-gal05-christian-oeser.jpg\" alt=\"Aussichtspunkt und Torlaufstrecke von Mathias Zdarsky auf dem Muckenkogel (Lilienfeld)\" width=\"960\" height=\"640\" srcset=\"https:\/\/coeser.de\/blog\/wp-content\/uploads\/2018\/10\/muckenkogel-lilienfeld-gal05-christian-oeser.jpg 960w, https:\/\/coeser.de\/blog\/wp-content\/uploads\/2018\/10\/muckenkogel-lilienfeld-gal05-christian-oeser-300x200.jpg 300w, https:\/\/coeser.de\/blog\/wp-content\/uploads\/2018\/10\/muckenkogel-lilienfeld-gal05-christian-oeser-768x512.jpg 768w, https:\/\/coeser.de\/blog\/wp-content\/uploads\/2018\/10\/muckenkogel-lilienfeld-gal05-christian-oeser-330x220.jpg 330w\" sizes=\"auto, (max-width: 960px) 100vw, 960px\" \/><figcaption class=\"bigpicture-text\">\n<h3>Aussichtspunkt und Torlaufstrecke von Mathias Zdarsky<\/h3>\n<p>Der erste Aussichtspunkt ist schnell erreicht und l\u00e4dt gleich zu einer Pause ein. Das Panorama ist umwerfend und gleichzeitig hat man auch eine historische Besonderheit vor sich. Am Hang vor der Bank hielt Zdarsky 1905 den ersten weltweiten Torlauf ab.<br \/>\n<a href=\"https:\/\/www.google.de\/maps\/place\/47.977168,15.608532\" target=\"_blank\" rel=\"noopener\"><strong>Aufnahmeort anzeigen<\/strong><\/a><\/p>\n<\/figcaption><\/figure>\n<figure class=\"bigpicture\" style=\"width: 970px;\"><img loading=\"lazy\" decoding=\"async\" class=\"wp-image-9912 size-full\" src=\"https:\/\/coeser.de\/blog\/wp-content\/uploads\/2018\/10\/muckenkogel-lilienfeld-gal06-christian-oeser.jpg\" alt=\"Herbstlicher Wanderweg zur Traisner H\u00fctte auf dem Muckenkogel (Lilienfeld)\" width=\"960\" height=\"640\" srcset=\"https:\/\/coeser.de\/blog\/wp-content\/uploads\/2018\/10\/muckenkogel-lilienfeld-gal06-christian-oeser.jpg 960w, https:\/\/coeser.de\/blog\/wp-content\/uploads\/2018\/10\/muckenkogel-lilienfeld-gal06-christian-oeser-300x200.jpg 300w, https:\/\/coeser.de\/blog\/wp-content\/uploads\/2018\/10\/muckenkogel-lilienfeld-gal06-christian-oeser-768x512.jpg 768w, https:\/\/coeser.de\/blog\/wp-content\/uploads\/2018\/10\/muckenkogel-lilienfeld-gal06-christian-oeser-330x220.jpg 330w\" sizes=\"auto, (max-width: 960px) 100vw, 960px\" \/><figcaption class=\"bigpicture-text\">\n<h3>Traumhafter Herbst auf dem Muckenkogel<\/h3>\n<p>Nach dem Aussichtspunkt hei\u00dft es sich entscheiden: entweder folgt man dem breiten Forstweg oder zweigt an einer Markierung in den steil ansteigenden Wald ab. Meine Freundin und ich haben die zweite Variante gew\u00e4hlt und wurden mit einem traumhaften Pfad durch die Herbstfarben belohnt.<br \/>\n<a href=\"https:\/\/www.google.de\/maps\/place\/47.976219,15.609570\" target=\"_blank\" rel=\"noopener\"><strong>Aufnahmeort anzeigen<\/strong><\/a><\/p>\n<\/figcaption><\/figure>\n<figure class=\"bigpicture\" style=\"width: 970px;\"><img loading=\"lazy\" decoding=\"async\" class=\"wp-image-9913 size-full\" src=\"https:\/\/coeser.de\/blog\/wp-content\/uploads\/2018\/10\/muckenkogel-lilienfeld-gal07-christian-oeser.jpg\" alt=\"Gipfelkreuz auf der Hinteralm auf dem Muckenkogel (Lilienfeld)\" width=\"960\" height=\"640\" srcset=\"https:\/\/coeser.de\/blog\/wp-content\/uploads\/2018\/10\/muckenkogel-lilienfeld-gal07-christian-oeser.jpg 960w, https:\/\/coeser.de\/blog\/wp-content\/uploads\/2018\/10\/muckenkogel-lilienfeld-gal07-christian-oeser-300x200.jpg 300w, https:\/\/coeser.de\/blog\/wp-content\/uploads\/2018\/10\/muckenkogel-lilienfeld-gal07-christian-oeser-768x512.jpg 768w, https:\/\/coeser.de\/blog\/wp-content\/uploads\/2018\/10\/muckenkogel-lilienfeld-gal07-christian-oeser-330x220.jpg 330w\" sizes=\"auto, (max-width: 960px) 100vw, 960px\" \/><figcaption class=\"bigpicture-text\">\n<h3>Gipfelkreuz auf der Hinteralm<\/h3>\n<p>Egal welchen Weg ihr nehmt, beide enden beim Gipfelkreuz auf 1.313 Metern Seeh\u00f6he vor der Traisnerh\u00fctte auf der Hinteralm.<br \/>\n<a href=\"https:\/\/www.google.de\/maps\/place\/47.972168,15.610191\" target=\"_blank\" rel=\"noopener\"><strong>Aufnahmeort anzeigen<\/strong><\/a><\/p>\n<\/figcaption><\/figure>\n<figure class=\"bigpicture\" style=\"width: 970px;\"><img loading=\"lazy\" decoding=\"async\" class=\"wp-image-9914 size-full\" src=\"https:\/\/coeser.de\/blog\/wp-content\/uploads\/2018\/10\/muckenkogel-lilienfeld-gal08-christian-oeser.jpg\" alt=\"Traisnerh\u00fctte und Hinteralm auf dem Muckenkogel (Lilienfeld)\" width=\"960\" height=\"640\" srcset=\"https:\/\/coeser.de\/blog\/wp-content\/uploads\/2018\/10\/muckenkogel-lilienfeld-gal08-christian-oeser.jpg 960w, https:\/\/coeser.de\/blog\/wp-content\/uploads\/2018\/10\/muckenkogel-lilienfeld-gal08-christian-oeser-300x200.jpg 300w, https:\/\/coeser.de\/blog\/wp-content\/uploads\/2018\/10\/muckenkogel-lilienfeld-gal08-christian-oeser-768x512.jpg 768w, https:\/\/coeser.de\/blog\/wp-content\/uploads\/2018\/10\/muckenkogel-lilienfeld-gal08-christian-oeser-330x220.jpg 330w\" sizes=\"auto, (max-width: 960px) 100vw, 960px\" \/><figcaption class=\"bigpicture-text\">\n<h3>Traisnerh\u00fctte und Hinteralm auf dem Muckenkogel<\/h3>\n<p>In der Traisnerh\u00fctte herrschte ein regelrechter Ansturm an durstigen und hungrigen Wanderern, sodass wir uns entschlossen, hier keine Pause einzulegen und gleich weiterzugehen. Auf der Terrasse der H\u00fctte, aber auch auf der abfallenden Wiese daneben lie\u00df es sich jedenfalls sichtlich perfekt entspannen.<br \/>\n<a href=\"https:\/\/www.google.de\/maps\/place\/47.972168,15.610191\" target=\"_blank\" rel=\"noopener\"><strong>Aufnahmeort anzeigen<\/strong><\/a><\/p>\n<\/figcaption><\/figure>\n<figure class=\"bigpicture\" style=\"width: 970px;\"><img loading=\"lazy\" decoding=\"async\" class=\"wp-image-9915 size-full\" src=\"https:\/\/coeser.de\/blog\/wp-content\/uploads\/2018\/10\/muckenkogel-lilienfeld-gal09-christian-oeser.jpg\" alt=\"Aussicht auf dem Muckenkogel (Lilienfeld)\" width=\"960\" height=\"640\" srcset=\"https:\/\/coeser.de\/blog\/wp-content\/uploads\/2018\/10\/muckenkogel-lilienfeld-gal09-christian-oeser.jpg 960w, https:\/\/coeser.de\/blog\/wp-content\/uploads\/2018\/10\/muckenkogel-lilienfeld-gal09-christian-oeser-300x200.jpg 300w, https:\/\/coeser.de\/blog\/wp-content\/uploads\/2018\/10\/muckenkogel-lilienfeld-gal09-christian-oeser-768x512.jpg 768w, https:\/\/coeser.de\/blog\/wp-content\/uploads\/2018\/10\/muckenkogel-lilienfeld-gal09-christian-oeser-330x220.jpg 330w\" sizes=\"auto, (max-width: 960px) 100vw, 960px\" \/><figcaption class=\"bigpicture-text\">\n<h3>Aussicht vom Muckenkogel<\/h3>\n<p>Weiter ging die Tour in Richtung Klosteralm. Auf dem Weg dorthin kommt man nur wenige Minuten von der Traisnerh\u00fctte entfernt an einem kleinen Felsvorsprung vorbei, den man sehr einfach erklimmen kann. Von dort offenbart sich euch der im Aufmacherfoto gezeigte, geniale Blick auf den herbstlich gef\u00e4rbten Muckenkogel.<br \/>\n<a href=\"https:\/\/www.google.de\/maps\/place\/47.970725,15.606076\" target=\"_blank\" rel=\"noopener\"><strong>Aufnahmeort anzeigen<\/strong><\/a><\/p>\n<\/figcaption><\/figure>\n<figure class=\"bigpicture\" style=\"width: 970px;\"><img loading=\"lazy\" decoding=\"async\" class=\"wp-image-9916 size-full\" src=\"https:\/\/coeser.de\/blog\/wp-content\/uploads\/2018\/10\/muckenkogel-lilienfeld-gal10-christian-oeser.jpg\" alt=\"Musikanten vor der Klosteralm auf dem Muckenkogel (Lilienfeld)\" width=\"960\" height=\"640\" srcset=\"https:\/\/coeser.de\/blog\/wp-content\/uploads\/2018\/10\/muckenkogel-lilienfeld-gal10-christian-oeser.jpg 960w, https:\/\/coeser.de\/blog\/wp-content\/uploads\/2018\/10\/muckenkogel-lilienfeld-gal10-christian-oeser-300x200.jpg 300w, https:\/\/coeser.de\/blog\/wp-content\/uploads\/2018\/10\/muckenkogel-lilienfeld-gal10-christian-oeser-768x512.jpg 768w, https:\/\/coeser.de\/blog\/wp-content\/uploads\/2018\/10\/muckenkogel-lilienfeld-gal10-christian-oeser-330x220.jpg 330w\" sizes=\"auto, (max-width: 960px) 100vw, 960px\" \/><figcaption class=\"bigpicture-text\">\n<h3>Musikanten bei der Klosteralm<\/h3>\n<p>Schon von Weitem h\u00f6rten wir z\u00fcnftige Musik und bei der Klosteralm empfing uns dann die hier gezeigte stimmungsvolle Situation. Unsere geplante Essenspause sollte da gleich noch mehr Spa\u00df machen!<br \/>\n<a href=\"https:\/\/www.google.de\/maps\/place\/47.981437,15.600342\" target=\"_blank\" rel=\"noopener\"><strong>Aufnahmeort anzeigen<\/strong><\/a><\/p>\n<\/figcaption><\/figure>\n<figure class=\"bigpicture\" style=\"width: 970px;\"><img loading=\"lazy\" decoding=\"async\" class=\"wp-image-9917 size-full\" src=\"https:\/\/coeser.de\/blog\/wp-content\/uploads\/2018\/10\/muckenkogel-lilienfeld-gal11-christian-oeser.jpg\" alt=\"Grie\u00dfnockerlsuppe und warmer Topfenstrudel mit Vanillesauce in der Klosteralm auf dem Muckenkogel (Lilienfeld)\" width=\"960\" height=\"640\" srcset=\"https:\/\/coeser.de\/blog\/wp-content\/uploads\/2018\/10\/muckenkogel-lilienfeld-gal11-christian-oeser.jpg 960w, https:\/\/coeser.de\/blog\/wp-content\/uploads\/2018\/10\/muckenkogel-lilienfeld-gal11-christian-oeser-300x200.jpg 300w, https:\/\/coeser.de\/blog\/wp-content\/uploads\/2018\/10\/muckenkogel-lilienfeld-gal11-christian-oeser-768x512.jpg 768w, https:\/\/coeser.de\/blog\/wp-content\/uploads\/2018\/10\/muckenkogel-lilienfeld-gal11-christian-oeser-330x220.jpg 330w\" sizes=\"auto, (max-width: 960px) 100vw, 960px\" \/><figcaption class=\"bigpicture-text\">\n<h3>Kulinarische St\u00e4rkung in der Klosteralm<\/h3>\n<p>Meine Freundin und ich holten uns zwei Grie\u00dfnockerlsuppen und einen warmen Topfenstrudel mit Vanillesauce. Beides schmeckte vorz\u00fcglich, was auf einer Bergh\u00fctte nicht unbedingt selbstverst\u00e4ndlich ist.<br \/>\n<a href=\"https:\/\/www.google.de\/maps\/place\/47.981559,15.600159\" target=\"_blank\" rel=\"noopener\"><strong>Aufnahmeort anzeigen<\/strong><\/a><\/p>\n<\/figcaption><\/figure>\n<figure class=\"bigpicture\" style=\"width: 970px;\"><img loading=\"lazy\" decoding=\"async\" class=\"wp-image-9918 size-full\" src=\"https:\/\/coeser.de\/blog\/wp-content\/uploads\/2018\/10\/muckenkogel-lilienfeld-gal12-christian-oeser.jpg\" alt=\"Blick auf den \u00d6tscher vom Muckenkogel (Lilienfeld)\" width=\"960\" height=\"640\" srcset=\"https:\/\/coeser.de\/blog\/wp-content\/uploads\/2018\/10\/muckenkogel-lilienfeld-gal12-christian-oeser.jpg 960w, https:\/\/coeser.de\/blog\/wp-content\/uploads\/2018\/10\/muckenkogel-lilienfeld-gal12-christian-oeser-300x200.jpg 300w, https:\/\/coeser.de\/blog\/wp-content\/uploads\/2018\/10\/muckenkogel-lilienfeld-gal12-christian-oeser-768x512.jpg 768w, https:\/\/coeser.de\/blog\/wp-content\/uploads\/2018\/10\/muckenkogel-lilienfeld-gal12-christian-oeser-330x220.jpg 330w\" sizes=\"auto, (max-width: 960px) 100vw, 960px\" \/><figcaption class=\"bigpicture-text\">\n<h3>Blick auf den \u00d6tscher vom Muckenkogel<\/h3>\n<p>Nach der St\u00e4rkung folgte die n\u00e4chste Etappe auf einem flachen Almplateau, wo sich uns in der Ferne der \u00d6tscher und die umliegende Bergwelt pr\u00e4sentierten.<br \/>\n<a href=\"https:\/\/www.google.de\/maps\/place\/47.984609,15.596416\" target=\"_blank\" rel=\"noopener\"><strong>Aufnahmeort anzeigen<\/strong><\/a><\/p>\n<\/figcaption><\/figure>\n<figure class=\"bigpicture\" style=\"width: 970px;\"><img loading=\"lazy\" decoding=\"async\" class=\"wp-image-9919 size-full\" src=\"https:\/\/coeser.de\/blog\/wp-content\/uploads\/2018\/10\/muckenkogel-lilienfeld-gal13-christian-oeser.jpg\" alt=\"Sonne scheint durch B\u00e4ume in einem Wald auf dem Muckenkogel (Lilienfeld)\" width=\"960\" height=\"640\" srcset=\"https:\/\/coeser.de\/blog\/wp-content\/uploads\/2018\/10\/muckenkogel-lilienfeld-gal13-christian-oeser.jpg 960w, https:\/\/coeser.de\/blog\/wp-content\/uploads\/2018\/10\/muckenkogel-lilienfeld-gal13-christian-oeser-300x200.jpg 300w, https:\/\/coeser.de\/blog\/wp-content\/uploads\/2018\/10\/muckenkogel-lilienfeld-gal13-christian-oeser-768x512.jpg 768w, https:\/\/coeser.de\/blog\/wp-content\/uploads\/2018\/10\/muckenkogel-lilienfeld-gal13-christian-oeser-330x220.jpg 330w\" sizes=\"auto, (max-width: 960px) 100vw, 960px\" \/><figcaption class=\"bigpicture-text\">\n<h3>Waldidylle auf dem Muckenkogel<\/h3>\n<p>\u00dcber ein kleines Waldst\u00fcck gelangten wir zu unserem n\u00e4chsten Ziel, der Lilienfelder H\u00fctte. Davor genossen wir aber noch die durch die B\u00e4ume blinzelnde Sonne.<br \/>\n<a href=\"https:\/\/www.google.de\/maps\/place\/47.988098,15.591155\" target=\"_blank\" rel=\"noopener\"><strong>Aufnahmeort anzeigen<\/strong><\/a><\/p>\n<\/figcaption><\/figure>\n<figure class=\"bigpicture\" style=\"width: 970px;\"><img loading=\"lazy\" decoding=\"async\" class=\"wp-image-9920 size-full\" src=\"https:\/\/coeser.de\/blog\/wp-content\/uploads\/2018\/10\/muckenkogel-lilienfeld-gal14-christian-oeser.jpg\" alt=\"Lilienfelder H\u00fctte auf dem Muckenkogel (Lilienfeld)\" width=\"960\" height=\"640\" srcset=\"https:\/\/coeser.de\/blog\/wp-content\/uploads\/2018\/10\/muckenkogel-lilienfeld-gal14-christian-oeser.jpg 960w, https:\/\/coeser.de\/blog\/wp-content\/uploads\/2018\/10\/muckenkogel-lilienfeld-gal14-christian-oeser-300x200.jpg 300w, https:\/\/coeser.de\/blog\/wp-content\/uploads\/2018\/10\/muckenkogel-lilienfeld-gal14-christian-oeser-768x512.jpg 768w, https:\/\/coeser.de\/blog\/wp-content\/uploads\/2018\/10\/muckenkogel-lilienfeld-gal14-christian-oeser-330x220.jpg 330w\" sizes=\"auto, (max-width: 960px) 100vw, 960px\" \/><figcaption class=\"bigpicture-text\">\n<h3>Lilienfelder H\u00fctte auf dem Muckenkogel<\/h3>\n<p>Die letzte Chance, sich vor dem Abstieg ins Tal noch einmal zu st\u00e4rken, gibt es in der Lilienfelder H\u00fctte, die wundersch\u00f6n in die Landschaft eingebettet liegt.<br \/>\n<a href=\"https:\/\/www.google.de\/maps\/place\/47.989236,15.590141\" target=\"_blank\" rel=\"noopener\"><strong>Aufnahmeort anzeigen<\/strong><\/a><\/p>\n<\/figcaption><\/figure>\n<figure class=\"bigpicture\" style=\"width: 970px;\"><img loading=\"lazy\" decoding=\"async\" class=\"wp-image-9921 size-full\" src=\"https:\/\/coeser.de\/blog\/wp-content\/uploads\/2018\/10\/muckenkogel-lilienfeld-gal15-christian-oeser.jpg\" alt=\"Stempel der Traisnerh\u00fctte, der Klosteralm und der Lilienfelder H\u00fctte auf dem Muckenkogel (Lilienfeld)\" width=\"960\" height=\"640\" srcset=\"https:\/\/coeser.de\/blog\/wp-content\/uploads\/2018\/10\/muckenkogel-lilienfeld-gal15-christian-oeser.jpg 960w, https:\/\/coeser.de\/blog\/wp-content\/uploads\/2018\/10\/muckenkogel-lilienfeld-gal15-christian-oeser-300x200.jpg 300w, https:\/\/coeser.de\/blog\/wp-content\/uploads\/2018\/10\/muckenkogel-lilienfeld-gal15-christian-oeser-768x512.jpg 768w, https:\/\/coeser.de\/blog\/wp-content\/uploads\/2018\/10\/muckenkogel-lilienfeld-gal15-christian-oeser-330x220.jpg 330w\" sizes=\"auto, (max-width: 960px) 100vw, 960px\" \/><figcaption class=\"bigpicture-text\">\n<h3>Wanderstempel der Traisnerh\u00fctte, der Klosteralm und der Lilienfelder H\u00fctte<\/h3>\n<p>Als sch\u00f6ne Erinnerung an den Wanderweg haben sich die Stempel der Traisnerh\u00fctte, der Klosteralm und der Lilienfelder H\u00fctte erwiesen, die meine Freundin in ihrem Bullet Journal verewigte.<br \/>\n<a href=\"https:\/\/www.google.de\/maps\/place\/47.989602,15.590118\" target=\"_blank\" rel=\"noopener\"><strong>Aufnahmeort anzeigen<\/strong><\/a><\/p>\n<\/figcaption><\/figure>\n<figure class=\"bigpicture\" style=\"width: 970px;\"><img loading=\"lazy\" decoding=\"async\" class=\"wp-image-9922 size-full\" src=\"https:\/\/coeser.de\/blog\/wp-content\/uploads\/2018\/10\/muckenkogel-lilienfeld-gal16-christian-oeser.jpg\" alt=\"Wegweiser zum Wasserfallsteig auf dem Muckenkogel (Lilienfeld)\" width=\"960\" height=\"640\" srcset=\"https:\/\/coeser.de\/blog\/wp-content\/uploads\/2018\/10\/muckenkogel-lilienfeld-gal16-christian-oeser.jpg 960w, https:\/\/coeser.de\/blog\/wp-content\/uploads\/2018\/10\/muckenkogel-lilienfeld-gal16-christian-oeser-300x200.jpg 300w, https:\/\/coeser.de\/blog\/wp-content\/uploads\/2018\/10\/muckenkogel-lilienfeld-gal16-christian-oeser-768x512.jpg 768w, https:\/\/coeser.de\/blog\/wp-content\/uploads\/2018\/10\/muckenkogel-lilienfeld-gal16-christian-oeser-330x220.jpg 330w\" sizes=\"auto, (max-width: 960px) 100vw, 960px\" \/><figcaption class=\"bigpicture-text\">\n<h3>Unklare Wegweiser zum Wasserfallsteig auf dem Muckenkogel<\/h3>\n<p>Der R\u00fcckweg \u00fcber den Wasserfallsteig war dann aufgrund unklarer Wegweiser etwas nervig. Direkt bei der Lilienfelder H\u00fctte weist ein Pfeil Richtung <em>J\u00e4gersteig<\/em> und <em>Kleinem Wasserfallweg<\/em> \u2013 vom <em>Wasserfallsteig<\/em> keine Spur. Wir gingen deshalb \u00fcber die Forststra\u00dfe ca. 15 Minuten weiter bis zum im Foto ersichtlichen Wegweiser und zweigten erst dort ab. Im Nachhinein betrachtet h\u00e4tten wir aber ruhig Richtung <em>Kleinem Wasserfallweg<\/em> gehen k\u00f6nnen, der dann sp\u00e4ter in den Steig \u00fcbergeht.<br \/>\n<a href=\"https:\/\/www.google.de\/maps\/place\/47.989797,15.597564\" target=\"_blank\" rel=\"noopener\"><strong>Aufnahmeort anzeigen<\/strong><\/a><\/p>\n<\/figcaption><\/figure>\n<hr \/>\n<div class=\"tipps\">\n<h2>TIPP ZUR ORIENTIERUNG AUF DEM MUCKENKOGEL<\/h2>\n<p>Vor Ort habe ich leider nicht daran gedacht \u2013 aber hier gebe ich euch einen wertvollen Tipp, falls ihr auch einmal vor dem Problem eines unklaren Wegverlaufs steht. Auf <a href=\"https:\/\/www.openstreetmap.org\/#map=16\/47.9912\/15.5965\" target=\"_blank\" rel=\"noopener\"><strong>openstreetmap.org<\/strong><\/a> sind n\u00e4mlich im Gegensatz zu Google Maps auch die Wege bzw. Pfade im Gel\u00e4nde eingezeichnet. Mit Hilfe der Karte h\u00e4tte ich direkt vor Ort schnell erkannt, dass wir Richtung <em>J\u00e4gersteig<\/em> bzw. <em>Kleinem Wasserfallweg<\/em> gehen und dann in den Wasserfallsteig abzweigen k\u00f6nnen.<\/p>\n<\/div>\n<p>&nbsp;<\/p>\n<hr \/>\n<figure class=\"bigpicture\" style=\"width: 970px;\"><img loading=\"lazy\" decoding=\"async\" class=\"wp-image-9923 size-full\" src=\"https:\/\/coeser.de\/blog\/wp-content\/uploads\/2018\/10\/muckenkogel-lilienfeld-gal17-christian-oeser.jpg\" alt=\"Wegweiser zum Wasserfallsteig auf dem Muckenkogel (Lilienfeld)\" width=\"960\" height=\"640\" srcset=\"https:\/\/coeser.de\/blog\/wp-content\/uploads\/2018\/10\/muckenkogel-lilienfeld-gal17-christian-oeser.jpg 960w, https:\/\/coeser.de\/blog\/wp-content\/uploads\/2018\/10\/muckenkogel-lilienfeld-gal17-christian-oeser-300x200.jpg 300w, https:\/\/coeser.de\/blog\/wp-content\/uploads\/2018\/10\/muckenkogel-lilienfeld-gal17-christian-oeser-768x512.jpg 768w, https:\/\/coeser.de\/blog\/wp-content\/uploads\/2018\/10\/muckenkogel-lilienfeld-gal17-christian-oeser-330x220.jpg 330w\" sizes=\"auto, (max-width: 960px) 100vw, 960px\" \/><figcaption class=\"bigpicture-text\">\n<h3>Zugang zum Wasserfallsteig auf dem Muckenkogel<\/h3>\n<p>Ein eigenes Hinweisschild weist dann auf den Beginn des Wasserfallsteigs hin. Die Warnhinweise sind durchwegs ernst zu nehmen, auch wenn man keine Angst haben muss. Der Weg ist schmal, durch Herbstlaub etwas rutschig und mit vielen nat\u00fcrlich und k\u00fcnstlich angelegten Stufen versehen \u2013 sprich: ihr solltet Trittsicherheit haben, keine Unsicherheit mitbringen und vor allem auf gutes Schuhwerk achten.<br \/>\n<a href=\"https:\/\/www.google.de\/maps\/place\/47.993732,15.601165\" target=\"_blank\" rel=\"noopener\"><strong>Aufnahmeort anzeigen<\/strong><\/a><\/p>\n<\/figcaption><\/figure>\n<figure class=\"bigpicture\" style=\"width: 970px;\"><img loading=\"lazy\" decoding=\"async\" class=\"wp-image-9924 size-full\" src=\"https:\/\/coeser.de\/blog\/wp-content\/uploads\/2018\/10\/muckenkogel-lilienfeld-gal18-christian-oeser.jpg\" alt=\"Der Wasserfallsteig auf dem Muckenkogel (Lilienfeld)\" width=\"960\" height=\"640\" srcset=\"https:\/\/coeser.de\/blog\/wp-content\/uploads\/2018\/10\/muckenkogel-lilienfeld-gal18-christian-oeser.jpg 960w, https:\/\/coeser.de\/blog\/wp-content\/uploads\/2018\/10\/muckenkogel-lilienfeld-gal18-christian-oeser-300x200.jpg 300w, https:\/\/coeser.de\/blog\/wp-content\/uploads\/2018\/10\/muckenkogel-lilienfeld-gal18-christian-oeser-768x512.jpg 768w, https:\/\/coeser.de\/blog\/wp-content\/uploads\/2018\/10\/muckenkogel-lilienfeld-gal18-christian-oeser-330x220.jpg 330w\" sizes=\"auto, (max-width: 960px) 100vw, 960px\" \/><figcaption class=\"bigpicture-text\">\n<h3>Metallleitern auf dem Wasserfallsteig<\/h3>\n<p>Hier seht ihr einen kurzen Abschnitt des Wasserfallsteigs, der durch die Metallstufen einfach zu begehen ist.<br \/>\n<a href=\"https:\/\/www.google.de\/maps\/place\/47.994454,15.600493\" target=\"_blank\" rel=\"noopener\"><strong>Aufnahmeort anzeigen<\/strong><\/a><\/p>\n<\/figcaption><\/figure>\n<figure class=\"bigpicture\" style=\"width: 970px;\"><img loading=\"lazy\" decoding=\"async\" class=\"wp-image-9925 size-full\" src=\"https:\/\/coeser.de\/blog\/wp-content\/uploads\/2018\/10\/muckenkogel-lilienfeld-gal19-christian-oeser.jpg\" alt=\"Der Gro\u00dfe Wasserfall auf dem Wasserfallsteig auf dem Muckenkogel (Lilienfeld)\" width=\"960\" height=\"640\" srcset=\"https:\/\/coeser.de\/blog\/wp-content\/uploads\/2018\/10\/muckenkogel-lilienfeld-gal19-christian-oeser.jpg 960w, https:\/\/coeser.de\/blog\/wp-content\/uploads\/2018\/10\/muckenkogel-lilienfeld-gal19-christian-oeser-300x200.jpg 300w, https:\/\/coeser.de\/blog\/wp-content\/uploads\/2018\/10\/muckenkogel-lilienfeld-gal19-christian-oeser-768x512.jpg 768w, https:\/\/coeser.de\/blog\/wp-content\/uploads\/2018\/10\/muckenkogel-lilienfeld-gal19-christian-oeser-330x220.jpg 330w\" sizes=\"auto, (max-width: 960px) 100vw, 960px\" \/><figcaption class=\"bigpicture-text\">\n<h3>Der Gro\u00dfe Wasserfall auf dem Wasserfallsteig<\/h3>\n<p>Der H\u00f6hepunkt des Wasserfallsteigs sollte eigentlich der Gro\u00dfe Wasserfall sein. Tja, k\u00f6nnt ihr ihn im Foto erkennen? \ud83d\ude09 Nach tagelanger Trockenheit war bis auf ein Rinnsal nichts vom Wasserfall zu bemerken, sodass meine Freundin und ich uns nicht lange an der Stelle aufhielten.<br \/>\n<a href=\"https:\/\/www.google.de\/maps\/place\/47.994045,15.600529\" target=\"_blank\" rel=\"noopener\"><strong>Aufnahmeort anzeigen<\/strong><\/a><\/p>\n<\/figcaption><\/figure>\n<figure class=\"bigpicture\" style=\"width: 970px;\"><img loading=\"lazy\" decoding=\"async\" class=\"wp-image-9926 size-full\" src=\"https:\/\/coeser.de\/blog\/wp-content\/uploads\/2018\/10\/muckenkogel-lilienfeld-gal20-christian-oeser.jpg\" alt=\"Wasserfallsteig auf dem Muckenkogel (Lilienfeld)\" width=\"960\" height=\"640\" srcset=\"https:\/\/coeser.de\/blog\/wp-content\/uploads\/2018\/10\/muckenkogel-lilienfeld-gal20-christian-oeser.jpg 960w, https:\/\/coeser.de\/blog\/wp-content\/uploads\/2018\/10\/muckenkogel-lilienfeld-gal20-christian-oeser-300x200.jpg 300w, https:\/\/coeser.de\/blog\/wp-content\/uploads\/2018\/10\/muckenkogel-lilienfeld-gal20-christian-oeser-768x512.jpg 768w, https:\/\/coeser.de\/blog\/wp-content\/uploads\/2018\/10\/muckenkogel-lilienfeld-gal20-christian-oeser-330x220.jpg 330w\" sizes=\"auto, (max-width: 960px) 100vw, 960px\" \/><figcaption class=\"bigpicture-text\">\n<h3>Abstieg vom Wasserfallsteig<\/h3>\n<p>Die letzten Meter des Wasserfallsteigs gefielen mir durch den schmalen Pfad inmitten der Waldlandschaft gut.<br \/>\n<a href=\"https:\/\/www.google.de\/maps\/place\/47.995325,15.600690\" target=\"_blank\" rel=\"noopener\"><strong>Aufnahmeort anzeigen<\/strong><\/a><\/p>\n<\/figcaption><\/figure>\n<figure class=\"bigpicture\" style=\"width: 970px;\"><img loading=\"lazy\" decoding=\"async\" class=\"wp-image-9927 size-full\" src=\"https:\/\/coeser.de\/blog\/wp-content\/uploads\/2018\/10\/muckenkogel-lilienfeld-gal21-christian-oeser.jpg\" alt=\"Wanderung auf dem Muckenkogel (Lilienfeld)\" width=\"960\" height=\"640\" srcset=\"https:\/\/coeser.de\/blog\/wp-content\/uploads\/2018\/10\/muckenkogel-lilienfeld-gal21-christian-oeser.jpg 960w, https:\/\/coeser.de\/blog\/wp-content\/uploads\/2018\/10\/muckenkogel-lilienfeld-gal21-christian-oeser-300x200.jpg 300w, https:\/\/coeser.de\/blog\/wp-content\/uploads\/2018\/10\/muckenkogel-lilienfeld-gal21-christian-oeser-768x512.jpg 768w, https:\/\/coeser.de\/blog\/wp-content\/uploads\/2018\/10\/muckenkogel-lilienfeld-gal21-christian-oeser-330x220.jpg 330w\" sizes=\"auto, (max-width: 960px) 100vw, 960px\" \/><figcaption class=\"bigpicture-text\">\n<h3>Abschluss der Wanderung auf dem Muckenkogel<\/h3>\n<p>Mit diesem idyllischen Anblick war der anstrengende, aber befriedigende Wandertag dann auch schon wieder vorbei. Eine echte Tour f\u00fcr Geist, K\u00f6rper und Seele!<br \/>\n<a href=\"https:\/\/www.google.de\/maps\/place\/47.995688,15.601421\" target=\"_blank\" rel=\"noopener\"><strong>Aufnahmeort anzeigen<\/strong><\/a><\/p>\n<\/figcaption><\/figure>\n<hr \/>\n<div class=\"fazit\">\n<h2>FAZIT<\/h2>\n<p>Besser h\u00e4tten meine Freundin und ich ein sonniges und warmes Herbstwochenende im Oktober nicht n\u00fctzen k\u00f6nnen! Unsere Rundwanderung auf dem Muckenkogel in Lilienfeld war von Anfang bis zum Ende ein Fest f\u00fcr K\u00f6rper und Seele. F\u00fcr die Auffahrt w\u00e4hlten wir den liebevollen Einser-Sessellift, bevor es an eine Runde \u00fcber das Gipfelkreuz sowie drei H\u00fctten ging. Unterwegs gab es nicht nur tolle Ausblick auf die umliegende Bergwelt, sondern auch den Startpunkt des ersten weltweiten Torlaufs zu sehen, der 1905 von Skipionier Mathias Zdarsky ins Leben gerufen wurde. Spannend war gegen Ende der Tour der Abstieg \u00fcber den Wasserfallsteig, der zwar etwas anspruchsvoller zu gehen, aber landschaftlich ein wirklicher H\u00f6hepunkt ist. Ich hoffe, ich konnte euch Lust auf einen Ausflug auf den Muckenkogel machen! \ud83d\ude42<\/p>\n<\/div>\n<p>&nbsp;<\/p>\n<div style=\"display: none;\">\n<p><img loading=\"lazy\" decoding=\"async\" class=\"alignnone size-full wp-image-9928\" src=\"https:\/\/coeser.de\/blog\/wp-content\/uploads\/2018\/10\/muckenkogel-lilienfeld-p01-christian-oeser.jpg\" alt=\"Wanderung auf dem Muckenkogel (Lilienfeld): Erfahrungsbericht mit der Traisnerh\u00fctte, Klosteralm, Lilienfelder H\u00fctte und dem Wasserfallsteig.\" width=\"735\" height=\"1102\" srcset=\"https:\/\/coeser.de\/blog\/wp-content\/uploads\/2018\/10\/muckenkogel-lilienfeld-p01-christian-oeser.jpg 735w, https:\/\/coeser.de\/blog\/wp-content\/uploads\/2018\/10\/muckenkogel-lilienfeld-p01-christian-oeser-200x300.jpg 200w, https:\/\/coeser.de\/blog\/wp-content\/uploads\/2018\/10\/muckenkogel-lilienfeld-p01-christian-oeser-683x1024.jpg 683w\" sizes=\"auto, (max-width: 735px) 100vw, 735px\" \/><img loading=\"lazy\" decoding=\"async\" class=\"alignnone size-full wp-image-9929\" src=\"https:\/\/coeser.de\/blog\/wp-content\/uploads\/2018\/10\/muckenkogel-lilienfeld-p02-christian-oeser.jpg\" alt=\"Wanderung auf dem Muckenkogel (Lilienfeld): Erfahrungsbericht mit der Traisnerh\u00fctte, Klosteralm, Lilienfelder H\u00fctte und dem Wasserfallsteig.\" width=\"735\" height=\"1102\" srcset=\"https:\/\/coeser.de\/blog\/wp-content\/uploads\/2018\/10\/muckenkogel-lilienfeld-p02-christian-oeser.jpg 735w, https:\/\/coeser.de\/blog\/wp-content\/uploads\/2018\/10\/muckenkogel-lilienfeld-p02-christian-oeser-200x300.jpg 200w, https:\/\/coeser.de\/blog\/wp-content\/uploads\/2018\/10\/muckenkogel-lilienfeld-p02-christian-oeser-683x1024.jpg 683w\" sizes=\"auto, (max-width: 735px) 100vw, 735px\" \/><\/p>\n<\/div>\n","protected":false},"excerpt":{"rendered":"<p>Wenn die Wettervorhersage ein traumhaftes Herbstwochenende mit strahlendem Sonnenschein und angenehmen Temperaturen ank\u00fcndigt, dann hei\u00dft es ab zur Planung eines tollen Ausflugs! In diesem Artikel berichte ich euch diesmal von meiner Wanderung auf dem Muckenkogel in Nieder\u00f6sterreich. Hoch oben im Gebirge bietet sich dort n\u00e4mlich ein herrlicher Rundweg \u00fcber drei H\u00fctten an, was das ganze [&hellip;]<\/p>\n","protected":false},"author":1,"featured_media":9903,"comment_status":"open","ping_status":"open","sticky":false,"template":"","format":"standard","meta":{"_jetpack_memberships_contains_paid_content":false,"footnotes":""},"categories":[17],"tags":[25,19,11,12,302,301,23,41,68,58],"class_list":["post-9899","post","type-post","status-publish","format-standard","has-post-thumbnail","hentry","category-oesterreich","tag-ausflug","tag-aussicht","tag-fotospots","tag-fototipps","tag-lilienfeld","tag-muckenkogel","tag-oesterreich","tag-reisebericht","tag-reisefuehrer","tag-wandern"],"yoast_head":"<!-- This site is optimized with the Yoast SEO plugin v27.4 - https:\/\/yoast.com\/product\/yoast-seo-wordpress\/ -->\n<title>H\u00fcttenh\u00fcpfen auf dem Muckenkogel - Reiseblog und Fotostories von Christian \u00d6ser<\/title>\n<meta name=\"description\" content=\"Muckenkogel (Lilienfeld): Erfahrungsbericht \u00fcber die Wanderung zur Traisnerh\u00fctte, Klosteralm, Lilienfelder H\u00fctte und Wasserfallsteig.\" \/>\n<meta name=\"robots\" content=\"index, follow, max-snippet:-1, max-image-preview:large, max-video-preview:-1\" \/>\n<link rel=\"canonical\" href=\"https:\/\/coeser.de\/blog\/index.php\/2018\/10\/23\/huettenhuepfen-auf-dem-muckenkogel\/\" \/>\n<meta property=\"og:locale\" content=\"de_DE\" \/>\n<meta property=\"og:type\" content=\"article\" \/>\n<meta property=\"og:title\" content=\"H\u00fcttenh\u00fcpfen auf dem Muckenkogel - Reiseblog und Fotostories von Christian \u00d6ser\" \/>\n<meta property=\"og:description\" content=\"Muckenkogel (Lilienfeld): Erfahrungsbericht \u00fcber die Wanderung zur Traisnerh\u00fctte, Klosteralm, Lilienfelder H\u00fctte und Wasserfallsteig.\" \/>\n<meta property=\"og:url\" content=\"https:\/\/coeser.de\/blog\/index.php\/2018\/10\/23\/huettenhuepfen-auf-dem-muckenkogel\/\" \/>\n<meta property=\"og:site_name\" content=\"fern &amp; nah - Reiseblog und Fotostories von Christian \u00d6ser\" \/>\n<meta property=\"article:publisher\" content=\"Christian \u00d6ser\" \/>\n<meta property=\"article:author\" content=\"Christian \u00d6ser\" \/>\n<meta property=\"article:published_time\" content=\"2018-10-23T05:00:48+00:00\" \/>\n<meta property=\"article:modified_time\" content=\"2024-01-10T10:10:58+00:00\" \/>\n<meta property=\"og:image\" content=\"https:\/\/coeser.de\/blog\/wp-content\/uploads\/2018\/10\/muckenkogel-lilienfeld-aufmacher-christian-oeser.jpg\" \/>\n\t<meta property=\"og:image:width\" content=\"978\" \/>\n\t<meta property=\"og:image:height\" content=\"550\" \/>\n\t<meta property=\"og:image:type\" content=\"image\/jpeg\" \/>\n<meta name=\"author\" content=\"Christian \u00d6ser\" \/>\n<meta name=\"twitter:card\" content=\"summary_large_image\" \/>\n<meta name=\"twitter:label1\" content=\"Verfasst von\" \/>\n\t<meta name=\"twitter:data1\" content=\"Christian \u00d6ser\" \/>\n\t<meta name=\"twitter:label2\" content=\"Gesch\u00e4tzte Lesezeit\" \/>\n\t<meta name=\"twitter:data2\" content=\"16\u00a0Minuten\" \/>\n<script type=\"application\/ld+json\" class=\"yoast-schema-graph\">{\"@context\":\"https:\\\/\\\/schema.org\",\"@graph\":[{\"@type\":\"Article\",\"@id\":\"https:\\\/\\\/coeser.de\\\/blog\\\/index.php\\\/2018\\\/10\\\/23\\\/huettenhuepfen-auf-dem-muckenkogel\\\/#article\",\"isPartOf\":{\"@id\":\"https:\\\/\\\/coeser.de\\\/blog\\\/index.php\\\/2018\\\/10\\\/23\\\/huettenhuepfen-auf-dem-muckenkogel\\\/\"},\"author\":{\"name\":\"Christian \u00d6ser\",\"@id\":\"https:\\\/\\\/coeser.de\\\/blog\\\/#\\\/schema\\\/person\\\/fda1d253389076b2cadc3d47018cf315\"},\"headline\":\"H\u00fcttenh\u00fcpfen auf dem Muckenkogel\",\"datePublished\":\"2018-10-23T05:00:48+00:00\",\"dateModified\":\"2024-01-10T10:10:58+00:00\",\"mainEntityOfPage\":{\"@id\":\"https:\\\/\\\/coeser.de\\\/blog\\\/index.php\\\/2018\\\/10\\\/23\\\/huettenhuepfen-auf-dem-muckenkogel\\\/\"},\"wordCount\":1902,\"commentCount\":0,\"publisher\":{\"@id\":\"https:\\\/\\\/coeser.de\\\/blog\\\/#\\\/schema\\\/person\\\/fda1d253389076b2cadc3d47018cf315\"},\"image\":{\"@id\":\"https:\\\/\\\/coeser.de\\\/blog\\\/index.php\\\/2018\\\/10\\\/23\\\/huettenhuepfen-auf-dem-muckenkogel\\\/#primaryimage\"},\"thumbnailUrl\":\"https:\\\/\\\/coeser.de\\\/blog\\\/wp-content\\\/uploads\\\/2018\\\/10\\\/muckenkogel-lilienfeld-aufmacher-christian-oeser.jpg\",\"keywords\":[\"Ausflug\",\"Aussicht\",\"Fotospots\",\"Fototipps\",\"Lilienfeld\",\"Muckenkogel\",\"\u00d6sterreich\",\"Reisebericht\",\"Reisef\u00fchrer\",\"Wandern\"],\"articleSection\":[\"\u00d6STERREICH\"],\"inLanguage\":\"de\",\"potentialAction\":[{\"@type\":\"CommentAction\",\"name\":\"Comment\",\"target\":[\"https:\\\/\\\/coeser.de\\\/blog\\\/index.php\\\/2018\\\/10\\\/23\\\/huettenhuepfen-auf-dem-muckenkogel\\\/#respond\"]}]},{\"@type\":\"WebPage\",\"@id\":\"https:\\\/\\\/coeser.de\\\/blog\\\/index.php\\\/2018\\\/10\\\/23\\\/huettenhuepfen-auf-dem-muckenkogel\\\/\",\"url\":\"https:\\\/\\\/coeser.de\\\/blog\\\/index.php\\\/2018\\\/10\\\/23\\\/huettenhuepfen-auf-dem-muckenkogel\\\/\",\"name\":\"H\u00fcttenh\u00fcpfen auf dem Muckenkogel - Reiseblog und Fotostories von Christian \u00d6ser\",\"isPartOf\":{\"@id\":\"https:\\\/\\\/coeser.de\\\/blog\\\/#website\"},\"primaryImageOfPage\":{\"@id\":\"https:\\\/\\\/coeser.de\\\/blog\\\/index.php\\\/2018\\\/10\\\/23\\\/huettenhuepfen-auf-dem-muckenkogel\\\/#primaryimage\"},\"image\":{\"@id\":\"https:\\\/\\\/coeser.de\\\/blog\\\/index.php\\\/2018\\\/10\\\/23\\\/huettenhuepfen-auf-dem-muckenkogel\\\/#primaryimage\"},\"thumbnailUrl\":\"https:\\\/\\\/coeser.de\\\/blog\\\/wp-content\\\/uploads\\\/2018\\\/10\\\/muckenkogel-lilienfeld-aufmacher-christian-oeser.jpg\",\"datePublished\":\"2018-10-23T05:00:48+00:00\",\"dateModified\":\"2024-01-10T10:10:58+00:00\",\"description\":\"Muckenkogel (Lilienfeld): Erfahrungsbericht \u00fcber die Wanderung zur Traisnerh\u00fctte, Klosteralm, Lilienfelder H\u00fctte und Wasserfallsteig.\",\"breadcrumb\":{\"@id\":\"https:\\\/\\\/coeser.de\\\/blog\\\/index.php\\\/2018\\\/10\\\/23\\\/huettenhuepfen-auf-dem-muckenkogel\\\/#breadcrumb\"},\"inLanguage\":\"de\",\"potentialAction\":[{\"@type\":\"ReadAction\",\"target\":[\"https:\\\/\\\/coeser.de\\\/blog\\\/index.php\\\/2018\\\/10\\\/23\\\/huettenhuepfen-auf-dem-muckenkogel\\\/\"]}]},{\"@type\":\"ImageObject\",\"inLanguage\":\"de\",\"@id\":\"https:\\\/\\\/coeser.de\\\/blog\\\/index.php\\\/2018\\\/10\\\/23\\\/huettenhuepfen-auf-dem-muckenkogel\\\/#primaryimage\",\"url\":\"https:\\\/\\\/coeser.de\\\/blog\\\/wp-content\\\/uploads\\\/2018\\\/10\\\/muckenkogel-lilienfeld-aufmacher-christian-oeser.jpg\",\"contentUrl\":\"https:\\\/\\\/coeser.de\\\/blog\\\/wp-content\\\/uploads\\\/2018\\\/10\\\/muckenkogel-lilienfeld-aufmacher-christian-oeser.jpg\",\"width\":978,\"height\":550,\"caption\":\"Blick auf den Muckenkogel in Herbstfarben\"},{\"@type\":\"BreadcrumbList\",\"@id\":\"https:\\\/\\\/coeser.de\\\/blog\\\/index.php\\\/2018\\\/10\\\/23\\\/huettenhuepfen-auf-dem-muckenkogel\\\/#breadcrumb\",\"itemListElement\":[{\"@type\":\"ListItem\",\"position\":1,\"name\":\"Startseite\",\"item\":\"https:\\\/\\\/coeser.de\\\/blog\\\/\"},{\"@type\":\"ListItem\",\"position\":2,\"name\":\"H\u00fcttenh\u00fcpfen auf dem Muckenkogel\"}]},{\"@type\":\"WebSite\",\"@id\":\"https:\\\/\\\/coeser.de\\\/blog\\\/#website\",\"url\":\"https:\\\/\\\/coeser.de\\\/blog\\\/\",\"name\":\"fern &amp; nah - Reiseblog und Fotostories von Christian \u00d6ser\",\"description\":\"Reiseblog und Fotostories von Christian \u00d6ser\",\"publisher\":{\"@id\":\"https:\\\/\\\/coeser.de\\\/blog\\\/#\\\/schema\\\/person\\\/fda1d253389076b2cadc3d47018cf315\"},\"potentialAction\":[{\"@type\":\"SearchAction\",\"target\":{\"@type\":\"EntryPoint\",\"urlTemplate\":\"https:\\\/\\\/coeser.de\\\/blog\\\/?s={search_term_string}\"},\"query-input\":{\"@type\":\"PropertyValueSpecification\",\"valueRequired\":true,\"valueName\":\"search_term_string\"}}],\"inLanguage\":\"de\"},{\"@type\":[\"Person\",\"Organization\"],\"@id\":\"https:\\\/\\\/coeser.de\\\/blog\\\/#\\\/schema\\\/person\\\/fda1d253389076b2cadc3d47018cf315\",\"name\":\"Christian \u00d6ser\",\"image\":{\"@type\":\"ImageObject\",\"inLanguage\":\"de\",\"@id\":\"https:\\\/\\\/coeser.de\\\/blog\\\/wp-content\\\/uploads\\\/2016\\\/08\\\/logo-fern-und-nah-christian-oeser-4.jpg\",\"url\":\"https:\\\/\\\/coeser.de\\\/blog\\\/wp-content\\\/uploads\\\/2016\\\/08\\\/logo-fern-und-nah-christian-oeser-4.jpg\",\"contentUrl\":\"https:\\\/\\\/coeser.de\\\/blog\\\/wp-content\\\/uploads\\\/2016\\\/08\\\/logo-fern-und-nah-christian-oeser-4.jpg\",\"width\":1090,\"height\":245,\"caption\":\"Christian \u00d6ser\"},\"logo\":{\"@id\":\"https:\\\/\\\/coeser.de\\\/blog\\\/wp-content\\\/uploads\\\/2016\\\/08\\\/logo-fern-und-nah-christian-oeser-4.jpg\"},\"sameAs\":[\"http:\\\/\\\/www.coeser.de\",\"Christian \u00d6ser\",\"https:\\\/\\\/www.instagram.com\\\/coeser_de\\\/\",\"https:\\\/\\\/www.pinterest.at\\\/nightline5\\\/\"],\"url\":\"https:\\\/\\\/coeser.de\\\/blog\\\/index.php\\\/author\\\/coeser\\\/\"}]}<\/script>\n<!-- \/ Yoast SEO plugin. -->","yoast_head_json":{"title":"H\u00fcttenh\u00fcpfen auf dem Muckenkogel - Reiseblog und Fotostories von Christian \u00d6ser","description":"Muckenkogel (Lilienfeld): Erfahrungsbericht \u00fcber die Wanderung zur Traisnerh\u00fctte, Klosteralm, Lilienfelder H\u00fctte und Wasserfallsteig.","robots":{"index":"index","follow":"follow","max-snippet":"max-snippet:-1","max-image-preview":"max-image-preview:large","max-video-preview":"max-video-preview:-1"},"canonical":"https:\/\/coeser.de\/blog\/index.php\/2018\/10\/23\/huettenhuepfen-auf-dem-muckenkogel\/","og_locale":"de_DE","og_type":"article","og_title":"H\u00fcttenh\u00fcpfen auf dem Muckenkogel - Reiseblog und Fotostories von Christian \u00d6ser","og_description":"Muckenkogel (Lilienfeld): Erfahrungsbericht \u00fcber die Wanderung zur Traisnerh\u00fctte, Klosteralm, Lilienfelder H\u00fctte und Wasserfallsteig.","og_url":"https:\/\/coeser.de\/blog\/index.php\/2018\/10\/23\/huettenhuepfen-auf-dem-muckenkogel\/","og_site_name":"fern &amp; nah - Reiseblog und Fotostories von Christian \u00d6ser","article_publisher":"Christian \u00d6ser","article_author":"Christian \u00d6ser","article_published_time":"2018-10-23T05:00:48+00:00","article_modified_time":"2024-01-10T10:10:58+00:00","og_image":[{"width":978,"height":550,"url":"https:\/\/coeser.de\/blog\/wp-content\/uploads\/2018\/10\/muckenkogel-lilienfeld-aufmacher-christian-oeser.jpg","type":"image\/jpeg"}],"author":"Christian \u00d6ser","twitter_card":"summary_large_image","twitter_misc":{"Verfasst von":"Christian \u00d6ser","Gesch\u00e4tzte Lesezeit":"16\u00a0Minuten"},"schema":{"@context":"https:\/\/schema.org","@graph":[{"@type":"Article","@id":"https:\/\/coeser.de\/blog\/index.php\/2018\/10\/23\/huettenhuepfen-auf-dem-muckenkogel\/#article","isPartOf":{"@id":"https:\/\/coeser.de\/blog\/index.php\/2018\/10\/23\/huettenhuepfen-auf-dem-muckenkogel\/"},"author":{"name":"Christian \u00d6ser","@id":"https:\/\/coeser.de\/blog\/#\/schema\/person\/fda1d253389076b2cadc3d47018cf315"},"headline":"H\u00fcttenh\u00fcpfen auf dem Muckenkogel","datePublished":"2018-10-23T05:00:48+00:00","dateModified":"2024-01-10T10:10:58+00:00","mainEntityOfPage":{"@id":"https:\/\/coeser.de\/blog\/index.php\/2018\/10\/23\/huettenhuepfen-auf-dem-muckenkogel\/"},"wordCount":1902,"commentCount":0,"publisher":{"@id":"https:\/\/coeser.de\/blog\/#\/schema\/person\/fda1d253389076b2cadc3d47018cf315"},"image":{"@id":"https:\/\/coeser.de\/blog\/index.php\/2018\/10\/23\/huettenhuepfen-auf-dem-muckenkogel\/#primaryimage"},"thumbnailUrl":"https:\/\/coeser.de\/blog\/wp-content\/uploads\/2018\/10\/muckenkogel-lilienfeld-aufmacher-christian-oeser.jpg","keywords":["Ausflug","Aussicht","Fotospots","Fototipps","Lilienfeld","Muckenkogel","\u00d6sterreich","Reisebericht","Reisef\u00fchrer","Wandern"],"articleSection":["\u00d6STERREICH"],"inLanguage":"de","potentialAction":[{"@type":"CommentAction","name":"Comment","target":["https:\/\/coeser.de\/blog\/index.php\/2018\/10\/23\/huettenhuepfen-auf-dem-muckenkogel\/#respond"]}]},{"@type":"WebPage","@id":"https:\/\/coeser.de\/blog\/index.php\/2018\/10\/23\/huettenhuepfen-auf-dem-muckenkogel\/","url":"https:\/\/coeser.de\/blog\/index.php\/2018\/10\/23\/huettenhuepfen-auf-dem-muckenkogel\/","name":"H\u00fcttenh\u00fcpfen auf dem Muckenkogel - Reiseblog und Fotostories von Christian \u00d6ser","isPartOf":{"@id":"https:\/\/coeser.de\/blog\/#website"},"primaryImageOfPage":{"@id":"https:\/\/coeser.de\/blog\/index.php\/2018\/10\/23\/huettenhuepfen-auf-dem-muckenkogel\/#primaryimage"},"image":{"@id":"https:\/\/coeser.de\/blog\/index.php\/2018\/10\/23\/huettenhuepfen-auf-dem-muckenkogel\/#primaryimage"},"thumbnailUrl":"https:\/\/coeser.de\/blog\/wp-content\/uploads\/2018\/10\/muckenkogel-lilienfeld-aufmacher-christian-oeser.jpg","datePublished":"2018-10-23T05:00:48+00:00","dateModified":"2024-01-10T10:10:58+00:00","description":"Muckenkogel (Lilienfeld): Erfahrungsbericht \u00fcber die Wanderung zur Traisnerh\u00fctte, Klosteralm, Lilienfelder H\u00fctte und Wasserfallsteig.","breadcrumb":{"@id":"https:\/\/coeser.de\/blog\/index.php\/2018\/10\/23\/huettenhuepfen-auf-dem-muckenkogel\/#breadcrumb"},"inLanguage":"de","potentialAction":[{"@type":"ReadAction","target":["https:\/\/coeser.de\/blog\/index.php\/2018\/10\/23\/huettenhuepfen-auf-dem-muckenkogel\/"]}]},{"@type":"ImageObject","inLanguage":"de","@id":"https:\/\/coeser.de\/blog\/index.php\/2018\/10\/23\/huettenhuepfen-auf-dem-muckenkogel\/#primaryimage","url":"https:\/\/coeser.de\/blog\/wp-content\/uploads\/2018\/10\/muckenkogel-lilienfeld-aufmacher-christian-oeser.jpg","contentUrl":"https:\/\/coeser.de\/blog\/wp-content\/uploads\/2018\/10\/muckenkogel-lilienfeld-aufmacher-christian-oeser.jpg","width":978,"height":550,"caption":"Blick auf den Muckenkogel in Herbstfarben"},{"@type":"BreadcrumbList","@id":"https:\/\/coeser.de\/blog\/index.php\/2018\/10\/23\/huettenhuepfen-auf-dem-muckenkogel\/#breadcrumb","itemListElement":[{"@type":"ListItem","position":1,"name":"Startseite","item":"https:\/\/coeser.de\/blog\/"},{"@type":"ListItem","position":2,"name":"H\u00fcttenh\u00fcpfen auf dem Muckenkogel"}]},{"@type":"WebSite","@id":"https:\/\/coeser.de\/blog\/#website","url":"https:\/\/coeser.de\/blog\/","name":"fern &amp; nah - Reiseblog und Fotostories von Christian \u00d6ser","description":"Reiseblog und Fotostories von Christian \u00d6ser","publisher":{"@id":"https:\/\/coeser.de\/blog\/#\/schema\/person\/fda1d253389076b2cadc3d47018cf315"},"potentialAction":[{"@type":"SearchAction","target":{"@type":"EntryPoint","urlTemplate":"https:\/\/coeser.de\/blog\/?s={search_term_string}"},"query-input":{"@type":"PropertyValueSpecification","valueRequired":true,"valueName":"search_term_string"}}],"inLanguage":"de"},{"@type":["Person","Organization"],"@id":"https:\/\/coeser.de\/blog\/#\/schema\/person\/fda1d253389076b2cadc3d47018cf315","name":"Christian \u00d6ser","image":{"@type":"ImageObject","inLanguage":"de","@id":"https:\/\/coeser.de\/blog\/wp-content\/uploads\/2016\/08\/logo-fern-und-nah-christian-oeser-4.jpg","url":"https:\/\/coeser.de\/blog\/wp-content\/uploads\/2016\/08\/logo-fern-und-nah-christian-oeser-4.jpg","contentUrl":"https:\/\/coeser.de\/blog\/wp-content\/uploads\/2016\/08\/logo-fern-und-nah-christian-oeser-4.jpg","width":1090,"height":245,"caption":"Christian \u00d6ser"},"logo":{"@id":"https:\/\/coeser.de\/blog\/wp-content\/uploads\/2016\/08\/logo-fern-und-nah-christian-oeser-4.jpg"},"sameAs":["http:\/\/www.coeser.de","Christian \u00d6ser","https:\/\/www.instagram.com\/coeser_de\/","https:\/\/www.pinterest.at\/nightline5\/"],"url":"https:\/\/coeser.de\/blog\/index.php\/author\/coeser\/"}]}},"jetpack_featured_media_url":"https:\/\/coeser.de\/blog\/wp-content\/uploads\/2018\/10\/muckenkogel-lilienfeld-aufmacher-christian-oeser.jpg","jetpack-related-posts":[{"id":13892,"url":"https:\/\/coeser.de\/blog\/index.php\/2019\/12\/31\/europa-26-grandiose-reiseideen-fuer-2020\/","url_meta":{"origin":9899,"position":0},"title":"Europa: 26 grandiose Reiseideen f\u00fcr 2020","author":"Christian \u00d6ser","date":"31. Dezember 2019","format":false,"excerpt":"Alle Jahre wieder neigt sich das aktuelle Jahr zu Ende. Doch jedes Ende ist auch ein Anfang \u2013 und zwar f\u00fcr den Start der zuk\u00fcnftigen Reiseplanungen! Wie sieht es bei euch aus, habt ihr schon jede Menge Reiseziele im Kopf, die ihr unbedingt bald einmal mit eigenen Augen sehen wollt?\u2026","rel":"","context":"In &quot;EUROPA&quot;","block_context":{"text":"EUROPA","link":"https:\/\/coeser.de\/blog\/index.php\/category\/europa\/"},"img":{"alt_text":"","src":"https:\/\/i0.wp.com\/coeser.de\/blog\/wp-content\/uploads\/2019\/12\/reisetipps-reiseinspiration-fotospots-2020-aufmacher-christian-oeser.jpg?resize=350%2C200&ssl=1","width":350,"height":200,"srcset":"https:\/\/i0.wp.com\/coeser.de\/blog\/wp-content\/uploads\/2019\/12\/reisetipps-reiseinspiration-fotospots-2020-aufmacher-christian-oeser.jpg?resize=350%2C200&ssl=1 1x, https:\/\/i0.wp.com\/coeser.de\/blog\/wp-content\/uploads\/2019\/12\/reisetipps-reiseinspiration-fotospots-2020-aufmacher-christian-oeser.jpg?resize=525%2C300&ssl=1 1.5x, https:\/\/i0.wp.com\/coeser.de\/blog\/wp-content\/uploads\/2019\/12\/reisetipps-reiseinspiration-fotospots-2020-aufmacher-christian-oeser.jpg?resize=700%2C400&ssl=1 2x"},"classes":[]},{"id":16392,"url":"https:\/\/coeser.de\/blog\/index.php\/2020\/10\/27\/herbsttour-woerschachklamm\/","url_meta":{"origin":9899,"position":1},"title":"Herbsttour durch die W\u00f6rschachklamm","author":"Christian \u00d6ser","date":"27. Oktober 2020","format":false,"excerpt":"Klammen \u00fcben schon seit meiner Kindheit einen ganz besonderen Reiz auf mich aus. Die W\u00f6rschachklamm in der Steiermark bildet da keine Ausnahme, auch wenn sie nicht sonderlich lang ist. Daf\u00fcr punktet sie mit einem enorm attraktiven Wegverlauf, der nach dem Ende der Klamm noch um zwei attraktive Wanderungen erg\u00e4nzt werden\u2026","rel":"","context":"In &quot;\u00d6STERREICH&quot;","block_context":{"text":"\u00d6STERREICH","link":"https:\/\/coeser.de\/blog\/index.php\/category\/europa\/oesterreich\/"},"img":{"alt_text":"Wanderung durch die W\u00f6rschachklamm","src":"https:\/\/i0.wp.com\/coeser.de\/blog\/wp-content\/uploads\/2020\/10\/woerschachklamm-aufmacher-christian-oeser.jpg?resize=350%2C200&ssl=1","width":350,"height":200,"srcset":"https:\/\/i0.wp.com\/coeser.de\/blog\/wp-content\/uploads\/2020\/10\/woerschachklamm-aufmacher-christian-oeser.jpg?resize=350%2C200&ssl=1 1x, https:\/\/i0.wp.com\/coeser.de\/blog\/wp-content\/uploads\/2020\/10\/woerschachklamm-aufmacher-christian-oeser.jpg?resize=525%2C300&ssl=1 1.5x, https:\/\/i0.wp.com\/coeser.de\/blog\/wp-content\/uploads\/2020\/10\/woerschachklamm-aufmacher-christian-oeser.jpg?resize=700%2C400&ssl=1 2x"},"classes":[]},{"id":4661,"url":"https:\/\/coeser.de\/blog\/index.php\/2017\/09\/26\/idylle-pur-ursprungalm-und-giglachseen\/","url_meta":{"origin":9899,"position":2},"title":"Idylle pur: Ursprungalm und Giglachseen","author":"Christian \u00d6ser","date":"26. September 2017","format":false,"excerpt":"Was gibt es Sch\u00f6neres als eine Wanderung zu einem wundervollen See in den Bergen? In einem angenehmen Sommermonat g\u00f6nnte ich mir alleine eine Woche Urlaub in der Region Schladming-Dachstein und plante dabei einige spannende Wanderungen ein. Eine davon f\u00fchrt von der wildromantischen Ursprungalm hinauf zu den Giglachseen, die kitschig eingebettet\u2026","rel":"","context":"In &quot;\u00d6STERREICH&quot;","block_context":{"text":"\u00d6STERREICH","link":"https:\/\/coeser.de\/blog\/index.php\/category\/europa\/oesterreich\/"},"img":{"alt_text":"Giglachseen nahe der Ursprungalm","src":"https:\/\/i0.wp.com\/coeser.de\/blog\/wp-content\/uploads\/2017\/09\/giglachseen-ursprungalm-aufmacher-christian-oeser.jpg?resize=350%2C200&ssl=1","width":350,"height":200,"srcset":"https:\/\/i0.wp.com\/coeser.de\/blog\/wp-content\/uploads\/2017\/09\/giglachseen-ursprungalm-aufmacher-christian-oeser.jpg?resize=350%2C200&ssl=1 1x, https:\/\/i0.wp.com\/coeser.de\/blog\/wp-content\/uploads\/2017\/09\/giglachseen-ursprungalm-aufmacher-christian-oeser.jpg?resize=525%2C300&ssl=1 1.5x, https:\/\/i0.wp.com\/coeser.de\/blog\/wp-content\/uploads\/2017\/09\/giglachseen-ursprungalm-aufmacher-christian-oeser.jpg?resize=700%2C400&ssl=1 2x"},"classes":[]},{"id":17106,"url":"https:\/\/coeser.de\/blog\/index.php\/2021\/10\/05\/grosser-scheibelsee-himmlische-wanderung\/","url_meta":{"origin":9899,"position":3},"title":"Scheibelsee: Eine himmlische Wanderung","author":"Christian \u00d6ser","date":"5. Oktober 2021","format":false,"excerpt":"\"Dem Himmel ein St\u00fcck n\u00e4her\" \u2013 mit diesem einpr\u00e4gsamen Slogan wirbt die kleine \u00f6sterreichische Gemeinde Hohentauern in der Steiermark um G\u00e4ste. Meine Neugierde war jedenfalls geweckt und gemeinsam mit meiner Freundin machte ich mich auf den Weg ins Murtal, um uns vom Trubel der Gro\u00dfstadt zu erholen und neue Kraft\u2026","rel":"","context":"In &quot;\u00d6STERREICH&quot;","block_context":{"text":"\u00d6STERREICH","link":"https:\/\/coeser.de\/blog\/index.php\/category\/europa\/oesterreich\/"},"img":{"alt_text":"Holzbank am Gro\u00dfen Scheibelsee in Hohentauern","src":"https:\/\/i0.wp.com\/coeser.de\/blog\/wp-content\/uploads\/2021\/10\/hohentauern-scheibelsee-aufmacher-christian-oeser.jpg?resize=350%2C200&ssl=1","width":350,"height":200,"srcset":"https:\/\/i0.wp.com\/coeser.de\/blog\/wp-content\/uploads\/2021\/10\/hohentauern-scheibelsee-aufmacher-christian-oeser.jpg?resize=350%2C200&ssl=1 1x, https:\/\/i0.wp.com\/coeser.de\/blog\/wp-content\/uploads\/2021\/10\/hohentauern-scheibelsee-aufmacher-christian-oeser.jpg?resize=525%2C300&ssl=1 1.5x, https:\/\/i0.wp.com\/coeser.de\/blog\/wp-content\/uploads\/2021\/10\/hohentauern-scheibelsee-aufmacher-christian-oeser.jpg?resize=700%2C400&ssl=1 2x"},"classes":[]},{"id":15591,"url":"https:\/\/coeser.de\/blog\/index.php\/2020\/06\/09\/neualplseen-wandertraum-in-osttirol\/","url_meta":{"origin":9899,"position":4},"title":"Neualplseen: Wandertraum in Osttirol","author":"Christian \u00d6ser","date":"9. Juni 2020","format":false,"excerpt":"Wenn es um Urlaub in \u00d6sterreich geht, hat man immer die Qual der Wahl. Jedes der neun Bundesl\u00e4nder bietet derart viel, dass es gar nicht so einfach ist, sich f\u00fcr eine Destination zu entscheiden. Ein Ort in Osttirol hat es mir aber besonders angetan: die Neualplseen in der N\u00e4he der\u2026","rel":"","context":"In &quot;\u00d6STERREICH&quot;","block_context":{"text":"\u00d6STERREICH","link":"https:\/\/coeser.de\/blog\/index.php\/category\/europa\/oesterreich\/"},"img":{"alt_text":"Die Neualplseen auf dem Zettersfeld in Osttirol","src":"https:\/\/i0.wp.com\/coeser.de\/blog\/wp-content\/uploads\/2020\/06\/neualplseen-osttirol-aufmacher-christian-oeser.jpg?resize=350%2C200&ssl=1","width":350,"height":200,"srcset":"https:\/\/i0.wp.com\/coeser.de\/blog\/wp-content\/uploads\/2020\/06\/neualplseen-osttirol-aufmacher-christian-oeser.jpg?resize=350%2C200&ssl=1 1x, https:\/\/i0.wp.com\/coeser.de\/blog\/wp-content\/uploads\/2020\/06\/neualplseen-osttirol-aufmacher-christian-oeser.jpg?resize=525%2C300&ssl=1 1.5x, https:\/\/i0.wp.com\/coeser.de\/blog\/wp-content\/uploads\/2020\/06\/neualplseen-osttirol-aufmacher-christian-oeser.jpg?resize=700%2C400&ssl=1 2x"},"classes":[]},{"id":16059,"url":"https:\/\/coeser.de\/blog\/index.php\/2020\/08\/25\/bielerhoehe-ein-stausee-fuer-das-auge\/","url_meta":{"origin":9899,"position":5},"title":"Bielerh\u00f6he: Ein Stausee f\u00fcr das Auge","author":"Christian \u00d6ser","date":"25. August 2020","format":false,"excerpt":"Staubecken im hochalpinen Raum werden ja eigentlich f\u00fcr die Stromgewinnung mittels Wasserkraft errichtet. Der Silvretta-Stausee in Vorarlberg liegt allerdings so sch\u00f6n in der Bergwelt eingebettet, dass eine \u00d6ffnung f\u00fcr den Tourismus absolut logisch erschien. \u00dcber die ber\u00fchmte Silvretta-Hochalpenstra\u00dfe geht es hoch hinauf zur Bielerh\u00f6he, wo ein Rundweg um den t\u00fcrkisfarbenen\u2026","rel":"","context":"In &quot;\u00d6STERREICH&quot;","block_context":{"text":"\u00d6STERREICH","link":"https:\/\/coeser.de\/blog\/index.php\/category\/europa\/oesterreich\/"},"img":{"alt_text":"Rundwanderweg Silvretta-Stausee auf der Bielerh\u00f6he","src":"https:\/\/i0.wp.com\/coeser.de\/blog\/wp-content\/uploads\/2020\/08\/bielerhoehe-silvretta-stausee-aufmacher-christian-oeser.jpg?resize=350%2C200&ssl=1","width":350,"height":200,"srcset":"https:\/\/i0.wp.com\/coeser.de\/blog\/wp-content\/uploads\/2020\/08\/bielerhoehe-silvretta-stausee-aufmacher-christian-oeser.jpg?resize=350%2C200&ssl=1 1x, https:\/\/i0.wp.com\/coeser.de\/blog\/wp-content\/uploads\/2020\/08\/bielerhoehe-silvretta-stausee-aufmacher-christian-oeser.jpg?resize=525%2C300&ssl=1 1.5x, https:\/\/i0.wp.com\/coeser.de\/blog\/wp-content\/uploads\/2020\/08\/bielerhoehe-silvretta-stausee-aufmacher-christian-oeser.jpg?resize=700%2C400&ssl=1 2x"},"classes":[]}],"jetpack_sharing_enabled":true,"_links":{"self":[{"href":"https:\/\/coeser.de\/blog\/index.php\/wp-json\/wp\/v2\/posts\/9899","targetHints":{"allow":["GET"]}}],"collection":[{"href":"https:\/\/coeser.de\/blog\/index.php\/wp-json\/wp\/v2\/posts"}],"about":[{"href":"https:\/\/coeser.de\/blog\/index.php\/wp-json\/wp\/v2\/types\/post"}],"author":[{"embeddable":true,"href":"https:\/\/coeser.de\/blog\/index.php\/wp-json\/wp\/v2\/users\/1"}],"replies":[{"embeddable":true,"href":"https:\/\/coeser.de\/blog\/index.php\/wp-json\/wp\/v2\/comments?post=9899"}],"version-history":[{"count":2,"href":"https:\/\/coeser.de\/blog\/index.php\/wp-json\/wp\/v2\/posts\/9899\/revisions"}],"predecessor-version":[{"id":21722,"href":"https:\/\/coeser.de\/blog\/index.php\/wp-json\/wp\/v2\/posts\/9899\/revisions\/21722"}],"wp:featuredmedia":[{"embeddable":true,"href":"https:\/\/coeser.de\/blog\/index.php\/wp-json\/wp\/v2\/media\/9903"}],"wp:attachment":[{"href":"https:\/\/coeser.de\/blog\/index.php\/wp-json\/wp\/v2\/media?parent=9899"}],"wp:term":[{"taxonomy":"category","embeddable":true,"href":"https:\/\/coeser.de\/blog\/index.php\/wp-json\/wp\/v2\/categories?post=9899"},{"taxonomy":"post_tag","embeddable":true,"href":"https:\/\/coeser.de\/blog\/index.php\/wp-json\/wp\/v2\/tags?post=9899"}],"curies":[{"name":"wp","href":"https:\/\/api.w.org\/{rel}","templated":true}]}}